{"id":103,"date":"2015-05-20T15:18:00","date_gmt":"2015-05-20T13:18:00","guid":{"rendered":"http:\/\/idnu.ch\/wordpress\/klettern-mit-kindern-um-meiringen\/"},"modified":"2023-10-27T14:52:07","modified_gmt":"2023-10-27T12:52:07","slug":"klettern-mit-kindern-um-meiringen","status":"publish","type":"post","link":"https:\/\/idnu.ch\/wordpress\/klettern-mit-kindern-um-meiringen\/","title":{"rendered":"Klettern mit Kindern um Meiringen"},"content":{"rendered":"<p><b>Meiringen ist so was wie die &#8222;Hauptstadt der Kletterer&#8220;. Auf kleinstem Raum findet man alle m\u00f6glichen Spielarten und Schwierigkeiten der Kletterei, von Kletterg\u00e4rten f\u00fcr Anf\u00e4nger bis zu den extremen Mehrseill\u00e4ngenrouten an den Wendenst\u00f6cken. Zum Saisonanfang f\u00fchlen wir uns eher zu ersteren hingezogen.<\/b><\/p>\n<figure id=\"attachment_3448\" aria-describedby=\"caption-attachment-3448\" style=\"width: 1600px\" class=\"wp-caption aligncenter\"><a href=\"https:\/\/i0.wp.com\/idnu.ch\/wordpress\/wp-content\/uploads\/2015\/05\/DSC_0335.jpg?ssl=1\"><img data-recalc-dims=\"1\" loading=\"lazy\" decoding=\"async\" data-attachment-id=\"3448\" data-permalink=\"https:\/\/idnu.ch\/wordpress\/klettern-mit-kindern-um-meiringen\/dsc_0335\/#main\" data-orig-file=\"https:\/\/i0.wp.com\/idnu.ch\/wordpress\/wp-content\/uploads\/2015\/05\/DSC_0335.jpg?fit=1600%2C900&amp;ssl=1\" data-orig-size=\"1600,900\" data-comments-opened=\"1\" data-image-meta=\"{&quot;aperture&quot;:&quot;2&quot;,&quot;credit&quot;:&quot;&quot;,&quot;camera&quot;:&quot;D6503&quot;,&quot;caption&quot;:&quot;&quot;,&quot;created_timestamp&quot;:&quot;1431595498&quot;,&quot;copyright&quot;:&quot;&quot;,&quot;focal_length&quot;:&quot;4.9&quot;,&quot;iso&quot;:&quot;50&quot;,&quot;shutter_speed&quot;:&quot;0.000625&quot;,&quot;title&quot;:&quot;&quot;,&quot;orientation&quot;:&quot;1&quot;}\" data-image-title=\"Blick auf Meiringen vom Klettergarten Rotsteini aus\" data-image-description=\"\" data-image-caption=\"&lt;p&gt;Blick auf Meiringen vom Klettergarten Rotsteini aus&lt;\/p&gt;\n\" data-large-file=\"https:\/\/i0.wp.com\/idnu.ch\/wordpress\/wp-content\/uploads\/2015\/05\/DSC_0335.jpg?fit=750%2C422&amp;ssl=1\" class=\"wp-image-3448 size-full\" src=\"https:\/\/i0.wp.com\/idnu.ch\/wordpress\/wp-content\/uploads\/2015\/05\/DSC_0335.jpg?resize=750%2C422&#038;ssl=1\" alt=\"Blick auf Meiringen vom Klettergarten Rotsteini aus\" width=\"750\" height=\"422\" srcset=\"https:\/\/i0.wp.com\/idnu.ch\/wordpress\/wp-content\/uploads\/2015\/05\/DSC_0335.jpg?w=1600&amp;ssl=1 1600w, https:\/\/i0.wp.com\/idnu.ch\/wordpress\/wp-content\/uploads\/2015\/05\/DSC_0335.jpg?resize=300%2C169&amp;ssl=1 300w, https:\/\/i0.wp.com\/idnu.ch\/wordpress\/wp-content\/uploads\/2015\/05\/DSC_0335.jpg?resize=768%2C432&amp;ssl=1 768w, https:\/\/i0.wp.com\/idnu.ch\/wordpress\/wp-content\/uploads\/2015\/05\/DSC_0335.jpg?resize=1024%2C576&amp;ssl=1 1024w, https:\/\/i0.wp.com\/idnu.ch\/wordpress\/wp-content\/uploads\/2015\/05\/DSC_0335.jpg?resize=178%2C100&amp;ssl=1 178w, https:\/\/i0.wp.com\/idnu.ch\/wordpress\/wp-content\/uploads\/2015\/05\/DSC_0335.jpg?w=1500&amp;ssl=1 1500w\" sizes=\"auto, (max-width: 750px) 100vw, 750px\" \/><\/a><figcaption id=\"caption-attachment-3448\" class=\"wp-caption-text\">Blick auf Meiringen vom Klettergarten Rotsteini aus<\/figcaption><\/figure>\n<h2>Klettereldorado Haslital<\/h2>\n<p>Was es nicht alles zu klettern gibt um Meiringen herum: Die Kletterg\u00e4rten,\u00a0die <a href=\"https:\/\/i0.wp.com\/idnu.ch\/wordpress\/wp-content\/uploads\/2016\/04\/weidh15_0019.jpg?ssl=1\"><img data-recalc-dims=\"1\" loading=\"lazy\" decoding=\"async\" data-attachment-id=\"3439\" data-permalink=\"https:\/\/idnu.ch\/wordpress\/klettern-mit-kindern-um-meiringen\/weidh15_0019\/#main\" data-orig-file=\"https:\/\/i0.wp.com\/idnu.ch\/wordpress\/wp-content\/uploads\/2016\/04\/weidh15_0019.jpg?fit=576%2C768&amp;ssl=1\" data-orig-size=\"576,768\" data-comments-opened=\"1\" data-image-meta=\"{&quot;aperture&quot;:&quot;0&quot;,&quot;credit&quot;:&quot;&quot;,&quot;camera&quot;:&quot;&quot;,&quot;caption&quot;:&quot;&quot;,&quot;created_timestamp&quot;:&quot;0&quot;,&quot;copyright&quot;:&quot;&quot;,&quot;focal_length&quot;:&quot;0&quot;,&quot;iso&quot;:&quot;0&quot;,&quot;shutter_speed&quot;:&quot;0&quot;,&quot;title&quot;:&quot;&quot;,&quot;orientation&quot;:&quot;0&quot;}\" data-image-title=\"weidh15_0019\" data-image-description=\"\" data-image-caption=\"\" data-large-file=\"https:\/\/i0.wp.com\/idnu.ch\/wordpress\/wp-content\/uploads\/2016\/04\/weidh15_0019.jpg?fit=576%2C768&amp;ssl=1\" class=\"alignright size-medium wp-image-3439\" src=\"https:\/\/i0.wp.com\/idnu.ch\/wordpress\/wp-content\/uploads\/2016\/04\/weidh15_0019.jpg?resize=225%2C300&#038;ssl=1\" alt=\"weidh15_0019\" width=\"225\" height=\"300\" srcset=\"https:\/\/i0.wp.com\/idnu.ch\/wordpress\/wp-content\/uploads\/2016\/04\/weidh15_0019.jpg?resize=225%2C300&amp;ssl=1 225w, https:\/\/i0.wp.com\/idnu.ch\/wordpress\/wp-content\/uploads\/2016\/04\/weidh15_0019.jpg?resize=75%2C100&amp;ssl=1 75w, https:\/\/i0.wp.com\/idnu.ch\/wordpress\/wp-content\/uploads\/2016\/04\/weidh15_0019.jpg?w=576&amp;ssl=1 576w\" sizes=\"auto, (max-width: 225px) 100vw, 225px\" \/><\/a>Engelh\u00f6rner,\u00a0das\u00a0Topklettergebiet unserer Grossv\u00e4ter, locken auch heute noch mit modernen Klettereien, die Extremrouten an den Wendenst\u00f6cken, die einfachen Mehrseill\u00e4ngenrouten im Steingletscher am Susten, die Reibungsklettergebiete der Handegg mit dem Klassiker &#8222;Fair Hands Line&#8220;, die einfachen Platten am R\u00e4terichsbodensee, die extremen Reibungsklettereien des &#8222;El Dorado&#8220; am Unteraarstausee. Und ob Granit oder Kalk, man findet beides in H\u00fclle und F\u00fclle.<\/p>\n<h2>Klettern in Meiringen<\/h2>\n<p>Wir entscheiden uns aber f\u00fcr das Naheliegendste: Den Klettergarten Rotsteini. Dieser liegt zwischen Meiringen und Hasliberg Hohfluh und ist gut zu Fuss in einer halben Stunde erreichbar. Direkt an der Waldstrasse (mit Motorfahrzeugverbot) liegt ein grosser Felsblock. An diesem gibt es mehrere einfache Routen f\u00fcr Anf\u00e4nger. Das Gel\u00e4nde ist \u00fcberschaubar und es gibt auf der Strassenseite keine Absturzgefahr, so dass man auch problemlos Kleinkinder mitnehmen kann (aber Vorsicht wegen den Bikern, die hier zahlreich vorbei fahren). Wir entscheiden uns jedoch f\u00fcr den oberen Felsen, der ebenfalls Routen f\u00fcr Anf\u00e4nger bereith\u00e4lt, aber auch Kletterer anspricht, bei denen erst bei 6c Schluss ist. Das Gel\u00e4nde hier ist nicht mehr kindertauglich, es besteht Absturzgefahr, die mit einem Seilgel\u00e4nder etwas entsch\u00e4rft wurde.<\/p>\n<div class=\"tiled-gallery type-rectangular tiled-gallery-unresized\" data-original-width=\"750\" data-carousel-extra='{&quot;blog_id&quot;:1,&quot;permalink&quot;:&quot;https:\\\/\\\/idnu.ch\\\/wordpress\\\/klettern-mit-kindern-um-meiringen\\\/&quot;,&quot;likes_blog_id&quot;:100184974}' itemscope itemtype=\"http:\/\/schema.org\/ImageGallery\" > <div class=\"gallery-row\" style=\"width: 750px; height: 398px;\" data-original-width=\"750\" data-original-height=\"398\" > <div class=\"gallery-group images-1\" style=\"width: 226px; height: 398px;\" data-original-width=\"226\" data-original-height=\"398\" > <div class=\"tiled-gallery-item tiled-gallery-item-small\" itemprop=\"associatedMedia\" itemscope itemtype=\"http:\/\/schema.org\/ImageObject\"> <a href=\"https:\/\/idnu.ch\/wordpress\/dsc_0334\/\" border=\"0\" itemprop=\"url\"> <meta itemprop=\"width\" content=\"222\"> <meta itemprop=\"height\" content=\"394\"> <img decoding=\"async\" class=\"\" data-attachment-id=\"3444\" data-orig-file=\"https:\/\/idnu.ch\/wordpress\/wp-content\/uploads\/2016\/04\/DSC_0334.jpg\" data-orig-size=\"900,1600\" data-comments-opened=\"1\" data-image-meta=\"{&quot;aperture&quot;:&quot;2&quot;,&quot;credit&quot;:&quot;&quot;,&quot;camera&quot;:&quot;D6503&quot;,&quot;caption&quot;:&quot;&quot;,&quot;created_timestamp&quot;:&quot;1431595253&quot;,&quot;copyright&quot;:&quot;&quot;,&quot;focal_length&quot;:&quot;4.9&quot;,&quot;iso&quot;:&quot;50&quot;,&quot;shutter_speed&quot;:&quot;0.001&quot;,&quot;title&quot;:&quot;&quot;,&quot;orientation&quot;:&quot;1&quot;}\" data-image-title=\"DSC_0334\" data-image-description=\"\" data-medium-file=\"https:\/\/i0.wp.com\/idnu.ch\/wordpress\/wp-content\/uploads\/2016\/04\/DSC_0334.jpg?fit=169%2C300&#038;ssl=1\" data-large-file=\"https:\/\/i0.wp.com\/idnu.ch\/wordpress\/wp-content\/uploads\/2016\/04\/DSC_0334.jpg?fit=576%2C1024&#038;ssl=1\" src=\"https:\/\/i0.wp.com\/idnu.ch\/wordpress\/wp-content\/uploads\/2016\/04\/DSC_0334.jpg?w=222&#038;h=394&#038;ssl=1\" srcset=\"https:\/\/i0.wp.com\/idnu.ch\/wordpress\/wp-content\/uploads\/2016\/04\/DSC_0334.jpg?w=900&amp;ssl=1 900w, https:\/\/i0.wp.com\/idnu.ch\/wordpress\/wp-content\/uploads\/2016\/04\/DSC_0334.jpg?resize=169%2C300&amp;ssl=1 169w, https:\/\/i0.wp.com\/idnu.ch\/wordpress\/wp-content\/uploads\/2016\/04\/DSC_0334.jpg?resize=768%2C1365&amp;ssl=1 768w, https:\/\/i0.wp.com\/idnu.ch\/wordpress\/wp-content\/uploads\/2016\/04\/DSC_0334.jpg?resize=576%2C1024&amp;ssl=1 576w, https:\/\/i0.wp.com\/idnu.ch\/wordpress\/wp-content\/uploads\/2016\/04\/DSC_0334.jpg?resize=56%2C100&amp;ssl=1 56w\" width=\"222\" height=\"394\" loading=\"lazy\" data-original-width=\"222\" data-original-height=\"394\" itemprop=\"http:\/\/schema.org\/image\" title=\"DSC_0334\" alt=\"DSC_0334\" style=\"width: 222px; height: 394px;\" \/> <\/a> <\/div> <\/div> <!-- close group --> <div class=\"gallery-group images-1\" style=\"width: 225px; height: 398px;\" data-original-width=\"225\" data-original-height=\"398\" > <div class=\"tiled-gallery-item tiled-gallery-item-small\" itemprop=\"associatedMedia\" itemscope itemtype=\"http:\/\/schema.org\/ImageObject\"> <a href=\"https:\/\/idnu.ch\/wordpress\/dsc_0333\/\" border=\"0\" itemprop=\"url\"> <meta itemprop=\"width\" content=\"221\"> <meta itemprop=\"height\" content=\"394\"> <img decoding=\"async\" class=\"\" data-attachment-id=\"3443\" data-orig-file=\"https:\/\/idnu.ch\/wordpress\/wp-content\/uploads\/2016\/04\/DSC_0333.jpg\" data-orig-size=\"900,1600\" data-comments-opened=\"1\" data-image-meta=\"{&quot;aperture&quot;:&quot;2&quot;,&quot;credit&quot;:&quot;&quot;,&quot;camera&quot;:&quot;D6503&quot;,&quot;caption&quot;:&quot;&quot;,&quot;created_timestamp&quot;:&quot;1431595224&quot;,&quot;copyright&quot;:&quot;&quot;,&quot;focal_length&quot;:&quot;4.9&quot;,&quot;iso&quot;:&quot;50&quot;,&quot;shutter_speed&quot;:&quot;0.001&quot;,&quot;title&quot;:&quot;&quot;,&quot;orientation&quot;:&quot;1&quot;}\" data-image-title=\"DSC_0333\" data-image-description=\"\" data-medium-file=\"https:\/\/i0.wp.com\/idnu.ch\/wordpress\/wp-content\/uploads\/2016\/04\/DSC_0333.jpg?fit=169%2C300&#038;ssl=1\" data-large-file=\"https:\/\/i0.wp.com\/idnu.ch\/wordpress\/wp-content\/uploads\/2016\/04\/DSC_0333.jpg?fit=576%2C1024&#038;ssl=1\" src=\"https:\/\/i0.wp.com\/idnu.ch\/wordpress\/wp-content\/uploads\/2016\/04\/DSC_0333.jpg?w=221&#038;h=394&#038;ssl=1\" srcset=\"https:\/\/i0.wp.com\/idnu.ch\/wordpress\/wp-content\/uploads\/2016\/04\/DSC_0333.jpg?w=900&amp;ssl=1 900w, https:\/\/i0.wp.com\/idnu.ch\/wordpress\/wp-content\/uploads\/2016\/04\/DSC_0333.jpg?resize=169%2C300&amp;ssl=1 169w, https:\/\/i0.wp.com\/idnu.ch\/wordpress\/wp-content\/uploads\/2016\/04\/DSC_0333.jpg?resize=768%2C1365&amp;ssl=1 768w, https:\/\/i0.wp.com\/idnu.ch\/wordpress\/wp-content\/uploads\/2016\/04\/DSC_0333.jpg?resize=576%2C1024&amp;ssl=1 576w, https:\/\/i0.wp.com\/idnu.ch\/wordpress\/wp-content\/uploads\/2016\/04\/DSC_0333.jpg?resize=56%2C100&amp;ssl=1 56w\" width=\"221\" height=\"394\" loading=\"lazy\" data-original-width=\"221\" data-original-height=\"394\" itemprop=\"http:\/\/schema.org\/image\" title=\"DSC_0333\" alt=\"DSC_0333\" style=\"width: 221px; height: 394px;\" \/> <\/a> <\/div> <\/div> <!-- close group --> <div class=\"gallery-group images-1\" style=\"width: 299px; height: 398px;\" data-original-width=\"299\" data-original-height=\"398\" > <div class=\"tiled-gallery-item tiled-gallery-item-large\" itemprop=\"associatedMedia\" itemscope itemtype=\"http:\/\/schema.org\/ImageObject\"> <a href=\"https:\/\/idnu.ch\/wordpress\/klettern-mit-kindern-um-meiringen\/weidh15_0020\/#main\" border=\"0\" itemprop=\"url\"> <meta itemprop=\"width\" content=\"295\"> <meta itemprop=\"height\" content=\"394\"> <img decoding=\"async\" class=\"\" data-attachment-id=\"3446\" data-orig-file=\"https:\/\/idnu.ch\/wordpress\/wp-content\/uploads\/2015\/05\/weidh15_0020.jpg\" data-orig-size=\"576,768\" data-comments-opened=\"1\" data-image-meta=\"{&quot;aperture&quot;:&quot;0&quot;,&quot;credit&quot;:&quot;&quot;,&quot;camera&quot;:&quot;&quot;,&quot;caption&quot;:&quot;&quot;,&quot;created_timestamp&quot;:&quot;0&quot;,&quot;copyright&quot;:&quot;&quot;,&quot;focal_length&quot;:&quot;0&quot;,&quot;iso&quot;:&quot;0&quot;,&quot;shutter_speed&quot;:&quot;0&quot;,&quot;title&quot;:&quot;&quot;,&quot;orientation&quot;:&quot;0&quot;}\" data-image-title=\"weidh15_0020\" data-image-description=\"\" data-medium-file=\"https:\/\/i0.wp.com\/idnu.ch\/wordpress\/wp-content\/uploads\/2015\/05\/weidh15_0020.jpg?fit=225%2C300&#038;ssl=1\" data-large-file=\"https:\/\/i0.wp.com\/idnu.ch\/wordpress\/wp-content\/uploads\/2015\/05\/weidh15_0020.jpg?fit=576%2C768&#038;ssl=1\" src=\"https:\/\/i0.wp.com\/idnu.ch\/wordpress\/wp-content\/uploads\/2015\/05\/weidh15_0020.jpg?w=295&#038;h=394&#038;ssl=1\" srcset=\"https:\/\/i0.wp.com\/idnu.ch\/wordpress\/wp-content\/uploads\/2015\/05\/weidh15_0020.jpg?w=576&amp;ssl=1 576w, https:\/\/i0.wp.com\/idnu.ch\/wordpress\/wp-content\/uploads\/2015\/05\/weidh15_0020.jpg?resize=225%2C300&amp;ssl=1 225w, https:\/\/i0.wp.com\/idnu.ch\/wordpress\/wp-content\/uploads\/2015\/05\/weidh15_0020.jpg?resize=75%2C100&amp;ssl=1 75w\" width=\"295\" height=\"394\" loading=\"lazy\" data-original-width=\"295\" data-original-height=\"394\" itemprop=\"http:\/\/schema.org\/image\" title=\"weidh15_0020\" alt=\"weidh15_0020\" style=\"width: 295px; height: 394px;\" \/> <\/a> <\/div> <\/div> <!-- close group --> <\/div> <!-- close row --> <\/div>\n<div style=\"clear: both; text-align: center;\"><\/div>\n<h3>Abwechslungsreiche Kletterei<\/h3>\n<p>Obwohl hier sehr viel geklettert wird, ist der Fels gut und griffig, nicht abgespeckt, wie man es von den Jurakletterg\u00e4rten her kennt. Die Wand ist zweigeteilt, die untere H\u00e4lfte weist einfache Routen um 4 auf, die obere die erw\u00e4hnten Routen der sch\u00e4rferen Gangart. Zum Einklettern w\u00e4hlen wir eine gut strukturierte L\u00e4nge. L\u00f6cher, Seitgriffe, Aufleger, Leisten, alles wird uns geboten. Es ist ein wahrer Genuss, hier zu klettern! Am gut eingerichteten Stand k\u00f6nnen wir wieder abseilen. Die Kinder k\u00f6nnen hier ebenfalls problemlos klettern. Am rechten Rand des Klettergartens zieht sich eine Route hoch bis zuoberst, die Schwierigkeit liegt bei 5a. Die Kletterei ist auch hier sehr abwechslungsreich und sch\u00f6n. Fabian klettert diese ebenfalls bis zur H\u00e4lfte im Vorstieg. Was bisher nicht erw\u00e4hnt wurde: Die Aussicht! Von diesem Felskopf, der aus dem Wald herausragt, hat man eine wunderbare Aussicht auf Meiringen und die Engelh\u00f6rner. Man hat nun die Wahl, wieder abzuseilen (was nicht empfehlenswert ist, wenn noch andere Leute hier klettern) oder abzusteigen.<\/p>\n<p>Nachdem sich nun auch andere Gruppen eingefunden haben, ziehen wir uns wieder zur\u00fcck und gehen zum ersten Felsen an der Strasse. Wir klettern an der Seite, wo etwas schwierigere Routen eingebohrt sind. Viel geklettert wird hier scheinbar nicht, die Griffe sind noch dreckig und mit Spinnweben \u00fcberzogen. Macht nichts. Nach etwa drei Routen haben wir genug und kehren zur\u00fcck.<\/p>\n<div class=\"tiled-gallery type-rectangular tiled-gallery-unresized\" data-original-width=\"750\" data-carousel-extra='{&quot;blog_id&quot;:1,&quot;permalink&quot;:&quot;https:\\\/\\\/idnu.ch\\\/wordpress\\\/klettern-mit-kindern-um-meiringen\\\/&quot;,&quot;likes_blog_id&quot;:100184974}' itemscope itemtype=\"http:\/\/schema.org\/ImageGallery\" > <div class=\"gallery-row\" style=\"width: 750px; height: 332px;\" data-original-width=\"750\" data-original-height=\"332\" > <div class=\"gallery-group images-1\" style=\"width: 250px; height: 332px;\" data-original-width=\"250\" data-original-height=\"332\" > <div class=\"tiled-gallery-item tiled-gallery-item-small\" itemprop=\"associatedMedia\" itemscope itemtype=\"http:\/\/schema.org\/ImageObject\"> <a href=\"https:\/\/idnu.ch\/wordpress\/klettern-mit-kindern-um-meiringen\/weidh15_0025\/#main\" border=\"0\" itemprop=\"url\"> <meta itemprop=\"width\" content=\"246\"> <meta itemprop=\"height\" content=\"328\"> <img decoding=\"async\" class=\"\" data-attachment-id=\"3447\" data-orig-file=\"https:\/\/idnu.ch\/wordpress\/wp-content\/uploads\/2015\/05\/weidh15_0025.jpg\" data-orig-size=\"576,768\" data-comments-opened=\"1\" data-image-meta=\"{&quot;aperture&quot;:&quot;0&quot;,&quot;credit&quot;:&quot;&quot;,&quot;camera&quot;:&quot;&quot;,&quot;caption&quot;:&quot;&quot;,&quot;created_timestamp&quot;:&quot;0&quot;,&quot;copyright&quot;:&quot;&quot;,&quot;focal_length&quot;:&quot;0&quot;,&quot;iso&quot;:&quot;0&quot;,&quot;shutter_speed&quot;:&quot;0&quot;,&quot;title&quot;:&quot;&quot;,&quot;orientation&quot;:&quot;0&quot;}\" data-image-title=\"weidh15_0025\" data-image-description=\"\" data-medium-file=\"https:\/\/i0.wp.com\/idnu.ch\/wordpress\/wp-content\/uploads\/2015\/05\/weidh15_0025.jpg?fit=225%2C300&#038;ssl=1\" data-large-file=\"https:\/\/i0.wp.com\/idnu.ch\/wordpress\/wp-content\/uploads\/2015\/05\/weidh15_0025.jpg?fit=576%2C768&#038;ssl=1\" src=\"https:\/\/i0.wp.com\/idnu.ch\/wordpress\/wp-content\/uploads\/2015\/05\/weidh15_0025.jpg?w=246&#038;h=328&#038;ssl=1\" srcset=\"https:\/\/i0.wp.com\/idnu.ch\/wordpress\/wp-content\/uploads\/2015\/05\/weidh15_0025.jpg?w=576&amp;ssl=1 576w, https:\/\/i0.wp.com\/idnu.ch\/wordpress\/wp-content\/uploads\/2015\/05\/weidh15_0025.jpg?resize=225%2C300&amp;ssl=1 225w, https:\/\/i0.wp.com\/idnu.ch\/wordpress\/wp-content\/uploads\/2015\/05\/weidh15_0025.jpg?resize=75%2C100&amp;ssl=1 75w\" width=\"246\" height=\"328\" loading=\"lazy\" data-original-width=\"246\" data-original-height=\"328\" itemprop=\"http:\/\/schema.org\/image\" title=\"weidh15_0025\" alt=\"weidh15_0025\" style=\"width: 246px; height: 328px;\" \/> <\/a> <\/div> <\/div> <!-- close group --> <div class=\"gallery-group images-1\" style=\"width: 250px; height: 332px;\" data-original-width=\"250\" data-original-height=\"332\" > <div class=\"tiled-gallery-item tiled-gallery-item-small\" itemprop=\"associatedMedia\" itemscope itemtype=\"http:\/\/schema.org\/ImageObject\"> <a href=\"https:\/\/idnu.ch\/wordpress\/weidh15_0027\/\" border=\"0\" itemprop=\"url\"> <meta itemprop=\"width\" content=\"246\"> <meta itemprop=\"height\" content=\"328\"> <img decoding=\"async\" class=\"\" data-attachment-id=\"3441\" data-orig-file=\"https:\/\/idnu.ch\/wordpress\/wp-content\/uploads\/2016\/04\/weidh15_0027.jpg\" data-orig-size=\"576,768\" data-comments-opened=\"1\" data-image-meta=\"{&quot;aperture&quot;:&quot;0&quot;,&quot;credit&quot;:&quot;&quot;,&quot;camera&quot;:&quot;&quot;,&quot;caption&quot;:&quot;&quot;,&quot;created_timestamp&quot;:&quot;0&quot;,&quot;copyright&quot;:&quot;&quot;,&quot;focal_length&quot;:&quot;0&quot;,&quot;iso&quot;:&quot;0&quot;,&quot;shutter_speed&quot;:&quot;0&quot;,&quot;title&quot;:&quot;&quot;,&quot;orientation&quot;:&quot;0&quot;}\" data-image-title=\"weidh15_0027\" data-image-description=\"\" data-medium-file=\"https:\/\/i0.wp.com\/idnu.ch\/wordpress\/wp-content\/uploads\/2016\/04\/weidh15_0027.jpg?fit=225%2C300&#038;ssl=1\" data-large-file=\"https:\/\/i0.wp.com\/idnu.ch\/wordpress\/wp-content\/uploads\/2016\/04\/weidh15_0027.jpg?fit=576%2C768&#038;ssl=1\" src=\"https:\/\/i0.wp.com\/idnu.ch\/wordpress\/wp-content\/uploads\/2016\/04\/weidh15_0027.jpg?w=246&#038;h=328&#038;ssl=1\" srcset=\"https:\/\/i0.wp.com\/idnu.ch\/wordpress\/wp-content\/uploads\/2016\/04\/weidh15_0027.jpg?w=576&amp;ssl=1 576w, https:\/\/i0.wp.com\/idnu.ch\/wordpress\/wp-content\/uploads\/2016\/04\/weidh15_0027.jpg?resize=225%2C300&amp;ssl=1 225w, https:\/\/i0.wp.com\/idnu.ch\/wordpress\/wp-content\/uploads\/2016\/04\/weidh15_0027.jpg?resize=75%2C100&amp;ssl=1 75w\" width=\"246\" height=\"328\" loading=\"lazy\" data-original-width=\"246\" data-original-height=\"328\" itemprop=\"http:\/\/schema.org\/image\" title=\"weidh15_0027\" alt=\"weidh15_0027\" style=\"width: 246px; height: 328px;\" \/> <\/a> <\/div> <\/div> <!-- close group --> <div class=\"gallery-group images-1\" style=\"width: 250px; height: 332px;\" data-original-width=\"250\" data-original-height=\"332\" > <div class=\"tiled-gallery-item tiled-gallery-item-small\" itemprop=\"associatedMedia\" itemscope itemtype=\"http:\/\/schema.org\/ImageObject\"> <a href=\"https:\/\/idnu.ch\/wordpress\/weidh15_0029\/\" border=\"0\" itemprop=\"url\"> <meta itemprop=\"width\" content=\"246\"> <meta itemprop=\"height\" content=\"328\"> <img decoding=\"async\" class=\"\" data-attachment-id=\"3442\" data-orig-file=\"https:\/\/idnu.ch\/wordpress\/wp-content\/uploads\/2016\/04\/weidh15_0029.jpg\" data-orig-size=\"576,768\" data-comments-opened=\"1\" data-image-meta=\"{&quot;aperture&quot;:&quot;0&quot;,&quot;credit&quot;:&quot;&quot;,&quot;camera&quot;:&quot;&quot;,&quot;caption&quot;:&quot;&quot;,&quot;created_timestamp&quot;:&quot;0&quot;,&quot;copyright&quot;:&quot;&quot;,&quot;focal_length&quot;:&quot;0&quot;,&quot;iso&quot;:&quot;0&quot;,&quot;shutter_speed&quot;:&quot;0&quot;,&quot;title&quot;:&quot;&quot;,&quot;orientation&quot;:&quot;0&quot;}\" data-image-title=\"weidh15_0029\" data-image-description=\"\" data-medium-file=\"https:\/\/i0.wp.com\/idnu.ch\/wordpress\/wp-content\/uploads\/2016\/04\/weidh15_0029.jpg?fit=225%2C300&#038;ssl=1\" data-large-file=\"https:\/\/i0.wp.com\/idnu.ch\/wordpress\/wp-content\/uploads\/2016\/04\/weidh15_0029.jpg?fit=576%2C768&#038;ssl=1\" src=\"https:\/\/i0.wp.com\/idnu.ch\/wordpress\/wp-content\/uploads\/2016\/04\/weidh15_0029.jpg?w=246&#038;h=328&#038;ssl=1\" srcset=\"https:\/\/i0.wp.com\/idnu.ch\/wordpress\/wp-content\/uploads\/2016\/04\/weidh15_0029.jpg?w=576&amp;ssl=1 576w, https:\/\/i0.wp.com\/idnu.ch\/wordpress\/wp-content\/uploads\/2016\/04\/weidh15_0029.jpg?resize=225%2C300&amp;ssl=1 225w, https:\/\/i0.wp.com\/idnu.ch\/wordpress\/wp-content\/uploads\/2016\/04\/weidh15_0029.jpg?resize=75%2C100&amp;ssl=1 75w\" width=\"246\" height=\"328\" loading=\"lazy\" data-original-width=\"246\" data-original-height=\"328\" itemprop=\"http:\/\/schema.org\/image\" title=\"weidh15_0029\" alt=\"weidh15_0029\" style=\"width: 246px; height: 328px;\" \/> <\/a> <\/div> <\/div> <!-- close group --> <\/div> <!-- close row --> <\/div>\n<h1>Wenn es regnet<\/h1>\n<p>Am folgenden Tag regnet es. Noch. Denn schon bald einmal wird es schneien, aber das wissen zu dem Zeitpunkt noch nicht. Wir fahren deshalb mit der Seilbahn nach Meiringen und suchen die dortige <a href=\"https:\/\/www.kletterhalle-haslital.ch\/\" target=\"_blank\" rel=\"noopener\">Kletterhalle<\/a> auf, der nun auch eine Boulderhalle angegliedert ist. Die Kletterrouten sind hoch, ungef\u00e4hr 16 Meter, und in allen Schwierigkeitsgraden. Die Halle ist ideal, um einen Regentag im Haslital zu \u00fcberstehen.<\/p>\n","protected":false},"excerpt":{"rendered":"<p>Meiringen ist so was wie die &#8222;Hauptstadt der Kletterer&#8220;. Auf kleinstem Raum findet&#8230;<\/p>\n","protected":false},"author":2,"featured_media":754,"comment_status":"open","ping_status":"open","sticky":false,"template":"","format":"standard","meta":{"_monsterinsights_skip_tracking":false,"_monsterinsights_sitenote_active":false,"_monsterinsights_sitenote_note":"","_monsterinsights_sitenote_category":0,"jetpack_post_was_ever_published":false,"_jetpack_newsletter_access":"","_jetpack_dont_email_post_to_subs":true,"_jetpack_newsletter_tier_id":0,"_jetpack_memberships_contains_paywalled_content":false,"_jetpack_memberships_contains_paid_content":false,"footnotes":"","jetpack_publicize_message":"","jetpack_publicize_feature_enabled":true,"jetpack_social_post_already_shared":false,"jetpack_social_options":{"image_generator_settings":{"template":"highway","default_image_id":0,"font":"","enabled":false},"version":2}},"categories":[114,917,3],"tags":[484,528,373,1171,568,385,508,569,567],"class_list":["post-103","post","type-post","status-publish","format-standard","has-post-thumbnail","hentry","category-bern","category-berner-oberland","category-klettern","tag-hasliberg","tag-haslital","tag-kinder","tag-kinderfreundlich","tag-kletterhalle","tag-klettern-mit-kindern","tag-meiringen","tag-rotsteini","tag-sportklettern"],"geo":{"latitude":46.73721689999999995279722497798502445220947265625,"longitude":8.175405500000000103000274975784122943878173828125,"description":"Meiringen, Canton de Berne, 3860, CH"},"yoast_head":"<!-- This site is optimized with the Yoast SEO plugin v27.4 - https:\/\/yoast.com\/product\/yoast-seo-wordpress\/ -->\n<title>Klettern mit Kindern um Meiringen - In der Natur unterwegs<\/title>\n<meta name=\"robots\" content=\"index, follow, max-snippet:-1, max-image-preview:large, max-video-preview:-1\" \/>\n<link rel=\"canonical\" href=\"https:\/\/idnu.ch\/wordpress\/klettern-mit-kindern-um-meiringen\/\" \/>\n<meta property=\"og:locale\" content=\"de_DE\" \/>\n<meta property=\"og:type\" content=\"article\" \/>\n<meta property=\"og:title\" content=\"Klettern mit Kindern um Meiringen - In der Natur unterwegs\" \/>\n<meta property=\"og:description\" content=\"Meiringen ist so was wie die &#8222;Hauptstadt der Kletterer&#8220;. Auf kleinstem Raum findet...\" \/>\n<meta property=\"og:url\" content=\"https:\/\/idnu.ch\/wordpress\/klettern-mit-kindern-um-meiringen\/\" \/>\n<meta property=\"og:site_name\" content=\"In der Natur unterwegs\" \/>\n<meta property=\"article:published_time\" content=\"2015-05-20T13:18:00+00:00\" \/>\n<meta property=\"article:modified_time\" content=\"2023-10-27T12:52:07+00:00\" \/>\n<meta property=\"og:image\" content=\"https:\/\/idnu.ch\/wordpress\/wp-content\/uploads\/2015\/05\/weidh15_0022.jpg\" \/>\n\t<meta property=\"og:image:width\" content=\"1024\" \/>\n\t<meta property=\"og:image:height\" content=\"768\" \/>\n\t<meta property=\"og:image:type\" content=\"image\/jpeg\" \/>\n<meta name=\"author\" content=\"Urs Kyburz\" \/>\n<meta name=\"twitter:card\" content=\"summary_large_image\" \/>\n<meta name=\"twitter:creator\" content=\"@idnu_ch\" \/>\n<meta name=\"twitter:site\" content=\"@idnu_ch\" \/>\n<meta name=\"twitter:label1\" content=\"Verfasst von\" \/>\n\t<meta name=\"twitter:data1\" content=\"Urs Kyburz\" \/>\n\t<meta name=\"twitter:label2\" content=\"Gesch\u00e4tzte Lesezeit\" \/>\n\t<meta name=\"twitter:data2\" content=\"4\u00a0Minuten\" \/>\n<script type=\"application\/ld+json\" class=\"yoast-schema-graph\">{\"@context\":\"https:\\\/\\\/schema.org\",\"@graph\":[{\"@type\":\"Article\",\"@id\":\"https:\\\/\\\/idnu.ch\\\/wordpress\\\/klettern-mit-kindern-um-meiringen\\\/#article\",\"isPartOf\":{\"@id\":\"https:\\\/\\\/idnu.ch\\\/wordpress\\\/klettern-mit-kindern-um-meiringen\\\/\"},\"author\":{\"name\":\"Urs Kyburz\",\"@id\":\"https:\\\/\\\/idnu.ch\\\/wordpress\\\/#\\\/schema\\\/person\\\/1ab8c5de743be7b019272124c19ad351\"},\"headline\":\"Klettern mit Kindern um Meiringen\",\"datePublished\":\"2015-05-20T13:18:00+00:00\",\"dateModified\":\"2023-10-27T12:52:07+00:00\",\"mainEntityOfPage\":{\"@id\":\"https:\\\/\\\/idnu.ch\\\/wordpress\\\/klettern-mit-kindern-um-meiringen\\\/\"},\"wordCount\":599,\"commentCount\":0,\"publisher\":{\"@id\":\"https:\\\/\\\/idnu.ch\\\/wordpress\\\/#\\\/schema\\\/person\\\/1ab8c5de743be7b019272124c19ad351\"},\"image\":{\"@id\":\"https:\\\/\\\/idnu.ch\\\/wordpress\\\/klettern-mit-kindern-um-meiringen\\\/#primaryimage\"},\"thumbnailUrl\":\"https:\\\/\\\/i0.wp.com\\\/idnu.ch\\\/wordpress\\\/wp-content\\\/uploads\\\/2015\\\/05\\\/weidh15_0022.jpg?fit=1024%2C768&ssl=1\",\"keywords\":[\"Hasliberg\",\"Haslital\",\"Kinder\",\"kinderfreundlich\",\"Kletterhalle\",\"Klettern mit Kindern\",\"Meiringen\",\"Rotsteini\",\"Sportklettern\"],\"articleSection\":[\"Bern\",\"Berner Oberland\",\"Klettern\"],\"inLanguage\":\"de\",\"potentialAction\":[{\"@type\":\"CommentAction\",\"name\":\"Comment\",\"target\":[\"https:\\\/\\\/idnu.ch\\\/wordpress\\\/klettern-mit-kindern-um-meiringen\\\/#respond\"]}]},{\"@type\":\"WebPage\",\"@id\":\"https:\\\/\\\/idnu.ch\\\/wordpress\\\/klettern-mit-kindern-um-meiringen\\\/\",\"url\":\"https:\\\/\\\/idnu.ch\\\/wordpress\\\/klettern-mit-kindern-um-meiringen\\\/\",\"name\":\"Klettern mit Kindern um Meiringen - In der Natur unterwegs\",\"isPartOf\":{\"@id\":\"https:\\\/\\\/idnu.ch\\\/wordpress\\\/#website\"},\"primaryImageOfPage\":{\"@id\":\"https:\\\/\\\/idnu.ch\\\/wordpress\\\/klettern-mit-kindern-um-meiringen\\\/#primaryimage\"},\"image\":{\"@id\":\"https:\\\/\\\/idnu.ch\\\/wordpress\\\/klettern-mit-kindern-um-meiringen\\\/#primaryimage\"},\"thumbnailUrl\":\"https:\\\/\\\/i0.wp.com\\\/idnu.ch\\\/wordpress\\\/wp-content\\\/uploads\\\/2015\\\/05\\\/weidh15_0022.jpg?fit=1024%2C768&ssl=1\",\"datePublished\":\"2015-05-20T13:18:00+00:00\",\"dateModified\":\"2023-10-27T12:52:07+00:00\",\"breadcrumb\":{\"@id\":\"https:\\\/\\\/idnu.ch\\\/wordpress\\\/klettern-mit-kindern-um-meiringen\\\/#breadcrumb\"},\"inLanguage\":\"de\",\"potentialAction\":[{\"@type\":\"ReadAction\",\"target\":[\"https:\\\/\\\/idnu.ch\\\/wordpress\\\/klettern-mit-kindern-um-meiringen\\\/\"]}]},{\"@type\":\"ImageObject\",\"inLanguage\":\"de\",\"@id\":\"https:\\\/\\\/idnu.ch\\\/wordpress\\\/klettern-mit-kindern-um-meiringen\\\/#primaryimage\",\"url\":\"https:\\\/\\\/i0.wp.com\\\/idnu.ch\\\/wordpress\\\/wp-content\\\/uploads\\\/2015\\\/05\\\/weidh15_0022.jpg?fit=1024%2C768&ssl=1\",\"contentUrl\":\"https:\\\/\\\/i0.wp.com\\\/idnu.ch\\\/wordpress\\\/wp-content\\\/uploads\\\/2015\\\/05\\\/weidh15_0022.jpg?fit=1024%2C768&ssl=1\",\"width\":1024,\"height\":768,\"caption\":\"Rotsteini\"},{\"@type\":\"BreadcrumbList\",\"@id\":\"https:\\\/\\\/idnu.ch\\\/wordpress\\\/klettern-mit-kindern-um-meiringen\\\/#breadcrumb\",\"itemListElement\":[{\"@type\":\"ListItem\",\"position\":1,\"name\":\"Startseite\",\"item\":\"https:\\\/\\\/idnu.ch\\\/wordpress\\\/\"},{\"@type\":\"ListItem\",\"position\":2,\"name\":\"Klettern mit Kindern um Meiringen\"}]},{\"@type\":\"WebSite\",\"@id\":\"https:\\\/\\\/idnu.ch\\\/wordpress\\\/#website\",\"url\":\"https:\\\/\\\/idnu.ch\\\/wordpress\\\/\",\"name\":\"In der Natur unterwegs\",\"description\":\"Dort, wo es am sch\u00f6nsten ist\",\"publisher\":{\"@id\":\"https:\\\/\\\/idnu.ch\\\/wordpress\\\/#\\\/schema\\\/person\\\/1ab8c5de743be7b019272124c19ad351\"},\"potentialAction\":[{\"@type\":\"SearchAction\",\"target\":{\"@type\":\"EntryPoint\",\"urlTemplate\":\"https:\\\/\\\/idnu.ch\\\/wordpress\\\/?s={search_term_string}\"},\"query-input\":{\"@type\":\"PropertyValueSpecification\",\"valueRequired\":true,\"valueName\":\"search_term_string\"}}],\"inLanguage\":\"de\"},{\"@type\":[\"Person\",\"Organization\"],\"@id\":\"https:\\\/\\\/idnu.ch\\\/wordpress\\\/#\\\/schema\\\/person\\\/1ab8c5de743be7b019272124c19ad351\",\"name\":\"Urs Kyburz\",\"image\":{\"@type\":\"ImageObject\",\"inLanguage\":\"de\",\"@id\":\"https:\\\/\\\/i0.wp.com\\\/idnu.ch\\\/wordpress\\\/wp-content\\\/uploads\\\/2016\\\/02\\\/logo_150x165.gif?fit=3151%2C3456&ssl=1\",\"url\":\"https:\\\/\\\/i0.wp.com\\\/idnu.ch\\\/wordpress\\\/wp-content\\\/uploads\\\/2016\\\/02\\\/logo_150x165.gif?fit=3151%2C3456&ssl=1\",\"contentUrl\":\"https:\\\/\\\/i0.wp.com\\\/idnu.ch\\\/wordpress\\\/wp-content\\\/uploads\\\/2016\\\/02\\\/logo_150x165.gif?fit=3151%2C3456&ssl=1\",\"width\":3151,\"height\":3456,\"caption\":\"Urs Kyburz\"},\"logo\":{\"@id\":\"https:\\\/\\\/i0.wp.com\\\/idnu.ch\\\/wordpress\\\/wp-content\\\/uploads\\\/2016\\\/02\\\/logo_150x165.gif?fit=3151%2C3456&ssl=1\"}}]}<\/script>\n<!-- \/ Yoast SEO plugin. -->","yoast_head_json":{"title":"Klettern mit Kindern um Meiringen - In der Natur unterwegs","robots":{"index":"index","follow":"follow","max-snippet":"max-snippet:-1","max-image-preview":"max-image-preview:large","max-video-preview":"max-video-preview:-1"},"canonical":"https:\/\/idnu.ch\/wordpress\/klettern-mit-kindern-um-meiringen\/","og_locale":"de_DE","og_type":"article","og_title":"Klettern mit Kindern um Meiringen - In der Natur unterwegs","og_description":"Meiringen ist so was wie die &#8222;Hauptstadt der Kletterer&#8220;. Auf kleinstem Raum findet...","og_url":"https:\/\/idnu.ch\/wordpress\/klettern-mit-kindern-um-meiringen\/","og_site_name":"In der Natur unterwegs","article_published_time":"2015-05-20T13:18:00+00:00","article_modified_time":"2023-10-27T12:52:07+00:00","og_image":[{"width":1024,"height":768,"url":"https:\/\/idnu.ch\/wordpress\/wp-content\/uploads\/2015\/05\/weidh15_0022.jpg","type":"image\/jpeg"}],"author":"Urs Kyburz","twitter_card":"summary_large_image","twitter_creator":"@idnu_ch","twitter_site":"@idnu_ch","twitter_misc":{"Verfasst von":"Urs Kyburz","Gesch\u00e4tzte Lesezeit":"4\u00a0Minuten"},"schema":{"@context":"https:\/\/schema.org","@graph":[{"@type":"Article","@id":"https:\/\/idnu.ch\/wordpress\/klettern-mit-kindern-um-meiringen\/#article","isPartOf":{"@id":"https:\/\/idnu.ch\/wordpress\/klettern-mit-kindern-um-meiringen\/"},"author":{"name":"Urs Kyburz","@id":"https:\/\/idnu.ch\/wordpress\/#\/schema\/person\/1ab8c5de743be7b019272124c19ad351"},"headline":"Klettern mit Kindern um Meiringen","datePublished":"2015-05-20T13:18:00+00:00","dateModified":"2023-10-27T12:52:07+00:00","mainEntityOfPage":{"@id":"https:\/\/idnu.ch\/wordpress\/klettern-mit-kindern-um-meiringen\/"},"wordCount":599,"commentCount":0,"publisher":{"@id":"https:\/\/idnu.ch\/wordpress\/#\/schema\/person\/1ab8c5de743be7b019272124c19ad351"},"image":{"@id":"https:\/\/idnu.ch\/wordpress\/klettern-mit-kindern-um-meiringen\/#primaryimage"},"thumbnailUrl":"https:\/\/i0.wp.com\/idnu.ch\/wordpress\/wp-content\/uploads\/2015\/05\/weidh15_0022.jpg?fit=1024%2C768&ssl=1","keywords":["Hasliberg","Haslital","Kinder","kinderfreundlich","Kletterhalle","Klettern mit Kindern","Meiringen","Rotsteini","Sportklettern"],"articleSection":["Bern","Berner Oberland","Klettern"],"inLanguage":"de","potentialAction":[{"@type":"CommentAction","name":"Comment","target":["https:\/\/idnu.ch\/wordpress\/klettern-mit-kindern-um-meiringen\/#respond"]}]},{"@type":"WebPage","@id":"https:\/\/idnu.ch\/wordpress\/klettern-mit-kindern-um-meiringen\/","url":"https:\/\/idnu.ch\/wordpress\/klettern-mit-kindern-um-meiringen\/","name":"Klettern mit Kindern um Meiringen - In der Natur unterwegs","isPartOf":{"@id":"https:\/\/idnu.ch\/wordpress\/#website"},"primaryImageOfPage":{"@id":"https:\/\/idnu.ch\/wordpress\/klettern-mit-kindern-um-meiringen\/#primaryimage"},"image":{"@id":"https:\/\/idnu.ch\/wordpress\/klettern-mit-kindern-um-meiringen\/#primaryimage"},"thumbnailUrl":"https:\/\/i0.wp.com\/idnu.ch\/wordpress\/wp-content\/uploads\/2015\/05\/weidh15_0022.jpg?fit=1024%2C768&ssl=1","datePublished":"2015-05-20T13:18:00+00:00","dateModified":"2023-10-27T12:52:07+00:00","breadcrumb":{"@id":"https:\/\/idnu.ch\/wordpress\/klettern-mit-kindern-um-meiringen\/#breadcrumb"},"inLanguage":"de","potentialAction":[{"@type":"ReadAction","target":["https:\/\/idnu.ch\/wordpress\/klettern-mit-kindern-um-meiringen\/"]}]},{"@type":"ImageObject","inLanguage":"de","@id":"https:\/\/idnu.ch\/wordpress\/klettern-mit-kindern-um-meiringen\/#primaryimage","url":"https:\/\/i0.wp.com\/idnu.ch\/wordpress\/wp-content\/uploads\/2015\/05\/weidh15_0022.jpg?fit=1024%2C768&ssl=1","contentUrl":"https:\/\/i0.wp.com\/idnu.ch\/wordpress\/wp-content\/uploads\/2015\/05\/weidh15_0022.jpg?fit=1024%2C768&ssl=1","width":1024,"height":768,"caption":"Rotsteini"},{"@type":"BreadcrumbList","@id":"https:\/\/idnu.ch\/wordpress\/klettern-mit-kindern-um-meiringen\/#breadcrumb","itemListElement":[{"@type":"ListItem","position":1,"name":"Startseite","item":"https:\/\/idnu.ch\/wordpress\/"},{"@type":"ListItem","position":2,"name":"Klettern mit Kindern um Meiringen"}]},{"@type":"WebSite","@id":"https:\/\/idnu.ch\/wordpress\/#website","url":"https:\/\/idnu.ch\/wordpress\/","name":"In der Natur unterwegs","description":"Dort, wo es am sch\u00f6nsten ist","publisher":{"@id":"https:\/\/idnu.ch\/wordpress\/#\/schema\/person\/1ab8c5de743be7b019272124c19ad351"},"potentialAction":[{"@type":"SearchAction","target":{"@type":"EntryPoint","urlTemplate":"https:\/\/idnu.ch\/wordpress\/?s={search_term_string}"},"query-input":{"@type":"PropertyValueSpecification","valueRequired":true,"valueName":"search_term_string"}}],"inLanguage":"de"},{"@type":["Person","Organization"],"@id":"https:\/\/idnu.ch\/wordpress\/#\/schema\/person\/1ab8c5de743be7b019272124c19ad351","name":"Urs Kyburz","image":{"@type":"ImageObject","inLanguage":"de","@id":"https:\/\/i0.wp.com\/idnu.ch\/wordpress\/wp-content\/uploads\/2016\/02\/logo_150x165.gif?fit=3151%2C3456&ssl=1","url":"https:\/\/i0.wp.com\/idnu.ch\/wordpress\/wp-content\/uploads\/2016\/02\/logo_150x165.gif?fit=3151%2C3456&ssl=1","contentUrl":"https:\/\/i0.wp.com\/idnu.ch\/wordpress\/wp-content\/uploads\/2016\/02\/logo_150x165.gif?fit=3151%2C3456&ssl=1","width":3151,"height":3456,"caption":"Urs Kyburz"},"logo":{"@id":"https:\/\/i0.wp.com\/idnu.ch\/wordpress\/wp-content\/uploads\/2016\/02\/logo_150x165.gif?fit=3151%2C3456&ssl=1"}}]}},"jetpack_publicize_connections":[],"jetpack_featured_media_url":"https:\/\/i0.wp.com\/idnu.ch\/wordpress\/wp-content\/uploads\/2015\/05\/weidh15_0022.jpg?fit=1024%2C768&ssl=1","jetpack_sharing_enabled":true,"jetpack_shortlink":"https:\/\/wp.me\/p6MmGG-1F","jetpack-related-posts":[{"id":147,"url":"https:\/\/idnu.ch\/wordpress\/grimsel-klettern-fast-wie-frueher\/","url_meta":{"origin":103,"position":0},"title":"Grimsel: Klettern (fast) wie fr\u00fcher!","author":"Urs Kyburz","date":"20. August 2014","format":false,"excerpt":"Es war wieder wie fr\u00fcher: Reibungsklettern an der Grimsel. Oder zumindest fast. Im Unterschied zu fr\u00fcher klettern wir jetzt viel seltener und statt fremder haben wir die eignen Kinder dabei. Denn ob fr\u00fcher oder jetzt, das Gebiet der Gerstenegg ist ideal mit Kindern und Anf\u00e4ngern. Die Kinder wollten mal mehrere\u2026","rel":"","context":"In &quot;Bern&quot;","block_context":{"text":"Bern","link":"https:\/\/idnu.ch\/wordpress\/category\/kanton\/bern\/"},"img":{"alt_text":"Gerstenegg","src":"https:\/\/i0.wp.com\/idnu.ch\/wordpress\/wp-content\/uploads\/2014\/08\/hallwilersee_0033.jpg?fit=1024%2C768&ssl=1&resize=350%2C200","width":350,"height":200,"srcset":"https:\/\/i0.wp.com\/idnu.ch\/wordpress\/wp-content\/uploads\/2014\/08\/hallwilersee_0033.jpg?fit=1024%2C768&ssl=1&resize=350%2C200 1x, https:\/\/i0.wp.com\/idnu.ch\/wordpress\/wp-content\/uploads\/2014\/08\/hallwilersee_0033.jpg?fit=1024%2C768&ssl=1&resize=525%2C300 1.5x, https:\/\/i0.wp.com\/idnu.ch\/wordpress\/wp-content\/uploads\/2014\/08\/hallwilersee_0033.jpg?fit=1024%2C768&ssl=1&resize=700%2C400 2x"},"classes":[]},{"id":3521,"url":"https:\/\/idnu.ch\/wordpress\/klettern-wenn-kinder-sichern\/","url_meta":{"origin":103,"position":1},"title":"Klettern: Wenn Kinder sichern","author":"Urs Kyburz","date":"21. April 2016","format":false,"excerpt":"Du kennst das vielleicht: Du willst mit den Kindern in den Klettergarten gehen, hast aber keine erwachsene Person, die dich sichern kann. Aber halt, da sind ja eben die Kinder. Zu leicht? Geht trotzdem, wenn man ein paar Regeln befolgt. Zuerst vorneweg f\u00fcr Anf\u00e4nger und reine Hallenkletterer:\u00a0Wenn du bis jetzt\u2026","rel":"","context":"In &quot;Klettern&quot;","block_context":{"text":"Klettern","link":"https:\/\/idnu.ch\/wordpress\/category\/klettern\/"},"img":{"alt_text":"Seriensicherung durch Kinder","src":"https:\/\/i0.wp.com\/idnu.ch\/wordpress\/wp-content\/uploads\/2016\/04\/leysin_0401.jpg?fit=1200%2C800&ssl=1&resize=350%2C200","width":350,"height":200,"srcset":"https:\/\/i0.wp.com\/idnu.ch\/wordpress\/wp-content\/uploads\/2016\/04\/leysin_0401.jpg?fit=1200%2C800&ssl=1&resize=350%2C200 1x, https:\/\/i0.wp.com\/idnu.ch\/wordpress\/wp-content\/uploads\/2016\/04\/leysin_0401.jpg?fit=1200%2C800&ssl=1&resize=525%2C300 1.5x, https:\/\/i0.wp.com\/idnu.ch\/wordpress\/wp-content\/uploads\/2016\/04\/leysin_0401.jpg?fit=1200%2C800&ssl=1&resize=700%2C400 2x, https:\/\/i0.wp.com\/idnu.ch\/wordpress\/wp-content\/uploads\/2016\/04\/leysin_0401.jpg?fit=1200%2C800&ssl=1&resize=1050%2C600 3x"},"classes":[]},{"id":138,"url":"https:\/\/idnu.ch\/wordpress\/klettern-im-steinbruch\/","url_meta":{"origin":103,"position":2},"title":"Klettern im Steinbruch","author":"Urs Kyburz","date":"11. Oktober 2014","format":false,"excerpt":"Bei unserer Biketour am ersten Tag entdeckten wir einen Klettergarten kurz ausserhalb Leysin. Das w\u00e4re was f\u00fcr einen gem\u00fctlichen Tag, fanden wir damals. Heute war es also soweit, wir suchten diesen Klettergarten in einem ehemaligen Steinbruch auf. Da Leysin bekanntermassen alles andere als flach ist, entschieden wir uns, f\u00fcr einmal\u2026","rel":"","context":"In &quot;Genferseegebiet (Waadt)&quot;","block_context":{"text":"Genferseegebiet (Waadt)","link":"https:\/\/idnu.ch\/wordpress\/category\/tourismusregionen\/genferseegebiet\/"},"img":{"alt_text":"Klettern in Leysin","src":"https:\/\/i0.wp.com\/idnu.ch\/wordpress\/wp-content\/uploads\/2014\/10\/IMG_7399.jpg?fit=1200%2C800&ssl=1&resize=350%2C200","width":350,"height":200,"srcset":"https:\/\/i0.wp.com\/idnu.ch\/wordpress\/wp-content\/uploads\/2014\/10\/IMG_7399.jpg?fit=1200%2C800&ssl=1&resize=350%2C200 1x, https:\/\/i0.wp.com\/idnu.ch\/wordpress\/wp-content\/uploads\/2014\/10\/IMG_7399.jpg?fit=1200%2C800&ssl=1&resize=525%2C300 1.5x, https:\/\/i0.wp.com\/idnu.ch\/wordpress\/wp-content\/uploads\/2014\/10\/IMG_7399.jpg?fit=1200%2C800&ssl=1&resize=700%2C400 2x, https:\/\/i0.wp.com\/idnu.ch\/wordpress\/wp-content\/uploads\/2014\/10\/IMG_7399.jpg?fit=1200%2C800&ssl=1&resize=1050%2C600 3x"},"classes":[]},{"id":7667,"url":"https:\/\/idnu.ch\/wordpress\/klettern-fuer-anfaenger-am-schmalstoeckli\/","url_meta":{"origin":103,"position":3},"title":"Klettern f\u00fcr Anf\u00e4nger am Schmalst\u00f6ckli","author":"Urs Kyburz","date":"10. Juni 2017","format":false,"excerpt":"Zum Wandern und Skitouren machen waren wir mit den Kindern schon \u00f6fters im Lidernengebiet, aber noch nie zum Klettern. Der SAC Homberg f\u00fchrte \u00fcber Pfingsten ein Kletterwochenende in dieser Gegend durch. Aber nicht alle f\u00fchlten sich zum Klettern hingezogen. Eine luftige Bahnfahrt Wie immer fahren wir mit dem luftigen Seilb\u00e4hnli\u2026","rel":"","context":"In &quot;Klettern&quot;","block_context":{"text":"Klettern","link":"https:\/\/idnu.ch\/wordpress\/category\/klettern\/"},"img":{"alt_text":"Fantastische Aussicht vom Fusse des Schmalst\u00f6ckli","src":"https:\/\/i0.wp.com\/idnu.ch\/wordpress\/wp-content\/uploads\/2017\/06\/schmalstoeckli_170603_083.jpg?fit=1200%2C800&ssl=1&resize=350%2C200","width":350,"height":200,"srcset":"https:\/\/i0.wp.com\/idnu.ch\/wordpress\/wp-content\/uploads\/2017\/06\/schmalstoeckli_170603_083.jpg?fit=1200%2C800&ssl=1&resize=350%2C200 1x, https:\/\/i0.wp.com\/idnu.ch\/wordpress\/wp-content\/uploads\/2017\/06\/schmalstoeckli_170603_083.jpg?fit=1200%2C800&ssl=1&resize=525%2C300 1.5x, https:\/\/i0.wp.com\/idnu.ch\/wordpress\/wp-content\/uploads\/2017\/06\/schmalstoeckli_170603_083.jpg?fit=1200%2C800&ssl=1&resize=700%2C400 2x, https:\/\/i0.wp.com\/idnu.ch\/wordpress\/wp-content\/uploads\/2017\/06\/schmalstoeckli_170603_083.jpg?fit=1200%2C800&ssl=1&resize=1050%2C600 3x"},"classes":[]},{"id":154,"url":"https:\/\/idnu.ch\/wordpress\/mettmenalp-das-perfekte-familienklettergebiet\/","url_meta":{"origin":103,"position":4},"title":"Mettmenalp: Das perfekte Familienklettergebiet","author":"Urs Kyburz","date":"18. Juni 2014","format":false,"excerpt":"\u00dcber Pfingsten schlossen wir uns dem\u00a0SAC Homberg\u00a0an und verbrachten drei tolle und heisse Tage im Zigerschlitz, auch bekannt als Glarnerland. Bei Widerstein auf der Mettmenalp sind mehrere riesige Felsbl\u00f6cke verteilt, die sich hervorragend eignen zum Klettern, das perfekte Familienklettergebiet. So war auch der Plan klar f\u00fcr die n\u00e4chsten Tage. Die\u2026","rel":"","context":"In &quot;Glarus&quot;","block_context":{"text":"Glarus","link":"https:\/\/idnu.ch\/wordpress\/category\/kanton\/glarus\/"},"img":{"alt_text":"Klettern Widerstein","src":"https:\/\/i0.wp.com\/idnu.ch\/wordpress\/wp-content\/uploads\/2014\/06\/mettmen_0009.jpg?fit=1024%2C683&ssl=1&resize=350%2C200","width":350,"height":200,"srcset":"https:\/\/i0.wp.com\/idnu.ch\/wordpress\/wp-content\/uploads\/2014\/06\/mettmen_0009.jpg?fit=1024%2C683&ssl=1&resize=350%2C200 1x, https:\/\/i0.wp.com\/idnu.ch\/wordpress\/wp-content\/uploads\/2014\/06\/mettmen_0009.jpg?fit=1024%2C683&ssl=1&resize=525%2C300 1.5x, https:\/\/i0.wp.com\/idnu.ch\/wordpress\/wp-content\/uploads\/2014\/06\/mettmen_0009.jpg?fit=1024%2C683&ssl=1&resize=700%2C400 2x"},"classes":[]},{"id":8196,"url":"https:\/\/idnu.ch\/wordpress\/griffiger-fels-auf-der-melchsee-frutt\/","url_meta":{"origin":103,"position":5},"title":"Griffiger Fels auf der Melchsee-Frutt","author":"Urs Kyburz","date":"23. August 2017","format":false,"excerpt":"F\u00fcr das allj\u00e4hrliche Familienklettern mit dem SAC Homberg war ein ideales Klettergebiet gefragt: Routen f\u00fcr alle, ob f\u00fcr Anf\u00e4nger oder Cracks, leicht erreichbar, schwierig und einfach am gleichen Ort. Da fiel unsere Wahl (oder besser der Frau als Tourenleiterin) auf den Klettergarten Bonistock auf der Melchsee-Frutt. Kinderrouten versprechen Erfolgserlebnisse Von\u2026","rel":"","context":"In &quot;Klettern&quot;","block_context":{"text":"Klettern","link":"https:\/\/idnu.ch\/wordpress\/category\/klettern\/"},"img":{"alt_text":"Sch\u00f6ne Stimmung beim Melchsee","src":"https:\/\/i0.wp.com\/idnu.ch\/wordpress\/wp-content\/uploads\/2017\/08\/familienklettern-20170820-59.jpg?fit=1200%2C800&ssl=1&resize=350%2C200","width":350,"height":200,"srcset":"https:\/\/i0.wp.com\/idnu.ch\/wordpress\/wp-content\/uploads\/2017\/08\/familienklettern-20170820-59.jpg?fit=1200%2C800&ssl=1&resize=350%2C200 1x, https:\/\/i0.wp.com\/idnu.ch\/wordpress\/wp-content\/uploads\/2017\/08\/familienklettern-20170820-59.jpg?fit=1200%2C800&ssl=1&resize=525%2C300 1.5x, https:\/\/i0.wp.com\/idnu.ch\/wordpress\/wp-content\/uploads\/2017\/08\/familienklettern-20170820-59.jpg?fit=1200%2C800&ssl=1&resize=700%2C400 2x, https:\/\/i0.wp.com\/idnu.ch\/wordpress\/wp-content\/uploads\/2017\/08\/familienklettern-20170820-59.jpg?fit=1200%2C800&ssl=1&resize=1050%2C600 3x"},"classes":[]}],"jetpack_likes_enabled":true,"_links":{"self":[{"href":"https:\/\/idnu.ch\/wordpress\/wp-json\/wp\/v2\/posts\/103","targetHints":{"allow":["GET"]}}],"collection":[{"href":"https:\/\/idnu.ch\/wordpress\/wp-json\/wp\/v2\/posts"}],"about":[{"href":"https:\/\/idnu.ch\/wordpress\/wp-json\/wp\/v2\/types\/post"}],"author":[{"embeddable":true,"href":"https:\/\/idnu.ch\/wordpress\/wp-json\/wp\/v2\/users\/2"}],"replies":[{"embeddable":true,"href":"https:\/\/idnu.ch\/wordpress\/wp-json\/wp\/v2\/comments?post=103"}],"version-history":[{"count":5,"href":"https:\/\/idnu.ch\/wordpress\/wp-json\/wp\/v2\/posts\/103\/revisions"}],"predecessor-version":[{"id":24380,"href":"https:\/\/idnu.ch\/wordpress\/wp-json\/wp\/v2\/posts\/103\/revisions\/24380"}],"wp:featuredmedia":[{"embeddable":true,"href":"https:\/\/idnu.ch\/wordpress\/wp-json\/wp\/v2\/media\/754"}],"wp:attachment":[{"href":"https:\/\/idnu.ch\/wordpress\/wp-json\/wp\/v2\/media?parent=103"}],"wp:term":[{"taxonomy":"category","embeddable":true,"href":"https:\/\/idnu.ch\/wordpress\/wp-json\/wp\/v2\/categories?post=103"},{"taxonomy":"post_tag","embeddable":true,"href":"https:\/\/idnu.ch\/wordpress\/wp-json\/wp\/v2\/tags?post=103"}],"curies":[{"name":"wp","href":"https:\/\/api.w.org\/{rel}","templated":true}]}}