{"id":12270,"date":"2019-04-24T18:02:00","date_gmt":"2019-04-24T16:02:00","guid":{"rendered":"https:\/\/idnu.ch\/wordpress\/?p=12270"},"modified":"2019-05-05T11:45:15","modified_gmt":"2019-05-05T09:45:15","slug":"die-biketour-die-dem-foehn-zum-opfer-fiel","status":"publish","type":"post","link":"https:\/\/idnu.ch\/wordpress\/die-biketour-die-dem-foehn-zum-opfer-fiel\/","title":{"rendered":"Die Biketour, die dem F\u00f6hn zum Opfer fiel"},"content":{"rendered":"<p><strong>Es h\u00e4tte eine einfache Mountainbiketour werden sollen: Durchs Leukerfeld der Rhone entlang nach Gampel radeln, dort mit der Seilbahn hoch nach Jeizinen und dann eine coole Abfahrt zur\u00fcck nach Leuk. Aber die Biketour fiel dem F\u00f6hn zum Opfer. Gekommen ist es deshalb anders, vermutlich besser.<\/strong><\/p>\n<figure id=\"attachment_12339\" aria-describedby=\"caption-attachment-12339\" style=\"width: 1280px\" class=\"wp-caption aligncenter\"><a href=\"https:\/\/i0.wp.com\/idnu.ch\/wordpress\/wp-content\/uploads\/2019\/04\/leuk_20190422_0089.jpg?ssl=1\"><img data-recalc-dims=\"1\" loading=\"lazy\" decoding=\"async\" data-attachment-id=\"12339\" data-permalink=\"https:\/\/idnu.ch\/wordpress\/die-biketour-die-dem-foehn-zum-opfer-fiel\/leuk_20190422_0089\/#main\" data-orig-file=\"https:\/\/i0.wp.com\/idnu.ch\/wordpress\/wp-content\/uploads\/2019\/04\/leuk_20190422_0089.jpg?fit=1280%2C853&amp;ssl=1\" data-orig-size=\"1280,853\" data-comments-opened=\"1\" data-image-meta=\"{&quot;aperture&quot;:&quot;8&quot;,&quot;credit&quot;:&quot;Urs Kyburz&quot;,&quot;camera&quot;:&quot;Canon EOS M50&quot;,&quot;caption&quot;:&quot;&quot;,&quot;created_timestamp&quot;:&quot;1555930678&quot;,&quot;copyright&quot;:&quot;\\u00a9 Urs Kyburz&quot;,&quot;focal_length&quot;:&quot;15&quot;,&quot;iso&quot;:&quot;200&quot;,&quot;shutter_speed&quot;:&quot;0.00125&quot;,&quot;title&quot;:&quot;&quot;,&quot;orientation&quot;:&quot;0&quot;}\" data-image-title=\"Im Leukerfeld\" data-image-description=\"\" data-image-caption=\"&lt;p&gt;Im Leukerfeld&lt;\/p&gt;\n\" data-large-file=\"https:\/\/i0.wp.com\/idnu.ch\/wordpress\/wp-content\/uploads\/2019\/04\/leuk_20190422_0089.jpg?fit=750%2C500&amp;ssl=1\" class=\"size-full wp-image-12339\" src=\"https:\/\/i0.wp.com\/idnu.ch\/wordpress\/wp-content\/uploads\/2019\/04\/leuk_20190422_0089.jpg?resize=750%2C500&#038;ssl=1\" alt=\"Im Leukerfeld\" width=\"750\" height=\"500\" srcset=\"https:\/\/i0.wp.com\/idnu.ch\/wordpress\/wp-content\/uploads\/2019\/04\/leuk_20190422_0089.jpg?w=1280&amp;ssl=1 1280w, https:\/\/i0.wp.com\/idnu.ch\/wordpress\/wp-content\/uploads\/2019\/04\/leuk_20190422_0089.jpg?resize=300%2C200&amp;ssl=1 300w, https:\/\/i0.wp.com\/idnu.ch\/wordpress\/wp-content\/uploads\/2019\/04\/leuk_20190422_0089.jpg?resize=768%2C512&amp;ssl=1 768w, https:\/\/i0.wp.com\/idnu.ch\/wordpress\/wp-content\/uploads\/2019\/04\/leuk_20190422_0089.jpg?resize=1024%2C682&amp;ssl=1 1024w, https:\/\/i0.wp.com\/idnu.ch\/wordpress\/wp-content\/uploads\/2019\/04\/leuk_20190422_0089.jpg?resize=150%2C100&amp;ssl=1 150w\" sizes=\"auto, (max-width: 750px) 100vw, 750px\" \/><\/a><figcaption id=\"caption-attachment-12339\" class=\"wp-caption-text\">Im Leukerfeld<\/figcaption><\/figure>\n<h3>Die abenteuerliche Suone<\/h3>\n<p>Die Frau findet die Tour, die ich geplant habe, nicht besonders prickelnd und findet auf der Karte oberhalb Agarn eine Suone, eine dieser bekannten Wasserleitungen, die fr\u00fcher genutzt wurden, um die Felder zu bew\u00e4ssern. Also beginnen wir die Tour erst mal mit dieser Zusatzschlaufe. Zuerst geht es so steil bergan, dass wir schieben m\u00fcssen. Dann aber erreichen wir die Suone, nun sollte es mehr oder weniger ebenaus gehen. Der Weg scheint aber kaum mehr begangen geschweige denn unterhalten zu werden, schon beim Start m\u00fcssen wir eine kleine Br\u00fccke \u00fcberqueren, die eine ziemliche L\u00fccke hat. Das hindert die Jungs nicht daran, dar\u00fcber hinweg zu fahren. Auch sonst ist der Weg herausfordernd, auch weil es links senkrecht abw\u00e4rts geht und er ist stellenweise abgerutscht, so dass nur noch ein sehr schmales Band begehbar ist. Nicht gerade mein Fall, ich schiebe lieber mal. M\u00fcssen die Jungs halt wieder auf uns Alte warten, denn sie finden es spannend. Am Schluss meint Fabian, &#8222;ich bin auch einmal abgestiegen.&#8220; Nun gut, ich und die Frau etwas mehr.<\/p>\n<div class=\"tiled-gallery type-rectangular tiled-gallery-unresized\" data-original-width=\"750\" data-carousel-extra='{&quot;blog_id&quot;:1,&quot;permalink&quot;:&quot;https:\\\/\\\/idnu.ch\\\/wordpress\\\/die-biketour-die-dem-foehn-zum-opfer-fiel\\\/&quot;,&quot;likes_blog_id&quot;:100184974}' itemscope itemtype=\"http:\/\/schema.org\/ImageGallery\" > <div class=\"gallery-row\" style=\"width: 750px; height: 173px;\" data-original-width=\"750\" data-original-height=\"173\" > <div class=\"gallery-group images-1\" style=\"width: 258px; height: 173px;\" data-original-width=\"258\" data-original-height=\"173\" > <div class=\"tiled-gallery-item tiled-gallery-item-large\" itemprop=\"associatedMedia\" itemscope itemtype=\"http:\/\/schema.org\/ImageObject\"> <a href=\"https:\/\/idnu.ch\/wordpress\/die-biketour-die-dem-foehn-zum-opfer-fiel\/leuk_20190422_0078\/#main\" border=\"0\" itemprop=\"url\"> <meta itemprop=\"width\" content=\"254\"> <meta itemprop=\"height\" content=\"169\"> <img decoding=\"async\" class=\"\" data-attachment-id=\"12340\" data-orig-file=\"https:\/\/idnu.ch\/wordpress\/wp-content\/uploads\/2019\/04\/leuk_20190422_0078.jpg\" data-orig-size=\"1280,853\" data-comments-opened=\"1\" data-image-meta=\"{&quot;aperture&quot;:&quot;6.3&quot;,&quot;credit&quot;:&quot;Urs Kyburz&quot;,&quot;camera&quot;:&quot;Canon EOS M50&quot;,&quot;caption&quot;:&quot;&quot;,&quot;created_timestamp&quot;:&quot;1555926329&quot;,&quot;copyright&quot;:&quot;\\u00a9 Urs Kyburz&quot;,&quot;focal_length&quot;:&quot;15&quot;,&quot;iso&quot;:&quot;200&quot;,&quot;shutter_speed&quot;:&quot;0.0125&quot;,&quot;title&quot;:&quot;&quot;,&quot;orientation&quot;:&quot;0&quot;}\" data-image-title=\"Zuerst heisst es schieben\" data-image-description=\"\" data-medium-file=\"https:\/\/i0.wp.com\/idnu.ch\/wordpress\/wp-content\/uploads\/2019\/04\/leuk_20190422_0078.jpg?fit=300%2C200&#038;ssl=1\" data-large-file=\"https:\/\/i0.wp.com\/idnu.ch\/wordpress\/wp-content\/uploads\/2019\/04\/leuk_20190422_0078.jpg?fit=750%2C500&#038;ssl=1\" src=\"https:\/\/i0.wp.com\/idnu.ch\/wordpress\/wp-content\/uploads\/2019\/04\/leuk_20190422_0078.jpg?w=254&#038;h=169&#038;ssl=1\" srcset=\"https:\/\/i0.wp.com\/idnu.ch\/wordpress\/wp-content\/uploads\/2019\/04\/leuk_20190422_0078.jpg?w=1280&amp;ssl=1 1280w, https:\/\/i0.wp.com\/idnu.ch\/wordpress\/wp-content\/uploads\/2019\/04\/leuk_20190422_0078.jpg?resize=300%2C200&amp;ssl=1 300w, https:\/\/i0.wp.com\/idnu.ch\/wordpress\/wp-content\/uploads\/2019\/04\/leuk_20190422_0078.jpg?resize=768%2C512&amp;ssl=1 768w, https:\/\/i0.wp.com\/idnu.ch\/wordpress\/wp-content\/uploads\/2019\/04\/leuk_20190422_0078.jpg?resize=1024%2C682&amp;ssl=1 1024w, https:\/\/i0.wp.com\/idnu.ch\/wordpress\/wp-content\/uploads\/2019\/04\/leuk_20190422_0078.jpg?resize=150%2C100&amp;ssl=1 150w\" width=\"254\" height=\"169\" loading=\"lazy\" data-original-width=\"254\" data-original-height=\"169\" itemprop=\"http:\/\/schema.org\/image\" title=\"Zuerst heisst es schieben\" alt=\"Zuerst heisst es schieben\" style=\"width: 254px; height: 169px;\" \/> <\/a> <div class=\"tiled-gallery-caption\" itemprop=\"caption description\"> Zuerst heisst es schieben <\/div> <\/div> <\/div> <!-- close group --> <div class=\"gallery-group images-1\" style=\"width: 117px; height: 173px;\" data-original-width=\"117\" data-original-height=\"173\" > <div class=\"tiled-gallery-item tiled-gallery-item-small\" itemprop=\"associatedMedia\" itemscope itemtype=\"http:\/\/schema.org\/ImageObject\"> <a href=\"https:\/\/idnu.ch\/wordpress\/die-biketour-die-dem-foehn-zum-opfer-fiel\/leuk_20190422_0080\/#main\" border=\"0\" itemprop=\"url\"> <meta itemprop=\"width\" content=\"113\"> <meta itemprop=\"height\" content=\"169\"> <img decoding=\"async\" class=\"\" data-attachment-id=\"12341\" data-orig-file=\"https:\/\/idnu.ch\/wordpress\/wp-content\/uploads\/2019\/04\/leuk_20190422_0080.jpg\" data-orig-size=\"853,1280\" data-comments-opened=\"1\" data-image-meta=\"{&quot;aperture&quot;:&quot;4&quot;,&quot;credit&quot;:&quot;Urs Kyburz&quot;,&quot;camera&quot;:&quot;Canon EOS M50&quot;,&quot;caption&quot;:&quot;&quot;,&quot;created_timestamp&quot;:&quot;1555926548&quot;,&quot;copyright&quot;:&quot;\\u00a9 Urs Kyburz&quot;,&quot;focal_length&quot;:&quot;19&quot;,&quot;iso&quot;:&quot;200&quot;,&quot;shutter_speed&quot;:&quot;0.016666666666667&quot;,&quot;title&quot;:&quot;&quot;,&quot;orientation&quot;:&quot;0&quot;}\" data-image-title=\"Fabian nimmt Anlauf\" data-image-description=\"\" data-medium-file=\"https:\/\/i0.wp.com\/idnu.ch\/wordpress\/wp-content\/uploads\/2019\/04\/leuk_20190422_0080.jpg?fit=200%2C300&#038;ssl=1\" data-large-file=\"https:\/\/i0.wp.com\/idnu.ch\/wordpress\/wp-content\/uploads\/2019\/04\/leuk_20190422_0080.jpg?fit=682%2C1024&#038;ssl=1\" src=\"https:\/\/i0.wp.com\/idnu.ch\/wordpress\/wp-content\/uploads\/2019\/04\/leuk_20190422_0080.jpg?w=113&#038;h=169&#038;ssl=1\" srcset=\"https:\/\/i0.wp.com\/idnu.ch\/wordpress\/wp-content\/uploads\/2019\/04\/leuk_20190422_0080.jpg?w=853&amp;ssl=1 853w, https:\/\/i0.wp.com\/idnu.ch\/wordpress\/wp-content\/uploads\/2019\/04\/leuk_20190422_0080.jpg?resize=200%2C300&amp;ssl=1 200w, https:\/\/i0.wp.com\/idnu.ch\/wordpress\/wp-content\/uploads\/2019\/04\/leuk_20190422_0080.jpg?resize=768%2C1152&amp;ssl=1 768w, https:\/\/i0.wp.com\/idnu.ch\/wordpress\/wp-content\/uploads\/2019\/04\/leuk_20190422_0080.jpg?resize=682%2C1024&amp;ssl=1 682w, https:\/\/i0.wp.com\/idnu.ch\/wordpress\/wp-content\/uploads\/2019\/04\/leuk_20190422_0080.jpg?resize=67%2C100&amp;ssl=1 67w\" width=\"113\" height=\"169\" loading=\"lazy\" data-original-width=\"113\" data-original-height=\"169\" itemprop=\"http:\/\/schema.org\/image\" title=\"Fabian nimmt Anlauf\" alt=\"Fabian nimmt Anlauf\" style=\"width: 113px; height: 169px;\" \/> <\/a> <div class=\"tiled-gallery-caption\" itemprop=\"caption description\"> Fabian nimmt Anlauf <\/div> <\/div> <\/div> <!-- close group --> <div class=\"gallery-group images-1\" style=\"width: 117px; height: 173px;\" data-original-width=\"117\" data-original-height=\"173\" > <div class=\"tiled-gallery-item tiled-gallery-item-small\" itemprop=\"associatedMedia\" itemscope itemtype=\"http:\/\/schema.org\/ImageObject\"> <a href=\"https:\/\/idnu.ch\/wordpress\/die-biketour-die-dem-foehn-zum-opfer-fiel\/leuk_20190422_0084\/#main\" border=\"0\" itemprop=\"url\"> <meta itemprop=\"width\" content=\"113\"> <meta itemprop=\"height\" content=\"169\"> <img decoding=\"async\" class=\"\" data-attachment-id=\"12342\" data-orig-file=\"https:\/\/idnu.ch\/wordpress\/wp-content\/uploads\/2019\/04\/leuk_20190422_0084.jpg\" data-orig-size=\"853,1280\" data-comments-opened=\"1\" data-image-meta=\"{&quot;aperture&quot;:&quot;4&quot;,&quot;credit&quot;:&quot;Urs Kyburz&quot;,&quot;camera&quot;:&quot;Canon EOS M50&quot;,&quot;caption&quot;:&quot;&quot;,&quot;created_timestamp&quot;:&quot;1555926568&quot;,&quot;copyright&quot;:&quot;\\u00a9 Urs Kyburz&quot;,&quot;focal_length&quot;:&quot;19&quot;,&quot;iso&quot;:&quot;200&quot;,&quot;shutter_speed&quot;:&quot;0.0125&quot;,&quot;title&quot;:&quot;&quot;,&quot;orientation&quot;:&quot;0&quot;}\" data-image-title=\"Auch Silvan k\u00fcmmert der Spalt nicht\" data-image-description=\"\" data-medium-file=\"https:\/\/i0.wp.com\/idnu.ch\/wordpress\/wp-content\/uploads\/2019\/04\/leuk_20190422_0084.jpg?fit=200%2C300&#038;ssl=1\" data-large-file=\"https:\/\/i0.wp.com\/idnu.ch\/wordpress\/wp-content\/uploads\/2019\/04\/leuk_20190422_0084.jpg?fit=682%2C1024&#038;ssl=1\" src=\"https:\/\/i0.wp.com\/idnu.ch\/wordpress\/wp-content\/uploads\/2019\/04\/leuk_20190422_0084.jpg?w=113&#038;h=169&#038;ssl=1\" srcset=\"https:\/\/i0.wp.com\/idnu.ch\/wordpress\/wp-content\/uploads\/2019\/04\/leuk_20190422_0084.jpg?w=853&amp;ssl=1 853w, https:\/\/i0.wp.com\/idnu.ch\/wordpress\/wp-content\/uploads\/2019\/04\/leuk_20190422_0084.jpg?resize=200%2C300&amp;ssl=1 200w, https:\/\/i0.wp.com\/idnu.ch\/wordpress\/wp-content\/uploads\/2019\/04\/leuk_20190422_0084.jpg?resize=768%2C1152&amp;ssl=1 768w, https:\/\/i0.wp.com\/idnu.ch\/wordpress\/wp-content\/uploads\/2019\/04\/leuk_20190422_0084.jpg?resize=682%2C1024&amp;ssl=1 682w, https:\/\/i0.wp.com\/idnu.ch\/wordpress\/wp-content\/uploads\/2019\/04\/leuk_20190422_0084.jpg?resize=67%2C100&amp;ssl=1 67w\" width=\"113\" height=\"169\" loading=\"lazy\" data-original-width=\"113\" data-original-height=\"169\" itemprop=\"http:\/\/schema.org\/image\" title=\"Auch Silvan k\u00fcmmert der Spalt nicht\" alt=\"Auch Silvan k\u00fcmmert der Spalt nicht\" style=\"width: 113px; height: 169px;\" \/> <\/a> <div class=\"tiled-gallery-caption\" itemprop=\"caption description\"> Auch Silvan k\u00fcmmert der Spalt nicht <\/div> <\/div> <\/div> <!-- close group --> <div class=\"gallery-group images-1\" style=\"width: 258px; height: 173px;\" data-original-width=\"258\" data-original-height=\"173\" > <div class=\"tiled-gallery-item tiled-gallery-item-large\" itemprop=\"associatedMedia\" itemscope itemtype=\"http:\/\/schema.org\/ImageObject\"> <a href=\"https:\/\/idnu.ch\/wordpress\/die-biketour-die-dem-foehn-zum-opfer-fiel\/leuk_20190422_0085\/#main\" border=\"0\" itemprop=\"url\"> <meta itemprop=\"width\" content=\"254\"> <meta itemprop=\"height\" content=\"169\"> <img decoding=\"async\" class=\"\" data-attachment-id=\"12343\" data-orig-file=\"https:\/\/idnu.ch\/wordpress\/wp-content\/uploads\/2019\/04\/leuk_20190422_0085.jpg\" data-orig-size=\"1280,853\" data-comments-opened=\"1\" data-image-meta=\"{&quot;aperture&quot;:&quot;4&quot;,&quot;credit&quot;:&quot;Urs Kyburz&quot;,&quot;camera&quot;:&quot;Canon EOS M50&quot;,&quot;caption&quot;:&quot;&quot;,&quot;created_timestamp&quot;:&quot;1555926860&quot;,&quot;copyright&quot;:&quot;\\u00a9 Urs Kyburz&quot;,&quot;focal_length&quot;:&quot;23&quot;,&quot;iso&quot;:&quot;200&quot;,&quot;shutter_speed&quot;:&quot;0.008&quot;,&quot;title&quot;:&quot;&quot;,&quot;orientation&quot;:&quot;0&quot;}\" data-image-title=\"Selten ist der Weg so gem\u00fctlich\" data-image-description=\"\" data-medium-file=\"https:\/\/i0.wp.com\/idnu.ch\/wordpress\/wp-content\/uploads\/2019\/04\/leuk_20190422_0085.jpg?fit=300%2C200&#038;ssl=1\" data-large-file=\"https:\/\/i0.wp.com\/idnu.ch\/wordpress\/wp-content\/uploads\/2019\/04\/leuk_20190422_0085.jpg?fit=750%2C500&#038;ssl=1\" src=\"https:\/\/i0.wp.com\/idnu.ch\/wordpress\/wp-content\/uploads\/2019\/04\/leuk_20190422_0085.jpg?w=254&#038;h=169&#038;ssl=1\" srcset=\"https:\/\/i0.wp.com\/idnu.ch\/wordpress\/wp-content\/uploads\/2019\/04\/leuk_20190422_0085.jpg?w=1280&amp;ssl=1 1280w, https:\/\/i0.wp.com\/idnu.ch\/wordpress\/wp-content\/uploads\/2019\/04\/leuk_20190422_0085.jpg?resize=300%2C200&amp;ssl=1 300w, https:\/\/i0.wp.com\/idnu.ch\/wordpress\/wp-content\/uploads\/2019\/04\/leuk_20190422_0085.jpg?resize=768%2C512&amp;ssl=1 768w, https:\/\/i0.wp.com\/idnu.ch\/wordpress\/wp-content\/uploads\/2019\/04\/leuk_20190422_0085.jpg?resize=1024%2C682&amp;ssl=1 1024w, https:\/\/i0.wp.com\/idnu.ch\/wordpress\/wp-content\/uploads\/2019\/04\/leuk_20190422_0085.jpg?resize=150%2C100&amp;ssl=1 150w\" width=\"254\" height=\"169\" loading=\"lazy\" data-original-width=\"254\" data-original-height=\"169\" itemprop=\"http:\/\/schema.org\/image\" title=\"Selten ist der Weg so gem\u00fctlich\" alt=\"Selten ist der Weg so gem\u00fctlich\" style=\"width: 254px; height: 169px;\" \/> <\/a> <div class=\"tiled-gallery-caption\" itemprop=\"caption description\"> Selten ist der Weg so gem\u00fctlich <\/div> <\/div> <\/div> <!-- close group --> <\/div> <!-- close row --> <\/div>\n<h3><span style=\"letter-spacing: 0.2px;\">Durchs Leukerfeld<\/span><\/h3>\n<p>Nun fahren wir gem\u00fctlicher weiter, durch Agarn ins Leukerfeld, das wir bereits <a href=\"https:\/\/idnu.ch\/wordpress\/auf-safari-im-wallis\/\" target=\"_blank\" rel=\"noopener noreferrer\">2016<\/a> besucht haben. Damals entdeckten wir die wundersch\u00f6nen Bienenfresser, jetzt, im April, sind sie noch nicht da, wir sind ungef\u00e4hr drei Wochen zu fr\u00fch. So geniessen wir die Aussicht vom Beobachtungsh\u00fcgel ohne die bunten V\u00f6gel. Auf einer Wiese nebenan st\u00e4rken sich Braunkehlchen f\u00fcr die Weiterreise, denn sie sind nur auf dem Durchzug, weil sie in der Schweiz fast nirgends mehr ideale Brutgebiete finden, nicht mal im Wallis.<\/p>\n<p>Auf einer Halbinsel suchen wir das Gew\u00e4sser nach V\u00f6gel ab, ausser Kormoranen zeigen sich aber keine. Da kommt ein Ornithologe mit einem Spektiv, stellt es auf und richtet es auf ein Ziel. &#8222;Wollt ihr den <a href=\"https:\/\/www.vogelwarte.ch\/de\/voegel\/voegel-der-schweiz\/purpurreiher\" target=\"_blank\" rel=\"noopener noreferrer\">Purpurreiher<\/a> anschauen?&#8220;, fragt er. Klar wollen wir! Tats\u00e4chlich, da steht am Ufer dieser sch\u00f6ne Vogel! Nicht mal mit dem Feldstecher h\u00e4tten wir den gesehen. &#8222;Moment, ich zeige euch noch den <a href=\"https:\/\/www.vogelwarte.ch\/de\/voegel\/voegel-der-schweiz\/nachtreiher\" target=\"_blank\" rel=\"noopener noreferrer\">Nachtreiher<\/a>.&#8220; Die V\u00f6gel scheinen ihre bevorzugten Pl\u00e4tze zu haben, der Nachtreiher sitzt in einer Birke, kaum sichtbar, selbst mit dem Teleskop nicht.<\/p>\n<figure id=\"attachment_12345\" aria-describedby=\"caption-attachment-12345\" style=\"width: 1280px\" class=\"wp-caption aligncenter\"><a href=\"https:\/\/i0.wp.com\/idnu.ch\/wordpress\/wp-content\/uploads\/2019\/04\/leuk_20190422_0086.jpg?ssl=1\"><img data-recalc-dims=\"1\" loading=\"lazy\" decoding=\"async\" data-attachment-id=\"12345\" data-permalink=\"https:\/\/idnu.ch\/wordpress\/die-biketour-die-dem-foehn-zum-opfer-fiel\/leuk_20190422_0086\/#main\" data-orig-file=\"https:\/\/i0.wp.com\/idnu.ch\/wordpress\/wp-content\/uploads\/2019\/04\/leuk_20190422_0086.jpg?fit=1280%2C853&amp;ssl=1\" data-orig-size=\"1280,853\" data-comments-opened=\"1\" data-image-meta=\"{&quot;aperture&quot;:&quot;8&quot;,&quot;credit&quot;:&quot;Urs Kyburz&quot;,&quot;camera&quot;:&quot;Canon EOS M50&quot;,&quot;caption&quot;:&quot;&quot;,&quot;created_timestamp&quot;:&quot;1555928600&quot;,&quot;copyright&quot;:&quot;\\u00a9 Urs Kyburz&quot;,&quot;focal_length&quot;:&quot;21&quot;,&quot;iso&quot;:&quot;200&quot;,&quot;shutter_speed&quot;:&quot;0.0025&quot;,&quot;title&quot;:&quot;&quot;,&quot;orientation&quot;:&quot;0&quot;}\" data-image-title=\"Sch\u00f6ner Ausblick vom Beobachtungsh\u00fcgel auf die Alte Rhone\" data-image-description=\"\" data-image-caption=\"&lt;p&gt;Sch\u00f6ner Ausblick vom Beobachtungsh\u00fcgel auf die Alte Rhone&lt;\/p&gt;\n\" data-large-file=\"https:\/\/i0.wp.com\/idnu.ch\/wordpress\/wp-content\/uploads\/2019\/04\/leuk_20190422_0086.jpg?fit=750%2C500&amp;ssl=1\" class=\"size-full wp-image-12345\" src=\"https:\/\/i0.wp.com\/idnu.ch\/wordpress\/wp-content\/uploads\/2019\/04\/leuk_20190422_0086.jpg?resize=750%2C500&#038;ssl=1\" alt=\"Sch\u00f6ner Ausblick vom Beobachtungsh\u00fcgel auf die Alte Rhone\" width=\"750\" height=\"500\" srcset=\"https:\/\/i0.wp.com\/idnu.ch\/wordpress\/wp-content\/uploads\/2019\/04\/leuk_20190422_0086.jpg?w=1280&amp;ssl=1 1280w, https:\/\/i0.wp.com\/idnu.ch\/wordpress\/wp-content\/uploads\/2019\/04\/leuk_20190422_0086.jpg?resize=300%2C200&amp;ssl=1 300w, https:\/\/i0.wp.com\/idnu.ch\/wordpress\/wp-content\/uploads\/2019\/04\/leuk_20190422_0086.jpg?resize=768%2C512&amp;ssl=1 768w, https:\/\/i0.wp.com\/idnu.ch\/wordpress\/wp-content\/uploads\/2019\/04\/leuk_20190422_0086.jpg?resize=1024%2C682&amp;ssl=1 1024w, https:\/\/i0.wp.com\/idnu.ch\/wordpress\/wp-content\/uploads\/2019\/04\/leuk_20190422_0086.jpg?resize=150%2C100&amp;ssl=1 150w\" sizes=\"auto, (max-width: 750px) 100vw, 750px\" \/><\/a><figcaption id=\"caption-attachment-12345\" class=\"wp-caption-text\">Sch\u00f6ner Ausblick vom Beobachtungsh\u00fcgel auf die Alte Rhone<\/figcaption><\/figure>\n<h3><span style=\"letter-spacing: 0.2px;\">Der Rhone entlang<\/span><\/h3>\n<p><span style=\"letter-spacing: 0.2px;\">Wir \u00fcberqueren den Rotten, wie der Fluss im Oberwallis heisst, und fahren auf der Rhoneroute 1 Richtung Gampel. Der F\u00f6hn bl\u00e4st heftig, es ist m\u00fchsam zum Vorw\u00e4rtskommen. Die Familie f\u00e4hrt, so gut es geht, in meinem Windschatten. Bei einem Rastplatz legen wir eine Pause ein, die die Jungs zum Springen nutzen.<\/span><\/p>\n<div class=\"tiled-gallery type-rectangular tiled-gallery-unresized\" data-original-width=\"750\" data-carousel-extra='{&quot;blog_id&quot;:1,&quot;permalink&quot;:&quot;https:\\\/\\\/idnu.ch\\\/wordpress\\\/die-biketour-die-dem-foehn-zum-opfer-fiel\\\/&quot;,&quot;likes_blog_id&quot;:100184974}' itemscope itemtype=\"http:\/\/schema.org\/ImageGallery\" > <div class=\"gallery-row\" style=\"width: 750px; height: 335px;\" data-original-width=\"750\" data-original-height=\"335\" > <div class=\"gallery-group images-1\" style=\"width: 501px; height: 335px;\" data-original-width=\"501\" data-original-height=\"335\" > <div class=\"tiled-gallery-item tiled-gallery-item-large\" itemprop=\"associatedMedia\" itemscope itemtype=\"http:\/\/schema.org\/ImageObject\"> <a href=\"https:\/\/idnu.ch\/wordpress\/die-biketour-die-dem-foehn-zum-opfer-fiel\/leuk_20190422_0090\/#main\" border=\"0\" itemprop=\"url\"> <meta itemprop=\"width\" content=\"497\"> <meta itemprop=\"height\" content=\"331\"> <img decoding=\"async\" class=\"\" data-attachment-id=\"12347\" data-orig-file=\"https:\/\/idnu.ch\/wordpress\/wp-content\/uploads\/2019\/04\/leuk_20190422_0090.jpg\" data-orig-size=\"1280,853\" data-comments-opened=\"1\" data-image-meta=\"{&quot;aperture&quot;:&quot;6.3&quot;,&quot;credit&quot;:&quot;Urs Kyburz&quot;,&quot;camera&quot;:&quot;Canon EOS M50&quot;,&quot;caption&quot;:&quot;&quot;,&quot;created_timestamp&quot;:&quot;1555933321&quot;,&quot;copyright&quot;:&quot;\\u00a9 Urs Kyburz&quot;,&quot;focal_length&quot;:&quot;45&quot;,&quot;iso&quot;:&quot;250&quot;,&quot;shutter_speed&quot;:&quot;0.0015625&quot;,&quot;title&quot;:&quot;&quot;,&quot;orientation&quot;:&quot;0&quot;}\" data-image-title=\"\" data-image-description=\"\" data-medium-file=\"https:\/\/i0.wp.com\/idnu.ch\/wordpress\/wp-content\/uploads\/2019\/04\/leuk_20190422_0090.jpg?fit=300%2C200&#038;ssl=1\" data-large-file=\"https:\/\/i0.wp.com\/idnu.ch\/wordpress\/wp-content\/uploads\/2019\/04\/leuk_20190422_0090.jpg?fit=750%2C500&#038;ssl=1\" src=\"https:\/\/i0.wp.com\/idnu.ch\/wordpress\/wp-content\/uploads\/2019\/04\/leuk_20190422_0090.jpg?w=497&#038;h=331&#038;ssl=1\" srcset=\"https:\/\/i0.wp.com\/idnu.ch\/wordpress\/wp-content\/uploads\/2019\/04\/leuk_20190422_0090.jpg?w=1280&amp;ssl=1 1280w, https:\/\/i0.wp.com\/idnu.ch\/wordpress\/wp-content\/uploads\/2019\/04\/leuk_20190422_0090.jpg?resize=300%2C200&amp;ssl=1 300w, https:\/\/i0.wp.com\/idnu.ch\/wordpress\/wp-content\/uploads\/2019\/04\/leuk_20190422_0090.jpg?resize=768%2C512&amp;ssl=1 768w, https:\/\/i0.wp.com\/idnu.ch\/wordpress\/wp-content\/uploads\/2019\/04\/leuk_20190422_0090.jpg?resize=1024%2C682&amp;ssl=1 1024w, https:\/\/i0.wp.com\/idnu.ch\/wordpress\/wp-content\/uploads\/2019\/04\/leuk_20190422_0090.jpg?resize=150%2C100&amp;ssl=1 150w\" width=\"497\" height=\"331\" loading=\"lazy\" data-original-width=\"497\" data-original-height=\"331\" itemprop=\"http:\/\/schema.org\/image\" title=\"\" alt=\"Fabian beim Springen\" style=\"width: 497px; height: 331px;\" \/> <\/a> <\/div> <\/div> <!-- close group --> <div class=\"gallery-group images-2\" style=\"width: 249px; height: 335px;\" data-original-width=\"249\" data-original-height=\"335\" > <div class=\"tiled-gallery-item tiled-gallery-item-small\" itemprop=\"associatedMedia\" itemscope itemtype=\"http:\/\/schema.org\/ImageObject\"> <a href=\"https:\/\/idnu.ch\/wordpress\/die-biketour-die-dem-foehn-zum-opfer-fiel\/leuk_20190422_0091\/#main\" border=\"0\" itemprop=\"url\"> <meta itemprop=\"width\" content=\"245\"> <meta itemprop=\"height\" content=\"164\"> <img decoding=\"async\" class=\"\" data-attachment-id=\"12348\" data-orig-file=\"https:\/\/idnu.ch\/wordpress\/wp-content\/uploads\/2019\/04\/leuk_20190422_0091.jpg\" data-orig-size=\"1280,853\" data-comments-opened=\"1\" data-image-meta=\"{&quot;aperture&quot;:&quot;6.3&quot;,&quot;credit&quot;:&quot;Urs Kyburz&quot;,&quot;camera&quot;:&quot;Canon EOS M50&quot;,&quot;caption&quot;:&quot;&quot;,&quot;created_timestamp&quot;:&quot;1555933321&quot;,&quot;copyright&quot;:&quot;\\u00a9 Urs Kyburz&quot;,&quot;focal_length&quot;:&quot;45&quot;,&quot;iso&quot;:&quot;250&quot;,&quot;shutter_speed&quot;:&quot;0.0015625&quot;,&quot;title&quot;:&quot;&quot;,&quot;orientation&quot;:&quot;0&quot;}\" data-image-title=\"\" data-image-description=\"\" data-medium-file=\"https:\/\/i0.wp.com\/idnu.ch\/wordpress\/wp-content\/uploads\/2019\/04\/leuk_20190422_0091.jpg?fit=300%2C200&#038;ssl=1\" data-large-file=\"https:\/\/i0.wp.com\/idnu.ch\/wordpress\/wp-content\/uploads\/2019\/04\/leuk_20190422_0091.jpg?fit=750%2C500&#038;ssl=1\" src=\"https:\/\/i0.wp.com\/idnu.ch\/wordpress\/wp-content\/uploads\/2019\/04\/leuk_20190422_0091.jpg?w=245&#038;h=164&#038;ssl=1\" srcset=\"https:\/\/i0.wp.com\/idnu.ch\/wordpress\/wp-content\/uploads\/2019\/04\/leuk_20190422_0091.jpg?w=1280&amp;ssl=1 1280w, https:\/\/i0.wp.com\/idnu.ch\/wordpress\/wp-content\/uploads\/2019\/04\/leuk_20190422_0091.jpg?resize=300%2C200&amp;ssl=1 300w, https:\/\/i0.wp.com\/idnu.ch\/wordpress\/wp-content\/uploads\/2019\/04\/leuk_20190422_0091.jpg?resize=768%2C512&amp;ssl=1 768w, https:\/\/i0.wp.com\/idnu.ch\/wordpress\/wp-content\/uploads\/2019\/04\/leuk_20190422_0091.jpg?resize=1024%2C682&amp;ssl=1 1024w, https:\/\/i0.wp.com\/idnu.ch\/wordpress\/wp-content\/uploads\/2019\/04\/leuk_20190422_0091.jpg?resize=150%2C100&amp;ssl=1 150w\" width=\"245\" height=\"164\" loading=\"lazy\" data-original-width=\"245\" data-original-height=\"164\" itemprop=\"http:\/\/schema.org\/image\" title=\"\" alt=\"Fabian beim Springen\" style=\"width: 245px; height: 164px;\" \/> <\/a> <\/div> <div class=\"tiled-gallery-item tiled-gallery-item-small\" itemprop=\"associatedMedia\" itemscope itemtype=\"http:\/\/schema.org\/ImageObject\"> <a href=\"https:\/\/idnu.ch\/wordpress\/die-biketour-die-dem-foehn-zum-opfer-fiel\/leuk_20190422_0093\/#main\" border=\"0\" itemprop=\"url\"> <meta itemprop=\"width\" content=\"245\"> <meta itemprop=\"height\" content=\"163\"> <img decoding=\"async\" class=\"\" data-attachment-id=\"12349\" data-orig-file=\"https:\/\/idnu.ch\/wordpress\/wp-content\/uploads\/2019\/04\/leuk_20190422_0093.jpg\" data-orig-size=\"1280,853\" data-comments-opened=\"1\" data-image-meta=\"{&quot;aperture&quot;:&quot;6.3&quot;,&quot;credit&quot;:&quot;Urs Kyburz&quot;,&quot;camera&quot;:&quot;Canon EOS M50&quot;,&quot;caption&quot;:&quot;&quot;,&quot;created_timestamp&quot;:&quot;1555933340&quot;,&quot;copyright&quot;:&quot;\\u00a9 Urs Kyburz&quot;,&quot;focal_length&quot;:&quot;45&quot;,&quot;iso&quot;:&quot;200&quot;,&quot;shutter_speed&quot;:&quot;0.0015625&quot;,&quot;title&quot;:&quot;&quot;,&quot;orientation&quot;:&quot;0&quot;}\" data-image-title=\"\" data-image-description=\"\" data-medium-file=\"https:\/\/i0.wp.com\/idnu.ch\/wordpress\/wp-content\/uploads\/2019\/04\/leuk_20190422_0093.jpg?fit=300%2C200&#038;ssl=1\" data-large-file=\"https:\/\/i0.wp.com\/idnu.ch\/wordpress\/wp-content\/uploads\/2019\/04\/leuk_20190422_0093.jpg?fit=750%2C500&#038;ssl=1\" src=\"https:\/\/i0.wp.com\/idnu.ch\/wordpress\/wp-content\/uploads\/2019\/04\/leuk_20190422_0093.jpg?w=245&#038;h=163&#038;ssl=1\" srcset=\"https:\/\/i0.wp.com\/idnu.ch\/wordpress\/wp-content\/uploads\/2019\/04\/leuk_20190422_0093.jpg?w=1280&amp;ssl=1 1280w, https:\/\/i0.wp.com\/idnu.ch\/wordpress\/wp-content\/uploads\/2019\/04\/leuk_20190422_0093.jpg?resize=300%2C200&amp;ssl=1 300w, https:\/\/i0.wp.com\/idnu.ch\/wordpress\/wp-content\/uploads\/2019\/04\/leuk_20190422_0093.jpg?resize=768%2C512&amp;ssl=1 768w, https:\/\/i0.wp.com\/idnu.ch\/wordpress\/wp-content\/uploads\/2019\/04\/leuk_20190422_0093.jpg?resize=1024%2C682&amp;ssl=1 1024w, https:\/\/i0.wp.com\/idnu.ch\/wordpress\/wp-content\/uploads\/2019\/04\/leuk_20190422_0093.jpg?resize=150%2C100&amp;ssl=1 150w\" width=\"245\" height=\"163\" loading=\"lazy\" data-original-width=\"245\" data-original-height=\"163\" itemprop=\"http:\/\/schema.org\/image\" title=\"\" alt=\"Fabian beim Springen\" style=\"width: 245px; height: 163px;\" \/> <\/a> <\/div> <\/div> <!-- close group --> <\/div> <!-- close row --> <div class=\"gallery-row\" style=\"width: 750px; height: 501px;\" data-original-width=\"750\" data-original-height=\"501\" > <div class=\"gallery-group images-1\" style=\"width: 750px; height: 501px;\" data-original-width=\"750\" data-original-height=\"501\" > <div class=\"tiled-gallery-item tiled-gallery-item-large\" itemprop=\"associatedMedia\" itemscope itemtype=\"http:\/\/schema.org\/ImageObject\"> <a href=\"https:\/\/idnu.ch\/wordpress\/die-biketour-die-dem-foehn-zum-opfer-fiel\/leuk_20190422_0095\/#main\" border=\"0\" itemprop=\"url\"> <meta itemprop=\"width\" content=\"746\"> <meta itemprop=\"height\" content=\"497\"> <img decoding=\"async\" class=\"\" data-attachment-id=\"12350\" data-orig-file=\"https:\/\/idnu.ch\/wordpress\/wp-content\/uploads\/2019\/04\/leuk_20190422_0095.jpg\" data-orig-size=\"1280,853\" data-comments-opened=\"1\" data-image-meta=\"{&quot;aperture&quot;:&quot;7.1&quot;,&quot;credit&quot;:&quot;Urs Kyburz&quot;,&quot;camera&quot;:&quot;Canon EOS M50&quot;,&quot;caption&quot;:&quot;&quot;,&quot;created_timestamp&quot;:&quot;1555933350&quot;,&quot;copyright&quot;:&quot;\\u00a9 Urs Kyburz&quot;,&quot;focal_length&quot;:&quot;45&quot;,&quot;iso&quot;:&quot;250&quot;,&quot;shutter_speed&quot;:&quot;0.0015625&quot;,&quot;title&quot;:&quot;&quot;,&quot;orientation&quot;:&quot;0&quot;}\" data-image-title=\"\" data-image-description=\"\" data-medium-file=\"https:\/\/i0.wp.com\/idnu.ch\/wordpress\/wp-content\/uploads\/2019\/04\/leuk_20190422_0095.jpg?fit=300%2C200&#038;ssl=1\" data-large-file=\"https:\/\/i0.wp.com\/idnu.ch\/wordpress\/wp-content\/uploads\/2019\/04\/leuk_20190422_0095.jpg?fit=750%2C500&#038;ssl=1\" src=\"https:\/\/i0.wp.com\/idnu.ch\/wordpress\/wp-content\/uploads\/2019\/04\/leuk_20190422_0095.jpg?w=746&#038;h=497&#038;ssl=1\" srcset=\"https:\/\/i0.wp.com\/idnu.ch\/wordpress\/wp-content\/uploads\/2019\/04\/leuk_20190422_0095.jpg?w=1280&amp;ssl=1 1280w, https:\/\/i0.wp.com\/idnu.ch\/wordpress\/wp-content\/uploads\/2019\/04\/leuk_20190422_0095.jpg?resize=300%2C200&amp;ssl=1 300w, https:\/\/i0.wp.com\/idnu.ch\/wordpress\/wp-content\/uploads\/2019\/04\/leuk_20190422_0095.jpg?resize=768%2C512&amp;ssl=1 768w, https:\/\/i0.wp.com\/idnu.ch\/wordpress\/wp-content\/uploads\/2019\/04\/leuk_20190422_0095.jpg?resize=1024%2C682&amp;ssl=1 1024w, https:\/\/i0.wp.com\/idnu.ch\/wordpress\/wp-content\/uploads\/2019\/04\/leuk_20190422_0095.jpg?resize=150%2C100&amp;ssl=1 150w\" width=\"746\" height=\"497\" loading=\"lazy\" data-original-width=\"746\" data-original-height=\"497\" itemprop=\"http:\/\/schema.org\/image\" title=\"\" alt=\"Silvan beim Springen\" style=\"width: 746px; height: 497px;\" \/> <\/a> <\/div> <\/div> <!-- close group --> <\/div> <!-- close row --> <\/div>\n<p><span style=\"letter-spacing: 0.2px;\">Trotz F\u00f6hnsturm erreichen wir Gampel, wo wir mit der Seilbahn hoch nach Jeizinen wollen. &#8222;Tut mir leid, die Bahn f\u00e4hrt nicht wegen dem Wind.&#8220; Tja. Sieht nach einer Plan\u00e4nderung aus, die Biketour f\u00e4llt also dem F\u00f6hn zum Opfer, zumindest in dieser Variante. Wir fahren auf dem gleichen Weg zur\u00fcck, diesmal allerdings wesentlich gem\u00fctlicher wegen dem R\u00fcckenwind. Bei der ARA hat die Frau wieder einen Weg auf der Karte gesehen, den wir nun suchen. Die Karte scheint aber nicht mehr mit der Realit\u00e4t \u00fcbereinzustimmen, denn wir finden den Weg nach einigen Irrungen an einem anderen Ort, mitten im Schilf. Bald sind wir aber auf coolen Singletrails, fahren zwischen den B\u00fcschen hindurch. Schon auf der Hinfahrt haben wir die Schlucht gesehen dort, nun wollen wir den Schluchtausgang n\u00e4her inspizieren in der Hoffnung, einen <a href=\"https:\/\/www.vogelwarte.ch\/de\/voegel\/voegel-der-schweiz\/mauerlaeufer\" target=\"_blank\" rel=\"noopener noreferrer\">Mauerl\u00e4ufer<\/a> zu sehen, jenen schmetterlingshaften farbigen Vogel, der sich mit Vorliebe in senkrechten Felsw\u00e4nden aufh\u00e4lt. Auf dem Weg dorthin entdeckt Silvan eine sch\u00f6ne Smaragdeidechse, genauer eine <a href=\"http:\/\/karch.ch\/karch\/Smaragdeidechse\" target=\"_blank\" rel=\"noopener noreferrer\">Westliche Smarageidechse<\/a>, wie wir sp\u00e4ter belehrt werden von einem Spezialisten der <a href=\"http:\/\/karch.ch\/\" target=\"_blank\" rel=\"noopener noreferrer\">karch<\/a>. Den Mauerl\u00e4ufer sehen wir nicht, aber das Gebiet scheint zum Klettern geeignet zu sein, allerdings ist es nicht anf\u00e4ngertauglich, die Schwierigkeiten bewegen sich in h\u00f6heren Graden.<\/span><\/p>\n<div class=\"tiled-gallery type-rectangular tiled-gallery-unresized\" data-original-width=\"750\" data-carousel-extra='{&quot;blog_id&quot;:1,&quot;permalink&quot;:&quot;https:\\\/\\\/idnu.ch\\\/wordpress\\\/die-biketour-die-dem-foehn-zum-opfer-fiel\\\/&quot;,&quot;likes_blog_id&quot;:100184974}' itemscope itemtype=\"http:\/\/schema.org\/ImageGallery\" > <div class=\"gallery-row\" style=\"width: 750px; height: 643px;\" data-original-width=\"750\" data-original-height=\"643\" > <div class=\"gallery-group images-3\" style=\"width: 320px; height: 643px;\" data-original-width=\"320\" data-original-height=\"643\" > <div class=\"tiled-gallery-item tiled-gallery-item-large\" itemprop=\"associatedMedia\" itemscope itemtype=\"http:\/\/schema.org\/ImageObject\"> <a href=\"https:\/\/idnu.ch\/wordpress\/die-biketour-die-dem-foehn-zum-opfer-fiel\/leuk_20190422_0100\/#main\" border=\"0\" itemprop=\"url\"> <meta itemprop=\"width\" content=\"316\"> <meta itemprop=\"height\" content=\"211\"> <img decoding=\"async\" class=\"\" data-attachment-id=\"12352\" data-orig-file=\"https:\/\/idnu.ch\/wordpress\/wp-content\/uploads\/2019\/04\/leuk_20190422_0100.jpg\" data-orig-size=\"1280,853\" data-comments-opened=\"1\" data-image-meta=\"{&quot;aperture&quot;:&quot;6.3&quot;,&quot;credit&quot;:&quot;Urs Kyburz&quot;,&quot;camera&quot;:&quot;Canon EOS M50&quot;,&quot;caption&quot;:&quot;&quot;,&quot;created_timestamp&quot;:&quot;1555936941&quot;,&quot;copyright&quot;:&quot;\\u00a9 Urs Kyburz&quot;,&quot;focal_length&quot;:&quot;45&quot;,&quot;iso&quot;:&quot;200&quot;,&quot;shutter_speed&quot;:&quot;0.003125&quot;,&quot;title&quot;:&quot;&quot;,&quot;orientation&quot;:&quot;0&quot;}\" data-image-title=\"Mit R\u00fcckenwind zur\u00fcck\" data-image-description=\"\" data-medium-file=\"https:\/\/i0.wp.com\/idnu.ch\/wordpress\/wp-content\/uploads\/2019\/04\/leuk_20190422_0100.jpg?fit=300%2C200&#038;ssl=1\" data-large-file=\"https:\/\/i0.wp.com\/idnu.ch\/wordpress\/wp-content\/uploads\/2019\/04\/leuk_20190422_0100.jpg?fit=750%2C500&#038;ssl=1\" src=\"https:\/\/i0.wp.com\/idnu.ch\/wordpress\/wp-content\/uploads\/2019\/04\/leuk_20190422_0100.jpg?w=316&#038;h=211&#038;ssl=1\" srcset=\"https:\/\/i0.wp.com\/idnu.ch\/wordpress\/wp-content\/uploads\/2019\/04\/leuk_20190422_0100.jpg?w=1280&amp;ssl=1 1280w, https:\/\/i0.wp.com\/idnu.ch\/wordpress\/wp-content\/uploads\/2019\/04\/leuk_20190422_0100.jpg?resize=300%2C200&amp;ssl=1 300w, https:\/\/i0.wp.com\/idnu.ch\/wordpress\/wp-content\/uploads\/2019\/04\/leuk_20190422_0100.jpg?resize=768%2C512&amp;ssl=1 768w, https:\/\/i0.wp.com\/idnu.ch\/wordpress\/wp-content\/uploads\/2019\/04\/leuk_20190422_0100.jpg?resize=1024%2C682&amp;ssl=1 1024w, https:\/\/i0.wp.com\/idnu.ch\/wordpress\/wp-content\/uploads\/2019\/04\/leuk_20190422_0100.jpg?resize=150%2C100&amp;ssl=1 150w\" width=\"316\" height=\"211\" loading=\"lazy\" data-original-width=\"316\" data-original-height=\"211\" itemprop=\"http:\/\/schema.org\/image\" title=\"Mit R\u00fcckenwind zur\u00fcck\" alt=\"Mit R\u00fcckenwind zur\u00fcck\" style=\"width: 316px; height: 211px;\" \/> <\/a> <div class=\"tiled-gallery-caption\" itemprop=\"caption description\"> Mit R\u00fcckenwind zur\u00fcck <\/div> <\/div> <div class=\"tiled-gallery-item tiled-gallery-item-large\" itemprop=\"associatedMedia\" itemscope itemtype=\"http:\/\/schema.org\/ImageObject\"> <a href=\"https:\/\/idnu.ch\/wordpress\/die-biketour-die-dem-foehn-zum-opfer-fiel\/leuk_20190422_0102\/#main\" border=\"0\" itemprop=\"url\"> <meta itemprop=\"width\" content=\"316\"> <meta itemprop=\"height\" content=\"210\"> <img decoding=\"async\" class=\"\" data-attachment-id=\"12353\" data-orig-file=\"https:\/\/idnu.ch\/wordpress\/wp-content\/uploads\/2019\/04\/leuk_20190422_0102.jpg\" data-orig-size=\"1280,853\" data-comments-opened=\"1\" data-image-meta=\"{&quot;aperture&quot;:&quot;10&quot;,&quot;credit&quot;:&quot;Urs Kyburz&quot;,&quot;camera&quot;:&quot;Canon EOS M50&quot;,&quot;caption&quot;:&quot;&quot;,&quot;created_timestamp&quot;:&quot;1555938099&quot;,&quot;copyright&quot;:&quot;\\u00a9 Urs Kyburz&quot;,&quot;focal_length&quot;:&quot;37&quot;,&quot;iso&quot;:&quot;200&quot;,&quot;shutter_speed&quot;:&quot;0.003125&quot;,&quot;title&quot;:&quot;&quot;,&quot;orientation&quot;:&quot;0&quot;}\" data-image-title=\"Ein sch\u00f6nes Panorama beim Radeln\" data-image-description=\"\" data-medium-file=\"https:\/\/i0.wp.com\/idnu.ch\/wordpress\/wp-content\/uploads\/2019\/04\/leuk_20190422_0102.jpg?fit=300%2C200&#038;ssl=1\" data-large-file=\"https:\/\/i0.wp.com\/idnu.ch\/wordpress\/wp-content\/uploads\/2019\/04\/leuk_20190422_0102.jpg?fit=750%2C500&#038;ssl=1\" src=\"https:\/\/i0.wp.com\/idnu.ch\/wordpress\/wp-content\/uploads\/2019\/04\/leuk_20190422_0102.jpg?w=316&#038;h=210&#038;ssl=1\" srcset=\"https:\/\/i0.wp.com\/idnu.ch\/wordpress\/wp-content\/uploads\/2019\/04\/leuk_20190422_0102.jpg?w=1280&amp;ssl=1 1280w, https:\/\/i0.wp.com\/idnu.ch\/wordpress\/wp-content\/uploads\/2019\/04\/leuk_20190422_0102.jpg?resize=300%2C200&amp;ssl=1 300w, https:\/\/i0.wp.com\/idnu.ch\/wordpress\/wp-content\/uploads\/2019\/04\/leuk_20190422_0102.jpg?resize=768%2C512&amp;ssl=1 768w, https:\/\/i0.wp.com\/idnu.ch\/wordpress\/wp-content\/uploads\/2019\/04\/leuk_20190422_0102.jpg?resize=1024%2C682&amp;ssl=1 1024w, https:\/\/i0.wp.com\/idnu.ch\/wordpress\/wp-content\/uploads\/2019\/04\/leuk_20190422_0102.jpg?resize=150%2C100&amp;ssl=1 150w\" width=\"316\" height=\"210\" loading=\"lazy\" data-original-width=\"316\" data-original-height=\"210\" itemprop=\"http:\/\/schema.org\/image\" title=\"Ein sch\u00f6nes Panorama beim Radeln\" alt=\"Ein sch\u00f6nes Panorama beim Radeln\" style=\"width: 316px; height: 210px;\" \/> <\/a> <div class=\"tiled-gallery-caption\" itemprop=\"caption description\"> Ein sch\u00f6nes Panorama beim Radeln <\/div> <\/div> <div class=\"tiled-gallery-item tiled-gallery-item-large\" itemprop=\"associatedMedia\" itemscope itemtype=\"http:\/\/schema.org\/ImageObject\"> <a href=\"https:\/\/idnu.ch\/wordpress\/die-biketour-die-dem-foehn-zum-opfer-fiel\/leuk_20190422_0108\/#main\" border=\"0\" itemprop=\"url\"> <meta itemprop=\"width\" content=\"316\"> <meta itemprop=\"height\" content=\"210\"> <img decoding=\"async\" class=\"\" data-attachment-id=\"12354\" data-orig-file=\"https:\/\/idnu.ch\/wordpress\/wp-content\/uploads\/2019\/04\/leuk_20190422_0108.jpg\" data-orig-size=\"1280,853\" data-comments-opened=\"1\" data-image-meta=\"{&quot;aperture&quot;:&quot;7.1&quot;,&quot;credit&quot;:&quot;Urs Kyburz&quot;,&quot;camera&quot;:&quot;Canon EOS M50&quot;,&quot;caption&quot;:&quot;&quot;,&quot;created_timestamp&quot;:&quot;1555938316&quot;,&quot;copyright&quot;:&quot;\\u00a9 Urs Kyburz&quot;,&quot;focal_length&quot;:&quot;23&quot;,&quot;iso&quot;:&quot;200&quot;,&quot;shutter_speed&quot;:&quot;0.0015625&quot;,&quot;title&quot;:&quot;&quot;,&quot;orientation&quot;:&quot;0&quot;}\" data-image-title=\"Im Talboden zur\u00fcck\" data-image-description=\"\" data-medium-file=\"https:\/\/i0.wp.com\/idnu.ch\/wordpress\/wp-content\/uploads\/2019\/04\/leuk_20190422_0108.jpg?fit=300%2C200&#038;ssl=1\" data-large-file=\"https:\/\/i0.wp.com\/idnu.ch\/wordpress\/wp-content\/uploads\/2019\/04\/leuk_20190422_0108.jpg?fit=750%2C500&#038;ssl=1\" src=\"https:\/\/i0.wp.com\/idnu.ch\/wordpress\/wp-content\/uploads\/2019\/04\/leuk_20190422_0108.jpg?w=316&#038;h=210&#038;ssl=1\" srcset=\"https:\/\/i0.wp.com\/idnu.ch\/wordpress\/wp-content\/uploads\/2019\/04\/leuk_20190422_0108.jpg?w=1280&amp;ssl=1 1280w, https:\/\/i0.wp.com\/idnu.ch\/wordpress\/wp-content\/uploads\/2019\/04\/leuk_20190422_0108.jpg?resize=300%2C200&amp;ssl=1 300w, https:\/\/i0.wp.com\/idnu.ch\/wordpress\/wp-content\/uploads\/2019\/04\/leuk_20190422_0108.jpg?resize=768%2C512&amp;ssl=1 768w, https:\/\/i0.wp.com\/idnu.ch\/wordpress\/wp-content\/uploads\/2019\/04\/leuk_20190422_0108.jpg?resize=1024%2C682&amp;ssl=1 1024w, https:\/\/i0.wp.com\/idnu.ch\/wordpress\/wp-content\/uploads\/2019\/04\/leuk_20190422_0108.jpg?resize=150%2C100&amp;ssl=1 150w\" width=\"316\" height=\"210\" loading=\"lazy\" data-original-width=\"316\" data-original-height=\"210\" itemprop=\"http:\/\/schema.org\/image\" title=\"Im Talboden zur\u00fcck\" alt=\"Im Talboden zur\u00fcck\" style=\"width: 316px; height: 210px;\" \/> <\/a> <div class=\"tiled-gallery-caption\" itemprop=\"caption description\"> Mit 15 Jahren <\/div> <\/div> <\/div> <!-- close group --> <div class=\"gallery-group images-1\" style=\"width: 430px; height: 643px;\" data-original-width=\"430\" data-original-height=\"643\" > <div class=\"tiled-gallery-item tiled-gallery-item-large\" itemprop=\"associatedMedia\" itemscope itemtype=\"http:\/\/schema.org\/ImageObject\"> <a href=\"https:\/\/idnu.ch\/wordpress\/die-biketour-die-dem-foehn-zum-opfer-fiel\/leuk_20190422_0111\/#main\" border=\"0\" itemprop=\"url\"> <meta itemprop=\"width\" content=\"426\"> <meta itemprop=\"height\" content=\"639\"> <img decoding=\"async\" class=\"\" data-attachment-id=\"12355\" data-orig-file=\"https:\/\/idnu.ch\/wordpress\/wp-content\/uploads\/2019\/04\/leuk_20190422_0111.jpg\" data-orig-size=\"853,1280\" data-comments-opened=\"1\" data-image-meta=\"{&quot;aperture&quot;:&quot;8&quot;,&quot;credit&quot;:&quot;Urs Kyburz&quot;,&quot;camera&quot;:&quot;Canon EOS M50&quot;,&quot;caption&quot;:&quot;&quot;,&quot;created_timestamp&quot;:&quot;1555938939&quot;,&quot;copyright&quot;:&quot;\\u00a9 Urs Kyburz&quot;,&quot;focal_length&quot;:&quot;19&quot;,&quot;iso&quot;:&quot;200&quot;,&quot;shutter_speed&quot;:&quot;0.003125&quot;,&quot;title&quot;:&quot;&quot;,&quot;orientation&quot;:&quot;0&quot;}\" data-image-title=\"Die Schlucht, in der offenbar auch immer wieder Pfadis sind\" data-image-description=\"\" data-medium-file=\"https:\/\/i0.wp.com\/idnu.ch\/wordpress\/wp-content\/uploads\/2019\/04\/leuk_20190422_0111.jpg?fit=200%2C300&#038;ssl=1\" data-large-file=\"https:\/\/i0.wp.com\/idnu.ch\/wordpress\/wp-content\/uploads\/2019\/04\/leuk_20190422_0111.jpg?fit=682%2C1024&#038;ssl=1\" src=\"https:\/\/i0.wp.com\/idnu.ch\/wordpress\/wp-content\/uploads\/2019\/04\/leuk_20190422_0111.jpg?w=426&#038;h=639&#038;ssl=1\" srcset=\"https:\/\/i0.wp.com\/idnu.ch\/wordpress\/wp-content\/uploads\/2019\/04\/leuk_20190422_0111.jpg?w=853&amp;ssl=1 853w, https:\/\/i0.wp.com\/idnu.ch\/wordpress\/wp-content\/uploads\/2019\/04\/leuk_20190422_0111.jpg?resize=200%2C300&amp;ssl=1 200w, https:\/\/i0.wp.com\/idnu.ch\/wordpress\/wp-content\/uploads\/2019\/04\/leuk_20190422_0111.jpg?resize=768%2C1152&amp;ssl=1 768w, https:\/\/i0.wp.com\/idnu.ch\/wordpress\/wp-content\/uploads\/2019\/04\/leuk_20190422_0111.jpg?resize=682%2C1024&amp;ssl=1 682w, https:\/\/i0.wp.com\/idnu.ch\/wordpress\/wp-content\/uploads\/2019\/04\/leuk_20190422_0111.jpg?resize=67%2C100&amp;ssl=1 67w\" width=\"426\" height=\"639\" loading=\"lazy\" data-original-width=\"426\" data-original-height=\"639\" itemprop=\"http:\/\/schema.org\/image\" title=\"Die Schlucht, in der offenbar auch immer wieder Pfadis sind\" alt=\"Die Schlucht, in der offenbar auch immer wieder Pfadis sind\" style=\"width: 426px; height: 639px;\" \/> <\/a> <div class=\"tiled-gallery-caption\" itemprop=\"caption description\"> Die Schlucht, in der offenbar auch immer wieder Pfadis sind <\/div> <\/div> <\/div> <!-- close group --> <\/div> <!-- close row --> <\/div>\n<h3>Singletrail mit Aussicht<\/h3>\n<p>Wir fahren weiter der Rhone entlang, der Weg steigt kurz leicht an, wird eng und felsig und geht dann mehr oder weniger ebenaus. So richtig cool halt, was auch die Giele zu w\u00fcrdigen wissen. Bald erreichen wir aber wieder eine Asphaltstrasse, fahren nun abw\u00e4rts nach Leuk. Unten sehe ich eine Br\u00fccke, w\u00e4re sch\u00f6n, wenn wir die \u00fcberqueren k\u00f6nnten, damit wir nicht auf die stark befahrene Strasse m\u00fcssen. Beim N\u00e4herkommen stellt sich aber heraus, dass das nicht so eine gute Idee w\u00e4re, die Br\u00fccke ist verrostet und die Bretter verfault. Sie ist ein \u00dcberbleibsel der ehemaligen <a href=\"https:\/\/de.wikipedia.org\/wiki\/Leuk-Leukerbad-Bahn\" target=\"_blank\" rel=\"noopener noreferrer\">Bahn nach Leukerbad<\/a>, deren Betrieb 1967 eingestellt wurde. Wir brauchen trotzdem nicht auf die Strasse auszuweichen, ein separater Rad- und Fussweg f\u00fchrt uns zur\u00fcck zum Bahnhof Leuk. Bleibt nur noch der steile Weg hoch zu unserer Wohnung&#8230;<\/p>\n<div class=\"tiled-gallery type-rectangular tiled-gallery-unresized\" data-original-width=\"750\" data-carousel-extra='{&quot;blog_id&quot;:1,&quot;permalink&quot;:&quot;https:\\\/\\\/idnu.ch\\\/wordpress\\\/die-biketour-die-dem-foehn-zum-opfer-fiel\\\/&quot;,&quot;likes_blog_id&quot;:100184974}' itemscope itemtype=\"http:\/\/schema.org\/ImageGallery\" > <div class=\"gallery-row\" style=\"width: 750px; height: 530px;\" data-original-width=\"750\" data-original-height=\"530\" > <div class=\"gallery-group images-2\" style=\"width: 396px; height: 530px;\" data-original-width=\"396\" data-original-height=\"530\" > <div class=\"tiled-gallery-item tiled-gallery-item-large\" itemprop=\"associatedMedia\" itemscope itemtype=\"http:\/\/schema.org\/ImageObject\"> <a href=\"https:\/\/idnu.ch\/wordpress\/die-biketour-die-dem-foehn-zum-opfer-fiel\/leuk_20190422_0112\/#main\" border=\"0\" itemprop=\"url\"> <meta itemprop=\"width\" content=\"392\"> <meta itemprop=\"height\" content=\"261\"> <img decoding=\"async\" class=\"\" data-attachment-id=\"12359\" data-orig-file=\"https:\/\/idnu.ch\/wordpress\/wp-content\/uploads\/2019\/04\/leuk_20190422_0112.jpg\" data-orig-size=\"1280,853\" data-comments-opened=\"1\" data-image-meta=\"{&quot;aperture&quot;:&quot;8&quot;,&quot;credit&quot;:&quot;Urs Kyburz&quot;,&quot;camera&quot;:&quot;Canon EOS M50&quot;,&quot;caption&quot;:&quot;&quot;,&quot;created_timestamp&quot;:&quot;1555939939&quot;,&quot;copyright&quot;:&quot;\\u00a9 Urs Kyburz&quot;,&quot;focal_length&quot;:&quot;20&quot;,&quot;iso&quot;:&quot;200&quot;,&quot;shutter_speed&quot;:&quot;0.0015625&quot;,&quot;title&quot;:&quot;&quot;,&quot;orientation&quot;:&quot;0&quot;}\" data-image-title=\"\" data-image-description=\"\" data-medium-file=\"https:\/\/i0.wp.com\/idnu.ch\/wordpress\/wp-content\/uploads\/2019\/04\/leuk_20190422_0112.jpg?fit=300%2C200&#038;ssl=1\" data-large-file=\"https:\/\/i0.wp.com\/idnu.ch\/wordpress\/wp-content\/uploads\/2019\/04\/leuk_20190422_0112.jpg?fit=750%2C500&#038;ssl=1\" src=\"https:\/\/i0.wp.com\/idnu.ch\/wordpress\/wp-content\/uploads\/2019\/04\/leuk_20190422_0112.jpg?w=392&#038;h=261&#038;ssl=1\" srcset=\"https:\/\/i0.wp.com\/idnu.ch\/wordpress\/wp-content\/uploads\/2019\/04\/leuk_20190422_0112.jpg?w=1280&amp;ssl=1 1280w, https:\/\/i0.wp.com\/idnu.ch\/wordpress\/wp-content\/uploads\/2019\/04\/leuk_20190422_0112.jpg?resize=300%2C200&amp;ssl=1 300w, https:\/\/i0.wp.com\/idnu.ch\/wordpress\/wp-content\/uploads\/2019\/04\/leuk_20190422_0112.jpg?resize=768%2C512&amp;ssl=1 768w, https:\/\/i0.wp.com\/idnu.ch\/wordpress\/wp-content\/uploads\/2019\/04\/leuk_20190422_0112.jpg?resize=1024%2C682&amp;ssl=1 1024w, https:\/\/i0.wp.com\/idnu.ch\/wordpress\/wp-content\/uploads\/2019\/04\/leuk_20190422_0112.jpg?resize=150%2C100&amp;ssl=1 150w\" width=\"392\" height=\"261\" loading=\"lazy\" data-original-width=\"392\" data-original-height=\"261\" itemprop=\"http:\/\/schema.org\/image\" title=\"\" alt=\"Fabian auf dem Felsentrail\" style=\"width: 392px; height: 261px;\" \/> <\/a> <\/div> <div class=\"tiled-gallery-item tiled-gallery-item-large\" itemprop=\"associatedMedia\" itemscope itemtype=\"http:\/\/schema.org\/ImageObject\"> <a href=\"https:\/\/idnu.ch\/wordpress\/die-biketour-die-dem-foehn-zum-opfer-fiel\/leuk_20190422_0116\/#main\" border=\"0\" itemprop=\"url\"> <meta itemprop=\"width\" content=\"392\"> <meta itemprop=\"height\" content=\"261\"> <img decoding=\"async\" class=\"\" data-attachment-id=\"12360\" data-orig-file=\"https:\/\/idnu.ch\/wordpress\/wp-content\/uploads\/2019\/04\/leuk_20190422_0116.jpg\" data-orig-size=\"1280,853\" data-comments-opened=\"1\" data-image-meta=\"{&quot;aperture&quot;:&quot;8&quot;,&quot;credit&quot;:&quot;Urs Kyburz&quot;,&quot;camera&quot;:&quot;Canon EOS M50&quot;,&quot;caption&quot;:&quot;&quot;,&quot;created_timestamp&quot;:&quot;1555939950&quot;,&quot;copyright&quot;:&quot;\\u00a9 Urs Kyburz&quot;,&quot;focal_length&quot;:&quot;35&quot;,&quot;iso&quot;:&quot;200&quot;,&quot;shutter_speed&quot;:&quot;0.002&quot;,&quot;title&quot;:&quot;&quot;,&quot;orientation&quot;:&quot;0&quot;}\" data-image-title=\"\" data-image-description=\"\" data-medium-file=\"https:\/\/i0.wp.com\/idnu.ch\/wordpress\/wp-content\/uploads\/2019\/04\/leuk_20190422_0116.jpg?fit=300%2C200&#038;ssl=1\" data-large-file=\"https:\/\/i0.wp.com\/idnu.ch\/wordpress\/wp-content\/uploads\/2019\/04\/leuk_20190422_0116.jpg?fit=750%2C500&#038;ssl=1\" src=\"https:\/\/i0.wp.com\/idnu.ch\/wordpress\/wp-content\/uploads\/2019\/04\/leuk_20190422_0116.jpg?w=392&#038;h=261&#038;ssl=1\" srcset=\"https:\/\/i0.wp.com\/idnu.ch\/wordpress\/wp-content\/uploads\/2019\/04\/leuk_20190422_0116.jpg?w=1280&amp;ssl=1 1280w, https:\/\/i0.wp.com\/idnu.ch\/wordpress\/wp-content\/uploads\/2019\/04\/leuk_20190422_0116.jpg?resize=300%2C200&amp;ssl=1 300w, https:\/\/i0.wp.com\/idnu.ch\/wordpress\/wp-content\/uploads\/2019\/04\/leuk_20190422_0116.jpg?resize=768%2C512&amp;ssl=1 768w, https:\/\/i0.wp.com\/idnu.ch\/wordpress\/wp-content\/uploads\/2019\/04\/leuk_20190422_0116.jpg?resize=1024%2C682&amp;ssl=1 1024w, https:\/\/i0.wp.com\/idnu.ch\/wordpress\/wp-content\/uploads\/2019\/04\/leuk_20190422_0116.jpg?resize=150%2C100&amp;ssl=1 150w\" width=\"392\" height=\"261\" loading=\"lazy\" data-original-width=\"392\" data-original-height=\"261\" itemprop=\"http:\/\/schema.org\/image\" title=\"\" alt=\"Silvan auf dem Felsentrail\" style=\"width: 392px; height: 261px;\" \/> <\/a> <\/div> <\/div> <!-- close group --> <div class=\"gallery-group images-1\" style=\"width: 354px; height: 530px;\" data-original-width=\"354\" data-original-height=\"530\" > <div class=\"tiled-gallery-item tiled-gallery-item-large\" itemprop=\"associatedMedia\" itemscope itemtype=\"http:\/\/schema.org\/ImageObject\"> <a href=\"https:\/\/idnu.ch\/wordpress\/die-biketour-die-dem-foehn-zum-opfer-fiel\/leuk_20190422_0117\/#main\" border=\"0\" itemprop=\"url\"> <meta itemprop=\"width\" content=\"350\"> <meta itemprop=\"height\" content=\"526\"> <img decoding=\"async\" class=\"\" data-attachment-id=\"12361\" data-orig-file=\"https:\/\/idnu.ch\/wordpress\/wp-content\/uploads\/2019\/04\/leuk_20190422_0117.jpg\" data-orig-size=\"853,1280\" data-comments-opened=\"1\" data-image-meta=\"{&quot;aperture&quot;:&quot;8&quot;,&quot;credit&quot;:&quot;Urs Kyburz&quot;,&quot;camera&quot;:&quot;Canon EOS M50&quot;,&quot;caption&quot;:&quot;&quot;,&quot;created_timestamp&quot;:&quot;1555939968&quot;,&quot;copyright&quot;:&quot;\\u00a9 Urs Kyburz&quot;,&quot;focal_length&quot;:&quot;45&quot;,&quot;iso&quot;:&quot;200&quot;,&quot;shutter_speed&quot;:&quot;0.00125&quot;,&quot;title&quot;:&quot;&quot;,&quot;orientation&quot;:&quot;0&quot;}\" data-image-title=\"\" data-image-description=\"\" data-medium-file=\"https:\/\/i0.wp.com\/idnu.ch\/wordpress\/wp-content\/uploads\/2019\/04\/leuk_20190422_0117.jpg?fit=200%2C300&#038;ssl=1\" data-large-file=\"https:\/\/i0.wp.com\/idnu.ch\/wordpress\/wp-content\/uploads\/2019\/04\/leuk_20190422_0117.jpg?fit=682%2C1024&#038;ssl=1\" src=\"https:\/\/i0.wp.com\/idnu.ch\/wordpress\/wp-content\/uploads\/2019\/04\/leuk_20190422_0117.jpg?w=350&#038;h=526&#038;ssl=1\" srcset=\"https:\/\/i0.wp.com\/idnu.ch\/wordpress\/wp-content\/uploads\/2019\/04\/leuk_20190422_0117.jpg?w=853&amp;ssl=1 853w, https:\/\/i0.wp.com\/idnu.ch\/wordpress\/wp-content\/uploads\/2019\/04\/leuk_20190422_0117.jpg?resize=200%2C300&amp;ssl=1 200w, https:\/\/i0.wp.com\/idnu.ch\/wordpress\/wp-content\/uploads\/2019\/04\/leuk_20190422_0117.jpg?resize=768%2C1152&amp;ssl=1 768w, https:\/\/i0.wp.com\/idnu.ch\/wordpress\/wp-content\/uploads\/2019\/04\/leuk_20190422_0117.jpg?resize=682%2C1024&amp;ssl=1 682w, https:\/\/i0.wp.com\/idnu.ch\/wordpress\/wp-content\/uploads\/2019\/04\/leuk_20190422_0117.jpg?resize=67%2C100&amp;ssl=1 67w\" width=\"350\" height=\"526\" loading=\"lazy\" data-original-width=\"350\" data-original-height=\"526\" itemprop=\"http:\/\/schema.org\/image\" title=\"\" alt=\"Die Frau auf dem Felsentrail\" style=\"width: 350px; height: 526px;\" \/> <\/a> <\/div> <\/div> <!-- close group --> <\/div> <!-- close row --> <div class=\"gallery-row\" style=\"width: 750px; height: 335px;\" data-original-width=\"750\" data-original-height=\"335\" > <div class=\"gallery-group images-1\" style=\"width: 501px; height: 335px;\" data-original-width=\"501\" data-original-height=\"335\" > <div class=\"tiled-gallery-item tiled-gallery-item-large\" itemprop=\"associatedMedia\" itemscope itemtype=\"http:\/\/schema.org\/ImageObject\"> <a href=\"https:\/\/idnu.ch\/wordpress\/die-biketour-die-dem-foehn-zum-opfer-fiel\/leuk_20190422_0118\/#main\" border=\"0\" itemprop=\"url\"> <meta itemprop=\"width\" content=\"497\"> <meta itemprop=\"height\" content=\"331\"> <img decoding=\"async\" class=\"\" data-attachment-id=\"12362\" data-orig-file=\"https:\/\/idnu.ch\/wordpress\/wp-content\/uploads\/2019\/04\/leuk_20190422_0118.jpg\" data-orig-size=\"1280,853\" data-comments-opened=\"1\" data-image-meta=\"{&quot;aperture&quot;:&quot;8&quot;,&quot;credit&quot;:&quot;Urs Kyburz&quot;,&quot;camera&quot;:&quot;Canon EOS M50&quot;,&quot;caption&quot;:&quot;&quot;,&quot;created_timestamp&quot;:&quot;1555940138&quot;,&quot;copyright&quot;:&quot;\\u00a9 Urs Kyburz&quot;,&quot;focal_length&quot;:&quot;45&quot;,&quot;iso&quot;:&quot;200&quot;,&quot;shutter_speed&quot;:&quot;0.001&quot;,&quot;title&quot;:&quot;&quot;,&quot;orientation&quot;:&quot;0&quot;}\" data-image-title=\"\" data-image-description=\"\" data-medium-file=\"https:\/\/i0.wp.com\/idnu.ch\/wordpress\/wp-content\/uploads\/2019\/04\/leuk_20190422_0118.jpg?fit=300%2C200&#038;ssl=1\" data-large-file=\"https:\/\/i0.wp.com\/idnu.ch\/wordpress\/wp-content\/uploads\/2019\/04\/leuk_20190422_0118.jpg?fit=750%2C500&#038;ssl=1\" src=\"https:\/\/i0.wp.com\/idnu.ch\/wordpress\/wp-content\/uploads\/2019\/04\/leuk_20190422_0118.jpg?w=497&#038;h=331&#038;ssl=1\" srcset=\"https:\/\/i0.wp.com\/idnu.ch\/wordpress\/wp-content\/uploads\/2019\/04\/leuk_20190422_0118.jpg?w=1280&amp;ssl=1 1280w, https:\/\/i0.wp.com\/idnu.ch\/wordpress\/wp-content\/uploads\/2019\/04\/leuk_20190422_0118.jpg?resize=300%2C200&amp;ssl=1 300w, https:\/\/i0.wp.com\/idnu.ch\/wordpress\/wp-content\/uploads\/2019\/04\/leuk_20190422_0118.jpg?resize=768%2C512&amp;ssl=1 768w, https:\/\/i0.wp.com\/idnu.ch\/wordpress\/wp-content\/uploads\/2019\/04\/leuk_20190422_0118.jpg?resize=1024%2C682&amp;ssl=1 1024w, https:\/\/i0.wp.com\/idnu.ch\/wordpress\/wp-content\/uploads\/2019\/04\/leuk_20190422_0118.jpg?resize=150%2C100&amp;ssl=1 150w\" width=\"497\" height=\"331\" loading=\"lazy\" data-original-width=\"497\" data-original-height=\"331\" itemprop=\"http:\/\/schema.org\/image\" title=\"\" alt=\"Fabian und Silvan auf dem Felsentrail\" style=\"width: 497px; height: 331px;\" \/> <\/a> <\/div> <\/div> <!-- close group --> <div class=\"gallery-group images-2\" style=\"width: 249px; height: 335px;\" data-original-width=\"249\" data-original-height=\"335\" > <div class=\"tiled-gallery-item tiled-gallery-item-small\" itemprop=\"associatedMedia\" itemscope itemtype=\"http:\/\/schema.org\/ImageObject\"> <a href=\"https:\/\/idnu.ch\/wordpress\/die-biketour-die-dem-foehn-zum-opfer-fiel\/leuk_20190422_0120\/#main\" border=\"0\" itemprop=\"url\"> <meta itemprop=\"width\" content=\"245\"> <meta itemprop=\"height\" content=\"164\"> <img decoding=\"async\" class=\"\" data-attachment-id=\"12363\" data-orig-file=\"https:\/\/idnu.ch\/wordpress\/wp-content\/uploads\/2019\/04\/leuk_20190422_0120.jpg\" data-orig-size=\"1280,853\" data-comments-opened=\"1\" data-image-meta=\"{&quot;aperture&quot;:&quot;8&quot;,&quot;credit&quot;:&quot;Urs Kyburz&quot;,&quot;camera&quot;:&quot;Canon EOS M50&quot;,&quot;caption&quot;:&quot;&quot;,&quot;created_timestamp&quot;:&quot;1555940406&quot;,&quot;copyright&quot;:&quot;\\u00a9 Urs Kyburz&quot;,&quot;focal_length&quot;:&quot;40&quot;,&quot;iso&quot;:&quot;200&quot;,&quot;shutter_speed&quot;:&quot;0.0015625&quot;,&quot;title&quot;:&quot;&quot;,&quot;orientation&quot;:&quot;0&quot;}\" data-image-title=\"\" data-image-description=\"\" data-medium-file=\"https:\/\/i0.wp.com\/idnu.ch\/wordpress\/wp-content\/uploads\/2019\/04\/leuk_20190422_0120.jpg?fit=300%2C200&#038;ssl=1\" data-large-file=\"https:\/\/i0.wp.com\/idnu.ch\/wordpress\/wp-content\/uploads\/2019\/04\/leuk_20190422_0120.jpg?fit=750%2C500&#038;ssl=1\" src=\"https:\/\/i0.wp.com\/idnu.ch\/wordpress\/wp-content\/uploads\/2019\/04\/leuk_20190422_0120.jpg?w=245&#038;h=164&#038;ssl=1\" srcset=\"https:\/\/i0.wp.com\/idnu.ch\/wordpress\/wp-content\/uploads\/2019\/04\/leuk_20190422_0120.jpg?w=1280&amp;ssl=1 1280w, https:\/\/i0.wp.com\/idnu.ch\/wordpress\/wp-content\/uploads\/2019\/04\/leuk_20190422_0120.jpg?resize=300%2C200&amp;ssl=1 300w, https:\/\/i0.wp.com\/idnu.ch\/wordpress\/wp-content\/uploads\/2019\/04\/leuk_20190422_0120.jpg?resize=768%2C512&amp;ssl=1 768w, https:\/\/i0.wp.com\/idnu.ch\/wordpress\/wp-content\/uploads\/2019\/04\/leuk_20190422_0120.jpg?resize=1024%2C682&amp;ssl=1 1024w, https:\/\/i0.wp.com\/idnu.ch\/wordpress\/wp-content\/uploads\/2019\/04\/leuk_20190422_0120.jpg?resize=150%2C100&amp;ssl=1 150w\" width=\"245\" height=\"164\" loading=\"lazy\" data-original-width=\"245\" data-original-height=\"164\" itemprop=\"http:\/\/schema.org\/image\" title=\"\" alt=\"Fabian nimmt die Abk\u00fcrzung\" style=\"width: 245px; height: 164px;\" \/> <\/a> <\/div> <div class=\"tiled-gallery-item tiled-gallery-item-small\" itemprop=\"associatedMedia\" itemscope itemtype=\"http:\/\/schema.org\/ImageObject\"> <a href=\"https:\/\/idnu.ch\/wordpress\/die-biketour-die-dem-foehn-zum-opfer-fiel\/leuk_20190422_0122\/#main\" border=\"0\" itemprop=\"url\"> <meta itemprop=\"width\" content=\"245\"> <meta itemprop=\"height\" content=\"163\"> <img decoding=\"async\" class=\"\" data-attachment-id=\"12364\" data-orig-file=\"https:\/\/idnu.ch\/wordpress\/wp-content\/uploads\/2019\/04\/leuk_20190422_0122.jpg\" data-orig-size=\"1280,853\" data-comments-opened=\"1\" data-image-meta=\"{&quot;aperture&quot;:&quot;8&quot;,&quot;credit&quot;:&quot;Urs Kyburz&quot;,&quot;camera&quot;:&quot;Canon EOS M50&quot;,&quot;caption&quot;:&quot;&quot;,&quot;created_timestamp&quot;:&quot;1555940423&quot;,&quot;copyright&quot;:&quot;\\u00a9 Urs Kyburz&quot;,&quot;focal_length&quot;:&quot;40&quot;,&quot;iso&quot;:&quot;200&quot;,&quot;shutter_speed&quot;:&quot;0.0015625&quot;,&quot;title&quot;:&quot;&quot;,&quot;orientation&quot;:&quot;0&quot;}\" data-image-title=\"\" data-image-description=\"\" data-medium-file=\"https:\/\/i0.wp.com\/idnu.ch\/wordpress\/wp-content\/uploads\/2019\/04\/leuk_20190422_0122.jpg?fit=300%2C200&#038;ssl=1\" data-large-file=\"https:\/\/i0.wp.com\/idnu.ch\/wordpress\/wp-content\/uploads\/2019\/04\/leuk_20190422_0122.jpg?fit=750%2C500&#038;ssl=1\" src=\"https:\/\/i0.wp.com\/idnu.ch\/wordpress\/wp-content\/uploads\/2019\/04\/leuk_20190422_0122.jpg?w=245&#038;h=163&#038;ssl=1\" srcset=\"https:\/\/i0.wp.com\/idnu.ch\/wordpress\/wp-content\/uploads\/2019\/04\/leuk_20190422_0122.jpg?w=1280&amp;ssl=1 1280w, https:\/\/i0.wp.com\/idnu.ch\/wordpress\/wp-content\/uploads\/2019\/04\/leuk_20190422_0122.jpg?resize=300%2C200&amp;ssl=1 300w, https:\/\/i0.wp.com\/idnu.ch\/wordpress\/wp-content\/uploads\/2019\/04\/leuk_20190422_0122.jpg?resize=768%2C512&amp;ssl=1 768w, https:\/\/i0.wp.com\/idnu.ch\/wordpress\/wp-content\/uploads\/2019\/04\/leuk_20190422_0122.jpg?resize=1024%2C682&amp;ssl=1 1024w, https:\/\/i0.wp.com\/idnu.ch\/wordpress\/wp-content\/uploads\/2019\/04\/leuk_20190422_0122.jpg?resize=150%2C100&amp;ssl=1 150w\" width=\"245\" height=\"163\" loading=\"lazy\" data-original-width=\"245\" data-original-height=\"163\" itemprop=\"http:\/\/schema.org\/image\" title=\"\" alt=\"\" style=\"width: 245px; height: 163px;\" \/> <\/a> <\/div> <\/div> <!-- close group --> <\/div> <!-- close row --> <\/div>\n<h2>Info<\/h2>\n<p>Obwohl die Tour anders rausgekommen ist als geplant, war sie ein abgerundetes Erlebnis. Wenn man das Abenteuer sucht, kann man die Suone fahren, sonst l\u00e4sst man es besser sein.<\/p>\n<table>\n<tbody>\n<tr>\n<td width=\"150\">Start und Ziel:<\/td>\n<td>Leuk<\/td>\n<\/tr>\n<tr>\n<td>Strecke:<\/td>\n<td>Leuk &#8211; Feithieren &#8211; Suone &#8211; Agarn &#8211; Leukerfeld &#8211; Leiggerfeld &#8211; Gampel &#8211; Leiggerfeld &#8211; F\u00e4rbi &#8211; Leuk<\/td>\n<\/tr>\n<tr>\n<td>Distanz:<\/td>\n<td>28,7 Kilometer<\/td>\n<\/tr>\n<tr>\n<td>H\u00f6henmeter:<\/td>\n<td>420 Meter<\/td>\n<\/tr>\n<tr>\n<td>Dauer:<\/td>\n<td>3 Stunden<\/td>\n<\/tr>\n<tr>\n<td>Kondition:<\/td>\n<td>leicht<\/td>\n<\/tr>\n<tr>\n<td>Technik:<\/td>\n<td>schwer mit Suone, sonst leicht<\/td>\n<\/tr>\n<tr>\n<td>GPS-Track:<\/td>\n<td><a href=\"https:\/\/idnu.ch\/wordpress\/wp-content\/uploads\/2019\/04\/02-Zwischen_Leuk_und_Gampel.gpx\">Zwischen Leuk und Gampel<\/a><\/td>\n<\/tr>\n<tr>\n<td>H\u00f6hepunkte:<\/td>\n<td>Leukerfeld, Singletrails Leiggerfeld, Felstrail<\/td>\n<\/tr>\n<tr>\n<td>Alternative:<\/td>\n<td>Ohne Suone<\/td>\n<\/tr>\n<\/tbody>\n<\/table>\n<p>(Die Kilometer- und Zeitangabe stamme von meiner <a href=\"https:\/\/www.strava.com\/activities\/2310079015\" target=\"_blank\" rel=\"noopener noreferrer\">Strava-Aufzeichnung<\/a>)<\/p>\n<p><iframe loading=\"lazy\" src=\"https:\/\/www.google.com\/maps\/d\/embed?mid=1cvNGqWCVkAm5Gho_Dtw-kd7GYcIZ2oD-\" width=\"640\" height=\"480\"><\/iframe><\/p>\n","protected":false},"excerpt":{"rendered":"<p>Es h\u00e4tte eine einfache Mountainbiketour werden sollen: Durchs Leukerfeld der Rhone entlang nach&#8230;<\/p>\n","protected":false},"author":2,"featured_media":12362,"comment_status":"open","ping_status":"open","sticky":false,"template":"","format":"standard","meta":{"_monsterinsights_skip_tracking":false,"_monsterinsights_sitenote_active":false,"_monsterinsights_sitenote_note":"","_monsterinsights_sitenote_category":0,"jetpack_post_was_ever_published":false,"_jetpack_newsletter_access":"","_jetpack_dont_email_post_to_subs":false,"_jetpack_newsletter_tier_id":0,"_jetpack_memberships_contains_paywalled_content":false,"_jetpack_memberships_contains_paid_content":false,"footnotes":"","jetpack_publicize_message":"NEU! Fr\u00fcher, als es w\u00e4rmer war (vor zwei Wochen): Die Biketour, die dem F\u00f6hn zum Opfer fiel.\r\n#bikenmitjugendlichen #mtb #mtbschweiz #myvalais #leuk","jetpack_publicize_feature_enabled":true,"jetpack_social_post_already_shared":true,"jetpack_social_options":{"image_generator_settings":{"template":"highway","default_image_id":0,"font":"","enabled":false},"version":2}},"categories":[4,241,921],"tags":[1129,369,1226,1230,377,1231],"class_list":["post-12270","post","type-post","status-publish","format-standard","has-post-thumbnail","hentry","category-zweirad","category-wallis","category-wallis-tourismusregionen","tag-biken-mit-jugendlichen","tag-biketour","tag-leuk","tag-leukerfeld","tag-singletrail","tag-suone"],"geo":{"latitude":46.30780029999999669598764739930629730224609375,"longitude":7.683998100000000164300217875279486179351806640625,"description":"Turtmann, Canton du Valais, 3946, CH"},"yoast_head":"<!-- This site is optimized with the Yoast SEO plugin v27.4 - https:\/\/yoast.com\/product\/yoast-seo-wordpress\/ -->\n<title>Die Biketour, die dem F\u00f6hn zum Opfer fiel - In der Natur unterwegs<\/title>\n<meta name=\"description\" content=\"Die urspr\u00fcnglich geplante Biketour fiel dem F\u00f6hn zum Opfer, die spontane \u00c4nderung entpuppte sich aber als ganz valable Alternative.\" \/>\n<meta name=\"robots\" content=\"index, follow, max-snippet:-1, max-image-preview:large, max-video-preview:-1\" \/>\n<link rel=\"canonical\" href=\"https:\/\/idnu.ch\/wordpress\/die-biketour-die-dem-foehn-zum-opfer-fiel\/\" \/>\n<meta property=\"og:locale\" content=\"de_DE\" \/>\n<meta property=\"og:type\" content=\"article\" \/>\n<meta property=\"og:title\" content=\"Die Biketour, die dem F\u00f6hn zum Opfer fiel - In der Natur unterwegs\" \/>\n<meta property=\"og:description\" content=\"Die urspr\u00fcnglich geplante Biketour fiel dem F\u00f6hn zum Opfer, die spontane \u00c4nderung entpuppte sich aber als ganz valable Alternative.\" \/>\n<meta property=\"og:url\" content=\"https:\/\/idnu.ch\/wordpress\/die-biketour-die-dem-foehn-zum-opfer-fiel\/\" \/>\n<meta property=\"og:site_name\" content=\"In der Natur unterwegs\" \/>\n<meta property=\"article:published_time\" content=\"2019-04-24T16:02:00+00:00\" \/>\n<meta property=\"article:modified_time\" content=\"2019-05-05T09:45:15+00:00\" \/>\n<meta property=\"og:image\" content=\"https:\/\/i0.wp.com\/idnu.ch\/wordpress\/wp-content\/uploads\/2019\/04\/leuk_20190422_0118.jpg?fit=1280%2C853&ssl=1\" \/>\n\t<meta property=\"og:image:width\" content=\"1280\" \/>\n\t<meta property=\"og:image:height\" content=\"853\" \/>\n\t<meta property=\"og:image:type\" content=\"image\/jpeg\" \/>\n<meta name=\"author\" content=\"Urs Kyburz\" \/>\n<meta name=\"twitter:card\" content=\"summary_large_image\" \/>\n<meta name=\"twitter:creator\" content=\"@idnu_ch\" \/>\n<meta name=\"twitter:site\" content=\"@idnu_ch\" \/>\n<meta name=\"twitter:label1\" content=\"Verfasst von\" \/>\n\t<meta name=\"twitter:data1\" content=\"Urs Kyburz\" \/>\n\t<meta name=\"twitter:label2\" content=\"Gesch\u00e4tzte Lesezeit\" \/>\n\t<meta name=\"twitter:data2\" content=\"5\u00a0Minuten\" \/>\n<script type=\"application\/ld+json\" class=\"yoast-schema-graph\">{\"@context\":\"https:\\\/\\\/schema.org\",\"@graph\":[{\"@type\":\"Article\",\"@id\":\"https:\\\/\\\/idnu.ch\\\/wordpress\\\/die-biketour-die-dem-foehn-zum-opfer-fiel\\\/#article\",\"isPartOf\":{\"@id\":\"https:\\\/\\\/idnu.ch\\\/wordpress\\\/die-biketour-die-dem-foehn-zum-opfer-fiel\\\/\"},\"author\":{\"name\":\"Urs Kyburz\",\"@id\":\"https:\\\/\\\/idnu.ch\\\/wordpress\\\/#\\\/schema\\\/person\\\/1ab8c5de743be7b019272124c19ad351\"},\"headline\":\"Die Biketour, die dem F\u00f6hn zum Opfer fiel\",\"datePublished\":\"2019-04-24T16:02:00+00:00\",\"dateModified\":\"2019-05-05T09:45:15+00:00\",\"mainEntityOfPage\":{\"@id\":\"https:\\\/\\\/idnu.ch\\\/wordpress\\\/die-biketour-die-dem-foehn-zum-opfer-fiel\\\/\"},\"wordCount\":983,\"commentCount\":1,\"publisher\":{\"@id\":\"https:\\\/\\\/idnu.ch\\\/wordpress\\\/#\\\/schema\\\/person\\\/1ab8c5de743be7b019272124c19ad351\"},\"image\":{\"@id\":\"https:\\\/\\\/idnu.ch\\\/wordpress\\\/die-biketour-die-dem-foehn-zum-opfer-fiel\\\/#primaryimage\"},\"thumbnailUrl\":\"https:\\\/\\\/i0.wp.com\\\/idnu.ch\\\/wordpress\\\/wp-content\\\/uploads\\\/2019\\\/04\\\/leuk_20190422_0118.jpg?fit=1280%2C853&ssl=1\",\"keywords\":[\"Biken mit Jugendlichen\",\"Biketour\",\"Leuk\",\"Leukerfeld\",\"Singletrail\",\"Suone\"],\"articleSection\":[\"Mountainbike &amp; Velo\",\"Wallis\",\"Wallis\"],\"inLanguage\":\"de\",\"potentialAction\":[{\"@type\":\"CommentAction\",\"name\":\"Comment\",\"target\":[\"https:\\\/\\\/idnu.ch\\\/wordpress\\\/die-biketour-die-dem-foehn-zum-opfer-fiel\\\/#respond\"]}]},{\"@type\":\"WebPage\",\"@id\":\"https:\\\/\\\/idnu.ch\\\/wordpress\\\/die-biketour-die-dem-foehn-zum-opfer-fiel\\\/\",\"url\":\"https:\\\/\\\/idnu.ch\\\/wordpress\\\/die-biketour-die-dem-foehn-zum-opfer-fiel\\\/\",\"name\":\"Die Biketour, die dem F\u00f6hn zum Opfer fiel - In der Natur unterwegs\",\"isPartOf\":{\"@id\":\"https:\\\/\\\/idnu.ch\\\/wordpress\\\/#website\"},\"primaryImageOfPage\":{\"@id\":\"https:\\\/\\\/idnu.ch\\\/wordpress\\\/die-biketour-die-dem-foehn-zum-opfer-fiel\\\/#primaryimage\"},\"image\":{\"@id\":\"https:\\\/\\\/idnu.ch\\\/wordpress\\\/die-biketour-die-dem-foehn-zum-opfer-fiel\\\/#primaryimage\"},\"thumbnailUrl\":\"https:\\\/\\\/i0.wp.com\\\/idnu.ch\\\/wordpress\\\/wp-content\\\/uploads\\\/2019\\\/04\\\/leuk_20190422_0118.jpg?fit=1280%2C853&ssl=1\",\"datePublished\":\"2019-04-24T16:02:00+00:00\",\"dateModified\":\"2019-05-05T09:45:15+00:00\",\"description\":\"Die urspr\u00fcnglich geplante Biketour fiel dem F\u00f6hn zum Opfer, die spontane \u00c4nderung entpuppte sich aber als ganz valable Alternative.\",\"breadcrumb\":{\"@id\":\"https:\\\/\\\/idnu.ch\\\/wordpress\\\/die-biketour-die-dem-foehn-zum-opfer-fiel\\\/#breadcrumb\"},\"inLanguage\":\"de\",\"potentialAction\":[{\"@type\":\"ReadAction\",\"target\":[\"https:\\\/\\\/idnu.ch\\\/wordpress\\\/die-biketour-die-dem-foehn-zum-opfer-fiel\\\/\"]}]},{\"@type\":\"ImageObject\",\"inLanguage\":\"de\",\"@id\":\"https:\\\/\\\/idnu.ch\\\/wordpress\\\/die-biketour-die-dem-foehn-zum-opfer-fiel\\\/#primaryimage\",\"url\":\"https:\\\/\\\/i0.wp.com\\\/idnu.ch\\\/wordpress\\\/wp-content\\\/uploads\\\/2019\\\/04\\\/leuk_20190422_0118.jpg?fit=1280%2C853&ssl=1\",\"contentUrl\":\"https:\\\/\\\/i0.wp.com\\\/idnu.ch\\\/wordpress\\\/wp-content\\\/uploads\\\/2019\\\/04\\\/leuk_20190422_0118.jpg?fit=1280%2C853&ssl=1\",\"width\":1280,\"height\":853,\"caption\":\"Fabian und Silvan auf dem Felsentrail\"},{\"@type\":\"BreadcrumbList\",\"@id\":\"https:\\\/\\\/idnu.ch\\\/wordpress\\\/die-biketour-die-dem-foehn-zum-opfer-fiel\\\/#breadcrumb\",\"itemListElement\":[{\"@type\":\"ListItem\",\"position\":1,\"name\":\"Startseite\",\"item\":\"https:\\\/\\\/idnu.ch\\\/wordpress\\\/\"},{\"@type\":\"ListItem\",\"position\":2,\"name\":\"Die Biketour, die dem F\u00f6hn zum Opfer fiel\"}]},{\"@type\":\"WebSite\",\"@id\":\"https:\\\/\\\/idnu.ch\\\/wordpress\\\/#website\",\"url\":\"https:\\\/\\\/idnu.ch\\\/wordpress\\\/\",\"name\":\"In der Natur unterwegs\",\"description\":\"Dort, wo es am sch\u00f6nsten ist\",\"publisher\":{\"@id\":\"https:\\\/\\\/idnu.ch\\\/wordpress\\\/#\\\/schema\\\/person\\\/1ab8c5de743be7b019272124c19ad351\"},\"potentialAction\":[{\"@type\":\"SearchAction\",\"target\":{\"@type\":\"EntryPoint\",\"urlTemplate\":\"https:\\\/\\\/idnu.ch\\\/wordpress\\\/?s={search_term_string}\"},\"query-input\":{\"@type\":\"PropertyValueSpecification\",\"valueRequired\":true,\"valueName\":\"search_term_string\"}}],\"inLanguage\":\"de\"},{\"@type\":[\"Person\",\"Organization\"],\"@id\":\"https:\\\/\\\/idnu.ch\\\/wordpress\\\/#\\\/schema\\\/person\\\/1ab8c5de743be7b019272124c19ad351\",\"name\":\"Urs Kyburz\",\"image\":{\"@type\":\"ImageObject\",\"inLanguage\":\"de\",\"@id\":\"https:\\\/\\\/i0.wp.com\\\/idnu.ch\\\/wordpress\\\/wp-content\\\/uploads\\\/2016\\\/02\\\/logo_150x165.gif?fit=3151%2C3456&ssl=1\",\"url\":\"https:\\\/\\\/i0.wp.com\\\/idnu.ch\\\/wordpress\\\/wp-content\\\/uploads\\\/2016\\\/02\\\/logo_150x165.gif?fit=3151%2C3456&ssl=1\",\"contentUrl\":\"https:\\\/\\\/i0.wp.com\\\/idnu.ch\\\/wordpress\\\/wp-content\\\/uploads\\\/2016\\\/02\\\/logo_150x165.gif?fit=3151%2C3456&ssl=1\",\"width\":3151,\"height\":3456,\"caption\":\"Urs Kyburz\"},\"logo\":{\"@id\":\"https:\\\/\\\/i0.wp.com\\\/idnu.ch\\\/wordpress\\\/wp-content\\\/uploads\\\/2016\\\/02\\\/logo_150x165.gif?fit=3151%2C3456&ssl=1\"}}]}<\/script>\n<!-- \/ Yoast SEO plugin. -->","yoast_head_json":{"title":"Die Biketour, die dem F\u00f6hn zum Opfer fiel - In der Natur unterwegs","description":"Die urspr\u00fcnglich geplante Biketour fiel dem F\u00f6hn zum Opfer, die spontane \u00c4nderung entpuppte sich aber als ganz valable Alternative.","robots":{"index":"index","follow":"follow","max-snippet":"max-snippet:-1","max-image-preview":"max-image-preview:large","max-video-preview":"max-video-preview:-1"},"canonical":"https:\/\/idnu.ch\/wordpress\/die-biketour-die-dem-foehn-zum-opfer-fiel\/","og_locale":"de_DE","og_type":"article","og_title":"Die Biketour, die dem F\u00f6hn zum Opfer fiel - In der Natur unterwegs","og_description":"Die urspr\u00fcnglich geplante Biketour fiel dem F\u00f6hn zum Opfer, die spontane \u00c4nderung entpuppte sich aber als ganz valable Alternative.","og_url":"https:\/\/idnu.ch\/wordpress\/die-biketour-die-dem-foehn-zum-opfer-fiel\/","og_site_name":"In der Natur unterwegs","article_published_time":"2019-04-24T16:02:00+00:00","article_modified_time":"2019-05-05T09:45:15+00:00","og_image":[{"width":1280,"height":853,"url":"https:\/\/i0.wp.com\/idnu.ch\/wordpress\/wp-content\/uploads\/2019\/04\/leuk_20190422_0118.jpg?fit=1280%2C853&ssl=1","type":"image\/jpeg"}],"author":"Urs Kyburz","twitter_card":"summary_large_image","twitter_creator":"@idnu_ch","twitter_site":"@idnu_ch","twitter_misc":{"Verfasst von":"Urs Kyburz","Gesch\u00e4tzte Lesezeit":"5\u00a0Minuten"},"schema":{"@context":"https:\/\/schema.org","@graph":[{"@type":"Article","@id":"https:\/\/idnu.ch\/wordpress\/die-biketour-die-dem-foehn-zum-opfer-fiel\/#article","isPartOf":{"@id":"https:\/\/idnu.ch\/wordpress\/die-biketour-die-dem-foehn-zum-opfer-fiel\/"},"author":{"name":"Urs Kyburz","@id":"https:\/\/idnu.ch\/wordpress\/#\/schema\/person\/1ab8c5de743be7b019272124c19ad351"},"headline":"Die Biketour, die dem F\u00f6hn zum Opfer fiel","datePublished":"2019-04-24T16:02:00+00:00","dateModified":"2019-05-05T09:45:15+00:00","mainEntityOfPage":{"@id":"https:\/\/idnu.ch\/wordpress\/die-biketour-die-dem-foehn-zum-opfer-fiel\/"},"wordCount":983,"commentCount":1,"publisher":{"@id":"https:\/\/idnu.ch\/wordpress\/#\/schema\/person\/1ab8c5de743be7b019272124c19ad351"},"image":{"@id":"https:\/\/idnu.ch\/wordpress\/die-biketour-die-dem-foehn-zum-opfer-fiel\/#primaryimage"},"thumbnailUrl":"https:\/\/i0.wp.com\/idnu.ch\/wordpress\/wp-content\/uploads\/2019\/04\/leuk_20190422_0118.jpg?fit=1280%2C853&ssl=1","keywords":["Biken mit Jugendlichen","Biketour","Leuk","Leukerfeld","Singletrail","Suone"],"articleSection":["Mountainbike &amp; Velo","Wallis","Wallis"],"inLanguage":"de","potentialAction":[{"@type":"CommentAction","name":"Comment","target":["https:\/\/idnu.ch\/wordpress\/die-biketour-die-dem-foehn-zum-opfer-fiel\/#respond"]}]},{"@type":"WebPage","@id":"https:\/\/idnu.ch\/wordpress\/die-biketour-die-dem-foehn-zum-opfer-fiel\/","url":"https:\/\/idnu.ch\/wordpress\/die-biketour-die-dem-foehn-zum-opfer-fiel\/","name":"Die Biketour, die dem F\u00f6hn zum Opfer fiel - In der Natur unterwegs","isPartOf":{"@id":"https:\/\/idnu.ch\/wordpress\/#website"},"primaryImageOfPage":{"@id":"https:\/\/idnu.ch\/wordpress\/die-biketour-die-dem-foehn-zum-opfer-fiel\/#primaryimage"},"image":{"@id":"https:\/\/idnu.ch\/wordpress\/die-biketour-die-dem-foehn-zum-opfer-fiel\/#primaryimage"},"thumbnailUrl":"https:\/\/i0.wp.com\/idnu.ch\/wordpress\/wp-content\/uploads\/2019\/04\/leuk_20190422_0118.jpg?fit=1280%2C853&ssl=1","datePublished":"2019-04-24T16:02:00+00:00","dateModified":"2019-05-05T09:45:15+00:00","description":"Die urspr\u00fcnglich geplante Biketour fiel dem F\u00f6hn zum Opfer, die spontane \u00c4nderung entpuppte sich aber als ganz valable Alternative.","breadcrumb":{"@id":"https:\/\/idnu.ch\/wordpress\/die-biketour-die-dem-foehn-zum-opfer-fiel\/#breadcrumb"},"inLanguage":"de","potentialAction":[{"@type":"ReadAction","target":["https:\/\/idnu.ch\/wordpress\/die-biketour-die-dem-foehn-zum-opfer-fiel\/"]}]},{"@type":"ImageObject","inLanguage":"de","@id":"https:\/\/idnu.ch\/wordpress\/die-biketour-die-dem-foehn-zum-opfer-fiel\/#primaryimage","url":"https:\/\/i0.wp.com\/idnu.ch\/wordpress\/wp-content\/uploads\/2019\/04\/leuk_20190422_0118.jpg?fit=1280%2C853&ssl=1","contentUrl":"https:\/\/i0.wp.com\/idnu.ch\/wordpress\/wp-content\/uploads\/2019\/04\/leuk_20190422_0118.jpg?fit=1280%2C853&ssl=1","width":1280,"height":853,"caption":"Fabian und Silvan auf dem Felsentrail"},{"@type":"BreadcrumbList","@id":"https:\/\/idnu.ch\/wordpress\/die-biketour-die-dem-foehn-zum-opfer-fiel\/#breadcrumb","itemListElement":[{"@type":"ListItem","position":1,"name":"Startseite","item":"https:\/\/idnu.ch\/wordpress\/"},{"@type":"ListItem","position":2,"name":"Die Biketour, die dem F\u00f6hn zum Opfer fiel"}]},{"@type":"WebSite","@id":"https:\/\/idnu.ch\/wordpress\/#website","url":"https:\/\/idnu.ch\/wordpress\/","name":"In der Natur unterwegs","description":"Dort, wo es am sch\u00f6nsten ist","publisher":{"@id":"https:\/\/idnu.ch\/wordpress\/#\/schema\/person\/1ab8c5de743be7b019272124c19ad351"},"potentialAction":[{"@type":"SearchAction","target":{"@type":"EntryPoint","urlTemplate":"https:\/\/idnu.ch\/wordpress\/?s={search_term_string}"},"query-input":{"@type":"PropertyValueSpecification","valueRequired":true,"valueName":"search_term_string"}}],"inLanguage":"de"},{"@type":["Person","Organization"],"@id":"https:\/\/idnu.ch\/wordpress\/#\/schema\/person\/1ab8c5de743be7b019272124c19ad351","name":"Urs Kyburz","image":{"@type":"ImageObject","inLanguage":"de","@id":"https:\/\/i0.wp.com\/idnu.ch\/wordpress\/wp-content\/uploads\/2016\/02\/logo_150x165.gif?fit=3151%2C3456&ssl=1","url":"https:\/\/i0.wp.com\/idnu.ch\/wordpress\/wp-content\/uploads\/2016\/02\/logo_150x165.gif?fit=3151%2C3456&ssl=1","contentUrl":"https:\/\/i0.wp.com\/idnu.ch\/wordpress\/wp-content\/uploads\/2016\/02\/logo_150x165.gif?fit=3151%2C3456&ssl=1","width":3151,"height":3456,"caption":"Urs Kyburz"},"logo":{"@id":"https:\/\/i0.wp.com\/idnu.ch\/wordpress\/wp-content\/uploads\/2016\/02\/logo_150x165.gif?fit=3151%2C3456&ssl=1"}}]}},"jetpack_publicize_connections":[],"jetpack_featured_media_url":"https:\/\/i0.wp.com\/idnu.ch\/wordpress\/wp-content\/uploads\/2019\/04\/leuk_20190422_0118.jpg?fit=1280%2C853&ssl=1","jetpack_sharing_enabled":true,"jetpack_shortlink":"https:\/\/wp.me\/p6MmGG-3bU","jetpack-related-posts":[{"id":12406,"url":"https:\/\/idnu.ch\/wordpress\/fruehlingserwachen-in-leuk\/","url_meta":{"origin":12270,"position":0},"title":"Fr\u00fchlingserwachen in Leuk","author":"Urs Kyburz","date":"17. Mai 2019","format":false,"excerpt":"Bei Ferien im Wallis denkt man an Zermatt, Saas-Fee, Verbier, die Aletscharena oder Leukerbad, wohl kaum aber an das im Tal gelegene Leuk. Was in aller Welt tut man denn dort? Wenn man die Natur liebt eine ganze Menge, man schaut dem Fr\u00fchlingserwachen um Leuk zu. Nach unseren Fr\u00fchlingsferien letztes\u2026","rel":"","context":"In &quot;Destinationen&quot;","block_context":{"text":"Destinationen","link":"https:\/\/idnu.ch\/wordpress\/category\/destinationen\/"},"img":{"alt_text":"Wieder Blick auf Susten und den Illgraben mit Illhorn","src":"https:\/\/i0.wp.com\/idnu.ch\/wordpress\/wp-content\/uploads\/2019\/04\/leuk_20190425_0220.jpg?fit=1200%2C800&ssl=1&resize=350%2C200","width":350,"height":200,"srcset":"https:\/\/i0.wp.com\/idnu.ch\/wordpress\/wp-content\/uploads\/2019\/04\/leuk_20190425_0220.jpg?fit=1200%2C800&ssl=1&resize=350%2C200 1x, https:\/\/i0.wp.com\/idnu.ch\/wordpress\/wp-content\/uploads\/2019\/04\/leuk_20190425_0220.jpg?fit=1200%2C800&ssl=1&resize=525%2C300 1.5x, https:\/\/i0.wp.com\/idnu.ch\/wordpress\/wp-content\/uploads\/2019\/04\/leuk_20190425_0220.jpg?fit=1200%2C800&ssl=1&resize=700%2C400 2x, https:\/\/i0.wp.com\/idnu.ch\/wordpress\/wp-content\/uploads\/2019\/04\/leuk_20190425_0220.jpg?fit=1200%2C800&ssl=1&resize=1050%2C600 3x"},"classes":[]},{"id":12272,"url":"https:\/\/idnu.ch\/wordpress\/auf-exkursion-um-leuk\/","url_meta":{"origin":12270,"position":1},"title":"Auf Exkursion um Leuk","author":"Urs Kyburz","date":"24. April 2019","format":false,"excerpt":"Der Naturpark Wallis organisierte in der Woche, wo wir in den Ferien in Leuk weilten, eine Exkursion ins Leukerfeld. Das passte doch perfekt, also meldeten wir uns an, egal, dass der Start morgens um sechs Uhr war. Einmal kann man ja fr\u00fch aufstehen in den Ferien, gelohnt hat es sich\u2026","rel":"","context":"In &quot;Naturerlebnis&quot;","block_context":{"text":"Naturerlebnis","link":"https:\/\/idnu.ch\/wordpress\/category\/naturerlebnis\/"},"img":{"alt_text":"Brombeerzipfelfalter","src":"https:\/\/i0.wp.com\/idnu.ch\/wordpress\/wp-content\/uploads\/2019\/04\/leuk_20190423_0160.jpg?fit=1200%2C800&ssl=1&resize=350%2C200","width":350,"height":200,"srcset":"https:\/\/i0.wp.com\/idnu.ch\/wordpress\/wp-content\/uploads\/2019\/04\/leuk_20190423_0160.jpg?fit=1200%2C800&ssl=1&resize=350%2C200 1x, https:\/\/i0.wp.com\/idnu.ch\/wordpress\/wp-content\/uploads\/2019\/04\/leuk_20190423_0160.jpg?fit=1200%2C800&ssl=1&resize=525%2C300 1.5x, https:\/\/i0.wp.com\/idnu.ch\/wordpress\/wp-content\/uploads\/2019\/04\/leuk_20190423_0160.jpg?fit=1200%2C800&ssl=1&resize=700%2C400 2x, https:\/\/i0.wp.com\/idnu.ch\/wordpress\/wp-content\/uploads\/2019\/04\/leuk_20190423_0160.jpg?fit=1200%2C800&ssl=1&resize=1050%2C600 3x"},"classes":[]},{"id":26034,"url":"https:\/\/idnu.ch\/wordpress\/hochbetrieb-um-leuk\/","url_meta":{"origin":12270,"position":2},"title":"Hochbetrieb um Leuk","author":"Urs Kyburz","date":"15. September 2024","format":false,"excerpt":"\u00dcber Leuk hatte ich schon mehrmals geschrieben, aber noch nie, wenn wirklich Hochbetrieb herrschte. So geschehen im Mai dieses Jahres, wir verbrachten drei Tage an diesem Orni-Hotspot. Wallis meets Africa Das Ziel am ersten Tag war das Leukerfeld. Unter Ornithologen ist es l\u00e4ngst kein Geheimtipp mehr, wer Bienenfresser fotografieren oder\u2026","rel":"","context":"In &quot;Naturerlebnis&quot;","block_context":{"text":"Naturerlebnis","link":"https:\/\/idnu.ch\/wordpress\/category\/naturerlebnis\/"},"img":{"alt_text":"Vier Bienenfresser, einer im Anflug","src":"https:\/\/i0.wp.com\/idnu.ch\/wordpress\/wp-content\/uploads\/2024\/09\/auffahrt_leuk-20240509-123-Bearbeitet.jpg?fit=1200%2C800&ssl=1&resize=350%2C200","width":350,"height":200,"srcset":"https:\/\/i0.wp.com\/idnu.ch\/wordpress\/wp-content\/uploads\/2024\/09\/auffahrt_leuk-20240509-123-Bearbeitet.jpg?fit=1200%2C800&ssl=1&resize=350%2C200 1x, https:\/\/i0.wp.com\/idnu.ch\/wordpress\/wp-content\/uploads\/2024\/09\/auffahrt_leuk-20240509-123-Bearbeitet.jpg?fit=1200%2C800&ssl=1&resize=525%2C300 1.5x, https:\/\/i0.wp.com\/idnu.ch\/wordpress\/wp-content\/uploads\/2024\/09\/auffahrt_leuk-20240509-123-Bearbeitet.jpg?fit=1200%2C800&ssl=1&resize=700%2C400 2x, https:\/\/i0.wp.com\/idnu.ch\/wordpress\/wp-content\/uploads\/2024\/09\/auffahrt_leuk-20240509-123-Bearbeitet.jpg?fit=1200%2C800&ssl=1&resize=1050%2C600 3x"},"classes":[]},{"id":6446,"url":"https:\/\/idnu.ch\/wordpress\/dreizehn-bilder-fuer-2017\/","url_meta":{"origin":12270,"position":3},"title":"Dreizehn Bilder f\u00fcr 2017","author":"Urs Kyburz","date":"8. Dezember 2016","format":"gallery","excerpt":"Das 2017 steht unmittelbar vor der T\u00fcr. Damit wir an 2016 sch\u00f6ne Erinnerungen haben, h\u00e4ngen wir uns 13 Bilder an die Wand. Welches Bild ist dein Favorit? Die Touren: Januar:Winterferien im Simmental Februar: Diesmal bis zum Gipfel M\u00e4rz: Magische Momente rund um die Keschh\u00fctte April: Im Garten Mai: Zwei Naturjuwelen\u2026","rel":"","context":"In \"Fotografie\"","block_context":{"text":"Fotografie","link":"https:\/\/idnu.ch\/wordpress\/tag\/fotografie\/"},"img":{"alt_text":"Silberweide im Leukerfeld, VS","src":"https:\/\/i0.wp.com\/idnu.ch\/wordpress\/wp-content\/uploads\/2016\/12\/Titelblatt.jpg?fit=1024%2C682&ssl=1&resize=350%2C200","width":350,"height":200,"srcset":"https:\/\/i0.wp.com\/idnu.ch\/wordpress\/wp-content\/uploads\/2016\/12\/Titelblatt.jpg?fit=1024%2C682&ssl=1&resize=350%2C200 1x, https:\/\/i0.wp.com\/idnu.ch\/wordpress\/wp-content\/uploads\/2016\/12\/Titelblatt.jpg?fit=1024%2C682&ssl=1&resize=525%2C300 1.5x, https:\/\/i0.wp.com\/idnu.ch\/wordpress\/wp-content\/uploads\/2016\/12\/Titelblatt.jpg?fit=1024%2C682&ssl=1&resize=700%2C400 2x"},"classes":[]},{"id":13600,"url":"https:\/\/idnu.ch\/wordpress\/kalender-2020\/","url_meta":{"origin":12270,"position":4},"title":"Kalender 2020","author":"Urs Kyburz","date":"9. Dezember 2019","format":false,"excerpt":"Wie jedes Jahr gibt es auch 2020 wieder einen Kalender. Halt, nein, diesmal gibt es sogar zwei, weil wir uns nicht entscheiden konnten. Der eine ist mehrheitlich mit Landschaften, der andere ist sportlich ausgerichtet. In der Natur unterwegs-Kalender 2020 Wir waren wieder an zahlreichen Orten in\u00a0 der Schweiz unterwegs und\u2026","rel":"","context":"In \"2020\"","block_context":{"text":"2020","link":"https:\/\/idnu.ch\/wordpress\/tag\/2020\/"},"img":{"alt_text":"","src":"https:\/\/i0.wp.com\/idnu.ch\/wordpress\/wp-content\/uploads\/2019\/12\/86746cac112dc2391e8e58674f1b1095.jpg?fit=1024%2C683&ssl=1&resize=350%2C200","width":350,"height":200,"srcset":"https:\/\/i0.wp.com\/idnu.ch\/wordpress\/wp-content\/uploads\/2019\/12\/86746cac112dc2391e8e58674f1b1095.jpg?fit=1024%2C683&ssl=1&resize=350%2C200 1x, https:\/\/i0.wp.com\/idnu.ch\/wordpress\/wp-content\/uploads\/2019\/12\/86746cac112dc2391e8e58674f1b1095.jpg?fit=1024%2C683&ssl=1&resize=525%2C300 1.5x, https:\/\/i0.wp.com\/idnu.ch\/wordpress\/wp-content\/uploads\/2019\/12\/86746cac112dc2391e8e58674f1b1095.jpg?fit=1024%2C683&ssl=1&resize=700%2C400 2x"},"classes":[]},{"id":187,"url":"https:\/\/idnu.ch\/wordpress\/herbstliche-biketour-bei-willisau\/","url_meta":{"origin":12270,"position":5},"title":"Herbstliche Biketour bei Willisau","author":"Urs Kyburz","date":"29. Oktober 2013","format":false,"excerpt":"In der Coopzeitung\u00a044\/2013 ist ein Biketipp zu finden: Herbstliche Rundtour bei Willisau, auch f\u00fcr Kinder geeignet.","rel":"","context":"In &quot;Luzern&quot;","block_context":{"text":"Luzern","link":"https:\/\/idnu.ch\/wordpress\/category\/kanton\/luzern\/"},"img":{"alt_text":"","src":"https:\/\/i0.wp.com\/idnu.ch\/wordpress\/wp-content\/uploads\/2016\/04\/bericht_coopzeitung_44_2013.jpg?fit=443%2C603&ssl=1&resize=350%2C200","width":350,"height":200},"classes":[]}],"jetpack_likes_enabled":true,"_links":{"self":[{"href":"https:\/\/idnu.ch\/wordpress\/wp-json\/wp\/v2\/posts\/12270","targetHints":{"allow":["GET"]}}],"collection":[{"href":"https:\/\/idnu.ch\/wordpress\/wp-json\/wp\/v2\/posts"}],"about":[{"href":"https:\/\/idnu.ch\/wordpress\/wp-json\/wp\/v2\/types\/post"}],"author":[{"embeddable":true,"href":"https:\/\/idnu.ch\/wordpress\/wp-json\/wp\/v2\/users\/2"}],"replies":[{"embeddable":true,"href":"https:\/\/idnu.ch\/wordpress\/wp-json\/wp\/v2\/comments?post=12270"}],"version-history":[{"count":8,"href":"https:\/\/idnu.ch\/wordpress\/wp-json\/wp\/v2\/posts\/12270\/revisions"}],"predecessor-version":[{"id":12366,"href":"https:\/\/idnu.ch\/wordpress\/wp-json\/wp\/v2\/posts\/12270\/revisions\/12366"}],"wp:featuredmedia":[{"embeddable":true,"href":"https:\/\/idnu.ch\/wordpress\/wp-json\/wp\/v2\/media\/12362"}],"wp:attachment":[{"href":"https:\/\/idnu.ch\/wordpress\/wp-json\/wp\/v2\/media?parent=12270"}],"wp:term":[{"taxonomy":"category","embeddable":true,"href":"https:\/\/idnu.ch\/wordpress\/wp-json\/wp\/v2\/categories?post=12270"},{"taxonomy":"post_tag","embeddable":true,"href":"https:\/\/idnu.ch\/wordpress\/wp-json\/wp\/v2\/tags?post=12270"}],"curies":[{"name":"wp","href":"https:\/\/api.w.org\/{rel}","templated":true}]}}