{"id":12665,"date":"2019-06-24T19:23:54","date_gmt":"2019-06-24T17:23:54","guid":{"rendered":"http:\/\/idnu.ch\/wordpress\/?p=12665"},"modified":"2025-05-07T10:50:41","modified_gmt":"2025-05-07T08:50:41","slug":"biken-zwischen-stadt-und-fluss","status":"publish","type":"post","link":"https:\/\/idnu.ch\/wordpress\/biken-zwischen-stadt-und-fluss\/","title":{"rendered":"Biken zwischen Stadt und Fluss"},"content":{"rendered":"<p><strong>Unser Bikespezialist beim SAC Homberg hat uns wieder mal in eine unbekannte Ecke gef\u00fchrt, obwohl sie eigentlich nicht weit von zu Hause weg w\u00e4re: Zu den W\u00e4ldern, Feldern und Gew\u00e4ssern zwischen Langenthal und der Aare im Oberaargau, also Biken zwischen Stadt und Fluss. Wie sich herausstellte, war die Gegend doch nicht ganz so unbekannt f\u00fcr uns.<\/strong><\/p>\n<figure id=\"attachment_12675\" aria-describedby=\"caption-attachment-12675\" style=\"width: 1280px\" class=\"wp-caption aligncenter\"><a href=\"https:\/\/i0.wp.com\/idnu.ch\/wordpress\/wp-content\/uploads\/2019\/06\/langenthalbike-1.jpg?ssl=1\"><img data-recalc-dims=\"1\" loading=\"lazy\" decoding=\"async\" data-attachment-id=\"12675\" data-permalink=\"https:\/\/idnu.ch\/wordpress\/biken-zwischen-stadt-und-fluss\/langenthalbike-1\/#main\" data-orig-file=\"https:\/\/i0.wp.com\/idnu.ch\/wordpress\/wp-content\/uploads\/2019\/06\/langenthalbike-1.jpg?fit=1280%2C853&amp;ssl=1\" data-orig-size=\"1280,853\" data-comments-opened=\"1\" data-image-meta=\"{&quot;aperture&quot;:&quot;5&quot;,&quot;credit&quot;:&quot;Urs Kyburz&quot;,&quot;camera&quot;:&quot;Canon EOS M50&quot;,&quot;caption&quot;:&quot;&quot;,&quot;created_timestamp&quot;:&quot;1561272144&quot;,&quot;copyright&quot;:&quot;\\u00a9 Urs Kyburz&quot;,&quot;focal_length&quot;:&quot;16&quot;,&quot;iso&quot;:&quot;100&quot;,&quot;shutter_speed&quot;:&quot;0.003125&quot;,&quot;title&quot;:&quot;&quot;,&quot;orientation&quot;:&quot;0&quot;}\" data-image-title=\"Zwischen Feld und Wald\" data-image-description=\"&lt;p&gt;Unterwegs zwischen Feld und Wald rund um Langenthal.&lt;\/p&gt;\n\" data-image-caption=\"&lt;p&gt;Unterwegs zwischen Feld und Wald rund um Langenthal.&lt;\/p&gt;\n\" data-large-file=\"https:\/\/i0.wp.com\/idnu.ch\/wordpress\/wp-content\/uploads\/2019\/06\/langenthalbike-1.jpg?fit=750%2C500&amp;ssl=1\" class=\"size-full wp-image-12675\" src=\"https:\/\/i0.wp.com\/idnu.ch\/wordpress\/wp-content\/uploads\/2019\/06\/langenthalbike-1.jpg?resize=750%2C500&#038;ssl=1\" alt=\"Zwischen Feld und Wald\" width=\"750\" height=\"500\" srcset=\"https:\/\/i0.wp.com\/idnu.ch\/wordpress\/wp-content\/uploads\/2019\/06\/langenthalbike-1.jpg?w=1280&amp;ssl=1 1280w, https:\/\/i0.wp.com\/idnu.ch\/wordpress\/wp-content\/uploads\/2019\/06\/langenthalbike-1.jpg?resize=300%2C200&amp;ssl=1 300w, https:\/\/i0.wp.com\/idnu.ch\/wordpress\/wp-content\/uploads\/2019\/06\/langenthalbike-1.jpg?resize=768%2C512&amp;ssl=1 768w, https:\/\/i0.wp.com\/idnu.ch\/wordpress\/wp-content\/uploads\/2019\/06\/langenthalbike-1.jpg?resize=1024%2C682&amp;ssl=1 1024w, https:\/\/i0.wp.com\/idnu.ch\/wordpress\/wp-content\/uploads\/2019\/06\/langenthalbike-1.jpg?resize=150%2C100&amp;ssl=1 150w\" sizes=\"auto, (max-width: 750px) 100vw, 750px\" \/><\/a><figcaption id=\"caption-attachment-12675\" class=\"wp-caption-text\">Unterwegs zwischen Feld und Wald rund um Langenthal.<\/figcaption><\/figure>\n<h2>Singletrailaction im Spichigwald<\/h2>\n<p>Zu f\u00fcnft treffen wir mit dem Zug in Langenthal ein. Vor dem Start brauche ich aber noch einen Kaffee, dann geht es los. Wir kurven durch die Stadt, die noch zu schlafen scheint, wir treffen kaum jemanden an. Wir fahren \u00fcber Felder, drei Graureiher lauern M\u00e4usen auf. Gem\u00fctlich radeln wir durch den Wald, der Langete entlang zur\u00fcck durch die Aussenquartiere von Langenthal und r\u00fcber nach Aarwangen.<\/p>\n<div data-carousel-extra='{&quot;blog_id&quot;:1,&quot;permalink&quot;:&quot;https:\/\/idnu.ch\/wordpress\/biken-zwischen-stadt-und-fluss\/&quot;}' id='gallery-1' class='gallery galleryid-12665 gallery-columns-2 gallery-size-large'><figure class='gallery-item'>\n\t\t\t<div class='gallery-icon portrait'>\n\t\t\t\t<a href='https:\/\/idnu.ch\/wordpress\/biken-zwischen-stadt-und-fluss\/langenthalbike-3\/#main'><img loading=\"lazy\" decoding=\"async\" width=\"682\" height=\"1024\" src=\"https:\/\/i0.wp.com\/idnu.ch\/wordpress\/wp-content\/uploads\/2019\/06\/langenthalbike-3.jpg?fit=682%2C1024&amp;ssl=1\" class=\"attachment-large size-large\" alt=\"Singletrailaction...\" aria-describedby=\"gallery-1-12680\" srcset=\"https:\/\/i0.wp.com\/idnu.ch\/wordpress\/wp-content\/uploads\/2019\/06\/langenthalbike-3.jpg?w=853&amp;ssl=1 853w, https:\/\/i0.wp.com\/idnu.ch\/wordpress\/wp-content\/uploads\/2019\/06\/langenthalbike-3.jpg?resize=200%2C300&amp;ssl=1 200w, https:\/\/i0.wp.com\/idnu.ch\/wordpress\/wp-content\/uploads\/2019\/06\/langenthalbike-3.jpg?resize=768%2C1152&amp;ssl=1 768w, https:\/\/i0.wp.com\/idnu.ch\/wordpress\/wp-content\/uploads\/2019\/06\/langenthalbike-3.jpg?resize=682%2C1024&amp;ssl=1 682w, https:\/\/i0.wp.com\/idnu.ch\/wordpress\/wp-content\/uploads\/2019\/06\/langenthalbike-3.jpg?resize=67%2C100&amp;ssl=1 67w\" sizes=\"auto, (max-width: 682px) 100vw, 682px\" data-attachment-id=\"12680\" data-permalink=\"https:\/\/idnu.ch\/wordpress\/biken-zwischen-stadt-und-fluss\/langenthalbike-3\/#main\" data-orig-file=\"https:\/\/i0.wp.com\/idnu.ch\/wordpress\/wp-content\/uploads\/2019\/06\/langenthalbike-3.jpg?fit=853%2C1280&amp;ssl=1\" data-orig-size=\"853,1280\" data-comments-opened=\"1\" data-image-meta=\"{&quot;aperture&quot;:&quot;6.3&quot;,&quot;credit&quot;:&quot;Urs Kyburz&quot;,&quot;camera&quot;:&quot;Canon EOS M50&quot;,&quot;caption&quot;:&quot;&quot;,&quot;created_timestamp&quot;:&quot;1561275321&quot;,&quot;copyright&quot;:&quot;\\u00a9 Urs Kyburz&quot;,&quot;focal_length&quot;:&quot;41&quot;,&quot;iso&quot;:&quot;5000&quot;,&quot;shutter_speed&quot;:&quot;0.0025&quot;,&quot;title&quot;:&quot;&quot;,&quot;orientation&quot;:&quot;0&quot;}\" data-image-title=\"Singletrailaction&amp;#8230;\" data-image-description=\"&lt;p&gt;Singletrailaction&amp;#8230;&lt;\/p&gt;\n\" data-image-caption=\"&lt;p&gt;Viel Spass&amp;#8230;&lt;\/p&gt;\n\" data-large-file=\"https:\/\/i0.wp.com\/idnu.ch\/wordpress\/wp-content\/uploads\/2019\/06\/langenthalbike-3.jpg?fit=682%2C1024&amp;ssl=1\" \/><\/a>\n\t\t\t<\/div>\n\t\t\t\t<figcaption class='wp-caption-text gallery-caption' id='gallery-1-12680'>\n\t\t\t\tViel Spass&#8230;\n\t\t\t\t<\/figcaption><\/figure><figure class='gallery-item'>\n\t\t\t<div class='gallery-icon portrait'>\n\t\t\t\t<a href='https:\/\/idnu.ch\/wordpress\/biken-zwischen-stadt-und-fluss\/langenthalbike-8\/#main'><img loading=\"lazy\" decoding=\"async\" width=\"682\" height=\"1024\" src=\"https:\/\/i0.wp.com\/idnu.ch\/wordpress\/wp-content\/uploads\/2019\/06\/langenthalbike-8.jpg?fit=682%2C1024&amp;ssl=1\" class=\"attachment-large size-large\" alt=\"...im Spichigwald\" aria-describedby=\"gallery-1-12677\" srcset=\"https:\/\/i0.wp.com\/idnu.ch\/wordpress\/wp-content\/uploads\/2019\/06\/langenthalbike-8.jpg?w=853&amp;ssl=1 853w, https:\/\/i0.wp.com\/idnu.ch\/wordpress\/wp-content\/uploads\/2019\/06\/langenthalbike-8.jpg?resize=200%2C300&amp;ssl=1 200w, https:\/\/i0.wp.com\/idnu.ch\/wordpress\/wp-content\/uploads\/2019\/06\/langenthalbike-8.jpg?resize=768%2C1152&amp;ssl=1 768w, https:\/\/i0.wp.com\/idnu.ch\/wordpress\/wp-content\/uploads\/2019\/06\/langenthalbike-8.jpg?resize=682%2C1024&amp;ssl=1 682w, https:\/\/i0.wp.com\/idnu.ch\/wordpress\/wp-content\/uploads\/2019\/06\/langenthalbike-8.jpg?resize=67%2C100&amp;ssl=1 67w\" sizes=\"auto, (max-width: 682px) 100vw, 682px\" data-attachment-id=\"12677\" data-permalink=\"https:\/\/idnu.ch\/wordpress\/biken-zwischen-stadt-und-fluss\/langenthalbike-8\/#main\" data-orig-file=\"https:\/\/i0.wp.com\/idnu.ch\/wordpress\/wp-content\/uploads\/2019\/06\/langenthalbike-8.jpg?fit=853%2C1280&amp;ssl=1\" data-orig-size=\"853,1280\" data-comments-opened=\"1\" data-image-meta=\"{&quot;aperture&quot;:&quot;6.3&quot;,&quot;credit&quot;:&quot;Urs Kyburz&quot;,&quot;camera&quot;:&quot;Canon EOS M50&quot;,&quot;caption&quot;:&quot;&quot;,&quot;created_timestamp&quot;:&quot;1561275330&quot;,&quot;copyright&quot;:&quot;\\u00a9 Urs Kyburz&quot;,&quot;focal_length&quot;:&quot;41&quot;,&quot;iso&quot;:&quot;5000&quot;,&quot;shutter_speed&quot;:&quot;0.0025&quot;,&quot;title&quot;:&quot;&quot;,&quot;orientation&quot;:&quot;0&quot;}\" data-image-title=\"&amp;#8230;im Spichigwald\" data-image-description=\"&lt;p&gt;&amp;#8230;im Spichigwald&lt;\/p&gt;\n\" data-image-caption=\"&lt;p&gt;&amp;#8230;im Spichigwald&lt;\/p&gt;\n\" data-large-file=\"https:\/\/i0.wp.com\/idnu.ch\/wordpress\/wp-content\/uploads\/2019\/06\/langenthalbike-8.jpg?fit=682%2C1024&amp;ssl=1\" \/><\/a>\n\t\t\t<\/div>\n\t\t\t\t<figcaption class='wp-caption-text gallery-caption' id='gallery-1-12677'>\n\t\t\t\t&#8230;im Spichigwald\n\t\t\t\t<\/figcaption><\/figure>\n\t\t<\/div>\n\n<p>Weiter geht es durch den Spichigwald bei B\u00fctzberg. Am Ende des Waldes sticht der Tourenleiter gleich wieder hinein auf einem schmalen Pfad. Singletrail! Sehr abwechslungsreich, die Augen meiner Jungs leuchten. Am anderen Ende des Waldes eine kurze Pause, dann fahren wir weiter. Und der Pfad wird noch besser! Kurvenreich, mit kleinen Spr\u00fcngen dazwischen, perfekt! Mit breitem Grinsen erreichen wir eine Waldstrasse. &#8222;Na, war das gut?&#8220;, fragt der Tourenleiter. Na klar war das gut, und wie! Wir radeln wieder zur\u00fcck durch den Wald. Am Start des Trails sagt der Tourenleiter: &#8222;So, ich warte dort dr\u00fcben auf dem B\u00e4nkli. Wollt ihr nochmals eine Runde drehen?&#8220; &#8222;Jaaaaa!&#8220;, rufen meine Jungs begeistert. Und schon zischen die beiden ab, ich hinterher, zuhinterst meine Schw\u00e4gerin. Jetzt, wo wir die Strecke kennen, wird es noch spassiger. Viel zu schnell sind wir wieder auf der Waldstrasse, fahren zur\u00fcck zum wartenden Tourenleiter.<\/p>\n<h2>Der Aare entlang<\/h2>\n<p>Nach der St\u00e4rkung fahren wir rasant abw\u00e4rts zur Aare und \u00fcberqueren das dortige Wehr. Das kommt mir bekannt vor: Auf dem Heimweg von der ersten <a href=\"https:\/\/idnu.ch\/wordpress\/transjurane-mit-dem-velo-eine-reise-durch-eine-vielfaeltige-landschaft\/\" target=\"_blank\" rel=\"noopener noreferrer\">Transjurane<\/a> kamen wir ebenfalls hier vorbei. Wir fahren nun in der entgegengesetzten Richtung, an der Vogelroupfi vorbei und queren die Aare abermals. Wie breit der Fluss hier ist. Und dann muss ich immer an Brugg denken, wo all dieses Wasser durch die enge Stelle dort muss (siehe dazu &#8222;<a href=\"https:\/\/idnu.ch\/wordpress\/durchs-wasserschloss-nach-baden\/\" target=\"_blank\" rel=\"noopener noreferrer\">Durchs Wasserschloss nach Baden<\/a>&#8222;). Von hier geht es wieder hoch, zum Gl\u00fcck im schattigen Wald. Wir kommen an den Inkwilersee, ein idyllisches Badegw\u00e4sser bei R\u00f6thenbach. Aber nicht nur die Menschen f\u00fchlen sich hier wohl, die Schw\u00e4ne offenbar auch. Alles ist verkotet, die Pl\u00e4tze f\u00fcr die Fischer (die nummeriert sind) und die Wege.<\/p>\n<div class=\"tiled-gallery type-rectangular tiled-gallery-unresized\" data-original-width=\"750\" data-carousel-extra='{&quot;blog_id&quot;:1,&quot;permalink&quot;:&quot;https:\\\/\\\/idnu.ch\\\/wordpress\\\/biken-zwischen-stadt-und-fluss\\\/&quot;,&quot;likes_blog_id&quot;:100184974}' itemscope itemtype=\"http:\/\/schema.org\/ImageGallery\" > <div class=\"gallery-row\" style=\"width: 750px; height: 121px;\" data-original-width=\"750\" data-original-height=\"121\" > <div class=\"gallery-group images-1\" style=\"width: 212px; height: 121px;\" data-original-width=\"212\" data-original-height=\"121\" > <div class=\"tiled-gallery-item tiled-gallery-item-small\" itemprop=\"associatedMedia\" itemscope itemtype=\"http:\/\/schema.org\/ImageObject\"> <a href=\"https:\/\/idnu.ch\/wordpress\/biken-zwischen-stadt-und-fluss\/langenthalbike-11\/#main\" border=\"0\" itemprop=\"url\"> <meta itemprop=\"width\" content=\"208\"> <meta itemprop=\"height\" content=\"117\"> <img decoding=\"async\" class=\"\" data-attachment-id=\"12682\" data-orig-file=\"https:\/\/idnu.ch\/wordpress\/wp-content\/uploads\/2019\/06\/langenthalbike-11.jpg\" data-orig-size=\"1280,720\" data-comments-opened=\"1\" data-image-meta=\"{&quot;aperture&quot;:&quot;8&quot;,&quot;credit&quot;:&quot;Urs Kyburz&quot;,&quot;camera&quot;:&quot;Canon EOS M50&quot;,&quot;caption&quot;:&quot;&quot;,&quot;created_timestamp&quot;:&quot;1561277511&quot;,&quot;copyright&quot;:&quot;\\u00a9 Urs Kyburz&quot;,&quot;focal_length&quot;:&quot;35&quot;,&quot;iso&quot;:&quot;100&quot;,&quot;shutter_speed&quot;:&quot;0.003125&quot;,&quot;title&quot;:&quot;&quot;,&quot;orientation&quot;:&quot;0&quot;}\" data-image-title=\"An der Aare\" data-image-description=\"&lt;p&gt;An der Aare&lt;\/p&gt; \" data-medium-file=\"https:\/\/i0.wp.com\/idnu.ch\/wordpress\/wp-content\/uploads\/2019\/06\/langenthalbike-11.jpg?fit=300%2C169&#038;ssl=1\" data-large-file=\"https:\/\/i0.wp.com\/idnu.ch\/wordpress\/wp-content\/uploads\/2019\/06\/langenthalbike-11.jpg?fit=750%2C422&#038;ssl=1\" src=\"https:\/\/i0.wp.com\/idnu.ch\/wordpress\/wp-content\/uploads\/2019\/06\/langenthalbike-11.jpg?w=208&#038;h=117&#038;ssl=1\" srcset=\"https:\/\/i0.wp.com\/idnu.ch\/wordpress\/wp-content\/uploads\/2019\/06\/langenthalbike-11.jpg?w=1280&amp;ssl=1 1280w, https:\/\/i0.wp.com\/idnu.ch\/wordpress\/wp-content\/uploads\/2019\/06\/langenthalbike-11.jpg?resize=300%2C169&amp;ssl=1 300w, https:\/\/i0.wp.com\/idnu.ch\/wordpress\/wp-content\/uploads\/2019\/06\/langenthalbike-11.jpg?resize=768%2C432&amp;ssl=1 768w, https:\/\/i0.wp.com\/idnu.ch\/wordpress\/wp-content\/uploads\/2019\/06\/langenthalbike-11.jpg?resize=1024%2C576&amp;ssl=1 1024w, https:\/\/i0.wp.com\/idnu.ch\/wordpress\/wp-content\/uploads\/2019\/06\/langenthalbike-11.jpg?resize=178%2C100&amp;ssl=1 178w\" width=\"208\" height=\"117\" loading=\"lazy\" data-original-width=\"208\" data-original-height=\"117\" itemprop=\"http:\/\/schema.org\/image\" title=\"An der Aare\" alt=\"An der Aare\" style=\"width: 208px; height: 117px;\" \/> <\/a> <div class=\"tiled-gallery-caption\" itemprop=\"caption description\"> An der Aare <\/div> <\/div> <\/div> <!-- close group --> <div class=\"gallery-group images-1\" style=\"width: 180px; height: 121px;\" data-original-width=\"180\" data-original-height=\"121\" > <div class=\"tiled-gallery-item tiled-gallery-item-small\" itemprop=\"associatedMedia\" itemscope itemtype=\"http:\/\/schema.org\/ImageObject\"> <a href=\"https:\/\/idnu.ch\/wordpress\/biken-zwischen-stadt-und-fluss\/langenthalbike-18\/#main\" border=\"0\" itemprop=\"url\"> <meta itemprop=\"width\" content=\"176\"> <meta itemprop=\"height\" content=\"117\"> <img decoding=\"async\" class=\"\" data-attachment-id=\"12683\" data-orig-file=\"https:\/\/idnu.ch\/wordpress\/wp-content\/uploads\/2019\/06\/langenthalbike-18.jpg\" data-orig-size=\"1280,853\" data-comments-opened=\"1\" data-image-meta=\"{&quot;aperture&quot;:&quot;6.3&quot;,&quot;credit&quot;:&quot;Urs Kyburz&quot;,&quot;camera&quot;:&quot;Canon EOS M50&quot;,&quot;caption&quot;:&quot;&quot;,&quot;created_timestamp&quot;:&quot;1561277696&quot;,&quot;copyright&quot;:&quot;\\u00a9 Urs Kyburz&quot;,&quot;focal_length&quot;:&quot;45&quot;,&quot;iso&quot;:&quot;3200&quot;,&quot;shutter_speed&quot;:&quot;0.005&quot;,&quot;title&quot;:&quot;&quot;,&quot;orientation&quot;:&quot;0&quot;}\" data-image-title=\"langenthalbike-18\" data-image-description=\"\" data-medium-file=\"https:\/\/i0.wp.com\/idnu.ch\/wordpress\/wp-content\/uploads\/2019\/06\/langenthalbike-18.jpg?fit=300%2C200&#038;ssl=1\" data-large-file=\"https:\/\/i0.wp.com\/idnu.ch\/wordpress\/wp-content\/uploads\/2019\/06\/langenthalbike-18.jpg?fit=750%2C500&#038;ssl=1\" src=\"https:\/\/i0.wp.com\/idnu.ch\/wordpress\/wp-content\/uploads\/2019\/06\/langenthalbike-18.jpg?w=176&#038;h=117&#038;ssl=1\" srcset=\"https:\/\/i0.wp.com\/idnu.ch\/wordpress\/wp-content\/uploads\/2019\/06\/langenthalbike-18.jpg?w=1280&amp;ssl=1 1280w, https:\/\/i0.wp.com\/idnu.ch\/wordpress\/wp-content\/uploads\/2019\/06\/langenthalbike-18.jpg?resize=300%2C200&amp;ssl=1 300w, https:\/\/i0.wp.com\/idnu.ch\/wordpress\/wp-content\/uploads\/2019\/06\/langenthalbike-18.jpg?resize=768%2C512&amp;ssl=1 768w, https:\/\/i0.wp.com\/idnu.ch\/wordpress\/wp-content\/uploads\/2019\/06\/langenthalbike-18.jpg?resize=1024%2C682&amp;ssl=1 1024w, https:\/\/i0.wp.com\/idnu.ch\/wordpress\/wp-content\/uploads\/2019\/06\/langenthalbike-18.jpg?resize=150%2C100&amp;ssl=1 150w\" width=\"176\" height=\"117\" loading=\"lazy\" data-original-width=\"176\" data-original-height=\"117\" itemprop=\"http:\/\/schema.org\/image\" title=\"langenthalbike-18\" alt=\"langenthalbike-18\" style=\"width: 176px; height: 117px;\" \/> <\/a> <\/div> <\/div> <!-- close group --> <div class=\"gallery-group images-1\" style=\"width: 179px; height: 121px;\" data-original-width=\"179\" data-original-height=\"121\" > <div class=\"tiled-gallery-item tiled-gallery-item-small\" itemprop=\"associatedMedia\" itemscope itemtype=\"http:\/\/schema.org\/ImageObject\"> <a href=\"https:\/\/idnu.ch\/wordpress\/biken-zwischen-stadt-und-fluss\/langenthalbike-25\/#main\" border=\"0\" itemprop=\"url\"> <meta itemprop=\"width\" content=\"175\"> <meta itemprop=\"height\" content=\"117\"> <img decoding=\"async\" class=\"\" data-attachment-id=\"12684\" data-orig-file=\"https:\/\/idnu.ch\/wordpress\/wp-content\/uploads\/2019\/06\/langenthalbike-25.jpg\" data-orig-size=\"1280,853\" data-comments-opened=\"1\" data-image-meta=\"{&quot;aperture&quot;:&quot;22&quot;,&quot;credit&quot;:&quot;Urs Kyburz&quot;,&quot;camera&quot;:&quot;Canon EOS M50&quot;,&quot;caption&quot;:&quot;&quot;,&quot;created_timestamp&quot;:&quot;1561279462&quot;,&quot;copyright&quot;:&quot;\\u00a9 Urs Kyburz&quot;,&quot;focal_length&quot;:&quot;16&quot;,&quot;iso&quot;:&quot;100&quot;,&quot;shutter_speed&quot;:&quot;0.0125&quot;,&quot;title&quot;:&quot;&quot;,&quot;orientation&quot;:&quot;0&quot;}\" data-image-title=\"langenthalbike-25\" data-image-description=\"\" data-medium-file=\"https:\/\/i0.wp.com\/idnu.ch\/wordpress\/wp-content\/uploads\/2019\/06\/langenthalbike-25.jpg?fit=300%2C200&#038;ssl=1\" data-large-file=\"https:\/\/i0.wp.com\/idnu.ch\/wordpress\/wp-content\/uploads\/2019\/06\/langenthalbike-25.jpg?fit=750%2C500&#038;ssl=1\" src=\"https:\/\/i0.wp.com\/idnu.ch\/wordpress\/wp-content\/uploads\/2019\/06\/langenthalbike-25.jpg?w=175&#038;h=117&#038;ssl=1\" srcset=\"https:\/\/i0.wp.com\/idnu.ch\/wordpress\/wp-content\/uploads\/2019\/06\/langenthalbike-25.jpg?w=1280&amp;ssl=1 1280w, https:\/\/i0.wp.com\/idnu.ch\/wordpress\/wp-content\/uploads\/2019\/06\/langenthalbike-25.jpg?resize=300%2C200&amp;ssl=1 300w, https:\/\/i0.wp.com\/idnu.ch\/wordpress\/wp-content\/uploads\/2019\/06\/langenthalbike-25.jpg?resize=768%2C512&amp;ssl=1 768w, https:\/\/i0.wp.com\/idnu.ch\/wordpress\/wp-content\/uploads\/2019\/06\/langenthalbike-25.jpg?resize=1024%2C682&amp;ssl=1 1024w, https:\/\/i0.wp.com\/idnu.ch\/wordpress\/wp-content\/uploads\/2019\/06\/langenthalbike-25.jpg?resize=150%2C100&amp;ssl=1 150w\" width=\"175\" height=\"117\" loading=\"lazy\" data-original-width=\"175\" data-original-height=\"117\" itemprop=\"http:\/\/schema.org\/image\" title=\"langenthalbike-25\" alt=\"langenthalbike-25\" style=\"width: 175px; height: 117px;\" \/> <\/a> <\/div> <\/div> <!-- close group --> <div class=\"gallery-group images-1\" style=\"width: 179px; height: 121px;\" data-original-width=\"179\" data-original-height=\"121\" > <div class=\"tiled-gallery-item tiled-gallery-item-small\" itemprop=\"associatedMedia\" itemscope itemtype=\"http:\/\/schema.org\/ImageObject\"> <a href=\"https:\/\/idnu.ch\/wordpress\/biken-zwischen-stadt-und-fluss\/langenthalbike-27\/#main\" border=\"0\" itemprop=\"url\"> <meta itemprop=\"width\" content=\"175\"> <meta itemprop=\"height\" content=\"117\"> <img decoding=\"async\" class=\"\" data-attachment-id=\"12685\" data-orig-file=\"https:\/\/idnu.ch\/wordpress\/wp-content\/uploads\/2019\/06\/langenthalbike-27.jpg\" data-orig-size=\"1280,853\" data-comments-opened=\"1\" data-image-meta=\"{&quot;aperture&quot;:&quot;8&quot;,&quot;credit&quot;:&quot;Urs Kyburz&quot;,&quot;camera&quot;:&quot;Canon EOS M50&quot;,&quot;caption&quot;:&quot;&quot;,&quot;created_timestamp&quot;:&quot;1561282462&quot;,&quot;copyright&quot;:&quot;\\u00a9 Urs Kyburz&quot;,&quot;focal_length&quot;:&quot;18&quot;,&quot;iso&quot;:&quot;100&quot;,&quot;shutter_speed&quot;:&quot;0.003125&quot;,&quot;title&quot;:&quot;&quot;,&quot;orientation&quot;:&quot;0&quot;}\" data-image-title=\"langenthalbike-27\" data-image-description=\"\" data-medium-file=\"https:\/\/i0.wp.com\/idnu.ch\/wordpress\/wp-content\/uploads\/2019\/06\/langenthalbike-27.jpg?fit=300%2C200&#038;ssl=1\" data-large-file=\"https:\/\/i0.wp.com\/idnu.ch\/wordpress\/wp-content\/uploads\/2019\/06\/langenthalbike-27.jpg?fit=750%2C500&#038;ssl=1\" src=\"https:\/\/i0.wp.com\/idnu.ch\/wordpress\/wp-content\/uploads\/2019\/06\/langenthalbike-27.jpg?w=175&#038;h=117&#038;ssl=1\" srcset=\"https:\/\/i0.wp.com\/idnu.ch\/wordpress\/wp-content\/uploads\/2019\/06\/langenthalbike-27.jpg?w=1280&amp;ssl=1 1280w, https:\/\/i0.wp.com\/idnu.ch\/wordpress\/wp-content\/uploads\/2019\/06\/langenthalbike-27.jpg?resize=300%2C200&amp;ssl=1 300w, https:\/\/i0.wp.com\/idnu.ch\/wordpress\/wp-content\/uploads\/2019\/06\/langenthalbike-27.jpg?resize=768%2C512&amp;ssl=1 768w, https:\/\/i0.wp.com\/idnu.ch\/wordpress\/wp-content\/uploads\/2019\/06\/langenthalbike-27.jpg?resize=1024%2C682&amp;ssl=1 1024w, https:\/\/i0.wp.com\/idnu.ch\/wordpress\/wp-content\/uploads\/2019\/06\/langenthalbike-27.jpg?resize=150%2C100&amp;ssl=1 150w\" width=\"175\" height=\"117\" loading=\"lazy\" data-original-width=\"175\" data-original-height=\"117\" itemprop=\"http:\/\/schema.org\/image\" title=\"langenthalbike-27\" alt=\"langenthalbike-27\" style=\"width: 175px; height: 117px;\" \/> <\/a> <\/div> <\/div> <!-- close group --> <\/div> <!-- close row --> <\/div>\n<p>Durch Aeschi fahren wir zum n\u00e4chsten kleinen See, dem Burg\u00e4schisee, wo es praktischerweise auch ein Restaurant gibt, das zu einer Pause einl\u00e4dt. Ich habe wieder ein D\u00e9j\u00e0-vu, auf einer anderen SAC-Velotour kamen wir schon mal hier vorbei.<\/p>\n<h2>Auf zum h\u00f6chsten Punkt<\/h2>\n<p>Nun geht es aber aufw\u00e4rts durch den Wald, platzen in ein Traktorentreffen und fahren an Steinhof vorbei nach Bollodingen und Oberdorf. Auf Asphalt geht es weiter zum h\u00f6chsten Punkt der Tour in Linden auf 660 m\u00fcM. Wir erblicken das Weissensteinmassiv und den <a href=\"https:\/\/idnu.ch\/wordpress\/dem-nebel-entflohen-auf-dem-jura-hoehenweg\/\" target=\"_blank\" rel=\"noopener noreferrer\">Roggen<\/a>, bevor wir nach Leimiswil und Lindenholz hinunter sausen. Dort h\u00e4lt der Tourenleiter wieder einen Singletrail an der Langete parat. &#8222;Braucht ihr nochmals eine Pause?&#8220; &#8222;Ja&#8220;, fl\u00fcstert Silvan und setzt sich ersch\u00f6pft aufs B\u00e4nkli. Er isst einen Riegel und ein Traubenzucker, w\u00e4hrend ich die Zeit nutze, ausgiebig zu niesen. Doofer Heuschnupfen.<\/p>\n<div class=\"tiled-gallery type-rectangular tiled-gallery-unresized\" data-original-width=\"750\" data-carousel-extra='{&quot;blog_id&quot;:1,&quot;permalink&quot;:&quot;https:\\\/\\\/idnu.ch\\\/wordpress\\\/biken-zwischen-stadt-und-fluss\\\/&quot;,&quot;likes_blog_id&quot;:100184974}' itemscope itemtype=\"http:\/\/schema.org\/ImageGallery\" > <div class=\"gallery-row\" style=\"width: 750px; height: 326px;\" data-original-width=\"750\" data-original-height=\"326\" > <div class=\"gallery-group images-2\" style=\"width: 263px; height: 326px;\" data-original-width=\"263\" data-original-height=\"326\" > <div class=\"tiled-gallery-item tiled-gallery-item-large\" itemprop=\"associatedMedia\" itemscope itemtype=\"http:\/\/schema.org\/ImageObject\"> <a href=\"https:\/\/idnu.ch\/wordpress\/biken-zwischen-stadt-und-fluss\/langenthalbike-28\/#main\" border=\"0\" itemprop=\"url\"> <meta itemprop=\"width\" content=\"259\"> <meta itemprop=\"height\" content=\"146\"> <img decoding=\"async\" class=\"\" data-attachment-id=\"12686\" data-orig-file=\"https:\/\/idnu.ch\/wordpress\/wp-content\/uploads\/2019\/06\/langenthalbike-28.jpg\" data-orig-size=\"1280,720\" data-comments-opened=\"1\" data-image-meta=\"{&quot;aperture&quot;:&quot;8&quot;,&quot;credit&quot;:&quot;Urs Kyburz&quot;,&quot;camera&quot;:&quot;Canon EOS M50&quot;,&quot;caption&quot;:&quot;&quot;,&quot;created_timestamp&quot;:&quot;1561283910&quot;,&quot;copyright&quot;:&quot;\\u00a9 Urs Kyburz&quot;,&quot;focal_length&quot;:&quot;24&quot;,&quot;iso&quot;:&quot;100&quot;,&quot;shutter_speed&quot;:&quot;0.0025&quot;,&quot;title&quot;:&quot;&quot;,&quot;orientation&quot;:&quot;0&quot;}\" data-image-title=\"Das Traktorentreffen bei Steinhof\" data-image-description=\"&lt;p&gt;Das Traktorentreffen bei Steinhof&lt;\/p&gt; \" data-medium-file=\"https:\/\/i0.wp.com\/idnu.ch\/wordpress\/wp-content\/uploads\/2019\/06\/langenthalbike-28.jpg?fit=300%2C169&#038;ssl=1\" data-large-file=\"https:\/\/i0.wp.com\/idnu.ch\/wordpress\/wp-content\/uploads\/2019\/06\/langenthalbike-28.jpg?fit=750%2C422&#038;ssl=1\" src=\"https:\/\/i0.wp.com\/idnu.ch\/wordpress\/wp-content\/uploads\/2019\/06\/langenthalbike-28.jpg?w=259&#038;h=146&#038;ssl=1\" srcset=\"https:\/\/i0.wp.com\/idnu.ch\/wordpress\/wp-content\/uploads\/2019\/06\/langenthalbike-28.jpg?w=1280&amp;ssl=1 1280w, https:\/\/i0.wp.com\/idnu.ch\/wordpress\/wp-content\/uploads\/2019\/06\/langenthalbike-28.jpg?resize=300%2C169&amp;ssl=1 300w, https:\/\/i0.wp.com\/idnu.ch\/wordpress\/wp-content\/uploads\/2019\/06\/langenthalbike-28.jpg?resize=768%2C432&amp;ssl=1 768w, https:\/\/i0.wp.com\/idnu.ch\/wordpress\/wp-content\/uploads\/2019\/06\/langenthalbike-28.jpg?resize=1024%2C576&amp;ssl=1 1024w, https:\/\/i0.wp.com\/idnu.ch\/wordpress\/wp-content\/uploads\/2019\/06\/langenthalbike-28.jpg?resize=178%2C100&amp;ssl=1 178w\" width=\"259\" height=\"146\" loading=\"lazy\" data-original-width=\"259\" data-original-height=\"146\" itemprop=\"http:\/\/schema.org\/image\" title=\"Das Traktorentreffen bei Steinhof\" alt=\"Das Traktorentreffen bei Steinhof\" style=\"width: 259px; height: 146px;\" \/> <\/a> <div class=\"tiled-gallery-caption\" itemprop=\"caption description\"> Das Traktorentreffen bei Steinhof <\/div> <\/div> <div class=\"tiled-gallery-item tiled-gallery-item-large\" itemprop=\"associatedMedia\" itemscope itemtype=\"http:\/\/schema.org\/ImageObject\"> <a href=\"https:\/\/idnu.ch\/wordpress\/biken-zwischen-stadt-und-fluss\/langenthalbike-32\/#main\" border=\"0\" itemprop=\"url\"> <meta itemprop=\"width\" content=\"259\"> <meta itemprop=\"height\" content=\"172\"> <img decoding=\"async\" class=\"\" data-attachment-id=\"12687\" data-orig-file=\"https:\/\/idnu.ch\/wordpress\/wp-content\/uploads\/2019\/06\/langenthalbike-32.jpg\" data-orig-size=\"1280,853\" data-comments-opened=\"1\" data-image-meta=\"{&quot;aperture&quot;:&quot;14&quot;,&quot;credit&quot;:&quot;Urs Kyburz&quot;,&quot;camera&quot;:&quot;Canon EOS M50&quot;,&quot;caption&quot;:&quot;&quot;,&quot;created_timestamp&quot;:&quot;1561284617&quot;,&quot;copyright&quot;:&quot;\\u00a9 Urs Kyburz&quot;,&quot;focal_length&quot;:&quot;24&quot;,&quot;iso&quot;:&quot;100&quot;,&quot;shutter_speed&quot;:&quot;0.00625&quot;,&quot;title&quot;:&quot;&quot;,&quot;orientation&quot;:&quot;0&quot;}\" data-image-title=\"Feldwege&amp;#8230;\" data-image-description=\"&lt;p&gt;Feldwege&amp;#8230;&lt;\/p&gt; \" data-medium-file=\"https:\/\/i0.wp.com\/idnu.ch\/wordpress\/wp-content\/uploads\/2019\/06\/langenthalbike-32.jpg?fit=300%2C200&#038;ssl=1\" data-large-file=\"https:\/\/i0.wp.com\/idnu.ch\/wordpress\/wp-content\/uploads\/2019\/06\/langenthalbike-32.jpg?fit=750%2C500&#038;ssl=1\" src=\"https:\/\/i0.wp.com\/idnu.ch\/wordpress\/wp-content\/uploads\/2019\/06\/langenthalbike-32.jpg?w=259&#038;h=172&#038;ssl=1\" srcset=\"https:\/\/i0.wp.com\/idnu.ch\/wordpress\/wp-content\/uploads\/2019\/06\/langenthalbike-32.jpg?w=1280&amp;ssl=1 1280w, https:\/\/i0.wp.com\/idnu.ch\/wordpress\/wp-content\/uploads\/2019\/06\/langenthalbike-32.jpg?resize=300%2C200&amp;ssl=1 300w, https:\/\/i0.wp.com\/idnu.ch\/wordpress\/wp-content\/uploads\/2019\/06\/langenthalbike-32.jpg?resize=768%2C512&amp;ssl=1 768w, https:\/\/i0.wp.com\/idnu.ch\/wordpress\/wp-content\/uploads\/2019\/06\/langenthalbike-32.jpg?resize=1024%2C682&amp;ssl=1 1024w, https:\/\/i0.wp.com\/idnu.ch\/wordpress\/wp-content\/uploads\/2019\/06\/langenthalbike-32.jpg?resize=150%2C100&amp;ssl=1 150w\" width=\"259\" height=\"172\" loading=\"lazy\" data-original-width=\"259\" data-original-height=\"172\" itemprop=\"http:\/\/schema.org\/image\" title=\"Feldwege...\" alt=\"Feldwege...\" style=\"width: 259px; height: 172px;\" \/> <\/a> <div class=\"tiled-gallery-caption\" itemprop=\"caption description\"> Feldwege&#8230; <\/div> <\/div> <\/div> <!-- close group --> <div class=\"gallery-group images-1\" style=\"width: 487px; height: 326px;\" data-original-width=\"487\" data-original-height=\"326\" > <div class=\"tiled-gallery-item tiled-gallery-item-large\" itemprop=\"associatedMedia\" itemscope itemtype=\"http:\/\/schema.org\/ImageObject\"> <a href=\"https:\/\/idnu.ch\/wordpress\/biken-zwischen-stadt-und-fluss\/langenthalbike-37\/#main\" border=\"0\" itemprop=\"url\"> <meta itemprop=\"width\" content=\"483\"> <meta itemprop=\"height\" content=\"322\"> <img decoding=\"async\" class=\"\" data-attachment-id=\"12688\" data-orig-file=\"https:\/\/idnu.ch\/wordpress\/wp-content\/uploads\/2019\/06\/langenthalbike-37.jpg\" data-orig-size=\"1280,853\" data-comments-opened=\"1\" data-image-meta=\"{&quot;aperture&quot;:&quot;13&quot;,&quot;credit&quot;:&quot;Urs Kyburz&quot;,&quot;camera&quot;:&quot;Canon EOS M50&quot;,&quot;caption&quot;:&quot;&quot;,&quot;created_timestamp&quot;:&quot;1561284916&quot;,&quot;copyright&quot;:&quot;\\u00a9 Urs Kyburz&quot;,&quot;focal_length&quot;:&quot;24&quot;,&quot;iso&quot;:&quot;100&quot;,&quot;shutter_speed&quot;:&quot;0.00625&quot;,&quot;title&quot;:&quot;&quot;,&quot;orientation&quot;:&quot;0&quot;}\" data-image-title=\"&amp;#8230;und Feldpfade\" data-image-description=\"&lt;p&gt;&amp;#8230;und Feldpfade&lt;\/p&gt; \" data-medium-file=\"https:\/\/i0.wp.com\/idnu.ch\/wordpress\/wp-content\/uploads\/2019\/06\/langenthalbike-37.jpg?fit=300%2C200&#038;ssl=1\" data-large-file=\"https:\/\/i0.wp.com\/idnu.ch\/wordpress\/wp-content\/uploads\/2019\/06\/langenthalbike-37.jpg?fit=750%2C500&#038;ssl=1\" src=\"https:\/\/i0.wp.com\/idnu.ch\/wordpress\/wp-content\/uploads\/2019\/06\/langenthalbike-37.jpg?w=483&#038;h=322&#038;ssl=1\" srcset=\"https:\/\/i0.wp.com\/idnu.ch\/wordpress\/wp-content\/uploads\/2019\/06\/langenthalbike-37.jpg?w=1280&amp;ssl=1 1280w, https:\/\/i0.wp.com\/idnu.ch\/wordpress\/wp-content\/uploads\/2019\/06\/langenthalbike-37.jpg?resize=300%2C200&amp;ssl=1 300w, https:\/\/i0.wp.com\/idnu.ch\/wordpress\/wp-content\/uploads\/2019\/06\/langenthalbike-37.jpg?resize=768%2C512&amp;ssl=1 768w, https:\/\/i0.wp.com\/idnu.ch\/wordpress\/wp-content\/uploads\/2019\/06\/langenthalbike-37.jpg?resize=1024%2C682&amp;ssl=1 1024w, https:\/\/i0.wp.com\/idnu.ch\/wordpress\/wp-content\/uploads\/2019\/06\/langenthalbike-37.jpg?resize=150%2C100&amp;ssl=1 150w\" width=\"483\" height=\"322\" loading=\"lazy\" data-original-width=\"483\" data-original-height=\"322\" itemprop=\"http:\/\/schema.org\/image\" title=\"...und Feldpfade\" alt=\"...und Feldpfade\" style=\"width: 483px; height: 322px;\" \/> <\/a> <div class=\"tiled-gallery-caption\" itemprop=\"caption description\"> &#8230;und Feldpfade <\/div> <\/div> <\/div> <!-- close group --> <\/div> <!-- close row --> <div class=\"gallery-row\" style=\"width: 750px; height: 213px;\" data-original-width=\"750\" data-original-height=\"213\" > <div class=\"gallery-group images-1\" style=\"width: 375px; height: 213px;\" data-original-width=\"375\" data-original-height=\"213\" > <div class=\"tiled-gallery-item tiled-gallery-item-large\" itemprop=\"associatedMedia\" itemscope itemtype=\"http:\/\/schema.org\/ImageObject\"> <a href=\"https:\/\/idnu.ch\/wordpress\/biken-zwischen-stadt-und-fluss\/langenthalbike-39\/#main\" border=\"0\" itemprop=\"url\"> <meta itemprop=\"width\" content=\"371\"> <meta itemprop=\"height\" content=\"209\"> <img decoding=\"async\" class=\"\" data-attachment-id=\"12689\" data-orig-file=\"https:\/\/idnu.ch\/wordpress\/wp-content\/uploads\/2019\/06\/langenthalbike-39.jpg\" data-orig-size=\"1280,720\" data-comments-opened=\"1\" data-image-meta=\"{&quot;aperture&quot;:&quot;11&quot;,&quot;credit&quot;:&quot;Urs Kyburz&quot;,&quot;camera&quot;:&quot;Canon EOS M50&quot;,&quot;caption&quot;:&quot;&quot;,&quot;created_timestamp&quot;:&quot;1561286440&quot;,&quot;copyright&quot;:&quot;\\u00a9 Urs Kyburz&quot;,&quot;focal_length&quot;:&quot;27&quot;,&quot;iso&quot;:&quot;100&quot;,&quot;shutter_speed&quot;:&quot;0.00625&quot;,&quot;title&quot;:&quot;&quot;,&quot;orientation&quot;:&quot;0&quot;}\" data-image-title=\"Ochlenberg\" data-image-description=\"&lt;p&gt;Ochlenberg (was f\u00fcr ein Name)&lt;\/p&gt; \" data-medium-file=\"https:\/\/i0.wp.com\/idnu.ch\/wordpress\/wp-content\/uploads\/2019\/06\/langenthalbike-39.jpg?fit=300%2C169&#038;ssl=1\" data-large-file=\"https:\/\/i0.wp.com\/idnu.ch\/wordpress\/wp-content\/uploads\/2019\/06\/langenthalbike-39.jpg?fit=750%2C422&#038;ssl=1\" src=\"https:\/\/i0.wp.com\/idnu.ch\/wordpress\/wp-content\/uploads\/2019\/06\/langenthalbike-39.jpg?w=371&#038;h=209&#038;ssl=1\" srcset=\"https:\/\/i0.wp.com\/idnu.ch\/wordpress\/wp-content\/uploads\/2019\/06\/langenthalbike-39.jpg?w=1280&amp;ssl=1 1280w, https:\/\/i0.wp.com\/idnu.ch\/wordpress\/wp-content\/uploads\/2019\/06\/langenthalbike-39.jpg?resize=300%2C169&amp;ssl=1 300w, https:\/\/i0.wp.com\/idnu.ch\/wordpress\/wp-content\/uploads\/2019\/06\/langenthalbike-39.jpg?resize=768%2C432&amp;ssl=1 768w, https:\/\/i0.wp.com\/idnu.ch\/wordpress\/wp-content\/uploads\/2019\/06\/langenthalbike-39.jpg?resize=1024%2C576&amp;ssl=1 1024w, https:\/\/i0.wp.com\/idnu.ch\/wordpress\/wp-content\/uploads\/2019\/06\/langenthalbike-39.jpg?resize=178%2C100&amp;ssl=1 178w\" width=\"371\" height=\"209\" loading=\"lazy\" data-original-width=\"371\" data-original-height=\"209\" itemprop=\"http:\/\/schema.org\/image\" title=\"Ochlenberg\" alt=\"Ochlenberg\" style=\"width: 371px; height: 209px;\" \/> <\/a> <div class=\"tiled-gallery-caption\" itemprop=\"caption description\"> Ochlenberg (was f\u00fcr ein Name) <\/div> <\/div> <\/div> <!-- close group --> <div class=\"gallery-group images-1\" style=\"width: 375px; height: 213px;\" data-original-width=\"375\" data-original-height=\"213\" > <div class=\"tiled-gallery-item tiled-gallery-item-large\" itemprop=\"associatedMedia\" itemscope itemtype=\"http:\/\/schema.org\/ImageObject\"> <a href=\"https:\/\/idnu.ch\/wordpress\/biken-zwischen-stadt-und-fluss\/langenthalbike-43\/#main\" border=\"0\" itemprop=\"url\"> <meta itemprop=\"width\" content=\"371\"> <meta itemprop=\"height\" content=\"209\"> <img decoding=\"async\" class=\"\" data-attachment-id=\"12690\" data-orig-file=\"https:\/\/idnu.ch\/wordpress\/wp-content\/uploads\/2019\/06\/langenthalbike-43.jpg\" data-orig-size=\"1280,720\" data-comments-opened=\"1\" data-image-meta=\"{&quot;aperture&quot;:&quot;13&quot;,&quot;credit&quot;:&quot;Urs Kyburz&quot;,&quot;camera&quot;:&quot;Canon EOS M50&quot;,&quot;caption&quot;:&quot;&quot;,&quot;created_timestamp&quot;:&quot;1561287409&quot;,&quot;copyright&quot;:&quot;\\u00a9 Urs Kyburz&quot;,&quot;focal_length&quot;:&quot;25&quot;,&quot;iso&quot;:&quot;100&quot;,&quot;shutter_speed&quot;:&quot;0.005&quot;,&quot;title&quot;:&quot;&quot;,&quot;orientation&quot;:&quot;0&quot;}\" data-image-title=\"Aussicht auf die R\u00f6ti und den Roggen im Jura\" data-image-description=\"&lt;p&gt;Aussicht auf die R\u00f6ti und den Roggen im Jura&lt;\/p&gt; \" data-medium-file=\"https:\/\/i0.wp.com\/idnu.ch\/wordpress\/wp-content\/uploads\/2019\/06\/langenthalbike-43.jpg?fit=300%2C169&#038;ssl=1\" data-large-file=\"https:\/\/i0.wp.com\/idnu.ch\/wordpress\/wp-content\/uploads\/2019\/06\/langenthalbike-43.jpg?fit=750%2C422&#038;ssl=1\" src=\"https:\/\/i0.wp.com\/idnu.ch\/wordpress\/wp-content\/uploads\/2019\/06\/langenthalbike-43.jpg?w=371&#038;h=209&#038;ssl=1\" srcset=\"https:\/\/i0.wp.com\/idnu.ch\/wordpress\/wp-content\/uploads\/2019\/06\/langenthalbike-43.jpg?w=1280&amp;ssl=1 1280w, https:\/\/i0.wp.com\/idnu.ch\/wordpress\/wp-content\/uploads\/2019\/06\/langenthalbike-43.jpg?resize=300%2C169&amp;ssl=1 300w, https:\/\/i0.wp.com\/idnu.ch\/wordpress\/wp-content\/uploads\/2019\/06\/langenthalbike-43.jpg?resize=768%2C432&amp;ssl=1 768w, https:\/\/i0.wp.com\/idnu.ch\/wordpress\/wp-content\/uploads\/2019\/06\/langenthalbike-43.jpg?resize=1024%2C576&amp;ssl=1 1024w, https:\/\/i0.wp.com\/idnu.ch\/wordpress\/wp-content\/uploads\/2019\/06\/langenthalbike-43.jpg?resize=178%2C100&amp;ssl=1 178w\" width=\"371\" height=\"209\" loading=\"lazy\" data-original-width=\"371\" data-original-height=\"209\" itemprop=\"http:\/\/schema.org\/image\" title=\"Aussicht auf die R\u00f6ti und den Roggen im Jura\" alt=\"Aussicht auf die R\u00f6ti und den Roggen im Jura\" style=\"width: 371px; height: 209px;\" \/> <\/a> <div class=\"tiled-gallery-caption\" itemprop=\"caption description\"> Aussicht auf die R\u00f6ti und den Roggen im Jura <\/div> <\/div> <\/div> <!-- close group --> <\/div> <!-- close row --> <div class=\"gallery-row\" style=\"width: 750px; height: 501px;\" data-original-width=\"750\" data-original-height=\"501\" > <div class=\"gallery-group images-1\" style=\"width: 750px; height: 501px;\" data-original-width=\"750\" data-original-height=\"501\" > <div class=\"tiled-gallery-item tiled-gallery-item-large\" itemprop=\"associatedMedia\" itemscope itemtype=\"http:\/\/schema.org\/ImageObject\"> <a href=\"https:\/\/idnu.ch\/wordpress\/biken-zwischen-stadt-und-fluss\/langenthalbike-45\/#main\" border=\"0\" itemprop=\"url\"> <meta itemprop=\"width\" content=\"746\"> <meta itemprop=\"height\" content=\"497\"> <img decoding=\"async\" class=\"\" data-attachment-id=\"12691\" data-orig-file=\"https:\/\/idnu.ch\/wordpress\/wp-content\/uploads\/2019\/06\/langenthalbike-45.jpg\" data-orig-size=\"1280,853\" data-comments-opened=\"1\" data-image-meta=\"{&quot;aperture&quot;:&quot;14&quot;,&quot;credit&quot;:&quot;Urs Kyburz&quot;,&quot;camera&quot;:&quot;Canon EOS M50&quot;,&quot;caption&quot;:&quot;&quot;,&quot;created_timestamp&quot;:&quot;1561289376&quot;,&quot;copyright&quot;:&quot;\\u00a9 Urs Kyburz&quot;,&quot;focal_length&quot;:&quot;25&quot;,&quot;iso&quot;:&quot;100&quot;,&quot;shutter_speed&quot;:&quot;0.008&quot;,&quot;title&quot;:&quot;&quot;,&quot;orientation&quot;:&quot;0&quot;}\" data-image-title=\"Dem Ziel nahe\" data-image-description=\"&lt;p&gt;Dem Ziel nahe&lt;\/p&gt; \" data-medium-file=\"https:\/\/i0.wp.com\/idnu.ch\/wordpress\/wp-content\/uploads\/2019\/06\/langenthalbike-45.jpg?fit=300%2C200&#038;ssl=1\" data-large-file=\"https:\/\/i0.wp.com\/idnu.ch\/wordpress\/wp-content\/uploads\/2019\/06\/langenthalbike-45.jpg?fit=750%2C500&#038;ssl=1\" src=\"https:\/\/i0.wp.com\/idnu.ch\/wordpress\/wp-content\/uploads\/2019\/06\/langenthalbike-45.jpg?w=746&#038;h=497&#038;ssl=1\" srcset=\"https:\/\/i0.wp.com\/idnu.ch\/wordpress\/wp-content\/uploads\/2019\/06\/langenthalbike-45.jpg?w=1280&amp;ssl=1 1280w, https:\/\/i0.wp.com\/idnu.ch\/wordpress\/wp-content\/uploads\/2019\/06\/langenthalbike-45.jpg?resize=300%2C200&amp;ssl=1 300w, https:\/\/i0.wp.com\/idnu.ch\/wordpress\/wp-content\/uploads\/2019\/06\/langenthalbike-45.jpg?resize=768%2C512&amp;ssl=1 768w, https:\/\/i0.wp.com\/idnu.ch\/wordpress\/wp-content\/uploads\/2019\/06\/langenthalbike-45.jpg?resize=1024%2C682&amp;ssl=1 1024w, https:\/\/i0.wp.com\/idnu.ch\/wordpress\/wp-content\/uploads\/2019\/06\/langenthalbike-45.jpg?resize=150%2C100&amp;ssl=1 150w\" width=\"746\" height=\"497\" loading=\"lazy\" data-original-width=\"746\" data-original-height=\"497\" itemprop=\"http:\/\/schema.org\/image\" title=\"Dem Ziel nahe\" alt=\"Dem Ziel nahe\" style=\"width: 746px; height: 497px;\" \/> <\/a> <div class=\"tiled-gallery-caption\" itemprop=\"caption description\"> Dem Ziel nahe <\/div> <\/div> <\/div> <!-- close group --> <\/div> <!-- close row --> <\/div>\n<p>Ebenaus geht es nun locker voran, wir erreichen Lotzwil und kurz darauf Langenthal, unseren Ausgangspunkt und unser Ziel. Wir fragen uns zum Bahnhof durch, den wir auch schnell erreichen. Der Zug f\u00e4hrt 13:44 Uhr, es ist jetzt 13:42 Uhr. Wir steigen schnell ein, da f\u00e4hrt der Zug auch schon davon. Ein ziemlich abruptes Ende einer sch\u00f6nen Tour, aber alles passt. Danke!<\/p>\n<h2>Info<\/h2>\n<p>Die Tour um Langenthal ist zwar relativ lang, aber technisch einfach und die H\u00f6henmeter verteilen sich gut. Sie f\u00fchrt durch den Oberaargau zwischen dem Jura und dem Emmental.<\/p>\n<table>\n<tbody>\n<tr>\n<td width=\"150\">Start und Ziel:<\/td>\n<td>Langenthal<\/td>\n<\/tr>\n<tr>\n<td>Strecke:<\/td>\n<td>Langenthal &#8211; Spichigwald &#8211; Aare &#8211; R\u00f6thenbach &#8211; Inkwilersee &#8211; Aeschi &#8211; Burg\u00e4schisee &#8211; Bollodingen &#8211; Oberdorf &#8211; Ochlenberg &#8211; Linde &#8211; Leimiswil &#8211; Lindenholz &#8211; Lotzwil &#8211; Langenthal<\/td>\n<\/tr>\n<tr>\n<td>Distanz:<\/td>\n<td>52,3 Kilometer (wenn man die Singeltrailrunde zweimal f\u00e4hrt)<\/td>\n<\/tr>\n<tr>\n<td>H\u00f6henmeter:<\/td>\n<td>790 Meter<\/td>\n<\/tr>\n<tr>\n<td>Dauer:<\/td>\n<td>4 Stunden<\/td>\n<\/tr>\n<tr>\n<td>Kondition:<\/td>\n<td>mittel<\/td>\n<\/tr>\n<tr>\n<td>Technik:<\/td>\n<td>leicht<\/td>\n<\/tr>\n<tr>\n<td>GPS-Track:<\/td>\n<td><a href=\"https:\/\/idnu.ch\/wordpress\/wp-content\/uploads\/2019\/06\/Rund_um_Langenthal.gpx\">Rund um Langenthal<\/a><\/td>\n<\/tr>\n<tr>\n<td>H\u00f6hepunkte:<\/td>\n<td>Singletrail im Spichigwald, Aare, Inkwilersee, Burg\u00e4schisee, Aussicht in den Jura<\/td>\n<\/tr>\n<\/tbody>\n<\/table>\n<blockquote class=\"embedly-card\" data-card-controls=\"0\" data-card-key=\"f1631a41cb254ca5b035dc5747a5bd75\">\n<h4><a href=\"https:\/\/www.relive.cc\/view\/2473666198?r=embed-site\">Relive &#8218;Rund um Langenthal&#8216;<\/a><\/h4>\n<\/blockquote>\n<p><script async src=\"https:\/\/cdn.embedly.com\/widgets\/platform.js\" charset=\"UTF-8\"><\/script><br \/>\n<iframe loading=\"lazy\" src=\"https:\/\/www.strava.com\/activities\/2473666198\/embed\/bd59cec332d21e89afa4acb2226221d22b6081b8\" width=\"590\" height=\"405\" frameborder=\"0\" scrolling=\"no\" align=\"middle\"><\/iframe><\/p>\n","protected":false},"excerpt":{"rendered":"<p>Unser Bikespezialist beim SAC Homberg hat uns wieder mal in eine unbekannte Ecke&#8230;<\/p>\n","protected":false},"author":2,"featured_media":12694,"comment_status":"open","ping_status":"open","sticky":false,"template":"","format":"standard","meta":{"_monsterinsights_skip_tracking":false,"_monsterinsights_sitenote_active":false,"_monsterinsights_sitenote_note":"","_monsterinsights_sitenote_category":0,"jetpack_post_was_ever_published":false,"_jetpack_newsletter_access":"","_jetpack_dont_email_post_to_subs":false,"_jetpack_newsletter_tier_id":0,"_jetpack_memberships_contains_paywalled_content":false,"_jetpack_memberships_contains_paid_content":false,"footnotes":"","jetpack_publicize_message":"NEU im Blog - Biken zwischen Stadt und Fluss: Der Bikespezialist des @sac_homberg f\u00fchrte uns auf eine Runde bei Langenthal.","jetpack_publicize_feature_enabled":true,"jetpack_social_post_already_shared":true,"jetpack_social_options":{"image_generator_settings":{"template":"highway","default_image_id":0,"font":"","enabled":false},"version":2}},"categories":[114,916,4],"tags":[465,1129,1249,1248,363,374,1247,380,377],"class_list":["post-12665","post","type-post","status-publish","format-standard","has-post-thumbnail","hentry","category-bern","category-bern-region","category-zweirad","tag-aare","tag-biken-mit-jugendlichen","tag-burgaeschisee","tag-inkwilersee","tag-mountainbike","tag-mtb","tag-oberaargau","tag-sac-homberg","tag-singletrail"],"geo":null,"yoast_head":"<!-- This site is optimized with the Yoast SEO plugin v27.4 - https:\/\/yoast.com\/product\/yoast-seo-wordpress\/ -->\n<title>Biken zwischen Stadt und Fluss - In der Natur unterwegs<\/title>\n<meta name=\"description\" content=\"Biken zwischen Stadt und Fluss: Der Bikespezialist beim SAC Homberg f\u00fchrte uns durch den Oberaargau auf einer Runde zwischen Langenthal und der Aare.\" \/>\n<meta name=\"robots\" content=\"index, follow, max-snippet:-1, max-image-preview:large, max-video-preview:-1\" \/>\n<link rel=\"canonical\" href=\"https:\/\/idnu.ch\/wordpress\/biken-zwischen-stadt-und-fluss\/\" \/>\n<meta property=\"og:locale\" content=\"de_DE\" \/>\n<meta property=\"og:type\" content=\"article\" \/>\n<meta property=\"og:title\" content=\"Biken zwischen Stadt und Fluss - In der Natur unterwegs\" \/>\n<meta property=\"og:description\" content=\"Biken zwischen Stadt und Fluss: Der Bikespezialist beim SAC Homberg f\u00fchrte uns durch den Oberaargau auf einer Runde zwischen Langenthal und der Aare.\" \/>\n<meta property=\"og:url\" content=\"https:\/\/idnu.ch\/wordpress\/biken-zwischen-stadt-und-fluss\/\" \/>\n<meta property=\"og:site_name\" content=\"In der Natur unterwegs\" \/>\n<meta property=\"article:published_time\" content=\"2019-06-24T17:23:54+00:00\" \/>\n<meta property=\"article:modified_time\" content=\"2025-05-07T08:50:41+00:00\" \/>\n<meta property=\"og:image\" content=\"https:\/\/idnu.ch\/wordpress\/wp-content\/uploads\/2019\/06\/langenthalbike-22.jpg\" \/>\n\t<meta property=\"og:image:width\" content=\"1280\" \/>\n\t<meta property=\"og:image:height\" content=\"720\" \/>\n\t<meta property=\"og:image:type\" content=\"image\/jpeg\" \/>\n<meta name=\"author\" content=\"Urs Kyburz\" \/>\n<meta name=\"twitter:card\" content=\"summary_large_image\" \/>\n<meta name=\"twitter:creator\" content=\"@idnu_ch\" \/>\n<meta name=\"twitter:site\" content=\"@idnu_ch\" \/>\n<meta name=\"twitter:label1\" content=\"Verfasst von\" \/>\n\t<meta name=\"twitter:data1\" content=\"Urs Kyburz\" \/>\n\t<meta name=\"twitter:label2\" content=\"Gesch\u00e4tzte Lesezeit\" \/>\n\t<meta name=\"twitter:data2\" content=\"5\u00a0Minuten\" \/>\n<script type=\"application\/ld+json\" class=\"yoast-schema-graph\">{\"@context\":\"https:\\\/\\\/schema.org\",\"@graph\":[{\"@type\":\"Article\",\"@id\":\"https:\\\/\\\/idnu.ch\\\/wordpress\\\/biken-zwischen-stadt-und-fluss\\\/#article\",\"isPartOf\":{\"@id\":\"https:\\\/\\\/idnu.ch\\\/wordpress\\\/biken-zwischen-stadt-und-fluss\\\/\"},\"author\":{\"name\":\"Urs Kyburz\",\"@id\":\"https:\\\/\\\/idnu.ch\\\/wordpress\\\/#\\\/schema\\\/person\\\/1ab8c5de743be7b019272124c19ad351\"},\"headline\":\"Biken zwischen Stadt und Fluss\",\"datePublished\":\"2019-06-24T17:23:54+00:00\",\"dateModified\":\"2025-05-07T08:50:41+00:00\",\"mainEntityOfPage\":{\"@id\":\"https:\\\/\\\/idnu.ch\\\/wordpress\\\/biken-zwischen-stadt-und-fluss\\\/\"},\"wordCount\":774,\"commentCount\":3,\"publisher\":{\"@id\":\"https:\\\/\\\/idnu.ch\\\/wordpress\\\/#\\\/schema\\\/person\\\/1ab8c5de743be7b019272124c19ad351\"},\"image\":{\"@id\":\"https:\\\/\\\/idnu.ch\\\/wordpress\\\/biken-zwischen-stadt-und-fluss\\\/#primaryimage\"},\"thumbnailUrl\":\"https:\\\/\\\/i0.wp.com\\\/idnu.ch\\\/wordpress\\\/wp-content\\\/uploads\\\/2019\\\/06\\\/langenthalbike-22.jpg?fit=1280%2C720&ssl=1\",\"keywords\":[\"Aare\",\"Biken mit Jugendlichen\",\"Burg\u00e4schisee\",\"Inkwilersee\",\"mountainbike\",\"MTB\",\"Oberaargau\",\"SAC Homberg\",\"Singletrail\"],\"articleSection\":[\"Bern\",\"Bern Region\",\"Mountainbike &amp; Velo\"],\"inLanguage\":\"de\",\"potentialAction\":[{\"@type\":\"CommentAction\",\"name\":\"Comment\",\"target\":[\"https:\\\/\\\/idnu.ch\\\/wordpress\\\/biken-zwischen-stadt-und-fluss\\\/#respond\"]}]},{\"@type\":\"WebPage\",\"@id\":\"https:\\\/\\\/idnu.ch\\\/wordpress\\\/biken-zwischen-stadt-und-fluss\\\/\",\"url\":\"https:\\\/\\\/idnu.ch\\\/wordpress\\\/biken-zwischen-stadt-und-fluss\\\/\",\"name\":\"Biken zwischen Stadt und Fluss - In der Natur unterwegs\",\"isPartOf\":{\"@id\":\"https:\\\/\\\/idnu.ch\\\/wordpress\\\/#website\"},\"primaryImageOfPage\":{\"@id\":\"https:\\\/\\\/idnu.ch\\\/wordpress\\\/biken-zwischen-stadt-und-fluss\\\/#primaryimage\"},\"image\":{\"@id\":\"https:\\\/\\\/idnu.ch\\\/wordpress\\\/biken-zwischen-stadt-und-fluss\\\/#primaryimage\"},\"thumbnailUrl\":\"https:\\\/\\\/i0.wp.com\\\/idnu.ch\\\/wordpress\\\/wp-content\\\/uploads\\\/2019\\\/06\\\/langenthalbike-22.jpg?fit=1280%2C720&ssl=1\",\"datePublished\":\"2019-06-24T17:23:54+00:00\",\"dateModified\":\"2025-05-07T08:50:41+00:00\",\"description\":\"Biken zwischen Stadt und Fluss: Der Bikespezialist beim SAC Homberg f\u00fchrte uns durch den Oberaargau auf einer Runde zwischen Langenthal und der Aare.\",\"breadcrumb\":{\"@id\":\"https:\\\/\\\/idnu.ch\\\/wordpress\\\/biken-zwischen-stadt-und-fluss\\\/#breadcrumb\"},\"inLanguage\":\"de\",\"potentialAction\":[{\"@type\":\"ReadAction\",\"target\":[\"https:\\\/\\\/idnu.ch\\\/wordpress\\\/biken-zwischen-stadt-und-fluss\\\/\"]}]},{\"@type\":\"ImageObject\",\"inLanguage\":\"de\",\"@id\":\"https:\\\/\\\/idnu.ch\\\/wordpress\\\/biken-zwischen-stadt-und-fluss\\\/#primaryimage\",\"url\":\"https:\\\/\\\/i0.wp.com\\\/idnu.ch\\\/wordpress\\\/wp-content\\\/uploads\\\/2019\\\/06\\\/langenthalbike-22.jpg?fit=1280%2C720&ssl=1\",\"contentUrl\":\"https:\\\/\\\/i0.wp.com\\\/idnu.ch\\\/wordpress\\\/wp-content\\\/uploads\\\/2019\\\/06\\\/langenthalbike-22.jpg?fit=1280%2C720&ssl=1\",\"width\":1280,\"height\":720,\"caption\":\"\u00dcber die Felder\"},{\"@type\":\"BreadcrumbList\",\"@id\":\"https:\\\/\\\/idnu.ch\\\/wordpress\\\/biken-zwischen-stadt-und-fluss\\\/#breadcrumb\",\"itemListElement\":[{\"@type\":\"ListItem\",\"position\":1,\"name\":\"Startseite\",\"item\":\"https:\\\/\\\/idnu.ch\\\/wordpress\\\/\"},{\"@type\":\"ListItem\",\"position\":2,\"name\":\"Biken zwischen Stadt und Fluss\"}]},{\"@type\":\"WebSite\",\"@id\":\"https:\\\/\\\/idnu.ch\\\/wordpress\\\/#website\",\"url\":\"https:\\\/\\\/idnu.ch\\\/wordpress\\\/\",\"name\":\"In der Natur unterwegs\",\"description\":\"Dort, wo es am sch\u00f6nsten ist\",\"publisher\":{\"@id\":\"https:\\\/\\\/idnu.ch\\\/wordpress\\\/#\\\/schema\\\/person\\\/1ab8c5de743be7b019272124c19ad351\"},\"potentialAction\":[{\"@type\":\"SearchAction\",\"target\":{\"@type\":\"EntryPoint\",\"urlTemplate\":\"https:\\\/\\\/idnu.ch\\\/wordpress\\\/?s={search_term_string}\"},\"query-input\":{\"@type\":\"PropertyValueSpecification\",\"valueRequired\":true,\"valueName\":\"search_term_string\"}}],\"inLanguage\":\"de\"},{\"@type\":[\"Person\",\"Organization\"],\"@id\":\"https:\\\/\\\/idnu.ch\\\/wordpress\\\/#\\\/schema\\\/person\\\/1ab8c5de743be7b019272124c19ad351\",\"name\":\"Urs Kyburz\",\"image\":{\"@type\":\"ImageObject\",\"inLanguage\":\"de\",\"@id\":\"https:\\\/\\\/i0.wp.com\\\/idnu.ch\\\/wordpress\\\/wp-content\\\/uploads\\\/2016\\\/02\\\/logo_150x165.gif?fit=3151%2C3456&ssl=1\",\"url\":\"https:\\\/\\\/i0.wp.com\\\/idnu.ch\\\/wordpress\\\/wp-content\\\/uploads\\\/2016\\\/02\\\/logo_150x165.gif?fit=3151%2C3456&ssl=1\",\"contentUrl\":\"https:\\\/\\\/i0.wp.com\\\/idnu.ch\\\/wordpress\\\/wp-content\\\/uploads\\\/2016\\\/02\\\/logo_150x165.gif?fit=3151%2C3456&ssl=1\",\"width\":3151,\"height\":3456,\"caption\":\"Urs Kyburz\"},\"logo\":{\"@id\":\"https:\\\/\\\/i0.wp.com\\\/idnu.ch\\\/wordpress\\\/wp-content\\\/uploads\\\/2016\\\/02\\\/logo_150x165.gif?fit=3151%2C3456&ssl=1\"}}]}<\/script>\n<!-- \/ Yoast SEO plugin. -->","yoast_head_json":{"title":"Biken zwischen Stadt und Fluss - In der Natur unterwegs","description":"Biken zwischen Stadt und Fluss: Der Bikespezialist beim SAC Homberg f\u00fchrte uns durch den Oberaargau auf einer Runde zwischen Langenthal und der Aare.","robots":{"index":"index","follow":"follow","max-snippet":"max-snippet:-1","max-image-preview":"max-image-preview:large","max-video-preview":"max-video-preview:-1"},"canonical":"https:\/\/idnu.ch\/wordpress\/biken-zwischen-stadt-und-fluss\/","og_locale":"de_DE","og_type":"article","og_title":"Biken zwischen Stadt und Fluss - In der Natur unterwegs","og_description":"Biken zwischen Stadt und Fluss: Der Bikespezialist beim SAC Homberg f\u00fchrte uns durch den Oberaargau auf einer Runde zwischen Langenthal und der Aare.","og_url":"https:\/\/idnu.ch\/wordpress\/biken-zwischen-stadt-und-fluss\/","og_site_name":"In der Natur unterwegs","article_published_time":"2019-06-24T17:23:54+00:00","article_modified_time":"2025-05-07T08:50:41+00:00","og_image":[{"width":1280,"height":720,"url":"https:\/\/idnu.ch\/wordpress\/wp-content\/uploads\/2019\/06\/langenthalbike-22.jpg","type":"image\/jpeg"}],"author":"Urs Kyburz","twitter_card":"summary_large_image","twitter_creator":"@idnu_ch","twitter_site":"@idnu_ch","twitter_misc":{"Verfasst von":"Urs Kyburz","Gesch\u00e4tzte Lesezeit":"5\u00a0Minuten"},"schema":{"@context":"https:\/\/schema.org","@graph":[{"@type":"Article","@id":"https:\/\/idnu.ch\/wordpress\/biken-zwischen-stadt-und-fluss\/#article","isPartOf":{"@id":"https:\/\/idnu.ch\/wordpress\/biken-zwischen-stadt-und-fluss\/"},"author":{"name":"Urs Kyburz","@id":"https:\/\/idnu.ch\/wordpress\/#\/schema\/person\/1ab8c5de743be7b019272124c19ad351"},"headline":"Biken zwischen Stadt und Fluss","datePublished":"2019-06-24T17:23:54+00:00","dateModified":"2025-05-07T08:50:41+00:00","mainEntityOfPage":{"@id":"https:\/\/idnu.ch\/wordpress\/biken-zwischen-stadt-und-fluss\/"},"wordCount":774,"commentCount":3,"publisher":{"@id":"https:\/\/idnu.ch\/wordpress\/#\/schema\/person\/1ab8c5de743be7b019272124c19ad351"},"image":{"@id":"https:\/\/idnu.ch\/wordpress\/biken-zwischen-stadt-und-fluss\/#primaryimage"},"thumbnailUrl":"https:\/\/i0.wp.com\/idnu.ch\/wordpress\/wp-content\/uploads\/2019\/06\/langenthalbike-22.jpg?fit=1280%2C720&ssl=1","keywords":["Aare","Biken mit Jugendlichen","Burg\u00e4schisee","Inkwilersee","mountainbike","MTB","Oberaargau","SAC Homberg","Singletrail"],"articleSection":["Bern","Bern Region","Mountainbike &amp; Velo"],"inLanguage":"de","potentialAction":[{"@type":"CommentAction","name":"Comment","target":["https:\/\/idnu.ch\/wordpress\/biken-zwischen-stadt-und-fluss\/#respond"]}]},{"@type":"WebPage","@id":"https:\/\/idnu.ch\/wordpress\/biken-zwischen-stadt-und-fluss\/","url":"https:\/\/idnu.ch\/wordpress\/biken-zwischen-stadt-und-fluss\/","name":"Biken zwischen Stadt und Fluss - In der Natur unterwegs","isPartOf":{"@id":"https:\/\/idnu.ch\/wordpress\/#website"},"primaryImageOfPage":{"@id":"https:\/\/idnu.ch\/wordpress\/biken-zwischen-stadt-und-fluss\/#primaryimage"},"image":{"@id":"https:\/\/idnu.ch\/wordpress\/biken-zwischen-stadt-und-fluss\/#primaryimage"},"thumbnailUrl":"https:\/\/i0.wp.com\/idnu.ch\/wordpress\/wp-content\/uploads\/2019\/06\/langenthalbike-22.jpg?fit=1280%2C720&ssl=1","datePublished":"2019-06-24T17:23:54+00:00","dateModified":"2025-05-07T08:50:41+00:00","description":"Biken zwischen Stadt und Fluss: Der Bikespezialist beim SAC Homberg f\u00fchrte uns durch den Oberaargau auf einer Runde zwischen Langenthal und der Aare.","breadcrumb":{"@id":"https:\/\/idnu.ch\/wordpress\/biken-zwischen-stadt-und-fluss\/#breadcrumb"},"inLanguage":"de","potentialAction":[{"@type":"ReadAction","target":["https:\/\/idnu.ch\/wordpress\/biken-zwischen-stadt-und-fluss\/"]}]},{"@type":"ImageObject","inLanguage":"de","@id":"https:\/\/idnu.ch\/wordpress\/biken-zwischen-stadt-und-fluss\/#primaryimage","url":"https:\/\/i0.wp.com\/idnu.ch\/wordpress\/wp-content\/uploads\/2019\/06\/langenthalbike-22.jpg?fit=1280%2C720&ssl=1","contentUrl":"https:\/\/i0.wp.com\/idnu.ch\/wordpress\/wp-content\/uploads\/2019\/06\/langenthalbike-22.jpg?fit=1280%2C720&ssl=1","width":1280,"height":720,"caption":"\u00dcber die Felder"},{"@type":"BreadcrumbList","@id":"https:\/\/idnu.ch\/wordpress\/biken-zwischen-stadt-und-fluss\/#breadcrumb","itemListElement":[{"@type":"ListItem","position":1,"name":"Startseite","item":"https:\/\/idnu.ch\/wordpress\/"},{"@type":"ListItem","position":2,"name":"Biken zwischen Stadt und Fluss"}]},{"@type":"WebSite","@id":"https:\/\/idnu.ch\/wordpress\/#website","url":"https:\/\/idnu.ch\/wordpress\/","name":"In der Natur unterwegs","description":"Dort, wo es am sch\u00f6nsten ist","publisher":{"@id":"https:\/\/idnu.ch\/wordpress\/#\/schema\/person\/1ab8c5de743be7b019272124c19ad351"},"potentialAction":[{"@type":"SearchAction","target":{"@type":"EntryPoint","urlTemplate":"https:\/\/idnu.ch\/wordpress\/?s={search_term_string}"},"query-input":{"@type":"PropertyValueSpecification","valueRequired":true,"valueName":"search_term_string"}}],"inLanguage":"de"},{"@type":["Person","Organization"],"@id":"https:\/\/idnu.ch\/wordpress\/#\/schema\/person\/1ab8c5de743be7b019272124c19ad351","name":"Urs Kyburz","image":{"@type":"ImageObject","inLanguage":"de","@id":"https:\/\/i0.wp.com\/idnu.ch\/wordpress\/wp-content\/uploads\/2016\/02\/logo_150x165.gif?fit=3151%2C3456&ssl=1","url":"https:\/\/i0.wp.com\/idnu.ch\/wordpress\/wp-content\/uploads\/2016\/02\/logo_150x165.gif?fit=3151%2C3456&ssl=1","contentUrl":"https:\/\/i0.wp.com\/idnu.ch\/wordpress\/wp-content\/uploads\/2016\/02\/logo_150x165.gif?fit=3151%2C3456&ssl=1","width":3151,"height":3456,"caption":"Urs Kyburz"},"logo":{"@id":"https:\/\/i0.wp.com\/idnu.ch\/wordpress\/wp-content\/uploads\/2016\/02\/logo_150x165.gif?fit=3151%2C3456&ssl=1"}}]}},"jetpack_publicize_connections":[],"jetpack_featured_media_url":"https:\/\/i0.wp.com\/idnu.ch\/wordpress\/wp-content\/uploads\/2019\/06\/langenthalbike-22.jpg?fit=1280%2C720&ssl=1","jetpack_sharing_enabled":true,"jetpack_shortlink":"https:\/\/wp.me\/p6MmGG-3ih","jetpack-related-posts":[{"id":8291,"url":"https:\/\/idnu.ch\/wordpress\/biken-im-umland-von-bern\/","url_meta":{"origin":12665,"position":0},"title":"Biken im Umland von Bern","author":"Urs Kyburz","date":"11. September 2017","format":false,"excerpt":"Der Vorteil von gef\u00fchrten Touren: Man lernt Gegenden kennen, wo man nie auf die Idee k\u00e4me hinzufahren. So waren wir schon wieder mit dem SAC Homberg unterwegs, allerdings nicht in den Bergen, sondern im Flachland bei Bern. Wobei sich \"flach\" noch als relativ herausstellen sollte. Dunkle Wolken \u00fcber uns P\u00fcnktlich\u2026","rel":"","context":"In &quot;Bern&quot;","block_context":{"text":"Bern","link":"https:\/\/idnu.ch\/wordpress\/category\/kanton\/bern\/"},"img":{"alt_text":"Start \u00fcber die Felder von Meikirch","src":"https:\/\/i0.wp.com\/idnu.ch\/wordpress\/wp-content\/uploads\/2017\/09\/bike_meikirch-20170910-8.jpg?fit=1200%2C800&ssl=1&resize=350%2C200","width":350,"height":200,"srcset":"https:\/\/i0.wp.com\/idnu.ch\/wordpress\/wp-content\/uploads\/2017\/09\/bike_meikirch-20170910-8.jpg?fit=1200%2C800&ssl=1&resize=350%2C200 1x, https:\/\/i0.wp.com\/idnu.ch\/wordpress\/wp-content\/uploads\/2017\/09\/bike_meikirch-20170910-8.jpg?fit=1200%2C800&ssl=1&resize=525%2C300 1.5x, https:\/\/i0.wp.com\/idnu.ch\/wordpress\/wp-content\/uploads\/2017\/09\/bike_meikirch-20170910-8.jpg?fit=1200%2C800&ssl=1&resize=700%2C400 2x, https:\/\/i0.wp.com\/idnu.ch\/wordpress\/wp-content\/uploads\/2017\/09\/bike_meikirch-20170910-8.jpg?fit=1200%2C800&ssl=1&resize=1050%2C600 3x"},"classes":[]},{"id":15145,"url":"https:\/\/idnu.ch\/wordpress\/wandern-und-velofahren-mit-distanz\/","url_meta":{"origin":12665,"position":1},"title":"Wandern und velofahren mit Distanz","author":"Urs Kyburz","date":"24. M\u00e4rz 2020","format":false,"excerpt":"Ja, es ist eine eigenartige Zeit. Wir werden aufgefordert, das Haus wenn m\u00f6glich nicht zu verlassen wegen diesem Virus. Aber bewegen und an die frische Luft sollten wir ja doch. Da muss man halt entsprechende Wanderungen und Velotouren unternehmen. Ein paar Vorschl\u00e4ge kriegt ihr hier von mir zum Wandern und\u2026","rel":"","context":"In &quot;Mountainbike &amp; Velo&quot;","block_context":{"text":"Mountainbike &amp; Velo","link":"https:\/\/idnu.ch\/wordpress\/category\/zweirad\/"},"img":{"alt_text":"Wir n\u00e4hern uns dem Ende der Tour","src":"https:\/\/i0.wp.com\/idnu.ch\/wordpress\/wp-content\/uploads\/2018\/04\/drumlin_sac-20180429-135.jpg?fit=1200%2C800&ssl=1&resize=350%2C200","width":350,"height":200,"srcset":"https:\/\/i0.wp.com\/idnu.ch\/wordpress\/wp-content\/uploads\/2018\/04\/drumlin_sac-20180429-135.jpg?fit=1200%2C800&ssl=1&resize=350%2C200 1x, https:\/\/i0.wp.com\/idnu.ch\/wordpress\/wp-content\/uploads\/2018\/04\/drumlin_sac-20180429-135.jpg?fit=1200%2C800&ssl=1&resize=525%2C300 1.5x, https:\/\/i0.wp.com\/idnu.ch\/wordpress\/wp-content\/uploads\/2018\/04\/drumlin_sac-20180429-135.jpg?fit=1200%2C800&ssl=1&resize=700%2C400 2x, https:\/\/i0.wp.com\/idnu.ch\/wordpress\/wp-content\/uploads\/2018\/04\/drumlin_sac-20180429-135.jpg?fit=1200%2C800&ssl=1&resize=1050%2C600 3x"},"classes":[]},{"id":146,"url":"https:\/\/idnu.ch\/wordpress\/biken-rund-um-aarau\/","url_meta":{"origin":12665,"position":2},"title":"Biken rund um Aarau","author":"Urs Kyburz","date":"24. August 2014","format":false,"excerpt":"Biken in der Heimat, und trotzdem auf unbekannten Pfaden. Das ist der Vorteil, wenn man mit den Kollegen des SAC Homberg auf Tour geht. Wir unternahmen eine Rundtour um Aarau herum und lernten einige Preziosen kennen auf dieser rund 50 Kilometer langen Tour. Der Start war in Hunzenschwil, wir starteten\u2026","rel":"","context":"In &quot;Aargau&quot;","block_context":{"text":"Aargau","link":"https:\/\/idnu.ch\/wordpress\/category\/kanton\/aargau\/"},"img":{"alt_text":"Biken zur Juraweid","src":"https:\/\/i0.wp.com\/idnu.ch\/wordpress\/wp-content\/uploads\/2014\/08\/biketour098.jpg?fit=1200%2C900&ssl=1&resize=350%2C200","width":350,"height":200,"srcset":"https:\/\/i0.wp.com\/idnu.ch\/wordpress\/wp-content\/uploads\/2014\/08\/biketour098.jpg?fit=1200%2C900&ssl=1&resize=350%2C200 1x, https:\/\/i0.wp.com\/idnu.ch\/wordpress\/wp-content\/uploads\/2014\/08\/biketour098.jpg?fit=1200%2C900&ssl=1&resize=525%2C300 1.5x, https:\/\/i0.wp.com\/idnu.ch\/wordpress\/wp-content\/uploads\/2014\/08\/biketour098.jpg?fit=1200%2C900&ssl=1&resize=700%2C400 2x, https:\/\/i0.wp.com\/idnu.ch\/wordpress\/wp-content\/uploads\/2014\/08\/biketour098.jpg?fit=1200%2C900&ssl=1&resize=1050%2C600 3x"},"classes":[]},{"id":82,"url":"https:\/\/idnu.ch\/wordpress\/biken-im-naherholungsgebiet-einer-grossstadt\/","url_meta":{"origin":12665,"position":3},"title":"Biken im Naherholungsgebiet einer Grossstadt","author":"Urs Kyburz","date":"23. August 2015","format":false,"excerpt":"\u00a0An diesem Samstag wagten wir etwas ganz Verr\u00fccktes: Biken auf dem \u00dcetliberg, dem Naherholungsgebiet von Z\u00fcrich. Und damit im Revier von Hipstern, Tigermoms, Businessmen und wie man all die Super-Urbanen nennt. Und ja, nicht-schweizerische Leser werden nur m\u00fcde l\u00e4cheln, wenn ich von Grossstadt schreibe und Z\u00fcrich meine. Wenn man alles\u2026","rel":"","context":"In &quot;Mountainbike &amp; Velo&quot;","block_context":{"text":"Mountainbike &amp; Velo","link":"https:\/\/idnu.ch\/wordpress\/category\/zweirad\/"},"img":{"alt_text":"","src":"https:\/\/i0.wp.com\/idnu.ch\/wordpress\/wp-content\/uploads\/2015\/08\/uetliberg_0009.jpg?fit=1024%2C768&ssl=1&resize=350%2C200","width":350,"height":200,"srcset":"https:\/\/i0.wp.com\/idnu.ch\/wordpress\/wp-content\/uploads\/2015\/08\/uetliberg_0009.jpg?fit=1024%2C768&ssl=1&resize=350%2C200 1x, https:\/\/i0.wp.com\/idnu.ch\/wordpress\/wp-content\/uploads\/2015\/08\/uetliberg_0009.jpg?fit=1024%2C768&ssl=1&resize=525%2C300 1.5x, https:\/\/i0.wp.com\/idnu.ch\/wordpress\/wp-content\/uploads\/2015\/08\/uetliberg_0009.jpg?fit=1024%2C768&ssl=1&resize=700%2C400 2x"},"classes":[]},{"id":12184,"url":"https:\/\/idnu.ch\/wordpress\/familienbiken-nach-der-winterpause\/","url_meta":{"origin":12665,"position":4},"title":"Familienbiken nach der Winterpause","author":"Urs Kyburz","date":"12. April 2019","format":false,"excerpt":"Der s\u00fcdliche Aargau ist nicht gerade als Bikeparadies bekannt, aber H\u00fcgel, um sich auszutoben, gibt es auch hier, dann und wann sogar einen einfachen Singletrail. Wir drehten eine sch\u00f6ne Runde \u00fcber den Butteberg und den Stierenberg. Die Sonne w\u00e4rmt schon ordentlich, es gr\u00fcnt und bl\u00fcht, fern scheinen die Zeiten der\u2026","rel":"","context":"In &quot;Aargau&quot;","block_context":{"text":"Aargau","link":"https:\/\/idnu.ch\/wordpress\/category\/kanton\/aargau\/"},"img":{"alt_text":"Die Aussicht ist immer noch dunstig","src":"https:\/\/i0.wp.com\/idnu.ch\/wordpress\/wp-content\/uploads\/2019\/04\/butteberg_stierenberg_20190331_0042.jpg?fit=1200%2C800&ssl=1&resize=350%2C200","width":350,"height":200,"srcset":"https:\/\/i0.wp.com\/idnu.ch\/wordpress\/wp-content\/uploads\/2019\/04\/butteberg_stierenberg_20190331_0042.jpg?fit=1200%2C800&ssl=1&resize=350%2C200 1x, https:\/\/i0.wp.com\/idnu.ch\/wordpress\/wp-content\/uploads\/2019\/04\/butteberg_stierenberg_20190331_0042.jpg?fit=1200%2C800&ssl=1&resize=525%2C300 1.5x, https:\/\/i0.wp.com\/idnu.ch\/wordpress\/wp-content\/uploads\/2019\/04\/butteberg_stierenberg_20190331_0042.jpg?fit=1200%2C800&ssl=1&resize=700%2C400 2x, https:\/\/i0.wp.com\/idnu.ch\/wordpress\/wp-content\/uploads\/2019\/04\/butteberg_stierenberg_20190331_0042.jpg?fit=1200%2C800&ssl=1&resize=1050%2C600 3x"},"classes":[]},{"id":198,"url":"https:\/\/idnu.ch\/wordpress\/tourentipp-dr-schoene-grueene-aare-naa\/","url_meta":{"origin":12665,"position":5},"title":"Dr sch\u00f6ne gr\u00fcene Aare naa","author":"Urs Kyburz","date":"11. Juli 2013","format":false,"excerpt":"Auch Stiller Has wissen sie zu sch\u00e4tzen: Die sch\u00f6ne gr\u00fcne Aare. Und wir wollen der Hasen Aufforderung nachkommen und mit unseren Velos dr sch\u00f6ne gr\u00fcene Aare naa vel\u00f6le. Es l\u00e4sst sich familiengerecht in einer Woche von Meiringen, wo die Aare eher milchig-weiss als gr\u00fcn ist, gem\u00fctlich nach Biel radeln. Wir\u2026","rel":"","context":"In &quot;Bern&quot;","block_context":{"text":"Bern","link":"https:\/\/idnu.ch\/wordpress\/category\/kanton\/bern\/"},"img":{"alt_text":"","src":"https:\/\/i0.wp.com\/idnu.ch\/wordpress\/wp-content\/uploads\/2013\/07\/IMG_2033-e1443033273509.jpg?fit=1024%2C683&ssl=1&resize=350%2C200","width":350,"height":200,"srcset":"https:\/\/i0.wp.com\/idnu.ch\/wordpress\/wp-content\/uploads\/2013\/07\/IMG_2033-e1443033273509.jpg?fit=1024%2C683&ssl=1&resize=350%2C200 1x, https:\/\/i0.wp.com\/idnu.ch\/wordpress\/wp-content\/uploads\/2013\/07\/IMG_2033-e1443033273509.jpg?fit=1024%2C683&ssl=1&resize=525%2C300 1.5x, https:\/\/i0.wp.com\/idnu.ch\/wordpress\/wp-content\/uploads\/2013\/07\/IMG_2033-e1443033273509.jpg?fit=1024%2C683&ssl=1&resize=700%2C400 2x"},"classes":[]}],"jetpack_likes_enabled":true,"_links":{"self":[{"href":"https:\/\/idnu.ch\/wordpress\/wp-json\/wp\/v2\/posts\/12665","targetHints":{"allow":["GET"]}}],"collection":[{"href":"https:\/\/idnu.ch\/wordpress\/wp-json\/wp\/v2\/posts"}],"about":[{"href":"https:\/\/idnu.ch\/wordpress\/wp-json\/wp\/v2\/types\/post"}],"author":[{"embeddable":true,"href":"https:\/\/idnu.ch\/wordpress\/wp-json\/wp\/v2\/users\/2"}],"replies":[{"embeddable":true,"href":"https:\/\/idnu.ch\/wordpress\/wp-json\/wp\/v2\/comments?post=12665"}],"version-history":[{"count":15,"href":"https:\/\/idnu.ch\/wordpress\/wp-json\/wp\/v2\/posts\/12665\/revisions"}],"predecessor-version":[{"id":27450,"href":"https:\/\/idnu.ch\/wordpress\/wp-json\/wp\/v2\/posts\/12665\/revisions\/27450"}],"wp:featuredmedia":[{"embeddable":true,"href":"https:\/\/idnu.ch\/wordpress\/wp-json\/wp\/v2\/media\/12694"}],"wp:attachment":[{"href":"https:\/\/idnu.ch\/wordpress\/wp-json\/wp\/v2\/media?parent=12665"}],"wp:term":[{"taxonomy":"category","embeddable":true,"href":"https:\/\/idnu.ch\/wordpress\/wp-json\/wp\/v2\/categories?post=12665"},{"taxonomy":"post_tag","embeddable":true,"href":"https:\/\/idnu.ch\/wordpress\/wp-json\/wp\/v2\/tags?post=12665"}],"curies":[{"name":"wp","href":"https:\/\/api.w.org\/{rel}","templated":true}]}}