{"id":15475,"date":"2020-04-25T19:00:10","date_gmt":"2020-04-25T17:00:10","guid":{"rendered":"http:\/\/idnu.ch\/wordpress\/?p=15475"},"modified":"2020-04-25T15:17:53","modified_gmt":"2020-04-25T13:17:53","slug":"blick-zurueck-skitour-auf-den-toedi","status":"publish","type":"post","link":"https:\/\/idnu.ch\/wordpress\/blick-zurueck-skitour-auf-den-toedi\/","title":{"rendered":"Blick zur\u00fcck: Skitour auf den T\u00f6di"},"content":{"rendered":"<p><em>Vom 25. bis 28. Mai 1995 weilten wir im Glarnerland. Zuerst kletterten wir am Widerstein, bevor wir via Fridolinsh\u00fctte zur Skitour auf den T\u00f6di aufbrachen.<\/em><\/p>\n<figure id=\"attachment_15477\" aria-describedby=\"caption-attachment-15477\" style=\"width: 720px\" class=\"wp-caption alignnone\"><a href=\"https:\/\/i0.wp.com\/idnu.ch\/wordpress\/wp-content\/uploads\/2020\/04\/toedi-2.jpg?ssl=1\"><img data-recalc-dims=\"1\" loading=\"lazy\" decoding=\"async\" data-attachment-id=\"15477\" data-permalink=\"https:\/\/idnu.ch\/wordpress\/blick-zurueck-skitour-auf-den-toedi\/toedi-2-2\/#main\" data-orig-file=\"https:\/\/i0.wp.com\/idnu.ch\/wordpress\/wp-content\/uploads\/2020\/04\/toedi-2.jpg?fit=1400%2C937&amp;ssl=1\" data-orig-size=\"1400,937\" data-comments-opened=\"1\" data-image-meta=\"{&quot;aperture&quot;:&quot;0&quot;,&quot;credit&quot;:&quot;Urs Kyburz&quot;,&quot;camera&quot;:&quot;CanoScan 9000F Mark II&quot;,&quot;caption&quot;:&quot;&quot;,&quot;created_timestamp&quot;:&quot;0&quot;,&quot;copyright&quot;:&quot;\\u00a9 Urs Kyburz&quot;,&quot;focal_length&quot;:&quot;0&quot;,&quot;iso&quot;:&quot;0&quot;,&quot;shutter_speed&quot;:&quot;0&quot;,&quot;title&quot;:&quot;&quot;,&quot;orientation&quot;:&quot;0&quot;}\" data-image-title=\"Aufstieg zum T\u00f6di\" data-image-description=\"\" data-image-caption=\"&lt;p&gt;Aufstieg zum T\u00f6di&lt;\/p&gt;\n\" data-large-file=\"https:\/\/i0.wp.com\/idnu.ch\/wordpress\/wp-content\/uploads\/2020\/04\/toedi-2.jpg?fit=750%2C502&amp;ssl=1\" class=\"size-anemone-featured wp-image-15477\" src=\"https:\/\/i0.wp.com\/idnu.ch\/wordpress\/wp-content\/uploads\/2020\/04\/toedi-2.jpg?resize=720%2C540&#038;ssl=1\" alt=\"\" width=\"720\" height=\"540\" \/><\/a><figcaption id=\"caption-attachment-15477\" class=\"wp-caption-text\">Aufstieg zum T\u00f6di<\/figcaption><\/figure>\n<h2>Auf ins Glarnerland<\/h2>\n<p>Endlich steht wieder einmal ein verl\u00e4ngertes Wochenende vor der T\u00fcr. Am Mittwochabend klettern wir im S\u00e4li\u00a0<em>(Kletterfelsen bei Olten).\u00a0<\/em>Am Donnerstagmorgen fahren\u00a0 wir ins Glarnerland zu dritt, Doris, Dani und ich. Wir fahren bei Schwanden hoch zur Seilbahnstation, dort mit der Bahn hoch zum Bergrestaurant, wo wir unser Gep\u00e4ck abladen, das wir nicht brauchen. Nach einer halben Stunde sind wir im Klettergarten Widerstein. Die erste Route sit einfach, eine drei. Deshalb klettern wir in den Bergschuhen. Trainingshalber klettern wir die Route auch wieder ab. Die Sonne strahlt angenehm warm vom Himmel. Nachdem Doris ihr Fleisch in einer Felsspalte versenkt hat, geht sie mit Dani klettern, derweil ich weiter Siesta halte. Ich klettere aber diesen F\u00fcnfer auch noch, dann wechseln wir zum n\u00e4chsten Felsen. Neben vielen schwierigen bis sehr schwierigen Routen hat es auch noch zwei, drei f\u00fcr uns. Ich merke, wie allm\u00e4hlich dass Selbstvertrauen wieder kommt. Die weiten Hakenabst\u00e4nde machen mir nichts mehr aus. Wir geniessen die Kletterei an diesem sch\u00f6nen Fels. Nach einem ausgef\u00fcllten Tag kehren wir zu unserer Unterkunft zur\u00fcck.<\/p>\n<h2>Spazieren im Regen<\/h2>\n<p>Am n\u00e4chsten Morgen haben wir es nicht eilig mit dem Aufstehen: Es regnet. Und dies tut es den ganzen Tag lang. Damit wir doch noch an die frische Luft kommen, gehen wir spazieren. Am Abend klart es allm\u00e4hlich auf, die versprochene Wetterbesserung trifft ein.<\/p>\n<h2>Hoch zur Fridolinsh\u00fctte<\/h2>\n<p>Am Samstag fahren wir wieder ins Tal nach Linthal, von dort nach Tierfehd, unserem Ausgangspunkt f\u00fcr die Skitour auf den T\u00f6di. Um neun Uhr haben wir abgemacht, um halb neun sind wir bereits am Umpacken. Nach zehn Minuten kommt Beat, der Tourenleiter, auch schon angebraust mit Roland. Inzwischen habe ich gemerkt, was ich vergessen habe: Das Barryvox <em>(LVS)\u00a0<\/em>und die Lawinenschaufel. Aber Beat hat die Ersatzware bei sich. Wir sind auf 800 Meter. Die H\u00fctte istauf\u00a0 2111 Meter. Und weit und breit kein Schnee in Sicht. Das bedeutet, dass wir die Skier tragen m\u00fcssen. Trotz des Gewichts kommen wir flott voran auf der Forststrasse. Zum Gl\u00fcck ist es nicht besonders sch\u00f6nes Wetter, es nieselt leicht. Wir \u00fcberqueren eine imposante Schlucht. Bald kommen wir aus dem Wald. Der Weg wird jetzt ein wenig flacher. Bei einer H\u00fctte im Vorder Sand rasten wir. Mit frischem Elan gehen wir weiter, dem Schnee entgegen. Auf 1560 Meter k\u00f6nnen wir endlich die Skier anziehen. Nach viereinhalb Stunden sind wir endlich in der Fridolinsh\u00fctte. Wir geniessen den Nachmittag und ruhen uns aus, es steht uns morgen ein strenger Tag bevor.<\/p>\n<h2>Die Skitour auf den T\u00f6di<\/h2>\n<p>Zehn vor vier, mein Wecker piepst. Jetzt kommt Bewegung in den Schlag. \u00dcberall rascheln Plastiks\u00e4cke. Wir versuchen, dem Durcheinander m\u00f6glichst schnell zu entfliehen. Es d\u00e4mmert bereits, als wir auf den Skiern stehen; wir brauchen die Stirnlampe nicht mehr <em>(zum Gl\u00fcck, wer kennt sie noch, die alten Petzl-Stirnlampen mit der grossen Batterie?)<\/em>. Nach einer halben Stunde stehen wir vor den Abbr\u00fcchen des Bifertenfirns. Wir werweisen, ob wir anseilen sollen, lassen es dann aber sein. Die Spalten sind zugeschneit, man kann ohne gr\u00f6ssere Schwierigkeiten aufsteigen. M\u00e4chtige S\u00e9racs erheben sich \u00fcber unseren K\u00f6pfen.<\/p>\n<figure id=\"attachment_15476\" aria-describedby=\"caption-attachment-15476\" style=\"width: 682px\" class=\"wp-caption alignnone\"><a href=\"https:\/\/i0.wp.com\/idnu.ch\/wordpress\/wp-content\/uploads\/2020\/04\/toedi-1.jpg?ssl=1\"><img data-recalc-dims=\"1\" loading=\"lazy\" decoding=\"async\" data-attachment-id=\"15476\" data-permalink=\"https:\/\/idnu.ch\/wordpress\/blick-zurueck-skitour-auf-den-toedi\/toedi-1\/#main\" data-orig-file=\"https:\/\/i0.wp.com\/idnu.ch\/wordpress\/wp-content\/uploads\/2020\/04\/toedi-1.jpg?fit=933%2C1400&amp;ssl=1\" data-orig-size=\"933,1400\" data-comments-opened=\"1\" data-image-meta=\"{&quot;aperture&quot;:&quot;0&quot;,&quot;credit&quot;:&quot;Urs Kyburz&quot;,&quot;camera&quot;:&quot;CanoScan 9000F Mark II&quot;,&quot;caption&quot;:&quot;&quot;,&quot;created_timestamp&quot;:&quot;0&quot;,&quot;copyright&quot;:&quot;\\u00a9 Urs Kyburz&quot;,&quot;focal_length&quot;:&quot;0&quot;,&quot;iso&quot;:&quot;0&quot;,&quot;shutter_speed&quot;:&quot;0&quot;,&quot;title&quot;:&quot;&quot;,&quot;orientation&quot;:&quot;0&quot;}\" data-image-title=\"Unter den S\u00e9racs des Bifertenfins\" data-image-description=\"\" data-image-caption=\"&lt;p&gt;Unter den S\u00e9racs des Bifertenfins&lt;\/p&gt;\n\" data-large-file=\"https:\/\/i0.wp.com\/idnu.ch\/wordpress\/wp-content\/uploads\/2020\/04\/toedi-1.jpg?fit=682%2C1024&amp;ssl=1\" class=\"wp-image-15476 size-large\" src=\"https:\/\/i0.wp.com\/idnu.ch\/wordpress\/wp-content\/uploads\/2020\/04\/toedi-1.jpg?resize=682%2C1024&#038;ssl=1\" alt=\"\" width=\"682\" height=\"1024\" srcset=\"https:\/\/i0.wp.com\/idnu.ch\/wordpress\/wp-content\/uploads\/2020\/04\/toedi-1.jpg?resize=682%2C1024&amp;ssl=1 682w, https:\/\/i0.wp.com\/idnu.ch\/wordpress\/wp-content\/uploads\/2020\/04\/toedi-1.jpg?resize=200%2C300&amp;ssl=1 200w, https:\/\/i0.wp.com\/idnu.ch\/wordpress\/wp-content\/uploads\/2020\/04\/toedi-1.jpg?resize=768%2C1152&amp;ssl=1 768w, https:\/\/i0.wp.com\/idnu.ch\/wordpress\/wp-content\/uploads\/2020\/04\/toedi-1.jpg?resize=67%2C100&amp;ssl=1 67w, https:\/\/i0.wp.com\/idnu.ch\/wordpress\/wp-content\/uploads\/2020\/04\/toedi-1.jpg?w=933&amp;ssl=1 933w\" sizes=\"auto, (max-width: 682px) 100vw, 682px\" \/><\/a><figcaption id=\"caption-attachment-15476\" class=\"wp-caption-text\">Unter den S\u00e9racs des Bifertenfins<\/figcaption><\/figure>\n<p>Langsam kommt die Sonne hervor. Bald haben wir die Abbr\u00fcche hinter uns, wir machen eine kurze Pause. Von jetzt an haben wir keine Probleme mehr, keine Spalten versperren mehr den Weg. Nach ziemlich genau f\u00fcnf Stunden stehen wir auf dem Gipfel. Wir geniessen die grandiose Aussicht. Im Westen, ganz am Horizont, erhebt sich der Mont Blanc, dann kommen die Walliser und Berner Alpen mit ihren Viertausendern. Man sieht das ganze Mittelland, die \u00f6stlichen Alpen und die italienischen. Es windet heftig, wir bleiben nicht allzu lange. Der Schnee ist inzwischen weicher geworden, geradezu ideal f\u00fcr unsere Abfahrt. Im sch\u00f6nsten Sulzschnee fahren wir hinunter. Vor den Abbr\u00fcchen pausieren wir wieder.<\/p>\n<figure id=\"attachment_15479\" aria-describedby=\"caption-attachment-15479\" style=\"width: 682px\" class=\"wp-caption alignnone\"><a href=\"https:\/\/i0.wp.com\/idnu.ch\/wordpress\/wp-content\/uploads\/2020\/04\/toedi-3.jpg?ssl=1\"><img data-recalc-dims=\"1\" loading=\"lazy\" decoding=\"async\" data-attachment-id=\"15479\" data-permalink=\"https:\/\/idnu.ch\/wordpress\/blick-zurueck-skitour-auf-den-toedi\/toedi-3\/#main\" data-orig-file=\"https:\/\/i0.wp.com\/idnu.ch\/wordpress\/wp-content\/uploads\/2020\/04\/toedi-3.jpg?fit=933%2C1400&amp;ssl=1\" data-orig-size=\"933,1400\" data-comments-opened=\"1\" data-image-meta=\"{&quot;aperture&quot;:&quot;0&quot;,&quot;credit&quot;:&quot;Urs Kyburz&quot;,&quot;camera&quot;:&quot;CanoScan 9000F Mark II&quot;,&quot;caption&quot;:&quot;&quot;,&quot;created_timestamp&quot;:&quot;0&quot;,&quot;copyright&quot;:&quot;\\u00a9 Urs Kyburz&quot;,&quot;focal_length&quot;:&quot;0&quot;,&quot;iso&quot;:&quot;0&quot;,&quot;shutter_speed&quot;:&quot;0&quot;,&quot;title&quot;:&quot;&quot;,&quot;orientation&quot;:&quot;0&quot;}\" data-image-title=\"Pause\" data-image-description=\"\" data-image-caption=\"&lt;p&gt;Pause&lt;\/p&gt;\n\" data-large-file=\"https:\/\/i0.wp.com\/idnu.ch\/wordpress\/wp-content\/uploads\/2020\/04\/toedi-3.jpg?fit=682%2C1024&amp;ssl=1\" class=\"size-large wp-image-15479\" src=\"https:\/\/i0.wp.com\/idnu.ch\/wordpress\/wp-content\/uploads\/2020\/04\/toedi-3.jpg?resize=682%2C1024&#038;ssl=1\" alt=\"\" width=\"682\" height=\"1024\" srcset=\"https:\/\/i0.wp.com\/idnu.ch\/wordpress\/wp-content\/uploads\/2020\/04\/toedi-3.jpg?resize=682%2C1024&amp;ssl=1 682w, https:\/\/i0.wp.com\/idnu.ch\/wordpress\/wp-content\/uploads\/2020\/04\/toedi-3.jpg?resize=200%2C300&amp;ssl=1 200w, https:\/\/i0.wp.com\/idnu.ch\/wordpress\/wp-content\/uploads\/2020\/04\/toedi-3.jpg?resize=768%2C1152&amp;ssl=1 768w, https:\/\/i0.wp.com\/idnu.ch\/wordpress\/wp-content\/uploads\/2020\/04\/toedi-3.jpg?resize=67%2C100&amp;ssl=1 67w, https:\/\/i0.wp.com\/idnu.ch\/wordpress\/wp-content\/uploads\/2020\/04\/toedi-3.jpg?w=933&amp;ssl=1 933w\" sizes=\"auto, (max-width: 682px) 100vw, 682px\" \/><\/a><figcaption id=\"caption-attachment-15479\" class=\"wp-caption-text\">Pause<\/figcaption><\/figure>\n<p>Mir brennen die Oberschenkel. Vorsichtig fahren wir weiter. Um elf Uhr sind wir wieder bei der H\u00fctte. Nachdem wir unseren Durst gestillt haben, machen wir uns an die letzte Abfahrt. Dann heisst es wieder\u00a0 Skier tragen. Wir kommen schnell voran, um zwei Uhr sind wir wieder bei unseren Autos. In einem Restaurant schliessen wir die Tour offiziell ab (<em>es handelte sich um eine SAC-Tour).<\/em><\/p>\n<figure id=\"attachment_15481\" aria-describedby=\"caption-attachment-15481\" style=\"width: 750px\" class=\"wp-caption alignnone\"><a href=\"https:\/\/i0.wp.com\/idnu.ch\/wordpress\/wp-content\/uploads\/2020\/04\/toedi-4.jpg?ssl=1\"><img data-recalc-dims=\"1\" loading=\"lazy\" decoding=\"async\" data-attachment-id=\"15481\" data-permalink=\"https:\/\/idnu.ch\/wordpress\/blick-zurueck-skitour-auf-den-toedi\/toedi-4\/#main\" data-orig-file=\"https:\/\/i0.wp.com\/idnu.ch\/wordpress\/wp-content\/uploads\/2020\/04\/toedi-4.jpg?fit=1031%2C1400&amp;ssl=1\" data-orig-size=\"1031,1400\" data-comments-opened=\"1\" data-image-meta=\"{&quot;aperture&quot;:&quot;0&quot;,&quot;credit&quot;:&quot;Urs Kyburz&quot;,&quot;camera&quot;:&quot;CanoScan 9000F Mark II&quot;,&quot;caption&quot;:&quot;&quot;,&quot;created_timestamp&quot;:&quot;0&quot;,&quot;copyright&quot;:&quot;\\u00a9 Urs Kyburz&quot;,&quot;focal_length&quot;:&quot;0&quot;,&quot;iso&quot;:&quot;0&quot;,&quot;shutter_speed&quot;:&quot;0&quot;,&quot;title&quot;:&quot;&quot;,&quot;orientation&quot;:&quot;0&quot;}\" data-image-title=\"Sulzschneetraum\" data-image-description=\"\" data-image-caption=\"&lt;p&gt;Sulzschneetraum&lt;\/p&gt;\n\" data-large-file=\"https:\/\/i0.wp.com\/idnu.ch\/wordpress\/wp-content\/uploads\/2020\/04\/toedi-4.jpg?fit=750%2C1019&amp;ssl=1\" class=\"wp-image-15481 size-large\" src=\"https:\/\/i0.wp.com\/idnu.ch\/wordpress\/wp-content\/uploads\/2020\/04\/toedi-4.jpg?resize=750%2C1019&#038;ssl=1\" alt=\"\" width=\"750\" height=\"1019\" srcset=\"https:\/\/i0.wp.com\/idnu.ch\/wordpress\/wp-content\/uploads\/2020\/04\/toedi-4.jpg?resize=754%2C1024&amp;ssl=1 754w, https:\/\/i0.wp.com\/idnu.ch\/wordpress\/wp-content\/uploads\/2020\/04\/toedi-4.jpg?resize=221%2C300&amp;ssl=1 221w, https:\/\/i0.wp.com\/idnu.ch\/wordpress\/wp-content\/uploads\/2020\/04\/toedi-4.jpg?resize=768%2C1043&amp;ssl=1 768w, https:\/\/i0.wp.com\/idnu.ch\/wordpress\/wp-content\/uploads\/2020\/04\/toedi-4.jpg?resize=74%2C100&amp;ssl=1 74w, https:\/\/i0.wp.com\/idnu.ch\/wordpress\/wp-content\/uploads\/2020\/04\/toedi-4.jpg?w=1031&amp;ssl=1 1031w\" sizes=\"auto, (max-width: 750px) 100vw, 750px\" \/><\/a><figcaption id=\"caption-attachment-15481\" class=\"wp-caption-text\">Sulzschneetraum<\/figcaption><\/figure>\n","protected":false},"excerpt":{"rendered":"<p>Vom 25. bis 28. Mai 1995 weilten wir im Glarnerland. Zuerst kletterten wir&#8230;<\/p>\n","protected":false},"author":2,"featured_media":15477,"comment_status":"open","ping_status":"open","sticky":false,"template":"","format":"standard","meta":{"_monsterinsights_skip_tracking":false,"_monsterinsights_sitenote_active":false,"_monsterinsights_sitenote_note":"","_monsterinsights_sitenote_category":0,"jetpack_post_was_ever_published":false,"_jetpack_newsletter_access":"","_jetpack_dont_email_post_to_subs":false,"_jetpack_newsletter_tier_id":0,"_jetpack_memberships_contains_paywalled_content":false,"_jetpack_memberships_contains_paid_content":false,"footnotes":"","jetpack_publicize_message":"Da wir coronabedingt nicht in die Berge d\u00fcrfen, wage ich einen Blick zur\u00fcck: Die Skitour auf den T\u00f6di anno 1995.\r\n#skitour #skihochtour","jetpack_publicize_feature_enabled":true,"jetpack_social_post_already_shared":true,"jetpack_social_options":{"image_generator_settings":{"template":"highway","default_image_id":0,"font":"","enabled":false},"version":2}},"categories":[1009],"tags":[1342,1340,1341],"class_list":["post-15475","post","type-post","status-publish","format-standard","has-post-thumbnail","hentry","category-lookback","tag-glarnerland","tag-skihochtour","tag-toedi"],"geo":{"latitude":46.81111150000000264981281361542642116546630859375,"longitude":8.9147224000000004906496542389504611492156982421875,"description":"S. Benedetg, Kanton Graub\u00fcnden, 7174, CH"},"yoast_head":"<!-- This site is optimized with the Yoast SEO plugin v27.4 - https:\/\/yoast.com\/product\/yoast-seo-wordpress\/ -->\n<title>Blick zur\u00fcck: Skitour auf den T\u00f6di - In der Natur unterwegs<\/title>\n<meta name=\"description\" content=\"Skitour auf den T\u00f6di: Vor 25 Jahren fuhren wir ins Glarnerland, zuerst zum Klettern, danach bestiegen wir den T\u00f6di auf den Skiern.\" \/>\n<meta name=\"robots\" content=\"index, follow, max-snippet:-1, max-image-preview:large, max-video-preview:-1\" \/>\n<link rel=\"canonical\" href=\"https:\/\/idnu.ch\/wordpress\/blick-zurueck-skitour-auf-den-toedi\/\" \/>\n<meta property=\"og:locale\" content=\"de_DE\" \/>\n<meta property=\"og:type\" content=\"article\" \/>\n<meta property=\"og:title\" content=\"Blick zur\u00fcck: Skitour auf den T\u00f6di - In der Natur unterwegs\" \/>\n<meta property=\"og:description\" content=\"Skitour auf den T\u00f6di: Vor 25 Jahren fuhren wir ins Glarnerland, zuerst zum Klettern, danach bestiegen wir den T\u00f6di auf den Skiern.\" \/>\n<meta property=\"og:url\" content=\"https:\/\/idnu.ch\/wordpress\/blick-zurueck-skitour-auf-den-toedi\/\" \/>\n<meta property=\"og:site_name\" content=\"In der Natur unterwegs\" \/>\n<meta property=\"article:published_time\" content=\"2020-04-25T17:00:10+00:00\" \/>\n<meta property=\"og:image\" content=\"https:\/\/i2.wp.com\/idnu.ch\/wordpress\/wp-content\/uploads\/2020\/04\/toedi-2.jpg?fit=1400%2C937&ssl=1\" \/>\n\t<meta property=\"og:image:width\" content=\"1400\" \/>\n\t<meta property=\"og:image:height\" content=\"937\" \/>\n\t<meta property=\"og:image:type\" content=\"image\/jpeg\" \/>\n<meta name=\"author\" content=\"Urs Kyburz\" \/>\n<meta name=\"twitter:card\" content=\"summary_large_image\" \/>\n<meta name=\"twitter:creator\" content=\"@idnu_ch\" \/>\n<meta name=\"twitter:site\" content=\"@idnu_ch\" \/>\n<meta name=\"twitter:label1\" content=\"Verfasst von\" \/>\n\t<meta name=\"twitter:data1\" content=\"Urs Kyburz\" \/>\n\t<meta name=\"twitter:label2\" content=\"Gesch\u00e4tzte Lesezeit\" \/>\n\t<meta name=\"twitter:data2\" content=\"4\u00a0Minuten\" \/>\n<script type=\"application\/ld+json\" class=\"yoast-schema-graph\">{\"@context\":\"https:\\\/\\\/schema.org\",\"@graph\":[{\"@type\":\"Article\",\"@id\":\"https:\\\/\\\/idnu.ch\\\/wordpress\\\/blick-zurueck-skitour-auf-den-toedi\\\/#article\",\"isPartOf\":{\"@id\":\"https:\\\/\\\/idnu.ch\\\/wordpress\\\/blick-zurueck-skitour-auf-den-toedi\\\/\"},\"author\":{\"name\":\"Urs Kyburz\",\"@id\":\"https:\\\/\\\/idnu.ch\\\/wordpress\\\/#\\\/schema\\\/person\\\/1ab8c5de743be7b019272124c19ad351\"},\"headline\":\"Blick zur\u00fcck: Skitour auf den T\u00f6di\",\"datePublished\":\"2020-04-25T17:00:10+00:00\",\"mainEntityOfPage\":{\"@id\":\"https:\\\/\\\/idnu.ch\\\/wordpress\\\/blick-zurueck-skitour-auf-den-toedi\\\/\"},\"wordCount\":785,\"commentCount\":4,\"publisher\":{\"@id\":\"https:\\\/\\\/idnu.ch\\\/wordpress\\\/#\\\/schema\\\/person\\\/1ab8c5de743be7b019272124c19ad351\"},\"image\":{\"@id\":\"https:\\\/\\\/idnu.ch\\\/wordpress\\\/blick-zurueck-skitour-auf-den-toedi\\\/#primaryimage\"},\"thumbnailUrl\":\"https:\\\/\\\/i0.wp.com\\\/idnu.ch\\\/wordpress\\\/wp-content\\\/uploads\\\/2020\\\/04\\\/toedi-2.jpg?fit=1400%2C937&ssl=1\",\"keywords\":[\"Glarnerland\",\"Skihochtour\",\"T\u00f6di\"],\"articleSection\":[\"Blick zur\u00fcck - 1997+\"],\"inLanguage\":\"de\",\"potentialAction\":[{\"@type\":\"CommentAction\",\"name\":\"Comment\",\"target\":[\"https:\\\/\\\/idnu.ch\\\/wordpress\\\/blick-zurueck-skitour-auf-den-toedi\\\/#respond\"]}]},{\"@type\":\"WebPage\",\"@id\":\"https:\\\/\\\/idnu.ch\\\/wordpress\\\/blick-zurueck-skitour-auf-den-toedi\\\/\",\"url\":\"https:\\\/\\\/idnu.ch\\\/wordpress\\\/blick-zurueck-skitour-auf-den-toedi\\\/\",\"name\":\"Blick zur\u00fcck: Skitour auf den T\u00f6di - In der Natur unterwegs\",\"isPartOf\":{\"@id\":\"https:\\\/\\\/idnu.ch\\\/wordpress\\\/#website\"},\"primaryImageOfPage\":{\"@id\":\"https:\\\/\\\/idnu.ch\\\/wordpress\\\/blick-zurueck-skitour-auf-den-toedi\\\/#primaryimage\"},\"image\":{\"@id\":\"https:\\\/\\\/idnu.ch\\\/wordpress\\\/blick-zurueck-skitour-auf-den-toedi\\\/#primaryimage\"},\"thumbnailUrl\":\"https:\\\/\\\/i0.wp.com\\\/idnu.ch\\\/wordpress\\\/wp-content\\\/uploads\\\/2020\\\/04\\\/toedi-2.jpg?fit=1400%2C937&ssl=1\",\"datePublished\":\"2020-04-25T17:00:10+00:00\",\"description\":\"Skitour auf den T\u00f6di: Vor 25 Jahren fuhren wir ins Glarnerland, zuerst zum Klettern, danach bestiegen wir den T\u00f6di auf den Skiern.\",\"breadcrumb\":{\"@id\":\"https:\\\/\\\/idnu.ch\\\/wordpress\\\/blick-zurueck-skitour-auf-den-toedi\\\/#breadcrumb\"},\"inLanguage\":\"de\",\"potentialAction\":[{\"@type\":\"ReadAction\",\"target\":[\"https:\\\/\\\/idnu.ch\\\/wordpress\\\/blick-zurueck-skitour-auf-den-toedi\\\/\"]}]},{\"@type\":\"ImageObject\",\"inLanguage\":\"de\",\"@id\":\"https:\\\/\\\/idnu.ch\\\/wordpress\\\/blick-zurueck-skitour-auf-den-toedi\\\/#primaryimage\",\"url\":\"https:\\\/\\\/i0.wp.com\\\/idnu.ch\\\/wordpress\\\/wp-content\\\/uploads\\\/2020\\\/04\\\/toedi-2.jpg?fit=1400%2C937&ssl=1\",\"contentUrl\":\"https:\\\/\\\/i0.wp.com\\\/idnu.ch\\\/wordpress\\\/wp-content\\\/uploads\\\/2020\\\/04\\\/toedi-2.jpg?fit=1400%2C937&ssl=1\",\"width\":1400,\"height\":937,\"caption\":\"Aufstieg zum T\u00f6di\"},{\"@type\":\"BreadcrumbList\",\"@id\":\"https:\\\/\\\/idnu.ch\\\/wordpress\\\/blick-zurueck-skitour-auf-den-toedi\\\/#breadcrumb\",\"itemListElement\":[{\"@type\":\"ListItem\",\"position\":1,\"name\":\"Startseite\",\"item\":\"https:\\\/\\\/idnu.ch\\\/wordpress\\\/\"},{\"@type\":\"ListItem\",\"position\":2,\"name\":\"Blick zur\u00fcck: Skitour auf den T\u00f6di\"}]},{\"@type\":\"WebSite\",\"@id\":\"https:\\\/\\\/idnu.ch\\\/wordpress\\\/#website\",\"url\":\"https:\\\/\\\/idnu.ch\\\/wordpress\\\/\",\"name\":\"In der Natur unterwegs\",\"description\":\"Dort, wo es am sch\u00f6nsten ist\",\"publisher\":{\"@id\":\"https:\\\/\\\/idnu.ch\\\/wordpress\\\/#\\\/schema\\\/person\\\/1ab8c5de743be7b019272124c19ad351\"},\"potentialAction\":[{\"@type\":\"SearchAction\",\"target\":{\"@type\":\"EntryPoint\",\"urlTemplate\":\"https:\\\/\\\/idnu.ch\\\/wordpress\\\/?s={search_term_string}\"},\"query-input\":{\"@type\":\"PropertyValueSpecification\",\"valueRequired\":true,\"valueName\":\"search_term_string\"}}],\"inLanguage\":\"de\"},{\"@type\":[\"Person\",\"Organization\"],\"@id\":\"https:\\\/\\\/idnu.ch\\\/wordpress\\\/#\\\/schema\\\/person\\\/1ab8c5de743be7b019272124c19ad351\",\"name\":\"Urs Kyburz\",\"image\":{\"@type\":\"ImageObject\",\"inLanguage\":\"de\",\"@id\":\"https:\\\/\\\/i0.wp.com\\\/idnu.ch\\\/wordpress\\\/wp-content\\\/uploads\\\/2016\\\/02\\\/logo_150x165.gif?fit=3151%2C3456&ssl=1\",\"url\":\"https:\\\/\\\/i0.wp.com\\\/idnu.ch\\\/wordpress\\\/wp-content\\\/uploads\\\/2016\\\/02\\\/logo_150x165.gif?fit=3151%2C3456&ssl=1\",\"contentUrl\":\"https:\\\/\\\/i0.wp.com\\\/idnu.ch\\\/wordpress\\\/wp-content\\\/uploads\\\/2016\\\/02\\\/logo_150x165.gif?fit=3151%2C3456&ssl=1\",\"width\":3151,\"height\":3456,\"caption\":\"Urs Kyburz\"},\"logo\":{\"@id\":\"https:\\\/\\\/i0.wp.com\\\/idnu.ch\\\/wordpress\\\/wp-content\\\/uploads\\\/2016\\\/02\\\/logo_150x165.gif?fit=3151%2C3456&ssl=1\"}}]}<\/script>\n<!-- \/ Yoast SEO plugin. -->","yoast_head_json":{"title":"Blick zur\u00fcck: Skitour auf den T\u00f6di - In der Natur unterwegs","description":"Skitour auf den T\u00f6di: Vor 25 Jahren fuhren wir ins Glarnerland, zuerst zum Klettern, danach bestiegen wir den T\u00f6di auf den Skiern.","robots":{"index":"index","follow":"follow","max-snippet":"max-snippet:-1","max-image-preview":"max-image-preview:large","max-video-preview":"max-video-preview:-1"},"canonical":"https:\/\/idnu.ch\/wordpress\/blick-zurueck-skitour-auf-den-toedi\/","og_locale":"de_DE","og_type":"article","og_title":"Blick zur\u00fcck: Skitour auf den T\u00f6di - In der Natur unterwegs","og_description":"Skitour auf den T\u00f6di: Vor 25 Jahren fuhren wir ins Glarnerland, zuerst zum Klettern, danach bestiegen wir den T\u00f6di auf den Skiern.","og_url":"https:\/\/idnu.ch\/wordpress\/blick-zurueck-skitour-auf-den-toedi\/","og_site_name":"In der Natur unterwegs","article_published_time":"2020-04-25T17:00:10+00:00","og_image":[{"width":1400,"height":937,"url":"https:\/\/i2.wp.com\/idnu.ch\/wordpress\/wp-content\/uploads\/2020\/04\/toedi-2.jpg?fit=1400%2C937&ssl=1","type":"image\/jpeg"}],"author":"Urs Kyburz","twitter_card":"summary_large_image","twitter_creator":"@idnu_ch","twitter_site":"@idnu_ch","twitter_misc":{"Verfasst von":"Urs Kyburz","Gesch\u00e4tzte Lesezeit":"4\u00a0Minuten"},"schema":{"@context":"https:\/\/schema.org","@graph":[{"@type":"Article","@id":"https:\/\/idnu.ch\/wordpress\/blick-zurueck-skitour-auf-den-toedi\/#article","isPartOf":{"@id":"https:\/\/idnu.ch\/wordpress\/blick-zurueck-skitour-auf-den-toedi\/"},"author":{"name":"Urs Kyburz","@id":"https:\/\/idnu.ch\/wordpress\/#\/schema\/person\/1ab8c5de743be7b019272124c19ad351"},"headline":"Blick zur\u00fcck: Skitour auf den T\u00f6di","datePublished":"2020-04-25T17:00:10+00:00","mainEntityOfPage":{"@id":"https:\/\/idnu.ch\/wordpress\/blick-zurueck-skitour-auf-den-toedi\/"},"wordCount":785,"commentCount":4,"publisher":{"@id":"https:\/\/idnu.ch\/wordpress\/#\/schema\/person\/1ab8c5de743be7b019272124c19ad351"},"image":{"@id":"https:\/\/idnu.ch\/wordpress\/blick-zurueck-skitour-auf-den-toedi\/#primaryimage"},"thumbnailUrl":"https:\/\/i0.wp.com\/idnu.ch\/wordpress\/wp-content\/uploads\/2020\/04\/toedi-2.jpg?fit=1400%2C937&ssl=1","keywords":["Glarnerland","Skihochtour","T\u00f6di"],"articleSection":["Blick zur\u00fcck - 1997+"],"inLanguage":"de","potentialAction":[{"@type":"CommentAction","name":"Comment","target":["https:\/\/idnu.ch\/wordpress\/blick-zurueck-skitour-auf-den-toedi\/#respond"]}]},{"@type":"WebPage","@id":"https:\/\/idnu.ch\/wordpress\/blick-zurueck-skitour-auf-den-toedi\/","url":"https:\/\/idnu.ch\/wordpress\/blick-zurueck-skitour-auf-den-toedi\/","name":"Blick zur\u00fcck: Skitour auf den T\u00f6di - In der Natur unterwegs","isPartOf":{"@id":"https:\/\/idnu.ch\/wordpress\/#website"},"primaryImageOfPage":{"@id":"https:\/\/idnu.ch\/wordpress\/blick-zurueck-skitour-auf-den-toedi\/#primaryimage"},"image":{"@id":"https:\/\/idnu.ch\/wordpress\/blick-zurueck-skitour-auf-den-toedi\/#primaryimage"},"thumbnailUrl":"https:\/\/i0.wp.com\/idnu.ch\/wordpress\/wp-content\/uploads\/2020\/04\/toedi-2.jpg?fit=1400%2C937&ssl=1","datePublished":"2020-04-25T17:00:10+00:00","description":"Skitour auf den T\u00f6di: Vor 25 Jahren fuhren wir ins Glarnerland, zuerst zum Klettern, danach bestiegen wir den T\u00f6di auf den Skiern.","breadcrumb":{"@id":"https:\/\/idnu.ch\/wordpress\/blick-zurueck-skitour-auf-den-toedi\/#breadcrumb"},"inLanguage":"de","potentialAction":[{"@type":"ReadAction","target":["https:\/\/idnu.ch\/wordpress\/blick-zurueck-skitour-auf-den-toedi\/"]}]},{"@type":"ImageObject","inLanguage":"de","@id":"https:\/\/idnu.ch\/wordpress\/blick-zurueck-skitour-auf-den-toedi\/#primaryimage","url":"https:\/\/i0.wp.com\/idnu.ch\/wordpress\/wp-content\/uploads\/2020\/04\/toedi-2.jpg?fit=1400%2C937&ssl=1","contentUrl":"https:\/\/i0.wp.com\/idnu.ch\/wordpress\/wp-content\/uploads\/2020\/04\/toedi-2.jpg?fit=1400%2C937&ssl=1","width":1400,"height":937,"caption":"Aufstieg zum T\u00f6di"},{"@type":"BreadcrumbList","@id":"https:\/\/idnu.ch\/wordpress\/blick-zurueck-skitour-auf-den-toedi\/#breadcrumb","itemListElement":[{"@type":"ListItem","position":1,"name":"Startseite","item":"https:\/\/idnu.ch\/wordpress\/"},{"@type":"ListItem","position":2,"name":"Blick zur\u00fcck: Skitour auf den T\u00f6di"}]},{"@type":"WebSite","@id":"https:\/\/idnu.ch\/wordpress\/#website","url":"https:\/\/idnu.ch\/wordpress\/","name":"In der Natur unterwegs","description":"Dort, wo es am sch\u00f6nsten ist","publisher":{"@id":"https:\/\/idnu.ch\/wordpress\/#\/schema\/person\/1ab8c5de743be7b019272124c19ad351"},"potentialAction":[{"@type":"SearchAction","target":{"@type":"EntryPoint","urlTemplate":"https:\/\/idnu.ch\/wordpress\/?s={search_term_string}"},"query-input":{"@type":"PropertyValueSpecification","valueRequired":true,"valueName":"search_term_string"}}],"inLanguage":"de"},{"@type":["Person","Organization"],"@id":"https:\/\/idnu.ch\/wordpress\/#\/schema\/person\/1ab8c5de743be7b019272124c19ad351","name":"Urs Kyburz","image":{"@type":"ImageObject","inLanguage":"de","@id":"https:\/\/i0.wp.com\/idnu.ch\/wordpress\/wp-content\/uploads\/2016\/02\/logo_150x165.gif?fit=3151%2C3456&ssl=1","url":"https:\/\/i0.wp.com\/idnu.ch\/wordpress\/wp-content\/uploads\/2016\/02\/logo_150x165.gif?fit=3151%2C3456&ssl=1","contentUrl":"https:\/\/i0.wp.com\/idnu.ch\/wordpress\/wp-content\/uploads\/2016\/02\/logo_150x165.gif?fit=3151%2C3456&ssl=1","width":3151,"height":3456,"caption":"Urs Kyburz"},"logo":{"@id":"https:\/\/i0.wp.com\/idnu.ch\/wordpress\/wp-content\/uploads\/2016\/02\/logo_150x165.gif?fit=3151%2C3456&ssl=1"}}]}},"jetpack_publicize_connections":[],"jetpack_featured_media_url":"https:\/\/i0.wp.com\/idnu.ch\/wordpress\/wp-content\/uploads\/2020\/04\/toedi-2.jpg?fit=1400%2C937&ssl=1","jetpack_sharing_enabled":true,"jetpack_shortlink":"https:\/\/wp.me\/p6MmGG-41B","jetpack-related-posts":[{"id":8359,"url":"https:\/\/idnu.ch\/wordpress\/blick-zurueck-meine-touren-1997-und-frueher\/","url_meta":{"origin":15475,"position":0},"title":"Blick zur\u00fcck: Meine Touren 1997 und fr\u00fcher","author":"Urs Kyburz","date":"24. September 2017","format":false,"excerpt":"In loser Folge werde ich meine Tourenb\u00fccher durchforsten und das eine oder andere Highlight aus meinem Tourenarchiv ver\u00f6ffentlichen. Vielleicht findest du Inspiration zu einer vergessenen Tour oder am\u00fcsierst dich einfach nur. Die Texte werde ich mehr oder weniger 1:1 abschreiben. Seid also nachsichtig, wenn die Sprache manchmal etwas holpert. Warum\u2026","rel":"","context":"In &quot;Blick zur\u00fcck - 1997+&quot;","block_context":{"text":"Blick zur\u00fcck - 1997+","link":"https:\/\/idnu.ch\/wordpress\/category\/lookback\/"},"img":{"alt_text":"Skitour auf den T\u00f6di","src":"https:\/\/i0.wp.com\/idnu.ch\/wordpress\/wp-content\/uploads\/2017\/09\/toedi-2.jpg?fit=1200%2C803&ssl=1&resize=350%2C200","width":350,"height":200,"srcset":"https:\/\/i0.wp.com\/idnu.ch\/wordpress\/wp-content\/uploads\/2017\/09\/toedi-2.jpg?fit=1200%2C803&ssl=1&resize=350%2C200 1x, https:\/\/i0.wp.com\/idnu.ch\/wordpress\/wp-content\/uploads\/2017\/09\/toedi-2.jpg?fit=1200%2C803&ssl=1&resize=525%2C300 1.5x, https:\/\/i0.wp.com\/idnu.ch\/wordpress\/wp-content\/uploads\/2017\/09\/toedi-2.jpg?fit=1200%2C803&ssl=1&resize=700%2C400 2x, https:\/\/i0.wp.com\/idnu.ch\/wordpress\/wp-content\/uploads\/2017\/09\/toedi-2.jpg?fit=1200%2C803&ssl=1&resize=1050%2C600 3x"},"classes":[]},{"id":103,"url":"https:\/\/idnu.ch\/wordpress\/klettern-mit-kindern-um-meiringen\/","url_meta":{"origin":15475,"position":1},"title":"Klettern mit Kindern um Meiringen","author":"Urs Kyburz","date":"20. Mai 2015","format":false,"excerpt":"Meiringen ist so was wie die \"Hauptstadt der Kletterer\". Auf kleinstem Raum findet man alle m\u00f6glichen Spielarten und Schwierigkeiten der Kletterei, von Kletterg\u00e4rten f\u00fcr Anf\u00e4nger bis zu den extremen Mehrseill\u00e4ngenrouten an den Wendenst\u00f6cken. Zum Saisonanfang f\u00fchlen wir uns eher zu ersteren hingezogen. Klettereldorado Haslital Was es nicht alles zu klettern\u2026","rel":"","context":"In &quot;Bern&quot;","block_context":{"text":"Bern","link":"https:\/\/idnu.ch\/wordpress\/category\/kanton\/bern\/"},"img":{"alt_text":"Rotsteini","src":"https:\/\/i0.wp.com\/idnu.ch\/wordpress\/wp-content\/uploads\/2015\/05\/weidh15_0022.jpg?fit=1024%2C768&ssl=1&resize=350%2C200","width":350,"height":200,"srcset":"https:\/\/i0.wp.com\/idnu.ch\/wordpress\/wp-content\/uploads\/2015\/05\/weidh15_0022.jpg?fit=1024%2C768&ssl=1&resize=350%2C200 1x, https:\/\/i0.wp.com\/idnu.ch\/wordpress\/wp-content\/uploads\/2015\/05\/weidh15_0022.jpg?fit=1024%2C768&ssl=1&resize=525%2C300 1.5x, https:\/\/i0.wp.com\/idnu.ch\/wordpress\/wp-content\/uploads\/2015\/05\/weidh15_0022.jpg?fit=1024%2C768&ssl=1&resize=700%2C400 2x"},"classes":[]},{"id":154,"url":"https:\/\/idnu.ch\/wordpress\/mettmenalp-das-perfekte-familienklettergebiet\/","url_meta":{"origin":15475,"position":2},"title":"Mettmenalp: Das perfekte Familienklettergebiet","author":"Urs Kyburz","date":"18. Juni 2014","format":false,"excerpt":"\u00dcber Pfingsten schlossen wir uns dem\u00a0SAC Homberg\u00a0an und verbrachten drei tolle und heisse Tage im Zigerschlitz, auch bekannt als Glarnerland. Bei Widerstein auf der Mettmenalp sind mehrere riesige Felsbl\u00f6cke verteilt, die sich hervorragend eignen zum Klettern, das perfekte Familienklettergebiet. So war auch der Plan klar f\u00fcr die n\u00e4chsten Tage. Die\u2026","rel":"","context":"In &quot;Glarus&quot;","block_context":{"text":"Glarus","link":"https:\/\/idnu.ch\/wordpress\/category\/kanton\/glarus\/"},"img":{"alt_text":"Klettern Widerstein","src":"https:\/\/i0.wp.com\/idnu.ch\/wordpress\/wp-content\/uploads\/2014\/06\/mettmen_0009.jpg?fit=1024%2C683&ssl=1&resize=350%2C200","width":350,"height":200,"srcset":"https:\/\/i0.wp.com\/idnu.ch\/wordpress\/wp-content\/uploads\/2014\/06\/mettmen_0009.jpg?fit=1024%2C683&ssl=1&resize=350%2C200 1x, https:\/\/i0.wp.com\/idnu.ch\/wordpress\/wp-content\/uploads\/2014\/06\/mettmen_0009.jpg?fit=1024%2C683&ssl=1&resize=525%2C300 1.5x, https:\/\/i0.wp.com\/idnu.ch\/wordpress\/wp-content\/uploads\/2014\/06\/mettmen_0009.jpg?fit=1024%2C683&ssl=1&resize=700%2C400 2x"},"classes":[]},{"id":16208,"url":"https:\/\/idnu.ch\/wordpress\/zu-fuss-nach-braunwald\/","url_meta":{"origin":15475,"position":3},"title":"Zu Fuss nach Braunwald","author":"Urs Kyburz","date":"22. August 2020","format":false,"excerpt":"Die Jungs waren im Bergsteigerlager des SAC, die Frau und ich hatten also freie Bahn. Sie hatte noch einen Hotelgutschein, den wir in Braunwald einl\u00f6sen wollten. Die Anreise sollte aber nicht schn\u00f6de mit Auto oder Zug erfolgen, sondern wir wollten zu Fuss nach Braunwald. Zum Waldisee So besteigen wir also\u2026","rel":"","context":"In &quot;Glarus&quot;","block_context":{"text":"Glarus","link":"https:\/\/idnu.ch\/wordpress\/category\/kanton\/glarus\/"},"img":{"alt_text":"","src":"https:\/\/i0.wp.com\/idnu.ch\/wordpress\/wp-content\/uploads\/2020\/08\/braunwald-20200727-103.jpg?fit=1200%2C800&ssl=1&resize=350%2C200","width":350,"height":200,"srcset":"https:\/\/i0.wp.com\/idnu.ch\/wordpress\/wp-content\/uploads\/2020\/08\/braunwald-20200727-103.jpg?fit=1200%2C800&ssl=1&resize=350%2C200 1x, https:\/\/i0.wp.com\/idnu.ch\/wordpress\/wp-content\/uploads\/2020\/08\/braunwald-20200727-103.jpg?fit=1200%2C800&ssl=1&resize=525%2C300 1.5x, https:\/\/i0.wp.com\/idnu.ch\/wordpress\/wp-content\/uploads\/2020\/08\/braunwald-20200727-103.jpg?fit=1200%2C800&ssl=1&resize=700%2C400 2x, https:\/\/i0.wp.com\/idnu.ch\/wordpress\/wp-content\/uploads\/2020\/08\/braunwald-20200727-103.jpg?fit=1200%2C800&ssl=1&resize=1050%2C600 3x"},"classes":[]},{"id":138,"url":"https:\/\/idnu.ch\/wordpress\/klettern-im-steinbruch\/","url_meta":{"origin":15475,"position":4},"title":"Klettern im Steinbruch","author":"Urs Kyburz","date":"11. Oktober 2014","format":false,"excerpt":"Bei unserer Biketour am ersten Tag entdeckten wir einen Klettergarten kurz ausserhalb Leysin. Das w\u00e4re was f\u00fcr einen gem\u00fctlichen Tag, fanden wir damals. Heute war es also soweit, wir suchten diesen Klettergarten in einem ehemaligen Steinbruch auf. Da Leysin bekanntermassen alles andere als flach ist, entschieden wir uns, f\u00fcr einmal\u2026","rel":"","context":"In &quot;Genferseegebiet (Waadt)&quot;","block_context":{"text":"Genferseegebiet (Waadt)","link":"https:\/\/idnu.ch\/wordpress\/category\/tourismusregionen\/genferseegebiet\/"},"img":{"alt_text":"Klettern in Leysin","src":"https:\/\/i0.wp.com\/idnu.ch\/wordpress\/wp-content\/uploads\/2014\/10\/IMG_7399.jpg?fit=1200%2C800&ssl=1&resize=350%2C200","width":350,"height":200,"srcset":"https:\/\/i0.wp.com\/idnu.ch\/wordpress\/wp-content\/uploads\/2014\/10\/IMG_7399.jpg?fit=1200%2C800&ssl=1&resize=350%2C200 1x, https:\/\/i0.wp.com\/idnu.ch\/wordpress\/wp-content\/uploads\/2014\/10\/IMG_7399.jpg?fit=1200%2C800&ssl=1&resize=525%2C300 1.5x, https:\/\/i0.wp.com\/idnu.ch\/wordpress\/wp-content\/uploads\/2014\/10\/IMG_7399.jpg?fit=1200%2C800&ssl=1&resize=700%2C400 2x, https:\/\/i0.wp.com\/idnu.ch\/wordpress\/wp-content\/uploads\/2014\/10\/IMG_7399.jpg?fit=1200%2C800&ssl=1&resize=1050%2C600 3x"},"classes":[]},{"id":135,"url":"https:\/\/idnu.ch\/wordpress\/ein-fels-gewordener-traum\/","url_meta":{"origin":15475,"position":5},"title":"Ein Fels gewordener Traum","author":"Urs Kyburz","date":"20. Oktober 2014","format":false,"excerpt":"Die Tour d\u2019A\u00ef ist nicht nur ein Gipfelziel, sondern l\u00e4dt die ambitionierten Kletterer ein, sich in den senkrechten, grandiosen Felsen auszutoben. Leider liegen die Routen im Moment oberhalb meiner psychischen und technischen F\u00e4higkeiten, aber wir fanden trotzdem noch ein paar moderatere L\u00e4ngen zum Klettern. Von La Berneuse mussten wir zuerst\u2026","rel":"","context":"In &quot;Genferseegebiet (Waadt)&quot;","block_context":{"text":"Genferseegebiet (Waadt)","link":"https:\/\/idnu.ch\/wordpress\/category\/tourismusregionen\/genferseegebiet\/"},"img":{"alt_text":"Klettern an der Tour d'A\u00ef","src":"https:\/\/i0.wp.com\/idnu.ch\/wordpress\/wp-content\/uploads\/2014\/10\/IMG_1194.jpg?fit=1200%2C900&ssl=1&resize=350%2C200","width":350,"height":200,"srcset":"https:\/\/i0.wp.com\/idnu.ch\/wordpress\/wp-content\/uploads\/2014\/10\/IMG_1194.jpg?fit=1200%2C900&ssl=1&resize=350%2C200 1x, https:\/\/i0.wp.com\/idnu.ch\/wordpress\/wp-content\/uploads\/2014\/10\/IMG_1194.jpg?fit=1200%2C900&ssl=1&resize=525%2C300 1.5x, https:\/\/i0.wp.com\/idnu.ch\/wordpress\/wp-content\/uploads\/2014\/10\/IMG_1194.jpg?fit=1200%2C900&ssl=1&resize=700%2C400 2x, https:\/\/i0.wp.com\/idnu.ch\/wordpress\/wp-content\/uploads\/2014\/10\/IMG_1194.jpg?fit=1200%2C900&ssl=1&resize=1050%2C600 3x"},"classes":[]}],"jetpack_likes_enabled":true,"_links":{"self":[{"href":"https:\/\/idnu.ch\/wordpress\/wp-json\/wp\/v2\/posts\/15475","targetHints":{"allow":["GET"]}}],"collection":[{"href":"https:\/\/idnu.ch\/wordpress\/wp-json\/wp\/v2\/posts"}],"about":[{"href":"https:\/\/idnu.ch\/wordpress\/wp-json\/wp\/v2\/types\/post"}],"author":[{"embeddable":true,"href":"https:\/\/idnu.ch\/wordpress\/wp-json\/wp\/v2\/users\/2"}],"replies":[{"embeddable":true,"href":"https:\/\/idnu.ch\/wordpress\/wp-json\/wp\/v2\/comments?post=15475"}],"version-history":[{"count":4,"href":"https:\/\/idnu.ch\/wordpress\/wp-json\/wp\/v2\/posts\/15475\/revisions"}],"predecessor-version":[{"id":15483,"href":"https:\/\/idnu.ch\/wordpress\/wp-json\/wp\/v2\/posts\/15475\/revisions\/15483"}],"wp:featuredmedia":[{"embeddable":true,"href":"https:\/\/idnu.ch\/wordpress\/wp-json\/wp\/v2\/media\/15477"}],"wp:attachment":[{"href":"https:\/\/idnu.ch\/wordpress\/wp-json\/wp\/v2\/media?parent=15475"}],"wp:term":[{"taxonomy":"category","embeddable":true,"href":"https:\/\/idnu.ch\/wordpress\/wp-json\/wp\/v2\/categories?post=15475"},{"taxonomy":"post_tag","embeddable":true,"href":"https:\/\/idnu.ch\/wordpress\/wp-json\/wp\/v2\/tags?post=15475"}],"curies":[{"name":"wp","href":"https:\/\/api.w.org\/{rel}","templated":true}]}}