{"id":160,"date":"2014-04-18T19:47:00","date_gmt":"2014-04-18T17:47:00","guid":{"rendered":"http:\/\/idnu.ch\/wordpress\/fliegen-wie-ein-vogel\/"},"modified":"2023-10-27T14:42:42","modified_gmt":"2023-10-27T12:42:42","slug":"fliegen-wie-ein-vogel","status":"publish","type":"post","link":"https:\/\/idnu.ch\/wordpress\/fliegen-wie-ein-vogel\/","title":{"rendered":"Fliegen wie ein Vogel"},"content":{"rendered":"<p><strong>Da Juniors Bein immer noch von Gips umh\u00fcllt ist (er kommt nach den Ostern, wenn die Schule wieder anf\u00e4ngt, weg), musste ich mir wieder einen Ausflug einfallen lassen, der nicht allzu sportlich ist. Da kam unser Familienhobby Ornithologie gerade recht. Ich wollte schon l\u00e4nger mal ins\u00a0<a href=\"https:\/\/www.birdlife.ch\/de\/content\/naturzentrum-neeracherried\" target=\"_blank\" rel=\"noopener\">Neeracherried<\/a>, dem gr\u00f6ssten Flachmoor der Schweiz, das in der N\u00e4he des Flughafens Kloten liegt.<\/strong><\/p>\n<figure id=\"attachment_6366\" aria-describedby=\"caption-attachment-6366\" style=\"width: 800px\" class=\"wp-caption aligncenter\"><img data-recalc-dims=\"1\" loading=\"lazy\" decoding=\"async\" data-attachment-id=\"6366\" data-permalink=\"https:\/\/idnu.ch\/wordpress\/fliegen-wie-ein-vogel\/neerach-70\/#main\" data-orig-file=\"https:\/\/i0.wp.com\/idnu.ch\/wordpress\/wp-content\/uploads\/2014\/04\/neerach-70.jpg?fit=800%2C533&amp;ssl=1\" data-orig-size=\"800,533\" data-comments-opened=\"1\" data-image-meta=\"{&quot;aperture&quot;:&quot;0&quot;,&quot;credit&quot;:&quot;&quot;,&quot;camera&quot;:&quot;&quot;,&quot;caption&quot;:&quot;&quot;,&quot;created_timestamp&quot;:&quot;0&quot;,&quot;copyright&quot;:&quot;&quot;,&quot;focal_length&quot;:&quot;0&quot;,&quot;iso&quot;:&quot;0&quot;,&quot;shutter_speed&quot;:&quot;0&quot;,&quot;title&quot;:&quot;&quot;,&quot;orientation&quot;:&quot;0&quot;}\" data-image-title=\"Das Flachmoor Neeracherried\" data-image-description=\"\" data-image-caption=\"&lt;p&gt;Das Flachmoor Neeracherried&lt;\/p&gt;\n\" data-large-file=\"https:\/\/i0.wp.com\/idnu.ch\/wordpress\/wp-content\/uploads\/2014\/04\/neerach-70.jpg?fit=750%2C500&amp;ssl=1\" class=\"size-full wp-image-6366\" src=\"https:\/\/i0.wp.com\/idnu.ch\/wordpress\/wp-content\/uploads\/2014\/04\/neerach-70.jpg?resize=750%2C500&#038;ssl=1\" alt=\"Das Flachmoor Neeracherried\" width=\"750\" height=\"500\" srcset=\"https:\/\/i0.wp.com\/idnu.ch\/wordpress\/wp-content\/uploads\/2014\/04\/neerach-70.jpg?w=800&amp;ssl=1 800w, https:\/\/i0.wp.com\/idnu.ch\/wordpress\/wp-content\/uploads\/2014\/04\/neerach-70.jpg?resize=300%2C200&amp;ssl=1 300w, https:\/\/i0.wp.com\/idnu.ch\/wordpress\/wp-content\/uploads\/2014\/04\/neerach-70.jpg?resize=768%2C512&amp;ssl=1 768w, https:\/\/i0.wp.com\/idnu.ch\/wordpress\/wp-content\/uploads\/2014\/04\/neerach-70.jpg?resize=150%2C100&amp;ssl=1 150w\" sizes=\"auto, (max-width: 750px) 100vw, 750px\" \/><figcaption id=\"caption-attachment-6366\" class=\"wp-caption-text\">Das Flachmoor Neeracherried<\/figcaption><\/figure>\n<p>Eine Sendung von Einstein, der Wissenssendung von SRF, konnte auch unseren Gipstr\u00e4ger \u00fcberzeugen. Auszuprobieren gab es dort n\u00e4mlich einen Vogelflugsimulator: Man legt sich auf ein Ger\u00fcst, das sich je nach Fluglage neigt, setzt eine 3D-Brille auf und verwandelt sich dann so in einen Vogel. Und tats\u00e4chlich: Man f\u00fchlt sich dann wirklich wie ein Vogel, die Arme werden zu Fl\u00fcgel, man schwebt \u00fcber Landschaften, kann im Sturzflug nach unten stechen und auch landen. Oder abst\u00fcrzen.<\/p>\n<div class=\"tiled-gallery type-rectangular tiled-gallery-unresized\" data-original-width=\"750\" data-carousel-extra='{&quot;blog_id&quot;:1,&quot;permalink&quot;:&quot;https:\\\/\\\/idnu.ch\\\/wordpress\\\/fliegen-wie-ein-vogel\\\/&quot;,&quot;likes_blog_id&quot;:100184974}' itemscope itemtype=\"http:\/\/schema.org\/ImageGallery\" > <div class=\"gallery-row\" style=\"width: 750px; height: 251px;\" data-original-width=\"750\" data-original-height=\"251\" > <div class=\"gallery-group images-1\" style=\"width: 375px; height: 251px;\" data-original-width=\"375\" data-original-height=\"251\" > <div class=\"tiled-gallery-item tiled-gallery-item-large\" itemprop=\"associatedMedia\" itemscope itemtype=\"http:\/\/schema.org\/ImageObject\"> <a href=\"https:\/\/idnu.ch\/wordpress\/fliegen-wie-ein-vogel\/neerach-4\/#main\" border=\"0\" itemprop=\"url\"> <meta itemprop=\"width\" content=\"371\"> <meta itemprop=\"height\" content=\"247\"> <img decoding=\"async\" class=\"\" data-attachment-id=\"6347\" data-orig-file=\"https:\/\/idnu.ch\/wordpress\/wp-content\/uploads\/2014\/04\/neerach-4.jpg\" data-orig-size=\"800,533\" data-comments-opened=\"1\" data-image-meta=\"{&quot;aperture&quot;:&quot;0&quot;,&quot;credit&quot;:&quot;&quot;,&quot;camera&quot;:&quot;&quot;,&quot;caption&quot;:&quot;&quot;,&quot;created_timestamp&quot;:&quot;0&quot;,&quot;copyright&quot;:&quot;&quot;,&quot;focal_length&quot;:&quot;0&quot;,&quot;iso&quot;:&quot;0&quot;,&quot;shutter_speed&quot;:&quot;0&quot;,&quot;title&quot;:&quot;&quot;,&quot;orientation&quot;:&quot;0&quot;}\" data-image-title=\"neerach-4\" data-image-description=\"\" data-medium-file=\"https:\/\/i0.wp.com\/idnu.ch\/wordpress\/wp-content\/uploads\/2014\/04\/neerach-4.jpg?fit=300%2C200&#038;ssl=1\" data-large-file=\"https:\/\/i0.wp.com\/idnu.ch\/wordpress\/wp-content\/uploads\/2014\/04\/neerach-4.jpg?fit=750%2C500&#038;ssl=1\" src=\"https:\/\/i0.wp.com\/idnu.ch\/wordpress\/wp-content\/uploads\/2014\/04\/neerach-4.jpg?w=371&#038;h=247&#038;ssl=1\" srcset=\"https:\/\/i0.wp.com\/idnu.ch\/wordpress\/wp-content\/uploads\/2014\/04\/neerach-4.jpg?w=800&amp;ssl=1 800w, https:\/\/i0.wp.com\/idnu.ch\/wordpress\/wp-content\/uploads\/2014\/04\/neerach-4.jpg?resize=300%2C200&amp;ssl=1 300w, https:\/\/i0.wp.com\/idnu.ch\/wordpress\/wp-content\/uploads\/2014\/04\/neerach-4.jpg?resize=768%2C512&amp;ssl=1 768w, https:\/\/i0.wp.com\/idnu.ch\/wordpress\/wp-content\/uploads\/2014\/04\/neerach-4.jpg?resize=150%2C100&amp;ssl=1 150w\" width=\"371\" height=\"247\" loading=\"lazy\" data-original-width=\"371\" data-original-height=\"247\" itemprop=\"http:\/\/schema.org\/image\" title=\"neerach-4\" alt=\"neerach-4\" style=\"width: 371px; height: 247px;\" \/> <\/a> <\/div> <\/div> <!-- close group --> <div class=\"gallery-group images-1\" style=\"width: 375px; height: 251px;\" data-original-width=\"375\" data-original-height=\"251\" > <div class=\"tiled-gallery-item tiled-gallery-item-large\" itemprop=\"associatedMedia\" itemscope itemtype=\"http:\/\/schema.org\/ImageObject\"> <a href=\"https:\/\/idnu.ch\/wordpress\/fliegen-wie-ein-vogel\/neerach-5\/#main\" border=\"0\" itemprop=\"url\"> <meta itemprop=\"width\" content=\"371\"> <meta itemprop=\"height\" content=\"247\"> <img decoding=\"async\" class=\"\" data-attachment-id=\"6348\" data-orig-file=\"https:\/\/idnu.ch\/wordpress\/wp-content\/uploads\/2014\/04\/neerach-5.jpg\" data-orig-size=\"800,533\" data-comments-opened=\"1\" data-image-meta=\"{&quot;aperture&quot;:&quot;0&quot;,&quot;credit&quot;:&quot;&quot;,&quot;camera&quot;:&quot;&quot;,&quot;caption&quot;:&quot;&quot;,&quot;created_timestamp&quot;:&quot;0&quot;,&quot;copyright&quot;:&quot;&quot;,&quot;focal_length&quot;:&quot;0&quot;,&quot;iso&quot;:&quot;0&quot;,&quot;shutter_speed&quot;:&quot;0&quot;,&quot;title&quot;:&quot;&quot;,&quot;orientation&quot;:&quot;0&quot;}\" data-image-title=\"neerach-5\" data-image-description=\"\" data-medium-file=\"https:\/\/i0.wp.com\/idnu.ch\/wordpress\/wp-content\/uploads\/2014\/04\/neerach-5.jpg?fit=300%2C200&#038;ssl=1\" data-large-file=\"https:\/\/i0.wp.com\/idnu.ch\/wordpress\/wp-content\/uploads\/2014\/04\/neerach-5.jpg?fit=750%2C500&#038;ssl=1\" src=\"https:\/\/i0.wp.com\/idnu.ch\/wordpress\/wp-content\/uploads\/2014\/04\/neerach-5.jpg?w=371&#038;h=247&#038;ssl=1\" srcset=\"https:\/\/i0.wp.com\/idnu.ch\/wordpress\/wp-content\/uploads\/2014\/04\/neerach-5.jpg?w=800&amp;ssl=1 800w, https:\/\/i0.wp.com\/idnu.ch\/wordpress\/wp-content\/uploads\/2014\/04\/neerach-5.jpg?resize=300%2C200&amp;ssl=1 300w, https:\/\/i0.wp.com\/idnu.ch\/wordpress\/wp-content\/uploads\/2014\/04\/neerach-5.jpg?resize=768%2C512&amp;ssl=1 768w, https:\/\/i0.wp.com\/idnu.ch\/wordpress\/wp-content\/uploads\/2014\/04\/neerach-5.jpg?resize=150%2C100&amp;ssl=1 150w\" width=\"371\" height=\"247\" loading=\"lazy\" data-original-width=\"371\" data-original-height=\"247\" itemprop=\"http:\/\/schema.org\/image\" title=\"neerach-5\" alt=\"neerach-5\" style=\"width: 371px; height: 247px;\" \/> <\/a> <\/div> <\/div> <!-- close group --> <\/div> <!-- close row --> <\/div>\n<p>Der Vogelflugsimulator ist Teil der Sonderausstellung &#8222;Fliegen wie die V\u00f6gel&#8220;. Dazu geh\u00f6rt auch der 15-min\u00fctige Film &#8222;Faszination Vogelflug&#8220;. Und er ist wirklich F-A-S-Z-I-N-I-E-R-E-N-D! Der Mensch kann zwar inzwischen mit Hilfe von Flugzeugen und anderen Ger\u00e4ten auch fliegen, aber die Eleganz und Vollkommenheit der V\u00f6gel wird er niemals erreichen.<\/p>\n<p>Weitere Posten in der Ausstellung liefern Infos zur Physik und Biologie des Vogelfluges. An der Decke h\u00e4ngen verschiedene Pr\u00e4parate, vom winzigen Kolibri bis zum riesigen M\u00f6nchsgeier, die zeigen, wie sich die V\u00f6gel an die verschiedenen Bedingungen angepasst haben.<\/p>\n<div class=\"tiled-gallery type-rectangular tiled-gallery-unresized\" data-original-width=\"750\" data-carousel-extra='{&quot;blog_id&quot;:1,&quot;permalink&quot;:&quot;https:\\\/\\\/idnu.ch\\\/wordpress\\\/fliegen-wie-ein-vogel\\\/&quot;,&quot;likes_blog_id&quot;:100184974}' itemscope itemtype=\"http:\/\/schema.org\/ImageGallery\" > <div class=\"gallery-row\" style=\"width: 750px; height: 251px;\" data-original-width=\"750\" data-original-height=\"251\" > <div class=\"gallery-group images-1\" style=\"width: 375px; height: 251px;\" data-original-width=\"375\" data-original-height=\"251\" > <div class=\"tiled-gallery-item tiled-gallery-item-large\" itemprop=\"associatedMedia\" itemscope itemtype=\"http:\/\/schema.org\/ImageObject\"> <a href=\"https:\/\/idnu.ch\/wordpress\/fliegen-wie-ein-vogel\/neerach-67\/#main\" border=\"0\" itemprop=\"url\"> <meta itemprop=\"width\" content=\"371\"> <meta itemprop=\"height\" content=\"247\"> <img decoding=\"async\" class=\"\" data-attachment-id=\"6363\" data-orig-file=\"https:\/\/idnu.ch\/wordpress\/wp-content\/uploads\/2014\/04\/neerach-67.jpg\" data-orig-size=\"800,533\" data-comments-opened=\"1\" data-image-meta=\"{&quot;aperture&quot;:&quot;0&quot;,&quot;credit&quot;:&quot;&quot;,&quot;camera&quot;:&quot;&quot;,&quot;caption&quot;:&quot;&quot;,&quot;created_timestamp&quot;:&quot;0&quot;,&quot;copyright&quot;:&quot;&quot;,&quot;focal_length&quot;:&quot;0&quot;,&quot;iso&quot;:&quot;0&quot;,&quot;shutter_speed&quot;:&quot;0&quot;,&quot;title&quot;:&quot;&quot;,&quot;orientation&quot;:&quot;0&quot;}\" data-image-title=\"neerach-67\" data-image-description=\"\" data-medium-file=\"https:\/\/i0.wp.com\/idnu.ch\/wordpress\/wp-content\/uploads\/2014\/04\/neerach-67.jpg?fit=300%2C200&#038;ssl=1\" data-large-file=\"https:\/\/i0.wp.com\/idnu.ch\/wordpress\/wp-content\/uploads\/2014\/04\/neerach-67.jpg?fit=750%2C500&#038;ssl=1\" src=\"https:\/\/i0.wp.com\/idnu.ch\/wordpress\/wp-content\/uploads\/2014\/04\/neerach-67.jpg?w=371&#038;h=247&#038;ssl=1\" srcset=\"https:\/\/i0.wp.com\/idnu.ch\/wordpress\/wp-content\/uploads\/2014\/04\/neerach-67.jpg?w=800&amp;ssl=1 800w, https:\/\/i0.wp.com\/idnu.ch\/wordpress\/wp-content\/uploads\/2014\/04\/neerach-67.jpg?resize=300%2C200&amp;ssl=1 300w, https:\/\/i0.wp.com\/idnu.ch\/wordpress\/wp-content\/uploads\/2014\/04\/neerach-67.jpg?resize=768%2C512&amp;ssl=1 768w, https:\/\/i0.wp.com\/idnu.ch\/wordpress\/wp-content\/uploads\/2014\/04\/neerach-67.jpg?resize=150%2C100&amp;ssl=1 150w\" width=\"371\" height=\"247\" loading=\"lazy\" data-original-width=\"371\" data-original-height=\"247\" itemprop=\"http:\/\/schema.org\/image\" title=\"neerach-67\" alt=\"neerach-67\" style=\"width: 371px; height: 247px;\" \/> <\/a> <\/div> <\/div> <!-- close group --> <div class=\"gallery-group images-1\" style=\"width: 375px; height: 251px;\" data-original-width=\"375\" data-original-height=\"251\" > <div class=\"tiled-gallery-item tiled-gallery-item-large\" itemprop=\"associatedMedia\" itemscope itemtype=\"http:\/\/schema.org\/ImageObject\"> <a href=\"https:\/\/idnu.ch\/wordpress\/fliegen-wie-ein-vogel\/neerach-68\/#main\" border=\"0\" itemprop=\"url\"> <meta itemprop=\"width\" content=\"371\"> <meta itemprop=\"height\" content=\"247\"> <img decoding=\"async\" class=\"\" data-attachment-id=\"6364\" data-orig-file=\"https:\/\/idnu.ch\/wordpress\/wp-content\/uploads\/2014\/04\/neerach-68.jpg\" data-orig-size=\"800,533\" data-comments-opened=\"1\" data-image-meta=\"{&quot;aperture&quot;:&quot;0&quot;,&quot;credit&quot;:&quot;&quot;,&quot;camera&quot;:&quot;&quot;,&quot;caption&quot;:&quot;&quot;,&quot;created_timestamp&quot;:&quot;0&quot;,&quot;copyright&quot;:&quot;&quot;,&quot;focal_length&quot;:&quot;0&quot;,&quot;iso&quot;:&quot;0&quot;,&quot;shutter_speed&quot;:&quot;0&quot;,&quot;title&quot;:&quot;&quot;,&quot;orientation&quot;:&quot;0&quot;}\" data-image-title=\"neerach-68\" data-image-description=\"\" data-medium-file=\"https:\/\/i0.wp.com\/idnu.ch\/wordpress\/wp-content\/uploads\/2014\/04\/neerach-68.jpg?fit=300%2C200&#038;ssl=1\" data-large-file=\"https:\/\/i0.wp.com\/idnu.ch\/wordpress\/wp-content\/uploads\/2014\/04\/neerach-68.jpg?fit=750%2C500&#038;ssl=1\" src=\"https:\/\/i0.wp.com\/idnu.ch\/wordpress\/wp-content\/uploads\/2014\/04\/neerach-68.jpg?w=371&#038;h=247&#038;ssl=1\" srcset=\"https:\/\/i0.wp.com\/idnu.ch\/wordpress\/wp-content\/uploads\/2014\/04\/neerach-68.jpg?w=800&amp;ssl=1 800w, https:\/\/i0.wp.com\/idnu.ch\/wordpress\/wp-content\/uploads\/2014\/04\/neerach-68.jpg?resize=300%2C200&amp;ssl=1 300w, https:\/\/i0.wp.com\/idnu.ch\/wordpress\/wp-content\/uploads\/2014\/04\/neerach-68.jpg?resize=768%2C512&amp;ssl=1 768w, https:\/\/i0.wp.com\/idnu.ch\/wordpress\/wp-content\/uploads\/2014\/04\/neerach-68.jpg?resize=150%2C100&amp;ssl=1 150w\" width=\"371\" height=\"247\" loading=\"lazy\" data-original-width=\"371\" data-original-height=\"247\" itemprop=\"http:\/\/schema.org\/image\" title=\"neerach-68\" alt=\"neerach-68\" style=\"width: 371px; height: 247px;\" \/> <\/a> <\/div> <\/div> <!-- close group --> <\/div> <!-- close row --> <\/div>\n<p>Die Dauerausstellung zeigt den Lebensraum Ried. Weiter sind die wichtigsten Bewohner ausgestellt, dargestellt in einem Diorama:<\/p>\n<div class=\"tiled-gallery type-rectangular tiled-gallery-unresized\" data-original-width=\"750\" data-carousel-extra='{&quot;blog_id&quot;:1,&quot;permalink&quot;:&quot;https:\\\/\\\/idnu.ch\\\/wordpress\\\/fliegen-wie-ein-vogel\\\/&quot;,&quot;likes_blog_id&quot;:100184974}' itemscope itemtype=\"http:\/\/schema.org\/ImageGallery\" > <div class=\"gallery-row\" style=\"width: 750px; height: 251px;\" data-original-width=\"750\" data-original-height=\"251\" > <div class=\"gallery-group images-1\" style=\"width: 375px; height: 251px;\" data-original-width=\"375\" data-original-height=\"251\" > <div class=\"tiled-gallery-item tiled-gallery-item-large\" itemprop=\"associatedMedia\" itemscope itemtype=\"http:\/\/schema.org\/ImageObject\"> <a href=\"https:\/\/idnu.ch\/wordpress\/fliegen-wie-ein-vogel\/neerach-1\/#main\" border=\"0\" itemprop=\"url\"> <meta itemprop=\"width\" content=\"371\"> <meta itemprop=\"height\" content=\"247\"> <img decoding=\"async\" class=\"\" data-attachment-id=\"6345\" data-orig-file=\"https:\/\/idnu.ch\/wordpress\/wp-content\/uploads\/2014\/04\/neerach-1.jpg\" data-orig-size=\"800,533\" data-comments-opened=\"1\" data-image-meta=\"{&quot;aperture&quot;:&quot;0&quot;,&quot;credit&quot;:&quot;&quot;,&quot;camera&quot;:&quot;&quot;,&quot;caption&quot;:&quot;&quot;,&quot;created_timestamp&quot;:&quot;0&quot;,&quot;copyright&quot;:&quot;&quot;,&quot;focal_length&quot;:&quot;0&quot;,&quot;iso&quot;:&quot;0&quot;,&quot;shutter_speed&quot;:&quot;0&quot;,&quot;title&quot;:&quot;&quot;,&quot;orientation&quot;:&quot;0&quot;}\" data-image-title=\"neerach-1\" data-image-description=\"\" data-medium-file=\"https:\/\/i0.wp.com\/idnu.ch\/wordpress\/wp-content\/uploads\/2014\/04\/neerach-1.jpg?fit=300%2C200&#038;ssl=1\" data-large-file=\"https:\/\/i0.wp.com\/idnu.ch\/wordpress\/wp-content\/uploads\/2014\/04\/neerach-1.jpg?fit=750%2C500&#038;ssl=1\" src=\"https:\/\/i0.wp.com\/idnu.ch\/wordpress\/wp-content\/uploads\/2014\/04\/neerach-1.jpg?w=371&#038;h=247&#038;ssl=1\" srcset=\"https:\/\/i0.wp.com\/idnu.ch\/wordpress\/wp-content\/uploads\/2014\/04\/neerach-1.jpg?w=800&amp;ssl=1 800w, https:\/\/i0.wp.com\/idnu.ch\/wordpress\/wp-content\/uploads\/2014\/04\/neerach-1.jpg?resize=300%2C200&amp;ssl=1 300w, https:\/\/i0.wp.com\/idnu.ch\/wordpress\/wp-content\/uploads\/2014\/04\/neerach-1.jpg?resize=768%2C512&amp;ssl=1 768w, https:\/\/i0.wp.com\/idnu.ch\/wordpress\/wp-content\/uploads\/2014\/04\/neerach-1.jpg?resize=150%2C100&amp;ssl=1 150w\" width=\"371\" height=\"247\" loading=\"lazy\" data-original-width=\"371\" data-original-height=\"247\" itemprop=\"http:\/\/schema.org\/image\" title=\"neerach-1\" alt=\"neerach-1\" style=\"width: 371px; height: 247px;\" \/> <\/a> <\/div> <\/div> <!-- close group --> <div class=\"gallery-group images-1\" style=\"width: 375px; height: 251px;\" data-original-width=\"375\" data-original-height=\"251\" > <div class=\"tiled-gallery-item tiled-gallery-item-large\" itemprop=\"associatedMedia\" itemscope itemtype=\"http:\/\/schema.org\/ImageObject\"> <a href=\"https:\/\/idnu.ch\/wordpress\/fliegen-wie-ein-vogel\/neerach-2\/#main\" border=\"0\" itemprop=\"url\"> <meta itemprop=\"width\" content=\"371\"> <meta itemprop=\"height\" content=\"247\"> <img decoding=\"async\" class=\"\" data-attachment-id=\"6346\" data-orig-file=\"https:\/\/idnu.ch\/wordpress\/wp-content\/uploads\/2014\/04\/neerach-2.jpg\" data-orig-size=\"800,533\" data-comments-opened=\"1\" data-image-meta=\"{&quot;aperture&quot;:&quot;0&quot;,&quot;credit&quot;:&quot;&quot;,&quot;camera&quot;:&quot;&quot;,&quot;caption&quot;:&quot;&quot;,&quot;created_timestamp&quot;:&quot;0&quot;,&quot;copyright&quot;:&quot;&quot;,&quot;focal_length&quot;:&quot;0&quot;,&quot;iso&quot;:&quot;0&quot;,&quot;shutter_speed&quot;:&quot;0&quot;,&quot;title&quot;:&quot;&quot;,&quot;orientation&quot;:&quot;0&quot;}\" data-image-title=\"neerach-2\" data-image-description=\"\" data-medium-file=\"https:\/\/i0.wp.com\/idnu.ch\/wordpress\/wp-content\/uploads\/2014\/04\/neerach-2.jpg?fit=300%2C200&#038;ssl=1\" data-large-file=\"https:\/\/i0.wp.com\/idnu.ch\/wordpress\/wp-content\/uploads\/2014\/04\/neerach-2.jpg?fit=750%2C500&#038;ssl=1\" src=\"https:\/\/i0.wp.com\/idnu.ch\/wordpress\/wp-content\/uploads\/2014\/04\/neerach-2.jpg?w=371&#038;h=247&#038;ssl=1\" srcset=\"https:\/\/i0.wp.com\/idnu.ch\/wordpress\/wp-content\/uploads\/2014\/04\/neerach-2.jpg?w=800&amp;ssl=1 800w, https:\/\/i0.wp.com\/idnu.ch\/wordpress\/wp-content\/uploads\/2014\/04\/neerach-2.jpg?resize=300%2C200&amp;ssl=1 300w, https:\/\/i0.wp.com\/idnu.ch\/wordpress\/wp-content\/uploads\/2014\/04\/neerach-2.jpg?resize=768%2C512&amp;ssl=1 768w, https:\/\/i0.wp.com\/idnu.ch\/wordpress\/wp-content\/uploads\/2014\/04\/neerach-2.jpg?resize=150%2C100&amp;ssl=1 150w\" width=\"371\" height=\"247\" loading=\"lazy\" data-original-width=\"371\" data-original-height=\"247\" itemprop=\"http:\/\/schema.org\/image\" title=\"neerach-2\" alt=\"neerach-2\" style=\"width: 371px; height: 247px;\" \/> <\/a> <\/div> <\/div> <!-- close group --> <\/div> <!-- close row --> <\/div>\n<p>Nun wird&#8217;s aber Zeit, nach draussen zu gehen. Auf einem Steg bewegen wir uns zwischen dem Schilf, erreichen dann eine Strauchzone, wo eine Nachtigall lauthals ihr Lied schmettert. Eine Maus huscht im Laub umher, im Teich jedoch ist nicht viel los. So steuern wir den ersten Hide an. Wir haben freien Blick auf einen kleinen See und die Brutinseln der Lachm\u00f6wen. Diese veranstalten einen Heidenl\u00e4rm.<\/p>\n<figure id=\"attachment_6349\" aria-describedby=\"caption-attachment-6349\" style=\"width: 800px\" class=\"wp-caption aligncenter\"><img data-recalc-dims=\"1\" loading=\"lazy\" decoding=\"async\" data-attachment-id=\"6349\" data-permalink=\"https:\/\/idnu.ch\/wordpress\/fliegen-wie-ein-vogel\/neerach-9\/#main\" data-orig-file=\"https:\/\/i0.wp.com\/idnu.ch\/wordpress\/wp-content\/uploads\/2014\/04\/neerach-9.jpg?fit=800%2C533&amp;ssl=1\" data-orig-size=\"800,533\" data-comments-opened=\"1\" data-image-meta=\"{&quot;aperture&quot;:&quot;0&quot;,&quot;credit&quot;:&quot;&quot;,&quot;camera&quot;:&quot;&quot;,&quot;caption&quot;:&quot;&quot;,&quot;created_timestamp&quot;:&quot;0&quot;,&quot;copyright&quot;:&quot;&quot;,&quot;focal_length&quot;:&quot;0&quot;,&quot;iso&quot;:&quot;0&quot;,&quot;shutter_speed&quot;:&quot;0&quot;,&quot;title&quot;:&quot;&quot;,&quot;orientation&quot;:&quot;0&quot;}\" data-image-title=\"Die Brutinseln der Lachm\u00f6wen\" data-image-description=\"\" data-image-caption=\"&lt;p&gt;Die Brutinseln der Lachm\u00f6wen&lt;\/p&gt;\n\" data-large-file=\"https:\/\/i0.wp.com\/idnu.ch\/wordpress\/wp-content\/uploads\/2014\/04\/neerach-9.jpg?fit=750%2C500&amp;ssl=1\" class=\"size-full wp-image-6349\" src=\"https:\/\/i0.wp.com\/idnu.ch\/wordpress\/wp-content\/uploads\/2014\/04\/neerach-9.jpg?resize=750%2C500&#038;ssl=1\" alt=\"Die Brutinseln der Lachm\u00f6wen\" width=\"750\" height=\"500\" srcset=\"https:\/\/i0.wp.com\/idnu.ch\/wordpress\/wp-content\/uploads\/2014\/04\/neerach-9.jpg?w=800&amp;ssl=1 800w, https:\/\/i0.wp.com\/idnu.ch\/wordpress\/wp-content\/uploads\/2014\/04\/neerach-9.jpg?resize=300%2C200&amp;ssl=1 300w, https:\/\/i0.wp.com\/idnu.ch\/wordpress\/wp-content\/uploads\/2014\/04\/neerach-9.jpg?resize=768%2C512&amp;ssl=1 768w, https:\/\/i0.wp.com\/idnu.ch\/wordpress\/wp-content\/uploads\/2014\/04\/neerach-9.jpg?resize=150%2C100&amp;ssl=1 150w\" sizes=\"auto, (max-width: 750px) 100vw, 750px\" \/><figcaption id=\"caption-attachment-6349\" class=\"wp-caption-text\">Die Brutinseln der Lachm\u00f6wen<\/figcaption><\/figure>\n<p>Auch ein Paar Mittelmeerm\u00f6wen ist am Br\u00fcten, Bl\u00e4ssh\u00fchner und Stockenten rudern umher, weit hinten ist eine Rohrweihe auf Nahrungssuche. Sonst ist aber nicht viel los hier. Wir gehen deshalb weiter zum n\u00e4chsten Hide. Hier blicken wir auf einen anderen Teil des Sees und auf die Riedwiese. Hier ist es ungleich spannender. Kiebitze flattern umher wie Schmetterlinge, Lachm\u00f6wen kreischen auch hier, im Sumpf stochern Bekassinen mit ihren langen Schn\u00e4beln nach Fressbarem.<\/p>\n<div class=\"tiled-gallery type-rectangular tiled-gallery-unresized\" data-original-width=\"750\" data-carousel-extra='{&quot;blog_id&quot;:1,&quot;permalink&quot;:&quot;https:\\\/\\\/idnu.ch\\\/wordpress\\\/fliegen-wie-ein-vogel\\\/&quot;,&quot;likes_blog_id&quot;:100184974}' itemscope itemtype=\"http:\/\/schema.org\/ImageGallery\" > <div class=\"gallery-row\" style=\"width: 750px; height: 335px;\" data-original-width=\"750\" data-original-height=\"335\" > <div class=\"gallery-group images-1\" style=\"width: 501px; height: 335px;\" data-original-width=\"501\" data-original-height=\"335\" > <div class=\"tiled-gallery-item tiled-gallery-item-large\" itemprop=\"associatedMedia\" itemscope itemtype=\"http:\/\/schema.org\/ImageObject\"> <a href=\"https:\/\/idnu.ch\/wordpress\/fliegen-wie-ein-vogel\/neerach-11\/#main\" border=\"0\" itemprop=\"url\"> <meta itemprop=\"width\" content=\"497\"> <meta itemprop=\"height\" content=\"331\"> <img decoding=\"async\" class=\"\" data-attachment-id=\"6350\" data-orig-file=\"https:\/\/idnu.ch\/wordpress\/wp-content\/uploads\/2014\/04\/neerach-11.jpg\" data-orig-size=\"800,533\" data-comments-opened=\"1\" data-image-meta=\"{&quot;aperture&quot;:&quot;0&quot;,&quot;credit&quot;:&quot;&quot;,&quot;camera&quot;:&quot;&quot;,&quot;caption&quot;:&quot;&quot;,&quot;created_timestamp&quot;:&quot;0&quot;,&quot;copyright&quot;:&quot;&quot;,&quot;focal_length&quot;:&quot;0&quot;,&quot;iso&quot;:&quot;0&quot;,&quot;shutter_speed&quot;:&quot;0&quot;,&quot;title&quot;:&quot;&quot;,&quot;orientation&quot;:&quot;0&quot;}\" data-image-title=\"Kiebitz\" data-image-description=\"\" data-medium-file=\"https:\/\/i0.wp.com\/idnu.ch\/wordpress\/wp-content\/uploads\/2014\/04\/neerach-11.jpg?fit=300%2C200&#038;ssl=1\" data-large-file=\"https:\/\/i0.wp.com\/idnu.ch\/wordpress\/wp-content\/uploads\/2014\/04\/neerach-11.jpg?fit=750%2C500&#038;ssl=1\" src=\"https:\/\/i0.wp.com\/idnu.ch\/wordpress\/wp-content\/uploads\/2014\/04\/neerach-11.jpg?w=497&#038;h=331&#038;ssl=1\" srcset=\"https:\/\/i0.wp.com\/idnu.ch\/wordpress\/wp-content\/uploads\/2014\/04\/neerach-11.jpg?w=800&amp;ssl=1 800w, https:\/\/i0.wp.com\/idnu.ch\/wordpress\/wp-content\/uploads\/2014\/04\/neerach-11.jpg?resize=300%2C200&amp;ssl=1 300w, https:\/\/i0.wp.com\/idnu.ch\/wordpress\/wp-content\/uploads\/2014\/04\/neerach-11.jpg?resize=768%2C512&amp;ssl=1 768w, https:\/\/i0.wp.com\/idnu.ch\/wordpress\/wp-content\/uploads\/2014\/04\/neerach-11.jpg?resize=150%2C100&amp;ssl=1 150w\" width=\"497\" height=\"331\" loading=\"lazy\" data-original-width=\"497\" data-original-height=\"331\" itemprop=\"http:\/\/schema.org\/image\" title=\"Kiebitz\" alt=\"Kiebitz\" style=\"width: 497px; height: 331px;\" \/> <\/a> <\/div> <\/div> <!-- close group --> <div class=\"gallery-group images-2\" style=\"width: 249px; height: 335px;\" data-original-width=\"249\" data-original-height=\"335\" > <div class=\"tiled-gallery-item tiled-gallery-item-small\" itemprop=\"associatedMedia\" itemscope itemtype=\"http:\/\/schema.org\/ImageObject\"> <a href=\"https:\/\/idnu.ch\/wordpress\/fliegen-wie-ein-vogel\/neerach-21\/#main\" border=\"0\" itemprop=\"url\"> <meta itemprop=\"width\" content=\"245\"> <meta itemprop=\"height\" content=\"164\"> <img decoding=\"async\" class=\"\" data-attachment-id=\"6351\" data-orig-file=\"https:\/\/idnu.ch\/wordpress\/wp-content\/uploads\/2014\/04\/neerach-21.jpg\" data-orig-size=\"800,533\" data-comments-opened=\"1\" data-image-meta=\"{&quot;aperture&quot;:&quot;0&quot;,&quot;credit&quot;:&quot;&quot;,&quot;camera&quot;:&quot;&quot;,&quot;caption&quot;:&quot;&quot;,&quot;created_timestamp&quot;:&quot;0&quot;,&quot;copyright&quot;:&quot;&quot;,&quot;focal_length&quot;:&quot;0&quot;,&quot;iso&quot;:&quot;0&quot;,&quot;shutter_speed&quot;:&quot;0&quot;,&quot;title&quot;:&quot;&quot;,&quot;orientation&quot;:&quot;0&quot;}\" data-image-title=\"Kiebitz\" data-image-description=\"\" data-medium-file=\"https:\/\/i0.wp.com\/idnu.ch\/wordpress\/wp-content\/uploads\/2014\/04\/neerach-21.jpg?fit=300%2C200&#038;ssl=1\" data-large-file=\"https:\/\/i0.wp.com\/idnu.ch\/wordpress\/wp-content\/uploads\/2014\/04\/neerach-21.jpg?fit=750%2C500&#038;ssl=1\" src=\"https:\/\/i0.wp.com\/idnu.ch\/wordpress\/wp-content\/uploads\/2014\/04\/neerach-21.jpg?w=245&#038;h=164&#038;ssl=1\" srcset=\"https:\/\/i0.wp.com\/idnu.ch\/wordpress\/wp-content\/uploads\/2014\/04\/neerach-21.jpg?w=800&amp;ssl=1 800w, https:\/\/i0.wp.com\/idnu.ch\/wordpress\/wp-content\/uploads\/2014\/04\/neerach-21.jpg?resize=300%2C200&amp;ssl=1 300w, https:\/\/i0.wp.com\/idnu.ch\/wordpress\/wp-content\/uploads\/2014\/04\/neerach-21.jpg?resize=768%2C512&amp;ssl=1 768w, https:\/\/i0.wp.com\/idnu.ch\/wordpress\/wp-content\/uploads\/2014\/04\/neerach-21.jpg?resize=150%2C100&amp;ssl=1 150w\" width=\"245\" height=\"164\" loading=\"lazy\" data-original-width=\"245\" data-original-height=\"164\" itemprop=\"http:\/\/schema.org\/image\" title=\"Kiebitz\" alt=\"Kiebitz\" style=\"width: 245px; height: 164px;\" \/> <\/a> <\/div> <div class=\"tiled-gallery-item tiled-gallery-item-small\" itemprop=\"associatedMedia\" itemscope itemtype=\"http:\/\/schema.org\/ImageObject\"> <a href=\"https:\/\/idnu.ch\/wordpress\/fliegen-wie-ein-vogel\/neerach-29\/#main\" border=\"0\" itemprop=\"url\"> <meta itemprop=\"width\" content=\"245\"> <meta itemprop=\"height\" content=\"163\"> <img decoding=\"async\" class=\"\" data-attachment-id=\"6353\" data-orig-file=\"https:\/\/idnu.ch\/wordpress\/wp-content\/uploads\/2014\/04\/neerach-29.jpg\" data-orig-size=\"800,533\" data-comments-opened=\"1\" data-image-meta=\"{&quot;aperture&quot;:&quot;0&quot;,&quot;credit&quot;:&quot;&quot;,&quot;camera&quot;:&quot;&quot;,&quot;caption&quot;:&quot;&quot;,&quot;created_timestamp&quot;:&quot;0&quot;,&quot;copyright&quot;:&quot;&quot;,&quot;focal_length&quot;:&quot;0&quot;,&quot;iso&quot;:&quot;0&quot;,&quot;shutter_speed&quot;:&quot;0&quot;,&quot;title&quot;:&quot;&quot;,&quot;orientation&quot;:&quot;0&quot;}\" data-image-title=\"Lachm\u00f6we\" data-image-description=\"\" data-medium-file=\"https:\/\/i0.wp.com\/idnu.ch\/wordpress\/wp-content\/uploads\/2014\/04\/neerach-29.jpg?fit=300%2C200&#038;ssl=1\" data-large-file=\"https:\/\/i0.wp.com\/idnu.ch\/wordpress\/wp-content\/uploads\/2014\/04\/neerach-29.jpg?fit=750%2C500&#038;ssl=1\" src=\"https:\/\/i0.wp.com\/idnu.ch\/wordpress\/wp-content\/uploads\/2014\/04\/neerach-29.jpg?w=245&#038;h=163&#038;ssl=1\" srcset=\"https:\/\/i0.wp.com\/idnu.ch\/wordpress\/wp-content\/uploads\/2014\/04\/neerach-29.jpg?w=800&amp;ssl=1 800w, https:\/\/i0.wp.com\/idnu.ch\/wordpress\/wp-content\/uploads\/2014\/04\/neerach-29.jpg?resize=300%2C200&amp;ssl=1 300w, https:\/\/i0.wp.com\/idnu.ch\/wordpress\/wp-content\/uploads\/2014\/04\/neerach-29.jpg?resize=768%2C512&amp;ssl=1 768w, https:\/\/i0.wp.com\/idnu.ch\/wordpress\/wp-content\/uploads\/2014\/04\/neerach-29.jpg?resize=150%2C100&amp;ssl=1 150w\" width=\"245\" height=\"163\" loading=\"lazy\" data-original-width=\"245\" data-original-height=\"163\" itemprop=\"http:\/\/schema.org\/image\" title=\"Lachm\u00f6we\" alt=\"Lachm\u00f6we\" style=\"width: 245px; height: 163px;\" \/> <\/a> <\/div> <\/div> <!-- close group --> <\/div> <!-- close row --> <div class=\"gallery-row\" style=\"width: 750px; height: 501px;\" data-original-width=\"750\" data-original-height=\"501\" > <div class=\"gallery-group images-1\" style=\"width: 750px; height: 501px;\" data-original-width=\"750\" data-original-height=\"501\" > <div class=\"tiled-gallery-item tiled-gallery-item-large\" itemprop=\"associatedMedia\" itemscope itemtype=\"http:\/\/schema.org\/ImageObject\"> <a href=\"https:\/\/idnu.ch\/wordpress\/fliegen-wie-ein-vogel\/neerach-30\/#main\" border=\"0\" itemprop=\"url\"> <meta itemprop=\"width\" content=\"746\"> <meta itemprop=\"height\" content=\"497\"> <img decoding=\"async\" class=\"\" data-attachment-id=\"6354\" data-orig-file=\"https:\/\/idnu.ch\/wordpress\/wp-content\/uploads\/2014\/04\/neerach-30.jpg\" data-orig-size=\"800,533\" data-comments-opened=\"1\" data-image-meta=\"{&quot;aperture&quot;:&quot;0&quot;,&quot;credit&quot;:&quot;&quot;,&quot;camera&quot;:&quot;&quot;,&quot;caption&quot;:&quot;&quot;,&quot;created_timestamp&quot;:&quot;0&quot;,&quot;copyright&quot;:&quot;&quot;,&quot;focal_length&quot;:&quot;0&quot;,&quot;iso&quot;:&quot;0&quot;,&quot;shutter_speed&quot;:&quot;0&quot;,&quot;title&quot;:&quot;&quot;,&quot;orientation&quot;:&quot;0&quot;}\" data-image-title=\"Lachm\u00f6we\" data-image-description=\"\" data-medium-file=\"https:\/\/i0.wp.com\/idnu.ch\/wordpress\/wp-content\/uploads\/2014\/04\/neerach-30.jpg?fit=300%2C200&#038;ssl=1\" data-large-file=\"https:\/\/i0.wp.com\/idnu.ch\/wordpress\/wp-content\/uploads\/2014\/04\/neerach-30.jpg?fit=750%2C500&#038;ssl=1\" src=\"https:\/\/i0.wp.com\/idnu.ch\/wordpress\/wp-content\/uploads\/2014\/04\/neerach-30.jpg?w=746&#038;h=497&#038;ssl=1\" srcset=\"https:\/\/i0.wp.com\/idnu.ch\/wordpress\/wp-content\/uploads\/2014\/04\/neerach-30.jpg?w=800&amp;ssl=1 800w, https:\/\/i0.wp.com\/idnu.ch\/wordpress\/wp-content\/uploads\/2014\/04\/neerach-30.jpg?resize=300%2C200&amp;ssl=1 300w, https:\/\/i0.wp.com\/idnu.ch\/wordpress\/wp-content\/uploads\/2014\/04\/neerach-30.jpg?resize=768%2C512&amp;ssl=1 768w, https:\/\/i0.wp.com\/idnu.ch\/wordpress\/wp-content\/uploads\/2014\/04\/neerach-30.jpg?resize=150%2C100&amp;ssl=1 150w\" width=\"746\" height=\"497\" loading=\"lazy\" data-original-width=\"746\" data-original-height=\"497\" itemprop=\"http:\/\/schema.org\/image\" title=\"Lachm\u00f6we\" alt=\"Lachm\u00f6we\" style=\"width: 746px; height: 497px;\" \/> <\/a> <\/div> <\/div> <!-- close group --> <\/div> <!-- close row --> <\/div>\n<p>Die Kiebitze setzen sich gegen jedweden Eindringling zur Wehr, sei es eine Rabenkr\u00e4he, eine M\u00f6we, eine Rohrweihe oder gar ein Rotmilan. Wir sind nicht die einzigen, die dem Schauspiel fasziniert beiwohnen. Der Hide ist fast voll.<\/p>\n<div class=\"tiled-gallery type-rectangular tiled-gallery-unresized\" data-original-width=\"750\" data-carousel-extra='{&quot;blog_id&quot;:1,&quot;permalink&quot;:&quot;https:\\\/\\\/idnu.ch\\\/wordpress\\\/fliegen-wie-ein-vogel\\\/&quot;,&quot;likes_blog_id&quot;:100184974}' itemscope itemtype=\"http:\/\/schema.org\/ImageGallery\" > <div class=\"gallery-row\" style=\"width: 750px; height: 251px;\" data-original-width=\"750\" data-original-height=\"251\" > <div class=\"gallery-group images-1\" style=\"width: 375px; height: 251px;\" data-original-width=\"375\" data-original-height=\"251\" > <div class=\"tiled-gallery-item tiled-gallery-item-large\" itemprop=\"associatedMedia\" itemscope itemtype=\"http:\/\/schema.org\/ImageObject\"> <a href=\"https:\/\/idnu.ch\/wordpress\/fliegen-wie-ein-vogel\/neerach-58\/#main\" border=\"0\" itemprop=\"url\"> <meta itemprop=\"width\" content=\"371\"> <meta itemprop=\"height\" content=\"247\"> <img decoding=\"async\" class=\"\" data-attachment-id=\"6357\" data-orig-file=\"https:\/\/idnu.ch\/wordpress\/wp-content\/uploads\/2014\/04\/neerach-58.jpg\" data-orig-size=\"800,533\" data-comments-opened=\"1\" data-image-meta=\"{&quot;aperture&quot;:&quot;0&quot;,&quot;credit&quot;:&quot;&quot;,&quot;camera&quot;:&quot;&quot;,&quot;caption&quot;:&quot;&quot;,&quot;created_timestamp&quot;:&quot;0&quot;,&quot;copyright&quot;:&quot;&quot;,&quot;focal_length&quot;:&quot;0&quot;,&quot;iso&quot;:&quot;0&quot;,&quot;shutter_speed&quot;:&quot;0&quot;,&quot;title&quot;:&quot;&quot;,&quot;orientation&quot;:&quot;0&quot;}\" data-image-title=\"Im Hide\" data-image-description=\"\" data-medium-file=\"https:\/\/i0.wp.com\/idnu.ch\/wordpress\/wp-content\/uploads\/2014\/04\/neerach-58.jpg?fit=300%2C200&#038;ssl=1\" data-large-file=\"https:\/\/i0.wp.com\/idnu.ch\/wordpress\/wp-content\/uploads\/2014\/04\/neerach-58.jpg?fit=750%2C500&#038;ssl=1\" src=\"https:\/\/i0.wp.com\/idnu.ch\/wordpress\/wp-content\/uploads\/2014\/04\/neerach-58.jpg?w=371&#038;h=247&#038;ssl=1\" srcset=\"https:\/\/i0.wp.com\/idnu.ch\/wordpress\/wp-content\/uploads\/2014\/04\/neerach-58.jpg?w=800&amp;ssl=1 800w, https:\/\/i0.wp.com\/idnu.ch\/wordpress\/wp-content\/uploads\/2014\/04\/neerach-58.jpg?resize=300%2C200&amp;ssl=1 300w, https:\/\/i0.wp.com\/idnu.ch\/wordpress\/wp-content\/uploads\/2014\/04\/neerach-58.jpg?resize=768%2C512&amp;ssl=1 768w, https:\/\/i0.wp.com\/idnu.ch\/wordpress\/wp-content\/uploads\/2014\/04\/neerach-58.jpg?resize=150%2C100&amp;ssl=1 150w\" width=\"371\" height=\"247\" loading=\"lazy\" data-original-width=\"371\" data-original-height=\"247\" itemprop=\"http:\/\/schema.org\/image\" title=\"Im Hide\" alt=\"Im Hide\" style=\"width: 371px; height: 247px;\" \/> <\/a> <div class=\"tiled-gallery-caption\" itemprop=\"caption description\"> Im Hide <\/div> <\/div> <\/div> <!-- close group --> <div class=\"gallery-group images-1\" style=\"width: 375px; height: 251px;\" data-original-width=\"375\" data-original-height=\"251\" > <div class=\"tiled-gallery-item tiled-gallery-item-large\" itemprop=\"associatedMedia\" itemscope itemtype=\"http:\/\/schema.org\/ImageObject\"> <a href=\"https:\/\/idnu.ch\/wordpress\/fliegen-wie-ein-vogel\/neerach-59\/#main\" border=\"0\" itemprop=\"url\"> <meta itemprop=\"width\" content=\"371\"> <meta itemprop=\"height\" content=\"247\"> <img decoding=\"async\" class=\"\" data-attachment-id=\"6358\" data-orig-file=\"https:\/\/idnu.ch\/wordpress\/wp-content\/uploads\/2014\/04\/neerach-59.jpg\" data-orig-size=\"800,533\" data-comments-opened=\"1\" data-image-meta=\"{&quot;aperture&quot;:&quot;0&quot;,&quot;credit&quot;:&quot;&quot;,&quot;camera&quot;:&quot;&quot;,&quot;caption&quot;:&quot;&quot;,&quot;created_timestamp&quot;:&quot;0&quot;,&quot;copyright&quot;:&quot;&quot;,&quot;focal_length&quot;:&quot;0&quot;,&quot;iso&quot;:&quot;0&quot;,&quot;shutter_speed&quot;:&quot;0&quot;,&quot;title&quot;:&quot;&quot;,&quot;orientation&quot;:&quot;0&quot;}\" data-image-title=\"Guter Ausblick auf das Geschehen\" data-image-description=\"\" data-medium-file=\"https:\/\/i0.wp.com\/idnu.ch\/wordpress\/wp-content\/uploads\/2014\/04\/neerach-59.jpg?fit=300%2C200&#038;ssl=1\" data-large-file=\"https:\/\/i0.wp.com\/idnu.ch\/wordpress\/wp-content\/uploads\/2014\/04\/neerach-59.jpg?fit=750%2C500&#038;ssl=1\" src=\"https:\/\/i0.wp.com\/idnu.ch\/wordpress\/wp-content\/uploads\/2014\/04\/neerach-59.jpg?w=371&#038;h=247&#038;ssl=1\" srcset=\"https:\/\/i0.wp.com\/idnu.ch\/wordpress\/wp-content\/uploads\/2014\/04\/neerach-59.jpg?w=800&amp;ssl=1 800w, https:\/\/i0.wp.com\/idnu.ch\/wordpress\/wp-content\/uploads\/2014\/04\/neerach-59.jpg?resize=300%2C200&amp;ssl=1 300w, https:\/\/i0.wp.com\/idnu.ch\/wordpress\/wp-content\/uploads\/2014\/04\/neerach-59.jpg?resize=768%2C512&amp;ssl=1 768w, https:\/\/i0.wp.com\/idnu.ch\/wordpress\/wp-content\/uploads\/2014\/04\/neerach-59.jpg?resize=150%2C100&amp;ssl=1 150w\" width=\"371\" height=\"247\" loading=\"lazy\" data-original-width=\"371\" data-original-height=\"247\" itemprop=\"http:\/\/schema.org\/image\" title=\"Guter Ausblick auf das Geschehen\" alt=\"Guter Ausblick auf das Geschehen\" style=\"width: 371px; height: 247px;\" \/> <\/a> <div class=\"tiled-gallery-caption\" itemprop=\"caption description\"> Guter Ausblick auf das Geschehen <\/div> <\/div> <\/div> <!-- close group --> <\/div> <!-- close row --> <\/div>\n<p>Ich habe zwar meine Kamera dabei, aber mit den Kalibern der anderen Fotografen kann ich bei weitem nicht mithalten. So m\u00fcsst ihr euch halt mit den Fotos hier begn\u00fcgen.<\/p>\n<p><img data-recalc-dims=\"1\" loading=\"lazy\" decoding=\"async\" data-attachment-id=\"6352\" data-permalink=\"https:\/\/idnu.ch\/wordpress\/fliegen-wie-ein-vogel\/neerach-28\/#main\" data-orig-file=\"https:\/\/i0.wp.com\/idnu.ch\/wordpress\/wp-content\/uploads\/2014\/04\/neerach-28.jpg?fit=800%2C533&amp;ssl=1\" data-orig-size=\"800,533\" data-comments-opened=\"1\" data-image-meta=\"{&quot;aperture&quot;:&quot;0&quot;,&quot;credit&quot;:&quot;&quot;,&quot;camera&quot;:&quot;&quot;,&quot;caption&quot;:&quot;&quot;,&quot;created_timestamp&quot;:&quot;0&quot;,&quot;copyright&quot;:&quot;&quot;,&quot;focal_length&quot;:&quot;0&quot;,&quot;iso&quot;:&quot;0&quot;,&quot;shutter_speed&quot;:&quot;0&quot;,&quot;title&quot;:&quot;&quot;,&quot;orientation&quot;:&quot;0&quot;}\" data-image-title=\"Lachm\u00f6wen\" data-image-description=\"\" data-image-caption=\"\" data-large-file=\"https:\/\/i0.wp.com\/idnu.ch\/wordpress\/wp-content\/uploads\/2014\/04\/neerach-28.jpg?fit=750%2C500&amp;ssl=1\" class=\"aligncenter size-full wp-image-6352\" src=\"https:\/\/i0.wp.com\/idnu.ch\/wordpress\/wp-content\/uploads\/2014\/04\/neerach-28.jpg?resize=750%2C500&#038;ssl=1\" alt=\"Lachm\u00f6wen\" width=\"750\" height=\"500\" srcset=\"https:\/\/i0.wp.com\/idnu.ch\/wordpress\/wp-content\/uploads\/2014\/04\/neerach-28.jpg?w=800&amp;ssl=1 800w, https:\/\/i0.wp.com\/idnu.ch\/wordpress\/wp-content\/uploads\/2014\/04\/neerach-28.jpg?resize=300%2C200&amp;ssl=1 300w, https:\/\/i0.wp.com\/idnu.ch\/wordpress\/wp-content\/uploads\/2014\/04\/neerach-28.jpg?resize=768%2C512&amp;ssl=1 768w, https:\/\/i0.wp.com\/idnu.ch\/wordpress\/wp-content\/uploads\/2014\/04\/neerach-28.jpg?resize=150%2C100&amp;ssl=1 150w\" sizes=\"auto, (max-width: 750px) 100vw, 750px\" \/><\/p>\n<p>Inzwischen regnet es, wir bleiben vorerst noch im Trockenen. Ein vorwitziger Kiebitz n\u00e4hert sich den Beobachtern bis auf wenige Meter, so dass ich ihn wunderbar fotografieren kann, auch mit so einem schmalbr\u00fcstigen Objektiv wie meinem.<\/p>\n<div class=\"tiled-gallery type-rectangular tiled-gallery-unresized\" data-original-width=\"750\" data-carousel-extra='{&quot;blog_id&quot;:1,&quot;permalink&quot;:&quot;https:\\\/\\\/idnu.ch\\\/wordpress\\\/fliegen-wie-ein-vogel\\\/&quot;,&quot;likes_blog_id&quot;:100184974}' itemscope itemtype=\"http:\/\/schema.org\/ImageGallery\" > <div class=\"gallery-row\" style=\"width: 750px; height: 251px;\" data-original-width=\"750\" data-original-height=\"251\" > <div class=\"gallery-group images-1\" style=\"width: 375px; height: 251px;\" data-original-width=\"375\" data-original-height=\"251\" > <div class=\"tiled-gallery-item tiled-gallery-item-large\" itemprop=\"associatedMedia\" itemscope itemtype=\"http:\/\/schema.org\/ImageObject\"> <a href=\"https:\/\/idnu.ch\/wordpress\/fliegen-wie-ein-vogel\/neerach-54\/#main\" border=\"0\" itemprop=\"url\"> <meta itemprop=\"width\" content=\"371\"> <meta itemprop=\"height\" content=\"247\"> <img decoding=\"async\" class=\"\" data-attachment-id=\"6356\" data-orig-file=\"https:\/\/idnu.ch\/wordpress\/wp-content\/uploads\/2014\/04\/neerach-54.jpg\" data-orig-size=\"800,533\" data-comments-opened=\"1\" data-image-meta=\"{&quot;aperture&quot;:&quot;0&quot;,&quot;credit&quot;:&quot;&quot;,&quot;camera&quot;:&quot;&quot;,&quot;caption&quot;:&quot;&quot;,&quot;created_timestamp&quot;:&quot;0&quot;,&quot;copyright&quot;:&quot;&quot;,&quot;focal_length&quot;:&quot;0&quot;,&quot;iso&quot;:&quot;0&quot;,&quot;shutter_speed&quot;:&quot;0&quot;,&quot;title&quot;:&quot;&quot;,&quot;orientation&quot;:&quot;0&quot;}\" data-image-title=\"Lachm\u00f6we\" data-image-description=\"\" data-medium-file=\"https:\/\/i0.wp.com\/idnu.ch\/wordpress\/wp-content\/uploads\/2014\/04\/neerach-54.jpg?fit=300%2C200&#038;ssl=1\" data-large-file=\"https:\/\/i0.wp.com\/idnu.ch\/wordpress\/wp-content\/uploads\/2014\/04\/neerach-54.jpg?fit=750%2C500&#038;ssl=1\" src=\"https:\/\/i0.wp.com\/idnu.ch\/wordpress\/wp-content\/uploads\/2014\/04\/neerach-54.jpg?w=371&#038;h=247&#038;ssl=1\" srcset=\"https:\/\/i0.wp.com\/idnu.ch\/wordpress\/wp-content\/uploads\/2014\/04\/neerach-54.jpg?w=800&amp;ssl=1 800w, https:\/\/i0.wp.com\/idnu.ch\/wordpress\/wp-content\/uploads\/2014\/04\/neerach-54.jpg?resize=300%2C200&amp;ssl=1 300w, https:\/\/i0.wp.com\/idnu.ch\/wordpress\/wp-content\/uploads\/2014\/04\/neerach-54.jpg?resize=768%2C512&amp;ssl=1 768w, https:\/\/i0.wp.com\/idnu.ch\/wordpress\/wp-content\/uploads\/2014\/04\/neerach-54.jpg?resize=150%2C100&amp;ssl=1 150w\" width=\"371\" height=\"247\" loading=\"lazy\" data-original-width=\"371\" data-original-height=\"247\" itemprop=\"http:\/\/schema.org\/image\" title=\"Lachm\u00f6we\" alt=\"Lachm\u00f6we\" style=\"width: 371px; height: 247px;\" \/> <\/a> <\/div> <\/div> <!-- close group --> <div class=\"gallery-group images-1\" style=\"width: 375px; height: 251px;\" data-original-width=\"375\" data-original-height=\"251\" > <div class=\"tiled-gallery-item tiled-gallery-item-large\" itemprop=\"associatedMedia\" itemscope itemtype=\"http:\/\/schema.org\/ImageObject\"> <a href=\"https:\/\/idnu.ch\/wordpress\/fliegen-wie-ein-vogel\/neerach-41\/#main\" border=\"0\" itemprop=\"url\"> <meta itemprop=\"width\" content=\"371\"> <meta itemprop=\"height\" content=\"247\"> <img decoding=\"async\" class=\"\" data-attachment-id=\"6355\" data-orig-file=\"https:\/\/idnu.ch\/wordpress\/wp-content\/uploads\/2014\/04\/neerach-41.jpg\" data-orig-size=\"800,533\" data-comments-opened=\"1\" data-image-meta=\"{&quot;aperture&quot;:&quot;0&quot;,&quot;credit&quot;:&quot;&quot;,&quot;camera&quot;:&quot;&quot;,&quot;caption&quot;:&quot;&quot;,&quot;created_timestamp&quot;:&quot;0&quot;,&quot;copyright&quot;:&quot;&quot;,&quot;focal_length&quot;:&quot;0&quot;,&quot;iso&quot;:&quot;0&quot;,&quot;shutter_speed&quot;:&quot;0&quot;,&quot;title&quot;:&quot;&quot;,&quot;orientation&quot;:&quot;0&quot;}\" data-image-title=\"Kiebitz\" data-image-description=\"\" data-medium-file=\"https:\/\/i0.wp.com\/idnu.ch\/wordpress\/wp-content\/uploads\/2014\/04\/neerach-41.jpg?fit=300%2C200&#038;ssl=1\" data-large-file=\"https:\/\/i0.wp.com\/idnu.ch\/wordpress\/wp-content\/uploads\/2014\/04\/neerach-41.jpg?fit=750%2C500&#038;ssl=1\" src=\"https:\/\/i0.wp.com\/idnu.ch\/wordpress\/wp-content\/uploads\/2014\/04\/neerach-41.jpg?w=371&#038;h=247&#038;ssl=1\" srcset=\"https:\/\/i0.wp.com\/idnu.ch\/wordpress\/wp-content\/uploads\/2014\/04\/neerach-41.jpg?w=800&amp;ssl=1 800w, https:\/\/i0.wp.com\/idnu.ch\/wordpress\/wp-content\/uploads\/2014\/04\/neerach-41.jpg?resize=300%2C200&amp;ssl=1 300w, https:\/\/i0.wp.com\/idnu.ch\/wordpress\/wp-content\/uploads\/2014\/04\/neerach-41.jpg?resize=768%2C512&amp;ssl=1 768w, https:\/\/i0.wp.com\/idnu.ch\/wordpress\/wp-content\/uploads\/2014\/04\/neerach-41.jpg?resize=150%2C100&amp;ssl=1 150w\" width=\"371\" height=\"247\" loading=\"lazy\" data-original-width=\"371\" data-original-height=\"247\" itemprop=\"http:\/\/schema.org\/image\" title=\"Kiebitz\" alt=\"Kiebitz\" style=\"width: 371px; height: 247px;\" \/> <\/a> <\/div> <\/div> <!-- close group --> <\/div> <!-- close row --> <\/div>\n<p>Auf dem R\u00fcckweg zum Zentrum halten wir nochmals ausschau nach der Nachtigall, aber wir h\u00f6ren sie wiederum nur.<\/p>\n<figure id=\"attachment_6359\" aria-describedby=\"caption-attachment-6359\" style=\"width: 800px\" class=\"wp-caption aligncenter\"><img data-recalc-dims=\"1\" loading=\"lazy\" decoding=\"async\" data-attachment-id=\"6359\" data-permalink=\"https:\/\/idnu.ch\/wordpress\/fliegen-wie-ein-vogel\/neerach-60\/#main\" data-orig-file=\"https:\/\/i0.wp.com\/idnu.ch\/wordpress\/wp-content\/uploads\/2014\/04\/neerach-60.jpg?fit=800%2C533&amp;ssl=1\" data-orig-size=\"800,533\" data-comments-opened=\"1\" data-image-meta=\"{&quot;aperture&quot;:&quot;0&quot;,&quot;credit&quot;:&quot;&quot;,&quot;camera&quot;:&quot;&quot;,&quot;caption&quot;:&quot;&quot;,&quot;created_timestamp&quot;:&quot;0&quot;,&quot;copyright&quot;:&quot;&quot;,&quot;focal_length&quot;:&quot;0&quot;,&quot;iso&quot;:&quot;0&quot;,&quot;shutter_speed&quot;:&quot;0&quot;,&quot;title&quot;:&quot;&quot;,&quot;orientation&quot;:&quot;0&quot;}\" data-image-title=\"Holzsteg durch das Naturschutzgebiet\" data-image-description=\"\" data-image-caption=\"&lt;p&gt;Holzsteg durch das Naturschutzgebiet&lt;\/p&gt;\n\" data-large-file=\"https:\/\/i0.wp.com\/idnu.ch\/wordpress\/wp-content\/uploads\/2014\/04\/neerach-60.jpg?fit=750%2C500&amp;ssl=1\" class=\"size-full wp-image-6359\" src=\"https:\/\/i0.wp.com\/idnu.ch\/wordpress\/wp-content\/uploads\/2014\/04\/neerach-60.jpg?resize=750%2C500&#038;ssl=1\" alt=\"Holzsteg durch das Naturschutzgebiet\" width=\"750\" height=\"500\" srcset=\"https:\/\/i0.wp.com\/idnu.ch\/wordpress\/wp-content\/uploads\/2014\/04\/neerach-60.jpg?w=800&amp;ssl=1 800w, https:\/\/i0.wp.com\/idnu.ch\/wordpress\/wp-content\/uploads\/2014\/04\/neerach-60.jpg?resize=300%2C200&amp;ssl=1 300w, https:\/\/i0.wp.com\/idnu.ch\/wordpress\/wp-content\/uploads\/2014\/04\/neerach-60.jpg?resize=768%2C512&amp;ssl=1 768w, https:\/\/i0.wp.com\/idnu.ch\/wordpress\/wp-content\/uploads\/2014\/04\/neerach-60.jpg?resize=150%2C100&amp;ssl=1 150w\" sizes=\"auto, (max-width: 750px) 100vw, 750px\" \/><figcaption id=\"caption-attachment-6359\" class=\"wp-caption-text\">Holzsteg durch das Naturschutzgebiet<\/figcaption><\/figure>\n<p>Wir schauen uns noch den Rest der Ausstellung an, bevor wir das Zentrum verlassen und aussen rum das Ried aus einer anderen Perspektive anschauen. Auch wenn die Kinder anderer Meinung sind, es hat sich gelohnt, sahen wir doch noch ein paar Schafstelzen.<br \/>\nKurz zusammengefasst: Ein Besuch lohnt sich, vor allem auch der Sonderausstellung.<\/p>\n<div class=\"tiled-gallery type-rectangular tiled-gallery-unresized\" data-original-width=\"750\" data-carousel-extra='{&quot;blog_id&quot;:1,&quot;permalink&quot;:&quot;https:\\\/\\\/idnu.ch\\\/wordpress\\\/fliegen-wie-ein-vogel\\\/&quot;,&quot;likes_blog_id&quot;:100184974}' itemscope itemtype=\"http:\/\/schema.org\/ImageGallery\" > <div class=\"gallery-row\" style=\"width: 750px; height: 205px;\" data-original-width=\"750\" data-original-height=\"205\" > <div class=\"gallery-group images-1\" style=\"width: 306px; height: 205px;\" data-original-width=\"306\" data-original-height=\"205\" > <div class=\"tiled-gallery-item tiled-gallery-item-large\" itemprop=\"associatedMedia\" itemscope itemtype=\"http:\/\/schema.org\/ImageObject\"> <a href=\"https:\/\/idnu.ch\/wordpress\/fliegen-wie-ein-vogel\/neerach-62\/#main\" border=\"0\" itemprop=\"url\"> <meta itemprop=\"width\" content=\"302\"> <meta itemprop=\"height\" content=\"201\"> <img decoding=\"async\" class=\"\" data-attachment-id=\"6360\" data-orig-file=\"https:\/\/idnu.ch\/wordpress\/wp-content\/uploads\/2014\/04\/neerach-62.jpg\" data-orig-size=\"800,533\" data-comments-opened=\"1\" data-image-meta=\"{&quot;aperture&quot;:&quot;0&quot;,&quot;credit&quot;:&quot;&quot;,&quot;camera&quot;:&quot;&quot;,&quot;caption&quot;:&quot;&quot;,&quot;created_timestamp&quot;:&quot;0&quot;,&quot;copyright&quot;:&quot;&quot;,&quot;focal_length&quot;:&quot;0&quot;,&quot;iso&quot;:&quot;0&quot;,&quot;shutter_speed&quot;:&quot;0&quot;,&quot;title&quot;:&quot;&quot;,&quot;orientation&quot;:&quot;0&quot;}\" data-image-title=\"Die Ausstellung\" data-image-description=\"\" data-medium-file=\"https:\/\/i0.wp.com\/idnu.ch\/wordpress\/wp-content\/uploads\/2014\/04\/neerach-62.jpg?fit=300%2C200&#038;ssl=1\" data-large-file=\"https:\/\/i0.wp.com\/idnu.ch\/wordpress\/wp-content\/uploads\/2014\/04\/neerach-62.jpg?fit=750%2C500&#038;ssl=1\" src=\"https:\/\/i0.wp.com\/idnu.ch\/wordpress\/wp-content\/uploads\/2014\/04\/neerach-62.jpg?w=302&#038;h=201&#038;ssl=1\" srcset=\"https:\/\/i0.wp.com\/idnu.ch\/wordpress\/wp-content\/uploads\/2014\/04\/neerach-62.jpg?w=800&amp;ssl=1 800w, https:\/\/i0.wp.com\/idnu.ch\/wordpress\/wp-content\/uploads\/2014\/04\/neerach-62.jpg?resize=300%2C200&amp;ssl=1 300w, https:\/\/i0.wp.com\/idnu.ch\/wordpress\/wp-content\/uploads\/2014\/04\/neerach-62.jpg?resize=768%2C512&amp;ssl=1 768w, https:\/\/i0.wp.com\/idnu.ch\/wordpress\/wp-content\/uploads\/2014\/04\/neerach-62.jpg?resize=150%2C100&amp;ssl=1 150w\" width=\"302\" height=\"201\" loading=\"lazy\" data-original-width=\"302\" data-original-height=\"201\" itemprop=\"http:\/\/schema.org\/image\" title=\"Die Ausstellung\" alt=\"Die Ausstellung\" style=\"width: 302px; height: 201px;\" \/> <\/a> <\/div> <\/div> <!-- close group --> <div class=\"gallery-group images-1\" style=\"width: 138px; height: 205px;\" data-original-width=\"138\" data-original-height=\"205\" > <div class=\"tiled-gallery-item tiled-gallery-item-small\" itemprop=\"associatedMedia\" itemscope itemtype=\"http:\/\/schema.org\/ImageObject\"> <a href=\"https:\/\/idnu.ch\/wordpress\/fliegen-wie-ein-vogel\/neerach-64\/#main\" border=\"0\" itemprop=\"url\"> <meta itemprop=\"width\" content=\"134\"> <meta itemprop=\"height\" content=\"201\"> <img decoding=\"async\" class=\"\" data-attachment-id=\"6361\" data-orig-file=\"https:\/\/idnu.ch\/wordpress\/wp-content\/uploads\/2014\/04\/neerach-64.jpg\" data-orig-size=\"400,600\" data-comments-opened=\"1\" data-image-meta=\"{&quot;aperture&quot;:&quot;0&quot;,&quot;credit&quot;:&quot;&quot;,&quot;camera&quot;:&quot;&quot;,&quot;caption&quot;:&quot;&quot;,&quot;created_timestamp&quot;:&quot;0&quot;,&quot;copyright&quot;:&quot;&quot;,&quot;focal_length&quot;:&quot;0&quot;,&quot;iso&quot;:&quot;0&quot;,&quot;shutter_speed&quot;:&quot;0&quot;,&quot;title&quot;:&quot;&quot;,&quot;orientation&quot;:&quot;0&quot;}\" data-image-title=\"Eine Waldohreule\" data-image-description=\"\" data-medium-file=\"https:\/\/i0.wp.com\/idnu.ch\/wordpress\/wp-content\/uploads\/2014\/04\/neerach-64.jpg?fit=200%2C300&#038;ssl=1\" data-large-file=\"https:\/\/i0.wp.com\/idnu.ch\/wordpress\/wp-content\/uploads\/2014\/04\/neerach-64.jpg?fit=400%2C600&#038;ssl=1\" src=\"https:\/\/i0.wp.com\/idnu.ch\/wordpress\/wp-content\/uploads\/2014\/04\/neerach-64.jpg?w=134&#038;h=201&#038;ssl=1\" srcset=\"https:\/\/i0.wp.com\/idnu.ch\/wordpress\/wp-content\/uploads\/2014\/04\/neerach-64.jpg?w=400&amp;ssl=1 400w, https:\/\/i0.wp.com\/idnu.ch\/wordpress\/wp-content\/uploads\/2014\/04\/neerach-64.jpg?resize=200%2C300&amp;ssl=1 200w, https:\/\/i0.wp.com\/idnu.ch\/wordpress\/wp-content\/uploads\/2014\/04\/neerach-64.jpg?resize=67%2C100&amp;ssl=1 67w\" width=\"134\" height=\"201\" loading=\"lazy\" data-original-width=\"134\" data-original-height=\"201\" itemprop=\"http:\/\/schema.org\/image\" title=\"Eine Waldohreule\" alt=\"Eine Waldohreule\" style=\"width: 134px; height: 201px;\" \/> <\/a> <div class=\"tiled-gallery-caption\" itemprop=\"caption description\"> Eine Waldohreule <\/div> <\/div> <\/div> <!-- close group --> <div class=\"gallery-group images-1\" style=\"width: 306px; height: 205px;\" data-original-width=\"306\" data-original-height=\"205\" > <div class=\"tiled-gallery-item tiled-gallery-item-large\" itemprop=\"associatedMedia\" itemscope itemtype=\"http:\/\/schema.org\/ImageObject\"> <a href=\"https:\/\/idnu.ch\/wordpress\/fliegen-wie-ein-vogel\/neerach-66\/#main\" border=\"0\" itemprop=\"url\"> <meta itemprop=\"width\" content=\"302\"> <meta itemprop=\"height\" content=\"201\"> <img decoding=\"async\" class=\"\" data-attachment-id=\"6362\" data-orig-file=\"https:\/\/idnu.ch\/wordpress\/wp-content\/uploads\/2014\/04\/neerach-66.jpg\" data-orig-size=\"800,533\" data-comments-opened=\"1\" data-image-meta=\"{&quot;aperture&quot;:&quot;0&quot;,&quot;credit&quot;:&quot;&quot;,&quot;camera&quot;:&quot;&quot;,&quot;caption&quot;:&quot;&quot;,&quot;created_timestamp&quot;:&quot;0&quot;,&quot;copyright&quot;:&quot;&quot;,&quot;focal_length&quot;:&quot;0&quot;,&quot;iso&quot;:&quot;0&quot;,&quot;shutter_speed&quot;:&quot;0&quot;,&quot;title&quot;:&quot;&quot;,&quot;orientation&quot;:&quot;0&quot;}\" data-image-title=\"Dreimal dieselbe Vogelart\" data-image-description=\"\" data-medium-file=\"https:\/\/i0.wp.com\/idnu.ch\/wordpress\/wp-content\/uploads\/2014\/04\/neerach-66.jpg?fit=300%2C200&#038;ssl=1\" data-large-file=\"https:\/\/i0.wp.com\/idnu.ch\/wordpress\/wp-content\/uploads\/2014\/04\/neerach-66.jpg?fit=750%2C500&#038;ssl=1\" src=\"https:\/\/i0.wp.com\/idnu.ch\/wordpress\/wp-content\/uploads\/2014\/04\/neerach-66.jpg?w=302&#038;h=201&#038;ssl=1\" srcset=\"https:\/\/i0.wp.com\/idnu.ch\/wordpress\/wp-content\/uploads\/2014\/04\/neerach-66.jpg?w=800&amp;ssl=1 800w, https:\/\/i0.wp.com\/idnu.ch\/wordpress\/wp-content\/uploads\/2014\/04\/neerach-66.jpg?resize=300%2C200&amp;ssl=1 300w, https:\/\/i0.wp.com\/idnu.ch\/wordpress\/wp-content\/uploads\/2014\/04\/neerach-66.jpg?resize=768%2C512&amp;ssl=1 768w, https:\/\/i0.wp.com\/idnu.ch\/wordpress\/wp-content\/uploads\/2014\/04\/neerach-66.jpg?resize=150%2C100&amp;ssl=1 150w\" width=\"302\" height=\"201\" loading=\"lazy\" data-original-width=\"302\" data-original-height=\"201\" itemprop=\"http:\/\/schema.org\/image\" title=\"Dreimal dieselbe Vogelart\" alt=\"Dreimal dieselbe Vogelart\" style=\"width: 302px; height: 201px;\" \/> <\/a> <div class=\"tiled-gallery-caption\" itemprop=\"caption description\"> Dreimal dieselbe Vogelart <\/div> <\/div> <\/div> <!-- close group --> <\/div> <!-- close row --> <div class=\"gallery-row\" style=\"width: 750px; height: 251px;\" data-original-width=\"750\" data-original-height=\"251\" > <div class=\"gallery-group images-1\" style=\"width: 375px; height: 251px;\" data-original-width=\"375\" data-original-height=\"251\" > <div class=\"tiled-gallery-item tiled-gallery-item-large\" itemprop=\"associatedMedia\" itemscope itemtype=\"http:\/\/schema.org\/ImageObject\"> <a href=\"https:\/\/idnu.ch\/wordpress\/fliegen-wie-ein-vogel\/neerach-69\/#main\" border=\"0\" itemprop=\"url\"> <meta itemprop=\"width\" content=\"371\"> <meta itemprop=\"height\" content=\"247\"> <img decoding=\"async\" class=\"\" data-attachment-id=\"6365\" data-orig-file=\"https:\/\/idnu.ch\/wordpress\/wp-content\/uploads\/2014\/04\/neerach-69.jpg\" data-orig-size=\"800,533\" data-comments-opened=\"1\" data-image-meta=\"{&quot;aperture&quot;:&quot;0&quot;,&quot;credit&quot;:&quot;&quot;,&quot;camera&quot;:&quot;&quot;,&quot;caption&quot;:&quot;&quot;,&quot;created_timestamp&quot;:&quot;0&quot;,&quot;copyright&quot;:&quot;&quot;,&quot;focal_length&quot;:&quot;0&quot;,&quot;iso&quot;:&quot;0&quot;,&quot;shutter_speed&quot;:&quot;0&quot;,&quot;title&quot;:&quot;&quot;,&quot;orientation&quot;:&quot;0&quot;}\" data-image-title=\"Das Flachmoor von Neerach\" data-image-description=\"\" data-medium-file=\"https:\/\/i0.wp.com\/idnu.ch\/wordpress\/wp-content\/uploads\/2014\/04\/neerach-69.jpg?fit=300%2C200&#038;ssl=1\" data-large-file=\"https:\/\/i0.wp.com\/idnu.ch\/wordpress\/wp-content\/uploads\/2014\/04\/neerach-69.jpg?fit=750%2C500&#038;ssl=1\" src=\"https:\/\/i0.wp.com\/idnu.ch\/wordpress\/wp-content\/uploads\/2014\/04\/neerach-69.jpg?w=371&#038;h=247&#038;ssl=1\" srcset=\"https:\/\/i0.wp.com\/idnu.ch\/wordpress\/wp-content\/uploads\/2014\/04\/neerach-69.jpg?w=800&amp;ssl=1 800w, https:\/\/i0.wp.com\/idnu.ch\/wordpress\/wp-content\/uploads\/2014\/04\/neerach-69.jpg?resize=300%2C200&amp;ssl=1 300w, https:\/\/i0.wp.com\/idnu.ch\/wordpress\/wp-content\/uploads\/2014\/04\/neerach-69.jpg?resize=768%2C512&amp;ssl=1 768w, https:\/\/i0.wp.com\/idnu.ch\/wordpress\/wp-content\/uploads\/2014\/04\/neerach-69.jpg?resize=150%2C100&amp;ssl=1 150w\" width=\"371\" height=\"247\" loading=\"lazy\" data-original-width=\"371\" data-original-height=\"247\" itemprop=\"http:\/\/schema.org\/image\" title=\"Das Flachmoor von Neerach\" alt=\"Das Flachmoor von Neerach\" style=\"width: 371px; height: 247px;\" \/> <\/a> <div class=\"tiled-gallery-caption\" itemprop=\"caption description\"> Das Flachmoor von Neerach <\/div> <\/div> <\/div> <!-- close group --> <div class=\"gallery-group images-1\" style=\"width: 375px; height: 251px;\" data-original-width=\"375\" data-original-height=\"251\" > <div class=\"tiled-gallery-item tiled-gallery-item-large\" itemprop=\"associatedMedia\" itemscope itemtype=\"http:\/\/schema.org\/ImageObject\"> <a href=\"https:\/\/idnu.ch\/wordpress\/fliegen-wie-ein-vogel\/neerach-73\/#main\" border=\"0\" itemprop=\"url\"> <meta itemprop=\"width\" content=\"371\"> <meta itemprop=\"height\" content=\"247\"> <img decoding=\"async\" class=\"\" data-attachment-id=\"6367\" data-orig-file=\"https:\/\/idnu.ch\/wordpress\/wp-content\/uploads\/2014\/04\/neerach-73.jpg\" data-orig-size=\"800,533\" data-comments-opened=\"1\" data-image-meta=\"{&quot;aperture&quot;:&quot;0&quot;,&quot;credit&quot;:&quot;&quot;,&quot;camera&quot;:&quot;&quot;,&quot;caption&quot;:&quot;&quot;,&quot;created_timestamp&quot;:&quot;0&quot;,&quot;copyright&quot;:&quot;&quot;,&quot;focal_length&quot;:&quot;0&quot;,&quot;iso&quot;:&quot;0&quot;,&quot;shutter_speed&quot;:&quot;0&quot;,&quot;title&quot;:&quot;&quot;,&quot;orientation&quot;:&quot;0&quot;}\" data-image-title=\"Spazierwege um das Moor\" data-image-description=\"\" data-medium-file=\"https:\/\/i0.wp.com\/idnu.ch\/wordpress\/wp-content\/uploads\/2014\/04\/neerach-73.jpg?fit=300%2C200&#038;ssl=1\" data-large-file=\"https:\/\/i0.wp.com\/idnu.ch\/wordpress\/wp-content\/uploads\/2014\/04\/neerach-73.jpg?fit=750%2C500&#038;ssl=1\" src=\"https:\/\/i0.wp.com\/idnu.ch\/wordpress\/wp-content\/uploads\/2014\/04\/neerach-73.jpg?w=371&#038;h=247&#038;ssl=1\" srcset=\"https:\/\/i0.wp.com\/idnu.ch\/wordpress\/wp-content\/uploads\/2014\/04\/neerach-73.jpg?w=800&amp;ssl=1 800w, https:\/\/i0.wp.com\/idnu.ch\/wordpress\/wp-content\/uploads\/2014\/04\/neerach-73.jpg?resize=300%2C200&amp;ssl=1 300w, https:\/\/i0.wp.com\/idnu.ch\/wordpress\/wp-content\/uploads\/2014\/04\/neerach-73.jpg?resize=768%2C512&amp;ssl=1 768w, https:\/\/i0.wp.com\/idnu.ch\/wordpress\/wp-content\/uploads\/2014\/04\/neerach-73.jpg?resize=150%2C100&amp;ssl=1 150w\" width=\"371\" height=\"247\" loading=\"lazy\" data-original-width=\"371\" data-original-height=\"247\" itemprop=\"http:\/\/schema.org\/image\" title=\"Spazierwege um das Moor\" alt=\"Spazierwege um das Moor\" style=\"width: 371px; height: 247px;\" \/> <\/a> <div class=\"tiled-gallery-caption\" itemprop=\"caption description\"> Spazierwege um das Moor <\/div> <\/div> <\/div> <!-- close group --> <\/div> <!-- close row --> <\/div>\n","protected":false},"excerpt":{"rendered":"<p>Da Juniors Bein immer noch von Gips umh\u00fcllt ist (er kommt nach den&#8230;<\/p>\n","protected":false},"author":2,"featured_media":763,"comment_status":"open","ping_status":"open","sticky":false,"template":"","format":"standard","meta":{"_monsterinsights_skip_tracking":false,"_monsterinsights_sitenote_active":false,"_monsterinsights_sitenote_note":"","_monsterinsights_sitenote_category":0,"jetpack_post_was_ever_published":false,"_jetpack_newsletter_access":"","_jetpack_dont_email_post_to_subs":true,"_jetpack_newsletter_tier_id":0,"_jetpack_memberships_contains_paywalled_content":false,"_jetpack_memberships_contains_paid_content":false,"footnotes":"","jetpack_publicize_message":"","jetpack_publicize_feature_enabled":true,"jetpack_social_post_already_shared":false,"jetpack_social_options":{"image_generator_settings":{"template":"highway","default_image_id":0,"font":"","enabled":false},"version":2}},"categories":[6,17,55,915],"tags":[576,403,553,373,1171,406,577,578,445,446],"class_list":["post-160","post","type-post","status-publish","format-standard","has-post-thumbnail","hentry","category-naturerlebnis","category-verschiedenes","category-zuerich","category-zuerich-region","tag-ausstellung","tag-beobachten","tag-birdlife","tag-kinder","tag-kinderfreundlich","tag-natur","tag-neeracherried","tag-svs","tag-voegel","tag-vogelflug"],"geo":{"latitude":47.5004004999999978053892846219241619110107421875,"longitude":8.4799556999999996520500644692219793796539306640625,"description":"Neerach, Kanton Z\u00fcrich, 8173, CH"},"yoast_head":"<!-- This site is optimized with the Yoast SEO plugin v27.4 - https:\/\/yoast.com\/product\/yoast-seo-wordpress\/ -->\n<title>Fliegen wie ein Vogel - In der Natur unterwegs<\/title>\n<meta name=\"robots\" content=\"index, follow, max-snippet:-1, max-image-preview:large, max-video-preview:-1\" \/>\n<link rel=\"canonical\" href=\"https:\/\/idnu.ch\/wordpress\/fliegen-wie-ein-vogel\/\" \/>\n<meta property=\"og:locale\" content=\"de_DE\" \/>\n<meta property=\"og:type\" content=\"article\" \/>\n<meta property=\"og:title\" content=\"Fliegen wie ein Vogel - In der Natur unterwegs\" \/>\n<meta property=\"og:description\" content=\"Da Juniors Bein immer noch von Gips umh\u00fcllt ist (er kommt nach den...\" \/>\n<meta property=\"og:url\" content=\"https:\/\/idnu.ch\/wordpress\/fliegen-wie-ein-vogel\/\" \/>\n<meta property=\"og:site_name\" content=\"In der Natur unterwegs\" \/>\n<meta property=\"article:published_time\" content=\"2014-04-18T17:47:00+00:00\" \/>\n<meta property=\"article:modified_time\" content=\"2023-10-27T12:42:42+00:00\" \/>\n<meta property=\"og:image\" content=\"https:\/\/idnu.ch\/wordpress\/wp-content\/uploads\/2014\/04\/neerach-61.jpg\" \/>\n\t<meta property=\"og:image:width\" content=\"800\" \/>\n\t<meta property=\"og:image:height\" content=\"533\" \/>\n\t<meta property=\"og:image:type\" content=\"image\/jpeg\" \/>\n<meta name=\"author\" content=\"Urs Kyburz\" \/>\n<meta name=\"twitter:card\" content=\"summary_large_image\" \/>\n<meta name=\"twitter:creator\" content=\"@idnu_ch\" \/>\n<meta name=\"twitter:site\" content=\"@idnu_ch\" \/>\n<meta name=\"twitter:label1\" content=\"Verfasst von\" \/>\n\t<meta name=\"twitter:data1\" content=\"Urs Kyburz\" \/>\n\t<meta name=\"twitter:label2\" content=\"Gesch\u00e4tzte Lesezeit\" \/>\n\t<meta name=\"twitter:data2\" content=\"5\u00a0Minuten\" \/>\n<script type=\"application\/ld+json\" class=\"yoast-schema-graph\">{\"@context\":\"https:\\\/\\\/schema.org\",\"@graph\":[{\"@type\":\"Article\",\"@id\":\"https:\\\/\\\/idnu.ch\\\/wordpress\\\/fliegen-wie-ein-vogel\\\/#article\",\"isPartOf\":{\"@id\":\"https:\\\/\\\/idnu.ch\\\/wordpress\\\/fliegen-wie-ein-vogel\\\/\"},\"author\":{\"name\":\"Urs Kyburz\",\"@id\":\"https:\\\/\\\/idnu.ch\\\/wordpress\\\/#\\\/schema\\\/person\\\/1ab8c5de743be7b019272124c19ad351\"},\"headline\":\"Fliegen wie ein Vogel\",\"datePublished\":\"2014-04-18T17:47:00+00:00\",\"dateModified\":\"2023-10-27T12:42:42+00:00\",\"mainEntityOfPage\":{\"@id\":\"https:\\\/\\\/idnu.ch\\\/wordpress\\\/fliegen-wie-ein-vogel\\\/\"},\"wordCount\":667,\"commentCount\":2,\"publisher\":{\"@id\":\"https:\\\/\\\/idnu.ch\\\/wordpress\\\/#\\\/schema\\\/person\\\/1ab8c5de743be7b019272124c19ad351\"},\"image\":{\"@id\":\"https:\\\/\\\/idnu.ch\\\/wordpress\\\/fliegen-wie-ein-vogel\\\/#primaryimage\"},\"thumbnailUrl\":\"https:\\\/\\\/i0.wp.com\\\/idnu.ch\\\/wordpress\\\/wp-content\\\/uploads\\\/2014\\\/04\\\/neerach-61.jpg?fit=800%2C533&ssl=1\",\"keywords\":[\"Ausstellung\",\"Beobachten\",\"Birdlife\",\"Kinder\",\"kinderfreundlich\",\"Natur\",\"Neeracherried\",\"SVS\",\"V\u00f6gel\",\"Vogelflug\"],\"articleSection\":[\"Naturerlebnis\",\"Verschiedenes\",\"Z\u00fcrich\",\"Z\u00fcrich Region\"],\"inLanguage\":\"de\",\"potentialAction\":[{\"@type\":\"CommentAction\",\"name\":\"Comment\",\"target\":[\"https:\\\/\\\/idnu.ch\\\/wordpress\\\/fliegen-wie-ein-vogel\\\/#respond\"]}]},{\"@type\":\"WebPage\",\"@id\":\"https:\\\/\\\/idnu.ch\\\/wordpress\\\/fliegen-wie-ein-vogel\\\/\",\"url\":\"https:\\\/\\\/idnu.ch\\\/wordpress\\\/fliegen-wie-ein-vogel\\\/\",\"name\":\"Fliegen wie ein Vogel - In der Natur unterwegs\",\"isPartOf\":{\"@id\":\"https:\\\/\\\/idnu.ch\\\/wordpress\\\/#website\"},\"primaryImageOfPage\":{\"@id\":\"https:\\\/\\\/idnu.ch\\\/wordpress\\\/fliegen-wie-ein-vogel\\\/#primaryimage\"},\"image\":{\"@id\":\"https:\\\/\\\/idnu.ch\\\/wordpress\\\/fliegen-wie-ein-vogel\\\/#primaryimage\"},\"thumbnailUrl\":\"https:\\\/\\\/i0.wp.com\\\/idnu.ch\\\/wordpress\\\/wp-content\\\/uploads\\\/2014\\\/04\\\/neerach-61.jpg?fit=800%2C533&ssl=1\",\"datePublished\":\"2014-04-18T17:47:00+00:00\",\"dateModified\":\"2023-10-27T12:42:42+00:00\",\"breadcrumb\":{\"@id\":\"https:\\\/\\\/idnu.ch\\\/wordpress\\\/fliegen-wie-ein-vogel\\\/#breadcrumb\"},\"inLanguage\":\"de\",\"potentialAction\":[{\"@type\":\"ReadAction\",\"target\":[\"https:\\\/\\\/idnu.ch\\\/wordpress\\\/fliegen-wie-ein-vogel\\\/\"]}]},{\"@type\":\"ImageObject\",\"inLanguage\":\"de\",\"@id\":\"https:\\\/\\\/idnu.ch\\\/wordpress\\\/fliegen-wie-ein-vogel\\\/#primaryimage\",\"url\":\"https:\\\/\\\/i0.wp.com\\\/idnu.ch\\\/wordpress\\\/wp-content\\\/uploads\\\/2014\\\/04\\\/neerach-61.jpg?fit=800%2C533&ssl=1\",\"contentUrl\":\"https:\\\/\\\/i0.wp.com\\\/idnu.ch\\\/wordpress\\\/wp-content\\\/uploads\\\/2014\\\/04\\\/neerach-61.jpg?fit=800%2C533&ssl=1\",\"width\":800,\"height\":533,\"caption\":\"Neeracherried\"},{\"@type\":\"BreadcrumbList\",\"@id\":\"https:\\\/\\\/idnu.ch\\\/wordpress\\\/fliegen-wie-ein-vogel\\\/#breadcrumb\",\"itemListElement\":[{\"@type\":\"ListItem\",\"position\":1,\"name\":\"Startseite\",\"item\":\"https:\\\/\\\/idnu.ch\\\/wordpress\\\/\"},{\"@type\":\"ListItem\",\"position\":2,\"name\":\"Fliegen wie ein Vogel\"}]},{\"@type\":\"WebSite\",\"@id\":\"https:\\\/\\\/idnu.ch\\\/wordpress\\\/#website\",\"url\":\"https:\\\/\\\/idnu.ch\\\/wordpress\\\/\",\"name\":\"In der Natur unterwegs\",\"description\":\"Dort, wo es am sch\u00f6nsten ist\",\"publisher\":{\"@id\":\"https:\\\/\\\/idnu.ch\\\/wordpress\\\/#\\\/schema\\\/person\\\/1ab8c5de743be7b019272124c19ad351\"},\"potentialAction\":[{\"@type\":\"SearchAction\",\"target\":{\"@type\":\"EntryPoint\",\"urlTemplate\":\"https:\\\/\\\/idnu.ch\\\/wordpress\\\/?s={search_term_string}\"},\"query-input\":{\"@type\":\"PropertyValueSpecification\",\"valueRequired\":true,\"valueName\":\"search_term_string\"}}],\"inLanguage\":\"de\"},{\"@type\":[\"Person\",\"Organization\"],\"@id\":\"https:\\\/\\\/idnu.ch\\\/wordpress\\\/#\\\/schema\\\/person\\\/1ab8c5de743be7b019272124c19ad351\",\"name\":\"Urs Kyburz\",\"image\":{\"@type\":\"ImageObject\",\"inLanguage\":\"de\",\"@id\":\"https:\\\/\\\/i0.wp.com\\\/idnu.ch\\\/wordpress\\\/wp-content\\\/uploads\\\/2016\\\/02\\\/logo_150x165.gif?fit=3151%2C3456&ssl=1\",\"url\":\"https:\\\/\\\/i0.wp.com\\\/idnu.ch\\\/wordpress\\\/wp-content\\\/uploads\\\/2016\\\/02\\\/logo_150x165.gif?fit=3151%2C3456&ssl=1\",\"contentUrl\":\"https:\\\/\\\/i0.wp.com\\\/idnu.ch\\\/wordpress\\\/wp-content\\\/uploads\\\/2016\\\/02\\\/logo_150x165.gif?fit=3151%2C3456&ssl=1\",\"width\":3151,\"height\":3456,\"caption\":\"Urs Kyburz\"},\"logo\":{\"@id\":\"https:\\\/\\\/i0.wp.com\\\/idnu.ch\\\/wordpress\\\/wp-content\\\/uploads\\\/2016\\\/02\\\/logo_150x165.gif?fit=3151%2C3456&ssl=1\"}}]}<\/script>\n<!-- \/ Yoast SEO plugin. -->","yoast_head_json":{"title":"Fliegen wie ein Vogel - In der Natur unterwegs","robots":{"index":"index","follow":"follow","max-snippet":"max-snippet:-1","max-image-preview":"max-image-preview:large","max-video-preview":"max-video-preview:-1"},"canonical":"https:\/\/idnu.ch\/wordpress\/fliegen-wie-ein-vogel\/","og_locale":"de_DE","og_type":"article","og_title":"Fliegen wie ein Vogel - In der Natur unterwegs","og_description":"Da Juniors Bein immer noch von Gips umh\u00fcllt ist (er kommt nach den...","og_url":"https:\/\/idnu.ch\/wordpress\/fliegen-wie-ein-vogel\/","og_site_name":"In der Natur unterwegs","article_published_time":"2014-04-18T17:47:00+00:00","article_modified_time":"2023-10-27T12:42:42+00:00","og_image":[{"width":800,"height":533,"url":"https:\/\/idnu.ch\/wordpress\/wp-content\/uploads\/2014\/04\/neerach-61.jpg","type":"image\/jpeg"}],"author":"Urs Kyburz","twitter_card":"summary_large_image","twitter_creator":"@idnu_ch","twitter_site":"@idnu_ch","twitter_misc":{"Verfasst von":"Urs Kyburz","Gesch\u00e4tzte Lesezeit":"5\u00a0Minuten"},"schema":{"@context":"https:\/\/schema.org","@graph":[{"@type":"Article","@id":"https:\/\/idnu.ch\/wordpress\/fliegen-wie-ein-vogel\/#article","isPartOf":{"@id":"https:\/\/idnu.ch\/wordpress\/fliegen-wie-ein-vogel\/"},"author":{"name":"Urs Kyburz","@id":"https:\/\/idnu.ch\/wordpress\/#\/schema\/person\/1ab8c5de743be7b019272124c19ad351"},"headline":"Fliegen wie ein Vogel","datePublished":"2014-04-18T17:47:00+00:00","dateModified":"2023-10-27T12:42:42+00:00","mainEntityOfPage":{"@id":"https:\/\/idnu.ch\/wordpress\/fliegen-wie-ein-vogel\/"},"wordCount":667,"commentCount":2,"publisher":{"@id":"https:\/\/idnu.ch\/wordpress\/#\/schema\/person\/1ab8c5de743be7b019272124c19ad351"},"image":{"@id":"https:\/\/idnu.ch\/wordpress\/fliegen-wie-ein-vogel\/#primaryimage"},"thumbnailUrl":"https:\/\/i0.wp.com\/idnu.ch\/wordpress\/wp-content\/uploads\/2014\/04\/neerach-61.jpg?fit=800%2C533&ssl=1","keywords":["Ausstellung","Beobachten","Birdlife","Kinder","kinderfreundlich","Natur","Neeracherried","SVS","V\u00f6gel","Vogelflug"],"articleSection":["Naturerlebnis","Verschiedenes","Z\u00fcrich","Z\u00fcrich Region"],"inLanguage":"de","potentialAction":[{"@type":"CommentAction","name":"Comment","target":["https:\/\/idnu.ch\/wordpress\/fliegen-wie-ein-vogel\/#respond"]}]},{"@type":"WebPage","@id":"https:\/\/idnu.ch\/wordpress\/fliegen-wie-ein-vogel\/","url":"https:\/\/idnu.ch\/wordpress\/fliegen-wie-ein-vogel\/","name":"Fliegen wie ein Vogel - In der Natur unterwegs","isPartOf":{"@id":"https:\/\/idnu.ch\/wordpress\/#website"},"primaryImageOfPage":{"@id":"https:\/\/idnu.ch\/wordpress\/fliegen-wie-ein-vogel\/#primaryimage"},"image":{"@id":"https:\/\/idnu.ch\/wordpress\/fliegen-wie-ein-vogel\/#primaryimage"},"thumbnailUrl":"https:\/\/i0.wp.com\/idnu.ch\/wordpress\/wp-content\/uploads\/2014\/04\/neerach-61.jpg?fit=800%2C533&ssl=1","datePublished":"2014-04-18T17:47:00+00:00","dateModified":"2023-10-27T12:42:42+00:00","breadcrumb":{"@id":"https:\/\/idnu.ch\/wordpress\/fliegen-wie-ein-vogel\/#breadcrumb"},"inLanguage":"de","potentialAction":[{"@type":"ReadAction","target":["https:\/\/idnu.ch\/wordpress\/fliegen-wie-ein-vogel\/"]}]},{"@type":"ImageObject","inLanguage":"de","@id":"https:\/\/idnu.ch\/wordpress\/fliegen-wie-ein-vogel\/#primaryimage","url":"https:\/\/i0.wp.com\/idnu.ch\/wordpress\/wp-content\/uploads\/2014\/04\/neerach-61.jpg?fit=800%2C533&ssl=1","contentUrl":"https:\/\/i0.wp.com\/idnu.ch\/wordpress\/wp-content\/uploads\/2014\/04\/neerach-61.jpg?fit=800%2C533&ssl=1","width":800,"height":533,"caption":"Neeracherried"},{"@type":"BreadcrumbList","@id":"https:\/\/idnu.ch\/wordpress\/fliegen-wie-ein-vogel\/#breadcrumb","itemListElement":[{"@type":"ListItem","position":1,"name":"Startseite","item":"https:\/\/idnu.ch\/wordpress\/"},{"@type":"ListItem","position":2,"name":"Fliegen wie ein Vogel"}]},{"@type":"WebSite","@id":"https:\/\/idnu.ch\/wordpress\/#website","url":"https:\/\/idnu.ch\/wordpress\/","name":"In der Natur unterwegs","description":"Dort, wo es am sch\u00f6nsten ist","publisher":{"@id":"https:\/\/idnu.ch\/wordpress\/#\/schema\/person\/1ab8c5de743be7b019272124c19ad351"},"potentialAction":[{"@type":"SearchAction","target":{"@type":"EntryPoint","urlTemplate":"https:\/\/idnu.ch\/wordpress\/?s={search_term_string}"},"query-input":{"@type":"PropertyValueSpecification","valueRequired":true,"valueName":"search_term_string"}}],"inLanguage":"de"},{"@type":["Person","Organization"],"@id":"https:\/\/idnu.ch\/wordpress\/#\/schema\/person\/1ab8c5de743be7b019272124c19ad351","name":"Urs Kyburz","image":{"@type":"ImageObject","inLanguage":"de","@id":"https:\/\/i0.wp.com\/idnu.ch\/wordpress\/wp-content\/uploads\/2016\/02\/logo_150x165.gif?fit=3151%2C3456&ssl=1","url":"https:\/\/i0.wp.com\/idnu.ch\/wordpress\/wp-content\/uploads\/2016\/02\/logo_150x165.gif?fit=3151%2C3456&ssl=1","contentUrl":"https:\/\/i0.wp.com\/idnu.ch\/wordpress\/wp-content\/uploads\/2016\/02\/logo_150x165.gif?fit=3151%2C3456&ssl=1","width":3151,"height":3456,"caption":"Urs Kyburz"},"logo":{"@id":"https:\/\/i0.wp.com\/idnu.ch\/wordpress\/wp-content\/uploads\/2016\/02\/logo_150x165.gif?fit=3151%2C3456&ssl=1"}}]}},"jetpack_publicize_connections":[],"jetpack_featured_media_url":"https:\/\/i0.wp.com\/idnu.ch\/wordpress\/wp-content\/uploads\/2014\/04\/neerach-61.jpg?fit=800%2C533&ssl=1","jetpack_sharing_enabled":true,"jetpack_shortlink":"https:\/\/wp.me\/p6MmGG-2A","jetpack-related-posts":[{"id":7428,"url":"https:\/\/idnu.ch\/wordpress\/9-naturerlebnisse-fuer-den-fruehling\/","url_meta":{"origin":160,"position":0},"title":"9 Naturerlebnisse f\u00fcr den Fr\u00fchling","author":"Urs Kyburz","date":"10. April 2017","format":false,"excerpt":"Es ist un\u00fcbersehbar, wir stehen mitten im Fr\u00fchling. Die Kirschb\u00e4ume bl\u00fchen, die Bienen summen und viele Sommerg\u00e4ste unter den V\u00f6geln sind wieder zur\u00fcck. Es ist also die beste Gelegenheit, der Natur beim Wachsen zuzuschauen. An diesen neun Orten kann man das besonders gut. Und das Gute f\u00fcr weniger Gel\u00e4ndeg\u00e4ngige: Fast\u2026","rel":"","context":"In &quot;Aargau&quot;","block_context":{"text":"Aargau","link":"https:\/\/idnu.ch\/wordpress\/category\/kanton\/aargau\/"},"img":{"alt_text":"","src":"https:\/\/i0.wp.com\/idnu.ch\/wordpress\/wp-content\/uploads\/2016\/05\/stille_reuss_0003.jpg?fit=1200%2C800&ssl=1&resize=350%2C200","width":350,"height":200,"srcset":"https:\/\/i0.wp.com\/idnu.ch\/wordpress\/wp-content\/uploads\/2016\/05\/stille_reuss_0003.jpg?fit=1200%2C800&ssl=1&resize=350%2C200 1x, https:\/\/i0.wp.com\/idnu.ch\/wordpress\/wp-content\/uploads\/2016\/05\/stille_reuss_0003.jpg?fit=1200%2C800&ssl=1&resize=525%2C300 1.5x, https:\/\/i0.wp.com\/idnu.ch\/wordpress\/wp-content\/uploads\/2016\/05\/stille_reuss_0003.jpg?fit=1200%2C800&ssl=1&resize=700%2C400 2x, https:\/\/i0.wp.com\/idnu.ch\/wordpress\/wp-content\/uploads\/2016\/05\/stille_reuss_0003.jpg?fit=1200%2C800&ssl=1&resize=1050%2C600 3x"},"classes":[]},{"id":11026,"url":"https:\/\/idnu.ch\/wordpress\/zwischenstopp-im-kaltbrunner-riet\/","url_meta":{"origin":160,"position":1},"title":"Zwischenstopp im Kaltbrunner Riet","author":"Urs Kyburz","date":"23. Oktober 2018","format":false,"excerpt":"Das Kaltbrunner Riet ist ein k\u00fcmmerlicher Rest eines Moores, das einst die Linthebene dominierte. Es liegt am oberen Ende des Z\u00fcrichsees und ist als Ramsar-Schutzgebiet ein Reservat von internationaler Bedeutung. Auf dem Heimweg vom Toggenburg legen wir im Kaltbrunner Riet einen Halt ein, um uns die Beine zu vertreten. Und\u2026","rel":"","context":"In &quot;Naturerlebnis&quot;","block_context":{"text":"Naturerlebnis","link":"https:\/\/idnu.ch\/wordpress\/category\/naturerlebnis\/"},"img":{"alt_text":"K\u00f6nigslibelle","src":"https:\/\/i0.wp.com\/idnu.ch\/wordpress\/wp-content\/uploads\/2018\/10\/wildhaus-20181013-6.jpg?fit=1200%2C800&ssl=1&resize=350%2C200","width":350,"height":200,"srcset":"https:\/\/i0.wp.com\/idnu.ch\/wordpress\/wp-content\/uploads\/2018\/10\/wildhaus-20181013-6.jpg?fit=1200%2C800&ssl=1&resize=350%2C200 1x, https:\/\/i0.wp.com\/idnu.ch\/wordpress\/wp-content\/uploads\/2018\/10\/wildhaus-20181013-6.jpg?fit=1200%2C800&ssl=1&resize=525%2C300 1.5x, https:\/\/i0.wp.com\/idnu.ch\/wordpress\/wp-content\/uploads\/2018\/10\/wildhaus-20181013-6.jpg?fit=1200%2C800&ssl=1&resize=700%2C400 2x, https:\/\/i0.wp.com\/idnu.ch\/wordpress\/wp-content\/uploads\/2018\/10\/wildhaus-20181013-6.jpg?fit=1200%2C800&ssl=1&resize=1050%2C600 3x"},"classes":[]},{"id":5310,"url":"https:\/\/idnu.ch\/wordpress\/voegel-beringen-in-rothenthurm\/","url_meta":{"origin":160,"position":2},"title":"V\u00f6gel beringen in Rothenthurm","author":"Urs Kyburz","date":"5. September 2016","format":false,"excerpt":"Eines der faszinierenden Natuph\u00e4nomene ist der Vogelzug. Jeden Fr\u00fchling und jeden Herbst ziehen Millionen V\u00f6gel Tausende von Kilometer in den S\u00fcden oder vom S\u00fcden\u00a0zur\u00fcck. Um dessen Geheimnisse zu l\u00fcften, markieren Spezialisten V\u00f6gel mit Ringen. Wie das geht, konnten wir in Rothenthurm in einer der gr\u00f6ssten Moorlandschaften der Schweiz erfahren. Jedes\u2026","rel":"","context":"In &quot;Luzern - Vierwaldst\u00e4ttersee&quot;","block_context":{"text":"Luzern - Vierwaldst\u00e4ttersee","link":"https:\/\/idnu.ch\/wordpress\/category\/tourismusregionen\/luzern-vierwaldstaettersee\/"},"img":{"alt_text":"Ein Zilpzalp","src":"https:\/\/i0.wp.com\/idnu.ch\/wordpress\/wp-content\/uploads\/2016\/09\/beringung_0017.jpg?fit=1200%2C800&ssl=1&resize=350%2C200","width":350,"height":200,"srcset":"https:\/\/i0.wp.com\/idnu.ch\/wordpress\/wp-content\/uploads\/2016\/09\/beringung_0017.jpg?fit=1200%2C800&ssl=1&resize=350%2C200 1x, https:\/\/i0.wp.com\/idnu.ch\/wordpress\/wp-content\/uploads\/2016\/09\/beringung_0017.jpg?fit=1200%2C800&ssl=1&resize=525%2C300 1.5x, https:\/\/i0.wp.com\/idnu.ch\/wordpress\/wp-content\/uploads\/2016\/09\/beringung_0017.jpg?fit=1200%2C800&ssl=1&resize=700%2C400 2x, https:\/\/i0.wp.com\/idnu.ch\/wordpress\/wp-content\/uploads\/2016\/09\/beringung_0017.jpg?fit=1200%2C800&ssl=1&resize=1050%2C600 3x"},"classes":[]},{"id":17104,"url":"https:\/\/idnu.ch\/wordpress\/federkleid-fluegelschlag\/","url_meta":{"origin":160,"position":3},"title":"Federkleid &#038; Fl\u00fcgelschlag","author":"Urs Kyburz","date":"17. Dezember 2020","format":false,"excerpt":"Diesen Herbst sind im Haupt-Verlag einige neue B\u00fccher erschienen. Eines davon hat meine Aufmerksamkeit besonders erregt: \"Federkleid & Fl\u00fcgelschlag\". Ein weiteres Bestimmungsbuch? Wie liest man Federkleid & Fl\u00fcgelschlag? Nein, dazu ist es zu unhandlich. Es ist dazu gedacht, sich einen warmen Tee zu machen, sich in der Decke auf dem\u2026","rel":"","context":"In &quot;Buchtipp&quot;","block_context":{"text":"Buchtipp","link":"https:\/\/idnu.ch\/wordpress\/category\/tipps_tricks\/buchtipp\/"},"img":{"alt_text":"","src":"https:\/\/i0.wp.com\/idnu.ch\/wordpress\/wp-content\/uploads\/2020\/11\/covver_federkleid_fluegelschlag.jpg?fit=811%2C648&ssl=1&resize=350%2C200","width":350,"height":200,"srcset":"https:\/\/i0.wp.com\/idnu.ch\/wordpress\/wp-content\/uploads\/2020\/11\/covver_federkleid_fluegelschlag.jpg?fit=811%2C648&ssl=1&resize=350%2C200 1x, https:\/\/i0.wp.com\/idnu.ch\/wordpress\/wp-content\/uploads\/2020\/11\/covver_federkleid_fluegelschlag.jpg?fit=811%2C648&ssl=1&resize=525%2C300 1.5x, https:\/\/i0.wp.com\/idnu.ch\/wordpress\/wp-content\/uploads\/2020\/11\/covver_federkleid_fluegelschlag.jpg?fit=811%2C648&ssl=1&resize=700%2C400 2x"},"classes":[]},{"id":234,"url":"https:\/\/idnu.ch\/wordpress\/ostschweizer-birdinggebiete\/","url_meta":{"origin":160,"position":4},"title":"Ostschweizer Birdinggebiete","author":"Urs Kyburz","date":"2. Oktober 2012","format":false,"excerpt":"Birding: So nennt sich unser Hobby, das V\u00f6gel beobachten, auf englisch. W\u00f6rtlich \u00fcbersetzt ergibt das zwar auch im Deutschen eine sch\u00f6ne T\u00e4tigkeit, ist aber ein unsch\u00f6nes Wort. So lassen wir also den Begriff im Englischen stehen. Zum Ferienanfang haben wir uns nun in zwei Gebieten am oberen Z\u00fcrichsee umgesehen. Das\u2026","rel":"","context":"In &quot;Naturerlebnis&quot;","block_context":{"text":"Naturerlebnis","link":"https:\/\/idnu.ch\/wordpress\/category\/naturerlebnis\/"},"img":{"alt_text":"","src":"","width":0,"height":0},"classes":[]},{"id":19185,"url":"https:\/\/idnu.ch\/wordpress\/kleiner-gipfel-im-schnee-am-col-de-la-croix\/","url_meta":{"origin":160,"position":5},"title":"Kleiner Gipfel im Schnee am Col de la Croix","author":"Urs Kyburz","date":"29. Oktober 2021","format":false,"excerpt":"Nach dem Schlechtwettereinbruch tags zuvor waren die Berge weiss gezuckert, auch unser kleiner Gipfel lag im Schnee, die Point d'Arpille am Col de la Croix. Das verlieh dieser kurzen Wanderung eine gewisse Exklusivit\u00e4t und Sch\u00f6nheit. Abgerundet wurde die Sache mit dem Besuch der Gipspyramiden. Kaltstart Der Start auf dem Col\u2026","rel":"","context":"In &quot;Genferseegebiet (Waadt)&quot;","block_context":{"text":"Genferseegebiet (Waadt)","link":"https:\/\/idnu.ch\/wordpress\/category\/tourismusregionen\/genferseegebiet\/"},"img":{"alt_text":"","src":"https:\/\/i0.wp.com\/idnu.ch\/wordpress\/wp-content\/uploads\/2021\/10\/villars-20211007-017.jpg?fit=1200%2C800&ssl=1&resize=350%2C200","width":350,"height":200,"srcset":"https:\/\/i0.wp.com\/idnu.ch\/wordpress\/wp-content\/uploads\/2021\/10\/villars-20211007-017.jpg?fit=1200%2C800&ssl=1&resize=350%2C200 1x, https:\/\/i0.wp.com\/idnu.ch\/wordpress\/wp-content\/uploads\/2021\/10\/villars-20211007-017.jpg?fit=1200%2C800&ssl=1&resize=525%2C300 1.5x, https:\/\/i0.wp.com\/idnu.ch\/wordpress\/wp-content\/uploads\/2021\/10\/villars-20211007-017.jpg?fit=1200%2C800&ssl=1&resize=700%2C400 2x, https:\/\/i0.wp.com\/idnu.ch\/wordpress\/wp-content\/uploads\/2021\/10\/villars-20211007-017.jpg?fit=1200%2C800&ssl=1&resize=1050%2C600 3x"},"classes":[]}],"jetpack_likes_enabled":true,"_links":{"self":[{"href":"https:\/\/idnu.ch\/wordpress\/wp-json\/wp\/v2\/posts\/160","targetHints":{"allow":["GET"]}}],"collection":[{"href":"https:\/\/idnu.ch\/wordpress\/wp-json\/wp\/v2\/posts"}],"about":[{"href":"https:\/\/idnu.ch\/wordpress\/wp-json\/wp\/v2\/types\/post"}],"author":[{"embeddable":true,"href":"https:\/\/idnu.ch\/wordpress\/wp-json\/wp\/v2\/users\/2"}],"replies":[{"embeddable":true,"href":"https:\/\/idnu.ch\/wordpress\/wp-json\/wp\/v2\/comments?post=160"}],"version-history":[{"count":5,"href":"https:\/\/idnu.ch\/wordpress\/wp-json\/wp\/v2\/posts\/160\/revisions"}],"predecessor-version":[{"id":24379,"href":"https:\/\/idnu.ch\/wordpress\/wp-json\/wp\/v2\/posts\/160\/revisions\/24379"}],"wp:featuredmedia":[{"embeddable":true,"href":"https:\/\/idnu.ch\/wordpress\/wp-json\/wp\/v2\/media\/763"}],"wp:attachment":[{"href":"https:\/\/idnu.ch\/wordpress\/wp-json\/wp\/v2\/media?parent=160"}],"wp:term":[{"taxonomy":"category","embeddable":true,"href":"https:\/\/idnu.ch\/wordpress\/wp-json\/wp\/v2\/categories?post=160"},{"taxonomy":"post_tag","embeddable":true,"href":"https:\/\/idnu.ch\/wordpress\/wp-json\/wp\/v2\/tags?post=160"}],"curies":[{"name":"wp","href":"https:\/\/api.w.org\/{rel}","templated":true}]}}