{"id":163,"date":"2014-04-02T05:36:00","date_gmt":"2014-04-02T03:36:00","guid":{"rendered":"http:\/\/idnu.ch\/wordpress\/familientipp-im-wandermagazin-baumeister-biber\/"},"modified":"2016-12-18T13:06:12","modified_gmt":"2016-12-18T12:06:12","slug":"familientipp-im-wandermagazin-baumeister-biber","status":"publish","type":"post","link":"https:\/\/idnu.ch\/wordpress\/familientipp-im-wandermagazin-baumeister-biber\/","title":{"rendered":"Familientipp im Wandermagazin: Baumeister Biber"},"content":{"rendered":"<div style=\"clear: both; text-align: left;\">Er ist niedlich, er breitet sich aus und wir haben den heimlichen Wasserbewohner gesehen: Den Biber.<\/div>\n<div style=\"clear: both; text-align: left;\">\n<figure id=\"attachment_1766\" aria-describedby=\"caption-attachment-1766\" style=\"width: 1364px\" class=\"wp-caption aligncenter\"><a href=\"https:\/\/i0.wp.com\/idnu.ch\/wordpress\/wp-content\/uploads\/2015\/11\/2014_04_biber.jpg?ssl=1\"><img data-recalc-dims=\"1\" loading=\"lazy\" decoding=\"async\" data-attachment-id=\"1766\" data-permalink=\"https:\/\/idnu.ch\/wordpress\/wandermagazin\/2014_04_biber\/#main\" data-orig-file=\"https:\/\/i0.wp.com\/idnu.ch\/wordpress\/wp-content\/uploads\/2015\/11\/2014_04_biber.jpg?fit=1364%2C952&amp;ssl=1\" data-orig-size=\"1364,952\" data-comments-opened=\"1\" data-image-meta=\"{&quot;aperture&quot;:&quot;0&quot;,&quot;credit&quot;:&quot;&quot;,&quot;camera&quot;:&quot;&quot;,&quot;caption&quot;:&quot;&quot;,&quot;created_timestamp&quot;:&quot;0&quot;,&quot;copyright&quot;:&quot;&quot;,&quot;focal_length&quot;:&quot;0&quot;,&quot;iso&quot;:&quot;0&quot;,&quot;shutter_speed&quot;:&quot;0&quot;,&quot;title&quot;:&quot;&quot;,&quot;orientation&quot;:&quot;0&quot;}\" data-image-title=\"Biber beobachten\" data-image-description=\"\" data-image-caption=\"&lt;p&gt;Biber beobachten&lt;\/p&gt;\n\" data-large-file=\"https:\/\/i0.wp.com\/idnu.ch\/wordpress\/wp-content\/uploads\/2015\/11\/2014_04_biber.jpg?fit=750%2C524&amp;ssl=1\" class=\"size-full wp-image-1766\" src=\"https:\/\/i0.wp.com\/idnu.ch\/wordpress\/wp-content\/uploads\/2015\/11\/2014_04_biber.jpg?resize=750%2C523&#038;ssl=1\" alt=\"Biber beobachten\" width=\"750\" height=\"523\" srcset=\"https:\/\/i0.wp.com\/idnu.ch\/wordpress\/wp-content\/uploads\/2015\/11\/2014_04_biber.jpg?w=1364&amp;ssl=1 1364w, https:\/\/i0.wp.com\/idnu.ch\/wordpress\/wp-content\/uploads\/2015\/11\/2014_04_biber.jpg?resize=300%2C209&amp;ssl=1 300w, https:\/\/i0.wp.com\/idnu.ch\/wordpress\/wp-content\/uploads\/2015\/11\/2014_04_biber.jpg?resize=1024%2C715&amp;ssl=1 1024w, https:\/\/i0.wp.com\/idnu.ch\/wordpress\/wp-content\/uploads\/2015\/11\/2014_04_biber.jpg?resize=143%2C100&amp;ssl=1 143w\" sizes=\"auto, (max-width: 750px) 100vw, 750px\" \/><\/a><figcaption id=\"caption-attachment-1766\" class=\"wp-caption-text\">Biber beobachten<\/figcaption><\/figure>\n<\/div>\n<div style=\"clear: both; text-align: center;\"><\/div>\n<p>Mehr dazu im Wandermagazin SCHWEIZ, Ausgabe 04\/2014.<\/p>\n","protected":false},"excerpt":{"rendered":"<p>Er ist niedlich, er breitet sich aus und wir haben den heimlichen Wasserbewohner&#8230;<\/p>\n","protected":false},"author":2,"featured_media":1286,"comment_status":"open","ping_status":"open","sticky":false,"template":"","format":"image","meta":{"_monsterinsights_skip_tracking":false,"_monsterinsights_sitenote_active":false,"_monsterinsights_sitenote_note":"","_monsterinsights_sitenote_category":0,"jetpack_post_was_ever_published":false,"_jetpack_newsletter_access":"","_jetpack_dont_email_post_to_subs":true,"_jetpack_newsletter_tier_id":0,"_jetpack_memberships_contains_paywalled_content":false,"_jetpack_memberships_contains_paid_content":false,"footnotes":"","jetpack_publicize_message":"","jetpack_publicize_feature_enabled":true,"jetpack_social_post_already_shared":false,"jetpack_social_options":{"image_generator_settings":{"template":"highway","default_image_id":0,"font":"","enabled":false},"version":2}},"categories":[6,758],"tags":[467,535],"class_list":["post-163","post","type-post","status-publish","format-image","has-post-thumbnail","hentry","category-naturerlebnis","category-wandermagazin","tag-biber","tag-wandermagazin","post_format-post-format-image"],"geo":null,"yoast_head":"<!-- This site is optimized with the Yoast SEO plugin v27.4 - https:\/\/yoast.com\/product\/yoast-seo-wordpress\/ -->\n<title>Familientipp im Wandermagazin: Baumeister Biber - In der Natur unterwegs<\/title>\n<meta name=\"robots\" content=\"index, follow, max-snippet:-1, max-image-preview:large, max-video-preview:-1\" \/>\n<link rel=\"canonical\" href=\"https:\/\/idnu.ch\/wordpress\/familientipp-im-wandermagazin-baumeister-biber\/\" \/>\n<meta property=\"og:locale\" content=\"de_DE\" \/>\n<meta property=\"og:type\" content=\"article\" \/>\n<meta property=\"og:title\" content=\"Familientipp im Wandermagazin: Baumeister Biber - In der Natur unterwegs\" \/>\n<meta property=\"og:description\" content=\"Er ist niedlich, er breitet sich aus und wir haben den heimlichen Wasserbewohner...\" \/>\n<meta property=\"og:url\" content=\"https:\/\/idnu.ch\/wordpress\/familientipp-im-wandermagazin-baumeister-biber\/\" \/>\n<meta property=\"og:site_name\" content=\"In der Natur unterwegs\" \/>\n<meta property=\"article:published_time\" content=\"2014-04-02T03:36:00+00:00\" \/>\n<meta property=\"article:modified_time\" content=\"2016-12-18T12:06:12+00:00\" \/>\n<meta property=\"og:image\" content=\"https:\/\/i0.wp.com\/idnu.ch\/wordpress\/wp-content\/uploads\/2014\/04\/biber_0001.jpg?fit=1600%2C1067&ssl=1\" \/>\n\t<meta property=\"og:image:width\" content=\"1600\" \/>\n\t<meta property=\"og:image:height\" content=\"1067\" \/>\n\t<meta property=\"og:image:type\" content=\"image\/jpeg\" \/>\n<meta name=\"author\" content=\"Urs Kyburz\" \/>\n<meta name=\"twitter:card\" content=\"summary_large_image\" \/>\n<meta name=\"twitter:creator\" content=\"@idnu_ch\" \/>\n<meta name=\"twitter:site\" content=\"@idnu_ch\" \/>\n<meta name=\"twitter:label1\" content=\"Verfasst von\" \/>\n\t<meta name=\"twitter:data1\" content=\"Urs Kyburz\" \/>\n<script type=\"application\/ld+json\" class=\"yoast-schema-graph\">{\"@context\":\"https:\\\/\\\/schema.org\",\"@graph\":[{\"@type\":\"Article\",\"@id\":\"https:\\\/\\\/idnu.ch\\\/wordpress\\\/familientipp-im-wandermagazin-baumeister-biber\\\/#article\",\"isPartOf\":{\"@id\":\"https:\\\/\\\/idnu.ch\\\/wordpress\\\/familientipp-im-wandermagazin-baumeister-biber\\\/\"},\"author\":{\"name\":\"Urs Kyburz\",\"@id\":\"https:\\\/\\\/idnu.ch\\\/wordpress\\\/#\\\/schema\\\/person\\\/1ab8c5de743be7b019272124c19ad351\"},\"headline\":\"Familientipp im Wandermagazin: Baumeister Biber\",\"datePublished\":\"2014-04-02T03:36:00+00:00\",\"dateModified\":\"2016-12-18T12:06:12+00:00\",\"mainEntityOfPage\":{\"@id\":\"https:\\\/\\\/idnu.ch\\\/wordpress\\\/familientipp-im-wandermagazin-baumeister-biber\\\/\"},\"wordCount\":36,\"commentCount\":1,\"publisher\":{\"@id\":\"https:\\\/\\\/idnu.ch\\\/wordpress\\\/#\\\/schema\\\/person\\\/1ab8c5de743be7b019272124c19ad351\"},\"image\":{\"@id\":\"https:\\\/\\\/idnu.ch\\\/wordpress\\\/familientipp-im-wandermagazin-baumeister-biber\\\/#primaryimage\"},\"thumbnailUrl\":\"https:\\\/\\\/i0.wp.com\\\/idnu.ch\\\/wordpress\\\/wp-content\\\/uploads\\\/2014\\\/04\\\/biber_0001.jpg?fit=1600%2C1067&ssl=1\",\"keywords\":[\"Biber\",\"Wandermagazin\"],\"articleSection\":[\"Naturerlebnis\",\"Wandermagazin\"],\"inLanguage\":\"de\",\"potentialAction\":[{\"@type\":\"CommentAction\",\"name\":\"Comment\",\"target\":[\"https:\\\/\\\/idnu.ch\\\/wordpress\\\/familientipp-im-wandermagazin-baumeister-biber\\\/#respond\"]}]},{\"@type\":\"WebPage\",\"@id\":\"https:\\\/\\\/idnu.ch\\\/wordpress\\\/familientipp-im-wandermagazin-baumeister-biber\\\/\",\"url\":\"https:\\\/\\\/idnu.ch\\\/wordpress\\\/familientipp-im-wandermagazin-baumeister-biber\\\/\",\"name\":\"Familientipp im Wandermagazin: Baumeister Biber - In der Natur unterwegs\",\"isPartOf\":{\"@id\":\"https:\\\/\\\/idnu.ch\\\/wordpress\\\/#website\"},\"primaryImageOfPage\":{\"@id\":\"https:\\\/\\\/idnu.ch\\\/wordpress\\\/familientipp-im-wandermagazin-baumeister-biber\\\/#primaryimage\"},\"image\":{\"@id\":\"https:\\\/\\\/idnu.ch\\\/wordpress\\\/familientipp-im-wandermagazin-baumeister-biber\\\/#primaryimage\"},\"thumbnailUrl\":\"https:\\\/\\\/i0.wp.com\\\/idnu.ch\\\/wordpress\\\/wp-content\\\/uploads\\\/2014\\\/04\\\/biber_0001.jpg?fit=1600%2C1067&ssl=1\",\"datePublished\":\"2014-04-02T03:36:00+00:00\",\"dateModified\":\"2016-12-18T12:06:12+00:00\",\"breadcrumb\":{\"@id\":\"https:\\\/\\\/idnu.ch\\\/wordpress\\\/familientipp-im-wandermagazin-baumeister-biber\\\/#breadcrumb\"},\"inLanguage\":\"de\",\"potentialAction\":[{\"@type\":\"ReadAction\",\"target\":[\"https:\\\/\\\/idnu.ch\\\/wordpress\\\/familientipp-im-wandermagazin-baumeister-biber\\\/\"]}]},{\"@type\":\"ImageObject\",\"inLanguage\":\"de\",\"@id\":\"https:\\\/\\\/idnu.ch\\\/wordpress\\\/familientipp-im-wandermagazin-baumeister-biber\\\/#primaryimage\",\"url\":\"https:\\\/\\\/i0.wp.com\\\/idnu.ch\\\/wordpress\\\/wp-content\\\/uploads\\\/2014\\\/04\\\/biber_0001.jpg?fit=1600%2C1067&ssl=1\",\"contentUrl\":\"https:\\\/\\\/i0.wp.com\\\/idnu.ch\\\/wordpress\\\/wp-content\\\/uploads\\\/2014\\\/04\\\/biber_0001.jpg?fit=1600%2C1067&ssl=1\",\"width\":1600,\"height\":1067,\"caption\":\"Biber\"},{\"@type\":\"BreadcrumbList\",\"@id\":\"https:\\\/\\\/idnu.ch\\\/wordpress\\\/familientipp-im-wandermagazin-baumeister-biber\\\/#breadcrumb\",\"itemListElement\":[{\"@type\":\"ListItem\",\"position\":1,\"name\":\"Startseite\",\"item\":\"https:\\\/\\\/idnu.ch\\\/wordpress\\\/\"},{\"@type\":\"ListItem\",\"position\":2,\"name\":\"Familientipp im Wandermagazin: Baumeister Biber\"}]},{\"@type\":\"WebSite\",\"@id\":\"https:\\\/\\\/idnu.ch\\\/wordpress\\\/#website\",\"url\":\"https:\\\/\\\/idnu.ch\\\/wordpress\\\/\",\"name\":\"In der Natur unterwegs\",\"description\":\"Dort, wo es am sch\u00f6nsten ist\",\"publisher\":{\"@id\":\"https:\\\/\\\/idnu.ch\\\/wordpress\\\/#\\\/schema\\\/person\\\/1ab8c5de743be7b019272124c19ad351\"},\"potentialAction\":[{\"@type\":\"SearchAction\",\"target\":{\"@type\":\"EntryPoint\",\"urlTemplate\":\"https:\\\/\\\/idnu.ch\\\/wordpress\\\/?s={search_term_string}\"},\"query-input\":{\"@type\":\"PropertyValueSpecification\",\"valueRequired\":true,\"valueName\":\"search_term_string\"}}],\"inLanguage\":\"de\"},{\"@type\":[\"Person\",\"Organization\"],\"@id\":\"https:\\\/\\\/idnu.ch\\\/wordpress\\\/#\\\/schema\\\/person\\\/1ab8c5de743be7b019272124c19ad351\",\"name\":\"Urs Kyburz\",\"image\":{\"@type\":\"ImageObject\",\"inLanguage\":\"de\",\"@id\":\"https:\\\/\\\/i0.wp.com\\\/idnu.ch\\\/wordpress\\\/wp-content\\\/uploads\\\/2016\\\/02\\\/logo_150x165.gif?fit=3151%2C3456&ssl=1\",\"url\":\"https:\\\/\\\/i0.wp.com\\\/idnu.ch\\\/wordpress\\\/wp-content\\\/uploads\\\/2016\\\/02\\\/logo_150x165.gif?fit=3151%2C3456&ssl=1\",\"contentUrl\":\"https:\\\/\\\/i0.wp.com\\\/idnu.ch\\\/wordpress\\\/wp-content\\\/uploads\\\/2016\\\/02\\\/logo_150x165.gif?fit=3151%2C3456&ssl=1\",\"width\":3151,\"height\":3456,\"caption\":\"Urs Kyburz\"},\"logo\":{\"@id\":\"https:\\\/\\\/i0.wp.com\\\/idnu.ch\\\/wordpress\\\/wp-content\\\/uploads\\\/2016\\\/02\\\/logo_150x165.gif?fit=3151%2C3456&ssl=1\"}}]}<\/script>\n<!-- \/ Yoast SEO plugin. -->","yoast_head_json":{"title":"Familientipp im Wandermagazin: Baumeister Biber - In der Natur unterwegs","robots":{"index":"index","follow":"follow","max-snippet":"max-snippet:-1","max-image-preview":"max-image-preview:large","max-video-preview":"max-video-preview:-1"},"canonical":"https:\/\/idnu.ch\/wordpress\/familientipp-im-wandermagazin-baumeister-biber\/","og_locale":"de_DE","og_type":"article","og_title":"Familientipp im Wandermagazin: Baumeister Biber - In der Natur unterwegs","og_description":"Er ist niedlich, er breitet sich aus und wir haben den heimlichen Wasserbewohner...","og_url":"https:\/\/idnu.ch\/wordpress\/familientipp-im-wandermagazin-baumeister-biber\/","og_site_name":"In der Natur unterwegs","article_published_time":"2014-04-02T03:36:00+00:00","article_modified_time":"2016-12-18T12:06:12+00:00","og_image":[{"width":1600,"height":1067,"url":"https:\/\/i0.wp.com\/idnu.ch\/wordpress\/wp-content\/uploads\/2014\/04\/biber_0001.jpg?fit=1600%2C1067&ssl=1","type":"image\/jpeg"}],"author":"Urs Kyburz","twitter_card":"summary_large_image","twitter_creator":"@idnu_ch","twitter_site":"@idnu_ch","twitter_misc":{"Verfasst von":"Urs Kyburz"},"schema":{"@context":"https:\/\/schema.org","@graph":[{"@type":"Article","@id":"https:\/\/idnu.ch\/wordpress\/familientipp-im-wandermagazin-baumeister-biber\/#article","isPartOf":{"@id":"https:\/\/idnu.ch\/wordpress\/familientipp-im-wandermagazin-baumeister-biber\/"},"author":{"name":"Urs Kyburz","@id":"https:\/\/idnu.ch\/wordpress\/#\/schema\/person\/1ab8c5de743be7b019272124c19ad351"},"headline":"Familientipp im Wandermagazin: Baumeister Biber","datePublished":"2014-04-02T03:36:00+00:00","dateModified":"2016-12-18T12:06:12+00:00","mainEntityOfPage":{"@id":"https:\/\/idnu.ch\/wordpress\/familientipp-im-wandermagazin-baumeister-biber\/"},"wordCount":36,"commentCount":1,"publisher":{"@id":"https:\/\/idnu.ch\/wordpress\/#\/schema\/person\/1ab8c5de743be7b019272124c19ad351"},"image":{"@id":"https:\/\/idnu.ch\/wordpress\/familientipp-im-wandermagazin-baumeister-biber\/#primaryimage"},"thumbnailUrl":"https:\/\/i0.wp.com\/idnu.ch\/wordpress\/wp-content\/uploads\/2014\/04\/biber_0001.jpg?fit=1600%2C1067&ssl=1","keywords":["Biber","Wandermagazin"],"articleSection":["Naturerlebnis","Wandermagazin"],"inLanguage":"de","potentialAction":[{"@type":"CommentAction","name":"Comment","target":["https:\/\/idnu.ch\/wordpress\/familientipp-im-wandermagazin-baumeister-biber\/#respond"]}]},{"@type":"WebPage","@id":"https:\/\/idnu.ch\/wordpress\/familientipp-im-wandermagazin-baumeister-biber\/","url":"https:\/\/idnu.ch\/wordpress\/familientipp-im-wandermagazin-baumeister-biber\/","name":"Familientipp im Wandermagazin: Baumeister Biber - In der Natur unterwegs","isPartOf":{"@id":"https:\/\/idnu.ch\/wordpress\/#website"},"primaryImageOfPage":{"@id":"https:\/\/idnu.ch\/wordpress\/familientipp-im-wandermagazin-baumeister-biber\/#primaryimage"},"image":{"@id":"https:\/\/idnu.ch\/wordpress\/familientipp-im-wandermagazin-baumeister-biber\/#primaryimage"},"thumbnailUrl":"https:\/\/i0.wp.com\/idnu.ch\/wordpress\/wp-content\/uploads\/2014\/04\/biber_0001.jpg?fit=1600%2C1067&ssl=1","datePublished":"2014-04-02T03:36:00+00:00","dateModified":"2016-12-18T12:06:12+00:00","breadcrumb":{"@id":"https:\/\/idnu.ch\/wordpress\/familientipp-im-wandermagazin-baumeister-biber\/#breadcrumb"},"inLanguage":"de","potentialAction":[{"@type":"ReadAction","target":["https:\/\/idnu.ch\/wordpress\/familientipp-im-wandermagazin-baumeister-biber\/"]}]},{"@type":"ImageObject","inLanguage":"de","@id":"https:\/\/idnu.ch\/wordpress\/familientipp-im-wandermagazin-baumeister-biber\/#primaryimage","url":"https:\/\/i0.wp.com\/idnu.ch\/wordpress\/wp-content\/uploads\/2014\/04\/biber_0001.jpg?fit=1600%2C1067&ssl=1","contentUrl":"https:\/\/i0.wp.com\/idnu.ch\/wordpress\/wp-content\/uploads\/2014\/04\/biber_0001.jpg?fit=1600%2C1067&ssl=1","width":1600,"height":1067,"caption":"Biber"},{"@type":"BreadcrumbList","@id":"https:\/\/idnu.ch\/wordpress\/familientipp-im-wandermagazin-baumeister-biber\/#breadcrumb","itemListElement":[{"@type":"ListItem","position":1,"name":"Startseite","item":"https:\/\/idnu.ch\/wordpress\/"},{"@type":"ListItem","position":2,"name":"Familientipp im Wandermagazin: Baumeister Biber"}]},{"@type":"WebSite","@id":"https:\/\/idnu.ch\/wordpress\/#website","url":"https:\/\/idnu.ch\/wordpress\/","name":"In der Natur unterwegs","description":"Dort, wo es am sch\u00f6nsten ist","publisher":{"@id":"https:\/\/idnu.ch\/wordpress\/#\/schema\/person\/1ab8c5de743be7b019272124c19ad351"},"potentialAction":[{"@type":"SearchAction","target":{"@type":"EntryPoint","urlTemplate":"https:\/\/idnu.ch\/wordpress\/?s={search_term_string}"},"query-input":{"@type":"PropertyValueSpecification","valueRequired":true,"valueName":"search_term_string"}}],"inLanguage":"de"},{"@type":["Person","Organization"],"@id":"https:\/\/idnu.ch\/wordpress\/#\/schema\/person\/1ab8c5de743be7b019272124c19ad351","name":"Urs Kyburz","image":{"@type":"ImageObject","inLanguage":"de","@id":"https:\/\/i0.wp.com\/idnu.ch\/wordpress\/wp-content\/uploads\/2016\/02\/logo_150x165.gif?fit=3151%2C3456&ssl=1","url":"https:\/\/i0.wp.com\/idnu.ch\/wordpress\/wp-content\/uploads\/2016\/02\/logo_150x165.gif?fit=3151%2C3456&ssl=1","contentUrl":"https:\/\/i0.wp.com\/idnu.ch\/wordpress\/wp-content\/uploads\/2016\/02\/logo_150x165.gif?fit=3151%2C3456&ssl=1","width":3151,"height":3456,"caption":"Urs Kyburz"},"logo":{"@id":"https:\/\/i0.wp.com\/idnu.ch\/wordpress\/wp-content\/uploads\/2016\/02\/logo_150x165.gif?fit=3151%2C3456&ssl=1"}}]}},"jetpack_publicize_connections":[],"jetpack_featured_media_url":"https:\/\/i0.wp.com\/idnu.ch\/wordpress\/wp-content\/uploads\/2014\/04\/biber_0001.jpg?fit=1600%2C1067&ssl=1","jetpack_sharing_enabled":true,"jetpack_shortlink":"https:\/\/wp.me\/p6MmGG-2D","jetpack-related-posts":[{"id":171,"url":"https:\/\/idnu.ch\/wordpress\/familientipp-im-wandermagazin-hightech-schatzsuche-mit-kindern\/","url_meta":{"origin":163,"position":0},"title":"Familientipp im Wandermagazin: Hightech-Schatzsuche mit Kindern","author":"Urs Kyburz","date":"17. Februar 2014","format":"aside","excerpt":"Wird immer beliebter: Geocaching mit dem GPS. Worauf man achten muss als Einsteiger, liest man im Wandermagazin 4\/2013:","rel":"","context":"In &quot;Tipps &amp; Tricks&quot;","block_context":{"text":"Tipps &amp; Tricks","link":"https:\/\/idnu.ch\/wordpress\/category\/tipps_tricks\/"},"img":{"alt_text":"Hightech-Schatzsuche mit dem GPS: Geocaching","src":"https:\/\/i0.wp.com\/idnu.ch\/wordpress\/wp-content\/uploads\/2015\/10\/05_capricorn_0028.jpg?fit=1200%2C800&ssl=1&resize=350%2C200","width":350,"height":200,"srcset":"https:\/\/i0.wp.com\/idnu.ch\/wordpress\/wp-content\/uploads\/2015\/10\/05_capricorn_0028.jpg?fit=1200%2C800&ssl=1&resize=350%2C200 1x, https:\/\/i0.wp.com\/idnu.ch\/wordpress\/wp-content\/uploads\/2015\/10\/05_capricorn_0028.jpg?fit=1200%2C800&ssl=1&resize=525%2C300 1.5x, https:\/\/i0.wp.com\/idnu.ch\/wordpress\/wp-content\/uploads\/2015\/10\/05_capricorn_0028.jpg?fit=1200%2C800&ssl=1&resize=700%2C400 2x, https:\/\/i0.wp.com\/idnu.ch\/wordpress\/wp-content\/uploads\/2015\/10\/05_capricorn_0028.jpg?fit=1200%2C800&ssl=1&resize=1050%2C600 3x"},"classes":[]},{"id":178,"url":"https:\/\/idnu.ch\/wordpress\/familientipp-im-wandermagazin-skitouren-mit-kindern\/","url_meta":{"origin":163,"position":1},"title":"Familientipp im Wandermagazin: Skitouren mit Kindern","author":"Urs Kyburz","date":"30. Dezember 2013","format":"image","excerpt":"Im neusten Wandermagazin findest du Tipps f\u00fcr Skitouren mit Kindern: Ausr\u00fcstung, Motivation, Planung, Durchf\u00fchrung. Das Januar\/Februar-Heft ist demn\u00e4chst am Kiosk erh\u00e4ltlich. Infos zur Tour hier:\u00a0Ein Kinderspiel: Skitour Rickhubel","rel":"","context":"In &quot;Tipps &amp; Tricks&quot;","block_context":{"text":"Tipps &amp; Tricks","link":"https:\/\/idnu.ch\/wordpress\/category\/tipps_tricks\/"},"img":{"alt_text":"Rickhubel","src":"https:\/\/i0.wp.com\/idnu.ch\/wordpress\/wp-content\/uploads\/2013\/02\/IMG_2091.jpg?fit=800%2C533&ssl=1&resize=350%2C200","width":350,"height":200,"srcset":"https:\/\/i0.wp.com\/idnu.ch\/wordpress\/wp-content\/uploads\/2013\/02\/IMG_2091.jpg?fit=800%2C533&ssl=1&resize=350%2C200 1x, https:\/\/i0.wp.com\/idnu.ch\/wordpress\/wp-content\/uploads\/2013\/02\/IMG_2091.jpg?fit=800%2C533&ssl=1&resize=525%2C300 1.5x, https:\/\/i0.wp.com\/idnu.ch\/wordpress\/wp-content\/uploads\/2013\/02\/IMG_2091.jpg?fit=800%2C533&ssl=1&resize=700%2C400 2x"},"classes":[]},{"id":123,"url":"https:\/\/idnu.ch\/wordpress\/familientipp-schlitteln-am-furkapass\/","url_meta":{"origin":163,"position":2},"title":"Familientipp: Schlitteln am Furkapass","author":"Urs Kyburz","date":"1. Dezember 2014","format":"aside","excerpt":"Mein neuster Beitrag im Wandermagazin 12\/2014: Schlitteln am Furkapass. Jetzt am Kiosk oder als Download in der Wandermagazin-App.","rel":"","context":"In &quot;Luzern - Vierwaldst\u00e4ttersee&quot;","block_context":{"text":"Luzern - Vierwaldst\u00e4ttersee","link":"https:\/\/idnu.ch\/wordpress\/category\/tourismusregionen\/luzern-vierwaldstaettersee\/"},"img":{"alt_text":"Artikel \"Schussfahrt\"","src":"https:\/\/i0.wp.com\/idnu.ch\/wordpress\/wp-content\/uploads\/2014\/12\/201412-schlitteln-furkapass.jpg?fit=1144%2C862&ssl=1&resize=350%2C200","width":350,"height":200,"srcset":"https:\/\/i0.wp.com\/idnu.ch\/wordpress\/wp-content\/uploads\/2014\/12\/201412-schlitteln-furkapass.jpg?fit=1144%2C862&ssl=1&resize=350%2C200 1x, https:\/\/i0.wp.com\/idnu.ch\/wordpress\/wp-content\/uploads\/2014\/12\/201412-schlitteln-furkapass.jpg?fit=1144%2C862&ssl=1&resize=525%2C300 1.5x, https:\/\/i0.wp.com\/idnu.ch\/wordpress\/wp-content\/uploads\/2014\/12\/201412-schlitteln-furkapass.jpg?fit=1144%2C862&ssl=1&resize=700%2C400 2x, https:\/\/i0.wp.com\/idnu.ch\/wordpress\/wp-content\/uploads\/2014\/12\/201412-schlitteln-furkapass.jpg?fit=1144%2C862&ssl=1&resize=1050%2C600 3x"},"classes":[]},{"id":182,"url":"https:\/\/idnu.ch\/wordpress\/familientipp-im-wandermagazin-voegel-beobachten-im-winter\/","url_meta":{"origin":163,"position":3},"title":"Familientipp im Wandermagazin: V\u00f6gel beobachten im Winter","author":"Urs Kyburz","date":"29. November 2013","format":"aside","excerpt":"V\u00f6gel beobachten ist viel spannender, als es im ersten Moment t\u00f6nt, es ist ein Spass f\u00fcr die ganze Familie. Im Winter kommen viele G\u00e4ste aus dem Norden. Aber was braucht es zum Beobachten? Was muss man wissen? Wo kann man am besten V\u00f6gel beobachten. Dies alles steht im neuen\u00a0Wandermagazin SCHWEIZ.","rel":"","context":"In &quot;Naturerlebnis&quot;","block_context":{"text":"Naturerlebnis","link":"https:\/\/idnu.ch\/wordpress\/category\/naturerlebnis\/"},"img":{"alt_text":"V\u00f6gel beobachten im Winter","src":"https:\/\/i0.wp.com\/idnu.ch\/wordpress\/wp-content\/uploads\/2015\/10\/IMG_1581.jpg?fit=1200%2C800&ssl=1&resize=350%2C200","width":350,"height":200,"srcset":"https:\/\/i0.wp.com\/idnu.ch\/wordpress\/wp-content\/uploads\/2015\/10\/IMG_1581.jpg?fit=1200%2C800&ssl=1&resize=350%2C200 1x, https:\/\/i0.wp.com\/idnu.ch\/wordpress\/wp-content\/uploads\/2015\/10\/IMG_1581.jpg?fit=1200%2C800&ssl=1&resize=525%2C300 1.5x, https:\/\/i0.wp.com\/idnu.ch\/wordpress\/wp-content\/uploads\/2015\/10\/IMG_1581.jpg?fit=1200%2C800&ssl=1&resize=700%2C400 2x, https:\/\/i0.wp.com\/idnu.ch\/wordpress\/wp-content\/uploads\/2015\/10\/IMG_1581.jpg?fit=1200%2C800&ssl=1&resize=1050%2C600 3x"},"classes":[]},{"id":1894,"url":"https:\/\/idnu.ch\/wordpress\/familientipp-der-wald-im-winter\/","url_meta":{"origin":163,"position":4},"title":"Familientipp: Der Wald im Winter","author":"Urs Kyburz","date":"5. Dezember 2015","format":"aside","excerpt":"Im Winter ist es \u00f6de und langweilig im Wald? Mitnichten! Es lohnt sich, die Augen zu \u00f6ffnen (\u00fcbrigens nicht nur im Winterwald, sondern immer in der Natur). Nachzulesen im Wandermagazin SCHWEIZ 12\/2015. Jetzt am Kiosk oder zum Bestellen.","rel":"","context":"In &quot;Wandermagazin&quot;","block_context":{"text":"Wandermagazin","link":"https:\/\/idnu.ch\/wordpress\/category\/idnu-in-den-medien\/wandermagazin\/"},"img":{"alt_text":"Der Wald im Winter","src":"https:\/\/i0.wp.com\/idnu.ch\/wordpress\/wp-content\/uploads\/2015\/12\/07_wald_im_winter_total.jpg?fit=1200%2C838&ssl=1&resize=350%2C200","width":350,"height":200,"srcset":"https:\/\/i0.wp.com\/idnu.ch\/wordpress\/wp-content\/uploads\/2015\/12\/07_wald_im_winter_total.jpg?fit=1200%2C838&ssl=1&resize=350%2C200 1x, https:\/\/i0.wp.com\/idnu.ch\/wordpress\/wp-content\/uploads\/2015\/12\/07_wald_im_winter_total.jpg?fit=1200%2C838&ssl=1&resize=525%2C300 1.5x, https:\/\/i0.wp.com\/idnu.ch\/wordpress\/wp-content\/uploads\/2015\/12\/07_wald_im_winter_total.jpg?fit=1200%2C838&ssl=1&resize=700%2C400 2x, https:\/\/i0.wp.com\/idnu.ch\/wordpress\/wp-content\/uploads\/2015\/12\/07_wald_im_winter_total.jpg?fit=1200%2C838&ssl=1&resize=1050%2C600 3x"},"classes":[]},{"id":1272,"url":"https:\/\/idnu.ch\/wordpress\/familientipp-dreitausender-drunter-und-drueber\/","url_meta":{"origin":163,"position":5},"title":"Familientipp: Dreitausender drunter und dr\u00fcber","author":"Urs Kyburz","date":"11. Oktober 2015","format":"aside","excerpt":"Mein neuster Familientipp im Wandermagazin: Ferien in Davos - was sportliche Familien unternehmen k\u00f6nnen. Wandermagazin SCHWEIZ 10\/11_2015 ist jetzt am Kiosk erh\u00e4ltlich oder direkt hier zu bestellen:\u00a0Rothus Verlag, Solothurn","rel":"","context":"In &quot;Graub\u00fcnden&quot;","block_context":{"text":"Graub\u00fcnden","link":"https:\/\/idnu.ch\/wordpress\/category\/kanton\/graubuenden\/"},"img":{"alt_text":"Biken im Dischmatal","src":"https:\/\/i0.wp.com\/idnu.ch\/wordpress\/wp-content\/uploads\/2012\/10\/IMG_0168.jpg?fit=1200%2C800&ssl=1&resize=350%2C200","width":350,"height":200,"srcset":"https:\/\/i0.wp.com\/idnu.ch\/wordpress\/wp-content\/uploads\/2012\/10\/IMG_0168.jpg?fit=1200%2C800&ssl=1&resize=350%2C200 1x, https:\/\/i0.wp.com\/idnu.ch\/wordpress\/wp-content\/uploads\/2012\/10\/IMG_0168.jpg?fit=1200%2C800&ssl=1&resize=525%2C300 1.5x, https:\/\/i0.wp.com\/idnu.ch\/wordpress\/wp-content\/uploads\/2012\/10\/IMG_0168.jpg?fit=1200%2C800&ssl=1&resize=700%2C400 2x, https:\/\/i0.wp.com\/idnu.ch\/wordpress\/wp-content\/uploads\/2012\/10\/IMG_0168.jpg?fit=1200%2C800&ssl=1&resize=1050%2C600 3x"},"classes":[]}],"jetpack_likes_enabled":true,"_links":{"self":[{"href":"https:\/\/idnu.ch\/wordpress\/wp-json\/wp\/v2\/posts\/163","targetHints":{"allow":["GET"]}}],"collection":[{"href":"https:\/\/idnu.ch\/wordpress\/wp-json\/wp\/v2\/posts"}],"about":[{"href":"https:\/\/idnu.ch\/wordpress\/wp-json\/wp\/v2\/types\/post"}],"author":[{"embeddable":true,"href":"https:\/\/idnu.ch\/wordpress\/wp-json\/wp\/v2\/users\/2"}],"replies":[{"embeddable":true,"href":"https:\/\/idnu.ch\/wordpress\/wp-json\/wp\/v2\/comments?post=163"}],"version-history":[{"count":2,"href":"https:\/\/idnu.ch\/wordpress\/wp-json\/wp\/v2\/posts\/163\/revisions"}],"predecessor-version":[{"id":6776,"href":"https:\/\/idnu.ch\/wordpress\/wp-json\/wp\/v2\/posts\/163\/revisions\/6776"}],"wp:featuredmedia":[{"embeddable":true,"href":"https:\/\/idnu.ch\/wordpress\/wp-json\/wp\/v2\/media\/1286"}],"wp:attachment":[{"href":"https:\/\/idnu.ch\/wordpress\/wp-json\/wp\/v2\/media?parent=163"}],"wp:term":[{"taxonomy":"category","embeddable":true,"href":"https:\/\/idnu.ch\/wordpress\/wp-json\/wp\/v2\/categories?post=163"},{"taxonomy":"post_tag","embeddable":true,"href":"https:\/\/idnu.ch\/wordpress\/wp-json\/wp\/v2\/tags?post=163"}],"curies":[{"name":"wp","href":"https:\/\/api.w.org\/{rel}","templated":true}]}}