{"id":165,"date":"2014-03-24T16:50:00","date_gmt":"2014-03-24T15:50:00","guid":{"rendered":"http:\/\/idnu.ch\/wordpress\/warum-der-geissberg-gaemsberg-heissen-sollte\/"},"modified":"2024-02-15T16:49:01","modified_gmt":"2024-02-15T15:49:01","slug":"warum-der-geissberg-gaemsberg-heissen-sollte","status":"publish","type":"post","link":"https:\/\/idnu.ch\/wordpress\/warum-der-geissberg-gaemsberg-heissen-sollte\/","title":{"rendered":"Warum der Geissberg G\u00e4msberg heissen sollte"},"content":{"rendered":"<p><b>Hohe Gipfel? Und dann noch im Aargau? Nun, ein hoher Gipfel ist eine Frage der Perspektive: F\u00fcr ein dreij\u00e4hriges Kind sind 350 Meter Aufstieg schon sehr ordentlich. So hoch hinauf geht es n\u00e4mlich. Und es ist durchaus m\u00f6glich, dort G\u00e4msen zu beobachten, ist dort doch eine der zwei gr\u00f6sseren G\u00e4mskolonien im Aargau beheimatet und das erkl\u00e4rt, warum der Geissberg G\u00e4msberg heissen sollte.<\/b><\/p>\n<figure id=\"attachment_4631\" aria-describedby=\"caption-attachment-4631\" style=\"width: 900px\" class=\"wp-caption aligncenter\"><img data-recalc-dims=\"1\" loading=\"lazy\" decoding=\"async\" data-attachment-id=\"4631\" data-permalink=\"https:\/\/idnu.ch\/wordpress\/warum-der-geissberg-gaemsberg-heissen-sollte\/img_4842-2\/#main\" data-orig-file=\"https:\/\/i0.wp.com\/idnu.ch\/wordpress\/wp-content\/uploads\/2016\/06\/IMG_4842.jpg?fit=900%2C600&amp;ssl=1\" data-orig-size=\"900,600\" data-comments-opened=\"1\" data-image-meta=\"{&quot;aperture&quot;:&quot;8&quot;,&quot;credit&quot;:&quot;Urs Kyburz&quot;,&quot;camera&quot;:&quot;Canon EOS 60D&quot;,&quot;caption&quot;:&quot;&quot;,&quot;created_timestamp&quot;:&quot;1332064009&quot;,&quot;copyright&quot;:&quot;&quot;,&quot;focal_length&quot;:&quot;17&quot;,&quot;iso&quot;:&quot;100&quot;,&quot;shutter_speed&quot;:&quot;0.004&quot;,&quot;title&quot;:&quot;&quot;,&quot;orientation&quot;:&quot;1&quot;}\" data-image-title=\"Auf dem Weg zum Villiger Geissberg\" data-image-description=\"\" data-image-caption=\"&lt;p&gt;Auf dem Weg zum Villiger Geissberg&lt;\/p&gt;\n\" data-large-file=\"https:\/\/i0.wp.com\/idnu.ch\/wordpress\/wp-content\/uploads\/2016\/06\/IMG_4842.jpg?fit=750%2C500&amp;ssl=1\" class=\"size-full wp-image-4631\" src=\"https:\/\/i0.wp.com\/idnu.ch\/wordpress\/wp-content\/uploads\/2016\/06\/IMG_4842.jpg?resize=750%2C500&#038;ssl=1\" alt=\"Auf dem Weg zum Villiger Geissberg\" width=\"750\" height=\"500\" srcset=\"https:\/\/i0.wp.com\/idnu.ch\/wordpress\/wp-content\/uploads\/2016\/06\/IMG_4842.jpg?w=900&amp;ssl=1 900w, https:\/\/i0.wp.com\/idnu.ch\/wordpress\/wp-content\/uploads\/2016\/06\/IMG_4842.jpg?resize=300%2C200&amp;ssl=1 300w, https:\/\/i0.wp.com\/idnu.ch\/wordpress\/wp-content\/uploads\/2016\/06\/IMG_4842.jpg?resize=768%2C512&amp;ssl=1 768w, https:\/\/i0.wp.com\/idnu.ch\/wordpress\/wp-content\/uploads\/2016\/06\/IMG_4842.jpg?resize=150%2C100&amp;ssl=1 150w\" sizes=\"auto, (max-width: 750px) 100vw, 750px\" \/><figcaption id=\"caption-attachment-4631\" class=\"wp-caption-text\">Auf dem Weg zum Villiger Geissberg<\/figcaption><\/figure>\n<h2>Start im Winzerdorf<\/h2>\n<p>Der Ausgangspunkt unserer Wanderung ist Remigen in der N\u00e4he von Brugg. Vom Dorfzentrum steigen wir zum Wald hoch. Der Blick schweift \u00fcber die Ebene Richtung Bruggerberg. An den H\u00e4ngen rechts des Weges wachsen die Reben, die typisch sind f\u00fcr das Winzerdorf. Unsere beiden Jungs sind \u00fcberm\u00fctig, sie rennen hin und her wie Hunde. Dabei verpassen sie das Labyrinth, das in den Erdboden gegraben ist und dem Fussbodenlabyrinth der Kathedrale von Chartres nachempfunden wurde.<\/p>\n<p>Gegen Villigen zu entdecken wir am Waldrand einen Bunker aus dem Zweiten Weltkrieg. Er geh\u00f6rt zu einer ganzen Serie von Bunker, die die Sperrstelle Villigen am Geissberg bildeten. Beim Schlossberg beginnt der Aufstieg zur Ruine Besserstein. Doch vorher k\u00f6nnen sich die Kinder noch im Spielwald erholen. Die \u201eSpielger\u00e4te\u201c bestehen alle aus dem, was man im Wald so findet: Holz, Steine, Stecken usw.<\/p>\n<div class=\"tiled-gallery type-rectangular tiled-gallery-unresized\" data-original-width=\"750\" data-carousel-extra='{&quot;blog_id&quot;:1,&quot;permalink&quot;:&quot;https:\\\/\\\/idnu.ch\\\/wordpress\\\/warum-der-geissberg-gaemsberg-heissen-sollte\\\/&quot;,&quot;likes_blog_id&quot;:100184974}' itemscope itemtype=\"http:\/\/schema.org\/ImageGallery\" > <div class=\"gallery-row\" style=\"width: 750px; height: 530px;\" data-original-width=\"750\" data-original-height=\"530\" > <div class=\"gallery-group images-1\" style=\"width: 355px; height: 530px;\" data-original-width=\"355\" data-original-height=\"530\" > <div class=\"tiled-gallery-item tiled-gallery-item-large\" itemprop=\"associatedMedia\" itemscope itemtype=\"http:\/\/schema.org\/ImageObject\"> <a href=\"https:\/\/idnu.ch\/wordpress\/img_4840\/\" border=\"0\" itemprop=\"url\"> <meta itemprop=\"width\" content=\"351\"> <meta itemprop=\"height\" content=\"526\"> <img decoding=\"async\" class=\"\" data-attachment-id=\"4630\" data-orig-file=\"https:\/\/idnu.ch\/wordpress\/wp-content\/uploads\/2016\/06\/IMG_4840.jpg\" data-orig-size=\"600,900\" data-comments-opened=\"1\" data-image-meta=\"{&quot;aperture&quot;:&quot;5&quot;,&quot;credit&quot;:&quot;Urs Kyburz&quot;,&quot;camera&quot;:&quot;Canon EOS 60D&quot;,&quot;caption&quot;:&quot;&quot;,&quot;created_timestamp&quot;:&quot;1332063892&quot;,&quot;copyright&quot;:&quot;&quot;,&quot;focal_length&quot;:&quot;20&quot;,&quot;iso&quot;:&quot;100&quot;,&quot;shutter_speed&quot;:&quot;0.004&quot;,&quot;title&quot;:&quot;&quot;,&quot;orientation&quot;:&quot;1&quot;}\" data-image-title=\"Bunkeranlage aus dem 2. Weltkrieg\" data-image-description=\"\" data-medium-file=\"https:\/\/i0.wp.com\/idnu.ch\/wordpress\/wp-content\/uploads\/2016\/06\/IMG_4840.jpg?fit=200%2C300&#038;ssl=1\" data-large-file=\"https:\/\/i0.wp.com\/idnu.ch\/wordpress\/wp-content\/uploads\/2016\/06\/IMG_4840.jpg?fit=600%2C900&#038;ssl=1\" src=\"https:\/\/i0.wp.com\/idnu.ch\/wordpress\/wp-content\/uploads\/2016\/06\/IMG_4840.jpg?w=351&#038;h=526&#038;ssl=1\" srcset=\"https:\/\/i0.wp.com\/idnu.ch\/wordpress\/wp-content\/uploads\/2016\/06\/IMG_4840.jpg?w=600&amp;ssl=1 600w, https:\/\/i0.wp.com\/idnu.ch\/wordpress\/wp-content\/uploads\/2016\/06\/IMG_4840.jpg?resize=200%2C300&amp;ssl=1 200w, https:\/\/i0.wp.com\/idnu.ch\/wordpress\/wp-content\/uploads\/2016\/06\/IMG_4840.jpg?resize=67%2C100&amp;ssl=1 67w\" width=\"351\" height=\"526\" loading=\"lazy\" data-original-width=\"351\" data-original-height=\"526\" itemprop=\"http:\/\/schema.org\/image\" title=\"Bunkeranlage aus dem 2. Weltkrieg\" alt=\"Bunkeranlage aus dem 2. Weltkrieg\" style=\"width: 351px; height: 526px;\" \/> <\/a> <div class=\"tiled-gallery-caption\" itemprop=\"caption description\"> Bunkeranlage aus dem 2. Weltkrieg <\/div> <\/div> <\/div> <!-- close group --> <div class=\"gallery-group images-2\" style=\"width: 395px; height: 530px;\" data-original-width=\"395\" data-original-height=\"530\" > <div class=\"tiled-gallery-item tiled-gallery-item-large\" itemprop=\"associatedMedia\" itemscope itemtype=\"http:\/\/schema.org\/ImageObject\"> <a href=\"https:\/\/idnu.ch\/wordpress\/wandern-und-velofahren-mit-distanz\/img_4854\/#main\" border=\"0\" itemprop=\"url\"> <meta itemprop=\"width\" content=\"391\"> <meta itemprop=\"height\" content=\"261\"> <img decoding=\"async\" class=\"\" data-attachment-id=\"4632\" data-orig-file=\"https:\/\/idnu.ch\/wordpress\/wp-content\/uploads\/2016\/06\/IMG_4854.jpg\" data-orig-size=\"900,600\" data-comments-opened=\"1\" data-image-meta=\"{&quot;aperture&quot;:&quot;7.1&quot;,&quot;credit&quot;:&quot;Urs Kyburz&quot;,&quot;camera&quot;:&quot;Canon EOS 60D&quot;,&quot;caption&quot;:&quot;&quot;,&quot;created_timestamp&quot;:&quot;1332067159&quot;,&quot;copyright&quot;:&quot;&quot;,&quot;focal_length&quot;:&quot;17&quot;,&quot;iso&quot;:&quot;100&quot;,&quot;shutter_speed&quot;:&quot;0.008&quot;,&quot;title&quot;:&quot;&quot;,&quot;orientation&quot;:&quot;1&quot;}\" data-image-title=\"Noch ein paar Stufen zum Aussichtspunkt\" data-image-description=\"\" data-medium-file=\"https:\/\/i0.wp.com\/idnu.ch\/wordpress\/wp-content\/uploads\/2016\/06\/IMG_4854.jpg?fit=300%2C200&#038;ssl=1\" data-large-file=\"https:\/\/i0.wp.com\/idnu.ch\/wordpress\/wp-content\/uploads\/2016\/06\/IMG_4854.jpg?fit=750%2C500&#038;ssl=1\" src=\"https:\/\/i0.wp.com\/idnu.ch\/wordpress\/wp-content\/uploads\/2016\/06\/IMG_4854.jpg?w=391&#038;h=261&#038;ssl=1\" srcset=\"https:\/\/i0.wp.com\/idnu.ch\/wordpress\/wp-content\/uploads\/2016\/06\/IMG_4854.jpg?w=900&amp;ssl=1 900w, https:\/\/i0.wp.com\/idnu.ch\/wordpress\/wp-content\/uploads\/2016\/06\/IMG_4854.jpg?resize=300%2C200&amp;ssl=1 300w, https:\/\/i0.wp.com\/idnu.ch\/wordpress\/wp-content\/uploads\/2016\/06\/IMG_4854.jpg?resize=768%2C512&amp;ssl=1 768w, https:\/\/i0.wp.com\/idnu.ch\/wordpress\/wp-content\/uploads\/2016\/06\/IMG_4854.jpg?resize=150%2C100&amp;ssl=1 150w\" width=\"391\" height=\"261\" loading=\"lazy\" data-original-width=\"391\" data-original-height=\"261\" itemprop=\"http:\/\/schema.org\/image\" title=\"Noch ein paar Stufen zum Aussichtspunkt\" alt=\"Noch ein paar Stufen zum Aussichtspunkt\" style=\"width: 391px; height: 261px;\" \/> <\/a> <div class=\"tiled-gallery-caption\" itemprop=\"caption description\"> Noch ein paar Stufen zum Aussichtspunkt <\/div> <\/div> <div class=\"tiled-gallery-item tiled-gallery-item-large\" itemprop=\"associatedMedia\" itemscope itemtype=\"http:\/\/schema.org\/ImageObject\"> <a href=\"https:\/\/idnu.ch\/wordpress\/13-fruehlingswanderungen-im-mittelland-und-jura\/img_4865\/#main\" border=\"0\" itemprop=\"url\"> <meta itemprop=\"width\" content=\"391\"> <meta itemprop=\"height\" content=\"261\"> <img decoding=\"async\" class=\"\" data-attachment-id=\"4633\" data-orig-file=\"https:\/\/idnu.ch\/wordpress\/wp-content\/uploads\/2016\/06\/IMG_4865.jpg\" data-orig-size=\"900,600\" data-comments-opened=\"1\" data-image-meta=\"{&quot;aperture&quot;:&quot;14&quot;,&quot;credit&quot;:&quot;Urs Kyburz&quot;,&quot;camera&quot;:&quot;Canon EOS 60D&quot;,&quot;caption&quot;:&quot;&quot;,&quot;created_timestamp&quot;:&quot;1332067442&quot;,&quot;copyright&quot;:&quot;&quot;,&quot;focal_length&quot;:&quot;17&quot;,&quot;iso&quot;:&quot;100&quot;,&quot;shutter_speed&quot;:&quot;0.008&quot;,&quot;title&quot;:&quot;&quot;,&quot;orientation&quot;:&quot;1&quot;}\" data-image-title=\"Sch\u00f6ne Aussicht \u00fcber das Aaretal\" data-image-description=\"\" data-medium-file=\"https:\/\/i0.wp.com\/idnu.ch\/wordpress\/wp-content\/uploads\/2016\/06\/IMG_4865.jpg?fit=300%2C200&#038;ssl=1\" data-large-file=\"https:\/\/i0.wp.com\/idnu.ch\/wordpress\/wp-content\/uploads\/2016\/06\/IMG_4865.jpg?fit=750%2C500&#038;ssl=1\" src=\"https:\/\/i0.wp.com\/idnu.ch\/wordpress\/wp-content\/uploads\/2016\/06\/IMG_4865.jpg?w=391&#038;h=261&#038;ssl=1\" srcset=\"https:\/\/i0.wp.com\/idnu.ch\/wordpress\/wp-content\/uploads\/2016\/06\/IMG_4865.jpg?w=900&amp;ssl=1 900w, https:\/\/i0.wp.com\/idnu.ch\/wordpress\/wp-content\/uploads\/2016\/06\/IMG_4865.jpg?resize=300%2C200&amp;ssl=1 300w, https:\/\/i0.wp.com\/idnu.ch\/wordpress\/wp-content\/uploads\/2016\/06\/IMG_4865.jpg?resize=768%2C512&amp;ssl=1 768w, https:\/\/i0.wp.com\/idnu.ch\/wordpress\/wp-content\/uploads\/2016\/06\/IMG_4865.jpg?resize=150%2C100&amp;ssl=1 150w\" width=\"391\" height=\"261\" loading=\"lazy\" data-original-width=\"391\" data-original-height=\"261\" itemprop=\"http:\/\/schema.org\/image\" title=\"Sch\u00f6ne Aussicht \u00fcber das Aaretal\" alt=\"Sch\u00f6ne Aussicht \u00fcber das Aaretal\" style=\"width: 391px; height: 261px;\" \/> <\/a> <div class=\"tiled-gallery-caption\" itemprop=\"caption description\"> Sch\u00f6ne Aussicht \u00fcber das Aaretal <\/div> <\/div> <\/div> <!-- close group --> <\/div> <!-- close row --> <\/div>\n<h2>Rest einer Burg<\/h2>\n<p>Nun steigt der Weg aber an. Im Zickzack gewinnen wir schnell an H\u00f6he. Auf einer Bank unterhalb des Aussichtspunktes rasten wir im Windschatten, denn es ist noch k\u00fchl an diesem M\u00e4rzsonntag. Ich hebe einen Stein auf \u2013 und finde darauf einen Abdruck einer Muschel. Das macht die Wanderung f\u00fcr die Kinder grad nochmals spannender. Zuoberst finden sich Reste von Wehrbauten aus 3000 Jahren. Die \u00e4lteste stammt aus der sp\u00e4ten Bronzezeit. 1244 wurde erstmals die Burg Besserstein erw\u00e4hnt, die aber schon anfangs 14. Jahrhundert verlassen wurde und zerfiel.<\/p>\n<p>1939\/1940 wurde wie schon erw\u00e4hnt ein umfangreiches Bunkersystem gebaut. Die Aussicht reicht vom Schwarzwald \u00fcber das Mittelland bis zu den Alpen. Unter anderem blickt man auf das Paul-Scherrer-Institut mit dem markanten runden Geb\u00e4ude der Synchrotron Lichtquelle (n\u00e4heres unter <a href=\"http:\/\/www.psi.ch\/\" target=\"_blank\" rel=\"noopener\">www.psi.ch<\/a>). Auf Forststrassen wandern wir nun auf dem R\u00fccken des Geissberges durch typischen Mittellandwald.<\/p>\n<div class=\"tiled-gallery type-rectangular tiled-gallery-unresized\" data-original-width=\"750\" data-carousel-extra='{&quot;blog_id&quot;:1,&quot;permalink&quot;:&quot;https:\\\/\\\/idnu.ch\\\/wordpress\\\/warum-der-geissberg-gaemsberg-heissen-sollte\\\/&quot;,&quot;likes_blog_id&quot;:100184974}' itemscope itemtype=\"http:\/\/schema.org\/ImageGallery\" > <div class=\"gallery-row\" style=\"width: 750px; height: 530px;\" data-original-width=\"750\" data-original-height=\"530\" > <div class=\"gallery-group images-1\" style=\"width: 355px; height: 530px;\" data-original-width=\"355\" data-original-height=\"530\" > <div class=\"tiled-gallery-item tiled-gallery-item-large\" itemprop=\"associatedMedia\" itemscope itemtype=\"http:\/\/schema.org\/ImageObject\"> <a href=\"https:\/\/idnu.ch\/wordpress\/img_4879\/\" border=\"0\" itemprop=\"url\"> <meta itemprop=\"width\" content=\"351\"> <meta itemprop=\"height\" content=\"526\"> <img decoding=\"async\" class=\"\" data-attachment-id=\"4634\" data-orig-file=\"https:\/\/idnu.ch\/wordpress\/wp-content\/uploads\/2016\/06\/IMG_4879.jpg\" data-orig-size=\"600,900\" data-comments-opened=\"1\" data-image-meta=\"{&quot;aperture&quot;:&quot;5.6&quot;,&quot;credit&quot;:&quot;Urs Kyburz&quot;,&quot;camera&quot;:&quot;Canon EOS 60D&quot;,&quot;caption&quot;:&quot;&quot;,&quot;created_timestamp&quot;:&quot;1332068037&quot;,&quot;copyright&quot;:&quot;&quot;,&quot;focal_length&quot;:&quot;38&quot;,&quot;iso&quot;:&quot;400&quot;,&quot;shutter_speed&quot;:&quot;0.00625&quot;,&quot;title&quot;:&quot;&quot;,&quot;orientation&quot;:&quot;1&quot;}\" data-image-title=\"Ein Saurierfuss?\" data-image-description=\"\" data-medium-file=\"https:\/\/i0.wp.com\/idnu.ch\/wordpress\/wp-content\/uploads\/2016\/06\/IMG_4879.jpg?fit=200%2C300&#038;ssl=1\" data-large-file=\"https:\/\/i0.wp.com\/idnu.ch\/wordpress\/wp-content\/uploads\/2016\/06\/IMG_4879.jpg?fit=600%2C900&#038;ssl=1\" src=\"https:\/\/i0.wp.com\/idnu.ch\/wordpress\/wp-content\/uploads\/2016\/06\/IMG_4879.jpg?w=351&#038;h=526&#038;ssl=1\" srcset=\"https:\/\/i0.wp.com\/idnu.ch\/wordpress\/wp-content\/uploads\/2016\/06\/IMG_4879.jpg?w=600&amp;ssl=1 600w, https:\/\/i0.wp.com\/idnu.ch\/wordpress\/wp-content\/uploads\/2016\/06\/IMG_4879.jpg?resize=200%2C300&amp;ssl=1 200w, https:\/\/i0.wp.com\/idnu.ch\/wordpress\/wp-content\/uploads\/2016\/06\/IMG_4879.jpg?resize=67%2C100&amp;ssl=1 67w\" width=\"351\" height=\"526\" loading=\"lazy\" data-original-width=\"351\" data-original-height=\"526\" itemprop=\"http:\/\/schema.org\/image\" title=\"Ein Saurierfuss?\" alt=\"Ein Saurierfuss?\" style=\"width: 351px; height: 526px;\" \/> <\/a> <div class=\"tiled-gallery-caption\" itemprop=\"caption description\"> Ein Saurierfuss? <\/div> <\/div> <\/div> <!-- close group --> <div class=\"gallery-group images-2\" style=\"width: 395px; height: 530px;\" data-original-width=\"395\" data-original-height=\"530\" > <div class=\"tiled-gallery-item tiled-gallery-item-large\" itemprop=\"associatedMedia\" itemscope itemtype=\"http:\/\/schema.org\/ImageObject\"> <a href=\"https:\/\/idnu.ch\/wordpress\/img_4890\/\" border=\"0\" itemprop=\"url\"> <meta itemprop=\"width\" content=\"391\"> <meta itemprop=\"height\" content=\"261\"> <img decoding=\"async\" class=\"\" data-attachment-id=\"4635\" data-orig-file=\"https:\/\/idnu.ch\/wordpress\/wp-content\/uploads\/2016\/06\/IMG_4890.jpg\" data-orig-size=\"900,600\" data-comments-opened=\"1\" data-image-meta=\"{&quot;aperture&quot;:&quot;8&quot;,&quot;credit&quot;:&quot;Urs Kyburz&quot;,&quot;camera&quot;:&quot;Canon EOS 60D&quot;,&quot;caption&quot;:&quot;&quot;,&quot;created_timestamp&quot;:&quot;1332069675&quot;,&quot;copyright&quot;:&quot;&quot;,&quot;focal_length&quot;:&quot;17&quot;,&quot;iso&quot;:&quot;100&quot;,&quot;shutter_speed&quot;:&quot;0.00625&quot;,&quot;title&quot;:&quot;&quot;,&quot;orientation&quot;:&quot;1&quot;}\" data-image-title=\"Mondlandschaft: Kalkabbau am Gabenchopf durch die Holcim\" data-image-description=\"\" data-medium-file=\"https:\/\/i0.wp.com\/idnu.ch\/wordpress\/wp-content\/uploads\/2016\/06\/IMG_4890.jpg?fit=300%2C200&#038;ssl=1\" data-large-file=\"https:\/\/i0.wp.com\/idnu.ch\/wordpress\/wp-content\/uploads\/2016\/06\/IMG_4890.jpg?fit=750%2C500&#038;ssl=1\" src=\"https:\/\/i0.wp.com\/idnu.ch\/wordpress\/wp-content\/uploads\/2016\/06\/IMG_4890.jpg?w=391&#038;h=261&#038;ssl=1\" srcset=\"https:\/\/i0.wp.com\/idnu.ch\/wordpress\/wp-content\/uploads\/2016\/06\/IMG_4890.jpg?w=900&amp;ssl=1 900w, https:\/\/i0.wp.com\/idnu.ch\/wordpress\/wp-content\/uploads\/2016\/06\/IMG_4890.jpg?resize=300%2C200&amp;ssl=1 300w, https:\/\/i0.wp.com\/idnu.ch\/wordpress\/wp-content\/uploads\/2016\/06\/IMG_4890.jpg?resize=768%2C512&amp;ssl=1 768w, https:\/\/i0.wp.com\/idnu.ch\/wordpress\/wp-content\/uploads\/2016\/06\/IMG_4890.jpg?resize=150%2C100&amp;ssl=1 150w\" width=\"391\" height=\"261\" loading=\"lazy\" data-original-width=\"391\" data-original-height=\"261\" itemprop=\"http:\/\/schema.org\/image\" title=\"Mondlandschaft: Kalkabbau am Gabenchopf durch die Holcim\" alt=\"Mondlandschaft: Kalkabbau am Gabenchopf durch die Holcim\" style=\"width: 391px; height: 261px;\" \/> <\/a> <div class=\"tiled-gallery-caption\" itemprop=\"caption description\"> Mondlandschaft: Kalkabbau am Gabenchopf durch die Holcim <\/div> <\/div> <div class=\"tiled-gallery-item tiled-gallery-item-large\" itemprop=\"associatedMedia\" itemscope itemtype=\"http:\/\/schema.org\/ImageObject\"> <a href=\"https:\/\/idnu.ch\/wordpress\/img_4907\/\" border=\"0\" itemprop=\"url\"> <meta itemprop=\"width\" content=\"391\"> <meta itemprop=\"height\" content=\"261\"> <img decoding=\"async\" class=\"\" data-attachment-id=\"4636\" data-orig-file=\"https:\/\/idnu.ch\/wordpress\/wp-content\/uploads\/2016\/06\/IMG_4907.jpg\" data-orig-size=\"900,600\" data-comments-opened=\"1\" data-image-meta=\"{&quot;aperture&quot;:&quot;4.5&quot;,&quot;credit&quot;:&quot;Urs Kyburz&quot;,&quot;camera&quot;:&quot;Canon EOS 60D&quot;,&quot;caption&quot;:&quot;&quot;,&quot;created_timestamp&quot;:&quot;1332071407&quot;,&quot;copyright&quot;:&quot;&quot;,&quot;focal_length&quot;:&quot;20&quot;,&quot;iso&quot;:&quot;125&quot;,&quot;shutter_speed&quot;:&quot;0.00625&quot;,&quot;title&quot;:&quot;&quot;,&quot;orientation&quot;:&quot;1&quot;}\" data-image-title=\"Auf dem h\u00f6chsten Punkt, mitten im Wald (und auf einem Bunker)\" data-image-description=\"\" data-medium-file=\"https:\/\/i0.wp.com\/idnu.ch\/wordpress\/wp-content\/uploads\/2016\/06\/IMG_4907.jpg?fit=300%2C200&#038;ssl=1\" data-large-file=\"https:\/\/i0.wp.com\/idnu.ch\/wordpress\/wp-content\/uploads\/2016\/06\/IMG_4907.jpg?fit=750%2C500&#038;ssl=1\" src=\"https:\/\/i0.wp.com\/idnu.ch\/wordpress\/wp-content\/uploads\/2016\/06\/IMG_4907.jpg?w=391&#038;h=261&#038;ssl=1\" srcset=\"https:\/\/i0.wp.com\/idnu.ch\/wordpress\/wp-content\/uploads\/2016\/06\/IMG_4907.jpg?w=900&amp;ssl=1 900w, https:\/\/i0.wp.com\/idnu.ch\/wordpress\/wp-content\/uploads\/2016\/06\/IMG_4907.jpg?resize=300%2C200&amp;ssl=1 300w, https:\/\/i0.wp.com\/idnu.ch\/wordpress\/wp-content\/uploads\/2016\/06\/IMG_4907.jpg?resize=768%2C512&amp;ssl=1 768w, https:\/\/i0.wp.com\/idnu.ch\/wordpress\/wp-content\/uploads\/2016\/06\/IMG_4907.jpg?resize=150%2C100&amp;ssl=1 150w\" width=\"391\" height=\"261\" loading=\"lazy\" data-original-width=\"391\" data-original-height=\"261\" itemprop=\"http:\/\/schema.org\/image\" title=\"Auf dem h\u00f6chsten Punkt, mitten im Wald (und auf einem Bunker)\" alt=\"Auf dem h\u00f6chsten Punkt, mitten im Wald (und auf einem Bunker)\" style=\"width: 391px; height: 261px;\" \/> <\/a> <div class=\"tiled-gallery-caption\" itemprop=\"caption description\"> Auf dem h\u00f6chsten Punkt, mitten im Wald (und auf einem Bunker) <\/div> <\/div> <\/div> <!-- close group --> <\/div> <!-- close row --> <\/div>\n<h2>Blick in einen gigantischen Steinbruch<\/h2>\n<p>Auf einmal \u00f6ffnet sich rechter Hand der Wald. Ein grosser Wall verdeckt jedoch die Aussicht. Wir erklimmen diesen und schauen auf einen riesigen Steinbruch. Hier wird Kalkstein zur Zementproduktion abgebaut. Radlader, deren Schaufeln 20 Tonnen Gestein fassen, laden dieses auf Muldenkipper mit 100 Tonnen Fassungsverm\u00f6gen. Die Ladung wird zum Steinbrecher transportiert, von dort mittels eines 3.8 Kilometer langen F\u00f6rderbandes zur Zementfabrik.<\/p>\n<p>Inzwischen ist die angek\u00fcndigte Kaltfront da, wir sp\u00fcren sie deutlich. Die Wolken werden auch immer dichter und dunkler. Wir folgen weiter der Waldstrasse bis zur grossen Antenne und erreichen damit fast den h\u00f6chsten Punkt. Wie im Tafeljura \u00fcblich folgt nun ein steiler Abstieg auf einem schmalen Weg. Bald erreichen wir B\u00fcrersteig, wo wir gerade eben den Bus vorbeifahren sehen. Da unsere Kinder immer aufgedrehter statt m\u00fcder werden, folgen wir dem Wanderweg nach Remigen.<\/p>\n<h2>Im R\u00f6merrebberg<\/h2>\n<p>Zwischen dem B\u00fctzberg und der Burghalde liegt ein stilles Tal, nur die V\u00f6gel zwitschern inbr\u00fcnstig. Bald kommt Remigen in Sichtweite. Die ersten Rebberge s\u00e4umen die H\u00e4nge. Wir treffen auf einen Wegweiser: \u201eR\u00f6merrebberg\u201c. Wir sind auf den Reb- und Kulturweg geraten. Dort erfahren wir, dass bereits die alten R\u00f6mer vom Legionslager Vindonissa hier Reben anbauten. Sie tranken den Wein selten pur, sondern verd\u00fcnnten ihn mit Wasser. Wer ihn unverd\u00fcnnt trank, galt als S\u00e4ufer.<\/p>\n<div class=\"tiled-gallery type-rectangular tiled-gallery-unresized\" data-original-width=\"750\" data-carousel-extra='{&quot;blog_id&quot;:1,&quot;permalink&quot;:&quot;https:\\\/\\\/idnu.ch\\\/wordpress\\\/warum-der-geissberg-gaemsberg-heissen-sollte\\\/&quot;,&quot;likes_blog_id&quot;:100184974}' itemscope itemtype=\"http:\/\/schema.org\/ImageGallery\" > <div class=\"gallery-row\" style=\"width: 750px; height: 251px;\" data-original-width=\"750\" data-original-height=\"251\" > <div class=\"gallery-group images-1\" style=\"width: 375px; height: 251px;\" data-original-width=\"375\" data-original-height=\"251\" > <div class=\"tiled-gallery-item tiled-gallery-item-large\" itemprop=\"associatedMedia\" itemscope itemtype=\"http:\/\/schema.org\/ImageObject\"> <a href=\"https:\/\/idnu.ch\/wordpress\/img_4951\/\" border=\"0\" itemprop=\"url\"> <meta itemprop=\"width\" content=\"371\"> <meta itemprop=\"height\" content=\"247\"> <img decoding=\"async\" class=\"\" data-attachment-id=\"4637\" data-orig-file=\"https:\/\/idnu.ch\/wordpress\/wp-content\/uploads\/2016\/06\/IMG_4951.jpg\" data-orig-size=\"900,600\" data-comments-opened=\"1\" data-image-meta=\"{&quot;aperture&quot;:&quot;5.6&quot;,&quot;credit&quot;:&quot;Urs Kyburz&quot;,&quot;camera&quot;:&quot;Canon EOS 60D&quot;,&quot;caption&quot;:&quot;&quot;,&quot;created_timestamp&quot;:&quot;1332076122&quot;,&quot;copyright&quot;:&quot;&quot;,&quot;focal_length&quot;:&quot;50&quot;,&quot;iso&quot;:&quot;200&quot;,&quot;shutter_speed&quot;:&quot;0.0125&quot;,&quot;title&quot;:&quot;&quot;,&quot;orientation&quot;:&quot;1&quot;}\" data-image-title=\"Zeichen des Fr\u00fchlings: Bl\u00fchende Kornellkirsche\" data-image-description=\"\" data-medium-file=\"https:\/\/i0.wp.com\/idnu.ch\/wordpress\/wp-content\/uploads\/2016\/06\/IMG_4951.jpg?fit=300%2C200&#038;ssl=1\" data-large-file=\"https:\/\/i0.wp.com\/idnu.ch\/wordpress\/wp-content\/uploads\/2016\/06\/IMG_4951.jpg?fit=750%2C500&#038;ssl=1\" src=\"https:\/\/i0.wp.com\/idnu.ch\/wordpress\/wp-content\/uploads\/2016\/06\/IMG_4951.jpg?w=371&#038;h=247&#038;ssl=1\" srcset=\"https:\/\/i0.wp.com\/idnu.ch\/wordpress\/wp-content\/uploads\/2016\/06\/IMG_4951.jpg?w=900&amp;ssl=1 900w, https:\/\/i0.wp.com\/idnu.ch\/wordpress\/wp-content\/uploads\/2016\/06\/IMG_4951.jpg?resize=300%2C200&amp;ssl=1 300w, https:\/\/i0.wp.com\/idnu.ch\/wordpress\/wp-content\/uploads\/2016\/06\/IMG_4951.jpg?resize=768%2C512&amp;ssl=1 768w, https:\/\/i0.wp.com\/idnu.ch\/wordpress\/wp-content\/uploads\/2016\/06\/IMG_4951.jpg?resize=150%2C100&amp;ssl=1 150w\" width=\"371\" height=\"247\" loading=\"lazy\" data-original-width=\"371\" data-original-height=\"247\" itemprop=\"http:\/\/schema.org\/image\" title=\"Zeichen des Fr\u00fchlings: Bl\u00fchende Kornellkirsche\" alt=\"Zeichen des Fr\u00fchlings: Bl\u00fchende Kornellkirsche\" style=\"width: 371px; height: 247px;\" \/> <\/a> <div class=\"tiled-gallery-caption\" itemprop=\"caption description\"> Zeichen des Fr\u00fchlings: Bl\u00fchende Kornellkirsche <\/div> <\/div> <\/div> <!-- close group --> <div class=\"gallery-group images-1\" style=\"width: 375px; height: 251px;\" data-original-width=\"375\" data-original-height=\"251\" > <div class=\"tiled-gallery-item tiled-gallery-item-large\" itemprop=\"associatedMedia\" itemscope itemtype=\"http:\/\/schema.org\/ImageObject\"> <a href=\"https:\/\/idnu.ch\/wordpress\/img_4964\/\" border=\"0\" itemprop=\"url\"> <meta itemprop=\"width\" content=\"371\"> <meta itemprop=\"height\" content=\"247\"> <img decoding=\"async\" class=\"\" data-attachment-id=\"4638\" data-orig-file=\"https:\/\/idnu.ch\/wordpress\/wp-content\/uploads\/2016\/06\/IMG_4964.jpg\" data-orig-size=\"900,600\" data-comments-opened=\"1\" data-image-meta=\"{&quot;aperture&quot;:&quot;4&quot;,&quot;credit&quot;:&quot;Urs Kyburz&quot;,&quot;camera&quot;:&quot;Canon EOS 60D&quot;,&quot;caption&quot;:&quot;&quot;,&quot;created_timestamp&quot;:&quot;1332076943&quot;,&quot;copyright&quot;:&quot;&quot;,&quot;focal_length&quot;:&quot;17&quot;,&quot;iso&quot;:&quot;100&quot;,&quot;shutter_speed&quot;:&quot;0.01&quot;,&quot;title&quot;:&quot;&quot;,&quot;orientation&quot;:&quot;1&quot;}\" data-image-title=\"Der R\u00f6merrebberg bei Remigen\" data-image-description=\"\" data-medium-file=\"https:\/\/i0.wp.com\/idnu.ch\/wordpress\/wp-content\/uploads\/2016\/06\/IMG_4964.jpg?fit=300%2C200&#038;ssl=1\" data-large-file=\"https:\/\/i0.wp.com\/idnu.ch\/wordpress\/wp-content\/uploads\/2016\/06\/IMG_4964.jpg?fit=750%2C500&#038;ssl=1\" src=\"https:\/\/i0.wp.com\/idnu.ch\/wordpress\/wp-content\/uploads\/2016\/06\/IMG_4964.jpg?w=371&#038;h=247&#038;ssl=1\" srcset=\"https:\/\/i0.wp.com\/idnu.ch\/wordpress\/wp-content\/uploads\/2016\/06\/IMG_4964.jpg?w=900&amp;ssl=1 900w, https:\/\/i0.wp.com\/idnu.ch\/wordpress\/wp-content\/uploads\/2016\/06\/IMG_4964.jpg?resize=300%2C200&amp;ssl=1 300w, https:\/\/i0.wp.com\/idnu.ch\/wordpress\/wp-content\/uploads\/2016\/06\/IMG_4964.jpg?resize=768%2C512&amp;ssl=1 768w, https:\/\/i0.wp.com\/idnu.ch\/wordpress\/wp-content\/uploads\/2016\/06\/IMG_4964.jpg?resize=150%2C100&amp;ssl=1 150w\" width=\"371\" height=\"247\" loading=\"lazy\" data-original-width=\"371\" data-original-height=\"247\" itemprop=\"http:\/\/schema.org\/image\" title=\"Der R\u00f6merrebberg bei Remigen\" alt=\"Der R\u00f6merrebberg bei Remigen\" style=\"width: 371px; height: 247px;\" \/> <\/a> <div class=\"tiled-gallery-caption\" itemprop=\"caption description\"> Der R\u00f6merrebberg bei Remigen <\/div> <\/div> <\/div> <!-- close group --> <\/div> <!-- close row --> <\/div>\n<p>Hier endet nun unsere Wanderung. Kaum sind wir losgefahren, beginnt es zu regnen. Das nennt sich Timing. Die G\u00e4msen haben sich wohl extra vor uns versteckt, aber vielleicht hast du\u00a0ja mehr Gl\u00fcck.<\/p>\n<div>\n<h2>Info<\/h2>\n<table width=\"640\">\n<tbody>\n<tr>\n<td width=\"177\">Start:<\/td>\n<td width=\"463\">Remigen<\/td>\n<\/tr>\n<tr>\n<td width=\"177\">Ziel:<\/td>\n<td width=\"463\">Remigen<\/td>\n<\/tr>\n<tr>\n<td width=\"177\">Charakteristik:<\/td>\n<td width=\"463\">Abwechslungsreiche Wanderung im Aargauer Tafeljura, gepr\u00e4gt von Mischwald<\/td>\n<\/tr>\n<tr>\n<td width=\"177\">Anreise:<\/td>\n<td width=\"463\">Ab Brugg mit dem Bus<\/td>\n<\/tr>\n<tr>\n<td width=\"177\">R\u00fcckreise:<\/td>\n<td width=\"463\">Ab B\u00fcrersteig (Abk\u00fcrzung) oder Remigen nach Brugg<\/td>\n<\/tr>\n<tr>\n<td width=\"177\">Schwierigkeit:<\/td>\n<td width=\"463\">T1<\/td>\n<\/tr>\n<tr>\n<td width=\"177\">Gipfelh\u00f6he:<\/td>\n<td width=\"463\">700 m\u00fcM<\/td>\n<\/tr>\n<tr>\n<td width=\"177\">Distanz:<\/td>\n<td width=\"463\">12 Kilometer<\/td>\n<\/tr>\n<tr>\n<td width=\"177\">Wanderzeit:<\/td>\n<td width=\"463\">3 &#8211; 4 Stunden<\/td>\n<\/tr>\n<tr>\n<td width=\"177\">H\u00f6hendifferenz:<\/td>\n<td width=\"463\">370 m<\/td>\n<\/tr>\n<tr>\n<td width=\"177\">Einkehren:<\/td>\n<td width=\"463\">Keine Einkehrm\u00f6glichkeit unterwegs, erst in Remigen wieder<\/td>\n<\/tr>\n<tr>\n<td width=\"177\">Jahreszeit:<\/td>\n<td width=\"463\">Ganzj\u00e4hrig<\/td>\n<\/tr>\n<tr>\n<td width=\"177\">Karten:<\/td>\n<td width=\"463\">Karte 1:25 000 Blatt 1070 Baden<\/p>\n<p><a href=\"https:\/\/idnu.ch\/wordpress\/warum-der-geissberg-gaemsberg-heissen-sollte\/w02-villiger-geissberg\/\" rel=\"attachment wp-att-14473\">GPX Villiger Geissberg<\/a><\/td>\n<\/tr>\n<tr>\n<td width=\"177\">Route:<\/td>\n<td width=\"463\">Remigen \u2013 Villigen \u2013 Ruine Besserstein \u2013 Steinbruch Gabenchopf \u2013 Ersti \u2013 Sparberg \u2013 B\u00fcrersteig \u2013 Pt. 550 \u2013 W\u00fcestacher \u2013 H\u00e4mme\u00e4gerte \u2013 Weiel \u2013 Remigen<\/td>\n<\/tr>\n<tr>\n<td width=\"177\">F\u00fcr Gem\u00fctliche:<\/td>\n<td width=\"463\">&#8211;\u00a0\u00a0\u00a0\u00a0\u00a0\u00a0 Ab Villigen zur Ruine Besserstein<\/p>\n<p>&#8211;\u00a0\u00a0\u00a0\u00a0\u00a0\u00a0 Bis B\u00fcrersteig, mit dem Postauto zur\u00fcck nach Remigen<\/td>\n<\/tr>\n<tr>\n<td width=\"177\">F\u00fcr Sportliche:<\/td>\n<td width=\"463\">&#8211;\u00a0\u00a0\u00a0\u00a0\u00a0\u00a0 Bis zum Cheisacherturm, \u00fcber M\u00f6hntal zur\u00fcck nach Remigen<\/td>\n<\/tr>\n<tr>\n<td width=\"177\">H\u00f6hepunkte:<\/td>\n<td width=\"463\">&#8211;\u00a0\u00a0\u00a0\u00a0\u00a0\u00a0 Aussicht \u00fcber das Aaretal<\/p>\n<p>&#8211;\u00a0\u00a0\u00a0\u00a0\u00a0\u00a0 Bunkeranlagen<\/p>\n<p>&#8211;\u00a0\u00a0\u00a0\u00a0\u00a0\u00a0 Steinbruch<\/p>\n<p>&#8211;\u00a0\u00a0\u00a0\u00a0\u00a0\u00a0 G\u00e4msen<\/td>\n<\/tr>\n<tr>\n<td width=\"177\">Geocaches in der N\u00e4he:<\/td>\n<td width=\"463\">GC1F9BW, GC13BA8, GC2M9QB, GC181C5, GC15RTX, GC3BKN0, GC2HCVH<\/td>\n<\/tr>\n<tr>\n<td width=\"177\">Dann gibt es noch\u2026<\/td>\n<td width=\"463\">\n<ul>\n<li>Zoo Hasel<\/li>\n<li>Besucherzentrum Paul Scherrer Institut<\/li>\n<li>R\u00f6merrebberg<\/li>\n<li>Legion\u00e4rspfad Vindonissa<\/li>\n<\/ul>\n<\/td>\n<\/tr>\n<tr>\n<td width=\"177\">Links:<\/td>\n<td width=\"463\"><a href=\"http:\/\/www.psiforum.ch\/\" target=\"_blank\" rel=\"noopener\">www.psiforum.ch<\/a><br \/>\n<a href=\"https:\/\/www.museumaargau.ch\/legionaerspfad\" target=\"_blank\" rel=\"noopener\">www.museumaargau.ch\/legionaerspfad<\/a><br \/>\n<a href=\"http:\/\/www.zoo-hasel.ch\/\" target=\"_blank\" rel=\"noopener\">www.zoo-hasel.ch<\/a><\/td>\n<\/tr>\n<\/tbody>\n<\/table>\n<\/div>\n","protected":false},"excerpt":{"rendered":"<p>Hohe Gipfel? Und dann noch im Aargau? Nun, ein hoher Gipfel ist eine&#8230;<\/p>\n","protected":false},"author":2,"featured_media":759,"comment_status":"open","ping_status":"open","sticky":false,"template":"","format":"standard","meta":{"_monsterinsights_skip_tracking":false,"_monsterinsights_sitenote_active":false,"_monsterinsights_sitenote_note":"","_monsterinsights_sitenote_category":0,"jetpack_post_was_ever_published":false,"_jetpack_newsletter_access":"","_jetpack_dont_email_post_to_subs":true,"_jetpack_newsletter_tier_id":0,"_jetpack_memberships_contains_paywalled_content":false,"_jetpack_memberships_contains_paid_content":false,"footnotes":"","jetpack_publicize_message":"","jetpack_publicize_feature_enabled":true,"jetpack_social_post_already_shared":false,"jetpack_social_options":{"image_generator_settings":{"template":"highway","default_image_id":0,"font":"","enabled":false},"version":2}},"categories":[133,914,5],"tags":[465,1326,510,530,572,449,373,1171,573,574,1218],"class_list":["post-165","post","type-post","status-publish","format-standard","has-post-thumbnail","hentry","category-aargau","category-aargau-region","category-wandern","tag-aare","tag-familienbergtourenbuch","tag-fruehling","tag-gaemse","tag-geissberg","tag-jura","tag-kinder","tag-kinderfreundlich","tag-psi","tag-remigen","tag-wandern-im-fruehling"],"geo":{"latitude":47.52422709999999739238774054683744907379150390625,"longitude":8.21180820000000011305019143037497997283935546875,"description":"Villigen, Kanton Aargau, 5234, CH"},"yoast_head":"<!-- This site is optimized with the Yoast SEO plugin v27.4 - https:\/\/yoast.com\/product\/yoast-seo-wordpress\/ -->\n<title>Warum der Geissberg G\u00e4msberg heissen sollte - In der Natur unterwegs<\/title>\n<meta name=\"description\" content=\"Es ist durchaus m\u00f6glich, am Villiger Geissberg G\u00e4msen zu beobachten, was erkl\u00e4rt, warum der Geissberg G\u00e4msberg heissen sollte.\" \/>\n<meta name=\"robots\" content=\"index, follow, max-snippet:-1, max-image-preview:large, max-video-preview:-1\" \/>\n<link rel=\"canonical\" href=\"https:\/\/idnu.ch\/wordpress\/warum-der-geissberg-gaemsberg-heissen-sollte\/\" \/>\n<meta property=\"og:locale\" content=\"de_DE\" \/>\n<meta property=\"og:type\" content=\"article\" \/>\n<meta property=\"og:title\" content=\"Warum der Geissberg G\u00e4msberg heissen sollte - In der Natur unterwegs\" \/>\n<meta property=\"og:description\" content=\"Es ist durchaus m\u00f6glich, am Villiger Geissberg G\u00e4msen zu beobachten, was erkl\u00e4rt, warum der Geissberg G\u00e4msberg heissen sollte.\" \/>\n<meta property=\"og:url\" content=\"https:\/\/idnu.ch\/wordpress\/warum-der-geissberg-gaemsberg-heissen-sollte\/\" \/>\n<meta property=\"og:site_name\" content=\"In der Natur unterwegs\" \/>\n<meta property=\"article:published_time\" content=\"2014-03-24T15:50:00+00:00\" \/>\n<meta property=\"article:modified_time\" content=\"2024-02-15T15:49:01+00:00\" \/>\n<meta property=\"og:image\" content=\"https:\/\/idnu.ch\/wordpress\/wp-content\/uploads\/2014\/03\/IMG_4842.jpg\" \/>\n\t<meta property=\"og:image:width\" content=\"900\" \/>\n\t<meta property=\"og:image:height\" content=\"600\" \/>\n\t<meta property=\"og:image:type\" content=\"image\/jpeg\" \/>\n<meta name=\"author\" content=\"Urs Kyburz\" \/>\n<meta name=\"twitter:card\" content=\"summary_large_image\" \/>\n<meta name=\"twitter:creator\" content=\"@idnu_ch\" \/>\n<meta name=\"twitter:site\" content=\"@idnu_ch\" \/>\n<meta name=\"twitter:label1\" content=\"Verfasst von\" \/>\n\t<meta name=\"twitter:data1\" content=\"Urs Kyburz\" \/>\n\t<meta name=\"twitter:label2\" content=\"Gesch\u00e4tzte Lesezeit\" \/>\n\t<meta name=\"twitter:data2\" content=\"5\u00a0Minuten\" \/>\n<script type=\"application\/ld+json\" class=\"yoast-schema-graph\">{\"@context\":\"https:\\\/\\\/schema.org\",\"@graph\":[{\"@type\":\"Article\",\"@id\":\"https:\\\/\\\/idnu.ch\\\/wordpress\\\/warum-der-geissberg-gaemsberg-heissen-sollte\\\/#article\",\"isPartOf\":{\"@id\":\"https:\\\/\\\/idnu.ch\\\/wordpress\\\/warum-der-geissberg-gaemsberg-heissen-sollte\\\/\"},\"author\":{\"name\":\"Urs Kyburz\",\"@id\":\"https:\\\/\\\/idnu.ch\\\/wordpress\\\/#\\\/schema\\\/person\\\/1ab8c5de743be7b019272124c19ad351\"},\"headline\":\"Warum der Geissberg G\u00e4msberg heissen sollte\",\"datePublished\":\"2014-03-24T15:50:00+00:00\",\"dateModified\":\"2024-02-15T15:49:01+00:00\",\"mainEntityOfPage\":{\"@id\":\"https:\\\/\\\/idnu.ch\\\/wordpress\\\/warum-der-geissberg-gaemsberg-heissen-sollte\\\/\"},\"wordCount\":848,\"commentCount\":8,\"publisher\":{\"@id\":\"https:\\\/\\\/idnu.ch\\\/wordpress\\\/#\\\/schema\\\/person\\\/1ab8c5de743be7b019272124c19ad351\"},\"image\":{\"@id\":\"https:\\\/\\\/idnu.ch\\\/wordpress\\\/warum-der-geissberg-gaemsberg-heissen-sollte\\\/#primaryimage\"},\"thumbnailUrl\":\"https:\\\/\\\/i0.wp.com\\\/idnu.ch\\\/wordpress\\\/wp-content\\\/uploads\\\/2014\\\/03\\\/IMG_4842.jpg?fit=900%2C600&ssl=1\",\"keywords\":[\"Aare\",\"Familienbergtourenbuch\",\"Fr\u00fchling\",\"G\u00e4mse\",\"Geissberg\",\"Jura\",\"Kinder\",\"kinderfreundlich\",\"PSI\",\"Remigen\",\"wandern im Fr\u00fchling\"],\"articleSection\":[\"Aargau\",\"Aargau Region\",\"Wandern\"],\"inLanguage\":\"de\",\"potentialAction\":[{\"@type\":\"CommentAction\",\"name\":\"Comment\",\"target\":[\"https:\\\/\\\/idnu.ch\\\/wordpress\\\/warum-der-geissberg-gaemsberg-heissen-sollte\\\/#respond\"]}]},{\"@type\":\"WebPage\",\"@id\":\"https:\\\/\\\/idnu.ch\\\/wordpress\\\/warum-der-geissberg-gaemsberg-heissen-sollte\\\/\",\"url\":\"https:\\\/\\\/idnu.ch\\\/wordpress\\\/warum-der-geissberg-gaemsberg-heissen-sollte\\\/\",\"name\":\"Warum der Geissberg G\u00e4msberg heissen sollte - In der Natur unterwegs\",\"isPartOf\":{\"@id\":\"https:\\\/\\\/idnu.ch\\\/wordpress\\\/#website\"},\"primaryImageOfPage\":{\"@id\":\"https:\\\/\\\/idnu.ch\\\/wordpress\\\/warum-der-geissberg-gaemsberg-heissen-sollte\\\/#primaryimage\"},\"image\":{\"@id\":\"https:\\\/\\\/idnu.ch\\\/wordpress\\\/warum-der-geissberg-gaemsberg-heissen-sollte\\\/#primaryimage\"},\"thumbnailUrl\":\"https:\\\/\\\/i0.wp.com\\\/idnu.ch\\\/wordpress\\\/wp-content\\\/uploads\\\/2014\\\/03\\\/IMG_4842.jpg?fit=900%2C600&ssl=1\",\"datePublished\":\"2014-03-24T15:50:00+00:00\",\"dateModified\":\"2024-02-15T15:49:01+00:00\",\"description\":\"Es ist durchaus m\u00f6glich, am Villiger Geissberg G\u00e4msen zu beobachten, was erkl\u00e4rt, warum der Geissberg G\u00e4msberg heissen sollte.\",\"breadcrumb\":{\"@id\":\"https:\\\/\\\/idnu.ch\\\/wordpress\\\/warum-der-geissberg-gaemsberg-heissen-sollte\\\/#breadcrumb\"},\"inLanguage\":\"de\",\"potentialAction\":[{\"@type\":\"ReadAction\",\"target\":[\"https:\\\/\\\/idnu.ch\\\/wordpress\\\/warum-der-geissberg-gaemsberg-heissen-sollte\\\/\"]}]},{\"@type\":\"ImageObject\",\"inLanguage\":\"de\",\"@id\":\"https:\\\/\\\/idnu.ch\\\/wordpress\\\/warum-der-geissberg-gaemsberg-heissen-sollte\\\/#primaryimage\",\"url\":\"https:\\\/\\\/i0.wp.com\\\/idnu.ch\\\/wordpress\\\/wp-content\\\/uploads\\\/2014\\\/03\\\/IMG_4842.jpg?fit=900%2C600&ssl=1\",\"contentUrl\":\"https:\\\/\\\/i0.wp.com\\\/idnu.ch\\\/wordpress\\\/wp-content\\\/uploads\\\/2014\\\/03\\\/IMG_4842.jpg?fit=900%2C600&ssl=1\",\"width\":900,\"height\":600,\"caption\":\"Geissberg\"},{\"@type\":\"BreadcrumbList\",\"@id\":\"https:\\\/\\\/idnu.ch\\\/wordpress\\\/warum-der-geissberg-gaemsberg-heissen-sollte\\\/#breadcrumb\",\"itemListElement\":[{\"@type\":\"ListItem\",\"position\":1,\"name\":\"Startseite\",\"item\":\"https:\\\/\\\/idnu.ch\\\/wordpress\\\/\"},{\"@type\":\"ListItem\",\"position\":2,\"name\":\"Warum der Geissberg G\u00e4msberg heissen sollte\"}]},{\"@type\":\"WebSite\",\"@id\":\"https:\\\/\\\/idnu.ch\\\/wordpress\\\/#website\",\"url\":\"https:\\\/\\\/idnu.ch\\\/wordpress\\\/\",\"name\":\"In der Natur unterwegs\",\"description\":\"Dort, wo es am sch\u00f6nsten ist\",\"publisher\":{\"@id\":\"https:\\\/\\\/idnu.ch\\\/wordpress\\\/#\\\/schema\\\/person\\\/1ab8c5de743be7b019272124c19ad351\"},\"potentialAction\":[{\"@type\":\"SearchAction\",\"target\":{\"@type\":\"EntryPoint\",\"urlTemplate\":\"https:\\\/\\\/idnu.ch\\\/wordpress\\\/?s={search_term_string}\"},\"query-input\":{\"@type\":\"PropertyValueSpecification\",\"valueRequired\":true,\"valueName\":\"search_term_string\"}}],\"inLanguage\":\"de\"},{\"@type\":[\"Person\",\"Organization\"],\"@id\":\"https:\\\/\\\/idnu.ch\\\/wordpress\\\/#\\\/schema\\\/person\\\/1ab8c5de743be7b019272124c19ad351\",\"name\":\"Urs Kyburz\",\"image\":{\"@type\":\"ImageObject\",\"inLanguage\":\"de\",\"@id\":\"https:\\\/\\\/i0.wp.com\\\/idnu.ch\\\/wordpress\\\/wp-content\\\/uploads\\\/2016\\\/02\\\/logo_150x165.gif?fit=3151%2C3456&ssl=1\",\"url\":\"https:\\\/\\\/i0.wp.com\\\/idnu.ch\\\/wordpress\\\/wp-content\\\/uploads\\\/2016\\\/02\\\/logo_150x165.gif?fit=3151%2C3456&ssl=1\",\"contentUrl\":\"https:\\\/\\\/i0.wp.com\\\/idnu.ch\\\/wordpress\\\/wp-content\\\/uploads\\\/2016\\\/02\\\/logo_150x165.gif?fit=3151%2C3456&ssl=1\",\"width\":3151,\"height\":3456,\"caption\":\"Urs Kyburz\"},\"logo\":{\"@id\":\"https:\\\/\\\/i0.wp.com\\\/idnu.ch\\\/wordpress\\\/wp-content\\\/uploads\\\/2016\\\/02\\\/logo_150x165.gif?fit=3151%2C3456&ssl=1\"}}]}<\/script>\n<!-- \/ Yoast SEO plugin. -->","yoast_head_json":{"title":"Warum der Geissberg G\u00e4msberg heissen sollte - In der Natur unterwegs","description":"Es ist durchaus m\u00f6glich, am Villiger Geissberg G\u00e4msen zu beobachten, was erkl\u00e4rt, warum der Geissberg G\u00e4msberg heissen sollte.","robots":{"index":"index","follow":"follow","max-snippet":"max-snippet:-1","max-image-preview":"max-image-preview:large","max-video-preview":"max-video-preview:-1"},"canonical":"https:\/\/idnu.ch\/wordpress\/warum-der-geissberg-gaemsberg-heissen-sollte\/","og_locale":"de_DE","og_type":"article","og_title":"Warum der Geissberg G\u00e4msberg heissen sollte - In der Natur unterwegs","og_description":"Es ist durchaus m\u00f6glich, am Villiger Geissberg G\u00e4msen zu beobachten, was erkl\u00e4rt, warum der Geissberg G\u00e4msberg heissen sollte.","og_url":"https:\/\/idnu.ch\/wordpress\/warum-der-geissberg-gaemsberg-heissen-sollte\/","og_site_name":"In der Natur unterwegs","article_published_time":"2014-03-24T15:50:00+00:00","article_modified_time":"2024-02-15T15:49:01+00:00","og_image":[{"width":900,"height":600,"url":"https:\/\/idnu.ch\/wordpress\/wp-content\/uploads\/2014\/03\/IMG_4842.jpg","type":"image\/jpeg"}],"author":"Urs Kyburz","twitter_card":"summary_large_image","twitter_creator":"@idnu_ch","twitter_site":"@idnu_ch","twitter_misc":{"Verfasst von":"Urs Kyburz","Gesch\u00e4tzte Lesezeit":"5\u00a0Minuten"},"schema":{"@context":"https:\/\/schema.org","@graph":[{"@type":"Article","@id":"https:\/\/idnu.ch\/wordpress\/warum-der-geissberg-gaemsberg-heissen-sollte\/#article","isPartOf":{"@id":"https:\/\/idnu.ch\/wordpress\/warum-der-geissberg-gaemsberg-heissen-sollte\/"},"author":{"name":"Urs Kyburz","@id":"https:\/\/idnu.ch\/wordpress\/#\/schema\/person\/1ab8c5de743be7b019272124c19ad351"},"headline":"Warum der Geissberg G\u00e4msberg heissen sollte","datePublished":"2014-03-24T15:50:00+00:00","dateModified":"2024-02-15T15:49:01+00:00","mainEntityOfPage":{"@id":"https:\/\/idnu.ch\/wordpress\/warum-der-geissberg-gaemsberg-heissen-sollte\/"},"wordCount":848,"commentCount":8,"publisher":{"@id":"https:\/\/idnu.ch\/wordpress\/#\/schema\/person\/1ab8c5de743be7b019272124c19ad351"},"image":{"@id":"https:\/\/idnu.ch\/wordpress\/warum-der-geissberg-gaemsberg-heissen-sollte\/#primaryimage"},"thumbnailUrl":"https:\/\/i0.wp.com\/idnu.ch\/wordpress\/wp-content\/uploads\/2014\/03\/IMG_4842.jpg?fit=900%2C600&ssl=1","keywords":["Aare","Familienbergtourenbuch","Fr\u00fchling","G\u00e4mse","Geissberg","Jura","Kinder","kinderfreundlich","PSI","Remigen","wandern im Fr\u00fchling"],"articleSection":["Aargau","Aargau Region","Wandern"],"inLanguage":"de","potentialAction":[{"@type":"CommentAction","name":"Comment","target":["https:\/\/idnu.ch\/wordpress\/warum-der-geissberg-gaemsberg-heissen-sollte\/#respond"]}]},{"@type":"WebPage","@id":"https:\/\/idnu.ch\/wordpress\/warum-der-geissberg-gaemsberg-heissen-sollte\/","url":"https:\/\/idnu.ch\/wordpress\/warum-der-geissberg-gaemsberg-heissen-sollte\/","name":"Warum der Geissberg G\u00e4msberg heissen sollte - In der Natur unterwegs","isPartOf":{"@id":"https:\/\/idnu.ch\/wordpress\/#website"},"primaryImageOfPage":{"@id":"https:\/\/idnu.ch\/wordpress\/warum-der-geissberg-gaemsberg-heissen-sollte\/#primaryimage"},"image":{"@id":"https:\/\/idnu.ch\/wordpress\/warum-der-geissberg-gaemsberg-heissen-sollte\/#primaryimage"},"thumbnailUrl":"https:\/\/i0.wp.com\/idnu.ch\/wordpress\/wp-content\/uploads\/2014\/03\/IMG_4842.jpg?fit=900%2C600&ssl=1","datePublished":"2014-03-24T15:50:00+00:00","dateModified":"2024-02-15T15:49:01+00:00","description":"Es ist durchaus m\u00f6glich, am Villiger Geissberg G\u00e4msen zu beobachten, was erkl\u00e4rt, warum der Geissberg G\u00e4msberg heissen sollte.","breadcrumb":{"@id":"https:\/\/idnu.ch\/wordpress\/warum-der-geissberg-gaemsberg-heissen-sollte\/#breadcrumb"},"inLanguage":"de","potentialAction":[{"@type":"ReadAction","target":["https:\/\/idnu.ch\/wordpress\/warum-der-geissberg-gaemsberg-heissen-sollte\/"]}]},{"@type":"ImageObject","inLanguage":"de","@id":"https:\/\/idnu.ch\/wordpress\/warum-der-geissberg-gaemsberg-heissen-sollte\/#primaryimage","url":"https:\/\/i0.wp.com\/idnu.ch\/wordpress\/wp-content\/uploads\/2014\/03\/IMG_4842.jpg?fit=900%2C600&ssl=1","contentUrl":"https:\/\/i0.wp.com\/idnu.ch\/wordpress\/wp-content\/uploads\/2014\/03\/IMG_4842.jpg?fit=900%2C600&ssl=1","width":900,"height":600,"caption":"Geissberg"},{"@type":"BreadcrumbList","@id":"https:\/\/idnu.ch\/wordpress\/warum-der-geissberg-gaemsberg-heissen-sollte\/#breadcrumb","itemListElement":[{"@type":"ListItem","position":1,"name":"Startseite","item":"https:\/\/idnu.ch\/wordpress\/"},{"@type":"ListItem","position":2,"name":"Warum der Geissberg G\u00e4msberg heissen sollte"}]},{"@type":"WebSite","@id":"https:\/\/idnu.ch\/wordpress\/#website","url":"https:\/\/idnu.ch\/wordpress\/","name":"In der Natur unterwegs","description":"Dort, wo es am sch\u00f6nsten ist","publisher":{"@id":"https:\/\/idnu.ch\/wordpress\/#\/schema\/person\/1ab8c5de743be7b019272124c19ad351"},"potentialAction":[{"@type":"SearchAction","target":{"@type":"EntryPoint","urlTemplate":"https:\/\/idnu.ch\/wordpress\/?s={search_term_string}"},"query-input":{"@type":"PropertyValueSpecification","valueRequired":true,"valueName":"search_term_string"}}],"inLanguage":"de"},{"@type":["Person","Organization"],"@id":"https:\/\/idnu.ch\/wordpress\/#\/schema\/person\/1ab8c5de743be7b019272124c19ad351","name":"Urs Kyburz","image":{"@type":"ImageObject","inLanguage":"de","@id":"https:\/\/i0.wp.com\/idnu.ch\/wordpress\/wp-content\/uploads\/2016\/02\/logo_150x165.gif?fit=3151%2C3456&ssl=1","url":"https:\/\/i0.wp.com\/idnu.ch\/wordpress\/wp-content\/uploads\/2016\/02\/logo_150x165.gif?fit=3151%2C3456&ssl=1","contentUrl":"https:\/\/i0.wp.com\/idnu.ch\/wordpress\/wp-content\/uploads\/2016\/02\/logo_150x165.gif?fit=3151%2C3456&ssl=1","width":3151,"height":3456,"caption":"Urs Kyburz"},"logo":{"@id":"https:\/\/i0.wp.com\/idnu.ch\/wordpress\/wp-content\/uploads\/2016\/02\/logo_150x165.gif?fit=3151%2C3456&ssl=1"}}]}},"jetpack_publicize_connections":[],"jetpack_featured_media_url":"https:\/\/i0.wp.com\/idnu.ch\/wordpress\/wp-content\/uploads\/2014\/03\/IMG_4842.jpg?fit=900%2C600&ssl=1","jetpack_sharing_enabled":true,"jetpack_shortlink":"https:\/\/wp.me\/p6MmGG-2F","jetpack-related-posts":[{"id":12056,"url":"https:\/\/idnu.ch\/wordpress\/13-fruehlingswanderungen-im-mittelland-und-jura\/","url_meta":{"origin":165,"position":0},"title":"13 Fr\u00fchlingswanderungen im Mittelland und Jura","author":"Urs Kyburz","date":"9. M\u00e4rz 2019","format":false,"excerpt":"Fr\u00fchling, da zieht es die meisten wieder nach draussen. Erleben, wie die Natur erwacht. Da juckt es einen in den Beinen und m\u00f6chte eine Wanderung unternehmen. In der H\u00f6he liegt aber immer noch Schnee. Wo also wandern? Ich habe f\u00fcr euch 13 Wanderungen herausgesucht, die jetzt schon machbar sind im\u2026","rel":"","context":"In &quot;Wandern&quot;","block_context":{"text":"Wandern","link":"https:\/\/idnu.ch\/wordpress\/category\/wandern\/"},"img":{"alt_text":"Bei Erlenbach","src":"https:\/\/i0.wp.com\/idnu.ch\/wordpress\/wp-content\/uploads\/2018\/04\/drumlin_sac-20180429-129.jpg?fit=1200%2C800&ssl=1&resize=350%2C200","width":350,"height":200,"srcset":"https:\/\/i0.wp.com\/idnu.ch\/wordpress\/wp-content\/uploads\/2018\/04\/drumlin_sac-20180429-129.jpg?fit=1200%2C800&ssl=1&resize=350%2C200 1x, https:\/\/i0.wp.com\/idnu.ch\/wordpress\/wp-content\/uploads\/2018\/04\/drumlin_sac-20180429-129.jpg?fit=1200%2C800&ssl=1&resize=525%2C300 1.5x, https:\/\/i0.wp.com\/idnu.ch\/wordpress\/wp-content\/uploads\/2018\/04\/drumlin_sac-20180429-129.jpg?fit=1200%2C800&ssl=1&resize=700%2C400 2x, https:\/\/i0.wp.com\/idnu.ch\/wordpress\/wp-content\/uploads\/2018\/04\/drumlin_sac-20180429-129.jpg?fit=1200%2C800&ssl=1&resize=1050%2C600 3x"},"classes":[]},{"id":15145,"url":"https:\/\/idnu.ch\/wordpress\/wandern-und-velofahren-mit-distanz\/","url_meta":{"origin":165,"position":1},"title":"Wandern und velofahren mit Distanz","author":"Urs Kyburz","date":"24. M\u00e4rz 2020","format":false,"excerpt":"Ja, es ist eine eigenartige Zeit. Wir werden aufgefordert, das Haus wenn m\u00f6glich nicht zu verlassen wegen diesem Virus. Aber bewegen und an die frische Luft sollten wir ja doch. Da muss man halt entsprechende Wanderungen und Velotouren unternehmen. Ein paar Vorschl\u00e4ge kriegt ihr hier von mir zum Wandern und\u2026","rel":"","context":"In &quot;Mountainbike &amp; Velo&quot;","block_context":{"text":"Mountainbike &amp; Velo","link":"https:\/\/idnu.ch\/wordpress\/category\/zweirad\/"},"img":{"alt_text":"Wir n\u00e4hern uns dem Ende der Tour","src":"https:\/\/i0.wp.com\/idnu.ch\/wordpress\/wp-content\/uploads\/2018\/04\/drumlin_sac-20180429-135.jpg?fit=1200%2C800&ssl=1&resize=350%2C200","width":350,"height":200,"srcset":"https:\/\/i0.wp.com\/idnu.ch\/wordpress\/wp-content\/uploads\/2018\/04\/drumlin_sac-20180429-135.jpg?fit=1200%2C800&ssl=1&resize=350%2C200 1x, https:\/\/i0.wp.com\/idnu.ch\/wordpress\/wp-content\/uploads\/2018\/04\/drumlin_sac-20180429-135.jpg?fit=1200%2C800&ssl=1&resize=525%2C300 1.5x, https:\/\/i0.wp.com\/idnu.ch\/wordpress\/wp-content\/uploads\/2018\/04\/drumlin_sac-20180429-135.jpg?fit=1200%2C800&ssl=1&resize=700%2C400 2x, https:\/\/i0.wp.com\/idnu.ch\/wordpress\/wp-content\/uploads\/2018\/04\/drumlin_sac-20180429-135.jpg?fit=1200%2C800&ssl=1&resize=1050%2C600 3x"},"classes":[]},{"id":176,"url":"https:\/\/idnu.ch\/wordpress\/vom-saentis-bis-zum-chasseral\/","url_meta":{"origin":165,"position":2},"title":"Vom S\u00e4ntis bis zum Chasseral","author":"Urs Kyburz","date":"31. Dezember 2013","format":false,"excerpt":"Die Kinder mussten auch heute bewegt werden, ich w\u00e4hlte deshalb den Stierenberg, den h\u00f6chsten Gipfel im Kanton Aargau, aus. H\u00f6chster Gipfel ist relativ, bescheidene 872 Meter misst er. Aber man geniesst eine wunderbare Aussicht vom S\u00e4ntis bis zum Chasseral, allerdings nicht vom Gipfel, denn dieser ist vollkommen von Wald bedeckt.\u2026","rel":"","context":"In &quot;Aargau&quot;","block_context":{"text":"Aargau","link":"https:\/\/idnu.ch\/wordpress\/category\/kanton\/aargau\/"},"img":{"alt_text":"Am Stierenberg","src":"https:\/\/i0.wp.com\/idnu.ch\/wordpress\/wp-content\/uploads\/2013\/12\/IMG_0799.jpg?fit=800%2C600&ssl=1&resize=350%2C200","width":350,"height":200,"srcset":"https:\/\/i0.wp.com\/idnu.ch\/wordpress\/wp-content\/uploads\/2013\/12\/IMG_0799.jpg?fit=800%2C600&ssl=1&resize=350%2C200 1x, https:\/\/i0.wp.com\/idnu.ch\/wordpress\/wp-content\/uploads\/2013\/12\/IMG_0799.jpg?fit=800%2C600&ssl=1&resize=525%2C300 1.5x, https:\/\/i0.wp.com\/idnu.ch\/wordpress\/wp-content\/uploads\/2013\/12\/IMG_0799.jpg?fit=800%2C600&ssl=1&resize=700%2C400 2x"},"classes":[]},{"id":126,"url":"https:\/\/idnu.ch\/wordpress\/auf-die-aargauer-rigi\/","url_meta":{"origin":165,"position":3},"title":"Auf die Aargauer Rigi","author":"Urs Kyburz","date":"16. November 2014","format":false,"excerpt":"Schon \u00f6fters habe ich den Homberg erw\u00e4hnt. Den Homberg am Hallwilersee, es gibt ja so viele in der Schweiz. Schweiz Mobil listet alleine f\u00fcr den Aargau zehn Flurbezeichnungen auf. Was macht aber diesen so besonders (zumindest f\u00fcr mich)? Der Homberg wird auch die \"Aargauer Rigi\" genannt. was schon ziemlich hohe\u2026","rel":"","context":"In &quot;Aargau&quot;","block_context":{"text":"Aargau","link":"https:\/\/idnu.ch\/wordpress\/category\/kanton\/aargau\/"},"img":{"alt_text":"Hombergturm","src":"https:\/\/i0.wp.com\/idnu.ch\/wordpress\/wp-content\/uploads\/2014\/11\/homberg_0011.jpg?fit=1024%2C683&ssl=1&resize=350%2C200","width":350,"height":200,"srcset":"https:\/\/i0.wp.com\/idnu.ch\/wordpress\/wp-content\/uploads\/2014\/11\/homberg_0011.jpg?fit=1024%2C683&ssl=1&resize=350%2C200 1x, https:\/\/i0.wp.com\/idnu.ch\/wordpress\/wp-content\/uploads\/2014\/11\/homberg_0011.jpg?fit=1024%2C683&ssl=1&resize=525%2C300 1.5x, https:\/\/i0.wp.com\/idnu.ch\/wordpress\/wp-content\/uploads\/2014\/11\/homberg_0011.jpg?fit=1024%2C683&ssl=1&resize=700%2C400 2x"},"classes":[]},{"id":17471,"url":"https:\/\/idnu.ch\/wordpress\/wahres-winterbiken-auf-den-stierenberg\/","url_meta":{"origin":165,"position":4},"title":"Wahres Winterbiken auf den Stierenberg","author":"Urs Kyburz","date":"4. Januar 2021","format":false,"excerpt":"Nach dem Winter 2019\/2020, der gar keiner war hier im Flachland, d\u00fcrfen wir im Moment doch etwas von der weissen Pracht geniessen, so dass wir auch hier wahres Winterbiken auf den Stierenberg zelebrieren k\u00f6nnen. Die Jungs waren auf Skitour, derweil die Frau und ich uns aufs Bike setzten. Ich wollte\u2026","rel":"","context":"In &quot;Aargau&quot;","block_context":{"text":"Aargau","link":"https:\/\/idnu.ch\/wordpress\/category\/kanton\/aargau\/"},"img":{"alt_text":"","src":"https:\/\/i0.wp.com\/idnu.ch\/wordpress\/wp-content\/uploads\/2021\/01\/stierenberg_im_schnee-20210103-2.jpg?fit=1200%2C800&ssl=1&resize=350%2C200","width":350,"height":200,"srcset":"https:\/\/i0.wp.com\/idnu.ch\/wordpress\/wp-content\/uploads\/2021\/01\/stierenberg_im_schnee-20210103-2.jpg?fit=1200%2C800&ssl=1&resize=350%2C200 1x, https:\/\/i0.wp.com\/idnu.ch\/wordpress\/wp-content\/uploads\/2021\/01\/stierenberg_im_schnee-20210103-2.jpg?fit=1200%2C800&ssl=1&resize=525%2C300 1.5x, https:\/\/i0.wp.com\/idnu.ch\/wordpress\/wp-content\/uploads\/2021\/01\/stierenberg_im_schnee-20210103-2.jpg?fit=1200%2C800&ssl=1&resize=700%2C400 2x, https:\/\/i0.wp.com\/idnu.ch\/wordpress\/wp-content\/uploads\/2021\/01\/stierenberg_im_schnee-20210103-2.jpg?fit=1200%2C800&ssl=1&resize=1050%2C600 3x"},"classes":[]},{"id":1690,"url":"https:\/\/idnu.ch\/wordpress\/eine-gratwanderung-im-mittelland\/","url_meta":{"origin":165,"position":5},"title":"Eine Gratwanderung im Mittelland","author":"Urs Kyburz","date":"9. November 2015","format":false,"excerpt":"Das h\u00e4tte ich auch nie gedacht: Eine richtige Wanderung \u00fcber einen Grat mit ausgesetzten Stellen, und das im Mittelland. Gut, die L\u00e4gern, um die es hier geht, ist der letzte Ausl\u00e4ufer des Kettenjuras, ist aber von Mittellandh\u00fcgeln umgeben. Umso mehr reizte uns diese Tour.\u00a0Die Route ist sehr einfach zu finden:\u2026","rel":"","context":"In &quot;Aargau&quot;","block_context":{"text":"Aargau","link":"https:\/\/idnu.ch\/wordpress\/category\/kanton\/aargau\/"},"img":{"alt_text":"Dieser Weg macht Freude","src":"https:\/\/i0.wp.com\/idnu.ch\/wordpress\/wp-content\/uploads\/2015\/11\/laegern_0051.jpg?fit=1200%2C800&ssl=1&resize=350%2C200","width":350,"height":200,"srcset":"https:\/\/i0.wp.com\/idnu.ch\/wordpress\/wp-content\/uploads\/2015\/11\/laegern_0051.jpg?fit=1200%2C800&ssl=1&resize=350%2C200 1x, https:\/\/i0.wp.com\/idnu.ch\/wordpress\/wp-content\/uploads\/2015\/11\/laegern_0051.jpg?fit=1200%2C800&ssl=1&resize=525%2C300 1.5x, https:\/\/i0.wp.com\/idnu.ch\/wordpress\/wp-content\/uploads\/2015\/11\/laegern_0051.jpg?fit=1200%2C800&ssl=1&resize=700%2C400 2x, https:\/\/i0.wp.com\/idnu.ch\/wordpress\/wp-content\/uploads\/2015\/11\/laegern_0051.jpg?fit=1200%2C800&ssl=1&resize=1050%2C600 3x"},"classes":[]}],"jetpack_likes_enabled":true,"_links":{"self":[{"href":"https:\/\/idnu.ch\/wordpress\/wp-json\/wp\/v2\/posts\/165","targetHints":{"allow":["GET"]}}],"collection":[{"href":"https:\/\/idnu.ch\/wordpress\/wp-json\/wp\/v2\/posts"}],"about":[{"href":"https:\/\/idnu.ch\/wordpress\/wp-json\/wp\/v2\/types\/post"}],"author":[{"embeddable":true,"href":"https:\/\/idnu.ch\/wordpress\/wp-json\/wp\/v2\/users\/2"}],"replies":[{"embeddable":true,"href":"https:\/\/idnu.ch\/wordpress\/wp-json\/wp\/v2\/comments?post=165"}],"version-history":[{"count":6,"href":"https:\/\/idnu.ch\/wordpress\/wp-json\/wp\/v2\/posts\/165\/revisions"}],"predecessor-version":[{"id":25519,"href":"https:\/\/idnu.ch\/wordpress\/wp-json\/wp\/v2\/posts\/165\/revisions\/25519"}],"wp:featuredmedia":[{"embeddable":true,"href":"https:\/\/idnu.ch\/wordpress\/wp-json\/wp\/v2\/media\/759"}],"wp:attachment":[{"href":"https:\/\/idnu.ch\/wordpress\/wp-json\/wp\/v2\/media?parent=165"}],"wp:term":[{"taxonomy":"category","embeddable":true,"href":"https:\/\/idnu.ch\/wordpress\/wp-json\/wp\/v2\/categories?post=165"},{"taxonomy":"post_tag","embeddable":true,"href":"https:\/\/idnu.ch\/wordpress\/wp-json\/wp\/v2\/tags?post=165"}],"curies":[{"name":"wp","href":"https:\/\/api.w.org\/{rel}","templated":true}]}}