{"id":16604,"date":"2020-10-30T18:47:35","date_gmt":"2020-10-30T17:47:35","guid":{"rendered":"https:\/\/idnu.ch\/wordpress\/?p=16604"},"modified":"2025-08-24T17:02:58","modified_gmt":"2025-08-24T15:02:58","slug":"durch-das-tal-des-wassers","status":"publish","type":"post","link":"https:\/\/idnu.ch\/wordpress\/durch-das-tal-des-wassers\/","title":{"rendered":"Durch das Tal des Wassers"},"content":{"rendered":"<p><strong>Dies ist eine wasserreiche Wanderung: Vorbei an den Simmenf\u00e4llen folgen wir immer diesem noch jungen Fluss bis zur Quelle, den Sibe Br\u00fcnne. Eine Wanderung also quasi durch das Tal des Wassers. Und als Supplement gibt es noch einen Gipfel.<\/strong><\/p>\n<figure id=\"attachment_16856\" aria-describedby=\"caption-attachment-16856\" style=\"width: 1280px\" class=\"wp-caption alignnone\"><a href=\"https:\/\/i0.wp.com\/idnu.ch\/wordpress\/wp-content\/uploads\/2020\/10\/lenk-20201005-338.jpg?ssl=1\"><img data-recalc-dims=\"1\" loading=\"lazy\" decoding=\"async\" data-attachment-id=\"16856\" data-permalink=\"https:\/\/idnu.ch\/wordpress\/durch-das-tal-des-wassers\/lenk-20201005-338\/#main\" data-orig-file=\"https:\/\/i0.wp.com\/idnu.ch\/wordpress\/wp-content\/uploads\/2020\/10\/lenk-20201005-338.jpg?fit=1280%2C853&amp;ssl=1\" data-orig-size=\"1280,853\" data-comments-opened=\"1\" data-image-meta=\"{&quot;aperture&quot;:&quot;5.6&quot;,&quot;credit&quot;:&quot;Urs Kyburz&quot;,&quot;camera&quot;:&quot;Canon EOS 5D Mark IV&quot;,&quot;caption&quot;:&quot;&quot;,&quot;created_timestamp&quot;:&quot;1601888933&quot;,&quot;copyright&quot;:&quot;Copyright Urs Kyburz (2019)&quot;,&quot;focal_length&quot;:&quot;45&quot;,&quot;iso&quot;:&quot;1250&quot;,&quot;shutter_speed&quot;:&quot;0.002&quot;,&quot;title&quot;:&quot;&quot;,&quot;orientation&quot;:&quot;0&quot;}\" data-image-title=\"Die Sieben Br\u00fcnnen\" data-image-description=\"\" data-image-caption=\"&lt;p&gt;Die Sieben Br\u00fcnnen&lt;\/p&gt;\n\" data-large-file=\"https:\/\/i0.wp.com\/idnu.ch\/wordpress\/wp-content\/uploads\/2020\/10\/lenk-20201005-338.jpg?fit=750%2C500&amp;ssl=1\" class=\"size-full wp-image-16856\" src=\"https:\/\/i0.wp.com\/idnu.ch\/wordpress\/wp-content\/uploads\/2020\/10\/lenk-20201005-338.jpg?resize=750%2C500&#038;ssl=1\" alt=\"Die Sieben Br\u00fcnnen\" width=\"750\" height=\"500\" srcset=\"https:\/\/i0.wp.com\/idnu.ch\/wordpress\/wp-content\/uploads\/2020\/10\/lenk-20201005-338.jpg?w=1280&amp;ssl=1 1280w, https:\/\/i0.wp.com\/idnu.ch\/wordpress\/wp-content\/uploads\/2020\/10\/lenk-20201005-338.jpg?resize=300%2C200&amp;ssl=1 300w, https:\/\/i0.wp.com\/idnu.ch\/wordpress\/wp-content\/uploads\/2020\/10\/lenk-20201005-338.jpg?resize=1024%2C682&amp;ssl=1 1024w, https:\/\/i0.wp.com\/idnu.ch\/wordpress\/wp-content\/uploads\/2020\/10\/lenk-20201005-338.jpg?resize=768%2C512&amp;ssl=1 768w, https:\/\/i0.wp.com\/idnu.ch\/wordpress\/wp-content\/uploads\/2020\/10\/lenk-20201005-338.jpg?resize=150%2C100&amp;ssl=1 150w\" sizes=\"auto, (max-width: 750px) 100vw, 750px\" \/><\/a><figcaption id=\"caption-attachment-16856\" class=\"wp-caption-text\">Die Sieben Br\u00fcnnen<\/figcaption><\/figure>\n<h2>Der jungen Simme entlang<\/h2>\n<p>Wir gehen die Wanderung gem\u00fctlich an und lassen uns mit dem Ortsbus bis zu den ber\u00fchmten Simmenf\u00e4llen chauffieren. Eindr\u00fccklich, wie da das Wasser heruntertost. Leider ist der Weg den Wasserf\u00e4llen entlang hoch gesperrt, so m\u00fcssen wir auf die Strasse ausweichen. Diese steigt fast so steil an wie der Weg neben den Wasserf\u00e4llen. Bei der Barbarabr\u00fccke hat man die M\u00f6glichkeit, dem Wasserfall nahe zu kommen. Die Gischt stiebt, man wird schon ein bisschen feucht.<\/p>\n<div class=\"tiled-gallery type-rectangular tiled-gallery-unresized\" data-original-width=\"750\" data-carousel-extra='{&quot;blog_id&quot;:1,&quot;permalink&quot;:&quot;https:\\\/\\\/idnu.ch\\\/wordpress\\\/durch-das-tal-des-wassers\\\/&quot;,&quot;likes_blog_id&quot;:100184974}' itemscope itemtype=\"http:\/\/schema.org\/ImageGallery\" > <div class=\"gallery-row\" style=\"width: 750px; height: 264px;\" data-original-width=\"750\" data-original-height=\"264\" > <div class=\"gallery-group images-1\" style=\"width: 178px; height: 264px;\" data-original-width=\"178\" data-original-height=\"264\" > <div class=\"tiled-gallery-item tiled-gallery-item-small\" itemprop=\"associatedMedia\" itemscope itemtype=\"http:\/\/schema.org\/ImageObject\"> <a href=\"https:\/\/idnu.ch\/wordpress\/durch-das-tal-des-wassers\/lenk-20201005-293\/#main\" border=\"0\" itemprop=\"url\"> <meta itemprop=\"width\" content=\"174\"> <meta itemprop=\"height\" content=\"260\"> <img decoding=\"async\" class=\"\" data-attachment-id=\"16857\" data-orig-file=\"https:\/\/idnu.ch\/wordpress\/wp-content\/uploads\/2020\/10\/lenk-20201005-293.jpg\" data-orig-size=\"853,1280\" data-comments-opened=\"1\" data-image-meta=\"{&quot;aperture&quot;:&quot;7.1&quot;,&quot;credit&quot;:&quot;Urs Kyburz&quot;,&quot;camera&quot;:&quot;Canon EOS 5D Mark IV&quot;,&quot;caption&quot;:&quot;&quot;,&quot;created_timestamp&quot;:&quot;1601884346&quot;,&quot;copyright&quot;:&quot;Copyright Urs Kyburz (2019)&quot;,&quot;focal_length&quot;:&quot;35&quot;,&quot;iso&quot;:&quot;2500&quot;,&quot;shutter_speed&quot;:&quot;0.0015625&quot;,&quot;title&quot;:&quot;&quot;,&quot;orientation&quot;:&quot;0&quot;}\" data-image-title=\"Die Simmenf\u00e4lle\" data-image-description=\"\" data-medium-file=\"https:\/\/i0.wp.com\/idnu.ch\/wordpress\/wp-content\/uploads\/2020\/10\/lenk-20201005-293.jpg?fit=200%2C300&#038;ssl=1\" data-large-file=\"https:\/\/i0.wp.com\/idnu.ch\/wordpress\/wp-content\/uploads\/2020\/10\/lenk-20201005-293.jpg?fit=682%2C1024&#038;ssl=1\" src=\"https:\/\/i0.wp.com\/idnu.ch\/wordpress\/wp-content\/uploads\/2020\/10\/lenk-20201005-293.jpg?w=174&#038;h=260&#038;ssl=1\" srcset=\"https:\/\/i0.wp.com\/idnu.ch\/wordpress\/wp-content\/uploads\/2020\/10\/lenk-20201005-293.jpg?w=853&amp;ssl=1 853w, https:\/\/i0.wp.com\/idnu.ch\/wordpress\/wp-content\/uploads\/2020\/10\/lenk-20201005-293.jpg?resize=200%2C300&amp;ssl=1 200w, https:\/\/i0.wp.com\/idnu.ch\/wordpress\/wp-content\/uploads\/2020\/10\/lenk-20201005-293.jpg?resize=682%2C1024&amp;ssl=1 682w, https:\/\/i0.wp.com\/idnu.ch\/wordpress\/wp-content\/uploads\/2020\/10\/lenk-20201005-293.jpg?resize=768%2C1152&amp;ssl=1 768w, https:\/\/i0.wp.com\/idnu.ch\/wordpress\/wp-content\/uploads\/2020\/10\/lenk-20201005-293.jpg?resize=67%2C100&amp;ssl=1 67w\" width=\"174\" height=\"260\" loading=\"lazy\" data-original-width=\"174\" data-original-height=\"260\" itemprop=\"http:\/\/schema.org\/image\" title=\"Die Simmenf\u00e4lle\" alt=\"Die Simmenf\u00e4lle\" style=\"width: 174px; height: 260px;\" \/> <\/a> <div class=\"tiled-gallery-caption\" itemprop=\"caption description\"> Die Simmenf\u00e4lle <\/div> <\/div> <\/div> <!-- close group --> <div class=\"gallery-group images-1\" style=\"width: 395px; height: 264px;\" data-original-width=\"395\" data-original-height=\"264\" > <div class=\"tiled-gallery-item tiled-gallery-item-large\" itemprop=\"associatedMedia\" itemscope itemtype=\"http:\/\/schema.org\/ImageObject\"> <a href=\"https:\/\/idnu.ch\/wordpress\/durch-das-tal-des-wassers\/lenk-20201005-295\/#main\" border=\"0\" itemprop=\"url\"> <meta itemprop=\"width\" content=\"391\"> <meta itemprop=\"height\" content=\"260\"> <img decoding=\"async\" class=\"\" data-attachment-id=\"16858\" data-orig-file=\"https:\/\/idnu.ch\/wordpress\/wp-content\/uploads\/2020\/10\/lenk-20201005-295.jpg\" data-orig-size=\"1280,853\" data-comments-opened=\"1\" data-image-meta=\"{&quot;aperture&quot;:&quot;7.1&quot;,&quot;credit&quot;:&quot;Urs Kyburz&quot;,&quot;camera&quot;:&quot;Canon EOS 5D Mark IV&quot;,&quot;caption&quot;:&quot;&quot;,&quot;created_timestamp&quot;:&quot;1601885434&quot;,&quot;copyright&quot;:&quot;Copyright Urs Kyburz (2019)&quot;,&quot;focal_length&quot;:&quot;24&quot;,&quot;iso&quot;:&quot;125&quot;,&quot;shutter_speed&quot;:&quot;0.033333333333333&quot;,&quot;title&quot;:&quot;&quot;,&quot;orientation&quot;:&quot;0&quot;}\" data-image-title=\"Bei der Barbarabr\u00fccke\" data-image-description=\"\" data-medium-file=\"https:\/\/i0.wp.com\/idnu.ch\/wordpress\/wp-content\/uploads\/2020\/10\/lenk-20201005-295.jpg?fit=300%2C200&#038;ssl=1\" data-large-file=\"https:\/\/i0.wp.com\/idnu.ch\/wordpress\/wp-content\/uploads\/2020\/10\/lenk-20201005-295.jpg?fit=750%2C500&#038;ssl=1\" src=\"https:\/\/i0.wp.com\/idnu.ch\/wordpress\/wp-content\/uploads\/2020\/10\/lenk-20201005-295.jpg?w=391&#038;h=260&#038;ssl=1\" srcset=\"https:\/\/i0.wp.com\/idnu.ch\/wordpress\/wp-content\/uploads\/2020\/10\/lenk-20201005-295.jpg?w=1280&amp;ssl=1 1280w, https:\/\/i0.wp.com\/idnu.ch\/wordpress\/wp-content\/uploads\/2020\/10\/lenk-20201005-295.jpg?resize=300%2C200&amp;ssl=1 300w, https:\/\/i0.wp.com\/idnu.ch\/wordpress\/wp-content\/uploads\/2020\/10\/lenk-20201005-295.jpg?resize=1024%2C682&amp;ssl=1 1024w, https:\/\/i0.wp.com\/idnu.ch\/wordpress\/wp-content\/uploads\/2020\/10\/lenk-20201005-295.jpg?resize=768%2C512&amp;ssl=1 768w, https:\/\/i0.wp.com\/idnu.ch\/wordpress\/wp-content\/uploads\/2020\/10\/lenk-20201005-295.jpg?resize=150%2C100&amp;ssl=1 150w\" width=\"391\" height=\"260\" loading=\"lazy\" data-original-width=\"391\" data-original-height=\"260\" itemprop=\"http:\/\/schema.org\/image\" title=\"Bei der Barbarabr\u00fccke\" alt=\"Bei der Barbarabr\u00fccke\" style=\"width: 391px; height: 260px;\" \/> <\/a> <div class=\"tiled-gallery-caption\" itemprop=\"caption description\"> Bei der Barbarabr\u00fccke <\/div> <\/div> <\/div> <!-- close group --> <div class=\"gallery-group images-1\" style=\"width: 177px; height: 264px;\" data-original-width=\"177\" data-original-height=\"264\" > <div class=\"tiled-gallery-item tiled-gallery-item-small\" itemprop=\"associatedMedia\" itemscope itemtype=\"http:\/\/schema.org\/ImageObject\"> <a href=\"https:\/\/idnu.ch\/wordpress\/durch-das-tal-des-wassers\/lenk-20201005-298\/#main\" border=\"0\" itemprop=\"url\"> <meta itemprop=\"width\" content=\"173\"> <meta itemprop=\"height\" content=\"260\"> <img decoding=\"async\" class=\"\" data-attachment-id=\"16859\" data-orig-file=\"https:\/\/idnu.ch\/wordpress\/wp-content\/uploads\/2020\/10\/lenk-20201005-298.jpg\" data-orig-size=\"853,1280\" data-comments-opened=\"1\" data-image-meta=\"{&quot;aperture&quot;:&quot;7.1&quot;,&quot;credit&quot;:&quot;Urs Kyburz&quot;,&quot;camera&quot;:&quot;Canon EOS 5D Mark IV&quot;,&quot;caption&quot;:&quot;&quot;,&quot;created_timestamp&quot;:&quot;1601885496&quot;,&quot;copyright&quot;:&quot;Copyright Urs Kyburz (2019)&quot;,&quot;focal_length&quot;:&quot;24&quot;,&quot;iso&quot;:&quot;1600&quot;,&quot;shutter_speed&quot;:&quot;0.0015625&quot;,&quot;title&quot;:&quot;&quot;,&quot;orientation&quot;:&quot;0&quot;}\" data-image-title=\"\" data-image-description=\"\" data-medium-file=\"https:\/\/i0.wp.com\/idnu.ch\/wordpress\/wp-content\/uploads\/2020\/10\/lenk-20201005-298.jpg?fit=200%2C300&#038;ssl=1\" data-large-file=\"https:\/\/i0.wp.com\/idnu.ch\/wordpress\/wp-content\/uploads\/2020\/10\/lenk-20201005-298.jpg?fit=682%2C1024&#038;ssl=1\" src=\"https:\/\/i0.wp.com\/idnu.ch\/wordpress\/wp-content\/uploads\/2020\/10\/lenk-20201005-298.jpg?w=173&#038;h=260&#038;ssl=1\" srcset=\"https:\/\/i0.wp.com\/idnu.ch\/wordpress\/wp-content\/uploads\/2020\/10\/lenk-20201005-298.jpg?w=853&amp;ssl=1 853w, https:\/\/i0.wp.com\/idnu.ch\/wordpress\/wp-content\/uploads\/2020\/10\/lenk-20201005-298.jpg?resize=200%2C300&amp;ssl=1 200w, https:\/\/i0.wp.com\/idnu.ch\/wordpress\/wp-content\/uploads\/2020\/10\/lenk-20201005-298.jpg?resize=682%2C1024&amp;ssl=1 682w, https:\/\/i0.wp.com\/idnu.ch\/wordpress\/wp-content\/uploads\/2020\/10\/lenk-20201005-298.jpg?resize=768%2C1152&amp;ssl=1 768w, https:\/\/i0.wp.com\/idnu.ch\/wordpress\/wp-content\/uploads\/2020\/10\/lenk-20201005-298.jpg?resize=67%2C100&amp;ssl=1 67w\" width=\"173\" height=\"260\" loading=\"lazy\" data-original-width=\"173\" data-original-height=\"260\" itemprop=\"http:\/\/schema.org\/image\" title=\"\" alt=\"\" style=\"width: 173px; height: 260px;\" \/> <\/a> <\/div> <\/div> <!-- close group --> <\/div> <!-- close row --> <div class=\"gallery-row\" style=\"width: 750px; height: 561px;\" data-original-width=\"750\" data-original-height=\"561\" > <div class=\"gallery-group images-1\" style=\"width: 375px; height: 561px;\" data-original-width=\"375\" data-original-height=\"561\" > <div class=\"tiled-gallery-item tiled-gallery-item-large\" itemprop=\"associatedMedia\" itemscope itemtype=\"http:\/\/schema.org\/ImageObject\"> <a href=\"https:\/\/idnu.ch\/wordpress\/durch-das-tal-des-wassers\/lenk-20201005-301\/#main\" border=\"0\" itemprop=\"url\"> <meta itemprop=\"width\" content=\"371\"> <meta itemprop=\"height\" content=\"557\"> <img decoding=\"async\" class=\"\" data-attachment-id=\"16860\" data-orig-file=\"https:\/\/idnu.ch\/wordpress\/wp-content\/uploads\/2020\/10\/lenk-20201005-301.jpg\" data-orig-size=\"853,1280\" data-comments-opened=\"1\" data-image-meta=\"{&quot;aperture&quot;:&quot;7.1&quot;,&quot;credit&quot;:&quot;Urs Kyburz&quot;,&quot;camera&quot;:&quot;Canon EOS 5D Mark IV&quot;,&quot;caption&quot;:&quot;&quot;,&quot;created_timestamp&quot;:&quot;1601886674&quot;,&quot;copyright&quot;:&quot;Copyright Urs Kyburz (2019)&quot;,&quot;focal_length&quot;:&quot;24&quot;,&quot;iso&quot;:&quot;2500&quot;,&quot;shutter_speed&quot;:&quot;0.003125&quot;,&quot;title&quot;:&quot;&quot;,&quot;orientation&quot;:&quot;0&quot;}\" data-image-title=\"\" data-image-description=\"\" data-medium-file=\"https:\/\/i0.wp.com\/idnu.ch\/wordpress\/wp-content\/uploads\/2020\/10\/lenk-20201005-301.jpg?fit=200%2C300&#038;ssl=1\" data-large-file=\"https:\/\/i0.wp.com\/idnu.ch\/wordpress\/wp-content\/uploads\/2020\/10\/lenk-20201005-301.jpg?fit=682%2C1024&#038;ssl=1\" src=\"https:\/\/i0.wp.com\/idnu.ch\/wordpress\/wp-content\/uploads\/2020\/10\/lenk-20201005-301.jpg?w=371&#038;h=557&#038;ssl=1\" srcset=\"https:\/\/i0.wp.com\/idnu.ch\/wordpress\/wp-content\/uploads\/2020\/10\/lenk-20201005-301.jpg?w=853&amp;ssl=1 853w, https:\/\/i0.wp.com\/idnu.ch\/wordpress\/wp-content\/uploads\/2020\/10\/lenk-20201005-301.jpg?resize=200%2C300&amp;ssl=1 200w, https:\/\/i0.wp.com\/idnu.ch\/wordpress\/wp-content\/uploads\/2020\/10\/lenk-20201005-301.jpg?resize=682%2C1024&amp;ssl=1 682w, https:\/\/i0.wp.com\/idnu.ch\/wordpress\/wp-content\/uploads\/2020\/10\/lenk-20201005-301.jpg?resize=768%2C1152&amp;ssl=1 768w, https:\/\/i0.wp.com\/idnu.ch\/wordpress\/wp-content\/uploads\/2020\/10\/lenk-20201005-301.jpg?resize=67%2C100&amp;ssl=1 67w\" width=\"371\" height=\"557\" loading=\"lazy\" data-original-width=\"371\" data-original-height=\"557\" itemprop=\"http:\/\/schema.org\/image\" title=\"\" alt=\"\" style=\"width: 371px; height: 557px;\" \/> <\/a> <\/div> <\/div> <!-- close group --> <div class=\"gallery-group images-1\" style=\"width: 375px; height: 561px;\" data-original-width=\"375\" data-original-height=\"561\" > <div class=\"tiled-gallery-item tiled-gallery-item-large\" itemprop=\"associatedMedia\" itemscope itemtype=\"http:\/\/schema.org\/ImageObject\"> <a href=\"https:\/\/idnu.ch\/wordpress\/durch-das-tal-des-wassers\/lenk-20201005-303\/#main\" border=\"0\" itemprop=\"url\"> <meta itemprop=\"width\" content=\"371\"> <meta itemprop=\"height\" content=\"557\"> <img decoding=\"async\" class=\"\" data-attachment-id=\"16861\" data-orig-file=\"https:\/\/idnu.ch\/wordpress\/wp-content\/uploads\/2020\/10\/lenk-20201005-303.jpg\" data-orig-size=\"853,1280\" data-comments-opened=\"1\" data-image-meta=\"{&quot;aperture&quot;:&quot;7.1&quot;,&quot;credit&quot;:&quot;Urs Kyburz&quot;,&quot;camera&quot;:&quot;Canon EOS 5D Mark IV&quot;,&quot;caption&quot;:&quot;&quot;,&quot;created_timestamp&quot;:&quot;1601886748&quot;,&quot;copyright&quot;:&quot;Copyright Urs Kyburz (2019)&quot;,&quot;focal_length&quot;:&quot;24&quot;,&quot;iso&quot;:&quot;4000&quot;,&quot;shutter_speed&quot;:&quot;0.002&quot;,&quot;title&quot;:&quot;&quot;,&quot;orientation&quot;:&quot;0&quot;}\" data-image-title=\"\" data-image-description=\"\" data-medium-file=\"https:\/\/i0.wp.com\/idnu.ch\/wordpress\/wp-content\/uploads\/2020\/10\/lenk-20201005-303.jpg?fit=200%2C300&#038;ssl=1\" data-large-file=\"https:\/\/i0.wp.com\/idnu.ch\/wordpress\/wp-content\/uploads\/2020\/10\/lenk-20201005-303.jpg?fit=682%2C1024&#038;ssl=1\" src=\"https:\/\/i0.wp.com\/idnu.ch\/wordpress\/wp-content\/uploads\/2020\/10\/lenk-20201005-303.jpg?w=371&#038;h=557&#038;ssl=1\" srcset=\"https:\/\/i0.wp.com\/idnu.ch\/wordpress\/wp-content\/uploads\/2020\/10\/lenk-20201005-303.jpg?w=853&amp;ssl=1 853w, https:\/\/i0.wp.com\/idnu.ch\/wordpress\/wp-content\/uploads\/2020\/10\/lenk-20201005-303.jpg?resize=200%2C300&amp;ssl=1 200w, https:\/\/i0.wp.com\/idnu.ch\/wordpress\/wp-content\/uploads\/2020\/10\/lenk-20201005-303.jpg?resize=682%2C1024&amp;ssl=1 682w, https:\/\/i0.wp.com\/idnu.ch\/wordpress\/wp-content\/uploads\/2020\/10\/lenk-20201005-303.jpg?resize=768%2C1152&amp;ssl=1 768w, https:\/\/i0.wp.com\/idnu.ch\/wordpress\/wp-content\/uploads\/2020\/10\/lenk-20201005-303.jpg?resize=67%2C100&amp;ssl=1 67w\" width=\"371\" height=\"557\" loading=\"lazy\" data-original-width=\"371\" data-original-height=\"557\" itemprop=\"http:\/\/schema.org\/image\" title=\"\" alt=\"\" style=\"width: 371px; height: 557px;\" \/> <\/a> <\/div> <\/div> <!-- close group --> <\/div> <!-- close row --> <\/div>\n<p>Wir wandern durch den herbstenden Wald, die Bl\u00e4tter verf\u00e4rben sich allm\u00e4hlich. Immer wieder treffen wir auf die Simme, mal schl\u00e4ngelt sie sich durch Felsen, mal fliesst sie gem\u00e4chlich im Bachbett, mal st\u00fcrzt sie sich eine Stufe nach unten.<\/p>\n<h2>Bei den Sibe Br\u00fcnne<\/h2>\n<p>Wir erreichen die Alpwirtschaft Siebenbrunnen. Allerdings wird die gerade umgebaut und sie ist deshalb geschlossen, es gibt nur Getr\u00e4nke, gek\u00fchlt im Brunnen. Bei den Temperaturen gel\u00fcstet es uns nicht danach. Wir zweigen ab zu den Sibe Br\u00fcnne, wo die Simme entspringt. Es handelt sich um eine Karstquelle, die durch das Schmelzwasser des Rezligletschers gespiesen wird. Im Sommer treten bis zu 2800 Liter pro Sekunde aus! Schade, ist das Licht nicht besser. An einem sch\u00f6nen Morgen in der Fr\u00fche g\u00e4be das bestimmt wunderbare Bilder.<\/p>\n<div class=\"tiled-gallery type-rectangular tiled-gallery-unresized\" data-original-width=\"750\" data-carousel-extra='{&quot;blog_id&quot;:1,&quot;permalink&quot;:&quot;https:\\\/\\\/idnu.ch\\\/wordpress\\\/durch-das-tal-des-wassers\\\/&quot;,&quot;likes_blog_id&quot;:100184974}' itemscope itemtype=\"http:\/\/schema.org\/ImageGallery\" > <div class=\"gallery-row\" style=\"width: 750px; height: 335px;\" data-original-width=\"750\" data-original-height=\"335\" > <div class=\"gallery-group images-1\" style=\"width: 501px; height: 335px;\" data-original-width=\"501\" data-original-height=\"335\" > <div class=\"tiled-gallery-item tiled-gallery-item-large\" itemprop=\"associatedMedia\" itemscope itemtype=\"http:\/\/schema.org\/ImageObject\"> <a href=\"https:\/\/idnu.ch\/wordpress\/durch-das-tal-des-wassers\/lenk-20201005-313\/#main\" border=\"0\" itemprop=\"url\"> <meta itemprop=\"width\" content=\"497\"> <meta itemprop=\"height\" content=\"331\"> <img decoding=\"async\" class=\"\" data-attachment-id=\"16862\" data-orig-file=\"https:\/\/idnu.ch\/wordpress\/wp-content\/uploads\/2020\/10\/lenk-20201005-313.jpg\" data-orig-size=\"1280,853\" data-comments-opened=\"1\" data-image-meta=\"{&quot;aperture&quot;:&quot;5&quot;,&quot;credit&quot;:&quot;Urs Kyburz&quot;,&quot;camera&quot;:&quot;Canon EOS 5D Mark IV&quot;,&quot;caption&quot;:&quot;&quot;,&quot;created_timestamp&quot;:&quot;1601887881&quot;,&quot;copyright&quot;:&quot;Copyright Urs Kyburz (2019)&quot;,&quot;focal_length&quot;:&quot;45&quot;,&quot;iso&quot;:&quot;1250&quot;,&quot;shutter_speed&quot;:&quot;0.002&quot;,&quot;title&quot;:&quot;&quot;,&quot;orientation&quot;:&quot;0&quot;}\" data-image-title=\"Die Sieben Br\u00fcnnen\" data-image-description=\"\" data-medium-file=\"https:\/\/i0.wp.com\/idnu.ch\/wordpress\/wp-content\/uploads\/2020\/10\/lenk-20201005-313.jpg?fit=300%2C200&#038;ssl=1\" data-large-file=\"https:\/\/i0.wp.com\/idnu.ch\/wordpress\/wp-content\/uploads\/2020\/10\/lenk-20201005-313.jpg?fit=750%2C500&#038;ssl=1\" src=\"https:\/\/i0.wp.com\/idnu.ch\/wordpress\/wp-content\/uploads\/2020\/10\/lenk-20201005-313.jpg?w=497&#038;h=331&#038;ssl=1\" srcset=\"https:\/\/i0.wp.com\/idnu.ch\/wordpress\/wp-content\/uploads\/2020\/10\/lenk-20201005-313.jpg?w=1280&amp;ssl=1 1280w, https:\/\/i0.wp.com\/idnu.ch\/wordpress\/wp-content\/uploads\/2020\/10\/lenk-20201005-313.jpg?resize=300%2C200&amp;ssl=1 300w, https:\/\/i0.wp.com\/idnu.ch\/wordpress\/wp-content\/uploads\/2020\/10\/lenk-20201005-313.jpg?resize=1024%2C682&amp;ssl=1 1024w, https:\/\/i0.wp.com\/idnu.ch\/wordpress\/wp-content\/uploads\/2020\/10\/lenk-20201005-313.jpg?resize=768%2C512&amp;ssl=1 768w, https:\/\/i0.wp.com\/idnu.ch\/wordpress\/wp-content\/uploads\/2020\/10\/lenk-20201005-313.jpg?resize=150%2C100&amp;ssl=1 150w\" width=\"497\" height=\"331\" loading=\"lazy\" data-original-width=\"497\" data-original-height=\"331\" itemprop=\"http:\/\/schema.org\/image\" title=\"Die Sieben Br\u00fcnnen\" alt=\"Die Sieben Br\u00fcnnen\" style=\"width: 497px; height: 331px;\" \/> <\/a> <div class=\"tiled-gallery-caption\" itemprop=\"caption description\"> Die Sibe Br\u00fcnne <\/div> <\/div> <\/div> <!-- close group --> <div class=\"gallery-group images-2\" style=\"width: 249px; height: 335px;\" data-original-width=\"249\" data-original-height=\"335\" > <div class=\"tiled-gallery-item tiled-gallery-item-small\" itemprop=\"associatedMedia\" itemscope itemtype=\"http:\/\/schema.org\/ImageObject\"> <a href=\"https:\/\/idnu.ch\/wordpress\/durch-das-tal-des-wassers\/lenk-20201005-329\/#main\" border=\"0\" itemprop=\"url\"> <meta itemprop=\"width\" content=\"245\"> <meta itemprop=\"height\" content=\"164\"> <img decoding=\"async\" class=\"\" data-attachment-id=\"16863\" data-orig-file=\"https:\/\/idnu.ch\/wordpress\/wp-content\/uploads\/2020\/10\/lenk-20201005-329.jpg\" data-orig-size=\"1280,853\" data-comments-opened=\"1\" data-image-meta=\"{&quot;aperture&quot;:&quot;5.6&quot;,&quot;credit&quot;:&quot;Urs Kyburz&quot;,&quot;camera&quot;:&quot;Canon EOS 5D Mark IV&quot;,&quot;caption&quot;:&quot;&quot;,&quot;created_timestamp&quot;:&quot;1601888508&quot;,&quot;copyright&quot;:&quot;Copyright Urs Kyburz (2019)&quot;,&quot;focal_length&quot;:&quot;73&quot;,&quot;iso&quot;:&quot;800&quot;,&quot;shutter_speed&quot;:&quot;0.002&quot;,&quot;title&quot;:&quot;&quot;,&quot;orientation&quot;:&quot;0&quot;}\" data-image-title=\"\" data-image-description=\"\" data-medium-file=\"https:\/\/i0.wp.com\/idnu.ch\/wordpress\/wp-content\/uploads\/2020\/10\/lenk-20201005-329.jpg?fit=300%2C200&#038;ssl=1\" data-large-file=\"https:\/\/i0.wp.com\/idnu.ch\/wordpress\/wp-content\/uploads\/2020\/10\/lenk-20201005-329.jpg?fit=750%2C500&#038;ssl=1\" src=\"https:\/\/i0.wp.com\/idnu.ch\/wordpress\/wp-content\/uploads\/2020\/10\/lenk-20201005-329.jpg?w=245&#038;h=164&#038;ssl=1\" srcset=\"https:\/\/i0.wp.com\/idnu.ch\/wordpress\/wp-content\/uploads\/2020\/10\/lenk-20201005-329.jpg?w=1280&amp;ssl=1 1280w, https:\/\/i0.wp.com\/idnu.ch\/wordpress\/wp-content\/uploads\/2020\/10\/lenk-20201005-329.jpg?resize=300%2C200&amp;ssl=1 300w, https:\/\/i0.wp.com\/idnu.ch\/wordpress\/wp-content\/uploads\/2020\/10\/lenk-20201005-329.jpg?resize=1024%2C682&amp;ssl=1 1024w, https:\/\/i0.wp.com\/idnu.ch\/wordpress\/wp-content\/uploads\/2020\/10\/lenk-20201005-329.jpg?resize=768%2C512&amp;ssl=1 768w, https:\/\/i0.wp.com\/idnu.ch\/wordpress\/wp-content\/uploads\/2020\/10\/lenk-20201005-329.jpg?resize=150%2C100&amp;ssl=1 150w\" width=\"245\" height=\"164\" loading=\"lazy\" data-original-width=\"245\" data-original-height=\"164\" itemprop=\"http:\/\/schema.org\/image\" title=\"\" alt=\"\" style=\"width: 245px; height: 164px;\" \/> <\/a> <\/div> <div class=\"tiled-gallery-item tiled-gallery-item-small\" itemprop=\"associatedMedia\" itemscope itemtype=\"http:\/\/schema.org\/ImageObject\"> <a href=\"https:\/\/idnu.ch\/wordpress\/durch-das-tal-des-wassers\/lenk-20201005-330\/#main\" border=\"0\" itemprop=\"url\"> <meta itemprop=\"width\" content=\"245\"> <meta itemprop=\"height\" content=\"163\"> <img decoding=\"async\" class=\"\" data-attachment-id=\"16864\" data-orig-file=\"https:\/\/idnu.ch\/wordpress\/wp-content\/uploads\/2020\/10\/lenk-20201005-330.jpg\" data-orig-size=\"1280,853\" data-comments-opened=\"1\" data-image-meta=\"{&quot;aperture&quot;:&quot;5.6&quot;,&quot;credit&quot;:&quot;Urs Kyburz&quot;,&quot;camera&quot;:&quot;Canon EOS 5D Mark IV&quot;,&quot;caption&quot;:&quot;&quot;,&quot;created_timestamp&quot;:&quot;1601888527&quot;,&quot;copyright&quot;:&quot;Copyright Urs Kyburz (2019)&quot;,&quot;focal_length&quot;:&quot;28&quot;,&quot;iso&quot;:&quot;1600&quot;,&quot;shutter_speed&quot;:&quot;0.002&quot;,&quot;title&quot;:&quot;&quot;,&quot;orientation&quot;:&quot;0&quot;}\" data-image-title=\"\" data-image-description=\"\" data-medium-file=\"https:\/\/i0.wp.com\/idnu.ch\/wordpress\/wp-content\/uploads\/2020\/10\/lenk-20201005-330.jpg?fit=300%2C200&#038;ssl=1\" data-large-file=\"https:\/\/i0.wp.com\/idnu.ch\/wordpress\/wp-content\/uploads\/2020\/10\/lenk-20201005-330.jpg?fit=750%2C500&#038;ssl=1\" src=\"https:\/\/i0.wp.com\/idnu.ch\/wordpress\/wp-content\/uploads\/2020\/10\/lenk-20201005-330.jpg?w=245&#038;h=163&#038;ssl=1\" srcset=\"https:\/\/i0.wp.com\/idnu.ch\/wordpress\/wp-content\/uploads\/2020\/10\/lenk-20201005-330.jpg?w=1280&amp;ssl=1 1280w, https:\/\/i0.wp.com\/idnu.ch\/wordpress\/wp-content\/uploads\/2020\/10\/lenk-20201005-330.jpg?resize=300%2C200&amp;ssl=1 300w, https:\/\/i0.wp.com\/idnu.ch\/wordpress\/wp-content\/uploads\/2020\/10\/lenk-20201005-330.jpg?resize=1024%2C682&amp;ssl=1 1024w, https:\/\/i0.wp.com\/idnu.ch\/wordpress\/wp-content\/uploads\/2020\/10\/lenk-20201005-330.jpg?resize=768%2C512&amp;ssl=1 768w, https:\/\/i0.wp.com\/idnu.ch\/wordpress\/wp-content\/uploads\/2020\/10\/lenk-20201005-330.jpg?resize=150%2C100&amp;ssl=1 150w\" width=\"245\" height=\"163\" loading=\"lazy\" data-original-width=\"245\" data-original-height=\"163\" itemprop=\"http:\/\/schema.org\/image\" title=\"\" alt=\"\" style=\"width: 245px; height: 163px;\" \/> <\/a> <\/div> <\/div> <!-- close group --> <\/div> <!-- close row --> <div class=\"gallery-row\" style=\"width: 750px; height: 501px;\" data-original-width=\"750\" data-original-height=\"501\" > <div class=\"gallery-group images-1\" style=\"width: 750px; height: 501px;\" data-original-width=\"750\" data-original-height=\"501\" > <div class=\"tiled-gallery-item tiled-gallery-item-large\" itemprop=\"associatedMedia\" itemscope itemtype=\"http:\/\/schema.org\/ImageObject\"> <a href=\"https:\/\/idnu.ch\/wordpress\/durch-das-tal-des-wassers\/lenk-20201005-343\/#main\" border=\"0\" itemprop=\"url\"> <meta itemprop=\"width\" content=\"746\"> <meta itemprop=\"height\" content=\"497\"> <img decoding=\"async\" class=\"\" data-attachment-id=\"16865\" data-orig-file=\"https:\/\/idnu.ch\/wordpress\/wp-content\/uploads\/2020\/10\/lenk-20201005-343.jpg\" data-orig-size=\"1280,853\" data-comments-opened=\"1\" data-image-meta=\"{&quot;aperture&quot;:&quot;5&quot;,&quot;credit&quot;:&quot;Urs Kyburz&quot;,&quot;camera&quot;:&quot;Canon EOS 5D Mark IV&quot;,&quot;caption&quot;:&quot;&quot;,&quot;created_timestamp&quot;:&quot;1601889000&quot;,&quot;copyright&quot;:&quot;Copyright Urs Kyburz (2019)&quot;,&quot;focal_length&quot;:&quot;24&quot;,&quot;iso&quot;:&quot;640&quot;,&quot;shutter_speed&quot;:&quot;0.002&quot;,&quot;title&quot;:&quot;&quot;,&quot;orientation&quot;:&quot;0&quot;}\" data-image-title=\"\" data-image-description=\"\" data-medium-file=\"https:\/\/i0.wp.com\/idnu.ch\/wordpress\/wp-content\/uploads\/2020\/10\/lenk-20201005-343.jpg?fit=300%2C200&#038;ssl=1\" data-large-file=\"https:\/\/i0.wp.com\/idnu.ch\/wordpress\/wp-content\/uploads\/2020\/10\/lenk-20201005-343.jpg?fit=750%2C500&#038;ssl=1\" src=\"https:\/\/i0.wp.com\/idnu.ch\/wordpress\/wp-content\/uploads\/2020\/10\/lenk-20201005-343.jpg?w=746&#038;h=497&#038;ssl=1\" srcset=\"https:\/\/i0.wp.com\/idnu.ch\/wordpress\/wp-content\/uploads\/2020\/10\/lenk-20201005-343.jpg?w=1280&amp;ssl=1 1280w, https:\/\/i0.wp.com\/idnu.ch\/wordpress\/wp-content\/uploads\/2020\/10\/lenk-20201005-343.jpg?resize=300%2C200&amp;ssl=1 300w, https:\/\/i0.wp.com\/idnu.ch\/wordpress\/wp-content\/uploads\/2020\/10\/lenk-20201005-343.jpg?resize=1024%2C682&amp;ssl=1 1024w, https:\/\/i0.wp.com\/idnu.ch\/wordpress\/wp-content\/uploads\/2020\/10\/lenk-20201005-343.jpg?resize=768%2C512&amp;ssl=1 768w, https:\/\/i0.wp.com\/idnu.ch\/wordpress\/wp-content\/uploads\/2020\/10\/lenk-20201005-343.jpg?resize=150%2C100&amp;ssl=1 150w\" width=\"746\" height=\"497\" loading=\"lazy\" data-original-width=\"746\" data-original-height=\"497\" itemprop=\"http:\/\/schema.org\/image\" title=\"\" alt=\"\" style=\"width: 746px; height: 497px;\" \/> <\/a> <\/div> <\/div> <!-- close group --> <\/div> <!-- close row --> <\/div>\n<p><iframe loading=\"lazy\" src=\"https:\/\/www.youtube.com\/embed\/FgHMPmNpCCM\" width=\"560\" height=\"315\" frameborder=\"0\" allowfullscreen=\"allowfullscreen\"><\/iframe><\/p>\n<h2>Aufs Oberlaubhore<\/h2>\n<p>Zuerst wandern wir noch gem\u00fctlich durch das Tal des Wassers, dann steigt der Weg steil an durch L\u00e4rchen- und Fichtenwald. Weiter geht es dann \u00fcber Weiden zur Langermatte. Die Frau und ich wollen noch aufs Oberlaubhore, Silvan nicht. Wir machen mit ihm ab, wo wir uns wieder treffen, dann trennen wir uns. Die Sonne blitzt immer wieder durch die Wolken, die hohen Berge ums Wildhorn sind allerdings verh\u00fcllt. Der Aufstieg ist einfach und nicht lang, bald stehen wir auf dem Gipfel und schauen hinunter auf die Lenk und ins Simmental.<\/p>\n<div class=\"tiled-gallery type-rectangular tiled-gallery-unresized\" data-original-width=\"750\" data-carousel-extra='{&quot;blog_id&quot;:1,&quot;permalink&quot;:&quot;https:\\\/\\\/idnu.ch\\\/wordpress\\\/durch-das-tal-des-wassers\\\/&quot;,&quot;likes_blog_id&quot;:100184974}' itemscope itemtype=\"http:\/\/schema.org\/ImageGallery\" > <div class=\"gallery-row\" style=\"width: 750px; height: 643px;\" data-original-width=\"750\" data-original-height=\"643\" > <div class=\"gallery-group images-1\" style=\"width: 430px; height: 643px;\" data-original-width=\"430\" data-original-height=\"643\" > <div class=\"tiled-gallery-item tiled-gallery-item-large\" itemprop=\"associatedMedia\" itemscope itemtype=\"http:\/\/schema.org\/ImageObject\"> <a href=\"https:\/\/idnu.ch\/wordpress\/durch-das-tal-des-wassers\/lenk-20201005-347\/#main\" border=\"0\" itemprop=\"url\"> <meta itemprop=\"width\" content=\"426\"> <meta itemprop=\"height\" content=\"639\"> <img decoding=\"async\" class=\"\" data-attachment-id=\"16866\" data-orig-file=\"https:\/\/idnu.ch\/wordpress\/wp-content\/uploads\/2020\/10\/lenk-20201005-347.jpg\" data-orig-size=\"853,1280\" data-comments-opened=\"1\" data-image-meta=\"{&quot;aperture&quot;:&quot;6.3&quot;,&quot;credit&quot;:&quot;Urs Kyburz&quot;,&quot;camera&quot;:&quot;Canon EOS 5D Mark IV&quot;,&quot;caption&quot;:&quot;&quot;,&quot;created_timestamp&quot;:&quot;1601890099&quot;,&quot;copyright&quot;:&quot;Copyright Urs Kyburz (2019)&quot;,&quot;focal_length&quot;:&quot;24&quot;,&quot;iso&quot;:&quot;100&quot;,&quot;shutter_speed&quot;:&quot;0.02&quot;,&quot;title&quot;:&quot;&quot;,&quot;orientation&quot;:&quot;0&quot;}\" data-image-title=\"\" data-image-description=\"\" data-medium-file=\"https:\/\/i0.wp.com\/idnu.ch\/wordpress\/wp-content\/uploads\/2020\/10\/lenk-20201005-347.jpg?fit=200%2C300&#038;ssl=1\" data-large-file=\"https:\/\/i0.wp.com\/idnu.ch\/wordpress\/wp-content\/uploads\/2020\/10\/lenk-20201005-347.jpg?fit=682%2C1024&#038;ssl=1\" src=\"https:\/\/i0.wp.com\/idnu.ch\/wordpress\/wp-content\/uploads\/2020\/10\/lenk-20201005-347.jpg?w=426&#038;h=639&#038;ssl=1\" srcset=\"https:\/\/i0.wp.com\/idnu.ch\/wordpress\/wp-content\/uploads\/2020\/10\/lenk-20201005-347.jpg?w=853&amp;ssl=1 853w, https:\/\/i0.wp.com\/idnu.ch\/wordpress\/wp-content\/uploads\/2020\/10\/lenk-20201005-347.jpg?resize=200%2C300&amp;ssl=1 200w, https:\/\/i0.wp.com\/idnu.ch\/wordpress\/wp-content\/uploads\/2020\/10\/lenk-20201005-347.jpg?resize=682%2C1024&amp;ssl=1 682w, https:\/\/i0.wp.com\/idnu.ch\/wordpress\/wp-content\/uploads\/2020\/10\/lenk-20201005-347.jpg?resize=768%2C1152&amp;ssl=1 768w, https:\/\/i0.wp.com\/idnu.ch\/wordpress\/wp-content\/uploads\/2020\/10\/lenk-20201005-347.jpg?resize=67%2C100&amp;ssl=1 67w\" width=\"426\" height=\"639\" loading=\"lazy\" data-original-width=\"426\" data-original-height=\"639\" itemprop=\"http:\/\/schema.org\/image\" title=\"\" alt=\"\" style=\"width: 426px; height: 639px;\" \/> <\/a> <\/div> <\/div> <!-- close group --> <div class=\"gallery-group images-3\" style=\"width: 320px; height: 643px;\" data-original-width=\"320\" data-original-height=\"643\" > <div class=\"tiled-gallery-item tiled-gallery-item-large\" itemprop=\"associatedMedia\" itemscope itemtype=\"http:\/\/schema.org\/ImageObject\"> <a href=\"https:\/\/idnu.ch\/wordpress\/durch-das-tal-des-wassers\/lenk-20201005-348\/#main\" border=\"0\" itemprop=\"url\"> <meta itemprop=\"width\" content=\"316\"> <meta itemprop=\"height\" content=\"211\"> <img decoding=\"async\" class=\"\" data-attachment-id=\"16867\" data-orig-file=\"https:\/\/idnu.ch\/wordpress\/wp-content\/uploads\/2020\/10\/lenk-20201005-348.jpg\" data-orig-size=\"1280,853\" data-comments-opened=\"1\" data-image-meta=\"{&quot;aperture&quot;:&quot;6.3&quot;,&quot;credit&quot;:&quot;Urs Kyburz&quot;,&quot;camera&quot;:&quot;Canon EOS 5D Mark IV&quot;,&quot;caption&quot;:&quot;&quot;,&quot;created_timestamp&quot;:&quot;1601890516&quot;,&quot;copyright&quot;:&quot;Copyright Urs Kyburz (2019)&quot;,&quot;focal_length&quot;:&quot;50&quot;,&quot;iso&quot;:&quot;100&quot;,&quot;shutter_speed&quot;:&quot;0.02&quot;,&quot;title&quot;:&quot;&quot;,&quot;orientation&quot;:&quot;0&quot;}\" data-image-title=\"\" data-image-description=\"\" data-medium-file=\"https:\/\/i0.wp.com\/idnu.ch\/wordpress\/wp-content\/uploads\/2020\/10\/lenk-20201005-348.jpg?fit=300%2C200&#038;ssl=1\" data-large-file=\"https:\/\/i0.wp.com\/idnu.ch\/wordpress\/wp-content\/uploads\/2020\/10\/lenk-20201005-348.jpg?fit=750%2C500&#038;ssl=1\" src=\"https:\/\/i0.wp.com\/idnu.ch\/wordpress\/wp-content\/uploads\/2020\/10\/lenk-20201005-348.jpg?w=316&#038;h=211&#038;ssl=1\" srcset=\"https:\/\/i0.wp.com\/idnu.ch\/wordpress\/wp-content\/uploads\/2020\/10\/lenk-20201005-348.jpg?w=1280&amp;ssl=1 1280w, https:\/\/i0.wp.com\/idnu.ch\/wordpress\/wp-content\/uploads\/2020\/10\/lenk-20201005-348.jpg?resize=300%2C200&amp;ssl=1 300w, https:\/\/i0.wp.com\/idnu.ch\/wordpress\/wp-content\/uploads\/2020\/10\/lenk-20201005-348.jpg?resize=1024%2C682&amp;ssl=1 1024w, https:\/\/i0.wp.com\/idnu.ch\/wordpress\/wp-content\/uploads\/2020\/10\/lenk-20201005-348.jpg?resize=768%2C512&amp;ssl=1 768w, https:\/\/i0.wp.com\/idnu.ch\/wordpress\/wp-content\/uploads\/2020\/10\/lenk-20201005-348.jpg?resize=150%2C100&amp;ssl=1 150w\" width=\"316\" height=\"211\" loading=\"lazy\" data-original-width=\"316\" data-original-height=\"211\" itemprop=\"http:\/\/schema.org\/image\" title=\"\" alt=\"\" style=\"width: 316px; height: 211px;\" \/> <\/a> <\/div> <div class=\"tiled-gallery-item tiled-gallery-item-large\" itemprop=\"associatedMedia\" itemscope itemtype=\"http:\/\/schema.org\/ImageObject\"> <a href=\"https:\/\/idnu.ch\/wordpress\/durch-das-tal-des-wassers\/lenk-20201005-351\/#main\" border=\"0\" itemprop=\"url\"> <meta itemprop=\"width\" content=\"316\"> <meta itemprop=\"height\" content=\"210\"> <img decoding=\"async\" class=\"\" data-attachment-id=\"16868\" data-orig-file=\"https:\/\/idnu.ch\/wordpress\/wp-content\/uploads\/2020\/10\/lenk-20201005-351.jpg\" data-orig-size=\"1280,853\" data-comments-opened=\"1\" data-image-meta=\"{&quot;aperture&quot;:&quot;6.3&quot;,&quot;credit&quot;:&quot;Urs Kyburz&quot;,&quot;camera&quot;:&quot;Canon EOS 5D Mark IV&quot;,&quot;caption&quot;:&quot;&quot;,&quot;created_timestamp&quot;:&quot;1601891604&quot;,&quot;copyright&quot;:&quot;Copyright Urs Kyburz (2019)&quot;,&quot;focal_length&quot;:&quot;96&quot;,&quot;iso&quot;:&quot;250&quot;,&quot;shutter_speed&quot;:&quot;0.01&quot;,&quot;title&quot;:&quot;&quot;,&quot;orientation&quot;:&quot;0&quot;}\" data-image-title=\"\" data-image-description=\"\" data-medium-file=\"https:\/\/i0.wp.com\/idnu.ch\/wordpress\/wp-content\/uploads\/2020\/10\/lenk-20201005-351.jpg?fit=300%2C200&#038;ssl=1\" data-large-file=\"https:\/\/i0.wp.com\/idnu.ch\/wordpress\/wp-content\/uploads\/2020\/10\/lenk-20201005-351.jpg?fit=750%2C500&#038;ssl=1\" src=\"https:\/\/i0.wp.com\/idnu.ch\/wordpress\/wp-content\/uploads\/2020\/10\/lenk-20201005-351.jpg?w=316&#038;h=210&#038;ssl=1\" srcset=\"https:\/\/i0.wp.com\/idnu.ch\/wordpress\/wp-content\/uploads\/2020\/10\/lenk-20201005-351.jpg?w=1280&amp;ssl=1 1280w, https:\/\/i0.wp.com\/idnu.ch\/wordpress\/wp-content\/uploads\/2020\/10\/lenk-20201005-351.jpg?resize=300%2C200&amp;ssl=1 300w, https:\/\/i0.wp.com\/idnu.ch\/wordpress\/wp-content\/uploads\/2020\/10\/lenk-20201005-351.jpg?resize=1024%2C682&amp;ssl=1 1024w, https:\/\/i0.wp.com\/idnu.ch\/wordpress\/wp-content\/uploads\/2020\/10\/lenk-20201005-351.jpg?resize=768%2C512&amp;ssl=1 768w, https:\/\/i0.wp.com\/idnu.ch\/wordpress\/wp-content\/uploads\/2020\/10\/lenk-20201005-351.jpg?resize=150%2C100&amp;ssl=1 150w\" width=\"316\" height=\"210\" loading=\"lazy\" data-original-width=\"316\" data-original-height=\"210\" itemprop=\"http:\/\/schema.org\/image\" title=\"\" alt=\"\" style=\"width: 316px; height: 210px;\" \/> <\/a> <\/div> <div class=\"tiled-gallery-item tiled-gallery-item-large\" itemprop=\"associatedMedia\" itemscope itemtype=\"http:\/\/schema.org\/ImageObject\"> <a href=\"https:\/\/idnu.ch\/wordpress\/durch-das-tal-des-wassers\/lenk-20201005-355\/#main\" border=\"0\" itemprop=\"url\"> <meta itemprop=\"width\" content=\"316\"> <meta itemprop=\"height\" content=\"210\"> <img decoding=\"async\" class=\"\" data-attachment-id=\"16869\" data-orig-file=\"https:\/\/idnu.ch\/wordpress\/wp-content\/uploads\/2020\/10\/lenk-20201005-355.jpg\" data-orig-size=\"1280,853\" data-comments-opened=\"1\" data-image-meta=\"{&quot;aperture&quot;:&quot;6.3&quot;,&quot;credit&quot;:&quot;Urs Kyburz&quot;,&quot;camera&quot;:&quot;Canon EOS 5D Mark IV&quot;,&quot;caption&quot;:&quot;&quot;,&quot;created_timestamp&quot;:&quot;1601893763&quot;,&quot;copyright&quot;:&quot;Copyright Urs Kyburz (2019)&quot;,&quot;focal_length&quot;:&quot;73&quot;,&quot;iso&quot;:&quot;100&quot;,&quot;shutter_speed&quot;:&quot;0.00625&quot;,&quot;title&quot;:&quot;&quot;,&quot;orientation&quot;:&quot;0&quot;}\" data-image-title=\"\" data-image-description=\"\" data-medium-file=\"https:\/\/i0.wp.com\/idnu.ch\/wordpress\/wp-content\/uploads\/2020\/10\/lenk-20201005-355.jpg?fit=300%2C200&#038;ssl=1\" data-large-file=\"https:\/\/i0.wp.com\/idnu.ch\/wordpress\/wp-content\/uploads\/2020\/10\/lenk-20201005-355.jpg?fit=750%2C500&#038;ssl=1\" src=\"https:\/\/i0.wp.com\/idnu.ch\/wordpress\/wp-content\/uploads\/2020\/10\/lenk-20201005-355.jpg?w=316&#038;h=210&#038;ssl=1\" srcset=\"https:\/\/i0.wp.com\/idnu.ch\/wordpress\/wp-content\/uploads\/2020\/10\/lenk-20201005-355.jpg?w=1280&amp;ssl=1 1280w, https:\/\/i0.wp.com\/idnu.ch\/wordpress\/wp-content\/uploads\/2020\/10\/lenk-20201005-355.jpg?resize=300%2C200&amp;ssl=1 300w, https:\/\/i0.wp.com\/idnu.ch\/wordpress\/wp-content\/uploads\/2020\/10\/lenk-20201005-355.jpg?resize=1024%2C682&amp;ssl=1 1024w, https:\/\/i0.wp.com\/idnu.ch\/wordpress\/wp-content\/uploads\/2020\/10\/lenk-20201005-355.jpg?resize=768%2C512&amp;ssl=1 768w, https:\/\/i0.wp.com\/idnu.ch\/wordpress\/wp-content\/uploads\/2020\/10\/lenk-20201005-355.jpg?resize=150%2C100&amp;ssl=1 150w\" width=\"316\" height=\"210\" loading=\"lazy\" data-original-width=\"316\" data-original-height=\"210\" itemprop=\"http:\/\/schema.org\/image\" title=\"\" alt=\"\" style=\"width: 316px; height: 210px;\" \/> <\/a> <\/div> <\/div> <!-- close group --> <\/div> <!-- close row --> <div class=\"gallery-row\" style=\"width: 750px; height: 335px;\" data-original-width=\"750\" data-original-height=\"335\" > <div class=\"gallery-group images-1\" style=\"width: 501px; height: 335px;\" data-original-width=\"501\" data-original-height=\"335\" > <div class=\"tiled-gallery-item tiled-gallery-item-large\" itemprop=\"associatedMedia\" itemscope itemtype=\"http:\/\/schema.org\/ImageObject\"> <a href=\"https:\/\/idnu.ch\/wordpress\/durch-das-tal-des-wassers\/lenk-20201005-357\/#main\" border=\"0\" itemprop=\"url\"> <meta itemprop=\"width\" content=\"497\"> <meta itemprop=\"height\" content=\"331\"> <img decoding=\"async\" class=\"\" data-attachment-id=\"16870\" data-orig-file=\"https:\/\/idnu.ch\/wordpress\/wp-content\/uploads\/2020\/10\/lenk-20201005-357.jpg\" data-orig-size=\"1280,853\" data-comments-opened=\"1\" data-image-meta=\"{&quot;aperture&quot;:&quot;6.3&quot;,&quot;credit&quot;:&quot;Urs Kyburz&quot;,&quot;camera&quot;:&quot;Canon EOS 5D Mark IV&quot;,&quot;caption&quot;:&quot;&quot;,&quot;created_timestamp&quot;:&quot;1601894659&quot;,&quot;copyright&quot;:&quot;Copyright Urs Kyburz (2019)&quot;,&quot;focal_length&quot;:&quot;28&quot;,&quot;iso&quot;:&quot;100&quot;,&quot;shutter_speed&quot;:&quot;0.003125&quot;,&quot;title&quot;:&quot;&quot;,&quot;orientation&quot;:&quot;0&quot;}\" data-image-title=\"\" data-image-description=\"\" data-medium-file=\"https:\/\/i0.wp.com\/idnu.ch\/wordpress\/wp-content\/uploads\/2020\/10\/lenk-20201005-357.jpg?fit=300%2C200&#038;ssl=1\" data-large-file=\"https:\/\/i0.wp.com\/idnu.ch\/wordpress\/wp-content\/uploads\/2020\/10\/lenk-20201005-357.jpg?fit=750%2C500&#038;ssl=1\" src=\"https:\/\/i0.wp.com\/idnu.ch\/wordpress\/wp-content\/uploads\/2020\/10\/lenk-20201005-357.jpg?w=497&#038;h=331&#038;ssl=1\" srcset=\"https:\/\/i0.wp.com\/idnu.ch\/wordpress\/wp-content\/uploads\/2020\/10\/lenk-20201005-357.jpg?w=1280&amp;ssl=1 1280w, https:\/\/i0.wp.com\/idnu.ch\/wordpress\/wp-content\/uploads\/2020\/10\/lenk-20201005-357.jpg?resize=300%2C200&amp;ssl=1 300w, https:\/\/i0.wp.com\/idnu.ch\/wordpress\/wp-content\/uploads\/2020\/10\/lenk-20201005-357.jpg?resize=1024%2C682&amp;ssl=1 1024w, https:\/\/i0.wp.com\/idnu.ch\/wordpress\/wp-content\/uploads\/2020\/10\/lenk-20201005-357.jpg?resize=768%2C512&amp;ssl=1 768w, https:\/\/i0.wp.com\/idnu.ch\/wordpress\/wp-content\/uploads\/2020\/10\/lenk-20201005-357.jpg?resize=150%2C100&amp;ssl=1 150w\" width=\"497\" height=\"331\" loading=\"lazy\" data-original-width=\"497\" data-original-height=\"331\" itemprop=\"http:\/\/schema.org\/image\" title=\"\" alt=\"\" style=\"width: 497px; height: 331px;\" \/> <\/a> <\/div> <\/div> <!-- close group --> <div class=\"gallery-group images-2\" style=\"width: 249px; height: 335px;\" data-original-width=\"249\" data-original-height=\"335\" > <div class=\"tiled-gallery-item tiled-gallery-item-small\" itemprop=\"associatedMedia\" itemscope itemtype=\"http:\/\/schema.org\/ImageObject\"> <a href=\"https:\/\/idnu.ch\/wordpress\/durch-das-tal-des-wassers\/lenk-20201005-359\/#main\" border=\"0\" itemprop=\"url\"> <meta itemprop=\"width\" content=\"245\"> <meta itemprop=\"height\" content=\"164\"> <img decoding=\"async\" class=\"\" data-attachment-id=\"16871\" data-orig-file=\"https:\/\/idnu.ch\/wordpress\/wp-content\/uploads\/2020\/10\/lenk-20201005-359.jpg\" data-orig-size=\"1280,853\" data-comments-opened=\"1\" data-image-meta=\"{&quot;aperture&quot;:&quot;6.3&quot;,&quot;credit&quot;:&quot;Urs Kyburz&quot;,&quot;camera&quot;:&quot;Canon EOS 5D Mark IV&quot;,&quot;caption&quot;:&quot;&quot;,&quot;created_timestamp&quot;:&quot;1601895522&quot;,&quot;copyright&quot;:&quot;Copyright Urs Kyburz (2019)&quot;,&quot;focal_length&quot;:&quot;45&quot;,&quot;iso&quot;:&quot;100&quot;,&quot;shutter_speed&quot;:&quot;0.0015625&quot;,&quot;title&quot;:&quot;&quot;,&quot;orientation&quot;:&quot;0&quot;}\" data-image-title=\"\" data-image-description=\"\" data-medium-file=\"https:\/\/i0.wp.com\/idnu.ch\/wordpress\/wp-content\/uploads\/2020\/10\/lenk-20201005-359.jpg?fit=300%2C200&#038;ssl=1\" data-large-file=\"https:\/\/i0.wp.com\/idnu.ch\/wordpress\/wp-content\/uploads\/2020\/10\/lenk-20201005-359.jpg?fit=750%2C500&#038;ssl=1\" src=\"https:\/\/i0.wp.com\/idnu.ch\/wordpress\/wp-content\/uploads\/2020\/10\/lenk-20201005-359.jpg?w=245&#038;h=164&#038;ssl=1\" srcset=\"https:\/\/i0.wp.com\/idnu.ch\/wordpress\/wp-content\/uploads\/2020\/10\/lenk-20201005-359.jpg?w=1280&amp;ssl=1 1280w, https:\/\/i0.wp.com\/idnu.ch\/wordpress\/wp-content\/uploads\/2020\/10\/lenk-20201005-359.jpg?resize=300%2C200&amp;ssl=1 300w, https:\/\/i0.wp.com\/idnu.ch\/wordpress\/wp-content\/uploads\/2020\/10\/lenk-20201005-359.jpg?resize=1024%2C682&amp;ssl=1 1024w, https:\/\/i0.wp.com\/idnu.ch\/wordpress\/wp-content\/uploads\/2020\/10\/lenk-20201005-359.jpg?resize=768%2C512&amp;ssl=1 768w, https:\/\/i0.wp.com\/idnu.ch\/wordpress\/wp-content\/uploads\/2020\/10\/lenk-20201005-359.jpg?resize=150%2C100&amp;ssl=1 150w\" width=\"245\" height=\"164\" loading=\"lazy\" data-original-width=\"245\" data-original-height=\"164\" itemprop=\"http:\/\/schema.org\/image\" title=\"\" alt=\"\" style=\"width: 245px; height: 164px;\" \/> <\/a> <\/div> <div class=\"tiled-gallery-item tiled-gallery-item-small\" itemprop=\"associatedMedia\" itemscope itemtype=\"http:\/\/schema.org\/ImageObject\"> <a href=\"https:\/\/idnu.ch\/wordpress\/durch-das-tal-des-wassers\/lenk-20201005-362\/#main\" border=\"0\" itemprop=\"url\"> <meta itemprop=\"width\" content=\"245\"> <meta itemprop=\"height\" content=\"163\"> <img decoding=\"async\" class=\"\" data-attachment-id=\"16872\" data-orig-file=\"https:\/\/idnu.ch\/wordpress\/wp-content\/uploads\/2020\/10\/lenk-20201005-362.jpg\" data-orig-size=\"1280,853\" data-comments-opened=\"1\" data-image-meta=\"{&quot;aperture&quot;:&quot;9&quot;,&quot;credit&quot;:&quot;Urs Kyburz&quot;,&quot;camera&quot;:&quot;Canon EOS 5D Mark IV&quot;,&quot;caption&quot;:&quot;&quot;,&quot;created_timestamp&quot;:&quot;1601896226&quot;,&quot;copyright&quot;:&quot;Copyright Urs Kyburz (2019)&quot;,&quot;focal_length&quot;:&quot;40&quot;,&quot;iso&quot;:&quot;100&quot;,&quot;shutter_speed&quot;:&quot;0.004&quot;,&quot;title&quot;:&quot;&quot;,&quot;orientation&quot;:&quot;0&quot;}\" data-image-title=\"Die letzten Meter\" data-image-description=\"&lt;p&gt;Die letzten Meter zum Gipfel des Oberlaubhore&lt;\/p&gt; \" data-medium-file=\"https:\/\/i0.wp.com\/idnu.ch\/wordpress\/wp-content\/uploads\/2020\/10\/lenk-20201005-362.jpg?fit=300%2C200&#038;ssl=1\" data-large-file=\"https:\/\/i0.wp.com\/idnu.ch\/wordpress\/wp-content\/uploads\/2020\/10\/lenk-20201005-362.jpg?fit=750%2C500&#038;ssl=1\" src=\"https:\/\/i0.wp.com\/idnu.ch\/wordpress\/wp-content\/uploads\/2020\/10\/lenk-20201005-362.jpg?w=245&#038;h=163&#038;ssl=1\" srcset=\"https:\/\/i0.wp.com\/idnu.ch\/wordpress\/wp-content\/uploads\/2020\/10\/lenk-20201005-362.jpg?w=1280&amp;ssl=1 1280w, https:\/\/i0.wp.com\/idnu.ch\/wordpress\/wp-content\/uploads\/2020\/10\/lenk-20201005-362.jpg?resize=300%2C200&amp;ssl=1 300w, https:\/\/i0.wp.com\/idnu.ch\/wordpress\/wp-content\/uploads\/2020\/10\/lenk-20201005-362.jpg?resize=1024%2C682&amp;ssl=1 1024w, https:\/\/i0.wp.com\/idnu.ch\/wordpress\/wp-content\/uploads\/2020\/10\/lenk-20201005-362.jpg?resize=768%2C512&amp;ssl=1 768w, https:\/\/i0.wp.com\/idnu.ch\/wordpress\/wp-content\/uploads\/2020\/10\/lenk-20201005-362.jpg?resize=150%2C100&amp;ssl=1 150w\" width=\"245\" height=\"163\" loading=\"lazy\" data-original-width=\"245\" data-original-height=\"163\" itemprop=\"http:\/\/schema.org\/image\" title=\"Die letzten Meter\" alt=\"Die letzten Meter\" style=\"width: 245px; height: 163px;\" \/> <\/a> <div class=\"tiled-gallery-caption\" itemprop=\"caption description\"> Die letzten Meter <\/div> <\/div> <\/div> <!-- close group --> <\/div> <!-- close row --> <div class=\"gallery-row\" style=\"width: 750px; height: 501px;\" data-original-width=\"750\" data-original-height=\"501\" > <div class=\"gallery-group images-1\" style=\"width: 750px; height: 501px;\" data-original-width=\"750\" data-original-height=\"501\" > <div class=\"tiled-gallery-item tiled-gallery-item-large\" itemprop=\"associatedMedia\" itemscope itemtype=\"http:\/\/schema.org\/ImageObject\"> <a href=\"https:\/\/idnu.ch\/wordpress\/durch-das-tal-des-wassers\/lenk-20201005-364\/#main\" border=\"0\" itemprop=\"url\"> <meta itemprop=\"width\" content=\"746\"> <meta itemprop=\"height\" content=\"497\"> <img decoding=\"async\" class=\"\" data-attachment-id=\"16873\" data-orig-file=\"https:\/\/idnu.ch\/wordpress\/wp-content\/uploads\/2020\/10\/lenk-20201005-364.jpg\" data-orig-size=\"1280,853\" data-comments-opened=\"1\" data-image-meta=\"{&quot;aperture&quot;:&quot;9&quot;,&quot;credit&quot;:&quot;Urs Kyburz&quot;,&quot;camera&quot;:&quot;Canon EOS 5D Mark IV&quot;,&quot;caption&quot;:&quot;&quot;,&quot;created_timestamp&quot;:&quot;1601896246&quot;,&quot;copyright&quot;:&quot;Copyright Urs Kyburz (2019)&quot;,&quot;focal_length&quot;:&quot;35&quot;,&quot;iso&quot;:&quot;100&quot;,&quot;shutter_speed&quot;:&quot;0.00625&quot;,&quot;title&quot;:&quot;&quot;,&quot;orientation&quot;:&quot;0&quot;}\" data-image-title=\"Aussicht vom Oberlaubhore\" data-image-description=\"\" data-medium-file=\"https:\/\/i0.wp.com\/idnu.ch\/wordpress\/wp-content\/uploads\/2020\/10\/lenk-20201005-364.jpg?fit=300%2C200&#038;ssl=1\" data-large-file=\"https:\/\/i0.wp.com\/idnu.ch\/wordpress\/wp-content\/uploads\/2020\/10\/lenk-20201005-364.jpg?fit=750%2C500&#038;ssl=1\" src=\"https:\/\/i0.wp.com\/idnu.ch\/wordpress\/wp-content\/uploads\/2020\/10\/lenk-20201005-364.jpg?w=746&#038;h=497&#038;ssl=1\" srcset=\"https:\/\/i0.wp.com\/idnu.ch\/wordpress\/wp-content\/uploads\/2020\/10\/lenk-20201005-364.jpg?w=1280&amp;ssl=1 1280w, https:\/\/i0.wp.com\/idnu.ch\/wordpress\/wp-content\/uploads\/2020\/10\/lenk-20201005-364.jpg?resize=300%2C200&amp;ssl=1 300w, https:\/\/i0.wp.com\/idnu.ch\/wordpress\/wp-content\/uploads\/2020\/10\/lenk-20201005-364.jpg?resize=1024%2C682&amp;ssl=1 1024w, https:\/\/i0.wp.com\/idnu.ch\/wordpress\/wp-content\/uploads\/2020\/10\/lenk-20201005-364.jpg?resize=768%2C512&amp;ssl=1 768w, https:\/\/i0.wp.com\/idnu.ch\/wordpress\/wp-content\/uploads\/2020\/10\/lenk-20201005-364.jpg?resize=150%2C100&amp;ssl=1 150w\" width=\"746\" height=\"497\" loading=\"lazy\" data-original-width=\"746\" data-original-height=\"497\" itemprop=\"http:\/\/schema.org\/image\" title=\"Aussicht vom Oberlaubhore\" alt=\"Aussicht vom Oberlaubhore\" style=\"width: 746px; height: 497px;\" \/> <\/a> <div class=\"tiled-gallery-caption\" itemprop=\"caption description\"> Aussicht vom Oberlaubhore <\/div> <\/div> <\/div> <!-- close group --> <\/div> <!-- close row --> <\/div>\n<h2>Zur\u00fcck im Bus<\/h2>\n<p>Wir steigen wieder ab durch den Schnee, der hier oben noch liegt, weiter \u00fcber die Weiden und zur Alph\u00fctte Ritz (nicht zu verwechseln mit dem Hotel Ritz), wo Silvan wartet. Wenn wir uns beeilen, erwischen wir den Bus. So steigen wir strammen Schrittes ab durch den Wald zur Haltestelle &#8222;Ritzdole&#8220; am Iffigbach. Kurz nach unserem Eintreffen kommt auch schon der Bus angefahren. Bequem lassen wir uns nach Lenk hinunter transportieren.<\/p>\n<h2>Info<\/h2>\n<p>Eine sch\u00f6ne Wanderung, die eigentlich alles bietet: Wasser, Berge, Wald, Gipfel, Aussicht.<\/p>\n<table>\n<tbody>\n<tr>\n<td width=\"150\">Start:<\/td>\n<td>Restaurant Simmenf\u00e4lle<\/td>\n<\/tr>\n<tr>\n<td>Ziel:<\/td>\n<td>Haltestelle &#8222;Ritzdole&#8220;<\/td>\n<\/tr>\n<tr>\n<td>Strecke:<\/td>\n<td>Restaurant Simmenf\u00e4lle &#8211; Barbarabr\u00fccke &#8211; Rezlibergli &#8211; Sieben Br\u00fcnnen &#8211; Alph\u00fctte Langermatten &#8211; Oberlaubhore &#8211; Alph\u00fctte Ritz &#8211; Haltestelle &#8222;Ritzdole&#8220;<\/td>\n<\/tr>\n<tr>\n<td>Distanz:<\/td>\n<td>10 Kilometer<\/td>\n<\/tr>\n<tr>\n<td>H\u00f6henmeter:<\/td>\n<td>840 Meter<\/td>\n<\/tr>\n<tr>\n<td>Dauer:<\/td>\n<td>3 \u00bc Stunden<\/td>\n<\/tr>\n<tr>\n<td>Schwierigkeit:<\/td>\n<td>T2<\/td>\n<\/tr>\n<tr>\n<td>GPS-Track:<\/td>\n<td><a href=\"https:\/\/idnu.ch\/wordpress\/wp-content\/uploads\/2020\/10\/Route-Zu-den-sieben-Bruennen-und-aufs-Oberlaubhore.gpx\">Zu den sieben Br\u00fcnnen und aufs Oberlaubhore<\/a><\/td>\n<\/tr>\n<tr>\n<td>H\u00f6hepunkte:<\/td>\n<td>Simmenf\u00e4lle, Sieben Br\u00fcnnen, Aussicht vom Oberlaubhore<\/td>\n<\/tr>\n<tr>\n<td>Alternative:<\/td>\n<td>Das Oberlaubhore kann auch ausgelassen werden<\/p>\n<p>Die Wanderung in umgekehrter Richtung (weniger anstrengend)<\/td>\n<\/tr>\n<\/tbody>\n<\/table>\n<blockquote class=\"embedly-card\" data-card-controls=\"0\" data-card-key=\"f1631a41cb254ca5b035dc5747a5bd75\">\n<h4><a href=\"https:\/\/www.relive.cc\/view\/vQvxZRLZRB6?r=embed-site\">Relive &#8218;Sieben Br\u00fcnnen und Oberlaubhore&#8216;<\/a><\/h4>\n<\/blockquote>\n<p><script async src=\"https:\/\/cdn.embedly.com\/widgets\/platform.js\" charset=\"UTF-8\"><\/script><\/p>\n","protected":false},"excerpt":{"rendered":"<p>Dies ist eine wasserreiche Wanderung: Vorbei an den Simmenf\u00e4llen folgen wir immer diesem&#8230;<\/p>\n","protected":false},"author":2,"featured_media":16864,"comment_status":"open","ping_status":"open","sticky":false,"template":"","format":"standard","meta":{"_monsterinsights_skip_tracking":false,"_monsterinsights_sitenote_active":false,"_monsterinsights_sitenote_note":"","_monsterinsights_sitenote_category":0,"jetpack_post_was_ever_published":false,"_jetpack_newsletter_access":"","_jetpack_dont_email_post_to_subs":false,"_jetpack_newsletter_tier_id":0,"_jetpack_memberships_contains_paywalled_content":false,"_jetpack_memberships_contains_paid_content":false,"footnotes":"","jetpack_publicize_message":"NEU im Blog: Durch das Tal des Wassers zu den Sibe Br\u00fcnne und auf einen Gipfel.\r\n#lenksimmental #alpkultur #familydestinationlenk #meineberge #l\u00e4nkd\u00e4nk","jetpack_publicize_feature_enabled":true,"jetpack_social_post_already_shared":true,"jetpack_social_options":{"image_generator_settings":{"template":"highway","default_image_id":0,"font":"","enabled":false},"version":2}},"categories":[114,917,5],"tags":[522,1150,1385,1384,1386,1169],"class_list":["post-16604","post","type-post","status-publish","format-standard","has-post-thumbnail","hentry","category-bern","category-berner-oberland","category-wandern","tag-herbst","tag-herbstwanderung","tag-oberlaubhore","tag-sieben-bruennen","tag-simmenfaelle","tag-wandern-mit-jugendlichen"],"geo":{"latitude":46.41800690000000173540684045292437076568603515625,"longitude":7.45641040000000021592541088466532528400421142578125,"description":"Lenk im Simmental, Canton de Berne, 3775, CH"},"yoast_head":"<!-- This site is optimized with the Yoast SEO plugin v27.4 - https:\/\/yoast.com\/product\/yoast-seo-wordpress\/ -->\n<title>Durch das Tal des Wassers - In der Natur unterwegs<\/title>\n<meta name=\"description\" content=\"Vorbei an den Simmenf\u00e4llen, folgen wir dem Wasser bis zur Quelle der Simme, den Sieben Br\u00fcnnen, wandern quasi durch das Tal des Wassers.\" \/>\n<meta name=\"robots\" content=\"index, follow, max-snippet:-1, max-image-preview:large, max-video-preview:-1\" \/>\n<link rel=\"canonical\" href=\"https:\/\/idnu.ch\/wordpress\/durch-das-tal-des-wassers\/\" \/>\n<meta property=\"og:locale\" content=\"de_DE\" \/>\n<meta property=\"og:type\" content=\"article\" \/>\n<meta property=\"og:title\" content=\"Durch das Tal des Wassers - In der Natur unterwegs\" \/>\n<meta property=\"og:description\" content=\"Vorbei an den Simmenf\u00e4llen, folgen wir dem Wasser bis zur Quelle der Simme, den Sieben Br\u00fcnnen, wandern quasi durch das Tal des Wassers.\" \/>\n<meta property=\"og:url\" content=\"https:\/\/idnu.ch\/wordpress\/durch-das-tal-des-wassers\/\" \/>\n<meta property=\"og:site_name\" content=\"In der Natur unterwegs\" \/>\n<meta property=\"article:published_time\" content=\"2020-10-30T17:47:35+00:00\" \/>\n<meta property=\"article:modified_time\" content=\"2025-08-24T15:02:58+00:00\" \/>\n<meta property=\"og:image\" content=\"https:\/\/idnu.ch\/wordpress\/wp-content\/uploads\/2020\/10\/lenk-20201005-330.jpg\" \/>\n\t<meta property=\"og:image:width\" content=\"1280\" \/>\n\t<meta property=\"og:image:height\" content=\"853\" \/>\n\t<meta property=\"og:image:type\" content=\"image\/jpeg\" \/>\n<meta name=\"author\" content=\"Urs Kyburz\" \/>\n<meta name=\"twitter:card\" content=\"summary_large_image\" \/>\n<meta name=\"twitter:creator\" content=\"@idnu_ch\" \/>\n<meta name=\"twitter:site\" content=\"@idnu_ch\" \/>\n<meta name=\"twitter:label1\" content=\"Verfasst von\" \/>\n\t<meta name=\"twitter:data1\" content=\"Urs Kyburz\" \/>\n\t<meta name=\"twitter:label2\" content=\"Gesch\u00e4tzte Lesezeit\" \/>\n\t<meta name=\"twitter:data2\" content=\"4\u00a0Minuten\" \/>\n<script type=\"application\/ld+json\" class=\"yoast-schema-graph\">{\"@context\":\"https:\\\/\\\/schema.org\",\"@graph\":[{\"@type\":\"Article\",\"@id\":\"https:\\\/\\\/idnu.ch\\\/wordpress\\\/durch-das-tal-des-wassers\\\/#article\",\"isPartOf\":{\"@id\":\"https:\\\/\\\/idnu.ch\\\/wordpress\\\/durch-das-tal-des-wassers\\\/\"},\"author\":{\"name\":\"Urs Kyburz\",\"@id\":\"https:\\\/\\\/idnu.ch\\\/wordpress\\\/#\\\/schema\\\/person\\\/1ab8c5de743be7b019272124c19ad351\"},\"headline\":\"Durch das Tal des Wassers\",\"datePublished\":\"2020-10-30T17:47:35+00:00\",\"dateModified\":\"2025-08-24T15:02:58+00:00\",\"mainEntityOfPage\":{\"@id\":\"https:\\\/\\\/idnu.ch\\\/wordpress\\\/durch-das-tal-des-wassers\\\/\"},\"wordCount\":564,\"commentCount\":2,\"publisher\":{\"@id\":\"https:\\\/\\\/idnu.ch\\\/wordpress\\\/#\\\/schema\\\/person\\\/1ab8c5de743be7b019272124c19ad351\"},\"image\":{\"@id\":\"https:\\\/\\\/idnu.ch\\\/wordpress\\\/durch-das-tal-des-wassers\\\/#primaryimage\"},\"thumbnailUrl\":\"https:\\\/\\\/i0.wp.com\\\/idnu.ch\\\/wordpress\\\/wp-content\\\/uploads\\\/2020\\\/10\\\/lenk-20201005-330.jpg?fit=1280%2C853&ssl=1\",\"keywords\":[\"Herbst\",\"Herbstwanderung\",\"Oberlaubhore\",\"Sieben Br\u00fcnnen\",\"Simmenf\u00e4lle\",\"wandern mit Jugendlichen\"],\"articleSection\":[\"Bern\",\"Berner Oberland\",\"Wandern\"],\"inLanguage\":\"de\",\"potentialAction\":[{\"@type\":\"CommentAction\",\"name\":\"Comment\",\"target\":[\"https:\\\/\\\/idnu.ch\\\/wordpress\\\/durch-das-tal-des-wassers\\\/#respond\"]}]},{\"@type\":\"WebPage\",\"@id\":\"https:\\\/\\\/idnu.ch\\\/wordpress\\\/durch-das-tal-des-wassers\\\/\",\"url\":\"https:\\\/\\\/idnu.ch\\\/wordpress\\\/durch-das-tal-des-wassers\\\/\",\"name\":\"Durch das Tal des Wassers - In der Natur unterwegs\",\"isPartOf\":{\"@id\":\"https:\\\/\\\/idnu.ch\\\/wordpress\\\/#website\"},\"primaryImageOfPage\":{\"@id\":\"https:\\\/\\\/idnu.ch\\\/wordpress\\\/durch-das-tal-des-wassers\\\/#primaryimage\"},\"image\":{\"@id\":\"https:\\\/\\\/idnu.ch\\\/wordpress\\\/durch-das-tal-des-wassers\\\/#primaryimage\"},\"thumbnailUrl\":\"https:\\\/\\\/i0.wp.com\\\/idnu.ch\\\/wordpress\\\/wp-content\\\/uploads\\\/2020\\\/10\\\/lenk-20201005-330.jpg?fit=1280%2C853&ssl=1\",\"datePublished\":\"2020-10-30T17:47:35+00:00\",\"dateModified\":\"2025-08-24T15:02:58+00:00\",\"description\":\"Vorbei an den Simmenf\u00e4llen, folgen wir dem Wasser bis zur Quelle der Simme, den Sieben Br\u00fcnnen, wandern quasi durch das Tal des Wassers.\",\"breadcrumb\":{\"@id\":\"https:\\\/\\\/idnu.ch\\\/wordpress\\\/durch-das-tal-des-wassers\\\/#breadcrumb\"},\"inLanguage\":\"de\",\"potentialAction\":[{\"@type\":\"ReadAction\",\"target\":[\"https:\\\/\\\/idnu.ch\\\/wordpress\\\/durch-das-tal-des-wassers\\\/\"]}]},{\"@type\":\"ImageObject\",\"inLanguage\":\"de\",\"@id\":\"https:\\\/\\\/idnu.ch\\\/wordpress\\\/durch-das-tal-des-wassers\\\/#primaryimage\",\"url\":\"https:\\\/\\\/i0.wp.com\\\/idnu.ch\\\/wordpress\\\/wp-content\\\/uploads\\\/2020\\\/10\\\/lenk-20201005-330.jpg?fit=1280%2C853&ssl=1\",\"contentUrl\":\"https:\\\/\\\/i0.wp.com\\\/idnu.ch\\\/wordpress\\\/wp-content\\\/uploads\\\/2020\\\/10\\\/lenk-20201005-330.jpg?fit=1280%2C853&ssl=1\",\"width\":1280,\"height\":853},{\"@type\":\"BreadcrumbList\",\"@id\":\"https:\\\/\\\/idnu.ch\\\/wordpress\\\/durch-das-tal-des-wassers\\\/#breadcrumb\",\"itemListElement\":[{\"@type\":\"ListItem\",\"position\":1,\"name\":\"Startseite\",\"item\":\"https:\\\/\\\/idnu.ch\\\/wordpress\\\/\"},{\"@type\":\"ListItem\",\"position\":2,\"name\":\"Durch das Tal des Wassers\"}]},{\"@type\":\"WebSite\",\"@id\":\"https:\\\/\\\/idnu.ch\\\/wordpress\\\/#website\",\"url\":\"https:\\\/\\\/idnu.ch\\\/wordpress\\\/\",\"name\":\"In der Natur unterwegs\",\"description\":\"Dort, wo es am sch\u00f6nsten ist\",\"publisher\":{\"@id\":\"https:\\\/\\\/idnu.ch\\\/wordpress\\\/#\\\/schema\\\/person\\\/1ab8c5de743be7b019272124c19ad351\"},\"potentialAction\":[{\"@type\":\"SearchAction\",\"target\":{\"@type\":\"EntryPoint\",\"urlTemplate\":\"https:\\\/\\\/idnu.ch\\\/wordpress\\\/?s={search_term_string}\"},\"query-input\":{\"@type\":\"PropertyValueSpecification\",\"valueRequired\":true,\"valueName\":\"search_term_string\"}}],\"inLanguage\":\"de\"},{\"@type\":[\"Person\",\"Organization\"],\"@id\":\"https:\\\/\\\/idnu.ch\\\/wordpress\\\/#\\\/schema\\\/person\\\/1ab8c5de743be7b019272124c19ad351\",\"name\":\"Urs Kyburz\",\"image\":{\"@type\":\"ImageObject\",\"inLanguage\":\"de\",\"@id\":\"https:\\\/\\\/i0.wp.com\\\/idnu.ch\\\/wordpress\\\/wp-content\\\/uploads\\\/2016\\\/02\\\/logo_150x165.gif?fit=3151%2C3456&ssl=1\",\"url\":\"https:\\\/\\\/i0.wp.com\\\/idnu.ch\\\/wordpress\\\/wp-content\\\/uploads\\\/2016\\\/02\\\/logo_150x165.gif?fit=3151%2C3456&ssl=1\",\"contentUrl\":\"https:\\\/\\\/i0.wp.com\\\/idnu.ch\\\/wordpress\\\/wp-content\\\/uploads\\\/2016\\\/02\\\/logo_150x165.gif?fit=3151%2C3456&ssl=1\",\"width\":3151,\"height\":3456,\"caption\":\"Urs Kyburz\"},\"logo\":{\"@id\":\"https:\\\/\\\/i0.wp.com\\\/idnu.ch\\\/wordpress\\\/wp-content\\\/uploads\\\/2016\\\/02\\\/logo_150x165.gif?fit=3151%2C3456&ssl=1\"}}]}<\/script>\n<!-- \/ Yoast SEO plugin. -->","yoast_head_json":{"title":"Durch das Tal des Wassers - In der Natur unterwegs","description":"Vorbei an den Simmenf\u00e4llen, folgen wir dem Wasser bis zur Quelle der Simme, den Sieben Br\u00fcnnen, wandern quasi durch das Tal des Wassers.","robots":{"index":"index","follow":"follow","max-snippet":"max-snippet:-1","max-image-preview":"max-image-preview:large","max-video-preview":"max-video-preview:-1"},"canonical":"https:\/\/idnu.ch\/wordpress\/durch-das-tal-des-wassers\/","og_locale":"de_DE","og_type":"article","og_title":"Durch das Tal des Wassers - In der Natur unterwegs","og_description":"Vorbei an den Simmenf\u00e4llen, folgen wir dem Wasser bis zur Quelle der Simme, den Sieben Br\u00fcnnen, wandern quasi durch das Tal des Wassers.","og_url":"https:\/\/idnu.ch\/wordpress\/durch-das-tal-des-wassers\/","og_site_name":"In der Natur unterwegs","article_published_time":"2020-10-30T17:47:35+00:00","article_modified_time":"2025-08-24T15:02:58+00:00","og_image":[{"width":1280,"height":853,"url":"https:\/\/idnu.ch\/wordpress\/wp-content\/uploads\/2020\/10\/lenk-20201005-330.jpg","type":"image\/jpeg"}],"author":"Urs Kyburz","twitter_card":"summary_large_image","twitter_creator":"@idnu_ch","twitter_site":"@idnu_ch","twitter_misc":{"Verfasst von":"Urs Kyburz","Gesch\u00e4tzte Lesezeit":"4\u00a0Minuten"},"schema":{"@context":"https:\/\/schema.org","@graph":[{"@type":"Article","@id":"https:\/\/idnu.ch\/wordpress\/durch-das-tal-des-wassers\/#article","isPartOf":{"@id":"https:\/\/idnu.ch\/wordpress\/durch-das-tal-des-wassers\/"},"author":{"name":"Urs Kyburz","@id":"https:\/\/idnu.ch\/wordpress\/#\/schema\/person\/1ab8c5de743be7b019272124c19ad351"},"headline":"Durch das Tal des Wassers","datePublished":"2020-10-30T17:47:35+00:00","dateModified":"2025-08-24T15:02:58+00:00","mainEntityOfPage":{"@id":"https:\/\/idnu.ch\/wordpress\/durch-das-tal-des-wassers\/"},"wordCount":564,"commentCount":2,"publisher":{"@id":"https:\/\/idnu.ch\/wordpress\/#\/schema\/person\/1ab8c5de743be7b019272124c19ad351"},"image":{"@id":"https:\/\/idnu.ch\/wordpress\/durch-das-tal-des-wassers\/#primaryimage"},"thumbnailUrl":"https:\/\/i0.wp.com\/idnu.ch\/wordpress\/wp-content\/uploads\/2020\/10\/lenk-20201005-330.jpg?fit=1280%2C853&ssl=1","keywords":["Herbst","Herbstwanderung","Oberlaubhore","Sieben Br\u00fcnnen","Simmenf\u00e4lle","wandern mit Jugendlichen"],"articleSection":["Bern","Berner Oberland","Wandern"],"inLanguage":"de","potentialAction":[{"@type":"CommentAction","name":"Comment","target":["https:\/\/idnu.ch\/wordpress\/durch-das-tal-des-wassers\/#respond"]}]},{"@type":"WebPage","@id":"https:\/\/idnu.ch\/wordpress\/durch-das-tal-des-wassers\/","url":"https:\/\/idnu.ch\/wordpress\/durch-das-tal-des-wassers\/","name":"Durch das Tal des Wassers - In der Natur unterwegs","isPartOf":{"@id":"https:\/\/idnu.ch\/wordpress\/#website"},"primaryImageOfPage":{"@id":"https:\/\/idnu.ch\/wordpress\/durch-das-tal-des-wassers\/#primaryimage"},"image":{"@id":"https:\/\/idnu.ch\/wordpress\/durch-das-tal-des-wassers\/#primaryimage"},"thumbnailUrl":"https:\/\/i0.wp.com\/idnu.ch\/wordpress\/wp-content\/uploads\/2020\/10\/lenk-20201005-330.jpg?fit=1280%2C853&ssl=1","datePublished":"2020-10-30T17:47:35+00:00","dateModified":"2025-08-24T15:02:58+00:00","description":"Vorbei an den Simmenf\u00e4llen, folgen wir dem Wasser bis zur Quelle der Simme, den Sieben Br\u00fcnnen, wandern quasi durch das Tal des Wassers.","breadcrumb":{"@id":"https:\/\/idnu.ch\/wordpress\/durch-das-tal-des-wassers\/#breadcrumb"},"inLanguage":"de","potentialAction":[{"@type":"ReadAction","target":["https:\/\/idnu.ch\/wordpress\/durch-das-tal-des-wassers\/"]}]},{"@type":"ImageObject","inLanguage":"de","@id":"https:\/\/idnu.ch\/wordpress\/durch-das-tal-des-wassers\/#primaryimage","url":"https:\/\/i0.wp.com\/idnu.ch\/wordpress\/wp-content\/uploads\/2020\/10\/lenk-20201005-330.jpg?fit=1280%2C853&ssl=1","contentUrl":"https:\/\/i0.wp.com\/idnu.ch\/wordpress\/wp-content\/uploads\/2020\/10\/lenk-20201005-330.jpg?fit=1280%2C853&ssl=1","width":1280,"height":853},{"@type":"BreadcrumbList","@id":"https:\/\/idnu.ch\/wordpress\/durch-das-tal-des-wassers\/#breadcrumb","itemListElement":[{"@type":"ListItem","position":1,"name":"Startseite","item":"https:\/\/idnu.ch\/wordpress\/"},{"@type":"ListItem","position":2,"name":"Durch das Tal des Wassers"}]},{"@type":"WebSite","@id":"https:\/\/idnu.ch\/wordpress\/#website","url":"https:\/\/idnu.ch\/wordpress\/","name":"In der Natur unterwegs","description":"Dort, wo es am sch\u00f6nsten ist","publisher":{"@id":"https:\/\/idnu.ch\/wordpress\/#\/schema\/person\/1ab8c5de743be7b019272124c19ad351"},"potentialAction":[{"@type":"SearchAction","target":{"@type":"EntryPoint","urlTemplate":"https:\/\/idnu.ch\/wordpress\/?s={search_term_string}"},"query-input":{"@type":"PropertyValueSpecification","valueRequired":true,"valueName":"search_term_string"}}],"inLanguage":"de"},{"@type":["Person","Organization"],"@id":"https:\/\/idnu.ch\/wordpress\/#\/schema\/person\/1ab8c5de743be7b019272124c19ad351","name":"Urs Kyburz","image":{"@type":"ImageObject","inLanguage":"de","@id":"https:\/\/i0.wp.com\/idnu.ch\/wordpress\/wp-content\/uploads\/2016\/02\/logo_150x165.gif?fit=3151%2C3456&ssl=1","url":"https:\/\/i0.wp.com\/idnu.ch\/wordpress\/wp-content\/uploads\/2016\/02\/logo_150x165.gif?fit=3151%2C3456&ssl=1","contentUrl":"https:\/\/i0.wp.com\/idnu.ch\/wordpress\/wp-content\/uploads\/2016\/02\/logo_150x165.gif?fit=3151%2C3456&ssl=1","width":3151,"height":3456,"caption":"Urs Kyburz"},"logo":{"@id":"https:\/\/i0.wp.com\/idnu.ch\/wordpress\/wp-content\/uploads\/2016\/02\/logo_150x165.gif?fit=3151%2C3456&ssl=1"}}]}},"jetpack_publicize_connections":[],"jetpack_featured_media_url":"https:\/\/i0.wp.com\/idnu.ch\/wordpress\/wp-content\/uploads\/2020\/10\/lenk-20201005-330.jpg?fit=1280%2C853&ssl=1","jetpack_sharing_enabled":true,"jetpack_shortlink":"https:\/\/wp.me\/p6MmGG-4jO","jetpack-related-posts":[{"id":13452,"url":"https:\/\/idnu.ch\/wordpress\/72-wasserfaelle-und-ein-dreigestirn\/","url_meta":{"origin":16604,"position":0},"title":"72 Wasserf\u00e4lle und ein Dreigestirn","author":"Urs Kyburz","date":"16. November 2019","format":false,"excerpt":"Im Lauterbrunnental sollen sich 72 Wasserf\u00e4lle \u00fcber die gewaltigen Felsw\u00e4nde st\u00fcrzen. Wenn man mit der Seilbahn von Lauterbrunnen hoch f\u00e4hrt zur Gr\u00fctschalp, hat man das ber\u00fchmte Dreigestirn, Eiger, M\u00f6nch und Jungfrau, direkt gegen\u00fcber. F\u00fcr eine interessante Wanderung ist also gesorgt. Wir fahren mit der Seilbahn von Lauterbrunnen, das noch im\u2026","rel":"","context":"In &quot;Bern&quot;","block_context":{"text":"Bern","link":"https:\/\/idnu.ch\/wordpress\/category\/kanton\/bern\/"},"img":{"alt_text":"","src":"https:\/\/i0.wp.com\/idnu.ch\/wordpress\/wp-content\/uploads\/2019\/11\/lauterbrunnen-20191110-34.jpg?fit=1200%2C675&ssl=1&resize=350%2C200","width":350,"height":200,"srcset":"https:\/\/i0.wp.com\/idnu.ch\/wordpress\/wp-content\/uploads\/2019\/11\/lauterbrunnen-20191110-34.jpg?fit=1200%2C675&ssl=1&resize=350%2C200 1x, https:\/\/i0.wp.com\/idnu.ch\/wordpress\/wp-content\/uploads\/2019\/11\/lauterbrunnen-20191110-34.jpg?fit=1200%2C675&ssl=1&resize=525%2C300 1.5x, https:\/\/i0.wp.com\/idnu.ch\/wordpress\/wp-content\/uploads\/2019\/11\/lauterbrunnen-20191110-34.jpg?fit=1200%2C675&ssl=1&resize=700%2C400 2x, https:\/\/i0.wp.com\/idnu.ch\/wordpress\/wp-content\/uploads\/2019\/11\/lauterbrunnen-20191110-34.jpg?fit=1200%2C675&ssl=1&resize=1050%2C600 3x"},"classes":[]},{"id":5174,"url":"https:\/\/idnu.ch\/wordpress\/familientour-engstligenalp\/","url_meta":{"origin":16604,"position":1},"title":"Familientour Engstligenalp","author":"Urs Kyburz","date":"22. August 2016","format":false,"excerpt":"Einmal im Jahr f\u00fchrt der SAC Homberg unter der Leitung meiner Frau und eines anderen Mitgliedes eine Familientour durch. Diese f\u00fchrte uns diesmal auf die Engstligenalp. Wir waren letztes Jahr schon dort zur Vorbereitung eines\u00a0Artikels, aber bei schlechtem Wetter. Wer Details zum Ort wissen m\u00f6chte, kann hier nachlesen:\u00a0Familienparadies Engstligenalp. Das\u2026","rel":"","context":"In &quot;Bern&quot;","block_context":{"text":"Bern","link":"https:\/\/idnu.ch\/wordpress\/category\/kanton\/bern\/"},"img":{"alt_text":"","src":"https:\/\/i0.wp.com\/idnu.ch\/wordpress\/wp-content\/uploads\/2016\/08\/engstligenalp_0067.jpg?fit=1200%2C800&ssl=1&resize=350%2C200","width":350,"height":200,"srcset":"https:\/\/i0.wp.com\/idnu.ch\/wordpress\/wp-content\/uploads\/2016\/08\/engstligenalp_0067.jpg?fit=1200%2C800&ssl=1&resize=350%2C200 1x, https:\/\/i0.wp.com\/idnu.ch\/wordpress\/wp-content\/uploads\/2016\/08\/engstligenalp_0067.jpg?fit=1200%2C800&ssl=1&resize=525%2C300 1.5x, https:\/\/i0.wp.com\/idnu.ch\/wordpress\/wp-content\/uploads\/2016\/08\/engstligenalp_0067.jpg?fit=1200%2C800&ssl=1&resize=700%2C400 2x, https:\/\/i0.wp.com\/idnu.ch\/wordpress\/wp-content\/uploads\/2016\/08\/engstligenalp_0067.jpg?fit=1200%2C800&ssl=1&resize=1050%2C600 3x"},"classes":[]},{"id":16642,"url":"https:\/\/idnu.ch\/wordpress\/vielfaeltige-lenk\/","url_meta":{"origin":16604,"position":2},"title":"Vielf\u00e4ltige Lenk","author":"Urs Kyburz","date":"16. November 2020","format":false,"excerpt":"Ferien an der Lenk? Aber nat\u00fcrlich! Wandern kann man in jeglichen Schwierigkeitsgraden, auch bei den Bikerouten geben sie sich M\u00fche, auch wenn es noch Luft nach oben gibt. Und Naturwunder gibt es auch einige. Vielf\u00e4ltige Lenk! Die Lenk liegt zuhinterst im Kessel des Oberen Simmentals, begrenzt vom \u00fcber 3000 Meter\u2026","rel":"","context":"In &quot;Bern&quot;","block_context":{"text":"Bern","link":"https:\/\/idnu.ch\/wordpress\/category\/kanton\/bern\/"},"img":{"alt_text":"Auf dem Weg um den See","src":"https:\/\/i0.wp.com\/idnu.ch\/wordpress\/wp-content\/uploads\/2020\/11\/lenkerseeli-18.jpg?fit=1200%2C800&ssl=1&resize=350%2C200","width":350,"height":200,"srcset":"https:\/\/i0.wp.com\/idnu.ch\/wordpress\/wp-content\/uploads\/2020\/11\/lenkerseeli-18.jpg?fit=1200%2C800&ssl=1&resize=350%2C200 1x, https:\/\/i0.wp.com\/idnu.ch\/wordpress\/wp-content\/uploads\/2020\/11\/lenkerseeli-18.jpg?fit=1200%2C800&ssl=1&resize=525%2C300 1.5x, https:\/\/i0.wp.com\/idnu.ch\/wordpress\/wp-content\/uploads\/2020\/11\/lenkerseeli-18.jpg?fit=1200%2C800&ssl=1&resize=700%2C400 2x, https:\/\/i0.wp.com\/idnu.ch\/wordpress\/wp-content\/uploads\/2020\/11\/lenkerseeli-18.jpg?fit=1200%2C800&ssl=1&resize=1050%2C600 3x"},"classes":[]},{"id":94,"url":"https:\/\/idnu.ch\/wordpress\/familienparadies-engstligenalp\/","url_meta":{"origin":16604,"position":3},"title":"Familienparadies Engstligenalp","author":"Urs Kyburz","date":"7. Juli 2015","format":false,"excerpt":"Die Engstligenalp bei Adelboden ist nur zu Fuss oder mit der Seilbahn erreichbar. Kommt man oben an, steht man auf einer Hochebene, umrahmt von Bergen. Perfekt, um mit Kindern mitten in den Bergen zu sein und doch auf sicherem Terrain. Wir haben gepr\u00fcft, was man so alles machen kann dort.\u2026","rel":"","context":"In &quot;Bern&quot;","block_context":{"text":"Bern","link":"https:\/\/idnu.ch\/wordpress\/category\/kanton\/bern\/"},"img":{"alt_text":"","src":"https:\/\/i0.wp.com\/idnu.ch\/wordpress\/wp-content\/uploads\/2015\/07\/engstligenalp_0267.jpg?fit=1024%2C683&ssl=1&resize=350%2C200","width":350,"height":200,"srcset":"https:\/\/i0.wp.com\/idnu.ch\/wordpress\/wp-content\/uploads\/2015\/07\/engstligenalp_0267.jpg?fit=1024%2C683&ssl=1&resize=350%2C200 1x, https:\/\/i0.wp.com\/idnu.ch\/wordpress\/wp-content\/uploads\/2015\/07\/engstligenalp_0267.jpg?fit=1024%2C683&ssl=1&resize=525%2C300 1.5x, https:\/\/i0.wp.com\/idnu.ch\/wordpress\/wp-content\/uploads\/2015\/07\/engstligenalp_0267.jpg?fit=1024%2C683&ssl=1&resize=700%2C400 2x"},"classes":[]},{"id":1014,"url":"https:\/\/idnu.ch\/wordpress\/ein-blick-in-die-tektonikarena-sardona\/","url_meta":{"origin":16604,"position":4},"title":"Ein Blick in die Tektonikarena Sardona","author":"Urs Kyburz","date":"4. Oktober 2015","format":false,"excerpt":"Die erste Wanderung in Flims f\u00fchrt uns ab der Station Naraus \u00fcber den Segnesboden zum Fil de Cassons. Uns erwarten eine grandiose Aussicht und interessante Einblicke in die Tektonikarena Sardona, ein UNESCO Weltnaturerbe. Schon auf dem Weg zur Talstation der Flimser Bergbahnen bekommen wir einiges zu sehen. Zw\u00f6lf Ballone schweben\u2026","rel":"","context":"In &quot;Graub\u00fcnden&quot;","block_context":{"text":"Graub\u00fcnden","link":"https:\/\/idnu.ch\/wordpress\/category\/kanton\/graubuenden\/"},"img":{"alt_text":"Und noch mehr Aussicht","src":"https:\/\/i0.wp.com\/idnu.ch\/wordpress\/wp-content\/uploads\/2015\/10\/03_tektonikarena_25.jpg?fit=1200%2C799&ssl=1&resize=350%2C200","width":350,"height":200,"srcset":"https:\/\/i0.wp.com\/idnu.ch\/wordpress\/wp-content\/uploads\/2015\/10\/03_tektonikarena_25.jpg?fit=1200%2C799&ssl=1&resize=350%2C200 1x, https:\/\/i0.wp.com\/idnu.ch\/wordpress\/wp-content\/uploads\/2015\/10\/03_tektonikarena_25.jpg?fit=1200%2C799&ssl=1&resize=525%2C300 1.5x, https:\/\/i0.wp.com\/idnu.ch\/wordpress\/wp-content\/uploads\/2015\/10\/03_tektonikarena_25.jpg?fit=1200%2C799&ssl=1&resize=700%2C400 2x, https:\/\/i0.wp.com\/idnu.ch\/wordpress\/wp-content\/uploads\/2015\/10\/03_tektonikarena_25.jpg?fit=1200%2C799&ssl=1&resize=1050%2C600 3x"},"classes":[]},{"id":27825,"url":"https:\/\/idnu.ch\/wordpress\/wandern-auf-den-tafelbergen\/","url_meta":{"origin":16604,"position":5},"title":"Wandern auf den Tafelbergen","author":"Urs Kyburz","date":"17. August 2025","format":false,"excerpt":"Nein, damit sind nicht die ber\u00fchmten Tafelberge in S\u00fcdafrika gemeint, sondern die beiden Tafelberge Hunneberg und Halleberg s\u00fcdlich des V\u00e4nernsees. Wir bewanderten beide, in der Hoffnung, ein sehr scheues Tier zu sehen. Rundwanderung auf dem Hunneberg Die beiden Tafelberge sollen angeblich die dichteste Elchpopulation in Schweden aufweisen. Na, wenn das\u2026","rel":"","context":"In &quot;Schweden&quot;","block_context":{"text":"Schweden","link":"https:\/\/idnu.ch\/wordpress\/category\/laender\/schweden\/"},"img":{"alt_text":"","src":"https:\/\/i0.wp.com\/idnu.ch\/wordpress\/wp-content\/uploads\/2025\/08\/schweden-20250712-96-Bearbeitet.jpg?fit=1200%2C800&ssl=1&resize=350%2C200","width":350,"height":200,"srcset":"https:\/\/i0.wp.com\/idnu.ch\/wordpress\/wp-content\/uploads\/2025\/08\/schweden-20250712-96-Bearbeitet.jpg?fit=1200%2C800&ssl=1&resize=350%2C200 1x, https:\/\/i0.wp.com\/idnu.ch\/wordpress\/wp-content\/uploads\/2025\/08\/schweden-20250712-96-Bearbeitet.jpg?fit=1200%2C800&ssl=1&resize=525%2C300 1.5x, https:\/\/i0.wp.com\/idnu.ch\/wordpress\/wp-content\/uploads\/2025\/08\/schweden-20250712-96-Bearbeitet.jpg?fit=1200%2C800&ssl=1&resize=700%2C400 2x, https:\/\/i0.wp.com\/idnu.ch\/wordpress\/wp-content\/uploads\/2025\/08\/schweden-20250712-96-Bearbeitet.jpg?fit=1200%2C800&ssl=1&resize=1050%2C600 3x"},"classes":[]}],"jetpack_likes_enabled":true,"_links":{"self":[{"href":"https:\/\/idnu.ch\/wordpress\/wp-json\/wp\/v2\/posts\/16604","targetHints":{"allow":["GET"]}}],"collection":[{"href":"https:\/\/idnu.ch\/wordpress\/wp-json\/wp\/v2\/posts"}],"about":[{"href":"https:\/\/idnu.ch\/wordpress\/wp-json\/wp\/v2\/types\/post"}],"author":[{"embeddable":true,"href":"https:\/\/idnu.ch\/wordpress\/wp-json\/wp\/v2\/users\/2"}],"replies":[{"embeddable":true,"href":"https:\/\/idnu.ch\/wordpress\/wp-json\/wp\/v2\/comments?post=16604"}],"version-history":[{"count":10,"href":"https:\/\/idnu.ch\/wordpress\/wp-json\/wp\/v2\/posts\/16604\/revisions"}],"predecessor-version":[{"id":25347,"href":"https:\/\/idnu.ch\/wordpress\/wp-json\/wp\/v2\/posts\/16604\/revisions\/25347"}],"wp:featuredmedia":[{"embeddable":true,"href":"https:\/\/idnu.ch\/wordpress\/wp-json\/wp\/v2\/media\/16864"}],"wp:attachment":[{"href":"https:\/\/idnu.ch\/wordpress\/wp-json\/wp\/v2\/media?parent=16604"}],"wp:term":[{"taxonomy":"category","embeddable":true,"href":"https:\/\/idnu.ch\/wordpress\/wp-json\/wp\/v2\/categories?post=16604"},{"taxonomy":"post_tag","embeddable":true,"href":"https:\/\/idnu.ch\/wordpress\/wp-json\/wp\/v2\/tags?post=16604"}],"curies":[{"name":"wp","href":"https:\/\/api.w.org\/{rel}","templated":true}]}}