{"id":169,"date":"2014-02-24T10:34:00","date_gmt":"2014-02-24T09:34:00","guid":{"rendered":"http:\/\/idnu.ch\/wordpress\/tourentipp-im-vorgarten-der-alpen\/"},"modified":"2024-02-15T11:28:29","modified_gmt":"2024-02-15T10:28:29","slug":"tourentipp-im-vorgarten-der-alpen","status":"publish","type":"post","link":"https:\/\/idnu.ch\/wordpress\/tourentipp-im-vorgarten-der-alpen\/","title":{"rendered":"Im Vorgarten der Alpen"},"content":{"rendered":"<p><strong>Die Temperaturen sind ja jetzt schon fr\u00fchlingshaft, deshalb hier ein Tipp f\u00fcr eine Fr\u00fchlings-Velotour. Sie ist ideal mit dem Zug zu kombinieren, startet und endet sie doch an den Endbahnh\u00f6fen der WSB, pardon AAR, in Menziken und Sch\u00f6ftland. Dazwischen treffen wir auf kirchlichen Prunk, W\u00e4lder, Schlachtendenkm\u00e4ler, mittelalterliche St\u00e4dte und viel, viel Aussicht.<\/strong><\/p>\n<figure id=\"attachment_5829\" aria-describedby=\"caption-attachment-5829\" style=\"width: 800px\" class=\"wp-caption aligncenter\"><img data-recalc-dims=\"1\" loading=\"lazy\" decoding=\"async\" data-attachment-id=\"5829\" data-permalink=\"https:\/\/idnu.ch\/wordpress\/tourentipp-im-vorgarten-der-alpen\/img_7419\/#main\" data-orig-file=\"https:\/\/i0.wp.com\/idnu.ch\/wordpress\/wp-content\/uploads\/2014\/02\/IMG_7419.jpg?fit=800%2C600&amp;ssl=1\" data-orig-size=\"800,600\" data-comments-opened=\"1\" data-image-meta=\"{&quot;aperture&quot;:&quot;4&quot;,&quot;credit&quot;:&quot;&quot;,&quot;camera&quot;:&quot;Canon PowerShot A710 IS&quot;,&quot;caption&quot;:&quot;&quot;,&quot;created_timestamp&quot;:&quot;1304836966&quot;,&quot;copyright&quot;:&quot;&quot;,&quot;focal_length&quot;:&quot;9.954&quot;,&quot;iso&quot;:&quot;0&quot;,&quot;shutter_speed&quot;:&quot;0.002&quot;,&quot;title&quot;:&quot;&quot;,&quot;orientation&quot;:&quot;1&quot;}\" data-image-title=\"Bei Berom\u00fcnster\" data-image-description=\"\" data-image-caption=\"&lt;p&gt;Bei Berom\u00fcnster&lt;\/p&gt;\n\" data-large-file=\"https:\/\/i0.wp.com\/idnu.ch\/wordpress\/wp-content\/uploads\/2014\/02\/IMG_7419.jpg?fit=750%2C563&amp;ssl=1\" class=\"wp-image-5829 size-full\" src=\"https:\/\/i0.wp.com\/idnu.ch\/wordpress\/wp-content\/uploads\/2014\/02\/IMG_7419.jpg?resize=750%2C563&#038;ssl=1\" alt=\"Bei Berom\u00fcnster\" width=\"750\" height=\"563\" srcset=\"https:\/\/i0.wp.com\/idnu.ch\/wordpress\/wp-content\/uploads\/2014\/02\/IMG_7419.jpg?w=800&amp;ssl=1 800w, https:\/\/i0.wp.com\/idnu.ch\/wordpress\/wp-content\/uploads\/2014\/02\/IMG_7419.jpg?resize=300%2C225&amp;ssl=1 300w, https:\/\/i0.wp.com\/idnu.ch\/wordpress\/wp-content\/uploads\/2014\/02\/IMG_7419.jpg?resize=768%2C576&amp;ssl=1 768w, https:\/\/i0.wp.com\/idnu.ch\/wordpress\/wp-content\/uploads\/2014\/02\/IMG_7419.jpg?resize=720%2C540&amp;ssl=1 720w, https:\/\/i0.wp.com\/idnu.ch\/wordpress\/wp-content\/uploads\/2014\/02\/IMG_7419.jpg?resize=133%2C100&amp;ssl=1 133w\" sizes=\"auto, (max-width: 750px) 100vw, 750px\" \/><figcaption id=\"caption-attachment-5829\" class=\"wp-caption-text\">Bei Berom\u00fcnster<\/figcaption><\/figure>\n<h2>Velofahren auf einer stillgelegten Bahnlinie<\/h2>\n<p>Vom Bahnhof Menziken fahren wir Richtung Badi. F\u00fcr ein Bad ist es aber noch zu fr\u00fch, wir haben jedoch noch gen\u00fcgend Gelegenheiten f\u00fcr eine Abk\u00fchlung. Nach der Badi f\u00fchrt uns ein Radweg nach Berom\u00fcnster. Er wurde auf dem ehemaligen Trassee der M\u00f6ischterlinie Beinwil am See \u2013 Berom\u00fcnster gebaut. Dies hat den unbestreitbaren Vorteil, dass die Steigung sehr gleichm\u00e4ssig ist. An Kuhweiden und dem Weiler Wynon vorbei erreichen wir den Flecken. Dieser heisst erst seit 1931 so, vorher hiess er einfach M\u00fcnster, bis Ende des 18. Jahrhunderts M\u00fcnster im Aargau. Zum Namen Berom\u00fcnster kam es, als in besagtem Jahr der <a href=\"https:\/\/idnu.ch\/wordpress\/die-etwas-andere-radiowanderung\/\">Landessender<\/a> in Betrieb ging. Da es in Deutschland bereits einen Sender M\u00fcnster gab, setzte man ein Bero- davor, benannt nach einem Grafen. Dieser soll auch das Chorherrenstift gegr\u00fcndet haben, das einst \u00fcber grosse L\u00e4ndereien bis nach Deutschland besass.<\/p>\n<figure id=\"attachment_5830\" aria-describedby=\"caption-attachment-5830\" style=\"width: 1066px\" class=\"wp-caption aligncenter\"><img data-recalc-dims=\"1\" loading=\"lazy\" decoding=\"async\" data-attachment-id=\"5830\" data-permalink=\"https:\/\/idnu.ch\/wordpress\/tourentipp-im-vorgarten-der-alpen\/img_7145-2\/#main\" data-orig-file=\"https:\/\/i0.wp.com\/idnu.ch\/wordpress\/wp-content\/uploads\/2014\/02\/IMG_7145-1.jpg?fit=1066%2C600&amp;ssl=1\" data-orig-size=\"1066,600\" data-comments-opened=\"1\" data-image-meta=\"{&quot;aperture&quot;:&quot;8&quot;,&quot;credit&quot;:&quot;&quot;,&quot;camera&quot;:&quot;Canon PowerShot A710 IS&quot;,&quot;caption&quot;:&quot;&quot;,&quot;created_timestamp&quot;:&quot;1302185732&quot;,&quot;copyright&quot;:&quot;&quot;,&quot;focal_length&quot;:&quot;5.8&quot;,&quot;iso&quot;:&quot;0&quot;,&quot;shutter_speed&quot;:&quot;0.004&quot;,&quot;title&quot;:&quot;&quot;,&quot;orientation&quot;:&quot;1&quot;}\" data-image-title=\"Auf der Sempacher Seite\" data-image-description=\"\" data-image-caption=\"&lt;p&gt;Auf der Sempacher Seite&lt;\/p&gt;\n\" data-large-file=\"https:\/\/i0.wp.com\/idnu.ch\/wordpress\/wp-content\/uploads\/2014\/02\/IMG_7145-1.jpg?fit=750%2C422&amp;ssl=1\" class=\"size-full wp-image-5830\" src=\"https:\/\/i0.wp.com\/idnu.ch\/wordpress\/wp-content\/uploads\/2014\/02\/IMG_7145-1.jpg?resize=750%2C422&#038;ssl=1\" alt=\"Auf der Sempacher Seite\" width=\"750\" height=\"422\" srcset=\"https:\/\/i0.wp.com\/idnu.ch\/wordpress\/wp-content\/uploads\/2014\/02\/IMG_7145-1.jpg?w=1066&amp;ssl=1 1066w, https:\/\/i0.wp.com\/idnu.ch\/wordpress\/wp-content\/uploads\/2014\/02\/IMG_7145-1.jpg?resize=300%2C169&amp;ssl=1 300w, https:\/\/i0.wp.com\/idnu.ch\/wordpress\/wp-content\/uploads\/2014\/02\/IMG_7145-1.jpg?resize=768%2C432&amp;ssl=1 768w, https:\/\/i0.wp.com\/idnu.ch\/wordpress\/wp-content\/uploads\/2014\/02\/IMG_7145-1.jpg?resize=1024%2C576&amp;ssl=1 1024w, https:\/\/i0.wp.com\/idnu.ch\/wordpress\/wp-content\/uploads\/2014\/02\/IMG_7145-1.jpg?resize=178%2C100&amp;ssl=1 178w\" sizes=\"auto, (max-width: 750px) 100vw, 750px\" \/><figcaption id=\"caption-attachment-5830\" class=\"wp-caption-text\">Auf der Sempacher Seite<\/figcaption><\/figure>\n<h2>Durchs Michelsamt<\/h2>\n<p>Wir suchen uns den Weg zwischen den H\u00e4usern am Freibad vorbei und \u00fcberqueren das Wehr, das das Wynental vor \u00dcberschwemmungen bei starken Regenf\u00e4llen sch\u00fctzen soll. Hinter dem Flugplatz f\u00fchrt eine Strasse \u00fcber die Felder nach Neudorf. Wir fahren \u00fcber den D\u00fcderhof zum Moretalerwald. Hier erreichen wir den h\u00f6chsten Punkt der Tour mit 741 Meter. Ausgangs Wald er\u00f6ffnet sich uns nun eine grandiose Aussicht: Die Pilatuskette t\u00fcrmt sich m\u00e4chtig auf, links davon sind die anderen Innerschweizer Berge mit dem Titlis. Rechts vom Pilatus sehen wir im Hintergrund die Berner Alpen mit dem Eiger, davor die Schrattenfluhkette. Noch weiter rechts erheben sich der Napf und die anderen H\u00fcgel des Luzerner Hinterlandes.<\/p>\n<figure id=\"attachment_5832\" aria-describedby=\"caption-attachment-5832\" style=\"width: 1066px\" class=\"wp-caption aligncenter\"><img data-recalc-dims=\"1\" loading=\"lazy\" decoding=\"async\" data-attachment-id=\"5832\" data-permalink=\"https:\/\/idnu.ch\/wordpress\/tourentipp-im-vorgarten-der-alpen\/img_7133\/#main\" data-orig-file=\"https:\/\/i0.wp.com\/idnu.ch\/wordpress\/wp-content\/uploads\/2014\/02\/IMG_7133.jpg?fit=1066%2C600&amp;ssl=1\" data-orig-size=\"1066,600\" data-comments-opened=\"1\" data-image-meta=\"{&quot;aperture&quot;:&quot;8&quot;,&quot;credit&quot;:&quot;&quot;,&quot;camera&quot;:&quot;Canon PowerShot A710 IS&quot;,&quot;caption&quot;:&quot;&quot;,&quot;created_timestamp&quot;:&quot;1302185075&quot;,&quot;copyright&quot;:&quot;&quot;,&quot;focal_length&quot;:&quot;5.8&quot;,&quot;iso&quot;:&quot;0&quot;,&quot;shutter_speed&quot;:&quot;0.004&quot;,&quot;title&quot;:&quot;&quot;,&quot;orientation&quot;:&quot;1&quot;}\" data-image-title=\"Die Innerschweizer Alpen\" data-image-description=\"\" data-image-caption=\"&lt;p&gt;Die Innerschweizer Alpen&lt;\/p&gt;\n\" data-large-file=\"https:\/\/i0.wp.com\/idnu.ch\/wordpress\/wp-content\/uploads\/2014\/02\/IMG_7133.jpg?fit=750%2C422&amp;ssl=1\" class=\"size-full wp-image-5832\" src=\"https:\/\/i0.wp.com\/idnu.ch\/wordpress\/wp-content\/uploads\/2014\/02\/IMG_7133.jpg?resize=750%2C422&#038;ssl=1\" alt=\"Die Innerschweizer Alpen\" width=\"750\" height=\"422\" srcset=\"https:\/\/i0.wp.com\/idnu.ch\/wordpress\/wp-content\/uploads\/2014\/02\/IMG_7133.jpg?w=1066&amp;ssl=1 1066w, https:\/\/i0.wp.com\/idnu.ch\/wordpress\/wp-content\/uploads\/2014\/02\/IMG_7133.jpg?resize=300%2C169&amp;ssl=1 300w, https:\/\/i0.wp.com\/idnu.ch\/wordpress\/wp-content\/uploads\/2014\/02\/IMG_7133.jpg?resize=768%2C432&amp;ssl=1 768w, https:\/\/i0.wp.com\/idnu.ch\/wordpress\/wp-content\/uploads\/2014\/02\/IMG_7133.jpg?resize=1024%2C576&amp;ssl=1 1024w, https:\/\/i0.wp.com\/idnu.ch\/wordpress\/wp-content\/uploads\/2014\/02\/IMG_7133.jpg?resize=178%2C100&amp;ssl=1 178w\" sizes=\"auto, (max-width: 750px) 100vw, 750px\" \/><figcaption id=\"caption-attachment-5832\" class=\"wp-caption-text\">Die Innerschweizer Alpen<\/figcaption><\/figure>\n<h2>Die Schlacht bei Sempach<\/h2>\n<p>Wir setzen unsere Fahrt fort, vor dem Horlachehof biegen wir links ab und fahren Richtung Schlacht. Der Weg ist ein wenig holprig, daf\u00fcr mit grosser Garantie autofrei. Beim Stockhof m\u00fcssen wir nochmals anhalten, zu grossartig ist die Aussicht. Hang aufw\u00e4rts sehen wir das gr\u00f6sste Baumhaus der Schweiz. Ostw\u00e4rts erblicken wir den Wildspitz und die Rigi nebst den anderen Zentralschweizer Bergen, der Sempachersee liegt uns zu F\u00fcssen. Das n\u00e4chste Ziel ist die Schlacht. Es ist unschwer zu erraten, dass hier die <a href=\"https:\/\/de.wikipedia.org\/wiki\/Schlacht_bei_Sempach\" target=\"_blank\" rel=\"noopener\">Schlacht bei Sempach<\/a> stattgefunden haben muss. Aus dem Geschichtsunterricht wissen wir noch, dass 1386 die Eidgenossen den Habsburger Leopold III und sein Heer besiegten. Ein Denkmal erinnert an Arnold Winkelried, in der Schlachtkapelle sind nebst einem grossen Schlachtengem\u00e4lde die Wappen s\u00e4mtlicher gefallener Ritter aufgemalt.<\/p>\n<figure id=\"attachment_5833\" aria-describedby=\"caption-attachment-5833\" style=\"width: 800px\" class=\"wp-caption aligncenter\"><img data-recalc-dims=\"1\" loading=\"lazy\" decoding=\"async\" data-attachment-id=\"5833\" data-permalink=\"https:\/\/idnu.ch\/wordpress\/tourentipp-im-vorgarten-der-alpen\/img_7437\/#main\" data-orig-file=\"https:\/\/i0.wp.com\/idnu.ch\/wordpress\/wp-content\/uploads\/2014\/02\/IMG_7437.jpg?fit=800%2C600&amp;ssl=1\" data-orig-size=\"800,600\" data-comments-opened=\"1\" data-image-meta=\"{&quot;aperture&quot;:&quot;2.8&quot;,&quot;credit&quot;:&quot;&quot;,&quot;camera&quot;:&quot;Canon PowerShot A710 IS&quot;,&quot;caption&quot;:&quot;&quot;,&quot;created_timestamp&quot;:&quot;1304840264&quot;,&quot;copyright&quot;:&quot;&quot;,&quot;focal_length&quot;:&quot;5.8&quot;,&quot;iso&quot;:&quot;0&quot;,&quot;shutter_speed&quot;:&quot;0.016666666666667&quot;,&quot;title&quot;:&quot;&quot;,&quot;orientation&quot;:&quot;1&quot;}\" data-image-title=\"In der Schlachkapelle\" data-image-description=\"\" data-image-caption=\"&lt;p&gt;In der Schlachkapelle&lt;\/p&gt;\n\" data-large-file=\"https:\/\/i0.wp.com\/idnu.ch\/wordpress\/wp-content\/uploads\/2014\/02\/IMG_7437.jpg?fit=750%2C563&amp;ssl=1\" class=\"size-full wp-image-5833\" src=\"https:\/\/i0.wp.com\/idnu.ch\/wordpress\/wp-content\/uploads\/2014\/02\/IMG_7437.jpg?resize=750%2C563&#038;ssl=1\" alt=\"In der Schlachkapelle\" width=\"750\" height=\"563\" srcset=\"https:\/\/i0.wp.com\/idnu.ch\/wordpress\/wp-content\/uploads\/2014\/02\/IMG_7437.jpg?w=800&amp;ssl=1 800w, https:\/\/i0.wp.com\/idnu.ch\/wordpress\/wp-content\/uploads\/2014\/02\/IMG_7437.jpg?resize=300%2C225&amp;ssl=1 300w, https:\/\/i0.wp.com\/idnu.ch\/wordpress\/wp-content\/uploads\/2014\/02\/IMG_7437.jpg?resize=768%2C576&amp;ssl=1 768w, https:\/\/i0.wp.com\/idnu.ch\/wordpress\/wp-content\/uploads\/2014\/02\/IMG_7437.jpg?resize=720%2C540&amp;ssl=1 720w, https:\/\/i0.wp.com\/idnu.ch\/wordpress\/wp-content\/uploads\/2014\/02\/IMG_7437.jpg?resize=133%2C100&amp;ssl=1 133w\" sizes=\"auto, (max-width: 750px) 100vw, 750px\" \/><figcaption id=\"caption-attachment-5833\" class=\"wp-caption-text\">In der Schlachkapelle<\/figcaption><\/figure>\n<h2>Am idyllischen Steinib\u00fcelweiher<\/h2>\n<p>Wir fahren wieder ein St\u00fcck zur\u00fcck und biegen links in den Feldweg ein, der uns zu drei Retentionsweihern f\u00fchrt. Diese dienen dazu, einerseits das Oberfl\u00e4chen- und Drainagewasser zu reinigen, andererseits es zur\u00fcckzuhalten bei ausgiebigen Regenf\u00e4llen. Nach dem Wald \u00fcberqueren wir die Verbindungsstrasse Sempach \u2013 Hildisrieden und fahren am idyllischen Steinib\u00fcelweiher vorbei zur Allmend, am Sonnhof vorbei zur <a href=\"https:\/\/idnu.ch\/wordpress\/die-wunder-der-vogelwelt\/\">Vogelwarte<\/a>. Ein Besuch hier lohnt sich, man lernt einiges \u00fcber die einheimische Vogelwelt und deren Probleme. Leider d\u00fcrfen wir nur schiebend direkt dem See entlang nach Sempach, wollen wir fahren, m\u00fcssen wir den Radstreifen auf der Hauptstrasse benutzen. Das St\u00e4dtchen wird durch zwei Stadttore passiert, das Luzernertor und das Ochsentor. Weitere sehenswerte Geb\u00e4ude sind das Rathaus, die Sust und die Zehntenscheune. Und f\u00fcr das leibliche Wohl ist durch die verschiedenen Restaurants auch gesorgt. Die St\u00e4rkung brauchen wir, denn nun steht uns ein kurzer Aufstieg zum R\u00f6merweg bevor.<\/p>\n<figure id=\"attachment_5834\" aria-describedby=\"caption-attachment-5834\" style=\"width: 800px\" class=\"wp-caption aligncenter\"><img data-recalc-dims=\"1\" loading=\"lazy\" decoding=\"async\" data-attachment-id=\"5834\" data-permalink=\"https:\/\/idnu.ch\/wordpress\/tourentipp-im-vorgarten-der-alpen\/img_7444\/#main\" data-orig-file=\"https:\/\/i0.wp.com\/idnu.ch\/wordpress\/wp-content\/uploads\/2014\/02\/IMG_7444.jpg?fit=800%2C600&amp;ssl=1\" data-orig-size=\"800,600\" data-comments-opened=\"1\" data-image-meta=\"{&quot;aperture&quot;:&quot;4&quot;,&quot;credit&quot;:&quot;&quot;,&quot;camera&quot;:&quot;Canon PowerShot A710 IS&quot;,&quot;caption&quot;:&quot;&quot;,&quot;created_timestamp&quot;:&quot;1304843097&quot;,&quot;copyright&quot;:&quot;&quot;,&quot;focal_length&quot;:&quot;5.8&quot;,&quot;iso&quot;:&quot;0&quot;,&quot;shutter_speed&quot;:&quot;0.0015625&quot;,&quot;title&quot;:&quot;&quot;,&quot;orientation&quot;:&quot;1&quot;}\" data-image-title=\"\u00dcber dem Sempachersee\" data-image-description=\"\" data-image-caption=\"&lt;p&gt;\u00dcber dem Sempachersee&lt;\/p&gt;\n\" data-large-file=\"https:\/\/i0.wp.com\/idnu.ch\/wordpress\/wp-content\/uploads\/2014\/02\/IMG_7444.jpg?fit=750%2C563&amp;ssl=1\" class=\"size-full wp-image-5834\" src=\"https:\/\/i0.wp.com\/idnu.ch\/wordpress\/wp-content\/uploads\/2014\/02\/IMG_7444.jpg?resize=750%2C563&#038;ssl=1\" alt=\"\u00dcber dem Sempachersee\" width=\"750\" height=\"563\" srcset=\"https:\/\/i0.wp.com\/idnu.ch\/wordpress\/wp-content\/uploads\/2014\/02\/IMG_7444.jpg?w=800&amp;ssl=1 800w, https:\/\/i0.wp.com\/idnu.ch\/wordpress\/wp-content\/uploads\/2014\/02\/IMG_7444.jpg?resize=300%2C225&amp;ssl=1 300w, https:\/\/i0.wp.com\/idnu.ch\/wordpress\/wp-content\/uploads\/2014\/02\/IMG_7444.jpg?resize=768%2C576&amp;ssl=1 768w, https:\/\/i0.wp.com\/idnu.ch\/wordpress\/wp-content\/uploads\/2014\/02\/IMG_7444.jpg?resize=720%2C540&amp;ssl=1 720w, https:\/\/i0.wp.com\/idnu.ch\/wordpress\/wp-content\/uploads\/2014\/02\/IMG_7444.jpg?resize=133%2C100&amp;ssl=1 133w\" sizes=\"auto, (max-width: 750px) 100vw, 750px\" \/><figcaption id=\"caption-attachment-5834\" class=\"wp-caption-text\">\u00dcber dem Sempachersee<\/figcaption><\/figure>\n<h2>\u00dcber dem Sempachersee nach Sursee<\/h2>\n<p>Wir unterqueren die Autobahnbr\u00fccke und zweigen bei der n\u00e4chsten Strasse rechts ab, um wieder auf die Route 94 zu gelangen. Am Kirchb\u00fchl vorbei mit der Kirche St. Martin, die um das Jahr 1000 gebaut wurde, fahren wir \u00fcber Eich nach Schenkon. Hoch \u00fcber dem Sempachersee haben wir einmal mehr eine herrliche Aussicht in Berge und in den Napf. Vor Schenkon unterqueren wir wieder die Autobahnbr\u00fccke, um an den See zu gelangen, wo wir uns im Strandbad abk\u00fchlen k\u00f6nnen. Im Kyburgerst\u00e4dtchen Sursee laden Strassencaf\u00e9s zu einem weiteren Halt ein. Ab hier fahren wir auf der Nord-S\u00fcd Route 3.<\/p>\n<h2>Der Suhre entlang nach Sch\u00f6ftland<\/h2>\n<p>Durch den Sursiwald gelangen wir an die Sure (hier im Kanton Luzern ohne \u201ah\u2019). Der Feldweg folgt dieser bis vor Staffelbach im Kanton Aargau (wo sich die Suhre mit \u201ah\u2019 schreibt). \u00dcber die Felder gelangen wir nach Sch\u00f6ftland, wo wir in der Badi nochmals Gelegenheit haben, die eventuell verschwitzten K\u00f6rper zu waschen, bevor wir mit dem Zug wieder nach Hause fahren.<\/p>\n<figure id=\"attachment_5835\" aria-describedby=\"caption-attachment-5835\" style=\"width: 800px\" class=\"wp-caption aligncenter\"><img data-recalc-dims=\"1\" loading=\"lazy\" decoding=\"async\" data-attachment-id=\"5835\" data-permalink=\"https:\/\/idnu.ch\/wordpress\/tourentipp-im-vorgarten-der-alpen\/img_7474\/#main\" data-orig-file=\"https:\/\/i0.wp.com\/idnu.ch\/wordpress\/wp-content\/uploads\/2014\/02\/IMG_7474.jpg?fit=800%2C600&amp;ssl=1\" data-orig-size=\"800,600\" data-comments-opened=\"1\" data-image-meta=\"{&quot;aperture&quot;:&quot;4&quot;,&quot;credit&quot;:&quot;&quot;,&quot;camera&quot;:&quot;Canon PowerShot A710 IS&quot;,&quot;caption&quot;:&quot;&quot;,&quot;created_timestamp&quot;:&quot;1304854231&quot;,&quot;copyright&quot;:&quot;&quot;,&quot;focal_length&quot;:&quot;9.954&quot;,&quot;iso&quot;:&quot;0&quot;,&quot;shutter_speed&quot;:&quot;0.0008&quot;,&quot;title&quot;:&quot;&quot;,&quot;orientation&quot;:&quot;1&quot;}\" data-image-title=\"Bald ist das Ziel erreicht: Kurz vor Sch\u00f6ftland\" data-image-description=\"\" data-image-caption=\"&lt;p&gt;Bald ist das Ziel erreicht: Kurz vor Sch\u00f6ftland&lt;\/p&gt;\n\" data-large-file=\"https:\/\/i0.wp.com\/idnu.ch\/wordpress\/wp-content\/uploads\/2014\/02\/IMG_7474.jpg?fit=750%2C563&amp;ssl=1\" class=\"size-full wp-image-5835\" src=\"https:\/\/i0.wp.com\/idnu.ch\/wordpress\/wp-content\/uploads\/2014\/02\/IMG_7474.jpg?resize=750%2C563&#038;ssl=1\" alt=\"Bald ist das Ziel erreicht: Kurz vor Sch\u00f6ftland\" width=\"750\" height=\"563\" srcset=\"https:\/\/i0.wp.com\/idnu.ch\/wordpress\/wp-content\/uploads\/2014\/02\/IMG_7474.jpg?w=800&amp;ssl=1 800w, https:\/\/i0.wp.com\/idnu.ch\/wordpress\/wp-content\/uploads\/2014\/02\/IMG_7474.jpg?resize=300%2C225&amp;ssl=1 300w, https:\/\/i0.wp.com\/idnu.ch\/wordpress\/wp-content\/uploads\/2014\/02\/IMG_7474.jpg?resize=768%2C576&amp;ssl=1 768w, https:\/\/i0.wp.com\/idnu.ch\/wordpress\/wp-content\/uploads\/2014\/02\/IMG_7474.jpg?resize=720%2C540&amp;ssl=1 720w, https:\/\/i0.wp.com\/idnu.ch\/wordpress\/wp-content\/uploads\/2014\/02\/IMG_7474.jpg?resize=133%2C100&amp;ssl=1 133w\" sizes=\"auto, (max-width: 750px) 100vw, 750px\" \/><figcaption id=\"caption-attachment-5835\" class=\"wp-caption-text\">Bald ist das Ziel erreicht: Kurz vor Sch\u00f6ftland<\/figcaption><\/figure>\n<div><\/div>\n","protected":false},"excerpt":{"rendered":"<p>Die Temperaturen sind ja jetzt schon fr\u00fchlingshaft, deshalb hier ein Tipp f\u00fcr eine&#8230;<\/p>\n","protected":false},"author":2,"featured_media":887,"comment_status":"open","ping_status":"open","sticky":false,"template":"","format":"standard","meta":{"_monsterinsights_skip_tracking":false,"_monsterinsights_sitenote_active":false,"_monsterinsights_sitenote_note":"","_monsterinsights_sitenote_category":0,"jetpack_post_was_ever_published":false,"_jetpack_newsletter_access":"","_jetpack_dont_email_post_to_subs":true,"_jetpack_newsletter_tier_id":0,"_jetpack_memberships_contains_paywalled_content":false,"_jetpack_memberships_contains_paid_content":false,"footnotes":"","jetpack_publicize_message":"","jetpack_publicize_feature_enabled":true,"jetpack_social_post_already_shared":false,"jetpack_social_options":{"image_generator_settings":{"template":"highway","default_image_id":0,"font":"","enabled":false},"version":2}},"categories":[133,914,757,30,920,4],"tags":[367,663,469,372,510,373,878,594,443,444,500,1119,615],"class_list":["post-169","post","type-post","status-publish","format-standard","has-post-thumbnail","hentry","category-aargau","category-aargau-region","category-aargau-sued","category-luzern","category-luzern-vierwaldstaettersee","category-zweirad","tag-aussicht","tag-beromuenster","tag-fahrrad","tag-familie","tag-fruehling","tag-kinder","tag-radtour-mit-kindern","tag-schlacht-bei-sempach","tag-sempach","tag-sempachersee","tag-velo","tag-velokid","tag-velotour"],"geo":{"latitude":47.16685869999999880519681028090417385101318359375,"longitude":8.20309830000000062000253819860517978668212890625,"description":"Neudorf, Kanton Luzern, 6025, CH"},"yoast_head":"<!-- This site is optimized with the Yoast SEO plugin v27.4 - https:\/\/yoast.com\/product\/yoast-seo-wordpress\/ -->\n<title>Im Vorgarten der Alpen - In der Natur unterwegs<\/title>\n<meta name=\"description\" content=\"Im Vorgarten der Alpen l\u00e4sst es sich gut radeln, man blickt auf jene und auf den Sempachersee. Eine abwechslungsreiche Mittellandvelotour.\" \/>\n<meta name=\"robots\" content=\"index, follow, max-snippet:-1, max-image-preview:large, max-video-preview:-1\" \/>\n<link rel=\"canonical\" href=\"https:\/\/idnu.ch\/wordpress\/tourentipp-im-vorgarten-der-alpen\/\" \/>\n<meta property=\"og:locale\" content=\"de_DE\" \/>\n<meta property=\"og:type\" content=\"article\" \/>\n<meta property=\"og:title\" content=\"Im Vorgarten der Alpen - In der Natur unterwegs\" \/>\n<meta property=\"og:description\" content=\"Im Vorgarten der Alpen l\u00e4sst es sich gut radeln, man blickt auf jene und auf den Sempachersee. Eine abwechslungsreiche Mittellandvelotour.\" \/>\n<meta property=\"og:url\" content=\"https:\/\/idnu.ch\/wordpress\/tourentipp-im-vorgarten-der-alpen\/\" \/>\n<meta property=\"og:site_name\" content=\"In der Natur unterwegs\" \/>\n<meta property=\"article:published_time\" content=\"2014-02-24T09:34:00+00:00\" \/>\n<meta property=\"article:modified_time\" content=\"2024-02-15T10:28:29+00:00\" \/>\n<meta property=\"og:image\" content=\"https:\/\/idnu.ch\/wordpress\/wp-content\/uploads\/2014\/02\/IMG_7145.jpg\" \/>\n\t<meta property=\"og:image:width\" content=\"1066\" \/>\n\t<meta property=\"og:image:height\" content=\"600\" \/>\n\t<meta property=\"og:image:type\" content=\"image\/jpeg\" \/>\n<meta name=\"author\" content=\"Urs Kyburz\" \/>\n<meta name=\"twitter:card\" content=\"summary_large_image\" \/>\n<meta name=\"twitter:creator\" content=\"@idnu_ch\" \/>\n<meta name=\"twitter:site\" content=\"@idnu_ch\" \/>\n<meta name=\"twitter:label1\" content=\"Verfasst von\" \/>\n\t<meta name=\"twitter:data1\" content=\"Urs Kyburz\" \/>\n\t<meta name=\"twitter:label2\" content=\"Gesch\u00e4tzte Lesezeit\" \/>\n\t<meta name=\"twitter:data2\" content=\"6\u00a0Minuten\" \/>\n<script type=\"application\/ld+json\" class=\"yoast-schema-graph\">{\"@context\":\"https:\\\/\\\/schema.org\",\"@graph\":[{\"@type\":\"Article\",\"@id\":\"https:\\\/\\\/idnu.ch\\\/wordpress\\\/tourentipp-im-vorgarten-der-alpen\\\/#article\",\"isPartOf\":{\"@id\":\"https:\\\/\\\/idnu.ch\\\/wordpress\\\/tourentipp-im-vorgarten-der-alpen\\\/\"},\"author\":{\"name\":\"Urs Kyburz\",\"@id\":\"https:\\\/\\\/idnu.ch\\\/wordpress\\\/#\\\/schema\\\/person\\\/1ab8c5de743be7b019272124c19ad351\"},\"headline\":\"Im Vorgarten der Alpen\",\"datePublished\":\"2014-02-24T09:34:00+00:00\",\"dateModified\":\"2024-02-15T10:28:29+00:00\",\"mainEntityOfPage\":{\"@id\":\"https:\\\/\\\/idnu.ch\\\/wordpress\\\/tourentipp-im-vorgarten-der-alpen\\\/\"},\"wordCount\":880,\"commentCount\":4,\"publisher\":{\"@id\":\"https:\\\/\\\/idnu.ch\\\/wordpress\\\/#\\\/schema\\\/person\\\/1ab8c5de743be7b019272124c19ad351\"},\"image\":{\"@id\":\"https:\\\/\\\/idnu.ch\\\/wordpress\\\/tourentipp-im-vorgarten-der-alpen\\\/#primaryimage\"},\"thumbnailUrl\":\"https:\\\/\\\/i0.wp.com\\\/idnu.ch\\\/wordpress\\\/wp-content\\\/uploads\\\/2014\\\/02\\\/IMG_7145.jpg?fit=1066%2C600&ssl=1\",\"keywords\":[\"Aussicht\",\"Berom\u00fcnster\",\"Fahrrad\",\"Familie\",\"Fr\u00fchling\",\"Kinder\",\"Radtour mit Kindern\",\"Schlacht bei Sempach\",\"Sempach\",\"Sempachersee\",\"Velo\",\"velokid\",\"Velotour\"],\"articleSection\":[\"Aargau\",\"Aargau Region\",\"Aargau S\u00fcd\",\"Luzern\",\"Luzern - Vierwaldst\u00e4ttersee\",\"Mountainbike &amp; Velo\"],\"inLanguage\":\"de\",\"potentialAction\":[{\"@type\":\"CommentAction\",\"name\":\"Comment\",\"target\":[\"https:\\\/\\\/idnu.ch\\\/wordpress\\\/tourentipp-im-vorgarten-der-alpen\\\/#respond\"]}]},{\"@type\":\"WebPage\",\"@id\":\"https:\\\/\\\/idnu.ch\\\/wordpress\\\/tourentipp-im-vorgarten-der-alpen\\\/\",\"url\":\"https:\\\/\\\/idnu.ch\\\/wordpress\\\/tourentipp-im-vorgarten-der-alpen\\\/\",\"name\":\"Im Vorgarten der Alpen - In der Natur unterwegs\",\"isPartOf\":{\"@id\":\"https:\\\/\\\/idnu.ch\\\/wordpress\\\/#website\"},\"primaryImageOfPage\":{\"@id\":\"https:\\\/\\\/idnu.ch\\\/wordpress\\\/tourentipp-im-vorgarten-der-alpen\\\/#primaryimage\"},\"image\":{\"@id\":\"https:\\\/\\\/idnu.ch\\\/wordpress\\\/tourentipp-im-vorgarten-der-alpen\\\/#primaryimage\"},\"thumbnailUrl\":\"https:\\\/\\\/i0.wp.com\\\/idnu.ch\\\/wordpress\\\/wp-content\\\/uploads\\\/2014\\\/02\\\/IMG_7145.jpg?fit=1066%2C600&ssl=1\",\"datePublished\":\"2014-02-24T09:34:00+00:00\",\"dateModified\":\"2024-02-15T10:28:29+00:00\",\"description\":\"Im Vorgarten der Alpen l\u00e4sst es sich gut radeln, man blickt auf jene und auf den Sempachersee. Eine abwechslungsreiche Mittellandvelotour.\",\"breadcrumb\":{\"@id\":\"https:\\\/\\\/idnu.ch\\\/wordpress\\\/tourentipp-im-vorgarten-der-alpen\\\/#breadcrumb\"},\"inLanguage\":\"de\",\"potentialAction\":[{\"@type\":\"ReadAction\",\"target\":[\"https:\\\/\\\/idnu.ch\\\/wordpress\\\/tourentipp-im-vorgarten-der-alpen\\\/\"]}]},{\"@type\":\"ImageObject\",\"inLanguage\":\"de\",\"@id\":\"https:\\\/\\\/idnu.ch\\\/wordpress\\\/tourentipp-im-vorgarten-der-alpen\\\/#primaryimage\",\"url\":\"https:\\\/\\\/i0.wp.com\\\/idnu.ch\\\/wordpress\\\/wp-content\\\/uploads\\\/2014\\\/02\\\/IMG_7145.jpg?fit=1066%2C600&ssl=1\",\"contentUrl\":\"https:\\\/\\\/i0.wp.com\\\/idnu.ch\\\/wordpress\\\/wp-content\\\/uploads\\\/2014\\\/02\\\/IMG_7145.jpg?fit=1066%2C600&ssl=1\",\"width\":1066,\"height\":600,\"caption\":\"Blick in die Alpen\"},{\"@type\":\"BreadcrumbList\",\"@id\":\"https:\\\/\\\/idnu.ch\\\/wordpress\\\/tourentipp-im-vorgarten-der-alpen\\\/#breadcrumb\",\"itemListElement\":[{\"@type\":\"ListItem\",\"position\":1,\"name\":\"Startseite\",\"item\":\"https:\\\/\\\/idnu.ch\\\/wordpress\\\/\"},{\"@type\":\"ListItem\",\"position\":2,\"name\":\"Im Vorgarten der Alpen\"}]},{\"@type\":\"WebSite\",\"@id\":\"https:\\\/\\\/idnu.ch\\\/wordpress\\\/#website\",\"url\":\"https:\\\/\\\/idnu.ch\\\/wordpress\\\/\",\"name\":\"In der Natur unterwegs\",\"description\":\"Dort, wo es am sch\u00f6nsten ist\",\"publisher\":{\"@id\":\"https:\\\/\\\/idnu.ch\\\/wordpress\\\/#\\\/schema\\\/person\\\/1ab8c5de743be7b019272124c19ad351\"},\"potentialAction\":[{\"@type\":\"SearchAction\",\"target\":{\"@type\":\"EntryPoint\",\"urlTemplate\":\"https:\\\/\\\/idnu.ch\\\/wordpress\\\/?s={search_term_string}\"},\"query-input\":{\"@type\":\"PropertyValueSpecification\",\"valueRequired\":true,\"valueName\":\"search_term_string\"}}],\"inLanguage\":\"de\"},{\"@type\":[\"Person\",\"Organization\"],\"@id\":\"https:\\\/\\\/idnu.ch\\\/wordpress\\\/#\\\/schema\\\/person\\\/1ab8c5de743be7b019272124c19ad351\",\"name\":\"Urs Kyburz\",\"image\":{\"@type\":\"ImageObject\",\"inLanguage\":\"de\",\"@id\":\"https:\\\/\\\/i0.wp.com\\\/idnu.ch\\\/wordpress\\\/wp-content\\\/uploads\\\/2016\\\/02\\\/logo_150x165.gif?fit=3151%2C3456&ssl=1\",\"url\":\"https:\\\/\\\/i0.wp.com\\\/idnu.ch\\\/wordpress\\\/wp-content\\\/uploads\\\/2016\\\/02\\\/logo_150x165.gif?fit=3151%2C3456&ssl=1\",\"contentUrl\":\"https:\\\/\\\/i0.wp.com\\\/idnu.ch\\\/wordpress\\\/wp-content\\\/uploads\\\/2016\\\/02\\\/logo_150x165.gif?fit=3151%2C3456&ssl=1\",\"width\":3151,\"height\":3456,\"caption\":\"Urs Kyburz\"},\"logo\":{\"@id\":\"https:\\\/\\\/i0.wp.com\\\/idnu.ch\\\/wordpress\\\/wp-content\\\/uploads\\\/2016\\\/02\\\/logo_150x165.gif?fit=3151%2C3456&ssl=1\"}}]}<\/script>\n<!-- \/ Yoast SEO plugin. -->","yoast_head_json":{"title":"Im Vorgarten der Alpen - In der Natur unterwegs","description":"Im Vorgarten der Alpen l\u00e4sst es sich gut radeln, man blickt auf jene und auf den Sempachersee. Eine abwechslungsreiche Mittellandvelotour.","robots":{"index":"index","follow":"follow","max-snippet":"max-snippet:-1","max-image-preview":"max-image-preview:large","max-video-preview":"max-video-preview:-1"},"canonical":"https:\/\/idnu.ch\/wordpress\/tourentipp-im-vorgarten-der-alpen\/","og_locale":"de_DE","og_type":"article","og_title":"Im Vorgarten der Alpen - In der Natur unterwegs","og_description":"Im Vorgarten der Alpen l\u00e4sst es sich gut radeln, man blickt auf jene und auf den Sempachersee. Eine abwechslungsreiche Mittellandvelotour.","og_url":"https:\/\/idnu.ch\/wordpress\/tourentipp-im-vorgarten-der-alpen\/","og_site_name":"In der Natur unterwegs","article_published_time":"2014-02-24T09:34:00+00:00","article_modified_time":"2024-02-15T10:28:29+00:00","og_image":[{"width":1066,"height":600,"url":"https:\/\/idnu.ch\/wordpress\/wp-content\/uploads\/2014\/02\/IMG_7145.jpg","type":"image\/jpeg"}],"author":"Urs Kyburz","twitter_card":"summary_large_image","twitter_creator":"@idnu_ch","twitter_site":"@idnu_ch","twitter_misc":{"Verfasst von":"Urs Kyburz","Gesch\u00e4tzte Lesezeit":"6\u00a0Minuten"},"schema":{"@context":"https:\/\/schema.org","@graph":[{"@type":"Article","@id":"https:\/\/idnu.ch\/wordpress\/tourentipp-im-vorgarten-der-alpen\/#article","isPartOf":{"@id":"https:\/\/idnu.ch\/wordpress\/tourentipp-im-vorgarten-der-alpen\/"},"author":{"name":"Urs Kyburz","@id":"https:\/\/idnu.ch\/wordpress\/#\/schema\/person\/1ab8c5de743be7b019272124c19ad351"},"headline":"Im Vorgarten der Alpen","datePublished":"2014-02-24T09:34:00+00:00","dateModified":"2024-02-15T10:28:29+00:00","mainEntityOfPage":{"@id":"https:\/\/idnu.ch\/wordpress\/tourentipp-im-vorgarten-der-alpen\/"},"wordCount":880,"commentCount":4,"publisher":{"@id":"https:\/\/idnu.ch\/wordpress\/#\/schema\/person\/1ab8c5de743be7b019272124c19ad351"},"image":{"@id":"https:\/\/idnu.ch\/wordpress\/tourentipp-im-vorgarten-der-alpen\/#primaryimage"},"thumbnailUrl":"https:\/\/i0.wp.com\/idnu.ch\/wordpress\/wp-content\/uploads\/2014\/02\/IMG_7145.jpg?fit=1066%2C600&ssl=1","keywords":["Aussicht","Berom\u00fcnster","Fahrrad","Familie","Fr\u00fchling","Kinder","Radtour mit Kindern","Schlacht bei Sempach","Sempach","Sempachersee","Velo","velokid","Velotour"],"articleSection":["Aargau","Aargau Region","Aargau S\u00fcd","Luzern","Luzern - Vierwaldst\u00e4ttersee","Mountainbike &amp; Velo"],"inLanguage":"de","potentialAction":[{"@type":"CommentAction","name":"Comment","target":["https:\/\/idnu.ch\/wordpress\/tourentipp-im-vorgarten-der-alpen\/#respond"]}]},{"@type":"WebPage","@id":"https:\/\/idnu.ch\/wordpress\/tourentipp-im-vorgarten-der-alpen\/","url":"https:\/\/idnu.ch\/wordpress\/tourentipp-im-vorgarten-der-alpen\/","name":"Im Vorgarten der Alpen - In der Natur unterwegs","isPartOf":{"@id":"https:\/\/idnu.ch\/wordpress\/#website"},"primaryImageOfPage":{"@id":"https:\/\/idnu.ch\/wordpress\/tourentipp-im-vorgarten-der-alpen\/#primaryimage"},"image":{"@id":"https:\/\/idnu.ch\/wordpress\/tourentipp-im-vorgarten-der-alpen\/#primaryimage"},"thumbnailUrl":"https:\/\/i0.wp.com\/idnu.ch\/wordpress\/wp-content\/uploads\/2014\/02\/IMG_7145.jpg?fit=1066%2C600&ssl=1","datePublished":"2014-02-24T09:34:00+00:00","dateModified":"2024-02-15T10:28:29+00:00","description":"Im Vorgarten der Alpen l\u00e4sst es sich gut radeln, man blickt auf jene und auf den Sempachersee. Eine abwechslungsreiche Mittellandvelotour.","breadcrumb":{"@id":"https:\/\/idnu.ch\/wordpress\/tourentipp-im-vorgarten-der-alpen\/#breadcrumb"},"inLanguage":"de","potentialAction":[{"@type":"ReadAction","target":["https:\/\/idnu.ch\/wordpress\/tourentipp-im-vorgarten-der-alpen\/"]}]},{"@type":"ImageObject","inLanguage":"de","@id":"https:\/\/idnu.ch\/wordpress\/tourentipp-im-vorgarten-der-alpen\/#primaryimage","url":"https:\/\/i0.wp.com\/idnu.ch\/wordpress\/wp-content\/uploads\/2014\/02\/IMG_7145.jpg?fit=1066%2C600&ssl=1","contentUrl":"https:\/\/i0.wp.com\/idnu.ch\/wordpress\/wp-content\/uploads\/2014\/02\/IMG_7145.jpg?fit=1066%2C600&ssl=1","width":1066,"height":600,"caption":"Blick in die Alpen"},{"@type":"BreadcrumbList","@id":"https:\/\/idnu.ch\/wordpress\/tourentipp-im-vorgarten-der-alpen\/#breadcrumb","itemListElement":[{"@type":"ListItem","position":1,"name":"Startseite","item":"https:\/\/idnu.ch\/wordpress\/"},{"@type":"ListItem","position":2,"name":"Im Vorgarten der Alpen"}]},{"@type":"WebSite","@id":"https:\/\/idnu.ch\/wordpress\/#website","url":"https:\/\/idnu.ch\/wordpress\/","name":"In der Natur unterwegs","description":"Dort, wo es am sch\u00f6nsten ist","publisher":{"@id":"https:\/\/idnu.ch\/wordpress\/#\/schema\/person\/1ab8c5de743be7b019272124c19ad351"},"potentialAction":[{"@type":"SearchAction","target":{"@type":"EntryPoint","urlTemplate":"https:\/\/idnu.ch\/wordpress\/?s={search_term_string}"},"query-input":{"@type":"PropertyValueSpecification","valueRequired":true,"valueName":"search_term_string"}}],"inLanguage":"de"},{"@type":["Person","Organization"],"@id":"https:\/\/idnu.ch\/wordpress\/#\/schema\/person\/1ab8c5de743be7b019272124c19ad351","name":"Urs Kyburz","image":{"@type":"ImageObject","inLanguage":"de","@id":"https:\/\/i0.wp.com\/idnu.ch\/wordpress\/wp-content\/uploads\/2016\/02\/logo_150x165.gif?fit=3151%2C3456&ssl=1","url":"https:\/\/i0.wp.com\/idnu.ch\/wordpress\/wp-content\/uploads\/2016\/02\/logo_150x165.gif?fit=3151%2C3456&ssl=1","contentUrl":"https:\/\/i0.wp.com\/idnu.ch\/wordpress\/wp-content\/uploads\/2016\/02\/logo_150x165.gif?fit=3151%2C3456&ssl=1","width":3151,"height":3456,"caption":"Urs Kyburz"},"logo":{"@id":"https:\/\/i0.wp.com\/idnu.ch\/wordpress\/wp-content\/uploads\/2016\/02\/logo_150x165.gif?fit=3151%2C3456&ssl=1"}}]}},"jetpack_publicize_connections":[],"jetpack_featured_media_url":"https:\/\/i0.wp.com\/idnu.ch\/wordpress\/wp-content\/uploads\/2014\/02\/IMG_7145.jpg?fit=1066%2C600&ssl=1","jetpack_sharing_enabled":true,"jetpack_shortlink":"https:\/\/wp.me\/p6MmGG-2J","jetpack-related-posts":[{"id":2152,"url":"https:\/\/idnu.ch\/wordpress\/biketour-butteberg\/","url_meta":{"origin":169,"position":0},"title":"Biketour Butteberg","author":"Urs Kyburz","date":"29. Dezember 2015","format":"gallery","excerpt":"Wieder ein Dezembertag zum Biken statt zum Skifahren. Wir nutzten den Tag f\u00fcr eine Biketour zum Butteberg, um zur weit herum sichtbaren Antenne hoch zu fahren. Immer im Blick hatten wir auch die Antenne des Landessenders Berom\u00fcnster. Alles in allem eine sch\u00f6ne Halbtages-Rundtour f\u00fcr die ganze Familie. Info Start: Menziken\u2026","rel":"","context":"In &quot;Aargau S\u00fcd&quot;","block_context":{"text":"Aargau S\u00fcd","link":"https:\/\/idnu.ch\/wordpress\/category\/kanton\/aargau-sued\/"},"img":{"alt_text":"Es geht nochmals z\u00fcnftig hoch","src":"https:\/\/i0.wp.com\/idnu.ch\/wordpress\/wp-content\/uploads\/2015\/12\/bloseberg_0014.jpg?fit=1200%2C900&ssl=1&resize=350%2C200","width":350,"height":200,"srcset":"https:\/\/i0.wp.com\/idnu.ch\/wordpress\/wp-content\/uploads\/2015\/12\/bloseberg_0014.jpg?fit=1200%2C900&ssl=1&resize=350%2C200 1x, https:\/\/i0.wp.com\/idnu.ch\/wordpress\/wp-content\/uploads\/2015\/12\/bloseberg_0014.jpg?fit=1200%2C900&ssl=1&resize=525%2C300 1.5x, https:\/\/i0.wp.com\/idnu.ch\/wordpress\/wp-content\/uploads\/2015\/12\/bloseberg_0014.jpg?fit=1200%2C900&ssl=1&resize=700%2C400 2x, https:\/\/i0.wp.com\/idnu.ch\/wordpress\/wp-content\/uploads\/2015\/12\/bloseberg_0014.jpg?fit=1200%2C900&ssl=1&resize=1050%2C600 3x"},"classes":[]},{"id":2103,"url":"https:\/\/idnu.ch\/wordpress\/biketour-in-der-5-sterne-region\/","url_meta":{"origin":169,"position":1},"title":"Biketour in der 5-Sterne-Region","author":"Urs Kyburz","date":"28. Dezember 2015","format":false,"excerpt":"Der Dezember 2015 ist anders als sonst: Schon fast fr\u00fchlingshaft warm, kein Schnee weit und breit, selbst in den Bergen hat es viel zu wenig zum Skifahren. Statt Tr\u00fcbsal zu blasen, schwingen wir uns halt vor der Haust\u00fcre aufs Bike und unternehmen eine Biketour in die n\u00e4here Umgebung der selbsternannten\u2026","rel":"","context":"In &quot;Aargau S\u00fcd&quot;","block_context":{"text":"Aargau S\u00fcd","link":"https:\/\/idnu.ch\/wordpress\/category\/kanton\/aargau-sued\/"},"img":{"alt_text":"Perfektes Bikewetter","src":"https:\/\/i0.wp.com\/idnu.ch\/wordpress\/wp-content\/uploads\/2015\/12\/erlosen_0008.jpg?fit=1200%2C900&ssl=1&resize=350%2C200","width":350,"height":200,"srcset":"https:\/\/i0.wp.com\/idnu.ch\/wordpress\/wp-content\/uploads\/2015\/12\/erlosen_0008.jpg?fit=1200%2C900&ssl=1&resize=350%2C200 1x, https:\/\/i0.wp.com\/idnu.ch\/wordpress\/wp-content\/uploads\/2015\/12\/erlosen_0008.jpg?fit=1200%2C900&ssl=1&resize=525%2C300 1.5x, https:\/\/i0.wp.com\/idnu.ch\/wordpress\/wp-content\/uploads\/2015\/12\/erlosen_0008.jpg?fit=1200%2C900&ssl=1&resize=700%2C400 2x, https:\/\/i0.wp.com\/idnu.ch\/wordpress\/wp-content\/uploads\/2015\/12\/erlosen_0008.jpg?fit=1200%2C900&ssl=1&resize=1050%2C600 3x"},"classes":[]},{"id":12184,"url":"https:\/\/idnu.ch\/wordpress\/familienbiken-nach-der-winterpause\/","url_meta":{"origin":169,"position":2},"title":"Familienbiken nach der Winterpause","author":"Urs Kyburz","date":"12. April 2019","format":false,"excerpt":"Der s\u00fcdliche Aargau ist nicht gerade als Bikeparadies bekannt, aber H\u00fcgel, um sich auszutoben, gibt es auch hier, dann und wann sogar einen einfachen Singletrail. Wir drehten eine sch\u00f6ne Runde \u00fcber den Butteberg und den Stierenberg. Die Sonne w\u00e4rmt schon ordentlich, es gr\u00fcnt und bl\u00fcht, fern scheinen die Zeiten der\u2026","rel":"","context":"In &quot;Aargau&quot;","block_context":{"text":"Aargau","link":"https:\/\/idnu.ch\/wordpress\/category\/kanton\/aargau\/"},"img":{"alt_text":"Die Aussicht ist immer noch dunstig","src":"https:\/\/i0.wp.com\/idnu.ch\/wordpress\/wp-content\/uploads\/2019\/04\/butteberg_stierenberg_20190331_0042.jpg?fit=1200%2C800&ssl=1&resize=350%2C200","width":350,"height":200,"srcset":"https:\/\/i0.wp.com\/idnu.ch\/wordpress\/wp-content\/uploads\/2019\/04\/butteberg_stierenberg_20190331_0042.jpg?fit=1200%2C800&ssl=1&resize=350%2C200 1x, https:\/\/i0.wp.com\/idnu.ch\/wordpress\/wp-content\/uploads\/2019\/04\/butteberg_stierenberg_20190331_0042.jpg?fit=1200%2C800&ssl=1&resize=525%2C300 1.5x, https:\/\/i0.wp.com\/idnu.ch\/wordpress\/wp-content\/uploads\/2019\/04\/butteberg_stierenberg_20190331_0042.jpg?fit=1200%2C800&ssl=1&resize=700%2C400 2x, https:\/\/i0.wp.com\/idnu.ch\/wordpress\/wp-content\/uploads\/2019\/04\/butteberg_stierenberg_20190331_0042.jpg?fit=1200%2C800&ssl=1&resize=1050%2C600 3x"},"classes":[]},{"id":15145,"url":"https:\/\/idnu.ch\/wordpress\/wandern-und-velofahren-mit-distanz\/","url_meta":{"origin":169,"position":3},"title":"Wandern und velofahren mit Distanz","author":"Urs Kyburz","date":"24. M\u00e4rz 2020","format":false,"excerpt":"Ja, es ist eine eigenartige Zeit. Wir werden aufgefordert, das Haus wenn m\u00f6glich nicht zu verlassen wegen diesem Virus. Aber bewegen und an die frische Luft sollten wir ja doch. Da muss man halt entsprechende Wanderungen und Velotouren unternehmen. Ein paar Vorschl\u00e4ge kriegt ihr hier von mir zum Wandern und\u2026","rel":"","context":"In &quot;Mountainbike &amp; Velo&quot;","block_context":{"text":"Mountainbike &amp; Velo","link":"https:\/\/idnu.ch\/wordpress\/category\/zweirad\/"},"img":{"alt_text":"Wir n\u00e4hern uns dem Ende der Tour","src":"https:\/\/i0.wp.com\/idnu.ch\/wordpress\/wp-content\/uploads\/2018\/04\/drumlin_sac-20180429-135.jpg?fit=1200%2C800&ssl=1&resize=350%2C200","width":350,"height":200,"srcset":"https:\/\/i0.wp.com\/idnu.ch\/wordpress\/wp-content\/uploads\/2018\/04\/drumlin_sac-20180429-135.jpg?fit=1200%2C800&ssl=1&resize=350%2C200 1x, https:\/\/i0.wp.com\/idnu.ch\/wordpress\/wp-content\/uploads\/2018\/04\/drumlin_sac-20180429-135.jpg?fit=1200%2C800&ssl=1&resize=525%2C300 1.5x, https:\/\/i0.wp.com\/idnu.ch\/wordpress\/wp-content\/uploads\/2018\/04\/drumlin_sac-20180429-135.jpg?fit=1200%2C800&ssl=1&resize=700%2C400 2x, https:\/\/i0.wp.com\/idnu.ch\/wordpress\/wp-content\/uploads\/2018\/04\/drumlin_sac-20180429-135.jpg?fit=1200%2C800&ssl=1&resize=1050%2C600 3x"},"classes":[]},{"id":5464,"url":"https:\/\/idnu.ch\/wordpress\/rund-um-den-stierenberg\/","url_meta":{"origin":169,"position":4},"title":"Rund um den Stierenberg","author":"Urs Kyburz","date":"30. September 2016","format":false,"excerpt":"Lohnt es sich \u00fcberhaupt, \u00fcber diese Biketour zu schreiben, fragte ich mich. Nachdem wir sie gefahren sind, muss ich sagen: Ja, doch, es lohnt sich, \u00fcber die Tour rund um den h\u00f6chsten Aargauer Berg zu schreiben. Bei sch\u00f6nstem Herbstwetter fahren wir auf dem Radweg, einer ehemaligen Eisenbahnstrecke, Richtung Berom\u00fcnster, bei\u2026","rel":"","context":"In &quot;Aargau&quot;","block_context":{"text":"Aargau","link":"https:\/\/idnu.ch\/wordpress\/category\/kanton\/aargau\/"},"img":{"alt_text":"","src":"https:\/\/i0.wp.com\/idnu.ch\/wordpress\/wp-content\/uploads\/2016\/09\/rundumdenstierenberg_0005.jpg?fit=1200%2C900&ssl=1&resize=350%2C200","width":350,"height":200,"srcset":"https:\/\/i0.wp.com\/idnu.ch\/wordpress\/wp-content\/uploads\/2016\/09\/rundumdenstierenberg_0005.jpg?fit=1200%2C900&ssl=1&resize=350%2C200 1x, https:\/\/i0.wp.com\/idnu.ch\/wordpress\/wp-content\/uploads\/2016\/09\/rundumdenstierenberg_0005.jpg?fit=1200%2C900&ssl=1&resize=525%2C300 1.5x, https:\/\/i0.wp.com\/idnu.ch\/wordpress\/wp-content\/uploads\/2016\/09\/rundumdenstierenberg_0005.jpg?fit=1200%2C900&ssl=1&resize=700%2C400 2x, https:\/\/i0.wp.com\/idnu.ch\/wordpress\/wp-content\/uploads\/2016\/09\/rundumdenstierenberg_0005.jpg?fit=1200%2C900&ssl=1&resize=1050%2C600 3x"},"classes":[]},{"id":2336,"url":"https:\/\/idnu.ch\/wordpress\/der-wyna-entlang-nach-beromuenster\/","url_meta":{"origin":169,"position":5},"title":"Der Wyna entlang nach Berom\u00fcnster","author":"Urs Kyburz","date":"4. Januar 2016","format":false,"excerpt":"Eine weitere sch\u00f6ne, einfache Wanderung im Raum des Oberen\u00a0Wynentals f\u00fchrt uns der Wyna entlang durch W\u00e4lder und \u00fcber Felder von Menziken nach Berom\u00fcnster. Sie ist ohne Schwierigkeiten und bestens mit dem \u00d6V zu machen. Start in Menziken Zuerst wandern wir durch die wenig einladenden Quartiere von Menziken, bis wir bei\u2026","rel":"","context":"In &quot;Aargau&quot;","block_context":{"text":"Aargau","link":"https:\/\/idnu.ch\/wordpress\/category\/kanton\/aargau\/"},"img":{"alt_text":"Im Flecken Berom\u00fcnster","src":"https:\/\/i0.wp.com\/idnu.ch\/wordpress\/wp-content\/uploads\/2016\/01\/wyna_0033.jpg?fit=1200%2C755&ssl=1&resize=350%2C200","width":350,"height":200,"srcset":"https:\/\/i0.wp.com\/idnu.ch\/wordpress\/wp-content\/uploads\/2016\/01\/wyna_0033.jpg?fit=1200%2C755&ssl=1&resize=350%2C200 1x, https:\/\/i0.wp.com\/idnu.ch\/wordpress\/wp-content\/uploads\/2016\/01\/wyna_0033.jpg?fit=1200%2C755&ssl=1&resize=525%2C300 1.5x, https:\/\/i0.wp.com\/idnu.ch\/wordpress\/wp-content\/uploads\/2016\/01\/wyna_0033.jpg?fit=1200%2C755&ssl=1&resize=700%2C400 2x, https:\/\/i0.wp.com\/idnu.ch\/wordpress\/wp-content\/uploads\/2016\/01\/wyna_0033.jpg?fit=1200%2C755&ssl=1&resize=1050%2C600 3x"},"classes":[]}],"jetpack_likes_enabled":true,"_links":{"self":[{"href":"https:\/\/idnu.ch\/wordpress\/wp-json\/wp\/v2\/posts\/169","targetHints":{"allow":["GET"]}}],"collection":[{"href":"https:\/\/idnu.ch\/wordpress\/wp-json\/wp\/v2\/posts"}],"about":[{"href":"https:\/\/idnu.ch\/wordpress\/wp-json\/wp\/v2\/types\/post"}],"author":[{"embeddable":true,"href":"https:\/\/idnu.ch\/wordpress\/wp-json\/wp\/v2\/users\/2"}],"replies":[{"embeddable":true,"href":"https:\/\/idnu.ch\/wordpress\/wp-json\/wp\/v2\/comments?post=169"}],"version-history":[{"count":10,"href":"https:\/\/idnu.ch\/wordpress\/wp-json\/wp\/v2\/posts\/169\/revisions"}],"predecessor-version":[{"id":25511,"href":"https:\/\/idnu.ch\/wordpress\/wp-json\/wp\/v2\/posts\/169\/revisions\/25511"}],"wp:featuredmedia":[{"embeddable":true,"href":"https:\/\/idnu.ch\/wordpress\/wp-json\/wp\/v2\/media\/887"}],"wp:attachment":[{"href":"https:\/\/idnu.ch\/wordpress\/wp-json\/wp\/v2\/media?parent=169"}],"wp:term":[{"taxonomy":"category","embeddable":true,"href":"https:\/\/idnu.ch\/wordpress\/wp-json\/wp\/v2\/categories?post=169"},{"taxonomy":"post_tag","embeddable":true,"href":"https:\/\/idnu.ch\/wordpress\/wp-json\/wp\/v2\/tags?post=169"}],"curies":[{"name":"wp","href":"https:\/\/api.w.org\/{rel}","templated":true}]}}