{"id":17510,"date":"2021-01-23T12:04:02","date_gmt":"2021-01-23T11:04:02","guid":{"rendered":"http:\/\/idnu.ch\/wordpress\/?p=17510"},"modified":"2021-12-11T14:23:34","modified_gmt":"2021-12-11T13:23:34","slug":"schneeschuhtour-vor-der-haustuere","status":"publish","type":"post","link":"https:\/\/idnu.ch\/wordpress\/schneeschuhtour-vor-der-haustuere\/","title":{"rendered":"Schneeschuhtour vor der Haust\u00fcre"},"content":{"rendered":"<p><strong>Endlich wieder mal richtig Winter im Flachland! Auf den Strassen herrschte deswegen ein Riesenchaos, wer nicht musste, ging nicht vor die T\u00fcre. Ausserdem ist ja immer noch Pandemie, da sollte man sowieso nicht herumreisen. Was andere als unakzeptable Einschr\u00e4nkung der Freiheit empfinden, ist f\u00fcr uns Freiheit: Die Ruhe geniessen, neues ausprobieren, zum Beispiel eine Schneeschuhtour vor der Haust\u00fcre starten und neue Wege finden.<\/strong><\/p>\n<p><a href=\"https:\/\/i0.wp.com\/idnu.ch\/wordpress\/wp-content\/uploads\/2021\/01\/schneeschuhtour_luesch-20210117-74.jpg?ssl=1\"><img data-recalc-dims=\"1\" loading=\"lazy\" decoding=\"async\" data-attachment-id=\"17515\" data-permalink=\"https:\/\/idnu.ch\/wordpress\/schneeschuhtour-vor-der-haustuere\/schneeschuhtour_luesch-20210117-74\/#main\" data-orig-file=\"https:\/\/i0.wp.com\/idnu.ch\/wordpress\/wp-content\/uploads\/2021\/01\/schneeschuhtour_luesch-20210117-74.jpg?fit=1240%2C827&amp;ssl=1\" data-orig-size=\"1240,827\" data-comments-opened=\"1\" data-image-meta=\"{&quot;aperture&quot;:&quot;7.1&quot;,&quot;credit&quot;:&quot;Urs Kyburz&quot;,&quot;camera&quot;:&quot;Canon EOS 5D Mark IV&quot;,&quot;caption&quot;:&quot;&quot;,&quot;created_timestamp&quot;:&quot;1610896397&quot;,&quot;copyright&quot;:&quot;Copyright Urs Kyburz (2019)&quot;,&quot;focal_length&quot;:&quot;75&quot;,&quot;iso&quot;:&quot;100&quot;,&quot;shutter_speed&quot;:&quot;0.00625&quot;,&quot;title&quot;:&quot;&quot;,&quot;orientation&quot;:&quot;0&quot;}\" data-image-title=\"\" data-image-description=\"\" data-image-caption=\"\" data-large-file=\"https:\/\/i0.wp.com\/idnu.ch\/wordpress\/wp-content\/uploads\/2021\/01\/schneeschuhtour_luesch-20210117-74.jpg?fit=750%2C500&amp;ssl=1\" class=\"alignnone size-full wp-image-17515\" src=\"https:\/\/i0.wp.com\/idnu.ch\/wordpress\/wp-content\/uploads\/2021\/01\/schneeschuhtour_luesch-20210117-74.jpg?resize=750%2C500&#038;ssl=1\" alt=\"\" width=\"750\" height=\"500\" srcset=\"https:\/\/i0.wp.com\/idnu.ch\/wordpress\/wp-content\/uploads\/2021\/01\/schneeschuhtour_luesch-20210117-74.jpg?w=1240&amp;ssl=1 1240w, https:\/\/i0.wp.com\/idnu.ch\/wordpress\/wp-content\/uploads\/2021\/01\/schneeschuhtour_luesch-20210117-74.jpg?resize=300%2C200&amp;ssl=1 300w, https:\/\/i0.wp.com\/idnu.ch\/wordpress\/wp-content\/uploads\/2021\/01\/schneeschuhtour_luesch-20210117-74.jpg?resize=1024%2C683&amp;ssl=1 1024w, https:\/\/i0.wp.com\/idnu.ch\/wordpress\/wp-content\/uploads\/2021\/01\/schneeschuhtour_luesch-20210117-74.jpg?resize=768%2C512&amp;ssl=1 768w, https:\/\/i0.wp.com\/idnu.ch\/wordpress\/wp-content\/uploads\/2021\/01\/schneeschuhtour_luesch-20210117-74.jpg?resize=150%2C100&amp;ssl=1 150w\" sizes=\"auto, (max-width: 750px) 100vw, 750px\" \/><\/a><\/p>\n<p>Wohlstandsdegenerierte Jammerlappen heulen gerade rum, sehen die Freiheit sterben wegen den Coronamassnahmen, weil sie R\u00fccksicht auf Schw\u00e4chere nehmen sollten. Sie jammern lieber rum, als kreativ zu werden. Es ist ein zeitlich beschr\u00e4nkter Ausnahmezustand. Warum also nicht mal sein eigenes Leben \u00fcberdenken, sich \u00fcberlegen, was wirklich Freiheit und was wirklich wichtig ist? Heisst Freiheit wirklich, tun und machen, was man will, ohne R\u00fccksicht auf das Umfeld und die Folgen? Wir versuchen schon lange, unseren \u00f6kologischen Fussabdruck zu reduzieren. Schr\u00e4nkt das unsere Freiheit ein? Nein, im Gegenteil.<\/p>\n<h2>Start zur Schneeschuhtour vor der Haust\u00fcre<\/h2>\n<p>Dazu geh\u00f6rt auch: Wollen wir zwei Stunden mit dem Auto in die Berge fahren, wenn es so viel Schnee vor der Haust\u00fcre hat und man sowieso nicht wegfahren sollte? Nein, deshalb holten wir unsere Schneeschuhe hervor und starteten vor der Haust\u00fcre zu einer Tour. Auch andere freuten sich \u00fcber den Schnee, so viele Kinder und Erwachsene sahen wir schon lange nicht mehr im Schnee herumtoben. Ja gut, letzten Winter war es nicht m\u00f6glich, es hatte gar nie Schnee. Aber jetzt. Jetzt ist er da.<\/p>\n<p><a href=\"https:\/\/i0.wp.com\/idnu.ch\/wordpress\/wp-content\/uploads\/2021\/01\/sonnenberg_im_schnee-20210116-3.jpg?ssl=1\"><img data-recalc-dims=\"1\" loading=\"lazy\" decoding=\"async\" data-attachment-id=\"17516\" data-permalink=\"https:\/\/idnu.ch\/wordpress\/schneeschuhtour-vor-der-haustuere\/sonnenberg_im_schnee-20210116-3\/#main\" data-orig-file=\"https:\/\/i0.wp.com\/idnu.ch\/wordpress\/wp-content\/uploads\/2021\/01\/sonnenberg_im_schnee-20210116-3.jpg?fit=1240%2C827&amp;ssl=1\" data-orig-size=\"1240,827\" data-comments-opened=\"1\" data-image-meta=\"{&quot;aperture&quot;:&quot;5.6&quot;,&quot;credit&quot;:&quot;Urs Kyburz&quot;,&quot;camera&quot;:&quot;Canon EOS 5D Mark IV&quot;,&quot;caption&quot;:&quot;&quot;,&quot;created_timestamp&quot;:&quot;1610811364&quot;,&quot;copyright&quot;:&quot;Copyright Urs Kyburz (2019)&quot;,&quot;focal_length&quot;:&quot;40&quot;,&quot;iso&quot;:&quot;100&quot;,&quot;shutter_speed&quot;:&quot;0.008&quot;,&quot;title&quot;:&quot;&quot;,&quot;orientation&quot;:&quot;0&quot;}\" data-image-title=\"Alle hier freuen sich \u00fcber den Schnee\" data-image-description=\"\" data-image-caption=\"\" data-large-file=\"https:\/\/i0.wp.com\/idnu.ch\/wordpress\/wp-content\/uploads\/2021\/01\/sonnenberg_im_schnee-20210116-3.jpg?fit=750%2C500&amp;ssl=1\" class=\"alignnone size-full wp-image-17516\" src=\"https:\/\/i0.wp.com\/idnu.ch\/wordpress\/wp-content\/uploads\/2021\/01\/sonnenberg_im_schnee-20210116-3.jpg?resize=750%2C500&#038;ssl=1\" alt=\"Alle hier freuen sich \u00fcber den Schnee\" width=\"750\" height=\"500\" srcset=\"https:\/\/i0.wp.com\/idnu.ch\/wordpress\/wp-content\/uploads\/2021\/01\/sonnenberg_im_schnee-20210116-3.jpg?w=1240&amp;ssl=1 1240w, https:\/\/i0.wp.com\/idnu.ch\/wordpress\/wp-content\/uploads\/2021\/01\/sonnenberg_im_schnee-20210116-3.jpg?resize=300%2C200&amp;ssl=1 300w, https:\/\/i0.wp.com\/idnu.ch\/wordpress\/wp-content\/uploads\/2021\/01\/sonnenberg_im_schnee-20210116-3.jpg?resize=1024%2C683&amp;ssl=1 1024w, https:\/\/i0.wp.com\/idnu.ch\/wordpress\/wp-content\/uploads\/2021\/01\/sonnenberg_im_schnee-20210116-3.jpg?resize=768%2C512&amp;ssl=1 768w, https:\/\/i0.wp.com\/idnu.ch\/wordpress\/wp-content\/uploads\/2021\/01\/sonnenberg_im_schnee-20210116-3.jpg?resize=150%2C100&amp;ssl=1 150w\" sizes=\"auto, (max-width: 750px) 100vw, 750px\" \/><\/a><\/p>\n<h2>Auf einsamen Pfaden<\/h2>\n<p>Leider war Tauwetter, es tropfte von den B\u00e4umen. Aber es lag so viel Schnee, dass das noch nicht ins Gewicht fiel. Ich hatte mir schon eine Route ausgesucht, w\u00e4hlte einen Weg, den ich noch nie gegangen war. So war ich sicher, dass wir alleine waren. Tats\u00e4chlich hatte es immer weniger Spuren, je tiefer wir in den Wald wanderten. Irgendwann h\u00f6rten sie ganz auf, das war der Moment, um die Schneeschuhe anzuziehen. Es war ganz still, wir waren mausbeinallein. Kleine B\u00e4ume ragten in den Weg hinein, niedergedr\u00fcckt durch den nassen Schnee und nun festgefroren. Wir befreiten sie, sie schnellten hoch. In der N\u00e4he rief ein Schwarzspecht, ein M\u00e4usebussard hockte hoch oben auf einem Baum.<\/p>\n<div class=\"tiled-gallery type-rectangular tiled-gallery-unresized\" data-original-width=\"750\" data-carousel-extra='{&quot;blog_id&quot;:1,&quot;permalink&quot;:&quot;https:\\\/\\\/idnu.ch\\\/wordpress\\\/schneeschuhtour-vor-der-haustuere\\\/&quot;,&quot;likes_blog_id&quot;:100184974}' itemscope itemtype=\"http:\/\/schema.org\/ImageGallery\" > <div class=\"gallery-row\" style=\"width: 750px; height: 530px;\" data-original-width=\"750\" data-original-height=\"530\" > <div class=\"gallery-group images-2\" style=\"width: 395px; height: 530px;\" data-original-width=\"395\" data-original-height=\"530\" > <div class=\"tiled-gallery-item tiled-gallery-item-large\" itemprop=\"associatedMedia\" itemscope itemtype=\"http:\/\/schema.org\/ImageObject\"> <a href=\"https:\/\/idnu.ch\/wordpress\/schneeschuhtour-vor-der-haustuere\/schneeschuhtour_luesch-20210117-2\/#main\" border=\"0\" itemprop=\"url\"> <meta itemprop=\"width\" content=\"391\"> <meta itemprop=\"height\" content=\"261\"> <img decoding=\"async\" class=\"\" data-attachment-id=\"17517\" data-orig-file=\"https:\/\/idnu.ch\/wordpress\/wp-content\/uploads\/2021\/01\/schneeschuhtour_luesch-20210117-2.jpg\" data-orig-size=\"1240,827\" data-comments-opened=\"1\" data-image-meta=\"{&quot;aperture&quot;:&quot;4&quot;,&quot;credit&quot;:&quot;Urs Kyburz&quot;,&quot;camera&quot;:&quot;Canon EOS 5D Mark IV&quot;,&quot;caption&quot;:&quot;&quot;,&quot;created_timestamp&quot;:&quot;1610892555&quot;,&quot;copyright&quot;:&quot;Copyright Urs Kyburz (2019)&quot;,&quot;focal_length&quot;:&quot;105&quot;,&quot;iso&quot;:&quot;100&quot;,&quot;shutter_speed&quot;:&quot;0.004&quot;,&quot;title&quot;:&quot;&quot;,&quot;orientation&quot;:&quot;0&quot;}\" data-image-title=\"\" data-image-description=\"\" data-medium-file=\"https:\/\/i0.wp.com\/idnu.ch\/wordpress\/wp-content\/uploads\/2021\/01\/schneeschuhtour_luesch-20210117-2.jpg?fit=300%2C200&#038;ssl=1\" data-large-file=\"https:\/\/i0.wp.com\/idnu.ch\/wordpress\/wp-content\/uploads\/2021\/01\/schneeschuhtour_luesch-20210117-2.jpg?fit=750%2C500&#038;ssl=1\" src=\"https:\/\/i0.wp.com\/idnu.ch\/wordpress\/wp-content\/uploads\/2021\/01\/schneeschuhtour_luesch-20210117-2.jpg?w=391&#038;h=261&#038;ssl=1\" srcset=\"https:\/\/i0.wp.com\/idnu.ch\/wordpress\/wp-content\/uploads\/2021\/01\/schneeschuhtour_luesch-20210117-2.jpg?w=1240&amp;ssl=1 1240w, https:\/\/i0.wp.com\/idnu.ch\/wordpress\/wp-content\/uploads\/2021\/01\/schneeschuhtour_luesch-20210117-2.jpg?resize=300%2C200&amp;ssl=1 300w, https:\/\/i0.wp.com\/idnu.ch\/wordpress\/wp-content\/uploads\/2021\/01\/schneeschuhtour_luesch-20210117-2.jpg?resize=1024%2C683&amp;ssl=1 1024w, https:\/\/i0.wp.com\/idnu.ch\/wordpress\/wp-content\/uploads\/2021\/01\/schneeschuhtour_luesch-20210117-2.jpg?resize=768%2C512&amp;ssl=1 768w, https:\/\/i0.wp.com\/idnu.ch\/wordpress\/wp-content\/uploads\/2021\/01\/schneeschuhtour_luesch-20210117-2.jpg?resize=150%2C100&amp;ssl=1 150w\" width=\"391\" height=\"261\" loading=\"lazy\" data-original-width=\"391\" data-original-height=\"261\" itemprop=\"http:\/\/schema.org\/image\" title=\"\" alt=\"\" style=\"width: 391px; height: 261px;\" \/> <\/a> <\/div> <div class=\"tiled-gallery-item tiled-gallery-item-large\" itemprop=\"associatedMedia\" itemscope itemtype=\"http:\/\/schema.org\/ImageObject\"> <a href=\"https:\/\/idnu.ch\/wordpress\/schneeschuhtour-vor-der-haustuere\/schneeschuhtour_luesch-20210117-9\/#main\" border=\"0\" itemprop=\"url\"> <meta itemprop=\"width\" content=\"391\"> <meta itemprop=\"height\" content=\"261\"> <img decoding=\"async\" class=\"\" data-attachment-id=\"17518\" data-orig-file=\"https:\/\/idnu.ch\/wordpress\/wp-content\/uploads\/2021\/01\/schneeschuhtour_luesch-20210117-9.jpg\" data-orig-size=\"1240,827\" data-comments-opened=\"1\" data-image-meta=\"{&quot;aperture&quot;:&quot;4&quot;,&quot;credit&quot;:&quot;Urs Kyburz&quot;,&quot;camera&quot;:&quot;Canon EOS 5D Mark IV&quot;,&quot;caption&quot;:&quot;&quot;,&quot;created_timestamp&quot;:&quot;1610893143&quot;,&quot;copyright&quot;:&quot;Copyright Urs Kyburz (2019)&quot;,&quot;focal_length&quot;:&quot;92&quot;,&quot;iso&quot;:&quot;100&quot;,&quot;shutter_speed&quot;:&quot;0.005&quot;,&quot;title&quot;:&quot;&quot;,&quot;orientation&quot;:&quot;0&quot;}\" data-image-title=\"\" data-image-description=\"\" data-medium-file=\"https:\/\/i0.wp.com\/idnu.ch\/wordpress\/wp-content\/uploads\/2021\/01\/schneeschuhtour_luesch-20210117-9.jpg?fit=300%2C200&#038;ssl=1\" data-large-file=\"https:\/\/i0.wp.com\/idnu.ch\/wordpress\/wp-content\/uploads\/2021\/01\/schneeschuhtour_luesch-20210117-9.jpg?fit=750%2C500&#038;ssl=1\" src=\"https:\/\/i0.wp.com\/idnu.ch\/wordpress\/wp-content\/uploads\/2021\/01\/schneeschuhtour_luesch-20210117-9.jpg?w=391&#038;h=261&#038;ssl=1\" srcset=\"https:\/\/i0.wp.com\/idnu.ch\/wordpress\/wp-content\/uploads\/2021\/01\/schneeschuhtour_luesch-20210117-9.jpg?w=1240&amp;ssl=1 1240w, https:\/\/i0.wp.com\/idnu.ch\/wordpress\/wp-content\/uploads\/2021\/01\/schneeschuhtour_luesch-20210117-9.jpg?resize=300%2C200&amp;ssl=1 300w, https:\/\/i0.wp.com\/idnu.ch\/wordpress\/wp-content\/uploads\/2021\/01\/schneeschuhtour_luesch-20210117-9.jpg?resize=1024%2C683&amp;ssl=1 1024w, https:\/\/i0.wp.com\/idnu.ch\/wordpress\/wp-content\/uploads\/2021\/01\/schneeschuhtour_luesch-20210117-9.jpg?resize=768%2C512&amp;ssl=1 768w, https:\/\/i0.wp.com\/idnu.ch\/wordpress\/wp-content\/uploads\/2021\/01\/schneeschuhtour_luesch-20210117-9.jpg?resize=150%2C100&amp;ssl=1 150w\" width=\"391\" height=\"261\" loading=\"lazy\" data-original-width=\"391\" data-original-height=\"261\" itemprop=\"http:\/\/schema.org\/image\" title=\"\" alt=\"\" style=\"width: 391px; height: 261px;\" \/> <\/a> <\/div> <\/div> <!-- close group --> <div class=\"gallery-group images-1\" style=\"width: 355px; height: 530px;\" data-original-width=\"355\" data-original-height=\"530\" > <div class=\"tiled-gallery-item tiled-gallery-item-large\" itemprop=\"associatedMedia\" itemscope itemtype=\"http:\/\/schema.org\/ImageObject\"> <a href=\"https:\/\/idnu.ch\/wordpress\/schneeschuhtour-vor-der-haustuere\/schneeschuhtour_luesch-20210117-20\/#main\" border=\"0\" itemprop=\"url\"> <meta itemprop=\"width\" content=\"351\"> <meta itemprop=\"height\" content=\"526\"> <img decoding=\"async\" class=\"\" data-attachment-id=\"17519\" data-orig-file=\"https:\/\/idnu.ch\/wordpress\/wp-content\/uploads\/2021\/01\/schneeschuhtour_luesch-20210117-20.jpg\" data-orig-size=\"827,1240\" data-comments-opened=\"1\" data-image-meta=\"{&quot;aperture&quot;:&quot;9&quot;,&quot;credit&quot;:&quot;Urs Kyburz&quot;,&quot;camera&quot;:&quot;Canon EOS 5D Mark IV&quot;,&quot;caption&quot;:&quot;&quot;,&quot;created_timestamp&quot;:&quot;1610893362&quot;,&quot;copyright&quot;:&quot;Copyright Urs Kyburz (2019)&quot;,&quot;focal_length&quot;:&quot;24&quot;,&quot;iso&quot;:&quot;100&quot;,&quot;shutter_speed&quot;:&quot;0.033333333333333&quot;,&quot;title&quot;:&quot;&quot;,&quot;orientation&quot;:&quot;0&quot;}\" data-image-title=\"\" data-image-description=\"\" data-medium-file=\"https:\/\/i0.wp.com\/idnu.ch\/wordpress\/wp-content\/uploads\/2021\/01\/schneeschuhtour_luesch-20210117-20.jpg?fit=200%2C300&#038;ssl=1\" data-large-file=\"https:\/\/i0.wp.com\/idnu.ch\/wordpress\/wp-content\/uploads\/2021\/01\/schneeschuhtour_luesch-20210117-20.jpg?fit=683%2C1024&#038;ssl=1\" src=\"https:\/\/i0.wp.com\/idnu.ch\/wordpress\/wp-content\/uploads\/2021\/01\/schneeschuhtour_luesch-20210117-20.jpg?w=351&#038;h=526&#038;ssl=1\" srcset=\"https:\/\/i0.wp.com\/idnu.ch\/wordpress\/wp-content\/uploads\/2021\/01\/schneeschuhtour_luesch-20210117-20.jpg?w=827&amp;ssl=1 827w, https:\/\/i0.wp.com\/idnu.ch\/wordpress\/wp-content\/uploads\/2021\/01\/schneeschuhtour_luesch-20210117-20.jpg?resize=200%2C300&amp;ssl=1 200w, https:\/\/i0.wp.com\/idnu.ch\/wordpress\/wp-content\/uploads\/2021\/01\/schneeschuhtour_luesch-20210117-20.jpg?resize=683%2C1024&amp;ssl=1 683w, https:\/\/i0.wp.com\/idnu.ch\/wordpress\/wp-content\/uploads\/2021\/01\/schneeschuhtour_luesch-20210117-20.jpg?resize=768%2C1152&amp;ssl=1 768w, https:\/\/i0.wp.com\/idnu.ch\/wordpress\/wp-content\/uploads\/2021\/01\/schneeschuhtour_luesch-20210117-20.jpg?resize=67%2C100&amp;ssl=1 67w\" width=\"351\" height=\"526\" loading=\"lazy\" data-original-width=\"351\" data-original-height=\"526\" itemprop=\"http:\/\/schema.org\/image\" title=\"\" alt=\"\" style=\"width: 351px; height: 526px;\" \/> <\/a> <\/div> <\/div> <!-- close group --> <\/div> <!-- close row --> <div class=\"gallery-row\" style=\"width: 750px; height: 347px;\" data-original-width=\"750\" data-original-height=\"347\" > <div class=\"gallery-group images-1\" style=\"width: 518px; height: 347px;\" data-original-width=\"518\" data-original-height=\"347\" > <div class=\"tiled-gallery-item tiled-gallery-item-large\" itemprop=\"associatedMedia\" itemscope itemtype=\"http:\/\/schema.org\/ImageObject\"> <a href=\"https:\/\/idnu.ch\/wordpress\/schneeschuhtour-vor-der-haustuere\/schneeschuhtour_luesch-20210117-24\/#main\" border=\"0\" itemprop=\"url\"> <meta itemprop=\"width\" content=\"514\"> <meta itemprop=\"height\" content=\"343\"> <img decoding=\"async\" class=\"\" data-attachment-id=\"17520\" data-orig-file=\"https:\/\/idnu.ch\/wordpress\/wp-content\/uploads\/2021\/01\/schneeschuhtour_luesch-20210117-24.jpg\" data-orig-size=\"1240,827\" data-comments-opened=\"1\" data-image-meta=\"{&quot;aperture&quot;:&quot;4&quot;,&quot;credit&quot;:&quot;Urs Kyburz&quot;,&quot;camera&quot;:&quot;Canon EOS 5D Mark IV&quot;,&quot;caption&quot;:&quot;&quot;,&quot;created_timestamp&quot;:&quot;1610893779&quot;,&quot;copyright&quot;:&quot;Copyright Urs Kyburz (2019)&quot;,&quot;focal_length&quot;:&quot;105&quot;,&quot;iso&quot;:&quot;100&quot;,&quot;shutter_speed&quot;:&quot;0.008&quot;,&quot;title&quot;:&quot;&quot;,&quot;orientation&quot;:&quot;0&quot;}\" data-image-title=\"\" data-image-description=\"\" data-medium-file=\"https:\/\/i0.wp.com\/idnu.ch\/wordpress\/wp-content\/uploads\/2021\/01\/schneeschuhtour_luesch-20210117-24.jpg?fit=300%2C200&#038;ssl=1\" data-large-file=\"https:\/\/i0.wp.com\/idnu.ch\/wordpress\/wp-content\/uploads\/2021\/01\/schneeschuhtour_luesch-20210117-24.jpg?fit=750%2C500&#038;ssl=1\" src=\"https:\/\/i0.wp.com\/idnu.ch\/wordpress\/wp-content\/uploads\/2021\/01\/schneeschuhtour_luesch-20210117-24.jpg?w=514&#038;h=343&#038;ssl=1\" srcset=\"https:\/\/i0.wp.com\/idnu.ch\/wordpress\/wp-content\/uploads\/2021\/01\/schneeschuhtour_luesch-20210117-24.jpg?w=1240&amp;ssl=1 1240w, https:\/\/i0.wp.com\/idnu.ch\/wordpress\/wp-content\/uploads\/2021\/01\/schneeschuhtour_luesch-20210117-24.jpg?resize=300%2C200&amp;ssl=1 300w, https:\/\/i0.wp.com\/idnu.ch\/wordpress\/wp-content\/uploads\/2021\/01\/schneeschuhtour_luesch-20210117-24.jpg?resize=1024%2C683&amp;ssl=1 1024w, https:\/\/i0.wp.com\/idnu.ch\/wordpress\/wp-content\/uploads\/2021\/01\/schneeschuhtour_luesch-20210117-24.jpg?resize=768%2C512&amp;ssl=1 768w, https:\/\/i0.wp.com\/idnu.ch\/wordpress\/wp-content\/uploads\/2021\/01\/schneeschuhtour_luesch-20210117-24.jpg?resize=150%2C100&amp;ssl=1 150w\" width=\"514\" height=\"343\" loading=\"lazy\" data-original-width=\"514\" data-original-height=\"343\" itemprop=\"http:\/\/schema.org\/image\" title=\"\" alt=\"\" style=\"width: 514px; height: 343px;\" \/> <\/a> <\/div> <\/div> <!-- close group --> <div class=\"gallery-group images-1\" style=\"width: 232px; height: 347px;\" data-original-width=\"232\" data-original-height=\"347\" > <div class=\"tiled-gallery-item tiled-gallery-item-small\" itemprop=\"associatedMedia\" itemscope itemtype=\"http:\/\/schema.org\/ImageObject\"> <a href=\"https:\/\/idnu.ch\/wordpress\/schneeschuhtour-vor-der-haustuere\/schneeschuhtour_luesch-20210117-34\/#main\" border=\"0\" itemprop=\"url\"> <meta itemprop=\"width\" content=\"228\"> <meta itemprop=\"height\" content=\"343\"> <img decoding=\"async\" class=\"\" data-attachment-id=\"17521\" data-orig-file=\"https:\/\/idnu.ch\/wordpress\/wp-content\/uploads\/2021\/01\/schneeschuhtour_luesch-20210117-34.jpg\" data-orig-size=\"827,1240\" data-comments-opened=\"1\" data-image-meta=\"{&quot;aperture&quot;:&quot;4&quot;,&quot;credit&quot;:&quot;Urs Kyburz&quot;,&quot;camera&quot;:&quot;Canon EOS 5D Mark IV&quot;,&quot;caption&quot;:&quot;&quot;,&quot;created_timestamp&quot;:&quot;1610893976&quot;,&quot;copyright&quot;:&quot;Copyright Urs Kyburz (2019)&quot;,&quot;focal_length&quot;:&quot;40&quot;,&quot;iso&quot;:&quot;100&quot;,&quot;shutter_speed&quot;:&quot;0.008&quot;,&quot;title&quot;:&quot;&quot;,&quot;orientation&quot;:&quot;0&quot;}\" data-image-title=\"\" data-image-description=\"\" data-medium-file=\"https:\/\/i0.wp.com\/idnu.ch\/wordpress\/wp-content\/uploads\/2021\/01\/schneeschuhtour_luesch-20210117-34.jpg?fit=200%2C300&#038;ssl=1\" data-large-file=\"https:\/\/i0.wp.com\/idnu.ch\/wordpress\/wp-content\/uploads\/2021\/01\/schneeschuhtour_luesch-20210117-34.jpg?fit=683%2C1024&#038;ssl=1\" src=\"https:\/\/i0.wp.com\/idnu.ch\/wordpress\/wp-content\/uploads\/2021\/01\/schneeschuhtour_luesch-20210117-34.jpg?w=228&#038;h=343&#038;ssl=1\" srcset=\"https:\/\/i0.wp.com\/idnu.ch\/wordpress\/wp-content\/uploads\/2021\/01\/schneeschuhtour_luesch-20210117-34.jpg?w=827&amp;ssl=1 827w, https:\/\/i0.wp.com\/idnu.ch\/wordpress\/wp-content\/uploads\/2021\/01\/schneeschuhtour_luesch-20210117-34.jpg?resize=200%2C300&amp;ssl=1 200w, https:\/\/i0.wp.com\/idnu.ch\/wordpress\/wp-content\/uploads\/2021\/01\/schneeschuhtour_luesch-20210117-34.jpg?resize=683%2C1024&amp;ssl=1 683w, https:\/\/i0.wp.com\/idnu.ch\/wordpress\/wp-content\/uploads\/2021\/01\/schneeschuhtour_luesch-20210117-34.jpg?resize=768%2C1152&amp;ssl=1 768w, https:\/\/i0.wp.com\/idnu.ch\/wordpress\/wp-content\/uploads\/2021\/01\/schneeschuhtour_luesch-20210117-34.jpg?resize=67%2C100&amp;ssl=1 67w\" width=\"228\" height=\"343\" loading=\"lazy\" data-original-width=\"228\" data-original-height=\"343\" itemprop=\"http:\/\/schema.org\/image\" title=\"\" alt=\"\" style=\"width: 228px; height: 343px;\" \/> <\/a> <\/div> <\/div> <!-- close group --> <\/div> <!-- close row --> <\/div>\n<h2>Querfeldein<\/h2>\n<p>Am Waldrand w\u00e4hlten wir den Weg zur\u00fcck, quer \u00fcber die Felder. Diese sind ja durch den Schnee gesch\u00fctzt, so dass wir keinen Schaden anrichteten. Vorbei an der ausgedienten Fernsehantenne blickten wir aufs Oberwynental. Die B\u00e4ume auf dem Stierenberg vis-\u00e0-vis waren immer noch schneebedeckt. Der Schnee war durchfeuchtet, aber mit den Schneeschuhen konnten wir gut gehen. Wieder im Wald, tropfte es immer noch von den B\u00e4umen. Aber sch\u00f6n ist es. Nochmals \u00fcbers Feld, dann sind wir wieder zu Hause, wo wir die Schneeschuhe ausziehen. Vor der Haust\u00fcre. Ein wunderbares Erlebnis, komplett CO2-neutral. Ohne Einschr\u00e4nkung, die Freiheit genossen, niemandem geschadet.<\/p>\n<div class=\"tiled-gallery type-rectangular tiled-gallery-unresized\" data-original-width=\"750\" data-carousel-extra='{&quot;blog_id&quot;:1,&quot;permalink&quot;:&quot;https:\\\/\\\/idnu.ch\\\/wordpress\\\/schneeschuhtour-vor-der-haustuere\\\/&quot;,&quot;likes_blog_id&quot;:100184974}' itemscope itemtype=\"http:\/\/schema.org\/ImageGallery\" > <div class=\"gallery-row\" style=\"width: 750px; height: 335px;\" data-original-width=\"750\" data-original-height=\"335\" > <div class=\"gallery-group images-1\" style=\"width: 501px; height: 335px;\" data-original-width=\"501\" data-original-height=\"335\" > <div class=\"tiled-gallery-item tiled-gallery-item-large\" itemprop=\"associatedMedia\" itemscope itemtype=\"http:\/\/schema.org\/ImageObject\"> <a href=\"https:\/\/idnu.ch\/wordpress\/schneeschuhtour-vor-der-haustuere\/schneeschuhtour_luesch-20210117-38\/#main\" border=\"0\" itemprop=\"url\"> <meta itemprop=\"width\" content=\"497\"> <meta itemprop=\"height\" content=\"331\"> <img decoding=\"async\" class=\"\" data-attachment-id=\"17523\" data-orig-file=\"https:\/\/idnu.ch\/wordpress\/wp-content\/uploads\/2021\/01\/schneeschuhtour_luesch-20210117-38.jpg\" data-orig-size=\"1240,827\" data-comments-opened=\"1\" data-image-meta=\"{&quot;aperture&quot;:&quot;9&quot;,&quot;credit&quot;:&quot;Urs Kyburz&quot;,&quot;camera&quot;:&quot;Canon EOS 5D Mark IV&quot;,&quot;caption&quot;:&quot;&quot;,&quot;created_timestamp&quot;:&quot;1610895072&quot;,&quot;copyright&quot;:&quot;Copyright Urs Kyburz (2019)&quot;,&quot;focal_length&quot;:&quot;24&quot;,&quot;iso&quot;:&quot;100&quot;,&quot;shutter_speed&quot;:&quot;0.008&quot;,&quot;title&quot;:&quot;&quot;,&quot;orientation&quot;:&quot;0&quot;}\" data-image-title=\"\" data-image-description=\"\" data-medium-file=\"https:\/\/i0.wp.com\/idnu.ch\/wordpress\/wp-content\/uploads\/2021\/01\/schneeschuhtour_luesch-20210117-38.jpg?fit=300%2C200&#038;ssl=1\" data-large-file=\"https:\/\/i0.wp.com\/idnu.ch\/wordpress\/wp-content\/uploads\/2021\/01\/schneeschuhtour_luesch-20210117-38.jpg?fit=750%2C500&#038;ssl=1\" src=\"https:\/\/i0.wp.com\/idnu.ch\/wordpress\/wp-content\/uploads\/2021\/01\/schneeschuhtour_luesch-20210117-38.jpg?w=497&#038;h=331&#038;ssl=1\" srcset=\"https:\/\/i0.wp.com\/idnu.ch\/wordpress\/wp-content\/uploads\/2021\/01\/schneeschuhtour_luesch-20210117-38.jpg?w=1240&amp;ssl=1 1240w, https:\/\/i0.wp.com\/idnu.ch\/wordpress\/wp-content\/uploads\/2021\/01\/schneeschuhtour_luesch-20210117-38.jpg?resize=300%2C200&amp;ssl=1 300w, https:\/\/i0.wp.com\/idnu.ch\/wordpress\/wp-content\/uploads\/2021\/01\/schneeschuhtour_luesch-20210117-38.jpg?resize=1024%2C683&amp;ssl=1 1024w, https:\/\/i0.wp.com\/idnu.ch\/wordpress\/wp-content\/uploads\/2021\/01\/schneeschuhtour_luesch-20210117-38.jpg?resize=768%2C512&amp;ssl=1 768w, https:\/\/i0.wp.com\/idnu.ch\/wordpress\/wp-content\/uploads\/2021\/01\/schneeschuhtour_luesch-20210117-38.jpg?resize=150%2C100&amp;ssl=1 150w\" width=\"497\" height=\"331\" loading=\"lazy\" data-original-width=\"497\" data-original-height=\"331\" itemprop=\"http:\/\/schema.org\/image\" title=\"\" alt=\"\" style=\"width: 497px; height: 331px;\" \/> <\/a> <\/div> <\/div> <!-- close group --> <div class=\"gallery-group images-2\" style=\"width: 249px; height: 335px;\" data-original-width=\"249\" data-original-height=\"335\" > <div class=\"tiled-gallery-item tiled-gallery-item-small\" itemprop=\"associatedMedia\" itemscope itemtype=\"http:\/\/schema.org\/ImageObject\"> <a href=\"https:\/\/idnu.ch\/wordpress\/schneeschuhtour-vor-der-haustuere\/schneeschuhtour_luesch-20210117-42\/#main\" border=\"0\" itemprop=\"url\"> <meta itemprop=\"width\" content=\"245\"> <meta itemprop=\"height\" content=\"164\"> <img decoding=\"async\" class=\"\" data-attachment-id=\"17524\" data-orig-file=\"https:\/\/idnu.ch\/wordpress\/wp-content\/uploads\/2021\/01\/schneeschuhtour_luesch-20210117-42.jpg\" data-orig-size=\"1240,827\" data-comments-opened=\"1\" data-image-meta=\"{&quot;aperture&quot;:&quot;8&quot;,&quot;credit&quot;:&quot;Urs Kyburz&quot;,&quot;camera&quot;:&quot;Canon EOS 5D Mark IV&quot;,&quot;caption&quot;:&quot;&quot;,&quot;created_timestamp&quot;:&quot;1610895104&quot;,&quot;copyright&quot;:&quot;Copyright Urs Kyburz (2019)&quot;,&quot;focal_length&quot;:&quot;35&quot;,&quot;iso&quot;:&quot;100&quot;,&quot;shutter_speed&quot;:&quot;0.00625&quot;,&quot;title&quot;:&quot;&quot;,&quot;orientation&quot;:&quot;0&quot;}\" data-image-title=\"\" data-image-description=\"\" data-medium-file=\"https:\/\/i0.wp.com\/idnu.ch\/wordpress\/wp-content\/uploads\/2021\/01\/schneeschuhtour_luesch-20210117-42.jpg?fit=300%2C200&#038;ssl=1\" data-large-file=\"https:\/\/i0.wp.com\/idnu.ch\/wordpress\/wp-content\/uploads\/2021\/01\/schneeschuhtour_luesch-20210117-42.jpg?fit=750%2C500&#038;ssl=1\" src=\"https:\/\/i0.wp.com\/idnu.ch\/wordpress\/wp-content\/uploads\/2021\/01\/schneeschuhtour_luesch-20210117-42.jpg?w=245&#038;h=164&#038;ssl=1\" srcset=\"https:\/\/i0.wp.com\/idnu.ch\/wordpress\/wp-content\/uploads\/2021\/01\/schneeschuhtour_luesch-20210117-42.jpg?w=1240&amp;ssl=1 1240w, https:\/\/i0.wp.com\/idnu.ch\/wordpress\/wp-content\/uploads\/2021\/01\/schneeschuhtour_luesch-20210117-42.jpg?resize=300%2C200&amp;ssl=1 300w, https:\/\/i0.wp.com\/idnu.ch\/wordpress\/wp-content\/uploads\/2021\/01\/schneeschuhtour_luesch-20210117-42.jpg?resize=1024%2C683&amp;ssl=1 1024w, https:\/\/i0.wp.com\/idnu.ch\/wordpress\/wp-content\/uploads\/2021\/01\/schneeschuhtour_luesch-20210117-42.jpg?resize=768%2C512&amp;ssl=1 768w, https:\/\/i0.wp.com\/idnu.ch\/wordpress\/wp-content\/uploads\/2021\/01\/schneeschuhtour_luesch-20210117-42.jpg?resize=150%2C100&amp;ssl=1 150w\" width=\"245\" height=\"164\" loading=\"lazy\" data-original-width=\"245\" data-original-height=\"164\" itemprop=\"http:\/\/schema.org\/image\" title=\"\" alt=\"\" style=\"width: 245px; height: 164px;\" \/> <\/a> <\/div> <div class=\"tiled-gallery-item tiled-gallery-item-small\" itemprop=\"associatedMedia\" itemscope itemtype=\"http:\/\/schema.org\/ImageObject\"> <a href=\"https:\/\/idnu.ch\/wordpress\/schneeschuhtour-vor-der-haustuere\/schneeschuhtour_luesch-20210117-49\/#main\" border=\"0\" itemprop=\"url\"> <meta itemprop=\"width\" content=\"245\"> <meta itemprop=\"height\" content=\"163\"> <img decoding=\"async\" class=\"\" data-attachment-id=\"17525\" data-orig-file=\"https:\/\/idnu.ch\/wordpress\/wp-content\/uploads\/2021\/01\/schneeschuhtour_luesch-20210117-49.jpg\" data-orig-size=\"1240,827\" data-comments-opened=\"1\" data-image-meta=\"{&quot;aperture&quot;:&quot;4&quot;,&quot;credit&quot;:&quot;Urs Kyburz&quot;,&quot;camera&quot;:&quot;Canon EOS 5D Mark IV&quot;,&quot;caption&quot;:&quot;&quot;,&quot;created_timestamp&quot;:&quot;1610895645&quot;,&quot;copyright&quot;:&quot;Copyright Urs Kyburz (2019)&quot;,&quot;focal_length&quot;:&quot;47&quot;,&quot;iso&quot;:&quot;100&quot;,&quot;shutter_speed&quot;:&quot;0.00125&quot;,&quot;title&quot;:&quot;&quot;,&quot;orientation&quot;:&quot;0&quot;}\" data-image-title=\"\" data-image-description=\"\" data-medium-file=\"https:\/\/i0.wp.com\/idnu.ch\/wordpress\/wp-content\/uploads\/2021\/01\/schneeschuhtour_luesch-20210117-49.jpg?fit=300%2C200&#038;ssl=1\" data-large-file=\"https:\/\/i0.wp.com\/idnu.ch\/wordpress\/wp-content\/uploads\/2021\/01\/schneeschuhtour_luesch-20210117-49.jpg?fit=750%2C500&#038;ssl=1\" src=\"https:\/\/i0.wp.com\/idnu.ch\/wordpress\/wp-content\/uploads\/2021\/01\/schneeschuhtour_luesch-20210117-49.jpg?w=245&#038;h=163&#038;ssl=1\" srcset=\"https:\/\/i0.wp.com\/idnu.ch\/wordpress\/wp-content\/uploads\/2021\/01\/schneeschuhtour_luesch-20210117-49.jpg?w=1240&amp;ssl=1 1240w, https:\/\/i0.wp.com\/idnu.ch\/wordpress\/wp-content\/uploads\/2021\/01\/schneeschuhtour_luesch-20210117-49.jpg?resize=300%2C200&amp;ssl=1 300w, https:\/\/i0.wp.com\/idnu.ch\/wordpress\/wp-content\/uploads\/2021\/01\/schneeschuhtour_luesch-20210117-49.jpg?resize=1024%2C683&amp;ssl=1 1024w, https:\/\/i0.wp.com\/idnu.ch\/wordpress\/wp-content\/uploads\/2021\/01\/schneeschuhtour_luesch-20210117-49.jpg?resize=768%2C512&amp;ssl=1 768w, https:\/\/i0.wp.com\/idnu.ch\/wordpress\/wp-content\/uploads\/2021\/01\/schneeschuhtour_luesch-20210117-49.jpg?resize=150%2C100&amp;ssl=1 150w\" width=\"245\" height=\"163\" loading=\"lazy\" data-original-width=\"245\" data-original-height=\"163\" itemprop=\"http:\/\/schema.org\/image\" title=\"\" alt=\"\" style=\"width: 245px; height: 163px;\" \/> <\/a> <\/div> <\/div> <!-- close group --> <\/div> <!-- close row --> <div class=\"gallery-row\" style=\"width: 750px; height: 308px;\" data-original-width=\"750\" data-original-height=\"308\" > <div class=\"gallery-group images-1\" style=\"width: 543px; height: 308px;\" data-original-width=\"543\" data-original-height=\"308\" > <div class=\"tiled-gallery-item tiled-gallery-item-large\" itemprop=\"associatedMedia\" itemscope itemtype=\"http:\/\/schema.org\/ImageObject\"> <a href=\"https:\/\/idnu.ch\/wordpress\/schneeschuhtour-vor-der-haustuere\/schneeschuhtour_luesch-20210117-56\/#main\" border=\"0\" itemprop=\"url\"> <meta itemprop=\"width\" content=\"539\"> <meta itemprop=\"height\" content=\"304\"> <img decoding=\"async\" class=\"\" data-attachment-id=\"17526\" data-orig-file=\"https:\/\/idnu.ch\/wordpress\/wp-content\/uploads\/2021\/01\/schneeschuhtour_luesch-20210117-56.jpg\" data-orig-size=\"1240,698\" data-comments-opened=\"1\" data-image-meta=\"{&quot;aperture&quot;:&quot;10&quot;,&quot;credit&quot;:&quot;Urs Kyburz&quot;,&quot;camera&quot;:&quot;Canon EOS 5D Mark IV&quot;,&quot;caption&quot;:&quot;&quot;,&quot;created_timestamp&quot;:&quot;1610895670&quot;,&quot;copyright&quot;:&quot;Copyright Urs Kyburz (2019)&quot;,&quot;focal_length&quot;:&quot;50&quot;,&quot;iso&quot;:&quot;100&quot;,&quot;shutter_speed&quot;:&quot;0.008&quot;,&quot;title&quot;:&quot;&quot;,&quot;orientation&quot;:&quot;0&quot;}\" data-image-title=\"\" data-image-description=\"\" data-medium-file=\"https:\/\/i0.wp.com\/idnu.ch\/wordpress\/wp-content\/uploads\/2021\/01\/schneeschuhtour_luesch-20210117-56.jpg?fit=300%2C169&#038;ssl=1\" data-large-file=\"https:\/\/i0.wp.com\/idnu.ch\/wordpress\/wp-content\/uploads\/2021\/01\/schneeschuhtour_luesch-20210117-56.jpg?fit=750%2C422&#038;ssl=1\" src=\"https:\/\/i0.wp.com\/idnu.ch\/wordpress\/wp-content\/uploads\/2021\/01\/schneeschuhtour_luesch-20210117-56.jpg?w=539&#038;h=304&#038;ssl=1\" srcset=\"https:\/\/i0.wp.com\/idnu.ch\/wordpress\/wp-content\/uploads\/2021\/01\/schneeschuhtour_luesch-20210117-56.jpg?w=1240&amp;ssl=1 1240w, https:\/\/i0.wp.com\/idnu.ch\/wordpress\/wp-content\/uploads\/2021\/01\/schneeschuhtour_luesch-20210117-56.jpg?resize=300%2C169&amp;ssl=1 300w, https:\/\/i0.wp.com\/idnu.ch\/wordpress\/wp-content\/uploads\/2021\/01\/schneeschuhtour_luesch-20210117-56.jpg?resize=1024%2C576&amp;ssl=1 1024w, https:\/\/i0.wp.com\/idnu.ch\/wordpress\/wp-content\/uploads\/2021\/01\/schneeschuhtour_luesch-20210117-56.jpg?resize=768%2C432&amp;ssl=1 768w, https:\/\/i0.wp.com\/idnu.ch\/wordpress\/wp-content\/uploads\/2021\/01\/schneeschuhtour_luesch-20210117-56.jpg?resize=178%2C100&amp;ssl=1 178w\" width=\"539\" height=\"304\" loading=\"lazy\" data-original-width=\"539\" data-original-height=\"304\" itemprop=\"http:\/\/schema.org\/image\" title=\"\" alt=\"\" style=\"width: 539px; height: 304px;\" \/> <\/a> <\/div> <\/div> <!-- close group --> <div class=\"gallery-group images-1\" style=\"width: 207px; height: 308px;\" data-original-width=\"207\" data-original-height=\"308\" > <div class=\"tiled-gallery-item tiled-gallery-item-small\" itemprop=\"associatedMedia\" itemscope itemtype=\"http:\/\/schema.org\/ImageObject\"> <a href=\"https:\/\/idnu.ch\/wordpress\/schneeschuhtour-vor-der-haustuere\/schneeschuhtour_luesch-20210117-67\/#main\" border=\"0\" itemprop=\"url\"> <meta itemprop=\"width\" content=\"203\"> <meta itemprop=\"height\" content=\"304\"> <img decoding=\"async\" class=\"\" data-attachment-id=\"17527\" data-orig-file=\"https:\/\/idnu.ch\/wordpress\/wp-content\/uploads\/2021\/01\/schneeschuhtour_luesch-20210117-67.jpg\" data-orig-size=\"827,1240\" data-comments-opened=\"1\" data-image-meta=\"{&quot;aperture&quot;:&quot;9&quot;,&quot;credit&quot;:&quot;Urs Kyburz&quot;,&quot;camera&quot;:&quot;Canon EOS 5D Mark IV&quot;,&quot;caption&quot;:&quot;&quot;,&quot;created_timestamp&quot;:&quot;1610896206&quot;,&quot;copyright&quot;:&quot;Copyright Urs Kyburz (2019)&quot;,&quot;focal_length&quot;:&quot;67&quot;,&quot;iso&quot;:&quot;100&quot;,&quot;shutter_speed&quot;:&quot;0.02&quot;,&quot;title&quot;:&quot;&quot;,&quot;orientation&quot;:&quot;0&quot;}\" data-image-title=\"Leave nothing but your footsteps\" data-image-description=\"\" data-medium-file=\"https:\/\/i0.wp.com\/idnu.ch\/wordpress\/wp-content\/uploads\/2021\/01\/schneeschuhtour_luesch-20210117-67.jpg?fit=200%2C300&#038;ssl=1\" data-large-file=\"https:\/\/i0.wp.com\/idnu.ch\/wordpress\/wp-content\/uploads\/2021\/01\/schneeschuhtour_luesch-20210117-67.jpg?fit=683%2C1024&#038;ssl=1\" src=\"https:\/\/i0.wp.com\/idnu.ch\/wordpress\/wp-content\/uploads\/2021\/01\/schneeschuhtour_luesch-20210117-67.jpg?w=203&#038;h=304&#038;ssl=1\" srcset=\"https:\/\/i0.wp.com\/idnu.ch\/wordpress\/wp-content\/uploads\/2021\/01\/schneeschuhtour_luesch-20210117-67.jpg?w=827&amp;ssl=1 827w, https:\/\/i0.wp.com\/idnu.ch\/wordpress\/wp-content\/uploads\/2021\/01\/schneeschuhtour_luesch-20210117-67.jpg?resize=200%2C300&amp;ssl=1 200w, https:\/\/i0.wp.com\/idnu.ch\/wordpress\/wp-content\/uploads\/2021\/01\/schneeschuhtour_luesch-20210117-67.jpg?resize=683%2C1024&amp;ssl=1 683w, https:\/\/i0.wp.com\/idnu.ch\/wordpress\/wp-content\/uploads\/2021\/01\/schneeschuhtour_luesch-20210117-67.jpg?resize=768%2C1152&amp;ssl=1 768w, https:\/\/i0.wp.com\/idnu.ch\/wordpress\/wp-content\/uploads\/2021\/01\/schneeschuhtour_luesch-20210117-67.jpg?resize=67%2C100&amp;ssl=1 67w\" width=\"203\" height=\"304\" loading=\"lazy\" data-original-width=\"203\" data-original-height=\"304\" itemprop=\"http:\/\/schema.org\/image\" title=\"Leave nothing but your footsteps\" alt=\"Leave nothing but your footsteps\" style=\"width: 203px; height: 304px;\" \/> <\/a> <\/div> <\/div> <!-- close group --> <\/div> <!-- close row --> <\/div>\n<p>Ja, diese Pandemie ist m\u00fchsam und zerrt bei manchen an den Nerven. Mit Gelassenheit, der richtigen Einstellung und Fantasie kann man aber dem begegnen. Nicht mit Rumheulen und die Schweiz mit Nordkorea vergleichen, liebe Libert\u00e4re und andere Jammeries.<\/p>\n","protected":false},"excerpt":{"rendered":"<p>Endlich wieder mal richtig Winter im Flachland! Auf den Strassen herrschte deswegen ein&#8230;<\/p>\n","protected":false},"author":2,"featured_media":17528,"comment_status":"open","ping_status":"open","sticky":false,"template":"","format":"standard","meta":{"_monsterinsights_skip_tracking":false,"_monsterinsights_sitenote_active":false,"_monsterinsights_sitenote_note":"","_monsterinsights_sitenote_category":0,"jetpack_post_was_ever_published":false,"_jetpack_newsletter_access":"","_jetpack_dont_email_post_to_subs":false,"_jetpack_newsletter_tier_id":0,"_jetpack_memberships_contains_paywalled_content":false,"_jetpack_memberships_contains_paid_content":false,"footnotes":"","jetpack_publicize_message":"Leider ist der Schnee fast weg, die wohlstandsdegenerierten Jammerlappen nicht: Was das mit der Schneeschuhtour vor der Haust\u00fcre zu tun.","jetpack_publicize_feature_enabled":true,"jetpack_social_post_already_shared":true,"jetpack_social_options":{"image_generator_settings":{"template":"highway","default_image_id":0,"font":"","enabled":false},"version":2}},"categories":[8],"tags":[1328,1086,607],"class_list":["post-17510","post","type-post","status-publish","format-standard","has-post-thumbnail","hentry","category-winter","tag-schneeschuhe","tag-schneeschuhtour","tag-winterwandern"],"geo":{"latitude":47.242309599999998681596480309963226318359375,"longitude":8.211800600000000116551746032200753688812255859375,"description":"Schwarzenbach LU, Kanton Luzern, 6215, CH"},"yoast_head":"<!-- This site is optimized with the Yoast SEO plugin v27.4 - https:\/\/yoast.com\/product\/yoast-seo-wordpress\/ -->\n<title>Schneeschuhtour vor der Haust\u00fcre - In der Natur unterwegs<\/title>\n<meta name=\"description\" content=\"Freiheit geniessen in Zeiten von Einschr\u00e4nkungen wegen Coronamassnahmen mit einer Schneeschuhtour, die vor der Haust\u00fcre startet.\" \/>\n<meta name=\"robots\" content=\"index, follow, max-snippet:-1, max-image-preview:large, max-video-preview:-1\" \/>\n<link rel=\"canonical\" href=\"https:\/\/idnu.ch\/wordpress\/schneeschuhtour-vor-der-haustuere\/\" \/>\n<meta property=\"og:locale\" content=\"de_DE\" \/>\n<meta property=\"og:type\" content=\"article\" \/>\n<meta property=\"og:title\" content=\"Schneeschuhtour vor der Haust\u00fcre - In der Natur unterwegs\" \/>\n<meta property=\"og:description\" content=\"Freiheit geniessen in Zeiten von Einschr\u00e4nkungen wegen Coronamassnahmen mit einer Schneeschuhtour, die vor der Haust\u00fcre startet.\" \/>\n<meta property=\"og:url\" content=\"https:\/\/idnu.ch\/wordpress\/schneeschuhtour-vor-der-haustuere\/\" \/>\n<meta property=\"og:site_name\" content=\"In der Natur unterwegs\" \/>\n<meta property=\"article:published_time\" content=\"2021-01-23T11:04:02+00:00\" \/>\n<meta property=\"article:modified_time\" content=\"2021-12-11T13:23:34+00:00\" \/>\n<meta property=\"og:image\" content=\"https:\/\/idnu.ch\/wordpress\/wp-content\/uploads\/2021\/01\/schneeschuhtour_luesch-20210117-21.jpg\" \/>\n\t<meta property=\"og:image:width\" content=\"1240\" \/>\n\t<meta property=\"og:image:height\" content=\"827\" \/>\n\t<meta property=\"og:image:type\" content=\"image\/jpeg\" \/>\n<meta name=\"author\" content=\"Urs Kyburz\" \/>\n<meta name=\"twitter:card\" content=\"summary_large_image\" \/>\n<meta name=\"twitter:creator\" content=\"@idnu_ch\" \/>\n<meta name=\"twitter:site\" content=\"@idnu_ch\" \/>\n<meta name=\"twitter:label1\" content=\"Verfasst von\" \/>\n\t<meta name=\"twitter:data1\" content=\"Urs Kyburz\" \/>\n\t<meta name=\"twitter:label2\" content=\"Gesch\u00e4tzte Lesezeit\" \/>\n\t<meta name=\"twitter:data2\" content=\"3\u00a0Minuten\" \/>\n<script type=\"application\/ld+json\" class=\"yoast-schema-graph\">{\"@context\":\"https:\\\/\\\/schema.org\",\"@graph\":[{\"@type\":\"Article\",\"@id\":\"https:\\\/\\\/idnu.ch\\\/wordpress\\\/schneeschuhtour-vor-der-haustuere\\\/#article\",\"isPartOf\":{\"@id\":\"https:\\\/\\\/idnu.ch\\\/wordpress\\\/schneeschuhtour-vor-der-haustuere\\\/\"},\"author\":{\"name\":\"Urs Kyburz\",\"@id\":\"https:\\\/\\\/idnu.ch\\\/wordpress\\\/#\\\/schema\\\/person\\\/1ab8c5de743be7b019272124c19ad351\"},\"headline\":\"Schneeschuhtour vor der Haust\u00fcre\",\"datePublished\":\"2021-01-23T11:04:02+00:00\",\"dateModified\":\"2021-12-11T13:23:34+00:00\",\"mainEntityOfPage\":{\"@id\":\"https:\\\/\\\/idnu.ch\\\/wordpress\\\/schneeschuhtour-vor-der-haustuere\\\/\"},\"wordCount\":542,\"commentCount\":0,\"publisher\":{\"@id\":\"https:\\\/\\\/idnu.ch\\\/wordpress\\\/#\\\/schema\\\/person\\\/1ab8c5de743be7b019272124c19ad351\"},\"image\":{\"@id\":\"https:\\\/\\\/idnu.ch\\\/wordpress\\\/schneeschuhtour-vor-der-haustuere\\\/#primaryimage\"},\"thumbnailUrl\":\"https:\\\/\\\/i0.wp.com\\\/idnu.ch\\\/wordpress\\\/wp-content\\\/uploads\\\/2021\\\/01\\\/schneeschuhtour_luesch-20210117-21.jpg?fit=1240%2C827&ssl=1\",\"keywords\":[\"Schneeschuhe\",\"Schneeschuhtour\",\"Winterwandern\"],\"articleSection\":[\"Winter\"],\"inLanguage\":\"de\",\"potentialAction\":[{\"@type\":\"CommentAction\",\"name\":\"Comment\",\"target\":[\"https:\\\/\\\/idnu.ch\\\/wordpress\\\/schneeschuhtour-vor-der-haustuere\\\/#respond\"]}]},{\"@type\":\"WebPage\",\"@id\":\"https:\\\/\\\/idnu.ch\\\/wordpress\\\/schneeschuhtour-vor-der-haustuere\\\/\",\"url\":\"https:\\\/\\\/idnu.ch\\\/wordpress\\\/schneeschuhtour-vor-der-haustuere\\\/\",\"name\":\"Schneeschuhtour vor der Haust\u00fcre - In der Natur unterwegs\",\"isPartOf\":{\"@id\":\"https:\\\/\\\/idnu.ch\\\/wordpress\\\/#website\"},\"primaryImageOfPage\":{\"@id\":\"https:\\\/\\\/idnu.ch\\\/wordpress\\\/schneeschuhtour-vor-der-haustuere\\\/#primaryimage\"},\"image\":{\"@id\":\"https:\\\/\\\/idnu.ch\\\/wordpress\\\/schneeschuhtour-vor-der-haustuere\\\/#primaryimage\"},\"thumbnailUrl\":\"https:\\\/\\\/i0.wp.com\\\/idnu.ch\\\/wordpress\\\/wp-content\\\/uploads\\\/2021\\\/01\\\/schneeschuhtour_luesch-20210117-21.jpg?fit=1240%2C827&ssl=1\",\"datePublished\":\"2021-01-23T11:04:02+00:00\",\"dateModified\":\"2021-12-11T13:23:34+00:00\",\"description\":\"Freiheit geniessen in Zeiten von Einschr\u00e4nkungen wegen Coronamassnahmen mit einer Schneeschuhtour, die vor der Haust\u00fcre startet.\",\"breadcrumb\":{\"@id\":\"https:\\\/\\\/idnu.ch\\\/wordpress\\\/schneeschuhtour-vor-der-haustuere\\\/#breadcrumb\"},\"inLanguage\":\"de\",\"potentialAction\":[{\"@type\":\"ReadAction\",\"target\":[\"https:\\\/\\\/idnu.ch\\\/wordpress\\\/schneeschuhtour-vor-der-haustuere\\\/\"]}]},{\"@type\":\"ImageObject\",\"inLanguage\":\"de\",\"@id\":\"https:\\\/\\\/idnu.ch\\\/wordpress\\\/schneeschuhtour-vor-der-haustuere\\\/#primaryimage\",\"url\":\"https:\\\/\\\/i0.wp.com\\\/idnu.ch\\\/wordpress\\\/wp-content\\\/uploads\\\/2021\\\/01\\\/schneeschuhtour_luesch-20210117-21.jpg?fit=1240%2C827&ssl=1\",\"contentUrl\":\"https:\\\/\\\/i0.wp.com\\\/idnu.ch\\\/wordpress\\\/wp-content\\\/uploads\\\/2021\\\/01\\\/schneeschuhtour_luesch-20210117-21.jpg?fit=1240%2C827&ssl=1\",\"width\":1240,\"height\":827},{\"@type\":\"BreadcrumbList\",\"@id\":\"https:\\\/\\\/idnu.ch\\\/wordpress\\\/schneeschuhtour-vor-der-haustuere\\\/#breadcrumb\",\"itemListElement\":[{\"@type\":\"ListItem\",\"position\":1,\"name\":\"Startseite\",\"item\":\"https:\\\/\\\/idnu.ch\\\/wordpress\\\/\"},{\"@type\":\"ListItem\",\"position\":2,\"name\":\"Schneeschuhtour vor der Haust\u00fcre\"}]},{\"@type\":\"WebSite\",\"@id\":\"https:\\\/\\\/idnu.ch\\\/wordpress\\\/#website\",\"url\":\"https:\\\/\\\/idnu.ch\\\/wordpress\\\/\",\"name\":\"In der Natur unterwegs\",\"description\":\"Dort, wo es am sch\u00f6nsten ist\",\"publisher\":{\"@id\":\"https:\\\/\\\/idnu.ch\\\/wordpress\\\/#\\\/schema\\\/person\\\/1ab8c5de743be7b019272124c19ad351\"},\"potentialAction\":[{\"@type\":\"SearchAction\",\"target\":{\"@type\":\"EntryPoint\",\"urlTemplate\":\"https:\\\/\\\/idnu.ch\\\/wordpress\\\/?s={search_term_string}\"},\"query-input\":{\"@type\":\"PropertyValueSpecification\",\"valueRequired\":true,\"valueName\":\"search_term_string\"}}],\"inLanguage\":\"de\"},{\"@type\":[\"Person\",\"Organization\"],\"@id\":\"https:\\\/\\\/idnu.ch\\\/wordpress\\\/#\\\/schema\\\/person\\\/1ab8c5de743be7b019272124c19ad351\",\"name\":\"Urs Kyburz\",\"image\":{\"@type\":\"ImageObject\",\"inLanguage\":\"de\",\"@id\":\"https:\\\/\\\/i0.wp.com\\\/idnu.ch\\\/wordpress\\\/wp-content\\\/uploads\\\/2016\\\/02\\\/logo_150x165.gif?fit=3151%2C3456&ssl=1\",\"url\":\"https:\\\/\\\/i0.wp.com\\\/idnu.ch\\\/wordpress\\\/wp-content\\\/uploads\\\/2016\\\/02\\\/logo_150x165.gif?fit=3151%2C3456&ssl=1\",\"contentUrl\":\"https:\\\/\\\/i0.wp.com\\\/idnu.ch\\\/wordpress\\\/wp-content\\\/uploads\\\/2016\\\/02\\\/logo_150x165.gif?fit=3151%2C3456&ssl=1\",\"width\":3151,\"height\":3456,\"caption\":\"Urs Kyburz\"},\"logo\":{\"@id\":\"https:\\\/\\\/i0.wp.com\\\/idnu.ch\\\/wordpress\\\/wp-content\\\/uploads\\\/2016\\\/02\\\/logo_150x165.gif?fit=3151%2C3456&ssl=1\"}}]}<\/script>\n<!-- \/ Yoast SEO plugin. -->","yoast_head_json":{"title":"Schneeschuhtour vor der Haust\u00fcre - In der Natur unterwegs","description":"Freiheit geniessen in Zeiten von Einschr\u00e4nkungen wegen Coronamassnahmen mit einer Schneeschuhtour, die vor der Haust\u00fcre startet.","robots":{"index":"index","follow":"follow","max-snippet":"max-snippet:-1","max-image-preview":"max-image-preview:large","max-video-preview":"max-video-preview:-1"},"canonical":"https:\/\/idnu.ch\/wordpress\/schneeschuhtour-vor-der-haustuere\/","og_locale":"de_DE","og_type":"article","og_title":"Schneeschuhtour vor der Haust\u00fcre - In der Natur unterwegs","og_description":"Freiheit geniessen in Zeiten von Einschr\u00e4nkungen wegen Coronamassnahmen mit einer Schneeschuhtour, die vor der Haust\u00fcre startet.","og_url":"https:\/\/idnu.ch\/wordpress\/schneeschuhtour-vor-der-haustuere\/","og_site_name":"In der Natur unterwegs","article_published_time":"2021-01-23T11:04:02+00:00","article_modified_time":"2021-12-11T13:23:34+00:00","og_image":[{"width":1240,"height":827,"url":"https:\/\/idnu.ch\/wordpress\/wp-content\/uploads\/2021\/01\/schneeschuhtour_luesch-20210117-21.jpg","type":"image\/jpeg"}],"author":"Urs Kyburz","twitter_card":"summary_large_image","twitter_creator":"@idnu_ch","twitter_site":"@idnu_ch","twitter_misc":{"Verfasst von":"Urs Kyburz","Gesch\u00e4tzte Lesezeit":"3\u00a0Minuten"},"schema":{"@context":"https:\/\/schema.org","@graph":[{"@type":"Article","@id":"https:\/\/idnu.ch\/wordpress\/schneeschuhtour-vor-der-haustuere\/#article","isPartOf":{"@id":"https:\/\/idnu.ch\/wordpress\/schneeschuhtour-vor-der-haustuere\/"},"author":{"name":"Urs Kyburz","@id":"https:\/\/idnu.ch\/wordpress\/#\/schema\/person\/1ab8c5de743be7b019272124c19ad351"},"headline":"Schneeschuhtour vor der Haust\u00fcre","datePublished":"2021-01-23T11:04:02+00:00","dateModified":"2021-12-11T13:23:34+00:00","mainEntityOfPage":{"@id":"https:\/\/idnu.ch\/wordpress\/schneeschuhtour-vor-der-haustuere\/"},"wordCount":542,"commentCount":0,"publisher":{"@id":"https:\/\/idnu.ch\/wordpress\/#\/schema\/person\/1ab8c5de743be7b019272124c19ad351"},"image":{"@id":"https:\/\/idnu.ch\/wordpress\/schneeschuhtour-vor-der-haustuere\/#primaryimage"},"thumbnailUrl":"https:\/\/i0.wp.com\/idnu.ch\/wordpress\/wp-content\/uploads\/2021\/01\/schneeschuhtour_luesch-20210117-21.jpg?fit=1240%2C827&ssl=1","keywords":["Schneeschuhe","Schneeschuhtour","Winterwandern"],"articleSection":["Winter"],"inLanguage":"de","potentialAction":[{"@type":"CommentAction","name":"Comment","target":["https:\/\/idnu.ch\/wordpress\/schneeschuhtour-vor-der-haustuere\/#respond"]}]},{"@type":"WebPage","@id":"https:\/\/idnu.ch\/wordpress\/schneeschuhtour-vor-der-haustuere\/","url":"https:\/\/idnu.ch\/wordpress\/schneeschuhtour-vor-der-haustuere\/","name":"Schneeschuhtour vor der Haust\u00fcre - In der Natur unterwegs","isPartOf":{"@id":"https:\/\/idnu.ch\/wordpress\/#website"},"primaryImageOfPage":{"@id":"https:\/\/idnu.ch\/wordpress\/schneeschuhtour-vor-der-haustuere\/#primaryimage"},"image":{"@id":"https:\/\/idnu.ch\/wordpress\/schneeschuhtour-vor-der-haustuere\/#primaryimage"},"thumbnailUrl":"https:\/\/i0.wp.com\/idnu.ch\/wordpress\/wp-content\/uploads\/2021\/01\/schneeschuhtour_luesch-20210117-21.jpg?fit=1240%2C827&ssl=1","datePublished":"2021-01-23T11:04:02+00:00","dateModified":"2021-12-11T13:23:34+00:00","description":"Freiheit geniessen in Zeiten von Einschr\u00e4nkungen wegen Coronamassnahmen mit einer Schneeschuhtour, die vor der Haust\u00fcre startet.","breadcrumb":{"@id":"https:\/\/idnu.ch\/wordpress\/schneeschuhtour-vor-der-haustuere\/#breadcrumb"},"inLanguage":"de","potentialAction":[{"@type":"ReadAction","target":["https:\/\/idnu.ch\/wordpress\/schneeschuhtour-vor-der-haustuere\/"]}]},{"@type":"ImageObject","inLanguage":"de","@id":"https:\/\/idnu.ch\/wordpress\/schneeschuhtour-vor-der-haustuere\/#primaryimage","url":"https:\/\/i0.wp.com\/idnu.ch\/wordpress\/wp-content\/uploads\/2021\/01\/schneeschuhtour_luesch-20210117-21.jpg?fit=1240%2C827&ssl=1","contentUrl":"https:\/\/i0.wp.com\/idnu.ch\/wordpress\/wp-content\/uploads\/2021\/01\/schneeschuhtour_luesch-20210117-21.jpg?fit=1240%2C827&ssl=1","width":1240,"height":827},{"@type":"BreadcrumbList","@id":"https:\/\/idnu.ch\/wordpress\/schneeschuhtour-vor-der-haustuere\/#breadcrumb","itemListElement":[{"@type":"ListItem","position":1,"name":"Startseite","item":"https:\/\/idnu.ch\/wordpress\/"},{"@type":"ListItem","position":2,"name":"Schneeschuhtour vor der Haust\u00fcre"}]},{"@type":"WebSite","@id":"https:\/\/idnu.ch\/wordpress\/#website","url":"https:\/\/idnu.ch\/wordpress\/","name":"In der Natur unterwegs","description":"Dort, wo es am sch\u00f6nsten ist","publisher":{"@id":"https:\/\/idnu.ch\/wordpress\/#\/schema\/person\/1ab8c5de743be7b019272124c19ad351"},"potentialAction":[{"@type":"SearchAction","target":{"@type":"EntryPoint","urlTemplate":"https:\/\/idnu.ch\/wordpress\/?s={search_term_string}"},"query-input":{"@type":"PropertyValueSpecification","valueRequired":true,"valueName":"search_term_string"}}],"inLanguage":"de"},{"@type":["Person","Organization"],"@id":"https:\/\/idnu.ch\/wordpress\/#\/schema\/person\/1ab8c5de743be7b019272124c19ad351","name":"Urs Kyburz","image":{"@type":"ImageObject","inLanguage":"de","@id":"https:\/\/i0.wp.com\/idnu.ch\/wordpress\/wp-content\/uploads\/2016\/02\/logo_150x165.gif?fit=3151%2C3456&ssl=1","url":"https:\/\/i0.wp.com\/idnu.ch\/wordpress\/wp-content\/uploads\/2016\/02\/logo_150x165.gif?fit=3151%2C3456&ssl=1","contentUrl":"https:\/\/i0.wp.com\/idnu.ch\/wordpress\/wp-content\/uploads\/2016\/02\/logo_150x165.gif?fit=3151%2C3456&ssl=1","width":3151,"height":3456,"caption":"Urs Kyburz"},"logo":{"@id":"https:\/\/i0.wp.com\/idnu.ch\/wordpress\/wp-content\/uploads\/2016\/02\/logo_150x165.gif?fit=3151%2C3456&ssl=1"}}]}},"jetpack_publicize_connections":[],"jetpack_featured_media_url":"https:\/\/i0.wp.com\/idnu.ch\/wordpress\/wp-content\/uploads\/2021\/01\/schneeschuhtour_luesch-20210117-21.jpg?fit=1240%2C827&ssl=1","jetpack_sharing_enabled":true,"jetpack_shortlink":"https:\/\/wp.me\/p6MmGG-4yq","jetpack-related-posts":[{"id":9401,"url":"https:\/\/idnu.ch\/wordpress\/meditieren-auf-dem-jaenzi-panoramatrail\/","url_meta":{"origin":17510,"position":0},"title":"Meditieren auf dem J\u00e4nzi Panoramatrail","author":"Urs Kyburz","date":"5. M\u00e4rz 2018","format":false,"excerpt":"Was macht man, wenn man auch mal den Winter in den Bergen geniessen will, aber nicht auf die Skier darf? Richtig, eine Schneeschuhtour. Da bietet sich als Anf\u00e4nger und Einzelg\u00e4nger, der ich bin, der J\u00e4nzi Panoramatrail auf dem Glaubenberg an. Ja, ich hatte noch nie eine Schneeschuhtour unternommen - abgesehen\u2026","rel":"","context":"In &quot;Luzern - Vierwaldst\u00e4ttersee&quot;","block_context":{"text":"Luzern - Vierwaldst\u00e4ttersee","link":"https:\/\/idnu.ch\/wordpress\/category\/tourismusregionen\/luzern-vierwaldstaettersee\/"},"img":{"alt_text":"","src":"https:\/\/i0.wp.com\/idnu.ch\/wordpress\/wp-content\/uploads\/2018\/03\/panoramatrail_180226_032-1.jpg?fit=1200%2C800&ssl=1&resize=350%2C200","width":350,"height":200,"srcset":"https:\/\/i0.wp.com\/idnu.ch\/wordpress\/wp-content\/uploads\/2018\/03\/panoramatrail_180226_032-1.jpg?fit=1200%2C800&ssl=1&resize=350%2C200 1x, https:\/\/i0.wp.com\/idnu.ch\/wordpress\/wp-content\/uploads\/2018\/03\/panoramatrail_180226_032-1.jpg?fit=1200%2C800&ssl=1&resize=525%2C300 1.5x, https:\/\/i0.wp.com\/idnu.ch\/wordpress\/wp-content\/uploads\/2018\/03\/panoramatrail_180226_032-1.jpg?fit=1200%2C800&ssl=1&resize=700%2C400 2x, https:\/\/i0.wp.com\/idnu.ch\/wordpress\/wp-content\/uploads\/2018\/03\/panoramatrail_180226_032-1.jpg?fit=1200%2C800&ssl=1&resize=1050%2C600 3x"},"classes":[]},{"id":14575,"url":"https:\/\/idnu.ch\/wordpress\/schneeschuhtour-ohne-schneeschuhe\/","url_meta":{"origin":17510,"position":1},"title":"Schneeschuhtour ohne Schneeschuhe","author":"Urs Kyburz","date":"10. Februar 2020","format":false,"excerpt":"Schneeschuhtour ohne Schneeschuhe? Wie soll denn das gehen? Nun ja, das sehen wir sp\u00e4ter. Geplant war jedenfalls eine solche auf den Grand Sommartel. Oder Grand Sonmartel. Oder Grand Som Martel. Man scheint sich da bei der Schreibweise nicht einig zu sein. Im Gegensatz zum letzten Jahr fand diese Schneeschuhtour im\u2026","rel":"","context":"In &quot;Jura &amp; Drei-Seen-Land&quot;","block_context":{"text":"Jura &amp; Drei-Seen-Land","link":"https:\/\/idnu.ch\/wordpress\/category\/tourismusregionen\/jura-drei-seen-land\/"},"img":{"alt_text":"","src":"https:\/\/i0.wp.com\/idnu.ch\/wordpress\/wp-content\/uploads\/2020\/02\/grand_sonmartel-20200209-38.jpg?fit=1200%2C800&ssl=1&resize=350%2C200","width":350,"height":200,"srcset":"https:\/\/i0.wp.com\/idnu.ch\/wordpress\/wp-content\/uploads\/2020\/02\/grand_sonmartel-20200209-38.jpg?fit=1200%2C800&ssl=1&resize=350%2C200 1x, https:\/\/i0.wp.com\/idnu.ch\/wordpress\/wp-content\/uploads\/2020\/02\/grand_sonmartel-20200209-38.jpg?fit=1200%2C800&ssl=1&resize=525%2C300 1.5x, https:\/\/i0.wp.com\/idnu.ch\/wordpress\/wp-content\/uploads\/2020\/02\/grand_sonmartel-20200209-38.jpg?fit=1200%2C800&ssl=1&resize=700%2C400 2x, https:\/\/i0.wp.com\/idnu.ch\/wordpress\/wp-content\/uploads\/2020\/02\/grand_sonmartel-20200209-38.jpg?fit=1200%2C800&ssl=1&resize=1050%2C600 3x"},"classes":[]},{"id":11741,"url":"https:\/\/idnu.ch\/wordpress\/im-sturm-auf-den-mont-racine\/","url_meta":{"origin":17510,"position":2},"title":"Im Sturm auf den Mont Racine","author":"Urs Kyburz","date":"8. Februar 2019","format":false,"excerpt":"Der Mont Racine im Neuenburger Jura war unser Ziel auf dieser SAC-Schneeschuhtour.","rel":"","context":"In &quot;Jura &amp; Drei-Seen-Land&quot;","block_context":{"text":"Jura &amp; Drei-Seen-Land","link":"https:\/\/idnu.ch\/wordpress\/category\/tourismusregionen\/jura-drei-seen-land\/"},"img":{"alt_text":"Die Sicht wird besser","src":"https:\/\/i0.wp.com\/idnu.ch\/wordpress\/wp-content\/uploads\/2019\/02\/mont_racine_20190203_0074.jpg?fit=1200%2C800&ssl=1&resize=350%2C200","width":350,"height":200,"srcset":"https:\/\/i0.wp.com\/idnu.ch\/wordpress\/wp-content\/uploads\/2019\/02\/mont_racine_20190203_0074.jpg?fit=1200%2C800&ssl=1&resize=350%2C200 1x, https:\/\/i0.wp.com\/idnu.ch\/wordpress\/wp-content\/uploads\/2019\/02\/mont_racine_20190203_0074.jpg?fit=1200%2C800&ssl=1&resize=525%2C300 1.5x, https:\/\/i0.wp.com\/idnu.ch\/wordpress\/wp-content\/uploads\/2019\/02\/mont_racine_20190203_0074.jpg?fit=1200%2C800&ssl=1&resize=700%2C400 2x, https:\/\/i0.wp.com\/idnu.ch\/wordpress\/wp-content\/uploads\/2019\/02\/mont_racine_20190203_0074.jpg?fit=1200%2C800&ssl=1&resize=1050%2C600 3x"},"classes":[]},{"id":9037,"url":"https:\/\/idnu.ch\/wordpress\/7-wintererlebnisse-mit-kindern\/","url_meta":{"origin":17510,"position":3},"title":"7 Wintererlebnisse mit Kindern","author":"Urs Kyburz","date":"8. Dezember 2017","format":false,"excerpt":"Jetzt, wo wir wieder mal einen Winteranfang haben, der diesen Namen auch verdient, k\u00f6nnen wir uns Gedanken machen, was wir nebst skifahren sonst noch in der weissen Pracht unternehmen k\u00f6nnen. Ich h\u00e4tte da ein paar Vorschl\u00e4ge. Schlitteln im Hochgebirge Schlittelpisten gibt es ja einige. Dort f\u00e4hrt man jeweils mit der\u2026","rel":"","context":"In &quot;Winter&quot;","block_context":{"text":"Winter","link":"https:\/\/idnu.ch\/wordpress\/category\/winter\/"},"img":{"alt_text":"","src":"https:\/\/i0.wp.com\/idnu.ch\/wordpress\/wp-content\/uploads\/2016\/02\/simmental_0052.jpg?fit=1200%2C900&ssl=1&resize=350%2C200","width":350,"height":200,"srcset":"https:\/\/i0.wp.com\/idnu.ch\/wordpress\/wp-content\/uploads\/2016\/02\/simmental_0052.jpg?fit=1200%2C900&ssl=1&resize=350%2C200 1x, https:\/\/i0.wp.com\/idnu.ch\/wordpress\/wp-content\/uploads\/2016\/02\/simmental_0052.jpg?fit=1200%2C900&ssl=1&resize=525%2C300 1.5x, https:\/\/i0.wp.com\/idnu.ch\/wordpress\/wp-content\/uploads\/2016\/02\/simmental_0052.jpg?fit=1200%2C900&ssl=1&resize=700%2C400 2x, https:\/\/i0.wp.com\/idnu.ch\/wordpress\/wp-content\/uploads\/2016\/02\/simmental_0052.jpg?fit=1200%2C900&ssl=1&resize=1050%2C600 3x"},"classes":[]},{"id":116,"url":"https:\/\/idnu.ch\/wordpress\/ein-notprogramm-vor-der-haustuere-mit-schnee-und-eis\/","url_meta":{"origin":17510,"position":4},"title":"Ein Notprogramm vor der Haust\u00fcre mit Schnee und Eis","author":"Urs Kyburz","date":"14. Februar 2015","format":false,"excerpt":"Erstens kommt es anders, zweitens als man denkt. Statt auf den Albis wanderten wir auf den Homberg vor unserer Haust\u00fcre. Dass dies trotzdem viel Spass machte, versteht sich fast von selber, waren doch zwei wichtige Faktoren gegeben: Schnee und Eis. Da konnte auch die konstante Bise die Stimmung nicht tr\u00fcben.\u2026","rel":"","context":"In &quot;Aargau&quot;","block_context":{"text":"Aargau","link":"https:\/\/idnu.ch\/wordpress\/category\/kanton\/aargau\/"},"img":{"alt_text":"Wandern im Winter","src":"https:\/\/i0.wp.com\/idnu.ch\/wordpress\/wp-content\/uploads\/2015\/02\/hhs_0029.jpg?fit=1024%2C683&ssl=1&resize=350%2C200","width":350,"height":200,"srcset":"https:\/\/i0.wp.com\/idnu.ch\/wordpress\/wp-content\/uploads\/2015\/02\/hhs_0029.jpg?fit=1024%2C683&ssl=1&resize=350%2C200 1x, https:\/\/i0.wp.com\/idnu.ch\/wordpress\/wp-content\/uploads\/2015\/02\/hhs_0029.jpg?fit=1024%2C683&ssl=1&resize=525%2C300 1.5x, https:\/\/i0.wp.com\/idnu.ch\/wordpress\/wp-content\/uploads\/2015\/02\/hhs_0029.jpg?fit=1024%2C683&ssl=1&resize=700%2C400 2x"},"classes":[]},{"id":17662,"url":"https:\/\/idnu.ch\/wordpress\/vielseitiges-wetter-im-safiental\/","url_meta":{"origin":17510,"position":5},"title":"Vielseitiges Wetter im Safiental","author":"Urs Kyburz","date":"28. Februar 2021","format":false,"excerpt":"Diesen Winter hatte es zwar wieder mal Schnee im Unterland, trotzdem war unsere Sehnsucht nach viel Schnee in den Bergen gross. Uns widert aber der Rummel auf den Skipisten an (obwohl er dieses Jahr nicht so gross ist), deshalb suchten wir etwas Ruhiges f\u00fcr Skitouren. Das Safiental im Naturpark Beverin\u2026","rel":"","context":"In &quot;Graub\u00fcnden&quot;","block_context":{"text":"Graub\u00fcnden","link":"https:\/\/idnu.ch\/wordpress\/category\/kanton\/graubuenden\/"},"img":{"alt_text":"","src":"https:\/\/i0.wp.com\/idnu.ch\/wordpress\/wp-content\/uploads\/2021\/02\/safiental-20210208-86.jpg?fit=1200%2C800&ssl=1&resize=350%2C200","width":350,"height":200,"srcset":"https:\/\/i0.wp.com\/idnu.ch\/wordpress\/wp-content\/uploads\/2021\/02\/safiental-20210208-86.jpg?fit=1200%2C800&ssl=1&resize=350%2C200 1x, https:\/\/i0.wp.com\/idnu.ch\/wordpress\/wp-content\/uploads\/2021\/02\/safiental-20210208-86.jpg?fit=1200%2C800&ssl=1&resize=525%2C300 1.5x, https:\/\/i0.wp.com\/idnu.ch\/wordpress\/wp-content\/uploads\/2021\/02\/safiental-20210208-86.jpg?fit=1200%2C800&ssl=1&resize=700%2C400 2x, https:\/\/i0.wp.com\/idnu.ch\/wordpress\/wp-content\/uploads\/2021\/02\/safiental-20210208-86.jpg?fit=1200%2C800&ssl=1&resize=1050%2C600 3x"},"classes":[]}],"jetpack_likes_enabled":true,"_links":{"self":[{"href":"https:\/\/idnu.ch\/wordpress\/wp-json\/wp\/v2\/posts\/17510","targetHints":{"allow":["GET"]}}],"collection":[{"href":"https:\/\/idnu.ch\/wordpress\/wp-json\/wp\/v2\/posts"}],"about":[{"href":"https:\/\/idnu.ch\/wordpress\/wp-json\/wp\/v2\/types\/post"}],"author":[{"embeddable":true,"href":"https:\/\/idnu.ch\/wordpress\/wp-json\/wp\/v2\/users\/2"}],"replies":[{"embeddable":true,"href":"https:\/\/idnu.ch\/wordpress\/wp-json\/wp\/v2\/comments?post=17510"}],"version-history":[{"count":8,"href":"https:\/\/idnu.ch\/wordpress\/wp-json\/wp\/v2\/posts\/17510\/revisions"}],"predecessor-version":[{"id":17539,"href":"https:\/\/idnu.ch\/wordpress\/wp-json\/wp\/v2\/posts\/17510\/revisions\/17539"}],"wp:featuredmedia":[{"embeddable":true,"href":"https:\/\/idnu.ch\/wordpress\/wp-json\/wp\/v2\/media\/17528"}],"wp:attachment":[{"href":"https:\/\/idnu.ch\/wordpress\/wp-json\/wp\/v2\/media?parent=17510"}],"wp:term":[{"taxonomy":"category","embeddable":true,"href":"https:\/\/idnu.ch\/wordpress\/wp-json\/wp\/v2\/categories?post=17510"},{"taxonomy":"post_tag","embeddable":true,"href":"https:\/\/idnu.ch\/wordpress\/wp-json\/wp\/v2\/tags?post=17510"}],"curies":[{"name":"wp","href":"https:\/\/api.w.org\/{rel}","templated":true}]}}