{"id":17542,"date":"2021-01-27T18:14:40","date_gmt":"2021-01-27T17:14:40","guid":{"rendered":"http:\/\/idnu.ch\/wordpress\/?p=17542"},"modified":"2023-03-12T16:49:19","modified_gmt":"2023-03-12T15:49:19","slug":"zum-mittelpunkt-des-kantons-aargau","status":"publish","type":"post","link":"https:\/\/idnu.ch\/wordpress\/zum-mittelpunkt-des-kantons-aargau\/","title":{"rendered":"Zum Mittelpunkt des Kantons Aargau"},"content":{"rendered":"<p><strong>Nicht gerade zum Mittelpunkt der Erde wie Jules Verne, aber zum Mittelpunkt des Kantons Aargau sind wir gewandert. Dieser ist sehr einfach zu Fuss erreichbar und liegt im Wald zwischen Rupperswil und Wildegg, aber auf Niederlenzer Boden. Zur\u00fcck geht es der Aare entlang nach Aarau.<\/strong><\/p>\n<p><a href=\"https:\/\/i0.wp.com\/idnu.ch\/wordpress\/wp-content\/uploads\/2021\/01\/mittelpunkt_aargau-20210124-1.jpg?ssl=1\"><img data-recalc-dims=\"1\" loading=\"lazy\" decoding=\"async\" data-attachment-id=\"17557\" data-permalink=\"https:\/\/idnu.ch\/wordpress\/zum-mittelpunkt-des-kantons-aargau\/mittelpunkt_aargau-20210124-1\/#main\" data-orig-file=\"https:\/\/i0.wp.com\/idnu.ch\/wordpress\/wp-content\/uploads\/2021\/01\/mittelpunkt_aargau-20210124-1.jpg?fit=1240%2C827&amp;ssl=1\" data-orig-size=\"1240,827\" data-comments-opened=\"1\" data-image-meta=\"{&quot;aperture&quot;:&quot;4&quot;,&quot;credit&quot;:&quot;Urs Kyburz&quot;,&quot;camera&quot;:&quot;Canon EOS 5D Mark IV&quot;,&quot;caption&quot;:&quot;&quot;,&quot;created_timestamp&quot;:&quot;1611479433&quot;,&quot;copyright&quot;:&quot;Copyright Urs Kyburz (2019)&quot;,&quot;focal_length&quot;:&quot;92&quot;,&quot;iso&quot;:&quot;100&quot;,&quot;shutter_speed&quot;:&quot;0.00125&quot;,&quot;title&quot;:&quot;&quot;,&quot;orientation&quot;:&quot;0&quot;}\" data-image-title=\"Start am Bahnhof in Rupperswil\" data-image-description=\"\" data-image-caption=\"\" data-large-file=\"https:\/\/i0.wp.com\/idnu.ch\/wordpress\/wp-content\/uploads\/2021\/01\/mittelpunkt_aargau-20210124-1.jpg?fit=750%2C500&amp;ssl=1\" class=\"alignnone size-full wp-image-17557\" src=\"https:\/\/i0.wp.com\/idnu.ch\/wordpress\/wp-content\/uploads\/2021\/01\/mittelpunkt_aargau-20210124-1.jpg?resize=750%2C500&#038;ssl=1\" alt=\"Start am Bahnhof in Rupperswil\" width=\"750\" height=\"500\" srcset=\"https:\/\/i0.wp.com\/idnu.ch\/wordpress\/wp-content\/uploads\/2021\/01\/mittelpunkt_aargau-20210124-1.jpg?w=1240&amp;ssl=1 1240w, https:\/\/i0.wp.com\/idnu.ch\/wordpress\/wp-content\/uploads\/2021\/01\/mittelpunkt_aargau-20210124-1.jpg?resize=300%2C200&amp;ssl=1 300w, https:\/\/i0.wp.com\/idnu.ch\/wordpress\/wp-content\/uploads\/2021\/01\/mittelpunkt_aargau-20210124-1.jpg?resize=1024%2C683&amp;ssl=1 1024w, https:\/\/i0.wp.com\/idnu.ch\/wordpress\/wp-content\/uploads\/2021\/01\/mittelpunkt_aargau-20210124-1.jpg?resize=768%2C512&amp;ssl=1 768w, https:\/\/i0.wp.com\/idnu.ch\/wordpress\/wp-content\/uploads\/2021\/01\/mittelpunkt_aargau-20210124-1.jpg?resize=150%2C100&amp;ssl=1 150w\" sizes=\"auto, (max-width: 750px) 100vw, 750px\" \/><\/a><\/p>\n<p>Letzten Sommer fuhren wir an besagtem Mittelpunkt vorbei auf unserer <a href=\"https:\/\/idnu.ch\/wordpress\/bikerunde-im-aargauer-jurapark\/\">Jurabiketour<\/a>, hielten aber gar nicht erst an. F\u00fcr diesen Sonntag wollte ich eine Wanderung weg von den heimischen Gefilden machen, da kam mir dieser wieder in den Sinn. Die Frau und ich (die Kinder sind nicht mehr so motiviert f\u00fcr einfache Wanderungen) fahren mit dem Zug nach Rupperswil. F\u00fcr diese Gegend liegt noch erstaunlich viel Schnee, rutschig ist es auch noch. Das bessert dann im Wald. Ich hatte diesen als relativ eint\u00f6nig im Ged\u00e4chtnis, bin nun aber positiv \u00fcberrascht. Er ist recht strukturreich, V\u00f6gel schwirren ebenfalls \u00fcberall umher, was die Frau zum \u00dcben nutzt f\u00fcr den Feldornithologiekurs, f\u00fcr den wir uns angemeldet haben.<\/p>\n<div class=\"tiled-gallery type-rectangular tiled-gallery-unresized\" data-original-width=\"750\" data-carousel-extra='{&quot;blog_id&quot;:1,&quot;permalink&quot;:&quot;https:\\\/\\\/idnu.ch\\\/wordpress\\\/zum-mittelpunkt-des-kantons-aargau\\\/&quot;,&quot;likes_blog_id&quot;:100184974}' itemscope itemtype=\"http:\/\/schema.org\/ImageGallery\" > <div class=\"gallery-row\" style=\"width: 750px; height: 308px;\" data-original-width=\"750\" data-original-height=\"308\" > <div class=\"gallery-group images-1\" style=\"width: 543px; height: 308px;\" data-original-width=\"543\" data-original-height=\"308\" > <div class=\"tiled-gallery-item tiled-gallery-item-large\" itemprop=\"associatedMedia\" itemscope itemtype=\"http:\/\/schema.org\/ImageObject\"> <a href=\"https:\/\/idnu.ch\/wordpress\/zum-mittelpunkt-des-kantons-aargau\/mittelpunkt_aargau-20210124-2\/#main\" border=\"0\" itemprop=\"url\"> <meta itemprop=\"width\" content=\"539\"> <meta itemprop=\"height\" content=\"304\"> <img decoding=\"async\" class=\"\" data-attachment-id=\"17558\" data-orig-file=\"https:\/\/idnu.ch\/wordpress\/wp-content\/uploads\/2021\/01\/mittelpunkt_aargau-20210124-2.jpg\" data-orig-size=\"1240,698\" data-comments-opened=\"1\" data-image-meta=\"{&quot;aperture&quot;:&quot;11&quot;,&quot;credit&quot;:&quot;Urs Kyburz&quot;,&quot;camera&quot;:&quot;Canon EOS 5D Mark IV&quot;,&quot;caption&quot;:&quot;&quot;,&quot;created_timestamp&quot;:&quot;1611479947&quot;,&quot;copyright&quot;:&quot;Copyright Urs Kyburz (2019)&quot;,&quot;focal_length&quot;:&quot;24&quot;,&quot;iso&quot;:&quot;100&quot;,&quot;shutter_speed&quot;:&quot;0.005&quot;,&quot;title&quot;:&quot;&quot;,&quot;orientation&quot;:&quot;0&quot;}\" data-image-title=\"Rupperswil im R\u00fcckblick\" data-image-description=\"\" data-medium-file=\"https:\/\/i0.wp.com\/idnu.ch\/wordpress\/wp-content\/uploads\/2021\/01\/mittelpunkt_aargau-20210124-2.jpg?fit=300%2C169&#038;ssl=1\" data-large-file=\"https:\/\/i0.wp.com\/idnu.ch\/wordpress\/wp-content\/uploads\/2021\/01\/mittelpunkt_aargau-20210124-2.jpg?fit=750%2C422&#038;ssl=1\" src=\"https:\/\/i0.wp.com\/idnu.ch\/wordpress\/wp-content\/uploads\/2021\/01\/mittelpunkt_aargau-20210124-2.jpg?w=539&#038;h=304&#038;ssl=1\" srcset=\"https:\/\/i0.wp.com\/idnu.ch\/wordpress\/wp-content\/uploads\/2021\/01\/mittelpunkt_aargau-20210124-2.jpg?w=1240&amp;ssl=1 1240w, https:\/\/i0.wp.com\/idnu.ch\/wordpress\/wp-content\/uploads\/2021\/01\/mittelpunkt_aargau-20210124-2.jpg?resize=300%2C169&amp;ssl=1 300w, https:\/\/i0.wp.com\/idnu.ch\/wordpress\/wp-content\/uploads\/2021\/01\/mittelpunkt_aargau-20210124-2.jpg?resize=1024%2C576&amp;ssl=1 1024w, https:\/\/i0.wp.com\/idnu.ch\/wordpress\/wp-content\/uploads\/2021\/01\/mittelpunkt_aargau-20210124-2.jpg?resize=768%2C432&amp;ssl=1 768w, https:\/\/i0.wp.com\/idnu.ch\/wordpress\/wp-content\/uploads\/2021\/01\/mittelpunkt_aargau-20210124-2.jpg?resize=178%2C100&amp;ssl=1 178w\" width=\"539\" height=\"304\" loading=\"lazy\" data-original-width=\"539\" data-original-height=\"304\" itemprop=\"http:\/\/schema.org\/image\" title=\"Rupperswil im R\u00fcckblick\" alt=\"Rupperswil im R\u00fcckblick\" style=\"width: 539px; height: 304px;\" \/> <\/a> <\/div> <\/div> <!-- close group --> <div class=\"gallery-group images-1\" style=\"width: 207px; height: 308px;\" data-original-width=\"207\" data-original-height=\"308\" > <div class=\"tiled-gallery-item tiled-gallery-item-small\" itemprop=\"associatedMedia\" itemscope itemtype=\"http:\/\/schema.org\/ImageObject\"> <a href=\"https:\/\/idnu.ch\/wordpress\/zum-mittelpunkt-des-kantons-aargau\/mittelpunkt_aargau-20210124-5\/#main\" border=\"0\" itemprop=\"url\"> <meta itemprop=\"width\" content=\"203\"> <meta itemprop=\"height\" content=\"304\"> <img decoding=\"async\" class=\"\" data-attachment-id=\"17559\" data-orig-file=\"https:\/\/idnu.ch\/wordpress\/wp-content\/uploads\/2021\/01\/mittelpunkt_aargau-20210124-5.jpg\" data-orig-size=\"827,1240\" data-comments-opened=\"1\" data-image-meta=\"{&quot;aperture&quot;:&quot;6.3&quot;,&quot;credit&quot;:&quot;Urs Kyburz&quot;,&quot;camera&quot;:&quot;Canon EOS 5D Mark IV&quot;,&quot;caption&quot;:&quot;&quot;,&quot;created_timestamp&quot;:&quot;1611481170&quot;,&quot;copyright&quot;:&quot;Copyright Urs Kyburz (2019)&quot;,&quot;focal_length&quot;:&quot;24&quot;,&quot;iso&quot;:&quot;100&quot;,&quot;shutter_speed&quot;:&quot;0.016666666666667&quot;,&quot;title&quot;:&quot;&quot;,&quot;orientation&quot;:&quot;0&quot;}\" data-image-title=\"Im Rupperswiler Wald\" data-image-description=\"\" data-medium-file=\"https:\/\/i0.wp.com\/idnu.ch\/wordpress\/wp-content\/uploads\/2021\/01\/mittelpunkt_aargau-20210124-5.jpg?fit=200%2C300&#038;ssl=1\" data-large-file=\"https:\/\/i0.wp.com\/idnu.ch\/wordpress\/wp-content\/uploads\/2021\/01\/mittelpunkt_aargau-20210124-5.jpg?fit=683%2C1024&#038;ssl=1\" src=\"https:\/\/i0.wp.com\/idnu.ch\/wordpress\/wp-content\/uploads\/2021\/01\/mittelpunkt_aargau-20210124-5.jpg?w=203&#038;h=304&#038;ssl=1\" srcset=\"https:\/\/i0.wp.com\/idnu.ch\/wordpress\/wp-content\/uploads\/2021\/01\/mittelpunkt_aargau-20210124-5.jpg?w=827&amp;ssl=1 827w, https:\/\/i0.wp.com\/idnu.ch\/wordpress\/wp-content\/uploads\/2021\/01\/mittelpunkt_aargau-20210124-5.jpg?resize=200%2C300&amp;ssl=1 200w, https:\/\/i0.wp.com\/idnu.ch\/wordpress\/wp-content\/uploads\/2021\/01\/mittelpunkt_aargau-20210124-5.jpg?resize=683%2C1024&amp;ssl=1 683w, https:\/\/i0.wp.com\/idnu.ch\/wordpress\/wp-content\/uploads\/2021\/01\/mittelpunkt_aargau-20210124-5.jpg?resize=768%2C1152&amp;ssl=1 768w, https:\/\/i0.wp.com\/idnu.ch\/wordpress\/wp-content\/uploads\/2021\/01\/mittelpunkt_aargau-20210124-5.jpg?resize=67%2C100&amp;ssl=1 67w\" width=\"203\" height=\"304\" loading=\"lazy\" data-original-width=\"203\" data-original-height=\"304\" itemprop=\"http:\/\/schema.org\/image\" title=\"Im Rupperswiler Wald\" alt=\"Im Rupperswiler Wald\" style=\"width: 203px; height: 304px;\" \/> <\/a> <\/div> <\/div> <!-- close group --> <\/div> <!-- close row --> <div class=\"gallery-row\" style=\"width: 750px; height: 1123px;\" data-original-width=\"750\" data-original-height=\"1123\" > <div class=\"gallery-group images-1\" style=\"width: 750px; height: 1123px;\" data-original-width=\"750\" data-original-height=\"1123\" > <div class=\"tiled-gallery-item tiled-gallery-item-large\" itemprop=\"associatedMedia\" itemscope itemtype=\"http:\/\/schema.org\/ImageObject\"> <a href=\"https:\/\/idnu.ch\/wordpress\/zum-mittelpunkt-des-kantons-aargau\/mittelpunkt_aargau-20210124-7\/#main\" border=\"0\" itemprop=\"url\"> <meta itemprop=\"width\" content=\"746\"> <meta itemprop=\"height\" content=\"1119\"> <img decoding=\"async\" class=\"\" data-attachment-id=\"17560\" data-orig-file=\"https:\/\/idnu.ch\/wordpress\/wp-content\/uploads\/2021\/01\/mittelpunkt_aargau-20210124-7.jpg\" data-orig-size=\"827,1240\" data-comments-opened=\"1\" data-image-meta=\"{&quot;aperture&quot;:&quot;4&quot;,&quot;credit&quot;:&quot;Urs Kyburz&quot;,&quot;camera&quot;:&quot;Canon EOS 5D Mark IV&quot;,&quot;caption&quot;:&quot;&quot;,&quot;created_timestamp&quot;:&quot;1611481548&quot;,&quot;copyright&quot;:&quot;Copyright Urs Kyburz (2019)&quot;,&quot;focal_length&quot;:&quot;105&quot;,&quot;iso&quot;:&quot;100&quot;,&quot;shutter_speed&quot;:&quot;0.00125&quot;,&quot;title&quot;:&quot;&quot;,&quot;orientation&quot;:&quot;0&quot;}\" data-image-title=\"Eis\" data-image-description=\"\" data-medium-file=\"https:\/\/i0.wp.com\/idnu.ch\/wordpress\/wp-content\/uploads\/2021\/01\/mittelpunkt_aargau-20210124-7.jpg?fit=200%2C300&#038;ssl=1\" data-large-file=\"https:\/\/i0.wp.com\/idnu.ch\/wordpress\/wp-content\/uploads\/2021\/01\/mittelpunkt_aargau-20210124-7.jpg?fit=683%2C1024&#038;ssl=1\" src=\"https:\/\/i0.wp.com\/idnu.ch\/wordpress\/wp-content\/uploads\/2021\/01\/mittelpunkt_aargau-20210124-7.jpg?w=746&#038;h=1119&#038;ssl=1\" srcset=\"https:\/\/i0.wp.com\/idnu.ch\/wordpress\/wp-content\/uploads\/2021\/01\/mittelpunkt_aargau-20210124-7.jpg?w=827&amp;ssl=1 827w, https:\/\/i0.wp.com\/idnu.ch\/wordpress\/wp-content\/uploads\/2021\/01\/mittelpunkt_aargau-20210124-7.jpg?resize=200%2C300&amp;ssl=1 200w, https:\/\/i0.wp.com\/idnu.ch\/wordpress\/wp-content\/uploads\/2021\/01\/mittelpunkt_aargau-20210124-7.jpg?resize=683%2C1024&amp;ssl=1 683w, https:\/\/i0.wp.com\/idnu.ch\/wordpress\/wp-content\/uploads\/2021\/01\/mittelpunkt_aargau-20210124-7.jpg?resize=768%2C1152&amp;ssl=1 768w, https:\/\/i0.wp.com\/idnu.ch\/wordpress\/wp-content\/uploads\/2021\/01\/mittelpunkt_aargau-20210124-7.jpg?resize=67%2C100&amp;ssl=1 67w\" width=\"746\" height=\"1119\" loading=\"lazy\" data-original-width=\"746\" data-original-height=\"1119\" itemprop=\"http:\/\/schema.org\/image\" title=\"Eis\" alt=\"Eis\" style=\"width: 746px; height: 1119px;\" \/> <\/a> <\/div> <\/div> <!-- close group --> <\/div> <!-- close row --> <\/div>\n<h2>Am Mittelpunkt<\/h2>\n<p>Wir \u00fcber- und unterqueren Eisenbahnlinien und Strassen, mitten im Wald. Diese sind wir aber schnell wieder los, bald haben wir Ruhe. 50 Minuten waren vom Bahnhof Rupperswil angegeben, keine Ahnung wie lange wir nun gehabt haben. Aber jedenfalls haben wir ihn erreicht. Spektakul\u00e4r ist anders, es ist ein grosser Stein, errichtet zum 175-Jahr-Jubil\u00e4um des Kantons Aargau anno 1978. Um den Stein herum sind Betonb\u00e4nke gruppiert, f\u00fcr jeden Bezirk eine Sitzbank.<\/p>\n<p><a href=\"https:\/\/i0.wp.com\/idnu.ch\/wordpress\/wp-content\/uploads\/2021\/01\/mittelpunkt_aargau-20210124-8.jpg?ssl=1\"><img data-recalc-dims=\"1\" loading=\"lazy\" decoding=\"async\" data-attachment-id=\"17561\" data-permalink=\"https:\/\/idnu.ch\/wordpress\/zum-mittelpunkt-des-kantons-aargau\/mittelpunkt_aargau-20210124-8\/#main\" data-orig-file=\"https:\/\/i0.wp.com\/idnu.ch\/wordpress\/wp-content\/uploads\/2021\/01\/mittelpunkt_aargau-20210124-8.jpg?fit=1240%2C827&amp;ssl=1\" data-orig-size=\"1240,827\" data-comments-opened=\"1\" data-image-meta=\"{&quot;aperture&quot;:&quot;4&quot;,&quot;credit&quot;:&quot;Urs Kyburz&quot;,&quot;camera&quot;:&quot;Canon EOS 5D Mark IV&quot;,&quot;caption&quot;:&quot;&quot;,&quot;created_timestamp&quot;:&quot;1611482063&quot;,&quot;copyright&quot;:&quot;Copyright Urs Kyburz (2019)&quot;,&quot;focal_length&quot;:&quot;80&quot;,&quot;iso&quot;:&quot;100&quot;,&quot;shutter_speed&quot;:&quot;0.0015625&quot;,&quot;title&quot;:&quot;&quot;,&quot;orientation&quot;:&quot;0&quot;}\" data-image-title=\"Der Mittelpunkt des Aargaus\" data-image-description=\"\" data-image-caption=\"\" data-large-file=\"https:\/\/i0.wp.com\/idnu.ch\/wordpress\/wp-content\/uploads\/2021\/01\/mittelpunkt_aargau-20210124-8.jpg?fit=750%2C500&amp;ssl=1\" class=\"alignnone size-full wp-image-17561\" src=\"https:\/\/i0.wp.com\/idnu.ch\/wordpress\/wp-content\/uploads\/2021\/01\/mittelpunkt_aargau-20210124-8.jpg?resize=750%2C500&#038;ssl=1\" alt=\"Der Mittelpunkt des Aargaus\" width=\"750\" height=\"500\" srcset=\"https:\/\/i0.wp.com\/idnu.ch\/wordpress\/wp-content\/uploads\/2021\/01\/mittelpunkt_aargau-20210124-8.jpg?w=1240&amp;ssl=1 1240w, https:\/\/i0.wp.com\/idnu.ch\/wordpress\/wp-content\/uploads\/2021\/01\/mittelpunkt_aargau-20210124-8.jpg?resize=300%2C200&amp;ssl=1 300w, https:\/\/i0.wp.com\/idnu.ch\/wordpress\/wp-content\/uploads\/2021\/01\/mittelpunkt_aargau-20210124-8.jpg?resize=1024%2C683&amp;ssl=1 1024w, https:\/\/i0.wp.com\/idnu.ch\/wordpress\/wp-content\/uploads\/2021\/01\/mittelpunkt_aargau-20210124-8.jpg?resize=768%2C512&amp;ssl=1 768w, https:\/\/i0.wp.com\/idnu.ch\/wordpress\/wp-content\/uploads\/2021\/01\/mittelpunkt_aargau-20210124-8.jpg?resize=150%2C100&amp;ssl=1 150w\" sizes=\"auto, (max-width: 750px) 100vw, 750px\" \/><\/a><\/p>\n<p>F\u00e4hrt man von Lenzburg nach Wildegg, erblickt man linkerhand den Aabach, der sich hier an den Hang schmiegt. Nun wollen wir den mal zu Fuss erkunden und wandern Richtung Niederlenz, die Zusatzschlaufe in Kauf nehmend. Wie wir auf einer Infotafel erfahren, gehen wir hier auf der in den achtziger Jahren stillgelegten Bahnstrecke Lenzburg &#8211; Wildegg. H\u00e4tte sich auch gut gemacht als Radweg. Wir steigen ab zum Bach, der ziemlich viel Wasser f\u00fchrt. Wieviel, sehen wir etwas weiter unten: Die Ufer sind \u00fcberschwemmt, er fliesst teilweise \u00fcber die Wiese. Dies wiederum freut die Stockenten und die Bergstelze, die im seichten Wasser nach Nahrung suchen. Nach einem Stauwehr, das nach wie vor den Zufluss zu einem Kanal regelt (wozu habe ich leider nicht herausgefunden) steigen wir wieder hoch, nur um danach sanft abfallend nach Wildegg abzusteigen. Aber viel besser als der Strasse entlang.<\/p>\n<div class=\"tiled-gallery type-rectangular tiled-gallery-unresized\" data-original-width=\"750\" data-carousel-extra='{&quot;blog_id&quot;:1,&quot;permalink&quot;:&quot;https:\\\/\\\/idnu.ch\\\/wordpress\\\/zum-mittelpunkt-des-kantons-aargau\\\/&quot;,&quot;likes_blog_id&quot;:100184974}' itemscope itemtype=\"http:\/\/schema.org\/ImageGallery\" > <div class=\"gallery-row\" style=\"width: 750px; height: 335px;\" data-original-width=\"750\" data-original-height=\"335\" > <div class=\"gallery-group images-1\" style=\"width: 501px; height: 335px;\" data-original-width=\"501\" data-original-height=\"335\" > <div class=\"tiled-gallery-item tiled-gallery-item-large\" itemprop=\"associatedMedia\" itemscope itemtype=\"http:\/\/schema.org\/ImageObject\"> <a href=\"https:\/\/idnu.ch\/wordpress\/zum-mittelpunkt-des-kantons-aargau\/mittelpunkt_aargau-20210124-14\/#main\" border=\"0\" itemprop=\"url\"> <meta itemprop=\"width\" content=\"497\"> <meta itemprop=\"height\" content=\"331\"> <img decoding=\"async\" class=\"\" data-attachment-id=\"17562\" data-orig-file=\"https:\/\/idnu.ch\/wordpress\/wp-content\/uploads\/2021\/01\/mittelpunkt_aargau-20210124-14.jpg\" data-orig-size=\"1240,827\" data-comments-opened=\"1\" data-image-meta=\"{&quot;aperture&quot;:&quot;8&quot;,&quot;credit&quot;:&quot;Urs Kyburz&quot;,&quot;camera&quot;:&quot;Canon EOS 5D Mark IV&quot;,&quot;caption&quot;:&quot;&quot;,&quot;created_timestamp&quot;:&quot;1611484282&quot;,&quot;copyright&quot;:&quot;Copyright Urs Kyburz (2019)&quot;,&quot;focal_length&quot;:&quot;35&quot;,&quot;iso&quot;:&quot;100&quot;,&quot;shutter_speed&quot;:&quot;0.004&quot;,&quot;title&quot;:&quot;&quot;,&quot;orientation&quot;:&quot;0&quot;}\" data-image-title=\"Es hat sogar noch Schnee\" data-image-description=\"\" data-medium-file=\"https:\/\/i0.wp.com\/idnu.ch\/wordpress\/wp-content\/uploads\/2021\/01\/mittelpunkt_aargau-20210124-14.jpg?fit=300%2C200&#038;ssl=1\" data-large-file=\"https:\/\/i0.wp.com\/idnu.ch\/wordpress\/wp-content\/uploads\/2021\/01\/mittelpunkt_aargau-20210124-14.jpg?fit=750%2C500&#038;ssl=1\" src=\"https:\/\/i0.wp.com\/idnu.ch\/wordpress\/wp-content\/uploads\/2021\/01\/mittelpunkt_aargau-20210124-14.jpg?w=497&#038;h=331&#038;ssl=1\" srcset=\"https:\/\/i0.wp.com\/idnu.ch\/wordpress\/wp-content\/uploads\/2021\/01\/mittelpunkt_aargau-20210124-14.jpg?w=1240&amp;ssl=1 1240w, https:\/\/i0.wp.com\/idnu.ch\/wordpress\/wp-content\/uploads\/2021\/01\/mittelpunkt_aargau-20210124-14.jpg?resize=300%2C200&amp;ssl=1 300w, https:\/\/i0.wp.com\/idnu.ch\/wordpress\/wp-content\/uploads\/2021\/01\/mittelpunkt_aargau-20210124-14.jpg?resize=1024%2C683&amp;ssl=1 1024w, https:\/\/i0.wp.com\/idnu.ch\/wordpress\/wp-content\/uploads\/2021\/01\/mittelpunkt_aargau-20210124-14.jpg?resize=768%2C512&amp;ssl=1 768w, https:\/\/i0.wp.com\/idnu.ch\/wordpress\/wp-content\/uploads\/2021\/01\/mittelpunkt_aargau-20210124-14.jpg?resize=150%2C100&amp;ssl=1 150w\" width=\"497\" height=\"331\" loading=\"lazy\" data-original-width=\"497\" data-original-height=\"331\" itemprop=\"http:\/\/schema.org\/image\" title=\"Es hat sogar noch Schnee\" alt=\"Es hat sogar noch Schnee\" style=\"width: 497px; height: 331px;\" \/> <\/a> <div class=\"tiled-gallery-caption\" itemprop=\"caption description\"> Selbst in dieser tiefen Lage liegt noch Schnee <\/div> <\/div> <\/div> <!-- close group --> <div class=\"gallery-group images-2\" style=\"width: 249px; height: 335px;\" data-original-width=\"249\" data-original-height=\"335\" > <div class=\"tiled-gallery-item tiled-gallery-item-small\" itemprop=\"associatedMedia\" itemscope itemtype=\"http:\/\/schema.org\/ImageObject\"> <a href=\"https:\/\/idnu.ch\/wordpress\/zum-mittelpunkt-des-kantons-aargau\/mittelpunkt_aargau-20210124-16\/#main\" border=\"0\" itemprop=\"url\"> <meta itemprop=\"width\" content=\"245\"> <meta itemprop=\"height\" content=\"164\"> <img decoding=\"async\" class=\"\" data-attachment-id=\"17563\" data-orig-file=\"https:\/\/idnu.ch\/wordpress\/wp-content\/uploads\/2021\/01\/mittelpunkt_aargau-20210124-16.jpg\" data-orig-size=\"1240,827\" data-comments-opened=\"1\" data-image-meta=\"{&quot;aperture&quot;:&quot;9&quot;,&quot;credit&quot;:&quot;Urs Kyburz&quot;,&quot;camera&quot;:&quot;Canon EOS 5D Mark IV&quot;,&quot;caption&quot;:&quot;&quot;,&quot;created_timestamp&quot;:&quot;1611484529&quot;,&quot;copyright&quot;:&quot;Copyright Urs Kyburz (2019)&quot;,&quot;focal_length&quot;:&quot;58&quot;,&quot;iso&quot;:&quot;100&quot;,&quot;shutter_speed&quot;:&quot;0.01&quot;,&quot;title&quot;:&quot;&quot;,&quot;orientation&quot;:&quot;0&quot;}\" data-image-title=\"Der Aabach, etwas \u00fcberbordend\" data-image-description=\"\" data-medium-file=\"https:\/\/i0.wp.com\/idnu.ch\/wordpress\/wp-content\/uploads\/2021\/01\/mittelpunkt_aargau-20210124-16.jpg?fit=300%2C200&#038;ssl=1\" data-large-file=\"https:\/\/i0.wp.com\/idnu.ch\/wordpress\/wp-content\/uploads\/2021\/01\/mittelpunkt_aargau-20210124-16.jpg?fit=750%2C500&#038;ssl=1\" src=\"https:\/\/i0.wp.com\/idnu.ch\/wordpress\/wp-content\/uploads\/2021\/01\/mittelpunkt_aargau-20210124-16.jpg?w=245&#038;h=164&#038;ssl=1\" srcset=\"https:\/\/i0.wp.com\/idnu.ch\/wordpress\/wp-content\/uploads\/2021\/01\/mittelpunkt_aargau-20210124-16.jpg?w=1240&amp;ssl=1 1240w, https:\/\/i0.wp.com\/idnu.ch\/wordpress\/wp-content\/uploads\/2021\/01\/mittelpunkt_aargau-20210124-16.jpg?resize=300%2C200&amp;ssl=1 300w, https:\/\/i0.wp.com\/idnu.ch\/wordpress\/wp-content\/uploads\/2021\/01\/mittelpunkt_aargau-20210124-16.jpg?resize=1024%2C683&amp;ssl=1 1024w, https:\/\/i0.wp.com\/idnu.ch\/wordpress\/wp-content\/uploads\/2021\/01\/mittelpunkt_aargau-20210124-16.jpg?resize=768%2C512&amp;ssl=1 768w, https:\/\/i0.wp.com\/idnu.ch\/wordpress\/wp-content\/uploads\/2021\/01\/mittelpunkt_aargau-20210124-16.jpg?resize=150%2C100&amp;ssl=1 150w\" width=\"245\" height=\"164\" loading=\"lazy\" data-original-width=\"245\" data-original-height=\"164\" itemprop=\"http:\/\/schema.org\/image\" title=\"Der Aabach, etwas \u00fcberbordend\" alt=\"Der Aabach, etwas \u00fcberbordend\" style=\"width: 245px; height: 164px;\" \/> <\/a> <\/div> <div class=\"tiled-gallery-item tiled-gallery-item-small\" itemprop=\"associatedMedia\" itemscope itemtype=\"http:\/\/schema.org\/ImageObject\"> <a href=\"https:\/\/idnu.ch\/wordpress\/zum-mittelpunkt-des-kantons-aargau\/mittelpunkt_aargau-20210124-19\/#main\" border=\"0\" itemprop=\"url\"> <meta itemprop=\"width\" content=\"245\"> <meta itemprop=\"height\" content=\"163\"> <img decoding=\"async\" class=\"\" data-attachment-id=\"17564\" data-orig-file=\"https:\/\/idnu.ch\/wordpress\/wp-content\/uploads\/2021\/01\/mittelpunkt_aargau-20210124-19.jpg\" data-orig-size=\"1240,827\" data-comments-opened=\"1\" data-image-meta=\"{&quot;aperture&quot;:&quot;9&quot;,&quot;credit&quot;:&quot;Urs Kyburz&quot;,&quot;camera&quot;:&quot;Canon EOS 5D Mark IV&quot;,&quot;caption&quot;:&quot;&quot;,&quot;created_timestamp&quot;:&quot;1611484735&quot;,&quot;copyright&quot;:&quot;Copyright Urs Kyburz (2019)&quot;,&quot;focal_length&quot;:&quot;105&quot;,&quot;iso&quot;:&quot;200&quot;,&quot;shutter_speed&quot;:&quot;0.01&quot;,&quot;title&quot;:&quot;&quot;,&quot;orientation&quot;:&quot;0&quot;}\" data-image-title=\"Die Stockenten freuts\" data-image-description=\"\" data-medium-file=\"https:\/\/i0.wp.com\/idnu.ch\/wordpress\/wp-content\/uploads\/2021\/01\/mittelpunkt_aargau-20210124-19.jpg?fit=300%2C200&#038;ssl=1\" data-large-file=\"https:\/\/i0.wp.com\/idnu.ch\/wordpress\/wp-content\/uploads\/2021\/01\/mittelpunkt_aargau-20210124-19.jpg?fit=750%2C500&#038;ssl=1\" src=\"https:\/\/i0.wp.com\/idnu.ch\/wordpress\/wp-content\/uploads\/2021\/01\/mittelpunkt_aargau-20210124-19.jpg?w=245&#038;h=163&#038;ssl=1\" srcset=\"https:\/\/i0.wp.com\/idnu.ch\/wordpress\/wp-content\/uploads\/2021\/01\/mittelpunkt_aargau-20210124-19.jpg?w=1240&amp;ssl=1 1240w, https:\/\/i0.wp.com\/idnu.ch\/wordpress\/wp-content\/uploads\/2021\/01\/mittelpunkt_aargau-20210124-19.jpg?resize=300%2C200&amp;ssl=1 300w, https:\/\/i0.wp.com\/idnu.ch\/wordpress\/wp-content\/uploads\/2021\/01\/mittelpunkt_aargau-20210124-19.jpg?resize=1024%2C683&amp;ssl=1 1024w, https:\/\/i0.wp.com\/idnu.ch\/wordpress\/wp-content\/uploads\/2021\/01\/mittelpunkt_aargau-20210124-19.jpg?resize=768%2C512&amp;ssl=1 768w, https:\/\/i0.wp.com\/idnu.ch\/wordpress\/wp-content\/uploads\/2021\/01\/mittelpunkt_aargau-20210124-19.jpg?resize=150%2C100&amp;ssl=1 150w\" width=\"245\" height=\"163\" loading=\"lazy\" data-original-width=\"245\" data-original-height=\"163\" itemprop=\"http:\/\/schema.org\/image\" title=\"Die Stockenten freuts\" alt=\"Die Stockenten freuts\" style=\"width: 245px; height: 163px;\" \/> <\/a> <\/div> <\/div> <!-- close group --> <\/div> <!-- close row --> <div class=\"gallery-row\" style=\"width: 750px; height: 502px;\" data-original-width=\"750\" data-original-height=\"502\" > <div class=\"gallery-group images-1\" style=\"width: 750px; height: 502px;\" data-original-width=\"750\" data-original-height=\"502\" > <div class=\"tiled-gallery-item tiled-gallery-item-large\" itemprop=\"associatedMedia\" itemscope itemtype=\"http:\/\/schema.org\/ImageObject\"> <a href=\"https:\/\/idnu.ch\/wordpress\/zum-mittelpunkt-des-kantons-aargau\/mittelpunkt_aargau-20210124-21\/#main\" border=\"0\" itemprop=\"url\"> <meta itemprop=\"width\" content=\"746\"> <meta itemprop=\"height\" content=\"498\"> <img decoding=\"async\" class=\"\" data-attachment-id=\"17565\" data-orig-file=\"https:\/\/idnu.ch\/wordpress\/wp-content\/uploads\/2021\/01\/mittelpunkt_aargau-20210124-21.jpg\" data-orig-size=\"1240,827\" data-comments-opened=\"1\" data-image-meta=\"{&quot;aperture&quot;:&quot;9&quot;,&quot;credit&quot;:&quot;Urs Kyburz&quot;,&quot;camera&quot;:&quot;Canon EOS 5D Mark IV&quot;,&quot;caption&quot;:&quot;&quot;,&quot;created_timestamp&quot;:&quot;1611484798&quot;,&quot;copyright&quot;:&quot;Copyright Urs Kyburz (2019)&quot;,&quot;focal_length&quot;:&quot;28&quot;,&quot;iso&quot;:&quot;100&quot;,&quot;shutter_speed&quot;:&quot;0.0125&quot;,&quot;title&quot;:&quot;&quot;,&quot;orientation&quot;:&quot;0&quot;}\" data-image-title=\"Der Aabach nimmt sich seinen Platz\" data-image-description=\"\" data-medium-file=\"https:\/\/i0.wp.com\/idnu.ch\/wordpress\/wp-content\/uploads\/2021\/01\/mittelpunkt_aargau-20210124-21.jpg?fit=300%2C200&#038;ssl=1\" data-large-file=\"https:\/\/i0.wp.com\/idnu.ch\/wordpress\/wp-content\/uploads\/2021\/01\/mittelpunkt_aargau-20210124-21.jpg?fit=750%2C500&#038;ssl=1\" src=\"https:\/\/i0.wp.com\/idnu.ch\/wordpress\/wp-content\/uploads\/2021\/01\/mittelpunkt_aargau-20210124-21.jpg?w=746&#038;h=498&#038;ssl=1\" srcset=\"https:\/\/i0.wp.com\/idnu.ch\/wordpress\/wp-content\/uploads\/2021\/01\/mittelpunkt_aargau-20210124-21.jpg?w=1240&amp;ssl=1 1240w, https:\/\/i0.wp.com\/idnu.ch\/wordpress\/wp-content\/uploads\/2021\/01\/mittelpunkt_aargau-20210124-21.jpg?resize=300%2C200&amp;ssl=1 300w, https:\/\/i0.wp.com\/idnu.ch\/wordpress\/wp-content\/uploads\/2021\/01\/mittelpunkt_aargau-20210124-21.jpg?resize=1024%2C683&amp;ssl=1 1024w, https:\/\/i0.wp.com\/idnu.ch\/wordpress\/wp-content\/uploads\/2021\/01\/mittelpunkt_aargau-20210124-21.jpg?resize=768%2C512&amp;ssl=1 768w, https:\/\/i0.wp.com\/idnu.ch\/wordpress\/wp-content\/uploads\/2021\/01\/mittelpunkt_aargau-20210124-21.jpg?resize=150%2C100&amp;ssl=1 150w\" width=\"746\" height=\"498\" loading=\"lazy\" data-original-width=\"746\" data-original-height=\"498\" itemprop=\"http:\/\/schema.org\/image\" title=\"Der Aabach nimmt sich seinen Platz\" alt=\"Der Aabach nimmt sich seinen Platz\" style=\"width: 746px; height: 498px;\" \/> <\/a> <\/div> <\/div> <!-- close group --> <\/div> <!-- close row --> <\/div>\n<h2>Dr Aare na<\/h2>\n<p>Bei Wildegg erreichen wir den Aareuferweg, vorbei an der Zementfabrik. Ein riesiges F\u00f6rderband, welches wir unterqueren, transportiert den Jurakalk aus dem Steinbruch in die Fabrik. Es geht sich entspannt dem Ufer entlang, jedenfalls, wenn man dem Eis ausweicht, das auf dem Weg liegt. Nun kann die Frau Wasserv\u00f6gel \u00fcben. Haubentaucher, Kormorane, Mittelmeerm\u00f6wen, Bl\u00e4ssh\u00fchner und jede Menge Stockenten schwadern auf dem Wasser. Wir sind nun im <a href=\"https:\/\/idnu.ch\/wordpress\/im-auenschutzpark-an-der-aare\/\">Auenschutzpark<\/a> und wandern durch zahlreiche Schachen, zuerst den Giesseschachen, dann Obere Faarschache, den Martilooschache und den Geisseschache. Dabei gehen wir parallel zur <a href=\"https:\/\/idnu.ch\/wordpress\/verschneite-gisliflue-am-baerzelitag\/\">Gisliflue<\/a>, die wir drei Wochen zuvor bestiegen haben. Mit dem Feldstecher sehen wir, dass es deutlich mehr Leute hat als am B\u00e4rzelitag, das Wetter l\u00e4dt auch geradezu ein, nach draussen zu gehen.<\/p>\n<div class=\"tiled-gallery type-rectangular tiled-gallery-unresized\" data-original-width=\"750\" data-carousel-extra='{&quot;blog_id&quot;:1,&quot;permalink&quot;:&quot;https:\\\/\\\/idnu.ch\\\/wordpress\\\/zum-mittelpunkt-des-kantons-aargau\\\/&quot;,&quot;likes_blog_id&quot;:100184974}' itemscope itemtype=\"http:\/\/schema.org\/ImageGallery\" > <div class=\"gallery-row\" style=\"width: 750px; height: 335px;\" data-original-width=\"750\" data-original-height=\"335\" > <div class=\"gallery-group images-1\" style=\"width: 501px; height: 335px;\" data-original-width=\"501\" data-original-height=\"335\" > <div class=\"tiled-gallery-item tiled-gallery-item-large\" itemprop=\"associatedMedia\" itemscope itemtype=\"http:\/\/schema.org\/ImageObject\"> <a href=\"https:\/\/idnu.ch\/wordpress\/zum-mittelpunkt-des-kantons-aargau\/mittelpunkt_aargau-20210124-24\/#main\" border=\"0\" itemprop=\"url\"> <meta itemprop=\"width\" content=\"497\"> <meta itemprop=\"height\" content=\"331\"> <img decoding=\"async\" class=\"\" data-attachment-id=\"17566\" data-orig-file=\"https:\/\/idnu.ch\/wordpress\/wp-content\/uploads\/2021\/01\/mittelpunkt_aargau-20210124-24.jpg\" data-orig-size=\"1240,827\" data-comments-opened=\"1\" data-image-meta=\"{&quot;aperture&quot;:&quot;4&quot;,&quot;credit&quot;:&quot;Urs Kyburz&quot;,&quot;camera&quot;:&quot;Canon EOS 5D Mark IV&quot;,&quot;caption&quot;:&quot;&quot;,&quot;created_timestamp&quot;:&quot;1611486947&quot;,&quot;copyright&quot;:&quot;Copyright Urs Kyburz (2019)&quot;,&quot;focal_length&quot;:&quot;105&quot;,&quot;iso&quot;:&quot;100&quot;,&quot;shutter_speed&quot;:&quot;0.003125&quot;,&quot;title&quot;:&quot;&quot;,&quot;orientation&quot;:&quot;0&quot;}\" data-image-title=\"Auf dem Aareuferweg\" data-image-description=\"\" data-medium-file=\"https:\/\/i0.wp.com\/idnu.ch\/wordpress\/wp-content\/uploads\/2021\/01\/mittelpunkt_aargau-20210124-24.jpg?fit=300%2C200&#038;ssl=1\" data-large-file=\"https:\/\/i0.wp.com\/idnu.ch\/wordpress\/wp-content\/uploads\/2021\/01\/mittelpunkt_aargau-20210124-24.jpg?fit=750%2C500&#038;ssl=1\" src=\"https:\/\/i0.wp.com\/idnu.ch\/wordpress\/wp-content\/uploads\/2021\/01\/mittelpunkt_aargau-20210124-24.jpg?w=497&#038;h=331&#038;ssl=1\" srcset=\"https:\/\/i0.wp.com\/idnu.ch\/wordpress\/wp-content\/uploads\/2021\/01\/mittelpunkt_aargau-20210124-24.jpg?w=1240&amp;ssl=1 1240w, https:\/\/i0.wp.com\/idnu.ch\/wordpress\/wp-content\/uploads\/2021\/01\/mittelpunkt_aargau-20210124-24.jpg?resize=300%2C200&amp;ssl=1 300w, https:\/\/i0.wp.com\/idnu.ch\/wordpress\/wp-content\/uploads\/2021\/01\/mittelpunkt_aargau-20210124-24.jpg?resize=1024%2C683&amp;ssl=1 1024w, https:\/\/i0.wp.com\/idnu.ch\/wordpress\/wp-content\/uploads\/2021\/01\/mittelpunkt_aargau-20210124-24.jpg?resize=768%2C512&amp;ssl=1 768w, https:\/\/i0.wp.com\/idnu.ch\/wordpress\/wp-content\/uploads\/2021\/01\/mittelpunkt_aargau-20210124-24.jpg?resize=150%2C100&amp;ssl=1 150w\" width=\"497\" height=\"331\" loading=\"lazy\" data-original-width=\"497\" data-original-height=\"331\" itemprop=\"http:\/\/schema.org\/image\" title=\"Auf dem Aareuferweg\" alt=\"Auf dem Aareuferweg\" style=\"width: 497px; height: 331px;\" \/> <\/a> <\/div> <\/div> <!-- close group --> <div class=\"gallery-group images-2\" style=\"width: 249px; height: 335px;\" data-original-width=\"249\" data-original-height=\"335\" > <div class=\"tiled-gallery-item tiled-gallery-item-small\" itemprop=\"associatedMedia\" itemscope itemtype=\"http:\/\/schema.org\/ImageObject\"> <a href=\"https:\/\/idnu.ch\/wordpress\/zum-mittelpunkt-des-kantons-aargau\/mittelpunkt_aargau-20210124-27\/#main\" border=\"0\" itemprop=\"url\"> <meta itemprop=\"width\" content=\"245\"> <meta itemprop=\"height\" content=\"164\"> <img decoding=\"async\" class=\"\" data-attachment-id=\"17567\" data-orig-file=\"https:\/\/idnu.ch\/wordpress\/wp-content\/uploads\/2021\/01\/mittelpunkt_aargau-20210124-27.jpg\" data-orig-size=\"1240,827\" data-comments-opened=\"1\" data-image-meta=\"{&quot;aperture&quot;:&quot;9&quot;,&quot;credit&quot;:&quot;Urs Kyburz&quot;,&quot;camera&quot;:&quot;Canon EOS 5D Mark IV&quot;,&quot;caption&quot;:&quot;&quot;,&quot;created_timestamp&quot;:&quot;1611487274&quot;,&quot;copyright&quot;:&quot;Copyright Urs Kyburz (2019)&quot;,&quot;focal_length&quot;:&quot;105&quot;,&quot;iso&quot;:&quot;100&quot;,&quot;shutter_speed&quot;:&quot;0.005&quot;,&quot;title&quot;:&quot;&quot;,&quot;orientation&quot;:&quot;0&quot;}\" data-image-title=\"Die Aare\" data-image-description=\"\" data-medium-file=\"https:\/\/i0.wp.com\/idnu.ch\/wordpress\/wp-content\/uploads\/2021\/01\/mittelpunkt_aargau-20210124-27.jpg?fit=300%2C200&#038;ssl=1\" data-large-file=\"https:\/\/i0.wp.com\/idnu.ch\/wordpress\/wp-content\/uploads\/2021\/01\/mittelpunkt_aargau-20210124-27.jpg?fit=750%2C500&#038;ssl=1\" src=\"https:\/\/i0.wp.com\/idnu.ch\/wordpress\/wp-content\/uploads\/2021\/01\/mittelpunkt_aargau-20210124-27.jpg?w=245&#038;h=164&#038;ssl=1\" srcset=\"https:\/\/i0.wp.com\/idnu.ch\/wordpress\/wp-content\/uploads\/2021\/01\/mittelpunkt_aargau-20210124-27.jpg?w=1240&amp;ssl=1 1240w, https:\/\/i0.wp.com\/idnu.ch\/wordpress\/wp-content\/uploads\/2021\/01\/mittelpunkt_aargau-20210124-27.jpg?resize=300%2C200&amp;ssl=1 300w, https:\/\/i0.wp.com\/idnu.ch\/wordpress\/wp-content\/uploads\/2021\/01\/mittelpunkt_aargau-20210124-27.jpg?resize=1024%2C683&amp;ssl=1 1024w, https:\/\/i0.wp.com\/idnu.ch\/wordpress\/wp-content\/uploads\/2021\/01\/mittelpunkt_aargau-20210124-27.jpg?resize=768%2C512&amp;ssl=1 768w, https:\/\/i0.wp.com\/idnu.ch\/wordpress\/wp-content\/uploads\/2021\/01\/mittelpunkt_aargau-20210124-27.jpg?resize=150%2C100&amp;ssl=1 150w\" width=\"245\" height=\"164\" loading=\"lazy\" data-original-width=\"245\" data-original-height=\"164\" itemprop=\"http:\/\/schema.org\/image\" title=\"Die Aare\" alt=\"Die Aare\" style=\"width: 245px; height: 164px;\" \/> <\/a> <\/div> <div class=\"tiled-gallery-item tiled-gallery-item-small\" itemprop=\"associatedMedia\" itemscope itemtype=\"http:\/\/schema.org\/ImageObject\"> <a href=\"https:\/\/idnu.ch\/wordpress\/zum-mittelpunkt-des-kantons-aargau\/mittelpunkt_aargau-20210124-29\/#main\" border=\"0\" itemprop=\"url\"> <meta itemprop=\"width\" content=\"245\"> <meta itemprop=\"height\" content=\"163\"> <img decoding=\"async\" class=\"\" data-attachment-id=\"17568\" data-orig-file=\"https:\/\/idnu.ch\/wordpress\/wp-content\/uploads\/2021\/01\/mittelpunkt_aargau-20210124-29.jpg\" data-orig-size=\"1240,827\" data-comments-opened=\"1\" data-image-meta=\"{&quot;aperture&quot;:&quot;9&quot;,&quot;credit&quot;:&quot;Urs Kyburz&quot;,&quot;camera&quot;:&quot;Canon EOS 5D Mark IV&quot;,&quot;caption&quot;:&quot;&quot;,&quot;created_timestamp&quot;:&quot;1611487298&quot;,&quot;copyright&quot;:&quot;Copyright Urs Kyburz (2019)&quot;,&quot;focal_length&quot;:&quot;85&quot;,&quot;iso&quot;:&quot;100&quot;,&quot;shutter_speed&quot;:&quot;0.005&quot;,&quot;title&quot;:&quot;&quot;,&quot;orientation&quot;:&quot;0&quot;}\" data-image-title=\"Blick zur\u00fcck zum Cheschteberg und dem Schloss Wildegg\" data-image-description=\"\" data-medium-file=\"https:\/\/i0.wp.com\/idnu.ch\/wordpress\/wp-content\/uploads\/2021\/01\/mittelpunkt_aargau-20210124-29.jpg?fit=300%2C200&#038;ssl=1\" data-large-file=\"https:\/\/i0.wp.com\/idnu.ch\/wordpress\/wp-content\/uploads\/2021\/01\/mittelpunkt_aargau-20210124-29.jpg?fit=750%2C500&#038;ssl=1\" src=\"https:\/\/i0.wp.com\/idnu.ch\/wordpress\/wp-content\/uploads\/2021\/01\/mittelpunkt_aargau-20210124-29.jpg?w=245&#038;h=163&#038;ssl=1\" srcset=\"https:\/\/i0.wp.com\/idnu.ch\/wordpress\/wp-content\/uploads\/2021\/01\/mittelpunkt_aargau-20210124-29.jpg?w=1240&amp;ssl=1 1240w, https:\/\/i0.wp.com\/idnu.ch\/wordpress\/wp-content\/uploads\/2021\/01\/mittelpunkt_aargau-20210124-29.jpg?resize=300%2C200&amp;ssl=1 300w, https:\/\/i0.wp.com\/idnu.ch\/wordpress\/wp-content\/uploads\/2021\/01\/mittelpunkt_aargau-20210124-29.jpg?resize=1024%2C683&amp;ssl=1 1024w, https:\/\/i0.wp.com\/idnu.ch\/wordpress\/wp-content\/uploads\/2021\/01\/mittelpunkt_aargau-20210124-29.jpg?resize=768%2C512&amp;ssl=1 768w, https:\/\/i0.wp.com\/idnu.ch\/wordpress\/wp-content\/uploads\/2021\/01\/mittelpunkt_aargau-20210124-29.jpg?resize=150%2C100&amp;ssl=1 150w\" width=\"245\" height=\"163\" loading=\"lazy\" data-original-width=\"245\" data-original-height=\"163\" itemprop=\"http:\/\/schema.org\/image\" title=\"Blick zur\u00fcck zum Cheschteberg und dem Schloss Wildegg\" alt=\"Blick zur\u00fcck zum Cheschteberg und dem Schloss Wildegg\" style=\"width: 245px; height: 163px;\" \/> <\/a> <\/div> <\/div> <!-- close group --> <\/div> <!-- close row --> <div class=\"gallery-row\" style=\"width: 750px; height: 126px;\" data-original-width=\"750\" data-original-height=\"126\" > <div class=\"gallery-group images-1\" style=\"width: 188px; height: 126px;\" data-original-width=\"188\" data-original-height=\"126\" > <div class=\"tiled-gallery-item tiled-gallery-item-small\" itemprop=\"associatedMedia\" itemscope itemtype=\"http:\/\/schema.org\/ImageObject\"> <a href=\"https:\/\/idnu.ch\/wordpress\/zum-mittelpunkt-des-kantons-aargau\/mittelpunkt_aargau-20210124-36\/#main\" border=\"0\" itemprop=\"url\"> <meta itemprop=\"width\" content=\"184\"> <meta itemprop=\"height\" content=\"122\"> <img decoding=\"async\" class=\"\" data-attachment-id=\"17569\" data-orig-file=\"https:\/\/idnu.ch\/wordpress\/wp-content\/uploads\/2021\/01\/mittelpunkt_aargau-20210124-36.jpg\" data-orig-size=\"1240,827\" data-comments-opened=\"1\" data-image-meta=\"{&quot;aperture&quot;:&quot;9&quot;,&quot;credit&quot;:&quot;Urs Kyburz&quot;,&quot;camera&quot;:&quot;Canon EOS 5D Mark IV&quot;,&quot;caption&quot;:&quot;&quot;,&quot;created_timestamp&quot;:&quot;1611491347&quot;,&quot;copyright&quot;:&quot;Copyright Urs Kyburz (2019)&quot;,&quot;focal_length&quot;:&quot;60&quot;,&quot;iso&quot;:&quot;100&quot;,&quot;shutter_speed&quot;:&quot;0.00625&quot;,&quot;title&quot;:&quot;&quot;,&quot;orientation&quot;:&quot;0&quot;}\" data-image-title=\"Viel Betrieb w\u00e4hrend des Lockdowns\" data-image-description=\"\" data-medium-file=\"https:\/\/i0.wp.com\/idnu.ch\/wordpress\/wp-content\/uploads\/2021\/01\/mittelpunkt_aargau-20210124-36.jpg?fit=300%2C200&#038;ssl=1\" data-large-file=\"https:\/\/i0.wp.com\/idnu.ch\/wordpress\/wp-content\/uploads\/2021\/01\/mittelpunkt_aargau-20210124-36.jpg?fit=750%2C500&#038;ssl=1\" src=\"https:\/\/i0.wp.com\/idnu.ch\/wordpress\/wp-content\/uploads\/2021\/01\/mittelpunkt_aargau-20210124-36.jpg?w=184&#038;h=122&#038;ssl=1\" srcset=\"https:\/\/i0.wp.com\/idnu.ch\/wordpress\/wp-content\/uploads\/2021\/01\/mittelpunkt_aargau-20210124-36.jpg?w=1240&amp;ssl=1 1240w, https:\/\/i0.wp.com\/idnu.ch\/wordpress\/wp-content\/uploads\/2021\/01\/mittelpunkt_aargau-20210124-36.jpg?resize=300%2C200&amp;ssl=1 300w, https:\/\/i0.wp.com\/idnu.ch\/wordpress\/wp-content\/uploads\/2021\/01\/mittelpunkt_aargau-20210124-36.jpg?resize=1024%2C683&amp;ssl=1 1024w, https:\/\/i0.wp.com\/idnu.ch\/wordpress\/wp-content\/uploads\/2021\/01\/mittelpunkt_aargau-20210124-36.jpg?resize=768%2C512&amp;ssl=1 768w, https:\/\/i0.wp.com\/idnu.ch\/wordpress\/wp-content\/uploads\/2021\/01\/mittelpunkt_aargau-20210124-36.jpg?resize=150%2C100&amp;ssl=1 150w\" width=\"184\" height=\"122\" loading=\"lazy\" data-original-width=\"184\" data-original-height=\"122\" itemprop=\"http:\/\/schema.org\/image\" title=\"Viel Betrieb w\u00e4hrend des Lockdowns\" alt=\"Viel Betrieb w\u00e4hrend des Lockdowns\" style=\"width: 184px; height: 122px;\" \/> <\/a> <\/div> <\/div> <!-- close group --> <div class=\"gallery-group images-1\" style=\"width: 188px; height: 126px;\" data-original-width=\"188\" data-original-height=\"126\" > <div class=\"tiled-gallery-item tiled-gallery-item-small\" itemprop=\"associatedMedia\" itemscope itemtype=\"http:\/\/schema.org\/ImageObject\"> <a href=\"https:\/\/idnu.ch\/wordpress\/zum-mittelpunkt-des-kantons-aargau\/mittelpunkt_aargau-20210124-38\/#main\" border=\"0\" itemprop=\"url\"> <meta itemprop=\"width\" content=\"184\"> <meta itemprop=\"height\" content=\"122\"> <img decoding=\"async\" class=\"\" data-attachment-id=\"17570\" data-orig-file=\"https:\/\/idnu.ch\/wordpress\/wp-content\/uploads\/2021\/01\/mittelpunkt_aargau-20210124-38.jpg\" data-orig-size=\"1240,827\" data-comments-opened=\"1\" data-image-meta=\"{&quot;aperture&quot;:&quot;9&quot;,&quot;credit&quot;:&quot;Urs Kyburz&quot;,&quot;camera&quot;:&quot;Canon EOS 5D Mark IV&quot;,&quot;caption&quot;:&quot;&quot;,&quot;created_timestamp&quot;:&quot;1611492085&quot;,&quot;copyright&quot;:&quot;Copyright Urs Kyburz (2019)&quot;,&quot;focal_length&quot;:&quot;24&quot;,&quot;iso&quot;:&quot;100&quot;,&quot;shutter_speed&quot;:&quot;0.005&quot;,&quot;title&quot;:&quot;&quot;,&quot;orientation&quot;:&quot;0&quot;}\" data-image-title=\"Im Aaresch\u00e4chli\" data-image-description=\"\" data-medium-file=\"https:\/\/i0.wp.com\/idnu.ch\/wordpress\/wp-content\/uploads\/2021\/01\/mittelpunkt_aargau-20210124-38.jpg?fit=300%2C200&#038;ssl=1\" data-large-file=\"https:\/\/i0.wp.com\/idnu.ch\/wordpress\/wp-content\/uploads\/2021\/01\/mittelpunkt_aargau-20210124-38.jpg?fit=750%2C500&#038;ssl=1\" src=\"https:\/\/i0.wp.com\/idnu.ch\/wordpress\/wp-content\/uploads\/2021\/01\/mittelpunkt_aargau-20210124-38.jpg?w=184&#038;h=122&#038;ssl=1\" srcset=\"https:\/\/i0.wp.com\/idnu.ch\/wordpress\/wp-content\/uploads\/2021\/01\/mittelpunkt_aargau-20210124-38.jpg?w=1240&amp;ssl=1 1240w, https:\/\/i0.wp.com\/idnu.ch\/wordpress\/wp-content\/uploads\/2021\/01\/mittelpunkt_aargau-20210124-38.jpg?resize=300%2C200&amp;ssl=1 300w, https:\/\/i0.wp.com\/idnu.ch\/wordpress\/wp-content\/uploads\/2021\/01\/mittelpunkt_aargau-20210124-38.jpg?resize=1024%2C683&amp;ssl=1 1024w, https:\/\/i0.wp.com\/idnu.ch\/wordpress\/wp-content\/uploads\/2021\/01\/mittelpunkt_aargau-20210124-38.jpg?resize=768%2C512&amp;ssl=1 768w, https:\/\/i0.wp.com\/idnu.ch\/wordpress\/wp-content\/uploads\/2021\/01\/mittelpunkt_aargau-20210124-38.jpg?resize=150%2C100&amp;ssl=1 150w\" width=\"184\" height=\"122\" loading=\"lazy\" data-original-width=\"184\" data-original-height=\"122\" itemprop=\"http:\/\/schema.org\/image\" title=\"Im Aaresch\u00e4chli\" alt=\"Im Aaresch\u00e4chli\" style=\"width: 184px; height: 122px;\" \/> <\/a> <\/div> <\/div> <!-- close group --> <div class=\"gallery-group images-1\" style=\"width: 187px; height: 126px;\" data-original-width=\"187\" data-original-height=\"126\" > <div class=\"tiled-gallery-item tiled-gallery-item-small\" itemprop=\"associatedMedia\" itemscope itemtype=\"http:\/\/schema.org\/ImageObject\"> <a href=\"https:\/\/idnu.ch\/wordpress\/zum-mittelpunkt-des-kantons-aargau\/mittelpunkt_aargau-20210124-40\/#main\" border=\"0\" itemprop=\"url\"> <meta itemprop=\"width\" content=\"183\"> <meta itemprop=\"height\" content=\"122\"> <img decoding=\"async\" class=\"\" data-attachment-id=\"17571\" data-orig-file=\"https:\/\/idnu.ch\/wordpress\/wp-content\/uploads\/2021\/01\/mittelpunkt_aargau-20210124-40.jpg\" data-orig-size=\"1240,827\" data-comments-opened=\"1\" data-image-meta=\"{&quot;aperture&quot;:&quot;9&quot;,&quot;credit&quot;:&quot;Urs Kyburz&quot;,&quot;camera&quot;:&quot;Canon EOS 5D Mark IV&quot;,&quot;caption&quot;:&quot;&quot;,&quot;created_timestamp&quot;:&quot;1611492437&quot;,&quot;copyright&quot;:&quot;Copyright Urs Kyburz (2019)&quot;,&quot;focal_length&quot;:&quot;55&quot;,&quot;iso&quot;:&quot;100&quot;,&quot;shutter_speed&quot;:&quot;0.003125&quot;,&quot;title&quot;:&quot;&quot;,&quot;orientation&quot;:&quot;0&quot;}\" data-image-title=\"Der Wasserflue entgegen\" data-image-description=\"\" data-medium-file=\"https:\/\/i0.wp.com\/idnu.ch\/wordpress\/wp-content\/uploads\/2021\/01\/mittelpunkt_aargau-20210124-40.jpg?fit=300%2C200&#038;ssl=1\" data-large-file=\"https:\/\/i0.wp.com\/idnu.ch\/wordpress\/wp-content\/uploads\/2021\/01\/mittelpunkt_aargau-20210124-40.jpg?fit=750%2C500&#038;ssl=1\" src=\"https:\/\/i0.wp.com\/idnu.ch\/wordpress\/wp-content\/uploads\/2021\/01\/mittelpunkt_aargau-20210124-40.jpg?w=183&#038;h=122&#038;ssl=1\" srcset=\"https:\/\/i0.wp.com\/idnu.ch\/wordpress\/wp-content\/uploads\/2021\/01\/mittelpunkt_aargau-20210124-40.jpg?w=1240&amp;ssl=1 1240w, https:\/\/i0.wp.com\/idnu.ch\/wordpress\/wp-content\/uploads\/2021\/01\/mittelpunkt_aargau-20210124-40.jpg?resize=300%2C200&amp;ssl=1 300w, https:\/\/i0.wp.com\/idnu.ch\/wordpress\/wp-content\/uploads\/2021\/01\/mittelpunkt_aargau-20210124-40.jpg?resize=1024%2C683&amp;ssl=1 1024w, https:\/\/i0.wp.com\/idnu.ch\/wordpress\/wp-content\/uploads\/2021\/01\/mittelpunkt_aargau-20210124-40.jpg?resize=768%2C512&amp;ssl=1 768w, https:\/\/i0.wp.com\/idnu.ch\/wordpress\/wp-content\/uploads\/2021\/01\/mittelpunkt_aargau-20210124-40.jpg?resize=150%2C100&amp;ssl=1 150w\" width=\"183\" height=\"122\" loading=\"lazy\" data-original-width=\"183\" data-original-height=\"122\" itemprop=\"http:\/\/schema.org\/image\" title=\"Der Wasserflue entgegen\" alt=\"Der Wasserflue entgegen\" style=\"width: 183px; height: 122px;\" \/> <\/a> <div class=\"tiled-gallery-caption\" itemprop=\"caption description\"> Der Wasserflue entgegen (jedenfalls in die Richtung) <\/div> <\/div> <\/div> <!-- close group --> <div class=\"gallery-group images-1\" style=\"width: 187px; height: 126px;\" data-original-width=\"187\" data-original-height=\"126\" > <div class=\"tiled-gallery-item tiled-gallery-item-small\" itemprop=\"associatedMedia\" itemscope itemtype=\"http:\/\/schema.org\/ImageObject\"> <a href=\"https:\/\/idnu.ch\/wordpress\/zum-mittelpunkt-des-kantons-aargau\/mittelpunkt_aargau-20210124-44\/#main\" border=\"0\" itemprop=\"url\"> <meta itemprop=\"width\" content=\"183\"> <meta itemprop=\"height\" content=\"122\"> <img decoding=\"async\" class=\"\" data-attachment-id=\"17572\" data-orig-file=\"https:\/\/idnu.ch\/wordpress\/wp-content\/uploads\/2021\/01\/mittelpunkt_aargau-20210124-44.jpg\" data-orig-size=\"1240,827\" data-comments-opened=\"1\" data-image-meta=\"{&quot;aperture&quot;:&quot;9&quot;,&quot;credit&quot;:&quot;Urs Kyburz&quot;,&quot;camera&quot;:&quot;Canon EOS 5D Mark IV&quot;,&quot;caption&quot;:&quot;&quot;,&quot;created_timestamp&quot;:&quot;1611493336&quot;,&quot;copyright&quot;:&quot;Copyright Urs Kyburz (2019)&quot;,&quot;focal_length&quot;:&quot;105&quot;,&quot;iso&quot;:&quot;100&quot;,&quot;shutter_speed&quot;:&quot;0.004&quot;,&quot;title&quot;:&quot;&quot;,&quot;orientation&quot;:&quot;0&quot;}\" data-image-title=\"Die Gisliflue\" data-image-description=\"\" data-medium-file=\"https:\/\/i0.wp.com\/idnu.ch\/wordpress\/wp-content\/uploads\/2021\/01\/mittelpunkt_aargau-20210124-44.jpg?fit=300%2C200&#038;ssl=1\" data-large-file=\"https:\/\/i0.wp.com\/idnu.ch\/wordpress\/wp-content\/uploads\/2021\/01\/mittelpunkt_aargau-20210124-44.jpg?fit=750%2C500&#038;ssl=1\" src=\"https:\/\/i0.wp.com\/idnu.ch\/wordpress\/wp-content\/uploads\/2021\/01\/mittelpunkt_aargau-20210124-44.jpg?w=183&#038;h=122&#038;ssl=1\" srcset=\"https:\/\/i0.wp.com\/idnu.ch\/wordpress\/wp-content\/uploads\/2021\/01\/mittelpunkt_aargau-20210124-44.jpg?w=1240&amp;ssl=1 1240w, https:\/\/i0.wp.com\/idnu.ch\/wordpress\/wp-content\/uploads\/2021\/01\/mittelpunkt_aargau-20210124-44.jpg?resize=300%2C200&amp;ssl=1 300w, https:\/\/i0.wp.com\/idnu.ch\/wordpress\/wp-content\/uploads\/2021\/01\/mittelpunkt_aargau-20210124-44.jpg?resize=1024%2C683&amp;ssl=1 1024w, https:\/\/i0.wp.com\/idnu.ch\/wordpress\/wp-content\/uploads\/2021\/01\/mittelpunkt_aargau-20210124-44.jpg?resize=768%2C512&amp;ssl=1 768w, https:\/\/i0.wp.com\/idnu.ch\/wordpress\/wp-content\/uploads\/2021\/01\/mittelpunkt_aargau-20210124-44.jpg?resize=150%2C100&amp;ssl=1 150w\" width=\"183\" height=\"122\" loading=\"lazy\" data-original-width=\"183\" data-original-height=\"122\" itemprop=\"http:\/\/schema.org\/image\" title=\"Die Gisliflue\" alt=\"Die Gisliflue\" style=\"width: 183px; height: 122px;\" \/> <\/a> <\/div> <\/div> <!-- close group --> <\/div> <!-- close row --> <\/div>\n<p>Beim Kraftwerk Rupperswil-Auenstein wurde ein Umgehungsgew\u00e4sser gebaut, das es den Fischen erm\u00f6glicht, gefahrlos abw\u00e4rts zu wandern oder \u00fcberhaupt hoch zu kommen. Viel Wasser fliesst da hinunter, die Wasseramsel wird es schwerer haben zum Tauchen. Kurz darauf zweigen wir ab zum Aarsch\u00e4chli, wo viel weniger Leute unterwegs sind als auf dem Damm.<\/p>\n<h2>In Aarau<\/h2>\n<p>Wir n\u00e4hern uns Aarau, \u00fcberqueren die Suhrebr\u00fccke. Bei der &#8222;Staumauer&#8220; genannten \u00dcberbauung durchqueren wir einen Wald, der durchzogen ist von einem Bach. Es ist der renaturierte <a href=\"https:\/\/geoblog.ch\/299-chocolat-frey-frey-kanal\/\" target=\"_blank\" rel=\"noopener\">Frey-Kanal<\/a>, so genannt nach der Erbauerin, der Schokolade Frey, die hier bis 1967 ihre Produktion hatte. Wir steigen hoch in die Stadt, queren das Gel\u00e4nde der Alten Kantonsschule, wo <a href=\"https:\/\/de.wikipedia.org\/wiki\/Albert_Einstein#Der_Weg_zum_Studium:_Matura_in_Aarau\" target=\"_blank\" rel=\"noopener\">Einstein<\/a> die Schulbank dr\u00fcckte. Entgegen der verbreiteten Meinung war er ein sehr guter Gymnasiast, ausser in Franz\u00f6sisch. Das lag daran, dass der erste Einstein-Biograf die Legende verbreitete, er w\u00e4re schlecht gewesen. Was er nicht bedachte ist, dass das Notensystem umgekehrt ist zum deutschen. In der Schweiz ist die 6 die beste Note, die 1 die schlechteste.<\/p>\n<div class=\"tiled-gallery type-rectangular tiled-gallery-unresized\" data-original-width=\"750\" data-carousel-extra='{&quot;blog_id&quot;:1,&quot;permalink&quot;:&quot;https:\\\/\\\/idnu.ch\\\/wordpress\\\/zum-mittelpunkt-des-kantons-aargau\\\/&quot;,&quot;likes_blog_id&quot;:100184974}' itemscope itemtype=\"http:\/\/schema.org\/ImageGallery\" > <div class=\"gallery-row\" style=\"width: 750px; height: 326px;\" data-original-width=\"750\" data-original-height=\"326\" > <div class=\"gallery-group images-1\" style=\"width: 487px; height: 326px;\" data-original-width=\"487\" data-original-height=\"326\" > <div class=\"tiled-gallery-item tiled-gallery-item-large\" itemprop=\"associatedMedia\" itemscope itemtype=\"http:\/\/schema.org\/ImageObject\"> <a href=\"https:\/\/idnu.ch\/wordpress\/zum-mittelpunkt-des-kantons-aargau\/mittelpunkt_aargau-20210124-46\/#main\" border=\"0\" itemprop=\"url\"> <meta itemprop=\"width\" content=\"483\"> <meta itemprop=\"height\" content=\"322\"> <img decoding=\"async\" class=\"\" data-attachment-id=\"17574\" data-orig-file=\"https:\/\/idnu.ch\/wordpress\/wp-content\/uploads\/2021\/01\/mittelpunkt_aargau-20210124-46.jpg\" data-orig-size=\"1240,827\" data-comments-opened=\"1\" data-image-meta=\"{&quot;aperture&quot;:&quot;9&quot;,&quot;credit&quot;:&quot;Urs Kyburz&quot;,&quot;camera&quot;:&quot;Canon EOS 5D Mark IV&quot;,&quot;caption&quot;:&quot;&quot;,&quot;created_timestamp&quot;:&quot;1611494319&quot;,&quot;copyright&quot;:&quot;Copyright Urs Kyburz (2019)&quot;,&quot;focal_length&quot;:&quot;35&quot;,&quot;iso&quot;:&quot;100&quot;,&quot;shutter_speed&quot;:&quot;0.005&quot;,&quot;title&quot;:&quot;&quot;,&quot;orientation&quot;:&quot;0&quot;}\" data-image-title=\"\u00dcber die Suhre\" data-image-description=\"\" data-medium-file=\"https:\/\/i0.wp.com\/idnu.ch\/wordpress\/wp-content\/uploads\/2021\/01\/mittelpunkt_aargau-20210124-46.jpg?fit=300%2C200&#038;ssl=1\" data-large-file=\"https:\/\/i0.wp.com\/idnu.ch\/wordpress\/wp-content\/uploads\/2021\/01\/mittelpunkt_aargau-20210124-46.jpg?fit=750%2C500&#038;ssl=1\" src=\"https:\/\/i0.wp.com\/idnu.ch\/wordpress\/wp-content\/uploads\/2021\/01\/mittelpunkt_aargau-20210124-46.jpg?w=483&#038;h=322&#038;ssl=1\" srcset=\"https:\/\/i0.wp.com\/idnu.ch\/wordpress\/wp-content\/uploads\/2021\/01\/mittelpunkt_aargau-20210124-46.jpg?w=1240&amp;ssl=1 1240w, https:\/\/i0.wp.com\/idnu.ch\/wordpress\/wp-content\/uploads\/2021\/01\/mittelpunkt_aargau-20210124-46.jpg?resize=300%2C200&amp;ssl=1 300w, https:\/\/i0.wp.com\/idnu.ch\/wordpress\/wp-content\/uploads\/2021\/01\/mittelpunkt_aargau-20210124-46.jpg?resize=1024%2C683&amp;ssl=1 1024w, https:\/\/i0.wp.com\/idnu.ch\/wordpress\/wp-content\/uploads\/2021\/01\/mittelpunkt_aargau-20210124-46.jpg?resize=768%2C512&amp;ssl=1 768w, https:\/\/i0.wp.com\/idnu.ch\/wordpress\/wp-content\/uploads\/2021\/01\/mittelpunkt_aargau-20210124-46.jpg?resize=150%2C100&amp;ssl=1 150w\" width=\"483\" height=\"322\" loading=\"lazy\" data-original-width=\"483\" data-original-height=\"322\" itemprop=\"http:\/\/schema.org\/image\" title=\"\u00dcber die Suhre\" alt=\"\u00dcber die Suhre\" style=\"width: 483px; height: 322px;\" \/> <\/a> <\/div> <\/div> <!-- close group --> <div class=\"gallery-group images-2\" style=\"width: 263px; height: 326px;\" data-original-width=\"263\" data-original-height=\"326\" > <div class=\"tiled-gallery-item tiled-gallery-item-large\" itemprop=\"associatedMedia\" itemscope itemtype=\"http:\/\/schema.org\/ImageObject\"> <a href=\"https:\/\/idnu.ch\/wordpress\/zum-mittelpunkt-des-kantons-aargau\/mittelpunkt_aargau-20210124-52\/#main\" border=\"0\" itemprop=\"url\"> <meta itemprop=\"width\" content=\"259\"> <meta itemprop=\"height\" content=\"173\"> <img decoding=\"async\" class=\"\" data-attachment-id=\"17575\" data-orig-file=\"https:\/\/idnu.ch\/wordpress\/wp-content\/uploads\/2021\/01\/mittelpunkt_aargau-20210124-52.jpg\" data-orig-size=\"1240,827\" data-comments-opened=\"1\" data-image-meta=\"{&quot;aperture&quot;:&quot;9&quot;,&quot;credit&quot;:&quot;Urs Kyburz&quot;,&quot;camera&quot;:&quot;Canon EOS 5D Mark IV&quot;,&quot;caption&quot;:&quot;&quot;,&quot;created_timestamp&quot;:&quot;1611495559&quot;,&quot;copyright&quot;:&quot;Copyright Urs Kyburz (2019)&quot;,&quot;focal_length&quot;:&quot;24&quot;,&quot;iso&quot;:&quot;100&quot;,&quot;shutter_speed&quot;:&quot;0.0125&quot;,&quot;title&quot;:&quot;&quot;,&quot;orientation&quot;:&quot;0&quot;}\" data-image-title=\"Im Summergrien bei der &amp;#8222;Staumauer&amp;#8220;\" data-image-description=\"\" data-medium-file=\"https:\/\/i0.wp.com\/idnu.ch\/wordpress\/wp-content\/uploads\/2021\/01\/mittelpunkt_aargau-20210124-52.jpg?fit=300%2C200&#038;ssl=1\" data-large-file=\"https:\/\/i0.wp.com\/idnu.ch\/wordpress\/wp-content\/uploads\/2021\/01\/mittelpunkt_aargau-20210124-52.jpg?fit=750%2C500&#038;ssl=1\" src=\"https:\/\/i0.wp.com\/idnu.ch\/wordpress\/wp-content\/uploads\/2021\/01\/mittelpunkt_aargau-20210124-52.jpg?w=259&#038;h=173&#038;ssl=1\" srcset=\"https:\/\/i0.wp.com\/idnu.ch\/wordpress\/wp-content\/uploads\/2021\/01\/mittelpunkt_aargau-20210124-52.jpg?w=1240&amp;ssl=1 1240w, https:\/\/i0.wp.com\/idnu.ch\/wordpress\/wp-content\/uploads\/2021\/01\/mittelpunkt_aargau-20210124-52.jpg?resize=300%2C200&amp;ssl=1 300w, https:\/\/i0.wp.com\/idnu.ch\/wordpress\/wp-content\/uploads\/2021\/01\/mittelpunkt_aargau-20210124-52.jpg?resize=1024%2C683&amp;ssl=1 1024w, https:\/\/i0.wp.com\/idnu.ch\/wordpress\/wp-content\/uploads\/2021\/01\/mittelpunkt_aargau-20210124-52.jpg?resize=768%2C512&amp;ssl=1 768w, https:\/\/i0.wp.com\/idnu.ch\/wordpress\/wp-content\/uploads\/2021\/01\/mittelpunkt_aargau-20210124-52.jpg?resize=150%2C100&amp;ssl=1 150w\" width=\"259\" height=\"173\" loading=\"lazy\" data-original-width=\"259\" data-original-height=\"173\" itemprop=\"http:\/\/schema.org\/image\" title=\"Im Summergrien bei der &quot;Staumauer&quot;\" alt=\"Im Summergrien bei der &quot;Staumauer&quot;\" style=\"width: 259px; height: 173px;\" \/> <\/a> <\/div> <div class=\"tiled-gallery-item tiled-gallery-item-large\" itemprop=\"associatedMedia\" itemscope itemtype=\"http:\/\/schema.org\/ImageObject\"> <a href=\"https:\/\/idnu.ch\/wordpress\/zum-mittelpunkt-des-kantons-aargau\/einstein_gedenktafel\/#main\" border=\"0\" itemprop=\"url\"> <meta itemprop=\"width\" content=\"259\"> <meta itemprop=\"height\" content=\"145\"> <img decoding=\"async\" class=\"\" data-attachment-id=\"17573\" data-orig-file=\"https:\/\/idnu.ch\/wordpress\/wp-content\/uploads\/2021\/01\/einstein_gedenktafel-scaled.jpg\" data-orig-size=\"2560,1440\" data-comments-opened=\"1\" data-image-meta=\"{&quot;aperture&quot;:&quot;2&quot;,&quot;credit&quot;:&quot;&quot;,&quot;camera&quot;:&quot;G8341&quot;,&quot;caption&quot;:&quot;&quot;,&quot;created_timestamp&quot;:&quot;1611500008&quot;,&quot;copyright&quot;:&quot;&quot;,&quot;focal_length&quot;:&quot;4.4&quot;,&quot;iso&quot;:&quot;800&quot;,&quot;shutter_speed&quot;:&quot;0.02&quot;,&quot;title&quot;:&quot;&quot;,&quot;orientation&quot;:&quot;1&quot;}\" data-image-title=\"Einstein-Gedenktafel in der Unterf\u00fchrung des Bahnhofs Aarau\" data-image-description=\"\" data-medium-file=\"https:\/\/i0.wp.com\/idnu.ch\/wordpress\/wp-content\/uploads\/2021\/01\/einstein_gedenktafel-scaled.jpg?fit=300%2C169&#038;ssl=1\" data-large-file=\"https:\/\/i0.wp.com\/idnu.ch\/wordpress\/wp-content\/uploads\/2021\/01\/einstein_gedenktafel-scaled.jpg?fit=750%2C422&#038;ssl=1\" src=\"https:\/\/i0.wp.com\/idnu.ch\/wordpress\/wp-content\/uploads\/2021\/01\/einstein_gedenktafel-scaled.jpg?w=259&#038;h=145&#038;ssl=1\" srcset=\"https:\/\/i0.wp.com\/idnu.ch\/wordpress\/wp-content\/uploads\/2021\/01\/einstein_gedenktafel-scaled.jpg?w=2560&amp;ssl=1 2560w, https:\/\/i0.wp.com\/idnu.ch\/wordpress\/wp-content\/uploads\/2021\/01\/einstein_gedenktafel-scaled.jpg?resize=300%2C169&amp;ssl=1 300w, https:\/\/i0.wp.com\/idnu.ch\/wordpress\/wp-content\/uploads\/2021\/01\/einstein_gedenktafel-scaled.jpg?resize=1024%2C576&amp;ssl=1 1024w, https:\/\/i0.wp.com\/idnu.ch\/wordpress\/wp-content\/uploads\/2021\/01\/einstein_gedenktafel-scaled.jpg?resize=768%2C432&amp;ssl=1 768w, https:\/\/i0.wp.com\/idnu.ch\/wordpress\/wp-content\/uploads\/2021\/01\/einstein_gedenktafel-scaled.jpg?resize=1536%2C864&amp;ssl=1 1536w, https:\/\/i0.wp.com\/idnu.ch\/wordpress\/wp-content\/uploads\/2021\/01\/einstein_gedenktafel-scaled.jpg?resize=2048%2C1152&amp;ssl=1 2048w, https:\/\/i0.wp.com\/idnu.ch\/wordpress\/wp-content\/uploads\/2021\/01\/einstein_gedenktafel-scaled.jpg?resize=178%2C100&amp;ssl=1 178w, https:\/\/i0.wp.com\/idnu.ch\/wordpress\/wp-content\/uploads\/2021\/01\/einstein_gedenktafel-scaled.jpg?w=2250&amp;ssl=1 2250w\" width=\"259\" height=\"145\" loading=\"lazy\" data-original-width=\"259\" data-original-height=\"145\" itemprop=\"http:\/\/schema.org\/image\" title=\"Einstein-Gedenktafel in der Unterf\u00fchrung des Bahnhofs Aarau\" alt=\"Einstein-Gedenktafel in der Unterf\u00fchrung des Bahnhofs Aarau\" style=\"width: 259px; height: 145px;\" \/> <\/a> <\/div> <\/div> <!-- close group --> <\/div> <!-- close row --> <\/div>\n<p>Wir beendeten auch ohne Noten unsere Wanderung nach 18 Kilometern im Bahnhof Aarau. Es war ein gut genutzter Tag und die Wanderung kriegt gute Noten.<\/p>\n<h2>Info<\/h2>\n<p>Die Wanderung ist einfach, kann jederzeit abgebrochen werden und ist das ganze Jahr \u00fcber machbar.<\/p>\n<table>\n<tbody>\n<tr>\n<td width=\"150\">Start:<\/td>\n<td>Rupperswil, Bahnhof<\/td>\n<\/tr>\n<tr>\n<td>Ziel:<\/td>\n<td>Aarau, Bahnhof<\/td>\n<\/tr>\n<tr>\n<td>Strecke:<\/td>\n<td>Rupperswil Bahnhof &#8211; Mittelpunkt des Aargaus &#8211; Wildegg &#8211; Aareuferweg &#8211; Aarau<\/td>\n<\/tr>\n<tr>\n<td>Distanz:<\/td>\n<td>18 Kilometer<\/td>\n<\/tr>\n<tr>\n<td>H\u00f6henmeter:<\/td>\n<td>90 Meter<\/td>\n<\/tr>\n<tr>\n<td>Dauer:<\/td>\n<td>4 Stunden<\/td>\n<\/tr>\n<tr>\n<td>Schwierigkeit:<\/td>\n<td>T1<\/td>\n<\/tr>\n<tr>\n<td>GPS-Track:<\/td>\n<td><a href=\"https:\/\/idnu.ch\/wordpress\/wp-content\/uploads\/2021\/01\/Route-zum-Mittelpunkt-des-Aargaus.gpx\">Zum Mittelpunkt des Aargaus<\/a><\/td>\n<\/tr>\n<tr>\n<td>H\u00f6hepunkte:<\/td>\n<td>Mittelpunkt, Aareuferweg<\/td>\n<\/tr>\n<tr>\n<td>Alternative:<\/td>\n<td>Die Wanderung kann beliebig verk\u00fcrzt werden: Ab Niederlenz Wildegg, Rupperswil oder Rohr kann der \u00d6V ben\u00fctzt werden.<\/td>\n<\/tr>\n<\/tbody>\n<\/table>\n<blockquote class=\"embedly-card\" data-card-controls=\"0\" data-card-key=\"f1631a41cb254ca5b035dc5747a5bd75\">\n<h4><a href=\"https:\/\/www.relive.cc\/view\/v1vjDNdB2Y6?r=embed-site\">Relive &#8218;Zum Mittelpunkt des Aargaus&#8216;<\/a><\/h4>\n<\/blockquote>\n<p><script async src=\"https:\/\/cdn.embedly.com\/widgets\/platform.js\" charset=\"UTF-8\"><\/script><\/p>\n<p>(Das erste Bild ist falsch gesetzt, der Stein steht wirklich im Wald)<\/p>\n","protected":false},"excerpt":{"rendered":"<p>Nicht gerade zum Mittelpunkt der Erde wie Jules Verne, aber zum Mittelpunkt des&#8230;<\/p>\n","protected":false},"author":2,"featured_media":17561,"comment_status":"open","ping_status":"open","sticky":false,"template":"","format":"standard","meta":{"_monsterinsights_skip_tracking":false,"_monsterinsights_sitenote_active":false,"_monsterinsights_sitenote_note":"","_monsterinsights_sitenote_category":0,"jetpack_post_was_ever_published":false,"_jetpack_newsletter_access":"","_jetpack_dont_email_post_to_subs":false,"_jetpack_newsletter_tier_id":0,"_jetpack_memberships_contains_paywalled_content":false,"_jetpack_memberships_contains_paid_content":false,"footnotes":"","jetpack_publicize_message":"Eine einfache Wanderung zum Mittelpunkt des Kantons Aargau und der Aare entlang zur\u00fcck - was man so macht an einem sch\u00f6nen Sonntag.\r\n#wandern #hiking #sundayhike #aargauwunderland\r\n@aargautourismus","jetpack_publicize_feature_enabled":true,"jetpack_social_post_already_shared":true,"jetpack_social_options":{"image_generator_settings":{"template":"highway","default_image_id":0,"font":"","enabled":false},"version":2}},"categories":[133,914,5],"tags":[465,510,525,1405,607],"class_list":["post-17542","post","type-post","status-publish","format-standard","has-post-thumbnail","hentry","category-aargau","category-aargau-region","category-wandern","tag-aare","tag-fruehling","tag-mittelland","tag-mittelpunkt-des-aargaus","tag-winterwandern"],"geo":null,"yoast_head":"<!-- This site is optimized with the Yoast SEO plugin v27.4 - https:\/\/yoast.com\/product\/yoast-seo-wordpress\/ -->\n<title>Zum Mittelpunkt des Kantons Aargau - In der Natur unterwegs<\/title>\n<meta name=\"description\" content=\"Die Wanderung zum Mittelpunkt des Kantons Aargau ist sehr einfach. Wir wanderten zwar 18 Kilometer, aber die Wanderung kann abgek\u00fcrzt werden.\" \/>\n<meta name=\"robots\" content=\"index, follow, max-snippet:-1, max-image-preview:large, max-video-preview:-1\" \/>\n<link rel=\"canonical\" href=\"https:\/\/idnu.ch\/wordpress\/zum-mittelpunkt-des-kantons-aargau\/\" \/>\n<meta property=\"og:locale\" content=\"de_DE\" \/>\n<meta property=\"og:type\" content=\"article\" \/>\n<meta property=\"og:title\" content=\"Zum Mittelpunkt des Kantons Aargau - In der Natur unterwegs\" \/>\n<meta property=\"og:description\" content=\"Die Wanderung zum Mittelpunkt des Kantons Aargau ist sehr einfach. Wir wanderten zwar 18 Kilometer, aber die Wanderung kann abgek\u00fcrzt werden.\" \/>\n<meta property=\"og:url\" content=\"https:\/\/idnu.ch\/wordpress\/zum-mittelpunkt-des-kantons-aargau\/\" \/>\n<meta property=\"og:site_name\" content=\"In der Natur unterwegs\" \/>\n<meta property=\"article:published_time\" content=\"2021-01-27T17:14:40+00:00\" \/>\n<meta property=\"article:modified_time\" content=\"2023-03-12T15:49:19+00:00\" \/>\n<meta property=\"og:image\" content=\"https:\/\/idnu.ch\/wordpress\/wp-content\/uploads\/2021\/01\/mittelpunkt_aargau-20210124-8.jpg\" \/>\n\t<meta property=\"og:image:width\" content=\"1240\" \/>\n\t<meta property=\"og:image:height\" content=\"827\" \/>\n\t<meta property=\"og:image:type\" content=\"image\/jpeg\" \/>\n<meta name=\"author\" content=\"Urs Kyburz\" \/>\n<meta name=\"twitter:card\" content=\"summary_large_image\" \/>\n<meta name=\"twitter:creator\" content=\"@idnu_ch\" \/>\n<meta name=\"twitter:site\" content=\"@idnu_ch\" \/>\n<meta name=\"twitter:label1\" content=\"Verfasst von\" \/>\n\t<meta name=\"twitter:data1\" content=\"Urs Kyburz\" \/>\n\t<meta name=\"twitter:label2\" content=\"Gesch\u00e4tzte Lesezeit\" \/>\n\t<meta name=\"twitter:data2\" content=\"4\u00a0Minuten\" \/>\n<script type=\"application\/ld+json\" class=\"yoast-schema-graph\">{\"@context\":\"https:\\\/\\\/schema.org\",\"@graph\":[{\"@type\":\"Article\",\"@id\":\"https:\\\/\\\/idnu.ch\\\/wordpress\\\/zum-mittelpunkt-des-kantons-aargau\\\/#article\",\"isPartOf\":{\"@id\":\"https:\\\/\\\/idnu.ch\\\/wordpress\\\/zum-mittelpunkt-des-kantons-aargau\\\/\"},\"author\":{\"name\":\"Urs Kyburz\",\"@id\":\"https:\\\/\\\/idnu.ch\\\/wordpress\\\/#\\\/schema\\\/person\\\/1ab8c5de743be7b019272124c19ad351\"},\"headline\":\"Zum Mittelpunkt des Kantons Aargau\",\"datePublished\":\"2021-01-27T17:14:40+00:00\",\"dateModified\":\"2023-03-12T15:49:19+00:00\",\"mainEntityOfPage\":{\"@id\":\"https:\\\/\\\/idnu.ch\\\/wordpress\\\/zum-mittelpunkt-des-kantons-aargau\\\/\"},\"wordCount\":828,\"commentCount\":1,\"publisher\":{\"@id\":\"https:\\\/\\\/idnu.ch\\\/wordpress\\\/#\\\/schema\\\/person\\\/1ab8c5de743be7b019272124c19ad351\"},\"image\":{\"@id\":\"https:\\\/\\\/idnu.ch\\\/wordpress\\\/zum-mittelpunkt-des-kantons-aargau\\\/#primaryimage\"},\"thumbnailUrl\":\"https:\\\/\\\/i0.wp.com\\\/idnu.ch\\\/wordpress\\\/wp-content\\\/uploads\\\/2021\\\/01\\\/mittelpunkt_aargau-20210124-8.jpg?fit=1240%2C827&ssl=1\",\"keywords\":[\"Aare\",\"Fr\u00fchling\",\"Mittelland\",\"Mittelpunkt des Aargaus\",\"Winterwandern\"],\"articleSection\":[\"Aargau\",\"Aargau Region\",\"Wandern\"],\"inLanguage\":\"de\",\"potentialAction\":[{\"@type\":\"CommentAction\",\"name\":\"Comment\",\"target\":[\"https:\\\/\\\/idnu.ch\\\/wordpress\\\/zum-mittelpunkt-des-kantons-aargau\\\/#respond\"]}]},{\"@type\":\"WebPage\",\"@id\":\"https:\\\/\\\/idnu.ch\\\/wordpress\\\/zum-mittelpunkt-des-kantons-aargau\\\/\",\"url\":\"https:\\\/\\\/idnu.ch\\\/wordpress\\\/zum-mittelpunkt-des-kantons-aargau\\\/\",\"name\":\"Zum Mittelpunkt des Kantons Aargau - In der Natur unterwegs\",\"isPartOf\":{\"@id\":\"https:\\\/\\\/idnu.ch\\\/wordpress\\\/#website\"},\"primaryImageOfPage\":{\"@id\":\"https:\\\/\\\/idnu.ch\\\/wordpress\\\/zum-mittelpunkt-des-kantons-aargau\\\/#primaryimage\"},\"image\":{\"@id\":\"https:\\\/\\\/idnu.ch\\\/wordpress\\\/zum-mittelpunkt-des-kantons-aargau\\\/#primaryimage\"},\"thumbnailUrl\":\"https:\\\/\\\/i0.wp.com\\\/idnu.ch\\\/wordpress\\\/wp-content\\\/uploads\\\/2021\\\/01\\\/mittelpunkt_aargau-20210124-8.jpg?fit=1240%2C827&ssl=1\",\"datePublished\":\"2021-01-27T17:14:40+00:00\",\"dateModified\":\"2023-03-12T15:49:19+00:00\",\"description\":\"Die Wanderung zum Mittelpunkt des Kantons Aargau ist sehr einfach. Wir wanderten zwar 18 Kilometer, aber die Wanderung kann abgek\u00fcrzt werden.\",\"breadcrumb\":{\"@id\":\"https:\\\/\\\/idnu.ch\\\/wordpress\\\/zum-mittelpunkt-des-kantons-aargau\\\/#breadcrumb\"},\"inLanguage\":\"de\",\"potentialAction\":[{\"@type\":\"ReadAction\",\"target\":[\"https:\\\/\\\/idnu.ch\\\/wordpress\\\/zum-mittelpunkt-des-kantons-aargau\\\/\"]}]},{\"@type\":\"ImageObject\",\"inLanguage\":\"de\",\"@id\":\"https:\\\/\\\/idnu.ch\\\/wordpress\\\/zum-mittelpunkt-des-kantons-aargau\\\/#primaryimage\",\"url\":\"https:\\\/\\\/i0.wp.com\\\/idnu.ch\\\/wordpress\\\/wp-content\\\/uploads\\\/2021\\\/01\\\/mittelpunkt_aargau-20210124-8.jpg?fit=1240%2C827&ssl=1\",\"contentUrl\":\"https:\\\/\\\/i0.wp.com\\\/idnu.ch\\\/wordpress\\\/wp-content\\\/uploads\\\/2021\\\/01\\\/mittelpunkt_aargau-20210124-8.jpg?fit=1240%2C827&ssl=1\",\"width\":1240,\"height\":827,\"caption\":\"Der Mittelpunkt des Aargaus\"},{\"@type\":\"BreadcrumbList\",\"@id\":\"https:\\\/\\\/idnu.ch\\\/wordpress\\\/zum-mittelpunkt-des-kantons-aargau\\\/#breadcrumb\",\"itemListElement\":[{\"@type\":\"ListItem\",\"position\":1,\"name\":\"Startseite\",\"item\":\"https:\\\/\\\/idnu.ch\\\/wordpress\\\/\"},{\"@type\":\"ListItem\",\"position\":2,\"name\":\"Zum Mittelpunkt des Kantons Aargau\"}]},{\"@type\":\"WebSite\",\"@id\":\"https:\\\/\\\/idnu.ch\\\/wordpress\\\/#website\",\"url\":\"https:\\\/\\\/idnu.ch\\\/wordpress\\\/\",\"name\":\"In der Natur unterwegs\",\"description\":\"Dort, wo es am sch\u00f6nsten ist\",\"publisher\":{\"@id\":\"https:\\\/\\\/idnu.ch\\\/wordpress\\\/#\\\/schema\\\/person\\\/1ab8c5de743be7b019272124c19ad351\"},\"potentialAction\":[{\"@type\":\"SearchAction\",\"target\":{\"@type\":\"EntryPoint\",\"urlTemplate\":\"https:\\\/\\\/idnu.ch\\\/wordpress\\\/?s={search_term_string}\"},\"query-input\":{\"@type\":\"PropertyValueSpecification\",\"valueRequired\":true,\"valueName\":\"search_term_string\"}}],\"inLanguage\":\"de\"},{\"@type\":[\"Person\",\"Organization\"],\"@id\":\"https:\\\/\\\/idnu.ch\\\/wordpress\\\/#\\\/schema\\\/person\\\/1ab8c5de743be7b019272124c19ad351\",\"name\":\"Urs Kyburz\",\"image\":{\"@type\":\"ImageObject\",\"inLanguage\":\"de\",\"@id\":\"https:\\\/\\\/i0.wp.com\\\/idnu.ch\\\/wordpress\\\/wp-content\\\/uploads\\\/2016\\\/02\\\/logo_150x165.gif?fit=3151%2C3456&ssl=1\",\"url\":\"https:\\\/\\\/i0.wp.com\\\/idnu.ch\\\/wordpress\\\/wp-content\\\/uploads\\\/2016\\\/02\\\/logo_150x165.gif?fit=3151%2C3456&ssl=1\",\"contentUrl\":\"https:\\\/\\\/i0.wp.com\\\/idnu.ch\\\/wordpress\\\/wp-content\\\/uploads\\\/2016\\\/02\\\/logo_150x165.gif?fit=3151%2C3456&ssl=1\",\"width\":3151,\"height\":3456,\"caption\":\"Urs Kyburz\"},\"logo\":{\"@id\":\"https:\\\/\\\/i0.wp.com\\\/idnu.ch\\\/wordpress\\\/wp-content\\\/uploads\\\/2016\\\/02\\\/logo_150x165.gif?fit=3151%2C3456&ssl=1\"}}]}<\/script>\n<!-- \/ Yoast SEO plugin. -->","yoast_head_json":{"title":"Zum Mittelpunkt des Kantons Aargau - In der Natur unterwegs","description":"Die Wanderung zum Mittelpunkt des Kantons Aargau ist sehr einfach. Wir wanderten zwar 18 Kilometer, aber die Wanderung kann abgek\u00fcrzt werden.","robots":{"index":"index","follow":"follow","max-snippet":"max-snippet:-1","max-image-preview":"max-image-preview:large","max-video-preview":"max-video-preview:-1"},"canonical":"https:\/\/idnu.ch\/wordpress\/zum-mittelpunkt-des-kantons-aargau\/","og_locale":"de_DE","og_type":"article","og_title":"Zum Mittelpunkt des Kantons Aargau - In der Natur unterwegs","og_description":"Die Wanderung zum Mittelpunkt des Kantons Aargau ist sehr einfach. Wir wanderten zwar 18 Kilometer, aber die Wanderung kann abgek\u00fcrzt werden.","og_url":"https:\/\/idnu.ch\/wordpress\/zum-mittelpunkt-des-kantons-aargau\/","og_site_name":"In der Natur unterwegs","article_published_time":"2021-01-27T17:14:40+00:00","article_modified_time":"2023-03-12T15:49:19+00:00","og_image":[{"width":1240,"height":827,"url":"https:\/\/idnu.ch\/wordpress\/wp-content\/uploads\/2021\/01\/mittelpunkt_aargau-20210124-8.jpg","type":"image\/jpeg"}],"author":"Urs Kyburz","twitter_card":"summary_large_image","twitter_creator":"@idnu_ch","twitter_site":"@idnu_ch","twitter_misc":{"Verfasst von":"Urs Kyburz","Gesch\u00e4tzte Lesezeit":"4\u00a0Minuten"},"schema":{"@context":"https:\/\/schema.org","@graph":[{"@type":"Article","@id":"https:\/\/idnu.ch\/wordpress\/zum-mittelpunkt-des-kantons-aargau\/#article","isPartOf":{"@id":"https:\/\/idnu.ch\/wordpress\/zum-mittelpunkt-des-kantons-aargau\/"},"author":{"name":"Urs Kyburz","@id":"https:\/\/idnu.ch\/wordpress\/#\/schema\/person\/1ab8c5de743be7b019272124c19ad351"},"headline":"Zum Mittelpunkt des Kantons Aargau","datePublished":"2021-01-27T17:14:40+00:00","dateModified":"2023-03-12T15:49:19+00:00","mainEntityOfPage":{"@id":"https:\/\/idnu.ch\/wordpress\/zum-mittelpunkt-des-kantons-aargau\/"},"wordCount":828,"commentCount":1,"publisher":{"@id":"https:\/\/idnu.ch\/wordpress\/#\/schema\/person\/1ab8c5de743be7b019272124c19ad351"},"image":{"@id":"https:\/\/idnu.ch\/wordpress\/zum-mittelpunkt-des-kantons-aargau\/#primaryimage"},"thumbnailUrl":"https:\/\/i0.wp.com\/idnu.ch\/wordpress\/wp-content\/uploads\/2021\/01\/mittelpunkt_aargau-20210124-8.jpg?fit=1240%2C827&ssl=1","keywords":["Aare","Fr\u00fchling","Mittelland","Mittelpunkt des Aargaus","Winterwandern"],"articleSection":["Aargau","Aargau Region","Wandern"],"inLanguage":"de","potentialAction":[{"@type":"CommentAction","name":"Comment","target":["https:\/\/idnu.ch\/wordpress\/zum-mittelpunkt-des-kantons-aargau\/#respond"]}]},{"@type":"WebPage","@id":"https:\/\/idnu.ch\/wordpress\/zum-mittelpunkt-des-kantons-aargau\/","url":"https:\/\/idnu.ch\/wordpress\/zum-mittelpunkt-des-kantons-aargau\/","name":"Zum Mittelpunkt des Kantons Aargau - In der Natur unterwegs","isPartOf":{"@id":"https:\/\/idnu.ch\/wordpress\/#website"},"primaryImageOfPage":{"@id":"https:\/\/idnu.ch\/wordpress\/zum-mittelpunkt-des-kantons-aargau\/#primaryimage"},"image":{"@id":"https:\/\/idnu.ch\/wordpress\/zum-mittelpunkt-des-kantons-aargau\/#primaryimage"},"thumbnailUrl":"https:\/\/i0.wp.com\/idnu.ch\/wordpress\/wp-content\/uploads\/2021\/01\/mittelpunkt_aargau-20210124-8.jpg?fit=1240%2C827&ssl=1","datePublished":"2021-01-27T17:14:40+00:00","dateModified":"2023-03-12T15:49:19+00:00","description":"Die Wanderung zum Mittelpunkt des Kantons Aargau ist sehr einfach. Wir wanderten zwar 18 Kilometer, aber die Wanderung kann abgek\u00fcrzt werden.","breadcrumb":{"@id":"https:\/\/idnu.ch\/wordpress\/zum-mittelpunkt-des-kantons-aargau\/#breadcrumb"},"inLanguage":"de","potentialAction":[{"@type":"ReadAction","target":["https:\/\/idnu.ch\/wordpress\/zum-mittelpunkt-des-kantons-aargau\/"]}]},{"@type":"ImageObject","inLanguage":"de","@id":"https:\/\/idnu.ch\/wordpress\/zum-mittelpunkt-des-kantons-aargau\/#primaryimage","url":"https:\/\/i0.wp.com\/idnu.ch\/wordpress\/wp-content\/uploads\/2021\/01\/mittelpunkt_aargau-20210124-8.jpg?fit=1240%2C827&ssl=1","contentUrl":"https:\/\/i0.wp.com\/idnu.ch\/wordpress\/wp-content\/uploads\/2021\/01\/mittelpunkt_aargau-20210124-8.jpg?fit=1240%2C827&ssl=1","width":1240,"height":827,"caption":"Der Mittelpunkt des Aargaus"},{"@type":"BreadcrumbList","@id":"https:\/\/idnu.ch\/wordpress\/zum-mittelpunkt-des-kantons-aargau\/#breadcrumb","itemListElement":[{"@type":"ListItem","position":1,"name":"Startseite","item":"https:\/\/idnu.ch\/wordpress\/"},{"@type":"ListItem","position":2,"name":"Zum Mittelpunkt des Kantons Aargau"}]},{"@type":"WebSite","@id":"https:\/\/idnu.ch\/wordpress\/#website","url":"https:\/\/idnu.ch\/wordpress\/","name":"In der Natur unterwegs","description":"Dort, wo es am sch\u00f6nsten ist","publisher":{"@id":"https:\/\/idnu.ch\/wordpress\/#\/schema\/person\/1ab8c5de743be7b019272124c19ad351"},"potentialAction":[{"@type":"SearchAction","target":{"@type":"EntryPoint","urlTemplate":"https:\/\/idnu.ch\/wordpress\/?s={search_term_string}"},"query-input":{"@type":"PropertyValueSpecification","valueRequired":true,"valueName":"search_term_string"}}],"inLanguage":"de"},{"@type":["Person","Organization"],"@id":"https:\/\/idnu.ch\/wordpress\/#\/schema\/person\/1ab8c5de743be7b019272124c19ad351","name":"Urs Kyburz","image":{"@type":"ImageObject","inLanguage":"de","@id":"https:\/\/i0.wp.com\/idnu.ch\/wordpress\/wp-content\/uploads\/2016\/02\/logo_150x165.gif?fit=3151%2C3456&ssl=1","url":"https:\/\/i0.wp.com\/idnu.ch\/wordpress\/wp-content\/uploads\/2016\/02\/logo_150x165.gif?fit=3151%2C3456&ssl=1","contentUrl":"https:\/\/i0.wp.com\/idnu.ch\/wordpress\/wp-content\/uploads\/2016\/02\/logo_150x165.gif?fit=3151%2C3456&ssl=1","width":3151,"height":3456,"caption":"Urs Kyburz"},"logo":{"@id":"https:\/\/i0.wp.com\/idnu.ch\/wordpress\/wp-content\/uploads\/2016\/02\/logo_150x165.gif?fit=3151%2C3456&ssl=1"}}]}},"jetpack_publicize_connections":[],"jetpack_featured_media_url":"https:\/\/i0.wp.com\/idnu.ch\/wordpress\/wp-content\/uploads\/2021\/01\/mittelpunkt_aargau-20210124-8.jpg?fit=1240%2C827&ssl=1","jetpack_sharing_enabled":true,"jetpack_shortlink":"https:\/\/wp.me\/p6MmGG-4yW","jetpack-related-posts":[{"id":12056,"url":"https:\/\/idnu.ch\/wordpress\/13-fruehlingswanderungen-im-mittelland-und-jura\/","url_meta":{"origin":17542,"position":0},"title":"13 Fr\u00fchlingswanderungen im Mittelland und Jura","author":"Urs Kyburz","date":"9. M\u00e4rz 2019","format":false,"excerpt":"Fr\u00fchling, da zieht es die meisten wieder nach draussen. Erleben, wie die Natur erwacht. Da juckt es einen in den Beinen und m\u00f6chte eine Wanderung unternehmen. In der H\u00f6he liegt aber immer noch Schnee. Wo also wandern? Ich habe f\u00fcr euch 13 Wanderungen herausgesucht, die jetzt schon machbar sind im\u2026","rel":"","context":"In &quot;Wandern&quot;","block_context":{"text":"Wandern","link":"https:\/\/idnu.ch\/wordpress\/category\/wandern\/"},"img":{"alt_text":"Bei Erlenbach","src":"https:\/\/i0.wp.com\/idnu.ch\/wordpress\/wp-content\/uploads\/2018\/04\/drumlin_sac-20180429-129.jpg?fit=1200%2C800&ssl=1&resize=350%2C200","width":350,"height":200,"srcset":"https:\/\/i0.wp.com\/idnu.ch\/wordpress\/wp-content\/uploads\/2018\/04\/drumlin_sac-20180429-129.jpg?fit=1200%2C800&ssl=1&resize=350%2C200 1x, https:\/\/i0.wp.com\/idnu.ch\/wordpress\/wp-content\/uploads\/2018\/04\/drumlin_sac-20180429-129.jpg?fit=1200%2C800&ssl=1&resize=525%2C300 1.5x, https:\/\/i0.wp.com\/idnu.ch\/wordpress\/wp-content\/uploads\/2018\/04\/drumlin_sac-20180429-129.jpg?fit=1200%2C800&ssl=1&resize=700%2C400 2x, https:\/\/i0.wp.com\/idnu.ch\/wordpress\/wp-content\/uploads\/2018\/04\/drumlin_sac-20180429-129.jpg?fit=1200%2C800&ssl=1&resize=1050%2C600 3x"},"classes":[]},{"id":9583,"url":"https:\/\/idnu.ch\/wordpress\/im-auenschutzpark-an-der-aare\/","url_meta":{"origin":17542,"position":1},"title":"Im Auenschutzpark an der Aare","author":"Urs Kyburz","date":"30. April 2018","format":false,"excerpt":"In einer Abstimmung 1993 haben die Aargauer Stimmberechtigten die Basis gelegt f\u00fcr einen Auenschutzpark, der aus mehreren Gebieten entlang der Aargauer Fl\u00fcsse besteht. Durch einen Teil davon, im Auenschutzpark an der Aare, sind wir gewandert, jenem von Aarau nach Rupperswil. Durch Aarau Eine kurze Wanderung, die mit dem \u00d6V von\u2026","rel":"","context":"In &quot;Aargau&quot;","block_context":{"text":"Aargau","link":"https:\/\/idnu.ch\/wordpress\/category\/kanton\/aargau\/"},"img":{"alt_text":"Schloss Biberstein","src":"https:\/\/i0.wp.com\/idnu.ch\/wordpress\/wp-content\/uploads\/2018\/04\/auenpark-20180402-32.jpg?fit=1200%2C800&ssl=1&resize=350%2C200","width":350,"height":200,"srcset":"https:\/\/i0.wp.com\/idnu.ch\/wordpress\/wp-content\/uploads\/2018\/04\/auenpark-20180402-32.jpg?fit=1200%2C800&ssl=1&resize=350%2C200 1x, https:\/\/i0.wp.com\/idnu.ch\/wordpress\/wp-content\/uploads\/2018\/04\/auenpark-20180402-32.jpg?fit=1200%2C800&ssl=1&resize=525%2C300 1.5x, https:\/\/i0.wp.com\/idnu.ch\/wordpress\/wp-content\/uploads\/2018\/04\/auenpark-20180402-32.jpg?fit=1200%2C800&ssl=1&resize=700%2C400 2x, https:\/\/i0.wp.com\/idnu.ch\/wordpress\/wp-content\/uploads\/2018\/04\/auenpark-20180402-32.jpg?fit=1200%2C800&ssl=1&resize=1050%2C600 3x"},"classes":[]},{"id":15963,"url":"https:\/\/idnu.ch\/wordpress\/bikerunde-im-aargauer-jurapark\/","url_meta":{"origin":17542,"position":2},"title":"Bikerunde im Aargauer Jurapark","author":"Urs Kyburz","date":"29. Juni 2020","format":false,"excerpt":"Abwechslungsreich war sie gewiss, die Biketour des SAC Homberg, sowohl von der Landschaft her wie vom Wetter. Die Bikerunde im Aargauer Jurapark zeigte uns einmal mehr die Vielseitigkeit dieses untersch\u00e4tzten Kantons. Ich hatte von einem Kollegen die Tourenleitung \u00fcbernommen f\u00fcr eine Biketour im Schwarzwald, da er sie nicht durchf\u00fchren konnte.\u2026","rel":"","context":"In &quot;Aargau&quot;","block_context":{"text":"Aargau","link":"https:\/\/idnu.ch\/wordpress\/category\/kanton\/aargau\/"},"img":{"alt_text":"","src":"https:\/\/i0.wp.com\/idnu.ch\/wordpress\/wp-content\/uploads\/2020\/06\/biketour_jurapark-20200627-12.jpg?fit=1200%2C800&ssl=1&resize=350%2C200","width":350,"height":200,"srcset":"https:\/\/i0.wp.com\/idnu.ch\/wordpress\/wp-content\/uploads\/2020\/06\/biketour_jurapark-20200627-12.jpg?fit=1200%2C800&ssl=1&resize=350%2C200 1x, https:\/\/i0.wp.com\/idnu.ch\/wordpress\/wp-content\/uploads\/2020\/06\/biketour_jurapark-20200627-12.jpg?fit=1200%2C800&ssl=1&resize=525%2C300 1.5x, https:\/\/i0.wp.com\/idnu.ch\/wordpress\/wp-content\/uploads\/2020\/06\/biketour_jurapark-20200627-12.jpg?fit=1200%2C800&ssl=1&resize=700%2C400 2x, https:\/\/i0.wp.com\/idnu.ch\/wordpress\/wp-content\/uploads\/2020\/06\/biketour_jurapark-20200627-12.jpg?fit=1200%2C800&ssl=1&resize=1050%2C600 3x"},"classes":[]},{"id":7486,"url":"https:\/\/idnu.ch\/wordpress\/die-aargauer-schloessertour\/","url_meta":{"origin":17542,"position":3},"title":"Die Aargauer Schl\u00f6sserwanderung","author":"Urs Kyburz","date":"24. April 2017","format":false,"excerpt":"Die schon fast traditionelle Fr\u00fchlingswanderung des SAC Homberg fand im Aaretal auf dem Habsburgerweg statt. Die Wanderung zeigte uns auf, wie viele Schl\u00f6sser es im Aargau gibt. Der Weg ist ein Teil des Aargauer Weges, dessen erste Etappe ich nur eine Woche vorher gewandert bin. Vom Schloss Wildegg \u00fcber den\u2026","rel":"","context":"In &quot;Aargau&quot;","block_context":{"text":"Aargau","link":"https:\/\/idnu.ch\/wordpress\/category\/kanton\/aargau\/"},"img":{"alt_text":"Entspannt wandern auf dem Habsburgerweg","src":"https:\/\/i0.wp.com\/idnu.ch\/wordpress\/wp-content\/uploads\/2017\/04\/habsburgerweg-22.jpg?fit=1200%2C800&ssl=1&resize=350%2C200","width":350,"height":200,"srcset":"https:\/\/i0.wp.com\/idnu.ch\/wordpress\/wp-content\/uploads\/2017\/04\/habsburgerweg-22.jpg?fit=1200%2C800&ssl=1&resize=350%2C200 1x, https:\/\/i0.wp.com\/idnu.ch\/wordpress\/wp-content\/uploads\/2017\/04\/habsburgerweg-22.jpg?fit=1200%2C800&ssl=1&resize=525%2C300 1.5x, https:\/\/i0.wp.com\/idnu.ch\/wordpress\/wp-content\/uploads\/2017\/04\/habsburgerweg-22.jpg?fit=1200%2C800&ssl=1&resize=700%2C400 2x, https:\/\/i0.wp.com\/idnu.ch\/wordpress\/wp-content\/uploads\/2017\/04\/habsburgerweg-22.jpg?fit=1200%2C800&ssl=1&resize=1050%2C600 3x"},"classes":[]},{"id":126,"url":"https:\/\/idnu.ch\/wordpress\/auf-die-aargauer-rigi\/","url_meta":{"origin":17542,"position":4},"title":"Auf die Aargauer Rigi","author":"Urs Kyburz","date":"16. November 2014","format":false,"excerpt":"Schon \u00f6fters habe ich den Homberg erw\u00e4hnt. Den Homberg am Hallwilersee, es gibt ja so viele in der Schweiz. Schweiz Mobil listet alleine f\u00fcr den Aargau zehn Flurbezeichnungen auf. Was macht aber diesen so besonders (zumindest f\u00fcr mich)? Der Homberg wird auch die \"Aargauer Rigi\" genannt. was schon ziemlich hohe\u2026","rel":"","context":"In &quot;Aargau&quot;","block_context":{"text":"Aargau","link":"https:\/\/idnu.ch\/wordpress\/category\/kanton\/aargau\/"},"img":{"alt_text":"Hombergturm","src":"https:\/\/i0.wp.com\/idnu.ch\/wordpress\/wp-content\/uploads\/2014\/11\/homberg_0011.jpg?fit=1024%2C683&ssl=1&resize=350%2C200","width":350,"height":200,"srcset":"https:\/\/i0.wp.com\/idnu.ch\/wordpress\/wp-content\/uploads\/2014\/11\/homberg_0011.jpg?fit=1024%2C683&ssl=1&resize=350%2C200 1x, https:\/\/i0.wp.com\/idnu.ch\/wordpress\/wp-content\/uploads\/2014\/11\/homberg_0011.jpg?fit=1024%2C683&ssl=1&resize=525%2C300 1.5x, https:\/\/i0.wp.com\/idnu.ch\/wordpress\/wp-content\/uploads\/2014\/11\/homberg_0011.jpg?fit=1024%2C683&ssl=1&resize=700%2C400 2x"},"classes":[]},{"id":176,"url":"https:\/\/idnu.ch\/wordpress\/vom-saentis-bis-zum-chasseral\/","url_meta":{"origin":17542,"position":5},"title":"Vom S\u00e4ntis bis zum Chasseral","author":"Urs Kyburz","date":"31. Dezember 2013","format":false,"excerpt":"Die Kinder mussten auch heute bewegt werden, ich w\u00e4hlte deshalb den Stierenberg, den h\u00f6chsten Gipfel im Kanton Aargau, aus. H\u00f6chster Gipfel ist relativ, bescheidene 872 Meter misst er. Aber man geniesst eine wunderbare Aussicht vom S\u00e4ntis bis zum Chasseral, allerdings nicht vom Gipfel, denn dieser ist vollkommen von Wald bedeckt.\u2026","rel":"","context":"In &quot;Aargau&quot;","block_context":{"text":"Aargau","link":"https:\/\/idnu.ch\/wordpress\/category\/kanton\/aargau\/"},"img":{"alt_text":"Am Stierenberg","src":"https:\/\/i0.wp.com\/idnu.ch\/wordpress\/wp-content\/uploads\/2013\/12\/IMG_0799.jpg?fit=800%2C600&ssl=1&resize=350%2C200","width":350,"height":200,"srcset":"https:\/\/i0.wp.com\/idnu.ch\/wordpress\/wp-content\/uploads\/2013\/12\/IMG_0799.jpg?fit=800%2C600&ssl=1&resize=350%2C200 1x, https:\/\/i0.wp.com\/idnu.ch\/wordpress\/wp-content\/uploads\/2013\/12\/IMG_0799.jpg?fit=800%2C600&ssl=1&resize=525%2C300 1.5x, https:\/\/i0.wp.com\/idnu.ch\/wordpress\/wp-content\/uploads\/2013\/12\/IMG_0799.jpg?fit=800%2C600&ssl=1&resize=700%2C400 2x"},"classes":[]}],"jetpack_likes_enabled":true,"_links":{"self":[{"href":"https:\/\/idnu.ch\/wordpress\/wp-json\/wp\/v2\/posts\/17542","targetHints":{"allow":["GET"]}}],"collection":[{"href":"https:\/\/idnu.ch\/wordpress\/wp-json\/wp\/v2\/posts"}],"about":[{"href":"https:\/\/idnu.ch\/wordpress\/wp-json\/wp\/v2\/types\/post"}],"author":[{"embeddable":true,"href":"https:\/\/idnu.ch\/wordpress\/wp-json\/wp\/v2\/users\/2"}],"replies":[{"embeddable":true,"href":"https:\/\/idnu.ch\/wordpress\/wp-json\/wp\/v2\/comments?post=17542"}],"version-history":[{"count":10,"href":"https:\/\/idnu.ch\/wordpress\/wp-json\/wp\/v2\/posts\/17542\/revisions"}],"predecessor-version":[{"id":17579,"href":"https:\/\/idnu.ch\/wordpress\/wp-json\/wp\/v2\/posts\/17542\/revisions\/17579"}],"wp:featuredmedia":[{"embeddable":true,"href":"https:\/\/idnu.ch\/wordpress\/wp-json\/wp\/v2\/media\/17561"}],"wp:attachment":[{"href":"https:\/\/idnu.ch\/wordpress\/wp-json\/wp\/v2\/media?parent=17542"}],"wp:term":[{"taxonomy":"category","embeddable":true,"href":"https:\/\/idnu.ch\/wordpress\/wp-json\/wp\/v2\/categories?post=17542"},{"taxonomy":"post_tag","embeddable":true,"href":"https:\/\/idnu.ch\/wordpress\/wp-json\/wp\/v2\/tags?post=17542"}],"curies":[{"name":"wp","href":"https:\/\/api.w.org\/{rel}","templated":true}]}}