{"id":184,"date":"2013-11-18T18:26:00","date_gmt":"2013-11-18T18:26:00","guid":{"rendered":"http:\/\/idnu.ch\/wordpress\/biketowork-auch-im-herbst-machbar\/"},"modified":"2016-12-18T13:19:48","modified_gmt":"2016-12-18T12:19:48","slug":"biketowork-auch-im-herbst-machbar","status":"publish","type":"post","link":"https:\/\/idnu.ch\/wordpress\/biketowork-auch-im-herbst-machbar\/","title":{"rendered":"#biketowork: Auch im Herbst machbar"},"content":{"rendered":"<p>Ich hatte eigentlich auch mal den Gedanken, \u00fcber biketowork, also den Arbeitsweg per Fahrrad zur\u00fcckzulegen, zu schreiben. Vor zwei Wochen kam dann eine Twitter-Kollegin aus M\u00fcnchen auf mich zu und fragte, ob ich ein paar S\u00e4tze zum Thema schreiben w\u00fcrde. Nat\u00fcrlich machte ich das. Aber statt hier selber noch lange zu schreiben, lest bei ihr nach:<br \/>\n<a href=\"http:\/\/www.gipfel-glueck.de\/mit-fahrrad-zur-arbeit-im-herbst-1\/\" target=\"_blank\">http:\/\/www.gipfel-glueck.de\/mit-fahrrad-zur-arbeit-im-herbst-1\/<\/a><br \/>\n<a href=\"http:\/\/www.gipfel-glueck.de\/im-herbst-mit-fahrrad-zur-arbeit-teil-2\/\" target=\"_blank\">http:\/\/www.gipfel-glueck.de\/im-herbst-mit-fahrrad-zur-arbeit-teil-2\/<\/a><\/p>\n<figure id=\"attachment_6786\" aria-describedby=\"caption-attachment-6786\" style=\"width: 1400px\" class=\"wp-caption aligncenter\"><img data-recalc-dims=\"1\" loading=\"lazy\" decoding=\"async\" data-attachment-id=\"6786\" data-permalink=\"https:\/\/idnu.ch\/wordpress\/biketowork-auch-im-herbst-machbar\/herbst_2013-1\/#main\" data-orig-file=\"https:\/\/i0.wp.com\/idnu.ch\/wordpress\/wp-content\/uploads\/2013\/11\/herbst_2013-1.jpg?fit=1400%2C1050&amp;ssl=1\" data-orig-size=\"1400,1050\" data-comments-opened=\"1\" data-image-meta=\"{&quot;aperture&quot;:&quot;4.5&quot;,&quot;credit&quot;:&quot;Urs Kyburz&quot;,&quot;camera&quot;:&quot;Canon PowerShot A710 IS&quot;,&quot;caption&quot;:&quot;&quot;,&quot;created_timestamp&quot;:&quot;1383843554&quot;,&quot;copyright&quot;:&quot;\\u00a9 Urs Kyburz&quot;,&quot;focal_length&quot;:&quot;7.059&quot;,&quot;iso&quot;:&quot;100&quot;,&quot;shutter_speed&quot;:&quot;0.02&quot;,&quot;title&quot;:&quot;&quot;,&quot;orientation&quot;:&quot;0&quot;}\" data-image-title=\"Auf dem Heimweg\" data-image-description=\"\" data-image-caption=\"&lt;p&gt;Auf dem Heimweg&lt;\/p&gt;\n\" data-large-file=\"https:\/\/i0.wp.com\/idnu.ch\/wordpress\/wp-content\/uploads\/2013\/11\/herbst_2013-1.jpg?fit=750%2C563&amp;ssl=1\" class=\"size-full wp-image-6786\" src=\"https:\/\/i0.wp.com\/idnu.ch\/wordpress\/wp-content\/uploads\/2013\/11\/herbst_2013-1.jpg?resize=750%2C563&#038;ssl=1\" alt=\"Auf dem Heimweg\" width=\"750\" height=\"563\" srcset=\"https:\/\/i0.wp.com\/idnu.ch\/wordpress\/wp-content\/uploads\/2013\/11\/herbst_2013-1.jpg?w=1400&amp;ssl=1 1400w, https:\/\/i0.wp.com\/idnu.ch\/wordpress\/wp-content\/uploads\/2013\/11\/herbst_2013-1.jpg?resize=300%2C225&amp;ssl=1 300w, https:\/\/i0.wp.com\/idnu.ch\/wordpress\/wp-content\/uploads\/2013\/11\/herbst_2013-1.jpg?resize=768%2C576&amp;ssl=1 768w, https:\/\/i0.wp.com\/idnu.ch\/wordpress\/wp-content\/uploads\/2013\/11\/herbst_2013-1.jpg?resize=1024%2C768&amp;ssl=1 1024w, https:\/\/i0.wp.com\/idnu.ch\/wordpress\/wp-content\/uploads\/2013\/11\/herbst_2013-1.jpg?resize=720%2C540&amp;ssl=1 720w, https:\/\/i0.wp.com\/idnu.ch\/wordpress\/wp-content\/uploads\/2013\/11\/herbst_2013-1.jpg?resize=133%2C100&amp;ssl=1 133w\" sizes=\"auto, (max-width: 750px) 100vw, 750px\" \/><figcaption id=\"caption-attachment-6786\" class=\"wp-caption-text\">Auf dem Heimweg<\/figcaption><\/figure>\n","protected":false},"excerpt":{"rendered":"<p>Ich hatte eigentlich auch mal den Gedanken, \u00fcber biketowork, also den Arbeitsweg per&#8230;<\/p>\n","protected":false},"author":2,"featured_media":909,"comment_status":"open","ping_status":"open","sticky":false,"template":"","format":"standard","meta":{"_monsterinsights_skip_tracking":false,"_monsterinsights_sitenote_active":false,"_monsterinsights_sitenote_note":"","_monsterinsights_sitenote_category":0,"jetpack_post_was_ever_published":false,"_jetpack_newsletter_access":"","_jetpack_dont_email_post_to_subs":true,"_jetpack_newsletter_tier_id":0,"_jetpack_memberships_contains_paywalled_content":false,"_jetpack_memberships_contains_paid_content":false,"footnotes":"","jetpack_publicize_message":"","jetpack_publicize_feature_enabled":true,"jetpack_social_post_already_shared":false,"jetpack_social_options":{"image_generator_settings":{"template":"highway","default_image_id":0,"font":"","enabled":false},"version":2}},"categories":[4,7],"tags":[362,651,673,500],"class_list":["post-184","post","type-post","status-publish","format-standard","has-post-thumbnail","hentry","category-zweirad","category-tipps_tricks","tag-bike","tag-biketowork","tag-fahhrad","tag-velo"],"geo":null,"yoast_head":"<!-- This site is optimized with the Yoast SEO plugin v27.4 - https:\/\/yoast.com\/product\/yoast-seo-wordpress\/ -->\n<title>#biketowork: Auch im Herbst machbar - In der Natur unterwegs<\/title>\n<meta name=\"robots\" content=\"index, follow, max-snippet:-1, max-image-preview:large, max-video-preview:-1\" \/>\n<link rel=\"canonical\" href=\"https:\/\/idnu.ch\/wordpress\/biketowork-auch-im-herbst-machbar\/\" \/>\n<meta property=\"og:locale\" content=\"de_DE\" \/>\n<meta property=\"og:type\" content=\"article\" \/>\n<meta property=\"og:title\" content=\"#biketowork: Auch im Herbst machbar - In der Natur unterwegs\" \/>\n<meta property=\"og:description\" content=\"Ich hatte eigentlich auch mal den Gedanken, \u00fcber biketowork, also den Arbeitsweg per...\" \/>\n<meta property=\"og:url\" content=\"https:\/\/idnu.ch\/wordpress\/biketowork-auch-im-herbst-machbar\/\" \/>\n<meta property=\"og:site_name\" content=\"In der Natur unterwegs\" \/>\n<meta property=\"article:published_time\" content=\"2013-11-18T18:26:00+00:00\" \/>\n<meta property=\"article:modified_time\" content=\"2016-12-18T12:19:48+00:00\" \/>\n<meta property=\"og:image\" content=\"https:\/\/i1.wp.com\/idnu.ch\/wordpress\/wp-content\/uploads\/2013\/11\/IMG_0770.jpg?fit=800%2C600&ssl=1\" \/>\n\t<meta property=\"og:image:width\" content=\"800\" \/>\n\t<meta property=\"og:image:height\" content=\"600\" \/>\n\t<meta property=\"og:image:type\" content=\"image\/jpeg\" \/>\n<meta name=\"author\" content=\"Urs Kyburz\" \/>\n<meta name=\"twitter:card\" content=\"summary_large_image\" \/>\n<meta name=\"twitter:creator\" content=\"@idnu_ch\" \/>\n<meta name=\"twitter:site\" content=\"@idnu_ch\" \/>\n<meta name=\"twitter:label1\" content=\"Verfasst von\" \/>\n\t<meta name=\"twitter:data1\" content=\"Urs Kyburz\" \/>\n<script type=\"application\/ld+json\" class=\"yoast-schema-graph\">{\"@context\":\"https:\\\/\\\/schema.org\",\"@graph\":[{\"@type\":\"Article\",\"@id\":\"https:\\\/\\\/idnu.ch\\\/wordpress\\\/biketowork-auch-im-herbst-machbar\\\/#article\",\"isPartOf\":{\"@id\":\"https:\\\/\\\/idnu.ch\\\/wordpress\\\/biketowork-auch-im-herbst-machbar\\\/\"},\"author\":{\"name\":\"Urs Kyburz\",\"@id\":\"https:\\\/\\\/idnu.ch\\\/wordpress\\\/#\\\/schema\\\/person\\\/1ab8c5de743be7b019272124c19ad351\"},\"headline\":\"#biketowork: Auch im Herbst machbar\",\"datePublished\":\"2013-11-18T18:26:00+00:00\",\"dateModified\":\"2016-12-18T12:19:48+00:00\",\"mainEntityOfPage\":{\"@id\":\"https:\\\/\\\/idnu.ch\\\/wordpress\\\/biketowork-auch-im-herbst-machbar\\\/\"},\"wordCount\":86,\"commentCount\":0,\"publisher\":{\"@id\":\"https:\\\/\\\/idnu.ch\\\/wordpress\\\/#\\\/schema\\\/person\\\/1ab8c5de743be7b019272124c19ad351\"},\"image\":{\"@id\":\"https:\\\/\\\/idnu.ch\\\/wordpress\\\/biketowork-auch-im-herbst-machbar\\\/#primaryimage\"},\"thumbnailUrl\":\"https:\\\/\\\/i0.wp.com\\\/idnu.ch\\\/wordpress\\\/wp-content\\\/uploads\\\/2013\\\/11\\\/IMG_0770.jpg?fit=800%2C600&ssl=1\",\"keywords\":[\"bike\",\"Biketowork\",\"Fahhrad\",\"Velo\"],\"articleSection\":[\"Mountainbike &amp; Velo\",\"Tipps &amp; Tricks\"],\"inLanguage\":\"de\",\"potentialAction\":[{\"@type\":\"CommentAction\",\"name\":\"Comment\",\"target\":[\"https:\\\/\\\/idnu.ch\\\/wordpress\\\/biketowork-auch-im-herbst-machbar\\\/#respond\"]}]},{\"@type\":\"WebPage\",\"@id\":\"https:\\\/\\\/idnu.ch\\\/wordpress\\\/biketowork-auch-im-herbst-machbar\\\/\",\"url\":\"https:\\\/\\\/idnu.ch\\\/wordpress\\\/biketowork-auch-im-herbst-machbar\\\/\",\"name\":\"#biketowork: Auch im Herbst machbar - In der Natur unterwegs\",\"isPartOf\":{\"@id\":\"https:\\\/\\\/idnu.ch\\\/wordpress\\\/#website\"},\"primaryImageOfPage\":{\"@id\":\"https:\\\/\\\/idnu.ch\\\/wordpress\\\/biketowork-auch-im-herbst-machbar\\\/#primaryimage\"},\"image\":{\"@id\":\"https:\\\/\\\/idnu.ch\\\/wordpress\\\/biketowork-auch-im-herbst-machbar\\\/#primaryimage\"},\"thumbnailUrl\":\"https:\\\/\\\/i0.wp.com\\\/idnu.ch\\\/wordpress\\\/wp-content\\\/uploads\\\/2013\\\/11\\\/IMG_0770.jpg?fit=800%2C600&ssl=1\",\"datePublished\":\"2013-11-18T18:26:00+00:00\",\"dateModified\":\"2016-12-18T12:19:48+00:00\",\"breadcrumb\":{\"@id\":\"https:\\\/\\\/idnu.ch\\\/wordpress\\\/biketowork-auch-im-herbst-machbar\\\/#breadcrumb\"},\"inLanguage\":\"de\",\"potentialAction\":[{\"@type\":\"ReadAction\",\"target\":[\"https:\\\/\\\/idnu.ch\\\/wordpress\\\/biketowork-auch-im-herbst-machbar\\\/\"]}]},{\"@type\":\"ImageObject\",\"inLanguage\":\"de\",\"@id\":\"https:\\\/\\\/idnu.ch\\\/wordpress\\\/biketowork-auch-im-herbst-machbar\\\/#primaryimage\",\"url\":\"https:\\\/\\\/i0.wp.com\\\/idnu.ch\\\/wordpress\\\/wp-content\\\/uploads\\\/2013\\\/11\\\/IMG_0770.jpg?fit=800%2C600&ssl=1\",\"contentUrl\":\"https:\\\/\\\/i0.wp.com\\\/idnu.ch\\\/wordpress\\\/wp-content\\\/uploads\\\/2013\\\/11\\\/IMG_0770.jpg?fit=800%2C600&ssl=1\",\"width\":800,\"height\":600,\"caption\":\"Biketowork bei Sonnenuntergang\"},{\"@type\":\"BreadcrumbList\",\"@id\":\"https:\\\/\\\/idnu.ch\\\/wordpress\\\/biketowork-auch-im-herbst-machbar\\\/#breadcrumb\",\"itemListElement\":[{\"@type\":\"ListItem\",\"position\":1,\"name\":\"Startseite\",\"item\":\"https:\\\/\\\/idnu.ch\\\/wordpress\\\/\"},{\"@type\":\"ListItem\",\"position\":2,\"name\":\"#biketowork: Auch im Herbst machbar\"}]},{\"@type\":\"WebSite\",\"@id\":\"https:\\\/\\\/idnu.ch\\\/wordpress\\\/#website\",\"url\":\"https:\\\/\\\/idnu.ch\\\/wordpress\\\/\",\"name\":\"In der Natur unterwegs\",\"description\":\"Dort, wo es am sch\u00f6nsten ist\",\"publisher\":{\"@id\":\"https:\\\/\\\/idnu.ch\\\/wordpress\\\/#\\\/schema\\\/person\\\/1ab8c5de743be7b019272124c19ad351\"},\"potentialAction\":[{\"@type\":\"SearchAction\",\"target\":{\"@type\":\"EntryPoint\",\"urlTemplate\":\"https:\\\/\\\/idnu.ch\\\/wordpress\\\/?s={search_term_string}\"},\"query-input\":{\"@type\":\"PropertyValueSpecification\",\"valueRequired\":true,\"valueName\":\"search_term_string\"}}],\"inLanguage\":\"de\"},{\"@type\":[\"Person\",\"Organization\"],\"@id\":\"https:\\\/\\\/idnu.ch\\\/wordpress\\\/#\\\/schema\\\/person\\\/1ab8c5de743be7b019272124c19ad351\",\"name\":\"Urs Kyburz\",\"image\":{\"@type\":\"ImageObject\",\"inLanguage\":\"de\",\"@id\":\"https:\\\/\\\/i0.wp.com\\\/idnu.ch\\\/wordpress\\\/wp-content\\\/uploads\\\/2016\\\/02\\\/logo_150x165.gif?fit=3151%2C3456&ssl=1\",\"url\":\"https:\\\/\\\/i0.wp.com\\\/idnu.ch\\\/wordpress\\\/wp-content\\\/uploads\\\/2016\\\/02\\\/logo_150x165.gif?fit=3151%2C3456&ssl=1\",\"contentUrl\":\"https:\\\/\\\/i0.wp.com\\\/idnu.ch\\\/wordpress\\\/wp-content\\\/uploads\\\/2016\\\/02\\\/logo_150x165.gif?fit=3151%2C3456&ssl=1\",\"width\":3151,\"height\":3456,\"caption\":\"Urs Kyburz\"},\"logo\":{\"@id\":\"https:\\\/\\\/i0.wp.com\\\/idnu.ch\\\/wordpress\\\/wp-content\\\/uploads\\\/2016\\\/02\\\/logo_150x165.gif?fit=3151%2C3456&ssl=1\"}}]}<\/script>\n<!-- \/ Yoast SEO plugin. -->","yoast_head_json":{"title":"#biketowork: Auch im Herbst machbar - In der Natur unterwegs","robots":{"index":"index","follow":"follow","max-snippet":"max-snippet:-1","max-image-preview":"max-image-preview:large","max-video-preview":"max-video-preview:-1"},"canonical":"https:\/\/idnu.ch\/wordpress\/biketowork-auch-im-herbst-machbar\/","og_locale":"de_DE","og_type":"article","og_title":"#biketowork: Auch im Herbst machbar - In der Natur unterwegs","og_description":"Ich hatte eigentlich auch mal den Gedanken, \u00fcber biketowork, also den Arbeitsweg per...","og_url":"https:\/\/idnu.ch\/wordpress\/biketowork-auch-im-herbst-machbar\/","og_site_name":"In der Natur unterwegs","article_published_time":"2013-11-18T18:26:00+00:00","article_modified_time":"2016-12-18T12:19:48+00:00","og_image":[{"width":800,"height":600,"url":"https:\/\/i1.wp.com\/idnu.ch\/wordpress\/wp-content\/uploads\/2013\/11\/IMG_0770.jpg?fit=800%2C600&ssl=1","type":"image\/jpeg"}],"author":"Urs Kyburz","twitter_card":"summary_large_image","twitter_creator":"@idnu_ch","twitter_site":"@idnu_ch","twitter_misc":{"Verfasst von":"Urs Kyburz"},"schema":{"@context":"https:\/\/schema.org","@graph":[{"@type":"Article","@id":"https:\/\/idnu.ch\/wordpress\/biketowork-auch-im-herbst-machbar\/#article","isPartOf":{"@id":"https:\/\/idnu.ch\/wordpress\/biketowork-auch-im-herbst-machbar\/"},"author":{"name":"Urs Kyburz","@id":"https:\/\/idnu.ch\/wordpress\/#\/schema\/person\/1ab8c5de743be7b019272124c19ad351"},"headline":"#biketowork: Auch im Herbst machbar","datePublished":"2013-11-18T18:26:00+00:00","dateModified":"2016-12-18T12:19:48+00:00","mainEntityOfPage":{"@id":"https:\/\/idnu.ch\/wordpress\/biketowork-auch-im-herbst-machbar\/"},"wordCount":86,"commentCount":0,"publisher":{"@id":"https:\/\/idnu.ch\/wordpress\/#\/schema\/person\/1ab8c5de743be7b019272124c19ad351"},"image":{"@id":"https:\/\/idnu.ch\/wordpress\/biketowork-auch-im-herbst-machbar\/#primaryimage"},"thumbnailUrl":"https:\/\/i0.wp.com\/idnu.ch\/wordpress\/wp-content\/uploads\/2013\/11\/IMG_0770.jpg?fit=800%2C600&ssl=1","keywords":["bike","Biketowork","Fahhrad","Velo"],"articleSection":["Mountainbike &amp; Velo","Tipps &amp; Tricks"],"inLanguage":"de","potentialAction":[{"@type":"CommentAction","name":"Comment","target":["https:\/\/idnu.ch\/wordpress\/biketowork-auch-im-herbst-machbar\/#respond"]}]},{"@type":"WebPage","@id":"https:\/\/idnu.ch\/wordpress\/biketowork-auch-im-herbst-machbar\/","url":"https:\/\/idnu.ch\/wordpress\/biketowork-auch-im-herbst-machbar\/","name":"#biketowork: Auch im Herbst machbar - In der Natur unterwegs","isPartOf":{"@id":"https:\/\/idnu.ch\/wordpress\/#website"},"primaryImageOfPage":{"@id":"https:\/\/idnu.ch\/wordpress\/biketowork-auch-im-herbst-machbar\/#primaryimage"},"image":{"@id":"https:\/\/idnu.ch\/wordpress\/biketowork-auch-im-herbst-machbar\/#primaryimage"},"thumbnailUrl":"https:\/\/i0.wp.com\/idnu.ch\/wordpress\/wp-content\/uploads\/2013\/11\/IMG_0770.jpg?fit=800%2C600&ssl=1","datePublished":"2013-11-18T18:26:00+00:00","dateModified":"2016-12-18T12:19:48+00:00","breadcrumb":{"@id":"https:\/\/idnu.ch\/wordpress\/biketowork-auch-im-herbst-machbar\/#breadcrumb"},"inLanguage":"de","potentialAction":[{"@type":"ReadAction","target":["https:\/\/idnu.ch\/wordpress\/biketowork-auch-im-herbst-machbar\/"]}]},{"@type":"ImageObject","inLanguage":"de","@id":"https:\/\/idnu.ch\/wordpress\/biketowork-auch-im-herbst-machbar\/#primaryimage","url":"https:\/\/i0.wp.com\/idnu.ch\/wordpress\/wp-content\/uploads\/2013\/11\/IMG_0770.jpg?fit=800%2C600&ssl=1","contentUrl":"https:\/\/i0.wp.com\/idnu.ch\/wordpress\/wp-content\/uploads\/2013\/11\/IMG_0770.jpg?fit=800%2C600&ssl=1","width":800,"height":600,"caption":"Biketowork bei Sonnenuntergang"},{"@type":"BreadcrumbList","@id":"https:\/\/idnu.ch\/wordpress\/biketowork-auch-im-herbst-machbar\/#breadcrumb","itemListElement":[{"@type":"ListItem","position":1,"name":"Startseite","item":"https:\/\/idnu.ch\/wordpress\/"},{"@type":"ListItem","position":2,"name":"#biketowork: Auch im Herbst machbar"}]},{"@type":"WebSite","@id":"https:\/\/idnu.ch\/wordpress\/#website","url":"https:\/\/idnu.ch\/wordpress\/","name":"In der Natur unterwegs","description":"Dort, wo es am sch\u00f6nsten ist","publisher":{"@id":"https:\/\/idnu.ch\/wordpress\/#\/schema\/person\/1ab8c5de743be7b019272124c19ad351"},"potentialAction":[{"@type":"SearchAction","target":{"@type":"EntryPoint","urlTemplate":"https:\/\/idnu.ch\/wordpress\/?s={search_term_string}"},"query-input":{"@type":"PropertyValueSpecification","valueRequired":true,"valueName":"search_term_string"}}],"inLanguage":"de"},{"@type":["Person","Organization"],"@id":"https:\/\/idnu.ch\/wordpress\/#\/schema\/person\/1ab8c5de743be7b019272124c19ad351","name":"Urs Kyburz","image":{"@type":"ImageObject","inLanguage":"de","@id":"https:\/\/i0.wp.com\/idnu.ch\/wordpress\/wp-content\/uploads\/2016\/02\/logo_150x165.gif?fit=3151%2C3456&ssl=1","url":"https:\/\/i0.wp.com\/idnu.ch\/wordpress\/wp-content\/uploads\/2016\/02\/logo_150x165.gif?fit=3151%2C3456&ssl=1","contentUrl":"https:\/\/i0.wp.com\/idnu.ch\/wordpress\/wp-content\/uploads\/2016\/02\/logo_150x165.gif?fit=3151%2C3456&ssl=1","width":3151,"height":3456,"caption":"Urs Kyburz"},"logo":{"@id":"https:\/\/i0.wp.com\/idnu.ch\/wordpress\/wp-content\/uploads\/2016\/02\/logo_150x165.gif?fit=3151%2C3456&ssl=1"}}]}},"jetpack_publicize_connections":[],"jetpack_featured_media_url":"https:\/\/i0.wp.com\/idnu.ch\/wordpress\/wp-content\/uploads\/2013\/11\/IMG_0770.jpg?fit=800%2C600&ssl=1","jetpack_sharing_enabled":true,"jetpack_shortlink":"https:\/\/wp.me\/p6MmGG-2Y","jetpack-related-posts":[{"id":6836,"url":"https:\/\/idnu.ch\/wordpress\/biketowork-2016-ein-rueckblick-in-bildern\/","url_meta":{"origin":184,"position":0},"title":"#biketowork 2016 &#8211; ein R\u00fcckblick in Bildern","author":"Urs Kyburz","date":"31. Dezember 2016","format":"gallery","excerpt":"2016 war ein Jahr mit Aufs und Abs. Es gelang mir, jeden Monat, auch bei Schnee und Eis, mit dem Fahrrad zur Arbeit zu fahren - ausser in den zwei Monaten Zwangspause wegen einem Schl\u00fcsselbeinbruch, erlitten ausgerechnet auf dem Weg zur Arbeit. Es sind immer wieder mehr oder weniger die\u2026","rel":"","context":"In &quot;Aargau S\u00fcd&quot;","block_context":{"text":"Aargau S\u00fcd","link":"https:\/\/idnu.ch\/wordpress\/category\/kanton\/aargau-sued\/"},"img":{"alt_text":"","src":"https:\/\/i0.wp.com\/idnu.ch\/wordpress\/wp-content\/uploads\/2016\/12\/biketowork-53.jpg?fit=1024%2C768&ssl=1&resize=350%2C200","width":350,"height":200,"srcset":"https:\/\/i0.wp.com\/idnu.ch\/wordpress\/wp-content\/uploads\/2016\/12\/biketowork-53.jpg?fit=1024%2C768&ssl=1&resize=350%2C200 1x, https:\/\/i0.wp.com\/idnu.ch\/wordpress\/wp-content\/uploads\/2016\/12\/biketowork-53.jpg?fit=1024%2C768&ssl=1&resize=525%2C300 1.5x, https:\/\/i0.wp.com\/idnu.ch\/wordpress\/wp-content\/uploads\/2016\/12\/biketowork-53.jpg?fit=1024%2C768&ssl=1&resize=700%2C400 2x"},"classes":[]},{"id":13704,"url":"https:\/\/idnu.ch\/wordpress\/125-mal-biketowork-2019\/","url_meta":{"origin":184,"position":1},"title":"125 mal Biketowork 2019","author":"Urs Kyburz","date":"24. Dezember 2019","format":false,"excerpt":"Auch 2019 fuhr ich mit dem Velo zur Arbeit, mehr als je zuvor: 125 mal genoss ich das Erlebnis, ohne Stress, Stau und L\u00e4rm den Weg zur\u00fcckzulegen. Bei Sonne, Regen, Schnee, Eis, am Tag und in der Nacht, bei Hitze und bei K\u00e4lte, ich liess mich von (fast) nichts abhalten.\u2026","rel":"","context":"In &quot;Aargau S\u00fcd&quot;","block_context":{"text":"Aargau S\u00fcd","link":"https:\/\/idnu.ch\/wordpress\/category\/kanton\/aargau-sued\/"},"img":{"alt_text":"","src":"https:\/\/i0.wp.com\/idnu.ch\/wordpress\/wp-content\/uploads\/2019\/12\/biketowork-2019-053.jpg?fit=1024%2C576&ssl=1&resize=350%2C200","width":350,"height":200,"srcset":"https:\/\/i0.wp.com\/idnu.ch\/wordpress\/wp-content\/uploads\/2019\/12\/biketowork-2019-053.jpg?fit=1024%2C576&ssl=1&resize=350%2C200 1x, https:\/\/i0.wp.com\/idnu.ch\/wordpress\/wp-content\/uploads\/2019\/12\/biketowork-2019-053.jpg?fit=1024%2C576&ssl=1&resize=525%2C300 1.5x, https:\/\/i0.wp.com\/idnu.ch\/wordpress\/wp-content\/uploads\/2019\/12\/biketowork-2019-053.jpg?fit=1024%2C576&ssl=1&resize=700%2C400 2x"},"classes":[]},{"id":2328,"url":"https:\/\/idnu.ch\/wordpress\/biketowork-2015\/","url_meta":{"origin":184,"position":2},"title":"Biketowork 2015","author":"Urs Kyburz","date":"30. Dezember 2015","format":"gallery","excerpt":"Auch dieses Jahr bin ich die Strecke Reinach - Sursee des \u00f6fteren mit dem Bike gefahren, manchmal auch via Sempach. Geblieben sind viele sch\u00f6ne Eindr\u00fccke, die ich mit meinem Smartphone, einem Sony Xperia Z2, festgehalten habe. Obwohl (fast) immer die gleiche Strecke und die gleichen Aufnahmeorte, ist die Stimmung jedesmal\u2026","rel":"","context":"In &quot;Luzern&quot;","block_context":{"text":"Luzern","link":"https:\/\/idnu.ch\/wordpress\/category\/kanton\/luzern\/"},"img":{"alt_text":"","src":"https:\/\/i0.wp.com\/idnu.ch\/wordpress\/wp-content\/uploads\/2015\/12\/btw_0103.jpg?fit=1024%2C576&ssl=1&resize=350%2C200","width":350,"height":200,"srcset":"https:\/\/i0.wp.com\/idnu.ch\/wordpress\/wp-content\/uploads\/2015\/12\/btw_0103.jpg?fit=1024%2C576&ssl=1&resize=350%2C200 1x, https:\/\/i0.wp.com\/idnu.ch\/wordpress\/wp-content\/uploads\/2015\/12\/btw_0103.jpg?fit=1024%2C576&ssl=1&resize=525%2C300 1.5x, https:\/\/i0.wp.com\/idnu.ch\/wordpress\/wp-content\/uploads\/2015\/12\/btw_0103.jpg?fit=1024%2C576&ssl=1&resize=700%2C400 2x"},"classes":[]},{"id":11297,"url":"https:\/\/idnu.ch\/wordpress\/biketowork-2018-ein-bilderbogen\/","url_meta":{"origin":184,"position":3},"title":"Biketowork 2018 &#8211; ein Bilderbogen","author":"Urs Kyburz","date":"2. Januar 2019","format":"gallery","excerpt":"Auch das Jahr 2018 war wieder intensiv, startete aber wegen meiner Schulteroperation erst Ende April. Daf\u00fcr konnte ich auch den letzten Arbeitstag des Jahres auf dem Bike absolvieren. Es sind immer wieder dieselben Orte, die ich fotografiere, aber die Stimmung ist immer wieder anders. Dazwischen gibt es aber immer wieder\u2026","rel":"","context":"In &quot;Mountainbike &amp; Velo&quot;","block_context":{"text":"Mountainbike &amp; Velo","link":"https:\/\/idnu.ch\/wordpress\/category\/zweirad\/"},"img":{"alt_text":"","src":"https:\/\/i0.wp.com\/idnu.ch\/wordpress\/wp-content\/uploads\/2019\/01\/DSC_0530.jpg?fit=1200%2C675&ssl=1&resize=350%2C200","width":350,"height":200,"srcset":"https:\/\/i0.wp.com\/idnu.ch\/wordpress\/wp-content\/uploads\/2019\/01\/DSC_0530.jpg?fit=1200%2C675&ssl=1&resize=350%2C200 1x, https:\/\/i0.wp.com\/idnu.ch\/wordpress\/wp-content\/uploads\/2019\/01\/DSC_0530.jpg?fit=1200%2C675&ssl=1&resize=525%2C300 1.5x, https:\/\/i0.wp.com\/idnu.ch\/wordpress\/wp-content\/uploads\/2019\/01\/DSC_0530.jpg?fit=1200%2C675&ssl=1&resize=700%2C400 2x, https:\/\/i0.wp.com\/idnu.ch\/wordpress\/wp-content\/uploads\/2019\/01\/DSC_0530.jpg?fit=1200%2C675&ssl=1&resize=1050%2C600 3x"},"classes":[]},{"id":7816,"url":"https:\/\/idnu.ch\/wordpress\/aktion-biketowork-wir-waren-dabei\/","url_meta":{"origin":184,"position":4},"title":"Aktion Biketowork &#8211; wir waren dabei","author":"Urs Kyburz","date":"14. Juli 2017","format":false,"excerpt":"Dass ich mit dem Fahrrad zur Arbeit fahre, ist ja nichts Neues. Aber dass ich das im Rahmen der Aktion \"Bike to Work\" mache schon, zum ersten Mal hat auch mein Arbeitgeber teilgenommen. Die\u00a0Aktion \"Bike to Work\" hat zum Ziel, das Velo als Verkehrsmittel f\u00fcr den Arbeitsweg zu f\u00f6rdern. W\u00e4hrend\u2026","rel":"","context":"In &quot;Mountainbike &amp; Velo&quot;","block_context":{"text":"Mountainbike &amp; Velo","link":"https:\/\/idnu.ch\/wordpress\/category\/zweirad\/"},"img":{"alt_text":"Im Moos","src":"https:\/\/i0.wp.com\/idnu.ch\/wordpress\/wp-content\/uploads\/2017\/07\/biketowork-8.jpg?fit=1200%2C675&ssl=1&resize=350%2C200","width":350,"height":200,"srcset":"https:\/\/i0.wp.com\/idnu.ch\/wordpress\/wp-content\/uploads\/2017\/07\/biketowork-8.jpg?fit=1200%2C675&ssl=1&resize=350%2C200 1x, https:\/\/i0.wp.com\/idnu.ch\/wordpress\/wp-content\/uploads\/2017\/07\/biketowork-8.jpg?fit=1200%2C675&ssl=1&resize=525%2C300 1.5x, https:\/\/i0.wp.com\/idnu.ch\/wordpress\/wp-content\/uploads\/2017\/07\/biketowork-8.jpg?fit=1200%2C675&ssl=1&resize=700%2C400 2x, https:\/\/i0.wp.com\/idnu.ch\/wordpress\/wp-content\/uploads\/2017\/07\/biketowork-8.jpg?fit=1200%2C675&ssl=1&resize=1050%2C600 3x"},"classes":[]},{"id":25131,"url":"https:\/\/idnu.ch\/wordpress\/morgen-und-abendrunden-2023\/","url_meta":{"origin":184,"position":5},"title":"Morgen- und Abendrunden 2023","author":"Urs Kyburz","date":"31. Dezember 2023","format":false,"excerpt":"2023 war das Jahr, wo ich wieder regelm\u00e4ssig ins B\u00fcro nach Sursee musste, wenigstens einen Tag pro Woche, also wieder ein echtes Biketowork. Und das ist gut so. Ansonsten arbeite ich weiterhin im Homeoffice und mache da meine Morgen- und Abendrunden, entweder auf dem Bike oder zu Fuss, je nach\u2026","rel":"","context":"In &quot;Aargau S\u00fcd&quot;","block_context":{"text":"Aargau S\u00fcd","link":"https:\/\/idnu.ch\/wordpress\/category\/kanton\/aargau-sued\/"},"img":{"alt_text":"","src":"https:\/\/i0.wp.com\/idnu.ch\/wordpress\/wp-content\/uploads\/2023\/12\/morgentour-30.jpg?fit=1200%2C800&ssl=1&resize=350%2C200","width":350,"height":200,"srcset":"https:\/\/i0.wp.com\/idnu.ch\/wordpress\/wp-content\/uploads\/2023\/12\/morgentour-30.jpg?fit=1200%2C800&ssl=1&resize=350%2C200 1x, https:\/\/i0.wp.com\/idnu.ch\/wordpress\/wp-content\/uploads\/2023\/12\/morgentour-30.jpg?fit=1200%2C800&ssl=1&resize=525%2C300 1.5x, https:\/\/i0.wp.com\/idnu.ch\/wordpress\/wp-content\/uploads\/2023\/12\/morgentour-30.jpg?fit=1200%2C800&ssl=1&resize=700%2C400 2x, https:\/\/i0.wp.com\/idnu.ch\/wordpress\/wp-content\/uploads\/2023\/12\/morgentour-30.jpg?fit=1200%2C800&ssl=1&resize=1050%2C600 3x"},"classes":[]}],"jetpack_likes_enabled":true,"_links":{"self":[{"href":"https:\/\/idnu.ch\/wordpress\/wp-json\/wp\/v2\/posts\/184","targetHints":{"allow":["GET"]}}],"collection":[{"href":"https:\/\/idnu.ch\/wordpress\/wp-json\/wp\/v2\/posts"}],"about":[{"href":"https:\/\/idnu.ch\/wordpress\/wp-json\/wp\/v2\/types\/post"}],"author":[{"embeddable":true,"href":"https:\/\/idnu.ch\/wordpress\/wp-json\/wp\/v2\/users\/2"}],"replies":[{"embeddable":true,"href":"https:\/\/idnu.ch\/wordpress\/wp-json\/wp\/v2\/comments?post=184"}],"version-history":[{"count":3,"href":"https:\/\/idnu.ch\/wordpress\/wp-json\/wp\/v2\/posts\/184\/revisions"}],"predecessor-version":[{"id":6787,"href":"https:\/\/idnu.ch\/wordpress\/wp-json\/wp\/v2\/posts\/184\/revisions\/6787"}],"wp:featuredmedia":[{"embeddable":true,"href":"https:\/\/idnu.ch\/wordpress\/wp-json\/wp\/v2\/media\/909"}],"wp:attachment":[{"href":"https:\/\/idnu.ch\/wordpress\/wp-json\/wp\/v2\/media?parent=184"}],"wp:term":[{"taxonomy":"category","embeddable":true,"href":"https:\/\/idnu.ch\/wordpress\/wp-json\/wp\/v2\/categories?post=184"},{"taxonomy":"post_tag","embeddable":true,"href":"https:\/\/idnu.ch\/wordpress\/wp-json\/wp\/v2\/tags?post=184"}],"curies":[{"name":"wp","href":"https:\/\/api.w.org\/{rel}","templated":true}]}}