{"id":19148,"date":"2021-10-24T16:50:39","date_gmt":"2021-10-24T14:50:39","guid":{"rendered":"https:\/\/idnu.ch\/wordpress\/?p=19148"},"modified":"2025-08-24T17:01:56","modified_gmt":"2025-08-24T15:01:56","slug":"die-kennenlernwanderung-von-villars","status":"publish","type":"post","link":"https:\/\/idnu.ch\/wordpress\/die-kennenlernwanderung-von-villars\/","title":{"rendered":"Die Kennenlernwanderung von Villars"},"content":{"rendered":"<p><strong>Was eignet sich am besten als Kennenlernwanderung von Villars? Zum Beispiel die Rundwanderung vom Col de Bretaye aus zum Lac des Chavonnes und \u00fcber Les V\u00e9lards zur\u00fcck, die rundum Einblick gibt in die Landschaft um Villars-sur-Ollon.<\/strong><\/p>\n<figure id=\"attachment_19231\" aria-describedby=\"caption-attachment-19231\" style=\"width: 1280px\" class=\"wp-caption alignnone\"><a href=\"https:\/\/i0.wp.com\/idnu.ch\/wordpress\/wp-content\/uploads\/2021\/10\/villars-20211003-074.jpg?ssl=1\"><img data-recalc-dims=\"1\" loading=\"lazy\" decoding=\"async\" data-attachment-id=\"19231\" data-permalink=\"https:\/\/idnu.ch\/wordpress\/die-kennenlernwanderung-von-villars\/villars-20211003-074\/#main\" data-orig-file=\"https:\/\/i0.wp.com\/idnu.ch\/wordpress\/wp-content\/uploads\/2021\/10\/villars-20211003-074.jpg?fit=1280%2C853&amp;ssl=1\" data-orig-size=\"1280,853\" data-comments-opened=\"1\" data-image-meta=\"{&quot;aperture&quot;:&quot;7.1&quot;,&quot;credit&quot;:&quot;Urs Kyburz&quot;,&quot;camera&quot;:&quot;Canon EOS 5D Mark IV&quot;,&quot;caption&quot;:&quot;&quot;,&quot;created_timestamp&quot;:&quot;1633261885&quot;,&quot;copyright&quot;:&quot;\\u00a9 Urs Kyburz&quot;,&quot;focal_length&quot;:&quot;35&quot;,&quot;iso&quot;:&quot;100&quot;,&quot;shutter_speed&quot;:&quot;0.0125&quot;,&quot;title&quot;:&quot;&quot;,&quot;orientation&quot;:&quot;0&quot;}\" data-image-title=\"Nach dem Grat\" data-image-description=\"\" data-image-caption=\"&lt;p&gt;Nach dem Grat, hinten das Diablerets-Massiv&lt;\/p&gt;\n\" data-large-file=\"https:\/\/i0.wp.com\/idnu.ch\/wordpress\/wp-content\/uploads\/2021\/10\/villars-20211003-074.jpg?fit=750%2C500&amp;ssl=1\" class=\"size-full wp-image-19231\" src=\"https:\/\/i0.wp.com\/idnu.ch\/wordpress\/wp-content\/uploads\/2021\/10\/villars-20211003-074.jpg?resize=750%2C500&#038;ssl=1\" alt=\"Nach dem Grat\" width=\"750\" height=\"500\" srcset=\"https:\/\/i0.wp.com\/idnu.ch\/wordpress\/wp-content\/uploads\/2021\/10\/villars-20211003-074.jpg?w=1280&amp;ssl=1 1280w, https:\/\/i0.wp.com\/idnu.ch\/wordpress\/wp-content\/uploads\/2021\/10\/villars-20211003-074.jpg?resize=300%2C200&amp;ssl=1 300w, https:\/\/i0.wp.com\/idnu.ch\/wordpress\/wp-content\/uploads\/2021\/10\/villars-20211003-074.jpg?resize=1024%2C682&amp;ssl=1 1024w, https:\/\/i0.wp.com\/idnu.ch\/wordpress\/wp-content\/uploads\/2021\/10\/villars-20211003-074.jpg?resize=768%2C512&amp;ssl=1 768w, https:\/\/i0.wp.com\/idnu.ch\/wordpress\/wp-content\/uploads\/2021\/10\/villars-20211003-074.jpg?resize=150%2C100&amp;ssl=1 150w\" sizes=\"auto, (max-width: 750px) 100vw, 750px\" \/><\/a><figcaption id=\"caption-attachment-19231\" class=\"wp-caption-text\">Nach dem Grat, hinten das Diablerets-Massiv<\/figcaption><\/figure>\n<p>Nach der Wahl des Ferienortes suchte ich Touren rund um Villars, stellte dann fest, dass alles von Liften durchzogen ist. Ups, habe ich da einen Missgriff gemacht? Nun, wir \u00e4nderten unser Ziel nicht mehr, waren gespannt, was uns erwartet.<\/p>\n<h2>Start mit der Bahn<\/h2>\n<p>Der Start der Wanderung ist auf dem Col de Bretaye. Aber wie gelangen wir dorthin? Mit der Zahnradbahn! Erst recht nat\u00fcrlich, wenn sie gratis benutzt werden kann mit der &#8222;Free Access Card&#8220;, der G\u00e4stekarte. Wir tuckern und rumpeln hoch bis zur Endstation, der Zug ist gut gef\u00fcllt. Das wird wohl eng auf den Wanderwegen, so meine Bef\u00fcrchtungen. Nach der Ankunft dr\u00e4ngen die Leute aufs Perron, stieben in alle Himmelsrichtungen davon. Gut, brauche ich jeweils einen Moment, bis ich parat bin. Kamera und Feldstecher hervorholen, Einstellungen \u00fcberpr\u00fcfen und angemessen kleiden. Wir gehen abw\u00e4rts. Wo sind all die anderen Leute? Die sind in alle Richtungen davon, nur nicht in unsere. Sehr gut! Die Gegend ist zwar \u00fcbers\u00e4t mit Liftanlagen f\u00fcr den Winter, wenn man diese aber ignoriert, wandern wir in einer wundersch\u00f6nen Moorlandschaft, die sich bereits ziemlich herbstlich verf\u00e4rbt hat.<\/p>\n<div class=\"tiled-gallery type-rectangular tiled-gallery-unresized\" data-original-width=\"750\" data-carousel-extra='{&quot;blog_id&quot;:1,&quot;permalink&quot;:&quot;https:\\\/\\\/idnu.ch\\\/wordpress\\\/die-kennenlernwanderung-von-villars\\\/&quot;,&quot;likes_blog_id&quot;:100184974}' itemscope itemtype=\"http:\/\/schema.org\/ImageGallery\" > <div class=\"gallery-row\" style=\"width: 750px; height: 335px;\" data-original-width=\"750\" data-original-height=\"335\" > <div class=\"gallery-group images-1\" style=\"width: 501px; height: 335px;\" data-original-width=\"501\" data-original-height=\"335\" > <div class=\"tiled-gallery-item tiled-gallery-item-large\" itemprop=\"associatedMedia\" itemscope itemtype=\"http:\/\/schema.org\/ImageObject\"> <a href=\"https:\/\/idnu.ch\/wordpress\/die-kennenlernwanderung-von-villars\/villars-20211003-003\/#main\" border=\"0\" itemprop=\"url\"> <meta itemprop=\"width\" content=\"497\"> <meta itemprop=\"height\" content=\"331\"> <img decoding=\"async\" class=\"\" data-attachment-id=\"19232\" data-orig-file=\"https:\/\/idnu.ch\/wordpress\/wp-content\/uploads\/2021\/10\/villars-20211003-003.jpg\" data-orig-size=\"1280,853\" data-comments-opened=\"1\" data-image-meta=\"{&quot;aperture&quot;:&quot;8&quot;,&quot;credit&quot;:&quot;Urs Kyburz&quot;,&quot;camera&quot;:&quot;Canon EOS 5D Mark IV&quot;,&quot;caption&quot;:&quot;&quot;,&quot;created_timestamp&quot;:&quot;1633251765&quot;,&quot;copyright&quot;:&quot;\\u00a9 Urs Kyburz&quot;,&quot;focal_length&quot;:&quot;58&quot;,&quot;iso&quot;:&quot;100&quot;,&quot;shutter_speed&quot;:&quot;0.02&quot;,&quot;title&quot;:&quot;&quot;,&quot;orientation&quot;:&quot;0&quot;}\" data-image-title=\"Zum Start geht es erst mal abw\u00e4rts\" data-image-description=\"\" data-medium-file=\"https:\/\/i0.wp.com\/idnu.ch\/wordpress\/wp-content\/uploads\/2021\/10\/villars-20211003-003.jpg?fit=300%2C200&#038;ssl=1\" data-large-file=\"https:\/\/i0.wp.com\/idnu.ch\/wordpress\/wp-content\/uploads\/2021\/10\/villars-20211003-003.jpg?fit=750%2C500&#038;ssl=1\" src=\"https:\/\/i0.wp.com\/idnu.ch\/wordpress\/wp-content\/uploads\/2021\/10\/villars-20211003-003.jpg?w=497&#038;h=331&#038;ssl=1\" srcset=\"https:\/\/i0.wp.com\/idnu.ch\/wordpress\/wp-content\/uploads\/2021\/10\/villars-20211003-003.jpg?w=1280&amp;ssl=1 1280w, https:\/\/i0.wp.com\/idnu.ch\/wordpress\/wp-content\/uploads\/2021\/10\/villars-20211003-003.jpg?resize=300%2C200&amp;ssl=1 300w, https:\/\/i0.wp.com\/idnu.ch\/wordpress\/wp-content\/uploads\/2021\/10\/villars-20211003-003.jpg?resize=1024%2C682&amp;ssl=1 1024w, https:\/\/i0.wp.com\/idnu.ch\/wordpress\/wp-content\/uploads\/2021\/10\/villars-20211003-003.jpg?resize=768%2C512&amp;ssl=1 768w, https:\/\/i0.wp.com\/idnu.ch\/wordpress\/wp-content\/uploads\/2021\/10\/villars-20211003-003.jpg?resize=150%2C100&amp;ssl=1 150w\" width=\"497\" height=\"331\" loading=\"lazy\" data-original-width=\"497\" data-original-height=\"331\" itemprop=\"http:\/\/schema.org\/image\" title=\"Zum Start geht es erst mal abw\u00e4rts\" alt=\"Zum Start geht es erst mal abw\u00e4rts\" style=\"width: 497px; height: 331px;\" \/> <\/a> <div class=\"tiled-gallery-caption\" itemprop=\"caption description\"> Zum Start geht es erst mal abw\u00e4rts <\/div> <\/div> <\/div> <!-- close group --> <div class=\"gallery-group images-2\" style=\"width: 249px; height: 335px;\" data-original-width=\"249\" data-original-height=\"335\" > <div class=\"tiled-gallery-item tiled-gallery-item-small\" itemprop=\"associatedMedia\" itemscope itemtype=\"http:\/\/schema.org\/ImageObject\"> <a href=\"https:\/\/idnu.ch\/wordpress\/die-kennenlernwanderung-von-villars\/villars-20211003-010\/#main\" border=\"0\" itemprop=\"url\"> <meta itemprop=\"width\" content=\"245\"> <meta itemprop=\"height\" content=\"164\"> <img decoding=\"async\" class=\"\" data-attachment-id=\"19233\" data-orig-file=\"https:\/\/idnu.ch\/wordpress\/wp-content\/uploads\/2021\/10\/villars-20211003-010.jpg\" data-orig-size=\"1280,853\" data-comments-opened=\"1\" data-image-meta=\"{&quot;aperture&quot;:&quot;8&quot;,&quot;credit&quot;:&quot;Urs Kyburz&quot;,&quot;camera&quot;:&quot;Canon EOS 5D Mark IV&quot;,&quot;caption&quot;:&quot;&quot;,&quot;created_timestamp&quot;:&quot;1633252291&quot;,&quot;copyright&quot;:&quot;\\u00a9 Urs Kyburz&quot;,&quot;focal_length&quot;:&quot;84&quot;,&quot;iso&quot;:&quot;100&quot;,&quot;shutter_speed&quot;:&quot;0.01&quot;,&quot;title&quot;:&quot;&quot;,&quot;orientation&quot;:&quot;0&quot;}\" data-image-title=\"Der idyllische Lac de l&amp;#8217;Etonnoir\" data-image-description=\"\" data-medium-file=\"https:\/\/i0.wp.com\/idnu.ch\/wordpress\/wp-content\/uploads\/2021\/10\/villars-20211003-010.jpg?fit=300%2C200&#038;ssl=1\" data-large-file=\"https:\/\/i0.wp.com\/idnu.ch\/wordpress\/wp-content\/uploads\/2021\/10\/villars-20211003-010.jpg?fit=750%2C500&#038;ssl=1\" src=\"https:\/\/i0.wp.com\/idnu.ch\/wordpress\/wp-content\/uploads\/2021\/10\/villars-20211003-010.jpg?w=245&#038;h=164&#038;ssl=1\" srcset=\"https:\/\/i0.wp.com\/idnu.ch\/wordpress\/wp-content\/uploads\/2021\/10\/villars-20211003-010.jpg?w=1280&amp;ssl=1 1280w, https:\/\/i0.wp.com\/idnu.ch\/wordpress\/wp-content\/uploads\/2021\/10\/villars-20211003-010.jpg?resize=300%2C200&amp;ssl=1 300w, https:\/\/i0.wp.com\/idnu.ch\/wordpress\/wp-content\/uploads\/2021\/10\/villars-20211003-010.jpg?resize=1024%2C682&amp;ssl=1 1024w, https:\/\/i0.wp.com\/idnu.ch\/wordpress\/wp-content\/uploads\/2021\/10\/villars-20211003-010.jpg?resize=768%2C512&amp;ssl=1 768w, https:\/\/i0.wp.com\/idnu.ch\/wordpress\/wp-content\/uploads\/2021\/10\/villars-20211003-010.jpg?resize=150%2C100&amp;ssl=1 150w\" width=\"245\" height=\"164\" loading=\"lazy\" data-original-width=\"245\" data-original-height=\"164\" itemprop=\"http:\/\/schema.org\/image\" title=\"Der idyllische Lac de l&#039;Etonnoir\" alt=\"Der idyllische Lac de l&#039;Etonnoir\" style=\"width: 245px; height: 164px;\" \/> <\/a> <div class=\"tiled-gallery-caption\" itemprop=\"caption description\"> Der idyllische Lac de l&#8217;Etonnoir <\/div> <\/div> <div class=\"tiled-gallery-item tiled-gallery-item-small\" itemprop=\"associatedMedia\" itemscope itemtype=\"http:\/\/schema.org\/ImageObject\"> <a href=\"https:\/\/idnu.ch\/wordpress\/die-kennenlernwanderung-von-villars\/villars-20211003-017\/#main\" border=\"0\" itemprop=\"url\"> <meta itemprop=\"width\" content=\"245\"> <meta itemprop=\"height\" content=\"163\"> <img decoding=\"async\" class=\"\" data-attachment-id=\"19234\" data-orig-file=\"https:\/\/idnu.ch\/wordpress\/wp-content\/uploads\/2021\/10\/villars-20211003-017.jpg\" data-orig-size=\"1280,853\" data-comments-opened=\"1\" data-image-meta=\"{&quot;aperture&quot;:&quot;4&quot;,&quot;credit&quot;:&quot;Urs Kyburz&quot;,&quot;camera&quot;:&quot;Canon EOS 5D Mark IV&quot;,&quot;caption&quot;:&quot;&quot;,&quot;created_timestamp&quot;:&quot;1633253054&quot;,&quot;copyright&quot;:&quot;\\u00a9 Urs Kyburz&quot;,&quot;focal_length&quot;:&quot;24&quot;,&quot;iso&quot;:&quot;100&quot;,&quot;shutter_speed&quot;:&quot;0.005&quot;,&quot;title&quot;:&quot;&quot;,&quot;orientation&quot;:&quot;0&quot;}\" data-image-title=\"Am Lac des Chavonnes\" data-image-description=\"\" data-medium-file=\"https:\/\/i0.wp.com\/idnu.ch\/wordpress\/wp-content\/uploads\/2021\/10\/villars-20211003-017.jpg?fit=300%2C200&#038;ssl=1\" data-large-file=\"https:\/\/i0.wp.com\/idnu.ch\/wordpress\/wp-content\/uploads\/2021\/10\/villars-20211003-017.jpg?fit=750%2C500&#038;ssl=1\" src=\"https:\/\/i0.wp.com\/idnu.ch\/wordpress\/wp-content\/uploads\/2021\/10\/villars-20211003-017.jpg?w=245&#038;h=163&#038;ssl=1\" srcset=\"https:\/\/i0.wp.com\/idnu.ch\/wordpress\/wp-content\/uploads\/2021\/10\/villars-20211003-017.jpg?w=1280&amp;ssl=1 1280w, https:\/\/i0.wp.com\/idnu.ch\/wordpress\/wp-content\/uploads\/2021\/10\/villars-20211003-017.jpg?resize=300%2C200&amp;ssl=1 300w, https:\/\/i0.wp.com\/idnu.ch\/wordpress\/wp-content\/uploads\/2021\/10\/villars-20211003-017.jpg?resize=1024%2C682&amp;ssl=1 1024w, https:\/\/i0.wp.com\/idnu.ch\/wordpress\/wp-content\/uploads\/2021\/10\/villars-20211003-017.jpg?resize=768%2C512&amp;ssl=1 768w, https:\/\/i0.wp.com\/idnu.ch\/wordpress\/wp-content\/uploads\/2021\/10\/villars-20211003-017.jpg?resize=150%2C100&amp;ssl=1 150w\" width=\"245\" height=\"163\" loading=\"lazy\" data-original-width=\"245\" data-original-height=\"163\" itemprop=\"http:\/\/schema.org\/image\" title=\"Am Lac des Chavonnes\" alt=\"Am Lac des Chavonnes\" style=\"width: 245px; height: 163px;\" \/> <\/a> <\/div> <\/div> <!-- close group --> <\/div> <!-- close row --> <div class=\"gallery-row\" style=\"width: 750px; height: 501px;\" data-original-width=\"750\" data-original-height=\"501\" > <div class=\"gallery-group images-1\" style=\"width: 750px; height: 501px;\" data-original-width=\"750\" data-original-height=\"501\" > <div class=\"tiled-gallery-item tiled-gallery-item-large\" itemprop=\"associatedMedia\" itemscope itemtype=\"http:\/\/schema.org\/ImageObject\"> <a href=\"https:\/\/idnu.ch\/wordpress\/die-kennenlernwanderung-von-villars\/villars-20211003-024\/#main\" border=\"0\" itemprop=\"url\"> <meta itemprop=\"width\" content=\"746\"> <meta itemprop=\"height\" content=\"497\"> <img decoding=\"async\" class=\"\" data-attachment-id=\"19235\" data-orig-file=\"https:\/\/idnu.ch\/wordpress\/wp-content\/uploads\/2021\/10\/villars-20211003-024.jpg\" data-orig-size=\"1280,853\" data-comments-opened=\"1\" data-image-meta=\"{&quot;aperture&quot;:&quot;6.3&quot;,&quot;credit&quot;:&quot;Urs Kyburz&quot;,&quot;camera&quot;:&quot;Canon EOS 5D Mark IV&quot;,&quot;caption&quot;:&quot;&quot;,&quot;created_timestamp&quot;:&quot;1633253774&quot;,&quot;copyright&quot;:&quot;\\u00a9 Urs Kyburz&quot;,&quot;focal_length&quot;:&quot;28&quot;,&quot;iso&quot;:&quot;100&quot;,&quot;shutter_speed&quot;:&quot;0.0125&quot;,&quot;title&quot;:&quot;&quot;,&quot;orientation&quot;:&quot;0&quot;}\" data-image-title=\"Der Lac des Chavonnes von oben\" data-image-description=\"\" data-medium-file=\"https:\/\/i0.wp.com\/idnu.ch\/wordpress\/wp-content\/uploads\/2021\/10\/villars-20211003-024.jpg?fit=300%2C200&#038;ssl=1\" data-large-file=\"https:\/\/i0.wp.com\/idnu.ch\/wordpress\/wp-content\/uploads\/2021\/10\/villars-20211003-024.jpg?fit=750%2C500&#038;ssl=1\" src=\"https:\/\/i0.wp.com\/idnu.ch\/wordpress\/wp-content\/uploads\/2021\/10\/villars-20211003-024.jpg?w=746&#038;h=497&#038;ssl=1\" srcset=\"https:\/\/i0.wp.com\/idnu.ch\/wordpress\/wp-content\/uploads\/2021\/10\/villars-20211003-024.jpg?w=1280&amp;ssl=1 1280w, https:\/\/i0.wp.com\/idnu.ch\/wordpress\/wp-content\/uploads\/2021\/10\/villars-20211003-024.jpg?resize=300%2C200&amp;ssl=1 300w, https:\/\/i0.wp.com\/idnu.ch\/wordpress\/wp-content\/uploads\/2021\/10\/villars-20211003-024.jpg?resize=1024%2C682&amp;ssl=1 1024w, https:\/\/i0.wp.com\/idnu.ch\/wordpress\/wp-content\/uploads\/2021\/10\/villars-20211003-024.jpg?resize=768%2C512&amp;ssl=1 768w, https:\/\/i0.wp.com\/idnu.ch\/wordpress\/wp-content\/uploads\/2021\/10\/villars-20211003-024.jpg?resize=150%2C100&amp;ssl=1 150w\" width=\"746\" height=\"497\" loading=\"lazy\" data-original-width=\"746\" data-original-height=\"497\" itemprop=\"http:\/\/schema.org\/image\" title=\"Der Lac des Chavonnes von oben\" alt=\"Der Lac des Chavonnes von oben\" style=\"width: 746px; height: 497px;\" \/> <\/a> <div class=\"tiled-gallery-caption\" itemprop=\"caption description\"> Der Lac des Chavonnes von oben <\/div> <\/div> <\/div> <!-- close group --> <\/div> <!-- close row --> <\/div>\n<h2>Hinunter zum See<\/h2>\n<p>Wir wandern abw\u00e4rts zum Lac de l&#8217;Entonnoir, einem kleinen Seelein, das allm\u00e4hlich verlandet. Aber in der Moorlandschaft wirkt es ganz romantisch &#8211; w\u00e4ren da nicht die Autos, die st\u00e4ndig hinten durch fahren. Ich muss eine Weile warten, bis ich endlich ein Bild ohne Auto im Hintergrund machen kann. <span style=\"letter-spacing: 0.2px;\">Leider ist auch das Waadtland: \u00dcberall kommt man mit dem Auto hin. Beim Lac des Chavonnes ist zum Gl\u00fcck fertig damit. Das Restaurant direkt am See ist verf\u00fchrerisch, aber f\u00fcr eine Pause ist es noch zu fr\u00fch. <\/span><\/p>\n<p><span style=\"letter-spacing: 0.2px;\">Der malerische See liegt in einer Senke ohne oberirdischen Abfluss. Wir umrunden in halb und steigen hoch, wandern vorbei an der Alp Perche. Auf der anderen Talseite erblicken wir den <a href=\"https:\/\/idnu.ch\/wordpress\/wo-man-das-glueck-findet\/\">Pic Chaussy<\/a>, den wir vor sieben Jahren mit den Kindern bestiegen. In diesen Ferien werden wir noch \u00f6fters an jene in <a href=\"https:\/\/idnu.ch\/wordpress\/outdoorzentrum-leysin\/\">Leysin<\/a> erinnert werden.<\/span><\/p>\n<div class=\"tiled-gallery type-rectangular tiled-gallery-unresized\" data-original-width=\"750\" data-carousel-extra='{&quot;blog_id&quot;:1,&quot;permalink&quot;:&quot;https:\\\/\\\/idnu.ch\\\/wordpress\\\/die-kennenlernwanderung-von-villars\\\/&quot;,&quot;likes_blog_id&quot;:100184974}' itemscope itemtype=\"http:\/\/schema.org\/ImageGallery\" > <div class=\"gallery-row\" style=\"width: 750px; height: 335px;\" data-original-width=\"750\" data-original-height=\"335\" > <div class=\"gallery-group images-1\" style=\"width: 501px; height: 335px;\" data-original-width=\"501\" data-original-height=\"335\" > <div class=\"tiled-gallery-item tiled-gallery-item-large\" itemprop=\"associatedMedia\" itemscope itemtype=\"http:\/\/schema.org\/ImageObject\"> <a href=\"https:\/\/idnu.ch\/wordpress\/die-kennenlernwanderung-von-villars\/villars-20211003-032\/#main\" border=\"0\" itemprop=\"url\"> <meta itemprop=\"width\" content=\"497\"> <meta itemprop=\"height\" content=\"331\"> <img decoding=\"async\" class=\"\" data-attachment-id=\"19236\" data-orig-file=\"https:\/\/idnu.ch\/wordpress\/wp-content\/uploads\/2021\/10\/villars-20211003-032.jpg\" data-orig-size=\"1280,853\" data-comments-opened=\"1\" data-image-meta=\"{&quot;aperture&quot;:&quot;4&quot;,&quot;credit&quot;:&quot;Urs Kyburz&quot;,&quot;camera&quot;:&quot;Canon EOS 5D Mark IV&quot;,&quot;caption&quot;:&quot;&quot;,&quot;created_timestamp&quot;:&quot;1633257240&quot;,&quot;copyright&quot;:&quot;\\u00a9 Urs Kyburz&quot;,&quot;focal_length&quot;:&quot;95&quot;,&quot;iso&quot;:&quot;100&quot;,&quot;shutter_speed&quot;:&quot;0.0015625&quot;,&quot;title&quot;:&quot;&quot;,&quot;orientation&quot;:&quot;0&quot;}\" data-image-title=\"Der Pic Chaussy\" data-image-description=\"\" data-medium-file=\"https:\/\/i0.wp.com\/idnu.ch\/wordpress\/wp-content\/uploads\/2021\/10\/villars-20211003-032.jpg?fit=300%2C200&#038;ssl=1\" data-large-file=\"https:\/\/i0.wp.com\/idnu.ch\/wordpress\/wp-content\/uploads\/2021\/10\/villars-20211003-032.jpg?fit=750%2C500&#038;ssl=1\" src=\"https:\/\/i0.wp.com\/idnu.ch\/wordpress\/wp-content\/uploads\/2021\/10\/villars-20211003-032.jpg?w=497&#038;h=331&#038;ssl=1\" srcset=\"https:\/\/i0.wp.com\/idnu.ch\/wordpress\/wp-content\/uploads\/2021\/10\/villars-20211003-032.jpg?w=1280&amp;ssl=1 1280w, https:\/\/i0.wp.com\/idnu.ch\/wordpress\/wp-content\/uploads\/2021\/10\/villars-20211003-032.jpg?resize=300%2C200&amp;ssl=1 300w, https:\/\/i0.wp.com\/idnu.ch\/wordpress\/wp-content\/uploads\/2021\/10\/villars-20211003-032.jpg?resize=1024%2C682&amp;ssl=1 1024w, https:\/\/i0.wp.com\/idnu.ch\/wordpress\/wp-content\/uploads\/2021\/10\/villars-20211003-032.jpg?resize=768%2C512&amp;ssl=1 768w, https:\/\/i0.wp.com\/idnu.ch\/wordpress\/wp-content\/uploads\/2021\/10\/villars-20211003-032.jpg?resize=150%2C100&amp;ssl=1 150w\" width=\"497\" height=\"331\" loading=\"lazy\" data-original-width=\"497\" data-original-height=\"331\" itemprop=\"http:\/\/schema.org\/image\" title=\"Der Pic Chaussy\" alt=\"Der Pic Chaussy\" style=\"width: 497px; height: 331px;\" \/> <\/a> <div class=\"tiled-gallery-caption\" itemprop=\"caption description\"> Der Pic Chaussy <\/div> <\/div> <\/div> <!-- close group --> <div class=\"gallery-group images-2\" style=\"width: 249px; height: 335px;\" data-original-width=\"249\" data-original-height=\"335\" > <div class=\"tiled-gallery-item tiled-gallery-item-small\" itemprop=\"associatedMedia\" itemscope itemtype=\"http:\/\/schema.org\/ImageObject\"> <a href=\"https:\/\/idnu.ch\/wordpress\/die-kennenlernwanderung-von-villars\/villars-20211003-037\/#main\" border=\"0\" itemprop=\"url\"> <meta itemprop=\"width\" content=\"245\"> <meta itemprop=\"height\" content=\"164\"> <img decoding=\"async\" class=\"\" data-attachment-id=\"19237\" data-orig-file=\"https:\/\/idnu.ch\/wordpress\/wp-content\/uploads\/2021\/10\/villars-20211003-037.jpg\" data-orig-size=\"1280,853\" data-comments-opened=\"1\" data-image-meta=\"{&quot;aperture&quot;:&quot;7.1&quot;,&quot;credit&quot;:&quot;Urs Kyburz&quot;,&quot;camera&quot;:&quot;Canon EOS M50&quot;,&quot;caption&quot;:&quot;&quot;,&quot;created_timestamp&quot;:&quot;1633258031&quot;,&quot;copyright&quot;:&quot;\\u00a9 Urs Kyburz&quot;,&quot;focal_length&quot;:&quot;100&quot;,&quot;iso&quot;:&quot;125&quot;,&quot;shutter_speed&quot;:&quot;0.00625&quot;,&quot;title&quot;:&quot;&quot;,&quot;orientation&quot;:&quot;0&quot;}\" data-image-title=\"Wandern im Skigebiet\" data-image-description=\"\" data-medium-file=\"https:\/\/i0.wp.com\/idnu.ch\/wordpress\/wp-content\/uploads\/2021\/10\/villars-20211003-037.jpg?fit=300%2C200&#038;ssl=1\" data-large-file=\"https:\/\/i0.wp.com\/idnu.ch\/wordpress\/wp-content\/uploads\/2021\/10\/villars-20211003-037.jpg?fit=750%2C500&#038;ssl=1\" src=\"https:\/\/i0.wp.com\/idnu.ch\/wordpress\/wp-content\/uploads\/2021\/10\/villars-20211003-037.jpg?w=245&#038;h=164&#038;ssl=1\" srcset=\"https:\/\/i0.wp.com\/idnu.ch\/wordpress\/wp-content\/uploads\/2021\/10\/villars-20211003-037.jpg?w=1280&amp;ssl=1 1280w, https:\/\/i0.wp.com\/idnu.ch\/wordpress\/wp-content\/uploads\/2021\/10\/villars-20211003-037.jpg?resize=300%2C200&amp;ssl=1 300w, https:\/\/i0.wp.com\/idnu.ch\/wordpress\/wp-content\/uploads\/2021\/10\/villars-20211003-037.jpg?resize=1024%2C682&amp;ssl=1 1024w, https:\/\/i0.wp.com\/idnu.ch\/wordpress\/wp-content\/uploads\/2021\/10\/villars-20211003-037.jpg?resize=768%2C512&amp;ssl=1 768w, https:\/\/i0.wp.com\/idnu.ch\/wordpress\/wp-content\/uploads\/2021\/10\/villars-20211003-037.jpg?resize=150%2C100&amp;ssl=1 150w\" width=\"245\" height=\"164\" loading=\"lazy\" data-original-width=\"245\" data-original-height=\"164\" itemprop=\"http:\/\/schema.org\/image\" title=\"Wandern im Skigebiet\" alt=\"Wandern im Skigebiet\" style=\"width: 245px; height: 164px;\" \/> <\/a> <div class=\"tiled-gallery-caption\" itemprop=\"caption description\"> Wandern im Skigebiet <\/div> <\/div> <div class=\"tiled-gallery-item tiled-gallery-item-small\" itemprop=\"associatedMedia\" itemscope itemtype=\"http:\/\/schema.org\/ImageObject\"> <a href=\"https:\/\/idnu.ch\/wordpress\/die-kennenlernwanderung-von-villars\/villars-20211003-038\/#main\" border=\"0\" itemprop=\"url\"> <meta itemprop=\"width\" content=\"245\"> <meta itemprop=\"height\" content=\"163\"> <img decoding=\"async\" class=\"\" data-attachment-id=\"19238\" data-orig-file=\"https:\/\/idnu.ch\/wordpress\/wp-content\/uploads\/2021\/10\/villars-20211003-038.jpg\" data-orig-size=\"1280,853\" data-comments-opened=\"1\" data-image-meta=\"{&quot;aperture&quot;:&quot;9&quot;,&quot;credit&quot;:&quot;Urs Kyburz&quot;,&quot;camera&quot;:&quot;Canon EOS 5D Mark IV&quot;,&quot;caption&quot;:&quot;&quot;,&quot;created_timestamp&quot;:&quot;1633259237&quot;,&quot;copyright&quot;:&quot;\\u00a9 Urs Kyburz&quot;,&quot;focal_length&quot;:&quot;32&quot;,&quot;iso&quot;:&quot;100&quot;,&quot;shutter_speed&quot;:&quot;0.016666666666667&quot;,&quot;title&quot;:&quot;&quot;,&quot;orientation&quot;:&quot;0&quot;}\" data-image-title=\"Auf dem Pas de l&amp;#8217;Encr\u00e8ne\" data-image-description=\"\" data-medium-file=\"https:\/\/i0.wp.com\/idnu.ch\/wordpress\/wp-content\/uploads\/2021\/10\/villars-20211003-038.jpg?fit=300%2C200&#038;ssl=1\" data-large-file=\"https:\/\/i0.wp.com\/idnu.ch\/wordpress\/wp-content\/uploads\/2021\/10\/villars-20211003-038.jpg?fit=750%2C500&#038;ssl=1\" src=\"https:\/\/i0.wp.com\/idnu.ch\/wordpress\/wp-content\/uploads\/2021\/10\/villars-20211003-038.jpg?w=245&#038;h=163&#038;ssl=1\" srcset=\"https:\/\/i0.wp.com\/idnu.ch\/wordpress\/wp-content\/uploads\/2021\/10\/villars-20211003-038.jpg?w=1280&amp;ssl=1 1280w, https:\/\/i0.wp.com\/idnu.ch\/wordpress\/wp-content\/uploads\/2021\/10\/villars-20211003-038.jpg?resize=300%2C200&amp;ssl=1 300w, https:\/\/i0.wp.com\/idnu.ch\/wordpress\/wp-content\/uploads\/2021\/10\/villars-20211003-038.jpg?resize=1024%2C682&amp;ssl=1 1024w, https:\/\/i0.wp.com\/idnu.ch\/wordpress\/wp-content\/uploads\/2021\/10\/villars-20211003-038.jpg?resize=768%2C512&amp;ssl=1 768w, https:\/\/i0.wp.com\/idnu.ch\/wordpress\/wp-content\/uploads\/2021\/10\/villars-20211003-038.jpg?resize=150%2C100&amp;ssl=1 150w\" width=\"245\" height=\"163\" loading=\"lazy\" data-original-width=\"245\" data-original-height=\"163\" itemprop=\"http:\/\/schema.org\/image\" title=\"Auf dem Pas de l&#039;Encr\u00e8ne\" alt=\"Auf dem Pas de l&#039;Encr\u00e8ne\" style=\"width: 245px; height: 163px;\" \/> <\/a> <div class=\"tiled-gallery-caption\" itemprop=\"caption description\"> Auf dem Pas de l&#8217;Encr\u00e8ne <\/div> <\/div> <\/div> <!-- close group --> <\/div> <!-- close row --> <div class=\"gallery-row\" style=\"width: 750px; height: 501px;\" data-original-width=\"750\" data-original-height=\"501\" > <div class=\"gallery-group images-1\" style=\"width: 750px; height: 501px;\" data-original-width=\"750\" data-original-height=\"501\" > <div class=\"tiled-gallery-item tiled-gallery-item-large\" itemprop=\"associatedMedia\" itemscope itemtype=\"http:\/\/schema.org\/ImageObject\"> <a href=\"https:\/\/idnu.ch\/wordpress\/die-kennenlernwanderung-von-villars\/villars-20211003-039\/#main\" border=\"0\" itemprop=\"url\"> <meta itemprop=\"width\" content=\"746\"> <meta itemprop=\"height\" content=\"497\"> <img decoding=\"async\" class=\"\" data-attachment-id=\"19239\" data-orig-file=\"https:\/\/idnu.ch\/wordpress\/wp-content\/uploads\/2021\/10\/villars-20211003-039.jpg\" data-orig-size=\"1280,853\" data-comments-opened=\"1\" data-image-meta=\"{&quot;aperture&quot;:&quot;9&quot;,&quot;credit&quot;:&quot;Urs Kyburz&quot;,&quot;camera&quot;:&quot;Canon EOS 5D Mark IV&quot;,&quot;caption&quot;:&quot;&quot;,&quot;created_timestamp&quot;:&quot;1633259756&quot;,&quot;copyright&quot;:&quot;\\u00a9 Urs Kyburz&quot;,&quot;focal_length&quot;:&quot;28&quot;,&quot;iso&quot;:&quot;100&quot;,&quot;shutter_speed&quot;:&quot;0.025&quot;,&quot;title&quot;:&quot;&quot;,&quot;orientation&quot;:&quot;0&quot;}\" data-image-title=\"S\u00fcdsicht\" data-image-description=\"\" data-medium-file=\"https:\/\/i0.wp.com\/idnu.ch\/wordpress\/wp-content\/uploads\/2021\/10\/villars-20211003-039.jpg?fit=300%2C200&#038;ssl=1\" data-large-file=\"https:\/\/i0.wp.com\/idnu.ch\/wordpress\/wp-content\/uploads\/2021\/10\/villars-20211003-039.jpg?fit=750%2C500&#038;ssl=1\" src=\"https:\/\/i0.wp.com\/idnu.ch\/wordpress\/wp-content\/uploads\/2021\/10\/villars-20211003-039.jpg?w=746&#038;h=497&#038;ssl=1\" srcset=\"https:\/\/i0.wp.com\/idnu.ch\/wordpress\/wp-content\/uploads\/2021\/10\/villars-20211003-039.jpg?w=1280&amp;ssl=1 1280w, https:\/\/i0.wp.com\/idnu.ch\/wordpress\/wp-content\/uploads\/2021\/10\/villars-20211003-039.jpg?resize=300%2C200&amp;ssl=1 300w, https:\/\/i0.wp.com\/idnu.ch\/wordpress\/wp-content\/uploads\/2021\/10\/villars-20211003-039.jpg?resize=1024%2C682&amp;ssl=1 1024w, https:\/\/i0.wp.com\/idnu.ch\/wordpress\/wp-content\/uploads\/2021\/10\/villars-20211003-039.jpg?resize=768%2C512&amp;ssl=1 768w, https:\/\/i0.wp.com\/idnu.ch\/wordpress\/wp-content\/uploads\/2021\/10\/villars-20211003-039.jpg?resize=150%2C100&amp;ssl=1 150w\" width=\"746\" height=\"497\" loading=\"lazy\" data-original-width=\"746\" data-original-height=\"497\" itemprop=\"http:\/\/schema.org\/image\" title=\"S\u00fcdsicht\" alt=\"S\u00fcdsicht\" style=\"width: 746px; height: 497px;\" \/> <\/a> <div class=\"tiled-gallery-caption\" itemprop=\"caption description\"> S\u00fcdsicht <\/div> <\/div> <\/div> <!-- close group --> <\/div> <!-- close row --> <\/div>\n<p><span style=\"letter-spacing: 0.2px;\">Jetzt geht es weiter aufw\u00e4rts \u00fcber Viehweiden. V\u00f6gel flattern umher, aber leider k\u00f6nnen wir sie nicht bestimmen, sie sind zu weit weg. Bald erreichen wir den Pas de l&#8217;Encr\u00e8ne, wo wir eine Entscheidung f\u00e4llen m\u00fcssen.<\/span><\/p>\n<h2>Ein ausgesetzter Grat<\/h2>\n<p>Wir haben die Wahl: Auf dem normalen Wanderweg gem\u00fctlich zur\u00fcck zum Col de Bretaye oder \u00fcber den Grat, \u00fcber den Wanderweg f\u00fchrt, der in keiner Karte vermerkt ist? Nat\u00fcrlich entscheiden wir uns f\u00fcr den <span style=\"letter-spacing: 0.2px;\">Grat! Der f\u00e4ngt harmlos an, daf\u00fcr macht uns der F\u00f6hn zu schaffen, der heftig bl\u00e4st. Bald fallen die Felsen s\u00fcdw\u00e4rts steil ab. Als nordw\u00e4rts der Hang auch noch steil und steiler wird, beschleicht mich ein mulmiges Gef\u00fchl, da immer wieder starke B\u00f6en einen fast aus dem Gleichgewicht bringen. Deshalb gehe ich umso konzentrierter. Die beiden anderen scheinen sich da keine Gedanken zu machen. Fabian <\/span>sinniert<span style=\"letter-spacing: 0.2px;\">,\u00a0 wie er den Grat mit dem Bike befahren k\u00f6nnte. Zum Gl\u00fcck bleibt es bei den Gedankenspielen.<\/span><\/p>\n<div class=\"tiled-gallery type-rectangular tiled-gallery-unresized\" data-original-width=\"750\" data-carousel-extra='{&quot;blog_id&quot;:1,&quot;permalink&quot;:&quot;https:\\\/\\\/idnu.ch\\\/wordpress\\\/die-kennenlernwanderung-von-villars\\\/&quot;,&quot;likes_blog_id&quot;:100184974}' itemscope itemtype=\"http:\/\/schema.org\/ImageGallery\" > <div class=\"gallery-row\" style=\"width: 750px; height: 335px;\" data-original-width=\"750\" data-original-height=\"335\" > <div class=\"gallery-group images-1\" style=\"width: 501px; height: 335px;\" data-original-width=\"501\" data-original-height=\"335\" > <div class=\"tiled-gallery-item tiled-gallery-item-large\" itemprop=\"associatedMedia\" itemscope itemtype=\"http:\/\/schema.org\/ImageObject\"> <a href=\"https:\/\/idnu.ch\/wordpress\/die-kennenlernwanderung-von-villars\/villars-20211003-041\/#main\" border=\"0\" itemprop=\"url\"> <meta itemprop=\"width\" content=\"497\"> <meta itemprop=\"height\" content=\"331\"> <img decoding=\"async\" class=\"\" data-attachment-id=\"19240\" data-orig-file=\"https:\/\/idnu.ch\/wordpress\/wp-content\/uploads\/2021\/10\/villars-20211003-041.jpg\" data-orig-size=\"1280,853\" data-comments-opened=\"1\" data-image-meta=\"{&quot;aperture&quot;:&quot;9&quot;,&quot;credit&quot;:&quot;Urs Kyburz&quot;,&quot;camera&quot;:&quot;Canon EOS 5D Mark IV&quot;,&quot;caption&quot;:&quot;&quot;,&quot;created_timestamp&quot;:&quot;1633259846&quot;,&quot;copyright&quot;:&quot;\\u00a9 Urs Kyburz&quot;,&quot;focal_length&quot;:&quot;35&quot;,&quot;iso&quot;:&quot;100&quot;,&quot;shutter_speed&quot;:&quot;0.025&quot;,&quot;title&quot;:&quot;&quot;,&quot;orientation&quot;:&quot;0&quot;}\" data-image-title=\"\" data-image-description=\"\" data-medium-file=\"https:\/\/i0.wp.com\/idnu.ch\/wordpress\/wp-content\/uploads\/2021\/10\/villars-20211003-041.jpg?fit=300%2C200&#038;ssl=1\" data-large-file=\"https:\/\/i0.wp.com\/idnu.ch\/wordpress\/wp-content\/uploads\/2021\/10\/villars-20211003-041.jpg?fit=750%2C500&#038;ssl=1\" src=\"https:\/\/i0.wp.com\/idnu.ch\/wordpress\/wp-content\/uploads\/2021\/10\/villars-20211003-041.jpg?w=497&#038;h=331&#038;ssl=1\" srcset=\"https:\/\/i0.wp.com\/idnu.ch\/wordpress\/wp-content\/uploads\/2021\/10\/villars-20211003-041.jpg?w=1280&amp;ssl=1 1280w, https:\/\/i0.wp.com\/idnu.ch\/wordpress\/wp-content\/uploads\/2021\/10\/villars-20211003-041.jpg?resize=300%2C200&amp;ssl=1 300w, https:\/\/i0.wp.com\/idnu.ch\/wordpress\/wp-content\/uploads\/2021\/10\/villars-20211003-041.jpg?resize=1024%2C682&amp;ssl=1 1024w, https:\/\/i0.wp.com\/idnu.ch\/wordpress\/wp-content\/uploads\/2021\/10\/villars-20211003-041.jpg?resize=768%2C512&amp;ssl=1 768w, https:\/\/i0.wp.com\/idnu.ch\/wordpress\/wp-content\/uploads\/2021\/10\/villars-20211003-041.jpg?resize=150%2C100&amp;ssl=1 150w\" width=\"497\" height=\"331\" loading=\"lazy\" data-original-width=\"497\" data-original-height=\"331\" itemprop=\"http:\/\/schema.org\/image\" title=\"\" alt=\"\" style=\"width: 497px; height: 331px;\" \/> <\/a> <\/div> <\/div> <!-- close group --> <div class=\"gallery-group images-2\" style=\"width: 249px; height: 335px;\" data-original-width=\"249\" data-original-height=\"335\" > <div class=\"tiled-gallery-item tiled-gallery-item-small\" itemprop=\"associatedMedia\" itemscope itemtype=\"http:\/\/schema.org\/ImageObject\"> <a href=\"https:\/\/idnu.ch\/wordpress\/die-kennenlernwanderung-von-villars\/villars-20211003-047\/#main\" border=\"0\" itemprop=\"url\"> <meta itemprop=\"width\" content=\"245\"> <meta itemprop=\"height\" content=\"164\"> <img decoding=\"async\" class=\"\" data-attachment-id=\"19241\" data-orig-file=\"https:\/\/idnu.ch\/wordpress\/wp-content\/uploads\/2021\/10\/villars-20211003-047.jpg\" data-orig-size=\"1280,853\" data-comments-opened=\"1\" data-image-meta=\"{&quot;aperture&quot;:&quot;9&quot;,&quot;credit&quot;:&quot;Urs Kyburz&quot;,&quot;camera&quot;:&quot;Canon EOS 5D Mark IV&quot;,&quot;caption&quot;:&quot;&quot;,&quot;created_timestamp&quot;:&quot;1633260291&quot;,&quot;copyright&quot;:&quot;\\u00a9 Urs Kyburz&quot;,&quot;focal_length&quot;:&quot;24&quot;,&quot;iso&quot;:&quot;100&quot;,&quot;shutter_speed&quot;:&quot;0.016666666666667&quot;,&quot;title&quot;:&quot;&quot;,&quot;orientation&quot;:&quot;0&quot;}\" data-image-title=\"\" data-image-description=\"\" data-medium-file=\"https:\/\/i0.wp.com\/idnu.ch\/wordpress\/wp-content\/uploads\/2021\/10\/villars-20211003-047.jpg?fit=300%2C200&#038;ssl=1\" data-large-file=\"https:\/\/i0.wp.com\/idnu.ch\/wordpress\/wp-content\/uploads\/2021\/10\/villars-20211003-047.jpg?fit=750%2C500&#038;ssl=1\" src=\"https:\/\/i0.wp.com\/idnu.ch\/wordpress\/wp-content\/uploads\/2021\/10\/villars-20211003-047.jpg?w=245&#038;h=164&#038;ssl=1\" srcset=\"https:\/\/i0.wp.com\/idnu.ch\/wordpress\/wp-content\/uploads\/2021\/10\/villars-20211003-047.jpg?w=1280&amp;ssl=1 1280w, https:\/\/i0.wp.com\/idnu.ch\/wordpress\/wp-content\/uploads\/2021\/10\/villars-20211003-047.jpg?resize=300%2C200&amp;ssl=1 300w, https:\/\/i0.wp.com\/idnu.ch\/wordpress\/wp-content\/uploads\/2021\/10\/villars-20211003-047.jpg?resize=1024%2C682&amp;ssl=1 1024w, https:\/\/i0.wp.com\/idnu.ch\/wordpress\/wp-content\/uploads\/2021\/10\/villars-20211003-047.jpg?resize=768%2C512&amp;ssl=1 768w, https:\/\/i0.wp.com\/idnu.ch\/wordpress\/wp-content\/uploads\/2021\/10\/villars-20211003-047.jpg?resize=150%2C100&amp;ssl=1 150w\" width=\"245\" height=\"164\" loading=\"lazy\" data-original-width=\"245\" data-original-height=\"164\" itemprop=\"http:\/\/schema.org\/image\" title=\"\" alt=\"\" style=\"width: 245px; height: 164px;\" \/> <\/a> <\/div> <div class=\"tiled-gallery-item tiled-gallery-item-small\" itemprop=\"associatedMedia\" itemscope itemtype=\"http:\/\/schema.org\/ImageObject\"> <a href=\"https:\/\/idnu.ch\/wordpress\/die-kennenlernwanderung-von-villars\/villars-20211003-049\/#main\" border=\"0\" itemprop=\"url\"> <meta itemprop=\"width\" content=\"245\"> <meta itemprop=\"height\" content=\"163\"> <img decoding=\"async\" class=\"\" data-attachment-id=\"19242\" data-orig-file=\"https:\/\/idnu.ch\/wordpress\/wp-content\/uploads\/2021\/10\/villars-20211003-049.jpg\" data-orig-size=\"1280,853\" data-comments-opened=\"1\" data-image-meta=\"{&quot;aperture&quot;:&quot;9&quot;,&quot;credit&quot;:&quot;Urs Kyburz&quot;,&quot;camera&quot;:&quot;Canon EOS 5D Mark IV&quot;,&quot;caption&quot;:&quot;&quot;,&quot;created_timestamp&quot;:&quot;1633260312&quot;,&quot;copyright&quot;:&quot;\\u00a9 Urs Kyburz&quot;,&quot;focal_length&quot;:&quot;67&quot;,&quot;iso&quot;:&quot;100&quot;,&quot;shutter_speed&quot;:&quot;0.008&quot;,&quot;title&quot;:&quot;&quot;,&quot;orientation&quot;:&quot;0&quot;}\" data-image-title=\"\" data-image-description=\"\" data-medium-file=\"https:\/\/i0.wp.com\/idnu.ch\/wordpress\/wp-content\/uploads\/2021\/10\/villars-20211003-049.jpg?fit=300%2C200&#038;ssl=1\" data-large-file=\"https:\/\/i0.wp.com\/idnu.ch\/wordpress\/wp-content\/uploads\/2021\/10\/villars-20211003-049.jpg?fit=750%2C500&#038;ssl=1\" src=\"https:\/\/i0.wp.com\/idnu.ch\/wordpress\/wp-content\/uploads\/2021\/10\/villars-20211003-049.jpg?w=245&#038;h=163&#038;ssl=1\" srcset=\"https:\/\/i0.wp.com\/idnu.ch\/wordpress\/wp-content\/uploads\/2021\/10\/villars-20211003-049.jpg?w=1280&amp;ssl=1 1280w, https:\/\/i0.wp.com\/idnu.ch\/wordpress\/wp-content\/uploads\/2021\/10\/villars-20211003-049.jpg?resize=300%2C200&amp;ssl=1 300w, https:\/\/i0.wp.com\/idnu.ch\/wordpress\/wp-content\/uploads\/2021\/10\/villars-20211003-049.jpg?resize=1024%2C682&amp;ssl=1 1024w, https:\/\/i0.wp.com\/idnu.ch\/wordpress\/wp-content\/uploads\/2021\/10\/villars-20211003-049.jpg?resize=768%2C512&amp;ssl=1 768w, https:\/\/i0.wp.com\/idnu.ch\/wordpress\/wp-content\/uploads\/2021\/10\/villars-20211003-049.jpg?resize=150%2C100&amp;ssl=1 150w\" width=\"245\" height=\"163\" loading=\"lazy\" data-original-width=\"245\" data-original-height=\"163\" itemprop=\"http:\/\/schema.org\/image\" title=\"\" alt=\"\" style=\"width: 245px; height: 163px;\" \/> <\/a> <\/div> <\/div> <!-- close group --> <\/div> <!-- close row --> <div class=\"gallery-row\" style=\"width: 750px; height: 530px;\" data-original-width=\"750\" data-original-height=\"530\" > <div class=\"gallery-group images-2\" style=\"width: 396px; height: 530px;\" data-original-width=\"396\" data-original-height=\"530\" > <div class=\"tiled-gallery-item tiled-gallery-item-large\" itemprop=\"associatedMedia\" itemscope itemtype=\"http:\/\/schema.org\/ImageObject\"> <a href=\"https:\/\/idnu.ch\/wordpress\/die-kennenlernwanderung-von-villars\/villars-20211003-055\/#main\" border=\"0\" itemprop=\"url\"> <meta itemprop=\"width\" content=\"392\"> <meta itemprop=\"height\" content=\"261\"> <img decoding=\"async\" class=\"\" data-attachment-id=\"19243\" data-orig-file=\"https:\/\/idnu.ch\/wordpress\/wp-content\/uploads\/2021\/10\/villars-20211003-055.jpg\" data-orig-size=\"1280,853\" data-comments-opened=\"1\" data-image-meta=\"{&quot;aperture&quot;:&quot;7.1&quot;,&quot;credit&quot;:&quot;Urs Kyburz&quot;,&quot;camera&quot;:&quot;Canon EOS 5D Mark IV&quot;,&quot;caption&quot;:&quot;&quot;,&quot;created_timestamp&quot;:&quot;1633260658&quot;,&quot;copyright&quot;:&quot;\\u00a9 Urs Kyburz&quot;,&quot;focal_length&quot;:&quot;35&quot;,&quot;iso&quot;:&quot;100&quot;,&quot;shutter_speed&quot;:&quot;0.0125&quot;,&quot;title&quot;:&quot;&quot;,&quot;orientation&quot;:&quot;0&quot;}\" data-image-title=\"\" data-image-description=\"\" data-medium-file=\"https:\/\/i0.wp.com\/idnu.ch\/wordpress\/wp-content\/uploads\/2021\/10\/villars-20211003-055.jpg?fit=300%2C200&#038;ssl=1\" data-large-file=\"https:\/\/i0.wp.com\/idnu.ch\/wordpress\/wp-content\/uploads\/2021\/10\/villars-20211003-055.jpg?fit=750%2C500&#038;ssl=1\" src=\"https:\/\/i0.wp.com\/idnu.ch\/wordpress\/wp-content\/uploads\/2021\/10\/villars-20211003-055.jpg?w=392&#038;h=261&#038;ssl=1\" srcset=\"https:\/\/i0.wp.com\/idnu.ch\/wordpress\/wp-content\/uploads\/2021\/10\/villars-20211003-055.jpg?w=1280&amp;ssl=1 1280w, https:\/\/i0.wp.com\/idnu.ch\/wordpress\/wp-content\/uploads\/2021\/10\/villars-20211003-055.jpg?resize=300%2C200&amp;ssl=1 300w, https:\/\/i0.wp.com\/idnu.ch\/wordpress\/wp-content\/uploads\/2021\/10\/villars-20211003-055.jpg?resize=1024%2C682&amp;ssl=1 1024w, https:\/\/i0.wp.com\/idnu.ch\/wordpress\/wp-content\/uploads\/2021\/10\/villars-20211003-055.jpg?resize=768%2C512&amp;ssl=1 768w, https:\/\/i0.wp.com\/idnu.ch\/wordpress\/wp-content\/uploads\/2021\/10\/villars-20211003-055.jpg?resize=150%2C100&amp;ssl=1 150w\" width=\"392\" height=\"261\" loading=\"lazy\" data-original-width=\"392\" data-original-height=\"261\" itemprop=\"http:\/\/schema.org\/image\" title=\"\" alt=\"\" style=\"width: 392px; height: 261px;\" \/> <\/a> <\/div> <div class=\"tiled-gallery-item tiled-gallery-item-large\" itemprop=\"associatedMedia\" itemscope itemtype=\"http:\/\/schema.org\/ImageObject\"> <a href=\"https:\/\/idnu.ch\/wordpress\/die-kennenlernwanderung-von-villars\/villars-20211003-060\/#main\" border=\"0\" itemprop=\"url\"> <meta itemprop=\"width\" content=\"392\"> <meta itemprop=\"height\" content=\"261\"> <img decoding=\"async\" class=\"\" data-attachment-id=\"19244\" data-orig-file=\"https:\/\/idnu.ch\/wordpress\/wp-content\/uploads\/2021\/10\/villars-20211003-060.jpg\" data-orig-size=\"1280,853\" data-comments-opened=\"1\" data-image-meta=\"{&quot;aperture&quot;:&quot;7.1&quot;,&quot;credit&quot;:&quot;Urs Kyburz&quot;,&quot;camera&quot;:&quot;Canon EOS 5D Mark IV&quot;,&quot;caption&quot;:&quot;&quot;,&quot;created_timestamp&quot;:&quot;1633261472&quot;,&quot;copyright&quot;:&quot;\\u00a9 Urs Kyburz&quot;,&quot;focal_length&quot;:&quot;40&quot;,&quot;iso&quot;:&quot;100&quot;,&quot;shutter_speed&quot;:&quot;0.005&quot;,&quot;title&quot;:&quot;&quot;,&quot;orientation&quot;:&quot;0&quot;}\" data-image-title=\"\" data-image-description=\"\" data-medium-file=\"https:\/\/i0.wp.com\/idnu.ch\/wordpress\/wp-content\/uploads\/2021\/10\/villars-20211003-060.jpg?fit=300%2C200&#038;ssl=1\" data-large-file=\"https:\/\/i0.wp.com\/idnu.ch\/wordpress\/wp-content\/uploads\/2021\/10\/villars-20211003-060.jpg?fit=750%2C500&#038;ssl=1\" src=\"https:\/\/i0.wp.com\/idnu.ch\/wordpress\/wp-content\/uploads\/2021\/10\/villars-20211003-060.jpg?w=392&#038;h=261&#038;ssl=1\" srcset=\"https:\/\/i0.wp.com\/idnu.ch\/wordpress\/wp-content\/uploads\/2021\/10\/villars-20211003-060.jpg?w=1280&amp;ssl=1 1280w, https:\/\/i0.wp.com\/idnu.ch\/wordpress\/wp-content\/uploads\/2021\/10\/villars-20211003-060.jpg?resize=300%2C200&amp;ssl=1 300w, https:\/\/i0.wp.com\/idnu.ch\/wordpress\/wp-content\/uploads\/2021\/10\/villars-20211003-060.jpg?resize=1024%2C682&amp;ssl=1 1024w, https:\/\/i0.wp.com\/idnu.ch\/wordpress\/wp-content\/uploads\/2021\/10\/villars-20211003-060.jpg?resize=768%2C512&amp;ssl=1 768w, https:\/\/i0.wp.com\/idnu.ch\/wordpress\/wp-content\/uploads\/2021\/10\/villars-20211003-060.jpg?resize=150%2C100&amp;ssl=1 150w\" width=\"392\" height=\"261\" loading=\"lazy\" data-original-width=\"392\" data-original-height=\"261\" itemprop=\"http:\/\/schema.org\/image\" title=\"\" alt=\"\" style=\"width: 392px; height: 261px;\" \/> <\/a> <\/div> <\/div> <!-- close group --> <div class=\"gallery-group images-1\" style=\"width: 354px; height: 530px;\" data-original-width=\"354\" data-original-height=\"530\" > <div class=\"tiled-gallery-item tiled-gallery-item-large\" itemprop=\"associatedMedia\" itemscope itemtype=\"http:\/\/schema.org\/ImageObject\"> <a href=\"https:\/\/idnu.ch\/wordpress\/die-kennenlernwanderung-von-villars\/villars-20211003-070\/#main\" border=\"0\" itemprop=\"url\"> <meta itemprop=\"width\" content=\"350\"> <meta itemprop=\"height\" content=\"526\"> <img decoding=\"async\" class=\"\" data-attachment-id=\"19245\" data-orig-file=\"https:\/\/idnu.ch\/wordpress\/wp-content\/uploads\/2021\/10\/villars-20211003-070.jpg\" data-orig-size=\"853,1280\" data-comments-opened=\"1\" data-image-meta=\"{&quot;aperture&quot;:&quot;7.1&quot;,&quot;credit&quot;:&quot;Urs Kyburz&quot;,&quot;camera&quot;:&quot;Canon EOS 5D Mark IV&quot;,&quot;caption&quot;:&quot;&quot;,&quot;created_timestamp&quot;:&quot;1633261858&quot;,&quot;copyright&quot;:&quot;\\u00a9 Urs Kyburz&quot;,&quot;focal_length&quot;:&quot;40&quot;,&quot;iso&quot;:&quot;100&quot;,&quot;shutter_speed&quot;:&quot;0.0125&quot;,&quot;title&quot;:&quot;&quot;,&quot;orientation&quot;:&quot;0&quot;}\" data-image-title=\"\" data-image-description=\"\" data-medium-file=\"https:\/\/i0.wp.com\/idnu.ch\/wordpress\/wp-content\/uploads\/2021\/10\/villars-20211003-070.jpg?fit=200%2C300&#038;ssl=1\" data-large-file=\"https:\/\/i0.wp.com\/idnu.ch\/wordpress\/wp-content\/uploads\/2021\/10\/villars-20211003-070.jpg?fit=682%2C1024&#038;ssl=1\" src=\"https:\/\/i0.wp.com\/idnu.ch\/wordpress\/wp-content\/uploads\/2021\/10\/villars-20211003-070.jpg?w=350&#038;h=526&#038;ssl=1\" srcset=\"https:\/\/i0.wp.com\/idnu.ch\/wordpress\/wp-content\/uploads\/2021\/10\/villars-20211003-070.jpg?w=853&amp;ssl=1 853w, https:\/\/i0.wp.com\/idnu.ch\/wordpress\/wp-content\/uploads\/2021\/10\/villars-20211003-070.jpg?resize=200%2C300&amp;ssl=1 200w, https:\/\/i0.wp.com\/idnu.ch\/wordpress\/wp-content\/uploads\/2021\/10\/villars-20211003-070.jpg?resize=682%2C1024&amp;ssl=1 682w, https:\/\/i0.wp.com\/idnu.ch\/wordpress\/wp-content\/uploads\/2021\/10\/villars-20211003-070.jpg?resize=768%2C1152&amp;ssl=1 768w, https:\/\/i0.wp.com\/idnu.ch\/wordpress\/wp-content\/uploads\/2021\/10\/villars-20211003-070.jpg?resize=67%2C100&amp;ssl=1 67w\" width=\"350\" height=\"526\" loading=\"lazy\" data-original-width=\"350\" data-original-height=\"526\" itemprop=\"http:\/\/schema.org\/image\" title=\"\" alt=\"\" style=\"width: 350px; height: 526px;\" \/> <\/a> <\/div> <\/div> <!-- close group --> <\/div> <!-- close row --> <\/div>\n<p><span style=\"letter-spacing: 0.2px;\">Hier sind keine Leute unterwegs, wir sind ganz alleine. Nur diese B\u00f6en sind m\u00fchsam, aber wir werden mit einer grossartigen Aussicht entsch\u00e4digt. Allm\u00e4hlich verbreitert sich der Grat, wir e<\/span><span style=\"letter-spacing: 0.2px;\">rreichen den breiten R\u00fccken des Chaux Ronde. Das ist ein <\/span><span style=\"letter-spacing: 0.2px;\">Grash\u00fcgel, der im Sommer als Kuhweide genutzt wird. Die Tiere sind zu dieser Jahreszeit aber l\u00e4ngst im Tal, trotzdem ist der Aufenthalt nicht so gem\u00fctlich mit dem F\u00f6hn. Und nun sind wir wieder im Skigebiet.<\/span><\/p>\n<div class=\"tiled-gallery type-rectangular tiled-gallery-unresized\" data-original-width=\"750\" data-carousel-extra='{&quot;blog_id&quot;:1,&quot;permalink&quot;:&quot;https:\\\/\\\/idnu.ch\\\/wordpress\\\/die-kennenlernwanderung-von-villars\\\/&quot;,&quot;likes_blog_id&quot;:100184974}' itemscope itemtype=\"http:\/\/schema.org\/ImageGallery\" > <div class=\"gallery-row\" style=\"width: 750px; height: 326px;\" data-original-width=\"750\" data-original-height=\"326\" > <div class=\"gallery-group images-2\" style=\"width: 263px; height: 326px;\" data-original-width=\"263\" data-original-height=\"326\" > <div class=\"tiled-gallery-item tiled-gallery-item-large\" itemprop=\"associatedMedia\" itemscope itemtype=\"http:\/\/schema.org\/ImageObject\"> <a href=\"https:\/\/idnu.ch\/wordpress\/die-kennenlernwanderung-von-villars\/villars-20211003-076\/#main\" border=\"0\" itemprop=\"url\"> <meta itemprop=\"width\" content=\"259\"> <meta itemprop=\"height\" content=\"146\"> <img decoding=\"async\" class=\"\" data-attachment-id=\"19246\" data-orig-file=\"https:\/\/idnu.ch\/wordpress\/wp-content\/uploads\/2021\/10\/villars-20211003-076.jpg\" data-orig-size=\"1280,720\" data-comments-opened=\"1\" data-image-meta=\"{&quot;aperture&quot;:&quot;7.1&quot;,&quot;credit&quot;:&quot;Urs Kyburz&quot;,&quot;camera&quot;:&quot;Canon EOS 5D Mark IV&quot;,&quot;caption&quot;:&quot;&quot;,&quot;created_timestamp&quot;:&quot;1633261898&quot;,&quot;copyright&quot;:&quot;\\u00a9 Urs Kyburz&quot;,&quot;focal_length&quot;:&quot;58&quot;,&quot;iso&quot;:&quot;100&quot;,&quot;shutter_speed&quot;:&quot;0.004&quot;,&quot;title&quot;:&quot;&quot;,&quot;orientation&quot;:&quot;0&quot;}\" data-image-title=\"\" data-image-description=\"\" data-medium-file=\"https:\/\/i0.wp.com\/idnu.ch\/wordpress\/wp-content\/uploads\/2021\/10\/villars-20211003-076.jpg?fit=300%2C169&#038;ssl=1\" data-large-file=\"https:\/\/i0.wp.com\/idnu.ch\/wordpress\/wp-content\/uploads\/2021\/10\/villars-20211003-076.jpg?fit=750%2C422&#038;ssl=1\" src=\"https:\/\/i0.wp.com\/idnu.ch\/wordpress\/wp-content\/uploads\/2021\/10\/villars-20211003-076.jpg?w=259&#038;h=146&#038;ssl=1\" srcset=\"https:\/\/i0.wp.com\/idnu.ch\/wordpress\/wp-content\/uploads\/2021\/10\/villars-20211003-076.jpg?w=1280&amp;ssl=1 1280w, https:\/\/i0.wp.com\/idnu.ch\/wordpress\/wp-content\/uploads\/2021\/10\/villars-20211003-076.jpg?resize=300%2C169&amp;ssl=1 300w, https:\/\/i0.wp.com\/idnu.ch\/wordpress\/wp-content\/uploads\/2021\/10\/villars-20211003-076.jpg?resize=1024%2C576&amp;ssl=1 1024w, https:\/\/i0.wp.com\/idnu.ch\/wordpress\/wp-content\/uploads\/2021\/10\/villars-20211003-076.jpg?resize=768%2C432&amp;ssl=1 768w, https:\/\/i0.wp.com\/idnu.ch\/wordpress\/wp-content\/uploads\/2021\/10\/villars-20211003-076.jpg?resize=178%2C100&amp;ssl=1 178w\" width=\"259\" height=\"146\" loading=\"lazy\" data-original-width=\"259\" data-original-height=\"146\" itemprop=\"http:\/\/schema.org\/image\" title=\"\" alt=\"\" style=\"width: 259px; height: 146px;\" \/> <\/a> <\/div> <div class=\"tiled-gallery-item tiled-gallery-item-large\" itemprop=\"associatedMedia\" itemscope itemtype=\"http:\/\/schema.org\/ImageObject\"> <a href=\"https:\/\/idnu.ch\/wordpress\/die-kennenlernwanderung-von-villars\/villars-20211003-081\/#main\" border=\"0\" itemprop=\"url\"> <meta itemprop=\"width\" content=\"259\"> <meta itemprop=\"height\" content=\"172\"> <img decoding=\"async\" class=\"\" data-attachment-id=\"19247\" data-orig-file=\"https:\/\/idnu.ch\/wordpress\/wp-content\/uploads\/2021\/10\/villars-20211003-081.jpg\" data-orig-size=\"1280,853\" data-comments-opened=\"1\" data-image-meta=\"{&quot;aperture&quot;:&quot;9&quot;,&quot;credit&quot;:&quot;Urs Kyburz&quot;,&quot;camera&quot;:&quot;Canon EOS 5D Mark IV&quot;,&quot;caption&quot;:&quot;&quot;,&quot;created_timestamp&quot;:&quot;1633262341&quot;,&quot;copyright&quot;:&quot;\\u00a9 Urs Kyburz&quot;,&quot;focal_length&quot;:&quot;24&quot;,&quot;iso&quot;:&quot;100&quot;,&quot;shutter_speed&quot;:&quot;0.004&quot;,&quot;title&quot;:&quot;&quot;,&quot;orientation&quot;:&quot;0&quot;}\" data-image-title=\"Auf dem Chaux Ronde\" data-image-description=\"\" data-medium-file=\"https:\/\/i0.wp.com\/idnu.ch\/wordpress\/wp-content\/uploads\/2021\/10\/villars-20211003-081.jpg?fit=300%2C200&#038;ssl=1\" data-large-file=\"https:\/\/i0.wp.com\/idnu.ch\/wordpress\/wp-content\/uploads\/2021\/10\/villars-20211003-081.jpg?fit=750%2C500&#038;ssl=1\" src=\"https:\/\/i0.wp.com\/idnu.ch\/wordpress\/wp-content\/uploads\/2021\/10\/villars-20211003-081.jpg?w=259&#038;h=172&#038;ssl=1\" srcset=\"https:\/\/i0.wp.com\/idnu.ch\/wordpress\/wp-content\/uploads\/2021\/10\/villars-20211003-081.jpg?w=1280&amp;ssl=1 1280w, https:\/\/i0.wp.com\/idnu.ch\/wordpress\/wp-content\/uploads\/2021\/10\/villars-20211003-081.jpg?resize=300%2C200&amp;ssl=1 300w, https:\/\/i0.wp.com\/idnu.ch\/wordpress\/wp-content\/uploads\/2021\/10\/villars-20211003-081.jpg?resize=1024%2C682&amp;ssl=1 1024w, https:\/\/i0.wp.com\/idnu.ch\/wordpress\/wp-content\/uploads\/2021\/10\/villars-20211003-081.jpg?resize=768%2C512&amp;ssl=1 768w, https:\/\/i0.wp.com\/idnu.ch\/wordpress\/wp-content\/uploads\/2021\/10\/villars-20211003-081.jpg?resize=150%2C100&amp;ssl=1 150w\" width=\"259\" height=\"172\" loading=\"lazy\" data-original-width=\"259\" data-original-height=\"172\" itemprop=\"http:\/\/schema.org\/image\" title=\"Auf dem Chaux Ronde\" alt=\"Auf dem Chaux Ronde\" style=\"width: 259px; height: 172px;\" \/> <\/a> <div class=\"tiled-gallery-caption\" itemprop=\"caption description\"> Auf dem Chaux Ronde <\/div> <\/div> <\/div> <!-- close group --> <div class=\"gallery-group images-1\" style=\"width: 487px; height: 326px;\" data-original-width=\"487\" data-original-height=\"326\" > <div class=\"tiled-gallery-item tiled-gallery-item-large\" itemprop=\"associatedMedia\" itemscope itemtype=\"http:\/\/schema.org\/ImageObject\"> <a href=\"https:\/\/idnu.ch\/wordpress\/die-kennenlernwanderung-von-villars\/villars-20211003-082\/#main\" border=\"0\" itemprop=\"url\"> <meta itemprop=\"width\" content=\"483\"> <meta itemprop=\"height\" content=\"322\"> <img decoding=\"async\" class=\"\" data-attachment-id=\"19248\" data-orig-file=\"https:\/\/idnu.ch\/wordpress\/wp-content\/uploads\/2021\/10\/villars-20211003-082.jpg\" data-orig-size=\"1280,853\" data-comments-opened=\"1\" data-image-meta=\"{&quot;aperture&quot;:&quot;9&quot;,&quot;credit&quot;:&quot;Urs Kyburz&quot;,&quot;camera&quot;:&quot;Canon EOS 5D Mark IV&quot;,&quot;caption&quot;:&quot;&quot;,&quot;created_timestamp&quot;:&quot;1633262348&quot;,&quot;copyright&quot;:&quot;\\u00a9 Urs Kyburz&quot;,&quot;focal_length&quot;:&quot;28&quot;,&quot;iso&quot;:&quot;100&quot;,&quot;shutter_speed&quot;:&quot;0.005&quot;,&quot;title&quot;:&quot;&quot;,&quot;orientation&quot;:&quot;0&quot;}\" data-image-title=\"\" data-image-description=\"\" data-medium-file=\"https:\/\/i0.wp.com\/idnu.ch\/wordpress\/wp-content\/uploads\/2021\/10\/villars-20211003-082.jpg?fit=300%2C200&#038;ssl=1\" data-large-file=\"https:\/\/i0.wp.com\/idnu.ch\/wordpress\/wp-content\/uploads\/2021\/10\/villars-20211003-082.jpg?fit=750%2C500&#038;ssl=1\" src=\"https:\/\/i0.wp.com\/idnu.ch\/wordpress\/wp-content\/uploads\/2021\/10\/villars-20211003-082.jpg?w=483&#038;h=322&#038;ssl=1\" srcset=\"https:\/\/i0.wp.com\/idnu.ch\/wordpress\/wp-content\/uploads\/2021\/10\/villars-20211003-082.jpg?w=1280&amp;ssl=1 1280w, https:\/\/i0.wp.com\/idnu.ch\/wordpress\/wp-content\/uploads\/2021\/10\/villars-20211003-082.jpg?resize=300%2C200&amp;ssl=1 300w, https:\/\/i0.wp.com\/idnu.ch\/wordpress\/wp-content\/uploads\/2021\/10\/villars-20211003-082.jpg?resize=1024%2C682&amp;ssl=1 1024w, https:\/\/i0.wp.com\/idnu.ch\/wordpress\/wp-content\/uploads\/2021\/10\/villars-20211003-082.jpg?resize=768%2C512&amp;ssl=1 768w, https:\/\/i0.wp.com\/idnu.ch\/wordpress\/wp-content\/uploads\/2021\/10\/villars-20211003-082.jpg?resize=150%2C100&amp;ssl=1 150w\" width=\"483\" height=\"322\" loading=\"lazy\" data-original-width=\"483\" data-original-height=\"322\" itemprop=\"http:\/\/schema.org\/image\" title=\"\" alt=\"\" style=\"width: 483px; height: 322px;\" \/> <\/a> <\/div> <\/div> <!-- close group --> <\/div> <!-- close row --> <\/div>\n<p><span style=\"letter-spacing: 0.2px;\">&#8222;Wann f\u00e4hrt eigentlich ein Zug?&#8220;, fragt die Frau. Ich schaue nach: &#8222;Um 15:32 Uhr.&#8220; &#8222;Und jetzt ist?&#8220; &#8222;15:26 Uhr&#8220; Okay, nehmen wir wohl den n\u00e4chsten. Wir biegen um die Ecke und sehen, dass es gar nicht mehr weit ist und der Zug erst einf\u00e4hrt. Wir schauen uns an. &#8222;Los!&#8220; Wir rennen und erreichen den Zug, steigen ein und er rattert los. Was f\u00fcr ein Timing! Das n\u00e4chste Mal etwas gem\u00fctlicher bitte (Spoiler: Nein, wurde es nicht).\u00a0<\/span><\/p>\n<p>Die Kennenlernwanderung von Villars war ein grossartiger Einstieg in die Ferien, so darf es weitergehen.<\/p>\n<h2>Infos<\/h2>\n<p>Die Wanderung gibt einen sch\u00f6nen Einblick in das Gebiet um den Col de Bretaye und kann den eigenen W\u00fcnschen und F\u00e4higkeiten angepasst werden.<\/p>\n<table>\n<tbody>\n<tr>\n<td width=\"150\">Start:<\/td>\n<td>Col de Bretaye<\/td>\n<\/tr>\n<tr>\n<td>Ziel:<\/td>\n<td>Col de Bretaye<\/td>\n<\/tr>\n<tr>\n<td>Strecke:<\/td>\n<td>Col de Bretaye &#8211; Lac des Chavonnes &#8211; Perche &#8211; <span style=\"letter-spacing: 0.2px;\">Pas de l&#8217;Encr\u00e8ne (Pt. 1935) &#8211; Les V\u00e9lards &#8211; Chaux Ronde <\/span>&#8211; Col de Bretaye<\/td>\n<\/tr>\n<tr>\n<td>Distanz:<\/td>\n<td>8 \u00bd Kilometer<\/td>\n<\/tr>\n<tr>\n<td>H\u00f6henmeter:<\/td>\n<td>540 Meter<\/td>\n<\/tr>\n<tr>\n<td>Wanderzeit:<\/td>\n<td>2 \u00bd Stunden<\/td>\n<\/tr>\n<tr>\n<td>Schwierigkeit:<\/td>\n<td>T1, \u00fcber den Grat T3<\/td>\n<\/tr>\n<tr>\n<td>GPS-Track:<\/td>\n<td><a href=\"https:\/\/idnu.ch\/wordpress\/wp-content\/uploads\/2021\/10\/01-Route-Villars-sur-Ollon-kennenlernen.gpx\">Col de Bretaye &#8211; Lac des Chavonnes &#8211; V\u00e9lars-Grat<\/a><\/td>\n<\/tr>\n<tr>\n<td>H\u00f6hepunkte:<\/td>\n<td>Seen, Grat, Aussicht<\/td>\n<\/tr>\n<tr>\n<td>Alternative:<\/td>\n<td>Wer es nicht ausgesetzt mag, kann vom Pas de l&#8217;Encr\u00e8ne hinunter nach Ensex und von dort zum Col de Bretaye.<\/td>\n<\/tr>\n<\/tbody>\n<\/table>\n<blockquote class=\"embedly-card\" data-card-controls=\"0\" data-card-key=\"f1631a41cb254ca5b035dc5747a5bd75\">\n<h4><a href=\"https:\/\/www.relive.cc\/view\/vMq5WooJZ8O?r=embed-site\">Relive &#8218;Kennenlernrunde am Col de Bretaye&#8216;<\/a><\/h4>\n<\/blockquote>\n<p><script async src=\"https:\/\/cdn.embedly.com\/widgets\/platform.js\" charset=\"UTF-8\"><\/script><\/p>\n","protected":false},"excerpt":{"rendered":"<p>Was eignet sich am besten als Kennenlernwanderung von Villars? Zum Beispiel die Rundwanderung&#8230;<\/p>\n","protected":false},"author":2,"featured_media":19235,"comment_status":"open","ping_status":"open","sticky":false,"template":"","format":"standard","meta":{"_monsterinsights_skip_tracking":false,"_monsterinsights_sitenote_active":false,"_monsterinsights_sitenote_note":"","_monsterinsights_sitenote_category":0,"jetpack_post_was_ever_published":false,"_jetpack_newsletter_access":"","_jetpack_dont_email_post_to_subs":false,"_jetpack_newsletter_tier_id":0,"_jetpack_memberships_contains_paywalled_content":false,"_jetpack_memberships_contains_paid_content":false,"footnotes":"","jetpack_publicize_message":"NEU im Blog: Die Kennenlernwanderung von Villars - \u00fcber P\u00e4sse, Grate und an Seen vorbei.\r\n#idnuinvillars2021 #wanderlust #herbstwandern\r\n@portedesalpes","jetpack_publicize_feature_enabled":true,"jetpack_social_post_already_shared":true,"jetpack_social_options":{"image_generator_settings":{"template":"highway","default_image_id":0,"font":"","enabled":false},"version":2}},"categories":[922,230,5],"tags":[1140,1453,522,1150,1456,1455,1454],"class_list":["post-19148","post","type-post","status-publish","format-standard","has-post-thumbnail","hentry","category-genferseegebiet","category-waadtland","category-wandern","tag-chablais","tag-col-de-bretaye","tag-herbst","tag-herbstwanderung","tag-lac-des-chavonnes","tag-les-velars","tag-villars-sur-ollon"],"geo":{"latitude":46.3336905999999970617864164523780345916748046875,"longitude":7.08454319999999970747239785850979387760162353515625,"description":"La Forclaz VD, Canton de Vaud, 1866, CH"},"yoast_head":"<!-- This site is optimized with the Yoast SEO plugin v27.4 - https:\/\/yoast.com\/product\/yoast-seo-wordpress\/ -->\n<title>Die Kennenlernwanderung von Villars - In der Natur unterwegs<\/title>\n<meta name=\"description\" content=\"Die Kennenlernwanderung von Villars eignet sich gut, um die Gegend um den Col de Bretaye mit dem Lac des Chavonnes zu erkunden.\" \/>\n<meta name=\"robots\" content=\"index, follow, max-snippet:-1, max-image-preview:large, max-video-preview:-1\" \/>\n<link rel=\"canonical\" href=\"https:\/\/idnu.ch\/wordpress\/die-kennenlernwanderung-von-villars\/\" \/>\n<meta property=\"og:locale\" content=\"de_DE\" \/>\n<meta property=\"og:type\" content=\"article\" \/>\n<meta property=\"og:title\" content=\"Die Kennenlernwanderung von Villars - In der Natur unterwegs\" \/>\n<meta property=\"og:description\" content=\"Die Kennenlernwanderung von Villars eignet sich gut, um die Gegend um den Col de Bretaye mit dem Lac des Chavonnes zu erkunden.\" \/>\n<meta property=\"og:url\" content=\"https:\/\/idnu.ch\/wordpress\/die-kennenlernwanderung-von-villars\/\" \/>\n<meta property=\"og:site_name\" content=\"In der Natur unterwegs\" \/>\n<meta property=\"article:published_time\" content=\"2021-10-24T14:50:39+00:00\" \/>\n<meta property=\"article:modified_time\" content=\"2025-08-24T15:01:56+00:00\" \/>\n<meta property=\"og:image\" content=\"https:\/\/idnu.ch\/wordpress\/wp-content\/uploads\/2021\/10\/villars-20211003-024.jpg\" \/>\n\t<meta property=\"og:image:width\" content=\"1280\" \/>\n\t<meta property=\"og:image:height\" content=\"853\" \/>\n\t<meta property=\"og:image:type\" content=\"image\/jpeg\" \/>\n<meta name=\"author\" content=\"Urs Kyburz\" \/>\n<meta name=\"twitter:card\" content=\"summary_large_image\" \/>\n<meta name=\"twitter:creator\" content=\"@idnu_ch\" \/>\n<meta name=\"twitter:site\" content=\"@idnu_ch\" \/>\n<meta name=\"twitter:label1\" content=\"Verfasst von\" \/>\n\t<meta name=\"twitter:data1\" content=\"Urs Kyburz\" \/>\n\t<meta name=\"twitter:label2\" content=\"Gesch\u00e4tzte Lesezeit\" \/>\n\t<meta name=\"twitter:data2\" content=\"2\u00a0Minuten\" \/>\n<script type=\"application\/ld+json\" class=\"yoast-schema-graph\">{\"@context\":\"https:\\\/\\\/schema.org\",\"@graph\":[{\"@type\":\"Article\",\"@id\":\"https:\\\/\\\/idnu.ch\\\/wordpress\\\/die-kennenlernwanderung-von-villars\\\/#article\",\"isPartOf\":{\"@id\":\"https:\\\/\\\/idnu.ch\\\/wordpress\\\/die-kennenlernwanderung-von-villars\\\/\"},\"author\":{\"name\":\"Urs Kyburz\",\"@id\":\"https:\\\/\\\/idnu.ch\\\/wordpress\\\/#\\\/schema\\\/person\\\/1ab8c5de743be7b019272124c19ad351\"},\"headline\":\"Die Kennenlernwanderung von Villars\",\"datePublished\":\"2021-10-24T14:50:39+00:00\",\"dateModified\":\"2025-08-24T15:01:56+00:00\",\"mainEntityOfPage\":{\"@id\":\"https:\\\/\\\/idnu.ch\\\/wordpress\\\/die-kennenlernwanderung-von-villars\\\/\"},\"wordCount\":897,\"commentCount\":2,\"publisher\":{\"@id\":\"https:\\\/\\\/idnu.ch\\\/wordpress\\\/#\\\/schema\\\/person\\\/1ab8c5de743be7b019272124c19ad351\"},\"image\":{\"@id\":\"https:\\\/\\\/idnu.ch\\\/wordpress\\\/die-kennenlernwanderung-von-villars\\\/#primaryimage\"},\"thumbnailUrl\":\"https:\\\/\\\/i0.wp.com\\\/idnu.ch\\\/wordpress\\\/wp-content\\\/uploads\\\/2021\\\/10\\\/villars-20211003-024.jpg?fit=1280%2C853&ssl=1\",\"keywords\":[\"Chablais\",\"Col de Bretaye\",\"Herbst\",\"Herbstwanderung\",\"Lac des Chavonnes\",\"Les V\u00e9lars\",\"Villars-sur-Ollon\"],\"articleSection\":[\"Genferseegebiet (Waadt)\",\"Waadtland\",\"Wandern\"],\"inLanguage\":\"de\",\"potentialAction\":[{\"@type\":\"CommentAction\",\"name\":\"Comment\",\"target\":[\"https:\\\/\\\/idnu.ch\\\/wordpress\\\/die-kennenlernwanderung-von-villars\\\/#respond\"]}]},{\"@type\":\"WebPage\",\"@id\":\"https:\\\/\\\/idnu.ch\\\/wordpress\\\/die-kennenlernwanderung-von-villars\\\/\",\"url\":\"https:\\\/\\\/idnu.ch\\\/wordpress\\\/die-kennenlernwanderung-von-villars\\\/\",\"name\":\"Die Kennenlernwanderung von Villars - In der Natur unterwegs\",\"isPartOf\":{\"@id\":\"https:\\\/\\\/idnu.ch\\\/wordpress\\\/#website\"},\"primaryImageOfPage\":{\"@id\":\"https:\\\/\\\/idnu.ch\\\/wordpress\\\/die-kennenlernwanderung-von-villars\\\/#primaryimage\"},\"image\":{\"@id\":\"https:\\\/\\\/idnu.ch\\\/wordpress\\\/die-kennenlernwanderung-von-villars\\\/#primaryimage\"},\"thumbnailUrl\":\"https:\\\/\\\/i0.wp.com\\\/idnu.ch\\\/wordpress\\\/wp-content\\\/uploads\\\/2021\\\/10\\\/villars-20211003-024.jpg?fit=1280%2C853&ssl=1\",\"datePublished\":\"2021-10-24T14:50:39+00:00\",\"dateModified\":\"2025-08-24T15:01:56+00:00\",\"description\":\"Die Kennenlernwanderung von Villars eignet sich gut, um die Gegend um den Col de Bretaye mit dem Lac des Chavonnes zu erkunden.\",\"breadcrumb\":{\"@id\":\"https:\\\/\\\/idnu.ch\\\/wordpress\\\/die-kennenlernwanderung-von-villars\\\/#breadcrumb\"},\"inLanguage\":\"de\",\"potentialAction\":[{\"@type\":\"ReadAction\",\"target\":[\"https:\\\/\\\/idnu.ch\\\/wordpress\\\/die-kennenlernwanderung-von-villars\\\/\"]}]},{\"@type\":\"ImageObject\",\"inLanguage\":\"de\",\"@id\":\"https:\\\/\\\/idnu.ch\\\/wordpress\\\/die-kennenlernwanderung-von-villars\\\/#primaryimage\",\"url\":\"https:\\\/\\\/i0.wp.com\\\/idnu.ch\\\/wordpress\\\/wp-content\\\/uploads\\\/2021\\\/10\\\/villars-20211003-024.jpg?fit=1280%2C853&ssl=1\",\"contentUrl\":\"https:\\\/\\\/i0.wp.com\\\/idnu.ch\\\/wordpress\\\/wp-content\\\/uploads\\\/2021\\\/10\\\/villars-20211003-024.jpg?fit=1280%2C853&ssl=1\",\"width\":1280,\"height\":853,\"caption\":\"Der Lac des Chavonnes von oben\"},{\"@type\":\"BreadcrumbList\",\"@id\":\"https:\\\/\\\/idnu.ch\\\/wordpress\\\/die-kennenlernwanderung-von-villars\\\/#breadcrumb\",\"itemListElement\":[{\"@type\":\"ListItem\",\"position\":1,\"name\":\"Startseite\",\"item\":\"https:\\\/\\\/idnu.ch\\\/wordpress\\\/\"},{\"@type\":\"ListItem\",\"position\":2,\"name\":\"Die Kennenlernwanderung von Villars\"}]},{\"@type\":\"WebSite\",\"@id\":\"https:\\\/\\\/idnu.ch\\\/wordpress\\\/#website\",\"url\":\"https:\\\/\\\/idnu.ch\\\/wordpress\\\/\",\"name\":\"In der Natur unterwegs\",\"description\":\"Dort, wo es am sch\u00f6nsten ist\",\"publisher\":{\"@id\":\"https:\\\/\\\/idnu.ch\\\/wordpress\\\/#\\\/schema\\\/person\\\/1ab8c5de743be7b019272124c19ad351\"},\"potentialAction\":[{\"@type\":\"SearchAction\",\"target\":{\"@type\":\"EntryPoint\",\"urlTemplate\":\"https:\\\/\\\/idnu.ch\\\/wordpress\\\/?s={search_term_string}\"},\"query-input\":{\"@type\":\"PropertyValueSpecification\",\"valueRequired\":true,\"valueName\":\"search_term_string\"}}],\"inLanguage\":\"de\"},{\"@type\":[\"Person\",\"Organization\"],\"@id\":\"https:\\\/\\\/idnu.ch\\\/wordpress\\\/#\\\/schema\\\/person\\\/1ab8c5de743be7b019272124c19ad351\",\"name\":\"Urs Kyburz\",\"image\":{\"@type\":\"ImageObject\",\"inLanguage\":\"de\",\"@id\":\"https:\\\/\\\/i0.wp.com\\\/idnu.ch\\\/wordpress\\\/wp-content\\\/uploads\\\/2016\\\/02\\\/logo_150x165.gif?fit=3151%2C3456&ssl=1\",\"url\":\"https:\\\/\\\/i0.wp.com\\\/idnu.ch\\\/wordpress\\\/wp-content\\\/uploads\\\/2016\\\/02\\\/logo_150x165.gif?fit=3151%2C3456&ssl=1\",\"contentUrl\":\"https:\\\/\\\/i0.wp.com\\\/idnu.ch\\\/wordpress\\\/wp-content\\\/uploads\\\/2016\\\/02\\\/logo_150x165.gif?fit=3151%2C3456&ssl=1\",\"width\":3151,\"height\":3456,\"caption\":\"Urs Kyburz\"},\"logo\":{\"@id\":\"https:\\\/\\\/i0.wp.com\\\/idnu.ch\\\/wordpress\\\/wp-content\\\/uploads\\\/2016\\\/02\\\/logo_150x165.gif?fit=3151%2C3456&ssl=1\"}}]}<\/script>\n<!-- \/ Yoast SEO plugin. -->","yoast_head_json":{"title":"Die Kennenlernwanderung von Villars - In der Natur unterwegs","description":"Die Kennenlernwanderung von Villars eignet sich gut, um die Gegend um den Col de Bretaye mit dem Lac des Chavonnes zu erkunden.","robots":{"index":"index","follow":"follow","max-snippet":"max-snippet:-1","max-image-preview":"max-image-preview:large","max-video-preview":"max-video-preview:-1"},"canonical":"https:\/\/idnu.ch\/wordpress\/die-kennenlernwanderung-von-villars\/","og_locale":"de_DE","og_type":"article","og_title":"Die Kennenlernwanderung von Villars - In der Natur unterwegs","og_description":"Die Kennenlernwanderung von Villars eignet sich gut, um die Gegend um den Col de Bretaye mit dem Lac des Chavonnes zu erkunden.","og_url":"https:\/\/idnu.ch\/wordpress\/die-kennenlernwanderung-von-villars\/","og_site_name":"In der Natur unterwegs","article_published_time":"2021-10-24T14:50:39+00:00","article_modified_time":"2025-08-24T15:01:56+00:00","og_image":[{"width":1280,"height":853,"url":"https:\/\/idnu.ch\/wordpress\/wp-content\/uploads\/2021\/10\/villars-20211003-024.jpg","type":"image\/jpeg"}],"author":"Urs Kyburz","twitter_card":"summary_large_image","twitter_creator":"@idnu_ch","twitter_site":"@idnu_ch","twitter_misc":{"Verfasst von":"Urs Kyburz","Gesch\u00e4tzte Lesezeit":"2\u00a0Minuten"},"schema":{"@context":"https:\/\/schema.org","@graph":[{"@type":"Article","@id":"https:\/\/idnu.ch\/wordpress\/die-kennenlernwanderung-von-villars\/#article","isPartOf":{"@id":"https:\/\/idnu.ch\/wordpress\/die-kennenlernwanderung-von-villars\/"},"author":{"name":"Urs Kyburz","@id":"https:\/\/idnu.ch\/wordpress\/#\/schema\/person\/1ab8c5de743be7b019272124c19ad351"},"headline":"Die Kennenlernwanderung von Villars","datePublished":"2021-10-24T14:50:39+00:00","dateModified":"2025-08-24T15:01:56+00:00","mainEntityOfPage":{"@id":"https:\/\/idnu.ch\/wordpress\/die-kennenlernwanderung-von-villars\/"},"wordCount":897,"commentCount":2,"publisher":{"@id":"https:\/\/idnu.ch\/wordpress\/#\/schema\/person\/1ab8c5de743be7b019272124c19ad351"},"image":{"@id":"https:\/\/idnu.ch\/wordpress\/die-kennenlernwanderung-von-villars\/#primaryimage"},"thumbnailUrl":"https:\/\/i0.wp.com\/idnu.ch\/wordpress\/wp-content\/uploads\/2021\/10\/villars-20211003-024.jpg?fit=1280%2C853&ssl=1","keywords":["Chablais","Col de Bretaye","Herbst","Herbstwanderung","Lac des Chavonnes","Les V\u00e9lars","Villars-sur-Ollon"],"articleSection":["Genferseegebiet (Waadt)","Waadtland","Wandern"],"inLanguage":"de","potentialAction":[{"@type":"CommentAction","name":"Comment","target":["https:\/\/idnu.ch\/wordpress\/die-kennenlernwanderung-von-villars\/#respond"]}]},{"@type":"WebPage","@id":"https:\/\/idnu.ch\/wordpress\/die-kennenlernwanderung-von-villars\/","url":"https:\/\/idnu.ch\/wordpress\/die-kennenlernwanderung-von-villars\/","name":"Die Kennenlernwanderung von Villars - In der Natur unterwegs","isPartOf":{"@id":"https:\/\/idnu.ch\/wordpress\/#website"},"primaryImageOfPage":{"@id":"https:\/\/idnu.ch\/wordpress\/die-kennenlernwanderung-von-villars\/#primaryimage"},"image":{"@id":"https:\/\/idnu.ch\/wordpress\/die-kennenlernwanderung-von-villars\/#primaryimage"},"thumbnailUrl":"https:\/\/i0.wp.com\/idnu.ch\/wordpress\/wp-content\/uploads\/2021\/10\/villars-20211003-024.jpg?fit=1280%2C853&ssl=1","datePublished":"2021-10-24T14:50:39+00:00","dateModified":"2025-08-24T15:01:56+00:00","description":"Die Kennenlernwanderung von Villars eignet sich gut, um die Gegend um den Col de Bretaye mit dem Lac des Chavonnes zu erkunden.","breadcrumb":{"@id":"https:\/\/idnu.ch\/wordpress\/die-kennenlernwanderung-von-villars\/#breadcrumb"},"inLanguage":"de","potentialAction":[{"@type":"ReadAction","target":["https:\/\/idnu.ch\/wordpress\/die-kennenlernwanderung-von-villars\/"]}]},{"@type":"ImageObject","inLanguage":"de","@id":"https:\/\/idnu.ch\/wordpress\/die-kennenlernwanderung-von-villars\/#primaryimage","url":"https:\/\/i0.wp.com\/idnu.ch\/wordpress\/wp-content\/uploads\/2021\/10\/villars-20211003-024.jpg?fit=1280%2C853&ssl=1","contentUrl":"https:\/\/i0.wp.com\/idnu.ch\/wordpress\/wp-content\/uploads\/2021\/10\/villars-20211003-024.jpg?fit=1280%2C853&ssl=1","width":1280,"height":853,"caption":"Der Lac des Chavonnes von oben"},{"@type":"BreadcrumbList","@id":"https:\/\/idnu.ch\/wordpress\/die-kennenlernwanderung-von-villars\/#breadcrumb","itemListElement":[{"@type":"ListItem","position":1,"name":"Startseite","item":"https:\/\/idnu.ch\/wordpress\/"},{"@type":"ListItem","position":2,"name":"Die Kennenlernwanderung von Villars"}]},{"@type":"WebSite","@id":"https:\/\/idnu.ch\/wordpress\/#website","url":"https:\/\/idnu.ch\/wordpress\/","name":"In der Natur unterwegs","description":"Dort, wo es am sch\u00f6nsten ist","publisher":{"@id":"https:\/\/idnu.ch\/wordpress\/#\/schema\/person\/1ab8c5de743be7b019272124c19ad351"},"potentialAction":[{"@type":"SearchAction","target":{"@type":"EntryPoint","urlTemplate":"https:\/\/idnu.ch\/wordpress\/?s={search_term_string}"},"query-input":{"@type":"PropertyValueSpecification","valueRequired":true,"valueName":"search_term_string"}}],"inLanguage":"de"},{"@type":["Person","Organization"],"@id":"https:\/\/idnu.ch\/wordpress\/#\/schema\/person\/1ab8c5de743be7b019272124c19ad351","name":"Urs Kyburz","image":{"@type":"ImageObject","inLanguage":"de","@id":"https:\/\/i0.wp.com\/idnu.ch\/wordpress\/wp-content\/uploads\/2016\/02\/logo_150x165.gif?fit=3151%2C3456&ssl=1","url":"https:\/\/i0.wp.com\/idnu.ch\/wordpress\/wp-content\/uploads\/2016\/02\/logo_150x165.gif?fit=3151%2C3456&ssl=1","contentUrl":"https:\/\/i0.wp.com\/idnu.ch\/wordpress\/wp-content\/uploads\/2016\/02\/logo_150x165.gif?fit=3151%2C3456&ssl=1","width":3151,"height":3456,"caption":"Urs Kyburz"},"logo":{"@id":"https:\/\/i0.wp.com\/idnu.ch\/wordpress\/wp-content\/uploads\/2016\/02\/logo_150x165.gif?fit=3151%2C3456&ssl=1"}}]}},"jetpack_publicize_connections":[],"jetpack_featured_media_url":"https:\/\/i0.wp.com\/idnu.ch\/wordpress\/wp-content\/uploads\/2021\/10\/villars-20211003-024.jpg?fit=1280%2C853&ssl=1","jetpack_sharing_enabled":true,"jetpack_shortlink":"https:\/\/wp.me\/p6MmGG-4YQ","jetpack-related-posts":[{"id":19496,"url":"https:\/\/idnu.ch\/wordpress\/villars-sur-ollon-im-herbst\/","url_meta":{"origin":19148,"position":0},"title":"Villars-sur-Ollon im Herbst","author":"Urs Kyburz","date":"28. November 2021","format":false,"excerpt":"Bei Deutschweizern ist Villars-sur-Ollon nicht gerade auf dem Radar. Eigentlich schade, denn der Skiort in den Waadtl\u00e4nder Alpen ist auch im Herbst einen l\u00e4ngeren Aufenthalt Wert, bietet er doch nebst sch\u00f6nen Wander- und Bikem\u00f6glichkeiten auch viel Natur, selbst im Gewirr der Skianlagen. Zugegeben, wegen dem Ort Villars alleine muss man\u2026","rel":"","context":"In &quot;Destinationen&quot;","block_context":{"text":"Destinationen","link":"https:\/\/idnu.ch\/wordpress\/category\/destinationen\/"},"img":{"alt_text":"","src":"https:\/\/i0.wp.com\/idnu.ch\/wordpress\/wp-content\/uploads\/2021\/10\/villars-20211008-061.jpg?fit=1200%2C800&ssl=1&resize=350%2C200","width":350,"height":200,"srcset":"https:\/\/i0.wp.com\/idnu.ch\/wordpress\/wp-content\/uploads\/2021\/10\/villars-20211008-061.jpg?fit=1200%2C800&ssl=1&resize=350%2C200 1x, https:\/\/i0.wp.com\/idnu.ch\/wordpress\/wp-content\/uploads\/2021\/10\/villars-20211008-061.jpg?fit=1200%2C800&ssl=1&resize=525%2C300 1.5x, https:\/\/i0.wp.com\/idnu.ch\/wordpress\/wp-content\/uploads\/2021\/10\/villars-20211008-061.jpg?fit=1200%2C800&ssl=1&resize=700%2C400 2x, https:\/\/i0.wp.com\/idnu.ch\/wordpress\/wp-content\/uploads\/2021\/10\/villars-20211008-061.jpg?fit=1200%2C800&ssl=1&resize=1050%2C600 3x"},"classes":[]},{"id":19193,"url":"https:\/\/idnu.ch\/wordpress\/eine-biketour-ueber-dem-nebelmeer\/","url_meta":{"origin":19148,"position":1},"title":"Eine Biketour \u00fcber dem Nebelmeer","author":"Urs Kyburz","date":"1. November 2021","format":false,"excerpt":"Fabian war schon ein paar Mal auf dem Bike in diesen Ferien in Villars-sur-Ollon. Zeit, dass auch die Frau und ich unsere Karbonr\u00f6sser satteln. \u00dcber den Col de Bretaye, den wir auf unterschiedlichen Wegen erreichten, fuhren wir zum Col de la Croix und nach Taveyanne. Das Nebelmeer gab der Biketour\u2026","rel":"","context":"In &quot;Genferseegebiet (Waadt)&quot;","block_context":{"text":"Genferseegebiet (Waadt)","link":"https:\/\/idnu.ch\/wordpress\/category\/tourismusregionen\/genferseegebiet\/"},"img":{"alt_text":"","src":"https:\/\/i0.wp.com\/idnu.ch\/wordpress\/wp-content\/uploads\/2021\/11\/villars-20211009-012.jpg?fit=1200%2C800&ssl=1&resize=350%2C200","width":350,"height":200,"srcset":"https:\/\/i0.wp.com\/idnu.ch\/wordpress\/wp-content\/uploads\/2021\/11\/villars-20211009-012.jpg?fit=1200%2C800&ssl=1&resize=350%2C200 1x, https:\/\/i0.wp.com\/idnu.ch\/wordpress\/wp-content\/uploads\/2021\/11\/villars-20211009-012.jpg?fit=1200%2C800&ssl=1&resize=525%2C300 1.5x, https:\/\/i0.wp.com\/idnu.ch\/wordpress\/wp-content\/uploads\/2021\/11\/villars-20211009-012.jpg?fit=1200%2C800&ssl=1&resize=700%2C400 2x, https:\/\/i0.wp.com\/idnu.ch\/wordpress\/wp-content\/uploads\/2021\/11\/villars-20211009-012.jpg?fit=1200%2C800&ssl=1&resize=1050%2C600 3x"},"classes":[]},{"id":19189,"url":"https:\/\/idnu.ch\/wordpress\/zwei-gipfel-mit-rueckblick\/","url_meta":{"origin":19148,"position":2},"title":"Zwei Gipfel mit R\u00fcckblick","author":"Urs Kyburz","date":"30. Oktober 2021","format":false,"excerpt":"Eine weitere eher kleine Wanderung auf zwei Gipfel erm\u00f6glichte uns einen R\u00fcckblick auf vergangene Ferien. Wir konnten n\u00e4mlich auf Leysin blicken mit den markanten Tour d'A\u00ef und Tour de Mayen. Auf zum ersten Gipfel Wir nutzen die Gratisbahn zum Col de Bretaye, der Zug ist nicht mehr so voll wie\u2026","rel":"","context":"In &quot;Genferseegebiet (Waadt)&quot;","block_context":{"text":"Genferseegebiet (Waadt)","link":"https:\/\/idnu.ch\/wordpress\/category\/tourismusregionen\/genferseegebiet\/"},"img":{"alt_text":"","src":"https:\/\/i0.wp.com\/idnu.ch\/wordpress\/wp-content\/uploads\/2021\/10\/villars-20211008-033.jpg?fit=1200%2C800&ssl=1&resize=350%2C200","width":350,"height":200,"srcset":"https:\/\/i0.wp.com\/idnu.ch\/wordpress\/wp-content\/uploads\/2021\/10\/villars-20211008-033.jpg?fit=1200%2C800&ssl=1&resize=350%2C200 1x, https:\/\/i0.wp.com\/idnu.ch\/wordpress\/wp-content\/uploads\/2021\/10\/villars-20211008-033.jpg?fit=1200%2C800&ssl=1&resize=525%2C300 1.5x, https:\/\/i0.wp.com\/idnu.ch\/wordpress\/wp-content\/uploads\/2021\/10\/villars-20211008-033.jpg?fit=1200%2C800&ssl=1&resize=700%2C400 2x, https:\/\/i0.wp.com\/idnu.ch\/wordpress\/wp-content\/uploads\/2021\/10\/villars-20211008-033.jpg?fit=1200%2C800&ssl=1&resize=1050%2C600 3x"},"classes":[]},{"id":19213,"url":"https:\/\/idnu.ch\/wordpress\/gratbiken-mit-panne\/","url_meta":{"origin":19148,"position":3},"title":"Gratbiken mit Panne","author":"Urs Kyburz","date":"13. November 2021","format":false,"excerpt":"F\u00fcrs Biken ist nun Fabian zust\u00e4ndig. Und f\u00fcr die Pannen auch, aber dazu sp\u00e4ter mehr. Er hat eine interessante Tour geplant vom Col de Bretaye aus, die die Frau und ich aber nur halb teilten, zu anspruchsvoll waren f\u00fcr uns seine Abfahrten. Auf die Kosten gekommen sind alle beim Gratbiken,\u2026","rel":"","context":"In &quot;Genferseegebiet (Waadt)&quot;","block_context":{"text":"Genferseegebiet (Waadt)","link":"https:\/\/idnu.ch\/wordpress\/category\/tourismusregionen\/genferseegebiet\/"},"img":{"alt_text":"","src":"https:\/\/i0.wp.com\/idnu.ch\/wordpress\/wp-content\/uploads\/2021\/11\/villars-20211011-014.jpg?fit=1200%2C800&ssl=1&resize=350%2C200","width":350,"height":200,"srcset":"https:\/\/i0.wp.com\/idnu.ch\/wordpress\/wp-content\/uploads\/2021\/11\/villars-20211011-014.jpg?fit=1200%2C800&ssl=1&resize=350%2C200 1x, https:\/\/i0.wp.com\/idnu.ch\/wordpress\/wp-content\/uploads\/2021\/11\/villars-20211011-014.jpg?fit=1200%2C800&ssl=1&resize=525%2C300 1.5x, https:\/\/i0.wp.com\/idnu.ch\/wordpress\/wp-content\/uploads\/2021\/11\/villars-20211011-014.jpg?fit=1200%2C800&ssl=1&resize=700%2C400 2x, https:\/\/i0.wp.com\/idnu.ch\/wordpress\/wp-content\/uploads\/2021\/11\/villars-20211011-014.jpg?fit=1200%2C800&ssl=1&resize=1050%2C600 3x"},"classes":[]},{"id":19197,"url":"https:\/\/idnu.ch\/wordpress\/durchs-baerenloch\/","url_meta":{"origin":19148,"position":4},"title":"Durchs B\u00e4renloch","author":"Urs Kyburz","date":"3. November 2021","format":false,"excerpt":"Die Wanderung ist auf der offiziellen Seite von Villars Tourismus, aber allzu viel wird dar\u00fcber nicht verraten. Nur, dass sie durch das Trou \u00e0 l'Ours f\u00fchrt, durchs B\u00e4renloch. Das l\u00e4sst uns gwundrig werden, zudem ist das Vall\u00e9e de Nant ein Naturschutzgebiet. Gute Gr\u00fcnde also, unseren Gwunder zu stillen. Kaltstart Das\u2026","rel":"","context":"In &quot;Genferseegebiet (Waadt)&quot;","block_context":{"text":"Genferseegebiet (Waadt)","link":"https:\/\/idnu.ch\/wordpress\/category\/tourismusregionen\/genferseegebiet\/"},"img":{"alt_text":"","src":"https:\/\/i0.wp.com\/idnu.ch\/wordpress\/wp-content\/uploads\/2021\/11\/villars-20211010-038.jpg?fit=1200%2C800&ssl=1&resize=350%2C200","width":350,"height":200,"srcset":"https:\/\/i0.wp.com\/idnu.ch\/wordpress\/wp-content\/uploads\/2021\/11\/villars-20211010-038.jpg?fit=1200%2C800&ssl=1&resize=350%2C200 1x, https:\/\/i0.wp.com\/idnu.ch\/wordpress\/wp-content\/uploads\/2021\/11\/villars-20211010-038.jpg?fit=1200%2C800&ssl=1&resize=525%2C300 1.5x, https:\/\/i0.wp.com\/idnu.ch\/wordpress\/wp-content\/uploads\/2021\/11\/villars-20211010-038.jpg?fit=1200%2C800&ssl=1&resize=700%2C400 2x, https:\/\/i0.wp.com\/idnu.ch\/wordpress\/wp-content\/uploads\/2021\/11\/villars-20211010-038.jpg?fit=1200%2C800&ssl=1&resize=1050%2C600 3x"},"classes":[]},{"id":19183,"url":"https:\/\/idnu.ch\/wordpress\/die-schlechtwettertour-um-den-montet\/","url_meta":{"origin":19148,"position":5},"title":"Die Schlechtwettertour um den Montet","author":"Urs Kyburz","date":"26. Oktober 2021","format":false,"excerpt":"Auch f\u00fcr Schlechtwettertage bereitete ich eine Tour vor: Im Tal unten, kurz, kann jederzeit abgebrochen werden. Viel zu fr\u00fch musste ich darauf zur\u00fcckgreifen, aber sie hat sich gelohnt, die Schlechtwettertour um den Montet. Rebberge, Kastanienselven und W\u00e4lder sorgten f\u00fcr viel Abwechslung. Ins Tal mit dem Rumpelb\u00e4hnchen Von Villars nach Bex\u2026","rel":"","context":"In &quot;Genferseegebiet (Waadt)&quot;","block_context":{"text":"Genferseegebiet (Waadt)","link":"https:\/\/idnu.ch\/wordpress\/category\/tourismusregionen\/genferseegebiet\/"},"img":{"alt_text":"","src":"https:\/\/i0.wp.com\/idnu.ch\/wordpress\/wp-content\/uploads\/2021\/10\/villars-20211005-006.jpg?fit=1200%2C800&ssl=1&resize=350%2C200","width":350,"height":200,"srcset":"https:\/\/i0.wp.com\/idnu.ch\/wordpress\/wp-content\/uploads\/2021\/10\/villars-20211005-006.jpg?fit=1200%2C800&ssl=1&resize=350%2C200 1x, https:\/\/i0.wp.com\/idnu.ch\/wordpress\/wp-content\/uploads\/2021\/10\/villars-20211005-006.jpg?fit=1200%2C800&ssl=1&resize=525%2C300 1.5x, https:\/\/i0.wp.com\/idnu.ch\/wordpress\/wp-content\/uploads\/2021\/10\/villars-20211005-006.jpg?fit=1200%2C800&ssl=1&resize=700%2C400 2x, https:\/\/i0.wp.com\/idnu.ch\/wordpress\/wp-content\/uploads\/2021\/10\/villars-20211005-006.jpg?fit=1200%2C800&ssl=1&resize=1050%2C600 3x"},"classes":[]}],"jetpack_likes_enabled":true,"_links":{"self":[{"href":"https:\/\/idnu.ch\/wordpress\/wp-json\/wp\/v2\/posts\/19148","targetHints":{"allow":["GET"]}}],"collection":[{"href":"https:\/\/idnu.ch\/wordpress\/wp-json\/wp\/v2\/posts"}],"about":[{"href":"https:\/\/idnu.ch\/wordpress\/wp-json\/wp\/v2\/types\/post"}],"author":[{"embeddable":true,"href":"https:\/\/idnu.ch\/wordpress\/wp-json\/wp\/v2\/users\/2"}],"replies":[{"embeddable":true,"href":"https:\/\/idnu.ch\/wordpress\/wp-json\/wp\/v2\/comments?post=19148"}],"version-history":[{"count":10,"href":"https:\/\/idnu.ch\/wordpress\/wp-json\/wp\/v2\/posts\/19148\/revisions"}],"predecessor-version":[{"id":19257,"href":"https:\/\/idnu.ch\/wordpress\/wp-json\/wp\/v2\/posts\/19148\/revisions\/19257"}],"wp:featuredmedia":[{"embeddable":true,"href":"https:\/\/idnu.ch\/wordpress\/wp-json\/wp\/v2\/media\/19235"}],"wp:attachment":[{"href":"https:\/\/idnu.ch\/wordpress\/wp-json\/wp\/v2\/media?parent=19148"}],"wp:term":[{"taxonomy":"category","embeddable":true,"href":"https:\/\/idnu.ch\/wordpress\/wp-json\/wp\/v2\/categories?post=19148"},{"taxonomy":"post_tag","embeddable":true,"href":"https:\/\/idnu.ch\/wordpress\/wp-json\/wp\/v2\/tags?post=19148"}],"curies":[{"name":"wp","href":"https:\/\/api.w.org\/{rel}","templated":true}]}}