{"id":19222,"date":"2021-11-13T17:59:09","date_gmt":"2021-11-13T16:59:09","guid":{"rendered":"https:\/\/idnu.ch\/wordpress\/?p=19222"},"modified":"2025-08-24T17:00:46","modified_gmt":"2025-08-24T15:00:46","slug":"die-alp-mit-den-voegeln","status":"publish","type":"post","link":"https:\/\/idnu.ch\/wordpress\/die-alp-mit-den-voegeln\/","title":{"rendered":"Die Alp mit den V\u00f6geln"},"content":{"rendered":"<p><strong>Zuerst war da der Plan, von Solalex zum sagenumwobenen Lac de Derborence und zur\u00fcck zu wandern. Dann kamen die Erk\u00e4ltungen der anderen, wir k\u00fcrzten den Plan auf den Pas de Cheville. Mit dem Tempo, mit dem wir auf der Alp mit den V\u00f6geln vorw\u00e4rts kamen, mussten wir selbst um dieses Ziel bangen, aber es reichte. Zum Gl\u00fcck.<\/strong><\/p>\n<figure id=\"attachment_19459\" aria-describedby=\"caption-attachment-19459\" style=\"width: 1280px\" class=\"wp-caption alignnone\"><a href=\"https:\/\/idnu.ch\/wordpress\/die-alp-mit-den-voegeln\/villars-20211014-008\/#main\" rel=\"attachment wp-att-19459\"><img data-recalc-dims=\"1\" loading=\"lazy\" decoding=\"async\" data-attachment-id=\"19459\" data-permalink=\"https:\/\/idnu.ch\/wordpress\/die-alp-mit-den-voegeln\/villars-20211014-008\/#main\" data-orig-file=\"https:\/\/i0.wp.com\/idnu.ch\/wordpress\/wp-content\/uploads\/2021\/11\/villars-20211014-008.jpg?fit=1280%2C853&amp;ssl=1\" data-orig-size=\"1280,853\" data-comments-opened=\"1\" data-image-meta=\"{&quot;aperture&quot;:&quot;9&quot;,&quot;credit&quot;:&quot;Urs Kyburz&quot;,&quot;camera&quot;:&quot;Canon EOS 5D Mark IV&quot;,&quot;caption&quot;:&quot;&quot;,&quot;created_timestamp&quot;:&quot;1634203284&quot;,&quot;copyright&quot;:&quot;\\u00a9 Urs Kyburz&quot;,&quot;focal_length&quot;:&quot;24&quot;,&quot;iso&quot;:&quot;100&quot;,&quot;shutter_speed&quot;:&quot;0.005&quot;,&quot;title&quot;:&quot;&quot;,&quot;orientation&quot;:&quot;0&quot;}\" data-image-title=\"Auf der sch\u00f6nen Alp Azeinde\" data-image-description=\"\" data-image-caption=\"&lt;p&gt;Auf der sch\u00f6nen Alp Azeinde&lt;\/p&gt;\n\" data-large-file=\"https:\/\/i0.wp.com\/idnu.ch\/wordpress\/wp-content\/uploads\/2021\/11\/villars-20211014-008.jpg?fit=750%2C500&amp;ssl=1\" class=\"size-full wp-image-19459\" src=\"https:\/\/i0.wp.com\/idnu.ch\/wordpress\/wp-content\/uploads\/2021\/11\/villars-20211014-008.jpg?resize=750%2C500&#038;ssl=1\" alt=\"Auf der sch\u00f6nen Alp Azeinde\" width=\"750\" height=\"500\" srcset=\"https:\/\/i0.wp.com\/idnu.ch\/wordpress\/wp-content\/uploads\/2021\/11\/villars-20211014-008.jpg?w=1280&amp;ssl=1 1280w, https:\/\/i0.wp.com\/idnu.ch\/wordpress\/wp-content\/uploads\/2021\/11\/villars-20211014-008.jpg?resize=300%2C200&amp;ssl=1 300w, https:\/\/i0.wp.com\/idnu.ch\/wordpress\/wp-content\/uploads\/2021\/11\/villars-20211014-008.jpg?resize=1024%2C682&amp;ssl=1 1024w, https:\/\/i0.wp.com\/idnu.ch\/wordpress\/wp-content\/uploads\/2021\/11\/villars-20211014-008.jpg?resize=768%2C512&amp;ssl=1 768w, https:\/\/i0.wp.com\/idnu.ch\/wordpress\/wp-content\/uploads\/2021\/11\/villars-20211014-008.jpg?resize=150%2C100&amp;ssl=1 150w\" sizes=\"auto, (max-width: 750px) 100vw, 750px\" \/><\/a><figcaption id=\"caption-attachment-19459\" class=\"wp-caption-text\">Auf der sch\u00f6nen Alp Azeinde<\/figcaption><\/figure>\n<h2>Es ist kalt<\/h2>\n<p>Wir starten in Solalex mit Handschuhen und Kappen, die Temperaturen sind um die null Grad. Kalt genug, um ordentlich kalte Ohren zu kriegen. <span style=\"letter-spacing: 0.2px;\">S\u00fcdlich davon steilt sich die Mirroir d&#8217;Argentine auf, eine bekannte Kletterwand. Bei dieser K\u00e4lte versp\u00fcre ich aber keine Lust zum Klettern, zumal die Platte nordw\u00e4rts gerichtet und den ganzen Tag im Schatten ist. Wir w<\/span><span style=\"letter-spacing: 0.2px;\">andern Richtung der Alp Anzeinde, der Weg steigt steil an. <\/span><span style=\"letter-spacing: 0.2px;\">Im Wald beobachten wir die flinken <a href=\"https:\/\/www.vogelwarte.ch\/de\/voegel\/voegel-der-schweiz\/tannenmeise\" target=\"_blank\" rel=\"noopener\">Tannenmeisen<\/a> und die sch\u00f6nen <a href=\"https:\/\/www.vogelwarte.ch\/de\/voegel\/voegel-der-schweiz\/gimpel\" target=\"_blank\" rel=\"noopener\">Gimpel<\/a> mit ihren roten B\u00e4uchen, jedenfalls die M\u00e4nnchen. Die Weibchen tragen zum dezent grauen Kleid einen schwarzen Hut.\u00a0<\/span><\/p>\n<p>Die Sonne kommt hinter dem Berg hervor, es wird gleich w\u00e4rmer. Vor uns klettert ein Hausrotschwanz auf den d\u00fcrren St\u00e4ngeln umher. Silvan ist im Jagdmodus, er st\u00fclpt sein tarnfarbenes Tuch \u00fcber das Gesicht und schleicht sich an. Ge\u00fcbt &#8222;schiesst&#8220; er aus der Deckung heraus auf den Vogel. Es gesellen sich noch mehr Rotschw\u00e4nze dazu.<\/p>\n<div class=\"tiled-gallery type-rectangular tiled-gallery-unresized\" data-original-width=\"750\" data-carousel-extra='{&quot;blog_id&quot;:1,&quot;permalink&quot;:&quot;https:\\\/\\\/idnu.ch\\\/wordpress\\\/die-alp-mit-den-voegeln\\\/&quot;,&quot;likes_blog_id&quot;:100184974}' itemscope itemtype=\"http:\/\/schema.org\/ImageGallery\" > <div class=\"gallery-row\" style=\"width: 750px; height: 530px;\" data-original-width=\"750\" data-original-height=\"530\" > <div class=\"gallery-group images-2\" style=\"width: 396px; height: 530px;\" data-original-width=\"396\" data-original-height=\"530\" > <div class=\"tiled-gallery-item tiled-gallery-item-large\" itemprop=\"associatedMedia\" itemscope itemtype=\"http:\/\/schema.org\/ImageObject\"> <a href=\"https:\/\/idnu.ch\/wordpress\/die-alp-mit-den-voegeln\/villars-20211014-001\/#main\" border=\"0\" itemprop=\"url\"> <meta itemprop=\"width\" content=\"392\"> <meta itemprop=\"height\" content=\"261\"> <img decoding=\"async\" class=\"\" data-attachment-id=\"19461\" data-orig-file=\"https:\/\/idnu.ch\/wordpress\/wp-content\/uploads\/2021\/11\/villars-20211014-001.jpg\" data-orig-size=\"1280,853\" data-comments-opened=\"1\" data-image-meta=\"{&quot;aperture&quot;:&quot;9&quot;,&quot;credit&quot;:&quot;Urs Kyburz&quot;,&quot;camera&quot;:&quot;Canon EOS 5D Mark IV&quot;,&quot;caption&quot;:&quot;&quot;,&quot;created_timestamp&quot;:&quot;1634197709&quot;,&quot;copyright&quot;:&quot;\\u00a9 Urs Kyburz&quot;,&quot;focal_length&quot;:&quot;24&quot;,&quot;iso&quot;:&quot;400&quot;,&quot;shutter_speed&quot;:&quot;0.033333333333333&quot;,&quot;title&quot;:&quot;&quot;,&quot;orientation&quot;:&quot;0&quot;}\" data-image-title=\"Kalter Start in Solalex\" data-image-description=\"\" data-medium-file=\"https:\/\/i0.wp.com\/idnu.ch\/wordpress\/wp-content\/uploads\/2021\/11\/villars-20211014-001.jpg?fit=300%2C200&#038;ssl=1\" data-large-file=\"https:\/\/i0.wp.com\/idnu.ch\/wordpress\/wp-content\/uploads\/2021\/11\/villars-20211014-001.jpg?fit=750%2C500&#038;ssl=1\" src=\"https:\/\/i0.wp.com\/idnu.ch\/wordpress\/wp-content\/uploads\/2021\/11\/villars-20211014-001.jpg?w=392&#038;h=261&#038;ssl=1\" srcset=\"https:\/\/i0.wp.com\/idnu.ch\/wordpress\/wp-content\/uploads\/2021\/11\/villars-20211014-001.jpg?w=1280&amp;ssl=1 1280w, https:\/\/i0.wp.com\/idnu.ch\/wordpress\/wp-content\/uploads\/2021\/11\/villars-20211014-001.jpg?resize=300%2C200&amp;ssl=1 300w, https:\/\/i0.wp.com\/idnu.ch\/wordpress\/wp-content\/uploads\/2021\/11\/villars-20211014-001.jpg?resize=1024%2C682&amp;ssl=1 1024w, https:\/\/i0.wp.com\/idnu.ch\/wordpress\/wp-content\/uploads\/2021\/11\/villars-20211014-001.jpg?resize=768%2C512&amp;ssl=1 768w, https:\/\/i0.wp.com\/idnu.ch\/wordpress\/wp-content\/uploads\/2021\/11\/villars-20211014-001.jpg?resize=150%2C100&amp;ssl=1 150w\" width=\"392\" height=\"261\" loading=\"lazy\" data-original-width=\"392\" data-original-height=\"261\" itemprop=\"http:\/\/schema.org\/image\" title=\"Kalter Start in Solalex\" alt=\"Kalter Start in Solalex\" style=\"width: 392px; height: 261px;\" \/> <\/a> <div class=\"tiled-gallery-caption\" itemprop=\"caption description\"> Kalter Start in Solalex <\/div> <\/div> <div class=\"tiled-gallery-item tiled-gallery-item-large\" itemprop=\"associatedMedia\" itemscope itemtype=\"http:\/\/schema.org\/ImageObject\"> <a href=\"https:\/\/idnu.ch\/wordpress\/die-alp-mit-den-voegeln\/villars-20211014-002\/#main\" border=\"0\" itemprop=\"url\"> <meta itemprop=\"width\" content=\"392\"> <meta itemprop=\"height\" content=\"261\"> <img decoding=\"async\" class=\"\" data-attachment-id=\"19462\" data-orig-file=\"https:\/\/idnu.ch\/wordpress\/wp-content\/uploads\/2021\/11\/villars-20211014-002.jpg\" data-orig-size=\"1280,853\" data-comments-opened=\"1\" data-image-meta=\"{&quot;aperture&quot;:&quot;6.3&quot;,&quot;credit&quot;:&quot;Urs Kyburz&quot;,&quot;camera&quot;:&quot;Canon EOS 5D Mark IV&quot;,&quot;caption&quot;:&quot;&quot;,&quot;created_timestamp&quot;:&quot;1634197737&quot;,&quot;copyright&quot;:&quot;\\u00a9 Urs Kyburz&quot;,&quot;focal_length&quot;:&quot;45&quot;,&quot;iso&quot;:&quot;250&quot;,&quot;shutter_speed&quot;:&quot;0.01&quot;,&quot;title&quot;:&quot;&quot;,&quot;orientation&quot;:&quot;0&quot;}\" data-image-title=\"\" data-image-description=\"\" data-medium-file=\"https:\/\/i0.wp.com\/idnu.ch\/wordpress\/wp-content\/uploads\/2021\/11\/villars-20211014-002.jpg?fit=300%2C200&#038;ssl=1\" data-large-file=\"https:\/\/i0.wp.com\/idnu.ch\/wordpress\/wp-content\/uploads\/2021\/11\/villars-20211014-002.jpg?fit=750%2C500&#038;ssl=1\" src=\"https:\/\/i0.wp.com\/idnu.ch\/wordpress\/wp-content\/uploads\/2021\/11\/villars-20211014-002.jpg?w=392&#038;h=261&#038;ssl=1\" srcset=\"https:\/\/i0.wp.com\/idnu.ch\/wordpress\/wp-content\/uploads\/2021\/11\/villars-20211014-002.jpg?w=1280&amp;ssl=1 1280w, https:\/\/i0.wp.com\/idnu.ch\/wordpress\/wp-content\/uploads\/2021\/11\/villars-20211014-002.jpg?resize=300%2C200&amp;ssl=1 300w, https:\/\/i0.wp.com\/idnu.ch\/wordpress\/wp-content\/uploads\/2021\/11\/villars-20211014-002.jpg?resize=1024%2C682&amp;ssl=1 1024w, https:\/\/i0.wp.com\/idnu.ch\/wordpress\/wp-content\/uploads\/2021\/11\/villars-20211014-002.jpg?resize=768%2C512&amp;ssl=1 768w, https:\/\/i0.wp.com\/idnu.ch\/wordpress\/wp-content\/uploads\/2021\/11\/villars-20211014-002.jpg?resize=150%2C100&amp;ssl=1 150w\" width=\"392\" height=\"261\" loading=\"lazy\" data-original-width=\"392\" data-original-height=\"261\" itemprop=\"http:\/\/schema.org\/image\" title=\"\" alt=\"\" style=\"width: 392px; height: 261px;\" \/> <\/a> <\/div> <\/div> <!-- close group --> <div class=\"gallery-group images-1\" style=\"width: 354px; height: 530px;\" data-original-width=\"354\" data-original-height=\"530\" > <div class=\"tiled-gallery-item tiled-gallery-item-large\" itemprop=\"associatedMedia\" itemscope itemtype=\"http:\/\/schema.org\/ImageObject\"> <a href=\"https:\/\/idnu.ch\/wordpress\/die-alp-mit-den-voegeln\/villars-20211014-003\/#main\" border=\"0\" itemprop=\"url\"> <meta itemprop=\"width\" content=\"350\"> <meta itemprop=\"height\" content=\"526\"> <img decoding=\"async\" class=\"\" data-attachment-id=\"19463\" data-orig-file=\"https:\/\/idnu.ch\/wordpress\/wp-content\/uploads\/2021\/11\/villars-20211014-003.jpg\" data-orig-size=\"853,1280\" data-comments-opened=\"1\" data-image-meta=\"{&quot;aperture&quot;:&quot;9&quot;,&quot;credit&quot;:&quot;Urs Kyburz&quot;,&quot;camera&quot;:&quot;Canon EOS 5D Mark IV&quot;,&quot;caption&quot;:&quot;&quot;,&quot;created_timestamp&quot;:&quot;1634198663&quot;,&quot;copyright&quot;:&quot;\\u00a9 Urs Kyburz&quot;,&quot;focal_length&quot;:&quot;24&quot;,&quot;iso&quot;:&quot;250&quot;,&quot;shutter_speed&quot;:&quot;0.025&quot;,&quot;title&quot;:&quot;&quot;,&quot;orientation&quot;:&quot;0&quot;}\" data-image-title=\"\" data-image-description=\"\" data-medium-file=\"https:\/\/i0.wp.com\/idnu.ch\/wordpress\/wp-content\/uploads\/2021\/11\/villars-20211014-003.jpg?fit=200%2C300&#038;ssl=1\" data-large-file=\"https:\/\/i0.wp.com\/idnu.ch\/wordpress\/wp-content\/uploads\/2021\/11\/villars-20211014-003.jpg?fit=682%2C1024&#038;ssl=1\" src=\"https:\/\/i0.wp.com\/idnu.ch\/wordpress\/wp-content\/uploads\/2021\/11\/villars-20211014-003.jpg?w=350&#038;h=526&#038;ssl=1\" srcset=\"https:\/\/i0.wp.com\/idnu.ch\/wordpress\/wp-content\/uploads\/2021\/11\/villars-20211014-003.jpg?w=853&amp;ssl=1 853w, https:\/\/i0.wp.com\/idnu.ch\/wordpress\/wp-content\/uploads\/2021\/11\/villars-20211014-003.jpg?resize=200%2C300&amp;ssl=1 200w, https:\/\/i0.wp.com\/idnu.ch\/wordpress\/wp-content\/uploads\/2021\/11\/villars-20211014-003.jpg?resize=682%2C1024&amp;ssl=1 682w, https:\/\/i0.wp.com\/idnu.ch\/wordpress\/wp-content\/uploads\/2021\/11\/villars-20211014-003.jpg?resize=768%2C1152&amp;ssl=1 768w, https:\/\/i0.wp.com\/idnu.ch\/wordpress\/wp-content\/uploads\/2021\/11\/villars-20211014-003.jpg?resize=67%2C100&amp;ssl=1 67w\" width=\"350\" height=\"526\" loading=\"lazy\" data-original-width=\"350\" data-original-height=\"526\" itemprop=\"http:\/\/schema.org\/image\" title=\"\" alt=\"\" style=\"width: 350px; height: 526px;\" \/> <\/a> <\/div> <\/div> <!-- close group --> <\/div> <!-- close row --> <div class=\"gallery-row\" style=\"width: 750px; height: 251px;\" data-original-width=\"750\" data-original-height=\"251\" > <div class=\"gallery-group images-1\" style=\"width: 375px; height: 251px;\" data-original-width=\"375\" data-original-height=\"251\" > <div class=\"tiled-gallery-item tiled-gallery-item-large\" itemprop=\"associatedMedia\" itemscope itemtype=\"http:\/\/schema.org\/ImageObject\"> <a href=\"https:\/\/idnu.ch\/wordpress\/die-alp-mit-den-voegeln\/villars-20211014-004\/#main\" border=\"0\" itemprop=\"url\"> <meta itemprop=\"width\" content=\"371\"> <meta itemprop=\"height\" content=\"247\"> <img decoding=\"async\" class=\"\" data-attachment-id=\"19464\" data-orig-file=\"https:\/\/idnu.ch\/wordpress\/wp-content\/uploads\/2021\/11\/villars-20211014-004.jpg\" data-orig-size=\"1280,853\" data-comments-opened=\"1\" data-image-meta=\"{&quot;aperture&quot;:&quot;22&quot;,&quot;credit&quot;:&quot;Urs Kyburz&quot;,&quot;camera&quot;:&quot;Canon EOS 5D Mark IV&quot;,&quot;caption&quot;:&quot;&quot;,&quot;created_timestamp&quot;:&quot;1634200084&quot;,&quot;copyright&quot;:&quot;\\u00a9 Urs Kyburz&quot;,&quot;focal_length&quot;:&quot;35&quot;,&quot;iso&quot;:&quot;320&quot;,&quot;shutter_speed&quot;:&quot;0.033333333333333&quot;,&quot;title&quot;:&quot;&quot;,&quot;orientation&quot;:&quot;0&quot;}\" data-image-title=\"Die Sonne erscheint\" data-image-description=\"\" data-medium-file=\"https:\/\/i0.wp.com\/idnu.ch\/wordpress\/wp-content\/uploads\/2021\/11\/villars-20211014-004.jpg?fit=300%2C200&#038;ssl=1\" data-large-file=\"https:\/\/i0.wp.com\/idnu.ch\/wordpress\/wp-content\/uploads\/2021\/11\/villars-20211014-004.jpg?fit=750%2C500&#038;ssl=1\" src=\"https:\/\/i0.wp.com\/idnu.ch\/wordpress\/wp-content\/uploads\/2021\/11\/villars-20211014-004.jpg?w=371&#038;h=247&#038;ssl=1\" srcset=\"https:\/\/i0.wp.com\/idnu.ch\/wordpress\/wp-content\/uploads\/2021\/11\/villars-20211014-004.jpg?w=1280&amp;ssl=1 1280w, https:\/\/i0.wp.com\/idnu.ch\/wordpress\/wp-content\/uploads\/2021\/11\/villars-20211014-004.jpg?resize=300%2C200&amp;ssl=1 300w, https:\/\/i0.wp.com\/idnu.ch\/wordpress\/wp-content\/uploads\/2021\/11\/villars-20211014-004.jpg?resize=1024%2C682&amp;ssl=1 1024w, https:\/\/i0.wp.com\/idnu.ch\/wordpress\/wp-content\/uploads\/2021\/11\/villars-20211014-004.jpg?resize=768%2C512&amp;ssl=1 768w, https:\/\/i0.wp.com\/idnu.ch\/wordpress\/wp-content\/uploads\/2021\/11\/villars-20211014-004.jpg?resize=150%2C100&amp;ssl=1 150w\" width=\"371\" height=\"247\" loading=\"lazy\" data-original-width=\"371\" data-original-height=\"247\" itemprop=\"http:\/\/schema.org\/image\" title=\"Die Sonne erscheint\" alt=\"Die Sonne erscheint\" style=\"width: 371px; height: 247px;\" \/> <\/a> <div class=\"tiled-gallery-caption\" itemprop=\"caption description\"> Die Sonne erscheint <\/div> <\/div> <\/div> <!-- close group --> <div class=\"gallery-group images-1\" style=\"width: 375px; height: 251px;\" data-original-width=\"375\" data-original-height=\"251\" > <div class=\"tiled-gallery-item tiled-gallery-item-large\" itemprop=\"associatedMedia\" itemscope itemtype=\"http:\/\/schema.org\/ImageObject\"> <a href=\"https:\/\/idnu.ch\/wordpress\/die-alp-mit-den-voegeln\/villars-20211014-007\/#main\" border=\"0\" itemprop=\"url\"> <meta itemprop=\"width\" content=\"371\"> <meta itemprop=\"height\" content=\"247\"> <img decoding=\"async\" class=\"\" data-attachment-id=\"19460\" data-orig-file=\"https:\/\/idnu.ch\/wordpress\/wp-content\/uploads\/2021\/11\/villars-20211014-007.jpg\" data-orig-size=\"1280,853\" data-comments-opened=\"1\" data-image-meta=\"{&quot;aperture&quot;:&quot;9&quot;,&quot;credit&quot;:&quot;Urs Kyburz&quot;,&quot;camera&quot;:&quot;Canon EOS 5D Mark IV&quot;,&quot;caption&quot;:&quot;&quot;,&quot;created_timestamp&quot;:&quot;1634201791&quot;,&quot;copyright&quot;:&quot;\\u00a9 Urs Kyburz&quot;,&quot;focal_length&quot;:&quot;105&quot;,&quot;iso&quot;:&quot;100&quot;,&quot;shutter_speed&quot;:&quot;0.00625&quot;,&quot;title&quot;:&quot;&quot;,&quot;orientation&quot;:&quot;0&quot;}\" data-image-title=\"Silvan auf Pirsch\" data-image-description=\"\" data-medium-file=\"https:\/\/i0.wp.com\/idnu.ch\/wordpress\/wp-content\/uploads\/2021\/11\/villars-20211014-007.jpg?fit=300%2C200&#038;ssl=1\" data-large-file=\"https:\/\/i0.wp.com\/idnu.ch\/wordpress\/wp-content\/uploads\/2021\/11\/villars-20211014-007.jpg?fit=750%2C500&#038;ssl=1\" src=\"https:\/\/i0.wp.com\/idnu.ch\/wordpress\/wp-content\/uploads\/2021\/11\/villars-20211014-007.jpg?w=371&#038;h=247&#038;ssl=1\" srcset=\"https:\/\/i0.wp.com\/idnu.ch\/wordpress\/wp-content\/uploads\/2021\/11\/villars-20211014-007.jpg?w=1280&amp;ssl=1 1280w, https:\/\/i0.wp.com\/idnu.ch\/wordpress\/wp-content\/uploads\/2021\/11\/villars-20211014-007.jpg?resize=300%2C200&amp;ssl=1 300w, https:\/\/i0.wp.com\/idnu.ch\/wordpress\/wp-content\/uploads\/2021\/11\/villars-20211014-007.jpg?resize=1024%2C682&amp;ssl=1 1024w, https:\/\/i0.wp.com\/idnu.ch\/wordpress\/wp-content\/uploads\/2021\/11\/villars-20211014-007.jpg?resize=768%2C512&amp;ssl=1 768w, https:\/\/i0.wp.com\/idnu.ch\/wordpress\/wp-content\/uploads\/2021\/11\/villars-20211014-007.jpg?resize=150%2C100&amp;ssl=1 150w\" width=\"371\" height=\"247\" loading=\"lazy\" data-original-width=\"371\" data-original-height=\"247\" itemprop=\"http:\/\/schema.org\/image\" title=\"Silvan auf Pirsch\" alt=\"Silvan auf Pirsch\" style=\"width: 371px; height: 247px;\" \/> <\/a> <div class=\"tiled-gallery-caption\" itemprop=\"caption description\"> Silvan auf Pirsch <\/div> <\/div> <\/div> <!-- close group --> <\/div> <!-- close row --> <\/div>\n<p>Und so sieht das Resultat von Silvans Pirsch aus:<\/p>\n<figure id=\"attachment_19500\" aria-describedby=\"caption-attachment-19500\" style=\"width: 2048px\" class=\"wp-caption alignnone\"><a href=\"https:\/\/idnu.ch\/wordpress\/die-alp-mit-den-voegeln\/hausrotschwanz_silvan\/#main\" rel=\"attachment wp-att-19500\"><img data-recalc-dims=\"1\" loading=\"lazy\" decoding=\"async\" data-attachment-id=\"19500\" data-permalink=\"https:\/\/idnu.ch\/wordpress\/die-alp-mit-den-voegeln\/hausrotschwanz_silvan\/#main\" data-orig-file=\"https:\/\/i0.wp.com\/idnu.ch\/wordpress\/wp-content\/uploads\/2021\/11\/hausrotschwanz_silvan.jpeg?fit=2048%2C1365&amp;ssl=1\" data-orig-size=\"2048,1365\" data-comments-opened=\"1\" data-image-meta=\"{&quot;aperture&quot;:&quot;0&quot;,&quot;credit&quot;:&quot;&quot;,&quot;camera&quot;:&quot;&quot;,&quot;caption&quot;:&quot;&quot;,&quot;created_timestamp&quot;:&quot;0&quot;,&quot;copyright&quot;:&quot;&quot;,&quot;focal_length&quot;:&quot;0&quot;,&quot;iso&quot;:&quot;0&quot;,&quot;shutter_speed&quot;:&quot;0&quot;,&quot;title&quot;:&quot;&quot;,&quot;orientation&quot;:&quot;0&quot;}\" data-image-title=\"Hausrotschwanz\" data-image-description=\"&lt;p&gt;Hausrotschwanz&lt;\/p&gt;\n\" data-image-caption=\"&lt;p&gt;Hausrotschwanz&lt;\/p&gt;\n\" data-large-file=\"https:\/\/i0.wp.com\/idnu.ch\/wordpress\/wp-content\/uploads\/2021\/11\/hausrotschwanz_silvan.jpeg?fit=750%2C500&amp;ssl=1\" class=\"size-full wp-image-19500\" src=\"https:\/\/i0.wp.com\/idnu.ch\/wordpress\/wp-content\/uploads\/2021\/11\/hausrotschwanz_silvan.jpeg?resize=750%2C500&#038;ssl=1\" alt=\"Hausrotschwanz\" width=\"750\" height=\"500\" srcset=\"https:\/\/i0.wp.com\/idnu.ch\/wordpress\/wp-content\/uploads\/2021\/11\/hausrotschwanz_silvan.jpeg?w=2048&amp;ssl=1 2048w, https:\/\/i0.wp.com\/idnu.ch\/wordpress\/wp-content\/uploads\/2021\/11\/hausrotschwanz_silvan.jpeg?resize=300%2C200&amp;ssl=1 300w, https:\/\/i0.wp.com\/idnu.ch\/wordpress\/wp-content\/uploads\/2021\/11\/hausrotschwanz_silvan.jpeg?resize=1024%2C683&amp;ssl=1 1024w, https:\/\/i0.wp.com\/idnu.ch\/wordpress\/wp-content\/uploads\/2021\/11\/hausrotschwanz_silvan.jpeg?resize=768%2C512&amp;ssl=1 768w, https:\/\/i0.wp.com\/idnu.ch\/wordpress\/wp-content\/uploads\/2021\/11\/hausrotschwanz_silvan.jpeg?resize=1536%2C1024&amp;ssl=1 1536w, https:\/\/i0.wp.com\/idnu.ch\/wordpress\/wp-content\/uploads\/2021\/11\/hausrotschwanz_silvan.jpeg?resize=150%2C100&amp;ssl=1 150w\" sizes=\"auto, (max-width: 750px) 100vw, 750px\" \/><\/a><figcaption id=\"caption-attachment-19500\" class=\"wp-caption-text\">Hausrotschwanz<\/figcaption><\/figure>\n<h2>Unbekannte Rufe<\/h2>\n<p>Kurz darauf lassen uns unbekannte Rufe aufhorchen. In einiger Distanz sehen wir zwei schwarze V\u00f6gel. Wir schauen mit den Ferngl\u00e4sern: Es sind\u00a0<a href=\"https:\/\/www.vogelwarte.ch\/de\/voegel\/voegel-der-schweiz\/alpenkraehe\" target=\"_blank\" rel=\"noopener\">Alpenkr\u00e4hen<\/a>! Sie sind etwas gr\u00f6sser als die bekannten <a href=\"https:\/\/www.vogelwarte.ch\/de\/voegel\/voegel-der-schweiz\/alpendohle\" target=\"_blank\" rel=\"noopener\">Alpendohlen<\/a> und haben auch rote Beine, aber im Gegensatz zu den Dohlen mit ihren gelben Schn\u00e4beln haben sie rote, leicht gebogene Schn\u00e4bel, welche filigraner sind als jene der Rabenkr\u00e4hen. Insgesamt z\u00e4hlen wir vier dieser sch\u00f6nen V\u00f6gel. Sie sind sehr selten, Silvan hat ausgerechnet, dass wir heute 1\/32 der Schweizer Population gesehen haben. <span style=\"letter-spacing: 0.2px;\">Wie zum Vergleich gesellt sich eine Alpendohle dazu.<\/span><\/p>\n<div class=\"tiled-gallery type-rectangular tiled-gallery-unresized\" data-original-width=\"750\" data-carousel-extra='{&quot;blog_id&quot;:1,&quot;permalink&quot;:&quot;https:\\\/\\\/idnu.ch\\\/wordpress\\\/die-alp-mit-den-voegeln\\\/&quot;,&quot;likes_blog_id&quot;:100184974}' itemscope itemtype=\"http:\/\/schema.org\/ImageGallery\" > <div class=\"gallery-row\" style=\"width: 750px; height: 335px;\" data-original-width=\"750\" data-original-height=\"335\" > <div class=\"gallery-group images-1\" style=\"width: 501px; height: 335px;\" data-original-width=\"501\" data-original-height=\"335\" > <div class=\"tiled-gallery-item tiled-gallery-item-large\" itemprop=\"associatedMedia\" itemscope itemtype=\"http:\/\/schema.org\/ImageObject\"> <a href=\"https:\/\/idnu.ch\/wordpress\/die-alp-mit-den-voegeln\/villars-20211014-009\/#main\" border=\"0\" itemprop=\"url\"> <meta itemprop=\"width\" content=\"497\"> <meta itemprop=\"height\" content=\"331\"> <img decoding=\"async\" class=\"\" data-attachment-id=\"19466\" data-orig-file=\"https:\/\/idnu.ch\/wordpress\/wp-content\/uploads\/2021\/11\/villars-20211014-009.jpg\" data-orig-size=\"1280,853\" data-comments-opened=\"1\" data-image-meta=\"{&quot;aperture&quot;:&quot;7.1&quot;,&quot;credit&quot;:&quot;Urs Kyburz&quot;,&quot;camera&quot;:&quot;Canon EOS 5D Mark IV&quot;,&quot;caption&quot;:&quot;&quot;,&quot;created_timestamp&quot;:&quot;1634204689&quot;,&quot;copyright&quot;:&quot;\\u00a9 Urs Kyburz&quot;,&quot;focal_length&quot;:&quot;28&quot;,&quot;iso&quot;:&quot;100&quot;,&quot;shutter_speed&quot;:&quot;0.005&quot;,&quot;title&quot;:&quot;&quot;,&quot;orientation&quot;:&quot;0&quot;}\" data-image-title=\"\" data-image-description=\"\" data-medium-file=\"https:\/\/i0.wp.com\/idnu.ch\/wordpress\/wp-content\/uploads\/2021\/11\/villars-20211014-009.jpg?fit=300%2C200&#038;ssl=1\" data-large-file=\"https:\/\/i0.wp.com\/idnu.ch\/wordpress\/wp-content\/uploads\/2021\/11\/villars-20211014-009.jpg?fit=750%2C500&#038;ssl=1\" src=\"https:\/\/i0.wp.com\/idnu.ch\/wordpress\/wp-content\/uploads\/2021\/11\/villars-20211014-009.jpg?w=497&#038;h=331&#038;ssl=1\" srcset=\"https:\/\/i0.wp.com\/idnu.ch\/wordpress\/wp-content\/uploads\/2021\/11\/villars-20211014-009.jpg?w=1280&amp;ssl=1 1280w, https:\/\/i0.wp.com\/idnu.ch\/wordpress\/wp-content\/uploads\/2021\/11\/villars-20211014-009.jpg?resize=300%2C200&amp;ssl=1 300w, https:\/\/i0.wp.com\/idnu.ch\/wordpress\/wp-content\/uploads\/2021\/11\/villars-20211014-009.jpg?resize=1024%2C682&amp;ssl=1 1024w, https:\/\/i0.wp.com\/idnu.ch\/wordpress\/wp-content\/uploads\/2021\/11\/villars-20211014-009.jpg?resize=768%2C512&amp;ssl=1 768w, https:\/\/i0.wp.com\/idnu.ch\/wordpress\/wp-content\/uploads\/2021\/11\/villars-20211014-009.jpg?resize=150%2C100&amp;ssl=1 150w\" width=\"497\" height=\"331\" loading=\"lazy\" data-original-width=\"497\" data-original-height=\"331\" itemprop=\"http:\/\/schema.org\/image\" title=\"\" alt=\"\" style=\"width: 497px; height: 331px;\" \/> <\/a> <\/div> <\/div> <!-- close group --> <div class=\"gallery-group images-2\" style=\"width: 249px; height: 335px;\" data-original-width=\"249\" data-original-height=\"335\" > <div class=\"tiled-gallery-item tiled-gallery-item-small\" itemprop=\"associatedMedia\" itemscope itemtype=\"http:\/\/schema.org\/ImageObject\"> <a href=\"https:\/\/idnu.ch\/wordpress\/die-alp-mit-den-voegeln\/villars-20211014-010\/#main\" border=\"0\" itemprop=\"url\"> <meta itemprop=\"width\" content=\"245\"> <meta itemprop=\"height\" content=\"164\"> <img decoding=\"async\" class=\"\" data-attachment-id=\"19467\" data-orig-file=\"https:\/\/idnu.ch\/wordpress\/wp-content\/uploads\/2021\/11\/villars-20211014-010.jpg\" data-orig-size=\"1280,853\" data-comments-opened=\"1\" data-image-meta=\"{&quot;aperture&quot;:&quot;7.1&quot;,&quot;credit&quot;:&quot;Urs Kyburz&quot;,&quot;camera&quot;:&quot;Canon EOS 5D Mark IV&quot;,&quot;caption&quot;:&quot;&quot;,&quot;created_timestamp&quot;:&quot;1634205743&quot;,&quot;copyright&quot;:&quot;\\u00a9 Urs Kyburz&quot;,&quot;focal_length&quot;:&quot;24&quot;,&quot;iso&quot;:&quot;100&quot;,&quot;shutter_speed&quot;:&quot;0.01&quot;,&quot;title&quot;:&quot;&quot;,&quot;orientation&quot;:&quot;0&quot;}\" data-image-title=\"Wir g\u00f6nnen uns eine Pause\" data-image-description=\"\" data-medium-file=\"https:\/\/i0.wp.com\/idnu.ch\/wordpress\/wp-content\/uploads\/2021\/11\/villars-20211014-010.jpg?fit=300%2C200&#038;ssl=1\" data-large-file=\"https:\/\/i0.wp.com\/idnu.ch\/wordpress\/wp-content\/uploads\/2021\/11\/villars-20211014-010.jpg?fit=750%2C500&#038;ssl=1\" src=\"https:\/\/i0.wp.com\/idnu.ch\/wordpress\/wp-content\/uploads\/2021\/11\/villars-20211014-010.jpg?w=245&#038;h=164&#038;ssl=1\" srcset=\"https:\/\/i0.wp.com\/idnu.ch\/wordpress\/wp-content\/uploads\/2021\/11\/villars-20211014-010.jpg?w=1280&amp;ssl=1 1280w, https:\/\/i0.wp.com\/idnu.ch\/wordpress\/wp-content\/uploads\/2021\/11\/villars-20211014-010.jpg?resize=300%2C200&amp;ssl=1 300w, https:\/\/i0.wp.com\/idnu.ch\/wordpress\/wp-content\/uploads\/2021\/11\/villars-20211014-010.jpg?resize=1024%2C682&amp;ssl=1 1024w, https:\/\/i0.wp.com\/idnu.ch\/wordpress\/wp-content\/uploads\/2021\/11\/villars-20211014-010.jpg?resize=768%2C512&amp;ssl=1 768w, https:\/\/i0.wp.com\/idnu.ch\/wordpress\/wp-content\/uploads\/2021\/11\/villars-20211014-010.jpg?resize=150%2C100&amp;ssl=1 150w\" width=\"245\" height=\"164\" loading=\"lazy\" data-original-width=\"245\" data-original-height=\"164\" itemprop=\"http:\/\/schema.org\/image\" title=\"Wir g\u00f6nnen uns eine Pause\" alt=\"Wir g\u00f6nnen uns eine Pause\" style=\"width: 245px; height: 164px;\" \/> <\/a> <div class=\"tiled-gallery-caption\" itemprop=\"caption description\"> Wir g\u00f6nnen uns eine Pause <\/div> <\/div> <div class=\"tiled-gallery-item tiled-gallery-item-small\" itemprop=\"associatedMedia\" itemscope itemtype=\"http:\/\/schema.org\/ImageObject\"> <a href=\"https:\/\/idnu.ch\/wordpress\/die-alp-mit-den-voegeln\/villars-20211014-012\/#main\" border=\"0\" itemprop=\"url\"> <meta itemprop=\"width\" content=\"245\"> <meta itemprop=\"height\" content=\"163\"> <img decoding=\"async\" class=\"\" data-attachment-id=\"19468\" data-orig-file=\"https:\/\/idnu.ch\/wordpress\/wp-content\/uploads\/2021\/11\/villars-20211014-012.jpg\" data-orig-size=\"1280,853\" data-comments-opened=\"1\" data-image-meta=\"{&quot;aperture&quot;:&quot;7.1&quot;,&quot;credit&quot;:&quot;Urs Kyburz&quot;,&quot;camera&quot;:&quot;Canon EOS 5D Mark IV&quot;,&quot;caption&quot;:&quot;&quot;,&quot;created_timestamp&quot;:&quot;1634208765&quot;,&quot;copyright&quot;:&quot;\\u00a9 Urs Kyburz&quot;,&quot;focal_length&quot;:&quot;60&quot;,&quot;iso&quot;:&quot;100&quot;,&quot;shutter_speed&quot;:&quot;0.003125&quot;,&quot;title&quot;:&quot;&quot;,&quot;orientation&quot;:&quot;0&quot;}\" data-image-title=\"\" data-image-description=\"\" data-medium-file=\"https:\/\/i0.wp.com\/idnu.ch\/wordpress\/wp-content\/uploads\/2021\/11\/villars-20211014-012.jpg?fit=300%2C200&#038;ssl=1\" data-large-file=\"https:\/\/i0.wp.com\/idnu.ch\/wordpress\/wp-content\/uploads\/2021\/11\/villars-20211014-012.jpg?fit=750%2C500&#038;ssl=1\" src=\"https:\/\/i0.wp.com\/idnu.ch\/wordpress\/wp-content\/uploads\/2021\/11\/villars-20211014-012.jpg?w=245&#038;h=163&#038;ssl=1\" srcset=\"https:\/\/i0.wp.com\/idnu.ch\/wordpress\/wp-content\/uploads\/2021\/11\/villars-20211014-012.jpg?w=1280&amp;ssl=1 1280w, https:\/\/i0.wp.com\/idnu.ch\/wordpress\/wp-content\/uploads\/2021\/11\/villars-20211014-012.jpg?resize=300%2C200&amp;ssl=1 300w, https:\/\/i0.wp.com\/idnu.ch\/wordpress\/wp-content\/uploads\/2021\/11\/villars-20211014-012.jpg?resize=1024%2C682&amp;ssl=1 1024w, https:\/\/i0.wp.com\/idnu.ch\/wordpress\/wp-content\/uploads\/2021\/11\/villars-20211014-012.jpg?resize=768%2C512&amp;ssl=1 768w, https:\/\/i0.wp.com\/idnu.ch\/wordpress\/wp-content\/uploads\/2021\/11\/villars-20211014-012.jpg?resize=150%2C100&amp;ssl=1 150w\" width=\"245\" height=\"163\" loading=\"lazy\" data-original-width=\"245\" data-original-height=\"163\" itemprop=\"http:\/\/schema.org\/image\" title=\"\" alt=\"\" style=\"width: 245px; height: 163px;\" \/> <\/a> <\/div> <\/div> <!-- close group --> <\/div> <!-- close row --> <\/div>\n<p><span style=\"letter-spacing: 0.2px;\">Wir verweilen lange an diesem Ort, w\u00e4hrend andere Wanderer an uns vorbeiziehen. Drei Frauen erz\u00e4hlen uns, dass sie eine G\u00e4mse gesehen h\u00e4tten, weit weg, sonst kein Tier. &#8222;Es hat viele Vogelarten hier&#8220;, entgegnet die Frau. &#8222;Jaja, V\u00f6gel hat es auch, aber keine Steinb\u00f6cke und nur eine G\u00e4mse!&#8220; Offenbar gibt es nur G\u00e4msen, Steinb\u00f6cke und V\u00f6gel, letztere scheinen nicht interessant zu sein, weil es so viele hat. <\/span><\/p>\n<p><span style=\"letter-spacing: 0.2px;\">Ein Turmfalke taucht kurz auf, wir entdecken <\/span><span style=\"letter-spacing: 0.2px;\"><a href=\"https:\/\/www.vogelwarte.ch\/de\/voegel\/voegel-der-schweiz\/bluthaenfling\" target=\"_blank\" rel=\"noopener\">H\u00e4nflinge<\/a>, <a href=\"https:\/\/www.vogelwarte.ch\/de\/voegel\/voegel-der-schweiz\/stieglitz\" target=\"_blank\" rel=\"noopener\">Distelfinken<\/a>, <a href=\"https:\/\/www.vogelwarte.ch\/de\/voegel\/voegel-der-schweiz\/bergpieper\" target=\"_blank\" rel=\"noopener\">Bergpieper<\/a>, <a href=\"https:\/\/www.vogelwarte.ch\/de\/voegel\/voegel-der-schweiz\/misteldrossel\" target=\"_blank\" rel=\"noopener\">Misteldrosseln<\/a> und sogar zwei <a href=\"https:\/\/www.vogelwarte.ch\/de\/voegel\/voegel-der-schweiz\/zitronenzeisig\" target=\"_blank\" rel=\"noopener\">Zitronenzeisige<\/a>. Wir s<\/span><span style=\"letter-spacing: 0.2px;\">uchen einen Platz zum Rasten und beobachten weiter.<\/span><\/p>\n<h2>Nur noch zum Pass<\/h2>\n<p>Ziel w\u00e4re ja der Lac de Derborence, welchen wir aber vor dem Start schon abgeschrieben haben, aber nun wollen wir immerhin den Pas de Cheville erreichen, den \u00dcbergang in die Derborence. Wir gehen an Anzeinde vorbei, d<span style=\"letter-spacing: 0.2px;\">er Weg steigt kaum mehr an, eine weite Hochebene breitet sich aus. Am Wegrand steht ein <\/span><span style=\"letter-spacing: 0.2px;\">Felsblock, die Frau und Silvan m\u00fcssen da Hand anlegen, Junior mitsamt der Kamera. Ich h\u00e4tte die ja zuerst abgelegt.<\/span><\/p>\n<div class=\"tiled-gallery type-rectangular tiled-gallery-unresized\" data-original-width=\"750\" data-carousel-extra='{&quot;blog_id&quot;:1,&quot;permalink&quot;:&quot;https:\\\/\\\/idnu.ch\\\/wordpress\\\/die-alp-mit-den-voegeln\\\/&quot;,&quot;likes_blog_id&quot;:100184974}' itemscope itemtype=\"http:\/\/schema.org\/ImageGallery\" > <div class=\"gallery-row\" style=\"width: 750px; height: 335px;\" data-original-width=\"750\" data-original-height=\"335\" > <div class=\"gallery-group images-1\" style=\"width: 501px; height: 335px;\" data-original-width=\"501\" data-original-height=\"335\" > <div class=\"tiled-gallery-item tiled-gallery-item-large\" itemprop=\"associatedMedia\" itemscope itemtype=\"http:\/\/schema.org\/ImageObject\"> <a href=\"https:\/\/idnu.ch\/wordpress\/die-alp-mit-den-voegeln\/villars-20211014-013\/#main\" border=\"0\" itemprop=\"url\"> <meta itemprop=\"width\" content=\"497\"> <meta itemprop=\"height\" content=\"331\"> <img decoding=\"async\" class=\"\" data-attachment-id=\"19469\" data-orig-file=\"https:\/\/idnu.ch\/wordpress\/wp-content\/uploads\/2021\/11\/villars-20211014-013.jpg\" data-orig-size=\"1280,853\" data-comments-opened=\"1\" data-image-meta=\"{&quot;aperture&quot;:&quot;7.1&quot;,&quot;credit&quot;:&quot;Urs Kyburz&quot;,&quot;camera&quot;:&quot;Canon EOS 5D Mark IV&quot;,&quot;caption&quot;:&quot;&quot;,&quot;created_timestamp&quot;:&quot;1634208769&quot;,&quot;copyright&quot;:&quot;\\u00a9 Urs Kyburz&quot;,&quot;focal_length&quot;:&quot;24&quot;,&quot;iso&quot;:&quot;100&quot;,&quot;shutter_speed&quot;:&quot;0.003125&quot;,&quot;title&quot;:&quot;&quot;,&quot;orientation&quot;:&quot;0&quot;}\" data-image-title=\"\" data-image-description=\"\" data-medium-file=\"https:\/\/i0.wp.com\/idnu.ch\/wordpress\/wp-content\/uploads\/2021\/11\/villars-20211014-013.jpg?fit=300%2C200&#038;ssl=1\" data-large-file=\"https:\/\/i0.wp.com\/idnu.ch\/wordpress\/wp-content\/uploads\/2021\/11\/villars-20211014-013.jpg?fit=750%2C500&#038;ssl=1\" src=\"https:\/\/i0.wp.com\/idnu.ch\/wordpress\/wp-content\/uploads\/2021\/11\/villars-20211014-013.jpg?w=497&#038;h=331&#038;ssl=1\" srcset=\"https:\/\/i0.wp.com\/idnu.ch\/wordpress\/wp-content\/uploads\/2021\/11\/villars-20211014-013.jpg?w=1280&amp;ssl=1 1280w, https:\/\/i0.wp.com\/idnu.ch\/wordpress\/wp-content\/uploads\/2021\/11\/villars-20211014-013.jpg?resize=300%2C200&amp;ssl=1 300w, https:\/\/i0.wp.com\/idnu.ch\/wordpress\/wp-content\/uploads\/2021\/11\/villars-20211014-013.jpg?resize=1024%2C682&amp;ssl=1 1024w, https:\/\/i0.wp.com\/idnu.ch\/wordpress\/wp-content\/uploads\/2021\/11\/villars-20211014-013.jpg?resize=768%2C512&amp;ssl=1 768w, https:\/\/i0.wp.com\/idnu.ch\/wordpress\/wp-content\/uploads\/2021\/11\/villars-20211014-013.jpg?resize=150%2C100&amp;ssl=1 150w\" width=\"497\" height=\"331\" loading=\"lazy\" data-original-width=\"497\" data-original-height=\"331\" itemprop=\"http:\/\/schema.org\/image\" title=\"\" alt=\"\" style=\"width: 497px; height: 331px;\" \/> <\/a> <\/div> <\/div> <!-- close group --> <div class=\"gallery-group images-2\" style=\"width: 249px; height: 335px;\" data-original-width=\"249\" data-original-height=\"335\" > <div class=\"tiled-gallery-item tiled-gallery-item-small\" itemprop=\"associatedMedia\" itemscope itemtype=\"http:\/\/schema.org\/ImageObject\"> <a href=\"https:\/\/idnu.ch\/wordpress\/die-alp-mit-den-voegeln\/villars-20211014-018\/#main\" border=\"0\" itemprop=\"url\"> <meta itemprop=\"width\" content=\"245\"> <meta itemprop=\"height\" content=\"164\"> <img decoding=\"async\" class=\"\" data-attachment-id=\"19470\" data-orig-file=\"https:\/\/idnu.ch\/wordpress\/wp-content\/uploads\/2021\/11\/villars-20211014-018.jpg\" data-orig-size=\"1280,853\" data-comments-opened=\"1\" data-image-meta=\"{&quot;aperture&quot;:&quot;8&quot;,&quot;credit&quot;:&quot;Urs Kyburz&quot;,&quot;camera&quot;:&quot;Canon EOS 5D Mark IV&quot;,&quot;caption&quot;:&quot;&quot;,&quot;created_timestamp&quot;:&quot;1634209142&quot;,&quot;copyright&quot;:&quot;\\u00a9 Urs Kyburz&quot;,&quot;focal_length&quot;:&quot;32&quot;,&quot;iso&quot;:&quot;100&quot;,&quot;shutter_speed&quot;:&quot;0.003125&quot;,&quot;title&quot;:&quot;&quot;,&quot;orientation&quot;:&quot;0&quot;}\" data-image-title=\"Bouldern mit Kamera? Hm.\" data-image-description=\"\" data-medium-file=\"https:\/\/i0.wp.com\/idnu.ch\/wordpress\/wp-content\/uploads\/2021\/11\/villars-20211014-018.jpg?fit=300%2C200&#038;ssl=1\" data-large-file=\"https:\/\/i0.wp.com\/idnu.ch\/wordpress\/wp-content\/uploads\/2021\/11\/villars-20211014-018.jpg?fit=750%2C500&#038;ssl=1\" src=\"https:\/\/i0.wp.com\/idnu.ch\/wordpress\/wp-content\/uploads\/2021\/11\/villars-20211014-018.jpg?w=245&#038;h=164&#038;ssl=1\" srcset=\"https:\/\/i0.wp.com\/idnu.ch\/wordpress\/wp-content\/uploads\/2021\/11\/villars-20211014-018.jpg?w=1280&amp;ssl=1 1280w, https:\/\/i0.wp.com\/idnu.ch\/wordpress\/wp-content\/uploads\/2021\/11\/villars-20211014-018.jpg?resize=300%2C200&amp;ssl=1 300w, https:\/\/i0.wp.com\/idnu.ch\/wordpress\/wp-content\/uploads\/2021\/11\/villars-20211014-018.jpg?resize=1024%2C682&amp;ssl=1 1024w, https:\/\/i0.wp.com\/idnu.ch\/wordpress\/wp-content\/uploads\/2021\/11\/villars-20211014-018.jpg?resize=768%2C512&amp;ssl=1 768w, https:\/\/i0.wp.com\/idnu.ch\/wordpress\/wp-content\/uploads\/2021\/11\/villars-20211014-018.jpg?resize=150%2C100&amp;ssl=1 150w\" width=\"245\" height=\"164\" loading=\"lazy\" data-original-width=\"245\" data-original-height=\"164\" itemprop=\"http:\/\/schema.org\/image\" title=\"Bouldern mit Kamera? Hm.\" alt=\"Bouldern mit Kamera? Hm.\" style=\"width: 245px; height: 164px;\" \/> <\/a> <div class=\"tiled-gallery-caption\" itemprop=\"caption description\"> Bouldern mit Kamera? Hm. <\/div> <\/div> <div class=\"tiled-gallery-item tiled-gallery-item-small\" itemprop=\"associatedMedia\" itemscope itemtype=\"http:\/\/schema.org\/ImageObject\"> <a href=\"https:\/\/idnu.ch\/wordpress\/die-alp-mit-den-voegeln\/villars-20211014-019\/#main\" border=\"0\" itemprop=\"url\"> <meta itemprop=\"width\" content=\"245\"> <meta itemprop=\"height\" content=\"163\"> <img decoding=\"async\" class=\"\" data-attachment-id=\"19471\" data-orig-file=\"https:\/\/idnu.ch\/wordpress\/wp-content\/uploads\/2021\/11\/villars-20211014-019.jpg\" data-orig-size=\"1280,853\" data-comments-opened=\"1\" data-image-meta=\"{&quot;aperture&quot;:&quot;8&quot;,&quot;credit&quot;:&quot;Urs Kyburz&quot;,&quot;camera&quot;:&quot;Canon EOS 5D Mark IV&quot;,&quot;caption&quot;:&quot;&quot;,&quot;created_timestamp&quot;:&quot;1634209180&quot;,&quot;copyright&quot;:&quot;\\u00a9 Urs Kyburz&quot;,&quot;focal_length&quot;:&quot;75&quot;,&quot;iso&quot;:&quot;100&quot;,&quot;shutter_speed&quot;:&quot;0.003125&quot;,&quot;title&quot;:&quot;&quot;,&quot;orientation&quot;:&quot;0&quot;}\" data-image-title=\"So geht das\" data-image-description=\"\" data-medium-file=\"https:\/\/i0.wp.com\/idnu.ch\/wordpress\/wp-content\/uploads\/2021\/11\/villars-20211014-019.jpg?fit=300%2C200&#038;ssl=1\" data-large-file=\"https:\/\/i0.wp.com\/idnu.ch\/wordpress\/wp-content\/uploads\/2021\/11\/villars-20211014-019.jpg?fit=750%2C500&#038;ssl=1\" src=\"https:\/\/i0.wp.com\/idnu.ch\/wordpress\/wp-content\/uploads\/2021\/11\/villars-20211014-019.jpg?w=245&#038;h=163&#038;ssl=1\" srcset=\"https:\/\/i0.wp.com\/idnu.ch\/wordpress\/wp-content\/uploads\/2021\/11\/villars-20211014-019.jpg?w=1280&amp;ssl=1 1280w, https:\/\/i0.wp.com\/idnu.ch\/wordpress\/wp-content\/uploads\/2021\/11\/villars-20211014-019.jpg?resize=300%2C200&amp;ssl=1 300w, https:\/\/i0.wp.com\/idnu.ch\/wordpress\/wp-content\/uploads\/2021\/11\/villars-20211014-019.jpg?resize=1024%2C682&amp;ssl=1 1024w, https:\/\/i0.wp.com\/idnu.ch\/wordpress\/wp-content\/uploads\/2021\/11\/villars-20211014-019.jpg?resize=768%2C512&amp;ssl=1 768w, https:\/\/i0.wp.com\/idnu.ch\/wordpress\/wp-content\/uploads\/2021\/11\/villars-20211014-019.jpg?resize=150%2C100&amp;ssl=1 150w\" width=\"245\" height=\"163\" loading=\"lazy\" data-original-width=\"245\" data-original-height=\"163\" itemprop=\"http:\/\/schema.org\/image\" title=\"So geht das\" alt=\"So geht das\" style=\"width: 245px; height: 163px;\" \/> <\/a> <div class=\"tiled-gallery-caption\" itemprop=\"caption description\"> So geht das <\/div> <\/div> <\/div> <!-- close group --> <\/div> <!-- close row --> <\/div>\n<p><span style=\"letter-spacing: 0.2px;\">Wir e<\/span><span style=\"letter-spacing: 0.2px;\">rreichen den Pas de Cheville und schauen auf die andere Seite. <\/span><span style=\"letter-spacing: 0.2px;\">Den See sehen wir nicht, er liegt zu tief\u00a0 unten, aber die Walliser Viertausender wie Bishorn, Weisshorn, Zinalrothorn, Obergabelhorn und Matterhorn erblicken wir in der Ferne. Wir kehren wieder um, gehen auf dem gleichen Weg zur\u00fcck. Diesmal sind wir schneller, bald schon sind wir in Solalex, wo\u00a0<\/span>inzwischen auch die Sonne eingekehrt ist. <span style=\"letter-spacing: 0.2px;\">Wir beenden unsere Wanderung im Restaurant Miroir d&#8217;Argentine mit Kaffee und Cr\u00e8meschnitte. Quel plaisir!<\/span><\/p>\n<div class=\"tiled-gallery type-rectangular tiled-gallery-unresized\" data-original-width=\"750\" data-carousel-extra='{&quot;blog_id&quot;:1,&quot;permalink&quot;:&quot;https:\\\/\\\/idnu.ch\\\/wordpress\\\/die-alp-mit-den-voegeln\\\/&quot;,&quot;likes_blog_id&quot;:100184974}' itemscope itemtype=\"http:\/\/schema.org\/ImageGallery\" > <div class=\"gallery-row\" style=\"width: 750px; height: 326px;\" data-original-width=\"750\" data-original-height=\"326\" > <div class=\"gallery-group images-1\" style=\"width: 487px; height: 326px;\" data-original-width=\"487\" data-original-height=\"326\" > <div class=\"tiled-gallery-item tiled-gallery-item-large\" itemprop=\"associatedMedia\" itemscope itemtype=\"http:\/\/schema.org\/ImageObject\"> <a href=\"https:\/\/idnu.ch\/wordpress\/die-alp-mit-den-voegeln\/villars-20211014-024\/#main\" border=\"0\" itemprop=\"url\"> <meta itemprop=\"width\" content=\"483\"> <meta itemprop=\"height\" content=\"322\"> <img decoding=\"async\" class=\"\" data-attachment-id=\"19473\" data-orig-file=\"https:\/\/idnu.ch\/wordpress\/wp-content\/uploads\/2021\/11\/villars-20211014-024.jpg\" data-orig-size=\"1280,853\" data-comments-opened=\"1\" data-image-meta=\"{&quot;aperture&quot;:&quot;8&quot;,&quot;credit&quot;:&quot;Urs Kyburz&quot;,&quot;camera&quot;:&quot;Canon EOS 5D Mark IV&quot;,&quot;caption&quot;:&quot;&quot;,&quot;created_timestamp&quot;:&quot;1634210771&quot;,&quot;copyright&quot;:&quot;\\u00a9 Urs Kyburz&quot;,&quot;focal_length&quot;:&quot;40&quot;,&quot;iso&quot;:&quot;100&quot;,&quot;shutter_speed&quot;:&quot;0.004&quot;,&quot;title&quot;:&quot;&quot;,&quot;orientation&quot;:&quot;0&quot;}\" data-image-title=\"Auf dem Pas de Cheville\" data-image-description=\"\" data-medium-file=\"https:\/\/i0.wp.com\/idnu.ch\/wordpress\/wp-content\/uploads\/2021\/11\/villars-20211014-024.jpg?fit=300%2C200&#038;ssl=1\" data-large-file=\"https:\/\/i0.wp.com\/idnu.ch\/wordpress\/wp-content\/uploads\/2021\/11\/villars-20211014-024.jpg?fit=750%2C500&#038;ssl=1\" src=\"https:\/\/i0.wp.com\/idnu.ch\/wordpress\/wp-content\/uploads\/2021\/11\/villars-20211014-024.jpg?w=483&#038;h=322&#038;ssl=1\" srcset=\"https:\/\/i0.wp.com\/idnu.ch\/wordpress\/wp-content\/uploads\/2021\/11\/villars-20211014-024.jpg?w=1280&amp;ssl=1 1280w, https:\/\/i0.wp.com\/idnu.ch\/wordpress\/wp-content\/uploads\/2021\/11\/villars-20211014-024.jpg?resize=300%2C200&amp;ssl=1 300w, https:\/\/i0.wp.com\/idnu.ch\/wordpress\/wp-content\/uploads\/2021\/11\/villars-20211014-024.jpg?resize=1024%2C682&amp;ssl=1 1024w, https:\/\/i0.wp.com\/idnu.ch\/wordpress\/wp-content\/uploads\/2021\/11\/villars-20211014-024.jpg?resize=768%2C512&amp;ssl=1 768w, https:\/\/i0.wp.com\/idnu.ch\/wordpress\/wp-content\/uploads\/2021\/11\/villars-20211014-024.jpg?resize=150%2C100&amp;ssl=1 150w\" width=\"483\" height=\"322\" loading=\"lazy\" data-original-width=\"483\" data-original-height=\"322\" itemprop=\"http:\/\/schema.org\/image\" title=\"Auf dem Pas de Cheville\" alt=\"Auf dem Pas de Cheville\" style=\"width: 483px; height: 322px;\" \/> <\/a> <div class=\"tiled-gallery-caption\" itemprop=\"caption description\"> Auf dem Pas de Cheville <\/div> <\/div> <\/div> <!-- close group --> <div class=\"gallery-group images-2\" style=\"width: 263px; height: 326px;\" data-original-width=\"263\" data-original-height=\"326\" > <div class=\"tiled-gallery-item tiled-gallery-item-large\" itemprop=\"associatedMedia\" itemscope itemtype=\"http:\/\/schema.org\/ImageObject\"> <a href=\"https:\/\/idnu.ch\/wordpress\/die-alp-mit-den-voegeln\/villars-20211014-027\/#main\" border=\"0\" itemprop=\"url\"> <meta itemprop=\"width\" content=\"259\"> <meta itemprop=\"height\" content=\"146\"> <img decoding=\"async\" class=\"\" data-attachment-id=\"19474\" data-orig-file=\"https:\/\/idnu.ch\/wordpress\/wp-content\/uploads\/2021\/11\/villars-20211014-027.jpg\" data-orig-size=\"1280,720\" data-comments-opened=\"1\" data-image-meta=\"{&quot;aperture&quot;:&quot;8&quot;,&quot;credit&quot;:&quot;Urs Kyburz&quot;,&quot;camera&quot;:&quot;Canon EOS 5D Mark IV&quot;,&quot;caption&quot;:&quot;&quot;,&quot;created_timestamp&quot;:&quot;1634210802&quot;,&quot;copyright&quot;:&quot;\\u00a9 Urs Kyburz&quot;,&quot;focal_length&quot;:&quot;84&quot;,&quot;iso&quot;:&quot;100&quot;,&quot;shutter_speed&quot;:&quot;0.0025&quot;,&quot;title&quot;:&quot;&quot;,&quot;orientation&quot;:&quot;0&quot;}\" data-image-title=\"Die Walliser Viertausender\" data-image-description=\"\" data-medium-file=\"https:\/\/i0.wp.com\/idnu.ch\/wordpress\/wp-content\/uploads\/2021\/11\/villars-20211014-027.jpg?fit=300%2C169&#038;ssl=1\" data-large-file=\"https:\/\/i0.wp.com\/idnu.ch\/wordpress\/wp-content\/uploads\/2021\/11\/villars-20211014-027.jpg?fit=750%2C422&#038;ssl=1\" src=\"https:\/\/i0.wp.com\/idnu.ch\/wordpress\/wp-content\/uploads\/2021\/11\/villars-20211014-027.jpg?w=259&#038;h=146&#038;ssl=1\" srcset=\"https:\/\/i0.wp.com\/idnu.ch\/wordpress\/wp-content\/uploads\/2021\/11\/villars-20211014-027.jpg?w=1280&amp;ssl=1 1280w, https:\/\/i0.wp.com\/idnu.ch\/wordpress\/wp-content\/uploads\/2021\/11\/villars-20211014-027.jpg?resize=300%2C169&amp;ssl=1 300w, https:\/\/i0.wp.com\/idnu.ch\/wordpress\/wp-content\/uploads\/2021\/11\/villars-20211014-027.jpg?resize=1024%2C576&amp;ssl=1 1024w, https:\/\/i0.wp.com\/idnu.ch\/wordpress\/wp-content\/uploads\/2021\/11\/villars-20211014-027.jpg?resize=768%2C432&amp;ssl=1 768w, https:\/\/i0.wp.com\/idnu.ch\/wordpress\/wp-content\/uploads\/2021\/11\/villars-20211014-027.jpg?resize=178%2C100&amp;ssl=1 178w\" width=\"259\" height=\"146\" loading=\"lazy\" data-original-width=\"259\" data-original-height=\"146\" itemprop=\"http:\/\/schema.org\/image\" title=\"Die Walliser Viertausender\" alt=\"Die Walliser Viertausender\" style=\"width: 259px; height: 146px;\" \/> <\/a> <div class=\"tiled-gallery-caption\" itemprop=\"caption description\"> Die Walliser Viertausender <\/div> <\/div> <div class=\"tiled-gallery-item tiled-gallery-item-large\" itemprop=\"associatedMedia\" itemscope itemtype=\"http:\/\/schema.org\/ImageObject\"> <a href=\"https:\/\/idnu.ch\/wordpress\/die-alp-mit-den-voegeln\/villars-20211014-037\/#main\" border=\"0\" itemprop=\"url\"> <meta itemprop=\"width\" content=\"259\"> <meta itemprop=\"height\" content=\"172\"> <img decoding=\"async\" class=\"\" data-attachment-id=\"19475\" data-orig-file=\"https:\/\/idnu.ch\/wordpress\/wp-content\/uploads\/2021\/11\/villars-20211014-037.jpg\" data-orig-size=\"1280,853\" data-comments-opened=\"1\" data-image-meta=\"{&quot;aperture&quot;:&quot;8&quot;,&quot;credit&quot;:&quot;Urs Kyburz&quot;,&quot;camera&quot;:&quot;Canon EOS 5D Mark IV&quot;,&quot;caption&quot;:&quot;&quot;,&quot;created_timestamp&quot;:&quot;1634211793&quot;,&quot;copyright&quot;:&quot;\\u00a9 Urs Kyburz&quot;,&quot;focal_length&quot;:&quot;105&quot;,&quot;iso&quot;:&quot;100&quot;,&quot;shutter_speed&quot;:&quot;0.00625&quot;,&quot;title&quot;:&quot;&quot;,&quot;orientation&quot;:&quot;0&quot;}\" data-image-title=\"Heimweg\" data-image-description=\"\" data-medium-file=\"https:\/\/i0.wp.com\/idnu.ch\/wordpress\/wp-content\/uploads\/2021\/11\/villars-20211014-037.jpg?fit=300%2C200&#038;ssl=1\" data-large-file=\"https:\/\/i0.wp.com\/idnu.ch\/wordpress\/wp-content\/uploads\/2021\/11\/villars-20211014-037.jpg?fit=750%2C500&#038;ssl=1\" src=\"https:\/\/i0.wp.com\/idnu.ch\/wordpress\/wp-content\/uploads\/2021\/11\/villars-20211014-037.jpg?w=259&#038;h=172&#038;ssl=1\" srcset=\"https:\/\/i0.wp.com\/idnu.ch\/wordpress\/wp-content\/uploads\/2021\/11\/villars-20211014-037.jpg?w=1280&amp;ssl=1 1280w, https:\/\/i0.wp.com\/idnu.ch\/wordpress\/wp-content\/uploads\/2021\/11\/villars-20211014-037.jpg?resize=300%2C200&amp;ssl=1 300w, https:\/\/i0.wp.com\/idnu.ch\/wordpress\/wp-content\/uploads\/2021\/11\/villars-20211014-037.jpg?resize=1024%2C682&amp;ssl=1 1024w, https:\/\/i0.wp.com\/idnu.ch\/wordpress\/wp-content\/uploads\/2021\/11\/villars-20211014-037.jpg?resize=768%2C512&amp;ssl=1 768w, https:\/\/i0.wp.com\/idnu.ch\/wordpress\/wp-content\/uploads\/2021\/11\/villars-20211014-037.jpg?resize=150%2C100&amp;ssl=1 150w\" width=\"259\" height=\"172\" loading=\"lazy\" data-original-width=\"259\" data-original-height=\"172\" itemprop=\"http:\/\/schema.org\/image\" title=\"Heimweg\" alt=\"Heimweg\" style=\"width: 259px; height: 172px;\" \/> <\/a> <div class=\"tiled-gallery-caption\" itemprop=\"caption description\"> Heimweg <\/div> <\/div> <\/div> <!-- close group --> <\/div> <!-- close row --> <div class=\"gallery-row\" style=\"width: 750px; height: 501px;\" data-original-width=\"750\" data-original-height=\"501\" > <div class=\"gallery-group images-1\" style=\"width: 750px; height: 501px;\" data-original-width=\"750\" data-original-height=\"501\" > <div class=\"tiled-gallery-item tiled-gallery-item-large\" itemprop=\"associatedMedia\" itemscope itemtype=\"http:\/\/schema.org\/ImageObject\"> <a href=\"https:\/\/idnu.ch\/wordpress\/die-alp-mit-den-voegeln\/villars-20211014-042\/#main\" border=\"0\" itemprop=\"url\"> <meta itemprop=\"width\" content=\"746\"> <meta itemprop=\"height\" content=\"497\"> <img decoding=\"async\" class=\"\" data-attachment-id=\"19476\" data-orig-file=\"https:\/\/idnu.ch\/wordpress\/wp-content\/uploads\/2021\/11\/villars-20211014-042.jpg\" data-orig-size=\"2500,1667\" data-comments-opened=\"1\" data-image-meta=\"{&quot;aperture&quot;:&quot;6.3&quot;,&quot;credit&quot;:&quot;Urs Kyburz&quot;,&quot;camera&quot;:&quot;Canon EOS 5D Mark IV&quot;,&quot;caption&quot;:&quot;&quot;,&quot;created_timestamp&quot;:&quot;1634215771&quot;,&quot;copyright&quot;:&quot;Copyright Urs Kyburz (2019)&quot;,&quot;focal_length&quot;:&quot;32&quot;,&quot;iso&quot;:&quot;100&quot;,&quot;shutter_speed&quot;:&quot;0.004&quot;,&quot;title&quot;:&quot;&quot;,&quot;orientation&quot;:&quot;0&quot;}\" data-image-title=\"\" data-image-description=\"\" data-medium-file=\"https:\/\/i0.wp.com\/idnu.ch\/wordpress\/wp-content\/uploads\/2021\/11\/villars-20211014-042.jpg?fit=300%2C200&#038;ssl=1\" data-large-file=\"https:\/\/i0.wp.com\/idnu.ch\/wordpress\/wp-content\/uploads\/2021\/11\/villars-20211014-042.jpg?fit=750%2C500&#038;ssl=1\" src=\"https:\/\/i0.wp.com\/idnu.ch\/wordpress\/wp-content\/uploads\/2021\/11\/villars-20211014-042.jpg?w=746&#038;h=497&#038;ssl=1\" srcset=\"https:\/\/i0.wp.com\/idnu.ch\/wordpress\/wp-content\/uploads\/2021\/11\/villars-20211014-042.jpg?w=2500&amp;ssl=1 2500w, https:\/\/i0.wp.com\/idnu.ch\/wordpress\/wp-content\/uploads\/2021\/11\/villars-20211014-042.jpg?resize=300%2C200&amp;ssl=1 300w, https:\/\/i0.wp.com\/idnu.ch\/wordpress\/wp-content\/uploads\/2021\/11\/villars-20211014-042.jpg?resize=1024%2C683&amp;ssl=1 1024w, https:\/\/i0.wp.com\/idnu.ch\/wordpress\/wp-content\/uploads\/2021\/11\/villars-20211014-042.jpg?resize=768%2C512&amp;ssl=1 768w, https:\/\/i0.wp.com\/idnu.ch\/wordpress\/wp-content\/uploads\/2021\/11\/villars-20211014-042.jpg?resize=1536%2C1024&amp;ssl=1 1536w, https:\/\/i0.wp.com\/idnu.ch\/wordpress\/wp-content\/uploads\/2021\/11\/villars-20211014-042.jpg?resize=2048%2C1366&amp;ssl=1 2048w, https:\/\/i0.wp.com\/idnu.ch\/wordpress\/wp-content\/uploads\/2021\/11\/villars-20211014-042.jpg?resize=150%2C100&amp;ssl=1 150w, https:\/\/i0.wp.com\/idnu.ch\/wordpress\/wp-content\/uploads\/2021\/11\/villars-20211014-042.jpg?w=2250&amp;ssl=1 2250w\" width=\"746\" height=\"497\" loading=\"lazy\" data-original-width=\"746\" data-original-height=\"497\" itemprop=\"http:\/\/schema.org\/image\" title=\"\" alt=\"\" style=\"width: 746px; height: 497px;\" \/> <\/a> <\/div> <\/div> <!-- close group --> <\/div> <!-- close row --> <\/div>\n<h2>Info<\/h2>\n<p>Da man auf dem gleichen Weg zur\u00fcck geht, ist die Wanderung f\u00fcr alle geeignet, die aufw\u00e4rts wandern k\u00f6nnen, man kann ja jederzeit umkehren. Statt nur nach G\u00e4msen und Steinb\u00f6cken Ausschau zu halten, sollte man sich auch die V\u00f6gel mal genauer anschauen, man wird \u00fcberrascht sein von der Vielfalt, auch wenn man nicht alle kennt. Eine gute Hilfe ist da das Standardwerk f\u00fcr Vogelkundler, <a href=\"https:\/\/idnu.ch\/wordpress\/der-kosmos-vogelfuehrer\/\">der Kosmos Vogelf\u00fchrer<\/a> Ein Fernglas ist Pflicht!<\/p>\n<table>\n<tbody>\n<tr>\n<td width=\"150\">Start:<\/td>\n<td>Solalex<\/td>\n<\/tr>\n<tr>\n<td>Ziel:<\/td>\n<td>Solalex<\/td>\n<\/tr>\n<tr>\n<td>Strecke:<\/td>\n<td>Solalex &#8211; Anzeinde &#8211; Pas de Cheville retour<\/td>\n<\/tr>\n<tr>\n<td>Distanz:<\/td>\n<td>10 Kilometer<\/td>\n<\/tr>\n<tr>\n<td>H\u00f6henmeter:<\/td>\n<td>580 Meter<\/td>\n<\/tr>\n<tr>\n<td>Wanderzeit:<\/td>\n<td>3 Stunden<\/td>\n<\/tr>\n<tr>\n<td>Schwierigkeit:<\/td>\n<td>T1<\/td>\n<\/tr>\n<tr>\n<td>GPS-Track:<\/td>\n<td><a href=\"https:\/\/idnu.ch\/wordpress\/die-alp-mit-den-voegeln\/08-route-zum_pas_de_cheville_und_zur_ck_\/\" rel=\"attachment wp-att-19479\">Route zum Pas de Cheville und zur\u00fcck<\/a><\/td>\n<\/tr>\n<tr>\n<td>H\u00f6hepunkte:<\/td>\n<td>V\u00f6gel, Aussicht auf die Walliser Viertausender, das m\u00e4chtige Diablerets-Massiv<\/td>\n<\/tr>\n<tr>\n<td>Alternative:<\/td>\n<td>\n<ul>\n<li>Zum Lac de Derborence, wie wir es urspr\u00fcnglich geplant haben<\/li>\n<li>Umrundung Argentine-Massivs<\/li>\n<\/ul>\n<\/td>\n<\/tr>\n<\/tbody>\n<\/table>\n<blockquote class=\"embedly-card\" data-card-controls=\"0\" data-card-key=\"f1631a41cb254ca5b035dc5747a5bd75\">\n<h4><a href=\"https:\/\/www.relive.cc\/view\/vQvx1eYj9BO?r=embed-site\">Relive &#8218;Zum Pas de Cheville und zur\u00fcck&#8216;<\/a><\/h4>\n<\/blockquote>\n<p><script async src=\"https:\/\/cdn.embedly.com\/widgets\/platform.js\" charset=\"UTF-8\"><\/script><\/p>\n","protected":false},"excerpt":{"rendered":"<p>Zuerst war da der Plan, von Solalex zum sagenumwobenen Lac de Derborence und&#8230;<\/p>\n","protected":false},"author":2,"featured_media":19469,"comment_status":"open","ping_status":"open","sticky":false,"template":"","format":"standard","meta":{"_monsterinsights_skip_tracking":false,"_monsterinsights_sitenote_active":false,"_monsterinsights_sitenote_note":"","_monsterinsights_sitenote_category":0,"jetpack_post_was_ever_published":false,"_jetpack_newsletter_access":"","_jetpack_dont_email_post_to_subs":false,"_jetpack_newsletter_tier_id":0,"_jetpack_memberships_contains_paywalled_content":false,"_jetpack_memberships_contains_paid_content":false,"footnotes":"","jetpack_publicize_message":"Nochmals NEU im Blog: Die Alp mit den V\u00f6geln. Warum wir nicht so vorw\u00e4rts kamen.\r\n#IDNUinVillars2021 #villars #magicpass #alpesvaudoises #myvaud","jetpack_publicize_feature_enabled":true,"jetpack_social_post_already_shared":true,"jetpack_social_options":{"image_generator_settings":{"template":"highway","default_image_id":0,"font":"","enabled":false},"version":2}},"categories":[922,230,5],"tags":[1466,1465,403,1140,1016,522,1150,1333,1464,1454,445,1471],"class_list":["post-19222","post","type-post","status-publish","format-standard","has-post-thumbnail","hentry","category-genferseegebiet","category-waadtland","category-wandern","tag-alpenkraehe","tag-anzeinde","tag-beobachten","tag-chablais","tag-greifvoegel","tag-herbst","tag-herbstwanderung","tag-ornithologie","tag-solalex","tag-villars-sur-ollon","tag-voegel","tag-waadtlaender-alpen"],"geo":{"latitude":46.28957750000000004320099833421409130096435546875,"longitude":7.16429470000000012674945537582971155643463134765625,"description":"Gryon, Canton de Vaud, 1882, CH"},"yoast_head":"<!-- This site is optimized with the Yoast SEO plugin v27.4 - https:\/\/yoast.com\/product\/yoast-seo-wordpress\/ -->\n<title>Die Alp mit den V\u00f6geln - In der Natur unterwegs<\/title>\n<meta name=\"description\" content=\"Anzeinde scheint die Alp mit den V\u00f6geln zu sein. Schon von daher lohnt sich die Wanderung von Solalex aus.\" \/>\n<meta name=\"robots\" content=\"index, follow, max-snippet:-1, max-image-preview:large, max-video-preview:-1\" \/>\n<link rel=\"canonical\" href=\"https:\/\/idnu.ch\/wordpress\/die-alp-mit-den-voegeln\/\" \/>\n<meta property=\"og:locale\" content=\"de_DE\" \/>\n<meta property=\"og:type\" content=\"article\" \/>\n<meta property=\"og:title\" content=\"Die Alp mit den V\u00f6geln - In der Natur unterwegs\" \/>\n<meta property=\"og:description\" content=\"Anzeinde scheint die Alp mit den V\u00f6geln zu sein. Schon von daher lohnt sich die Wanderung von Solalex aus.\" \/>\n<meta property=\"og:url\" content=\"https:\/\/idnu.ch\/wordpress\/die-alp-mit-den-voegeln\/\" \/>\n<meta property=\"og:site_name\" content=\"In der Natur unterwegs\" \/>\n<meta property=\"article:published_time\" content=\"2021-11-13T16:59:09+00:00\" \/>\n<meta property=\"article:modified_time\" content=\"2025-08-24T15:00:46+00:00\" \/>\n<meta property=\"og:image\" content=\"https:\/\/idnu.ch\/wordpress\/wp-content\/uploads\/2021\/11\/villars-20211014-013.jpg\" \/>\n\t<meta property=\"og:image:width\" content=\"1280\" \/>\n\t<meta property=\"og:image:height\" content=\"853\" \/>\n\t<meta property=\"og:image:type\" content=\"image\/jpeg\" \/>\n<meta name=\"author\" content=\"Urs Kyburz\" \/>\n<meta name=\"twitter:card\" content=\"summary_large_image\" \/>\n<meta name=\"twitter:creator\" content=\"@idnu_ch\" \/>\n<meta name=\"twitter:site\" content=\"@idnu_ch\" \/>\n<meta name=\"twitter:label1\" content=\"Verfasst von\" \/>\n\t<meta name=\"twitter:data1\" content=\"Urs Kyburz\" \/>\n\t<meta name=\"twitter:label2\" content=\"Gesch\u00e4tzte Lesezeit\" \/>\n\t<meta name=\"twitter:data2\" content=\"4\u00a0Minuten\" \/>\n<script type=\"application\/ld+json\" class=\"yoast-schema-graph\">{\"@context\":\"https:\\\/\\\/schema.org\",\"@graph\":[{\"@type\":\"Article\",\"@id\":\"https:\\\/\\\/idnu.ch\\\/wordpress\\\/die-alp-mit-den-voegeln\\\/#article\",\"isPartOf\":{\"@id\":\"https:\\\/\\\/idnu.ch\\\/wordpress\\\/die-alp-mit-den-voegeln\\\/\"},\"author\":{\"name\":\"Urs Kyburz\",\"@id\":\"https:\\\/\\\/idnu.ch\\\/wordpress\\\/#\\\/schema\\\/person\\\/1ab8c5de743be7b019272124c19ad351\"},\"headline\":\"Die Alp mit den V\u00f6geln\",\"datePublished\":\"2021-11-13T16:59:09+00:00\",\"dateModified\":\"2025-08-24T15:00:46+00:00\",\"mainEntityOfPage\":{\"@id\":\"https:\\\/\\\/idnu.ch\\\/wordpress\\\/die-alp-mit-den-voegeln\\\/\"},\"wordCount\":800,\"commentCount\":0,\"publisher\":{\"@id\":\"https:\\\/\\\/idnu.ch\\\/wordpress\\\/#\\\/schema\\\/person\\\/1ab8c5de743be7b019272124c19ad351\"},\"image\":{\"@id\":\"https:\\\/\\\/idnu.ch\\\/wordpress\\\/die-alp-mit-den-voegeln\\\/#primaryimage\"},\"thumbnailUrl\":\"https:\\\/\\\/i0.wp.com\\\/idnu.ch\\\/wordpress\\\/wp-content\\\/uploads\\\/2021\\\/11\\\/villars-20211014-013.jpg?fit=1280%2C853&ssl=1\",\"keywords\":[\"Alpenkr\u00e4he\",\"Anzeinde\",\"Beobachten\",\"Chablais\",\"Greifv\u00f6gel\",\"Herbst\",\"Herbstwanderung\",\"Ornithologie\",\"Solalex\",\"Villars-sur-Ollon\",\"V\u00f6gel\",\"Waadtl\u00e4nder Alpen\"],\"articleSection\":[\"Genferseegebiet (Waadt)\",\"Waadtland\",\"Wandern\"],\"inLanguage\":\"de\",\"potentialAction\":[{\"@type\":\"CommentAction\",\"name\":\"Comment\",\"target\":[\"https:\\\/\\\/idnu.ch\\\/wordpress\\\/die-alp-mit-den-voegeln\\\/#respond\"]}]},{\"@type\":\"WebPage\",\"@id\":\"https:\\\/\\\/idnu.ch\\\/wordpress\\\/die-alp-mit-den-voegeln\\\/\",\"url\":\"https:\\\/\\\/idnu.ch\\\/wordpress\\\/die-alp-mit-den-voegeln\\\/\",\"name\":\"Die Alp mit den V\u00f6geln - In der Natur unterwegs\",\"isPartOf\":{\"@id\":\"https:\\\/\\\/idnu.ch\\\/wordpress\\\/#website\"},\"primaryImageOfPage\":{\"@id\":\"https:\\\/\\\/idnu.ch\\\/wordpress\\\/die-alp-mit-den-voegeln\\\/#primaryimage\"},\"image\":{\"@id\":\"https:\\\/\\\/idnu.ch\\\/wordpress\\\/die-alp-mit-den-voegeln\\\/#primaryimage\"},\"thumbnailUrl\":\"https:\\\/\\\/i0.wp.com\\\/idnu.ch\\\/wordpress\\\/wp-content\\\/uploads\\\/2021\\\/11\\\/villars-20211014-013.jpg?fit=1280%2C853&ssl=1\",\"datePublished\":\"2021-11-13T16:59:09+00:00\",\"dateModified\":\"2025-08-24T15:00:46+00:00\",\"description\":\"Anzeinde scheint die Alp mit den V\u00f6geln zu sein. Schon von daher lohnt sich die Wanderung von Solalex aus.\",\"breadcrumb\":{\"@id\":\"https:\\\/\\\/idnu.ch\\\/wordpress\\\/die-alp-mit-den-voegeln\\\/#breadcrumb\"},\"inLanguage\":\"de\",\"potentialAction\":[{\"@type\":\"ReadAction\",\"target\":[\"https:\\\/\\\/idnu.ch\\\/wordpress\\\/die-alp-mit-den-voegeln\\\/\"]}]},{\"@type\":\"ImageObject\",\"inLanguage\":\"de\",\"@id\":\"https:\\\/\\\/idnu.ch\\\/wordpress\\\/die-alp-mit-den-voegeln\\\/#primaryimage\",\"url\":\"https:\\\/\\\/i0.wp.com\\\/idnu.ch\\\/wordpress\\\/wp-content\\\/uploads\\\/2021\\\/11\\\/villars-20211014-013.jpg?fit=1280%2C853&ssl=1\",\"contentUrl\":\"https:\\\/\\\/i0.wp.com\\\/idnu.ch\\\/wordpress\\\/wp-content\\\/uploads\\\/2021\\\/11\\\/villars-20211014-013.jpg?fit=1280%2C853&ssl=1\",\"width\":1280,\"height\":853},{\"@type\":\"BreadcrumbList\",\"@id\":\"https:\\\/\\\/idnu.ch\\\/wordpress\\\/die-alp-mit-den-voegeln\\\/#breadcrumb\",\"itemListElement\":[{\"@type\":\"ListItem\",\"position\":1,\"name\":\"Startseite\",\"item\":\"https:\\\/\\\/idnu.ch\\\/wordpress\\\/\"},{\"@type\":\"ListItem\",\"position\":2,\"name\":\"Die Alp mit den V\u00f6geln\"}]},{\"@type\":\"WebSite\",\"@id\":\"https:\\\/\\\/idnu.ch\\\/wordpress\\\/#website\",\"url\":\"https:\\\/\\\/idnu.ch\\\/wordpress\\\/\",\"name\":\"In der Natur unterwegs\",\"description\":\"Dort, wo es am sch\u00f6nsten ist\",\"publisher\":{\"@id\":\"https:\\\/\\\/idnu.ch\\\/wordpress\\\/#\\\/schema\\\/person\\\/1ab8c5de743be7b019272124c19ad351\"},\"potentialAction\":[{\"@type\":\"SearchAction\",\"target\":{\"@type\":\"EntryPoint\",\"urlTemplate\":\"https:\\\/\\\/idnu.ch\\\/wordpress\\\/?s={search_term_string}\"},\"query-input\":{\"@type\":\"PropertyValueSpecification\",\"valueRequired\":true,\"valueName\":\"search_term_string\"}}],\"inLanguage\":\"de\"},{\"@type\":[\"Person\",\"Organization\"],\"@id\":\"https:\\\/\\\/idnu.ch\\\/wordpress\\\/#\\\/schema\\\/person\\\/1ab8c5de743be7b019272124c19ad351\",\"name\":\"Urs Kyburz\",\"image\":{\"@type\":\"ImageObject\",\"inLanguage\":\"de\",\"@id\":\"https:\\\/\\\/i0.wp.com\\\/idnu.ch\\\/wordpress\\\/wp-content\\\/uploads\\\/2016\\\/02\\\/logo_150x165.gif?fit=3151%2C3456&ssl=1\",\"url\":\"https:\\\/\\\/i0.wp.com\\\/idnu.ch\\\/wordpress\\\/wp-content\\\/uploads\\\/2016\\\/02\\\/logo_150x165.gif?fit=3151%2C3456&ssl=1\",\"contentUrl\":\"https:\\\/\\\/i0.wp.com\\\/idnu.ch\\\/wordpress\\\/wp-content\\\/uploads\\\/2016\\\/02\\\/logo_150x165.gif?fit=3151%2C3456&ssl=1\",\"width\":3151,\"height\":3456,\"caption\":\"Urs Kyburz\"},\"logo\":{\"@id\":\"https:\\\/\\\/i0.wp.com\\\/idnu.ch\\\/wordpress\\\/wp-content\\\/uploads\\\/2016\\\/02\\\/logo_150x165.gif?fit=3151%2C3456&ssl=1\"}}]}<\/script>\n<!-- \/ Yoast SEO plugin. -->","yoast_head_json":{"title":"Die Alp mit den V\u00f6geln - In der Natur unterwegs","description":"Anzeinde scheint die Alp mit den V\u00f6geln zu sein. Schon von daher lohnt sich die Wanderung von Solalex aus.","robots":{"index":"index","follow":"follow","max-snippet":"max-snippet:-1","max-image-preview":"max-image-preview:large","max-video-preview":"max-video-preview:-1"},"canonical":"https:\/\/idnu.ch\/wordpress\/die-alp-mit-den-voegeln\/","og_locale":"de_DE","og_type":"article","og_title":"Die Alp mit den V\u00f6geln - In der Natur unterwegs","og_description":"Anzeinde scheint die Alp mit den V\u00f6geln zu sein. Schon von daher lohnt sich die Wanderung von Solalex aus.","og_url":"https:\/\/idnu.ch\/wordpress\/die-alp-mit-den-voegeln\/","og_site_name":"In der Natur unterwegs","article_published_time":"2021-11-13T16:59:09+00:00","article_modified_time":"2025-08-24T15:00:46+00:00","og_image":[{"width":1280,"height":853,"url":"https:\/\/idnu.ch\/wordpress\/wp-content\/uploads\/2021\/11\/villars-20211014-013.jpg","type":"image\/jpeg"}],"author":"Urs Kyburz","twitter_card":"summary_large_image","twitter_creator":"@idnu_ch","twitter_site":"@idnu_ch","twitter_misc":{"Verfasst von":"Urs Kyburz","Gesch\u00e4tzte Lesezeit":"4\u00a0Minuten"},"schema":{"@context":"https:\/\/schema.org","@graph":[{"@type":"Article","@id":"https:\/\/idnu.ch\/wordpress\/die-alp-mit-den-voegeln\/#article","isPartOf":{"@id":"https:\/\/idnu.ch\/wordpress\/die-alp-mit-den-voegeln\/"},"author":{"name":"Urs Kyburz","@id":"https:\/\/idnu.ch\/wordpress\/#\/schema\/person\/1ab8c5de743be7b019272124c19ad351"},"headline":"Die Alp mit den V\u00f6geln","datePublished":"2021-11-13T16:59:09+00:00","dateModified":"2025-08-24T15:00:46+00:00","mainEntityOfPage":{"@id":"https:\/\/idnu.ch\/wordpress\/die-alp-mit-den-voegeln\/"},"wordCount":800,"commentCount":0,"publisher":{"@id":"https:\/\/idnu.ch\/wordpress\/#\/schema\/person\/1ab8c5de743be7b019272124c19ad351"},"image":{"@id":"https:\/\/idnu.ch\/wordpress\/die-alp-mit-den-voegeln\/#primaryimage"},"thumbnailUrl":"https:\/\/i0.wp.com\/idnu.ch\/wordpress\/wp-content\/uploads\/2021\/11\/villars-20211014-013.jpg?fit=1280%2C853&ssl=1","keywords":["Alpenkr\u00e4he","Anzeinde","Beobachten","Chablais","Greifv\u00f6gel","Herbst","Herbstwanderung","Ornithologie","Solalex","Villars-sur-Ollon","V\u00f6gel","Waadtl\u00e4nder Alpen"],"articleSection":["Genferseegebiet (Waadt)","Waadtland","Wandern"],"inLanguage":"de","potentialAction":[{"@type":"CommentAction","name":"Comment","target":["https:\/\/idnu.ch\/wordpress\/die-alp-mit-den-voegeln\/#respond"]}]},{"@type":"WebPage","@id":"https:\/\/idnu.ch\/wordpress\/die-alp-mit-den-voegeln\/","url":"https:\/\/idnu.ch\/wordpress\/die-alp-mit-den-voegeln\/","name":"Die Alp mit den V\u00f6geln - In der Natur unterwegs","isPartOf":{"@id":"https:\/\/idnu.ch\/wordpress\/#website"},"primaryImageOfPage":{"@id":"https:\/\/idnu.ch\/wordpress\/die-alp-mit-den-voegeln\/#primaryimage"},"image":{"@id":"https:\/\/idnu.ch\/wordpress\/die-alp-mit-den-voegeln\/#primaryimage"},"thumbnailUrl":"https:\/\/i0.wp.com\/idnu.ch\/wordpress\/wp-content\/uploads\/2021\/11\/villars-20211014-013.jpg?fit=1280%2C853&ssl=1","datePublished":"2021-11-13T16:59:09+00:00","dateModified":"2025-08-24T15:00:46+00:00","description":"Anzeinde scheint die Alp mit den V\u00f6geln zu sein. Schon von daher lohnt sich die Wanderung von Solalex aus.","breadcrumb":{"@id":"https:\/\/idnu.ch\/wordpress\/die-alp-mit-den-voegeln\/#breadcrumb"},"inLanguage":"de","potentialAction":[{"@type":"ReadAction","target":["https:\/\/idnu.ch\/wordpress\/die-alp-mit-den-voegeln\/"]}]},{"@type":"ImageObject","inLanguage":"de","@id":"https:\/\/idnu.ch\/wordpress\/die-alp-mit-den-voegeln\/#primaryimage","url":"https:\/\/i0.wp.com\/idnu.ch\/wordpress\/wp-content\/uploads\/2021\/11\/villars-20211014-013.jpg?fit=1280%2C853&ssl=1","contentUrl":"https:\/\/i0.wp.com\/idnu.ch\/wordpress\/wp-content\/uploads\/2021\/11\/villars-20211014-013.jpg?fit=1280%2C853&ssl=1","width":1280,"height":853},{"@type":"BreadcrumbList","@id":"https:\/\/idnu.ch\/wordpress\/die-alp-mit-den-voegeln\/#breadcrumb","itemListElement":[{"@type":"ListItem","position":1,"name":"Startseite","item":"https:\/\/idnu.ch\/wordpress\/"},{"@type":"ListItem","position":2,"name":"Die Alp mit den V\u00f6geln"}]},{"@type":"WebSite","@id":"https:\/\/idnu.ch\/wordpress\/#website","url":"https:\/\/idnu.ch\/wordpress\/","name":"In der Natur unterwegs","description":"Dort, wo es am sch\u00f6nsten ist","publisher":{"@id":"https:\/\/idnu.ch\/wordpress\/#\/schema\/person\/1ab8c5de743be7b019272124c19ad351"},"potentialAction":[{"@type":"SearchAction","target":{"@type":"EntryPoint","urlTemplate":"https:\/\/idnu.ch\/wordpress\/?s={search_term_string}"},"query-input":{"@type":"PropertyValueSpecification","valueRequired":true,"valueName":"search_term_string"}}],"inLanguage":"de"},{"@type":["Person","Organization"],"@id":"https:\/\/idnu.ch\/wordpress\/#\/schema\/person\/1ab8c5de743be7b019272124c19ad351","name":"Urs Kyburz","image":{"@type":"ImageObject","inLanguage":"de","@id":"https:\/\/i0.wp.com\/idnu.ch\/wordpress\/wp-content\/uploads\/2016\/02\/logo_150x165.gif?fit=3151%2C3456&ssl=1","url":"https:\/\/i0.wp.com\/idnu.ch\/wordpress\/wp-content\/uploads\/2016\/02\/logo_150x165.gif?fit=3151%2C3456&ssl=1","contentUrl":"https:\/\/i0.wp.com\/idnu.ch\/wordpress\/wp-content\/uploads\/2016\/02\/logo_150x165.gif?fit=3151%2C3456&ssl=1","width":3151,"height":3456,"caption":"Urs Kyburz"},"logo":{"@id":"https:\/\/i0.wp.com\/idnu.ch\/wordpress\/wp-content\/uploads\/2016\/02\/logo_150x165.gif?fit=3151%2C3456&ssl=1"}}]}},"jetpack_publicize_connections":[],"jetpack_featured_media_url":"https:\/\/i0.wp.com\/idnu.ch\/wordpress\/wp-content\/uploads\/2021\/11\/villars-20211014-013.jpg?fit=1280%2C853&ssl=1","jetpack_sharing_enabled":true,"jetpack_shortlink":"https:\/\/wp.me\/p6MmGG-502","jetpack-related-posts":[{"id":19185,"url":"https:\/\/idnu.ch\/wordpress\/kleiner-gipfel-im-schnee-am-col-de-la-croix\/","url_meta":{"origin":19222,"position":0},"title":"Kleiner Gipfel im Schnee am Col de la Croix","author":"Urs Kyburz","date":"29. Oktober 2021","format":false,"excerpt":"Nach dem Schlechtwettereinbruch tags zuvor waren die Berge weiss gezuckert, auch unser kleiner Gipfel lag im Schnee, die Point d'Arpille am Col de la Croix. Das verlieh dieser kurzen Wanderung eine gewisse Exklusivit\u00e4t und Sch\u00f6nheit. Abgerundet wurde die Sache mit dem Besuch der Gipspyramiden. Kaltstart Der Start auf dem Col\u2026","rel":"","context":"In &quot;Genferseegebiet (Waadt)&quot;","block_context":{"text":"Genferseegebiet (Waadt)","link":"https:\/\/idnu.ch\/wordpress\/category\/tourismusregionen\/genferseegebiet\/"},"img":{"alt_text":"","src":"https:\/\/i0.wp.com\/idnu.ch\/wordpress\/wp-content\/uploads\/2021\/10\/villars-20211007-017.jpg?fit=1200%2C800&ssl=1&resize=350%2C200","width":350,"height":200,"srcset":"https:\/\/i0.wp.com\/idnu.ch\/wordpress\/wp-content\/uploads\/2021\/10\/villars-20211007-017.jpg?fit=1200%2C800&ssl=1&resize=350%2C200 1x, https:\/\/i0.wp.com\/idnu.ch\/wordpress\/wp-content\/uploads\/2021\/10\/villars-20211007-017.jpg?fit=1200%2C800&ssl=1&resize=525%2C300 1.5x, https:\/\/i0.wp.com\/idnu.ch\/wordpress\/wp-content\/uploads\/2021\/10\/villars-20211007-017.jpg?fit=1200%2C800&ssl=1&resize=700%2C400 2x, https:\/\/i0.wp.com\/idnu.ch\/wordpress\/wp-content\/uploads\/2021\/10\/villars-20211007-017.jpg?fit=1200%2C800&ssl=1&resize=1050%2C600 3x"},"classes":[]},{"id":19496,"url":"https:\/\/idnu.ch\/wordpress\/villars-sur-ollon-im-herbst\/","url_meta":{"origin":19222,"position":1},"title":"Villars-sur-Ollon im Herbst","author":"Urs Kyburz","date":"28. November 2021","format":false,"excerpt":"Bei Deutschweizern ist Villars-sur-Ollon nicht gerade auf dem Radar. Eigentlich schade, denn der Skiort in den Waadtl\u00e4nder Alpen ist auch im Herbst einen l\u00e4ngeren Aufenthalt Wert, bietet er doch nebst sch\u00f6nen Wander- und Bikem\u00f6glichkeiten auch viel Natur, selbst im Gewirr der Skianlagen. Zugegeben, wegen dem Ort Villars alleine muss man\u2026","rel":"","context":"In &quot;Destinationen&quot;","block_context":{"text":"Destinationen","link":"https:\/\/idnu.ch\/wordpress\/category\/destinationen\/"},"img":{"alt_text":"","src":"https:\/\/i0.wp.com\/idnu.ch\/wordpress\/wp-content\/uploads\/2021\/10\/villars-20211008-061.jpg?fit=1200%2C800&ssl=1&resize=350%2C200","width":350,"height":200,"srcset":"https:\/\/i0.wp.com\/idnu.ch\/wordpress\/wp-content\/uploads\/2021\/10\/villars-20211008-061.jpg?fit=1200%2C800&ssl=1&resize=350%2C200 1x, https:\/\/i0.wp.com\/idnu.ch\/wordpress\/wp-content\/uploads\/2021\/10\/villars-20211008-061.jpg?fit=1200%2C800&ssl=1&resize=525%2C300 1.5x, https:\/\/i0.wp.com\/idnu.ch\/wordpress\/wp-content\/uploads\/2021\/10\/villars-20211008-061.jpg?fit=1200%2C800&ssl=1&resize=700%2C400 2x, https:\/\/i0.wp.com\/idnu.ch\/wordpress\/wp-content\/uploads\/2021\/10\/villars-20211008-061.jpg?fit=1200%2C800&ssl=1&resize=1050%2C600 3x"},"classes":[]},{"id":19197,"url":"https:\/\/idnu.ch\/wordpress\/durchs-baerenloch\/","url_meta":{"origin":19222,"position":2},"title":"Durchs B\u00e4renloch","author":"Urs Kyburz","date":"3. November 2021","format":false,"excerpt":"Die Wanderung ist auf der offiziellen Seite von Villars Tourismus, aber allzu viel wird dar\u00fcber nicht verraten. Nur, dass sie durch das Trou \u00e0 l'Ours f\u00fchrt, durchs B\u00e4renloch. Das l\u00e4sst uns gwundrig werden, zudem ist das Vall\u00e9e de Nant ein Naturschutzgebiet. Gute Gr\u00fcnde also, unseren Gwunder zu stillen. Kaltstart Das\u2026","rel":"","context":"In &quot;Genferseegebiet (Waadt)&quot;","block_context":{"text":"Genferseegebiet (Waadt)","link":"https:\/\/idnu.ch\/wordpress\/category\/tourismusregionen\/genferseegebiet\/"},"img":{"alt_text":"","src":"https:\/\/i0.wp.com\/idnu.ch\/wordpress\/wp-content\/uploads\/2021\/11\/villars-20211010-038.jpg?fit=1200%2C800&ssl=1&resize=350%2C200","width":350,"height":200,"srcset":"https:\/\/i0.wp.com\/idnu.ch\/wordpress\/wp-content\/uploads\/2021\/11\/villars-20211010-038.jpg?fit=1200%2C800&ssl=1&resize=350%2C200 1x, https:\/\/i0.wp.com\/idnu.ch\/wordpress\/wp-content\/uploads\/2021\/11\/villars-20211010-038.jpg?fit=1200%2C800&ssl=1&resize=525%2C300 1.5x, https:\/\/i0.wp.com\/idnu.ch\/wordpress\/wp-content\/uploads\/2021\/11\/villars-20211010-038.jpg?fit=1200%2C800&ssl=1&resize=700%2C400 2x, https:\/\/i0.wp.com\/idnu.ch\/wordpress\/wp-content\/uploads\/2021\/11\/villars-20211010-038.jpg?fit=1200%2C800&ssl=1&resize=1050%2C600 3x"},"classes":[]},{"id":19189,"url":"https:\/\/idnu.ch\/wordpress\/zwei-gipfel-mit-rueckblick\/","url_meta":{"origin":19222,"position":3},"title":"Zwei Gipfel mit R\u00fcckblick","author":"Urs Kyburz","date":"30. Oktober 2021","format":false,"excerpt":"Eine weitere eher kleine Wanderung auf zwei Gipfel erm\u00f6glichte uns einen R\u00fcckblick auf vergangene Ferien. Wir konnten n\u00e4mlich auf Leysin blicken mit den markanten Tour d'A\u00ef und Tour de Mayen. Auf zum ersten Gipfel Wir nutzen die Gratisbahn zum Col de Bretaye, der Zug ist nicht mehr so voll wie\u2026","rel":"","context":"In &quot;Genferseegebiet (Waadt)&quot;","block_context":{"text":"Genferseegebiet (Waadt)","link":"https:\/\/idnu.ch\/wordpress\/category\/tourismusregionen\/genferseegebiet\/"},"img":{"alt_text":"","src":"https:\/\/i0.wp.com\/idnu.ch\/wordpress\/wp-content\/uploads\/2021\/10\/villars-20211008-033.jpg?fit=1200%2C800&ssl=1&resize=350%2C200","width":350,"height":200,"srcset":"https:\/\/i0.wp.com\/idnu.ch\/wordpress\/wp-content\/uploads\/2021\/10\/villars-20211008-033.jpg?fit=1200%2C800&ssl=1&resize=350%2C200 1x, https:\/\/i0.wp.com\/idnu.ch\/wordpress\/wp-content\/uploads\/2021\/10\/villars-20211008-033.jpg?fit=1200%2C800&ssl=1&resize=525%2C300 1.5x, https:\/\/i0.wp.com\/idnu.ch\/wordpress\/wp-content\/uploads\/2021\/10\/villars-20211008-033.jpg?fit=1200%2C800&ssl=1&resize=700%2C400 2x, https:\/\/i0.wp.com\/idnu.ch\/wordpress\/wp-content\/uploads\/2021\/10\/villars-20211008-033.jpg?fit=1200%2C800&ssl=1&resize=1050%2C600 3x"},"classes":[]},{"id":13248,"url":"https:\/\/idnu.ch\/wordpress\/herbstliches-gepraenge-am-mot-tavrue\/","url_meta":{"origin":19222,"position":4},"title":"Herbstliches Gepr\u00e4nge am Mot Tavr\u00fc","author":"Urs Kyburz","date":"3. November 2019","format":false,"excerpt":"S-charl s\u00fcdlich von Scuol ist Ausgangspunkt f\u00fcr zahlreiche Wanderungen in- und ausserhalb des Schweizerischen Nationalparkes. Wir entschieden uns f\u00fcr herbstliches Gepr\u00e4nge am Mot Tavr\u00fc, ein einfacher Gipfel, der auf der Grenze des Nationalparkes steht. Start der Wanderung ist bei der Schmelzra, dem Bergbau- und B\u00e4renmuseum - was f\u00fcr eine Kombination.\u2026","rel":"","context":"In &quot;Graub\u00fcnden&quot;","block_context":{"text":"Graub\u00fcnden","link":"https:\/\/idnu.ch\/wordpress\/category\/kanton\/graubuenden\/"},"img":{"alt_text":"","src":"https:\/\/i0.wp.com\/idnu.ch\/wordpress\/wp-content\/uploads\/2019\/11\/scuol-20191010-758.jpg?fit=1200%2C800&ssl=1&resize=350%2C200","width":350,"height":200,"srcset":"https:\/\/i0.wp.com\/idnu.ch\/wordpress\/wp-content\/uploads\/2019\/11\/scuol-20191010-758.jpg?fit=1200%2C800&ssl=1&resize=350%2C200 1x, https:\/\/i0.wp.com\/idnu.ch\/wordpress\/wp-content\/uploads\/2019\/11\/scuol-20191010-758.jpg?fit=1200%2C800&ssl=1&resize=525%2C300 1.5x, https:\/\/i0.wp.com\/idnu.ch\/wordpress\/wp-content\/uploads\/2019\/11\/scuol-20191010-758.jpg?fit=1200%2C800&ssl=1&resize=700%2C400 2x, https:\/\/i0.wp.com\/idnu.ch\/wordpress\/wp-content\/uploads\/2019\/11\/scuol-20191010-758.jpg?fit=1200%2C800&ssl=1&resize=1050%2C600 3x"},"classes":[]},{"id":24978,"url":"https:\/\/idnu.ch\/wordpress\/faszinierende-natur-um-leukerbad\/","url_meta":{"origin":19222,"position":5},"title":"Faszinierende Natur um Leukerbad","author":"Urs Kyburz","date":"22. Dezember 2023","format":false,"excerpt":"Die Region bietet nicht nur sportlich etwas, es gibt auch eine faszinierende Natur um Leukerbad, welche wir w\u00e4hrend der zwei Wochen erforscht haben. Eine kleine Auswahl, was wir so entdeckt haben. Im Talboden Beginnen wir im Tal, im Leukerfeld. Dieser Altarm der Rhone ist bekannt f\u00fcr die Bienenfresser, welche aber\u2026","rel":"","context":"In &quot;Naturerlebnis&quot;","block_context":{"text":"Naturerlebnis","link":"https:\/\/idnu.ch\/wordpress\/category\/naturerlebnis\/"},"img":{"alt_text":"Bartgeier","src":"https:\/\/i0.wp.com\/idnu.ch\/wordpress\/wp-content\/uploads\/2023\/12\/leukerbad-20231003-279-Bearbeitet.jpg?fit=1200%2C800&ssl=1&resize=350%2C200","width":350,"height":200,"srcset":"https:\/\/i0.wp.com\/idnu.ch\/wordpress\/wp-content\/uploads\/2023\/12\/leukerbad-20231003-279-Bearbeitet.jpg?fit=1200%2C800&ssl=1&resize=350%2C200 1x, https:\/\/i0.wp.com\/idnu.ch\/wordpress\/wp-content\/uploads\/2023\/12\/leukerbad-20231003-279-Bearbeitet.jpg?fit=1200%2C800&ssl=1&resize=525%2C300 1.5x, https:\/\/i0.wp.com\/idnu.ch\/wordpress\/wp-content\/uploads\/2023\/12\/leukerbad-20231003-279-Bearbeitet.jpg?fit=1200%2C800&ssl=1&resize=700%2C400 2x, https:\/\/i0.wp.com\/idnu.ch\/wordpress\/wp-content\/uploads\/2023\/12\/leukerbad-20231003-279-Bearbeitet.jpg?fit=1200%2C800&ssl=1&resize=1050%2C600 3x"},"classes":[]}],"jetpack_likes_enabled":true,"_links":{"self":[{"href":"https:\/\/idnu.ch\/wordpress\/wp-json\/wp\/v2\/posts\/19222","targetHints":{"allow":["GET"]}}],"collection":[{"href":"https:\/\/idnu.ch\/wordpress\/wp-json\/wp\/v2\/posts"}],"about":[{"href":"https:\/\/idnu.ch\/wordpress\/wp-json\/wp\/v2\/types\/post"}],"author":[{"embeddable":true,"href":"https:\/\/idnu.ch\/wordpress\/wp-json\/wp\/v2\/users\/2"}],"replies":[{"embeddable":true,"href":"https:\/\/idnu.ch\/wordpress\/wp-json\/wp\/v2\/comments?post=19222"}],"version-history":[{"count":18,"href":"https:\/\/idnu.ch\/wordpress\/wp-json\/wp\/v2\/posts\/19222\/revisions"}],"predecessor-version":[{"id":19503,"href":"https:\/\/idnu.ch\/wordpress\/wp-json\/wp\/v2\/posts\/19222\/revisions\/19503"}],"wp:featuredmedia":[{"embeddable":true,"href":"https:\/\/idnu.ch\/wordpress\/wp-json\/wp\/v2\/media\/19469"}],"wp:attachment":[{"href":"https:\/\/idnu.ch\/wordpress\/wp-json\/wp\/v2\/media?parent=19222"}],"wp:term":[{"taxonomy":"category","embeddable":true,"href":"https:\/\/idnu.ch\/wordpress\/wp-json\/wp\/v2\/categories?post=19222"},{"taxonomy":"post_tag","embeddable":true,"href":"https:\/\/idnu.ch\/wordpress\/wp-json\/wp\/v2\/tags?post=19222"}],"curies":[{"name":"wp","href":"https:\/\/api.w.org\/{rel}","templated":true}]}}