{"id":20033,"date":"2022-03-11T18:00:16","date_gmt":"2022-03-11T17:00:16","guid":{"rendered":"https:\/\/idnu.ch\/wordpress\/?p=20033"},"modified":"2022-03-15T08:05:32","modified_gmt":"2022-03-15T07:05:32","slug":"aufs-firsthoereli-im-muotatal","status":"publish","type":"post","link":"https:\/\/idnu.ch\/wordpress\/aufs-firsthoereli-im-muotatal\/","title":{"rendered":"Aufs Firsth\u00f6reli im Muotatal"},"content":{"rendered":"<p><strong>Vor ungef\u00e4hr einem Monat habe ich mir eine neue Skitourenausr\u00fcstung gekauft &#8211; und noch nie ausprobiert. H\u00f6chste Zeit, diese auszuprobieren, wir w\u00e4hlten dazu die Skitour aufs Firsth\u00f6reli im Muotatal. Ein guter Entscheid.<\/strong><\/p>\n<figure id=\"attachment_20045\" aria-describedby=\"caption-attachment-20045\" style=\"width: 1240px\" class=\"wp-caption alignnone\"><a href=\"https:\/\/idnu.ch\/wordpress\/aufs-firsthoereli-im-muotatal\/skitour_firsthoereli-20220306-3\/#main\" rel=\"attachment wp-att-20045\"><img data-recalc-dims=\"1\" loading=\"lazy\" decoding=\"async\" data-attachment-id=\"20045\" data-permalink=\"https:\/\/idnu.ch\/wordpress\/aufs-firsthoereli-im-muotatal\/skitour_firsthoereli-20220306-3\/#main\" data-orig-file=\"https:\/\/i0.wp.com\/idnu.ch\/wordpress\/wp-content\/uploads\/2022\/03\/skitour_firsthoereli-20220306-3.jpg?fit=1240%2C827&amp;ssl=1\" data-orig-size=\"1240,827\" data-comments-opened=\"1\" data-image-meta=\"{&quot;aperture&quot;:&quot;8&quot;,&quot;credit&quot;:&quot;Urs Kyburz&quot;,&quot;camera&quot;:&quot;Canon EOS M50&quot;,&quot;caption&quot;:&quot;&quot;,&quot;created_timestamp&quot;:&quot;1646559435&quot;,&quot;copyright&quot;:&quot;&quot;,&quot;focal_length&quot;:&quot;18&quot;,&quot;iso&quot;:&quot;100&quot;,&quot;shutter_speed&quot;:&quot;0.00125&quot;,&quot;title&quot;:&quot;&quot;,&quot;orientation&quot;:&quot;0&quot;}\" data-image-title=\"Skitour bei bestem Wetter\" data-image-description=\"\" data-image-caption=\"&lt;p&gt;Skitour bei bestem Wetter&lt;\/p&gt;\n\" data-large-file=\"https:\/\/i0.wp.com\/idnu.ch\/wordpress\/wp-content\/uploads\/2022\/03\/skitour_firsthoereli-20220306-3.jpg?fit=750%2C500&amp;ssl=1\" class=\"size-full wp-image-20045\" src=\"https:\/\/i0.wp.com\/idnu.ch\/wordpress\/wp-content\/uploads\/2022\/03\/skitour_firsthoereli-20220306-3.jpg?resize=750%2C500&#038;ssl=1\" alt=\"Skitour bei bestem Wetter\" width=\"750\" height=\"500\" srcset=\"https:\/\/i0.wp.com\/idnu.ch\/wordpress\/wp-content\/uploads\/2022\/03\/skitour_firsthoereli-20220306-3.jpg?w=1240&amp;ssl=1 1240w, https:\/\/i0.wp.com\/idnu.ch\/wordpress\/wp-content\/uploads\/2022\/03\/skitour_firsthoereli-20220306-3.jpg?resize=300%2C200&amp;ssl=1 300w, https:\/\/i0.wp.com\/idnu.ch\/wordpress\/wp-content\/uploads\/2022\/03\/skitour_firsthoereli-20220306-3.jpg?resize=1024%2C683&amp;ssl=1 1024w, https:\/\/i0.wp.com\/idnu.ch\/wordpress\/wp-content\/uploads\/2022\/03\/skitour_firsthoereli-20220306-3.jpg?resize=768%2C512&amp;ssl=1 768w, https:\/\/i0.wp.com\/idnu.ch\/wordpress\/wp-content\/uploads\/2022\/03\/skitour_firsthoereli-20220306-3.jpg?resize=150%2C100&amp;ssl=1 150w\" sizes=\"auto, (max-width: 750px) 100vw, 750px\" \/><\/a><figcaption id=\"caption-attachment-20045\" class=\"wp-caption-text\">Skitour bei bestem Wetter<\/figcaption><\/figure>\n<p>Wir sind nicht die ersten, die sich oberhalb des Restaurants Schwarzenbach im Bisistal bereit machen. Ich ziehe die nagelneuen Felle auf meine nagelneuen Skis auf, derweil ein Paar schneller ist und schon startet, er mit den genau gleichen Skis wie ich. Das erinnert mich daran, dass ich meine noch anschreiben muss. Nach der LVS-Kontrolle starten wir, steigen die Waldstrasse hoch. Es ist noch kalt. Wir steigen Kehre um Kehre hoch, der Weg ist monoton. Auf ungef\u00e4hr 1500 Meter verlassen wir den Wald &#8211; und erreichen damit Urner Boden. Darin sind sie gut, die Urner, sie fressen \u00fcberall \u00fcber den Hag: Urnerboden auf der Glarner Seite des Klausenpasses, Surenen auf der Obwaldner Seite des Surenenpasses, nur bei den grossen P\u00e4ssen haben sie es nicht geschafft.<\/p>\n<div class=\"tiled-gallery type-rectangular tiled-gallery-unresized\" data-original-width=\"750\" data-carousel-extra='{&quot;blog_id&quot;:1,&quot;permalink&quot;:&quot;https:\\\/\\\/idnu.ch\\\/wordpress\\\/aufs-firsthoereli-im-muotatal\\\/&quot;,&quot;likes_blog_id&quot;:100184974}' itemscope itemtype=\"http:\/\/schema.org\/ImageGallery\" > <div class=\"gallery-row\" style=\"width: 750px; height: 251px;\" data-original-width=\"750\" data-original-height=\"251\" > <div class=\"gallery-group images-1\" style=\"width: 375px; height: 251px;\" data-original-width=\"375\" data-original-height=\"251\" > <div class=\"tiled-gallery-item tiled-gallery-item-large\" itemprop=\"associatedMedia\" itemscope itemtype=\"http:\/\/schema.org\/ImageObject\"> <a href=\"https:\/\/idnu.ch\/wordpress\/aufs-firsthoereli-im-muotatal\/skitour_firsthoereli-20220306-1\/#main\" border=\"0\" itemprop=\"url\"> <meta itemprop=\"width\" content=\"371\"> <meta itemprop=\"height\" content=\"247\"> <img decoding=\"async\" class=\"\" data-attachment-id=\"20046\" data-orig-file=\"https:\/\/idnu.ch\/wordpress\/wp-content\/uploads\/2022\/03\/skitour_firsthoereli-20220306-1.jpg\" data-orig-size=\"1240,827\" data-comments-opened=\"1\" data-image-meta=\"{&quot;aperture&quot;:&quot;14&quot;,&quot;credit&quot;:&quot;Urs Kyburz&quot;,&quot;camera&quot;:&quot;Canon EOS M50&quot;,&quot;caption&quot;:&quot;&quot;,&quot;created_timestamp&quot;:&quot;1646555622&quot;,&quot;copyright&quot;:&quot;&quot;,&quot;focal_length&quot;:&quot;100&quot;,&quot;iso&quot;:&quot;125&quot;,&quot;shutter_speed&quot;:&quot;0.00625&quot;,&quot;title&quot;:&quot;&quot;,&quot;orientation&quot;:&quot;0&quot;}\" data-image-title=\"Die Kapelle in Bisisthal\" data-image-description=\"\" data-medium-file=\"https:\/\/i0.wp.com\/idnu.ch\/wordpress\/wp-content\/uploads\/2022\/03\/skitour_firsthoereli-20220306-1.jpg?fit=300%2C200&#038;ssl=1\" data-large-file=\"https:\/\/i0.wp.com\/idnu.ch\/wordpress\/wp-content\/uploads\/2022\/03\/skitour_firsthoereli-20220306-1.jpg?fit=750%2C500&#038;ssl=1\" src=\"https:\/\/i0.wp.com\/idnu.ch\/wordpress\/wp-content\/uploads\/2022\/03\/skitour_firsthoereli-20220306-1.jpg?w=371&#038;h=247&#038;ssl=1\" srcset=\"https:\/\/i0.wp.com\/idnu.ch\/wordpress\/wp-content\/uploads\/2022\/03\/skitour_firsthoereli-20220306-1.jpg?w=1240&amp;ssl=1 1240w, https:\/\/i0.wp.com\/idnu.ch\/wordpress\/wp-content\/uploads\/2022\/03\/skitour_firsthoereli-20220306-1.jpg?resize=300%2C200&amp;ssl=1 300w, https:\/\/i0.wp.com\/idnu.ch\/wordpress\/wp-content\/uploads\/2022\/03\/skitour_firsthoereli-20220306-1.jpg?resize=1024%2C683&amp;ssl=1 1024w, https:\/\/i0.wp.com\/idnu.ch\/wordpress\/wp-content\/uploads\/2022\/03\/skitour_firsthoereli-20220306-1.jpg?resize=768%2C512&amp;ssl=1 768w, https:\/\/i0.wp.com\/idnu.ch\/wordpress\/wp-content\/uploads\/2022\/03\/skitour_firsthoereli-20220306-1.jpg?resize=150%2C100&amp;ssl=1 150w\" width=\"371\" height=\"247\" loading=\"lazy\" data-original-width=\"371\" data-original-height=\"247\" itemprop=\"http:\/\/schema.org\/image\" title=\"Die Kapelle in Bisisthal\" alt=\"Die Kapelle in Bisisthal\" style=\"width: 371px; height: 247px;\" \/> <\/a> <div class=\"tiled-gallery-caption\" itemprop=\"caption description\"> Die Kapelle in Bisisthal <\/div> <\/div> <\/div> <!-- close group --> <div class=\"gallery-group images-1\" style=\"width: 375px; height: 251px;\" data-original-width=\"375\" data-original-height=\"251\" > <div class=\"tiled-gallery-item tiled-gallery-item-large\" itemprop=\"associatedMedia\" itemscope itemtype=\"http:\/\/schema.org\/ImageObject\"> <a href=\"https:\/\/idnu.ch\/wordpress\/aufs-firsthoereli-im-muotatal\/skitour_firsthoereli-20220306-2\/#main\" border=\"0\" itemprop=\"url\"> <meta itemprop=\"width\" content=\"371\"> <meta itemprop=\"height\" content=\"247\"> <img decoding=\"async\" class=\"\" data-attachment-id=\"20047\" data-orig-file=\"https:\/\/idnu.ch\/wordpress\/wp-content\/uploads\/2022\/03\/skitour_firsthoereli-20220306-2.jpg\" data-orig-size=\"1240,827\" data-comments-opened=\"1\" data-image-meta=\"{&quot;aperture&quot;:&quot;14&quot;,&quot;credit&quot;:&quot;Urs Kyburz&quot;,&quot;camera&quot;:&quot;Canon EOS M50&quot;,&quot;caption&quot;:&quot;&quot;,&quot;created_timestamp&quot;:&quot;1646555627&quot;,&quot;copyright&quot;:&quot;&quot;,&quot;focal_length&quot;:&quot;62&quot;,&quot;iso&quot;:&quot;125&quot;,&quot;shutter_speed&quot;:&quot;0.008&quot;,&quot;title&quot;:&quot;&quot;,&quot;orientation&quot;:&quot;0&quot;}\" data-image-title=\"Aufstieg auf der Strasse\" data-image-description=\"\" data-medium-file=\"https:\/\/i0.wp.com\/idnu.ch\/wordpress\/wp-content\/uploads\/2022\/03\/skitour_firsthoereli-20220306-2.jpg?fit=300%2C200&#038;ssl=1\" data-large-file=\"https:\/\/i0.wp.com\/idnu.ch\/wordpress\/wp-content\/uploads\/2022\/03\/skitour_firsthoereli-20220306-2.jpg?fit=750%2C500&#038;ssl=1\" src=\"https:\/\/i0.wp.com\/idnu.ch\/wordpress\/wp-content\/uploads\/2022\/03\/skitour_firsthoereli-20220306-2.jpg?w=371&#038;h=247&#038;ssl=1\" srcset=\"https:\/\/i0.wp.com\/idnu.ch\/wordpress\/wp-content\/uploads\/2022\/03\/skitour_firsthoereli-20220306-2.jpg?w=1240&amp;ssl=1 1240w, https:\/\/i0.wp.com\/idnu.ch\/wordpress\/wp-content\/uploads\/2022\/03\/skitour_firsthoereli-20220306-2.jpg?resize=300%2C200&amp;ssl=1 300w, https:\/\/i0.wp.com\/idnu.ch\/wordpress\/wp-content\/uploads\/2022\/03\/skitour_firsthoereli-20220306-2.jpg?resize=1024%2C683&amp;ssl=1 1024w, https:\/\/i0.wp.com\/idnu.ch\/wordpress\/wp-content\/uploads\/2022\/03\/skitour_firsthoereli-20220306-2.jpg?resize=768%2C512&amp;ssl=1 768w, https:\/\/i0.wp.com\/idnu.ch\/wordpress\/wp-content\/uploads\/2022\/03\/skitour_firsthoereli-20220306-2.jpg?resize=150%2C100&amp;ssl=1 150w\" width=\"371\" height=\"247\" loading=\"lazy\" data-original-width=\"371\" data-original-height=\"247\" itemprop=\"http:\/\/schema.org\/image\" title=\"Aufstieg auf der Strasse\" alt=\"Aufstieg auf der Strasse\" style=\"width: 371px; height: 247px;\" \/> <\/a> <div class=\"tiled-gallery-caption\" itemprop=\"caption description\"> Aufstieg auf der Strasse <\/div> <\/div> <\/div> <!-- close group --> <\/div> <!-- close row --> <\/div>\n<h2>\u00dcber die Alp<\/h2>\n<p>Bei der ersten Alp rasten wir kurz, dann wird es ein erstes Mal steil, so steil, dass wir die Spitzkehre anwenden m\u00fcssen. Bald wird das Gel\u00e4nde wieder flacher, nun sehen wir auch unser Ziel, das noch weit weg scheint. Durch geschickte Routenwahl vermeiden wir ein Auf und Ab. Der Schnee scheint noch gut zu sein auf der Schattenseite, sch\u00f6n pulvrig.<\/p>\n<div class=\"tiled-gallery type-rectangular tiled-gallery-unresized\" data-original-width=\"750\" data-carousel-extra='{&quot;blog_id&quot;:1,&quot;permalink&quot;:&quot;https:\\\/\\\/idnu.ch\\\/wordpress\\\/aufs-firsthoereli-im-muotatal\\\/&quot;,&quot;likes_blog_id&quot;:100184974}' itemscope itemtype=\"http:\/\/schema.org\/ImageGallery\" > <div class=\"gallery-row\" style=\"width: 750px; height: 326px;\" data-original-width=\"750\" data-original-height=\"326\" > <div class=\"gallery-group images-1\" style=\"width: 487px; height: 326px;\" data-original-width=\"487\" data-original-height=\"326\" > <div class=\"tiled-gallery-item tiled-gallery-item-large\" itemprop=\"associatedMedia\" itemscope itemtype=\"http:\/\/schema.org\/ImageObject\"> <a href=\"https:\/\/idnu.ch\/wordpress\/aufs-firsthoereli-im-muotatal\/skitour_firsthoereli-20220306-4\/#main\" border=\"0\" itemprop=\"url\"> <meta itemprop=\"width\" content=\"483\"> <meta itemprop=\"height\" content=\"322\"> <img decoding=\"async\" class=\"\" data-attachment-id=\"20048\" data-orig-file=\"https:\/\/idnu.ch\/wordpress\/wp-content\/uploads\/2022\/03\/skitour_firsthoereli-20220306-4.jpg\" data-orig-size=\"1240,827\" data-comments-opened=\"1\" data-image-meta=\"{&quot;aperture&quot;:&quot;8&quot;,&quot;credit&quot;:&quot;Urs Kyburz&quot;,&quot;camera&quot;:&quot;Canon EOS M50&quot;,&quot;caption&quot;:&quot;&quot;,&quot;created_timestamp&quot;:&quot;1646559445&quot;,&quot;copyright&quot;:&quot;&quot;,&quot;focal_length&quot;:&quot;37&quot;,&quot;iso&quot;:&quot;100&quot;,&quot;shutter_speed&quot;:&quot;0.00125&quot;,&quot;title&quot;:&quot;&quot;,&quot;orientation&quot;:&quot;0&quot;}\" data-image-title=\"Wir haben den Wald hinter uns gelassen\" data-image-description=\"\" data-medium-file=\"https:\/\/i0.wp.com\/idnu.ch\/wordpress\/wp-content\/uploads\/2022\/03\/skitour_firsthoereli-20220306-4.jpg?fit=300%2C200&#038;ssl=1\" data-large-file=\"https:\/\/i0.wp.com\/idnu.ch\/wordpress\/wp-content\/uploads\/2022\/03\/skitour_firsthoereli-20220306-4.jpg?fit=750%2C500&#038;ssl=1\" src=\"https:\/\/i0.wp.com\/idnu.ch\/wordpress\/wp-content\/uploads\/2022\/03\/skitour_firsthoereli-20220306-4.jpg?w=483&#038;h=322&#038;ssl=1\" srcset=\"https:\/\/i0.wp.com\/idnu.ch\/wordpress\/wp-content\/uploads\/2022\/03\/skitour_firsthoereli-20220306-4.jpg?w=1240&amp;ssl=1 1240w, https:\/\/i0.wp.com\/idnu.ch\/wordpress\/wp-content\/uploads\/2022\/03\/skitour_firsthoereli-20220306-4.jpg?resize=300%2C200&amp;ssl=1 300w, https:\/\/i0.wp.com\/idnu.ch\/wordpress\/wp-content\/uploads\/2022\/03\/skitour_firsthoereli-20220306-4.jpg?resize=1024%2C683&amp;ssl=1 1024w, https:\/\/i0.wp.com\/idnu.ch\/wordpress\/wp-content\/uploads\/2022\/03\/skitour_firsthoereli-20220306-4.jpg?resize=768%2C512&amp;ssl=1 768w, https:\/\/i0.wp.com\/idnu.ch\/wordpress\/wp-content\/uploads\/2022\/03\/skitour_firsthoereli-20220306-4.jpg?resize=150%2C100&amp;ssl=1 150w\" width=\"483\" height=\"322\" loading=\"lazy\" data-original-width=\"483\" data-original-height=\"322\" itemprop=\"http:\/\/schema.org\/image\" title=\"Wir haben den Wald hinter uns gelassen\" alt=\"Wir haben den Wald hinter uns gelassen\" style=\"width: 483px; height: 322px;\" \/> <\/a> <div class=\"tiled-gallery-caption\" itemprop=\"caption description\"> Wir haben den Wald hinter uns gelassen <\/div> <\/div> <\/div> <!-- close group --> <div class=\"gallery-group images-2\" style=\"width: 263px; height: 326px;\" data-original-width=\"263\" data-original-height=\"326\" > <div class=\"tiled-gallery-item tiled-gallery-item-large\" itemprop=\"associatedMedia\" itemscope itemtype=\"http:\/\/schema.org\/ImageObject\"> <a href=\"https:\/\/idnu.ch\/wordpress\/aufs-firsthoereli-im-muotatal\/skitour_firsthoereli-20220306-10\/#main\" border=\"0\" itemprop=\"url\"> <meta itemprop=\"width\" content=\"259\"> <meta itemprop=\"height\" content=\"146\"> <img decoding=\"async\" class=\"\" data-attachment-id=\"20049\" data-orig-file=\"https:\/\/idnu.ch\/wordpress\/wp-content\/uploads\/2022\/03\/skitour_firsthoereli-20220306-10.jpg\" data-orig-size=\"1240,698\" data-comments-opened=\"1\" data-image-meta=\"{&quot;aperture&quot;:&quot;8&quot;,&quot;credit&quot;:&quot;Urs Kyburz&quot;,&quot;camera&quot;:&quot;Canon EOS M50&quot;,&quot;caption&quot;:&quot;&quot;,&quot;created_timestamp&quot;:&quot;1646560988&quot;,&quot;copyright&quot;:&quot;&quot;,&quot;focal_length&quot;:&quot;18&quot;,&quot;iso&quot;:&quot;100&quot;,&quot;shutter_speed&quot;:&quot;0.000625&quot;,&quot;title&quot;:&quot;&quot;,&quot;orientation&quot;:&quot;0&quot;}\" data-image-title=\"Le tout grand bleu\" data-image-description=\"\" data-medium-file=\"https:\/\/i0.wp.com\/idnu.ch\/wordpress\/wp-content\/uploads\/2022\/03\/skitour_firsthoereli-20220306-10.jpg?fit=300%2C169&#038;ssl=1\" data-large-file=\"https:\/\/i0.wp.com\/idnu.ch\/wordpress\/wp-content\/uploads\/2022\/03\/skitour_firsthoereli-20220306-10.jpg?fit=750%2C422&#038;ssl=1\" src=\"https:\/\/i0.wp.com\/idnu.ch\/wordpress\/wp-content\/uploads\/2022\/03\/skitour_firsthoereli-20220306-10.jpg?w=259&#038;h=146&#038;ssl=1\" srcset=\"https:\/\/i0.wp.com\/idnu.ch\/wordpress\/wp-content\/uploads\/2022\/03\/skitour_firsthoereli-20220306-10.jpg?w=1240&amp;ssl=1 1240w, https:\/\/i0.wp.com\/idnu.ch\/wordpress\/wp-content\/uploads\/2022\/03\/skitour_firsthoereli-20220306-10.jpg?resize=300%2C169&amp;ssl=1 300w, https:\/\/i0.wp.com\/idnu.ch\/wordpress\/wp-content\/uploads\/2022\/03\/skitour_firsthoereli-20220306-10.jpg?resize=1024%2C576&amp;ssl=1 1024w, https:\/\/i0.wp.com\/idnu.ch\/wordpress\/wp-content\/uploads\/2022\/03\/skitour_firsthoereli-20220306-10.jpg?resize=768%2C432&amp;ssl=1 768w, https:\/\/i0.wp.com\/idnu.ch\/wordpress\/wp-content\/uploads\/2022\/03\/skitour_firsthoereli-20220306-10.jpg?resize=178%2C100&amp;ssl=1 178w\" width=\"259\" height=\"146\" loading=\"lazy\" data-original-width=\"259\" data-original-height=\"146\" itemprop=\"http:\/\/schema.org\/image\" title=\"Le tout grand bleu\" alt=\"Le tout grand bleu\" style=\"width: 259px; height: 146px;\" \/> <\/a> <div class=\"tiled-gallery-caption\" itemprop=\"caption description\"> Le tout grand bleu <\/div> <\/div> <div class=\"tiled-gallery-item tiled-gallery-item-large\" itemprop=\"associatedMedia\" itemscope itemtype=\"http:\/\/schema.org\/ImageObject\"> <a href=\"https:\/\/idnu.ch\/wordpress\/aufs-firsthoereli-im-muotatal\/skitour_firsthoereli-20220306-11\/#main\" border=\"0\" itemprop=\"url\"> <meta itemprop=\"width\" content=\"259\"> <meta itemprop=\"height\" content=\"172\"> <img decoding=\"async\" class=\"\" data-attachment-id=\"20050\" data-orig-file=\"https:\/\/idnu.ch\/wordpress\/wp-content\/uploads\/2022\/03\/skitour_firsthoereli-20220306-11.jpg\" data-orig-size=\"1240,827\" data-comments-opened=\"1\" data-image-meta=\"{&quot;aperture&quot;:&quot;8&quot;,&quot;credit&quot;:&quot;Urs Kyburz&quot;,&quot;camera&quot;:&quot;Canon EOS M50&quot;,&quot;caption&quot;:&quot;&quot;,&quot;created_timestamp&quot;:&quot;1646561233&quot;,&quot;copyright&quot;:&quot;&quot;,&quot;focal_length&quot;:&quot;29&quot;,&quot;iso&quot;:&quot;100&quot;,&quot;shutter_speed&quot;:&quot;0.0008&quot;,&quot;title&quot;:&quot;&quot;,&quot;orientation&quot;:&quot;0&quot;}\" data-image-title=\"Wieder eine Kapelle\" data-image-description=\"\" data-medium-file=\"https:\/\/i0.wp.com\/idnu.ch\/wordpress\/wp-content\/uploads\/2022\/03\/skitour_firsthoereli-20220306-11.jpg?fit=300%2C200&#038;ssl=1\" data-large-file=\"https:\/\/i0.wp.com\/idnu.ch\/wordpress\/wp-content\/uploads\/2022\/03\/skitour_firsthoereli-20220306-11.jpg?fit=750%2C500&#038;ssl=1\" src=\"https:\/\/i0.wp.com\/idnu.ch\/wordpress\/wp-content\/uploads\/2022\/03\/skitour_firsthoereli-20220306-11.jpg?w=259&#038;h=172&#038;ssl=1\" srcset=\"https:\/\/i0.wp.com\/idnu.ch\/wordpress\/wp-content\/uploads\/2022\/03\/skitour_firsthoereli-20220306-11.jpg?w=1240&amp;ssl=1 1240w, https:\/\/i0.wp.com\/idnu.ch\/wordpress\/wp-content\/uploads\/2022\/03\/skitour_firsthoereli-20220306-11.jpg?resize=300%2C200&amp;ssl=1 300w, https:\/\/i0.wp.com\/idnu.ch\/wordpress\/wp-content\/uploads\/2022\/03\/skitour_firsthoereli-20220306-11.jpg?resize=1024%2C683&amp;ssl=1 1024w, https:\/\/i0.wp.com\/idnu.ch\/wordpress\/wp-content\/uploads\/2022\/03\/skitour_firsthoereli-20220306-11.jpg?resize=768%2C512&amp;ssl=1 768w, https:\/\/i0.wp.com\/idnu.ch\/wordpress\/wp-content\/uploads\/2022\/03\/skitour_firsthoereli-20220306-11.jpg?resize=150%2C100&amp;ssl=1 150w\" width=\"259\" height=\"172\" loading=\"lazy\" data-original-width=\"259\" data-original-height=\"172\" itemprop=\"http:\/\/schema.org\/image\" title=\"Wieder eine Kapelle\" alt=\"Wieder eine Kapelle\" style=\"width: 259px; height: 172px;\" \/> <\/a> <div class=\"tiled-gallery-caption\" itemprop=\"caption description\"> Wieder eine Kapelle <\/div> <\/div> <\/div> <!-- close group --> <\/div> <!-- close row --> <div class=\"gallery-row\" style=\"width: 750px; height: 502px;\" data-original-width=\"750\" data-original-height=\"502\" > <div class=\"gallery-group images-1\" style=\"width: 750px; height: 502px;\" data-original-width=\"750\" data-original-height=\"502\" > <div class=\"tiled-gallery-item tiled-gallery-item-large\" itemprop=\"associatedMedia\" itemscope itemtype=\"http:\/\/schema.org\/ImageObject\"> <a href=\"https:\/\/idnu.ch\/wordpress\/aufs-firsthoereli-im-muotatal\/skitour_firsthoereli-20220306-17\/#main\" border=\"0\" itemprop=\"url\"> <meta itemprop=\"width\" content=\"746\"> <meta itemprop=\"height\" content=\"498\"> <img decoding=\"async\" class=\"\" data-attachment-id=\"20051\" data-orig-file=\"https:\/\/idnu.ch\/wordpress\/wp-content\/uploads\/2022\/03\/skitour_firsthoereli-20220306-17.jpg\" data-orig-size=\"1240,827\" data-comments-opened=\"1\" data-image-meta=\"{&quot;aperture&quot;:&quot;8&quot;,&quot;credit&quot;:&quot;Urs Kyburz&quot;,&quot;camera&quot;:&quot;Canon EOS M50&quot;,&quot;caption&quot;:&quot;&quot;,&quot;created_timestamp&quot;:&quot;1646564016&quot;,&quot;copyright&quot;:&quot;&quot;,&quot;focal_length&quot;:&quot;37&quot;,&quot;iso&quot;:&quot;100&quot;,&quot;shutter_speed&quot;:&quot;0.0008&quot;,&quot;title&quot;:&quot;&quot;,&quot;orientation&quot;:&quot;0&quot;}\" data-image-title=\"Fabian hat sich neu ausger\u00fcstet\" data-image-description=\"\" data-medium-file=\"https:\/\/i0.wp.com\/idnu.ch\/wordpress\/wp-content\/uploads\/2022\/03\/skitour_firsthoereli-20220306-17.jpg?fit=300%2C200&#038;ssl=1\" data-large-file=\"https:\/\/i0.wp.com\/idnu.ch\/wordpress\/wp-content\/uploads\/2022\/03\/skitour_firsthoereli-20220306-17.jpg?fit=750%2C500&#038;ssl=1\" src=\"https:\/\/i0.wp.com\/idnu.ch\/wordpress\/wp-content\/uploads\/2022\/03\/skitour_firsthoereli-20220306-17.jpg?w=746&#038;h=498&#038;ssl=1\" srcset=\"https:\/\/i0.wp.com\/idnu.ch\/wordpress\/wp-content\/uploads\/2022\/03\/skitour_firsthoereli-20220306-17.jpg?w=1240&amp;ssl=1 1240w, https:\/\/i0.wp.com\/idnu.ch\/wordpress\/wp-content\/uploads\/2022\/03\/skitour_firsthoereli-20220306-17.jpg?resize=300%2C200&amp;ssl=1 300w, https:\/\/i0.wp.com\/idnu.ch\/wordpress\/wp-content\/uploads\/2022\/03\/skitour_firsthoereli-20220306-17.jpg?resize=1024%2C683&amp;ssl=1 1024w, https:\/\/i0.wp.com\/idnu.ch\/wordpress\/wp-content\/uploads\/2022\/03\/skitour_firsthoereli-20220306-17.jpg?resize=768%2C512&amp;ssl=1 768w, https:\/\/i0.wp.com\/idnu.ch\/wordpress\/wp-content\/uploads\/2022\/03\/skitour_firsthoereli-20220306-17.jpg?resize=150%2C100&amp;ssl=1 150w\" width=\"746\" height=\"498\" loading=\"lazy\" data-original-width=\"746\" data-original-height=\"498\" itemprop=\"http:\/\/schema.org\/image\" title=\"Fabian hat sich neu ausger\u00fcstet\" alt=\"Fabian hat sich neu ausger\u00fcstet\" style=\"width: 746px; height: 498px;\" \/> <\/a> <div class=\"tiled-gallery-caption\" itemprop=\"caption description\"> Fabian hat sich neu ausger\u00fcstet <\/div> <\/div> <\/div> <!-- close group --> <\/div> <!-- close row --> <\/div>\n<h2>Auf dem Firsth\u00f6reli<\/h2>\n<p>Wir steigen hoch auf den Grat, diesem ein St\u00fcck entlang, dann beschliessen Fabian und ich, hier das Skidepot zu machen, ein Weitergehen per Ski scheint sich nicht zu lohnen. Wir steigen die letzten Meter zu Fuss hoch, es ist sch\u00f6n, wieder mal ein verschneites Alpenpanorama zu sehen. Ich kann mich nicht so richtig orientieren, weiss nicht, wie die Berge rundherum heissen. Zu Hause sehe ich sp\u00e4ter jedenfalls, dass wir auf Urner Boden stehen. \u00dcberall sieht man Skispuren, es sind noch viele andere, die die guten Verh\u00e4ltnisse nutzen.<\/p>\n<div class=\"tiled-gallery type-rectangular tiled-gallery-unresized\" data-original-width=\"750\" data-carousel-extra='{&quot;blog_id&quot;:1,&quot;permalink&quot;:&quot;https:\\\/\\\/idnu.ch\\\/wordpress\\\/aufs-firsthoereli-im-muotatal\\\/&quot;,&quot;likes_blog_id&quot;:100184974}' itemscope itemtype=\"http:\/\/schema.org\/ImageGallery\" > <div class=\"gallery-row\" style=\"width: 750px; height: 335px;\" data-original-width=\"750\" data-original-height=\"335\" > <div class=\"gallery-group images-1\" style=\"width: 501px; height: 335px;\" data-original-width=\"501\" data-original-height=\"335\" > <div class=\"tiled-gallery-item tiled-gallery-item-large\" itemprop=\"associatedMedia\" itemscope itemtype=\"http:\/\/schema.org\/ImageObject\"> <a href=\"https:\/\/idnu.ch\/wordpress\/aufs-firsthoereli-im-muotatal\/skitour_firsthoereli-20220306-20\/#main\" border=\"0\" itemprop=\"url\"> <meta itemprop=\"width\" content=\"497\"> <meta itemprop=\"height\" content=\"331\"> <img decoding=\"async\" class=\"\" data-attachment-id=\"20052\" data-orig-file=\"https:\/\/idnu.ch\/wordpress\/wp-content\/uploads\/2022\/03\/skitour_firsthoereli-20220306-20.jpg\" data-orig-size=\"1240,827\" data-comments-opened=\"1\" data-image-meta=\"{&quot;aperture&quot;:&quot;8&quot;,&quot;credit&quot;:&quot;Urs Kyburz&quot;,&quot;camera&quot;:&quot;Canon EOS M50&quot;,&quot;caption&quot;:&quot;&quot;,&quot;created_timestamp&quot;:&quot;1646565005&quot;,&quot;copyright&quot;:&quot;&quot;,&quot;focal_length&quot;:&quot;18&quot;,&quot;iso&quot;:&quot;100&quot;,&quot;shutter_speed&quot;:&quot;0.0008&quot;,&quot;title&quot;:&quot;&quot;,&quot;orientation&quot;:&quot;0&quot;}\" data-image-title=\"\" data-image-description=\"\" data-medium-file=\"https:\/\/i0.wp.com\/idnu.ch\/wordpress\/wp-content\/uploads\/2022\/03\/skitour_firsthoereli-20220306-20.jpg?fit=300%2C200&#038;ssl=1\" data-large-file=\"https:\/\/i0.wp.com\/idnu.ch\/wordpress\/wp-content\/uploads\/2022\/03\/skitour_firsthoereli-20220306-20.jpg?fit=750%2C500&#038;ssl=1\" src=\"https:\/\/i0.wp.com\/idnu.ch\/wordpress\/wp-content\/uploads\/2022\/03\/skitour_firsthoereli-20220306-20.jpg?w=497&#038;h=331&#038;ssl=1\" srcset=\"https:\/\/i0.wp.com\/idnu.ch\/wordpress\/wp-content\/uploads\/2022\/03\/skitour_firsthoereli-20220306-20.jpg?w=1240&amp;ssl=1 1240w, https:\/\/i0.wp.com\/idnu.ch\/wordpress\/wp-content\/uploads\/2022\/03\/skitour_firsthoereli-20220306-20.jpg?resize=300%2C200&amp;ssl=1 300w, https:\/\/i0.wp.com\/idnu.ch\/wordpress\/wp-content\/uploads\/2022\/03\/skitour_firsthoereli-20220306-20.jpg?resize=1024%2C683&amp;ssl=1 1024w, https:\/\/i0.wp.com\/idnu.ch\/wordpress\/wp-content\/uploads\/2022\/03\/skitour_firsthoereli-20220306-20.jpg?resize=768%2C512&amp;ssl=1 768w, https:\/\/i0.wp.com\/idnu.ch\/wordpress\/wp-content\/uploads\/2022\/03\/skitour_firsthoereli-20220306-20.jpg?resize=150%2C100&amp;ssl=1 150w\" width=\"497\" height=\"331\" loading=\"lazy\" data-original-width=\"497\" data-original-height=\"331\" itemprop=\"http:\/\/schema.org\/image\" title=\"\" alt=\"\" style=\"width: 497px; height: 331px;\" \/> <\/a> <\/div> <\/div> <!-- close group --> <div class=\"gallery-group images-2\" style=\"width: 249px; height: 335px;\" data-original-width=\"249\" data-original-height=\"335\" > <div class=\"tiled-gallery-item tiled-gallery-item-small\" itemprop=\"associatedMedia\" itemscope itemtype=\"http:\/\/schema.org\/ImageObject\"> <a href=\"https:\/\/idnu.ch\/wordpress\/aufs-firsthoereli-im-muotatal\/skitour_firsthoereli-20220306-21\/#main\" border=\"0\" itemprop=\"url\"> <meta itemprop=\"width\" content=\"245\"> <meta itemprop=\"height\" content=\"164\"> <img decoding=\"async\" class=\"\" data-attachment-id=\"20053\" data-orig-file=\"https:\/\/idnu.ch\/wordpress\/wp-content\/uploads\/2022\/03\/skitour_firsthoereli-20220306-21.jpg\" data-orig-size=\"1240,827\" data-comments-opened=\"1\" data-image-meta=\"{&quot;aperture&quot;:&quot;8&quot;,&quot;credit&quot;:&quot;Urs Kyburz&quot;,&quot;camera&quot;:&quot;Canon EOS M50&quot;,&quot;caption&quot;:&quot;&quot;,&quot;created_timestamp&quot;:&quot;1646565013&quot;,&quot;copyright&quot;:&quot;&quot;,&quot;focal_length&quot;:&quot;18&quot;,&quot;iso&quot;:&quot;100&quot;,&quot;shutter_speed&quot;:&quot;0.0008&quot;,&quot;title&quot;:&quot;&quot;,&quot;orientation&quot;:&quot;0&quot;}\" data-image-title=\"\" data-image-description=\"\" data-medium-file=\"https:\/\/i0.wp.com\/idnu.ch\/wordpress\/wp-content\/uploads\/2022\/03\/skitour_firsthoereli-20220306-21.jpg?fit=300%2C200&#038;ssl=1\" data-large-file=\"https:\/\/i0.wp.com\/idnu.ch\/wordpress\/wp-content\/uploads\/2022\/03\/skitour_firsthoereli-20220306-21.jpg?fit=750%2C500&#038;ssl=1\" src=\"https:\/\/i0.wp.com\/idnu.ch\/wordpress\/wp-content\/uploads\/2022\/03\/skitour_firsthoereli-20220306-21.jpg?w=245&#038;h=164&#038;ssl=1\" srcset=\"https:\/\/i0.wp.com\/idnu.ch\/wordpress\/wp-content\/uploads\/2022\/03\/skitour_firsthoereli-20220306-21.jpg?w=1240&amp;ssl=1 1240w, https:\/\/i0.wp.com\/idnu.ch\/wordpress\/wp-content\/uploads\/2022\/03\/skitour_firsthoereli-20220306-21.jpg?resize=300%2C200&amp;ssl=1 300w, https:\/\/i0.wp.com\/idnu.ch\/wordpress\/wp-content\/uploads\/2022\/03\/skitour_firsthoereli-20220306-21.jpg?resize=1024%2C683&amp;ssl=1 1024w, https:\/\/i0.wp.com\/idnu.ch\/wordpress\/wp-content\/uploads\/2022\/03\/skitour_firsthoereli-20220306-21.jpg?resize=768%2C512&amp;ssl=1 768w, https:\/\/i0.wp.com\/idnu.ch\/wordpress\/wp-content\/uploads\/2022\/03\/skitour_firsthoereli-20220306-21.jpg?resize=150%2C100&amp;ssl=1 150w\" width=\"245\" height=\"164\" loading=\"lazy\" data-original-width=\"245\" data-original-height=\"164\" itemprop=\"http:\/\/schema.org\/image\" title=\"\" alt=\"\" style=\"width: 245px; height: 164px;\" \/> <\/a> <\/div> <div class=\"tiled-gallery-item tiled-gallery-item-small\" itemprop=\"associatedMedia\" itemscope itemtype=\"http:\/\/schema.org\/ImageObject\"> <a href=\"https:\/\/idnu.ch\/wordpress\/aufs-firsthoereli-im-muotatal\/skitour_firsthoereli-20220306-23\/#main\" border=\"0\" itemprop=\"url\"> <meta itemprop=\"width\" content=\"245\"> <meta itemprop=\"height\" content=\"163\"> <img decoding=\"async\" class=\"\" data-attachment-id=\"20054\" data-orig-file=\"https:\/\/idnu.ch\/wordpress\/wp-content\/uploads\/2022\/03\/skitour_firsthoereli-20220306-23.jpg\" data-orig-size=\"1240,827\" data-comments-opened=\"1\" data-image-meta=\"{&quot;aperture&quot;:&quot;8&quot;,&quot;credit&quot;:&quot;Urs Kyburz&quot;,&quot;camera&quot;:&quot;Canon EOS M50&quot;,&quot;caption&quot;:&quot;&quot;,&quot;created_timestamp&quot;:&quot;1646565038&quot;,&quot;copyright&quot;:&quot;&quot;,&quot;focal_length&quot;:&quot;18&quot;,&quot;iso&quot;:&quot;100&quot;,&quot;shutter_speed&quot;:&quot;0.000625&quot;,&quot;title&quot;:&quot;&quot;,&quot;orientation&quot;:&quot;0&quot;}\" data-image-title=\"\" data-image-description=\"\" data-medium-file=\"https:\/\/i0.wp.com\/idnu.ch\/wordpress\/wp-content\/uploads\/2022\/03\/skitour_firsthoereli-20220306-23.jpg?fit=300%2C200&#038;ssl=1\" data-large-file=\"https:\/\/i0.wp.com\/idnu.ch\/wordpress\/wp-content\/uploads\/2022\/03\/skitour_firsthoereli-20220306-23.jpg?fit=750%2C500&#038;ssl=1\" src=\"https:\/\/i0.wp.com\/idnu.ch\/wordpress\/wp-content\/uploads\/2022\/03\/skitour_firsthoereli-20220306-23.jpg?w=245&#038;h=163&#038;ssl=1\" srcset=\"https:\/\/i0.wp.com\/idnu.ch\/wordpress\/wp-content\/uploads\/2022\/03\/skitour_firsthoereli-20220306-23.jpg?w=1240&amp;ssl=1 1240w, https:\/\/i0.wp.com\/idnu.ch\/wordpress\/wp-content\/uploads\/2022\/03\/skitour_firsthoereli-20220306-23.jpg?resize=300%2C200&amp;ssl=1 300w, https:\/\/i0.wp.com\/idnu.ch\/wordpress\/wp-content\/uploads\/2022\/03\/skitour_firsthoereli-20220306-23.jpg?resize=1024%2C683&amp;ssl=1 1024w, https:\/\/i0.wp.com\/idnu.ch\/wordpress\/wp-content\/uploads\/2022\/03\/skitour_firsthoereli-20220306-23.jpg?resize=768%2C512&amp;ssl=1 768w, https:\/\/i0.wp.com\/idnu.ch\/wordpress\/wp-content\/uploads\/2022\/03\/skitour_firsthoereli-20220306-23.jpg?resize=150%2C100&amp;ssl=1 150w\" width=\"245\" height=\"163\" loading=\"lazy\" data-original-width=\"245\" data-original-height=\"163\" itemprop=\"http:\/\/schema.org\/image\" title=\"\" alt=\"\" style=\"width: 245px; height: 163px;\" \/> <\/a> <\/div> <\/div> <!-- close group --> <\/div> <!-- close row --> <div class=\"gallery-row\" style=\"width: 750px; height: 502px;\" data-original-width=\"750\" data-original-height=\"502\" > <div class=\"gallery-group images-1\" style=\"width: 750px; height: 502px;\" data-original-width=\"750\" data-original-height=\"502\" > <div class=\"tiled-gallery-item tiled-gallery-item-large\" itemprop=\"associatedMedia\" itemscope itemtype=\"http:\/\/schema.org\/ImageObject\"> <a href=\"https:\/\/idnu.ch\/wordpress\/aufs-firsthoereli-im-muotatal\/skitour_firsthoereli-20220306-25\/#main\" border=\"0\" itemprop=\"url\"> <meta itemprop=\"width\" content=\"746\"> <meta itemprop=\"height\" content=\"498\"> <img decoding=\"async\" class=\"\" data-attachment-id=\"20055\" data-orig-file=\"https:\/\/idnu.ch\/wordpress\/wp-content\/uploads\/2022\/03\/skitour_firsthoereli-20220306-25.jpg\" data-orig-size=\"1240,827\" data-comments-opened=\"1\" data-image-meta=\"{&quot;aperture&quot;:&quot;8&quot;,&quot;credit&quot;:&quot;Urs Kyburz&quot;,&quot;camera&quot;:&quot;Canon EOS M50&quot;,&quot;caption&quot;:&quot;&quot;,&quot;created_timestamp&quot;:&quot;1646565073&quot;,&quot;copyright&quot;:&quot;&quot;,&quot;focal_length&quot;:&quot;18&quot;,&quot;iso&quot;:&quot;100&quot;,&quot;shutter_speed&quot;:&quot;0.000625&quot;,&quot;title&quot;:&quot;&quot;,&quot;orientation&quot;:&quot;0&quot;}\" data-image-title=\"\" data-image-description=\"\" data-medium-file=\"https:\/\/i0.wp.com\/idnu.ch\/wordpress\/wp-content\/uploads\/2022\/03\/skitour_firsthoereli-20220306-25.jpg?fit=300%2C200&#038;ssl=1\" data-large-file=\"https:\/\/i0.wp.com\/idnu.ch\/wordpress\/wp-content\/uploads\/2022\/03\/skitour_firsthoereli-20220306-25.jpg?fit=750%2C500&#038;ssl=1\" src=\"https:\/\/i0.wp.com\/idnu.ch\/wordpress\/wp-content\/uploads\/2022\/03\/skitour_firsthoereli-20220306-25.jpg?w=746&#038;h=498&#038;ssl=1\" srcset=\"https:\/\/i0.wp.com\/idnu.ch\/wordpress\/wp-content\/uploads\/2022\/03\/skitour_firsthoereli-20220306-25.jpg?w=1240&amp;ssl=1 1240w, https:\/\/i0.wp.com\/idnu.ch\/wordpress\/wp-content\/uploads\/2022\/03\/skitour_firsthoereli-20220306-25.jpg?resize=300%2C200&amp;ssl=1 300w, https:\/\/i0.wp.com\/idnu.ch\/wordpress\/wp-content\/uploads\/2022\/03\/skitour_firsthoereli-20220306-25.jpg?resize=1024%2C683&amp;ssl=1 1024w, https:\/\/i0.wp.com\/idnu.ch\/wordpress\/wp-content\/uploads\/2022\/03\/skitour_firsthoereli-20220306-25.jpg?resize=768%2C512&amp;ssl=1 768w, https:\/\/i0.wp.com\/idnu.ch\/wordpress\/wp-content\/uploads\/2022\/03\/skitour_firsthoereli-20220306-25.jpg?resize=150%2C100&amp;ssl=1 150w\" width=\"746\" height=\"498\" loading=\"lazy\" data-original-width=\"746\" data-original-height=\"498\" itemprop=\"http:\/\/schema.org\/image\" title=\"\" alt=\"\" style=\"width: 746px; height: 498px;\" \/> <\/a> <\/div> <\/div> <!-- close group --> <\/div> <!-- close row --> <\/div>\n<h2>Auf zur Abfahrt<\/h2>\n<p>Wir machen uns wieder an den Abstieg zum Skidepot, dann suchen wir die beste Linie. Der Mensch ist ganz offensichtlich ein Herdentier, der vorwiegend dort geht, wo andere schon waren, heisst, dass es trotz der vielen Besucher immer noch unverfahrene Stellen hat, was wir nun ausnutzen. Wir ziehen unsere Spuren durch sch\u00f6nen Pulverschnee, bis die Oberschenkel brennen. Nach der Alp ist es nicht mehr so pulvrig, eher verblasen, aber es geht noch zum Fahren. Noch immer steigen Skit\u00fc\u00fcreler auf, w\u00e4hrend wir nun den letzten Teil fahren, denjenigen auf der Strasse im Wald. Das ist dann einfach noch ein Runterkommen, sch\u00f6n ist es nicht. Zum Teil ist die Strasse schon fast eisig, man kann gar nicht bremsen. Wir kommen aber wieder sicher unten an, meine neuen Skis haben sich definitiv bew\u00e4hrt. Und nun fahren wir nach Muotathal und genehmigen uns jetzt einen Kaffee und etwas S\u00fcsses im Caf\u00e9 Schelbert. Mmmmh!<\/p>\n<h2>Info<\/h2>\n<p>Das Firsth\u00f6reli ist eine einfache Skitour, die auch f\u00fcr Anf\u00e4nger geeignet ist.<\/p>\n<p>&nbsp;<\/p>\n<table>\n<tbody>\n<tr>\n<td width=\"150\">Start und Ziel:<\/td>\n<td>Schwarzenbach (Bisistal)<\/td>\n<\/tr>\n<tr>\n<td>Strecke:<\/td>\n<td>Schwarzenbach &#8211; H\u00fcttenboden &#8211; Firsth\u00f6reli retour<\/td>\n<\/tr>\n<tr>\n<td>Distanz:<\/td>\n<td>16 Kilometer<\/td>\n<\/tr>\n<tr>\n<td>H\u00f6henmeter:<\/td>\n<td>1180 Meter<\/td>\n<\/tr>\n<tr>\n<td>Dauer:<\/td>\n<td>5 Stunden<\/td>\n<\/tr>\n<tr>\n<td>Schwierigkeit:<\/td>\n<td>WS<\/td>\n<\/tr>\n<tr>\n<td>Alternative:<\/td>\n<td>Abfahrt ins H\u00fcrital<\/td>\n<\/tr>\n<tr>\n<td>SAC-Tourenportal:<\/td>\n<td><a href=\"https:\/\/www.sac-cas.ch\/de\/huetten-und-touren\/sac-tourenportal\/6243\/ski_tour\/1784\" target=\"_blank\" rel=\"noopener\">Skitour Firsth\u00f6reli<\/a><\/td>\n<\/tr>\n<\/tbody>\n<\/table>\n<p><iframe loading=\"lazy\" style=\"border: 0;\" src=\"https:\/\/map.geo.admin.ch\/embed.html?topic=schneesport&amp;zoom=7&amp;lang=de&amp;bgLayer=voidLayer&amp;layers=ch.swisstopo.pixelkarte-farbe-pk50.noscale,ch.swisstopo.hangneigung-ueber_30,ch.swisstopo-karto.hangneigung,ch.bafu.wrz-jagdbanngebiete_select,ch.bafu.wrz-wildruhezonen_portal,ch.swisstopo-karto.schneeschuhrouten,ch.swisstopo-karto.skitouren,ch.swisstopo.skitourenkarte-50.metadata,ch.bav.haltestellen-oev&amp;layers_visibility=true,false,true,true,true,true,true,false,false&amp;layers_opacity=0.85,0.5,0.2,0.6,0.6,0.8,0.8,1,1&amp;catalogNodes=2352&amp;E=2702881.75&amp;N=1198151.84\" width=\"600\" height=\"450\" frameborder=\"0\"><\/iframe><\/p>\n","protected":false},"excerpt":{"rendered":"<p>Vor ungef\u00e4hr einem Monat habe ich mir eine neue Skitourenausr\u00fcstung gekauft &#8211; und&#8230;<\/p>\n","protected":false},"author":2,"featured_media":20050,"comment_status":"open","ping_status":"open","sticky":false,"template":"","format":"standard","meta":{"_monsterinsights_skip_tracking":false,"_monsterinsights_sitenote_active":false,"_monsterinsights_sitenote_note":"","_monsterinsights_sitenote_category":0,"jetpack_post_was_ever_published":false,"_jetpack_newsletter_access":"","_jetpack_dont_email_post_to_subs":false,"_jetpack_newsletter_tier_id":0,"_jetpack_memberships_contains_paywalled_content":false,"_jetpack_memberships_contains_paid_content":false,"footnotes":"","jetpack_publicize_message":"NEU auf dem Blog: Sktiour aufs Firsth\u00f6reli im Muotatal, die auch f\u00fcr Anf\u00e4nger geeignet ist.","jetpack_publicize_feature_enabled":true,"jetpack_social_post_already_shared":true,"jetpack_social_options":{"image_generator_settings":{"template":"highway","default_image_id":0,"font":"","enabled":false},"version":2}},"categories":[920,167,131,8],"tags":[563,1355,1483,416,1415,697,575],"class_list":["post-20033","post","type-post","status-publish","format-standard","has-post-thumbnail","hentry","category-luzern-vierwaldstaettersee","category-schwyz","category-uri","category-winter","tag-anfaenger","tag-bisistal","tag-firsthoereli","tag-gipfel","tag-gipfeltour","tag-muotathal","tag-skitour"],"geo":{"latitude":46.9272040999999973109879647381603717803955078125,"longitude":8.7907294999999994189465724048204720020294189453125,"description":"Muotathal, Kanton Schwyz, 6436, CH"},"yoast_head":"<!-- This site is optimized with the Yoast SEO plugin v27.4 - https:\/\/yoast.com\/product\/yoast-seo-wordpress\/ -->\n<title>Aufs Firsth\u00f6reli im Muotatal - In der Natur unterwegs<\/title>\n<meta name=\"description\" content=\"Die Skitour aufs Firsth\u00f6reli im Muotatal ist ideal f\u00fcr Anf\u00e4nger mit einer guten Grundkondition: Technisch einfach und nicht so steil.\" \/>\n<meta name=\"robots\" content=\"index, follow, max-snippet:-1, max-image-preview:large, max-video-preview:-1\" \/>\n<link rel=\"canonical\" href=\"https:\/\/idnu.ch\/wordpress\/aufs-firsthoereli-im-muotatal\/\" \/>\n<meta property=\"og:locale\" content=\"de_DE\" \/>\n<meta property=\"og:type\" content=\"article\" \/>\n<meta property=\"og:title\" content=\"Aufs Firsth\u00f6reli im Muotatal - In der Natur unterwegs\" \/>\n<meta property=\"og:description\" content=\"Die Skitour aufs Firsth\u00f6reli im Muotatal ist ideal f\u00fcr Anf\u00e4nger mit einer guten Grundkondition: Technisch einfach und nicht so steil.\" \/>\n<meta property=\"og:url\" content=\"https:\/\/idnu.ch\/wordpress\/aufs-firsthoereli-im-muotatal\/\" \/>\n<meta property=\"og:site_name\" content=\"In der Natur unterwegs\" \/>\n<meta property=\"article:published_time\" content=\"2022-03-11T17:00:16+00:00\" \/>\n<meta property=\"article:modified_time\" content=\"2022-03-15T07:05:32+00:00\" \/>\n<meta property=\"og:image\" content=\"https:\/\/idnu.ch\/wordpress\/wp-content\/uploads\/2022\/03\/skitour_firsthoereli-20220306-11.jpg\" \/>\n\t<meta property=\"og:image:width\" content=\"1240\" \/>\n\t<meta property=\"og:image:height\" content=\"827\" \/>\n\t<meta property=\"og:image:type\" content=\"image\/jpeg\" \/>\n<meta name=\"author\" content=\"Urs Kyburz\" \/>\n<meta name=\"twitter:card\" content=\"summary_large_image\" \/>\n<meta name=\"twitter:creator\" content=\"@idnu_ch\" \/>\n<meta name=\"twitter:site\" content=\"@idnu_ch\" \/>\n<meta name=\"twitter:label1\" content=\"Verfasst von\" \/>\n\t<meta name=\"twitter:data1\" content=\"Urs Kyburz\" \/>\n\t<meta name=\"twitter:label2\" content=\"Gesch\u00e4tzte Lesezeit\" \/>\n\t<meta name=\"twitter:data2\" content=\"4\u00a0Minuten\" \/>\n<script type=\"application\/ld+json\" class=\"yoast-schema-graph\">{\"@context\":\"https:\\\/\\\/schema.org\",\"@graph\":[{\"@type\":\"Article\",\"@id\":\"https:\\\/\\\/idnu.ch\\\/wordpress\\\/aufs-firsthoereli-im-muotatal\\\/#article\",\"isPartOf\":{\"@id\":\"https:\\\/\\\/idnu.ch\\\/wordpress\\\/aufs-firsthoereli-im-muotatal\\\/\"},\"author\":{\"name\":\"Urs Kyburz\",\"@id\":\"https:\\\/\\\/idnu.ch\\\/wordpress\\\/#\\\/schema\\\/person\\\/1ab8c5de743be7b019272124c19ad351\"},\"headline\":\"Aufs Firsth\u00f6reli im Muotatal\",\"datePublished\":\"2022-03-11T17:00:16+00:00\",\"dateModified\":\"2022-03-15T07:05:32+00:00\",\"mainEntityOfPage\":{\"@id\":\"https:\\\/\\\/idnu.ch\\\/wordpress\\\/aufs-firsthoereli-im-muotatal\\\/\"},\"wordCount\":558,\"commentCount\":0,\"publisher\":{\"@id\":\"https:\\\/\\\/idnu.ch\\\/wordpress\\\/#\\\/schema\\\/person\\\/1ab8c5de743be7b019272124c19ad351\"},\"image\":{\"@id\":\"https:\\\/\\\/idnu.ch\\\/wordpress\\\/aufs-firsthoereli-im-muotatal\\\/#primaryimage\"},\"thumbnailUrl\":\"https:\\\/\\\/i0.wp.com\\\/idnu.ch\\\/wordpress\\\/wp-content\\\/uploads\\\/2022\\\/03\\\/skitour_firsthoereli-20220306-11.jpg?fit=1240%2C827&ssl=1\",\"keywords\":[\"Anf\u00e4nger\",\"Bisistal\",\"Firsth\u00f6reli\",\"Gipfel\",\"Gipfeltour\",\"Muotathal\",\"Skitour\"],\"articleSection\":[\"Luzern - Vierwaldst\u00e4ttersee\",\"Schwyz\",\"Uri\",\"Winter\"],\"inLanguage\":\"de\",\"potentialAction\":[{\"@type\":\"CommentAction\",\"name\":\"Comment\",\"target\":[\"https:\\\/\\\/idnu.ch\\\/wordpress\\\/aufs-firsthoereli-im-muotatal\\\/#respond\"]}]},{\"@type\":\"WebPage\",\"@id\":\"https:\\\/\\\/idnu.ch\\\/wordpress\\\/aufs-firsthoereli-im-muotatal\\\/\",\"url\":\"https:\\\/\\\/idnu.ch\\\/wordpress\\\/aufs-firsthoereli-im-muotatal\\\/\",\"name\":\"Aufs Firsth\u00f6reli im Muotatal - In der Natur unterwegs\",\"isPartOf\":{\"@id\":\"https:\\\/\\\/idnu.ch\\\/wordpress\\\/#website\"},\"primaryImageOfPage\":{\"@id\":\"https:\\\/\\\/idnu.ch\\\/wordpress\\\/aufs-firsthoereli-im-muotatal\\\/#primaryimage\"},\"image\":{\"@id\":\"https:\\\/\\\/idnu.ch\\\/wordpress\\\/aufs-firsthoereli-im-muotatal\\\/#primaryimage\"},\"thumbnailUrl\":\"https:\\\/\\\/i0.wp.com\\\/idnu.ch\\\/wordpress\\\/wp-content\\\/uploads\\\/2022\\\/03\\\/skitour_firsthoereli-20220306-11.jpg?fit=1240%2C827&ssl=1\",\"datePublished\":\"2022-03-11T17:00:16+00:00\",\"dateModified\":\"2022-03-15T07:05:32+00:00\",\"description\":\"Die Skitour aufs Firsth\u00f6reli im Muotatal ist ideal f\u00fcr Anf\u00e4nger mit einer guten Grundkondition: Technisch einfach und nicht so steil.\",\"breadcrumb\":{\"@id\":\"https:\\\/\\\/idnu.ch\\\/wordpress\\\/aufs-firsthoereli-im-muotatal\\\/#breadcrumb\"},\"inLanguage\":\"de\",\"potentialAction\":[{\"@type\":\"ReadAction\",\"target\":[\"https:\\\/\\\/idnu.ch\\\/wordpress\\\/aufs-firsthoereli-im-muotatal\\\/\"]}]},{\"@type\":\"ImageObject\",\"inLanguage\":\"de\",\"@id\":\"https:\\\/\\\/idnu.ch\\\/wordpress\\\/aufs-firsthoereli-im-muotatal\\\/#primaryimage\",\"url\":\"https:\\\/\\\/i0.wp.com\\\/idnu.ch\\\/wordpress\\\/wp-content\\\/uploads\\\/2022\\\/03\\\/skitour_firsthoereli-20220306-11.jpg?fit=1240%2C827&ssl=1\",\"contentUrl\":\"https:\\\/\\\/i0.wp.com\\\/idnu.ch\\\/wordpress\\\/wp-content\\\/uploads\\\/2022\\\/03\\\/skitour_firsthoereli-20220306-11.jpg?fit=1240%2C827&ssl=1\",\"width\":1240,\"height\":827,\"caption\":\"Wieder eine Kapelle\"},{\"@type\":\"BreadcrumbList\",\"@id\":\"https:\\\/\\\/idnu.ch\\\/wordpress\\\/aufs-firsthoereli-im-muotatal\\\/#breadcrumb\",\"itemListElement\":[{\"@type\":\"ListItem\",\"position\":1,\"name\":\"Startseite\",\"item\":\"https:\\\/\\\/idnu.ch\\\/wordpress\\\/\"},{\"@type\":\"ListItem\",\"position\":2,\"name\":\"Aufs Firsth\u00f6reli im Muotatal\"}]},{\"@type\":\"WebSite\",\"@id\":\"https:\\\/\\\/idnu.ch\\\/wordpress\\\/#website\",\"url\":\"https:\\\/\\\/idnu.ch\\\/wordpress\\\/\",\"name\":\"In der Natur unterwegs\",\"description\":\"Dort, wo es am sch\u00f6nsten ist\",\"publisher\":{\"@id\":\"https:\\\/\\\/idnu.ch\\\/wordpress\\\/#\\\/schema\\\/person\\\/1ab8c5de743be7b019272124c19ad351\"},\"potentialAction\":[{\"@type\":\"SearchAction\",\"target\":{\"@type\":\"EntryPoint\",\"urlTemplate\":\"https:\\\/\\\/idnu.ch\\\/wordpress\\\/?s={search_term_string}\"},\"query-input\":{\"@type\":\"PropertyValueSpecification\",\"valueRequired\":true,\"valueName\":\"search_term_string\"}}],\"inLanguage\":\"de\"},{\"@type\":[\"Person\",\"Organization\"],\"@id\":\"https:\\\/\\\/idnu.ch\\\/wordpress\\\/#\\\/schema\\\/person\\\/1ab8c5de743be7b019272124c19ad351\",\"name\":\"Urs Kyburz\",\"image\":{\"@type\":\"ImageObject\",\"inLanguage\":\"de\",\"@id\":\"https:\\\/\\\/i0.wp.com\\\/idnu.ch\\\/wordpress\\\/wp-content\\\/uploads\\\/2016\\\/02\\\/logo_150x165.gif?fit=3151%2C3456&ssl=1\",\"url\":\"https:\\\/\\\/i0.wp.com\\\/idnu.ch\\\/wordpress\\\/wp-content\\\/uploads\\\/2016\\\/02\\\/logo_150x165.gif?fit=3151%2C3456&ssl=1\",\"contentUrl\":\"https:\\\/\\\/i0.wp.com\\\/idnu.ch\\\/wordpress\\\/wp-content\\\/uploads\\\/2016\\\/02\\\/logo_150x165.gif?fit=3151%2C3456&ssl=1\",\"width\":3151,\"height\":3456,\"caption\":\"Urs Kyburz\"},\"logo\":{\"@id\":\"https:\\\/\\\/i0.wp.com\\\/idnu.ch\\\/wordpress\\\/wp-content\\\/uploads\\\/2016\\\/02\\\/logo_150x165.gif?fit=3151%2C3456&ssl=1\"}}]}<\/script>\n<!-- \/ Yoast SEO plugin. -->","yoast_head_json":{"title":"Aufs Firsth\u00f6reli im Muotatal - In der Natur unterwegs","description":"Die Skitour aufs Firsth\u00f6reli im Muotatal ist ideal f\u00fcr Anf\u00e4nger mit einer guten Grundkondition: Technisch einfach und nicht so steil.","robots":{"index":"index","follow":"follow","max-snippet":"max-snippet:-1","max-image-preview":"max-image-preview:large","max-video-preview":"max-video-preview:-1"},"canonical":"https:\/\/idnu.ch\/wordpress\/aufs-firsthoereli-im-muotatal\/","og_locale":"de_DE","og_type":"article","og_title":"Aufs Firsth\u00f6reli im Muotatal - In der Natur unterwegs","og_description":"Die Skitour aufs Firsth\u00f6reli im Muotatal ist ideal f\u00fcr Anf\u00e4nger mit einer guten Grundkondition: Technisch einfach und nicht so steil.","og_url":"https:\/\/idnu.ch\/wordpress\/aufs-firsthoereli-im-muotatal\/","og_site_name":"In der Natur unterwegs","article_published_time":"2022-03-11T17:00:16+00:00","article_modified_time":"2022-03-15T07:05:32+00:00","og_image":[{"width":1240,"height":827,"url":"https:\/\/idnu.ch\/wordpress\/wp-content\/uploads\/2022\/03\/skitour_firsthoereli-20220306-11.jpg","type":"image\/jpeg"}],"author":"Urs Kyburz","twitter_card":"summary_large_image","twitter_creator":"@idnu_ch","twitter_site":"@idnu_ch","twitter_misc":{"Verfasst von":"Urs Kyburz","Gesch\u00e4tzte Lesezeit":"4\u00a0Minuten"},"schema":{"@context":"https:\/\/schema.org","@graph":[{"@type":"Article","@id":"https:\/\/idnu.ch\/wordpress\/aufs-firsthoereli-im-muotatal\/#article","isPartOf":{"@id":"https:\/\/idnu.ch\/wordpress\/aufs-firsthoereli-im-muotatal\/"},"author":{"name":"Urs Kyburz","@id":"https:\/\/idnu.ch\/wordpress\/#\/schema\/person\/1ab8c5de743be7b019272124c19ad351"},"headline":"Aufs Firsth\u00f6reli im Muotatal","datePublished":"2022-03-11T17:00:16+00:00","dateModified":"2022-03-15T07:05:32+00:00","mainEntityOfPage":{"@id":"https:\/\/idnu.ch\/wordpress\/aufs-firsthoereli-im-muotatal\/"},"wordCount":558,"commentCount":0,"publisher":{"@id":"https:\/\/idnu.ch\/wordpress\/#\/schema\/person\/1ab8c5de743be7b019272124c19ad351"},"image":{"@id":"https:\/\/idnu.ch\/wordpress\/aufs-firsthoereli-im-muotatal\/#primaryimage"},"thumbnailUrl":"https:\/\/i0.wp.com\/idnu.ch\/wordpress\/wp-content\/uploads\/2022\/03\/skitour_firsthoereli-20220306-11.jpg?fit=1240%2C827&ssl=1","keywords":["Anf\u00e4nger","Bisistal","Firsth\u00f6reli","Gipfel","Gipfeltour","Muotathal","Skitour"],"articleSection":["Luzern - Vierwaldst\u00e4ttersee","Schwyz","Uri","Winter"],"inLanguage":"de","potentialAction":[{"@type":"CommentAction","name":"Comment","target":["https:\/\/idnu.ch\/wordpress\/aufs-firsthoereli-im-muotatal\/#respond"]}]},{"@type":"WebPage","@id":"https:\/\/idnu.ch\/wordpress\/aufs-firsthoereli-im-muotatal\/","url":"https:\/\/idnu.ch\/wordpress\/aufs-firsthoereli-im-muotatal\/","name":"Aufs Firsth\u00f6reli im Muotatal - In der Natur unterwegs","isPartOf":{"@id":"https:\/\/idnu.ch\/wordpress\/#website"},"primaryImageOfPage":{"@id":"https:\/\/idnu.ch\/wordpress\/aufs-firsthoereli-im-muotatal\/#primaryimage"},"image":{"@id":"https:\/\/idnu.ch\/wordpress\/aufs-firsthoereli-im-muotatal\/#primaryimage"},"thumbnailUrl":"https:\/\/i0.wp.com\/idnu.ch\/wordpress\/wp-content\/uploads\/2022\/03\/skitour_firsthoereli-20220306-11.jpg?fit=1240%2C827&ssl=1","datePublished":"2022-03-11T17:00:16+00:00","dateModified":"2022-03-15T07:05:32+00:00","description":"Die Skitour aufs Firsth\u00f6reli im Muotatal ist ideal f\u00fcr Anf\u00e4nger mit einer guten Grundkondition: Technisch einfach und nicht so steil.","breadcrumb":{"@id":"https:\/\/idnu.ch\/wordpress\/aufs-firsthoereli-im-muotatal\/#breadcrumb"},"inLanguage":"de","potentialAction":[{"@type":"ReadAction","target":["https:\/\/idnu.ch\/wordpress\/aufs-firsthoereli-im-muotatal\/"]}]},{"@type":"ImageObject","inLanguage":"de","@id":"https:\/\/idnu.ch\/wordpress\/aufs-firsthoereli-im-muotatal\/#primaryimage","url":"https:\/\/i0.wp.com\/idnu.ch\/wordpress\/wp-content\/uploads\/2022\/03\/skitour_firsthoereli-20220306-11.jpg?fit=1240%2C827&ssl=1","contentUrl":"https:\/\/i0.wp.com\/idnu.ch\/wordpress\/wp-content\/uploads\/2022\/03\/skitour_firsthoereli-20220306-11.jpg?fit=1240%2C827&ssl=1","width":1240,"height":827,"caption":"Wieder eine Kapelle"},{"@type":"BreadcrumbList","@id":"https:\/\/idnu.ch\/wordpress\/aufs-firsthoereli-im-muotatal\/#breadcrumb","itemListElement":[{"@type":"ListItem","position":1,"name":"Startseite","item":"https:\/\/idnu.ch\/wordpress\/"},{"@type":"ListItem","position":2,"name":"Aufs Firsth\u00f6reli im Muotatal"}]},{"@type":"WebSite","@id":"https:\/\/idnu.ch\/wordpress\/#website","url":"https:\/\/idnu.ch\/wordpress\/","name":"In der Natur unterwegs","description":"Dort, wo es am sch\u00f6nsten ist","publisher":{"@id":"https:\/\/idnu.ch\/wordpress\/#\/schema\/person\/1ab8c5de743be7b019272124c19ad351"},"potentialAction":[{"@type":"SearchAction","target":{"@type":"EntryPoint","urlTemplate":"https:\/\/idnu.ch\/wordpress\/?s={search_term_string}"},"query-input":{"@type":"PropertyValueSpecification","valueRequired":true,"valueName":"search_term_string"}}],"inLanguage":"de"},{"@type":["Person","Organization"],"@id":"https:\/\/idnu.ch\/wordpress\/#\/schema\/person\/1ab8c5de743be7b019272124c19ad351","name":"Urs Kyburz","image":{"@type":"ImageObject","inLanguage":"de","@id":"https:\/\/i0.wp.com\/idnu.ch\/wordpress\/wp-content\/uploads\/2016\/02\/logo_150x165.gif?fit=3151%2C3456&ssl=1","url":"https:\/\/i0.wp.com\/idnu.ch\/wordpress\/wp-content\/uploads\/2016\/02\/logo_150x165.gif?fit=3151%2C3456&ssl=1","contentUrl":"https:\/\/i0.wp.com\/idnu.ch\/wordpress\/wp-content\/uploads\/2016\/02\/logo_150x165.gif?fit=3151%2C3456&ssl=1","width":3151,"height":3456,"caption":"Urs Kyburz"},"logo":{"@id":"https:\/\/i0.wp.com\/idnu.ch\/wordpress\/wp-content\/uploads\/2016\/02\/logo_150x165.gif?fit=3151%2C3456&ssl=1"}}]}},"jetpack_publicize_connections":[],"jetpack_featured_media_url":"https:\/\/i0.wp.com\/idnu.ch\/wordpress\/wp-content\/uploads\/2022\/03\/skitour_firsthoereli-20220306-11.jpg?fit=1240%2C827&ssl=1","jetpack_sharing_enabled":true,"jetpack_shortlink":"https:\/\/wp.me\/p6MmGG-5d7","jetpack-related-posts":[{"id":11668,"url":"https:\/\/idnu.ch\/wordpress\/ein-pulvertraum-am-garmil\/","url_meta":{"origin":20033,"position":0},"title":"Ein Pulvertraum am Garmil","author":"Urs Kyburz","date":"1. Februar 2019","format":false,"excerpt":"Der Garmil ist ein unscheinbarer Berg s\u00fcdlich von Mels im Sarganserland, bietet aber eine grossartige Aussicht auf das B\u00fcndner und das St. Galler Rheintal. Die Skitour ist ideal mit Kindern und Anf\u00e4ngern, besonders, wenn man einen Pulvertraum vorfindet wie wir. Aufstieg auf der Waldstrasse Das Wetter ist nicht mehr so\u2026","rel":"","context":"In &quot;Ostschweiz\/Liechtenstein&quot;","block_context":{"text":"Ostschweiz\/Liechtenstein","link":"https:\/\/idnu.ch\/wordpress\/category\/tourismusregionen\/ostschweiz-liechtenstein\/"},"img":{"alt_text":"Wir sind nicht die Ersten","src":"https:\/\/i0.wp.com\/idnu.ch\/wordpress\/wp-content\/uploads\/2019\/02\/garmil_20190130_0044.jpg?fit=1200%2C800&ssl=1&resize=350%2C200","width":350,"height":200,"srcset":"https:\/\/i0.wp.com\/idnu.ch\/wordpress\/wp-content\/uploads\/2019\/02\/garmil_20190130_0044.jpg?fit=1200%2C800&ssl=1&resize=350%2C200 1x, https:\/\/i0.wp.com\/idnu.ch\/wordpress\/wp-content\/uploads\/2019\/02\/garmil_20190130_0044.jpg?fit=1200%2C800&ssl=1&resize=525%2C300 1.5x, https:\/\/i0.wp.com\/idnu.ch\/wordpress\/wp-content\/uploads\/2019\/02\/garmil_20190130_0044.jpg?fit=1200%2C800&ssl=1&resize=700%2C400 2x, https:\/\/i0.wp.com\/idnu.ch\/wordpress\/wp-content\/uploads\/2019\/02\/garmil_20190130_0044.jpg?fit=1200%2C800&ssl=1&resize=1050%2C600 3x"},"classes":[]},{"id":214,"url":"https:\/\/idnu.ch\/wordpress\/ein-kinderspiel-skitour-rickhubel\/","url_meta":{"origin":20033,"position":1},"title":"Ein Kinderspiel: Skitour Rickhubel","author":"Urs Kyburz","date":"24. Februar 2013","format":false,"excerpt":"Wir hatten schon verschiedene Ausfl\u00fcge auf Tourenskis unternommen mit den Kindern, aber nur kurze Strecken. Nun brannten sie darauf, mal eine richtige Tour mit einem richtigen Gipfel zu machen. So viel Tatendrang sollte man nat\u00fcrlich nicht abw\u00fcrgen. Ich suchte mir eine Tour aus, die ich den Kindern zumuten konnte und\u2026","rel":"","context":"In &quot;Luzern - Vierwaldst\u00e4ttersee&quot;","block_context":{"text":"Luzern - Vierwaldst\u00e4ttersee","link":"https:\/\/idnu.ch\/wordpress\/category\/tourismusregionen\/luzern-vierwaldstaettersee\/"},"img":{"alt_text":"Rickhubel","src":"https:\/\/i0.wp.com\/idnu.ch\/wordpress\/wp-content\/uploads\/2013\/02\/IMG_2091.jpg?fit=800%2C533&ssl=1&resize=350%2C200","width":350,"height":200,"srcset":"https:\/\/i0.wp.com\/idnu.ch\/wordpress\/wp-content\/uploads\/2013\/02\/IMG_2091.jpg?fit=800%2C533&ssl=1&resize=350%2C200 1x, https:\/\/i0.wp.com\/idnu.ch\/wordpress\/wp-content\/uploads\/2013\/02\/IMG_2091.jpg?fit=800%2C533&ssl=1&resize=525%2C300 1.5x, https:\/\/i0.wp.com\/idnu.ch\/wordpress\/wp-content\/uploads\/2013\/02\/IMG_2091.jpg?fit=800%2C533&ssl=1&resize=700%2C400 2x"},"classes":[]},{"id":25202,"url":"https:\/\/idnu.ch\/wordpress\/baerzliskitour-auf-den-rickhubel\/","url_meta":{"origin":20033,"position":2},"title":"B\u00e4rzeliskitour auf den Rickhubel","author":"Urs Kyburz","date":"2. Januar 2024","format":false,"excerpt":"Die B\u00e4rzeliskitour* auf den Rickhubel mit dem SAC Homberg fand en famille statt: Meine Familie und der Schwager als Tourenleiter. Vor elf Jahren unternahmen wir hier die erste richtige Skitour mit den Kindern. Was sich seither ge\u00e4ndert hat. Vor elf Jahren starteten wir mit einer anderen Familie bei sch\u00f6nem Wetter\u2026","rel":"","context":"In &quot;Luzern - Vierwaldst\u00e4ttersee&quot;","block_context":{"text":"Luzern - Vierwaldst\u00e4ttersee","link":"https:\/\/idnu.ch\/wordpress\/category\/tourismusregionen\/luzern-vierwaldstaettersee\/"},"img":{"alt_text":"person f\u00e4hrt ski","src":"https:\/\/i0.wp.com\/idnu.ch\/wordpress\/wp-content\/uploads\/2024\/01\/st_rickhubel-20240102-32-Bearbeitet.jpg?fit=1200%2C800&ssl=1&resize=350%2C200","width":350,"height":200,"srcset":"https:\/\/i0.wp.com\/idnu.ch\/wordpress\/wp-content\/uploads\/2024\/01\/st_rickhubel-20240102-32-Bearbeitet.jpg?fit=1200%2C800&ssl=1&resize=350%2C200 1x, https:\/\/i0.wp.com\/idnu.ch\/wordpress\/wp-content\/uploads\/2024\/01\/st_rickhubel-20240102-32-Bearbeitet.jpg?fit=1200%2C800&ssl=1&resize=525%2C300 1.5x, https:\/\/i0.wp.com\/idnu.ch\/wordpress\/wp-content\/uploads\/2024\/01\/st_rickhubel-20240102-32-Bearbeitet.jpg?fit=1200%2C800&ssl=1&resize=700%2C400 2x, https:\/\/i0.wp.com\/idnu.ch\/wordpress\/wp-content\/uploads\/2024\/01\/st_rickhubel-20240102-32-Bearbeitet.jpg?fit=1200%2C800&ssl=1&resize=1050%2C600 3x"},"classes":[]},{"id":109,"url":"https:\/\/idnu.ch\/wordpress\/skitouren-um-disentis\/","url_meta":{"origin":20033,"position":3},"title":"Skitouren um Disentis","author":"Urs Kyburz","date":"12. April 2015","format":false,"excerpt":"\u00dcber Ostern vier Tage Skitouren im Medelser Gebiet am Lukmanier mit dem SAC Homberg! Das w\u00e4re toll gewesen. Das Wetter und die Lawinensituation sorgten daf\u00fcr, dass es ganz anders kam. Aber nicht minder sch\u00f6n auf den Skitouren um Disentis. Wir reisten bereits am Donnerstagabend an mit dem Zug und quartierten\u2026","rel":"","context":"In &quot;Graub\u00fcnden&quot;","block_context":{"text":"Graub\u00fcnden","link":"https:\/\/idnu.ch\/wordpress\/category\/kanton\/graubuenden\/"},"img":{"alt_text":"Auf dem Weg zum Piz Pazzola","src":"https:\/\/i0.wp.com\/idnu.ch\/wordpress\/wp-content\/uploads\/2015\/04\/disentis_0027.jpg?fit=1024%2C768&ssl=1&resize=350%2C200","width":350,"height":200,"srcset":"https:\/\/i0.wp.com\/idnu.ch\/wordpress\/wp-content\/uploads\/2015\/04\/disentis_0027.jpg?fit=1024%2C768&ssl=1&resize=350%2C200 1x, https:\/\/i0.wp.com\/idnu.ch\/wordpress\/wp-content\/uploads\/2015\/04\/disentis_0027.jpg?fit=1024%2C768&ssl=1&resize=525%2C300 1.5x, https:\/\/i0.wp.com\/idnu.ch\/wordpress\/wp-content\/uploads\/2015\/04\/disentis_0027.jpg?fit=1024%2C768&ssl=1&resize=700%2C400 2x"},"classes":[]},{"id":7269,"url":"https:\/\/idnu.ch\/wordpress\/kinderskitour-rueckenegg-das-video\/","url_meta":{"origin":20033,"position":4},"title":"Kinderskitour R\u00fcckenegg &#8211; das Video","author":"Urs Kyburz","date":"1. M\u00e4rz 2017","format":"video","excerpt":"Was das Sch\u00f6ne an Skitouren ist? Das hier (nebst vielem anderem): Abfahrt auf der Kinderskitour zur R\u00fcckenegg. Silvan voraus, die Mutter hinterher.","rel":"","context":"In &quot;Luzern - Vierwaldst\u00e4ttersee&quot;","block_context":{"text":"Luzern - Vierwaldst\u00e4ttersee","link":"https:\/\/idnu.ch\/wordpress\/category\/tourismusregionen\/luzern-vierwaldstaettersee\/"},"img":{"alt_text":"","src":"https:\/\/i0.wp.com\/idnu.ch\/wordpress\/wp-content\/uploads\/2017\/02\/rueckenegg-39.jpg?fit=1200%2C800&ssl=1&resize=350%2C200","width":350,"height":200,"srcset":"https:\/\/i0.wp.com\/idnu.ch\/wordpress\/wp-content\/uploads\/2017\/02\/rueckenegg-39.jpg?fit=1200%2C800&ssl=1&resize=350%2C200 1x, https:\/\/i0.wp.com\/idnu.ch\/wordpress\/wp-content\/uploads\/2017\/02\/rueckenegg-39.jpg?fit=1200%2C800&ssl=1&resize=525%2C300 1.5x, https:\/\/i0.wp.com\/idnu.ch\/wordpress\/wp-content\/uploads\/2017\/02\/rueckenegg-39.jpg?fit=1200%2C800&ssl=1&resize=700%2C400 2x, https:\/\/i0.wp.com\/idnu.ch\/wordpress\/wp-content\/uploads\/2017\/02\/rueckenegg-39.jpg?fit=1200%2C800&ssl=1&resize=1050%2C600 3x"},"classes":[]},{"id":98,"url":"https:\/\/idnu.ch\/wordpress\/eine-sommerskitour-auf-der-goescheneralp\/","url_meta":{"origin":20033,"position":5},"title":"Eine Sommerskitour auf der G\u00f6scheneralp","author":"Urs Kyburz","date":"7. Juni 2015","format":false,"excerpt":"Wie jedes Jahr fand auch dieses Jahr die Endskitour des SAC Homberg statt. Wegen der gesperrten Sch\u00f6llenen war unser Ziel der Blaubergstock anstelle des Kleinen Furkahornes. Kein ber\u00fchmter Name, aber deswegen machen wir um diese Jahreszeit auch keine Skitouren, sondern weil es jedes Mal ein spezielles Erlebnis ist: Um drei\u2026","rel":"","context":"In &quot;Luzern - Vierwaldst\u00e4ttersee&quot;","block_context":{"text":"Luzern - Vierwaldst\u00e4ttersee","link":"https:\/\/idnu.ch\/wordpress\/category\/tourismusregionen\/luzern-vierwaldstaettersee\/"},"img":{"alt_text":"","src":"https:\/\/i0.wp.com\/idnu.ch\/wordpress\/wp-content\/uploads\/2015\/06\/blaubergstock_0013.jpg?fit=1024%2C768&ssl=1&resize=350%2C200","width":350,"height":200,"srcset":"https:\/\/i0.wp.com\/idnu.ch\/wordpress\/wp-content\/uploads\/2015\/06\/blaubergstock_0013.jpg?fit=1024%2C768&ssl=1&resize=350%2C200 1x, https:\/\/i0.wp.com\/idnu.ch\/wordpress\/wp-content\/uploads\/2015\/06\/blaubergstock_0013.jpg?fit=1024%2C768&ssl=1&resize=525%2C300 1.5x, https:\/\/i0.wp.com\/idnu.ch\/wordpress\/wp-content\/uploads\/2015\/06\/blaubergstock_0013.jpg?fit=1024%2C768&ssl=1&resize=700%2C400 2x"},"classes":[]}],"jetpack_likes_enabled":true,"_links":{"self":[{"href":"https:\/\/idnu.ch\/wordpress\/wp-json\/wp\/v2\/posts\/20033","targetHints":{"allow":["GET"]}}],"collection":[{"href":"https:\/\/idnu.ch\/wordpress\/wp-json\/wp\/v2\/posts"}],"about":[{"href":"https:\/\/idnu.ch\/wordpress\/wp-json\/wp\/v2\/types\/post"}],"author":[{"embeddable":true,"href":"https:\/\/idnu.ch\/wordpress\/wp-json\/wp\/v2\/users\/2"}],"replies":[{"embeddable":true,"href":"https:\/\/idnu.ch\/wordpress\/wp-json\/wp\/v2\/comments?post=20033"}],"version-history":[{"count":8,"href":"https:\/\/idnu.ch\/wordpress\/wp-json\/wp\/v2\/posts\/20033\/revisions"}],"predecessor-version":[{"id":20071,"href":"https:\/\/idnu.ch\/wordpress\/wp-json\/wp\/v2\/posts\/20033\/revisions\/20071"}],"wp:featuredmedia":[{"embeddable":true,"href":"https:\/\/idnu.ch\/wordpress\/wp-json\/wp\/v2\/media\/20050"}],"wp:attachment":[{"href":"https:\/\/idnu.ch\/wordpress\/wp-json\/wp\/v2\/media?parent=20033"}],"wp:term":[{"taxonomy":"category","embeddable":true,"href":"https:\/\/idnu.ch\/wordpress\/wp-json\/wp\/v2\/categories?post=20033"},{"taxonomy":"post_tag","embeddable":true,"href":"https:\/\/idnu.ch\/wordpress\/wp-json\/wp\/v2\/tags?post=20033"}],"curies":[{"name":"wp","href":"https:\/\/api.w.org\/{rel}","templated":true}]}}