{"id":209,"date":"2013-04-29T16:37:00","date_gmt":"2013-04-29T14:37:00","guid":{"rendered":"http:\/\/idnu.ch\/wordpress\/tourentipp-blueschtfahrt-im-zugerland\/"},"modified":"2024-02-09T05:40:27","modified_gmt":"2024-02-09T04:40:27","slug":"tourentipp-blueschtfahrt-im-zugerland","status":"publish","type":"post","link":"https:\/\/idnu.ch\/wordpress\/tourentipp-blueschtfahrt-im-zugerland\/","title":{"rendered":"Blueschtfahrt im Zugerland"},"content":{"rendered":"<p><strong>Zug hat mehr zu bieten als niedrige Steuern, Rohstoffh\u00e4ndler und Briefkastenfirmen: Zum Beispiel eine sch\u00f6ne Altstadt, eine sch\u00f6ne Aussicht vom Zugerberg und viel Natur. Dies sind nur drei von vielen Gr\u00fcnden f\u00fcr einen Ausflug in die Zentralschweiz. Ein ganz gewichtiger ist jetzt gerade auch die Bluescht (Bl\u00fctezeit) der Kirschb\u00e4ume. Freu dich auf eine Blueschtfahrt im Zugerland.<\/strong><\/p>\n<figure id=\"attachment_4718\" aria-describedby=\"caption-attachment-4718\" style=\"width: 1400px\" class=\"wp-caption aligncenter\"><img data-recalc-dims=\"1\" loading=\"lazy\" decoding=\"async\" data-attachment-id=\"4718\" data-permalink=\"https:\/\/idnu.ch\/wordpress\/tourentipp-blueschtfahrt-im-zugerland\/zugerberg_0001\/#main\" data-orig-file=\"https:\/\/i0.wp.com\/idnu.ch\/wordpress\/wp-content\/uploads\/2016\/06\/zugerberg_0001.jpg?fit=1400%2C933&amp;ssl=1\" data-orig-size=\"1400,933\" data-comments-opened=\"1\" data-image-meta=\"{&quot;aperture&quot;:&quot;0&quot;,&quot;credit&quot;:&quot;&quot;,&quot;camera&quot;:&quot;&quot;,&quot;caption&quot;:&quot;&quot;,&quot;created_timestamp&quot;:&quot;0&quot;,&quot;copyright&quot;:&quot;&quot;,&quot;focal_length&quot;:&quot;0&quot;,&quot;iso&quot;:&quot;0&quot;,&quot;shutter_speed&quot;:&quot;0&quot;,&quot;title&quot;:&quot;&quot;,&quot;orientation&quot;:&quot;0&quot;}\" data-image-title=\"Altstadt von Zug\" data-image-description=\"\" data-image-caption=\"&lt;p&gt;Altstadt von Zug&lt;\/p&gt;\n\" data-large-file=\"https:\/\/i0.wp.com\/idnu.ch\/wordpress\/wp-content\/uploads\/2016\/06\/zugerberg_0001.jpg?fit=750%2C500&amp;ssl=1\" class=\"size-full wp-image-4718\" src=\"https:\/\/i0.wp.com\/idnu.ch\/wordpress\/wp-content\/uploads\/2016\/06\/zugerberg_0001.jpg?resize=750%2C500&#038;ssl=1\" alt=\"Altstadt von Zug\" width=\"750\" height=\"500\" srcset=\"https:\/\/i0.wp.com\/idnu.ch\/wordpress\/wp-content\/uploads\/2016\/06\/zugerberg_0001.jpg?w=1400&amp;ssl=1 1400w, https:\/\/i0.wp.com\/idnu.ch\/wordpress\/wp-content\/uploads\/2016\/06\/zugerberg_0001.jpg?resize=300%2C200&amp;ssl=1 300w, https:\/\/i0.wp.com\/idnu.ch\/wordpress\/wp-content\/uploads\/2016\/06\/zugerberg_0001.jpg?resize=768%2C512&amp;ssl=1 768w, https:\/\/i0.wp.com\/idnu.ch\/wordpress\/wp-content\/uploads\/2016\/06\/zugerberg_0001.jpg?resize=1024%2C682&amp;ssl=1 1024w, https:\/\/i0.wp.com\/idnu.ch\/wordpress\/wp-content\/uploads\/2016\/06\/zugerberg_0001.jpg?resize=150%2C100&amp;ssl=1 150w\" sizes=\"auto, (max-width: 750px) 100vw, 750px\" \/><figcaption id=\"caption-attachment-4718\" class=\"wp-caption-text\">Altstadt von Zug<\/figcaption><\/figure>\n<h2>Hoch zum Zugerberg<\/h2>\n<p>Den Start in Zug lassen wir mal gem\u00fctlich angehen. Zu verlockend sind die Bistros an der Uferpromenade. Allzu lange k\u00f6nnen wir nicht verweilen, wir sind hier auf 420 Meter \u00fcber Meer, der h\u00f6chste Punkt der heutigen Tour liegt auf knapp 1100 Meter. Wie gut, dass es die <a href=\"https:\/\/www.zbb.ch\/\" target=\"_blank\" rel=\"noopener\">Zugerberg Bahn<\/a> gibt, sie erspart uns knapp 400 H\u00f6henmeter. Wir fahren also weiter zur Talstation Sch\u00f6negg. Acht Minuten sp\u00e4ter sind wir bereits bei der Bergstation. Nat\u00fcrlich kann der Vater oder die Mutter die Herausforderung packen und hochradeln, um sich auch noch zu fordern. Die Kinder suchen derweil nach Fr\u00f6schen im Teich nahe der Bergstation oder spielen auf dem Spielplatz Schattw\u00e4ldli.<\/p>\n<p><img data-recalc-dims=\"1\" loading=\"lazy\" decoding=\"async\" data-attachment-id=\"4719\" data-permalink=\"https:\/\/idnu.ch\/wordpress\/tourentipp-blueschtfahrt-im-zugerland\/zugerberg_0002\/#main\" data-orig-file=\"https:\/\/i0.wp.com\/idnu.ch\/wordpress\/wp-content\/uploads\/2016\/06\/zugerberg_0002.jpg?fit=1400%2C788&amp;ssl=1\" data-orig-size=\"1400,788\" data-comments-opened=\"1\" data-image-meta=\"{&quot;aperture&quot;:&quot;0&quot;,&quot;credit&quot;:&quot;&quot;,&quot;camera&quot;:&quot;&quot;,&quot;caption&quot;:&quot;&quot;,&quot;created_timestamp&quot;:&quot;0&quot;,&quot;copyright&quot;:&quot;&quot;,&quot;focal_length&quot;:&quot;0&quot;,&quot;iso&quot;:&quot;0&quot;,&quot;shutter_speed&quot;:&quot;0&quot;,&quot;title&quot;:&quot;&quot;,&quot;orientation&quot;:&quot;0&quot;}\" data-image-title=\"\" data-image-description=\"\" data-image-caption=\"\" data-large-file=\"https:\/\/i0.wp.com\/idnu.ch\/wordpress\/wp-content\/uploads\/2016\/06\/zugerberg_0002.jpg?fit=750%2C422&amp;ssl=1\" class=\"aligncenter size-full wp-image-4719\" src=\"https:\/\/i0.wp.com\/idnu.ch\/wordpress\/wp-content\/uploads\/2016\/06\/zugerberg_0002.jpg?resize=750%2C422&#038;ssl=1\" alt=\"\" width=\"750\" height=\"422\" srcset=\"https:\/\/i0.wp.com\/idnu.ch\/wordpress\/wp-content\/uploads\/2016\/06\/zugerberg_0002.jpg?w=1400&amp;ssl=1 1400w, https:\/\/i0.wp.com\/idnu.ch\/wordpress\/wp-content\/uploads\/2016\/06\/zugerberg_0002.jpg?resize=300%2C169&amp;ssl=1 300w, https:\/\/i0.wp.com\/idnu.ch\/wordpress\/wp-content\/uploads\/2016\/06\/zugerberg_0002.jpg?resize=768%2C432&amp;ssl=1 768w, https:\/\/i0.wp.com\/idnu.ch\/wordpress\/wp-content\/uploads\/2016\/06\/zugerberg_0002.jpg?resize=1024%2C576&amp;ssl=1 1024w, https:\/\/i0.wp.com\/idnu.ch\/wordpress\/wp-content\/uploads\/2016\/06\/zugerberg_0002.jpg?resize=178%2C100&amp;ssl=1 178w\" sizes=\"auto, (max-width: 750px) 100vw, 750px\" \/><\/p>\n<p>Bekannt war der Zugerberg als Lagerort f\u00fcr Internierte w\u00e4hrend der beiden Weltkriege. Auch w\u00e4hrend des sowjetisch-afghanischen Krieges in den Achtziger Jahren waren dort oben Sowjetrussen interniert, die von den Afghanen gefangen genommen wurden, da diese die Gefangenen nicht gem\u00e4ss den Genfer Konventionen behandeln konnten. Das Milit\u00e4rgef\u00e4ngnis ist inzwischen eine Forschungsstation der ETH, der landwirtschaftliche Versuchsbetrieb Fr\u00fceb\u00fcel.<\/p>\n<figure id=\"attachment_4722\" aria-describedby=\"caption-attachment-4722\" style=\"width: 1400px\" class=\"wp-caption aligncenter\"><img data-recalc-dims=\"1\" loading=\"lazy\" decoding=\"async\" data-attachment-id=\"4722\" data-permalink=\"https:\/\/idnu.ch\/wordpress\/tourentipp-blueschtfahrt-im-zugerland\/zugerberg_0005\/#main\" data-orig-file=\"https:\/\/i0.wp.com\/idnu.ch\/wordpress\/wp-content\/uploads\/2016\/06\/zugerberg_0005.jpg?fit=1400%2C933&amp;ssl=1\" data-orig-size=\"1400,933\" data-comments-opened=\"1\" data-image-meta=\"{&quot;aperture&quot;:&quot;0&quot;,&quot;credit&quot;:&quot;&quot;,&quot;camera&quot;:&quot;&quot;,&quot;caption&quot;:&quot;&quot;,&quot;created_timestamp&quot;:&quot;0&quot;,&quot;copyright&quot;:&quot;&quot;,&quot;focal_length&quot;:&quot;0&quot;,&quot;iso&quot;:&quot;0&quot;,&quot;shutter_speed&quot;:&quot;0&quot;,&quot;title&quot;:&quot;&quot;,&quot;orientation&quot;:&quot;0&quot;}\" data-image-title=\"Moorlandschaft auf dem Zugerberg\" data-image-description=\"\" data-image-caption=\"&lt;p&gt;Moorlandschaft auf dem Zugerberg&lt;\/p&gt;\n\" data-large-file=\"https:\/\/i0.wp.com\/idnu.ch\/wordpress\/wp-content\/uploads\/2016\/06\/zugerberg_0005.jpg?fit=750%2C500&amp;ssl=1\" class=\"size-full wp-image-4722\" src=\"https:\/\/i0.wp.com\/idnu.ch\/wordpress\/wp-content\/uploads\/2016\/06\/zugerberg_0005.jpg?resize=750%2C500&#038;ssl=1\" alt=\"Moorlandschaft auf dem Zugerberg\" width=\"750\" height=\"500\" srcset=\"https:\/\/i0.wp.com\/idnu.ch\/wordpress\/wp-content\/uploads\/2016\/06\/zugerberg_0005.jpg?w=1400&amp;ssl=1 1400w, https:\/\/i0.wp.com\/idnu.ch\/wordpress\/wp-content\/uploads\/2016\/06\/zugerberg_0005.jpg?resize=300%2C200&amp;ssl=1 300w, https:\/\/i0.wp.com\/idnu.ch\/wordpress\/wp-content\/uploads\/2016\/06\/zugerberg_0005.jpg?resize=768%2C512&amp;ssl=1 768w, https:\/\/i0.wp.com\/idnu.ch\/wordpress\/wp-content\/uploads\/2016\/06\/zugerberg_0005.jpg?resize=1024%2C682&amp;ssl=1 1024w, https:\/\/i0.wp.com\/idnu.ch\/wordpress\/wp-content\/uploads\/2016\/06\/zugerberg_0005.jpg?resize=150%2C100&amp;ssl=1 150w\" sizes=\"auto, (max-width: 750px) 100vw, 750px\" \/><figcaption id=\"caption-attachment-4722\" class=\"wp-caption-text\">Moorlandschaft auf dem Zugerberg<\/figcaption><\/figure>\n<p>Wir radeln nun am Eigenried vorbei nach eben diesem Fr\u00fceb\u00fcel. Ein grossartiges Panorama mit den Innerschweizer Bergen er\u00f6ffnet sich uns. M\u00e4chtig erhebt sich die Rigi, rechts davon der Pilatus. Die Moorlandschaft, wo fr\u00fcher Torf gestochen wurde, f\u00fcgt sich sanft in das Bild ein.<\/p>\n<figure id=\"attachment_4721\" aria-describedby=\"caption-attachment-4721\" style=\"width: 1400px\" class=\"wp-caption aligncenter\"><img data-recalc-dims=\"1\" loading=\"lazy\" decoding=\"async\" data-attachment-id=\"4721\" data-permalink=\"https:\/\/idnu.ch\/wordpress\/tourentipp-blueschtfahrt-im-zugerland\/zugerberg_0004\/#main\" data-orig-file=\"https:\/\/i0.wp.com\/idnu.ch\/wordpress\/wp-content\/uploads\/2016\/06\/zugerberg_0004.jpg?fit=1400%2C933&amp;ssl=1\" data-orig-size=\"1400,933\" data-comments-opened=\"1\" data-image-meta=\"{&quot;aperture&quot;:&quot;0&quot;,&quot;credit&quot;:&quot;&quot;,&quot;camera&quot;:&quot;&quot;,&quot;caption&quot;:&quot;&quot;,&quot;created_timestamp&quot;:&quot;0&quot;,&quot;copyright&quot;:&quot;&quot;,&quot;focal_length&quot;:&quot;0&quot;,&quot;iso&quot;:&quot;0&quot;,&quot;shutter_speed&quot;:&quot;0&quot;,&quot;title&quot;:&quot;&quot;,&quot;orientation&quot;:&quot;0&quot;}\" data-image-title=\"Blick ins Mittelland und auf den Pilatus\" data-image-description=\"\" data-image-caption=\"&lt;p&gt;Blick ins Mittelland und auf den Pilatus&lt;\/p&gt;\n\" data-large-file=\"https:\/\/i0.wp.com\/idnu.ch\/wordpress\/wp-content\/uploads\/2016\/06\/zugerberg_0004.jpg?fit=750%2C500&amp;ssl=1\" class=\"size-full wp-image-4721\" src=\"https:\/\/i0.wp.com\/idnu.ch\/wordpress\/wp-content\/uploads\/2016\/06\/zugerberg_0004.jpg?resize=750%2C500&#038;ssl=1\" alt=\"Blick ins Mittelland und auf den Pilatus\" width=\"750\" height=\"500\" srcset=\"https:\/\/i0.wp.com\/idnu.ch\/wordpress\/wp-content\/uploads\/2016\/06\/zugerberg_0004.jpg?w=1400&amp;ssl=1 1400w, https:\/\/i0.wp.com\/idnu.ch\/wordpress\/wp-content\/uploads\/2016\/06\/zugerberg_0004.jpg?resize=300%2C200&amp;ssl=1 300w, https:\/\/i0.wp.com\/idnu.ch\/wordpress\/wp-content\/uploads\/2016\/06\/zugerberg_0004.jpg?resize=768%2C512&amp;ssl=1 768w, https:\/\/i0.wp.com\/idnu.ch\/wordpress\/wp-content\/uploads\/2016\/06\/zugerberg_0004.jpg?resize=1024%2C682&amp;ssl=1 1024w, https:\/\/i0.wp.com\/idnu.ch\/wordpress\/wp-content\/uploads\/2016\/06\/zugerberg_0004.jpg?resize=150%2C100&amp;ssl=1 150w\" sizes=\"auto, (max-width: 750px) 100vw, 750px\" \/><figcaption id=\"caption-attachment-4721\" class=\"wp-caption-text\">Blick ins Mittelland und auf den Pilatus<\/figcaption><\/figure>\n<p>Wir fahren am Buschench\u00e4ppeli vorbei zum Br\u00fcnnli, mit 1078 m der h\u00f6chste Punkt der Tour. Ab jetzt k\u00f6nnen wir die Abfahrt geniessen.<\/p>\n<figure id=\"attachment_4720\" aria-describedby=\"caption-attachment-4720\" style=\"width: 1400px\" class=\"wp-caption aligncenter\"><img data-recalc-dims=\"1\" loading=\"lazy\" decoding=\"async\" data-attachment-id=\"4720\" data-permalink=\"https:\/\/idnu.ch\/wordpress\/tourentipp-blueschtfahrt-im-zugerland\/zugerberg_0003\/#main\" data-orig-file=\"https:\/\/i0.wp.com\/idnu.ch\/wordpress\/wp-content\/uploads\/2016\/06\/zugerberg_0003.jpg?fit=1400%2C1050&amp;ssl=1\" data-orig-size=\"1400,1050\" data-comments-opened=\"1\" data-image-meta=\"{&quot;aperture&quot;:&quot;0&quot;,&quot;credit&quot;:&quot;&quot;,&quot;camera&quot;:&quot;&quot;,&quot;caption&quot;:&quot;&quot;,&quot;created_timestamp&quot;:&quot;0&quot;,&quot;copyright&quot;:&quot;&quot;,&quot;focal_length&quot;:&quot;0&quot;,&quot;iso&quot;:&quot;0&quot;,&quot;shutter_speed&quot;:&quot;0&quot;,&quot;title&quot;:&quot;&quot;,&quot;orientation&quot;:&quot;0&quot;}\" data-image-title=\"Abfahrt vom Zugerberg\" data-image-description=\"\" data-image-caption=\"&lt;p&gt;Abfahrt vom Zugerberg&lt;\/p&gt;\n\" data-large-file=\"https:\/\/i0.wp.com\/idnu.ch\/wordpress\/wp-content\/uploads\/2016\/06\/zugerberg_0003.jpg?fit=750%2C563&amp;ssl=1\" class=\"size-full wp-image-4720\" src=\"https:\/\/i0.wp.com\/idnu.ch\/wordpress\/wp-content\/uploads\/2016\/06\/zugerberg_0003.jpg?resize=750%2C563&#038;ssl=1\" alt=\"Abfahrt vom Zugerberg\" width=\"750\" height=\"563\" srcset=\"https:\/\/i0.wp.com\/idnu.ch\/wordpress\/wp-content\/uploads\/2016\/06\/zugerberg_0003.jpg?w=1400&amp;ssl=1 1400w, https:\/\/i0.wp.com\/idnu.ch\/wordpress\/wp-content\/uploads\/2016\/06\/zugerberg_0003.jpg?resize=300%2C225&amp;ssl=1 300w, https:\/\/i0.wp.com\/idnu.ch\/wordpress\/wp-content\/uploads\/2016\/06\/zugerberg_0003.jpg?resize=768%2C576&amp;ssl=1 768w, https:\/\/i0.wp.com\/idnu.ch\/wordpress\/wp-content\/uploads\/2016\/06\/zugerberg_0003.jpg?resize=1024%2C768&amp;ssl=1 1024w, https:\/\/i0.wp.com\/idnu.ch\/wordpress\/wp-content\/uploads\/2016\/06\/zugerberg_0003.jpg?resize=720%2C540&amp;ssl=1 720w, https:\/\/i0.wp.com\/idnu.ch\/wordpress\/wp-content\/uploads\/2016\/06\/zugerberg_0003.jpg?resize=133%2C100&amp;ssl=1 133w\" sizes=\"auto, (max-width: 750px) 100vw, 750px\" \/><figcaption id=\"caption-attachment-4720\" class=\"wp-caption-text\">Abfahrt vom Zugerberg<\/figcaption><\/figure>\n<h2>In der H\u00f6llgrotte<\/h2>\n<p>Dort, wo das Tobel am engsten und die W\u00e4nde am steilsten sind, wurde im 19. Jahrhundert Tuffstein abgebaut, der f\u00fcr den Bau der Bahnlinie Z\u00fcrich \u2013 Zug verwendet wurde. 1863 entdeckte man in diesem Steinbruch Tropfsteinh\u00f6hlen, die <a href=\"https:\/\/www.hoellgrotten.ch\/\" target=\"_blank\" rel=\"noopener\">H\u00f6llgrotten<\/a>, die heute in einem Rundgang besichtigt werden k\u00f6nnen. Stalaktiten und Stalagmiten spiegeln sich in den kleinen Seen, eine m\u00e4rchenhafte Welt tut sich im Untergrund auf. Vor dem Eingang k\u00f6nnen wir in einem kleinen Beizli unseren Durst stillen. Bei Zittenbuech w\u00e4re es zu verlockend, geradeaus das kleine Weglein zu fahren, leider ist dort ein explizites Velofahrverbot. Auch rechts abbiegen ist keine L\u00f6sung, da weiter unten ebenfalls ein Fahrverbot den Spass vermiest. So nehmen wir den Weg links rum und fahren nach Unter\u00e4geri. Am See l\u00e4sst sich prima rasten \u2013 sofern man einen Weg dorthin gefunden hat, der nicht mit einem Fahrverbot versehen ist. Mit etwas Gl\u00fcck kann man eine (harmlose) Ringelnatter entdecken.<\/p>\n<h2>Drei Br\u00fccken auf ein Mal<\/h2>\n<p>Ab Unter\u00e4geri k\u00f6nnen wir der <a href=\"https:\/\/schweizmobil.ch\/de\/veloland\/route-9\" target=\"_blank\" rel=\"noopener\">Nationalen Route 9 \u201eSeen-Route\u201c<\/a> folgen, m\u00fcssen aber auf der Hauptstrasse fahren. Diese verlassen wir nach Neu\u00e4geri. Wir fahren nun im Lorzentobel und dem namensgebenden Fluss entlang. Die Lorze hat sich hier tief in die Molasse eingefressen. Drei Br\u00fccken \u00fcberspannen den Bach oder gleich das ganze Tal. Die erste Br\u00fccke wurde bereits 1531 nachgewiesen und 1759 ersetzt. Sie besteht heute noch. Die ab 1910 erstellte Steinbogenbr\u00fccke diente der Bew\u00e4ltigung des gestiegenen Verkehrsaufkommens. 1985 wurde eine weitere Br\u00fccke erstellt, diesmal in Beton.<\/p>\n<figure id=\"attachment_4723\" aria-describedby=\"caption-attachment-4723\" style=\"width: 1400px\" class=\"wp-caption aligncenter\"><img data-recalc-dims=\"1\" loading=\"lazy\" decoding=\"async\" data-attachment-id=\"4723\" data-permalink=\"https:\/\/idnu.ch\/wordpress\/tourentipp-blueschtfahrt-im-zugerland\/zugerberg_0006\/#main\" data-orig-file=\"https:\/\/i0.wp.com\/idnu.ch\/wordpress\/wp-content\/uploads\/2016\/06\/zugerberg_0006.jpg?fit=1400%2C788&amp;ssl=1\" data-orig-size=\"1400,788\" data-comments-opened=\"1\" data-image-meta=\"{&quot;aperture&quot;:&quot;0&quot;,&quot;credit&quot;:&quot;&quot;,&quot;camera&quot;:&quot;&quot;,&quot;caption&quot;:&quot;&quot;,&quot;created_timestamp&quot;:&quot;0&quot;,&quot;copyright&quot;:&quot;&quot;,&quot;focal_length&quot;:&quot;0&quot;,&quot;iso&quot;:&quot;0&quot;,&quot;shutter_speed&quot;:&quot;0&quot;,&quot;title&quot;:&quot;&quot;,&quot;orientation&quot;:&quot;0&quot;}\" data-image-title=\"Drei Br\u00fccken aus drei Epochen\" data-image-description=\"\" data-image-caption=\"&lt;p&gt;Drei Br\u00fccken aus drei Epochen&lt;\/p&gt;\n\" data-large-file=\"https:\/\/i0.wp.com\/idnu.ch\/wordpress\/wp-content\/uploads\/2016\/06\/zugerberg_0006.jpg?fit=750%2C422&amp;ssl=1\" class=\"size-full wp-image-4723\" src=\"https:\/\/i0.wp.com\/idnu.ch\/wordpress\/wp-content\/uploads\/2016\/06\/zugerberg_0006.jpg?resize=750%2C422&#038;ssl=1\" alt=\"Drei Br\u00fccken aus drei Epochen\" width=\"750\" height=\"422\" srcset=\"https:\/\/i0.wp.com\/idnu.ch\/wordpress\/wp-content\/uploads\/2016\/06\/zugerberg_0006.jpg?w=1400&amp;ssl=1 1400w, https:\/\/i0.wp.com\/idnu.ch\/wordpress\/wp-content\/uploads\/2016\/06\/zugerberg_0006.jpg?resize=300%2C169&amp;ssl=1 300w, https:\/\/i0.wp.com\/idnu.ch\/wordpress\/wp-content\/uploads\/2016\/06\/zugerberg_0006.jpg?resize=768%2C432&amp;ssl=1 768w, https:\/\/i0.wp.com\/idnu.ch\/wordpress\/wp-content\/uploads\/2016\/06\/zugerberg_0006.jpg?resize=1024%2C576&amp;ssl=1 1024w, https:\/\/i0.wp.com\/idnu.ch\/wordpress\/wp-content\/uploads\/2016\/06\/zugerberg_0006.jpg?resize=178%2C100&amp;ssl=1 178w\" sizes=\"auto, (max-width: 750px) 100vw, 750px\" \/><figcaption id=\"caption-attachment-4723\" class=\"wp-caption-text\">Drei Br\u00fccken aus drei Epochen<\/figcaption><\/figure>\n<p>In weitem Bogen umfahren wir Baar entlang der Neuen Lorze. Die Alte Lorze floss an der Stelle, an der heute die Motorfahrzeuge \u00fcber die Autobahn brausen. Als Ausgleich entstand im See eine kleine Insel aus dem Aushub, die unter Naturschutz steht. Allm\u00e4hlich schliesst sich der Kreis, wir erreichen die Aussenquartiere von Zug. Und vielleicht bleibt ja noch Zeit, an der Strandpromenade in Ruhe einen Kaffee zu geniessen\u2026<\/p>\n<div>\n<div><\/div>\n<\/div>\n","protected":false},"excerpt":{"rendered":"<p>Zug hat mehr zu bieten als niedrige Steuern, Rohstoffh\u00e4ndler und Briefkastenfirmen: Zum Beispiel&#8230;<\/p>\n","protected":false},"author":2,"featured_media":891,"comment_status":"open","ping_status":"open","sticky":false,"template":"","format":"standard","meta":{"_monsterinsights_skip_tracking":false,"_monsterinsights_sitenote_active":false,"_monsterinsights_sitenote_note":"","_monsterinsights_sitenote_category":0,"jetpack_post_was_ever_published":false,"_jetpack_newsletter_access":"","_jetpack_dont_email_post_to_subs":true,"_jetpack_newsletter_tier_id":0,"_jetpack_memberships_contains_paywalled_content":false,"_jetpack_memberships_contains_paid_content":false,"footnotes":"","jetpack_publicize_message":"","jetpack_publicize_feature_enabled":true,"jetpack_social_post_already_shared":false,"jetpack_social_options":{"image_generator_settings":{"template":"highway","default_image_id":0,"font":"","enabled":false},"version":2}},"categories":[920,4,345],"tags":[367,362,430,373,1171,406,878,378,500,1119,615],"class_list":["post-209","post","type-post","status-publish","format-standard","has-post-thumbnail","hentry","category-luzern-vierwaldstaettersee","category-zweirad","category-zug","tag-aussicht","tag-bike","tag-innerschweiz","tag-kinder","tag-kinderfreundlich","tag-natur","tag-radtour-mit-kindern","tag-tour","tag-velo","tag-velokid","tag-velotour"],"geo":{"latitude":47.143760700000001406806404702365398406982421875,"longitude":8.533783899999999533747541136108338832855224609375,"description":"Zugerberg, Kanton Zug, 6300, CH"},"yoast_head":"<!-- This site is optimized with the Yoast SEO plugin v27.4 - https:\/\/yoast.com\/product\/yoast-seo-wordpress\/ -->\n<title>Blueschtfahrt im Zugerland - In der Natur unterwegs<\/title>\n<meta name=\"description\" content=\"Eine Blueschtfahrt im Zugerland ist ein aussichtsreiches und wenig anstrengendes Vergn\u00fcgen, wenn man die Bahn nimmt.\" \/>\n<meta name=\"robots\" content=\"index, follow, max-snippet:-1, max-image-preview:large, max-video-preview:-1\" \/>\n<link rel=\"canonical\" href=\"https:\/\/idnu.ch\/wordpress\/tourentipp-blueschtfahrt-im-zugerland\/\" \/>\n<meta property=\"og:locale\" content=\"de_DE\" \/>\n<meta property=\"og:type\" content=\"article\" \/>\n<meta property=\"og:title\" content=\"Blueschtfahrt im Zugerland - In der Natur unterwegs\" \/>\n<meta property=\"og:description\" content=\"Eine Blueschtfahrt im Zugerland ist ein aussichtsreiches und wenig anstrengendes Vergn\u00fcgen, wenn man die Bahn nimmt.\" \/>\n<meta property=\"og:url\" content=\"https:\/\/idnu.ch\/wordpress\/tourentipp-blueschtfahrt-im-zugerland\/\" \/>\n<meta property=\"og:site_name\" content=\"In der Natur unterwegs\" \/>\n<meta property=\"article:published_time\" content=\"2013-04-29T14:37:00+00:00\" \/>\n<meta property=\"article:modified_time\" content=\"2024-02-09T04:40:27+00:00\" \/>\n<meta property=\"og:image\" content=\"https:\/\/idnu.ch\/wordpress\/wp-content\/uploads\/2013\/04\/IMG_8593_1.jpg\" \/>\n\t<meta property=\"og:image:width\" content=\"800\" \/>\n\t<meta property=\"og:image:height\" content=\"450\" \/>\n\t<meta property=\"og:image:type\" content=\"image\/jpeg\" \/>\n<meta name=\"author\" content=\"Urs Kyburz\" \/>\n<meta name=\"twitter:card\" content=\"summary_large_image\" \/>\n<meta name=\"twitter:creator\" content=\"@idnu_ch\" \/>\n<meta name=\"twitter:site\" content=\"@idnu_ch\" \/>\n<meta name=\"twitter:label1\" content=\"Verfasst von\" \/>\n\t<meta name=\"twitter:data1\" content=\"Urs Kyburz\" \/>\n\t<meta name=\"twitter:label2\" content=\"Gesch\u00e4tzte Lesezeit\" \/>\n\t<meta name=\"twitter:data2\" content=\"5\u00a0Minuten\" \/>\n<script type=\"application\/ld+json\" class=\"yoast-schema-graph\">{\"@context\":\"https:\\\/\\\/schema.org\",\"@graph\":[{\"@type\":\"Article\",\"@id\":\"https:\\\/\\\/idnu.ch\\\/wordpress\\\/tourentipp-blueschtfahrt-im-zugerland\\\/#article\",\"isPartOf\":{\"@id\":\"https:\\\/\\\/idnu.ch\\\/wordpress\\\/tourentipp-blueschtfahrt-im-zugerland\\\/\"},\"author\":{\"name\":\"Urs Kyburz\",\"@id\":\"https:\\\/\\\/idnu.ch\\\/wordpress\\\/#\\\/schema\\\/person\\\/1ab8c5de743be7b019272124c19ad351\"},\"headline\":\"Blueschtfahrt im Zugerland\",\"datePublished\":\"2013-04-29T14:37:00+00:00\",\"dateModified\":\"2024-02-09T04:40:27+00:00\",\"mainEntityOfPage\":{\"@id\":\"https:\\\/\\\/idnu.ch\\\/wordpress\\\/tourentipp-blueschtfahrt-im-zugerland\\\/\"},\"wordCount\":703,\"commentCount\":5,\"publisher\":{\"@id\":\"https:\\\/\\\/idnu.ch\\\/wordpress\\\/#\\\/schema\\\/person\\\/1ab8c5de743be7b019272124c19ad351\"},\"image\":{\"@id\":\"https:\\\/\\\/idnu.ch\\\/wordpress\\\/tourentipp-blueschtfahrt-im-zugerland\\\/#primaryimage\"},\"thumbnailUrl\":\"https:\\\/\\\/i0.wp.com\\\/idnu.ch\\\/wordpress\\\/wp-content\\\/uploads\\\/2013\\\/04\\\/IMG_8593_1.jpg?fit=800%2C450&ssl=1\",\"keywords\":[\"Aussicht\",\"bike\",\"Innerschweiz\",\"Kinder\",\"kinderfreundlich\",\"Natur\",\"Radtour mit Kindern\",\"Tour\",\"Velo\",\"velokid\",\"Velotour\"],\"articleSection\":[\"Luzern - Vierwaldst\u00e4ttersee\",\"Mountainbike &amp; Velo\",\"Zug\"],\"inLanguage\":\"de\",\"potentialAction\":[{\"@type\":\"CommentAction\",\"name\":\"Comment\",\"target\":[\"https:\\\/\\\/idnu.ch\\\/wordpress\\\/tourentipp-blueschtfahrt-im-zugerland\\\/#respond\"]}]},{\"@type\":\"WebPage\",\"@id\":\"https:\\\/\\\/idnu.ch\\\/wordpress\\\/tourentipp-blueschtfahrt-im-zugerland\\\/\",\"url\":\"https:\\\/\\\/idnu.ch\\\/wordpress\\\/tourentipp-blueschtfahrt-im-zugerland\\\/\",\"name\":\"Blueschtfahrt im Zugerland - In der Natur unterwegs\",\"isPartOf\":{\"@id\":\"https:\\\/\\\/idnu.ch\\\/wordpress\\\/#website\"},\"primaryImageOfPage\":{\"@id\":\"https:\\\/\\\/idnu.ch\\\/wordpress\\\/tourentipp-blueschtfahrt-im-zugerland\\\/#primaryimage\"},\"image\":{\"@id\":\"https:\\\/\\\/idnu.ch\\\/wordpress\\\/tourentipp-blueschtfahrt-im-zugerland\\\/#primaryimage\"},\"thumbnailUrl\":\"https:\\\/\\\/i0.wp.com\\\/idnu.ch\\\/wordpress\\\/wp-content\\\/uploads\\\/2013\\\/04\\\/IMG_8593_1.jpg?fit=800%2C450&ssl=1\",\"datePublished\":\"2013-04-29T14:37:00+00:00\",\"dateModified\":\"2024-02-09T04:40:27+00:00\",\"description\":\"Eine Blueschtfahrt im Zugerland ist ein aussichtsreiches und wenig anstrengendes Vergn\u00fcgen, wenn man die Bahn nimmt.\",\"breadcrumb\":{\"@id\":\"https:\\\/\\\/idnu.ch\\\/wordpress\\\/tourentipp-blueschtfahrt-im-zugerland\\\/#breadcrumb\"},\"inLanguage\":\"de\",\"potentialAction\":[{\"@type\":\"ReadAction\",\"target\":[\"https:\\\/\\\/idnu.ch\\\/wordpress\\\/tourentipp-blueschtfahrt-im-zugerland\\\/\"]}]},{\"@type\":\"ImageObject\",\"inLanguage\":\"de\",\"@id\":\"https:\\\/\\\/idnu.ch\\\/wordpress\\\/tourentipp-blueschtfahrt-im-zugerland\\\/#primaryimage\",\"url\":\"https:\\\/\\\/i0.wp.com\\\/idnu.ch\\\/wordpress\\\/wp-content\\\/uploads\\\/2013\\\/04\\\/IMG_8593_1.jpg?fit=800%2C450&ssl=1\",\"contentUrl\":\"https:\\\/\\\/i0.wp.com\\\/idnu.ch\\\/wordpress\\\/wp-content\\\/uploads\\\/2013\\\/04\\\/IMG_8593_1.jpg?fit=800%2C450&ssl=1\",\"width\":800,\"height\":450,\"caption\":\"Zugerberg\"},{\"@type\":\"BreadcrumbList\",\"@id\":\"https:\\\/\\\/idnu.ch\\\/wordpress\\\/tourentipp-blueschtfahrt-im-zugerland\\\/#breadcrumb\",\"itemListElement\":[{\"@type\":\"ListItem\",\"position\":1,\"name\":\"Startseite\",\"item\":\"https:\\\/\\\/idnu.ch\\\/wordpress\\\/\"},{\"@type\":\"ListItem\",\"position\":2,\"name\":\"Blueschtfahrt im Zugerland\"}]},{\"@type\":\"WebSite\",\"@id\":\"https:\\\/\\\/idnu.ch\\\/wordpress\\\/#website\",\"url\":\"https:\\\/\\\/idnu.ch\\\/wordpress\\\/\",\"name\":\"In der Natur unterwegs\",\"description\":\"Dort, wo es am sch\u00f6nsten ist\",\"publisher\":{\"@id\":\"https:\\\/\\\/idnu.ch\\\/wordpress\\\/#\\\/schema\\\/person\\\/1ab8c5de743be7b019272124c19ad351\"},\"potentialAction\":[{\"@type\":\"SearchAction\",\"target\":{\"@type\":\"EntryPoint\",\"urlTemplate\":\"https:\\\/\\\/idnu.ch\\\/wordpress\\\/?s={search_term_string}\"},\"query-input\":{\"@type\":\"PropertyValueSpecification\",\"valueRequired\":true,\"valueName\":\"search_term_string\"}}],\"inLanguage\":\"de\"},{\"@type\":[\"Person\",\"Organization\"],\"@id\":\"https:\\\/\\\/idnu.ch\\\/wordpress\\\/#\\\/schema\\\/person\\\/1ab8c5de743be7b019272124c19ad351\",\"name\":\"Urs Kyburz\",\"image\":{\"@type\":\"ImageObject\",\"inLanguage\":\"de\",\"@id\":\"https:\\\/\\\/i0.wp.com\\\/idnu.ch\\\/wordpress\\\/wp-content\\\/uploads\\\/2016\\\/02\\\/logo_150x165.gif?fit=3151%2C3456&ssl=1\",\"url\":\"https:\\\/\\\/i0.wp.com\\\/idnu.ch\\\/wordpress\\\/wp-content\\\/uploads\\\/2016\\\/02\\\/logo_150x165.gif?fit=3151%2C3456&ssl=1\",\"contentUrl\":\"https:\\\/\\\/i0.wp.com\\\/idnu.ch\\\/wordpress\\\/wp-content\\\/uploads\\\/2016\\\/02\\\/logo_150x165.gif?fit=3151%2C3456&ssl=1\",\"width\":3151,\"height\":3456,\"caption\":\"Urs Kyburz\"},\"logo\":{\"@id\":\"https:\\\/\\\/i0.wp.com\\\/idnu.ch\\\/wordpress\\\/wp-content\\\/uploads\\\/2016\\\/02\\\/logo_150x165.gif?fit=3151%2C3456&ssl=1\"}}]}<\/script>\n<!-- \/ Yoast SEO plugin. -->","yoast_head_json":{"title":"Blueschtfahrt im Zugerland - In der Natur unterwegs","description":"Eine Blueschtfahrt im Zugerland ist ein aussichtsreiches und wenig anstrengendes Vergn\u00fcgen, wenn man die Bahn nimmt.","robots":{"index":"index","follow":"follow","max-snippet":"max-snippet:-1","max-image-preview":"max-image-preview:large","max-video-preview":"max-video-preview:-1"},"canonical":"https:\/\/idnu.ch\/wordpress\/tourentipp-blueschtfahrt-im-zugerland\/","og_locale":"de_DE","og_type":"article","og_title":"Blueschtfahrt im Zugerland - In der Natur unterwegs","og_description":"Eine Blueschtfahrt im Zugerland ist ein aussichtsreiches und wenig anstrengendes Vergn\u00fcgen, wenn man die Bahn nimmt.","og_url":"https:\/\/idnu.ch\/wordpress\/tourentipp-blueschtfahrt-im-zugerland\/","og_site_name":"In der Natur unterwegs","article_published_time":"2013-04-29T14:37:00+00:00","article_modified_time":"2024-02-09T04:40:27+00:00","og_image":[{"width":800,"height":450,"url":"https:\/\/idnu.ch\/wordpress\/wp-content\/uploads\/2013\/04\/IMG_8593_1.jpg","type":"image\/jpeg"}],"author":"Urs Kyburz","twitter_card":"summary_large_image","twitter_creator":"@idnu_ch","twitter_site":"@idnu_ch","twitter_misc":{"Verfasst von":"Urs Kyburz","Gesch\u00e4tzte Lesezeit":"5\u00a0Minuten"},"schema":{"@context":"https:\/\/schema.org","@graph":[{"@type":"Article","@id":"https:\/\/idnu.ch\/wordpress\/tourentipp-blueschtfahrt-im-zugerland\/#article","isPartOf":{"@id":"https:\/\/idnu.ch\/wordpress\/tourentipp-blueschtfahrt-im-zugerland\/"},"author":{"name":"Urs Kyburz","@id":"https:\/\/idnu.ch\/wordpress\/#\/schema\/person\/1ab8c5de743be7b019272124c19ad351"},"headline":"Blueschtfahrt im Zugerland","datePublished":"2013-04-29T14:37:00+00:00","dateModified":"2024-02-09T04:40:27+00:00","mainEntityOfPage":{"@id":"https:\/\/idnu.ch\/wordpress\/tourentipp-blueschtfahrt-im-zugerland\/"},"wordCount":703,"commentCount":5,"publisher":{"@id":"https:\/\/idnu.ch\/wordpress\/#\/schema\/person\/1ab8c5de743be7b019272124c19ad351"},"image":{"@id":"https:\/\/idnu.ch\/wordpress\/tourentipp-blueschtfahrt-im-zugerland\/#primaryimage"},"thumbnailUrl":"https:\/\/i0.wp.com\/idnu.ch\/wordpress\/wp-content\/uploads\/2013\/04\/IMG_8593_1.jpg?fit=800%2C450&ssl=1","keywords":["Aussicht","bike","Innerschweiz","Kinder","kinderfreundlich","Natur","Radtour mit Kindern","Tour","Velo","velokid","Velotour"],"articleSection":["Luzern - Vierwaldst\u00e4ttersee","Mountainbike &amp; Velo","Zug"],"inLanguage":"de","potentialAction":[{"@type":"CommentAction","name":"Comment","target":["https:\/\/idnu.ch\/wordpress\/tourentipp-blueschtfahrt-im-zugerland\/#respond"]}]},{"@type":"WebPage","@id":"https:\/\/idnu.ch\/wordpress\/tourentipp-blueschtfahrt-im-zugerland\/","url":"https:\/\/idnu.ch\/wordpress\/tourentipp-blueschtfahrt-im-zugerland\/","name":"Blueschtfahrt im Zugerland - In der Natur unterwegs","isPartOf":{"@id":"https:\/\/idnu.ch\/wordpress\/#website"},"primaryImageOfPage":{"@id":"https:\/\/idnu.ch\/wordpress\/tourentipp-blueschtfahrt-im-zugerland\/#primaryimage"},"image":{"@id":"https:\/\/idnu.ch\/wordpress\/tourentipp-blueschtfahrt-im-zugerland\/#primaryimage"},"thumbnailUrl":"https:\/\/i0.wp.com\/idnu.ch\/wordpress\/wp-content\/uploads\/2013\/04\/IMG_8593_1.jpg?fit=800%2C450&ssl=1","datePublished":"2013-04-29T14:37:00+00:00","dateModified":"2024-02-09T04:40:27+00:00","description":"Eine Blueschtfahrt im Zugerland ist ein aussichtsreiches und wenig anstrengendes Vergn\u00fcgen, wenn man die Bahn nimmt.","breadcrumb":{"@id":"https:\/\/idnu.ch\/wordpress\/tourentipp-blueschtfahrt-im-zugerland\/#breadcrumb"},"inLanguage":"de","potentialAction":[{"@type":"ReadAction","target":["https:\/\/idnu.ch\/wordpress\/tourentipp-blueschtfahrt-im-zugerland\/"]}]},{"@type":"ImageObject","inLanguage":"de","@id":"https:\/\/idnu.ch\/wordpress\/tourentipp-blueschtfahrt-im-zugerland\/#primaryimage","url":"https:\/\/i0.wp.com\/idnu.ch\/wordpress\/wp-content\/uploads\/2013\/04\/IMG_8593_1.jpg?fit=800%2C450&ssl=1","contentUrl":"https:\/\/i0.wp.com\/idnu.ch\/wordpress\/wp-content\/uploads\/2013\/04\/IMG_8593_1.jpg?fit=800%2C450&ssl=1","width":800,"height":450,"caption":"Zugerberg"},{"@type":"BreadcrumbList","@id":"https:\/\/idnu.ch\/wordpress\/tourentipp-blueschtfahrt-im-zugerland\/#breadcrumb","itemListElement":[{"@type":"ListItem","position":1,"name":"Startseite","item":"https:\/\/idnu.ch\/wordpress\/"},{"@type":"ListItem","position":2,"name":"Blueschtfahrt im Zugerland"}]},{"@type":"WebSite","@id":"https:\/\/idnu.ch\/wordpress\/#website","url":"https:\/\/idnu.ch\/wordpress\/","name":"In der Natur unterwegs","description":"Dort, wo es am sch\u00f6nsten ist","publisher":{"@id":"https:\/\/idnu.ch\/wordpress\/#\/schema\/person\/1ab8c5de743be7b019272124c19ad351"},"potentialAction":[{"@type":"SearchAction","target":{"@type":"EntryPoint","urlTemplate":"https:\/\/idnu.ch\/wordpress\/?s={search_term_string}"},"query-input":{"@type":"PropertyValueSpecification","valueRequired":true,"valueName":"search_term_string"}}],"inLanguage":"de"},{"@type":["Person","Organization"],"@id":"https:\/\/idnu.ch\/wordpress\/#\/schema\/person\/1ab8c5de743be7b019272124c19ad351","name":"Urs Kyburz","image":{"@type":"ImageObject","inLanguage":"de","@id":"https:\/\/i0.wp.com\/idnu.ch\/wordpress\/wp-content\/uploads\/2016\/02\/logo_150x165.gif?fit=3151%2C3456&ssl=1","url":"https:\/\/i0.wp.com\/idnu.ch\/wordpress\/wp-content\/uploads\/2016\/02\/logo_150x165.gif?fit=3151%2C3456&ssl=1","contentUrl":"https:\/\/i0.wp.com\/idnu.ch\/wordpress\/wp-content\/uploads\/2016\/02\/logo_150x165.gif?fit=3151%2C3456&ssl=1","width":3151,"height":3456,"caption":"Urs Kyburz"},"logo":{"@id":"https:\/\/i0.wp.com\/idnu.ch\/wordpress\/wp-content\/uploads\/2016\/02\/logo_150x165.gif?fit=3151%2C3456&ssl=1"}}]}},"jetpack_publicize_connections":[],"jetpack_featured_media_url":"https:\/\/i0.wp.com\/idnu.ch\/wordpress\/wp-content\/uploads\/2013\/04\/IMG_8593_1.jpg?fit=800%2C450&ssl=1","jetpack_sharing_enabled":true,"jetpack_shortlink":"https:\/\/wp.me\/p6MmGG-3n","jetpack-related-posts":[{"id":7375,"url":"https:\/\/idnu.ch\/wordpress\/ab-aufs-velo\/","url_meta":{"origin":209,"position":0},"title":"Ab aufs Velo!","author":"Urs Kyburz","date":"3. April 2017","format":false,"excerpt":"Der Fr\u00fchling ist definitiv da! Nun haben auch Sch\u00f6nundwarmwetterradler keine Ausrede mehr. Spinnweben und Staub wegputzen, Kette \u00f6len, Reifen pumpen und los! Und da allern\u00e4chstens die Kirschb\u00e4ume bl\u00fchen, lohnt sich eine entspannte Velotour gerade noch einmal mehr. Und wo findet man solche Touren? Hier meine zehn Tipps. Rund um den\u2026","rel":"","context":"In &quot;Aargau&quot;","block_context":{"text":"Aargau","link":"https:\/\/idnu.ch\/wordpress\/category\/kanton\/aargau\/"},"img":{"alt_text":"","src":"https:\/\/i0.wp.com\/idnu.ch\/wordpress\/wp-content\/uploads\/2016\/06\/mtv15_0036.jpg?fit=1024%2C768&ssl=1&resize=350%2C200","width":350,"height":200,"srcset":"https:\/\/i0.wp.com\/idnu.ch\/wordpress\/wp-content\/uploads\/2016\/06\/mtv15_0036.jpg?fit=1024%2C768&ssl=1&resize=350%2C200 1x, https:\/\/i0.wp.com\/idnu.ch\/wordpress\/wp-content\/uploads\/2016\/06\/mtv15_0036.jpg?fit=1024%2C768&ssl=1&resize=525%2C300 1.5x, https:\/\/i0.wp.com\/idnu.ch\/wordpress\/wp-content\/uploads\/2016\/06\/mtv15_0036.jpg?fit=1024%2C768&ssl=1&resize=700%2C400 2x"},"classes":[]},{"id":12932,"url":"https:\/\/idnu.ch\/wordpress\/einblick-in-ein-bergsturzgebiet\/","url_meta":{"origin":209,"position":1},"title":"Einblick in ein Bergsturzgebiet","author":"Urs Kyburz","date":"5. August 2019","format":false,"excerpt":"Diese Wanderung gibt uns einen eindr\u00fccklichen Einblick in das Bergsturzgebiet am Rossberg. Gleich zwei Gipfel k\u00f6nnen wir besteigen, den Gnipen und den Wildspitz, allerdings gl\u00e4nzen beide nicht mit H\u00f6he, daf\u00fcr umso mehr mit Aussicht, stehen sie doch an der Grenze zum Flachland. Es ist 1. August, Feiertag, meine Familie in\u2026","rel":"","context":"In &quot;Luzern - Vierwaldst\u00e4ttersee&quot;","block_context":{"text":"Luzern - Vierwaldst\u00e4ttersee","link":"https:\/\/idnu.ch\/wordpress\/category\/tourismusregionen\/luzern-vierwaldstaettersee\/"},"img":{"alt_text":"Mythen, Schwyz, Lauerzersee","src":"https:\/\/i0.wp.com\/idnu.ch\/wordpress\/wp-content\/uploads\/2019\/08\/gnipen-20190801-049.jpg?fit=1200%2C800&ssl=1&resize=350%2C200","width":350,"height":200,"srcset":"https:\/\/i0.wp.com\/idnu.ch\/wordpress\/wp-content\/uploads\/2019\/08\/gnipen-20190801-049.jpg?fit=1200%2C800&ssl=1&resize=350%2C200 1x, https:\/\/i0.wp.com\/idnu.ch\/wordpress\/wp-content\/uploads\/2019\/08\/gnipen-20190801-049.jpg?fit=1200%2C800&ssl=1&resize=525%2C300 1.5x, https:\/\/i0.wp.com\/idnu.ch\/wordpress\/wp-content\/uploads\/2019\/08\/gnipen-20190801-049.jpg?fit=1200%2C800&ssl=1&resize=700%2C400 2x, https:\/\/i0.wp.com\/idnu.ch\/wordpress\/wp-content\/uploads\/2019\/08\/gnipen-20190801-049.jpg?fit=1200%2C800&ssl=1&resize=1050%2C600 3x"},"classes":[]},{"id":7480,"url":"https:\/\/idnu.ch\/wordpress\/das-neue-velobuch-fuer-familien\/","url_meta":{"origin":209,"position":2},"title":"Das neue Velobuch f\u00fcr Familien","author":"Urs Kyburz","date":"20. April 2017","format":false,"excerpt":"Nun ist es da, das neue Velobuch f\u00fcr Familien! 14 Tagestouren und Veloreisen (fast) in der ganzen Schweiz versprechen sch\u00f6ne Familienausfl\u00fcge. Mal gem\u00fctlich, mal herausfordernd, aber immer durch sch\u00f6ne Landschaften. Und diese Touren stehen drin: Einmal quer durch den Jura - Transjurane Eine Wochentour entlang dem Rhein \"Dr sch\u00f6ne gr\u00fcene\u2026","rel":"","context":"In &quot;Mountainbike &amp; Velo&quot;","block_context":{"text":"Mountainbike &amp; Velo","link":"https:\/\/idnu.ch\/wordpress\/category\/zweirad\/"},"img":{"alt_text":"Das Velobuch f\u00fcr Familien","src":"https:\/\/i0.wp.com\/idnu.ch\/wordpress\/wp-content\/uploads\/2017\/04\/205_600x600_DasVelobuchfrFamilien10_velobuch_2017_cover.jpg?fit=429%2C600&ssl=1&resize=350%2C200","width":350,"height":200},"classes":[]},{"id":5238,"url":"https:\/\/idnu.ch\/wordpress\/velotour-der-reuss-entlang\/","url_meta":{"origin":209,"position":3},"title":"Velotour der Reuss entlang","author":"Urs Kyburz","date":"23. August 2016","format":false,"excerpt":"Wir sind schon einigen Fl\u00fcssen entlang gefahren: Rhein, Aare, Inn, immer in mehreren Etappen. Die Reuss ist daf\u00fcr zu kurz: Der Urner Reuss entlang, von Andermatt bis Fl\u00fcelen, ist nicht wirklich attraktiv in dem engen Tal, das bekanntlich vom Autoverkehr dominiert wird. Nachdem der Fluss bei Luzern wieder aus dem\u2026","rel":"","context":"In &quot;Aargau&quot;","block_context":{"text":"Aargau","link":"https:\/\/idnu.ch\/wordpress\/category\/kanton\/aargau\/"},"img":{"alt_text":"An der Lorzem\u00fcndung","src":"https:\/\/i0.wp.com\/idnu.ch\/wordpress\/wp-content\/uploads\/2016\/08\/reusstour_0010.jpg?fit=1200%2C900&ssl=1&resize=350%2C200","width":350,"height":200,"srcset":"https:\/\/i0.wp.com\/idnu.ch\/wordpress\/wp-content\/uploads\/2016\/08\/reusstour_0010.jpg?fit=1200%2C900&ssl=1&resize=350%2C200 1x, https:\/\/i0.wp.com\/idnu.ch\/wordpress\/wp-content\/uploads\/2016\/08\/reusstour_0010.jpg?fit=1200%2C900&ssl=1&resize=525%2C300 1.5x, https:\/\/i0.wp.com\/idnu.ch\/wordpress\/wp-content\/uploads\/2016\/08\/reusstour_0010.jpg?fit=1200%2C900&ssl=1&resize=700%2C400 2x, https:\/\/i0.wp.com\/idnu.ch\/wordpress\/wp-content\/uploads\/2016\/08\/reusstour_0010.jpg?fit=1200%2C900&ssl=1&resize=1050%2C600 3x"},"classes":[]},{"id":7508,"url":"https:\/\/idnu.ch\/wordpress\/auf-dem-balkon-der-innerschweiz\/","url_meta":{"origin":209,"position":4},"title":"Auf dem Balkon der Innerschweiz","author":"Urs Kyburz","date":"1. Mai 2017","format":false,"excerpt":"Immer wieder sah ich die tollen Bilder der Instagramerin\u00a0@fancyeve05\u00a0vom Michaelskreuz. Das muss ein ganz spezieller Ort sein, so dass ich mir mal die Karte von der Gegend auf den Bildschirm holte und nach bikebaren Wegen suchte. Es kam zwar dann nicht ganz wie geplant, war aber trotzdem eine tolle Tour.\u2026","rel":"","context":"In &quot;Luzern&quot;","block_context":{"text":"Luzern","link":"https:\/\/idnu.ch\/wordpress\/category\/kanton\/luzern\/"},"img":{"alt_text":"","src":"https:\/\/i0.wp.com\/idnu.ch\/wordpress\/wp-content\/uploads\/2017\/05\/michaelskreuz-10.jpg?fit=1200%2C800&ssl=1&resize=350%2C200","width":350,"height":200,"srcset":"https:\/\/i0.wp.com\/idnu.ch\/wordpress\/wp-content\/uploads\/2017\/05\/michaelskreuz-10.jpg?fit=1200%2C800&ssl=1&resize=350%2C200 1x, https:\/\/i0.wp.com\/idnu.ch\/wordpress\/wp-content\/uploads\/2017\/05\/michaelskreuz-10.jpg?fit=1200%2C800&ssl=1&resize=525%2C300 1.5x, https:\/\/i0.wp.com\/idnu.ch\/wordpress\/wp-content\/uploads\/2017\/05\/michaelskreuz-10.jpg?fit=1200%2C800&ssl=1&resize=700%2C400 2x, https:\/\/i0.wp.com\/idnu.ch\/wordpress\/wp-content\/uploads\/2017\/05\/michaelskreuz-10.jpg?fit=1200%2C800&ssl=1&resize=1050%2C600 3x"},"classes":[]},{"id":9450,"url":"https:\/\/idnu.ch\/wordpress\/schifffahren-auf-dem-hallwilersee\/","url_meta":{"origin":209,"position":5},"title":"Schifffahren auf dem Hallwilersee","author":"Urs Kyburz","date":"15. M\u00e4rz 2018","format":false,"excerpt":"Bis jetzt hatte ich immer nur von Wanderungen und Biketouren rund um den Hallwilersee geschrieben und die Schifffahrt nur nebenbei erw\u00e4hnt. Zeit, das zu \u00e4ndern, denn es gibt kein gem\u00fctlicheres Mittel, wieder zum Ausgangspunkt einer Tour zur\u00fcckzukehren im Seetal. Die Schifffahrtsgesellschaft Hallwilersee (SGH) bietet mit ihren f\u00fcnf Schiffen Rundtouren auf\u2026","rel":"","context":"In &quot;Aargau&quot;","block_context":{"text":"Aargau","link":"https:\/\/idnu.ch\/wordpress\/category\/kanton\/aargau\/"},"img":{"alt_text":"","src":"https:\/\/i0.wp.com\/idnu.ch\/wordpress\/wp-content\/uploads\/2018\/03\/hallwilerseefahrt-20180311-50.jpg?fit=1200%2C675&ssl=1&resize=350%2C200","width":350,"height":200,"srcset":"https:\/\/i0.wp.com\/idnu.ch\/wordpress\/wp-content\/uploads\/2018\/03\/hallwilerseefahrt-20180311-50.jpg?fit=1200%2C675&ssl=1&resize=350%2C200 1x, https:\/\/i0.wp.com\/idnu.ch\/wordpress\/wp-content\/uploads\/2018\/03\/hallwilerseefahrt-20180311-50.jpg?fit=1200%2C675&ssl=1&resize=525%2C300 1.5x, https:\/\/i0.wp.com\/idnu.ch\/wordpress\/wp-content\/uploads\/2018\/03\/hallwilerseefahrt-20180311-50.jpg?fit=1200%2C675&ssl=1&resize=700%2C400 2x, https:\/\/i0.wp.com\/idnu.ch\/wordpress\/wp-content\/uploads\/2018\/03\/hallwilerseefahrt-20180311-50.jpg?fit=1200%2C675&ssl=1&resize=1050%2C600 3x"},"classes":[]}],"jetpack_likes_enabled":true,"_links":{"self":[{"href":"https:\/\/idnu.ch\/wordpress\/wp-json\/wp\/v2\/posts\/209","targetHints":{"allow":["GET"]}}],"collection":[{"href":"https:\/\/idnu.ch\/wordpress\/wp-json\/wp\/v2\/posts"}],"about":[{"href":"https:\/\/idnu.ch\/wordpress\/wp-json\/wp\/v2\/types\/post"}],"author":[{"embeddable":true,"href":"https:\/\/idnu.ch\/wordpress\/wp-json\/wp\/v2\/users\/2"}],"replies":[{"embeddable":true,"href":"https:\/\/idnu.ch\/wordpress\/wp-json\/wp\/v2\/comments?post=209"}],"version-history":[{"count":5,"href":"https:\/\/idnu.ch\/wordpress\/wp-json\/wp\/v2\/posts\/209\/revisions"}],"predecessor-version":[{"id":25466,"href":"https:\/\/idnu.ch\/wordpress\/wp-json\/wp\/v2\/posts\/209\/revisions\/25466"}],"wp:featuredmedia":[{"embeddable":true,"href":"https:\/\/idnu.ch\/wordpress\/wp-json\/wp\/v2\/media\/891"}],"wp:attachment":[{"href":"https:\/\/idnu.ch\/wordpress\/wp-json\/wp\/v2\/media?parent=209"}],"wp:term":[{"taxonomy":"category","embeddable":true,"href":"https:\/\/idnu.ch\/wordpress\/wp-json\/wp\/v2\/categories?post=209"},{"taxonomy":"post_tag","embeddable":true,"href":"https:\/\/idnu.ch\/wordpress\/wp-json\/wp\/v2\/tags?post=209"}],"curies":[{"name":"wp","href":"https:\/\/api.w.org\/{rel}","templated":true}]}}