{"id":22183,"date":"2022-12-12T12:12:13","date_gmt":"2022-12-12T11:12:13","guid":{"rendered":"https:\/\/idnu.ch\/wordpress\/?p=22183"},"modified":"2025-08-24T16:59:20","modified_gmt":"2025-08-24T14:59:20","slug":"im-sagenumwobenen-verzascatal","status":"publish","type":"post","link":"https:\/\/idnu.ch\/wordpress\/im-sagenumwobenen-verzascatal\/","title":{"rendered":"Im sagenumwobenen Verzascatal"},"content":{"rendered":"<p><strong>Was hat mir James Bond voraus? Er war schon im sagenumwobenen Verzascatal und st\u00fcrzte sich dort in &#8222;Goldeneye&#8220; von der Staumauer. Ok, einiges andere hat er mir auch voraus, daf\u00fcr bin ich real. Und seit Oktober bin ich auch ein Besucher des Verzascatals.<\/strong><\/p>\n<figure id=\"attachment_22208\" aria-describedby=\"caption-attachment-22208\" style=\"width: 1240px\" class=\"wp-caption alignnone\"><a href=\"https:\/\/i0.wp.com\/idnu.ch\/wordpress\/wp-content\/uploads\/2022\/12\/locarno-20221012-29.jpg?ssl=1\"><img data-recalc-dims=\"1\" loading=\"lazy\" decoding=\"async\" data-attachment-id=\"22208\" data-permalink=\"https:\/\/idnu.ch\/wordpress\/im-sagenumwobenen-verzascatal\/locarno-20221012-29\/#main\" data-orig-file=\"https:\/\/i0.wp.com\/idnu.ch\/wordpress\/wp-content\/uploads\/2022\/12\/locarno-20221012-29.jpg?fit=1240%2C827&amp;ssl=1\" data-orig-size=\"1240,827\" data-comments-opened=\"1\" data-image-meta=\"{&quot;aperture&quot;:&quot;9&quot;,&quot;credit&quot;:&quot;Urs Kyburz&quot;,&quot;camera&quot;:&quot;Canon EOS 5D Mark IV&quot;,&quot;caption&quot;:&quot;&quot;,&quot;created_timestamp&quot;:&quot;1665561761&quot;,&quot;copyright&quot;:&quot;Copyright Urs Kyburz (2019)&quot;,&quot;focal_length&quot;:&quot;40&quot;,&quot;iso&quot;:&quot;100&quot;,&quot;shutter_speed&quot;:&quot;0.02&quot;,&quot;title&quot;:&quot;&quot;,&quot;orientation&quot;:&quot;0&quot;}\" data-image-title=\"An der Verzasca\" data-image-description=\"\" data-image-caption=\"\" data-large-file=\"https:\/\/i0.wp.com\/idnu.ch\/wordpress\/wp-content\/uploads\/2022\/12\/locarno-20221012-29.jpg?fit=750%2C500&amp;ssl=1\" class=\"wp-image-22208 size-full\" src=\"https:\/\/i0.wp.com\/idnu.ch\/wordpress\/wp-content\/uploads\/2022\/12\/locarno-20221012-29.jpg?resize=750%2C500&#038;ssl=1\" alt=\"rechts stehen zwei personen, die in die verzasca blicken\" width=\"750\" height=\"500\" srcset=\"https:\/\/i0.wp.com\/idnu.ch\/wordpress\/wp-content\/uploads\/2022\/12\/locarno-20221012-29.jpg?w=1240&amp;ssl=1 1240w, https:\/\/i0.wp.com\/idnu.ch\/wordpress\/wp-content\/uploads\/2022\/12\/locarno-20221012-29.jpg?resize=300%2C200&amp;ssl=1 300w, https:\/\/i0.wp.com\/idnu.ch\/wordpress\/wp-content\/uploads\/2022\/12\/locarno-20221012-29.jpg?resize=1024%2C683&amp;ssl=1 1024w, https:\/\/i0.wp.com\/idnu.ch\/wordpress\/wp-content\/uploads\/2022\/12\/locarno-20221012-29.jpg?resize=768%2C512&amp;ssl=1 768w, https:\/\/i0.wp.com\/idnu.ch\/wordpress\/wp-content\/uploads\/2022\/12\/locarno-20221012-29.jpg?resize=150%2C100&amp;ssl=1 150w\" sizes=\"auto, (max-width: 750px) 100vw, 750px\" \/><\/a><figcaption id=\"caption-attachment-22208\" class=\"wp-caption-text\">An der Verzasca<\/figcaption><\/figure>\n<h2>Eindr\u00fccklicher Tiefblick<\/h2>\n<p>Wir fahren mit dem Postauto bis zur Haltestelle Corippo Bivio, vorbei an der ber\u00fchmten Staumauer und dem See. Das Dorf Corippo liegt am gegen\u00fcberliegenden Hang und ein Teil des Dorfes ist ein Hotel, ein <a href=\"https:\/\/www.ticino.ch\/de\/inspirations\/stories\/corippo.html\" target=\"_blank\" rel=\"noopener\">&#8222;Albergo diffuso&#8220;<\/a>. Wir steigen ab zur Ponte di Corippo. Von dort blicken wir in eine Schlucht, die die Verzasca aus dem harten Granit gefr\u00e4st hat. Erstaunlich, wie viel Kraft Wasser hat.<\/p>\n<div class=\"tiled-gallery type-rectangular tiled-gallery-unresized\" data-original-width=\"750\" data-carousel-extra='{&quot;blog_id&quot;:1,&quot;permalink&quot;:&quot;https:\\\/\\\/idnu.ch\\\/wordpress\\\/im-sagenumwobenen-verzascatal\\\/&quot;,&quot;likes_blog_id&quot;:100184974}' itemscope itemtype=\"http:\/\/schema.org\/ImageGallery\" > <div class=\"gallery-row\" style=\"width: 750px; height: 560px;\" data-original-width=\"750\" data-original-height=\"560\" > <div class=\"gallery-group images-1\" style=\"width: 375px; height: 560px;\" data-original-width=\"375\" data-original-height=\"560\" > <div class=\"tiled-gallery-item tiled-gallery-item-large\" itemprop=\"associatedMedia\" itemscope itemtype=\"http:\/\/schema.org\/ImageObject\"> <a href=\"https:\/\/idnu.ch\/wordpress\/im-sagenumwobenen-verzascatal\/locarno-20221012-2\/#main\" border=\"0\" itemprop=\"url\"> <meta itemprop=\"width\" content=\"371\"> <meta itemprop=\"height\" content=\"556\"> <img decoding=\"async\" class=\"\" data-attachment-id=\"22200\" data-orig-file=\"https:\/\/idnu.ch\/wordpress\/wp-content\/uploads\/2022\/12\/locarno-20221012-2.jpg\" data-orig-size=\"827,1240\" data-comments-opened=\"1\" data-image-meta=\"{&quot;aperture&quot;:&quot;6.3&quot;,&quot;credit&quot;:&quot;Urs Kyburz&quot;,&quot;camera&quot;:&quot;Canon EOS 5D Mark IV&quot;,&quot;caption&quot;:&quot;&quot;,&quot;created_timestamp&quot;:&quot;1665557185&quot;,&quot;copyright&quot;:&quot;Copyright Urs Kyburz (2019)&quot;,&quot;focal_length&quot;:&quot;28&quot;,&quot;iso&quot;:&quot;3200&quot;,&quot;shutter_speed&quot;:&quot;0.004&quot;,&quot;title&quot;:&quot;&quot;,&quot;orientation&quot;:&quot;0&quot;}\" data-image-title=\"Die Schucht bei der Ponte di Corippo\" data-image-description=\"\" data-medium-file=\"https:\/\/i0.wp.com\/idnu.ch\/wordpress\/wp-content\/uploads\/2022\/12\/locarno-20221012-2.jpg?fit=200%2C300&#038;ssl=1\" data-large-file=\"https:\/\/i0.wp.com\/idnu.ch\/wordpress\/wp-content\/uploads\/2022\/12\/locarno-20221012-2.jpg?fit=683%2C1024&#038;ssl=1\" src=\"https:\/\/i0.wp.com\/idnu.ch\/wordpress\/wp-content\/uploads\/2022\/12\/locarno-20221012-2.jpg?w=371&#038;h=556&#038;ssl=1\" srcset=\"https:\/\/i0.wp.com\/idnu.ch\/wordpress\/wp-content\/uploads\/2022\/12\/locarno-20221012-2.jpg?w=827&amp;ssl=1 827w, https:\/\/i0.wp.com\/idnu.ch\/wordpress\/wp-content\/uploads\/2022\/12\/locarno-20221012-2.jpg?resize=200%2C300&amp;ssl=1 200w, https:\/\/i0.wp.com\/idnu.ch\/wordpress\/wp-content\/uploads\/2022\/12\/locarno-20221012-2.jpg?resize=683%2C1024&amp;ssl=1 683w, https:\/\/i0.wp.com\/idnu.ch\/wordpress\/wp-content\/uploads\/2022\/12\/locarno-20221012-2.jpg?resize=768%2C1152&amp;ssl=1 768w, https:\/\/i0.wp.com\/idnu.ch\/wordpress\/wp-content\/uploads\/2022\/12\/locarno-20221012-2.jpg?resize=67%2C100&amp;ssl=1 67w\" width=\"371\" height=\"556\" loading=\"lazy\" data-original-width=\"371\" data-original-height=\"556\" itemprop=\"http:\/\/schema.org\/image\" title=\"Die Schucht bei der Ponte di Corippo\" alt=\"schlucht mit herbstlichen b\u00e4umen links und rechts\" style=\"width: 371px; height: 556px;\" \/> <\/a> <div class=\"tiled-gallery-caption\" itemprop=\"caption description\"> Die Schucht bei der Ponte di Corippo <\/div> <\/div> <\/div> <!-- close group --> <div class=\"gallery-group images-1\" style=\"width: 375px; height: 560px;\" data-original-width=\"375\" data-original-height=\"560\" > <div class=\"tiled-gallery-item tiled-gallery-item-large\" itemprop=\"associatedMedia\" itemscope itemtype=\"http:\/\/schema.org\/ImageObject\"> <a href=\"https:\/\/idnu.ch\/wordpress\/im-sagenumwobenen-verzascatal\/locarno-20221012-3\/#main\" border=\"0\" itemprop=\"url\"> <meta itemprop=\"width\" content=\"371\"> <meta itemprop=\"height\" content=\"556\"> <img decoding=\"async\" class=\"\" data-attachment-id=\"22201\" data-orig-file=\"https:\/\/idnu.ch\/wordpress\/wp-content\/uploads\/2022\/12\/locarno-20221012-3.jpg\" data-orig-size=\"827,1240\" data-comments-opened=\"1\" data-image-meta=\"{&quot;aperture&quot;:&quot;6.3&quot;,&quot;credit&quot;:&quot;Urs Kyburz&quot;,&quot;camera&quot;:&quot;Canon EOS 5D Mark IV&quot;,&quot;caption&quot;:&quot;&quot;,&quot;created_timestamp&quot;:&quot;1665557211&quot;,&quot;copyright&quot;:&quot;Copyright Urs Kyburz (2019)&quot;,&quot;focal_length&quot;:&quot;28&quot;,&quot;iso&quot;:&quot;3200&quot;,&quot;shutter_speed&quot;:&quot;0.004&quot;,&quot;title&quot;:&quot;&quot;,&quot;orientation&quot;:&quot;0&quot;}\" data-image-title=\"Blick auf die andere Seite\" data-image-description=\"\" data-medium-file=\"https:\/\/i0.wp.com\/idnu.ch\/wordpress\/wp-content\/uploads\/2022\/12\/locarno-20221012-3.jpg?fit=200%2C300&#038;ssl=1\" data-large-file=\"https:\/\/i0.wp.com\/idnu.ch\/wordpress\/wp-content\/uploads\/2022\/12\/locarno-20221012-3.jpg?fit=683%2C1024&#038;ssl=1\" src=\"https:\/\/i0.wp.com\/idnu.ch\/wordpress\/wp-content\/uploads\/2022\/12\/locarno-20221012-3.jpg?w=371&#038;h=556&#038;ssl=1\" srcset=\"https:\/\/i0.wp.com\/idnu.ch\/wordpress\/wp-content\/uploads\/2022\/12\/locarno-20221012-3.jpg?w=827&amp;ssl=1 827w, https:\/\/i0.wp.com\/idnu.ch\/wordpress\/wp-content\/uploads\/2022\/12\/locarno-20221012-3.jpg?resize=200%2C300&amp;ssl=1 200w, https:\/\/i0.wp.com\/idnu.ch\/wordpress\/wp-content\/uploads\/2022\/12\/locarno-20221012-3.jpg?resize=683%2C1024&amp;ssl=1 683w, https:\/\/i0.wp.com\/idnu.ch\/wordpress\/wp-content\/uploads\/2022\/12\/locarno-20221012-3.jpg?resize=768%2C1152&amp;ssl=1 768w, https:\/\/i0.wp.com\/idnu.ch\/wordpress\/wp-content\/uploads\/2022\/12\/locarno-20221012-3.jpg?resize=67%2C100&amp;ssl=1 67w\" width=\"371\" height=\"556\" loading=\"lazy\" data-original-width=\"371\" data-original-height=\"556\" itemprop=\"http:\/\/schema.org\/image\" title=\"Blick auf die andere Seite\" alt=\"verzasca fliesst durch eine schlucht, die von herbstlich gef\u00e4rbten b\u00e4umen ges\u00e4umt ist\" style=\"width: 371px; height: 556px;\" \/> <\/a> <div class=\"tiled-gallery-caption\" itemprop=\"caption description\"> Blick auf die andere Seite <\/div> <\/div> <\/div> <!-- close group --> <\/div> <!-- close row --> <div class=\"gallery-row\" style=\"width: 750px; height: 502px;\" data-original-width=\"750\" data-original-height=\"502\" > <div class=\"gallery-group images-1\" style=\"width: 750px; height: 502px;\" data-original-width=\"750\" data-original-height=\"502\" > <div class=\"tiled-gallery-item tiled-gallery-item-large\" itemprop=\"associatedMedia\" itemscope itemtype=\"http:\/\/schema.org\/ImageObject\"> <a href=\"https:\/\/idnu.ch\/wordpress\/im-sagenumwobenen-verzascatal\/locarno-20221012-4\/#main\" border=\"0\" itemprop=\"url\"> <meta itemprop=\"width\" content=\"746\"> <meta itemprop=\"height\" content=\"498\"> <img decoding=\"async\" class=\"\" data-attachment-id=\"22202\" data-orig-file=\"https:\/\/idnu.ch\/wordpress\/wp-content\/uploads\/2022\/12\/locarno-20221012-4.jpg\" data-orig-size=\"1240,827\" data-comments-opened=\"1\" data-image-meta=\"{&quot;aperture&quot;:&quot;6.3&quot;,&quot;credit&quot;:&quot;Urs Kyburz&quot;,&quot;camera&quot;:&quot;Canon EOS 5D Mark IV&quot;,&quot;caption&quot;:&quot;&quot;,&quot;created_timestamp&quot;:&quot;1665557648&quot;,&quot;copyright&quot;:&quot;Copyright Urs Kyburz (2019)&quot;,&quot;focal_length&quot;:&quot;105&quot;,&quot;iso&quot;:&quot;500&quot;,&quot;shutter_speed&quot;:&quot;0.008&quot;,&quot;title&quot;:&quot;&quot;,&quot;orientation&quot;:&quot;0&quot;}\" data-image-title=\"Tosende Verzasca\" data-image-description=\"\" data-medium-file=\"https:\/\/i0.wp.com\/idnu.ch\/wordpress\/wp-content\/uploads\/2022\/12\/locarno-20221012-4.jpg?fit=300%2C200&#038;ssl=1\" data-large-file=\"https:\/\/i0.wp.com\/idnu.ch\/wordpress\/wp-content\/uploads\/2022\/12\/locarno-20221012-4.jpg?fit=750%2C500&#038;ssl=1\" src=\"https:\/\/i0.wp.com\/idnu.ch\/wordpress\/wp-content\/uploads\/2022\/12\/locarno-20221012-4.jpg?w=746&#038;h=498&#038;ssl=1\" srcset=\"https:\/\/i0.wp.com\/idnu.ch\/wordpress\/wp-content\/uploads\/2022\/12\/locarno-20221012-4.jpg?w=1240&amp;ssl=1 1240w, https:\/\/i0.wp.com\/idnu.ch\/wordpress\/wp-content\/uploads\/2022\/12\/locarno-20221012-4.jpg?resize=300%2C200&amp;ssl=1 300w, https:\/\/i0.wp.com\/idnu.ch\/wordpress\/wp-content\/uploads\/2022\/12\/locarno-20221012-4.jpg?resize=1024%2C683&amp;ssl=1 1024w, https:\/\/i0.wp.com\/idnu.ch\/wordpress\/wp-content\/uploads\/2022\/12\/locarno-20221012-4.jpg?resize=768%2C512&amp;ssl=1 768w, https:\/\/i0.wp.com\/idnu.ch\/wordpress\/wp-content\/uploads\/2022\/12\/locarno-20221012-4.jpg?resize=150%2C100&amp;ssl=1 150w\" width=\"746\" height=\"498\" loading=\"lazy\" data-original-width=\"746\" data-original-height=\"498\" itemprop=\"http:\/\/schema.org\/image\" title=\"Tosende Verzasca\" alt=\"wasserfall \u00fcber granitfelsen\" style=\"width: 746px; height: 498px;\" \/> <\/a> <div class=\"tiled-gallery-caption\" itemprop=\"caption description\"> Tosende Verzasca <\/div> <\/div> <\/div> <!-- close group --> <\/div> <!-- close row --> <\/div>\n<p>Wir wandern der Verzasca entlang, bestaunen die durch das Wasser geformten Felsformationen. Wir passieren ein Maiens\u00e4ss. Es sieht nicht aus, als w\u00fcrde es noch benutzt. Im Wald treffen wir auf weitere, ganz oder teilweise zerfallene Geb\u00e4ude. Landwirtschaft hatte hier auch schon eine wichtigere Rolle gespielt.<\/p>\n<div class=\"tiled-gallery type-rectangular tiled-gallery-unresized\" data-original-width=\"750\" data-carousel-extra='{&quot;blog_id&quot;:1,&quot;permalink&quot;:&quot;https:\\\/\\\/idnu.ch\\\/wordpress\\\/im-sagenumwobenen-verzascatal\\\/&quot;,&quot;likes_blog_id&quot;:100184974}' itemscope itemtype=\"http:\/\/schema.org\/ImageGallery\" > <div class=\"gallery-row\" style=\"width: 750px; height: 335px;\" data-original-width=\"750\" data-original-height=\"335\" > <div class=\"gallery-group images-1\" style=\"width: 501px; height: 335px;\" data-original-width=\"501\" data-original-height=\"335\" > <div class=\"tiled-gallery-item tiled-gallery-item-large\" itemprop=\"associatedMedia\" itemscope itemtype=\"http:\/\/schema.org\/ImageObject\"> <a href=\"https:\/\/idnu.ch\/wordpress\/im-sagenumwobenen-verzascatal\/locarno-20221012-7\/#main\" border=\"0\" itemprop=\"url\"> <meta itemprop=\"width\" content=\"497\"> <meta itemprop=\"height\" content=\"331\"> <img decoding=\"async\" class=\"\" data-attachment-id=\"22203\" data-orig-file=\"https:\/\/idnu.ch\/wordpress\/wp-content\/uploads\/2022\/12\/locarno-20221012-7.jpg\" data-orig-size=\"1240,827\" data-comments-opened=\"1\" data-image-meta=\"{&quot;aperture&quot;:&quot;5.6&quot;,&quot;credit&quot;:&quot;Urs Kyburz&quot;,&quot;camera&quot;:&quot;Canon EOS 5D Mark IV&quot;,&quot;caption&quot;:&quot;&quot;,&quot;created_timestamp&quot;:&quot;1665558267&quot;,&quot;copyright&quot;:&quot;Copyright Urs Kyburz (2019)&quot;,&quot;focal_length&quot;:&quot;45&quot;,&quot;iso&quot;:&quot;200&quot;,&quot;shutter_speed&quot;:&quot;0.02&quot;,&quot;title&quot;:&quot;&quot;,&quot;orientation&quot;:&quot;0&quot;}\" data-image-title=\"Ein verlassenes Maiens\u00e4ss\" data-image-description=\"\" data-medium-file=\"https:\/\/i0.wp.com\/idnu.ch\/wordpress\/wp-content\/uploads\/2022\/12\/locarno-20221012-7.jpg?fit=300%2C200&#038;ssl=1\" data-large-file=\"https:\/\/i0.wp.com\/idnu.ch\/wordpress\/wp-content\/uploads\/2022\/12\/locarno-20221012-7.jpg?fit=750%2C500&#038;ssl=1\" src=\"https:\/\/i0.wp.com\/idnu.ch\/wordpress\/wp-content\/uploads\/2022\/12\/locarno-20221012-7.jpg?w=497&#038;h=331&#038;ssl=1\" srcset=\"https:\/\/i0.wp.com\/idnu.ch\/wordpress\/wp-content\/uploads\/2022\/12\/locarno-20221012-7.jpg?w=1240&amp;ssl=1 1240w, https:\/\/i0.wp.com\/idnu.ch\/wordpress\/wp-content\/uploads\/2022\/12\/locarno-20221012-7.jpg?resize=300%2C200&amp;ssl=1 300w, https:\/\/i0.wp.com\/idnu.ch\/wordpress\/wp-content\/uploads\/2022\/12\/locarno-20221012-7.jpg?resize=1024%2C683&amp;ssl=1 1024w, https:\/\/i0.wp.com\/idnu.ch\/wordpress\/wp-content\/uploads\/2022\/12\/locarno-20221012-7.jpg?resize=768%2C512&amp;ssl=1 768w, https:\/\/i0.wp.com\/idnu.ch\/wordpress\/wp-content\/uploads\/2022\/12\/locarno-20221012-7.jpg?resize=150%2C100&amp;ssl=1 150w\" width=\"497\" height=\"331\" loading=\"lazy\" data-original-width=\"497\" data-original-height=\"331\" itemprop=\"http:\/\/schema.org\/image\" title=\"Ein verlassenes Maiens\u00e4ss\" alt=\"zwei personen auf einem wanderweg, hinten zwei alpgeb\u00e4ude\" style=\"width: 497px; height: 331px;\" \/> <\/a> <div class=\"tiled-gallery-caption\" itemprop=\"caption description\"> Ein verlassenes Maiens\u00e4ss <\/div> <\/div> <\/div> <!-- close group --> <div class=\"gallery-group images-2\" style=\"width: 249px; height: 335px;\" data-original-width=\"249\" data-original-height=\"335\" > <div class=\"tiled-gallery-item tiled-gallery-item-small\" itemprop=\"associatedMedia\" itemscope itemtype=\"http:\/\/schema.org\/ImageObject\"> <a href=\"https:\/\/idnu.ch\/wordpress\/im-sagenumwobenen-verzascatal\/locarno-20221012-9\/#main\" border=\"0\" itemprop=\"url\"> <meta itemprop=\"width\" content=\"245\"> <meta itemprop=\"height\" content=\"164\"> <img decoding=\"async\" class=\"\" data-attachment-id=\"22204\" data-orig-file=\"https:\/\/idnu.ch\/wordpress\/wp-content\/uploads\/2022\/12\/locarno-20221012-9.jpg\" data-orig-size=\"1240,827\" data-comments-opened=\"1\" data-image-meta=\"{&quot;aperture&quot;:&quot;5.6&quot;,&quot;credit&quot;:&quot;Urs Kyburz&quot;,&quot;camera&quot;:&quot;Canon EOS 5D Mark IV&quot;,&quot;caption&quot;:&quot;&quot;,&quot;created_timestamp&quot;:&quot;1665558364&quot;,&quot;copyright&quot;:&quot;Copyright Urs Kyburz (2019)&quot;,&quot;focal_length&quot;:&quot;50&quot;,&quot;iso&quot;:&quot;320&quot;,&quot;shutter_speed&quot;:&quot;0.02&quot;,&quot;title&quot;:&quot;&quot;,&quot;orientation&quot;:&quot;0&quot;}\" data-image-title=\"Das Geb\u00e4ude wird noch gebraucht als Wanderwegmarkierung\" data-image-description=\"\" data-medium-file=\"https:\/\/i0.wp.com\/idnu.ch\/wordpress\/wp-content\/uploads\/2022\/12\/locarno-20221012-9.jpg?fit=300%2C200&#038;ssl=1\" data-large-file=\"https:\/\/i0.wp.com\/idnu.ch\/wordpress\/wp-content\/uploads\/2022\/12\/locarno-20221012-9.jpg?fit=750%2C500&#038;ssl=1\" src=\"https:\/\/i0.wp.com\/idnu.ch\/wordpress\/wp-content\/uploads\/2022\/12\/locarno-20221012-9.jpg?w=245&#038;h=164&#038;ssl=1\" srcset=\"https:\/\/i0.wp.com\/idnu.ch\/wordpress\/wp-content\/uploads\/2022\/12\/locarno-20221012-9.jpg?w=1240&amp;ssl=1 1240w, https:\/\/i0.wp.com\/idnu.ch\/wordpress\/wp-content\/uploads\/2022\/12\/locarno-20221012-9.jpg?resize=300%2C200&amp;ssl=1 300w, https:\/\/i0.wp.com\/idnu.ch\/wordpress\/wp-content\/uploads\/2022\/12\/locarno-20221012-9.jpg?resize=1024%2C683&amp;ssl=1 1024w, https:\/\/i0.wp.com\/idnu.ch\/wordpress\/wp-content\/uploads\/2022\/12\/locarno-20221012-9.jpg?resize=768%2C512&amp;ssl=1 768w, https:\/\/i0.wp.com\/idnu.ch\/wordpress\/wp-content\/uploads\/2022\/12\/locarno-20221012-9.jpg?resize=150%2C100&amp;ssl=1 150w\" width=\"245\" height=\"164\" loading=\"lazy\" data-original-width=\"245\" data-original-height=\"164\" itemprop=\"http:\/\/schema.org\/image\" title=\"Das Geb\u00e4ude wird noch gebraucht als Wanderwegmarkierung\" alt=\"rechts wanderwegzeichen auf einem alpgeb\u00e4ude, in der mitte unscharf zwei wandernde personen, links die mauer eines weiteren geb\u00e4udes\" style=\"width: 245px; height: 164px;\" \/> <\/a> <div class=\"tiled-gallery-caption\" itemprop=\"caption description\"> Das Geb\u00e4ude wird noch gebraucht als Wanderwegmarkierung <\/div> <\/div> <div class=\"tiled-gallery-item tiled-gallery-item-small\" itemprop=\"associatedMedia\" itemscope itemtype=\"http:\/\/schema.org\/ImageObject\"> <a href=\"https:\/\/idnu.ch\/wordpress\/im-sagenumwobenen-verzascatal\/locarno-20221012-10\/#main\" border=\"0\" itemprop=\"url\"> <meta itemprop=\"width\" content=\"245\"> <meta itemprop=\"height\" content=\"163\"> <img decoding=\"async\" class=\"\" data-attachment-id=\"22205\" data-orig-file=\"https:\/\/idnu.ch\/wordpress\/wp-content\/uploads\/2022\/12\/locarno-20221012-10.jpg\" data-orig-size=\"1240,827\" data-comments-opened=\"1\" data-image-meta=\"{&quot;aperture&quot;:&quot;5.6&quot;,&quot;credit&quot;:&quot;Urs Kyburz&quot;,&quot;camera&quot;:&quot;Canon EOS 5D Mark IV&quot;,&quot;caption&quot;:&quot;&quot;,&quot;created_timestamp&quot;:&quot;1665559234&quot;,&quot;copyright&quot;:&quot;Copyright Urs Kyburz (2019)&quot;,&quot;focal_length&quot;:&quot;24&quot;,&quot;iso&quot;:&quot;800&quot;,&quot;shutter_speed&quot;:&quot;0.033333333333333&quot;,&quot;title&quot;:&quot;&quot;,&quot;orientation&quot;:&quot;0&quot;}\" data-image-title=\"Es hatte schon bessere Zeiten erlebt\" data-image-description=\"\" data-medium-file=\"https:\/\/i0.wp.com\/idnu.ch\/wordpress\/wp-content\/uploads\/2022\/12\/locarno-20221012-10.jpg?fit=300%2C200&#038;ssl=1\" data-large-file=\"https:\/\/i0.wp.com\/idnu.ch\/wordpress\/wp-content\/uploads\/2022\/12\/locarno-20221012-10.jpg?fit=750%2C500&#038;ssl=1\" src=\"https:\/\/i0.wp.com\/idnu.ch\/wordpress\/wp-content\/uploads\/2022\/12\/locarno-20221012-10.jpg?w=245&#038;h=163&#038;ssl=1\" srcset=\"https:\/\/i0.wp.com\/idnu.ch\/wordpress\/wp-content\/uploads\/2022\/12\/locarno-20221012-10.jpg?w=1240&amp;ssl=1 1240w, https:\/\/i0.wp.com\/idnu.ch\/wordpress\/wp-content\/uploads\/2022\/12\/locarno-20221012-10.jpg?resize=300%2C200&amp;ssl=1 300w, https:\/\/i0.wp.com\/idnu.ch\/wordpress\/wp-content\/uploads\/2022\/12\/locarno-20221012-10.jpg?resize=1024%2C683&amp;ssl=1 1024w, https:\/\/i0.wp.com\/idnu.ch\/wordpress\/wp-content\/uploads\/2022\/12\/locarno-20221012-10.jpg?resize=768%2C512&amp;ssl=1 768w, https:\/\/i0.wp.com\/idnu.ch\/wordpress\/wp-content\/uploads\/2022\/12\/locarno-20221012-10.jpg?resize=150%2C100&amp;ssl=1 150w\" width=\"245\" height=\"163\" loading=\"lazy\" data-original-width=\"245\" data-original-height=\"163\" itemprop=\"http:\/\/schema.org\/image\" title=\"Es hatte schon bessere Zeiten erlebt\" alt=\"ein verfallenes geb\u00e4ude im wald\" style=\"width: 245px; height: 163px;\" \/> <\/a> <div class=\"tiled-gallery-caption\" itemprop=\"caption description\"> Es hatte schon bessere Zeiten erlebt <\/div> <\/div> <\/div> <!-- close group --> <\/div> <!-- close row --> <div class=\"gallery-row\" style=\"width: 750px; height: 502px;\" data-original-width=\"750\" data-original-height=\"502\" > <div class=\"gallery-group images-1\" style=\"width: 750px; height: 502px;\" data-original-width=\"750\" data-original-height=\"502\" > <div class=\"tiled-gallery-item tiled-gallery-item-large\" itemprop=\"associatedMedia\" itemscope itemtype=\"http:\/\/schema.org\/ImageObject\"> <a href=\"https:\/\/idnu.ch\/wordpress\/im-sagenumwobenen-verzascatal\/locarno-20221012-12\/#main\" border=\"0\" itemprop=\"url\"> <meta itemprop=\"width\" content=\"746\"> <meta itemprop=\"height\" content=\"498\"> <img decoding=\"async\" class=\"\" data-attachment-id=\"22206\" data-orig-file=\"https:\/\/idnu.ch\/wordpress\/wp-content\/uploads\/2022\/12\/locarno-20221012-12.jpg\" data-orig-size=\"1240,827\" data-comments-opened=\"1\" data-image-meta=\"{&quot;aperture&quot;:&quot;5.6&quot;,&quot;credit&quot;:&quot;Urs Kyburz&quot;,&quot;camera&quot;:&quot;Canon EOS 5D Mark IV&quot;,&quot;caption&quot;:&quot;&quot;,&quot;created_timestamp&quot;:&quot;1665559390&quot;,&quot;copyright&quot;:&quot;Copyright Urs Kyburz (2019)&quot;,&quot;focal_length&quot;:&quot;105&quot;,&quot;iso&quot;:&quot;6400&quot;,&quot;shutter_speed&quot;:&quot;0.008&quot;,&quot;title&quot;:&quot;&quot;,&quot;orientation&quot;:&quot;0&quot;}\" data-image-title=\"Bringt Licht ins Dunkle\" data-image-description=\"\" data-medium-file=\"https:\/\/i0.wp.com\/idnu.ch\/wordpress\/wp-content\/uploads\/2022\/12\/locarno-20221012-12.jpg?fit=300%2C200&#038;ssl=1\" data-large-file=\"https:\/\/i0.wp.com\/idnu.ch\/wordpress\/wp-content\/uploads\/2022\/12\/locarno-20221012-12.jpg?fit=750%2C500&#038;ssl=1\" src=\"https:\/\/i0.wp.com\/idnu.ch\/wordpress\/wp-content\/uploads\/2022\/12\/locarno-20221012-12.jpg?w=746&#038;h=498&#038;ssl=1\" srcset=\"https:\/\/i0.wp.com\/idnu.ch\/wordpress\/wp-content\/uploads\/2022\/12\/locarno-20221012-12.jpg?w=1240&amp;ssl=1 1240w, https:\/\/i0.wp.com\/idnu.ch\/wordpress\/wp-content\/uploads\/2022\/12\/locarno-20221012-12.jpg?resize=300%2C200&amp;ssl=1 300w, https:\/\/i0.wp.com\/idnu.ch\/wordpress\/wp-content\/uploads\/2022\/12\/locarno-20221012-12.jpg?resize=1024%2C683&amp;ssl=1 1024w, https:\/\/i0.wp.com\/idnu.ch\/wordpress\/wp-content\/uploads\/2022\/12\/locarno-20221012-12.jpg?resize=768%2C512&amp;ssl=1 768w, https:\/\/i0.wp.com\/idnu.ch\/wordpress\/wp-content\/uploads\/2022\/12\/locarno-20221012-12.jpg?resize=150%2C100&amp;ssl=1 150w\" width=\"746\" height=\"498\" loading=\"lazy\" data-original-width=\"746\" data-original-height=\"498\" itemprop=\"http:\/\/schema.org\/image\" title=\"Bringt Licht ins Dunkle\" alt=\"scharte in einer mauer eines verfallenen alpgeb\u00e4udes\" style=\"width: 746px; height: 498px;\" \/> <\/a> <div class=\"tiled-gallery-caption\" itemprop=\"caption description\"> Bringt Licht ins Dunkle <\/div> <\/div> <\/div> <!-- close group --> <\/div> <!-- close row --> <\/div>\n<p>Herbstzeit ist Pilzzeit. Jetzt schiessen sie richtiggehend aus dem Boden und aus dem Totholz. Da kaum V\u00f6gel unterwegs sind, konzentrieren wir uns auf die Vielfalt dieser Lebensform. Silvan und ich schrauben unsere Makroobjektive auf und fotografieren, noch nicht ahnend, dass es noch besser wird.<\/p>\n<div class=\"tiled-gallery type-rectangular tiled-gallery-unresized\" data-original-width=\"750\" data-carousel-extra='{&quot;blog_id&quot;:1,&quot;permalink&quot;:&quot;https:\\\/\\\/idnu.ch\\\/wordpress\\\/im-sagenumwobenen-verzascatal\\\/&quot;,&quot;likes_blog_id&quot;:100184974}' itemscope itemtype=\"http:\/\/schema.org\/ImageGallery\" > <div class=\"gallery-row\" style=\"width: 750px; height: 335px;\" data-original-width=\"750\" data-original-height=\"335\" > <div class=\"gallery-group images-1\" style=\"width: 501px; height: 335px;\" data-original-width=\"501\" data-original-height=\"335\" > <div class=\"tiled-gallery-item tiled-gallery-item-large\" itemprop=\"associatedMedia\" itemscope itemtype=\"http:\/\/schema.org\/ImageObject\"> <a href=\"https:\/\/idnu.ch\/wordpress\/im-sagenumwobenen-verzascatal\/locarno-20221012-15\/#main\" border=\"0\" itemprop=\"url\"> <meta itemprop=\"width\" content=\"497\"> <meta itemprop=\"height\" content=\"331\"> <img decoding=\"async\" class=\"\" data-attachment-id=\"22210\" data-orig-file=\"https:\/\/idnu.ch\/wordpress\/wp-content\/uploads\/2022\/12\/locarno-20221012-15.jpg\" data-orig-size=\"1240,827\" data-comments-opened=\"1\" data-image-meta=\"{&quot;aperture&quot;:&quot;5.6&quot;,&quot;credit&quot;:&quot;Urs Kyburz&quot;,&quot;camera&quot;:&quot;Canon EOS 5D Mark IV&quot;,&quot;caption&quot;:&quot;&quot;,&quot;created_timestamp&quot;:&quot;1665559535&quot;,&quot;copyright&quot;:&quot;Copyright Urs Kyburz (2019)&quot;,&quot;focal_length&quot;:&quot;105&quot;,&quot;iso&quot;:&quot;640&quot;,&quot;shutter_speed&quot;:&quot;0.008&quot;,&quot;title&quot;:&quot;&quot;,&quot;orientation&quot;:&quot;0&quot;}\" data-image-title=\"\" data-image-description=\"\" data-medium-file=\"https:\/\/i0.wp.com\/idnu.ch\/wordpress\/wp-content\/uploads\/2022\/12\/locarno-20221012-15.jpg?fit=300%2C200&#038;ssl=1\" data-large-file=\"https:\/\/i0.wp.com\/idnu.ch\/wordpress\/wp-content\/uploads\/2022\/12\/locarno-20221012-15.jpg?fit=750%2C500&#038;ssl=1\" src=\"https:\/\/i0.wp.com\/idnu.ch\/wordpress\/wp-content\/uploads\/2022\/12\/locarno-20221012-15.jpg?w=497&#038;h=331&#038;ssl=1\" srcset=\"https:\/\/i0.wp.com\/idnu.ch\/wordpress\/wp-content\/uploads\/2022\/12\/locarno-20221012-15.jpg?w=1240&amp;ssl=1 1240w, https:\/\/i0.wp.com\/idnu.ch\/wordpress\/wp-content\/uploads\/2022\/12\/locarno-20221012-15.jpg?resize=300%2C200&amp;ssl=1 300w, https:\/\/i0.wp.com\/idnu.ch\/wordpress\/wp-content\/uploads\/2022\/12\/locarno-20221012-15.jpg?resize=1024%2C683&amp;ssl=1 1024w, https:\/\/i0.wp.com\/idnu.ch\/wordpress\/wp-content\/uploads\/2022\/12\/locarno-20221012-15.jpg?resize=768%2C512&amp;ssl=1 768w, https:\/\/i0.wp.com\/idnu.ch\/wordpress\/wp-content\/uploads\/2022\/12\/locarno-20221012-15.jpg?resize=150%2C100&amp;ssl=1 150w\" width=\"497\" height=\"331\" loading=\"lazy\" data-original-width=\"497\" data-original-height=\"331\" itemprop=\"http:\/\/schema.org\/image\" title=\"\" alt=\"gelbe ahornbl\u00e4tter am boden\" style=\"width: 497px; height: 331px;\" \/> <\/a> <\/div> <\/div> <!-- close group --> <div class=\"gallery-group images-2\" style=\"width: 249px; height: 335px;\" data-original-width=\"249\" data-original-height=\"335\" > <div class=\"tiled-gallery-item tiled-gallery-item-small\" itemprop=\"associatedMedia\" itemscope itemtype=\"http:\/\/schema.org\/ImageObject\"> <a href=\"https:\/\/idnu.ch\/wordpress\/im-sagenumwobenen-verzascatal\/locarno-20221012-19\/#main\" border=\"0\" itemprop=\"url\"> <meta itemprop=\"width\" content=\"245\"> <meta itemprop=\"height\" content=\"164\"> <img decoding=\"async\" class=\"\" data-attachment-id=\"22211\" data-orig-file=\"https:\/\/idnu.ch\/wordpress\/wp-content\/uploads\/2022\/12\/locarno-20221012-19.jpg\" data-orig-size=\"1240,827\" data-comments-opened=\"1\" data-image-meta=\"{&quot;aperture&quot;:&quot;5.6&quot;,&quot;credit&quot;:&quot;Urs Kyburz&quot;,&quot;camera&quot;:&quot;Canon EOS 5D Mark IV&quot;,&quot;caption&quot;:&quot;&quot;,&quot;created_timestamp&quot;:&quot;1665559894&quot;,&quot;copyright&quot;:&quot;Copyright Urs Kyburz (2019)&quot;,&quot;focal_length&quot;:&quot;90&quot;,&quot;iso&quot;:&quot;1000&quot;,&quot;shutter_speed&quot;:&quot;0.0125&quot;,&quot;title&quot;:&quot;&quot;,&quot;orientation&quot;:&quot;0&quot;}\" data-image-title=\"\" data-image-description=\"\" data-medium-file=\"https:\/\/i0.wp.com\/idnu.ch\/wordpress\/wp-content\/uploads\/2022\/12\/locarno-20221012-19.jpg?fit=300%2C200&#038;ssl=1\" data-large-file=\"https:\/\/i0.wp.com\/idnu.ch\/wordpress\/wp-content\/uploads\/2022\/12\/locarno-20221012-19.jpg?fit=750%2C500&#038;ssl=1\" src=\"https:\/\/i0.wp.com\/idnu.ch\/wordpress\/wp-content\/uploads\/2022\/12\/locarno-20221012-19.jpg?w=245&#038;h=164&#038;ssl=1\" srcset=\"https:\/\/i0.wp.com\/idnu.ch\/wordpress\/wp-content\/uploads\/2022\/12\/locarno-20221012-19.jpg?w=1240&amp;ssl=1 1240w, https:\/\/i0.wp.com\/idnu.ch\/wordpress\/wp-content\/uploads\/2022\/12\/locarno-20221012-19.jpg?resize=300%2C200&amp;ssl=1 300w, https:\/\/i0.wp.com\/idnu.ch\/wordpress\/wp-content\/uploads\/2022\/12\/locarno-20221012-19.jpg?resize=1024%2C683&amp;ssl=1 1024w, https:\/\/i0.wp.com\/idnu.ch\/wordpress\/wp-content\/uploads\/2022\/12\/locarno-20221012-19.jpg?resize=768%2C512&amp;ssl=1 768w, https:\/\/i0.wp.com\/idnu.ch\/wordpress\/wp-content\/uploads\/2022\/12\/locarno-20221012-19.jpg?resize=150%2C100&amp;ssl=1 150w\" width=\"245\" height=\"164\" loading=\"lazy\" data-original-width=\"245\" data-original-height=\"164\" itemprop=\"http:\/\/schema.org\/image\" title=\"\" alt=\"pilz im laub\" style=\"width: 245px; height: 164px;\" \/> <\/a> <\/div> <div class=\"tiled-gallery-item tiled-gallery-item-small\" itemprop=\"associatedMedia\" itemscope itemtype=\"http:\/\/schema.org\/ImageObject\"> <a href=\"https:\/\/idnu.ch\/wordpress\/im-sagenumwobenen-verzascatal\/locarno-20221012-23\/#main\" border=\"0\" itemprop=\"url\"> <meta itemprop=\"width\" content=\"245\"> <meta itemprop=\"height\" content=\"163\"> <img decoding=\"async\" class=\"\" data-attachment-id=\"22212\" data-orig-file=\"https:\/\/idnu.ch\/wordpress\/wp-content\/uploads\/2022\/12\/locarno-20221012-23.jpg\" data-orig-size=\"1240,827\" data-comments-opened=\"1\" data-image-meta=\"{&quot;aperture&quot;:&quot;7.1&quot;,&quot;credit&quot;:&quot;Urs Kyburz&quot;,&quot;camera&quot;:&quot;Canon EOS 5D Mark IV&quot;,&quot;caption&quot;:&quot;&quot;,&quot;created_timestamp&quot;:&quot;1665560447&quot;,&quot;copyright&quot;:&quot;Copyright Urs Kyburz (2019)&quot;,&quot;focal_length&quot;:&quot;90&quot;,&quot;iso&quot;:&quot;1000&quot;,&quot;shutter_speed&quot;:&quot;0.01&quot;,&quot;title&quot;:&quot;&quot;,&quot;orientation&quot;:&quot;0&quot;}\" data-image-title=\"\" data-image-description=\"\" data-medium-file=\"https:\/\/i0.wp.com\/idnu.ch\/wordpress\/wp-content\/uploads\/2022\/12\/locarno-20221012-23.jpg?fit=300%2C200&#038;ssl=1\" data-large-file=\"https:\/\/i0.wp.com\/idnu.ch\/wordpress\/wp-content\/uploads\/2022\/12\/locarno-20221012-23.jpg?fit=750%2C500&#038;ssl=1\" src=\"https:\/\/i0.wp.com\/idnu.ch\/wordpress\/wp-content\/uploads\/2022\/12\/locarno-20221012-23.jpg?w=245&#038;h=163&#038;ssl=1\" srcset=\"https:\/\/i0.wp.com\/idnu.ch\/wordpress\/wp-content\/uploads\/2022\/12\/locarno-20221012-23.jpg?w=1240&amp;ssl=1 1240w, https:\/\/i0.wp.com\/idnu.ch\/wordpress\/wp-content\/uploads\/2022\/12\/locarno-20221012-23.jpg?resize=300%2C200&amp;ssl=1 300w, https:\/\/i0.wp.com\/idnu.ch\/wordpress\/wp-content\/uploads\/2022\/12\/locarno-20221012-23.jpg?resize=1024%2C683&amp;ssl=1 1024w, https:\/\/i0.wp.com\/idnu.ch\/wordpress\/wp-content\/uploads\/2022\/12\/locarno-20221012-23.jpg?resize=768%2C512&amp;ssl=1 768w, https:\/\/i0.wp.com\/idnu.ch\/wordpress\/wp-content\/uploads\/2022\/12\/locarno-20221012-23.jpg?resize=150%2C100&amp;ssl=1 150w\" width=\"245\" height=\"163\" loading=\"lazy\" data-original-width=\"245\" data-original-height=\"163\" itemprop=\"http:\/\/schema.org\/image\" title=\"\" alt=\"pilz im moos von unten\" style=\"width: 245px; height: 163px;\" \/> <\/a> <\/div> <\/div> <!-- close group --> <\/div> <!-- close row --> <div class=\"gallery-row\" style=\"width: 750px; height: 126px;\" data-original-width=\"750\" data-original-height=\"126\" > <div class=\"gallery-group images-1\" style=\"width: 188px; height: 126px;\" data-original-width=\"188\" data-original-height=\"126\" > <div class=\"tiled-gallery-item tiled-gallery-item-small\" itemprop=\"associatedMedia\" itemscope itemtype=\"http:\/\/schema.org\/ImageObject\"> <a href=\"https:\/\/idnu.ch\/wordpress\/im-sagenumwobenen-verzascatal\/locarno-20221012-28\/#main\" border=\"0\" itemprop=\"url\"> <meta itemprop=\"width\" content=\"184\"> <meta itemprop=\"height\" content=\"122\"> <img decoding=\"async\" class=\"\" data-attachment-id=\"22213\" data-orig-file=\"https:\/\/idnu.ch\/wordpress\/wp-content\/uploads\/2022\/12\/locarno-20221012-28.jpg\" data-orig-size=\"1240,827\" data-comments-opened=\"1\" data-image-meta=\"{&quot;aperture&quot;:&quot;7.1&quot;,&quot;credit&quot;:&quot;Urs Kyburz&quot;,&quot;camera&quot;:&quot;Canon EOS 5D Mark IV&quot;,&quot;caption&quot;:&quot;&quot;,&quot;created_timestamp&quot;:&quot;1665560961&quot;,&quot;copyright&quot;:&quot;Copyright Urs Kyburz (2019)&quot;,&quot;focal_length&quot;:&quot;40&quot;,&quot;iso&quot;:&quot;160&quot;,&quot;shutter_speed&quot;:&quot;0.033333333333333&quot;,&quot;title&quot;:&quot;&quot;,&quot;orientation&quot;:&quot;0&quot;}\" data-image-title=\"\" data-image-description=\"\" data-medium-file=\"https:\/\/i0.wp.com\/idnu.ch\/wordpress\/wp-content\/uploads\/2022\/12\/locarno-20221012-28.jpg?fit=300%2C200&#038;ssl=1\" data-large-file=\"https:\/\/i0.wp.com\/idnu.ch\/wordpress\/wp-content\/uploads\/2022\/12\/locarno-20221012-28.jpg?fit=750%2C500&#038;ssl=1\" src=\"https:\/\/i0.wp.com\/idnu.ch\/wordpress\/wp-content\/uploads\/2022\/12\/locarno-20221012-28.jpg?w=184&#038;h=122&#038;ssl=1\" srcset=\"https:\/\/i0.wp.com\/idnu.ch\/wordpress\/wp-content\/uploads\/2022\/12\/locarno-20221012-28.jpg?w=1240&amp;ssl=1 1240w, https:\/\/i0.wp.com\/idnu.ch\/wordpress\/wp-content\/uploads\/2022\/12\/locarno-20221012-28.jpg?resize=300%2C200&amp;ssl=1 300w, https:\/\/i0.wp.com\/idnu.ch\/wordpress\/wp-content\/uploads\/2022\/12\/locarno-20221012-28.jpg?resize=1024%2C683&amp;ssl=1 1024w, https:\/\/i0.wp.com\/idnu.ch\/wordpress\/wp-content\/uploads\/2022\/12\/locarno-20221012-28.jpg?resize=768%2C512&amp;ssl=1 768w, https:\/\/i0.wp.com\/idnu.ch\/wordpress\/wp-content\/uploads\/2022\/12\/locarno-20221012-28.jpg?resize=150%2C100&amp;ssl=1 150w\" width=\"184\" height=\"122\" loading=\"lazy\" data-original-width=\"184\" data-original-height=\"122\" itemprop=\"http:\/\/schema.org\/image\" title=\"\" alt=\"wilder wein an einer fassade eines alpgeb\u00e4udes, links oben ein verrammeltes fenster\" style=\"width: 184px; height: 122px;\" \/> <\/a> <\/div> <\/div> <!-- close group --> <div class=\"gallery-group images-1\" style=\"width: 188px; height: 126px;\" data-original-width=\"188\" data-original-height=\"126\" > <div class=\"tiled-gallery-item tiled-gallery-item-small\" itemprop=\"associatedMedia\" itemscope itemtype=\"http:\/\/schema.org\/ImageObject\"> <a href=\"https:\/\/idnu.ch\/wordpress\/im-sagenumwobenen-verzascatal\/locarno-20221012-30\/#main\" border=\"0\" itemprop=\"url\"> <meta itemprop=\"width\" content=\"184\"> <meta itemprop=\"height\" content=\"122\"> <img decoding=\"async\" class=\"\" data-attachment-id=\"22214\" data-orig-file=\"https:\/\/idnu.ch\/wordpress\/wp-content\/uploads\/2022\/12\/locarno-20221012-30.jpg\" data-orig-size=\"1240,827\" data-comments-opened=\"1\" data-image-meta=\"{&quot;aperture&quot;:&quot;6.3&quot;,&quot;credit&quot;:&quot;Urs Kyburz&quot;,&quot;camera&quot;:&quot;Canon EOS 5D Mark IV&quot;,&quot;caption&quot;:&quot;&quot;,&quot;created_timestamp&quot;:&quot;1665562165&quot;,&quot;copyright&quot;:&quot;Copyright Urs Kyburz (2019)&quot;,&quot;focal_length&quot;:&quot;50&quot;,&quot;iso&quot;:&quot;500&quot;,&quot;shutter_speed&quot;:&quot;0.025&quot;,&quot;title&quot;:&quot;&quot;,&quot;orientation&quot;:&quot;0&quot;}\" data-image-title=\"\" data-image-description=\"\" data-medium-file=\"https:\/\/i0.wp.com\/idnu.ch\/wordpress\/wp-content\/uploads\/2022\/12\/locarno-20221012-30.jpg?fit=300%2C200&#038;ssl=1\" data-large-file=\"https:\/\/i0.wp.com\/idnu.ch\/wordpress\/wp-content\/uploads\/2022\/12\/locarno-20221012-30.jpg?fit=750%2C500&#038;ssl=1\" src=\"https:\/\/i0.wp.com\/idnu.ch\/wordpress\/wp-content\/uploads\/2022\/12\/locarno-20221012-30.jpg?w=184&#038;h=122&#038;ssl=1\" srcset=\"https:\/\/i0.wp.com\/idnu.ch\/wordpress\/wp-content\/uploads\/2022\/12\/locarno-20221012-30.jpg?w=1240&amp;ssl=1 1240w, https:\/\/i0.wp.com\/idnu.ch\/wordpress\/wp-content\/uploads\/2022\/12\/locarno-20221012-30.jpg?resize=300%2C200&amp;ssl=1 300w, https:\/\/i0.wp.com\/idnu.ch\/wordpress\/wp-content\/uploads\/2022\/12\/locarno-20221012-30.jpg?resize=1024%2C683&amp;ssl=1 1024w, https:\/\/i0.wp.com\/idnu.ch\/wordpress\/wp-content\/uploads\/2022\/12\/locarno-20221012-30.jpg?resize=768%2C512&amp;ssl=1 768w, https:\/\/i0.wp.com\/idnu.ch\/wordpress\/wp-content\/uploads\/2022\/12\/locarno-20221012-30.jpg?resize=150%2C100&amp;ssl=1 150w\" width=\"184\" height=\"122\" loading=\"lazy\" data-original-width=\"184\" data-original-height=\"122\" itemprop=\"http:\/\/schema.org\/image\" title=\"\" alt=\"Totholzpilz an einem stamm\" style=\"width: 184px; height: 122px;\" \/> <\/a> <\/div> <\/div> <!-- close group --> <div class=\"gallery-group images-1\" style=\"width: 187px; height: 126px;\" data-original-width=\"187\" data-original-height=\"126\" > <div class=\"tiled-gallery-item tiled-gallery-item-small\" itemprop=\"associatedMedia\" itemscope itemtype=\"http:\/\/schema.org\/ImageObject\"> <a href=\"https:\/\/idnu.ch\/wordpress\/im-sagenumwobenen-verzascatal\/locarno-20221012-32\/#main\" border=\"0\" itemprop=\"url\"> <meta itemprop=\"width\" content=\"183\"> <meta itemprop=\"height\" content=\"122\"> <img decoding=\"async\" class=\"\" data-attachment-id=\"22215\" data-orig-file=\"https:\/\/idnu.ch\/wordpress\/wp-content\/uploads\/2022\/12\/locarno-20221012-32.jpg\" data-orig-size=\"1240,827\" data-comments-opened=\"1\" data-image-meta=\"{&quot;aperture&quot;:&quot;6.3&quot;,&quot;credit&quot;:&quot;Urs Kyburz&quot;,&quot;camera&quot;:&quot;Canon EOS 5D Mark IV&quot;,&quot;caption&quot;:&quot;&quot;,&quot;created_timestamp&quot;:&quot;1665562515&quot;,&quot;copyright&quot;:&quot;Copyright Urs Kyburz (2019)&quot;,&quot;focal_length&quot;:&quot;35&quot;,&quot;iso&quot;:&quot;3200&quot;,&quot;shutter_speed&quot;:&quot;0.005&quot;,&quot;title&quot;:&quot;&quot;,&quot;orientation&quot;:&quot;0&quot;}\" data-image-title=\"Angenehmes Wandern auf gut ausgebauten Wegen\" data-image-description=\"\" data-medium-file=\"https:\/\/i0.wp.com\/idnu.ch\/wordpress\/wp-content\/uploads\/2022\/12\/locarno-20221012-32.jpg?fit=300%2C200&#038;ssl=1\" data-large-file=\"https:\/\/i0.wp.com\/idnu.ch\/wordpress\/wp-content\/uploads\/2022\/12\/locarno-20221012-32.jpg?fit=750%2C500&#038;ssl=1\" src=\"https:\/\/i0.wp.com\/idnu.ch\/wordpress\/wp-content\/uploads\/2022\/12\/locarno-20221012-32.jpg?w=183&#038;h=122&#038;ssl=1\" srcset=\"https:\/\/i0.wp.com\/idnu.ch\/wordpress\/wp-content\/uploads\/2022\/12\/locarno-20221012-32.jpg?w=1240&amp;ssl=1 1240w, https:\/\/i0.wp.com\/idnu.ch\/wordpress\/wp-content\/uploads\/2022\/12\/locarno-20221012-32.jpg?resize=300%2C200&amp;ssl=1 300w, https:\/\/i0.wp.com\/idnu.ch\/wordpress\/wp-content\/uploads\/2022\/12\/locarno-20221012-32.jpg?resize=1024%2C683&amp;ssl=1 1024w, https:\/\/i0.wp.com\/idnu.ch\/wordpress\/wp-content\/uploads\/2022\/12\/locarno-20221012-32.jpg?resize=768%2C512&amp;ssl=1 768w, https:\/\/i0.wp.com\/idnu.ch\/wordpress\/wp-content\/uploads\/2022\/12\/locarno-20221012-32.jpg?resize=150%2C100&amp;ssl=1 150w\" width=\"183\" height=\"122\" loading=\"lazy\" data-original-width=\"183\" data-original-height=\"122\" itemprop=\"http:\/\/schema.org\/image\" title=\"Angenehmes Wandern auf gut ausgebauten Wegen\" alt=\"frau wander durch den wald\" style=\"width: 183px; height: 122px;\" \/> <\/a> <div class=\"tiled-gallery-caption\" itemprop=\"caption description\"> Angenehmes Wandern auf gut ausgebauten Wegen <\/div> <\/div> <\/div> <!-- close group --> <div class=\"gallery-group images-1\" style=\"width: 187px; height: 126px;\" data-original-width=\"187\" data-original-height=\"126\" > <div class=\"tiled-gallery-item tiled-gallery-item-small\" itemprop=\"associatedMedia\" itemscope itemtype=\"http:\/\/schema.org\/ImageObject\"> <a href=\"https:\/\/idnu.ch\/wordpress\/im-sagenumwobenen-verzascatal\/locarno-20221012-34\/#main\" border=\"0\" itemprop=\"url\"> <meta itemprop=\"width\" content=\"183\"> <meta itemprop=\"height\" content=\"122\"> <img decoding=\"async\" class=\"\" data-attachment-id=\"22216\" data-orig-file=\"https:\/\/idnu.ch\/wordpress\/wp-content\/uploads\/2022\/12\/locarno-20221012-34.jpg\" data-orig-size=\"1240,827\" data-comments-opened=\"1\" data-image-meta=\"{&quot;aperture&quot;:&quot;5.6&quot;,&quot;credit&quot;:&quot;Urs Kyburz&quot;,&quot;camera&quot;:&quot;Canon EOS 5D Mark IV&quot;,&quot;caption&quot;:&quot;&quot;,&quot;created_timestamp&quot;:&quot;1665562566&quot;,&quot;copyright&quot;:&quot;Copyright Urs Kyburz (2019)&quot;,&quot;focal_length&quot;:&quot;105&quot;,&quot;iso&quot;:&quot;320&quot;,&quot;shutter_speed&quot;:&quot;0.008&quot;,&quot;title&quot;:&quot;&quot;,&quot;orientation&quot;:&quot;0&quot;}\" data-image-title=\"\" data-image-description=\"\" data-medium-file=\"https:\/\/i0.wp.com\/idnu.ch\/wordpress\/wp-content\/uploads\/2022\/12\/locarno-20221012-34.jpg?fit=300%2C200&#038;ssl=1\" data-large-file=\"https:\/\/i0.wp.com\/idnu.ch\/wordpress\/wp-content\/uploads\/2022\/12\/locarno-20221012-34.jpg?fit=750%2C500&#038;ssl=1\" src=\"https:\/\/i0.wp.com\/idnu.ch\/wordpress\/wp-content\/uploads\/2022\/12\/locarno-20221012-34.jpg?w=183&#038;h=122&#038;ssl=1\" srcset=\"https:\/\/i0.wp.com\/idnu.ch\/wordpress\/wp-content\/uploads\/2022\/12\/locarno-20221012-34.jpg?w=1240&amp;ssl=1 1240w, https:\/\/i0.wp.com\/idnu.ch\/wordpress\/wp-content\/uploads\/2022\/12\/locarno-20221012-34.jpg?resize=300%2C200&amp;ssl=1 300w, https:\/\/i0.wp.com\/idnu.ch\/wordpress\/wp-content\/uploads\/2022\/12\/locarno-20221012-34.jpg?resize=1024%2C683&amp;ssl=1 1024w, https:\/\/i0.wp.com\/idnu.ch\/wordpress\/wp-content\/uploads\/2022\/12\/locarno-20221012-34.jpg?resize=768%2C512&amp;ssl=1 768w, https:\/\/i0.wp.com\/idnu.ch\/wordpress\/wp-content\/uploads\/2022\/12\/locarno-20221012-34.jpg?resize=150%2C100&amp;ssl=1 150w\" width=\"183\" height=\"122\" loading=\"lazy\" data-original-width=\"183\" data-original-height=\"122\" itemprop=\"http:\/\/schema.org\/image\" title=\"\" alt=\"pilz auf einem abgestorbenen stamm\" style=\"width: 183px; height: 122px;\" \/> <\/a> <\/div> <\/div> <!-- close group --> <\/div> <!-- close row --> <\/div>\n<h2>Die weltber\u00fchmte Br\u00fccke<\/h2>\n<p>Und dann erreichen wir sie, die <a href=\"https:\/\/de.wikipedia.org\/wiki\/Ponte_dei_Salti\" target=\"_blank\" rel=\"noopener\">Ponte dei Salti<\/a>, die dank Influencern weltber\u00fchmte Steinbr\u00fccke. Sie wurde im 17. Jahrhundert erbaut, jedoch ist nicht mehr alles original. Der rechte Bogen wurde in den Sechziger Jahren des letzten Jahrhunderts erstellt, nachdem er im 19. Jahrhundert fortgerissen und auf unterschiedliche Art mehrmals wieder hergestellt wurde nach weiteren Zerst\u00f6rungen. Erwartungsgem\u00e4ss waren wir hier nicht mehr allein. Wir kletterten auf den Felsen herum, erfreuten uns an dessen sch\u00f6nen Strukturen.<\/p>\n<div class=\"tiled-gallery type-rectangular tiled-gallery-unresized\" data-original-width=\"750\" data-carousel-extra='{&quot;blog_id&quot;:1,&quot;permalink&quot;:&quot;https:\\\/\\\/idnu.ch\\\/wordpress\\\/im-sagenumwobenen-verzascatal\\\/&quot;,&quot;likes_blog_id&quot;:100184974}' itemscope itemtype=\"http:\/\/schema.org\/ImageGallery\" > <div class=\"gallery-row\" style=\"width: 750px; height: 643px;\" data-original-width=\"750\" data-original-height=\"643\" > <div class=\"gallery-group images-3\" style=\"width: 320px; height: 643px;\" data-original-width=\"320\" data-original-height=\"643\" > <div class=\"tiled-gallery-item tiled-gallery-item-large\" itemprop=\"associatedMedia\" itemscope itemtype=\"http:\/\/schema.org\/ImageObject\"> <a href=\"https:\/\/idnu.ch\/wordpress\/im-sagenumwobenen-verzascatal\/locarno-20221012-39\/#main\" border=\"0\" itemprop=\"url\"> <meta itemprop=\"width\" content=\"316\"> <meta itemprop=\"height\" content=\"211\"> <img decoding=\"async\" class=\"\" data-attachment-id=\"22218\" data-orig-file=\"https:\/\/idnu.ch\/wordpress\/wp-content\/uploads\/2022\/12\/locarno-20221012-39.jpg\" data-orig-size=\"1240,827\" data-comments-opened=\"1\" data-image-meta=\"{&quot;aperture&quot;:&quot;4&quot;,&quot;credit&quot;:&quot;Urs Kyburz&quot;,&quot;camera&quot;:&quot;Canon EOS 5D Mark IV&quot;,&quot;caption&quot;:&quot;&quot;,&quot;created_timestamp&quot;:&quot;1665563342&quot;,&quot;copyright&quot;:&quot;Copyright Urs Kyburz (2019)&quot;,&quot;focal_length&quot;:&quot;45&quot;,&quot;iso&quot;:&quot;100&quot;,&quot;shutter_speed&quot;:&quot;0.004&quot;,&quot;title&quot;:&quot;&quot;,&quot;orientation&quot;:&quot;0&quot;}\" data-image-title=\"Die ber\u00fchmte Ponte dei Salti\" data-image-description=\"\" data-medium-file=\"https:\/\/i0.wp.com\/idnu.ch\/wordpress\/wp-content\/uploads\/2022\/12\/locarno-20221012-39.jpg?fit=300%2C200&#038;ssl=1\" data-large-file=\"https:\/\/i0.wp.com\/idnu.ch\/wordpress\/wp-content\/uploads\/2022\/12\/locarno-20221012-39.jpg?fit=750%2C500&#038;ssl=1\" src=\"https:\/\/i0.wp.com\/idnu.ch\/wordpress\/wp-content\/uploads\/2022\/12\/locarno-20221012-39.jpg?w=316&#038;h=211&#038;ssl=1\" srcset=\"https:\/\/i0.wp.com\/idnu.ch\/wordpress\/wp-content\/uploads\/2022\/12\/locarno-20221012-39.jpg?w=1240&amp;ssl=1 1240w, https:\/\/i0.wp.com\/idnu.ch\/wordpress\/wp-content\/uploads\/2022\/12\/locarno-20221012-39.jpg?resize=300%2C200&amp;ssl=1 300w, https:\/\/i0.wp.com\/idnu.ch\/wordpress\/wp-content\/uploads\/2022\/12\/locarno-20221012-39.jpg?resize=1024%2C683&amp;ssl=1 1024w, https:\/\/i0.wp.com\/idnu.ch\/wordpress\/wp-content\/uploads\/2022\/12\/locarno-20221012-39.jpg?resize=768%2C512&amp;ssl=1 768w, https:\/\/i0.wp.com\/idnu.ch\/wordpress\/wp-content\/uploads\/2022\/12\/locarno-20221012-39.jpg?resize=150%2C100&amp;ssl=1 150w\" width=\"316\" height=\"211\" loading=\"lazy\" data-original-width=\"316\" data-original-height=\"211\" itemprop=\"http:\/\/schema.org\/image\" title=\"Die ber\u00fchmte Ponte dei Salti\" alt=\"die ponte dei salti mit den zwei steinb\u00f6gen\" style=\"width: 316px; height: 211px;\" \/> <\/a> <div class=\"tiled-gallery-caption\" itemprop=\"caption description\"> Die ber\u00fchmte Ponte dei Salti <\/div> <\/div> <div class=\"tiled-gallery-item tiled-gallery-item-large\" itemprop=\"associatedMedia\" itemscope itemtype=\"http:\/\/schema.org\/ImageObject\"> <a href=\"https:\/\/idnu.ch\/wordpress\/im-sagenumwobenen-verzascatal\/locarno-20221012-42\/#main\" border=\"0\" itemprop=\"url\"> <meta itemprop=\"width\" content=\"316\"> <meta itemprop=\"height\" content=\"210\"> <img decoding=\"async\" class=\"\" data-attachment-id=\"22219\" data-orig-file=\"https:\/\/idnu.ch\/wordpress\/wp-content\/uploads\/2022\/12\/locarno-20221012-42.jpg\" data-orig-size=\"1240,827\" data-comments-opened=\"1\" data-image-meta=\"{&quot;aperture&quot;:&quot;9&quot;,&quot;credit&quot;:&quot;Urs Kyburz&quot;,&quot;camera&quot;:&quot;Canon EOS 5D Mark IV&quot;,&quot;caption&quot;:&quot;&quot;,&quot;created_timestamp&quot;:&quot;1665563528&quot;,&quot;copyright&quot;:&quot;Copyright Urs Kyburz (2019)&quot;,&quot;focal_length&quot;:&quot;50&quot;,&quot;iso&quot;:&quot;100&quot;,&quot;shutter_speed&quot;:&quot;0.01&quot;,&quot;title&quot;:&quot;&quot;,&quot;orientation&quot;:&quot;0&quot;}\" data-image-title=\"\" data-image-description=\"\" data-medium-file=\"https:\/\/i0.wp.com\/idnu.ch\/wordpress\/wp-content\/uploads\/2022\/12\/locarno-20221012-42.jpg?fit=300%2C200&#038;ssl=1\" data-large-file=\"https:\/\/i0.wp.com\/idnu.ch\/wordpress\/wp-content\/uploads\/2022\/12\/locarno-20221012-42.jpg?fit=750%2C500&#038;ssl=1\" src=\"https:\/\/i0.wp.com\/idnu.ch\/wordpress\/wp-content\/uploads\/2022\/12\/locarno-20221012-42.jpg?w=316&#038;h=210&#038;ssl=1\" srcset=\"https:\/\/i0.wp.com\/idnu.ch\/wordpress\/wp-content\/uploads\/2022\/12\/locarno-20221012-42.jpg?w=1240&amp;ssl=1 1240w, https:\/\/i0.wp.com\/idnu.ch\/wordpress\/wp-content\/uploads\/2022\/12\/locarno-20221012-42.jpg?resize=300%2C200&amp;ssl=1 300w, https:\/\/i0.wp.com\/idnu.ch\/wordpress\/wp-content\/uploads\/2022\/12\/locarno-20221012-42.jpg?resize=1024%2C683&amp;ssl=1 1024w, https:\/\/i0.wp.com\/idnu.ch\/wordpress\/wp-content\/uploads\/2022\/12\/locarno-20221012-42.jpg?resize=768%2C512&amp;ssl=1 768w, https:\/\/i0.wp.com\/idnu.ch\/wordpress\/wp-content\/uploads\/2022\/12\/locarno-20221012-42.jpg?resize=150%2C100&amp;ssl=1 150w\" width=\"316\" height=\"210\" loading=\"lazy\" data-original-width=\"316\" data-original-height=\"210\" itemprop=\"http:\/\/schema.org\/image\" title=\"\" alt=\"Wasser zwischen den felsen\" style=\"width: 316px; height: 210px;\" \/> <\/a> <\/div> <div class=\"tiled-gallery-item tiled-gallery-item-large\" itemprop=\"associatedMedia\" itemscope itemtype=\"http:\/\/schema.org\/ImageObject\"> <a href=\"https:\/\/idnu.ch\/wordpress\/im-sagenumwobenen-verzascatal\/locarno-20221012-43\/#main\" border=\"0\" itemprop=\"url\"> <meta itemprop=\"width\" content=\"316\"> <meta itemprop=\"height\" content=\"210\"> <img decoding=\"async\" class=\"\" data-attachment-id=\"22220\" data-orig-file=\"https:\/\/idnu.ch\/wordpress\/wp-content\/uploads\/2022\/12\/locarno-20221012-43.jpg\" data-orig-size=\"1240,827\" data-comments-opened=\"1\" data-image-meta=\"{&quot;aperture&quot;:&quot;9&quot;,&quot;credit&quot;:&quot;Urs Kyburz&quot;,&quot;camera&quot;:&quot;Canon EOS 5D Mark IV&quot;,&quot;caption&quot;:&quot;&quot;,&quot;created_timestamp&quot;:&quot;1665563661&quot;,&quot;copyright&quot;:&quot;Copyright Urs Kyburz (2019)&quot;,&quot;focal_length&quot;:&quot;75&quot;,&quot;iso&quot;:&quot;125&quot;,&quot;shutter_speed&quot;:&quot;0.016666666666667&quot;,&quot;title&quot;:&quot;&quot;,&quot;orientation&quot;:&quot;0&quot;}\" data-image-title=\"Sch\u00f6ne Strukturen im geschliffenen Granit\" data-image-description=\"\" data-medium-file=\"https:\/\/i0.wp.com\/idnu.ch\/wordpress\/wp-content\/uploads\/2022\/12\/locarno-20221012-43.jpg?fit=300%2C200&#038;ssl=1\" data-large-file=\"https:\/\/i0.wp.com\/idnu.ch\/wordpress\/wp-content\/uploads\/2022\/12\/locarno-20221012-43.jpg?fit=750%2C500&#038;ssl=1\" src=\"https:\/\/i0.wp.com\/idnu.ch\/wordpress\/wp-content\/uploads\/2022\/12\/locarno-20221012-43.jpg?w=316&#038;h=210&#038;ssl=1\" srcset=\"https:\/\/i0.wp.com\/idnu.ch\/wordpress\/wp-content\/uploads\/2022\/12\/locarno-20221012-43.jpg?w=1240&amp;ssl=1 1240w, https:\/\/i0.wp.com\/idnu.ch\/wordpress\/wp-content\/uploads\/2022\/12\/locarno-20221012-43.jpg?resize=300%2C200&amp;ssl=1 300w, https:\/\/i0.wp.com\/idnu.ch\/wordpress\/wp-content\/uploads\/2022\/12\/locarno-20221012-43.jpg?resize=1024%2C683&amp;ssl=1 1024w, https:\/\/i0.wp.com\/idnu.ch\/wordpress\/wp-content\/uploads\/2022\/12\/locarno-20221012-43.jpg?resize=768%2C512&amp;ssl=1 768w, https:\/\/i0.wp.com\/idnu.ch\/wordpress\/wp-content\/uploads\/2022\/12\/locarno-20221012-43.jpg?resize=150%2C100&amp;ssl=1 150w\" width=\"316\" height=\"210\" loading=\"lazy\" data-original-width=\"316\" data-original-height=\"210\" itemprop=\"http:\/\/schema.org\/image\" title=\"Sch\u00f6ne Strukturen im geschliffenen Granit\" alt=\"feine linien im granit\" style=\"width: 316px; height: 210px;\" \/> <\/a> <div class=\"tiled-gallery-caption\" itemprop=\"caption description\"> Sch\u00f6ne Strukturen im geschliffenen Granit <\/div> <\/div> <\/div> <!-- close group --> <div class=\"gallery-group images-1\" style=\"width: 430px; height: 643px;\" data-original-width=\"430\" data-original-height=\"643\" > <div class=\"tiled-gallery-item tiled-gallery-item-large\" itemprop=\"associatedMedia\" itemscope itemtype=\"http:\/\/schema.org\/ImageObject\"> <a href=\"https:\/\/idnu.ch\/wordpress\/im-sagenumwobenen-verzascatal\/locarno-20221012-45\/#main\" border=\"0\" itemprop=\"url\"> <meta itemprop=\"width\" content=\"426\"> <meta itemprop=\"height\" content=\"639\"> <img decoding=\"async\" class=\"\" data-attachment-id=\"22221\" data-orig-file=\"https:\/\/idnu.ch\/wordpress\/wp-content\/uploads\/2022\/12\/locarno-20221012-45.jpg\" data-orig-size=\"827,1240\" data-comments-opened=\"1\" data-image-meta=\"{&quot;aperture&quot;:&quot;20&quot;,&quot;credit&quot;:&quot;Urs Kyburz&quot;,&quot;camera&quot;:&quot;Canon EOS 5D Mark IV&quot;,&quot;caption&quot;:&quot;&quot;,&quot;created_timestamp&quot;:&quot;1665563743&quot;,&quot;copyright&quot;:&quot;Copyright Urs Kyburz (2019)&quot;,&quot;focal_length&quot;:&quot;24&quot;,&quot;iso&quot;:&quot;100&quot;,&quot;shutter_speed&quot;:&quot;0.02&quot;,&quot;title&quot;:&quot;&quot;,&quot;orientation&quot;:&quot;0&quot;}\" data-image-title=\"\" data-image-description=\"\" data-medium-file=\"https:\/\/i0.wp.com\/idnu.ch\/wordpress\/wp-content\/uploads\/2022\/12\/locarno-20221012-45.jpg?fit=200%2C300&#038;ssl=1\" data-large-file=\"https:\/\/i0.wp.com\/idnu.ch\/wordpress\/wp-content\/uploads\/2022\/12\/locarno-20221012-45.jpg?fit=683%2C1024&#038;ssl=1\" src=\"https:\/\/i0.wp.com\/idnu.ch\/wordpress\/wp-content\/uploads\/2022\/12\/locarno-20221012-45.jpg?w=426&#038;h=639&#038;ssl=1\" srcset=\"https:\/\/i0.wp.com\/idnu.ch\/wordpress\/wp-content\/uploads\/2022\/12\/locarno-20221012-45.jpg?w=827&amp;ssl=1 827w, https:\/\/i0.wp.com\/idnu.ch\/wordpress\/wp-content\/uploads\/2022\/12\/locarno-20221012-45.jpg?resize=200%2C300&amp;ssl=1 200w, https:\/\/i0.wp.com\/idnu.ch\/wordpress\/wp-content\/uploads\/2022\/12\/locarno-20221012-45.jpg?resize=683%2C1024&amp;ssl=1 683w, https:\/\/i0.wp.com\/idnu.ch\/wordpress\/wp-content\/uploads\/2022\/12\/locarno-20221012-45.jpg?resize=768%2C1152&amp;ssl=1 768w, https:\/\/i0.wp.com\/idnu.ch\/wordpress\/wp-content\/uploads\/2022\/12\/locarno-20221012-45.jpg?resize=67%2C100&amp;ssl=1 67w\" width=\"426\" height=\"639\" loading=\"lazy\" data-original-width=\"426\" data-original-height=\"639\" itemprop=\"http:\/\/schema.org\/image\" title=\"\" alt=\"wasserbecken, darin spiegelt sich die sonne\" style=\"width: 426px; height: 639px;\" \/> <\/a> <\/div> <\/div> <!-- close group --> <\/div> <!-- close row --> <div class=\"gallery-row\" style=\"width: 750px; height: 1123px;\" data-original-width=\"750\" data-original-height=\"1123\" > <div class=\"gallery-group images-1\" style=\"width: 750px; height: 1123px;\" data-original-width=\"750\" data-original-height=\"1123\" > <div class=\"tiled-gallery-item tiled-gallery-item-large\" itemprop=\"associatedMedia\" itemscope itemtype=\"http:\/\/schema.org\/ImageObject\"> <a href=\"https:\/\/idnu.ch\/wordpress\/im-sagenumwobenen-verzascatal\/locarno-20221012-48\/#main\" border=\"0\" itemprop=\"url\"> <meta itemprop=\"width\" content=\"746\"> <meta itemprop=\"height\" content=\"1119\"> <img decoding=\"async\" class=\"\" data-attachment-id=\"22222\" data-orig-file=\"https:\/\/idnu.ch\/wordpress\/wp-content\/uploads\/2022\/12\/locarno-20221012-48.jpg\" data-orig-size=\"827,1240\" data-comments-opened=\"1\" data-image-meta=\"{&quot;aperture&quot;:&quot;10&quot;,&quot;credit&quot;:&quot;Urs Kyburz&quot;,&quot;camera&quot;:&quot;Canon EOS 5D Mark IV&quot;,&quot;caption&quot;:&quot;&quot;,&quot;created_timestamp&quot;:&quot;1665564047&quot;,&quot;copyright&quot;:&quot;Copyright Urs Kyburz (2019)&quot;,&quot;focal_length&quot;:&quot;28&quot;,&quot;iso&quot;:&quot;100&quot;,&quot;shutter_speed&quot;:&quot;0.02&quot;,&quot;title&quot;:&quot;&quot;,&quot;orientation&quot;:&quot;0&quot;}\" data-image-title=\"\" data-image-description=\"\" data-medium-file=\"https:\/\/i0.wp.com\/idnu.ch\/wordpress\/wp-content\/uploads\/2022\/12\/locarno-20221012-48.jpg?fit=200%2C300&#038;ssl=1\" data-large-file=\"https:\/\/i0.wp.com\/idnu.ch\/wordpress\/wp-content\/uploads\/2022\/12\/locarno-20221012-48.jpg?fit=683%2C1024&#038;ssl=1\" src=\"https:\/\/i0.wp.com\/idnu.ch\/wordpress\/wp-content\/uploads\/2022\/12\/locarno-20221012-48.jpg?w=746&#038;h=1119&#038;ssl=1\" srcset=\"https:\/\/i0.wp.com\/idnu.ch\/wordpress\/wp-content\/uploads\/2022\/12\/locarno-20221012-48.jpg?w=827&amp;ssl=1 827w, https:\/\/i0.wp.com\/idnu.ch\/wordpress\/wp-content\/uploads\/2022\/12\/locarno-20221012-48.jpg?resize=200%2C300&amp;ssl=1 200w, https:\/\/i0.wp.com\/idnu.ch\/wordpress\/wp-content\/uploads\/2022\/12\/locarno-20221012-48.jpg?resize=683%2C1024&amp;ssl=1 683w, https:\/\/i0.wp.com\/idnu.ch\/wordpress\/wp-content\/uploads\/2022\/12\/locarno-20221012-48.jpg?resize=768%2C1152&amp;ssl=1 768w, https:\/\/i0.wp.com\/idnu.ch\/wordpress\/wp-content\/uploads\/2022\/12\/locarno-20221012-48.jpg?resize=67%2C100&amp;ssl=1 67w\" width=\"746\" height=\"1119\" loading=\"lazy\" data-original-width=\"746\" data-original-height=\"1119\" itemprop=\"http:\/\/schema.org\/image\" title=\"\" alt=\"die br\u00fccke von der seite\" style=\"width: 746px; height: 1119px;\" \/> <\/a> <\/div> <\/div> <!-- close group --> <\/div> <!-- close row --> <\/div>\n<h2>Im Wald der Pilze<\/h2>\n<p>Als immer mehr Leute kommen, ziehen wir weiter flussaufw\u00e4rts und kommen in einen sch\u00f6nen, lichtdurchfluteten Buchenwald, der richtiggehend zu einer Rast einl\u00e4dt. Kaum angehalten, erblickt Silvan Pilze. Da ist es um die Pause geschehen, keine Zeit mehr daf\u00fcr. Mit der Kamera macht er sich auf die Suche nach sch\u00f6nen Objekten, ich auch, nachdem ich etwas gegessen habe. Silvan hat ein ganz bestimmtes Ziel: <a href=\"https:\/\/www.chriskaula.com\/\" target=\"_blank\" rel=\"noopener\">Chris Kaula<\/a> ist in einem <a href=\"https:\/\/youtu.be\/Esb9oljqyh4\" target=\"_blank\" rel=\"noopener\">seiner Videos<\/a> auf der Suche nach dem\u00a0Buchen-Schleimr\u00fcbling, der, wie es der Name schon suggeriert, auf Buchen w\u00e4chst, aber auf toten. Und genau hier liegen auch Buchen herum. Wir m\u00fcssen nicht lange suchen im Gegensatz zu Kaula, wir finden sofort welche.<\/p>\n<div class=\"tiled-gallery type-rectangular tiled-gallery-unresized\" data-original-width=\"750\" data-carousel-extra='{&quot;blog_id&quot;:1,&quot;permalink&quot;:&quot;https:\\\/\\\/idnu.ch\\\/wordpress\\\/im-sagenumwobenen-verzascatal\\\/&quot;,&quot;likes_blog_id&quot;:100184974}' itemscope itemtype=\"http:\/\/schema.org\/ImageGallery\" > <div class=\"gallery-row\" style=\"width: 750px; height: 335px;\" data-original-width=\"750\" data-original-height=\"335\" > <div class=\"gallery-group images-1\" style=\"width: 501px; height: 335px;\" data-original-width=\"501\" data-original-height=\"335\" > <div class=\"tiled-gallery-item tiled-gallery-item-large\" itemprop=\"associatedMedia\" itemscope itemtype=\"http:\/\/schema.org\/ImageObject\"> <a href=\"https:\/\/idnu.ch\/wordpress\/im-sagenumwobenen-verzascatal\/locarno-20221012-50\/#main\" border=\"0\" itemprop=\"url\"> <meta itemprop=\"width\" content=\"497\"> <meta itemprop=\"height\" content=\"331\"> <img decoding=\"async\" class=\"\" data-attachment-id=\"22286\" data-orig-file=\"https:\/\/idnu.ch\/wordpress\/wp-content\/uploads\/2022\/12\/locarno-20221012-50.jpg\" data-orig-size=\"1240,827\" data-comments-opened=\"1\" data-image-meta=\"{&quot;aperture&quot;:&quot;6.3&quot;,&quot;credit&quot;:&quot;Urs Kyburz&quot;,&quot;camera&quot;:&quot;Canon EOS 5D Mark IV&quot;,&quot;caption&quot;:&quot;&quot;,&quot;created_timestamp&quot;:&quot;1665564520&quot;,&quot;copyright&quot;:&quot;Copyright Urs Kyburz (2019)&quot;,&quot;focal_length&quot;:&quot;24&quot;,&quot;iso&quot;:&quot;640&quot;,&quot;shutter_speed&quot;:&quot;0.025&quot;,&quot;title&quot;:&quot;&quot;,&quot;orientation&quot;:&quot;0&quot;}\" data-image-title=\"Der mystische Buchenwald\" data-image-description=\"\" data-medium-file=\"https:\/\/i0.wp.com\/idnu.ch\/wordpress\/wp-content\/uploads\/2022\/12\/locarno-20221012-50.jpg?fit=300%2C200&#038;ssl=1\" data-large-file=\"https:\/\/i0.wp.com\/idnu.ch\/wordpress\/wp-content\/uploads\/2022\/12\/locarno-20221012-50.jpg?fit=750%2C500&#038;ssl=1\" src=\"https:\/\/i0.wp.com\/idnu.ch\/wordpress\/wp-content\/uploads\/2022\/12\/locarno-20221012-50.jpg?w=497&#038;h=331&#038;ssl=1\" srcset=\"https:\/\/i0.wp.com\/idnu.ch\/wordpress\/wp-content\/uploads\/2022\/12\/locarno-20221012-50.jpg?w=1240&amp;ssl=1 1240w, https:\/\/i0.wp.com\/idnu.ch\/wordpress\/wp-content\/uploads\/2022\/12\/locarno-20221012-50.jpg?resize=300%2C200&amp;ssl=1 300w, https:\/\/i0.wp.com\/idnu.ch\/wordpress\/wp-content\/uploads\/2022\/12\/locarno-20221012-50.jpg?resize=1024%2C683&amp;ssl=1 1024w, https:\/\/i0.wp.com\/idnu.ch\/wordpress\/wp-content\/uploads\/2022\/12\/locarno-20221012-50.jpg?resize=768%2C512&amp;ssl=1 768w, https:\/\/i0.wp.com\/idnu.ch\/wordpress\/wp-content\/uploads\/2022\/12\/locarno-20221012-50.jpg?resize=150%2C100&amp;ssl=1 150w\" width=\"497\" height=\"331\" loading=\"lazy\" data-original-width=\"497\" data-original-height=\"331\" itemprop=\"http:\/\/schema.org\/image\" title=\"Der mystische Buchenwald\" alt=\"ein buchenwald\" style=\"width: 497px; height: 331px;\" \/> <\/a> <div class=\"tiled-gallery-caption\" itemprop=\"caption description\"> Der mystische Buchenwald <\/div> <\/div> <\/div> <!-- close group --> <div class=\"gallery-group images-2\" style=\"width: 249px; height: 335px;\" data-original-width=\"249\" data-original-height=\"335\" > <div class=\"tiled-gallery-item tiled-gallery-item-small\" itemprop=\"associatedMedia\" itemscope itemtype=\"http:\/\/schema.org\/ImageObject\"> <a href=\"https:\/\/idnu.ch\/wordpress\/im-sagenumwobenen-verzascatal\/locarno-20221012-53\/#main\" border=\"0\" itemprop=\"url\"> <meta itemprop=\"width\" content=\"245\"> <meta itemprop=\"height\" content=\"164\"> <img decoding=\"async\" class=\"\" data-attachment-id=\"22287\" data-orig-file=\"https:\/\/idnu.ch\/wordpress\/wp-content\/uploads\/2022\/12\/locarno-20221012-53.jpg\" data-orig-size=\"1240,827\" data-comments-opened=\"1\" data-image-meta=\"{&quot;aperture&quot;:&quot;6.3&quot;,&quot;credit&quot;:&quot;Urs Kyburz&quot;,&quot;camera&quot;:&quot;Canon EOS 5D Mark IV&quot;,&quot;caption&quot;:&quot;&quot;,&quot;created_timestamp&quot;:&quot;1665564601&quot;,&quot;copyright&quot;:&quot;Copyright Urs Kyburz (2019)&quot;,&quot;focal_length&quot;:&quot;105&quot;,&quot;iso&quot;:&quot;1600&quot;,&quot;shutter_speed&quot;:&quot;0.01&quot;,&quot;title&quot;:&quot;&quot;,&quot;orientation&quot;:&quot;0&quot;}\" data-image-title=\"Der Buchen-Schleimr\u00fcbling\" data-image-description=\"\" data-medium-file=\"https:\/\/i0.wp.com\/idnu.ch\/wordpress\/wp-content\/uploads\/2022\/12\/locarno-20221012-53.jpg?fit=300%2C200&#038;ssl=1\" data-large-file=\"https:\/\/i0.wp.com\/idnu.ch\/wordpress\/wp-content\/uploads\/2022\/12\/locarno-20221012-53.jpg?fit=750%2C500&#038;ssl=1\" src=\"https:\/\/i0.wp.com\/idnu.ch\/wordpress\/wp-content\/uploads\/2022\/12\/locarno-20221012-53.jpg?w=245&#038;h=164&#038;ssl=1\" srcset=\"https:\/\/i0.wp.com\/idnu.ch\/wordpress\/wp-content\/uploads\/2022\/12\/locarno-20221012-53.jpg?w=1240&amp;ssl=1 1240w, https:\/\/i0.wp.com\/idnu.ch\/wordpress\/wp-content\/uploads\/2022\/12\/locarno-20221012-53.jpg?resize=300%2C200&amp;ssl=1 300w, https:\/\/i0.wp.com\/idnu.ch\/wordpress\/wp-content\/uploads\/2022\/12\/locarno-20221012-53.jpg?resize=1024%2C683&amp;ssl=1 1024w, https:\/\/i0.wp.com\/idnu.ch\/wordpress\/wp-content\/uploads\/2022\/12\/locarno-20221012-53.jpg?resize=768%2C512&amp;ssl=1 768w, https:\/\/i0.wp.com\/idnu.ch\/wordpress\/wp-content\/uploads\/2022\/12\/locarno-20221012-53.jpg?resize=150%2C100&amp;ssl=1 150w\" width=\"245\" height=\"164\" loading=\"lazy\" data-original-width=\"245\" data-original-height=\"164\" itemprop=\"http:\/\/schema.org\/image\" title=\"Der Buchen-Schleimr\u00fcbling\" alt=\"pilze auf totholz\" style=\"width: 245px; height: 164px;\" \/> <\/a> <div class=\"tiled-gallery-caption\" itemprop=\"caption description\"> Der Buchen-Schleimr\u00fcbling <\/div> <\/div> <div class=\"tiled-gallery-item tiled-gallery-item-small\" itemprop=\"associatedMedia\" itemscope itemtype=\"http:\/\/schema.org\/ImageObject\"> <a href=\"https:\/\/idnu.ch\/wordpress\/im-sagenumwobenen-verzascatal\/locarno-20221012-56\/#main\" border=\"0\" itemprop=\"url\"> <meta itemprop=\"width\" content=\"245\"> <meta itemprop=\"height\" content=\"163\"> <img decoding=\"async\" class=\"\" data-attachment-id=\"22288\" data-orig-file=\"https:\/\/idnu.ch\/wordpress\/wp-content\/uploads\/2022\/12\/locarno-20221012-56.jpg\" data-orig-size=\"1240,827\" data-comments-opened=\"1\" data-image-meta=\"{&quot;aperture&quot;:&quot;5&quot;,&quot;credit&quot;:&quot;Urs Kyburz&quot;,&quot;camera&quot;:&quot;Canon EOS 5D Mark IV&quot;,&quot;caption&quot;:&quot;&quot;,&quot;created_timestamp&quot;:&quot;1665564815&quot;,&quot;copyright&quot;:&quot;Copyright Urs Kyburz (2019)&quot;,&quot;focal_length&quot;:&quot;90&quot;,&quot;iso&quot;:&quot;1250&quot;,&quot;shutter_speed&quot;:&quot;0.01&quot;,&quot;title&quot;:&quot;&quot;,&quot;orientation&quot;:&quot;0&quot;}\" data-image-title=\"Der Buchen-Schleimr\u00fcbling\" data-image-description=\"\" data-medium-file=\"https:\/\/i0.wp.com\/idnu.ch\/wordpress\/wp-content\/uploads\/2022\/12\/locarno-20221012-56.jpg?fit=300%2C200&#038;ssl=1\" data-large-file=\"https:\/\/i0.wp.com\/idnu.ch\/wordpress\/wp-content\/uploads\/2022\/12\/locarno-20221012-56.jpg?fit=750%2C500&#038;ssl=1\" src=\"https:\/\/i0.wp.com\/idnu.ch\/wordpress\/wp-content\/uploads\/2022\/12\/locarno-20221012-56.jpg?w=245&#038;h=163&#038;ssl=1\" srcset=\"https:\/\/i0.wp.com\/idnu.ch\/wordpress\/wp-content\/uploads\/2022\/12\/locarno-20221012-56.jpg?w=1240&amp;ssl=1 1240w, https:\/\/i0.wp.com\/idnu.ch\/wordpress\/wp-content\/uploads\/2022\/12\/locarno-20221012-56.jpg?resize=300%2C200&amp;ssl=1 300w, https:\/\/i0.wp.com\/idnu.ch\/wordpress\/wp-content\/uploads\/2022\/12\/locarno-20221012-56.jpg?resize=1024%2C683&amp;ssl=1 1024w, https:\/\/i0.wp.com\/idnu.ch\/wordpress\/wp-content\/uploads\/2022\/12\/locarno-20221012-56.jpg?resize=768%2C512&amp;ssl=1 768w, https:\/\/i0.wp.com\/idnu.ch\/wordpress\/wp-content\/uploads\/2022\/12\/locarno-20221012-56.jpg?resize=150%2C100&amp;ssl=1 150w\" width=\"245\" height=\"163\" loading=\"lazy\" data-original-width=\"245\" data-original-height=\"163\" itemprop=\"http:\/\/schema.org\/image\" title=\"Der Buchen-Schleimr\u00fcbling\" alt=\"pilz auf totholz\" style=\"width: 245px; height: 163px;\" \/> <\/a> <div class=\"tiled-gallery-caption\" itemprop=\"caption description\"> Der Buchen-Schleimr\u00fcbling <\/div> <\/div> <\/div> <!-- close group --> <\/div> <!-- close row --> <div class=\"gallery-row\" style=\"width: 750px; height: 347px;\" data-original-width=\"750\" data-original-height=\"347\" > <div class=\"gallery-group images-1\" style=\"width: 518px; height: 347px;\" data-original-width=\"518\" data-original-height=\"347\" > <div class=\"tiled-gallery-item tiled-gallery-item-large\" itemprop=\"associatedMedia\" itemscope itemtype=\"http:\/\/schema.org\/ImageObject\"> <a href=\"https:\/\/idnu.ch\/wordpress\/im-sagenumwobenen-verzascatal\/locarno-20221012-60\/#main\" border=\"0\" itemprop=\"url\"> <meta itemprop=\"width\" content=\"514\"> <meta itemprop=\"height\" content=\"343\"> <img decoding=\"async\" class=\"\" data-attachment-id=\"22289\" data-orig-file=\"https:\/\/idnu.ch\/wordpress\/wp-content\/uploads\/2022\/12\/locarno-20221012-60.jpg\" data-orig-size=\"1240,827\" data-comments-opened=\"1\" data-image-meta=\"{&quot;aperture&quot;:&quot;5&quot;,&quot;credit&quot;:&quot;Urs Kyburz&quot;,&quot;camera&quot;:&quot;Canon EOS 5D Mark IV&quot;,&quot;caption&quot;:&quot;&quot;,&quot;created_timestamp&quot;:&quot;1665564965&quot;,&quot;copyright&quot;:&quot;Copyright Urs Kyburz (2019)&quot;,&quot;focal_length&quot;:&quot;90&quot;,&quot;iso&quot;:&quot;1600&quot;,&quot;shutter_speed&quot;:&quot;0.01&quot;,&quot;title&quot;:&quot;&quot;,&quot;orientation&quot;:&quot;0&quot;}\" data-image-title=\"Sieht aus wie ein Pralin\u00e9\" data-image-description=\"\" data-medium-file=\"https:\/\/i0.wp.com\/idnu.ch\/wordpress\/wp-content\/uploads\/2022\/12\/locarno-20221012-60.jpg?fit=300%2C200&#038;ssl=1\" data-large-file=\"https:\/\/i0.wp.com\/idnu.ch\/wordpress\/wp-content\/uploads\/2022\/12\/locarno-20221012-60.jpg?fit=750%2C500&#038;ssl=1\" src=\"https:\/\/i0.wp.com\/idnu.ch\/wordpress\/wp-content\/uploads\/2022\/12\/locarno-20221012-60.jpg?w=514&#038;h=343&#038;ssl=1\" srcset=\"https:\/\/i0.wp.com\/idnu.ch\/wordpress\/wp-content\/uploads\/2022\/12\/locarno-20221012-60.jpg?w=1240&amp;ssl=1 1240w, https:\/\/i0.wp.com\/idnu.ch\/wordpress\/wp-content\/uploads\/2022\/12\/locarno-20221012-60.jpg?resize=300%2C200&amp;ssl=1 300w, https:\/\/i0.wp.com\/idnu.ch\/wordpress\/wp-content\/uploads\/2022\/12\/locarno-20221012-60.jpg?resize=1024%2C683&amp;ssl=1 1024w, https:\/\/i0.wp.com\/idnu.ch\/wordpress\/wp-content\/uploads\/2022\/12\/locarno-20221012-60.jpg?resize=768%2C512&amp;ssl=1 768w, https:\/\/i0.wp.com\/idnu.ch\/wordpress\/wp-content\/uploads\/2022\/12\/locarno-20221012-60.jpg?resize=150%2C100&amp;ssl=1 150w\" width=\"514\" height=\"343\" loading=\"lazy\" data-original-width=\"514\" data-original-height=\"343\" itemprop=\"http:\/\/schema.org\/image\" title=\"Sieht aus wie ein Pralin\u00e9\" alt=\"pilz von oben im d\u00fcrren laub\" style=\"width: 514px; height: 343px;\" \/> <\/a> <div class=\"tiled-gallery-caption\" itemprop=\"caption description\"> Sieht aus wie ein Pralin\u00e9 <\/div> <\/div> <\/div> <!-- close group --> <div class=\"gallery-group images-1\" style=\"width: 232px; height: 347px;\" data-original-width=\"232\" data-original-height=\"347\" > <div class=\"tiled-gallery-item tiled-gallery-item-small\" itemprop=\"associatedMedia\" itemscope itemtype=\"http:\/\/schema.org\/ImageObject\"> <a href=\"https:\/\/idnu.ch\/wordpress\/im-sagenumwobenen-verzascatal\/locarno-20221012-61\/#main\" border=\"0\" itemprop=\"url\"> <meta itemprop=\"width\" content=\"228\"> <meta itemprop=\"height\" content=\"343\"> <img decoding=\"async\" class=\"\" data-attachment-id=\"22290\" data-orig-file=\"https:\/\/idnu.ch\/wordpress\/wp-content\/uploads\/2022\/12\/locarno-20221012-61.jpg\" data-orig-size=\"827,1240\" data-comments-opened=\"1\" data-image-meta=\"{&quot;aperture&quot;:&quot;5&quot;,&quot;credit&quot;:&quot;Urs Kyburz&quot;,&quot;camera&quot;:&quot;Canon EOS 5D Mark IV&quot;,&quot;caption&quot;:&quot;&quot;,&quot;created_timestamp&quot;:&quot;1665564988&quot;,&quot;copyright&quot;:&quot;Copyright Urs Kyburz (2019)&quot;,&quot;focal_length&quot;:&quot;90&quot;,&quot;iso&quot;:&quot;8000&quot;,&quot;shutter_speed&quot;:&quot;0.01&quot;,&quot;title&quot;:&quot;&quot;,&quot;orientation&quot;:&quot;0&quot;}\" data-image-title=\"Eine unbekannte Sch\u00f6nheit\" data-image-description=\"\" data-medium-file=\"https:\/\/i0.wp.com\/idnu.ch\/wordpress\/wp-content\/uploads\/2022\/12\/locarno-20221012-61.jpg?fit=200%2C300&#038;ssl=1\" data-large-file=\"https:\/\/i0.wp.com\/idnu.ch\/wordpress\/wp-content\/uploads\/2022\/12\/locarno-20221012-61.jpg?fit=683%2C1024&#038;ssl=1\" src=\"https:\/\/i0.wp.com\/idnu.ch\/wordpress\/wp-content\/uploads\/2022\/12\/locarno-20221012-61.jpg?w=228&#038;h=343&#038;ssl=1\" srcset=\"https:\/\/i0.wp.com\/idnu.ch\/wordpress\/wp-content\/uploads\/2022\/12\/locarno-20221012-61.jpg?w=827&amp;ssl=1 827w, https:\/\/i0.wp.com\/idnu.ch\/wordpress\/wp-content\/uploads\/2022\/12\/locarno-20221012-61.jpg?resize=200%2C300&amp;ssl=1 200w, https:\/\/i0.wp.com\/idnu.ch\/wordpress\/wp-content\/uploads\/2022\/12\/locarno-20221012-61.jpg?resize=683%2C1024&amp;ssl=1 683w, https:\/\/i0.wp.com\/idnu.ch\/wordpress\/wp-content\/uploads\/2022\/12\/locarno-20221012-61.jpg?resize=768%2C1152&amp;ssl=1 768w, https:\/\/i0.wp.com\/idnu.ch\/wordpress\/wp-content\/uploads\/2022\/12\/locarno-20221012-61.jpg?resize=67%2C100&amp;ssl=1 67w\" width=\"228\" height=\"343\" loading=\"lazy\" data-original-width=\"228\" data-original-height=\"343\" itemprop=\"http:\/\/schema.org\/image\" title=\"Eine unbekannte Sch\u00f6nheit\" alt=\"rosafarbener pilz\" style=\"width: 228px; height: 343px;\" \/> <\/a> <div class=\"tiled-gallery-caption\" itemprop=\"caption description\"> Eine unbekannte Sch\u00f6nheit <\/div> <\/div> <\/div> <!-- close group --> <\/div> <!-- close row --> <div class=\"gallery-row\" style=\"width: 750px; height: 347px;\" data-original-width=\"750\" data-original-height=\"347\" > <div class=\"gallery-group images-1\" style=\"width: 232px; height: 347px;\" data-original-width=\"232\" data-original-height=\"347\" > <div class=\"tiled-gallery-item tiled-gallery-item-small\" itemprop=\"associatedMedia\" itemscope itemtype=\"http:\/\/schema.org\/ImageObject\"> <a href=\"https:\/\/idnu.ch\/wordpress\/im-sagenumwobenen-verzascatal\/locarno-20221012-65\/#main\" border=\"0\" itemprop=\"url\"> <meta itemprop=\"width\" content=\"228\"> <meta itemprop=\"height\" content=\"343\"> <img decoding=\"async\" class=\"\" data-attachment-id=\"22291\" data-orig-file=\"https:\/\/idnu.ch\/wordpress\/wp-content\/uploads\/2022\/12\/locarno-20221012-65.jpg\" data-orig-size=\"827,1240\" data-comments-opened=\"1\" data-image-meta=\"{&quot;aperture&quot;:&quot;5&quot;,&quot;credit&quot;:&quot;Urs Kyburz&quot;,&quot;camera&quot;:&quot;Canon EOS 5D Mark IV&quot;,&quot;caption&quot;:&quot;&quot;,&quot;created_timestamp&quot;:&quot;1665565114&quot;,&quot;copyright&quot;:&quot;Copyright Urs Kyburz (2019)&quot;,&quot;focal_length&quot;:&quot;90&quot;,&quot;iso&quot;:&quot;1000&quot;,&quot;shutter_speed&quot;:&quot;0.0125&quot;,&quot;title&quot;:&quot;&quot;,&quot;orientation&quot;:&quot;0&quot;}\" data-image-title=\"Noch mehr Pilze\" data-image-description=\"\" data-medium-file=\"https:\/\/i0.wp.com\/idnu.ch\/wordpress\/wp-content\/uploads\/2022\/12\/locarno-20221012-65.jpg?fit=200%2C300&#038;ssl=1\" data-large-file=\"https:\/\/i0.wp.com\/idnu.ch\/wordpress\/wp-content\/uploads\/2022\/12\/locarno-20221012-65.jpg?fit=683%2C1024&#038;ssl=1\" src=\"https:\/\/i0.wp.com\/idnu.ch\/wordpress\/wp-content\/uploads\/2022\/12\/locarno-20221012-65.jpg?w=228&#038;h=343&#038;ssl=1\" srcset=\"https:\/\/i0.wp.com\/idnu.ch\/wordpress\/wp-content\/uploads\/2022\/12\/locarno-20221012-65.jpg?w=827&amp;ssl=1 827w, https:\/\/i0.wp.com\/idnu.ch\/wordpress\/wp-content\/uploads\/2022\/12\/locarno-20221012-65.jpg?resize=200%2C300&amp;ssl=1 200w, https:\/\/i0.wp.com\/idnu.ch\/wordpress\/wp-content\/uploads\/2022\/12\/locarno-20221012-65.jpg?resize=683%2C1024&amp;ssl=1 683w, https:\/\/i0.wp.com\/idnu.ch\/wordpress\/wp-content\/uploads\/2022\/12\/locarno-20221012-65.jpg?resize=768%2C1152&amp;ssl=1 768w, https:\/\/i0.wp.com\/idnu.ch\/wordpress\/wp-content\/uploads\/2022\/12\/locarno-20221012-65.jpg?resize=67%2C100&amp;ssl=1 67w\" width=\"228\" height=\"343\" loading=\"lazy\" data-original-width=\"228\" data-original-height=\"343\" itemprop=\"http:\/\/schema.org\/image\" title=\"Noch mehr Pilze\" alt=\"pilze auf totholz\" style=\"width: 228px; height: 343px;\" \/> <\/a> <div class=\"tiled-gallery-caption\" itemprop=\"caption description\"> Noch mehr Pilze <\/div> <\/div> <\/div> <!-- close group --> <div class=\"gallery-group images-1\" style=\"width: 518px; height: 347px;\" data-original-width=\"518\" data-original-height=\"347\" > <div class=\"tiled-gallery-item tiled-gallery-item-large\" itemprop=\"associatedMedia\" itemscope itemtype=\"http:\/\/schema.org\/ImageObject\"> <a href=\"https:\/\/idnu.ch\/wordpress\/im-sagenumwobenen-verzascatal\/locarno-20221012-68\/#main\" border=\"0\" itemprop=\"url\"> <meta itemprop=\"width\" content=\"514\"> <meta itemprop=\"height\" content=\"343\"> <img decoding=\"async\" class=\"\" data-attachment-id=\"22292\" data-orig-file=\"https:\/\/idnu.ch\/wordpress\/wp-content\/uploads\/2022\/12\/locarno-20221012-68.jpg\" data-orig-size=\"1240,827\" data-comments-opened=\"1\" data-image-meta=\"{&quot;aperture&quot;:&quot;3.2&quot;,&quot;credit&quot;:&quot;Urs Kyburz&quot;,&quot;camera&quot;:&quot;Canon EOS 5D Mark IV&quot;,&quot;caption&quot;:&quot;&quot;,&quot;created_timestamp&quot;:&quot;1665565224&quot;,&quot;copyright&quot;:&quot;Copyright Urs Kyburz (2019)&quot;,&quot;focal_length&quot;:&quot;90&quot;,&quot;iso&quot;:&quot;320&quot;,&quot;shutter_speed&quot;:&quot;0.0125&quot;,&quot;title&quot;:&quot;&quot;,&quot;orientation&quot;:&quot;0&quot;}\" data-image-title=\"Ein Buchen-Schleimr\u00fcbling\" data-image-description=\"\" data-medium-file=\"https:\/\/i0.wp.com\/idnu.ch\/wordpress\/wp-content\/uploads\/2022\/12\/locarno-20221012-68.jpg?fit=300%2C200&#038;ssl=1\" data-large-file=\"https:\/\/i0.wp.com\/idnu.ch\/wordpress\/wp-content\/uploads\/2022\/12\/locarno-20221012-68.jpg?fit=750%2C500&#038;ssl=1\" src=\"https:\/\/i0.wp.com\/idnu.ch\/wordpress\/wp-content\/uploads\/2022\/12\/locarno-20221012-68.jpg?w=514&#038;h=343&#038;ssl=1\" srcset=\"https:\/\/i0.wp.com\/idnu.ch\/wordpress\/wp-content\/uploads\/2022\/12\/locarno-20221012-68.jpg?w=1240&amp;ssl=1 1240w, https:\/\/i0.wp.com\/idnu.ch\/wordpress\/wp-content\/uploads\/2022\/12\/locarno-20221012-68.jpg?resize=300%2C200&amp;ssl=1 300w, https:\/\/i0.wp.com\/idnu.ch\/wordpress\/wp-content\/uploads\/2022\/12\/locarno-20221012-68.jpg?resize=1024%2C683&amp;ssl=1 1024w, https:\/\/i0.wp.com\/idnu.ch\/wordpress\/wp-content\/uploads\/2022\/12\/locarno-20221012-68.jpg?resize=768%2C512&amp;ssl=1 768w, https:\/\/i0.wp.com\/idnu.ch\/wordpress\/wp-content\/uploads\/2022\/12\/locarno-20221012-68.jpg?resize=150%2C100&amp;ssl=1 150w\" width=\"514\" height=\"343\" loading=\"lazy\" data-original-width=\"514\" data-original-height=\"343\" itemprop=\"http:\/\/schema.org\/image\" title=\"Ein Buchen-Schleimr\u00fcbling\" alt=\"pilz auf totholz\" style=\"width: 514px; height: 343px;\" \/> <\/a> <div class=\"tiled-gallery-caption\" itemprop=\"caption description\"> Ein Buchen-Schleimr\u00fcbling <\/div> <\/div> <\/div> <!-- close group --> <\/div> <!-- close row --> <div class=\"gallery-row\" style=\"width: 750px; height: 502px;\" data-original-width=\"750\" data-original-height=\"502\" > <div class=\"gallery-group images-1\" style=\"width: 750px; height: 502px;\" data-original-width=\"750\" data-original-height=\"502\" > <div class=\"tiled-gallery-item tiled-gallery-item-large\" itemprop=\"associatedMedia\" itemscope itemtype=\"http:\/\/schema.org\/ImageObject\"> <a href=\"https:\/\/idnu.ch\/wordpress\/im-sagenumwobenen-verzascatal\/locarno-20221012-73\/#main\" border=\"0\" itemprop=\"url\"> <meta itemprop=\"width\" content=\"746\"> <meta itemprop=\"height\" content=\"498\"> <img decoding=\"async\" class=\"\" data-attachment-id=\"22293\" data-orig-file=\"https:\/\/idnu.ch\/wordpress\/wp-content\/uploads\/2022\/12\/locarno-20221012-73.jpg\" data-orig-size=\"1240,827\" data-comments-opened=\"1\" data-image-meta=\"{&quot;aperture&quot;:&quot;14&quot;,&quot;credit&quot;:&quot;Urs Kyburz&quot;,&quot;camera&quot;:&quot;Canon EOS 5D Mark IV&quot;,&quot;caption&quot;:&quot;&quot;,&quot;created_timestamp&quot;:&quot;1665566146&quot;,&quot;copyright&quot;:&quot;Copyright Urs Kyburz (2019)&quot;,&quot;focal_length&quot;:&quot;24&quot;,&quot;iso&quot;:&quot;2500&quot;,&quot;shutter_speed&quot;:&quot;0.033333333333333&quot;,&quot;title&quot;:&quot;&quot;,&quot;orientation&quot;:&quot;0&quot;}\" data-image-title=\"Mystisch!\" data-image-description=\"\" data-medium-file=\"https:\/\/i0.wp.com\/idnu.ch\/wordpress\/wp-content\/uploads\/2022\/12\/locarno-20221012-73.jpg?fit=300%2C200&#038;ssl=1\" data-large-file=\"https:\/\/i0.wp.com\/idnu.ch\/wordpress\/wp-content\/uploads\/2022\/12\/locarno-20221012-73.jpg?fit=750%2C500&#038;ssl=1\" src=\"https:\/\/i0.wp.com\/idnu.ch\/wordpress\/wp-content\/uploads\/2022\/12\/locarno-20221012-73.jpg?w=746&#038;h=498&#038;ssl=1\" srcset=\"https:\/\/i0.wp.com\/idnu.ch\/wordpress\/wp-content\/uploads\/2022\/12\/locarno-20221012-73.jpg?w=1240&amp;ssl=1 1240w, https:\/\/i0.wp.com\/idnu.ch\/wordpress\/wp-content\/uploads\/2022\/12\/locarno-20221012-73.jpg?resize=300%2C200&amp;ssl=1 300w, https:\/\/i0.wp.com\/idnu.ch\/wordpress\/wp-content\/uploads\/2022\/12\/locarno-20221012-73.jpg?resize=1024%2C683&amp;ssl=1 1024w, https:\/\/i0.wp.com\/idnu.ch\/wordpress\/wp-content\/uploads\/2022\/12\/locarno-20221012-73.jpg?resize=768%2C512&amp;ssl=1 768w, https:\/\/i0.wp.com\/idnu.ch\/wordpress\/wp-content\/uploads\/2022\/12\/locarno-20221012-73.jpg?resize=150%2C100&amp;ssl=1 150w\" width=\"746\" height=\"498\" loading=\"lazy\" data-original-width=\"746\" data-original-height=\"498\" itemprop=\"http:\/\/schema.org\/image\" title=\"Mystisch!\" alt=\"buchenwald mit felsbrocken, junge steht auf dem fels, die mutter rechts daneben am boden, die Sonne scheint durch das bl\u00e4tterdach\" style=\"width: 746px; height: 498px;\" \/> <\/a> <div class=\"tiled-gallery-caption\" itemprop=\"caption description\"> Mystisch! <\/div> <\/div> <\/div> <!-- close group --> <\/div> <!-- close row --> <\/div>\n<p>Auch andere, uns unbekannte Arten spriessen aus dem Boden und aus dem Totholz. Wir verbringen sicher eine Stunde dort mit Fotografieren. Dann aber wird es Zeit weiterzugehen, denn wir haben uns entschieden, ein bestimmtes Postauto zu erwischen, allzu h\u00e4ufig fahren die Busse hier nicht. Also wandern wir weiter flussaufw\u00e4rts, der wilden Verzasca entlang. Wir kommen immer wieder an Installationen vorbei. Es handelt sich dabei um die <a href=\"https:\/\/www.ascona-locarno.com\/de\/commons\/details\/BoBosco-Boccia-al-bosco\/148251\" target=\"_blank\" rel=\"noopener\">Kugelbahn BoBosco<\/a>, die dem Weg entlang von Brione nach Lavertezzo verl\u00e4uft. Entsprechend hat es jetzt mehr Leute.<\/p>\n<div class=\"tiled-gallery type-rectangular tiled-gallery-unresized\" data-original-width=\"750\" data-carousel-extra='{&quot;blog_id&quot;:1,&quot;permalink&quot;:&quot;https:\\\/\\\/idnu.ch\\\/wordpress\\\/im-sagenumwobenen-verzascatal\\\/&quot;,&quot;likes_blog_id&quot;:100184974}' itemscope itemtype=\"http:\/\/schema.org\/ImageGallery\" > <div class=\"gallery-row\" style=\"width: 750px; height: 214px;\" data-original-width=\"750\" data-original-height=\"214\" > <div class=\"gallery-group images-1\" style=\"width: 144px; height: 214px;\" data-original-width=\"144\" data-original-height=\"214\" > <div class=\"tiled-gallery-item tiled-gallery-item-small\" itemprop=\"associatedMedia\" itemscope itemtype=\"http:\/\/schema.org\/ImageObject\"> <a href=\"https:\/\/idnu.ch\/wordpress\/im-sagenumwobenen-verzascatal\/locarno-20221012-82\/#main\" border=\"0\" itemprop=\"url\"> <meta itemprop=\"width\" content=\"140\"> <meta itemprop=\"height\" content=\"210\"> <img decoding=\"async\" class=\"\" data-attachment-id=\"22294\" data-orig-file=\"https:\/\/idnu.ch\/wordpress\/wp-content\/uploads\/2022\/12\/locarno-20221012-82.jpg\" data-orig-size=\"827,1240\" data-comments-opened=\"1\" data-image-meta=\"{&quot;aperture&quot;:&quot;6.3&quot;,&quot;credit&quot;:&quot;Urs Kyburz&quot;,&quot;camera&quot;:&quot;Canon EOS 5D Mark IV&quot;,&quot;caption&quot;:&quot;&quot;,&quot;created_timestamp&quot;:&quot;1665567939&quot;,&quot;copyright&quot;:&quot;Copyright Urs Kyburz (2019)&quot;,&quot;focal_length&quot;:&quot;50&quot;,&quot;iso&quot;:&quot;100&quot;,&quot;shutter_speed&quot;:&quot;0.008&quot;,&quot;title&quot;:&quot;&quot;,&quot;orientation&quot;:&quot;0&quot;}\" data-image-title=\"An der wilden Verzasca\" data-image-description=\"\" data-medium-file=\"https:\/\/i0.wp.com\/idnu.ch\/wordpress\/wp-content\/uploads\/2022\/12\/locarno-20221012-82.jpg?fit=200%2C300&#038;ssl=1\" data-large-file=\"https:\/\/i0.wp.com\/idnu.ch\/wordpress\/wp-content\/uploads\/2022\/12\/locarno-20221012-82.jpg?fit=683%2C1024&#038;ssl=1\" src=\"https:\/\/i0.wp.com\/idnu.ch\/wordpress\/wp-content\/uploads\/2022\/12\/locarno-20221012-82.jpg?w=140&#038;h=210&#038;ssl=1\" srcset=\"https:\/\/i0.wp.com\/idnu.ch\/wordpress\/wp-content\/uploads\/2022\/12\/locarno-20221012-82.jpg?w=827&amp;ssl=1 827w, https:\/\/i0.wp.com\/idnu.ch\/wordpress\/wp-content\/uploads\/2022\/12\/locarno-20221012-82.jpg?resize=200%2C300&amp;ssl=1 200w, https:\/\/i0.wp.com\/idnu.ch\/wordpress\/wp-content\/uploads\/2022\/12\/locarno-20221012-82.jpg?resize=683%2C1024&amp;ssl=1 683w, https:\/\/i0.wp.com\/idnu.ch\/wordpress\/wp-content\/uploads\/2022\/12\/locarno-20221012-82.jpg?resize=768%2C1152&amp;ssl=1 768w, https:\/\/i0.wp.com\/idnu.ch\/wordpress\/wp-content\/uploads\/2022\/12\/locarno-20221012-82.jpg?resize=67%2C100&amp;ssl=1 67w\" width=\"140\" height=\"210\" loading=\"lazy\" data-original-width=\"140\" data-original-height=\"210\" itemprop=\"http:\/\/schema.org\/image\" title=\"An der wilden Verzasca\" alt=\"frau steht auf den felsen am flussufer\" style=\"width: 140px; height: 210px;\" \/> <\/a> <div class=\"tiled-gallery-caption\" itemprop=\"caption description\"> An der wilden Verzasca <\/div> <\/div> <\/div> <!-- close group --> <div class=\"gallery-group images-1\" style=\"width: 144px; height: 214px;\" data-original-width=\"144\" data-original-height=\"214\" > <div class=\"tiled-gallery-item tiled-gallery-item-small\" itemprop=\"associatedMedia\" itemscope itemtype=\"http:\/\/schema.org\/ImageObject\"> <a href=\"https:\/\/idnu.ch\/wordpress\/im-sagenumwobenen-verzascatal\/locarno-20221012-83\/#main\" border=\"0\" itemprop=\"url\"> <meta itemprop=\"width\" content=\"140\"> <meta itemprop=\"height\" content=\"210\"> <img decoding=\"async\" class=\"\" data-attachment-id=\"22295\" data-orig-file=\"https:\/\/idnu.ch\/wordpress\/wp-content\/uploads\/2022\/12\/locarno-20221012-83.jpg\" data-orig-size=\"827,1240\" data-comments-opened=\"1\" data-image-meta=\"{&quot;aperture&quot;:&quot;6.3&quot;,&quot;credit&quot;:&quot;Urs Kyburz&quot;,&quot;camera&quot;:&quot;Canon EOS 5D Mark IV&quot;,&quot;caption&quot;:&quot;&quot;,&quot;created_timestamp&quot;:&quot;1665569007&quot;,&quot;copyright&quot;:&quot;Copyright Urs Kyburz (2019)&quot;,&quot;focal_length&quot;:&quot;24&quot;,&quot;iso&quot;:&quot;160&quot;,&quot;shutter_speed&quot;:&quot;0.033333333333333&quot;,&quot;title&quot;:&quot;&quot;,&quot;orientation&quot;:&quot;0&quot;}\" data-image-title=\"Vorbei an der Kugelbahn\" data-image-description=\"\" data-medium-file=\"https:\/\/i0.wp.com\/idnu.ch\/wordpress\/wp-content\/uploads\/2022\/12\/locarno-20221012-83.jpg?fit=200%2C300&#038;ssl=1\" data-large-file=\"https:\/\/i0.wp.com\/idnu.ch\/wordpress\/wp-content\/uploads\/2022\/12\/locarno-20221012-83.jpg?fit=683%2C1024&#038;ssl=1\" src=\"https:\/\/i0.wp.com\/idnu.ch\/wordpress\/wp-content\/uploads\/2022\/12\/locarno-20221012-83.jpg?w=140&#038;h=210&#038;ssl=1\" srcset=\"https:\/\/i0.wp.com\/idnu.ch\/wordpress\/wp-content\/uploads\/2022\/12\/locarno-20221012-83.jpg?w=827&amp;ssl=1 827w, https:\/\/i0.wp.com\/idnu.ch\/wordpress\/wp-content\/uploads\/2022\/12\/locarno-20221012-83.jpg?resize=200%2C300&amp;ssl=1 200w, https:\/\/i0.wp.com\/idnu.ch\/wordpress\/wp-content\/uploads\/2022\/12\/locarno-20221012-83.jpg?resize=683%2C1024&amp;ssl=1 683w, https:\/\/i0.wp.com\/idnu.ch\/wordpress\/wp-content\/uploads\/2022\/12\/locarno-20221012-83.jpg?resize=768%2C1152&amp;ssl=1 768w, https:\/\/i0.wp.com\/idnu.ch\/wordpress\/wp-content\/uploads\/2022\/12\/locarno-20221012-83.jpg?resize=67%2C100&amp;ssl=1 67w\" width=\"140\" height=\"210\" loading=\"lazy\" data-original-width=\"140\" data-original-height=\"210\" itemprop=\"http:\/\/schema.org\/image\" title=\"Vorbei an der Kugelbahn\" alt=\"zwei personen wandern, rechts am fels ist eine kugelbahn angemacht\" style=\"width: 140px; height: 210px;\" \/> <\/a> <div class=\"tiled-gallery-caption\" itemprop=\"caption description\"> Vorbei an der Kugelbahn <\/div> <\/div> <\/div> <!-- close group --> <div class=\"gallery-group images-1\" style=\"width: 318px; height: 214px;\" data-original-width=\"318\" data-original-height=\"214\" > <div class=\"tiled-gallery-item tiled-gallery-item-large\" itemprop=\"associatedMedia\" itemscope itemtype=\"http:\/\/schema.org\/ImageObject\"> <a href=\"https:\/\/idnu.ch\/wordpress\/im-sagenumwobenen-verzascatal\/locarno-20221012-85\/#main\" border=\"0\" itemprop=\"url\"> <meta itemprop=\"width\" content=\"314\"> <meta itemprop=\"height\" content=\"210\"> <img decoding=\"async\" class=\"\" data-attachment-id=\"22296\" data-orig-file=\"https:\/\/idnu.ch\/wordpress\/wp-content\/uploads\/2022\/12\/locarno-20221012-85.jpg\" data-orig-size=\"1240,827\" data-comments-opened=\"1\" data-image-meta=\"{&quot;aperture&quot;:&quot;6.3&quot;,&quot;credit&quot;:&quot;Urs Kyburz&quot;,&quot;camera&quot;:&quot;Canon EOS 5D Mark IV&quot;,&quot;caption&quot;:&quot;&quot;,&quot;created_timestamp&quot;:&quot;1665569855&quot;,&quot;copyright&quot;:&quot;Copyright Urs Kyburz (2019)&quot;,&quot;focal_length&quot;:&quot;24&quot;,&quot;iso&quot;:&quot;100&quot;,&quot;shutter_speed&quot;:&quot;0.02&quot;,&quot;title&quot;:&quot;&quot;,&quot;orientation&quot;:&quot;0&quot;}\" data-image-title=\"Angenehmes Wandern auf dem ausgebauten Weg\" data-image-description=\"\" data-medium-file=\"https:\/\/i0.wp.com\/idnu.ch\/wordpress\/wp-content\/uploads\/2022\/12\/locarno-20221012-85.jpg?fit=300%2C200&#038;ssl=1\" data-large-file=\"https:\/\/i0.wp.com\/idnu.ch\/wordpress\/wp-content\/uploads\/2022\/12\/locarno-20221012-85.jpg?fit=750%2C500&#038;ssl=1\" src=\"https:\/\/i0.wp.com\/idnu.ch\/wordpress\/wp-content\/uploads\/2022\/12\/locarno-20221012-85.jpg?w=314&#038;h=210&#038;ssl=1\" srcset=\"https:\/\/i0.wp.com\/idnu.ch\/wordpress\/wp-content\/uploads\/2022\/12\/locarno-20221012-85.jpg?w=1240&amp;ssl=1 1240w, https:\/\/i0.wp.com\/idnu.ch\/wordpress\/wp-content\/uploads\/2022\/12\/locarno-20221012-85.jpg?resize=300%2C200&amp;ssl=1 300w, https:\/\/i0.wp.com\/idnu.ch\/wordpress\/wp-content\/uploads\/2022\/12\/locarno-20221012-85.jpg?resize=1024%2C683&amp;ssl=1 1024w, https:\/\/i0.wp.com\/idnu.ch\/wordpress\/wp-content\/uploads\/2022\/12\/locarno-20221012-85.jpg?resize=768%2C512&amp;ssl=1 768w, https:\/\/i0.wp.com\/idnu.ch\/wordpress\/wp-content\/uploads\/2022\/12\/locarno-20221012-85.jpg?resize=150%2C100&amp;ssl=1 150w\" width=\"314\" height=\"210\" loading=\"lazy\" data-original-width=\"314\" data-original-height=\"210\" itemprop=\"http:\/\/schema.org\/image\" title=\"Angenehmes Wandern auf dem ausgebauten Weg\" alt=\"frau wandert \u00fcber einen steg\" style=\"width: 314px; height: 210px;\" \/> <\/a> <div class=\"tiled-gallery-caption\" itemprop=\"caption description\"> Angenehmes Wandern auf dem ausgebauten Weg <\/div> <\/div> <\/div> <!-- close group --> <div class=\"gallery-group images-1\" style=\"width: 144px; height: 214px;\" data-original-width=\"144\" data-original-height=\"214\" > <div class=\"tiled-gallery-item tiled-gallery-item-small\" itemprop=\"associatedMedia\" itemscope itemtype=\"http:\/\/schema.org\/ImageObject\"> <a href=\"https:\/\/idnu.ch\/wordpress\/im-sagenumwobenen-verzascatal\/locarno-20221012-87\/#main\" border=\"0\" itemprop=\"url\"> <meta itemprop=\"width\" content=\"140\"> <meta itemprop=\"height\" content=\"210\"> <img decoding=\"async\" class=\"\" data-attachment-id=\"22297\" data-orig-file=\"https:\/\/idnu.ch\/wordpress\/wp-content\/uploads\/2022\/12\/locarno-20221012-87.jpg\" data-orig-size=\"827,1240\" data-comments-opened=\"1\" data-image-meta=\"{&quot;aperture&quot;:&quot;6.3&quot;,&quot;credit&quot;:&quot;Urs Kyburz&quot;,&quot;camera&quot;:&quot;Canon EOS 5D Mark IV&quot;,&quot;caption&quot;:&quot;&quot;,&quot;created_timestamp&quot;:&quot;1665570881&quot;,&quot;copyright&quot;:&quot;Copyright Urs Kyburz (2019)&quot;,&quot;focal_length&quot;:&quot;32&quot;,&quot;iso&quot;:&quot;100&quot;,&quot;shutter_speed&quot;:&quot;0.008&quot;,&quot;title&quot;:&quot;&quot;,&quot;orientation&quot;:&quot;0&quot;}\" data-image-title=\"Ziel in Sicht: Motta\" data-image-description=\"\" data-medium-file=\"https:\/\/i0.wp.com\/idnu.ch\/wordpress\/wp-content\/uploads\/2022\/12\/locarno-20221012-87.jpg?fit=200%2C300&#038;ssl=1\" data-large-file=\"https:\/\/i0.wp.com\/idnu.ch\/wordpress\/wp-content\/uploads\/2022\/12\/locarno-20221012-87.jpg?fit=683%2C1024&#038;ssl=1\" src=\"https:\/\/i0.wp.com\/idnu.ch\/wordpress\/wp-content\/uploads\/2022\/12\/locarno-20221012-87.jpg?w=140&#038;h=210&#038;ssl=1\" srcset=\"https:\/\/i0.wp.com\/idnu.ch\/wordpress\/wp-content\/uploads\/2022\/12\/locarno-20221012-87.jpg?w=827&amp;ssl=1 827w, https:\/\/i0.wp.com\/idnu.ch\/wordpress\/wp-content\/uploads\/2022\/12\/locarno-20221012-87.jpg?resize=200%2C300&amp;ssl=1 200w, https:\/\/i0.wp.com\/idnu.ch\/wordpress\/wp-content\/uploads\/2022\/12\/locarno-20221012-87.jpg?resize=683%2C1024&amp;ssl=1 683w, https:\/\/i0.wp.com\/idnu.ch\/wordpress\/wp-content\/uploads\/2022\/12\/locarno-20221012-87.jpg?resize=768%2C1152&amp;ssl=1 768w, https:\/\/i0.wp.com\/idnu.ch\/wordpress\/wp-content\/uploads\/2022\/12\/locarno-20221012-87.jpg?resize=67%2C100&amp;ssl=1 67w\" width=\"140\" height=\"210\" loading=\"lazy\" data-original-width=\"140\" data-original-height=\"210\" itemprop=\"http:\/\/schema.org\/image\" title=\"Ziel in Sicht: Motta\" alt=\"die verzasca, am hang dar\u00fcber motta, das ziel der wanderung\" style=\"width: 140px; height: 210px;\" \/> <\/a> <div class=\"tiled-gallery-caption\" itemprop=\"caption description\"> Ziel in Sicht: Motta <\/div> <\/div> <\/div> <!-- close group --> <\/div> <!-- close row --> <\/div>\n<p>P\u00fcnktlich erreichen wir die Postautohaltestelle in Motta und fahren zur\u00fcck. Bei Lavertezzo schaue ich aus dem Fenster &#8211; und bin schockiert! Diese Masse an Leuten, unglaublich! F\u00fcr die eine Attraktion fahren sie mit dem PW in dieses sch\u00f6ne Tal, bringen L\u00e4rm, Dreck und Abgase. Wie s\u00e4he es wohl mit einem gut ausgebauten \u00d6V aus? Wir sind jedenfalls froh, fahren wir nach Locarno zur\u00fcck. Wer die bisherigen Postings gelesen hat, weiss, wo unser n\u00e4chstes Ziel ist: Das &#8222;Al Porto&#8220; an der Promenade in Muralto!<\/p>\n<h2>Info<\/h2>\n<p>Die Wanderung ist einfach, aber sehr sch\u00f6n. Die Verzasca ist ein sehr eindr\u00fccklicher und wilder Fluss, dem man auf dem einfachen Wanderweg folgen kann.<\/p>\n<table>\n<tbody>\n<tr>\n<td width=\"150\">Start:<\/td>\n<td>Haltestelle &#8222;Corippo, Bivio&#8220;<\/td>\n<\/tr>\n<tr>\n<td>Ziel:<\/td>\n<td>Haltestelle &#8222;Brione (Verzasca), Motta&#8220;<\/td>\n<\/tr>\n<tr>\n<td>Strecke:<\/td>\n<td>Haltestelle &#8222;Corippo, Bivio&#8220; &#8211; Ponte dei Salti in Lavertezzo &#8211; Haltestelle Brione (Verzasca), Motta<\/td>\n<\/tr>\n<tr>\n<td>Distanz:<\/td>\n<td>8 Kilometer<\/td>\n<\/tr>\n<tr>\n<td>H\u00f6henmeter:<\/td>\n<td>280 Meter<\/td>\n<\/tr>\n<tr>\n<td>Wanderzeit:<\/td>\n<td>2 Stunden<\/td>\n<\/tr>\n<tr>\n<td>Schwierigkeit:<\/td>\n<td>T1<\/td>\n<\/tr>\n<tr>\n<td>H\u00f6hepunkte:<\/td>\n<td>Verzasca, der geschliffene Granit, der Buchenwald, die Murmelbahn<\/td>\n<\/tr>\n<tr>\n<td>Alternative:<\/td>\n<td>Man kann nat\u00fcrlich noch beliebig weiterwandern flussaufw\u00e4rts oder bereits bei der Ponte dei Salti die Tour beenden.<\/td>\n<\/tr>\n<\/tbody>\n<\/table>\n","protected":false},"excerpt":{"rendered":"<p>Was hat mir James Bond voraus? Er war schon im sagenumwobenen Verzascatal und&#8230;<\/p>\n","protected":false},"author":2,"featured_media":22218,"comment_status":"open","ping_status":"open","sticky":false,"template":"","format":"standard","meta":{"_monsterinsights_skip_tracking":false,"_monsterinsights_sitenote_active":false,"_monsterinsights_sitenote_note":"","_monsterinsights_sitenote_category":0,"jetpack_post_was_ever_published":false,"_jetpack_newsletter_access":"","_jetpack_dont_email_post_to_subs":false,"_jetpack_newsletter_tier_id":0,"_jetpack_memberships_contains_paywalled_content":false,"_jetpack_memberships_contains_paid_content":false,"footnotes":"","jetpack_publicize_message":"NEU im Blog und p\u00fcnktlich zur Mittagspause: Wandern im sagenumwobenen #Verzascatal\r\n#myAsconaLocarno","jetpack_publicize_feature_enabled":true,"jetpack_social_post_already_shared":true,"jetpack_social_options":{"image_generator_settings":{"template":"highway","default_image_id":0,"font":"","enabled":false},"version":2}},"categories":[82,919,5],"tags":[1548,522,1549,1546,1550,1545,529,1547,1544],"class_list":["post-22183","post","type-post","status-publish","format-standard","has-post-thumbnail","hentry","category-tessin","category-tessin-tourismusregionen","category-wandern","tag-flusswandern","tag-herbst","tag-kugelbahn","tag-lavertezzo","tag-pilze","tag-ponte-dei-salti","tag-schlucht","tag-valle-verzasca","tag-verzasca"],"geo":{"latitude":46.26012039999999814199327374808490276336669921875,"longitude":8.8359261000000000052523319027386605739593505859375,"description":"Lavertezzo, Ticino, 6633, CH"},"yoast_head":"<!-- This site is optimized with the Yoast SEO plugin v27.4 - https:\/\/yoast.com\/product\/yoast-seo-wordpress\/ -->\n<title>Im sagenumwobenen Verzascatal - In der Natur unterwegs<\/title>\n<meta name=\"description\" content=\"Im sagenumwobenen Verzascatal gibt es viel zu entdecken, wir begn\u00fcgten uns bei unserem ersten Besuch auf eine Flusswanderung.\" \/>\n<meta name=\"robots\" content=\"index, follow, max-snippet:-1, max-image-preview:large, max-video-preview:-1\" \/>\n<link rel=\"canonical\" href=\"https:\/\/idnu.ch\/wordpress\/im-sagenumwobenen-verzascatal\/\" \/>\n<meta property=\"og:locale\" content=\"de_DE\" \/>\n<meta property=\"og:type\" content=\"article\" \/>\n<meta property=\"og:title\" content=\"Im sagenumwobenen Verzascatal - In der Natur unterwegs\" \/>\n<meta property=\"og:description\" content=\"Im sagenumwobenen Verzascatal gibt es viel zu entdecken, wir begn\u00fcgten uns bei unserem ersten Besuch auf eine Flusswanderung.\" \/>\n<meta property=\"og:url\" content=\"https:\/\/idnu.ch\/wordpress\/im-sagenumwobenen-verzascatal\/\" \/>\n<meta property=\"og:site_name\" content=\"In der Natur unterwegs\" \/>\n<meta property=\"article:published_time\" content=\"2022-12-12T11:12:13+00:00\" \/>\n<meta property=\"article:modified_time\" content=\"2025-08-24T14:59:20+00:00\" \/>\n<meta property=\"og:image\" content=\"https:\/\/idnu.ch\/wordpress\/wp-content\/uploads\/2022\/12\/locarno-20221012-39.jpg\" \/>\n\t<meta property=\"og:image:width\" content=\"1240\" \/>\n\t<meta property=\"og:image:height\" content=\"827\" \/>\n\t<meta property=\"og:image:type\" content=\"image\/jpeg\" \/>\n<meta name=\"author\" content=\"Urs Kyburz\" \/>\n<meta name=\"twitter:card\" content=\"summary_large_image\" \/>\n<meta name=\"twitter:creator\" content=\"@idnu_ch\" \/>\n<meta name=\"twitter:site\" content=\"@idnu_ch\" \/>\n<meta name=\"twitter:label1\" content=\"Verfasst von\" \/>\n\t<meta name=\"twitter:data1\" content=\"Urs Kyburz\" \/>\n\t<meta name=\"twitter:label2\" content=\"Gesch\u00e4tzte Lesezeit\" \/>\n\t<meta name=\"twitter:data2\" content=\"4\u00a0Minuten\" \/>\n<script type=\"application\/ld+json\" class=\"yoast-schema-graph\">{\"@context\":\"https:\\\/\\\/schema.org\",\"@graph\":[{\"@type\":\"Article\",\"@id\":\"https:\\\/\\\/idnu.ch\\\/wordpress\\\/im-sagenumwobenen-verzascatal\\\/#article\",\"isPartOf\":{\"@id\":\"https:\\\/\\\/idnu.ch\\\/wordpress\\\/im-sagenumwobenen-verzascatal\\\/\"},\"author\":{\"name\":\"Urs Kyburz\",\"@id\":\"https:\\\/\\\/idnu.ch\\\/wordpress\\\/#\\\/schema\\\/person\\\/1ab8c5de743be7b019272124c19ad351\"},\"headline\":\"Im sagenumwobenen Verzascatal\",\"datePublished\":\"2022-12-12T11:12:13+00:00\",\"dateModified\":\"2025-08-24T14:59:20+00:00\",\"mainEntityOfPage\":{\"@id\":\"https:\\\/\\\/idnu.ch\\\/wordpress\\\/im-sagenumwobenen-verzascatal\\\/\"},\"wordCount\":716,\"commentCount\":0,\"publisher\":{\"@id\":\"https:\\\/\\\/idnu.ch\\\/wordpress\\\/#\\\/schema\\\/person\\\/1ab8c5de743be7b019272124c19ad351\"},\"image\":{\"@id\":\"https:\\\/\\\/idnu.ch\\\/wordpress\\\/im-sagenumwobenen-verzascatal\\\/#primaryimage\"},\"thumbnailUrl\":\"https:\\\/\\\/i0.wp.com\\\/idnu.ch\\\/wordpress\\\/wp-content\\\/uploads\\\/2022\\\/12\\\/locarno-20221012-39.jpg?fit=1240%2C827&ssl=1\",\"keywords\":[\"Flusswandern\",\"Herbst\",\"Kugelbahn\",\"Lavertezzo\",\"Pilze\",\"Ponte dei Salti\",\"Schlucht\",\"Valle Verzasca\",\"Verzasca\"],\"articleSection\":[\"Tessin\",\"Tessin\",\"Wandern\"],\"inLanguage\":\"de\",\"potentialAction\":[{\"@type\":\"CommentAction\",\"name\":\"Comment\",\"target\":[\"https:\\\/\\\/idnu.ch\\\/wordpress\\\/im-sagenumwobenen-verzascatal\\\/#respond\"]}]},{\"@type\":\"WebPage\",\"@id\":\"https:\\\/\\\/idnu.ch\\\/wordpress\\\/im-sagenumwobenen-verzascatal\\\/\",\"url\":\"https:\\\/\\\/idnu.ch\\\/wordpress\\\/im-sagenumwobenen-verzascatal\\\/\",\"name\":\"Im sagenumwobenen Verzascatal - In der Natur unterwegs\",\"isPartOf\":{\"@id\":\"https:\\\/\\\/idnu.ch\\\/wordpress\\\/#website\"},\"primaryImageOfPage\":{\"@id\":\"https:\\\/\\\/idnu.ch\\\/wordpress\\\/im-sagenumwobenen-verzascatal\\\/#primaryimage\"},\"image\":{\"@id\":\"https:\\\/\\\/idnu.ch\\\/wordpress\\\/im-sagenumwobenen-verzascatal\\\/#primaryimage\"},\"thumbnailUrl\":\"https:\\\/\\\/i0.wp.com\\\/idnu.ch\\\/wordpress\\\/wp-content\\\/uploads\\\/2022\\\/12\\\/locarno-20221012-39.jpg?fit=1240%2C827&ssl=1\",\"datePublished\":\"2022-12-12T11:12:13+00:00\",\"dateModified\":\"2025-08-24T14:59:20+00:00\",\"description\":\"Im sagenumwobenen Verzascatal gibt es viel zu entdecken, wir begn\u00fcgten uns bei unserem ersten Besuch auf eine Flusswanderung.\",\"breadcrumb\":{\"@id\":\"https:\\\/\\\/idnu.ch\\\/wordpress\\\/im-sagenumwobenen-verzascatal\\\/#breadcrumb\"},\"inLanguage\":\"de\",\"potentialAction\":[{\"@type\":\"ReadAction\",\"target\":[\"https:\\\/\\\/idnu.ch\\\/wordpress\\\/im-sagenumwobenen-verzascatal\\\/\"]}]},{\"@type\":\"ImageObject\",\"inLanguage\":\"de\",\"@id\":\"https:\\\/\\\/idnu.ch\\\/wordpress\\\/im-sagenumwobenen-verzascatal\\\/#primaryimage\",\"url\":\"https:\\\/\\\/i0.wp.com\\\/idnu.ch\\\/wordpress\\\/wp-content\\\/uploads\\\/2022\\\/12\\\/locarno-20221012-39.jpg?fit=1240%2C827&ssl=1\",\"contentUrl\":\"https:\\\/\\\/i0.wp.com\\\/idnu.ch\\\/wordpress\\\/wp-content\\\/uploads\\\/2022\\\/12\\\/locarno-20221012-39.jpg?fit=1240%2C827&ssl=1\",\"width\":1240,\"height\":827,\"caption\":\"Die ber\u00fchmte Ponte dei Salti\"},{\"@type\":\"BreadcrumbList\",\"@id\":\"https:\\\/\\\/idnu.ch\\\/wordpress\\\/im-sagenumwobenen-verzascatal\\\/#breadcrumb\",\"itemListElement\":[{\"@type\":\"ListItem\",\"position\":1,\"name\":\"Startseite\",\"item\":\"https:\\\/\\\/idnu.ch\\\/wordpress\\\/\"},{\"@type\":\"ListItem\",\"position\":2,\"name\":\"Im sagenumwobenen Verzascatal\"}]},{\"@type\":\"WebSite\",\"@id\":\"https:\\\/\\\/idnu.ch\\\/wordpress\\\/#website\",\"url\":\"https:\\\/\\\/idnu.ch\\\/wordpress\\\/\",\"name\":\"In der Natur unterwegs\",\"description\":\"Dort, wo es am sch\u00f6nsten ist\",\"publisher\":{\"@id\":\"https:\\\/\\\/idnu.ch\\\/wordpress\\\/#\\\/schema\\\/person\\\/1ab8c5de743be7b019272124c19ad351\"},\"potentialAction\":[{\"@type\":\"SearchAction\",\"target\":{\"@type\":\"EntryPoint\",\"urlTemplate\":\"https:\\\/\\\/idnu.ch\\\/wordpress\\\/?s={search_term_string}\"},\"query-input\":{\"@type\":\"PropertyValueSpecification\",\"valueRequired\":true,\"valueName\":\"search_term_string\"}}],\"inLanguage\":\"de\"},{\"@type\":[\"Person\",\"Organization\"],\"@id\":\"https:\\\/\\\/idnu.ch\\\/wordpress\\\/#\\\/schema\\\/person\\\/1ab8c5de743be7b019272124c19ad351\",\"name\":\"Urs Kyburz\",\"image\":{\"@type\":\"ImageObject\",\"inLanguage\":\"de\",\"@id\":\"https:\\\/\\\/i0.wp.com\\\/idnu.ch\\\/wordpress\\\/wp-content\\\/uploads\\\/2016\\\/02\\\/logo_150x165.gif?fit=3151%2C3456&ssl=1\",\"url\":\"https:\\\/\\\/i0.wp.com\\\/idnu.ch\\\/wordpress\\\/wp-content\\\/uploads\\\/2016\\\/02\\\/logo_150x165.gif?fit=3151%2C3456&ssl=1\",\"contentUrl\":\"https:\\\/\\\/i0.wp.com\\\/idnu.ch\\\/wordpress\\\/wp-content\\\/uploads\\\/2016\\\/02\\\/logo_150x165.gif?fit=3151%2C3456&ssl=1\",\"width\":3151,\"height\":3456,\"caption\":\"Urs Kyburz\"},\"logo\":{\"@id\":\"https:\\\/\\\/i0.wp.com\\\/idnu.ch\\\/wordpress\\\/wp-content\\\/uploads\\\/2016\\\/02\\\/logo_150x165.gif?fit=3151%2C3456&ssl=1\"}}]}<\/script>\n<!-- \/ Yoast SEO plugin. -->","yoast_head_json":{"title":"Im sagenumwobenen Verzascatal - In der Natur unterwegs","description":"Im sagenumwobenen Verzascatal gibt es viel zu entdecken, wir begn\u00fcgten uns bei unserem ersten Besuch auf eine Flusswanderung.","robots":{"index":"index","follow":"follow","max-snippet":"max-snippet:-1","max-image-preview":"max-image-preview:large","max-video-preview":"max-video-preview:-1"},"canonical":"https:\/\/idnu.ch\/wordpress\/im-sagenumwobenen-verzascatal\/","og_locale":"de_DE","og_type":"article","og_title":"Im sagenumwobenen Verzascatal - In der Natur unterwegs","og_description":"Im sagenumwobenen Verzascatal gibt es viel zu entdecken, wir begn\u00fcgten uns bei unserem ersten Besuch auf eine Flusswanderung.","og_url":"https:\/\/idnu.ch\/wordpress\/im-sagenumwobenen-verzascatal\/","og_site_name":"In der Natur unterwegs","article_published_time":"2022-12-12T11:12:13+00:00","article_modified_time":"2025-08-24T14:59:20+00:00","og_image":[{"width":1240,"height":827,"url":"https:\/\/idnu.ch\/wordpress\/wp-content\/uploads\/2022\/12\/locarno-20221012-39.jpg","type":"image\/jpeg"}],"author":"Urs Kyburz","twitter_card":"summary_large_image","twitter_creator":"@idnu_ch","twitter_site":"@idnu_ch","twitter_misc":{"Verfasst von":"Urs Kyburz","Gesch\u00e4tzte Lesezeit":"4\u00a0Minuten"},"schema":{"@context":"https:\/\/schema.org","@graph":[{"@type":"Article","@id":"https:\/\/idnu.ch\/wordpress\/im-sagenumwobenen-verzascatal\/#article","isPartOf":{"@id":"https:\/\/idnu.ch\/wordpress\/im-sagenumwobenen-verzascatal\/"},"author":{"name":"Urs Kyburz","@id":"https:\/\/idnu.ch\/wordpress\/#\/schema\/person\/1ab8c5de743be7b019272124c19ad351"},"headline":"Im sagenumwobenen Verzascatal","datePublished":"2022-12-12T11:12:13+00:00","dateModified":"2025-08-24T14:59:20+00:00","mainEntityOfPage":{"@id":"https:\/\/idnu.ch\/wordpress\/im-sagenumwobenen-verzascatal\/"},"wordCount":716,"commentCount":0,"publisher":{"@id":"https:\/\/idnu.ch\/wordpress\/#\/schema\/person\/1ab8c5de743be7b019272124c19ad351"},"image":{"@id":"https:\/\/idnu.ch\/wordpress\/im-sagenumwobenen-verzascatal\/#primaryimage"},"thumbnailUrl":"https:\/\/i0.wp.com\/idnu.ch\/wordpress\/wp-content\/uploads\/2022\/12\/locarno-20221012-39.jpg?fit=1240%2C827&ssl=1","keywords":["Flusswandern","Herbst","Kugelbahn","Lavertezzo","Pilze","Ponte dei Salti","Schlucht","Valle Verzasca","Verzasca"],"articleSection":["Tessin","Tessin","Wandern"],"inLanguage":"de","potentialAction":[{"@type":"CommentAction","name":"Comment","target":["https:\/\/idnu.ch\/wordpress\/im-sagenumwobenen-verzascatal\/#respond"]}]},{"@type":"WebPage","@id":"https:\/\/idnu.ch\/wordpress\/im-sagenumwobenen-verzascatal\/","url":"https:\/\/idnu.ch\/wordpress\/im-sagenumwobenen-verzascatal\/","name":"Im sagenumwobenen Verzascatal - In der Natur unterwegs","isPartOf":{"@id":"https:\/\/idnu.ch\/wordpress\/#website"},"primaryImageOfPage":{"@id":"https:\/\/idnu.ch\/wordpress\/im-sagenumwobenen-verzascatal\/#primaryimage"},"image":{"@id":"https:\/\/idnu.ch\/wordpress\/im-sagenumwobenen-verzascatal\/#primaryimage"},"thumbnailUrl":"https:\/\/i0.wp.com\/idnu.ch\/wordpress\/wp-content\/uploads\/2022\/12\/locarno-20221012-39.jpg?fit=1240%2C827&ssl=1","datePublished":"2022-12-12T11:12:13+00:00","dateModified":"2025-08-24T14:59:20+00:00","description":"Im sagenumwobenen Verzascatal gibt es viel zu entdecken, wir begn\u00fcgten uns bei unserem ersten Besuch auf eine Flusswanderung.","breadcrumb":{"@id":"https:\/\/idnu.ch\/wordpress\/im-sagenumwobenen-verzascatal\/#breadcrumb"},"inLanguage":"de","potentialAction":[{"@type":"ReadAction","target":["https:\/\/idnu.ch\/wordpress\/im-sagenumwobenen-verzascatal\/"]}]},{"@type":"ImageObject","inLanguage":"de","@id":"https:\/\/idnu.ch\/wordpress\/im-sagenumwobenen-verzascatal\/#primaryimage","url":"https:\/\/i0.wp.com\/idnu.ch\/wordpress\/wp-content\/uploads\/2022\/12\/locarno-20221012-39.jpg?fit=1240%2C827&ssl=1","contentUrl":"https:\/\/i0.wp.com\/idnu.ch\/wordpress\/wp-content\/uploads\/2022\/12\/locarno-20221012-39.jpg?fit=1240%2C827&ssl=1","width":1240,"height":827,"caption":"Die ber\u00fchmte Ponte dei Salti"},{"@type":"BreadcrumbList","@id":"https:\/\/idnu.ch\/wordpress\/im-sagenumwobenen-verzascatal\/#breadcrumb","itemListElement":[{"@type":"ListItem","position":1,"name":"Startseite","item":"https:\/\/idnu.ch\/wordpress\/"},{"@type":"ListItem","position":2,"name":"Im sagenumwobenen Verzascatal"}]},{"@type":"WebSite","@id":"https:\/\/idnu.ch\/wordpress\/#website","url":"https:\/\/idnu.ch\/wordpress\/","name":"In der Natur unterwegs","description":"Dort, wo es am sch\u00f6nsten ist","publisher":{"@id":"https:\/\/idnu.ch\/wordpress\/#\/schema\/person\/1ab8c5de743be7b019272124c19ad351"},"potentialAction":[{"@type":"SearchAction","target":{"@type":"EntryPoint","urlTemplate":"https:\/\/idnu.ch\/wordpress\/?s={search_term_string}"},"query-input":{"@type":"PropertyValueSpecification","valueRequired":true,"valueName":"search_term_string"}}],"inLanguage":"de"},{"@type":["Person","Organization"],"@id":"https:\/\/idnu.ch\/wordpress\/#\/schema\/person\/1ab8c5de743be7b019272124c19ad351","name":"Urs Kyburz","image":{"@type":"ImageObject","inLanguage":"de","@id":"https:\/\/i0.wp.com\/idnu.ch\/wordpress\/wp-content\/uploads\/2016\/02\/logo_150x165.gif?fit=3151%2C3456&ssl=1","url":"https:\/\/i0.wp.com\/idnu.ch\/wordpress\/wp-content\/uploads\/2016\/02\/logo_150x165.gif?fit=3151%2C3456&ssl=1","contentUrl":"https:\/\/i0.wp.com\/idnu.ch\/wordpress\/wp-content\/uploads\/2016\/02\/logo_150x165.gif?fit=3151%2C3456&ssl=1","width":3151,"height":3456,"caption":"Urs Kyburz"},"logo":{"@id":"https:\/\/i0.wp.com\/idnu.ch\/wordpress\/wp-content\/uploads\/2016\/02\/logo_150x165.gif?fit=3151%2C3456&ssl=1"}}]}},"jetpack_publicize_connections":[],"jetpack_featured_media_url":"https:\/\/i0.wp.com\/idnu.ch\/wordpress\/wp-content\/uploads\/2022\/12\/locarno-20221012-39.jpg?fit=1240%2C827&ssl=1","jetpack_sharing_enabled":true,"jetpack_shortlink":"https:\/\/wp.me\/p6MmGG-5LN","jetpack-related-posts":[{"id":85,"url":"https:\/\/idnu.ch\/wordpress\/ferien-im-locarnese\/","url_meta":{"origin":22183,"position":0},"title":"Ferien im Locarnese","author":"Urs Kyburz","date":"16. August 2015","format":false,"excerpt":"Das Locarnese ist die Gegend um und vor allem hinter Locarno, der regionalen Metropole am Lago Maggiore. Bis zu den Kletterhotspots um Ponte Brolle kannten wir die Gegend ziemlich gut, was weiter hinten ist, blieb uns bis jetzt verborgen. Zum Gl\u00fcck hat uns das Wandermagazin SCHWEIZ auf eine Wanderung geschickt,\u2026","rel":"","context":"In &quot;Destinationen&quot;","block_context":{"text":"Destinationen","link":"https:\/\/idnu.ch\/wordpress\/category\/destinationen\/"},"img":{"alt_text":"","src":"https:\/\/i0.wp.com\/idnu.ch\/wordpress\/wp-content\/uploads\/2015\/08\/01_locarnese_0001.jpg?fit=1024%2C768&ssl=1&resize=350%2C200","width":350,"height":200,"srcset":"https:\/\/i0.wp.com\/idnu.ch\/wordpress\/wp-content\/uploads\/2015\/08\/01_locarnese_0001.jpg?fit=1024%2C768&ssl=1&resize=350%2C200 1x, https:\/\/i0.wp.com\/idnu.ch\/wordpress\/wp-content\/uploads\/2015\/08\/01_locarnese_0001.jpg?fit=1024%2C768&ssl=1&resize=525%2C300 1.5x, https:\/\/i0.wp.com\/idnu.ch\/wordpress\/wp-content\/uploads\/2015\/08\/01_locarnese_0001.jpg?fit=1024%2C768&ssl=1&resize=700%2C400 2x"},"classes":[]},{"id":20955,"url":"https:\/\/idnu.ch\/wordpress\/spiegelungen-am-laegh-da-cavloc\/","url_meta":{"origin":22183,"position":1},"title":"Spiegelungen am L\u00e4gh da Cavloc","author":"Urs Kyburz","date":"19. September 2022","format":false,"excerpt":"Das Oberengadin hat nicht nur grosse Seen, sondern auch zahlreiche kleine. So kann man Spiegelungen am L\u00e4gh da Cavloc im Val Forno bewundern. Eine einfache Bergwanderung f\u00fchrt von Maloja zu dem idyllischen See, der auch mit einem Restaurant aufwartet. Start im Morgengrauen Wir haben es uns zur Gewohnheit gemacht, dass\u2026","rel":"","context":"In &quot;Graub\u00fcnden&quot;","block_context":{"text":"Graub\u00fcnden","link":"https:\/\/idnu.ch\/wordpress\/category\/kanton\/graubuenden\/"},"img":{"alt_text":"","src":"https:\/\/i0.wp.com\/idnu.ch\/wordpress\/wp-content\/uploads\/2022\/09\/maloja_bergseen-20220801-13.jpg?fit=1200%2C800&ssl=1&resize=350%2C200","width":350,"height":200,"srcset":"https:\/\/i0.wp.com\/idnu.ch\/wordpress\/wp-content\/uploads\/2022\/09\/maloja_bergseen-20220801-13.jpg?fit=1200%2C800&ssl=1&resize=350%2C200 1x, https:\/\/i0.wp.com\/idnu.ch\/wordpress\/wp-content\/uploads\/2022\/09\/maloja_bergseen-20220801-13.jpg?fit=1200%2C800&ssl=1&resize=525%2C300 1.5x, https:\/\/i0.wp.com\/idnu.ch\/wordpress\/wp-content\/uploads\/2022\/09\/maloja_bergseen-20220801-13.jpg?fit=1200%2C800&ssl=1&resize=700%2C400 2x, https:\/\/i0.wp.com\/idnu.ch\/wordpress\/wp-content\/uploads\/2022\/09\/maloja_bergseen-20220801-13.jpg?fit=1200%2C800&ssl=1&resize=1050%2C600 3x"},"classes":[]},{"id":88,"url":"https:\/\/idnu.ch\/wordpress\/klettern-um-ponte-brolla\/","url_meta":{"origin":22183,"position":2},"title":"Klettern um Ponte Brolla","author":"Urs Kyburz","date":"15. August 2015","format":false,"excerpt":"Die Kletterg\u00e4rten um Ponte Brolla sind ein Hotspot des Plaisirkletterns im S\u00fcden, das von J\u00fcrg von K\u00e4nel in den 90er Jahren begr\u00fcndet wurde. Viele Routen zieren die Felsen rund um das Tor zum Maggiatal. Und vor allem: Sie sind absolut anf\u00e4nger- und kindertauglich. Hier l\u00e4sst sich hervorragend in die Welt\u2026","rel":"","context":"In &quot;Klettern&quot;","block_context":{"text":"Klettern","link":"https:\/\/idnu.ch\/wordpress\/category\/klettern\/"},"img":{"alt_text":"Silvan im Vorstieg an der Placca di Tegna","src":"https:\/\/i0.wp.com\/idnu.ch\/wordpress\/wp-content\/uploads\/2015\/08\/05_ponte_brolla_0017.jpg?fit=1024%2C768&ssl=1&resize=350%2C200","width":350,"height":200,"srcset":"https:\/\/i0.wp.com\/idnu.ch\/wordpress\/wp-content\/uploads\/2015\/08\/05_ponte_brolla_0017.jpg?fit=1024%2C768&ssl=1&resize=350%2C200 1x, https:\/\/i0.wp.com\/idnu.ch\/wordpress\/wp-content\/uploads\/2015\/08\/05_ponte_brolla_0017.jpg?fit=1024%2C768&ssl=1&resize=525%2C300 1.5x, https:\/\/i0.wp.com\/idnu.ch\/wordpress\/wp-content\/uploads\/2015\/08\/05_ponte_brolla_0017.jpg?fit=1024%2C768&ssl=1&resize=700%2C400 2x"},"classes":[]},{"id":185,"url":"https:\/\/idnu.ch\/wordpress\/cacher-und-birderrunde-an-der-suhremuendung\/","url_meta":{"origin":22183,"position":3},"title":"Cacher- und Birderrunde an der Suhrem\u00fcndung","author":"Urs Kyburz","date":"17. November 2013","format":false,"excerpt":"Der Hochnebel dr\u00fcckt mal wieder auf die Laune. Wir m\u00fcssen raus. Zwar nicht an die Sonne, aber immerhin an die frische Luft. Wir wollen wieder mal mehrere Geocaches heben. Wir fahren mit der WSB (Wynen- und Suhrentalbahn) bis Buchs AG und suchen den Weg zur Suhre, was gar nicht so\u2026","rel":"","context":"In &quot;Aargau&quot;","block_context":{"text":"Aargau","link":"https:\/\/idnu.ch\/wordpress\/category\/kanton\/aargau\/"},"img":{"alt_text":"Surem\u00fcndung","src":"https:\/\/i0.wp.com\/idnu.ch\/wordpress\/wp-content\/uploads\/2013\/11\/IMG_5884.jpg?fit=900%2C600&ssl=1&resize=350%2C200","width":350,"height":200,"srcset":"https:\/\/i0.wp.com\/idnu.ch\/wordpress\/wp-content\/uploads\/2013\/11\/IMG_5884.jpg?fit=900%2C600&ssl=1&resize=350%2C200 1x, https:\/\/i0.wp.com\/idnu.ch\/wordpress\/wp-content\/uploads\/2013\/11\/IMG_5884.jpg?fit=900%2C600&ssl=1&resize=525%2C300 1.5x, https:\/\/i0.wp.com\/idnu.ch\/wordpress\/wp-content\/uploads\/2013\/11\/IMG_5884.jpg?fit=900%2C600&ssl=1&resize=700%2C400 2x"},"classes":[]},{"id":4808,"url":"https:\/\/idnu.ch\/wordpress\/outdoor-tipp-durchs-wilde-locarnese\/","url_meta":{"origin":22183,"position":4},"title":"Outdoor-Tipp: Durchs wilde Locarnese","author":"Urs Kyburz","date":"30. Juni 2016","format":"aside","excerpt":"Outdoor-Tipp: Durchs wilde Locarnese. Letzten Sommer haben wir eine grossartige Mehrtageswanderung im Hinterland von Locarno unternommen, die uns durch vier T\u00e4ler und \u00fcber drei P\u00e4sse f\u00fchrte. Nun stelle ich die Tour in der neusten Ausgabe des Wandermagazins vor. Das Bild ist \u00fcbrigens nicht von mir, sondern von meiner Frau. Das\u2026","rel":"","context":"In &quot;Tessin&quot;","block_context":{"text":"Tessin","link":"https:\/\/idnu.ch\/wordpress\/category\/kanton\/tessin\/"},"img":{"alt_text":"Rast am Lago di Cavegna","src":"https:\/\/i0.wp.com\/idnu.ch\/wordpress\/wp-content\/uploads\/2015\/08\/01_locarnese_0126.jpg?fit=1024%2C768&ssl=1&resize=350%2C200","width":350,"height":200,"srcset":"https:\/\/i0.wp.com\/idnu.ch\/wordpress\/wp-content\/uploads\/2015\/08\/01_locarnese_0126.jpg?fit=1024%2C768&ssl=1&resize=350%2C200 1x, https:\/\/i0.wp.com\/idnu.ch\/wordpress\/wp-content\/uploads\/2015\/08\/01_locarnese_0126.jpg?fit=1024%2C768&ssl=1&resize=525%2C300 1.5x, https:\/\/i0.wp.com\/idnu.ch\/wordpress\/wp-content\/uploads\/2015\/08\/01_locarnese_0126.jpg?fit=1024%2C768&ssl=1&resize=700%2C400 2x"},"classes":[]},{"id":86,"url":"https:\/\/idnu.ch\/wordpress\/die-seele-baumeln-lassen-im-locarnese\/","url_meta":{"origin":22183,"position":5},"title":"Die Seele baumeln lassen im Locarnese","author":"Urs Kyburz","date":"16. August 2015","format":false,"excerpt":"Am bekanntesten in der Gegend d\u00fcrften wohl Locarno und Ascona sein. Auch wenn wir nicht so die St\u00e4dtebesucher sind, diese beiden Orte sind sehr wohl einen Besuch wert. Oder gar einen l\u00e4ngeren Aufenthalt. Sie verspr\u00fchen schon eine ganze Menge Italianit\u00e0. Locarno hat neben der Piazza Grande, wo j\u00e4hrlich das Filmfestival\u2026","rel":"","context":"In &quot;Tessin&quot;","block_context":{"text":"Tessin","link":"https:\/\/idnu.ch\/wordpress\/category\/kanton\/tessin\/"},"img":{"alt_text":"Seepromenade","src":"https:\/\/i0.wp.com\/idnu.ch\/wordpress\/wp-content\/uploads\/2015\/08\/09_locarno_ascona_0001.jpg?fit=1024%2C576&ssl=1&resize=350%2C200","width":350,"height":200,"srcset":"https:\/\/i0.wp.com\/idnu.ch\/wordpress\/wp-content\/uploads\/2015\/08\/09_locarno_ascona_0001.jpg?fit=1024%2C576&ssl=1&resize=350%2C200 1x, https:\/\/i0.wp.com\/idnu.ch\/wordpress\/wp-content\/uploads\/2015\/08\/09_locarno_ascona_0001.jpg?fit=1024%2C576&ssl=1&resize=525%2C300 1.5x, https:\/\/i0.wp.com\/idnu.ch\/wordpress\/wp-content\/uploads\/2015\/08\/09_locarno_ascona_0001.jpg?fit=1024%2C576&ssl=1&resize=700%2C400 2x"},"classes":[]}],"jetpack_likes_enabled":true,"_links":{"self":[{"href":"https:\/\/idnu.ch\/wordpress\/wp-json\/wp\/v2\/posts\/22183","targetHints":{"allow":["GET"]}}],"collection":[{"href":"https:\/\/idnu.ch\/wordpress\/wp-json\/wp\/v2\/posts"}],"about":[{"href":"https:\/\/idnu.ch\/wordpress\/wp-json\/wp\/v2\/types\/post"}],"author":[{"embeddable":true,"href":"https:\/\/idnu.ch\/wordpress\/wp-json\/wp\/v2\/users\/2"}],"replies":[{"embeddable":true,"href":"https:\/\/idnu.ch\/wordpress\/wp-json\/wp\/v2\/comments?post=22183"}],"version-history":[{"count":8,"href":"https:\/\/idnu.ch\/wordpress\/wp-json\/wp\/v2\/posts\/22183\/revisions"}],"predecessor-version":[{"id":22299,"href":"https:\/\/idnu.ch\/wordpress\/wp-json\/wp\/v2\/posts\/22183\/revisions\/22299"}],"wp:featuredmedia":[{"embeddable":true,"href":"https:\/\/idnu.ch\/wordpress\/wp-json\/wp\/v2\/media\/22218"}],"wp:attachment":[{"href":"https:\/\/idnu.ch\/wordpress\/wp-json\/wp\/v2\/media?parent=22183"}],"wp:term":[{"taxonomy":"category","embeddable":true,"href":"https:\/\/idnu.ch\/wordpress\/wp-json\/wp\/v2\/categories?post=22183"},{"taxonomy":"post_tag","embeddable":true,"href":"https:\/\/idnu.ch\/wordpress\/wp-json\/wp\/v2\/tags?post=22183"}],"curies":[{"name":"wp","href":"https:\/\/api.w.org\/{rel}","templated":true}]}}