{"id":22302,"date":"2022-12-24T11:21:22","date_gmt":"2022-12-24T10:21:22","guid":{"rendered":"https:\/\/idnu.ch\/wordpress\/?p=22302"},"modified":"2025-08-24T16:59:06","modified_gmt":"2025-08-24T14:59:06","slug":"zum-groessten-aargauer-see","status":"publish","type":"post","link":"https:\/\/idnu.ch\/wordpress\/zum-groessten-aargauer-see\/","title":{"rendered":"Zum gr\u00f6ssten Aargauer See"},"content":{"rendered":"<p><strong>Wandern zum gr\u00f6ssten Aargauer See, das t\u00f6nt jetzt nach etwas Grossem. Nun, der gr\u00f6sste See des Aargaus, der vollst\u00e4ndig im Kanton liegt, ist der Egelsee bei Spreitenbach, von wo wir starteten, und ist eher ein grosser Weiher. Ziel dieser (meist) sch\u00f6nen Wanderung war Bremgarten an der Reuss.<\/strong><\/p>\n<figure id=\"attachment_22409\" aria-describedby=\"caption-attachment-22409\" style=\"width: 1240px\" class=\"wp-caption alignnone\"><a href=\"https:\/\/i0.wp.com\/idnu.ch\/wordpress\/wp-content\/uploads\/2022\/12\/egelsee-20221101-19.jpg?ssl=1\"><img data-recalc-dims=\"1\" loading=\"lazy\" decoding=\"async\" data-attachment-id=\"22409\" data-permalink=\"https:\/\/idnu.ch\/wordpress\/zum-groessten-aargauer-see\/egelsee-20221101-19\/#main\" data-orig-file=\"https:\/\/i0.wp.com\/idnu.ch\/wordpress\/wp-content\/uploads\/2022\/12\/egelsee-20221101-19.jpg?fit=1240%2C827&amp;ssl=1\" data-orig-size=\"1240,827\" data-comments-opened=\"1\" data-image-meta=\"{&quot;aperture&quot;:&quot;0&quot;,&quot;credit&quot;:&quot;&quot;,&quot;camera&quot;:&quot;&quot;,&quot;caption&quot;:&quot;&quot;,&quot;created_timestamp&quot;:&quot;0&quot;,&quot;copyright&quot;:&quot;Copyright Urs Kyburz (2019)&quot;,&quot;focal_length&quot;:&quot;0&quot;,&quot;iso&quot;:&quot;0&quot;,&quot;shutter_speed&quot;:&quot;0&quot;,&quot;title&quot;:&quot;&quot;,&quot;orientation&quot;:&quot;0&quot;}\" data-image-title=\"Der Egelsee\" data-image-description=\"\" data-image-caption=\"&lt;p&gt;Der Egelsee&lt;\/p&gt;\n\" data-large-file=\"https:\/\/i0.wp.com\/idnu.ch\/wordpress\/wp-content\/uploads\/2022\/12\/egelsee-20221101-19.jpg?fit=750%2C500&amp;ssl=1\" class=\"size-full wp-image-22409\" src=\"https:\/\/i0.wp.com\/idnu.ch\/wordpress\/wp-content\/uploads\/2022\/12\/egelsee-20221101-19.jpg?resize=750%2C500&#038;ssl=1\" alt=\"Egelsee von herbstlichem wald umgeben\" width=\"750\" height=\"500\" srcset=\"https:\/\/i0.wp.com\/idnu.ch\/wordpress\/wp-content\/uploads\/2022\/12\/egelsee-20221101-19.jpg?w=1240&amp;ssl=1 1240w, https:\/\/i0.wp.com\/idnu.ch\/wordpress\/wp-content\/uploads\/2022\/12\/egelsee-20221101-19.jpg?resize=300%2C200&amp;ssl=1 300w, https:\/\/i0.wp.com\/idnu.ch\/wordpress\/wp-content\/uploads\/2022\/12\/egelsee-20221101-19.jpg?resize=1024%2C683&amp;ssl=1 1024w, https:\/\/i0.wp.com\/idnu.ch\/wordpress\/wp-content\/uploads\/2022\/12\/egelsee-20221101-19.jpg?resize=768%2C512&amp;ssl=1 768w, https:\/\/i0.wp.com\/idnu.ch\/wordpress\/wp-content\/uploads\/2022\/12\/egelsee-20221101-19.jpg?resize=150%2C100&amp;ssl=1 150w\" sizes=\"auto, (max-width: 750px) 100vw, 750px\" \/><\/a><figcaption id=\"caption-attachment-22409\" class=\"wp-caption-text\">Der Egelsee<\/figcaption><\/figure>\n<h2>Start in der Agglo<\/h2>\n<p>Spreitenbach. Da kommen mir Industrie, Wohnsilos, Shoppingcenter Tivoli, Fressbalken und der Rangierbahnhof Limmattal in den Sinn. Aber wir verlassen ja den Ort schnell. Dass wir dabei auch ein normales Dorf mit alten H\u00e4usern durchqueren, \u00fcberrascht mich, ist aber eigentlich logisch, dass so etwas auch noch vorhanden sein muss. Wir lassen aber auch dieses hinter uns und steigen im Wald hoch. Es nieselt, unsere Regenjacken bleiben aber im Rucksack.<\/p>\n<div class=\"tiled-gallery type-rectangular tiled-gallery-unresized\" data-original-width=\"750\" data-carousel-extra='{&quot;blog_id&quot;:1,&quot;permalink&quot;:&quot;https:\\\/\\\/idnu.ch\\\/wordpress\\\/zum-groessten-aargauer-see\\\/&quot;,&quot;likes_blog_id&quot;:100184974}' itemscope itemtype=\"http:\/\/schema.org\/ImageGallery\" > <div class=\"gallery-row\" style=\"width: 750px; height: 373px;\" data-original-width=\"750\" data-original-height=\"373\" > <div class=\"gallery-group images-1\" style=\"width: 250px; height: 373px;\" data-original-width=\"250\" data-original-height=\"373\" > <div class=\"tiled-gallery-item tiled-gallery-item-small\" itemprop=\"associatedMedia\" itemscope itemtype=\"http:\/\/schema.org\/ImageObject\"> <a href=\"https:\/\/idnu.ch\/wordpress\/zum-groessten-aargauer-see\/egelsee-20221101-1\/#main\" border=\"0\" itemprop=\"url\"> <meta itemprop=\"width\" content=\"246\"> <meta itemprop=\"height\" content=\"369\"> <img decoding=\"async\" class=\"\" data-attachment-id=\"22410\" data-orig-file=\"https:\/\/idnu.ch\/wordpress\/wp-content\/uploads\/2022\/12\/egelsee-20221101-1.jpg\" data-orig-size=\"827,1240\" data-comments-opened=\"1\" data-image-meta=\"{&quot;aperture&quot;:&quot;0&quot;,&quot;credit&quot;:&quot;&quot;,&quot;camera&quot;:&quot;&quot;,&quot;caption&quot;:&quot;&quot;,&quot;created_timestamp&quot;:&quot;0&quot;,&quot;copyright&quot;:&quot;Copyright Urs Kyburz (2019)&quot;,&quot;focal_length&quot;:&quot;0&quot;,&quot;iso&quot;:&quot;0&quot;,&quot;shutter_speed&quot;:&quot;0&quot;,&quot;title&quot;:&quot;&quot;,&quot;orientation&quot;:&quot;0&quot;}\" data-image-title=\"Auf dem richtigen Weg\" data-image-description=\"\" data-medium-file=\"https:\/\/i0.wp.com\/idnu.ch\/wordpress\/wp-content\/uploads\/2022\/12\/egelsee-20221101-1.jpg?fit=200%2C300&#038;ssl=1\" data-large-file=\"https:\/\/i0.wp.com\/idnu.ch\/wordpress\/wp-content\/uploads\/2022\/12\/egelsee-20221101-1.jpg?fit=683%2C1024&#038;ssl=1\" src=\"https:\/\/i0.wp.com\/idnu.ch\/wordpress\/wp-content\/uploads\/2022\/12\/egelsee-20221101-1.jpg?w=246&#038;h=369&#038;ssl=1\" srcset=\"https:\/\/i0.wp.com\/idnu.ch\/wordpress\/wp-content\/uploads\/2022\/12\/egelsee-20221101-1.jpg?w=827&amp;ssl=1 827w, https:\/\/i0.wp.com\/idnu.ch\/wordpress\/wp-content\/uploads\/2022\/12\/egelsee-20221101-1.jpg?resize=200%2C300&amp;ssl=1 200w, https:\/\/i0.wp.com\/idnu.ch\/wordpress\/wp-content\/uploads\/2022\/12\/egelsee-20221101-1.jpg?resize=683%2C1024&amp;ssl=1 683w, https:\/\/i0.wp.com\/idnu.ch\/wordpress\/wp-content\/uploads\/2022\/12\/egelsee-20221101-1.jpg?resize=768%2C1152&amp;ssl=1 768w, https:\/\/i0.wp.com\/idnu.ch\/wordpress\/wp-content\/uploads\/2022\/12\/egelsee-20221101-1.jpg?resize=67%2C100&amp;ssl=1 67w\" width=\"246\" height=\"369\" loading=\"lazy\" data-original-width=\"246\" data-original-height=\"369\" itemprop=\"http:\/\/schema.org\/image\" title=\"Auf dem richtigen Weg\" alt=\"wegweiser zum egelsee\" style=\"width: 246px; height: 369px;\" \/> <\/a> <\/div> <\/div> <!-- close group --> <div class=\"gallery-group images-1\" style=\"width: 250px; height: 373px;\" data-original-width=\"250\" data-original-height=\"373\" > <div class=\"tiled-gallery-item tiled-gallery-item-small\" itemprop=\"associatedMedia\" itemscope itemtype=\"http:\/\/schema.org\/ImageObject\"> <a href=\"https:\/\/idnu.ch\/wordpress\/zum-groessten-aargauer-see\/egelsee-20221101-4\/#main\" border=\"0\" itemprop=\"url\"> <meta itemprop=\"width\" content=\"246\"> <meta itemprop=\"height\" content=\"369\"> <img decoding=\"async\" class=\"\" data-attachment-id=\"22411\" data-orig-file=\"https:\/\/idnu.ch\/wordpress\/wp-content\/uploads\/2022\/12\/egelsee-20221101-4.jpg\" data-orig-size=\"827,1240\" data-comments-opened=\"1\" data-image-meta=\"{&quot;aperture&quot;:&quot;0&quot;,&quot;credit&quot;:&quot;&quot;,&quot;camera&quot;:&quot;&quot;,&quot;caption&quot;:&quot;&quot;,&quot;created_timestamp&quot;:&quot;0&quot;,&quot;copyright&quot;:&quot;Copyright Urs Kyburz (2019)&quot;,&quot;focal_length&quot;:&quot;0&quot;,&quot;iso&quot;:&quot;0&quot;,&quot;shutter_speed&quot;:&quot;0&quot;,&quot;title&quot;:&quot;&quot;,&quot;orientation&quot;:&quot;0&quot;}\" data-image-title=\"Erster Blick auf den Egelsee\" data-image-description=\"\" data-medium-file=\"https:\/\/i0.wp.com\/idnu.ch\/wordpress\/wp-content\/uploads\/2022\/12\/egelsee-20221101-4.jpg?fit=200%2C300&#038;ssl=1\" data-large-file=\"https:\/\/i0.wp.com\/idnu.ch\/wordpress\/wp-content\/uploads\/2022\/12\/egelsee-20221101-4.jpg?fit=683%2C1024&#038;ssl=1\" src=\"https:\/\/i0.wp.com\/idnu.ch\/wordpress\/wp-content\/uploads\/2022\/12\/egelsee-20221101-4.jpg?w=246&#038;h=369&#038;ssl=1\" srcset=\"https:\/\/i0.wp.com\/idnu.ch\/wordpress\/wp-content\/uploads\/2022\/12\/egelsee-20221101-4.jpg?w=827&amp;ssl=1 827w, https:\/\/i0.wp.com\/idnu.ch\/wordpress\/wp-content\/uploads\/2022\/12\/egelsee-20221101-4.jpg?resize=200%2C300&amp;ssl=1 200w, https:\/\/i0.wp.com\/idnu.ch\/wordpress\/wp-content\/uploads\/2022\/12\/egelsee-20221101-4.jpg?resize=683%2C1024&amp;ssl=1 683w, https:\/\/i0.wp.com\/idnu.ch\/wordpress\/wp-content\/uploads\/2022\/12\/egelsee-20221101-4.jpg?resize=768%2C1152&amp;ssl=1 768w, https:\/\/i0.wp.com\/idnu.ch\/wordpress\/wp-content\/uploads\/2022\/12\/egelsee-20221101-4.jpg?resize=67%2C100&amp;ssl=1 67w\" width=\"246\" height=\"369\" loading=\"lazy\" data-original-width=\"246\" data-original-height=\"369\" itemprop=\"http:\/\/schema.org\/image\" title=\"Erster Blick auf den Egelsee\" alt=\"am egelsee\" style=\"width: 246px; height: 369px;\" \/> <\/a> <\/div> <\/div> <!-- close group --> <div class=\"gallery-group images-1\" style=\"width: 250px; height: 373px;\" data-original-width=\"250\" data-original-height=\"373\" > <div class=\"tiled-gallery-item tiled-gallery-item-small\" itemprop=\"associatedMedia\" itemscope itemtype=\"http:\/\/schema.org\/ImageObject\"> <a href=\"https:\/\/idnu.ch\/wordpress\/zum-groessten-aargauer-see\/egelsee-20221101-9\/#main\" border=\"0\" itemprop=\"url\"> <meta itemprop=\"width\" content=\"246\"> <meta itemprop=\"height\" content=\"369\"> <img decoding=\"async\" class=\"\" data-attachment-id=\"22412\" data-orig-file=\"https:\/\/idnu.ch\/wordpress\/wp-content\/uploads\/2022\/12\/egelsee-20221101-9.jpg\" data-orig-size=\"827,1240\" data-comments-opened=\"1\" data-image-meta=\"{&quot;aperture&quot;:&quot;0&quot;,&quot;credit&quot;:&quot;&quot;,&quot;camera&quot;:&quot;&quot;,&quot;caption&quot;:&quot;&quot;,&quot;created_timestamp&quot;:&quot;0&quot;,&quot;copyright&quot;:&quot;Copyright Urs Kyburz (2019)&quot;,&quot;focal_length&quot;:&quot;0&quot;,&quot;iso&quot;:&quot;0&quot;,&quot;shutter_speed&quot;:&quot;0&quot;,&quot;title&quot;:&quot;&quot;,&quot;orientation&quot;:&quot;0&quot;}\" data-image-title=\"Herbstliches Wandern\" data-image-description=\"\" data-medium-file=\"https:\/\/i0.wp.com\/idnu.ch\/wordpress\/wp-content\/uploads\/2022\/12\/egelsee-20221101-9.jpg?fit=200%2C300&#038;ssl=1\" data-large-file=\"https:\/\/i0.wp.com\/idnu.ch\/wordpress\/wp-content\/uploads\/2022\/12\/egelsee-20221101-9.jpg?fit=683%2C1024&#038;ssl=1\" src=\"https:\/\/i0.wp.com\/idnu.ch\/wordpress\/wp-content\/uploads\/2022\/12\/egelsee-20221101-9.jpg?w=246&#038;h=369&#038;ssl=1\" srcset=\"https:\/\/i0.wp.com\/idnu.ch\/wordpress\/wp-content\/uploads\/2022\/12\/egelsee-20221101-9.jpg?w=827&amp;ssl=1 827w, https:\/\/i0.wp.com\/idnu.ch\/wordpress\/wp-content\/uploads\/2022\/12\/egelsee-20221101-9.jpg?resize=200%2C300&amp;ssl=1 200w, https:\/\/i0.wp.com\/idnu.ch\/wordpress\/wp-content\/uploads\/2022\/12\/egelsee-20221101-9.jpg?resize=683%2C1024&amp;ssl=1 683w, https:\/\/i0.wp.com\/idnu.ch\/wordpress\/wp-content\/uploads\/2022\/12\/egelsee-20221101-9.jpg?resize=768%2C1152&amp;ssl=1 768w, https:\/\/i0.wp.com\/idnu.ch\/wordpress\/wp-content\/uploads\/2022\/12\/egelsee-20221101-9.jpg?resize=67%2C100&amp;ssl=1 67w\" width=\"246\" height=\"369\" loading=\"lazy\" data-original-width=\"246\" data-original-height=\"369\" itemprop=\"http:\/\/schema.org\/image\" title=\"Herbstliches Wandern\" alt=\"frau geht auf mit laub bedecktem weg im wald\" style=\"width: 246px; height: 369px;\" \/> <\/a> <\/div> <\/div> <!-- close group --> <\/div> <!-- close row --> <\/div>\n<h2>Am Egelsee<\/h2>\n<p>Still ist es, nur das ferne Rauschen der Zivilisation ist vernehmbar. Schon bald erreichen wir den Egelsee, der ruhig in einem kleinen T\u00e4lchen liegt. Wir sind immer noch alleine, das Laub ist sch\u00f6n herbstlich gef\u00e4rbt. Es regnet leicht, wir gehen auf dem braunen Laubteppich. Will man der Sage glauben, war es hier nicht immer so idyllisch.<\/p>\n<p>Einst soll ein \u00fcbler Ritter hier seine Burg gehabt haben, mit seinen Schergen pl\u00fcnderte er die Gegend. Eine Frau, deren Hause sie abbrannten, bat, wenigstens etwas f\u00fcr ihr kleines Kind dazulassen, damit es nicht mehr weint. Da packte es der Ritter, warf es in die Flammen und sagte, jetzt brauche es nichts mehr zu essen. In der Nacht kam ein gewaltiges Unwetter auf \u00fcber der Burg, es donnerte und tobte. Am n\u00e4chsten Morgen war anstelle der Burg ein See, der Ritter hatte f\u00fcr seine Bosheit teuer bezahlt. Wer die Sage noch etwas ausf\u00fchrlicher nachlesen will, findet sie <strong><a href=\"https:\/\/www.raegi.ch\/natuerlich\/egelsee\/\" target=\"_blank\" rel=\"noopener\">hier<\/a><\/strong>.<\/p>\n<div class=\"tiled-gallery type-rectangular tiled-gallery-unresized\" data-original-width=\"750\" data-carousel-extra='{&quot;blog_id&quot;:1,&quot;permalink&quot;:&quot;https:\\\/\\\/idnu.ch\\\/wordpress\\\/zum-groessten-aargauer-see\\\/&quot;,&quot;likes_blog_id&quot;:100184974}' itemscope itemtype=\"http:\/\/schema.org\/ImageGallery\" > <div class=\"gallery-row\" style=\"width: 750px; height: 335px;\" data-original-width=\"750\" data-original-height=\"335\" > <div class=\"gallery-group images-1\" style=\"width: 501px; height: 335px;\" data-original-width=\"501\" data-original-height=\"335\" > <div class=\"tiled-gallery-item tiled-gallery-item-large\" itemprop=\"associatedMedia\" itemscope itemtype=\"http:\/\/schema.org\/ImageObject\"> <a href=\"https:\/\/idnu.ch\/wordpress\/zum-groessten-aargauer-see\/egelsee-20221101-10\/#main\" border=\"0\" itemprop=\"url\"> <meta itemprop=\"width\" content=\"497\"> <meta itemprop=\"height\" content=\"331\"> <img decoding=\"async\" class=\"\" data-attachment-id=\"22413\" data-orig-file=\"https:\/\/idnu.ch\/wordpress\/wp-content\/uploads\/2022\/12\/egelsee-20221101-10.jpg\" data-orig-size=\"1240,827\" data-comments-opened=\"1\" data-image-meta=\"{&quot;aperture&quot;:&quot;0&quot;,&quot;credit&quot;:&quot;&quot;,&quot;camera&quot;:&quot;&quot;,&quot;caption&quot;:&quot;&quot;,&quot;created_timestamp&quot;:&quot;0&quot;,&quot;copyright&quot;:&quot;Copyright Urs Kyburz (2019)&quot;,&quot;focal_length&quot;:&quot;0&quot;,&quot;iso&quot;:&quot;0&quot;,&quot;shutter_speed&quot;:&quot;0&quot;,&quot;title&quot;:&quot;&quot;,&quot;orientation&quot;:&quot;0&quot;}\" data-image-title=\"Der Egelsee ist ein Naturschutzgebiet\" data-image-description=\"\" data-medium-file=\"https:\/\/i0.wp.com\/idnu.ch\/wordpress\/wp-content\/uploads\/2022\/12\/egelsee-20221101-10.jpg?fit=300%2C200&#038;ssl=1\" data-large-file=\"https:\/\/i0.wp.com\/idnu.ch\/wordpress\/wp-content\/uploads\/2022\/12\/egelsee-20221101-10.jpg?fit=750%2C500&#038;ssl=1\" src=\"https:\/\/i0.wp.com\/idnu.ch\/wordpress\/wp-content\/uploads\/2022\/12\/egelsee-20221101-10.jpg?w=497&#038;h=331&#038;ssl=1\" srcset=\"https:\/\/i0.wp.com\/idnu.ch\/wordpress\/wp-content\/uploads\/2022\/12\/egelsee-20221101-10.jpg?w=1240&amp;ssl=1 1240w, https:\/\/i0.wp.com\/idnu.ch\/wordpress\/wp-content\/uploads\/2022\/12\/egelsee-20221101-10.jpg?resize=300%2C200&amp;ssl=1 300w, https:\/\/i0.wp.com\/idnu.ch\/wordpress\/wp-content\/uploads\/2022\/12\/egelsee-20221101-10.jpg?resize=1024%2C683&amp;ssl=1 1024w, https:\/\/i0.wp.com\/idnu.ch\/wordpress\/wp-content\/uploads\/2022\/12\/egelsee-20221101-10.jpg?resize=768%2C512&amp;ssl=1 768w, https:\/\/i0.wp.com\/idnu.ch\/wordpress\/wp-content\/uploads\/2022\/12\/egelsee-20221101-10.jpg?resize=150%2C100&amp;ssl=1 150w\" width=\"497\" height=\"331\" loading=\"lazy\" data-original-width=\"497\" data-original-height=\"331\" itemprop=\"http:\/\/schema.org\/image\" title=\"Der Egelsee ist ein Naturschutzgebiet\" alt=\"seeufer mit b\u00e4umen\" style=\"width: 497px; height: 331px;\" \/> <\/a> <\/div> <\/div> <!-- close group --> <div class=\"gallery-group images-2\" style=\"width: 249px; height: 335px;\" data-original-width=\"249\" data-original-height=\"335\" > <div class=\"tiled-gallery-item tiled-gallery-item-small\" itemprop=\"associatedMedia\" itemscope itemtype=\"http:\/\/schema.org\/ImageObject\"> <a href=\"https:\/\/idnu.ch\/wordpress\/zum-groessten-aargauer-see\/egelsee-20221101-12\/#main\" border=\"0\" itemprop=\"url\"> <meta itemprop=\"width\" content=\"245\"> <meta itemprop=\"height\" content=\"164\"> <img decoding=\"async\" class=\"\" data-attachment-id=\"22414\" data-orig-file=\"https:\/\/idnu.ch\/wordpress\/wp-content\/uploads\/2022\/12\/egelsee-20221101-12.jpg\" data-orig-size=\"1240,827\" data-comments-opened=\"1\" data-image-meta=\"{&quot;aperture&quot;:&quot;0&quot;,&quot;credit&quot;:&quot;&quot;,&quot;camera&quot;:&quot;&quot;,&quot;caption&quot;:&quot;&quot;,&quot;created_timestamp&quot;:&quot;0&quot;,&quot;copyright&quot;:&quot;Copyright Urs Kyburz (2019)&quot;,&quot;focal_length&quot;:&quot;0&quot;,&quot;iso&quot;:&quot;0&quot;,&quot;shutter_speed&quot;:&quot;0&quot;,&quot;title&quot;:&quot;&quot;,&quot;orientation&quot;:&quot;0&quot;}\" data-image-title=\"\" data-image-description=\"\" data-medium-file=\"https:\/\/i0.wp.com\/idnu.ch\/wordpress\/wp-content\/uploads\/2022\/12\/egelsee-20221101-12.jpg?fit=300%2C200&#038;ssl=1\" data-large-file=\"https:\/\/i0.wp.com\/idnu.ch\/wordpress\/wp-content\/uploads\/2022\/12\/egelsee-20221101-12.jpg?fit=750%2C500&#038;ssl=1\" src=\"https:\/\/i0.wp.com\/idnu.ch\/wordpress\/wp-content\/uploads\/2022\/12\/egelsee-20221101-12.jpg?w=245&#038;h=164&#038;ssl=1\" srcset=\"https:\/\/i0.wp.com\/idnu.ch\/wordpress\/wp-content\/uploads\/2022\/12\/egelsee-20221101-12.jpg?w=1240&amp;ssl=1 1240w, https:\/\/i0.wp.com\/idnu.ch\/wordpress\/wp-content\/uploads\/2022\/12\/egelsee-20221101-12.jpg?resize=300%2C200&amp;ssl=1 300w, https:\/\/i0.wp.com\/idnu.ch\/wordpress\/wp-content\/uploads\/2022\/12\/egelsee-20221101-12.jpg?resize=1024%2C683&amp;ssl=1 1024w, https:\/\/i0.wp.com\/idnu.ch\/wordpress\/wp-content\/uploads\/2022\/12\/egelsee-20221101-12.jpg?resize=768%2C512&amp;ssl=1 768w, https:\/\/i0.wp.com\/idnu.ch\/wordpress\/wp-content\/uploads\/2022\/12\/egelsee-20221101-12.jpg?resize=150%2C100&amp;ssl=1 150w\" width=\"245\" height=\"164\" loading=\"lazy\" data-original-width=\"245\" data-original-height=\"164\" itemprop=\"http:\/\/schema.org\/image\" title=\"\" alt=\"froschperspektive am seeufer\" style=\"width: 245px; height: 164px;\" \/> <\/a> <\/div> <div class=\"tiled-gallery-item tiled-gallery-item-small\" itemprop=\"associatedMedia\" itemscope itemtype=\"http:\/\/schema.org\/ImageObject\"> <a href=\"https:\/\/idnu.ch\/wordpress\/zum-groessten-aargauer-see\/egelsee-20221101-16\/#main\" border=\"0\" itemprop=\"url\"> <meta itemprop=\"width\" content=\"245\"> <meta itemprop=\"height\" content=\"163\"> <img decoding=\"async\" class=\"\" data-attachment-id=\"22415\" data-orig-file=\"https:\/\/idnu.ch\/wordpress\/wp-content\/uploads\/2022\/12\/egelsee-20221101-16.jpg\" data-orig-size=\"1240,827\" data-comments-opened=\"1\" data-image-meta=\"{&quot;aperture&quot;:&quot;0&quot;,&quot;credit&quot;:&quot;&quot;,&quot;camera&quot;:&quot;&quot;,&quot;caption&quot;:&quot;&quot;,&quot;created_timestamp&quot;:&quot;0&quot;,&quot;copyright&quot;:&quot;Copyright Urs Kyburz (2019)&quot;,&quot;focal_length&quot;:&quot;0&quot;,&quot;iso&quot;:&quot;0&quot;,&quot;shutter_speed&quot;:&quot;0&quot;,&quot;title&quot;:&quot;&quot;,&quot;orientation&quot;:&quot;0&quot;}\" data-image-title=\"Wir geniessen die Stille am See\" data-image-description=\"\" data-medium-file=\"https:\/\/i0.wp.com\/idnu.ch\/wordpress\/wp-content\/uploads\/2022\/12\/egelsee-20221101-16.jpg?fit=300%2C200&#038;ssl=1\" data-large-file=\"https:\/\/i0.wp.com\/idnu.ch\/wordpress\/wp-content\/uploads\/2022\/12\/egelsee-20221101-16.jpg?fit=750%2C500&#038;ssl=1\" src=\"https:\/\/i0.wp.com\/idnu.ch\/wordpress\/wp-content\/uploads\/2022\/12\/egelsee-20221101-16.jpg?w=245&#038;h=163&#038;ssl=1\" srcset=\"https:\/\/i0.wp.com\/idnu.ch\/wordpress\/wp-content\/uploads\/2022\/12\/egelsee-20221101-16.jpg?w=1240&amp;ssl=1 1240w, https:\/\/i0.wp.com\/idnu.ch\/wordpress\/wp-content\/uploads\/2022\/12\/egelsee-20221101-16.jpg?resize=300%2C200&amp;ssl=1 300w, https:\/\/i0.wp.com\/idnu.ch\/wordpress\/wp-content\/uploads\/2022\/12\/egelsee-20221101-16.jpg?resize=1024%2C683&amp;ssl=1 1024w, https:\/\/i0.wp.com\/idnu.ch\/wordpress\/wp-content\/uploads\/2022\/12\/egelsee-20221101-16.jpg?resize=768%2C512&amp;ssl=1 768w, https:\/\/i0.wp.com\/idnu.ch\/wordpress\/wp-content\/uploads\/2022\/12\/egelsee-20221101-16.jpg?resize=150%2C100&amp;ssl=1 150w\" width=\"245\" height=\"163\" loading=\"lazy\" data-original-width=\"245\" data-original-height=\"163\" itemprop=\"http:\/\/schema.org\/image\" title=\"Wir geniessen die Stille am See\" alt=\"frau steht auf einem steg am see\" style=\"width: 245px; height: 163px;\" \/> <\/a> <\/div> <\/div> <!-- close group --> <\/div> <!-- close row --> <div class=\"gallery-row\" style=\"width: 750px; height: 502px;\" data-original-width=\"750\" data-original-height=\"502\" > <div class=\"gallery-group images-1\" style=\"width: 750px; height: 502px;\" data-original-width=\"750\" data-original-height=\"502\" > <div class=\"tiled-gallery-item tiled-gallery-item-large\" itemprop=\"associatedMedia\" itemscope itemtype=\"http:\/\/schema.org\/ImageObject\"> <a href=\"https:\/\/idnu.ch\/wordpress\/zum-groessten-aargauer-see\/egelsee-20221101-21\/#main\" border=\"0\" itemprop=\"url\"> <meta itemprop=\"width\" content=\"746\"> <meta itemprop=\"height\" content=\"498\"> <img decoding=\"async\" class=\"\" data-attachment-id=\"22416\" data-orig-file=\"https:\/\/idnu.ch\/wordpress\/wp-content\/uploads\/2022\/12\/egelsee-20221101-21.jpg\" data-orig-size=\"1240,827\" data-comments-opened=\"1\" data-image-meta=\"{&quot;aperture&quot;:&quot;0&quot;,&quot;credit&quot;:&quot;&quot;,&quot;camera&quot;:&quot;&quot;,&quot;caption&quot;:&quot;&quot;,&quot;created_timestamp&quot;:&quot;0&quot;,&quot;copyright&quot;:&quot;Copyright Urs Kyburz (2019)&quot;,&quot;focal_length&quot;:&quot;0&quot;,&quot;iso&quot;:&quot;0&quot;,&quot;shutter_speed&quot;:&quot;0&quot;,&quot;title&quot;:&quot;&quot;,&quot;orientation&quot;:&quot;0&quot;}\" data-image-title=\"Ein Sprungturm, wir verzichten auf die Benutzung\" data-image-description=\"\" data-medium-file=\"https:\/\/i0.wp.com\/idnu.ch\/wordpress\/wp-content\/uploads\/2022\/12\/egelsee-20221101-21.jpg?fit=300%2C200&#038;ssl=1\" data-large-file=\"https:\/\/i0.wp.com\/idnu.ch\/wordpress\/wp-content\/uploads\/2022\/12\/egelsee-20221101-21.jpg?fit=750%2C500&#038;ssl=1\" src=\"https:\/\/i0.wp.com\/idnu.ch\/wordpress\/wp-content\/uploads\/2022\/12\/egelsee-20221101-21.jpg?w=746&#038;h=498&#038;ssl=1\" srcset=\"https:\/\/i0.wp.com\/idnu.ch\/wordpress\/wp-content\/uploads\/2022\/12\/egelsee-20221101-21.jpg?w=1240&amp;ssl=1 1240w, https:\/\/i0.wp.com\/idnu.ch\/wordpress\/wp-content\/uploads\/2022\/12\/egelsee-20221101-21.jpg?resize=300%2C200&amp;ssl=1 300w, https:\/\/i0.wp.com\/idnu.ch\/wordpress\/wp-content\/uploads\/2022\/12\/egelsee-20221101-21.jpg?resize=1024%2C683&amp;ssl=1 1024w, https:\/\/i0.wp.com\/idnu.ch\/wordpress\/wp-content\/uploads\/2022\/12\/egelsee-20221101-21.jpg?resize=768%2C512&amp;ssl=1 768w, https:\/\/i0.wp.com\/idnu.ch\/wordpress\/wp-content\/uploads\/2022\/12\/egelsee-20221101-21.jpg?resize=150%2C100&amp;ssl=1 150w\" width=\"746\" height=\"498\" loading=\"lazy\" data-original-width=\"746\" data-original-height=\"498\" itemprop=\"http:\/\/schema.org\/image\" title=\"Ein Sprungturm, wir verzichten auf die Benutzung\" alt=\"h\u00f6lzerner sprungturm am see\" style=\"width: 746px; height: 498px;\" \/> <\/a> <\/div> <\/div> <!-- close group --> <\/div> <!-- close row --> <\/div>\n<p>Heute deutet nichts auf Raubritter und Unwetter hin, wir geniessen die Ruhe. An sch\u00f6nen Sommerwochenenden ist es damit nicht weit her, da wimmelt es von Ausfl\u00fcglern. Am anderen Ende des Sees, dort, wo ein Sprungturm steht, steigen zwei Frauen aus dem See, heute, am 1. November! Uns ist nicht nach baden zumute, wir bewundern den See lieber vom Ufer aus. Am Seeende breitet sich ein Flachmoor aus. Es w\u00e4re interessant zu wissen, wie es im Fr\u00fchling dort aussieht.<\/p>\n<div class=\"tiled-gallery type-rectangular tiled-gallery-unresized\" data-original-width=\"750\" data-carousel-extra='{&quot;blog_id&quot;:1,&quot;permalink&quot;:&quot;https:\\\/\\\/idnu.ch\\\/wordpress\\\/zum-groessten-aargauer-see\\\/&quot;,&quot;likes_blog_id&quot;:100184974}' itemscope itemtype=\"http:\/\/schema.org\/ImageGallery\" > <div class=\"gallery-row\" style=\"width: 750px; height: 530px;\" data-original-width=\"750\" data-original-height=\"530\" > <div class=\"gallery-group images-2\" style=\"width: 395px; height: 530px;\" data-original-width=\"395\" data-original-height=\"530\" > <div class=\"tiled-gallery-item tiled-gallery-item-large\" itemprop=\"associatedMedia\" itemscope itemtype=\"http:\/\/schema.org\/ImageObject\"> <a href=\"https:\/\/idnu.ch\/wordpress\/zum-groessten-aargauer-see\/egelsee-20221101-26\/#main\" border=\"0\" itemprop=\"url\"> <meta itemprop=\"width\" content=\"391\"> <meta itemprop=\"height\" content=\"261\"> <img decoding=\"async\" class=\"\" data-attachment-id=\"22417\" data-orig-file=\"https:\/\/idnu.ch\/wordpress\/wp-content\/uploads\/2022\/12\/egelsee-20221101-26.jpg\" data-orig-size=\"1240,827\" data-comments-opened=\"1\" data-image-meta=\"{&quot;aperture&quot;:&quot;0&quot;,&quot;credit&quot;:&quot;&quot;,&quot;camera&quot;:&quot;&quot;,&quot;caption&quot;:&quot;&quot;,&quot;created_timestamp&quot;:&quot;0&quot;,&quot;copyright&quot;:&quot;Copyright Urs Kyburz (2019)&quot;,&quot;focal_length&quot;:&quot;0&quot;,&quot;iso&quot;:&quot;0&quot;,&quot;shutter_speed&quot;:&quot;0&quot;,&quot;title&quot;:&quot;&quot;,&quot;orientation&quot;:&quot;0&quot;}\" data-image-title=\"Das Flachmoor am Ende des Egelsees\" data-image-description=\"\" data-medium-file=\"https:\/\/i0.wp.com\/idnu.ch\/wordpress\/wp-content\/uploads\/2022\/12\/egelsee-20221101-26.jpg?fit=300%2C200&#038;ssl=1\" data-large-file=\"https:\/\/i0.wp.com\/idnu.ch\/wordpress\/wp-content\/uploads\/2022\/12\/egelsee-20221101-26.jpg?fit=750%2C500&#038;ssl=1\" src=\"https:\/\/i0.wp.com\/idnu.ch\/wordpress\/wp-content\/uploads\/2022\/12\/egelsee-20221101-26.jpg?w=391&#038;h=261&#038;ssl=1\" srcset=\"https:\/\/i0.wp.com\/idnu.ch\/wordpress\/wp-content\/uploads\/2022\/12\/egelsee-20221101-26.jpg?w=1240&amp;ssl=1 1240w, https:\/\/i0.wp.com\/idnu.ch\/wordpress\/wp-content\/uploads\/2022\/12\/egelsee-20221101-26.jpg?resize=300%2C200&amp;ssl=1 300w, https:\/\/i0.wp.com\/idnu.ch\/wordpress\/wp-content\/uploads\/2022\/12\/egelsee-20221101-26.jpg?resize=1024%2C683&amp;ssl=1 1024w, https:\/\/i0.wp.com\/idnu.ch\/wordpress\/wp-content\/uploads\/2022\/12\/egelsee-20221101-26.jpg?resize=768%2C512&amp;ssl=1 768w, https:\/\/i0.wp.com\/idnu.ch\/wordpress\/wp-content\/uploads\/2022\/12\/egelsee-20221101-26.jpg?resize=150%2C100&amp;ssl=1 150w\" width=\"391\" height=\"261\" loading=\"lazy\" data-original-width=\"391\" data-original-height=\"261\" itemprop=\"http:\/\/schema.org\/image\" title=\"Das Flachmoor am Ende des Egelsees\" alt=\"schilfbestandene wiese, ein flachmoor am ende des egelsees\" style=\"width: 391px; height: 261px;\" \/> <\/a> <\/div> <div class=\"tiled-gallery-item tiled-gallery-item-large\" itemprop=\"associatedMedia\" itemscope itemtype=\"http:\/\/schema.org\/ImageObject\"> <a href=\"https:\/\/idnu.ch\/wordpress\/zum-groessten-aargauer-see\/egelsee-20221101-27\/#main\" border=\"0\" itemprop=\"url\"> <meta itemprop=\"width\" content=\"391\"> <meta itemprop=\"height\" content=\"261\"> <img decoding=\"async\" class=\"\" data-attachment-id=\"22418\" data-orig-file=\"https:\/\/idnu.ch\/wordpress\/wp-content\/uploads\/2022\/12\/egelsee-20221101-27.jpg\" data-orig-size=\"1240,827\" data-comments-opened=\"1\" data-image-meta=\"{&quot;aperture&quot;:&quot;0&quot;,&quot;credit&quot;:&quot;&quot;,&quot;camera&quot;:&quot;&quot;,&quot;caption&quot;:&quot;&quot;,&quot;created_timestamp&quot;:&quot;0&quot;,&quot;copyright&quot;:&quot;Copyright Urs Kyburz (2019)&quot;,&quot;focal_length&quot;:&quot;0&quot;,&quot;iso&quot;:&quot;0&quot;,&quot;shutter_speed&quot;:&quot;0&quot;,&quot;title&quot;:&quot;&quot;,&quot;orientation&quot;:&quot;0&quot;}\" data-image-title=\"\" data-image-description=\"\" data-medium-file=\"https:\/\/i0.wp.com\/idnu.ch\/wordpress\/wp-content\/uploads\/2022\/12\/egelsee-20221101-27.jpg?fit=300%2C200&#038;ssl=1\" data-large-file=\"https:\/\/i0.wp.com\/idnu.ch\/wordpress\/wp-content\/uploads\/2022\/12\/egelsee-20221101-27.jpg?fit=750%2C500&#038;ssl=1\" src=\"https:\/\/i0.wp.com\/idnu.ch\/wordpress\/wp-content\/uploads\/2022\/12\/egelsee-20221101-27.jpg?w=391&#038;h=261&#038;ssl=1\" srcset=\"https:\/\/i0.wp.com\/idnu.ch\/wordpress\/wp-content\/uploads\/2022\/12\/egelsee-20221101-27.jpg?w=1240&amp;ssl=1 1240w, https:\/\/i0.wp.com\/idnu.ch\/wordpress\/wp-content\/uploads\/2022\/12\/egelsee-20221101-27.jpg?resize=300%2C200&amp;ssl=1 300w, https:\/\/i0.wp.com\/idnu.ch\/wordpress\/wp-content\/uploads\/2022\/12\/egelsee-20221101-27.jpg?resize=1024%2C683&amp;ssl=1 1024w, https:\/\/i0.wp.com\/idnu.ch\/wordpress\/wp-content\/uploads\/2022\/12\/egelsee-20221101-27.jpg?resize=768%2C512&amp;ssl=1 768w, https:\/\/i0.wp.com\/idnu.ch\/wordpress\/wp-content\/uploads\/2022\/12\/egelsee-20221101-27.jpg?resize=150%2C100&amp;ssl=1 150w\" width=\"391\" height=\"261\" loading=\"lazy\" data-original-width=\"391\" data-original-height=\"261\" itemprop=\"http:\/\/schema.org\/image\" title=\"\" alt=\"flachmoor am egelsee\" style=\"width: 391px; height: 261px;\" \/> <\/a> <\/div> <\/div> <!-- close group --> <div class=\"gallery-group images-1\" style=\"width: 355px; height: 530px;\" data-original-width=\"355\" data-original-height=\"530\" > <div class=\"tiled-gallery-item tiled-gallery-item-large\" itemprop=\"associatedMedia\" itemscope itemtype=\"http:\/\/schema.org\/ImageObject\"> <a href=\"https:\/\/idnu.ch\/wordpress\/zum-groessten-aargauer-see\/egelsee-20221101-30\/#main\" border=\"0\" itemprop=\"url\"> <meta itemprop=\"width\" content=\"351\"> <meta itemprop=\"height\" content=\"526\"> <img decoding=\"async\" class=\"\" data-attachment-id=\"22419\" data-orig-file=\"https:\/\/idnu.ch\/wordpress\/wp-content\/uploads\/2022\/12\/egelsee-20221101-30.jpg\" data-orig-size=\"827,1240\" data-comments-opened=\"1\" data-image-meta=\"{&quot;aperture&quot;:&quot;0&quot;,&quot;credit&quot;:&quot;&quot;,&quot;camera&quot;:&quot;&quot;,&quot;caption&quot;:&quot;&quot;,&quot;created_timestamp&quot;:&quot;0&quot;,&quot;copyright&quot;:&quot;Copyright Urs Kyburz (2019)&quot;,&quot;focal_length&quot;:&quot;0&quot;,&quot;iso&quot;:&quot;0&quot;,&quot;shutter_speed&quot;:&quot;0&quot;,&quot;title&quot;:&quot;&quot;,&quot;orientation&quot;:&quot;0&quot;}\" data-image-title=\"Es herbschtet\" data-image-description=\"\" data-medium-file=\"https:\/\/i0.wp.com\/idnu.ch\/wordpress\/wp-content\/uploads\/2022\/12\/egelsee-20221101-30.jpg?fit=200%2C300&#038;ssl=1\" data-large-file=\"https:\/\/i0.wp.com\/idnu.ch\/wordpress\/wp-content\/uploads\/2022\/12\/egelsee-20221101-30.jpg?fit=683%2C1024&#038;ssl=1\" src=\"https:\/\/i0.wp.com\/idnu.ch\/wordpress\/wp-content\/uploads\/2022\/12\/egelsee-20221101-30.jpg?w=351&#038;h=526&#038;ssl=1\" srcset=\"https:\/\/i0.wp.com\/idnu.ch\/wordpress\/wp-content\/uploads\/2022\/12\/egelsee-20221101-30.jpg?w=827&amp;ssl=1 827w, https:\/\/i0.wp.com\/idnu.ch\/wordpress\/wp-content\/uploads\/2022\/12\/egelsee-20221101-30.jpg?resize=200%2C300&amp;ssl=1 200w, https:\/\/i0.wp.com\/idnu.ch\/wordpress\/wp-content\/uploads\/2022\/12\/egelsee-20221101-30.jpg?resize=683%2C1024&amp;ssl=1 683w, https:\/\/i0.wp.com\/idnu.ch\/wordpress\/wp-content\/uploads\/2022\/12\/egelsee-20221101-30.jpg?resize=768%2C1152&amp;ssl=1 768w, https:\/\/i0.wp.com\/idnu.ch\/wordpress\/wp-content\/uploads\/2022\/12\/egelsee-20221101-30.jpg?resize=67%2C100&amp;ssl=1 67w\" width=\"351\" height=\"526\" loading=\"lazy\" data-original-width=\"351\" data-original-height=\"526\" itemprop=\"http:\/\/schema.org\/image\" title=\"Es herbschtet\" alt=\"herbstlich gef\u00e4rbte b\u00e4ume\" style=\"width: 351px; height: 526px;\" \/> <\/a> <\/div> <\/div> <!-- close group --> <\/div> <!-- close row --> <\/div>\n<h2>Auf zum Turm<\/h2>\n<p>Wir gehen weiter durch den Wald. Das Wetter ist jetzt freundlicher, das Geniesel hat aufgeh\u00f6rt. Wir kommen an einen Wegweiser: &#8222;<a href=\"https:\/\/www.ag.ch\/geoportal\/agisviewer\/Zusatzdokumente\/afu\/geotope\/Objekt-Nr.41.pdf\" target=\"_blank\" rel=\"noopener\">Guggeh\u00fcrlistein<\/a>&#8222;. Gwundrig, wie wir sind, folgen wir dem Wegweiser in den Wald. Nach 80 Meter erreichen wir einen riesigen Felsblock, ein Findling, den der Linth-Rheingletscher w\u00e4hrend der vorletzten Eiszeit hierher transportiert hat.<\/p>\n<div class=\"tiled-gallery type-rectangular tiled-gallery-unresized\" data-original-width=\"750\" data-carousel-extra='{&quot;blog_id&quot;:1,&quot;permalink&quot;:&quot;https:\\\/\\\/idnu.ch\\\/wordpress\\\/zum-groessten-aargauer-see\\\/&quot;,&quot;likes_blog_id&quot;:100184974}' itemscope itemtype=\"http:\/\/schema.org\/ImageGallery\" > <div class=\"gallery-row\" style=\"width: 750px; height: 347px;\" data-original-width=\"750\" data-original-height=\"347\" > <div class=\"gallery-group images-1\" style=\"width: 232px; height: 347px;\" data-original-width=\"232\" data-original-height=\"347\" > <div class=\"tiled-gallery-item tiled-gallery-item-small\" itemprop=\"associatedMedia\" itemscope itemtype=\"http:\/\/schema.org\/ImageObject\"> <a href=\"https:\/\/idnu.ch\/wordpress\/zum-groessten-aargauer-see\/egelsee-20221101-34\/#main\" border=\"0\" itemprop=\"url\"> <meta itemprop=\"width\" content=\"228\"> <meta itemprop=\"height\" content=\"343\"> <img decoding=\"async\" class=\"\" data-attachment-id=\"22421\" data-orig-file=\"https:\/\/idnu.ch\/wordpress\/wp-content\/uploads\/2022\/12\/egelsee-20221101-34.jpg\" data-orig-size=\"827,1240\" data-comments-opened=\"1\" data-image-meta=\"{&quot;aperture&quot;:&quot;0&quot;,&quot;credit&quot;:&quot;&quot;,&quot;camera&quot;:&quot;&quot;,&quot;caption&quot;:&quot;&quot;,&quot;created_timestamp&quot;:&quot;0&quot;,&quot;copyright&quot;:&quot;Copyright Urs Kyburz (2019)&quot;,&quot;focal_length&quot;:&quot;0&quot;,&quot;iso&quot;:&quot;0&quot;,&quot;shutter_speed&quot;:&quot;0&quot;,&quot;title&quot;:&quot;&quot;,&quot;orientation&quot;:&quot;0&quot;}\" data-image-title=\"Der Wegweiser macht uns gwundrig\" data-image-description=\"\" data-medium-file=\"https:\/\/i0.wp.com\/idnu.ch\/wordpress\/wp-content\/uploads\/2022\/12\/egelsee-20221101-34.jpg?fit=200%2C300&#038;ssl=1\" data-large-file=\"https:\/\/i0.wp.com\/idnu.ch\/wordpress\/wp-content\/uploads\/2022\/12\/egelsee-20221101-34.jpg?fit=683%2C1024&#038;ssl=1\" src=\"https:\/\/i0.wp.com\/idnu.ch\/wordpress\/wp-content\/uploads\/2022\/12\/egelsee-20221101-34.jpg?w=228&#038;h=343&#038;ssl=1\" srcset=\"https:\/\/i0.wp.com\/idnu.ch\/wordpress\/wp-content\/uploads\/2022\/12\/egelsee-20221101-34.jpg?w=827&amp;ssl=1 827w, https:\/\/i0.wp.com\/idnu.ch\/wordpress\/wp-content\/uploads\/2022\/12\/egelsee-20221101-34.jpg?resize=200%2C300&amp;ssl=1 200w, https:\/\/i0.wp.com\/idnu.ch\/wordpress\/wp-content\/uploads\/2022\/12\/egelsee-20221101-34.jpg?resize=683%2C1024&amp;ssl=1 683w, https:\/\/i0.wp.com\/idnu.ch\/wordpress\/wp-content\/uploads\/2022\/12\/egelsee-20221101-34.jpg?resize=768%2C1152&amp;ssl=1 768w, https:\/\/i0.wp.com\/idnu.ch\/wordpress\/wp-content\/uploads\/2022\/12\/egelsee-20221101-34.jpg?resize=67%2C100&amp;ssl=1 67w\" width=\"228\" height=\"343\" loading=\"lazy\" data-original-width=\"228\" data-original-height=\"343\" itemprop=\"http:\/\/schema.org\/image\" title=\"Der Wegweiser macht uns gwundrig\" alt=\"wegweiser zum guggeh\u00fcrlistei\" style=\"width: 228px; height: 343px;\" \/> <\/a> <\/div> <\/div> <!-- close group --> <div class=\"gallery-group images-1\" style=\"width: 518px; height: 347px;\" data-original-width=\"518\" data-original-height=\"347\" > <div class=\"tiled-gallery-item tiled-gallery-item-large\" itemprop=\"associatedMedia\" itemscope itemtype=\"http:\/\/schema.org\/ImageObject\"> <a href=\"https:\/\/idnu.ch\/wordpress\/zum-groessten-aargauer-see\/egelsee-20221101-32\/#main\" border=\"0\" itemprop=\"url\"> <meta itemprop=\"width\" content=\"514\"> <meta itemprop=\"height\" content=\"343\"> <img decoding=\"async\" class=\"\" data-attachment-id=\"22420\" data-orig-file=\"https:\/\/idnu.ch\/wordpress\/wp-content\/uploads\/2022\/12\/egelsee-20221101-32.jpg\" data-orig-size=\"1240,827\" data-comments-opened=\"1\" data-image-meta=\"{&quot;aperture&quot;:&quot;0&quot;,&quot;credit&quot;:&quot;&quot;,&quot;camera&quot;:&quot;&quot;,&quot;caption&quot;:&quot;&quot;,&quot;created_timestamp&quot;:&quot;0&quot;,&quot;copyright&quot;:&quot;Copyright Urs Kyburz (2019)&quot;,&quot;focal_length&quot;:&quot;0&quot;,&quot;iso&quot;:&quot;0&quot;,&quot;shutter_speed&quot;:&quot;0&quot;,&quot;title&quot;:&quot;&quot;,&quot;orientation&quot;:&quot;0&quot;}\" data-image-title=\"Der Guggeh\u00fcrlistei\" data-image-description=\"\" data-medium-file=\"https:\/\/i0.wp.com\/idnu.ch\/wordpress\/wp-content\/uploads\/2022\/12\/egelsee-20221101-32.jpg?fit=300%2C200&#038;ssl=1\" data-large-file=\"https:\/\/i0.wp.com\/idnu.ch\/wordpress\/wp-content\/uploads\/2022\/12\/egelsee-20221101-32.jpg?fit=750%2C500&#038;ssl=1\" src=\"https:\/\/i0.wp.com\/idnu.ch\/wordpress\/wp-content\/uploads\/2022\/12\/egelsee-20221101-32.jpg?w=514&#038;h=343&#038;ssl=1\" srcset=\"https:\/\/i0.wp.com\/idnu.ch\/wordpress\/wp-content\/uploads\/2022\/12\/egelsee-20221101-32.jpg?w=1240&amp;ssl=1 1240w, https:\/\/i0.wp.com\/idnu.ch\/wordpress\/wp-content\/uploads\/2022\/12\/egelsee-20221101-32.jpg?resize=300%2C200&amp;ssl=1 300w, https:\/\/i0.wp.com\/idnu.ch\/wordpress\/wp-content\/uploads\/2022\/12\/egelsee-20221101-32.jpg?resize=1024%2C683&amp;ssl=1 1024w, https:\/\/i0.wp.com\/idnu.ch\/wordpress\/wp-content\/uploads\/2022\/12\/egelsee-20221101-32.jpg?resize=768%2C512&amp;ssl=1 768w, https:\/\/i0.wp.com\/idnu.ch\/wordpress\/wp-content\/uploads\/2022\/12\/egelsee-20221101-32.jpg?resize=150%2C100&amp;ssl=1 150w\" width=\"514\" height=\"343\" loading=\"lazy\" data-original-width=\"514\" data-original-height=\"343\" itemprop=\"http:\/\/schema.org\/image\" title=\"Der Guggeh\u00fcrlistei\" alt=\"der guggeh\u00fcrlistein, ein eiszeitlicher findling\" style=\"width: 514px; height: 343px;\" \/> <\/a> <\/div> <\/div> <!-- close group --> <\/div> <!-- close row --> <\/div>\n<p>Zur Burgruine Kindhausen k\u00f6nnten wir auch noch einen Abstecher machen, aber wir bevorzugen den direkten Weg zum <a href=\"https:\/\/hasenbergturm.ch\/\" target=\"_blank\" rel=\"noopener\">Hasenbergturm<\/a>. Er steht an einer Stelle am Waldrand, von wo man auch ohne Turm bereits eine grossartige Aussicht hat. Wir besteigen ihn nat\u00fcrlich trotzdem, 210 Treppenstufen f\u00fchren uns zur Aussichtsplattform auf 36 Meter H\u00f6he. Vermutlich h\u00e4tten wir jetzt ein fantastisches Alpenpanorama, leider verhindert der tr\u00fcbe Tag, dass wir \u00fcberhaupt Berge sehen. Aber auch so geniessen wir die Aussicht.<\/p>\n<div class=\"tiled-gallery type-rectangular tiled-gallery-unresized\" data-original-width=\"750\" data-carousel-extra='{&quot;blog_id&quot;:1,&quot;permalink&quot;:&quot;https:\\\/\\\/idnu.ch\\\/wordpress\\\/zum-groessten-aargauer-see\\\/&quot;,&quot;likes_blog_id&quot;:100184974}' itemscope itemtype=\"http:\/\/schema.org\/ImageGallery\" > <div class=\"gallery-row\" style=\"width: 750px; height: 643px;\" data-original-width=\"750\" data-original-height=\"643\" > <div class=\"gallery-group images-1\" style=\"width: 430px; height: 643px;\" data-original-width=\"430\" data-original-height=\"643\" > <div class=\"tiled-gallery-item tiled-gallery-item-large\" itemprop=\"associatedMedia\" itemscope itemtype=\"http:\/\/schema.org\/ImageObject\"> <a href=\"https:\/\/idnu.ch\/wordpress\/zum-groessten-aargauer-see\/egelsee-20221101-36\/#main\" border=\"0\" itemprop=\"url\"> <meta itemprop=\"width\" content=\"426\"> <meta itemprop=\"height\" content=\"639\"> <img decoding=\"async\" class=\"\" data-attachment-id=\"22422\" data-orig-file=\"https:\/\/idnu.ch\/wordpress\/wp-content\/uploads\/2022\/12\/egelsee-20221101-36.jpg\" data-orig-size=\"827,1240\" data-comments-opened=\"1\" data-image-meta=\"{&quot;aperture&quot;:&quot;0&quot;,&quot;credit&quot;:&quot;&quot;,&quot;camera&quot;:&quot;&quot;,&quot;caption&quot;:&quot;&quot;,&quot;created_timestamp&quot;:&quot;0&quot;,&quot;copyright&quot;:&quot;Copyright Urs Kyburz (2019)&quot;,&quot;focal_length&quot;:&quot;0&quot;,&quot;iso&quot;:&quot;0&quot;,&quot;shutter_speed&quot;:&quot;0&quot;,&quot;title&quot;:&quot;&quot;,&quot;orientation&quot;:&quot;0&quot;}\" data-image-title=\"Der Hasenbergturm\" data-image-description=\"\" data-medium-file=\"https:\/\/i0.wp.com\/idnu.ch\/wordpress\/wp-content\/uploads\/2022\/12\/egelsee-20221101-36.jpg?fit=200%2C300&#038;ssl=1\" data-large-file=\"https:\/\/i0.wp.com\/idnu.ch\/wordpress\/wp-content\/uploads\/2022\/12\/egelsee-20221101-36.jpg?fit=683%2C1024&#038;ssl=1\" src=\"https:\/\/i0.wp.com\/idnu.ch\/wordpress\/wp-content\/uploads\/2022\/12\/egelsee-20221101-36.jpg?w=426&#038;h=639&#038;ssl=1\" srcset=\"https:\/\/i0.wp.com\/idnu.ch\/wordpress\/wp-content\/uploads\/2022\/12\/egelsee-20221101-36.jpg?w=827&amp;ssl=1 827w, https:\/\/i0.wp.com\/idnu.ch\/wordpress\/wp-content\/uploads\/2022\/12\/egelsee-20221101-36.jpg?resize=200%2C300&amp;ssl=1 200w, https:\/\/i0.wp.com\/idnu.ch\/wordpress\/wp-content\/uploads\/2022\/12\/egelsee-20221101-36.jpg?resize=683%2C1024&amp;ssl=1 683w, https:\/\/i0.wp.com\/idnu.ch\/wordpress\/wp-content\/uploads\/2022\/12\/egelsee-20221101-36.jpg?resize=768%2C1152&amp;ssl=1 768w, https:\/\/i0.wp.com\/idnu.ch\/wordpress\/wp-content\/uploads\/2022\/12\/egelsee-20221101-36.jpg?resize=67%2C100&amp;ssl=1 67w\" width=\"426\" height=\"639\" loading=\"lazy\" data-original-width=\"426\" data-original-height=\"639\" itemprop=\"http:\/\/schema.org\/image\" title=\"Der Hasenbergturm\" alt=\"der h\u00f6lzerne hasenbergturm\" style=\"width: 426px; height: 639px;\" \/> <\/a> <\/div> <\/div> <!-- close group --> <div class=\"gallery-group images-3\" style=\"width: 320px; height: 643px;\" data-original-width=\"320\" data-original-height=\"643\" > <div class=\"tiled-gallery-item tiled-gallery-item-large\" itemprop=\"associatedMedia\" itemscope itemtype=\"http:\/\/schema.org\/ImageObject\"> <a href=\"https:\/\/idnu.ch\/wordpress\/zum-groessten-aargauer-see\/egelsee-20221101-38\/#main\" border=\"0\" itemprop=\"url\"> <meta itemprop=\"width\" content=\"316\"> <meta itemprop=\"height\" content=\"211\"> <img decoding=\"async\" class=\"\" data-attachment-id=\"22423\" data-orig-file=\"https:\/\/idnu.ch\/wordpress\/wp-content\/uploads\/2022\/12\/egelsee-20221101-38.jpg\" data-orig-size=\"1240,827\" data-comments-opened=\"1\" data-image-meta=\"{&quot;aperture&quot;:&quot;0&quot;,&quot;credit&quot;:&quot;&quot;,&quot;camera&quot;:&quot;&quot;,&quot;caption&quot;:&quot;&quot;,&quot;created_timestamp&quot;:&quot;0&quot;,&quot;copyright&quot;:&quot;Copyright Urs Kyburz (2019)&quot;,&quot;focal_length&quot;:&quot;0&quot;,&quot;iso&quot;:&quot;0&quot;,&quot;shutter_speed&quot;:&quot;0&quot;,&quot;title&quot;:&quot;&quot;,&quot;orientation&quot;:&quot;0&quot;}\" data-image-title=\"Die Aussicht hat Optimierungspotenzial\" data-image-description=\"\" data-medium-file=\"https:\/\/i0.wp.com\/idnu.ch\/wordpress\/wp-content\/uploads\/2022\/12\/egelsee-20221101-38.jpg?fit=300%2C200&#038;ssl=1\" data-large-file=\"https:\/\/i0.wp.com\/idnu.ch\/wordpress\/wp-content\/uploads\/2022\/12\/egelsee-20221101-38.jpg?fit=750%2C500&#038;ssl=1\" src=\"https:\/\/i0.wp.com\/idnu.ch\/wordpress\/wp-content\/uploads\/2022\/12\/egelsee-20221101-38.jpg?w=316&#038;h=211&#038;ssl=1\" srcset=\"https:\/\/i0.wp.com\/idnu.ch\/wordpress\/wp-content\/uploads\/2022\/12\/egelsee-20221101-38.jpg?w=1240&amp;ssl=1 1240w, https:\/\/i0.wp.com\/idnu.ch\/wordpress\/wp-content\/uploads\/2022\/12\/egelsee-20221101-38.jpg?resize=300%2C200&amp;ssl=1 300w, https:\/\/i0.wp.com\/idnu.ch\/wordpress\/wp-content\/uploads\/2022\/12\/egelsee-20221101-38.jpg?resize=1024%2C683&amp;ssl=1 1024w, https:\/\/i0.wp.com\/idnu.ch\/wordpress\/wp-content\/uploads\/2022\/12\/egelsee-20221101-38.jpg?resize=768%2C512&amp;ssl=1 768w, https:\/\/i0.wp.com\/idnu.ch\/wordpress\/wp-content\/uploads\/2022\/12\/egelsee-20221101-38.jpg?resize=150%2C100&amp;ssl=1 150w\" width=\"316\" height=\"211\" loading=\"lazy\" data-original-width=\"316\" data-original-height=\"211\" itemprop=\"http:\/\/schema.org\/image\" title=\"Die Aussicht hat Optimierungspotenzial\" alt=\"aussicht auf die gr\u00fcne landschaft vom turm aus\" style=\"width: 316px; height: 211px;\" \/> <\/a> <\/div> <div class=\"tiled-gallery-item tiled-gallery-item-large\" itemprop=\"associatedMedia\" itemscope itemtype=\"http:\/\/schema.org\/ImageObject\"> <a href=\"https:\/\/idnu.ch\/wordpress\/zum-groessten-aargauer-see\/egelsee-20221101-41\/#main\" border=\"0\" itemprop=\"url\"> <meta itemprop=\"width\" content=\"316\"> <meta itemprop=\"height\" content=\"210\"> <img decoding=\"async\" class=\"\" data-attachment-id=\"22424\" data-orig-file=\"https:\/\/idnu.ch\/wordpress\/wp-content\/uploads\/2022\/12\/egelsee-20221101-41.jpg\" data-orig-size=\"1240,827\" data-comments-opened=\"1\" data-image-meta=\"{&quot;aperture&quot;:&quot;0&quot;,&quot;credit&quot;:&quot;&quot;,&quot;camera&quot;:&quot;&quot;,&quot;caption&quot;:&quot;&quot;,&quot;created_timestamp&quot;:&quot;0&quot;,&quot;copyright&quot;:&quot;Copyright Urs Kyburz (2019)&quot;,&quot;focal_length&quot;:&quot;0&quot;,&quot;iso&quot;:&quot;0&quot;,&quot;shutter_speed&quot;:&quot;0&quot;,&quot;title&quot;:&quot;&quot;,&quot;orientation&quot;:&quot;0&quot;}\" data-image-title=\"Die grosse Aussichtsplattform\" data-image-description=\"\" data-medium-file=\"https:\/\/i0.wp.com\/idnu.ch\/wordpress\/wp-content\/uploads\/2022\/12\/egelsee-20221101-41.jpg?fit=300%2C200&#038;ssl=1\" data-large-file=\"https:\/\/i0.wp.com\/idnu.ch\/wordpress\/wp-content\/uploads\/2022\/12\/egelsee-20221101-41.jpg?fit=750%2C500&#038;ssl=1\" src=\"https:\/\/i0.wp.com\/idnu.ch\/wordpress\/wp-content\/uploads\/2022\/12\/egelsee-20221101-41.jpg?w=316&#038;h=210&#038;ssl=1\" srcset=\"https:\/\/i0.wp.com\/idnu.ch\/wordpress\/wp-content\/uploads\/2022\/12\/egelsee-20221101-41.jpg?w=1240&amp;ssl=1 1240w, https:\/\/i0.wp.com\/idnu.ch\/wordpress\/wp-content\/uploads\/2022\/12\/egelsee-20221101-41.jpg?resize=300%2C200&amp;ssl=1 300w, https:\/\/i0.wp.com\/idnu.ch\/wordpress\/wp-content\/uploads\/2022\/12\/egelsee-20221101-41.jpg?resize=1024%2C683&amp;ssl=1 1024w, https:\/\/i0.wp.com\/idnu.ch\/wordpress\/wp-content\/uploads\/2022\/12\/egelsee-20221101-41.jpg?resize=768%2C512&amp;ssl=1 768w, https:\/\/i0.wp.com\/idnu.ch\/wordpress\/wp-content\/uploads\/2022\/12\/egelsee-20221101-41.jpg?resize=150%2C100&amp;ssl=1 150w\" width=\"316\" height=\"210\" loading=\"lazy\" data-original-width=\"316\" data-original-height=\"210\" itemprop=\"http:\/\/schema.org\/image\" title=\"Die grosse Aussichtsplattform\" alt=\"frau steht auf der grossen aussichtsplattform des turmes\" style=\"width: 316px; height: 210px;\" \/> <\/a> <\/div> <div class=\"tiled-gallery-item tiled-gallery-item-large\" itemprop=\"associatedMedia\" itemscope itemtype=\"http:\/\/schema.org\/ImageObject\"> <a href=\"https:\/\/idnu.ch\/wordpress\/zum-groessten-aargauer-see\/egelsee-20221101-46\/#main\" border=\"0\" itemprop=\"url\"> <meta itemprop=\"width\" content=\"316\"> <meta itemprop=\"height\" content=\"210\"> <img decoding=\"async\" class=\"\" data-attachment-id=\"22425\" data-orig-file=\"https:\/\/idnu.ch\/wordpress\/wp-content\/uploads\/2022\/12\/egelsee-20221101-46.jpg\" data-orig-size=\"1240,827\" data-comments-opened=\"1\" data-image-meta=\"{&quot;aperture&quot;:&quot;0&quot;,&quot;credit&quot;:&quot;&quot;,&quot;camera&quot;:&quot;&quot;,&quot;caption&quot;:&quot;&quot;,&quot;created_timestamp&quot;:&quot;0&quot;,&quot;copyright&quot;:&quot;Copyright Urs Kyburz (2019)&quot;,&quot;focal_length&quot;:&quot;0&quot;,&quot;iso&quot;:&quot;0&quot;,&quot;shutter_speed&quot;:&quot;0&quot;,&quot;title&quot;:&quot;&quot;,&quot;orientation&quot;:&quot;0&quot;}\" data-image-title=\"Die Aussicht wird erkl\u00e4rt\" data-image-description=\"\" data-medium-file=\"https:\/\/i0.wp.com\/idnu.ch\/wordpress\/wp-content\/uploads\/2022\/12\/egelsee-20221101-46.jpg?fit=300%2C200&#038;ssl=1\" data-large-file=\"https:\/\/i0.wp.com\/idnu.ch\/wordpress\/wp-content\/uploads\/2022\/12\/egelsee-20221101-46.jpg?fit=750%2C500&#038;ssl=1\" src=\"https:\/\/i0.wp.com\/idnu.ch\/wordpress\/wp-content\/uploads\/2022\/12\/egelsee-20221101-46.jpg?w=316&#038;h=210&#038;ssl=1\" srcset=\"https:\/\/i0.wp.com\/idnu.ch\/wordpress\/wp-content\/uploads\/2022\/12\/egelsee-20221101-46.jpg?w=1240&amp;ssl=1 1240w, https:\/\/i0.wp.com\/idnu.ch\/wordpress\/wp-content\/uploads\/2022\/12\/egelsee-20221101-46.jpg?resize=300%2C200&amp;ssl=1 300w, https:\/\/i0.wp.com\/idnu.ch\/wordpress\/wp-content\/uploads\/2022\/12\/egelsee-20221101-46.jpg?resize=1024%2C683&amp;ssl=1 1024w, https:\/\/i0.wp.com\/idnu.ch\/wordpress\/wp-content\/uploads\/2022\/12\/egelsee-20221101-46.jpg?resize=768%2C512&amp;ssl=1 768w, https:\/\/i0.wp.com\/idnu.ch\/wordpress\/wp-content\/uploads\/2022\/12\/egelsee-20221101-46.jpg?resize=150%2C100&amp;ssl=1 150w\" width=\"316\" height=\"210\" loading=\"lazy\" data-original-width=\"316\" data-original-height=\"210\" itemprop=\"http:\/\/schema.org\/image\" title=\"Die Aussicht wird erkl\u00e4rt\" alt=\"frau betrachtet die panoramatafel auf der plattform\" style=\"width: 316px; height: 210px;\" \/> <\/a> <\/div> <\/div> <!-- close group --> <\/div> <!-- close row --> <\/div>\n<h2>Das mittelalterliche St\u00e4dtchen Bremgarten<\/h2>\n<p>Nun geht es abw\u00e4rts, durch Widen hindurch, vorbei am Gyrenweiher. Wir durchqueren nochmals ein kleines, h\u00fcbsches W\u00e4ldchen, bevor wir den letzten Kilometer Strassen entlang gehen, was leider nicht vermeidbar ist ohne grossen Umweg. Wir sind froh, als wir das autofreie Altst\u00e4dtchen erreichen, welches daf\u00fcr umso mehr gl\u00e4nzt, verwinkelte Gassen und sch\u00f6n restaurierte Geb\u00e4ude erfreuen unser Auge. Das feiern wir in einem der wenigen Restaurants, die am heutigen Feiertag am 1. November offen haben. Wir begiessen die Entdeckung eines weiteren St\u00fcckes Aargau mit einem Kaffee und einem St\u00fcck Kuchen.<\/p>\n<div class=\"tiled-gallery type-rectangular tiled-gallery-unresized\" data-original-width=\"750\" data-carousel-extra='{&quot;blog_id&quot;:1,&quot;permalink&quot;:&quot;https:\\\/\\\/idnu.ch\\\/wordpress\\\/zum-groessten-aargauer-see\\\/&quot;,&quot;likes_blog_id&quot;:100184974}' itemscope itemtype=\"http:\/\/schema.org\/ImageGallery\" > <div class=\"gallery-row\" style=\"width: 750px; height: 643px;\" data-original-width=\"750\" data-original-height=\"643\" > <div class=\"gallery-group images-1\" style=\"width: 430px; height: 643px;\" data-original-width=\"430\" data-original-height=\"643\" > <div class=\"tiled-gallery-item tiled-gallery-item-large\" itemprop=\"associatedMedia\" itemscope itemtype=\"http:\/\/schema.org\/ImageObject\"> <a href=\"https:\/\/idnu.ch\/wordpress\/zum-groessten-aargauer-see\/egelsee-20221101-51\/#main\" border=\"0\" itemprop=\"url\"> <meta itemprop=\"width\" content=\"426\"> <meta itemprop=\"height\" content=\"639\"> <img decoding=\"async\" class=\"\" data-attachment-id=\"22426\" data-orig-file=\"https:\/\/idnu.ch\/wordpress\/wp-content\/uploads\/2022\/12\/egelsee-20221101-51.jpg\" data-orig-size=\"827,1240\" data-comments-opened=\"1\" data-image-meta=\"{&quot;aperture&quot;:&quot;0&quot;,&quot;credit&quot;:&quot;&quot;,&quot;camera&quot;:&quot;&quot;,&quot;caption&quot;:&quot;&quot;,&quot;created_timestamp&quot;:&quot;0&quot;,&quot;copyright&quot;:&quot;Copyright Urs Kyburz (2019)&quot;,&quot;focal_length&quot;:&quot;0&quot;,&quot;iso&quot;:&quot;0&quot;,&quot;shutter_speed&quot;:&quot;0&quot;,&quot;title&quot;:&quot;&quot;,&quot;orientation&quot;:&quot;0&quot;}\" data-image-title=\"Altstadtgasse\" data-image-description=\"\" data-medium-file=\"https:\/\/i0.wp.com\/idnu.ch\/wordpress\/wp-content\/uploads\/2022\/12\/egelsee-20221101-51.jpg?fit=200%2C300&#038;ssl=1\" data-large-file=\"https:\/\/i0.wp.com\/idnu.ch\/wordpress\/wp-content\/uploads\/2022\/12\/egelsee-20221101-51.jpg?fit=683%2C1024&#038;ssl=1\" src=\"https:\/\/i0.wp.com\/idnu.ch\/wordpress\/wp-content\/uploads\/2022\/12\/egelsee-20221101-51.jpg?w=426&#038;h=639&#038;ssl=1\" srcset=\"https:\/\/i0.wp.com\/idnu.ch\/wordpress\/wp-content\/uploads\/2022\/12\/egelsee-20221101-51.jpg?w=827&amp;ssl=1 827w, https:\/\/i0.wp.com\/idnu.ch\/wordpress\/wp-content\/uploads\/2022\/12\/egelsee-20221101-51.jpg?resize=200%2C300&amp;ssl=1 200w, https:\/\/i0.wp.com\/idnu.ch\/wordpress\/wp-content\/uploads\/2022\/12\/egelsee-20221101-51.jpg?resize=683%2C1024&amp;ssl=1 683w, https:\/\/i0.wp.com\/idnu.ch\/wordpress\/wp-content\/uploads\/2022\/12\/egelsee-20221101-51.jpg?resize=768%2C1152&amp;ssl=1 768w, https:\/\/i0.wp.com\/idnu.ch\/wordpress\/wp-content\/uploads\/2022\/12\/egelsee-20221101-51.jpg?resize=67%2C100&amp;ssl=1 67w\" width=\"426\" height=\"639\" loading=\"lazy\" data-original-width=\"426\" data-original-height=\"639\" itemprop=\"http:\/\/schema.org\/image\" title=\"Altstadtgasse\" alt=\"gasse in der altstadt von bremgarten\" style=\"width: 426px; height: 639px;\" \/> <\/a> <\/div> <\/div> <!-- close group --> <div class=\"gallery-group images-3\" style=\"width: 320px; height: 643px;\" data-original-width=\"320\" data-original-height=\"643\" > <div class=\"tiled-gallery-item tiled-gallery-item-large\" itemprop=\"associatedMedia\" itemscope itemtype=\"http:\/\/schema.org\/ImageObject\"> <a href=\"https:\/\/idnu.ch\/wordpress\/zum-groessten-aargauer-see\/egelsee-20221101-52\/#main\" border=\"0\" itemprop=\"url\"> <meta itemprop=\"width\" content=\"316\"> <meta itemprop=\"height\" content=\"211\"> <img decoding=\"async\" class=\"\" data-attachment-id=\"22427\" data-orig-file=\"https:\/\/idnu.ch\/wordpress\/wp-content\/uploads\/2022\/12\/egelsee-20221101-52.jpg\" data-orig-size=\"1240,827\" data-comments-opened=\"1\" data-image-meta=\"{&quot;aperture&quot;:&quot;0&quot;,&quot;credit&quot;:&quot;&quot;,&quot;camera&quot;:&quot;&quot;,&quot;caption&quot;:&quot;&quot;,&quot;created_timestamp&quot;:&quot;0&quot;,&quot;copyright&quot;:&quot;Copyright Urs Kyburz (2019)&quot;,&quot;focal_length&quot;:&quot;0&quot;,&quot;iso&quot;:&quot;0&quot;,&quot;shutter_speed&quot;:&quot;0&quot;,&quot;title&quot;:&quot;&quot;,&quot;orientation&quot;:&quot;0&quot;}\" data-image-title=\"\" data-image-description=\"\" data-medium-file=\"https:\/\/i0.wp.com\/idnu.ch\/wordpress\/wp-content\/uploads\/2022\/12\/egelsee-20221101-52.jpg?fit=300%2C200&#038;ssl=1\" data-large-file=\"https:\/\/i0.wp.com\/idnu.ch\/wordpress\/wp-content\/uploads\/2022\/12\/egelsee-20221101-52.jpg?fit=750%2C500&#038;ssl=1\" src=\"https:\/\/i0.wp.com\/idnu.ch\/wordpress\/wp-content\/uploads\/2022\/12\/egelsee-20221101-52.jpg?w=316&#038;h=211&#038;ssl=1\" srcset=\"https:\/\/i0.wp.com\/idnu.ch\/wordpress\/wp-content\/uploads\/2022\/12\/egelsee-20221101-52.jpg?w=1240&amp;ssl=1 1240w, https:\/\/i0.wp.com\/idnu.ch\/wordpress\/wp-content\/uploads\/2022\/12\/egelsee-20221101-52.jpg?resize=300%2C200&amp;ssl=1 300w, https:\/\/i0.wp.com\/idnu.ch\/wordpress\/wp-content\/uploads\/2022\/12\/egelsee-20221101-52.jpg?resize=1024%2C683&amp;ssl=1 1024w, https:\/\/i0.wp.com\/idnu.ch\/wordpress\/wp-content\/uploads\/2022\/12\/egelsee-20221101-52.jpg?resize=768%2C512&amp;ssl=1 768w, https:\/\/i0.wp.com\/idnu.ch\/wordpress\/wp-content\/uploads\/2022\/12\/egelsee-20221101-52.jpg?resize=150%2C100&amp;ssl=1 150w\" width=\"316\" height=\"211\" loading=\"lazy\" data-original-width=\"316\" data-original-height=\"211\" itemprop=\"http:\/\/schema.org\/image\" title=\"\" alt=\"platz in bremgarten\" style=\"width: 316px; height: 211px;\" \/> <\/a> <\/div> <div class=\"tiled-gallery-item tiled-gallery-item-large\" itemprop=\"associatedMedia\" itemscope itemtype=\"http:\/\/schema.org\/ImageObject\"> <a href=\"https:\/\/idnu.ch\/wordpress\/zum-groessten-aargauer-see\/egelsee-20221101-54\/#main\" border=\"0\" itemprop=\"url\"> <meta itemprop=\"width\" content=\"316\"> <meta itemprop=\"height\" content=\"210\"> <img decoding=\"async\" class=\"\" data-attachment-id=\"22428\" data-orig-file=\"https:\/\/idnu.ch\/wordpress\/wp-content\/uploads\/2022\/12\/egelsee-20221101-54.jpg\" data-orig-size=\"1240,827\" data-comments-opened=\"1\" data-image-meta=\"{&quot;aperture&quot;:&quot;0&quot;,&quot;credit&quot;:&quot;&quot;,&quot;camera&quot;:&quot;&quot;,&quot;caption&quot;:&quot;&quot;,&quot;created_timestamp&quot;:&quot;0&quot;,&quot;copyright&quot;:&quot;Copyright Urs Kyburz (2019)&quot;,&quot;focal_length&quot;:&quot;0&quot;,&quot;iso&quot;:&quot;0&quot;,&quot;shutter_speed&quot;:&quot;0&quot;,&quot;title&quot;:&quot;&quot;,&quot;orientation&quot;:&quot;0&quot;}\" data-image-title=\"\" data-image-description=\"\" data-medium-file=\"https:\/\/i0.wp.com\/idnu.ch\/wordpress\/wp-content\/uploads\/2022\/12\/egelsee-20221101-54.jpg?fit=300%2C200&#038;ssl=1\" data-large-file=\"https:\/\/i0.wp.com\/idnu.ch\/wordpress\/wp-content\/uploads\/2022\/12\/egelsee-20221101-54.jpg?fit=750%2C500&#038;ssl=1\" src=\"https:\/\/i0.wp.com\/idnu.ch\/wordpress\/wp-content\/uploads\/2022\/12\/egelsee-20221101-54.jpg?w=316&#038;h=210&#038;ssl=1\" srcset=\"https:\/\/i0.wp.com\/idnu.ch\/wordpress\/wp-content\/uploads\/2022\/12\/egelsee-20221101-54.jpg?w=1240&amp;ssl=1 1240w, https:\/\/i0.wp.com\/idnu.ch\/wordpress\/wp-content\/uploads\/2022\/12\/egelsee-20221101-54.jpg?resize=300%2C200&amp;ssl=1 300w, https:\/\/i0.wp.com\/idnu.ch\/wordpress\/wp-content\/uploads\/2022\/12\/egelsee-20221101-54.jpg?resize=1024%2C683&amp;ssl=1 1024w, https:\/\/i0.wp.com\/idnu.ch\/wordpress\/wp-content\/uploads\/2022\/12\/egelsee-20221101-54.jpg?resize=768%2C512&amp;ssl=1 768w, https:\/\/i0.wp.com\/idnu.ch\/wordpress\/wp-content\/uploads\/2022\/12\/egelsee-20221101-54.jpg?resize=150%2C100&amp;ssl=1 150w\" width=\"316\" height=\"210\" loading=\"lazy\" data-original-width=\"316\" data-original-height=\"210\" itemprop=\"http:\/\/schema.org\/image\" title=\"\" alt=\"gasse in bremgarten\" style=\"width: 316px; height: 210px;\" \/> <\/a> <\/div> <div class=\"tiled-gallery-item tiled-gallery-item-large\" itemprop=\"associatedMedia\" itemscope itemtype=\"http:\/\/schema.org\/ImageObject\"> <a href=\"https:\/\/idnu.ch\/wordpress\/zum-groessten-aargauer-see\/egelsee-20221101-58\/#main\" border=\"0\" itemprop=\"url\"> <meta itemprop=\"width\" content=\"316\"> <meta itemprop=\"height\" content=\"210\"> <img decoding=\"async\" class=\"\" data-attachment-id=\"22429\" data-orig-file=\"https:\/\/idnu.ch\/wordpress\/wp-content\/uploads\/2022\/12\/egelsee-20221101-58.jpg\" data-orig-size=\"1240,827\" data-comments-opened=\"1\" data-image-meta=\"{&quot;aperture&quot;:&quot;0&quot;,&quot;credit&quot;:&quot;&quot;,&quot;camera&quot;:&quot;&quot;,&quot;caption&quot;:&quot;&quot;,&quot;created_timestamp&quot;:&quot;0&quot;,&quot;copyright&quot;:&quot;Copyright Urs Kyburz (2019)&quot;,&quot;focal_length&quot;:&quot;0&quot;,&quot;iso&quot;:&quot;0&quot;,&quot;shutter_speed&quot;:&quot;0&quot;,&quot;title&quot;:&quot;&quot;,&quot;orientation&quot;:&quot;0&quot;}\" data-image-title=\"\" data-image-description=\"\" data-medium-file=\"https:\/\/i0.wp.com\/idnu.ch\/wordpress\/wp-content\/uploads\/2022\/12\/egelsee-20221101-58.jpg?fit=300%2C200&#038;ssl=1\" data-large-file=\"https:\/\/i0.wp.com\/idnu.ch\/wordpress\/wp-content\/uploads\/2022\/12\/egelsee-20221101-58.jpg?fit=750%2C500&#038;ssl=1\" src=\"https:\/\/i0.wp.com\/idnu.ch\/wordpress\/wp-content\/uploads\/2022\/12\/egelsee-20221101-58.jpg?w=316&#038;h=210&#038;ssl=1\" srcset=\"https:\/\/i0.wp.com\/idnu.ch\/wordpress\/wp-content\/uploads\/2022\/12\/egelsee-20221101-58.jpg?w=1240&amp;ssl=1 1240w, https:\/\/i0.wp.com\/idnu.ch\/wordpress\/wp-content\/uploads\/2022\/12\/egelsee-20221101-58.jpg?resize=300%2C200&amp;ssl=1 300w, https:\/\/i0.wp.com\/idnu.ch\/wordpress\/wp-content\/uploads\/2022\/12\/egelsee-20221101-58.jpg?resize=1024%2C683&amp;ssl=1 1024w, https:\/\/i0.wp.com\/idnu.ch\/wordpress\/wp-content\/uploads\/2022\/12\/egelsee-20221101-58.jpg?resize=768%2C512&amp;ssl=1 768w, https:\/\/i0.wp.com\/idnu.ch\/wordpress\/wp-content\/uploads\/2022\/12\/egelsee-20221101-58.jpg?resize=150%2C100&amp;ssl=1 150w\" width=\"316\" height=\"210\" loading=\"lazy\" data-original-width=\"316\" data-original-height=\"210\" itemprop=\"http:\/\/schema.org\/image\" title=\"\" alt=\"platz in bremgarten\" style=\"width: 316px; height: 210px;\" \/> <\/a> <\/div> <\/div> <!-- close group --> <\/div> <!-- close row --> <div class=\"gallery-row\" style=\"width: 750px; height: 214px;\" data-original-width=\"750\" data-original-height=\"214\" > <div class=\"gallery-group images-1\" style=\"width: 318px; height: 214px;\" data-original-width=\"318\" data-original-height=\"214\" > <div class=\"tiled-gallery-item tiled-gallery-item-large\" itemprop=\"associatedMedia\" itemscope itemtype=\"http:\/\/schema.org\/ImageObject\"> <a href=\"https:\/\/idnu.ch\/wordpress\/zum-groessten-aargauer-see\/egelsee-20221101-59\/#main\" border=\"0\" itemprop=\"url\"> <meta itemprop=\"width\" content=\"314\"> <meta itemprop=\"height\" content=\"210\"> <img decoding=\"async\" class=\"\" data-attachment-id=\"22430\" data-orig-file=\"https:\/\/idnu.ch\/wordpress\/wp-content\/uploads\/2022\/12\/egelsee-20221101-59.jpg\" data-orig-size=\"1240,827\" data-comments-opened=\"1\" data-image-meta=\"{&quot;aperture&quot;:&quot;0&quot;,&quot;credit&quot;:&quot;&quot;,&quot;camera&quot;:&quot;&quot;,&quot;caption&quot;:&quot;&quot;,&quot;created_timestamp&quot;:&quot;0&quot;,&quot;copyright&quot;:&quot;Copyright Urs Kyburz (2019)&quot;,&quot;focal_length&quot;:&quot;0&quot;,&quot;iso&quot;:&quot;0&quot;,&quot;shutter_speed&quot;:&quot;0&quot;,&quot;title&quot;:&quot;&quot;,&quot;orientation&quot;:&quot;0&quot;}\" data-image-title=\"\" data-image-description=\"\" data-medium-file=\"https:\/\/i0.wp.com\/idnu.ch\/wordpress\/wp-content\/uploads\/2022\/12\/egelsee-20221101-59.jpg?fit=300%2C200&#038;ssl=1\" data-large-file=\"https:\/\/i0.wp.com\/idnu.ch\/wordpress\/wp-content\/uploads\/2022\/12\/egelsee-20221101-59.jpg?fit=750%2C500&#038;ssl=1\" src=\"https:\/\/i0.wp.com\/idnu.ch\/wordpress\/wp-content\/uploads\/2022\/12\/egelsee-20221101-59.jpg?w=314&#038;h=210&#038;ssl=1\" srcset=\"https:\/\/i0.wp.com\/idnu.ch\/wordpress\/wp-content\/uploads\/2022\/12\/egelsee-20221101-59.jpg?w=1240&amp;ssl=1 1240w, https:\/\/i0.wp.com\/idnu.ch\/wordpress\/wp-content\/uploads\/2022\/12\/egelsee-20221101-59.jpg?resize=300%2C200&amp;ssl=1 300w, https:\/\/i0.wp.com\/idnu.ch\/wordpress\/wp-content\/uploads\/2022\/12\/egelsee-20221101-59.jpg?resize=1024%2C683&amp;ssl=1 1024w, https:\/\/i0.wp.com\/idnu.ch\/wordpress\/wp-content\/uploads\/2022\/12\/egelsee-20221101-59.jpg?resize=768%2C512&amp;ssl=1 768w, https:\/\/i0.wp.com\/idnu.ch\/wordpress\/wp-content\/uploads\/2022\/12\/egelsee-20221101-59.jpg?resize=150%2C100&amp;ssl=1 150w\" width=\"314\" height=\"210\" loading=\"lazy\" data-original-width=\"314\" data-original-height=\"210\" itemprop=\"http:\/\/schema.org\/image\" title=\"\" alt=\"gasse in der altstadt, vorne ein brunnen, hinten der turm des stadttores\" style=\"width: 314px; height: 210px;\" \/> <\/a> <\/div> <\/div> <!-- close group --> <div class=\"gallery-group images-1\" style=\"width: 144px; height: 214px;\" data-original-width=\"144\" data-original-height=\"214\" > <div class=\"tiled-gallery-item tiled-gallery-item-small\" itemprop=\"associatedMedia\" itemscope itemtype=\"http:\/\/schema.org\/ImageObject\"> <a href=\"https:\/\/idnu.ch\/wordpress\/zum-groessten-aargauer-see\/egelsee-20221101-62\/#main\" border=\"0\" itemprop=\"url\"> <meta itemprop=\"width\" content=\"140\"> <meta itemprop=\"height\" content=\"210\"> <img decoding=\"async\" class=\"\" data-attachment-id=\"22431\" data-orig-file=\"https:\/\/idnu.ch\/wordpress\/wp-content\/uploads\/2022\/12\/egelsee-20221101-62.jpg\" data-orig-size=\"827,1240\" data-comments-opened=\"1\" data-image-meta=\"{&quot;aperture&quot;:&quot;0&quot;,&quot;credit&quot;:&quot;&quot;,&quot;camera&quot;:&quot;&quot;,&quot;caption&quot;:&quot;&quot;,&quot;created_timestamp&quot;:&quot;0&quot;,&quot;copyright&quot;:&quot;Copyright Urs Kyburz (2019)&quot;,&quot;focal_length&quot;:&quot;0&quot;,&quot;iso&quot;:&quot;0&quot;,&quot;shutter_speed&quot;:&quot;0&quot;,&quot;title&quot;:&quot;&quot;,&quot;orientation&quot;:&quot;0&quot;}\" data-image-title=\"\" data-image-description=\"\" data-medium-file=\"https:\/\/i0.wp.com\/idnu.ch\/wordpress\/wp-content\/uploads\/2022\/12\/egelsee-20221101-62.jpg?fit=200%2C300&#038;ssl=1\" data-large-file=\"https:\/\/i0.wp.com\/idnu.ch\/wordpress\/wp-content\/uploads\/2022\/12\/egelsee-20221101-62.jpg?fit=683%2C1024&#038;ssl=1\" src=\"https:\/\/i0.wp.com\/idnu.ch\/wordpress\/wp-content\/uploads\/2022\/12\/egelsee-20221101-62.jpg?w=140&#038;h=210&#038;ssl=1\" srcset=\"https:\/\/i0.wp.com\/idnu.ch\/wordpress\/wp-content\/uploads\/2022\/12\/egelsee-20221101-62.jpg?w=827&amp;ssl=1 827w, https:\/\/i0.wp.com\/idnu.ch\/wordpress\/wp-content\/uploads\/2022\/12\/egelsee-20221101-62.jpg?resize=200%2C300&amp;ssl=1 200w, https:\/\/i0.wp.com\/idnu.ch\/wordpress\/wp-content\/uploads\/2022\/12\/egelsee-20221101-62.jpg?resize=683%2C1024&amp;ssl=1 683w, https:\/\/i0.wp.com\/idnu.ch\/wordpress\/wp-content\/uploads\/2022\/12\/egelsee-20221101-62.jpg?resize=768%2C1152&amp;ssl=1 768w, https:\/\/i0.wp.com\/idnu.ch\/wordpress\/wp-content\/uploads\/2022\/12\/egelsee-20221101-62.jpg?resize=67%2C100&amp;ssl=1 67w\" width=\"140\" height=\"210\" loading=\"lazy\" data-original-width=\"140\" data-original-height=\"210\" itemprop=\"http:\/\/schema.org\/image\" title=\"\" alt=\"kunstgeschmiedetes hotelschild\" style=\"width: 140px; height: 210px;\" \/> <\/a> <\/div> <\/div> <!-- close group --> <div class=\"gallery-group images-1\" style=\"width: 144px; height: 214px;\" data-original-width=\"144\" data-original-height=\"214\" > <div class=\"tiled-gallery-item tiled-gallery-item-small\" itemprop=\"associatedMedia\" itemscope itemtype=\"http:\/\/schema.org\/ImageObject\"> <a href=\"https:\/\/idnu.ch\/wordpress\/zum-groessten-aargauer-see\/egelsee-20221101-64\/#main\" border=\"0\" itemprop=\"url\"> <meta itemprop=\"width\" content=\"140\"> <meta itemprop=\"height\" content=\"210\"> <img decoding=\"async\" class=\"\" data-attachment-id=\"22432\" data-orig-file=\"https:\/\/idnu.ch\/wordpress\/wp-content\/uploads\/2022\/12\/egelsee-20221101-64.jpg\" data-orig-size=\"827,1240\" data-comments-opened=\"1\" data-image-meta=\"{&quot;aperture&quot;:&quot;0&quot;,&quot;credit&quot;:&quot;&quot;,&quot;camera&quot;:&quot;&quot;,&quot;caption&quot;:&quot;&quot;,&quot;created_timestamp&quot;:&quot;0&quot;,&quot;copyright&quot;:&quot;Copyright Urs Kyburz (2019)&quot;,&quot;focal_length&quot;:&quot;0&quot;,&quot;iso&quot;:&quot;0&quot;,&quot;shutter_speed&quot;:&quot;0&quot;,&quot;title&quot;:&quot;&quot;,&quot;orientation&quot;:&quot;0&quot;}\" data-image-title=\"\" data-image-description=\"\" data-medium-file=\"https:\/\/i0.wp.com\/idnu.ch\/wordpress\/wp-content\/uploads\/2022\/12\/egelsee-20221101-64.jpg?fit=200%2C300&#038;ssl=1\" data-large-file=\"https:\/\/i0.wp.com\/idnu.ch\/wordpress\/wp-content\/uploads\/2022\/12\/egelsee-20221101-64.jpg?fit=683%2C1024&#038;ssl=1\" src=\"https:\/\/i0.wp.com\/idnu.ch\/wordpress\/wp-content\/uploads\/2022\/12\/egelsee-20221101-64.jpg?w=140&#038;h=210&#038;ssl=1\" srcset=\"https:\/\/i0.wp.com\/idnu.ch\/wordpress\/wp-content\/uploads\/2022\/12\/egelsee-20221101-64.jpg?w=827&amp;ssl=1 827w, https:\/\/i0.wp.com\/idnu.ch\/wordpress\/wp-content\/uploads\/2022\/12\/egelsee-20221101-64.jpg?resize=200%2C300&amp;ssl=1 200w, https:\/\/i0.wp.com\/idnu.ch\/wordpress\/wp-content\/uploads\/2022\/12\/egelsee-20221101-64.jpg?resize=683%2C1024&amp;ssl=1 683w, https:\/\/i0.wp.com\/idnu.ch\/wordpress\/wp-content\/uploads\/2022\/12\/egelsee-20221101-64.jpg?resize=768%2C1152&amp;ssl=1 768w, https:\/\/i0.wp.com\/idnu.ch\/wordpress\/wp-content\/uploads\/2022\/12\/egelsee-20221101-64.jpg?resize=67%2C100&amp;ssl=1 67w\" width=\"140\" height=\"210\" loading=\"lazy\" data-original-width=\"140\" data-original-height=\"210\" itemprop=\"http:\/\/schema.org\/image\" title=\"\" alt=\"frau in der altstadtgasse\" style=\"width: 140px; height: 210px;\" \/> <\/a> <\/div> <\/div> <!-- close group --> <div class=\"gallery-group images-1\" style=\"width: 144px; height: 214px;\" data-original-width=\"144\" data-original-height=\"214\" > <div class=\"tiled-gallery-item tiled-gallery-item-small\" itemprop=\"associatedMedia\" itemscope itemtype=\"http:\/\/schema.org\/ImageObject\"> <a href=\"https:\/\/idnu.ch\/wordpress\/zum-groessten-aargauer-see\/egelsee-20221101-65\/#main\" border=\"0\" itemprop=\"url\"> <meta itemprop=\"width\" content=\"140\"> <meta itemprop=\"height\" content=\"210\"> <img decoding=\"async\" class=\"\" data-attachment-id=\"22433\" data-orig-file=\"https:\/\/idnu.ch\/wordpress\/wp-content\/uploads\/2022\/12\/egelsee-20221101-65.jpg\" data-orig-size=\"827,1240\" data-comments-opened=\"1\" data-image-meta=\"{&quot;aperture&quot;:&quot;0&quot;,&quot;credit&quot;:&quot;&quot;,&quot;camera&quot;:&quot;&quot;,&quot;caption&quot;:&quot;&quot;,&quot;created_timestamp&quot;:&quot;0&quot;,&quot;copyright&quot;:&quot;Copyright Urs Kyburz (2019)&quot;,&quot;focal_length&quot;:&quot;0&quot;,&quot;iso&quot;:&quot;0&quot;,&quot;shutter_speed&quot;:&quot;0&quot;,&quot;title&quot;:&quot;&quot;,&quot;orientation&quot;:&quot;0&quot;}\" data-image-title=\"\" data-image-description=\"\" data-medium-file=\"https:\/\/i0.wp.com\/idnu.ch\/wordpress\/wp-content\/uploads\/2022\/12\/egelsee-20221101-65.jpg?fit=200%2C300&#038;ssl=1\" data-large-file=\"https:\/\/i0.wp.com\/idnu.ch\/wordpress\/wp-content\/uploads\/2022\/12\/egelsee-20221101-65.jpg?fit=683%2C1024&#038;ssl=1\" src=\"https:\/\/i0.wp.com\/idnu.ch\/wordpress\/wp-content\/uploads\/2022\/12\/egelsee-20221101-65.jpg?w=140&#038;h=210&#038;ssl=1\" srcset=\"https:\/\/i0.wp.com\/idnu.ch\/wordpress\/wp-content\/uploads\/2022\/12\/egelsee-20221101-65.jpg?w=827&amp;ssl=1 827w, https:\/\/i0.wp.com\/idnu.ch\/wordpress\/wp-content\/uploads\/2022\/12\/egelsee-20221101-65.jpg?resize=200%2C300&amp;ssl=1 200w, https:\/\/i0.wp.com\/idnu.ch\/wordpress\/wp-content\/uploads\/2022\/12\/egelsee-20221101-65.jpg?resize=683%2C1024&amp;ssl=1 683w, https:\/\/i0.wp.com\/idnu.ch\/wordpress\/wp-content\/uploads\/2022\/12\/egelsee-20221101-65.jpg?resize=768%2C1152&amp;ssl=1 768w, https:\/\/i0.wp.com\/idnu.ch\/wordpress\/wp-content\/uploads\/2022\/12\/egelsee-20221101-65.jpg?resize=67%2C100&amp;ssl=1 67w\" width=\"140\" height=\"210\" loading=\"lazy\" data-original-width=\"140\" data-original-height=\"210\" itemprop=\"http:\/\/schema.org\/image\" title=\"\" alt=\"das stadttor\" style=\"width: 140px; height: 210px;\" \/> <\/a> <\/div> <\/div> <!-- close group --> <\/div> <!-- close row --> <\/div>\n<h2>Info<\/h2>\n<p>Die Wanderung vom Limmattal ins Reusstal l\u00e4sst sich zu jeder Jahreszeit machen und zeigt die andere Seite des dicht bebauten Limmattales.<\/p>\n<table>\n<tbody>\n<tr>\n<td width=\"150\">Start:<\/td>\n<td>Bushaltestelle Spreitenbach Dorf<\/td>\n<\/tr>\n<tr>\n<td>Ziel:<\/td>\n<td>Bremgarten<\/td>\n<\/tr>\n<tr>\n<td>Strecke:<\/td>\n<td>Spreitenbach &#8211; Egelsee &#8211; Guggeh\u00fcrlistei &#8211; Hasenbergturm &#8211; Widen &#8211; Bremgarten<\/td>\n<\/tr>\n<tr>\n<td>Distanz:<\/td>\n<td>13 Kilometer<\/td>\n<\/tr>\n<tr>\n<td>H\u00f6henmeter:<\/td>\n<td>425 Meter<\/td>\n<\/tr>\n<tr>\n<td>Wanderzeit:<\/td>\n<td>3 \u00bc Stunden<\/td>\n<\/tr>\n<tr>\n<td>Schwierigkeit:<\/td>\n<td>T1<\/td>\n<\/tr>\n<tr>\n<td>H\u00f6hepunkte:<\/td>\n<td>Egelsee, Guggeh\u00fcrlistei, Hasenbergturm<\/td>\n<\/tr>\n<tr>\n<td>Alternative:<\/td>\n<td>Man kann bereits in Widen den Zug besteigen.<\/td>\n<\/tr>\n<\/tbody>\n<\/table>\n<blockquote class=\"embedly-card\" data-card-controls=\"0\" data-card-key=\"f1631a41cb254ca5b035dc5747a5bd75\">\n<h4><a href=\"https:\/\/www.relive.cc\/view\/vmqXBBBEKoO?r=embed-site\">Relive &#8218;Spreitenbach &#8211; Egelsee &#8211; Bremgarten&#8216;<\/a><\/h4>\n<\/blockquote>\n<p><script async src=\"https:\/\/cdn.embedly.com\/widgets\/platform.js\" charset=\"UTF-8\"><\/script><\/p>\n","protected":false},"excerpt":{"rendered":"<p>Wandern zum gr\u00f6ssten Aargauer See, das t\u00f6nt jetzt nach etwas Grossem. Nun, der&#8230;<\/p>\n","protected":false},"author":2,"featured_media":22434,"comment_status":"open","ping_status":"open","sticky":false,"template":"","format":"standard","meta":{"_monsterinsights_skip_tracking":false,"_monsterinsights_sitenote_active":false,"_monsterinsights_sitenote_note":"","_monsterinsights_sitenote_category":0,"jetpack_post_was_ever_published":false,"_jetpack_newsletter_access":"","_jetpack_dont_email_post_to_subs":false,"_jetpack_newsletter_tier_id":0,"_jetpack_memberships_contains_paywalled_content":false,"_jetpack_memberships_contains_paid_content":false,"footnotes":"","jetpack_publicize_message":"NEU  im Blog: Zum gr\u00f6ssten Aargauer See, einem grossen Weiher. Und Aussicht gab es auch vom #Hasenbergturm.\r\nFr\u00f6hliche Weihnachten allen!\r\n#aargauTourismus #wunderlandAargau","jetpack_publicize_feature_enabled":true,"jetpack_social_post_already_shared":true,"jetpack_social_options":{"image_generator_settings":{"template":"highway","default_image_id":0,"font":"","enabled":false},"version":2}},"categories":[133,914,5],"tags":[877,1551,510,1556,1553,522,1037,1150,1552,1555,1516],"class_list":["post-22302","post","type-post","status-publish","format-standard","has-post-thumbnail","hentry","category-aargau","category-aargau-region","category-wandern","tag-bremgarten","tag-egelsee","tag-fruehling","tag-guggehuerlistein","tag-hasenbergturm","tag-herbst","tag-herbstwandern","tag-herbstwanderung","tag-mutschellen","tag-sagen","tag-see"],"geo":{"latitude":47.400852200000002767410478554666042327880859375,"longitude":8.3596267999999991360482454183511435985565185546875,"description":null},"yoast_head":"<!-- This site is optimized with the Yoast SEO plugin v27.4 - https:\/\/yoast.com\/product\/yoast-seo-wordpress\/ -->\n<title>Zum gr\u00f6ssten Aargauer See - In der Natur unterwegs<\/title>\n<meta name=\"description\" content=\"Wir wandern zum gr\u00f6ssten Aargauer See, der vollst\u00e4ndig im Kanton liegt, dem Egelsee bei Spreitenbach, und zum Hasenbergturm.\" \/>\n<meta name=\"robots\" content=\"index, follow, max-snippet:-1, max-image-preview:large, max-video-preview:-1\" \/>\n<link rel=\"canonical\" href=\"https:\/\/idnu.ch\/wordpress\/zum-groessten-aargauer-see\/\" \/>\n<meta property=\"og:locale\" content=\"de_DE\" \/>\n<meta property=\"og:type\" content=\"article\" \/>\n<meta property=\"og:title\" content=\"Zum gr\u00f6ssten Aargauer See - In der Natur unterwegs\" \/>\n<meta property=\"og:description\" content=\"Wir wandern zum gr\u00f6ssten Aargauer See, der vollst\u00e4ndig im Kanton liegt, dem Egelsee bei Spreitenbach, und zum Hasenbergturm.\" \/>\n<meta property=\"og:url\" content=\"https:\/\/idnu.ch\/wordpress\/zum-groessten-aargauer-see\/\" \/>\n<meta property=\"og:site_name\" content=\"In der Natur unterwegs\" \/>\n<meta property=\"article:published_time\" content=\"2022-12-24T10:21:22+00:00\" \/>\n<meta property=\"article:modified_time\" content=\"2025-08-24T14:59:06+00:00\" \/>\n<meta property=\"og:image\" content=\"https:\/\/idnu.ch\/wordpress\/wp-content\/uploads\/2022\/12\/egelsee-20221101-44.jpg\" \/>\n\t<meta property=\"og:image:width\" content=\"1240\" \/>\n\t<meta property=\"og:image:height\" content=\"827\" \/>\n\t<meta property=\"og:image:type\" content=\"image\/jpeg\" \/>\n<meta name=\"author\" content=\"Urs Kyburz\" \/>\n<meta name=\"twitter:card\" content=\"summary_large_image\" \/>\n<meta name=\"twitter:creator\" content=\"@idnu_ch\" \/>\n<meta name=\"twitter:site\" content=\"@idnu_ch\" \/>\n<meta name=\"twitter:label1\" content=\"Verfasst von\" \/>\n\t<meta name=\"twitter:data1\" content=\"Urs Kyburz\" \/>\n\t<meta name=\"twitter:label2\" content=\"Gesch\u00e4tzte Lesezeit\" \/>\n\t<meta name=\"twitter:data2\" content=\"4\u00a0Minuten\" \/>\n<script type=\"application\/ld+json\" class=\"yoast-schema-graph\">{\"@context\":\"https:\\\/\\\/schema.org\",\"@graph\":[{\"@type\":\"Article\",\"@id\":\"https:\\\/\\\/idnu.ch\\\/wordpress\\\/zum-groessten-aargauer-see\\\/#article\",\"isPartOf\":{\"@id\":\"https:\\\/\\\/idnu.ch\\\/wordpress\\\/zum-groessten-aargauer-see\\\/\"},\"author\":{\"name\":\"Urs Kyburz\",\"@id\":\"https:\\\/\\\/idnu.ch\\\/wordpress\\\/#\\\/schema\\\/person\\\/1ab8c5de743be7b019272124c19ad351\"},\"headline\":\"Zum gr\u00f6ssten Aargauer See\",\"datePublished\":\"2022-12-24T10:21:22+00:00\",\"dateModified\":\"2025-08-24T14:59:06+00:00\",\"mainEntityOfPage\":{\"@id\":\"https:\\\/\\\/idnu.ch\\\/wordpress\\\/zum-groessten-aargauer-see\\\/\"},\"wordCount\":718,\"commentCount\":0,\"publisher\":{\"@id\":\"https:\\\/\\\/idnu.ch\\\/wordpress\\\/#\\\/schema\\\/person\\\/1ab8c5de743be7b019272124c19ad351\"},\"image\":{\"@id\":\"https:\\\/\\\/idnu.ch\\\/wordpress\\\/zum-groessten-aargauer-see\\\/#primaryimage\"},\"thumbnailUrl\":\"https:\\\/\\\/i0.wp.com\\\/idnu.ch\\\/wordpress\\\/wp-content\\\/uploads\\\/2022\\\/12\\\/egelsee-20221101-44.jpg?fit=1240%2C827&ssl=1\",\"keywords\":[\"Bremgarten\",\"Egelsee\",\"Fr\u00fchling\",\"Guggeh\u00fcrlistein\",\"Hasenbergturm\",\"Herbst\",\"Herbstwandern\",\"Herbstwanderung\",\"Mutschellen\",\"Sagen\",\"See\"],\"articleSection\":[\"Aargau\",\"Aargau Region\",\"Wandern\"],\"inLanguage\":\"de\",\"potentialAction\":[{\"@type\":\"CommentAction\",\"name\":\"Comment\",\"target\":[\"https:\\\/\\\/idnu.ch\\\/wordpress\\\/zum-groessten-aargauer-see\\\/#respond\"]}]},{\"@type\":\"WebPage\",\"@id\":\"https:\\\/\\\/idnu.ch\\\/wordpress\\\/zum-groessten-aargauer-see\\\/\",\"url\":\"https:\\\/\\\/idnu.ch\\\/wordpress\\\/zum-groessten-aargauer-see\\\/\",\"name\":\"Zum gr\u00f6ssten Aargauer See - In der Natur unterwegs\",\"isPartOf\":{\"@id\":\"https:\\\/\\\/idnu.ch\\\/wordpress\\\/#website\"},\"primaryImageOfPage\":{\"@id\":\"https:\\\/\\\/idnu.ch\\\/wordpress\\\/zum-groessten-aargauer-see\\\/#primaryimage\"},\"image\":{\"@id\":\"https:\\\/\\\/idnu.ch\\\/wordpress\\\/zum-groessten-aargauer-see\\\/#primaryimage\"},\"thumbnailUrl\":\"https:\\\/\\\/i0.wp.com\\\/idnu.ch\\\/wordpress\\\/wp-content\\\/uploads\\\/2022\\\/12\\\/egelsee-20221101-44.jpg?fit=1240%2C827&ssl=1\",\"datePublished\":\"2022-12-24T10:21:22+00:00\",\"dateModified\":\"2025-08-24T14:59:06+00:00\",\"description\":\"Wir wandern zum gr\u00f6ssten Aargauer See, der vollst\u00e4ndig im Kanton liegt, dem Egelsee bei Spreitenbach, und zum Hasenbergturm.\",\"breadcrumb\":{\"@id\":\"https:\\\/\\\/idnu.ch\\\/wordpress\\\/zum-groessten-aargauer-see\\\/#breadcrumb\"},\"inLanguage\":\"de\",\"potentialAction\":[{\"@type\":\"ReadAction\",\"target\":[\"https:\\\/\\\/idnu.ch\\\/wordpress\\\/zum-groessten-aargauer-see\\\/\"]}]},{\"@type\":\"ImageObject\",\"inLanguage\":\"de\",\"@id\":\"https:\\\/\\\/idnu.ch\\\/wordpress\\\/zum-groessten-aargauer-see\\\/#primaryimage\",\"url\":\"https:\\\/\\\/i0.wp.com\\\/idnu.ch\\\/wordpress\\\/wp-content\\\/uploads\\\/2022\\\/12\\\/egelsee-20221101-44.jpg?fit=1240%2C827&ssl=1\",\"contentUrl\":\"https:\\\/\\\/i0.wp.com\\\/idnu.ch\\\/wordpress\\\/wp-content\\\/uploads\\\/2022\\\/12\\\/egelsee-20221101-44.jpg?fit=1240%2C827&ssl=1\",\"width\":1240,\"height\":827},{\"@type\":\"BreadcrumbList\",\"@id\":\"https:\\\/\\\/idnu.ch\\\/wordpress\\\/zum-groessten-aargauer-see\\\/#breadcrumb\",\"itemListElement\":[{\"@type\":\"ListItem\",\"position\":1,\"name\":\"Startseite\",\"item\":\"https:\\\/\\\/idnu.ch\\\/wordpress\\\/\"},{\"@type\":\"ListItem\",\"position\":2,\"name\":\"Zum gr\u00f6ssten Aargauer See\"}]},{\"@type\":\"WebSite\",\"@id\":\"https:\\\/\\\/idnu.ch\\\/wordpress\\\/#website\",\"url\":\"https:\\\/\\\/idnu.ch\\\/wordpress\\\/\",\"name\":\"In der Natur unterwegs\",\"description\":\"Dort, wo es am sch\u00f6nsten ist\",\"publisher\":{\"@id\":\"https:\\\/\\\/idnu.ch\\\/wordpress\\\/#\\\/schema\\\/person\\\/1ab8c5de743be7b019272124c19ad351\"},\"potentialAction\":[{\"@type\":\"SearchAction\",\"target\":{\"@type\":\"EntryPoint\",\"urlTemplate\":\"https:\\\/\\\/idnu.ch\\\/wordpress\\\/?s={search_term_string}\"},\"query-input\":{\"@type\":\"PropertyValueSpecification\",\"valueRequired\":true,\"valueName\":\"search_term_string\"}}],\"inLanguage\":\"de\"},{\"@type\":[\"Person\",\"Organization\"],\"@id\":\"https:\\\/\\\/idnu.ch\\\/wordpress\\\/#\\\/schema\\\/person\\\/1ab8c5de743be7b019272124c19ad351\",\"name\":\"Urs Kyburz\",\"image\":{\"@type\":\"ImageObject\",\"inLanguage\":\"de\",\"@id\":\"https:\\\/\\\/i0.wp.com\\\/idnu.ch\\\/wordpress\\\/wp-content\\\/uploads\\\/2016\\\/02\\\/logo_150x165.gif?fit=3151%2C3456&ssl=1\",\"url\":\"https:\\\/\\\/i0.wp.com\\\/idnu.ch\\\/wordpress\\\/wp-content\\\/uploads\\\/2016\\\/02\\\/logo_150x165.gif?fit=3151%2C3456&ssl=1\",\"contentUrl\":\"https:\\\/\\\/i0.wp.com\\\/idnu.ch\\\/wordpress\\\/wp-content\\\/uploads\\\/2016\\\/02\\\/logo_150x165.gif?fit=3151%2C3456&ssl=1\",\"width\":3151,\"height\":3456,\"caption\":\"Urs Kyburz\"},\"logo\":{\"@id\":\"https:\\\/\\\/i0.wp.com\\\/idnu.ch\\\/wordpress\\\/wp-content\\\/uploads\\\/2016\\\/02\\\/logo_150x165.gif?fit=3151%2C3456&ssl=1\"}}]}<\/script>\n<!-- \/ Yoast SEO plugin. -->","yoast_head_json":{"title":"Zum gr\u00f6ssten Aargauer See - In der Natur unterwegs","description":"Wir wandern zum gr\u00f6ssten Aargauer See, der vollst\u00e4ndig im Kanton liegt, dem Egelsee bei Spreitenbach, und zum Hasenbergturm.","robots":{"index":"index","follow":"follow","max-snippet":"max-snippet:-1","max-image-preview":"max-image-preview:large","max-video-preview":"max-video-preview:-1"},"canonical":"https:\/\/idnu.ch\/wordpress\/zum-groessten-aargauer-see\/","og_locale":"de_DE","og_type":"article","og_title":"Zum gr\u00f6ssten Aargauer See - In der Natur unterwegs","og_description":"Wir wandern zum gr\u00f6ssten Aargauer See, der vollst\u00e4ndig im Kanton liegt, dem Egelsee bei Spreitenbach, und zum Hasenbergturm.","og_url":"https:\/\/idnu.ch\/wordpress\/zum-groessten-aargauer-see\/","og_site_name":"In der Natur unterwegs","article_published_time":"2022-12-24T10:21:22+00:00","article_modified_time":"2025-08-24T14:59:06+00:00","og_image":[{"width":1240,"height":827,"url":"https:\/\/idnu.ch\/wordpress\/wp-content\/uploads\/2022\/12\/egelsee-20221101-44.jpg","type":"image\/jpeg"}],"author":"Urs Kyburz","twitter_card":"summary_large_image","twitter_creator":"@idnu_ch","twitter_site":"@idnu_ch","twitter_misc":{"Verfasst von":"Urs Kyburz","Gesch\u00e4tzte Lesezeit":"4\u00a0Minuten"},"schema":{"@context":"https:\/\/schema.org","@graph":[{"@type":"Article","@id":"https:\/\/idnu.ch\/wordpress\/zum-groessten-aargauer-see\/#article","isPartOf":{"@id":"https:\/\/idnu.ch\/wordpress\/zum-groessten-aargauer-see\/"},"author":{"name":"Urs Kyburz","@id":"https:\/\/idnu.ch\/wordpress\/#\/schema\/person\/1ab8c5de743be7b019272124c19ad351"},"headline":"Zum gr\u00f6ssten Aargauer See","datePublished":"2022-12-24T10:21:22+00:00","dateModified":"2025-08-24T14:59:06+00:00","mainEntityOfPage":{"@id":"https:\/\/idnu.ch\/wordpress\/zum-groessten-aargauer-see\/"},"wordCount":718,"commentCount":0,"publisher":{"@id":"https:\/\/idnu.ch\/wordpress\/#\/schema\/person\/1ab8c5de743be7b019272124c19ad351"},"image":{"@id":"https:\/\/idnu.ch\/wordpress\/zum-groessten-aargauer-see\/#primaryimage"},"thumbnailUrl":"https:\/\/i0.wp.com\/idnu.ch\/wordpress\/wp-content\/uploads\/2022\/12\/egelsee-20221101-44.jpg?fit=1240%2C827&ssl=1","keywords":["Bremgarten","Egelsee","Fr\u00fchling","Guggeh\u00fcrlistein","Hasenbergturm","Herbst","Herbstwandern","Herbstwanderung","Mutschellen","Sagen","See"],"articleSection":["Aargau","Aargau Region","Wandern"],"inLanguage":"de","potentialAction":[{"@type":"CommentAction","name":"Comment","target":["https:\/\/idnu.ch\/wordpress\/zum-groessten-aargauer-see\/#respond"]}]},{"@type":"WebPage","@id":"https:\/\/idnu.ch\/wordpress\/zum-groessten-aargauer-see\/","url":"https:\/\/idnu.ch\/wordpress\/zum-groessten-aargauer-see\/","name":"Zum gr\u00f6ssten Aargauer See - In der Natur unterwegs","isPartOf":{"@id":"https:\/\/idnu.ch\/wordpress\/#website"},"primaryImageOfPage":{"@id":"https:\/\/idnu.ch\/wordpress\/zum-groessten-aargauer-see\/#primaryimage"},"image":{"@id":"https:\/\/idnu.ch\/wordpress\/zum-groessten-aargauer-see\/#primaryimage"},"thumbnailUrl":"https:\/\/i0.wp.com\/idnu.ch\/wordpress\/wp-content\/uploads\/2022\/12\/egelsee-20221101-44.jpg?fit=1240%2C827&ssl=1","datePublished":"2022-12-24T10:21:22+00:00","dateModified":"2025-08-24T14:59:06+00:00","description":"Wir wandern zum gr\u00f6ssten Aargauer See, der vollst\u00e4ndig im Kanton liegt, dem Egelsee bei Spreitenbach, und zum Hasenbergturm.","breadcrumb":{"@id":"https:\/\/idnu.ch\/wordpress\/zum-groessten-aargauer-see\/#breadcrumb"},"inLanguage":"de","potentialAction":[{"@type":"ReadAction","target":["https:\/\/idnu.ch\/wordpress\/zum-groessten-aargauer-see\/"]}]},{"@type":"ImageObject","inLanguage":"de","@id":"https:\/\/idnu.ch\/wordpress\/zum-groessten-aargauer-see\/#primaryimage","url":"https:\/\/i0.wp.com\/idnu.ch\/wordpress\/wp-content\/uploads\/2022\/12\/egelsee-20221101-44.jpg?fit=1240%2C827&ssl=1","contentUrl":"https:\/\/i0.wp.com\/idnu.ch\/wordpress\/wp-content\/uploads\/2022\/12\/egelsee-20221101-44.jpg?fit=1240%2C827&ssl=1","width":1240,"height":827},{"@type":"BreadcrumbList","@id":"https:\/\/idnu.ch\/wordpress\/zum-groessten-aargauer-see\/#breadcrumb","itemListElement":[{"@type":"ListItem","position":1,"name":"Startseite","item":"https:\/\/idnu.ch\/wordpress\/"},{"@type":"ListItem","position":2,"name":"Zum gr\u00f6ssten Aargauer See"}]},{"@type":"WebSite","@id":"https:\/\/idnu.ch\/wordpress\/#website","url":"https:\/\/idnu.ch\/wordpress\/","name":"In der Natur unterwegs","description":"Dort, wo es am sch\u00f6nsten ist","publisher":{"@id":"https:\/\/idnu.ch\/wordpress\/#\/schema\/person\/1ab8c5de743be7b019272124c19ad351"},"potentialAction":[{"@type":"SearchAction","target":{"@type":"EntryPoint","urlTemplate":"https:\/\/idnu.ch\/wordpress\/?s={search_term_string}"},"query-input":{"@type":"PropertyValueSpecification","valueRequired":true,"valueName":"search_term_string"}}],"inLanguage":"de"},{"@type":["Person","Organization"],"@id":"https:\/\/idnu.ch\/wordpress\/#\/schema\/person\/1ab8c5de743be7b019272124c19ad351","name":"Urs Kyburz","image":{"@type":"ImageObject","inLanguage":"de","@id":"https:\/\/i0.wp.com\/idnu.ch\/wordpress\/wp-content\/uploads\/2016\/02\/logo_150x165.gif?fit=3151%2C3456&ssl=1","url":"https:\/\/i0.wp.com\/idnu.ch\/wordpress\/wp-content\/uploads\/2016\/02\/logo_150x165.gif?fit=3151%2C3456&ssl=1","contentUrl":"https:\/\/i0.wp.com\/idnu.ch\/wordpress\/wp-content\/uploads\/2016\/02\/logo_150x165.gif?fit=3151%2C3456&ssl=1","width":3151,"height":3456,"caption":"Urs Kyburz"},"logo":{"@id":"https:\/\/i0.wp.com\/idnu.ch\/wordpress\/wp-content\/uploads\/2016\/02\/logo_150x165.gif?fit=3151%2C3456&ssl=1"}}]}},"jetpack_publicize_connections":[],"jetpack_featured_media_url":"https:\/\/i0.wp.com\/idnu.ch\/wordpress\/wp-content\/uploads\/2022\/12\/egelsee-20221101-44.jpg?fit=1240%2C827&ssl=1","jetpack_sharing_enabled":true,"jetpack_shortlink":"https:\/\/wp.me\/p6MmGG-5NI","jetpack-related-posts":[{"id":11191,"url":"https:\/\/idnu.ch\/wordpress\/im-herbstwald-zum-strohdachhaus\/","url_meta":{"origin":22302,"position":0},"title":"Im Herbstwald zum Strohdachhaus","author":"Urs Kyburz","date":"20. November 2018","format":false,"excerpt":"Auch wenn man glaubt, die eigene Gegend gut zu kennen, entdeckt man immer wieder faszinierende Facetten, wie zum Beispiel auf dieser Wanderung zum Leimbacher Strohdachhaus, die eher ein Spaziergang ist, aber im Herbstwald trotzdem wundersch\u00f6n. Nach der Bergtour auf den Fluebrig gestern wollen wie heute kleinere Br\u00f6tchen backen und starten\u2026","rel":"","context":"In &quot;Aargau&quot;","block_context":{"text":"Aargau","link":"https:\/\/idnu.ch\/wordpress\/category\/kanton\/aargau\/"},"img":{"alt_text":"Bei den Sandsteinfelsen","src":"https:\/\/i0.wp.com\/idnu.ch\/wordpress\/wp-content\/uploads\/2018\/11\/strohdachhaus-20181118-2.jpg?fit=1200%2C800&ssl=1&resize=350%2C200","width":350,"height":200,"srcset":"https:\/\/i0.wp.com\/idnu.ch\/wordpress\/wp-content\/uploads\/2018\/11\/strohdachhaus-20181118-2.jpg?fit=1200%2C800&ssl=1&resize=350%2C200 1x, https:\/\/i0.wp.com\/idnu.ch\/wordpress\/wp-content\/uploads\/2018\/11\/strohdachhaus-20181118-2.jpg?fit=1200%2C800&ssl=1&resize=525%2C300 1.5x, https:\/\/i0.wp.com\/idnu.ch\/wordpress\/wp-content\/uploads\/2018\/11\/strohdachhaus-20181118-2.jpg?fit=1200%2C800&ssl=1&resize=700%2C400 2x, https:\/\/i0.wp.com\/idnu.ch\/wordpress\/wp-content\/uploads\/2018\/11\/strohdachhaus-20181118-2.jpg?fit=1200%2C800&ssl=1&resize=1050%2C600 3x"},"classes":[]},{"id":128,"url":"https:\/\/idnu.ch\/wordpress\/herbstwandern-ueber-dem-nebel\/","url_meta":{"origin":22302,"position":1},"title":"Herbstwandern \u00fcber dem Nebel","author":"Urs Kyburz","date":"8. November 2014","format":false,"excerpt":"Ein prachtvolles Wochenende war angek\u00fcndigt, wir mussten raus. Ich hatte eine weitere Etappe des Jura-H\u00f6henweges im Sinn: Von der Salh\u00f6he oberhalb Aarau \u00fcber die Geissflue nach Hauenstein, eine Wanderung \u00fcber die erste Jurakette. Dies ist die dritte Etappe nach Staffelegg - Wasserflue - Salh\u00f6he und Staffelegg - Linner Linde -\u2026","rel":"","context":"In &quot;Aargau&quot;","block_context":{"text":"Aargau","link":"https:\/\/idnu.ch\/wordpress\/category\/kanton\/aargau\/"},"img":{"alt_text":"Wandern im Herbst","src":"https:\/\/i0.wp.com\/idnu.ch\/wordpress\/wp-content\/uploads\/2014\/11\/geissflue_0018.jpg?fit=1024%2C683&ssl=1&resize=350%2C200","width":350,"height":200,"srcset":"https:\/\/i0.wp.com\/idnu.ch\/wordpress\/wp-content\/uploads\/2014\/11\/geissflue_0018.jpg?fit=1024%2C683&ssl=1&resize=350%2C200 1x, https:\/\/i0.wp.com\/idnu.ch\/wordpress\/wp-content\/uploads\/2014\/11\/geissflue_0018.jpg?fit=1024%2C683&ssl=1&resize=525%2C300 1.5x, https:\/\/i0.wp.com\/idnu.ch\/wordpress\/wp-content\/uploads\/2014\/11\/geissflue_0018.jpg?fit=1024%2C683&ssl=1&resize=700%2C400 2x"},"classes":[]},{"id":126,"url":"https:\/\/idnu.ch\/wordpress\/auf-die-aargauer-rigi\/","url_meta":{"origin":22302,"position":2},"title":"Auf die Aargauer Rigi","author":"Urs Kyburz","date":"16. November 2014","format":false,"excerpt":"Schon \u00f6fters habe ich den Homberg erw\u00e4hnt. Den Homberg am Hallwilersee, es gibt ja so viele in der Schweiz. Schweiz Mobil listet alleine f\u00fcr den Aargau zehn Flurbezeichnungen auf. Was macht aber diesen so besonders (zumindest f\u00fcr mich)? Der Homberg wird auch die \"Aargauer Rigi\" genannt. was schon ziemlich hohe\u2026","rel":"","context":"In &quot;Aargau&quot;","block_context":{"text":"Aargau","link":"https:\/\/idnu.ch\/wordpress\/category\/kanton\/aargau\/"},"img":{"alt_text":"Hombergturm","src":"https:\/\/i0.wp.com\/idnu.ch\/wordpress\/wp-content\/uploads\/2014\/11\/homberg_0011.jpg?fit=1024%2C683&ssl=1&resize=350%2C200","width":350,"height":200,"srcset":"https:\/\/i0.wp.com\/idnu.ch\/wordpress\/wp-content\/uploads\/2014\/11\/homberg_0011.jpg?fit=1024%2C683&ssl=1&resize=350%2C200 1x, https:\/\/i0.wp.com\/idnu.ch\/wordpress\/wp-content\/uploads\/2014\/11\/homberg_0011.jpg?fit=1024%2C683&ssl=1&resize=525%2C300 1.5x, https:\/\/i0.wp.com\/idnu.ch\/wordpress\/wp-content\/uploads\/2014\/11\/homberg_0011.jpg?fit=1024%2C683&ssl=1&resize=700%2C400 2x"},"classes":[]},{"id":12056,"url":"https:\/\/idnu.ch\/wordpress\/13-fruehlingswanderungen-im-mittelland-und-jura\/","url_meta":{"origin":22302,"position":3},"title":"13 Fr\u00fchlingswanderungen im Mittelland und Jura","author":"Urs Kyburz","date":"9. M\u00e4rz 2019","format":false,"excerpt":"Fr\u00fchling, da zieht es die meisten wieder nach draussen. Erleben, wie die Natur erwacht. Da juckt es einen in den Beinen und m\u00f6chte eine Wanderung unternehmen. In der H\u00f6he liegt aber immer noch Schnee. Wo also wandern? Ich habe f\u00fcr euch 13 Wanderungen herausgesucht, die jetzt schon machbar sind im\u2026","rel":"","context":"In &quot;Wandern&quot;","block_context":{"text":"Wandern","link":"https:\/\/idnu.ch\/wordpress\/category\/wandern\/"},"img":{"alt_text":"Bei Erlenbach","src":"https:\/\/i0.wp.com\/idnu.ch\/wordpress\/wp-content\/uploads\/2018\/04\/drumlin_sac-20180429-129.jpg?fit=1200%2C800&ssl=1&resize=350%2C200","width":350,"height":200,"srcset":"https:\/\/i0.wp.com\/idnu.ch\/wordpress\/wp-content\/uploads\/2018\/04\/drumlin_sac-20180429-129.jpg?fit=1200%2C800&ssl=1&resize=350%2C200 1x, https:\/\/i0.wp.com\/idnu.ch\/wordpress\/wp-content\/uploads\/2018\/04\/drumlin_sac-20180429-129.jpg?fit=1200%2C800&ssl=1&resize=525%2C300 1.5x, https:\/\/i0.wp.com\/idnu.ch\/wordpress\/wp-content\/uploads\/2018\/04\/drumlin_sac-20180429-129.jpg?fit=1200%2C800&ssl=1&resize=700%2C400 2x, https:\/\/i0.wp.com\/idnu.ch\/wordpress\/wp-content\/uploads\/2018\/04\/drumlin_sac-20180429-129.jpg?fit=1200%2C800&ssl=1&resize=1050%2C600 3x"},"classes":[]},{"id":127,"url":"https:\/\/idnu.ch\/wordpress\/herbstwaldnebelwandern\/","url_meta":{"origin":22302,"position":4},"title":"Herbstwaldnebelwandern","author":"Urs Kyburz","date":"9. November 2014","format":false,"excerpt":"In der Zeitung lasen wir etwas \u00fcber einen neuen Steg in einem Naturschutzgebiet am Hallwilersee. So war das Programm klar f\u00fcr diesen Sonntag: Wanderung an den Hallwilersee, der um diese Jahreszeit viel beschaulicher ist als im Sommer. Und die W\u00e4lder waren jetzt sch\u00f6ner als je zuvor. \u00a0 Als wir an\u2026","rel":"","context":"In &quot;Aargau&quot;","block_context":{"text":"Aargau","link":"https:\/\/idnu.ch\/wordpress\/category\/kanton\/aargau\/"},"img":{"alt_text":"Indian Summer am Hallwilersee","src":"https:\/\/i0.wp.com\/idnu.ch\/wordpress\/wp-content\/uploads\/2014\/11\/hallwilersee_0023.jpg?fit=1024%2C683&ssl=1&resize=350%2C200","width":350,"height":200,"srcset":"https:\/\/i0.wp.com\/idnu.ch\/wordpress\/wp-content\/uploads\/2014\/11\/hallwilersee_0023.jpg?fit=1024%2C683&ssl=1&resize=350%2C200 1x, https:\/\/i0.wp.com\/idnu.ch\/wordpress\/wp-content\/uploads\/2014\/11\/hallwilersee_0023.jpg?fit=1024%2C683&ssl=1&resize=525%2C300 1.5x, https:\/\/i0.wp.com\/idnu.ch\/wordpress\/wp-content\/uploads\/2014\/11\/hallwilersee_0023.jpg?fit=1024%2C683&ssl=1&resize=700%2C400 2x"},"classes":[]},{"id":8754,"url":"https:\/\/idnu.ch\/wordpress\/auf-dem-jura-hoehenweg\/","url_meta":{"origin":22302,"position":5},"title":"Auf dem Jura-H\u00f6henweg","author":"Urs Kyburz","date":"6. November 2017","format":false,"excerpt":"Der Jura-H\u00f6henweg ist eine nationale Wanderroute und f\u00fchrt von Dielsdorf bis nach Nyon an den Genfersee (waren wir da nicht schon mal?) \u00fcber den kleinen Bruder der Alpen, den Jura. Weniger wild, weniger hoch, aber nicht weniger sch\u00f6n wandern wir \u00fcber bewaldete und kahle H\u00fcgelz\u00fcge, \u00fcber Weiden und durch D\u00f6rfer.\u2026","rel":"","context":"In &quot;Aargau&quot;","block_context":{"text":"Aargau","link":"https:\/\/idnu.ch\/wordpress\/category\/kanton\/aargau\/"},"img":{"alt_text":"","src":"https:\/\/i0.wp.com\/idnu.ch\/wordpress\/wp-content\/uploads\/2016\/10\/roggen-48.jpg?fit=1200%2C800&ssl=1&resize=350%2C200","width":350,"height":200,"srcset":"https:\/\/i0.wp.com\/idnu.ch\/wordpress\/wp-content\/uploads\/2016\/10\/roggen-48.jpg?fit=1200%2C800&ssl=1&resize=350%2C200 1x, https:\/\/i0.wp.com\/idnu.ch\/wordpress\/wp-content\/uploads\/2016\/10\/roggen-48.jpg?fit=1200%2C800&ssl=1&resize=525%2C300 1.5x, https:\/\/i0.wp.com\/idnu.ch\/wordpress\/wp-content\/uploads\/2016\/10\/roggen-48.jpg?fit=1200%2C800&ssl=1&resize=700%2C400 2x, https:\/\/i0.wp.com\/idnu.ch\/wordpress\/wp-content\/uploads\/2016\/10\/roggen-48.jpg?fit=1200%2C800&ssl=1&resize=1050%2C600 3x"},"classes":[]}],"jetpack_likes_enabled":true,"_links":{"self":[{"href":"https:\/\/idnu.ch\/wordpress\/wp-json\/wp\/v2\/posts\/22302","targetHints":{"allow":["GET"]}}],"collection":[{"href":"https:\/\/idnu.ch\/wordpress\/wp-json\/wp\/v2\/posts"}],"about":[{"href":"https:\/\/idnu.ch\/wordpress\/wp-json\/wp\/v2\/types\/post"}],"author":[{"embeddable":true,"href":"https:\/\/idnu.ch\/wordpress\/wp-json\/wp\/v2\/users\/2"}],"replies":[{"embeddable":true,"href":"https:\/\/idnu.ch\/wordpress\/wp-json\/wp\/v2\/comments?post=22302"}],"version-history":[{"count":10,"href":"https:\/\/idnu.ch\/wordpress\/wp-json\/wp\/v2\/posts\/22302\/revisions"}],"predecessor-version":[{"id":22492,"href":"https:\/\/idnu.ch\/wordpress\/wp-json\/wp\/v2\/posts\/22302\/revisions\/22492"}],"wp:featuredmedia":[{"embeddable":true,"href":"https:\/\/idnu.ch\/wordpress\/wp-json\/wp\/v2\/media\/22434"}],"wp:attachment":[{"href":"https:\/\/idnu.ch\/wordpress\/wp-json\/wp\/v2\/media?parent=22302"}],"wp:term":[{"taxonomy":"category","embeddable":true,"href":"https:\/\/idnu.ch\/wordpress\/wp-json\/wp\/v2\/categories?post=22302"},{"taxonomy":"post_tag","embeddable":true,"href":"https:\/\/idnu.ch\/wordpress\/wp-json\/wp\/v2\/tags?post=22302"}],"curies":[{"name":"wp","href":"https:\/\/api.w.org\/{rel}","templated":true}]}}