{"id":23925,"date":"2023-09-15T19:33:22","date_gmt":"2023-09-15T17:33:22","guid":{"rendered":"https:\/\/idnu.ch\/wordpress\/?p=23925"},"modified":"2023-09-15T19:33:22","modified_gmt":"2023-09-15T17:33:22","slug":"durch-den-hoechstgelegenen-arvenwald-europas","status":"publish","type":"post","link":"https:\/\/idnu.ch\/wordpress\/durch-den-hoechstgelegenen-arvenwald-europas\/","title":{"rendered":"Durch den h\u00f6chstgelegenen Arvenwald Europas"},"content":{"rendered":"<p><strong>Um durch den h\u00f6chstgelegenen Arvenwald Europas zu wandern, stiegen wir von Tschierv zum Pass da Costainas auf und landeten schlussendlich in S-charl. Eine lange und ausnehmend sch\u00f6ne Wanderung, die man gemacht haben sollte als Graub\u00fcnden-Fan.<\/strong><\/p>\n<figure id=\"attachment_23972\" aria-describedby=\"caption-attachment-23972\" style=\"width: 1240px\" class=\"wp-caption alignnone\"><a href=\"https:\/\/i0.wp.com\/idnu.ch\/wordpress\/wp-content\/uploads\/2023\/09\/val_muestair-20230717-980-Bearbeitet.jpg?ssl=1\"><img data-recalc-dims=\"1\" loading=\"lazy\" decoding=\"async\" data-attachment-id=\"23972\" data-permalink=\"https:\/\/idnu.ch\/wordpress\/durch-den-hoechstgelegenen-arvenwald-europas\/val_muestair-20230717-980-bearbeitet\/#main\" data-orig-file=\"https:\/\/i0.wp.com\/idnu.ch\/wordpress\/wp-content\/uploads\/2023\/09\/val_muestair-20230717-980-Bearbeitet.jpg?fit=1240%2C827&amp;ssl=1\" data-orig-size=\"1240,827\" data-comments-opened=\"1\" data-image-meta=\"{&quot;aperture&quot;:&quot;0&quot;,&quot;credit&quot;:&quot;&quot;,&quot;camera&quot;:&quot;&quot;,&quot;caption&quot;:&quot;&quot;,&quot;created_timestamp&quot;:&quot;0&quot;,&quot;copyright&quot;:&quot;Copyright Urs Kyburz (2019)&quot;,&quot;focal_length&quot;:&quot;0&quot;,&quot;iso&quot;:&quot;0&quot;,&quot;shutter_speed&quot;:&quot;0&quot;,&quot;title&quot;:&quot;&quot;,&quot;orientation&quot;:&quot;0&quot;}\" data-image-title=\"Auf dem Pass da Costainas\" data-image-description=\"\" data-image-caption=\"&lt;p&gt;Auf dem Pass da Costainas&lt;\/p&gt;\n\" data-large-file=\"https:\/\/i0.wp.com\/idnu.ch\/wordpress\/wp-content\/uploads\/2023\/09\/val_muestair-20230717-980-Bearbeitet.jpg?fit=750%2C500&amp;ssl=1\" class=\"size-full wp-image-23972\" src=\"https:\/\/i0.wp.com\/idnu.ch\/wordpress\/wp-content\/uploads\/2023\/09\/val_muestair-20230717-980-Bearbeitet.jpg?resize=750%2C500&#038;ssl=1\" alt=\"\" width=\"750\" height=\"500\" srcset=\"https:\/\/i0.wp.com\/idnu.ch\/wordpress\/wp-content\/uploads\/2023\/09\/val_muestair-20230717-980-Bearbeitet.jpg?w=1240&amp;ssl=1 1240w, https:\/\/i0.wp.com\/idnu.ch\/wordpress\/wp-content\/uploads\/2023\/09\/val_muestair-20230717-980-Bearbeitet.jpg?resize=300%2C200&amp;ssl=1 300w, https:\/\/i0.wp.com\/idnu.ch\/wordpress\/wp-content\/uploads\/2023\/09\/val_muestair-20230717-980-Bearbeitet.jpg?resize=1024%2C683&amp;ssl=1 1024w, https:\/\/i0.wp.com\/idnu.ch\/wordpress\/wp-content\/uploads\/2023\/09\/val_muestair-20230717-980-Bearbeitet.jpg?resize=768%2C512&amp;ssl=1 768w, https:\/\/i0.wp.com\/idnu.ch\/wordpress\/wp-content\/uploads\/2023\/09\/val_muestair-20230717-980-Bearbeitet.jpg?resize=150%2C100&amp;ssl=1 150w\" sizes=\"auto, (max-width: 750px) 100vw, 750px\" \/><\/a><figcaption id=\"caption-attachment-23972\" class=\"wp-caption-text\">Auf dem Pass da Costainas<\/figcaption><\/figure>\n<h2>Im Schatten hoch<\/h2>\n<p>Wieder starten wir um sechs Uhr wie auf den <a href=\"https:\/\/idnu.ch\/wordpress\/die-dora-die-keine-ist\/\">Piz Dora<\/a>, denn es ist wieder ein heisser Tag angesagt. Im Schatten steigen wir durch den Wald hinter Tschierv hoch. Es ist noch ganz ruhig, wir geniessen die K\u00fchle. Auf der Alp Champatsch erreichen uns die ersten Sonnenstrahlen. Nicht jedoch das Murmeltier, das just neben dem\u00a0 Weg aus seiner H\u00f6hle kriechen will, als es uns sieht und wieder verschwindet. Zu gross ist aber die Neugier, es steckt seine Schnauze wieder hervor, nur zwei Meter neben uns. Wir verhalten uns ganz still, es kriecht noch etwas weiter hervor. Eine kleine Bewegung von uns, schon ist es wieder verschwunden. Wir gehen weiter, schliesslich wollen wir es nicht stressen.<\/p>\n<div class=\"tiled-gallery type-rectangular tiled-gallery-unresized\" data-original-width=\"750\" data-carousel-extra='{&quot;blog_id&quot;:1,&quot;permalink&quot;:&quot;https:\\\/\\\/idnu.ch\\\/wordpress\\\/durch-den-hoechstgelegenen-arvenwald-europas\\\/&quot;,&quot;likes_blog_id&quot;:100184974}' itemscope itemtype=\"http:\/\/schema.org\/ImageGallery\" > <div class=\"gallery-row\" style=\"width: 750px; height: 335px;\" data-original-width=\"750\" data-original-height=\"335\" > <div class=\"gallery-group images-1\" style=\"width: 501px; height: 335px;\" data-original-width=\"501\" data-original-height=\"335\" > <div class=\"tiled-gallery-item tiled-gallery-item-large\" itemprop=\"associatedMedia\" itemscope itemtype=\"http:\/\/schema.org\/ImageObject\"> <a href=\"https:\/\/idnu.ch\/wordpress\/durch-den-hoechstgelegenen-arvenwald-europas\/val_muestair-20230717-948\/#main\" border=\"0\" itemprop=\"url\"> <meta itemprop=\"width\" content=\"497\"> <meta itemprop=\"height\" content=\"331\"> <img decoding=\"async\" class=\"\" data-attachment-id=\"23973\" data-orig-file=\"https:\/\/idnu.ch\/wordpress\/wp-content\/uploads\/2023\/09\/val_muestair-20230717-948.jpg\" data-orig-size=\"1240,827\" data-comments-opened=\"1\" data-image-meta=\"{&quot;aperture&quot;:&quot;0&quot;,&quot;credit&quot;:&quot;&quot;,&quot;camera&quot;:&quot;&quot;,&quot;caption&quot;:&quot;&quot;,&quot;created_timestamp&quot;:&quot;0&quot;,&quot;copyright&quot;:&quot;Copyright Urs Kyburz (2019)&quot;,&quot;focal_length&quot;:&quot;0&quot;,&quot;iso&quot;:&quot;0&quot;,&quot;shutter_speed&quot;:&quot;0&quot;,&quot;title&quot;:&quot;&quot;,&quot;orientation&quot;:&quot;0&quot;}\" data-image-title=\"Murmeltier gleich neben dem Weg\" data-image-description=\"\" data-medium-file=\"https:\/\/i0.wp.com\/idnu.ch\/wordpress\/wp-content\/uploads\/2023\/09\/val_muestair-20230717-948.jpg?fit=300%2C200&#038;ssl=1\" data-large-file=\"https:\/\/i0.wp.com\/idnu.ch\/wordpress\/wp-content\/uploads\/2023\/09\/val_muestair-20230717-948.jpg?fit=750%2C500&#038;ssl=1\" src=\"https:\/\/i0.wp.com\/idnu.ch\/wordpress\/wp-content\/uploads\/2023\/09\/val_muestair-20230717-948.jpg?w=497&#038;h=331&#038;ssl=1\" srcset=\"https:\/\/i0.wp.com\/idnu.ch\/wordpress\/wp-content\/uploads\/2023\/09\/val_muestair-20230717-948.jpg?w=1240&amp;ssl=1 1240w, https:\/\/i0.wp.com\/idnu.ch\/wordpress\/wp-content\/uploads\/2023\/09\/val_muestair-20230717-948.jpg?resize=300%2C200&amp;ssl=1 300w, https:\/\/i0.wp.com\/idnu.ch\/wordpress\/wp-content\/uploads\/2023\/09\/val_muestair-20230717-948.jpg?resize=1024%2C683&amp;ssl=1 1024w, https:\/\/i0.wp.com\/idnu.ch\/wordpress\/wp-content\/uploads\/2023\/09\/val_muestair-20230717-948.jpg?resize=768%2C512&amp;ssl=1 768w, https:\/\/i0.wp.com\/idnu.ch\/wordpress\/wp-content\/uploads\/2023\/09\/val_muestair-20230717-948.jpg?resize=150%2C100&amp;ssl=1 150w\" width=\"497\" height=\"331\" loading=\"lazy\" data-original-width=\"497\" data-original-height=\"331\" itemprop=\"http:\/\/schema.org\/image\" title=\"Murmeltier gleich neben dem Weg\" alt=\"Murmeltier gleich neben dem Weg\" style=\"width: 497px; height: 331px;\" \/> <\/a> <div class=\"tiled-gallery-caption\" itemprop=\"caption description\"> Murmeltier gleich neben dem Weg <\/div> <\/div> <\/div> <!-- close group --> <div class=\"gallery-group images-2\" style=\"width: 249px; height: 335px;\" data-original-width=\"249\" data-original-height=\"335\" > <div class=\"tiled-gallery-item tiled-gallery-item-small\" itemprop=\"associatedMedia\" itemscope itemtype=\"http:\/\/schema.org\/ImageObject\"> <a href=\"https:\/\/idnu.ch\/wordpress\/durch-den-hoechstgelegenen-arvenwald-europas\/val_muestair-20230717-952\/#main\" border=\"0\" itemprop=\"url\"> <meta itemprop=\"width\" content=\"245\"> <meta itemprop=\"height\" content=\"164\"> <img decoding=\"async\" class=\"\" data-attachment-id=\"23974\" data-orig-file=\"https:\/\/idnu.ch\/wordpress\/wp-content\/uploads\/2023\/09\/val_muestair-20230717-952.jpg\" data-orig-size=\"1240,827\" data-comments-opened=\"1\" data-image-meta=\"{&quot;aperture&quot;:&quot;0&quot;,&quot;credit&quot;:&quot;&quot;,&quot;camera&quot;:&quot;&quot;,&quot;caption&quot;:&quot;&quot;,&quot;created_timestamp&quot;:&quot;0&quot;,&quot;copyright&quot;:&quot;Copyright Urs Kyburz (2019)&quot;,&quot;focal_length&quot;:&quot;0&quot;,&quot;iso&quot;:&quot;0&quot;,&quot;shutter_speed&quot;:&quot;0&quot;,&quot;title&quot;:&quot;&quot;,&quot;orientation&quot;:&quot;0&quot;}\" data-image-title=\"Die ersten Sonnenstrahlen erreichen uns\" data-image-description=\"\" data-medium-file=\"https:\/\/i0.wp.com\/idnu.ch\/wordpress\/wp-content\/uploads\/2023\/09\/val_muestair-20230717-952.jpg?fit=300%2C200&#038;ssl=1\" data-large-file=\"https:\/\/i0.wp.com\/idnu.ch\/wordpress\/wp-content\/uploads\/2023\/09\/val_muestair-20230717-952.jpg?fit=750%2C500&#038;ssl=1\" src=\"https:\/\/i0.wp.com\/idnu.ch\/wordpress\/wp-content\/uploads\/2023\/09\/val_muestair-20230717-952.jpg?w=245&#038;h=164&#038;ssl=1\" srcset=\"https:\/\/i0.wp.com\/idnu.ch\/wordpress\/wp-content\/uploads\/2023\/09\/val_muestair-20230717-952.jpg?w=1240&amp;ssl=1 1240w, https:\/\/i0.wp.com\/idnu.ch\/wordpress\/wp-content\/uploads\/2023\/09\/val_muestair-20230717-952.jpg?resize=300%2C200&amp;ssl=1 300w, https:\/\/i0.wp.com\/idnu.ch\/wordpress\/wp-content\/uploads\/2023\/09\/val_muestair-20230717-952.jpg?resize=1024%2C683&amp;ssl=1 1024w, https:\/\/i0.wp.com\/idnu.ch\/wordpress\/wp-content\/uploads\/2023\/09\/val_muestair-20230717-952.jpg?resize=768%2C512&amp;ssl=1 768w, https:\/\/i0.wp.com\/idnu.ch\/wordpress\/wp-content\/uploads\/2023\/09\/val_muestair-20230717-952.jpg?resize=150%2C100&amp;ssl=1 150w\" width=\"245\" height=\"164\" loading=\"lazy\" data-original-width=\"245\" data-original-height=\"164\" itemprop=\"http:\/\/schema.org\/image\" title=\"Die ersten Sonnenstrahlen erreichen uns\" alt=\"Die ersten Sonnenstrahlen erreichen uns\" style=\"width: 245px; height: 164px;\" \/> <\/a> <div class=\"tiled-gallery-caption\" itemprop=\"caption description\"> Die ersten Sonnenstrahlen erreichen uns <\/div> <\/div> <div class=\"tiled-gallery-item tiled-gallery-item-small\" itemprop=\"associatedMedia\" itemscope itemtype=\"http:\/\/schema.org\/ImageObject\"> <a href=\"https:\/\/idnu.ch\/wordpress\/durch-den-hoechstgelegenen-arvenwald-europas\/val_muestair-20230717-957\/#main\" border=\"0\" itemprop=\"url\"> <meta itemprop=\"width\" content=\"245\"> <meta itemprop=\"height\" content=\"163\"> <img decoding=\"async\" class=\"\" data-attachment-id=\"23975\" data-orig-file=\"https:\/\/idnu.ch\/wordpress\/wp-content\/uploads\/2023\/09\/val_muestair-20230717-957.jpg\" data-orig-size=\"1240,827\" data-comments-opened=\"1\" data-image-meta=\"{&quot;aperture&quot;:&quot;0&quot;,&quot;credit&quot;:&quot;&quot;,&quot;camera&quot;:&quot;&quot;,&quot;caption&quot;:&quot;&quot;,&quot;created_timestamp&quot;:&quot;0&quot;,&quot;copyright&quot;:&quot;Copyright Urs Kyburz (2019)&quot;,&quot;focal_length&quot;:&quot;0&quot;,&quot;iso&quot;:&quot;0&quot;,&quot;shutter_speed&quot;:&quot;0&quot;,&quot;title&quot;:&quot;&quot;,&quot;orientation&quot;:&quot;0&quot;}\" data-image-title=\"Sie notiert die Vogelarten\" data-image-description=\"\" data-medium-file=\"https:\/\/i0.wp.com\/idnu.ch\/wordpress\/wp-content\/uploads\/2023\/09\/val_muestair-20230717-957.jpg?fit=300%2C200&#038;ssl=1\" data-large-file=\"https:\/\/i0.wp.com\/idnu.ch\/wordpress\/wp-content\/uploads\/2023\/09\/val_muestair-20230717-957.jpg?fit=750%2C500&#038;ssl=1\" src=\"https:\/\/i0.wp.com\/idnu.ch\/wordpress\/wp-content\/uploads\/2023\/09\/val_muestair-20230717-957.jpg?w=245&#038;h=163&#038;ssl=1\" srcset=\"https:\/\/i0.wp.com\/idnu.ch\/wordpress\/wp-content\/uploads\/2023\/09\/val_muestair-20230717-957.jpg?w=1240&amp;ssl=1 1240w, https:\/\/i0.wp.com\/idnu.ch\/wordpress\/wp-content\/uploads\/2023\/09\/val_muestair-20230717-957.jpg?resize=300%2C200&amp;ssl=1 300w, https:\/\/i0.wp.com\/idnu.ch\/wordpress\/wp-content\/uploads\/2023\/09\/val_muestair-20230717-957.jpg?resize=1024%2C683&amp;ssl=1 1024w, https:\/\/i0.wp.com\/idnu.ch\/wordpress\/wp-content\/uploads\/2023\/09\/val_muestair-20230717-957.jpg?resize=768%2C512&amp;ssl=1 768w, https:\/\/i0.wp.com\/idnu.ch\/wordpress\/wp-content\/uploads\/2023\/09\/val_muestair-20230717-957.jpg?resize=150%2C100&amp;ssl=1 150w\" width=\"245\" height=\"163\" loading=\"lazy\" data-original-width=\"245\" data-original-height=\"163\" itemprop=\"http:\/\/schema.org\/image\" title=\"Sie notiert die Vogelarten\" alt=\"Sie notiert die Vogelarten\" style=\"width: 245px; height: 163px;\" \/> <\/a> <div class=\"tiled-gallery-caption\" itemprop=\"caption description\"> Sie notiert die Vogelarten <\/div> <\/div> <\/div> <!-- close group --> <\/div> <!-- close row --> <div class=\"gallery-row\" style=\"width: 750px; height: 502px;\" data-original-width=\"750\" data-original-height=\"502\" > <div class=\"gallery-group images-1\" style=\"width: 750px; height: 502px;\" data-original-width=\"750\" data-original-height=\"502\" > <div class=\"tiled-gallery-item tiled-gallery-item-large\" itemprop=\"associatedMedia\" itemscope itemtype=\"http:\/\/schema.org\/ImageObject\"> <a href=\"https:\/\/idnu.ch\/wordpress\/durch-den-hoechstgelegenen-arvenwald-europas\/val_muestair-20230717-959\/#main\" border=\"0\" itemprop=\"url\"> <meta itemprop=\"width\" content=\"746\"> <meta itemprop=\"height\" content=\"498\"> <img decoding=\"async\" class=\"\" data-attachment-id=\"23976\" data-orig-file=\"https:\/\/idnu.ch\/wordpress\/wp-content\/uploads\/2023\/09\/val_muestair-20230717-959.jpg\" data-orig-size=\"1240,827\" data-comments-opened=\"1\" data-image-meta=\"{&quot;aperture&quot;:&quot;0&quot;,&quot;credit&quot;:&quot;&quot;,&quot;camera&quot;:&quot;&quot;,&quot;caption&quot;:&quot;&quot;,&quot;created_timestamp&quot;:&quot;0&quot;,&quot;copyright&quot;:&quot;Copyright Urs Kyburz (2019)&quot;,&quot;focal_length&quot;:&quot;0&quot;,&quot;iso&quot;:&quot;0&quot;,&quot;shutter_speed&quot;:&quot;0&quot;,&quot;title&quot;:&quot;&quot;,&quot;orientation&quot;:&quot;0&quot;}\" data-image-title=\"Da zwitschert etwas in der L\u00e4rche\" data-image-description=\"\" data-medium-file=\"https:\/\/i0.wp.com\/idnu.ch\/wordpress\/wp-content\/uploads\/2023\/09\/val_muestair-20230717-959.jpg?fit=300%2C200&#038;ssl=1\" data-large-file=\"https:\/\/i0.wp.com\/idnu.ch\/wordpress\/wp-content\/uploads\/2023\/09\/val_muestair-20230717-959.jpg?fit=750%2C500&#038;ssl=1\" src=\"https:\/\/i0.wp.com\/idnu.ch\/wordpress\/wp-content\/uploads\/2023\/09\/val_muestair-20230717-959.jpg?w=746&#038;h=498&#038;ssl=1\" srcset=\"https:\/\/i0.wp.com\/idnu.ch\/wordpress\/wp-content\/uploads\/2023\/09\/val_muestair-20230717-959.jpg?w=1240&amp;ssl=1 1240w, https:\/\/i0.wp.com\/idnu.ch\/wordpress\/wp-content\/uploads\/2023\/09\/val_muestair-20230717-959.jpg?resize=300%2C200&amp;ssl=1 300w, https:\/\/i0.wp.com\/idnu.ch\/wordpress\/wp-content\/uploads\/2023\/09\/val_muestair-20230717-959.jpg?resize=1024%2C683&amp;ssl=1 1024w, https:\/\/i0.wp.com\/idnu.ch\/wordpress\/wp-content\/uploads\/2023\/09\/val_muestair-20230717-959.jpg?resize=768%2C512&amp;ssl=1 768w, https:\/\/i0.wp.com\/idnu.ch\/wordpress\/wp-content\/uploads\/2023\/09\/val_muestair-20230717-959.jpg?resize=150%2C100&amp;ssl=1 150w\" width=\"746\" height=\"498\" loading=\"lazy\" data-original-width=\"746\" data-original-height=\"498\" itemprop=\"http:\/\/schema.org\/image\" title=\"Da zwitschert etwas in der L\u00e4rche\" alt=\"Da zwitschert etwas in der L\u00e4rche\" style=\"width: 746px; height: 498px;\" \/> <\/a> <div class=\"tiled-gallery-caption\" itemprop=\"caption description\"> Da zwitschert etwas in der L\u00e4rche <\/div> <\/div> <\/div> <!-- close group --> <\/div> <!-- close row --> <\/div>\n<p>Wir geniessen weiter die Stille, die nur von den V\u00f6geln unterbrochen wird. Irgendwo ruft ein Gr\u00fcnspecht, ein Buntspecht h\u00e4mmert, Meisen turnen in den \u00c4sten umher. Nun kommt das steilste St\u00fcck Weg, das zum Gl\u00fcck immer noch im Schatten liegt. Bei Serr\u00e0 liegt es hinter uns, wir legen eine Pause, nun an der Sonne, ein. Und dann tauchen sie auf, jene, auf die ich schon lange gehofft habe: Die Zitronenzeisige! Rastlos h\u00fcpfen sie in den niederen F\u00f6hren umher, bevor sie entschwinden.<\/p>\n<div class=\"tiled-gallery type-rectangular tiled-gallery-unresized\" data-original-width=\"750\" data-carousel-extra='{&quot;blog_id&quot;:1,&quot;permalink&quot;:&quot;https:\\\/\\\/idnu.ch\\\/wordpress\\\/durch-den-hoechstgelegenen-arvenwald-europas\\\/&quot;,&quot;likes_blog_id&quot;:100184974}' itemscope itemtype=\"http:\/\/schema.org\/ImageGallery\" > <div class=\"gallery-row\" style=\"width: 750px; height: 335px;\" data-original-width=\"750\" data-original-height=\"335\" > <div class=\"gallery-group images-1\" style=\"width: 501px; height: 335px;\" data-original-width=\"501\" data-original-height=\"335\" > <div class=\"tiled-gallery-item tiled-gallery-item-large\" itemprop=\"associatedMedia\" itemscope itemtype=\"http:\/\/schema.org\/ImageObject\"> <a href=\"https:\/\/idnu.ch\/wordpress\/durch-den-hoechstgelegenen-arvenwald-europas\/val_muestair-20230717-961\/#main\" border=\"0\" itemprop=\"url\"> <meta itemprop=\"width\" content=\"497\"> <meta itemprop=\"height\" content=\"331\"> <img decoding=\"async\" class=\"\" data-attachment-id=\"23977\" data-orig-file=\"https:\/\/idnu.ch\/wordpress\/wp-content\/uploads\/2023\/09\/val_muestair-20230717-961.jpg\" data-orig-size=\"1240,827\" data-comments-opened=\"1\" data-image-meta=\"{&quot;aperture&quot;:&quot;0&quot;,&quot;credit&quot;:&quot;&quot;,&quot;camera&quot;:&quot;&quot;,&quot;caption&quot;:&quot;&quot;,&quot;created_timestamp&quot;:&quot;0&quot;,&quot;copyright&quot;:&quot;Copyright Urs Kyburz (2019)&quot;,&quot;focal_length&quot;:&quot;0&quot;,&quot;iso&quot;:&quot;0&quot;,&quot;shutter_speed&quot;:&quot;0&quot;,&quot;title&quot;:&quot;&quot;,&quot;orientation&quot;:&quot;0&quot;}\" data-image-title=\"Das steilste Wegst\u00fcck\" data-image-description=\"\" data-medium-file=\"https:\/\/i0.wp.com\/idnu.ch\/wordpress\/wp-content\/uploads\/2023\/09\/val_muestair-20230717-961.jpg?fit=300%2C200&#038;ssl=1\" data-large-file=\"https:\/\/i0.wp.com\/idnu.ch\/wordpress\/wp-content\/uploads\/2023\/09\/val_muestair-20230717-961.jpg?fit=750%2C500&#038;ssl=1\" src=\"https:\/\/i0.wp.com\/idnu.ch\/wordpress\/wp-content\/uploads\/2023\/09\/val_muestair-20230717-961.jpg?w=497&#038;h=331&#038;ssl=1\" srcset=\"https:\/\/i0.wp.com\/idnu.ch\/wordpress\/wp-content\/uploads\/2023\/09\/val_muestair-20230717-961.jpg?w=1240&amp;ssl=1 1240w, https:\/\/i0.wp.com\/idnu.ch\/wordpress\/wp-content\/uploads\/2023\/09\/val_muestair-20230717-961.jpg?resize=300%2C200&amp;ssl=1 300w, https:\/\/i0.wp.com\/idnu.ch\/wordpress\/wp-content\/uploads\/2023\/09\/val_muestair-20230717-961.jpg?resize=1024%2C683&amp;ssl=1 1024w, https:\/\/i0.wp.com\/idnu.ch\/wordpress\/wp-content\/uploads\/2023\/09\/val_muestair-20230717-961.jpg?resize=768%2C512&amp;ssl=1 768w, https:\/\/i0.wp.com\/idnu.ch\/wordpress\/wp-content\/uploads\/2023\/09\/val_muestair-20230717-961.jpg?resize=150%2C100&amp;ssl=1 150w\" width=\"497\" height=\"331\" loading=\"lazy\" data-original-width=\"497\" data-original-height=\"331\" itemprop=\"http:\/\/schema.org\/image\" title=\"Das steilste Wegst\u00fcck\" alt=\"Das steilste Wegst\u00fcck\" style=\"width: 497px; height: 331px;\" \/> <\/a> <div class=\"tiled-gallery-caption\" itemprop=\"caption description\"> Das steilste Wegst\u00fcck <\/div> <\/div> <\/div> <!-- close group --> <div class=\"gallery-group images-2\" style=\"width: 249px; height: 335px;\" data-original-width=\"249\" data-original-height=\"335\" > <div class=\"tiled-gallery-item tiled-gallery-item-small\" itemprop=\"associatedMedia\" itemscope itemtype=\"http:\/\/schema.org\/ImageObject\"> <a href=\"https:\/\/idnu.ch\/wordpress\/durch-den-hoechstgelegenen-arvenwald-europas\/val_muestair-20230717-965\/#main\" border=\"0\" itemprop=\"url\"> <meta itemprop=\"width\" content=\"245\"> <meta itemprop=\"height\" content=\"164\"> <img decoding=\"async\" class=\"\" data-attachment-id=\"23978\" data-orig-file=\"https:\/\/idnu.ch\/wordpress\/wp-content\/uploads\/2023\/09\/val_muestair-20230717-965.jpg\" data-orig-size=\"1240,827\" data-comments-opened=\"1\" data-image-meta=\"{&quot;aperture&quot;:&quot;0&quot;,&quot;credit&quot;:&quot;&quot;,&quot;camera&quot;:&quot;&quot;,&quot;caption&quot;:&quot;&quot;,&quot;created_timestamp&quot;:&quot;0&quot;,&quot;copyright&quot;:&quot;Copyright Urs Kyburz (2019)&quot;,&quot;focal_length&quot;:&quot;0&quot;,&quot;iso&quot;:&quot;0&quot;,&quot;shutter_speed&quot;:&quot;0&quot;,&quot;title&quot;:&quot;&quot;,&quot;orientation&quot;:&quot;0&quot;}\" data-image-title=\"Verdiente Pause\" data-image-description=\"\" data-medium-file=\"https:\/\/i0.wp.com\/idnu.ch\/wordpress\/wp-content\/uploads\/2023\/09\/val_muestair-20230717-965.jpg?fit=300%2C200&#038;ssl=1\" data-large-file=\"https:\/\/i0.wp.com\/idnu.ch\/wordpress\/wp-content\/uploads\/2023\/09\/val_muestair-20230717-965.jpg?fit=750%2C500&#038;ssl=1\" src=\"https:\/\/i0.wp.com\/idnu.ch\/wordpress\/wp-content\/uploads\/2023\/09\/val_muestair-20230717-965.jpg?w=245&#038;h=164&#038;ssl=1\" srcset=\"https:\/\/i0.wp.com\/idnu.ch\/wordpress\/wp-content\/uploads\/2023\/09\/val_muestair-20230717-965.jpg?w=1240&amp;ssl=1 1240w, https:\/\/i0.wp.com\/idnu.ch\/wordpress\/wp-content\/uploads\/2023\/09\/val_muestair-20230717-965.jpg?resize=300%2C200&amp;ssl=1 300w, https:\/\/i0.wp.com\/idnu.ch\/wordpress\/wp-content\/uploads\/2023\/09\/val_muestair-20230717-965.jpg?resize=1024%2C683&amp;ssl=1 1024w, https:\/\/i0.wp.com\/idnu.ch\/wordpress\/wp-content\/uploads\/2023\/09\/val_muestair-20230717-965.jpg?resize=768%2C512&amp;ssl=1 768w, https:\/\/i0.wp.com\/idnu.ch\/wordpress\/wp-content\/uploads\/2023\/09\/val_muestair-20230717-965.jpg?resize=150%2C100&amp;ssl=1 150w\" width=\"245\" height=\"164\" loading=\"lazy\" data-original-width=\"245\" data-original-height=\"164\" itemprop=\"http:\/\/schema.org\/image\" title=\"Verdiente Pause\" alt=\"Verdiente Pause\" style=\"width: 245px; height: 164px;\" \/> <\/a> <div class=\"tiled-gallery-caption\" itemprop=\"caption description\"> Verdiente Pause <\/div> <\/div> <div class=\"tiled-gallery-item tiled-gallery-item-small\" itemprop=\"associatedMedia\" itemscope itemtype=\"http:\/\/schema.org\/ImageObject\"> <a href=\"https:\/\/idnu.ch\/wordpress\/durch-den-hoechstgelegenen-arvenwald-europas\/val_muestair-20230717-976\/#main\" border=\"0\" itemprop=\"url\"> <meta itemprop=\"width\" content=\"245\"> <meta itemprop=\"height\" content=\"163\"> <img decoding=\"async\" class=\"\" data-attachment-id=\"23979\" data-orig-file=\"https:\/\/idnu.ch\/wordpress\/wp-content\/uploads\/2023\/09\/val_muestair-20230717-976.jpg\" data-orig-size=\"1240,827\" data-comments-opened=\"1\" data-image-meta=\"{&quot;aperture&quot;:&quot;0&quot;,&quot;credit&quot;:&quot;&quot;,&quot;camera&quot;:&quot;&quot;,&quot;caption&quot;:&quot;&quot;,&quot;created_timestamp&quot;:&quot;0&quot;,&quot;copyright&quot;:&quot;Copyright Urs Kyburz (2019)&quot;,&quot;focal_length&quot;:&quot;0&quot;,&quot;iso&quot;:&quot;0&quot;,&quot;shutter_speed&quot;:&quot;0&quot;,&quot;title&quot;:&quot;&quot;,&quot;orientation&quot;:&quot;0&quot;}\" data-image-title=\"Der Pass ist um die Ecke\" data-image-description=\"\" data-medium-file=\"https:\/\/i0.wp.com\/idnu.ch\/wordpress\/wp-content\/uploads\/2023\/09\/val_muestair-20230717-976.jpg?fit=300%2C200&#038;ssl=1\" data-large-file=\"https:\/\/i0.wp.com\/idnu.ch\/wordpress\/wp-content\/uploads\/2023\/09\/val_muestair-20230717-976.jpg?fit=750%2C500&#038;ssl=1\" src=\"https:\/\/i0.wp.com\/idnu.ch\/wordpress\/wp-content\/uploads\/2023\/09\/val_muestair-20230717-976.jpg?w=245&#038;h=163&#038;ssl=1\" srcset=\"https:\/\/i0.wp.com\/idnu.ch\/wordpress\/wp-content\/uploads\/2023\/09\/val_muestair-20230717-976.jpg?w=1240&amp;ssl=1 1240w, https:\/\/i0.wp.com\/idnu.ch\/wordpress\/wp-content\/uploads\/2023\/09\/val_muestair-20230717-976.jpg?resize=300%2C200&amp;ssl=1 300w, https:\/\/i0.wp.com\/idnu.ch\/wordpress\/wp-content\/uploads\/2023\/09\/val_muestair-20230717-976.jpg?resize=1024%2C683&amp;ssl=1 1024w, https:\/\/i0.wp.com\/idnu.ch\/wordpress\/wp-content\/uploads\/2023\/09\/val_muestair-20230717-976.jpg?resize=768%2C512&amp;ssl=1 768w, https:\/\/i0.wp.com\/idnu.ch\/wordpress\/wp-content\/uploads\/2023\/09\/val_muestair-20230717-976.jpg?resize=150%2C100&amp;ssl=1 150w\" width=\"245\" height=\"163\" loading=\"lazy\" data-original-width=\"245\" data-original-height=\"163\" itemprop=\"http:\/\/schema.org\/image\" title=\"Der Pass ist um die Ecke\" alt=\"Der Pass ist um die Ecke\" style=\"width: 245px; height: 163px;\" \/> <\/a> <div class=\"tiled-gallery-caption\" itemprop=\"caption description\"> Der Pass ist um die Ecke <\/div> <\/div> <\/div> <!-- close group --> <\/div> <!-- close row --> <\/div>\n<h2>Auf dem Pass<\/h2>\n<p>Wir gehen weiter, der Weg steigt kaum noch an. Am Wegrand be\u00e4ugt uns wieder ein Murmeltier misstrauisch, etwas weiter weg tummeln sich zwei kleine auf einem Stein. Und schon erreichen wir den Pass, der wie \u00fcblich durch einen Wegweiser markiert ist.<\/p>\n<div class=\"tiled-gallery type-rectangular tiled-gallery-unresized\" data-original-width=\"750\" data-carousel-extra='{&quot;blog_id&quot;:1,&quot;permalink&quot;:&quot;https:\\\/\\\/idnu.ch\\\/wordpress\\\/durch-den-hoechstgelegenen-arvenwald-europas\\\/&quot;,&quot;likes_blog_id&quot;:100184974}' itemscope itemtype=\"http:\/\/schema.org\/ImageGallery\" > <div class=\"gallery-row\" style=\"width: 750px; height: 335px;\" data-original-width=\"750\" data-original-height=\"335\" > <div class=\"gallery-group images-1\" style=\"width: 501px; height: 335px;\" data-original-width=\"501\" data-original-height=\"335\" > <div class=\"tiled-gallery-item tiled-gallery-item-large\" itemprop=\"associatedMedia\" itemscope itemtype=\"http:\/\/schema.org\/ImageObject\"> <a href=\"https:\/\/idnu.ch\/wordpress\/durch-den-hoechstgelegenen-arvenwald-europas\/val_muestair-20230717-978\/#main\" border=\"0\" itemprop=\"url\"> <meta itemprop=\"width\" content=\"497\"> <meta itemprop=\"height\" content=\"331\"> <img decoding=\"async\" class=\"\" data-attachment-id=\"23982\" data-orig-file=\"https:\/\/idnu.ch\/wordpress\/wp-content\/uploads\/2023\/09\/val_muestair-20230717-978.jpg\" data-orig-size=\"1240,827\" data-comments-opened=\"1\" data-image-meta=\"{&quot;aperture&quot;:&quot;0&quot;,&quot;credit&quot;:&quot;&quot;,&quot;camera&quot;:&quot;&quot;,&quot;caption&quot;:&quot;&quot;,&quot;created_timestamp&quot;:&quot;0&quot;,&quot;copyright&quot;:&quot;Copyright Urs Kyburz (2019)&quot;,&quot;focal_length&quot;:&quot;0&quot;,&quot;iso&quot;:&quot;0&quot;,&quot;shutter_speed&quot;:&quot;0&quot;,&quot;title&quot;:&quot;&quot;,&quot;orientation&quot;:&quot;0&quot;}\" data-image-title=\"Eine Auswahl an Wegen\" data-image-description=\"\" data-medium-file=\"https:\/\/i0.wp.com\/idnu.ch\/wordpress\/wp-content\/uploads\/2023\/09\/val_muestair-20230717-978.jpg?fit=300%2C200&#038;ssl=1\" data-large-file=\"https:\/\/i0.wp.com\/idnu.ch\/wordpress\/wp-content\/uploads\/2023\/09\/val_muestair-20230717-978.jpg?fit=750%2C500&#038;ssl=1\" src=\"https:\/\/i0.wp.com\/idnu.ch\/wordpress\/wp-content\/uploads\/2023\/09\/val_muestair-20230717-978.jpg?w=497&#038;h=331&#038;ssl=1\" srcset=\"https:\/\/i0.wp.com\/idnu.ch\/wordpress\/wp-content\/uploads\/2023\/09\/val_muestair-20230717-978.jpg?w=1240&amp;ssl=1 1240w, https:\/\/i0.wp.com\/idnu.ch\/wordpress\/wp-content\/uploads\/2023\/09\/val_muestair-20230717-978.jpg?resize=300%2C200&amp;ssl=1 300w, https:\/\/i0.wp.com\/idnu.ch\/wordpress\/wp-content\/uploads\/2023\/09\/val_muestair-20230717-978.jpg?resize=1024%2C683&amp;ssl=1 1024w, https:\/\/i0.wp.com\/idnu.ch\/wordpress\/wp-content\/uploads\/2023\/09\/val_muestair-20230717-978.jpg?resize=768%2C512&amp;ssl=1 768w, https:\/\/i0.wp.com\/idnu.ch\/wordpress\/wp-content\/uploads\/2023\/09\/val_muestair-20230717-978.jpg?resize=150%2C100&amp;ssl=1 150w\" width=\"497\" height=\"331\" loading=\"lazy\" data-original-width=\"497\" data-original-height=\"331\" itemprop=\"http:\/\/schema.org\/image\" title=\"Eine Auswahl an Wegen\" alt=\"Eine Auswahl an Wegen\" style=\"width: 497px; height: 331px;\" \/> <\/a> <div class=\"tiled-gallery-caption\" itemprop=\"caption description\"> Eine Auswahl an Wegen <\/div> <\/div> <\/div> <!-- close group --> <div class=\"gallery-group images-2\" style=\"width: 249px; height: 335px;\" data-original-width=\"249\" data-original-height=\"335\" > <div class=\"tiled-gallery-item tiled-gallery-item-small\" itemprop=\"associatedMedia\" itemscope itemtype=\"http:\/\/schema.org\/ImageObject\"> <a href=\"https:\/\/idnu.ch\/wordpress\/durch-den-hoechstgelegenen-arvenwald-europas\/val_muestair-20230717-981\/#main\" border=\"0\" itemprop=\"url\"> <meta itemprop=\"width\" content=\"245\"> <meta itemprop=\"height\" content=\"164\"> <img decoding=\"async\" class=\"\" data-attachment-id=\"23983\" data-orig-file=\"https:\/\/idnu.ch\/wordpress\/wp-content\/uploads\/2023\/09\/val_muestair-20230717-981.jpg\" data-orig-size=\"1240,827\" data-comments-opened=\"1\" data-image-meta=\"{&quot;aperture&quot;:&quot;0&quot;,&quot;credit&quot;:&quot;&quot;,&quot;camera&quot;:&quot;&quot;,&quot;caption&quot;:&quot;&quot;,&quot;created_timestamp&quot;:&quot;0&quot;,&quot;copyright&quot;:&quot;Copyright Urs Kyburz (2019)&quot;,&quot;focal_length&quot;:&quot;0&quot;,&quot;iso&quot;:&quot;0&quot;,&quot;shutter_speed&quot;:&quot;0&quot;,&quot;title&quot;:&quot;&quot;,&quot;orientation&quot;:&quot;0&quot;}\" data-image-title=\"In der Weite des Tales\" data-image-description=\"\" data-medium-file=\"https:\/\/i0.wp.com\/idnu.ch\/wordpress\/wp-content\/uploads\/2023\/09\/val_muestair-20230717-981.jpg?fit=300%2C200&#038;ssl=1\" data-large-file=\"https:\/\/i0.wp.com\/idnu.ch\/wordpress\/wp-content\/uploads\/2023\/09\/val_muestair-20230717-981.jpg?fit=750%2C500&#038;ssl=1\" src=\"https:\/\/i0.wp.com\/idnu.ch\/wordpress\/wp-content\/uploads\/2023\/09\/val_muestair-20230717-981.jpg?w=245&#038;h=164&#038;ssl=1\" srcset=\"https:\/\/i0.wp.com\/idnu.ch\/wordpress\/wp-content\/uploads\/2023\/09\/val_muestair-20230717-981.jpg?w=1240&amp;ssl=1 1240w, https:\/\/i0.wp.com\/idnu.ch\/wordpress\/wp-content\/uploads\/2023\/09\/val_muestair-20230717-981.jpg?resize=300%2C200&amp;ssl=1 300w, https:\/\/i0.wp.com\/idnu.ch\/wordpress\/wp-content\/uploads\/2023\/09\/val_muestair-20230717-981.jpg?resize=1024%2C683&amp;ssl=1 1024w, https:\/\/i0.wp.com\/idnu.ch\/wordpress\/wp-content\/uploads\/2023\/09\/val_muestair-20230717-981.jpg?resize=768%2C512&amp;ssl=1 768w, https:\/\/i0.wp.com\/idnu.ch\/wordpress\/wp-content\/uploads\/2023\/09\/val_muestair-20230717-981.jpg?resize=150%2C100&amp;ssl=1 150w\" width=\"245\" height=\"164\" loading=\"lazy\" data-original-width=\"245\" data-original-height=\"164\" itemprop=\"http:\/\/schema.org\/image\" title=\"In der Weite des Tales\" alt=\"In der Weite des Tales\" style=\"width: 245px; height: 164px;\" \/> <\/a> <div class=\"tiled-gallery-caption\" itemprop=\"caption description\"> In der Weite des Tales <\/div> <\/div> <div class=\"tiled-gallery-item tiled-gallery-item-small\" itemprop=\"associatedMedia\" itemscope itemtype=\"http:\/\/schema.org\/ImageObject\"> <a href=\"https:\/\/idnu.ch\/wordpress\/durch-den-hoechstgelegenen-arvenwald-europas\/val_muestair-20230717-984\/#main\" border=\"0\" itemprop=\"url\"> <meta itemprop=\"width\" content=\"245\"> <meta itemprop=\"height\" content=\"163\"> <img decoding=\"async\" class=\"\" data-attachment-id=\"23984\" data-orig-file=\"https:\/\/idnu.ch\/wordpress\/wp-content\/uploads\/2023\/09\/val_muestair-20230717-984.jpg\" data-orig-size=\"1240,827\" data-comments-opened=\"1\" data-image-meta=\"{&quot;aperture&quot;:&quot;0&quot;,&quot;credit&quot;:&quot;&quot;,&quot;camera&quot;:&quot;&quot;,&quot;caption&quot;:&quot;&quot;,&quot;created_timestamp&quot;:&quot;0&quot;,&quot;copyright&quot;:&quot;Copyright Urs Kyburz (2019)&quot;,&quot;focal_length&quot;:&quot;0&quot;,&quot;iso&quot;:&quot;0&quot;,&quot;shutter_speed&quot;:&quot;0&quot;,&quot;title&quot;:&quot;&quot;,&quot;orientation&quot;:&quot;0&quot;}\" data-image-title=\"Junge Murmeltiere\" data-image-description=\"\" data-medium-file=\"https:\/\/i0.wp.com\/idnu.ch\/wordpress\/wp-content\/uploads\/2023\/09\/val_muestair-20230717-984.jpg?fit=300%2C200&#038;ssl=1\" data-large-file=\"https:\/\/i0.wp.com\/idnu.ch\/wordpress\/wp-content\/uploads\/2023\/09\/val_muestair-20230717-984.jpg?fit=750%2C500&#038;ssl=1\" src=\"https:\/\/i0.wp.com\/idnu.ch\/wordpress\/wp-content\/uploads\/2023\/09\/val_muestair-20230717-984.jpg?w=245&#038;h=163&#038;ssl=1\" srcset=\"https:\/\/i0.wp.com\/idnu.ch\/wordpress\/wp-content\/uploads\/2023\/09\/val_muestair-20230717-984.jpg?w=1240&amp;ssl=1 1240w, https:\/\/i0.wp.com\/idnu.ch\/wordpress\/wp-content\/uploads\/2023\/09\/val_muestair-20230717-984.jpg?resize=300%2C200&amp;ssl=1 300w, https:\/\/i0.wp.com\/idnu.ch\/wordpress\/wp-content\/uploads\/2023\/09\/val_muestair-20230717-984.jpg?resize=1024%2C683&amp;ssl=1 1024w, https:\/\/i0.wp.com\/idnu.ch\/wordpress\/wp-content\/uploads\/2023\/09\/val_muestair-20230717-984.jpg?resize=768%2C512&amp;ssl=1 768w, https:\/\/i0.wp.com\/idnu.ch\/wordpress\/wp-content\/uploads\/2023\/09\/val_muestair-20230717-984.jpg?resize=150%2C100&amp;ssl=1 150w\" width=\"245\" height=\"163\" loading=\"lazy\" data-original-width=\"245\" data-original-height=\"163\" itemprop=\"http:\/\/schema.org\/image\" title=\"Junge Murmeltiere\" alt=\"Junge Murmeltiere\" style=\"width: 245px; height: 163px;\" \/> <\/a> <div class=\"tiled-gallery-caption\" itemprop=\"caption description\"> Junge Murmeltiere <\/div> <\/div> <\/div> <!-- close group --> <\/div> <!-- close row --> <div class=\"gallery-row\" style=\"width: 750px; height: 502px;\" data-original-width=\"750\" data-original-height=\"502\" > <div class=\"gallery-group images-1\" style=\"width: 750px; height: 502px;\" data-original-width=\"750\" data-original-height=\"502\" > <div class=\"tiled-gallery-item tiled-gallery-item-large\" itemprop=\"associatedMedia\" itemscope itemtype=\"http:\/\/schema.org\/ImageObject\"> <a href=\"https:\/\/idnu.ch\/wordpress\/durch-den-hoechstgelegenen-arvenwald-europas\/val_muestair-20230717-991\/#main\" border=\"0\" itemprop=\"url\"> <meta itemprop=\"width\" content=\"746\"> <meta itemprop=\"height\" content=\"498\"> <img decoding=\"async\" class=\"\" data-attachment-id=\"23985\" data-orig-file=\"https:\/\/idnu.ch\/wordpress\/wp-content\/uploads\/2023\/09\/val_muestair-20230717-991.jpg\" data-orig-size=\"1240,827\" data-comments-opened=\"1\" data-image-meta=\"{&quot;aperture&quot;:&quot;0&quot;,&quot;credit&quot;:&quot;&quot;,&quot;camera&quot;:&quot;&quot;,&quot;caption&quot;:&quot;&quot;,&quot;created_timestamp&quot;:&quot;0&quot;,&quot;copyright&quot;:&quot;Copyright Urs Kyburz (2019)&quot;,&quot;focal_length&quot;:&quot;0&quot;,&quot;iso&quot;:&quot;0&quot;,&quot;shutter_speed&quot;:&quot;0&quot;,&quot;title&quot;:&quot;&quot;,&quot;orientation&quot;:&quot;0&quot;}\" data-image-title=\"Wandern auf dem Karrweg\" data-image-description=\"\" data-medium-file=\"https:\/\/i0.wp.com\/idnu.ch\/wordpress\/wp-content\/uploads\/2023\/09\/val_muestair-20230717-991.jpg?fit=300%2C200&#038;ssl=1\" data-large-file=\"https:\/\/i0.wp.com\/idnu.ch\/wordpress\/wp-content\/uploads\/2023\/09\/val_muestair-20230717-991.jpg?fit=750%2C500&#038;ssl=1\" src=\"https:\/\/i0.wp.com\/idnu.ch\/wordpress\/wp-content\/uploads\/2023\/09\/val_muestair-20230717-991.jpg?w=746&#038;h=498&#038;ssl=1\" srcset=\"https:\/\/i0.wp.com\/idnu.ch\/wordpress\/wp-content\/uploads\/2023\/09\/val_muestair-20230717-991.jpg?w=1240&amp;ssl=1 1240w, https:\/\/i0.wp.com\/idnu.ch\/wordpress\/wp-content\/uploads\/2023\/09\/val_muestair-20230717-991.jpg?resize=300%2C200&amp;ssl=1 300w, https:\/\/i0.wp.com\/idnu.ch\/wordpress\/wp-content\/uploads\/2023\/09\/val_muestair-20230717-991.jpg?resize=1024%2C683&amp;ssl=1 1024w, https:\/\/i0.wp.com\/idnu.ch\/wordpress\/wp-content\/uploads\/2023\/09\/val_muestair-20230717-991.jpg?resize=768%2C512&amp;ssl=1 768w, https:\/\/i0.wp.com\/idnu.ch\/wordpress\/wp-content\/uploads\/2023\/09\/val_muestair-20230717-991.jpg?resize=150%2C100&amp;ssl=1 150w\" width=\"746\" height=\"498\" loading=\"lazy\" data-original-width=\"746\" data-original-height=\"498\" itemprop=\"http:\/\/schema.org\/image\" title=\"Wandern auf dem Karrweg\" alt=\"Wandern auf dem Karrweg\" style=\"width: 746px; height: 498px;\" \/> <\/a> <div class=\"tiled-gallery-caption\" itemprop=\"caption description\"> Wandern auf dem Karrweg <\/div> <\/div> <\/div> <!-- close group --> <\/div> <!-- close row --> <\/div>\n<p>Wir blicken in das weite Tal hinein, Wolken ziehen \u00fcber die grauen Berge. Ein Karrweg leitet uns durch die locker stehenden Bergkiefern. Bei der Alp Astras gibt es einen Kaffee, frisch gebraut. Ein \u00e4lteres Ehepaar, elegant angezogen, in weissen Kleidern, ohne Rucksack, will so gar nicht in die Gegend passen. Aber sie seien schon \u00f6fters hier gewesen, es sei wundersch\u00f6n hier. Dem k\u00f6nnen wir bedingungslos beipflichten.<\/p>\n<div class=\"tiled-gallery type-rectangular tiled-gallery-unresized\" data-original-width=\"750\" data-carousel-extra='{&quot;blog_id&quot;:1,&quot;permalink&quot;:&quot;https:\\\/\\\/idnu.ch\\\/wordpress\\\/durch-den-hoechstgelegenen-arvenwald-europas\\\/&quot;,&quot;likes_blog_id&quot;:100184974}' itemscope itemtype=\"http:\/\/schema.org\/ImageGallery\" > <div class=\"gallery-row\" style=\"width: 750px; height: 335px;\" data-original-width=\"750\" data-original-height=\"335\" > <div class=\"gallery-group images-1\" style=\"width: 501px; height: 335px;\" data-original-width=\"501\" data-original-height=\"335\" > <div class=\"tiled-gallery-item tiled-gallery-item-large\" itemprop=\"associatedMedia\" itemscope itemtype=\"http:\/\/schema.org\/ImageObject\"> <a href=\"https:\/\/idnu.ch\/wordpress\/durch-den-hoechstgelegenen-arvenwald-europas\/val_muestair-20230717-1000\/#main\" border=\"0\" itemprop=\"url\"> <meta itemprop=\"width\" content=\"497\"> <meta itemprop=\"height\" content=\"331\"> <img decoding=\"async\" class=\"\" data-attachment-id=\"23986\" data-orig-file=\"https:\/\/idnu.ch\/wordpress\/wp-content\/uploads\/2023\/09\/val_muestair-20230717-1000.jpg\" data-orig-size=\"1240,827\" data-comments-opened=\"1\" data-image-meta=\"{&quot;aperture&quot;:&quot;0&quot;,&quot;credit&quot;:&quot;&quot;,&quot;camera&quot;:&quot;&quot;,&quot;caption&quot;:&quot;&quot;,&quot;created_timestamp&quot;:&quot;0&quot;,&quot;copyright&quot;:&quot;Copyright Urs Kyburz (2019)&quot;,&quot;focal_length&quot;:&quot;0&quot;,&quot;iso&quot;:&quot;0&quot;,&quot;shutter_speed&quot;:&quot;0&quot;,&quot;title&quot;:&quot;&quot;,&quot;orientation&quot;:&quot;0&quot;}\" data-image-title=\"Einkehr auf der Alp Astras\" data-image-description=\"\" data-medium-file=\"https:\/\/i0.wp.com\/idnu.ch\/wordpress\/wp-content\/uploads\/2023\/09\/val_muestair-20230717-1000.jpg?fit=300%2C200&#038;ssl=1\" data-large-file=\"https:\/\/i0.wp.com\/idnu.ch\/wordpress\/wp-content\/uploads\/2023\/09\/val_muestair-20230717-1000.jpg?fit=750%2C500&#038;ssl=1\" src=\"https:\/\/i0.wp.com\/idnu.ch\/wordpress\/wp-content\/uploads\/2023\/09\/val_muestair-20230717-1000.jpg?w=497&#038;h=331&#038;ssl=1\" srcset=\"https:\/\/i0.wp.com\/idnu.ch\/wordpress\/wp-content\/uploads\/2023\/09\/val_muestair-20230717-1000.jpg?w=1240&amp;ssl=1 1240w, https:\/\/i0.wp.com\/idnu.ch\/wordpress\/wp-content\/uploads\/2023\/09\/val_muestair-20230717-1000.jpg?resize=300%2C200&amp;ssl=1 300w, https:\/\/i0.wp.com\/idnu.ch\/wordpress\/wp-content\/uploads\/2023\/09\/val_muestair-20230717-1000.jpg?resize=1024%2C683&amp;ssl=1 1024w, https:\/\/i0.wp.com\/idnu.ch\/wordpress\/wp-content\/uploads\/2023\/09\/val_muestair-20230717-1000.jpg?resize=768%2C512&amp;ssl=1 768w, https:\/\/i0.wp.com\/idnu.ch\/wordpress\/wp-content\/uploads\/2023\/09\/val_muestair-20230717-1000.jpg?resize=150%2C100&amp;ssl=1 150w\" width=\"497\" height=\"331\" loading=\"lazy\" data-original-width=\"497\" data-original-height=\"331\" itemprop=\"http:\/\/schema.org\/image\" title=\"Einkehr auf der Alp Astras\" alt=\"Einkehr auf der Alp Astras\" style=\"width: 497px; height: 331px;\" \/> <\/a> <div class=\"tiled-gallery-caption\" itemprop=\"caption description\"> Einkehr auf der Alp Astras <\/div> <\/div> <\/div> <!-- close group --> <div class=\"gallery-group images-2\" style=\"width: 249px; height: 335px;\" data-original-width=\"249\" data-original-height=\"335\" > <div class=\"tiled-gallery-item tiled-gallery-item-small\" itemprop=\"associatedMedia\" itemscope itemtype=\"http:\/\/schema.org\/ImageObject\"> <a href=\"https:\/\/idnu.ch\/wordpress\/durch-den-hoechstgelegenen-arvenwald-europas\/val_muestair-20230717-1002\/#main\" border=\"0\" itemprop=\"url\"> <meta itemprop=\"width\" content=\"245\"> <meta itemprop=\"height\" content=\"164\"> <img decoding=\"async\" class=\"\" data-attachment-id=\"23987\" data-orig-file=\"https:\/\/idnu.ch\/wordpress\/wp-content\/uploads\/2023\/09\/val_muestair-20230717-1002.jpg\" data-orig-size=\"1240,827\" data-comments-opened=\"1\" data-image-meta=\"{&quot;aperture&quot;:&quot;0&quot;,&quot;credit&quot;:&quot;&quot;,&quot;camera&quot;:&quot;&quot;,&quot;caption&quot;:&quot;&quot;,&quot;created_timestamp&quot;:&quot;0&quot;,&quot;copyright&quot;:&quot;Copyright Urs Kyburz (2019)&quot;,&quot;focal_length&quot;:&quot;0&quot;,&quot;iso&quot;:&quot;0&quot;,&quot;shutter_speed&quot;:&quot;0&quot;,&quot;title&quot;:&quot;&quot;,&quot;orientation&quot;:&quot;0&quot;}\" data-image-title=\"Ein weites Tal\" data-image-description=\"\" data-medium-file=\"https:\/\/i0.wp.com\/idnu.ch\/wordpress\/wp-content\/uploads\/2023\/09\/val_muestair-20230717-1002.jpg?fit=300%2C200&#038;ssl=1\" data-large-file=\"https:\/\/i0.wp.com\/idnu.ch\/wordpress\/wp-content\/uploads\/2023\/09\/val_muestair-20230717-1002.jpg?fit=750%2C500&#038;ssl=1\" src=\"https:\/\/i0.wp.com\/idnu.ch\/wordpress\/wp-content\/uploads\/2023\/09\/val_muestair-20230717-1002.jpg?w=245&#038;h=164&#038;ssl=1\" srcset=\"https:\/\/i0.wp.com\/idnu.ch\/wordpress\/wp-content\/uploads\/2023\/09\/val_muestair-20230717-1002.jpg?w=1240&amp;ssl=1 1240w, https:\/\/i0.wp.com\/idnu.ch\/wordpress\/wp-content\/uploads\/2023\/09\/val_muestair-20230717-1002.jpg?resize=300%2C200&amp;ssl=1 300w, https:\/\/i0.wp.com\/idnu.ch\/wordpress\/wp-content\/uploads\/2023\/09\/val_muestair-20230717-1002.jpg?resize=1024%2C683&amp;ssl=1 1024w, https:\/\/i0.wp.com\/idnu.ch\/wordpress\/wp-content\/uploads\/2023\/09\/val_muestair-20230717-1002.jpg?resize=768%2C512&amp;ssl=1 768w, https:\/\/i0.wp.com\/idnu.ch\/wordpress\/wp-content\/uploads\/2023\/09\/val_muestair-20230717-1002.jpg?resize=150%2C100&amp;ssl=1 150w\" width=\"245\" height=\"164\" loading=\"lazy\" data-original-width=\"245\" data-original-height=\"164\" itemprop=\"http:\/\/schema.org\/image\" title=\"Ein weites Tal\" alt=\"Ein weites Tal\" style=\"width: 245px; height: 164px;\" \/> <\/a> <div class=\"tiled-gallery-caption\" itemprop=\"caption description\"> Ein weites Tal <\/div> <\/div> <div class=\"tiled-gallery-item tiled-gallery-item-small\" itemprop=\"associatedMedia\" itemscope itemtype=\"http:\/\/schema.org\/ImageObject\"> <a href=\"https:\/\/idnu.ch\/wordpress\/durch-den-hoechstgelegenen-arvenwald-europas\/val_muestair-20230717-1013\/#main\" border=\"0\" itemprop=\"url\"> <meta itemprop=\"width\" content=\"245\"> <meta itemprop=\"height\" content=\"163\"> <img decoding=\"async\" class=\"\" data-attachment-id=\"23988\" data-orig-file=\"https:\/\/idnu.ch\/wordpress\/wp-content\/uploads\/2023\/09\/val_muestair-20230717-1013.jpg\" data-orig-size=\"1240,827\" data-comments-opened=\"1\" data-image-meta=\"{&quot;aperture&quot;:&quot;0&quot;,&quot;credit&quot;:&quot;&quot;,&quot;camera&quot;:&quot;&quot;,&quot;caption&quot;:&quot;&quot;,&quot;created_timestamp&quot;:&quot;0&quot;,&quot;copyright&quot;:&quot;Copyright Urs Kyburz (2019)&quot;,&quot;focal_length&quot;:&quot;0&quot;,&quot;iso&quot;:&quot;0&quot;,&quot;shutter_speed&quot;:&quot;0&quot;,&quot;title&quot;:&quot;&quot;,&quot;orientation&quot;:&quot;0&quot;}\" data-image-title=\"Zum God da Tamangur\" data-image-description=\"\" data-medium-file=\"https:\/\/i0.wp.com\/idnu.ch\/wordpress\/wp-content\/uploads\/2023\/09\/val_muestair-20230717-1013.jpg?fit=300%2C200&#038;ssl=1\" data-large-file=\"https:\/\/i0.wp.com\/idnu.ch\/wordpress\/wp-content\/uploads\/2023\/09\/val_muestair-20230717-1013.jpg?fit=750%2C500&#038;ssl=1\" src=\"https:\/\/i0.wp.com\/idnu.ch\/wordpress\/wp-content\/uploads\/2023\/09\/val_muestair-20230717-1013.jpg?w=245&#038;h=163&#038;ssl=1\" srcset=\"https:\/\/i0.wp.com\/idnu.ch\/wordpress\/wp-content\/uploads\/2023\/09\/val_muestair-20230717-1013.jpg?w=1240&amp;ssl=1 1240w, https:\/\/i0.wp.com\/idnu.ch\/wordpress\/wp-content\/uploads\/2023\/09\/val_muestair-20230717-1013.jpg?resize=300%2C200&amp;ssl=1 300w, https:\/\/i0.wp.com\/idnu.ch\/wordpress\/wp-content\/uploads\/2023\/09\/val_muestair-20230717-1013.jpg?resize=1024%2C683&amp;ssl=1 1024w, https:\/\/i0.wp.com\/idnu.ch\/wordpress\/wp-content\/uploads\/2023\/09\/val_muestair-20230717-1013.jpg?resize=768%2C512&amp;ssl=1 768w, https:\/\/i0.wp.com\/idnu.ch\/wordpress\/wp-content\/uploads\/2023\/09\/val_muestair-20230717-1013.jpg?resize=150%2C100&amp;ssl=1 150w\" width=\"245\" height=\"163\" loading=\"lazy\" data-original-width=\"245\" data-original-height=\"163\" itemprop=\"http:\/\/schema.org\/image\" title=\"Zum God da Tamangur\" alt=\"Zum God da Tamangur\" style=\"width: 245px; height: 163px;\" \/> <\/a> <div class=\"tiled-gallery-caption\" itemprop=\"caption description\"> Zum God da Tamangur <\/div> <\/div> <\/div> <!-- close group --> <\/div> <!-- close row --> <\/div>\n<h2>Im God da Tamangur<\/h2>\n<p>\u00dcber die weite Hochebene erreichen wir den h\u00f6chstgelegenen Arvenwald Europas. Wo er genau beginnt, ist nicht so klar, aber ebenso unwichtig. Es werden einfach immer mehr B\u00e4ume. Aber sie stehen nie so dicht, wie wir es vom Unterland kennen. Ein nat\u00fcrlich gewachsener Wald eben. Die Arven (einige nennen sie ja Zirben) wachsen in allen Formen, verdreht, schr\u00e4g, geknickt. Totholz liegt herum, aus dem neues Leben spriesst. Wir sind fasziniert. Wir begegnen kaum Leuten, die meisten gehen auf der bequemen Alpstrasse auf der anderen Talseite, f\u00fcr uns keine Alternative. Da m\u00fcssten wir schon mit dem Mountainbikes unterwegs sein, was hier sehr beliebt ist.<\/p>\n<div class=\"tiled-gallery type-rectangular tiled-gallery-unresized\" data-original-width=\"750\" data-carousel-extra='{&quot;blog_id&quot;:1,&quot;permalink&quot;:&quot;https:\\\/\\\/idnu.ch\\\/wordpress\\\/durch-den-hoechstgelegenen-arvenwald-europas\\\/&quot;,&quot;likes_blog_id&quot;:100184974}' itemscope itemtype=\"http:\/\/schema.org\/ImageGallery\" > <div class=\"gallery-row\" style=\"width: 750px; height: 173px;\" data-original-width=\"750\" data-original-height=\"173\" > <div class=\"gallery-group images-1\" style=\"width: 117px; height: 173px;\" data-original-width=\"117\" data-original-height=\"173\" > <div class=\"tiled-gallery-item tiled-gallery-item-small\" itemprop=\"associatedMedia\" itemscope itemtype=\"http:\/\/schema.org\/ImageObject\"> <a href=\"https:\/\/idnu.ch\/wordpress\/durch-den-hoechstgelegenen-arvenwald-europas\/val_muestair-20230717-1017-bearbeitet\/#main\" border=\"0\" itemprop=\"url\"> <meta itemprop=\"width\" content=\"113\"> <meta itemprop=\"height\" content=\"169\"> <img decoding=\"async\" class=\"\" data-attachment-id=\"23989\" data-orig-file=\"https:\/\/idnu.ch\/wordpress\/wp-content\/uploads\/2023\/09\/val_muestair-20230717-1017-Bearbeitet.jpg\" data-orig-size=\"827,1240\" data-comments-opened=\"1\" data-image-meta=\"{&quot;aperture&quot;:&quot;0&quot;,&quot;credit&quot;:&quot;&quot;,&quot;camera&quot;:&quot;&quot;,&quot;caption&quot;:&quot;&quot;,&quot;created_timestamp&quot;:&quot;0&quot;,&quot;copyright&quot;:&quot;Copyright Urs Kyburz (2019)&quot;,&quot;focal_length&quot;:&quot;0&quot;,&quot;iso&quot;:&quot;0&quot;,&quot;shutter_speed&quot;:&quot;0&quot;,&quot;title&quot;:&quot;&quot;,&quot;orientation&quot;:&quot;0&quot;}\" data-image-title=\"Arven oder Zirben\" data-image-description=\"\" data-medium-file=\"https:\/\/i0.wp.com\/idnu.ch\/wordpress\/wp-content\/uploads\/2023\/09\/val_muestair-20230717-1017-Bearbeitet.jpg?fit=200%2C300&#038;ssl=1\" data-large-file=\"https:\/\/i0.wp.com\/idnu.ch\/wordpress\/wp-content\/uploads\/2023\/09\/val_muestair-20230717-1017-Bearbeitet.jpg?fit=683%2C1024&#038;ssl=1\" src=\"https:\/\/i0.wp.com\/idnu.ch\/wordpress\/wp-content\/uploads\/2023\/09\/val_muestair-20230717-1017-Bearbeitet.jpg?w=113&#038;h=169&#038;ssl=1\" srcset=\"https:\/\/i0.wp.com\/idnu.ch\/wordpress\/wp-content\/uploads\/2023\/09\/val_muestair-20230717-1017-Bearbeitet.jpg?w=827&amp;ssl=1 827w, https:\/\/i0.wp.com\/idnu.ch\/wordpress\/wp-content\/uploads\/2023\/09\/val_muestair-20230717-1017-Bearbeitet.jpg?resize=200%2C300&amp;ssl=1 200w, https:\/\/i0.wp.com\/idnu.ch\/wordpress\/wp-content\/uploads\/2023\/09\/val_muestair-20230717-1017-Bearbeitet.jpg?resize=683%2C1024&amp;ssl=1 683w, https:\/\/i0.wp.com\/idnu.ch\/wordpress\/wp-content\/uploads\/2023\/09\/val_muestair-20230717-1017-Bearbeitet.jpg?resize=768%2C1152&amp;ssl=1 768w, https:\/\/i0.wp.com\/idnu.ch\/wordpress\/wp-content\/uploads\/2023\/09\/val_muestair-20230717-1017-Bearbeitet.jpg?resize=67%2C100&amp;ssl=1 67w\" width=\"113\" height=\"169\" loading=\"lazy\" data-original-width=\"113\" data-original-height=\"169\" itemprop=\"http:\/\/schema.org\/image\" title=\"Arven oder Zirben\" alt=\"Arven oder Zirben\" style=\"width: 113px; height: 169px;\" \/> <\/a> <div class=\"tiled-gallery-caption\" itemprop=\"caption description\"> Arven oder Zirben <\/div> <\/div> <\/div> <!-- close group --> <div class=\"gallery-group images-1\" style=\"width: 258px; height: 173px;\" data-original-width=\"258\" data-original-height=\"173\" > <div class=\"tiled-gallery-item tiled-gallery-item-large\" itemprop=\"associatedMedia\" itemscope itemtype=\"http:\/\/schema.org\/ImageObject\"> <a href=\"https:\/\/idnu.ch\/wordpress\/durch-den-hoechstgelegenen-arvenwald-europas\/val_muestair-20230717-1026\/#main\" border=\"0\" itemprop=\"url\"> <meta itemprop=\"width\" content=\"254\"> <meta itemprop=\"height\" content=\"169\"> <img decoding=\"async\" class=\"\" data-attachment-id=\"23990\" data-orig-file=\"https:\/\/idnu.ch\/wordpress\/wp-content\/uploads\/2023\/09\/val_muestair-20230717-1026.jpg\" data-orig-size=\"1240,827\" data-comments-opened=\"1\" data-image-meta=\"{&quot;aperture&quot;:&quot;0&quot;,&quot;credit&quot;:&quot;&quot;,&quot;camera&quot;:&quot;&quot;,&quot;caption&quot;:&quot;&quot;,&quot;created_timestamp&quot;:&quot;0&quot;,&quot;copyright&quot;:&quot;Copyright Urs Kyburz (2019)&quot;,&quot;focal_length&quot;:&quot;0&quot;,&quot;iso&quot;:&quot;0&quot;,&quot;shutter_speed&quot;:&quot;0&quot;,&quot;title&quot;:&quot;&quot;,&quot;orientation&quot;:&quot;0&quot;}\" data-image-title=\"Totholz neben uralten Arven\" data-image-description=\"\" data-medium-file=\"https:\/\/i0.wp.com\/idnu.ch\/wordpress\/wp-content\/uploads\/2023\/09\/val_muestair-20230717-1026.jpg?fit=300%2C200&#038;ssl=1\" data-large-file=\"https:\/\/i0.wp.com\/idnu.ch\/wordpress\/wp-content\/uploads\/2023\/09\/val_muestair-20230717-1026.jpg?fit=750%2C500&#038;ssl=1\" src=\"https:\/\/i0.wp.com\/idnu.ch\/wordpress\/wp-content\/uploads\/2023\/09\/val_muestair-20230717-1026.jpg?w=254&#038;h=169&#038;ssl=1\" srcset=\"https:\/\/i0.wp.com\/idnu.ch\/wordpress\/wp-content\/uploads\/2023\/09\/val_muestair-20230717-1026.jpg?w=1240&amp;ssl=1 1240w, https:\/\/i0.wp.com\/idnu.ch\/wordpress\/wp-content\/uploads\/2023\/09\/val_muestair-20230717-1026.jpg?resize=300%2C200&amp;ssl=1 300w, https:\/\/i0.wp.com\/idnu.ch\/wordpress\/wp-content\/uploads\/2023\/09\/val_muestair-20230717-1026.jpg?resize=1024%2C683&amp;ssl=1 1024w, https:\/\/i0.wp.com\/idnu.ch\/wordpress\/wp-content\/uploads\/2023\/09\/val_muestair-20230717-1026.jpg?resize=768%2C512&amp;ssl=1 768w, https:\/\/i0.wp.com\/idnu.ch\/wordpress\/wp-content\/uploads\/2023\/09\/val_muestair-20230717-1026.jpg?resize=150%2C100&amp;ssl=1 150w\" width=\"254\" height=\"169\" loading=\"lazy\" data-original-width=\"254\" data-original-height=\"169\" itemprop=\"http:\/\/schema.org\/image\" title=\"Totholz neben uralten Arven\" alt=\"Totholz neben uralten Arven\" style=\"width: 254px; height: 169px;\" \/> <\/a> <div class=\"tiled-gallery-caption\" itemprop=\"caption description\"> Totholz neben uralten Arven <\/div> <\/div> <\/div> <!-- close group --> <div class=\"gallery-group images-1\" style=\"width: 117px; height: 173px;\" data-original-width=\"117\" data-original-height=\"173\" > <div class=\"tiled-gallery-item tiled-gallery-item-small\" itemprop=\"associatedMedia\" itemscope itemtype=\"http:\/\/schema.org\/ImageObject\"> <a href=\"https:\/\/idnu.ch\/wordpress\/durch-den-hoechstgelegenen-arvenwald-europas\/val_muestair-20230717-1032\/#main\" border=\"0\" itemprop=\"url\"> <meta itemprop=\"width\" content=\"113\"> <meta itemprop=\"height\" content=\"169\"> <img decoding=\"async\" class=\"\" data-attachment-id=\"23991\" data-orig-file=\"https:\/\/idnu.ch\/wordpress\/wp-content\/uploads\/2023\/09\/val_muestair-20230717-1032.jpg\" data-orig-size=\"827,1240\" data-comments-opened=\"1\" data-image-meta=\"{&quot;aperture&quot;:&quot;0&quot;,&quot;credit&quot;:&quot;&quot;,&quot;camera&quot;:&quot;&quot;,&quot;caption&quot;:&quot;&quot;,&quot;created_timestamp&quot;:&quot;0&quot;,&quot;copyright&quot;:&quot;Copyright Urs Kyburz (2019)&quot;,&quot;focal_length&quot;:&quot;0&quot;,&quot;iso&quot;:&quot;0&quot;,&quot;shutter_speed&quot;:&quot;0&quot;,&quot;title&quot;:&quot;&quot;,&quot;orientation&quot;:&quot;0&quot;}\" data-image-title=\"Kerberos, der W\u00e4chter zur Unterwelt\" data-image-description=\"\" data-medium-file=\"https:\/\/i0.wp.com\/idnu.ch\/wordpress\/wp-content\/uploads\/2023\/09\/val_muestair-20230717-1032.jpg?fit=200%2C300&#038;ssl=1\" data-large-file=\"https:\/\/i0.wp.com\/idnu.ch\/wordpress\/wp-content\/uploads\/2023\/09\/val_muestair-20230717-1032.jpg?fit=683%2C1024&#038;ssl=1\" src=\"https:\/\/i0.wp.com\/idnu.ch\/wordpress\/wp-content\/uploads\/2023\/09\/val_muestair-20230717-1032.jpg?w=113&#038;h=169&#038;ssl=1\" srcset=\"https:\/\/i0.wp.com\/idnu.ch\/wordpress\/wp-content\/uploads\/2023\/09\/val_muestair-20230717-1032.jpg?w=827&amp;ssl=1 827w, https:\/\/i0.wp.com\/idnu.ch\/wordpress\/wp-content\/uploads\/2023\/09\/val_muestair-20230717-1032.jpg?resize=200%2C300&amp;ssl=1 200w, https:\/\/i0.wp.com\/idnu.ch\/wordpress\/wp-content\/uploads\/2023\/09\/val_muestair-20230717-1032.jpg?resize=683%2C1024&amp;ssl=1 683w, https:\/\/i0.wp.com\/idnu.ch\/wordpress\/wp-content\/uploads\/2023\/09\/val_muestair-20230717-1032.jpg?resize=768%2C1152&amp;ssl=1 768w, https:\/\/i0.wp.com\/idnu.ch\/wordpress\/wp-content\/uploads\/2023\/09\/val_muestair-20230717-1032.jpg?resize=67%2C100&amp;ssl=1 67w\" width=\"113\" height=\"169\" loading=\"lazy\" data-original-width=\"113\" data-original-height=\"169\" itemprop=\"http:\/\/schema.org\/image\" title=\"Kerberos, der W\u00e4chter zur Unterwelt\" alt=\"Kerberos, der W\u00e4chter zur Unterwelt\" style=\"width: 113px; height: 169px;\" \/> <\/a> <div class=\"tiled-gallery-caption\" itemprop=\"caption description\"> Kerberos, der W\u00e4chter zur Unterwelt <\/div> <\/div> <\/div> <!-- close group --> <div class=\"gallery-group images-1\" style=\"width: 258px; height: 173px;\" data-original-width=\"258\" data-original-height=\"173\" > <div class=\"tiled-gallery-item tiled-gallery-item-large\" itemprop=\"associatedMedia\" itemscope itemtype=\"http:\/\/schema.org\/ImageObject\"> <a href=\"https:\/\/idnu.ch\/wordpress\/durch-den-hoechstgelegenen-arvenwald-europas\/val_muestair-20230717-1034\/#main\" border=\"0\" itemprop=\"url\"> <meta itemprop=\"width\" content=\"254\"> <meta itemprop=\"height\" content=\"169\"> <img decoding=\"async\" class=\"\" data-attachment-id=\"23992\" data-orig-file=\"https:\/\/idnu.ch\/wordpress\/wp-content\/uploads\/2023\/09\/val_muestair-20230717-1034.jpg\" data-orig-size=\"1240,827\" data-comments-opened=\"1\" data-image-meta=\"{&quot;aperture&quot;:&quot;0&quot;,&quot;credit&quot;:&quot;&quot;,&quot;camera&quot;:&quot;&quot;,&quot;caption&quot;:&quot;&quot;,&quot;created_timestamp&quot;:&quot;0&quot;,&quot;copyright&quot;:&quot;Copyright Urs Kyburz (2019)&quot;,&quot;focal_length&quot;:&quot;0&quot;,&quot;iso&quot;:&quot;0&quot;,&quot;shutter_speed&quot;:&quot;0&quot;,&quot;title&quot;:&quot;&quot;,&quot;orientation&quot;:&quot;0&quot;}\" data-image-title=\"\" data-image-description=\"\" data-medium-file=\"https:\/\/i0.wp.com\/idnu.ch\/wordpress\/wp-content\/uploads\/2023\/09\/val_muestair-20230717-1034.jpg?fit=300%2C200&#038;ssl=1\" data-large-file=\"https:\/\/i0.wp.com\/idnu.ch\/wordpress\/wp-content\/uploads\/2023\/09\/val_muestair-20230717-1034.jpg?fit=750%2C500&#038;ssl=1\" src=\"https:\/\/i0.wp.com\/idnu.ch\/wordpress\/wp-content\/uploads\/2023\/09\/val_muestair-20230717-1034.jpg?w=254&#038;h=169&#038;ssl=1\" srcset=\"https:\/\/i0.wp.com\/idnu.ch\/wordpress\/wp-content\/uploads\/2023\/09\/val_muestair-20230717-1034.jpg?w=1240&amp;ssl=1 1240w, https:\/\/i0.wp.com\/idnu.ch\/wordpress\/wp-content\/uploads\/2023\/09\/val_muestair-20230717-1034.jpg?resize=300%2C200&amp;ssl=1 300w, https:\/\/i0.wp.com\/idnu.ch\/wordpress\/wp-content\/uploads\/2023\/09\/val_muestair-20230717-1034.jpg?resize=1024%2C683&amp;ssl=1 1024w, https:\/\/i0.wp.com\/idnu.ch\/wordpress\/wp-content\/uploads\/2023\/09\/val_muestair-20230717-1034.jpg?resize=768%2C512&amp;ssl=1 768w, https:\/\/i0.wp.com\/idnu.ch\/wordpress\/wp-content\/uploads\/2023\/09\/val_muestair-20230717-1034.jpg?resize=150%2C100&amp;ssl=1 150w\" width=\"254\" height=\"169\" loading=\"lazy\" data-original-width=\"254\" data-original-height=\"169\" itemprop=\"http:\/\/schema.org\/image\" title=\"\" alt=\"\" style=\"width: 254px; height: 169px;\" \/> <\/a> <\/div> <\/div> <!-- close group --> <\/div> <!-- close row --> <\/div>\n<h2>Runter nach S-charl<\/h2>\n<p>\u00dcber Alpen steigen ab, kommen doch noch auf die Strasse, der wir ein St\u00fcck weit folgen. Und diese folgt der Clemgia, dem Bach, welchen wir \u00fcberqueren, weiter auf einem Wanderweg gehen, abseits der Strasse. Sch\u00f6n ist es hier, sch\u00f6n k\u00fchl neben dem Bach. Bald erreichen wir S-charl, so gut getimed, dass wir noch einkehren k\u00f6nnen und den Durst l\u00f6schen. Eine grossartige Wanderung endet damit, mit dem Postauto und Zug gelangen wir zur\u00fcck nach Tschierv, was nochmals zwei Stunden Reise bedeutet. Aber die sind es wert.<\/p>\n<div class=\"tiled-gallery type-rectangular tiled-gallery-unresized\" data-original-width=\"750\" data-carousel-extra='{&quot;blog_id&quot;:1,&quot;permalink&quot;:&quot;https:\\\/\\\/idnu.ch\\\/wordpress\\\/durch-den-hoechstgelegenen-arvenwald-europas\\\/&quot;,&quot;likes_blog_id&quot;:100184974}' itemscope itemtype=\"http:\/\/schema.org\/ImageGallery\" > <div class=\"gallery-row\" style=\"width: 750px; height: 146px;\" data-original-width=\"750\" data-original-height=\"146\" > <div class=\"gallery-group images-1\" style=\"width: 217px; height: 146px;\" data-original-width=\"217\" data-original-height=\"146\" > <div class=\"tiled-gallery-item tiled-gallery-item-small\" itemprop=\"associatedMedia\" itemscope itemtype=\"http:\/\/schema.org\/ImageObject\"> <a href=\"https:\/\/idnu.ch\/wordpress\/durch-den-hoechstgelegenen-arvenwald-europas\/val_muestair-20230717-1045\/#main\" border=\"0\" itemprop=\"url\"> <meta itemprop=\"width\" content=\"213\"> <meta itemprop=\"height\" content=\"142\"> <img decoding=\"async\" class=\"\" data-attachment-id=\"23993\" data-orig-file=\"https:\/\/idnu.ch\/wordpress\/wp-content\/uploads\/2023\/09\/val_muestair-20230717-1045.jpg\" data-orig-size=\"1240,827\" data-comments-opened=\"1\" data-image-meta=\"{&quot;aperture&quot;:&quot;0&quot;,&quot;credit&quot;:&quot;&quot;,&quot;camera&quot;:&quot;&quot;,&quot;caption&quot;:&quot;&quot;,&quot;created_timestamp&quot;:&quot;0&quot;,&quot;copyright&quot;:&quot;Copyright Urs Kyburz (2019)&quot;,&quot;focal_length&quot;:&quot;0&quot;,&quot;iso&quot;:&quot;0&quot;,&quot;shutter_speed&quot;:&quot;0&quot;,&quot;title&quot;:&quot;&quot;,&quot;orientation&quot;:&quot;0&quot;}\" data-image-title=\"\" data-image-description=\"\" data-medium-file=\"https:\/\/i0.wp.com\/idnu.ch\/wordpress\/wp-content\/uploads\/2023\/09\/val_muestair-20230717-1045.jpg?fit=300%2C200&#038;ssl=1\" data-large-file=\"https:\/\/i0.wp.com\/idnu.ch\/wordpress\/wp-content\/uploads\/2023\/09\/val_muestair-20230717-1045.jpg?fit=750%2C500&#038;ssl=1\" src=\"https:\/\/i0.wp.com\/idnu.ch\/wordpress\/wp-content\/uploads\/2023\/09\/val_muestair-20230717-1045.jpg?w=213&#038;h=142&#038;ssl=1\" srcset=\"https:\/\/i0.wp.com\/idnu.ch\/wordpress\/wp-content\/uploads\/2023\/09\/val_muestair-20230717-1045.jpg?w=1240&amp;ssl=1 1240w, https:\/\/i0.wp.com\/idnu.ch\/wordpress\/wp-content\/uploads\/2023\/09\/val_muestair-20230717-1045.jpg?resize=300%2C200&amp;ssl=1 300w, https:\/\/i0.wp.com\/idnu.ch\/wordpress\/wp-content\/uploads\/2023\/09\/val_muestair-20230717-1045.jpg?resize=1024%2C683&amp;ssl=1 1024w, https:\/\/i0.wp.com\/idnu.ch\/wordpress\/wp-content\/uploads\/2023\/09\/val_muestair-20230717-1045.jpg?resize=768%2C512&amp;ssl=1 768w, https:\/\/i0.wp.com\/idnu.ch\/wordpress\/wp-content\/uploads\/2023\/09\/val_muestair-20230717-1045.jpg?resize=150%2C100&amp;ssl=1 150w\" width=\"213\" height=\"142\" loading=\"lazy\" data-original-width=\"213\" data-original-height=\"142\" itemprop=\"http:\/\/schema.org\/image\" title=\"\" alt=\"\" style=\"width: 213px; height: 142px;\" \/> <\/a> <\/div> <\/div> <!-- close group --> <div class=\"gallery-group images-1\" style=\"width: 217px; height: 146px;\" data-original-width=\"217\" data-original-height=\"146\" > <div class=\"tiled-gallery-item tiled-gallery-item-small\" itemprop=\"associatedMedia\" itemscope itemtype=\"http:\/\/schema.org\/ImageObject\"> <a href=\"https:\/\/idnu.ch\/wordpress\/durch-den-hoechstgelegenen-arvenwald-europas\/val_muestair-20230717-1054\/#main\" border=\"0\" itemprop=\"url\"> <meta itemprop=\"width\" content=\"213\"> <meta itemprop=\"height\" content=\"142\"> <img decoding=\"async\" class=\"\" data-attachment-id=\"23994\" data-orig-file=\"https:\/\/idnu.ch\/wordpress\/wp-content\/uploads\/2023\/09\/val_muestair-20230717-1054.jpg\" data-orig-size=\"1240,827\" data-comments-opened=\"1\" data-image-meta=\"{&quot;aperture&quot;:&quot;0&quot;,&quot;credit&quot;:&quot;&quot;,&quot;camera&quot;:&quot;&quot;,&quot;caption&quot;:&quot;&quot;,&quot;created_timestamp&quot;:&quot;0&quot;,&quot;copyright&quot;:&quot;Copyright Urs Kyburz (2019)&quot;,&quot;focal_length&quot;:&quot;0&quot;,&quot;iso&quot;:&quot;0&quot;,&quot;shutter_speed&quot;:&quot;0&quot;,&quot;title&quot;:&quot;&quot;,&quot;orientation&quot;:&quot;0&quot;}\" data-image-title=\"\" data-image-description=\"\" data-medium-file=\"https:\/\/i0.wp.com\/idnu.ch\/wordpress\/wp-content\/uploads\/2023\/09\/val_muestair-20230717-1054.jpg?fit=300%2C200&#038;ssl=1\" data-large-file=\"https:\/\/i0.wp.com\/idnu.ch\/wordpress\/wp-content\/uploads\/2023\/09\/val_muestair-20230717-1054.jpg?fit=750%2C500&#038;ssl=1\" src=\"https:\/\/i0.wp.com\/idnu.ch\/wordpress\/wp-content\/uploads\/2023\/09\/val_muestair-20230717-1054.jpg?w=213&#038;h=142&#038;ssl=1\" srcset=\"https:\/\/i0.wp.com\/idnu.ch\/wordpress\/wp-content\/uploads\/2023\/09\/val_muestair-20230717-1054.jpg?w=1240&amp;ssl=1 1240w, https:\/\/i0.wp.com\/idnu.ch\/wordpress\/wp-content\/uploads\/2023\/09\/val_muestair-20230717-1054.jpg?resize=300%2C200&amp;ssl=1 300w, https:\/\/i0.wp.com\/idnu.ch\/wordpress\/wp-content\/uploads\/2023\/09\/val_muestair-20230717-1054.jpg?resize=1024%2C683&amp;ssl=1 1024w, https:\/\/i0.wp.com\/idnu.ch\/wordpress\/wp-content\/uploads\/2023\/09\/val_muestair-20230717-1054.jpg?resize=768%2C512&amp;ssl=1 768w, https:\/\/i0.wp.com\/idnu.ch\/wordpress\/wp-content\/uploads\/2023\/09\/val_muestair-20230717-1054.jpg?resize=150%2C100&amp;ssl=1 150w\" width=\"213\" height=\"142\" loading=\"lazy\" data-original-width=\"213\" data-original-height=\"142\" itemprop=\"http:\/\/schema.org\/image\" title=\"\" alt=\"\" style=\"width: 213px; height: 142px;\" \/> <\/a> <\/div> <\/div> <!-- close group --> <div class=\"gallery-group images-1\" style=\"width: 99px; height: 146px;\" data-original-width=\"99\" data-original-height=\"146\" > <div class=\"tiled-gallery-item tiled-gallery-item-small\" itemprop=\"associatedMedia\" itemscope itemtype=\"http:\/\/schema.org\/ImageObject\"> <a href=\"https:\/\/idnu.ch\/wordpress\/durch-den-hoechstgelegenen-arvenwald-europas\/val_muestair-20230717-1056\/#main\" border=\"0\" itemprop=\"url\"> <meta itemprop=\"width\" content=\"95\"> <meta itemprop=\"height\" content=\"142\"> <img decoding=\"async\" class=\"\" data-attachment-id=\"23995\" data-orig-file=\"https:\/\/idnu.ch\/wordpress\/wp-content\/uploads\/2023\/09\/val_muestair-20230717-1056.jpg\" data-orig-size=\"827,1240\" data-comments-opened=\"1\" data-image-meta=\"{&quot;aperture&quot;:&quot;0&quot;,&quot;credit&quot;:&quot;&quot;,&quot;camera&quot;:&quot;&quot;,&quot;caption&quot;:&quot;&quot;,&quot;created_timestamp&quot;:&quot;0&quot;,&quot;copyright&quot;:&quot;Copyright Urs Kyburz (2019)&quot;,&quot;focal_length&quot;:&quot;0&quot;,&quot;iso&quot;:&quot;0&quot;,&quot;shutter_speed&quot;:&quot;0&quot;,&quot;title&quot;:&quot;&quot;,&quot;orientation&quot;:&quot;0&quot;}\" data-image-title=\"\" data-image-description=\"\" data-medium-file=\"https:\/\/i0.wp.com\/idnu.ch\/wordpress\/wp-content\/uploads\/2023\/09\/val_muestair-20230717-1056.jpg?fit=200%2C300&#038;ssl=1\" data-large-file=\"https:\/\/i0.wp.com\/idnu.ch\/wordpress\/wp-content\/uploads\/2023\/09\/val_muestair-20230717-1056.jpg?fit=683%2C1024&#038;ssl=1\" src=\"https:\/\/i0.wp.com\/idnu.ch\/wordpress\/wp-content\/uploads\/2023\/09\/val_muestair-20230717-1056.jpg?w=95&#038;h=142&#038;ssl=1\" srcset=\"https:\/\/i0.wp.com\/idnu.ch\/wordpress\/wp-content\/uploads\/2023\/09\/val_muestair-20230717-1056.jpg?w=827&amp;ssl=1 827w, https:\/\/i0.wp.com\/idnu.ch\/wordpress\/wp-content\/uploads\/2023\/09\/val_muestair-20230717-1056.jpg?resize=200%2C300&amp;ssl=1 200w, https:\/\/i0.wp.com\/idnu.ch\/wordpress\/wp-content\/uploads\/2023\/09\/val_muestair-20230717-1056.jpg?resize=683%2C1024&amp;ssl=1 683w, https:\/\/i0.wp.com\/idnu.ch\/wordpress\/wp-content\/uploads\/2023\/09\/val_muestair-20230717-1056.jpg?resize=768%2C1152&amp;ssl=1 768w, https:\/\/i0.wp.com\/idnu.ch\/wordpress\/wp-content\/uploads\/2023\/09\/val_muestair-20230717-1056.jpg?resize=67%2C100&amp;ssl=1 67w\" width=\"95\" height=\"142\" loading=\"lazy\" data-original-width=\"95\" data-original-height=\"142\" itemprop=\"http:\/\/schema.org\/image\" title=\"\" alt=\"\" style=\"width: 95px; height: 142px;\" \/> <\/a> <\/div> <\/div> <!-- close group --> <div class=\"gallery-group images-1\" style=\"width: 217px; height: 146px;\" data-original-width=\"217\" data-original-height=\"146\" > <div class=\"tiled-gallery-item tiled-gallery-item-small\" itemprop=\"associatedMedia\" itemscope itemtype=\"http:\/\/schema.org\/ImageObject\"> <a href=\"https:\/\/idnu.ch\/wordpress\/durch-den-hoechstgelegenen-arvenwald-europas\/val_muestair-20230717-1059\/#main\" border=\"0\" itemprop=\"url\"> <meta itemprop=\"width\" content=\"213\"> <meta itemprop=\"height\" content=\"142\"> <img decoding=\"async\" class=\"\" data-attachment-id=\"23996\" data-orig-file=\"https:\/\/idnu.ch\/wordpress\/wp-content\/uploads\/2023\/09\/val_muestair-20230717-1059.jpg\" data-orig-size=\"1240,827\" data-comments-opened=\"1\" data-image-meta=\"{&quot;aperture&quot;:&quot;0&quot;,&quot;credit&quot;:&quot;&quot;,&quot;camera&quot;:&quot;&quot;,&quot;caption&quot;:&quot;&quot;,&quot;created_timestamp&quot;:&quot;0&quot;,&quot;copyright&quot;:&quot;Copyright Urs Kyburz (2019)&quot;,&quot;focal_length&quot;:&quot;0&quot;,&quot;iso&quot;:&quot;0&quot;,&quot;shutter_speed&quot;:&quot;0&quot;,&quot;title&quot;:&quot;&quot;,&quot;orientation&quot;:&quot;0&quot;}\" data-image-title=\"Angekommen in S-charl\" data-image-description=\"\" data-medium-file=\"https:\/\/i0.wp.com\/idnu.ch\/wordpress\/wp-content\/uploads\/2023\/09\/val_muestair-20230717-1059.jpg?fit=300%2C200&#038;ssl=1\" data-large-file=\"https:\/\/i0.wp.com\/idnu.ch\/wordpress\/wp-content\/uploads\/2023\/09\/val_muestair-20230717-1059.jpg?fit=750%2C500&#038;ssl=1\" src=\"https:\/\/i0.wp.com\/idnu.ch\/wordpress\/wp-content\/uploads\/2023\/09\/val_muestair-20230717-1059.jpg?w=213&#038;h=142&#038;ssl=1\" srcset=\"https:\/\/i0.wp.com\/idnu.ch\/wordpress\/wp-content\/uploads\/2023\/09\/val_muestair-20230717-1059.jpg?w=1240&amp;ssl=1 1240w, https:\/\/i0.wp.com\/idnu.ch\/wordpress\/wp-content\/uploads\/2023\/09\/val_muestair-20230717-1059.jpg?resize=300%2C200&amp;ssl=1 300w, https:\/\/i0.wp.com\/idnu.ch\/wordpress\/wp-content\/uploads\/2023\/09\/val_muestair-20230717-1059.jpg?resize=1024%2C683&amp;ssl=1 1024w, https:\/\/i0.wp.com\/idnu.ch\/wordpress\/wp-content\/uploads\/2023\/09\/val_muestair-20230717-1059.jpg?resize=768%2C512&amp;ssl=1 768w, https:\/\/i0.wp.com\/idnu.ch\/wordpress\/wp-content\/uploads\/2023\/09\/val_muestair-20230717-1059.jpg?resize=150%2C100&amp;ssl=1 150w\" width=\"213\" height=\"142\" loading=\"lazy\" data-original-width=\"213\" data-original-height=\"142\" itemprop=\"http:\/\/schema.org\/image\" title=\"Angekommen in S-charl\" alt=\"Angekommen in S-charl\" style=\"width: 213px; height: 142px;\" \/> <\/a> <div class=\"tiled-gallery-caption\" itemprop=\"caption description\"> Angekommen in S-charl <\/div> <\/div> <\/div> <!-- close group --> <\/div> <!-- close row --> <\/div>\n<h2>Info<\/h2>\n<p>Der Pass da Costainas ist sowohl bei Wanderern wie auch Moutainbikern beliebt. Wenn man fr\u00fch aufbricht, kommt man erst gegen Schluss in den Trubel. Die Landschaft ist grossartig und der God da Tamangur eindr\u00fccklich.<\/p>\n<table>\n<tbody>\n<tr>\n<td width=\"150\">Start:<\/td>\n<td>Tschierv<\/td>\n<\/tr>\n<tr>\n<td>Ziel:<\/td>\n<td>S-charl<\/td>\n<\/tr>\n<tr>\n<td>Strecke:<\/td>\n<td>Tschierv &#8211; Alp Champatsch &#8211; Pass da Costainas &#8211; Alp Astras &#8211; God da Tamangur &#8211; S-charl<\/td>\n<\/tr>\n<tr>\n<td>Distanz:<\/td>\n<td>16 Kilometer<\/td>\n<\/tr>\n<tr>\n<td>H\u00f6henmeter:<\/td>\n<td>650 Meter<\/td>\n<\/tr>\n<tr>\n<td>Wanderzeit:<\/td>\n<td>4 \u00bd Stunden<\/td>\n<\/tr>\n<tr>\n<td>Schwierigkeit:<\/td>\n<td>T2<\/td>\n<\/tr>\n<tr>\n<td>GPS-Track:<\/td>\n<td><a href=\"https:\/\/idnu.ch\/wordpress\/wp-content\/uploads\/2023\/09\/Pass_da_Costainas.gpx\">Pass da Costainas<\/a><\/td>\n<\/tr>\n<tr>\n<td>H\u00f6hepunkte:<\/td>\n<td>Landschaft, God da Tamangur<\/td>\n<\/tr>\n<tr>\n<td>Alternative:<\/td>\n<td>Kann auch in die umgekehrte Richtung gemacht werden mit Ziel L\u00fc.<\/td>\n<\/tr>\n<\/tbody>\n<\/table>\n<blockquote class=\"embedly-card\" data-card-controls=\"0\" data-card-key=\"f1631a41cb254ca5b035dc5747a5bd75\">\n<h4><a href=\"https:\/\/www.relive.cc\/view\/v4OGgrJee5O?r=embed-site\">Relive &#8218;\u00dcber den Pass da Costainas nach S-charl&#8216;<\/a><\/h4>\n<\/blockquote>\n<p><script async src=\"https:\/\/cdn.embedly.com\/widgets\/platform.js\" charset=\"UTF-8\"><\/script><\/p>\n","protected":false},"excerpt":{"rendered":"<p>Um durch den h\u00f6chstgelegenen Arvenwald Europas zu wandern, stiegen wir von Tschierv zum&#8230;<\/p>\n","protected":false},"author":2,"featured_media":23988,"comment_status":"open","ping_status":"open","sticky":false,"template":"","format":"standard","meta":{"_monsterinsights_skip_tracking":false,"_monsterinsights_sitenote_active":false,"_monsterinsights_sitenote_note":"","_monsterinsights_sitenote_category":0,"jetpack_post_was_ever_published":false,"_jetpack_newsletter_access":"","_jetpack_dont_email_post_to_subs":false,"_jetpack_newsletter_tier_id":0,"_jetpack_memberships_contains_paywalled_content":false,"_jetpack_memberships_contains_paid_content":false,"footnotes":"","jetpack_publicize_message":"","jetpack_publicize_feature_enabled":true,"jetpack_social_post_already_shared":true,"jetpack_social_options":{"image_generator_settings":{"template":"highway","default_image_id":0,"font":"","enabled":false},"version":2}},"categories":[63,912,5],"tags":[1592,1593,1591,1589,1303,1590],"class_list":["post-23925","post","type-post","status-publish","format-standard","has-post-thumbnail","hentry","category-graubuenden","category-graubuenden-tourismusregionen","category-wandern","tag-arve","tag-arvenwald","tag-god-da-tamangur","tag-pass-da-costainas","tag-s-charl","tag-tschierv"],"geo":{"latitude":46.67273329999999731398929725401103496551513671875,"longitude":10.35512920000000036679921322502195835113525390625,"description":"L\u00fc, Kanton Graub\u00fcnden, 7534, CH"},"yoast_head":"<!-- This site is optimized with the Yoast SEO plugin v27.4 - https:\/\/yoast.com\/product\/yoast-seo-wordpress\/ -->\n<title>Durch den h\u00f6chstgelegenen Arvenwald Europas - In der Natur unterwegs<\/title>\n<meta name=\"description\" content=\"F\u00fcr die Wanderung durch den h\u00f6chstgelegenen Arvenwald Europas wanderten wir von Tschierv \u00fcber den Pass da Costainas nach S-charl.\" \/>\n<meta name=\"robots\" content=\"index, follow, max-snippet:-1, max-image-preview:large, max-video-preview:-1\" \/>\n<link rel=\"canonical\" href=\"https:\/\/idnu.ch\/wordpress\/durch-den-hoechstgelegenen-arvenwald-europas\/\" \/>\n<meta property=\"og:locale\" content=\"de_DE\" \/>\n<meta property=\"og:type\" content=\"article\" \/>\n<meta property=\"og:title\" content=\"Durch den h\u00f6chstgelegenen Arvenwald Europas - In der Natur unterwegs\" \/>\n<meta property=\"og:description\" content=\"F\u00fcr die Wanderung durch den h\u00f6chstgelegenen Arvenwald Europas wanderten wir von Tschierv \u00fcber den Pass da Costainas nach S-charl.\" \/>\n<meta property=\"og:url\" content=\"https:\/\/idnu.ch\/wordpress\/durch-den-hoechstgelegenen-arvenwald-europas\/\" \/>\n<meta property=\"og:site_name\" content=\"In der Natur unterwegs\" \/>\n<meta property=\"article:published_time\" content=\"2023-09-15T17:33:22+00:00\" \/>\n<meta property=\"og:image\" content=\"https:\/\/idnu.ch\/wordpress\/wp-content\/uploads\/2023\/09\/val_muestair-20230717-1013.jpg\" \/>\n\t<meta property=\"og:image:width\" content=\"1240\" \/>\n\t<meta property=\"og:image:height\" content=\"827\" \/>\n\t<meta property=\"og:image:type\" content=\"image\/jpeg\" \/>\n<meta name=\"author\" content=\"Urs Kyburz\" \/>\n<meta name=\"twitter:card\" content=\"summary_large_image\" \/>\n<meta name=\"twitter:creator\" content=\"@idnu_ch\" \/>\n<meta name=\"twitter:site\" content=\"@idnu_ch\" \/>\n<meta name=\"twitter:label1\" content=\"Verfasst von\" \/>\n\t<meta name=\"twitter:data1\" content=\"Urs Kyburz\" \/>\n\t<meta name=\"twitter:label2\" content=\"Gesch\u00e4tzte Lesezeit\" \/>\n\t<meta name=\"twitter:data2\" content=\"4\u00a0Minuten\" \/>\n<script type=\"application\/ld+json\" class=\"yoast-schema-graph\">{\"@context\":\"https:\\\/\\\/schema.org\",\"@graph\":[{\"@type\":\"Article\",\"@id\":\"https:\\\/\\\/idnu.ch\\\/wordpress\\\/durch-den-hoechstgelegenen-arvenwald-europas\\\/#article\",\"isPartOf\":{\"@id\":\"https:\\\/\\\/idnu.ch\\\/wordpress\\\/durch-den-hoechstgelegenen-arvenwald-europas\\\/\"},\"author\":{\"name\":\"Urs Kyburz\",\"@id\":\"https:\\\/\\\/idnu.ch\\\/wordpress\\\/#\\\/schema\\\/person\\\/1ab8c5de743be7b019272124c19ad351\"},\"headline\":\"Durch den h\u00f6chstgelegenen Arvenwald Europas\",\"datePublished\":\"2023-09-15T17:33:22+00:00\",\"mainEntityOfPage\":{\"@id\":\"https:\\\/\\\/idnu.ch\\\/wordpress\\\/durch-den-hoechstgelegenen-arvenwald-europas\\\/\"},\"wordCount\":705,\"commentCount\":1,\"publisher\":{\"@id\":\"https:\\\/\\\/idnu.ch\\\/wordpress\\\/#\\\/schema\\\/person\\\/1ab8c5de743be7b019272124c19ad351\"},\"image\":{\"@id\":\"https:\\\/\\\/idnu.ch\\\/wordpress\\\/durch-den-hoechstgelegenen-arvenwald-europas\\\/#primaryimage\"},\"thumbnailUrl\":\"https:\\\/\\\/i0.wp.com\\\/idnu.ch\\\/wordpress\\\/wp-content\\\/uploads\\\/2023\\\/09\\\/val_muestair-20230717-1013.jpg?fit=1240%2C827&ssl=1\",\"keywords\":[\"Arve\",\"Arvenwald\",\"God da Tamangur\",\"Pass da Costainas\",\"S-charl\",\"Tschierv\"],\"articleSection\":[\"Graub\u00fcnden\",\"Graub\u00fcnden\",\"Wandern\"],\"inLanguage\":\"de\",\"potentialAction\":[{\"@type\":\"CommentAction\",\"name\":\"Comment\",\"target\":[\"https:\\\/\\\/idnu.ch\\\/wordpress\\\/durch-den-hoechstgelegenen-arvenwald-europas\\\/#respond\"]}]},{\"@type\":\"WebPage\",\"@id\":\"https:\\\/\\\/idnu.ch\\\/wordpress\\\/durch-den-hoechstgelegenen-arvenwald-europas\\\/\",\"url\":\"https:\\\/\\\/idnu.ch\\\/wordpress\\\/durch-den-hoechstgelegenen-arvenwald-europas\\\/\",\"name\":\"Durch den h\u00f6chstgelegenen Arvenwald Europas - In der Natur unterwegs\",\"isPartOf\":{\"@id\":\"https:\\\/\\\/idnu.ch\\\/wordpress\\\/#website\"},\"primaryImageOfPage\":{\"@id\":\"https:\\\/\\\/idnu.ch\\\/wordpress\\\/durch-den-hoechstgelegenen-arvenwald-europas\\\/#primaryimage\"},\"image\":{\"@id\":\"https:\\\/\\\/idnu.ch\\\/wordpress\\\/durch-den-hoechstgelegenen-arvenwald-europas\\\/#primaryimage\"},\"thumbnailUrl\":\"https:\\\/\\\/i0.wp.com\\\/idnu.ch\\\/wordpress\\\/wp-content\\\/uploads\\\/2023\\\/09\\\/val_muestair-20230717-1013.jpg?fit=1240%2C827&ssl=1\",\"datePublished\":\"2023-09-15T17:33:22+00:00\",\"description\":\"F\u00fcr die Wanderung durch den h\u00f6chstgelegenen Arvenwald Europas wanderten wir von Tschierv \u00fcber den Pass da Costainas nach S-charl.\",\"breadcrumb\":{\"@id\":\"https:\\\/\\\/idnu.ch\\\/wordpress\\\/durch-den-hoechstgelegenen-arvenwald-europas\\\/#breadcrumb\"},\"inLanguage\":\"de\",\"potentialAction\":[{\"@type\":\"ReadAction\",\"target\":[\"https:\\\/\\\/idnu.ch\\\/wordpress\\\/durch-den-hoechstgelegenen-arvenwald-europas\\\/\"]}]},{\"@type\":\"ImageObject\",\"inLanguage\":\"de\",\"@id\":\"https:\\\/\\\/idnu.ch\\\/wordpress\\\/durch-den-hoechstgelegenen-arvenwald-europas\\\/#primaryimage\",\"url\":\"https:\\\/\\\/i0.wp.com\\\/idnu.ch\\\/wordpress\\\/wp-content\\\/uploads\\\/2023\\\/09\\\/val_muestair-20230717-1013.jpg?fit=1240%2C827&ssl=1\",\"contentUrl\":\"https:\\\/\\\/i0.wp.com\\\/idnu.ch\\\/wordpress\\\/wp-content\\\/uploads\\\/2023\\\/09\\\/val_muestair-20230717-1013.jpg?fit=1240%2C827&ssl=1\",\"width\":1240,\"height\":827,\"caption\":\"Zum God da Tamangur\"},{\"@type\":\"BreadcrumbList\",\"@id\":\"https:\\\/\\\/idnu.ch\\\/wordpress\\\/durch-den-hoechstgelegenen-arvenwald-europas\\\/#breadcrumb\",\"itemListElement\":[{\"@type\":\"ListItem\",\"position\":1,\"name\":\"Startseite\",\"item\":\"https:\\\/\\\/idnu.ch\\\/wordpress\\\/\"},{\"@type\":\"ListItem\",\"position\":2,\"name\":\"Durch den h\u00f6chstgelegenen Arvenwald Europas\"}]},{\"@type\":\"WebSite\",\"@id\":\"https:\\\/\\\/idnu.ch\\\/wordpress\\\/#website\",\"url\":\"https:\\\/\\\/idnu.ch\\\/wordpress\\\/\",\"name\":\"In der Natur unterwegs\",\"description\":\"Dort, wo es am sch\u00f6nsten ist\",\"publisher\":{\"@id\":\"https:\\\/\\\/idnu.ch\\\/wordpress\\\/#\\\/schema\\\/person\\\/1ab8c5de743be7b019272124c19ad351\"},\"potentialAction\":[{\"@type\":\"SearchAction\",\"target\":{\"@type\":\"EntryPoint\",\"urlTemplate\":\"https:\\\/\\\/idnu.ch\\\/wordpress\\\/?s={search_term_string}\"},\"query-input\":{\"@type\":\"PropertyValueSpecification\",\"valueRequired\":true,\"valueName\":\"search_term_string\"}}],\"inLanguage\":\"de\"},{\"@type\":[\"Person\",\"Organization\"],\"@id\":\"https:\\\/\\\/idnu.ch\\\/wordpress\\\/#\\\/schema\\\/person\\\/1ab8c5de743be7b019272124c19ad351\",\"name\":\"Urs Kyburz\",\"image\":{\"@type\":\"ImageObject\",\"inLanguage\":\"de\",\"@id\":\"https:\\\/\\\/i0.wp.com\\\/idnu.ch\\\/wordpress\\\/wp-content\\\/uploads\\\/2016\\\/02\\\/logo_150x165.gif?fit=3151%2C3456&ssl=1\",\"url\":\"https:\\\/\\\/i0.wp.com\\\/idnu.ch\\\/wordpress\\\/wp-content\\\/uploads\\\/2016\\\/02\\\/logo_150x165.gif?fit=3151%2C3456&ssl=1\",\"contentUrl\":\"https:\\\/\\\/i0.wp.com\\\/idnu.ch\\\/wordpress\\\/wp-content\\\/uploads\\\/2016\\\/02\\\/logo_150x165.gif?fit=3151%2C3456&ssl=1\",\"width\":3151,\"height\":3456,\"caption\":\"Urs Kyburz\"},\"logo\":{\"@id\":\"https:\\\/\\\/i0.wp.com\\\/idnu.ch\\\/wordpress\\\/wp-content\\\/uploads\\\/2016\\\/02\\\/logo_150x165.gif?fit=3151%2C3456&ssl=1\"}}]}<\/script>\n<!-- \/ Yoast SEO plugin. -->","yoast_head_json":{"title":"Durch den h\u00f6chstgelegenen Arvenwald Europas - In der Natur unterwegs","description":"F\u00fcr die Wanderung durch den h\u00f6chstgelegenen Arvenwald Europas wanderten wir von Tschierv \u00fcber den Pass da Costainas nach S-charl.","robots":{"index":"index","follow":"follow","max-snippet":"max-snippet:-1","max-image-preview":"max-image-preview:large","max-video-preview":"max-video-preview:-1"},"canonical":"https:\/\/idnu.ch\/wordpress\/durch-den-hoechstgelegenen-arvenwald-europas\/","og_locale":"de_DE","og_type":"article","og_title":"Durch den h\u00f6chstgelegenen Arvenwald Europas - In der Natur unterwegs","og_description":"F\u00fcr die Wanderung durch den h\u00f6chstgelegenen Arvenwald Europas wanderten wir von Tschierv \u00fcber den Pass da Costainas nach S-charl.","og_url":"https:\/\/idnu.ch\/wordpress\/durch-den-hoechstgelegenen-arvenwald-europas\/","og_site_name":"In der Natur unterwegs","article_published_time":"2023-09-15T17:33:22+00:00","og_image":[{"width":1240,"height":827,"url":"https:\/\/idnu.ch\/wordpress\/wp-content\/uploads\/2023\/09\/val_muestair-20230717-1013.jpg","type":"image\/jpeg"}],"author":"Urs Kyburz","twitter_card":"summary_large_image","twitter_creator":"@idnu_ch","twitter_site":"@idnu_ch","twitter_misc":{"Verfasst von":"Urs Kyburz","Gesch\u00e4tzte Lesezeit":"4\u00a0Minuten"},"schema":{"@context":"https:\/\/schema.org","@graph":[{"@type":"Article","@id":"https:\/\/idnu.ch\/wordpress\/durch-den-hoechstgelegenen-arvenwald-europas\/#article","isPartOf":{"@id":"https:\/\/idnu.ch\/wordpress\/durch-den-hoechstgelegenen-arvenwald-europas\/"},"author":{"name":"Urs Kyburz","@id":"https:\/\/idnu.ch\/wordpress\/#\/schema\/person\/1ab8c5de743be7b019272124c19ad351"},"headline":"Durch den h\u00f6chstgelegenen Arvenwald Europas","datePublished":"2023-09-15T17:33:22+00:00","mainEntityOfPage":{"@id":"https:\/\/idnu.ch\/wordpress\/durch-den-hoechstgelegenen-arvenwald-europas\/"},"wordCount":705,"commentCount":1,"publisher":{"@id":"https:\/\/idnu.ch\/wordpress\/#\/schema\/person\/1ab8c5de743be7b019272124c19ad351"},"image":{"@id":"https:\/\/idnu.ch\/wordpress\/durch-den-hoechstgelegenen-arvenwald-europas\/#primaryimage"},"thumbnailUrl":"https:\/\/i0.wp.com\/idnu.ch\/wordpress\/wp-content\/uploads\/2023\/09\/val_muestair-20230717-1013.jpg?fit=1240%2C827&ssl=1","keywords":["Arve","Arvenwald","God da Tamangur","Pass da Costainas","S-charl","Tschierv"],"articleSection":["Graub\u00fcnden","Graub\u00fcnden","Wandern"],"inLanguage":"de","potentialAction":[{"@type":"CommentAction","name":"Comment","target":["https:\/\/idnu.ch\/wordpress\/durch-den-hoechstgelegenen-arvenwald-europas\/#respond"]}]},{"@type":"WebPage","@id":"https:\/\/idnu.ch\/wordpress\/durch-den-hoechstgelegenen-arvenwald-europas\/","url":"https:\/\/idnu.ch\/wordpress\/durch-den-hoechstgelegenen-arvenwald-europas\/","name":"Durch den h\u00f6chstgelegenen Arvenwald Europas - In der Natur unterwegs","isPartOf":{"@id":"https:\/\/idnu.ch\/wordpress\/#website"},"primaryImageOfPage":{"@id":"https:\/\/idnu.ch\/wordpress\/durch-den-hoechstgelegenen-arvenwald-europas\/#primaryimage"},"image":{"@id":"https:\/\/idnu.ch\/wordpress\/durch-den-hoechstgelegenen-arvenwald-europas\/#primaryimage"},"thumbnailUrl":"https:\/\/i0.wp.com\/idnu.ch\/wordpress\/wp-content\/uploads\/2023\/09\/val_muestair-20230717-1013.jpg?fit=1240%2C827&ssl=1","datePublished":"2023-09-15T17:33:22+00:00","description":"F\u00fcr die Wanderung durch den h\u00f6chstgelegenen Arvenwald Europas wanderten wir von Tschierv \u00fcber den Pass da Costainas nach S-charl.","breadcrumb":{"@id":"https:\/\/idnu.ch\/wordpress\/durch-den-hoechstgelegenen-arvenwald-europas\/#breadcrumb"},"inLanguage":"de","potentialAction":[{"@type":"ReadAction","target":["https:\/\/idnu.ch\/wordpress\/durch-den-hoechstgelegenen-arvenwald-europas\/"]}]},{"@type":"ImageObject","inLanguage":"de","@id":"https:\/\/idnu.ch\/wordpress\/durch-den-hoechstgelegenen-arvenwald-europas\/#primaryimage","url":"https:\/\/i0.wp.com\/idnu.ch\/wordpress\/wp-content\/uploads\/2023\/09\/val_muestair-20230717-1013.jpg?fit=1240%2C827&ssl=1","contentUrl":"https:\/\/i0.wp.com\/idnu.ch\/wordpress\/wp-content\/uploads\/2023\/09\/val_muestair-20230717-1013.jpg?fit=1240%2C827&ssl=1","width":1240,"height":827,"caption":"Zum God da Tamangur"},{"@type":"BreadcrumbList","@id":"https:\/\/idnu.ch\/wordpress\/durch-den-hoechstgelegenen-arvenwald-europas\/#breadcrumb","itemListElement":[{"@type":"ListItem","position":1,"name":"Startseite","item":"https:\/\/idnu.ch\/wordpress\/"},{"@type":"ListItem","position":2,"name":"Durch den h\u00f6chstgelegenen Arvenwald Europas"}]},{"@type":"WebSite","@id":"https:\/\/idnu.ch\/wordpress\/#website","url":"https:\/\/idnu.ch\/wordpress\/","name":"In der Natur unterwegs","description":"Dort, wo es am sch\u00f6nsten ist","publisher":{"@id":"https:\/\/idnu.ch\/wordpress\/#\/schema\/person\/1ab8c5de743be7b019272124c19ad351"},"potentialAction":[{"@type":"SearchAction","target":{"@type":"EntryPoint","urlTemplate":"https:\/\/idnu.ch\/wordpress\/?s={search_term_string}"},"query-input":{"@type":"PropertyValueSpecification","valueRequired":true,"valueName":"search_term_string"}}],"inLanguage":"de"},{"@type":["Person","Organization"],"@id":"https:\/\/idnu.ch\/wordpress\/#\/schema\/person\/1ab8c5de743be7b019272124c19ad351","name":"Urs Kyburz","image":{"@type":"ImageObject","inLanguage":"de","@id":"https:\/\/i0.wp.com\/idnu.ch\/wordpress\/wp-content\/uploads\/2016\/02\/logo_150x165.gif?fit=3151%2C3456&ssl=1","url":"https:\/\/i0.wp.com\/idnu.ch\/wordpress\/wp-content\/uploads\/2016\/02\/logo_150x165.gif?fit=3151%2C3456&ssl=1","contentUrl":"https:\/\/i0.wp.com\/idnu.ch\/wordpress\/wp-content\/uploads\/2016\/02\/logo_150x165.gif?fit=3151%2C3456&ssl=1","width":3151,"height":3456,"caption":"Urs Kyburz"},"logo":{"@id":"https:\/\/i0.wp.com\/idnu.ch\/wordpress\/wp-content\/uploads\/2016\/02\/logo_150x165.gif?fit=3151%2C3456&ssl=1"}}]}},"jetpack_publicize_connections":[],"jetpack_featured_media_url":"https:\/\/i0.wp.com\/idnu.ch\/wordpress\/wp-content\/uploads\/2023\/09\/val_muestair-20230717-1013.jpg?fit=1240%2C827&ssl=1","jetpack_sharing_enabled":true,"jetpack_shortlink":"https:\/\/wp.me\/p6MmGG-6dT","jetpack-related-posts":[{"id":24414,"url":"https:\/\/idnu.ch\/wordpress\/natur-pur-in-der-val-muestair\/","url_meta":{"origin":23925,"position":0},"title":"Natur pur in der Val M\u00fcstair","author":"Urs Kyburz","date":"5. November 2023","format":false,"excerpt":"Zwei Wochen verbrachten wir in der Biosfera Val M\u00fcstair, genauer in Tschierv. Das Sch\u00f6ne daran: Es gibt keine Bahnen, keine Lifte, keinen Massentourismus. Das weniger Sch\u00f6ne daran: Besonders an Wochenenden herrscht viel motorisierter Verkehr \u00fcber den Ofenpass und durchs Tal. Trotzdem findet man \u00fcberall Natur pur in der Val M\u00fcstair.\u2026","rel":"","context":"In &quot;Destinationen&quot;","block_context":{"text":"Destinationen","link":"https:\/\/idnu.ch\/wordpress\/category\/destinationen\/"},"img":{"alt_text":"","src":"https:\/\/i0.wp.com\/idnu.ch\/wordpress\/wp-content\/uploads\/2023\/07\/val_muestair-20230716-902.jpg?fit=1200%2C800&ssl=1&resize=350%2C200","width":350,"height":200,"srcset":"https:\/\/i0.wp.com\/idnu.ch\/wordpress\/wp-content\/uploads\/2023\/07\/val_muestair-20230716-902.jpg?fit=1200%2C800&ssl=1&resize=350%2C200 1x, https:\/\/i0.wp.com\/idnu.ch\/wordpress\/wp-content\/uploads\/2023\/07\/val_muestair-20230716-902.jpg?fit=1200%2C800&ssl=1&resize=525%2C300 1.5x, https:\/\/i0.wp.com\/idnu.ch\/wordpress\/wp-content\/uploads\/2023\/07\/val_muestair-20230716-902.jpg?fit=1200%2C800&ssl=1&resize=700%2C400 2x, https:\/\/i0.wp.com\/idnu.ch\/wordpress\/wp-content\/uploads\/2023\/07\/val_muestair-20230716-902.jpg?fit=1200%2C800&ssl=1&resize=1050%2C600 3x"},"classes":[]},{"id":24101,"url":"https:\/\/idnu.ch\/wordpress\/in-tschierv-hinter-dem-haus\/","url_meta":{"origin":23925,"position":1},"title":"In Tschierv hinter dem Haus","author":"Urs Kyburz","date":"5. Oktober 2023","format":false,"excerpt":"Unsere Ferienwohnung war in einem der ersten H\u00e4user von Tschierv, wenn man vom Ofenpass in die Val M\u00fcstair f\u00e4hrt. Etwas ausserhalb vom Dorf, daf\u00fcr rundum von Gr\u00fcn umgeben. Klar, dass wir die Natur in Tschierv hinter dem Haus ausgiebig erkundeten. Schmetterlinge Schon der Weg zum Dorfladen war ein Spaziergang durch\u2026","rel":"","context":"In &quot;Graub\u00fcnden&quot;","block_context":{"text":"Graub\u00fcnden","link":"https:\/\/idnu.ch\/wordpress\/category\/kanton\/graubuenden\/"},"img":{"alt_text":"","src":"https:\/\/i0.wp.com\/idnu.ch\/wordpress\/wp-content\/uploads\/2023\/09\/val_muestair-20230711-377.jpg?fit=1200%2C800&ssl=1&resize=350%2C200","width":350,"height":200,"srcset":"https:\/\/i0.wp.com\/idnu.ch\/wordpress\/wp-content\/uploads\/2023\/09\/val_muestair-20230711-377.jpg?fit=1200%2C800&ssl=1&resize=350%2C200 1x, https:\/\/i0.wp.com\/idnu.ch\/wordpress\/wp-content\/uploads\/2023\/09\/val_muestair-20230711-377.jpg?fit=1200%2C800&ssl=1&resize=525%2C300 1.5x, https:\/\/i0.wp.com\/idnu.ch\/wordpress\/wp-content\/uploads\/2023\/09\/val_muestair-20230711-377.jpg?fit=1200%2C800&ssl=1&resize=700%2C400 2x, https:\/\/i0.wp.com\/idnu.ch\/wordpress\/wp-content\/uploads\/2023\/09\/val_muestair-20230711-377.jpg?fit=1200%2C800&ssl=1&resize=1050%2C600 3x"},"classes":[]},{"id":23844,"url":"https:\/\/idnu.ch\/wordpress\/die-dora-die-keine-ist\/","url_meta":{"origin":23925,"position":2},"title":"Die Dora, die keine ist","author":"Urs Kyburz","date":"31. August 2023","format":false,"excerpt":"Nachdem wir die Woche zuvor immer mit den grossen Objektiven unterwegs waren, wollten wir nun, nur noch zu zweit, wieder mal (fast) nur wandern. Das Ziel soll der Piz Dora sein, der aber keine Dora ist. Warum? Etwas Etymologie Es sind Zwillingsberge, der Piz Dora und der Piz Daint. So\u2026","rel":"","context":"In &quot;Graub\u00fcnden&quot;","block_context":{"text":"Graub\u00fcnden","link":"https:\/\/idnu.ch\/wordpress\/category\/kanton\/graubuenden\/"},"img":{"alt_text":"","src":"https:\/\/i0.wp.com\/idnu.ch\/wordpress\/wp-content\/uploads\/2023\/08\/val_muestair-20230715-853.jpg?fit=1200%2C800&ssl=1&resize=350%2C200","width":350,"height":200,"srcset":"https:\/\/i0.wp.com\/idnu.ch\/wordpress\/wp-content\/uploads\/2023\/08\/val_muestair-20230715-853.jpg?fit=1200%2C800&ssl=1&resize=350%2C200 1x, https:\/\/i0.wp.com\/idnu.ch\/wordpress\/wp-content\/uploads\/2023\/08\/val_muestair-20230715-853.jpg?fit=1200%2C800&ssl=1&resize=525%2C300 1.5x, https:\/\/i0.wp.com\/idnu.ch\/wordpress\/wp-content\/uploads\/2023\/08\/val_muestair-20230715-853.jpg?fit=1200%2C800&ssl=1&resize=700%2C400 2x, https:\/\/i0.wp.com\/idnu.ch\/wordpress\/wp-content\/uploads\/2023\/08\/val_muestair-20230715-853.jpg?fit=1200%2C800&ssl=1&resize=1050%2C600 3x"},"classes":[]},{"id":23602,"url":"https:\/\/idnu.ch\/wordpress\/a-la-riva-dal-rom\/","url_meta":{"origin":23925,"position":3},"title":"A la riva dal Rom","author":"Urs Kyburz","date":"31. Juli 2023","format":false,"excerpt":"\"A la riva dal Rom\" heisst \"am Ufer des Rom\". Der Rom ist der Bach, der durch die Val M\u00fcstair fliesst und diesem folgt ein sch\u00f6ner Wanderweg. Es war eine ideale Einlauftour f\u00fcr unsere Ferien im M\u00fcnstertal. Schon vor 10 Jahren waren hier. Was uns wohl wieder bekannt vorkommt? Von\u2026","rel":"","context":"In &quot;Graub\u00fcnden&quot;","block_context":{"text":"Graub\u00fcnden","link":"https:\/\/idnu.ch\/wordpress\/category\/kanton\/graubuenden\/"},"img":{"alt_text":"","src":"https:\/\/i0.wp.com\/idnu.ch\/wordpress\/wp-content\/uploads\/2023\/07\/val_muestair-20230716-929.jpg?fit=1200%2C800&ssl=1&resize=350%2C200","width":350,"height":200,"srcset":"https:\/\/i0.wp.com\/idnu.ch\/wordpress\/wp-content\/uploads\/2023\/07\/val_muestair-20230716-929.jpg?fit=1200%2C800&ssl=1&resize=350%2C200 1x, https:\/\/i0.wp.com\/idnu.ch\/wordpress\/wp-content\/uploads\/2023\/07\/val_muestair-20230716-929.jpg?fit=1200%2C800&ssl=1&resize=525%2C300 1.5x, https:\/\/i0.wp.com\/idnu.ch\/wordpress\/wp-content\/uploads\/2023\/07\/val_muestair-20230716-929.jpg?fit=1200%2C800&ssl=1&resize=700%2C400 2x, https:\/\/i0.wp.com\/idnu.ch\/wordpress\/wp-content\/uploads\/2023\/07\/val_muestair-20230716-929.jpg?fit=1200%2C800&ssl=1&resize=1050%2C600 3x"},"classes":[]},{"id":202,"url":"https:\/\/idnu.ch\/wordpress\/biketipp-im-angesicht-der-eisriesen\/","url_meta":{"origin":23925,"position":4},"title":"Im Angesicht der Eisriesen","author":"Urs Kyburz","date":"22. Juni 2013","format":false,"excerpt":"Pontresina ist ber\u00fchmt f\u00fcr seine vielf\u00e4ltigen Outdoor-M\u00f6glichkeiten, von Wandern \u00fcber Bergsteigen bis zum Biken wird dort alles geboten, was sich Natursportler w\u00fcnschen. Aber nicht nur die Grossen, auch unsere kleinen Biker kommen hier auf die Rechnung. Im Angesicht der Eisriesen ist die folgende Tour ideal zum Einfahren und Kennenlernen der\u2026","rel":"","context":"In &quot;Graub\u00fcnden&quot;","block_context":{"text":"Graub\u00fcnden","link":"https:\/\/idnu.ch\/wordpress\/category\/kanton\/graubuenden\/"},"img":{"alt_text":"Pontresina-Runde","src":"https:\/\/i0.wp.com\/idnu.ch\/wordpress\/wp-content\/uploads\/2013\/06\/IMG_5635.jpg?fit=1200%2C900&ssl=1&resize=350%2C200","width":350,"height":200,"srcset":"https:\/\/i0.wp.com\/idnu.ch\/wordpress\/wp-content\/uploads\/2013\/06\/IMG_5635.jpg?fit=1200%2C900&ssl=1&resize=350%2C200 1x, https:\/\/i0.wp.com\/idnu.ch\/wordpress\/wp-content\/uploads\/2013\/06\/IMG_5635.jpg?fit=1200%2C900&ssl=1&resize=525%2C300 1.5x, https:\/\/i0.wp.com\/idnu.ch\/wordpress\/wp-content\/uploads\/2013\/06\/IMG_5635.jpg?fit=1200%2C900&ssl=1&resize=700%2C400 2x, https:\/\/i0.wp.com\/idnu.ch\/wordpress\/wp-content\/uploads\/2013\/06\/IMG_5635.jpg?fit=1200%2C900&ssl=1&resize=1050%2C600 3x"},"classes":[]},{"id":193,"url":"https:\/\/idnu.ch\/wordpress\/on-route-27-durch-das-val-muestair-ins-vinschgau\/","url_meta":{"origin":23925,"position":5},"title":"On Route 27: Durch das Val M\u00fcstair ins Vinschgau","author":"Urs Kyburz","date":"4. August 2013","format":false,"excerpt":"Die Route 27 f\u00fchrt von Zernez nach Mals im Vinschgau. Wir haben die Route verk\u00fcrzt und sind, in Etappen, von Tschierv nach Mals gefahren. Der R\u00fccktransport an den Ferienort stellte sich als logistische Herausforderung dar. Die Route 27 ist so gestaltet, wie ich mir eine ideale Veloroute vorstelle: Nie auf\u2026","rel":"","context":"In &quot;Graub\u00fcnden&quot;","block_context":{"text":"Graub\u00fcnden","link":"https:\/\/idnu.ch\/wordpress\/category\/kanton\/graubuenden\/"},"img":{"alt_text":"Route 29: In Glurns","src":"https:\/\/i0.wp.com\/idnu.ch\/wordpress\/wp-content\/uploads\/2013\/08\/m%C3%BCnstertal_0074.jpg?fit=1024%2C683&ssl=1&resize=350%2C200","width":350,"height":200,"srcset":"https:\/\/i0.wp.com\/idnu.ch\/wordpress\/wp-content\/uploads\/2013\/08\/m%C3%BCnstertal_0074.jpg?fit=1024%2C683&ssl=1&resize=350%2C200 1x, https:\/\/i0.wp.com\/idnu.ch\/wordpress\/wp-content\/uploads\/2013\/08\/m%C3%BCnstertal_0074.jpg?fit=1024%2C683&ssl=1&resize=525%2C300 1.5x, https:\/\/i0.wp.com\/idnu.ch\/wordpress\/wp-content\/uploads\/2013\/08\/m%C3%BCnstertal_0074.jpg?fit=1024%2C683&ssl=1&resize=700%2C400 2x"},"classes":[]}],"jetpack_likes_enabled":true,"_links":{"self":[{"href":"https:\/\/idnu.ch\/wordpress\/wp-json\/wp\/v2\/posts\/23925","targetHints":{"allow":["GET"]}}],"collection":[{"href":"https:\/\/idnu.ch\/wordpress\/wp-json\/wp\/v2\/posts"}],"about":[{"href":"https:\/\/idnu.ch\/wordpress\/wp-json\/wp\/v2\/types\/post"}],"author":[{"embeddable":true,"href":"https:\/\/idnu.ch\/wordpress\/wp-json\/wp\/v2\/users\/2"}],"replies":[{"embeddable":true,"href":"https:\/\/idnu.ch\/wordpress\/wp-json\/wp\/v2\/comments?post=23925"}],"version-history":[{"count":8,"href":"https:\/\/idnu.ch\/wordpress\/wp-json\/wp\/v2\/posts\/23925\/revisions"}],"predecessor-version":[{"id":23998,"href":"https:\/\/idnu.ch\/wordpress\/wp-json\/wp\/v2\/posts\/23925\/revisions\/23998"}],"wp:featuredmedia":[{"embeddable":true,"href":"https:\/\/idnu.ch\/wordpress\/wp-json\/wp\/v2\/media\/23988"}],"wp:attachment":[{"href":"https:\/\/idnu.ch\/wordpress\/wp-json\/wp\/v2\/media?parent=23925"}],"wp:term":[{"taxonomy":"category","embeddable":true,"href":"https:\/\/idnu.ch\/wordpress\/wp-json\/wp\/v2\/categories?post=23925"},{"taxonomy":"post_tag","embeddable":true,"href":"https:\/\/idnu.ch\/wordpress\/wp-json\/wp\/v2\/tags?post=23925"}],"curies":[{"name":"wp","href":"https:\/\/api.w.org\/{rel}","templated":true}]}}