{"id":24414,"date":"2023-11-05T12:16:54","date_gmt":"2023-11-05T11:16:54","guid":{"rendered":"https:\/\/idnu.ch\/wordpress\/?p=24414"},"modified":"2024-12-10T15:15:40","modified_gmt":"2024-12-10T14:15:40","slug":"natur-pur-in-der-val-muestair","status":"publish","type":"post","link":"https:\/\/idnu.ch\/wordpress\/natur-pur-in-der-val-muestair\/","title":{"rendered":"Natur pur in der Val M\u00fcstair"},"content":{"rendered":"<p><strong>Zwei Wochen verbrachten wir in der Biosfera Val M\u00fcstair, genauer in Tschierv. Das Sch\u00f6ne daran: Es gibt keine Bahnen, keine Lifte, keinen Massentourismus. Das weniger Sch\u00f6ne daran: Besonders an Wochenenden herrscht viel motorisierter Verkehr \u00fcber den Ofenpass und durchs Tal. Trotzdem findet man \u00fcberall Natur pur in der Val M\u00fcstair.<\/strong><\/p>\n<figure id=\"attachment_23874\" aria-describedby=\"caption-attachment-23874\" style=\"width: 1240px\" class=\"wp-caption alignnone\"><a href=\"https:\/\/i0.wp.com\/idnu.ch\/wordpress\/wp-content\/uploads\/2023\/08\/val_muestair-20230715-840.jpg?ssl=1\"><img data-recalc-dims=\"1\" loading=\"lazy\" decoding=\"async\" data-attachment-id=\"23874\" data-permalink=\"https:\/\/idnu.ch\/wordpress\/die-dora-die-keine-ist\/val_muestair-20230715-840\/#main\" data-orig-file=\"https:\/\/i0.wp.com\/idnu.ch\/wordpress\/wp-content\/uploads\/2023\/08\/val_muestair-20230715-840.jpg?fit=1240%2C827&amp;ssl=1\" data-orig-size=\"1240,827\" data-comments-opened=\"1\" data-image-meta=\"{&quot;aperture&quot;:&quot;0&quot;,&quot;credit&quot;:&quot;&quot;,&quot;camera&quot;:&quot;&quot;,&quot;caption&quot;:&quot;&quot;,&quot;created_timestamp&quot;:&quot;0&quot;,&quot;copyright&quot;:&quot;Copyright Urs Kyburz (2019)&quot;,&quot;focal_length&quot;:&quot;0&quot;,&quot;iso&quot;:&quot;0&quot;,&quot;shutter_speed&quot;:&quot;0&quot;,&quot;title&quot;:&quot;&quot;,&quot;orientation&quot;:&quot;0&quot;}\" data-image-title=\"Auf den letzten Metern\" data-image-description=\"\" data-image-caption=\"&lt;p&gt;Auf den letzten Metern&lt;\/p&gt;\n\" data-large-file=\"https:\/\/i0.wp.com\/idnu.ch\/wordpress\/wp-content\/uploads\/2023\/08\/val_muestair-20230715-840.jpg?fit=750%2C500&amp;ssl=1\" class=\"size-full wp-image-23874\" src=\"https:\/\/i0.wp.com\/idnu.ch\/wordpress\/wp-content\/uploads\/2023\/08\/val_muestair-20230715-840.jpg?resize=750%2C500&#038;ssl=1\" alt=\"\" width=\"750\" height=\"500\" srcset=\"https:\/\/i0.wp.com\/idnu.ch\/wordpress\/wp-content\/uploads\/2023\/08\/val_muestair-20230715-840.jpg?w=1240&amp;ssl=1 1240w, https:\/\/i0.wp.com\/idnu.ch\/wordpress\/wp-content\/uploads\/2023\/08\/val_muestair-20230715-840.jpg?resize=300%2C200&amp;ssl=1 300w, https:\/\/i0.wp.com\/idnu.ch\/wordpress\/wp-content\/uploads\/2023\/08\/val_muestair-20230715-840.jpg?resize=1024%2C683&amp;ssl=1 1024w, https:\/\/i0.wp.com\/idnu.ch\/wordpress\/wp-content\/uploads\/2023\/08\/val_muestair-20230715-840.jpg?resize=768%2C512&amp;ssl=1 768w, https:\/\/i0.wp.com\/idnu.ch\/wordpress\/wp-content\/uploads\/2023\/08\/val_muestair-20230715-840.jpg?resize=150%2C100&amp;ssl=1 150w\" sizes=\"auto, (max-width: 750px) 100vw, 750px\" \/><\/a><figcaption id=\"caption-attachment-23874\" class=\"wp-caption-text\">Auf den letzten Metern<\/figcaption><\/figure>\n<h2>Im Nationalpark<\/h2>\n<p>Allen voran nat\u00fcrlich im Nationalpark. Diesen besuchten wir mehrere Male. Eine Wanderung f\u00fchrte uns auf den <strong><a href=\"https:\/\/idnu.ch\/wordpress\/bei-den-steinschmaetzern-auf-dem-munt-la-schera\/\">Munt la Schera<\/a><\/strong>. Es war eine lange Wanderung und anstrengend, weil ich viel Kameraequipment mitschleppte, unter anderem das 500 mm-Objektiv mit Kamera, was zusammen schon fast f\u00fcnf Kilogramm auf die Waage bringt, daneben noch eine kleine Systemkamera und ein Fernglas. Aber gelohnt hat es sich auf alle F\u00e4lle.<\/p>\n<div class=\"tiled-gallery type-square tiled-gallery-unresized\" data-original-width=\"750\" data-carousel-extra='{&quot;blog_id&quot;:1,&quot;permalink&quot;:&quot;https:\\\/\\\/idnu.ch\\\/wordpress\\\/natur-pur-in-der-val-muestair\\\/&quot;,&quot;likes_blog_id&quot;:100184974}' itemscope itemtype=\"http:\/\/schema.org\/ImageGallery\" > <div class=\"gallery-row\" style=\"width: 750px; height: 250px;\" data-original-width=\"750\" data-original-height=\"250\" > <div class=\"gallery-group\" style=\"width: 250px; height: 250px;\" data-original-width=\"250\" data-original-height=\"250\" > <div class=\"tiled-gallery-item \" itemprop=\"associatedMedia\" itemscope itemtype=\"http:\/\/schema.org\/ImageObject\"> <a href=\"https:\/\/idnu.ch\/wordpress\/bei-den-steinschmaetzern-auf-dem-munt-la-schera\/val_muestair-20230710-299-bearbeitet\/#main\" border=\"0\" itemprop=\"url\"> <meta itemprop=\"width\" content=\"246\"> <meta itemprop=\"height\" content=\"246\"> <img decoding=\"async\" class=\"\" data-attachment-id=\"23750\" data-orig-file=\"https:\/\/idnu.ch\/wordpress\/wp-content\/uploads\/2023\/08\/val_muestair-20230710-299-Bearbeitet.jpg\" data-orig-size=\"1240,827\" data-comments-opened=\"1\" data-image-meta=\"{&quot;aperture&quot;:&quot;0&quot;,&quot;credit&quot;:&quot;&quot;,&quot;camera&quot;:&quot;&quot;,&quot;caption&quot;:&quot;&quot;,&quot;created_timestamp&quot;:&quot;0&quot;,&quot;copyright&quot;:&quot;&quot;,&quot;focal_length&quot;:&quot;0&quot;,&quot;iso&quot;:&quot;0&quot;,&quot;shutter_speed&quot;:&quot;0&quot;,&quot;title&quot;:&quot;&quot;,&quot;orientation&quot;:&quot;0&quot;}\" data-image-title=\"Die Weiten am Munt la Schera\" data-image-description=\"\" data-medium-file=\"https:\/\/i0.wp.com\/idnu.ch\/wordpress\/wp-content\/uploads\/2023\/08\/val_muestair-20230710-299-Bearbeitet.jpg?fit=300%2C200&#038;ssl=1\" data-large-file=\"https:\/\/i0.wp.com\/idnu.ch\/wordpress\/wp-content\/uploads\/2023\/08\/val_muestair-20230710-299-Bearbeitet.jpg?fit=750%2C500&#038;ssl=1\" src=\"https:\/\/i0.wp.com\/idnu.ch\/wordpress\/wp-content\/uploads\/2023\/08\/val_muestair-20230710-299-Bearbeitet.jpg?w=246&#038;h=246&#038;crop=1&#038;ssl=1\" srcset=\"https:\/\/i0.wp.com\/idnu.ch\/wordpress\/wp-content\/uploads\/2023\/08\/val_muestair-20230710-299-Bearbeitet.jpg?resize=150%2C150&amp;ssl=1 150w, https:\/\/i0.wp.com\/idnu.ch\/wordpress\/wp-content\/uploads\/2023\/08\/val_muestair-20230710-299-Bearbeitet.jpg?resize=750%2C750&amp;ssl=1 750w, https:\/\/i0.wp.com\/idnu.ch\/wordpress\/wp-content\/uploads\/2023\/08\/val_muestair-20230710-299-Bearbeitet.jpg?zoom=2&amp;resize=246%2C246&amp;ssl=1 492w\" width=\"246\" height=\"246\" loading=\"lazy\" data-original-width=\"246\" data-original-height=\"246\" itemprop=\"http:\/\/schema.org\/image\" title=\"Die Weiten am Munt la Schera\" alt=\"Die Weiten am Munt la Schera\" style=\"width: 246px; height: 246px;\" \/> <\/a> <div class=\"tiled-gallery-caption\" itemprop=\"caption description\"> Die Weiten am Munt la Schera <\/div> <\/div> <\/div> <div class=\"gallery-group\" style=\"width: 250px; height: 250px;\" data-original-width=\"250\" data-original-height=\"250\" > <div class=\"tiled-gallery-item \" itemprop=\"associatedMedia\" itemscope itemtype=\"http:\/\/schema.org\/ImageObject\"> <a href=\"https:\/\/idnu.ch\/wordpress\/bei-den-steinschmaetzern-auf-dem-munt-la-schera\/val_muestair-20230710-289-bearbeitet\/#main\" border=\"0\" itemprop=\"url\"> <meta itemprop=\"width\" content=\"246\"> <meta itemprop=\"height\" content=\"246\"> <img decoding=\"async\" class=\"\" data-attachment-id=\"23749\" data-orig-file=\"https:\/\/idnu.ch\/wordpress\/wp-content\/uploads\/2023\/08\/val_muestair-20230710-289-Bearbeitet.jpg\" data-orig-size=\"1240,827\" data-comments-opened=\"1\" data-image-meta=\"{&quot;aperture&quot;:&quot;0&quot;,&quot;credit&quot;:&quot;&quot;,&quot;camera&quot;:&quot;&quot;,&quot;caption&quot;:&quot;&quot;,&quot;created_timestamp&quot;:&quot;0&quot;,&quot;copyright&quot;:&quot;&quot;,&quot;focal_length&quot;:&quot;0&quot;,&quot;iso&quot;:&quot;0&quot;,&quot;shutter_speed&quot;:&quot;0&quot;,&quot;title&quot;:&quot;&quot;,&quot;orientation&quot;:&quot;0&quot;}\" data-image-title=\"Infotafel am Eingang zum Nationalpark\" data-image-description=\"\" data-medium-file=\"https:\/\/i0.wp.com\/idnu.ch\/wordpress\/wp-content\/uploads\/2023\/08\/val_muestair-20230710-289-Bearbeitet.jpg?fit=300%2C200&#038;ssl=1\" data-large-file=\"https:\/\/i0.wp.com\/idnu.ch\/wordpress\/wp-content\/uploads\/2023\/08\/val_muestair-20230710-289-Bearbeitet.jpg?fit=750%2C500&#038;ssl=1\" src=\"https:\/\/i0.wp.com\/idnu.ch\/wordpress\/wp-content\/uploads\/2023\/08\/val_muestair-20230710-289-Bearbeitet.jpg?w=246&#038;h=246&#038;crop=1&#038;ssl=1\" srcset=\"https:\/\/i0.wp.com\/idnu.ch\/wordpress\/wp-content\/uploads\/2023\/08\/val_muestair-20230710-289-Bearbeitet.jpg?resize=150%2C150&amp;ssl=1 150w, https:\/\/i0.wp.com\/idnu.ch\/wordpress\/wp-content\/uploads\/2023\/08\/val_muestair-20230710-289-Bearbeitet.jpg?resize=750%2C750&amp;ssl=1 750w, https:\/\/i0.wp.com\/idnu.ch\/wordpress\/wp-content\/uploads\/2023\/08\/val_muestair-20230710-289-Bearbeitet.jpg?zoom=2&amp;resize=246%2C246&amp;ssl=1 492w\" width=\"246\" height=\"246\" loading=\"lazy\" data-original-width=\"246\" data-original-height=\"246\" itemprop=\"http:\/\/schema.org\/image\" title=\"Infotafel am Eingang zum Nationalpark\" alt=\"Infotafel am Eingang zum Nationalpark\" style=\"width: 246px; height: 246px;\" \/> <\/a> <div class=\"tiled-gallery-caption\" itemprop=\"caption description\"> Infotafel am Eingang zum Nationalpark <\/div> <\/div> <\/div> <div class=\"gallery-group\" style=\"width: 250px; height: 250px;\" data-original-width=\"250\" data-original-height=\"250\" > <div class=\"tiled-gallery-item \" itemprop=\"associatedMedia\" itemscope itemtype=\"http:\/\/schema.org\/ImageObject\"> <a href=\"https:\/\/idnu.ch\/wordpress\/bei-den-steinschmaetzern-auf-dem-munt-la-schera\/val_muestair-20230710-313-bearbeitet\/#main\" border=\"0\" itemprop=\"url\"> <meta itemprop=\"width\" content=\"246\"> <meta itemprop=\"height\" content=\"246\"> <img decoding=\"async\" class=\"\" data-attachment-id=\"23751\" data-orig-file=\"https:\/\/idnu.ch\/wordpress\/wp-content\/uploads\/2023\/08\/val_muestair-20230710-313-Bearbeitet.jpg\" data-orig-size=\"827,1240\" data-comments-opened=\"1\" data-image-meta=\"{&quot;aperture&quot;:&quot;0&quot;,&quot;credit&quot;:&quot;&quot;,&quot;camera&quot;:&quot;&quot;,&quot;caption&quot;:&quot;&quot;,&quot;created_timestamp&quot;:&quot;0&quot;,&quot;copyright&quot;:&quot;Copyright Urs Kyburz (2019)&quot;,&quot;focal_length&quot;:&quot;0&quot;,&quot;iso&quot;:&quot;0&quot;,&quot;shutter_speed&quot;:&quot;0&quot;,&quot;title&quot;:&quot;&quot;,&quot;orientation&quot;:&quot;0&quot;}\" data-image-title=\"Der Steinschm\u00e4tzerpapa hat ebenfalls eine Brut zu versorgen\" data-image-description=\"\" data-medium-file=\"https:\/\/i0.wp.com\/idnu.ch\/wordpress\/wp-content\/uploads\/2023\/08\/val_muestair-20230710-313-Bearbeitet.jpg?fit=200%2C300&#038;ssl=1\" data-large-file=\"https:\/\/i0.wp.com\/idnu.ch\/wordpress\/wp-content\/uploads\/2023\/08\/val_muestair-20230710-313-Bearbeitet.jpg?fit=683%2C1024&#038;ssl=1\" src=\"https:\/\/i0.wp.com\/idnu.ch\/wordpress\/wp-content\/uploads\/2023\/08\/val_muestair-20230710-313-Bearbeitet.jpg?w=246&#038;h=246&#038;crop=1&#038;ssl=1\" srcset=\"https:\/\/i0.wp.com\/idnu.ch\/wordpress\/wp-content\/uploads\/2023\/08\/val_muestair-20230710-313-Bearbeitet.jpg?resize=150%2C150&amp;ssl=1 150w, https:\/\/i0.wp.com\/idnu.ch\/wordpress\/wp-content\/uploads\/2023\/08\/val_muestair-20230710-313-Bearbeitet.jpg?resize=750%2C750&amp;ssl=1 750w, https:\/\/i0.wp.com\/idnu.ch\/wordpress\/wp-content\/uploads\/2023\/08\/val_muestair-20230710-313-Bearbeitet.jpg?zoom=2&amp;resize=246%2C246&amp;ssl=1 492w\" width=\"246\" height=\"246\" loading=\"lazy\" data-original-width=\"246\" data-original-height=\"246\" itemprop=\"http:\/\/schema.org\/image\" title=\"Der Steinschm\u00e4tzerpapa hat ebenfalls eine Brut zu versorgen\" alt=\"Der Steinschm\u00e4tzerpapa hat ebenfalls eine Brut zu versorgen\" style=\"width: 246px; height: 246px;\" \/> <\/a> <div class=\"tiled-gallery-caption\" itemprop=\"caption description\"> Der Steinschm\u00e4tzerpapa hat ebenfalls eine Brut zu versorgen <\/div> <\/div> <\/div> <\/div> <\/div>\n<p>An einem Schlechtwettertag (so zumindest begann er) begaben wir uns auf den <strong><a href=\"https:\/\/idnu.ch\/wordpress\/auf-dem-kinderpfad-champloench-im-nationalpark\/\">Kinderpfad Champl\u00f6nch<\/a><\/strong>.<\/p>\n<div class=\"tiled-gallery type-square tiled-gallery-unresized\" data-original-width=\"750\" data-carousel-extra='{&quot;blog_id&quot;:1,&quot;permalink&quot;:&quot;https:\\\/\\\/idnu.ch\\\/wordpress\\\/natur-pur-in-der-val-muestair\\\/&quot;,&quot;likes_blog_id&quot;:100184974}' itemscope itemtype=\"http:\/\/schema.org\/ImageGallery\" > <div class=\"gallery-row\" style=\"width: 750px; height: 250px;\" data-original-width=\"750\" data-original-height=\"250\" > <div class=\"gallery-group\" style=\"width: 250px; height: 250px;\" data-original-width=\"250\" data-original-height=\"250\" > <div class=\"tiled-gallery-item \" itemprop=\"associatedMedia\" itemscope itemtype=\"http:\/\/schema.org\/ImageObject\"> <a href=\"https:\/\/idnu.ch\/wordpress\/auf-dem-kinderpfad-champloench-im-nationalpark\/val_muestair-20230712-527\/#main\" border=\"0\" itemprop=\"url\"> <meta itemprop=\"width\" content=\"246\"> <meta itemprop=\"height\" content=\"246\"> <img decoding=\"async\" class=\"\" data-attachment-id=\"23655\" data-orig-file=\"https:\/\/idnu.ch\/wordpress\/wp-content\/uploads\/2023\/08\/val_muestair-20230712-527.jpg\" data-orig-size=\"1240,827\" data-comments-opened=\"1\" data-image-meta=\"{&quot;aperture&quot;:&quot;0&quot;,&quot;credit&quot;:&quot;&quot;,&quot;camera&quot;:&quot;&quot;,&quot;caption&quot;:&quot;&quot;,&quot;created_timestamp&quot;:&quot;0&quot;,&quot;copyright&quot;:&quot;Copyright Urs Kyburz (2019)&quot;,&quot;focal_length&quot;:&quot;0&quot;,&quot;iso&quot;:&quot;0&quot;,&quot;shutter_speed&quot;:&quot;0&quot;,&quot;title&quot;:&quot;&quot;,&quot;orientation&quot;:&quot;0&quot;}\" data-image-title=\"\" data-image-description=\"\" data-medium-file=\"https:\/\/i0.wp.com\/idnu.ch\/wordpress\/wp-content\/uploads\/2023\/08\/val_muestair-20230712-527.jpg?fit=300%2C200&#038;ssl=1\" data-large-file=\"https:\/\/i0.wp.com\/idnu.ch\/wordpress\/wp-content\/uploads\/2023\/08\/val_muestair-20230712-527.jpg?fit=750%2C500&#038;ssl=1\" src=\"https:\/\/i0.wp.com\/idnu.ch\/wordpress\/wp-content\/uploads\/2023\/08\/val_muestair-20230712-527.jpg?w=246&#038;h=246&#038;crop=1&#038;ssl=1\" srcset=\"https:\/\/i0.wp.com\/idnu.ch\/wordpress\/wp-content\/uploads\/2023\/08\/val_muestair-20230712-527.jpg?resize=150%2C150&amp;ssl=1 150w, https:\/\/i0.wp.com\/idnu.ch\/wordpress\/wp-content\/uploads\/2023\/08\/val_muestair-20230712-527.jpg?resize=750%2C750&amp;ssl=1 750w, https:\/\/i0.wp.com\/idnu.ch\/wordpress\/wp-content\/uploads\/2023\/08\/val_muestair-20230712-527.jpg?zoom=2&amp;resize=246%2C246&amp;ssl=1 492w\" width=\"246\" height=\"246\" loading=\"lazy\" data-original-width=\"246\" data-original-height=\"246\" itemprop=\"http:\/\/schema.org\/image\" title=\"\" alt=\"\" style=\"width: 246px; height: 246px;\" \/> <\/a> <\/div> <\/div> <div class=\"gallery-group\" style=\"width: 250px; height: 250px;\" data-original-width=\"250\" data-original-height=\"250\" > <div class=\"tiled-gallery-item \" itemprop=\"associatedMedia\" itemscope itemtype=\"http:\/\/schema.org\/ImageObject\"> <a href=\"https:\/\/idnu.ch\/wordpress\/auf-dem-kinderpfad-champloench-im-nationalpark\/val_muestair-20230712-557\/#main\" border=\"0\" itemprop=\"url\"> <meta itemprop=\"width\" content=\"246\"> <meta itemprop=\"height\" content=\"246\"> <img decoding=\"async\" class=\"\" data-attachment-id=\"23654\" data-orig-file=\"https:\/\/idnu.ch\/wordpress\/wp-content\/uploads\/2023\/08\/val_muestair-20230712-557.jpg\" data-orig-size=\"1240,827\" data-comments-opened=\"1\" data-image-meta=\"{&quot;aperture&quot;:&quot;0&quot;,&quot;credit&quot;:&quot;&quot;,&quot;camera&quot;:&quot;&quot;,&quot;caption&quot;:&quot;&quot;,&quot;created_timestamp&quot;:&quot;0&quot;,&quot;copyright&quot;:&quot;Copyright Urs Kyburz (2019)&quot;,&quot;focal_length&quot;:&quot;0&quot;,&quot;iso&quot;:&quot;0&quot;,&quot;shutter_speed&quot;:&quot;0&quot;,&quot;title&quot;:&quot;&quot;,&quot;orientation&quot;:&quot;0&quot;}\" data-image-title=\"Auf der Alp Grimmels\" data-image-description=\"\" data-medium-file=\"https:\/\/i0.wp.com\/idnu.ch\/wordpress\/wp-content\/uploads\/2023\/08\/val_muestair-20230712-557.jpg?fit=300%2C200&#038;ssl=1\" data-large-file=\"https:\/\/i0.wp.com\/idnu.ch\/wordpress\/wp-content\/uploads\/2023\/08\/val_muestair-20230712-557.jpg?fit=750%2C500&#038;ssl=1\" src=\"https:\/\/i0.wp.com\/idnu.ch\/wordpress\/wp-content\/uploads\/2023\/08\/val_muestair-20230712-557.jpg?w=246&#038;h=246&#038;crop=1&#038;ssl=1\" srcset=\"https:\/\/i0.wp.com\/idnu.ch\/wordpress\/wp-content\/uploads\/2023\/08\/val_muestair-20230712-557.jpg?resize=150%2C150&amp;ssl=1 150w, https:\/\/i0.wp.com\/idnu.ch\/wordpress\/wp-content\/uploads\/2023\/08\/val_muestair-20230712-557.jpg?resize=750%2C750&amp;ssl=1 750w, https:\/\/i0.wp.com\/idnu.ch\/wordpress\/wp-content\/uploads\/2023\/08\/val_muestair-20230712-557.jpg?zoom=2&amp;resize=246%2C246&amp;ssl=1 492w\" width=\"246\" height=\"246\" loading=\"lazy\" data-original-width=\"246\" data-original-height=\"246\" itemprop=\"http:\/\/schema.org\/image\" title=\"Auf der Alp Grimmels\" alt=\"zwei personen auf einer gr\u00fcnen wiese, dahinter wald, dar\u00fcber berge\" style=\"width: 246px; height: 246px;\" \/> <\/a> <div class=\"tiled-gallery-caption\" itemprop=\"caption description\"> Auf der Alp Grimmels <\/div> <\/div> <\/div> <div class=\"gallery-group\" style=\"width: 250px; height: 250px;\" data-original-width=\"250\" data-original-height=\"250\" > <div class=\"tiled-gallery-item \" itemprop=\"associatedMedia\" itemscope itemtype=\"http:\/\/schema.org\/ImageObject\"> <a href=\"https:\/\/idnu.ch\/wordpress\/auf-dem-kinderpfad-champloench-im-nationalpark\/val_muestair-20230712-563\/#main\" border=\"0\" itemprop=\"url\"> <meta itemprop=\"width\" content=\"246\"> <meta itemprop=\"height\" content=\"246\"> <img decoding=\"async\" class=\"\" data-attachment-id=\"23662\" data-orig-file=\"https:\/\/idnu.ch\/wordpress\/wp-content\/uploads\/2023\/08\/val_muestair-20230712-563.jpg\" data-orig-size=\"827,1240\" data-comments-opened=\"1\" data-image-meta=\"{&quot;aperture&quot;:&quot;0&quot;,&quot;credit&quot;:&quot;&quot;,&quot;camera&quot;:&quot;&quot;,&quot;caption&quot;:&quot;&quot;,&quot;created_timestamp&quot;:&quot;0&quot;,&quot;copyright&quot;:&quot;Copyright Urs Kyburz (2019)&quot;,&quot;focal_length&quot;:&quot;0&quot;,&quot;iso&quot;:&quot;0&quot;,&quot;shutter_speed&quot;:&quot;0&quot;,&quot;title&quot;:&quot;&quot;,&quot;orientation&quot;:&quot;0&quot;}\" data-image-title=\"\" data-image-description=\"\" data-medium-file=\"https:\/\/i0.wp.com\/idnu.ch\/wordpress\/wp-content\/uploads\/2023\/08\/val_muestair-20230712-563.jpg?fit=200%2C300&#038;ssl=1\" data-large-file=\"https:\/\/i0.wp.com\/idnu.ch\/wordpress\/wp-content\/uploads\/2023\/08\/val_muestair-20230712-563.jpg?fit=683%2C1024&#038;ssl=1\" src=\"https:\/\/i0.wp.com\/idnu.ch\/wordpress\/wp-content\/uploads\/2023\/08\/val_muestair-20230712-563.jpg?w=246&#038;h=246&#038;crop=1&#038;ssl=1\" srcset=\"https:\/\/i0.wp.com\/idnu.ch\/wordpress\/wp-content\/uploads\/2023\/08\/val_muestair-20230712-563.jpg?resize=150%2C150&amp;ssl=1 150w, https:\/\/i0.wp.com\/idnu.ch\/wordpress\/wp-content\/uploads\/2023\/08\/val_muestair-20230712-563.jpg?resize=750%2C750&amp;ssl=1 750w, https:\/\/i0.wp.com\/idnu.ch\/wordpress\/wp-content\/uploads\/2023\/08\/val_muestair-20230712-563.jpg?zoom=2&amp;resize=246%2C246&amp;ssl=1 492w\" width=\"246\" height=\"246\" loading=\"lazy\" data-original-width=\"246\" data-original-height=\"246\" itemprop=\"http:\/\/schema.org\/image\" title=\"\" alt=\"\" style=\"width: 246px; height: 246px;\" \/> <\/a> <\/div> <\/div> <\/div> <\/div>\n<p>Eine letzte Runde bei Gewitter machten wir nach <strong><a href=\"https:\/\/idnu.ch\/wordpress\/wo-die-ersten-bartgeier-ausgewildert-wurden\/\">Margunet<\/a><\/strong>, wo uns Murmeltiere und Rothirsche empfingen.<\/p>\n<div class=\"tiled-gallery type-square tiled-gallery-unresized\" data-original-width=\"750\" data-carousel-extra='{&quot;blog_id&quot;:1,&quot;permalink&quot;:&quot;https:\\\/\\\/idnu.ch\\\/wordpress\\\/natur-pur-in-der-val-muestair\\\/&quot;,&quot;likes_blog_id&quot;:100184974}' itemscope itemtype=\"http:\/\/schema.org\/ImageGallery\" > <div class=\"gallery-row\" style=\"width: 750px; height: 250px;\" data-original-width=\"750\" data-original-height=\"250\" > <div class=\"gallery-group\" style=\"width: 250px; height: 250px;\" data-original-width=\"250\" data-original-height=\"250\" > <div class=\"tiled-gallery-item \" itemprop=\"associatedMedia\" itemscope itemtype=\"http:\/\/schema.org\/ImageObject\"> <a href=\"https:\/\/idnu.ch\/wordpress\/wo-die-ersten-bartgeier-ausgewildert-wurden\/val_muestair-20230719-1137\/#main\" border=\"0\" itemprop=\"url\"> <meta itemprop=\"width\" content=\"246\"> <meta itemprop=\"height\" content=\"246\"> <img decoding=\"async\" class=\"\" data-attachment-id=\"24082\" data-orig-file=\"https:\/\/idnu.ch\/wordpress\/wp-content\/uploads\/2023\/09\/val_muestair-20230719-1137.jpg\" data-orig-size=\"1240,827\" data-comments-opened=\"1\" data-image-meta=\"{&quot;aperture&quot;:&quot;0&quot;,&quot;credit&quot;:&quot;&quot;,&quot;camera&quot;:&quot;&quot;,&quot;caption&quot;:&quot;&quot;,&quot;created_timestamp&quot;:&quot;0&quot;,&quot;copyright&quot;:&quot;&quot;,&quot;focal_length&quot;:&quot;0&quot;,&quot;iso&quot;:&quot;0&quot;,&quot;shutter_speed&quot;:&quot;0&quot;,&quot;title&quot;:&quot;&quot;,&quot;orientation&quot;:&quot;0&quot;}\" data-image-title=\"Bei Stabelchod\" data-image-description=\"\" data-medium-file=\"https:\/\/i0.wp.com\/idnu.ch\/wordpress\/wp-content\/uploads\/2023\/09\/val_muestair-20230719-1137.jpg?fit=300%2C200&#038;ssl=1\" data-large-file=\"https:\/\/i0.wp.com\/idnu.ch\/wordpress\/wp-content\/uploads\/2023\/09\/val_muestair-20230719-1137.jpg?fit=750%2C500&#038;ssl=1\" src=\"https:\/\/i0.wp.com\/idnu.ch\/wordpress\/wp-content\/uploads\/2023\/09\/val_muestair-20230719-1137.jpg?w=246&#038;h=246&#038;crop=1&#038;ssl=1\" srcset=\"https:\/\/i0.wp.com\/idnu.ch\/wordpress\/wp-content\/uploads\/2023\/09\/val_muestair-20230719-1137.jpg?resize=150%2C150&amp;ssl=1 150w, https:\/\/i0.wp.com\/idnu.ch\/wordpress\/wp-content\/uploads\/2023\/09\/val_muestair-20230719-1137.jpg?resize=750%2C750&amp;ssl=1 750w, https:\/\/i0.wp.com\/idnu.ch\/wordpress\/wp-content\/uploads\/2023\/09\/val_muestair-20230719-1137.jpg?zoom=2&amp;resize=246%2C246&amp;ssl=1 492w\" width=\"246\" height=\"246\" loading=\"lazy\" data-original-width=\"246\" data-original-height=\"246\" itemprop=\"http:\/\/schema.org\/image\" title=\"Bei Stabelchod\" alt=\"Alph\u00fctte auf einer Wiese, hinten Berge\" style=\"width: 246px; height: 246px;\" \/> <\/a> <div class=\"tiled-gallery-caption\" itemprop=\"caption description\"> Bei Stabelchod <\/div> <\/div> <\/div> <div class=\"gallery-group\" style=\"width: 250px; height: 250px;\" data-original-width=\"250\" data-original-height=\"250\" > <div class=\"tiled-gallery-item \" itemprop=\"associatedMedia\" itemscope itemtype=\"http:\/\/schema.org\/ImageObject\"> <a href=\"https:\/\/idnu.ch\/wordpress\/wo-die-ersten-bartgeier-ausgewildert-wurden\/val_muestair-20230719-1170\/#main\" border=\"0\" itemprop=\"url\"> <meta itemprop=\"width\" content=\"246\"> <meta itemprop=\"height\" content=\"246\"> <img decoding=\"async\" class=\"\" data-attachment-id=\"24088\" data-orig-file=\"https:\/\/idnu.ch\/wordpress\/wp-content\/uploads\/2023\/09\/val_muestair-20230719-1170.jpg\" data-orig-size=\"827,1240\" data-comments-opened=\"1\" data-image-meta=\"{&quot;aperture&quot;:&quot;0&quot;,&quot;credit&quot;:&quot;&quot;,&quot;camera&quot;:&quot;&quot;,&quot;caption&quot;:&quot;&quot;,&quot;created_timestamp&quot;:&quot;0&quot;,&quot;copyright&quot;:&quot;Copyright Urs Kyburz (2019)&quot;,&quot;focal_length&quot;:&quot;0&quot;,&quot;iso&quot;:&quot;0&quot;,&quot;shutter_speed&quot;:&quot;0&quot;,&quot;title&quot;:&quot;&quot;,&quot;orientation&quot;:&quot;0&quot;}\" data-image-title=\"Punk guckt b\u00f6se\" data-image-description=\"\" data-medium-file=\"https:\/\/i0.wp.com\/idnu.ch\/wordpress\/wp-content\/uploads\/2023\/09\/val_muestair-20230719-1170.jpg?fit=200%2C300&#038;ssl=1\" data-large-file=\"https:\/\/i0.wp.com\/idnu.ch\/wordpress\/wp-content\/uploads\/2023\/09\/val_muestair-20230719-1170.jpg?fit=683%2C1024&#038;ssl=1\" src=\"https:\/\/i0.wp.com\/idnu.ch\/wordpress\/wp-content\/uploads\/2023\/09\/val_muestair-20230719-1170.jpg?w=246&#038;h=246&#038;crop=1&#038;ssl=1\" srcset=\"https:\/\/i0.wp.com\/idnu.ch\/wordpress\/wp-content\/uploads\/2023\/09\/val_muestair-20230719-1170.jpg?resize=150%2C150&amp;ssl=1 150w, https:\/\/i0.wp.com\/idnu.ch\/wordpress\/wp-content\/uploads\/2023\/09\/val_muestair-20230719-1170.jpg?resize=750%2C750&amp;ssl=1 750w, https:\/\/i0.wp.com\/idnu.ch\/wordpress\/wp-content\/uploads\/2023\/09\/val_muestair-20230719-1170.jpg?zoom=2&amp;resize=246%2C246&amp;ssl=1 492w\" width=\"246\" height=\"246\" loading=\"lazy\" data-original-width=\"246\" data-original-height=\"246\" itemprop=\"http:\/\/schema.org\/image\" title=\"Punk guckt b\u00f6se\" alt=\"Haubenmeise\" style=\"width: 246px; height: 246px;\" \/> <\/a> <div class=\"tiled-gallery-caption\" itemprop=\"caption description\"> Punk guckt b\u00f6se <\/div> <\/div> <\/div> <div class=\"gallery-group\" style=\"width: 250px; height: 250px;\" data-original-width=\"250\" data-original-height=\"250\" > <div class=\"tiled-gallery-item \" itemprop=\"associatedMedia\" itemscope itemtype=\"http:\/\/schema.org\/ImageObject\"> <a href=\"https:\/\/idnu.ch\/wordpress\/wo-die-ersten-bartgeier-ausgewildert-wurden\/val_muestair-20230719-1203\/#main\" border=\"0\" itemprop=\"url\"> <meta itemprop=\"width\" content=\"246\"> <meta itemprop=\"height\" content=\"246\"> <img decoding=\"async\" class=\"\" data-attachment-id=\"24090\" data-orig-file=\"https:\/\/idnu.ch\/wordpress\/wp-content\/uploads\/2023\/09\/val_muestair-20230719-1203.jpg\" data-orig-size=\"1240,827\" data-comments-opened=\"1\" data-image-meta=\"{&quot;aperture&quot;:&quot;0&quot;,&quot;credit&quot;:&quot;&quot;,&quot;camera&quot;:&quot;&quot;,&quot;caption&quot;:&quot;&quot;,&quot;created_timestamp&quot;:&quot;0&quot;,&quot;copyright&quot;:&quot;&quot;,&quot;focal_length&quot;:&quot;0&quot;,&quot;iso&quot;:&quot;0&quot;,&quot;shutter_speed&quot;:&quot;0&quot;,&quot;title&quot;:&quot;&quot;,&quot;orientation&quot;:&quot;0&quot;}\" data-image-title=\"Infotafeln kl\u00e4ren \u00fcber den Bartgeier auf\" data-image-description=\"\" data-medium-file=\"https:\/\/i0.wp.com\/idnu.ch\/wordpress\/wp-content\/uploads\/2023\/09\/val_muestair-20230719-1203.jpg?fit=300%2C200&#038;ssl=1\" data-large-file=\"https:\/\/i0.wp.com\/idnu.ch\/wordpress\/wp-content\/uploads\/2023\/09\/val_muestair-20230719-1203.jpg?fit=750%2C500&#038;ssl=1\" src=\"https:\/\/i0.wp.com\/idnu.ch\/wordpress\/wp-content\/uploads\/2023\/09\/val_muestair-20230719-1203.jpg?w=246&#038;h=246&#038;crop=1&#038;ssl=1\" srcset=\"https:\/\/i0.wp.com\/idnu.ch\/wordpress\/wp-content\/uploads\/2023\/09\/val_muestair-20230719-1203.jpg?resize=150%2C150&amp;ssl=1 150w, https:\/\/i0.wp.com\/idnu.ch\/wordpress\/wp-content\/uploads\/2023\/09\/val_muestair-20230719-1203.jpg?resize=750%2C750&amp;ssl=1 750w, https:\/\/i0.wp.com\/idnu.ch\/wordpress\/wp-content\/uploads\/2023\/09\/val_muestair-20230719-1203.jpg?zoom=2&amp;resize=246%2C246&amp;ssl=1 492w\" width=\"246\" height=\"246\" loading=\"lazy\" data-original-width=\"246\" data-original-height=\"246\" itemprop=\"http:\/\/schema.org\/image\" title=\"Infotafeln kl\u00e4ren \u00fcber den Bartgeier auf\" alt=\"Frau liest Schautafeln, Berge im Hintergrund\" style=\"width: 246px; height: 246px;\" \/> <\/a> <div class=\"tiled-gallery-caption\" itemprop=\"caption description\"> Infotafeln kl\u00e4ren \u00fcber den Bartgeier auf <\/div> <\/div> <\/div> <\/div> <\/div>\n<p>Eine Runde, die ich nicht beschrieben habe, f\u00fchrte uns von Il Fuorn zur Alp La Schera in der Hoffnung, den Dreizehenspecht zu sehen. Der zeigte sich leider nicht, aber andere V\u00f6gel daf\u00fcr, zum Beispiel die Klappergrasm\u00fccke.<\/p>\n<div class=\"tiled-gallery type-rectangular tiled-gallery-unresized\" data-original-width=\"750\" data-carousel-extra='{&quot;blog_id&quot;:1,&quot;permalink&quot;:&quot;https:\\\/\\\/idnu.ch\\\/wordpress\\\/natur-pur-in-der-val-muestair\\\/&quot;,&quot;likes_blog_id&quot;:100184974}' itemscope itemtype=\"http:\/\/schema.org\/ImageGallery\" > <div class=\"gallery-row\" style=\"width: 750px; height: 335px;\" data-original-width=\"750\" data-original-height=\"335\" > <div class=\"gallery-group images-1\" style=\"width: 501px; height: 335px;\" data-original-width=\"501\" data-original-height=\"335\" > <div class=\"tiled-gallery-item tiled-gallery-item-large\" itemprop=\"associatedMedia\" itemscope itemtype=\"http:\/\/schema.org\/ImageObject\"> <a href=\"https:\/\/idnu.ch\/wordpress\/natur-pur-in-der-val-muestair\/val_muestair-20230718-1069\/#main\" border=\"0\" itemprop=\"url\"> <meta itemprop=\"width\" content=\"497\"> <meta itemprop=\"height\" content=\"331\"> <img decoding=\"async\" class=\"\" data-attachment-id=\"24473\" data-orig-file=\"https:\/\/idnu.ch\/wordpress\/wp-content\/uploads\/2023\/11\/val_muestair-20230718-1069.jpg\" data-orig-size=\"1240,827\" data-comments-opened=\"1\" data-image-meta=\"{&quot;aperture&quot;:&quot;0&quot;,&quot;credit&quot;:&quot;&quot;,&quot;camera&quot;:&quot;&quot;,&quot;caption&quot;:&quot;&quot;,&quot;created_timestamp&quot;:&quot;0&quot;,&quot;copyright&quot;:&quot;Copyright Urs Kyburz (2019)&quot;,&quot;focal_length&quot;:&quot;0&quot;,&quot;iso&quot;:&quot;0&quot;,&quot;shutter_speed&quot;:&quot;0&quot;,&quot;title&quot;:&quot;&quot;,&quot;orientation&quot;:&quot;0&quot;}\" data-image-title=\"Tannenmeise\" data-image-description=\"\" data-medium-file=\"https:\/\/i0.wp.com\/idnu.ch\/wordpress\/wp-content\/uploads\/2023\/11\/val_muestair-20230718-1069.jpg?fit=300%2C200&#038;ssl=1\" data-large-file=\"https:\/\/i0.wp.com\/idnu.ch\/wordpress\/wp-content\/uploads\/2023\/11\/val_muestair-20230718-1069.jpg?fit=750%2C500&#038;ssl=1\" src=\"https:\/\/i0.wp.com\/idnu.ch\/wordpress\/wp-content\/uploads\/2023\/11\/val_muestair-20230718-1069.jpg?w=497&#038;h=331&#038;ssl=1\" srcset=\"https:\/\/i0.wp.com\/idnu.ch\/wordpress\/wp-content\/uploads\/2023\/11\/val_muestair-20230718-1069.jpg?w=1240&amp;ssl=1 1240w, https:\/\/i0.wp.com\/idnu.ch\/wordpress\/wp-content\/uploads\/2023\/11\/val_muestair-20230718-1069.jpg?resize=300%2C200&amp;ssl=1 300w, https:\/\/i0.wp.com\/idnu.ch\/wordpress\/wp-content\/uploads\/2023\/11\/val_muestair-20230718-1069.jpg?resize=1024%2C683&amp;ssl=1 1024w, https:\/\/i0.wp.com\/idnu.ch\/wordpress\/wp-content\/uploads\/2023\/11\/val_muestair-20230718-1069.jpg?resize=768%2C512&amp;ssl=1 768w, https:\/\/i0.wp.com\/idnu.ch\/wordpress\/wp-content\/uploads\/2023\/11\/val_muestair-20230718-1069.jpg?resize=150%2C100&amp;ssl=1 150w\" width=\"497\" height=\"331\" loading=\"lazy\" data-original-width=\"497\" data-original-height=\"331\" itemprop=\"http:\/\/schema.org\/image\" title=\"Tannenmeise\" alt=\"Tannenmeise\" style=\"width: 497px; height: 331px;\" \/> <\/a> <div class=\"tiled-gallery-caption\" itemprop=\"caption description\"> Tannenmeise <\/div> <\/div> <\/div> <!-- close group --> <div class=\"gallery-group images-2\" style=\"width: 249px; height: 335px;\" data-original-width=\"249\" data-original-height=\"335\" > <div class=\"tiled-gallery-item tiled-gallery-item-small\" itemprop=\"associatedMedia\" itemscope itemtype=\"http:\/\/schema.org\/ImageObject\"> <a href=\"https:\/\/idnu.ch\/wordpress\/natur-pur-in-der-val-muestair\/val_muestair-20230718-1082\/#main\" border=\"0\" itemprop=\"url\"> <meta itemprop=\"width\" content=\"245\"> <meta itemprop=\"height\" content=\"164\"> <img decoding=\"async\" class=\"\" data-attachment-id=\"24474\" data-orig-file=\"https:\/\/idnu.ch\/wordpress\/wp-content\/uploads\/2023\/11\/val_muestair-20230718-1082.jpg\" data-orig-size=\"1240,827\" data-comments-opened=\"1\" data-image-meta=\"{&quot;aperture&quot;:&quot;0&quot;,&quot;credit&quot;:&quot;&quot;,&quot;camera&quot;:&quot;&quot;,&quot;caption&quot;:&quot;&quot;,&quot;created_timestamp&quot;:&quot;0&quot;,&quot;copyright&quot;:&quot;Copyright Urs Kyburz (2019)&quot;,&quot;focal_length&quot;:&quot;0&quot;,&quot;iso&quot;:&quot;0&quot;,&quot;shutter_speed&quot;:&quot;0&quot;,&quot;title&quot;:&quot;&quot;,&quot;orientation&quot;:&quot;0&quot;}\" data-image-title=\"val_muestair-20230718-1082\" data-image-description=\"\" data-medium-file=\"https:\/\/i0.wp.com\/idnu.ch\/wordpress\/wp-content\/uploads\/2023\/11\/val_muestair-20230718-1082.jpg?fit=300%2C200&#038;ssl=1\" data-large-file=\"https:\/\/i0.wp.com\/idnu.ch\/wordpress\/wp-content\/uploads\/2023\/11\/val_muestair-20230718-1082.jpg?fit=750%2C500&#038;ssl=1\" src=\"https:\/\/i0.wp.com\/idnu.ch\/wordpress\/wp-content\/uploads\/2023\/11\/val_muestair-20230718-1082.jpg?w=245&#038;h=164&#038;ssl=1\" srcset=\"https:\/\/i0.wp.com\/idnu.ch\/wordpress\/wp-content\/uploads\/2023\/11\/val_muestair-20230718-1082.jpg?w=1240&amp;ssl=1 1240w, https:\/\/i0.wp.com\/idnu.ch\/wordpress\/wp-content\/uploads\/2023\/11\/val_muestair-20230718-1082.jpg?resize=300%2C200&amp;ssl=1 300w, https:\/\/i0.wp.com\/idnu.ch\/wordpress\/wp-content\/uploads\/2023\/11\/val_muestair-20230718-1082.jpg?resize=1024%2C683&amp;ssl=1 1024w, https:\/\/i0.wp.com\/idnu.ch\/wordpress\/wp-content\/uploads\/2023\/11\/val_muestair-20230718-1082.jpg?resize=768%2C512&amp;ssl=1 768w, https:\/\/i0.wp.com\/idnu.ch\/wordpress\/wp-content\/uploads\/2023\/11\/val_muestair-20230718-1082.jpg?resize=150%2C100&amp;ssl=1 150w\" width=\"245\" height=\"164\" loading=\"lazy\" data-original-width=\"245\" data-original-height=\"164\" itemprop=\"http:\/\/schema.org\/image\" title=\"val_muestair-20230718-1082\" alt=\"Alpen-Wiesenv\u00f6gelchen\" style=\"width: 245px; height: 164px;\" \/> <\/a> <div class=\"tiled-gallery-caption\" itemprop=\"caption description\"> Alpen-Wiesenv\u00f6gelchen <\/div> <\/div> <div class=\"tiled-gallery-item tiled-gallery-item-small\" itemprop=\"associatedMedia\" itemscope itemtype=\"http:\/\/schema.org\/ImageObject\"> <a href=\"https:\/\/idnu.ch\/wordpress\/natur-pur-in-der-val-muestair\/val_muestair-20230718-1095\/#main\" border=\"0\" itemprop=\"url\"> <meta itemprop=\"width\" content=\"245\"> <meta itemprop=\"height\" content=\"163\"> <img decoding=\"async\" class=\"\" data-attachment-id=\"24475\" data-orig-file=\"https:\/\/idnu.ch\/wordpress\/wp-content\/uploads\/2023\/11\/val_muestair-20230718-1095.jpg\" data-orig-size=\"1240,827\" data-comments-opened=\"1\" data-image-meta=\"{&quot;aperture&quot;:&quot;0&quot;,&quot;credit&quot;:&quot;&quot;,&quot;camera&quot;:&quot;&quot;,&quot;caption&quot;:&quot;&quot;,&quot;created_timestamp&quot;:&quot;0&quot;,&quot;copyright&quot;:&quot;Copyright Urs Kyburz (2019)&quot;,&quot;focal_length&quot;:&quot;0&quot;,&quot;iso&quot;:&quot;0&quot;,&quot;shutter_speed&quot;:&quot;0&quot;,&quot;title&quot;:&quot;&quot;,&quot;orientation&quot;:&quot;0&quot;}\" data-image-title=\"Alpenmeise\" data-image-description=\"\" data-medium-file=\"https:\/\/i0.wp.com\/idnu.ch\/wordpress\/wp-content\/uploads\/2023\/11\/val_muestair-20230718-1095.jpg?fit=300%2C200&#038;ssl=1\" data-large-file=\"https:\/\/i0.wp.com\/idnu.ch\/wordpress\/wp-content\/uploads\/2023\/11\/val_muestair-20230718-1095.jpg?fit=750%2C500&#038;ssl=1\" src=\"https:\/\/i0.wp.com\/idnu.ch\/wordpress\/wp-content\/uploads\/2023\/11\/val_muestair-20230718-1095.jpg?w=245&#038;h=163&#038;ssl=1\" srcset=\"https:\/\/i0.wp.com\/idnu.ch\/wordpress\/wp-content\/uploads\/2023\/11\/val_muestair-20230718-1095.jpg?w=1240&amp;ssl=1 1240w, https:\/\/i0.wp.com\/idnu.ch\/wordpress\/wp-content\/uploads\/2023\/11\/val_muestair-20230718-1095.jpg?resize=300%2C200&amp;ssl=1 300w, https:\/\/i0.wp.com\/idnu.ch\/wordpress\/wp-content\/uploads\/2023\/11\/val_muestair-20230718-1095.jpg?resize=1024%2C683&amp;ssl=1 1024w, https:\/\/i0.wp.com\/idnu.ch\/wordpress\/wp-content\/uploads\/2023\/11\/val_muestair-20230718-1095.jpg?resize=768%2C512&amp;ssl=1 768w, https:\/\/i0.wp.com\/idnu.ch\/wordpress\/wp-content\/uploads\/2023\/11\/val_muestair-20230718-1095.jpg?resize=150%2C100&amp;ssl=1 150w\" width=\"245\" height=\"163\" loading=\"lazy\" data-original-width=\"245\" data-original-height=\"163\" itemprop=\"http:\/\/schema.org\/image\" title=\"Alpenmeise\" alt=\"Alpenmeise\" style=\"width: 245px; height: 163px;\" \/> <\/a> <div class=\"tiled-gallery-caption\" itemprop=\"caption description\"> Alpenmeise <\/div> <\/div> <\/div> <!-- close group --> <\/div> <!-- close row --> <div class=\"gallery-row\" style=\"width: 750px; height: 251px;\" data-original-width=\"750\" data-original-height=\"251\" > <div class=\"gallery-group images-1\" style=\"width: 375px; height: 251px;\" data-original-width=\"375\" data-original-height=\"251\" > <div class=\"tiled-gallery-item tiled-gallery-item-large\" itemprop=\"associatedMedia\" itemscope itemtype=\"http:\/\/schema.org\/ImageObject\"> <a href=\"https:\/\/idnu.ch\/wordpress\/natur-pur-in-der-val-muestair\/val_muestair-20230718-1113-bearbeitet\/#main\" border=\"0\" itemprop=\"url\"> <meta itemprop=\"width\" content=\"371\"> <meta itemprop=\"height\" content=\"247\"> <img decoding=\"async\" class=\"\" data-attachment-id=\"24476\" data-orig-file=\"https:\/\/idnu.ch\/wordpress\/wp-content\/uploads\/2023\/11\/val_muestair-20230718-1113-Bearbeitet.jpg\" data-orig-size=\"1240,827\" data-comments-opened=\"1\" data-image-meta=\"{&quot;aperture&quot;:&quot;0&quot;,&quot;credit&quot;:&quot;&quot;,&quot;camera&quot;:&quot;&quot;,&quot;caption&quot;:&quot;&quot;,&quot;created_timestamp&quot;:&quot;0&quot;,&quot;copyright&quot;:&quot;Copyright Urs Kyburz (2019)&quot;,&quot;focal_length&quot;:&quot;0&quot;,&quot;iso&quot;:&quot;0&quot;,&quot;shutter_speed&quot;:&quot;0&quot;,&quot;title&quot;:&quot;&quot;,&quot;orientation&quot;:&quot;0&quot;}\" data-image-title=\"Alpenmeise\" data-image-description=\"\" data-medium-file=\"https:\/\/i0.wp.com\/idnu.ch\/wordpress\/wp-content\/uploads\/2023\/11\/val_muestair-20230718-1113-Bearbeitet.jpg?fit=300%2C200&#038;ssl=1\" data-large-file=\"https:\/\/i0.wp.com\/idnu.ch\/wordpress\/wp-content\/uploads\/2023\/11\/val_muestair-20230718-1113-Bearbeitet.jpg?fit=750%2C500&#038;ssl=1\" src=\"https:\/\/i0.wp.com\/idnu.ch\/wordpress\/wp-content\/uploads\/2023\/11\/val_muestair-20230718-1113-Bearbeitet.jpg?w=371&#038;h=247&#038;ssl=1\" srcset=\"https:\/\/i0.wp.com\/idnu.ch\/wordpress\/wp-content\/uploads\/2023\/11\/val_muestair-20230718-1113-Bearbeitet.jpg?w=1240&amp;ssl=1 1240w, https:\/\/i0.wp.com\/idnu.ch\/wordpress\/wp-content\/uploads\/2023\/11\/val_muestair-20230718-1113-Bearbeitet.jpg?resize=300%2C200&amp;ssl=1 300w, https:\/\/i0.wp.com\/idnu.ch\/wordpress\/wp-content\/uploads\/2023\/11\/val_muestair-20230718-1113-Bearbeitet.jpg?resize=1024%2C683&amp;ssl=1 1024w, https:\/\/i0.wp.com\/idnu.ch\/wordpress\/wp-content\/uploads\/2023\/11\/val_muestair-20230718-1113-Bearbeitet.jpg?resize=768%2C512&amp;ssl=1 768w, https:\/\/i0.wp.com\/idnu.ch\/wordpress\/wp-content\/uploads\/2023\/11\/val_muestair-20230718-1113-Bearbeitet.jpg?resize=150%2C100&amp;ssl=1 150w\" width=\"371\" height=\"247\" loading=\"lazy\" data-original-width=\"371\" data-original-height=\"247\" itemprop=\"http:\/\/schema.org\/image\" title=\"Alpenmeise\" alt=\"Haubenmeise\" style=\"width: 371px; height: 247px;\" \/> <\/a> <div class=\"tiled-gallery-caption\" itemprop=\"caption description\"> Haubenmeise <\/div> <\/div> <\/div> <!-- close group --> <div class=\"gallery-group images-1\" style=\"width: 375px; height: 251px;\" data-original-width=\"375\" data-original-height=\"251\" > <div class=\"tiled-gallery-item tiled-gallery-item-large\" itemprop=\"associatedMedia\" itemscope itemtype=\"http:\/\/schema.org\/ImageObject\"> <a href=\"https:\/\/idnu.ch\/wordpress\/natur-pur-in-der-val-muestair\/val_muestair-20230718-1125\/#main\" border=\"0\" itemprop=\"url\"> <meta itemprop=\"width\" content=\"371\"> <meta itemprop=\"height\" content=\"247\"> <img decoding=\"async\" class=\"\" data-attachment-id=\"24477\" data-orig-file=\"https:\/\/idnu.ch\/wordpress\/wp-content\/uploads\/2023\/11\/val_muestair-20230718-1125.jpg\" data-orig-size=\"1240,827\" data-comments-opened=\"1\" data-image-meta=\"{&quot;aperture&quot;:&quot;0&quot;,&quot;credit&quot;:&quot;&quot;,&quot;camera&quot;:&quot;&quot;,&quot;caption&quot;:&quot;&quot;,&quot;created_timestamp&quot;:&quot;0&quot;,&quot;copyright&quot;:&quot;Copyright Urs Kyburz (2019)&quot;,&quot;focal_length&quot;:&quot;0&quot;,&quot;iso&quot;:&quot;0&quot;,&quot;shutter_speed&quot;:&quot;0&quot;,&quot;title&quot;:&quot;&quot;,&quot;orientation&quot;:&quot;0&quot;}\" data-image-title=\"Felsenschwalbenestlige\" data-image-description=\"\" data-medium-file=\"https:\/\/i0.wp.com\/idnu.ch\/wordpress\/wp-content\/uploads\/2023\/11\/val_muestair-20230718-1125.jpg?fit=300%2C200&#038;ssl=1\" data-large-file=\"https:\/\/i0.wp.com\/idnu.ch\/wordpress\/wp-content\/uploads\/2023\/11\/val_muestair-20230718-1125.jpg?fit=750%2C500&#038;ssl=1\" src=\"https:\/\/i0.wp.com\/idnu.ch\/wordpress\/wp-content\/uploads\/2023\/11\/val_muestair-20230718-1125.jpg?w=371&#038;h=247&#038;ssl=1\" srcset=\"https:\/\/i0.wp.com\/idnu.ch\/wordpress\/wp-content\/uploads\/2023\/11\/val_muestair-20230718-1125.jpg?w=1240&amp;ssl=1 1240w, https:\/\/i0.wp.com\/idnu.ch\/wordpress\/wp-content\/uploads\/2023\/11\/val_muestair-20230718-1125.jpg?resize=300%2C200&amp;ssl=1 300w, https:\/\/i0.wp.com\/idnu.ch\/wordpress\/wp-content\/uploads\/2023\/11\/val_muestair-20230718-1125.jpg?resize=1024%2C683&amp;ssl=1 1024w, https:\/\/i0.wp.com\/idnu.ch\/wordpress\/wp-content\/uploads\/2023\/11\/val_muestair-20230718-1125.jpg?resize=768%2C512&amp;ssl=1 768w, https:\/\/i0.wp.com\/idnu.ch\/wordpress\/wp-content\/uploads\/2023\/11\/val_muestair-20230718-1125.jpg?resize=150%2C100&amp;ssl=1 150w\" width=\"371\" height=\"247\" loading=\"lazy\" data-original-width=\"371\" data-original-height=\"247\" itemprop=\"http:\/\/schema.org\/image\" title=\"Felsenschwalbenestlige\" alt=\"Felsenschwalbennestlinge\" style=\"width: 371px; height: 247px;\" \/> <\/a> <div class=\"tiled-gallery-caption\" itemprop=\"caption description\"> Felsenschwalbennestlinge <\/div> <\/div> <\/div> <!-- close group --> <\/div> <!-- close row --> <\/div>\n<p>Knapp ausserhalb des Nationalparks liegt der <strong><a href=\"https:\/\/idnu.ch\/wordpress\/rund-um-den-il-jalet\/\">Il Jalet<\/a><\/strong>, den wir vom Ofenpass aus bestiegen. Es ging uns auf dieser Wanderung aber haupts\u00e4chlich um die Tier- und Pflanzenwelt, die da \u00e4usserst vielf\u00e4ltig ist.<\/p>\n<div class=\"tiled-gallery type-square tiled-gallery-unresized\" data-original-width=\"750\" data-carousel-extra='{&quot;blog_id&quot;:1,&quot;permalink&quot;:&quot;https:\\\/\\\/idnu.ch\\\/wordpress\\\/natur-pur-in-der-val-muestair\\\/&quot;,&quot;likes_blog_id&quot;:100184974}' itemscope itemtype=\"http:\/\/schema.org\/ImageGallery\" > <div class=\"gallery-row\" style=\"width: 750px; height: 250px;\" data-original-width=\"750\" data-original-height=\"250\" > <div class=\"gallery-group\" style=\"width: 250px; height: 250px;\" data-original-width=\"250\" data-original-height=\"250\" > <div class=\"tiled-gallery-item \" itemprop=\"associatedMedia\" itemscope itemtype=\"http:\/\/schema.org\/ImageObject\"> <a href=\"https:\/\/idnu.ch\/wordpress\/rund-um-den-il-jalet\/val_muestair-20230713-600\/#main\" border=\"0\" itemprop=\"url\"> <meta itemprop=\"width\" content=\"246\"> <meta itemprop=\"height\" content=\"246\"> <img decoding=\"async\" class=\"\" data-attachment-id=\"23820\" data-orig-file=\"https:\/\/idnu.ch\/wordpress\/wp-content\/uploads\/2023\/08\/val_muestair-20230713-600.jpg\" data-orig-size=\"1240,827\" data-comments-opened=\"1\" data-image-meta=\"{&quot;aperture&quot;:&quot;0&quot;,&quot;credit&quot;:&quot;&quot;,&quot;camera&quot;:&quot;&quot;,&quot;caption&quot;:&quot;&quot;,&quot;created_timestamp&quot;:&quot;0&quot;,&quot;copyright&quot;:&quot;Copyright Urs Kyburz (2019)&quot;,&quot;focal_length&quot;:&quot;0&quot;,&quot;iso&quot;:&quot;0&quot;,&quot;shutter_speed&quot;:&quot;0&quot;,&quot;title&quot;:&quot;&quot;,&quot;orientation&quot;:&quot;0&quot;}\" data-image-title=\"Fichtenkreuzschnabel\" data-image-description=\"\" data-medium-file=\"https:\/\/i0.wp.com\/idnu.ch\/wordpress\/wp-content\/uploads\/2023\/08\/val_muestair-20230713-600.jpg?fit=300%2C200&#038;ssl=1\" data-large-file=\"https:\/\/i0.wp.com\/idnu.ch\/wordpress\/wp-content\/uploads\/2023\/08\/val_muestair-20230713-600.jpg?fit=750%2C500&#038;ssl=1\" src=\"https:\/\/i0.wp.com\/idnu.ch\/wordpress\/wp-content\/uploads\/2023\/08\/val_muestair-20230713-600.jpg?w=246&#038;h=246&#038;crop=1&#038;ssl=1\" srcset=\"https:\/\/i0.wp.com\/idnu.ch\/wordpress\/wp-content\/uploads\/2023\/08\/val_muestair-20230713-600.jpg?resize=150%2C150&amp;ssl=1 150w, https:\/\/i0.wp.com\/idnu.ch\/wordpress\/wp-content\/uploads\/2023\/08\/val_muestair-20230713-600.jpg?resize=750%2C750&amp;ssl=1 750w, https:\/\/i0.wp.com\/idnu.ch\/wordpress\/wp-content\/uploads\/2023\/08\/val_muestair-20230713-600.jpg?zoom=2&amp;resize=246%2C246&amp;ssl=1 492w\" width=\"246\" height=\"246\" loading=\"lazy\" data-original-width=\"246\" data-original-height=\"246\" itemprop=\"http:\/\/schema.org\/image\" title=\"Fichtenkreuzschnabel\" alt=\"ein fichtenkreuzschnabel auf der spitze einer bergf\u00f6hre\" style=\"width: 246px; height: 246px;\" \/> <\/a> <div class=\"tiled-gallery-caption\" itemprop=\"caption description\"> Fichtenkreuzschnabel <\/div> <\/div> <\/div> <div class=\"gallery-group\" style=\"width: 250px; height: 250px;\" data-original-width=\"250\" data-original-height=\"250\" > <div class=\"tiled-gallery-item \" itemprop=\"associatedMedia\" itemscope itemtype=\"http:\/\/schema.org\/ImageObject\"> <a href=\"https:\/\/idnu.ch\/wordpress\/rund-um-den-il-jalet\/val_muestair-20230713-680\/#main\" border=\"0\" itemprop=\"url\"> <meta itemprop=\"width\" content=\"246\"> <meta itemprop=\"height\" content=\"246\"> <img decoding=\"async\" class=\"\" data-attachment-id=\"23825\" data-orig-file=\"https:\/\/idnu.ch\/wordpress\/wp-content\/uploads\/2023\/08\/val_muestair-20230713-680.jpg\" data-orig-size=\"1240,827\" data-comments-opened=\"1\" data-image-meta=\"{&quot;aperture&quot;:&quot;0&quot;,&quot;credit&quot;:&quot;&quot;,&quot;camera&quot;:&quot;&quot;,&quot;caption&quot;:&quot;&quot;,&quot;created_timestamp&quot;:&quot;0&quot;,&quot;copyright&quot;:&quot;Copyright Urs Kyburz (2019)&quot;,&quot;focal_length&quot;:&quot;0&quot;,&quot;iso&quot;:&quot;0&quot;,&quot;shutter_speed&quot;:&quot;0&quot;,&quot;title&quot;:&quot;&quot;,&quot;orientation&quot;:&quot;0&quot;}\" data-image-title=\"Scheckenfalter auf einem Knabenkraut\" data-image-description=\"\" data-medium-file=\"https:\/\/i0.wp.com\/idnu.ch\/wordpress\/wp-content\/uploads\/2023\/08\/val_muestair-20230713-680.jpg?fit=300%2C200&#038;ssl=1\" data-large-file=\"https:\/\/i0.wp.com\/idnu.ch\/wordpress\/wp-content\/uploads\/2023\/08\/val_muestair-20230713-680.jpg?fit=750%2C500&#038;ssl=1\" src=\"https:\/\/i0.wp.com\/idnu.ch\/wordpress\/wp-content\/uploads\/2023\/08\/val_muestair-20230713-680.jpg?w=246&#038;h=246&#038;crop=1&#038;ssl=1\" srcset=\"https:\/\/i0.wp.com\/idnu.ch\/wordpress\/wp-content\/uploads\/2023\/08\/val_muestair-20230713-680.jpg?resize=150%2C150&amp;ssl=1 150w, https:\/\/i0.wp.com\/idnu.ch\/wordpress\/wp-content\/uploads\/2023\/08\/val_muestair-20230713-680.jpg?resize=750%2C750&amp;ssl=1 750w, https:\/\/i0.wp.com\/idnu.ch\/wordpress\/wp-content\/uploads\/2023\/08\/val_muestair-20230713-680.jpg?zoom=2&amp;resize=246%2C246&amp;ssl=1 492w\" width=\"246\" height=\"246\" loading=\"lazy\" data-original-width=\"246\" data-original-height=\"246\" itemprop=\"http:\/\/schema.org\/image\" title=\"Scheckenfalter auf einem Knabenkraut\" alt=\"schmetterling auf einer orchidee\" style=\"width: 246px; height: 246px;\" \/> <\/a> <div class=\"tiled-gallery-caption\" itemprop=\"caption description\"> Scheckenfalter auf einem Knabenkraut <\/div> <\/div> <\/div> <div class=\"gallery-group\" style=\"width: 250px; height: 250px;\" data-original-width=\"250\" data-original-height=\"250\" > <div class=\"tiled-gallery-item \" itemprop=\"associatedMedia\" itemscope itemtype=\"http:\/\/schema.org\/ImageObject\"> <a href=\"https:\/\/idnu.ch\/wordpress\/rund-um-den-il-jalet\/val_muestair-20230713-658\/#main\" border=\"0\" itemprop=\"url\"> <meta itemprop=\"width\" content=\"246\"> <meta itemprop=\"height\" content=\"246\"> <img decoding=\"async\" class=\"\" data-attachment-id=\"23823\" data-orig-file=\"https:\/\/idnu.ch\/wordpress\/wp-content\/uploads\/2023\/08\/val_muestair-20230713-658.jpg\" data-orig-size=\"1240,827\" data-comments-opened=\"1\" data-image-meta=\"{&quot;aperture&quot;:&quot;0&quot;,&quot;credit&quot;:&quot;&quot;,&quot;camera&quot;:&quot;&quot;,&quot;caption&quot;:&quot;&quot;,&quot;created_timestamp&quot;:&quot;0&quot;,&quot;copyright&quot;:&quot;&quot;,&quot;focal_length&quot;:&quot;0&quot;,&quot;iso&quot;:&quot;0&quot;,&quot;shutter_speed&quot;:&quot;0&quot;,&quot;title&quot;:&quot;&quot;,&quot;orientation&quot;:&quot;0&quot;}\" data-image-title=\"Blick in die Val M\u00fcstair\" data-image-description=\"\" data-medium-file=\"https:\/\/i0.wp.com\/idnu.ch\/wordpress\/wp-content\/uploads\/2023\/08\/val_muestair-20230713-658.jpg?fit=300%2C200&#038;ssl=1\" data-large-file=\"https:\/\/i0.wp.com\/idnu.ch\/wordpress\/wp-content\/uploads\/2023\/08\/val_muestair-20230713-658.jpg?fit=750%2C500&#038;ssl=1\" src=\"https:\/\/i0.wp.com\/idnu.ch\/wordpress\/wp-content\/uploads\/2023\/08\/val_muestair-20230713-658.jpg?w=246&#038;h=246&#038;crop=1&#038;ssl=1\" srcset=\"https:\/\/i0.wp.com\/idnu.ch\/wordpress\/wp-content\/uploads\/2023\/08\/val_muestair-20230713-658.jpg?resize=150%2C150&amp;ssl=1 150w, https:\/\/i0.wp.com\/idnu.ch\/wordpress\/wp-content\/uploads\/2023\/08\/val_muestair-20230713-658.jpg?resize=750%2C750&amp;ssl=1 750w, https:\/\/i0.wp.com\/idnu.ch\/wordpress\/wp-content\/uploads\/2023\/08\/val_muestair-20230713-658.jpg?zoom=2&amp;resize=246%2C246&amp;ssl=1 492w\" width=\"246\" height=\"246\" loading=\"lazy\" data-original-width=\"246\" data-original-height=\"246\" itemprop=\"http:\/\/schema.org\/image\" title=\"Blick in die Val M\u00fcstair\" alt=\"person blickt vom gipfel hinunter\" style=\"width: 246px; height: 246px;\" \/> <\/a> <div class=\"tiled-gallery-caption\" itemprop=\"caption description\"> Blick in die Val M\u00fcstair <\/div> <\/div> <\/div> <\/div> <\/div>\n<h2>Unterwegs in der Val M\u00fcstair<\/h2>\n<p>Ein guter Einstieg bietet die <strong><a href=\"https:\/\/idnu.ch\/wordpress\/a-la-riva-dal-rom\/\">Wanderung dem Rom<\/a><\/strong> entlang von der Quelle in Tschierv bis nach M\u00fcstair.<\/p>\n<div class=\"tiled-gallery type-square tiled-gallery-unresized\" data-original-width=\"750\" data-carousel-extra='{&quot;blog_id&quot;:1,&quot;permalink&quot;:&quot;https:\\\/\\\/idnu.ch\\\/wordpress\\\/natur-pur-in-der-val-muestair\\\/&quot;,&quot;likes_blog_id&quot;:100184974}' itemscope itemtype=\"http:\/\/schema.org\/ImageGallery\" > <div class=\"gallery-row\" style=\"width: 750px; height: 250px;\" data-original-width=\"750\" data-original-height=\"250\" > <div class=\"gallery-group\" style=\"width: 250px; height: 250px;\" data-original-width=\"250\" data-original-height=\"250\" > <div class=\"tiled-gallery-item \" itemprop=\"associatedMedia\" itemscope itemtype=\"http:\/\/schema.org\/ImageObject\"> <a href=\"https:\/\/idnu.ch\/wordpress\/a-la-riva-dal-rom\/val_muestair-20230711-396\/#main\" border=\"0\" itemprop=\"url\"> <meta itemprop=\"width\" content=\"246\"> <meta itemprop=\"height\" content=\"246\"> <img decoding=\"async\" class=\"\" data-attachment-id=\"23618\" data-orig-file=\"https:\/\/idnu.ch\/wordpress\/wp-content\/uploads\/2023\/07\/val_muestair-20230711-396.jpg\" data-orig-size=\"1240,827\" data-comments-opened=\"1\" data-image-meta=\"{&quot;aperture&quot;:&quot;0&quot;,&quot;credit&quot;:&quot;&quot;,&quot;camera&quot;:&quot;&quot;,&quot;caption&quot;:&quot;&quot;,&quot;created_timestamp&quot;:&quot;0&quot;,&quot;copyright&quot;:&quot;Copyright Urs Kyburz (2019)&quot;,&quot;focal_length&quot;:&quot;0&quot;,&quot;iso&quot;:&quot;0&quot;,&quot;shutter_speed&quot;:&quot;0&quot;,&quot;title&quot;:&quot;&quot;,&quot;orientation&quot;:&quot;0&quot;}\" data-image-title=\"Der junge Rom\" data-image-description=\"\" data-medium-file=\"https:\/\/i0.wp.com\/idnu.ch\/wordpress\/wp-content\/uploads\/2023\/07\/val_muestair-20230711-396.jpg?fit=300%2C200&#038;ssl=1\" data-large-file=\"https:\/\/i0.wp.com\/idnu.ch\/wordpress\/wp-content\/uploads\/2023\/07\/val_muestair-20230711-396.jpg?fit=750%2C500&#038;ssl=1\" src=\"https:\/\/i0.wp.com\/idnu.ch\/wordpress\/wp-content\/uploads\/2023\/07\/val_muestair-20230711-396.jpg?w=246&#038;h=246&#038;crop=1&#038;ssl=1\" srcset=\"https:\/\/i0.wp.com\/idnu.ch\/wordpress\/wp-content\/uploads\/2023\/07\/val_muestair-20230711-396.jpg?resize=150%2C150&amp;ssl=1 150w, https:\/\/i0.wp.com\/idnu.ch\/wordpress\/wp-content\/uploads\/2023\/07\/val_muestair-20230711-396.jpg?resize=750%2C750&amp;ssl=1 750w, https:\/\/i0.wp.com\/idnu.ch\/wordpress\/wp-content\/uploads\/2023\/07\/val_muestair-20230711-396.jpg?zoom=2&amp;resize=246%2C246&amp;ssl=1 492w\" width=\"246\" height=\"246\" loading=\"lazy\" data-original-width=\"246\" data-original-height=\"246\" itemprop=\"http:\/\/schema.org\/image\" title=\"Der junge Rom\" alt=\"Der junge Rom\" style=\"width: 246px; height: 246px;\" \/> <\/a> <div class=\"tiled-gallery-caption\" itemprop=\"caption description\"> Der junge Rom <\/div> <\/div> <\/div> <div class=\"gallery-group\" style=\"width: 250px; height: 250px;\" data-original-width=\"250\" data-original-height=\"250\" > <div class=\"tiled-gallery-item \" itemprop=\"associatedMedia\" itemscope itemtype=\"http:\/\/schema.org\/ImageObject\"> <a href=\"https:\/\/idnu.ch\/wordpress\/a-la-riva-dal-rom\/val_muestair-20230716-911\/#main\" border=\"0\" itemprop=\"url\"> <meta itemprop=\"width\" content=\"246\"> <meta itemprop=\"height\" content=\"246\"> <img decoding=\"async\" class=\"\" data-attachment-id=\"23633\" data-orig-file=\"https:\/\/idnu.ch\/wordpress\/wp-content\/uploads\/2023\/07\/val_muestair-20230716-911.jpg\" data-orig-size=\"827,1240\" data-comments-opened=\"1\" data-image-meta=\"{&quot;aperture&quot;:&quot;0&quot;,&quot;credit&quot;:&quot;&quot;,&quot;camera&quot;:&quot;&quot;,&quot;caption&quot;:&quot;&quot;,&quot;created_timestamp&quot;:&quot;0&quot;,&quot;copyright&quot;:&quot;Copyright Urs Kyburz (2019)&quot;,&quot;focal_length&quot;:&quot;0&quot;,&quot;iso&quot;:&quot;0&quot;,&quot;shutter_speed&quot;:&quot;0&quot;,&quot;title&quot;:&quot;&quot;,&quot;orientation&quot;:&quot;0&quot;}\" data-image-title=\"\" data-image-description=\"\" data-medium-file=\"https:\/\/i0.wp.com\/idnu.ch\/wordpress\/wp-content\/uploads\/2023\/07\/val_muestair-20230716-911.jpg?fit=200%2C300&#038;ssl=1\" data-large-file=\"https:\/\/i0.wp.com\/idnu.ch\/wordpress\/wp-content\/uploads\/2023\/07\/val_muestair-20230716-911.jpg?fit=683%2C1024&#038;ssl=1\" src=\"https:\/\/i0.wp.com\/idnu.ch\/wordpress\/wp-content\/uploads\/2023\/07\/val_muestair-20230716-911.jpg?w=246&#038;h=246&#038;crop=1&#038;ssl=1\" srcset=\"https:\/\/i0.wp.com\/idnu.ch\/wordpress\/wp-content\/uploads\/2023\/07\/val_muestair-20230716-911.jpg?resize=150%2C150&amp;ssl=1 150w, https:\/\/i0.wp.com\/idnu.ch\/wordpress\/wp-content\/uploads\/2023\/07\/val_muestair-20230716-911.jpg?resize=750%2C750&amp;ssl=1 750w, https:\/\/i0.wp.com\/idnu.ch\/wordpress\/wp-content\/uploads\/2023\/07\/val_muestair-20230716-911.jpg?zoom=2&amp;resize=246%2C246&amp;ssl=1 492w\" width=\"246\" height=\"246\" loading=\"lazy\" data-original-width=\"246\" data-original-height=\"246\" itemprop=\"http:\/\/schema.org\/image\" title=\"\" alt=\"\" style=\"width: 246px; height: 246px;\" \/> <\/a> <\/div> <\/div> <div class=\"gallery-group\" style=\"width: 250px; height: 250px;\" data-original-width=\"250\" data-original-height=\"250\" > <div class=\"tiled-gallery-item \" itemprop=\"associatedMedia\" itemscope itemtype=\"http:\/\/schema.org\/ImageObject\"> <a href=\"https:\/\/idnu.ch\/wordpress\/a-la-riva-dal-rom\/val_muestair-20230716-929\/#main\" border=\"0\" itemprop=\"url\"> <meta itemprop=\"width\" content=\"246\"> <meta itemprop=\"height\" content=\"246\"> <img decoding=\"async\" class=\"\" data-attachment-id=\"23638\" data-orig-file=\"https:\/\/idnu.ch\/wordpress\/wp-content\/uploads\/2023\/07\/val_muestair-20230716-929.jpg\" data-orig-size=\"1240,827\" data-comments-opened=\"1\" data-image-meta=\"{&quot;aperture&quot;:&quot;0&quot;,&quot;credit&quot;:&quot;&quot;,&quot;camera&quot;:&quot;&quot;,&quot;caption&quot;:&quot;&quot;,&quot;created_timestamp&quot;:&quot;0&quot;,&quot;copyright&quot;:&quot;Copyright Urs Kyburz (2019)&quot;,&quot;focal_length&quot;:&quot;0&quot;,&quot;iso&quot;:&quot;0&quot;,&quot;shutter_speed&quot;:&quot;0&quot;,&quot;title&quot;:&quot;&quot;,&quot;orientation&quot;:&quot;0&quot;}\" data-image-title=\"\" data-image-description=\"\" data-medium-file=\"https:\/\/i0.wp.com\/idnu.ch\/wordpress\/wp-content\/uploads\/2023\/07\/val_muestair-20230716-929.jpg?fit=300%2C200&#038;ssl=1\" data-large-file=\"https:\/\/i0.wp.com\/idnu.ch\/wordpress\/wp-content\/uploads\/2023\/07\/val_muestair-20230716-929.jpg?fit=750%2C500&#038;ssl=1\" src=\"https:\/\/i0.wp.com\/idnu.ch\/wordpress\/wp-content\/uploads\/2023\/07\/val_muestair-20230716-929.jpg?w=246&#038;h=246&#038;crop=1&#038;ssl=1\" srcset=\"https:\/\/i0.wp.com\/idnu.ch\/wordpress\/wp-content\/uploads\/2023\/07\/val_muestair-20230716-929.jpg?resize=150%2C150&amp;ssl=1 150w, https:\/\/i0.wp.com\/idnu.ch\/wordpress\/wp-content\/uploads\/2023\/07\/val_muestair-20230716-929.jpg?resize=750%2C750&amp;ssl=1 750w, https:\/\/i0.wp.com\/idnu.ch\/wordpress\/wp-content\/uploads\/2023\/07\/val_muestair-20230716-929.jpg?zoom=2&amp;resize=246%2C246&amp;ssl=1 492w\" width=\"246\" height=\"246\" loading=\"lazy\" data-original-width=\"246\" data-original-height=\"246\" itemprop=\"http:\/\/schema.org\/image\" title=\"\" alt=\"\" style=\"width: 246px; height: 246px;\" \/> <\/a> <\/div> <\/div> <\/div> <\/div>\n<p>Etwas weiter ist dann die <strong><a href=\"https:\/\/idnu.ch\/wordpress\/durch-den-hoechstgelegenen-arvenwald-europas\/\">Wanderung nach S-charl<\/a><\/strong> \u00fcber den Pass da Costainas und durch den God da Tamangur.<\/p>\n<div class=\"tiled-gallery type-square tiled-gallery-unresized\" data-original-width=\"750\" data-carousel-extra='{&quot;blog_id&quot;:1,&quot;permalink&quot;:&quot;https:\\\/\\\/idnu.ch\\\/wordpress\\\/natur-pur-in-der-val-muestair\\\/&quot;,&quot;likes_blog_id&quot;:100184974}' itemscope itemtype=\"http:\/\/schema.org\/ImageGallery\" > <div class=\"gallery-row\" style=\"width: 750px; height: 250px;\" data-original-width=\"750\" data-original-height=\"250\" > <div class=\"gallery-group\" style=\"width: 250px; height: 250px;\" data-original-width=\"250\" data-original-height=\"250\" > <div class=\"tiled-gallery-item \" itemprop=\"associatedMedia\" itemscope itemtype=\"http:\/\/schema.org\/ImageObject\"> <a href=\"https:\/\/idnu.ch\/wordpress\/durch-den-hoechstgelegenen-arvenwald-europas\/val_muestair-20230717-981\/#main\" border=\"0\" itemprop=\"url\"> <meta itemprop=\"width\" content=\"246\"> <meta itemprop=\"height\" content=\"246\"> <img decoding=\"async\" class=\"\" data-attachment-id=\"23983\" data-orig-file=\"https:\/\/idnu.ch\/wordpress\/wp-content\/uploads\/2023\/09\/val_muestair-20230717-981.jpg\" data-orig-size=\"1240,827\" data-comments-opened=\"1\" data-image-meta=\"{&quot;aperture&quot;:&quot;0&quot;,&quot;credit&quot;:&quot;&quot;,&quot;camera&quot;:&quot;&quot;,&quot;caption&quot;:&quot;&quot;,&quot;created_timestamp&quot;:&quot;0&quot;,&quot;copyright&quot;:&quot;Copyright Urs Kyburz (2019)&quot;,&quot;focal_length&quot;:&quot;0&quot;,&quot;iso&quot;:&quot;0&quot;,&quot;shutter_speed&quot;:&quot;0&quot;,&quot;title&quot;:&quot;&quot;,&quot;orientation&quot;:&quot;0&quot;}\" data-image-title=\"In der Weite des Tales\" data-image-description=\"\" data-medium-file=\"https:\/\/i0.wp.com\/idnu.ch\/wordpress\/wp-content\/uploads\/2023\/09\/val_muestair-20230717-981.jpg?fit=300%2C200&#038;ssl=1\" data-large-file=\"https:\/\/i0.wp.com\/idnu.ch\/wordpress\/wp-content\/uploads\/2023\/09\/val_muestair-20230717-981.jpg?fit=750%2C500&#038;ssl=1\" src=\"https:\/\/i0.wp.com\/idnu.ch\/wordpress\/wp-content\/uploads\/2023\/09\/val_muestair-20230717-981.jpg?w=246&#038;h=246&#038;crop=1&#038;ssl=1\" srcset=\"https:\/\/i0.wp.com\/idnu.ch\/wordpress\/wp-content\/uploads\/2023\/09\/val_muestair-20230717-981.jpg?resize=150%2C150&amp;ssl=1 150w, https:\/\/i0.wp.com\/idnu.ch\/wordpress\/wp-content\/uploads\/2023\/09\/val_muestair-20230717-981.jpg?resize=750%2C750&amp;ssl=1 750w, https:\/\/i0.wp.com\/idnu.ch\/wordpress\/wp-content\/uploads\/2023\/09\/val_muestair-20230717-981.jpg?zoom=2&amp;resize=246%2C246&amp;ssl=1 492w\" width=\"246\" height=\"246\" loading=\"lazy\" data-original-width=\"246\" data-original-height=\"246\" itemprop=\"http:\/\/schema.org\/image\" title=\"In der Weite des Tales\" alt=\"In der Weite des Tales\" style=\"width: 246px; height: 246px;\" \/> <\/a> <div class=\"tiled-gallery-caption\" itemprop=\"caption description\"> In der Weite des Tales <\/div> <\/div> <\/div> <div class=\"gallery-group\" style=\"width: 250px; height: 250px;\" data-original-width=\"250\" data-original-height=\"250\" > <div class=\"tiled-gallery-item \" itemprop=\"associatedMedia\" itemscope itemtype=\"http:\/\/schema.org\/ImageObject\"> <a href=\"https:\/\/idnu.ch\/wordpress\/durch-den-hoechstgelegenen-arvenwald-europas\/val_muestair-20230717-1013\/#main\" border=\"0\" itemprop=\"url\"> <meta itemprop=\"width\" content=\"246\"> <meta itemprop=\"height\" content=\"246\"> <img decoding=\"async\" class=\"\" data-attachment-id=\"23988\" data-orig-file=\"https:\/\/idnu.ch\/wordpress\/wp-content\/uploads\/2023\/09\/val_muestair-20230717-1013.jpg\" data-orig-size=\"1240,827\" data-comments-opened=\"1\" data-image-meta=\"{&quot;aperture&quot;:&quot;0&quot;,&quot;credit&quot;:&quot;&quot;,&quot;camera&quot;:&quot;&quot;,&quot;caption&quot;:&quot;&quot;,&quot;created_timestamp&quot;:&quot;0&quot;,&quot;copyright&quot;:&quot;Copyright Urs Kyburz (2019)&quot;,&quot;focal_length&quot;:&quot;0&quot;,&quot;iso&quot;:&quot;0&quot;,&quot;shutter_speed&quot;:&quot;0&quot;,&quot;title&quot;:&quot;&quot;,&quot;orientation&quot;:&quot;0&quot;}\" data-image-title=\"Zum God da Tamangur\" data-image-description=\"\" data-medium-file=\"https:\/\/i0.wp.com\/idnu.ch\/wordpress\/wp-content\/uploads\/2023\/09\/val_muestair-20230717-1013.jpg?fit=300%2C200&#038;ssl=1\" data-large-file=\"https:\/\/i0.wp.com\/idnu.ch\/wordpress\/wp-content\/uploads\/2023\/09\/val_muestair-20230717-1013.jpg?fit=750%2C500&#038;ssl=1\" src=\"https:\/\/i0.wp.com\/idnu.ch\/wordpress\/wp-content\/uploads\/2023\/09\/val_muestair-20230717-1013.jpg?w=246&#038;h=246&#038;crop=1&#038;ssl=1\" srcset=\"https:\/\/i0.wp.com\/idnu.ch\/wordpress\/wp-content\/uploads\/2023\/09\/val_muestair-20230717-1013.jpg?resize=150%2C150&amp;ssl=1 150w, https:\/\/i0.wp.com\/idnu.ch\/wordpress\/wp-content\/uploads\/2023\/09\/val_muestair-20230717-1013.jpg?resize=750%2C750&amp;ssl=1 750w, https:\/\/i0.wp.com\/idnu.ch\/wordpress\/wp-content\/uploads\/2023\/09\/val_muestair-20230717-1013.jpg?zoom=2&amp;resize=246%2C246&amp;ssl=1 492w\" width=\"246\" height=\"246\" loading=\"lazy\" data-original-width=\"246\" data-original-height=\"246\" itemprop=\"http:\/\/schema.org\/image\" title=\"Zum God da Tamangur\" alt=\"Zum God da Tamangur\" style=\"width: 246px; height: 246px;\" \/> <\/a> <div class=\"tiled-gallery-caption\" itemprop=\"caption description\"> Zum God da Tamangur <\/div> <\/div> <\/div> <div class=\"gallery-group\" style=\"width: 250px; height: 250px;\" data-original-width=\"250\" data-original-height=\"250\" > <div class=\"tiled-gallery-item \" itemprop=\"associatedMedia\" itemscope itemtype=\"http:\/\/schema.org\/ImageObject\"> <a href=\"https:\/\/idnu.ch\/wordpress\/durch-den-hoechstgelegenen-arvenwald-europas\/val_muestair-20230717-1026\/#main\" border=\"0\" itemprop=\"url\"> <meta itemprop=\"width\" content=\"246\"> <meta itemprop=\"height\" content=\"246\"> <img decoding=\"async\" class=\"\" data-attachment-id=\"23990\" data-orig-file=\"https:\/\/idnu.ch\/wordpress\/wp-content\/uploads\/2023\/09\/val_muestair-20230717-1026.jpg\" data-orig-size=\"1240,827\" data-comments-opened=\"1\" data-image-meta=\"{&quot;aperture&quot;:&quot;0&quot;,&quot;credit&quot;:&quot;&quot;,&quot;camera&quot;:&quot;&quot;,&quot;caption&quot;:&quot;&quot;,&quot;created_timestamp&quot;:&quot;0&quot;,&quot;copyright&quot;:&quot;Copyright Urs Kyburz (2019)&quot;,&quot;focal_length&quot;:&quot;0&quot;,&quot;iso&quot;:&quot;0&quot;,&quot;shutter_speed&quot;:&quot;0&quot;,&quot;title&quot;:&quot;&quot;,&quot;orientation&quot;:&quot;0&quot;}\" data-image-title=\"Totholz neben uralten Arven\" data-image-description=\"\" data-medium-file=\"https:\/\/i0.wp.com\/idnu.ch\/wordpress\/wp-content\/uploads\/2023\/09\/val_muestair-20230717-1026.jpg?fit=300%2C200&#038;ssl=1\" data-large-file=\"https:\/\/i0.wp.com\/idnu.ch\/wordpress\/wp-content\/uploads\/2023\/09\/val_muestair-20230717-1026.jpg?fit=750%2C500&#038;ssl=1\" src=\"https:\/\/i0.wp.com\/idnu.ch\/wordpress\/wp-content\/uploads\/2023\/09\/val_muestair-20230717-1026.jpg?w=246&#038;h=246&#038;crop=1&#038;ssl=1\" srcset=\"https:\/\/i0.wp.com\/idnu.ch\/wordpress\/wp-content\/uploads\/2023\/09\/val_muestair-20230717-1026.jpg?resize=150%2C150&amp;ssl=1 150w, https:\/\/i0.wp.com\/idnu.ch\/wordpress\/wp-content\/uploads\/2023\/09\/val_muestair-20230717-1026.jpg?resize=750%2C750&amp;ssl=1 750w, https:\/\/i0.wp.com\/idnu.ch\/wordpress\/wp-content\/uploads\/2023\/09\/val_muestair-20230717-1026.jpg?zoom=2&amp;resize=246%2C246&amp;ssl=1 492w\" width=\"246\" height=\"246\" loading=\"lazy\" data-original-width=\"246\" data-original-height=\"246\" itemprop=\"http:\/\/schema.org\/image\" title=\"Totholz neben uralten Arven\" alt=\"Totholz neben uralten Arven\" style=\"width: 246px; height: 246px;\" \/> <\/a> <div class=\"tiled-gallery-caption\" itemprop=\"caption description\"> Totholz neben uralten Arven <\/div> <\/div> <\/div> <\/div> <\/div>\n<p>Hoch hinaus, auf fast 3000 Meter, geht es auf den <strong><a href=\"https:\/\/idnu.ch\/wordpress\/die-dora-die-keine-ist\/\">Piz Dora<\/a><\/strong>, von wo man eine grandiose Aussicht geniesst.<\/p>\n<div class=\"tiled-gallery type-square tiled-gallery-unresized\" data-original-width=\"750\" data-carousel-extra='{&quot;blog_id&quot;:1,&quot;permalink&quot;:&quot;https:\\\/\\\/idnu.ch\\\/wordpress\\\/natur-pur-in-der-val-muestair\\\/&quot;,&quot;likes_blog_id&quot;:100184974}' itemscope itemtype=\"http:\/\/schema.org\/ImageGallery\" > <div class=\"gallery-row\" style=\"width: 750px; height: 250px;\" data-original-width=\"750\" data-original-height=\"250\" > <div class=\"gallery-group\" style=\"width: 250px; height: 250px;\" data-original-width=\"250\" data-original-height=\"250\" > <div class=\"tiled-gallery-item \" itemprop=\"associatedMedia\" itemscope itemtype=\"http:\/\/schema.org\/ImageObject\"> <a href=\"https:\/\/idnu.ch\/wordpress\/die-dora-die-keine-ist\/val_muestair-20230715-802\/#main\" border=\"0\" itemprop=\"url\"> <meta itemprop=\"width\" content=\"246\"> <meta itemprop=\"height\" content=\"246\"> <img decoding=\"async\" class=\"\" data-attachment-id=\"23866\" data-orig-file=\"https:\/\/idnu.ch\/wordpress\/wp-content\/uploads\/2023\/08\/val_muestair-20230715-802.jpg\" data-orig-size=\"1240,827\" data-comments-opened=\"1\" data-image-meta=\"{&quot;aperture&quot;:&quot;0&quot;,&quot;credit&quot;:&quot;&quot;,&quot;camera&quot;:&quot;&quot;,&quot;caption&quot;:&quot;&quot;,&quot;created_timestamp&quot;:&quot;0&quot;,&quot;copyright&quot;:&quot;Copyright Urs Kyburz (2019)&quot;,&quot;focal_length&quot;:&quot;0&quot;,&quot;iso&quot;:&quot;0&quot;,&quot;shutter_speed&quot;:&quot;0&quot;,&quot;title&quot;:&quot;&quot;,&quot;orientation&quot;:&quot;0&quot;}\" data-image-title=\"Auf Funtauna zwischen den K\u00fchen\" data-image-description=\"\" data-medium-file=\"https:\/\/i0.wp.com\/idnu.ch\/wordpress\/wp-content\/uploads\/2023\/08\/val_muestair-20230715-802.jpg?fit=300%2C200&#038;ssl=1\" data-large-file=\"https:\/\/i0.wp.com\/idnu.ch\/wordpress\/wp-content\/uploads\/2023\/08\/val_muestair-20230715-802.jpg?fit=750%2C500&#038;ssl=1\" src=\"https:\/\/i0.wp.com\/idnu.ch\/wordpress\/wp-content\/uploads\/2023\/08\/val_muestair-20230715-802.jpg?w=246&#038;h=246&#038;crop=1&#038;ssl=1\" srcset=\"https:\/\/i0.wp.com\/idnu.ch\/wordpress\/wp-content\/uploads\/2023\/08\/val_muestair-20230715-802.jpg?resize=150%2C150&amp;ssl=1 150w, https:\/\/i0.wp.com\/idnu.ch\/wordpress\/wp-content\/uploads\/2023\/08\/val_muestair-20230715-802.jpg?resize=750%2C750&amp;ssl=1 750w, https:\/\/i0.wp.com\/idnu.ch\/wordpress\/wp-content\/uploads\/2023\/08\/val_muestair-20230715-802.jpg?zoom=2&amp;resize=246%2C246&amp;ssl=1 492w\" width=\"246\" height=\"246\" loading=\"lazy\" data-original-width=\"246\" data-original-height=\"246\" itemprop=\"http:\/\/schema.org\/image\" title=\"Auf Funtauna zwischen den K\u00fchen\" alt=\"Auf Funtauna zwischen den K\u00fchen\" style=\"width: 246px; height: 246px;\" \/> <\/a> <div class=\"tiled-gallery-caption\" itemprop=\"caption description\"> Auf Funtauna zwischen den K\u00fchen <\/div> <\/div> <\/div> <div class=\"gallery-group\" style=\"width: 250px; height: 250px;\" data-original-width=\"250\" data-original-height=\"250\" > <div class=\"tiled-gallery-item \" itemprop=\"associatedMedia\" itemscope itemtype=\"http:\/\/schema.org\/ImageObject\"> <a href=\"https:\/\/idnu.ch\/wordpress\/die-dora-die-keine-ist\/val_muestair-20230715-843\/#main\" border=\"0\" itemprop=\"url\"> <meta itemprop=\"width\" content=\"246\"> <meta itemprop=\"height\" content=\"246\"> <img decoding=\"async\" class=\"\" data-attachment-id=\"23875\" data-orig-file=\"https:\/\/idnu.ch\/wordpress\/wp-content\/uploads\/2023\/08\/val_muestair-20230715-843.jpg\" data-orig-size=\"1240,827\" data-comments-opened=\"1\" data-image-meta=\"{&quot;aperture&quot;:&quot;0&quot;,&quot;credit&quot;:&quot;&quot;,&quot;camera&quot;:&quot;&quot;,&quot;caption&quot;:&quot;&quot;,&quot;created_timestamp&quot;:&quot;0&quot;,&quot;copyright&quot;:&quot;Copyright Urs Kyburz (2019)&quot;,&quot;focal_length&quot;:&quot;0&quot;,&quot;iso&quot;:&quot;0&quot;,&quot;shutter_speed&quot;:&quot;0&quot;,&quot;title&quot;:&quot;&quot;,&quot;orientation&quot;:&quot;0&quot;}\" data-image-title=\"Gipfel erreicht\" data-image-description=\"\" data-medium-file=\"https:\/\/i0.wp.com\/idnu.ch\/wordpress\/wp-content\/uploads\/2023\/08\/val_muestair-20230715-843.jpg?fit=300%2C200&#038;ssl=1\" data-large-file=\"https:\/\/i0.wp.com\/idnu.ch\/wordpress\/wp-content\/uploads\/2023\/08\/val_muestair-20230715-843.jpg?fit=750%2C500&#038;ssl=1\" src=\"https:\/\/i0.wp.com\/idnu.ch\/wordpress\/wp-content\/uploads\/2023\/08\/val_muestair-20230715-843.jpg?w=246&#038;h=246&#038;crop=1&#038;ssl=1\" srcset=\"https:\/\/i0.wp.com\/idnu.ch\/wordpress\/wp-content\/uploads\/2023\/08\/val_muestair-20230715-843.jpg?resize=150%2C150&amp;ssl=1 150w, https:\/\/i0.wp.com\/idnu.ch\/wordpress\/wp-content\/uploads\/2023\/08\/val_muestair-20230715-843.jpg?resize=750%2C750&amp;ssl=1 750w, https:\/\/i0.wp.com\/idnu.ch\/wordpress\/wp-content\/uploads\/2023\/08\/val_muestair-20230715-843.jpg?zoom=2&amp;resize=246%2C246&amp;ssl=1 492w\" width=\"246\" height=\"246\" loading=\"lazy\" data-original-width=\"246\" data-original-height=\"246\" itemprop=\"http:\/\/schema.org\/image\" title=\"Gipfel erreicht\" alt=\"Gipfel erreicht\" style=\"width: 246px; height: 246px;\" \/> <\/a> <div class=\"tiled-gallery-caption\" itemprop=\"caption description\"> Gipfel erreicht <\/div> <\/div> <\/div> <div class=\"gallery-group\" style=\"width: 250px; height: 250px;\" data-original-width=\"250\" data-original-height=\"250\" > <div class=\"tiled-gallery-item \" itemprop=\"associatedMedia\" itemscope itemtype=\"http:\/\/schema.org\/ImageObject\"> <a href=\"https:\/\/idnu.ch\/wordpress\/die-dora-die-keine-ist\/val_muestair-20230715-853\/#main\" border=\"0\" itemprop=\"url\"> <meta itemprop=\"width\" content=\"246\"> <meta itemprop=\"height\" content=\"246\"> <img decoding=\"async\" class=\"\" data-attachment-id=\"23877\" data-orig-file=\"https:\/\/idnu.ch\/wordpress\/wp-content\/uploads\/2023\/08\/val_muestair-20230715-853.jpg\" data-orig-size=\"1240,827\" data-comments-opened=\"1\" data-image-meta=\"{&quot;aperture&quot;:&quot;0&quot;,&quot;credit&quot;:&quot;&quot;,&quot;camera&quot;:&quot;&quot;,&quot;caption&quot;:&quot;&quot;,&quot;created_timestamp&quot;:&quot;0&quot;,&quot;copyright&quot;:&quot;Copyright Urs Kyburz (2019)&quot;,&quot;focal_length&quot;:&quot;0&quot;,&quot;iso&quot;:&quot;0&quot;,&quot;shutter_speed&quot;:&quot;0&quot;,&quot;title&quot;:&quot;&quot;,&quot;orientation&quot;:&quot;0&quot;}\" data-image-title=\"Der Zwillingsgipfel Piz Daint\" data-image-description=\"\" data-medium-file=\"https:\/\/i0.wp.com\/idnu.ch\/wordpress\/wp-content\/uploads\/2023\/08\/val_muestair-20230715-853.jpg?fit=300%2C200&#038;ssl=1\" data-large-file=\"https:\/\/i0.wp.com\/idnu.ch\/wordpress\/wp-content\/uploads\/2023\/08\/val_muestair-20230715-853.jpg?fit=750%2C500&#038;ssl=1\" src=\"https:\/\/i0.wp.com\/idnu.ch\/wordpress\/wp-content\/uploads\/2023\/08\/val_muestair-20230715-853.jpg?w=246&#038;h=246&#038;crop=1&#038;ssl=1\" srcset=\"https:\/\/i0.wp.com\/idnu.ch\/wordpress\/wp-content\/uploads\/2023\/08\/val_muestair-20230715-853.jpg?resize=150%2C150&amp;ssl=1 150w, https:\/\/i0.wp.com\/idnu.ch\/wordpress\/wp-content\/uploads\/2023\/08\/val_muestair-20230715-853.jpg?resize=750%2C750&amp;ssl=1 750w, https:\/\/i0.wp.com\/idnu.ch\/wordpress\/wp-content\/uploads\/2023\/08\/val_muestair-20230715-853.jpg?zoom=2&amp;resize=246%2C246&amp;ssl=1 492w\" width=\"246\" height=\"246\" loading=\"lazy\" data-original-width=\"246\" data-original-height=\"246\" itemprop=\"http:\/\/schema.org\/image\" title=\"Der Zwillingsgipfel Piz Daint\" alt=\"Der Zwillingsgipfel Piz Daint\" style=\"width: 246px; height: 246px;\" \/> <\/a> <div class=\"tiled-gallery-caption\" itemprop=\"caption description\"> Der Zwillingsgipfel Piz Daint <\/div> <\/div> <\/div> <\/div> <\/div>\n<h2>Und nat\u00fcrlich viel Natur<\/h2>\n<p>Man muss nicht mal eine grosse Wanderung machen, um die Natur zu geniessen, man kann gleich <strong><a href=\"https:\/\/idnu.ch\/wordpress\/in-tschierv-hinter-dem-haus\/\">hinter dem Haus<\/a> <\/strong>beginnen, wo man unz\u00e4hlige Schmetterlinge, V\u00f6gel und Blumen findet.<\/p>\n<div class=\"tiled-gallery type-square tiled-gallery-unresized\" data-original-width=\"750\" data-carousel-extra='{&quot;blog_id&quot;:1,&quot;permalink&quot;:&quot;https:\\\/\\\/idnu.ch\\\/wordpress\\\/natur-pur-in-der-val-muestair\\\/&quot;,&quot;likes_blog_id&quot;:100184974}' itemscope itemtype=\"http:\/\/schema.org\/ImageGallery\" > <div class=\"gallery-row\" style=\"width: 750px; height: 250px;\" data-original-width=\"750\" data-original-height=\"250\" > <div class=\"gallery-group\" style=\"width: 250px; height: 250px;\" data-original-width=\"250\" data-original-height=\"250\" > <div class=\"tiled-gallery-item \" itemprop=\"associatedMedia\" itemscope itemtype=\"http:\/\/schema.org\/ImageObject\"> <a href=\"https:\/\/idnu.ch\/wordpress\/in-tschierv-hinter-dem-haus\/val_muestair-20230711-506-2\/#main\" border=\"0\" itemprop=\"url\"> <meta itemprop=\"width\" content=\"246\"> <meta itemprop=\"height\" content=\"246\"> <img decoding=\"async\" class=\"\" data-attachment-id=\"24133\" data-orig-file=\"https:\/\/idnu.ch\/wordpress\/wp-content\/uploads\/2023\/09\/val_muestair-20230711-506.jpg\" data-orig-size=\"1240,827\" data-comments-opened=\"1\" data-image-meta=\"{&quot;aperture&quot;:&quot;0&quot;,&quot;credit&quot;:&quot;&quot;,&quot;camera&quot;:&quot;&quot;,&quot;caption&quot;:&quot;&quot;,&quot;created_timestamp&quot;:&quot;0&quot;,&quot;copyright&quot;:&quot;Copyright Urs Kyburz (2019)&quot;,&quot;focal_length&quot;:&quot;0&quot;,&quot;iso&quot;:&quot;0&quot;,&quot;shutter_speed&quot;:&quot;0&quot;,&quot;title&quot;:&quot;&quot;,&quot;orientation&quot;:&quot;0&quot;}\" data-image-title=\"\" data-image-description=\"\" data-medium-file=\"https:\/\/i0.wp.com\/idnu.ch\/wordpress\/wp-content\/uploads\/2023\/09\/val_muestair-20230711-506.jpg?fit=300%2C200&#038;ssl=1\" data-large-file=\"https:\/\/i0.wp.com\/idnu.ch\/wordpress\/wp-content\/uploads\/2023\/09\/val_muestair-20230711-506.jpg?fit=750%2C500&#038;ssl=1\" src=\"https:\/\/i0.wp.com\/idnu.ch\/wordpress\/wp-content\/uploads\/2023\/09\/val_muestair-20230711-506.jpg?w=246&#038;h=246&#038;crop=1&#038;ssl=1\" srcset=\"https:\/\/i0.wp.com\/idnu.ch\/wordpress\/wp-content\/uploads\/2023\/09\/val_muestair-20230711-506.jpg?resize=150%2C150&amp;ssl=1 150w, https:\/\/i0.wp.com\/idnu.ch\/wordpress\/wp-content\/uploads\/2023\/09\/val_muestair-20230711-506.jpg?resize=750%2C750&amp;ssl=1 750w, https:\/\/i0.wp.com\/idnu.ch\/wordpress\/wp-content\/uploads\/2023\/09\/val_muestair-20230711-506.jpg?zoom=2&amp;resize=246%2C246&amp;ssl=1 492w\" width=\"246\" height=\"246\" loading=\"lazy\" data-original-width=\"246\" data-original-height=\"246\" itemprop=\"http:\/\/schema.org\/image\" title=\"\" alt=\"Turmfalke\" style=\"width: 246px; height: 246px;\" \/> <\/a> <\/div> <\/div> <div class=\"gallery-group\" style=\"width: 250px; height: 250px;\" data-original-width=\"250\" data-original-height=\"250\" > <div class=\"tiled-gallery-item \" itemprop=\"associatedMedia\" itemscope itemtype=\"http:\/\/schema.org\/ImageObject\"> <a href=\"https:\/\/idnu.ch\/wordpress\/in-tschierv-hinter-dem-haus\/val_muestair-20230711-424\/#main\" border=\"0\" itemprop=\"url\"> <meta itemprop=\"width\" content=\"246\"> <meta itemprop=\"height\" content=\"246\"> <img decoding=\"async\" class=\"\" data-attachment-id=\"24169\" data-orig-file=\"https:\/\/idnu.ch\/wordpress\/wp-content\/uploads\/2023\/10\/val_muestair-20230711-424.jpg\" data-orig-size=\"1240,827\" data-comments-opened=\"1\" data-image-meta=\"{&quot;aperture&quot;:&quot;0&quot;,&quot;credit&quot;:&quot;&quot;,&quot;camera&quot;:&quot;&quot;,&quot;caption&quot;:&quot;&quot;,&quot;created_timestamp&quot;:&quot;0&quot;,&quot;copyright&quot;:&quot;Copyright Urs Kyburz (2019)&quot;,&quot;focal_length&quot;:&quot;0&quot;,&quot;iso&quot;:&quot;0&quot;,&quot;shutter_speed&quot;:&quot;0&quot;,&quot;title&quot;:&quot;&quot;,&quot;orientation&quot;:&quot;0&quot;}\" data-image-title=\"Rotklee-Bl\u00e4uling\" data-image-description=\"\" data-medium-file=\"https:\/\/i0.wp.com\/idnu.ch\/wordpress\/wp-content\/uploads\/2023\/10\/val_muestair-20230711-424.jpg?fit=300%2C200&#038;ssl=1\" data-large-file=\"https:\/\/i0.wp.com\/idnu.ch\/wordpress\/wp-content\/uploads\/2023\/10\/val_muestair-20230711-424.jpg?fit=750%2C500&#038;ssl=1\" src=\"https:\/\/i0.wp.com\/idnu.ch\/wordpress\/wp-content\/uploads\/2023\/10\/val_muestair-20230711-424.jpg?w=246&#038;h=246&#038;crop=1&#038;ssl=1\" srcset=\"https:\/\/i0.wp.com\/idnu.ch\/wordpress\/wp-content\/uploads\/2023\/10\/val_muestair-20230711-424.jpg?resize=150%2C150&amp;ssl=1 150w, https:\/\/i0.wp.com\/idnu.ch\/wordpress\/wp-content\/uploads\/2023\/10\/val_muestair-20230711-424.jpg?resize=750%2C750&amp;ssl=1 750w, https:\/\/i0.wp.com\/idnu.ch\/wordpress\/wp-content\/uploads\/2023\/10\/val_muestair-20230711-424.jpg?zoom=2&amp;resize=246%2C246&amp;ssl=1 492w\" width=\"246\" height=\"246\" loading=\"lazy\" data-original-width=\"246\" data-original-height=\"246\" itemprop=\"http:\/\/schema.org\/image\" title=\"Rotklee-Bl\u00e4uling\" alt=\"Rotklee-Bl\u00e4uling\" style=\"width: 246px; height: 246px;\" \/> <\/a> <div class=\"tiled-gallery-caption\" itemprop=\"caption description\"> Rotklee-Bl\u00e4uling <\/div> <\/div> <\/div> <div class=\"gallery-group\" style=\"width: 250px; height: 250px;\" data-original-width=\"250\" data-original-height=\"250\" > <div class=\"tiled-gallery-item \" itemprop=\"associatedMedia\" itemscope itemtype=\"http:\/\/schema.org\/ImageObject\"> <a href=\"https:\/\/idnu.ch\/wordpress\/in-tschierv-hinter-dem-haus\/val_muestair-20230711-375\/#main\" border=\"0\" itemprop=\"url\"> <meta itemprop=\"width\" content=\"246\"> <meta itemprop=\"height\" content=\"246\"> <img decoding=\"async\" class=\"\" data-attachment-id=\"24180\" data-orig-file=\"https:\/\/idnu.ch\/wordpress\/wp-content\/uploads\/2023\/10\/val_muestair-20230711-375.jpg\" data-orig-size=\"1240,827\" data-comments-opened=\"1\" data-image-meta=\"{&quot;aperture&quot;:&quot;0&quot;,&quot;credit&quot;:&quot;&quot;,&quot;camera&quot;:&quot;&quot;,&quot;caption&quot;:&quot;&quot;,&quot;created_timestamp&quot;:&quot;0&quot;,&quot;copyright&quot;:&quot;Copyright Urs Kyburz (2019)&quot;,&quot;focal_length&quot;:&quot;0&quot;,&quot;iso&quot;:&quot;0&quot;,&quot;shutter_speed&quot;:&quot;0&quot;,&quot;title&quot;:&quot;&quot;,&quot;orientation&quot;:&quot;0&quot;}\" data-image-title=\"Feuerlilie\" data-image-description=\"\" data-medium-file=\"https:\/\/i0.wp.com\/idnu.ch\/wordpress\/wp-content\/uploads\/2023\/10\/val_muestair-20230711-375.jpg?fit=300%2C200&#038;ssl=1\" data-large-file=\"https:\/\/i0.wp.com\/idnu.ch\/wordpress\/wp-content\/uploads\/2023\/10\/val_muestair-20230711-375.jpg?fit=750%2C500&#038;ssl=1\" src=\"https:\/\/i0.wp.com\/idnu.ch\/wordpress\/wp-content\/uploads\/2023\/10\/val_muestair-20230711-375.jpg?w=246&#038;h=246&#038;crop=1&#038;ssl=1\" srcset=\"https:\/\/i0.wp.com\/idnu.ch\/wordpress\/wp-content\/uploads\/2023\/10\/val_muestair-20230711-375.jpg?resize=150%2C150&amp;ssl=1 150w, https:\/\/i0.wp.com\/idnu.ch\/wordpress\/wp-content\/uploads\/2023\/10\/val_muestair-20230711-375.jpg?resize=750%2C750&amp;ssl=1 750w, https:\/\/i0.wp.com\/idnu.ch\/wordpress\/wp-content\/uploads\/2023\/10\/val_muestair-20230711-375.jpg?zoom=2&amp;resize=246%2C246&amp;ssl=1 492w\" width=\"246\" height=\"246\" loading=\"lazy\" data-original-width=\"246\" data-original-height=\"246\" itemprop=\"http:\/\/schema.org\/image\" title=\"Feuerlilie\" alt=\"Feuerlilie\" style=\"width: 246px; height: 246px;\" \/> <\/a> <div class=\"tiled-gallery-caption\" itemprop=\"caption description\"> Feuerlilie <\/div> <\/div> <\/div> <\/div> <\/div>\n<p>Und wenn man weiss wo, findet man auch die \u00e4usserst seltene <strong><a href=\"https:\/\/idnu.ch\/wordpress\/bei-den-berghexen\/\">Berghexe<\/a><\/strong>. Da kann es dann auch passieren, dass mal ein Bartgeier \u00fcber einem kreist.<\/p>\n<div class=\"tiled-gallery type-square tiled-gallery-unresized\" data-original-width=\"750\" data-carousel-extra='{&quot;blog_id&quot;:1,&quot;permalink&quot;:&quot;https:\\\/\\\/idnu.ch\\\/wordpress\\\/natur-pur-in-der-val-muestair\\\/&quot;,&quot;likes_blog_id&quot;:100184974}' itemscope itemtype=\"http:\/\/schema.org\/ImageGallery\" > <div class=\"gallery-row\" style=\"width: 750px; height: 250px;\" data-original-width=\"750\" data-original-height=\"250\" > <div class=\"gallery-group\" style=\"width: 250px; height: 250px;\" data-original-width=\"250\" data-original-height=\"250\" > <div class=\"tiled-gallery-item \" itemprop=\"associatedMedia\" itemscope itemtype=\"http:\/\/schema.org\/ImageObject\"> <a href=\"https:\/\/idnu.ch\/wordpress\/bei-den-berghexen\/val_muestair-20230720-1268-2\/#main\" border=\"0\" itemprop=\"url\"> <meta itemprop=\"width\" content=\"246\"> <meta itemprop=\"height\" content=\"246\"> <img decoding=\"async\" class=\"\" data-attachment-id=\"24388\" data-orig-file=\"https:\/\/idnu.ch\/wordpress\/wp-content\/uploads\/2023\/10\/val_muestair-20230720-1268.jpg\" data-orig-size=\"1240,826\" data-comments-opened=\"1\" data-image-meta=\"{&quot;aperture&quot;:&quot;0&quot;,&quot;credit&quot;:&quot;&quot;,&quot;camera&quot;:&quot;&quot;,&quot;caption&quot;:&quot;&quot;,&quot;created_timestamp&quot;:&quot;0&quot;,&quot;copyright&quot;:&quot;Copyright Urs Kyburz (2019)&quot;,&quot;focal_length&quot;:&quot;0&quot;,&quot;iso&quot;:&quot;0&quot;,&quot;shutter_speed&quot;:&quot;0&quot;,&quot;title&quot;:&quot;&quot;,&quot;orientation&quot;:&quot;0&quot;}\" data-image-title=\"Felsenfalter und Widderchen auf einer Skabiose\" data-image-description=\"\" data-medium-file=\"https:\/\/i0.wp.com\/idnu.ch\/wordpress\/wp-content\/uploads\/2023\/10\/val_muestair-20230720-1268.jpg?fit=300%2C200&#038;ssl=1\" data-large-file=\"https:\/\/i0.wp.com\/idnu.ch\/wordpress\/wp-content\/uploads\/2023\/10\/val_muestair-20230720-1268.jpg?fit=750%2C500&#038;ssl=1\" src=\"https:\/\/i0.wp.com\/idnu.ch\/wordpress\/wp-content\/uploads\/2023\/10\/val_muestair-20230720-1268.jpg?w=246&#038;h=246&#038;crop=1&#038;ssl=1\" srcset=\"https:\/\/i0.wp.com\/idnu.ch\/wordpress\/wp-content\/uploads\/2023\/10\/val_muestair-20230720-1268.jpg?resize=150%2C150&amp;ssl=1 150w, https:\/\/i0.wp.com\/idnu.ch\/wordpress\/wp-content\/uploads\/2023\/10\/val_muestair-20230720-1268.jpg?resize=750%2C750&amp;ssl=1 750w, https:\/\/i0.wp.com\/idnu.ch\/wordpress\/wp-content\/uploads\/2023\/10\/val_muestair-20230720-1268.jpg?zoom=2&amp;resize=246%2C246&amp;ssl=1 492w\" width=\"246\" height=\"246\" loading=\"lazy\" data-original-width=\"246\" data-original-height=\"246\" itemprop=\"http:\/\/schema.org\/image\" title=\"Felsenfalter und Widderchen auf einer Skabiose\" alt=\"Felsenfalter und Widderchen auf einer Skabiose\" style=\"width: 246px; height: 246px;\" \/> <\/a> <\/div> <\/div> <div class=\"gallery-group\" style=\"width: 250px; height: 250px;\" data-original-width=\"250\" data-original-height=\"250\" > <div class=\"tiled-gallery-item \" itemprop=\"associatedMedia\" itemscope itemtype=\"http:\/\/schema.org\/ImageObject\"> <a href=\"https:\/\/idnu.ch\/wordpress\/bei-den-berghexen\/val_muestair-20230720-1291-bearbeitet\/#main\" border=\"0\" itemprop=\"url\"> <meta itemprop=\"width\" content=\"246\"> <meta itemprop=\"height\" content=\"246\"> <img decoding=\"async\" class=\"\" data-attachment-id=\"24390\" data-orig-file=\"https:\/\/idnu.ch\/wordpress\/wp-content\/uploads\/2023\/10\/val_muestair-20230720-1291-Bearbeitet.jpg\" data-orig-size=\"827,1240\" data-comments-opened=\"1\" data-image-meta=\"{&quot;aperture&quot;:&quot;0&quot;,&quot;credit&quot;:&quot;&quot;,&quot;camera&quot;:&quot;&quot;,&quot;caption&quot;:&quot;&quot;,&quot;created_timestamp&quot;:&quot;0&quot;,&quot;copyright&quot;:&quot;Copyright Urs Kyburz (2019)&quot;,&quot;focal_length&quot;:&quot;0&quot;,&quot;iso&quot;:&quot;0&quot;,&quot;shutter_speed&quot;:&quot;0&quot;,&quot;title&quot;:&quot;&quot;,&quot;orientation&quot;:&quot;0&quot;}\" data-image-title=\"Berghexe auf einer Skabiose\" data-image-description=\"\" data-medium-file=\"https:\/\/i0.wp.com\/idnu.ch\/wordpress\/wp-content\/uploads\/2023\/10\/val_muestair-20230720-1291-Bearbeitet.jpg?fit=200%2C300&#038;ssl=1\" data-large-file=\"https:\/\/i0.wp.com\/idnu.ch\/wordpress\/wp-content\/uploads\/2023\/10\/val_muestair-20230720-1291-Bearbeitet.jpg?fit=683%2C1024&#038;ssl=1\" src=\"https:\/\/i0.wp.com\/idnu.ch\/wordpress\/wp-content\/uploads\/2023\/10\/val_muestair-20230720-1291-Bearbeitet.jpg?w=246&#038;h=246&#038;crop=1&#038;ssl=1\" srcset=\"https:\/\/i0.wp.com\/idnu.ch\/wordpress\/wp-content\/uploads\/2023\/10\/val_muestair-20230720-1291-Bearbeitet.jpg?resize=150%2C150&amp;ssl=1 150w, https:\/\/i0.wp.com\/idnu.ch\/wordpress\/wp-content\/uploads\/2023\/10\/val_muestair-20230720-1291-Bearbeitet.jpg?resize=750%2C750&amp;ssl=1 750w, https:\/\/i0.wp.com\/idnu.ch\/wordpress\/wp-content\/uploads\/2023\/10\/val_muestair-20230720-1291-Bearbeitet.jpg?zoom=2&amp;resize=246%2C246&amp;ssl=1 492w\" width=\"246\" height=\"246\" loading=\"lazy\" data-original-width=\"246\" data-original-height=\"246\" itemprop=\"http:\/\/schema.org\/image\" title=\"Berghexe auf einer Skabiose\" alt=\"berghexe auf einer skabiose\" style=\"width: 246px; height: 246px;\" \/> <\/a> <\/div> <\/div> <div class=\"gallery-group\" style=\"width: 250px; height: 250px;\" data-original-width=\"250\" data-original-height=\"250\" > <div class=\"tiled-gallery-item \" itemprop=\"associatedMedia\" itemscope itemtype=\"http:\/\/schema.org\/ImageObject\"> <a href=\"https:\/\/idnu.ch\/wordpress\/bei-den-berghexen\/val_muestair-20230720-1300-2\/#main\" border=\"0\" itemprop=\"url\"> <meta itemprop=\"width\" content=\"246\"> <meta itemprop=\"height\" content=\"246\"> <img decoding=\"async\" class=\"\" data-attachment-id=\"24392\" data-orig-file=\"https:\/\/idnu.ch\/wordpress\/wp-content\/uploads\/2023\/10\/val_muestair-20230720-1300.jpg\" data-orig-size=\"1240,827\" data-comments-opened=\"1\" data-image-meta=\"{&quot;aperture&quot;:&quot;0&quot;,&quot;credit&quot;:&quot;&quot;,&quot;camera&quot;:&quot;&quot;,&quot;caption&quot;:&quot;&quot;,&quot;created_timestamp&quot;:&quot;0&quot;,&quot;copyright&quot;:&quot;Copyright Urs Kyburz (2019)&quot;,&quot;focal_length&quot;:&quot;0&quot;,&quot;iso&quot;:&quot;0&quot;,&quot;shutter_speed&quot;:&quot;0&quot;,&quot;title&quot;:&quot;&quot;,&quot;orientation&quot;:&quot;0&quot;}\" data-image-title=\"Bartgeier\" data-image-description=\"\" data-medium-file=\"https:\/\/i0.wp.com\/idnu.ch\/wordpress\/wp-content\/uploads\/2023\/10\/val_muestair-20230720-1300.jpg?fit=300%2C200&#038;ssl=1\" data-large-file=\"https:\/\/i0.wp.com\/idnu.ch\/wordpress\/wp-content\/uploads\/2023\/10\/val_muestair-20230720-1300.jpg?fit=750%2C500&#038;ssl=1\" src=\"https:\/\/i0.wp.com\/idnu.ch\/wordpress\/wp-content\/uploads\/2023\/10\/val_muestair-20230720-1300.jpg?w=246&#038;h=246&#038;crop=1&#038;ssl=1\" srcset=\"https:\/\/i0.wp.com\/idnu.ch\/wordpress\/wp-content\/uploads\/2023\/10\/val_muestair-20230720-1300.jpg?resize=150%2C150&amp;ssl=1 150w, https:\/\/i0.wp.com\/idnu.ch\/wordpress\/wp-content\/uploads\/2023\/10\/val_muestair-20230720-1300.jpg?resize=750%2C750&amp;ssl=1 750w, https:\/\/i0.wp.com\/idnu.ch\/wordpress\/wp-content\/uploads\/2023\/10\/val_muestair-20230720-1300.jpg?zoom=2&amp;resize=246%2C246&amp;ssl=1 492w\" width=\"246\" height=\"246\" loading=\"lazy\" data-original-width=\"246\" data-original-height=\"246\" itemprop=\"http:\/\/schema.org\/image\" title=\"Bartgeier\" alt=\"Bartgeier\" style=\"width: 246px; height: 246px;\" \/> <\/a> <div class=\"tiled-gallery-caption\" itemprop=\"caption description\"> Bartgeier <\/div> <\/div> <\/div> <\/div> <\/div>\n<p>Sportlich geht es nat\u00fcrlich auch, diese Touren habe ich hier zusammengefasst:\u00a0<a href=\"https:\/\/idnu.ch\/wordpress\/wunderschoenes-val-muestair\/\"><strong>Wundersch\u00f6nes Val M\u00fcstair<\/strong><\/a><\/p>\n","protected":false},"excerpt":{"rendered":"<p>Zwei Wochen verbrachten wir in der Biosfera Val M\u00fcstair, genauer in Tschierv. Das&#8230;<\/p>\n","protected":false},"author":2,"featured_media":23630,"comment_status":"open","ping_status":"open","sticky":false,"template":"","format":"standard","meta":{"_monsterinsights_skip_tracking":false,"_monsterinsights_sitenote_active":false,"_monsterinsights_sitenote_note":"","_monsterinsights_sitenote_category":0,"jetpack_post_was_ever_published":false,"_jetpack_newsletter_access":"","_jetpack_dont_email_post_to_subs":false,"_jetpack_newsletter_tier_id":0,"_jetpack_memberships_contains_paywalled_content":false,"_jetpack_memberships_contains_paid_content":false,"footnotes":"","jetpack_publicize_message":"NEU und allerletzter Post aus den Sommerferien: Natur pur in der Val M\u00fcstair.\r\n#biosfera #valmustair #graubunden","jetpack_publicize_feature_enabled":true,"jetpack_social_post_already_shared":true,"jetpack_social_options":{"image_generator_settings":{"template":"highway","default_image_id":0,"font":"","enabled":false},"version":2}},"categories":[9,912,63,6],"tags":[1605,1604,472,406,407,1292,474],"class_list":["post-24414","post","type-post","status-publish","format-standard","has-post-thumbnail","hentry","category-destinationen","category-graubuenden-tourismusregionen","category-graubuenden","category-naturerlebnis","tag-biosfera-val-muestair","tag-biosphaerenreservat","tag-nationalpark","tag-natur","tag-naturpark","tag-schweizerischer-nationalpark","tag-val-muestair"],"geo":{"latitude":46.62689209999999917499735602177679538726806640625,"longitude":10.3458699999999996776978150592185556888580322265625,"description":"L\u00fc, Kanton Graub\u00fcnden, 7534, CH"},"yoast_head":"<!-- This site is optimized with the Yoast SEO plugin v27.4 - https:\/\/yoast.com\/product\/yoast-seo-wordpress\/ -->\n<title>Natur pur in der Val M\u00fcstair - In der Natur unterwegs<\/title>\n<meta name=\"description\" content=\"Natur pur findet man in der Val M\u00fcstair allerorts. Da beginnt gleich hinter dem Haus und endet auf den Gipfeln rundherum.\" \/>\n<meta name=\"robots\" content=\"index, follow, max-snippet:-1, max-image-preview:large, max-video-preview:-1\" \/>\n<link rel=\"canonical\" href=\"https:\/\/idnu.ch\/wordpress\/natur-pur-in-der-val-muestair\/\" \/>\n<meta property=\"og:locale\" content=\"de_DE\" \/>\n<meta property=\"og:type\" content=\"article\" \/>\n<meta property=\"og:title\" content=\"Natur pur in der Val M\u00fcstair - In der Natur unterwegs\" \/>\n<meta property=\"og:description\" content=\"Natur pur findet man in der Val M\u00fcstair allerorts. Da beginnt gleich hinter dem Haus und endet auf den Gipfeln rundherum.\" \/>\n<meta property=\"og:url\" content=\"https:\/\/idnu.ch\/wordpress\/natur-pur-in-der-val-muestair\/\" \/>\n<meta property=\"og:site_name\" content=\"In der Natur unterwegs\" \/>\n<meta property=\"article:published_time\" content=\"2023-11-05T11:16:54+00:00\" \/>\n<meta property=\"article:modified_time\" content=\"2024-12-10T14:15:40+00:00\" \/>\n<meta property=\"og:image\" content=\"https:\/\/idnu.ch\/wordpress\/wp-content\/uploads\/2023\/07\/val_muestair-20230716-902.jpg\" \/>\n\t<meta property=\"og:image:width\" content=\"1240\" \/>\n\t<meta property=\"og:image:height\" content=\"827\" \/>\n\t<meta property=\"og:image:type\" content=\"image\/jpeg\" \/>\n<meta name=\"author\" content=\"Urs Kyburz\" \/>\n<meta name=\"twitter:card\" content=\"summary_large_image\" \/>\n<meta name=\"twitter:creator\" content=\"@idnu_ch\" \/>\n<meta name=\"twitter:site\" content=\"@idnu_ch\" \/>\n<meta name=\"twitter:label1\" content=\"Verfasst von\" \/>\n\t<meta name=\"twitter:data1\" content=\"Urs Kyburz\" \/>\n\t<meta name=\"twitter:label2\" content=\"Gesch\u00e4tzte Lesezeit\" \/>\n\t<meta name=\"twitter:data2\" content=\"3\u00a0Minuten\" \/>\n<script type=\"application\/ld+json\" class=\"yoast-schema-graph\">{\"@context\":\"https:\\\/\\\/schema.org\",\"@graph\":[{\"@type\":\"Article\",\"@id\":\"https:\\\/\\\/idnu.ch\\\/wordpress\\\/natur-pur-in-der-val-muestair\\\/#article\",\"isPartOf\":{\"@id\":\"https:\\\/\\\/idnu.ch\\\/wordpress\\\/natur-pur-in-der-val-muestair\\\/\"},\"author\":{\"name\":\"Urs Kyburz\",\"@id\":\"https:\\\/\\\/idnu.ch\\\/wordpress\\\/#\\\/schema\\\/person\\\/1ab8c5de743be7b019272124c19ad351\"},\"headline\":\"Natur pur in der Val M\u00fcstair\",\"datePublished\":\"2023-11-05T11:16:54+00:00\",\"dateModified\":\"2024-12-10T14:15:40+00:00\",\"mainEntityOfPage\":{\"@id\":\"https:\\\/\\\/idnu.ch\\\/wordpress\\\/natur-pur-in-der-val-muestair\\\/\"},\"wordCount\":423,\"commentCount\":0,\"publisher\":{\"@id\":\"https:\\\/\\\/idnu.ch\\\/wordpress\\\/#\\\/schema\\\/person\\\/1ab8c5de743be7b019272124c19ad351\"},\"image\":{\"@id\":\"https:\\\/\\\/idnu.ch\\\/wordpress\\\/natur-pur-in-der-val-muestair\\\/#primaryimage\"},\"thumbnailUrl\":\"https:\\\/\\\/i0.wp.com\\\/idnu.ch\\\/wordpress\\\/wp-content\\\/uploads\\\/2023\\\/07\\\/val_muestair-20230716-902.jpg?fit=1240%2C827&ssl=1\",\"keywords\":[\"Biosfera Val M\u00fcstair\",\"Biosph\u00e4renreservat\",\"Nationalpark\",\"Natur\",\"Naturpark\",\"Schweizerischer Nationalpark\",\"Val M\u00fcstair\"],\"articleSection\":[\"Destinationen\",\"Graub\u00fcnden\",\"Graub\u00fcnden\",\"Naturerlebnis\"],\"inLanguage\":\"de\",\"potentialAction\":[{\"@type\":\"CommentAction\",\"name\":\"Comment\",\"target\":[\"https:\\\/\\\/idnu.ch\\\/wordpress\\\/natur-pur-in-der-val-muestair\\\/#respond\"]}]},{\"@type\":\"WebPage\",\"@id\":\"https:\\\/\\\/idnu.ch\\\/wordpress\\\/natur-pur-in-der-val-muestair\\\/\",\"url\":\"https:\\\/\\\/idnu.ch\\\/wordpress\\\/natur-pur-in-der-val-muestair\\\/\",\"name\":\"Natur pur in der Val M\u00fcstair - In der Natur unterwegs\",\"isPartOf\":{\"@id\":\"https:\\\/\\\/idnu.ch\\\/wordpress\\\/#website\"},\"primaryImageOfPage\":{\"@id\":\"https:\\\/\\\/idnu.ch\\\/wordpress\\\/natur-pur-in-der-val-muestair\\\/#primaryimage\"},\"image\":{\"@id\":\"https:\\\/\\\/idnu.ch\\\/wordpress\\\/natur-pur-in-der-val-muestair\\\/#primaryimage\"},\"thumbnailUrl\":\"https:\\\/\\\/i0.wp.com\\\/idnu.ch\\\/wordpress\\\/wp-content\\\/uploads\\\/2023\\\/07\\\/val_muestair-20230716-902.jpg?fit=1240%2C827&ssl=1\",\"datePublished\":\"2023-11-05T11:16:54+00:00\",\"dateModified\":\"2024-12-10T14:15:40+00:00\",\"description\":\"Natur pur findet man in der Val M\u00fcstair allerorts. Da beginnt gleich hinter dem Haus und endet auf den Gipfeln rundherum.\",\"breadcrumb\":{\"@id\":\"https:\\\/\\\/idnu.ch\\\/wordpress\\\/natur-pur-in-der-val-muestair\\\/#breadcrumb\"},\"inLanguage\":\"de\",\"potentialAction\":[{\"@type\":\"ReadAction\",\"target\":[\"https:\\\/\\\/idnu.ch\\\/wordpress\\\/natur-pur-in-der-val-muestair\\\/\"]}]},{\"@type\":\"ImageObject\",\"inLanguage\":\"de\",\"@id\":\"https:\\\/\\\/idnu.ch\\\/wordpress\\\/natur-pur-in-der-val-muestair\\\/#primaryimage\",\"url\":\"https:\\\/\\\/i0.wp.com\\\/idnu.ch\\\/wordpress\\\/wp-content\\\/uploads\\\/2023\\\/07\\\/val_muestair-20230716-902.jpg?fit=1240%2C827&ssl=1\",\"contentUrl\":\"https:\\\/\\\/i0.wp.com\\\/idnu.ch\\\/wordpress\\\/wp-content\\\/uploads\\\/2023\\\/07\\\/val_muestair-20230716-902.jpg?fit=1240%2C827&ssl=1\",\"width\":1240,\"height\":827,\"caption\":\"Bei der Quelle des Rom\"},{\"@type\":\"BreadcrumbList\",\"@id\":\"https:\\\/\\\/idnu.ch\\\/wordpress\\\/natur-pur-in-der-val-muestair\\\/#breadcrumb\",\"itemListElement\":[{\"@type\":\"ListItem\",\"position\":1,\"name\":\"Startseite\",\"item\":\"https:\\\/\\\/idnu.ch\\\/wordpress\\\/\"},{\"@type\":\"ListItem\",\"position\":2,\"name\":\"Natur pur in der Val M\u00fcstair\"}]},{\"@type\":\"WebSite\",\"@id\":\"https:\\\/\\\/idnu.ch\\\/wordpress\\\/#website\",\"url\":\"https:\\\/\\\/idnu.ch\\\/wordpress\\\/\",\"name\":\"In der Natur unterwegs\",\"description\":\"Dort, wo es am sch\u00f6nsten ist\",\"publisher\":{\"@id\":\"https:\\\/\\\/idnu.ch\\\/wordpress\\\/#\\\/schema\\\/person\\\/1ab8c5de743be7b019272124c19ad351\"},\"potentialAction\":[{\"@type\":\"SearchAction\",\"target\":{\"@type\":\"EntryPoint\",\"urlTemplate\":\"https:\\\/\\\/idnu.ch\\\/wordpress\\\/?s={search_term_string}\"},\"query-input\":{\"@type\":\"PropertyValueSpecification\",\"valueRequired\":true,\"valueName\":\"search_term_string\"}}],\"inLanguage\":\"de\"},{\"@type\":[\"Person\",\"Organization\"],\"@id\":\"https:\\\/\\\/idnu.ch\\\/wordpress\\\/#\\\/schema\\\/person\\\/1ab8c5de743be7b019272124c19ad351\",\"name\":\"Urs Kyburz\",\"image\":{\"@type\":\"ImageObject\",\"inLanguage\":\"de\",\"@id\":\"https:\\\/\\\/i0.wp.com\\\/idnu.ch\\\/wordpress\\\/wp-content\\\/uploads\\\/2016\\\/02\\\/logo_150x165.gif?fit=3151%2C3456&ssl=1\",\"url\":\"https:\\\/\\\/i0.wp.com\\\/idnu.ch\\\/wordpress\\\/wp-content\\\/uploads\\\/2016\\\/02\\\/logo_150x165.gif?fit=3151%2C3456&ssl=1\",\"contentUrl\":\"https:\\\/\\\/i0.wp.com\\\/idnu.ch\\\/wordpress\\\/wp-content\\\/uploads\\\/2016\\\/02\\\/logo_150x165.gif?fit=3151%2C3456&ssl=1\",\"width\":3151,\"height\":3456,\"caption\":\"Urs Kyburz\"},\"logo\":{\"@id\":\"https:\\\/\\\/i0.wp.com\\\/idnu.ch\\\/wordpress\\\/wp-content\\\/uploads\\\/2016\\\/02\\\/logo_150x165.gif?fit=3151%2C3456&ssl=1\"}}]}<\/script>\n<!-- \/ Yoast SEO plugin. -->","yoast_head_json":{"title":"Natur pur in der Val M\u00fcstair - In der Natur unterwegs","description":"Natur pur findet man in der Val M\u00fcstair allerorts. Da beginnt gleich hinter dem Haus und endet auf den Gipfeln rundherum.","robots":{"index":"index","follow":"follow","max-snippet":"max-snippet:-1","max-image-preview":"max-image-preview:large","max-video-preview":"max-video-preview:-1"},"canonical":"https:\/\/idnu.ch\/wordpress\/natur-pur-in-der-val-muestair\/","og_locale":"de_DE","og_type":"article","og_title":"Natur pur in der Val M\u00fcstair - In der Natur unterwegs","og_description":"Natur pur findet man in der Val M\u00fcstair allerorts. Da beginnt gleich hinter dem Haus und endet auf den Gipfeln rundherum.","og_url":"https:\/\/idnu.ch\/wordpress\/natur-pur-in-der-val-muestair\/","og_site_name":"In der Natur unterwegs","article_published_time":"2023-11-05T11:16:54+00:00","article_modified_time":"2024-12-10T14:15:40+00:00","og_image":[{"width":1240,"height":827,"url":"https:\/\/idnu.ch\/wordpress\/wp-content\/uploads\/2023\/07\/val_muestair-20230716-902.jpg","type":"image\/jpeg"}],"author":"Urs Kyburz","twitter_card":"summary_large_image","twitter_creator":"@idnu_ch","twitter_site":"@idnu_ch","twitter_misc":{"Verfasst von":"Urs Kyburz","Gesch\u00e4tzte Lesezeit":"3\u00a0Minuten"},"schema":{"@context":"https:\/\/schema.org","@graph":[{"@type":"Article","@id":"https:\/\/idnu.ch\/wordpress\/natur-pur-in-der-val-muestair\/#article","isPartOf":{"@id":"https:\/\/idnu.ch\/wordpress\/natur-pur-in-der-val-muestair\/"},"author":{"name":"Urs Kyburz","@id":"https:\/\/idnu.ch\/wordpress\/#\/schema\/person\/1ab8c5de743be7b019272124c19ad351"},"headline":"Natur pur in der Val M\u00fcstair","datePublished":"2023-11-05T11:16:54+00:00","dateModified":"2024-12-10T14:15:40+00:00","mainEntityOfPage":{"@id":"https:\/\/idnu.ch\/wordpress\/natur-pur-in-der-val-muestair\/"},"wordCount":423,"commentCount":0,"publisher":{"@id":"https:\/\/idnu.ch\/wordpress\/#\/schema\/person\/1ab8c5de743be7b019272124c19ad351"},"image":{"@id":"https:\/\/idnu.ch\/wordpress\/natur-pur-in-der-val-muestair\/#primaryimage"},"thumbnailUrl":"https:\/\/i0.wp.com\/idnu.ch\/wordpress\/wp-content\/uploads\/2023\/07\/val_muestair-20230716-902.jpg?fit=1240%2C827&ssl=1","keywords":["Biosfera Val M\u00fcstair","Biosph\u00e4renreservat","Nationalpark","Natur","Naturpark","Schweizerischer Nationalpark","Val M\u00fcstair"],"articleSection":["Destinationen","Graub\u00fcnden","Graub\u00fcnden","Naturerlebnis"],"inLanguage":"de","potentialAction":[{"@type":"CommentAction","name":"Comment","target":["https:\/\/idnu.ch\/wordpress\/natur-pur-in-der-val-muestair\/#respond"]}]},{"@type":"WebPage","@id":"https:\/\/idnu.ch\/wordpress\/natur-pur-in-der-val-muestair\/","url":"https:\/\/idnu.ch\/wordpress\/natur-pur-in-der-val-muestair\/","name":"Natur pur in der Val M\u00fcstair - In der Natur unterwegs","isPartOf":{"@id":"https:\/\/idnu.ch\/wordpress\/#website"},"primaryImageOfPage":{"@id":"https:\/\/idnu.ch\/wordpress\/natur-pur-in-der-val-muestair\/#primaryimage"},"image":{"@id":"https:\/\/idnu.ch\/wordpress\/natur-pur-in-der-val-muestair\/#primaryimage"},"thumbnailUrl":"https:\/\/i0.wp.com\/idnu.ch\/wordpress\/wp-content\/uploads\/2023\/07\/val_muestair-20230716-902.jpg?fit=1240%2C827&ssl=1","datePublished":"2023-11-05T11:16:54+00:00","dateModified":"2024-12-10T14:15:40+00:00","description":"Natur pur findet man in der Val M\u00fcstair allerorts. Da beginnt gleich hinter dem Haus und endet auf den Gipfeln rundherum.","breadcrumb":{"@id":"https:\/\/idnu.ch\/wordpress\/natur-pur-in-der-val-muestair\/#breadcrumb"},"inLanguage":"de","potentialAction":[{"@type":"ReadAction","target":["https:\/\/idnu.ch\/wordpress\/natur-pur-in-der-val-muestair\/"]}]},{"@type":"ImageObject","inLanguage":"de","@id":"https:\/\/idnu.ch\/wordpress\/natur-pur-in-der-val-muestair\/#primaryimage","url":"https:\/\/i0.wp.com\/idnu.ch\/wordpress\/wp-content\/uploads\/2023\/07\/val_muestair-20230716-902.jpg?fit=1240%2C827&ssl=1","contentUrl":"https:\/\/i0.wp.com\/idnu.ch\/wordpress\/wp-content\/uploads\/2023\/07\/val_muestair-20230716-902.jpg?fit=1240%2C827&ssl=1","width":1240,"height":827,"caption":"Bei der Quelle des Rom"},{"@type":"BreadcrumbList","@id":"https:\/\/idnu.ch\/wordpress\/natur-pur-in-der-val-muestair\/#breadcrumb","itemListElement":[{"@type":"ListItem","position":1,"name":"Startseite","item":"https:\/\/idnu.ch\/wordpress\/"},{"@type":"ListItem","position":2,"name":"Natur pur in der Val M\u00fcstair"}]},{"@type":"WebSite","@id":"https:\/\/idnu.ch\/wordpress\/#website","url":"https:\/\/idnu.ch\/wordpress\/","name":"In der Natur unterwegs","description":"Dort, wo es am sch\u00f6nsten ist","publisher":{"@id":"https:\/\/idnu.ch\/wordpress\/#\/schema\/person\/1ab8c5de743be7b019272124c19ad351"},"potentialAction":[{"@type":"SearchAction","target":{"@type":"EntryPoint","urlTemplate":"https:\/\/idnu.ch\/wordpress\/?s={search_term_string}"},"query-input":{"@type":"PropertyValueSpecification","valueRequired":true,"valueName":"search_term_string"}}],"inLanguage":"de"},{"@type":["Person","Organization"],"@id":"https:\/\/idnu.ch\/wordpress\/#\/schema\/person\/1ab8c5de743be7b019272124c19ad351","name":"Urs Kyburz","image":{"@type":"ImageObject","inLanguage":"de","@id":"https:\/\/i0.wp.com\/idnu.ch\/wordpress\/wp-content\/uploads\/2016\/02\/logo_150x165.gif?fit=3151%2C3456&ssl=1","url":"https:\/\/i0.wp.com\/idnu.ch\/wordpress\/wp-content\/uploads\/2016\/02\/logo_150x165.gif?fit=3151%2C3456&ssl=1","contentUrl":"https:\/\/i0.wp.com\/idnu.ch\/wordpress\/wp-content\/uploads\/2016\/02\/logo_150x165.gif?fit=3151%2C3456&ssl=1","width":3151,"height":3456,"caption":"Urs Kyburz"},"logo":{"@id":"https:\/\/i0.wp.com\/idnu.ch\/wordpress\/wp-content\/uploads\/2016\/02\/logo_150x165.gif?fit=3151%2C3456&ssl=1"}}]}},"jetpack_publicize_connections":[],"jetpack_featured_media_url":"https:\/\/i0.wp.com\/idnu.ch\/wordpress\/wp-content\/uploads\/2023\/07\/val_muestair-20230716-902.jpg?fit=1240%2C827&ssl=1","jetpack_sharing_enabled":true,"jetpack_shortlink":"https:\/\/wp.me\/p6MmGG-6lM","jetpack-related-posts":[{"id":83,"url":"https:\/\/idnu.ch\/wordpress\/wunderschoenes-val-muestair\/","url_meta":{"origin":24414,"position":0},"title":"Wundersch\u00f6nes Val M\u00fcstair","author":"Urs Kyburz","date":"16. August 2015","format":false,"excerpt":"Zwei Wochen Val M\u00fcstair. Was macht man da? Jede Menge! Diese wunderbare, einsame Region bietet f\u00fcr Naturfreunde enorm viel. Da gibt es Wanderungen auf verschiedene Gipfel und nat\u00fcrlich im Nationalpark, oder man kann biken. Das Val M\u00fcstair ist ein Naturpark und bis 2015 trug dieser noch das Label \"UNESCO Biosph\u00e4renreservat\",\u2026","rel":"","context":"In &quot;Destinationen&quot;","block_context":{"text":"Destinationen","link":"https:\/\/idnu.ch\/wordpress\/category\/destinationen\/"},"img":{"alt_text":"","src":"https:\/\/i0.wp.com\/idnu.ch\/wordpress\/wp-content\/uploads\/2015\/08\/IMG_4095.jpg?fit=1024%2C683&ssl=1&resize=350%2C200","width":350,"height":200,"srcset":"https:\/\/i0.wp.com\/idnu.ch\/wordpress\/wp-content\/uploads\/2015\/08\/IMG_4095.jpg?fit=1024%2C683&ssl=1&resize=350%2C200 1x, https:\/\/i0.wp.com\/idnu.ch\/wordpress\/wp-content\/uploads\/2015\/08\/IMG_4095.jpg?fit=1024%2C683&ssl=1&resize=525%2C300 1.5x, https:\/\/i0.wp.com\/idnu.ch\/wordpress\/wp-content\/uploads\/2015\/08\/IMG_4095.jpg?fit=1024%2C683&ssl=1&resize=700%2C400 2x"},"classes":[]},{"id":151,"url":"https:\/\/idnu.ch\/wordpress\/familientipp-auf-safari-in-der-val-trupchun\/","url_meta":{"origin":24414,"position":1},"title":"Familientipp: Auf Safari in der Val Trupchun","author":"Urs Kyburz","date":"5. Juli 2014","format":"aside","excerpt":"In der Ausgabe 7\/2014 des Wandermagazin SCHWEIZ findet ihr meinen neusten Beitrag: Tiere beobachten in der Val Trupchun im Schweizerischen Nationalpark, der dieses Jahr das 100-j\u00e4hrige Jubil\u00e4um feiert.","rel":"","context":"In &quot;Graub\u00fcnden&quot;","block_context":{"text":"Graub\u00fcnden","link":"https:\/\/idnu.ch\/wordpress\/category\/tourismusregionen\/graubuenden-tourismusregionen\/"},"img":{"alt_text":"Beobachten auf der Alp Trupchun","src":"https:\/\/i0.wp.com\/idnu.ch\/wordpress\/wp-content\/uploads\/2014\/07\/m%C3%BCnstertal_0149.jpg?fit=1024%2C683&ssl=1&resize=350%2C200","width":350,"height":200,"srcset":"https:\/\/i0.wp.com\/idnu.ch\/wordpress\/wp-content\/uploads\/2014\/07\/m%C3%BCnstertal_0149.jpg?fit=1024%2C683&ssl=1&resize=350%2C200 1x, https:\/\/i0.wp.com\/idnu.ch\/wordpress\/wp-content\/uploads\/2014\/07\/m%C3%BCnstertal_0149.jpg?fit=1024%2C683&ssl=1&resize=525%2C300 1.5x, https:\/\/i0.wp.com\/idnu.ch\/wordpress\/wp-content\/uploads\/2014\/07\/m%C3%BCnstertal_0149.jpg?fit=1024%2C683&ssl=1&resize=700%2C400 2x"},"classes":[]},{"id":24189,"url":"https:\/\/idnu.ch\/wordpress\/bei-den-berghexen\/","url_meta":{"origin":24414,"position":2},"title":"Bei den Berghexen","author":"Urs Kyburz","date":"28. Oktober 2023","format":false,"excerpt":"Auf der letzten Wanderung in den Ferien in der Val M\u00fcstair weilten wir bei den Berghexen. Berghexen? Wir feierten da nicht Walpurgisnacht, sondern suchten Schmetterlinge, die Berghexe oder Felsenfalter heissen. Er kommt nur in der Val M\u00fcstair und im n\u00f6rdlichen Jura in einem kleinen Gebiet vor. Kein Erfolg im ersten\u2026","rel":"","context":"In &quot;Graub\u00fcnden&quot;","block_context":{"text":"Graub\u00fcnden","link":"https:\/\/idnu.ch\/wordpress\/category\/tourismusregionen\/graubuenden-tourismusregionen\/"},"img":{"alt_text":"Felsenfalter und Widderchen auf einer Skabiose","src":"https:\/\/i0.wp.com\/idnu.ch\/wordpress\/wp-content\/uploads\/2023\/10\/val_muestair-20230720-1268.jpg?fit=1200%2C799&ssl=1&resize=350%2C200","width":350,"height":200,"srcset":"https:\/\/i0.wp.com\/idnu.ch\/wordpress\/wp-content\/uploads\/2023\/10\/val_muestair-20230720-1268.jpg?fit=1200%2C799&ssl=1&resize=350%2C200 1x, https:\/\/i0.wp.com\/idnu.ch\/wordpress\/wp-content\/uploads\/2023\/10\/val_muestair-20230720-1268.jpg?fit=1200%2C799&ssl=1&resize=525%2C300 1.5x, https:\/\/i0.wp.com\/idnu.ch\/wordpress\/wp-content\/uploads\/2023\/10\/val_muestair-20230720-1268.jpg?fit=1200%2C799&ssl=1&resize=700%2C400 2x, https:\/\/i0.wp.com\/idnu.ch\/wordpress\/wp-content\/uploads\/2023\/10\/val_muestair-20230720-1268.jpg?fit=1200%2C799&ssl=1&resize=1050%2C600 3x"},"classes":[]},{"id":13070,"url":"https:\/\/idnu.ch\/wordpress\/scuol-bike-und-wanderfreuden-in-der-nationalparkregion\/","url_meta":{"origin":24414,"position":3},"title":"Scuol: Bike- und Wanderfreuden in der Nationalparkregion","author":"Urs Kyburz","date":"4. November 2019","format":false,"excerpt":"Wir suchten wieder mal eine Destination, die mit sch\u00f6nen Wanderungen und Biketouren aufwartet. Und viel Natur sollte uns auch erfreuen. Die Wahl fiel auf Scuol im Unterengadin, das Bike- und Wanderfreuden in der Nationalparkregion versprach. Eine hervorragende Wahl, wie sich zeigen sollte. Das Dorf Scuol liegt im Unterengadin am Inn\u2026","rel":"","context":"In &quot;Destinationen&quot;","block_context":{"text":"Destinationen","link":"https:\/\/idnu.ch\/wordpress\/category\/destinationen\/"},"img":{"alt_text":"","src":"https:\/\/i0.wp.com\/idnu.ch\/wordpress\/wp-content\/uploads\/2019\/11\/scuol-20190930-153.jpg?fit=1200%2C800&ssl=1&resize=350%2C200","width":350,"height":200,"srcset":"https:\/\/i0.wp.com\/idnu.ch\/wordpress\/wp-content\/uploads\/2019\/11\/scuol-20190930-153.jpg?fit=1200%2C800&ssl=1&resize=350%2C200 1x, https:\/\/i0.wp.com\/idnu.ch\/wordpress\/wp-content\/uploads\/2019\/11\/scuol-20190930-153.jpg?fit=1200%2C800&ssl=1&resize=525%2C300 1.5x, https:\/\/i0.wp.com\/idnu.ch\/wordpress\/wp-content\/uploads\/2019\/11\/scuol-20190930-153.jpg?fit=1200%2C800&ssl=1&resize=700%2C400 2x, https:\/\/i0.wp.com\/idnu.ch\/wordpress\/wp-content\/uploads\/2019\/11\/scuol-20190930-153.jpg?fit=1200%2C800&ssl=1&resize=1050%2C600 3x"},"classes":[]},{"id":190,"url":"https:\/\/idnu.ch\/wordpress\/auf-safari-im-val-trupchun\/","url_meta":{"origin":24414,"position":4},"title":"Auf Safari im Val Trupchun","author":"Urs Kyburz","date":"11. August 2013","format":false,"excerpt":"Das Val Trupchun ist ein Seitental s\u00fcdlich des Engadiner Haupttales, Ausgangspunkt ist S-chanf. Es ist Teil des Schweizer Nationalparkes und man hat dort fast eine Garantie, die bekannten Alpentiere zu beobachten. Grund genug, auf Safari im Val Trupchun zu gehen. Der Nationalpark wurde vom Schweizerischen Bund f\u00fcr Naturschutz, der heutigen\u2026","rel":"","context":"In &quot;Graub\u00fcnden&quot;","block_context":{"text":"Graub\u00fcnden","link":"https:\/\/idnu.ch\/wordpress\/category\/tourismusregionen\/graubuenden-tourismusregionen\/"},"img":{"alt_text":"Beobachten auf der Alp Trupchun","src":"https:\/\/i0.wp.com\/idnu.ch\/wordpress\/wp-content\/uploads\/2014\/07\/m%C3%BCnstertal_0149.jpg?fit=1024%2C683&ssl=1&resize=350%2C200","width":350,"height":200,"srcset":"https:\/\/i0.wp.com\/idnu.ch\/wordpress\/wp-content\/uploads\/2014\/07\/m%C3%BCnstertal_0149.jpg?fit=1024%2C683&ssl=1&resize=350%2C200 1x, https:\/\/i0.wp.com\/idnu.ch\/wordpress\/wp-content\/uploads\/2014\/07\/m%C3%BCnstertal_0149.jpg?fit=1024%2C683&ssl=1&resize=525%2C300 1.5x, https:\/\/i0.wp.com\/idnu.ch\/wordpress\/wp-content\/uploads\/2014\/07\/m%C3%BCnstertal_0149.jpg?fit=1024%2C683&ssl=1&resize=700%2C400 2x"},"classes":[]},{"id":13248,"url":"https:\/\/idnu.ch\/wordpress\/herbstliches-gepraenge-am-mot-tavrue\/","url_meta":{"origin":24414,"position":5},"title":"Herbstliches Gepr\u00e4nge am Mot Tavr\u00fc","author":"Urs Kyburz","date":"3. November 2019","format":false,"excerpt":"S-charl s\u00fcdlich von Scuol ist Ausgangspunkt f\u00fcr zahlreiche Wanderungen in- und ausserhalb des Schweizerischen Nationalparkes. Wir entschieden uns f\u00fcr herbstliches Gepr\u00e4nge am Mot Tavr\u00fc, ein einfacher Gipfel, der auf der Grenze des Nationalparkes steht. Start der Wanderung ist bei der Schmelzra, dem Bergbau- und B\u00e4renmuseum - was f\u00fcr eine Kombination.\u2026","rel":"","context":"In &quot;Graub\u00fcnden&quot;","block_context":{"text":"Graub\u00fcnden","link":"https:\/\/idnu.ch\/wordpress\/category\/kanton\/graubuenden\/"},"img":{"alt_text":"","src":"https:\/\/i0.wp.com\/idnu.ch\/wordpress\/wp-content\/uploads\/2019\/11\/scuol-20191010-758.jpg?fit=1200%2C800&ssl=1&resize=350%2C200","width":350,"height":200,"srcset":"https:\/\/i0.wp.com\/idnu.ch\/wordpress\/wp-content\/uploads\/2019\/11\/scuol-20191010-758.jpg?fit=1200%2C800&ssl=1&resize=350%2C200 1x, https:\/\/i0.wp.com\/idnu.ch\/wordpress\/wp-content\/uploads\/2019\/11\/scuol-20191010-758.jpg?fit=1200%2C800&ssl=1&resize=525%2C300 1.5x, https:\/\/i0.wp.com\/idnu.ch\/wordpress\/wp-content\/uploads\/2019\/11\/scuol-20191010-758.jpg?fit=1200%2C800&ssl=1&resize=700%2C400 2x, https:\/\/i0.wp.com\/idnu.ch\/wordpress\/wp-content\/uploads\/2019\/11\/scuol-20191010-758.jpg?fit=1200%2C800&ssl=1&resize=1050%2C600 3x"},"classes":[]}],"jetpack_likes_enabled":true,"_links":{"self":[{"href":"https:\/\/idnu.ch\/wordpress\/wp-json\/wp\/v2\/posts\/24414","targetHints":{"allow":["GET"]}}],"collection":[{"href":"https:\/\/idnu.ch\/wordpress\/wp-json\/wp\/v2\/posts"}],"about":[{"href":"https:\/\/idnu.ch\/wordpress\/wp-json\/wp\/v2\/types\/post"}],"author":[{"embeddable":true,"href":"https:\/\/idnu.ch\/wordpress\/wp-json\/wp\/v2\/users\/2"}],"replies":[{"embeddable":true,"href":"https:\/\/idnu.ch\/wordpress\/wp-json\/wp\/v2\/comments?post=24414"}],"version-history":[{"count":8,"href":"https:\/\/idnu.ch\/wordpress\/wp-json\/wp\/v2\/posts\/24414\/revisions"}],"predecessor-version":[{"id":27006,"href":"https:\/\/idnu.ch\/wordpress\/wp-json\/wp\/v2\/posts\/24414\/revisions\/27006"}],"wp:featuredmedia":[{"embeddable":true,"href":"https:\/\/idnu.ch\/wordpress\/wp-json\/wp\/v2\/media\/23630"}],"wp:attachment":[{"href":"https:\/\/idnu.ch\/wordpress\/wp-json\/wp\/v2\/media?parent=24414"}],"wp:term":[{"taxonomy":"category","embeddable":true,"href":"https:\/\/idnu.ch\/wordpress\/wp-json\/wp\/v2\/categories?post=24414"},{"taxonomy":"post_tag","embeddable":true,"href":"https:\/\/idnu.ch\/wordpress\/wp-json\/wp\/v2\/tags?post=24414"}],"curies":[{"name":"wp","href":"https:\/\/api.w.org\/{rel}","templated":true}]}}