{"id":26665,"date":"2024-10-28T11:57:50","date_gmt":"2024-10-28T10:57:50","guid":{"rendered":"https:\/\/idnu.ch\/wordpress\/?p=26665"},"modified":"2025-08-24T16:58:05","modified_gmt":"2025-08-24T14:58:05","slug":"camargue-land-zwischen-himmel-und-wasser","status":"publish","type":"post","link":"https:\/\/idnu.ch\/wordpress\/camargue-land-zwischen-himmel-und-wasser\/","title":{"rendered":"Camargue &#8211; Land zwischen Himmel und Wasser"},"content":{"rendered":"<p><strong>Camargue: Dieses Land, das zwischen Himmel und Wasser liegt, tief im S\u00fcden Frankreichs. Zwei Wochen waren wir an den \u00c9tangs und am Meer unterwegs, ausger\u00fcstet mit Fernoptik und Kameras, und erlebten nebst D\u00e9j\u00e0-vues auch Erstmaliges. Und viele &#8222;schon lange nicht mehr&#8220;.<\/strong><\/p>\n<figure id=\"attachment_26667\" aria-describedby=\"caption-attachment-26667\" style=\"width: 1240px\" class=\"wp-caption alignnone\"><a href=\"https:\/\/i0.wp.com\/idnu.ch\/wordpress\/wp-content\/uploads\/2024\/10\/camargue-20240930-209-Bearbeitet.jpg?ssl=1\"><img data-recalc-dims=\"1\" loading=\"lazy\" decoding=\"async\" data-attachment-id=\"26667\" data-permalink=\"https:\/\/idnu.ch\/wordpress\/camargue-land-zwischen-himmel-und-wasser\/camargue-20240930-209-bearbeitet\/#main\" data-orig-file=\"https:\/\/i0.wp.com\/idnu.ch\/wordpress\/wp-content\/uploads\/2024\/10\/camargue-20240930-209-Bearbeitet.jpg?fit=1240%2C827&amp;ssl=1\" data-orig-size=\"1240,827\" data-comments-opened=\"1\" data-image-meta=\"{&quot;aperture&quot;:&quot;8&quot;,&quot;credit&quot;:&quot;Urs Kyburz&quot;,&quot;camera&quot;:&quot;Canon EOS 5D Mark IV&quot;,&quot;caption&quot;:&quot;&quot;,&quot;created_timestamp&quot;:&quot;1727717680&quot;,&quot;copyright&quot;:&quot;Copyright Urs Kyburz (2019)&quot;,&quot;focal_length&quot;:&quot;24&quot;,&quot;iso&quot;:&quot;1600&quot;,&quot;shutter_speed&quot;:&quot;0.033333333333333&quot;,&quot;title&quot;:&quot;&quot;,&quot;orientation&quot;:&quot;0&quot;}\" data-image-title=\"Camargue, das Land zwischen Himmel und Wasser\" data-image-description=\"\" data-image-caption=\"&lt;p&gt;Camargue, das Land zwischen Himmel und Wasser&lt;\/p&gt;\n\" data-large-file=\"https:\/\/i0.wp.com\/idnu.ch\/wordpress\/wp-content\/uploads\/2024\/10\/camargue-20240930-209-Bearbeitet.jpg?fit=750%2C500&amp;ssl=1\" class=\"size-full wp-image-26667\" src=\"https:\/\/i0.wp.com\/idnu.ch\/wordpress\/wp-content\/uploads\/2024\/10\/camargue-20240930-209-Bearbeitet.jpg?resize=750%2C500&#038;ssl=1\" alt=\"\" width=\"750\" height=\"500\" srcset=\"https:\/\/i0.wp.com\/idnu.ch\/wordpress\/wp-content\/uploads\/2024\/10\/camargue-20240930-209-Bearbeitet.jpg?w=1240&amp;ssl=1 1240w, https:\/\/i0.wp.com\/idnu.ch\/wordpress\/wp-content\/uploads\/2024\/10\/camargue-20240930-209-Bearbeitet.jpg?resize=300%2C200&amp;ssl=1 300w, https:\/\/i0.wp.com\/idnu.ch\/wordpress\/wp-content\/uploads\/2024\/10\/camargue-20240930-209-Bearbeitet.jpg?resize=1024%2C683&amp;ssl=1 1024w, https:\/\/i0.wp.com\/idnu.ch\/wordpress\/wp-content\/uploads\/2024\/10\/camargue-20240930-209-Bearbeitet.jpg?resize=768%2C512&amp;ssl=1 768w, https:\/\/i0.wp.com\/idnu.ch\/wordpress\/wp-content\/uploads\/2024\/10\/camargue-20240930-209-Bearbeitet.jpg?resize=150%2C100&amp;ssl=1 150w\" sizes=\"auto, (max-width: 750px) 100vw, 750px\" \/><\/a><figcaption id=\"caption-attachment-26667\" class=\"wp-caption-text\">Camargue, das Land zwischen Himmel und Wasser<\/figcaption><\/figure>\n<p>Das erste &#8222;schon lange nicht mehr&#8220;: Wir planten und f\u00fchrten die Ferien ohne die Jungs durch. Bis jetzt war immer noch mindestens einer von ihnen mitgekommen, diesmal interessierte es Fabian nicht und Silvan war im Zivildienst. Ebenfalls waren wir schon lange nicht mehr am Meer, das letzte Mal im 2008 in &#8211; surprise, surprise &#8211; der Camargue in Saintes-Maries-de-la-Mer. Das war auch jetzt unser Ziel.<\/p>\n<h2>Anreise<\/h2>\n<p>Damals reisten wir noch mit dem eigenen Auto an, diesmal nahmen wir den Zug und mieteten ein Auto. Um 5:41 Uhr stiegen wir also zu Hause in den Zug und waren um 14 Uhr in Montpellier im S\u00fcden Frankreichs. Dies ganz ohne Stress, von Aarau bis Genf sassen wir im Bordbistro, genossen einen Kaffee und ein Gipfeli wie auch die Aussicht den drei grossen Seen entlang. Etwas weniger erbaulich war die zweist\u00fcndige Fahrt von Genf nach Lyon. Nach nochmals zwei Stunden im TGV waren wir bereits in Montpellier. Das Auto war ab 16 Uhr reserviert, vorher gab es keines. Also brachten wir die Zeit rum, bis wir das Auto in Empfang nehmen konnten.<\/p>\n<p>Die Fahrt fing schon mal schlecht an, ich bin mir so moderne Autos nicht gew\u00f6hnt. Offensichtlich hatte dieses Auto warum auch immer zwei Park- oder Feststellbremsen. Nachdem ich die zweite auch gel\u00f6st hatte, fuhr es sich deutlich besser und stank nicht mehr&#8230; Das Ziel, Saintes-Maries-de-la-Mer, hatte ich im Navi eingegeben, es konnte losgehen. Wir folgten brav der vorgegebenen Route, standen aber pl\u00f6tzlich vor einer abgesperrten Strasse. Also nochmals eine Runde drehen und hoffen, dass sich die Frau im Navi eine neue Route ausdenkt. Pustekuchen, sie lotste uns wieder am gleichen Ort durch. Nachdem sie uns auch beim dritten Mal dort durchleiten wollte, w\u00e4hlten wir die Richtung &#8222;Toutes direction&#8220;. Nun besann sie sich und berechnete die Route neu. Endlich, nach einer halben Stunde, liessen wir Montpellier hinter uns. Nach einer weiteren Stunde, aber ohne weitere Schwierigkeiten, kamen wir in Saintes-Maries-de-la-Mer an. Wir hatten ein H\u00e4uschen auf dem Campingplatz &#8222;La Brise&#8220; gemietet.<\/p>\n<h2>In den Bassins de D\u00e9cantation und an der &#8222;Coastline&#8220;<\/h2>\n<p>Nachdem wir das Gep\u00e4ck ausgeladen hatten, gingen wir ins Dorf essen. Im Schilf eines Kanals auf dem Campingplatz sah ich einen Vogel herumhuschen. Was k\u00f6nnte das sein? Ich sah einen LBB, einen Little Brown Bird. Hm. Das half mir nicht weiter. Dann sang er aber, den Gesang kannte ich jedoch nicht. Ich verglich mit der Kosmos-App die Ges\u00e4nge, die in Frage kommen. Beim Seidens\u00e4nger blieb ich h\u00e4ngen. Das ist einer! Wow! Kaum angekommen, schon eine neue Vogelart! Der Seidens\u00e4nger ist bei uns \u00e4usserst selten. Was ich noch nicht wusste: Hier ist er ein verbreiteter Bewohner der Schilfg\u00fcrtel und Str\u00e4ucher an Gew\u00e4ssern. Trotzdem wunderbar.<\/p>\n<figure id=\"attachment_26683\" aria-describedby=\"caption-attachment-26683\" style=\"width: 1240px\" class=\"wp-caption alignnone\"><a href=\"https:\/\/i0.wp.com\/idnu.ch\/wordpress\/wp-content\/uploads\/2024\/10\/camargue-20240923-99-Bearbeitet.jpg?ssl=1\"><img data-recalc-dims=\"1\" loading=\"lazy\" decoding=\"async\" data-attachment-id=\"26683\" data-permalink=\"https:\/\/idnu.ch\/wordpress\/camargue-land-zwischen-himmel-und-wasser\/camargue-20240923-99-bearbeitet\/#main\" data-orig-file=\"https:\/\/i0.wp.com\/idnu.ch\/wordpress\/wp-content\/uploads\/2024\/10\/camargue-20240923-99-Bearbeitet.jpg?fit=1240%2C827&amp;ssl=1\" data-orig-size=\"1240,827\" data-comments-opened=\"1\" data-image-meta=\"{&quot;aperture&quot;:&quot;7.1&quot;,&quot;credit&quot;:&quot;Urs Kyburz&quot;,&quot;camera&quot;:&quot;Canon EOS R6m2&quot;,&quot;caption&quot;:&quot;&quot;,&quot;created_timestamp&quot;:&quot;1727081180&quot;,&quot;copyright&quot;:&quot;All rights reserved&quot;,&quot;focal_length&quot;:&quot;500&quot;,&quot;iso&quot;:&quot;500&quot;,&quot;shutter_speed&quot;:&quot;0.001&quot;,&quot;title&quot;:&quot;&quot;,&quot;orientation&quot;:&quot;0&quot;}\" data-image-title=\"Seidens\u00e4nger\" data-image-description=\"&lt;p&gt;Schwierig zu fotografieren, da er immer im Gestr\u00fcpp und Schilf herumturn: Der Seidens\u00e4nger&lt;\/p&gt;\n\" data-image-caption=\"&lt;p&gt;Seidens\u00e4nger&lt;\/p&gt;\n\" data-large-file=\"https:\/\/i0.wp.com\/idnu.ch\/wordpress\/wp-content\/uploads\/2024\/10\/camargue-20240923-99-Bearbeitet.jpg?fit=750%2C500&amp;ssl=1\" class=\"size-full wp-image-26683\" src=\"https:\/\/i0.wp.com\/idnu.ch\/wordpress\/wp-content\/uploads\/2024\/10\/camargue-20240923-99-Bearbeitet.jpg?resize=750%2C500&#038;ssl=1\" alt=\"\" width=\"750\" height=\"500\" srcset=\"https:\/\/i0.wp.com\/idnu.ch\/wordpress\/wp-content\/uploads\/2024\/10\/camargue-20240923-99-Bearbeitet.jpg?w=1240&amp;ssl=1 1240w, https:\/\/i0.wp.com\/idnu.ch\/wordpress\/wp-content\/uploads\/2024\/10\/camargue-20240923-99-Bearbeitet.jpg?resize=300%2C200&amp;ssl=1 300w, https:\/\/i0.wp.com\/idnu.ch\/wordpress\/wp-content\/uploads\/2024\/10\/camargue-20240923-99-Bearbeitet.jpg?resize=1024%2C683&amp;ssl=1 1024w, https:\/\/i0.wp.com\/idnu.ch\/wordpress\/wp-content\/uploads\/2024\/10\/camargue-20240923-99-Bearbeitet.jpg?resize=768%2C512&amp;ssl=1 768w, https:\/\/i0.wp.com\/idnu.ch\/wordpress\/wp-content\/uploads\/2024\/10\/camargue-20240923-99-Bearbeitet.jpg?resize=150%2C100&amp;ssl=1 150w\" sizes=\"auto, (max-width: 750px) 100vw, 750px\" \/><\/a><figcaption id=\"caption-attachment-26683\" class=\"wp-caption-text\">Seidens\u00e4nger<\/figcaption><\/figure>\n<p>Am n\u00e4chsten Tag besuchten wir die Bassins de D\u00e9cantation gleich neben dem Campingplatz, was \u00e4usserst praktisch war. Und gleich zu Beginn ist der H\u00fcgel der Seidenreiher: Jeden Tag versammeln sie sich zu Dutzenden hier, dazwischen mal ein Graureiher. Bei uns zu Hause heisst es &#8222;oh, wow, guck, ein Seidenreiher!&#8220;, hier denkt man schnell mal &#8222;ach, nur ein Seidenreiher&#8220;. Dabei wurden sie vor mehr als hundert Jahren beinahe ausgerottet wegen ihren sch\u00f6nen Federn, die f\u00fcr die Hutmode der Damen verwendet wurden.<\/p>\n<div class=\"tiled-gallery type-rectangular tiled-gallery-unresized\" data-original-width=\"750\" data-carousel-extra='{&quot;blog_id&quot;:1,&quot;permalink&quot;:&quot;https:\\\/\\\/idnu.ch\\\/wordpress\\\/camargue-land-zwischen-himmel-und-wasser\\\/&quot;,&quot;likes_blog_id&quot;:100184974}' itemscope itemtype=\"http:\/\/schema.org\/ImageGallery\" > <div class=\"gallery-row\" style=\"width: 750px; height: 335px;\" data-original-width=\"750\" data-original-height=\"335\" > <div class=\"gallery-group images-1\" style=\"width: 501px; height: 335px;\" data-original-width=\"501\" data-original-height=\"335\" > <div class=\"tiled-gallery-item tiled-gallery-item-large\" itemprop=\"associatedMedia\" itemscope itemtype=\"http:\/\/schema.org\/ImageObject\"> <a href=\"https:\/\/idnu.ch\/wordpress\/camargue-land-zwischen-himmel-und-wasser\/camargue-20240921-20-bearbeitet\/#main\" border=\"0\" itemprop=\"url\"> <meta itemprop=\"width\" content=\"497\"> <meta itemprop=\"height\" content=\"331\"> <img decoding=\"async\" class=\"\" data-attachment-id=\"26684\" data-orig-file=\"https:\/\/idnu.ch\/wordpress\/wp-content\/uploads\/2024\/10\/camargue-20240921-20-Bearbeitet.jpg\" data-orig-size=\"1240,827\" data-comments-opened=\"1\" data-image-meta=\"{&quot;aperture&quot;:&quot;5.6&quot;,&quot;credit&quot;:&quot;Urs Kyburz&quot;,&quot;camera&quot;:&quot;Canon EOS R6m2&quot;,&quot;caption&quot;:&quot;&quot;,&quot;created_timestamp&quot;:&quot;1726898781&quot;,&quot;copyright&quot;:&quot;All rights reserved&quot;,&quot;focal_length&quot;:&quot;700&quot;,&quot;iso&quot;:&quot;640&quot;,&quot;shutter_speed&quot;:&quot;0.002&quot;,&quot;title&quot;:&quot;&quot;,&quot;orientation&quot;:&quot;0&quot;}\" data-image-title=\"Seidenreiher\" data-image-description=\"\" data-medium-file=\"https:\/\/i0.wp.com\/idnu.ch\/wordpress\/wp-content\/uploads\/2024\/10\/camargue-20240921-20-Bearbeitet.jpg?fit=300%2C200&#038;ssl=1\" data-large-file=\"https:\/\/i0.wp.com\/idnu.ch\/wordpress\/wp-content\/uploads\/2024\/10\/camargue-20240921-20-Bearbeitet.jpg?fit=750%2C500&#038;ssl=1\" src=\"https:\/\/i0.wp.com\/idnu.ch\/wordpress\/wp-content\/uploads\/2024\/10\/camargue-20240921-20-Bearbeitet.jpg?w=497&#038;h=331&#038;ssl=1\" srcset=\"https:\/\/i0.wp.com\/idnu.ch\/wordpress\/wp-content\/uploads\/2024\/10\/camargue-20240921-20-Bearbeitet.jpg?w=1240&amp;ssl=1 1240w, https:\/\/i0.wp.com\/idnu.ch\/wordpress\/wp-content\/uploads\/2024\/10\/camargue-20240921-20-Bearbeitet.jpg?resize=300%2C200&amp;ssl=1 300w, https:\/\/i0.wp.com\/idnu.ch\/wordpress\/wp-content\/uploads\/2024\/10\/camargue-20240921-20-Bearbeitet.jpg?resize=1024%2C683&amp;ssl=1 1024w, https:\/\/i0.wp.com\/idnu.ch\/wordpress\/wp-content\/uploads\/2024\/10\/camargue-20240921-20-Bearbeitet.jpg?resize=768%2C512&amp;ssl=1 768w, https:\/\/i0.wp.com\/idnu.ch\/wordpress\/wp-content\/uploads\/2024\/10\/camargue-20240921-20-Bearbeitet.jpg?resize=150%2C100&amp;ssl=1 150w\" width=\"497\" height=\"331\" loading=\"lazy\" data-original-width=\"497\" data-original-height=\"331\" itemprop=\"http:\/\/schema.org\/image\" title=\"Seidenreiher\" alt=\"Silberreiher im Morgenlicht auf einem Gel\u00e4nder\" style=\"width: 497px; height: 331px;\" \/> <\/a> <div class=\"tiled-gallery-caption\" itemprop=\"caption description\"> Keine KI, das ist echt! Seidenreiher im Morgenlicht. <\/div> <\/div> <\/div> <!-- close group --> <div class=\"gallery-group images-2\" style=\"width: 249px; height: 335px;\" data-original-width=\"249\" data-original-height=\"335\" > <div class=\"tiled-gallery-item tiled-gallery-item-small\" itemprop=\"associatedMedia\" itemscope itemtype=\"http:\/\/schema.org\/ImageObject\"> <a href=\"https:\/\/idnu.ch\/wordpress\/camargue-land-zwischen-himmel-und-wasser\/camargue-20240923-28-bearbeitet\/#main\" border=\"0\" itemprop=\"url\"> <meta itemprop=\"width\" content=\"245\"> <meta itemprop=\"height\" content=\"164\"> <img decoding=\"async\" class=\"\" data-attachment-id=\"26685\" data-orig-file=\"https:\/\/idnu.ch\/wordpress\/wp-content\/uploads\/2024\/10\/camargue-20240923-28-Bearbeitet.jpg\" data-orig-size=\"1240,827\" data-comments-opened=\"1\" data-image-meta=\"{&quot;aperture&quot;:&quot;5.6&quot;,&quot;credit&quot;:&quot;Urs Kyburz&quot;,&quot;camera&quot;:&quot;Canon EOS R6m2&quot;,&quot;caption&quot;:&quot;&quot;,&quot;created_timestamp&quot;:&quot;1727071480&quot;,&quot;copyright&quot;:&quot;All rights reserved&quot;,&quot;focal_length&quot;:&quot;223&quot;,&quot;iso&quot;:&quot;250&quot;,&quot;shutter_speed&quot;:&quot;0.00625&quot;,&quot;title&quot;:&quot;&quot;,&quot;orientation&quot;:&quot;0&quot;}\" data-image-title=\"Die Seidenreiher an ihrem Sammelplatz\" data-image-description=\"&lt;p&gt;Die Seidenreiher an ihrem Sammelplatz, der Graureiher ist geduldet.&lt;\/p&gt; \" data-medium-file=\"https:\/\/i0.wp.com\/idnu.ch\/wordpress\/wp-content\/uploads\/2024\/10\/camargue-20240923-28-Bearbeitet.jpg?fit=300%2C200&#038;ssl=1\" data-large-file=\"https:\/\/i0.wp.com\/idnu.ch\/wordpress\/wp-content\/uploads\/2024\/10\/camargue-20240923-28-Bearbeitet.jpg?fit=750%2C500&#038;ssl=1\" src=\"https:\/\/i0.wp.com\/idnu.ch\/wordpress\/wp-content\/uploads\/2024\/10\/camargue-20240923-28-Bearbeitet.jpg?w=245&#038;h=164&#038;ssl=1\" srcset=\"https:\/\/i0.wp.com\/idnu.ch\/wordpress\/wp-content\/uploads\/2024\/10\/camargue-20240923-28-Bearbeitet.jpg?w=1240&amp;ssl=1 1240w, https:\/\/i0.wp.com\/idnu.ch\/wordpress\/wp-content\/uploads\/2024\/10\/camargue-20240923-28-Bearbeitet.jpg?resize=300%2C200&amp;ssl=1 300w, https:\/\/i0.wp.com\/idnu.ch\/wordpress\/wp-content\/uploads\/2024\/10\/camargue-20240923-28-Bearbeitet.jpg?resize=1024%2C683&amp;ssl=1 1024w, https:\/\/i0.wp.com\/idnu.ch\/wordpress\/wp-content\/uploads\/2024\/10\/camargue-20240923-28-Bearbeitet.jpg?resize=768%2C512&amp;ssl=1 768w, https:\/\/i0.wp.com\/idnu.ch\/wordpress\/wp-content\/uploads\/2024\/10\/camargue-20240923-28-Bearbeitet.jpg?resize=150%2C100&amp;ssl=1 150w\" width=\"245\" height=\"164\" loading=\"lazy\" data-original-width=\"245\" data-original-height=\"164\" itemprop=\"http:\/\/schema.org\/image\" title=\"Die Seidenreiher an ihrem Sammelplatz\" alt=\"Seidenreiher auf einem H\u00fcgel mit einem Graureiher\" style=\"width: 245px; height: 164px;\" \/> <\/a> <div class=\"tiled-gallery-caption\" itemprop=\"caption description\"> Die Seidenreiher an ihrem Sammelplatz <\/div> <\/div> <div class=\"tiled-gallery-item tiled-gallery-item-small\" itemprop=\"associatedMedia\" itemscope itemtype=\"http:\/\/schema.org\/ImageObject\"> <a href=\"https:\/\/idnu.ch\/wordpress\/camargue-land-zwischen-himmel-und-wasser\/camargue-20240923-35-bearbeitet\/#main\" border=\"0\" itemprop=\"url\"> <meta itemprop=\"width\" content=\"245\"> <meta itemprop=\"height\" content=\"163\"> <img decoding=\"async\" class=\"\" data-attachment-id=\"26686\" data-orig-file=\"https:\/\/idnu.ch\/wordpress\/wp-content\/uploads\/2024\/10\/camargue-20240923-35-Bearbeitet.jpg\" data-orig-size=\"1240,827\" data-comments-opened=\"1\" data-image-meta=\"{&quot;aperture&quot;:&quot;7.1&quot;,&quot;credit&quot;:&quot;Urs Kyburz&quot;,&quot;camera&quot;:&quot;Canon EOS R6m2&quot;,&quot;caption&quot;:&quot;&quot;,&quot;created_timestamp&quot;:&quot;1727071618&quot;,&quot;copyright&quot;:&quot;All rights reserved&quot;,&quot;focal_length&quot;:&quot;500&quot;,&quot;iso&quot;:&quot;125&quot;,&quot;shutter_speed&quot;:&quot;0.00625&quot;,&quot;title&quot;:&quot;&quot;,&quot;orientation&quot;:&quot;0&quot;}\" data-image-title=\"Seidenreiher im Morgenlicht\" data-image-description=\"\" data-medium-file=\"https:\/\/i0.wp.com\/idnu.ch\/wordpress\/wp-content\/uploads\/2024\/10\/camargue-20240923-35-Bearbeitet.jpg?fit=300%2C200&#038;ssl=1\" data-large-file=\"https:\/\/i0.wp.com\/idnu.ch\/wordpress\/wp-content\/uploads\/2024\/10\/camargue-20240923-35-Bearbeitet.jpg?fit=750%2C500&#038;ssl=1\" src=\"https:\/\/i0.wp.com\/idnu.ch\/wordpress\/wp-content\/uploads\/2024\/10\/camargue-20240923-35-Bearbeitet.jpg?w=245&#038;h=163&#038;ssl=1\" srcset=\"https:\/\/i0.wp.com\/idnu.ch\/wordpress\/wp-content\/uploads\/2024\/10\/camargue-20240923-35-Bearbeitet.jpg?w=1240&amp;ssl=1 1240w, https:\/\/i0.wp.com\/idnu.ch\/wordpress\/wp-content\/uploads\/2024\/10\/camargue-20240923-35-Bearbeitet.jpg?resize=300%2C200&amp;ssl=1 300w, https:\/\/i0.wp.com\/idnu.ch\/wordpress\/wp-content\/uploads\/2024\/10\/camargue-20240923-35-Bearbeitet.jpg?resize=1024%2C683&amp;ssl=1 1024w, https:\/\/i0.wp.com\/idnu.ch\/wordpress\/wp-content\/uploads\/2024\/10\/camargue-20240923-35-Bearbeitet.jpg?resize=768%2C512&amp;ssl=1 768w, https:\/\/i0.wp.com\/idnu.ch\/wordpress\/wp-content\/uploads\/2024\/10\/camargue-20240923-35-Bearbeitet.jpg?resize=150%2C100&amp;ssl=1 150w\" width=\"245\" height=\"163\" loading=\"lazy\" data-original-width=\"245\" data-original-height=\"163\" itemprop=\"http:\/\/schema.org\/image\" title=\"Seidenreiher im Morgenlicht\" alt=\"Seidenreiher im Morgenlicht\" style=\"width: 245px; height: 163px;\" \/> <\/a> <div class=\"tiled-gallery-caption\" itemprop=\"caption description\"> Seidenreiher im Morgenlicht <\/div> <\/div> <\/div> <!-- close group --> <\/div> <!-- close row --> <\/div>\n<p>Beim Gebiet handelt es sich dabei um die Uferzone am \u00c9tang de Monro. Es gibt keine ausgeschilderten Wege, man geht dort, wo es m\u00f6glich ist. Nur in der Brutzeit ist das Betreten verboten, Schilder weisen darauf hin. Man kann bis zur Wasserlinie gehen, je nach Zustand des Bodens. Manchmal ist es auch so schmierig und sumpfig, dass man nicht bis dorthin kommt. Die V\u00f6gel versammeln sich gestaffelt, je nach Beinl\u00e4nge: Im Schlick suchen die kleinen Limikolen wie Sandregenpfeifer, Alpenstrandl\u00e4ufer, Seeregenpfeifer und Zwergstrandl\u00e4ufer nach Nahrung, die M\u00f6wen stehen im Wasser, danach folgen die S\u00e4belschn\u00e4bler und weit draussen seihen die Flamingos das Wasser.<\/p>\n<div class=\"tiled-gallery type-rectangular tiled-gallery-unresized\" data-original-width=\"750\" data-carousel-extra='{&quot;blog_id&quot;:1,&quot;permalink&quot;:&quot;https:\\\/\\\/idnu.ch\\\/wordpress\\\/camargue-land-zwischen-himmel-und-wasser\\\/&quot;,&quot;likes_blog_id&quot;:100184974}' itemscope itemtype=\"http:\/\/schema.org\/ImageGallery\" > <div class=\"gallery-row\" style=\"width: 750px; height: 335px;\" data-original-width=\"750\" data-original-height=\"335\" > <div class=\"gallery-group images-1\" style=\"width: 501px; height: 335px;\" data-original-width=\"501\" data-original-height=\"335\" > <div class=\"tiled-gallery-item tiled-gallery-item-large\" itemprop=\"associatedMedia\" itemscope itemtype=\"http:\/\/schema.org\/ImageObject\"> <a href=\"https:\/\/idnu.ch\/wordpress\/camargue-land-zwischen-himmel-und-wasser\/camargue-20240928-165-bearbeitet\/#main\" border=\"0\" itemprop=\"url\"> <meta itemprop=\"width\" content=\"497\"> <meta itemprop=\"height\" content=\"331\"> <img decoding=\"async\" class=\"\" data-attachment-id=\"26677\" data-orig-file=\"https:\/\/idnu.ch\/wordpress\/wp-content\/uploads\/2024\/10\/camargue-20240928-165-Bearbeitet.jpg\" data-orig-size=\"1240,827\" data-comments-opened=\"1\" data-image-meta=\"{&quot;aperture&quot;:&quot;6.3&quot;,&quot;credit&quot;:&quot;Urs Kyburz&quot;,&quot;camera&quot;:&quot;Canon EOS R6m2&quot;,&quot;caption&quot;:&quot;&quot;,&quot;created_timestamp&quot;:&quot;1727503119&quot;,&quot;copyright&quot;:&quot;All rights reserved&quot;,&quot;focal_length&quot;:&quot;343&quot;,&quot;iso&quot;:&quot;640&quot;,&quot;shutter_speed&quot;:&quot;0.0008&quot;,&quot;title&quot;:&quot;&quot;,&quot;orientation&quot;:&quot;0&quot;}\" data-image-title=\"Sandregenpfeifer, Alpenstrandl\u00e4ufer und andere\" data-image-description=\"\" data-medium-file=\"https:\/\/i0.wp.com\/idnu.ch\/wordpress\/wp-content\/uploads\/2024\/10\/camargue-20240928-165-Bearbeitet.jpg?fit=300%2C200&#038;ssl=1\" data-large-file=\"https:\/\/i0.wp.com\/idnu.ch\/wordpress\/wp-content\/uploads\/2024\/10\/camargue-20240928-165-Bearbeitet.jpg?fit=750%2C500&#038;ssl=1\" src=\"https:\/\/i0.wp.com\/idnu.ch\/wordpress\/wp-content\/uploads\/2024\/10\/camargue-20240928-165-Bearbeitet.jpg?w=497&#038;h=331&#038;ssl=1\" srcset=\"https:\/\/i0.wp.com\/idnu.ch\/wordpress\/wp-content\/uploads\/2024\/10\/camargue-20240928-165-Bearbeitet.jpg?w=1240&amp;ssl=1 1240w, https:\/\/i0.wp.com\/idnu.ch\/wordpress\/wp-content\/uploads\/2024\/10\/camargue-20240928-165-Bearbeitet.jpg?resize=300%2C200&amp;ssl=1 300w, https:\/\/i0.wp.com\/idnu.ch\/wordpress\/wp-content\/uploads\/2024\/10\/camargue-20240928-165-Bearbeitet.jpg?resize=1024%2C683&amp;ssl=1 1024w, https:\/\/i0.wp.com\/idnu.ch\/wordpress\/wp-content\/uploads\/2024\/10\/camargue-20240928-165-Bearbeitet.jpg?resize=768%2C512&amp;ssl=1 768w, https:\/\/i0.wp.com\/idnu.ch\/wordpress\/wp-content\/uploads\/2024\/10\/camargue-20240928-165-Bearbeitet.jpg?resize=150%2C100&amp;ssl=1 150w\" width=\"497\" height=\"331\" loading=\"lazy\" data-original-width=\"497\" data-original-height=\"331\" itemprop=\"http:\/\/schema.org\/image\" title=\"Sandregenpfeifer, Alpenstrandl\u00e4ufer und andere\" alt=\"Sandregenpfeifer, Alpenstrandl\u00e4ufer und andere\" style=\"width: 497px; height: 331px;\" \/> <\/a> <div class=\"tiled-gallery-caption\" itemprop=\"caption description\"> Sandregenpfeifer, Alpenstrandl\u00e4ufer und andere <\/div> <\/div> <\/div> <!-- close group --> <div class=\"gallery-group images-2\" style=\"width: 249px; height: 335px;\" data-original-width=\"249\" data-original-height=\"335\" > <div class=\"tiled-gallery-item tiled-gallery-item-small\" itemprop=\"associatedMedia\" itemscope itemtype=\"http:\/\/schema.org\/ImageObject\"> <a href=\"https:\/\/idnu.ch\/wordpress\/camargue-land-zwischen-himmel-und-wasser\/camargue-20240929-183-bearbeitet\/#main\" border=\"0\" itemprop=\"url\"> <meta itemprop=\"width\" content=\"245\"> <meta itemprop=\"height\" content=\"164\"> <img decoding=\"async\" class=\"\" data-attachment-id=\"26678\" data-orig-file=\"https:\/\/idnu.ch\/wordpress\/wp-content\/uploads\/2024\/10\/camargue-20240929-183-Bearbeitet.jpg\" data-orig-size=\"1240,827\" data-comments-opened=\"1\" data-image-meta=\"{&quot;aperture&quot;:&quot;8&quot;,&quot;credit&quot;:&quot;Urs Kyburz&quot;,&quot;camera&quot;:&quot;Canon EOS R6m2&quot;,&quot;caption&quot;:&quot;&quot;,&quot;created_timestamp&quot;:&quot;1727630817&quot;,&quot;copyright&quot;:&quot;All rights reserved&quot;,&quot;focal_length&quot;:&quot;500&quot;,&quot;iso&quot;:&quot;6400&quot;,&quot;shutter_speed&quot;:&quot;0.00125&quot;,&quot;title&quot;:&quot;&quot;,&quot;orientation&quot;:&quot;0&quot;}\" data-image-title=\"Mittelmeerm\u00f6wen\" data-image-description=\"\" data-medium-file=\"https:\/\/i0.wp.com\/idnu.ch\/wordpress\/wp-content\/uploads\/2024\/10\/camargue-20240929-183-Bearbeitet.jpg?fit=300%2C200&#038;ssl=1\" data-large-file=\"https:\/\/i0.wp.com\/idnu.ch\/wordpress\/wp-content\/uploads\/2024\/10\/camargue-20240929-183-Bearbeitet.jpg?fit=750%2C500&#038;ssl=1\" src=\"https:\/\/i0.wp.com\/idnu.ch\/wordpress\/wp-content\/uploads\/2024\/10\/camargue-20240929-183-Bearbeitet.jpg?w=245&#038;h=164&#038;ssl=1\" srcset=\"https:\/\/i0.wp.com\/idnu.ch\/wordpress\/wp-content\/uploads\/2024\/10\/camargue-20240929-183-Bearbeitet.jpg?w=1240&amp;ssl=1 1240w, https:\/\/i0.wp.com\/idnu.ch\/wordpress\/wp-content\/uploads\/2024\/10\/camargue-20240929-183-Bearbeitet.jpg?resize=300%2C200&amp;ssl=1 300w, https:\/\/i0.wp.com\/idnu.ch\/wordpress\/wp-content\/uploads\/2024\/10\/camargue-20240929-183-Bearbeitet.jpg?resize=1024%2C683&amp;ssl=1 1024w, https:\/\/i0.wp.com\/idnu.ch\/wordpress\/wp-content\/uploads\/2024\/10\/camargue-20240929-183-Bearbeitet.jpg?resize=768%2C512&amp;ssl=1 768w, https:\/\/i0.wp.com\/idnu.ch\/wordpress\/wp-content\/uploads\/2024\/10\/camargue-20240929-183-Bearbeitet.jpg?resize=150%2C100&amp;ssl=1 150w\" width=\"245\" height=\"164\" loading=\"lazy\" data-original-width=\"245\" data-original-height=\"164\" itemprop=\"http:\/\/schema.org\/image\" title=\"Mittelmeerm\u00f6wen\" alt=\"Mittelmeerm\u00f6wen\" style=\"width: 245px; height: 164px;\" \/> <\/a> <div class=\"tiled-gallery-caption\" itemprop=\"caption description\"> Mittelmeerm\u00f6wen <\/div> <\/div> <div class=\"tiled-gallery-item tiled-gallery-item-small\" itemprop=\"associatedMedia\" itemscope itemtype=\"http:\/\/schema.org\/ImageObject\"> <a href=\"https:\/\/idnu.ch\/wordpress\/camargue-land-zwischen-himmel-und-wasser\/camargue-20241004-62-bearbeitet\/#main\" border=\"0\" itemprop=\"url\"> <meta itemprop=\"width\" content=\"245\"> <meta itemprop=\"height\" content=\"163\"> <img decoding=\"async\" class=\"\" data-attachment-id=\"26681\" data-orig-file=\"https:\/\/idnu.ch\/wordpress\/wp-content\/uploads\/2024\/10\/camargue-20241004-62-Bearbeitet.jpg\" data-orig-size=\"1240,827\" data-comments-opened=\"1\" data-image-meta=\"{&quot;aperture&quot;:&quot;0&quot;,&quot;credit&quot;:&quot;&quot;,&quot;camera&quot;:&quot;&quot;,&quot;caption&quot;:&quot;&quot;,&quot;created_timestamp&quot;:&quot;0&quot;,&quot;copyright&quot;:&quot;All rights reserved&quot;,&quot;focal_length&quot;:&quot;0&quot;,&quot;iso&quot;:&quot;0&quot;,&quot;shutter_speed&quot;:&quot;0&quot;,&quot;title&quot;:&quot;&quot;,&quot;orientation&quot;:&quot;0&quot;}\" data-image-title=\"S\u00e4belschn\u00e4bler\" data-image-description=\"\" data-medium-file=\"https:\/\/i0.wp.com\/idnu.ch\/wordpress\/wp-content\/uploads\/2024\/10\/camargue-20241004-62-Bearbeitet.jpg?fit=300%2C200&#038;ssl=1\" data-large-file=\"https:\/\/i0.wp.com\/idnu.ch\/wordpress\/wp-content\/uploads\/2024\/10\/camargue-20241004-62-Bearbeitet.jpg?fit=750%2C500&#038;ssl=1\" src=\"https:\/\/i0.wp.com\/idnu.ch\/wordpress\/wp-content\/uploads\/2024\/10\/camargue-20241004-62-Bearbeitet.jpg?w=245&#038;h=163&#038;ssl=1\" srcset=\"https:\/\/i0.wp.com\/idnu.ch\/wordpress\/wp-content\/uploads\/2024\/10\/camargue-20241004-62-Bearbeitet.jpg?w=1240&amp;ssl=1 1240w, https:\/\/i0.wp.com\/idnu.ch\/wordpress\/wp-content\/uploads\/2024\/10\/camargue-20241004-62-Bearbeitet.jpg?resize=300%2C200&amp;ssl=1 300w, https:\/\/i0.wp.com\/idnu.ch\/wordpress\/wp-content\/uploads\/2024\/10\/camargue-20241004-62-Bearbeitet.jpg?resize=1024%2C683&amp;ssl=1 1024w, https:\/\/i0.wp.com\/idnu.ch\/wordpress\/wp-content\/uploads\/2024\/10\/camargue-20241004-62-Bearbeitet.jpg?resize=768%2C512&amp;ssl=1 768w, https:\/\/i0.wp.com\/idnu.ch\/wordpress\/wp-content\/uploads\/2024\/10\/camargue-20241004-62-Bearbeitet.jpg?resize=150%2C100&amp;ssl=1 150w\" width=\"245\" height=\"163\" loading=\"lazy\" data-original-width=\"245\" data-original-height=\"163\" itemprop=\"http:\/\/schema.org\/image\" title=\"S\u00e4belschn\u00e4bler\" alt=\"S\u00e4belschn\u00e4bler\" style=\"width: 245px; height: 163px;\" \/> <\/a> <div class=\"tiled-gallery-caption\" itemprop=\"caption description\"> S\u00e4belschn\u00e4bler <\/div> <\/div> <\/div> <!-- close group --> <\/div> <!-- close row --> <div class=\"gallery-row\" style=\"width: 750px; height: 424px;\" data-original-width=\"750\" data-original-height=\"424\" > <div class=\"gallery-group images-1\" style=\"width: 750px; height: 424px;\" data-original-width=\"750\" data-original-height=\"424\" > <div class=\"tiled-gallery-item tiled-gallery-item-large\" itemprop=\"associatedMedia\" itemscope itemtype=\"http:\/\/schema.org\/ImageObject\"> <a href=\"https:\/\/idnu.ch\/wordpress\/camargue-land-zwischen-himmel-und-wasser\/camargue-20240930-123-bearbeitet\/#main\" border=\"0\" itemprop=\"url\"> <meta itemprop=\"width\" content=\"746\"> <meta itemprop=\"height\" content=\"420\"> <img decoding=\"async\" class=\"\" data-attachment-id=\"26679\" data-orig-file=\"https:\/\/idnu.ch\/wordpress\/wp-content\/uploads\/2024\/10\/camargue-20240930-123-Bearbeitet.jpg\" data-orig-size=\"1240,698\" data-comments-opened=\"1\" data-image-meta=\"{&quot;aperture&quot;:&quot;7.1&quot;,&quot;credit&quot;:&quot;Urs Kyburz&quot;,&quot;camera&quot;:&quot;Canon EOS R6m2&quot;,&quot;caption&quot;:&quot;&quot;,&quot;created_timestamp&quot;:&quot;1727716047&quot;,&quot;copyright&quot;:&quot;All rights reserved&quot;,&quot;focal_length&quot;:&quot;500&quot;,&quot;iso&quot;:&quot;100&quot;,&quot;shutter_speed&quot;:&quot;0.01&quot;,&quot;title&quot;:&quot;&quot;,&quot;orientation&quot;:&quot;0&quot;}\" data-image-title=\"Rosaflamingos\" data-image-description=\"\" data-medium-file=\"https:\/\/i0.wp.com\/idnu.ch\/wordpress\/wp-content\/uploads\/2024\/10\/camargue-20240930-123-Bearbeitet.jpg?fit=300%2C169&#038;ssl=1\" data-large-file=\"https:\/\/i0.wp.com\/idnu.ch\/wordpress\/wp-content\/uploads\/2024\/10\/camargue-20240930-123-Bearbeitet.jpg?fit=750%2C422&#038;ssl=1\" src=\"https:\/\/i0.wp.com\/idnu.ch\/wordpress\/wp-content\/uploads\/2024\/10\/camargue-20240930-123-Bearbeitet.jpg?w=746&#038;h=420&#038;ssl=1\" srcset=\"https:\/\/i0.wp.com\/idnu.ch\/wordpress\/wp-content\/uploads\/2024\/10\/camargue-20240930-123-Bearbeitet.jpg?w=1240&amp;ssl=1 1240w, https:\/\/i0.wp.com\/idnu.ch\/wordpress\/wp-content\/uploads\/2024\/10\/camargue-20240930-123-Bearbeitet.jpg?resize=300%2C169&amp;ssl=1 300w, https:\/\/i0.wp.com\/idnu.ch\/wordpress\/wp-content\/uploads\/2024\/10\/camargue-20240930-123-Bearbeitet.jpg?resize=1024%2C576&amp;ssl=1 1024w, https:\/\/i0.wp.com\/idnu.ch\/wordpress\/wp-content\/uploads\/2024\/10\/camargue-20240930-123-Bearbeitet.jpg?resize=768%2C432&amp;ssl=1 768w, https:\/\/i0.wp.com\/idnu.ch\/wordpress\/wp-content\/uploads\/2024\/10\/camargue-20240930-123-Bearbeitet.jpg?resize=178%2C100&amp;ssl=1 178w\" width=\"746\" height=\"420\" loading=\"lazy\" data-original-width=\"746\" data-original-height=\"420\" itemprop=\"http:\/\/schema.org\/image\" title=\"Rosaflamingos\" alt=\"Rosaflamingos\" style=\"width: 746px; height: 420px;\" \/> <\/a> <div class=\"tiled-gallery-caption\" itemprop=\"caption description\"> Rosaflamingos <\/div> <\/div> <\/div> <!-- close group --> <\/div> <!-- close row --> <\/div>\n<p>Auch die Strauchschicht bietet interessante Beobachtungen. Immer wieder h\u00f6rt man das Zetern der Samtkopfgrasm\u00fccke, die hier etwa so h\u00e4ufig ist wie bei uns die M\u00f6nchsgrasm\u00fccke. Aber auch die Brillengrasm\u00fccke, bei uns nicht heimisch, kann man entdecken. Zur Brutzeit gibt es sehr wahrscheinlich noch mehr zu sehen.<\/p>\n<div class=\"tiled-gallery type-rectangular tiled-gallery-unresized\" data-original-width=\"750\" data-carousel-extra='{&quot;blog_id&quot;:1,&quot;permalink&quot;:&quot;https:\\\/\\\/idnu.ch\\\/wordpress\\\/camargue-land-zwischen-himmel-und-wasser\\\/&quot;,&quot;likes_blog_id&quot;:100184974}' itemscope itemtype=\"http:\/\/schema.org\/ImageGallery\" > <div class=\"gallery-row\" style=\"width: 750px; height: 335px;\" data-original-width=\"750\" data-original-height=\"335\" > <div class=\"gallery-group images-1\" style=\"width: 501px; height: 335px;\" data-original-width=\"501\" data-original-height=\"335\" > <div class=\"tiled-gallery-item tiled-gallery-item-large\" itemprop=\"associatedMedia\" itemscope itemtype=\"http:\/\/schema.org\/ImageObject\"> <a href=\"https:\/\/idnu.ch\/wordpress\/camargue-land-zwischen-himmel-und-wasser\/camargue-20240924-7-bearbeitet\/#main\" border=\"0\" itemprop=\"url\"> <meta itemprop=\"width\" content=\"497\"> <meta itemprop=\"height\" content=\"331\"> <img decoding=\"async\" class=\"\" data-attachment-id=\"26674\" data-orig-file=\"https:\/\/idnu.ch\/wordpress\/wp-content\/uploads\/2024\/10\/camargue-20240924-7-Bearbeitet.jpg\" data-orig-size=\"1240,827\" data-comments-opened=\"1\" data-image-meta=\"{&quot;aperture&quot;:&quot;7.1&quot;,&quot;credit&quot;:&quot;Urs Kyburz&quot;,&quot;camera&quot;:&quot;Canon EOS R6m2&quot;,&quot;caption&quot;:&quot;&quot;,&quot;created_timestamp&quot;:&quot;1727162421&quot;,&quot;copyright&quot;:&quot;All rights reserved&quot;,&quot;focal_length&quot;:&quot;500&quot;,&quot;iso&quot;:&quot;5000&quot;,&quot;shutter_speed&quot;:&quot;0.001&quot;,&quot;title&quot;:&quot;&quot;,&quot;orientation&quot;:&quot;0&quot;}\" data-image-title=\"Die Samtkopfgrasm\u00fccke\" data-image-description=\"\" data-medium-file=\"https:\/\/i0.wp.com\/idnu.ch\/wordpress\/wp-content\/uploads\/2024\/10\/camargue-20240924-7-Bearbeitet.jpg?fit=300%2C200&#038;ssl=1\" data-large-file=\"https:\/\/i0.wp.com\/idnu.ch\/wordpress\/wp-content\/uploads\/2024\/10\/camargue-20240924-7-Bearbeitet.jpg?fit=750%2C500&#038;ssl=1\" src=\"https:\/\/i0.wp.com\/idnu.ch\/wordpress\/wp-content\/uploads\/2024\/10\/camargue-20240924-7-Bearbeitet.jpg?w=497&#038;h=331&#038;ssl=1\" srcset=\"https:\/\/i0.wp.com\/idnu.ch\/wordpress\/wp-content\/uploads\/2024\/10\/camargue-20240924-7-Bearbeitet.jpg?w=1240&amp;ssl=1 1240w, https:\/\/i0.wp.com\/idnu.ch\/wordpress\/wp-content\/uploads\/2024\/10\/camargue-20240924-7-Bearbeitet.jpg?resize=300%2C200&amp;ssl=1 300w, https:\/\/i0.wp.com\/idnu.ch\/wordpress\/wp-content\/uploads\/2024\/10\/camargue-20240924-7-Bearbeitet.jpg?resize=1024%2C683&amp;ssl=1 1024w, https:\/\/i0.wp.com\/idnu.ch\/wordpress\/wp-content\/uploads\/2024\/10\/camargue-20240924-7-Bearbeitet.jpg?resize=768%2C512&amp;ssl=1 768w, https:\/\/i0.wp.com\/idnu.ch\/wordpress\/wp-content\/uploads\/2024\/10\/camargue-20240924-7-Bearbeitet.jpg?resize=150%2C100&amp;ssl=1 150w\" width=\"497\" height=\"331\" loading=\"lazy\" data-original-width=\"497\" data-original-height=\"331\" itemprop=\"http:\/\/schema.org\/image\" title=\"Die Samtkopfgrasm\u00fccke\" alt=\"Die Samtkopfgrasm\u00fccke\" style=\"width: 497px; height: 331px;\" \/> <\/a> <div class=\"tiled-gallery-caption\" itemprop=\"caption description\"> Die Samtkopfgrasm\u00fccke <\/div> <\/div> <\/div> <!-- close group --> <div class=\"gallery-group images-2\" style=\"width: 249px; height: 335px;\" data-original-width=\"249\" data-original-height=\"335\" > <div class=\"tiled-gallery-item tiled-gallery-item-small\" itemprop=\"associatedMedia\" itemscope itemtype=\"http:\/\/schema.org\/ImageObject\"> <a href=\"https:\/\/idnu.ch\/wordpress\/camargue-land-zwischen-himmel-und-wasser\/camargue-20240927-58-bearbeitet\/#main\" border=\"0\" itemprop=\"url\"> <meta itemprop=\"width\" content=\"245\"> <meta itemprop=\"height\" content=\"164\"> <img decoding=\"async\" class=\"\" data-attachment-id=\"26675\" data-orig-file=\"https:\/\/idnu.ch\/wordpress\/wp-content\/uploads\/2024\/10\/camargue-20240927-58-Bearbeitet.jpg\" data-orig-size=\"1240,827\" data-comments-opened=\"1\" data-image-meta=\"{&quot;aperture&quot;:&quot;6.3&quot;,&quot;credit&quot;:&quot;Urs Kyburz&quot;,&quot;camera&quot;:&quot;Canon EOS R6m2&quot;,&quot;caption&quot;:&quot;&quot;,&quot;created_timestamp&quot;:&quot;1727426132&quot;,&quot;copyright&quot;:&quot;All rights reserved&quot;,&quot;focal_length&quot;:&quot;700&quot;,&quot;iso&quot;:&quot;1250&quot;,&quot;shutter_speed&quot;:&quot;0.0005&quot;,&quot;title&quot;:&quot;&quot;,&quot;orientation&quot;:&quot;0&quot;}\" data-image-title=\"M\u00e4nnchen der Brillengrasm\u00fccke\" data-image-description=\"\" data-medium-file=\"https:\/\/i0.wp.com\/idnu.ch\/wordpress\/wp-content\/uploads\/2024\/10\/camargue-20240927-58-Bearbeitet.jpg?fit=300%2C200&#038;ssl=1\" data-large-file=\"https:\/\/i0.wp.com\/idnu.ch\/wordpress\/wp-content\/uploads\/2024\/10\/camargue-20240927-58-Bearbeitet.jpg?fit=750%2C500&#038;ssl=1\" src=\"https:\/\/i0.wp.com\/idnu.ch\/wordpress\/wp-content\/uploads\/2024\/10\/camargue-20240927-58-Bearbeitet.jpg?w=245&#038;h=164&#038;ssl=1\" srcset=\"https:\/\/i0.wp.com\/idnu.ch\/wordpress\/wp-content\/uploads\/2024\/10\/camargue-20240927-58-Bearbeitet.jpg?w=1240&amp;ssl=1 1240w, https:\/\/i0.wp.com\/idnu.ch\/wordpress\/wp-content\/uploads\/2024\/10\/camargue-20240927-58-Bearbeitet.jpg?resize=300%2C200&amp;ssl=1 300w, https:\/\/i0.wp.com\/idnu.ch\/wordpress\/wp-content\/uploads\/2024\/10\/camargue-20240927-58-Bearbeitet.jpg?resize=1024%2C683&amp;ssl=1 1024w, https:\/\/i0.wp.com\/idnu.ch\/wordpress\/wp-content\/uploads\/2024\/10\/camargue-20240927-58-Bearbeitet.jpg?resize=768%2C512&amp;ssl=1 768w, https:\/\/i0.wp.com\/idnu.ch\/wordpress\/wp-content\/uploads\/2024\/10\/camargue-20240927-58-Bearbeitet.jpg?resize=150%2C100&amp;ssl=1 150w\" width=\"245\" height=\"164\" loading=\"lazy\" data-original-width=\"245\" data-original-height=\"164\" itemprop=\"http:\/\/schema.org\/image\" title=\"M\u00e4nnchen der Brillengrasm\u00fccke\" alt=\"M\u00e4nnchen der Brillengrasm\u00fccke\" style=\"width: 245px; height: 164px;\" \/> <\/a> <div class=\"tiled-gallery-caption\" itemprop=\"caption description\"> M\u00e4nnchen der Brillengrasm\u00fccke <\/div> <\/div> <div class=\"tiled-gallery-item tiled-gallery-item-small\" itemprop=\"associatedMedia\" itemscope itemtype=\"http:\/\/schema.org\/ImageObject\"> <a href=\"https:\/\/idnu.ch\/wordpress\/camargue-land-zwischen-himmel-und-wasser\/camargue-20240927-62-bearbeitet\/#main\" border=\"0\" itemprop=\"url\"> <meta itemprop=\"width\" content=\"245\"> <meta itemprop=\"height\" content=\"163\"> <img decoding=\"async\" class=\"\" data-attachment-id=\"26676\" data-orig-file=\"https:\/\/idnu.ch\/wordpress\/wp-content\/uploads\/2024\/10\/camargue-20240927-62-Bearbeitet.jpg\" data-orig-size=\"1240,827\" data-comments-opened=\"1\" data-image-meta=\"{&quot;aperture&quot;:&quot;6.3&quot;,&quot;credit&quot;:&quot;Urs Kyburz&quot;,&quot;camera&quot;:&quot;Canon EOS R6m2&quot;,&quot;caption&quot;:&quot;&quot;,&quot;created_timestamp&quot;:&quot;1727426138&quot;,&quot;copyright&quot;:&quot;All rights reserved&quot;,&quot;focal_length&quot;:&quot;700&quot;,&quot;iso&quot;:&quot;1250&quot;,&quot;shutter_speed&quot;:&quot;0.0005&quot;,&quot;title&quot;:&quot;&quot;,&quot;orientation&quot;:&quot;0&quot;}\" data-image-title=\"Auch ein Weibchen der Brillengrasm\u00fccke war zugegen\" data-image-description=\"\" data-medium-file=\"https:\/\/i0.wp.com\/idnu.ch\/wordpress\/wp-content\/uploads\/2024\/10\/camargue-20240927-62-Bearbeitet.jpg?fit=300%2C200&#038;ssl=1\" data-large-file=\"https:\/\/i0.wp.com\/idnu.ch\/wordpress\/wp-content\/uploads\/2024\/10\/camargue-20240927-62-Bearbeitet.jpg?fit=750%2C500&#038;ssl=1\" src=\"https:\/\/i0.wp.com\/idnu.ch\/wordpress\/wp-content\/uploads\/2024\/10\/camargue-20240927-62-Bearbeitet.jpg?w=245&#038;h=163&#038;ssl=1\" srcset=\"https:\/\/i0.wp.com\/idnu.ch\/wordpress\/wp-content\/uploads\/2024\/10\/camargue-20240927-62-Bearbeitet.jpg?w=1240&amp;ssl=1 1240w, https:\/\/i0.wp.com\/idnu.ch\/wordpress\/wp-content\/uploads\/2024\/10\/camargue-20240927-62-Bearbeitet.jpg?resize=300%2C200&amp;ssl=1 300w, https:\/\/i0.wp.com\/idnu.ch\/wordpress\/wp-content\/uploads\/2024\/10\/camargue-20240927-62-Bearbeitet.jpg?resize=1024%2C683&amp;ssl=1 1024w, https:\/\/i0.wp.com\/idnu.ch\/wordpress\/wp-content\/uploads\/2024\/10\/camargue-20240927-62-Bearbeitet.jpg?resize=768%2C512&amp;ssl=1 768w, https:\/\/i0.wp.com\/idnu.ch\/wordpress\/wp-content\/uploads\/2024\/10\/camargue-20240927-62-Bearbeitet.jpg?resize=150%2C100&amp;ssl=1 150w\" width=\"245\" height=\"163\" loading=\"lazy\" data-original-width=\"245\" data-original-height=\"163\" itemprop=\"http:\/\/schema.org\/image\" title=\"Auch ein Weibchen der Brillengrasm\u00fccke war zugegen\" alt=\"Auch ein Weibchen der Brillengrasm\u00fccke war zugegen\" style=\"width: 245px; height: 163px;\" \/> <\/a> <div class=\"tiled-gallery-caption\" itemprop=\"caption description\"> Auch ein Weibchen der Brillengrasm\u00fccke war zugegen <\/div> <\/div> <\/div> <!-- close group --> <\/div> <!-- close row --> <\/div>\n<h3>Die &#8222;Coastline&#8220;<\/h3>\n<p>An der K\u00fcste sieht man um diese Jahreszeit zuverl\u00e4ssig die Steinw\u00e4lzer. Brandseeschwalben pendeln zwischen dem \u00c9tang und dem Meer, wo sie nach Fischen tauchen. Mittelmeer- und Lachm\u00f6wen sind ebenfalls immer pr\u00e4sent.<\/p>\n<div class=\"tiled-gallery type-rectangular tiled-gallery-unresized\" data-original-width=\"750\" data-carousel-extra='{&quot;blog_id&quot;:1,&quot;permalink&quot;:&quot;https:\\\/\\\/idnu.ch\\\/wordpress\\\/camargue-land-zwischen-himmel-und-wasser\\\/&quot;,&quot;likes_blog_id&quot;:100184974}' itemscope itemtype=\"http:\/\/schema.org\/ImageGallery\" > <div class=\"gallery-row\" style=\"width: 750px; height: 335px;\" data-original-width=\"750\" data-original-height=\"335\" > <div class=\"gallery-group images-1\" style=\"width: 501px; height: 335px;\" data-original-width=\"501\" data-original-height=\"335\" > <div class=\"tiled-gallery-item tiled-gallery-item-large\" itemprop=\"associatedMedia\" itemscope itemtype=\"http:\/\/schema.org\/ImageObject\"> <a href=\"https:\/\/idnu.ch\/wordpress\/camargue-land-zwischen-himmel-und-wasser\/camargue-20240921-104-bearbeitet\/#main\" border=\"0\" itemprop=\"url\"> <meta itemprop=\"width\" content=\"497\"> <meta itemprop=\"height\" content=\"331\"> <img decoding=\"async\" class=\"\" data-attachment-id=\"26687\" data-orig-file=\"https:\/\/idnu.ch\/wordpress\/wp-content\/uploads\/2024\/10\/camargue-20240921-104-Bearbeitet.jpg\" data-orig-size=\"1240,827\" data-comments-opened=\"1\" data-image-meta=\"{&quot;aperture&quot;:&quot;8&quot;,&quot;credit&quot;:&quot;Urs Kyburz&quot;,&quot;camera&quot;:&quot;Canon EOS R6m2&quot;,&quot;caption&quot;:&quot;&quot;,&quot;created_timestamp&quot;:&quot;1726917507&quot;,&quot;copyright&quot;:&quot;All rights reserved&quot;,&quot;focal_length&quot;:&quot;420&quot;,&quot;iso&quot;:&quot;200&quot;,&quot;shutter_speed&quot;:&quot;0.0008&quot;,&quot;title&quot;:&quot;&quot;,&quot;orientation&quot;:&quot;0&quot;}\" data-image-title=\"Junge Mittelmeerm\u00f6wen\" data-image-description=\"\" data-medium-file=\"https:\/\/i0.wp.com\/idnu.ch\/wordpress\/wp-content\/uploads\/2024\/10\/camargue-20240921-104-Bearbeitet.jpg?fit=300%2C200&#038;ssl=1\" data-large-file=\"https:\/\/i0.wp.com\/idnu.ch\/wordpress\/wp-content\/uploads\/2024\/10\/camargue-20240921-104-Bearbeitet.jpg?fit=750%2C500&#038;ssl=1\" src=\"https:\/\/i0.wp.com\/idnu.ch\/wordpress\/wp-content\/uploads\/2024\/10\/camargue-20240921-104-Bearbeitet.jpg?w=497&#038;h=331&#038;ssl=1\" srcset=\"https:\/\/i0.wp.com\/idnu.ch\/wordpress\/wp-content\/uploads\/2024\/10\/camargue-20240921-104-Bearbeitet.jpg?w=1240&amp;ssl=1 1240w, https:\/\/i0.wp.com\/idnu.ch\/wordpress\/wp-content\/uploads\/2024\/10\/camargue-20240921-104-Bearbeitet.jpg?resize=300%2C200&amp;ssl=1 300w, https:\/\/i0.wp.com\/idnu.ch\/wordpress\/wp-content\/uploads\/2024\/10\/camargue-20240921-104-Bearbeitet.jpg?resize=1024%2C683&amp;ssl=1 1024w, https:\/\/i0.wp.com\/idnu.ch\/wordpress\/wp-content\/uploads\/2024\/10\/camargue-20240921-104-Bearbeitet.jpg?resize=768%2C512&amp;ssl=1 768w, https:\/\/i0.wp.com\/idnu.ch\/wordpress\/wp-content\/uploads\/2024\/10\/camargue-20240921-104-Bearbeitet.jpg?resize=150%2C100&amp;ssl=1 150w\" width=\"497\" height=\"331\" loading=\"lazy\" data-original-width=\"497\" data-original-height=\"331\" itemprop=\"http:\/\/schema.org\/image\" title=\"Junge Mittelmeerm\u00f6wen\" alt=\"Junge Mittelmeerm\u00f6wen\" style=\"width: 497px; height: 331px;\" \/> <\/a> <div class=\"tiled-gallery-caption\" itemprop=\"caption description\"> Junge Mittelmeerm\u00f6wen <\/div> <\/div> <\/div> <!-- close group --> <div class=\"gallery-group images-2\" style=\"width: 249px; height: 335px;\" data-original-width=\"249\" data-original-height=\"335\" > <div class=\"tiled-gallery-item tiled-gallery-item-small\" itemprop=\"associatedMedia\" itemscope itemtype=\"http:\/\/schema.org\/ImageObject\"> <a href=\"https:\/\/idnu.ch\/wordpress\/camargue-land-zwischen-himmel-und-wasser\/camargue-20240921-134-bearbeitet\/#main\" border=\"0\" itemprop=\"url\"> <meta itemprop=\"width\" content=\"245\"> <meta itemprop=\"height\" content=\"164\"> <img decoding=\"async\" class=\"\" data-attachment-id=\"26688\" data-orig-file=\"https:\/\/idnu.ch\/wordpress\/wp-content\/uploads\/2024\/10\/camargue-20240921-134-Bearbeitet.jpg\" data-orig-size=\"1240,827\" data-comments-opened=\"1\" data-image-meta=\"{&quot;aperture&quot;:&quot;11&quot;,&quot;credit&quot;:&quot;Urs Kyburz&quot;,&quot;camera&quot;:&quot;Canon EOS R6m2&quot;,&quot;caption&quot;:&quot;&quot;,&quot;created_timestamp&quot;:&quot;1726919611&quot;,&quot;copyright&quot;:&quot;All rights reserved&quot;,&quot;focal_length&quot;:&quot;700&quot;,&quot;iso&quot;:&quot;500&quot;,&quot;shutter_speed&quot;:&quot;0.0008&quot;,&quot;title&quot;:&quot;&quot;,&quot;orientation&quot;:&quot;0&quot;}\" data-image-title=\"Steinw\u00e4lzer im Flug\" data-image-description=\"\" data-medium-file=\"https:\/\/i0.wp.com\/idnu.ch\/wordpress\/wp-content\/uploads\/2024\/10\/camargue-20240921-134-Bearbeitet.jpg?fit=300%2C200&#038;ssl=1\" data-large-file=\"https:\/\/i0.wp.com\/idnu.ch\/wordpress\/wp-content\/uploads\/2024\/10\/camargue-20240921-134-Bearbeitet.jpg?fit=750%2C500&#038;ssl=1\" src=\"https:\/\/i0.wp.com\/idnu.ch\/wordpress\/wp-content\/uploads\/2024\/10\/camargue-20240921-134-Bearbeitet.jpg?w=245&#038;h=164&#038;ssl=1\" srcset=\"https:\/\/i0.wp.com\/idnu.ch\/wordpress\/wp-content\/uploads\/2024\/10\/camargue-20240921-134-Bearbeitet.jpg?w=1240&amp;ssl=1 1240w, https:\/\/i0.wp.com\/idnu.ch\/wordpress\/wp-content\/uploads\/2024\/10\/camargue-20240921-134-Bearbeitet.jpg?resize=300%2C200&amp;ssl=1 300w, https:\/\/i0.wp.com\/idnu.ch\/wordpress\/wp-content\/uploads\/2024\/10\/camargue-20240921-134-Bearbeitet.jpg?resize=1024%2C683&amp;ssl=1 1024w, https:\/\/i0.wp.com\/idnu.ch\/wordpress\/wp-content\/uploads\/2024\/10\/camargue-20240921-134-Bearbeitet.jpg?resize=768%2C512&amp;ssl=1 768w, https:\/\/i0.wp.com\/idnu.ch\/wordpress\/wp-content\/uploads\/2024\/10\/camargue-20240921-134-Bearbeitet.jpg?resize=150%2C100&amp;ssl=1 150w\" width=\"245\" height=\"164\" loading=\"lazy\" data-original-width=\"245\" data-original-height=\"164\" itemprop=\"http:\/\/schema.org\/image\" title=\"Steinw\u00e4lzer im Flug\" alt=\"Steinw\u00e4lzer im Flug\" style=\"width: 245px; height: 164px;\" \/> <\/a> <div class=\"tiled-gallery-caption\" itemprop=\"caption description\"> Steinw\u00e4lzer im Flug <\/div> <\/div> <div class=\"tiled-gallery-item tiled-gallery-item-small\" itemprop=\"associatedMedia\" itemscope itemtype=\"http:\/\/schema.org\/ImageObject\"> <a href=\"https:\/\/idnu.ch\/wordpress\/camargue-land-zwischen-himmel-und-wasser\/camargue-20240921-147-bearbeitet\/#main\" border=\"0\" itemprop=\"url\"> <meta itemprop=\"width\" content=\"245\"> <meta itemprop=\"height\" content=\"163\"> <img decoding=\"async\" class=\"\" data-attachment-id=\"26689\" data-orig-file=\"https:\/\/idnu.ch\/wordpress\/wp-content\/uploads\/2024\/10\/camargue-20240921-147-Bearbeitet.jpg\" data-orig-size=\"1240,827\" data-comments-opened=\"1\" data-image-meta=\"{&quot;aperture&quot;:&quot;8&quot;,&quot;credit&quot;:&quot;Urs Kyburz&quot;,&quot;camera&quot;:&quot;Canon EOS R6m2&quot;,&quot;caption&quot;:&quot;&quot;,&quot;created_timestamp&quot;:&quot;1726920283&quot;,&quot;copyright&quot;:&quot;All rights reserved&quot;,&quot;focal_length&quot;:&quot;454&quot;,&quot;iso&quot;:&quot;320&quot;,&quot;shutter_speed&quot;:&quot;0.0008&quot;,&quot;title&quot;:&quot;&quot;,&quot;orientation&quot;:&quot;0&quot;}\" data-image-title=\"Brandseeschwalbe\" data-image-description=\"\" data-medium-file=\"https:\/\/i0.wp.com\/idnu.ch\/wordpress\/wp-content\/uploads\/2024\/10\/camargue-20240921-147-Bearbeitet.jpg?fit=300%2C200&#038;ssl=1\" data-large-file=\"https:\/\/i0.wp.com\/idnu.ch\/wordpress\/wp-content\/uploads\/2024\/10\/camargue-20240921-147-Bearbeitet.jpg?fit=750%2C500&#038;ssl=1\" src=\"https:\/\/i0.wp.com\/idnu.ch\/wordpress\/wp-content\/uploads\/2024\/10\/camargue-20240921-147-Bearbeitet.jpg?w=245&#038;h=163&#038;ssl=1\" srcset=\"https:\/\/i0.wp.com\/idnu.ch\/wordpress\/wp-content\/uploads\/2024\/10\/camargue-20240921-147-Bearbeitet.jpg?w=1240&amp;ssl=1 1240w, https:\/\/i0.wp.com\/idnu.ch\/wordpress\/wp-content\/uploads\/2024\/10\/camargue-20240921-147-Bearbeitet.jpg?resize=300%2C200&amp;ssl=1 300w, https:\/\/i0.wp.com\/idnu.ch\/wordpress\/wp-content\/uploads\/2024\/10\/camargue-20240921-147-Bearbeitet.jpg?resize=1024%2C683&amp;ssl=1 1024w, https:\/\/i0.wp.com\/idnu.ch\/wordpress\/wp-content\/uploads\/2024\/10\/camargue-20240921-147-Bearbeitet.jpg?resize=768%2C512&amp;ssl=1 768w, https:\/\/i0.wp.com\/idnu.ch\/wordpress\/wp-content\/uploads\/2024\/10\/camargue-20240921-147-Bearbeitet.jpg?resize=150%2C100&amp;ssl=1 150w\" width=\"245\" height=\"163\" loading=\"lazy\" data-original-width=\"245\" data-original-height=\"163\" itemprop=\"http:\/\/schema.org\/image\" title=\"Brandseeschwalbe\" alt=\"Brandseeschwalbe\" style=\"width: 245px; height: 163px;\" \/> <\/a> <div class=\"tiled-gallery-caption\" itemprop=\"caption description\"> Brandseeschwalbe <\/div> <\/div> <\/div> <!-- close group --> <\/div> <!-- close row --> <div class=\"gallery-row\" style=\"width: 750px; height: 126px;\" data-original-width=\"750\" data-original-height=\"126\" > <div class=\"gallery-group images-1\" style=\"width: 188px; height: 126px;\" data-original-width=\"188\" data-original-height=\"126\" > <div class=\"tiled-gallery-item tiled-gallery-item-small\" itemprop=\"associatedMedia\" itemscope itemtype=\"http:\/\/schema.org\/ImageObject\"> <a href=\"https:\/\/idnu.ch\/wordpress\/camargue-land-zwischen-himmel-und-wasser\/camargue-20240921-362-bearbeitet\/#main\" border=\"0\" itemprop=\"url\"> <meta itemprop=\"width\" content=\"184\"> <meta itemprop=\"height\" content=\"122\"> <img decoding=\"async\" class=\"\" data-attachment-id=\"26691\" data-orig-file=\"https:\/\/idnu.ch\/wordpress\/wp-content\/uploads\/2024\/10\/camargue-20240921-362-Bearbeitet.jpg\" data-orig-size=\"1240,827\" data-comments-opened=\"1\" data-image-meta=\"{&quot;aperture&quot;:&quot;7.1&quot;,&quot;credit&quot;:&quot;Urs Kyburz&quot;,&quot;camera&quot;:&quot;Canon EOS R6m2&quot;,&quot;caption&quot;:&quot;&quot;,&quot;created_timestamp&quot;:&quot;1726939380&quot;,&quot;copyright&quot;:&quot;All rights reserved&quot;,&quot;focal_length&quot;:&quot;500&quot;,&quot;iso&quot;:&quot;3200&quot;,&quot;shutter_speed&quot;:&quot;0.001&quot;,&quot;title&quot;:&quot;&quot;,&quot;orientation&quot;:&quot;0&quot;}\" data-image-title=\"Der Steinw\u00e4lzer findet etwas Fressbares\" data-image-description=\"\" data-medium-file=\"https:\/\/i0.wp.com\/idnu.ch\/wordpress\/wp-content\/uploads\/2024\/10\/camargue-20240921-362-Bearbeitet.jpg?fit=300%2C200&#038;ssl=1\" data-large-file=\"https:\/\/i0.wp.com\/idnu.ch\/wordpress\/wp-content\/uploads\/2024\/10\/camargue-20240921-362-Bearbeitet.jpg?fit=750%2C500&#038;ssl=1\" src=\"https:\/\/i0.wp.com\/idnu.ch\/wordpress\/wp-content\/uploads\/2024\/10\/camargue-20240921-362-Bearbeitet.jpg?w=184&#038;h=122&#038;ssl=1\" srcset=\"https:\/\/i0.wp.com\/idnu.ch\/wordpress\/wp-content\/uploads\/2024\/10\/camargue-20240921-362-Bearbeitet.jpg?w=1240&amp;ssl=1 1240w, https:\/\/i0.wp.com\/idnu.ch\/wordpress\/wp-content\/uploads\/2024\/10\/camargue-20240921-362-Bearbeitet.jpg?resize=300%2C200&amp;ssl=1 300w, https:\/\/i0.wp.com\/idnu.ch\/wordpress\/wp-content\/uploads\/2024\/10\/camargue-20240921-362-Bearbeitet.jpg?resize=1024%2C683&amp;ssl=1 1024w, https:\/\/i0.wp.com\/idnu.ch\/wordpress\/wp-content\/uploads\/2024\/10\/camargue-20240921-362-Bearbeitet.jpg?resize=768%2C512&amp;ssl=1 768w, https:\/\/i0.wp.com\/idnu.ch\/wordpress\/wp-content\/uploads\/2024\/10\/camargue-20240921-362-Bearbeitet.jpg?resize=150%2C100&amp;ssl=1 150w\" width=\"184\" height=\"122\" loading=\"lazy\" data-original-width=\"184\" data-original-height=\"122\" itemprop=\"http:\/\/schema.org\/image\" title=\"Der Steinw\u00e4lzer findet etwas Fressbares\" alt=\"Der Steinw\u00e4lzer findet etwas Fressbares\" style=\"width: 184px; height: 122px;\" \/> <\/a> <div class=\"tiled-gallery-caption\" itemprop=\"caption description\"> Der Steinw\u00e4lzer findet etwas Fressbares <\/div> <\/div> <\/div> <!-- close group --> <div class=\"gallery-group images-1\" style=\"width: 188px; height: 126px;\" data-original-width=\"188\" data-original-height=\"126\" > <div class=\"tiled-gallery-item tiled-gallery-item-small\" itemprop=\"associatedMedia\" itemscope itemtype=\"http:\/\/schema.org\/ImageObject\"> <a href=\"https:\/\/idnu.ch\/wordpress\/camargue-land-zwischen-himmel-und-wasser\/camargue-20240926-80-bearbeitet\/#main\" border=\"0\" itemprop=\"url\"> <meta itemprop=\"width\" content=\"184\"> <meta itemprop=\"height\" content=\"122\"> <img decoding=\"async\" class=\"\" data-attachment-id=\"26692\" data-orig-file=\"https:\/\/idnu.ch\/wordpress\/wp-content\/uploads\/2024\/10\/camargue-20240926-80-Bearbeitet.jpg\" data-orig-size=\"1240,827\" data-comments-opened=\"1\" data-image-meta=\"{&quot;aperture&quot;:&quot;7.1&quot;,&quot;credit&quot;:&quot;Urs Kyburz&quot;,&quot;camera&quot;:&quot;Canon EOS R6m2&quot;,&quot;caption&quot;:&quot;&quot;,&quot;created_timestamp&quot;:&quot;1727354562&quot;,&quot;copyright&quot;:&quot;All rights reserved&quot;,&quot;focal_length&quot;:&quot;500&quot;,&quot;iso&quot;:&quot;250&quot;,&quot;shutter_speed&quot;:&quot;0.000625&quot;,&quot;title&quot;:&quot;&quot;,&quot;orientation&quot;:&quot;0&quot;}\" data-image-title=\"Lachm\u00f6we\" data-image-description=\"\" data-medium-file=\"https:\/\/i0.wp.com\/idnu.ch\/wordpress\/wp-content\/uploads\/2024\/10\/camargue-20240926-80-Bearbeitet.jpg?fit=300%2C200&#038;ssl=1\" data-large-file=\"https:\/\/i0.wp.com\/idnu.ch\/wordpress\/wp-content\/uploads\/2024\/10\/camargue-20240926-80-Bearbeitet.jpg?fit=750%2C500&#038;ssl=1\" src=\"https:\/\/i0.wp.com\/idnu.ch\/wordpress\/wp-content\/uploads\/2024\/10\/camargue-20240926-80-Bearbeitet.jpg?w=184&#038;h=122&#038;ssl=1\" srcset=\"https:\/\/i0.wp.com\/idnu.ch\/wordpress\/wp-content\/uploads\/2024\/10\/camargue-20240926-80-Bearbeitet.jpg?w=1240&amp;ssl=1 1240w, https:\/\/i0.wp.com\/idnu.ch\/wordpress\/wp-content\/uploads\/2024\/10\/camargue-20240926-80-Bearbeitet.jpg?resize=300%2C200&amp;ssl=1 300w, https:\/\/i0.wp.com\/idnu.ch\/wordpress\/wp-content\/uploads\/2024\/10\/camargue-20240926-80-Bearbeitet.jpg?resize=1024%2C683&amp;ssl=1 1024w, https:\/\/i0.wp.com\/idnu.ch\/wordpress\/wp-content\/uploads\/2024\/10\/camargue-20240926-80-Bearbeitet.jpg?resize=768%2C512&amp;ssl=1 768w, https:\/\/i0.wp.com\/idnu.ch\/wordpress\/wp-content\/uploads\/2024\/10\/camargue-20240926-80-Bearbeitet.jpg?resize=150%2C100&amp;ssl=1 150w\" width=\"184\" height=\"122\" loading=\"lazy\" data-original-width=\"184\" data-original-height=\"122\" itemprop=\"http:\/\/schema.org\/image\" title=\"Lachm\u00f6we\" alt=\"Lachm\u00f6we\" style=\"width: 184px; height: 122px;\" \/> <\/a> <div class=\"tiled-gallery-caption\" itemprop=\"caption description\"> Lachm\u00f6we <\/div> <\/div> <\/div> <!-- close group --> <div class=\"gallery-group images-1\" style=\"width: 187px; height: 126px;\" data-original-width=\"187\" data-original-height=\"126\" > <div class=\"tiled-gallery-item tiled-gallery-item-small\" itemprop=\"associatedMedia\" itemscope itemtype=\"http:\/\/schema.org\/ImageObject\"> <a href=\"https:\/\/idnu.ch\/wordpress\/camargue-land-zwischen-himmel-und-wasser\/camargue-20240927-42-bearbeitet\/#main\" border=\"0\" itemprop=\"url\"> <meta itemprop=\"width\" content=\"183\"> <meta itemprop=\"height\" content=\"122\"> <img decoding=\"async\" class=\"\" data-attachment-id=\"26693\" data-orig-file=\"https:\/\/idnu.ch\/wordpress\/wp-content\/uploads\/2024\/10\/camargue-20240927-42-Bearbeitet.jpg\" data-orig-size=\"1240,827\" data-comments-opened=\"1\" data-image-meta=\"{&quot;aperture&quot;:&quot;6.3&quot;,&quot;credit&quot;:&quot;Urs Kyburz&quot;,&quot;camera&quot;:&quot;Canon EOS R6m2&quot;,&quot;caption&quot;:&quot;&quot;,&quot;created_timestamp&quot;:&quot;1727424120&quot;,&quot;copyright&quot;:&quot;All rights reserved&quot;,&quot;focal_length&quot;:&quot;700&quot;,&quot;iso&quot;:&quot;2500&quot;,&quot;shutter_speed&quot;:&quot;0.0005&quot;,&quot;title&quot;:&quot;&quot;,&quot;orientation&quot;:&quot;0&quot;}\" data-image-title=\"Steinw\u00e4lzer\" data-image-description=\"\" data-medium-file=\"https:\/\/i0.wp.com\/idnu.ch\/wordpress\/wp-content\/uploads\/2024\/10\/camargue-20240927-42-Bearbeitet.jpg?fit=300%2C200&#038;ssl=1\" data-large-file=\"https:\/\/i0.wp.com\/idnu.ch\/wordpress\/wp-content\/uploads\/2024\/10\/camargue-20240927-42-Bearbeitet.jpg?fit=750%2C500&#038;ssl=1\" src=\"https:\/\/i0.wp.com\/idnu.ch\/wordpress\/wp-content\/uploads\/2024\/10\/camargue-20240927-42-Bearbeitet.jpg?w=183&#038;h=122&#038;ssl=1\" srcset=\"https:\/\/i0.wp.com\/idnu.ch\/wordpress\/wp-content\/uploads\/2024\/10\/camargue-20240927-42-Bearbeitet.jpg?w=1240&amp;ssl=1 1240w, https:\/\/i0.wp.com\/idnu.ch\/wordpress\/wp-content\/uploads\/2024\/10\/camargue-20240927-42-Bearbeitet.jpg?resize=300%2C200&amp;ssl=1 300w, https:\/\/i0.wp.com\/idnu.ch\/wordpress\/wp-content\/uploads\/2024\/10\/camargue-20240927-42-Bearbeitet.jpg?resize=1024%2C683&amp;ssl=1 1024w, https:\/\/i0.wp.com\/idnu.ch\/wordpress\/wp-content\/uploads\/2024\/10\/camargue-20240927-42-Bearbeitet.jpg?resize=768%2C512&amp;ssl=1 768w, https:\/\/i0.wp.com\/idnu.ch\/wordpress\/wp-content\/uploads\/2024\/10\/camargue-20240927-42-Bearbeitet.jpg?resize=150%2C100&amp;ssl=1 150w\" width=\"183\" height=\"122\" loading=\"lazy\" data-original-width=\"183\" data-original-height=\"122\" itemprop=\"http:\/\/schema.org\/image\" title=\"Steinw\u00e4lzer\" alt=\"Steinw\u00e4lzer\" style=\"width: 183px; height: 122px;\" \/> <\/a> <div class=\"tiled-gallery-caption\" itemprop=\"caption description\"> Steinw\u00e4lzer <\/div> <\/div> <\/div> <!-- close group --> <div class=\"gallery-group images-1\" style=\"width: 187px; height: 126px;\" data-original-width=\"187\" data-original-height=\"126\" > <div class=\"tiled-gallery-item tiled-gallery-item-small\" itemprop=\"associatedMedia\" itemscope itemtype=\"http:\/\/schema.org\/ImageObject\"> <a href=\"https:\/\/idnu.ch\/wordpress\/camargue-land-zwischen-himmel-und-wasser\/camargue-20240921-348-bearbeitet\/#main\" border=\"0\" itemprop=\"url\"> <meta itemprop=\"width\" content=\"183\"> <meta itemprop=\"height\" content=\"122\"> <img decoding=\"async\" class=\"\" data-attachment-id=\"26690\" data-orig-file=\"https:\/\/idnu.ch\/wordpress\/wp-content\/uploads\/2024\/10\/camargue-20240921-348-Bearbeitet.jpg\" data-orig-size=\"1240,827\" data-comments-opened=\"1\" data-image-meta=\"{&quot;aperture&quot;:&quot;7.1&quot;,&quot;credit&quot;:&quot;Urs Kyburz&quot;,&quot;camera&quot;:&quot;Canon EOS R6m2&quot;,&quot;caption&quot;:&quot;&quot;,&quot;created_timestamp&quot;:&quot;1726939360&quot;,&quot;copyright&quot;:&quot;All rights reserved&quot;,&quot;focal_length&quot;:&quot;500&quot;,&quot;iso&quot;:&quot;4000&quot;,&quot;shutter_speed&quot;:&quot;0.001&quot;,&quot;title&quot;:&quot;&quot;,&quot;orientation&quot;:&quot;0&quot;}\" data-image-title=\"Steinw\u00e4lzer\" data-image-description=\"\" data-medium-file=\"https:\/\/i0.wp.com\/idnu.ch\/wordpress\/wp-content\/uploads\/2024\/10\/camargue-20240921-348-Bearbeitet.jpg?fit=300%2C200&#038;ssl=1\" data-large-file=\"https:\/\/i0.wp.com\/idnu.ch\/wordpress\/wp-content\/uploads\/2024\/10\/camargue-20240921-348-Bearbeitet.jpg?fit=750%2C500&#038;ssl=1\" src=\"https:\/\/i0.wp.com\/idnu.ch\/wordpress\/wp-content\/uploads\/2024\/10\/camargue-20240921-348-Bearbeitet.jpg?w=183&#038;h=122&#038;ssl=1\" srcset=\"https:\/\/i0.wp.com\/idnu.ch\/wordpress\/wp-content\/uploads\/2024\/10\/camargue-20240921-348-Bearbeitet.jpg?w=1240&amp;ssl=1 1240w, https:\/\/i0.wp.com\/idnu.ch\/wordpress\/wp-content\/uploads\/2024\/10\/camargue-20240921-348-Bearbeitet.jpg?resize=300%2C200&amp;ssl=1 300w, https:\/\/i0.wp.com\/idnu.ch\/wordpress\/wp-content\/uploads\/2024\/10\/camargue-20240921-348-Bearbeitet.jpg?resize=1024%2C683&amp;ssl=1 1024w, https:\/\/i0.wp.com\/idnu.ch\/wordpress\/wp-content\/uploads\/2024\/10\/camargue-20240921-348-Bearbeitet.jpg?resize=768%2C512&amp;ssl=1 768w, https:\/\/i0.wp.com\/idnu.ch\/wordpress\/wp-content\/uploads\/2024\/10\/camargue-20240921-348-Bearbeitet.jpg?resize=150%2C100&amp;ssl=1 150w\" width=\"183\" height=\"122\" loading=\"lazy\" data-original-width=\"183\" data-original-height=\"122\" itemprop=\"http:\/\/schema.org\/image\" title=\"Steinw\u00e4lzer\" alt=\"Steinw\u00e4lzer\" style=\"width: 183px; height: 122px;\" \/> <\/a> <div class=\"tiled-gallery-caption\" itemprop=\"caption description\"> Steinw\u00e4lzer <\/div> <\/div> <\/div> <!-- close group --> <\/div> <!-- close row --> <\/div>\n<figure id=\"attachment_26715\" aria-describedby=\"caption-attachment-26715\" style=\"width: 1240px\" class=\"wp-caption alignnone\"><a href=\"https:\/\/i0.wp.com\/idnu.ch\/wordpress\/wp-content\/uploads\/2024\/10\/camargue-20240923-40-Bearbeitet.jpg?ssl=1\"><img data-recalc-dims=\"1\" loading=\"lazy\" decoding=\"async\" data-attachment-id=\"26715\" data-permalink=\"https:\/\/idnu.ch\/wordpress\/camargue-land-zwischen-himmel-und-wasser\/camargue-20240923-40-bearbeitet\/#main\" data-orig-file=\"https:\/\/i0.wp.com\/idnu.ch\/wordpress\/wp-content\/uploads\/2024\/10\/camargue-20240923-40-Bearbeitet.jpg?fit=1240%2C827&amp;ssl=1\" data-orig-size=\"1240,827\" data-comments-opened=\"1\" data-image-meta=\"{&quot;aperture&quot;:&quot;8&quot;,&quot;credit&quot;:&quot;Urs Kyburz&quot;,&quot;camera&quot;:&quot;Canon EOS R6m2&quot;,&quot;caption&quot;:&quot;&quot;,&quot;created_timestamp&quot;:&quot;1727071871&quot;,&quot;copyright&quot;:&quot;All rights reserved&quot;,&quot;focal_length&quot;:&quot;363&quot;,&quot;iso&quot;:&quot;100&quot;,&quot;shutter_speed&quot;:&quot;0.0015625&quot;,&quot;title&quot;:&quot;&quot;,&quot;orientation&quot;:&quot;0&quot;}\" data-image-title=\"&amp;#8222;Coastline&amp;#8220; im Morgenlicht\" data-image-description=\"\" data-image-caption=\"&lt;p&gt;&amp;#8222;Coastline&amp;#8220; im Morgenlicht&lt;\/p&gt;\n\" data-large-file=\"https:\/\/i0.wp.com\/idnu.ch\/wordpress\/wp-content\/uploads\/2024\/10\/camargue-20240923-40-Bearbeitet.jpg?fit=750%2C500&amp;ssl=1\" class=\"size-full wp-image-26715\" src=\"https:\/\/i0.wp.com\/idnu.ch\/wordpress\/wp-content\/uploads\/2024\/10\/camargue-20240923-40-Bearbeitet.jpg?resize=750%2C500&#038;ssl=1\" alt=\"\" width=\"750\" height=\"500\" srcset=\"https:\/\/i0.wp.com\/idnu.ch\/wordpress\/wp-content\/uploads\/2024\/10\/camargue-20240923-40-Bearbeitet.jpg?w=1240&amp;ssl=1 1240w, https:\/\/i0.wp.com\/idnu.ch\/wordpress\/wp-content\/uploads\/2024\/10\/camargue-20240923-40-Bearbeitet.jpg?resize=300%2C200&amp;ssl=1 300w, https:\/\/i0.wp.com\/idnu.ch\/wordpress\/wp-content\/uploads\/2024\/10\/camargue-20240923-40-Bearbeitet.jpg?resize=1024%2C683&amp;ssl=1 1024w, https:\/\/i0.wp.com\/idnu.ch\/wordpress\/wp-content\/uploads\/2024\/10\/camargue-20240923-40-Bearbeitet.jpg?resize=768%2C512&amp;ssl=1 768w, https:\/\/i0.wp.com\/idnu.ch\/wordpress\/wp-content\/uploads\/2024\/10\/camargue-20240923-40-Bearbeitet.jpg?resize=150%2C100&amp;ssl=1 150w\" sizes=\"auto, (max-width: 750px) 100vw, 750px\" \/><\/a><figcaption id=\"caption-attachment-26715\" class=\"wp-caption-text\">&#8222;Coastline&#8220; im Morgenlicht<\/figcaption><\/figure>\n<p>Bassins de D\u00e9cantation:<br \/>\n<a href=\"https:\/\/birdingplaces.eu\/de\/birdingplaces\/france\/bassins-de-decantation-stes-maries-de-la-mer\" target=\"_blank\" rel=\"noopener\">birdingplaces.eu\/de\/birdingplaces\/france\/bassins-de-decantation-stes-maries-de-la-mer<\/a><\/p>\n<p>&#8222;Coastline&#8220;:<br \/>\n<a href=\"https:\/\/birdingplaces.eu\/de\/birdingplaces\/france\/camargue-coastline-saint-maries-de-la-mer\" target=\"_blank\" rel=\"noopener\">birdingplaces.eu\/de\/birdingplaces\/france\/camargue-coastline-saint-maries-de-la-mer<\/a><br \/>\n<iframe loading=\"lazy\" style=\"border: 0;\" src=\"https:\/\/www.google.com\/maps\/embed?pb=!1m14!1m12!1m3!1d5792.519186155645!2d4.4512501281945305!3d43.46056779892322!2m3!1f0!2f0!3f0!3m2!1i1024!2i768!4f13.1!5e0!3m2!1sde!2sch!4v1728829954391!5m2!1sde!2sch\" width=\"600\" height=\"450\" allowfullscreen=\"allowfullscreen\"><\/iframe><\/p>\n<h2>Im Parc ornithologique Pont de Gau<\/h2>\n<p>Den Park hatten wir vor 16 Jahren bereits besucht, da erkl\u00e4rte uns Silvan die Flamingos:<\/p>\n<figure id=\"attachment_26695\" aria-describedby=\"caption-attachment-26695\" style=\"width: 1024px\" class=\"wp-caption alignnone\"><a href=\"https:\/\/i0.wp.com\/idnu.ch\/wordpress\/wp-content\/uploads\/2024\/10\/camargue_0114.jpg?ssl=1\"><img data-recalc-dims=\"1\" loading=\"lazy\" decoding=\"async\" data-attachment-id=\"26695\" data-permalink=\"https:\/\/idnu.ch\/wordpress\/camargue-land-zwischen-himmel-und-wasser\/camargue_0114\/#main\" data-orig-file=\"https:\/\/i0.wp.com\/idnu.ch\/wordpress\/wp-content\/uploads\/2024\/10\/camargue_0114.jpg?fit=1024%2C768&amp;ssl=1\" data-orig-size=\"1024,768\" data-comments-opened=\"1\" data-image-meta=\"{&quot;aperture&quot;:&quot;3.5&quot;,&quot;credit&quot;:&quot;&quot;,&quot;camera&quot;:&quot;Canon PowerShot A710 IS&quot;,&quot;caption&quot;:&quot;&quot;,&quot;created_timestamp&quot;:&quot;1223545214&quot;,&quot;copyright&quot;:&quot;&quot;,&quot;focal_length&quot;:&quot;11.546&quot;,&quot;iso&quot;:&quot;0&quot;,&quot;shutter_speed&quot;:&quot;0.0015625&quot;,&quot;title&quot;:&quot;&quot;,&quot;orientation&quot;:&quot;1&quot;}\" data-image-title=\"Silvan erkl\u00e4rt uns die Flamingos\" data-image-description=\"\" data-image-caption=\"&lt;p&gt;Silvan erkl\u00e4rt uns die Flamingos&lt;\/p&gt;\n\" data-large-file=\"https:\/\/i0.wp.com\/idnu.ch\/wordpress\/wp-content\/uploads\/2024\/10\/camargue_0114.jpg?fit=750%2C563&amp;ssl=1\" class=\"size-full wp-image-26695\" src=\"https:\/\/i0.wp.com\/idnu.ch\/wordpress\/wp-content\/uploads\/2024\/10\/camargue_0114.jpg?resize=750%2C563&#038;ssl=1\" alt=\"\" width=\"750\" height=\"563\" srcset=\"https:\/\/i0.wp.com\/idnu.ch\/wordpress\/wp-content\/uploads\/2024\/10\/camargue_0114.jpg?w=1024&amp;ssl=1 1024w, https:\/\/i0.wp.com\/idnu.ch\/wordpress\/wp-content\/uploads\/2024\/10\/camargue_0114.jpg?resize=300%2C225&amp;ssl=1 300w, https:\/\/i0.wp.com\/idnu.ch\/wordpress\/wp-content\/uploads\/2024\/10\/camargue_0114.jpg?resize=768%2C576&amp;ssl=1 768w, https:\/\/i0.wp.com\/idnu.ch\/wordpress\/wp-content\/uploads\/2024\/10\/camargue_0114.jpg?resize=720%2C540&amp;ssl=1 720w, https:\/\/i0.wp.com\/idnu.ch\/wordpress\/wp-content\/uploads\/2024\/10\/camargue_0114.jpg?resize=133%2C100&amp;ssl=1 133w\" sizes=\"auto, (max-width: 750px) 100vw, 750px\" \/><\/a><figcaption id=\"caption-attachment-26695\" class=\"wp-caption-text\">Silvan erkl\u00e4rt uns die Flamingos<\/figcaption><\/figure>\n<p>Er ist sehr gut mit Kindern machbar, man kommt hier den Flamingos so nahe wie sonst nirgends. Dies auch als Tipp an die vielen Camarguebesucher, die uns fragten, wo man Flamingos sehen kann (Spoiler: \u00dcberall, an jedem Gew\u00e4sser, man muss nur die Augen \u00f6ffnen).<\/p>\n<div class=\"tiled-gallery type-rectangular tiled-gallery-unresized\" data-original-width=\"750\" data-carousel-extra='{&quot;blog_id&quot;:1,&quot;permalink&quot;:&quot;https:\\\/\\\/idnu.ch\\\/wordpress\\\/camargue-land-zwischen-himmel-und-wasser\\\/&quot;,&quot;likes_blog_id&quot;:100184974}' itemscope itemtype=\"http:\/\/schema.org\/ImageGallery\" > <div class=\"gallery-row\" style=\"width: 750px; height: 335px;\" data-original-width=\"750\" data-original-height=\"335\" > <div class=\"gallery-group images-1\" style=\"width: 501px; height: 335px;\" data-original-width=\"501\" data-original-height=\"335\" > <div class=\"tiled-gallery-item tiled-gallery-item-large\" itemprop=\"associatedMedia\" itemscope itemtype=\"http:\/\/schema.org\/ImageObject\"> <a href=\"https:\/\/idnu.ch\/wordpress\/camargue-land-zwischen-himmel-und-wasser\/camargue-20240923-49-bearbeitet\/#main\" border=\"0\" itemprop=\"url\"> <meta itemprop=\"width\" content=\"497\"> <meta itemprop=\"height\" content=\"331\"> <img decoding=\"async\" class=\"\" data-attachment-id=\"26701\" data-orig-file=\"https:\/\/idnu.ch\/wordpress\/wp-content\/uploads\/2024\/10\/camargue-20240923-49-Bearbeitet.jpg\" data-orig-size=\"1240,827\" data-comments-opened=\"1\" data-image-meta=\"{&quot;aperture&quot;:&quot;11&quot;,&quot;credit&quot;:&quot;Urs Kyburz&quot;,&quot;camera&quot;:&quot;Canon EOS 5D Mark IV&quot;,&quot;caption&quot;:&quot;&quot;,&quot;created_timestamp&quot;:&quot;1727078401&quot;,&quot;copyright&quot;:&quot;Copyright Urs Kyburz (2019)&quot;,&quot;focal_length&quot;:&quot;35&quot;,&quot;iso&quot;:&quot;100&quot;,&quot;shutter_speed&quot;:&quot;0.025&quot;,&quot;title&quot;:&quot;&quot;,&quot;orientation&quot;:&quot;0&quot;}\" data-image-title=\"\" data-image-description=\"\" data-medium-file=\"https:\/\/i0.wp.com\/idnu.ch\/wordpress\/wp-content\/uploads\/2024\/10\/camargue-20240923-49-Bearbeitet.jpg?fit=300%2C200&#038;ssl=1\" data-large-file=\"https:\/\/i0.wp.com\/idnu.ch\/wordpress\/wp-content\/uploads\/2024\/10\/camargue-20240923-49-Bearbeitet.jpg?fit=750%2C500&#038;ssl=1\" src=\"https:\/\/i0.wp.com\/idnu.ch\/wordpress\/wp-content\/uploads\/2024\/10\/camargue-20240923-49-Bearbeitet.jpg?w=497&#038;h=331&#038;ssl=1\" srcset=\"https:\/\/i0.wp.com\/idnu.ch\/wordpress\/wp-content\/uploads\/2024\/10\/camargue-20240923-49-Bearbeitet.jpg?w=1240&amp;ssl=1 1240w, https:\/\/i0.wp.com\/idnu.ch\/wordpress\/wp-content\/uploads\/2024\/10\/camargue-20240923-49-Bearbeitet.jpg?resize=300%2C200&amp;ssl=1 300w, https:\/\/i0.wp.com\/idnu.ch\/wordpress\/wp-content\/uploads\/2024\/10\/camargue-20240923-49-Bearbeitet.jpg?resize=1024%2C683&amp;ssl=1 1024w, https:\/\/i0.wp.com\/idnu.ch\/wordpress\/wp-content\/uploads\/2024\/10\/camargue-20240923-49-Bearbeitet.jpg?resize=768%2C512&amp;ssl=1 768w, https:\/\/i0.wp.com\/idnu.ch\/wordpress\/wp-content\/uploads\/2024\/10\/camargue-20240923-49-Bearbeitet.jpg?resize=150%2C100&amp;ssl=1 150w\" width=\"497\" height=\"331\" loading=\"lazy\" data-original-width=\"497\" data-original-height=\"331\" itemprop=\"http:\/\/schema.org\/image\" title=\"\" alt=\"\" style=\"width: 497px; height: 331px;\" \/> <\/a> <\/div> <\/div> <!-- close group --> <div class=\"gallery-group images-2\" style=\"width: 249px; height: 335px;\" data-original-width=\"249\" data-original-height=\"335\" > <div class=\"tiled-gallery-item tiled-gallery-item-small\" itemprop=\"associatedMedia\" itemscope itemtype=\"http:\/\/schema.org\/ImageObject\"> <a href=\"https:\/\/idnu.ch\/wordpress\/camargue-land-zwischen-himmel-und-wasser\/camargue-20240923-51-bearbeitet\/#main\" border=\"0\" itemprop=\"url\"> <meta itemprop=\"width\" content=\"245\"> <meta itemprop=\"height\" content=\"164\"> <img decoding=\"async\" class=\"\" data-attachment-id=\"26702\" data-orig-file=\"https:\/\/idnu.ch\/wordpress\/wp-content\/uploads\/2024\/10\/camargue-20240923-51-Bearbeitet.jpg\" data-orig-size=\"1240,827\" data-comments-opened=\"1\" data-image-meta=\"{&quot;aperture&quot;:&quot;5.6&quot;,&quot;credit&quot;:&quot;Urs Kyburz&quot;,&quot;camera&quot;:&quot;Canon EOS R6m2&quot;,&quot;caption&quot;:&quot;&quot;,&quot;created_timestamp&quot;:&quot;1727078505&quot;,&quot;copyright&quot;:&quot;All rights reserved&quot;,&quot;focal_length&quot;:&quot;270&quot;,&quot;iso&quot;:&quot;160&quot;,&quot;shutter_speed&quot;:&quot;0.001&quot;,&quot;title&quot;:&quot;&quot;,&quot;orientation&quot;:&quot;0&quot;}\" data-image-title=\"\" data-image-description=\"\" data-medium-file=\"https:\/\/i0.wp.com\/idnu.ch\/wordpress\/wp-content\/uploads\/2024\/10\/camargue-20240923-51-Bearbeitet.jpg?fit=300%2C200&#038;ssl=1\" data-large-file=\"https:\/\/i0.wp.com\/idnu.ch\/wordpress\/wp-content\/uploads\/2024\/10\/camargue-20240923-51-Bearbeitet.jpg?fit=750%2C500&#038;ssl=1\" src=\"https:\/\/i0.wp.com\/idnu.ch\/wordpress\/wp-content\/uploads\/2024\/10\/camargue-20240923-51-Bearbeitet.jpg?w=245&#038;h=164&#038;ssl=1\" srcset=\"https:\/\/i0.wp.com\/idnu.ch\/wordpress\/wp-content\/uploads\/2024\/10\/camargue-20240923-51-Bearbeitet.jpg?w=1240&amp;ssl=1 1240w, https:\/\/i0.wp.com\/idnu.ch\/wordpress\/wp-content\/uploads\/2024\/10\/camargue-20240923-51-Bearbeitet.jpg?resize=300%2C200&amp;ssl=1 300w, https:\/\/i0.wp.com\/idnu.ch\/wordpress\/wp-content\/uploads\/2024\/10\/camargue-20240923-51-Bearbeitet.jpg?resize=1024%2C683&amp;ssl=1 1024w, https:\/\/i0.wp.com\/idnu.ch\/wordpress\/wp-content\/uploads\/2024\/10\/camargue-20240923-51-Bearbeitet.jpg?resize=768%2C512&amp;ssl=1 768w, https:\/\/i0.wp.com\/idnu.ch\/wordpress\/wp-content\/uploads\/2024\/10\/camargue-20240923-51-Bearbeitet.jpg?resize=150%2C100&amp;ssl=1 150w\" width=\"245\" height=\"164\" loading=\"lazy\" data-original-width=\"245\" data-original-height=\"164\" itemprop=\"http:\/\/schema.org\/image\" title=\"\" alt=\"\" style=\"width: 245px; height: 164px;\" \/> <\/a> <\/div> <div class=\"tiled-gallery-item tiled-gallery-item-small\" itemprop=\"associatedMedia\" itemscope itemtype=\"http:\/\/schema.org\/ImageObject\"> <a href=\"https:\/\/idnu.ch\/wordpress\/camargue-land-zwischen-himmel-und-wasser\/camargue-20240923-75-bearbeitet\/#main\" border=\"0\" itemprop=\"url\"> <meta itemprop=\"width\" content=\"245\"> <meta itemprop=\"height\" content=\"163\"> <img decoding=\"async\" class=\"\" data-attachment-id=\"26703\" data-orig-file=\"https:\/\/idnu.ch\/wordpress\/wp-content\/uploads\/2024\/10\/camargue-20240923-75-Bearbeitet.jpg\" data-orig-size=\"1240,827\" data-comments-opened=\"1\" data-image-meta=\"{&quot;aperture&quot;:&quot;11&quot;,&quot;credit&quot;:&quot;Urs Kyburz&quot;,&quot;camera&quot;:&quot;Canon EOS 5D Mark IV&quot;,&quot;caption&quot;:&quot;&quot;,&quot;created_timestamp&quot;:&quot;1727079581&quot;,&quot;copyright&quot;:&quot;Copyright Urs Kyburz (2019)&quot;,&quot;focal_length&quot;:&quot;32&quot;,&quot;iso&quot;:&quot;100&quot;,&quot;shutter_speed&quot;:&quot;0.01&quot;,&quot;title&quot;:&quot;&quot;,&quot;orientation&quot;:&quot;0&quot;}\" data-image-title=\"\" data-image-description=\"\" data-medium-file=\"https:\/\/i0.wp.com\/idnu.ch\/wordpress\/wp-content\/uploads\/2024\/10\/camargue-20240923-75-Bearbeitet.jpg?fit=300%2C200&#038;ssl=1\" data-large-file=\"https:\/\/i0.wp.com\/idnu.ch\/wordpress\/wp-content\/uploads\/2024\/10\/camargue-20240923-75-Bearbeitet.jpg?fit=750%2C500&#038;ssl=1\" src=\"https:\/\/i0.wp.com\/idnu.ch\/wordpress\/wp-content\/uploads\/2024\/10\/camargue-20240923-75-Bearbeitet.jpg?w=245&#038;h=163&#038;ssl=1\" srcset=\"https:\/\/i0.wp.com\/idnu.ch\/wordpress\/wp-content\/uploads\/2024\/10\/camargue-20240923-75-Bearbeitet.jpg?w=1240&amp;ssl=1 1240w, https:\/\/i0.wp.com\/idnu.ch\/wordpress\/wp-content\/uploads\/2024\/10\/camargue-20240923-75-Bearbeitet.jpg?resize=300%2C200&amp;ssl=1 300w, https:\/\/i0.wp.com\/idnu.ch\/wordpress\/wp-content\/uploads\/2024\/10\/camargue-20240923-75-Bearbeitet.jpg?resize=1024%2C683&amp;ssl=1 1024w, https:\/\/i0.wp.com\/idnu.ch\/wordpress\/wp-content\/uploads\/2024\/10\/camargue-20240923-75-Bearbeitet.jpg?resize=768%2C512&amp;ssl=1 768w, https:\/\/i0.wp.com\/idnu.ch\/wordpress\/wp-content\/uploads\/2024\/10\/camargue-20240923-75-Bearbeitet.jpg?resize=150%2C100&amp;ssl=1 150w\" width=\"245\" height=\"163\" loading=\"lazy\" data-original-width=\"245\" data-original-height=\"163\" itemprop=\"http:\/\/schema.org\/image\" title=\"\" alt=\"\" style=\"width: 245px; height: 163px;\" \/> <\/a> <\/div> <\/div> <!-- close group --> <\/div> <!-- close row --> <div class=\"gallery-row\" style=\"width: 750px; height: 231px;\" data-original-width=\"750\" data-original-height=\"231\" > <div class=\"gallery-group images-1\" style=\"width: 344px; height: 231px;\" data-original-width=\"344\" data-original-height=\"231\" > <div class=\"tiled-gallery-item tiled-gallery-item-large\" itemprop=\"associatedMedia\" itemscope itemtype=\"http:\/\/schema.org\/ImageObject\"> <a href=\"https:\/\/idnu.ch\/wordpress\/camargue-land-zwischen-himmel-und-wasser\/camargue-20240923-104-bearbeitet\/#main\" border=\"0\" itemprop=\"url\"> <meta itemprop=\"width\" content=\"340\"> <meta itemprop=\"height\" content=\"227\"> <img decoding=\"async\" class=\"\" data-attachment-id=\"26704\" data-orig-file=\"https:\/\/idnu.ch\/wordpress\/wp-content\/uploads\/2024\/10\/camargue-20240923-104-Bearbeitet.jpg\" data-orig-size=\"1240,827\" data-comments-opened=\"1\" data-image-meta=\"{&quot;aperture&quot;:&quot;13&quot;,&quot;credit&quot;:&quot;Urs Kyburz&quot;,&quot;camera&quot;:&quot;Canon EOS 5D Mark IV&quot;,&quot;caption&quot;:&quot;&quot;,&quot;created_timestamp&quot;:&quot;1727081815&quot;,&quot;copyright&quot;:&quot;Copyright Urs Kyburz (2019)&quot;,&quot;focal_length&quot;:&quot;24&quot;,&quot;iso&quot;:&quot;100&quot;,&quot;shutter_speed&quot;:&quot;0.01&quot;,&quot;title&quot;:&quot;&quot;,&quot;orientation&quot;:&quot;0&quot;}\" data-image-title=\"\" data-image-description=\"\" data-medium-file=\"https:\/\/i0.wp.com\/idnu.ch\/wordpress\/wp-content\/uploads\/2024\/10\/camargue-20240923-104-Bearbeitet.jpg?fit=300%2C200&#038;ssl=1\" data-large-file=\"https:\/\/i0.wp.com\/idnu.ch\/wordpress\/wp-content\/uploads\/2024\/10\/camargue-20240923-104-Bearbeitet.jpg?fit=750%2C500&#038;ssl=1\" src=\"https:\/\/i0.wp.com\/idnu.ch\/wordpress\/wp-content\/uploads\/2024\/10\/camargue-20240923-104-Bearbeitet.jpg?w=340&#038;h=227&#038;ssl=1\" srcset=\"https:\/\/i0.wp.com\/idnu.ch\/wordpress\/wp-content\/uploads\/2024\/10\/camargue-20240923-104-Bearbeitet.jpg?w=1240&amp;ssl=1 1240w, https:\/\/i0.wp.com\/idnu.ch\/wordpress\/wp-content\/uploads\/2024\/10\/camargue-20240923-104-Bearbeitet.jpg?resize=300%2C200&amp;ssl=1 300w, https:\/\/i0.wp.com\/idnu.ch\/wordpress\/wp-content\/uploads\/2024\/10\/camargue-20240923-104-Bearbeitet.jpg?resize=1024%2C683&amp;ssl=1 1024w, https:\/\/i0.wp.com\/idnu.ch\/wordpress\/wp-content\/uploads\/2024\/10\/camargue-20240923-104-Bearbeitet.jpg?resize=768%2C512&amp;ssl=1 768w, https:\/\/i0.wp.com\/idnu.ch\/wordpress\/wp-content\/uploads\/2024\/10\/camargue-20240923-104-Bearbeitet.jpg?resize=150%2C100&amp;ssl=1 150w\" width=\"340\" height=\"227\" loading=\"lazy\" data-original-width=\"340\" data-original-height=\"227\" itemprop=\"http:\/\/schema.org\/image\" title=\"\" alt=\"\" style=\"width: 340px; height: 227px;\" \/> <\/a> <\/div> <\/div> <!-- close group --> <div class=\"gallery-group images-1\" style=\"width: 406px; height: 231px;\" data-original-width=\"406\" data-original-height=\"231\" > <div class=\"tiled-gallery-item tiled-gallery-item-large\" itemprop=\"associatedMedia\" itemscope itemtype=\"http:\/\/schema.org\/ImageObject\"> <a href=\"https:\/\/idnu.ch\/wordpress\/camargue-land-zwischen-himmel-und-wasser\/camargue-20240923-268-bearbeitet\/#main\" border=\"0\" itemprop=\"url\"> <meta itemprop=\"width\" content=\"402\"> <meta itemprop=\"height\" content=\"227\"> <img decoding=\"async\" class=\"\" data-attachment-id=\"26705\" data-orig-file=\"https:\/\/idnu.ch\/wordpress\/wp-content\/uploads\/2024\/10\/camargue-20240923-268-Bearbeitet.jpg\" data-orig-size=\"1240,698\" data-comments-opened=\"1\" data-image-meta=\"{&quot;aperture&quot;:&quot;8&quot;,&quot;credit&quot;:&quot;Urs Kyburz&quot;,&quot;camera&quot;:&quot;Canon EOS R6m2&quot;,&quot;caption&quot;:&quot;&quot;,&quot;created_timestamp&quot;:&quot;1727097515&quot;,&quot;copyright&quot;:&quot;All rights reserved&quot;,&quot;focal_length&quot;:&quot;500&quot;,&quot;iso&quot;:&quot;500&quot;,&quot;shutter_speed&quot;:&quot;0.001&quot;,&quot;title&quot;:&quot;&quot;,&quot;orientation&quot;:&quot;0&quot;}\" data-image-title=\"Vom Bistro aus zu beobachten: Kuhreiher\" data-image-description=\"\" data-medium-file=\"https:\/\/i0.wp.com\/idnu.ch\/wordpress\/wp-content\/uploads\/2024\/10\/camargue-20240923-268-Bearbeitet.jpg?fit=300%2C169&#038;ssl=1\" data-large-file=\"https:\/\/i0.wp.com\/idnu.ch\/wordpress\/wp-content\/uploads\/2024\/10\/camargue-20240923-268-Bearbeitet.jpg?fit=750%2C422&#038;ssl=1\" src=\"https:\/\/i0.wp.com\/idnu.ch\/wordpress\/wp-content\/uploads\/2024\/10\/camargue-20240923-268-Bearbeitet.jpg?w=402&#038;h=227&#038;ssl=1\" srcset=\"https:\/\/i0.wp.com\/idnu.ch\/wordpress\/wp-content\/uploads\/2024\/10\/camargue-20240923-268-Bearbeitet.jpg?w=1240&amp;ssl=1 1240w, https:\/\/i0.wp.com\/idnu.ch\/wordpress\/wp-content\/uploads\/2024\/10\/camargue-20240923-268-Bearbeitet.jpg?resize=300%2C169&amp;ssl=1 300w, https:\/\/i0.wp.com\/idnu.ch\/wordpress\/wp-content\/uploads\/2024\/10\/camargue-20240923-268-Bearbeitet.jpg?resize=1024%2C576&amp;ssl=1 1024w, https:\/\/i0.wp.com\/idnu.ch\/wordpress\/wp-content\/uploads\/2024\/10\/camargue-20240923-268-Bearbeitet.jpg?resize=768%2C432&amp;ssl=1 768w, https:\/\/i0.wp.com\/idnu.ch\/wordpress\/wp-content\/uploads\/2024\/10\/camargue-20240923-268-Bearbeitet.jpg?resize=178%2C100&amp;ssl=1 178w\" width=\"402\" height=\"227\" loading=\"lazy\" data-original-width=\"402\" data-original-height=\"227\" itemprop=\"http:\/\/schema.org\/image\" title=\"Vom Bistro aus zu beobachten: Kuhreiher\" alt=\"Vom Bistro aus zu beobachten: Kuhreiher\" style=\"width: 402px; height: 227px;\" \/> <\/a> <div class=\"tiled-gallery-caption\" itemprop=\"caption description\"> Vom Bistro aus zu beobachten: Kuhreiher <\/div> <\/div> <\/div> <!-- close group --> <\/div> <!-- close row --> <\/div>\n<p>Im Gegensatz zu einem Zoo sind hier die Tiere, vornehmlich V\u00f6gel, nicht eingesperrt, sondern k\u00f6nnen frei zirkulieren. Der Vorteil ist, dass sie sich Menschen gew\u00f6hnt sind, man sie also von nahem anschauen kann. Dies ist besonders f\u00fcr Kinder spannend. Tafeln in franz\u00f6sisch und englisch liefern Hintergrundinformationen. Von verschiedenen Hides aus k\u00f6nnen die V\u00f6gel beobachtet werden. Die Hauptattraktion hier sind nat\u00fcrlich die Flamingos, aber auch verschiedene Reiherarten lassen sich hier blicken. F\u00fcr den normalen Besucher sind die Limikolen wohl von untergeordnetem Interesse, hingegen finden Ornithologen bei der Runde um den grossen Teich Erf\u00fcllung. Wir konnten S\u00e4belschn\u00e4bler, Kampfl\u00e4ufer, Rotschenkel, Dunkle Wasserl\u00e4ufer, Uferschnepfe und andere vermerken.<\/p>\n<div class=\"tiled-gallery type-rectangular tiled-gallery-unresized\" data-original-width=\"750\" data-carousel-extra='{&quot;blog_id&quot;:1,&quot;permalink&quot;:&quot;https:\\\/\\\/idnu.ch\\\/wordpress\\\/camargue-land-zwischen-himmel-und-wasser\\\/&quot;,&quot;likes_blog_id&quot;:100184974}' itemscope itemtype=\"http:\/\/schema.org\/ImageGallery\" > <div class=\"gallery-row\" style=\"width: 750px; height: 335px;\" data-original-width=\"750\" data-original-height=\"335\" > <div class=\"gallery-group images-1\" style=\"width: 501px; height: 335px;\" data-original-width=\"501\" data-original-height=\"335\" > <div class=\"tiled-gallery-item tiled-gallery-item-large\" itemprop=\"associatedMedia\" itemscope itemtype=\"http:\/\/schema.org\/ImageObject\"> <a href=\"https:\/\/idnu.ch\/wordpress\/camargue-land-zwischen-himmel-und-wasser\/camargue-20240923-212-bearbeitet\/#main\" border=\"0\" itemprop=\"url\"> <meta itemprop=\"width\" content=\"497\"> <meta itemprop=\"height\" content=\"331\"> <img decoding=\"async\" class=\"\" data-attachment-id=\"26709\" data-orig-file=\"https:\/\/idnu.ch\/wordpress\/wp-content\/uploads\/2024\/10\/camargue-20240923-212-Bearbeitet.jpg\" data-orig-size=\"1240,827\" data-comments-opened=\"1\" data-image-meta=\"{&quot;aperture&quot;:&quot;11&quot;,&quot;credit&quot;:&quot;Urs Kyburz&quot;,&quot;camera&quot;:&quot;Canon EOS 5D Mark IV&quot;,&quot;caption&quot;:&quot;&quot;,&quot;created_timestamp&quot;:&quot;1727089626&quot;,&quot;copyright&quot;:&quot;Copyright Urs Kyburz (2019)&quot;,&quot;focal_length&quot;:&quot;24&quot;,&quot;iso&quot;:&quot;100&quot;,&quot;shutter_speed&quot;:&quot;0.016666666666667&quot;,&quot;title&quot;:&quot;&quot;,&quot;orientation&quot;:&quot;0&quot;}\" data-image-title=\"Um den grossen Teich\" data-image-description=\"\" data-medium-file=\"https:\/\/i0.wp.com\/idnu.ch\/wordpress\/wp-content\/uploads\/2024\/10\/camargue-20240923-212-Bearbeitet.jpg?fit=300%2C200&#038;ssl=1\" data-large-file=\"https:\/\/i0.wp.com\/idnu.ch\/wordpress\/wp-content\/uploads\/2024\/10\/camargue-20240923-212-Bearbeitet.jpg?fit=750%2C500&#038;ssl=1\" src=\"https:\/\/i0.wp.com\/idnu.ch\/wordpress\/wp-content\/uploads\/2024\/10\/camargue-20240923-212-Bearbeitet.jpg?w=497&#038;h=331&#038;ssl=1\" srcset=\"https:\/\/i0.wp.com\/idnu.ch\/wordpress\/wp-content\/uploads\/2024\/10\/camargue-20240923-212-Bearbeitet.jpg?w=1240&amp;ssl=1 1240w, https:\/\/i0.wp.com\/idnu.ch\/wordpress\/wp-content\/uploads\/2024\/10\/camargue-20240923-212-Bearbeitet.jpg?resize=300%2C200&amp;ssl=1 300w, https:\/\/i0.wp.com\/idnu.ch\/wordpress\/wp-content\/uploads\/2024\/10\/camargue-20240923-212-Bearbeitet.jpg?resize=1024%2C683&amp;ssl=1 1024w, https:\/\/i0.wp.com\/idnu.ch\/wordpress\/wp-content\/uploads\/2024\/10\/camargue-20240923-212-Bearbeitet.jpg?resize=768%2C512&amp;ssl=1 768w, https:\/\/i0.wp.com\/idnu.ch\/wordpress\/wp-content\/uploads\/2024\/10\/camargue-20240923-212-Bearbeitet.jpg?resize=150%2C100&amp;ssl=1 150w\" width=\"497\" height=\"331\" loading=\"lazy\" data-original-width=\"497\" data-original-height=\"331\" itemprop=\"http:\/\/schema.org\/image\" title=\"Um den grossen Teich\" alt=\"Um den grossen Teich\" style=\"width: 497px; height: 331px;\" \/> <\/a> <div class=\"tiled-gallery-caption\" itemprop=\"caption description\"> Um den grossen Teich <\/div> <\/div> <\/div> <!-- close group --> <div class=\"gallery-group images-2\" style=\"width: 249px; height: 335px;\" data-original-width=\"249\" data-original-height=\"335\" > <div class=\"tiled-gallery-item tiled-gallery-item-small\" itemprop=\"associatedMedia\" itemscope itemtype=\"http:\/\/schema.org\/ImageObject\"> <a href=\"https:\/\/idnu.ch\/wordpress\/camargue-land-zwischen-himmel-und-wasser\/camargue-20240923-213-bearbeitet\/#main\" border=\"0\" itemprop=\"url\"> <meta itemprop=\"width\" content=\"245\"> <meta itemprop=\"height\" content=\"164\"> <img decoding=\"async\" class=\"\" data-attachment-id=\"26710\" data-orig-file=\"https:\/\/idnu.ch\/wordpress\/wp-content\/uploads\/2024\/10\/camargue-20240923-213-Bearbeitet.jpg\" data-orig-size=\"1240,827\" data-comments-opened=\"1\" data-image-meta=\"{&quot;aperture&quot;:&quot;11&quot;,&quot;credit&quot;:&quot;Urs Kyburz&quot;,&quot;camera&quot;:&quot;Canon EOS 5D Mark IV&quot;,&quot;caption&quot;:&quot;&quot;,&quot;created_timestamp&quot;:&quot;1727089631&quot;,&quot;copyright&quot;:&quot;Copyright Urs Kyburz (2019)&quot;,&quot;focal_length&quot;:&quot;24&quot;,&quot;iso&quot;:&quot;100&quot;,&quot;shutter_speed&quot;:&quot;0.01&quot;,&quot;title&quot;:&quot;&quot;,&quot;orientation&quot;:&quot;0&quot;}\" data-image-title=\"Gut ausgebaute Wege\" data-image-description=\"\" data-medium-file=\"https:\/\/i0.wp.com\/idnu.ch\/wordpress\/wp-content\/uploads\/2024\/10\/camargue-20240923-213-Bearbeitet.jpg?fit=300%2C200&#038;ssl=1\" data-large-file=\"https:\/\/i0.wp.com\/idnu.ch\/wordpress\/wp-content\/uploads\/2024\/10\/camargue-20240923-213-Bearbeitet.jpg?fit=750%2C500&#038;ssl=1\" src=\"https:\/\/i0.wp.com\/idnu.ch\/wordpress\/wp-content\/uploads\/2024\/10\/camargue-20240923-213-Bearbeitet.jpg?w=245&#038;h=164&#038;ssl=1\" srcset=\"https:\/\/i0.wp.com\/idnu.ch\/wordpress\/wp-content\/uploads\/2024\/10\/camargue-20240923-213-Bearbeitet.jpg?w=1240&amp;ssl=1 1240w, https:\/\/i0.wp.com\/idnu.ch\/wordpress\/wp-content\/uploads\/2024\/10\/camargue-20240923-213-Bearbeitet.jpg?resize=300%2C200&amp;ssl=1 300w, https:\/\/i0.wp.com\/idnu.ch\/wordpress\/wp-content\/uploads\/2024\/10\/camargue-20240923-213-Bearbeitet.jpg?resize=1024%2C683&amp;ssl=1 1024w, https:\/\/i0.wp.com\/idnu.ch\/wordpress\/wp-content\/uploads\/2024\/10\/camargue-20240923-213-Bearbeitet.jpg?resize=768%2C512&amp;ssl=1 768w, https:\/\/i0.wp.com\/idnu.ch\/wordpress\/wp-content\/uploads\/2024\/10\/camargue-20240923-213-Bearbeitet.jpg?resize=150%2C100&amp;ssl=1 150w\" width=\"245\" height=\"164\" loading=\"lazy\" data-original-width=\"245\" data-original-height=\"164\" itemprop=\"http:\/\/schema.org\/image\" title=\"Gut ausgebaute Wege\" alt=\"Gut ausgebaute Wege\" style=\"width: 245px; height: 164px;\" \/> <\/a> <div class=\"tiled-gallery-caption\" itemprop=\"caption description\"> Gut ausgebaute Wege <\/div> <\/div> <div class=\"tiled-gallery-item tiled-gallery-item-small\" itemprop=\"associatedMedia\" itemscope itemtype=\"http:\/\/schema.org\/ImageObject\"> <a href=\"https:\/\/idnu.ch\/wordpress\/camargue-land-zwischen-himmel-und-wasser\/camargue-20240923-214-bearbeitet\/#main\" border=\"0\" itemprop=\"url\"> <meta itemprop=\"width\" content=\"245\"> <meta itemprop=\"height\" content=\"163\"> <img decoding=\"async\" class=\"\" data-attachment-id=\"26711\" data-orig-file=\"https:\/\/idnu.ch\/wordpress\/wp-content\/uploads\/2024\/10\/camargue-20240923-214-Bearbeitet.jpg\" data-orig-size=\"1240,827\" data-comments-opened=\"1\" data-image-meta=\"{&quot;aperture&quot;:&quot;11&quot;,&quot;credit&quot;:&quot;Urs Kyburz&quot;,&quot;camera&quot;:&quot;Canon EOS 5D Mark IV&quot;,&quot;caption&quot;:&quot;&quot;,&quot;created_timestamp&quot;:&quot;1727089637&quot;,&quot;copyright&quot;:&quot;Copyright Urs Kyburz (2019)&quot;,&quot;focal_length&quot;:&quot;24&quot;,&quot;iso&quot;:&quot;100&quot;,&quot;shutter_speed&quot;:&quot;0.016666666666667&quot;,&quot;title&quot;:&quot;&quot;,&quot;orientation&quot;:&quot;0&quot;}\" data-image-title=\"\" data-image-description=\"\" data-medium-file=\"https:\/\/i0.wp.com\/idnu.ch\/wordpress\/wp-content\/uploads\/2024\/10\/camargue-20240923-214-Bearbeitet.jpg?fit=300%2C200&#038;ssl=1\" data-large-file=\"https:\/\/i0.wp.com\/idnu.ch\/wordpress\/wp-content\/uploads\/2024\/10\/camargue-20240923-214-Bearbeitet.jpg?fit=750%2C500&#038;ssl=1\" src=\"https:\/\/i0.wp.com\/idnu.ch\/wordpress\/wp-content\/uploads\/2024\/10\/camargue-20240923-214-Bearbeitet.jpg?w=245&#038;h=163&#038;ssl=1\" srcset=\"https:\/\/i0.wp.com\/idnu.ch\/wordpress\/wp-content\/uploads\/2024\/10\/camargue-20240923-214-Bearbeitet.jpg?w=1240&amp;ssl=1 1240w, https:\/\/i0.wp.com\/idnu.ch\/wordpress\/wp-content\/uploads\/2024\/10\/camargue-20240923-214-Bearbeitet.jpg?resize=300%2C200&amp;ssl=1 300w, https:\/\/i0.wp.com\/idnu.ch\/wordpress\/wp-content\/uploads\/2024\/10\/camargue-20240923-214-Bearbeitet.jpg?resize=1024%2C683&amp;ssl=1 1024w, https:\/\/i0.wp.com\/idnu.ch\/wordpress\/wp-content\/uploads\/2024\/10\/camargue-20240923-214-Bearbeitet.jpg?resize=768%2C512&amp;ssl=1 768w, https:\/\/i0.wp.com\/idnu.ch\/wordpress\/wp-content\/uploads\/2024\/10\/camargue-20240923-214-Bearbeitet.jpg?resize=150%2C100&amp;ssl=1 150w\" width=\"245\" height=\"163\" loading=\"lazy\" data-original-width=\"245\" data-original-height=\"163\" itemprop=\"http:\/\/schema.org\/image\" title=\"\" alt=\"\" style=\"width: 245px; height: 163px;\" \/> <\/a> <\/div> <\/div> <!-- close group --> <\/div> <!-- close row --> <div class=\"gallery-row\" style=\"width: 750px; height: 168px;\" data-original-width=\"750\" data-original-height=\"168\" > <div class=\"gallery-group images-1\" style=\"width: 250px; height: 168px;\" data-original-width=\"250\" data-original-height=\"168\" > <div class=\"tiled-gallery-item tiled-gallery-item-small\" itemprop=\"associatedMedia\" itemscope itemtype=\"http:\/\/schema.org\/ImageObject\"> <a href=\"https:\/\/idnu.ch\/wordpress\/camargue-land-zwischen-himmel-und-wasser\/camargue-20240923-147-bearbeitet\/#main\" border=\"0\" itemprop=\"url\"> <meta itemprop=\"width\" content=\"246\"> <meta itemprop=\"height\" content=\"164\"> <img decoding=\"async\" class=\"\" data-attachment-id=\"26706\" data-orig-file=\"https:\/\/idnu.ch\/wordpress\/wp-content\/uploads\/2024\/10\/camargue-20240923-147-Bearbeitet.jpg\" data-orig-size=\"1240,827\" data-comments-opened=\"1\" data-image-meta=\"{&quot;aperture&quot;:&quot;8&quot;,&quot;credit&quot;:&quot;Urs Kyburz&quot;,&quot;camera&quot;:&quot;Canon EOS R6m2&quot;,&quot;caption&quot;:&quot;&quot;,&quot;created_timestamp&quot;:&quot;1727088519&quot;,&quot;copyright&quot;:&quot;All rights reserved&quot;,&quot;focal_length&quot;:&quot;500&quot;,&quot;iso&quot;:&quot;400&quot;,&quot;shutter_speed&quot;:&quot;0.001&quot;,&quot;title&quot;:&quot;&quot;,&quot;orientation&quot;:&quot;0&quot;}\" data-image-title=\"Uferschnepfe\" data-image-description=\"\" data-medium-file=\"https:\/\/i0.wp.com\/idnu.ch\/wordpress\/wp-content\/uploads\/2024\/10\/camargue-20240923-147-Bearbeitet.jpg?fit=300%2C200&#038;ssl=1\" data-large-file=\"https:\/\/i0.wp.com\/idnu.ch\/wordpress\/wp-content\/uploads\/2024\/10\/camargue-20240923-147-Bearbeitet.jpg?fit=750%2C500&#038;ssl=1\" src=\"https:\/\/i0.wp.com\/idnu.ch\/wordpress\/wp-content\/uploads\/2024\/10\/camargue-20240923-147-Bearbeitet.jpg?w=246&#038;h=164&#038;ssl=1\" srcset=\"https:\/\/i0.wp.com\/idnu.ch\/wordpress\/wp-content\/uploads\/2024\/10\/camargue-20240923-147-Bearbeitet.jpg?w=1240&amp;ssl=1 1240w, https:\/\/i0.wp.com\/idnu.ch\/wordpress\/wp-content\/uploads\/2024\/10\/camargue-20240923-147-Bearbeitet.jpg?resize=300%2C200&amp;ssl=1 300w, https:\/\/i0.wp.com\/idnu.ch\/wordpress\/wp-content\/uploads\/2024\/10\/camargue-20240923-147-Bearbeitet.jpg?resize=1024%2C683&amp;ssl=1 1024w, https:\/\/i0.wp.com\/idnu.ch\/wordpress\/wp-content\/uploads\/2024\/10\/camargue-20240923-147-Bearbeitet.jpg?resize=768%2C512&amp;ssl=1 768w, https:\/\/i0.wp.com\/idnu.ch\/wordpress\/wp-content\/uploads\/2024\/10\/camargue-20240923-147-Bearbeitet.jpg?resize=150%2C100&amp;ssl=1 150w\" width=\"246\" height=\"164\" loading=\"lazy\" data-original-width=\"246\" data-original-height=\"164\" itemprop=\"http:\/\/schema.org\/image\" title=\"Uferschnepfe\" alt=\"Uferschnepfe\" style=\"width: 246px; height: 164px;\" \/> <\/a> <div class=\"tiled-gallery-caption\" itemprop=\"caption description\"> Uferschnepfe <\/div> <\/div> <\/div> <!-- close group --> <div class=\"gallery-group images-1\" style=\"width: 250px; height: 168px;\" data-original-width=\"250\" data-original-height=\"168\" > <div class=\"tiled-gallery-item tiled-gallery-item-small\" itemprop=\"associatedMedia\" itemscope itemtype=\"http:\/\/schema.org\/ImageObject\"> <a href=\"https:\/\/idnu.ch\/wordpress\/camargue-land-zwischen-himmel-und-wasser\/camargue-20240923-161-bearbeitet\/#main\" border=\"0\" itemprop=\"url\"> <meta itemprop=\"width\" content=\"246\"> <meta itemprop=\"height\" content=\"164\"> <img decoding=\"async\" class=\"\" data-attachment-id=\"26707\" data-orig-file=\"https:\/\/idnu.ch\/wordpress\/wp-content\/uploads\/2024\/10\/camargue-20240923-161-Bearbeitet.jpg\" data-orig-size=\"1240,827\" data-comments-opened=\"1\" data-image-meta=\"{&quot;aperture&quot;:&quot;7.1&quot;,&quot;credit&quot;:&quot;Urs Kyburz&quot;,&quot;camera&quot;:&quot;Canon EOS R6m2&quot;,&quot;caption&quot;:&quot;&quot;,&quot;created_timestamp&quot;:&quot;1727088692&quot;,&quot;copyright&quot;:&quot;All rights reserved&quot;,&quot;focal_length&quot;:&quot;500&quot;,&quot;iso&quot;:&quot;500&quot;,&quot;shutter_speed&quot;:&quot;0.001&quot;,&quot;title&quot;:&quot;&quot;,&quot;orientation&quot;:&quot;0&quot;}\" data-image-title=\"Rotschenkel\" data-image-description=\"\" data-medium-file=\"https:\/\/i0.wp.com\/idnu.ch\/wordpress\/wp-content\/uploads\/2024\/10\/camargue-20240923-161-Bearbeitet.jpg?fit=300%2C200&#038;ssl=1\" data-large-file=\"https:\/\/i0.wp.com\/idnu.ch\/wordpress\/wp-content\/uploads\/2024\/10\/camargue-20240923-161-Bearbeitet.jpg?fit=750%2C500&#038;ssl=1\" src=\"https:\/\/i0.wp.com\/idnu.ch\/wordpress\/wp-content\/uploads\/2024\/10\/camargue-20240923-161-Bearbeitet.jpg?w=246&#038;h=164&#038;ssl=1\" srcset=\"https:\/\/i0.wp.com\/idnu.ch\/wordpress\/wp-content\/uploads\/2024\/10\/camargue-20240923-161-Bearbeitet.jpg?w=1240&amp;ssl=1 1240w, https:\/\/i0.wp.com\/idnu.ch\/wordpress\/wp-content\/uploads\/2024\/10\/camargue-20240923-161-Bearbeitet.jpg?resize=300%2C200&amp;ssl=1 300w, https:\/\/i0.wp.com\/idnu.ch\/wordpress\/wp-content\/uploads\/2024\/10\/camargue-20240923-161-Bearbeitet.jpg?resize=1024%2C683&amp;ssl=1 1024w, https:\/\/i0.wp.com\/idnu.ch\/wordpress\/wp-content\/uploads\/2024\/10\/camargue-20240923-161-Bearbeitet.jpg?resize=768%2C512&amp;ssl=1 768w, https:\/\/i0.wp.com\/idnu.ch\/wordpress\/wp-content\/uploads\/2024\/10\/camargue-20240923-161-Bearbeitet.jpg?resize=150%2C100&amp;ssl=1 150w\" width=\"246\" height=\"164\" loading=\"lazy\" data-original-width=\"246\" data-original-height=\"164\" itemprop=\"http:\/\/schema.org\/image\" title=\"Rotschenkel\" alt=\"Rotschenkel\" style=\"width: 246px; height: 164px;\" \/> <\/a> <div class=\"tiled-gallery-caption\" itemprop=\"caption description\"> Rotschenkel <\/div> <\/div> <\/div> <!-- close group --> <div class=\"gallery-group images-1\" style=\"width: 250px; height: 168px;\" data-original-width=\"250\" data-original-height=\"168\" > <div class=\"tiled-gallery-item tiled-gallery-item-small\" itemprop=\"associatedMedia\" itemscope itemtype=\"http:\/\/schema.org\/ImageObject\"> <a href=\"https:\/\/idnu.ch\/wordpress\/camargue-land-zwischen-himmel-und-wasser\/camargue-20240923-194-bearbeitet\/#main\" border=\"0\" itemprop=\"url\"> <meta itemprop=\"width\" content=\"246\"> <meta itemprop=\"height\" content=\"164\"> <img decoding=\"async\" class=\"\" data-attachment-id=\"26708\" data-orig-file=\"https:\/\/idnu.ch\/wordpress\/wp-content\/uploads\/2024\/10\/camargue-20240923-194-Bearbeitet.jpg\" data-orig-size=\"1240,827\" data-comments-opened=\"1\" data-image-meta=\"{&quot;aperture&quot;:&quot;8&quot;,&quot;credit&quot;:&quot;Urs Kyburz&quot;,&quot;camera&quot;:&quot;Canon EOS R6m2&quot;,&quot;caption&quot;:&quot;&quot;,&quot;created_timestamp&quot;:&quot;1727088865&quot;,&quot;copyright&quot;:&quot;All rights reserved&quot;,&quot;focal_length&quot;:&quot;500&quot;,&quot;iso&quot;:&quot;320&quot;,&quot;shutter_speed&quot;:&quot;0.001&quot;,&quot;title&quot;:&quot;&quot;,&quot;orientation&quot;:&quot;0&quot;}\" data-image-title=\"Dunkler Wasserl\u00e4ufer\" data-image-description=\"\" data-medium-file=\"https:\/\/i0.wp.com\/idnu.ch\/wordpress\/wp-content\/uploads\/2024\/10\/camargue-20240923-194-Bearbeitet.jpg?fit=300%2C200&#038;ssl=1\" data-large-file=\"https:\/\/i0.wp.com\/idnu.ch\/wordpress\/wp-content\/uploads\/2024\/10\/camargue-20240923-194-Bearbeitet.jpg?fit=750%2C500&#038;ssl=1\" src=\"https:\/\/i0.wp.com\/idnu.ch\/wordpress\/wp-content\/uploads\/2024\/10\/camargue-20240923-194-Bearbeitet.jpg?w=246&#038;h=164&#038;ssl=1\" srcset=\"https:\/\/i0.wp.com\/idnu.ch\/wordpress\/wp-content\/uploads\/2024\/10\/camargue-20240923-194-Bearbeitet.jpg?w=1240&amp;ssl=1 1240w, https:\/\/i0.wp.com\/idnu.ch\/wordpress\/wp-content\/uploads\/2024\/10\/camargue-20240923-194-Bearbeitet.jpg?resize=300%2C200&amp;ssl=1 300w, https:\/\/i0.wp.com\/idnu.ch\/wordpress\/wp-content\/uploads\/2024\/10\/camargue-20240923-194-Bearbeitet.jpg?resize=1024%2C683&amp;ssl=1 1024w, https:\/\/i0.wp.com\/idnu.ch\/wordpress\/wp-content\/uploads\/2024\/10\/camargue-20240923-194-Bearbeitet.jpg?resize=768%2C512&amp;ssl=1 768w, https:\/\/i0.wp.com\/idnu.ch\/wordpress\/wp-content\/uploads\/2024\/10\/camargue-20240923-194-Bearbeitet.jpg?resize=150%2C100&amp;ssl=1 150w\" width=\"246\" height=\"164\" loading=\"lazy\" data-original-width=\"246\" data-original-height=\"164\" itemprop=\"http:\/\/schema.org\/image\" title=\"Dunkler Wasserl\u00e4ufer\" alt=\"Dunkler Wasserl\u00e4ufer\" style=\"width: 246px; height: 164px;\" \/> <\/a> <div class=\"tiled-gallery-caption\" itemprop=\"caption description\"> Dunkler Wasserl\u00e4ufer <\/div> <\/div> <\/div> <!-- close group --> <\/div> <!-- close row --> <div class=\"gallery-row\" style=\"width: 750px; height: 251px;\" data-original-width=\"750\" data-original-height=\"251\" > <div class=\"gallery-group images-1\" style=\"width: 375px; height: 251px;\" data-original-width=\"375\" data-original-height=\"251\" > <div class=\"tiled-gallery-item tiled-gallery-item-large\" itemprop=\"associatedMedia\" itemscope itemtype=\"http:\/\/schema.org\/ImageObject\"> <a href=\"https:\/\/idnu.ch\/wordpress\/camargue-land-zwischen-himmel-und-wasser\/camargue-20240923-232-bearbeitet\/#main\" border=\"0\" itemprop=\"url\"> <meta itemprop=\"width\" content=\"371\"> <meta itemprop=\"height\" content=\"247\"> <img decoding=\"async\" class=\"\" data-attachment-id=\"26712\" data-orig-file=\"https:\/\/idnu.ch\/wordpress\/wp-content\/uploads\/2024\/10\/camargue-20240923-232-Bearbeitet.jpg\" data-orig-size=\"1240,827\" data-comments-opened=\"1\" data-image-meta=\"{&quot;aperture&quot;:&quot;8&quot;,&quot;credit&quot;:&quot;Urs Kyburz&quot;,&quot;camera&quot;:&quot;Canon EOS R6m2&quot;,&quot;caption&quot;:&quot;&quot;,&quot;created_timestamp&quot;:&quot;1727092608&quot;,&quot;copyright&quot;:&quot;All rights reserved&quot;,&quot;focal_length&quot;:&quot;500&quot;,&quot;iso&quot;:&quot;400&quot;,&quot;shutter_speed&quot;:&quot;0.001&quot;,&quot;title&quot;:&quot;&quot;,&quot;orientation&quot;:&quot;0&quot;}\" data-image-title=\"Smaragdeidechse\" data-image-description=\"\" data-medium-file=\"https:\/\/i0.wp.com\/idnu.ch\/wordpress\/wp-content\/uploads\/2024\/10\/camargue-20240923-232-Bearbeitet.jpg?fit=300%2C200&#038;ssl=1\" data-large-file=\"https:\/\/i0.wp.com\/idnu.ch\/wordpress\/wp-content\/uploads\/2024\/10\/camargue-20240923-232-Bearbeitet.jpg?fit=750%2C500&#038;ssl=1\" src=\"https:\/\/i0.wp.com\/idnu.ch\/wordpress\/wp-content\/uploads\/2024\/10\/camargue-20240923-232-Bearbeitet.jpg?w=371&#038;h=247&#038;ssl=1\" srcset=\"https:\/\/i0.wp.com\/idnu.ch\/wordpress\/wp-content\/uploads\/2024\/10\/camargue-20240923-232-Bearbeitet.jpg?w=1240&amp;ssl=1 1240w, https:\/\/i0.wp.com\/idnu.ch\/wordpress\/wp-content\/uploads\/2024\/10\/camargue-20240923-232-Bearbeitet.jpg?resize=300%2C200&amp;ssl=1 300w, https:\/\/i0.wp.com\/idnu.ch\/wordpress\/wp-content\/uploads\/2024\/10\/camargue-20240923-232-Bearbeitet.jpg?resize=1024%2C683&amp;ssl=1 1024w, https:\/\/i0.wp.com\/idnu.ch\/wordpress\/wp-content\/uploads\/2024\/10\/camargue-20240923-232-Bearbeitet.jpg?resize=768%2C512&amp;ssl=1 768w, https:\/\/i0.wp.com\/idnu.ch\/wordpress\/wp-content\/uploads\/2024\/10\/camargue-20240923-232-Bearbeitet.jpg?resize=150%2C100&amp;ssl=1 150w\" width=\"371\" height=\"247\" loading=\"lazy\" data-original-width=\"371\" data-original-height=\"247\" itemprop=\"http:\/\/schema.org\/image\" title=\"Smaragdeidechse\" alt=\"Smaragdeidechse\" style=\"width: 371px; height: 247px;\" \/> <\/a> <div class=\"tiled-gallery-caption\" itemprop=\"caption description\"> Smaragdeidechse <\/div> <\/div> <\/div> <!-- close group --> <div class=\"gallery-group images-1\" style=\"width: 375px; height: 251px;\" data-original-width=\"375\" data-original-height=\"251\" > <div class=\"tiled-gallery-item tiled-gallery-item-large\" itemprop=\"associatedMedia\" itemscope itemtype=\"http:\/\/schema.org\/ImageObject\"> <a href=\"https:\/\/idnu.ch\/wordpress\/camargue-land-zwischen-himmel-und-wasser\/camargue-20240923-261-bearbeitet\/#main\" border=\"0\" itemprop=\"url\"> <meta itemprop=\"width\" content=\"371\"> <meta itemprop=\"height\" content=\"247\"> <img decoding=\"async\" class=\"\" data-attachment-id=\"26713\" data-orig-file=\"https:\/\/idnu.ch\/wordpress\/wp-content\/uploads\/2024\/10\/camargue-20240923-261-Bearbeitet.jpg\" data-orig-size=\"1240,827\" data-comments-opened=\"1\" data-image-meta=\"{&quot;aperture&quot;:&quot;8&quot;,&quot;credit&quot;:&quot;Urs Kyburz&quot;,&quot;camera&quot;:&quot;Canon EOS R6m2&quot;,&quot;caption&quot;:&quot;&quot;,&quot;created_timestamp&quot;:&quot;1727095268&quot;,&quot;copyright&quot;:&quot;All rights reserved&quot;,&quot;focal_length&quot;:&quot;500&quot;,&quot;iso&quot;:&quot;250&quot;,&quot;shutter_speed&quot;:&quot;0.001&quot;,&quot;title&quot;:&quot;&quot;,&quot;orientation&quot;:&quot;0&quot;}\" data-image-title=\"S\u00e4belschn\u00e4bler\" data-image-description=\"\" data-medium-file=\"https:\/\/i0.wp.com\/idnu.ch\/wordpress\/wp-content\/uploads\/2024\/10\/camargue-20240923-261-Bearbeitet.jpg?fit=300%2C200&#038;ssl=1\" data-large-file=\"https:\/\/i0.wp.com\/idnu.ch\/wordpress\/wp-content\/uploads\/2024\/10\/camargue-20240923-261-Bearbeitet.jpg?fit=750%2C500&#038;ssl=1\" src=\"https:\/\/i0.wp.com\/idnu.ch\/wordpress\/wp-content\/uploads\/2024\/10\/camargue-20240923-261-Bearbeitet.jpg?w=371&#038;h=247&#038;ssl=1\" srcset=\"https:\/\/i0.wp.com\/idnu.ch\/wordpress\/wp-content\/uploads\/2024\/10\/camargue-20240923-261-Bearbeitet.jpg?w=1240&amp;ssl=1 1240w, https:\/\/i0.wp.com\/idnu.ch\/wordpress\/wp-content\/uploads\/2024\/10\/camargue-20240923-261-Bearbeitet.jpg?resize=300%2C200&amp;ssl=1 300w, https:\/\/i0.wp.com\/idnu.ch\/wordpress\/wp-content\/uploads\/2024\/10\/camargue-20240923-261-Bearbeitet.jpg?resize=1024%2C683&amp;ssl=1 1024w, https:\/\/i0.wp.com\/idnu.ch\/wordpress\/wp-content\/uploads\/2024\/10\/camargue-20240923-261-Bearbeitet.jpg?resize=768%2C512&amp;ssl=1 768w, https:\/\/i0.wp.com\/idnu.ch\/wordpress\/wp-content\/uploads\/2024\/10\/camargue-20240923-261-Bearbeitet.jpg?resize=150%2C100&amp;ssl=1 150w\" width=\"371\" height=\"247\" loading=\"lazy\" data-original-width=\"371\" data-original-height=\"247\" itemprop=\"http:\/\/schema.org\/image\" title=\"S\u00e4belschn\u00e4bler\" alt=\"S\u00e4belschn\u00e4bler\" style=\"width: 371px; height: 247px;\" \/> <\/a> <div class=\"tiled-gallery-caption\" itemprop=\"caption description\"> S\u00e4belschn\u00e4bler <\/div> <\/div> <\/div> <!-- close group --> <\/div> <!-- close row --> <\/div>\n<p>Am Schluss kann man sich im Bistro direkt an einem Teich st\u00e4rken und weiter die Vogelwelt geniessen.<\/p>\n<p>Der Eintritt kostet f\u00fcr Erwachsene 8 \u20ac, f\u00fcr Kinder von 4 bis 12 Jahren 5 \u20ac.<\/p>\n<p><a href=\"https:\/\/birdingplaces.eu\/de\/birdingplaces\/france\/parc-ornithologique-de-pont-de-gau\" target=\"_blank\" rel=\"noopener\">Parc ornithologique auf Birdingplaces<\/a><br \/>\n<a href=\"https:\/\/www.parcornithologique.com\/\" target=\"_blank\" rel=\"noopener\">Offizielle Seite des Parc ornithologique<\/a><\/p>\n<p><iframe loading=\"lazy\" style=\"border: 0;\" src=\"https:\/\/www.google.com\/maps\/embed?pb=!1m18!1m12!1m3!1d5789.668965898908!2d4.406401584742899!3d43.49030932798566!2m3!1f0!2f0!3f0!3m2!1i1024!2i768!4f13.1!3m3!1m2!1s0x12b6620ee1cd80d9%3A0x7b0c8fe397ebeb39!2sOrnithological%20Park%20of%20Pont%20de%20Gau!5e0!3m2!1sde!2sch!4v1728835453240!5m2!1sde!2sch\" width=\"600\" height=\"450\" allowfullscreen=\"allowfullscreen\"><\/iframe><\/p>\n<h2>Draille des 5 Gorges<\/h2>\n<p>Wo diese f\u00fcnf Schluchten sein sollen, habe ich keine Ahnung, denn das Land ist weitherum einfach nur &#8211; flach. Spannend ist es aber allemal. Es handelt sich um eine 11 Kilometer lange Strasse, die aber (eigentlich) mit einem Fahrverbot belegt ist. Da wir in Frankreich sind, ist das hier lediglich eine Empfehlung, dauernd fahren Autos vorbei, aber immerhin im Schritttempo.<\/p>\n<div class=\"tiled-gallery type-rectangular tiled-gallery-unresized\" data-original-width=\"750\" data-carousel-extra='{&quot;blog_id&quot;:1,&quot;permalink&quot;:&quot;https:\\\/\\\/idnu.ch\\\/wordpress\\\/camargue-land-zwischen-himmel-und-wasser\\\/&quot;,&quot;likes_blog_id&quot;:100184974}' itemscope itemtype=\"http:\/\/schema.org\/ImageGallery\" > <div class=\"gallery-row\" style=\"width: 750px; height: 335px;\" data-original-width=\"750\" data-original-height=\"335\" > <div class=\"gallery-group images-1\" style=\"width: 501px; height: 335px;\" data-original-width=\"501\" data-original-height=\"335\" > <div class=\"tiled-gallery-item tiled-gallery-item-large\" itemprop=\"associatedMedia\" itemscope itemtype=\"http:\/\/schema.org\/ImageObject\"> <a href=\"https:\/\/idnu.ch\/wordpress\/camargue-land-zwischen-himmel-und-wasser\/camargue-20240924-1-bearbeitet\/#main\" border=\"0\" itemprop=\"url\"> <meta itemprop=\"width\" content=\"497\"> <meta itemprop=\"height\" content=\"331\"> <img decoding=\"async\" class=\"\" data-attachment-id=\"26731\" data-orig-file=\"https:\/\/idnu.ch\/wordpress\/wp-content\/uploads\/2024\/10\/camargue-20240924-1-Bearbeitet.jpg\" data-orig-size=\"1240,827\" data-comments-opened=\"1\" data-image-meta=\"{&quot;aperture&quot;:&quot;4&quot;,&quot;credit&quot;:&quot;Urs Kyburz&quot;,&quot;camera&quot;:&quot;Canon EOS 5D Mark IV&quot;,&quot;caption&quot;:&quot;&quot;,&quot;created_timestamp&quot;:&quot;1727160891&quot;,&quot;copyright&quot;:&quot;Copyright Urs Kyburz (2019)&quot;,&quot;focal_length&quot;:&quot;105&quot;,&quot;iso&quot;:&quot;100&quot;,&quot;shutter_speed&quot;:&quot;0.004&quot;,&quot;title&quot;:&quot;&quot;,&quot;orientation&quot;:&quot;0&quot;}\" data-image-title=\"Morgenstimmung\" data-image-description=\"\" data-medium-file=\"https:\/\/i0.wp.com\/idnu.ch\/wordpress\/wp-content\/uploads\/2024\/10\/camargue-20240924-1-Bearbeitet.jpg?fit=300%2C200&#038;ssl=1\" data-large-file=\"https:\/\/i0.wp.com\/idnu.ch\/wordpress\/wp-content\/uploads\/2024\/10\/camargue-20240924-1-Bearbeitet.jpg?fit=750%2C500&#038;ssl=1\" src=\"https:\/\/i0.wp.com\/idnu.ch\/wordpress\/wp-content\/uploads\/2024\/10\/camargue-20240924-1-Bearbeitet.jpg?w=497&#038;h=331&#038;ssl=1\" srcset=\"https:\/\/i0.wp.com\/idnu.ch\/wordpress\/wp-content\/uploads\/2024\/10\/camargue-20240924-1-Bearbeitet.jpg?w=1240&amp;ssl=1 1240w, https:\/\/i0.wp.com\/idnu.ch\/wordpress\/wp-content\/uploads\/2024\/10\/camargue-20240924-1-Bearbeitet.jpg?resize=300%2C200&amp;ssl=1 300w, https:\/\/i0.wp.com\/idnu.ch\/wordpress\/wp-content\/uploads\/2024\/10\/camargue-20240924-1-Bearbeitet.jpg?resize=1024%2C683&amp;ssl=1 1024w, https:\/\/i0.wp.com\/idnu.ch\/wordpress\/wp-content\/uploads\/2024\/10\/camargue-20240924-1-Bearbeitet.jpg?resize=768%2C512&amp;ssl=1 768w, https:\/\/i0.wp.com\/idnu.ch\/wordpress\/wp-content\/uploads\/2024\/10\/camargue-20240924-1-Bearbeitet.jpg?resize=150%2C100&amp;ssl=1 150w\" width=\"497\" height=\"331\" loading=\"lazy\" data-original-width=\"497\" data-original-height=\"331\" itemprop=\"http:\/\/schema.org\/image\" title=\"Morgenstimmung\" alt=\"Morgenstimmung\" style=\"width: 497px; height: 331px;\" \/> <\/a> <div class=\"tiled-gallery-caption\" itemprop=\"caption description\"> Morgenstimmung <\/div> <\/div> <\/div> <!-- close group --> <div class=\"gallery-group images-2\" style=\"width: 249px; height: 335px;\" data-original-width=\"249\" data-original-height=\"335\" > <div class=\"tiled-gallery-item tiled-gallery-item-small\" itemprop=\"associatedMedia\" itemscope itemtype=\"http:\/\/schema.org\/ImageObject\"> <a href=\"https:\/\/idnu.ch\/wordpress\/camargue-land-zwischen-himmel-und-wasser\/camargue-20240924-20-bearbeitet\/#main\" border=\"0\" itemprop=\"url\"> <meta itemprop=\"width\" content=\"245\"> <meta itemprop=\"height\" content=\"164\"> <img decoding=\"async\" class=\"\" data-attachment-id=\"26732\" data-orig-file=\"https:\/\/idnu.ch\/wordpress\/wp-content\/uploads\/2024\/10\/camargue-20240924-20-Bearbeitet.jpg\" data-orig-size=\"1240,827\" data-comments-opened=\"1\" data-image-meta=\"{&quot;aperture&quot;:&quot;7.1&quot;,&quot;credit&quot;:&quot;Urs Kyburz&quot;,&quot;camera&quot;:&quot;Canon EOS R6m2&quot;,&quot;caption&quot;:&quot;&quot;,&quot;created_timestamp&quot;:&quot;1727163122&quot;,&quot;copyright&quot;:&quot;All rights reserved&quot;,&quot;focal_length&quot;:&quot;500&quot;,&quot;iso&quot;:&quot;250&quot;,&quot;shutter_speed&quot;:&quot;0.001&quot;,&quot;title&quot;:&quot;&quot;,&quot;orientation&quot;:&quot;0&quot;}\" data-image-title=\"Flamingos im Morgengold\" data-image-description=\"\" data-medium-file=\"https:\/\/i0.wp.com\/idnu.ch\/wordpress\/wp-content\/uploads\/2024\/10\/camargue-20240924-20-Bearbeitet.jpg?fit=300%2C200&#038;ssl=1\" data-large-file=\"https:\/\/i0.wp.com\/idnu.ch\/wordpress\/wp-content\/uploads\/2024\/10\/camargue-20240924-20-Bearbeitet.jpg?fit=750%2C500&#038;ssl=1\" src=\"https:\/\/i0.wp.com\/idnu.ch\/wordpress\/wp-content\/uploads\/2024\/10\/camargue-20240924-20-Bearbeitet.jpg?w=245&#038;h=164&#038;ssl=1\" srcset=\"https:\/\/i0.wp.com\/idnu.ch\/wordpress\/wp-content\/uploads\/2024\/10\/camargue-20240924-20-Bearbeitet.jpg?w=1240&amp;ssl=1 1240w, https:\/\/i0.wp.com\/idnu.ch\/wordpress\/wp-content\/uploads\/2024\/10\/camargue-20240924-20-Bearbeitet.jpg?resize=300%2C200&amp;ssl=1 300w, https:\/\/i0.wp.com\/idnu.ch\/wordpress\/wp-content\/uploads\/2024\/10\/camargue-20240924-20-Bearbeitet.jpg?resize=1024%2C683&amp;ssl=1 1024w, https:\/\/i0.wp.com\/idnu.ch\/wordpress\/wp-content\/uploads\/2024\/10\/camargue-20240924-20-Bearbeitet.jpg?resize=768%2C512&amp;ssl=1 768w, https:\/\/i0.wp.com\/idnu.ch\/wordpress\/wp-content\/uploads\/2024\/10\/camargue-20240924-20-Bearbeitet.jpg?resize=150%2C100&amp;ssl=1 150w\" width=\"245\" height=\"164\" loading=\"lazy\" data-original-width=\"245\" data-original-height=\"164\" itemprop=\"http:\/\/schema.org\/image\" title=\"Flamingos im Morgengold\" alt=\"Flamingos im Morgengold\" style=\"width: 245px; height: 164px;\" \/> <\/a> <div class=\"tiled-gallery-caption\" itemprop=\"caption description\"> Flamingos im Morgengold <\/div> <\/div> <div class=\"tiled-gallery-item tiled-gallery-item-small\" itemprop=\"associatedMedia\" itemscope itemtype=\"http:\/\/schema.org\/ImageObject\"> <a href=\"https:\/\/idnu.ch\/wordpress\/camargue-land-zwischen-himmel-und-wasser\/camargue-20240924-33-bearbeitet\/#main\" border=\"0\" itemprop=\"url\"> <meta itemprop=\"width\" content=\"245\"> <meta itemprop=\"height\" content=\"163\"> <img decoding=\"async\" class=\"\" data-attachment-id=\"26733\" data-orig-file=\"https:\/\/idnu.ch\/wordpress\/wp-content\/uploads\/2024\/10\/camargue-20240924-33-Bearbeitet.jpg\" data-orig-size=\"1240,827\" data-comments-opened=\"1\" data-image-meta=\"{&quot;aperture&quot;:&quot;13&quot;,&quot;credit&quot;:&quot;Urs Kyburz&quot;,&quot;camera&quot;:&quot;Canon EOS 5D Mark IV&quot;,&quot;caption&quot;:&quot;&quot;,&quot;created_timestamp&quot;:&quot;1727166052&quot;,&quot;copyright&quot;:&quot;Copyright Urs Kyburz (2019)&quot;,&quot;focal_length&quot;:&quot;24&quot;,&quot;iso&quot;:&quot;100&quot;,&quot;shutter_speed&quot;:&quot;0.016666666666667&quot;,&quot;title&quot;:&quot;&quot;,&quot;orientation&quot;:&quot;0&quot;}\" data-image-title=\"\" data-image-description=\"\" data-medium-file=\"https:\/\/i0.wp.com\/idnu.ch\/wordpress\/wp-content\/uploads\/2024\/10\/camargue-20240924-33-Bearbeitet.jpg?fit=300%2C200&#038;ssl=1\" data-large-file=\"https:\/\/i0.wp.com\/idnu.ch\/wordpress\/wp-content\/uploads\/2024\/10\/camargue-20240924-33-Bearbeitet.jpg?fit=750%2C500&#038;ssl=1\" src=\"https:\/\/i0.wp.com\/idnu.ch\/wordpress\/wp-content\/uploads\/2024\/10\/camargue-20240924-33-Bearbeitet.jpg?w=245&#038;h=163&#038;ssl=1\" srcset=\"https:\/\/i0.wp.com\/idnu.ch\/wordpress\/wp-content\/uploads\/2024\/10\/camargue-20240924-33-Bearbeitet.jpg?w=1240&amp;ssl=1 1240w, https:\/\/i0.wp.com\/idnu.ch\/wordpress\/wp-content\/uploads\/2024\/10\/camargue-20240924-33-Bearbeitet.jpg?resize=300%2C200&amp;ssl=1 300w, https:\/\/i0.wp.com\/idnu.ch\/wordpress\/wp-content\/uploads\/2024\/10\/camargue-20240924-33-Bearbeitet.jpg?resize=1024%2C683&amp;ssl=1 1024w, https:\/\/i0.wp.com\/idnu.ch\/wordpress\/wp-content\/uploads\/2024\/10\/camargue-20240924-33-Bearbeitet.jpg?resize=768%2C512&amp;ssl=1 768w, https:\/\/i0.wp.com\/idnu.ch\/wordpress\/wp-content\/uploads\/2024\/10\/camargue-20240924-33-Bearbeitet.jpg?resize=150%2C100&amp;ssl=1 150w\" width=\"245\" height=\"163\" loading=\"lazy\" data-original-width=\"245\" data-original-height=\"163\" itemprop=\"http:\/\/schema.org\/image\" title=\"\" alt=\"\" style=\"width: 245px; height: 163px;\" \/> <\/a> <\/div> <\/div> <!-- close group --> <\/div> <!-- close row --> <div class=\"gallery-row\" style=\"width: 750px; height: 251px;\" data-original-width=\"750\" data-original-height=\"251\" > <div class=\"gallery-group images-1\" style=\"width: 375px; height: 251px;\" data-original-width=\"375\" data-original-height=\"251\" > <div class=\"tiled-gallery-item tiled-gallery-item-large\" itemprop=\"associatedMedia\" itemscope itemtype=\"http:\/\/schema.org\/ImageObject\"> <a href=\"https:\/\/idnu.ch\/wordpress\/camargue-land-zwischen-himmel-und-wasser\/camargue-20240924-34-bearbeitet\/#main\" border=\"0\" itemprop=\"url\"> <meta itemprop=\"width\" content=\"371\"> <meta itemprop=\"height\" content=\"247\"> <img decoding=\"async\" class=\"\" data-attachment-id=\"26734\" data-orig-file=\"https:\/\/idnu.ch\/wordpress\/wp-content\/uploads\/2024\/10\/camargue-20240924-34-Bearbeitet.jpg\" data-orig-size=\"1240,827\" data-comments-opened=\"1\" data-image-meta=\"{&quot;aperture&quot;:&quot;13&quot;,&quot;credit&quot;:&quot;Urs Kyburz&quot;,&quot;camera&quot;:&quot;Canon EOS 5D Mark IV&quot;,&quot;caption&quot;:&quot;&quot;,&quot;created_timestamp&quot;:&quot;1727166060&quot;,&quot;copyright&quot;:&quot;Copyright Urs Kyburz (2019)&quot;,&quot;focal_length&quot;:&quot;24&quot;,&quot;iso&quot;:&quot;100&quot;,&quot;shutter_speed&quot;:&quot;0.01&quot;,&quot;title&quot;:&quot;&quot;,&quot;orientation&quot;:&quot;0&quot;}\" data-image-title=\"\" data-image-description=\"\" data-medium-file=\"https:\/\/i0.wp.com\/idnu.ch\/wordpress\/wp-content\/uploads\/2024\/10\/camargue-20240924-34-Bearbeitet.jpg?fit=300%2C200&#038;ssl=1\" data-large-file=\"https:\/\/i0.wp.com\/idnu.ch\/wordpress\/wp-content\/uploads\/2024\/10\/camargue-20240924-34-Bearbeitet.jpg?fit=750%2C500&#038;ssl=1\" src=\"https:\/\/i0.wp.com\/idnu.ch\/wordpress\/wp-content\/uploads\/2024\/10\/camargue-20240924-34-Bearbeitet.jpg?w=371&#038;h=247&#038;ssl=1\" srcset=\"https:\/\/i0.wp.com\/idnu.ch\/wordpress\/wp-content\/uploads\/2024\/10\/camargue-20240924-34-Bearbeitet.jpg?w=1240&amp;ssl=1 1240w, https:\/\/i0.wp.com\/idnu.ch\/wordpress\/wp-content\/uploads\/2024\/10\/camargue-20240924-34-Bearbeitet.jpg?resize=300%2C200&amp;ssl=1 300w, https:\/\/i0.wp.com\/idnu.ch\/wordpress\/wp-content\/uploads\/2024\/10\/camargue-20240924-34-Bearbeitet.jpg?resize=1024%2C683&amp;ssl=1 1024w, https:\/\/i0.wp.com\/idnu.ch\/wordpress\/wp-content\/uploads\/2024\/10\/camargue-20240924-34-Bearbeitet.jpg?resize=768%2C512&amp;ssl=1 768w, https:\/\/i0.wp.com\/idnu.ch\/wordpress\/wp-content\/uploads\/2024\/10\/camargue-20240924-34-Bearbeitet.jpg?resize=150%2C100&amp;ssl=1 150w\" width=\"371\" height=\"247\" loading=\"lazy\" data-original-width=\"371\" data-original-height=\"247\" itemprop=\"http:\/\/schema.org\/image\" title=\"\" alt=\"\" style=\"width: 371px; height: 247px;\" \/> <\/a> <\/div> <\/div> <!-- close group --> <div class=\"gallery-group images-1\" style=\"width: 375px; height: 251px;\" data-original-width=\"375\" data-original-height=\"251\" > <div class=\"tiled-gallery-item tiled-gallery-item-large\" itemprop=\"associatedMedia\" itemscope itemtype=\"http:\/\/schema.org\/ImageObject\"> <a href=\"https:\/\/idnu.ch\/wordpress\/camargue-land-zwischen-himmel-und-wasser\/camargue-20240924-37-bearbeitet\/#main\" border=\"0\" itemprop=\"url\"> <meta itemprop=\"width\" content=\"371\"> <meta itemprop=\"height\" content=\"247\"> <img decoding=\"async\" class=\"\" data-attachment-id=\"26735\" data-orig-file=\"https:\/\/idnu.ch\/wordpress\/wp-content\/uploads\/2024\/10\/camargue-20240924-37-Bearbeitet.jpg\" data-orig-size=\"1240,827\" data-comments-opened=\"1\" data-image-meta=\"{&quot;aperture&quot;:&quot;10&quot;,&quot;credit&quot;:&quot;Urs Kyburz&quot;,&quot;camera&quot;:&quot;Canon EOS 5D Mark IV&quot;,&quot;caption&quot;:&quot;&quot;,&quot;created_timestamp&quot;:&quot;1727168192&quot;,&quot;copyright&quot;:&quot;Copyright Urs Kyburz (2019)&quot;,&quot;focal_length&quot;:&quot;24&quot;,&quot;iso&quot;:&quot;100&quot;,&quot;shutter_speed&quot;:&quot;0.00625&quot;,&quot;title&quot;:&quot;&quot;,&quot;orientation&quot;:&quot;0&quot;}\" data-image-title=\"\" data-image-description=\"\" data-medium-file=\"https:\/\/i0.wp.com\/idnu.ch\/wordpress\/wp-content\/uploads\/2024\/10\/camargue-20240924-37-Bearbeitet.jpg?fit=300%2C200&#038;ssl=1\" data-large-file=\"https:\/\/i0.wp.com\/idnu.ch\/wordpress\/wp-content\/uploads\/2024\/10\/camargue-20240924-37-Bearbeitet.jpg?fit=750%2C500&#038;ssl=1\" src=\"https:\/\/i0.wp.com\/idnu.ch\/wordpress\/wp-content\/uploads\/2024\/10\/camargue-20240924-37-Bearbeitet.jpg?w=371&#038;h=247&#038;ssl=1\" srcset=\"https:\/\/i0.wp.com\/idnu.ch\/wordpress\/wp-content\/uploads\/2024\/10\/camargue-20240924-37-Bearbeitet.jpg?w=1240&amp;ssl=1 1240w, https:\/\/i0.wp.com\/idnu.ch\/wordpress\/wp-content\/uploads\/2024\/10\/camargue-20240924-37-Bearbeitet.jpg?resize=300%2C200&amp;ssl=1 300w, https:\/\/i0.wp.com\/idnu.ch\/wordpress\/wp-content\/uploads\/2024\/10\/camargue-20240924-37-Bearbeitet.jpg?resize=1024%2C683&amp;ssl=1 1024w, https:\/\/i0.wp.com\/idnu.ch\/wordpress\/wp-content\/uploads\/2024\/10\/camargue-20240924-37-Bearbeitet.jpg?resize=768%2C512&amp;ssl=1 768w, https:\/\/i0.wp.com\/idnu.ch\/wordpress\/wp-content\/uploads\/2024\/10\/camargue-20240924-37-Bearbeitet.jpg?resize=150%2C100&amp;ssl=1 150w\" width=\"371\" height=\"247\" loading=\"lazy\" data-original-width=\"371\" data-original-height=\"247\" itemprop=\"http:\/\/schema.org\/image\" title=\"\" alt=\"\" style=\"width: 371px; height: 247px;\" \/> <\/a> <\/div> <\/div> <!-- close group --> <\/div> <!-- close row --> <\/div>\n<p>Wir legten die Strecke in drei Etappen zur\u00fcck. Die erste startete n\u00f6rdlich, unweit von Saintes-Maries-de-la-Mer.<\/p>\n<figure id=\"attachment_26718\" aria-describedby=\"caption-attachment-26718\" style=\"width: 294px\" class=\"wp-caption alignnone\"><a href=\"https:\/\/i0.wp.com\/idnu.ch\/wordpress\/wp-content\/uploads\/2024\/10\/Draille-des-5-Gorges-Etappe-1.jpg?ssl=1\"><img data-recalc-dims=\"1\" loading=\"lazy\" decoding=\"async\" data-attachment-id=\"26718\" data-permalink=\"https:\/\/idnu.ch\/wordpress\/camargue-land-zwischen-himmel-und-wasser\/draille-des-5-gorges-etappe-1\/#main\" data-orig-file=\"https:\/\/i0.wp.com\/idnu.ch\/wordpress\/wp-content\/uploads\/2024\/10\/Draille-des-5-Gorges-Etappe-1.jpg?fit=701%2C716&amp;ssl=1\" data-orig-size=\"701,716\" data-comments-opened=\"1\" data-image-meta=\"{&quot;aperture&quot;:&quot;0&quot;,&quot;credit&quot;:&quot;&quot;,&quot;camera&quot;:&quot;&quot;,&quot;caption&quot;:&quot;&quot;,&quot;created_timestamp&quot;:&quot;0&quot;,&quot;copyright&quot;:&quot;&quot;,&quot;focal_length&quot;:&quot;0&quot;,&quot;iso&quot;:&quot;0&quot;,&quot;shutter_speed&quot;:&quot;0&quot;,&quot;title&quot;:&quot;&quot;,&quot;orientation&quot;:&quot;0&quot;}\" data-image-title=\"Draille des 5 Gorges Etappe 1\" data-image-description=\"\" data-image-caption=\"&lt;p&gt;Draille des 5 Gorges Etappe 1&lt;\/p&gt;\n\" data-large-file=\"https:\/\/i0.wp.com\/idnu.ch\/wordpress\/wp-content\/uploads\/2024\/10\/Draille-des-5-Gorges-Etappe-1.jpg?fit=701%2C716&amp;ssl=1\" class=\"wp-image-26718 size-medium\" src=\"https:\/\/i0.wp.com\/idnu.ch\/wordpress\/wp-content\/uploads\/2024\/10\/Draille-des-5-Gorges-Etappe-1.jpg?resize=294%2C300&#038;ssl=1\" alt=\"\" width=\"294\" height=\"300\" srcset=\"https:\/\/i0.wp.com\/idnu.ch\/wordpress\/wp-content\/uploads\/2024\/10\/Draille-des-5-Gorges-Etappe-1.jpg?resize=294%2C300&amp;ssl=1 294w, https:\/\/i0.wp.com\/idnu.ch\/wordpress\/wp-content\/uploads\/2024\/10\/Draille-des-5-Gorges-Etappe-1.jpg?resize=98%2C100&amp;ssl=1 98w, https:\/\/i0.wp.com\/idnu.ch\/wordpress\/wp-content\/uploads\/2024\/10\/Draille-des-5-Gorges-Etappe-1.jpg?w=701&amp;ssl=1 701w\" sizes=\"auto, (max-width: 294px) 100vw, 294px\" \/><\/a><figcaption id=\"caption-attachment-26718\" class=\"wp-caption-text\">Draille des 5 Gorges Etappe 1<\/figcaption><\/figure>\n<p>Schon vom Parkplatz aus entdeckten wir Sandregenpfeifer, sie wuselten im Schlick umher. Im Geb\u00fcsch huschte eine Samtkopfgrasm\u00fccke umher, ein Eisvogel pfeilte den Kanal hoch. Im \u00c9tang links der Strasse standen Seidenreiher und Flamingos. In einem Geb\u00fcsch war einiges los, V\u00f6gel schwirrten und h\u00fcpften umher. Zuerst entdeckten wir einen Schilfrohrs\u00e4nger, dann Schafstelzen, zum Schluss sogar noch ein Blaukehlchen.<\/p>\n<div class=\"tiled-gallery type-rectangular tiled-gallery-unresized\" data-original-width=\"750\" data-carousel-extra='{&quot;blog_id&quot;:1,&quot;permalink&quot;:&quot;https:\\\/\\\/idnu.ch\\\/wordpress\\\/camargue-land-zwischen-himmel-und-wasser\\\/&quot;,&quot;likes_blog_id&quot;:100184974}' itemscope itemtype=\"http:\/\/schema.org\/ImageGallery\" > <div class=\"gallery-row\" style=\"width: 750px; height: 335px;\" data-original-width=\"750\" data-original-height=\"335\" > <div class=\"gallery-group images-1\" style=\"width: 501px; height: 335px;\" data-original-width=\"501\" data-original-height=\"335\" > <div class=\"tiled-gallery-item tiled-gallery-item-large\" itemprop=\"associatedMedia\" itemscope itemtype=\"http:\/\/schema.org\/ImageObject\"> <a href=\"https:\/\/idnu.ch\/wordpress\/camargue-land-zwischen-himmel-und-wasser\/camargue-20240924-3-bearbeitet\/#main\" border=\"0\" itemprop=\"url\"> <meta itemprop=\"width\" content=\"497\"> <meta itemprop=\"height\" content=\"331\"> <img decoding=\"async\" class=\"\" data-attachment-id=\"26736\" data-orig-file=\"https:\/\/idnu.ch\/wordpress\/wp-content\/uploads\/2024\/10\/camargue-20240924-3-Bearbeitet.jpg\" data-orig-size=\"1240,827\" data-comments-opened=\"1\" data-image-meta=\"{&quot;aperture&quot;:&quot;8&quot;,&quot;credit&quot;:&quot;Urs Kyburz&quot;,&quot;camera&quot;:&quot;Canon EOS R6m2&quot;,&quot;caption&quot;:&quot;&quot;,&quot;created_timestamp&quot;:&quot;1727161964&quot;,&quot;copyright&quot;:&quot;All rights reserved&quot;,&quot;focal_length&quot;:&quot;500&quot;,&quot;iso&quot;:&quot;640&quot;,&quot;shutter_speed&quot;:&quot;0.001&quot;,&quot;title&quot;:&quot;&quot;,&quot;orientation&quot;:&quot;0&quot;}\" data-image-title=\"Sandregenpfeifer\" data-image-description=\"\" data-medium-file=\"https:\/\/i0.wp.com\/idnu.ch\/wordpress\/wp-content\/uploads\/2024\/10\/camargue-20240924-3-Bearbeitet.jpg?fit=300%2C200&#038;ssl=1\" data-large-file=\"https:\/\/i0.wp.com\/idnu.ch\/wordpress\/wp-content\/uploads\/2024\/10\/camargue-20240924-3-Bearbeitet.jpg?fit=750%2C500&#038;ssl=1\" src=\"https:\/\/i0.wp.com\/idnu.ch\/wordpress\/wp-content\/uploads\/2024\/10\/camargue-20240924-3-Bearbeitet.jpg?w=497&#038;h=331&#038;ssl=1\" srcset=\"https:\/\/i0.wp.com\/idnu.ch\/wordpress\/wp-content\/uploads\/2024\/10\/camargue-20240924-3-Bearbeitet.jpg?w=1240&amp;ssl=1 1240w, https:\/\/i0.wp.com\/idnu.ch\/wordpress\/wp-content\/uploads\/2024\/10\/camargue-20240924-3-Bearbeitet.jpg?resize=300%2C200&amp;ssl=1 300w, https:\/\/i0.wp.com\/idnu.ch\/wordpress\/wp-content\/uploads\/2024\/10\/camargue-20240924-3-Bearbeitet.jpg?resize=1024%2C683&amp;ssl=1 1024w, https:\/\/i0.wp.com\/idnu.ch\/wordpress\/wp-content\/uploads\/2024\/10\/camargue-20240924-3-Bearbeitet.jpg?resize=768%2C512&amp;ssl=1 768w, https:\/\/i0.wp.com\/idnu.ch\/wordpress\/wp-content\/uploads\/2024\/10\/camargue-20240924-3-Bearbeitet.jpg?resize=150%2C100&amp;ssl=1 150w\" width=\"497\" height=\"331\" loading=\"lazy\" data-original-width=\"497\" data-original-height=\"331\" itemprop=\"http:\/\/schema.org\/image\" title=\"Sandregenpfeifer\" alt=\"Sandregenpfeifer\" style=\"width: 497px; height: 331px;\" \/> <\/a> <div class=\"tiled-gallery-caption\" itemprop=\"caption description\"> Sandregenpfeifer <\/div> <\/div> <\/div> <!-- close group --> <div class=\"gallery-group images-2\" style=\"width: 249px; height: 335px;\" data-original-width=\"249\" data-original-height=\"335\" > <div class=\"tiled-gallery-item tiled-gallery-item-small\" itemprop=\"associatedMedia\" itemscope itemtype=\"http:\/\/schema.org\/ImageObject\"> <a href=\"https:\/\/idnu.ch\/wordpress\/camargue-land-zwischen-himmel-und-wasser\/camargue-20240924-7-bearbeitet-2\/#main\" border=\"0\" itemprop=\"url\"> <meta itemprop=\"width\" content=\"245\"> <meta itemprop=\"height\" content=\"164\"> <img decoding=\"async\" class=\"\" data-attachment-id=\"26737\" data-orig-file=\"https:\/\/idnu.ch\/wordpress\/wp-content\/uploads\/2024\/10\/camargue-20240924-7-Bearbeitet-1.jpg\" data-orig-size=\"1240,827\" data-comments-opened=\"1\" data-image-meta=\"{&quot;aperture&quot;:&quot;7.1&quot;,&quot;credit&quot;:&quot;Urs Kyburz&quot;,&quot;camera&quot;:&quot;Canon EOS R6m2&quot;,&quot;caption&quot;:&quot;&quot;,&quot;created_timestamp&quot;:&quot;1727162421&quot;,&quot;copyright&quot;:&quot;All rights reserved&quot;,&quot;focal_length&quot;:&quot;500&quot;,&quot;iso&quot;:&quot;5000&quot;,&quot;shutter_speed&quot;:&quot;0.001&quot;,&quot;title&quot;:&quot;&quot;,&quot;orientation&quot;:&quot;0&quot;}\" data-image-title=\"Samtkopfgrasm\u00fccke\" data-image-description=\"\" data-medium-file=\"https:\/\/i0.wp.com\/idnu.ch\/wordpress\/wp-content\/uploads\/2024\/10\/camargue-20240924-7-Bearbeitet-1.jpg?fit=300%2C200&#038;ssl=1\" data-large-file=\"https:\/\/i0.wp.com\/idnu.ch\/wordpress\/wp-content\/uploads\/2024\/10\/camargue-20240924-7-Bearbeitet-1.jpg?fit=750%2C500&#038;ssl=1\" src=\"https:\/\/i0.wp.com\/idnu.ch\/wordpress\/wp-content\/uploads\/2024\/10\/camargue-20240924-7-Bearbeitet-1.jpg?w=245&#038;h=164&#038;ssl=1\" srcset=\"https:\/\/i0.wp.com\/idnu.ch\/wordpress\/wp-content\/uploads\/2024\/10\/camargue-20240924-7-Bearbeitet-1.jpg?w=1240&amp;ssl=1 1240w, https:\/\/i0.wp.com\/idnu.ch\/wordpress\/wp-content\/uploads\/2024\/10\/camargue-20240924-7-Bearbeitet-1.jpg?resize=300%2C200&amp;ssl=1 300w, https:\/\/i0.wp.com\/idnu.ch\/wordpress\/wp-content\/uploads\/2024\/10\/camargue-20240924-7-Bearbeitet-1.jpg?resize=1024%2C683&amp;ssl=1 1024w, https:\/\/i0.wp.com\/idnu.ch\/wordpress\/wp-content\/uploads\/2024\/10\/camargue-20240924-7-Bearbeitet-1.jpg?resize=768%2C512&amp;ssl=1 768w, https:\/\/i0.wp.com\/idnu.ch\/wordpress\/wp-content\/uploads\/2024\/10\/camargue-20240924-7-Bearbeitet-1.jpg?resize=150%2C100&amp;ssl=1 150w\" width=\"245\" height=\"164\" loading=\"lazy\" data-original-width=\"245\" data-original-height=\"164\" itemprop=\"http:\/\/schema.org\/image\" title=\"Samtkopfgrasm\u00fccke\" alt=\"Samtkopfgrasm\u00fccke\" style=\"width: 245px; height: 164px;\" \/> <\/a> <div class=\"tiled-gallery-caption\" itemprop=\"caption description\"> Samtkopfgrasm\u00fccke <\/div> <\/div> <div class=\"tiled-gallery-item tiled-gallery-item-small\" itemprop=\"associatedMedia\" itemscope itemtype=\"http:\/\/schema.org\/ImageObject\"> <a href=\"https:\/\/idnu.ch\/wordpress\/camargue-land-zwischen-himmel-und-wasser\/camargue-20240924-25-bearbeitet\/#main\" border=\"0\" itemprop=\"url\"> <meta itemprop=\"width\" content=\"245\"> <meta itemprop=\"height\" content=\"163\"> <img decoding=\"async\" class=\"\" data-attachment-id=\"26738\" data-orig-file=\"https:\/\/idnu.ch\/wordpress\/wp-content\/uploads\/2024\/10\/camargue-20240924-25-Bearbeitet.jpg\" data-orig-size=\"1240,827\" data-comments-opened=\"1\" data-image-meta=\"{&quot;aperture&quot;:&quot;7.1&quot;,&quot;credit&quot;:&quot;Urs Kyburz&quot;,&quot;camera&quot;:&quot;Canon EOS R6m2&quot;,&quot;caption&quot;:&quot;&quot;,&quot;created_timestamp&quot;:&quot;1727163186&quot;,&quot;copyright&quot;:&quot;All rights reserved&quot;,&quot;focal_length&quot;:&quot;500&quot;,&quot;iso&quot;:&quot;1250&quot;,&quot;shutter_speed&quot;:&quot;0.001&quot;,&quot;title&quot;:&quot;&quot;,&quot;orientation&quot;:&quot;0&quot;}\" data-image-title=\"Cool, cooler, Kuhreiher\" data-image-description=\"\" data-medium-file=\"https:\/\/i0.wp.com\/idnu.ch\/wordpress\/wp-content\/uploads\/2024\/10\/camargue-20240924-25-Bearbeitet.jpg?fit=300%2C200&#038;ssl=1\" data-large-file=\"https:\/\/i0.wp.com\/idnu.ch\/wordpress\/wp-content\/uploads\/2024\/10\/camargue-20240924-25-Bearbeitet.jpg?fit=750%2C500&#038;ssl=1\" src=\"https:\/\/i0.wp.com\/idnu.ch\/wordpress\/wp-content\/uploads\/2024\/10\/camargue-20240924-25-Bearbeitet.jpg?w=245&#038;h=163&#038;ssl=1\" srcset=\"https:\/\/i0.wp.com\/idnu.ch\/wordpress\/wp-content\/uploads\/2024\/10\/camargue-20240924-25-Bearbeitet.jpg?w=1240&amp;ssl=1 1240w, https:\/\/i0.wp.com\/idnu.ch\/wordpress\/wp-content\/uploads\/2024\/10\/camargue-20240924-25-Bearbeitet.jpg?resize=300%2C200&amp;ssl=1 300w, https:\/\/i0.wp.com\/idnu.ch\/wordpress\/wp-content\/uploads\/2024\/10\/camargue-20240924-25-Bearbeitet.jpg?resize=1024%2C683&amp;ssl=1 1024w, https:\/\/i0.wp.com\/idnu.ch\/wordpress\/wp-content\/uploads\/2024\/10\/camargue-20240924-25-Bearbeitet.jpg?resize=768%2C512&amp;ssl=1 768w, https:\/\/i0.wp.com\/idnu.ch\/wordpress\/wp-content\/uploads\/2024\/10\/camargue-20240924-25-Bearbeitet.jpg?resize=150%2C100&amp;ssl=1 150w\" width=\"245\" height=\"163\" loading=\"lazy\" data-original-width=\"245\" data-original-height=\"163\" itemprop=\"http:\/\/schema.org\/image\" title=\"Cool, cooler, Kuhreiher\" alt=\"Cool, cooler, Kuhreiher: Ride like a boss\" style=\"width: 245px; height: 163px;\" \/> <\/a> <div class=\"tiled-gallery-caption\" itemprop=\"caption description\"> Cool, cooler, Kuhreiher: Ride like a boss <\/div> <\/div> <\/div> <!-- close group --> <\/div> <!-- close row --> <div class=\"gallery-row\" style=\"width: 750px; height: 501px;\" data-original-width=\"750\" data-original-height=\"501\" > <div class=\"gallery-group images-1\" style=\"width: 750px; height: 501px;\" data-original-width=\"750\" data-original-height=\"501\" > <div class=\"tiled-gallery-item tiled-gallery-item-large\" itemprop=\"associatedMedia\" itemscope itemtype=\"http:\/\/schema.org\/ImageObject\"> <a href=\"https:\/\/idnu.ch\/wordpress\/camargue-land-zwischen-himmel-und-wasser\/camargue-20240924-31-bearbeitet\/#main\" border=\"0\" itemprop=\"url\"> <meta itemprop=\"width\" content=\"746\"> <meta itemprop=\"height\" content=\"497\"> <img decoding=\"async\" class=\"\" data-attachment-id=\"26739\" data-orig-file=\"https:\/\/idnu.ch\/wordpress\/wp-content\/uploads\/2024\/10\/camargue-20240924-31-Bearbeitet.jpg\" data-orig-size=\"1240,826\" data-comments-opened=\"1\" data-image-meta=\"{&quot;aperture&quot;:&quot;8&quot;,&quot;credit&quot;:&quot;Urs Kyburz&quot;,&quot;camera&quot;:&quot;Canon EOS R6m2&quot;,&quot;caption&quot;:&quot;&quot;,&quot;created_timestamp&quot;:&quot;1727164465&quot;,&quot;copyright&quot;:&quot;All rights reserved&quot;,&quot;focal_length&quot;:&quot;500&quot;,&quot;iso&quot;:&quot;2000&quot;,&quot;shutter_speed&quot;:&quot;0.001&quot;,&quot;title&quot;:&quot;&quot;,&quot;orientation&quot;:&quot;0&quot;}\" data-image-title=\"Schilfrohrs\u00e4nger\" data-image-description=\"\" data-medium-file=\"https:\/\/i0.wp.com\/idnu.ch\/wordpress\/wp-content\/uploads\/2024\/10\/camargue-20240924-31-Bearbeitet.jpg?fit=300%2C200&#038;ssl=1\" data-large-file=\"https:\/\/i0.wp.com\/idnu.ch\/wordpress\/wp-content\/uploads\/2024\/10\/camargue-20240924-31-Bearbeitet.jpg?fit=750%2C500&#038;ssl=1\" src=\"https:\/\/i0.wp.com\/idnu.ch\/wordpress\/wp-content\/uploads\/2024\/10\/camargue-20240924-31-Bearbeitet.jpg?w=746&#038;h=497&#038;ssl=1\" srcset=\"https:\/\/i0.wp.com\/idnu.ch\/wordpress\/wp-content\/uploads\/2024\/10\/camargue-20240924-31-Bearbeitet.jpg?w=1240&amp;ssl=1 1240w, https:\/\/i0.wp.com\/idnu.ch\/wordpress\/wp-content\/uploads\/2024\/10\/camargue-20240924-31-Bearbeitet.jpg?resize=300%2C200&amp;ssl=1 300w, https:\/\/i0.wp.com\/idnu.ch\/wordpress\/wp-content\/uploads\/2024\/10\/camargue-20240924-31-Bearbeitet.jpg?resize=1024%2C682&amp;ssl=1 1024w, https:\/\/i0.wp.com\/idnu.ch\/wordpress\/wp-content\/uploads\/2024\/10\/camargue-20240924-31-Bearbeitet.jpg?resize=768%2C512&amp;ssl=1 768w, https:\/\/i0.wp.com\/idnu.ch\/wordpress\/wp-content\/uploads\/2024\/10\/camargue-20240924-31-Bearbeitet.jpg?resize=150%2C100&amp;ssl=1 150w\" width=\"746\" height=\"497\" loading=\"lazy\" data-original-width=\"746\" data-original-height=\"497\" itemprop=\"http:\/\/schema.org\/image\" title=\"Schilfrohrs\u00e4nger\" alt=\"Schilfrohrs\u00e4nger\" style=\"width: 746px; height: 497px;\" \/> <\/a> <div class=\"tiled-gallery-caption\" itemprop=\"caption description\"> Schilfrohrs\u00e4nger <\/div> <\/div> <\/div> <!-- close group --> <\/div> <!-- close row --> <\/div>\n<p>Auf einer Rinderweide (oder wie man das nennen will, Gras hatte es keines mehr, nur Stroh) h\u00fcpften gut getarnte V\u00f6gel. Ein Blick durchs Fernrohr ergab, dass es sich um Haubenlerchen handelte. Von der Strasse zweigte ein Pfad Richtung \u00c9tang ab, dem wir folgten. Nebst den Sandregenpfeifern entdeckten wir eine wahre Rarit\u00e4t: Ein Odinsh\u00fchnchen! Diese kleine Limikole br\u00fctet im Norden von Skandinavien und Russland und zieht im Herbst aufs Arabische Meer, wo sie \u00fcberwintert. Nur einzelne verirren sich westw\u00e4rts.<\/p>\n<div class=\"tiled-gallery type-rectangular tiled-gallery-unresized\" data-original-width=\"750\" data-carousel-extra='{&quot;blog_id&quot;:1,&quot;permalink&quot;:&quot;https:\\\/\\\/idnu.ch\\\/wordpress\\\/camargue-land-zwischen-himmel-und-wasser\\\/&quot;,&quot;likes_blog_id&quot;:100184974}' itemscope itemtype=\"http:\/\/schema.org\/ImageGallery\" > <div class=\"gallery-row\" style=\"width: 750px; height: 335px;\" data-original-width=\"750\" data-original-height=\"335\" > <div class=\"gallery-group images-1\" style=\"width: 501px; height: 335px;\" data-original-width=\"501\" data-original-height=\"335\" > <div class=\"tiled-gallery-item tiled-gallery-item-large\" itemprop=\"associatedMedia\" itemscope itemtype=\"http:\/\/schema.org\/ImageObject\"> <a href=\"https:\/\/idnu.ch\/wordpress\/camargue-land-zwischen-himmel-und-wasser\/camargue-20240924-48-bearbeitet\/#main\" border=\"0\" itemprop=\"url\"> <meta itemprop=\"width\" content=\"497\"> <meta itemprop=\"height\" content=\"331\"> <img decoding=\"async\" class=\"\" data-attachment-id=\"26740\" data-orig-file=\"https:\/\/idnu.ch\/wordpress\/wp-content\/uploads\/2024\/10\/camargue-20240924-48-Bearbeitet.jpg\" data-orig-size=\"1240,827\" data-comments-opened=\"1\" data-image-meta=\"{&quot;aperture&quot;:&quot;8&quot;,&quot;credit&quot;:&quot;Urs Kyburz&quot;,&quot;camera&quot;:&quot;Canon EOS R6m2&quot;,&quot;caption&quot;:&quot;&quot;,&quot;created_timestamp&quot;:&quot;1727169711&quot;,&quot;copyright&quot;:&quot;All rights reserved&quot;,&quot;focal_length&quot;:&quot;500&quot;,&quot;iso&quot;:&quot;640&quot;,&quot;shutter_speed&quot;:&quot;0.000625&quot;,&quot;title&quot;:&quot;&quot;,&quot;orientation&quot;:&quot;0&quot;}\" data-image-title=\"Flamingo im Vorbeiflug\" data-image-description=\"\" data-medium-file=\"https:\/\/i0.wp.com\/idnu.ch\/wordpress\/wp-content\/uploads\/2024\/10\/camargue-20240924-48-Bearbeitet.jpg?fit=300%2C200&#038;ssl=1\" data-large-file=\"https:\/\/i0.wp.com\/idnu.ch\/wordpress\/wp-content\/uploads\/2024\/10\/camargue-20240924-48-Bearbeitet.jpg?fit=750%2C500&#038;ssl=1\" src=\"https:\/\/i0.wp.com\/idnu.ch\/wordpress\/wp-content\/uploads\/2024\/10\/camargue-20240924-48-Bearbeitet.jpg?w=497&#038;h=331&#038;ssl=1\" srcset=\"https:\/\/i0.wp.com\/idnu.ch\/wordpress\/wp-content\/uploads\/2024\/10\/camargue-20240924-48-Bearbeitet.jpg?w=1240&amp;ssl=1 1240w, https:\/\/i0.wp.com\/idnu.ch\/wordpress\/wp-content\/uploads\/2024\/10\/camargue-20240924-48-Bearbeitet.jpg?resize=300%2C200&amp;ssl=1 300w, https:\/\/i0.wp.com\/idnu.ch\/wordpress\/wp-content\/uploads\/2024\/10\/camargue-20240924-48-Bearbeitet.jpg?resize=1024%2C683&amp;ssl=1 1024w, https:\/\/i0.wp.com\/idnu.ch\/wordpress\/wp-content\/uploads\/2024\/10\/camargue-20240924-48-Bearbeitet.jpg?resize=768%2C512&amp;ssl=1 768w, https:\/\/i0.wp.com\/idnu.ch\/wordpress\/wp-content\/uploads\/2024\/10\/camargue-20240924-48-Bearbeitet.jpg?resize=150%2C100&amp;ssl=1 150w\" width=\"497\" height=\"331\" loading=\"lazy\" data-original-width=\"497\" data-original-height=\"331\" itemprop=\"http:\/\/schema.org\/image\" title=\"Flamingo im Vorbeiflug\" alt=\"Flamingo im Vorbeiflug\" style=\"width: 497px; height: 331px;\" \/> <\/a> <div class=\"tiled-gallery-caption\" itemprop=\"caption description\"> Flamingo im Vorbeiflug <\/div> <\/div> <\/div> <!-- close group --> <div class=\"gallery-group images-2\" style=\"width: 249px; height: 335px;\" data-original-width=\"249\" data-original-height=\"335\" > <div class=\"tiled-gallery-item tiled-gallery-item-small\" itemprop=\"associatedMedia\" itemscope itemtype=\"http:\/\/schema.org\/ImageObject\"> <a href=\"https:\/\/idnu.ch\/wordpress\/camargue-land-zwischen-himmel-und-wasser\/camargue-20240924-96-bearbeitet\/#main\" border=\"0\" itemprop=\"url\"> <meta itemprop=\"width\" content=\"245\"> <meta itemprop=\"height\" content=\"164\"> <img decoding=\"async\" class=\"\" data-attachment-id=\"26742\" data-orig-file=\"https:\/\/idnu.ch\/wordpress\/wp-content\/uploads\/2024\/10\/camargue-20240924-96-Bearbeitet.jpg\" data-orig-size=\"1240,827\" data-comments-opened=\"1\" data-image-meta=\"{&quot;aperture&quot;:&quot;7.1&quot;,&quot;credit&quot;:&quot;Urs Kyburz&quot;,&quot;camera&quot;:&quot;Canon EOS R6m2&quot;,&quot;caption&quot;:&quot;&quot;,&quot;created_timestamp&quot;:&quot;1727170479&quot;,&quot;copyright&quot;:&quot;All rights reserved&quot;,&quot;focal_length&quot;:&quot;500&quot;,&quot;iso&quot;:&quot;640&quot;,&quot;shutter_speed&quot;:&quot;0.000625&quot;,&quot;title&quot;:&quot;&quot;,&quot;orientation&quot;:&quot;0&quot;}\" data-image-title=\"Das Odinsh\u00fchnchen\" data-image-description=\"\" data-medium-file=\"https:\/\/i0.wp.com\/idnu.ch\/wordpress\/wp-content\/uploads\/2024\/10\/camargue-20240924-96-Bearbeitet.jpg?fit=300%2C200&#038;ssl=1\" data-large-file=\"https:\/\/i0.wp.com\/idnu.ch\/wordpress\/wp-content\/uploads\/2024\/10\/camargue-20240924-96-Bearbeitet.jpg?fit=750%2C500&#038;ssl=1\" src=\"https:\/\/i0.wp.com\/idnu.ch\/wordpress\/wp-content\/uploads\/2024\/10\/camargue-20240924-96-Bearbeitet.jpg?w=245&#038;h=164&#038;ssl=1\" srcset=\"https:\/\/i0.wp.com\/idnu.ch\/wordpress\/wp-content\/uploads\/2024\/10\/camargue-20240924-96-Bearbeitet.jpg?w=1240&amp;ssl=1 1240w, https:\/\/i0.wp.com\/idnu.ch\/wordpress\/wp-content\/uploads\/2024\/10\/camargue-20240924-96-Bearbeitet.jpg?resize=300%2C200&amp;ssl=1 300w, https:\/\/i0.wp.com\/idnu.ch\/wordpress\/wp-content\/uploads\/2024\/10\/camargue-20240924-96-Bearbeitet.jpg?resize=1024%2C683&amp;ssl=1 1024w, https:\/\/i0.wp.com\/idnu.ch\/wordpress\/wp-content\/uploads\/2024\/10\/camargue-20240924-96-Bearbeitet.jpg?resize=768%2C512&amp;ssl=1 768w, https:\/\/i0.wp.com\/idnu.ch\/wordpress\/wp-content\/uploads\/2024\/10\/camargue-20240924-96-Bearbeitet.jpg?resize=150%2C100&amp;ssl=1 150w\" width=\"245\" height=\"164\" loading=\"lazy\" data-original-width=\"245\" data-original-height=\"164\" itemprop=\"http:\/\/schema.org\/image\" title=\"Das Odinsh\u00fchnchen\" alt=\"Das Odinsh\u00fchnchen\" style=\"width: 245px; height: 164px;\" \/> <\/a> <div class=\"tiled-gallery-caption\" itemprop=\"caption description\"> Das Odinsh\u00fchnchen <\/div> <\/div> <div class=\"tiled-gallery-item tiled-gallery-item-small\" itemprop=\"associatedMedia\" itemscope itemtype=\"http:\/\/schema.org\/ImageObject\"> <a href=\"https:\/\/idnu.ch\/wordpress\/camargue-land-zwischen-himmel-und-wasser\/camargue-20240924-80-bearbeitet\/#main\" border=\"0\" itemprop=\"url\"> <meta itemprop=\"width\" content=\"245\"> <meta itemprop=\"height\" content=\"163\"> <img decoding=\"async\" class=\"\" data-attachment-id=\"26741\" data-orig-file=\"https:\/\/idnu.ch\/wordpress\/wp-content\/uploads\/2024\/10\/camargue-20240924-80-Bearbeitet.jpg\" data-orig-size=\"1240,827\" data-comments-opened=\"1\" data-image-meta=\"{&quot;aperture&quot;:&quot;7.1&quot;,&quot;credit&quot;:&quot;Urs Kyburz&quot;,&quot;camera&quot;:&quot;Canon EOS R6m2&quot;,&quot;caption&quot;:&quot;&quot;,&quot;created_timestamp&quot;:&quot;1727170477&quot;,&quot;copyright&quot;:&quot;All rights reserved&quot;,&quot;focal_length&quot;:&quot;500&quot;,&quot;iso&quot;:&quot;640&quot;,&quot;shutter_speed&quot;:&quot;0.000625&quot;,&quot;title&quot;:&quot;&quot;,&quot;orientation&quot;:&quot;0&quot;}\" data-image-title=\"Auch ein sch\u00f6ner R\u00fccken kann entz\u00fccken: Das Odinsh\u00fchnchen von hinten\" data-image-description=\"\" data-medium-file=\"https:\/\/i0.wp.com\/idnu.ch\/wordpress\/wp-content\/uploads\/2024\/10\/camargue-20240924-80-Bearbeitet.jpg?fit=300%2C200&#038;ssl=1\" data-large-file=\"https:\/\/i0.wp.com\/idnu.ch\/wordpress\/wp-content\/uploads\/2024\/10\/camargue-20240924-80-Bearbeitet.jpg?fit=750%2C500&#038;ssl=1\" src=\"https:\/\/i0.wp.com\/idnu.ch\/wordpress\/wp-content\/uploads\/2024\/10\/camargue-20240924-80-Bearbeitet.jpg?w=245&#038;h=163&#038;ssl=1\" srcset=\"https:\/\/i0.wp.com\/idnu.ch\/wordpress\/wp-content\/uploads\/2024\/10\/camargue-20240924-80-Bearbeitet.jpg?w=1240&amp;ssl=1 1240w, https:\/\/i0.wp.com\/idnu.ch\/wordpress\/wp-content\/uploads\/2024\/10\/camargue-20240924-80-Bearbeitet.jpg?resize=300%2C200&amp;ssl=1 300w, https:\/\/i0.wp.com\/idnu.ch\/wordpress\/wp-content\/uploads\/2024\/10\/camargue-20240924-80-Bearbeitet.jpg?resize=1024%2C683&amp;ssl=1 1024w, https:\/\/i0.wp.com\/idnu.ch\/wordpress\/wp-content\/uploads\/2024\/10\/camargue-20240924-80-Bearbeitet.jpg?resize=768%2C512&amp;ssl=1 768w, https:\/\/i0.wp.com\/idnu.ch\/wordpress\/wp-content\/uploads\/2024\/10\/camargue-20240924-80-Bearbeitet.jpg?resize=150%2C100&amp;ssl=1 150w\" width=\"245\" height=\"163\" loading=\"lazy\" data-original-width=\"245\" data-original-height=\"163\" itemprop=\"http:\/\/schema.org\/image\" title=\"Auch ein sch\u00f6ner R\u00fccken kann entz\u00fccken: Das Odinsh\u00fchnchen von hinten\" alt=\"Auch ein sch\u00f6ner R\u00fccken kann entz\u00fccken: Das Odinsh\u00fchnchen von hinten\" style=\"width: 245px; height: 163px;\" \/> <\/a> <div class=\"tiled-gallery-caption\" itemprop=\"caption description\"> Auch ein sch\u00f6ner R\u00fccken kann entz\u00fccken: Das Odinsh\u00fchnchen von hinten <\/div> <\/div> <\/div> <!-- close group --> <\/div> <!-- close row --> <\/div>\n<p>Ich war gerade mit der einen Kamera besch\u00e4ftigt, als es draussen im Wasser &#8222;platsch&#8220; machte. Schnell schaute ich hoch und entdeckte &#8211; einen Fischadler! Er war auf Fischfang. Er schickte sich an, gleich nochmals einzutauchen. Ich nahm schnell die andere Kamera mit dem langen Objektiv und hielt drauf &#8211; erwischt! Ich konnte den ganzen Ablauf festhalten!<\/p>\n<p class=\"jetpack-slideshow-noscript robots-nocontent\">Diese Diashow ben\u00f6tigt JavaScript.<\/p><div id=\"gallery-26665-1-slideshow\" class=\"jetpack-slideshow-window jetpack-slideshow jetpack-slideshow-black\" data-trans=\"fade\" data-autostart=\"1\" data-gallery=\"[{&quot;src&quot;:&quot;https:\\\/\\\/i0.wp.com\\\/idnu.ch\\\/wordpress\\\/wp-content\\\/uploads\\\/2024\\\/10\\\/camargue-20240924-146-Bearbeitet.jpg?fit=1240%2C827\\u0026ssl=1&quot;,&quot;id&quot;:&quot;26743&quot;,&quot;title&quot;:&quot;Fischadler auf Fischfang&quot;,&quot;alt&quot;:&quot;&quot;,&quot;caption&quot;:&quot;Fischadler auf Fischfang&quot;,&quot;itemprop&quot;:&quot;image&quot;},{&quot;src&quot;:&quot;https:\\\/\\\/i0.wp.com\\\/idnu.ch\\\/wordpress\\\/wp-content\\\/uploads\\\/2024\\\/10\\\/camargue-20240924-147-Bearbeitet.jpg?fit=1240%2C827\\u0026ssl=1&quot;,&quot;id&quot;:&quot;26744&quot;,&quot;title&quot;:&quot;&quot;,&quot;alt&quot;:&quot;&quot;,&quot;caption&quot;:&quot;&quot;,&quot;itemprop&quot;:&quot;image&quot;},{&quot;src&quot;:&quot;https:\\\/\\\/i0.wp.com\\\/idnu.ch\\\/wordpress\\\/wp-content\\\/uploads\\\/2024\\\/10\\\/camargue-20240924-148-Bearbeitet.jpg?fit=1240%2C827\\u0026ssl=1&quot;,&quot;id&quot;:&quot;26745&quot;,&quot;title&quot;:&quot;&quot;,&quot;alt&quot;:&quot;&quot;,&quot;caption&quot;:&quot;&quot;,&quot;itemprop&quot;:&quot;image&quot;},{&quot;src&quot;:&quot;https:\\\/\\\/i0.wp.com\\\/idnu.ch\\\/wordpress\\\/wp-content\\\/uploads\\\/2024\\\/10\\\/camargue-20240924-149-Bearbeitet.jpg?fit=1240%2C827\\u0026ssl=1&quot;,&quot;id&quot;:&quot;26746&quot;,&quot;title&quot;:&quot;&quot;,&quot;alt&quot;:&quot;&quot;,&quot;caption&quot;:&quot;&quot;,&quot;itemprop&quot;:&quot;image&quot;},{&quot;src&quot;:&quot;https:\\\/\\\/i0.wp.com\\\/idnu.ch\\\/wordpress\\\/wp-content\\\/uploads\\\/2024\\\/10\\\/camargue-20240924-150-Bearbeitet.jpg?fit=1240%2C827\\u0026ssl=1&quot;,&quot;id&quot;:&quot;26747&quot;,&quot;title&quot;:&quot;&quot;,&quot;alt&quot;:&quot;&quot;,&quot;caption&quot;:&quot;&quot;,&quot;itemprop&quot;:&quot;image&quot;},{&quot;src&quot;:&quot;https:\\\/\\\/i0.wp.com\\\/idnu.ch\\\/wordpress\\\/wp-content\\\/uploads\\\/2024\\\/10\\\/camargue-20240924-151-Bearbeitet.jpg?fit=1240%2C827\\u0026ssl=1&quot;,&quot;id&quot;:&quot;26748&quot;,&quot;title&quot;:&quot;&quot;,&quot;alt&quot;:&quot;&quot;,&quot;caption&quot;:&quot;&quot;,&quot;itemprop&quot;:&quot;image&quot;},{&quot;src&quot;:&quot;https:\\\/\\\/i0.wp.com\\\/idnu.ch\\\/wordpress\\\/wp-content\\\/uploads\\\/2024\\\/10\\\/camargue-20240924-152-Bearbeitet.jpg?fit=1240%2C827\\u0026ssl=1&quot;,&quot;id&quot;:&quot;26749&quot;,&quot;title&quot;:&quot;&quot;,&quot;alt&quot;:&quot;&quot;,&quot;caption&quot;:&quot;&quot;,&quot;itemprop&quot;:&quot;image&quot;},{&quot;src&quot;:&quot;https:\\\/\\\/i0.wp.com\\\/idnu.ch\\\/wordpress\\\/wp-content\\\/uploads\\\/2024\\\/10\\\/camargue-20240924-153-Bearbeitet.jpg?fit=1240%2C827\\u0026ssl=1&quot;,&quot;id&quot;:&quot;26750&quot;,&quot;title&quot;:&quot;&quot;,&quot;alt&quot;:&quot;&quot;,&quot;caption&quot;:&quot;&quot;,&quot;itemprop&quot;:&quot;image&quot;},{&quot;src&quot;:&quot;https:\\\/\\\/i0.wp.com\\\/idnu.ch\\\/wordpress\\\/wp-content\\\/uploads\\\/2024\\\/10\\\/camargue-20240924-168-Bearbeitet.jpg?fit=1240%2C827\\u0026ssl=1&quot;,&quot;id&quot;:&quot;26751&quot;,&quot;title&quot;:&quot;&quot;,&quot;alt&quot;:&quot;&quot;,&quot;caption&quot;:&quot;&quot;,&quot;itemprop&quot;:&quot;image&quot;}]\" itemscope itemtype=\"https:\/\/schema.org\/ImageGallery\"><\/div>\n<p>Wir gingen den gleichen Weg zur\u00fcck und entdeckten einige Sichler, die im flachen Wasser nach Nahrung suchten.<\/p>\n<div class=\"tiled-gallery type-rectangular tiled-gallery-unresized\" data-original-width=\"750\" data-carousel-extra='{&quot;blog_id&quot;:1,&quot;permalink&quot;:&quot;https:\\\/\\\/idnu.ch\\\/wordpress\\\/camargue-land-zwischen-himmel-und-wasser\\\/&quot;,&quot;likes_blog_id&quot;:100184974}' itemscope itemtype=\"http:\/\/schema.org\/ImageGallery\" > <div class=\"gallery-row\" style=\"width: 750px; height: 335px;\" data-original-width=\"750\" data-original-height=\"335\" > <div class=\"gallery-group images-1\" style=\"width: 501px; height: 335px;\" data-original-width=\"501\" data-original-height=\"335\" > <div class=\"tiled-gallery-item tiled-gallery-item-large\" itemprop=\"associatedMedia\" itemscope itemtype=\"http:\/\/schema.org\/ImageObject\"> <a href=\"https:\/\/idnu.ch\/wordpress\/camargue-land-zwischen-himmel-und-wasser\/camargue-20240924-171-bearbeitet\/#main\" border=\"0\" itemprop=\"url\"> <meta itemprop=\"width\" content=\"497\"> <meta itemprop=\"height\" content=\"331\"> <img decoding=\"async\" class=\"\" data-attachment-id=\"26754\" data-orig-file=\"https:\/\/idnu.ch\/wordpress\/wp-content\/uploads\/2024\/10\/camargue-20240924-171-Bearbeitet.jpg\" data-orig-size=\"1240,827\" data-comments-opened=\"1\" data-image-meta=\"{&quot;aperture&quot;:&quot;7.1&quot;,&quot;credit&quot;:&quot;Urs Kyburz&quot;,&quot;camera&quot;:&quot;Canon EOS R6m2&quot;,&quot;caption&quot;:&quot;&quot;,&quot;created_timestamp&quot;:&quot;1727175447&quot;,&quot;copyright&quot;:&quot;All rights reserved&quot;,&quot;focal_length&quot;:&quot;500&quot;,&quot;iso&quot;:&quot;500&quot;,&quot;shutter_speed&quot;:&quot;0.0008&quot;,&quot;title&quot;:&quot;&quot;,&quot;orientation&quot;:&quot;0&quot;}\" data-image-title=\"Seeregenpfeifer\" data-image-description=\"\" data-medium-file=\"https:\/\/i0.wp.com\/idnu.ch\/wordpress\/wp-content\/uploads\/2024\/10\/camargue-20240924-171-Bearbeitet.jpg?fit=300%2C200&#038;ssl=1\" data-large-file=\"https:\/\/i0.wp.com\/idnu.ch\/wordpress\/wp-content\/uploads\/2024\/10\/camargue-20240924-171-Bearbeitet.jpg?fit=750%2C500&#038;ssl=1\" src=\"https:\/\/i0.wp.com\/idnu.ch\/wordpress\/wp-content\/uploads\/2024\/10\/camargue-20240924-171-Bearbeitet.jpg?w=497&#038;h=331&#038;ssl=1\" srcset=\"https:\/\/i0.wp.com\/idnu.ch\/wordpress\/wp-content\/uploads\/2024\/10\/camargue-20240924-171-Bearbeitet.jpg?w=1240&amp;ssl=1 1240w, https:\/\/i0.wp.com\/idnu.ch\/wordpress\/wp-content\/uploads\/2024\/10\/camargue-20240924-171-Bearbeitet.jpg?resize=300%2C200&amp;ssl=1 300w, https:\/\/i0.wp.com\/idnu.ch\/wordpress\/wp-content\/uploads\/2024\/10\/camargue-20240924-171-Bearbeitet.jpg?resize=1024%2C683&amp;ssl=1 1024w, https:\/\/i0.wp.com\/idnu.ch\/wordpress\/wp-content\/uploads\/2024\/10\/camargue-20240924-171-Bearbeitet.jpg?resize=768%2C512&amp;ssl=1 768w, https:\/\/i0.wp.com\/idnu.ch\/wordpress\/wp-content\/uploads\/2024\/10\/camargue-20240924-171-Bearbeitet.jpg?resize=150%2C100&amp;ssl=1 150w\" width=\"497\" height=\"331\" loading=\"lazy\" data-original-width=\"497\" data-original-height=\"331\" itemprop=\"http:\/\/schema.org\/image\" title=\"Seeregenpfeifer\" alt=\"Seeregenpfeifer\" style=\"width: 497px; height: 331px;\" \/> <\/a> <div class=\"tiled-gallery-caption\" itemprop=\"caption description\"> Seeregenpfeifer <\/div> <\/div> <\/div> <!-- close group --> <div class=\"gallery-group images-2\" style=\"width: 249px; height: 335px;\" data-original-width=\"249\" data-original-height=\"335\" > <div class=\"tiled-gallery-item tiled-gallery-item-small\" itemprop=\"associatedMedia\" itemscope itemtype=\"http:\/\/schema.org\/ImageObject\"> <a href=\"https:\/\/idnu.ch\/wordpress\/camargue-land-zwischen-himmel-und-wasser\/camargue-20240924-172-bearbeitet\/#main\" border=\"0\" itemprop=\"url\"> <meta itemprop=\"width\" content=\"245\"> <meta itemprop=\"height\" content=\"164\"> <img decoding=\"async\" class=\"\" data-attachment-id=\"26755\" data-orig-file=\"https:\/\/idnu.ch\/wordpress\/wp-content\/uploads\/2024\/10\/camargue-20240924-172-Bearbeitet.jpg\" data-orig-size=\"1240,827\" data-comments-opened=\"1\" data-image-meta=\"{&quot;aperture&quot;:&quot;4.5&quot;,&quot;credit&quot;:&quot;Urs Kyburz&quot;,&quot;camera&quot;:&quot;Canon EOS R6m2&quot;,&quot;caption&quot;:&quot;&quot;,&quot;created_timestamp&quot;:&quot;1727175897&quot;,&quot;copyright&quot;:&quot;All rights reserved&quot;,&quot;focal_length&quot;:&quot;100&quot;,&quot;iso&quot;:&quot;200&quot;,&quot;shutter_speed&quot;:&quot;0.0008&quot;,&quot;title&quot;:&quot;&quot;,&quot;orientation&quot;:&quot;0&quot;}\" data-image-title=\"Schon etwas m\u00fcde\" data-image-description=\"\" data-medium-file=\"https:\/\/i0.wp.com\/idnu.ch\/wordpress\/wp-content\/uploads\/2024\/10\/camargue-20240924-172-Bearbeitet.jpg?fit=300%2C200&#038;ssl=1\" data-large-file=\"https:\/\/i0.wp.com\/idnu.ch\/wordpress\/wp-content\/uploads\/2024\/10\/camargue-20240924-172-Bearbeitet.jpg?fit=750%2C500&#038;ssl=1\" src=\"https:\/\/i0.wp.com\/idnu.ch\/wordpress\/wp-content\/uploads\/2024\/10\/camargue-20240924-172-Bearbeitet.jpg?w=245&#038;h=164&#038;ssl=1\" srcset=\"https:\/\/i0.wp.com\/idnu.ch\/wordpress\/wp-content\/uploads\/2024\/10\/camargue-20240924-172-Bearbeitet.jpg?w=1240&amp;ssl=1 1240w, https:\/\/i0.wp.com\/idnu.ch\/wordpress\/wp-content\/uploads\/2024\/10\/camargue-20240924-172-Bearbeitet.jpg?resize=300%2C200&amp;ssl=1 300w, https:\/\/i0.wp.com\/idnu.ch\/wordpress\/wp-content\/uploads\/2024\/10\/camargue-20240924-172-Bearbeitet.jpg?resize=1024%2C683&amp;ssl=1 1024w, https:\/\/i0.wp.com\/idnu.ch\/wordpress\/wp-content\/uploads\/2024\/10\/camargue-20240924-172-Bearbeitet.jpg?resize=768%2C512&amp;ssl=1 768w, https:\/\/i0.wp.com\/idnu.ch\/wordpress\/wp-content\/uploads\/2024\/10\/camargue-20240924-172-Bearbeitet.jpg?resize=150%2C100&amp;ssl=1 150w\" width=\"245\" height=\"164\" loading=\"lazy\" data-original-width=\"245\" data-original-height=\"164\" itemprop=\"http:\/\/schema.org\/image\" title=\"Schon etwas m\u00fcde\" alt=\"Schon etwas m\u00fcde\" style=\"width: 245px; height: 164px;\" \/> <\/a> <div class=\"tiled-gallery-caption\" itemprop=\"caption description\"> Schon etwas m\u00fcde <\/div> <\/div> <div class=\"tiled-gallery-item tiled-gallery-item-small\" itemprop=\"associatedMedia\" itemscope itemtype=\"http:\/\/schema.org\/ImageObject\"> <a href=\"https:\/\/idnu.ch\/wordpress\/camargue-land-zwischen-himmel-und-wasser\/camargue-20240924-176-bearbeitet\/#main\" border=\"0\" itemprop=\"url\"> <meta itemprop=\"width\" content=\"245\"> <meta itemprop=\"height\" content=\"163\"> <img decoding=\"async\" class=\"\" data-attachment-id=\"26756\" data-orig-file=\"https:\/\/idnu.ch\/wordpress\/wp-content\/uploads\/2024\/10\/camargue-20240924-176-Bearbeitet.jpg\" data-orig-size=\"1240,827\" data-comments-opened=\"1\" data-image-meta=\"{&quot;aperture&quot;:&quot;7.1&quot;,&quot;credit&quot;:&quot;Urs Kyburz&quot;,&quot;camera&quot;:&quot;Canon EOS R6m2&quot;,&quot;caption&quot;:&quot;&quot;,&quot;created_timestamp&quot;:&quot;1727178956&quot;,&quot;copyright&quot;:&quot;All rights reserved&quot;,&quot;focal_length&quot;:&quot;500&quot;,&quot;iso&quot;:&quot;400&quot;,&quot;shutter_speed&quot;:&quot;0.0008&quot;,&quot;title&quot;:&quot;&quot;,&quot;orientation&quot;:&quot;0&quot;}\" data-image-title=\"Einer der Sichler\" data-image-description=\"\" data-medium-file=\"https:\/\/i0.wp.com\/idnu.ch\/wordpress\/wp-content\/uploads\/2024\/10\/camargue-20240924-176-Bearbeitet.jpg?fit=300%2C200&#038;ssl=1\" data-large-file=\"https:\/\/i0.wp.com\/idnu.ch\/wordpress\/wp-content\/uploads\/2024\/10\/camargue-20240924-176-Bearbeitet.jpg?fit=750%2C500&#038;ssl=1\" src=\"https:\/\/i0.wp.com\/idnu.ch\/wordpress\/wp-content\/uploads\/2024\/10\/camargue-20240924-176-Bearbeitet.jpg?w=245&#038;h=163&#038;ssl=1\" srcset=\"https:\/\/i0.wp.com\/idnu.ch\/wordpress\/wp-content\/uploads\/2024\/10\/camargue-20240924-176-Bearbeitet.jpg?w=1240&amp;ssl=1 1240w, https:\/\/i0.wp.com\/idnu.ch\/wordpress\/wp-content\/uploads\/2024\/10\/camargue-20240924-176-Bearbeitet.jpg?resize=300%2C200&amp;ssl=1 300w, https:\/\/i0.wp.com\/idnu.ch\/wordpress\/wp-content\/uploads\/2024\/10\/camargue-20240924-176-Bearbeitet.jpg?resize=1024%2C683&amp;ssl=1 1024w, https:\/\/i0.wp.com\/idnu.ch\/wordpress\/wp-content\/uploads\/2024\/10\/camargue-20240924-176-Bearbeitet.jpg?resize=768%2C512&amp;ssl=1 768w, https:\/\/i0.wp.com\/idnu.ch\/wordpress\/wp-content\/uploads\/2024\/10\/camargue-20240924-176-Bearbeitet.jpg?resize=150%2C100&amp;ssl=1 150w\" width=\"245\" height=\"163\" loading=\"lazy\" data-original-width=\"245\" data-original-height=\"163\" itemprop=\"http:\/\/schema.org\/image\" title=\"Einer der Sichler\" alt=\"Einer der Sichler\" style=\"width: 245px; height: 163px;\" \/> <\/a> <div class=\"tiled-gallery-caption\" itemprop=\"caption description\"> Einer der Sichler <\/div> <\/div> <\/div> <!-- close group --> <\/div> <!-- close row --> <\/div>\n<h3 class=\"page-title\">Domaine de M\u00e9janes<\/h3>\n<p>Die zweite Etappe startete bei der Domaine de M\u00e9janes. Dort gibt es eine <a href=\"https:\/\/birdingplaces.eu\/de\/birdingplaces\/france\/domaine-de-mejanes\" target=\"_blank\" rel=\"noopener\">eigene Beobachtungsrunde<\/a>, f\u00fcr die wir allerdings ziemlich lange brauchten, so interessant war es. Steinschm\u00e4tzer, Schafstelzen, Braunkehlchen, Kiebitze und Zistens\u00e4nger zierten unsere Beobachtungsliste, nebst vielen anderen.<\/p>\n<div class=\"tiled-gallery type-rectangular tiled-gallery-unresized\" data-original-width=\"750\" data-carousel-extra='{&quot;blog_id&quot;:1,&quot;permalink&quot;:&quot;https:\\\/\\\/idnu.ch\\\/wordpress\\\/camargue-land-zwischen-himmel-und-wasser\\\/&quot;,&quot;likes_blog_id&quot;:100184974}' itemscope itemtype=\"http:\/\/schema.org\/ImageGallery\" > <div class=\"gallery-row\" style=\"width: 750px; height: 335px;\" data-original-width=\"750\" data-original-height=\"335\" > <div class=\"gallery-group images-1\" style=\"width: 501px; height: 335px;\" data-original-width=\"501\" data-original-height=\"335\" > <div class=\"tiled-gallery-item tiled-gallery-item-large\" itemprop=\"associatedMedia\" itemscope itemtype=\"http:\/\/schema.org\/ImageObject\"> <a href=\"https:\/\/idnu.ch\/wordpress\/camargue-land-zwischen-himmel-und-wasser\/camargue-20240925-4-bearbeitet\/#main\" border=\"0\" itemprop=\"url\"> <meta itemprop=\"width\" content=\"497\"> <meta itemprop=\"height\" content=\"331\"> <img decoding=\"async\" class=\"\" data-attachment-id=\"26757\" data-orig-file=\"https:\/\/idnu.ch\/wordpress\/wp-content\/uploads\/2024\/10\/camargue-20240925-4-Bearbeitet.jpg\" data-orig-size=\"1240,827\" data-comments-opened=\"1\" data-image-meta=\"{&quot;aperture&quot;:&quot;0&quot;,&quot;credit&quot;:&quot;&quot;,&quot;camera&quot;:&quot;&quot;,&quot;caption&quot;:&quot;&quot;,&quot;created_timestamp&quot;:&quot;0&quot;,&quot;copyright&quot;:&quot;All rights reserved&quot;,&quot;focal_length&quot;:&quot;0&quot;,&quot;iso&quot;:&quot;0&quot;,&quot;shutter_speed&quot;:&quot;0&quot;,&quot;title&quot;:&quot;&quot;,&quot;orientation&quot;:&quot;0&quot;}\" data-image-title=\"Steinschm\u00e4tzer, Braunkehlchen und Schafstelzen auf einem Bild: Wann hat man das schon?\" data-image-description=\"\" data-medium-file=\"https:\/\/i0.wp.com\/idnu.ch\/wordpress\/wp-content\/uploads\/2024\/10\/camargue-20240925-4-Bearbeitet.jpg?fit=300%2C200&#038;ssl=1\" data-large-file=\"https:\/\/i0.wp.com\/idnu.ch\/wordpress\/wp-content\/uploads\/2024\/10\/camargue-20240925-4-Bearbeitet.jpg?fit=750%2C500&#038;ssl=1\" src=\"https:\/\/i0.wp.com\/idnu.ch\/wordpress\/wp-content\/uploads\/2024\/10\/camargue-20240925-4-Bearbeitet.jpg?w=497&#038;h=331&#038;ssl=1\" srcset=\"https:\/\/i0.wp.com\/idnu.ch\/wordpress\/wp-content\/uploads\/2024\/10\/camargue-20240925-4-Bearbeitet.jpg?w=1240&amp;ssl=1 1240w, https:\/\/i0.wp.com\/idnu.ch\/wordpress\/wp-content\/uploads\/2024\/10\/camargue-20240925-4-Bearbeitet.jpg?resize=300%2C200&amp;ssl=1 300w, https:\/\/i0.wp.com\/idnu.ch\/wordpress\/wp-content\/uploads\/2024\/10\/camargue-20240925-4-Bearbeitet.jpg?resize=1024%2C683&amp;ssl=1 1024w, https:\/\/i0.wp.com\/idnu.ch\/wordpress\/wp-content\/uploads\/2024\/10\/camargue-20240925-4-Bearbeitet.jpg?resize=768%2C512&amp;ssl=1 768w, https:\/\/i0.wp.com\/idnu.ch\/wordpress\/wp-content\/uploads\/2024\/10\/camargue-20240925-4-Bearbeitet.jpg?resize=150%2C100&amp;ssl=1 150w\" width=\"497\" height=\"331\" loading=\"lazy\" data-original-width=\"497\" data-original-height=\"331\" itemprop=\"http:\/\/schema.org\/image\" title=\"Steinschm\u00e4tzer, Braunkehlchen und Schafstelzen auf einem Bild: Wann hat man das schon?\" alt=\"Steinschm\u00e4tzer, Braunkehlchen und Schafstelzen auf einem Bild: Wann hat man das schon?\" style=\"width: 497px; height: 331px;\" \/> <\/a> <div class=\"tiled-gallery-caption\" itemprop=\"caption description\"> Steinschm\u00e4tzer, Braunkehlchen und Schafstelzen auf einem Bild: Wann hat man das schon? <\/div> <\/div> <\/div> <!-- close group --> <div class=\"gallery-group images-2\" style=\"width: 249px; height: 335px;\" data-original-width=\"249\" data-original-height=\"335\" > <div class=\"tiled-gallery-item tiled-gallery-item-small\" itemprop=\"associatedMedia\" itemscope itemtype=\"http:\/\/schema.org\/ImageObject\"> <a href=\"https:\/\/idnu.ch\/wordpress\/camargue-land-zwischen-himmel-und-wasser\/camargue-20240925-9-bearbeitet\/#main\" border=\"0\" itemprop=\"url\"> <meta itemprop=\"width\" content=\"245\"> <meta itemprop=\"height\" content=\"164\"> <img decoding=\"async\" class=\"\" data-attachment-id=\"26758\" data-orig-file=\"https:\/\/idnu.ch\/wordpress\/wp-content\/uploads\/2024\/10\/camargue-20240925-9-Bearbeitet.jpg\" data-orig-size=\"1240,827\" data-comments-opened=\"1\" data-image-meta=\"{&quot;aperture&quot;:&quot;5.6&quot;,&quot;credit&quot;:&quot;Urs Kyburz&quot;,&quot;camera&quot;:&quot;Canon EOS R6m2&quot;,&quot;caption&quot;:&quot;&quot;,&quot;created_timestamp&quot;:&quot;1727252663&quot;,&quot;copyright&quot;:&quot;All rights reserved&quot;,&quot;focal_length&quot;:&quot;223&quot;,&quot;iso&quot;:&quot;800&quot;,&quot;shutter_speed&quot;:&quot;0.0008&quot;,&quot;title&quot;:&quot;&quot;,&quot;orientation&quot;:&quot;0&quot;}\" data-image-title=\"Extensive Weidehaltung\" data-image-description=\"\" data-medium-file=\"https:\/\/i0.wp.com\/idnu.ch\/wordpress\/wp-content\/uploads\/2024\/10\/camargue-20240925-9-Bearbeitet.jpg?fit=300%2C200&#038;ssl=1\" data-large-file=\"https:\/\/i0.wp.com\/idnu.ch\/wordpress\/wp-content\/uploads\/2024\/10\/camargue-20240925-9-Bearbeitet.jpg?fit=750%2C500&#038;ssl=1\" src=\"https:\/\/i0.wp.com\/idnu.ch\/wordpress\/wp-content\/uploads\/2024\/10\/camargue-20240925-9-Bearbeitet.jpg?w=245&#038;h=164&#038;ssl=1\" srcset=\"https:\/\/i0.wp.com\/idnu.ch\/wordpress\/wp-content\/uploads\/2024\/10\/camargue-20240925-9-Bearbeitet.jpg?w=1240&amp;ssl=1 1240w, https:\/\/i0.wp.com\/idnu.ch\/wordpress\/wp-content\/uploads\/2024\/10\/camargue-20240925-9-Bearbeitet.jpg?resize=300%2C200&amp;ssl=1 300w, https:\/\/i0.wp.com\/idnu.ch\/wordpress\/wp-content\/uploads\/2024\/10\/camargue-20240925-9-Bearbeitet.jpg?resize=1024%2C683&amp;ssl=1 1024w, https:\/\/i0.wp.com\/idnu.ch\/wordpress\/wp-content\/uploads\/2024\/10\/camargue-20240925-9-Bearbeitet.jpg?resize=768%2C512&amp;ssl=1 768w, https:\/\/i0.wp.com\/idnu.ch\/wordpress\/wp-content\/uploads\/2024\/10\/camargue-20240925-9-Bearbeitet.jpg?resize=150%2C100&amp;ssl=1 150w\" width=\"245\" height=\"164\" loading=\"lazy\" data-original-width=\"245\" data-original-height=\"164\" itemprop=\"http:\/\/schema.org\/image\" title=\"Extensive Weidehaltung\" alt=\"Extensive Weidehaltung, ideal f\u00fcr die Biodiversit\u00e4t\" style=\"width: 245px; height: 164px;\" \/> <\/a> <div class=\"tiled-gallery-caption\" itemprop=\"caption description\"> Extensive Weidehaltung, ideal f\u00fcr die Biodiversit\u00e4t <\/div> <\/div> <div class=\"tiled-gallery-item tiled-gallery-item-small\" itemprop=\"associatedMedia\" itemscope itemtype=\"http:\/\/schema.org\/ImageObject\"> <a href=\"https:\/\/idnu.ch\/wordpress\/camargue-land-zwischen-himmel-und-wasser\/camargue-20240925-11-bearbeitet\/#main\" border=\"0\" itemprop=\"url\"> <meta itemprop=\"width\" content=\"245\"> <meta itemprop=\"height\" content=\"163\"> <img decoding=\"async\" class=\"\" data-attachment-id=\"26759\" data-orig-file=\"https:\/\/idnu.ch\/wordpress\/wp-content\/uploads\/2024\/10\/camargue-20240925-11-Bearbeitet.jpg\" data-orig-size=\"1240,827\" data-comments-opened=\"1\" data-image-meta=\"{&quot;aperture&quot;:&quot;8&quot;,&quot;credit&quot;:&quot;Urs Kyburz&quot;,&quot;camera&quot;:&quot;Canon EOS R6m2&quot;,&quot;caption&quot;:&quot;&quot;,&quot;created_timestamp&quot;:&quot;1727253302&quot;,&quot;copyright&quot;:&quot;All rights reserved&quot;,&quot;focal_length&quot;:&quot;500&quot;,&quot;iso&quot;:&quot;640&quot;,&quot;shutter_speed&quot;:&quot;0.0008&quot;,&quot;title&quot;:&quot;&quot;,&quot;orientation&quot;:&quot;0&quot;}\" data-image-title=\"Eine Erstsichtung: Der Zistens\u00e4nger\" data-image-description=\"\" data-medium-file=\"https:\/\/i0.wp.com\/idnu.ch\/wordpress\/wp-content\/uploads\/2024\/10\/camargue-20240925-11-Bearbeitet.jpg?fit=300%2C200&#038;ssl=1\" data-large-file=\"https:\/\/i0.wp.com\/idnu.ch\/wordpress\/wp-content\/uploads\/2024\/10\/camargue-20240925-11-Bearbeitet.jpg?fit=750%2C500&#038;ssl=1\" src=\"https:\/\/i0.wp.com\/idnu.ch\/wordpress\/wp-content\/uploads\/2024\/10\/camargue-20240925-11-Bearbeitet.jpg?w=245&#038;h=163&#038;ssl=1\" srcset=\"https:\/\/i0.wp.com\/idnu.ch\/wordpress\/wp-content\/uploads\/2024\/10\/camargue-20240925-11-Bearbeitet.jpg?w=1240&amp;ssl=1 1240w, https:\/\/i0.wp.com\/idnu.ch\/wordpress\/wp-content\/uploads\/2024\/10\/camargue-20240925-11-Bearbeitet.jpg?resize=300%2C200&amp;ssl=1 300w, https:\/\/i0.wp.com\/idnu.ch\/wordpress\/wp-content\/uploads\/2024\/10\/camargue-20240925-11-Bearbeitet.jpg?resize=1024%2C683&amp;ssl=1 1024w, https:\/\/i0.wp.com\/idnu.ch\/wordpress\/wp-content\/uploads\/2024\/10\/camargue-20240925-11-Bearbeitet.jpg?resize=768%2C512&amp;ssl=1 768w, https:\/\/i0.wp.com\/idnu.ch\/wordpress\/wp-content\/uploads\/2024\/10\/camargue-20240925-11-Bearbeitet.jpg?resize=150%2C100&amp;ssl=1 150w\" width=\"245\" height=\"163\" loading=\"lazy\" data-original-width=\"245\" data-original-height=\"163\" itemprop=\"http:\/\/schema.org\/image\" title=\"Eine Erstsichtung: Der Zistens\u00e4nger\" alt=\"Eine Erstsichtung: Der Zistens\u00e4nger\" style=\"width: 245px; height: 163px;\" \/> <\/a> <div class=\"tiled-gallery-caption\" itemprop=\"caption description\"> Eine Erstsichtung: Der Zistens\u00e4nger <\/div> <\/div> <\/div> <!-- close group --> <\/div> <!-- close row --> <div class=\"gallery-row\" style=\"width: 750px; height: 502px;\" data-original-width=\"750\" data-original-height=\"502\" > <div class=\"gallery-group images-1\" style=\"width: 750px; height: 502px;\" data-original-width=\"750\" data-original-height=\"502\" > <div class=\"tiled-gallery-item tiled-gallery-item-large\" itemprop=\"associatedMedia\" itemscope itemtype=\"http:\/\/schema.org\/ImageObject\"> <a href=\"https:\/\/idnu.ch\/wordpress\/camargue-land-zwischen-himmel-und-wasser\/camargue-20240925-14-bearbeitet\/#main\" border=\"0\" itemprop=\"url\"> <meta itemprop=\"width\" content=\"746\"> <meta itemprop=\"height\" content=\"498\"> <img decoding=\"async\" class=\"\" data-attachment-id=\"26760\" data-orig-file=\"https:\/\/idnu.ch\/wordpress\/wp-content\/uploads\/2024\/10\/camargue-20240925-14-Bearbeitet.jpg\" data-orig-size=\"1240,827\" data-comments-opened=\"1\" data-image-meta=\"{&quot;aperture&quot;:&quot;10&quot;,&quot;credit&quot;:&quot;Urs Kyburz&quot;,&quot;camera&quot;:&quot;Canon EOS 5D Mark IV&quot;,&quot;caption&quot;:&quot;&quot;,&quot;created_timestamp&quot;:&quot;1727253680&quot;,&quot;copyright&quot;:&quot;Copyright Urs Kyburz (2019)&quot;,&quot;focal_length&quot;:&quot;24&quot;,&quot;iso&quot;:&quot;100&quot;,&quot;shutter_speed&quot;:&quot;0.008&quot;,&quot;title&quot;:&quot;&quot;,&quot;orientation&quot;:&quot;0&quot;}\" data-image-title=\"Ausschau halten nach V\u00f6geln\" data-image-description=\"\" data-medium-file=\"https:\/\/i0.wp.com\/idnu.ch\/wordpress\/wp-content\/uploads\/2024\/10\/camargue-20240925-14-Bearbeitet.jpg?fit=300%2C200&#038;ssl=1\" data-large-file=\"https:\/\/i0.wp.com\/idnu.ch\/wordpress\/wp-content\/uploads\/2024\/10\/camargue-20240925-14-Bearbeitet.jpg?fit=750%2C500&#038;ssl=1\" src=\"https:\/\/i0.wp.com\/idnu.ch\/wordpress\/wp-content\/uploads\/2024\/10\/camargue-20240925-14-Bearbeitet.jpg?w=746&#038;h=498&#038;ssl=1\" srcset=\"https:\/\/i0.wp.com\/idnu.ch\/wordpress\/wp-content\/uploads\/2024\/10\/camargue-20240925-14-Bearbeitet.jpg?w=1240&amp;ssl=1 1240w, https:\/\/i0.wp.com\/idnu.ch\/wordpress\/wp-content\/uploads\/2024\/10\/camargue-20240925-14-Bearbeitet.jpg?resize=300%2C200&amp;ssl=1 300w, https:\/\/i0.wp.com\/idnu.ch\/wordpress\/wp-content\/uploads\/2024\/10\/camargue-20240925-14-Bearbeitet.jpg?resize=1024%2C683&amp;ssl=1 1024w, https:\/\/i0.wp.com\/idnu.ch\/wordpress\/wp-content\/uploads\/2024\/10\/camargue-20240925-14-Bearbeitet.jpg?resize=768%2C512&amp;ssl=1 768w, https:\/\/i0.wp.com\/idnu.ch\/wordpress\/wp-content\/uploads\/2024\/10\/camargue-20240925-14-Bearbeitet.jpg?resize=150%2C100&amp;ssl=1 150w\" width=\"746\" height=\"498\" loading=\"lazy\" data-original-width=\"746\" data-original-height=\"498\" itemprop=\"http:\/\/schema.org\/image\" title=\"Ausschau halten nach V\u00f6geln\" alt=\"Ausschau halten nach V\u00f6geln\" style=\"width: 746px; height: 498px;\" \/> <\/a> <div class=\"tiled-gallery-caption\" itemprop=\"caption description\"> Ausschau halten nach V\u00f6geln <\/div> <\/div> <\/div> <!-- close group --> <\/div> <!-- close row --> <\/div>\n<p>Der zweite Teil f\u00fchrte uns zum Restaurant Le Mazet du Vaccar\u00e8s, das allerdings geschlossen war wegen Umbauarbeiten. Das interessierte uns aber nicht, denn wir waren ja wegen der Natur hier. Gleich am Strassenrand, auf Brombeerranken und Schilf, fanden wir zahlreiche Mittelmeer-Laubfr\u00f6sche, zum Teil nicht mal daumennagelgross.<\/p>\n<div class=\"tiled-gallery type-rectangular tiled-gallery-unresized\" data-original-width=\"750\" data-carousel-extra='{&quot;blog_id&quot;:1,&quot;permalink&quot;:&quot;https:\\\/\\\/idnu.ch\\\/wordpress\\\/camargue-land-zwischen-himmel-und-wasser\\\/&quot;,&quot;likes_blog_id&quot;:100184974}' itemscope itemtype=\"http:\/\/schema.org\/ImageGallery\" > <div class=\"gallery-row\" style=\"width: 750px; height: 205px;\" data-original-width=\"750\" data-original-height=\"205\" > <div class=\"gallery-group images-1\" style=\"width: 306px; height: 205px;\" data-original-width=\"306\" data-original-height=\"205\" > <div class=\"tiled-gallery-item tiled-gallery-item-large\" itemprop=\"associatedMedia\" itemscope itemtype=\"http:\/\/schema.org\/ImageObject\"> <a href=\"https:\/\/idnu.ch\/wordpress\/camargue-land-zwischen-himmel-und-wasser\/camargue-20240925-130-bearbeitet\/#main\" border=\"0\" itemprop=\"url\"> <meta itemprop=\"width\" content=\"302\"> <meta itemprop=\"height\" content=\"201\"> <img decoding=\"async\" class=\"\" data-attachment-id=\"26765\" data-orig-file=\"https:\/\/idnu.ch\/wordpress\/wp-content\/uploads\/2024\/10\/camargue-20240925-130-Bearbeitet.jpg\" data-orig-size=\"1240,827\" data-comments-opened=\"1\" data-image-meta=\"{&quot;aperture&quot;:&quot;7.1&quot;,&quot;credit&quot;:&quot;Urs Kyburz&quot;,&quot;camera&quot;:&quot;Canon EOS R6m2&quot;,&quot;caption&quot;:&quot;&quot;,&quot;created_timestamp&quot;:&quot;1727266692&quot;,&quot;copyright&quot;:&quot;All rights reserved&quot;,&quot;focal_length&quot;:&quot;500&quot;,&quot;iso&quot;:&quot;500&quot;,&quot;shutter_speed&quot;:&quot;0.00125&quot;,&quot;title&quot;:&quot;&quot;,&quot;orientation&quot;:&quot;0&quot;}\" data-image-title=\"Mittelmeer-Laubfrosch\" data-image-description=\"\" data-medium-file=\"https:\/\/i0.wp.com\/idnu.ch\/wordpress\/wp-content\/uploads\/2024\/10\/camargue-20240925-130-Bearbeitet.jpg?fit=300%2C200&#038;ssl=1\" data-large-file=\"https:\/\/i0.wp.com\/idnu.ch\/wordpress\/wp-content\/uploads\/2024\/10\/camargue-20240925-130-Bearbeitet.jpg?fit=750%2C500&#038;ssl=1\" src=\"https:\/\/i0.wp.com\/idnu.ch\/wordpress\/wp-content\/uploads\/2024\/10\/camargue-20240925-130-Bearbeitet.jpg?w=302&#038;h=201&#038;ssl=1\" srcset=\"https:\/\/i0.wp.com\/idnu.ch\/wordpress\/wp-content\/uploads\/2024\/10\/camargue-20240925-130-Bearbeitet.jpg?w=1240&amp;ssl=1 1240w, https:\/\/i0.wp.com\/idnu.ch\/wordpress\/wp-content\/uploads\/2024\/10\/camargue-20240925-130-Bearbeitet.jpg?resize=300%2C200&amp;ssl=1 300w, https:\/\/i0.wp.com\/idnu.ch\/wordpress\/wp-content\/uploads\/2024\/10\/camargue-20240925-130-Bearbeitet.jpg?resize=1024%2C683&amp;ssl=1 1024w, https:\/\/i0.wp.com\/idnu.ch\/wordpress\/wp-content\/uploads\/2024\/10\/camargue-20240925-130-Bearbeitet.jpg?resize=768%2C512&amp;ssl=1 768w, https:\/\/i0.wp.com\/idnu.ch\/wordpress\/wp-content\/uploads\/2024\/10\/camargue-20240925-130-Bearbeitet.jpg?resize=150%2C100&amp;ssl=1 150w\" width=\"302\" height=\"201\" loading=\"lazy\" data-original-width=\"302\" data-original-height=\"201\" itemprop=\"http:\/\/schema.org\/image\" title=\"Mittelmeer-Laubfrosch\" alt=\"Mittelmeer-Laubfrosch\" style=\"width: 302px; height: 201px;\" \/> <\/a> <div class=\"tiled-gallery-caption\" itemprop=\"caption description\"> Mittelmeer-Laubfrosch <\/div> <\/div> <\/div> <!-- close group --> <div class=\"gallery-group images-1\" style=\"width: 138px; height: 205px;\" data-original-width=\"138\" data-original-height=\"205\" > <div class=\"tiled-gallery-item tiled-gallery-item-small\" itemprop=\"associatedMedia\" itemscope itemtype=\"http:\/\/schema.org\/ImageObject\"> <a href=\"https:\/\/idnu.ch\/wordpress\/camargue-land-zwischen-himmel-und-wasser\/camargue-20240925-33-bearbeitet\/#main\" border=\"0\" itemprop=\"url\"> <meta itemprop=\"width\" content=\"134\"> <meta itemprop=\"height\" content=\"201\"> <img decoding=\"async\" class=\"\" data-attachment-id=\"26762\" data-orig-file=\"https:\/\/idnu.ch\/wordpress\/wp-content\/uploads\/2024\/10\/camargue-20240925-33-Bearbeitet.jpg\" data-orig-size=\"827,1240\" data-comments-opened=\"1\" data-image-meta=\"{&quot;aperture&quot;:&quot;8&quot;,&quot;credit&quot;:&quot;Urs Kyburz&quot;,&quot;camera&quot;:&quot;Canon EOS R6m2&quot;,&quot;caption&quot;:&quot;&quot;,&quot;created_timestamp&quot;:&quot;1727261492&quot;,&quot;copyright&quot;:&quot;All rights reserved&quot;,&quot;focal_length&quot;:&quot;500&quot;,&quot;iso&quot;:&quot;400&quot;,&quot;shutter_speed&quot;:&quot;0.0015625&quot;,&quot;title&quot;:&quot;&quot;,&quot;orientation&quot;:&quot;0&quot;}\" data-image-title=\"\" data-image-description=\"\" data-medium-file=\"https:\/\/i0.wp.com\/idnu.ch\/wordpress\/wp-content\/uploads\/2024\/10\/camargue-20240925-33-Bearbeitet.jpg?fit=200%2C300&#038;ssl=1\" data-large-file=\"https:\/\/i0.wp.com\/idnu.ch\/wordpress\/wp-content\/uploads\/2024\/10\/camargue-20240925-33-Bearbeitet.jpg?fit=683%2C1024&#038;ssl=1\" src=\"https:\/\/i0.wp.com\/idnu.ch\/wordpress\/wp-content\/uploads\/2024\/10\/camargue-20240925-33-Bearbeitet.jpg?w=134&#038;h=201&#038;ssl=1\" srcset=\"https:\/\/i0.wp.com\/idnu.ch\/wordpress\/wp-content\/uploads\/2024\/10\/camargue-20240925-33-Bearbeitet.jpg?w=827&amp;ssl=1 827w, https:\/\/i0.wp.com\/idnu.ch\/wordpress\/wp-content\/uploads\/2024\/10\/camargue-20240925-33-Bearbeitet.jpg?resize=200%2C300&amp;ssl=1 200w, https:\/\/i0.wp.com\/idnu.ch\/wordpress\/wp-content\/uploads\/2024\/10\/camargue-20240925-33-Bearbeitet.jpg?resize=683%2C1024&amp;ssl=1 683w, https:\/\/i0.wp.com\/idnu.ch\/wordpress\/wp-content\/uploads\/2024\/10\/camargue-20240925-33-Bearbeitet.jpg?resize=768%2C1152&amp;ssl=1 768w, https:\/\/i0.wp.com\/idnu.ch\/wordpress\/wp-content\/uploads\/2024\/10\/camargue-20240925-33-Bearbeitet.jpg?resize=67%2C100&amp;ssl=1 67w\" width=\"134\" height=\"201\" loading=\"lazy\" data-original-width=\"134\" data-original-height=\"201\" itemprop=\"http:\/\/schema.org\/image\" title=\"\" alt=\"\" style=\"width: 134px; height: 201px;\" \/> <\/a> <\/div> <\/div> <!-- close group --> <div class=\"gallery-group images-1\" style=\"width: 306px; height: 205px;\" data-original-width=\"306\" data-original-height=\"205\" > <div class=\"tiled-gallery-item tiled-gallery-item-large\" itemprop=\"associatedMedia\" itemscope itemtype=\"http:\/\/schema.org\/ImageObject\"> <a href=\"https:\/\/idnu.ch\/wordpress\/camargue-land-zwischen-himmel-und-wasser\/camargue-20240925-36-bearbeitet\/#main\" border=\"0\" itemprop=\"url\"> <meta itemprop=\"width\" content=\"302\"> <meta itemprop=\"height\" content=\"201\"> <img decoding=\"async\" class=\"\" data-attachment-id=\"26763\" data-orig-file=\"https:\/\/idnu.ch\/wordpress\/wp-content\/uploads\/2024\/10\/camargue-20240925-36-Bearbeitet.jpg\" data-orig-size=\"1240,827\" data-comments-opened=\"1\" data-image-meta=\"{&quot;aperture&quot;:&quot;7.1&quot;,&quot;credit&quot;:&quot;Urs Kyburz&quot;,&quot;camera&quot;:&quot;Canon EOS R6m2&quot;,&quot;caption&quot;:&quot;&quot;,&quot;created_timestamp&quot;:&quot;1727261639&quot;,&quot;copyright&quot;:&quot;All rights reserved&quot;,&quot;focal_length&quot;:&quot;500&quot;,&quot;iso&quot;:&quot;320&quot;,&quot;shutter_speed&quot;:&quot;0.0015625&quot;,&quot;title&quot;:&quot;&quot;,&quot;orientation&quot;:&quot;0&quot;}\" data-image-title=\"\" data-image-description=\"\" data-medium-file=\"https:\/\/i0.wp.com\/idnu.ch\/wordpress\/wp-content\/uploads\/2024\/10\/camargue-20240925-36-Bearbeitet.jpg?fit=300%2C200&#038;ssl=1\" data-large-file=\"https:\/\/i0.wp.com\/idnu.ch\/wordpress\/wp-content\/uploads\/2024\/10\/camargue-20240925-36-Bearbeitet.jpg?fit=750%2C500&#038;ssl=1\" src=\"https:\/\/i0.wp.com\/idnu.ch\/wordpress\/wp-content\/uploads\/2024\/10\/camargue-20240925-36-Bearbeitet.jpg?w=302&#038;h=201&#038;ssl=1\" srcset=\"https:\/\/i0.wp.com\/idnu.ch\/wordpress\/wp-content\/uploads\/2024\/10\/camargue-20240925-36-Bearbeitet.jpg?w=1240&amp;ssl=1 1240w, https:\/\/i0.wp.com\/idnu.ch\/wordpress\/wp-content\/uploads\/2024\/10\/camargue-20240925-36-Bearbeitet.jpg?resize=300%2C200&amp;ssl=1 300w, https:\/\/i0.wp.com\/idnu.ch\/wordpress\/wp-content\/uploads\/2024\/10\/camargue-20240925-36-Bearbeitet.jpg?resize=1024%2C683&amp;ssl=1 1024w, https:\/\/i0.wp.com\/idnu.ch\/wordpress\/wp-content\/uploads\/2024\/10\/camargue-20240925-36-Bearbeitet.jpg?resize=768%2C512&amp;ssl=1 768w, https:\/\/i0.wp.com\/idnu.ch\/wordpress\/wp-content\/uploads\/2024\/10\/camargue-20240925-36-Bearbeitet.jpg?resize=150%2C100&amp;ssl=1 150w\" width=\"302\" height=\"201\" loading=\"lazy\" data-original-width=\"302\" data-original-height=\"201\" itemprop=\"http:\/\/schema.org\/image\" title=\"\" alt=\"\" style=\"width: 302px; height: 201px;\" \/> <\/a> <\/div> <\/div> <!-- close group --> <\/div> <!-- close row --> <div class=\"gallery-row\" style=\"width: 750px; height: 347px;\" data-original-width=\"750\" data-original-height=\"347\" > <div class=\"gallery-group images-1\" style=\"width: 518px; height: 347px;\" data-original-width=\"518\" data-original-height=\"347\" > <div class=\"tiled-gallery-item tiled-gallery-item-large\" itemprop=\"associatedMedia\" itemscope itemtype=\"http:\/\/schema.org\/ImageObject\"> <a href=\"https:\/\/idnu.ch\/wordpress\/camargue-land-zwischen-himmel-und-wasser\/camargue-20240925-18-bearbeitet\/#main\" border=\"0\" itemprop=\"url\"> <meta itemprop=\"width\" content=\"514\"> <meta itemprop=\"height\" content=\"343\"> <img decoding=\"async\" class=\"\" data-attachment-id=\"26761\" data-orig-file=\"https:\/\/idnu.ch\/wordpress\/wp-content\/uploads\/2024\/10\/camargue-20240925-18-Bearbeitet.jpg\" data-orig-size=\"1240,827\" data-comments-opened=\"1\" data-image-meta=\"{&quot;aperture&quot;:&quot;8&quot;,&quot;credit&quot;:&quot;Urs Kyburz&quot;,&quot;camera&quot;:&quot;Canon EOS R6m2&quot;,&quot;caption&quot;:&quot;&quot;,&quot;created_timestamp&quot;:&quot;1727255393&quot;,&quot;copyright&quot;:&quot;All rights reserved&quot;,&quot;focal_length&quot;:&quot;500&quot;,&quot;iso&quot;:&quot;500&quot;,&quot;shutter_speed&quot;:&quot;0.0008&quot;,&quot;title&quot;:&quot;&quot;,&quot;orientation&quot;:&quot;0&quot;}\" data-image-title=\"Hauhechel-Bl\u00e4uling\" data-image-description=\"\" data-medium-file=\"https:\/\/i0.wp.com\/idnu.ch\/wordpress\/wp-content\/uploads\/2024\/10\/camargue-20240925-18-Bearbeitet.jpg?fit=300%2C200&#038;ssl=1\" data-large-file=\"https:\/\/i0.wp.com\/idnu.ch\/wordpress\/wp-content\/uploads\/2024\/10\/camargue-20240925-18-Bearbeitet.jpg?fit=750%2C500&#038;ssl=1\" src=\"https:\/\/i0.wp.com\/idnu.ch\/wordpress\/wp-content\/uploads\/2024\/10\/camargue-20240925-18-Bearbeitet.jpg?w=514&#038;h=343&#038;ssl=1\" srcset=\"https:\/\/i0.wp.com\/idnu.ch\/wordpress\/wp-content\/uploads\/2024\/10\/camargue-20240925-18-Bearbeitet.jpg?w=1240&amp;ssl=1 1240w, https:\/\/i0.wp.com\/idnu.ch\/wordpress\/wp-content\/uploads\/2024\/10\/camargue-20240925-18-Bearbeitet.jpg?resize=300%2C200&amp;ssl=1 300w, https:\/\/i0.wp.com\/idnu.ch\/wordpress\/wp-content\/uploads\/2024\/10\/camargue-20240925-18-Bearbeitet.jpg?resize=1024%2C683&amp;ssl=1 1024w, https:\/\/i0.wp.com\/idnu.ch\/wordpress\/wp-content\/uploads\/2024\/10\/camargue-20240925-18-Bearbeitet.jpg?resize=768%2C512&amp;ssl=1 768w, https:\/\/i0.wp.com\/idnu.ch\/wordpress\/wp-content\/uploads\/2024\/10\/camargue-20240925-18-Bearbeitet.jpg?resize=150%2C100&amp;ssl=1 150w\" width=\"514\" height=\"343\" loading=\"lazy\" data-original-width=\"514\" data-original-height=\"343\" itemprop=\"http:\/\/schema.org\/image\" title=\"Hauhechel-Bl\u00e4uling\" alt=\"Hauhechel-Bl\u00e4uling\" style=\"width: 514px; height: 343px;\" \/> <\/a> <div class=\"tiled-gallery-caption\" itemprop=\"caption description\"> Hauhechel-Bl\u00e4uling <\/div> <\/div> <\/div> <!-- close group --> <div class=\"gallery-group images-1\" style=\"width: 232px; height: 347px;\" data-original-width=\"232\" data-original-height=\"347\" > <div class=\"tiled-gallery-item tiled-gallery-item-small\" itemprop=\"associatedMedia\" itemscope itemtype=\"http:\/\/schema.org\/ImageObject\"> <a href=\"https:\/\/idnu.ch\/wordpress\/camargue-land-zwischen-himmel-und-wasser\/camargue-20240925-38-bearbeitet\/#main\" border=\"0\" itemprop=\"url\"> <meta itemprop=\"width\" content=\"228\"> <meta itemprop=\"height\" content=\"343\"> <img decoding=\"async\" class=\"\" data-attachment-id=\"26764\" data-orig-file=\"https:\/\/idnu.ch\/wordpress\/wp-content\/uploads\/2024\/10\/camargue-20240925-38-Bearbeitet.jpg\" data-orig-size=\"827,1240\" data-comments-opened=\"1\" data-image-meta=\"{&quot;aperture&quot;:&quot;8&quot;,&quot;credit&quot;:&quot;Urs Kyburz&quot;,&quot;camera&quot;:&quot;Canon EOS R6m2&quot;,&quot;caption&quot;:&quot;&quot;,&quot;created_timestamp&quot;:&quot;1727261763&quot;,&quot;copyright&quot;:&quot;All rights reserved&quot;,&quot;focal_length&quot;:&quot;500&quot;,&quot;iso&quot;:&quot;250&quot;,&quot;shutter_speed&quot;:&quot;0.0015625&quot;,&quot;title&quot;:&quot;&quot;,&quot;orientation&quot;:&quot;0&quot;}\" data-image-title=\"Schnecken, die vor der Hitze am Boden flohen\" data-image-description=\"&lt;p&gt;Aber im September? Oder ist das wegen dem Regen (der auch nicht kam).&lt;\/p&gt; \" data-medium-file=\"https:\/\/i0.wp.com\/idnu.ch\/wordpress\/wp-content\/uploads\/2024\/10\/camargue-20240925-38-Bearbeitet.jpg?fit=200%2C300&#038;ssl=1\" data-large-file=\"https:\/\/i0.wp.com\/idnu.ch\/wordpress\/wp-content\/uploads\/2024\/10\/camargue-20240925-38-Bearbeitet.jpg?fit=683%2C1024&#038;ssl=1\" src=\"https:\/\/i0.wp.com\/idnu.ch\/wordpress\/wp-content\/uploads\/2024\/10\/camargue-20240925-38-Bearbeitet.jpg?w=228&#038;h=343&#038;ssl=1\" srcset=\"https:\/\/i0.wp.com\/idnu.ch\/wordpress\/wp-content\/uploads\/2024\/10\/camargue-20240925-38-Bearbeitet.jpg?w=827&amp;ssl=1 827w, https:\/\/i0.wp.com\/idnu.ch\/wordpress\/wp-content\/uploads\/2024\/10\/camargue-20240925-38-Bearbeitet.jpg?resize=200%2C300&amp;ssl=1 200w, https:\/\/i0.wp.com\/idnu.ch\/wordpress\/wp-content\/uploads\/2024\/10\/camargue-20240925-38-Bearbeitet.jpg?resize=683%2C1024&amp;ssl=1 683w, https:\/\/i0.wp.com\/idnu.ch\/wordpress\/wp-content\/uploads\/2024\/10\/camargue-20240925-38-Bearbeitet.jpg?resize=768%2C1152&amp;ssl=1 768w, https:\/\/i0.wp.com\/idnu.ch\/wordpress\/wp-content\/uploads\/2024\/10\/camargue-20240925-38-Bearbeitet.jpg?resize=67%2C100&amp;ssl=1 67w\" width=\"228\" height=\"343\" loading=\"lazy\" data-original-width=\"228\" data-original-height=\"343\" itemprop=\"http:\/\/schema.org\/image\" title=\"Schnecken, die vor der Hitze am Boden flohen\" alt=\"Schnecken, die vor der Hitze am Boden flohen\" style=\"width: 228px; height: 343px;\" \/> <\/a> <div class=\"tiled-gallery-caption\" itemprop=\"caption description\"> Schnecken, die vor der Hitze am Boden flohen <\/div> <\/div> <\/div> <!-- close group --> <\/div> <!-- close row --> <\/div>\n<p>Wir durchwanderten auf der unbefestigten Strasse diese wunderbare Landschaft. In einer Gruppe Kiebitzregenpfeifer fiel uns eine M\u00f6we auf, die wir nicht bestimmen konnten. Auch zur\u00fcck im H\u00e4uschen half das M\u00f6wenbuch nicht weiter. Wir fragten im Chat unseres Feldornithologiekurses, ob jemand wisse, was f\u00fcr eine M\u00f6we das sein k\u00f6nnte. Prompt kam die Antwort: Keine M\u00f6we, sondern eine Lachseeschwalbe. Tats\u00e4chlich, das passte.<\/p>\n<p>Zur\u00fcck zu unserer Wanderung. Nebst den bisher schon gesichteten Arten entdeckten wir auch Raubseeschwalben, die gr\u00f6sste Seeschwalbenart. Sie war auf Fischjagd, allerdings erfolglos, jedenfalls der Versuch, den wir verfolgen konnten.<\/p>\n<div class=\"tiled-gallery type-rectangular tiled-gallery-unresized\" data-original-width=\"750\" data-carousel-extra='{&quot;blog_id&quot;:1,&quot;permalink&quot;:&quot;https:\\\/\\\/idnu.ch\\\/wordpress\\\/camargue-land-zwischen-himmel-und-wasser\\\/&quot;,&quot;likes_blog_id&quot;:100184974}' itemscope itemtype=\"http:\/\/schema.org\/ImageGallery\" > <div class=\"gallery-row\" style=\"width: 750px; height: 335px;\" data-original-width=\"750\" data-original-height=\"335\" > <div class=\"gallery-group images-1\" style=\"width: 501px; height: 335px;\" data-original-width=\"501\" data-original-height=\"335\" > <div class=\"tiled-gallery-item tiled-gallery-item-large\" itemprop=\"associatedMedia\" itemscope itemtype=\"http:\/\/schema.org\/ImageObject\"> <a href=\"https:\/\/idnu.ch\/wordpress\/camargue-land-zwischen-himmel-und-wasser\/camargue-20240925-45-bearbeitet\/#main\" border=\"0\" itemprop=\"url\"> <meta itemprop=\"width\" content=\"497\"> <meta itemprop=\"height\" content=\"331\"> <img decoding=\"async\" class=\"\" data-attachment-id=\"26767\" data-orig-file=\"https:\/\/idnu.ch\/wordpress\/wp-content\/uploads\/2024\/10\/camargue-20240925-45-Bearbeitet.jpg\" data-orig-size=\"1240,827\" data-comments-opened=\"1\" data-image-meta=\"{&quot;aperture&quot;:&quot;10&quot;,&quot;credit&quot;:&quot;Urs Kyburz&quot;,&quot;camera&quot;:&quot;Canon EOS R6m2&quot;,&quot;caption&quot;:&quot;&quot;,&quot;created_timestamp&quot;:&quot;1727262801&quot;,&quot;copyright&quot;:&quot;All rights reserved&quot;,&quot;focal_length&quot;:&quot;700&quot;,&quot;iso&quot;:&quot;640&quot;,&quot;shutter_speed&quot;:&quot;0.0015625&quot;,&quot;title&quot;:&quot;&quot;,&quot;orientation&quot;:&quot;0&quot;}\" data-image-title=\"Keine M\u00f6we: Eine Lachseeschwalbe\" data-image-description=\"\" data-medium-file=\"https:\/\/i0.wp.com\/idnu.ch\/wordpress\/wp-content\/uploads\/2024\/10\/camargue-20240925-45-Bearbeitet.jpg?fit=300%2C200&#038;ssl=1\" data-large-file=\"https:\/\/i0.wp.com\/idnu.ch\/wordpress\/wp-content\/uploads\/2024\/10\/camargue-20240925-45-Bearbeitet.jpg?fit=750%2C500&#038;ssl=1\" src=\"https:\/\/i0.wp.com\/idnu.ch\/wordpress\/wp-content\/uploads\/2024\/10\/camargue-20240925-45-Bearbeitet.jpg?w=497&#038;h=331&#038;ssl=1\" srcset=\"https:\/\/i0.wp.com\/idnu.ch\/wordpress\/wp-content\/uploads\/2024\/10\/camargue-20240925-45-Bearbeitet.jpg?w=1240&amp;ssl=1 1240w, https:\/\/i0.wp.com\/idnu.ch\/wordpress\/wp-content\/uploads\/2024\/10\/camargue-20240925-45-Bearbeitet.jpg?resize=300%2C200&amp;ssl=1 300w, https:\/\/i0.wp.com\/idnu.ch\/wordpress\/wp-content\/uploads\/2024\/10\/camargue-20240925-45-Bearbeitet.jpg?resize=1024%2C683&amp;ssl=1 1024w, https:\/\/i0.wp.com\/idnu.ch\/wordpress\/wp-content\/uploads\/2024\/10\/camargue-20240925-45-Bearbeitet.jpg?resize=768%2C512&amp;ssl=1 768w, https:\/\/i0.wp.com\/idnu.ch\/wordpress\/wp-content\/uploads\/2024\/10\/camargue-20240925-45-Bearbeitet.jpg?resize=150%2C100&amp;ssl=1 150w\" width=\"497\" height=\"331\" loading=\"lazy\" data-original-width=\"497\" data-original-height=\"331\" itemprop=\"http:\/\/schema.org\/image\" title=\"Keine M\u00f6we: Eine Lachseeschwalbe\" alt=\"Keine M\u00f6we: Eine Lachseeschwalbe\" style=\"width: 497px; height: 331px;\" \/> <\/a> <div class=\"tiled-gallery-caption\" itemprop=\"caption description\"> Keine M\u00f6we: Eine Lachseeschwalbe <\/div> <\/div> <\/div> <!-- close group --> <div class=\"gallery-group images-2\" style=\"width: 249px; height: 335px;\" data-original-width=\"249\" data-original-height=\"335\" > <div class=\"tiled-gallery-item tiled-gallery-item-small\" itemprop=\"associatedMedia\" itemscope itemtype=\"http:\/\/schema.org\/ImageObject\"> <a href=\"https:\/\/idnu.ch\/wordpress\/camargue-land-zwischen-himmel-und-wasser\/camargue-20240925-46-bearbeitet\/#main\" border=\"0\" itemprop=\"url\"> <meta itemprop=\"width\" content=\"245\"> <meta itemprop=\"height\" content=\"164\"> <img decoding=\"async\" class=\"\" data-attachment-id=\"26768\" data-orig-file=\"https:\/\/idnu.ch\/wordpress\/wp-content\/uploads\/2024\/10\/camargue-20240925-46-Bearbeitet.jpg\" data-orig-size=\"1240,827\" data-comments-opened=\"1\" data-image-meta=\"{&quot;aperture&quot;:&quot;11&quot;,&quot;credit&quot;:&quot;Urs Kyburz&quot;,&quot;camera&quot;:&quot;Canon EOS 5D Mark IV&quot;,&quot;caption&quot;:&quot;&quot;,&quot;created_timestamp&quot;:&quot;1727263438&quot;,&quot;copyright&quot;:&quot;Copyright Urs Kyburz (2019)&quot;,&quot;focal_length&quot;:&quot;24&quot;,&quot;iso&quot;:&quot;100&quot;,&quot;shutter_speed&quot;:&quot;0.01&quot;,&quot;title&quot;:&quot;&quot;,&quot;orientation&quot;:&quot;0&quot;}\" data-image-title=\"Typische Camargue-Weiden\" data-image-description=\"\" data-medium-file=\"https:\/\/i0.wp.com\/idnu.ch\/wordpress\/wp-content\/uploads\/2024\/10\/camargue-20240925-46-Bearbeitet.jpg?fit=300%2C200&#038;ssl=1\" data-large-file=\"https:\/\/i0.wp.com\/idnu.ch\/wordpress\/wp-content\/uploads\/2024\/10\/camargue-20240925-46-Bearbeitet.jpg?fit=750%2C500&#038;ssl=1\" src=\"https:\/\/i0.wp.com\/idnu.ch\/wordpress\/wp-content\/uploads\/2024\/10\/camargue-20240925-46-Bearbeitet.jpg?w=245&#038;h=164&#038;ssl=1\" srcset=\"https:\/\/i0.wp.com\/idnu.ch\/wordpress\/wp-content\/uploads\/2024\/10\/camargue-20240925-46-Bearbeitet.jpg?w=1240&amp;ssl=1 1240w, https:\/\/i0.wp.com\/idnu.ch\/wordpress\/wp-content\/uploads\/2024\/10\/camargue-20240925-46-Bearbeitet.jpg?resize=300%2C200&amp;ssl=1 300w, https:\/\/i0.wp.com\/idnu.ch\/wordpress\/wp-content\/uploads\/2024\/10\/camargue-20240925-46-Bearbeitet.jpg?resize=1024%2C683&amp;ssl=1 1024w, https:\/\/i0.wp.com\/idnu.ch\/wordpress\/wp-content\/uploads\/2024\/10\/camargue-20240925-46-Bearbeitet.jpg?resize=768%2C512&amp;ssl=1 768w, https:\/\/i0.wp.com\/idnu.ch\/wordpress\/wp-content\/uploads\/2024\/10\/camargue-20240925-46-Bearbeitet.jpg?resize=150%2C100&amp;ssl=1 150w\" width=\"245\" height=\"164\" loading=\"lazy\" data-original-width=\"245\" data-original-height=\"164\" itemprop=\"http:\/\/schema.org\/image\" title=\"Typische Camargue-Weiden\" alt=\"Typische Camargue-Weiden\" style=\"width: 245px; height: 164px;\" \/> <\/a> <div class=\"tiled-gallery-caption\" itemprop=\"caption description\"> Typische Camargue-Weiden <\/div> <\/div> <div class=\"tiled-gallery-item tiled-gallery-item-small\" itemprop=\"associatedMedia\" itemscope itemtype=\"http:\/\/schema.org\/ImageObject\"> <a href=\"https:\/\/idnu.ch\/wordpress\/camargue-land-zwischen-himmel-und-wasser\/camargue-20240925-47-bearbeitet\/#main\" border=\"0\" itemprop=\"url\"> <meta itemprop=\"width\" content=\"245\"> <meta itemprop=\"height\" content=\"163\"> <img decoding=\"async\" class=\"\" data-attachment-id=\"26769\" data-orig-file=\"https:\/\/idnu.ch\/wordpress\/wp-content\/uploads\/2024\/10\/camargue-20240925-47-Bearbeitet.jpg\" data-orig-size=\"1240,827\" data-comments-opened=\"1\" data-image-meta=\"{&quot;aperture&quot;:&quot;11&quot;,&quot;credit&quot;:&quot;Urs Kyburz&quot;,&quot;camera&quot;:&quot;Canon EOS 5D Mark IV&quot;,&quot;caption&quot;:&quot;&quot;,&quot;created_timestamp&quot;:&quot;1727263446&quot;,&quot;copyright&quot;:&quot;Copyright Urs Kyburz (2019)&quot;,&quot;focal_length&quot;:&quot;24&quot;,&quot;iso&quot;:&quot;100&quot;,&quot;shutter_speed&quot;:&quot;0.0125&quot;,&quot;title&quot;:&quot;&quot;,&quot;orientation&quot;:&quot;0&quot;}\" data-image-title=\"\" data-image-description=\"\" data-medium-file=\"https:\/\/i0.wp.com\/idnu.ch\/wordpress\/wp-content\/uploads\/2024\/10\/camargue-20240925-47-Bearbeitet.jpg?fit=300%2C200&#038;ssl=1\" data-large-file=\"https:\/\/i0.wp.com\/idnu.ch\/wordpress\/wp-content\/uploads\/2024\/10\/camargue-20240925-47-Bearbeitet.jpg?fit=750%2C500&#038;ssl=1\" src=\"https:\/\/i0.wp.com\/idnu.ch\/wordpress\/wp-content\/uploads\/2024\/10\/camargue-20240925-47-Bearbeitet.jpg?w=245&#038;h=163&#038;ssl=1\" srcset=\"https:\/\/i0.wp.com\/idnu.ch\/wordpress\/wp-content\/uploads\/2024\/10\/camargue-20240925-47-Bearbeitet.jpg?w=1240&amp;ssl=1 1240w, https:\/\/i0.wp.com\/idnu.ch\/wordpress\/wp-content\/uploads\/2024\/10\/camargue-20240925-47-Bearbeitet.jpg?resize=300%2C200&amp;ssl=1 300w, https:\/\/i0.wp.com\/idnu.ch\/wordpress\/wp-content\/uploads\/2024\/10\/camargue-20240925-47-Bearbeitet.jpg?resize=1024%2C683&amp;ssl=1 1024w, https:\/\/i0.wp.com\/idnu.ch\/wordpress\/wp-content\/uploads\/2024\/10\/camargue-20240925-47-Bearbeitet.jpg?resize=768%2C512&amp;ssl=1 768w, https:\/\/i0.wp.com\/idnu.ch\/wordpress\/wp-content\/uploads\/2024\/10\/camargue-20240925-47-Bearbeitet.jpg?resize=150%2C100&amp;ssl=1 150w\" width=\"245\" height=\"163\" loading=\"lazy\" data-original-width=\"245\" data-original-height=\"163\" itemprop=\"http:\/\/schema.org\/image\" title=\"\" alt=\"\" style=\"width: 245px; height: 163px;\" \/> <\/a> <\/div> <\/div> <!-- close group --> <\/div> <!-- close row --> <div class=\"gallery-row\" style=\"width: 750px; height: 230px;\" data-original-width=\"750\" data-original-height=\"230\" > <div class=\"gallery-group images-1\" style=\"width: 343px; height: 230px;\" data-original-width=\"343\" data-original-height=\"230\" > <div class=\"tiled-gallery-item tiled-gallery-item-large\" itemprop=\"associatedMedia\" itemscope itemtype=\"http:\/\/schema.org\/ImageObject\"> <a href=\"https:\/\/idnu.ch\/wordpress\/camargue-land-zwischen-himmel-und-wasser\/camargue-20240925-108-bearbeitet\/#main\" border=\"0\" itemprop=\"url\"> <meta itemprop=\"width\" content=\"339\"> <meta itemprop=\"height\" content=\"226\"> <img decoding=\"async\" class=\"\" data-attachment-id=\"26770\" data-orig-file=\"https:\/\/idnu.ch\/wordpress\/wp-content\/uploads\/2024\/10\/camargue-20240925-108-Bearbeitet.jpg\" data-orig-size=\"1240,827\" data-comments-opened=\"1\" data-image-meta=\"{&quot;aperture&quot;:&quot;8&quot;,&quot;credit&quot;:&quot;Urs Kyburz&quot;,&quot;camera&quot;:&quot;Canon EOS R6m2&quot;,&quot;caption&quot;:&quot;&quot;,&quot;created_timestamp&quot;:&quot;1727264618&quot;,&quot;copyright&quot;:&quot;All rights reserved&quot;,&quot;focal_length&quot;:&quot;500&quot;,&quot;iso&quot;:&quot;400&quot;,&quot;shutter_speed&quot;:&quot;0.0005&quot;,&quot;title&quot;:&quot;&quot;,&quot;orientation&quot;:&quot;0&quot;}\" data-image-title=\"\" data-image-description=\"\" data-medium-file=\"https:\/\/i0.wp.com\/idnu.ch\/wordpress\/wp-content\/uploads\/2024\/10\/camargue-20240925-108-Bearbeitet.jpg?fit=300%2C200&#038;ssl=1\" data-large-file=\"https:\/\/i0.wp.com\/idnu.ch\/wordpress\/wp-content\/uploads\/2024\/10\/camargue-20240925-108-Bearbeitet.jpg?fit=750%2C500&#038;ssl=1\" src=\"https:\/\/i0.wp.com\/idnu.ch\/wordpress\/wp-content\/uploads\/2024\/10\/camargue-20240925-108-Bearbeitet.jpg?w=339&#038;h=226&#038;ssl=1\" srcset=\"https:\/\/i0.wp.com\/idnu.ch\/wordpress\/wp-content\/uploads\/2024\/10\/camargue-20240925-108-Bearbeitet.jpg?w=1240&amp;ssl=1 1240w, https:\/\/i0.wp.com\/idnu.ch\/wordpress\/wp-content\/uploads\/2024\/10\/camargue-20240925-108-Bearbeitet.jpg?resize=300%2C200&amp;ssl=1 300w, https:\/\/i0.wp.com\/idnu.ch\/wordpress\/wp-content\/uploads\/2024\/10\/camargue-20240925-108-Bearbeitet.jpg?resize=1024%2C683&amp;ssl=1 1024w, https:\/\/i0.wp.com\/idnu.ch\/wordpress\/wp-content\/uploads\/2024\/10\/camargue-20240925-108-Bearbeitet.jpg?resize=768%2C512&amp;ssl=1 768w, https:\/\/i0.wp.com\/idnu.ch\/wordpress\/wp-content\/uploads\/2024\/10\/camargue-20240925-108-Bearbeitet.jpg?resize=150%2C100&amp;ssl=1 150w\" width=\"339\" height=\"226\" loading=\"lazy\" data-original-width=\"339\" data-original-height=\"226\" itemprop=\"http:\/\/schema.org\/image\" title=\"\" alt=\"\" style=\"width: 339px; height: 226px;\" \/> <\/a> <\/div> <\/div> <!-- close group --> <div class=\"gallery-group images-1\" style=\"width: 407px; height: 230px;\" data-original-width=\"407\" data-original-height=\"230\" > <div class=\"tiled-gallery-item tiled-gallery-item-large\" itemprop=\"associatedMedia\" itemscope itemtype=\"http:\/\/schema.org\/ImageObject\"> <a href=\"https:\/\/idnu.ch\/wordpress\/camargue-land-zwischen-himmel-und-wasser\/camargue-20240925-119-bearbeitet\/#main\" border=\"0\" itemprop=\"url\"> <meta itemprop=\"width\" content=\"403\"> <meta itemprop=\"height\" content=\"226\"> <img decoding=\"async\" class=\"\" data-attachment-id=\"26771\" data-orig-file=\"https:\/\/idnu.ch\/wordpress\/wp-content\/uploads\/2024\/10\/camargue-20240925-119-Bearbeitet.jpg\" data-orig-size=\"1240,697\" data-comments-opened=\"1\" data-image-meta=\"{&quot;aperture&quot;:&quot;7.1&quot;,&quot;credit&quot;:&quot;Urs Kyburz&quot;,&quot;camera&quot;:&quot;Canon EOS R6m2&quot;,&quot;caption&quot;:&quot;&quot;,&quot;created_timestamp&quot;:&quot;1727265169&quot;,&quot;copyright&quot;:&quot;All rights reserved&quot;,&quot;focal_length&quot;:&quot;500&quot;,&quot;iso&quot;:&quot;640&quot;,&quot;shutter_speed&quot;:&quot;0.0005&quot;,&quot;title&quot;:&quot;&quot;,&quot;orientation&quot;:&quot;0&quot;}\" data-image-title=\"Raubseeschwalbe\" data-image-description=\"\" data-medium-file=\"https:\/\/i0.wp.com\/idnu.ch\/wordpress\/wp-content\/uploads\/2024\/10\/camargue-20240925-119-Bearbeitet.jpg?fit=300%2C169&#038;ssl=1\" data-large-file=\"https:\/\/i0.wp.com\/idnu.ch\/wordpress\/wp-content\/uploads\/2024\/10\/camargue-20240925-119-Bearbeitet.jpg?fit=750%2C422&#038;ssl=1\" src=\"https:\/\/i0.wp.com\/idnu.ch\/wordpress\/wp-content\/uploads\/2024\/10\/camargue-20240925-119-Bearbeitet.jpg?w=403&#038;h=226&#038;ssl=1\" srcset=\"https:\/\/i0.wp.com\/idnu.ch\/wordpress\/wp-content\/uploads\/2024\/10\/camargue-20240925-119-Bearbeitet.jpg?w=1240&amp;ssl=1 1240w, https:\/\/i0.wp.com\/idnu.ch\/wordpress\/wp-content\/uploads\/2024\/10\/camargue-20240925-119-Bearbeitet.jpg?resize=300%2C169&amp;ssl=1 300w, https:\/\/i0.wp.com\/idnu.ch\/wordpress\/wp-content\/uploads\/2024\/10\/camargue-20240925-119-Bearbeitet.jpg?resize=1024%2C576&amp;ssl=1 1024w, https:\/\/i0.wp.com\/idnu.ch\/wordpress\/wp-content\/uploads\/2024\/10\/camargue-20240925-119-Bearbeitet.jpg?resize=768%2C432&amp;ssl=1 768w, https:\/\/i0.wp.com\/idnu.ch\/wordpress\/wp-content\/uploads\/2024\/10\/camargue-20240925-119-Bearbeitet.jpg?resize=178%2C100&amp;ssl=1 178w\" width=\"403\" height=\"226\" loading=\"lazy\" data-original-width=\"403\" data-original-height=\"226\" itemprop=\"http:\/\/schema.org\/image\" title=\"Raubseeschwalbe\" alt=\"Raubseeschwalbe\" style=\"width: 403px; height: 226px;\" \/> <\/a> <div class=\"tiled-gallery-caption\" itemprop=\"caption description\"> Raubseeschwalbe <\/div> <\/div> <\/div> <!-- close group --> <\/div> <!-- close row --> <\/div>\n<p>\u00dcbersicht:<\/p>\n<p><a href=\"https:\/\/i0.wp.com\/idnu.ch\/wordpress\/wp-content\/uploads\/2024\/10\/domaines_de_mejanes.jpg?ssl=1\"><img data-recalc-dims=\"1\" loading=\"lazy\" decoding=\"async\" data-attachment-id=\"26775\" data-permalink=\"https:\/\/idnu.ch\/wordpress\/camargue-land-zwischen-himmel-und-wasser\/domaines_de_mejanes\/#main\" data-orig-file=\"https:\/\/i0.wp.com\/idnu.ch\/wordpress\/wp-content\/uploads\/2024\/10\/domaines_de_mejanes.jpg?fit=866%2C678&amp;ssl=1\" data-orig-size=\"866,678\" data-comments-opened=\"1\" data-image-meta=\"{&quot;aperture&quot;:&quot;0&quot;,&quot;credit&quot;:&quot;&quot;,&quot;camera&quot;:&quot;&quot;,&quot;caption&quot;:&quot;&quot;,&quot;created_timestamp&quot;:&quot;0&quot;,&quot;copyright&quot;:&quot;&quot;,&quot;focal_length&quot;:&quot;0&quot;,&quot;iso&quot;:&quot;0&quot;,&quot;shutter_speed&quot;:&quot;0&quot;,&quot;title&quot;:&quot;&quot;,&quot;orientation&quot;:&quot;1&quot;}\" data-image-title=\"Domaine de M\u00e9janes\" data-image-description=\"\" data-image-caption=\"\" data-large-file=\"https:\/\/i0.wp.com\/idnu.ch\/wordpress\/wp-content\/uploads\/2024\/10\/domaines_de_mejanes.jpg?fit=750%2C587&amp;ssl=1\" class=\"alignnone wp-image-26775 size-medium\" src=\"https:\/\/i0.wp.com\/idnu.ch\/wordpress\/wp-content\/uploads\/2024\/10\/domaines_de_mejanes.jpg?resize=300%2C235&#038;ssl=1\" alt=\"\" width=\"300\" height=\"235\" srcset=\"https:\/\/i0.wp.com\/idnu.ch\/wordpress\/wp-content\/uploads\/2024\/10\/domaines_de_mejanes.jpg?resize=300%2C235&amp;ssl=1 300w, https:\/\/i0.wp.com\/idnu.ch\/wordpress\/wp-content\/uploads\/2024\/10\/domaines_de_mejanes.jpg?resize=768%2C601&amp;ssl=1 768w, https:\/\/i0.wp.com\/idnu.ch\/wordpress\/wp-content\/uploads\/2024\/10\/domaines_de_mejanes.jpg?resize=128%2C100&amp;ssl=1 128w, https:\/\/i0.wp.com\/idnu.ch\/wordpress\/wp-content\/uploads\/2024\/10\/domaines_de_mejanes.jpg?w=866&amp;ssl=1 866w\" sizes=\"auto, (max-width: 300px) 100vw, 300px\" \/><\/a><\/p>\n<h3 class=\"text-title1 marginless activity-name\">Taureaux, chevaux &amp; sangliers<\/h3>\n<p>Wir reisten noch ein drittes Mal ins Gebiet der Draille. Diesmal starteten wir beim Mazet du Vaccar\u00e8s und wanderten weiter der Strasse entlang. Zuerst fr\u00fchst\u00fcckten wir aber, wir waren mit leerem Bauch aus dem Haus. Das nutzte ich nat\u00fcrlich auch dazu, die V\u00f6gel im \u00c9tang zu beobachten und zu fotografieren, das Licht war zu gut.<\/p>\n<div class=\"tiled-gallery type-rectangular tiled-gallery-unresized\" data-original-width=\"750\" data-carousel-extra='{&quot;blog_id&quot;:1,&quot;permalink&quot;:&quot;https:\\\/\\\/idnu.ch\\\/wordpress\\\/camargue-land-zwischen-himmel-und-wasser\\\/&quot;,&quot;likes_blog_id&quot;:100184974}' itemscope itemtype=\"http:\/\/schema.org\/ImageGallery\" > <div class=\"gallery-row\" style=\"width: 750px; height: 335px;\" data-original-width=\"750\" data-original-height=\"335\" > <div class=\"gallery-group images-1\" style=\"width: 501px; height: 335px;\" data-original-width=\"501\" data-original-height=\"335\" > <div class=\"tiled-gallery-item tiled-gallery-item-large\" itemprop=\"associatedMedia\" itemscope itemtype=\"http:\/\/schema.org\/ImageObject\"> <a href=\"https:\/\/idnu.ch\/wordpress\/camargue-land-zwischen-himmel-und-wasser\/camargue-20240930-8-bearbeitet\/#main\" border=\"0\" itemprop=\"url\"> <meta itemprop=\"width\" content=\"497\"> <meta itemprop=\"height\" content=\"331\"> <img decoding=\"async\" class=\"\" data-attachment-id=\"26776\" data-orig-file=\"https:\/\/idnu.ch\/wordpress\/wp-content\/uploads\/2024\/10\/camargue-20240930-8-Bearbeitet.jpg\" data-orig-size=\"1240,827\" data-comments-opened=\"1\" data-image-meta=\"{&quot;aperture&quot;:&quot;8&quot;,&quot;credit&quot;:&quot;Urs Kyburz&quot;,&quot;camera&quot;:&quot;Canon EOS 5D Mark IV&quot;,&quot;caption&quot;:&quot;&quot;,&quot;created_timestamp&quot;:&quot;1727675699&quot;,&quot;copyright&quot;:&quot;Copyright Urs Kyburz (2019)&quot;,&quot;focal_length&quot;:&quot;24&quot;,&quot;iso&quot;:&quot;640&quot;,&quot;shutter_speed&quot;:&quot;0.033333333333333&quot;,&quot;title&quot;:&quot;&quot;,&quot;orientation&quot;:&quot;0&quot;}\" data-image-title=\"D\u00fcsterer Himmel mit einem Lichtstreifen\" data-image-description=\"\" data-medium-file=\"https:\/\/i0.wp.com\/idnu.ch\/wordpress\/wp-content\/uploads\/2024\/10\/camargue-20240930-8-Bearbeitet.jpg?fit=300%2C200&#038;ssl=1\" data-large-file=\"https:\/\/i0.wp.com\/idnu.ch\/wordpress\/wp-content\/uploads\/2024\/10\/camargue-20240930-8-Bearbeitet.jpg?fit=750%2C500&#038;ssl=1\" src=\"https:\/\/i0.wp.com\/idnu.ch\/wordpress\/wp-content\/uploads\/2024\/10\/camargue-20240930-8-Bearbeitet.jpg?w=497&#038;h=331&#038;ssl=1\" srcset=\"https:\/\/i0.wp.com\/idnu.ch\/wordpress\/wp-content\/uploads\/2024\/10\/camargue-20240930-8-Bearbeitet.jpg?w=1240&amp;ssl=1 1240w, https:\/\/i0.wp.com\/idnu.ch\/wordpress\/wp-content\/uploads\/2024\/10\/camargue-20240930-8-Bearbeitet.jpg?resize=300%2C200&amp;ssl=1 300w, https:\/\/i0.wp.com\/idnu.ch\/wordpress\/wp-content\/uploads\/2024\/10\/camargue-20240930-8-Bearbeitet.jpg?resize=1024%2C683&amp;ssl=1 1024w, https:\/\/i0.wp.com\/idnu.ch\/wordpress\/wp-content\/uploads\/2024\/10\/camargue-20240930-8-Bearbeitet.jpg?resize=768%2C512&amp;ssl=1 768w, https:\/\/i0.wp.com\/idnu.ch\/wordpress\/wp-content\/uploads\/2024\/10\/camargue-20240930-8-Bearbeitet.jpg?resize=150%2C100&amp;ssl=1 150w\" width=\"497\" height=\"331\" loading=\"lazy\" data-original-width=\"497\" data-original-height=\"331\" itemprop=\"http:\/\/schema.org\/image\" title=\"D\u00fcsterer Himmel mit einem Lichtstreifen\" alt=\"D\u00fcsterer Himmel mit einem Lichtstreifen\" style=\"width: 497px; height: 331px;\" \/> <\/a> <div class=\"tiled-gallery-caption\" itemprop=\"caption description\"> D\u00fcsterer Himmel mit einem Lichtstreifen <\/div> <\/div> <\/div> <!-- close group --> <div class=\"gallery-group images-2\" style=\"width: 249px; height: 335px;\" data-original-width=\"249\" data-original-height=\"335\" > <div class=\"tiled-gallery-item tiled-gallery-item-small\" itemprop=\"associatedMedia\" itemscope itemtype=\"http:\/\/schema.org\/ImageObject\"> <a href=\"https:\/\/idnu.ch\/wordpress\/camargue-land-zwischen-himmel-und-wasser\/camargue-20240930-31-bearbeitet\/#main\" border=\"0\" itemprop=\"url\"> <meta itemprop=\"width\" content=\"245\"> <meta itemprop=\"height\" content=\"164\"> <img decoding=\"async\" class=\"\" data-attachment-id=\"26777\" data-orig-file=\"https:\/\/idnu.ch\/wordpress\/wp-content\/uploads\/2024\/10\/camargue-20240930-31-Bearbeitet.jpg\" data-orig-size=\"1240,827\" data-comments-opened=\"1\" data-image-meta=\"{&quot;aperture&quot;:&quot;5.6&quot;,&quot;credit&quot;:&quot;Urs Kyburz&quot;,&quot;camera&quot;:&quot;Canon EOS R6m2&quot;,&quot;caption&quot;:&quot;&quot;,&quot;created_timestamp&quot;:&quot;1727675848&quot;,&quot;copyright&quot;:&quot;All rights reserved&quot;,&quot;focal_length&quot;:&quot;343&quot;,&quot;iso&quot;:&quot;250&quot;,&quot;shutter_speed&quot;:&quot;0.00125&quot;,&quot;title&quot;:&quot;&quot;,&quot;orientation&quot;:&quot;0&quot;}\" data-image-title=\"\" data-image-description=\"\" data-medium-file=\"https:\/\/i0.wp.com\/idnu.ch\/wordpress\/wp-content\/uploads\/2024\/10\/camargue-20240930-31-Bearbeitet.jpg?fit=300%2C200&#038;ssl=1\" data-large-file=\"https:\/\/i0.wp.com\/idnu.ch\/wordpress\/wp-content\/uploads\/2024\/10\/camargue-20240930-31-Bearbeitet.jpg?fit=750%2C500&#038;ssl=1\" src=\"https:\/\/i0.wp.com\/idnu.ch\/wordpress\/wp-content\/uploads\/2024\/10\/camargue-20240930-31-Bearbeitet.jpg?w=245&#038;h=164&#038;ssl=1\" srcset=\"https:\/\/i0.wp.com\/idnu.ch\/wordpress\/wp-content\/uploads\/2024\/10\/camargue-20240930-31-Bearbeitet.jpg?w=1240&amp;ssl=1 1240w, https:\/\/i0.wp.com\/idnu.ch\/wordpress\/wp-content\/uploads\/2024\/10\/camargue-20240930-31-Bearbeitet.jpg?resize=300%2C200&amp;ssl=1 300w, https:\/\/i0.wp.com\/idnu.ch\/wordpress\/wp-content\/uploads\/2024\/10\/camargue-20240930-31-Bearbeitet.jpg?resize=1024%2C683&amp;ssl=1 1024w, https:\/\/i0.wp.com\/idnu.ch\/wordpress\/wp-content\/uploads\/2024\/10\/camargue-20240930-31-Bearbeitet.jpg?resize=768%2C512&amp;ssl=1 768w, https:\/\/i0.wp.com\/idnu.ch\/wordpress\/wp-content\/uploads\/2024\/10\/camargue-20240930-31-Bearbeitet.jpg?resize=150%2C100&amp;ssl=1 150w\" width=\"245\" height=\"164\" loading=\"lazy\" data-original-width=\"245\" data-original-height=\"164\" itemprop=\"http:\/\/schema.org\/image\" title=\"\" alt=\"\" style=\"width: 245px; height: 164px;\" \/> <\/a> <\/div> <div class=\"tiled-gallery-item tiled-gallery-item-small\" itemprop=\"associatedMedia\" itemscope itemtype=\"http:\/\/schema.org\/ImageObject\"> <a href=\"https:\/\/idnu.ch\/wordpress\/camargue-land-zwischen-himmel-und-wasser\/camargue-20240930-57-bearbeitet\/#main\" border=\"0\" itemprop=\"url\"> <meta itemprop=\"width\" content=\"245\"> <meta itemprop=\"height\" content=\"163\"> <img decoding=\"async\" class=\"\" data-attachment-id=\"26778\" data-orig-file=\"https:\/\/idnu.ch\/wordpress\/wp-content\/uploads\/2024\/10\/camargue-20240930-57-Bearbeitet.jpg\" data-orig-size=\"1240,827\" data-comments-opened=\"1\" data-image-meta=\"{&quot;aperture&quot;:&quot;8&quot;,&quot;credit&quot;:&quot;Urs Kyburz&quot;,&quot;camera&quot;:&quot;Canon EOS R6m2&quot;,&quot;caption&quot;:&quot;&quot;,&quot;created_timestamp&quot;:&quot;1727677669&quot;,&quot;copyright&quot;:&quot;All rights reserved&quot;,&quot;focal_length&quot;:&quot;500&quot;,&quot;iso&quot;:&quot;320&quot;,&quot;shutter_speed&quot;:&quot;0.00125&quot;,&quot;title&quot;:&quot;&quot;,&quot;orientation&quot;:&quot;0&quot;}\" data-image-title=\"\" data-image-description=\"\" data-medium-file=\"https:\/\/i0.wp.com\/idnu.ch\/wordpress\/wp-content\/uploads\/2024\/10\/camargue-20240930-57-Bearbeitet.jpg?fit=300%2C200&#038;ssl=1\" data-large-file=\"https:\/\/i0.wp.com\/idnu.ch\/wordpress\/wp-content\/uploads\/2024\/10\/camargue-20240930-57-Bearbeitet.jpg?fit=750%2C500&#038;ssl=1\" src=\"https:\/\/i0.wp.com\/idnu.ch\/wordpress\/wp-content\/uploads\/2024\/10\/camargue-20240930-57-Bearbeitet.jpg?w=245&#038;h=163&#038;ssl=1\" srcset=\"https:\/\/i0.wp.com\/idnu.ch\/wordpress\/wp-content\/uploads\/2024\/10\/camargue-20240930-57-Bearbeitet.jpg?w=1240&amp;ssl=1 1240w, https:\/\/i0.wp.com\/idnu.ch\/wordpress\/wp-content\/uploads\/2024\/10\/camargue-20240930-57-Bearbeitet.jpg?resize=300%2C200&amp;ssl=1 300w, https:\/\/i0.wp.com\/idnu.ch\/wordpress\/wp-content\/uploads\/2024\/10\/camargue-20240930-57-Bearbeitet.jpg?resize=1024%2C683&amp;ssl=1 1024w, https:\/\/i0.wp.com\/idnu.ch\/wordpress\/wp-content\/uploads\/2024\/10\/camargue-20240930-57-Bearbeitet.jpg?resize=768%2C512&amp;ssl=1 768w, https:\/\/i0.wp.com\/idnu.ch\/wordpress\/wp-content\/uploads\/2024\/10\/camargue-20240930-57-Bearbeitet.jpg?resize=150%2C100&amp;ssl=1 150w\" width=\"245\" height=\"163\" loading=\"lazy\" data-original-width=\"245\" data-original-height=\"163\" itemprop=\"http:\/\/schema.org\/image\" title=\"\" alt=\"\" style=\"width: 245px; height: 163px;\" \/> <\/a> <\/div> <\/div> <!-- close group --> <\/div> <!-- close row --> <div class=\"gallery-row\" style=\"width: 750px; height: 424px;\" data-original-width=\"750\" data-original-height=\"424\" > <div class=\"gallery-group images-1\" style=\"width: 750px; height: 424px;\" data-original-width=\"750\" data-original-height=\"424\" > <div class=\"tiled-gallery-item tiled-gallery-item-large\" itemprop=\"associatedMedia\" itemscope itemtype=\"http:\/\/schema.org\/ImageObject\"> <a href=\"https:\/\/idnu.ch\/wordpress\/camargue-land-zwischen-himmel-und-wasser\/camargue-20240930-64-bearbeitet\/#main\" border=\"0\" itemprop=\"url\"> <meta itemprop=\"width\" content=\"746\"> <meta itemprop=\"height\" content=\"420\"> <img decoding=\"async\" class=\"\" data-attachment-id=\"26779\" data-orig-file=\"https:\/\/idnu.ch\/wordpress\/wp-content\/uploads\/2024\/10\/camargue-20240930-64-Bearbeitet.jpg\" data-orig-size=\"1240,698\" data-comments-opened=\"1\" data-image-meta=\"{&quot;aperture&quot;:&quot;8&quot;,&quot;credit&quot;:&quot;Urs Kyburz&quot;,&quot;camera&quot;:&quot;Canon EOS R6m2&quot;,&quot;caption&quot;:&quot;&quot;,&quot;created_timestamp&quot;:&quot;1727678020&quot;,&quot;copyright&quot;:&quot;All rights reserved&quot;,&quot;focal_length&quot;:&quot;500&quot;,&quot;iso&quot;:&quot;160&quot;,&quot;shutter_speed&quot;:&quot;0.00125&quot;,&quot;title&quot;:&quot;&quot;,&quot;orientation&quot;:&quot;0&quot;}\" data-image-title=\"Flamingos im goldenen Morgenlicht\" data-image-description=\"\" data-medium-file=\"https:\/\/i0.wp.com\/idnu.ch\/wordpress\/wp-content\/uploads\/2024\/10\/camargue-20240930-64-Bearbeitet.jpg?fit=300%2C169&#038;ssl=1\" data-large-file=\"https:\/\/i0.wp.com\/idnu.ch\/wordpress\/wp-content\/uploads\/2024\/10\/camargue-20240930-64-Bearbeitet.jpg?fit=750%2C422&#038;ssl=1\" src=\"https:\/\/i0.wp.com\/idnu.ch\/wordpress\/wp-content\/uploads\/2024\/10\/camargue-20240930-64-Bearbeitet.jpg?w=746&#038;h=420&#038;ssl=1\" srcset=\"https:\/\/i0.wp.com\/idnu.ch\/wordpress\/wp-content\/uploads\/2024\/10\/camargue-20240930-64-Bearbeitet.jpg?w=1240&amp;ssl=1 1240w, https:\/\/i0.wp.com\/idnu.ch\/wordpress\/wp-content\/uploads\/2024\/10\/camargue-20240930-64-Bearbeitet.jpg?resize=300%2C169&amp;ssl=1 300w, https:\/\/i0.wp.com\/idnu.ch\/wordpress\/wp-content\/uploads\/2024\/10\/camargue-20240930-64-Bearbeitet.jpg?resize=1024%2C576&amp;ssl=1 1024w, https:\/\/i0.wp.com\/idnu.ch\/wordpress\/wp-content\/uploads\/2024\/10\/camargue-20240930-64-Bearbeitet.jpg?resize=768%2C432&amp;ssl=1 768w, https:\/\/i0.wp.com\/idnu.ch\/wordpress\/wp-content\/uploads\/2024\/10\/camargue-20240930-64-Bearbeitet.jpg?resize=178%2C100&amp;ssl=1 178w\" width=\"746\" height=\"420\" loading=\"lazy\" data-original-width=\"746\" data-original-height=\"420\" itemprop=\"http:\/\/schema.org\/image\" title=\"Flamingos im goldenen Morgenlicht\" alt=\"Flamingos im goldenen Morgenlicht\" style=\"width: 746px; height: 420px;\" \/> <\/a> <div class=\"tiled-gallery-caption\" itemprop=\"caption description\"> Flamingos im goldenen Morgenlicht <\/div> <\/div> <\/div> <!-- close group --> <\/div> <!-- close row --> <\/div>\n<p>Nach der St\u00e4rkung starteten wir. Links und rechts der Strasse befanden sich die Weiden der Stiere und Pferde. Und wo diese sind, sind auch die Kuhreiher nicht weit. Camargue pur. Es gibt viele Hecken und Geb\u00fcsche, daraus erschallt immer wieder der Gesang des Seidens\u00e4ngers. M\u00f6nchsgrasm\u00fccken, die hier \u00fcberwintern, treten gleich schwarmweise auf. Auf der Strasse entdeckte ich einen gr\u00f6sseren Vogel. Mit dem Blick durchs Fernglas erkannte ich einen Jagdfasan.<\/p>\n<div class=\"tiled-gallery type-rectangular tiled-gallery-unresized\" data-original-width=\"750\" data-carousel-extra='{&quot;blog_id&quot;:1,&quot;permalink&quot;:&quot;https:\\\/\\\/idnu.ch\\\/wordpress\\\/camargue-land-zwischen-himmel-und-wasser\\\/&quot;,&quot;likes_blog_id&quot;:100184974}' itemscope itemtype=\"http:\/\/schema.org\/ImageGallery\" > <div class=\"gallery-row\" style=\"width: 750px; height: 335px;\" data-original-width=\"750\" data-original-height=\"335\" > <div class=\"gallery-group images-1\" style=\"width: 501px; height: 335px;\" data-original-width=\"501\" data-original-height=\"335\" > <div class=\"tiled-gallery-item tiled-gallery-item-large\" itemprop=\"associatedMedia\" itemscope itemtype=\"http:\/\/schema.org\/ImageObject\"> <a href=\"https:\/\/idnu.ch\/wordpress\/camargue-land-zwischen-himmel-und-wasser\/camargue-20240930-65-bearbeitet\/#main\" border=\"0\" itemprop=\"url\"> <meta itemprop=\"width\" content=\"497\"> <meta itemprop=\"height\" content=\"331\"> <img decoding=\"async\" class=\"\" data-attachment-id=\"26782\" data-orig-file=\"https:\/\/idnu.ch\/wordpress\/wp-content\/uploads\/2024\/10\/camargue-20240930-65-Bearbeitet.jpg\" data-orig-size=\"1240,827\" data-comments-opened=\"1\" data-image-meta=\"{&quot;aperture&quot;:&quot;5.6&quot;,&quot;credit&quot;:&quot;Urs Kyburz&quot;,&quot;camera&quot;:&quot;Canon EOS R6m2&quot;,&quot;caption&quot;:&quot;&quot;,&quot;created_timestamp&quot;:&quot;1727678579&quot;,&quot;copyright&quot;:&quot;All rights reserved&quot;,&quot;focal_length&quot;:&quot;254&quot;,&quot;iso&quot;:&quot;1600&quot;,&quot;shutter_speed&quot;:&quot;0.00125&quot;,&quot;title&quot;:&quot;&quot;,&quot;orientation&quot;:&quot;0&quot;}\" data-image-title=\"M\u00e4dchentraum: Pferde\" data-image-description=\"\" data-medium-file=\"https:\/\/i0.wp.com\/idnu.ch\/wordpress\/wp-content\/uploads\/2024\/10\/camargue-20240930-65-Bearbeitet.jpg?fit=300%2C200&#038;ssl=1\" data-large-file=\"https:\/\/i0.wp.com\/idnu.ch\/wordpress\/wp-content\/uploads\/2024\/10\/camargue-20240930-65-Bearbeitet.jpg?fit=750%2C500&#038;ssl=1\" src=\"https:\/\/i0.wp.com\/idnu.ch\/wordpress\/wp-content\/uploads\/2024\/10\/camargue-20240930-65-Bearbeitet.jpg?w=497&#038;h=331&#038;ssl=1\" srcset=\"https:\/\/i0.wp.com\/idnu.ch\/wordpress\/wp-content\/uploads\/2024\/10\/camargue-20240930-65-Bearbeitet.jpg?w=1240&amp;ssl=1 1240w, https:\/\/i0.wp.com\/idnu.ch\/wordpress\/wp-content\/uploads\/2024\/10\/camargue-20240930-65-Bearbeitet.jpg?resize=300%2C200&amp;ssl=1 300w, https:\/\/i0.wp.com\/idnu.ch\/wordpress\/wp-content\/uploads\/2024\/10\/camargue-20240930-65-Bearbeitet.jpg?resize=1024%2C683&amp;ssl=1 1024w, https:\/\/i0.wp.com\/idnu.ch\/wordpress\/wp-content\/uploads\/2024\/10\/camargue-20240930-65-Bearbeitet.jpg?resize=768%2C512&amp;ssl=1 768w, https:\/\/i0.wp.com\/idnu.ch\/wordpress\/wp-content\/uploads\/2024\/10\/camargue-20240930-65-Bearbeitet.jpg?resize=150%2C100&amp;ssl=1 150w\" width=\"497\" height=\"331\" loading=\"lazy\" data-original-width=\"497\" data-original-height=\"331\" itemprop=\"http:\/\/schema.org\/image\" title=\"M\u00e4dchentraum: Pferde\" alt=\"M\u00e4dchentraum: Pferde\" style=\"width: 497px; height: 331px;\" \/> <\/a> <div class=\"tiled-gallery-caption\" itemprop=\"caption description\"> M\u00e4dchentraum: Pferde <\/div> <\/div> <\/div> <!-- close group --> <div class=\"gallery-group images-2\" style=\"width: 249px; height: 335px;\" data-original-width=\"249\" data-original-height=\"335\" > <div class=\"tiled-gallery-item tiled-gallery-item-small\" itemprop=\"associatedMedia\" itemscope itemtype=\"http:\/\/schema.org\/ImageObject\"> <a href=\"https:\/\/idnu.ch\/wordpress\/camargue-land-zwischen-himmel-und-wasser\/camargue-20240930-76-bearbeitet\/#main\" border=\"0\" itemprop=\"url\"> <meta itemprop=\"width\" content=\"245\"> <meta itemprop=\"height\" content=\"164\"> <img decoding=\"async\" class=\"\" data-attachment-id=\"26783\" data-orig-file=\"https:\/\/idnu.ch\/wordpress\/wp-content\/uploads\/2024\/10\/camargue-20240930-76-Bearbeitet.jpg\" data-orig-size=\"1240,827\" data-comments-opened=\"1\" data-image-meta=\"{&quot;aperture&quot;:&quot;8&quot;,&quot;credit&quot;:&quot;Urs Kyburz&quot;,&quot;camera&quot;:&quot;Canon EOS R6m2&quot;,&quot;caption&quot;:&quot;&quot;,&quot;created_timestamp&quot;:&quot;1727679786&quot;,&quot;copyright&quot;:&quot;All rights reserved&quot;,&quot;focal_length&quot;:&quot;500&quot;,&quot;iso&quot;:&quot;1250&quot;,&quot;shutter_speed&quot;:&quot;0.00125&quot;,&quot;title&quot;:&quot;&quot;,&quot;orientation&quot;:&quot;0&quot;}\" data-image-title=\"Ein Jagdfasan quert die Strasse\" data-image-description=\"\" data-medium-file=\"https:\/\/i0.wp.com\/idnu.ch\/wordpress\/wp-content\/uploads\/2024\/10\/camargue-20240930-76-Bearbeitet.jpg?fit=300%2C200&#038;ssl=1\" data-large-file=\"https:\/\/i0.wp.com\/idnu.ch\/wordpress\/wp-content\/uploads\/2024\/10\/camargue-20240930-76-Bearbeitet.jpg?fit=750%2C500&#038;ssl=1\" src=\"https:\/\/i0.wp.com\/idnu.ch\/wordpress\/wp-content\/uploads\/2024\/10\/camargue-20240930-76-Bearbeitet.jpg?w=245&#038;h=164&#038;ssl=1\" srcset=\"https:\/\/i0.wp.com\/idnu.ch\/wordpress\/wp-content\/uploads\/2024\/10\/camargue-20240930-76-Bearbeitet.jpg?w=1240&amp;ssl=1 1240w, https:\/\/i0.wp.com\/idnu.ch\/wordpress\/wp-content\/uploads\/2024\/10\/camargue-20240930-76-Bearbeitet.jpg?resize=300%2C200&amp;ssl=1 300w, https:\/\/i0.wp.com\/idnu.ch\/wordpress\/wp-content\/uploads\/2024\/10\/camargue-20240930-76-Bearbeitet.jpg?resize=1024%2C683&amp;ssl=1 1024w, https:\/\/i0.wp.com\/idnu.ch\/wordpress\/wp-content\/uploads\/2024\/10\/camargue-20240930-76-Bearbeitet.jpg?resize=768%2C512&amp;ssl=1 768w, https:\/\/i0.wp.com\/idnu.ch\/wordpress\/wp-content\/uploads\/2024\/10\/camargue-20240930-76-Bearbeitet.jpg?resize=150%2C100&amp;ssl=1 150w\" width=\"245\" height=\"164\" loading=\"lazy\" data-original-width=\"245\" data-original-height=\"164\" itemprop=\"http:\/\/schema.org\/image\" title=\"Ein Jagdfasan quert die Strasse\" alt=\"Ein Jagdfasan quert die Strasse\" style=\"width: 245px; height: 164px;\" \/> <\/a> <div class=\"tiled-gallery-caption\" itemprop=\"caption description\"> Ein Jagdfasan quert die Strasse <\/div> <\/div> <div class=\"tiled-gallery-item tiled-gallery-item-small\" itemprop=\"associatedMedia\" itemscope itemtype=\"http:\/\/schema.org\/ImageObject\"> <a href=\"https:\/\/idnu.ch\/wordpress\/camargue-land-zwischen-himmel-und-wasser\/camargue-20240930-80-bearbeitet\/#main\" border=\"0\" itemprop=\"url\"> <meta itemprop=\"width\" content=\"245\"> <meta itemprop=\"height\" content=\"163\"> <img decoding=\"async\" class=\"\" data-attachment-id=\"26784\" data-orig-file=\"https:\/\/idnu.ch\/wordpress\/wp-content\/uploads\/2024\/10\/camargue-20240930-80-Bearbeitet.jpg\" data-orig-size=\"1240,827\" data-comments-opened=\"1\" data-image-meta=\"{&quot;aperture&quot;:&quot;5&quot;,&quot;credit&quot;:&quot;Urs Kyburz&quot;,&quot;camera&quot;:&quot;Canon EOS R6m2&quot;,&quot;caption&quot;:&quot;&quot;,&quot;created_timestamp&quot;:&quot;1727680536&quot;,&quot;copyright&quot;:&quot;All rights reserved&quot;,&quot;focal_length&quot;:&quot;176&quot;,&quot;iso&quot;:&quot;500&quot;,&quot;shutter_speed&quot;:&quot;0.00125&quot;,&quot;title&quot;:&quot;&quot;,&quot;orientation&quot;:&quot;0&quot;}\" data-image-title=\"Wo Pferde sind, sind meist auch Kuhreiher\" data-image-description=\"\" data-medium-file=\"https:\/\/i0.wp.com\/idnu.ch\/wordpress\/wp-content\/uploads\/2024\/10\/camargue-20240930-80-Bearbeitet.jpg?fit=300%2C200&#038;ssl=1\" data-large-file=\"https:\/\/i0.wp.com\/idnu.ch\/wordpress\/wp-content\/uploads\/2024\/10\/camargue-20240930-80-Bearbeitet.jpg?fit=750%2C500&#038;ssl=1\" src=\"https:\/\/i0.wp.com\/idnu.ch\/wordpress\/wp-content\/uploads\/2024\/10\/camargue-20240930-80-Bearbeitet.jpg?w=245&#038;h=163&#038;ssl=1\" srcset=\"https:\/\/i0.wp.com\/idnu.ch\/wordpress\/wp-content\/uploads\/2024\/10\/camargue-20240930-80-Bearbeitet.jpg?w=1240&amp;ssl=1 1240w, https:\/\/i0.wp.com\/idnu.ch\/wordpress\/wp-content\/uploads\/2024\/10\/camargue-20240930-80-Bearbeitet.jpg?resize=300%2C200&amp;ssl=1 300w, https:\/\/i0.wp.com\/idnu.ch\/wordpress\/wp-content\/uploads\/2024\/10\/camargue-20240930-80-Bearbeitet.jpg?resize=1024%2C683&amp;ssl=1 1024w, https:\/\/i0.wp.com\/idnu.ch\/wordpress\/wp-content\/uploads\/2024\/10\/camargue-20240930-80-Bearbeitet.jpg?resize=768%2C512&amp;ssl=1 768w, https:\/\/i0.wp.com\/idnu.ch\/wordpress\/wp-content\/uploads\/2024\/10\/camargue-20240930-80-Bearbeitet.jpg?resize=150%2C100&amp;ssl=1 150w\" width=\"245\" height=\"163\" loading=\"lazy\" data-original-width=\"245\" data-original-height=\"163\" itemprop=\"http:\/\/schema.org\/image\" title=\"Wo Pferde sind, sind meist auch Kuhreiher\" alt=\"Wo Pferde sind, sind meist auch Kuhreiher\" style=\"width: 245px; height: 163px;\" \/> <\/a> <div class=\"tiled-gallery-caption\" itemprop=\"caption description\"> Wo Pferde sind, sind meist auch Kuhreiher <\/div> <\/div> <\/div> <!-- close group --> <\/div> <!-- close row --> <div class=\"gallery-row\" style=\"width: 750px; height: 251px;\" data-original-width=\"750\" data-original-height=\"251\" > <div class=\"gallery-group images-1\" style=\"width: 375px; height: 251px;\" data-original-width=\"375\" data-original-height=\"251\" > <div class=\"tiled-gallery-item tiled-gallery-item-large\" itemprop=\"associatedMedia\" itemscope itemtype=\"http:\/\/schema.org\/ImageObject\"> <a href=\"https:\/\/idnu.ch\/wordpress\/camargue-land-zwischen-himmel-und-wasser\/camargue-20240930-82-bearbeitet\/#main\" border=\"0\" itemprop=\"url\"> <meta itemprop=\"width\" content=\"371\"> <meta itemprop=\"height\" content=\"247\"> <img decoding=\"async\" class=\"\" data-attachment-id=\"26785\" data-orig-file=\"https:\/\/idnu.ch\/wordpress\/wp-content\/uploads\/2024\/10\/camargue-20240930-82-Bearbeitet.jpg\" data-orig-size=\"1240,827\" data-comments-opened=\"1\" data-image-meta=\"{&quot;aperture&quot;:&quot;5&quot;,&quot;credit&quot;:&quot;Urs Kyburz&quot;,&quot;camera&quot;:&quot;Canon EOS R6m2&quot;,&quot;caption&quot;:&quot;&quot;,&quot;created_timestamp&quot;:&quot;1727680611&quot;,&quot;copyright&quot;:&quot;All rights reserved&quot;,&quot;focal_length&quot;:&quot;186&quot;,&quot;iso&quot;:&quot;800&quot;,&quot;shutter_speed&quot;:&quot;0.00125&quot;,&quot;title&quot;:&quot;&quot;,&quot;orientation&quot;:&quot;0&quot;}\" data-image-title=\"Ein Taureau wie aus dem Bilderbuch\" data-image-description=\"\" data-medium-file=\"https:\/\/i0.wp.com\/idnu.ch\/wordpress\/wp-content\/uploads\/2024\/10\/camargue-20240930-82-Bearbeitet.jpg?fit=300%2C200&#038;ssl=1\" data-large-file=\"https:\/\/i0.wp.com\/idnu.ch\/wordpress\/wp-content\/uploads\/2024\/10\/camargue-20240930-82-Bearbeitet.jpg?fit=750%2C500&#038;ssl=1\" src=\"https:\/\/i0.wp.com\/idnu.ch\/wordpress\/wp-content\/uploads\/2024\/10\/camargue-20240930-82-Bearbeitet.jpg?w=371&#038;h=247&#038;ssl=1\" srcset=\"https:\/\/i0.wp.com\/idnu.ch\/wordpress\/wp-content\/uploads\/2024\/10\/camargue-20240930-82-Bearbeitet.jpg?w=1240&amp;ssl=1 1240w, https:\/\/i0.wp.com\/idnu.ch\/wordpress\/wp-content\/uploads\/2024\/10\/camargue-20240930-82-Bearbeitet.jpg?resize=300%2C200&amp;ssl=1 300w, https:\/\/i0.wp.com\/idnu.ch\/wordpress\/wp-content\/uploads\/2024\/10\/camargue-20240930-82-Bearbeitet.jpg?resize=1024%2C683&amp;ssl=1 1024w, https:\/\/i0.wp.com\/idnu.ch\/wordpress\/wp-content\/uploads\/2024\/10\/camargue-20240930-82-Bearbeitet.jpg?resize=768%2C512&amp;ssl=1 768w, https:\/\/i0.wp.com\/idnu.ch\/wordpress\/wp-content\/uploads\/2024\/10\/camargue-20240930-82-Bearbeitet.jpg?resize=150%2C100&amp;ssl=1 150w\" width=\"371\" height=\"247\" loading=\"lazy\" data-original-width=\"371\" data-original-height=\"247\" itemprop=\"http:\/\/schema.org\/image\" title=\"Ein Taureau wie aus dem Bilderbuch\" alt=\"Ein Taureau wie aus dem Bilderbuch\" style=\"width: 371px; height: 247px;\" \/> <\/a> <div class=\"tiled-gallery-caption\" itemprop=\"caption description\"> Ein Taureau wie aus dem Bilderbuch <\/div> <\/div> <\/div> <!-- close group --> <div class=\"gallery-group images-1\" style=\"width: 375px; height: 251px;\" data-original-width=\"375\" data-original-height=\"251\" > <div class=\"tiled-gallery-item tiled-gallery-item-large\" itemprop=\"associatedMedia\" itemscope itemtype=\"http:\/\/schema.org\/ImageObject\"> <a href=\"https:\/\/idnu.ch\/wordpress\/camargue-land-zwischen-himmel-und-wasser\/camargue-20240930-84-bearbeitet\/#main\" border=\"0\" itemprop=\"url\"> <meta itemprop=\"width\" content=\"371\"> <meta itemprop=\"height\" content=\"247\"> <img decoding=\"async\" class=\"\" data-attachment-id=\"26786\" data-orig-file=\"https:\/\/idnu.ch\/wordpress\/wp-content\/uploads\/2024\/10\/camargue-20240930-84-Bearbeitet.jpg\" data-orig-size=\"1240,827\" data-comments-opened=\"1\" data-image-meta=\"{&quot;aperture&quot;:&quot;8&quot;,&quot;credit&quot;:&quot;Urs Kyburz&quot;,&quot;camera&quot;:&quot;Canon EOS 5D Mark IV&quot;,&quot;caption&quot;:&quot;&quot;,&quot;created_timestamp&quot;:&quot;1727681336&quot;,&quot;copyright&quot;:&quot;Copyright Urs Kyburz (2019)&quot;,&quot;focal_length&quot;:&quot;24&quot;,&quot;iso&quot;:&quot;125&quot;,&quot;shutter_speed&quot;:&quot;0.025&quot;,&quot;title&quot;:&quot;&quot;,&quot;orientation&quot;:&quot;0&quot;}\" data-image-title=\"Es gibt immer Spannendes zu sehen\" data-image-description=\"\" data-medium-file=\"https:\/\/i0.wp.com\/idnu.ch\/wordpress\/wp-content\/uploads\/2024\/10\/camargue-20240930-84-Bearbeitet.jpg?fit=300%2C200&#038;ssl=1\" data-large-file=\"https:\/\/i0.wp.com\/idnu.ch\/wordpress\/wp-content\/uploads\/2024\/10\/camargue-20240930-84-Bearbeitet.jpg?fit=750%2C500&#038;ssl=1\" src=\"https:\/\/i0.wp.com\/idnu.ch\/wordpress\/wp-content\/uploads\/2024\/10\/camargue-20240930-84-Bearbeitet.jpg?w=371&#038;h=247&#038;ssl=1\" srcset=\"https:\/\/i0.wp.com\/idnu.ch\/wordpress\/wp-content\/uploads\/2024\/10\/camargue-20240930-84-Bearbeitet.jpg?w=1240&amp;ssl=1 1240w, https:\/\/i0.wp.com\/idnu.ch\/wordpress\/wp-content\/uploads\/2024\/10\/camargue-20240930-84-Bearbeitet.jpg?resize=300%2C200&amp;ssl=1 300w, https:\/\/i0.wp.com\/idnu.ch\/wordpress\/wp-content\/uploads\/2024\/10\/camargue-20240930-84-Bearbeitet.jpg?resize=1024%2C683&amp;ssl=1 1024w, https:\/\/i0.wp.com\/idnu.ch\/wordpress\/wp-content\/uploads\/2024\/10\/camargue-20240930-84-Bearbeitet.jpg?resize=768%2C512&amp;ssl=1 768w, https:\/\/i0.wp.com\/idnu.ch\/wordpress\/wp-content\/uploads\/2024\/10\/camargue-20240930-84-Bearbeitet.jpg?resize=150%2C100&amp;ssl=1 150w\" width=\"371\" height=\"247\" loading=\"lazy\" data-original-width=\"371\" data-original-height=\"247\" itemprop=\"http:\/\/schema.org\/image\" title=\"Es gibt immer Spannendes zu sehen\" alt=\"Es gibt immer Spannendes zu sehen\" style=\"width: 371px; height: 247px;\" \/> <\/a> <div class=\"tiled-gallery-caption\" itemprop=\"caption description\"> Es gibt immer Spannendes zu sehen <\/div> <\/div> <\/div> <!-- close group --> <\/div> <!-- close row --> <\/div>\n<p>Auf dem weiteren Weg, wir waren inzwischen ein gutes St\u00fcck weg vom Wasser, machten wir immer wieder spannende Beobachtungen. Am meisten freuten wir uns \u00fcber die Grauammer, f\u00fcr uns eine Erstbeobachtung. In der Schweiz ist sie praktisch aus dem Mittelland verschwunden. Fr\u00fcher war sie ein h\u00e4ufiger Brutvogel. So viel zu &#8222;die Bauern machen genug f\u00fcr die Biodiversit\u00e4t&#8220;. In einem Kanal entdeckten wir eine Wasserralle, in einer Seitenstrasse, ziemlich weit weg, zwei Wildschweine. Auf dem R\u00fcckweg waren sie immer noch da. Und auf einem Baum entdeckten wir nochmals sechs Grauammern! Das war wieder eine gelungene Wanderung.<\/p>\n<div class=\"tiled-gallery type-rectangular tiled-gallery-unresized\" data-original-width=\"750\" data-carousel-extra='{&quot;blog_id&quot;:1,&quot;permalink&quot;:&quot;https:\\\/\\\/idnu.ch\\\/wordpress\\\/camargue-land-zwischen-himmel-und-wasser\\\/&quot;,&quot;likes_blog_id&quot;:100184974}' itemscope itemtype=\"http:\/\/schema.org\/ImageGallery\" > <div class=\"gallery-row\" style=\"width: 750px; height: 146px;\" data-original-width=\"750\" data-original-height=\"146\" > <div class=\"gallery-group images-1\" style=\"width: 217px; height: 146px;\" data-original-width=\"217\" data-original-height=\"146\" > <div class=\"tiled-gallery-item tiled-gallery-item-small\" itemprop=\"associatedMedia\" itemscope itemtype=\"http:\/\/schema.org\/ImageObject\"> <a href=\"https:\/\/idnu.ch\/wordpress\/camargue-land-zwischen-himmel-und-wasser\/camargue-20240930-87-bearbeitet\/#main\" border=\"0\" itemprop=\"url\"> <meta itemprop=\"width\" content=\"213\"> <meta itemprop=\"height\" content=\"142\"> <img decoding=\"async\" class=\"\" data-attachment-id=\"26787\" data-orig-file=\"https:\/\/idnu.ch\/wordpress\/wp-content\/uploads\/2024\/10\/camargue-20240930-87-Bearbeitet.jpg\" data-orig-size=\"1240,827\" data-comments-opened=\"1\" data-image-meta=\"{&quot;aperture&quot;:&quot;8&quot;,&quot;credit&quot;:&quot;Urs Kyburz&quot;,&quot;camera&quot;:&quot;Canon EOS R6m2&quot;,&quot;caption&quot;:&quot;&quot;,&quot;created_timestamp&quot;:&quot;1727681810&quot;,&quot;copyright&quot;:&quot;All rights reserved&quot;,&quot;focal_length&quot;:&quot;500&quot;,&quot;iso&quot;:&quot;1000&quot;,&quot;shutter_speed&quot;:&quot;0.00125&quot;,&quot;title&quot;:&quot;&quot;,&quot;orientation&quot;:&quot;0&quot;}\" data-image-title=\"Erstsichtung: Eine Grauammer\" data-image-description=\"\" data-medium-file=\"https:\/\/i0.wp.com\/idnu.ch\/wordpress\/wp-content\/uploads\/2024\/10\/camargue-20240930-87-Bearbeitet.jpg?fit=300%2C200&#038;ssl=1\" data-large-file=\"https:\/\/i0.wp.com\/idnu.ch\/wordpress\/wp-content\/uploads\/2024\/10\/camargue-20240930-87-Bearbeitet.jpg?fit=750%2C500&#038;ssl=1\" src=\"https:\/\/i0.wp.com\/idnu.ch\/wordpress\/wp-content\/uploads\/2024\/10\/camargue-20240930-87-Bearbeitet.jpg?w=213&#038;h=142&#038;ssl=1\" srcset=\"https:\/\/i0.wp.com\/idnu.ch\/wordpress\/wp-content\/uploads\/2024\/10\/camargue-20240930-87-Bearbeitet.jpg?w=1240&amp;ssl=1 1240w, https:\/\/i0.wp.com\/idnu.ch\/wordpress\/wp-content\/uploads\/2024\/10\/camargue-20240930-87-Bearbeitet.jpg?resize=300%2C200&amp;ssl=1 300w, https:\/\/i0.wp.com\/idnu.ch\/wordpress\/wp-content\/uploads\/2024\/10\/camargue-20240930-87-Bearbeitet.jpg?resize=1024%2C683&amp;ssl=1 1024w, https:\/\/i0.wp.com\/idnu.ch\/wordpress\/wp-content\/uploads\/2024\/10\/camargue-20240930-87-Bearbeitet.jpg?resize=768%2C512&amp;ssl=1 768w, https:\/\/i0.wp.com\/idnu.ch\/wordpress\/wp-content\/uploads\/2024\/10\/camargue-20240930-87-Bearbeitet.jpg?resize=150%2C100&amp;ssl=1 150w\" width=\"213\" height=\"142\" loading=\"lazy\" data-original-width=\"213\" data-original-height=\"142\" itemprop=\"http:\/\/schema.org\/image\" title=\"Erstsichtung: Eine Grauammer\" alt=\"Erstsichtung: Eine Grauammer\" style=\"width: 213px; height: 142px;\" \/> <\/a> <div class=\"tiled-gallery-caption\" itemprop=\"caption description\"> Erstsichtung: Eine Grauammer <\/div> <\/div> <\/div> <!-- close group --> <div class=\"gallery-group images-1\" style=\"width: 217px; height: 146px;\" data-original-width=\"217\" data-original-height=\"146\" > <div class=\"tiled-gallery-item tiled-gallery-item-small\" itemprop=\"associatedMedia\" itemscope itemtype=\"http:\/\/schema.org\/ImageObject\"> <a href=\"https:\/\/idnu.ch\/wordpress\/camargue-land-zwischen-himmel-und-wasser\/camargue-20240930-91-bearbeitet\/#main\" border=\"0\" itemprop=\"url\"> <meta itemprop=\"width\" content=\"213\"> <meta itemprop=\"height\" content=\"142\"> <img decoding=\"async\" class=\"\" data-attachment-id=\"26788\" data-orig-file=\"https:\/\/idnu.ch\/wordpress\/wp-content\/uploads\/2024\/10\/camargue-20240930-91-Bearbeitet.jpg\" data-orig-size=\"1240,827\" data-comments-opened=\"1\" data-image-meta=\"{&quot;aperture&quot;:&quot;7.1&quot;,&quot;credit&quot;:&quot;Urs Kyburz&quot;,&quot;camera&quot;:&quot;Canon EOS R6m2&quot;,&quot;caption&quot;:&quot;&quot;,&quot;created_timestamp&quot;:&quot;1727682793&quot;,&quot;copyright&quot;:&quot;All rights reserved&quot;,&quot;focal_length&quot;:&quot;500&quot;,&quot;iso&quot;:&quot;12800&quot;,&quot;shutter_speed&quot;:&quot;0.00125&quot;,&quot;title&quot;:&quot;&quot;,&quot;orientation&quot;:&quot;0&quot;}\" data-image-title=\"Wasserralle\" data-image-description=\"\" data-medium-file=\"https:\/\/i0.wp.com\/idnu.ch\/wordpress\/wp-content\/uploads\/2024\/10\/camargue-20240930-91-Bearbeitet.jpg?fit=300%2C200&#038;ssl=1\" data-large-file=\"https:\/\/i0.wp.com\/idnu.ch\/wordpress\/wp-content\/uploads\/2024\/10\/camargue-20240930-91-Bearbeitet.jpg?fit=750%2C500&#038;ssl=1\" src=\"https:\/\/i0.wp.com\/idnu.ch\/wordpress\/wp-content\/uploads\/2024\/10\/camargue-20240930-91-Bearbeitet.jpg?w=213&#038;h=142&#038;ssl=1\" srcset=\"https:\/\/i0.wp.com\/idnu.ch\/wordpress\/wp-content\/uploads\/2024\/10\/camargue-20240930-91-Bearbeitet.jpg?w=1240&amp;ssl=1 1240w, https:\/\/i0.wp.com\/idnu.ch\/wordpress\/wp-content\/uploads\/2024\/10\/camargue-20240930-91-Bearbeitet.jpg?resize=300%2C200&amp;ssl=1 300w, https:\/\/i0.wp.com\/idnu.ch\/wordpress\/wp-content\/uploads\/2024\/10\/camargue-20240930-91-Bearbeitet.jpg?resize=1024%2C683&amp;ssl=1 1024w, https:\/\/i0.wp.com\/idnu.ch\/wordpress\/wp-content\/uploads\/2024\/10\/camargue-20240930-91-Bearbeitet.jpg?resize=768%2C512&amp;ssl=1 768w, https:\/\/i0.wp.com\/idnu.ch\/wordpress\/wp-content\/uploads\/2024\/10\/camargue-20240930-91-Bearbeitet.jpg?resize=150%2C100&amp;ssl=1 150w\" width=\"213\" height=\"142\" loading=\"lazy\" data-original-width=\"213\" data-original-height=\"142\" itemprop=\"http:\/\/schema.org\/image\" title=\"Wasserralle\" alt=\"Wasserralle\" style=\"width: 213px; height: 142px;\" \/> <\/a> <div class=\"tiled-gallery-caption\" itemprop=\"caption description\"> Wasserralle <\/div> <\/div> <\/div> <!-- close group --> <div class=\"gallery-group images-1\" style=\"width: 99px; height: 146px;\" data-original-width=\"99\" data-original-height=\"146\" > <div class=\"tiled-gallery-item tiled-gallery-item-small\" itemprop=\"associatedMedia\" itemscope itemtype=\"http:\/\/schema.org\/ImageObject\"> <a href=\"https:\/\/idnu.ch\/wordpress\/camargue-land-zwischen-himmel-und-wasser\/camargue-20240930-97-bearbeitet\/#main\" border=\"0\" itemprop=\"url\"> <meta itemprop=\"width\" content=\"95\"> <meta itemprop=\"height\" content=\"142\"> <img decoding=\"async\" class=\"\" data-attachment-id=\"26789\" data-orig-file=\"https:\/\/idnu.ch\/wordpress\/wp-content\/uploads\/2024\/10\/camargue-20240930-97-Bearbeitet.jpg\" data-orig-size=\"827,1240\" data-comments-opened=\"1\" data-image-meta=\"{&quot;aperture&quot;:&quot;7.1&quot;,&quot;credit&quot;:&quot;Urs Kyburz&quot;,&quot;camera&quot;:&quot;Canon EOS R6m2&quot;,&quot;caption&quot;:&quot;&quot;,&quot;created_timestamp&quot;:&quot;1727685283&quot;,&quot;copyright&quot;:&quot;All rights reserved&quot;,&quot;focal_length&quot;:&quot;500&quot;,&quot;iso&quot;:&quot;1250&quot;,&quot;shutter_speed&quot;:&quot;0.00125&quot;,&quot;title&quot;:&quot;&quot;,&quot;orientation&quot;:&quot;0&quot;}\" data-image-title=\"Zistens\u00e4nger\" data-image-description=\"\" data-medium-file=\"https:\/\/i0.wp.com\/idnu.ch\/wordpress\/wp-content\/uploads\/2024\/10\/camargue-20240930-97-Bearbeitet.jpg?fit=200%2C300&#038;ssl=1\" data-large-file=\"https:\/\/i0.wp.com\/idnu.ch\/wordpress\/wp-content\/uploads\/2024\/10\/camargue-20240930-97-Bearbeitet.jpg?fit=683%2C1024&#038;ssl=1\" src=\"https:\/\/i0.wp.com\/idnu.ch\/wordpress\/wp-content\/uploads\/2024\/10\/camargue-20240930-97-Bearbeitet.jpg?w=95&#038;h=142&#038;ssl=1\" srcset=\"https:\/\/i0.wp.com\/idnu.ch\/wordpress\/wp-content\/uploads\/2024\/10\/camargue-20240930-97-Bearbeitet.jpg?w=827&amp;ssl=1 827w, https:\/\/i0.wp.com\/idnu.ch\/wordpress\/wp-content\/uploads\/2024\/10\/camargue-20240930-97-Bearbeitet.jpg?resize=200%2C300&amp;ssl=1 200w, https:\/\/i0.wp.com\/idnu.ch\/wordpress\/wp-content\/uploads\/2024\/10\/camargue-20240930-97-Bearbeitet.jpg?resize=683%2C1024&amp;ssl=1 683w, https:\/\/i0.wp.com\/idnu.ch\/wordpress\/wp-content\/uploads\/2024\/10\/camargue-20240930-97-Bearbeitet.jpg?resize=768%2C1152&amp;ssl=1 768w, https:\/\/i0.wp.com\/idnu.ch\/wordpress\/wp-content\/uploads\/2024\/10\/camargue-20240930-97-Bearbeitet.jpg?resize=67%2C100&amp;ssl=1 67w\" width=\"95\" height=\"142\" loading=\"lazy\" data-original-width=\"95\" data-original-height=\"142\" itemprop=\"http:\/\/schema.org\/image\" title=\"Zistens\u00e4nger\" alt=\"Zistens\u00e4nger\" style=\"width: 95px; height: 142px;\" \/> <\/a> <div class=\"tiled-gallery-caption\" itemprop=\"caption description\"> Zistens\u00e4nger <\/div> <\/div> <\/div> <!-- close group --> <div class=\"gallery-group images-1\" style=\"width: 217px; height: 146px;\" data-original-width=\"217\" data-original-height=\"146\" > <div class=\"tiled-gallery-item tiled-gallery-item-small\" itemprop=\"associatedMedia\" itemscope itemtype=\"http:\/\/schema.org\/ImageObject\"> <a href=\"https:\/\/idnu.ch\/wordpress\/camargue-land-zwischen-himmel-und-wasser\/camargue-20240930-100-bearbeitet\/#main\" border=\"0\" itemprop=\"url\"> <meta itemprop=\"width\" content=\"213\"> <meta itemprop=\"height\" content=\"142\"> <img decoding=\"async\" class=\"\" data-attachment-id=\"26790\" data-orig-file=\"https:\/\/idnu.ch\/wordpress\/wp-content\/uploads\/2024\/10\/camargue-20240930-100-Bearbeitet.jpg\" data-orig-size=\"1240,827\" data-comments-opened=\"1\" data-image-meta=\"{&quot;aperture&quot;:&quot;8&quot;,&quot;credit&quot;:&quot;Urs Kyburz&quot;,&quot;camera&quot;:&quot;Canon EOS R6m2&quot;,&quot;caption&quot;:&quot;&quot;,&quot;created_timestamp&quot;:&quot;1727688001&quot;,&quot;copyright&quot;:&quot;All rights reserved&quot;,&quot;focal_length&quot;:&quot;500&quot;,&quot;iso&quot;:&quot;320&quot;,&quot;shutter_speed&quot;:&quot;0.00125&quot;,&quot;title&quot;:&quot;&quot;,&quot;orientation&quot;:&quot;0&quot;}\" data-image-title=\"Zwei Wildschweine\" data-image-description=\"\" data-medium-file=\"https:\/\/i0.wp.com\/idnu.ch\/wordpress\/wp-content\/uploads\/2024\/10\/camargue-20240930-100-Bearbeitet.jpg?fit=300%2C200&#038;ssl=1\" data-large-file=\"https:\/\/i0.wp.com\/idnu.ch\/wordpress\/wp-content\/uploads\/2024\/10\/camargue-20240930-100-Bearbeitet.jpg?fit=750%2C500&#038;ssl=1\" src=\"https:\/\/i0.wp.com\/idnu.ch\/wordpress\/wp-content\/uploads\/2024\/10\/camargue-20240930-100-Bearbeitet.jpg?w=213&#038;h=142&#038;ssl=1\" srcset=\"https:\/\/i0.wp.com\/idnu.ch\/wordpress\/wp-content\/uploads\/2024\/10\/camargue-20240930-100-Bearbeitet.jpg?w=1240&amp;ssl=1 1240w, https:\/\/i0.wp.com\/idnu.ch\/wordpress\/wp-content\/uploads\/2024\/10\/camargue-20240930-100-Bearbeitet.jpg?resize=300%2C200&amp;ssl=1 300w, https:\/\/i0.wp.com\/idnu.ch\/wordpress\/wp-content\/uploads\/2024\/10\/camargue-20240930-100-Bearbeitet.jpg?resize=1024%2C683&amp;ssl=1 1024w, https:\/\/i0.wp.com\/idnu.ch\/wordpress\/wp-content\/uploads\/2024\/10\/camargue-20240930-100-Bearbeitet.jpg?resize=768%2C512&amp;ssl=1 768w, https:\/\/i0.wp.com\/idnu.ch\/wordpress\/wp-content\/uploads\/2024\/10\/camargue-20240930-100-Bearbeitet.jpg?resize=150%2C100&amp;ssl=1 150w\" width=\"213\" height=\"142\" loading=\"lazy\" data-original-width=\"213\" data-original-height=\"142\" itemprop=\"http:\/\/schema.org\/image\" title=\"Zwei Wildschweine\" alt=\"Zwei Wildschweine\" style=\"width: 213px; height: 142px;\" \/> <\/a> <div class=\"tiled-gallery-caption\" itemprop=\"caption description\"> Zwei Wildschweine <\/div> <\/div> <\/div> <!-- close group --> <\/div> <!-- close row --> <\/div>\n<h2>R\u00e9serve du Petit Rh\u00f4ne<\/h2>\n<p>Hierbei handelt es sich um ein <a href=\"https:\/\/www.reservedupetitrhone.com\/\" target=\"_blank\" rel=\"noopener\">privates Naturschutzgebiet<\/a>, das Eintritt kostet. Dieser ist angemessen, mit 7 \u20ac f\u00fcr Erwachesene und 5 \u20ac f\u00fcr Kinder von 6 &#8211; 12 ist man dabei.<\/p>\n<figure id=\"attachment_26796\" aria-describedby=\"caption-attachment-26796\" style=\"width: 1240px\" class=\"wp-caption alignnone\"><a href=\"https:\/\/i0.wp.com\/idnu.ch\/wordpress\/wp-content\/uploads\/2024\/10\/camargue-20240929-124-Bearbeitet.jpg?ssl=1\"><img data-recalc-dims=\"1\" loading=\"lazy\" decoding=\"async\" data-attachment-id=\"26796\" data-permalink=\"https:\/\/idnu.ch\/wordpress\/camargue-land-zwischen-himmel-und-wasser\/camargue-20240929-124-bearbeitet\/#main\" data-orig-file=\"https:\/\/i0.wp.com\/idnu.ch\/wordpress\/wp-content\/uploads\/2024\/10\/camargue-20240929-124-Bearbeitet.jpg?fit=1240%2C827&amp;ssl=1\" data-orig-size=\"1240,827\" data-comments-opened=\"1\" data-image-meta=\"{&quot;aperture&quot;:&quot;11&quot;,&quot;credit&quot;:&quot;Urs Kyburz&quot;,&quot;camera&quot;:&quot;Canon EOS 5D Mark IV&quot;,&quot;caption&quot;:&quot;&quot;,&quot;created_timestamp&quot;:&quot;1727610385&quot;,&quot;copyright&quot;:&quot;Copyright Urs Kyburz (2019)&quot;,&quot;focal_length&quot;:&quot;75&quot;,&quot;iso&quot;:&quot;200&quot;,&quot;shutter_speed&quot;:&quot;0.016666666666667&quot;,&quot;title&quot;:&quot;&quot;,&quot;orientation&quot;:&quot;0&quot;}\" data-image-title=\"Hier kriegt man auch einen Kaffee\" data-image-description=\"\" data-image-caption=\"&lt;p&gt;Hier kriegt man auch einen Kaffee&lt;\/p&gt;\n\" data-large-file=\"https:\/\/i0.wp.com\/idnu.ch\/wordpress\/wp-content\/uploads\/2024\/10\/camargue-20240929-124-Bearbeitet.jpg?fit=750%2C500&amp;ssl=1\" class=\"size-full wp-image-26796\" src=\"https:\/\/i0.wp.com\/idnu.ch\/wordpress\/wp-content\/uploads\/2024\/10\/camargue-20240929-124-Bearbeitet.jpg?resize=750%2C500&#038;ssl=1\" alt=\"\" width=\"750\" height=\"500\" srcset=\"https:\/\/i0.wp.com\/idnu.ch\/wordpress\/wp-content\/uploads\/2024\/10\/camargue-20240929-124-Bearbeitet.jpg?w=1240&amp;ssl=1 1240w, https:\/\/i0.wp.com\/idnu.ch\/wordpress\/wp-content\/uploads\/2024\/10\/camargue-20240929-124-Bearbeitet.jpg?resize=300%2C200&amp;ssl=1 300w, https:\/\/i0.wp.com\/idnu.ch\/wordpress\/wp-content\/uploads\/2024\/10\/camargue-20240929-124-Bearbeitet.jpg?resize=1024%2C683&amp;ssl=1 1024w, https:\/\/i0.wp.com\/idnu.ch\/wordpress\/wp-content\/uploads\/2024\/10\/camargue-20240929-124-Bearbeitet.jpg?resize=768%2C512&amp;ssl=1 768w, https:\/\/i0.wp.com\/idnu.ch\/wordpress\/wp-content\/uploads\/2024\/10\/camargue-20240929-124-Bearbeitet.jpg?resize=150%2C100&amp;ssl=1 150w\" sizes=\"auto, (max-width: 750px) 100vw, 750px\" \/><\/a><figcaption id=\"caption-attachment-26796\" class=\"wp-caption-text\">Hier kriegt man auch einen Kaffee<\/figcaption><\/figure>\n<p>Gleich am Start sahen wir zwei Heilige Ibisse, Neozoen, die sich allm\u00e4hlich breit machen. Da sie Nester von Seev\u00f6geln pl\u00fcndern, werden sie dezimiert. Im Geb\u00fcsch h\u00f6ren wir immer wieder Seidens\u00e4nger. Es gibt verschiedene Hides und Sichtschutzw\u00e4nde, die ein getarntes Beobachten erm\u00f6glichen. Von der ersten Wand aus sahen wir einen Rallenreiher. Keine Erstbeobachtung, aber er war viel n\u00e4her als im <a href=\"https:\/\/idnu.ch\/wordpress\/durchs-schoene-neckertal\/\">Kaltbrunner Riet<\/a>, wo wir den ersten sahen. Ein St\u00fcck weiter endete der Weg in einem Hide, der einen guten Blick auf den Teich zuliess. Und was f\u00fcr ein Blick! Gleich davor durchpfl\u00fcgte ein L\u00f6ffler mit seinem Schnabel das Wasser. Auch keine Erstsichtung, aber ebenfalls noch nie so nah.<\/p>\n<div class=\"tiled-gallery type-rectangular tiled-gallery-unresized\" data-original-width=\"750\" data-carousel-extra='{&quot;blog_id&quot;:1,&quot;permalink&quot;:&quot;https:\\\/\\\/idnu.ch\\\/wordpress\\\/camargue-land-zwischen-himmel-und-wasser\\\/&quot;,&quot;likes_blog_id&quot;:100184974}' itemscope itemtype=\"http:\/\/schema.org\/ImageGallery\" > <div class=\"gallery-row\" style=\"width: 750px; height: 335px;\" data-original-width=\"750\" data-original-height=\"335\" > <div class=\"gallery-group images-1\" style=\"width: 501px; height: 335px;\" data-original-width=\"501\" data-original-height=\"335\" > <div class=\"tiled-gallery-item tiled-gallery-item-large\" itemprop=\"associatedMedia\" itemscope itemtype=\"http:\/\/schema.org\/ImageObject\"> <a href=\"https:\/\/idnu.ch\/wordpress\/camargue-land-zwischen-himmel-und-wasser\/camargue-20240929-1-bearbeitet\/#main\" border=\"0\" itemprop=\"url\"> <meta itemprop=\"width\" content=\"497\"> <meta itemprop=\"height\" content=\"331\"> <img decoding=\"async\" class=\"\" data-attachment-id=\"26791\" data-orig-file=\"https:\/\/idnu.ch\/wordpress\/wp-content\/uploads\/2024\/10\/camargue-20240929-1-Bearbeitet.jpg\" data-orig-size=\"1240,827\" data-comments-opened=\"1\" data-image-meta=\"{&quot;aperture&quot;:&quot;7.1&quot;,&quot;credit&quot;:&quot;Urs Kyburz&quot;,&quot;camera&quot;:&quot;Canon EOS R6m2&quot;,&quot;caption&quot;:&quot;&quot;,&quot;created_timestamp&quot;:&quot;1727593409&quot;,&quot;copyright&quot;:&quot;All rights reserved&quot;,&quot;focal_length&quot;:&quot;500&quot;,&quot;iso&quot;:&quot;1000&quot;,&quot;shutter_speed&quot;:&quot;0.000625&quot;,&quot;title&quot;:&quot;&quot;,&quot;orientation&quot;:&quot;0&quot;}\" data-image-title=\"Heilige Ibisse\" data-image-description=\"\" data-medium-file=\"https:\/\/i0.wp.com\/idnu.ch\/wordpress\/wp-content\/uploads\/2024\/10\/camargue-20240929-1-Bearbeitet.jpg?fit=300%2C200&#038;ssl=1\" data-large-file=\"https:\/\/i0.wp.com\/idnu.ch\/wordpress\/wp-content\/uploads\/2024\/10\/camargue-20240929-1-Bearbeitet.jpg?fit=750%2C500&#038;ssl=1\" src=\"https:\/\/i0.wp.com\/idnu.ch\/wordpress\/wp-content\/uploads\/2024\/10\/camargue-20240929-1-Bearbeitet.jpg?w=497&#038;h=331&#038;ssl=1\" srcset=\"https:\/\/i0.wp.com\/idnu.ch\/wordpress\/wp-content\/uploads\/2024\/10\/camargue-20240929-1-Bearbeitet.jpg?w=1240&amp;ssl=1 1240w, https:\/\/i0.wp.com\/idnu.ch\/wordpress\/wp-content\/uploads\/2024\/10\/camargue-20240929-1-Bearbeitet.jpg?resize=300%2C200&amp;ssl=1 300w, https:\/\/i0.wp.com\/idnu.ch\/wordpress\/wp-content\/uploads\/2024\/10\/camargue-20240929-1-Bearbeitet.jpg?resize=1024%2C683&amp;ssl=1 1024w, https:\/\/i0.wp.com\/idnu.ch\/wordpress\/wp-content\/uploads\/2024\/10\/camargue-20240929-1-Bearbeitet.jpg?resize=768%2C512&amp;ssl=1 768w, https:\/\/i0.wp.com\/idnu.ch\/wordpress\/wp-content\/uploads\/2024\/10\/camargue-20240929-1-Bearbeitet.jpg?resize=150%2C100&amp;ssl=1 150w\" width=\"497\" height=\"331\" loading=\"lazy\" data-original-width=\"497\" data-original-height=\"331\" itemprop=\"http:\/\/schema.org\/image\" title=\"Heilige Ibisse\" alt=\"Heilige Ibisse\" style=\"width: 497px; height: 331px;\" \/> <\/a> <div class=\"tiled-gallery-caption\" itemprop=\"caption description\"> Heilige Ibisse <\/div> <\/div> <\/div> <!-- close group --> <div class=\"gallery-group images-2\" style=\"width: 249px; height: 335px;\" data-original-width=\"249\" data-original-height=\"335\" > <div class=\"tiled-gallery-item tiled-gallery-item-small\" itemprop=\"associatedMedia\" itemscope itemtype=\"http:\/\/schema.org\/ImageObject\"> <a href=\"https:\/\/idnu.ch\/wordpress\/camargue-land-zwischen-himmel-und-wasser\/camargue-20240929-11-bearbeitet\/#main\" border=\"0\" itemprop=\"url\"> <meta itemprop=\"width\" content=\"245\"> <meta itemprop=\"height\" content=\"164\"> <img decoding=\"async\" class=\"\" data-attachment-id=\"26792\" data-orig-file=\"https:\/\/idnu.ch\/wordpress\/wp-content\/uploads\/2024\/10\/camargue-20240929-11-Bearbeitet.jpg\" data-orig-size=\"1240,827\" data-comments-opened=\"1\" data-image-meta=\"{&quot;aperture&quot;:&quot;8&quot;,&quot;credit&quot;:&quot;Urs Kyburz&quot;,&quot;camera&quot;:&quot;Canon EOS R6m2&quot;,&quot;caption&quot;:&quot;&quot;,&quot;created_timestamp&quot;:&quot;1727595262&quot;,&quot;copyright&quot;:&quot;All rights reserved&quot;,&quot;focal_length&quot;:&quot;500&quot;,&quot;iso&quot;:&quot;320&quot;,&quot;shutter_speed&quot;:&quot;0.001&quot;,&quot;title&quot;:&quot;&quot;,&quot;orientation&quot;:&quot;0&quot;}\" data-image-title=\"Rallenreiher\" data-image-description=\"\" data-medium-file=\"https:\/\/i0.wp.com\/idnu.ch\/wordpress\/wp-content\/uploads\/2024\/10\/camargue-20240929-11-Bearbeitet.jpg?fit=300%2C200&#038;ssl=1\" data-large-file=\"https:\/\/i0.wp.com\/idnu.ch\/wordpress\/wp-content\/uploads\/2024\/10\/camargue-20240929-11-Bearbeitet.jpg?fit=750%2C500&#038;ssl=1\" src=\"https:\/\/i0.wp.com\/idnu.ch\/wordpress\/wp-content\/uploads\/2024\/10\/camargue-20240929-11-Bearbeitet.jpg?w=245&#038;h=164&#038;ssl=1\" srcset=\"https:\/\/i0.wp.com\/idnu.ch\/wordpress\/wp-content\/uploads\/2024\/10\/camargue-20240929-11-Bearbeitet.jpg?w=1240&amp;ssl=1 1240w, https:\/\/i0.wp.com\/idnu.ch\/wordpress\/wp-content\/uploads\/2024\/10\/camargue-20240929-11-Bearbeitet.jpg?resize=300%2C200&amp;ssl=1 300w, https:\/\/i0.wp.com\/idnu.ch\/wordpress\/wp-content\/uploads\/2024\/10\/camargue-20240929-11-Bearbeitet.jpg?resize=1024%2C683&amp;ssl=1 1024w, https:\/\/i0.wp.com\/idnu.ch\/wordpress\/wp-content\/uploads\/2024\/10\/camargue-20240929-11-Bearbeitet.jpg?resize=768%2C512&amp;ssl=1 768w, https:\/\/i0.wp.com\/idnu.ch\/wordpress\/wp-content\/uploads\/2024\/10\/camargue-20240929-11-Bearbeitet.jpg?resize=150%2C100&amp;ssl=1 150w\" width=\"245\" height=\"164\" loading=\"lazy\" data-original-width=\"245\" data-original-height=\"164\" itemprop=\"http:\/\/schema.org\/image\" title=\"Rallenreiher\" alt=\"Rallenreiher\" style=\"width: 245px; height: 164px;\" \/> <\/a> <div class=\"tiled-gallery-caption\" itemprop=\"caption description\"> Rallenreiher <\/div> <\/div> <div class=\"tiled-gallery-item tiled-gallery-item-small\" itemprop=\"associatedMedia\" itemscope itemtype=\"http:\/\/schema.org\/ImageObject\"> <a href=\"https:\/\/idnu.ch\/wordpress\/camargue-land-zwischen-himmel-und-wasser\/camargue-20240929-46-bearbeitet\/#main\" border=\"0\" itemprop=\"url\"> <meta itemprop=\"width\" content=\"245\"> <meta itemprop=\"height\" content=\"163\"> <img decoding=\"async\" class=\"\" data-attachment-id=\"26793\" data-orig-file=\"https:\/\/idnu.ch\/wordpress\/wp-content\/uploads\/2024\/10\/camargue-20240929-46-Bearbeitet.jpg\" data-orig-size=\"1240,827\" data-comments-opened=\"1\" data-image-meta=\"{&quot;aperture&quot;:&quot;7.1&quot;,&quot;credit&quot;:&quot;Urs Kyburz&quot;,&quot;camera&quot;:&quot;Canon EOS R6m2&quot;,&quot;caption&quot;:&quot;&quot;,&quot;created_timestamp&quot;:&quot;1727596542&quot;,&quot;copyright&quot;:&quot;All rights reserved&quot;,&quot;focal_length&quot;:&quot;500&quot;,&quot;iso&quot;:&quot;320&quot;,&quot;shutter_speed&quot;:&quot;0.001&quot;,&quot;title&quot;:&quot;&quot;,&quot;orientation&quot;:&quot;0&quot;}\" data-image-title=\"L\u00f6ffler\" data-image-description=\"\" data-medium-file=\"https:\/\/i0.wp.com\/idnu.ch\/wordpress\/wp-content\/uploads\/2024\/10\/camargue-20240929-46-Bearbeitet.jpg?fit=300%2C200&#038;ssl=1\" data-large-file=\"https:\/\/i0.wp.com\/idnu.ch\/wordpress\/wp-content\/uploads\/2024\/10\/camargue-20240929-46-Bearbeitet.jpg?fit=750%2C500&#038;ssl=1\" src=\"https:\/\/i0.wp.com\/idnu.ch\/wordpress\/wp-content\/uploads\/2024\/10\/camargue-20240929-46-Bearbeitet.jpg?w=245&#038;h=163&#038;ssl=1\" srcset=\"https:\/\/i0.wp.com\/idnu.ch\/wordpress\/wp-content\/uploads\/2024\/10\/camargue-20240929-46-Bearbeitet.jpg?w=1240&amp;ssl=1 1240w, https:\/\/i0.wp.com\/idnu.ch\/wordpress\/wp-content\/uploads\/2024\/10\/camargue-20240929-46-Bearbeitet.jpg?resize=300%2C200&amp;ssl=1 300w, https:\/\/i0.wp.com\/idnu.ch\/wordpress\/wp-content\/uploads\/2024\/10\/camargue-20240929-46-Bearbeitet.jpg?resize=1024%2C683&amp;ssl=1 1024w, https:\/\/i0.wp.com\/idnu.ch\/wordpress\/wp-content\/uploads\/2024\/10\/camargue-20240929-46-Bearbeitet.jpg?resize=768%2C512&amp;ssl=1 768w, https:\/\/i0.wp.com\/idnu.ch\/wordpress\/wp-content\/uploads\/2024\/10\/camargue-20240929-46-Bearbeitet.jpg?resize=150%2C100&amp;ssl=1 150w\" width=\"245\" height=\"163\" loading=\"lazy\" data-original-width=\"245\" data-original-height=\"163\" itemprop=\"http:\/\/schema.org\/image\" title=\"L\u00f6ffler\" alt=\"L\u00f6ffler\" style=\"width: 245px; height: 163px;\" \/> <\/a> <div class=\"tiled-gallery-caption\" itemprop=\"caption description\"> L\u00f6ffler <\/div> <\/div> <\/div> <!-- close group --> <\/div> <!-- close row --> <div class=\"gallery-row\" style=\"width: 750px; height: 251px;\" data-original-width=\"750\" data-original-height=\"251\" > <div class=\"gallery-group images-1\" style=\"width: 375px; height: 251px;\" data-original-width=\"375\" data-original-height=\"251\" > <div class=\"tiled-gallery-item tiled-gallery-item-large\" itemprop=\"associatedMedia\" itemscope itemtype=\"http:\/\/schema.org\/ImageObject\"> <a href=\"https:\/\/idnu.ch\/wordpress\/camargue-land-zwischen-himmel-und-wasser\/camargue-20240929-58-bearbeitet\/#main\" border=\"0\" itemprop=\"url\"> <meta itemprop=\"width\" content=\"371\"> <meta itemprop=\"height\" content=\"247\"> <img decoding=\"async\" class=\"\" data-attachment-id=\"26794\" data-orig-file=\"https:\/\/idnu.ch\/wordpress\/wp-content\/uploads\/2024\/10\/camargue-20240929-58-Bearbeitet.jpg\" data-orig-size=\"1240,827\" data-comments-opened=\"1\" data-image-meta=\"{&quot;aperture&quot;:&quot;5.6&quot;,&quot;credit&quot;:&quot;Urs Kyburz&quot;,&quot;camera&quot;:&quot;Canon EOS 5D Mark IV&quot;,&quot;caption&quot;:&quot;&quot;,&quot;created_timestamp&quot;:&quot;1727596888&quot;,&quot;copyright&quot;:&quot;Copyright Urs Kyburz (2019)&quot;,&quot;focal_length&quot;:&quot;84&quot;,&quot;iso&quot;:&quot;100&quot;,&quot;shutter_speed&quot;:&quot;0.0025&quot;,&quot;title&quot;:&quot;&quot;,&quot;orientation&quot;:&quot;0&quot;}\" data-image-title=\"Blick aus dem Hide\" data-image-description=\"\" data-medium-file=\"https:\/\/i0.wp.com\/idnu.ch\/wordpress\/wp-content\/uploads\/2024\/10\/camargue-20240929-58-Bearbeitet.jpg?fit=300%2C200&#038;ssl=1\" data-large-file=\"https:\/\/i0.wp.com\/idnu.ch\/wordpress\/wp-content\/uploads\/2024\/10\/camargue-20240929-58-Bearbeitet.jpg?fit=750%2C500&#038;ssl=1\" src=\"https:\/\/i0.wp.com\/idnu.ch\/wordpress\/wp-content\/uploads\/2024\/10\/camargue-20240929-58-Bearbeitet.jpg?w=371&#038;h=247&#038;ssl=1\" srcset=\"https:\/\/i0.wp.com\/idnu.ch\/wordpress\/wp-content\/uploads\/2024\/10\/camargue-20240929-58-Bearbeitet.jpg?w=1240&amp;ssl=1 1240w, https:\/\/i0.wp.com\/idnu.ch\/wordpress\/wp-content\/uploads\/2024\/10\/camargue-20240929-58-Bearbeitet.jpg?resize=300%2C200&amp;ssl=1 300w, https:\/\/i0.wp.com\/idnu.ch\/wordpress\/wp-content\/uploads\/2024\/10\/camargue-20240929-58-Bearbeitet.jpg?resize=1024%2C683&amp;ssl=1 1024w, https:\/\/i0.wp.com\/idnu.ch\/wordpress\/wp-content\/uploads\/2024\/10\/camargue-20240929-58-Bearbeitet.jpg?resize=768%2C512&amp;ssl=1 768w, https:\/\/i0.wp.com\/idnu.ch\/wordpress\/wp-content\/uploads\/2024\/10\/camargue-20240929-58-Bearbeitet.jpg?resize=150%2C100&amp;ssl=1 150w\" width=\"371\" height=\"247\" loading=\"lazy\" data-original-width=\"371\" data-original-height=\"247\" itemprop=\"http:\/\/schema.org\/image\" title=\"Blick aus dem Hide\" alt=\"Blick aus dem Hide\" style=\"width: 371px; height: 247px;\" \/> <\/a> <div class=\"tiled-gallery-caption\" itemprop=\"caption description\"> Blick aus dem Hide <\/div> <\/div> <\/div> <!-- close group --> <div class=\"gallery-group images-1\" style=\"width: 375px; height: 251px;\" data-original-width=\"375\" data-original-height=\"251\" > <div class=\"tiled-gallery-item tiled-gallery-item-large\" itemprop=\"associatedMedia\" itemscope itemtype=\"http:\/\/schema.org\/ImageObject\"> <a href=\"https:\/\/idnu.ch\/wordpress\/camargue-land-zwischen-himmel-und-wasser\/camargue-20240929-66-bearbeitet\/#main\" border=\"0\" itemprop=\"url\"> <meta itemprop=\"width\" content=\"371\"> <meta itemprop=\"height\" content=\"247\"> <img decoding=\"async\" class=\"\" data-attachment-id=\"26795\" data-orig-file=\"https:\/\/idnu.ch\/wordpress\/wp-content\/uploads\/2024\/10\/camargue-20240929-66-Bearbeitet.jpg\" data-orig-size=\"1240,827\" data-comments-opened=\"1\" data-image-meta=\"{&quot;aperture&quot;:&quot;7.1&quot;,&quot;credit&quot;:&quot;Urs Kyburz&quot;,&quot;camera&quot;:&quot;Canon EOS R6m2&quot;,&quot;caption&quot;:&quot;&quot;,&quot;created_timestamp&quot;:&quot;1727597064&quot;,&quot;copyright&quot;:&quot;All rights reserved&quot;,&quot;focal_length&quot;:&quot;500&quot;,&quot;iso&quot;:&quot;800&quot;,&quot;shutter_speed&quot;:&quot;0.001&quot;,&quot;title&quot;:&quot;&quot;,&quot;orientation&quot;:&quot;0&quot;}\" data-image-title=\"Zwergtaucher\" data-image-description=\"\" data-medium-file=\"https:\/\/i0.wp.com\/idnu.ch\/wordpress\/wp-content\/uploads\/2024\/10\/camargue-20240929-66-Bearbeitet.jpg?fit=300%2C200&#038;ssl=1\" data-large-file=\"https:\/\/i0.wp.com\/idnu.ch\/wordpress\/wp-content\/uploads\/2024\/10\/camargue-20240929-66-Bearbeitet.jpg?fit=750%2C500&#038;ssl=1\" src=\"https:\/\/i0.wp.com\/idnu.ch\/wordpress\/wp-content\/uploads\/2024\/10\/camargue-20240929-66-Bearbeitet.jpg?w=371&#038;h=247&#038;ssl=1\" srcset=\"https:\/\/i0.wp.com\/idnu.ch\/wordpress\/wp-content\/uploads\/2024\/10\/camargue-20240929-66-Bearbeitet.jpg?w=1240&amp;ssl=1 1240w, https:\/\/i0.wp.com\/idnu.ch\/wordpress\/wp-content\/uploads\/2024\/10\/camargue-20240929-66-Bearbeitet.jpg?resize=300%2C200&amp;ssl=1 300w, https:\/\/i0.wp.com\/idnu.ch\/wordpress\/wp-content\/uploads\/2024\/10\/camargue-20240929-66-Bearbeitet.jpg?resize=1024%2C683&amp;ssl=1 1024w, https:\/\/i0.wp.com\/idnu.ch\/wordpress\/wp-content\/uploads\/2024\/10\/camargue-20240929-66-Bearbeitet.jpg?resize=768%2C512&amp;ssl=1 768w, https:\/\/i0.wp.com\/idnu.ch\/wordpress\/wp-content\/uploads\/2024\/10\/camargue-20240929-66-Bearbeitet.jpg?resize=150%2C100&amp;ssl=1 150w\" width=\"371\" height=\"247\" loading=\"lazy\" data-original-width=\"371\" data-original-height=\"247\" itemprop=\"http:\/\/schema.org\/image\" title=\"Zwergtaucher\" alt=\"Zwergtaucher\" style=\"width: 371px; height: 247px;\" \/> <\/a> <div class=\"tiled-gallery-caption\" itemprop=\"caption description\"> Zwergtaucher <\/div> <\/div> <\/div> <!-- close group --> <\/div> <!-- close row --> <\/div>\n<p>Wir pirschten weiter auf den Wegen rund um die \u00c9tang. Aus dem n\u00e4chsten Hide erblickten wir nebst anderen Limikolen drei Stelzenl\u00e4ufer, diese V\u00f6gel mit den unglaublich langen, d\u00fcnnen Beinen. In den Brombeeren entdeckte ich Laubfr\u00f6sche, sie scheinen sich da sicher zu f\u00fchlen.<\/p>\n<div class=\"tiled-gallery type-rectangular tiled-gallery-unresized\" data-original-width=\"750\" data-carousel-extra='{&quot;blog_id&quot;:1,&quot;permalink&quot;:&quot;https:\\\/\\\/idnu.ch\\\/wordpress\\\/camargue-land-zwischen-himmel-und-wasser\\\/&quot;,&quot;likes_blog_id&quot;:100184974}' itemscope itemtype=\"http:\/\/schema.org\/ImageGallery\" > <div class=\"gallery-row\" style=\"width: 750px; height: 335px;\" data-original-width=\"750\" data-original-height=\"335\" > <div class=\"gallery-group images-1\" style=\"width: 501px; height: 335px;\" data-original-width=\"501\" data-original-height=\"335\" > <div class=\"tiled-gallery-item tiled-gallery-item-large\" itemprop=\"associatedMedia\" itemscope itemtype=\"http:\/\/schema.org\/ImageObject\"> <a href=\"https:\/\/idnu.ch\/wordpress\/camargue-land-zwischen-himmel-und-wasser\/camargue-20240929-97-bearbeitet\/#main\" border=\"0\" itemprop=\"url\"> <meta itemprop=\"width\" content=\"497\"> <meta itemprop=\"height\" content=\"331\"> <img decoding=\"async\" class=\"\" data-attachment-id=\"26806\" data-orig-file=\"https:\/\/idnu.ch\/wordpress\/wp-content\/uploads\/2024\/10\/camargue-20240929-97-Bearbeitet.jpg\" data-orig-size=\"1240,827\" data-comments-opened=\"1\" data-image-meta=\"{&quot;aperture&quot;:&quot;8&quot;,&quot;credit&quot;:&quot;Urs Kyburz&quot;,&quot;camera&quot;:&quot;Canon EOS R6m2&quot;,&quot;caption&quot;:&quot;&quot;,&quot;created_timestamp&quot;:&quot;1727598810&quot;,&quot;copyright&quot;:&quot;All rights reserved&quot;,&quot;focal_length&quot;:&quot;500&quot;,&quot;iso&quot;:&quot;640&quot;,&quot;shutter_speed&quot;:&quot;0.001&quot;,&quot;title&quot;:&quot;&quot;,&quot;orientation&quot;:&quot;0&quot;}\" data-image-title=\"Stelzenl\u00e4ufer mit den absurd langen Beinen\" data-image-description=\"\" data-medium-file=\"https:\/\/i0.wp.com\/idnu.ch\/wordpress\/wp-content\/uploads\/2024\/10\/camargue-20240929-97-Bearbeitet.jpg?fit=300%2C200&#038;ssl=1\" data-large-file=\"https:\/\/i0.wp.com\/idnu.ch\/wordpress\/wp-content\/uploads\/2024\/10\/camargue-20240929-97-Bearbeitet.jpg?fit=750%2C500&#038;ssl=1\" src=\"https:\/\/i0.wp.com\/idnu.ch\/wordpress\/wp-content\/uploads\/2024\/10\/camargue-20240929-97-Bearbeitet.jpg?w=497&#038;h=331&#038;ssl=1\" srcset=\"https:\/\/i0.wp.com\/idnu.ch\/wordpress\/wp-content\/uploads\/2024\/10\/camargue-20240929-97-Bearbeitet.jpg?w=1240&amp;ssl=1 1240w, https:\/\/i0.wp.com\/idnu.ch\/wordpress\/wp-content\/uploads\/2024\/10\/camargue-20240929-97-Bearbeitet.jpg?resize=300%2C200&amp;ssl=1 300w, https:\/\/i0.wp.com\/idnu.ch\/wordpress\/wp-content\/uploads\/2024\/10\/camargue-20240929-97-Bearbeitet.jpg?resize=1024%2C683&amp;ssl=1 1024w, https:\/\/i0.wp.com\/idnu.ch\/wordpress\/wp-content\/uploads\/2024\/10\/camargue-20240929-97-Bearbeitet.jpg?resize=768%2C512&amp;ssl=1 768w, https:\/\/i0.wp.com\/idnu.ch\/wordpress\/wp-content\/uploads\/2024\/10\/camargue-20240929-97-Bearbeitet.jpg?resize=150%2C100&amp;ssl=1 150w\" width=\"497\" height=\"331\" loading=\"lazy\" data-original-width=\"497\" data-original-height=\"331\" itemprop=\"http:\/\/schema.org\/image\" title=\"Stelzenl\u00e4ufer mit den absurd langen Beinen\" alt=\"Stelzenl\u00e4ufer mit den absurd langen Beinen\" style=\"width: 497px; height: 331px;\" \/> <\/a> <div class=\"tiled-gallery-caption\" itemprop=\"caption description\"> Stelzenl\u00e4ufer mit den absurd langen Beinen <\/div> <\/div> <\/div> <!-- close group --> <div class=\"gallery-group images-2\" style=\"width: 249px; height: 335px;\" data-original-width=\"249\" data-original-height=\"335\" > <div class=\"tiled-gallery-item tiled-gallery-item-small\" itemprop=\"associatedMedia\" itemscope itemtype=\"http:\/\/schema.org\/ImageObject\"> <a href=\"https:\/\/idnu.ch\/wordpress\/camargue-land-zwischen-himmel-und-wasser\/camargue-20240929-101-bearbeitet\/#main\" border=\"0\" itemprop=\"url\"> <meta itemprop=\"width\" content=\"245\"> <meta itemprop=\"height\" content=\"164\"> <img decoding=\"async\" class=\"\" data-attachment-id=\"26807\" data-orig-file=\"https:\/\/idnu.ch\/wordpress\/wp-content\/uploads\/2024\/10\/camargue-20240929-101-Bearbeitet.jpg\" data-orig-size=\"1240,827\" data-comments-opened=\"1\" data-image-meta=\"{&quot;aperture&quot;:&quot;7.1&quot;,&quot;credit&quot;:&quot;Urs Kyburz&quot;,&quot;camera&quot;:&quot;Canon EOS R6m2&quot;,&quot;caption&quot;:&quot;&quot;,&quot;created_timestamp&quot;:&quot;1727600648&quot;,&quot;copyright&quot;:&quot;All rights reserved&quot;,&quot;focal_length&quot;:&quot;500&quot;,&quot;iso&quot;:&quot;500&quot;,&quot;shutter_speed&quot;:&quot;0.001&quot;,&quot;title&quot;:&quot;&quot;,&quot;orientation&quot;:&quot;0&quot;}\" data-image-title=\"Ein Laubfrosch im Geb\u00fcsch\" data-image-description=\"\" data-medium-file=\"https:\/\/i0.wp.com\/idnu.ch\/wordpress\/wp-content\/uploads\/2024\/10\/camargue-20240929-101-Bearbeitet.jpg?fit=300%2C200&#038;ssl=1\" data-large-file=\"https:\/\/i0.wp.com\/idnu.ch\/wordpress\/wp-content\/uploads\/2024\/10\/camargue-20240929-101-Bearbeitet.jpg?fit=750%2C500&#038;ssl=1\" src=\"https:\/\/i0.wp.com\/idnu.ch\/wordpress\/wp-content\/uploads\/2024\/10\/camargue-20240929-101-Bearbeitet.jpg?w=245&#038;h=164&#038;ssl=1\" srcset=\"https:\/\/i0.wp.com\/idnu.ch\/wordpress\/wp-content\/uploads\/2024\/10\/camargue-20240929-101-Bearbeitet.jpg?w=1240&amp;ssl=1 1240w, https:\/\/i0.wp.com\/idnu.ch\/wordpress\/wp-content\/uploads\/2024\/10\/camargue-20240929-101-Bearbeitet.jpg?resize=300%2C200&amp;ssl=1 300w, https:\/\/i0.wp.com\/idnu.ch\/wordpress\/wp-content\/uploads\/2024\/10\/camargue-20240929-101-Bearbeitet.jpg?resize=1024%2C683&amp;ssl=1 1024w, https:\/\/i0.wp.com\/idnu.ch\/wordpress\/wp-content\/uploads\/2024\/10\/camargue-20240929-101-Bearbeitet.jpg?resize=768%2C512&amp;ssl=1 768w, https:\/\/i0.wp.com\/idnu.ch\/wordpress\/wp-content\/uploads\/2024\/10\/camargue-20240929-101-Bearbeitet.jpg?resize=150%2C100&amp;ssl=1 150w\" width=\"245\" height=\"164\" loading=\"lazy\" data-original-width=\"245\" data-original-height=\"164\" itemprop=\"http:\/\/schema.org\/image\" title=\"Ein Laubfrosch im Geb\u00fcsch\" alt=\"Ein Laubfrosch im Geb\u00fcsch\" style=\"width: 245px; height: 164px;\" \/> <\/a> <div class=\"tiled-gallery-caption\" itemprop=\"caption description\"> Ein Laubfrosch im Geb\u00fcsch <\/div> <\/div> <div class=\"tiled-gallery-item tiled-gallery-item-small\" itemprop=\"associatedMedia\" itemscope itemtype=\"http:\/\/schema.org\/ImageObject\"> <a href=\"https:\/\/idnu.ch\/wordpress\/camargue-land-zwischen-himmel-und-wasser\/camargue-20240929-104-bearbeitet\/#main\" border=\"0\" itemprop=\"url\"> <meta itemprop=\"width\" content=\"245\"> <meta itemprop=\"height\" content=\"163\"> <img decoding=\"async\" class=\"\" data-attachment-id=\"26808\" data-orig-file=\"https:\/\/idnu.ch\/wordpress\/wp-content\/uploads\/2024\/10\/camargue-20240929-104-Bearbeitet.jpg\" data-orig-size=\"1240,827\" data-comments-opened=\"1\" data-image-meta=\"{&quot;aperture&quot;:&quot;4.5&quot;,&quot;credit&quot;:&quot;Urs Kyburz&quot;,&quot;camera&quot;:&quot;Canon EOS R6m2&quot;,&quot;caption&quot;:&quot;&quot;,&quot;created_timestamp&quot;:&quot;1727601540&quot;,&quot;copyright&quot;:&quot;All rights reserved&quot;,&quot;focal_length&quot;:&quot;100&quot;,&quot;iso&quot;:&quot;125&quot;,&quot;shutter_speed&quot;:&quot;0.001&quot;,&quot;title&quot;:&quot;&quot;,&quot;orientation&quot;:&quot;0&quot;}\" data-image-title=\"Auch H\u00f6ckerschw\u00e4ne gibt es hier\" data-image-description=\"\" data-medium-file=\"https:\/\/i0.wp.com\/idnu.ch\/wordpress\/wp-content\/uploads\/2024\/10\/camargue-20240929-104-Bearbeitet.jpg?fit=300%2C200&#038;ssl=1\" data-large-file=\"https:\/\/i0.wp.com\/idnu.ch\/wordpress\/wp-content\/uploads\/2024\/10\/camargue-20240929-104-Bearbeitet.jpg?fit=750%2C500&#038;ssl=1\" src=\"https:\/\/i0.wp.com\/idnu.ch\/wordpress\/wp-content\/uploads\/2024\/10\/camargue-20240929-104-Bearbeitet.jpg?w=245&#038;h=163&#038;ssl=1\" srcset=\"https:\/\/i0.wp.com\/idnu.ch\/wordpress\/wp-content\/uploads\/2024\/10\/camargue-20240929-104-Bearbeitet.jpg?w=1240&amp;ssl=1 1240w, https:\/\/i0.wp.com\/idnu.ch\/wordpress\/wp-content\/uploads\/2024\/10\/camargue-20240929-104-Bearbeitet.jpg?resize=300%2C200&amp;ssl=1 300w, https:\/\/i0.wp.com\/idnu.ch\/wordpress\/wp-content\/uploads\/2024\/10\/camargue-20240929-104-Bearbeitet.jpg?resize=1024%2C683&amp;ssl=1 1024w, https:\/\/i0.wp.com\/idnu.ch\/wordpress\/wp-content\/uploads\/2024\/10\/camargue-20240929-104-Bearbeitet.jpg?resize=768%2C512&amp;ssl=1 768w, https:\/\/i0.wp.com\/idnu.ch\/wordpress\/wp-content\/uploads\/2024\/10\/camargue-20240929-104-Bearbeitet.jpg?resize=150%2C100&amp;ssl=1 150w\" width=\"245\" height=\"163\" loading=\"lazy\" data-original-width=\"245\" data-original-height=\"163\" itemprop=\"http:\/\/schema.org\/image\" title=\"Auch H\u00f6ckerschw\u00e4ne gibt es hier\" alt=\"Auch H\u00f6ckerschw\u00e4ne gibt es hier\" style=\"width: 245px; height: 163px;\" \/> <\/a> <div class=\"tiled-gallery-caption\" itemprop=\"caption description\"> Auch H\u00f6ckerschw\u00e4ne gibt es hier <\/div> <\/div> <\/div> <!-- close group --> <\/div> <!-- close row --> <div class=\"gallery-row\" style=\"width: 750px; height: 502px;\" data-original-width=\"750\" data-original-height=\"502\" > <div class=\"gallery-group images-1\" style=\"width: 750px; height: 502px;\" data-original-width=\"750\" data-original-height=\"502\" > <div class=\"tiled-gallery-item tiled-gallery-item-large\" itemprop=\"associatedMedia\" itemscope itemtype=\"http:\/\/schema.org\/ImageObject\"> <a href=\"https:\/\/idnu.ch\/wordpress\/camargue-land-zwischen-himmel-und-wasser\/camargue-20240929-107-bearbeitet\/#main\" border=\"0\" itemprop=\"url\"> <meta itemprop=\"width\" content=\"746\"> <meta itemprop=\"height\" content=\"498\"> <img decoding=\"async\" class=\"\" data-attachment-id=\"26809\" data-orig-file=\"https:\/\/idnu.ch\/wordpress\/wp-content\/uploads\/2024\/10\/camargue-20240929-107-Bearbeitet.jpg\" data-orig-size=\"1240,827\" data-comments-opened=\"1\" data-image-meta=\"{&quot;aperture&quot;:&quot;5.6&quot;,&quot;credit&quot;:&quot;Urs Kyburz&quot;,&quot;camera&quot;:&quot;Canon EOS R6m2&quot;,&quot;caption&quot;:&quot;&quot;,&quot;created_timestamp&quot;:&quot;1727602274&quot;,&quot;copyright&quot;:&quot;All rights reserved&quot;,&quot;focal_length&quot;:&quot;270&quot;,&quot;iso&quot;:&quot;250&quot;,&quot;shutter_speed&quot;:&quot;0.001&quot;,&quot;title&quot;:&quot;&quot;,&quot;orientation&quot;:&quot;0&quot;}\" data-image-title=\"Eine Heidelibelle\" data-image-description=\"\" data-medium-file=\"https:\/\/i0.wp.com\/idnu.ch\/wordpress\/wp-content\/uploads\/2024\/10\/camargue-20240929-107-Bearbeitet.jpg?fit=300%2C200&#038;ssl=1\" data-large-file=\"https:\/\/i0.wp.com\/idnu.ch\/wordpress\/wp-content\/uploads\/2024\/10\/camargue-20240929-107-Bearbeitet.jpg?fit=750%2C500&#038;ssl=1\" src=\"https:\/\/i0.wp.com\/idnu.ch\/wordpress\/wp-content\/uploads\/2024\/10\/camargue-20240929-107-Bearbeitet.jpg?w=746&#038;h=498&#038;ssl=1\" srcset=\"https:\/\/i0.wp.com\/idnu.ch\/wordpress\/wp-content\/uploads\/2024\/10\/camargue-20240929-107-Bearbeitet.jpg?w=1240&amp;ssl=1 1240w, https:\/\/i0.wp.com\/idnu.ch\/wordpress\/wp-content\/uploads\/2024\/10\/camargue-20240929-107-Bearbeitet.jpg?resize=300%2C200&amp;ssl=1 300w, https:\/\/i0.wp.com\/idnu.ch\/wordpress\/wp-content\/uploads\/2024\/10\/camargue-20240929-107-Bearbeitet.jpg?resize=1024%2C683&amp;ssl=1 1024w, https:\/\/i0.wp.com\/idnu.ch\/wordpress\/wp-content\/uploads\/2024\/10\/camargue-20240929-107-Bearbeitet.jpg?resize=768%2C512&amp;ssl=1 768w, https:\/\/i0.wp.com\/idnu.ch\/wordpress\/wp-content\/uploads\/2024\/10\/camargue-20240929-107-Bearbeitet.jpg?resize=150%2C100&amp;ssl=1 150w\" width=\"746\" height=\"498\" loading=\"lazy\" data-original-width=\"746\" data-original-height=\"498\" itemprop=\"http:\/\/schema.org\/image\" title=\"Eine Heidelibelle\" alt=\"Eine Heidelibelle\" style=\"width: 746px; height: 498px;\" \/> <\/a> <div class=\"tiled-gallery-caption\" itemprop=\"caption description\"> Eine Heidelibelle <\/div> <\/div> <\/div> <!-- close group --> <\/div> <!-- close row --> <\/div>\n<p>Unter Pinien legten wir eine Pause ein, w\u00e4hrend wir weiter das Geschehen im Wasser verfolgten. Die Runde beendeten wir mit einem Kaffee vom Bistro.<\/p>\n<div class=\"tiled-gallery type-rectangular tiled-gallery-unresized\" data-original-width=\"750\" data-carousel-extra='{&quot;blog_id&quot;:1,&quot;permalink&quot;:&quot;https:\\\/\\\/idnu.ch\\\/wordpress\\\/camargue-land-zwischen-himmel-und-wasser\\\/&quot;,&quot;likes_blog_id&quot;:100184974}' itemscope itemtype=\"http:\/\/schema.org\/ImageGallery\" > <div class=\"gallery-row\" style=\"width: 750px; height: 335px;\" data-original-width=\"750\" data-original-height=\"335\" > <div class=\"gallery-group images-1\" style=\"width: 501px; height: 335px;\" data-original-width=\"501\" data-original-height=\"335\" > <div class=\"tiled-gallery-item tiled-gallery-item-large\" itemprop=\"associatedMedia\" itemscope itemtype=\"http:\/\/schema.org\/ImageObject\"> <a href=\"https:\/\/idnu.ch\/wordpress\/camargue-land-zwischen-himmel-und-wasser\/camargue-20240929-109-bearbeitet\/#main\" border=\"0\" itemprop=\"url\"> <meta itemprop=\"width\" content=\"497\"> <meta itemprop=\"height\" content=\"331\"> <img decoding=\"async\" class=\"\" data-attachment-id=\"26810\" data-orig-file=\"https:\/\/idnu.ch\/wordpress\/wp-content\/uploads\/2024\/10\/camargue-20240929-109-Bearbeitet.jpg\" data-orig-size=\"1240,827\" data-comments-opened=\"1\" data-image-meta=\"{&quot;aperture&quot;:&quot;11&quot;,&quot;credit&quot;:&quot;Urs Kyburz&quot;,&quot;camera&quot;:&quot;Canon EOS 5D Mark IV&quot;,&quot;caption&quot;:&quot;&quot;,&quot;created_timestamp&quot;:&quot;1727602679&quot;,&quot;copyright&quot;:&quot;Copyright Urs Kyburz (2019)&quot;,&quot;focal_length&quot;:&quot;24&quot;,&quot;iso&quot;:&quot;100&quot;,&quot;shutter_speed&quot;:&quot;0.0125&quot;,&quot;title&quot;:&quot;&quot;,&quot;orientation&quot;:&quot;0&quot;}\" data-image-title=\"\" data-image-description=\"\" data-medium-file=\"https:\/\/i0.wp.com\/idnu.ch\/wordpress\/wp-content\/uploads\/2024\/10\/camargue-20240929-109-Bearbeitet.jpg?fit=300%2C200&#038;ssl=1\" data-large-file=\"https:\/\/i0.wp.com\/idnu.ch\/wordpress\/wp-content\/uploads\/2024\/10\/camargue-20240929-109-Bearbeitet.jpg?fit=750%2C500&#038;ssl=1\" src=\"https:\/\/i0.wp.com\/idnu.ch\/wordpress\/wp-content\/uploads\/2024\/10\/camargue-20240929-109-Bearbeitet.jpg?w=497&#038;h=331&#038;ssl=1\" srcset=\"https:\/\/i0.wp.com\/idnu.ch\/wordpress\/wp-content\/uploads\/2024\/10\/camargue-20240929-109-Bearbeitet.jpg?w=1240&amp;ssl=1 1240w, https:\/\/i0.wp.com\/idnu.ch\/wordpress\/wp-content\/uploads\/2024\/10\/camargue-20240929-109-Bearbeitet.jpg?resize=300%2C200&amp;ssl=1 300w, https:\/\/i0.wp.com\/idnu.ch\/wordpress\/wp-content\/uploads\/2024\/10\/camargue-20240929-109-Bearbeitet.jpg?resize=1024%2C683&amp;ssl=1 1024w, https:\/\/i0.wp.com\/idnu.ch\/wordpress\/wp-content\/uploads\/2024\/10\/camargue-20240929-109-Bearbeitet.jpg?resize=768%2C512&amp;ssl=1 768w, https:\/\/i0.wp.com\/idnu.ch\/wordpress\/wp-content\/uploads\/2024\/10\/camargue-20240929-109-Bearbeitet.jpg?resize=150%2C100&amp;ssl=1 150w\" width=\"497\" height=\"331\" loading=\"lazy\" data-original-width=\"497\" data-original-height=\"331\" itemprop=\"http:\/\/schema.org\/image\" title=\"\" alt=\"\" style=\"width: 497px; height: 331px;\" \/> <\/a> <\/div> <\/div> <!-- close group --> <div class=\"gallery-group images-2\" style=\"width: 249px; height: 335px;\" data-original-width=\"249\" data-original-height=\"335\" > <div class=\"tiled-gallery-item tiled-gallery-item-small\" itemprop=\"associatedMedia\" itemscope itemtype=\"http:\/\/schema.org\/ImageObject\"> <a href=\"https:\/\/idnu.ch\/wordpress\/camargue-land-zwischen-himmel-und-wasser\/camargue-20240929-114-bearbeitet\/#main\" border=\"0\" itemprop=\"url\"> <meta itemprop=\"width\" content=\"245\"> <meta itemprop=\"height\" content=\"164\"> <img decoding=\"async\" class=\"\" data-attachment-id=\"26811\" data-orig-file=\"https:\/\/idnu.ch\/wordpress\/wp-content\/uploads\/2024\/10\/camargue-20240929-114-Bearbeitet.jpg\" data-orig-size=\"1240,827\" data-comments-opened=\"1\" data-image-meta=\"{&quot;aperture&quot;:&quot;11&quot;,&quot;credit&quot;:&quot;Urs Kyburz&quot;,&quot;camera&quot;:&quot;Canon EOS 5D Mark IV&quot;,&quot;caption&quot;:&quot;&quot;,&quot;created_timestamp&quot;:&quot;1727605727&quot;,&quot;copyright&quot;:&quot;Copyright Urs Kyburz (2019)&quot;,&quot;focal_length&quot;:&quot;45&quot;,&quot;iso&quot;:&quot;100&quot;,&quot;shutter_speed&quot;:&quot;0.025&quot;,&quot;title&quot;:&quot;&quot;,&quot;orientation&quot;:&quot;0&quot;}\" data-image-title=\"Ein sch\u00f6ner Rastplatz\" data-image-description=\"\" data-medium-file=\"https:\/\/i0.wp.com\/idnu.ch\/wordpress\/wp-content\/uploads\/2024\/10\/camargue-20240929-114-Bearbeitet.jpg?fit=300%2C200&#038;ssl=1\" data-large-file=\"https:\/\/i0.wp.com\/idnu.ch\/wordpress\/wp-content\/uploads\/2024\/10\/camargue-20240929-114-Bearbeitet.jpg?fit=750%2C500&#038;ssl=1\" src=\"https:\/\/i0.wp.com\/idnu.ch\/wordpress\/wp-content\/uploads\/2024\/10\/camargue-20240929-114-Bearbeitet.jpg?w=245&#038;h=164&#038;ssl=1\" srcset=\"https:\/\/i0.wp.com\/idnu.ch\/wordpress\/wp-content\/uploads\/2024\/10\/camargue-20240929-114-Bearbeitet.jpg?w=1240&amp;ssl=1 1240w, https:\/\/i0.wp.com\/idnu.ch\/wordpress\/wp-content\/uploads\/2024\/10\/camargue-20240929-114-Bearbeitet.jpg?resize=300%2C200&amp;ssl=1 300w, https:\/\/i0.wp.com\/idnu.ch\/wordpress\/wp-content\/uploads\/2024\/10\/camargue-20240929-114-Bearbeitet.jpg?resize=1024%2C683&amp;ssl=1 1024w, https:\/\/i0.wp.com\/idnu.ch\/wordpress\/wp-content\/uploads\/2024\/10\/camargue-20240929-114-Bearbeitet.jpg?resize=768%2C512&amp;ssl=1 768w, https:\/\/i0.wp.com\/idnu.ch\/wordpress\/wp-content\/uploads\/2024\/10\/camargue-20240929-114-Bearbeitet.jpg?resize=150%2C100&amp;ssl=1 150w\" width=\"245\" height=\"164\" loading=\"lazy\" data-original-width=\"245\" data-original-height=\"164\" itemprop=\"http:\/\/schema.org\/image\" title=\"Ein sch\u00f6ner Rastplatz\" alt=\"Ein sch\u00f6ner Rastplatz unter Pinien\" style=\"width: 245px; height: 164px;\" \/> <\/a> <div class=\"tiled-gallery-caption\" itemprop=\"caption description\"> Ein sch\u00f6ner Rastplatz unter Pinien <\/div> <\/div> <div class=\"tiled-gallery-item tiled-gallery-item-small\" itemprop=\"associatedMedia\" itemscope itemtype=\"http:\/\/schema.org\/ImageObject\"> <a href=\"https:\/\/idnu.ch\/wordpress\/camargue-land-zwischen-himmel-und-wasser\/camargue-20240929-115-bearbeitet\/#main\" border=\"0\" itemprop=\"url\"> <meta itemprop=\"width\" content=\"245\"> <meta itemprop=\"height\" content=\"163\"> <img decoding=\"async\" class=\"\" data-attachment-id=\"26812\" data-orig-file=\"https:\/\/idnu.ch\/wordpress\/wp-content\/uploads\/2024\/10\/camargue-20240929-115-Bearbeitet.jpg\" data-orig-size=\"1240,827\" data-comments-opened=\"1\" data-image-meta=\"{&quot;aperture&quot;:&quot;5.6&quot;,&quot;credit&quot;:&quot;Urs Kyburz&quot;,&quot;camera&quot;:&quot;Canon EOS R6m2&quot;,&quot;caption&quot;:&quot;&quot;,&quot;created_timestamp&quot;:&quot;1727607850&quot;,&quot;copyright&quot;:&quot;All rights reserved&quot;,&quot;focal_length&quot;:&quot;270&quot;,&quot;iso&quot;:&quot;125&quot;,&quot;shutter_speed&quot;:&quot;0.0015625&quot;,&quot;title&quot;:&quot;&quot;,&quot;orientation&quot;:&quot;0&quot;}\" data-image-title=\"\" data-image-description=\"\" data-medium-file=\"https:\/\/i0.wp.com\/idnu.ch\/wordpress\/wp-content\/uploads\/2024\/10\/camargue-20240929-115-Bearbeitet.jpg?fit=300%2C200&#038;ssl=1\" data-large-file=\"https:\/\/i0.wp.com\/idnu.ch\/wordpress\/wp-content\/uploads\/2024\/10\/camargue-20240929-115-Bearbeitet.jpg?fit=750%2C500&#038;ssl=1\" src=\"https:\/\/i0.wp.com\/idnu.ch\/wordpress\/wp-content\/uploads\/2024\/10\/camargue-20240929-115-Bearbeitet.jpg?w=245&#038;h=163&#038;ssl=1\" srcset=\"https:\/\/i0.wp.com\/idnu.ch\/wordpress\/wp-content\/uploads\/2024\/10\/camargue-20240929-115-Bearbeitet.jpg?w=1240&amp;ssl=1 1240w, https:\/\/i0.wp.com\/idnu.ch\/wordpress\/wp-content\/uploads\/2024\/10\/camargue-20240929-115-Bearbeitet.jpg?resize=300%2C200&amp;ssl=1 300w, https:\/\/i0.wp.com\/idnu.ch\/wordpress\/wp-content\/uploads\/2024\/10\/camargue-20240929-115-Bearbeitet.jpg?resize=1024%2C683&amp;ssl=1 1024w, https:\/\/i0.wp.com\/idnu.ch\/wordpress\/wp-content\/uploads\/2024\/10\/camargue-20240929-115-Bearbeitet.jpg?resize=768%2C512&amp;ssl=1 768w, https:\/\/i0.wp.com\/idnu.ch\/wordpress\/wp-content\/uploads\/2024\/10\/camargue-20240929-115-Bearbeitet.jpg?resize=150%2C100&amp;ssl=1 150w\" width=\"245\" height=\"163\" loading=\"lazy\" data-original-width=\"245\" data-original-height=\"163\" itemprop=\"http:\/\/schema.org\/image\" title=\"\" alt=\"\" style=\"width: 245px; height: 163px;\" \/> <\/a> <\/div> <\/div> <!-- close group --> <\/div> <!-- close row --> <div class=\"gallery-row\" style=\"width: 750px; height: 502px;\" data-original-width=\"750\" data-original-height=\"502\" > <div class=\"gallery-group images-1\" style=\"width: 750px; height: 502px;\" data-original-width=\"750\" data-original-height=\"502\" > <div class=\"tiled-gallery-item tiled-gallery-item-large\" itemprop=\"associatedMedia\" itemscope itemtype=\"http:\/\/schema.org\/ImageObject\"> <a href=\"https:\/\/idnu.ch\/wordpress\/camargue-land-zwischen-himmel-und-wasser\/camargue-20240929-130-bearbeitet\/#main\" border=\"0\" itemprop=\"url\"> <meta itemprop=\"width\" content=\"746\"> <meta itemprop=\"height\" content=\"498\"> <img decoding=\"async\" class=\"\" data-attachment-id=\"26813\" data-orig-file=\"https:\/\/idnu.ch\/wordpress\/wp-content\/uploads\/2024\/10\/camargue-20240929-130-Bearbeitet.jpg\" data-orig-size=\"1240,827\" data-comments-opened=\"1\" data-image-meta=\"{&quot;aperture&quot;:&quot;11&quot;,&quot;credit&quot;:&quot;Urs Kyburz&quot;,&quot;camera&quot;:&quot;Canon EOS 5D Mark IV&quot;,&quot;caption&quot;:&quot;&quot;,&quot;created_timestamp&quot;:&quot;1727610536&quot;,&quot;copyright&quot;:&quot;Copyright Urs Kyburz (2019)&quot;,&quot;focal_length&quot;:&quot;28&quot;,&quot;iso&quot;:&quot;160&quot;,&quot;shutter_speed&quot;:&quot;0.033333333333333&quot;,&quot;title&quot;:&quot;&quot;,&quot;orientation&quot;:&quot;0&quot;}\" data-image-title=\"Kaffeepause zum Schluss\" data-image-description=\"\" data-medium-file=\"https:\/\/i0.wp.com\/idnu.ch\/wordpress\/wp-content\/uploads\/2024\/10\/camargue-20240929-130-Bearbeitet.jpg?fit=300%2C200&#038;ssl=1\" data-large-file=\"https:\/\/i0.wp.com\/idnu.ch\/wordpress\/wp-content\/uploads\/2024\/10\/camargue-20240929-130-Bearbeitet.jpg?fit=750%2C500&#038;ssl=1\" src=\"https:\/\/i0.wp.com\/idnu.ch\/wordpress\/wp-content\/uploads\/2024\/10\/camargue-20240929-130-Bearbeitet.jpg?w=746&#038;h=498&#038;ssl=1\" srcset=\"https:\/\/i0.wp.com\/idnu.ch\/wordpress\/wp-content\/uploads\/2024\/10\/camargue-20240929-130-Bearbeitet.jpg?w=1240&amp;ssl=1 1240w, https:\/\/i0.wp.com\/idnu.ch\/wordpress\/wp-content\/uploads\/2024\/10\/camargue-20240929-130-Bearbeitet.jpg?resize=300%2C200&amp;ssl=1 300w, https:\/\/i0.wp.com\/idnu.ch\/wordpress\/wp-content\/uploads\/2024\/10\/camargue-20240929-130-Bearbeitet.jpg?resize=1024%2C683&amp;ssl=1 1024w, https:\/\/i0.wp.com\/idnu.ch\/wordpress\/wp-content\/uploads\/2024\/10\/camargue-20240929-130-Bearbeitet.jpg?resize=768%2C512&amp;ssl=1 768w, https:\/\/i0.wp.com\/idnu.ch\/wordpress\/wp-content\/uploads\/2024\/10\/camargue-20240929-130-Bearbeitet.jpg?resize=150%2C100&amp;ssl=1 150w\" width=\"746\" height=\"498\" loading=\"lazy\" data-original-width=\"746\" data-original-height=\"498\" itemprop=\"http:\/\/schema.org\/image\" title=\"Kaffeepause zum Schluss\" alt=\"Kaffeepause zum Schluss\" style=\"width: 746px; height: 498px;\" \/> <\/a> <div class=\"tiled-gallery-caption\" itemprop=\"caption description\"> Kaffeepause zum Schluss <\/div> <\/div> <\/div> <!-- close group --> <\/div> <!-- close row --> <\/div>\n<p><a href=\"https:\/\/birdingplaces.eu\/de\/birdingplaces\/france\/reserve-du-petit-rhone\" target=\"_blank\" rel=\"noopener\">R\u00e9serve du Petit Rh\u00f4ne<\/a> auf birdingplaces.eu<\/p>\n<p>&nbsp;<\/p>\n<h2 class=\"page-title\">\u00c9tang de Scamandre<\/h2>\n<p>Dieses <a href=\"https:\/\/www.camarguegardoise.com\/index.php\/Le-centre-du-scamandre?idpage=13&amp;afficheMenuContextuel=\" target=\"_blank\" rel=\"noopener\">Naturschutzgebiet<\/a> ist noch etwas n\u00f6rdlicher als das R\u00e9serve du Petit Rh\u00f4ne. Auch dieses hat \u00d6ffnungszeiten, kostet aber keinen Eintritt, da es staatlich ist. Auf mehreren Rundwegen kann man das Gebiet erkunden, Ein Hide und mehrere Plattformen laden zum Beobachten ein. Erw\u00e4hnenswerte Beobachtungen waren die rund 15 Raubseeschwalben, ziehende Uferschwalben und ganze Trupps von Sichlern.<\/p>\n<div class=\"tiled-gallery type-rectangular tiled-gallery-unresized\" data-original-width=\"750\" data-carousel-extra='{&quot;blog_id&quot;:1,&quot;permalink&quot;:&quot;https:\\\/\\\/idnu.ch\\\/wordpress\\\/camargue-land-zwischen-himmel-und-wasser\\\/&quot;,&quot;likes_blog_id&quot;:100184974}' itemscope itemtype=\"http:\/\/schema.org\/ImageGallery\" > <div class=\"gallery-row\" style=\"width: 750px; height: 335px;\" data-original-width=\"750\" data-original-height=\"335\" > <div class=\"gallery-group images-1\" style=\"width: 501px; height: 335px;\" data-original-width=\"501\" data-original-height=\"335\" > <div class=\"tiled-gallery-item tiled-gallery-item-large\" itemprop=\"associatedMedia\" itemscope itemtype=\"http:\/\/schema.org\/ImageObject\"> <a href=\"https:\/\/idnu.ch\/wordpress\/camargue-land-zwischen-himmel-und-wasser\/camargue-20241002-1-bearbeitet\/#main\" border=\"0\" itemprop=\"url\"> <meta itemprop=\"width\" content=\"497\"> <meta itemprop=\"height\" content=\"331\"> <img decoding=\"async\" class=\"\" data-attachment-id=\"26815\" data-orig-file=\"https:\/\/idnu.ch\/wordpress\/wp-content\/uploads\/2024\/10\/camargue-20241002-1-Bearbeitet.jpg\" data-orig-size=\"1240,827\" data-comments-opened=\"1\" data-image-meta=\"{&quot;aperture&quot;:&quot;7.1&quot;,&quot;credit&quot;:&quot;Urs Kyburz&quot;,&quot;camera&quot;:&quot;Canon EOS R6m2&quot;,&quot;caption&quot;:&quot;&quot;,&quot;created_timestamp&quot;:&quot;1727854428&quot;,&quot;copyright&quot;:&quot;All rights reserved&quot;,&quot;focal_length&quot;:&quot;500&quot;,&quot;iso&quot;:&quot;5000&quot;,&quot;shutter_speed&quot;:&quot;0.00125&quot;,&quot;title&quot;:&quot;&quot;,&quot;orientation&quot;:&quot;0&quot;}\" data-image-title=\"Nat\u00fcrlich auch hier zu finden: Seidenreiher\" data-image-description=\"\" data-medium-file=\"https:\/\/i0.wp.com\/idnu.ch\/wordpress\/wp-content\/uploads\/2024\/10\/camargue-20241002-1-Bearbeitet.jpg?fit=300%2C200&#038;ssl=1\" data-large-file=\"https:\/\/i0.wp.com\/idnu.ch\/wordpress\/wp-content\/uploads\/2024\/10\/camargue-20241002-1-Bearbeitet.jpg?fit=750%2C500&#038;ssl=1\" src=\"https:\/\/i0.wp.com\/idnu.ch\/wordpress\/wp-content\/uploads\/2024\/10\/camargue-20241002-1-Bearbeitet.jpg?w=497&#038;h=331&#038;ssl=1\" srcset=\"https:\/\/i0.wp.com\/idnu.ch\/wordpress\/wp-content\/uploads\/2024\/10\/camargue-20241002-1-Bearbeitet.jpg?w=1240&amp;ssl=1 1240w, https:\/\/i0.wp.com\/idnu.ch\/wordpress\/wp-content\/uploads\/2024\/10\/camargue-20241002-1-Bearbeitet.jpg?resize=300%2C200&amp;ssl=1 300w, https:\/\/i0.wp.com\/idnu.ch\/wordpress\/wp-content\/uploads\/2024\/10\/camargue-20241002-1-Bearbeitet.jpg?resize=1024%2C683&amp;ssl=1 1024w, https:\/\/i0.wp.com\/idnu.ch\/wordpress\/wp-content\/uploads\/2024\/10\/camargue-20241002-1-Bearbeitet.jpg?resize=768%2C512&amp;ssl=1 768w, https:\/\/i0.wp.com\/idnu.ch\/wordpress\/wp-content\/uploads\/2024\/10\/camargue-20241002-1-Bearbeitet.jpg?resize=150%2C100&amp;ssl=1 150w\" width=\"497\" height=\"331\" loading=\"lazy\" data-original-width=\"497\" data-original-height=\"331\" itemprop=\"http:\/\/schema.org\/image\" title=\"Nat\u00fcrlich auch hier zu finden: Seidenreiher\" alt=\"Nat\u00fcrlich auch hier zu finden: Seidenreiher\" style=\"width: 497px; height: 331px;\" \/> <\/a> <div class=\"tiled-gallery-caption\" itemprop=\"caption description\"> Nat\u00fcrlich auch hier zu finden: Seidenreiher <\/div> <\/div> <\/div> <!-- close group --> <div class=\"gallery-group images-2\" style=\"width: 249px; height: 335px;\" data-original-width=\"249\" data-original-height=\"335\" > <div class=\"tiled-gallery-item tiled-gallery-item-small\" itemprop=\"associatedMedia\" itemscope itemtype=\"http:\/\/schema.org\/ImageObject\"> <a href=\"https:\/\/idnu.ch\/wordpress\/camargue-land-zwischen-himmel-und-wasser\/camargue-20241002-4-bearbeitet\/#main\" border=\"0\" itemprop=\"url\"> <meta itemprop=\"width\" content=\"245\"> <meta itemprop=\"height\" content=\"164\"> <img decoding=\"async\" class=\"\" data-attachment-id=\"26816\" data-orig-file=\"https:\/\/idnu.ch\/wordpress\/wp-content\/uploads\/2024\/10\/camargue-20241002-4-Bearbeitet.jpg\" data-orig-size=\"1240,827\" data-comments-opened=\"1\" data-image-meta=\"{&quot;aperture&quot;:&quot;11&quot;,&quot;credit&quot;:&quot;Urs Kyburz&quot;,&quot;camera&quot;:&quot;Canon EOS 5D Mark IV&quot;,&quot;caption&quot;:&quot;&quot;,&quot;created_timestamp&quot;:&quot;1727854975&quot;,&quot;copyright&quot;:&quot;Copyright Urs Kyburz (2019)&quot;,&quot;focal_length&quot;:&quot;24&quot;,&quot;iso&quot;:&quot;320&quot;,&quot;shutter_speed&quot;:&quot;0.01&quot;,&quot;title&quot;:&quot;&quot;,&quot;orientation&quot;:&quot;0&quot;}\" data-image-title=\"Gepflegte Stege\" data-image-description=\"\" data-medium-file=\"https:\/\/i0.wp.com\/idnu.ch\/wordpress\/wp-content\/uploads\/2024\/10\/camargue-20241002-4-Bearbeitet.jpg?fit=300%2C200&#038;ssl=1\" data-large-file=\"https:\/\/i0.wp.com\/idnu.ch\/wordpress\/wp-content\/uploads\/2024\/10\/camargue-20241002-4-Bearbeitet.jpg?fit=750%2C500&#038;ssl=1\" src=\"https:\/\/i0.wp.com\/idnu.ch\/wordpress\/wp-content\/uploads\/2024\/10\/camargue-20241002-4-Bearbeitet.jpg?w=245&#038;h=164&#038;ssl=1\" srcset=\"https:\/\/i0.wp.com\/idnu.ch\/wordpress\/wp-content\/uploads\/2024\/10\/camargue-20241002-4-Bearbeitet.jpg?w=1240&amp;ssl=1 1240w, https:\/\/i0.wp.com\/idnu.ch\/wordpress\/wp-content\/uploads\/2024\/10\/camargue-20241002-4-Bearbeitet.jpg?resize=300%2C200&amp;ssl=1 300w, https:\/\/i0.wp.com\/idnu.ch\/wordpress\/wp-content\/uploads\/2024\/10\/camargue-20241002-4-Bearbeitet.jpg?resize=1024%2C683&amp;ssl=1 1024w, https:\/\/i0.wp.com\/idnu.ch\/wordpress\/wp-content\/uploads\/2024\/10\/camargue-20241002-4-Bearbeitet.jpg?resize=768%2C512&amp;ssl=1 768w, https:\/\/i0.wp.com\/idnu.ch\/wordpress\/wp-content\/uploads\/2024\/10\/camargue-20241002-4-Bearbeitet.jpg?resize=150%2C100&amp;ssl=1 150w\" width=\"245\" height=\"164\" loading=\"lazy\" data-original-width=\"245\" data-original-height=\"164\" itemprop=\"http:\/\/schema.org\/image\" title=\"Gepflegte Stege\" alt=\"Gepflegte Stege\" style=\"width: 245px; height: 164px;\" \/> <\/a> <div class=\"tiled-gallery-caption\" itemprop=\"caption description\"> Gepflegte Stege <\/div> <\/div> <div class=\"tiled-gallery-item tiled-gallery-item-small\" itemprop=\"associatedMedia\" itemscope itemtype=\"http:\/\/schema.org\/ImageObject\"> <a href=\"https:\/\/idnu.ch\/wordpress\/camargue-land-zwischen-himmel-und-wasser\/camargue-20241002-7-bearbeitet\/#main\" border=\"0\" itemprop=\"url\"> <meta itemprop=\"width\" content=\"245\"> <meta itemprop=\"height\" content=\"163\"> <img decoding=\"async\" class=\"\" data-attachment-id=\"26817\" data-orig-file=\"https:\/\/idnu.ch\/wordpress\/wp-content\/uploads\/2024\/10\/camargue-20241002-7-Bearbeitet.jpg\" data-orig-size=\"1240,827\" data-comments-opened=\"1\" data-image-meta=\"{&quot;aperture&quot;:&quot;11&quot;,&quot;credit&quot;:&quot;Urs Kyburz&quot;,&quot;camera&quot;:&quot;Canon EOS 5D Mark IV&quot;,&quot;caption&quot;:&quot;&quot;,&quot;created_timestamp&quot;:&quot;1727855048&quot;,&quot;copyright&quot;:&quot;Copyright Urs Kyburz (2019)&quot;,&quot;focal_length&quot;:&quot;24&quot;,&quot;iso&quot;:&quot;320&quot;,&quot;shutter_speed&quot;:&quot;0.01&quot;,&quot;title&quot;:&quot;&quot;,&quot;orientation&quot;:&quot;0&quot;}\" data-image-title=\"\" data-image-description=\"\" data-medium-file=\"https:\/\/i0.wp.com\/idnu.ch\/wordpress\/wp-content\/uploads\/2024\/10\/camargue-20241002-7-Bearbeitet.jpg?fit=300%2C200&#038;ssl=1\" data-large-file=\"https:\/\/i0.wp.com\/idnu.ch\/wordpress\/wp-content\/uploads\/2024\/10\/camargue-20241002-7-Bearbeitet.jpg?fit=750%2C500&#038;ssl=1\" src=\"https:\/\/i0.wp.com\/idnu.ch\/wordpress\/wp-content\/uploads\/2024\/10\/camargue-20241002-7-Bearbeitet.jpg?w=245&#038;h=163&#038;ssl=1\" srcset=\"https:\/\/i0.wp.com\/idnu.ch\/wordpress\/wp-content\/uploads\/2024\/10\/camargue-20241002-7-Bearbeitet.jpg?w=1240&amp;ssl=1 1240w, https:\/\/i0.wp.com\/idnu.ch\/wordpress\/wp-content\/uploads\/2024\/10\/camargue-20241002-7-Bearbeitet.jpg?resize=300%2C200&amp;ssl=1 300w, https:\/\/i0.wp.com\/idnu.ch\/wordpress\/wp-content\/uploads\/2024\/10\/camargue-20241002-7-Bearbeitet.jpg?resize=1024%2C683&amp;ssl=1 1024w, https:\/\/i0.wp.com\/idnu.ch\/wordpress\/wp-content\/uploads\/2024\/10\/camargue-20241002-7-Bearbeitet.jpg?resize=768%2C512&amp;ssl=1 768w, https:\/\/i0.wp.com\/idnu.ch\/wordpress\/wp-content\/uploads\/2024\/10\/camargue-20241002-7-Bearbeitet.jpg?resize=150%2C100&amp;ssl=1 150w\" width=\"245\" height=\"163\" loading=\"lazy\" data-original-width=\"245\" data-original-height=\"163\" itemprop=\"http:\/\/schema.org\/image\" title=\"\" alt=\"\" style=\"width: 245px; height: 163px;\" \/> <\/a> <\/div> <\/div> <!-- close group --> <\/div> <!-- close row --> <div class=\"gallery-row\" style=\"width: 750px; height: 168px;\" data-original-width=\"750\" data-original-height=\"168\" > <div class=\"gallery-group images-1\" style=\"width: 250px; height: 168px;\" data-original-width=\"250\" data-original-height=\"168\" > <div class=\"tiled-gallery-item tiled-gallery-item-small\" itemprop=\"associatedMedia\" itemscope itemtype=\"http:\/\/schema.org\/ImageObject\"> <a href=\"https:\/\/idnu.ch\/wordpress\/camargue-land-zwischen-himmel-und-wasser\/camargue-20241002-18-bearbeitet\/#main\" border=\"0\" itemprop=\"url\"> <meta itemprop=\"width\" content=\"246\"> <meta itemprop=\"height\" content=\"164\"> <img decoding=\"async\" class=\"\" data-attachment-id=\"26818\" data-orig-file=\"https:\/\/idnu.ch\/wordpress\/wp-content\/uploads\/2024\/10\/camargue-20241002-18-Bearbeitet.jpg\" data-orig-size=\"1240,827\" data-comments-opened=\"1\" data-image-meta=\"{&quot;aperture&quot;:&quot;5.6&quot;,&quot;credit&quot;:&quot;Urs Kyburz&quot;,&quot;camera&quot;:&quot;Canon EOS R6m2&quot;,&quot;caption&quot;:&quot;&quot;,&quot;created_timestamp&quot;:&quot;1727857805&quot;,&quot;copyright&quot;:&quot;All rights reserved&quot;,&quot;focal_length&quot;:&quot;300&quot;,&quot;iso&quot;:&quot;400&quot;,&quot;shutter_speed&quot;:&quot;0.000625&quot;,&quot;title&quot;:&quot;&quot;,&quot;orientation&quot;:&quot;0&quot;}\" data-image-title=\"Uferschwalben\" data-image-description=\"\" data-medium-file=\"https:\/\/i0.wp.com\/idnu.ch\/wordpress\/wp-content\/uploads\/2024\/10\/camargue-20241002-18-Bearbeitet.jpg?fit=300%2C200&#038;ssl=1\" data-large-file=\"https:\/\/i0.wp.com\/idnu.ch\/wordpress\/wp-content\/uploads\/2024\/10\/camargue-20241002-18-Bearbeitet.jpg?fit=750%2C500&#038;ssl=1\" src=\"https:\/\/i0.wp.com\/idnu.ch\/wordpress\/wp-content\/uploads\/2024\/10\/camargue-20241002-18-Bearbeitet.jpg?w=246&#038;h=164&#038;ssl=1\" srcset=\"https:\/\/i0.wp.com\/idnu.ch\/wordpress\/wp-content\/uploads\/2024\/10\/camargue-20241002-18-Bearbeitet.jpg?w=1240&amp;ssl=1 1240w, https:\/\/i0.wp.com\/idnu.ch\/wordpress\/wp-content\/uploads\/2024\/10\/camargue-20241002-18-Bearbeitet.jpg?resize=300%2C200&amp;ssl=1 300w, https:\/\/i0.wp.com\/idnu.ch\/wordpress\/wp-content\/uploads\/2024\/10\/camargue-20241002-18-Bearbeitet.jpg?resize=1024%2C683&amp;ssl=1 1024w, https:\/\/i0.wp.com\/idnu.ch\/wordpress\/wp-content\/uploads\/2024\/10\/camargue-20241002-18-Bearbeitet.jpg?resize=768%2C512&amp;ssl=1 768w, https:\/\/i0.wp.com\/idnu.ch\/wordpress\/wp-content\/uploads\/2024\/10\/camargue-20241002-18-Bearbeitet.jpg?resize=150%2C100&amp;ssl=1 150w\" width=\"246\" height=\"164\" loading=\"lazy\" data-original-width=\"246\" data-original-height=\"164\" itemprop=\"http:\/\/schema.org\/image\" title=\"Uferschwalben\" alt=\"Uferschwalben\" style=\"width: 246px; height: 164px;\" \/> <\/a> <div class=\"tiled-gallery-caption\" itemprop=\"caption description\"> Uferschwalben <\/div> <\/div> <\/div> <!-- close group --> <div class=\"gallery-group images-1\" style=\"width: 250px; height: 168px;\" data-original-width=\"250\" data-original-height=\"168\" > <div class=\"tiled-gallery-item tiled-gallery-item-small\" itemprop=\"associatedMedia\" itemscope itemtype=\"http:\/\/schema.org\/ImageObject\"> <a href=\"https:\/\/idnu.ch\/wordpress\/camargue-land-zwischen-himmel-und-wasser\/camargue-20241002-19-bearbeitet\/#main\" border=\"0\" itemprop=\"url\"> <meta itemprop=\"width\" content=\"246\"> <meta itemprop=\"height\" content=\"164\"> <img decoding=\"async\" class=\"\" data-attachment-id=\"26819\" data-orig-file=\"https:\/\/idnu.ch\/wordpress\/wp-content\/uploads\/2024\/10\/camargue-20241002-19-Bearbeitet.jpg\" data-orig-size=\"1240,827\" data-comments-opened=\"1\" data-image-meta=\"{&quot;aperture&quot;:&quot;7.1&quot;,&quot;credit&quot;:&quot;Urs Kyburz&quot;,&quot;camera&quot;:&quot;Canon EOS R6m2&quot;,&quot;caption&quot;:&quot;&quot;,&quot;created_timestamp&quot;:&quot;1727857911&quot;,&quot;copyright&quot;:&quot;All rights reserved&quot;,&quot;focal_length&quot;:&quot;500&quot;,&quot;iso&quot;:&quot;800&quot;,&quot;shutter_speed&quot;:&quot;0.000625&quot;,&quot;title&quot;:&quot;&quot;,&quot;orientation&quot;:&quot;0&quot;}\" data-image-title=\"Raubseeschwalben\" data-image-description=\"\" data-medium-file=\"https:\/\/i0.wp.com\/idnu.ch\/wordpress\/wp-content\/uploads\/2024\/10\/camargue-20241002-19-Bearbeitet.jpg?fit=300%2C200&#038;ssl=1\" data-large-file=\"https:\/\/i0.wp.com\/idnu.ch\/wordpress\/wp-content\/uploads\/2024\/10\/camargue-20241002-19-Bearbeitet.jpg?fit=750%2C500&#038;ssl=1\" src=\"https:\/\/i0.wp.com\/idnu.ch\/wordpress\/wp-content\/uploads\/2024\/10\/camargue-20241002-19-Bearbeitet.jpg?w=246&#038;h=164&#038;ssl=1\" srcset=\"https:\/\/i0.wp.com\/idnu.ch\/wordpress\/wp-content\/uploads\/2024\/10\/camargue-20241002-19-Bearbeitet.jpg?w=1240&amp;ssl=1 1240w, https:\/\/i0.wp.com\/idnu.ch\/wordpress\/wp-content\/uploads\/2024\/10\/camargue-20241002-19-Bearbeitet.jpg?resize=300%2C200&amp;ssl=1 300w, https:\/\/i0.wp.com\/idnu.ch\/wordpress\/wp-content\/uploads\/2024\/10\/camargue-20241002-19-Bearbeitet.jpg?resize=1024%2C683&amp;ssl=1 1024w, https:\/\/i0.wp.com\/idnu.ch\/wordpress\/wp-content\/uploads\/2024\/10\/camargue-20241002-19-Bearbeitet.jpg?resize=768%2C512&amp;ssl=1 768w, https:\/\/i0.wp.com\/idnu.ch\/wordpress\/wp-content\/uploads\/2024\/10\/camargue-20241002-19-Bearbeitet.jpg?resize=150%2C100&amp;ssl=1 150w\" width=\"246\" height=\"164\" loading=\"lazy\" data-original-width=\"246\" data-original-height=\"164\" itemprop=\"http:\/\/schema.org\/image\" title=\"Raubseeschwalben\" alt=\"Raubseeschwalben\" style=\"width: 246px; height: 164px;\" \/> <\/a> <div class=\"tiled-gallery-caption\" itemprop=\"caption description\"> Raubseeschwalben <\/div> <\/div> <\/div> <!-- close group --> <div class=\"gallery-group images-1\" style=\"width: 250px; height: 168px;\" data-original-width=\"250\" data-original-height=\"168\" > <div class=\"tiled-gallery-item tiled-gallery-item-small\" itemprop=\"associatedMedia\" itemscope itemtype=\"http:\/\/schema.org\/ImageObject\"> <a href=\"https:\/\/idnu.ch\/wordpress\/camargue-land-zwischen-himmel-und-wasser\/camargue-20241002-20-bearbeitet\/#main\" border=\"0\" itemprop=\"url\"> <meta itemprop=\"width\" content=\"246\"> <meta itemprop=\"height\" content=\"164\"> <img decoding=\"async\" class=\"\" data-attachment-id=\"26820\" data-orig-file=\"https:\/\/idnu.ch\/wordpress\/wp-content\/uploads\/2024\/10\/camargue-20241002-20-Bearbeitet.jpg\" data-orig-size=\"1240,827\" data-comments-opened=\"1\" data-image-meta=\"{&quot;aperture&quot;:&quot;8&quot;,&quot;credit&quot;:&quot;Urs Kyburz&quot;,&quot;camera&quot;:&quot;Canon EOS R6m2&quot;,&quot;caption&quot;:&quot;&quot;,&quot;created_timestamp&quot;:&quot;1727858981&quot;,&quot;copyright&quot;:&quot;All rights reserved&quot;,&quot;focal_length&quot;:&quot;500&quot;,&quot;iso&quot;:&quot;400&quot;,&quot;shutter_speed&quot;:&quot;0.00125&quot;,&quot;title&quot;:&quot;&quot;,&quot;orientation&quot;:&quot;0&quot;}\" data-image-title=\"Ein Flussuferl\u00e4ufer\" data-image-description=\"\" data-medium-file=\"https:\/\/i0.wp.com\/idnu.ch\/wordpress\/wp-content\/uploads\/2024\/10\/camargue-20241002-20-Bearbeitet.jpg?fit=300%2C200&#038;ssl=1\" data-large-file=\"https:\/\/i0.wp.com\/idnu.ch\/wordpress\/wp-content\/uploads\/2024\/10\/camargue-20241002-20-Bearbeitet.jpg?fit=750%2C500&#038;ssl=1\" src=\"https:\/\/i0.wp.com\/idnu.ch\/wordpress\/wp-content\/uploads\/2024\/10\/camargue-20241002-20-Bearbeitet.jpg?w=246&#038;h=164&#038;ssl=1\" srcset=\"https:\/\/i0.wp.com\/idnu.ch\/wordpress\/wp-content\/uploads\/2024\/10\/camargue-20241002-20-Bearbeitet.jpg?w=1240&amp;ssl=1 1240w, https:\/\/i0.wp.com\/idnu.ch\/wordpress\/wp-content\/uploads\/2024\/10\/camargue-20241002-20-Bearbeitet.jpg?resize=300%2C200&amp;ssl=1 300w, https:\/\/i0.wp.com\/idnu.ch\/wordpress\/wp-content\/uploads\/2024\/10\/camargue-20241002-20-Bearbeitet.jpg?resize=1024%2C683&amp;ssl=1 1024w, https:\/\/i0.wp.com\/idnu.ch\/wordpress\/wp-content\/uploads\/2024\/10\/camargue-20241002-20-Bearbeitet.jpg?resize=768%2C512&amp;ssl=1 768w, https:\/\/i0.wp.com\/idnu.ch\/wordpress\/wp-content\/uploads\/2024\/10\/camargue-20241002-20-Bearbeitet.jpg?resize=150%2C100&amp;ssl=1 150w\" width=\"246\" height=\"164\" loading=\"lazy\" data-original-width=\"246\" data-original-height=\"164\" itemprop=\"http:\/\/schema.org\/image\" title=\"Ein Flussuferl\u00e4ufer\" alt=\"Ein Flussuferl\u00e4ufer\" style=\"width: 246px; height: 164px;\" \/> <\/a> <div class=\"tiled-gallery-caption\" itemprop=\"caption description\"> Ein Flussuferl\u00e4ufer <\/div> <\/div> <\/div> <!-- close group --> <\/div> <!-- close row --> <div class=\"gallery-row\" style=\"width: 750px; height: 251px;\" data-original-width=\"750\" data-original-height=\"251\" > <div class=\"gallery-group images-1\" style=\"width: 375px; height: 251px;\" data-original-width=\"375\" data-original-height=\"251\" > <div class=\"tiled-gallery-item tiled-gallery-item-large\" itemprop=\"associatedMedia\" itemscope itemtype=\"http:\/\/schema.org\/ImageObject\"> <a href=\"https:\/\/idnu.ch\/wordpress\/camargue-land-zwischen-himmel-und-wasser\/camargue-20241002-25-bearbeitet\/#main\" border=\"0\" itemprop=\"url\"> <meta itemprop=\"width\" content=\"371\"> <meta itemprop=\"height\" content=\"247\"> <img decoding=\"async\" class=\"\" data-attachment-id=\"26821\" data-orig-file=\"https:\/\/idnu.ch\/wordpress\/wp-content\/uploads\/2024\/10\/camargue-20241002-25-Bearbeitet.jpg\" data-orig-size=\"1240,827\" data-comments-opened=\"1\" data-image-meta=\"{&quot;aperture&quot;:&quot;7.1&quot;,&quot;credit&quot;:&quot;Urs Kyburz&quot;,&quot;camera&quot;:&quot;Canon EOS R6m2&quot;,&quot;caption&quot;:&quot;&quot;,&quot;created_timestamp&quot;:&quot;1727859941&quot;,&quot;copyright&quot;:&quot;All rights reserved&quot;,&quot;focal_length&quot;:&quot;500&quot;,&quot;iso&quot;:&quot;100&quot;,&quot;shutter_speed&quot;:&quot;0.00125&quot;,&quot;title&quot;:&quot;&quot;,&quot;orientation&quot;:&quot;0&quot;}\" data-image-title=\"Zwei Sichler\" data-image-description=\"\" data-medium-file=\"https:\/\/i0.wp.com\/idnu.ch\/wordpress\/wp-content\/uploads\/2024\/10\/camargue-20241002-25-Bearbeitet.jpg?fit=300%2C200&#038;ssl=1\" data-large-file=\"https:\/\/i0.wp.com\/idnu.ch\/wordpress\/wp-content\/uploads\/2024\/10\/camargue-20241002-25-Bearbeitet.jpg?fit=750%2C500&#038;ssl=1\" src=\"https:\/\/i0.wp.com\/idnu.ch\/wordpress\/wp-content\/uploads\/2024\/10\/camargue-20241002-25-Bearbeitet.jpg?w=371&#038;h=247&#038;ssl=1\" srcset=\"https:\/\/i0.wp.com\/idnu.ch\/wordpress\/wp-content\/uploads\/2024\/10\/camargue-20241002-25-Bearbeitet.jpg?w=1240&amp;ssl=1 1240w, https:\/\/i0.wp.com\/idnu.ch\/wordpress\/wp-content\/uploads\/2024\/10\/camargue-20241002-25-Bearbeitet.jpg?resize=300%2C200&amp;ssl=1 300w, https:\/\/i0.wp.com\/idnu.ch\/wordpress\/wp-content\/uploads\/2024\/10\/camargue-20241002-25-Bearbeitet.jpg?resize=1024%2C683&amp;ssl=1 1024w, https:\/\/i0.wp.com\/idnu.ch\/wordpress\/wp-content\/uploads\/2024\/10\/camargue-20241002-25-Bearbeitet.jpg?resize=768%2C512&amp;ssl=1 768w, https:\/\/i0.wp.com\/idnu.ch\/wordpress\/wp-content\/uploads\/2024\/10\/camargue-20241002-25-Bearbeitet.jpg?resize=150%2C100&amp;ssl=1 150w\" width=\"371\" height=\"247\" loading=\"lazy\" data-original-width=\"371\" data-original-height=\"247\" itemprop=\"http:\/\/schema.org\/image\" title=\"Zwei Sichler\" alt=\"Zwei Sichler\" style=\"width: 371px; height: 247px;\" \/> <\/a> <div class=\"tiled-gallery-caption\" itemprop=\"caption description\"> Zwei Sichler <\/div> <\/div> <\/div> <!-- close group --> <div class=\"gallery-group images-1\" style=\"width: 375px; height: 251px;\" data-original-width=\"375\" data-original-height=\"251\" > <div class=\"tiled-gallery-item tiled-gallery-item-large\" itemprop=\"associatedMedia\" itemscope itemtype=\"http:\/\/schema.org\/ImageObject\"> <a href=\"https:\/\/idnu.ch\/wordpress\/camargue-land-zwischen-himmel-und-wasser\/camargue-20241002-26-bearbeitet\/#main\" border=\"0\" itemprop=\"url\"> <meta itemprop=\"width\" content=\"371\"> <meta itemprop=\"height\" content=\"247\"> <img decoding=\"async\" class=\"\" data-attachment-id=\"26822\" data-orig-file=\"https:\/\/idnu.ch\/wordpress\/wp-content\/uploads\/2024\/10\/camargue-20241002-26-Bearbeitet.jpg\" data-orig-size=\"1240,827\" data-comments-opened=\"1\" data-image-meta=\"{&quot;aperture&quot;:&quot;11&quot;,&quot;credit&quot;:&quot;Urs Kyburz&quot;,&quot;camera&quot;:&quot;Canon EOS 5D Mark IV&quot;,&quot;caption&quot;:&quot;&quot;,&quot;created_timestamp&quot;:&quot;1727864046&quot;,&quot;copyright&quot;:&quot;Copyright Urs Kyburz (2019)&quot;,&quot;focal_length&quot;:&quot;24&quot;,&quot;iso&quot;:&quot;250&quot;,&quot;shutter_speed&quot;:&quot;0.01&quot;,&quot;title&quot;:&quot;&quot;,&quot;orientation&quot;:&quot;0&quot;}\" data-image-title=\"\" data-image-description=\"\" data-medium-file=\"https:\/\/i0.wp.com\/idnu.ch\/wordpress\/wp-content\/uploads\/2024\/10\/camargue-20241002-26-Bearbeitet.jpg?fit=300%2C200&#038;ssl=1\" data-large-file=\"https:\/\/i0.wp.com\/idnu.ch\/wordpress\/wp-content\/uploads\/2024\/10\/camargue-20241002-26-Bearbeitet.jpg?fit=750%2C500&#038;ssl=1\" src=\"https:\/\/i0.wp.com\/idnu.ch\/wordpress\/wp-content\/uploads\/2024\/10\/camargue-20241002-26-Bearbeitet.jpg?w=371&#038;h=247&#038;ssl=1\" srcset=\"https:\/\/i0.wp.com\/idnu.ch\/wordpress\/wp-content\/uploads\/2024\/10\/camargue-20241002-26-Bearbeitet.jpg?w=1240&amp;ssl=1 1240w, https:\/\/i0.wp.com\/idnu.ch\/wordpress\/wp-content\/uploads\/2024\/10\/camargue-20241002-26-Bearbeitet.jpg?resize=300%2C200&amp;ssl=1 300w, https:\/\/i0.wp.com\/idnu.ch\/wordpress\/wp-content\/uploads\/2024\/10\/camargue-20241002-26-Bearbeitet.jpg?resize=1024%2C683&amp;ssl=1 1024w, https:\/\/i0.wp.com\/idnu.ch\/wordpress\/wp-content\/uploads\/2024\/10\/camargue-20241002-26-Bearbeitet.jpg?resize=768%2C512&amp;ssl=1 768w, https:\/\/i0.wp.com\/idnu.ch\/wordpress\/wp-content\/uploads\/2024\/10\/camargue-20241002-26-Bearbeitet.jpg?resize=150%2C100&amp;ssl=1 150w\" width=\"371\" height=\"247\" loading=\"lazy\" data-original-width=\"371\" data-original-height=\"247\" itemprop=\"http:\/\/schema.org\/image\" title=\"\" alt=\"\" style=\"width: 371px; height: 247px;\" \/> <\/a> <\/div> <\/div> <!-- close group --> <\/div> <!-- close row --> <\/div>\n<p><a href=\"https:\/\/birdingplaces.eu\/de\/birdingplaces\/france\/etang-de-scamandre\" target=\"_blank\" rel=\"noopener\">\u00c9tang de Scamandra<\/a> auf birdingplaces.eu.<\/p>\n<h2 class=\"page-title\">Digue \u00e0 la Mer<\/h2>\n<p>Ein weiteres spannendes Gebiet war der K\u00fcstenstreifen zum Leuchtturm Phare de la Gacholle. Dieses ist allerdings sehr weitl\u00e4ufig, weshalb wir Mountainbikes mieteten. Zum Gl\u00fcck war die Strecke total flach, irgendwo hinunterfahren h\u00e4tte ich damit nicht gewollt, die Bremsen funktionierten kaum. Wir starteten noch im Dunkeln und konnten dem Tag beim Erwachen zuschauen, ebenso den Flamingos.<\/p>\n<p>&nbsp;<\/p>\n<div class=\"tiled-gallery type-rectangular tiled-gallery-unresized\" data-original-width=\"750\" data-carousel-extra='{&quot;blog_id&quot;:1,&quot;permalink&quot;:&quot;https:\\\/\\\/idnu.ch\\\/wordpress\\\/camargue-land-zwischen-himmel-und-wasser\\\/&quot;,&quot;likes_blog_id&quot;:100184974}' itemscope itemtype=\"http:\/\/schema.org\/ImageGallery\" > <div class=\"gallery-row\" style=\"width: 750px; height: 335px;\" data-original-width=\"750\" data-original-height=\"335\" > <div class=\"gallery-group images-1\" style=\"width: 501px; height: 335px;\" data-original-width=\"501\" data-original-height=\"335\" > <div class=\"tiled-gallery-item tiled-gallery-item-large\" itemprop=\"associatedMedia\" itemscope itemtype=\"http:\/\/schema.org\/ImageObject\"> <a href=\"https:\/\/idnu.ch\/wordpress\/camargue-land-zwischen-himmel-und-wasser\/camargue-20241001-2-bearbeitet\/#main\" border=\"0\" itemprop=\"url\"> <meta itemprop=\"width\" content=\"497\"> <meta itemprop=\"height\" content=\"331\"> <img decoding=\"async\" class=\"\" data-attachment-id=\"26824\" data-orig-file=\"https:\/\/idnu.ch\/wordpress\/wp-content\/uploads\/2024\/10\/camargue-20241001-2-Bearbeitet.jpg\" data-orig-size=\"1240,827\" data-comments-opened=\"1\" data-image-meta=\"{&quot;aperture&quot;:&quot;5&quot;,&quot;credit&quot;:&quot;Urs Kyburz&quot;,&quot;camera&quot;:&quot;Canon EOS R6m2&quot;,&quot;caption&quot;:&quot;&quot;,&quot;created_timestamp&quot;:&quot;1727760355&quot;,&quot;copyright&quot;:&quot;All rights reserved&quot;,&quot;focal_length&quot;:&quot;128&quot;,&quot;iso&quot;:&quot;1000&quot;,&quot;shutter_speed&quot;:&quot;0.002&quot;,&quot;title&quot;:&quot;&quot;,&quot;orientation&quot;:&quot;0&quot;}\" data-image-title=\"Die Flamingos sind auch schon wach\" data-image-description=\"\" data-medium-file=\"https:\/\/i0.wp.com\/idnu.ch\/wordpress\/wp-content\/uploads\/2024\/10\/camargue-20241001-2-Bearbeitet.jpg?fit=300%2C200&#038;ssl=1\" data-large-file=\"https:\/\/i0.wp.com\/idnu.ch\/wordpress\/wp-content\/uploads\/2024\/10\/camargue-20241001-2-Bearbeitet.jpg?fit=750%2C500&#038;ssl=1\" src=\"https:\/\/i0.wp.com\/idnu.ch\/wordpress\/wp-content\/uploads\/2024\/10\/camargue-20241001-2-Bearbeitet.jpg?w=497&#038;h=331&#038;ssl=1\" srcset=\"https:\/\/i0.wp.com\/idnu.ch\/wordpress\/wp-content\/uploads\/2024\/10\/camargue-20241001-2-Bearbeitet.jpg?w=1240&amp;ssl=1 1240w, https:\/\/i0.wp.com\/idnu.ch\/wordpress\/wp-content\/uploads\/2024\/10\/camargue-20241001-2-Bearbeitet.jpg?resize=300%2C200&amp;ssl=1 300w, https:\/\/i0.wp.com\/idnu.ch\/wordpress\/wp-content\/uploads\/2024\/10\/camargue-20241001-2-Bearbeitet.jpg?resize=1024%2C683&amp;ssl=1 1024w, https:\/\/i0.wp.com\/idnu.ch\/wordpress\/wp-content\/uploads\/2024\/10\/camargue-20241001-2-Bearbeitet.jpg?resize=768%2C512&amp;ssl=1 768w, https:\/\/i0.wp.com\/idnu.ch\/wordpress\/wp-content\/uploads\/2024\/10\/camargue-20241001-2-Bearbeitet.jpg?resize=150%2C100&amp;ssl=1 150w\" width=\"497\" height=\"331\" loading=\"lazy\" data-original-width=\"497\" data-original-height=\"331\" itemprop=\"http:\/\/schema.org\/image\" title=\"Die Flamingos sind auch schon wach\" alt=\"Die Flamingos sind auch schon wach\" style=\"width: 497px; height: 331px;\" \/> <\/a> <div class=\"tiled-gallery-caption\" itemprop=\"caption description\"> Die Flamingos sind auch schon wach <\/div> <\/div> <\/div> <!-- close group --> <div class=\"gallery-group images-2\" style=\"width: 249px; height: 335px;\" data-original-width=\"249\" data-original-height=\"335\" > <div class=\"tiled-gallery-item tiled-gallery-item-small\" itemprop=\"associatedMedia\" itemscope itemtype=\"http:\/\/schema.org\/ImageObject\"> <a href=\"https:\/\/idnu.ch\/wordpress\/camargue-land-zwischen-himmel-und-wasser\/camargue-20241001-7-bearbeitet\/#main\" border=\"0\" itemprop=\"url\"> <meta itemprop=\"width\" content=\"245\"> <meta itemprop=\"height\" content=\"164\"> <img decoding=\"async\" class=\"\" data-attachment-id=\"26825\" data-orig-file=\"https:\/\/idnu.ch\/wordpress\/wp-content\/uploads\/2024\/10\/camargue-20241001-7-Bearbeitet.jpg\" data-orig-size=\"1240,827\" data-comments-opened=\"1\" data-image-meta=\"{&quot;aperture&quot;:&quot;5&quot;,&quot;credit&quot;:&quot;Urs Kyburz&quot;,&quot;camera&quot;:&quot;Canon EOS R6m2&quot;,&quot;caption&quot;:&quot;&quot;,&quot;created_timestamp&quot;:&quot;1727760372&quot;,&quot;copyright&quot;:&quot;All rights reserved&quot;,&quot;focal_length&quot;:&quot;100&quot;,&quot;iso&quot;:&quot;4000&quot;,&quot;shutter_speed&quot;:&quot;0.002&quot;,&quot;title&quot;:&quot;&quot;,&quot;orientation&quot;:&quot;0&quot;}\" data-image-title=\"Dem Sonnenaufgang entgegen\" data-image-description=\"\" data-medium-file=\"https:\/\/i0.wp.com\/idnu.ch\/wordpress\/wp-content\/uploads\/2024\/10\/camargue-20241001-7-Bearbeitet.jpg?fit=300%2C200&#038;ssl=1\" data-large-file=\"https:\/\/i0.wp.com\/idnu.ch\/wordpress\/wp-content\/uploads\/2024\/10\/camargue-20241001-7-Bearbeitet.jpg?fit=750%2C500&#038;ssl=1\" src=\"https:\/\/i0.wp.com\/idnu.ch\/wordpress\/wp-content\/uploads\/2024\/10\/camargue-20241001-7-Bearbeitet.jpg?w=245&#038;h=164&#038;ssl=1\" srcset=\"https:\/\/i0.wp.com\/idnu.ch\/wordpress\/wp-content\/uploads\/2024\/10\/camargue-20241001-7-Bearbeitet.jpg?w=1240&amp;ssl=1 1240w, https:\/\/i0.wp.com\/idnu.ch\/wordpress\/wp-content\/uploads\/2024\/10\/camargue-20241001-7-Bearbeitet.jpg?resize=300%2C200&amp;ssl=1 300w, https:\/\/i0.wp.com\/idnu.ch\/wordpress\/wp-content\/uploads\/2024\/10\/camargue-20241001-7-Bearbeitet.jpg?resize=1024%2C683&amp;ssl=1 1024w, https:\/\/i0.wp.com\/idnu.ch\/wordpress\/wp-content\/uploads\/2024\/10\/camargue-20241001-7-Bearbeitet.jpg?resize=768%2C512&amp;ssl=1 768w, https:\/\/i0.wp.com\/idnu.ch\/wordpress\/wp-content\/uploads\/2024\/10\/camargue-20241001-7-Bearbeitet.jpg?resize=150%2C100&amp;ssl=1 150w\" width=\"245\" height=\"164\" loading=\"lazy\" data-original-width=\"245\" data-original-height=\"164\" itemprop=\"http:\/\/schema.org\/image\" title=\"Dem Sonnenaufgang entgegen\" alt=\"Dem Sonnenaufgang entgegen\" style=\"width: 245px; height: 164px;\" \/> <\/a> <div class=\"tiled-gallery-caption\" itemprop=\"caption description\"> Dem Sonnenaufgang entgegen <\/div> <\/div> <div class=\"tiled-gallery-item tiled-gallery-item-small\" itemprop=\"associatedMedia\" itemscope itemtype=\"http:\/\/schema.org\/ImageObject\"> <a href=\"https:\/\/idnu.ch\/wordpress\/camargue-land-zwischen-himmel-und-wasser\/camargue-20241001-13-bearbeitet\/#main\" border=\"0\" itemprop=\"url\"> <meta itemprop=\"width\" content=\"245\"> <meta itemprop=\"height\" content=\"163\"> <img decoding=\"async\" class=\"\" data-attachment-id=\"26826\" data-orig-file=\"https:\/\/idnu.ch\/wordpress\/wp-content\/uploads\/2024\/10\/camargue-20241001-13-Bearbeitet.jpg\" data-orig-size=\"1240,827\" data-comments-opened=\"1\" data-image-meta=\"{&quot;aperture&quot;:&quot;7.1&quot;,&quot;credit&quot;:&quot;Urs Kyburz&quot;,&quot;camera&quot;:&quot;Canon EOS R6m2&quot;,&quot;caption&quot;:&quot;&quot;,&quot;created_timestamp&quot;:&quot;1727760727&quot;,&quot;copyright&quot;:&quot;All rights reserved&quot;,&quot;focal_length&quot;:&quot;500&quot;,&quot;iso&quot;:&quot;3200&quot;,&quot;shutter_speed&quot;:&quot;0.002&quot;,&quot;title&quot;:&quot;&quot;,&quot;orientation&quot;:&quot;0&quot;}\" data-image-title=\"Der Steinw\u00e4lzer ist auf Nahrungssuche\" data-image-description=\"\" data-medium-file=\"https:\/\/i0.wp.com\/idnu.ch\/wordpress\/wp-content\/uploads\/2024\/10\/camargue-20241001-13-Bearbeitet.jpg?fit=300%2C200&#038;ssl=1\" data-large-file=\"https:\/\/i0.wp.com\/idnu.ch\/wordpress\/wp-content\/uploads\/2024\/10\/camargue-20241001-13-Bearbeitet.jpg?fit=750%2C500&#038;ssl=1\" src=\"https:\/\/i0.wp.com\/idnu.ch\/wordpress\/wp-content\/uploads\/2024\/10\/camargue-20241001-13-Bearbeitet.jpg?w=245&#038;h=163&#038;ssl=1\" srcset=\"https:\/\/i0.wp.com\/idnu.ch\/wordpress\/wp-content\/uploads\/2024\/10\/camargue-20241001-13-Bearbeitet.jpg?w=1240&amp;ssl=1 1240w, https:\/\/i0.wp.com\/idnu.ch\/wordpress\/wp-content\/uploads\/2024\/10\/camargue-20241001-13-Bearbeitet.jpg?resize=300%2C200&amp;ssl=1 300w, https:\/\/i0.wp.com\/idnu.ch\/wordpress\/wp-content\/uploads\/2024\/10\/camargue-20241001-13-Bearbeitet.jpg?resize=1024%2C683&amp;ssl=1 1024w, https:\/\/i0.wp.com\/idnu.ch\/wordpress\/wp-content\/uploads\/2024\/10\/camargue-20241001-13-Bearbeitet.jpg?resize=768%2C512&amp;ssl=1 768w, https:\/\/i0.wp.com\/idnu.ch\/wordpress\/wp-content\/uploads\/2024\/10\/camargue-20241001-13-Bearbeitet.jpg?resize=150%2C100&amp;ssl=1 150w\" width=\"245\" height=\"163\" loading=\"lazy\" data-original-width=\"245\" data-original-height=\"163\" itemprop=\"http:\/\/schema.org\/image\" title=\"Der Steinw\u00e4lzer ist auf Nahrungssuche\" alt=\"Der Steinw\u00e4lzer ist auf Nahrungssuche\" style=\"width: 245px; height: 163px;\" \/> <\/a> <div class=\"tiled-gallery-caption\" itemprop=\"caption description\"> Der Steinw\u00e4lzer ist auf Nahrungssuche <\/div> <\/div> <\/div> <!-- close group --> <\/div> <!-- close row --> <div class=\"gallery-row\" style=\"width: 750px; height: 168px;\" data-original-width=\"750\" data-original-height=\"168\" > <div class=\"gallery-group images-1\" style=\"width: 250px; height: 168px;\" data-original-width=\"250\" data-original-height=\"168\" > <div class=\"tiled-gallery-item tiled-gallery-item-small\" itemprop=\"associatedMedia\" itemscope itemtype=\"http:\/\/schema.org\/ImageObject\"> <a href=\"https:\/\/idnu.ch\/wordpress\/camargue-land-zwischen-himmel-und-wasser\/camargue-20241001-31-bearbeitet\/#main\" border=\"0\" itemprop=\"url\"> <meta itemprop=\"width\" content=\"246\"> <meta itemprop=\"height\" content=\"164\"> <img decoding=\"async\" class=\"\" data-attachment-id=\"26827\" data-orig-file=\"https:\/\/idnu.ch\/wordpress\/wp-content\/uploads\/2024\/10\/camargue-20241001-31-Bearbeitet.jpg\" data-orig-size=\"1240,827\" data-comments-opened=\"1\" data-image-meta=\"{&quot;aperture&quot;:&quot;5&quot;,&quot;credit&quot;:&quot;Urs Kyburz&quot;,&quot;camera&quot;:&quot;Canon EOS R6m2&quot;,&quot;caption&quot;:&quot;&quot;,&quot;created_timestamp&quot;:&quot;1727761160&quot;,&quot;copyright&quot;:&quot;All rights reserved&quot;,&quot;focal_length&quot;:&quot;100&quot;,&quot;iso&quot;:&quot;2500&quot;,&quot;shutter_speed&quot;:&quot;0.00125&quot;,&quot;title&quot;:&quot;&quot;,&quot;orientation&quot;:&quot;0&quot;}\" data-image-title=\"\" data-image-description=\"\" data-medium-file=\"https:\/\/i0.wp.com\/idnu.ch\/wordpress\/wp-content\/uploads\/2024\/10\/camargue-20241001-31-Bearbeitet.jpg?fit=300%2C200&#038;ssl=1\" data-large-file=\"https:\/\/i0.wp.com\/idnu.ch\/wordpress\/wp-content\/uploads\/2024\/10\/camargue-20241001-31-Bearbeitet.jpg?fit=750%2C500&#038;ssl=1\" src=\"https:\/\/i0.wp.com\/idnu.ch\/wordpress\/wp-content\/uploads\/2024\/10\/camargue-20241001-31-Bearbeitet.jpg?w=246&#038;h=164&#038;ssl=1\" srcset=\"https:\/\/i0.wp.com\/idnu.ch\/wordpress\/wp-content\/uploads\/2024\/10\/camargue-20241001-31-Bearbeitet.jpg?w=1240&amp;ssl=1 1240w, https:\/\/i0.wp.com\/idnu.ch\/wordpress\/wp-content\/uploads\/2024\/10\/camargue-20241001-31-Bearbeitet.jpg?resize=300%2C200&amp;ssl=1 300w, https:\/\/i0.wp.com\/idnu.ch\/wordpress\/wp-content\/uploads\/2024\/10\/camargue-20241001-31-Bearbeitet.jpg?resize=1024%2C683&amp;ssl=1 1024w, https:\/\/i0.wp.com\/idnu.ch\/wordpress\/wp-content\/uploads\/2024\/10\/camargue-20241001-31-Bearbeitet.jpg?resize=768%2C512&amp;ssl=1 768w, https:\/\/i0.wp.com\/idnu.ch\/wordpress\/wp-content\/uploads\/2024\/10\/camargue-20241001-31-Bearbeitet.jpg?resize=150%2C100&amp;ssl=1 150w\" width=\"246\" height=\"164\" loading=\"lazy\" data-original-width=\"246\" data-original-height=\"164\" itemprop=\"http:\/\/schema.org\/image\" title=\"\" alt=\"\" style=\"width: 246px; height: 164px;\" \/> <\/a> <\/div> <\/div> <!-- close group --> <div class=\"gallery-group images-1\" style=\"width: 250px; height: 168px;\" data-original-width=\"250\" data-original-height=\"168\" > <div class=\"tiled-gallery-item tiled-gallery-item-small\" itemprop=\"associatedMedia\" itemscope itemtype=\"http:\/\/schema.org\/ImageObject\"> <a href=\"https:\/\/idnu.ch\/wordpress\/camargue-land-zwischen-himmel-und-wasser\/camargue-20241001-40-bearbeitet\/#main\" border=\"0\" itemprop=\"url\"> <meta itemprop=\"width\" content=\"246\"> <meta itemprop=\"height\" content=\"164\"> <img decoding=\"async\" class=\"\" data-attachment-id=\"26828\" data-orig-file=\"https:\/\/idnu.ch\/wordpress\/wp-content\/uploads\/2024\/10\/camargue-20241001-40-Bearbeitet.jpg\" data-orig-size=\"1240,827\" data-comments-opened=\"1\" data-image-meta=\"{&quot;aperture&quot;:&quot;9&quot;,&quot;credit&quot;:&quot;Urs Kyburz&quot;,&quot;camera&quot;:&quot;Canon EOS 5D Mark IV&quot;,&quot;caption&quot;:&quot;&quot;,&quot;created_timestamp&quot;:&quot;1727761963&quot;,&quot;copyright&quot;:&quot;Copyright Urs Kyburz (2019)&quot;,&quot;focal_length&quot;:&quot;28&quot;,&quot;iso&quot;:&quot;500&quot;,&quot;shutter_speed&quot;:&quot;0.01&quot;,&quot;title&quot;:&quot;&quot;,&quot;orientation&quot;:&quot;0&quot;}\" data-image-title=\"Die Sonne kommt\" data-image-description=\"\" data-medium-file=\"https:\/\/i0.wp.com\/idnu.ch\/wordpress\/wp-content\/uploads\/2024\/10\/camargue-20241001-40-Bearbeitet.jpg?fit=300%2C200&#038;ssl=1\" data-large-file=\"https:\/\/i0.wp.com\/idnu.ch\/wordpress\/wp-content\/uploads\/2024\/10\/camargue-20241001-40-Bearbeitet.jpg?fit=750%2C500&#038;ssl=1\" src=\"https:\/\/i0.wp.com\/idnu.ch\/wordpress\/wp-content\/uploads\/2024\/10\/camargue-20241001-40-Bearbeitet.jpg?w=246&#038;h=164&#038;ssl=1\" srcset=\"https:\/\/i0.wp.com\/idnu.ch\/wordpress\/wp-content\/uploads\/2024\/10\/camargue-20241001-40-Bearbeitet.jpg?w=1240&amp;ssl=1 1240w, https:\/\/i0.wp.com\/idnu.ch\/wordpress\/wp-content\/uploads\/2024\/10\/camargue-20241001-40-Bearbeitet.jpg?resize=300%2C200&amp;ssl=1 300w, https:\/\/i0.wp.com\/idnu.ch\/wordpress\/wp-content\/uploads\/2024\/10\/camargue-20241001-40-Bearbeitet.jpg?resize=1024%2C683&amp;ssl=1 1024w, https:\/\/i0.wp.com\/idnu.ch\/wordpress\/wp-content\/uploads\/2024\/10\/camargue-20241001-40-Bearbeitet.jpg?resize=768%2C512&amp;ssl=1 768w, https:\/\/i0.wp.com\/idnu.ch\/wordpress\/wp-content\/uploads\/2024\/10\/camargue-20241001-40-Bearbeitet.jpg?resize=150%2C100&amp;ssl=1 150w\" width=\"246\" height=\"164\" loading=\"lazy\" data-original-width=\"246\" data-original-height=\"164\" itemprop=\"http:\/\/schema.org\/image\" title=\"Die Sonne kommt\" alt=\"Die Sonne kommt\" style=\"width: 246px; height: 164px;\" \/> <\/a> <div class=\"tiled-gallery-caption\" itemprop=\"caption description\"> Die Sonne kommt <\/div> <\/div> <\/div> <!-- close group --> <div class=\"gallery-group images-1\" style=\"width: 250px; height: 168px;\" data-original-width=\"250\" data-original-height=\"168\" > <div class=\"tiled-gallery-item tiled-gallery-item-small\" itemprop=\"associatedMedia\" itemscope itemtype=\"http:\/\/schema.org\/ImageObject\"> <a href=\"https:\/\/idnu.ch\/wordpress\/camargue-land-zwischen-himmel-und-wasser\/camargue-20241001-42-bearbeitet\/#main\" border=\"0\" itemprop=\"url\"> <meta itemprop=\"width\" content=\"246\"> <meta itemprop=\"height\" content=\"164\"> <img decoding=\"async\" class=\"\" data-attachment-id=\"26829\" data-orig-file=\"https:\/\/idnu.ch\/wordpress\/wp-content\/uploads\/2024\/10\/camargue-20241001-42-Bearbeitet.jpg\" data-orig-size=\"1240,827\" data-comments-opened=\"1\" data-image-meta=\"{&quot;aperture&quot;:&quot;9&quot;,&quot;credit&quot;:&quot;Urs Kyburz&quot;,&quot;camera&quot;:&quot;Canon EOS 5D Mark IV&quot;,&quot;caption&quot;:&quot;&quot;,&quot;created_timestamp&quot;:&quot;1727762028&quot;,&quot;copyright&quot;:&quot;Copyright Urs Kyburz (2019)&quot;,&quot;focal_length&quot;:&quot;82&quot;,&quot;iso&quot;:&quot;125&quot;,&quot;shutter_speed&quot;:&quot;0.01&quot;,&quot;title&quot;:&quot;&quot;,&quot;orientation&quot;:&quot;0&quot;}\" data-image-title=\"Wie in einer anderen Welt\" data-image-description=\"\" data-medium-file=\"https:\/\/i0.wp.com\/idnu.ch\/wordpress\/wp-content\/uploads\/2024\/10\/camargue-20241001-42-Bearbeitet.jpg?fit=300%2C200&#038;ssl=1\" data-large-file=\"https:\/\/i0.wp.com\/idnu.ch\/wordpress\/wp-content\/uploads\/2024\/10\/camargue-20241001-42-Bearbeitet.jpg?fit=750%2C500&#038;ssl=1\" src=\"https:\/\/i0.wp.com\/idnu.ch\/wordpress\/wp-content\/uploads\/2024\/10\/camargue-20241001-42-Bearbeitet.jpg?w=246&#038;h=164&#038;ssl=1\" srcset=\"https:\/\/i0.wp.com\/idnu.ch\/wordpress\/wp-content\/uploads\/2024\/10\/camargue-20241001-42-Bearbeitet.jpg?w=1240&amp;ssl=1 1240w, https:\/\/i0.wp.com\/idnu.ch\/wordpress\/wp-content\/uploads\/2024\/10\/camargue-20241001-42-Bearbeitet.jpg?resize=300%2C200&amp;ssl=1 300w, https:\/\/i0.wp.com\/idnu.ch\/wordpress\/wp-content\/uploads\/2024\/10\/camargue-20241001-42-Bearbeitet.jpg?resize=1024%2C683&amp;ssl=1 1024w, https:\/\/i0.wp.com\/idnu.ch\/wordpress\/wp-content\/uploads\/2024\/10\/camargue-20241001-42-Bearbeitet.jpg?resize=768%2C512&amp;ssl=1 768w, https:\/\/i0.wp.com\/idnu.ch\/wordpress\/wp-content\/uploads\/2024\/10\/camargue-20241001-42-Bearbeitet.jpg?resize=150%2C100&amp;ssl=1 150w\" width=\"246\" height=\"164\" loading=\"lazy\" data-original-width=\"246\" data-original-height=\"164\" itemprop=\"http:\/\/schema.org\/image\" title=\"Wie in einer anderen Welt\" alt=\"Wie in einer anderen Welt\" style=\"width: 246px; height: 164px;\" \/> <\/a> <div class=\"tiled-gallery-caption\" itemprop=\"caption description\"> Wie in einer anderen Welt <\/div> <\/div> <\/div> <!-- close group --> <\/div> <!-- close row --> <\/div>\n<p>Wir hielten immer wieder an, um den Alpenstrandl\u00e4ufern, Sandregenpfeifern und Flamingos zuzuschauen. Ein Abstecher f\u00fchrte\u00a0 zu einem Sandstrand, der um diese Zeit noch menschenleer war. Mit dem Nebel ergab das eine wundersch\u00f6ne Stimmung.<\/p>\n<div class=\"tiled-gallery type-rectangular tiled-gallery-unresized\" data-original-width=\"750\" data-carousel-extra='{&quot;blog_id&quot;:1,&quot;permalink&quot;:&quot;https:\\\/\\\/idnu.ch\\\/wordpress\\\/camargue-land-zwischen-himmel-und-wasser\\\/&quot;,&quot;likes_blog_id&quot;:100184974}' itemscope itemtype=\"http:\/\/schema.org\/ImageGallery\" > <div class=\"gallery-row\" style=\"width: 750px; height: 335px;\" data-original-width=\"750\" data-original-height=\"335\" > <div class=\"gallery-group images-1\" style=\"width: 501px; height: 335px;\" data-original-width=\"501\" data-original-height=\"335\" > <div class=\"tiled-gallery-item tiled-gallery-item-large\" itemprop=\"associatedMedia\" itemscope itemtype=\"http:\/\/schema.org\/ImageObject\"> <a href=\"https:\/\/idnu.ch\/wordpress\/camargue-land-zwischen-himmel-und-wasser\/camargue-20241001-55-bearbeitet\/#main\" border=\"0\" itemprop=\"url\"> <meta itemprop=\"width\" content=\"497\"> <meta itemprop=\"height\" content=\"331\"> <img decoding=\"async\" class=\"\" data-attachment-id=\"26832\" data-orig-file=\"https:\/\/idnu.ch\/wordpress\/wp-content\/uploads\/2024\/10\/camargue-20241001-55-Bearbeitet.jpg\" data-orig-size=\"1240,827\" data-comments-opened=\"1\" data-image-meta=\"{&quot;aperture&quot;:&quot;7.1&quot;,&quot;credit&quot;:&quot;Urs Kyburz&quot;,&quot;camera&quot;:&quot;Canon EOS R6m2&quot;,&quot;caption&quot;:&quot;&quot;,&quot;created_timestamp&quot;:&quot;1727762969&quot;,&quot;copyright&quot;:&quot;All rights reserved&quot;,&quot;focal_length&quot;:&quot;500&quot;,&quot;iso&quot;:&quot;100&quot;,&quot;shutter_speed&quot;:&quot;0.00125&quot;,&quot;title&quot;:&quot;&quot;,&quot;orientation&quot;:&quot;0&quot;}\" data-image-title=\"\" data-image-description=\"\" data-medium-file=\"https:\/\/i0.wp.com\/idnu.ch\/wordpress\/wp-content\/uploads\/2024\/10\/camargue-20241001-55-Bearbeitet.jpg?fit=300%2C200&#038;ssl=1\" data-large-file=\"https:\/\/i0.wp.com\/idnu.ch\/wordpress\/wp-content\/uploads\/2024\/10\/camargue-20241001-55-Bearbeitet.jpg?fit=750%2C500&#038;ssl=1\" src=\"https:\/\/i0.wp.com\/idnu.ch\/wordpress\/wp-content\/uploads\/2024\/10\/camargue-20241001-55-Bearbeitet.jpg?w=497&#038;h=331&#038;ssl=1\" srcset=\"https:\/\/i0.wp.com\/idnu.ch\/wordpress\/wp-content\/uploads\/2024\/10\/camargue-20241001-55-Bearbeitet.jpg?w=1240&amp;ssl=1 1240w, https:\/\/i0.wp.com\/idnu.ch\/wordpress\/wp-content\/uploads\/2024\/10\/camargue-20241001-55-Bearbeitet.jpg?resize=300%2C200&amp;ssl=1 300w, https:\/\/i0.wp.com\/idnu.ch\/wordpress\/wp-content\/uploads\/2024\/10\/camargue-20241001-55-Bearbeitet.jpg?resize=1024%2C683&amp;ssl=1 1024w, https:\/\/i0.wp.com\/idnu.ch\/wordpress\/wp-content\/uploads\/2024\/10\/camargue-20241001-55-Bearbeitet.jpg?resize=768%2C512&amp;ssl=1 768w, https:\/\/i0.wp.com\/idnu.ch\/wordpress\/wp-content\/uploads\/2024\/10\/camargue-20241001-55-Bearbeitet.jpg?resize=150%2C100&amp;ssl=1 150w\" width=\"497\" height=\"331\" loading=\"lazy\" data-original-width=\"497\" data-original-height=\"331\" itemprop=\"http:\/\/schema.org\/image\" title=\"\" alt=\"\" style=\"width: 497px; height: 331px;\" \/> <\/a> <\/div> <\/div> <!-- close group --> <div class=\"gallery-group images-2\" style=\"width: 249px; height: 335px;\" data-original-width=\"249\" data-original-height=\"335\" > <div class=\"tiled-gallery-item tiled-gallery-item-small\" itemprop=\"associatedMedia\" itemscope itemtype=\"http:\/\/schema.org\/ImageObject\"> <a href=\"https:\/\/idnu.ch\/wordpress\/camargue-land-zwischen-himmel-und-wasser\/camargue-20241001-57-bearbeitet\/#main\" border=\"0\" itemprop=\"url\"> <meta itemprop=\"width\" content=\"245\"> <meta itemprop=\"height\" content=\"164\"> <img decoding=\"async\" class=\"\" data-attachment-id=\"26833\" data-orig-file=\"https:\/\/idnu.ch\/wordpress\/wp-content\/uploads\/2024\/10\/camargue-20241001-57-Bearbeitet.jpg\" data-orig-size=\"1240,827\" data-comments-opened=\"1\" data-image-meta=\"{&quot;aperture&quot;:&quot;9&quot;,&quot;credit&quot;:&quot;Urs Kyburz&quot;,&quot;camera&quot;:&quot;Canon EOS 5D Mark IV&quot;,&quot;caption&quot;:&quot;&quot;,&quot;created_timestamp&quot;:&quot;1727763140&quot;,&quot;copyright&quot;:&quot;Copyright Urs Kyburz (2019)&quot;,&quot;focal_length&quot;:&quot;45&quot;,&quot;iso&quot;:&quot;100&quot;,&quot;shutter_speed&quot;:&quot;0.01&quot;,&quot;title&quot;:&quot;&quot;,&quot;orientation&quot;:&quot;0&quot;}\" data-image-title=\"\" data-image-description=\"\" data-medium-file=\"https:\/\/i0.wp.com\/idnu.ch\/wordpress\/wp-content\/uploads\/2024\/10\/camargue-20241001-57-Bearbeitet.jpg?fit=300%2C200&#038;ssl=1\" data-large-file=\"https:\/\/i0.wp.com\/idnu.ch\/wordpress\/wp-content\/uploads\/2024\/10\/camargue-20241001-57-Bearbeitet.jpg?fit=750%2C500&#038;ssl=1\" src=\"https:\/\/i0.wp.com\/idnu.ch\/wordpress\/wp-content\/uploads\/2024\/10\/camargue-20241001-57-Bearbeitet.jpg?w=245&#038;h=164&#038;ssl=1\" srcset=\"https:\/\/i0.wp.com\/idnu.ch\/wordpress\/wp-content\/uploads\/2024\/10\/camargue-20241001-57-Bearbeitet.jpg?w=1240&amp;ssl=1 1240w, https:\/\/i0.wp.com\/idnu.ch\/wordpress\/wp-content\/uploads\/2024\/10\/camargue-20241001-57-Bearbeitet.jpg?resize=300%2C200&amp;ssl=1 300w, https:\/\/i0.wp.com\/idnu.ch\/wordpress\/wp-content\/uploads\/2024\/10\/camargue-20241001-57-Bearbeitet.jpg?resize=1024%2C683&amp;ssl=1 1024w, https:\/\/i0.wp.com\/idnu.ch\/wordpress\/wp-content\/uploads\/2024\/10\/camargue-20241001-57-Bearbeitet.jpg?resize=768%2C512&amp;ssl=1 768w, https:\/\/i0.wp.com\/idnu.ch\/wordpress\/wp-content\/uploads\/2024\/10\/camargue-20241001-57-Bearbeitet.jpg?resize=150%2C100&amp;ssl=1 150w\" width=\"245\" height=\"164\" loading=\"lazy\" data-original-width=\"245\" data-original-height=\"164\" itemprop=\"http:\/\/schema.org\/image\" title=\"\" alt=\"\" style=\"width: 245px; height: 164px;\" \/> <\/a> <\/div> <div class=\"tiled-gallery-item tiled-gallery-item-small\" itemprop=\"associatedMedia\" itemscope itemtype=\"http:\/\/schema.org\/ImageObject\"> <a href=\"https:\/\/idnu.ch\/wordpress\/camargue-land-zwischen-himmel-und-wasser\/camargue-20241001-82-bearbeitet\/#main\" border=\"0\" itemprop=\"url\"> <meta itemprop=\"width\" content=\"245\"> <meta itemprop=\"height\" content=\"163\"> <img decoding=\"async\" class=\"\" data-attachment-id=\"26834\" data-orig-file=\"https:\/\/idnu.ch\/wordpress\/wp-content\/uploads\/2024\/10\/camargue-20241001-82-Bearbeitet.jpg\" data-orig-size=\"1240,827\" data-comments-opened=\"1\" data-image-meta=\"{&quot;aperture&quot;:&quot;13&quot;,&quot;credit&quot;:&quot;Urs Kyburz&quot;,&quot;camera&quot;:&quot;Canon EOS 5D Mark IV&quot;,&quot;caption&quot;:&quot;&quot;,&quot;created_timestamp&quot;:&quot;1727765559&quot;,&quot;copyright&quot;:&quot;Copyright Urs Kyburz (2019)&quot;,&quot;focal_length&quot;:&quot;45&quot;,&quot;iso&quot;:&quot;320&quot;,&quot;shutter_speed&quot;:&quot;0.0025&quot;,&quot;title&quot;:&quot;&quot;,&quot;orientation&quot;:&quot;0&quot;}\" data-image-title=\"\" data-image-description=\"\" data-medium-file=\"https:\/\/i0.wp.com\/idnu.ch\/wordpress\/wp-content\/uploads\/2024\/10\/camargue-20241001-82-Bearbeitet.jpg?fit=300%2C200&#038;ssl=1\" data-large-file=\"https:\/\/i0.wp.com\/idnu.ch\/wordpress\/wp-content\/uploads\/2024\/10\/camargue-20241001-82-Bearbeitet.jpg?fit=750%2C500&#038;ssl=1\" src=\"https:\/\/i0.wp.com\/idnu.ch\/wordpress\/wp-content\/uploads\/2024\/10\/camargue-20241001-82-Bearbeitet.jpg?w=245&#038;h=163&#038;ssl=1\" srcset=\"https:\/\/i0.wp.com\/idnu.ch\/wordpress\/wp-content\/uploads\/2024\/10\/camargue-20241001-82-Bearbeitet.jpg?w=1240&amp;ssl=1 1240w, https:\/\/i0.wp.com\/idnu.ch\/wordpress\/wp-content\/uploads\/2024\/10\/camargue-20241001-82-Bearbeitet.jpg?resize=300%2C200&amp;ssl=1 300w, https:\/\/i0.wp.com\/idnu.ch\/wordpress\/wp-content\/uploads\/2024\/10\/camargue-20241001-82-Bearbeitet.jpg?resize=1024%2C683&amp;ssl=1 1024w, https:\/\/i0.wp.com\/idnu.ch\/wordpress\/wp-content\/uploads\/2024\/10\/camargue-20241001-82-Bearbeitet.jpg?resize=768%2C512&amp;ssl=1 768w, https:\/\/i0.wp.com\/idnu.ch\/wordpress\/wp-content\/uploads\/2024\/10\/camargue-20241001-82-Bearbeitet.jpg?resize=150%2C100&amp;ssl=1 150w\" width=\"245\" height=\"163\" loading=\"lazy\" data-original-width=\"245\" data-original-height=\"163\" itemprop=\"http:\/\/schema.org\/image\" title=\"\" alt=\"\" style=\"width: 245px; height: 163px;\" \/> <\/a> <\/div> <\/div> <!-- close group --> <\/div> <!-- close row --> <div class=\"gallery-row\" style=\"width: 750px; height: 168px;\" data-original-width=\"750\" data-original-height=\"168\" > <div class=\"gallery-group images-1\" style=\"width: 250px; height: 168px;\" data-original-width=\"250\" data-original-height=\"168\" > <div class=\"tiled-gallery-item tiled-gallery-item-small\" itemprop=\"associatedMedia\" itemscope itemtype=\"http:\/\/schema.org\/ImageObject\"> <a href=\"https:\/\/idnu.ch\/wordpress\/camargue-land-zwischen-himmel-und-wasser\/camargue-20241001-89-bearbeitet\/#main\" border=\"0\" itemprop=\"url\"> <meta itemprop=\"width\" content=\"246\"> <meta itemprop=\"height\" content=\"164\"> <img decoding=\"async\" class=\"\" data-attachment-id=\"26835\" data-orig-file=\"https:\/\/idnu.ch\/wordpress\/wp-content\/uploads\/2024\/10\/camargue-20241001-89-Bearbeitet.jpg\" data-orig-size=\"1240,827\" data-comments-opened=\"1\" data-image-meta=\"{&quot;aperture&quot;:&quot;13&quot;,&quot;credit&quot;:&quot;Urs Kyburz&quot;,&quot;camera&quot;:&quot;Canon EOS 5D Mark IV&quot;,&quot;caption&quot;:&quot;&quot;,&quot;created_timestamp&quot;:&quot;1727768625&quot;,&quot;copyright&quot;:&quot;Copyright Urs Kyburz (2019)&quot;,&quot;focal_length&quot;:&quot;24&quot;,&quot;iso&quot;:&quot;125&quot;,&quot;shutter_speed&quot;:&quot;0.0125&quot;,&quot;title&quot;:&quot;&quot;,&quot;orientation&quot;:&quot;0&quot;}\" data-image-title=\"\" data-image-description=\"\" data-medium-file=\"https:\/\/i0.wp.com\/idnu.ch\/wordpress\/wp-content\/uploads\/2024\/10\/camargue-20241001-89-Bearbeitet.jpg?fit=300%2C200&#038;ssl=1\" data-large-file=\"https:\/\/i0.wp.com\/idnu.ch\/wordpress\/wp-content\/uploads\/2024\/10\/camargue-20241001-89-Bearbeitet.jpg?fit=750%2C500&#038;ssl=1\" src=\"https:\/\/i0.wp.com\/idnu.ch\/wordpress\/wp-content\/uploads\/2024\/10\/camargue-20241001-89-Bearbeitet.jpg?w=246&#038;h=164&#038;ssl=1\" srcset=\"https:\/\/i0.wp.com\/idnu.ch\/wordpress\/wp-content\/uploads\/2024\/10\/camargue-20241001-89-Bearbeitet.jpg?w=1240&amp;ssl=1 1240w, https:\/\/i0.wp.com\/idnu.ch\/wordpress\/wp-content\/uploads\/2024\/10\/camargue-20241001-89-Bearbeitet.jpg?resize=300%2C200&amp;ssl=1 300w, https:\/\/i0.wp.com\/idnu.ch\/wordpress\/wp-content\/uploads\/2024\/10\/camargue-20241001-89-Bearbeitet.jpg?resize=1024%2C683&amp;ssl=1 1024w, https:\/\/i0.wp.com\/idnu.ch\/wordpress\/wp-content\/uploads\/2024\/10\/camargue-20241001-89-Bearbeitet.jpg?resize=768%2C512&amp;ssl=1 768w, https:\/\/i0.wp.com\/idnu.ch\/wordpress\/wp-content\/uploads\/2024\/10\/camargue-20241001-89-Bearbeitet.jpg?resize=150%2C100&amp;ssl=1 150w\" width=\"246\" height=\"164\" loading=\"lazy\" data-original-width=\"246\" data-original-height=\"164\" itemprop=\"http:\/\/schema.org\/image\" title=\"\" alt=\"\" style=\"width: 246px; height: 164px;\" \/> <\/a> <\/div> <\/div> <!-- close group --> <div class=\"gallery-group images-1\" style=\"width: 250px; height: 168px;\" data-original-width=\"250\" data-original-height=\"168\" > <div class=\"tiled-gallery-item tiled-gallery-item-small\" itemprop=\"associatedMedia\" itemscope itemtype=\"http:\/\/schema.org\/ImageObject\"> <a href=\"https:\/\/idnu.ch\/wordpress\/camargue-land-zwischen-himmel-und-wasser\/camargue-20241001-91-bearbeitet\/#main\" border=\"0\" itemprop=\"url\"> <meta itemprop=\"width\" content=\"246\"> <meta itemprop=\"height\" content=\"164\"> <img decoding=\"async\" class=\"\" data-attachment-id=\"26836\" data-orig-file=\"https:\/\/idnu.ch\/wordpress\/wp-content\/uploads\/2024\/10\/camargue-20241001-91-Bearbeitet.jpg\" data-orig-size=\"1240,827\" data-comments-opened=\"1\" data-image-meta=\"{&quot;aperture&quot;:&quot;13&quot;,&quot;credit&quot;:&quot;Urs Kyburz&quot;,&quot;camera&quot;:&quot;Canon EOS 5D Mark IV&quot;,&quot;caption&quot;:&quot;&quot;,&quot;created_timestamp&quot;:&quot;1727768916&quot;,&quot;copyright&quot;:&quot;Copyright Urs Kyburz (2019)&quot;,&quot;focal_length&quot;:&quot;24&quot;,&quot;iso&quot;:&quot;125&quot;,&quot;shutter_speed&quot;:&quot;0.0125&quot;,&quot;title&quot;:&quot;&quot;,&quot;orientation&quot;:&quot;0&quot;}\" data-image-title=\"\" data-image-description=\"\" data-medium-file=\"https:\/\/i0.wp.com\/idnu.ch\/wordpress\/wp-content\/uploads\/2024\/10\/camargue-20241001-91-Bearbeitet.jpg?fit=300%2C200&#038;ssl=1\" data-large-file=\"https:\/\/i0.wp.com\/idnu.ch\/wordpress\/wp-content\/uploads\/2024\/10\/camargue-20241001-91-Bearbeitet.jpg?fit=750%2C500&#038;ssl=1\" src=\"https:\/\/i0.wp.com\/idnu.ch\/wordpress\/wp-content\/uploads\/2024\/10\/camargue-20241001-91-Bearbeitet.jpg?w=246&#038;h=164&#038;ssl=1\" srcset=\"https:\/\/i0.wp.com\/idnu.ch\/wordpress\/wp-content\/uploads\/2024\/10\/camargue-20241001-91-Bearbeitet.jpg?w=1240&amp;ssl=1 1240w, https:\/\/i0.wp.com\/idnu.ch\/wordpress\/wp-content\/uploads\/2024\/10\/camargue-20241001-91-Bearbeitet.jpg?resize=300%2C200&amp;ssl=1 300w, https:\/\/i0.wp.com\/idnu.ch\/wordpress\/wp-content\/uploads\/2024\/10\/camargue-20241001-91-Bearbeitet.jpg?resize=1024%2C683&amp;ssl=1 1024w, https:\/\/i0.wp.com\/idnu.ch\/wordpress\/wp-content\/uploads\/2024\/10\/camargue-20241001-91-Bearbeitet.jpg?resize=768%2C512&amp;ssl=1 768w, https:\/\/i0.wp.com\/idnu.ch\/wordpress\/wp-content\/uploads\/2024\/10\/camargue-20241001-91-Bearbeitet.jpg?resize=150%2C100&amp;ssl=1 150w\" width=\"246\" height=\"164\" loading=\"lazy\" data-original-width=\"246\" data-original-height=\"164\" itemprop=\"http:\/\/schema.org\/image\" title=\"\" alt=\"\" style=\"width: 246px; height: 164px;\" \/> <\/a> <\/div> <\/div> <!-- close group --> <div class=\"gallery-group images-1\" style=\"width: 250px; height: 168px;\" data-original-width=\"250\" data-original-height=\"168\" > <div class=\"tiled-gallery-item tiled-gallery-item-small\" itemprop=\"associatedMedia\" itemscope itemtype=\"http:\/\/schema.org\/ImageObject\"> <a href=\"https:\/\/idnu.ch\/wordpress\/camargue-land-zwischen-himmel-und-wasser\/camargue-20241001-92-bearbeitet\/#main\" border=\"0\" itemprop=\"url\"> <meta itemprop=\"width\" content=\"246\"> <meta itemprop=\"height\" content=\"164\"> <img decoding=\"async\" class=\"\" data-attachment-id=\"26837\" data-orig-file=\"https:\/\/idnu.ch\/wordpress\/wp-content\/uploads\/2024\/10\/camargue-20241001-92-Bearbeitet.jpg\" data-orig-size=\"1240,827\" data-comments-opened=\"1\" data-image-meta=\"{&quot;aperture&quot;:&quot;13&quot;,&quot;credit&quot;:&quot;Urs Kyburz&quot;,&quot;camera&quot;:&quot;Canon EOS 5D Mark IV&quot;,&quot;caption&quot;:&quot;&quot;,&quot;created_timestamp&quot;:&quot;1727768985&quot;,&quot;copyright&quot;:&quot;Copyright Urs Kyburz (2019)&quot;,&quot;focal_length&quot;:&quot;24&quot;,&quot;iso&quot;:&quot;160&quot;,&quot;shutter_speed&quot;:&quot;0.004&quot;,&quot;title&quot;:&quot;&quot;,&quot;orientation&quot;:&quot;0&quot;}\" data-image-title=\"\" data-image-description=\"\" data-medium-file=\"https:\/\/i0.wp.com\/idnu.ch\/wordpress\/wp-content\/uploads\/2024\/10\/camargue-20241001-92-Bearbeitet.jpg?fit=300%2C200&#038;ssl=1\" data-large-file=\"https:\/\/i0.wp.com\/idnu.ch\/wordpress\/wp-content\/uploads\/2024\/10\/camargue-20241001-92-Bearbeitet.jpg?fit=750%2C500&#038;ssl=1\" src=\"https:\/\/i0.wp.com\/idnu.ch\/wordpress\/wp-content\/uploads\/2024\/10\/camargue-20241001-92-Bearbeitet.jpg?w=246&#038;h=164&#038;ssl=1\" srcset=\"https:\/\/i0.wp.com\/idnu.ch\/wordpress\/wp-content\/uploads\/2024\/10\/camargue-20241001-92-Bearbeitet.jpg?w=1240&amp;ssl=1 1240w, https:\/\/i0.wp.com\/idnu.ch\/wordpress\/wp-content\/uploads\/2024\/10\/camargue-20241001-92-Bearbeitet.jpg?resize=300%2C200&amp;ssl=1 300w, https:\/\/i0.wp.com\/idnu.ch\/wordpress\/wp-content\/uploads\/2024\/10\/camargue-20241001-92-Bearbeitet.jpg?resize=1024%2C683&amp;ssl=1 1024w, https:\/\/i0.wp.com\/idnu.ch\/wordpress\/wp-content\/uploads\/2024\/10\/camargue-20241001-92-Bearbeitet.jpg?resize=768%2C512&amp;ssl=1 768w, https:\/\/i0.wp.com\/idnu.ch\/wordpress\/wp-content\/uploads\/2024\/10\/camargue-20241001-92-Bearbeitet.jpg?resize=150%2C100&amp;ssl=1 150w\" width=\"246\" height=\"164\" loading=\"lazy\" data-original-width=\"246\" data-original-height=\"164\" itemprop=\"http:\/\/schema.org\/image\" title=\"\" alt=\"\" style=\"width: 246px; height: 164px;\" \/> <\/a> <\/div> <\/div> <!-- close group --> <\/div> <!-- close row --> <\/div>\n<p>Wir fuhren weiter, am Leuchtturm vorbei. Nach einer Abschrankung bogen wir rechts ab und fuhren auf eine Landzunge hinaus. Dabei beobachteten wir eine Raubseeschwalbe, die einen Fisch erbeutete, der ihr aber anschliessend von einer Mittelmeerm\u00f6we abgejagt wurde. Den ersten Teil konnte ich festhalten:<\/p>\n<p class=\"jetpack-slideshow-noscript robots-nocontent\">Diese Diashow ben\u00f6tigt JavaScript.<\/p><div id=\"gallery-26665-2-slideshow\" class=\"jetpack-slideshow-window jetpack-slideshow jetpack-slideshow-black\" data-trans=\"fade\" data-autostart=\"1\" data-gallery=\"[{&quot;src&quot;:&quot;https:\\\/\\\/i0.wp.com\\\/idnu.ch\\\/wordpress\\\/wp-content\\\/uploads\\\/2024\\\/10\\\/camargue-20241001-144-Bearbeitet.jpg?fit=1240%2C827\\u0026ssl=1&quot;,&quot;id&quot;:&quot;26838&quot;,&quot;title&quot;:&quot;Raubseeschwalbe&quot;,&quot;alt&quot;:&quot;&quot;,&quot;caption&quot;:&quot;Raubseeschwalbe&quot;,&quot;itemprop&quot;:&quot;image&quot;},{&quot;src&quot;:&quot;https:\\\/\\\/i0.wp.com\\\/idnu.ch\\\/wordpress\\\/wp-content\\\/uploads\\\/2024\\\/10\\\/camargue-20241001-145-Bearbeitet.jpg?fit=1240%2C827\\u0026ssl=1&quot;,&quot;id&quot;:&quot;26839&quot;,&quot;title&quot;:&quot;&quot;,&quot;alt&quot;:&quot;&quot;,&quot;caption&quot;:&quot;&quot;,&quot;itemprop&quot;:&quot;image&quot;},{&quot;src&quot;:&quot;https:\\\/\\\/i0.wp.com\\\/idnu.ch\\\/wordpress\\\/wp-content\\\/uploads\\\/2024\\\/10\\\/camargue-20241001-146-Bearbeitet.jpg?fit=1240%2C827\\u0026ssl=1&quot;,&quot;id&quot;:&quot;26840&quot;,&quot;title&quot;:&quot;&quot;,&quot;alt&quot;:&quot;&quot;,&quot;caption&quot;:&quot;&quot;,&quot;itemprop&quot;:&quot;image&quot;},{&quot;src&quot;:&quot;https:\\\/\\\/i0.wp.com\\\/idnu.ch\\\/wordpress\\\/wp-content\\\/uploads\\\/2024\\\/10\\\/camargue-20241001-147-Bearbeitet.jpg?fit=1240%2C827\\u0026ssl=1&quot;,&quot;id&quot;:&quot;26841&quot;,&quot;title&quot;:&quot;&quot;,&quot;alt&quot;:&quot;&quot;,&quot;caption&quot;:&quot;&quot;,&quot;itemprop&quot;:&quot;image&quot;},{&quot;src&quot;:&quot;https:\\\/\\\/i0.wp.com\\\/idnu.ch\\\/wordpress\\\/wp-content\\\/uploads\\\/2024\\\/10\\\/camargue-20241001-148-Bearbeitet.jpg?fit=1240%2C827\\u0026ssl=1&quot;,&quot;id&quot;:&quot;26842&quot;,&quot;title&quot;:&quot;&quot;,&quot;alt&quot;:&quot;&quot;,&quot;caption&quot;:&quot;&quot;,&quot;itemprop&quot;:&quot;image&quot;},{&quot;src&quot;:&quot;https:\\\/\\\/i0.wp.com\\\/idnu.ch\\\/wordpress\\\/wp-content\\\/uploads\\\/2024\\\/10\\\/camargue-20241001-149-Bearbeitet.jpg?fit=1240%2C827\\u0026ssl=1&quot;,&quot;id&quot;:&quot;26843&quot;,&quot;title&quot;:&quot;&quot;,&quot;alt&quot;:&quot;&quot;,&quot;caption&quot;:&quot;&quot;,&quot;itemprop&quot;:&quot;image&quot;},{&quot;src&quot;:&quot;https:\\\/\\\/i0.wp.com\\\/idnu.ch\\\/wordpress\\\/wp-content\\\/uploads\\\/2024\\\/10\\\/camargue-20241001-151-Bearbeitet.jpg?fit=1240%2C827\\u0026ssl=1&quot;,&quot;id&quot;:&quot;26844&quot;,&quot;title&quot;:&quot;&quot;,&quot;alt&quot;:&quot;&quot;,&quot;caption&quot;:&quot;&quot;,&quot;itemprop&quot;:&quot;image&quot;},{&quot;src&quot;:&quot;https:\\\/\\\/i0.wp.com\\\/idnu.ch\\\/wordpress\\\/wp-content\\\/uploads\\\/2024\\\/10\\\/camargue-20241001-158-Bearbeitet.jpg?fit=1240%2C827\\u0026ssl=1&quot;,&quot;id&quot;:&quot;26845&quot;,&quot;title&quot;:&quot;&quot;,&quot;alt&quot;:&quot;&quot;,&quot;caption&quot;:&quot;&quot;,&quot;itemprop&quot;:&quot;image&quot;}]\" itemscope itemtype=\"https:\/\/schema.org\/ImageGallery\"><\/div>\n<p>Auf der R\u00fcckfahrt legten wir beim Leuchtturm eine Pause ein, bevor wir endg\u00fcltig zur\u00fcck radelten. Kurz vor dem Ziel konnten wir nochmals eine Erstbeobachtung machen, drei Schwarzhalstaucher.<\/p>\n<div class=\"tiled-gallery type-rectangular tiled-gallery-unresized\" data-original-width=\"750\" data-carousel-extra='{&quot;blog_id&quot;:1,&quot;permalink&quot;:&quot;https:\\\/\\\/idnu.ch\\\/wordpress\\\/camargue-land-zwischen-himmel-und-wasser\\\/&quot;,&quot;likes_blog_id&quot;:100184974}' itemscope itemtype=\"http:\/\/schema.org\/ImageGallery\" > <div class=\"gallery-row\" style=\"width: 750px; height: 335px;\" data-original-width=\"750\" data-original-height=\"335\" > <div class=\"gallery-group images-1\" style=\"width: 501px; height: 335px;\" data-original-width=\"501\" data-original-height=\"335\" > <div class=\"tiled-gallery-item tiled-gallery-item-large\" itemprop=\"associatedMedia\" itemscope itemtype=\"http:\/\/schema.org\/ImageObject\"> <a href=\"https:\/\/idnu.ch\/wordpress\/camargue-land-zwischen-himmel-und-wasser\/camargue-20241001-173-bearbeitet\/#main\" border=\"0\" itemprop=\"url\"> <meta itemprop=\"width\" content=\"497\"> <meta itemprop=\"height\" content=\"331\"> <img decoding=\"async\" class=\"\" data-attachment-id=\"26847\" data-orig-file=\"https:\/\/idnu.ch\/wordpress\/wp-content\/uploads\/2024\/10\/camargue-20241001-173-Bearbeitet.jpg\" data-orig-size=\"1240,827\" data-comments-opened=\"1\" data-image-meta=\"{&quot;aperture&quot;:&quot;8&quot;,&quot;credit&quot;:&quot;Urs Kyburz&quot;,&quot;camera&quot;:&quot;Canon EOS R6m2&quot;,&quot;caption&quot;:&quot;&quot;,&quot;created_timestamp&quot;:&quot;1727773580&quot;,&quot;copyright&quot;:&quot;All rights reserved&quot;,&quot;focal_length&quot;:&quot;500&quot;,&quot;iso&quot;:&quot;500&quot;,&quot;shutter_speed&quot;:&quot;0.0005&quot;,&quot;title&quot;:&quot;&quot;,&quot;orientation&quot;:&quot;0&quot;}\" data-image-title=\"Der Phare de la Gacholle\" data-image-description=\"\" data-medium-file=\"https:\/\/i0.wp.com\/idnu.ch\/wordpress\/wp-content\/uploads\/2024\/10\/camargue-20241001-173-Bearbeitet.jpg?fit=300%2C200&#038;ssl=1\" data-large-file=\"https:\/\/i0.wp.com\/idnu.ch\/wordpress\/wp-content\/uploads\/2024\/10\/camargue-20241001-173-Bearbeitet.jpg?fit=750%2C500&#038;ssl=1\" src=\"https:\/\/i0.wp.com\/idnu.ch\/wordpress\/wp-content\/uploads\/2024\/10\/camargue-20241001-173-Bearbeitet.jpg?w=497&#038;h=331&#038;ssl=1\" srcset=\"https:\/\/i0.wp.com\/idnu.ch\/wordpress\/wp-content\/uploads\/2024\/10\/camargue-20241001-173-Bearbeitet.jpg?w=1240&amp;ssl=1 1240w, https:\/\/i0.wp.com\/idnu.ch\/wordpress\/wp-content\/uploads\/2024\/10\/camargue-20241001-173-Bearbeitet.jpg?resize=300%2C200&amp;ssl=1 300w, https:\/\/i0.wp.com\/idnu.ch\/wordpress\/wp-content\/uploads\/2024\/10\/camargue-20241001-173-Bearbeitet.jpg?resize=1024%2C683&amp;ssl=1 1024w, https:\/\/i0.wp.com\/idnu.ch\/wordpress\/wp-content\/uploads\/2024\/10\/camargue-20241001-173-Bearbeitet.jpg?resize=768%2C512&amp;ssl=1 768w, https:\/\/i0.wp.com\/idnu.ch\/wordpress\/wp-content\/uploads\/2024\/10\/camargue-20241001-173-Bearbeitet.jpg?resize=150%2C100&amp;ssl=1 150w\" width=\"497\" height=\"331\" loading=\"lazy\" data-original-width=\"497\" data-original-height=\"331\" itemprop=\"http:\/\/schema.org\/image\" title=\"Der Phare de la Gacholle\" alt=\"Der Phare de la Gacholle\" style=\"width: 497px; height: 331px;\" \/> <\/a> <div class=\"tiled-gallery-caption\" itemprop=\"caption description\"> Der Phare de la Gacholle <\/div> <\/div> <\/div> <!-- close group --> <div class=\"gallery-group images-2\" style=\"width: 249px; height: 335px;\" data-original-width=\"249\" data-original-height=\"335\" > <div class=\"tiled-gallery-item tiled-gallery-item-small\" itemprop=\"associatedMedia\" itemscope itemtype=\"http:\/\/schema.org\/ImageObject\"> <a href=\"https:\/\/idnu.ch\/wordpress\/camargue-land-zwischen-himmel-und-wasser\/camargue-20241001-177-bearbeitet\/#main\" border=\"0\" itemprop=\"url\"> <meta itemprop=\"width\" content=\"245\"> <meta itemprop=\"height\" content=\"164\"> <img decoding=\"async\" class=\"\" data-attachment-id=\"26848\" data-orig-file=\"https:\/\/idnu.ch\/wordpress\/wp-content\/uploads\/2024\/10\/camargue-20241001-177-Bearbeitet.jpg\" data-orig-size=\"1240,827\" data-comments-opened=\"1\" data-image-meta=\"{&quot;aperture&quot;:&quot;13&quot;,&quot;credit&quot;:&quot;Urs Kyburz&quot;,&quot;camera&quot;:&quot;Canon EOS 5D Mark IV&quot;,&quot;caption&quot;:&quot;&quot;,&quot;created_timestamp&quot;:&quot;1727774672&quot;,&quot;copyright&quot;:&quot;Copyright Urs Kyburz (2019)&quot;,&quot;focal_length&quot;:&quot;24&quot;,&quot;iso&quot;:&quot;250&quot;,&quot;shutter_speed&quot;:&quot;0.004&quot;,&quot;title&quot;:&quot;&quot;,&quot;orientation&quot;:&quot;0&quot;}\" data-image-title=\"\" data-image-description=\"\" data-medium-file=\"https:\/\/i0.wp.com\/idnu.ch\/wordpress\/wp-content\/uploads\/2024\/10\/camargue-20241001-177-Bearbeitet.jpg?fit=300%2C200&#038;ssl=1\" data-large-file=\"https:\/\/i0.wp.com\/idnu.ch\/wordpress\/wp-content\/uploads\/2024\/10\/camargue-20241001-177-Bearbeitet.jpg?fit=750%2C500&#038;ssl=1\" src=\"https:\/\/i0.wp.com\/idnu.ch\/wordpress\/wp-content\/uploads\/2024\/10\/camargue-20241001-177-Bearbeitet.jpg?w=245&#038;h=164&#038;ssl=1\" srcset=\"https:\/\/i0.wp.com\/idnu.ch\/wordpress\/wp-content\/uploads\/2024\/10\/camargue-20241001-177-Bearbeitet.jpg?w=1240&amp;ssl=1 1240w, https:\/\/i0.wp.com\/idnu.ch\/wordpress\/wp-content\/uploads\/2024\/10\/camargue-20241001-177-Bearbeitet.jpg?resize=300%2C200&amp;ssl=1 300w, https:\/\/i0.wp.com\/idnu.ch\/wordpress\/wp-content\/uploads\/2024\/10\/camargue-20241001-177-Bearbeitet.jpg?resize=1024%2C683&amp;ssl=1 1024w, https:\/\/i0.wp.com\/idnu.ch\/wordpress\/wp-content\/uploads\/2024\/10\/camargue-20241001-177-Bearbeitet.jpg?resize=768%2C512&amp;ssl=1 768w, https:\/\/i0.wp.com\/idnu.ch\/wordpress\/wp-content\/uploads\/2024\/10\/camargue-20241001-177-Bearbeitet.jpg?resize=150%2C100&amp;ssl=1 150w\" width=\"245\" height=\"164\" loading=\"lazy\" data-original-width=\"245\" data-original-height=\"164\" itemprop=\"http:\/\/schema.org\/image\" title=\"\" alt=\"\" style=\"width: 245px; height: 164px;\" \/> <\/a> <\/div> <div class=\"tiled-gallery-item tiled-gallery-item-small\" itemprop=\"associatedMedia\" itemscope itemtype=\"http:\/\/schema.org\/ImageObject\"> <a href=\"https:\/\/idnu.ch\/wordpress\/camargue-land-zwischen-himmel-und-wasser\/camargue-20241001-180-bearbeitet\/#main\" border=\"0\" itemprop=\"url\"> <meta itemprop=\"width\" content=\"245\"> <meta itemprop=\"height\" content=\"163\"> <img decoding=\"async\" class=\"\" data-attachment-id=\"26849\" data-orig-file=\"https:\/\/idnu.ch\/wordpress\/wp-content\/uploads\/2024\/10\/camargue-20241001-180-Bearbeitet.jpg\" data-orig-size=\"1240,827\" data-comments-opened=\"1\" data-image-meta=\"{&quot;aperture&quot;:&quot;7.1&quot;,&quot;credit&quot;:&quot;Urs Kyburz&quot;,&quot;camera&quot;:&quot;Canon EOS R6m2&quot;,&quot;caption&quot;:&quot;&quot;,&quot;created_timestamp&quot;:&quot;1727776099&quot;,&quot;copyright&quot;:&quot;All rights reserved&quot;,&quot;focal_length&quot;:&quot;500&quot;,&quot;iso&quot;:&quot;1600&quot;,&quot;shutter_speed&quot;:&quot;0.0005&quot;,&quot;title&quot;:&quot;&quot;,&quot;orientation&quot;:&quot;0&quot;}\" data-image-title=\"Samtkopfgrasm\u00fccke\" data-image-description=\"\" data-medium-file=\"https:\/\/i0.wp.com\/idnu.ch\/wordpress\/wp-content\/uploads\/2024\/10\/camargue-20241001-180-Bearbeitet.jpg?fit=300%2C200&#038;ssl=1\" data-large-file=\"https:\/\/i0.wp.com\/idnu.ch\/wordpress\/wp-content\/uploads\/2024\/10\/camargue-20241001-180-Bearbeitet.jpg?fit=750%2C500&#038;ssl=1\" src=\"https:\/\/i0.wp.com\/idnu.ch\/wordpress\/wp-content\/uploads\/2024\/10\/camargue-20241001-180-Bearbeitet.jpg?w=245&#038;h=163&#038;ssl=1\" srcset=\"https:\/\/i0.wp.com\/idnu.ch\/wordpress\/wp-content\/uploads\/2024\/10\/camargue-20241001-180-Bearbeitet.jpg?w=1240&amp;ssl=1 1240w, https:\/\/i0.wp.com\/idnu.ch\/wordpress\/wp-content\/uploads\/2024\/10\/camargue-20241001-180-Bearbeitet.jpg?resize=300%2C200&amp;ssl=1 300w, https:\/\/i0.wp.com\/idnu.ch\/wordpress\/wp-content\/uploads\/2024\/10\/camargue-20241001-180-Bearbeitet.jpg?resize=1024%2C683&amp;ssl=1 1024w, https:\/\/i0.wp.com\/idnu.ch\/wordpress\/wp-content\/uploads\/2024\/10\/camargue-20241001-180-Bearbeitet.jpg?resize=768%2C512&amp;ssl=1 768w, https:\/\/i0.wp.com\/idnu.ch\/wordpress\/wp-content\/uploads\/2024\/10\/camargue-20241001-180-Bearbeitet.jpg?resize=150%2C100&amp;ssl=1 150w\" width=\"245\" height=\"163\" loading=\"lazy\" data-original-width=\"245\" data-original-height=\"163\" itemprop=\"http:\/\/schema.org\/image\" title=\"Samtkopfgrasm\u00fccke\" alt=\"Samtkopfgrasm\u00fccke\" style=\"width: 245px; height: 163px;\" \/> <\/a> <div class=\"tiled-gallery-caption\" itemprop=\"caption description\"> Samtkopfgrasm\u00fccke <\/div> <\/div> <\/div> <!-- close group --> <\/div> <!-- close row --> <div class=\"gallery-row\" style=\"width: 750px; height: 502px;\" data-original-width=\"750\" data-original-height=\"502\" > <div class=\"gallery-group images-1\" style=\"width: 750px; height: 502px;\" data-original-width=\"750\" data-original-height=\"502\" > <div class=\"tiled-gallery-item tiled-gallery-item-large\" itemprop=\"associatedMedia\" itemscope itemtype=\"http:\/\/schema.org\/ImageObject\"> <a href=\"https:\/\/idnu.ch\/wordpress\/camargue-land-zwischen-himmel-und-wasser\/camargue-20241001-202-bearbeitet\/#main\" border=\"0\" itemprop=\"url\"> <meta itemprop=\"width\" content=\"746\"> <meta itemprop=\"height\" content=\"498\"> <img decoding=\"async\" class=\"\" data-attachment-id=\"26850\" data-orig-file=\"https:\/\/idnu.ch\/wordpress\/wp-content\/uploads\/2024\/10\/camargue-20241001-202-Bearbeitet.jpg\" data-orig-size=\"1240,827\" data-comments-opened=\"1\" data-image-meta=\"{&quot;aperture&quot;:&quot;8&quot;,&quot;credit&quot;:&quot;Urs Kyburz&quot;,&quot;camera&quot;:&quot;Canon EOS R6m2&quot;,&quot;caption&quot;:&quot;&quot;,&quot;created_timestamp&quot;:&quot;1727779798&quot;,&quot;copyright&quot;:&quot;All rights reserved&quot;,&quot;focal_length&quot;:&quot;500&quot;,&quot;iso&quot;:&quot;400&quot;,&quot;shutter_speed&quot;:&quot;0.00125&quot;,&quot;title&quot;:&quot;&quot;,&quot;orientation&quot;:&quot;0&quot;}\" data-image-title=\"Schwarzhalstaucher\" data-image-description=\"\" data-medium-file=\"https:\/\/i0.wp.com\/idnu.ch\/wordpress\/wp-content\/uploads\/2024\/10\/camargue-20241001-202-Bearbeitet.jpg?fit=300%2C200&#038;ssl=1\" data-large-file=\"https:\/\/i0.wp.com\/idnu.ch\/wordpress\/wp-content\/uploads\/2024\/10\/camargue-20241001-202-Bearbeitet.jpg?fit=750%2C500&#038;ssl=1\" src=\"https:\/\/i0.wp.com\/idnu.ch\/wordpress\/wp-content\/uploads\/2024\/10\/camargue-20241001-202-Bearbeitet.jpg?w=746&#038;h=498&#038;ssl=1\" srcset=\"https:\/\/i0.wp.com\/idnu.ch\/wordpress\/wp-content\/uploads\/2024\/10\/camargue-20241001-202-Bearbeitet.jpg?w=1240&amp;ssl=1 1240w, https:\/\/i0.wp.com\/idnu.ch\/wordpress\/wp-content\/uploads\/2024\/10\/camargue-20241001-202-Bearbeitet.jpg?resize=300%2C200&amp;ssl=1 300w, https:\/\/i0.wp.com\/idnu.ch\/wordpress\/wp-content\/uploads\/2024\/10\/camargue-20241001-202-Bearbeitet.jpg?resize=1024%2C683&amp;ssl=1 1024w, https:\/\/i0.wp.com\/idnu.ch\/wordpress\/wp-content\/uploads\/2024\/10\/camargue-20241001-202-Bearbeitet.jpg?resize=768%2C512&amp;ssl=1 768w, https:\/\/i0.wp.com\/idnu.ch\/wordpress\/wp-content\/uploads\/2024\/10\/camargue-20241001-202-Bearbeitet.jpg?resize=150%2C100&amp;ssl=1 150w\" width=\"746\" height=\"498\" loading=\"lazy\" data-original-width=\"746\" data-original-height=\"498\" itemprop=\"http:\/\/schema.org\/image\" title=\"Schwarzhalstaucher\" alt=\"Schwarzhalstaucher im Schlichtkleid\" style=\"width: 746px; height: 498px;\" \/> <\/a> <div class=\"tiled-gallery-caption\" itemprop=\"caption description\"> Schwarzhalstaucher im Schlichtkleid <\/div> <\/div> <\/div> <!-- close group --> <\/div> <!-- close row --> <\/div>\n<p><a href=\"https:\/\/birdingplaces.eu\/de\/birdingplaces\/france\/camargue-digue-a-la-mer\" target=\"_blank\" rel=\"noopener\">Digue \u00e0 la Mer<\/a> auf birdingplaces.eu<\/p>\n<div class=\"strava-embed-placeholder\" data-embed-type=\"activity\" data-embed-id=\"12548869570\" data-style=\"standard\"><script src=\"https:\/\/strava-embeds.com\/embed.js\"><\/script><\/div>\n<h2 class=\"tw-mb-0\"><span class=\"tw-mr-1 tw-font-bold\">Crin Blanc Runde<\/span><\/h2>\n<p>Wir unternahmen auch eine Wanderung mit leichtem Gep\u00e4ck, vermeintlich. Ich hatte lediglich die Kameras vertauscht, die mit dem grossen Objektiv war im Rucksack. Es war eine Runde von 13 Kilometern, aber sehr viel der Strasse entlang. Ich hatte die Tour auf Komoot gefunden, halte sie aber nicht f\u00fcr lohnenswert, wir h\u00e4tten sicher einen anderen Weg gesucht. Und trotzdem hatten wir auch hier wieder ein besonderes Erlebnis, wir fanden ein sehr seltenes Purpurhuhn.<\/p>\n<div class=\"tiled-gallery type-rectangular tiled-gallery-unresized\" data-original-width=\"750\" data-carousel-extra='{&quot;blog_id&quot;:1,&quot;permalink&quot;:&quot;https:\\\/\\\/idnu.ch\\\/wordpress\\\/camargue-land-zwischen-himmel-und-wasser\\\/&quot;,&quot;likes_blog_id&quot;:100184974}' itemscope itemtype=\"http:\/\/schema.org\/ImageGallery\" > <div class=\"gallery-row\" style=\"width: 750px; height: 643px;\" data-original-width=\"750\" data-original-height=\"643\" > <div class=\"gallery-group images-1\" style=\"width: 430px; height: 643px;\" data-original-width=\"430\" data-original-height=\"643\" > <div class=\"tiled-gallery-item tiled-gallery-item-large\" itemprop=\"associatedMedia\" itemscope itemtype=\"http:\/\/schema.org\/ImageObject\"> <a href=\"https:\/\/idnu.ch\/wordpress\/camargue-land-zwischen-himmel-und-wasser\/camargue-20240926-3-bearbeitet\/#main\" border=\"0\" itemprop=\"url\"> <meta itemprop=\"width\" content=\"426\"> <meta itemprop=\"height\" content=\"639\"> <img decoding=\"async\" class=\"\" data-attachment-id=\"26851\" data-orig-file=\"https:\/\/idnu.ch\/wordpress\/wp-content\/uploads\/2024\/10\/camargue-20240926-3-Bearbeitet.jpg\" data-orig-size=\"827,1240\" data-comments-opened=\"1\" data-image-meta=\"{&quot;aperture&quot;:&quot;9&quot;,&quot;credit&quot;:&quot;Urs Kyburz&quot;,&quot;camera&quot;:&quot;Canon EOS 5D Mark IV&quot;,&quot;caption&quot;:&quot;&quot;,&quot;created_timestamp&quot;:&quot;1727332093&quot;,&quot;copyright&quot;:&quot;Copyright Urs Kyburz (2019)&quot;,&quot;focal_length&quot;:&quot;105&quot;,&quot;iso&quot;:&quot;800&quot;,&quot;shutter_speed&quot;:&quot;0.005&quot;,&quot;title&quot;:&quot;&quot;,&quot;orientation&quot;:&quot;0&quot;}\" data-image-title=\"Auf der Promenade\" data-image-description=\"\" data-medium-file=\"https:\/\/i0.wp.com\/idnu.ch\/wordpress\/wp-content\/uploads\/2024\/10\/camargue-20240926-3-Bearbeitet.jpg?fit=200%2C300&#038;ssl=1\" data-large-file=\"https:\/\/i0.wp.com\/idnu.ch\/wordpress\/wp-content\/uploads\/2024\/10\/camargue-20240926-3-Bearbeitet.jpg?fit=683%2C1024&#038;ssl=1\" src=\"https:\/\/i0.wp.com\/idnu.ch\/wordpress\/wp-content\/uploads\/2024\/10\/camargue-20240926-3-Bearbeitet.jpg?w=426&#038;h=639&#038;ssl=1\" srcset=\"https:\/\/i0.wp.com\/idnu.ch\/wordpress\/wp-content\/uploads\/2024\/10\/camargue-20240926-3-Bearbeitet.jpg?w=827&amp;ssl=1 827w, https:\/\/i0.wp.com\/idnu.ch\/wordpress\/wp-content\/uploads\/2024\/10\/camargue-20240926-3-Bearbeitet.jpg?resize=200%2C300&amp;ssl=1 200w, https:\/\/i0.wp.com\/idnu.ch\/wordpress\/wp-content\/uploads\/2024\/10\/camargue-20240926-3-Bearbeitet.jpg?resize=683%2C1024&amp;ssl=1 683w, https:\/\/i0.wp.com\/idnu.ch\/wordpress\/wp-content\/uploads\/2024\/10\/camargue-20240926-3-Bearbeitet.jpg?resize=768%2C1152&amp;ssl=1 768w, https:\/\/i0.wp.com\/idnu.ch\/wordpress\/wp-content\/uploads\/2024\/10\/camargue-20240926-3-Bearbeitet.jpg?resize=67%2C100&amp;ssl=1 67w\" width=\"426\" height=\"639\" loading=\"lazy\" data-original-width=\"426\" data-original-height=\"639\" itemprop=\"http:\/\/schema.org\/image\" title=\"Auf der Promenade\" alt=\"Auf der Promenade\" style=\"width: 426px; height: 639px;\" \/> <\/a> <div class=\"tiled-gallery-caption\" itemprop=\"caption description\"> Auf der Promenade <\/div> <\/div> <\/div> <!-- close group --> <div class=\"gallery-group images-3\" style=\"width: 320px; height: 643px;\" data-original-width=\"320\" data-original-height=\"643\" > <div class=\"tiled-gallery-item tiled-gallery-item-large\" itemprop=\"associatedMedia\" itemscope itemtype=\"http:\/\/schema.org\/ImageObject\"> <a href=\"https:\/\/idnu.ch\/wordpress\/camargue-land-zwischen-himmel-und-wasser\/camargue-20240926-5-bearbeitet\/#main\" border=\"0\" itemprop=\"url\"> <meta itemprop=\"width\" content=\"316\"> <meta itemprop=\"height\" content=\"211\"> <img decoding=\"async\" class=\"\" data-attachment-id=\"26852\" data-orig-file=\"https:\/\/idnu.ch\/wordpress\/wp-content\/uploads\/2024\/10\/camargue-20240926-5-Bearbeitet.jpg\" data-orig-size=\"1240,827\" data-comments-opened=\"1\" data-image-meta=\"{&quot;aperture&quot;:&quot;9&quot;,&quot;credit&quot;:&quot;Urs Kyburz&quot;,&quot;camera&quot;:&quot;Canon EOS 5D Mark IV&quot;,&quot;caption&quot;:&quot;&quot;,&quot;created_timestamp&quot;:&quot;1727335130&quot;,&quot;copyright&quot;:&quot;Copyright Urs Kyburz (2019)&quot;,&quot;focal_length&quot;:&quot;40&quot;,&quot;iso&quot;:&quot;1600&quot;,&quot;shutter_speed&quot;:&quot;0.004&quot;,&quot;title&quot;:&quot;&quot;,&quot;orientation&quot;:&quot;0&quot;}\" data-image-title=\"Ein typisches Haus der Guardian\" data-image-description=\"\" data-medium-file=\"https:\/\/i0.wp.com\/idnu.ch\/wordpress\/wp-content\/uploads\/2024\/10\/camargue-20240926-5-Bearbeitet.jpg?fit=300%2C200&#038;ssl=1\" data-large-file=\"https:\/\/i0.wp.com\/idnu.ch\/wordpress\/wp-content\/uploads\/2024\/10\/camargue-20240926-5-Bearbeitet.jpg?fit=750%2C500&#038;ssl=1\" src=\"https:\/\/i0.wp.com\/idnu.ch\/wordpress\/wp-content\/uploads\/2024\/10\/camargue-20240926-5-Bearbeitet.jpg?w=316&#038;h=211&#038;ssl=1\" srcset=\"https:\/\/i0.wp.com\/idnu.ch\/wordpress\/wp-content\/uploads\/2024\/10\/camargue-20240926-5-Bearbeitet.jpg?w=1240&amp;ssl=1 1240w, https:\/\/i0.wp.com\/idnu.ch\/wordpress\/wp-content\/uploads\/2024\/10\/camargue-20240926-5-Bearbeitet.jpg?resize=300%2C200&amp;ssl=1 300w, https:\/\/i0.wp.com\/idnu.ch\/wordpress\/wp-content\/uploads\/2024\/10\/camargue-20240926-5-Bearbeitet.jpg?resize=1024%2C683&amp;ssl=1 1024w, https:\/\/i0.wp.com\/idnu.ch\/wordpress\/wp-content\/uploads\/2024\/10\/camargue-20240926-5-Bearbeitet.jpg?resize=768%2C512&amp;ssl=1 768w, https:\/\/i0.wp.com\/idnu.ch\/wordpress\/wp-content\/uploads\/2024\/10\/camargue-20240926-5-Bearbeitet.jpg?resize=150%2C100&amp;ssl=1 150w\" width=\"316\" height=\"211\" loading=\"lazy\" data-original-width=\"316\" data-original-height=\"211\" itemprop=\"http:\/\/schema.org\/image\" title=\"Ein typisches Haus der Guardian\" alt=\"Ein typisches Haus der Guardian\" style=\"width: 316px; height: 211px;\" \/> <\/a> <div class=\"tiled-gallery-caption\" itemprop=\"caption description\"> Ein typisches Haus der Guardian <\/div> <\/div> <div class=\"tiled-gallery-item tiled-gallery-item-large\" itemprop=\"associatedMedia\" itemscope itemtype=\"http:\/\/schema.org\/ImageObject\"> <a href=\"https:\/\/idnu.ch\/wordpress\/camargue-land-zwischen-himmel-und-wasser\/camargue-20240926-6-bearbeitet\/#main\" border=\"0\" itemprop=\"url\"> <meta itemprop=\"width\" content=\"316\"> <meta itemprop=\"height\" content=\"210\"> <img decoding=\"async\" class=\"\" data-attachment-id=\"26853\" data-orig-file=\"https:\/\/idnu.ch\/wordpress\/wp-content\/uploads\/2024\/10\/camargue-20240926-6-Bearbeitet.jpg\" data-orig-size=\"1240,827\" data-comments-opened=\"1\" data-image-meta=\"{&quot;aperture&quot;:&quot;9&quot;,&quot;credit&quot;:&quot;Urs Kyburz&quot;,&quot;camera&quot;:&quot;Canon EOS 5D Mark IV&quot;,&quot;caption&quot;:&quot;&quot;,&quot;created_timestamp&quot;:&quot;1727335694&quot;,&quot;copyright&quot;:&quot;Copyright Urs Kyburz (2019)&quot;,&quot;focal_length&quot;:&quot;35&quot;,&quot;iso&quot;:&quot;400&quot;,&quot;shutter_speed&quot;:&quot;0.01&quot;,&quot;title&quot;:&quot;&quot;,&quot;orientation&quot;:&quot;0&quot;}\" data-image-title=\"Das Croix de Camargue\" data-image-description=\"\" data-medium-file=\"https:\/\/i0.wp.com\/idnu.ch\/wordpress\/wp-content\/uploads\/2024\/10\/camargue-20240926-6-Bearbeitet.jpg?fit=300%2C200&#038;ssl=1\" data-large-file=\"https:\/\/i0.wp.com\/idnu.ch\/wordpress\/wp-content\/uploads\/2024\/10\/camargue-20240926-6-Bearbeitet.jpg?fit=750%2C500&#038;ssl=1\" src=\"https:\/\/i0.wp.com\/idnu.ch\/wordpress\/wp-content\/uploads\/2024\/10\/camargue-20240926-6-Bearbeitet.jpg?w=316&#038;h=210&#038;ssl=1\" srcset=\"https:\/\/i0.wp.com\/idnu.ch\/wordpress\/wp-content\/uploads\/2024\/10\/camargue-20240926-6-Bearbeitet.jpg?w=1240&amp;ssl=1 1240w, https:\/\/i0.wp.com\/idnu.ch\/wordpress\/wp-content\/uploads\/2024\/10\/camargue-20240926-6-Bearbeitet.jpg?resize=300%2C200&amp;ssl=1 300w, https:\/\/i0.wp.com\/idnu.ch\/wordpress\/wp-content\/uploads\/2024\/10\/camargue-20240926-6-Bearbeitet.jpg?resize=1024%2C683&amp;ssl=1 1024w, https:\/\/i0.wp.com\/idnu.ch\/wordpress\/wp-content\/uploads\/2024\/10\/camargue-20240926-6-Bearbeitet.jpg?resize=768%2C512&amp;ssl=1 768w, https:\/\/i0.wp.com\/idnu.ch\/wordpress\/wp-content\/uploads\/2024\/10\/camargue-20240926-6-Bearbeitet.jpg?resize=150%2C100&amp;ssl=1 150w\" width=\"316\" height=\"210\" loading=\"lazy\" data-original-width=\"316\" data-original-height=\"210\" itemprop=\"http:\/\/schema.org\/image\" title=\"Das Croix de Camargue\" alt=\"Das Croix de Camargue\" style=\"width: 316px; height: 210px;\" \/> <\/a> <div class=\"tiled-gallery-caption\" itemprop=\"caption description\"> Das Croix de Camargue <\/div> <\/div> <div class=\"tiled-gallery-item tiled-gallery-item-large\" itemprop=\"associatedMedia\" itemscope itemtype=\"http:\/\/schema.org\/ImageObject\"> <a href=\"https:\/\/idnu.ch\/wordpress\/camargue-land-zwischen-himmel-und-wasser\/camargue-20240926-11-bearbeitet\/#main\" border=\"0\" itemprop=\"url\"> <meta itemprop=\"width\" content=\"316\"> <meta itemprop=\"height\" content=\"210\"> <img decoding=\"async\" class=\"\" data-attachment-id=\"26854\" data-orig-file=\"https:\/\/idnu.ch\/wordpress\/wp-content\/uploads\/2024\/10\/camargue-20240926-11-Bearbeitet.jpg\" data-orig-size=\"1240,827\" data-comments-opened=\"1\" data-image-meta=\"{&quot;aperture&quot;:&quot;10&quot;,&quot;credit&quot;:&quot;Urs Kyburz&quot;,&quot;camera&quot;:&quot;Canon EOS 5D Mark IV&quot;,&quot;caption&quot;:&quot;&quot;,&quot;created_timestamp&quot;:&quot;1727338669&quot;,&quot;copyright&quot;:&quot;Copyright Urs Kyburz (2019)&quot;,&quot;focal_length&quot;:&quot;58&quot;,&quot;iso&quot;:&quot;250&quot;,&quot;shutter_speed&quot;:&quot;0.01&quot;,&quot;title&quot;:&quot;&quot;,&quot;orientation&quot;:&quot;0&quot;}\" data-image-title=\"Leider ging die Wanderung viel der Strasse entlang\" data-image-description=\"\" data-medium-file=\"https:\/\/i0.wp.com\/idnu.ch\/wordpress\/wp-content\/uploads\/2024\/10\/camargue-20240926-11-Bearbeitet.jpg?fit=300%2C200&#038;ssl=1\" data-large-file=\"https:\/\/i0.wp.com\/idnu.ch\/wordpress\/wp-content\/uploads\/2024\/10\/camargue-20240926-11-Bearbeitet.jpg?fit=750%2C500&#038;ssl=1\" src=\"https:\/\/i0.wp.com\/idnu.ch\/wordpress\/wp-content\/uploads\/2024\/10\/camargue-20240926-11-Bearbeitet.jpg?w=316&#038;h=210&#038;ssl=1\" srcset=\"https:\/\/i0.wp.com\/idnu.ch\/wordpress\/wp-content\/uploads\/2024\/10\/camargue-20240926-11-Bearbeitet.jpg?w=1240&amp;ssl=1 1240w, https:\/\/i0.wp.com\/idnu.ch\/wordpress\/wp-content\/uploads\/2024\/10\/camargue-20240926-11-Bearbeitet.jpg?resize=300%2C200&amp;ssl=1 300w, https:\/\/i0.wp.com\/idnu.ch\/wordpress\/wp-content\/uploads\/2024\/10\/camargue-20240926-11-Bearbeitet.jpg?resize=1024%2C683&amp;ssl=1 1024w, https:\/\/i0.wp.com\/idnu.ch\/wordpress\/wp-content\/uploads\/2024\/10\/camargue-20240926-11-Bearbeitet.jpg?resize=768%2C512&amp;ssl=1 768w, https:\/\/i0.wp.com\/idnu.ch\/wordpress\/wp-content\/uploads\/2024\/10\/camargue-20240926-11-Bearbeitet.jpg?resize=150%2C100&amp;ssl=1 150w\" width=\"316\" height=\"210\" loading=\"lazy\" data-original-width=\"316\" data-original-height=\"210\" itemprop=\"http:\/\/schema.org\/image\" title=\"Leider ging die Wanderung viel der Strasse entlang\" alt=\"Leider ging die Wanderung viel der Strasse entlang\" style=\"width: 316px; height: 210px;\" \/> <\/a> <div class=\"tiled-gallery-caption\" itemprop=\"caption description\"> Leider ging die Wanderung viel der Strasse entlang <\/div> <\/div> <\/div> <!-- close group --> <\/div> <!-- close row --> <div class=\"gallery-row\" style=\"width: 750px; height: 530px;\" data-original-width=\"750\" data-original-height=\"530\" > <div class=\"gallery-group images-2\" style=\"width: 395px; height: 530px;\" data-original-width=\"395\" data-original-height=\"530\" > <div class=\"tiled-gallery-item tiled-gallery-item-large\" itemprop=\"associatedMedia\" itemscope itemtype=\"http:\/\/schema.org\/ImageObject\"> <a href=\"https:\/\/idnu.ch\/wordpress\/camargue-land-zwischen-himmel-und-wasser\/camargue-20240926-15-bearbeitet\/#main\" border=\"0\" itemprop=\"url\"> <meta itemprop=\"width\" content=\"391\"> <meta itemprop=\"height\" content=\"261\"> <img decoding=\"async\" class=\"\" data-attachment-id=\"26855\" data-orig-file=\"https:\/\/idnu.ch\/wordpress\/wp-content\/uploads\/2024\/10\/camargue-20240926-15-Bearbeitet.jpg\" data-orig-size=\"1240,827\" data-comments-opened=\"1\" data-image-meta=\"{&quot;aperture&quot;:&quot;8&quot;,&quot;credit&quot;:&quot;Urs Kyburz&quot;,&quot;camera&quot;:&quot;Canon EOS R6m2&quot;,&quot;caption&quot;:&quot;&quot;,&quot;created_timestamp&quot;:&quot;1727340110&quot;,&quot;copyright&quot;:&quot;All rights reserved&quot;,&quot;focal_length&quot;:&quot;500&quot;,&quot;iso&quot;:&quot;500&quot;,&quot;shutter_speed&quot;:&quot;0.00125&quot;,&quot;title&quot;:&quot;&quot;,&quot;orientation&quot;:&quot;0&quot;}\" data-image-title=\"Kuhreiher\" data-image-description=\"\" data-medium-file=\"https:\/\/i0.wp.com\/idnu.ch\/wordpress\/wp-content\/uploads\/2024\/10\/camargue-20240926-15-Bearbeitet.jpg?fit=300%2C200&#038;ssl=1\" data-large-file=\"https:\/\/i0.wp.com\/idnu.ch\/wordpress\/wp-content\/uploads\/2024\/10\/camargue-20240926-15-Bearbeitet.jpg?fit=750%2C500&#038;ssl=1\" src=\"https:\/\/i0.wp.com\/idnu.ch\/wordpress\/wp-content\/uploads\/2024\/10\/camargue-20240926-15-Bearbeitet.jpg?w=391&#038;h=261&#038;ssl=1\" srcset=\"https:\/\/i0.wp.com\/idnu.ch\/wordpress\/wp-content\/uploads\/2024\/10\/camargue-20240926-15-Bearbeitet.jpg?w=1240&amp;ssl=1 1240w, https:\/\/i0.wp.com\/idnu.ch\/wordpress\/wp-content\/uploads\/2024\/10\/camargue-20240926-15-Bearbeitet.jpg?resize=300%2C200&amp;ssl=1 300w, https:\/\/i0.wp.com\/idnu.ch\/wordpress\/wp-content\/uploads\/2024\/10\/camargue-20240926-15-Bearbeitet.jpg?resize=1024%2C683&amp;ssl=1 1024w, https:\/\/i0.wp.com\/idnu.ch\/wordpress\/wp-content\/uploads\/2024\/10\/camargue-20240926-15-Bearbeitet.jpg?resize=768%2C512&amp;ssl=1 768w, https:\/\/i0.wp.com\/idnu.ch\/wordpress\/wp-content\/uploads\/2024\/10\/camargue-20240926-15-Bearbeitet.jpg?resize=150%2C100&amp;ssl=1 150w\" width=\"391\" height=\"261\" loading=\"lazy\" data-original-width=\"391\" data-original-height=\"261\" itemprop=\"http:\/\/schema.org\/image\" title=\"Kuhreiher\" alt=\"Kuhreiher\" style=\"width: 391px; height: 261px;\" \/> <\/a> <div class=\"tiled-gallery-caption\" itemprop=\"caption description\"> Kuhreiher <\/div> <\/div> <div class=\"tiled-gallery-item tiled-gallery-item-large\" itemprop=\"associatedMedia\" itemscope itemtype=\"http:\/\/schema.org\/ImageObject\"> <a href=\"https:\/\/idnu.ch\/wordpress\/camargue-land-zwischen-himmel-und-wasser\/camargue-20240926-22-bearbeitet\/#main\" border=\"0\" itemprop=\"url\"> <meta itemprop=\"width\" content=\"391\"> <meta itemprop=\"height\" content=\"261\"> <img decoding=\"async\" class=\"\" data-attachment-id=\"26856\" data-orig-file=\"https:\/\/idnu.ch\/wordpress\/wp-content\/uploads\/2024\/10\/camargue-20240926-22-Bearbeitet.jpg\" data-orig-size=\"1240,827\" data-comments-opened=\"1\" data-image-meta=\"{&quot;aperture&quot;:&quot;7.1&quot;,&quot;credit&quot;:&quot;Urs Kyburz&quot;,&quot;camera&quot;:&quot;Canon EOS R6m2&quot;,&quot;caption&quot;:&quot;&quot;,&quot;created_timestamp&quot;:&quot;1727342735&quot;,&quot;copyright&quot;:&quot;All rights reserved&quot;,&quot;focal_length&quot;:&quot;500&quot;,&quot;iso&quot;:&quot;250&quot;,&quot;shutter_speed&quot;:&quot;0.00125&quot;,&quot;title&quot;:&quot;&quot;,&quot;orientation&quot;:&quot;0&quot;}\" data-image-title=\"Ein Highlight der Ferien: Das Purpurhuhn\" data-image-description=\"\" data-medium-file=\"https:\/\/i0.wp.com\/idnu.ch\/wordpress\/wp-content\/uploads\/2024\/10\/camargue-20240926-22-Bearbeitet.jpg?fit=300%2C200&#038;ssl=1\" data-large-file=\"https:\/\/i0.wp.com\/idnu.ch\/wordpress\/wp-content\/uploads\/2024\/10\/camargue-20240926-22-Bearbeitet.jpg?fit=750%2C500&#038;ssl=1\" src=\"https:\/\/i0.wp.com\/idnu.ch\/wordpress\/wp-content\/uploads\/2024\/10\/camargue-20240926-22-Bearbeitet.jpg?w=391&#038;h=261&#038;ssl=1\" srcset=\"https:\/\/i0.wp.com\/idnu.ch\/wordpress\/wp-content\/uploads\/2024\/10\/camargue-20240926-22-Bearbeitet.jpg?w=1240&amp;ssl=1 1240w, https:\/\/i0.wp.com\/idnu.ch\/wordpress\/wp-content\/uploads\/2024\/10\/camargue-20240926-22-Bearbeitet.jpg?resize=300%2C200&amp;ssl=1 300w, https:\/\/i0.wp.com\/idnu.ch\/wordpress\/wp-content\/uploads\/2024\/10\/camargue-20240926-22-Bearbeitet.jpg?resize=1024%2C683&amp;ssl=1 1024w, https:\/\/i0.wp.com\/idnu.ch\/wordpress\/wp-content\/uploads\/2024\/10\/camargue-20240926-22-Bearbeitet.jpg?resize=768%2C512&amp;ssl=1 768w, https:\/\/i0.wp.com\/idnu.ch\/wordpress\/wp-content\/uploads\/2024\/10\/camargue-20240926-22-Bearbeitet.jpg?resize=150%2C100&amp;ssl=1 150w\" width=\"391\" height=\"261\" loading=\"lazy\" data-original-width=\"391\" data-original-height=\"261\" itemprop=\"http:\/\/schema.org\/image\" title=\"Ein Highlight der Ferien: Das Purpurhuhn\" alt=\"Ein Highlight der Ferien: Das Purpurhuhn\" style=\"width: 391px; height: 261px;\" \/> <\/a> <div class=\"tiled-gallery-caption\" itemprop=\"caption description\"> Ein Highlight der Ferien: Das Purpurhuhn <\/div> <\/div> <\/div> <!-- close group --> <div class=\"gallery-group images-1\" style=\"width: 355px; height: 530px;\" data-original-width=\"355\" data-original-height=\"530\" > <div class=\"tiled-gallery-item tiled-gallery-item-large\" itemprop=\"associatedMedia\" itemscope itemtype=\"http:\/\/schema.org\/ImageObject\"> <a href=\"https:\/\/idnu.ch\/wordpress\/camargue-land-zwischen-himmel-und-wasser\/camargue-20240926-26-bearbeitet\/#main\" border=\"0\" itemprop=\"url\"> <meta itemprop=\"width\" content=\"351\"> <meta itemprop=\"height\" content=\"526\"> <img decoding=\"async\" class=\"\" data-attachment-id=\"26857\" data-orig-file=\"https:\/\/idnu.ch\/wordpress\/wp-content\/uploads\/2024\/10\/camargue-20240926-26-Bearbeitet.jpg\" data-orig-size=\"827,1240\" data-comments-opened=\"1\" data-image-meta=\"{&quot;aperture&quot;:&quot;7.1&quot;,&quot;credit&quot;:&quot;Urs Kyburz&quot;,&quot;camera&quot;:&quot;Canon EOS R6m2&quot;,&quot;caption&quot;:&quot;&quot;,&quot;created_timestamp&quot;:&quot;1727342736&quot;,&quot;copyright&quot;:&quot;All rights reserved&quot;,&quot;focal_length&quot;:&quot;500&quot;,&quot;iso&quot;:&quot;250&quot;,&quot;shutter_speed&quot;:&quot;0.00125&quot;,&quot;title&quot;:&quot;&quot;,&quot;orientation&quot;:&quot;0&quot;}\" data-image-title=\"Purpurhuhn\" data-image-description=\"\" data-medium-file=\"https:\/\/i0.wp.com\/idnu.ch\/wordpress\/wp-content\/uploads\/2024\/10\/camargue-20240926-26-Bearbeitet.jpg?fit=200%2C300&#038;ssl=1\" data-large-file=\"https:\/\/i0.wp.com\/idnu.ch\/wordpress\/wp-content\/uploads\/2024\/10\/camargue-20240926-26-Bearbeitet.jpg?fit=683%2C1024&#038;ssl=1\" src=\"https:\/\/i0.wp.com\/idnu.ch\/wordpress\/wp-content\/uploads\/2024\/10\/camargue-20240926-26-Bearbeitet.jpg?w=351&#038;h=526&#038;ssl=1\" srcset=\"https:\/\/i0.wp.com\/idnu.ch\/wordpress\/wp-content\/uploads\/2024\/10\/camargue-20240926-26-Bearbeitet.jpg?w=827&amp;ssl=1 827w, https:\/\/i0.wp.com\/idnu.ch\/wordpress\/wp-content\/uploads\/2024\/10\/camargue-20240926-26-Bearbeitet.jpg?resize=200%2C300&amp;ssl=1 200w, https:\/\/i0.wp.com\/idnu.ch\/wordpress\/wp-content\/uploads\/2024\/10\/camargue-20240926-26-Bearbeitet.jpg?resize=683%2C1024&amp;ssl=1 683w, https:\/\/i0.wp.com\/idnu.ch\/wordpress\/wp-content\/uploads\/2024\/10\/camargue-20240926-26-Bearbeitet.jpg?resize=768%2C1152&amp;ssl=1 768w, https:\/\/i0.wp.com\/idnu.ch\/wordpress\/wp-content\/uploads\/2024\/10\/camargue-20240926-26-Bearbeitet.jpg?resize=67%2C100&amp;ssl=1 67w\" width=\"351\" height=\"526\" loading=\"lazy\" data-original-width=\"351\" data-original-height=\"526\" itemprop=\"http:\/\/schema.org\/image\" title=\"Purpurhuhn\" alt=\"Purpurhuhn\" style=\"width: 351px; height: 526px;\" \/> <\/a> <div class=\"tiled-gallery-caption\" itemprop=\"caption description\"> Purpurhuhn <\/div> <\/div> <\/div> <!-- close group --> <\/div> <!-- close row --> <\/div>\n<div class=\"strava-embed-placeholder\" data-embed-type=\"activity\" data-embed-id=\"12507421554\" data-style=\"standard\"><\/div>\n<p><script src=\"https:\/\/strava-embeds.com\/embed.js\"><\/script><\/p>\n<h2>Auf dem Campingplatz<\/h2>\n<p>Wie erw\u00e4hnt hatten wir ein kleines H\u00e4uschen auf dem <a href=\"https:\/\/www.camping-labrise.fr\/\" target=\"_blank\" rel=\"noopener\">Campingplatz &#8222;La Brise&#8220;<\/a> gemietet. Das war perfekt zu zweit, es hatte alles, was man braucht. Im zus\u00e4tzlichen Zimmer konnten wir unser umfangreiches Equipment deponieren. Gleich nebenan war das Schwimmbad mit einem Kiosk, wo wir uns morgens jeweils einen Kaffee und ein Pain au Chocolat holten. Internet hatten wir in der ersten Woche per WLAN, in der zweiten stellten sie aber den Access Point ab, warum auch immer, so dass man nur noch an der R\u00e9ception Internetzugang hatte.<\/p>\n<figure id=\"attachment_26861\" aria-describedby=\"caption-attachment-26861\" style=\"width: 1240px\" class=\"wp-caption alignnone\"><a href=\"https:\/\/i0.wp.com\/idnu.ch\/wordpress\/wp-content\/uploads\/2024\/10\/camargue-20240926-1-Bearbeitet.jpg?ssl=1\"><img data-recalc-dims=\"1\" loading=\"lazy\" decoding=\"async\" data-attachment-id=\"26861\" data-permalink=\"https:\/\/idnu.ch\/wordpress\/camargue-land-zwischen-himmel-und-wasser\/camargue-20240926-1-bearbeitet\/#main\" data-orig-file=\"https:\/\/i0.wp.com\/idnu.ch\/wordpress\/wp-content\/uploads\/2024\/10\/camargue-20240926-1-Bearbeitet.jpg?fit=1240%2C827&amp;ssl=1\" data-orig-size=\"1240,827\" data-comments-opened=\"1\" data-image-meta=\"{&quot;aperture&quot;:&quot;11&quot;,&quot;credit&quot;:&quot;Urs Kyburz&quot;,&quot;camera&quot;:&quot;Canon EOS 5D Mark IV&quot;,&quot;caption&quot;:&quot;&quot;,&quot;created_timestamp&quot;:&quot;1727331369&quot;,&quot;copyright&quot;:&quot;Copyright Urs Kyburz (2019)&quot;,&quot;focal_length&quot;:&quot;24&quot;,&quot;iso&quot;:&quot;200&quot;,&quot;shutter_speed&quot;:&quot;0.025&quot;,&quot;title&quot;:&quot;&quot;,&quot;orientation&quot;:&quot;0&quot;}\" data-image-title=\"Die H\u00e4uschen auf dem Campingplatz\" data-image-description=\"\" data-image-caption=\"&lt;p&gt;Die H\u00e4uschen auf dem Campingplatz&lt;\/p&gt;\n\" data-large-file=\"https:\/\/i0.wp.com\/idnu.ch\/wordpress\/wp-content\/uploads\/2024\/10\/camargue-20240926-1-Bearbeitet.jpg?fit=750%2C500&amp;ssl=1\" class=\"size-full wp-image-26861\" src=\"https:\/\/i0.wp.com\/idnu.ch\/wordpress\/wp-content\/uploads\/2024\/10\/camargue-20240926-1-Bearbeitet.jpg?resize=750%2C500&#038;ssl=1\" alt=\"\" width=\"750\" height=\"500\" srcset=\"https:\/\/i0.wp.com\/idnu.ch\/wordpress\/wp-content\/uploads\/2024\/10\/camargue-20240926-1-Bearbeitet.jpg?w=1240&amp;ssl=1 1240w, https:\/\/i0.wp.com\/idnu.ch\/wordpress\/wp-content\/uploads\/2024\/10\/camargue-20240926-1-Bearbeitet.jpg?resize=300%2C200&amp;ssl=1 300w, https:\/\/i0.wp.com\/idnu.ch\/wordpress\/wp-content\/uploads\/2024\/10\/camargue-20240926-1-Bearbeitet.jpg?resize=1024%2C683&amp;ssl=1 1024w, https:\/\/i0.wp.com\/idnu.ch\/wordpress\/wp-content\/uploads\/2024\/10\/camargue-20240926-1-Bearbeitet.jpg?resize=768%2C512&amp;ssl=1 768w, https:\/\/i0.wp.com\/idnu.ch\/wordpress\/wp-content\/uploads\/2024\/10\/camargue-20240926-1-Bearbeitet.jpg?resize=150%2C100&amp;ssl=1 150w\" sizes=\"auto, (max-width: 750px) 100vw, 750px\" \/><\/a><figcaption id=\"caption-attachment-26861\" class=\"wp-caption-text\">Die H\u00e4uschen auf dem Campingplatz<\/figcaption><\/figure>\n<p>Der Campingplatz liegt unmittelbar am Meer und am Naturschutzgebiet, was f\u00fcr unsere Interessen perfekt war. Dem Meer entlang gelangt man ins Dorf.<\/p>\n<div class=\"tiled-gallery type-rectangular tiled-gallery-unresized\" data-original-width=\"750\" data-carousel-extra='{&quot;blog_id&quot;:1,&quot;permalink&quot;:&quot;https:\\\/\\\/idnu.ch\\\/wordpress\\\/camargue-land-zwischen-himmel-und-wasser\\\/&quot;,&quot;likes_blog_id&quot;:100184974}' itemscope itemtype=\"http:\/\/schema.org\/ImageGallery\" > <div class=\"gallery-row\" style=\"width: 750px; height: 335px;\" data-original-width=\"750\" data-original-height=\"335\" > <div class=\"gallery-group images-1\" style=\"width: 501px; height: 335px;\" data-original-width=\"501\" data-original-height=\"335\" > <div class=\"tiled-gallery-item tiled-gallery-item-large\" itemprop=\"associatedMedia\" itemscope itemtype=\"http:\/\/schema.org\/ImageObject\"> <a href=\"https:\/\/idnu.ch\/wordpress\/camargue-land-zwischen-himmel-und-wasser\/camargue-20240928-220-bearbeitet\/#main\" border=\"0\" itemprop=\"url\"> <meta itemprop=\"width\" content=\"497\"> <meta itemprop=\"height\" content=\"331\"> <img decoding=\"async\" class=\"\" data-attachment-id=\"26868\" data-orig-file=\"https:\/\/idnu.ch\/wordpress\/wp-content\/uploads\/2024\/10\/camargue-20240928-220-Bearbeitet.jpg\" data-orig-size=\"1240,827\" data-comments-opened=\"1\" data-image-meta=\"{&quot;aperture&quot;:&quot;11&quot;,&quot;credit&quot;:&quot;Urs Kyburz&quot;,&quot;camera&quot;:&quot;Canon EOS 5D Mark IV&quot;,&quot;caption&quot;:&quot;&quot;,&quot;created_timestamp&quot;:&quot;1727536227&quot;,&quot;copyright&quot;:&quot;Copyright Urs Kyburz (2019)&quot;,&quot;focal_length&quot;:&quot;24&quot;,&quot;iso&quot;:&quot;125&quot;,&quot;shutter_speed&quot;:&quot;0.00625&quot;,&quot;title&quot;:&quot;&quot;,&quot;orientation&quot;:&quot;0&quot;}\" data-image-title=\"Am Sandstrand\" data-image-description=\"\" data-medium-file=\"https:\/\/i0.wp.com\/idnu.ch\/wordpress\/wp-content\/uploads\/2024\/10\/camargue-20240928-220-Bearbeitet.jpg?fit=300%2C200&#038;ssl=1\" data-large-file=\"https:\/\/i0.wp.com\/idnu.ch\/wordpress\/wp-content\/uploads\/2024\/10\/camargue-20240928-220-Bearbeitet.jpg?fit=750%2C500&#038;ssl=1\" src=\"https:\/\/i0.wp.com\/idnu.ch\/wordpress\/wp-content\/uploads\/2024\/10\/camargue-20240928-220-Bearbeitet.jpg?w=497&#038;h=331&#038;ssl=1\" srcset=\"https:\/\/i0.wp.com\/idnu.ch\/wordpress\/wp-content\/uploads\/2024\/10\/camargue-20240928-220-Bearbeitet.jpg?w=1240&amp;ssl=1 1240w, https:\/\/i0.wp.com\/idnu.ch\/wordpress\/wp-content\/uploads\/2024\/10\/camargue-20240928-220-Bearbeitet.jpg?resize=300%2C200&amp;ssl=1 300w, https:\/\/i0.wp.com\/idnu.ch\/wordpress\/wp-content\/uploads\/2024\/10\/camargue-20240928-220-Bearbeitet.jpg?resize=1024%2C683&amp;ssl=1 1024w, https:\/\/i0.wp.com\/idnu.ch\/wordpress\/wp-content\/uploads\/2024\/10\/camargue-20240928-220-Bearbeitet.jpg?resize=768%2C512&amp;ssl=1 768w, https:\/\/i0.wp.com\/idnu.ch\/wordpress\/wp-content\/uploads\/2024\/10\/camargue-20240928-220-Bearbeitet.jpg?resize=150%2C100&amp;ssl=1 150w\" width=\"497\" height=\"331\" loading=\"lazy\" data-original-width=\"497\" data-original-height=\"331\" itemprop=\"http:\/\/schema.org\/image\" title=\"Am Sandstrand\" alt=\"Am Sandstrand\" style=\"width: 497px; height: 331px;\" \/> <\/a> <div class=\"tiled-gallery-caption\" itemprop=\"caption description\"> Am Sandstrand <\/div> <\/div> <\/div> <!-- close group --> <div class=\"gallery-group images-2\" style=\"width: 249px; height: 335px;\" data-original-width=\"249\" data-original-height=\"335\" > <div class=\"tiled-gallery-item tiled-gallery-item-small\" itemprop=\"associatedMedia\" itemscope itemtype=\"http:\/\/schema.org\/ImageObject\"> <a href=\"https:\/\/idnu.ch\/wordpress\/camargue-land-zwischen-himmel-und-wasser\/camargue-20240928-223-bearbeitet\/#main\" border=\"0\" itemprop=\"url\"> <meta itemprop=\"width\" content=\"245\"> <meta itemprop=\"height\" content=\"164\"> <img decoding=\"async\" class=\"\" data-attachment-id=\"26869\" data-orig-file=\"https:\/\/idnu.ch\/wordpress\/wp-content\/uploads\/2024\/10\/camargue-20240928-223-Bearbeitet.jpg\" data-orig-size=\"1240,827\" data-comments-opened=\"1\" data-image-meta=\"{&quot;aperture&quot;:&quot;11&quot;,&quot;credit&quot;:&quot;Urs Kyburz&quot;,&quot;camera&quot;:&quot;Canon EOS 5D Mark IV&quot;,&quot;caption&quot;:&quot;&quot;,&quot;created_timestamp&quot;:&quot;1727536451&quot;,&quot;copyright&quot;:&quot;Copyright Urs Kyburz (2019)&quot;,&quot;focal_length&quot;:&quot;24&quot;,&quot;iso&quot;:&quot;200&quot;,&quot;shutter_speed&quot;:&quot;0.00625&quot;,&quot;title&quot;:&quot;&quot;,&quot;orientation&quot;:&quot;0&quot;}\" data-image-title=\"Wolken, Sandstrand und Meer\" data-image-description=\"\" data-medium-file=\"https:\/\/i0.wp.com\/idnu.ch\/wordpress\/wp-content\/uploads\/2024\/10\/camargue-20240928-223-Bearbeitet.jpg?fit=300%2C200&#038;ssl=1\" data-large-file=\"https:\/\/i0.wp.com\/idnu.ch\/wordpress\/wp-content\/uploads\/2024\/10\/camargue-20240928-223-Bearbeitet.jpg?fit=750%2C500&#038;ssl=1\" src=\"https:\/\/i0.wp.com\/idnu.ch\/wordpress\/wp-content\/uploads\/2024\/10\/camargue-20240928-223-Bearbeitet.jpg?w=245&#038;h=164&#038;ssl=1\" srcset=\"https:\/\/i0.wp.com\/idnu.ch\/wordpress\/wp-content\/uploads\/2024\/10\/camargue-20240928-223-Bearbeitet.jpg?w=1240&amp;ssl=1 1240w, https:\/\/i0.wp.com\/idnu.ch\/wordpress\/wp-content\/uploads\/2024\/10\/camargue-20240928-223-Bearbeitet.jpg?resize=300%2C200&amp;ssl=1 300w, https:\/\/i0.wp.com\/idnu.ch\/wordpress\/wp-content\/uploads\/2024\/10\/camargue-20240928-223-Bearbeitet.jpg?resize=1024%2C683&amp;ssl=1 1024w, https:\/\/i0.wp.com\/idnu.ch\/wordpress\/wp-content\/uploads\/2024\/10\/camargue-20240928-223-Bearbeitet.jpg?resize=768%2C512&amp;ssl=1 768w, https:\/\/i0.wp.com\/idnu.ch\/wordpress\/wp-content\/uploads\/2024\/10\/camargue-20240928-223-Bearbeitet.jpg?resize=150%2C100&amp;ssl=1 150w\" width=\"245\" height=\"164\" loading=\"lazy\" data-original-width=\"245\" data-original-height=\"164\" itemprop=\"http:\/\/schema.org\/image\" title=\"Wolken, Sandstrand und Meer\" alt=\"Wolken, Sandstrand und Meer\" style=\"width: 245px; height: 164px;\" \/> <\/a> <div class=\"tiled-gallery-caption\" itemprop=\"caption description\"> Wolken, Sandstrand und Meer <\/div> <\/div> <div class=\"tiled-gallery-item tiled-gallery-item-small\" itemprop=\"associatedMedia\" itemscope itemtype=\"http:\/\/schema.org\/ImageObject\"> <a href=\"https:\/\/idnu.ch\/wordpress\/camargue-land-zwischen-himmel-und-wasser\/camargue-20240922-398-bearbeitet\/#main\" border=\"0\" itemprop=\"url\"> <meta itemprop=\"width\" content=\"245\"> <meta itemprop=\"height\" content=\"163\"> <img decoding=\"async\" class=\"\" data-attachment-id=\"26864\" data-orig-file=\"https:\/\/idnu.ch\/wordpress\/wp-content\/uploads\/2024\/10\/camargue-20240922-398-Bearbeitet.jpg\" data-orig-size=\"1240,827\" data-comments-opened=\"1\" data-image-meta=\"{&quot;aperture&quot;:&quot;10&quot;,&quot;credit&quot;:&quot;Urs Kyburz&quot;,&quot;camera&quot;:&quot;Canon EOS R6m2&quot;,&quot;caption&quot;:&quot;&quot;,&quot;created_timestamp&quot;:&quot;1726997374&quot;,&quot;copyright&quot;:&quot;All rights reserved&quot;,&quot;focal_length&quot;:&quot;16&quot;,&quot;iso&quot;:&quot;100&quot;,&quot;shutter_speed&quot;:&quot;0.00625&quot;,&quot;title&quot;:&quot;&quot;,&quot;orientation&quot;:&quot;0&quot;}\" data-image-title=\"Am Meer in Saintes-Maries-de-la-Mer\" data-image-description=\"\" data-medium-file=\"https:\/\/i0.wp.com\/idnu.ch\/wordpress\/wp-content\/uploads\/2024\/10\/camargue-20240922-398-Bearbeitet.jpg?fit=300%2C200&#038;ssl=1\" data-large-file=\"https:\/\/i0.wp.com\/idnu.ch\/wordpress\/wp-content\/uploads\/2024\/10\/camargue-20240922-398-Bearbeitet.jpg?fit=750%2C500&#038;ssl=1\" src=\"https:\/\/i0.wp.com\/idnu.ch\/wordpress\/wp-content\/uploads\/2024\/10\/camargue-20240922-398-Bearbeitet.jpg?w=245&#038;h=163&#038;ssl=1\" srcset=\"https:\/\/i0.wp.com\/idnu.ch\/wordpress\/wp-content\/uploads\/2024\/10\/camargue-20240922-398-Bearbeitet.jpg?w=1240&amp;ssl=1 1240w, https:\/\/i0.wp.com\/idnu.ch\/wordpress\/wp-content\/uploads\/2024\/10\/camargue-20240922-398-Bearbeitet.jpg?resize=300%2C200&amp;ssl=1 300w, https:\/\/i0.wp.com\/idnu.ch\/wordpress\/wp-content\/uploads\/2024\/10\/camargue-20240922-398-Bearbeitet.jpg?resize=1024%2C683&amp;ssl=1 1024w, https:\/\/i0.wp.com\/idnu.ch\/wordpress\/wp-content\/uploads\/2024\/10\/camargue-20240922-398-Bearbeitet.jpg?resize=768%2C512&amp;ssl=1 768w, https:\/\/i0.wp.com\/idnu.ch\/wordpress\/wp-content\/uploads\/2024\/10\/camargue-20240922-398-Bearbeitet.jpg?resize=150%2C100&amp;ssl=1 150w\" width=\"245\" height=\"163\" loading=\"lazy\" data-original-width=\"245\" data-original-height=\"163\" itemprop=\"http:\/\/schema.org\/image\" title=\"Am Meer in Saintes-Maries-de-la-Mer\" alt=\"Am Meer in Saintes-Maries-de-la-Mer\" style=\"width: 245px; height: 163px;\" \/> <\/a> <div class=\"tiled-gallery-caption\" itemprop=\"caption description\"> Am Meer in Saintes-Maries-de-la-Mer <\/div> <\/div> <\/div> <!-- close group --> <\/div> <!-- close row --> <div class=\"gallery-row\" style=\"width: 750px; height: 502px;\" data-original-width=\"750\" data-original-height=\"502\" > <div class=\"gallery-group images-1\" style=\"width: 750px; height: 502px;\" data-original-width=\"750\" data-original-height=\"502\" > <div class=\"tiled-gallery-item tiled-gallery-item-large\" itemprop=\"associatedMedia\" itemscope itemtype=\"http:\/\/schema.org\/ImageObject\"> <a href=\"https:\/\/idnu.ch\/wordpress\/camargue-land-zwischen-himmel-und-wasser\/camargue-20240922-403-bearbeitet\/#main\" border=\"0\" itemprop=\"url\"> <meta itemprop=\"width\" content=\"746\"> <meta itemprop=\"height\" content=\"498\"> <img decoding=\"async\" class=\"\" data-attachment-id=\"26865\" data-orig-file=\"https:\/\/idnu.ch\/wordpress\/wp-content\/uploads\/2024\/10\/camargue-20240922-403-Bearbeitet.jpg\" data-orig-size=\"1240,827\" data-comments-opened=\"1\" data-image-meta=\"{&quot;aperture&quot;:&quot;10&quot;,&quot;credit&quot;:&quot;Urs Kyburz&quot;,&quot;camera&quot;:&quot;Canon EOS R6m2&quot;,&quot;caption&quot;:&quot;&quot;,&quot;created_timestamp&quot;:&quot;1726997416&quot;,&quot;copyright&quot;:&quot;All rights reserved&quot;,&quot;focal_length&quot;:&quot;16&quot;,&quot;iso&quot;:&quot;100&quot;,&quot;shutter_speed&quot;:&quot;0.00625&quot;,&quot;title&quot;:&quot;&quot;,&quot;orientation&quot;:&quot;0&quot;}\" data-image-title=\"\" data-image-description=\"\" data-medium-file=\"https:\/\/i0.wp.com\/idnu.ch\/wordpress\/wp-content\/uploads\/2024\/10\/camargue-20240922-403-Bearbeitet.jpg?fit=300%2C200&#038;ssl=1\" data-large-file=\"https:\/\/i0.wp.com\/idnu.ch\/wordpress\/wp-content\/uploads\/2024\/10\/camargue-20240922-403-Bearbeitet.jpg?fit=750%2C500&#038;ssl=1\" src=\"https:\/\/i0.wp.com\/idnu.ch\/wordpress\/wp-content\/uploads\/2024\/10\/camargue-20240922-403-Bearbeitet.jpg?w=746&#038;h=498&#038;ssl=1\" srcset=\"https:\/\/i0.wp.com\/idnu.ch\/wordpress\/wp-content\/uploads\/2024\/10\/camargue-20240922-403-Bearbeitet.jpg?w=1240&amp;ssl=1 1240w, https:\/\/i0.wp.com\/idnu.ch\/wordpress\/wp-content\/uploads\/2024\/10\/camargue-20240922-403-Bearbeitet.jpg?resize=300%2C200&amp;ssl=1 300w, https:\/\/i0.wp.com\/idnu.ch\/wordpress\/wp-content\/uploads\/2024\/10\/camargue-20240922-403-Bearbeitet.jpg?resize=1024%2C683&amp;ssl=1 1024w, https:\/\/i0.wp.com\/idnu.ch\/wordpress\/wp-content\/uploads\/2024\/10\/camargue-20240922-403-Bearbeitet.jpg?resize=768%2C512&amp;ssl=1 768w, https:\/\/i0.wp.com\/idnu.ch\/wordpress\/wp-content\/uploads\/2024\/10\/camargue-20240922-403-Bearbeitet.jpg?resize=150%2C100&amp;ssl=1 150w\" width=\"746\" height=\"498\" loading=\"lazy\" data-original-width=\"746\" data-original-height=\"498\" itemprop=\"http:\/\/schema.org\/image\" title=\"\" alt=\"\" style=\"width: 746px; height: 498px;\" \/> <\/a> <\/div> <\/div> <!-- close group --> <\/div> <!-- close row --> <\/div>\n<h2>In Saintes-Maries-de-la-Mer<\/h2>\n<p>Die Gemeinde hat nur etwas \u00fcber 2000 Einwohner, umfasst aber ein Gebiet von 374 km\u00b2.\u00a0 Dazu geh\u00f6rt auch der Parc naturel r\u00e9gional de Camargue. Saintes-Maries (so die Kurzform) ist fast vollst\u00e4ndig auf den Tourismus ausgerichtet. So sieht es denn im Dorf selber auch aus. Da reiht sich ein Restaurant ans andere, dazwischen dann und wann ein Souvenirshop. Kulinarisch ist es etwas eint\u00f6nig, in allen Restaurants gibt es praktisch das Gleiche: Coquillages, poisson, taureau, also Schalentiere, Fisch und Stier. Vegetarier haben es jedenfalls schwer hier.<\/p>\n<div class=\"tiled-gallery type-rectangular tiled-gallery-unresized\" data-original-width=\"750\" data-carousel-extra='{&quot;blog_id&quot;:1,&quot;permalink&quot;:&quot;https:\\\/\\\/idnu.ch\\\/wordpress\\\/camargue-land-zwischen-himmel-und-wasser\\\/&quot;,&quot;likes_blog_id&quot;:100184974}' itemscope itemtype=\"http:\/\/schema.org\/ImageGallery\" > <div class=\"gallery-row\" style=\"width: 750px; height: 335px;\" data-original-width=\"750\" data-original-height=\"335\" > <div class=\"gallery-group images-1\" style=\"width: 501px; height: 335px;\" data-original-width=\"501\" data-original-height=\"335\" > <div class=\"tiled-gallery-item tiled-gallery-item-large\" itemprop=\"associatedMedia\" itemscope itemtype=\"http:\/\/schema.org\/ImageObject\"> <a href=\"https:\/\/idnu.ch\/wordpress\/camargue-land-zwischen-himmel-und-wasser\/camargue-20240923-284-bearbeitet\/#main\" border=\"0\" itemprop=\"url\"> <meta itemprop=\"width\" content=\"497\"> <meta itemprop=\"height\" content=\"331\"> <img decoding=\"async\" class=\"\" data-attachment-id=\"26867\" data-orig-file=\"https:\/\/idnu.ch\/wordpress\/wp-content\/uploads\/2024\/10\/camargue-20240923-284-Bearbeitet.jpg\" data-orig-size=\"1240,827\" data-comments-opened=\"1\" data-image-meta=\"{&quot;aperture&quot;:&quot;16&quot;,&quot;credit&quot;:&quot;Urs Kyburz&quot;,&quot;camera&quot;:&quot;Canon EOS 5D Mark IV&quot;,&quot;caption&quot;:&quot;&quot;,&quot;created_timestamp&quot;:&quot;1727109795&quot;,&quot;copyright&quot;:&quot;Copyright Urs Kyburz (2019)&quot;,&quot;focal_length&quot;:&quot;32&quot;,&quot;iso&quot;:&quot;100&quot;,&quot;shutter_speed&quot;:&quot;0.02&quot;,&quot;title&quot;:&quot;&quot;,&quot;orientation&quot;:&quot;0&quot;}\" data-image-title=\"Das Rathaus\" data-image-description=\"\" data-medium-file=\"https:\/\/i0.wp.com\/idnu.ch\/wordpress\/wp-content\/uploads\/2024\/10\/camargue-20240923-284-Bearbeitet.jpg?fit=300%2C200&#038;ssl=1\" data-large-file=\"https:\/\/i0.wp.com\/idnu.ch\/wordpress\/wp-content\/uploads\/2024\/10\/camargue-20240923-284-Bearbeitet.jpg?fit=750%2C500&#038;ssl=1\" src=\"https:\/\/i0.wp.com\/idnu.ch\/wordpress\/wp-content\/uploads\/2024\/10\/camargue-20240923-284-Bearbeitet.jpg?w=497&#038;h=331&#038;ssl=1\" srcset=\"https:\/\/i0.wp.com\/idnu.ch\/wordpress\/wp-content\/uploads\/2024\/10\/camargue-20240923-284-Bearbeitet.jpg?w=1240&amp;ssl=1 1240w, https:\/\/i0.wp.com\/idnu.ch\/wordpress\/wp-content\/uploads\/2024\/10\/camargue-20240923-284-Bearbeitet.jpg?resize=300%2C200&amp;ssl=1 300w, https:\/\/i0.wp.com\/idnu.ch\/wordpress\/wp-content\/uploads\/2024\/10\/camargue-20240923-284-Bearbeitet.jpg?resize=1024%2C683&amp;ssl=1 1024w, https:\/\/i0.wp.com\/idnu.ch\/wordpress\/wp-content\/uploads\/2024\/10\/camargue-20240923-284-Bearbeitet.jpg?resize=768%2C512&amp;ssl=1 768w, https:\/\/i0.wp.com\/idnu.ch\/wordpress\/wp-content\/uploads\/2024\/10\/camargue-20240923-284-Bearbeitet.jpg?resize=150%2C100&amp;ssl=1 150w\" width=\"497\" height=\"331\" loading=\"lazy\" data-original-width=\"497\" data-original-height=\"331\" itemprop=\"http:\/\/schema.org\/image\" title=\"Das Rathaus\" alt=\"Das Rathaus\" style=\"width: 497px; height: 331px;\" \/> <\/a> <div class=\"tiled-gallery-caption\" itemprop=\"caption description\"> Das Rathaus <\/div> <\/div> <\/div> <!-- close group --> <div class=\"gallery-group images-2\" style=\"width: 249px; height: 335px;\" data-original-width=\"249\" data-original-height=\"335\" > <div class=\"tiled-gallery-item tiled-gallery-item-small\" itemprop=\"associatedMedia\" itemscope itemtype=\"http:\/\/schema.org\/ImageObject\"> <a href=\"https:\/\/idnu.ch\/wordpress\/camargue-land-zwischen-himmel-und-wasser\/camargue-20240923-283-bearbeitet\/#main\" border=\"0\" itemprop=\"url\"> <meta itemprop=\"width\" content=\"245\"> <meta itemprop=\"height\" content=\"164\"> <img decoding=\"async\" class=\"\" data-attachment-id=\"26866\" data-orig-file=\"https:\/\/idnu.ch\/wordpress\/wp-content\/uploads\/2024\/10\/camargue-20240923-283-Bearbeitet.jpg\" data-orig-size=\"1240,827\" data-comments-opened=\"1\" data-image-meta=\"{&quot;aperture&quot;:&quot;16&quot;,&quot;credit&quot;:&quot;Urs Kyburz&quot;,&quot;camera&quot;:&quot;Canon EOS 5D Mark IV&quot;,&quot;caption&quot;:&quot;&quot;,&quot;created_timestamp&quot;:&quot;1727109689&quot;,&quot;copyright&quot;:&quot;Copyright Urs Kyburz (2019)&quot;,&quot;focal_length&quot;:&quot;65&quot;,&quot;iso&quot;:&quot;100&quot;,&quot;shutter_speed&quot;:&quot;0.01&quot;,&quot;title&quot;:&quot;&quot;,&quot;orientation&quot;:&quot;0&quot;}\" data-image-title=\"Statue eines Guardian\" data-image-description=\"\" data-medium-file=\"https:\/\/i0.wp.com\/idnu.ch\/wordpress\/wp-content\/uploads\/2024\/10\/camargue-20240923-283-Bearbeitet.jpg?fit=300%2C200&#038;ssl=1\" data-large-file=\"https:\/\/i0.wp.com\/idnu.ch\/wordpress\/wp-content\/uploads\/2024\/10\/camargue-20240923-283-Bearbeitet.jpg?fit=750%2C500&#038;ssl=1\" src=\"https:\/\/i0.wp.com\/idnu.ch\/wordpress\/wp-content\/uploads\/2024\/10\/camargue-20240923-283-Bearbeitet.jpg?w=245&#038;h=164&#038;ssl=1\" srcset=\"https:\/\/i0.wp.com\/idnu.ch\/wordpress\/wp-content\/uploads\/2024\/10\/camargue-20240923-283-Bearbeitet.jpg?w=1240&amp;ssl=1 1240w, https:\/\/i0.wp.com\/idnu.ch\/wordpress\/wp-content\/uploads\/2024\/10\/camargue-20240923-283-Bearbeitet.jpg?resize=300%2C200&amp;ssl=1 300w, https:\/\/i0.wp.com\/idnu.ch\/wordpress\/wp-content\/uploads\/2024\/10\/camargue-20240923-283-Bearbeitet.jpg?resize=1024%2C683&amp;ssl=1 1024w, https:\/\/i0.wp.com\/idnu.ch\/wordpress\/wp-content\/uploads\/2024\/10\/camargue-20240923-283-Bearbeitet.jpg?resize=768%2C512&amp;ssl=1 768w, https:\/\/i0.wp.com\/idnu.ch\/wordpress\/wp-content\/uploads\/2024\/10\/camargue-20240923-283-Bearbeitet.jpg?resize=150%2C100&amp;ssl=1 150w\" width=\"245\" height=\"164\" loading=\"lazy\" data-original-width=\"245\" data-original-height=\"164\" itemprop=\"http:\/\/schema.org\/image\" title=\"Statue eines Guardian\" alt=\"Statue eines Guardian\" style=\"width: 245px; height: 164px;\" \/> <\/a> <div class=\"tiled-gallery-caption\" itemprop=\"caption description\"> Statue eines Guardian <\/div> <\/div> <div class=\"tiled-gallery-item tiled-gallery-item-small\" itemprop=\"associatedMedia\" itemscope itemtype=\"http:\/\/schema.org\/ImageObject\"> <a href=\"https:\/\/idnu.ch\/wordpress\/camargue-land-zwischen-himmel-und-wasser\/camargue-20240928-226-bearbeitet\/#main\" border=\"0\" itemprop=\"url\"> <meta itemprop=\"width\" content=\"245\"> <meta itemprop=\"height\" content=\"163\"> <img decoding=\"async\" class=\"\" data-attachment-id=\"26870\" data-orig-file=\"https:\/\/idnu.ch\/wordpress\/wp-content\/uploads\/2024\/10\/camargue-20240928-226-Bearbeitet.jpg\" data-orig-size=\"1240,827\" data-comments-opened=\"1\" data-image-meta=\"{&quot;aperture&quot;:&quot;11&quot;,&quot;credit&quot;:&quot;Urs Kyburz&quot;,&quot;camera&quot;:&quot;Canon EOS 5D Mark IV&quot;,&quot;caption&quot;:&quot;&quot;,&quot;created_timestamp&quot;:&quot;1727537570&quot;,&quot;copyright&quot;:&quot;Copyright Urs Kyburz (2019)&quot;,&quot;focal_length&quot;:&quot;35&quot;,&quot;iso&quot;:&quot;125&quot;,&quot;shutter_speed&quot;:&quot;0.00625&quot;,&quot;title&quot;:&quot;&quot;,&quot;orientation&quot;:&quot;0&quot;}\" data-image-title=\"Das Wahrzeichen von Saintes-Maries-de-la-Mer\" data-image-description=\"\" data-medium-file=\"https:\/\/i0.wp.com\/idnu.ch\/wordpress\/wp-content\/uploads\/2024\/10\/camargue-20240928-226-Bearbeitet.jpg?fit=300%2C200&#038;ssl=1\" data-large-file=\"https:\/\/i0.wp.com\/idnu.ch\/wordpress\/wp-content\/uploads\/2024\/10\/camargue-20240928-226-Bearbeitet.jpg?fit=750%2C500&#038;ssl=1\" src=\"https:\/\/i0.wp.com\/idnu.ch\/wordpress\/wp-content\/uploads\/2024\/10\/camargue-20240928-226-Bearbeitet.jpg?w=245&#038;h=163&#038;ssl=1\" srcset=\"https:\/\/i0.wp.com\/idnu.ch\/wordpress\/wp-content\/uploads\/2024\/10\/camargue-20240928-226-Bearbeitet.jpg?w=1240&amp;ssl=1 1240w, https:\/\/i0.wp.com\/idnu.ch\/wordpress\/wp-content\/uploads\/2024\/10\/camargue-20240928-226-Bearbeitet.jpg?resize=300%2C200&amp;ssl=1 300w, https:\/\/i0.wp.com\/idnu.ch\/wordpress\/wp-content\/uploads\/2024\/10\/camargue-20240928-226-Bearbeitet.jpg?resize=1024%2C683&amp;ssl=1 1024w, https:\/\/i0.wp.com\/idnu.ch\/wordpress\/wp-content\/uploads\/2024\/10\/camargue-20240928-226-Bearbeitet.jpg?resize=768%2C512&amp;ssl=1 768w, https:\/\/i0.wp.com\/idnu.ch\/wordpress\/wp-content\/uploads\/2024\/10\/camargue-20240928-226-Bearbeitet.jpg?resize=150%2C100&amp;ssl=1 150w\" width=\"245\" height=\"163\" loading=\"lazy\" data-original-width=\"245\" data-original-height=\"163\" itemprop=\"http:\/\/schema.org\/image\" title=\"Das Wahrzeichen von Saintes-Maries-de-la-Mer\" alt=\"Das Wahrzeichen von Saintes-Maries-de-la-Mer\" style=\"width: 245px; height: 163px;\" \/> <\/a> <div class=\"tiled-gallery-caption\" itemprop=\"caption description\"> Das Wahrzeichen von Saintes-Maries-de-la-Mer <\/div> <\/div> <\/div> <!-- close group --> <\/div> <!-- close row --> <div class=\"gallery-row\" style=\"width: 750px; height: 168px;\" data-original-width=\"750\" data-original-height=\"168\" > <div class=\"gallery-group images-1\" style=\"width: 250px; height: 168px;\" data-original-width=\"250\" data-original-height=\"168\" > <div class=\"tiled-gallery-item tiled-gallery-item-small\" itemprop=\"associatedMedia\" itemscope itemtype=\"http:\/\/schema.org\/ImageObject\"> <a href=\"https:\/\/idnu.ch\/wordpress\/camargue-land-zwischen-himmel-und-wasser\/camargue-20240928-244-bearbeitet\/#main\" border=\"0\" itemprop=\"url\"> <meta itemprop=\"width\" content=\"246\"> <meta itemprop=\"height\" content=\"164\"> <img decoding=\"async\" class=\"\" data-attachment-id=\"26871\" data-orig-file=\"https:\/\/idnu.ch\/wordpress\/wp-content\/uploads\/2024\/10\/camargue-20240928-244-Bearbeitet.jpg\" data-orig-size=\"1240,827\" data-comments-opened=\"1\" data-image-meta=\"{&quot;aperture&quot;:&quot;5.6&quot;,&quot;credit&quot;:&quot;Urs Kyburz&quot;,&quot;camera&quot;:&quot;Canon EOS 5D Mark IV&quot;,&quot;caption&quot;:&quot;&quot;,&quot;created_timestamp&quot;:&quot;1727547292&quot;,&quot;copyright&quot;:&quot;Copyright Urs Kyburz (2019)&quot;,&quot;focal_length&quot;:&quot;50&quot;,&quot;iso&quot;:&quot;12800&quot;,&quot;shutter_speed&quot;:&quot;0.25&quot;,&quot;title&quot;:&quot;&quot;,&quot;orientation&quot;:&quot;0&quot;}\" data-image-title=\"Nachtspaziergang auf der Promenade\" data-image-description=\"\" data-medium-file=\"https:\/\/i0.wp.com\/idnu.ch\/wordpress\/wp-content\/uploads\/2024\/10\/camargue-20240928-244-Bearbeitet.jpg?fit=300%2C200&#038;ssl=1\" data-large-file=\"https:\/\/i0.wp.com\/idnu.ch\/wordpress\/wp-content\/uploads\/2024\/10\/camargue-20240928-244-Bearbeitet.jpg?fit=750%2C500&#038;ssl=1\" src=\"https:\/\/i0.wp.com\/idnu.ch\/wordpress\/wp-content\/uploads\/2024\/10\/camargue-20240928-244-Bearbeitet.jpg?w=246&#038;h=164&#038;ssl=1\" srcset=\"https:\/\/i0.wp.com\/idnu.ch\/wordpress\/wp-content\/uploads\/2024\/10\/camargue-20240928-244-Bearbeitet.jpg?w=1240&amp;ssl=1 1240w, https:\/\/i0.wp.com\/idnu.ch\/wordpress\/wp-content\/uploads\/2024\/10\/camargue-20240928-244-Bearbeitet.jpg?resize=300%2C200&amp;ssl=1 300w, https:\/\/i0.wp.com\/idnu.ch\/wordpress\/wp-content\/uploads\/2024\/10\/camargue-20240928-244-Bearbeitet.jpg?resize=1024%2C683&amp;ssl=1 1024w, https:\/\/i0.wp.com\/idnu.ch\/wordpress\/wp-content\/uploads\/2024\/10\/camargue-20240928-244-Bearbeitet.jpg?resize=768%2C512&amp;ssl=1 768w, https:\/\/i0.wp.com\/idnu.ch\/wordpress\/wp-content\/uploads\/2024\/10\/camargue-20240928-244-Bearbeitet.jpg?resize=150%2C100&amp;ssl=1 150w\" width=\"246\" height=\"164\" loading=\"lazy\" data-original-width=\"246\" data-original-height=\"164\" itemprop=\"http:\/\/schema.org\/image\" title=\"Nachtspaziergang auf der Promenade\" alt=\"Nachtspaziergang auf der Promenade\" style=\"width: 246px; height: 164px;\" \/> <\/a> <div class=\"tiled-gallery-caption\" itemprop=\"caption description\"> Nachtspaziergang auf der Promenade <\/div> <\/div> <\/div> <!-- close group --> <div class=\"gallery-group images-1\" style=\"width: 250px; height: 168px;\" data-original-width=\"250\" data-original-height=\"168\" > <div class=\"tiled-gallery-item tiled-gallery-item-small\" itemprop=\"associatedMedia\" itemscope itemtype=\"http:\/\/schema.org\/ImageObject\"> <a href=\"https:\/\/idnu.ch\/wordpress\/camargue-land-zwischen-himmel-und-wasser\/camargue-20240922-387-bearbeitet\/#main\" border=\"0\" itemprop=\"url\"> <meta itemprop=\"width\" content=\"246\"> <meta itemprop=\"height\" content=\"164\"> <img decoding=\"async\" class=\"\" data-attachment-id=\"26873\" data-orig-file=\"https:\/\/idnu.ch\/wordpress\/wp-content\/uploads\/2024\/10\/camargue-20240922-387-Bearbeitet.jpg\" data-orig-size=\"1240,827\" data-comments-opened=\"1\" data-image-meta=\"{&quot;aperture&quot;:&quot;10&quot;,&quot;credit&quot;:&quot;Urs Kyburz&quot;,&quot;camera&quot;:&quot;Canon EOS R6m2&quot;,&quot;caption&quot;:&quot;&quot;,&quot;created_timestamp&quot;:&quot;1726995981&quot;,&quot;copyright&quot;:&quot;All rights reserved&quot;,&quot;focal_length&quot;:&quot;16&quot;,&quot;iso&quot;:&quot;100&quot;,&quot;shutter_speed&quot;:&quot;0.0025&quot;,&quot;title&quot;:&quot;&quot;,&quot;orientation&quot;:&quot;0&quot;}\" data-image-title=\"Die Kirche Notre-Dame-de-la-Mer\" data-image-description=\"\" data-medium-file=\"https:\/\/i0.wp.com\/idnu.ch\/wordpress\/wp-content\/uploads\/2024\/10\/camargue-20240922-387-Bearbeitet.jpg?fit=300%2C200&#038;ssl=1\" data-large-file=\"https:\/\/i0.wp.com\/idnu.ch\/wordpress\/wp-content\/uploads\/2024\/10\/camargue-20240922-387-Bearbeitet.jpg?fit=750%2C500&#038;ssl=1\" src=\"https:\/\/i0.wp.com\/idnu.ch\/wordpress\/wp-content\/uploads\/2024\/10\/camargue-20240922-387-Bearbeitet.jpg?w=246&#038;h=164&#038;ssl=1\" srcset=\"https:\/\/i0.wp.com\/idnu.ch\/wordpress\/wp-content\/uploads\/2024\/10\/camargue-20240922-387-Bearbeitet.jpg?w=1240&amp;ssl=1 1240w, https:\/\/i0.wp.com\/idnu.ch\/wordpress\/wp-content\/uploads\/2024\/10\/camargue-20240922-387-Bearbeitet.jpg?resize=300%2C200&amp;ssl=1 300w, https:\/\/i0.wp.com\/idnu.ch\/wordpress\/wp-content\/uploads\/2024\/10\/camargue-20240922-387-Bearbeitet.jpg?resize=1024%2C683&amp;ssl=1 1024w, https:\/\/i0.wp.com\/idnu.ch\/wordpress\/wp-content\/uploads\/2024\/10\/camargue-20240922-387-Bearbeitet.jpg?resize=768%2C512&amp;ssl=1 768w, https:\/\/i0.wp.com\/idnu.ch\/wordpress\/wp-content\/uploads\/2024\/10\/camargue-20240922-387-Bearbeitet.jpg?resize=150%2C100&amp;ssl=1 150w\" width=\"246\" height=\"164\" loading=\"lazy\" data-original-width=\"246\" data-original-height=\"164\" itemprop=\"http:\/\/schema.org\/image\" title=\"Die Kirche Notre-Dame-de-la-Mer\" alt=\"Die Kirche Notre-Dame-de-la-Mer\" style=\"width: 246px; height: 164px;\" \/> <\/a> <div class=\"tiled-gallery-caption\" itemprop=\"caption description\"> Die Kirche Notre-Dame-de-la-Mer <\/div> <\/div> <\/div> <!-- close group --> <div class=\"gallery-group images-1\" style=\"width: 250px; height: 168px;\" data-original-width=\"250\" data-original-height=\"168\" > <div class=\"tiled-gallery-item tiled-gallery-item-small\" itemprop=\"associatedMedia\" itemscope itemtype=\"http:\/\/schema.org\/ImageObject\"> <a href=\"https:\/\/idnu.ch\/wordpress\/camargue-land-zwischen-himmel-und-wasser\/camargue-20240923-288-bearbeitet\/#main\" border=\"0\" itemprop=\"url\"> <meta itemprop=\"width\" content=\"246\"> <meta itemprop=\"height\" content=\"164\"> <img decoding=\"async\" class=\"\" data-attachment-id=\"26874\" data-orig-file=\"https:\/\/idnu.ch\/wordpress\/wp-content\/uploads\/2024\/10\/camargue-20240923-288-Bearbeitet.jpg\" data-orig-size=\"1240,827\" data-comments-opened=\"1\" data-image-meta=\"{&quot;aperture&quot;:&quot;9&quot;,&quot;credit&quot;:&quot;Urs Kyburz&quot;,&quot;camera&quot;:&quot;Canon EOS 5D Mark IV&quot;,&quot;caption&quot;:&quot;&quot;,&quot;created_timestamp&quot;:&quot;1727110443&quot;,&quot;copyright&quot;:&quot;Copyright Urs Kyburz (2019)&quot;,&quot;focal_length&quot;:&quot;24&quot;,&quot;iso&quot;:&quot;100&quot;,&quot;shutter_speed&quot;:&quot;0.033333333333333&quot;,&quot;title&quot;:&quot;&quot;,&quot;orientation&quot;:&quot;0&quot;}\" data-image-title=\"Restaurant an Restaurant\" data-image-description=\"\" data-medium-file=\"https:\/\/i0.wp.com\/idnu.ch\/wordpress\/wp-content\/uploads\/2024\/10\/camargue-20240923-288-Bearbeitet.jpg?fit=300%2C200&#038;ssl=1\" data-large-file=\"https:\/\/i0.wp.com\/idnu.ch\/wordpress\/wp-content\/uploads\/2024\/10\/camargue-20240923-288-Bearbeitet.jpg?fit=750%2C500&#038;ssl=1\" src=\"https:\/\/i0.wp.com\/idnu.ch\/wordpress\/wp-content\/uploads\/2024\/10\/camargue-20240923-288-Bearbeitet.jpg?w=246&#038;h=164&#038;ssl=1\" srcset=\"https:\/\/i0.wp.com\/idnu.ch\/wordpress\/wp-content\/uploads\/2024\/10\/camargue-20240923-288-Bearbeitet.jpg?w=1240&amp;ssl=1 1240w, https:\/\/i0.wp.com\/idnu.ch\/wordpress\/wp-content\/uploads\/2024\/10\/camargue-20240923-288-Bearbeitet.jpg?resize=300%2C200&amp;ssl=1 300w, https:\/\/i0.wp.com\/idnu.ch\/wordpress\/wp-content\/uploads\/2024\/10\/camargue-20240923-288-Bearbeitet.jpg?resize=1024%2C683&amp;ssl=1 1024w, https:\/\/i0.wp.com\/idnu.ch\/wordpress\/wp-content\/uploads\/2024\/10\/camargue-20240923-288-Bearbeitet.jpg?resize=768%2C512&amp;ssl=1 768w, https:\/\/i0.wp.com\/idnu.ch\/wordpress\/wp-content\/uploads\/2024\/10\/camargue-20240923-288-Bearbeitet.jpg?resize=150%2C100&amp;ssl=1 150w\" width=\"246\" height=\"164\" loading=\"lazy\" data-original-width=\"246\" data-original-height=\"164\" itemprop=\"http:\/\/schema.org\/image\" title=\"Restaurant an Restaurant\" alt=\"Restaurant an Restaurant\" style=\"width: 246px; height: 164px;\" \/> <\/a> <div class=\"tiled-gallery-caption\" itemprop=\"caption description\"> Restaurant an Restaurant <\/div> <\/div> <\/div> <!-- close group --> <\/div> <!-- close row --> <\/div>\n<p>Sch\u00f6n an Saintes-Maries ist, dass es nicht durch Touristenbunker verschandelt ist. Das h\u00f6chste Geb\u00e4ude im Ort ist die Kirche, alle anderen weisen kaum mehr als zwei oder drei Stockwerke auf. Rund um die Ortschaft entfaltet sich die Natur, verbunden mit extensiver Landwirtschaft. In der Hochsaison im Sommer m\u00f6chte man als Naturbeobachter und Ruhesuchender wohl eher nicht hier sein, Herbst und Fr\u00fchling dagegen sind empfehlenswert. Wir haben jedenfalls noch nicht alles gesehen und werden wieder einmal kommen.<\/p>\n<h2>N\u00fctzliche Links<\/h2>\n<p>Tourismusoffice von Saintes-Maries-de-la-Mer:\u00a0<a href=\"https:\/\/www.saintesmaries.com\/\" target=\"_blank\" rel=\"noopener\">www.saintesmaries.com<\/a><br \/>\nGrossraum Provence:\u00a0<a href=\"https:\/\/www.provence-info.de\/\" target=\"_blank\" rel=\"noopener\">www.provence-info.de<\/a><br \/>\nCamping &#8222;La Brise&#8220;:\u00a0<a href=\"https:\/\/www.camping-labrise.fr\/en\/campsite-saintes-maries-de-la-mer\" target=\"_blank\" rel=\"noopener\">www.camping-labrise.fr<\/a><br \/>\nBeobachtungsgebiete f\u00fcr V\u00f6gel:\u00a0<a href=\"https:\/\/birdingplaces.eu\/de\/find-a-birdingplace#11.37\/43.5335\/4.4582\" target=\"_blank\" rel=\"noopener\">birdingplaces.eu<\/a><\/p>\n","protected":false},"excerpt":{"rendered":"<p>Camargue: Dieses Land, das zwischen Himmel und Wasser liegt, tief im S\u00fcden Frankreichs&#8230;.<\/p>\n","protected":false},"author":2,"featured_media":26832,"comment_status":"open","ping_status":"open","sticky":false,"template":"","format":"standard","meta":{"_monsterinsights_skip_tracking":false,"_monsterinsights_sitenote_active":false,"_monsterinsights_sitenote_note":"","_monsterinsights_sitenote_category":0,"jetpack_post_was_ever_published":false,"_jetpack_newsletter_access":"","_jetpack_dont_email_post_to_subs":false,"_jetpack_newsletter_tier_id":0,"_jetpack_memberships_contains_paywalled_content":false,"_jetpack_memberships_contains_paid_content":false,"footnotes":"","jetpack_publicize_message":"NEU im Blog: Camargue - Land zwischen Himmel und Wasser. Natur beobachten in einer grandiosen Landschaft.","jetpack_publicize_feature_enabled":true,"jetpack_social_post_already_shared":true,"jetpack_social_options":{"image_generator_settings":{"template":"highway","default_image_id":0,"font":"","enabled":false},"version":2}},"categories":[1645,6],"tags":[403,1093,1646,1637,522,1082,1648,1333,1647,1614,1566],"class_list":["post-26665","post","type-post","status-publish","format-standard","has-post-thumbnail","hentry","category-frankreich","category-naturerlebnis","tag-beobachten","tag-birdwatching","tag-camargue","tag-etang","tag-herbst","tag-meer","tag-mittelmeer","tag-ornithologie","tag-saintes-maries-de-la-mer","tag-vogelbeobachtung","tag-vogelfotografie"],"geo":{"latitude":43.45664599999999921919879852794110774993896484375,"longitude":4.44026570000000031512854548054747283458709716796875,"description":"Saintes-Maries-de-la-Mer, Provence-Alpes-C\u00f4te d'Azur, 13460, FR"},"yoast_head":"<!-- This site is optimized with the Yoast SEO plugin v27.4 - https:\/\/yoast.com\/product\/yoast-seo-wordpress\/ -->\n<title>Camargue - Land zwischen Himmel und Wasser - In der Natur unterwegs<\/title>\n<meta name=\"description\" content=\"Die Camargue, das Land zwischen Himmel und Wasser, fasziniert durch seine Landschaft und seine Natur. Zwei Wochen erkundeten wir die Gegend.\" \/>\n<meta name=\"robots\" content=\"index, follow, max-snippet:-1, max-image-preview:large, max-video-preview:-1\" \/>\n<link rel=\"canonical\" href=\"https:\/\/idnu.ch\/wordpress\/camargue-land-zwischen-himmel-und-wasser\/\" \/>\n<meta property=\"og:locale\" content=\"de_DE\" \/>\n<meta property=\"og:type\" content=\"article\" \/>\n<meta property=\"og:title\" content=\"Camargue - Land zwischen Himmel und Wasser - In der Natur unterwegs\" \/>\n<meta property=\"og:description\" content=\"Die Camargue, das Land zwischen Himmel und Wasser, fasziniert durch seine Landschaft und seine Natur. Zwei Wochen erkundeten wir die Gegend.\" \/>\n<meta property=\"og:url\" content=\"https:\/\/idnu.ch\/wordpress\/camargue-land-zwischen-himmel-und-wasser\/\" \/>\n<meta property=\"og:site_name\" content=\"In der Natur unterwegs\" \/>\n<meta property=\"article:published_time\" content=\"2024-10-28T10:57:50+00:00\" \/>\n<meta property=\"article:modified_time\" content=\"2025-08-24T14:58:05+00:00\" \/>\n<meta property=\"og:image\" content=\"https:\/\/idnu.ch\/wordpress\/wp-content\/uploads\/2024\/10\/camargue-20241001-55-Bearbeitet.jpg\" \/>\n\t<meta property=\"og:image:width\" content=\"1240\" \/>\n\t<meta property=\"og:image:height\" content=\"827\" \/>\n\t<meta property=\"og:image:type\" content=\"image\/jpeg\" \/>\n<meta name=\"author\" content=\"Urs Kyburz\" \/>\n<meta name=\"twitter:card\" content=\"summary_large_image\" \/>\n<meta name=\"twitter:creator\" content=\"@idnu_ch\" \/>\n<meta name=\"twitter:site\" content=\"@idnu_ch\" \/>\n<meta name=\"twitter:label1\" content=\"Verfasst von\" \/>\n\t<meta name=\"twitter:data1\" content=\"Urs Kyburz\" \/>\n\t<meta name=\"twitter:label2\" content=\"Gesch\u00e4tzte Lesezeit\" \/>\n\t<meta name=\"twitter:data2\" content=\"17\u00a0Minuten\" \/>\n<script type=\"application\/ld+json\" class=\"yoast-schema-graph\">{\"@context\":\"https:\\\/\\\/schema.org\",\"@graph\":[{\"@type\":\"Article\",\"@id\":\"https:\\\/\\\/idnu.ch\\\/wordpress\\\/camargue-land-zwischen-himmel-und-wasser\\\/#article\",\"isPartOf\":{\"@id\":\"https:\\\/\\\/idnu.ch\\\/wordpress\\\/camargue-land-zwischen-himmel-und-wasser\\\/\"},\"author\":{\"name\":\"Urs Kyburz\",\"@id\":\"https:\\\/\\\/idnu.ch\\\/wordpress\\\/#\\\/schema\\\/person\\\/1ab8c5de743be7b019272124c19ad351\"},\"headline\":\"Camargue &#8211; Land zwischen Himmel und Wasser\",\"datePublished\":\"2024-10-28T10:57:50+00:00\",\"dateModified\":\"2025-08-24T14:58:05+00:00\",\"mainEntityOfPage\":{\"@id\":\"https:\\\/\\\/idnu.ch\\\/wordpress\\\/camargue-land-zwischen-himmel-und-wasser\\\/\"},\"wordCount\":2836,\"commentCount\":3,\"publisher\":{\"@id\":\"https:\\\/\\\/idnu.ch\\\/wordpress\\\/#\\\/schema\\\/person\\\/1ab8c5de743be7b019272124c19ad351\"},\"image\":{\"@id\":\"https:\\\/\\\/idnu.ch\\\/wordpress\\\/camargue-land-zwischen-himmel-und-wasser\\\/#primaryimage\"},\"thumbnailUrl\":\"https:\\\/\\\/i0.wp.com\\\/idnu.ch\\\/wordpress\\\/wp-content\\\/uploads\\\/2024\\\/10\\\/camargue-20241001-55-Bearbeitet.jpg?fit=1240%2C827&ssl=1\",\"keywords\":[\"Beobachten\",\"birdwatching\",\"Camargue\",\"\u00c9tang\",\"Herbst\",\"meer\",\"Mittelmeer\",\"Ornithologie\",\"Saintes-Maries-de-la-Mer\",\"Vogelbeobachtung\",\"Vogelfotografie\"],\"articleSection\":[\"Frankreich\",\"Naturerlebnis\"],\"inLanguage\":\"de\",\"potentialAction\":[{\"@type\":\"CommentAction\",\"name\":\"Comment\",\"target\":[\"https:\\\/\\\/idnu.ch\\\/wordpress\\\/camargue-land-zwischen-himmel-und-wasser\\\/#respond\"]}]},{\"@type\":\"WebPage\",\"@id\":\"https:\\\/\\\/idnu.ch\\\/wordpress\\\/camargue-land-zwischen-himmel-und-wasser\\\/\",\"url\":\"https:\\\/\\\/idnu.ch\\\/wordpress\\\/camargue-land-zwischen-himmel-und-wasser\\\/\",\"name\":\"Camargue - Land zwischen Himmel und Wasser - In der Natur unterwegs\",\"isPartOf\":{\"@id\":\"https:\\\/\\\/idnu.ch\\\/wordpress\\\/#website\"},\"primaryImageOfPage\":{\"@id\":\"https:\\\/\\\/idnu.ch\\\/wordpress\\\/camargue-land-zwischen-himmel-und-wasser\\\/#primaryimage\"},\"image\":{\"@id\":\"https:\\\/\\\/idnu.ch\\\/wordpress\\\/camargue-land-zwischen-himmel-und-wasser\\\/#primaryimage\"},\"thumbnailUrl\":\"https:\\\/\\\/i0.wp.com\\\/idnu.ch\\\/wordpress\\\/wp-content\\\/uploads\\\/2024\\\/10\\\/camargue-20241001-55-Bearbeitet.jpg?fit=1240%2C827&ssl=1\",\"datePublished\":\"2024-10-28T10:57:50+00:00\",\"dateModified\":\"2025-08-24T14:58:05+00:00\",\"description\":\"Die Camargue, das Land zwischen Himmel und Wasser, fasziniert durch seine Landschaft und seine Natur. Zwei Wochen erkundeten wir die Gegend.\",\"breadcrumb\":{\"@id\":\"https:\\\/\\\/idnu.ch\\\/wordpress\\\/camargue-land-zwischen-himmel-und-wasser\\\/#breadcrumb\"},\"inLanguage\":\"de\",\"potentialAction\":[{\"@type\":\"ReadAction\",\"target\":[\"https:\\\/\\\/idnu.ch\\\/wordpress\\\/camargue-land-zwischen-himmel-und-wasser\\\/\"]}]},{\"@type\":\"ImageObject\",\"inLanguage\":\"de\",\"@id\":\"https:\\\/\\\/idnu.ch\\\/wordpress\\\/camargue-land-zwischen-himmel-und-wasser\\\/#primaryimage\",\"url\":\"https:\\\/\\\/i0.wp.com\\\/idnu.ch\\\/wordpress\\\/wp-content\\\/uploads\\\/2024\\\/10\\\/camargue-20241001-55-Bearbeitet.jpg?fit=1240%2C827&ssl=1\",\"contentUrl\":\"https:\\\/\\\/i0.wp.com\\\/idnu.ch\\\/wordpress\\\/wp-content\\\/uploads\\\/2024\\\/10\\\/camargue-20241001-55-Bearbeitet.jpg?fit=1240%2C827&ssl=1\",\"width\":1240,\"height\":827},{\"@type\":\"BreadcrumbList\",\"@id\":\"https:\\\/\\\/idnu.ch\\\/wordpress\\\/camargue-land-zwischen-himmel-und-wasser\\\/#breadcrumb\",\"itemListElement\":[{\"@type\":\"ListItem\",\"position\":1,\"name\":\"Startseite\",\"item\":\"https:\\\/\\\/idnu.ch\\\/wordpress\\\/\"},{\"@type\":\"ListItem\",\"position\":2,\"name\":\"Camargue &#8211; Land zwischen Himmel und Wasser\"}]},{\"@type\":\"WebSite\",\"@id\":\"https:\\\/\\\/idnu.ch\\\/wordpress\\\/#website\",\"url\":\"https:\\\/\\\/idnu.ch\\\/wordpress\\\/\",\"name\":\"In der Natur unterwegs\",\"description\":\"Dort, wo es am sch\u00f6nsten ist\",\"publisher\":{\"@id\":\"https:\\\/\\\/idnu.ch\\\/wordpress\\\/#\\\/schema\\\/person\\\/1ab8c5de743be7b019272124c19ad351\"},\"potentialAction\":[{\"@type\":\"SearchAction\",\"target\":{\"@type\":\"EntryPoint\",\"urlTemplate\":\"https:\\\/\\\/idnu.ch\\\/wordpress\\\/?s={search_term_string}\"},\"query-input\":{\"@type\":\"PropertyValueSpecification\",\"valueRequired\":true,\"valueName\":\"search_term_string\"}}],\"inLanguage\":\"de\"},{\"@type\":[\"Person\",\"Organization\"],\"@id\":\"https:\\\/\\\/idnu.ch\\\/wordpress\\\/#\\\/schema\\\/person\\\/1ab8c5de743be7b019272124c19ad351\",\"name\":\"Urs Kyburz\",\"image\":{\"@type\":\"ImageObject\",\"inLanguage\":\"de\",\"@id\":\"https:\\\/\\\/i0.wp.com\\\/idnu.ch\\\/wordpress\\\/wp-content\\\/uploads\\\/2016\\\/02\\\/logo_150x165.gif?fit=3151%2C3456&ssl=1\",\"url\":\"https:\\\/\\\/i0.wp.com\\\/idnu.ch\\\/wordpress\\\/wp-content\\\/uploads\\\/2016\\\/02\\\/logo_150x165.gif?fit=3151%2C3456&ssl=1\",\"contentUrl\":\"https:\\\/\\\/i0.wp.com\\\/idnu.ch\\\/wordpress\\\/wp-content\\\/uploads\\\/2016\\\/02\\\/logo_150x165.gif?fit=3151%2C3456&ssl=1\",\"width\":3151,\"height\":3456,\"caption\":\"Urs Kyburz\"},\"logo\":{\"@id\":\"https:\\\/\\\/i0.wp.com\\\/idnu.ch\\\/wordpress\\\/wp-content\\\/uploads\\\/2016\\\/02\\\/logo_150x165.gif?fit=3151%2C3456&ssl=1\"}}]}<\/script>\n<!-- \/ Yoast SEO plugin. -->","yoast_head_json":{"title":"Camargue - Land zwischen Himmel und Wasser - In der Natur unterwegs","description":"Die Camargue, das Land zwischen Himmel und Wasser, fasziniert durch seine Landschaft und seine Natur. Zwei Wochen erkundeten wir die Gegend.","robots":{"index":"index","follow":"follow","max-snippet":"max-snippet:-1","max-image-preview":"max-image-preview:large","max-video-preview":"max-video-preview:-1"},"canonical":"https:\/\/idnu.ch\/wordpress\/camargue-land-zwischen-himmel-und-wasser\/","og_locale":"de_DE","og_type":"article","og_title":"Camargue - Land zwischen Himmel und Wasser - In der Natur unterwegs","og_description":"Die Camargue, das Land zwischen Himmel und Wasser, fasziniert durch seine Landschaft und seine Natur. Zwei Wochen erkundeten wir die Gegend.","og_url":"https:\/\/idnu.ch\/wordpress\/camargue-land-zwischen-himmel-und-wasser\/","og_site_name":"In der Natur unterwegs","article_published_time":"2024-10-28T10:57:50+00:00","article_modified_time":"2025-08-24T14:58:05+00:00","og_image":[{"width":1240,"height":827,"url":"https:\/\/idnu.ch\/wordpress\/wp-content\/uploads\/2024\/10\/camargue-20241001-55-Bearbeitet.jpg","type":"image\/jpeg"}],"author":"Urs Kyburz","twitter_card":"summary_large_image","twitter_creator":"@idnu_ch","twitter_site":"@idnu_ch","twitter_misc":{"Verfasst von":"Urs Kyburz","Gesch\u00e4tzte Lesezeit":"17\u00a0Minuten"},"schema":{"@context":"https:\/\/schema.org","@graph":[{"@type":"Article","@id":"https:\/\/idnu.ch\/wordpress\/camargue-land-zwischen-himmel-und-wasser\/#article","isPartOf":{"@id":"https:\/\/idnu.ch\/wordpress\/camargue-land-zwischen-himmel-und-wasser\/"},"author":{"name":"Urs Kyburz","@id":"https:\/\/idnu.ch\/wordpress\/#\/schema\/person\/1ab8c5de743be7b019272124c19ad351"},"headline":"Camargue &#8211; Land zwischen Himmel und Wasser","datePublished":"2024-10-28T10:57:50+00:00","dateModified":"2025-08-24T14:58:05+00:00","mainEntityOfPage":{"@id":"https:\/\/idnu.ch\/wordpress\/camargue-land-zwischen-himmel-und-wasser\/"},"wordCount":2836,"commentCount":3,"publisher":{"@id":"https:\/\/idnu.ch\/wordpress\/#\/schema\/person\/1ab8c5de743be7b019272124c19ad351"},"image":{"@id":"https:\/\/idnu.ch\/wordpress\/camargue-land-zwischen-himmel-und-wasser\/#primaryimage"},"thumbnailUrl":"https:\/\/i0.wp.com\/idnu.ch\/wordpress\/wp-content\/uploads\/2024\/10\/camargue-20241001-55-Bearbeitet.jpg?fit=1240%2C827&ssl=1","keywords":["Beobachten","birdwatching","Camargue","\u00c9tang","Herbst","meer","Mittelmeer","Ornithologie","Saintes-Maries-de-la-Mer","Vogelbeobachtung","Vogelfotografie"],"articleSection":["Frankreich","Naturerlebnis"],"inLanguage":"de","potentialAction":[{"@type":"CommentAction","name":"Comment","target":["https:\/\/idnu.ch\/wordpress\/camargue-land-zwischen-himmel-und-wasser\/#respond"]}]},{"@type":"WebPage","@id":"https:\/\/idnu.ch\/wordpress\/camargue-land-zwischen-himmel-und-wasser\/","url":"https:\/\/idnu.ch\/wordpress\/camargue-land-zwischen-himmel-und-wasser\/","name":"Camargue - Land zwischen Himmel und Wasser - In der Natur unterwegs","isPartOf":{"@id":"https:\/\/idnu.ch\/wordpress\/#website"},"primaryImageOfPage":{"@id":"https:\/\/idnu.ch\/wordpress\/camargue-land-zwischen-himmel-und-wasser\/#primaryimage"},"image":{"@id":"https:\/\/idnu.ch\/wordpress\/camargue-land-zwischen-himmel-und-wasser\/#primaryimage"},"thumbnailUrl":"https:\/\/i0.wp.com\/idnu.ch\/wordpress\/wp-content\/uploads\/2024\/10\/camargue-20241001-55-Bearbeitet.jpg?fit=1240%2C827&ssl=1","datePublished":"2024-10-28T10:57:50+00:00","dateModified":"2025-08-24T14:58:05+00:00","description":"Die Camargue, das Land zwischen Himmel und Wasser, fasziniert durch seine Landschaft und seine Natur. Zwei Wochen erkundeten wir die Gegend.","breadcrumb":{"@id":"https:\/\/idnu.ch\/wordpress\/camargue-land-zwischen-himmel-und-wasser\/#breadcrumb"},"inLanguage":"de","potentialAction":[{"@type":"ReadAction","target":["https:\/\/idnu.ch\/wordpress\/camargue-land-zwischen-himmel-und-wasser\/"]}]},{"@type":"ImageObject","inLanguage":"de","@id":"https:\/\/idnu.ch\/wordpress\/camargue-land-zwischen-himmel-und-wasser\/#primaryimage","url":"https:\/\/i0.wp.com\/idnu.ch\/wordpress\/wp-content\/uploads\/2024\/10\/camargue-20241001-55-Bearbeitet.jpg?fit=1240%2C827&ssl=1","contentUrl":"https:\/\/i0.wp.com\/idnu.ch\/wordpress\/wp-content\/uploads\/2024\/10\/camargue-20241001-55-Bearbeitet.jpg?fit=1240%2C827&ssl=1","width":1240,"height":827},{"@type":"BreadcrumbList","@id":"https:\/\/idnu.ch\/wordpress\/camargue-land-zwischen-himmel-und-wasser\/#breadcrumb","itemListElement":[{"@type":"ListItem","position":1,"name":"Startseite","item":"https:\/\/idnu.ch\/wordpress\/"},{"@type":"ListItem","position":2,"name":"Camargue &#8211; Land zwischen Himmel und Wasser"}]},{"@type":"WebSite","@id":"https:\/\/idnu.ch\/wordpress\/#website","url":"https:\/\/idnu.ch\/wordpress\/","name":"In der Natur unterwegs","description":"Dort, wo es am sch\u00f6nsten ist","publisher":{"@id":"https:\/\/idnu.ch\/wordpress\/#\/schema\/person\/1ab8c5de743be7b019272124c19ad351"},"potentialAction":[{"@type":"SearchAction","target":{"@type":"EntryPoint","urlTemplate":"https:\/\/idnu.ch\/wordpress\/?s={search_term_string}"},"query-input":{"@type":"PropertyValueSpecification","valueRequired":true,"valueName":"search_term_string"}}],"inLanguage":"de"},{"@type":["Person","Organization"],"@id":"https:\/\/idnu.ch\/wordpress\/#\/schema\/person\/1ab8c5de743be7b019272124c19ad351","name":"Urs Kyburz","image":{"@type":"ImageObject","inLanguage":"de","@id":"https:\/\/i0.wp.com\/idnu.ch\/wordpress\/wp-content\/uploads\/2016\/02\/logo_150x165.gif?fit=3151%2C3456&ssl=1","url":"https:\/\/i0.wp.com\/idnu.ch\/wordpress\/wp-content\/uploads\/2016\/02\/logo_150x165.gif?fit=3151%2C3456&ssl=1","contentUrl":"https:\/\/i0.wp.com\/idnu.ch\/wordpress\/wp-content\/uploads\/2016\/02\/logo_150x165.gif?fit=3151%2C3456&ssl=1","width":3151,"height":3456,"caption":"Urs Kyburz"},"logo":{"@id":"https:\/\/i0.wp.com\/idnu.ch\/wordpress\/wp-content\/uploads\/2016\/02\/logo_150x165.gif?fit=3151%2C3456&ssl=1"}}]}},"jetpack_publicize_connections":[],"jetpack_featured_media_url":"https:\/\/i0.wp.com\/idnu.ch\/wordpress\/wp-content\/uploads\/2024\/10\/camargue-20241001-55-Bearbeitet.jpg?fit=1240%2C827&ssl=1","jetpack_sharing_enabled":true,"jetpack_shortlink":"https:\/\/wp.me\/p6MmGG-6W5","jetpack-related-posts":[{"id":27110,"url":"https:\/\/idnu.ch\/wordpress\/keine-camargue-ohne-flamingos\/","url_meta":{"origin":26665,"position":0},"title":"Keine Camargue ohne Flamingos","author":"Urs Kyburz","date":"17. Januar 2025","format":false,"excerpt":"Camargue, das sind \u00c9tangs, Stiere, weisse Pferde, Guardian - und nat\u00fcrlich Flamingos! Denn: Keine Camargue ohne Flamingos! Die eleganten V\u00f6gel sind die Stars des Landes zwischen Himmel und Wasser. Wiss.: Phoenicopterus roseus Franz.: Flamant rose Eng.: Common Greater Flamingo Aussehen und Lebensweise Auch wer sich mit V\u00f6geln nicht auskennt: Flamingos\u2026","rel":"","context":"In &quot;Frankreich&quot;","block_context":{"text":"Frankreich","link":"https:\/\/idnu.ch\/wordpress\/category\/laender\/frankreich\/"},"img":{"alt_text":"","src":"https:\/\/i0.wp.com\/idnu.ch\/wordpress\/wp-content\/uploads\/2025\/01\/camargue-20240923-73-Bearbeitet.jpg?fit=1200%2C800&ssl=1&resize=350%2C200","width":350,"height":200,"srcset":"https:\/\/i0.wp.com\/idnu.ch\/wordpress\/wp-content\/uploads\/2025\/01\/camargue-20240923-73-Bearbeitet.jpg?fit=1200%2C800&ssl=1&resize=350%2C200 1x, https:\/\/i0.wp.com\/idnu.ch\/wordpress\/wp-content\/uploads\/2025\/01\/camargue-20240923-73-Bearbeitet.jpg?fit=1200%2C800&ssl=1&resize=525%2C300 1.5x, https:\/\/i0.wp.com\/idnu.ch\/wordpress\/wp-content\/uploads\/2025\/01\/camargue-20240923-73-Bearbeitet.jpg?fit=1200%2C800&ssl=1&resize=700%2C400 2x, https:\/\/i0.wp.com\/idnu.ch\/wordpress\/wp-content\/uploads\/2025\/01\/camargue-20240923-73-Bearbeitet.jpg?fit=1200%2C800&ssl=1&resize=1050%2C600 3x"},"classes":[]},{"id":26922,"url":"https:\/\/idnu.ch\/wordpress\/birds-for-nerds-in-der-camargue\/","url_meta":{"origin":26665,"position":1},"title":"Birds for nerds in der Camargue","author":"Urs Kyburz","date":"2. November 2024","format":false,"excerpt":"Das mag nun allenfalls die Nerds unter den IDNU-Lesern interessieren, ich mache es aber trotzdem: Unsere Vogelbeobachtungen in der Camargue mit den Highlights (sofern Foto vorhanden). Es waren einige. Seidens\u00e4nger Wiss.: Cettia cetti Franz.: Bouscarle de Cetti Eng.: Cetti's Warbler Wie bereits hier erw\u00e4hnt, hatte ich schon am ersten Abend\u2026","rel":"","context":"In &quot;Frankreich&quot;","block_context":{"text":"Frankreich","link":"https:\/\/idnu.ch\/wordpress\/category\/laender\/frankreich\/"},"img":{"alt_text":"Silberreiher im Morgenlicht auf einem Gel\u00e4nder","src":"https:\/\/i0.wp.com\/idnu.ch\/wordpress\/wp-content\/uploads\/2024\/10\/camargue-20240921-20-Bearbeitet.jpg?fit=1200%2C800&ssl=1&resize=350%2C200","width":350,"height":200,"srcset":"https:\/\/i0.wp.com\/idnu.ch\/wordpress\/wp-content\/uploads\/2024\/10\/camargue-20240921-20-Bearbeitet.jpg?fit=1200%2C800&ssl=1&resize=350%2C200 1x, https:\/\/i0.wp.com\/idnu.ch\/wordpress\/wp-content\/uploads\/2024\/10\/camargue-20240921-20-Bearbeitet.jpg?fit=1200%2C800&ssl=1&resize=525%2C300 1.5x, https:\/\/i0.wp.com\/idnu.ch\/wordpress\/wp-content\/uploads\/2024\/10\/camargue-20240921-20-Bearbeitet.jpg?fit=1200%2C800&ssl=1&resize=700%2C400 2x, https:\/\/i0.wp.com\/idnu.ch\/wordpress\/wp-content\/uploads\/2024\/10\/camargue-20240921-20-Bearbeitet.jpg?fit=1200%2C800&ssl=1&resize=1050%2C600 3x"},"classes":[]},{"id":26879,"url":"https:\/\/idnu.ch\/wordpress\/die-farben-der-camargue\/","url_meta":{"origin":26665,"position":2},"title":"Die Farben der Camargue","author":"Urs Kyburz","date":"1. November 2024","format":false,"excerpt":"Die Farben der Camargue sind, vor allem am Morgen und am Abend, unglaublich. Man muss es mit eigenen Augen gesehen haben. Wir hatten ein paar Mal den perfekten Moment erlebt. Deshalb lasse ich jetzt haupts\u00e4chlich die Bilder sprechen und verzichte auf viel Text. Die Camargue am Morgen Gleich der erste\u2026","rel":"","context":"In &quot;Frankreich&quot;","block_context":{"text":"Frankreich","link":"https:\/\/idnu.ch\/wordpress\/category\/laender\/frankreich\/"},"img":{"alt_text":"","src":"https:\/\/i0.wp.com\/idnu.ch\/wordpress\/wp-content\/uploads\/2024\/11\/camargue-20240929-224-Bearbeitet.jpg?fit=1200%2C675&ssl=1&resize=350%2C200","width":350,"height":200,"srcset":"https:\/\/i0.wp.com\/idnu.ch\/wordpress\/wp-content\/uploads\/2024\/11\/camargue-20240929-224-Bearbeitet.jpg?fit=1200%2C675&ssl=1&resize=350%2C200 1x, https:\/\/i0.wp.com\/idnu.ch\/wordpress\/wp-content\/uploads\/2024\/11\/camargue-20240929-224-Bearbeitet.jpg?fit=1200%2C675&ssl=1&resize=525%2C300 1.5x, https:\/\/i0.wp.com\/idnu.ch\/wordpress\/wp-content\/uploads\/2024\/11\/camargue-20240929-224-Bearbeitet.jpg?fit=1200%2C675&ssl=1&resize=700%2C400 2x, https:\/\/i0.wp.com\/idnu.ch\/wordpress\/wp-content\/uploads\/2024\/11\/camargue-20240929-224-Bearbeitet.jpg?fit=1200%2C675&ssl=1&resize=1050%2C600 3x"},"classes":[]},{"id":27044,"url":"https:\/\/idnu.ch\/wordpress\/der-reiher-im-seidenen-kleid\/","url_meta":{"origin":26665,"position":3},"title":"Der Reiher im seidenen Kleid","author":"Urs Kyburz","date":"14. Dezember 2024","format":false,"excerpt":"W\u00e4re da nicht der andere Vogel, k\u00f6nnte man glatt sagen, er sei der Charaktervogel der Camargue: Der Seidenreiher. \u00dcberall sieht man ihn, den Reiher in seinem auff\u00e4lligen weissen, seidenen Kleid. Wiss.: Egretta garzetta Franz.: Aigrette garzette Eng.: Little Egret Sieht man bei uns in der Schweiz einen Seidenreiher, ist man\u2026","rel":"","context":"In &quot;Frankreich&quot;","block_context":{"text":"Frankreich","link":"https:\/\/idnu.ch\/wordpress\/category\/laender\/frankreich\/"},"img":{"alt_text":"Seidenreiher im Morgenlicht","src":"https:\/\/i0.wp.com\/idnu.ch\/wordpress\/wp-content\/uploads\/2024\/10\/camargue-20240923-35-Bearbeitet.jpg?fit=1200%2C800&ssl=1&resize=350%2C200","width":350,"height":200,"srcset":"https:\/\/i0.wp.com\/idnu.ch\/wordpress\/wp-content\/uploads\/2024\/10\/camargue-20240923-35-Bearbeitet.jpg?fit=1200%2C800&ssl=1&resize=350%2C200 1x, https:\/\/i0.wp.com\/idnu.ch\/wordpress\/wp-content\/uploads\/2024\/10\/camargue-20240923-35-Bearbeitet.jpg?fit=1200%2C800&ssl=1&resize=525%2C300 1.5x, https:\/\/i0.wp.com\/idnu.ch\/wordpress\/wp-content\/uploads\/2024\/10\/camargue-20240923-35-Bearbeitet.jpg?fit=1200%2C800&ssl=1&resize=700%2C400 2x, https:\/\/i0.wp.com\/idnu.ch\/wordpress\/wp-content\/uploads\/2024\/10\/camargue-20240923-35-Bearbeitet.jpg?fit=1200%2C800&ssl=1&resize=1050%2C600 3x"},"classes":[]},{"id":27019,"url":"https:\/\/idnu.ch\/wordpress\/einer-waelzt-steine\/","url_meta":{"origin":26665,"position":4},"title":"Einer w\u00e4lzt Steine","author":"Urs Kyburz","date":"14. Dezember 2024","format":false,"excerpt":"In der Camargue beobachteten wir zahlreiche Limikolen. Eine begegnete uns aber immer wieder: Der Steinw\u00e4lzer. Anders als andere Limikolen hat er einen relativ kurzen, kr\u00e4ftigen Schnabel, mit dem er Muscheln und Steine umkehrt, um darunter nach Fressbarem zu suchen. Einer, der Steine w\u00e4lzt eben. Wiss.: Arenaria interpres Franz.: Tournepierre \u00e0\u2026","rel":"","context":"In &quot;Frankreich&quot;","block_context":{"text":"Frankreich","link":"https:\/\/idnu.ch\/wordpress\/category\/laender\/frankreich\/"},"img":{"alt_text":"","src":"https:\/\/i0.wp.com\/idnu.ch\/wordpress\/wp-content\/uploads\/2024\/12\/camargue-20241004-6-Bearbeitet.jpg?fit=1200%2C800&ssl=1&resize=350%2C200","width":350,"height":200,"srcset":"https:\/\/i0.wp.com\/idnu.ch\/wordpress\/wp-content\/uploads\/2024\/12\/camargue-20241004-6-Bearbeitet.jpg?fit=1200%2C800&ssl=1&resize=350%2C200 1x, https:\/\/i0.wp.com\/idnu.ch\/wordpress\/wp-content\/uploads\/2024\/12\/camargue-20241004-6-Bearbeitet.jpg?fit=1200%2C800&ssl=1&resize=525%2C300 1.5x, https:\/\/i0.wp.com\/idnu.ch\/wordpress\/wp-content\/uploads\/2024\/12\/camargue-20241004-6-Bearbeitet.jpg?fit=1200%2C800&ssl=1&resize=700%2C400 2x, https:\/\/i0.wp.com\/idnu.ch\/wordpress\/wp-content\/uploads\/2024\/12\/camargue-20241004-6-Bearbeitet.jpg?fit=1200%2C800&ssl=1&resize=1050%2C600 3x"},"classes":[]},{"id":27063,"url":"https:\/\/idnu.ch\/wordpress\/immer-am-herumwuseln-der-sandregenpfeifer\/","url_meta":{"origin":26665,"position":5},"title":"Immer am Herumwuseln: Der Sandregenpfeifer","author":"Urs Kyburz","date":"22. Dezember 2024","format":false,"excerpt":"Immer am Herumwuseln: Der Sandregenpfeifer ist meist in kleinen Trupps unterwegs, immer auf der Suche nach Nahrung. Wir trafen sie \u00fcberall an, wo es Schlickfl\u00e4chen gab. Wiss.: Charadrius hiaticula Franz.: Grand Gravelot Eng.: Common Ringed Plover Der Sandregenpfeifer ist ein Brutvogel der britischen, niederl\u00e4ndischen und deutschen K\u00fcste, an den K\u00fcsten\u2026","rel":"","context":"In &quot;Frankreich&quot;","block_context":{"text":"Frankreich","link":"https:\/\/idnu.ch\/wordpress\/category\/laender\/frankreich\/"},"img":{"alt_text":"","src":"https:\/\/i0.wp.com\/idnu.ch\/wordpress\/wp-content\/uploads\/2024\/12\/camargue-20240927-103-Bearbeitet.jpg?fit=1200%2C800&ssl=1&resize=350%2C200","width":350,"height":200,"srcset":"https:\/\/i0.wp.com\/idnu.ch\/wordpress\/wp-content\/uploads\/2024\/12\/camargue-20240927-103-Bearbeitet.jpg?fit=1200%2C800&ssl=1&resize=350%2C200 1x, https:\/\/i0.wp.com\/idnu.ch\/wordpress\/wp-content\/uploads\/2024\/12\/camargue-20240927-103-Bearbeitet.jpg?fit=1200%2C800&ssl=1&resize=525%2C300 1.5x, https:\/\/i0.wp.com\/idnu.ch\/wordpress\/wp-content\/uploads\/2024\/12\/camargue-20240927-103-Bearbeitet.jpg?fit=1200%2C800&ssl=1&resize=700%2C400 2x, https:\/\/i0.wp.com\/idnu.ch\/wordpress\/wp-content\/uploads\/2024\/12\/camargue-20240927-103-Bearbeitet.jpg?fit=1200%2C800&ssl=1&resize=1050%2C600 3x"},"classes":[]}],"jetpack_likes_enabled":true,"_links":{"self":[{"href":"https:\/\/idnu.ch\/wordpress\/wp-json\/wp\/v2\/posts\/26665","targetHints":{"allow":["GET"]}}],"collection":[{"href":"https:\/\/idnu.ch\/wordpress\/wp-json\/wp\/v2\/posts"}],"about":[{"href":"https:\/\/idnu.ch\/wordpress\/wp-json\/wp\/v2\/types\/post"}],"author":[{"embeddable":true,"href":"https:\/\/idnu.ch\/wordpress\/wp-json\/wp\/v2\/users\/2"}],"replies":[{"embeddable":true,"href":"https:\/\/idnu.ch\/wordpress\/wp-json\/wp\/v2\/comments?post=26665"}],"version-history":[{"count":34,"href":"https:\/\/idnu.ch\/wordpress\/wp-json\/wp\/v2\/posts\/26665\/revisions"}],"predecessor-version":[{"id":26878,"href":"https:\/\/idnu.ch\/wordpress\/wp-json\/wp\/v2\/posts\/26665\/revisions\/26878"}],"wp:featuredmedia":[{"embeddable":true,"href":"https:\/\/idnu.ch\/wordpress\/wp-json\/wp\/v2\/media\/26832"}],"wp:attachment":[{"href":"https:\/\/idnu.ch\/wordpress\/wp-json\/wp\/v2\/media?parent=26665"}],"wp:term":[{"taxonomy":"category","embeddable":true,"href":"https:\/\/idnu.ch\/wordpress\/wp-json\/wp\/v2\/categories?post=26665"},{"taxonomy":"post_tag","embeddable":true,"href":"https:\/\/idnu.ch\/wordpress\/wp-json\/wp\/v2\/tags?post=26665"}],"curies":[{"name":"wp","href":"https:\/\/api.w.org\/{rel}","templated":true}]}}