{"id":27624,"date":"2025-09-27T19:13:54","date_gmt":"2025-09-27T17:13:54","guid":{"rendered":"https:\/\/idnu.ch\/wordpress\/?p=27624"},"modified":"2025-09-27T19:13:54","modified_gmt":"2025-09-27T17:13:54","slug":"wie-komme-ich-nach-schweden","status":"publish","type":"post","link":"https:\/\/idnu.ch\/wordpress\/wie-komme-ich-nach-schweden\/","title":{"rendered":"Wie komme ich nach Schweden?"},"content":{"rendered":"<p><strong>Bl\u00f6de Frage: Ins Flugzeug steigen und hin fliegen. Nun, das ist die gedankenlose Version. Denn fliegen belastet ja das Klima und die Umwelt enorm, ist aber so bequem. Wir haben einen anderen Weg gew\u00e4hlt um nach Schweden (und wieder nach Hause) zu kommen.<\/strong><\/p>\n<p>Wann beginnen Ferien? Wenn man das Auto oder das Flugzeug nimmt, halt erst am Zielort. Wenn man sich aber Zeit nimmt und reisen will, beginnen die Ferien schon kurz nach dem Schliessen der Haust\u00fcre. Wie also reist man gediegen nach Schweden?<\/p>\n<h2>Schlafen und vorw\u00e4rts kommen<\/h2>\n<p>Nun, man reist abends nach Basel und steigt dort in den <a href=\"https:\/\/www.nightjet.com\/#\/home\" target=\"_blank\" rel=\"noopener\">Nightjet<\/a>. Das ist kein Flugzeug, sondern der Nachtzug der \u00d6BB. Die Kabinen sind eng, die Betten \u00fcbereinander, aber man ist ganz f\u00fcr sich alleine. Freundliches Personal hilft einem und zur Begr\u00fcssung erh\u00e4lt man pro Person einen kleinen Papiersack. Was da drin ist? Ein k\u00fchler Sekt als Bettm\u00fcmpfeli, Filzpantoffeln, damit man nicht in die Schuhe steigen muss, wenn man kurz nach draussen muss, Infomaterial mit Bestellkarte f\u00fcrs Fr\u00fchst\u00fcck und noch ein paar S\u00fcssigkeiten. Das f\u00e4ngt schon mal nicht schlecht an. Da es an diesem ersten Reisetag heiss war und wir bereits verschwitzt, sch\u00e4tzten wir die kurze Dusche sehr. Nun hinlegen und bei gleichm\u00e4ssigem Rumpeln sanft einschlummern.<\/p>\n<div class=\"tiled-gallery type-rectangular tiled-gallery-unresized\" data-original-width=\"750\" data-carousel-extra='{&quot;blog_id&quot;:1,&quot;permalink&quot;:&quot;https:\\\/\\\/idnu.ch\\\/wordpress\\\/wie-komme-ich-nach-schweden\\\/&quot;,&quot;likes_blog_id&quot;:100184974}' itemscope itemtype=\"http:\/\/schema.org\/ImageGallery\" > <div class=\"gallery-row\" style=\"width: 750px; height: 216px;\" data-original-width=\"750\" data-original-height=\"216\" > <div class=\"gallery-group images-1\" style=\"width: 124px; height: 216px;\" data-original-width=\"124\" data-original-height=\"216\" > <div class=\"tiled-gallery-item tiled-gallery-item-small\" itemprop=\"associatedMedia\" itemscope itemtype=\"http:\/\/schema.org\/ImageObject\"> <a href=\"https:\/\/idnu.ch\/wordpress\/wie-komme-ich-nach-schweden\/schweden-20250701-1-bearbeitet\/#main\" border=\"0\" itemprop=\"url\"> <meta itemprop=\"width\" content=\"120\"> <meta itemprop=\"height\" content=\"212\"> <img decoding=\"async\" class=\"\" data-attachment-id=\"28127\" data-orig-file=\"https:\/\/idnu.ch\/wordpress\/wp-content\/uploads\/2025\/09\/schweden-20250701-1-Bearbeitet.jpg\" data-orig-size=\"699,1240\" data-comments-opened=\"1\" data-image-meta=\"{&quot;aperture&quot;:&quot;1.8&quot;,&quot;credit&quot;:&quot;&quot;,&quot;camera&quot;:&quot;XQ-DC54&quot;,&quot;caption&quot;:&quot;&quot;,&quot;created_timestamp&quot;:&quot;1751397641&quot;,&quot;copyright&quot;:&quot;&quot;,&quot;focal_length&quot;:&quot;4.71&quot;,&quot;iso&quot;:&quot;250&quot;,&quot;shutter_speed&quot;:&quot;0.02&quot;,&quot;title&quot;:&quot;&quot;,&quot;orientation&quot;:&quot;0&quot;}\" data-image-title=\"Warten in Basel auf den Nachtzug\" data-image-description=\"\" data-medium-file=\"https:\/\/i0.wp.com\/idnu.ch\/wordpress\/wp-content\/uploads\/2025\/09\/schweden-20250701-1-Bearbeitet.jpg?fit=169%2C300&#038;ssl=1\" data-large-file=\"https:\/\/i0.wp.com\/idnu.ch\/wordpress\/wp-content\/uploads\/2025\/09\/schweden-20250701-1-Bearbeitet.jpg?fit=577%2C1024&#038;ssl=1\" src=\"https:\/\/i0.wp.com\/idnu.ch\/wordpress\/wp-content\/uploads\/2025\/09\/schweden-20250701-1-Bearbeitet.jpg?w=120&#038;h=212&#038;ssl=1\" srcset=\"https:\/\/i0.wp.com\/idnu.ch\/wordpress\/wp-content\/uploads\/2025\/09\/schweden-20250701-1-Bearbeitet.jpg?w=699&amp;ssl=1 699w, https:\/\/i0.wp.com\/idnu.ch\/wordpress\/wp-content\/uploads\/2025\/09\/schweden-20250701-1-Bearbeitet.jpg?resize=169%2C300&amp;ssl=1 169w, https:\/\/i0.wp.com\/idnu.ch\/wordpress\/wp-content\/uploads\/2025\/09\/schweden-20250701-1-Bearbeitet.jpg?resize=577%2C1024&amp;ssl=1 577w, https:\/\/i0.wp.com\/idnu.ch\/wordpress\/wp-content\/uploads\/2025\/09\/schweden-20250701-1-Bearbeitet.jpg?resize=56%2C100&amp;ssl=1 56w\" width=\"120\" height=\"212\" loading=\"lazy\" data-original-width=\"120\" data-original-height=\"212\" itemprop=\"http:\/\/schema.org\/image\" title=\"Warten in Basel auf den Nachtzug\" alt=\"Warten in Basel auf den Nachtzug\" style=\"width: 120px; height: 212px;\" \/> <\/a> <div class=\"tiled-gallery-caption\" itemprop=\"caption description\"> Warten in Basel auf den Nachtzug <\/div> <\/div> <\/div> <!-- close group --> <div class=\"gallery-group images-1\" style=\"width: 380px; height: 216px;\" data-original-width=\"380\" data-original-height=\"216\" > <div class=\"tiled-gallery-item tiled-gallery-item-large\" itemprop=\"associatedMedia\" itemscope itemtype=\"http:\/\/schema.org\/ImageObject\"> <a href=\"https:\/\/idnu.ch\/wordpress\/wie-komme-ich-nach-schweden\/schweden-20250701-6-bearbeitet\/#main\" border=\"0\" itemprop=\"url\"> <meta itemprop=\"width\" content=\"376\"> <meta itemprop=\"height\" content=\"212\"> <img decoding=\"async\" class=\"\" data-attachment-id=\"28128\" data-orig-file=\"https:\/\/idnu.ch\/wordpress\/wp-content\/uploads\/2025\/09\/schweden-20250701-6-Bearbeitet.jpg\" data-orig-size=\"1240,699\" data-comments-opened=\"1\" data-image-meta=\"{&quot;aperture&quot;:&quot;2.2&quot;,&quot;credit&quot;:&quot;&quot;,&quot;camera&quot;:&quot;XQ-DC54&quot;,&quot;caption&quot;:&quot;&quot;,&quot;created_timestamp&quot;:&quot;1751404046&quot;,&quot;copyright&quot;:&quot;&quot;,&quot;focal_length&quot;:&quot;1.65&quot;,&quot;iso&quot;:&quot;1600&quot;,&quot;shutter_speed&quot;:&quot;0.01&quot;,&quot;title&quot;:&quot;&quot;,&quot;orientation&quot;:&quot;0&quot;}\" data-image-title=\"Es ist eng\" data-image-description=\"\" data-medium-file=\"https:\/\/i0.wp.com\/idnu.ch\/wordpress\/wp-content\/uploads\/2025\/09\/schweden-20250701-6-Bearbeitet.jpg?fit=300%2C169&#038;ssl=1\" data-large-file=\"https:\/\/i0.wp.com\/idnu.ch\/wordpress\/wp-content\/uploads\/2025\/09\/schweden-20250701-6-Bearbeitet.jpg?fit=750%2C423&#038;ssl=1\" src=\"https:\/\/i0.wp.com\/idnu.ch\/wordpress\/wp-content\/uploads\/2025\/09\/schweden-20250701-6-Bearbeitet.jpg?w=376&#038;h=212&#038;ssl=1\" srcset=\"https:\/\/i0.wp.com\/idnu.ch\/wordpress\/wp-content\/uploads\/2025\/09\/schweden-20250701-6-Bearbeitet.jpg?w=1240&amp;ssl=1 1240w, https:\/\/i0.wp.com\/idnu.ch\/wordpress\/wp-content\/uploads\/2025\/09\/schweden-20250701-6-Bearbeitet.jpg?resize=300%2C169&amp;ssl=1 300w, https:\/\/i0.wp.com\/idnu.ch\/wordpress\/wp-content\/uploads\/2025\/09\/schweden-20250701-6-Bearbeitet.jpg?resize=1024%2C577&amp;ssl=1 1024w, https:\/\/i0.wp.com\/idnu.ch\/wordpress\/wp-content\/uploads\/2025\/09\/schweden-20250701-6-Bearbeitet.jpg?resize=768%2C433&amp;ssl=1 768w, https:\/\/i0.wp.com\/idnu.ch\/wordpress\/wp-content\/uploads\/2025\/09\/schweden-20250701-6-Bearbeitet.jpg?resize=177%2C100&amp;ssl=1 177w\" width=\"376\" height=\"212\" loading=\"lazy\" data-original-width=\"376\" data-original-height=\"212\" itemprop=\"http:\/\/schema.org\/image\" title=\"Es ist eng\" alt=\"Es ist eng\" style=\"width: 376px; height: 212px;\" \/> <\/a> <div class=\"tiled-gallery-caption\" itemprop=\"caption description\"> Es ist eng <\/div> <\/div> <\/div> <!-- close group --> <div class=\"gallery-group images-1\" style=\"width: 123px; height: 216px;\" data-original-width=\"123\" data-original-height=\"216\" > <div class=\"tiled-gallery-item tiled-gallery-item-small\" itemprop=\"associatedMedia\" itemscope itemtype=\"http:\/\/schema.org\/ImageObject\"> <a href=\"https:\/\/idnu.ch\/wordpress\/wie-komme-ich-nach-schweden\/schweden-20250702-1-bearbeitet\/#main\" border=\"0\" itemprop=\"url\"> <meta itemprop=\"width\" content=\"119\"> <meta itemprop=\"height\" content=\"212\"> <img decoding=\"async\" class=\"\" data-attachment-id=\"28129\" data-orig-file=\"https:\/\/idnu.ch\/wordpress\/wp-content\/uploads\/2025\/09\/schweden-20250702-1-Bearbeitet.jpg\" data-orig-size=\"699,1240\" data-comments-opened=\"1\" data-image-meta=\"{&quot;aperture&quot;:&quot;1.8&quot;,&quot;credit&quot;:&quot;&quot;,&quot;camera&quot;:&quot;XQ-DC54&quot;,&quot;caption&quot;:&quot;&quot;,&quot;created_timestamp&quot;:&quot;1751432384&quot;,&quot;copyright&quot;:&quot;&quot;,&quot;focal_length&quot;:&quot;4.71&quot;,&quot;iso&quot;:&quot;100&quot;,&quot;shutter_speed&quot;:&quot;0.02&quot;,&quot;title&quot;:&quot;&quot;,&quot;orientation&quot;:&quot;0&quot;}\" data-image-title=\"\" data-image-description=\"\" data-medium-file=\"https:\/\/i0.wp.com\/idnu.ch\/wordpress\/wp-content\/uploads\/2025\/09\/schweden-20250702-1-Bearbeitet.jpg?fit=169%2C300&#038;ssl=1\" data-large-file=\"https:\/\/i0.wp.com\/idnu.ch\/wordpress\/wp-content\/uploads\/2025\/09\/schweden-20250702-1-Bearbeitet.jpg?fit=577%2C1024&#038;ssl=1\" src=\"https:\/\/i0.wp.com\/idnu.ch\/wordpress\/wp-content\/uploads\/2025\/09\/schweden-20250702-1-Bearbeitet.jpg?w=119&#038;h=212&#038;ssl=1\" srcset=\"https:\/\/i0.wp.com\/idnu.ch\/wordpress\/wp-content\/uploads\/2025\/09\/schweden-20250702-1-Bearbeitet.jpg?w=699&amp;ssl=1 699w, https:\/\/i0.wp.com\/idnu.ch\/wordpress\/wp-content\/uploads\/2025\/09\/schweden-20250702-1-Bearbeitet.jpg?resize=169%2C300&amp;ssl=1 169w, https:\/\/i0.wp.com\/idnu.ch\/wordpress\/wp-content\/uploads\/2025\/09\/schweden-20250702-1-Bearbeitet.jpg?resize=577%2C1024&amp;ssl=1 577w, https:\/\/i0.wp.com\/idnu.ch\/wordpress\/wp-content\/uploads\/2025\/09\/schweden-20250702-1-Bearbeitet.jpg?resize=56%2C100&amp;ssl=1 56w\" width=\"119\" height=\"212\" loading=\"lazy\" data-original-width=\"119\" data-original-height=\"212\" itemprop=\"http:\/\/schema.org\/image\" title=\"\" alt=\"\" style=\"width: 119px; height: 212px;\" \/> <\/a> <\/div> <\/div> <!-- close group --> <div class=\"gallery-group images-1\" style=\"width: 123px; height: 216px;\" data-original-width=\"123\" data-original-height=\"216\" > <div class=\"tiled-gallery-item tiled-gallery-item-small\" itemprop=\"associatedMedia\" itemscope itemtype=\"http:\/\/schema.org\/ImageObject\"> <a href=\"https:\/\/idnu.ch\/wordpress\/wie-komme-ich-nach-schweden\/schweden-20250702-2-bearbeitet\/#main\" border=\"0\" itemprop=\"url\"> <meta itemprop=\"width\" content=\"119\"> <meta itemprop=\"height\" content=\"212\"> <img decoding=\"async\" class=\"\" data-attachment-id=\"28130\" data-orig-file=\"https:\/\/idnu.ch\/wordpress\/wp-content\/uploads\/2025\/09\/schweden-20250702-2-Bearbeitet.jpg\" data-orig-size=\"699,1240\" data-comments-opened=\"1\" data-image-meta=\"{&quot;aperture&quot;:&quot;1.8&quot;,&quot;credit&quot;:&quot;&quot;,&quot;camera&quot;:&quot;XQ-DC54&quot;,&quot;caption&quot;:&quot;&quot;,&quot;created_timestamp&quot;:&quot;1751432673&quot;,&quot;copyright&quot;:&quot;&quot;,&quot;focal_length&quot;:&quot;4.71&quot;,&quot;iso&quot;:&quot;250&quot;,&quot;shutter_speed&quot;:&quot;0.02&quot;,&quot;title&quot;:&quot;&quot;,&quot;orientation&quot;:&quot;0&quot;}\" data-image-title=\"Auch die G\u00e4nge sind eng\" data-image-description=\"\" data-medium-file=\"https:\/\/i0.wp.com\/idnu.ch\/wordpress\/wp-content\/uploads\/2025\/09\/schweden-20250702-2-Bearbeitet.jpg?fit=169%2C300&#038;ssl=1\" data-large-file=\"https:\/\/i0.wp.com\/idnu.ch\/wordpress\/wp-content\/uploads\/2025\/09\/schweden-20250702-2-Bearbeitet.jpg?fit=577%2C1024&#038;ssl=1\" src=\"https:\/\/i0.wp.com\/idnu.ch\/wordpress\/wp-content\/uploads\/2025\/09\/schweden-20250702-2-Bearbeitet.jpg?w=119&#038;h=212&#038;ssl=1\" srcset=\"https:\/\/i0.wp.com\/idnu.ch\/wordpress\/wp-content\/uploads\/2025\/09\/schweden-20250702-2-Bearbeitet.jpg?w=699&amp;ssl=1 699w, https:\/\/i0.wp.com\/idnu.ch\/wordpress\/wp-content\/uploads\/2025\/09\/schweden-20250702-2-Bearbeitet.jpg?resize=169%2C300&amp;ssl=1 169w, https:\/\/i0.wp.com\/idnu.ch\/wordpress\/wp-content\/uploads\/2025\/09\/schweden-20250702-2-Bearbeitet.jpg?resize=577%2C1024&amp;ssl=1 577w, https:\/\/i0.wp.com\/idnu.ch\/wordpress\/wp-content\/uploads\/2025\/09\/schweden-20250702-2-Bearbeitet.jpg?resize=56%2C100&amp;ssl=1 56w\" width=\"119\" height=\"212\" loading=\"lazy\" data-original-width=\"119\" data-original-height=\"212\" itemprop=\"http:\/\/schema.org\/image\" title=\"Auch die G\u00e4nge sind eng\" alt=\"Auch die G\u00e4nge sind eng\" style=\"width: 119px; height: 212px;\" \/> <\/a> <div class=\"tiled-gallery-caption\" itemprop=\"caption description\"> Auch die G\u00e4nge sind eng <\/div> <\/div> <\/div> <!-- close group --> <\/div> <!-- close row --> <\/div>\n<p>Irgendwann erwache ich, das Licht an, aus, an aus. Was macht die Frau st\u00e4ndig das Licht an und aus. Bis ich die Augen \u00f6ffne: Es ist die Sonne, die in unsere Kabine scheint! Offensichtlich habe ich sehr gut geschlafen. In Hamburg endet die Fahrt im Nachtzug, weiter geht es in einem normalen Zug nach Kiel.<\/p>\n<h2>Mit der F\u00e4hre nach G\u00f6teborg<\/h2>\n<p>Von Kiel geht es am Abend weiter mit der F\u00e4hre der <a href=\"https:\/\/www.stenaline.de\/\" target=\"_blank\" rel=\"noopener\">Stena Line<\/a>. Dort gibt es ger\u00e4umigere Kabinen, ger\u00e4umigere G\u00e4nge und es gibt Restaurants und Bars. So k\u00f6nnen wir gem\u00fctlich zu Abend essen, dabei aufs Meer hinaus schauen und mit anderen G\u00e4sten plaudern. Auch diese Nacht schlafe ich sehr gut. Am Morgen gibt es Fr\u00fchst\u00fcck, und bald darauf kommen wir in G\u00f6teborg an. Klar, mit dem Flugzeug w\u00e4ren in einem Tag in G\u00f6teborg angekommen. Aber was wir alles verpasst h\u00e4tten! Mit Zug und F\u00e4he kommt man relativ langsam voran, hat aber auch Zeit, herunterzukommen und die Fahrt zu geniessen.<\/p>\n<div class=\"tiled-gallery type-rectangular tiled-gallery-unresized\" data-original-width=\"750\" data-carousel-extra='{&quot;blog_id&quot;:1,&quot;permalink&quot;:&quot;https:\\\/\\\/idnu.ch\\\/wordpress\\\/wie-komme-ich-nach-schweden\\\/&quot;,&quot;likes_blog_id&quot;:100184974}' itemscope itemtype=\"http:\/\/schema.org\/ImageGallery\" > <div class=\"gallery-row\" style=\"width: 750px; height: 643px;\" data-original-width=\"750\" data-original-height=\"643\" > <div class=\"gallery-group images-1\" style=\"width: 430px; height: 643px;\" data-original-width=\"430\" data-original-height=\"643\" > <div class=\"tiled-gallery-item tiled-gallery-item-large\" itemprop=\"associatedMedia\" itemscope itemtype=\"http:\/\/schema.org\/ImageObject\"> <a href=\"https:\/\/idnu.ch\/wordpress\/wie-komme-ich-nach-schweden\/schweden-20250702-6-bearbeitet\/#main\" border=\"0\" itemprop=\"url\"> <meta itemprop=\"width\" content=\"426\"> <meta itemprop=\"height\" content=\"639\"> <img decoding=\"async\" class=\"\" data-attachment-id=\"28131\" data-orig-file=\"https:\/\/idnu.ch\/wordpress\/wp-content\/uploads\/2025\/09\/schweden-20250702-6-Bearbeitet.jpg\" data-orig-size=\"827,1240\" data-comments-opened=\"1\" data-image-meta=\"{&quot;aperture&quot;:&quot;7.1&quot;,&quot;credit&quot;:&quot;Urs Kyburz&quot;,&quot;camera&quot;:&quot;Canon EOS 5D Mark IV&quot;,&quot;caption&quot;:&quot;&quot;,&quot;created_timestamp&quot;:&quot;1751459104&quot;,&quot;copyright&quot;:&quot;Copyright Urs Kyburz (2019)&quot;,&quot;focal_length&quot;:&quot;24&quot;,&quot;iso&quot;:&quot;12800&quot;,&quot;shutter_speed&quot;:&quot;0.04&quot;,&quot;title&quot;:&quot;&quot;,&quot;orientation&quot;:&quot;0&quot;}\" data-image-title=\"Ger\u00e4umigere G\u00e4nge als im Zug\" data-image-description=\"\" data-medium-file=\"https:\/\/i0.wp.com\/idnu.ch\/wordpress\/wp-content\/uploads\/2025\/09\/schweden-20250702-6-Bearbeitet.jpg?fit=200%2C300&#038;ssl=1\" data-large-file=\"https:\/\/i0.wp.com\/idnu.ch\/wordpress\/wp-content\/uploads\/2025\/09\/schweden-20250702-6-Bearbeitet.jpg?fit=683%2C1024&#038;ssl=1\" src=\"https:\/\/i0.wp.com\/idnu.ch\/wordpress\/wp-content\/uploads\/2025\/09\/schweden-20250702-6-Bearbeitet.jpg?w=426&#038;h=639&#038;ssl=1\" srcset=\"https:\/\/i0.wp.com\/idnu.ch\/wordpress\/wp-content\/uploads\/2025\/09\/schweden-20250702-6-Bearbeitet.jpg?w=827&amp;ssl=1 827w, https:\/\/i0.wp.com\/idnu.ch\/wordpress\/wp-content\/uploads\/2025\/09\/schweden-20250702-6-Bearbeitet.jpg?resize=200%2C300&amp;ssl=1 200w, https:\/\/i0.wp.com\/idnu.ch\/wordpress\/wp-content\/uploads\/2025\/09\/schweden-20250702-6-Bearbeitet.jpg?resize=683%2C1024&amp;ssl=1 683w, https:\/\/i0.wp.com\/idnu.ch\/wordpress\/wp-content\/uploads\/2025\/09\/schweden-20250702-6-Bearbeitet.jpg?resize=768%2C1152&amp;ssl=1 768w, https:\/\/i0.wp.com\/idnu.ch\/wordpress\/wp-content\/uploads\/2025\/09\/schweden-20250702-6-Bearbeitet.jpg?resize=67%2C100&amp;ssl=1 67w\" width=\"426\" height=\"639\" loading=\"lazy\" data-original-width=\"426\" data-original-height=\"639\" itemprop=\"http:\/\/schema.org\/image\" title=\"Ger\u00e4umigere G\u00e4nge als im Zug\" alt=\"Ger\u00e4umigere G\u00e4nge als im Zug\" style=\"width: 426px; height: 639px;\" \/> <\/a> <div class=\"tiled-gallery-caption\" itemprop=\"caption description\"> Ger\u00e4umigere G\u00e4nge als im Zug <\/div> <\/div> <\/div> <!-- close group --> <div class=\"gallery-group images-3\" style=\"width: 320px; height: 643px;\" data-original-width=\"320\" data-original-height=\"643\" > <div class=\"tiled-gallery-item tiled-gallery-item-large\" itemprop=\"associatedMedia\" itemscope itemtype=\"http:\/\/schema.org\/ImageObject\"> <a href=\"https:\/\/idnu.ch\/wordpress\/wie-komme-ich-nach-schweden\/schweden-20250702-7-bearbeitet\/#main\" border=\"0\" itemprop=\"url\"> <meta itemprop=\"width\" content=\"316\"> <meta itemprop=\"height\" content=\"211\"> <img decoding=\"async\" class=\"\" data-attachment-id=\"28132\" data-orig-file=\"https:\/\/idnu.ch\/wordpress\/wp-content\/uploads\/2025\/09\/schweden-20250702-7-Bearbeitet.jpg\" data-orig-size=\"1240,827\" data-comments-opened=\"1\" data-image-meta=\"{&quot;aperture&quot;:&quot;7.1&quot;,&quot;credit&quot;:&quot;Urs Kyburz&quot;,&quot;camera&quot;:&quot;Canon EOS 5D Mark IV&quot;,&quot;caption&quot;:&quot;&quot;,&quot;created_timestamp&quot;:&quot;1751459628&quot;,&quot;copyright&quot;:&quot;Copyright Urs Kyburz (2019)&quot;,&quot;focal_length&quot;:&quot;24&quot;,&quot;iso&quot;:&quot;100&quot;,&quot;shutter_speed&quot;:&quot;0.00625&quot;,&quot;title&quot;:&quot;&quot;,&quot;orientation&quot;:&quot;0&quot;}\" data-image-title=\"Unser Schiff\" data-image-description=\"\" data-medium-file=\"https:\/\/i0.wp.com\/idnu.ch\/wordpress\/wp-content\/uploads\/2025\/09\/schweden-20250702-7-Bearbeitet.jpg?fit=300%2C200&#038;ssl=1\" data-large-file=\"https:\/\/i0.wp.com\/idnu.ch\/wordpress\/wp-content\/uploads\/2025\/09\/schweden-20250702-7-Bearbeitet.jpg?fit=750%2C500&#038;ssl=1\" src=\"https:\/\/i0.wp.com\/idnu.ch\/wordpress\/wp-content\/uploads\/2025\/09\/schweden-20250702-7-Bearbeitet.jpg?w=316&#038;h=211&#038;ssl=1\" srcset=\"https:\/\/i0.wp.com\/idnu.ch\/wordpress\/wp-content\/uploads\/2025\/09\/schweden-20250702-7-Bearbeitet.jpg?w=1240&amp;ssl=1 1240w, https:\/\/i0.wp.com\/idnu.ch\/wordpress\/wp-content\/uploads\/2025\/09\/schweden-20250702-7-Bearbeitet.jpg?resize=300%2C200&amp;ssl=1 300w, https:\/\/i0.wp.com\/idnu.ch\/wordpress\/wp-content\/uploads\/2025\/09\/schweden-20250702-7-Bearbeitet.jpg?resize=1024%2C683&amp;ssl=1 1024w, https:\/\/i0.wp.com\/idnu.ch\/wordpress\/wp-content\/uploads\/2025\/09\/schweden-20250702-7-Bearbeitet.jpg?resize=768%2C512&amp;ssl=1 768w, https:\/\/i0.wp.com\/idnu.ch\/wordpress\/wp-content\/uploads\/2025\/09\/schweden-20250702-7-Bearbeitet.jpg?resize=150%2C100&amp;ssl=1 150w\" width=\"316\" height=\"211\" loading=\"lazy\" data-original-width=\"316\" data-original-height=\"211\" itemprop=\"http:\/\/schema.org\/image\" title=\"Unser Schiff\" alt=\"Unser Schiff\" style=\"width: 316px; height: 211px;\" \/> <\/a> <div class=\"tiled-gallery-caption\" itemprop=\"caption description\"> Unser Schiff <\/div> <\/div> <div class=\"tiled-gallery-item tiled-gallery-item-large\" itemprop=\"associatedMedia\" itemscope itemtype=\"http:\/\/schema.org\/ImageObject\"> <a href=\"https:\/\/idnu.ch\/wordpress\/wie-komme-ich-nach-schweden\/schweden-20250702-15-bearbeitet\/#main\" border=\"0\" itemprop=\"url\"> <meta itemprop=\"width\" content=\"316\"> <meta itemprop=\"height\" content=\"210\"> <img decoding=\"async\" class=\"\" data-attachment-id=\"28133\" data-orig-file=\"https:\/\/idnu.ch\/wordpress\/wp-content\/uploads\/2025\/09\/schweden-20250702-15-Bearbeitet.jpg\" data-orig-size=\"1240,827\" data-comments-opened=\"1\" data-image-meta=\"{&quot;aperture&quot;:&quot;7.1&quot;,&quot;credit&quot;:&quot;Urs Kyburz&quot;,&quot;camera&quot;:&quot;Canon EOS 5D Mark IV&quot;,&quot;caption&quot;:&quot;&quot;,&quot;created_timestamp&quot;:&quot;1751479742&quot;,&quot;copyright&quot;:&quot;Copyright Urs Kyburz (2019)&quot;,&quot;focal_length&quot;:&quot;100&quot;,&quot;iso&quot;:&quot;400&quot;,&quot;shutter_speed&quot;:&quot;0.0125&quot;,&quot;title&quot;:&quot;&quot;,&quot;orientation&quot;:&quot;0&quot;}\" data-image-title=\"Auf dem Meer\" data-image-description=\"\" data-medium-file=\"https:\/\/i0.wp.com\/idnu.ch\/wordpress\/wp-content\/uploads\/2025\/09\/schweden-20250702-15-Bearbeitet.jpg?fit=300%2C200&#038;ssl=1\" data-large-file=\"https:\/\/i0.wp.com\/idnu.ch\/wordpress\/wp-content\/uploads\/2025\/09\/schweden-20250702-15-Bearbeitet.jpg?fit=750%2C500&#038;ssl=1\" src=\"https:\/\/i0.wp.com\/idnu.ch\/wordpress\/wp-content\/uploads\/2025\/09\/schweden-20250702-15-Bearbeitet.jpg?w=316&#038;h=210&#038;ssl=1\" srcset=\"https:\/\/i0.wp.com\/idnu.ch\/wordpress\/wp-content\/uploads\/2025\/09\/schweden-20250702-15-Bearbeitet.jpg?w=1240&amp;ssl=1 1240w, https:\/\/i0.wp.com\/idnu.ch\/wordpress\/wp-content\/uploads\/2025\/09\/schweden-20250702-15-Bearbeitet.jpg?resize=300%2C200&amp;ssl=1 300w, https:\/\/i0.wp.com\/idnu.ch\/wordpress\/wp-content\/uploads\/2025\/09\/schweden-20250702-15-Bearbeitet.jpg?resize=1024%2C683&amp;ssl=1 1024w, https:\/\/i0.wp.com\/idnu.ch\/wordpress\/wp-content\/uploads\/2025\/09\/schweden-20250702-15-Bearbeitet.jpg?resize=768%2C512&amp;ssl=1 768w, https:\/\/i0.wp.com\/idnu.ch\/wordpress\/wp-content\/uploads\/2025\/09\/schweden-20250702-15-Bearbeitet.jpg?resize=150%2C100&amp;ssl=1 150w\" width=\"316\" height=\"210\" loading=\"lazy\" data-original-width=\"316\" data-original-height=\"210\" itemprop=\"http:\/\/schema.org\/image\" title=\"Auf dem Meer\" alt=\"Auf dem Meer\" style=\"width: 316px; height: 210px;\" \/> <\/a> <div class=\"tiled-gallery-caption\" itemprop=\"caption description\"> Auf dem Meer <\/div> <\/div> <div class=\"tiled-gallery-item tiled-gallery-item-large\" itemprop=\"associatedMedia\" itemscope itemtype=\"http:\/\/schema.org\/ImageObject\"> <a href=\"https:\/\/idnu.ch\/wordpress\/wie-komme-ich-nach-schweden\/schweden-20250702-17-bearbeitet\/#main\" border=\"0\" itemprop=\"url\"> <meta itemprop=\"width\" content=\"316\"> <meta itemprop=\"height\" content=\"210\"> <img decoding=\"async\" class=\"\" data-attachment-id=\"28134\" data-orig-file=\"https:\/\/idnu.ch\/wordpress\/wp-content\/uploads\/2025\/09\/schweden-20250702-17-Bearbeitet.jpg\" data-orig-size=\"1240,827\" data-comments-opened=\"1\" data-image-meta=\"{&quot;aperture&quot;:&quot;7.1&quot;,&quot;credit&quot;:&quot;Urs Kyburz&quot;,&quot;camera&quot;:&quot;Canon EOS 5D Mark IV&quot;,&quot;caption&quot;:&quot;&quot;,&quot;created_timestamp&quot;:&quot;1751479785&quot;,&quot;copyright&quot;:&quot;Copyright Urs Kyburz (2019)&quot;,&quot;focal_length&quot;:&quot;24&quot;,&quot;iso&quot;:&quot;320&quot;,&quot;shutter_speed&quot;:&quot;0.025&quot;,&quot;title&quot;:&quot;&quot;,&quot;orientation&quot;:&quot;0&quot;}\" data-image-title=\"\" data-image-description=\"\" data-medium-file=\"https:\/\/i0.wp.com\/idnu.ch\/wordpress\/wp-content\/uploads\/2025\/09\/schweden-20250702-17-Bearbeitet.jpg?fit=300%2C200&#038;ssl=1\" data-large-file=\"https:\/\/i0.wp.com\/idnu.ch\/wordpress\/wp-content\/uploads\/2025\/09\/schweden-20250702-17-Bearbeitet.jpg?fit=750%2C500&#038;ssl=1\" src=\"https:\/\/i0.wp.com\/idnu.ch\/wordpress\/wp-content\/uploads\/2025\/09\/schweden-20250702-17-Bearbeitet.jpg?w=316&#038;h=210&#038;ssl=1\" srcset=\"https:\/\/i0.wp.com\/idnu.ch\/wordpress\/wp-content\/uploads\/2025\/09\/schweden-20250702-17-Bearbeitet.jpg?w=1240&amp;ssl=1 1240w, https:\/\/i0.wp.com\/idnu.ch\/wordpress\/wp-content\/uploads\/2025\/09\/schweden-20250702-17-Bearbeitet.jpg?resize=300%2C200&amp;ssl=1 300w, https:\/\/i0.wp.com\/idnu.ch\/wordpress\/wp-content\/uploads\/2025\/09\/schweden-20250702-17-Bearbeitet.jpg?resize=1024%2C683&amp;ssl=1 1024w, https:\/\/i0.wp.com\/idnu.ch\/wordpress\/wp-content\/uploads\/2025\/09\/schweden-20250702-17-Bearbeitet.jpg?resize=768%2C512&amp;ssl=1 768w, https:\/\/i0.wp.com\/idnu.ch\/wordpress\/wp-content\/uploads\/2025\/09\/schweden-20250702-17-Bearbeitet.jpg?resize=150%2C100&amp;ssl=1 150w\" width=\"316\" height=\"210\" loading=\"lazy\" data-original-width=\"316\" data-original-height=\"210\" itemprop=\"http:\/\/schema.org\/image\" title=\"\" alt=\"\" style=\"width: 316px; height: 210px;\" \/> <\/a> <\/div> <\/div> <!-- close group --> <\/div> <!-- close row --> <div class=\"gallery-row\" style=\"width: 750px; height: 1123px;\" data-original-width=\"750\" data-original-height=\"1123\" > <div class=\"gallery-group images-1\" style=\"width: 750px; height: 1123px;\" data-original-width=\"750\" data-original-height=\"1123\" > <div class=\"tiled-gallery-item tiled-gallery-item-large\" itemprop=\"associatedMedia\" itemscope itemtype=\"http:\/\/schema.org\/ImageObject\"> <a href=\"https:\/\/idnu.ch\/wordpress\/wie-komme-ich-nach-schweden\/schweden-20250702-24-bearbeitet\/#main\" border=\"0\" itemprop=\"url\"> <meta itemprop=\"width\" content=\"746\"> <meta itemprop=\"height\" content=\"1119\"> <img decoding=\"async\" class=\"\" data-attachment-id=\"28135\" data-orig-file=\"https:\/\/idnu.ch\/wordpress\/wp-content\/uploads\/2025\/09\/schweden-20250702-24-Bearbeitet.jpg\" data-orig-size=\"827,1240\" data-comments-opened=\"1\" data-image-meta=\"{&quot;aperture&quot;:&quot;7.1&quot;,&quot;credit&quot;:&quot;Urs Kyburz&quot;,&quot;camera&quot;:&quot;Canon EOS 5D Mark IV&quot;,&quot;caption&quot;:&quot;&quot;,&quot;created_timestamp&quot;:&quot;1751480932&quot;,&quot;copyright&quot;:&quot;Copyright Urs Kyburz (2019)&quot;,&quot;focal_length&quot;:&quot;24&quot;,&quot;iso&quot;:&quot;12800&quot;,&quot;shutter_speed&quot;:&quot;0.05&quot;,&quot;title&quot;:&quot;&quot;,&quot;orientation&quot;:&quot;0&quot;}\" data-image-title=\"Die Kabine\" data-image-description=\"\" data-medium-file=\"https:\/\/i0.wp.com\/idnu.ch\/wordpress\/wp-content\/uploads\/2025\/09\/schweden-20250702-24-Bearbeitet.jpg?fit=200%2C300&#038;ssl=1\" data-large-file=\"https:\/\/i0.wp.com\/idnu.ch\/wordpress\/wp-content\/uploads\/2025\/09\/schweden-20250702-24-Bearbeitet.jpg?fit=683%2C1024&#038;ssl=1\" src=\"https:\/\/i0.wp.com\/idnu.ch\/wordpress\/wp-content\/uploads\/2025\/09\/schweden-20250702-24-Bearbeitet.jpg?w=746&#038;h=1119&#038;ssl=1\" srcset=\"https:\/\/i0.wp.com\/idnu.ch\/wordpress\/wp-content\/uploads\/2025\/09\/schweden-20250702-24-Bearbeitet.jpg?w=827&amp;ssl=1 827w, https:\/\/i0.wp.com\/idnu.ch\/wordpress\/wp-content\/uploads\/2025\/09\/schweden-20250702-24-Bearbeitet.jpg?resize=200%2C300&amp;ssl=1 200w, https:\/\/i0.wp.com\/idnu.ch\/wordpress\/wp-content\/uploads\/2025\/09\/schweden-20250702-24-Bearbeitet.jpg?resize=683%2C1024&amp;ssl=1 683w, https:\/\/i0.wp.com\/idnu.ch\/wordpress\/wp-content\/uploads\/2025\/09\/schweden-20250702-24-Bearbeitet.jpg?resize=768%2C1152&amp;ssl=1 768w, https:\/\/i0.wp.com\/idnu.ch\/wordpress\/wp-content\/uploads\/2025\/09\/schweden-20250702-24-Bearbeitet.jpg?resize=67%2C100&amp;ssl=1 67w\" width=\"746\" height=\"1119\" loading=\"lazy\" data-original-width=\"746\" data-original-height=\"1119\" itemprop=\"http:\/\/schema.org\/image\" title=\"Die Kabine\" alt=\"Die Kabine\" style=\"width: 746px; height: 1119px;\" \/> <\/a> <div class=\"tiled-gallery-caption\" itemprop=\"caption description\"> Die Kabine <\/div> <\/div> <\/div> <!-- close group --> <\/div> <!-- close row --> <\/div>\n<h2>Herumreisen in Schweden<\/h2>\n<p>In Schweden wird es dann aber schwierig, mit den \u00f6ffentlichen Verkehrsmitteln herumzureisen, insbesondere zu den Orten und Zeiten, die wir pr\u00e4ferierten. So mieteten wir ein Auto bei <a href=\"https:\/\/www.europcar.ch\/de-ch\" target=\"_blank\" rel=\"noopener\">Europcar<\/a>. Das Auto reservierten wir bereits aus der Schweiz, mit einem Rabatt des <a href=\"https:\/\/www.verkehrsclub.ch\/\" target=\"_blank\" rel=\"noopener\">VCS<\/a> kam es sogar noch etwas g\u00fcnstiger. Wir entschieden uns f\u00fcr ein Elektroauto, erhalten hatten wir einen \u0160koda Elroq. Wir hatten noch keine Erfahrung mit EVs, aber nach vier Wochen und 1500 Kilometer w\u00fcrden wir nie mehr einen Verbrenner kaufen, wenn wir wieder ein Auto brauchen w\u00fcrden. F\u00fcr Leute wie uns, die \u00fcberhaupt nicht gerne Auto fahren, ist es das Beste. Man kann \u00fcberall laden, in Schweden ist die Infrastruktur sehr gut ausgebaut. Wegen der Reichweite mussten wir nie Angst haben, irgendwo stecken zu bleiben. Voll geladen, waren 400 Kilometer m\u00f6glich, was wir ja sowieso nie aussch\u00f6pften.<\/p>\n<figure id=\"attachment_28137\" aria-describedby=\"caption-attachment-28137\" style=\"width: 699px\" class=\"wp-caption alignnone\"><a href=\"https:\/\/i0.wp.com\/idnu.ch\/wordpress\/wp-content\/uploads\/2025\/09\/schweden-20250704-10-Bearbeitet.jpg?ssl=1\"><img data-recalc-dims=\"1\" loading=\"lazy\" decoding=\"async\" data-attachment-id=\"28137\" data-permalink=\"https:\/\/idnu.ch\/wordpress\/wie-komme-ich-nach-schweden\/schweden-20250704-10-bearbeitet\/#main\" data-orig-file=\"https:\/\/i0.wp.com\/idnu.ch\/wordpress\/wp-content\/uploads\/2025\/09\/schweden-20250704-10-Bearbeitet.jpg?fit=699%2C1240&amp;ssl=1\" data-orig-size=\"699,1240\" data-comments-opened=\"1\" data-image-meta=\"{&quot;aperture&quot;:&quot;1.8&quot;,&quot;credit&quot;:&quot;&quot;,&quot;camera&quot;:&quot;XQ-DC54&quot;,&quot;caption&quot;:&quot;&quot;,&quot;created_timestamp&quot;:&quot;1751625461&quot;,&quot;copyright&quot;:&quot;&quot;,&quot;focal_length&quot;:&quot;4.71&quot;,&quot;iso&quot;:&quot;50&quot;,&quot;shutter_speed&quot;:&quot;0.0008&quot;,&quot;title&quot;:&quot;&quot;,&quot;orientation&quot;:&quot;0&quot;}\" data-image-title=\"Unser Mietauto\" data-image-description=\"\" data-image-caption=\"&lt;p&gt;Unser Mietauto&lt;\/p&gt;\n\" data-large-file=\"https:\/\/i0.wp.com\/idnu.ch\/wordpress\/wp-content\/uploads\/2025\/09\/schweden-20250704-10-Bearbeitet.jpg?fit=577%2C1024&amp;ssl=1\" class=\"size-full wp-image-28137\" src=\"https:\/\/i0.wp.com\/idnu.ch\/wordpress\/wp-content\/uploads\/2025\/09\/schweden-20250704-10-Bearbeitet.jpg?resize=699%2C1240&#038;ssl=1\" alt=\"\" width=\"699\" height=\"1240\" srcset=\"https:\/\/i0.wp.com\/idnu.ch\/wordpress\/wp-content\/uploads\/2025\/09\/schweden-20250704-10-Bearbeitet.jpg?w=699&amp;ssl=1 699w, https:\/\/i0.wp.com\/idnu.ch\/wordpress\/wp-content\/uploads\/2025\/09\/schweden-20250704-10-Bearbeitet.jpg?resize=169%2C300&amp;ssl=1 169w, https:\/\/i0.wp.com\/idnu.ch\/wordpress\/wp-content\/uploads\/2025\/09\/schweden-20250704-10-Bearbeitet.jpg?resize=577%2C1024&amp;ssl=1 577w, https:\/\/i0.wp.com\/idnu.ch\/wordpress\/wp-content\/uploads\/2025\/09\/schweden-20250704-10-Bearbeitet.jpg?resize=56%2C100&amp;ssl=1 56w\" sizes=\"auto, (max-width: 699px) 100vw, 699px\" \/><\/a><figcaption id=\"caption-attachment-28137\" class=\"wp-caption-text\">Unser Mietauto<\/figcaption><\/figure>\n<h2>Die R\u00fcckreise<\/h2>\n<p>Irgendwann endeten auch diese Ferien. Zur\u00fcck ging es auch wieder etappenweise, damit wir uns langsam wieder an den Alltag herantasten konnten. Mit dem Zug fuhren wir von G\u00f6teborg in ungef\u00e4hr vier Stunden nach Kopenhagen. Dort verbrachten wir nochmals drei N\u00e4chte, besuchten nat\u00fcrlich auch dort ein Naturschutzgebiet, besichtigten aber auch die Stadt. Genial zu erkunden ist sie mit dem Fahrrad, Kopenhagen ist ja bekannt als fortschrittliche Fahrradstadt.<\/p>\n<div class=\"tiled-gallery type-rectangular tiled-gallery-unresized\" data-original-width=\"750\" data-carousel-extra='{&quot;blog_id&quot;:1,&quot;permalink&quot;:&quot;https:\\\/\\\/idnu.ch\\\/wordpress\\\/wie-komme-ich-nach-schweden\\\/&quot;,&quot;likes_blog_id&quot;:100184974}' itemscope itemtype=\"http:\/\/schema.org\/ImageGallery\" > <div class=\"gallery-row\" style=\"width: 750px; height: 205px;\" data-original-width=\"750\" data-original-height=\"205\" > <div class=\"gallery-group images-1\" style=\"width: 306px; height: 205px;\" data-original-width=\"306\" data-original-height=\"205\" > <div class=\"tiled-gallery-item tiled-gallery-item-large\" itemprop=\"associatedMedia\" itemscope itemtype=\"http:\/\/schema.org\/ImageObject\"> <a href=\"https:\/\/idnu.ch\/wordpress\/wie-komme-ich-nach-schweden\/schweden-20250801-1-bearbeitet\/#main\" border=\"0\" itemprop=\"url\"> <meta itemprop=\"width\" content=\"302\"> <meta itemprop=\"height\" content=\"201\"> <img decoding=\"async\" class=\"\" data-attachment-id=\"28138\" data-orig-file=\"https:\/\/idnu.ch\/wordpress\/wp-content\/uploads\/2025\/09\/schweden-20250801-1-Bearbeitet.jpg\" data-orig-size=\"1240,827\" data-comments-opened=\"1\" data-image-meta=\"{&quot;aperture&quot;:&quot;11&quot;,&quot;credit&quot;:&quot;Urs Kyburz&quot;,&quot;camera&quot;:&quot;Canon EOS 5D Mark IV&quot;,&quot;caption&quot;:&quot;&quot;,&quot;created_timestamp&quot;:&quot;1754050897&quot;,&quot;copyright&quot;:&quot;Copyright Urs Kyburz (2019)&quot;,&quot;focal_length&quot;:&quot;24&quot;,&quot;iso&quot;:&quot;500&quot;,&quot;shutter_speed&quot;:&quot;0.025&quot;,&quot;title&quot;:&quot;&quot;,&quot;orientation&quot;:&quot;0&quot;}\" data-image-title=\"\" data-image-description=\"\" data-medium-file=\"https:\/\/i0.wp.com\/idnu.ch\/wordpress\/wp-content\/uploads\/2025\/09\/schweden-20250801-1-Bearbeitet.jpg?fit=300%2C200&#038;ssl=1\" data-large-file=\"https:\/\/i0.wp.com\/idnu.ch\/wordpress\/wp-content\/uploads\/2025\/09\/schweden-20250801-1-Bearbeitet.jpg?fit=750%2C500&#038;ssl=1\" src=\"https:\/\/i0.wp.com\/idnu.ch\/wordpress\/wp-content\/uploads\/2025\/09\/schweden-20250801-1-Bearbeitet.jpg?w=302&#038;h=201&#038;ssl=1\" srcset=\"https:\/\/i0.wp.com\/idnu.ch\/wordpress\/wp-content\/uploads\/2025\/09\/schweden-20250801-1-Bearbeitet.jpg?w=1240&amp;ssl=1 1240w, https:\/\/i0.wp.com\/idnu.ch\/wordpress\/wp-content\/uploads\/2025\/09\/schweden-20250801-1-Bearbeitet.jpg?resize=300%2C200&amp;ssl=1 300w, https:\/\/i0.wp.com\/idnu.ch\/wordpress\/wp-content\/uploads\/2025\/09\/schweden-20250801-1-Bearbeitet.jpg?resize=1024%2C683&amp;ssl=1 1024w, https:\/\/i0.wp.com\/idnu.ch\/wordpress\/wp-content\/uploads\/2025\/09\/schweden-20250801-1-Bearbeitet.jpg?resize=768%2C512&amp;ssl=1 768w, https:\/\/i0.wp.com\/idnu.ch\/wordpress\/wp-content\/uploads\/2025\/09\/schweden-20250801-1-Bearbeitet.jpg?resize=150%2C100&amp;ssl=1 150w\" width=\"302\" height=\"201\" loading=\"lazy\" data-original-width=\"302\" data-original-height=\"201\" itemprop=\"http:\/\/schema.org\/image\" title=\"\" alt=\"\" style=\"width: 302px; height: 201px;\" \/> <\/a> <\/div> <\/div> <!-- close group --> <div class=\"gallery-group images-1\" style=\"width: 138px; height: 205px;\" data-original-width=\"138\" data-original-height=\"205\" > <div class=\"tiled-gallery-item tiled-gallery-item-small\" itemprop=\"associatedMedia\" itemscope itemtype=\"http:\/\/schema.org\/ImageObject\"> <a href=\"https:\/\/idnu.ch\/wordpress\/wie-komme-ich-nach-schweden\/schweden-20250801-8-bearbeitet\/#main\" border=\"0\" itemprop=\"url\"> <meta itemprop=\"width\" content=\"134\"> <meta itemprop=\"height\" content=\"201\"> <img decoding=\"async\" class=\"\" data-attachment-id=\"28139\" data-orig-file=\"https:\/\/idnu.ch\/wordpress\/wp-content\/uploads\/2025\/09\/schweden-20250801-8-Bearbeitet.jpg\" data-orig-size=\"827,1240\" data-comments-opened=\"1\" data-image-meta=\"{&quot;aperture&quot;:&quot;11&quot;,&quot;credit&quot;:&quot;Urs Kyburz&quot;,&quot;camera&quot;:&quot;Canon EOS 5D Mark IV&quot;,&quot;caption&quot;:&quot;&quot;,&quot;created_timestamp&quot;:&quot;1754052162&quot;,&quot;copyright&quot;:&quot;Copyright Urs Kyburz (2019)&quot;,&quot;focal_length&quot;:&quot;73&quot;,&quot;iso&quot;:&quot;5000&quot;,&quot;shutter_speed&quot;:&quot;0.0125&quot;,&quot;title&quot;:&quot;&quot;,&quot;orientation&quot;:&quot;0&quot;}\" data-image-title=\"Das Fahrrad ist ein Massenverkehrsmittel\" data-image-description=\"\" data-medium-file=\"https:\/\/i0.wp.com\/idnu.ch\/wordpress\/wp-content\/uploads\/2025\/09\/schweden-20250801-8-Bearbeitet.jpg?fit=200%2C300&#038;ssl=1\" data-large-file=\"https:\/\/i0.wp.com\/idnu.ch\/wordpress\/wp-content\/uploads\/2025\/09\/schweden-20250801-8-Bearbeitet.jpg?fit=683%2C1024&#038;ssl=1\" src=\"https:\/\/i0.wp.com\/idnu.ch\/wordpress\/wp-content\/uploads\/2025\/09\/schweden-20250801-8-Bearbeitet.jpg?w=134&#038;h=201&#038;ssl=1\" srcset=\"https:\/\/i0.wp.com\/idnu.ch\/wordpress\/wp-content\/uploads\/2025\/09\/schweden-20250801-8-Bearbeitet.jpg?w=827&amp;ssl=1 827w, https:\/\/i0.wp.com\/idnu.ch\/wordpress\/wp-content\/uploads\/2025\/09\/schweden-20250801-8-Bearbeitet.jpg?resize=200%2C300&amp;ssl=1 200w, https:\/\/i0.wp.com\/idnu.ch\/wordpress\/wp-content\/uploads\/2025\/09\/schweden-20250801-8-Bearbeitet.jpg?resize=683%2C1024&amp;ssl=1 683w, https:\/\/i0.wp.com\/idnu.ch\/wordpress\/wp-content\/uploads\/2025\/09\/schweden-20250801-8-Bearbeitet.jpg?resize=768%2C1152&amp;ssl=1 768w, https:\/\/i0.wp.com\/idnu.ch\/wordpress\/wp-content\/uploads\/2025\/09\/schweden-20250801-8-Bearbeitet.jpg?resize=67%2C100&amp;ssl=1 67w\" width=\"134\" height=\"201\" loading=\"lazy\" data-original-width=\"134\" data-original-height=\"201\" itemprop=\"http:\/\/schema.org\/image\" title=\"Das Fahrrad ist ein Massenverkehrsmittel\" alt=\"Das Fahrrad ist ein Massenverkehrsmittel\" style=\"width: 134px; height: 201px;\" \/> <\/a> <div class=\"tiled-gallery-caption\" itemprop=\"caption description\"> Das Fahrrad ist ein Massenverkehrsmittel <\/div> <\/div> <\/div> <!-- close group --> <div class=\"gallery-group images-1\" style=\"width: 306px; height: 205px;\" data-original-width=\"306\" data-original-height=\"205\" > <div class=\"tiled-gallery-item tiled-gallery-item-large\" itemprop=\"associatedMedia\" itemscope itemtype=\"http:\/\/schema.org\/ImageObject\"> <a href=\"https:\/\/idnu.ch\/wordpress\/wie-komme-ich-nach-schweden\/schweden-20250801-12-bearbeitet\/#main\" border=\"0\" itemprop=\"url\"> <meta itemprop=\"width\" content=\"302\"> <meta itemprop=\"height\" content=\"201\"> <img decoding=\"async\" class=\"\" data-attachment-id=\"28140\" data-orig-file=\"https:\/\/idnu.ch\/wordpress\/wp-content\/uploads\/2025\/09\/schweden-20250801-12-Bearbeitet.jpg\" data-orig-size=\"1240,827\" data-comments-opened=\"1\" data-image-meta=\"{&quot;aperture&quot;:&quot;11&quot;,&quot;credit&quot;:&quot;Urs Kyburz&quot;,&quot;camera&quot;:&quot;Canon EOS 5D Mark IV&quot;,&quot;caption&quot;:&quot;&quot;,&quot;created_timestamp&quot;:&quot;1754054667&quot;,&quot;copyright&quot;:&quot;Copyright Urs Kyburz (2019)&quot;,&quot;focal_length&quot;:&quot;45&quot;,&quot;iso&quot;:&quot;400&quot;,&quot;shutter_speed&quot;:&quot;0.025&quot;,&quot;title&quot;:&quot;&quot;,&quot;orientation&quot;:&quot;0&quot;}\" data-image-title=\"\" data-image-description=\"\" data-medium-file=\"https:\/\/i0.wp.com\/idnu.ch\/wordpress\/wp-content\/uploads\/2025\/09\/schweden-20250801-12-Bearbeitet.jpg?fit=300%2C200&#038;ssl=1\" data-large-file=\"https:\/\/i0.wp.com\/idnu.ch\/wordpress\/wp-content\/uploads\/2025\/09\/schweden-20250801-12-Bearbeitet.jpg?fit=750%2C500&#038;ssl=1\" src=\"https:\/\/i0.wp.com\/idnu.ch\/wordpress\/wp-content\/uploads\/2025\/09\/schweden-20250801-12-Bearbeitet.jpg?w=302&#038;h=201&#038;ssl=1\" srcset=\"https:\/\/i0.wp.com\/idnu.ch\/wordpress\/wp-content\/uploads\/2025\/09\/schweden-20250801-12-Bearbeitet.jpg?w=1240&amp;ssl=1 1240w, https:\/\/i0.wp.com\/idnu.ch\/wordpress\/wp-content\/uploads\/2025\/09\/schweden-20250801-12-Bearbeitet.jpg?resize=300%2C200&amp;ssl=1 300w, https:\/\/i0.wp.com\/idnu.ch\/wordpress\/wp-content\/uploads\/2025\/09\/schweden-20250801-12-Bearbeitet.jpg?resize=1024%2C683&amp;ssl=1 1024w, https:\/\/i0.wp.com\/idnu.ch\/wordpress\/wp-content\/uploads\/2025\/09\/schweden-20250801-12-Bearbeitet.jpg?resize=768%2C512&amp;ssl=1 768w, https:\/\/i0.wp.com\/idnu.ch\/wordpress\/wp-content\/uploads\/2025\/09\/schweden-20250801-12-Bearbeitet.jpg?resize=150%2C100&amp;ssl=1 150w\" width=\"302\" height=\"201\" loading=\"lazy\" data-original-width=\"302\" data-original-height=\"201\" itemprop=\"http:\/\/schema.org\/image\" title=\"\" alt=\"\" style=\"width: 302px; height: 201px;\" \/> <\/a> <\/div> <\/div> <!-- close group --> <\/div> <!-- close row --> <div class=\"gallery-row\" style=\"width: 750px; height: 335px;\" data-original-width=\"750\" data-original-height=\"335\" > <div class=\"gallery-group images-1\" style=\"width: 501px; height: 335px;\" data-original-width=\"501\" data-original-height=\"335\" > <div class=\"tiled-gallery-item tiled-gallery-item-large\" itemprop=\"associatedMedia\" itemscope itemtype=\"http:\/\/schema.org\/ImageObject\"> <a href=\"https:\/\/idnu.ch\/wordpress\/wie-komme-ich-nach-schweden\/schweden-20250801-30-bearbeitet\/#main\" border=\"0\" itemprop=\"url\"> <meta itemprop=\"width\" content=\"497\"> <meta itemprop=\"height\" content=\"331\"> <img decoding=\"async\" class=\"\" data-attachment-id=\"28141\" data-orig-file=\"https:\/\/idnu.ch\/wordpress\/wp-content\/uploads\/2025\/09\/schweden-20250801-30-Bearbeitet.jpg\" data-orig-size=\"1240,827\" data-comments-opened=\"1\" data-image-meta=\"{&quot;aperture&quot;:&quot;4&quot;,&quot;credit&quot;:&quot;Urs Kyburz&quot;,&quot;camera&quot;:&quot;Canon EOS 5D Mark IV&quot;,&quot;caption&quot;:&quot;&quot;,&quot;created_timestamp&quot;:&quot;1754056541&quot;,&quot;copyright&quot;:&quot;Copyright Urs Kyburz (2019)&quot;,&quot;focal_length&quot;:&quot;92&quot;,&quot;iso&quot;:&quot;100&quot;,&quot;shutter_speed&quot;:&quot;0.002&quot;,&quot;title&quot;:&quot;&quot;,&quot;orientation&quot;:&quot;0&quot;}\" data-image-title=\"Die Kleine Meerjungfrau\" data-image-description=\"\" data-medium-file=\"https:\/\/i0.wp.com\/idnu.ch\/wordpress\/wp-content\/uploads\/2025\/09\/schweden-20250801-30-Bearbeitet.jpg?fit=300%2C200&#038;ssl=1\" data-large-file=\"https:\/\/i0.wp.com\/idnu.ch\/wordpress\/wp-content\/uploads\/2025\/09\/schweden-20250801-30-Bearbeitet.jpg?fit=750%2C500&#038;ssl=1\" src=\"https:\/\/i0.wp.com\/idnu.ch\/wordpress\/wp-content\/uploads\/2025\/09\/schweden-20250801-30-Bearbeitet.jpg?w=497&#038;h=331&#038;ssl=1\" srcset=\"https:\/\/i0.wp.com\/idnu.ch\/wordpress\/wp-content\/uploads\/2025\/09\/schweden-20250801-30-Bearbeitet.jpg?w=1240&amp;ssl=1 1240w, https:\/\/i0.wp.com\/idnu.ch\/wordpress\/wp-content\/uploads\/2025\/09\/schweden-20250801-30-Bearbeitet.jpg?resize=300%2C200&amp;ssl=1 300w, https:\/\/i0.wp.com\/idnu.ch\/wordpress\/wp-content\/uploads\/2025\/09\/schweden-20250801-30-Bearbeitet.jpg?resize=1024%2C683&amp;ssl=1 1024w, https:\/\/i0.wp.com\/idnu.ch\/wordpress\/wp-content\/uploads\/2025\/09\/schweden-20250801-30-Bearbeitet.jpg?resize=768%2C512&amp;ssl=1 768w, https:\/\/i0.wp.com\/idnu.ch\/wordpress\/wp-content\/uploads\/2025\/09\/schweden-20250801-30-Bearbeitet.jpg?resize=150%2C100&amp;ssl=1 150w\" width=\"497\" height=\"331\" loading=\"lazy\" data-original-width=\"497\" data-original-height=\"331\" itemprop=\"http:\/\/schema.org\/image\" title=\"Die Kleine Meerjungfrau\" alt=\"Die Kleine Meerjungfrau\" style=\"width: 497px; height: 331px;\" \/> <\/a> <div class=\"tiled-gallery-caption\" itemprop=\"caption description\"> Die Kleine Meerjungfrau <\/div> <\/div> <\/div> <!-- close group --> <div class=\"gallery-group images-2\" style=\"width: 249px; height: 335px;\" data-original-width=\"249\" data-original-height=\"335\" > <div class=\"tiled-gallery-item tiled-gallery-item-small\" itemprop=\"associatedMedia\" itemscope itemtype=\"http:\/\/schema.org\/ImageObject\"> <a href=\"https:\/\/idnu.ch\/wordpress\/wie-komme-ich-nach-schweden\/schweden-20250801-44-bearbeitet\/#main\" border=\"0\" itemprop=\"url\"> <meta itemprop=\"width\" content=\"245\"> <meta itemprop=\"height\" content=\"164\"> <img decoding=\"async\" class=\"\" data-attachment-id=\"28142\" data-orig-file=\"https:\/\/idnu.ch\/wordpress\/wp-content\/uploads\/2025\/09\/schweden-20250801-44-Bearbeitet.jpg\" data-orig-size=\"1240,827\" data-comments-opened=\"1\" data-image-meta=\"{&quot;aperture&quot;:&quot;11&quot;,&quot;credit&quot;:&quot;Urs Kyburz&quot;,&quot;camera&quot;:&quot;Canon EOS 5D Mark IV&quot;,&quot;caption&quot;:&quot;&quot;,&quot;created_timestamp&quot;:&quot;1754059194&quot;,&quot;copyright&quot;:&quot;Copyright Urs Kyburz (2019)&quot;,&quot;focal_length&quot;:&quot;24&quot;,&quot;iso&quot;:&quot;320&quot;,&quot;shutter_speed&quot;:&quot;0.033333333333333&quot;,&quot;title&quot;:&quot;&quot;,&quot;orientation&quot;:&quot;0&quot;}\" data-image-title=\"\" data-image-description=\"\" data-medium-file=\"https:\/\/i0.wp.com\/idnu.ch\/wordpress\/wp-content\/uploads\/2025\/09\/schweden-20250801-44-Bearbeitet.jpg?fit=300%2C200&#038;ssl=1\" data-large-file=\"https:\/\/i0.wp.com\/idnu.ch\/wordpress\/wp-content\/uploads\/2025\/09\/schweden-20250801-44-Bearbeitet.jpg?fit=750%2C500&#038;ssl=1\" src=\"https:\/\/i0.wp.com\/idnu.ch\/wordpress\/wp-content\/uploads\/2025\/09\/schweden-20250801-44-Bearbeitet.jpg?w=245&#038;h=164&#038;ssl=1\" srcset=\"https:\/\/i0.wp.com\/idnu.ch\/wordpress\/wp-content\/uploads\/2025\/09\/schweden-20250801-44-Bearbeitet.jpg?w=1240&amp;ssl=1 1240w, https:\/\/i0.wp.com\/idnu.ch\/wordpress\/wp-content\/uploads\/2025\/09\/schweden-20250801-44-Bearbeitet.jpg?resize=300%2C200&amp;ssl=1 300w, https:\/\/i0.wp.com\/idnu.ch\/wordpress\/wp-content\/uploads\/2025\/09\/schweden-20250801-44-Bearbeitet.jpg?resize=1024%2C683&amp;ssl=1 1024w, https:\/\/i0.wp.com\/idnu.ch\/wordpress\/wp-content\/uploads\/2025\/09\/schweden-20250801-44-Bearbeitet.jpg?resize=768%2C512&amp;ssl=1 768w, https:\/\/i0.wp.com\/idnu.ch\/wordpress\/wp-content\/uploads\/2025\/09\/schweden-20250801-44-Bearbeitet.jpg?resize=150%2C100&amp;ssl=1 150w\" width=\"245\" height=\"164\" loading=\"lazy\" data-original-width=\"245\" data-original-height=\"164\" itemprop=\"http:\/\/schema.org\/image\" title=\"\" alt=\"\" style=\"width: 245px; height: 164px;\" \/> <\/a> <\/div> <div class=\"tiled-gallery-item tiled-gallery-item-small\" itemprop=\"associatedMedia\" itemscope itemtype=\"http:\/\/schema.org\/ImageObject\"> <a href=\"https:\/\/idnu.ch\/wordpress\/wie-komme-ich-nach-schweden\/schweden-20250802-63-bearbeitet\/#main\" border=\"0\" itemprop=\"url\"> <meta itemprop=\"width\" content=\"245\"> <meta itemprop=\"height\" content=\"163\"> <img decoding=\"async\" class=\"\" data-attachment-id=\"28143\" data-orig-file=\"https:\/\/idnu.ch\/wordpress\/wp-content\/uploads\/2025\/09\/schweden-20250802-63-Bearbeitet.jpg\" data-orig-size=\"1240,827\" data-comments-opened=\"1\" data-image-meta=\"{&quot;aperture&quot;:&quot;7.1&quot;,&quot;credit&quot;:&quot;Urs Kyburz&quot;,&quot;camera&quot;:&quot;Canon EOS R6m2&quot;,&quot;caption&quot;:&quot;&quot;,&quot;created_timestamp&quot;:&quot;1754121747&quot;,&quot;copyright&quot;:&quot;All rights reserved&quot;,&quot;focal_length&quot;:&quot;500&quot;,&quot;iso&quot;:&quot;3200&quot;,&quot;shutter_speed&quot;:&quot;0.0004&quot;,&quot;title&quot;:&quot;&quot;,&quot;orientation&quot;:&quot;0&quot;}\" data-image-title=\"Raubseeschwalbe\" data-image-description=\"\" data-medium-file=\"https:\/\/i0.wp.com\/idnu.ch\/wordpress\/wp-content\/uploads\/2025\/09\/schweden-20250802-63-Bearbeitet.jpg?fit=300%2C200&#038;ssl=1\" data-large-file=\"https:\/\/i0.wp.com\/idnu.ch\/wordpress\/wp-content\/uploads\/2025\/09\/schweden-20250802-63-Bearbeitet.jpg?fit=750%2C500&#038;ssl=1\" src=\"https:\/\/i0.wp.com\/idnu.ch\/wordpress\/wp-content\/uploads\/2025\/09\/schweden-20250802-63-Bearbeitet.jpg?w=245&#038;h=163&#038;ssl=1\" srcset=\"https:\/\/i0.wp.com\/idnu.ch\/wordpress\/wp-content\/uploads\/2025\/09\/schweden-20250802-63-Bearbeitet.jpg?w=1240&amp;ssl=1 1240w, https:\/\/i0.wp.com\/idnu.ch\/wordpress\/wp-content\/uploads\/2025\/09\/schweden-20250802-63-Bearbeitet.jpg?resize=300%2C200&amp;ssl=1 300w, https:\/\/i0.wp.com\/idnu.ch\/wordpress\/wp-content\/uploads\/2025\/09\/schweden-20250802-63-Bearbeitet.jpg?resize=1024%2C683&amp;ssl=1 1024w, https:\/\/i0.wp.com\/idnu.ch\/wordpress\/wp-content\/uploads\/2025\/09\/schweden-20250802-63-Bearbeitet.jpg?resize=768%2C512&amp;ssl=1 768w, https:\/\/i0.wp.com\/idnu.ch\/wordpress\/wp-content\/uploads\/2025\/09\/schweden-20250802-63-Bearbeitet.jpg?resize=150%2C100&amp;ssl=1 150w\" width=\"245\" height=\"163\" loading=\"lazy\" data-original-width=\"245\" data-original-height=\"163\" itemprop=\"http:\/\/schema.org\/image\" title=\"Raubseeschwalbe\" alt=\"Raubseeschwalbe\" style=\"width: 245px; height: 163px;\" \/> <\/a> <div class=\"tiled-gallery-caption\" itemprop=\"caption description\"> Raubseeschwalbe <\/div> <\/div> <\/div> <!-- close group --> <\/div> <!-- close row --> <div class=\"gallery-row\" style=\"width: 750px; height: 251px;\" data-original-width=\"750\" data-original-height=\"251\" > <div class=\"gallery-group images-1\" style=\"width: 375px; height: 251px;\" data-original-width=\"375\" data-original-height=\"251\" > <div class=\"tiled-gallery-item tiled-gallery-item-large\" itemprop=\"associatedMedia\" itemscope itemtype=\"http:\/\/schema.org\/ImageObject\"> <a href=\"https:\/\/idnu.ch\/wordpress\/wie-komme-ich-nach-schweden\/schweden-20250802-227-bearbeitet\/#main\" border=\"0\" itemprop=\"url\"> <meta itemprop=\"width\" content=\"371\"> <meta itemprop=\"height\" content=\"247\"> <img decoding=\"async\" class=\"\" data-attachment-id=\"28144\" data-orig-file=\"https:\/\/idnu.ch\/wordpress\/wp-content\/uploads\/2025\/09\/schweden-20250802-227-Bearbeitet.jpg\" data-orig-size=\"1240,827\" data-comments-opened=\"1\" data-image-meta=\"{&quot;aperture&quot;:&quot;7.1&quot;,&quot;credit&quot;:&quot;Urs Kyburz&quot;,&quot;camera&quot;:&quot;Canon EOS R6m2&quot;,&quot;caption&quot;:&quot;&quot;,&quot;created_timestamp&quot;:&quot;1754128103&quot;,&quot;copyright&quot;:&quot;All rights reserved&quot;,&quot;focal_length&quot;:&quot;500&quot;,&quot;iso&quot;:&quot;640&quot;,&quot;shutter_speed&quot;:&quot;0.0004&quot;,&quot;title&quot;:&quot;&quot;,&quot;orientation&quot;:&quot;0&quot;}\" data-image-title=\"Heringsm\u00f6we\" data-image-description=\"\" data-medium-file=\"https:\/\/i0.wp.com\/idnu.ch\/wordpress\/wp-content\/uploads\/2025\/09\/schweden-20250802-227-Bearbeitet.jpg?fit=300%2C200&#038;ssl=1\" data-large-file=\"https:\/\/i0.wp.com\/idnu.ch\/wordpress\/wp-content\/uploads\/2025\/09\/schweden-20250802-227-Bearbeitet.jpg?fit=750%2C500&#038;ssl=1\" src=\"https:\/\/i0.wp.com\/idnu.ch\/wordpress\/wp-content\/uploads\/2025\/09\/schweden-20250802-227-Bearbeitet.jpg?w=371&#038;h=247&#038;ssl=1\" srcset=\"https:\/\/i0.wp.com\/idnu.ch\/wordpress\/wp-content\/uploads\/2025\/09\/schweden-20250802-227-Bearbeitet.jpg?w=1240&amp;ssl=1 1240w, https:\/\/i0.wp.com\/idnu.ch\/wordpress\/wp-content\/uploads\/2025\/09\/schweden-20250802-227-Bearbeitet.jpg?resize=300%2C200&amp;ssl=1 300w, https:\/\/i0.wp.com\/idnu.ch\/wordpress\/wp-content\/uploads\/2025\/09\/schweden-20250802-227-Bearbeitet.jpg?resize=1024%2C683&amp;ssl=1 1024w, https:\/\/i0.wp.com\/idnu.ch\/wordpress\/wp-content\/uploads\/2025\/09\/schweden-20250802-227-Bearbeitet.jpg?resize=768%2C512&amp;ssl=1 768w, https:\/\/i0.wp.com\/idnu.ch\/wordpress\/wp-content\/uploads\/2025\/09\/schweden-20250802-227-Bearbeitet.jpg?resize=150%2C100&amp;ssl=1 150w\" width=\"371\" height=\"247\" loading=\"lazy\" data-original-width=\"371\" data-original-height=\"247\" itemprop=\"http:\/\/schema.org\/image\" title=\"Heringsm\u00f6we\" alt=\"Heringsm\u00f6we\" style=\"width: 371px; height: 247px;\" \/> <\/a> <div class=\"tiled-gallery-caption\" itemprop=\"caption description\"> Heringsm\u00f6we <\/div> <\/div> <\/div> <!-- close group --> <div class=\"gallery-group images-1\" style=\"width: 375px; height: 251px;\" data-original-width=\"375\" data-original-height=\"251\" > <div class=\"tiled-gallery-item tiled-gallery-item-large\" itemprop=\"associatedMedia\" itemscope itemtype=\"http:\/\/schema.org\/ImageObject\"> <a href=\"https:\/\/idnu.ch\/wordpress\/wie-komme-ich-nach-schweden\/schweden-20250802-243-bearbeitet\/#main\" border=\"0\" itemprop=\"url\"> <meta itemprop=\"width\" content=\"371\"> <meta itemprop=\"height\" content=\"247\"> <img decoding=\"async\" class=\"\" data-attachment-id=\"28145\" data-orig-file=\"https:\/\/idnu.ch\/wordpress\/wp-content\/uploads\/2025\/09\/schweden-20250802-243-Bearbeitet.jpg\" data-orig-size=\"1240,827\" data-comments-opened=\"1\" data-image-meta=\"{&quot;aperture&quot;:&quot;11&quot;,&quot;credit&quot;:&quot;Urs Kyburz&quot;,&quot;camera&quot;:&quot;Canon EOS 5D Mark IV&quot;,&quot;caption&quot;:&quot;&quot;,&quot;created_timestamp&quot;:&quot;1754147999&quot;,&quot;copyright&quot;:&quot;Copyright Urs Kyburz (2019)&quot;,&quot;focal_length&quot;:&quot;35&quot;,&quot;iso&quot;:&quot;100&quot;,&quot;shutter_speed&quot;:&quot;0.02&quot;,&quot;title&quot;:&quot;&quot;,&quot;orientation&quot;:&quot;0&quot;}\" data-image-title=\"Nyhaven\" data-image-description=\"\" data-medium-file=\"https:\/\/i0.wp.com\/idnu.ch\/wordpress\/wp-content\/uploads\/2025\/09\/schweden-20250802-243-Bearbeitet.jpg?fit=300%2C200&#038;ssl=1\" data-large-file=\"https:\/\/i0.wp.com\/idnu.ch\/wordpress\/wp-content\/uploads\/2025\/09\/schweden-20250802-243-Bearbeitet.jpg?fit=750%2C500&#038;ssl=1\" src=\"https:\/\/i0.wp.com\/idnu.ch\/wordpress\/wp-content\/uploads\/2025\/09\/schweden-20250802-243-Bearbeitet.jpg?w=371&#038;h=247&#038;ssl=1\" srcset=\"https:\/\/i0.wp.com\/idnu.ch\/wordpress\/wp-content\/uploads\/2025\/09\/schweden-20250802-243-Bearbeitet.jpg?w=1240&amp;ssl=1 1240w, https:\/\/i0.wp.com\/idnu.ch\/wordpress\/wp-content\/uploads\/2025\/09\/schweden-20250802-243-Bearbeitet.jpg?resize=300%2C200&amp;ssl=1 300w, https:\/\/i0.wp.com\/idnu.ch\/wordpress\/wp-content\/uploads\/2025\/09\/schweden-20250802-243-Bearbeitet.jpg?resize=1024%2C683&amp;ssl=1 1024w, https:\/\/i0.wp.com\/idnu.ch\/wordpress\/wp-content\/uploads\/2025\/09\/schweden-20250802-243-Bearbeitet.jpg?resize=768%2C512&amp;ssl=1 768w, https:\/\/i0.wp.com\/idnu.ch\/wordpress\/wp-content\/uploads\/2025\/09\/schweden-20250802-243-Bearbeitet.jpg?resize=150%2C100&amp;ssl=1 150w\" width=\"371\" height=\"247\" loading=\"lazy\" data-original-width=\"371\" data-original-height=\"247\" itemprop=\"http:\/\/schema.org\/image\" title=\"Nyhaven\" alt=\"Nyhaven\" style=\"width: 371px; height: 247px;\" \/> <\/a> <div class=\"tiled-gallery-caption\" itemprop=\"caption description\"> Nyhaven <\/div> <\/div> <\/div> <!-- close group --> <\/div> <!-- close row --> <\/div>\n<p>Von Kopenhagen fuhren wir durch monotone Landschaft von D\u00e4nemark nach Hamburg, wo wir am Abend wieder den Nightjet nach Basel nahmen, um am n\u00e4chsten Morgen stressfrei und ausgeruht zu Hause anzukommen.<\/p>\n<p>Wir sind seit 25 Jahren nicht mehr geflogen und warum sollten wir? Das Reisen im Zug ist viel angenehmer, entspannter und interessanter als im Flugzeug oder im Auto.<\/p>\n","protected":false},"excerpt":{"rendered":"<p>Bl\u00f6de Frage: Ins Flugzeug steigen und hin fliegen. Nun, das ist die gedankenlose&#8230;<\/p>\n","protected":false},"author":2,"featured_media":28134,"comment_status":"open","ping_status":"open","sticky":false,"template":"","format":"standard","meta":{"_monsterinsights_skip_tracking":false,"_monsterinsights_sitenote_active":false,"_monsterinsights_sitenote_note":"","_monsterinsights_sitenote_category":0,"jetpack_post_was_ever_published":false,"_jetpack_newsletter_access":"","_jetpack_dont_email_post_to_subs":false,"_jetpack_newsletter_tier_id":0,"_jetpack_memberships_contains_paywalled_content":false,"_jetpack_memberships_contains_paid_content":false,"footnotes":"","jetpack_publicize_message":"NEU im Blog: Wie komme ich nach Schweden? Mit dem Auto oder dem Flugzeug nat\u00fcrlich. Nun, wir nicht.\r\n#schweden #reisen","jetpack_publicize_feature_enabled":true,"jetpack_social_post_already_shared":true,"jetpack_social_options":{"image_generator_settings":{"template":"highway","default_image_id":0,"font":"","enabled":false},"version":2}},"categories":[1665],"tags":[1691,1692,1689,1690,1663],"class_list":["post-27624","post","type-post","status-publish","format-standard","has-post-thumbnail","hentry","category-schweden","tag-faehre","tag-mietauto","tag-reisen","tag-schlafwagen","tag-schweden"],"geo":{"latitude":56.574173000000001820808392949402332305908203125,"longitude":12.1099137999999992842958818073384463787078857421875,"description":null},"yoast_head":"<!-- This site is optimized with the Yoast SEO plugin v27.4 - https:\/\/yoast.com\/product\/yoast-seo-wordpress\/ -->\n<title>Wie komme ich nach Schweden? - In der Natur unterwegs<\/title>\n<meta name=\"description\" content=\"Wie komme ich nach Schweden? Keine Frage, nat\u00fcrlich mit dem Flugzeug. Uns widerstrebt das aber, wir reisen lieber mit dem Zug.\" \/>\n<meta name=\"robots\" content=\"index, follow, max-snippet:-1, max-image-preview:large, max-video-preview:-1\" \/>\n<link rel=\"canonical\" href=\"https:\/\/idnu.ch\/wordpress\/wie-komme-ich-nach-schweden\/\" \/>\n<meta property=\"og:locale\" content=\"de_DE\" \/>\n<meta property=\"og:type\" content=\"article\" \/>\n<meta property=\"og:title\" content=\"Wie komme ich nach Schweden? - In der Natur unterwegs\" \/>\n<meta property=\"og:description\" content=\"Wie komme ich nach Schweden? Keine Frage, nat\u00fcrlich mit dem Flugzeug. Uns widerstrebt das aber, wir reisen lieber mit dem Zug.\" \/>\n<meta property=\"og:url\" content=\"https:\/\/idnu.ch\/wordpress\/wie-komme-ich-nach-schweden\/\" \/>\n<meta property=\"og:site_name\" content=\"In der Natur unterwegs\" \/>\n<meta property=\"article:published_time\" content=\"2025-09-27T17:13:54+00:00\" \/>\n<meta property=\"og:image\" content=\"https:\/\/idnu.ch\/wordpress\/wp-content\/uploads\/2025\/09\/schweden-20250702-17-Bearbeitet.jpg\" \/>\n\t<meta property=\"og:image:width\" content=\"1240\" \/>\n\t<meta property=\"og:image:height\" content=\"827\" \/>\n\t<meta property=\"og:image:type\" content=\"image\/jpeg\" \/>\n<meta name=\"author\" content=\"Urs Kyburz\" \/>\n<meta name=\"twitter:card\" content=\"summary_large_image\" \/>\n<meta name=\"twitter:creator\" content=\"@idnu_ch\" \/>\n<meta name=\"twitter:site\" content=\"@idnu_ch\" \/>\n<meta name=\"twitter:label1\" content=\"Verfasst von\" \/>\n\t<meta name=\"twitter:data1\" content=\"Urs Kyburz\" \/>\n\t<meta name=\"twitter:label2\" content=\"Gesch\u00e4tzte Lesezeit\" \/>\n\t<meta name=\"twitter:data2\" content=\"5\u00a0Minuten\" \/>\n<script type=\"application\/ld+json\" class=\"yoast-schema-graph\">{\"@context\":\"https:\\\/\\\/schema.org\",\"@graph\":[{\"@type\":\"Article\",\"@id\":\"https:\\\/\\\/idnu.ch\\\/wordpress\\\/wie-komme-ich-nach-schweden\\\/#article\",\"isPartOf\":{\"@id\":\"https:\\\/\\\/idnu.ch\\\/wordpress\\\/wie-komme-ich-nach-schweden\\\/\"},\"author\":{\"name\":\"Urs Kyburz\",\"@id\":\"https:\\\/\\\/idnu.ch\\\/wordpress\\\/#\\\/schema\\\/person\\\/1ab8c5de743be7b019272124c19ad351\"},\"headline\":\"Wie komme ich nach Schweden?\",\"datePublished\":\"2025-09-27T17:13:54+00:00\",\"mainEntityOfPage\":{\"@id\":\"https:\\\/\\\/idnu.ch\\\/wordpress\\\/wie-komme-ich-nach-schweden\\\/\"},\"wordCount\":702,\"commentCount\":2,\"publisher\":{\"@id\":\"https:\\\/\\\/idnu.ch\\\/wordpress\\\/#\\\/schema\\\/person\\\/1ab8c5de743be7b019272124c19ad351\"},\"image\":{\"@id\":\"https:\\\/\\\/idnu.ch\\\/wordpress\\\/wie-komme-ich-nach-schweden\\\/#primaryimage\"},\"thumbnailUrl\":\"https:\\\/\\\/i0.wp.com\\\/idnu.ch\\\/wordpress\\\/wp-content\\\/uploads\\\/2025\\\/09\\\/schweden-20250702-17-Bearbeitet.jpg?fit=1240%2C827&ssl=1\",\"keywords\":[\"F\u00e4hre\",\"Mietauto\",\"reisen\",\"Schlafwagen\",\"Schweden\"],\"articleSection\":[\"Schweden\"],\"inLanguage\":\"de\",\"potentialAction\":[{\"@type\":\"CommentAction\",\"name\":\"Comment\",\"target\":[\"https:\\\/\\\/idnu.ch\\\/wordpress\\\/wie-komme-ich-nach-schweden\\\/#respond\"]}]},{\"@type\":\"WebPage\",\"@id\":\"https:\\\/\\\/idnu.ch\\\/wordpress\\\/wie-komme-ich-nach-schweden\\\/\",\"url\":\"https:\\\/\\\/idnu.ch\\\/wordpress\\\/wie-komme-ich-nach-schweden\\\/\",\"name\":\"Wie komme ich nach Schweden? - In der Natur unterwegs\",\"isPartOf\":{\"@id\":\"https:\\\/\\\/idnu.ch\\\/wordpress\\\/#website\"},\"primaryImageOfPage\":{\"@id\":\"https:\\\/\\\/idnu.ch\\\/wordpress\\\/wie-komme-ich-nach-schweden\\\/#primaryimage\"},\"image\":{\"@id\":\"https:\\\/\\\/idnu.ch\\\/wordpress\\\/wie-komme-ich-nach-schweden\\\/#primaryimage\"},\"thumbnailUrl\":\"https:\\\/\\\/i0.wp.com\\\/idnu.ch\\\/wordpress\\\/wp-content\\\/uploads\\\/2025\\\/09\\\/schweden-20250702-17-Bearbeitet.jpg?fit=1240%2C827&ssl=1\",\"datePublished\":\"2025-09-27T17:13:54+00:00\",\"description\":\"Wie komme ich nach Schweden? Keine Frage, nat\u00fcrlich mit dem Flugzeug. Uns widerstrebt das aber, wir reisen lieber mit dem Zug.\",\"breadcrumb\":{\"@id\":\"https:\\\/\\\/idnu.ch\\\/wordpress\\\/wie-komme-ich-nach-schweden\\\/#breadcrumb\"},\"inLanguage\":\"de\",\"potentialAction\":[{\"@type\":\"ReadAction\",\"target\":[\"https:\\\/\\\/idnu.ch\\\/wordpress\\\/wie-komme-ich-nach-schweden\\\/\"]}]},{\"@type\":\"ImageObject\",\"inLanguage\":\"de\",\"@id\":\"https:\\\/\\\/idnu.ch\\\/wordpress\\\/wie-komme-ich-nach-schweden\\\/#primaryimage\",\"url\":\"https:\\\/\\\/i0.wp.com\\\/idnu.ch\\\/wordpress\\\/wp-content\\\/uploads\\\/2025\\\/09\\\/schweden-20250702-17-Bearbeitet.jpg?fit=1240%2C827&ssl=1\",\"contentUrl\":\"https:\\\/\\\/i0.wp.com\\\/idnu.ch\\\/wordpress\\\/wp-content\\\/uploads\\\/2025\\\/09\\\/schweden-20250702-17-Bearbeitet.jpg?fit=1240%2C827&ssl=1\",\"width\":1240,\"height\":827},{\"@type\":\"BreadcrumbList\",\"@id\":\"https:\\\/\\\/idnu.ch\\\/wordpress\\\/wie-komme-ich-nach-schweden\\\/#breadcrumb\",\"itemListElement\":[{\"@type\":\"ListItem\",\"position\":1,\"name\":\"Startseite\",\"item\":\"https:\\\/\\\/idnu.ch\\\/wordpress\\\/\"},{\"@type\":\"ListItem\",\"position\":2,\"name\":\"Wie komme ich nach Schweden?\"}]},{\"@type\":\"WebSite\",\"@id\":\"https:\\\/\\\/idnu.ch\\\/wordpress\\\/#website\",\"url\":\"https:\\\/\\\/idnu.ch\\\/wordpress\\\/\",\"name\":\"In der Natur unterwegs\",\"description\":\"Dort, wo es am sch\u00f6nsten ist\",\"publisher\":{\"@id\":\"https:\\\/\\\/idnu.ch\\\/wordpress\\\/#\\\/schema\\\/person\\\/1ab8c5de743be7b019272124c19ad351\"},\"potentialAction\":[{\"@type\":\"SearchAction\",\"target\":{\"@type\":\"EntryPoint\",\"urlTemplate\":\"https:\\\/\\\/idnu.ch\\\/wordpress\\\/?s={search_term_string}\"},\"query-input\":{\"@type\":\"PropertyValueSpecification\",\"valueRequired\":true,\"valueName\":\"search_term_string\"}}],\"inLanguage\":\"de\"},{\"@type\":[\"Person\",\"Organization\"],\"@id\":\"https:\\\/\\\/idnu.ch\\\/wordpress\\\/#\\\/schema\\\/person\\\/1ab8c5de743be7b019272124c19ad351\",\"name\":\"Urs Kyburz\",\"image\":{\"@type\":\"ImageObject\",\"inLanguage\":\"de\",\"@id\":\"https:\\\/\\\/i0.wp.com\\\/idnu.ch\\\/wordpress\\\/wp-content\\\/uploads\\\/2016\\\/02\\\/logo_150x165.gif?fit=3151%2C3456&ssl=1\",\"url\":\"https:\\\/\\\/i0.wp.com\\\/idnu.ch\\\/wordpress\\\/wp-content\\\/uploads\\\/2016\\\/02\\\/logo_150x165.gif?fit=3151%2C3456&ssl=1\",\"contentUrl\":\"https:\\\/\\\/i0.wp.com\\\/idnu.ch\\\/wordpress\\\/wp-content\\\/uploads\\\/2016\\\/02\\\/logo_150x165.gif?fit=3151%2C3456&ssl=1\",\"width\":3151,\"height\":3456,\"caption\":\"Urs Kyburz\"},\"logo\":{\"@id\":\"https:\\\/\\\/i0.wp.com\\\/idnu.ch\\\/wordpress\\\/wp-content\\\/uploads\\\/2016\\\/02\\\/logo_150x165.gif?fit=3151%2C3456&ssl=1\"}}]}<\/script>\n<!-- \/ Yoast SEO plugin. -->","yoast_head_json":{"title":"Wie komme ich nach Schweden? - In der Natur unterwegs","description":"Wie komme ich nach Schweden? Keine Frage, nat\u00fcrlich mit dem Flugzeug. Uns widerstrebt das aber, wir reisen lieber mit dem Zug.","robots":{"index":"index","follow":"follow","max-snippet":"max-snippet:-1","max-image-preview":"max-image-preview:large","max-video-preview":"max-video-preview:-1"},"canonical":"https:\/\/idnu.ch\/wordpress\/wie-komme-ich-nach-schweden\/","og_locale":"de_DE","og_type":"article","og_title":"Wie komme ich nach Schweden? - In der Natur unterwegs","og_description":"Wie komme ich nach Schweden? Keine Frage, nat\u00fcrlich mit dem Flugzeug. Uns widerstrebt das aber, wir reisen lieber mit dem Zug.","og_url":"https:\/\/idnu.ch\/wordpress\/wie-komme-ich-nach-schweden\/","og_site_name":"In der Natur unterwegs","article_published_time":"2025-09-27T17:13:54+00:00","og_image":[{"width":1240,"height":827,"url":"https:\/\/idnu.ch\/wordpress\/wp-content\/uploads\/2025\/09\/schweden-20250702-17-Bearbeitet.jpg","type":"image\/jpeg"}],"author":"Urs Kyburz","twitter_card":"summary_large_image","twitter_creator":"@idnu_ch","twitter_site":"@idnu_ch","twitter_misc":{"Verfasst von":"Urs Kyburz","Gesch\u00e4tzte Lesezeit":"5\u00a0Minuten"},"schema":{"@context":"https:\/\/schema.org","@graph":[{"@type":"Article","@id":"https:\/\/idnu.ch\/wordpress\/wie-komme-ich-nach-schweden\/#article","isPartOf":{"@id":"https:\/\/idnu.ch\/wordpress\/wie-komme-ich-nach-schweden\/"},"author":{"name":"Urs Kyburz","@id":"https:\/\/idnu.ch\/wordpress\/#\/schema\/person\/1ab8c5de743be7b019272124c19ad351"},"headline":"Wie komme ich nach Schweden?","datePublished":"2025-09-27T17:13:54+00:00","mainEntityOfPage":{"@id":"https:\/\/idnu.ch\/wordpress\/wie-komme-ich-nach-schweden\/"},"wordCount":702,"commentCount":2,"publisher":{"@id":"https:\/\/idnu.ch\/wordpress\/#\/schema\/person\/1ab8c5de743be7b019272124c19ad351"},"image":{"@id":"https:\/\/idnu.ch\/wordpress\/wie-komme-ich-nach-schweden\/#primaryimage"},"thumbnailUrl":"https:\/\/i0.wp.com\/idnu.ch\/wordpress\/wp-content\/uploads\/2025\/09\/schweden-20250702-17-Bearbeitet.jpg?fit=1240%2C827&ssl=1","keywords":["F\u00e4hre","Mietauto","reisen","Schlafwagen","Schweden"],"articleSection":["Schweden"],"inLanguage":"de","potentialAction":[{"@type":"CommentAction","name":"Comment","target":["https:\/\/idnu.ch\/wordpress\/wie-komme-ich-nach-schweden\/#respond"]}]},{"@type":"WebPage","@id":"https:\/\/idnu.ch\/wordpress\/wie-komme-ich-nach-schweden\/","url":"https:\/\/idnu.ch\/wordpress\/wie-komme-ich-nach-schweden\/","name":"Wie komme ich nach Schweden? - In der Natur unterwegs","isPartOf":{"@id":"https:\/\/idnu.ch\/wordpress\/#website"},"primaryImageOfPage":{"@id":"https:\/\/idnu.ch\/wordpress\/wie-komme-ich-nach-schweden\/#primaryimage"},"image":{"@id":"https:\/\/idnu.ch\/wordpress\/wie-komme-ich-nach-schweden\/#primaryimage"},"thumbnailUrl":"https:\/\/i0.wp.com\/idnu.ch\/wordpress\/wp-content\/uploads\/2025\/09\/schweden-20250702-17-Bearbeitet.jpg?fit=1240%2C827&ssl=1","datePublished":"2025-09-27T17:13:54+00:00","description":"Wie komme ich nach Schweden? Keine Frage, nat\u00fcrlich mit dem Flugzeug. Uns widerstrebt das aber, wir reisen lieber mit dem Zug.","breadcrumb":{"@id":"https:\/\/idnu.ch\/wordpress\/wie-komme-ich-nach-schweden\/#breadcrumb"},"inLanguage":"de","potentialAction":[{"@type":"ReadAction","target":["https:\/\/idnu.ch\/wordpress\/wie-komme-ich-nach-schweden\/"]}]},{"@type":"ImageObject","inLanguage":"de","@id":"https:\/\/idnu.ch\/wordpress\/wie-komme-ich-nach-schweden\/#primaryimage","url":"https:\/\/i0.wp.com\/idnu.ch\/wordpress\/wp-content\/uploads\/2025\/09\/schweden-20250702-17-Bearbeitet.jpg?fit=1240%2C827&ssl=1","contentUrl":"https:\/\/i0.wp.com\/idnu.ch\/wordpress\/wp-content\/uploads\/2025\/09\/schweden-20250702-17-Bearbeitet.jpg?fit=1240%2C827&ssl=1","width":1240,"height":827},{"@type":"BreadcrumbList","@id":"https:\/\/idnu.ch\/wordpress\/wie-komme-ich-nach-schweden\/#breadcrumb","itemListElement":[{"@type":"ListItem","position":1,"name":"Startseite","item":"https:\/\/idnu.ch\/wordpress\/"},{"@type":"ListItem","position":2,"name":"Wie komme ich nach Schweden?"}]},{"@type":"WebSite","@id":"https:\/\/idnu.ch\/wordpress\/#website","url":"https:\/\/idnu.ch\/wordpress\/","name":"In der Natur unterwegs","description":"Dort, wo es am sch\u00f6nsten ist","publisher":{"@id":"https:\/\/idnu.ch\/wordpress\/#\/schema\/person\/1ab8c5de743be7b019272124c19ad351"},"potentialAction":[{"@type":"SearchAction","target":{"@type":"EntryPoint","urlTemplate":"https:\/\/idnu.ch\/wordpress\/?s={search_term_string}"},"query-input":{"@type":"PropertyValueSpecification","valueRequired":true,"valueName":"search_term_string"}}],"inLanguage":"de"},{"@type":["Person","Organization"],"@id":"https:\/\/idnu.ch\/wordpress\/#\/schema\/person\/1ab8c5de743be7b019272124c19ad351","name":"Urs Kyburz","image":{"@type":"ImageObject","inLanguage":"de","@id":"https:\/\/i0.wp.com\/idnu.ch\/wordpress\/wp-content\/uploads\/2016\/02\/logo_150x165.gif?fit=3151%2C3456&ssl=1","url":"https:\/\/i0.wp.com\/idnu.ch\/wordpress\/wp-content\/uploads\/2016\/02\/logo_150x165.gif?fit=3151%2C3456&ssl=1","contentUrl":"https:\/\/i0.wp.com\/idnu.ch\/wordpress\/wp-content\/uploads\/2016\/02\/logo_150x165.gif?fit=3151%2C3456&ssl=1","width":3151,"height":3456,"caption":"Urs Kyburz"},"logo":{"@id":"https:\/\/i0.wp.com\/idnu.ch\/wordpress\/wp-content\/uploads\/2016\/02\/logo_150x165.gif?fit=3151%2C3456&ssl=1"}}]}},"jetpack_publicize_connections":[],"jetpack_featured_media_url":"https:\/\/i0.wp.com\/idnu.ch\/wordpress\/wp-content\/uploads\/2025\/09\/schweden-20250702-17-Bearbeitet.jpg?fit=1240%2C827&ssl=1","jetpack_sharing_enabled":true,"jetpack_shortlink":"https:\/\/wp.me\/p6MmGG-7by","jetpack-related-posts":[{"id":27726,"url":"https:\/\/idnu.ch\/wordpress\/ein-kurzer-halt-am-sjoetorpasjoen\/","url_meta":{"origin":27624,"position":0},"title":"Ein kurzer Halt am Sj\u00f6torpasj\u00f6n","author":"Urs Kyburz","date":"22. Juli 2025","format":false,"excerpt":"Bei der Weiterreise vom Hornborgasj\u00f6n nach Gr\u00e4storp legten wir einen kurzen Halt an ein am Sj\u00f6torpasj\u00f6n. Man kann direkt bis zum See fahren und dort parkieren. Es gibt einen Aussichtsturm, aber der ist bauf\u00e4llig und eine Besteigung wird nicht empfohlen. Da wir zur Mittagszeit dort waren, war nicht allzu viel\u2026","rel":"","context":"In &quot;Naturerlebnis&quot;","block_context":{"text":"Naturerlebnis","link":"https:\/\/idnu.ch\/wordpress\/category\/naturerlebnis\/"},"img":{"alt_text":"","src":"https:\/\/i0.wp.com\/idnu.ch\/wordpress\/wp-content\/uploads\/2025\/07\/schweden-20250710-134-Bearbeitet.jpg?fit=1200%2C800&ssl=1&resize=350%2C200","width":350,"height":200,"srcset":"https:\/\/i0.wp.com\/idnu.ch\/wordpress\/wp-content\/uploads\/2025\/07\/schweden-20250710-134-Bearbeitet.jpg?fit=1200%2C800&ssl=1&resize=350%2C200 1x, https:\/\/i0.wp.com\/idnu.ch\/wordpress\/wp-content\/uploads\/2025\/07\/schweden-20250710-134-Bearbeitet.jpg?fit=1200%2C800&ssl=1&resize=525%2C300 1.5x, https:\/\/i0.wp.com\/idnu.ch\/wordpress\/wp-content\/uploads\/2025\/07\/schweden-20250710-134-Bearbeitet.jpg?fit=1200%2C800&ssl=1&resize=700%2C400 2x, https:\/\/i0.wp.com\/idnu.ch\/wordpress\/wp-content\/uploads\/2025\/07\/schweden-20250710-134-Bearbeitet.jpg?fit=1200%2C800&ssl=1&resize=1050%2C600 3x"},"classes":[]},{"id":27693,"url":"https:\/\/idnu.ch\/wordpress\/auf-dem-kinnekulleleden\/","url_meta":{"origin":27624,"position":1},"title":"Auf dem Kinnekulleleden","author":"Urs Kyburz","date":"22. Juli 2025","format":false,"excerpt":"Der Kinnekulle ist einer der typischen Tafelberge am V\u00e4nernsee. \u00dcber und um ihn herum f\u00fchrt der Kinnekulleleden, ein Wanderweg von 48 Kilometern L\u00e4nge. Wir wanderten einen Teil davon. \u00dcblicherweise startet man ja am Fusse eines Berges und besteigt dann diesen. Wir fuhren fast bis zuoberst und begannen unsere Wanderung nur\u2026","rel":"","context":"In &quot;Schweden&quot;","block_context":{"text":"Schweden","link":"https:\/\/idnu.ch\/wordpress\/category\/laender\/schweden\/"},"img":{"alt_text":"","src":"https:\/\/i0.wp.com\/idnu.ch\/wordpress\/wp-content\/uploads\/2025\/07\/schweden-20250709-5-Bearbeitet.jpg?fit=1200%2C800&ssl=1&resize=350%2C200","width":350,"height":200,"srcset":"https:\/\/i0.wp.com\/idnu.ch\/wordpress\/wp-content\/uploads\/2025\/07\/schweden-20250709-5-Bearbeitet.jpg?fit=1200%2C800&ssl=1&resize=350%2C200 1x, https:\/\/i0.wp.com\/idnu.ch\/wordpress\/wp-content\/uploads\/2025\/07\/schweden-20250709-5-Bearbeitet.jpg?fit=1200%2C800&ssl=1&resize=525%2C300 1.5x, https:\/\/i0.wp.com\/idnu.ch\/wordpress\/wp-content\/uploads\/2025\/07\/schweden-20250709-5-Bearbeitet.jpg?fit=1200%2C800&ssl=1&resize=700%2C400 2x, https:\/\/i0.wp.com\/idnu.ch\/wordpress\/wp-content\/uploads\/2025\/07\/schweden-20250709-5-Bearbeitet.jpg?fit=1200%2C800&ssl=1&resize=1050%2C600 3x"},"classes":[]},{"id":27825,"url":"https:\/\/idnu.ch\/wordpress\/wandern-auf-den-tafelbergen\/","url_meta":{"origin":27624,"position":2},"title":"Wandern auf den Tafelbergen","author":"Urs Kyburz","date":"17. August 2025","format":false,"excerpt":"Nein, damit sind nicht die ber\u00fchmten Tafelberge in S\u00fcdafrika gemeint, sondern die beiden Tafelberge Hunneberg und Halleberg s\u00fcdlich des V\u00e4nernsees. Wir bewanderten beide, in der Hoffnung, ein sehr scheues Tier zu sehen. Rundwanderung auf dem Hunneberg Die beiden Tafelberge sollen angeblich die dichteste Elchpopulation in Schweden aufweisen. Na, wenn das\u2026","rel":"","context":"In &quot;Schweden&quot;","block_context":{"text":"Schweden","link":"https:\/\/idnu.ch\/wordpress\/category\/laender\/schweden\/"},"img":{"alt_text":"","src":"https:\/\/i0.wp.com\/idnu.ch\/wordpress\/wp-content\/uploads\/2025\/08\/schweden-20250712-96-Bearbeitet.jpg?fit=1200%2C800&ssl=1&resize=350%2C200","width":350,"height":200,"srcset":"https:\/\/i0.wp.com\/idnu.ch\/wordpress\/wp-content\/uploads\/2025\/08\/schweden-20250712-96-Bearbeitet.jpg?fit=1200%2C800&ssl=1&resize=350%2C200 1x, https:\/\/i0.wp.com\/idnu.ch\/wordpress\/wp-content\/uploads\/2025\/08\/schweden-20250712-96-Bearbeitet.jpg?fit=1200%2C800&ssl=1&resize=525%2C300 1.5x, https:\/\/i0.wp.com\/idnu.ch\/wordpress\/wp-content\/uploads\/2025\/08\/schweden-20250712-96-Bearbeitet.jpg?fit=1200%2C800&ssl=1&resize=700%2C400 2x, https:\/\/i0.wp.com\/idnu.ch\/wordpress\/wp-content\/uploads\/2025\/08\/schweden-20250712-96-Bearbeitet.jpg?fit=1200%2C800&ssl=1&resize=1050%2C600 3x"},"classes":[]},{"id":27927,"url":"https:\/\/idnu.ch\/wordpress\/schwedens-westkueste-entlang\/","url_meta":{"origin":27624,"position":3},"title":"Schwedens Westk\u00fcste entlang","author":"Urs Kyburz","date":"8. September 2025","format":false,"excerpt":"Nach dem Besuch des Tresticklan Nationalparkes zog es uns ans Meer. Dort wollten wir Schwedens Westk\u00fcste entlang reisen und die Natursch\u00f6nheiten entdecken. Es gab einige sch\u00f6ne Flecken zu entdecken, aber es war auch deutlich touristischer da. Eine Wanderung auf dem Weg ans Meer Beim Unterkunftswechsel wollten wir nicht einfach von\u2026","rel":"","context":"In &quot;Naturerlebnis&quot;","block_context":{"text":"Naturerlebnis","link":"https:\/\/idnu.ch\/wordpress\/category\/naturerlebnis\/"},"img":{"alt_text":"","src":"https:\/\/i0.wp.com\/idnu.ch\/wordpress\/wp-content\/uploads\/2025\/08\/schweden-20250725-47-Bearbeitet.jpg?fit=1200%2C800&ssl=1&resize=350%2C200","width":350,"height":200,"srcset":"https:\/\/i0.wp.com\/idnu.ch\/wordpress\/wp-content\/uploads\/2025\/08\/schweden-20250725-47-Bearbeitet.jpg?fit=1200%2C800&ssl=1&resize=350%2C200 1x, https:\/\/i0.wp.com\/idnu.ch\/wordpress\/wp-content\/uploads\/2025\/08\/schweden-20250725-47-Bearbeitet.jpg?fit=1200%2C800&ssl=1&resize=525%2C300 1.5x, https:\/\/i0.wp.com\/idnu.ch\/wordpress\/wp-content\/uploads\/2025\/08\/schweden-20250725-47-Bearbeitet.jpg?fit=1200%2C800&ssl=1&resize=700%2C400 2x, https:\/\/i0.wp.com\/idnu.ch\/wordpress\/wp-content\/uploads\/2025\/08\/schweden-20250725-47-Bearbeitet.jpg?fit=1200%2C800&ssl=1&resize=1050%2C600 3x"},"classes":[]},{"id":28041,"url":"https:\/\/idnu.ch\/wordpress\/entdeckungen-rund-um-goeteborg\/","url_meta":{"origin":27624,"position":4},"title":"Entdeckungen rund um G\u00f6teborg","author":"Urs Kyburz","date":"27. September 2025","format":false,"excerpt":"Start- und Endpunkt unserer Schwedenreise war G\u00f6teborg. Wir verweilten zu Beginn einen Tag und am Schluss nochmals vier Tage dort. Aber anstatt die Stadt zu besichtigen, machten wir Entdeckungen rund um G\u00f6teborg. Natur in G\u00f6teborg G\u00f6teborg hat ungef\u00e4hr 650'000 Einwohner, aber die Stadt ist nicht einfach ein grauer Moloch, sondern\u2026","rel":"","context":"In &quot;Naturerlebnis&quot;","block_context":{"text":"Naturerlebnis","link":"https:\/\/idnu.ch\/wordpress\/category\/naturerlebnis\/"},"img":{"alt_text":"","src":"https:\/\/i0.wp.com\/idnu.ch\/wordpress\/wp-content\/uploads\/2025\/09\/schweden-20250703-38-Bearbeitet.jpg?fit=1200%2C800&ssl=1&resize=350%2C200","width":350,"height":200,"srcset":"https:\/\/i0.wp.com\/idnu.ch\/wordpress\/wp-content\/uploads\/2025\/09\/schweden-20250703-38-Bearbeitet.jpg?fit=1200%2C800&ssl=1&resize=350%2C200 1x, https:\/\/i0.wp.com\/idnu.ch\/wordpress\/wp-content\/uploads\/2025\/09\/schweden-20250703-38-Bearbeitet.jpg?fit=1200%2C800&ssl=1&resize=525%2C300 1.5x, https:\/\/i0.wp.com\/idnu.ch\/wordpress\/wp-content\/uploads\/2025\/09\/schweden-20250703-38-Bearbeitet.jpg?fit=1200%2C800&ssl=1&resize=700%2C400 2x, https:\/\/i0.wp.com\/idnu.ch\/wordpress\/wp-content\/uploads\/2025\/09\/schweden-20250703-38-Bearbeitet.jpg?fit=1200%2C800&ssl=1&resize=1050%2C600 3x"},"classes":[]},{"id":27627,"url":"https:\/\/idnu.ch\/wordpress\/das-naturparadies-hornborgasjoen\/","url_meta":{"origin":27624,"position":5},"title":"Das Naturparadies Hornborgasj\u00f6n","author":"Urs Kyburz","date":"15. Juli 2025","format":false,"excerpt":"Der Hornborgasj\u00f6n liegt zwischen den beiden grossen Seen V\u00e4nern und V\u00e4ttern in der Provinz V\u00e4sterg\u00f6tland. Er ist ein Naturparadies erster Klasse, weshalb wir besonders gespannt waren darauf. Und wir wurden nicht entt\u00e4uscht vom Naturparadies Hornborgasj\u00f6n. Magnet f\u00fcr Kraniche Der Hornborgasj\u00f6n ist vor allem bekannt als Rastplatz f\u00fcr Kraniche. Jeden Fr\u00fchling\u2026","rel":"","context":"In &quot;Naturerlebnis&quot;","block_context":{"text":"Naturerlebnis","link":"https:\/\/idnu.ch\/wordpress\/category\/naturerlebnis\/"},"img":{"alt_text":"","src":"https:\/\/i0.wp.com\/idnu.ch\/wordpress\/wp-content\/uploads\/2025\/07\/schweden-20250707-93-Bearbeitet.jpg?fit=1200%2C800&ssl=1&resize=350%2C200","width":350,"height":200,"srcset":"https:\/\/i0.wp.com\/idnu.ch\/wordpress\/wp-content\/uploads\/2025\/07\/schweden-20250707-93-Bearbeitet.jpg?fit=1200%2C800&ssl=1&resize=350%2C200 1x, https:\/\/i0.wp.com\/idnu.ch\/wordpress\/wp-content\/uploads\/2025\/07\/schweden-20250707-93-Bearbeitet.jpg?fit=1200%2C800&ssl=1&resize=525%2C300 1.5x, https:\/\/i0.wp.com\/idnu.ch\/wordpress\/wp-content\/uploads\/2025\/07\/schweden-20250707-93-Bearbeitet.jpg?fit=1200%2C800&ssl=1&resize=700%2C400 2x, https:\/\/i0.wp.com\/idnu.ch\/wordpress\/wp-content\/uploads\/2025\/07\/schweden-20250707-93-Bearbeitet.jpg?fit=1200%2C800&ssl=1&resize=1050%2C600 3x"},"classes":[]}],"jetpack_likes_enabled":true,"_links":{"self":[{"href":"https:\/\/idnu.ch\/wordpress\/wp-json\/wp\/v2\/posts\/27624","targetHints":{"allow":["GET"]}}],"collection":[{"href":"https:\/\/idnu.ch\/wordpress\/wp-json\/wp\/v2\/posts"}],"about":[{"href":"https:\/\/idnu.ch\/wordpress\/wp-json\/wp\/v2\/types\/post"}],"author":[{"embeddable":true,"href":"https:\/\/idnu.ch\/wordpress\/wp-json\/wp\/v2\/users\/2"}],"replies":[{"embeddable":true,"href":"https:\/\/idnu.ch\/wordpress\/wp-json\/wp\/v2\/comments?post=27624"}],"version-history":[{"count":3,"href":"https:\/\/idnu.ch\/wordpress\/wp-json\/wp\/v2\/posts\/27624\/revisions"}],"predecessor-version":[{"id":28146,"href":"https:\/\/idnu.ch\/wordpress\/wp-json\/wp\/v2\/posts\/27624\/revisions\/28146"}],"wp:featuredmedia":[{"embeddable":true,"href":"https:\/\/idnu.ch\/wordpress\/wp-json\/wp\/v2\/media\/28134"}],"wp:attachment":[{"href":"https:\/\/idnu.ch\/wordpress\/wp-json\/wp\/v2\/media?parent=27624"}],"wp:term":[{"taxonomy":"category","embeddable":true,"href":"https:\/\/idnu.ch\/wordpress\/wp-json\/wp\/v2\/categories?post=27624"},{"taxonomy":"post_tag","embeddable":true,"href":"https:\/\/idnu.ch\/wordpress\/wp-json\/wp\/v2\/tags?post=27624"}],"curies":[{"name":"wp","href":"https:\/\/api.w.org\/{rel}","templated":true}]}}