{"id":28041,"date":"2025-09-27T17:39:45","date_gmt":"2025-09-27T15:39:45","guid":{"rendered":"https:\/\/idnu.ch\/wordpress\/?p=28041"},"modified":"2026-02-18T15:57:55","modified_gmt":"2026-02-18T14:57:55","slug":"entdeckungen-rund-um-goeteborg","status":"publish","type":"post","link":"https:\/\/idnu.ch\/wordpress\/entdeckungen-rund-um-goeteborg\/","title":{"rendered":"Entdeckungen rund um G\u00f6teborg"},"content":{"rendered":"<p><strong>Start- und Endpunkt unserer Schwedenreise war G\u00f6teborg. Wir verweilten zu Beginn einen Tag und am Schluss nochmals vier Tage dort. Aber anstatt die Stadt zu besichtigen, machten wir Entdeckungen rund um G\u00f6teborg.<\/strong><\/p>\n<h2>Natur in G\u00f6teborg<\/h2>\n<p>G\u00f6teborg hat ungef\u00e4hr 650&#8217;000 Einwohner, aber die Stadt ist nicht einfach ein grauer Moloch, sondern hat auch Gr\u00fcnanlagen und an der Peripherie Naturschutzgebiete. Jedenfalls ist dieses Bild f\u00fcr uns sehr bezeichnend:<\/p>\n<p><a href=\"https:\/\/i0.wp.com\/idnu.ch\/wordpress\/wp-content\/uploads\/2025\/09\/PSX_20250703_190507.jpg?ssl=1\"><img data-recalc-dims=\"1\" loading=\"lazy\" decoding=\"async\" data-attachment-id=\"28042\" data-permalink=\"https:\/\/idnu.ch\/wordpress\/entdeckungen-rund-um-goeteborg\/psx_20250703_190507\/#main\" data-orig-file=\"https:\/\/i0.wp.com\/idnu.ch\/wordpress\/wp-content\/uploads\/2025\/09\/PSX_20250703_190507.jpg?fit=502%2C800&amp;ssl=1\" data-orig-size=\"502,800\" data-comments-opened=\"1\" data-image-meta=\"{&quot;aperture&quot;:&quot;0&quot;,&quot;credit&quot;:&quot;&quot;,&quot;camera&quot;:&quot;&quot;,&quot;caption&quot;:&quot;&quot;,&quot;created_timestamp&quot;:&quot;0&quot;,&quot;copyright&quot;:&quot;&quot;,&quot;focal_length&quot;:&quot;0&quot;,&quot;iso&quot;:&quot;0&quot;,&quot;shutter_speed&quot;:&quot;0&quot;,&quot;title&quot;:&quot;&quot;,&quot;orientation&quot;:&quot;0&quot;}\" data-image-title=\"\" data-image-description=\"\" data-image-caption=\"\" data-large-file=\"https:\/\/i0.wp.com\/idnu.ch\/wordpress\/wp-content\/uploads\/2025\/09\/PSX_20250703_190507.jpg?fit=502%2C800&amp;ssl=1\" class=\"size-full wp-image-28042 aligncenter\" src=\"https:\/\/i0.wp.com\/idnu.ch\/wordpress\/wp-content\/uploads\/2025\/09\/PSX_20250703_190507.jpg?resize=502%2C800&#038;ssl=1\" alt=\"\" width=\"502\" height=\"800\" srcset=\"https:\/\/i0.wp.com\/idnu.ch\/wordpress\/wp-content\/uploads\/2025\/09\/PSX_20250703_190507.jpg?w=502&amp;ssl=1 502w, https:\/\/i0.wp.com\/idnu.ch\/wordpress\/wp-content\/uploads\/2025\/09\/PSX_20250703_190507.jpg?resize=188%2C300&amp;ssl=1 188w, https:\/\/i0.wp.com\/idnu.ch\/wordpress\/wp-content\/uploads\/2025\/09\/PSX_20250703_190507.jpg?resize=63%2C100&amp;ssl=1 63w\" sizes=\"auto, (max-width: 502px) 100vw, 502px\" \/><\/a><\/p>\n<p>Gleich am Tag der Ankunft, nachdem wir unser Gep\u00e4ck im Hotel abgeladen haben, fahren wir mit dem Tram an den s\u00fcdlichen Stadtrand. Dort gibt es ein Naturschutzgebiet, den <a href=\"https:\/\/birdingplaces.eu\/de\/birdingplaces\/sweden\/vitsippsdalens-matning\" target=\"_blank\" rel=\"noopener\">\u00c4ngg\u00e5rdsbergen<\/a>. Viel wissen wir noch nicht dar\u00fcber, nur, dass es dort gr\u00fcn ist. Das ist schon Grund genug, dorthin zu fahren.<\/p>\n<p>Der Start der Wanderung ist bei einer Klinik, durch ein Gatter betreten wir den Wald und sind &#8211; zack &#8211; in einer anderen Welt, weg vom Grossstadttrubel. Wir durchwandern mit offenen Ohren und Augen den Wald, kommen an einen kleinen See. Dort schwimmen zwei Entenk\u00fcken. Was k\u00f6nnten das f\u00fcr welche sein? Wir r\u00e4tseln, konsultieren den <a href=\"https:\/\/idnu.ch\/wordpress\/der-kosmos-vogelfuehrer\/\">Svensson<\/a> und kommen zum Schluss: Das sind Schellenten. Von der Mama ist allerdings keine Spur zu sehen (den Papa braucht es sowieso nicht). Der Wald wird lichter, der Boden karger, bis wir eine Hochebene erreichen mit Heide. Der Blick schweift aufs Meer hinaus. Wir h\u00f6ren einen feinen Gesang, den wir der Heidelerche zuordnen. Sie sitzt in einem Strauch, daneben singt eine Goldammer.<\/p>\n<div class=\"tiled-gallery type-rectangular tiled-gallery-unresized\" data-original-width=\"750\" data-carousel-extra='{&quot;blog_id&quot;:1,&quot;permalink&quot;:&quot;https:\\\/\\\/idnu.ch\\\/wordpress\\\/entdeckungen-rund-um-goeteborg\\\/&quot;,&quot;likes_blog_id&quot;:100184974}' itemscope itemtype=\"http:\/\/schema.org\/ImageGallery\" > <div class=\"gallery-row\" style=\"width: 750px; height: 643px;\" data-original-width=\"750\" data-original-height=\"643\" > <div class=\"gallery-group images-1\" style=\"width: 430px; height: 643px;\" data-original-width=\"430\" data-original-height=\"643\" > <div class=\"tiled-gallery-item tiled-gallery-item-large\" itemprop=\"associatedMedia\" itemscope itemtype=\"http:\/\/schema.org\/ImageObject\"> <a href=\"https:\/\/idnu.ch\/wordpress\/entdeckungen-rund-um-goeteborg\/schweden-20250703-12-bearbeitet\/#main\" border=\"0\" itemprop=\"url\"> <meta itemprop=\"width\" content=\"426\"> <meta itemprop=\"height\" content=\"639\"> <img decoding=\"async\" class=\"\" data-attachment-id=\"28047\" data-orig-file=\"https:\/\/idnu.ch\/wordpress\/wp-content\/uploads\/2025\/09\/schweden-20250703-12-Bearbeitet.jpg\" data-orig-size=\"827,1240\" data-comments-opened=\"1\" data-image-meta=\"{&quot;aperture&quot;:&quot;7.1&quot;,&quot;credit&quot;:&quot;Urs Kyburz&quot;,&quot;camera&quot;:&quot;Canon EOS 5D Mark IV&quot;,&quot;caption&quot;:&quot;&quot;,&quot;created_timestamp&quot;:&quot;1751536485&quot;,&quot;copyright&quot;:&quot;Copyright Urs Kyburz (2019)&quot;,&quot;focal_length&quot;:&quot;24&quot;,&quot;iso&quot;:&quot;100&quot;,&quot;shutter_speed&quot;:&quot;0.008&quot;,&quot;title&quot;:&quot;&quot;,&quot;orientation&quot;:&quot;0&quot;}\" data-image-title=\"Pause an einem Seelein\" data-image-description=\"\" data-medium-file=\"https:\/\/i0.wp.com\/idnu.ch\/wordpress\/wp-content\/uploads\/2025\/09\/schweden-20250703-12-Bearbeitet.jpg?fit=200%2C300&#038;ssl=1\" data-large-file=\"https:\/\/i0.wp.com\/idnu.ch\/wordpress\/wp-content\/uploads\/2025\/09\/schweden-20250703-12-Bearbeitet.jpg?fit=683%2C1024&#038;ssl=1\" src=\"https:\/\/i0.wp.com\/idnu.ch\/wordpress\/wp-content\/uploads\/2025\/09\/schweden-20250703-12-Bearbeitet.jpg?w=426&#038;h=639&#038;ssl=1\" srcset=\"https:\/\/i0.wp.com\/idnu.ch\/wordpress\/wp-content\/uploads\/2025\/09\/schweden-20250703-12-Bearbeitet.jpg?w=827&amp;ssl=1 827w, https:\/\/i0.wp.com\/idnu.ch\/wordpress\/wp-content\/uploads\/2025\/09\/schweden-20250703-12-Bearbeitet.jpg?resize=200%2C300&amp;ssl=1 200w, https:\/\/i0.wp.com\/idnu.ch\/wordpress\/wp-content\/uploads\/2025\/09\/schweden-20250703-12-Bearbeitet.jpg?resize=683%2C1024&amp;ssl=1 683w, https:\/\/i0.wp.com\/idnu.ch\/wordpress\/wp-content\/uploads\/2025\/09\/schweden-20250703-12-Bearbeitet.jpg?resize=768%2C1152&amp;ssl=1 768w, https:\/\/i0.wp.com\/idnu.ch\/wordpress\/wp-content\/uploads\/2025\/09\/schweden-20250703-12-Bearbeitet.jpg?resize=67%2C100&amp;ssl=1 67w\" width=\"426\" height=\"639\" loading=\"lazy\" data-original-width=\"426\" data-original-height=\"639\" itemprop=\"http:\/\/schema.org\/image\" title=\"Pause an einem Seelein\" alt=\"Pause an einem Seelein\" style=\"width: 426px; height: 639px;\" \/> <\/a> <div class=\"tiled-gallery-caption\" itemprop=\"caption description\"> Pause an einem Seelein <\/div> <\/div> <\/div> <!-- close group --> <div class=\"gallery-group images-3\" style=\"width: 320px; height: 643px;\" data-original-width=\"320\" data-original-height=\"643\" > <div class=\"tiled-gallery-item tiled-gallery-item-large\" itemprop=\"associatedMedia\" itemscope itemtype=\"http:\/\/schema.org\/ImageObject\"> <a href=\"https:\/\/idnu.ch\/wordpress\/entdeckungen-rund-um-goeteborg\/schweden-20250703-19-bearbeitet\/#main\" border=\"0\" itemprop=\"url\"> <meta itemprop=\"width\" content=\"316\"> <meta itemprop=\"height\" content=\"211\"> <img decoding=\"async\" class=\"\" data-attachment-id=\"28048\" data-orig-file=\"https:\/\/idnu.ch\/wordpress\/wp-content\/uploads\/2025\/09\/schweden-20250703-19-Bearbeitet.jpg\" data-orig-size=\"1240,827\" data-comments-opened=\"1\" data-image-meta=\"{&quot;aperture&quot;:&quot;7.1&quot;,&quot;credit&quot;:&quot;Urs Kyburz&quot;,&quot;camera&quot;:&quot;Canon EOS 5D Mark IV&quot;,&quot;caption&quot;:&quot;&quot;,&quot;created_timestamp&quot;:&quot;1751538289&quot;,&quot;copyright&quot;:&quot;Copyright Urs Kyburz (2019)&quot;,&quot;focal_length&quot;:&quot;24&quot;,&quot;iso&quot;:&quot;100&quot;,&quot;shutter_speed&quot;:&quot;0.004&quot;,&quot;title&quot;:&quot;&quot;,&quot;orientation&quot;:&quot;0&quot;}\" data-image-title=\"Auf der Hochebene\" data-image-description=\"\" data-medium-file=\"https:\/\/i0.wp.com\/idnu.ch\/wordpress\/wp-content\/uploads\/2025\/09\/schweden-20250703-19-Bearbeitet.jpg?fit=300%2C200&#038;ssl=1\" data-large-file=\"https:\/\/i0.wp.com\/idnu.ch\/wordpress\/wp-content\/uploads\/2025\/09\/schweden-20250703-19-Bearbeitet.jpg?fit=750%2C500&#038;ssl=1\" src=\"https:\/\/i0.wp.com\/idnu.ch\/wordpress\/wp-content\/uploads\/2025\/09\/schweden-20250703-19-Bearbeitet.jpg?w=316&#038;h=211&#038;ssl=1\" srcset=\"https:\/\/i0.wp.com\/idnu.ch\/wordpress\/wp-content\/uploads\/2025\/09\/schweden-20250703-19-Bearbeitet.jpg?w=1240&amp;ssl=1 1240w, https:\/\/i0.wp.com\/idnu.ch\/wordpress\/wp-content\/uploads\/2025\/09\/schweden-20250703-19-Bearbeitet.jpg?resize=300%2C200&amp;ssl=1 300w, https:\/\/i0.wp.com\/idnu.ch\/wordpress\/wp-content\/uploads\/2025\/09\/schweden-20250703-19-Bearbeitet.jpg?resize=1024%2C683&amp;ssl=1 1024w, https:\/\/i0.wp.com\/idnu.ch\/wordpress\/wp-content\/uploads\/2025\/09\/schweden-20250703-19-Bearbeitet.jpg?resize=768%2C512&amp;ssl=1 768w, https:\/\/i0.wp.com\/idnu.ch\/wordpress\/wp-content\/uploads\/2025\/09\/schweden-20250703-19-Bearbeitet.jpg?resize=150%2C100&amp;ssl=1 150w\" width=\"316\" height=\"211\" loading=\"lazy\" data-original-width=\"316\" data-original-height=\"211\" itemprop=\"http:\/\/schema.org\/image\" title=\"Auf der Hochebene\" alt=\"Auf der Hochebene\" style=\"width: 316px; height: 211px;\" \/> <\/a> <div class=\"tiled-gallery-caption\" itemprop=\"caption description\"> Auf der Hochebene <\/div> <\/div> <div class=\"tiled-gallery-item tiled-gallery-item-large\" itemprop=\"associatedMedia\" itemscope itemtype=\"http:\/\/schema.org\/ImageObject\"> <a href=\"https:\/\/idnu.ch\/wordpress\/entdeckungen-rund-um-goeteborg\/schweden-20250703-21-bearbeitet\/#main\" border=\"0\" itemprop=\"url\"> <meta itemprop=\"width\" content=\"316\"> <meta itemprop=\"height\" content=\"210\"> <img decoding=\"async\" class=\"\" data-attachment-id=\"28049\" data-orig-file=\"https:\/\/idnu.ch\/wordpress\/wp-content\/uploads\/2025\/09\/schweden-20250703-21-Bearbeitet.jpg\" data-orig-size=\"1240,827\" data-comments-opened=\"1\" data-image-meta=\"{&quot;aperture&quot;:&quot;8&quot;,&quot;credit&quot;:&quot;Urs Kyburz&quot;,&quot;camera&quot;:&quot;Canon EOS R6m2&quot;,&quot;caption&quot;:&quot;&quot;,&quot;created_timestamp&quot;:&quot;1751538360&quot;,&quot;copyright&quot;:&quot;All rights reserved&quot;,&quot;focal_length&quot;:&quot;500&quot;,&quot;iso&quot;:&quot;640&quot;,&quot;shutter_speed&quot;:&quot;0.00125&quot;,&quot;title&quot;:&quot;&quot;,&quot;orientation&quot;:&quot;0&quot;}\" data-image-title=\"Eine Heidelerche\" data-image-description=\"\" data-medium-file=\"https:\/\/i0.wp.com\/idnu.ch\/wordpress\/wp-content\/uploads\/2025\/09\/schweden-20250703-21-Bearbeitet.jpg?fit=300%2C200&#038;ssl=1\" data-large-file=\"https:\/\/i0.wp.com\/idnu.ch\/wordpress\/wp-content\/uploads\/2025\/09\/schweden-20250703-21-Bearbeitet.jpg?fit=750%2C500&#038;ssl=1\" src=\"https:\/\/i0.wp.com\/idnu.ch\/wordpress\/wp-content\/uploads\/2025\/09\/schweden-20250703-21-Bearbeitet.jpg?w=316&#038;h=210&#038;ssl=1\" srcset=\"https:\/\/i0.wp.com\/idnu.ch\/wordpress\/wp-content\/uploads\/2025\/09\/schweden-20250703-21-Bearbeitet.jpg?w=1240&amp;ssl=1 1240w, https:\/\/i0.wp.com\/idnu.ch\/wordpress\/wp-content\/uploads\/2025\/09\/schweden-20250703-21-Bearbeitet.jpg?resize=300%2C200&amp;ssl=1 300w, https:\/\/i0.wp.com\/idnu.ch\/wordpress\/wp-content\/uploads\/2025\/09\/schweden-20250703-21-Bearbeitet.jpg?resize=1024%2C683&amp;ssl=1 1024w, https:\/\/i0.wp.com\/idnu.ch\/wordpress\/wp-content\/uploads\/2025\/09\/schweden-20250703-21-Bearbeitet.jpg?resize=768%2C512&amp;ssl=1 768w, https:\/\/i0.wp.com\/idnu.ch\/wordpress\/wp-content\/uploads\/2025\/09\/schweden-20250703-21-Bearbeitet.jpg?resize=150%2C100&amp;ssl=1 150w\" width=\"316\" height=\"210\" loading=\"lazy\" data-original-width=\"316\" data-original-height=\"210\" itemprop=\"http:\/\/schema.org\/image\" title=\"Eine Heidelerche\" alt=\"Eine Heidelerche\" style=\"width: 316px; height: 210px;\" \/> <\/a> <div class=\"tiled-gallery-caption\" itemprop=\"caption description\"> Eine Heidelerche <\/div> <\/div> <div class=\"tiled-gallery-item tiled-gallery-item-large\" itemprop=\"associatedMedia\" itemscope itemtype=\"http:\/\/schema.org\/ImageObject\"> <a href=\"https:\/\/idnu.ch\/wordpress\/entdeckungen-rund-um-goeteborg\/schweden-20250703-23-bearbeitet\/#main\" border=\"0\" itemprop=\"url\"> <meta itemprop=\"width\" content=\"316\"> <meta itemprop=\"height\" content=\"210\"> <img decoding=\"async\" class=\"\" data-attachment-id=\"28050\" data-orig-file=\"https:\/\/idnu.ch\/wordpress\/wp-content\/uploads\/2025\/09\/schweden-20250703-23-Bearbeitet.jpg\" data-orig-size=\"1240,827\" data-comments-opened=\"1\" data-image-meta=\"{&quot;aperture&quot;:&quot;7.1&quot;,&quot;credit&quot;:&quot;Urs Kyburz&quot;,&quot;camera&quot;:&quot;Canon EOS 5D Mark IV&quot;,&quot;caption&quot;:&quot;&quot;,&quot;created_timestamp&quot;:&quot;1751538873&quot;,&quot;copyright&quot;:&quot;Copyright Urs Kyburz (2019)&quot;,&quot;focal_length&quot;:&quot;24&quot;,&quot;iso&quot;:&quot;100&quot;,&quot;shutter_speed&quot;:&quot;0.00625&quot;,&quot;title&quot;:&quot;&quot;,&quot;orientation&quot;:&quot;0&quot;}\" data-image-title=\"Dort hinten ist das Meer\" data-image-description=\"\" data-medium-file=\"https:\/\/i0.wp.com\/idnu.ch\/wordpress\/wp-content\/uploads\/2025\/09\/schweden-20250703-23-Bearbeitet.jpg?fit=300%2C200&#038;ssl=1\" data-large-file=\"https:\/\/i0.wp.com\/idnu.ch\/wordpress\/wp-content\/uploads\/2025\/09\/schweden-20250703-23-Bearbeitet.jpg?fit=750%2C500&#038;ssl=1\" src=\"https:\/\/i0.wp.com\/idnu.ch\/wordpress\/wp-content\/uploads\/2025\/09\/schweden-20250703-23-Bearbeitet.jpg?w=316&#038;h=210&#038;ssl=1\" srcset=\"https:\/\/i0.wp.com\/idnu.ch\/wordpress\/wp-content\/uploads\/2025\/09\/schweden-20250703-23-Bearbeitet.jpg?w=1240&amp;ssl=1 1240w, https:\/\/i0.wp.com\/idnu.ch\/wordpress\/wp-content\/uploads\/2025\/09\/schweden-20250703-23-Bearbeitet.jpg?resize=300%2C200&amp;ssl=1 300w, https:\/\/i0.wp.com\/idnu.ch\/wordpress\/wp-content\/uploads\/2025\/09\/schweden-20250703-23-Bearbeitet.jpg?resize=1024%2C683&amp;ssl=1 1024w, https:\/\/i0.wp.com\/idnu.ch\/wordpress\/wp-content\/uploads\/2025\/09\/schweden-20250703-23-Bearbeitet.jpg?resize=768%2C512&amp;ssl=1 768w, https:\/\/i0.wp.com\/idnu.ch\/wordpress\/wp-content\/uploads\/2025\/09\/schweden-20250703-23-Bearbeitet.jpg?resize=150%2C100&amp;ssl=1 150w\" width=\"316\" height=\"210\" loading=\"lazy\" data-original-width=\"316\" data-original-height=\"210\" itemprop=\"http:\/\/schema.org\/image\" title=\"Dort hinten ist das Meer\" alt=\"Dort hinten ist das Meer\" style=\"width: 316px; height: 210px;\" \/> <\/a> <div class=\"tiled-gallery-caption\" itemprop=\"caption description\"> Dort hinten ist das Meer <\/div> <\/div> <\/div> <!-- close group --> <\/div> <!-- close row --> <div class=\"gallery-row\" style=\"width: 750px; height: 1123px;\" data-original-width=\"750\" data-original-height=\"1123\" > <div class=\"gallery-group images-1\" style=\"width: 750px; height: 1123px;\" data-original-width=\"750\" data-original-height=\"1123\" > <div class=\"tiled-gallery-item tiled-gallery-item-large\" itemprop=\"associatedMedia\" itemscope itemtype=\"http:\/\/schema.org\/ImageObject\"> <a href=\"https:\/\/idnu.ch\/wordpress\/entdeckungen-rund-um-goeteborg\/schweden-20250703-26-bearbeitet\/#main\" border=\"0\" itemprop=\"url\"> <meta itemprop=\"width\" content=\"746\"> <meta itemprop=\"height\" content=\"1119\"> <img decoding=\"async\" class=\"\" data-attachment-id=\"28051\" data-orig-file=\"https:\/\/idnu.ch\/wordpress\/wp-content\/uploads\/2025\/09\/schweden-20250703-26-Bearbeitet.jpg\" data-orig-size=\"827,1240\" data-comments-opened=\"1\" data-image-meta=\"{&quot;aperture&quot;:&quot;7.1&quot;,&quot;credit&quot;:&quot;Urs Kyburz&quot;,&quot;camera&quot;:&quot;Canon EOS R6m2&quot;,&quot;caption&quot;:&quot;&quot;,&quot;created_timestamp&quot;:&quot;1751539302&quot;,&quot;copyright&quot;:&quot;All rights reserved&quot;,&quot;focal_length&quot;:&quot;500&quot;,&quot;iso&quot;:&quot;320&quot;,&quot;shutter_speed&quot;:&quot;0.0025&quot;,&quot;title&quot;:&quot;&quot;,&quot;orientation&quot;:&quot;0&quot;}\" data-image-title=\"Ein Neunt\u00f6ter auf einer L\u00e4rche\" data-image-description=\"\" data-medium-file=\"https:\/\/i0.wp.com\/idnu.ch\/wordpress\/wp-content\/uploads\/2025\/09\/schweden-20250703-26-Bearbeitet.jpg?fit=200%2C300&#038;ssl=1\" data-large-file=\"https:\/\/i0.wp.com\/idnu.ch\/wordpress\/wp-content\/uploads\/2025\/09\/schweden-20250703-26-Bearbeitet.jpg?fit=683%2C1024&#038;ssl=1\" src=\"https:\/\/i0.wp.com\/idnu.ch\/wordpress\/wp-content\/uploads\/2025\/09\/schweden-20250703-26-Bearbeitet.jpg?w=746&#038;h=1119&#038;ssl=1\" srcset=\"https:\/\/i0.wp.com\/idnu.ch\/wordpress\/wp-content\/uploads\/2025\/09\/schweden-20250703-26-Bearbeitet.jpg?w=827&amp;ssl=1 827w, https:\/\/i0.wp.com\/idnu.ch\/wordpress\/wp-content\/uploads\/2025\/09\/schweden-20250703-26-Bearbeitet.jpg?resize=200%2C300&amp;ssl=1 200w, https:\/\/i0.wp.com\/idnu.ch\/wordpress\/wp-content\/uploads\/2025\/09\/schweden-20250703-26-Bearbeitet.jpg?resize=683%2C1024&amp;ssl=1 683w, https:\/\/i0.wp.com\/idnu.ch\/wordpress\/wp-content\/uploads\/2025\/09\/schweden-20250703-26-Bearbeitet.jpg?resize=768%2C1152&amp;ssl=1 768w, https:\/\/i0.wp.com\/idnu.ch\/wordpress\/wp-content\/uploads\/2025\/09\/schweden-20250703-26-Bearbeitet.jpg?resize=67%2C100&amp;ssl=1 67w\" width=\"746\" height=\"1119\" loading=\"lazy\" data-original-width=\"746\" data-original-height=\"1119\" itemprop=\"http:\/\/schema.org\/image\" title=\"Ein Neunt\u00f6ter auf einer L\u00e4rche\" alt=\"Ein Neunt\u00f6ter auf einer L\u00e4rche\" style=\"width: 746px; height: 1119px;\" \/> <\/a> <div class=\"tiled-gallery-caption\" itemprop=\"caption description\"> Ein Neunt\u00f6ter auf einer L\u00e4rche <\/div> <\/div> <\/div> <!-- close group --> <\/div> <!-- close row --> <\/div>\n<p>Wir gehen weiter und entdecken auf einer L\u00e4rche einen Neunt\u00f6ter. Im Schatten legen wir eine Pause ein, dabei k\u00f6nnen wir Fitisse, Tannenmeisen, Kohlmeisen und andere beobachten.<\/p>\n<p>Wir kommen an einen kleinen See, eine Zwergtaucherfamilie schwimmt umher, die kleinen betteln um Futter. Sturmm\u00f6wen fliegen umher, zanken sich um Brot, das Besucher ins Wasser geworfen haben. Dann sehen wir unsere ersten Kanadag\u00e4nse, sie ist allerdings ein Neozooe. Was wir noch nicht wissen: Wir werden noch ganz, ganz viele sehen. Auf dem Meer sind sie die h\u00e4ufigsten G\u00e4nse, w\u00e4hrend im Inland die Graug\u00e4nse dominieren. Ein Anruf ereilt mich vom Autovermieter, den ich aber zu sp\u00e4t sehe. Zeit, zur\u00fcckzukehren und im B\u00fcro nachzufragen. Hoffentlich gibt es keine Probleme? Stellt sich heraus: Sie wollten uns nur warnen, dass ich ein Elektroauto reserviert h\u00e4tte. Also alles palleti, genau das war mein Plan.<\/p>\n<div class=\"tiled-gallery type-rectangular tiled-gallery-unresized\" data-original-width=\"750\" data-carousel-extra='{&quot;blog_id&quot;:1,&quot;permalink&quot;:&quot;https:\\\/\\\/idnu.ch\\\/wordpress\\\/entdeckungen-rund-um-goeteborg\\\/&quot;,&quot;likes_blog_id&quot;:100184974}' itemscope itemtype=\"http:\/\/schema.org\/ImageGallery\" > <div class=\"gallery-row\" style=\"width: 750px; height: 335px;\" data-original-width=\"750\" data-original-height=\"335\" > <div class=\"gallery-group images-1\" style=\"width: 501px; height: 335px;\" data-original-width=\"501\" data-original-height=\"335\" > <div class=\"tiled-gallery-item tiled-gallery-item-large\" itemprop=\"associatedMedia\" itemscope itemtype=\"http:\/\/schema.org\/ImageObject\"> <a href=\"https:\/\/idnu.ch\/wordpress\/entdeckungen-rund-um-goeteborg\/schweden-20250703-31-bearbeitet\/#main\" border=\"0\" itemprop=\"url\"> <meta itemprop=\"width\" content=\"497\"> <meta itemprop=\"height\" content=\"331\"> <img decoding=\"async\" class=\"\" data-attachment-id=\"28052\" data-orig-file=\"https:\/\/idnu.ch\/wordpress\/wp-content\/uploads\/2025\/09\/schweden-20250703-31-Bearbeitet.jpg\" data-orig-size=\"1240,827\" data-comments-opened=\"1\" data-image-meta=\"{&quot;aperture&quot;:&quot;8&quot;,&quot;credit&quot;:&quot;Urs Kyburz&quot;,&quot;camera&quot;:&quot;Canon EOS R6m2&quot;,&quot;caption&quot;:&quot;&quot;,&quot;created_timestamp&quot;:&quot;1751543013&quot;,&quot;copyright&quot;:&quot;All rights reserved&quot;,&quot;focal_length&quot;:&quot;500&quot;,&quot;iso&quot;:&quot;500&quot;,&quot;shutter_speed&quot;:&quot;0.00125&quot;,&quot;title&quot;:&quot;&quot;,&quot;orientation&quot;:&quot;0&quot;}\" data-image-title=\"Zwergtaucher\" data-image-description=\"\" data-medium-file=\"https:\/\/i0.wp.com\/idnu.ch\/wordpress\/wp-content\/uploads\/2025\/09\/schweden-20250703-31-Bearbeitet.jpg?fit=300%2C200&#038;ssl=1\" data-large-file=\"https:\/\/i0.wp.com\/idnu.ch\/wordpress\/wp-content\/uploads\/2025\/09\/schweden-20250703-31-Bearbeitet.jpg?fit=750%2C500&#038;ssl=1\" src=\"https:\/\/i0.wp.com\/idnu.ch\/wordpress\/wp-content\/uploads\/2025\/09\/schweden-20250703-31-Bearbeitet.jpg?w=497&#038;h=331&#038;ssl=1\" srcset=\"https:\/\/i0.wp.com\/idnu.ch\/wordpress\/wp-content\/uploads\/2025\/09\/schweden-20250703-31-Bearbeitet.jpg?w=1240&amp;ssl=1 1240w, https:\/\/i0.wp.com\/idnu.ch\/wordpress\/wp-content\/uploads\/2025\/09\/schweden-20250703-31-Bearbeitet.jpg?resize=300%2C200&amp;ssl=1 300w, https:\/\/i0.wp.com\/idnu.ch\/wordpress\/wp-content\/uploads\/2025\/09\/schweden-20250703-31-Bearbeitet.jpg?resize=1024%2C683&amp;ssl=1 1024w, https:\/\/i0.wp.com\/idnu.ch\/wordpress\/wp-content\/uploads\/2025\/09\/schweden-20250703-31-Bearbeitet.jpg?resize=768%2C512&amp;ssl=1 768w, https:\/\/i0.wp.com\/idnu.ch\/wordpress\/wp-content\/uploads\/2025\/09\/schweden-20250703-31-Bearbeitet.jpg?resize=150%2C100&amp;ssl=1 150w\" width=\"497\" height=\"331\" loading=\"lazy\" data-original-width=\"497\" data-original-height=\"331\" itemprop=\"http:\/\/schema.org\/image\" title=\"Zwergtaucher\" alt=\"Zwergtaucher\" style=\"width: 497px; height: 331px;\" \/> <\/a> <div class=\"tiled-gallery-caption\" itemprop=\"caption description\"> Zwergtaucher <\/div> <\/div> <\/div> <!-- close group --> <div class=\"gallery-group images-2\" style=\"width: 249px; height: 335px;\" data-original-width=\"249\" data-original-height=\"335\" > <div class=\"tiled-gallery-item tiled-gallery-item-small\" itemprop=\"associatedMedia\" itemscope itemtype=\"http:\/\/schema.org\/ImageObject\"> <a href=\"https:\/\/idnu.ch\/wordpress\/entdeckungen-rund-um-goeteborg\/schweden-20250703-38-bearbeitet\/#main\" border=\"0\" itemprop=\"url\"> <meta itemprop=\"width\" content=\"245\"> <meta itemprop=\"height\" content=\"164\"> <img decoding=\"async\" class=\"\" data-attachment-id=\"28053\" data-orig-file=\"https:\/\/idnu.ch\/wordpress\/wp-content\/uploads\/2025\/09\/schweden-20250703-38-Bearbeitet.jpg\" data-orig-size=\"1240,827\" data-comments-opened=\"1\" data-image-meta=\"{&quot;aperture&quot;:&quot;9&quot;,&quot;credit&quot;:&quot;Urs Kyburz&quot;,&quot;camera&quot;:&quot;Canon EOS 5D Mark IV&quot;,&quot;caption&quot;:&quot;&quot;,&quot;created_timestamp&quot;:&quot;1751543078&quot;,&quot;copyright&quot;:&quot;Copyright Urs Kyburz (2019)&quot;,&quot;focal_length&quot;:&quot;24&quot;,&quot;iso&quot;:&quot;100&quot;,&quot;shutter_speed&quot;:&quot;0.025&quot;,&quot;title&quot;:&quot;&quot;,&quot;orientation&quot;:&quot;0&quot;}\" data-image-title=\"In Ruhe beobachten\" data-image-description=\"\" data-medium-file=\"https:\/\/i0.wp.com\/idnu.ch\/wordpress\/wp-content\/uploads\/2025\/09\/schweden-20250703-38-Bearbeitet.jpg?fit=300%2C200&#038;ssl=1\" data-large-file=\"https:\/\/i0.wp.com\/idnu.ch\/wordpress\/wp-content\/uploads\/2025\/09\/schweden-20250703-38-Bearbeitet.jpg?fit=750%2C500&#038;ssl=1\" src=\"https:\/\/i0.wp.com\/idnu.ch\/wordpress\/wp-content\/uploads\/2025\/09\/schweden-20250703-38-Bearbeitet.jpg?w=245&#038;h=164&#038;ssl=1\" srcset=\"https:\/\/i0.wp.com\/idnu.ch\/wordpress\/wp-content\/uploads\/2025\/09\/schweden-20250703-38-Bearbeitet.jpg?w=1240&amp;ssl=1 1240w, https:\/\/i0.wp.com\/idnu.ch\/wordpress\/wp-content\/uploads\/2025\/09\/schweden-20250703-38-Bearbeitet.jpg?resize=300%2C200&amp;ssl=1 300w, https:\/\/i0.wp.com\/idnu.ch\/wordpress\/wp-content\/uploads\/2025\/09\/schweden-20250703-38-Bearbeitet.jpg?resize=1024%2C683&amp;ssl=1 1024w, https:\/\/i0.wp.com\/idnu.ch\/wordpress\/wp-content\/uploads\/2025\/09\/schweden-20250703-38-Bearbeitet.jpg?resize=768%2C512&amp;ssl=1 768w, https:\/\/i0.wp.com\/idnu.ch\/wordpress\/wp-content\/uploads\/2025\/09\/schweden-20250703-38-Bearbeitet.jpg?resize=150%2C100&amp;ssl=1 150w\" width=\"245\" height=\"164\" loading=\"lazy\" data-original-width=\"245\" data-original-height=\"164\" itemprop=\"http:\/\/schema.org\/image\" title=\"In Ruhe beobachten\" alt=\"In Ruhe beobachten\" style=\"width: 245px; height: 164px;\" \/> <\/a> <div class=\"tiled-gallery-caption\" itemprop=\"caption description\"> In Ruhe beobachten <\/div> <\/div> <div class=\"tiled-gallery-item tiled-gallery-item-small\" itemprop=\"associatedMedia\" itemscope itemtype=\"http:\/\/schema.org\/ImageObject\"> <a href=\"https:\/\/idnu.ch\/wordpress\/entdeckungen-rund-um-goeteborg\/schweden-20250703-163-bearbeitet\/#main\" border=\"0\" itemprop=\"url\"> <meta itemprop=\"width\" content=\"245\"> <meta itemprop=\"height\" content=\"163\"> <img decoding=\"async\" class=\"\" data-attachment-id=\"28054\" data-orig-file=\"https:\/\/idnu.ch\/wordpress\/wp-content\/uploads\/2025\/09\/schweden-20250703-163-Bearbeitet.jpg\" data-orig-size=\"1240,827\" data-comments-opened=\"1\" data-image-meta=\"{&quot;aperture&quot;:&quot;7.1&quot;,&quot;credit&quot;:&quot;Urs Kyburz&quot;,&quot;camera&quot;:&quot;Canon EOS R6m2&quot;,&quot;caption&quot;:&quot;&quot;,&quot;created_timestamp&quot;:&quot;1751544112&quot;,&quot;copyright&quot;:&quot;All rights reserved&quot;,&quot;focal_length&quot;:&quot;500&quot;,&quot;iso&quot;:&quot;1000&quot;,&quot;shutter_speed&quot;:&quot;0.00125&quot;,&quot;title&quot;:&quot;&quot;,&quot;orientation&quot;:&quot;0&quot;}\" data-image-title=\"Sturmm\u00f6we\" data-image-description=\"\" data-medium-file=\"https:\/\/i0.wp.com\/idnu.ch\/wordpress\/wp-content\/uploads\/2025\/09\/schweden-20250703-163-Bearbeitet.jpg?fit=300%2C200&#038;ssl=1\" data-large-file=\"https:\/\/i0.wp.com\/idnu.ch\/wordpress\/wp-content\/uploads\/2025\/09\/schweden-20250703-163-Bearbeitet.jpg?fit=750%2C500&#038;ssl=1\" src=\"https:\/\/i0.wp.com\/idnu.ch\/wordpress\/wp-content\/uploads\/2025\/09\/schweden-20250703-163-Bearbeitet.jpg?w=245&#038;h=163&#038;ssl=1\" srcset=\"https:\/\/i0.wp.com\/idnu.ch\/wordpress\/wp-content\/uploads\/2025\/09\/schweden-20250703-163-Bearbeitet.jpg?w=1240&amp;ssl=1 1240w, https:\/\/i0.wp.com\/idnu.ch\/wordpress\/wp-content\/uploads\/2025\/09\/schweden-20250703-163-Bearbeitet.jpg?resize=300%2C200&amp;ssl=1 300w, https:\/\/i0.wp.com\/idnu.ch\/wordpress\/wp-content\/uploads\/2025\/09\/schweden-20250703-163-Bearbeitet.jpg?resize=1024%2C683&amp;ssl=1 1024w, https:\/\/i0.wp.com\/idnu.ch\/wordpress\/wp-content\/uploads\/2025\/09\/schweden-20250703-163-Bearbeitet.jpg?resize=768%2C512&amp;ssl=1 768w, https:\/\/i0.wp.com\/idnu.ch\/wordpress\/wp-content\/uploads\/2025\/09\/schweden-20250703-163-Bearbeitet.jpg?resize=150%2C100&amp;ssl=1 150w\" width=\"245\" height=\"163\" loading=\"lazy\" data-original-width=\"245\" data-original-height=\"163\" itemprop=\"http:\/\/schema.org\/image\" title=\"Sturmm\u00f6we\" alt=\"Sturmm\u00f6we\" style=\"width: 245px; height: 163px;\" \/> <\/a> <div class=\"tiled-gallery-caption\" itemprop=\"caption description\"> Sturmm\u00f6we <\/div> <\/div> <\/div> <!-- close group --> <\/div> <!-- close row --> <div class=\"gallery-row\" style=\"width: 750px; height: 168px;\" data-original-width=\"750\" data-original-height=\"168\" > <div class=\"gallery-group images-1\" style=\"width: 250px; height: 168px;\" data-original-width=\"250\" data-original-height=\"168\" > <div class=\"tiled-gallery-item tiled-gallery-item-small\" itemprop=\"associatedMedia\" itemscope itemtype=\"http:\/\/schema.org\/ImageObject\"> <a href=\"https:\/\/idnu.ch\/wordpress\/entdeckungen-rund-um-goeteborg\/schweden-20250703-217-bearbeitet\/#main\" border=\"0\" itemprop=\"url\"> <meta itemprop=\"width\" content=\"246\"> <meta itemprop=\"height\" content=\"164\"> <img decoding=\"async\" class=\"\" data-attachment-id=\"28055\" data-orig-file=\"https:\/\/idnu.ch\/wordpress\/wp-content\/uploads\/2025\/09\/schweden-20250703-217-Bearbeitet.jpg\" data-orig-size=\"1240,827\" data-comments-opened=\"1\" data-image-meta=\"{&quot;aperture&quot;:&quot;5.6&quot;,&quot;credit&quot;:&quot;Urs Kyburz&quot;,&quot;camera&quot;:&quot;Canon EOS R6m2&quot;,&quot;caption&quot;:&quot;&quot;,&quot;created_timestamp&quot;:&quot;1751544228&quot;,&quot;copyright&quot;:&quot;All rights reserved&quot;,&quot;focal_length&quot;:&quot;270&quot;,&quot;iso&quot;:&quot;200&quot;,&quot;shutter_speed&quot;:&quot;0.0004&quot;,&quot;title&quot;:&quot;&quot;,&quot;orientation&quot;:&quot;0&quot;}\" data-image-title=\"Sturmm\u00f6we\" data-image-description=\"\" data-medium-file=\"https:\/\/i0.wp.com\/idnu.ch\/wordpress\/wp-content\/uploads\/2025\/09\/schweden-20250703-217-Bearbeitet.jpg?fit=300%2C200&#038;ssl=1\" data-large-file=\"https:\/\/i0.wp.com\/idnu.ch\/wordpress\/wp-content\/uploads\/2025\/09\/schweden-20250703-217-Bearbeitet.jpg?fit=750%2C500&#038;ssl=1\" src=\"https:\/\/i0.wp.com\/idnu.ch\/wordpress\/wp-content\/uploads\/2025\/09\/schweden-20250703-217-Bearbeitet.jpg?w=246&#038;h=164&#038;ssl=1\" srcset=\"https:\/\/i0.wp.com\/idnu.ch\/wordpress\/wp-content\/uploads\/2025\/09\/schweden-20250703-217-Bearbeitet.jpg?w=1240&amp;ssl=1 1240w, https:\/\/i0.wp.com\/idnu.ch\/wordpress\/wp-content\/uploads\/2025\/09\/schweden-20250703-217-Bearbeitet.jpg?resize=300%2C200&amp;ssl=1 300w, https:\/\/i0.wp.com\/idnu.ch\/wordpress\/wp-content\/uploads\/2025\/09\/schweden-20250703-217-Bearbeitet.jpg?resize=1024%2C683&amp;ssl=1 1024w, https:\/\/i0.wp.com\/idnu.ch\/wordpress\/wp-content\/uploads\/2025\/09\/schweden-20250703-217-Bearbeitet.jpg?resize=768%2C512&amp;ssl=1 768w, https:\/\/i0.wp.com\/idnu.ch\/wordpress\/wp-content\/uploads\/2025\/09\/schweden-20250703-217-Bearbeitet.jpg?resize=150%2C100&amp;ssl=1 150w\" width=\"246\" height=\"164\" loading=\"lazy\" data-original-width=\"246\" data-original-height=\"164\" itemprop=\"http:\/\/schema.org\/image\" title=\"Sturmm\u00f6we\" alt=\"Sturmm\u00f6we\" style=\"width: 246px; height: 164px;\" \/> <\/a> <div class=\"tiled-gallery-caption\" itemprop=\"caption description\"> Sturmm\u00f6we <\/div> <\/div> <\/div> <!-- close group --> <div class=\"gallery-group images-1\" style=\"width: 250px; height: 168px;\" data-original-width=\"250\" data-original-height=\"168\" > <div class=\"tiled-gallery-item tiled-gallery-item-small\" itemprop=\"associatedMedia\" itemscope itemtype=\"http:\/\/schema.org\/ImageObject\"> <a href=\"https:\/\/idnu.ch\/wordpress\/entdeckungen-rund-um-goeteborg\/schweden-20250703-233-bearbeitet\/#main\" border=\"0\" itemprop=\"url\"> <meta itemprop=\"width\" content=\"246\"> <meta itemprop=\"height\" content=\"164\"> <img decoding=\"async\" class=\"\" data-attachment-id=\"28056\" data-orig-file=\"https:\/\/idnu.ch\/wordpress\/wp-content\/uploads\/2025\/09\/schweden-20250703-233-Bearbeitet.jpg\" data-orig-size=\"1240,827\" data-comments-opened=\"1\" data-image-meta=\"{&quot;aperture&quot;:&quot;9&quot;,&quot;credit&quot;:&quot;Urs Kyburz&quot;,&quot;camera&quot;:&quot;Canon EOS 5D Mark IV&quot;,&quot;caption&quot;:&quot;&quot;,&quot;created_timestamp&quot;:&quot;1751544882&quot;,&quot;copyright&quot;:&quot;Copyright Urs Kyburz (2019)&quot;,&quot;focal_length&quot;:&quot;24&quot;,&quot;iso&quot;:&quot;320&quot;,&quot;shutter_speed&quot;:&quot;0.025&quot;,&quot;title&quot;:&quot;&quot;,&quot;orientation&quot;:&quot;0&quot;}\" data-image-title=\"Stockenten\" data-image-description=\"\" data-medium-file=\"https:\/\/i0.wp.com\/idnu.ch\/wordpress\/wp-content\/uploads\/2025\/09\/schweden-20250703-233-Bearbeitet.jpg?fit=300%2C200&#038;ssl=1\" data-large-file=\"https:\/\/i0.wp.com\/idnu.ch\/wordpress\/wp-content\/uploads\/2025\/09\/schweden-20250703-233-Bearbeitet.jpg?fit=750%2C500&#038;ssl=1\" src=\"https:\/\/i0.wp.com\/idnu.ch\/wordpress\/wp-content\/uploads\/2025\/09\/schweden-20250703-233-Bearbeitet.jpg?w=246&#038;h=164&#038;ssl=1\" srcset=\"https:\/\/i0.wp.com\/idnu.ch\/wordpress\/wp-content\/uploads\/2025\/09\/schweden-20250703-233-Bearbeitet.jpg?w=1240&amp;ssl=1 1240w, https:\/\/i0.wp.com\/idnu.ch\/wordpress\/wp-content\/uploads\/2025\/09\/schweden-20250703-233-Bearbeitet.jpg?resize=300%2C200&amp;ssl=1 300w, https:\/\/i0.wp.com\/idnu.ch\/wordpress\/wp-content\/uploads\/2025\/09\/schweden-20250703-233-Bearbeitet.jpg?resize=1024%2C683&amp;ssl=1 1024w, https:\/\/i0.wp.com\/idnu.ch\/wordpress\/wp-content\/uploads\/2025\/09\/schweden-20250703-233-Bearbeitet.jpg?resize=768%2C512&amp;ssl=1 768w, https:\/\/i0.wp.com\/idnu.ch\/wordpress\/wp-content\/uploads\/2025\/09\/schweden-20250703-233-Bearbeitet.jpg?resize=150%2C100&amp;ssl=1 150w\" width=\"246\" height=\"164\" loading=\"lazy\" data-original-width=\"246\" data-original-height=\"164\" itemprop=\"http:\/\/schema.org\/image\" title=\"Stockenten\" alt=\"Stockenten\" style=\"width: 246px; height: 164px;\" \/> <\/a> <div class=\"tiled-gallery-caption\" itemprop=\"caption description\"> Stockenten <\/div> <\/div> <\/div> <!-- close group --> <div class=\"gallery-group images-1\" style=\"width: 250px; height: 168px;\" data-original-width=\"250\" data-original-height=\"168\" > <div class=\"tiled-gallery-item tiled-gallery-item-small\" itemprop=\"associatedMedia\" itemscope itemtype=\"http:\/\/schema.org\/ImageObject\"> <a href=\"https:\/\/idnu.ch\/wordpress\/entdeckungen-rund-um-goeteborg\/schweden-20250703-234-bearbeitet\/#main\" border=\"0\" itemprop=\"url\"> <meta itemprop=\"width\" content=\"246\"> <meta itemprop=\"height\" content=\"164\"> <img decoding=\"async\" class=\"\" data-attachment-id=\"28057\" data-orig-file=\"https:\/\/idnu.ch\/wordpress\/wp-content\/uploads\/2025\/09\/schweden-20250703-234-Bearbeitet.jpg\" data-orig-size=\"1240,827\" data-comments-opened=\"1\" data-image-meta=\"{&quot;aperture&quot;:&quot;7.1&quot;,&quot;credit&quot;:&quot;Urs Kyburz&quot;,&quot;camera&quot;:&quot;Canon EOS R6m2&quot;,&quot;caption&quot;:&quot;&quot;,&quot;created_timestamp&quot;:&quot;1751544947&quot;,&quot;copyright&quot;:&quot;All rights reserved&quot;,&quot;focal_length&quot;:&quot;500&quot;,&quot;iso&quot;:&quot;1600&quot;,&quot;shutter_speed&quot;:&quot;0.0004&quot;,&quot;title&quot;:&quot;&quot;,&quot;orientation&quot;:&quot;0&quot;}\" data-image-title=\"Kanadag\u00e4nse\" data-image-description=\"\" data-medium-file=\"https:\/\/i0.wp.com\/idnu.ch\/wordpress\/wp-content\/uploads\/2025\/09\/schweden-20250703-234-Bearbeitet.jpg?fit=300%2C200&#038;ssl=1\" data-large-file=\"https:\/\/i0.wp.com\/idnu.ch\/wordpress\/wp-content\/uploads\/2025\/09\/schweden-20250703-234-Bearbeitet.jpg?fit=750%2C500&#038;ssl=1\" src=\"https:\/\/i0.wp.com\/idnu.ch\/wordpress\/wp-content\/uploads\/2025\/09\/schweden-20250703-234-Bearbeitet.jpg?w=246&#038;h=164&#038;ssl=1\" srcset=\"https:\/\/i0.wp.com\/idnu.ch\/wordpress\/wp-content\/uploads\/2025\/09\/schweden-20250703-234-Bearbeitet.jpg?w=1240&amp;ssl=1 1240w, https:\/\/i0.wp.com\/idnu.ch\/wordpress\/wp-content\/uploads\/2025\/09\/schweden-20250703-234-Bearbeitet.jpg?resize=300%2C200&amp;ssl=1 300w, https:\/\/i0.wp.com\/idnu.ch\/wordpress\/wp-content\/uploads\/2025\/09\/schweden-20250703-234-Bearbeitet.jpg?resize=1024%2C683&amp;ssl=1 1024w, https:\/\/i0.wp.com\/idnu.ch\/wordpress\/wp-content\/uploads\/2025\/09\/schweden-20250703-234-Bearbeitet.jpg?resize=768%2C512&amp;ssl=1 768w, https:\/\/i0.wp.com\/idnu.ch\/wordpress\/wp-content\/uploads\/2025\/09\/schweden-20250703-234-Bearbeitet.jpg?resize=150%2C100&amp;ssl=1 150w\" width=\"246\" height=\"164\" loading=\"lazy\" data-original-width=\"246\" data-original-height=\"164\" itemprop=\"http:\/\/schema.org\/image\" title=\"Kanadag\u00e4nse\" alt=\"Kanadag\u00e4nse\" style=\"width: 246px; height: 164px;\" \/> <\/a> <div class=\"tiled-gallery-caption\" itemprop=\"caption description\"> Kanadag\u00e4nse <\/div> <\/div> <\/div> <!-- close group --> <\/div> <!-- close row --> <\/div>\n<p><iframe loading=\"lazy\" src=\"https:\/\/www.komoot.com\/de-de\/tour\/2374940280\/embed?share_token=a4cNpuM54kh1I23alYNMnRLGMtUgIU2f8evB0pMsdwtZ1IHIMu&amp;profile=1\" width=\"100%\" height=\"700\" frameborder=\"0\" scrolling=\"no\"><\/iframe><\/p>\n<h2>Raus auf die Insel<\/h2>\n<p>Nach gut vier Wochen herumreisen kehren wir wieder nach G\u00f6teborg zur\u00fcck, wo wir das Auto zur\u00fcckgeben. Vorher aber nutzen wir die Gelegenheit nochmals und fahren auf die Insel H\u00f6n\u00f6, die nur mit der F\u00e4hre, aber schwierig mit dem \u00d6V zu erreichen ist. Im \u00e4ussersten westlichen Zipfel ist das Naturreservat <a href=\"https:\/\/birdingplaces.eu\/de\/birdingplaces\/sweden\/krakudden-hono\" target=\"_blank\" rel=\"noopener\">Kr\u00e5kudden<\/a>, das \u00fcber einen Rundweg erwandert werden kann. Wie immer sind wir fr\u00fch dran, die Temperaturen sind noch angenehm. Wir sind nur kurz im Wald, bevor wir felsiges K\u00fcstenland erreichen. Zu unserer \u00dcberraschung treffen wir dort, mitten in den Felsen und relativ weit ab eines Waldes, einen jungen Gr\u00fcnspecht an. Auch zahlreiche Wiesenpieper finden wir, aber auch Steinschm\u00e4tzer und Bluth\u00e4nflinge.<\/p>\n<div class=\"tiled-gallery type-rectangular tiled-gallery-unresized\" data-original-width=\"750\" data-carousel-extra='{&quot;blog_id&quot;:1,&quot;permalink&quot;:&quot;https:\\\/\\\/idnu.ch\\\/wordpress\\\/entdeckungen-rund-um-goeteborg\\\/&quot;,&quot;likes_blog_id&quot;:100184974}' itemscope itemtype=\"http:\/\/schema.org\/ImageGallery\" > <div class=\"gallery-row\" style=\"width: 750px; height: 335px;\" data-original-width=\"750\" data-original-height=\"335\" > <div class=\"gallery-group images-1\" style=\"width: 501px; height: 335px;\" data-original-width=\"501\" data-original-height=\"335\" > <div class=\"tiled-gallery-item tiled-gallery-item-large\" itemprop=\"associatedMedia\" itemscope itemtype=\"http:\/\/schema.org\/ImageObject\"> <a href=\"https:\/\/idnu.ch\/wordpress\/entdeckungen-rund-um-goeteborg\/schweden-20250728-13-bearbeitet\/#main\" border=\"0\" itemprop=\"url\"> <meta itemprop=\"width\" content=\"497\"> <meta itemprop=\"height\" content=\"331\"> <img decoding=\"async\" class=\"\" data-attachment-id=\"28060\" data-orig-file=\"https:\/\/idnu.ch\/wordpress\/wp-content\/uploads\/2025\/09\/schweden-20250728-13-Bearbeitet.jpg\" data-orig-size=\"1240,827\" data-comments-opened=\"1\" data-image-meta=\"{&quot;aperture&quot;:&quot;5.6&quot;,&quot;credit&quot;:&quot;Urs Kyburz&quot;,&quot;camera&quot;:&quot;Canon EOS R6m2&quot;,&quot;caption&quot;:&quot;&quot;,&quot;created_timestamp&quot;:&quot;1753678676&quot;,&quot;copyright&quot;:&quot;All rights reserved&quot;,&quot;focal_length&quot;:&quot;700&quot;,&quot;iso&quot;:&quot;1000&quot;,&quot;shutter_speed&quot;:&quot;0.0005&quot;,&quot;title&quot;:&quot;&quot;,&quot;orientation&quot;:&quot;0&quot;}\" data-image-title=\"Ein Gr\u00fcnspecht mitten in der Felslandschaft\" data-image-description=\"\" data-medium-file=\"https:\/\/i0.wp.com\/idnu.ch\/wordpress\/wp-content\/uploads\/2025\/09\/schweden-20250728-13-Bearbeitet.jpg?fit=300%2C200&#038;ssl=1\" data-large-file=\"https:\/\/i0.wp.com\/idnu.ch\/wordpress\/wp-content\/uploads\/2025\/09\/schweden-20250728-13-Bearbeitet.jpg?fit=750%2C500&#038;ssl=1\" src=\"https:\/\/i0.wp.com\/idnu.ch\/wordpress\/wp-content\/uploads\/2025\/09\/schweden-20250728-13-Bearbeitet.jpg?w=497&#038;h=331&#038;ssl=1\" srcset=\"https:\/\/i0.wp.com\/idnu.ch\/wordpress\/wp-content\/uploads\/2025\/09\/schweden-20250728-13-Bearbeitet.jpg?w=1240&amp;ssl=1 1240w, https:\/\/i0.wp.com\/idnu.ch\/wordpress\/wp-content\/uploads\/2025\/09\/schweden-20250728-13-Bearbeitet.jpg?resize=300%2C200&amp;ssl=1 300w, https:\/\/i0.wp.com\/idnu.ch\/wordpress\/wp-content\/uploads\/2025\/09\/schweden-20250728-13-Bearbeitet.jpg?resize=1024%2C683&amp;ssl=1 1024w, https:\/\/i0.wp.com\/idnu.ch\/wordpress\/wp-content\/uploads\/2025\/09\/schweden-20250728-13-Bearbeitet.jpg?resize=768%2C512&amp;ssl=1 768w, https:\/\/i0.wp.com\/idnu.ch\/wordpress\/wp-content\/uploads\/2025\/09\/schweden-20250728-13-Bearbeitet.jpg?resize=150%2C100&amp;ssl=1 150w\" width=\"497\" height=\"331\" loading=\"lazy\" data-original-width=\"497\" data-original-height=\"331\" itemprop=\"http:\/\/schema.org\/image\" title=\"Ein Gr\u00fcnspecht mitten in der Felslandschaft\" alt=\"Ein Gr\u00fcnspecht mitten in der Felslandschaft\" style=\"width: 497px; height: 331px;\" \/> <\/a> <div class=\"tiled-gallery-caption\" itemprop=\"caption description\"> Ein Gr\u00fcnspecht mitten in der Felslandschaft <\/div> <\/div> <\/div> <!-- close group --> <div class=\"gallery-group images-2\" style=\"width: 249px; height: 335px;\" data-original-width=\"249\" data-original-height=\"335\" > <div class=\"tiled-gallery-item tiled-gallery-item-small\" itemprop=\"associatedMedia\" itemscope itemtype=\"http:\/\/schema.org\/ImageObject\"> <a href=\"https:\/\/idnu.ch\/wordpress\/entdeckungen-rund-um-goeteborg\/schweden-20250728-14-bearbeitet\/#main\" border=\"0\" itemprop=\"url\"> <meta itemprop=\"width\" content=\"245\"> <meta itemprop=\"height\" content=\"164\"> <img decoding=\"async\" class=\"\" data-attachment-id=\"28061\" data-orig-file=\"https:\/\/idnu.ch\/wordpress\/wp-content\/uploads\/2025\/09\/schweden-20250728-14-Bearbeitet.jpg\" data-orig-size=\"1240,827\" data-comments-opened=\"1\" data-image-meta=\"{&quot;aperture&quot;:&quot;9&quot;,&quot;credit&quot;:&quot;Urs Kyburz&quot;,&quot;camera&quot;:&quot;Canon EOS 5D Mark IV&quot;,&quot;caption&quot;:&quot;&quot;,&quot;created_timestamp&quot;:&quot;1753679300&quot;,&quot;copyright&quot;:&quot;Copyright Urs Kyburz (2019)&quot;,&quot;focal_length&quot;:&quot;24&quot;,&quot;iso&quot;:&quot;100&quot;,&quot;shutter_speed&quot;:&quot;0.016666666666667&quot;,&quot;title&quot;:&quot;&quot;,&quot;orientation&quot;:&quot;0&quot;}\" data-image-title=\"\" data-image-description=\"\" data-medium-file=\"https:\/\/i0.wp.com\/idnu.ch\/wordpress\/wp-content\/uploads\/2025\/09\/schweden-20250728-14-Bearbeitet.jpg?fit=300%2C200&#038;ssl=1\" data-large-file=\"https:\/\/i0.wp.com\/idnu.ch\/wordpress\/wp-content\/uploads\/2025\/09\/schweden-20250728-14-Bearbeitet.jpg?fit=750%2C500&#038;ssl=1\" src=\"https:\/\/i0.wp.com\/idnu.ch\/wordpress\/wp-content\/uploads\/2025\/09\/schweden-20250728-14-Bearbeitet.jpg?w=245&#038;h=164&#038;ssl=1\" srcset=\"https:\/\/i0.wp.com\/idnu.ch\/wordpress\/wp-content\/uploads\/2025\/09\/schweden-20250728-14-Bearbeitet.jpg?w=1240&amp;ssl=1 1240w, https:\/\/i0.wp.com\/idnu.ch\/wordpress\/wp-content\/uploads\/2025\/09\/schweden-20250728-14-Bearbeitet.jpg?resize=300%2C200&amp;ssl=1 300w, https:\/\/i0.wp.com\/idnu.ch\/wordpress\/wp-content\/uploads\/2025\/09\/schweden-20250728-14-Bearbeitet.jpg?resize=1024%2C683&amp;ssl=1 1024w, https:\/\/i0.wp.com\/idnu.ch\/wordpress\/wp-content\/uploads\/2025\/09\/schweden-20250728-14-Bearbeitet.jpg?resize=768%2C512&amp;ssl=1 768w, https:\/\/i0.wp.com\/idnu.ch\/wordpress\/wp-content\/uploads\/2025\/09\/schweden-20250728-14-Bearbeitet.jpg?resize=150%2C100&amp;ssl=1 150w\" width=\"245\" height=\"164\" loading=\"lazy\" data-original-width=\"245\" data-original-height=\"164\" itemprop=\"http:\/\/schema.org\/image\" title=\"\" alt=\"\" style=\"width: 245px; height: 164px;\" \/> <\/a> <\/div> <div class=\"tiled-gallery-item tiled-gallery-item-small\" itemprop=\"associatedMedia\" itemscope itemtype=\"http:\/\/schema.org\/ImageObject\"> <a href=\"https:\/\/idnu.ch\/wordpress\/entdeckungen-rund-um-goeteborg\/schweden-20250728-19-bearbeitet\/#main\" border=\"0\" itemprop=\"url\"> <meta itemprop=\"width\" content=\"245\"> <meta itemprop=\"height\" content=\"163\"> <img decoding=\"async\" class=\"\" data-attachment-id=\"28062\" data-orig-file=\"https:\/\/idnu.ch\/wordpress\/wp-content\/uploads\/2025\/09\/schweden-20250728-19-Bearbeitet.jpg\" data-orig-size=\"1240,827\" data-comments-opened=\"1\" data-image-meta=\"{&quot;aperture&quot;:&quot;18&quot;,&quot;credit&quot;:&quot;Urs Kyburz&quot;,&quot;camera&quot;:&quot;Canon EOS 5D Mark IV&quot;,&quot;caption&quot;:&quot;&quot;,&quot;created_timestamp&quot;:&quot;1753679390&quot;,&quot;copyright&quot;:&quot;Copyright Urs Kyburz (2019)&quot;,&quot;focal_length&quot;:&quot;24&quot;,&quot;iso&quot;:&quot;100&quot;,&quot;shutter_speed&quot;:&quot;0.00625&quot;,&quot;title&quot;:&quot;&quot;,&quot;orientation&quot;:&quot;0&quot;}\" data-image-title=\"\" data-image-description=\"\" data-medium-file=\"https:\/\/i0.wp.com\/idnu.ch\/wordpress\/wp-content\/uploads\/2025\/09\/schweden-20250728-19-Bearbeitet.jpg?fit=300%2C200&#038;ssl=1\" data-large-file=\"https:\/\/i0.wp.com\/idnu.ch\/wordpress\/wp-content\/uploads\/2025\/09\/schweden-20250728-19-Bearbeitet.jpg?fit=750%2C500&#038;ssl=1\" src=\"https:\/\/i0.wp.com\/idnu.ch\/wordpress\/wp-content\/uploads\/2025\/09\/schweden-20250728-19-Bearbeitet.jpg?w=245&#038;h=163&#038;ssl=1\" srcset=\"https:\/\/i0.wp.com\/idnu.ch\/wordpress\/wp-content\/uploads\/2025\/09\/schweden-20250728-19-Bearbeitet.jpg?w=1240&amp;ssl=1 1240w, https:\/\/i0.wp.com\/idnu.ch\/wordpress\/wp-content\/uploads\/2025\/09\/schweden-20250728-19-Bearbeitet.jpg?resize=300%2C200&amp;ssl=1 300w, https:\/\/i0.wp.com\/idnu.ch\/wordpress\/wp-content\/uploads\/2025\/09\/schweden-20250728-19-Bearbeitet.jpg?resize=1024%2C683&amp;ssl=1 1024w, https:\/\/i0.wp.com\/idnu.ch\/wordpress\/wp-content\/uploads\/2025\/09\/schweden-20250728-19-Bearbeitet.jpg?resize=768%2C512&amp;ssl=1 768w, https:\/\/i0.wp.com\/idnu.ch\/wordpress\/wp-content\/uploads\/2025\/09\/schweden-20250728-19-Bearbeitet.jpg?resize=150%2C100&amp;ssl=1 150w\" width=\"245\" height=\"163\" loading=\"lazy\" data-original-width=\"245\" data-original-height=\"163\" itemprop=\"http:\/\/schema.org\/image\" title=\"\" alt=\"\" style=\"width: 245px; height: 163px;\" \/> <\/a> <\/div> <\/div> <!-- close group --> <\/div> <!-- close row --> <div class=\"gallery-row\" style=\"width: 750px; height: 502px;\" data-original-width=\"750\" data-original-height=\"502\" > <div class=\"gallery-group images-1\" style=\"width: 750px; height: 502px;\" data-original-width=\"750\" data-original-height=\"502\" > <div class=\"tiled-gallery-item tiled-gallery-item-large\" itemprop=\"associatedMedia\" itemscope itemtype=\"http:\/\/schema.org\/ImageObject\"> <a href=\"https:\/\/idnu.ch\/wordpress\/entdeckungen-rund-um-goeteborg\/schweden-20250728-22-bearbeitet\/#main\" border=\"0\" itemprop=\"url\"> <meta itemprop=\"width\" content=\"746\"> <meta itemprop=\"height\" content=\"498\"> <img decoding=\"async\" class=\"\" data-attachment-id=\"28063\" data-orig-file=\"https:\/\/idnu.ch\/wordpress\/wp-content\/uploads\/2025\/09\/schweden-20250728-22-Bearbeitet.jpg\" data-orig-size=\"1240,827\" data-comments-opened=\"1\" data-image-meta=\"{&quot;aperture&quot;:&quot;6.3&quot;,&quot;credit&quot;:&quot;Urs Kyburz&quot;,&quot;camera&quot;:&quot;Canon EOS R6m2&quot;,&quot;caption&quot;:&quot;&quot;,&quot;created_timestamp&quot;:&quot;1753679919&quot;,&quot;copyright&quot;:&quot;All rights reserved&quot;,&quot;focal_length&quot;:&quot;700&quot;,&quot;iso&quot;:&quot;1000&quot;,&quot;shutter_speed&quot;:&quot;0.0005&quot;,&quot;title&quot;:&quot;&quot;,&quot;orientation&quot;:&quot;0&quot;}\" data-image-title=\"Wiesenpieper\" data-image-description=\"\" data-medium-file=\"https:\/\/i0.wp.com\/idnu.ch\/wordpress\/wp-content\/uploads\/2025\/09\/schweden-20250728-22-Bearbeitet.jpg?fit=300%2C200&#038;ssl=1\" data-large-file=\"https:\/\/i0.wp.com\/idnu.ch\/wordpress\/wp-content\/uploads\/2025\/09\/schweden-20250728-22-Bearbeitet.jpg?fit=750%2C500&#038;ssl=1\" src=\"https:\/\/i0.wp.com\/idnu.ch\/wordpress\/wp-content\/uploads\/2025\/09\/schweden-20250728-22-Bearbeitet.jpg?w=746&#038;h=498&#038;ssl=1\" srcset=\"https:\/\/i0.wp.com\/idnu.ch\/wordpress\/wp-content\/uploads\/2025\/09\/schweden-20250728-22-Bearbeitet.jpg?w=1240&amp;ssl=1 1240w, https:\/\/i0.wp.com\/idnu.ch\/wordpress\/wp-content\/uploads\/2025\/09\/schweden-20250728-22-Bearbeitet.jpg?resize=300%2C200&amp;ssl=1 300w, https:\/\/i0.wp.com\/idnu.ch\/wordpress\/wp-content\/uploads\/2025\/09\/schweden-20250728-22-Bearbeitet.jpg?resize=1024%2C683&amp;ssl=1 1024w, https:\/\/i0.wp.com\/idnu.ch\/wordpress\/wp-content\/uploads\/2025\/09\/schweden-20250728-22-Bearbeitet.jpg?resize=768%2C512&amp;ssl=1 768w, https:\/\/i0.wp.com\/idnu.ch\/wordpress\/wp-content\/uploads\/2025\/09\/schweden-20250728-22-Bearbeitet.jpg?resize=150%2C100&amp;ssl=1 150w\" width=\"746\" height=\"498\" loading=\"lazy\" data-original-width=\"746\" data-original-height=\"498\" itemprop=\"http:\/\/schema.org\/image\" title=\"Wiesenpieper\" alt=\"Wiesenpieper\" style=\"width: 746px; height: 498px;\" \/> <\/a> <div class=\"tiled-gallery-caption\" itemprop=\"caption description\"> Wiesenpieper <\/div> <\/div> <\/div> <!-- close group --> <\/div> <!-- close row --> <\/div>\n<p>Etwas weiter draussen gibt es einen Hide, den wir aufsuchen. Dieser ist leider nicht so sauber wie der auf <a href=\"https:\/\/idnu.ch\/wordpress\/schwedens-westkueste-entlang\/\">Kl\u00e4desholmen<\/a> und hier sehen wir noch weniger. Aber da, da huschte doch etwas \u00fcber die Felsen? Ja, da, etwas Pelziges! Ein Fischotter? Wir eilen nach draussen und hoffen, dass das Tier wieder auftaucht. Tats\u00e4chlich, da ist es, ein kleines, marderartiges Tier. Ich kann es gut fotografieren, so dass die Identifikation leicht f\u00e4llt. Nach einer kurzen Recherche ist klar: Es handelt sich um einen Mink oder Amerikanischen Nerz. Dieser ist ein Neozooe und geh\u00f6rt nicht hier hin, s\u00fcss ist er trotzdem.<\/p>\n<div class=\"tiled-gallery type-rectangular tiled-gallery-unresized\" data-original-width=\"750\" data-carousel-extra='{&quot;blog_id&quot;:1,&quot;permalink&quot;:&quot;https:\\\/\\\/idnu.ch\\\/wordpress\\\/entdeckungen-rund-um-goeteborg\\\/&quot;,&quot;likes_blog_id&quot;:100184974}' itemscope itemtype=\"http:\/\/schema.org\/ImageGallery\" > <div class=\"gallery-row\" style=\"width: 750px; height: 530px;\" data-original-width=\"750\" data-original-height=\"530\" > <div class=\"gallery-group images-2\" style=\"width: 395px; height: 530px;\" data-original-width=\"395\" data-original-height=\"530\" > <div class=\"tiled-gallery-item tiled-gallery-item-large\" itemprop=\"associatedMedia\" itemscope itemtype=\"http:\/\/schema.org\/ImageObject\"> <a href=\"https:\/\/idnu.ch\/wordpress\/entdeckungen-rund-um-goeteborg\/schweden-20250728-54-bearbeitet\/#main\" border=\"0\" itemprop=\"url\"> <meta itemprop=\"width\" content=\"391\"> <meta itemprop=\"height\" content=\"261\"> <img decoding=\"async\" class=\"\" data-attachment-id=\"28064\" data-orig-file=\"https:\/\/idnu.ch\/wordpress\/wp-content\/uploads\/2025\/09\/schweden-20250728-54-Bearbeitet.jpg\" data-orig-size=\"1240,827\" data-comments-opened=\"1\" data-image-meta=\"{&quot;aperture&quot;:&quot;5.6&quot;,&quot;credit&quot;:&quot;Urs Kyburz&quot;,&quot;camera&quot;:&quot;Canon EOS R6m2&quot;,&quot;caption&quot;:&quot;&quot;,&quot;created_timestamp&quot;:&quot;1753681155&quot;,&quot;copyright&quot;:&quot;All rights reserved&quot;,&quot;focal_length&quot;:&quot;700&quot;,&quot;iso&quot;:&quot;1000&quot;,&quot;shutter_speed&quot;:&quot;0.0005&quot;,&quot;title&quot;:&quot;&quot;,&quot;orientation&quot;:&quot;0&quot;}\" data-image-title=\"Der Mink\" data-image-description=\"\" data-medium-file=\"https:\/\/i0.wp.com\/idnu.ch\/wordpress\/wp-content\/uploads\/2025\/09\/schweden-20250728-54-Bearbeitet.jpg?fit=300%2C200&#038;ssl=1\" data-large-file=\"https:\/\/i0.wp.com\/idnu.ch\/wordpress\/wp-content\/uploads\/2025\/09\/schweden-20250728-54-Bearbeitet.jpg?fit=750%2C500&#038;ssl=1\" src=\"https:\/\/i0.wp.com\/idnu.ch\/wordpress\/wp-content\/uploads\/2025\/09\/schweden-20250728-54-Bearbeitet.jpg?w=391&#038;h=261&#038;ssl=1\" srcset=\"https:\/\/i0.wp.com\/idnu.ch\/wordpress\/wp-content\/uploads\/2025\/09\/schweden-20250728-54-Bearbeitet.jpg?w=1240&amp;ssl=1 1240w, https:\/\/i0.wp.com\/idnu.ch\/wordpress\/wp-content\/uploads\/2025\/09\/schweden-20250728-54-Bearbeitet.jpg?resize=300%2C200&amp;ssl=1 300w, https:\/\/i0.wp.com\/idnu.ch\/wordpress\/wp-content\/uploads\/2025\/09\/schweden-20250728-54-Bearbeitet.jpg?resize=1024%2C683&amp;ssl=1 1024w, https:\/\/i0.wp.com\/idnu.ch\/wordpress\/wp-content\/uploads\/2025\/09\/schweden-20250728-54-Bearbeitet.jpg?resize=768%2C512&amp;ssl=1 768w, https:\/\/i0.wp.com\/idnu.ch\/wordpress\/wp-content\/uploads\/2025\/09\/schweden-20250728-54-Bearbeitet.jpg?resize=150%2C100&amp;ssl=1 150w\" width=\"391\" height=\"261\" loading=\"lazy\" data-original-width=\"391\" data-original-height=\"261\" itemprop=\"http:\/\/schema.org\/image\" title=\"Der Mink\" alt=\"Der Mink\" style=\"width: 391px; height: 261px;\" \/> <\/a> <div class=\"tiled-gallery-caption\" itemprop=\"caption description\"> Der Mink <\/div> <\/div> <div class=\"tiled-gallery-item tiled-gallery-item-large\" itemprop=\"associatedMedia\" itemscope itemtype=\"http:\/\/schema.org\/ImageObject\"> <a href=\"https:\/\/idnu.ch\/wordpress\/entdeckungen-rund-um-goeteborg\/schweden-20250728-71-bearbeitet\/#main\" border=\"0\" itemprop=\"url\"> <meta itemprop=\"width\" content=\"391\"> <meta itemprop=\"height\" content=\"261\"> <img decoding=\"async\" class=\"\" data-attachment-id=\"28065\" data-orig-file=\"https:\/\/idnu.ch\/wordpress\/wp-content\/uploads\/2025\/09\/schweden-20250728-71-Bearbeitet.jpg\" data-orig-size=\"1240,827\" data-comments-opened=\"1\" data-image-meta=\"{&quot;aperture&quot;:&quot;5.6&quot;,&quot;credit&quot;:&quot;Urs Kyburz&quot;,&quot;camera&quot;:&quot;Canon EOS R6m2&quot;,&quot;caption&quot;:&quot;&quot;,&quot;created_timestamp&quot;:&quot;1753681168&quot;,&quot;copyright&quot;:&quot;All rights reserved&quot;,&quot;focal_length&quot;:&quot;700&quot;,&quot;iso&quot;:&quot;1000&quot;,&quot;shutter_speed&quot;:&quot;0.0005&quot;,&quot;title&quot;:&quot;&quot;,&quot;orientation&quot;:&quot;0&quot;}\" data-image-title=\"Auch Amerikanischer Nerz genannt\" data-image-description=\"\" data-medium-file=\"https:\/\/i0.wp.com\/idnu.ch\/wordpress\/wp-content\/uploads\/2025\/09\/schweden-20250728-71-Bearbeitet.jpg?fit=300%2C200&#038;ssl=1\" data-large-file=\"https:\/\/i0.wp.com\/idnu.ch\/wordpress\/wp-content\/uploads\/2025\/09\/schweden-20250728-71-Bearbeitet.jpg?fit=750%2C500&#038;ssl=1\" src=\"https:\/\/i0.wp.com\/idnu.ch\/wordpress\/wp-content\/uploads\/2025\/09\/schweden-20250728-71-Bearbeitet.jpg?w=391&#038;h=261&#038;ssl=1\" srcset=\"https:\/\/i0.wp.com\/idnu.ch\/wordpress\/wp-content\/uploads\/2025\/09\/schweden-20250728-71-Bearbeitet.jpg?w=1240&amp;ssl=1 1240w, https:\/\/i0.wp.com\/idnu.ch\/wordpress\/wp-content\/uploads\/2025\/09\/schweden-20250728-71-Bearbeitet.jpg?resize=300%2C200&amp;ssl=1 300w, https:\/\/i0.wp.com\/idnu.ch\/wordpress\/wp-content\/uploads\/2025\/09\/schweden-20250728-71-Bearbeitet.jpg?resize=1024%2C683&amp;ssl=1 1024w, https:\/\/i0.wp.com\/idnu.ch\/wordpress\/wp-content\/uploads\/2025\/09\/schweden-20250728-71-Bearbeitet.jpg?resize=768%2C512&amp;ssl=1 768w, https:\/\/i0.wp.com\/idnu.ch\/wordpress\/wp-content\/uploads\/2025\/09\/schweden-20250728-71-Bearbeitet.jpg?resize=150%2C100&amp;ssl=1 150w\" width=\"391\" height=\"261\" loading=\"lazy\" data-original-width=\"391\" data-original-height=\"261\" itemprop=\"http:\/\/schema.org\/image\" title=\"Auch Amerikanischer Nerz genannt\" alt=\"Auch Amerikanischer Nerz genannt\" style=\"width: 391px; height: 261px;\" \/> <\/a> <div class=\"tiled-gallery-caption\" itemprop=\"caption description\"> Auch Amerikanischer Nerz genannt <\/div> <\/div> <\/div> <!-- close group --> <div class=\"gallery-group images-1\" style=\"width: 355px; height: 530px;\" data-original-width=\"355\" data-original-height=\"530\" > <div class=\"tiled-gallery-item tiled-gallery-item-large\" itemprop=\"associatedMedia\" itemscope itemtype=\"http:\/\/schema.org\/ImageObject\"> <a href=\"https:\/\/idnu.ch\/wordpress\/entdeckungen-rund-um-goeteborg\/schweden-20250728-94-bearbeitet\/#main\" border=\"0\" itemprop=\"url\"> <meta itemprop=\"width\" content=\"351\"> <meta itemprop=\"height\" content=\"526\"> <img decoding=\"async\" class=\"\" data-attachment-id=\"28066\" data-orig-file=\"https:\/\/idnu.ch\/wordpress\/wp-content\/uploads\/2025\/09\/schweden-20250728-94-Bearbeitet.jpg\" data-orig-size=\"827,1240\" data-comments-opened=\"1\" data-image-meta=\"{&quot;aperture&quot;:&quot;5.6&quot;,&quot;credit&quot;:&quot;Urs Kyburz&quot;,&quot;camera&quot;:&quot;Canon EOS R6m2&quot;,&quot;caption&quot;:&quot;&quot;,&quot;created_timestamp&quot;:&quot;1753681170&quot;,&quot;copyright&quot;:&quot;All rights reserved&quot;,&quot;focal_length&quot;:&quot;700&quot;,&quot;iso&quot;:&quot;800&quot;,&quot;shutter_speed&quot;:&quot;0.0005&quot;,&quot;title&quot;:&quot;&quot;,&quot;orientation&quot;:&quot;0&quot;}\" data-image-title=\"\" data-image-description=\"\" data-medium-file=\"https:\/\/i0.wp.com\/idnu.ch\/wordpress\/wp-content\/uploads\/2025\/09\/schweden-20250728-94-Bearbeitet.jpg?fit=200%2C300&#038;ssl=1\" data-large-file=\"https:\/\/i0.wp.com\/idnu.ch\/wordpress\/wp-content\/uploads\/2025\/09\/schweden-20250728-94-Bearbeitet.jpg?fit=683%2C1024&#038;ssl=1\" src=\"https:\/\/i0.wp.com\/idnu.ch\/wordpress\/wp-content\/uploads\/2025\/09\/schweden-20250728-94-Bearbeitet.jpg?w=351&#038;h=526&#038;ssl=1\" srcset=\"https:\/\/i0.wp.com\/idnu.ch\/wordpress\/wp-content\/uploads\/2025\/09\/schweden-20250728-94-Bearbeitet.jpg?w=827&amp;ssl=1 827w, https:\/\/i0.wp.com\/idnu.ch\/wordpress\/wp-content\/uploads\/2025\/09\/schweden-20250728-94-Bearbeitet.jpg?resize=200%2C300&amp;ssl=1 200w, https:\/\/i0.wp.com\/idnu.ch\/wordpress\/wp-content\/uploads\/2025\/09\/schweden-20250728-94-Bearbeitet.jpg?resize=683%2C1024&amp;ssl=1 683w, https:\/\/i0.wp.com\/idnu.ch\/wordpress\/wp-content\/uploads\/2025\/09\/schweden-20250728-94-Bearbeitet.jpg?resize=768%2C1152&amp;ssl=1 768w, https:\/\/i0.wp.com\/idnu.ch\/wordpress\/wp-content\/uploads\/2025\/09\/schweden-20250728-94-Bearbeitet.jpg?resize=67%2C100&amp;ssl=1 67w\" width=\"351\" height=\"526\" loading=\"lazy\" data-original-width=\"351\" data-original-height=\"526\" itemprop=\"http:\/\/schema.org\/image\" title=\"\" alt=\"\" style=\"width: 351px; height: 526px;\" \/> <\/a> <\/div> <\/div> <!-- close group --> <\/div> <!-- close row --> <\/div>\n<p>Wir gehen weiter der K\u00fcste entlang, finden Gr\u00fcnschenkel und nat\u00fcrlich auch das obligate K\u00fcstenreh. Sch\u00f6n sind auch die sich am Ufer brechenden Wellen, V\u00f6gel sind aber keine besonderen auszumachen<\/p>\n<div class=\"tiled-gallery type-rectangular tiled-gallery-unresized\" data-original-width=\"750\" data-carousel-extra='{&quot;blog_id&quot;:1,&quot;permalink&quot;:&quot;https:\\\/\\\/idnu.ch\\\/wordpress\\\/entdeckungen-rund-um-goeteborg\\\/&quot;,&quot;likes_blog_id&quot;:100184974}' itemscope itemtype=\"http:\/\/schema.org\/ImageGallery\" > <div class=\"gallery-row\" style=\"width: 750px; height: 335px;\" data-original-width=\"750\" data-original-height=\"335\" > <div class=\"gallery-group images-1\" style=\"width: 501px; height: 335px;\" data-original-width=\"501\" data-original-height=\"335\" > <div class=\"tiled-gallery-item tiled-gallery-item-large\" itemprop=\"associatedMedia\" itemscope itemtype=\"http:\/\/schema.org\/ImageObject\"> <a href=\"https:\/\/idnu.ch\/wordpress\/entdeckungen-rund-um-goeteborg\/schweden-20250728-118-bearbeitet\/#main\" border=\"0\" itemprop=\"url\"> <meta itemprop=\"width\" content=\"497\"> <meta itemprop=\"height\" content=\"331\"> <img decoding=\"async\" class=\"\" data-attachment-id=\"28067\" data-orig-file=\"https:\/\/idnu.ch\/wordpress\/wp-content\/uploads\/2025\/09\/schweden-20250728-118-Bearbeitet.jpg\" data-orig-size=\"1240,827\" data-comments-opened=\"1\" data-image-meta=\"{&quot;aperture&quot;:&quot;9&quot;,&quot;credit&quot;:&quot;Urs Kyburz&quot;,&quot;camera&quot;:&quot;Canon EOS 5D Mark IV&quot;,&quot;caption&quot;:&quot;&quot;,&quot;created_timestamp&quot;:&quot;1753683095&quot;,&quot;copyright&quot;:&quot;Copyright Urs Kyburz (2019)&quot;,&quot;focal_length&quot;:&quot;73&quot;,&quot;iso&quot;:&quot;800&quot;,&quot;shutter_speed&quot;:&quot;0.00125&quot;,&quot;title&quot;:&quot;&quot;,&quot;orientation&quot;:&quot;0&quot;}\" data-image-title=\"\" data-image-description=\"\" data-medium-file=\"https:\/\/i0.wp.com\/idnu.ch\/wordpress\/wp-content\/uploads\/2025\/09\/schweden-20250728-118-Bearbeitet.jpg?fit=300%2C200&#038;ssl=1\" data-large-file=\"https:\/\/i0.wp.com\/idnu.ch\/wordpress\/wp-content\/uploads\/2025\/09\/schweden-20250728-118-Bearbeitet.jpg?fit=750%2C500&#038;ssl=1\" src=\"https:\/\/i0.wp.com\/idnu.ch\/wordpress\/wp-content\/uploads\/2025\/09\/schweden-20250728-118-Bearbeitet.jpg?w=497&#038;h=331&#038;ssl=1\" srcset=\"https:\/\/i0.wp.com\/idnu.ch\/wordpress\/wp-content\/uploads\/2025\/09\/schweden-20250728-118-Bearbeitet.jpg?w=1240&amp;ssl=1 1240w, https:\/\/i0.wp.com\/idnu.ch\/wordpress\/wp-content\/uploads\/2025\/09\/schweden-20250728-118-Bearbeitet.jpg?resize=300%2C200&amp;ssl=1 300w, https:\/\/i0.wp.com\/idnu.ch\/wordpress\/wp-content\/uploads\/2025\/09\/schweden-20250728-118-Bearbeitet.jpg?resize=1024%2C683&amp;ssl=1 1024w, https:\/\/i0.wp.com\/idnu.ch\/wordpress\/wp-content\/uploads\/2025\/09\/schweden-20250728-118-Bearbeitet.jpg?resize=768%2C512&amp;ssl=1 768w, https:\/\/i0.wp.com\/idnu.ch\/wordpress\/wp-content\/uploads\/2025\/09\/schweden-20250728-118-Bearbeitet.jpg?resize=150%2C100&amp;ssl=1 150w\" width=\"497\" height=\"331\" loading=\"lazy\" data-original-width=\"497\" data-original-height=\"331\" itemprop=\"http:\/\/schema.org\/image\" title=\"\" alt=\"\" style=\"width: 497px; height: 331px;\" \/> <\/a> <\/div> <\/div> <!-- close group --> <div class=\"gallery-group images-2\" style=\"width: 249px; height: 335px;\" data-original-width=\"249\" data-original-height=\"335\" > <div class=\"tiled-gallery-item tiled-gallery-item-small\" itemprop=\"associatedMedia\" itemscope itemtype=\"http:\/\/schema.org\/ImageObject\"> <a href=\"https:\/\/idnu.ch\/wordpress\/entdeckungen-rund-um-goeteborg\/schweden-20250728-121-bearbeitet\/#main\" border=\"0\" itemprop=\"url\"> <meta itemprop=\"width\" content=\"245\"> <meta itemprop=\"height\" content=\"164\"> <img decoding=\"async\" class=\"\" data-attachment-id=\"28068\" data-orig-file=\"https:\/\/idnu.ch\/wordpress\/wp-content\/uploads\/2025\/09\/schweden-20250728-121-Bearbeitet.jpg\" data-orig-size=\"1240,827\" data-comments-opened=\"1\" data-image-meta=\"{&quot;aperture&quot;:&quot;9&quot;,&quot;credit&quot;:&quot;Urs Kyburz&quot;,&quot;camera&quot;:&quot;Canon EOS 5D Mark IV&quot;,&quot;caption&quot;:&quot;&quot;,&quot;created_timestamp&quot;:&quot;1753683136&quot;,&quot;copyright&quot;:&quot;Copyright Urs Kyburz (2019)&quot;,&quot;focal_length&quot;:&quot;73&quot;,&quot;iso&quot;:&quot;640&quot;,&quot;shutter_speed&quot;:&quot;0.00125&quot;,&quot;title&quot;:&quot;&quot;,&quot;orientation&quot;:&quot;0&quot;}\" data-image-title=\"\" data-image-description=\"\" data-medium-file=\"https:\/\/i0.wp.com\/idnu.ch\/wordpress\/wp-content\/uploads\/2025\/09\/schweden-20250728-121-Bearbeitet.jpg?fit=300%2C200&#038;ssl=1\" data-large-file=\"https:\/\/i0.wp.com\/idnu.ch\/wordpress\/wp-content\/uploads\/2025\/09\/schweden-20250728-121-Bearbeitet.jpg?fit=750%2C500&#038;ssl=1\" src=\"https:\/\/i0.wp.com\/idnu.ch\/wordpress\/wp-content\/uploads\/2025\/09\/schweden-20250728-121-Bearbeitet.jpg?w=245&#038;h=164&#038;ssl=1\" srcset=\"https:\/\/i0.wp.com\/idnu.ch\/wordpress\/wp-content\/uploads\/2025\/09\/schweden-20250728-121-Bearbeitet.jpg?w=1240&amp;ssl=1 1240w, https:\/\/i0.wp.com\/idnu.ch\/wordpress\/wp-content\/uploads\/2025\/09\/schweden-20250728-121-Bearbeitet.jpg?resize=300%2C200&amp;ssl=1 300w, https:\/\/i0.wp.com\/idnu.ch\/wordpress\/wp-content\/uploads\/2025\/09\/schweden-20250728-121-Bearbeitet.jpg?resize=1024%2C683&amp;ssl=1 1024w, https:\/\/i0.wp.com\/idnu.ch\/wordpress\/wp-content\/uploads\/2025\/09\/schweden-20250728-121-Bearbeitet.jpg?resize=768%2C512&amp;ssl=1 768w, https:\/\/i0.wp.com\/idnu.ch\/wordpress\/wp-content\/uploads\/2025\/09\/schweden-20250728-121-Bearbeitet.jpg?resize=150%2C100&amp;ssl=1 150w\" width=\"245\" height=\"164\" loading=\"lazy\" data-original-width=\"245\" data-original-height=\"164\" itemprop=\"http:\/\/schema.org\/image\" title=\"\" alt=\"\" style=\"width: 245px; height: 164px;\" \/> <\/a> <\/div> <div class=\"tiled-gallery-item tiled-gallery-item-small\" itemprop=\"associatedMedia\" itemscope itemtype=\"http:\/\/schema.org\/ImageObject\"> <a href=\"https:\/\/idnu.ch\/wordpress\/entdeckungen-rund-um-goeteborg\/schweden-20250728-125-bearbeitet\/#main\" border=\"0\" itemprop=\"url\"> <meta itemprop=\"width\" content=\"245\"> <meta itemprop=\"height\" content=\"163\"> <img decoding=\"async\" class=\"\" data-attachment-id=\"28069\" data-orig-file=\"https:\/\/idnu.ch\/wordpress\/wp-content\/uploads\/2025\/09\/schweden-20250728-125-Bearbeitet.jpg\" data-orig-size=\"1240,827\" data-comments-opened=\"1\" data-image-meta=\"{&quot;aperture&quot;:&quot;6.3&quot;,&quot;credit&quot;:&quot;Urs Kyburz&quot;,&quot;camera&quot;:&quot;Canon EOS R6m2&quot;,&quot;caption&quot;:&quot;&quot;,&quot;created_timestamp&quot;:&quot;1753684064&quot;,&quot;copyright&quot;:&quot;All rights reserved&quot;,&quot;focal_length&quot;:&quot;700&quot;,&quot;iso&quot;:&quot;1250&quot;,&quot;shutter_speed&quot;:&quot;0.0003125&quot;,&quot;title&quot;:&quot;&quot;,&quot;orientation&quot;:&quot;0&quot;}\" data-image-title=\"Steinschm\u00e4tzer\" data-image-description=\"\" data-medium-file=\"https:\/\/i0.wp.com\/idnu.ch\/wordpress\/wp-content\/uploads\/2025\/09\/schweden-20250728-125-Bearbeitet.jpg?fit=300%2C200&#038;ssl=1\" data-large-file=\"https:\/\/i0.wp.com\/idnu.ch\/wordpress\/wp-content\/uploads\/2025\/09\/schweden-20250728-125-Bearbeitet.jpg?fit=750%2C500&#038;ssl=1\" src=\"https:\/\/i0.wp.com\/idnu.ch\/wordpress\/wp-content\/uploads\/2025\/09\/schweden-20250728-125-Bearbeitet.jpg?w=245&#038;h=163&#038;ssl=1\" srcset=\"https:\/\/i0.wp.com\/idnu.ch\/wordpress\/wp-content\/uploads\/2025\/09\/schweden-20250728-125-Bearbeitet.jpg?w=1240&amp;ssl=1 1240w, https:\/\/i0.wp.com\/idnu.ch\/wordpress\/wp-content\/uploads\/2025\/09\/schweden-20250728-125-Bearbeitet.jpg?resize=300%2C200&amp;ssl=1 300w, https:\/\/i0.wp.com\/idnu.ch\/wordpress\/wp-content\/uploads\/2025\/09\/schweden-20250728-125-Bearbeitet.jpg?resize=1024%2C683&amp;ssl=1 1024w, https:\/\/i0.wp.com\/idnu.ch\/wordpress\/wp-content\/uploads\/2025\/09\/schweden-20250728-125-Bearbeitet.jpg?resize=768%2C512&amp;ssl=1 768w, https:\/\/i0.wp.com\/idnu.ch\/wordpress\/wp-content\/uploads\/2025\/09\/schweden-20250728-125-Bearbeitet.jpg?resize=150%2C100&amp;ssl=1 150w\" width=\"245\" height=\"163\" loading=\"lazy\" data-original-width=\"245\" data-original-height=\"163\" itemprop=\"http:\/\/schema.org\/image\" title=\"Steinschm\u00e4tzer\" alt=\"Steinschm\u00e4tzer\" style=\"width: 245px; height: 163px;\" \/> <\/a> <div class=\"tiled-gallery-caption\" itemprop=\"caption description\"> Steinschm\u00e4tzer <\/div> <\/div> <\/div> <!-- close group --> <\/div> <!-- close row --> <div class=\"gallery-row\" style=\"width: 750px; height: 251px;\" data-original-width=\"750\" data-original-height=\"251\" > <div class=\"gallery-group images-1\" style=\"width: 375px; height: 251px;\" data-original-width=\"375\" data-original-height=\"251\" > <div class=\"tiled-gallery-item tiled-gallery-item-large\" itemprop=\"associatedMedia\" itemscope itemtype=\"http:\/\/schema.org\/ImageObject\"> <a href=\"https:\/\/idnu.ch\/wordpress\/entdeckungen-rund-um-goeteborg\/schweden-20250728-140-bearbeitet\/#main\" border=\"0\" itemprop=\"url\"> <meta itemprop=\"width\" content=\"371\"> <meta itemprop=\"height\" content=\"247\"> <img decoding=\"async\" class=\"\" data-attachment-id=\"28070\" data-orig-file=\"https:\/\/idnu.ch\/wordpress\/wp-content\/uploads\/2025\/09\/schweden-20250728-140-Bearbeitet.jpg\" data-orig-size=\"1240,827\" data-comments-opened=\"1\" data-image-meta=\"{&quot;aperture&quot;:&quot;5.6&quot;,&quot;credit&quot;:&quot;Urs Kyburz&quot;,&quot;camera&quot;:&quot;Canon EOS R6m2&quot;,&quot;caption&quot;:&quot;&quot;,&quot;created_timestamp&quot;:&quot;1753684858&quot;,&quot;copyright&quot;:&quot;All rights reserved&quot;,&quot;focal_length&quot;:&quot;700&quot;,&quot;iso&quot;:&quot;800&quot;,&quot;shutter_speed&quot;:&quot;0.0003125&quot;,&quot;title&quot;:&quot;&quot;,&quot;orientation&quot;:&quot;0&quot;}\" data-image-title=\"Gr\u00fcnschenkel\" data-image-description=\"\" data-medium-file=\"https:\/\/i0.wp.com\/idnu.ch\/wordpress\/wp-content\/uploads\/2025\/09\/schweden-20250728-140-Bearbeitet.jpg?fit=300%2C200&#038;ssl=1\" data-large-file=\"https:\/\/i0.wp.com\/idnu.ch\/wordpress\/wp-content\/uploads\/2025\/09\/schweden-20250728-140-Bearbeitet.jpg?fit=750%2C500&#038;ssl=1\" src=\"https:\/\/i0.wp.com\/idnu.ch\/wordpress\/wp-content\/uploads\/2025\/09\/schweden-20250728-140-Bearbeitet.jpg?w=371&#038;h=247&#038;ssl=1\" srcset=\"https:\/\/i0.wp.com\/idnu.ch\/wordpress\/wp-content\/uploads\/2025\/09\/schweden-20250728-140-Bearbeitet.jpg?w=1240&amp;ssl=1 1240w, https:\/\/i0.wp.com\/idnu.ch\/wordpress\/wp-content\/uploads\/2025\/09\/schweden-20250728-140-Bearbeitet.jpg?resize=300%2C200&amp;ssl=1 300w, https:\/\/i0.wp.com\/idnu.ch\/wordpress\/wp-content\/uploads\/2025\/09\/schweden-20250728-140-Bearbeitet.jpg?resize=1024%2C683&amp;ssl=1 1024w, https:\/\/i0.wp.com\/idnu.ch\/wordpress\/wp-content\/uploads\/2025\/09\/schweden-20250728-140-Bearbeitet.jpg?resize=768%2C512&amp;ssl=1 768w, https:\/\/i0.wp.com\/idnu.ch\/wordpress\/wp-content\/uploads\/2025\/09\/schweden-20250728-140-Bearbeitet.jpg?resize=150%2C100&amp;ssl=1 150w\" width=\"371\" height=\"247\" loading=\"lazy\" data-original-width=\"371\" data-original-height=\"247\" itemprop=\"http:\/\/schema.org\/image\" title=\"Gr\u00fcnschenkel\" alt=\"Gr\u00fcnschenkel\" style=\"width: 371px; height: 247px;\" \/> <\/a> <div class=\"tiled-gallery-caption\" itemprop=\"caption description\"> Gr\u00fcnschenkel <\/div> <\/div> <\/div> <!-- close group --> <div class=\"gallery-group images-1\" style=\"width: 375px; height: 251px;\" data-original-width=\"375\" data-original-height=\"251\" > <div class=\"tiled-gallery-item tiled-gallery-item-large\" itemprop=\"associatedMedia\" itemscope itemtype=\"http:\/\/schema.org\/ImageObject\"> <a href=\"https:\/\/idnu.ch\/wordpress\/entdeckungen-rund-um-goeteborg\/schweden-20250728-145-bearbeitet\/#main\" border=\"0\" itemprop=\"url\"> <meta itemprop=\"width\" content=\"371\"> <meta itemprop=\"height\" content=\"247\"> <img decoding=\"async\" class=\"\" data-attachment-id=\"28071\" data-orig-file=\"https:\/\/idnu.ch\/wordpress\/wp-content\/uploads\/2025\/09\/schweden-20250728-145-Bearbeitet.jpg\" data-orig-size=\"1240,827\" data-comments-opened=\"1\" data-image-meta=\"{&quot;aperture&quot;:&quot;5.6&quot;,&quot;credit&quot;:&quot;Urs Kyburz&quot;,&quot;camera&quot;:&quot;Canon EOS R6m2&quot;,&quot;caption&quot;:&quot;&quot;,&quot;created_timestamp&quot;:&quot;1753690123&quot;,&quot;copyright&quot;:&quot;All rights reserved&quot;,&quot;focal_length&quot;:&quot;700&quot;,&quot;iso&quot;:&quot;1600&quot;,&quot;shutter_speed&quot;:&quot;0.0003125&quot;,&quot;title&quot;:&quot;&quot;,&quot;orientation&quot;:&quot;0&quot;}\" data-image-title=\"Reh\" data-image-description=\"\" data-medium-file=\"https:\/\/i0.wp.com\/idnu.ch\/wordpress\/wp-content\/uploads\/2025\/09\/schweden-20250728-145-Bearbeitet.jpg?fit=300%2C200&#038;ssl=1\" data-large-file=\"https:\/\/i0.wp.com\/idnu.ch\/wordpress\/wp-content\/uploads\/2025\/09\/schweden-20250728-145-Bearbeitet.jpg?fit=750%2C500&#038;ssl=1\" src=\"https:\/\/i0.wp.com\/idnu.ch\/wordpress\/wp-content\/uploads\/2025\/09\/schweden-20250728-145-Bearbeitet.jpg?w=371&#038;h=247&#038;ssl=1\" srcset=\"https:\/\/i0.wp.com\/idnu.ch\/wordpress\/wp-content\/uploads\/2025\/09\/schweden-20250728-145-Bearbeitet.jpg?w=1240&amp;ssl=1 1240w, https:\/\/i0.wp.com\/idnu.ch\/wordpress\/wp-content\/uploads\/2025\/09\/schweden-20250728-145-Bearbeitet.jpg?resize=300%2C200&amp;ssl=1 300w, https:\/\/i0.wp.com\/idnu.ch\/wordpress\/wp-content\/uploads\/2025\/09\/schweden-20250728-145-Bearbeitet.jpg?resize=1024%2C683&amp;ssl=1 1024w, https:\/\/i0.wp.com\/idnu.ch\/wordpress\/wp-content\/uploads\/2025\/09\/schweden-20250728-145-Bearbeitet.jpg?resize=768%2C512&amp;ssl=1 768w, https:\/\/i0.wp.com\/idnu.ch\/wordpress\/wp-content\/uploads\/2025\/09\/schweden-20250728-145-Bearbeitet.jpg?resize=150%2C100&amp;ssl=1 150w\" width=\"371\" height=\"247\" loading=\"lazy\" data-original-width=\"371\" data-original-height=\"247\" itemprop=\"http:\/\/schema.org\/image\" title=\"Reh\" alt=\"Reh\" style=\"width: 371px; height: 247px;\" \/> <\/a> <div class=\"tiled-gallery-caption\" itemprop=\"caption description\"> Reh <\/div> <\/div> <\/div> <!-- close group --> <\/div> <!-- close row --> <\/div>\n<p>Nach einer Weile kehren wir zur\u00fcck und fahren in die Marina von \u00d6cker\u00f6, wo es Kaffee und Kuchen gibt. Auf dem R\u00fcckweg entdeckt die Frau aus dem Auto einen Vogel, der uns sofort zum Halten am n\u00e4chstm\u00f6glichen Ort veranlasst. Wir kehren zu Fuss zur\u00fcck, ein Austernfischer stochert da im Wasser. Vorsichtig n\u00e4hern wir uns, er l\u00e4sst sich nicht st\u00f6ren. Was f\u00fcr eine sch\u00f6ne Beobachtung! Nach diesem Erlebnis steht uns der gr\u00f6sste Stress noch bevor: Nach G\u00f6teborg fahren und das Auto zur\u00fcckgeben.<\/p>\n<div class=\"tiled-gallery type-rectangular tiled-gallery-unresized\" data-original-width=\"750\" data-carousel-extra='{&quot;blog_id&quot;:1,&quot;permalink&quot;:&quot;https:\\\/\\\/idnu.ch\\\/wordpress\\\/entdeckungen-rund-um-goeteborg\\\/&quot;,&quot;likes_blog_id&quot;:100184974}' itemscope itemtype=\"http:\/\/schema.org\/ImageGallery\" > <div class=\"gallery-row\" style=\"width: 750px; height: 335px;\" data-original-width=\"750\" data-original-height=\"335\" > <div class=\"gallery-group images-1\" style=\"width: 501px; height: 335px;\" data-original-width=\"501\" data-original-height=\"335\" > <div class=\"tiled-gallery-item tiled-gallery-item-large\" itemprop=\"associatedMedia\" itemscope itemtype=\"http:\/\/schema.org\/ImageObject\"> <a href=\"https:\/\/idnu.ch\/wordpress\/entdeckungen-rund-um-goeteborg\/schweden-20250728-187-bearbeitet\/#main\" border=\"0\" itemprop=\"url\"> <meta itemprop=\"width\" content=\"497\"> <meta itemprop=\"height\" content=\"331\"> <img decoding=\"async\" class=\"\" data-attachment-id=\"28072\" data-orig-file=\"https:\/\/idnu.ch\/wordpress\/wp-content\/uploads\/2025\/09\/schweden-20250728-187-Bearbeitet.jpg\" data-orig-size=\"1240,827\" data-comments-opened=\"1\" data-image-meta=\"{&quot;aperture&quot;:&quot;5.6&quot;,&quot;credit&quot;:&quot;Urs Kyburz&quot;,&quot;camera&quot;:&quot;Canon EOS R6m2&quot;,&quot;caption&quot;:&quot;&quot;,&quot;created_timestamp&quot;:&quot;1753695383&quot;,&quot;copyright&quot;:&quot;All rights reserved&quot;,&quot;focal_length&quot;:&quot;700&quot;,&quot;iso&quot;:&quot;640&quot;,&quot;shutter_speed&quot;:&quot;0.0003125&quot;,&quot;title&quot;:&quot;&quot;,&quot;orientation&quot;:&quot;0&quot;}\" data-image-title=\"Austernfischer\" data-image-description=\"\" data-medium-file=\"https:\/\/i0.wp.com\/idnu.ch\/wordpress\/wp-content\/uploads\/2025\/09\/schweden-20250728-187-Bearbeitet.jpg?fit=300%2C200&#038;ssl=1\" data-large-file=\"https:\/\/i0.wp.com\/idnu.ch\/wordpress\/wp-content\/uploads\/2025\/09\/schweden-20250728-187-Bearbeitet.jpg?fit=750%2C500&#038;ssl=1\" src=\"https:\/\/i0.wp.com\/idnu.ch\/wordpress\/wp-content\/uploads\/2025\/09\/schweden-20250728-187-Bearbeitet.jpg?w=497&#038;h=331&#038;ssl=1\" srcset=\"https:\/\/i0.wp.com\/idnu.ch\/wordpress\/wp-content\/uploads\/2025\/09\/schweden-20250728-187-Bearbeitet.jpg?w=1240&amp;ssl=1 1240w, https:\/\/i0.wp.com\/idnu.ch\/wordpress\/wp-content\/uploads\/2025\/09\/schweden-20250728-187-Bearbeitet.jpg?resize=300%2C200&amp;ssl=1 300w, https:\/\/i0.wp.com\/idnu.ch\/wordpress\/wp-content\/uploads\/2025\/09\/schweden-20250728-187-Bearbeitet.jpg?resize=1024%2C683&amp;ssl=1 1024w, https:\/\/i0.wp.com\/idnu.ch\/wordpress\/wp-content\/uploads\/2025\/09\/schweden-20250728-187-Bearbeitet.jpg?resize=768%2C512&amp;ssl=1 768w, https:\/\/i0.wp.com\/idnu.ch\/wordpress\/wp-content\/uploads\/2025\/09\/schweden-20250728-187-Bearbeitet.jpg?resize=150%2C100&amp;ssl=1 150w\" width=\"497\" height=\"331\" loading=\"lazy\" data-original-width=\"497\" data-original-height=\"331\" itemprop=\"http:\/\/schema.org\/image\" title=\"Austernfischer\" alt=\"Austernfischer\" style=\"width: 497px; height: 331px;\" \/> <\/a> <div class=\"tiled-gallery-caption\" itemprop=\"caption description\"> Austernfischer <\/div> <\/div> <\/div> <!-- close group --> <div class=\"gallery-group images-2\" style=\"width: 249px; height: 335px;\" data-original-width=\"249\" data-original-height=\"335\" > <div class=\"tiled-gallery-item tiled-gallery-item-small\" itemprop=\"associatedMedia\" itemscope itemtype=\"http:\/\/schema.org\/ImageObject\"> <a href=\"https:\/\/idnu.ch\/wordpress\/entdeckungen-rund-um-goeteborg\/schweden-20250728-193-bearbeitet\/#main\" border=\"0\" itemprop=\"url\"> <meta itemprop=\"width\" content=\"245\"> <meta itemprop=\"height\" content=\"164\"> <img decoding=\"async\" class=\"\" data-attachment-id=\"28073\" data-orig-file=\"https:\/\/idnu.ch\/wordpress\/wp-content\/uploads\/2025\/09\/schweden-20250728-193-Bearbeitet.jpg\" data-orig-size=\"1240,827\" data-comments-opened=\"1\" data-image-meta=\"{&quot;aperture&quot;:&quot;6.3&quot;,&quot;credit&quot;:&quot;Urs Kyburz&quot;,&quot;camera&quot;:&quot;Canon EOS R6m2&quot;,&quot;caption&quot;:&quot;&quot;,&quot;created_timestamp&quot;:&quot;1753695391&quot;,&quot;copyright&quot;:&quot;All rights reserved&quot;,&quot;focal_length&quot;:&quot;700&quot;,&quot;iso&quot;:&quot;1000&quot;,&quot;shutter_speed&quot;:&quot;0.0003125&quot;,&quot;title&quot;:&quot;&quot;,&quot;orientation&quot;:&quot;0&quot;}\" data-image-title=\"\" data-image-description=\"\" data-medium-file=\"https:\/\/i0.wp.com\/idnu.ch\/wordpress\/wp-content\/uploads\/2025\/09\/schweden-20250728-193-Bearbeitet.jpg?fit=300%2C200&#038;ssl=1\" data-large-file=\"https:\/\/i0.wp.com\/idnu.ch\/wordpress\/wp-content\/uploads\/2025\/09\/schweden-20250728-193-Bearbeitet.jpg?fit=750%2C500&#038;ssl=1\" src=\"https:\/\/i0.wp.com\/idnu.ch\/wordpress\/wp-content\/uploads\/2025\/09\/schweden-20250728-193-Bearbeitet.jpg?w=245&#038;h=164&#038;ssl=1\" srcset=\"https:\/\/i0.wp.com\/idnu.ch\/wordpress\/wp-content\/uploads\/2025\/09\/schweden-20250728-193-Bearbeitet.jpg?w=1240&amp;ssl=1 1240w, https:\/\/i0.wp.com\/idnu.ch\/wordpress\/wp-content\/uploads\/2025\/09\/schweden-20250728-193-Bearbeitet.jpg?resize=300%2C200&amp;ssl=1 300w, https:\/\/i0.wp.com\/idnu.ch\/wordpress\/wp-content\/uploads\/2025\/09\/schweden-20250728-193-Bearbeitet.jpg?resize=1024%2C683&amp;ssl=1 1024w, https:\/\/i0.wp.com\/idnu.ch\/wordpress\/wp-content\/uploads\/2025\/09\/schweden-20250728-193-Bearbeitet.jpg?resize=768%2C512&amp;ssl=1 768w, https:\/\/i0.wp.com\/idnu.ch\/wordpress\/wp-content\/uploads\/2025\/09\/schweden-20250728-193-Bearbeitet.jpg?resize=150%2C100&amp;ssl=1 150w\" width=\"245\" height=\"164\" loading=\"lazy\" data-original-width=\"245\" data-original-height=\"164\" itemprop=\"http:\/\/schema.org\/image\" title=\"\" alt=\"\" style=\"width: 245px; height: 164px;\" \/> <\/a> <\/div> <div class=\"tiled-gallery-item tiled-gallery-item-small\" itemprop=\"associatedMedia\" itemscope itemtype=\"http:\/\/schema.org\/ImageObject\"> <a href=\"https:\/\/idnu.ch\/wordpress\/entdeckungen-rund-um-goeteborg\/schweden-20250728-253-bearbeitet\/#main\" border=\"0\" itemprop=\"url\"> <meta itemprop=\"width\" content=\"245\"> <meta itemprop=\"height\" content=\"163\"> <img decoding=\"async\" class=\"\" data-attachment-id=\"28074\" data-orig-file=\"https:\/\/idnu.ch\/wordpress\/wp-content\/uploads\/2025\/09\/schweden-20250728-253-Bearbeitet.jpg\" data-orig-size=\"1240,827\" data-comments-opened=\"1\" data-image-meta=\"{&quot;aperture&quot;:&quot;5.6&quot;,&quot;credit&quot;:&quot;Urs Kyburz&quot;,&quot;camera&quot;:&quot;Canon EOS R6m2&quot;,&quot;caption&quot;:&quot;&quot;,&quot;created_timestamp&quot;:&quot;1753695670&quot;,&quot;copyright&quot;:&quot;All rights reserved&quot;,&quot;focal_length&quot;:&quot;700&quot;,&quot;iso&quot;:&quot;640&quot;,&quot;shutter_speed&quot;:&quot;0.0003125&quot;,&quot;title&quot;:&quot;&quot;,&quot;orientation&quot;:&quot;0&quot;}\" data-image-title=\"\" data-image-description=\"\" data-medium-file=\"https:\/\/i0.wp.com\/idnu.ch\/wordpress\/wp-content\/uploads\/2025\/09\/schweden-20250728-253-Bearbeitet.jpg?fit=300%2C200&#038;ssl=1\" data-large-file=\"https:\/\/i0.wp.com\/idnu.ch\/wordpress\/wp-content\/uploads\/2025\/09\/schweden-20250728-253-Bearbeitet.jpg?fit=750%2C500&#038;ssl=1\" src=\"https:\/\/i0.wp.com\/idnu.ch\/wordpress\/wp-content\/uploads\/2025\/09\/schweden-20250728-253-Bearbeitet.jpg?w=245&#038;h=163&#038;ssl=1\" srcset=\"https:\/\/i0.wp.com\/idnu.ch\/wordpress\/wp-content\/uploads\/2025\/09\/schweden-20250728-253-Bearbeitet.jpg?w=1240&amp;ssl=1 1240w, https:\/\/i0.wp.com\/idnu.ch\/wordpress\/wp-content\/uploads\/2025\/09\/schweden-20250728-253-Bearbeitet.jpg?resize=300%2C200&amp;ssl=1 300w, https:\/\/i0.wp.com\/idnu.ch\/wordpress\/wp-content\/uploads\/2025\/09\/schweden-20250728-253-Bearbeitet.jpg?resize=1024%2C683&amp;ssl=1 1024w, https:\/\/i0.wp.com\/idnu.ch\/wordpress\/wp-content\/uploads\/2025\/09\/schweden-20250728-253-Bearbeitet.jpg?resize=768%2C512&amp;ssl=1 768w, https:\/\/i0.wp.com\/idnu.ch\/wordpress\/wp-content\/uploads\/2025\/09\/schweden-20250728-253-Bearbeitet.jpg?resize=150%2C100&amp;ssl=1 150w\" width=\"245\" height=\"163\" loading=\"lazy\" data-original-width=\"245\" data-original-height=\"163\" itemprop=\"http:\/\/schema.org\/image\" title=\"\" alt=\"\" style=\"width: 245px; height: 163px;\" \/> <\/a> <\/div> <\/div> <!-- close group --> <\/div> <!-- close row --> <\/div>\n<h2>Rund um den Stora Delsj\u00f6n<\/h2>\n<p>Gleich neben G\u00f6teborg liegt ein See, der Stora Delsj\u00f6n. Wir haben mit einem ehemaligen Arbeitskollegen von mir zum Mittagessen abgemacht in M\u00f6lndal (es hat \u00fcbrigens geschmeckt in der <a href=\"http:\/\/www.pizzeriamums.se\/pizzamenyn\/\" target=\"_blank\" rel=\"noopener\">Pizzeria Mums<\/a>). Um die langweilige Latscherei durch den Autoverkehr zu vermeiden, nehmen wir den Bus bis zur Haltestelle Kalleb\u00e4ck. Nun heisst die Schuhe schn\u00fcren und los. Wir irren zuerst noch etwas auf dem Golfplatz umher, bevor wir den See erreichen. Er ist von Wald umgeben, man w\u00fcrde nicht ahnen, dass er gleich neben einer Grossstadt liegt. Es hat einige Leute, ist aber nicht \u00fcberlaufen. Nichtsdestotrotz w\u00e4re ich lieber am Morgen fr\u00fch unterwegs, dann s\u00e4hen wir wohl auch mehr Tiere.<\/p>\n<div class=\"tiled-gallery type-rectangular tiled-gallery-unresized\" data-original-width=\"750\" data-carousel-extra='{&quot;blog_id&quot;:1,&quot;permalink&quot;:&quot;https:\\\/\\\/idnu.ch\\\/wordpress\\\/entdeckungen-rund-um-goeteborg\\\/&quot;,&quot;likes_blog_id&quot;:100184974}' itemscope itemtype=\"http:\/\/schema.org\/ImageGallery\" > <div class=\"gallery-row\" style=\"width: 750px; height: 335px;\" data-original-width=\"750\" data-original-height=\"335\" > <div class=\"gallery-group images-1\" style=\"width: 501px; height: 335px;\" data-original-width=\"501\" data-original-height=\"335\" > <div class=\"tiled-gallery-item tiled-gallery-item-large\" itemprop=\"associatedMedia\" itemscope itemtype=\"http:\/\/schema.org\/ImageObject\"> <a href=\"https:\/\/idnu.ch\/wordpress\/entdeckungen-rund-um-goeteborg\/schweden-20250729-1-bearbeitet\/#main\" border=\"0\" itemprop=\"url\"> <meta itemprop=\"width\" content=\"497\"> <meta itemprop=\"height\" content=\"331\"> <img decoding=\"async\" class=\"\" data-attachment-id=\"28079\" data-orig-file=\"https:\/\/idnu.ch\/wordpress\/wp-content\/uploads\/2025\/09\/schweden-20250729-1-Bearbeitet.jpg\" data-orig-size=\"2500,1667\" data-comments-opened=\"1\" data-image-meta=\"{&quot;aperture&quot;:&quot;11&quot;,&quot;credit&quot;:&quot;Urs Kyburz&quot;,&quot;camera&quot;:&quot;Canon EOS 5D Mark IV&quot;,&quot;caption&quot;:&quot;&quot;,&quot;created_timestamp&quot;:&quot;1753792229&quot;,&quot;copyright&quot;:&quot;Copyright Urs Kyburz (2019)&quot;,&quot;focal_length&quot;:&quot;24&quot;,&quot;iso&quot;:&quot;100&quot;,&quot;shutter_speed&quot;:&quot;0.025&quot;,&quot;title&quot;:&quot;&quot;,&quot;orientation&quot;:&quot;0&quot;}\" data-image-title=\"\" data-image-description=\"\" data-medium-file=\"https:\/\/i0.wp.com\/idnu.ch\/wordpress\/wp-content\/uploads\/2025\/09\/schweden-20250729-1-Bearbeitet.jpg?fit=300%2C200&#038;ssl=1\" data-large-file=\"https:\/\/i0.wp.com\/idnu.ch\/wordpress\/wp-content\/uploads\/2025\/09\/schweden-20250729-1-Bearbeitet.jpg?fit=750%2C500&#038;ssl=1\" src=\"https:\/\/i0.wp.com\/idnu.ch\/wordpress\/wp-content\/uploads\/2025\/09\/schweden-20250729-1-Bearbeitet.jpg?w=497&#038;h=331&#038;ssl=1\" srcset=\"https:\/\/i0.wp.com\/idnu.ch\/wordpress\/wp-content\/uploads\/2025\/09\/schweden-20250729-1-Bearbeitet.jpg?w=2500&amp;ssl=1 2500w, https:\/\/i0.wp.com\/idnu.ch\/wordpress\/wp-content\/uploads\/2025\/09\/schweden-20250729-1-Bearbeitet.jpg?resize=300%2C200&amp;ssl=1 300w, https:\/\/i0.wp.com\/idnu.ch\/wordpress\/wp-content\/uploads\/2025\/09\/schweden-20250729-1-Bearbeitet.jpg?resize=1024%2C683&amp;ssl=1 1024w, https:\/\/i0.wp.com\/idnu.ch\/wordpress\/wp-content\/uploads\/2025\/09\/schweden-20250729-1-Bearbeitet.jpg?resize=768%2C512&amp;ssl=1 768w, https:\/\/i0.wp.com\/idnu.ch\/wordpress\/wp-content\/uploads\/2025\/09\/schweden-20250729-1-Bearbeitet.jpg?resize=1536%2C1024&amp;ssl=1 1536w, https:\/\/i0.wp.com\/idnu.ch\/wordpress\/wp-content\/uploads\/2025\/09\/schweden-20250729-1-Bearbeitet.jpg?resize=2048%2C1366&amp;ssl=1 2048w, https:\/\/i0.wp.com\/idnu.ch\/wordpress\/wp-content\/uploads\/2025\/09\/schweden-20250729-1-Bearbeitet.jpg?resize=150%2C100&amp;ssl=1 150w, https:\/\/i0.wp.com\/idnu.ch\/wordpress\/wp-content\/uploads\/2025\/09\/schweden-20250729-1-Bearbeitet.jpg?w=2250&amp;ssl=1 2250w\" width=\"497\" height=\"331\" loading=\"lazy\" data-original-width=\"497\" data-original-height=\"331\" itemprop=\"http:\/\/schema.org\/image\" title=\"\" alt=\"\" style=\"width: 497px; height: 331px;\" \/> <\/a> <\/div> <\/div> <!-- close group --> <div class=\"gallery-group images-2\" style=\"width: 249px; height: 335px;\" data-original-width=\"249\" data-original-height=\"335\" > <div class=\"tiled-gallery-item tiled-gallery-item-small\" itemprop=\"associatedMedia\" itemscope itemtype=\"http:\/\/schema.org\/ImageObject\"> <a href=\"https:\/\/idnu.ch\/wordpress\/entdeckungen-rund-um-goeteborg\/schweden-20250729-4-bearbeitet\/#main\" border=\"0\" itemprop=\"url\"> <meta itemprop=\"width\" content=\"245\"> <meta itemprop=\"height\" content=\"164\"> <img decoding=\"async\" class=\"\" data-attachment-id=\"28080\" data-orig-file=\"https:\/\/idnu.ch\/wordpress\/wp-content\/uploads\/2025\/09\/schweden-20250729-4-Bearbeitet.jpg\" data-orig-size=\"2500,1667\" data-comments-opened=\"1\" data-image-meta=\"{&quot;aperture&quot;:&quot;11&quot;,&quot;credit&quot;:&quot;Urs Kyburz&quot;,&quot;camera&quot;:&quot;Canon EOS 5D Mark IV&quot;,&quot;caption&quot;:&quot;&quot;,&quot;created_timestamp&quot;:&quot;1753792518&quot;,&quot;copyright&quot;:&quot;Copyright Urs Kyburz (2019)&quot;,&quot;focal_length&quot;:&quot;32&quot;,&quot;iso&quot;:&quot;100&quot;,&quot;shutter_speed&quot;:&quot;0.0125&quot;,&quot;title&quot;:&quot;&quot;,&quot;orientation&quot;:&quot;0&quot;}\" data-image-title=\"\" data-image-description=\"\" data-medium-file=\"https:\/\/i0.wp.com\/idnu.ch\/wordpress\/wp-content\/uploads\/2025\/09\/schweden-20250729-4-Bearbeitet.jpg?fit=300%2C200&#038;ssl=1\" data-large-file=\"https:\/\/i0.wp.com\/idnu.ch\/wordpress\/wp-content\/uploads\/2025\/09\/schweden-20250729-4-Bearbeitet.jpg?fit=750%2C500&#038;ssl=1\" src=\"https:\/\/i0.wp.com\/idnu.ch\/wordpress\/wp-content\/uploads\/2025\/09\/schweden-20250729-4-Bearbeitet.jpg?w=245&#038;h=164&#038;ssl=1\" srcset=\"https:\/\/i0.wp.com\/idnu.ch\/wordpress\/wp-content\/uploads\/2025\/09\/schweden-20250729-4-Bearbeitet.jpg?w=2500&amp;ssl=1 2500w, https:\/\/i0.wp.com\/idnu.ch\/wordpress\/wp-content\/uploads\/2025\/09\/schweden-20250729-4-Bearbeitet.jpg?resize=300%2C200&amp;ssl=1 300w, https:\/\/i0.wp.com\/idnu.ch\/wordpress\/wp-content\/uploads\/2025\/09\/schweden-20250729-4-Bearbeitet.jpg?resize=1024%2C683&amp;ssl=1 1024w, https:\/\/i0.wp.com\/idnu.ch\/wordpress\/wp-content\/uploads\/2025\/09\/schweden-20250729-4-Bearbeitet.jpg?resize=768%2C512&amp;ssl=1 768w, https:\/\/i0.wp.com\/idnu.ch\/wordpress\/wp-content\/uploads\/2025\/09\/schweden-20250729-4-Bearbeitet.jpg?resize=1536%2C1024&amp;ssl=1 1536w, https:\/\/i0.wp.com\/idnu.ch\/wordpress\/wp-content\/uploads\/2025\/09\/schweden-20250729-4-Bearbeitet.jpg?resize=2048%2C1366&amp;ssl=1 2048w, https:\/\/i0.wp.com\/idnu.ch\/wordpress\/wp-content\/uploads\/2025\/09\/schweden-20250729-4-Bearbeitet.jpg?resize=150%2C100&amp;ssl=1 150w, https:\/\/i0.wp.com\/idnu.ch\/wordpress\/wp-content\/uploads\/2025\/09\/schweden-20250729-4-Bearbeitet.jpg?w=2250&amp;ssl=1 2250w\" width=\"245\" height=\"164\" loading=\"lazy\" data-original-width=\"245\" data-original-height=\"164\" itemprop=\"http:\/\/schema.org\/image\" title=\"\" alt=\"\" style=\"width: 245px; height: 164px;\" \/> <\/a> <\/div> <div class=\"tiled-gallery-item tiled-gallery-item-small\" itemprop=\"associatedMedia\" itemscope itemtype=\"http:\/\/schema.org\/ImageObject\"> <a href=\"https:\/\/idnu.ch\/wordpress\/entdeckungen-rund-um-goeteborg\/schweden-20250729-5-bearbeitet\/#main\" border=\"0\" itemprop=\"url\"> <meta itemprop=\"width\" content=\"245\"> <meta itemprop=\"height\" content=\"163\"> <img decoding=\"async\" class=\"\" data-attachment-id=\"28081\" data-orig-file=\"https:\/\/idnu.ch\/wordpress\/wp-content\/uploads\/2025\/09\/schweden-20250729-5-Bearbeitet.jpg\" data-orig-size=\"2500,1667\" data-comments-opened=\"1\" data-image-meta=\"{&quot;aperture&quot;:&quot;11&quot;,&quot;credit&quot;:&quot;Urs Kyburz&quot;,&quot;camera&quot;:&quot;Canon EOS 5D Mark IV&quot;,&quot;caption&quot;:&quot;&quot;,&quot;created_timestamp&quot;:&quot;1753794047&quot;,&quot;copyright&quot;:&quot;Copyright Urs Kyburz (2019)&quot;,&quot;focal_length&quot;:&quot;47&quot;,&quot;iso&quot;:&quot;100&quot;,&quot;shutter_speed&quot;:&quot;0.01&quot;,&quot;title&quot;:&quot;&quot;,&quot;orientation&quot;:&quot;0&quot;}\" data-image-title=\"\" data-image-description=\"\" data-medium-file=\"https:\/\/i0.wp.com\/idnu.ch\/wordpress\/wp-content\/uploads\/2025\/09\/schweden-20250729-5-Bearbeitet.jpg?fit=300%2C200&#038;ssl=1\" data-large-file=\"https:\/\/i0.wp.com\/idnu.ch\/wordpress\/wp-content\/uploads\/2025\/09\/schweden-20250729-5-Bearbeitet.jpg?fit=750%2C500&#038;ssl=1\" src=\"https:\/\/i0.wp.com\/idnu.ch\/wordpress\/wp-content\/uploads\/2025\/09\/schweden-20250729-5-Bearbeitet.jpg?w=245&#038;h=163&#038;ssl=1\" srcset=\"https:\/\/i0.wp.com\/idnu.ch\/wordpress\/wp-content\/uploads\/2025\/09\/schweden-20250729-5-Bearbeitet.jpg?w=2500&amp;ssl=1 2500w, https:\/\/i0.wp.com\/idnu.ch\/wordpress\/wp-content\/uploads\/2025\/09\/schweden-20250729-5-Bearbeitet.jpg?resize=300%2C200&amp;ssl=1 300w, https:\/\/i0.wp.com\/idnu.ch\/wordpress\/wp-content\/uploads\/2025\/09\/schweden-20250729-5-Bearbeitet.jpg?resize=1024%2C683&amp;ssl=1 1024w, https:\/\/i0.wp.com\/idnu.ch\/wordpress\/wp-content\/uploads\/2025\/09\/schweden-20250729-5-Bearbeitet.jpg?resize=768%2C512&amp;ssl=1 768w, https:\/\/i0.wp.com\/idnu.ch\/wordpress\/wp-content\/uploads\/2025\/09\/schweden-20250729-5-Bearbeitet.jpg?resize=1536%2C1024&amp;ssl=1 1536w, https:\/\/i0.wp.com\/idnu.ch\/wordpress\/wp-content\/uploads\/2025\/09\/schweden-20250729-5-Bearbeitet.jpg?resize=2048%2C1366&amp;ssl=1 2048w, https:\/\/i0.wp.com\/idnu.ch\/wordpress\/wp-content\/uploads\/2025\/09\/schweden-20250729-5-Bearbeitet.jpg?resize=150%2C100&amp;ssl=1 150w, https:\/\/i0.wp.com\/idnu.ch\/wordpress\/wp-content\/uploads\/2025\/09\/schweden-20250729-5-Bearbeitet.jpg?w=2250&amp;ssl=1 2250w\" width=\"245\" height=\"163\" loading=\"lazy\" data-original-width=\"245\" data-original-height=\"163\" itemprop=\"http:\/\/schema.org\/image\" title=\"\" alt=\"\" style=\"width: 245px; height: 163px;\" \/> <\/a> <\/div> <\/div> <!-- close group --> <\/div> <!-- close row --> <\/div>\n<p>Gem\u00e4ss <a href=\"https:\/\/birdingplaces.eu\/de\/birdingplaces\/sweden\/stora-delsjon\" target=\"_blank\" rel=\"noopener\">birdingplaces.eu<\/a> soll es hier Prachttaucher geben. Und, Bingo! Wir entdecken einen, allerdings ziemlich weit weg. Wie es bei den Seetauchern \u00fcblich ist, sehen wir ihn jeweils nur ganz kurz, dann taucht er sofort wieder ab. Und kommt irgendwo ganz anders wieder an die Oberfl\u00e4che. Man muss ein ziemlich grosses Gebiet absuchen, um ihn nicht zu verpassen.<\/p>\n<div class=\"tiled-gallery type-rectangular tiled-gallery-unresized\" data-original-width=\"750\" data-carousel-extra='{&quot;blog_id&quot;:1,&quot;permalink&quot;:&quot;https:\\\/\\\/idnu.ch\\\/wordpress\\\/entdeckungen-rund-um-goeteborg\\\/&quot;,&quot;likes_blog_id&quot;:100184974}' itemscope itemtype=\"http:\/\/schema.org\/ImageGallery\" > <div class=\"gallery-row\" style=\"width: 750px; height: 335px;\" data-original-width=\"750\" data-original-height=\"335\" > <div class=\"gallery-group images-1\" style=\"width: 501px; height: 335px;\" data-original-width=\"501\" data-original-height=\"335\" > <div class=\"tiled-gallery-item tiled-gallery-item-large\" itemprop=\"associatedMedia\" itemscope itemtype=\"http:\/\/schema.org\/ImageObject\"> <a href=\"https:\/\/idnu.ch\/wordpress\/entdeckungen-rund-um-goeteborg\/schweden-20250729-14-bearbeitet\/#main\" border=\"0\" itemprop=\"url\"> <meta itemprop=\"width\" content=\"497\"> <meta itemprop=\"height\" content=\"331\"> <img decoding=\"async\" class=\"\" data-attachment-id=\"28082\" data-orig-file=\"https:\/\/idnu.ch\/wordpress\/wp-content\/uploads\/2025\/09\/schweden-20250729-14-Bearbeitet.jpg\" data-orig-size=\"2500,1667\" data-comments-opened=\"1\" data-image-meta=\"{&quot;aperture&quot;:&quot;11&quot;,&quot;credit&quot;:&quot;Urs Kyburz&quot;,&quot;camera&quot;:&quot;Canon EOS 5D Mark IV&quot;,&quot;caption&quot;:&quot;&quot;,&quot;created_timestamp&quot;:&quot;1753795329&quot;,&quot;copyright&quot;:&quot;Copyright Urs Kyburz (2019)&quot;,&quot;focal_length&quot;:&quot;105&quot;,&quot;iso&quot;:&quot;250&quot;,&quot;shutter_speed&quot;:&quot;0.008&quot;,&quot;title&quot;:&quot;&quot;,&quot;orientation&quot;:&quot;0&quot;}\" data-image-title=\"\" data-image-description=\"\" data-medium-file=\"https:\/\/i0.wp.com\/idnu.ch\/wordpress\/wp-content\/uploads\/2025\/09\/schweden-20250729-14-Bearbeitet.jpg?fit=300%2C200&#038;ssl=1\" data-large-file=\"https:\/\/i0.wp.com\/idnu.ch\/wordpress\/wp-content\/uploads\/2025\/09\/schweden-20250729-14-Bearbeitet.jpg?fit=750%2C500&#038;ssl=1\" src=\"https:\/\/i0.wp.com\/idnu.ch\/wordpress\/wp-content\/uploads\/2025\/09\/schweden-20250729-14-Bearbeitet.jpg?w=497&#038;h=331&#038;ssl=1\" srcset=\"https:\/\/i0.wp.com\/idnu.ch\/wordpress\/wp-content\/uploads\/2025\/09\/schweden-20250729-14-Bearbeitet.jpg?w=2500&amp;ssl=1 2500w, https:\/\/i0.wp.com\/idnu.ch\/wordpress\/wp-content\/uploads\/2025\/09\/schweden-20250729-14-Bearbeitet.jpg?resize=300%2C200&amp;ssl=1 300w, https:\/\/i0.wp.com\/idnu.ch\/wordpress\/wp-content\/uploads\/2025\/09\/schweden-20250729-14-Bearbeitet.jpg?resize=1024%2C683&amp;ssl=1 1024w, https:\/\/i0.wp.com\/idnu.ch\/wordpress\/wp-content\/uploads\/2025\/09\/schweden-20250729-14-Bearbeitet.jpg?resize=768%2C512&amp;ssl=1 768w, https:\/\/i0.wp.com\/idnu.ch\/wordpress\/wp-content\/uploads\/2025\/09\/schweden-20250729-14-Bearbeitet.jpg?resize=1536%2C1024&amp;ssl=1 1536w, https:\/\/i0.wp.com\/idnu.ch\/wordpress\/wp-content\/uploads\/2025\/09\/schweden-20250729-14-Bearbeitet.jpg?resize=2048%2C1366&amp;ssl=1 2048w, https:\/\/i0.wp.com\/idnu.ch\/wordpress\/wp-content\/uploads\/2025\/09\/schweden-20250729-14-Bearbeitet.jpg?resize=150%2C100&amp;ssl=1 150w, https:\/\/i0.wp.com\/idnu.ch\/wordpress\/wp-content\/uploads\/2025\/09\/schweden-20250729-14-Bearbeitet.jpg?w=2250&amp;ssl=1 2250w\" width=\"497\" height=\"331\" loading=\"lazy\" data-original-width=\"497\" data-original-height=\"331\" itemprop=\"http:\/\/schema.org\/image\" title=\"\" alt=\"\" style=\"width: 497px; height: 331px;\" \/> <\/a> <\/div> <\/div> <!-- close group --> <div class=\"gallery-group images-2\" style=\"width: 249px; height: 335px;\" data-original-width=\"249\" data-original-height=\"335\" > <div class=\"tiled-gallery-item tiled-gallery-item-small\" itemprop=\"associatedMedia\" itemscope itemtype=\"http:\/\/schema.org\/ImageObject\"> <a href=\"https:\/\/idnu.ch\/wordpress\/entdeckungen-rund-um-goeteborg\/schweden-20250729-18-bearbeitet\/#main\" border=\"0\" itemprop=\"url\"> <meta itemprop=\"width\" content=\"245\"> <meta itemprop=\"height\" content=\"164\"> <img decoding=\"async\" class=\"\" data-attachment-id=\"28083\" data-orig-file=\"https:\/\/idnu.ch\/wordpress\/wp-content\/uploads\/2025\/09\/schweden-20250729-18-Bearbeitet.jpg\" data-orig-size=\"2500,1667\" data-comments-opened=\"1\" data-image-meta=\"{&quot;aperture&quot;:&quot;6.3&quot;,&quot;credit&quot;:&quot;Urs Kyburz&quot;,&quot;camera&quot;:&quot;Canon EOS R6m2&quot;,&quot;caption&quot;:&quot;&quot;,&quot;created_timestamp&quot;:&quot;1753796148&quot;,&quot;copyright&quot;:&quot;All rights reserved&quot;,&quot;focal_length&quot;:&quot;100&quot;,&quot;iso&quot;:&quot;200&quot;,&quot;shutter_speed&quot;:&quot;0.00125&quot;,&quot;title&quot;:&quot;&quot;,&quot;orientation&quot;:&quot;0&quot;}\" data-image-title=\"\" data-image-description=\"\" data-medium-file=\"https:\/\/i0.wp.com\/idnu.ch\/wordpress\/wp-content\/uploads\/2025\/09\/schweden-20250729-18-Bearbeitet.jpg?fit=300%2C200&#038;ssl=1\" data-large-file=\"https:\/\/i0.wp.com\/idnu.ch\/wordpress\/wp-content\/uploads\/2025\/09\/schweden-20250729-18-Bearbeitet.jpg?fit=750%2C500&#038;ssl=1\" src=\"https:\/\/i0.wp.com\/idnu.ch\/wordpress\/wp-content\/uploads\/2025\/09\/schweden-20250729-18-Bearbeitet.jpg?w=245&#038;h=164&#038;ssl=1\" srcset=\"https:\/\/i0.wp.com\/idnu.ch\/wordpress\/wp-content\/uploads\/2025\/09\/schweden-20250729-18-Bearbeitet.jpg?w=2500&amp;ssl=1 2500w, https:\/\/i0.wp.com\/idnu.ch\/wordpress\/wp-content\/uploads\/2025\/09\/schweden-20250729-18-Bearbeitet.jpg?resize=300%2C200&amp;ssl=1 300w, https:\/\/i0.wp.com\/idnu.ch\/wordpress\/wp-content\/uploads\/2025\/09\/schweden-20250729-18-Bearbeitet.jpg?resize=1024%2C683&amp;ssl=1 1024w, https:\/\/i0.wp.com\/idnu.ch\/wordpress\/wp-content\/uploads\/2025\/09\/schweden-20250729-18-Bearbeitet.jpg?resize=768%2C512&amp;ssl=1 768w, https:\/\/i0.wp.com\/idnu.ch\/wordpress\/wp-content\/uploads\/2025\/09\/schweden-20250729-18-Bearbeitet.jpg?resize=1536%2C1024&amp;ssl=1 1536w, https:\/\/i0.wp.com\/idnu.ch\/wordpress\/wp-content\/uploads\/2025\/09\/schweden-20250729-18-Bearbeitet.jpg?resize=2048%2C1366&amp;ssl=1 2048w, https:\/\/i0.wp.com\/idnu.ch\/wordpress\/wp-content\/uploads\/2025\/09\/schweden-20250729-18-Bearbeitet.jpg?resize=150%2C100&amp;ssl=1 150w, https:\/\/i0.wp.com\/idnu.ch\/wordpress\/wp-content\/uploads\/2025\/09\/schweden-20250729-18-Bearbeitet.jpg?w=2250&amp;ssl=1 2250w\" width=\"245\" height=\"164\" loading=\"lazy\" data-original-width=\"245\" data-original-height=\"164\" itemprop=\"http:\/\/schema.org\/image\" title=\"\" alt=\"\" style=\"width: 245px; height: 164px;\" \/> <\/a> <\/div> <div class=\"tiled-gallery-item tiled-gallery-item-small\" itemprop=\"associatedMedia\" itemscope itemtype=\"http:\/\/schema.org\/ImageObject\"> <a href=\"https:\/\/idnu.ch\/wordpress\/entdeckungen-rund-um-goeteborg\/schweden-20250729-20-bearbeitet\/#main\" border=\"0\" itemprop=\"url\"> <meta itemprop=\"width\" content=\"245\"> <meta itemprop=\"height\" content=\"163\"> <img decoding=\"async\" class=\"\" data-attachment-id=\"28084\" data-orig-file=\"https:\/\/idnu.ch\/wordpress\/wp-content\/uploads\/2025\/09\/schweden-20250729-20-Bearbeitet.jpg\" data-orig-size=\"2500,1667\" data-comments-opened=\"1\" data-image-meta=\"{&quot;aperture&quot;:&quot;11&quot;,&quot;credit&quot;:&quot;Urs Kyburz&quot;,&quot;camera&quot;:&quot;Canon EOS R6m2&quot;,&quot;caption&quot;:&quot;&quot;,&quot;created_timestamp&quot;:&quot;1753797704&quot;,&quot;copyright&quot;:&quot;All rights reserved&quot;,&quot;focal_length&quot;:&quot;700&quot;,&quot;iso&quot;:&quot;2000&quot;,&quot;shutter_speed&quot;:&quot;0.0008&quot;,&quot;title&quot;:&quot;&quot;,&quot;orientation&quot;:&quot;0&quot;}\" data-image-title=\"Ein Prachttaucher\" data-image-description=\"\" data-medium-file=\"https:\/\/i0.wp.com\/idnu.ch\/wordpress\/wp-content\/uploads\/2025\/09\/schweden-20250729-20-Bearbeitet.jpg?fit=300%2C200&#038;ssl=1\" data-large-file=\"https:\/\/i0.wp.com\/idnu.ch\/wordpress\/wp-content\/uploads\/2025\/09\/schweden-20250729-20-Bearbeitet.jpg?fit=750%2C500&#038;ssl=1\" src=\"https:\/\/i0.wp.com\/idnu.ch\/wordpress\/wp-content\/uploads\/2025\/09\/schweden-20250729-20-Bearbeitet.jpg?w=245&#038;h=163&#038;ssl=1\" srcset=\"https:\/\/i0.wp.com\/idnu.ch\/wordpress\/wp-content\/uploads\/2025\/09\/schweden-20250729-20-Bearbeitet.jpg?w=2500&amp;ssl=1 2500w, https:\/\/i0.wp.com\/idnu.ch\/wordpress\/wp-content\/uploads\/2025\/09\/schweden-20250729-20-Bearbeitet.jpg?resize=300%2C200&amp;ssl=1 300w, https:\/\/i0.wp.com\/idnu.ch\/wordpress\/wp-content\/uploads\/2025\/09\/schweden-20250729-20-Bearbeitet.jpg?resize=1024%2C683&amp;ssl=1 1024w, https:\/\/i0.wp.com\/idnu.ch\/wordpress\/wp-content\/uploads\/2025\/09\/schweden-20250729-20-Bearbeitet.jpg?resize=768%2C512&amp;ssl=1 768w, https:\/\/i0.wp.com\/idnu.ch\/wordpress\/wp-content\/uploads\/2025\/09\/schweden-20250729-20-Bearbeitet.jpg?resize=1536%2C1024&amp;ssl=1 1536w, https:\/\/i0.wp.com\/idnu.ch\/wordpress\/wp-content\/uploads\/2025\/09\/schweden-20250729-20-Bearbeitet.jpg?resize=2048%2C1366&amp;ssl=1 2048w, https:\/\/i0.wp.com\/idnu.ch\/wordpress\/wp-content\/uploads\/2025\/09\/schweden-20250729-20-Bearbeitet.jpg?resize=150%2C100&amp;ssl=1 150w, https:\/\/i0.wp.com\/idnu.ch\/wordpress\/wp-content\/uploads\/2025\/09\/schweden-20250729-20-Bearbeitet.jpg?w=2250&amp;ssl=1 2250w\" width=\"245\" height=\"163\" loading=\"lazy\" data-original-width=\"245\" data-original-height=\"163\" itemprop=\"http:\/\/schema.org\/image\" title=\"Ein Prachttaucher\" alt=\"Ein Prachttaucher\" style=\"width: 245px; height: 163px;\" \/> <\/a> <div class=\"tiled-gallery-caption\" itemprop=\"caption description\"> Ein Prachttaucher <\/div> <\/div> <\/div> <!-- close group --> <\/div> <!-- close row --> <\/div>\n<p>Weiter geht es dem Ufer des verwinkelten Sees entlang, bis wir das Vergn\u00fcgungszentrum erreichen. Es ist geht schon gegen Abend, die Leute verlassen den Strand, auch wir streben der Stadt zu. Es ist ein gutes St\u00fcck zum Gehen bis zur n\u00e4chsten Tramhaltestelle. Da treffen wir aber auf einen Shuttlebus, der im Sommer gratis f\u00e4hrt bis zu unserem Zwischenziel. So kommen wir doch recht schnell in die Stadt, wo wir nur schnell unsere Sachen im Hotel abladen, um dann essen zu gehen. Auswahl gibt es hier reichlich, im Gegensatz zu den bisherigen Gegenden.<\/p>\n<div class=\"tiled-gallery type-rectangular tiled-gallery-unresized\" data-original-width=\"750\" data-carousel-extra='{&quot;blog_id&quot;:1,&quot;permalink&quot;:&quot;https:\\\/\\\/idnu.ch\\\/wordpress\\\/entdeckungen-rund-um-goeteborg\\\/&quot;,&quot;likes_blog_id&quot;:100184974}' itemscope itemtype=\"http:\/\/schema.org\/ImageGallery\" > <div class=\"gallery-row\" style=\"width: 750px; height: 335px;\" data-original-width=\"750\" data-original-height=\"335\" > <div class=\"gallery-group images-1\" style=\"width: 501px; height: 335px;\" data-original-width=\"501\" data-original-height=\"335\" > <div class=\"tiled-gallery-item tiled-gallery-item-large\" itemprop=\"associatedMedia\" itemscope itemtype=\"http:\/\/schema.org\/ImageObject\"> <a href=\"https:\/\/idnu.ch\/wordpress\/entdeckungen-rund-um-goeteborg\/schweden-20250729-38-bearbeitet\/#main\" border=\"0\" itemprop=\"url\"> <meta itemprop=\"width\" content=\"497\"> <meta itemprop=\"height\" content=\"331\"> <img decoding=\"async\" class=\"\" data-attachment-id=\"28085\" data-orig-file=\"https:\/\/idnu.ch\/wordpress\/wp-content\/uploads\/2025\/09\/schweden-20250729-38-Bearbeitet.jpg\" data-orig-size=\"2500,1667\" data-comments-opened=\"1\" data-image-meta=\"{&quot;aperture&quot;:&quot;9&quot;,&quot;credit&quot;:&quot;Urs Kyburz&quot;,&quot;camera&quot;:&quot;Canon EOS 5D Mark IV&quot;,&quot;caption&quot;:&quot;&quot;,&quot;created_timestamp&quot;:&quot;1753799427&quot;,&quot;copyright&quot;:&quot;Copyright Urs Kyburz (2019)&quot;,&quot;focal_length&quot;:&quot;45&quot;,&quot;iso&quot;:&quot;800&quot;,&quot;shutter_speed&quot;:&quot;0.005&quot;,&quot;title&quot;:&quot;&quot;,&quot;orientation&quot;:&quot;0&quot;}\" data-image-title=\"\" data-image-description=\"\" data-medium-file=\"https:\/\/i0.wp.com\/idnu.ch\/wordpress\/wp-content\/uploads\/2025\/09\/schweden-20250729-38-Bearbeitet.jpg?fit=300%2C200&#038;ssl=1\" data-large-file=\"https:\/\/i0.wp.com\/idnu.ch\/wordpress\/wp-content\/uploads\/2025\/09\/schweden-20250729-38-Bearbeitet.jpg?fit=750%2C500&#038;ssl=1\" src=\"https:\/\/i0.wp.com\/idnu.ch\/wordpress\/wp-content\/uploads\/2025\/09\/schweden-20250729-38-Bearbeitet.jpg?w=497&#038;h=331&#038;ssl=1\" srcset=\"https:\/\/i0.wp.com\/idnu.ch\/wordpress\/wp-content\/uploads\/2025\/09\/schweden-20250729-38-Bearbeitet.jpg?w=2500&amp;ssl=1 2500w, https:\/\/i0.wp.com\/idnu.ch\/wordpress\/wp-content\/uploads\/2025\/09\/schweden-20250729-38-Bearbeitet.jpg?resize=300%2C200&amp;ssl=1 300w, https:\/\/i0.wp.com\/idnu.ch\/wordpress\/wp-content\/uploads\/2025\/09\/schweden-20250729-38-Bearbeitet.jpg?resize=1024%2C683&amp;ssl=1 1024w, https:\/\/i0.wp.com\/idnu.ch\/wordpress\/wp-content\/uploads\/2025\/09\/schweden-20250729-38-Bearbeitet.jpg?resize=768%2C512&amp;ssl=1 768w, https:\/\/i0.wp.com\/idnu.ch\/wordpress\/wp-content\/uploads\/2025\/09\/schweden-20250729-38-Bearbeitet.jpg?resize=1536%2C1024&amp;ssl=1 1536w, https:\/\/i0.wp.com\/idnu.ch\/wordpress\/wp-content\/uploads\/2025\/09\/schweden-20250729-38-Bearbeitet.jpg?resize=2048%2C1366&amp;ssl=1 2048w, https:\/\/i0.wp.com\/idnu.ch\/wordpress\/wp-content\/uploads\/2025\/09\/schweden-20250729-38-Bearbeitet.jpg?resize=150%2C100&amp;ssl=1 150w, https:\/\/i0.wp.com\/idnu.ch\/wordpress\/wp-content\/uploads\/2025\/09\/schweden-20250729-38-Bearbeitet.jpg?w=2250&amp;ssl=1 2250w\" width=\"497\" height=\"331\" loading=\"lazy\" data-original-width=\"497\" data-original-height=\"331\" itemprop=\"http:\/\/schema.org\/image\" title=\"\" alt=\"\" style=\"width: 497px; height: 331px;\" \/> <\/a> <\/div> <\/div> <!-- close group --> <div class=\"gallery-group images-2\" style=\"width: 249px; height: 335px;\" data-original-width=\"249\" data-original-height=\"335\" > <div class=\"tiled-gallery-item tiled-gallery-item-small\" itemprop=\"associatedMedia\" itemscope itemtype=\"http:\/\/schema.org\/ImageObject\"> <a href=\"https:\/\/idnu.ch\/wordpress\/entdeckungen-rund-um-goeteborg\/schweden-20250729-43-bearbeitet\/#main\" border=\"0\" itemprop=\"url\"> <meta itemprop=\"width\" content=\"245\"> <meta itemprop=\"height\" content=\"164\"> <img decoding=\"async\" class=\"\" data-attachment-id=\"28086\" data-orig-file=\"https:\/\/idnu.ch\/wordpress\/wp-content\/uploads\/2025\/09\/schweden-20250729-43-Bearbeitet.jpg\" data-orig-size=\"2500,1667\" data-comments-opened=\"1\" data-image-meta=\"{&quot;aperture&quot;:&quot;10&quot;,&quot;credit&quot;:&quot;Urs Kyburz&quot;,&quot;camera&quot;:&quot;Canon EOS 5D Mark IV&quot;,&quot;caption&quot;:&quot;&quot;,&quot;created_timestamp&quot;:&quot;1753800442&quot;,&quot;copyright&quot;:&quot;Copyright Urs Kyburz (2019)&quot;,&quot;focal_length&quot;:&quot;35&quot;,&quot;iso&quot;:&quot;160&quot;,&quot;shutter_speed&quot;:&quot;0.033333333333333&quot;,&quot;title&quot;:&quot;&quot;,&quot;orientation&quot;:&quot;0&quot;}\" data-image-title=\"\" data-image-description=\"\" data-medium-file=\"https:\/\/i0.wp.com\/idnu.ch\/wordpress\/wp-content\/uploads\/2025\/09\/schweden-20250729-43-Bearbeitet.jpg?fit=300%2C200&#038;ssl=1\" data-large-file=\"https:\/\/i0.wp.com\/idnu.ch\/wordpress\/wp-content\/uploads\/2025\/09\/schweden-20250729-43-Bearbeitet.jpg?fit=750%2C500&#038;ssl=1\" src=\"https:\/\/i0.wp.com\/idnu.ch\/wordpress\/wp-content\/uploads\/2025\/09\/schweden-20250729-43-Bearbeitet.jpg?w=245&#038;h=164&#038;ssl=1\" srcset=\"https:\/\/i0.wp.com\/idnu.ch\/wordpress\/wp-content\/uploads\/2025\/09\/schweden-20250729-43-Bearbeitet.jpg?w=2500&amp;ssl=1 2500w, https:\/\/i0.wp.com\/idnu.ch\/wordpress\/wp-content\/uploads\/2025\/09\/schweden-20250729-43-Bearbeitet.jpg?resize=300%2C200&amp;ssl=1 300w, https:\/\/i0.wp.com\/idnu.ch\/wordpress\/wp-content\/uploads\/2025\/09\/schweden-20250729-43-Bearbeitet.jpg?resize=1024%2C683&amp;ssl=1 1024w, https:\/\/i0.wp.com\/idnu.ch\/wordpress\/wp-content\/uploads\/2025\/09\/schweden-20250729-43-Bearbeitet.jpg?resize=768%2C512&amp;ssl=1 768w, https:\/\/i0.wp.com\/idnu.ch\/wordpress\/wp-content\/uploads\/2025\/09\/schweden-20250729-43-Bearbeitet.jpg?resize=1536%2C1024&amp;ssl=1 1536w, https:\/\/i0.wp.com\/idnu.ch\/wordpress\/wp-content\/uploads\/2025\/09\/schweden-20250729-43-Bearbeitet.jpg?resize=2048%2C1366&amp;ssl=1 2048w, https:\/\/i0.wp.com\/idnu.ch\/wordpress\/wp-content\/uploads\/2025\/09\/schweden-20250729-43-Bearbeitet.jpg?resize=150%2C100&amp;ssl=1 150w, https:\/\/i0.wp.com\/idnu.ch\/wordpress\/wp-content\/uploads\/2025\/09\/schweden-20250729-43-Bearbeitet.jpg?w=2250&amp;ssl=1 2250w\" width=\"245\" height=\"164\" loading=\"lazy\" data-original-width=\"245\" data-original-height=\"164\" itemprop=\"http:\/\/schema.org\/image\" title=\"\" alt=\"\" style=\"width: 245px; height: 164px;\" \/> <\/a> <\/div> <div class=\"tiled-gallery-item tiled-gallery-item-small\" itemprop=\"associatedMedia\" itemscope itemtype=\"http:\/\/schema.org\/ImageObject\"> <a href=\"https:\/\/idnu.ch\/wordpress\/entdeckungen-rund-um-goeteborg\/schweden-20250729-47-bearbeitet\/#main\" border=\"0\" itemprop=\"url\"> <meta itemprop=\"width\" content=\"245\"> <meta itemprop=\"height\" content=\"163\"> <img decoding=\"async\" class=\"\" data-attachment-id=\"28087\" data-orig-file=\"https:\/\/idnu.ch\/wordpress\/wp-content\/uploads\/2025\/09\/schweden-20250729-47-Bearbeitet.jpg\" data-orig-size=\"2500,1667\" data-comments-opened=\"1\" data-image-meta=\"{&quot;aperture&quot;:&quot;10&quot;,&quot;credit&quot;:&quot;Urs Kyburz&quot;,&quot;camera&quot;:&quot;Canon EOS 5D Mark IV&quot;,&quot;caption&quot;:&quot;&quot;,&quot;created_timestamp&quot;:&quot;1753801036&quot;,&quot;copyright&quot;:&quot;Copyright Urs Kyburz (2019)&quot;,&quot;focal_length&quot;:&quot;70&quot;,&quot;iso&quot;:&quot;2000&quot;,&quot;shutter_speed&quot;:&quot;0.016666666666667&quot;,&quot;title&quot;:&quot;&quot;,&quot;orientation&quot;:&quot;0&quot;}\" data-image-title=\"\" data-image-description=\"\" data-medium-file=\"https:\/\/i0.wp.com\/idnu.ch\/wordpress\/wp-content\/uploads\/2025\/09\/schweden-20250729-47-Bearbeitet.jpg?fit=300%2C200&#038;ssl=1\" data-large-file=\"https:\/\/i0.wp.com\/idnu.ch\/wordpress\/wp-content\/uploads\/2025\/09\/schweden-20250729-47-Bearbeitet.jpg?fit=750%2C500&#038;ssl=1\" src=\"https:\/\/i0.wp.com\/idnu.ch\/wordpress\/wp-content\/uploads\/2025\/09\/schweden-20250729-47-Bearbeitet.jpg?w=245&#038;h=163&#038;ssl=1\" srcset=\"https:\/\/i0.wp.com\/idnu.ch\/wordpress\/wp-content\/uploads\/2025\/09\/schweden-20250729-47-Bearbeitet.jpg?w=2500&amp;ssl=1 2500w, https:\/\/i0.wp.com\/idnu.ch\/wordpress\/wp-content\/uploads\/2025\/09\/schweden-20250729-47-Bearbeitet.jpg?resize=300%2C200&amp;ssl=1 300w, https:\/\/i0.wp.com\/idnu.ch\/wordpress\/wp-content\/uploads\/2025\/09\/schweden-20250729-47-Bearbeitet.jpg?resize=1024%2C683&amp;ssl=1 1024w, https:\/\/i0.wp.com\/idnu.ch\/wordpress\/wp-content\/uploads\/2025\/09\/schweden-20250729-47-Bearbeitet.jpg?resize=768%2C512&amp;ssl=1 768w, https:\/\/i0.wp.com\/idnu.ch\/wordpress\/wp-content\/uploads\/2025\/09\/schweden-20250729-47-Bearbeitet.jpg?resize=1536%2C1024&amp;ssl=1 1536w, https:\/\/i0.wp.com\/idnu.ch\/wordpress\/wp-content\/uploads\/2025\/09\/schweden-20250729-47-Bearbeitet.jpg?resize=2048%2C1366&amp;ssl=1 2048w, https:\/\/i0.wp.com\/idnu.ch\/wordpress\/wp-content\/uploads\/2025\/09\/schweden-20250729-47-Bearbeitet.jpg?resize=150%2C100&amp;ssl=1 150w, https:\/\/i0.wp.com\/idnu.ch\/wordpress\/wp-content\/uploads\/2025\/09\/schweden-20250729-47-Bearbeitet.jpg?w=2250&amp;ssl=1 2250w\" width=\"245\" height=\"163\" loading=\"lazy\" data-original-width=\"245\" data-original-height=\"163\" itemprop=\"http:\/\/schema.org\/image\" title=\"\" alt=\"\" style=\"width: 245px; height: 163px;\" \/> <\/a> <\/div> <\/div> <!-- close group --> <\/div> <!-- close row --> <\/div>\n<p><iframe loading=\"lazy\" src=\"https:\/\/www.komoot.com\/de-de\/tour\/2446513836\/embed?share_token=arK9fAhxX65j7wVpmcCRDmloTd3FgxA5SbdoTByGj24QRViqUp&amp;profile=1\" width=\"100%\" height=\"700\" frameborder=\"0\" scrolling=\"no\"><\/iframe><\/p>\n<h2>Hinter Volvotown<\/h2>\n<p>Torslanda ist gepr\u00e4gt von Volvo, dem schwedischen Hersteller von robusten Autos und Nutzfahrzeugen. Aber ohne Auto muss man zuerst mal dort hin kommen. Wir nehmen Tram und Bus, was noch gut funktioniert. Zwischen unserer Haltestelle und dem Naturschutzgebiet <a href=\"https:\/\/birdingplaces.eu\/de\/birdingplaces\/sweden\/torslandaviken\" target=\"_blank\" rel=\"noopener\">Torslandaviken<\/a> liegt aber leider ein Kreisel, in den mehrere grosse Strassen m\u00fcnden, ohne irgendeine M\u00f6glichkeit f\u00fcr Fussg\u00e4nger, diese regul\u00e4r zu \u00fcberqueren. So warten wir einen ruhigen Moment ab und \u00fcberqueren irregul\u00e4r die Strassen. Wir erreichen den Pfad, der durchs Naturreservat f\u00fchrt, auf welchem wir dem Beobachtungsturm zustreben. Viele V\u00f6gel sehen wir nicht von hier oben, ein paar Enten, ein paar Kormorane. Ein anderer Besucher kommt mit uns ins Gespr\u00e4ch, verr\u00e4t, wo es noch gute Gebiete zum Beobachten gibt. T\u00f6nt gut, leider sind die ausserhalb unserer Reichweite und unseres Zeitplanes.<\/p>\n<div class=\"tiled-gallery type-rectangular tiled-gallery-unresized\" data-original-width=\"750\" data-carousel-extra='{&quot;blog_id&quot;:1,&quot;permalink&quot;:&quot;https:\\\/\\\/idnu.ch\\\/wordpress\\\/entdeckungen-rund-um-goeteborg\\\/&quot;,&quot;likes_blog_id&quot;:100184974}' itemscope itemtype=\"http:\/\/schema.org\/ImageGallery\" > <div class=\"gallery-row\" style=\"width: 750px; height: 335px;\" data-original-width=\"750\" data-original-height=\"335\" > <div class=\"gallery-group images-1\" style=\"width: 501px; height: 335px;\" data-original-width=\"501\" data-original-height=\"335\" > <div class=\"tiled-gallery-item tiled-gallery-item-large\" itemprop=\"associatedMedia\" itemscope itemtype=\"http:\/\/schema.org\/ImageObject\"> <a href=\"https:\/\/idnu.ch\/wordpress\/entdeckungen-rund-um-goeteborg\/schweden-20250730-2-bearbeitet\/#main\" border=\"0\" itemprop=\"url\"> <meta itemprop=\"width\" content=\"497\"> <meta itemprop=\"height\" content=\"331\"> <img decoding=\"async\" class=\"\" data-attachment-id=\"28090\" data-orig-file=\"https:\/\/idnu.ch\/wordpress\/wp-content\/uploads\/2025\/09\/schweden-20250730-2-Bearbeitet.jpg\" data-orig-size=\"2500,1667\" data-comments-opened=\"1\" data-image-meta=\"{&quot;aperture&quot;:&quot;10&quot;,&quot;credit&quot;:&quot;Urs Kyburz&quot;,&quot;camera&quot;:&quot;Canon EOS 5D Mark IV&quot;,&quot;caption&quot;:&quot;&quot;,&quot;created_timestamp&quot;:&quot;1753858411&quot;,&quot;copyright&quot;:&quot;Copyright Urs Kyburz (2019)&quot;,&quot;focal_length&quot;:&quot;32&quot;,&quot;iso&quot;:&quot;100&quot;,&quot;shutter_speed&quot;:&quot;0.01&quot;,&quot;title&quot;:&quot;&quot;,&quot;orientation&quot;:&quot;0&quot;}\" data-image-title=\"\" data-image-description=\"\" data-medium-file=\"https:\/\/i0.wp.com\/idnu.ch\/wordpress\/wp-content\/uploads\/2025\/09\/schweden-20250730-2-Bearbeitet.jpg?fit=300%2C200&#038;ssl=1\" data-large-file=\"https:\/\/i0.wp.com\/idnu.ch\/wordpress\/wp-content\/uploads\/2025\/09\/schweden-20250730-2-Bearbeitet.jpg?fit=750%2C500&#038;ssl=1\" src=\"https:\/\/i0.wp.com\/idnu.ch\/wordpress\/wp-content\/uploads\/2025\/09\/schweden-20250730-2-Bearbeitet.jpg?w=497&#038;h=331&#038;ssl=1\" srcset=\"https:\/\/i0.wp.com\/idnu.ch\/wordpress\/wp-content\/uploads\/2025\/09\/schweden-20250730-2-Bearbeitet.jpg?w=2500&amp;ssl=1 2500w, https:\/\/i0.wp.com\/idnu.ch\/wordpress\/wp-content\/uploads\/2025\/09\/schweden-20250730-2-Bearbeitet.jpg?resize=300%2C200&amp;ssl=1 300w, https:\/\/i0.wp.com\/idnu.ch\/wordpress\/wp-content\/uploads\/2025\/09\/schweden-20250730-2-Bearbeitet.jpg?resize=1024%2C683&amp;ssl=1 1024w, https:\/\/i0.wp.com\/idnu.ch\/wordpress\/wp-content\/uploads\/2025\/09\/schweden-20250730-2-Bearbeitet.jpg?resize=768%2C512&amp;ssl=1 768w, https:\/\/i0.wp.com\/idnu.ch\/wordpress\/wp-content\/uploads\/2025\/09\/schweden-20250730-2-Bearbeitet.jpg?resize=1536%2C1024&amp;ssl=1 1536w, https:\/\/i0.wp.com\/idnu.ch\/wordpress\/wp-content\/uploads\/2025\/09\/schweden-20250730-2-Bearbeitet.jpg?resize=2048%2C1366&amp;ssl=1 2048w, https:\/\/i0.wp.com\/idnu.ch\/wordpress\/wp-content\/uploads\/2025\/09\/schweden-20250730-2-Bearbeitet.jpg?resize=150%2C100&amp;ssl=1 150w, https:\/\/i0.wp.com\/idnu.ch\/wordpress\/wp-content\/uploads\/2025\/09\/schweden-20250730-2-Bearbeitet.jpg?w=2250&amp;ssl=1 2250w\" width=\"497\" height=\"331\" loading=\"lazy\" data-original-width=\"497\" data-original-height=\"331\" itemprop=\"http:\/\/schema.org\/image\" title=\"\" alt=\"\" style=\"width: 497px; height: 331px;\" \/> <\/a> <\/div> <\/div> <!-- close group --> <div class=\"gallery-group images-2\" style=\"width: 249px; height: 335px;\" data-original-width=\"249\" data-original-height=\"335\" > <div class=\"tiled-gallery-item tiled-gallery-item-small\" itemprop=\"associatedMedia\" itemscope itemtype=\"http:\/\/schema.org\/ImageObject\"> <a href=\"https:\/\/idnu.ch\/wordpress\/entdeckungen-rund-um-goeteborg\/schweden-20250730-3-bearbeitet\/#main\" border=\"0\" itemprop=\"url\"> <meta itemprop=\"width\" content=\"245\"> <meta itemprop=\"height\" content=\"164\"> <img decoding=\"async\" class=\"\" data-attachment-id=\"28091\" data-orig-file=\"https:\/\/idnu.ch\/wordpress\/wp-content\/uploads\/2025\/09\/schweden-20250730-3-Bearbeitet.jpg\" data-orig-size=\"2500,1667\" data-comments-opened=\"1\" data-image-meta=\"{&quot;aperture&quot;:&quot;10&quot;,&quot;credit&quot;:&quot;Urs Kyburz&quot;,&quot;camera&quot;:&quot;Canon EOS 5D Mark IV&quot;,&quot;caption&quot;:&quot;&quot;,&quot;created_timestamp&quot;:&quot;1753859327&quot;,&quot;copyright&quot;:&quot;Copyright Urs Kyburz (2019)&quot;,&quot;focal_length&quot;:&quot;24&quot;,&quot;iso&quot;:&quot;100&quot;,&quot;shutter_speed&quot;:&quot;0.016666666666667&quot;,&quot;title&quot;:&quot;&quot;,&quot;orientation&quot;:&quot;0&quot;}\" data-image-title=\"\" data-image-description=\"\" data-medium-file=\"https:\/\/i0.wp.com\/idnu.ch\/wordpress\/wp-content\/uploads\/2025\/09\/schweden-20250730-3-Bearbeitet.jpg?fit=300%2C200&#038;ssl=1\" data-large-file=\"https:\/\/i0.wp.com\/idnu.ch\/wordpress\/wp-content\/uploads\/2025\/09\/schweden-20250730-3-Bearbeitet.jpg?fit=750%2C500&#038;ssl=1\" src=\"https:\/\/i0.wp.com\/idnu.ch\/wordpress\/wp-content\/uploads\/2025\/09\/schweden-20250730-3-Bearbeitet.jpg?w=245&#038;h=164&#038;ssl=1\" srcset=\"https:\/\/i0.wp.com\/idnu.ch\/wordpress\/wp-content\/uploads\/2025\/09\/schweden-20250730-3-Bearbeitet.jpg?w=2500&amp;ssl=1 2500w, https:\/\/i0.wp.com\/idnu.ch\/wordpress\/wp-content\/uploads\/2025\/09\/schweden-20250730-3-Bearbeitet.jpg?resize=300%2C200&amp;ssl=1 300w, https:\/\/i0.wp.com\/idnu.ch\/wordpress\/wp-content\/uploads\/2025\/09\/schweden-20250730-3-Bearbeitet.jpg?resize=1024%2C683&amp;ssl=1 1024w, https:\/\/i0.wp.com\/idnu.ch\/wordpress\/wp-content\/uploads\/2025\/09\/schweden-20250730-3-Bearbeitet.jpg?resize=768%2C512&amp;ssl=1 768w, https:\/\/i0.wp.com\/idnu.ch\/wordpress\/wp-content\/uploads\/2025\/09\/schweden-20250730-3-Bearbeitet.jpg?resize=1536%2C1024&amp;ssl=1 1536w, https:\/\/i0.wp.com\/idnu.ch\/wordpress\/wp-content\/uploads\/2025\/09\/schweden-20250730-3-Bearbeitet.jpg?resize=2048%2C1366&amp;ssl=1 2048w, https:\/\/i0.wp.com\/idnu.ch\/wordpress\/wp-content\/uploads\/2025\/09\/schweden-20250730-3-Bearbeitet.jpg?resize=150%2C100&amp;ssl=1 150w, https:\/\/i0.wp.com\/idnu.ch\/wordpress\/wp-content\/uploads\/2025\/09\/schweden-20250730-3-Bearbeitet.jpg?w=2250&amp;ssl=1 2250w\" width=\"245\" height=\"164\" loading=\"lazy\" data-original-width=\"245\" data-original-height=\"164\" itemprop=\"http:\/\/schema.org\/image\" title=\"\" alt=\"\" style=\"width: 245px; height: 164px;\" \/> <\/a> <\/div> <div class=\"tiled-gallery-item tiled-gallery-item-small\" itemprop=\"associatedMedia\" itemscope itemtype=\"http:\/\/schema.org\/ImageObject\"> <a href=\"https:\/\/idnu.ch\/wordpress\/entdeckungen-rund-um-goeteborg\/schweden-20250730-6-bearbeitet\/#main\" border=\"0\" itemprop=\"url\"> <meta itemprop=\"width\" content=\"245\"> <meta itemprop=\"height\" content=\"163\"> <img decoding=\"async\" class=\"\" data-attachment-id=\"28092\" data-orig-file=\"https:\/\/idnu.ch\/wordpress\/wp-content\/uploads\/2025\/09\/schweden-20250730-6-Bearbeitet.jpg\" data-orig-size=\"2500,1667\" data-comments-opened=\"1\" data-image-meta=\"{&quot;aperture&quot;:&quot;10&quot;,&quot;credit&quot;:&quot;Urs Kyburz&quot;,&quot;camera&quot;:&quot;Canon EOS 5D Mark IV&quot;,&quot;caption&quot;:&quot;&quot;,&quot;created_timestamp&quot;:&quot;1753859364&quot;,&quot;copyright&quot;:&quot;Copyright Urs Kyburz (2019)&quot;,&quot;focal_length&quot;:&quot;24&quot;,&quot;iso&quot;:&quot;100&quot;,&quot;shutter_speed&quot;:&quot;0.0125&quot;,&quot;title&quot;:&quot;&quot;,&quot;orientation&quot;:&quot;0&quot;}\" data-image-title=\"\" data-image-description=\"\" data-medium-file=\"https:\/\/i0.wp.com\/idnu.ch\/wordpress\/wp-content\/uploads\/2025\/09\/schweden-20250730-6-Bearbeitet.jpg?fit=300%2C200&#038;ssl=1\" data-large-file=\"https:\/\/i0.wp.com\/idnu.ch\/wordpress\/wp-content\/uploads\/2025\/09\/schweden-20250730-6-Bearbeitet.jpg?fit=750%2C500&#038;ssl=1\" src=\"https:\/\/i0.wp.com\/idnu.ch\/wordpress\/wp-content\/uploads\/2025\/09\/schweden-20250730-6-Bearbeitet.jpg?w=245&#038;h=163&#038;ssl=1\" srcset=\"https:\/\/i0.wp.com\/idnu.ch\/wordpress\/wp-content\/uploads\/2025\/09\/schweden-20250730-6-Bearbeitet.jpg?w=2500&amp;ssl=1 2500w, https:\/\/i0.wp.com\/idnu.ch\/wordpress\/wp-content\/uploads\/2025\/09\/schweden-20250730-6-Bearbeitet.jpg?resize=300%2C200&amp;ssl=1 300w, https:\/\/i0.wp.com\/idnu.ch\/wordpress\/wp-content\/uploads\/2025\/09\/schweden-20250730-6-Bearbeitet.jpg?resize=1024%2C683&amp;ssl=1 1024w, https:\/\/i0.wp.com\/idnu.ch\/wordpress\/wp-content\/uploads\/2025\/09\/schweden-20250730-6-Bearbeitet.jpg?resize=768%2C512&amp;ssl=1 768w, https:\/\/i0.wp.com\/idnu.ch\/wordpress\/wp-content\/uploads\/2025\/09\/schweden-20250730-6-Bearbeitet.jpg?resize=1536%2C1024&amp;ssl=1 1536w, https:\/\/i0.wp.com\/idnu.ch\/wordpress\/wp-content\/uploads\/2025\/09\/schweden-20250730-6-Bearbeitet.jpg?resize=2048%2C1366&amp;ssl=1 2048w, https:\/\/i0.wp.com\/idnu.ch\/wordpress\/wp-content\/uploads\/2025\/09\/schweden-20250730-6-Bearbeitet.jpg?resize=150%2C100&amp;ssl=1 150w, https:\/\/i0.wp.com\/idnu.ch\/wordpress\/wp-content\/uploads\/2025\/09\/schweden-20250730-6-Bearbeitet.jpg?w=2250&amp;ssl=1 2250w\" width=\"245\" height=\"163\" loading=\"lazy\" data-original-width=\"245\" data-original-height=\"163\" itemprop=\"http:\/\/schema.org\/image\" title=\"\" alt=\"\" style=\"width: 245px; height: 163px;\" \/> <\/a> <\/div> <\/div> <!-- close group --> <\/div> <!-- close row --> <\/div>\n<p>Wir gehen weiter auf dem Trampelpfad, der auch mitten durch eine Kuhherde f\u00fchrt. Ein Neunt\u00f6ter fliegt vor uns auf und verschwindet in einem Busch. Ein Abstecher ans Gew\u00e4sser bleibt erfolglos, wir sehen hier nicht mehr. Also gehen wir weiter, vorbei an einer bl\u00fctenreichen Brachfl\u00e4che, wo sich Schmetterlinge tummeln. Ein grosser Felsen verspricht Aussicht und Kraxelspass, den wir uns nat\u00fcrlich nicht entgehen lassen. Von dort oben sehen wir wieder nur Enten und Kormorane. Wir steigen wieder ab, gehen Richtung mehr weiter. Dort entdecken wir einen eleganten weissen Vogel: Eine Brandseeschwalbe! Diese haben wir letztes Jahr in der <a href=\"https:\/\/idnu.ch\/wordpress\/birds-for-nerds-in-der-camargue\/\" target=\"_blank\" rel=\"noopener\">Camargue<\/a> zum ersten Mal gesehen, wir freuen uns auch hier wieder \u00fcber Sichtung, diesmal sind sie im Prachtkleid.<\/p>\n<div class=\"tiled-gallery type-rectangular tiled-gallery-unresized\" data-original-width=\"750\" data-carousel-extra='{&quot;blog_id&quot;:1,&quot;permalink&quot;:&quot;https:\\\/\\\/idnu.ch\\\/wordpress\\\/entdeckungen-rund-um-goeteborg\\\/&quot;,&quot;likes_blog_id&quot;:100184974}' itemscope itemtype=\"http:\/\/schema.org\/ImageGallery\" > <div class=\"gallery-row\" style=\"width: 750px; height: 335px;\" data-original-width=\"750\" data-original-height=\"335\" > <div class=\"gallery-group images-1\" style=\"width: 501px; height: 335px;\" data-original-width=\"501\" data-original-height=\"335\" > <div class=\"tiled-gallery-item tiled-gallery-item-large\" itemprop=\"associatedMedia\" itemscope itemtype=\"http:\/\/schema.org\/ImageObject\"> <a href=\"https:\/\/idnu.ch\/wordpress\/entdeckungen-rund-um-goeteborg\/schweden-20250730-7-bearbeitet\/#main\" border=\"0\" itemprop=\"url\"> <meta itemprop=\"width\" content=\"497\"> <meta itemprop=\"height\" content=\"331\"> <img decoding=\"async\" class=\"\" data-attachment-id=\"28093\" data-orig-file=\"https:\/\/idnu.ch\/wordpress\/wp-content\/uploads\/2025\/09\/schweden-20250730-7-Bearbeitet.jpg\" data-orig-size=\"2500,1667\" data-comments-opened=\"1\" data-image-meta=\"{&quot;aperture&quot;:&quot;10&quot;,&quot;credit&quot;:&quot;Urs Kyburz&quot;,&quot;camera&quot;:&quot;Canon EOS 5D Mark IV&quot;,&quot;caption&quot;:&quot;&quot;,&quot;created_timestamp&quot;:&quot;1753863911&quot;,&quot;copyright&quot;:&quot;Copyright Urs Kyburz (2019)&quot;,&quot;focal_length&quot;:&quot;24&quot;,&quot;iso&quot;:&quot;100&quot;,&quot;shutter_speed&quot;:&quot;0.01&quot;,&quot;title&quot;:&quot;&quot;,&quot;orientation&quot;:&quot;0&quot;}\" data-image-title=\"Auf dem Felsen\" data-image-description=\"\" data-medium-file=\"https:\/\/i0.wp.com\/idnu.ch\/wordpress\/wp-content\/uploads\/2025\/09\/schweden-20250730-7-Bearbeitet.jpg?fit=300%2C200&#038;ssl=1\" data-large-file=\"https:\/\/i0.wp.com\/idnu.ch\/wordpress\/wp-content\/uploads\/2025\/09\/schweden-20250730-7-Bearbeitet.jpg?fit=750%2C500&#038;ssl=1\" src=\"https:\/\/i0.wp.com\/idnu.ch\/wordpress\/wp-content\/uploads\/2025\/09\/schweden-20250730-7-Bearbeitet.jpg?w=497&#038;h=331&#038;ssl=1\" srcset=\"https:\/\/i0.wp.com\/idnu.ch\/wordpress\/wp-content\/uploads\/2025\/09\/schweden-20250730-7-Bearbeitet.jpg?w=2500&amp;ssl=1 2500w, https:\/\/i0.wp.com\/idnu.ch\/wordpress\/wp-content\/uploads\/2025\/09\/schweden-20250730-7-Bearbeitet.jpg?resize=300%2C200&amp;ssl=1 300w, https:\/\/i0.wp.com\/idnu.ch\/wordpress\/wp-content\/uploads\/2025\/09\/schweden-20250730-7-Bearbeitet.jpg?resize=1024%2C683&amp;ssl=1 1024w, https:\/\/i0.wp.com\/idnu.ch\/wordpress\/wp-content\/uploads\/2025\/09\/schweden-20250730-7-Bearbeitet.jpg?resize=768%2C512&amp;ssl=1 768w, https:\/\/i0.wp.com\/idnu.ch\/wordpress\/wp-content\/uploads\/2025\/09\/schweden-20250730-7-Bearbeitet.jpg?resize=1536%2C1024&amp;ssl=1 1536w, https:\/\/i0.wp.com\/idnu.ch\/wordpress\/wp-content\/uploads\/2025\/09\/schweden-20250730-7-Bearbeitet.jpg?resize=2048%2C1366&amp;ssl=1 2048w, https:\/\/i0.wp.com\/idnu.ch\/wordpress\/wp-content\/uploads\/2025\/09\/schweden-20250730-7-Bearbeitet.jpg?resize=150%2C100&amp;ssl=1 150w, https:\/\/i0.wp.com\/idnu.ch\/wordpress\/wp-content\/uploads\/2025\/09\/schweden-20250730-7-Bearbeitet.jpg?w=2250&amp;ssl=1 2250w\" width=\"497\" height=\"331\" loading=\"lazy\" data-original-width=\"497\" data-original-height=\"331\" itemprop=\"http:\/\/schema.org\/image\" title=\"Auf dem Felsen\" alt=\"Auf dem Felsen\" style=\"width: 497px; height: 331px;\" \/> <\/a> <div class=\"tiled-gallery-caption\" itemprop=\"caption description\"> Auf dem Felsen <\/div> <\/div> <\/div> <!-- close group --> <div class=\"gallery-group images-2\" style=\"width: 249px; height: 335px;\" data-original-width=\"249\" data-original-height=\"335\" > <div class=\"tiled-gallery-item tiled-gallery-item-small\" itemprop=\"associatedMedia\" itemscope itemtype=\"http:\/\/schema.org\/ImageObject\"> <a href=\"https:\/\/idnu.ch\/wordpress\/entdeckungen-rund-um-goeteborg\/schweden-20250730-14-bearbeitet\/#main\" border=\"0\" itemprop=\"url\"> <meta itemprop=\"width\" content=\"245\"> <meta itemprop=\"height\" content=\"164\"> <img decoding=\"async\" class=\"\" data-attachment-id=\"28094\" data-orig-file=\"https:\/\/idnu.ch\/wordpress\/wp-content\/uploads\/2025\/09\/schweden-20250730-14-Bearbeitet.jpg\" data-orig-size=\"2500,1667\" data-comments-opened=\"1\" data-image-meta=\"{&quot;aperture&quot;:&quot;10&quot;,&quot;credit&quot;:&quot;Urs Kyburz&quot;,&quot;camera&quot;:&quot;Canon EOS R6m2&quot;,&quot;caption&quot;:&quot;&quot;,&quot;created_timestamp&quot;:&quot;1753865355&quot;,&quot;copyright&quot;:&quot;All rights reserved&quot;,&quot;focal_length&quot;:&quot;700&quot;,&quot;iso&quot;:&quot;5000&quot;,&quot;shutter_speed&quot;:&quot;0.00025&quot;,&quot;title&quot;:&quot;&quot;,&quot;orientation&quot;:&quot;0&quot;}\" data-image-title=\"Die Brandseeschwalbe\" data-image-description=\"\" data-medium-file=\"https:\/\/i0.wp.com\/idnu.ch\/wordpress\/wp-content\/uploads\/2025\/09\/schweden-20250730-14-Bearbeitet.jpg?fit=300%2C200&#038;ssl=1\" data-large-file=\"https:\/\/i0.wp.com\/idnu.ch\/wordpress\/wp-content\/uploads\/2025\/09\/schweden-20250730-14-Bearbeitet.jpg?fit=750%2C500&#038;ssl=1\" src=\"https:\/\/i0.wp.com\/idnu.ch\/wordpress\/wp-content\/uploads\/2025\/09\/schweden-20250730-14-Bearbeitet.jpg?w=245&#038;h=164&#038;ssl=1\" srcset=\"https:\/\/i0.wp.com\/idnu.ch\/wordpress\/wp-content\/uploads\/2025\/09\/schweden-20250730-14-Bearbeitet.jpg?w=2500&amp;ssl=1 2500w, https:\/\/i0.wp.com\/idnu.ch\/wordpress\/wp-content\/uploads\/2025\/09\/schweden-20250730-14-Bearbeitet.jpg?resize=300%2C200&amp;ssl=1 300w, https:\/\/i0.wp.com\/idnu.ch\/wordpress\/wp-content\/uploads\/2025\/09\/schweden-20250730-14-Bearbeitet.jpg?resize=1024%2C683&amp;ssl=1 1024w, https:\/\/i0.wp.com\/idnu.ch\/wordpress\/wp-content\/uploads\/2025\/09\/schweden-20250730-14-Bearbeitet.jpg?resize=768%2C512&amp;ssl=1 768w, https:\/\/i0.wp.com\/idnu.ch\/wordpress\/wp-content\/uploads\/2025\/09\/schweden-20250730-14-Bearbeitet.jpg?resize=1536%2C1024&amp;ssl=1 1536w, https:\/\/i0.wp.com\/idnu.ch\/wordpress\/wp-content\/uploads\/2025\/09\/schweden-20250730-14-Bearbeitet.jpg?resize=2048%2C1366&amp;ssl=1 2048w, https:\/\/i0.wp.com\/idnu.ch\/wordpress\/wp-content\/uploads\/2025\/09\/schweden-20250730-14-Bearbeitet.jpg?resize=150%2C100&amp;ssl=1 150w, https:\/\/i0.wp.com\/idnu.ch\/wordpress\/wp-content\/uploads\/2025\/09\/schweden-20250730-14-Bearbeitet.jpg?w=2250&amp;ssl=1 2250w\" width=\"245\" height=\"164\" loading=\"lazy\" data-original-width=\"245\" data-original-height=\"164\" itemprop=\"http:\/\/schema.org\/image\" title=\"Die Brandseeschwalbe\" alt=\"Die Brandseeschwalbe\" style=\"width: 245px; height: 164px;\" \/> <\/a> <div class=\"tiled-gallery-caption\" itemprop=\"caption description\"> Die Brandseeschwalbe <\/div> <\/div> <div class=\"tiled-gallery-item tiled-gallery-item-small\" itemprop=\"associatedMedia\" itemscope itemtype=\"http:\/\/schema.org\/ImageObject\"> <a href=\"https:\/\/idnu.ch\/wordpress\/entdeckungen-rund-um-goeteborg\/schweden-20250730-18-bearbeitet\/#main\" border=\"0\" itemprop=\"url\"> <meta itemprop=\"width\" content=\"245\"> <meta itemprop=\"height\" content=\"163\"> <img decoding=\"async\" class=\"\" data-attachment-id=\"28095\" data-orig-file=\"https:\/\/idnu.ch\/wordpress\/wp-content\/uploads\/2025\/09\/schweden-20250730-18-Bearbeitet.jpg\" data-orig-size=\"2500,1667\" data-comments-opened=\"1\" data-image-meta=\"{&quot;aperture&quot;:&quot;10&quot;,&quot;credit&quot;:&quot;Urs Kyburz&quot;,&quot;camera&quot;:&quot;Canon EOS R6m2&quot;,&quot;caption&quot;:&quot;&quot;,&quot;created_timestamp&quot;:&quot;1753865355&quot;,&quot;copyright&quot;:&quot;All rights reserved&quot;,&quot;focal_length&quot;:&quot;700&quot;,&quot;iso&quot;:&quot;5000&quot;,&quot;shutter_speed&quot;:&quot;0.00025&quot;,&quot;title&quot;:&quot;&quot;,&quot;orientation&quot;:&quot;0&quot;}\" data-image-title=\"\" data-image-description=\"\" data-medium-file=\"https:\/\/i0.wp.com\/idnu.ch\/wordpress\/wp-content\/uploads\/2025\/09\/schweden-20250730-18-Bearbeitet.jpg?fit=300%2C200&#038;ssl=1\" data-large-file=\"https:\/\/i0.wp.com\/idnu.ch\/wordpress\/wp-content\/uploads\/2025\/09\/schweden-20250730-18-Bearbeitet.jpg?fit=750%2C500&#038;ssl=1\" src=\"https:\/\/i0.wp.com\/idnu.ch\/wordpress\/wp-content\/uploads\/2025\/09\/schweden-20250730-18-Bearbeitet.jpg?w=245&#038;h=163&#038;ssl=1\" srcset=\"https:\/\/i0.wp.com\/idnu.ch\/wordpress\/wp-content\/uploads\/2025\/09\/schweden-20250730-18-Bearbeitet.jpg?w=2500&amp;ssl=1 2500w, https:\/\/i0.wp.com\/idnu.ch\/wordpress\/wp-content\/uploads\/2025\/09\/schweden-20250730-18-Bearbeitet.jpg?resize=300%2C200&amp;ssl=1 300w, https:\/\/i0.wp.com\/idnu.ch\/wordpress\/wp-content\/uploads\/2025\/09\/schweden-20250730-18-Bearbeitet.jpg?resize=1024%2C683&amp;ssl=1 1024w, https:\/\/i0.wp.com\/idnu.ch\/wordpress\/wp-content\/uploads\/2025\/09\/schweden-20250730-18-Bearbeitet.jpg?resize=768%2C512&amp;ssl=1 768w, https:\/\/i0.wp.com\/idnu.ch\/wordpress\/wp-content\/uploads\/2025\/09\/schweden-20250730-18-Bearbeitet.jpg?resize=1536%2C1024&amp;ssl=1 1536w, https:\/\/i0.wp.com\/idnu.ch\/wordpress\/wp-content\/uploads\/2025\/09\/schweden-20250730-18-Bearbeitet.jpg?resize=2048%2C1366&amp;ssl=1 2048w, https:\/\/i0.wp.com\/idnu.ch\/wordpress\/wp-content\/uploads\/2025\/09\/schweden-20250730-18-Bearbeitet.jpg?resize=150%2C100&amp;ssl=1 150w, https:\/\/i0.wp.com\/idnu.ch\/wordpress\/wp-content\/uploads\/2025\/09\/schweden-20250730-18-Bearbeitet.jpg?w=2250&amp;ssl=1 2250w\" width=\"245\" height=\"163\" loading=\"lazy\" data-original-width=\"245\" data-original-height=\"163\" itemprop=\"http:\/\/schema.org\/image\" title=\"\" alt=\"\" style=\"width: 245px; height: 163px;\" \/> <\/a> <\/div> <\/div> <!-- close group --> <\/div> <!-- close row --> <div class=\"gallery-row\" style=\"width: 750px; height: 501px;\" data-original-width=\"750\" data-original-height=\"501\" > <div class=\"gallery-group images-1\" style=\"width: 750px; height: 501px;\" data-original-width=\"750\" data-original-height=\"501\" > <div class=\"tiled-gallery-item tiled-gallery-item-large\" itemprop=\"associatedMedia\" itemscope itemtype=\"http:\/\/schema.org\/ImageObject\"> <a href=\"https:\/\/idnu.ch\/wordpress\/entdeckungen-rund-um-goeteborg\/schweden-20250730-29-bearbeitet\/#main\" border=\"0\" itemprop=\"url\"> <meta itemprop=\"width\" content=\"746\"> <meta itemprop=\"height\" content=\"497\"> <img decoding=\"async\" class=\"\" data-attachment-id=\"28096\" data-orig-file=\"https:\/\/idnu.ch\/wordpress\/wp-content\/uploads\/2025\/09\/schweden-20250730-29-Bearbeitet.jpg\" data-orig-size=\"2500,1667\" data-comments-opened=\"1\" data-image-meta=\"{&quot;aperture&quot;:&quot;11&quot;,&quot;credit&quot;:&quot;Urs Kyburz&quot;,&quot;camera&quot;:&quot;Canon EOS R6m2&quot;,&quot;caption&quot;:&quot;&quot;,&quot;created_timestamp&quot;:&quot;1753865357&quot;,&quot;copyright&quot;:&quot;All rights reserved&quot;,&quot;focal_length&quot;:&quot;700&quot;,&quot;iso&quot;:&quot;5000&quot;,&quot;shutter_speed&quot;:&quot;0.00025&quot;,&quot;title&quot;:&quot;&quot;,&quot;orientation&quot;:&quot;0&quot;}\" data-image-title=\"\" data-image-description=\"\" data-medium-file=\"https:\/\/i0.wp.com\/idnu.ch\/wordpress\/wp-content\/uploads\/2025\/09\/schweden-20250730-29-Bearbeitet.jpg?fit=300%2C200&#038;ssl=1\" data-large-file=\"https:\/\/i0.wp.com\/idnu.ch\/wordpress\/wp-content\/uploads\/2025\/09\/schweden-20250730-29-Bearbeitet.jpg?fit=750%2C500&#038;ssl=1\" src=\"https:\/\/i0.wp.com\/idnu.ch\/wordpress\/wp-content\/uploads\/2025\/09\/schweden-20250730-29-Bearbeitet.jpg?w=746&#038;h=497&#038;ssl=1\" srcset=\"https:\/\/i0.wp.com\/idnu.ch\/wordpress\/wp-content\/uploads\/2025\/09\/schweden-20250730-29-Bearbeitet.jpg?w=2500&amp;ssl=1 2500w, https:\/\/i0.wp.com\/idnu.ch\/wordpress\/wp-content\/uploads\/2025\/09\/schweden-20250730-29-Bearbeitet.jpg?resize=300%2C200&amp;ssl=1 300w, https:\/\/i0.wp.com\/idnu.ch\/wordpress\/wp-content\/uploads\/2025\/09\/schweden-20250730-29-Bearbeitet.jpg?resize=1024%2C683&amp;ssl=1 1024w, https:\/\/i0.wp.com\/idnu.ch\/wordpress\/wp-content\/uploads\/2025\/09\/schweden-20250730-29-Bearbeitet.jpg?resize=768%2C512&amp;ssl=1 768w, https:\/\/i0.wp.com\/idnu.ch\/wordpress\/wp-content\/uploads\/2025\/09\/schweden-20250730-29-Bearbeitet.jpg?resize=1536%2C1024&amp;ssl=1 1536w, https:\/\/i0.wp.com\/idnu.ch\/wordpress\/wp-content\/uploads\/2025\/09\/schweden-20250730-29-Bearbeitet.jpg?resize=2048%2C1366&amp;ssl=1 2048w, https:\/\/i0.wp.com\/idnu.ch\/wordpress\/wp-content\/uploads\/2025\/09\/schweden-20250730-29-Bearbeitet.jpg?resize=150%2C100&amp;ssl=1 150w, https:\/\/i0.wp.com\/idnu.ch\/wordpress\/wp-content\/uploads\/2025\/09\/schweden-20250730-29-Bearbeitet.jpg?w=2250&amp;ssl=1 2250w\" width=\"746\" height=\"497\" loading=\"lazy\" data-original-width=\"746\" data-original-height=\"497\" itemprop=\"http:\/\/schema.org\/image\" title=\"\" alt=\"\" style=\"width: 746px; height: 497px;\" \/> <\/a> <\/div> <\/div> <!-- close group --> <\/div> <!-- close row --> <\/div>\n<p>Wir gelangen an ein grosses Becken mit viel Kiesfl\u00e4che, das relativ neu aussieht. Das scheint der interessanteste Part zu sein, es sind noch andere Birder da. Sturm- und Lachm\u00f6wen tummeln sich da, aber auch wieder Brandseeschwalben. Auch ein Rotschenkel und ein <a href=\"https:\/\/idnu.ch\/wordpress\/im-schwarm-unterwegs-der-alpenstrandlaeufer\/\">Alpenstrandl\u00e4ufer<\/a> halten sich unter ihnen auf. Am Wasserrand wuselt ein Federb\u00e4llchen umher, ein kleiner Sandregenpfeifer, der Altvogel tummelt sich in der N\u00e4he. Pl\u00f6tzlich ein ein schwarz-weisser Vogel angeflogen, ein S\u00e4belschn\u00e4bler.<\/p>\n<div class=\"tiled-gallery type-rectangular tiled-gallery-unresized\" data-original-width=\"750\" data-carousel-extra='{&quot;blog_id&quot;:1,&quot;permalink&quot;:&quot;https:\\\/\\\/idnu.ch\\\/wordpress\\\/entdeckungen-rund-um-goeteborg\\\/&quot;,&quot;likes_blog_id&quot;:100184974}' itemscope itemtype=\"http:\/\/schema.org\/ImageGallery\" > <div class=\"gallery-row\" style=\"width: 750px; height: 335px;\" data-original-width=\"750\" data-original-height=\"335\" > <div class=\"gallery-group images-1\" style=\"width: 501px; height: 335px;\" data-original-width=\"501\" data-original-height=\"335\" > <div class=\"tiled-gallery-item tiled-gallery-item-large\" itemprop=\"associatedMedia\" itemscope itemtype=\"http:\/\/schema.org\/ImageObject\"> <a href=\"https:\/\/idnu.ch\/wordpress\/entdeckungen-rund-um-goeteborg\/schweden-20250730-69-bearbeitet\/#main\" border=\"0\" itemprop=\"url\"> <meta itemprop=\"width\" content=\"497\"> <meta itemprop=\"height\" content=\"331\"> <img decoding=\"async\" class=\"\" data-attachment-id=\"28097\" data-orig-file=\"https:\/\/idnu.ch\/wordpress\/wp-content\/uploads\/2025\/09\/schweden-20250730-69-Bearbeitet.jpg\" data-orig-size=\"2500,1667\" data-comments-opened=\"1\" data-image-meta=\"{&quot;aperture&quot;:&quot;10&quot;,&quot;credit&quot;:&quot;Urs Kyburz&quot;,&quot;camera&quot;:&quot;Canon EOS R6m2&quot;,&quot;caption&quot;:&quot;&quot;,&quot;created_timestamp&quot;:&quot;1753868151&quot;,&quot;copyright&quot;:&quot;All rights reserved&quot;,&quot;focal_length&quot;:&quot;700&quot;,&quot;iso&quot;:&quot;1600&quot;,&quot;shutter_speed&quot;:&quot;0.00025&quot;,&quot;title&quot;:&quot;&quot;,&quot;orientation&quot;:&quot;0&quot;}\" data-image-title=\"Ein kleiner Sandregenpfeifer\" data-image-description=\"\" data-medium-file=\"https:\/\/i0.wp.com\/idnu.ch\/wordpress\/wp-content\/uploads\/2025\/09\/schweden-20250730-69-Bearbeitet.jpg?fit=300%2C200&#038;ssl=1\" data-large-file=\"https:\/\/i0.wp.com\/idnu.ch\/wordpress\/wp-content\/uploads\/2025\/09\/schweden-20250730-69-Bearbeitet.jpg?fit=750%2C500&#038;ssl=1\" src=\"https:\/\/i0.wp.com\/idnu.ch\/wordpress\/wp-content\/uploads\/2025\/09\/schweden-20250730-69-Bearbeitet.jpg?w=497&#038;h=331&#038;ssl=1\" srcset=\"https:\/\/i0.wp.com\/idnu.ch\/wordpress\/wp-content\/uploads\/2025\/09\/schweden-20250730-69-Bearbeitet.jpg?w=2500&amp;ssl=1 2500w, https:\/\/i0.wp.com\/idnu.ch\/wordpress\/wp-content\/uploads\/2025\/09\/schweden-20250730-69-Bearbeitet.jpg?resize=300%2C200&amp;ssl=1 300w, https:\/\/i0.wp.com\/idnu.ch\/wordpress\/wp-content\/uploads\/2025\/09\/schweden-20250730-69-Bearbeitet.jpg?resize=1024%2C683&amp;ssl=1 1024w, https:\/\/i0.wp.com\/idnu.ch\/wordpress\/wp-content\/uploads\/2025\/09\/schweden-20250730-69-Bearbeitet.jpg?resize=768%2C512&amp;ssl=1 768w, https:\/\/i0.wp.com\/idnu.ch\/wordpress\/wp-content\/uploads\/2025\/09\/schweden-20250730-69-Bearbeitet.jpg?resize=1536%2C1024&amp;ssl=1 1536w, https:\/\/i0.wp.com\/idnu.ch\/wordpress\/wp-content\/uploads\/2025\/09\/schweden-20250730-69-Bearbeitet.jpg?resize=2048%2C1366&amp;ssl=1 2048w, https:\/\/i0.wp.com\/idnu.ch\/wordpress\/wp-content\/uploads\/2025\/09\/schweden-20250730-69-Bearbeitet.jpg?resize=150%2C100&amp;ssl=1 150w, https:\/\/i0.wp.com\/idnu.ch\/wordpress\/wp-content\/uploads\/2025\/09\/schweden-20250730-69-Bearbeitet.jpg?w=2250&amp;ssl=1 2250w\" width=\"497\" height=\"331\" loading=\"lazy\" data-original-width=\"497\" data-original-height=\"331\" itemprop=\"http:\/\/schema.org\/image\" title=\"Ein kleiner Sandregenpfeifer\" alt=\"Ein kleiner Sandregenpfeifer\" style=\"width: 497px; height: 331px;\" \/> <\/a> <div class=\"tiled-gallery-caption\" itemprop=\"caption description\"> Ein kleiner Sandregenpfeifer <\/div> <\/div> <\/div> <!-- close group --> <div class=\"gallery-group images-2\" style=\"width: 249px; height: 335px;\" data-original-width=\"249\" data-original-height=\"335\" > <div class=\"tiled-gallery-item tiled-gallery-item-small\" itemprop=\"associatedMedia\" itemscope itemtype=\"http:\/\/schema.org\/ImageObject\"> <a href=\"https:\/\/idnu.ch\/wordpress\/entdeckungen-rund-um-goeteborg\/schweden-20250730-82-bearbeitet\/#main\" border=\"0\" itemprop=\"url\"> <meta itemprop=\"width\" content=\"245\"> <meta itemprop=\"height\" content=\"164\"> <img decoding=\"async\" class=\"\" data-attachment-id=\"28099\" data-orig-file=\"https:\/\/idnu.ch\/wordpress\/wp-content\/uploads\/2025\/09\/schweden-20250730-82-Bearbeitet.jpg\" data-orig-size=\"2500,1667\" data-comments-opened=\"1\" data-image-meta=\"{&quot;aperture&quot;:&quot;10&quot;,&quot;credit&quot;:&quot;Urs Kyburz&quot;,&quot;camera&quot;:&quot;Canon EOS R6m2&quot;,&quot;caption&quot;:&quot;&quot;,&quot;created_timestamp&quot;:&quot;1753869213&quot;,&quot;copyright&quot;:&quot;All rights reserved&quot;,&quot;focal_length&quot;:&quot;700&quot;,&quot;iso&quot;:&quot;1600&quot;,&quot;shutter_speed&quot;:&quot;0.00025&quot;,&quot;title&quot;:&quot;&quot;,&quot;orientation&quot;:&quot;0&quot;}\" data-image-title=\"Ein adulter Sandregenpfeifer\" data-image-description=\"\" data-medium-file=\"https:\/\/i0.wp.com\/idnu.ch\/wordpress\/wp-content\/uploads\/2025\/09\/schweden-20250730-82-Bearbeitet.jpg?fit=300%2C200&#038;ssl=1\" data-large-file=\"https:\/\/i0.wp.com\/idnu.ch\/wordpress\/wp-content\/uploads\/2025\/09\/schweden-20250730-82-Bearbeitet.jpg?fit=750%2C500&#038;ssl=1\" src=\"https:\/\/i0.wp.com\/idnu.ch\/wordpress\/wp-content\/uploads\/2025\/09\/schweden-20250730-82-Bearbeitet.jpg?w=245&#038;h=164&#038;ssl=1\" srcset=\"https:\/\/i0.wp.com\/idnu.ch\/wordpress\/wp-content\/uploads\/2025\/09\/schweden-20250730-82-Bearbeitet.jpg?w=2500&amp;ssl=1 2500w, https:\/\/i0.wp.com\/idnu.ch\/wordpress\/wp-content\/uploads\/2025\/09\/schweden-20250730-82-Bearbeitet.jpg?resize=300%2C200&amp;ssl=1 300w, https:\/\/i0.wp.com\/idnu.ch\/wordpress\/wp-content\/uploads\/2025\/09\/schweden-20250730-82-Bearbeitet.jpg?resize=1024%2C683&amp;ssl=1 1024w, https:\/\/i0.wp.com\/idnu.ch\/wordpress\/wp-content\/uploads\/2025\/09\/schweden-20250730-82-Bearbeitet.jpg?resize=768%2C512&amp;ssl=1 768w, https:\/\/i0.wp.com\/idnu.ch\/wordpress\/wp-content\/uploads\/2025\/09\/schweden-20250730-82-Bearbeitet.jpg?resize=1536%2C1024&amp;ssl=1 1536w, https:\/\/i0.wp.com\/idnu.ch\/wordpress\/wp-content\/uploads\/2025\/09\/schweden-20250730-82-Bearbeitet.jpg?resize=2048%2C1366&amp;ssl=1 2048w, https:\/\/i0.wp.com\/idnu.ch\/wordpress\/wp-content\/uploads\/2025\/09\/schweden-20250730-82-Bearbeitet.jpg?resize=150%2C100&amp;ssl=1 150w, https:\/\/i0.wp.com\/idnu.ch\/wordpress\/wp-content\/uploads\/2025\/09\/schweden-20250730-82-Bearbeitet.jpg?w=2250&amp;ssl=1 2250w\" width=\"245\" height=\"164\" loading=\"lazy\" data-original-width=\"245\" data-original-height=\"164\" itemprop=\"http:\/\/schema.org\/image\" title=\"Ein adulter Sandregenpfeifer\" alt=\"Ein adulter Sandregenpfeifer\" style=\"width: 245px; height: 164px;\" \/> <\/a> <div class=\"tiled-gallery-caption\" itemprop=\"caption description\"> Ein adulter Sandregenpfeifer <\/div> <\/div> <div class=\"tiled-gallery-item tiled-gallery-item-small\" itemprop=\"associatedMedia\" itemscope itemtype=\"http:\/\/schema.org\/ImageObject\"> <a href=\"https:\/\/idnu.ch\/wordpress\/entdeckungen-rund-um-goeteborg\/schweden-20250730-72-bearbeitet\/#main\" border=\"0\" itemprop=\"url\"> <meta itemprop=\"width\" content=\"245\"> <meta itemprop=\"height\" content=\"163\"> <img decoding=\"async\" class=\"\" data-attachment-id=\"28098\" data-orig-file=\"https:\/\/idnu.ch\/wordpress\/wp-content\/uploads\/2025\/09\/schweden-20250730-72-Bearbeitet.jpg\" data-orig-size=\"2500,1666\" data-comments-opened=\"1\" data-image-meta=\"{&quot;aperture&quot;:&quot;10&quot;,&quot;credit&quot;:&quot;Urs Kyburz&quot;,&quot;camera&quot;:&quot;Canon EOS R6m2&quot;,&quot;caption&quot;:&quot;&quot;,&quot;created_timestamp&quot;:&quot;1753868872&quot;,&quot;copyright&quot;:&quot;All rights reserved&quot;,&quot;focal_length&quot;:&quot;700&quot;,&quot;iso&quot;:&quot;1600&quot;,&quot;shutter_speed&quot;:&quot;0.00025&quot;,&quot;title&quot;:&quot;&quot;,&quot;orientation&quot;:&quot;0&quot;}\" data-image-title=\"S\u00e4belschn\u00e4bler\" data-image-description=\"\" data-medium-file=\"https:\/\/i0.wp.com\/idnu.ch\/wordpress\/wp-content\/uploads\/2025\/09\/schweden-20250730-72-Bearbeitet.jpg?fit=300%2C200&#038;ssl=1\" data-large-file=\"https:\/\/i0.wp.com\/idnu.ch\/wordpress\/wp-content\/uploads\/2025\/09\/schweden-20250730-72-Bearbeitet.jpg?fit=750%2C500&#038;ssl=1\" src=\"https:\/\/i0.wp.com\/idnu.ch\/wordpress\/wp-content\/uploads\/2025\/09\/schweden-20250730-72-Bearbeitet.jpg?w=245&#038;h=163&#038;ssl=1\" srcset=\"https:\/\/i0.wp.com\/idnu.ch\/wordpress\/wp-content\/uploads\/2025\/09\/schweden-20250730-72-Bearbeitet.jpg?w=2500&amp;ssl=1 2500w, https:\/\/i0.wp.com\/idnu.ch\/wordpress\/wp-content\/uploads\/2025\/09\/schweden-20250730-72-Bearbeitet.jpg?resize=300%2C200&amp;ssl=1 300w, https:\/\/i0.wp.com\/idnu.ch\/wordpress\/wp-content\/uploads\/2025\/09\/schweden-20250730-72-Bearbeitet.jpg?resize=1024%2C682&amp;ssl=1 1024w, https:\/\/i0.wp.com\/idnu.ch\/wordpress\/wp-content\/uploads\/2025\/09\/schweden-20250730-72-Bearbeitet.jpg?resize=768%2C512&amp;ssl=1 768w, https:\/\/i0.wp.com\/idnu.ch\/wordpress\/wp-content\/uploads\/2025\/09\/schweden-20250730-72-Bearbeitet.jpg?resize=1536%2C1024&amp;ssl=1 1536w, https:\/\/i0.wp.com\/idnu.ch\/wordpress\/wp-content\/uploads\/2025\/09\/schweden-20250730-72-Bearbeitet.jpg?resize=2048%2C1365&amp;ssl=1 2048w, https:\/\/i0.wp.com\/idnu.ch\/wordpress\/wp-content\/uploads\/2025\/09\/schweden-20250730-72-Bearbeitet.jpg?resize=150%2C100&amp;ssl=1 150w, https:\/\/i0.wp.com\/idnu.ch\/wordpress\/wp-content\/uploads\/2025\/09\/schweden-20250730-72-Bearbeitet.jpg?w=2250&amp;ssl=1 2250w\" width=\"245\" height=\"163\" loading=\"lazy\" data-original-width=\"245\" data-original-height=\"163\" itemprop=\"http:\/\/schema.org\/image\" title=\"S\u00e4belschn\u00e4bler\" alt=\"S\u00e4belschn\u00e4bler\" style=\"width: 245px; height: 163px;\" \/> <\/a> <div class=\"tiled-gallery-caption\" itemprop=\"caption description\"> S\u00e4belschn\u00e4bler <\/div> <\/div> <\/div> <!-- close group --> <\/div> <!-- close row --> <div class=\"gallery-row\" style=\"width: 750px; height: 346px;\" data-original-width=\"750\" data-original-height=\"346\" > <div class=\"gallery-group images-1\" style=\"width: 518px; height: 346px;\" data-original-width=\"518\" data-original-height=\"346\" > <div class=\"tiled-gallery-item tiled-gallery-item-large\" itemprop=\"associatedMedia\" itemscope itemtype=\"http:\/\/schema.org\/ImageObject\"> <a href=\"https:\/\/idnu.ch\/wordpress\/entdeckungen-rund-um-goeteborg\/schweden-20250730-98-bearbeitet\/#main\" border=\"0\" itemprop=\"url\"> <meta itemprop=\"width\" content=\"514\"> <meta itemprop=\"height\" content=\"342\"> <img decoding=\"async\" class=\"\" data-attachment-id=\"28100\" data-orig-file=\"https:\/\/idnu.ch\/wordpress\/wp-content\/uploads\/2025\/09\/schweden-20250730-98-Bearbeitet.jpg\" data-orig-size=\"2500,1666\" data-comments-opened=\"1\" data-image-meta=\"{&quot;aperture&quot;:&quot;11&quot;,&quot;credit&quot;:&quot;Urs Kyburz&quot;,&quot;camera&quot;:&quot;Canon EOS R6m2&quot;,&quot;caption&quot;:&quot;&quot;,&quot;created_timestamp&quot;:&quot;1753870710&quot;,&quot;copyright&quot;:&quot;All rights reserved&quot;,&quot;focal_length&quot;:&quot;700&quot;,&quot;iso&quot;:&quot;2500&quot;,&quot;shutter_speed&quot;:&quot;0.00025&quot;,&quot;title&quot;:&quot;&quot;,&quot;orientation&quot;:&quot;0&quot;}\" data-image-title=\"Tagpfauenauge\" data-image-description=\"\" data-medium-file=\"https:\/\/i0.wp.com\/idnu.ch\/wordpress\/wp-content\/uploads\/2025\/09\/schweden-20250730-98-Bearbeitet.jpg?fit=300%2C200&#038;ssl=1\" data-large-file=\"https:\/\/i0.wp.com\/idnu.ch\/wordpress\/wp-content\/uploads\/2025\/09\/schweden-20250730-98-Bearbeitet.jpg?fit=750%2C500&#038;ssl=1\" src=\"https:\/\/i0.wp.com\/idnu.ch\/wordpress\/wp-content\/uploads\/2025\/09\/schweden-20250730-98-Bearbeitet.jpg?w=514&#038;h=342&#038;ssl=1\" srcset=\"https:\/\/i0.wp.com\/idnu.ch\/wordpress\/wp-content\/uploads\/2025\/09\/schweden-20250730-98-Bearbeitet.jpg?w=2500&amp;ssl=1 2500w, https:\/\/i0.wp.com\/idnu.ch\/wordpress\/wp-content\/uploads\/2025\/09\/schweden-20250730-98-Bearbeitet.jpg?resize=300%2C200&amp;ssl=1 300w, https:\/\/i0.wp.com\/idnu.ch\/wordpress\/wp-content\/uploads\/2025\/09\/schweden-20250730-98-Bearbeitet.jpg?resize=1024%2C682&amp;ssl=1 1024w, https:\/\/i0.wp.com\/idnu.ch\/wordpress\/wp-content\/uploads\/2025\/09\/schweden-20250730-98-Bearbeitet.jpg?resize=768%2C512&amp;ssl=1 768w, https:\/\/i0.wp.com\/idnu.ch\/wordpress\/wp-content\/uploads\/2025\/09\/schweden-20250730-98-Bearbeitet.jpg?resize=1536%2C1024&amp;ssl=1 1536w, https:\/\/i0.wp.com\/idnu.ch\/wordpress\/wp-content\/uploads\/2025\/09\/schweden-20250730-98-Bearbeitet.jpg?resize=2048%2C1365&amp;ssl=1 2048w, https:\/\/i0.wp.com\/idnu.ch\/wordpress\/wp-content\/uploads\/2025\/09\/schweden-20250730-98-Bearbeitet.jpg?resize=150%2C100&amp;ssl=1 150w, https:\/\/i0.wp.com\/idnu.ch\/wordpress\/wp-content\/uploads\/2025\/09\/schweden-20250730-98-Bearbeitet.jpg?w=2250&amp;ssl=1 2250w\" width=\"514\" height=\"342\" loading=\"lazy\" data-original-width=\"514\" data-original-height=\"342\" itemprop=\"http:\/\/schema.org\/image\" title=\"Tagpfauenauge\" alt=\"Tagpfauenauge\" style=\"width: 514px; height: 342px;\" \/> <\/a> <div class=\"tiled-gallery-caption\" itemprop=\"caption description\"> Tagpfauenauge <\/div> <\/div> <\/div> <!-- close group --> <div class=\"gallery-group images-1\" style=\"width: 232px; height: 346px;\" data-original-width=\"232\" data-original-height=\"346\" > <div class=\"tiled-gallery-item tiled-gallery-item-small\" itemprop=\"associatedMedia\" itemscope itemtype=\"http:\/\/schema.org\/ImageObject\"> <a href=\"https:\/\/idnu.ch\/wordpress\/entdeckungen-rund-um-goeteborg\/schweden-20250730-107-bearbeitet\/#main\" border=\"0\" itemprop=\"url\"> <meta itemprop=\"width\" content=\"228\"> <meta itemprop=\"height\" content=\"342\"> <img decoding=\"async\" class=\"\" data-attachment-id=\"28101\" data-orig-file=\"https:\/\/idnu.ch\/wordpress\/wp-content\/uploads\/2025\/09\/schweden-20250730-107-Bearbeitet.jpg\" data-orig-size=\"1667,2500\" data-comments-opened=\"1\" data-image-meta=\"{&quot;aperture&quot;:&quot;11&quot;,&quot;credit&quot;:&quot;Urs Kyburz&quot;,&quot;camera&quot;:&quot;Canon EOS R6m2&quot;,&quot;caption&quot;:&quot;&quot;,&quot;created_timestamp&quot;:&quot;1753870768&quot;,&quot;copyright&quot;:&quot;All rights reserved&quot;,&quot;focal_length&quot;:&quot;700&quot;,&quot;iso&quot;:&quot;2500&quot;,&quot;shutter_speed&quot;:&quot;0.00025&quot;,&quot;title&quot;:&quot;&quot;,&quot;orientation&quot;:&quot;0&quot;}\" data-image-title=\"Zitronenfalter\" data-image-description=\"\" data-medium-file=\"https:\/\/i0.wp.com\/idnu.ch\/wordpress\/wp-content\/uploads\/2025\/09\/schweden-20250730-107-Bearbeitet.jpg?fit=200%2C300&#038;ssl=1\" data-large-file=\"https:\/\/i0.wp.com\/idnu.ch\/wordpress\/wp-content\/uploads\/2025\/09\/schweden-20250730-107-Bearbeitet.jpg?fit=683%2C1024&#038;ssl=1\" src=\"https:\/\/i0.wp.com\/idnu.ch\/wordpress\/wp-content\/uploads\/2025\/09\/schweden-20250730-107-Bearbeitet.jpg?w=228&#038;h=342&#038;ssl=1\" srcset=\"https:\/\/i0.wp.com\/idnu.ch\/wordpress\/wp-content\/uploads\/2025\/09\/schweden-20250730-107-Bearbeitet.jpg?w=1667&amp;ssl=1 1667w, https:\/\/i0.wp.com\/idnu.ch\/wordpress\/wp-content\/uploads\/2025\/09\/schweden-20250730-107-Bearbeitet.jpg?resize=200%2C300&amp;ssl=1 200w, https:\/\/i0.wp.com\/idnu.ch\/wordpress\/wp-content\/uploads\/2025\/09\/schweden-20250730-107-Bearbeitet.jpg?resize=683%2C1024&amp;ssl=1 683w, https:\/\/i0.wp.com\/idnu.ch\/wordpress\/wp-content\/uploads\/2025\/09\/schweden-20250730-107-Bearbeitet.jpg?resize=768%2C1152&amp;ssl=1 768w, https:\/\/i0.wp.com\/idnu.ch\/wordpress\/wp-content\/uploads\/2025\/09\/schweden-20250730-107-Bearbeitet.jpg?resize=1024%2C1536&amp;ssl=1 1024w, https:\/\/i0.wp.com\/idnu.ch\/wordpress\/wp-content\/uploads\/2025\/09\/schweden-20250730-107-Bearbeitet.jpg?resize=1366%2C2048&amp;ssl=1 1366w, https:\/\/i0.wp.com\/idnu.ch\/wordpress\/wp-content\/uploads\/2025\/09\/schweden-20250730-107-Bearbeitet.jpg?resize=67%2C100&amp;ssl=1 67w, https:\/\/i0.wp.com\/idnu.ch\/wordpress\/wp-content\/uploads\/2025\/09\/schweden-20250730-107-Bearbeitet.jpg?w=1500&amp;ssl=1 1500w\" width=\"228\" height=\"342\" loading=\"lazy\" data-original-width=\"228\" data-original-height=\"342\" itemprop=\"http:\/\/schema.org\/image\" title=\"Zitronenfalter\" alt=\"Zitronenfalter\" style=\"width: 228px; height: 342px;\" \/> <\/a> <div class=\"tiled-gallery-caption\" itemprop=\"caption description\"> Zitronenfalter <\/div> <\/div> <\/div> <!-- close group --> <\/div> <!-- close row --> <\/div>\n<p>Unsere Beobachtungsliste enth\u00e4lt schlussendlich doch einige sch\u00f6ne Positionen. Dem Gew\u00e4sser entlang kehren wir zur\u00fcck, drehen aber dann ins Industriequartier ab. Dort gibt es eine Bushaltestelle, die wir gefahrlos erreichen und viel besser gewesen w\u00e4re zum Aussteigen. Man lernt halt immer wieder dazu.<br \/>\n<iframe loading=\"lazy\" src=\"https:\/\/www.komoot.com\/de-de\/tour\/2448550569\/embed?share_token=a5tJyc1aDIzyaA3U4JUliZnNi5XHpwOxZA4gXDjMTB8Oj9kGGL&amp;profile=1\" width=\"100%\" height=\"700\" frameborder=\"0\" scrolling=\"no\"><\/iframe><\/p>\n<h2>Eine letzte Wanderung auf einer Sch\u00e4reninsel<\/h2>\n<p>Ein letztes Mal nutzen wir unseren 3-Tages-Pass f\u00fcr die \u00f6ffentlichen Verkehrsmittel von G\u00f6teborg. Dazu z\u00e4hlen auch die F\u00e4hren auf die Inseln, was wir uns nicht entgehen lassen. So besteigen wir nach l\u00e4ngerem Hin und Her am Vortag das Schiff nach Styrs\u00f6. An der Endstation steigen wir aus. Der Frau gef\u00e4llt es nicht, so dass wir wieder einsteigen. Kurz darauf f\u00e4hrt das Schiff zur\u00fcck. Bei der n\u00e4chsten Haltestelle steigen wir doch wieder aus. Von dort wandern wir endg\u00fcltig los. Es dauert eine Weile, bis wir den Asphalt verlassen und auf dem Wanderweg gehen k\u00f6nnen.<\/p>\n<div class=\"tiled-gallery type-rectangular tiled-gallery-unresized\" data-original-width=\"750\" data-carousel-extra='{&quot;blog_id&quot;:1,&quot;permalink&quot;:&quot;https:\\\/\\\/idnu.ch\\\/wordpress\\\/entdeckungen-rund-um-goeteborg\\\/&quot;,&quot;likes_blog_id&quot;:100184974}' itemscope itemtype=\"http:\/\/schema.org\/ImageGallery\" > <div class=\"gallery-row\" style=\"width: 750px; height: 335px;\" data-original-width=\"750\" data-original-height=\"335\" > <div class=\"gallery-group images-1\" style=\"width: 501px; height: 335px;\" data-original-width=\"501\" data-original-height=\"335\" > <div class=\"tiled-gallery-item tiled-gallery-item-large\" itemprop=\"associatedMedia\" itemscope itemtype=\"http:\/\/schema.org\/ImageObject\"> <a href=\"https:\/\/idnu.ch\/wordpress\/entdeckungen-rund-um-goeteborg\/schweden-20250731-5-bearbeitet\/#main\" border=\"0\" itemprop=\"url\"> <meta itemprop=\"width\" content=\"497\"> <meta itemprop=\"height\" content=\"331\"> <img decoding=\"async\" class=\"\" data-attachment-id=\"28112\" data-orig-file=\"https:\/\/idnu.ch\/wordpress\/wp-content\/uploads\/2025\/09\/schweden-20250731-5-Bearbeitet.jpg\" data-orig-size=\"1240,827\" data-comments-opened=\"1\" data-image-meta=\"{&quot;aperture&quot;:&quot;10&quot;,&quot;credit&quot;:&quot;Urs Kyburz&quot;,&quot;camera&quot;:&quot;Canon EOS 5D Mark IV&quot;,&quot;caption&quot;:&quot;&quot;,&quot;created_timestamp&quot;:&quot;1753944186&quot;,&quot;copyright&quot;:&quot;Copyright Urs Kyburz (2019)&quot;,&quot;focal_length&quot;:&quot;24&quot;,&quot;iso&quot;:&quot;100&quot;,&quot;shutter_speed&quot;:&quot;0.00625&quot;,&quot;title&quot;:&quot;&quot;,&quot;orientation&quot;:&quot;0&quot;}\" data-image-title=\"\" data-image-description=\"\" data-medium-file=\"https:\/\/i0.wp.com\/idnu.ch\/wordpress\/wp-content\/uploads\/2025\/09\/schweden-20250731-5-Bearbeitet.jpg?fit=300%2C200&#038;ssl=1\" data-large-file=\"https:\/\/i0.wp.com\/idnu.ch\/wordpress\/wp-content\/uploads\/2025\/09\/schweden-20250731-5-Bearbeitet.jpg?fit=750%2C500&#038;ssl=1\" src=\"https:\/\/i0.wp.com\/idnu.ch\/wordpress\/wp-content\/uploads\/2025\/09\/schweden-20250731-5-Bearbeitet.jpg?w=497&#038;h=331&#038;ssl=1\" srcset=\"https:\/\/i0.wp.com\/idnu.ch\/wordpress\/wp-content\/uploads\/2025\/09\/schweden-20250731-5-Bearbeitet.jpg?w=1240&amp;ssl=1 1240w, https:\/\/i0.wp.com\/idnu.ch\/wordpress\/wp-content\/uploads\/2025\/09\/schweden-20250731-5-Bearbeitet.jpg?resize=300%2C200&amp;ssl=1 300w, https:\/\/i0.wp.com\/idnu.ch\/wordpress\/wp-content\/uploads\/2025\/09\/schweden-20250731-5-Bearbeitet.jpg?resize=1024%2C683&amp;ssl=1 1024w, https:\/\/i0.wp.com\/idnu.ch\/wordpress\/wp-content\/uploads\/2025\/09\/schweden-20250731-5-Bearbeitet.jpg?resize=768%2C512&amp;ssl=1 768w, https:\/\/i0.wp.com\/idnu.ch\/wordpress\/wp-content\/uploads\/2025\/09\/schweden-20250731-5-Bearbeitet.jpg?resize=150%2C100&amp;ssl=1 150w\" width=\"497\" height=\"331\" loading=\"lazy\" data-original-width=\"497\" data-original-height=\"331\" itemprop=\"http:\/\/schema.org\/image\" title=\"\" alt=\"\" style=\"width: 497px; height: 331px;\" \/> <\/a> <\/div> <\/div> <!-- close group --> <div class=\"gallery-group images-2\" style=\"width: 249px; height: 335px;\" data-original-width=\"249\" data-original-height=\"335\" > <div class=\"tiled-gallery-item tiled-gallery-item-small\" itemprop=\"associatedMedia\" itemscope itemtype=\"http:\/\/schema.org\/ImageObject\"> <a href=\"https:\/\/idnu.ch\/wordpress\/entdeckungen-rund-um-goeteborg\/schweden-20250731-12-bearbeitet\/#main\" border=\"0\" itemprop=\"url\"> <meta itemprop=\"width\" content=\"245\"> <meta itemprop=\"height\" content=\"164\"> <img decoding=\"async\" class=\"\" data-attachment-id=\"28113\" data-orig-file=\"https:\/\/idnu.ch\/wordpress\/wp-content\/uploads\/2025\/09\/schweden-20250731-12-Bearbeitet.jpg\" data-orig-size=\"1240,827\" data-comments-opened=\"1\" data-image-meta=\"{&quot;aperture&quot;:&quot;14&quot;,&quot;credit&quot;:&quot;Urs Kyburz&quot;,&quot;camera&quot;:&quot;Canon EOS 5D Mark IV&quot;,&quot;caption&quot;:&quot;&quot;,&quot;created_timestamp&quot;:&quot;1753944869&quot;,&quot;copyright&quot;:&quot;Copyright Urs Kyburz (2019)&quot;,&quot;focal_length&quot;:&quot;24&quot;,&quot;iso&quot;:&quot;160&quot;,&quot;shutter_speed&quot;:&quot;0.025&quot;,&quot;title&quot;:&quot;&quot;,&quot;orientation&quot;:&quot;0&quot;}\" data-image-title=\"\" data-image-description=\"\" data-medium-file=\"https:\/\/i0.wp.com\/idnu.ch\/wordpress\/wp-content\/uploads\/2025\/09\/schweden-20250731-12-Bearbeitet.jpg?fit=300%2C200&#038;ssl=1\" data-large-file=\"https:\/\/i0.wp.com\/idnu.ch\/wordpress\/wp-content\/uploads\/2025\/09\/schweden-20250731-12-Bearbeitet.jpg?fit=750%2C500&#038;ssl=1\" src=\"https:\/\/i0.wp.com\/idnu.ch\/wordpress\/wp-content\/uploads\/2025\/09\/schweden-20250731-12-Bearbeitet.jpg?w=245&#038;h=164&#038;ssl=1\" srcset=\"https:\/\/i0.wp.com\/idnu.ch\/wordpress\/wp-content\/uploads\/2025\/09\/schweden-20250731-12-Bearbeitet.jpg?w=1240&amp;ssl=1 1240w, https:\/\/i0.wp.com\/idnu.ch\/wordpress\/wp-content\/uploads\/2025\/09\/schweden-20250731-12-Bearbeitet.jpg?resize=300%2C200&amp;ssl=1 300w, https:\/\/i0.wp.com\/idnu.ch\/wordpress\/wp-content\/uploads\/2025\/09\/schweden-20250731-12-Bearbeitet.jpg?resize=1024%2C683&amp;ssl=1 1024w, https:\/\/i0.wp.com\/idnu.ch\/wordpress\/wp-content\/uploads\/2025\/09\/schweden-20250731-12-Bearbeitet.jpg?resize=768%2C512&amp;ssl=1 768w, https:\/\/i0.wp.com\/idnu.ch\/wordpress\/wp-content\/uploads\/2025\/09\/schweden-20250731-12-Bearbeitet.jpg?resize=150%2C100&amp;ssl=1 150w\" width=\"245\" height=\"164\" loading=\"lazy\" data-original-width=\"245\" data-original-height=\"164\" itemprop=\"http:\/\/schema.org\/image\" title=\"\" alt=\"\" style=\"width: 245px; height: 164px;\" \/> <\/a> <\/div> <div class=\"tiled-gallery-item tiled-gallery-item-small\" itemprop=\"associatedMedia\" itemscope itemtype=\"http:\/\/schema.org\/ImageObject\"> <a href=\"https:\/\/idnu.ch\/wordpress\/entdeckungen-rund-um-goeteborg\/schweden-20250731-14-bearbeitet\/#main\" border=\"0\" itemprop=\"url\"> <meta itemprop=\"width\" content=\"245\"> <meta itemprop=\"height\" content=\"163\"> <img decoding=\"async\" class=\"\" data-attachment-id=\"28114\" data-orig-file=\"https:\/\/idnu.ch\/wordpress\/wp-content\/uploads\/2025\/09\/schweden-20250731-14-Bearbeitet.jpg\" data-orig-size=\"1240,827\" data-comments-opened=\"1\" data-image-meta=\"{&quot;aperture&quot;:&quot;11&quot;,&quot;credit&quot;:&quot;Urs Kyburz&quot;,&quot;camera&quot;:&quot;Canon EOS 5D Mark IV&quot;,&quot;caption&quot;:&quot;&quot;,&quot;created_timestamp&quot;:&quot;1753948219&quot;,&quot;copyright&quot;:&quot;Copyright Urs Kyburz (2019)&quot;,&quot;focal_length&quot;:&quot;24&quot;,&quot;iso&quot;:&quot;100&quot;,&quot;shutter_speed&quot;:&quot;0.016666666666667&quot;,&quot;title&quot;:&quot;&quot;,&quot;orientation&quot;:&quot;0&quot;}\" data-image-title=\"\" data-image-description=\"\" data-medium-file=\"https:\/\/i0.wp.com\/idnu.ch\/wordpress\/wp-content\/uploads\/2025\/09\/schweden-20250731-14-Bearbeitet.jpg?fit=300%2C200&#038;ssl=1\" data-large-file=\"https:\/\/i0.wp.com\/idnu.ch\/wordpress\/wp-content\/uploads\/2025\/09\/schweden-20250731-14-Bearbeitet.jpg?fit=750%2C500&#038;ssl=1\" src=\"https:\/\/i0.wp.com\/idnu.ch\/wordpress\/wp-content\/uploads\/2025\/09\/schweden-20250731-14-Bearbeitet.jpg?w=245&#038;h=163&#038;ssl=1\" srcset=\"https:\/\/i0.wp.com\/idnu.ch\/wordpress\/wp-content\/uploads\/2025\/09\/schweden-20250731-14-Bearbeitet.jpg?w=1240&amp;ssl=1 1240w, https:\/\/i0.wp.com\/idnu.ch\/wordpress\/wp-content\/uploads\/2025\/09\/schweden-20250731-14-Bearbeitet.jpg?resize=300%2C200&amp;ssl=1 300w, https:\/\/i0.wp.com\/idnu.ch\/wordpress\/wp-content\/uploads\/2025\/09\/schweden-20250731-14-Bearbeitet.jpg?resize=1024%2C683&amp;ssl=1 1024w, https:\/\/i0.wp.com\/idnu.ch\/wordpress\/wp-content\/uploads\/2025\/09\/schweden-20250731-14-Bearbeitet.jpg?resize=768%2C512&amp;ssl=1 768w, https:\/\/i0.wp.com\/idnu.ch\/wordpress\/wp-content\/uploads\/2025\/09\/schweden-20250731-14-Bearbeitet.jpg?resize=150%2C100&amp;ssl=1 150w\" width=\"245\" height=\"163\" loading=\"lazy\" data-original-width=\"245\" data-original-height=\"163\" itemprop=\"http:\/\/schema.org\/image\" title=\"\" alt=\"\" style=\"width: 245px; height: 163px;\" \/> <\/a> <\/div> <\/div> <!-- close group --> <\/div> <!-- close row --> <\/div>\n<p>Am Ufer legen wir eine Rast ein, gucken aufs Wasser. Da kommt eine Mittels\u00e4ger-Familie angeschwommen. Die Kleinen tauchen bereits wie die Grossen, zack, kopfvoran ins Wasser. Nun interessiert uns aber die weglose Halbinsel. Wir gehen dem Ufer entlang, entdecken einen dieser Unterst\u00e4nde, wie man sie auf den Fernwanderwegen in Schweden \u00f6fters findet. Das Meer ist glatt, es ist heiss. Wir suchen einen Schatten spendenden Baum auf wo wir rasten. Dabei entdecken wir einen Vogel, den wir hier nicht erwartet h\u00e4tten: Einen Alpenbirkenzeisig.<\/p>\n<div class=\"tiled-gallery type-rectangular tiled-gallery-unresized\" data-original-width=\"750\" data-carousel-extra='{&quot;blog_id&quot;:1,&quot;permalink&quot;:&quot;https:\\\/\\\/idnu.ch\\\/wordpress\\\/entdeckungen-rund-um-goeteborg\\\/&quot;,&quot;likes_blog_id&quot;:100184974}' itemscope itemtype=\"http:\/\/schema.org\/ImageGallery\" > <div class=\"gallery-row\" style=\"width: 750px; height: 629px;\" data-original-width=\"750\" data-original-height=\"629\" > <div class=\"gallery-group images-1\" style=\"width: 421px; height: 629px;\" data-original-width=\"421\" data-original-height=\"629\" > <div class=\"tiled-gallery-item tiled-gallery-item-large\" itemprop=\"associatedMedia\" itemscope itemtype=\"http:\/\/schema.org\/ImageObject\"> <a href=\"https:\/\/idnu.ch\/wordpress\/entdeckungen-rund-um-goeteborg\/schweden-20250731-20-bearbeitet\/#main\" border=\"0\" itemprop=\"url\"> <meta itemprop=\"width\" content=\"417\"> <meta itemprop=\"height\" content=\"625\"> <img decoding=\"async\" class=\"\" data-attachment-id=\"28115\" data-orig-file=\"https:\/\/idnu.ch\/wordpress\/wp-content\/uploads\/2025\/09\/schweden-20250731-20-Bearbeitet.jpg\" data-orig-size=\"827,1240\" data-comments-opened=\"1\" data-image-meta=\"{&quot;aperture&quot;:&quot;10&quot;,&quot;credit&quot;:&quot;Urs Kyburz&quot;,&quot;camera&quot;:&quot;Canon EOS R6m2&quot;,&quot;caption&quot;:&quot;&quot;,&quot;created_timestamp&quot;:&quot;1753949647&quot;,&quot;copyright&quot;:&quot;All rights reserved&quot;,&quot;focal_length&quot;:&quot;700&quot;,&quot;iso&quot;:&quot;800&quot;,&quot;shutter_speed&quot;:&quot;0.00125&quot;,&quot;title&quot;:&quot;&quot;,&quot;orientation&quot;:&quot;0&quot;}\" data-image-title=\"Mittels\u00e4ger\" data-image-description=\"\" data-medium-file=\"https:\/\/i0.wp.com\/idnu.ch\/wordpress\/wp-content\/uploads\/2025\/09\/schweden-20250731-20-Bearbeitet.jpg?fit=200%2C300&#038;ssl=1\" data-large-file=\"https:\/\/i0.wp.com\/idnu.ch\/wordpress\/wp-content\/uploads\/2025\/09\/schweden-20250731-20-Bearbeitet.jpg?fit=683%2C1024&#038;ssl=1\" src=\"https:\/\/i0.wp.com\/idnu.ch\/wordpress\/wp-content\/uploads\/2025\/09\/schweden-20250731-20-Bearbeitet.jpg?w=417&#038;h=625&#038;ssl=1\" srcset=\"https:\/\/i0.wp.com\/idnu.ch\/wordpress\/wp-content\/uploads\/2025\/09\/schweden-20250731-20-Bearbeitet.jpg?w=827&amp;ssl=1 827w, https:\/\/i0.wp.com\/idnu.ch\/wordpress\/wp-content\/uploads\/2025\/09\/schweden-20250731-20-Bearbeitet.jpg?resize=200%2C300&amp;ssl=1 200w, https:\/\/i0.wp.com\/idnu.ch\/wordpress\/wp-content\/uploads\/2025\/09\/schweden-20250731-20-Bearbeitet.jpg?resize=683%2C1024&amp;ssl=1 683w, https:\/\/i0.wp.com\/idnu.ch\/wordpress\/wp-content\/uploads\/2025\/09\/schweden-20250731-20-Bearbeitet.jpg?resize=768%2C1152&amp;ssl=1 768w, https:\/\/i0.wp.com\/idnu.ch\/wordpress\/wp-content\/uploads\/2025\/09\/schweden-20250731-20-Bearbeitet.jpg?resize=67%2C100&amp;ssl=1 67w\" width=\"417\" height=\"625\" loading=\"lazy\" data-original-width=\"417\" data-original-height=\"625\" itemprop=\"http:\/\/schema.org\/image\" title=\"Mittels\u00e4ger\" alt=\"Mittels\u00e4ger\" style=\"width: 417px; height: 625px;\" \/> <\/a> <div class=\"tiled-gallery-caption\" itemprop=\"caption description\"> Mittels\u00e4ger <\/div> <\/div> <\/div> <!-- close group --> <div class=\"gallery-group images-3\" style=\"width: 329px; height: 629px;\" data-original-width=\"329\" data-original-height=\"629\" > <div class=\"tiled-gallery-item tiled-gallery-item-large\" itemprop=\"associatedMedia\" itemscope itemtype=\"http:\/\/schema.org\/ImageObject\"> <a href=\"https:\/\/idnu.ch\/wordpress\/entdeckungen-rund-um-goeteborg\/schweden-20250731-34-bearbeitet\/#main\" border=\"0\" itemprop=\"url\"> <meta itemprop=\"width\" content=\"325\"> <meta itemprop=\"height\" content=\"183\"> <img decoding=\"async\" class=\"\" data-attachment-id=\"28116\" data-orig-file=\"https:\/\/idnu.ch\/wordpress\/wp-content\/uploads\/2025\/09\/schweden-20250731-34-Bearbeitet.jpg\" data-orig-size=\"1240,698\" data-comments-opened=\"1\" data-image-meta=\"{&quot;aperture&quot;:&quot;10&quot;,&quot;credit&quot;:&quot;Urs Kyburz&quot;,&quot;camera&quot;:&quot;Canon EOS R6m2&quot;,&quot;caption&quot;:&quot;&quot;,&quot;created_timestamp&quot;:&quot;1753949756&quot;,&quot;copyright&quot;:&quot;All rights reserved&quot;,&quot;focal_length&quot;:&quot;700&quot;,&quot;iso&quot;:&quot;400&quot;,&quot;shutter_speed&quot;:&quot;0.001&quot;,&quot;title&quot;:&quot;&quot;,&quot;orientation&quot;:&quot;0&quot;}\" data-image-title=\"Mittels\u00e4ger-K\u00fcken\" data-image-description=\"\" data-medium-file=\"https:\/\/i0.wp.com\/idnu.ch\/wordpress\/wp-content\/uploads\/2025\/09\/schweden-20250731-34-Bearbeitet.jpg?fit=300%2C169&#038;ssl=1\" data-large-file=\"https:\/\/i0.wp.com\/idnu.ch\/wordpress\/wp-content\/uploads\/2025\/09\/schweden-20250731-34-Bearbeitet.jpg?fit=750%2C422&#038;ssl=1\" src=\"https:\/\/i0.wp.com\/idnu.ch\/wordpress\/wp-content\/uploads\/2025\/09\/schweden-20250731-34-Bearbeitet.jpg?w=325&#038;h=183&#038;ssl=1\" srcset=\"https:\/\/i0.wp.com\/idnu.ch\/wordpress\/wp-content\/uploads\/2025\/09\/schweden-20250731-34-Bearbeitet.jpg?w=1240&amp;ssl=1 1240w, https:\/\/i0.wp.com\/idnu.ch\/wordpress\/wp-content\/uploads\/2025\/09\/schweden-20250731-34-Bearbeitet.jpg?resize=300%2C169&amp;ssl=1 300w, https:\/\/i0.wp.com\/idnu.ch\/wordpress\/wp-content\/uploads\/2025\/09\/schweden-20250731-34-Bearbeitet.jpg?resize=1024%2C576&amp;ssl=1 1024w, https:\/\/i0.wp.com\/idnu.ch\/wordpress\/wp-content\/uploads\/2025\/09\/schweden-20250731-34-Bearbeitet.jpg?resize=768%2C432&amp;ssl=1 768w, https:\/\/i0.wp.com\/idnu.ch\/wordpress\/wp-content\/uploads\/2025\/09\/schweden-20250731-34-Bearbeitet.jpg?resize=178%2C100&amp;ssl=1 178w\" width=\"325\" height=\"183\" loading=\"lazy\" data-original-width=\"325\" data-original-height=\"183\" itemprop=\"http:\/\/schema.org\/image\" title=\"Mittels\u00e4ger-K\u00fcken\" alt=\"Mittels\u00e4ger-K\u00fcken\" style=\"width: 325px; height: 183px;\" \/> <\/a> <div class=\"tiled-gallery-caption\" itemprop=\"caption description\"> Mittels\u00e4ger-K\u00fcken <\/div> <\/div> <div class=\"tiled-gallery-item tiled-gallery-item-large\" itemprop=\"associatedMedia\" itemscope itemtype=\"http:\/\/schema.org\/ImageObject\"> <a href=\"https:\/\/idnu.ch\/wordpress\/entdeckungen-rund-um-goeteborg\/schweden-20250731-51-bearbeitet\/#main\" border=\"0\" itemprop=\"url\"> <meta itemprop=\"width\" content=\"325\"> <meta itemprop=\"height\" content=\"217\"> <img decoding=\"async\" class=\"\" data-attachment-id=\"28117\" data-orig-file=\"https:\/\/idnu.ch\/wordpress\/wp-content\/uploads\/2025\/09\/schweden-20250731-51-Bearbeitet.jpg\" data-orig-size=\"1240,827\" data-comments-opened=\"1\" data-image-meta=\"{&quot;aperture&quot;:&quot;11&quot;,&quot;credit&quot;:&quot;Urs Kyburz&quot;,&quot;camera&quot;:&quot;Canon EOS 5D Mark IV&quot;,&quot;caption&quot;:&quot;&quot;,&quot;created_timestamp&quot;:&quot;1753950336&quot;,&quot;copyright&quot;:&quot;Copyright Urs Kyburz (2019)&quot;,&quot;focal_length&quot;:&quot;105&quot;,&quot;iso&quot;:&quot;200&quot;,&quot;shutter_speed&quot;:&quot;0.008&quot;,&quot;title&quot;:&quot;&quot;,&quot;orientation&quot;:&quot;0&quot;}\" data-image-title=\"\" data-image-description=\"\" data-medium-file=\"https:\/\/i0.wp.com\/idnu.ch\/wordpress\/wp-content\/uploads\/2025\/09\/schweden-20250731-51-Bearbeitet.jpg?fit=300%2C200&#038;ssl=1\" data-large-file=\"https:\/\/i0.wp.com\/idnu.ch\/wordpress\/wp-content\/uploads\/2025\/09\/schweden-20250731-51-Bearbeitet.jpg?fit=750%2C500&#038;ssl=1\" src=\"https:\/\/i0.wp.com\/idnu.ch\/wordpress\/wp-content\/uploads\/2025\/09\/schweden-20250731-51-Bearbeitet.jpg?w=325&#038;h=217&#038;ssl=1\" srcset=\"https:\/\/i0.wp.com\/idnu.ch\/wordpress\/wp-content\/uploads\/2025\/09\/schweden-20250731-51-Bearbeitet.jpg?w=1240&amp;ssl=1 1240w, https:\/\/i0.wp.com\/idnu.ch\/wordpress\/wp-content\/uploads\/2025\/09\/schweden-20250731-51-Bearbeitet.jpg?resize=300%2C200&amp;ssl=1 300w, https:\/\/i0.wp.com\/idnu.ch\/wordpress\/wp-content\/uploads\/2025\/09\/schweden-20250731-51-Bearbeitet.jpg?resize=1024%2C683&amp;ssl=1 1024w, https:\/\/i0.wp.com\/idnu.ch\/wordpress\/wp-content\/uploads\/2025\/09\/schweden-20250731-51-Bearbeitet.jpg?resize=768%2C512&amp;ssl=1 768w, https:\/\/i0.wp.com\/idnu.ch\/wordpress\/wp-content\/uploads\/2025\/09\/schweden-20250731-51-Bearbeitet.jpg?resize=150%2C100&amp;ssl=1 150w\" width=\"325\" height=\"217\" loading=\"lazy\" data-original-width=\"325\" data-original-height=\"217\" itemprop=\"http:\/\/schema.org\/image\" title=\"\" alt=\"\" style=\"width: 325px; height: 217px;\" \/> <\/a> <\/div> <div class=\"tiled-gallery-item tiled-gallery-item-large\" itemprop=\"associatedMedia\" itemscope itemtype=\"http:\/\/schema.org\/ImageObject\"> <a href=\"https:\/\/idnu.ch\/wordpress\/entdeckungen-rund-um-goeteborg\/schweden-20250731-55-bearbeitet\/#main\" border=\"0\" itemprop=\"url\"> <meta itemprop=\"width\" content=\"325\"> <meta itemprop=\"height\" content=\"217\"> <img decoding=\"async\" class=\"\" data-attachment-id=\"28118\" data-orig-file=\"https:\/\/idnu.ch\/wordpress\/wp-content\/uploads\/2025\/09\/schweden-20250731-55-Bearbeitet.jpg\" data-orig-size=\"1240,827\" data-comments-opened=\"1\" data-image-meta=\"{&quot;aperture&quot;:&quot;11&quot;,&quot;credit&quot;:&quot;Urs Kyburz&quot;,&quot;camera&quot;:&quot;Canon EOS 5D Mark IV&quot;,&quot;caption&quot;:&quot;&quot;,&quot;created_timestamp&quot;:&quot;1753951055&quot;,&quot;copyright&quot;:&quot;Copyright Urs Kyburz (2019)&quot;,&quot;focal_length&quot;:&quot;24&quot;,&quot;iso&quot;:&quot;100&quot;,&quot;shutter_speed&quot;:&quot;0.01&quot;,&quot;title&quot;:&quot;&quot;,&quot;orientation&quot;:&quot;0&quot;}\" data-image-title=\"\" data-image-description=\"\" data-medium-file=\"https:\/\/i0.wp.com\/idnu.ch\/wordpress\/wp-content\/uploads\/2025\/09\/schweden-20250731-55-Bearbeitet.jpg?fit=300%2C200&#038;ssl=1\" data-large-file=\"https:\/\/i0.wp.com\/idnu.ch\/wordpress\/wp-content\/uploads\/2025\/09\/schweden-20250731-55-Bearbeitet.jpg?fit=750%2C500&#038;ssl=1\" src=\"https:\/\/i0.wp.com\/idnu.ch\/wordpress\/wp-content\/uploads\/2025\/09\/schweden-20250731-55-Bearbeitet.jpg?w=325&#038;h=217&#038;ssl=1\" srcset=\"https:\/\/i0.wp.com\/idnu.ch\/wordpress\/wp-content\/uploads\/2025\/09\/schweden-20250731-55-Bearbeitet.jpg?w=1240&amp;ssl=1 1240w, https:\/\/i0.wp.com\/idnu.ch\/wordpress\/wp-content\/uploads\/2025\/09\/schweden-20250731-55-Bearbeitet.jpg?resize=300%2C200&amp;ssl=1 300w, https:\/\/i0.wp.com\/idnu.ch\/wordpress\/wp-content\/uploads\/2025\/09\/schweden-20250731-55-Bearbeitet.jpg?resize=1024%2C683&amp;ssl=1 1024w, https:\/\/i0.wp.com\/idnu.ch\/wordpress\/wp-content\/uploads\/2025\/09\/schweden-20250731-55-Bearbeitet.jpg?resize=768%2C512&amp;ssl=1 768w, https:\/\/i0.wp.com\/idnu.ch\/wordpress\/wp-content\/uploads\/2025\/09\/schweden-20250731-55-Bearbeitet.jpg?resize=150%2C100&amp;ssl=1 150w\" width=\"325\" height=\"217\" loading=\"lazy\" data-original-width=\"325\" data-original-height=\"217\" itemprop=\"http:\/\/schema.org\/image\" title=\"\" alt=\"\" style=\"width: 325px; height: 217px;\" \/> <\/a> <\/div> <\/div> <!-- close group --> <\/div> <!-- close row --> <div class=\"gallery-row\" style=\"width: 750px; height: 347px;\" data-original-width=\"750\" data-original-height=\"347\" > <div class=\"gallery-group images-1\" style=\"width: 518px; height: 347px;\" data-original-width=\"518\" data-original-height=\"347\" > <div class=\"tiled-gallery-item tiled-gallery-item-large\" itemprop=\"associatedMedia\" itemscope itemtype=\"http:\/\/schema.org\/ImageObject\"> <a href=\"https:\/\/idnu.ch\/wordpress\/entdeckungen-rund-um-goeteborg\/schweden-20250731-57-bearbeitet\/#main\" border=\"0\" itemprop=\"url\"> <meta itemprop=\"width\" content=\"514\"> <meta itemprop=\"height\" content=\"343\"> <img decoding=\"async\" class=\"\" data-attachment-id=\"28119\" data-orig-file=\"https:\/\/idnu.ch\/wordpress\/wp-content\/uploads\/2025\/09\/schweden-20250731-57-Bearbeitet.jpg\" data-orig-size=\"1240,827\" data-comments-opened=\"1\" data-image-meta=\"{&quot;aperture&quot;:&quot;11&quot;,&quot;credit&quot;:&quot;Urs Kyburz&quot;,&quot;camera&quot;:&quot;Canon EOS 5D Mark IV&quot;,&quot;caption&quot;:&quot;&quot;,&quot;created_timestamp&quot;:&quot;1753952343&quot;,&quot;copyright&quot;:&quot;Copyright Urs Kyburz (2019)&quot;,&quot;focal_length&quot;:&quot;24&quot;,&quot;iso&quot;:&quot;100&quot;,&quot;shutter_speed&quot;:&quot;0.025&quot;,&quot;title&quot;:&quot;&quot;,&quot;orientation&quot;:&quot;0&quot;}\" data-image-title=\"\" data-image-description=\"\" data-medium-file=\"https:\/\/i0.wp.com\/idnu.ch\/wordpress\/wp-content\/uploads\/2025\/09\/schweden-20250731-57-Bearbeitet.jpg?fit=300%2C200&#038;ssl=1\" data-large-file=\"https:\/\/i0.wp.com\/idnu.ch\/wordpress\/wp-content\/uploads\/2025\/09\/schweden-20250731-57-Bearbeitet.jpg?fit=750%2C500&#038;ssl=1\" src=\"https:\/\/i0.wp.com\/idnu.ch\/wordpress\/wp-content\/uploads\/2025\/09\/schweden-20250731-57-Bearbeitet.jpg?w=514&#038;h=343&#038;ssl=1\" srcset=\"https:\/\/i0.wp.com\/idnu.ch\/wordpress\/wp-content\/uploads\/2025\/09\/schweden-20250731-57-Bearbeitet.jpg?w=1240&amp;ssl=1 1240w, https:\/\/i0.wp.com\/idnu.ch\/wordpress\/wp-content\/uploads\/2025\/09\/schweden-20250731-57-Bearbeitet.jpg?resize=300%2C200&amp;ssl=1 300w, https:\/\/i0.wp.com\/idnu.ch\/wordpress\/wp-content\/uploads\/2025\/09\/schweden-20250731-57-Bearbeitet.jpg?resize=1024%2C683&amp;ssl=1 1024w, https:\/\/i0.wp.com\/idnu.ch\/wordpress\/wp-content\/uploads\/2025\/09\/schweden-20250731-57-Bearbeitet.jpg?resize=768%2C512&amp;ssl=1 768w, https:\/\/i0.wp.com\/idnu.ch\/wordpress\/wp-content\/uploads\/2025\/09\/schweden-20250731-57-Bearbeitet.jpg?resize=150%2C100&amp;ssl=1 150w\" width=\"514\" height=\"343\" loading=\"lazy\" data-original-width=\"514\" data-original-height=\"343\" itemprop=\"http:\/\/schema.org\/image\" title=\"\" alt=\"\" style=\"width: 514px; height: 343px;\" \/> <\/a> <\/div> <\/div> <!-- close group --> <div class=\"gallery-group images-1\" style=\"width: 232px; height: 347px;\" data-original-width=\"232\" data-original-height=\"347\" > <div class=\"tiled-gallery-item tiled-gallery-item-small\" itemprop=\"associatedMedia\" itemscope itemtype=\"http:\/\/schema.org\/ImageObject\"> <a href=\"https:\/\/idnu.ch\/wordpress\/entdeckungen-rund-um-goeteborg\/schweden-20250731-76-bearbeitet\/#main\" border=\"0\" itemprop=\"url\"> <meta itemprop=\"width\" content=\"228\"> <meta itemprop=\"height\" content=\"343\"> <img decoding=\"async\" class=\"\" data-attachment-id=\"28120\" data-orig-file=\"https:\/\/idnu.ch\/wordpress\/wp-content\/uploads\/2025\/09\/schweden-20250731-76-Bearbeitet.jpg\" data-orig-size=\"827,1240\" data-comments-opened=\"1\" data-image-meta=\"{&quot;aperture&quot;:&quot;11&quot;,&quot;credit&quot;:&quot;Urs Kyburz&quot;,&quot;camera&quot;:&quot;Canon EOS R6m2&quot;,&quot;caption&quot;:&quot;&quot;,&quot;created_timestamp&quot;:&quot;1753955097&quot;,&quot;copyright&quot;:&quot;All rights reserved&quot;,&quot;focal_length&quot;:&quot;700&quot;,&quot;iso&quot;:&quot;1000&quot;,&quot;shutter_speed&quot;:&quot;0.001&quot;,&quot;title&quot;:&quot;&quot;,&quot;orientation&quot;:&quot;0&quot;}\" data-image-title=\"Alpenbirkenzeisig\" data-image-description=\"\" data-medium-file=\"https:\/\/i0.wp.com\/idnu.ch\/wordpress\/wp-content\/uploads\/2025\/09\/schweden-20250731-76-Bearbeitet.jpg?fit=200%2C300&#038;ssl=1\" data-large-file=\"https:\/\/i0.wp.com\/idnu.ch\/wordpress\/wp-content\/uploads\/2025\/09\/schweden-20250731-76-Bearbeitet.jpg?fit=683%2C1024&#038;ssl=1\" src=\"https:\/\/i0.wp.com\/idnu.ch\/wordpress\/wp-content\/uploads\/2025\/09\/schweden-20250731-76-Bearbeitet.jpg?w=228&#038;h=343&#038;ssl=1\" srcset=\"https:\/\/i0.wp.com\/idnu.ch\/wordpress\/wp-content\/uploads\/2025\/09\/schweden-20250731-76-Bearbeitet.jpg?w=827&amp;ssl=1 827w, https:\/\/i0.wp.com\/idnu.ch\/wordpress\/wp-content\/uploads\/2025\/09\/schweden-20250731-76-Bearbeitet.jpg?resize=200%2C300&amp;ssl=1 200w, https:\/\/i0.wp.com\/idnu.ch\/wordpress\/wp-content\/uploads\/2025\/09\/schweden-20250731-76-Bearbeitet.jpg?resize=683%2C1024&amp;ssl=1 683w, https:\/\/i0.wp.com\/idnu.ch\/wordpress\/wp-content\/uploads\/2025\/09\/schweden-20250731-76-Bearbeitet.jpg?resize=768%2C1152&amp;ssl=1 768w, https:\/\/i0.wp.com\/idnu.ch\/wordpress\/wp-content\/uploads\/2025\/09\/schweden-20250731-76-Bearbeitet.jpg?resize=67%2C100&amp;ssl=1 67w\" width=\"228\" height=\"343\" loading=\"lazy\" data-original-width=\"228\" data-original-height=\"343\" itemprop=\"http:\/\/schema.org\/image\" title=\"Alpenbirkenzeisig\" alt=\"Alpenbirkenzeisig\" style=\"width: 228px; height: 343px;\" \/> <\/a> <div class=\"tiled-gallery-caption\" itemprop=\"caption description\"> Alpenbirkenzeisig <\/div> <\/div> <\/div> <!-- close group --> <\/div> <!-- close row --> <\/div>\n<p>Weiter geht es der K\u00fcste entlang, dann wieder im Wald. An einem seichten Gew\u00e4sser entdecken wir einen L\u00f6ffler. Nun streben wir aber dem Hafen von T\u00e5ngen zu. Dort erwartet uns ein k\u00fchles Getr\u00e4nk und Kuchen, bevor wir wieder das Schiff nach G\u00f6teborg besteigen und damit der allerletzte Ausflug in Schweden\u00a0 endet. Am n\u00e4chsten Tag geht es weiter nach Kophenhagen.<\/p>\n<div class=\"tiled-gallery type-rectangular tiled-gallery-unresized\" data-original-width=\"750\" data-carousel-extra='{&quot;blog_id&quot;:1,&quot;permalink&quot;:&quot;https:\\\/\\\/idnu.ch\\\/wordpress\\\/entdeckungen-rund-um-goeteborg\\\/&quot;,&quot;likes_blog_id&quot;:100184974}' itemscope itemtype=\"http:\/\/schema.org\/ImageGallery\" > <div class=\"gallery-row\" style=\"width: 750px; height: 326px;\" data-original-width=\"750\" data-original-height=\"326\" > <div class=\"gallery-group images-1\" style=\"width: 487px; height: 326px;\" data-original-width=\"487\" data-original-height=\"326\" > <div class=\"tiled-gallery-item tiled-gallery-item-large\" itemprop=\"associatedMedia\" itemscope itemtype=\"http:\/\/schema.org\/ImageObject\"> <a href=\"https:\/\/idnu.ch\/wordpress\/entdeckungen-rund-um-goeteborg\/schweden-20250731-83-bearbeitet\/#main\" border=\"0\" itemprop=\"url\"> <meta itemprop=\"width\" content=\"483\"> <meta itemprop=\"height\" content=\"322\"> <img decoding=\"async\" class=\"\" data-attachment-id=\"28122\" data-orig-file=\"https:\/\/idnu.ch\/wordpress\/wp-content\/uploads\/2025\/09\/schweden-20250731-83-Bearbeitet.jpg\" data-orig-size=\"1240,827\" data-comments-opened=\"1\" data-image-meta=\"{&quot;aperture&quot;:&quot;9&quot;,&quot;credit&quot;:&quot;Urs Kyburz&quot;,&quot;camera&quot;:&quot;Canon EOS 5D Mark IV&quot;,&quot;caption&quot;:&quot;&quot;,&quot;created_timestamp&quot;:&quot;1753956405&quot;,&quot;copyright&quot;:&quot;Copyright Urs Kyburz (2019)&quot;,&quot;focal_length&quot;:&quot;85&quot;,&quot;iso&quot;:&quot;1600&quot;,&quot;shutter_speed&quot;:&quot;0.00625&quot;,&quot;title&quot;:&quot;&quot;,&quot;orientation&quot;:&quot;0&quot;}\" data-image-title=\"\" data-image-description=\"\" data-medium-file=\"https:\/\/i0.wp.com\/idnu.ch\/wordpress\/wp-content\/uploads\/2025\/09\/schweden-20250731-83-Bearbeitet.jpg?fit=300%2C200&#038;ssl=1\" data-large-file=\"https:\/\/i0.wp.com\/idnu.ch\/wordpress\/wp-content\/uploads\/2025\/09\/schweden-20250731-83-Bearbeitet.jpg?fit=750%2C500&#038;ssl=1\" src=\"https:\/\/i0.wp.com\/idnu.ch\/wordpress\/wp-content\/uploads\/2025\/09\/schweden-20250731-83-Bearbeitet.jpg?w=483&#038;h=322&#038;ssl=1\" srcset=\"https:\/\/i0.wp.com\/idnu.ch\/wordpress\/wp-content\/uploads\/2025\/09\/schweden-20250731-83-Bearbeitet.jpg?w=1240&amp;ssl=1 1240w, https:\/\/i0.wp.com\/idnu.ch\/wordpress\/wp-content\/uploads\/2025\/09\/schweden-20250731-83-Bearbeitet.jpg?resize=300%2C200&amp;ssl=1 300w, https:\/\/i0.wp.com\/idnu.ch\/wordpress\/wp-content\/uploads\/2025\/09\/schweden-20250731-83-Bearbeitet.jpg?resize=1024%2C683&amp;ssl=1 1024w, https:\/\/i0.wp.com\/idnu.ch\/wordpress\/wp-content\/uploads\/2025\/09\/schweden-20250731-83-Bearbeitet.jpg?resize=768%2C512&amp;ssl=1 768w, https:\/\/i0.wp.com\/idnu.ch\/wordpress\/wp-content\/uploads\/2025\/09\/schweden-20250731-83-Bearbeitet.jpg?resize=150%2C100&amp;ssl=1 150w\" width=\"483\" height=\"322\" loading=\"lazy\" data-original-width=\"483\" data-original-height=\"322\" itemprop=\"http:\/\/schema.org\/image\" title=\"\" alt=\"\" style=\"width: 483px; height: 322px;\" \/> <\/a> <\/div> <\/div> <!-- close group --> <div class=\"gallery-group images-2\" style=\"width: 263px; height: 326px;\" data-original-width=\"263\" data-original-height=\"326\" > <div class=\"tiled-gallery-item tiled-gallery-item-large\" itemprop=\"associatedMedia\" itemscope itemtype=\"http:\/\/schema.org\/ImageObject\"> <a href=\"https:\/\/idnu.ch\/wordpress\/entdeckungen-rund-um-goeteborg\/schweden-20250731-90-bearbeitet\/#main\" border=\"0\" itemprop=\"url\"> <meta itemprop=\"width\" content=\"259\"> <meta itemprop=\"height\" content=\"172\"> <img decoding=\"async\" class=\"\" data-attachment-id=\"28123\" data-orig-file=\"https:\/\/idnu.ch\/wordpress\/wp-content\/uploads\/2025\/09\/schweden-20250731-90-Bearbeitet.jpg\" data-orig-size=\"1240,827\" data-comments-opened=\"1\" data-image-meta=\"{&quot;aperture&quot;:&quot;11&quot;,&quot;credit&quot;:&quot;Urs Kyburz&quot;,&quot;camera&quot;:&quot;Canon EOS R6m2&quot;,&quot;caption&quot;:&quot;&quot;,&quot;created_timestamp&quot;:&quot;1753957658&quot;,&quot;copyright&quot;:&quot;All rights reserved&quot;,&quot;focal_length&quot;:&quot;700&quot;,&quot;iso&quot;:&quot;500&quot;,&quot;shutter_speed&quot;:&quot;0.001&quot;,&quot;title&quot;:&quot;&quot;,&quot;orientation&quot;:&quot;0&quot;}\" data-image-title=\"L\u00f6ffler\" data-image-description=\"\" data-medium-file=\"https:\/\/i0.wp.com\/idnu.ch\/wordpress\/wp-content\/uploads\/2025\/09\/schweden-20250731-90-Bearbeitet.jpg?fit=300%2C200&#038;ssl=1\" data-large-file=\"https:\/\/i0.wp.com\/idnu.ch\/wordpress\/wp-content\/uploads\/2025\/09\/schweden-20250731-90-Bearbeitet.jpg?fit=750%2C500&#038;ssl=1\" src=\"https:\/\/i0.wp.com\/idnu.ch\/wordpress\/wp-content\/uploads\/2025\/09\/schweden-20250731-90-Bearbeitet.jpg?w=259&#038;h=172&#038;ssl=1\" srcset=\"https:\/\/i0.wp.com\/idnu.ch\/wordpress\/wp-content\/uploads\/2025\/09\/schweden-20250731-90-Bearbeitet.jpg?w=1240&amp;ssl=1 1240w, https:\/\/i0.wp.com\/idnu.ch\/wordpress\/wp-content\/uploads\/2025\/09\/schweden-20250731-90-Bearbeitet.jpg?resize=300%2C200&amp;ssl=1 300w, https:\/\/i0.wp.com\/idnu.ch\/wordpress\/wp-content\/uploads\/2025\/09\/schweden-20250731-90-Bearbeitet.jpg?resize=1024%2C683&amp;ssl=1 1024w, https:\/\/i0.wp.com\/idnu.ch\/wordpress\/wp-content\/uploads\/2025\/09\/schweden-20250731-90-Bearbeitet.jpg?resize=768%2C512&amp;ssl=1 768w, https:\/\/i0.wp.com\/idnu.ch\/wordpress\/wp-content\/uploads\/2025\/09\/schweden-20250731-90-Bearbeitet.jpg?resize=150%2C100&amp;ssl=1 150w\" width=\"259\" height=\"172\" loading=\"lazy\" data-original-width=\"259\" data-original-height=\"172\" itemprop=\"http:\/\/schema.org\/image\" title=\"L\u00f6ffler\" alt=\"L\u00f6ffler\" style=\"width: 259px; height: 172px;\" \/> <\/a> <div class=\"tiled-gallery-caption\" itemprop=\"caption description\"> L\u00f6ffler <\/div> <\/div> <div class=\"tiled-gallery-item tiled-gallery-item-large\" itemprop=\"associatedMedia\" itemscope itemtype=\"http:\/\/schema.org\/ImageObject\"> <a href=\"https:\/\/idnu.ch\/wordpress\/entdeckungen-rund-um-goeteborg\/schweden-20250731-97-bearbeitet\/#main\" border=\"0\" itemprop=\"url\"> <meta itemprop=\"width\" content=\"259\"> <meta itemprop=\"height\" content=\"146\"> <img decoding=\"async\" class=\"\" data-attachment-id=\"28124\" data-orig-file=\"https:\/\/idnu.ch\/wordpress\/wp-content\/uploads\/2025\/09\/schweden-20250731-97-Bearbeitet.jpg\" data-orig-size=\"1240,698\" data-comments-opened=\"1\" data-image-meta=\"{&quot;aperture&quot;:&quot;11&quot;,&quot;credit&quot;:&quot;Urs Kyburz&quot;,&quot;camera&quot;:&quot;Canon EOS 5D Mark IV&quot;,&quot;caption&quot;:&quot;&quot;,&quot;created_timestamp&quot;:&quot;1753958676&quot;,&quot;copyright&quot;:&quot;Copyright Urs Kyburz (2019)&quot;,&quot;focal_length&quot;:&quot;28&quot;,&quot;iso&quot;:&quot;100&quot;,&quot;shutter_speed&quot;:&quot;0.025&quot;,&quot;title&quot;:&quot;&quot;,&quot;orientation&quot;:&quot;0&quot;}\" data-image-title=\"\" data-image-description=\"\" data-medium-file=\"https:\/\/i0.wp.com\/idnu.ch\/wordpress\/wp-content\/uploads\/2025\/09\/schweden-20250731-97-Bearbeitet.jpg?fit=300%2C169&#038;ssl=1\" data-large-file=\"https:\/\/i0.wp.com\/idnu.ch\/wordpress\/wp-content\/uploads\/2025\/09\/schweden-20250731-97-Bearbeitet.jpg?fit=750%2C422&#038;ssl=1\" src=\"https:\/\/i0.wp.com\/idnu.ch\/wordpress\/wp-content\/uploads\/2025\/09\/schweden-20250731-97-Bearbeitet.jpg?w=259&#038;h=146&#038;ssl=1\" srcset=\"https:\/\/i0.wp.com\/idnu.ch\/wordpress\/wp-content\/uploads\/2025\/09\/schweden-20250731-97-Bearbeitet.jpg?w=1240&amp;ssl=1 1240w, https:\/\/i0.wp.com\/idnu.ch\/wordpress\/wp-content\/uploads\/2025\/09\/schweden-20250731-97-Bearbeitet.jpg?resize=300%2C169&amp;ssl=1 300w, https:\/\/i0.wp.com\/idnu.ch\/wordpress\/wp-content\/uploads\/2025\/09\/schweden-20250731-97-Bearbeitet.jpg?resize=1024%2C576&amp;ssl=1 1024w, https:\/\/i0.wp.com\/idnu.ch\/wordpress\/wp-content\/uploads\/2025\/09\/schweden-20250731-97-Bearbeitet.jpg?resize=768%2C432&amp;ssl=1 768w, https:\/\/i0.wp.com\/idnu.ch\/wordpress\/wp-content\/uploads\/2025\/09\/schweden-20250731-97-Bearbeitet.jpg?resize=178%2C100&amp;ssl=1 178w\" width=\"259\" height=\"146\" loading=\"lazy\" data-original-width=\"259\" data-original-height=\"146\" itemprop=\"http:\/\/schema.org\/image\" title=\"\" alt=\"\" style=\"width: 259px; height: 146px;\" \/> <\/a> <\/div> <\/div> <!-- close group --> <\/div> <!-- close row --> <div class=\"gallery-row\" style=\"width: 750px; height: 502px;\" data-original-width=\"750\" data-original-height=\"502\" > <div class=\"gallery-group images-1\" style=\"width: 750px; height: 502px;\" data-original-width=\"750\" data-original-height=\"502\" > <div class=\"tiled-gallery-item tiled-gallery-item-large\" itemprop=\"associatedMedia\" itemscope itemtype=\"http:\/\/schema.org\/ImageObject\"> <a href=\"https:\/\/idnu.ch\/wordpress\/entdeckungen-rund-um-goeteborg\/schweden-20250731-120-bearbeitet\/#main\" border=\"0\" itemprop=\"url\"> <meta itemprop=\"width\" content=\"746\"> <meta itemprop=\"height\" content=\"498\"> <img decoding=\"async\" class=\"\" data-attachment-id=\"28125\" data-orig-file=\"https:\/\/idnu.ch\/wordpress\/wp-content\/uploads\/2025\/09\/schweden-20250731-120-Bearbeitet.jpg\" data-orig-size=\"1240,827\" data-comments-opened=\"1\" data-image-meta=\"{&quot;aperture&quot;:&quot;10&quot;,&quot;credit&quot;:&quot;Urs Kyburz&quot;,&quot;camera&quot;:&quot;Canon EOS R6m2&quot;,&quot;caption&quot;:&quot;&quot;,&quot;created_timestamp&quot;:&quot;1753963244&quot;,&quot;copyright&quot;:&quot;All rights reserved&quot;,&quot;focal_length&quot;:&quot;700&quot;,&quot;iso&quot;:&quot;2500&quot;,&quot;shutter_speed&quot;:&quot;0.0004&quot;,&quot;title&quot;:&quot;&quot;,&quot;orientation&quot;:&quot;0&quot;}\" data-image-title=\"M\u00fcde Rauchschwalbenbabies\" data-image-description=\"\" data-medium-file=\"https:\/\/i0.wp.com\/idnu.ch\/wordpress\/wp-content\/uploads\/2025\/09\/schweden-20250731-120-Bearbeitet.jpg?fit=300%2C200&#038;ssl=1\" data-large-file=\"https:\/\/i0.wp.com\/idnu.ch\/wordpress\/wp-content\/uploads\/2025\/09\/schweden-20250731-120-Bearbeitet.jpg?fit=750%2C500&#038;ssl=1\" src=\"https:\/\/i0.wp.com\/idnu.ch\/wordpress\/wp-content\/uploads\/2025\/09\/schweden-20250731-120-Bearbeitet.jpg?w=746&#038;h=498&#038;ssl=1\" srcset=\"https:\/\/i0.wp.com\/idnu.ch\/wordpress\/wp-content\/uploads\/2025\/09\/schweden-20250731-120-Bearbeitet.jpg?w=1240&amp;ssl=1 1240w, https:\/\/i0.wp.com\/idnu.ch\/wordpress\/wp-content\/uploads\/2025\/09\/schweden-20250731-120-Bearbeitet.jpg?resize=300%2C200&amp;ssl=1 300w, https:\/\/i0.wp.com\/idnu.ch\/wordpress\/wp-content\/uploads\/2025\/09\/schweden-20250731-120-Bearbeitet.jpg?resize=1024%2C683&amp;ssl=1 1024w, https:\/\/i0.wp.com\/idnu.ch\/wordpress\/wp-content\/uploads\/2025\/09\/schweden-20250731-120-Bearbeitet.jpg?resize=768%2C512&amp;ssl=1 768w, https:\/\/i0.wp.com\/idnu.ch\/wordpress\/wp-content\/uploads\/2025\/09\/schweden-20250731-120-Bearbeitet.jpg?resize=150%2C100&amp;ssl=1 150w\" width=\"746\" height=\"498\" loading=\"lazy\" data-original-width=\"746\" data-original-height=\"498\" itemprop=\"http:\/\/schema.org\/image\" title=\"M\u00fcde Rauchschwalbenbabies\" alt=\"M\u00fcde Rauchschwalbenbabies\" style=\"width: 746px; height: 498px;\" \/> <\/a> <div class=\"tiled-gallery-caption\" itemprop=\"caption description\"> M\u00fcde Rauchschwalbenbabies <\/div> <\/div> <\/div> <!-- close group --> <\/div> <!-- close row --> <\/div>\n<p><iframe loading=\"lazy\" src=\"https:\/\/www.komoot.com\/de-de\/tour\/2451162349\/embed?share_token=a4FKaoR1XGIplKK4RD7kz2eIGAFOrB2d7GhVzPYyB2g5v5jcg0&amp;profile=1\" width=\"100%\" height=\"700\" frameborder=\"0\" scrolling=\"no\"><\/iframe><\/p>\n","protected":false},"excerpt":{"rendered":"<p>Start- und Endpunkt unserer Schwedenreise war G\u00f6teborg. Wir verweilten zu Beginn einen Tag&#8230;<\/p>\n","protected":false},"author":2,"featured_media":28053,"comment_status":"open","ping_status":"open","sticky":false,"template":"","format":"standard","meta":{"_monsterinsights_skip_tracking":false,"_monsterinsights_sitenote_active":false,"_monsterinsights_sitenote_note":"","_monsterinsights_sitenote_category":0,"jetpack_post_was_ever_published":false,"_jetpack_newsletter_access":"","_jetpack_dont_email_post_to_subs":false,"_jetpack_newsletter_tier_id":0,"_jetpack_memberships_contains_paywalled_content":false,"_jetpack_memberships_contains_paid_content":false,"footnotes":"","jetpack_publicize_message":"NEU im Blog: Entdeckungen rund um G\u00f6teborg - ein letztes Mal Schweden.\r\n#schweden #NatureInSweden","jetpack_publicize_feature_enabled":true,"jetpack_social_post_already_shared":true,"jetpack_social_options":{"image_generator_settings":{"template":"highway","default_image_id":0,"font":"","enabled":false},"version":2}},"categories":[6,1665,5],"tags":[1093,1683,737,1333,1684,1685,1688,1687],"class_list":["post-28041","post","type-post","status-publish","format-standard","has-post-thumbnail","hentry","category-naturerlebnis","category-schweden","category-wandern","tag-birdwatching","tag-goeteborg","tag-naturschutzgebiet","tag-ornithologie","tag-schaeren","tag-schaereninseln","tag-stora-delsjoen","tag-styrsoe"],"geo":{"latitude":57.699516299999999091596691869199275970458984375,"longitude":11.7959575999999994877498465939424932003021240234375,"description":null},"yoast_head":"<!-- This site is optimized with the Yoast SEO plugin v27.4 - https:\/\/yoast.com\/product\/yoast-seo-wordpress\/ -->\n<title>Entdeckungen rund um G\u00f6teborg - In der Natur unterwegs<\/title>\n<meta name=\"description\" content=\"Entdeckungen rund um G\u00f6teborg sind viele zu machen, ob direkt neben der Stadt oder auf einer der zahlreichen Inseln.\" \/>\n<meta name=\"robots\" content=\"index, follow, max-snippet:-1, max-image-preview:large, max-video-preview:-1\" \/>\n<link rel=\"canonical\" href=\"https:\/\/idnu.ch\/wordpress\/entdeckungen-rund-um-goeteborg\/\" \/>\n<meta property=\"og:locale\" content=\"de_DE\" \/>\n<meta property=\"og:type\" content=\"article\" \/>\n<meta property=\"og:title\" content=\"Entdeckungen rund um G\u00f6teborg - In der Natur unterwegs\" \/>\n<meta property=\"og:description\" content=\"Entdeckungen rund um G\u00f6teborg sind viele zu machen, ob direkt neben der Stadt oder auf einer der zahlreichen Inseln.\" \/>\n<meta property=\"og:url\" content=\"https:\/\/idnu.ch\/wordpress\/entdeckungen-rund-um-goeteborg\/\" \/>\n<meta property=\"og:site_name\" content=\"In der Natur unterwegs\" \/>\n<meta property=\"article:published_time\" content=\"2025-09-27T15:39:45+00:00\" \/>\n<meta property=\"article:modified_time\" content=\"2026-02-18T14:57:55+00:00\" \/>\n<meta property=\"og:image\" content=\"https:\/\/idnu.ch\/wordpress\/wp-content\/uploads\/2025\/09\/schweden-20250703-38-Bearbeitet.jpg\" \/>\n\t<meta property=\"og:image:width\" content=\"1240\" \/>\n\t<meta property=\"og:image:height\" content=\"827\" \/>\n\t<meta property=\"og:image:type\" content=\"image\/jpeg\" \/>\n<meta name=\"author\" content=\"Urs Kyburz\" \/>\n<meta name=\"twitter:card\" content=\"summary_large_image\" \/>\n<meta name=\"twitter:creator\" content=\"@idnu_ch\" \/>\n<meta name=\"twitter:site\" content=\"@idnu_ch\" \/>\n<meta name=\"twitter:label1\" content=\"Verfasst von\" \/>\n\t<meta name=\"twitter:data1\" content=\"Urs Kyburz\" \/>\n\t<meta name=\"twitter:label2\" content=\"Gesch\u00e4tzte Lesezeit\" \/>\n\t<meta name=\"twitter:data2\" content=\"10\u00a0Minuten\" \/>\n<script type=\"application\/ld+json\" class=\"yoast-schema-graph\">{\"@context\":\"https:\\\/\\\/schema.org\",\"@graph\":[{\"@type\":\"Article\",\"@id\":\"https:\\\/\\\/idnu.ch\\\/wordpress\\\/entdeckungen-rund-um-goeteborg\\\/#article\",\"isPartOf\":{\"@id\":\"https:\\\/\\\/idnu.ch\\\/wordpress\\\/entdeckungen-rund-um-goeteborg\\\/\"},\"author\":{\"name\":\"Urs Kyburz\",\"@id\":\"https:\\\/\\\/idnu.ch\\\/wordpress\\\/#\\\/schema\\\/person\\\/1ab8c5de743be7b019272124c19ad351\"},\"headline\":\"Entdeckungen rund um G\u00f6teborg\",\"datePublished\":\"2025-09-27T15:39:45+00:00\",\"dateModified\":\"2026-02-18T14:57:55+00:00\",\"mainEntityOfPage\":{\"@id\":\"https:\\\/\\\/idnu.ch\\\/wordpress\\\/entdeckungen-rund-um-goeteborg\\\/\"},\"wordCount\":1747,\"commentCount\":0,\"publisher\":{\"@id\":\"https:\\\/\\\/idnu.ch\\\/wordpress\\\/#\\\/schema\\\/person\\\/1ab8c5de743be7b019272124c19ad351\"},\"image\":{\"@id\":\"https:\\\/\\\/idnu.ch\\\/wordpress\\\/entdeckungen-rund-um-goeteborg\\\/#primaryimage\"},\"thumbnailUrl\":\"https:\\\/\\\/i0.wp.com\\\/idnu.ch\\\/wordpress\\\/wp-content\\\/uploads\\\/2025\\\/09\\\/schweden-20250703-38-Bearbeitet.jpg?fit=1240%2C827&ssl=1\",\"keywords\":[\"birdwatching\",\"G\u00f6teborg\",\"Naturschutzgebiet\",\"Ornithologie\",\"Sch\u00e4ren\",\"Sch\u00e4reninseln\",\"Stora Delsj\u00f6n\",\"Styrs\u00f6\"],\"articleSection\":[\"Naturerlebnis\",\"Schweden\",\"Wandern\"],\"inLanguage\":\"de\",\"potentialAction\":[{\"@type\":\"CommentAction\",\"name\":\"Comment\",\"target\":[\"https:\\\/\\\/idnu.ch\\\/wordpress\\\/entdeckungen-rund-um-goeteborg\\\/#respond\"]}]},{\"@type\":\"WebPage\",\"@id\":\"https:\\\/\\\/idnu.ch\\\/wordpress\\\/entdeckungen-rund-um-goeteborg\\\/\",\"url\":\"https:\\\/\\\/idnu.ch\\\/wordpress\\\/entdeckungen-rund-um-goeteborg\\\/\",\"name\":\"Entdeckungen rund um G\u00f6teborg - In der Natur unterwegs\",\"isPartOf\":{\"@id\":\"https:\\\/\\\/idnu.ch\\\/wordpress\\\/#website\"},\"primaryImageOfPage\":{\"@id\":\"https:\\\/\\\/idnu.ch\\\/wordpress\\\/entdeckungen-rund-um-goeteborg\\\/#primaryimage\"},\"image\":{\"@id\":\"https:\\\/\\\/idnu.ch\\\/wordpress\\\/entdeckungen-rund-um-goeteborg\\\/#primaryimage\"},\"thumbnailUrl\":\"https:\\\/\\\/i0.wp.com\\\/idnu.ch\\\/wordpress\\\/wp-content\\\/uploads\\\/2025\\\/09\\\/schweden-20250703-38-Bearbeitet.jpg?fit=1240%2C827&ssl=1\",\"datePublished\":\"2025-09-27T15:39:45+00:00\",\"dateModified\":\"2026-02-18T14:57:55+00:00\",\"description\":\"Entdeckungen rund um G\u00f6teborg sind viele zu machen, ob direkt neben der Stadt oder auf einer der zahlreichen Inseln.\",\"breadcrumb\":{\"@id\":\"https:\\\/\\\/idnu.ch\\\/wordpress\\\/entdeckungen-rund-um-goeteborg\\\/#breadcrumb\"},\"inLanguage\":\"de\",\"potentialAction\":[{\"@type\":\"ReadAction\",\"target\":[\"https:\\\/\\\/idnu.ch\\\/wordpress\\\/entdeckungen-rund-um-goeteborg\\\/\"]}]},{\"@type\":\"ImageObject\",\"inLanguage\":\"de\",\"@id\":\"https:\\\/\\\/idnu.ch\\\/wordpress\\\/entdeckungen-rund-um-goeteborg\\\/#primaryimage\",\"url\":\"https:\\\/\\\/i0.wp.com\\\/idnu.ch\\\/wordpress\\\/wp-content\\\/uploads\\\/2025\\\/09\\\/schweden-20250703-38-Bearbeitet.jpg?fit=1240%2C827&ssl=1\",\"contentUrl\":\"https:\\\/\\\/i0.wp.com\\\/idnu.ch\\\/wordpress\\\/wp-content\\\/uploads\\\/2025\\\/09\\\/schweden-20250703-38-Bearbeitet.jpg?fit=1240%2C827&ssl=1\",\"width\":1240,\"height\":827,\"caption\":\"In Ruhe beobachten\"},{\"@type\":\"BreadcrumbList\",\"@id\":\"https:\\\/\\\/idnu.ch\\\/wordpress\\\/entdeckungen-rund-um-goeteborg\\\/#breadcrumb\",\"itemListElement\":[{\"@type\":\"ListItem\",\"position\":1,\"name\":\"Startseite\",\"item\":\"https:\\\/\\\/idnu.ch\\\/wordpress\\\/\"},{\"@type\":\"ListItem\",\"position\":2,\"name\":\"Entdeckungen rund um G\u00f6teborg\"}]},{\"@type\":\"WebSite\",\"@id\":\"https:\\\/\\\/idnu.ch\\\/wordpress\\\/#website\",\"url\":\"https:\\\/\\\/idnu.ch\\\/wordpress\\\/\",\"name\":\"In der Natur unterwegs\",\"description\":\"Dort, wo es am sch\u00f6nsten ist\",\"publisher\":{\"@id\":\"https:\\\/\\\/idnu.ch\\\/wordpress\\\/#\\\/schema\\\/person\\\/1ab8c5de743be7b019272124c19ad351\"},\"potentialAction\":[{\"@type\":\"SearchAction\",\"target\":{\"@type\":\"EntryPoint\",\"urlTemplate\":\"https:\\\/\\\/idnu.ch\\\/wordpress\\\/?s={search_term_string}\"},\"query-input\":{\"@type\":\"PropertyValueSpecification\",\"valueRequired\":true,\"valueName\":\"search_term_string\"}}],\"inLanguage\":\"de\"},{\"@type\":[\"Person\",\"Organization\"],\"@id\":\"https:\\\/\\\/idnu.ch\\\/wordpress\\\/#\\\/schema\\\/person\\\/1ab8c5de743be7b019272124c19ad351\",\"name\":\"Urs Kyburz\",\"image\":{\"@type\":\"ImageObject\",\"inLanguage\":\"de\",\"@id\":\"https:\\\/\\\/i0.wp.com\\\/idnu.ch\\\/wordpress\\\/wp-content\\\/uploads\\\/2016\\\/02\\\/logo_150x165.gif?fit=3151%2C3456&ssl=1\",\"url\":\"https:\\\/\\\/i0.wp.com\\\/idnu.ch\\\/wordpress\\\/wp-content\\\/uploads\\\/2016\\\/02\\\/logo_150x165.gif?fit=3151%2C3456&ssl=1\",\"contentUrl\":\"https:\\\/\\\/i0.wp.com\\\/idnu.ch\\\/wordpress\\\/wp-content\\\/uploads\\\/2016\\\/02\\\/logo_150x165.gif?fit=3151%2C3456&ssl=1\",\"width\":3151,\"height\":3456,\"caption\":\"Urs Kyburz\"},\"logo\":{\"@id\":\"https:\\\/\\\/i0.wp.com\\\/idnu.ch\\\/wordpress\\\/wp-content\\\/uploads\\\/2016\\\/02\\\/logo_150x165.gif?fit=3151%2C3456&ssl=1\"}}]}<\/script>\n<!-- \/ Yoast SEO plugin. -->","yoast_head_json":{"title":"Entdeckungen rund um G\u00f6teborg - In der Natur unterwegs","description":"Entdeckungen rund um G\u00f6teborg sind viele zu machen, ob direkt neben der Stadt oder auf einer der zahlreichen Inseln.","robots":{"index":"index","follow":"follow","max-snippet":"max-snippet:-1","max-image-preview":"max-image-preview:large","max-video-preview":"max-video-preview:-1"},"canonical":"https:\/\/idnu.ch\/wordpress\/entdeckungen-rund-um-goeteborg\/","og_locale":"de_DE","og_type":"article","og_title":"Entdeckungen rund um G\u00f6teborg - In der Natur unterwegs","og_description":"Entdeckungen rund um G\u00f6teborg sind viele zu machen, ob direkt neben der Stadt oder auf einer der zahlreichen Inseln.","og_url":"https:\/\/idnu.ch\/wordpress\/entdeckungen-rund-um-goeteborg\/","og_site_name":"In der Natur unterwegs","article_published_time":"2025-09-27T15:39:45+00:00","article_modified_time":"2026-02-18T14:57:55+00:00","og_image":[{"width":1240,"height":827,"url":"https:\/\/idnu.ch\/wordpress\/wp-content\/uploads\/2025\/09\/schweden-20250703-38-Bearbeitet.jpg","type":"image\/jpeg"}],"author":"Urs Kyburz","twitter_card":"summary_large_image","twitter_creator":"@idnu_ch","twitter_site":"@idnu_ch","twitter_misc":{"Verfasst von":"Urs Kyburz","Gesch\u00e4tzte Lesezeit":"10\u00a0Minuten"},"schema":{"@context":"https:\/\/schema.org","@graph":[{"@type":"Article","@id":"https:\/\/idnu.ch\/wordpress\/entdeckungen-rund-um-goeteborg\/#article","isPartOf":{"@id":"https:\/\/idnu.ch\/wordpress\/entdeckungen-rund-um-goeteborg\/"},"author":{"name":"Urs Kyburz","@id":"https:\/\/idnu.ch\/wordpress\/#\/schema\/person\/1ab8c5de743be7b019272124c19ad351"},"headline":"Entdeckungen rund um G\u00f6teborg","datePublished":"2025-09-27T15:39:45+00:00","dateModified":"2026-02-18T14:57:55+00:00","mainEntityOfPage":{"@id":"https:\/\/idnu.ch\/wordpress\/entdeckungen-rund-um-goeteborg\/"},"wordCount":1747,"commentCount":0,"publisher":{"@id":"https:\/\/idnu.ch\/wordpress\/#\/schema\/person\/1ab8c5de743be7b019272124c19ad351"},"image":{"@id":"https:\/\/idnu.ch\/wordpress\/entdeckungen-rund-um-goeteborg\/#primaryimage"},"thumbnailUrl":"https:\/\/i0.wp.com\/idnu.ch\/wordpress\/wp-content\/uploads\/2025\/09\/schweden-20250703-38-Bearbeitet.jpg?fit=1240%2C827&ssl=1","keywords":["birdwatching","G\u00f6teborg","Naturschutzgebiet","Ornithologie","Sch\u00e4ren","Sch\u00e4reninseln","Stora Delsj\u00f6n","Styrs\u00f6"],"articleSection":["Naturerlebnis","Schweden","Wandern"],"inLanguage":"de","potentialAction":[{"@type":"CommentAction","name":"Comment","target":["https:\/\/idnu.ch\/wordpress\/entdeckungen-rund-um-goeteborg\/#respond"]}]},{"@type":"WebPage","@id":"https:\/\/idnu.ch\/wordpress\/entdeckungen-rund-um-goeteborg\/","url":"https:\/\/idnu.ch\/wordpress\/entdeckungen-rund-um-goeteborg\/","name":"Entdeckungen rund um G\u00f6teborg - In der Natur unterwegs","isPartOf":{"@id":"https:\/\/idnu.ch\/wordpress\/#website"},"primaryImageOfPage":{"@id":"https:\/\/idnu.ch\/wordpress\/entdeckungen-rund-um-goeteborg\/#primaryimage"},"image":{"@id":"https:\/\/idnu.ch\/wordpress\/entdeckungen-rund-um-goeteborg\/#primaryimage"},"thumbnailUrl":"https:\/\/i0.wp.com\/idnu.ch\/wordpress\/wp-content\/uploads\/2025\/09\/schweden-20250703-38-Bearbeitet.jpg?fit=1240%2C827&ssl=1","datePublished":"2025-09-27T15:39:45+00:00","dateModified":"2026-02-18T14:57:55+00:00","description":"Entdeckungen rund um G\u00f6teborg sind viele zu machen, ob direkt neben der Stadt oder auf einer der zahlreichen Inseln.","breadcrumb":{"@id":"https:\/\/idnu.ch\/wordpress\/entdeckungen-rund-um-goeteborg\/#breadcrumb"},"inLanguage":"de","potentialAction":[{"@type":"ReadAction","target":["https:\/\/idnu.ch\/wordpress\/entdeckungen-rund-um-goeteborg\/"]}]},{"@type":"ImageObject","inLanguage":"de","@id":"https:\/\/idnu.ch\/wordpress\/entdeckungen-rund-um-goeteborg\/#primaryimage","url":"https:\/\/i0.wp.com\/idnu.ch\/wordpress\/wp-content\/uploads\/2025\/09\/schweden-20250703-38-Bearbeitet.jpg?fit=1240%2C827&ssl=1","contentUrl":"https:\/\/i0.wp.com\/idnu.ch\/wordpress\/wp-content\/uploads\/2025\/09\/schweden-20250703-38-Bearbeitet.jpg?fit=1240%2C827&ssl=1","width":1240,"height":827,"caption":"In Ruhe beobachten"},{"@type":"BreadcrumbList","@id":"https:\/\/idnu.ch\/wordpress\/entdeckungen-rund-um-goeteborg\/#breadcrumb","itemListElement":[{"@type":"ListItem","position":1,"name":"Startseite","item":"https:\/\/idnu.ch\/wordpress\/"},{"@type":"ListItem","position":2,"name":"Entdeckungen rund um G\u00f6teborg"}]},{"@type":"WebSite","@id":"https:\/\/idnu.ch\/wordpress\/#website","url":"https:\/\/idnu.ch\/wordpress\/","name":"In der Natur unterwegs","description":"Dort, wo es am sch\u00f6nsten ist","publisher":{"@id":"https:\/\/idnu.ch\/wordpress\/#\/schema\/person\/1ab8c5de743be7b019272124c19ad351"},"potentialAction":[{"@type":"SearchAction","target":{"@type":"EntryPoint","urlTemplate":"https:\/\/idnu.ch\/wordpress\/?s={search_term_string}"},"query-input":{"@type":"PropertyValueSpecification","valueRequired":true,"valueName":"search_term_string"}}],"inLanguage":"de"},{"@type":["Person","Organization"],"@id":"https:\/\/idnu.ch\/wordpress\/#\/schema\/person\/1ab8c5de743be7b019272124c19ad351","name":"Urs Kyburz","image":{"@type":"ImageObject","inLanguage":"de","@id":"https:\/\/i0.wp.com\/idnu.ch\/wordpress\/wp-content\/uploads\/2016\/02\/logo_150x165.gif?fit=3151%2C3456&ssl=1","url":"https:\/\/i0.wp.com\/idnu.ch\/wordpress\/wp-content\/uploads\/2016\/02\/logo_150x165.gif?fit=3151%2C3456&ssl=1","contentUrl":"https:\/\/i0.wp.com\/idnu.ch\/wordpress\/wp-content\/uploads\/2016\/02\/logo_150x165.gif?fit=3151%2C3456&ssl=1","width":3151,"height":3456,"caption":"Urs Kyburz"},"logo":{"@id":"https:\/\/i0.wp.com\/idnu.ch\/wordpress\/wp-content\/uploads\/2016\/02\/logo_150x165.gif?fit=3151%2C3456&ssl=1"}}]}},"jetpack_publicize_connections":[],"jetpack_featured_media_url":"https:\/\/i0.wp.com\/idnu.ch\/wordpress\/wp-content\/uploads\/2025\/09\/schweden-20250703-38-Bearbeitet.jpg?fit=1240%2C827&ssl=1","jetpack_sharing_enabled":true,"jetpack_shortlink":"https:\/\/wp.me\/p6MmGG-7ih","jetpack-related-posts":[{"id":27624,"url":"https:\/\/idnu.ch\/wordpress\/wie-komme-ich-nach-schweden\/","url_meta":{"origin":28041,"position":0},"title":"Wie komme ich nach Schweden?","author":"Urs Kyburz","date":"27. September 2025","format":false,"excerpt":"Bl\u00f6de Frage: Ins Flugzeug steigen und hin fliegen. Nun, das ist die gedankenlose Version. Denn fliegen belastet ja das Klima und die Umwelt enorm, ist aber so bequem. Wir haben einen anderen Weg gew\u00e4hlt um nach Schweden (und wieder nach Hause) zu kommen. Wann beginnen Ferien? Wenn man das Auto\u2026","rel":"","context":"In &quot;Schweden&quot;","block_context":{"text":"Schweden","link":"https:\/\/idnu.ch\/wordpress\/category\/laender\/schweden\/"},"img":{"alt_text":"","src":"https:\/\/i0.wp.com\/idnu.ch\/wordpress\/wp-content\/uploads\/2025\/09\/schweden-20250702-17-Bearbeitet.jpg?fit=1200%2C800&ssl=1&resize=350%2C200","width":350,"height":200,"srcset":"https:\/\/i0.wp.com\/idnu.ch\/wordpress\/wp-content\/uploads\/2025\/09\/schweden-20250702-17-Bearbeitet.jpg?fit=1200%2C800&ssl=1&resize=350%2C200 1x, https:\/\/i0.wp.com\/idnu.ch\/wordpress\/wp-content\/uploads\/2025\/09\/schweden-20250702-17-Bearbeitet.jpg?fit=1200%2C800&ssl=1&resize=525%2C300 1.5x, https:\/\/i0.wp.com\/idnu.ch\/wordpress\/wp-content\/uploads\/2025\/09\/schweden-20250702-17-Bearbeitet.jpg?fit=1200%2C800&ssl=1&resize=700%2C400 2x, https:\/\/i0.wp.com\/idnu.ch\/wordpress\/wp-content\/uploads\/2025\/09\/schweden-20250702-17-Bearbeitet.jpg?fit=1200%2C800&ssl=1&resize=1050%2C600 3x"},"classes":[]},{"id":1661,"url":"https:\/\/idnu.ch\/wordpress\/nuoler-ried-auf-dem-heimweg\/","url_meta":{"origin":28041,"position":1},"title":"Nuoler Ried auf dem Heimweg","author":"Urs Kyburz","date":"1. November 2015","format":false,"excerpt":"Das Nuoler Ried am Oberen Z\u00fcrichsee besuchten wir auf dem Heimweg von den Ferien in Flims, um ein wenig die Beine zu vertreten. Das Nuoler Ried ist ein wertvolles Naturschutzgebiet, mehr dazu unter www.pronatura-sz.ch\/nuoler-ried. Viel Interessantes sahen wir nicht, das lag aber wohl zum einen an der Jahreszeit, zum anderen\u2026","rel":"","context":"In &quot;Naturerlebnis&quot;","block_context":{"text":"Naturerlebnis","link":"https:\/\/idnu.ch\/wordpress\/category\/naturerlebnis\/"},"img":{"alt_text":"Spannend zum Beobachten","src":"https:\/\/i0.wp.com\/idnu.ch\/wordpress\/wp-content\/uploads\/2015\/11\/12_nuoler_ried_0006.jpg?fit=1200%2C800&ssl=1&resize=350%2C200","width":350,"height":200,"srcset":"https:\/\/i0.wp.com\/idnu.ch\/wordpress\/wp-content\/uploads\/2015\/11\/12_nuoler_ried_0006.jpg?fit=1200%2C800&ssl=1&resize=350%2C200 1x, https:\/\/i0.wp.com\/idnu.ch\/wordpress\/wp-content\/uploads\/2015\/11\/12_nuoler_ried_0006.jpg?fit=1200%2C800&ssl=1&resize=525%2C300 1.5x, https:\/\/i0.wp.com\/idnu.ch\/wordpress\/wp-content\/uploads\/2015\/11\/12_nuoler_ried_0006.jpg?fit=1200%2C800&ssl=1&resize=700%2C400 2x, https:\/\/i0.wp.com\/idnu.ch\/wordpress\/wp-content\/uploads\/2015\/11\/12_nuoler_ried_0006.jpg?fit=1200%2C800&ssl=1&resize=1050%2C600 3x"},"classes":[]},{"id":7981,"url":"https:\/\/idnu.ch\/wordpress\/die-naturinsel-im-wauwiler-moos\/","url_meta":{"origin":28041,"position":2},"title":"Die Naturinsel im Wauwiler Moos","author":"Urs Kyburz","date":"29. Juli 2017","format":false,"excerpt":"Das Wauwiler Moos ist eine weite Ebene bei Sursee und von intensiver Landwirtschaft gepr\u00e4gt. Wo fr\u00fcher S\u00fcmpfe die Landschaft pr\u00e4gten, wachsen heute gr\u00fcne Wiesen und Maisfelder. Dazwischen findet man aber immer wieder Reste des einstigen Naturreichtums. Eigentlich sollten wir ja jetzt auf der\u00a0Panorama Bike\u00a0sein. Das Wetter ist aber launisch, so\u2026","rel":"","context":"In &quot;Luzern&quot;","block_context":{"text":"Luzern","link":"https:\/\/idnu.ch\/wordpress\/category\/kanton\/luzern\/"},"img":{"alt_text":"Auf dem Dach des Turmes","src":"https:\/\/i0.wp.com\/idnu.ch\/wordpress\/wp-content\/uploads\/2017\/07\/wauwiler_moos_170725_011.jpg?fit=1200%2C800&ssl=1&resize=350%2C200","width":350,"height":200,"srcset":"https:\/\/i0.wp.com\/idnu.ch\/wordpress\/wp-content\/uploads\/2017\/07\/wauwiler_moos_170725_011.jpg?fit=1200%2C800&ssl=1&resize=350%2C200 1x, https:\/\/i0.wp.com\/idnu.ch\/wordpress\/wp-content\/uploads\/2017\/07\/wauwiler_moos_170725_011.jpg?fit=1200%2C800&ssl=1&resize=525%2C300 1.5x, https:\/\/i0.wp.com\/idnu.ch\/wordpress\/wp-content\/uploads\/2017\/07\/wauwiler_moos_170725_011.jpg?fit=1200%2C800&ssl=1&resize=700%2C400 2x, https:\/\/i0.wp.com\/idnu.ch\/wordpress\/wp-content\/uploads\/2017\/07\/wauwiler_moos_170725_011.jpg?fit=1200%2C800&ssl=1&resize=1050%2C600 3x"},"classes":[]},{"id":10525,"url":"https:\/\/idnu.ch\/wordpress\/die-naturinsel-im-wauwiler-moos-2\/","url_meta":{"origin":28041,"position":3},"title":"Die Naturinsel im Wauwiler Moos","author":"Urs Kyburz","date":"2. September 2018","format":"aside","excerpt":"Der neuste Artikel auf Zentralplus beschreibt einen Ausflug ins Wauwilermoos:\u00a0Die Naturinsel im Wauwiler Moos","rel":"","context":"In &quot;Zentralplus&quot;","block_context":{"text":"Zentralplus","link":"https:\/\/idnu.ch\/wordpress\/category\/idnu-in-den-medien\/zentralplus\/"},"img":{"alt_text":"Saubere Wege im ganzen Gebiet","src":"https:\/\/i0.wp.com\/idnu.ch\/wordpress\/wp-content\/uploads\/2017\/07\/wauwiler_moos_170725_035.jpg?fit=1200%2C800&ssl=1&resize=350%2C200","width":350,"height":200,"srcset":"https:\/\/i0.wp.com\/idnu.ch\/wordpress\/wp-content\/uploads\/2017\/07\/wauwiler_moos_170725_035.jpg?fit=1200%2C800&ssl=1&resize=350%2C200 1x, https:\/\/i0.wp.com\/idnu.ch\/wordpress\/wp-content\/uploads\/2017\/07\/wauwiler_moos_170725_035.jpg?fit=1200%2C800&ssl=1&resize=525%2C300 1.5x, https:\/\/i0.wp.com\/idnu.ch\/wordpress\/wp-content\/uploads\/2017\/07\/wauwiler_moos_170725_035.jpg?fit=1200%2C800&ssl=1&resize=700%2C400 2x, https:\/\/i0.wp.com\/idnu.ch\/wordpress\/wp-content\/uploads\/2017\/07\/wauwiler_moos_170725_035.jpg?fit=1200%2C800&ssl=1&resize=1050%2C600 3x"},"classes":[]},{"id":7428,"url":"https:\/\/idnu.ch\/wordpress\/9-naturerlebnisse-fuer-den-fruehling\/","url_meta":{"origin":28041,"position":4},"title":"9 Naturerlebnisse f\u00fcr den Fr\u00fchling","author":"Urs Kyburz","date":"10. April 2017","format":false,"excerpt":"Es ist un\u00fcbersehbar, wir stehen mitten im Fr\u00fchling. Die Kirschb\u00e4ume bl\u00fchen, die Bienen summen und viele Sommerg\u00e4ste unter den V\u00f6geln sind wieder zur\u00fcck. Es ist also die beste Gelegenheit, der Natur beim Wachsen zuzuschauen. An diesen neun Orten kann man das besonders gut. Und das Gute f\u00fcr weniger Gel\u00e4ndeg\u00e4ngige: Fast\u2026","rel":"","context":"In &quot;Aargau&quot;","block_context":{"text":"Aargau","link":"https:\/\/idnu.ch\/wordpress\/category\/kanton\/aargau\/"},"img":{"alt_text":"","src":"https:\/\/i0.wp.com\/idnu.ch\/wordpress\/wp-content\/uploads\/2016\/05\/stille_reuss_0003.jpg?fit=1200%2C800&ssl=1&resize=350%2C200","width":350,"height":200,"srcset":"https:\/\/i0.wp.com\/idnu.ch\/wordpress\/wp-content\/uploads\/2016\/05\/stille_reuss_0003.jpg?fit=1200%2C800&ssl=1&resize=350%2C200 1x, https:\/\/i0.wp.com\/idnu.ch\/wordpress\/wp-content\/uploads\/2016\/05\/stille_reuss_0003.jpg?fit=1200%2C800&ssl=1&resize=525%2C300 1.5x, https:\/\/i0.wp.com\/idnu.ch\/wordpress\/wp-content\/uploads\/2016\/05\/stille_reuss_0003.jpg?fit=1200%2C800&ssl=1&resize=700%2C400 2x, https:\/\/i0.wp.com\/idnu.ch\/wordpress\/wp-content\/uploads\/2016\/05\/stille_reuss_0003.jpg?fit=1200%2C800&ssl=1&resize=1050%2C600 3x"},"classes":[]},{"id":10047,"url":"https:\/\/idnu.ch\/wordpress\/naturperle-eriwis\/","url_meta":{"origin":28041,"position":5},"title":"Naturperle Eriwis","author":"Urs Kyburz","date":"18. Juni 2018","format":false,"excerpt":"Das Eriwis ist ein Naturschutzgebiet in einer ehemaligen Opalinustongrube in Schinznach Dorf und wird von der Naturwerkstatt Eriwis und Birdlife Aargau betreut. Auf 15 Hektaren finden wir unterschiedliche Lebensr\u00e4ume, vom T\u00fcmpel bis zum Wald. Als wir von diesem Naturjuwel erfahren hatten, mussten wir nat\u00fcrlich dort hin. Zu spannend klang die\u2026","rel":"","context":"In &quot;Aargau&quot;","block_context":{"text":"Aargau","link":"https:\/\/idnu.ch\/wordpress\/category\/kanton\/aargau\/"},"img":{"alt_text":"Azurjungfern im Paarungsrad","src":"https:\/\/i0.wp.com\/idnu.ch\/wordpress\/wp-content\/uploads\/2018\/06\/eriwis-20180603-70.jpg?fit=1200%2C800&ssl=1&resize=350%2C200","width":350,"height":200,"srcset":"https:\/\/i0.wp.com\/idnu.ch\/wordpress\/wp-content\/uploads\/2018\/06\/eriwis-20180603-70.jpg?fit=1200%2C800&ssl=1&resize=350%2C200 1x, https:\/\/i0.wp.com\/idnu.ch\/wordpress\/wp-content\/uploads\/2018\/06\/eriwis-20180603-70.jpg?fit=1200%2C800&ssl=1&resize=525%2C300 1.5x, https:\/\/i0.wp.com\/idnu.ch\/wordpress\/wp-content\/uploads\/2018\/06\/eriwis-20180603-70.jpg?fit=1200%2C800&ssl=1&resize=700%2C400 2x, https:\/\/i0.wp.com\/idnu.ch\/wordpress\/wp-content\/uploads\/2018\/06\/eriwis-20180603-70.jpg?fit=1200%2C800&ssl=1&resize=1050%2C600 3x"},"classes":[]}],"jetpack_likes_enabled":true,"_links":{"self":[{"href":"https:\/\/idnu.ch\/wordpress\/wp-json\/wp\/v2\/posts\/28041","targetHints":{"allow":["GET"]}}],"collection":[{"href":"https:\/\/idnu.ch\/wordpress\/wp-json\/wp\/v2\/posts"}],"about":[{"href":"https:\/\/idnu.ch\/wordpress\/wp-json\/wp\/v2\/types\/post"}],"author":[{"embeddable":true,"href":"https:\/\/idnu.ch\/wordpress\/wp-json\/wp\/v2\/users\/2"}],"replies":[{"embeddable":true,"href":"https:\/\/idnu.ch\/wordpress\/wp-json\/wp\/v2\/comments?post=28041"}],"version-history":[{"count":8,"href":"https:\/\/idnu.ch\/wordpress\/wp-json\/wp\/v2\/posts\/28041\/revisions"}],"predecessor-version":[{"id":28126,"href":"https:\/\/idnu.ch\/wordpress\/wp-json\/wp\/v2\/posts\/28041\/revisions\/28126"}],"wp:featuredmedia":[{"embeddable":true,"href":"https:\/\/idnu.ch\/wordpress\/wp-json\/wp\/v2\/media\/28053"}],"wp:attachment":[{"href":"https:\/\/idnu.ch\/wordpress\/wp-json\/wp\/v2\/media?parent=28041"}],"wp:term":[{"taxonomy":"category","embeddable":true,"href":"https:\/\/idnu.ch\/wordpress\/wp-json\/wp\/v2\/categories?post=28041"},{"taxonomy":"post_tag","embeddable":true,"href":"https:\/\/idnu.ch\/wordpress\/wp-json\/wp\/v2\/tags?post=28041"}],"curies":[{"name":"wp","href":"https:\/\/api.w.org\/{rel}","templated":true}]}}