{"id":29279,"date":"2026-08-30T15:49:53","date_gmt":"2026-08-30T13:49:53","guid":{"rendered":"https:\/\/idnu.ch\/wordpress\/?p=29279"},"modified":"2026-08-30T15:49:53","modified_gmt":"2026-08-30T13:49:53","slug":"die-suche-nach-dem-regengeist","status":"publish","type":"post","link":"https:\/\/idnu.ch\/wordpress\/die-suche-nach-dem-regengeist\/","title":{"rendered":"Die Suche nach dem Regengeist"},"content":{"rendered":"<p><strong>Nach langer, langer Zeit regnete es wieder mal. Zeit, uns auf die Suche nach dem Regengeist zu machen. Lies weiter, wenn du wissen willst, wer oder was der Regengeist ist. Er ist ein Grund, auch bei Regenwetter rauszugehen. Also, lesen, Regenjacke und wasserdichte Schuhe anziehen und raus!<\/strong><\/p>\n<figure id=\"attachment_29294\" aria-describedby=\"caption-attachment-29294\" style=\"width: 1280px\" class=\"wp-caption alignnone\"><a href=\"https:\/\/i0.wp.com\/idnu.ch\/wordpress\/wp-content\/uploads\/2026\/08\/arosa-20260715-38-012.jpg?ssl=1\"><img data-recalc-dims=\"1\" loading=\"lazy\" decoding=\"async\" data-attachment-id=\"29294\" data-permalink=\"https:\/\/idnu.ch\/wordpress\/die-suche-nach-dem-regengeist\/arosa-20260715-38-012\/#main\" data-orig-file=\"https:\/\/i0.wp.com\/idnu.ch\/wordpress\/wp-content\/uploads\/2026\/08\/arosa-20260715-38-012.jpg?fit=1280%2C853&amp;ssl=1\" data-orig-size=\"1280,853\" data-comments-opened=\"1\" data-image-title=\"Der Bach m\u00fcndet in den Schwellisee\" data-image-description=\"\" data-image-caption=\"&lt;p&gt;Der Bach m\u00fcndet in den Schwellisee&lt;\/p&gt;\n\" data-large-file=\"https:\/\/i0.wp.com\/idnu.ch\/wordpress\/wp-content\/uploads\/2026\/08\/arosa-20260715-38-012.jpg?fit=750%2C500&amp;ssl=1\" class=\"size-full wp-image-29294\" src=\"https:\/\/i0.wp.com\/idnu.ch\/wordpress\/wp-content\/uploads\/2026\/08\/arosa-20260715-38-012.jpg?resize=750%2C500&#038;ssl=1\" alt=\"\" width=\"750\" height=\"500\" srcset=\"https:\/\/i0.wp.com\/idnu.ch\/wordpress\/wp-content\/uploads\/2026\/08\/arosa-20260715-38-012.jpg?w=1280&amp;ssl=1 1280w, https:\/\/i0.wp.com\/idnu.ch\/wordpress\/wp-content\/uploads\/2026\/08\/arosa-20260715-38-012.jpg?resize=300%2C200&amp;ssl=1 300w, https:\/\/i0.wp.com\/idnu.ch\/wordpress\/wp-content\/uploads\/2026\/08\/arosa-20260715-38-012.jpg?resize=1024%2C682&amp;ssl=1 1024w, https:\/\/i0.wp.com\/idnu.ch\/wordpress\/wp-content\/uploads\/2026\/08\/arosa-20260715-38-012.jpg?resize=768%2C512&amp;ssl=1 768w, https:\/\/i0.wp.com\/idnu.ch\/wordpress\/wp-content\/uploads\/2026\/08\/arosa-20260715-38-012.jpg?resize=150%2C100&amp;ssl=1 150w\" sizes=\"auto, (max-width: 750px) 100vw, 750px\" \/><\/a><figcaption id=\"caption-attachment-29294\" class=\"wp-caption-text\">Der Bach m\u00fcndet in den Schwellisee<\/figcaption><\/figure>\n<h2>Es regnete<\/h2>\n<p>Am Abend und in der Nacht davor hat es geregnet. Das ist die perfekte Zeit, um den Regengeist zu suchen. Er kommt n\u00e4mlich nur hervor, wenn es geregnet hat, Sonne ist im ein Gr\u00e4uel. Wir starten also in Innerarosa, diesmal haben wir den Bus genommen bis zur Talstation der H\u00f6rnlibahn. Gleich beim Start erweckt eine Kr\u00e4he unsere Aufmerksamkeit. Sie ist nicht durchgehend schwarz wie die anderen Rabenkr\u00e4hen, sondern hat noch graue Zeichnungen drin. Es handelt sich um einen Hybride zwischen Rabenkr\u00e4he und Nebelkr\u00e4he, also einen Mischling.<\/p>\n<figure id=\"attachment_29295\" aria-describedby=\"caption-attachment-29295\" style=\"width: 853px\" class=\"wp-caption alignnone\"><a href=\"https:\/\/i0.wp.com\/idnu.ch\/wordpress\/wp-content\/uploads\/2026\/08\/arosa-20260715-1-001.jpg?ssl=1\"><img data-recalc-dims=\"1\" loading=\"lazy\" decoding=\"async\" data-attachment-id=\"29295\" data-permalink=\"https:\/\/idnu.ch\/wordpress\/die-suche-nach-dem-regengeist\/arosa-20260715-1-001\/#main\" data-orig-file=\"https:\/\/i0.wp.com\/idnu.ch\/wordpress\/wp-content\/uploads\/2026\/08\/arosa-20260715-1-001.jpg?fit=853%2C1280&amp;ssl=1\" data-orig-size=\"853,1280\" data-comments-opened=\"1\" data-image-title=\"Viel Wasser nach dem Regen\" data-image-description=\"\" data-image-caption=\"&lt;p&gt;Viel Wasser nach dem Regen&lt;\/p&gt;\n\" data-large-file=\"https:\/\/i0.wp.com\/idnu.ch\/wordpress\/wp-content\/uploads\/2026\/08\/arosa-20260715-1-001.jpg?fit=682%2C1024&amp;ssl=1\" class=\"size-full wp-image-29295\" src=\"https:\/\/i0.wp.com\/idnu.ch\/wordpress\/wp-content\/uploads\/2026\/08\/arosa-20260715-1-001.jpg?resize=750%2C1125&#038;ssl=1\" alt=\"\" width=\"750\" height=\"1125\" srcset=\"https:\/\/i0.wp.com\/idnu.ch\/wordpress\/wp-content\/uploads\/2026\/08\/arosa-20260715-1-001.jpg?w=853&amp;ssl=1 853w, https:\/\/i0.wp.com\/idnu.ch\/wordpress\/wp-content\/uploads\/2026\/08\/arosa-20260715-1-001.jpg?resize=200%2C300&amp;ssl=1 200w, https:\/\/i0.wp.com\/idnu.ch\/wordpress\/wp-content\/uploads\/2026\/08\/arosa-20260715-1-001.jpg?resize=682%2C1024&amp;ssl=1 682w, https:\/\/i0.wp.com\/idnu.ch\/wordpress\/wp-content\/uploads\/2026\/08\/arosa-20260715-1-001.jpg?resize=768%2C1152&amp;ssl=1 768w, https:\/\/i0.wp.com\/idnu.ch\/wordpress\/wp-content\/uploads\/2026\/08\/arosa-20260715-1-001.jpg?resize=67%2C100&amp;ssl=1 67w\" sizes=\"auto, (max-width: 750px) 100vw, 750px\" \/><\/a><figcaption id=\"caption-attachment-29295\" class=\"wp-caption-text\">Viel Wasser nach dem Regen<\/figcaption><\/figure>\n<p>Wir gehen den Weg weiter, den Blick haupts\u00e4chlich auf den Boden gerichtet, denn dort entdeckt man den Gesuchten. Da vorne, das ist doch&#8230; Tats\u00e4chlich, der gesuchte Regengeist: Ein <strong><a href=\"https:\/\/www.infofauna.ch\/de\/nationale-koordinationsstellen\/amphibien-karch\/die-amphibien\/arten\/salamandre-noire#gsc.tab=0\" target=\"_blank\" rel=\"noopener\">Alpensalamander<\/a><\/strong>! Warum Regengeist? Weil er sich nur bei Regen oder kurz danach hervorwagt. Seine Lebensweise hat sich, im Gegensatz zu anderen Amphibien, komplett von Gew\u00e4ssern gel\u00f6st, ist aber trotzdem auf Feuchtigkeit angewiesen. Auch die Fortpflanzung geschieht ausserhalb des Wassers. Das Weibchen tr\u00e4gt zwei befruchtete Eier im Leib. Darin leben dann auch die Larven, bis sie fertig entwickelt sind. Das dauert, je nach Umweltverh\u00e4ltnissen, zwei bis vier(!) Jahre.<\/p>\n<div class=\"tiled-gallery type-rectangular tiled-gallery-unresized\" data-original-width=\"750\" data-carousel-extra='{&quot;blog_id&quot;:1,&quot;permalink&quot;:&quot;https:\\\/\\\/idnu.ch\\\/wordpress\\\/die-suche-nach-dem-regengeist\\\/&quot;,&quot;likes_blog_id&quot;:100184974}' itemscope itemtype=\"http:\/\/schema.org\/ImageGallery\" > <div class=\"gallery-row\" style=\"width: 750px; height: 335px;\" data-original-width=\"750\" data-original-height=\"335\" > <div class=\"gallery-group images-1\" style=\"width: 501px; height: 335px;\" data-original-width=\"501\" data-original-height=\"335\" > <div class=\"tiled-gallery-item tiled-gallery-item-large\" itemprop=\"associatedMedia\" itemscope itemtype=\"http:\/\/schema.org\/ImageObject\"> <a href=\"https:\/\/idnu.ch\/wordpress\/die-suche-nach-dem-regengeist\/arosa-20260715-4-002\/#main\" border=\"0\" itemprop=\"url\"> <meta itemprop=\"width\" content=\"497\"> <meta itemprop=\"height\" content=\"331\"> <img decoding=\"async\" class=\"\" data-attachment-id=\"29296\" data-orig-file=\"https:\/\/idnu.ch\/wordpress\/wp-content\/uploads\/2026\/08\/arosa-20260715-4-002.jpg\" data-orig-size=\"1280,853\" data-comments-opened=\"1\" data-image-title=\"Der erste Alpensalamander\" data-image-description=\"\" data-medium-file=\"https:\/\/i0.wp.com\/idnu.ch\/wordpress\/wp-content\/uploads\/2026\/08\/arosa-20260715-4-002.jpg?fit=300%2C200&#038;ssl=1\" data-large-file=\"https:\/\/i0.wp.com\/idnu.ch\/wordpress\/wp-content\/uploads\/2026\/08\/arosa-20260715-4-002.jpg?fit=750%2C500&#038;ssl=1\" src=\"https:\/\/i0.wp.com\/idnu.ch\/wordpress\/wp-content\/uploads\/2026\/08\/arosa-20260715-4-002.jpg?w=497&#038;h=331&#038;ssl=1\" srcset=\"https:\/\/i0.wp.com\/idnu.ch\/wordpress\/wp-content\/uploads\/2026\/08\/arosa-20260715-4-002.jpg?w=1280&amp;ssl=1 1280w, https:\/\/i0.wp.com\/idnu.ch\/wordpress\/wp-content\/uploads\/2026\/08\/arosa-20260715-4-002.jpg?resize=300%2C200&amp;ssl=1 300w, https:\/\/i0.wp.com\/idnu.ch\/wordpress\/wp-content\/uploads\/2026\/08\/arosa-20260715-4-002.jpg?resize=1024%2C682&amp;ssl=1 1024w, https:\/\/i0.wp.com\/idnu.ch\/wordpress\/wp-content\/uploads\/2026\/08\/arosa-20260715-4-002.jpg?resize=768%2C512&amp;ssl=1 768w, https:\/\/i0.wp.com\/idnu.ch\/wordpress\/wp-content\/uploads\/2026\/08\/arosa-20260715-4-002.jpg?resize=150%2C100&amp;ssl=1 150w\" width=\"497\" height=\"331\" loading=\"lazy\" data-original-width=\"497\" data-original-height=\"331\" itemprop=\"http:\/\/schema.org\/image\" title=\"Der erste Alpensalamander\" alt=\"Der erste Alpensalamander\" style=\"width: 497px; height: 331px;\" \/> <\/a> <div class=\"tiled-gallery-caption\" itemprop=\"caption description\"> Der erste Alpensalamander <\/div> <\/div> <\/div> <!-- close group --> <div class=\"gallery-group images-2\" style=\"width: 249px; height: 335px;\" data-original-width=\"249\" data-original-height=\"335\" > <div class=\"tiled-gallery-item tiled-gallery-item-small\" itemprop=\"associatedMedia\" itemscope itemtype=\"http:\/\/schema.org\/ImageObject\"> <a href=\"https:\/\/idnu.ch\/wordpress\/die-suche-nach-dem-regengeist\/arosa-20260715-11-004\/#main\" border=\"0\" itemprop=\"url\"> <meta itemprop=\"width\" content=\"245\"> <meta itemprop=\"height\" content=\"164\"> <img decoding=\"async\" class=\"\" data-attachment-id=\"29297\" data-orig-file=\"https:\/\/idnu.ch\/wordpress\/wp-content\/uploads\/2026\/08\/arosa-20260715-11-004.jpg\" data-orig-size=\"1280,853\" data-comments-opened=\"1\" data-image-title=\"\" data-image-description=\"\" data-medium-file=\"https:\/\/i0.wp.com\/idnu.ch\/wordpress\/wp-content\/uploads\/2026\/08\/arosa-20260715-11-004.jpg?fit=300%2C200&#038;ssl=1\" data-large-file=\"https:\/\/i0.wp.com\/idnu.ch\/wordpress\/wp-content\/uploads\/2026\/08\/arosa-20260715-11-004.jpg?fit=750%2C500&#038;ssl=1\" src=\"https:\/\/i0.wp.com\/idnu.ch\/wordpress\/wp-content\/uploads\/2026\/08\/arosa-20260715-11-004.jpg?w=245&#038;h=164&#038;ssl=1\" srcset=\"https:\/\/i0.wp.com\/idnu.ch\/wordpress\/wp-content\/uploads\/2026\/08\/arosa-20260715-11-004.jpg?w=1280&amp;ssl=1 1280w, https:\/\/i0.wp.com\/idnu.ch\/wordpress\/wp-content\/uploads\/2026\/08\/arosa-20260715-11-004.jpg?resize=300%2C200&amp;ssl=1 300w, https:\/\/i0.wp.com\/idnu.ch\/wordpress\/wp-content\/uploads\/2026\/08\/arosa-20260715-11-004.jpg?resize=1024%2C682&amp;ssl=1 1024w, https:\/\/i0.wp.com\/idnu.ch\/wordpress\/wp-content\/uploads\/2026\/08\/arosa-20260715-11-004.jpg?resize=768%2C512&amp;ssl=1 768w, https:\/\/i0.wp.com\/idnu.ch\/wordpress\/wp-content\/uploads\/2026\/08\/arosa-20260715-11-004.jpg?resize=150%2C100&amp;ssl=1 150w\" width=\"245\" height=\"164\" loading=\"lazy\" data-original-width=\"245\" data-original-height=\"164\" itemprop=\"http:\/\/schema.org\/image\" title=\"\" alt=\"\" style=\"width: 245px; height: 164px;\" \/> <\/a> <\/div> <div class=\"tiled-gallery-item tiled-gallery-item-small\" itemprop=\"associatedMedia\" itemscope itemtype=\"http:\/\/schema.org\/ImageObject\"> <a href=\"https:\/\/idnu.ch\/wordpress\/die-suche-nach-dem-regengeist\/arosa-20260715-26-006\/#main\" border=\"0\" itemprop=\"url\"> <meta itemprop=\"width\" content=\"245\"> <meta itemprop=\"height\" content=\"163\"> <img decoding=\"async\" class=\"\" data-attachment-id=\"29298\" data-orig-file=\"https:\/\/idnu.ch\/wordpress\/wp-content\/uploads\/2026\/08\/arosa-20260715-26-006.jpg\" data-orig-size=\"1280,853\" data-comments-opened=\"1\" data-image-title=\"Wie in Segmente unterteilt\" data-image-description=\"\" data-medium-file=\"https:\/\/i0.wp.com\/idnu.ch\/wordpress\/wp-content\/uploads\/2026\/08\/arosa-20260715-26-006.jpg?fit=300%2C200&#038;ssl=1\" data-large-file=\"https:\/\/i0.wp.com\/idnu.ch\/wordpress\/wp-content\/uploads\/2026\/08\/arosa-20260715-26-006.jpg?fit=750%2C500&#038;ssl=1\" src=\"https:\/\/i0.wp.com\/idnu.ch\/wordpress\/wp-content\/uploads\/2026\/08\/arosa-20260715-26-006.jpg?w=245&#038;h=163&#038;ssl=1\" srcset=\"https:\/\/i0.wp.com\/idnu.ch\/wordpress\/wp-content\/uploads\/2026\/08\/arosa-20260715-26-006.jpg?w=1280&amp;ssl=1 1280w, https:\/\/i0.wp.com\/idnu.ch\/wordpress\/wp-content\/uploads\/2026\/08\/arosa-20260715-26-006.jpg?resize=300%2C200&amp;ssl=1 300w, https:\/\/i0.wp.com\/idnu.ch\/wordpress\/wp-content\/uploads\/2026\/08\/arosa-20260715-26-006.jpg?resize=1024%2C682&amp;ssl=1 1024w, https:\/\/i0.wp.com\/idnu.ch\/wordpress\/wp-content\/uploads\/2026\/08\/arosa-20260715-26-006.jpg?resize=768%2C512&amp;ssl=1 768w, https:\/\/i0.wp.com\/idnu.ch\/wordpress\/wp-content\/uploads\/2026\/08\/arosa-20260715-26-006.jpg?resize=150%2C100&amp;ssl=1 150w\" width=\"245\" height=\"163\" loading=\"lazy\" data-original-width=\"245\" data-original-height=\"163\" itemprop=\"http:\/\/schema.org\/image\" title=\"Wie in Segmente unterteilt\" alt=\"Wie in Segmente unterteilt\" style=\"width: 245px; height: 163px;\" \/> <\/a> <div class=\"tiled-gallery-caption\" itemprop=\"caption description\"> Wie in Segmente unterteilt <\/div> <\/div> <\/div> <!-- close group --> <\/div> <!-- close row --> <\/div>\n<h2>Um den Schwellisee<\/h2>\n<p>Kaum gestartet, haben wir also unser Ziel bereits erreicht. Nat\u00fcrlich wandern wir trotzdem weiter, vorbei an der <a href=\"https:\/\/idnu.ch\/wordpress\/die-zwei-seen-wanderung-von-arosa\/\">Ziegenweide<\/a> wie die Woche zuvor. Dort tummeln sich Bluth\u00e4nflinge, Bergpieper, eine Heckenbraunelle und eine Klappergrasm\u00fccke. Da wir gen\u00fcgend Zeit haben und kein festes Ziel, umrunden wir den Schwellisee. Der Himmel ist wieder dunkel. Ich sage noch zur Frau: &#8222;Dort oben regnet es bereits.&#8220; Kaum gesagt, fallen auch bei uns am See die ersten Tropfen. Wir k\u00f6nnen gerade noch die Regenjacken anziehen, als es so richtig lossch\u00fcttet. Der Schauer ist aber nur von kurzer Dauer, bald h\u00f6rt es wieder auf. Aber das gef\u00e4llt den Alpensalamandern.<\/p>\n<div class=\"tiled-gallery type-rectangular tiled-gallery-unresized\" data-original-width=\"750\" data-carousel-extra='{&quot;blog_id&quot;:1,&quot;permalink&quot;:&quot;https:\\\/\\\/idnu.ch\\\/wordpress\\\/die-suche-nach-dem-regengeist\\\/&quot;,&quot;likes_blog_id&quot;:100184974}' itemscope itemtype=\"http:\/\/schema.org\/ImageGallery\" > <div class=\"gallery-row\" style=\"width: 750px; height: 530px;\" data-original-width=\"750\" data-original-height=\"530\" > <div class=\"gallery-group images-2\" style=\"width: 396px; height: 530px;\" data-original-width=\"396\" data-original-height=\"530\" > <div class=\"tiled-gallery-item tiled-gallery-item-large\" itemprop=\"associatedMedia\" itemscope itemtype=\"http:\/\/schema.org\/ImageObject\"> <a href=\"https:\/\/idnu.ch\/wordpress\/die-suche-nach-dem-regengeist\/arosa-20260715-29-007\/#main\" border=\"0\" itemprop=\"url\"> <meta itemprop=\"width\" content=\"392\"> <meta itemprop=\"height\" content=\"261\"> <img decoding=\"async\" class=\"\" data-attachment-id=\"29299\" data-orig-file=\"https:\/\/idnu.ch\/wordpress\/wp-content\/uploads\/2026\/08\/arosa-20260715-29-007.jpg\" data-orig-size=\"1280,853\" data-comments-opened=\"1\" data-image-title=\"Viel los auf der Ziegenweide\" data-image-description=\"\" data-medium-file=\"https:\/\/i0.wp.com\/idnu.ch\/wordpress\/wp-content\/uploads\/2026\/08\/arosa-20260715-29-007.jpg?fit=300%2C200&#038;ssl=1\" data-large-file=\"https:\/\/i0.wp.com\/idnu.ch\/wordpress\/wp-content\/uploads\/2026\/08\/arosa-20260715-29-007.jpg?fit=750%2C500&#038;ssl=1\" src=\"https:\/\/i0.wp.com\/idnu.ch\/wordpress\/wp-content\/uploads\/2026\/08\/arosa-20260715-29-007.jpg?w=392&#038;h=261&#038;ssl=1\" srcset=\"https:\/\/i0.wp.com\/idnu.ch\/wordpress\/wp-content\/uploads\/2026\/08\/arosa-20260715-29-007.jpg?w=1280&amp;ssl=1 1280w, https:\/\/i0.wp.com\/idnu.ch\/wordpress\/wp-content\/uploads\/2026\/08\/arosa-20260715-29-007.jpg?resize=300%2C200&amp;ssl=1 300w, https:\/\/i0.wp.com\/idnu.ch\/wordpress\/wp-content\/uploads\/2026\/08\/arosa-20260715-29-007.jpg?resize=1024%2C682&amp;ssl=1 1024w, https:\/\/i0.wp.com\/idnu.ch\/wordpress\/wp-content\/uploads\/2026\/08\/arosa-20260715-29-007.jpg?resize=768%2C512&amp;ssl=1 768w, https:\/\/i0.wp.com\/idnu.ch\/wordpress\/wp-content\/uploads\/2026\/08\/arosa-20260715-29-007.jpg?resize=150%2C100&amp;ssl=1 150w\" width=\"392\" height=\"261\" loading=\"lazy\" data-original-width=\"392\" data-original-height=\"261\" itemprop=\"http:\/\/schema.org\/image\" title=\"Viel los auf der Ziegenweide\" alt=\"Viel los auf der Ziegenweide\" style=\"width: 392px; height: 261px;\" \/> <\/a> <div class=\"tiled-gallery-caption\" itemprop=\"caption description\"> Viel los auf der Ziegenweide <\/div> <\/div> <div class=\"tiled-gallery-item tiled-gallery-item-large\" itemprop=\"associatedMedia\" itemscope itemtype=\"http:\/\/schema.org\/ImageObject\"> <a href=\"https:\/\/idnu.ch\/wordpress\/die-suche-nach-dem-regengeist\/arosa-20260715-31-009\/#main\" border=\"0\" itemprop=\"url\"> <meta itemprop=\"width\" content=\"392\"> <meta itemprop=\"height\" content=\"261\"> <img decoding=\"async\" class=\"\" data-attachment-id=\"29300\" data-orig-file=\"https:\/\/idnu.ch\/wordpress\/wp-content\/uploads\/2026\/08\/arosa-20260715-31-009.jpg\" data-orig-size=\"1280,853\" data-comments-opened=\"1\" data-image-title=\"Dunkle Wolken \u00fcber dem Schwellisee\" data-image-description=\"\" data-medium-file=\"https:\/\/i0.wp.com\/idnu.ch\/wordpress\/wp-content\/uploads\/2026\/08\/arosa-20260715-31-009.jpg?fit=300%2C200&#038;ssl=1\" data-large-file=\"https:\/\/i0.wp.com\/idnu.ch\/wordpress\/wp-content\/uploads\/2026\/08\/arosa-20260715-31-009.jpg?fit=750%2C500&#038;ssl=1\" src=\"https:\/\/i0.wp.com\/idnu.ch\/wordpress\/wp-content\/uploads\/2026\/08\/arosa-20260715-31-009.jpg?w=392&#038;h=261&#038;ssl=1\" srcset=\"https:\/\/i0.wp.com\/idnu.ch\/wordpress\/wp-content\/uploads\/2026\/08\/arosa-20260715-31-009.jpg?w=1280&amp;ssl=1 1280w, https:\/\/i0.wp.com\/idnu.ch\/wordpress\/wp-content\/uploads\/2026\/08\/arosa-20260715-31-009.jpg?resize=300%2C200&amp;ssl=1 300w, https:\/\/i0.wp.com\/idnu.ch\/wordpress\/wp-content\/uploads\/2026\/08\/arosa-20260715-31-009.jpg?resize=1024%2C682&amp;ssl=1 1024w, https:\/\/i0.wp.com\/idnu.ch\/wordpress\/wp-content\/uploads\/2026\/08\/arosa-20260715-31-009.jpg?resize=768%2C512&amp;ssl=1 768w, https:\/\/i0.wp.com\/idnu.ch\/wordpress\/wp-content\/uploads\/2026\/08\/arosa-20260715-31-009.jpg?resize=150%2C100&amp;ssl=1 150w\" width=\"392\" height=\"261\" loading=\"lazy\" data-original-width=\"392\" data-original-height=\"261\" itemprop=\"http:\/\/schema.org\/image\" title=\"Dunkle Wolken \u00fcber dem Schwellisee\" alt=\"Dunkle Wolken \u00fcber dem Schwellisee\" style=\"width: 392px; height: 261px;\" \/> <\/a> <div class=\"tiled-gallery-caption\" itemprop=\"caption description\"> Dunkle Wolken \u00fcber dem Schwellisee <\/div> <\/div> <\/div> <!-- close group --> <div class=\"gallery-group images-1\" style=\"width: 354px; height: 530px;\" data-original-width=\"354\" data-original-height=\"530\" > <div class=\"tiled-gallery-item tiled-gallery-item-large\" itemprop=\"associatedMedia\" itemscope itemtype=\"http:\/\/schema.org\/ImageObject\"> <a href=\"https:\/\/idnu.ch\/wordpress\/die-suche-nach-dem-regengeist\/arosa-20260715-37-011\/#main\" border=\"0\" itemprop=\"url\"> <meta itemprop=\"width\" content=\"350\"> <meta itemprop=\"height\" content=\"526\"> <img decoding=\"async\" class=\"\" data-attachment-id=\"29301\" data-orig-file=\"https:\/\/idnu.ch\/wordpress\/wp-content\/uploads\/2026\/08\/arosa-20260715-37-011.jpg\" data-orig-size=\"853,1280\" data-comments-opened=\"1\" data-image-title=\"Nach dem Regen\" data-image-description=\"\" data-medium-file=\"https:\/\/i0.wp.com\/idnu.ch\/wordpress\/wp-content\/uploads\/2026\/08\/arosa-20260715-37-011.jpg?fit=200%2C300&#038;ssl=1\" data-large-file=\"https:\/\/i0.wp.com\/idnu.ch\/wordpress\/wp-content\/uploads\/2026\/08\/arosa-20260715-37-011.jpg?fit=682%2C1024&#038;ssl=1\" src=\"https:\/\/i0.wp.com\/idnu.ch\/wordpress\/wp-content\/uploads\/2026\/08\/arosa-20260715-37-011.jpg?w=350&#038;h=526&#038;ssl=1\" srcset=\"https:\/\/i0.wp.com\/idnu.ch\/wordpress\/wp-content\/uploads\/2026\/08\/arosa-20260715-37-011.jpg?w=853&amp;ssl=1 853w, https:\/\/i0.wp.com\/idnu.ch\/wordpress\/wp-content\/uploads\/2026\/08\/arosa-20260715-37-011.jpg?resize=200%2C300&amp;ssl=1 200w, https:\/\/i0.wp.com\/idnu.ch\/wordpress\/wp-content\/uploads\/2026\/08\/arosa-20260715-37-011.jpg?resize=682%2C1024&amp;ssl=1 682w, https:\/\/i0.wp.com\/idnu.ch\/wordpress\/wp-content\/uploads\/2026\/08\/arosa-20260715-37-011.jpg?resize=768%2C1152&amp;ssl=1 768w, https:\/\/i0.wp.com\/idnu.ch\/wordpress\/wp-content\/uploads\/2026\/08\/arosa-20260715-37-011.jpg?resize=67%2C100&amp;ssl=1 67w\" width=\"350\" height=\"526\" loading=\"lazy\" data-original-width=\"350\" data-original-height=\"526\" itemprop=\"http:\/\/schema.org\/image\" title=\"Nach dem Regen\" alt=\"Nach dem Regen\" style=\"width: 350px; height: 526px;\" \/> <\/a> <div class=\"tiled-gallery-caption\" itemprop=\"caption description\"> Nach dem Regen <\/div> <\/div> <\/div> <!-- close group --> <\/div> <!-- close row --> <\/div>\n<h2>Rast bei den Schmetterlingen<\/h2>\n<p>Auf der Strasse steigen wir hoch bis Arva. Das Gebiet sieht so verlockend aus, dass wir hier eine Pause einlegen, oder eher eine Pseudopause. Denn Silvan macht sich gleich auf die Schmetterlingsjagd. Sein Traum ist der <strong><a href=\"https:\/\/de.wikipedia.org\/wiki\/Alpenapollo\" target=\"_blank\" rel=\"noopener\">Hochalpen-Apollo<\/a><\/strong>. Die Raupenpflanze, der Fetthennen-Steinbrech, kommt hier zahlreich vor, es w\u00e4re nur logisch, wenn der Alpenapollo, wie er auch genannt wird, hier vorkommen w\u00fcrde. Tats\u00e4chlich m\u00fcssen wir nicht lange warten: &#8222;Da ist ein grosser, weisser Schmetterling!&#8220; rufe ich. &#8222;Ja, das ist einer!&#8220;, gibt Silvan zur\u00fcck und rennt ihm hinterher. Dass das Gel\u00e4nde von mehreren Bachl\u00e4ufen durchzogen ist, macht die Verfolgung nicht einfacher. So bleibt es bei der Identifikation, Bilder gibt es keine.<\/p>\n<div class=\"tiled-gallery type-rectangular tiled-gallery-unresized\" data-original-width=\"750\" data-carousel-extra='{&quot;blog_id&quot;:1,&quot;permalink&quot;:&quot;https:\\\/\\\/idnu.ch\\\/wordpress\\\/die-suche-nach-dem-regengeist\\\/&quot;,&quot;likes_blog_id&quot;:100184974}' itemscope itemtype=\"http:\/\/schema.org\/ImageGallery\" > <div class=\"gallery-row\" style=\"width: 750px; height: 214px;\" data-original-width=\"750\" data-original-height=\"214\" > <div class=\"gallery-group images-1\" style=\"width: 144px; height: 214px;\" data-original-width=\"144\" data-original-height=\"214\" > <div class=\"tiled-gallery-item tiled-gallery-item-small\" itemprop=\"associatedMedia\" itemscope itemtype=\"http:\/\/schema.org\/ImageObject\"> <a href=\"https:\/\/idnu.ch\/wordpress\/die-suche-nach-dem-regengeist\/arosa-20260715-68-016\/#main\" border=\"0\" itemprop=\"url\"> <meta itemprop=\"width\" content=\"140\"> <meta itemprop=\"height\" content=\"210\"> <img decoding=\"async\" class=\"\" data-attachment-id=\"29304\" data-orig-file=\"https:\/\/idnu.ch\/wordpress\/wp-content\/uploads\/2026\/08\/arosa-20260715-68-016.jpg\" data-orig-size=\"853,1280\" data-comments-opened=\"1\" data-image-title=\"Alpenrosen beim Aufstieg\" data-image-description=\"\" data-medium-file=\"https:\/\/i0.wp.com\/idnu.ch\/wordpress\/wp-content\/uploads\/2026\/08\/arosa-20260715-68-016.jpg?fit=200%2C300&#038;ssl=1\" data-large-file=\"https:\/\/i0.wp.com\/idnu.ch\/wordpress\/wp-content\/uploads\/2026\/08\/arosa-20260715-68-016.jpg?fit=682%2C1024&#038;ssl=1\" src=\"https:\/\/i0.wp.com\/idnu.ch\/wordpress\/wp-content\/uploads\/2026\/08\/arosa-20260715-68-016.jpg?w=140&#038;h=210&#038;ssl=1\" srcset=\"https:\/\/i0.wp.com\/idnu.ch\/wordpress\/wp-content\/uploads\/2026\/08\/arosa-20260715-68-016.jpg?w=853&amp;ssl=1 853w, https:\/\/i0.wp.com\/idnu.ch\/wordpress\/wp-content\/uploads\/2026\/08\/arosa-20260715-68-016.jpg?resize=200%2C300&amp;ssl=1 200w, https:\/\/i0.wp.com\/idnu.ch\/wordpress\/wp-content\/uploads\/2026\/08\/arosa-20260715-68-016.jpg?resize=682%2C1024&amp;ssl=1 682w, https:\/\/i0.wp.com\/idnu.ch\/wordpress\/wp-content\/uploads\/2026\/08\/arosa-20260715-68-016.jpg?resize=768%2C1152&amp;ssl=1 768w, https:\/\/i0.wp.com\/idnu.ch\/wordpress\/wp-content\/uploads\/2026\/08\/arosa-20260715-68-016.jpg?resize=67%2C100&amp;ssl=1 67w\" width=\"140\" height=\"210\" loading=\"lazy\" data-original-width=\"140\" data-original-height=\"210\" itemprop=\"http:\/\/schema.org\/image\" title=\"Alpenrosen beim Aufstieg\" alt=\"Alpenrosen beim Aufstieg\" style=\"width: 140px; height: 210px;\" \/> <\/a> <div class=\"tiled-gallery-caption\" itemprop=\"caption description\"> Alpenrosen beim Aufstieg <\/div> <\/div> <\/div> <!-- close group --> <div class=\"gallery-group images-1\" style=\"width: 144px; height: 214px;\" data-original-width=\"144\" data-original-height=\"214\" > <div class=\"tiled-gallery-item tiled-gallery-item-small\" itemprop=\"associatedMedia\" itemscope itemtype=\"http:\/\/schema.org\/ImageObject\"> <a href=\"https:\/\/idnu.ch\/wordpress\/die-suche-nach-dem-regengeist\/arosa-20260715-72-018\/#main\" border=\"0\" itemprop=\"url\"> <meta itemprop=\"width\" content=\"140\"> <meta itemprop=\"height\" content=\"210\"> <img decoding=\"async\" class=\"\" data-attachment-id=\"29305\" data-orig-file=\"https:\/\/idnu.ch\/wordpress\/wp-content\/uploads\/2026\/08\/arosa-20260715-72-018.jpg\" data-orig-size=\"853,1280\" data-comments-opened=\"1\" data-image-title=\"Der Schwellisee nach dem Regen\" data-image-description=\"\" data-medium-file=\"https:\/\/i0.wp.com\/idnu.ch\/wordpress\/wp-content\/uploads\/2026\/08\/arosa-20260715-72-018.jpg?fit=200%2C300&#038;ssl=1\" data-large-file=\"https:\/\/i0.wp.com\/idnu.ch\/wordpress\/wp-content\/uploads\/2026\/08\/arosa-20260715-72-018.jpg?fit=682%2C1024&#038;ssl=1\" src=\"https:\/\/i0.wp.com\/idnu.ch\/wordpress\/wp-content\/uploads\/2026\/08\/arosa-20260715-72-018.jpg?w=140&#038;h=210&#038;ssl=1\" srcset=\"https:\/\/i0.wp.com\/idnu.ch\/wordpress\/wp-content\/uploads\/2026\/08\/arosa-20260715-72-018.jpg?w=853&amp;ssl=1 853w, https:\/\/i0.wp.com\/idnu.ch\/wordpress\/wp-content\/uploads\/2026\/08\/arosa-20260715-72-018.jpg?resize=200%2C300&amp;ssl=1 200w, https:\/\/i0.wp.com\/idnu.ch\/wordpress\/wp-content\/uploads\/2026\/08\/arosa-20260715-72-018.jpg?resize=682%2C1024&amp;ssl=1 682w, https:\/\/i0.wp.com\/idnu.ch\/wordpress\/wp-content\/uploads\/2026\/08\/arosa-20260715-72-018.jpg?resize=768%2C1152&amp;ssl=1 768w, https:\/\/i0.wp.com\/idnu.ch\/wordpress\/wp-content\/uploads\/2026\/08\/arosa-20260715-72-018.jpg?resize=67%2C100&amp;ssl=1 67w\" width=\"140\" height=\"210\" loading=\"lazy\" data-original-width=\"140\" data-original-height=\"210\" itemprop=\"http:\/\/schema.org\/image\" title=\"Der Schwellisee nach dem Regen\" alt=\"Der Schwellisee nach dem Regen\" style=\"width: 140px; height: 210px;\" \/> <\/a> <div class=\"tiled-gallery-caption\" itemprop=\"caption description\"> Der Schwellisee nach dem Regen <\/div> <\/div> <\/div> <!-- close group --> <div class=\"gallery-group images-1\" style=\"width: 144px; height: 214px;\" data-original-width=\"144\" data-original-height=\"214\" > <div class=\"tiled-gallery-item tiled-gallery-item-small\" itemprop=\"associatedMedia\" itemscope itemtype=\"http:\/\/schema.org\/ImageObject\"> <a href=\"https:\/\/idnu.ch\/wordpress\/die-suche-nach-dem-regengeist\/arosa-20260715-76-020\/#main\" border=\"0\" itemprop=\"url\"> <meta itemprop=\"width\" content=\"140\"> <meta itemprop=\"height\" content=\"210\"> <img decoding=\"async\" class=\"\" data-attachment-id=\"29306\" data-orig-file=\"https:\/\/idnu.ch\/wordpress\/wp-content\/uploads\/2026\/08\/arosa-20260715-76-020.jpg\" data-orig-size=\"853,1280\" data-comments-opened=\"1\" data-image-title=\"Munter sprundelnde Bachl\u00e4ufe\" data-image-description=\"\" data-medium-file=\"https:\/\/i0.wp.com\/idnu.ch\/wordpress\/wp-content\/uploads\/2026\/08\/arosa-20260715-76-020.jpg?fit=200%2C300&#038;ssl=1\" data-large-file=\"https:\/\/i0.wp.com\/idnu.ch\/wordpress\/wp-content\/uploads\/2026\/08\/arosa-20260715-76-020.jpg?fit=682%2C1024&#038;ssl=1\" src=\"https:\/\/i0.wp.com\/idnu.ch\/wordpress\/wp-content\/uploads\/2026\/08\/arosa-20260715-76-020.jpg?w=140&#038;h=210&#038;ssl=1\" srcset=\"https:\/\/i0.wp.com\/idnu.ch\/wordpress\/wp-content\/uploads\/2026\/08\/arosa-20260715-76-020.jpg?w=853&amp;ssl=1 853w, https:\/\/i0.wp.com\/idnu.ch\/wordpress\/wp-content\/uploads\/2026\/08\/arosa-20260715-76-020.jpg?resize=200%2C300&amp;ssl=1 200w, https:\/\/i0.wp.com\/idnu.ch\/wordpress\/wp-content\/uploads\/2026\/08\/arosa-20260715-76-020.jpg?resize=682%2C1024&amp;ssl=1 682w, https:\/\/i0.wp.com\/idnu.ch\/wordpress\/wp-content\/uploads\/2026\/08\/arosa-20260715-76-020.jpg?resize=768%2C1152&amp;ssl=1 768w, https:\/\/i0.wp.com\/idnu.ch\/wordpress\/wp-content\/uploads\/2026\/08\/arosa-20260715-76-020.jpg?resize=67%2C100&amp;ssl=1 67w\" width=\"140\" height=\"210\" loading=\"lazy\" data-original-width=\"140\" data-original-height=\"210\" itemprop=\"http:\/\/schema.org\/image\" title=\"Munter sprundelnde Bachl\u00e4ufe\" alt=\"Munter sprundelnde Bachl\u00e4ufe verhindern eine effiziente Jagd auf den Apollo\" style=\"width: 140px; height: 210px;\" \/> <\/a> <div class=\"tiled-gallery-caption\" itemprop=\"caption description\"> Munter sprundelnde Bachl\u00e4ufe verhindern eine effiziente Jagd auf den Apollo <\/div> <\/div> <\/div> <!-- close group --> <div class=\"gallery-group images-1\" style=\"width: 318px; height: 214px;\" data-original-width=\"318\" data-original-height=\"214\" > <div class=\"tiled-gallery-item tiled-gallery-item-large\" itemprop=\"associatedMedia\" itemscope itemtype=\"http:\/\/schema.org\/ImageObject\"> <a href=\"https:\/\/idnu.ch\/wordpress\/die-suche-nach-dem-regengeist\/arosa-20260715-77-021\/#main\" border=\"0\" itemprop=\"url\"> <meta itemprop=\"width\" content=\"314\"> <meta itemprop=\"height\" content=\"210\"> <img decoding=\"async\" class=\"\" data-attachment-id=\"29307\" data-orig-file=\"https:\/\/idnu.ch\/wordpress\/wp-content\/uploads\/2026\/08\/arosa-20260715-77-021.jpg\" data-orig-size=\"1280,853\" data-comments-opened=\"1\" data-image-title=\"Der Fetthennen-Steinbrech\" data-image-description=\"\" data-medium-file=\"https:\/\/i0.wp.com\/idnu.ch\/wordpress\/wp-content\/uploads\/2026\/08\/arosa-20260715-77-021.jpg?fit=300%2C200&#038;ssl=1\" data-large-file=\"https:\/\/i0.wp.com\/idnu.ch\/wordpress\/wp-content\/uploads\/2026\/08\/arosa-20260715-77-021.jpg?fit=750%2C500&#038;ssl=1\" src=\"https:\/\/i0.wp.com\/idnu.ch\/wordpress\/wp-content\/uploads\/2026\/08\/arosa-20260715-77-021.jpg?w=314&#038;h=210&#038;ssl=1\" srcset=\"https:\/\/i0.wp.com\/idnu.ch\/wordpress\/wp-content\/uploads\/2026\/08\/arosa-20260715-77-021.jpg?w=1280&amp;ssl=1 1280w, https:\/\/i0.wp.com\/idnu.ch\/wordpress\/wp-content\/uploads\/2026\/08\/arosa-20260715-77-021.jpg?resize=300%2C200&amp;ssl=1 300w, https:\/\/i0.wp.com\/idnu.ch\/wordpress\/wp-content\/uploads\/2026\/08\/arosa-20260715-77-021.jpg?resize=1024%2C682&amp;ssl=1 1024w, https:\/\/i0.wp.com\/idnu.ch\/wordpress\/wp-content\/uploads\/2026\/08\/arosa-20260715-77-021.jpg?resize=768%2C512&amp;ssl=1 768w, https:\/\/i0.wp.com\/idnu.ch\/wordpress\/wp-content\/uploads\/2026\/08\/arosa-20260715-77-021.jpg?resize=150%2C100&amp;ssl=1 150w\" width=\"314\" height=\"210\" loading=\"lazy\" data-original-width=\"314\" data-original-height=\"210\" itemprop=\"http:\/\/schema.org\/image\" title=\"Der Fetthennen-Steinbrech\" alt=\"Der Fetthennen-Steinbrech\" style=\"width: 314px; height: 210px;\" \/> <\/a> <div class=\"tiled-gallery-caption\" itemprop=\"caption description\"> Der Fetthennen-Steinbrech <\/div> <\/div> <\/div> <!-- close group --> <\/div> <!-- close row --> <\/div>\n<h2>Ein langer Weg zur\u00fcck<\/h2>\n<p>Wir brechen auf, zur\u00fcck Richtung Arosa. Aber nicht direkt hinunter, sondern zuerst etwas hoch zur Mutta. Hier finden wir weitere Alpensalamander auf dem Weg. Sie sehen tr\u00e4ge aus, sind aber recht flink, wenn man sie fotografieren will. Die Landschaft ist karg, trotzdem finden wir auch hier Schmetterlinge, zum Beispiel den Hochalpen-Perlmuttfalter. Das Wetter ist recht wechselhaft, zuerst sieht es danach aus, als h\u00e4tte sich die Sonne durchgesetzt, nur um kurz darauf einen Regenschauer loszulassen. Aber kaum haben wir die Regenjacken angezogen, h\u00f6rt es auch schon wieder auf. Nach dem Kulminationspunkt steigen wir ab, n\u00e4hern uns dem Wald. Wundersch\u00f6n sieht es hier aus, uralte B\u00e4ume stehen neben ganz jungen. Und kurz bevor wir wieder in der Wohnung sind, kommt nochmals so ein richtig kr\u00e4ftiger Regenschauer, damit wir auch sicher durchn\u00e4sst zur\u00fcckkehren. In der Wohnung machen machen wir uns einen Kaffee und geniessen ihn auf dem Balkon bei Sonnenschein. Nicht nur die Wanderung war abwechslungsreich.<\/p>\n<div class=\"tiled-gallery type-rectangular tiled-gallery-unresized\" data-original-width=\"750\" data-carousel-extra='{&quot;blog_id&quot;:1,&quot;permalink&quot;:&quot;https:\\\/\\\/idnu.ch\\\/wordpress\\\/die-suche-nach-dem-regengeist\\\/&quot;,&quot;likes_blog_id&quot;:100184974}' itemscope itemtype=\"http:\/\/schema.org\/ImageGallery\" > <div class=\"gallery-row\" style=\"width: 750px; height: 335px;\" data-original-width=\"750\" data-original-height=\"335\" > <div class=\"gallery-group images-1\" style=\"width: 501px; height: 335px;\" data-original-width=\"501\" data-original-height=\"335\" > <div class=\"tiled-gallery-item tiled-gallery-item-large\" itemprop=\"associatedMedia\" itemscope itemtype=\"http:\/\/schema.org\/ImageObject\"> <a href=\"https:\/\/idnu.ch\/wordpress\/die-suche-nach-dem-regengeist\/arosa-20260715-96-023\/#main\" border=\"0\" itemprop=\"url\"> <meta itemprop=\"width\" content=\"497\"> <meta itemprop=\"height\" content=\"331\"> <img decoding=\"async\" class=\"\" data-attachment-id=\"29308\" data-orig-file=\"https:\/\/idnu.ch\/wordpress\/wp-content\/uploads\/2026\/08\/arosa-20260715-96-023.jpg\" data-orig-size=\"1280,853\" data-comments-opened=\"1\" data-image-title=\"Noch einen angetroffen unterwegs\" data-image-description=\"\" data-medium-file=\"https:\/\/i0.wp.com\/idnu.ch\/wordpress\/wp-content\/uploads\/2026\/08\/arosa-20260715-96-023.jpg?fit=300%2C200&#038;ssl=1\" data-large-file=\"https:\/\/i0.wp.com\/idnu.ch\/wordpress\/wp-content\/uploads\/2026\/08\/arosa-20260715-96-023.jpg?fit=750%2C500&#038;ssl=1\" src=\"https:\/\/i0.wp.com\/idnu.ch\/wordpress\/wp-content\/uploads\/2026\/08\/arosa-20260715-96-023.jpg?w=497&#038;h=331&#038;ssl=1\" srcset=\"https:\/\/i0.wp.com\/idnu.ch\/wordpress\/wp-content\/uploads\/2026\/08\/arosa-20260715-96-023.jpg?w=1280&amp;ssl=1 1280w, https:\/\/i0.wp.com\/idnu.ch\/wordpress\/wp-content\/uploads\/2026\/08\/arosa-20260715-96-023.jpg?resize=300%2C200&amp;ssl=1 300w, https:\/\/i0.wp.com\/idnu.ch\/wordpress\/wp-content\/uploads\/2026\/08\/arosa-20260715-96-023.jpg?resize=1024%2C682&amp;ssl=1 1024w, https:\/\/i0.wp.com\/idnu.ch\/wordpress\/wp-content\/uploads\/2026\/08\/arosa-20260715-96-023.jpg?resize=768%2C512&amp;ssl=1 768w, https:\/\/i0.wp.com\/idnu.ch\/wordpress\/wp-content\/uploads\/2026\/08\/arosa-20260715-96-023.jpg?resize=150%2C100&amp;ssl=1 150w\" width=\"497\" height=\"331\" loading=\"lazy\" data-original-width=\"497\" data-original-height=\"331\" itemprop=\"http:\/\/schema.org\/image\" title=\"Noch einen angetroffen unterwegs\" alt=\"Noch einen angetroffen unterwegs\" style=\"width: 497px; height: 331px;\" \/> <\/a> <div class=\"tiled-gallery-caption\" itemprop=\"caption description\"> Noch einen angetroffen unterwegs <\/div> <\/div> <\/div> <!-- close group --> <div class=\"gallery-group images-2\" style=\"width: 249px; height: 335px;\" data-original-width=\"249\" data-original-height=\"335\" > <div class=\"tiled-gallery-item tiled-gallery-item-small\" itemprop=\"associatedMedia\" itemscope itemtype=\"http:\/\/schema.org\/ImageObject\"> <a href=\"https:\/\/idnu.ch\/wordpress\/die-suche-nach-dem-regengeist\/arosa-20260715-99-024\/#main\" border=\"0\" itemprop=\"url\"> <meta itemprop=\"width\" content=\"245\"> <meta itemprop=\"height\" content=\"164\"> <img decoding=\"async\" class=\"\" data-attachment-id=\"29309\" data-orig-file=\"https:\/\/idnu.ch\/wordpress\/wp-content\/uploads\/2026\/08\/arosa-20260715-99-024.jpg\" data-orig-size=\"1280,853\" data-comments-opened=\"1\" data-image-title=\"Hochalpen-Perlmuttfalter\" data-image-description=\"\" data-medium-file=\"https:\/\/i0.wp.com\/idnu.ch\/wordpress\/wp-content\/uploads\/2026\/08\/arosa-20260715-99-024.jpg?fit=300%2C200&#038;ssl=1\" data-large-file=\"https:\/\/i0.wp.com\/idnu.ch\/wordpress\/wp-content\/uploads\/2026\/08\/arosa-20260715-99-024.jpg?fit=750%2C500&#038;ssl=1\" src=\"https:\/\/i0.wp.com\/idnu.ch\/wordpress\/wp-content\/uploads\/2026\/08\/arosa-20260715-99-024.jpg?w=245&#038;h=164&#038;ssl=1\" srcset=\"https:\/\/i0.wp.com\/idnu.ch\/wordpress\/wp-content\/uploads\/2026\/08\/arosa-20260715-99-024.jpg?w=1280&amp;ssl=1 1280w, https:\/\/i0.wp.com\/idnu.ch\/wordpress\/wp-content\/uploads\/2026\/08\/arosa-20260715-99-024.jpg?resize=300%2C200&amp;ssl=1 300w, https:\/\/i0.wp.com\/idnu.ch\/wordpress\/wp-content\/uploads\/2026\/08\/arosa-20260715-99-024.jpg?resize=1024%2C682&amp;ssl=1 1024w, https:\/\/i0.wp.com\/idnu.ch\/wordpress\/wp-content\/uploads\/2026\/08\/arosa-20260715-99-024.jpg?resize=768%2C512&amp;ssl=1 768w, https:\/\/i0.wp.com\/idnu.ch\/wordpress\/wp-content\/uploads\/2026\/08\/arosa-20260715-99-024.jpg?resize=150%2C100&amp;ssl=1 150w\" width=\"245\" height=\"164\" loading=\"lazy\" data-original-width=\"245\" data-original-height=\"164\" itemprop=\"http:\/\/schema.org\/image\" title=\"Hochalpen-Perlmuttfalter\" alt=\"Hochalpen-Perlmuttfalter\" style=\"width: 245px; height: 164px;\" \/> <\/a> <div class=\"tiled-gallery-caption\" itemprop=\"caption description\"> Hochalpen-Perlmuttfalter <\/div> <\/div> <div class=\"tiled-gallery-item tiled-gallery-item-small\" itemprop=\"associatedMedia\" itemscope itemtype=\"http:\/\/schema.org\/ImageObject\"> <a href=\"https:\/\/idnu.ch\/wordpress\/die-suche-nach-dem-regengeist\/arosa-20260715-106-025\/#main\" border=\"0\" itemprop=\"url\"> <meta itemprop=\"width\" content=\"245\"> <meta itemprop=\"height\" content=\"163\"> <img decoding=\"async\" class=\"\" data-attachment-id=\"29310\" data-orig-file=\"https:\/\/idnu.ch\/wordpress\/wp-content\/uploads\/2026\/08\/arosa-20260715-106-025.jpg\" data-orig-size=\"1280,853\" data-comments-opened=\"1\" data-image-title=\"Hochalpen-Perlmuttfalter mit offenen Fl\u00fcgeln\" data-image-description=\"\" data-medium-file=\"https:\/\/i0.wp.com\/idnu.ch\/wordpress\/wp-content\/uploads\/2026\/08\/arosa-20260715-106-025.jpg?fit=300%2C200&#038;ssl=1\" data-large-file=\"https:\/\/i0.wp.com\/idnu.ch\/wordpress\/wp-content\/uploads\/2026\/08\/arosa-20260715-106-025.jpg?fit=750%2C500&#038;ssl=1\" src=\"https:\/\/i0.wp.com\/idnu.ch\/wordpress\/wp-content\/uploads\/2026\/08\/arosa-20260715-106-025.jpg?w=245&#038;h=163&#038;ssl=1\" srcset=\"https:\/\/i0.wp.com\/idnu.ch\/wordpress\/wp-content\/uploads\/2026\/08\/arosa-20260715-106-025.jpg?w=1280&amp;ssl=1 1280w, https:\/\/i0.wp.com\/idnu.ch\/wordpress\/wp-content\/uploads\/2026\/08\/arosa-20260715-106-025.jpg?resize=300%2C200&amp;ssl=1 300w, https:\/\/i0.wp.com\/idnu.ch\/wordpress\/wp-content\/uploads\/2026\/08\/arosa-20260715-106-025.jpg?resize=1024%2C682&amp;ssl=1 1024w, https:\/\/i0.wp.com\/idnu.ch\/wordpress\/wp-content\/uploads\/2026\/08\/arosa-20260715-106-025.jpg?resize=768%2C512&amp;ssl=1 768w, https:\/\/i0.wp.com\/idnu.ch\/wordpress\/wp-content\/uploads\/2026\/08\/arosa-20260715-106-025.jpg?resize=150%2C100&amp;ssl=1 150w\" width=\"245\" height=\"163\" loading=\"lazy\" data-original-width=\"245\" data-original-height=\"163\" itemprop=\"http:\/\/schema.org\/image\" title=\"Hochalpen-Perlmuttfalter mit offenen Fl\u00fcgeln\" alt=\"Hochalpen-Perlmuttfalter mit offenen Fl\u00fcgeln\" style=\"width: 245px; height: 163px;\" \/> <\/a> <div class=\"tiled-gallery-caption\" itemprop=\"caption description\"> Hochalpen-Perlmuttfalter mit offenen Fl\u00fcgeln <\/div> <\/div> <\/div> <!-- close group --> <\/div> <!-- close row --> <div class=\"gallery-row\" style=\"width: 750px; height: 251px;\" data-original-width=\"750\" data-original-height=\"251\" > <div class=\"gallery-group images-1\" style=\"width: 375px; height: 251px;\" data-original-width=\"375\" data-original-height=\"251\" > <div class=\"tiled-gallery-item tiled-gallery-item-large\" itemprop=\"associatedMedia\" itemscope itemtype=\"http:\/\/schema.org\/ImageObject\"> <a href=\"https:\/\/idnu.ch\/wordpress\/die-suche-nach-dem-regengeist\/arosa-20260715-108-027\/#main\" border=\"0\" itemprop=\"url\"> <meta itemprop=\"width\" content=\"371\"> <meta itemprop=\"height\" content=\"247\"> <img decoding=\"async\" class=\"\" data-attachment-id=\"29311\" data-orig-file=\"https:\/\/idnu.ch\/wordpress\/wp-content\/uploads\/2026\/08\/arosa-20260715-108-027.jpg\" data-orig-size=\"1280,853\" data-comments-opened=\"1\" data-image-title=\"\" data-image-description=\"\" data-medium-file=\"https:\/\/i0.wp.com\/idnu.ch\/wordpress\/wp-content\/uploads\/2026\/08\/arosa-20260715-108-027.jpg?fit=300%2C200&#038;ssl=1\" data-large-file=\"https:\/\/i0.wp.com\/idnu.ch\/wordpress\/wp-content\/uploads\/2026\/08\/arosa-20260715-108-027.jpg?fit=750%2C500&#038;ssl=1\" src=\"https:\/\/i0.wp.com\/idnu.ch\/wordpress\/wp-content\/uploads\/2026\/08\/arosa-20260715-108-027.jpg?w=371&#038;h=247&#038;ssl=1\" srcset=\"https:\/\/i0.wp.com\/idnu.ch\/wordpress\/wp-content\/uploads\/2026\/08\/arosa-20260715-108-027.jpg?w=1280&amp;ssl=1 1280w, https:\/\/i0.wp.com\/idnu.ch\/wordpress\/wp-content\/uploads\/2026\/08\/arosa-20260715-108-027.jpg?resize=300%2C200&amp;ssl=1 300w, https:\/\/i0.wp.com\/idnu.ch\/wordpress\/wp-content\/uploads\/2026\/08\/arosa-20260715-108-027.jpg?resize=1024%2C682&amp;ssl=1 1024w, https:\/\/i0.wp.com\/idnu.ch\/wordpress\/wp-content\/uploads\/2026\/08\/arosa-20260715-108-027.jpg?resize=768%2C512&amp;ssl=1 768w, https:\/\/i0.wp.com\/idnu.ch\/wordpress\/wp-content\/uploads\/2026\/08\/arosa-20260715-108-027.jpg?resize=150%2C100&amp;ssl=1 150w\" width=\"371\" height=\"247\" loading=\"lazy\" data-original-width=\"371\" data-original-height=\"247\" itemprop=\"http:\/\/schema.org\/image\" title=\"\" alt=\"\" style=\"width: 371px; height: 247px;\" \/> <\/a> <\/div> <\/div> <!-- close group --> <div class=\"gallery-group images-1\" style=\"width: 375px; height: 251px;\" data-original-width=\"375\" data-original-height=\"251\" > <div class=\"tiled-gallery-item tiled-gallery-item-large\" itemprop=\"associatedMedia\" itemscope itemtype=\"http:\/\/schema.org\/ImageObject\"> <a href=\"https:\/\/idnu.ch\/wordpress\/die-suche-nach-dem-regengeist\/arosa-20260715-111-029\/#main\" border=\"0\" itemprop=\"url\"> <meta itemprop=\"width\" content=\"371\"> <meta itemprop=\"height\" content=\"247\"> <img decoding=\"async\" class=\"\" data-attachment-id=\"29312\" data-orig-file=\"https:\/\/idnu.ch\/wordpress\/wp-content\/uploads\/2026\/08\/arosa-20260715-111-029.jpg\" data-orig-size=\"1280,853\" data-comments-opened=\"1\" data-image-title=\"Ein sch\u00f6ner Abstieg\" data-image-description=\"\" data-medium-file=\"https:\/\/i0.wp.com\/idnu.ch\/wordpress\/wp-content\/uploads\/2026\/08\/arosa-20260715-111-029.jpg?fit=300%2C200&#038;ssl=1\" data-large-file=\"https:\/\/i0.wp.com\/idnu.ch\/wordpress\/wp-content\/uploads\/2026\/08\/arosa-20260715-111-029.jpg?fit=750%2C500&#038;ssl=1\" src=\"https:\/\/i0.wp.com\/idnu.ch\/wordpress\/wp-content\/uploads\/2026\/08\/arosa-20260715-111-029.jpg?w=371&#038;h=247&#038;ssl=1\" srcset=\"https:\/\/i0.wp.com\/idnu.ch\/wordpress\/wp-content\/uploads\/2026\/08\/arosa-20260715-111-029.jpg?w=1280&amp;ssl=1 1280w, https:\/\/i0.wp.com\/idnu.ch\/wordpress\/wp-content\/uploads\/2026\/08\/arosa-20260715-111-029.jpg?resize=300%2C200&amp;ssl=1 300w, https:\/\/i0.wp.com\/idnu.ch\/wordpress\/wp-content\/uploads\/2026\/08\/arosa-20260715-111-029.jpg?resize=1024%2C682&amp;ssl=1 1024w, https:\/\/i0.wp.com\/idnu.ch\/wordpress\/wp-content\/uploads\/2026\/08\/arosa-20260715-111-029.jpg?resize=768%2C512&amp;ssl=1 768w, https:\/\/i0.wp.com\/idnu.ch\/wordpress\/wp-content\/uploads\/2026\/08\/arosa-20260715-111-029.jpg?resize=150%2C100&amp;ssl=1 150w\" width=\"371\" height=\"247\" loading=\"lazy\" data-original-width=\"371\" data-original-height=\"247\" itemprop=\"http:\/\/schema.org\/image\" title=\"Ein sch\u00f6ner Abstieg\" alt=\"Ein sch\u00f6ner Abstieg\" style=\"width: 371px; height: 247px;\" \/> <\/a> <div class=\"tiled-gallery-caption\" itemprop=\"caption description\"> Ein sch\u00f6ner Abstieg <\/div> <\/div> <\/div> <!-- close group --> <\/div> <!-- close row --> <\/div>\n<h2>Info<\/h2>\n<p>Der Alpensalamander ist in den Voralpen und im Alpenhauptkamm n\u00f6rdlich der Linie Rhone &#8211; Gotthard zu finden. In Graub\u00fcnden kommt er mit Ausnahme des Engadins und der B\u00fcndner S\u00fcdt\u00e4ler \u00fcberall vor. Erfreulich ist, dass er (noch) nicht gef\u00e4hrdet ist. Wie oben erw\u00e4hnt ist die gr\u00f6sste Chance, ihn zu finden, wenn man auch mal bei Regen raus geht.<\/p>\n","protected":false},"excerpt":{"rendered":"<p>Nach langer, langer Zeit regnete es wieder mal. Zeit, uns auf die Suche&#8230;<\/p>\n","protected":false},"author":2,"featured_media":29313,"comment_status":"open","ping_status":"open","sticky":false,"template":"","format":"standard","meta":{"_monsterinsights_skip_tracking":false,"_jetpack_newsletter_access":"","_jetpack_dont_email_post_to_subs":false,"_jetpack_newsletter_tier_id":0,"_jetpack_memberships_contains_paywalled_content":false,"_jetpack_feature_clip_id":0,"_jetpack_memberships_contains_paid_content":false,"footnotes":"","jetpack_publicize_message":"NEU im Blog: Die Suche nach dem Regengeist in Arosa - nur erfolgreich bei oder nach Regen.\r\n#arosa #graub\u00fcnden","jetpack_publicize_feature_enabled":true,"jetpack_social_post_already_shared":true,"jetpack_social_options":{"image_generator_settings":{"template":"highway","default_image_id":0,"font":"","enabled":false},"version":2},"jetpack_post_was_ever_published":false},"categories":[912,63,6,5],"tags":[1752,1754,1732,442,1753,1755],"class_list":["post-29279","post","type-post","status-publish","format-standard","has-post-thumbnail","hentry","category-graubuenden-tourismusregionen","category-graubuenden","category-naturerlebnis","category-wandern","tag-alpensalamander","tag-amphibien","tag-arosa","tag-regentipp","tag-regenwanderung","tag-salamander"],"geo":{"latitude":46.7666893,"longitude":9.6602411,"description":"Arosa, Kanton Graub\u00fcnden, 7050, CH"},"yoast_head":"<!-- This site is optimized with the Yoast SEO plugin v28.3 - https:\/\/yoast.com\/product\/yoast-seo-wordpress\/ -->\n<title>Die Suche nach dem Regengeist - In der Natur unterwegs<\/title>\n<meta name=\"description\" content=\"Die Suche nach dem Regengeist geht am besten, wenn es regnet oder geregnet hat. Dann stehen die Chancen gut, ihm zu begegnen.\" \/>\n<meta name=\"robots\" content=\"index, follow, max-snippet:-1, max-image-preview:large, max-video-preview:-1\" \/>\n<link rel=\"canonical\" href=\"https:\/\/idnu.ch\/wordpress\/die-suche-nach-dem-regengeist\/\" \/>\n<meta property=\"og:locale\" content=\"de_DE\" \/>\n<meta property=\"og:type\" content=\"article\" \/>\n<meta property=\"og:title\" content=\"Die Suche nach dem Regengeist - In der Natur unterwegs\" \/>\n<meta property=\"og:description\" content=\"Die Suche nach dem Regengeist geht am besten, wenn es regnet oder geregnet hat. Dann stehen die Chancen gut, ihm zu begegnen.\" \/>\n<meta property=\"og:url\" content=\"https:\/\/idnu.ch\/wordpress\/die-suche-nach-dem-regengeist\/\" \/>\n<meta property=\"og:site_name\" content=\"In der Natur unterwegs\" \/>\n<meta property=\"article:published_time\" content=\"2026-08-30T13:49:53+00:00\" \/>\n<meta property=\"og:image\" content=\"https:\/\/idnu.ch\/wordpress\/wp-content\/uploads\/2026\/08\/arosa-20260715-4-002-titelbild.jpg\" \/>\n\t<meta property=\"og:image:width\" content=\"1280\" \/>\n\t<meta property=\"og:image:height\" content=\"853\" \/>\n\t<meta property=\"og:image:type\" content=\"image\/jpeg\" \/>\n<meta name=\"author\" content=\"Urs Kyburz\" \/>\n<meta name=\"twitter:card\" content=\"summary_large_image\" \/>\n<meta name=\"twitter:creator\" content=\"@idnu_ch\" \/>\n<meta name=\"twitter:site\" content=\"@idnu_ch\" \/>\n<meta name=\"twitter:label1\" content=\"Verfasst von\" \/>\n\t<meta name=\"twitter:data1\" content=\"Urs Kyburz\" \/>\n\t<meta name=\"twitter:label2\" content=\"Gesch\u00e4tzte Lesezeit\" \/>\n\t<meta name=\"twitter:data2\" content=\"5\u00a0Minuten\" \/>\n<script type=\"application\/ld+json\" class=\"yoast-schema-graph\">{\"@context\":\"https:\\\/\\\/schema.org\",\"@graph\":[{\"@type\":\"Article\",\"@id\":\"https:\\\/\\\/idnu.ch\\\/wordpress\\\/die-suche-nach-dem-regengeist\\\/#article\",\"isPartOf\":{\"@id\":\"https:\\\/\\\/idnu.ch\\\/wordpress\\\/die-suche-nach-dem-regengeist\\\/\"},\"author\":{\"name\":\"Urs Kyburz\",\"@id\":\"https:\\\/\\\/idnu.ch\\\/wordpress\\\/#\\\/schema\\\/person\\\/1ab8c5de743be7b019272124c19ad351\"},\"headline\":\"Die Suche nach dem Regengeist\",\"datePublished\":\"2026-08-30T13:49:53+00:00\",\"mainEntityOfPage\":{\"@id\":\"https:\\\/\\\/idnu.ch\\\/wordpress\\\/die-suche-nach-dem-regengeist\\\/\"},\"wordCount\":755,\"commentCount\":0,\"publisher\":{\"@id\":\"https:\\\/\\\/idnu.ch\\\/wordpress\\\/#\\\/schema\\\/person\\\/1ab8c5de743be7b019272124c19ad351\"},\"image\":{\"@id\":\"https:\\\/\\\/idnu.ch\\\/wordpress\\\/die-suche-nach-dem-regengeist\\\/#primaryimage\"},\"thumbnailUrl\":\"https:\\\/\\\/i0.wp.com\\\/idnu.ch\\\/wordpress\\\/wp-content\\\/uploads\\\/2026\\\/08\\\/arosa-20260715-4-002-titelbild.jpg?fit=1280%2C853&ssl=1\",\"keywords\":[\"Alpensalamander\",\"Amphibien\",\"Arosa\",\"Regentipp\",\"Regenwanderung\",\"Salamander\"],\"articleSection\":[\"Graub\u00fcnden\",\"Graub\u00fcnden\",\"Naturerlebnis\",\"Wandern\"],\"inLanguage\":\"de\",\"potentialAction\":[{\"@type\":\"CommentAction\",\"name\":\"Comment\",\"target\":[\"https:\\\/\\\/idnu.ch\\\/wordpress\\\/die-suche-nach-dem-regengeist\\\/#respond\"]}]},{\"@type\":\"WebPage\",\"@id\":\"https:\\\/\\\/idnu.ch\\\/wordpress\\\/die-suche-nach-dem-regengeist\\\/\",\"url\":\"https:\\\/\\\/idnu.ch\\\/wordpress\\\/die-suche-nach-dem-regengeist\\\/\",\"name\":\"Die Suche nach dem Regengeist - In der Natur unterwegs\",\"isPartOf\":{\"@id\":\"https:\\\/\\\/idnu.ch\\\/wordpress\\\/#website\"},\"primaryImageOfPage\":{\"@id\":\"https:\\\/\\\/idnu.ch\\\/wordpress\\\/die-suche-nach-dem-regengeist\\\/#primaryimage\"},\"image\":{\"@id\":\"https:\\\/\\\/idnu.ch\\\/wordpress\\\/die-suche-nach-dem-regengeist\\\/#primaryimage\"},\"thumbnailUrl\":\"https:\\\/\\\/i0.wp.com\\\/idnu.ch\\\/wordpress\\\/wp-content\\\/uploads\\\/2026\\\/08\\\/arosa-20260715-4-002-titelbild.jpg?fit=1280%2C853&ssl=1\",\"datePublished\":\"2026-08-30T13:49:53+00:00\",\"description\":\"Die Suche nach dem Regengeist geht am besten, wenn es regnet oder geregnet hat. Dann stehen die Chancen gut, ihm zu begegnen.\",\"breadcrumb\":{\"@id\":\"https:\\\/\\\/idnu.ch\\\/wordpress\\\/die-suche-nach-dem-regengeist\\\/#breadcrumb\"},\"inLanguage\":\"de\",\"potentialAction\":[{\"@type\":\"ReadAction\",\"target\":[\"https:\\\/\\\/idnu.ch\\\/wordpress\\\/die-suche-nach-dem-regengeist\\\/\"]}]},{\"@type\":\"ImageObject\",\"inLanguage\":\"de\",\"@id\":\"https:\\\/\\\/idnu.ch\\\/wordpress\\\/die-suche-nach-dem-regengeist\\\/#primaryimage\",\"url\":\"https:\\\/\\\/i0.wp.com\\\/idnu.ch\\\/wordpress\\\/wp-content\\\/uploads\\\/2026\\\/08\\\/arosa-20260715-4-002-titelbild.jpg?fit=1280%2C853&ssl=1\",\"contentUrl\":\"https:\\\/\\\/i0.wp.com\\\/idnu.ch\\\/wordpress\\\/wp-content\\\/uploads\\\/2026\\\/08\\\/arosa-20260715-4-002-titelbild.jpg?fit=1280%2C853&ssl=1\",\"width\":1280,\"height\":853},{\"@type\":\"BreadcrumbList\",\"@id\":\"https:\\\/\\\/idnu.ch\\\/wordpress\\\/die-suche-nach-dem-regengeist\\\/#breadcrumb\",\"itemListElement\":[{\"@type\":\"ListItem\",\"position\":1,\"name\":\"Startseite\",\"item\":\"https:\\\/\\\/idnu.ch\\\/wordpress\\\/\"},{\"@type\":\"ListItem\",\"position\":2,\"name\":\"Die Suche nach dem Regengeist\"}]},{\"@type\":\"WebSite\",\"@id\":\"https:\\\/\\\/idnu.ch\\\/wordpress\\\/#website\",\"url\":\"https:\\\/\\\/idnu.ch\\\/wordpress\\\/\",\"name\":\"In der Natur unterwegs\",\"description\":\"Dort, wo es am sch\u00f6nsten ist\",\"publisher\":{\"@id\":\"https:\\\/\\\/idnu.ch\\\/wordpress\\\/#\\\/schema\\\/person\\\/1ab8c5de743be7b019272124c19ad351\"},\"potentialAction\":[{\"@type\":\"SearchAction\",\"target\":{\"@type\":\"EntryPoint\",\"urlTemplate\":\"https:\\\/\\\/idnu.ch\\\/wordpress\\\/?s={search_term_string}\"},\"query-input\":{\"@type\":\"PropertyValueSpecification\",\"valueRequired\":true,\"valueName\":\"search_term_string\"}}],\"inLanguage\":\"de\"},{\"@type\":[\"Person\",\"Organization\"],\"@id\":\"https:\\\/\\\/idnu.ch\\\/wordpress\\\/#\\\/schema\\\/person\\\/1ab8c5de743be7b019272124c19ad351\",\"name\":\"Urs Kyburz\",\"image\":{\"@type\":\"ImageObject\",\"inLanguage\":\"de\",\"@id\":\"https:\\\/\\\/i0.wp.com\\\/idnu.ch\\\/wordpress\\\/wp-content\\\/uploads\\\/2016\\\/02\\\/logo_150x165.gif?fit=3151%2C3456&ssl=1\",\"url\":\"https:\\\/\\\/i0.wp.com\\\/idnu.ch\\\/wordpress\\\/wp-content\\\/uploads\\\/2016\\\/02\\\/logo_150x165.gif?fit=3151%2C3456&ssl=1\",\"contentUrl\":\"https:\\\/\\\/i0.wp.com\\\/idnu.ch\\\/wordpress\\\/wp-content\\\/uploads\\\/2016\\\/02\\\/logo_150x165.gif?fit=3151%2C3456&ssl=1\",\"width\":3151,\"height\":3456,\"caption\":\"Urs Kyburz\"},\"logo\":{\"@id\":\"https:\\\/\\\/i0.wp.com\\\/idnu.ch\\\/wordpress\\\/wp-content\\\/uploads\\\/2016\\\/02\\\/logo_150x165.gif?fit=3151%2C3456&ssl=1\"}}]}<\/script>\n<!-- \/ Yoast SEO plugin. -->","yoast_head_json":{"title":"Die Suche nach dem Regengeist - In der Natur unterwegs","description":"Die Suche nach dem Regengeist geht am besten, wenn es regnet oder geregnet hat. Dann stehen die Chancen gut, ihm zu begegnen.","robots":{"index":"index","follow":"follow","max-snippet":"max-snippet:-1","max-image-preview":"max-image-preview:large","max-video-preview":"max-video-preview:-1"},"canonical":"https:\/\/idnu.ch\/wordpress\/die-suche-nach-dem-regengeist\/","og_locale":"de_DE","og_type":"article","og_title":"Die Suche nach dem Regengeist - In der Natur unterwegs","og_description":"Die Suche nach dem Regengeist geht am besten, wenn es regnet oder geregnet hat. Dann stehen die Chancen gut, ihm zu begegnen.","og_url":"https:\/\/idnu.ch\/wordpress\/die-suche-nach-dem-regengeist\/","og_site_name":"In der Natur unterwegs","article_published_time":"2026-08-30T13:49:53+00:00","og_image":[{"width":1280,"height":853,"url":"https:\/\/idnu.ch\/wordpress\/wp-content\/uploads\/2026\/08\/arosa-20260715-4-002-titelbild.jpg","type":"image\/jpeg"}],"author":"Urs Kyburz","twitter_card":"summary_large_image","twitter_creator":"@idnu_ch","twitter_site":"@idnu_ch","twitter_misc":{"Verfasst von":"Urs Kyburz","Gesch\u00e4tzte Lesezeit":"5\u00a0Minuten"},"schema":{"@context":"https:\/\/schema.org","@graph":[{"@type":"Article","@id":"https:\/\/idnu.ch\/wordpress\/die-suche-nach-dem-regengeist\/#article","isPartOf":{"@id":"https:\/\/idnu.ch\/wordpress\/die-suche-nach-dem-regengeist\/"},"author":{"name":"Urs Kyburz","@id":"https:\/\/idnu.ch\/wordpress\/#\/schema\/person\/1ab8c5de743be7b019272124c19ad351"},"headline":"Die Suche nach dem Regengeist","datePublished":"2026-08-30T13:49:53+00:00","mainEntityOfPage":{"@id":"https:\/\/idnu.ch\/wordpress\/die-suche-nach-dem-regengeist\/"},"wordCount":755,"commentCount":0,"publisher":{"@id":"https:\/\/idnu.ch\/wordpress\/#\/schema\/person\/1ab8c5de743be7b019272124c19ad351"},"image":{"@id":"https:\/\/idnu.ch\/wordpress\/die-suche-nach-dem-regengeist\/#primaryimage"},"thumbnailUrl":"https:\/\/i0.wp.com\/idnu.ch\/wordpress\/wp-content\/uploads\/2026\/08\/arosa-20260715-4-002-titelbild.jpg?fit=1280%2C853&ssl=1","keywords":["Alpensalamander","Amphibien","Arosa","Regentipp","Regenwanderung","Salamander"],"articleSection":["Graub\u00fcnden","Graub\u00fcnden","Naturerlebnis","Wandern"],"inLanguage":"de","potentialAction":[{"@type":"CommentAction","name":"Comment","target":["https:\/\/idnu.ch\/wordpress\/die-suche-nach-dem-regengeist\/#respond"]}]},{"@type":"WebPage","@id":"https:\/\/idnu.ch\/wordpress\/die-suche-nach-dem-regengeist\/","url":"https:\/\/idnu.ch\/wordpress\/die-suche-nach-dem-regengeist\/","name":"Die Suche nach dem Regengeist - In der Natur unterwegs","isPartOf":{"@id":"https:\/\/idnu.ch\/wordpress\/#website"},"primaryImageOfPage":{"@id":"https:\/\/idnu.ch\/wordpress\/die-suche-nach-dem-regengeist\/#primaryimage"},"image":{"@id":"https:\/\/idnu.ch\/wordpress\/die-suche-nach-dem-regengeist\/#primaryimage"},"thumbnailUrl":"https:\/\/i0.wp.com\/idnu.ch\/wordpress\/wp-content\/uploads\/2026\/08\/arosa-20260715-4-002-titelbild.jpg?fit=1280%2C853&ssl=1","datePublished":"2026-08-30T13:49:53+00:00","description":"Die Suche nach dem Regengeist geht am besten, wenn es regnet oder geregnet hat. Dann stehen die Chancen gut, ihm zu begegnen.","breadcrumb":{"@id":"https:\/\/idnu.ch\/wordpress\/die-suche-nach-dem-regengeist\/#breadcrumb"},"inLanguage":"de","potentialAction":[{"@type":"ReadAction","target":["https:\/\/idnu.ch\/wordpress\/die-suche-nach-dem-regengeist\/"]}]},{"@type":"ImageObject","inLanguage":"de","@id":"https:\/\/idnu.ch\/wordpress\/die-suche-nach-dem-regengeist\/#primaryimage","url":"https:\/\/i0.wp.com\/idnu.ch\/wordpress\/wp-content\/uploads\/2026\/08\/arosa-20260715-4-002-titelbild.jpg?fit=1280%2C853&ssl=1","contentUrl":"https:\/\/i0.wp.com\/idnu.ch\/wordpress\/wp-content\/uploads\/2026\/08\/arosa-20260715-4-002-titelbild.jpg?fit=1280%2C853&ssl=1","width":1280,"height":853},{"@type":"BreadcrumbList","@id":"https:\/\/idnu.ch\/wordpress\/die-suche-nach-dem-regengeist\/#breadcrumb","itemListElement":[{"@type":"ListItem","position":1,"name":"Startseite","item":"https:\/\/idnu.ch\/wordpress\/"},{"@type":"ListItem","position":2,"name":"Die Suche nach dem Regengeist"}]},{"@type":"WebSite","@id":"https:\/\/idnu.ch\/wordpress\/#website","url":"https:\/\/idnu.ch\/wordpress\/","name":"In der Natur unterwegs","description":"Dort, wo es am sch\u00f6nsten ist","publisher":{"@id":"https:\/\/idnu.ch\/wordpress\/#\/schema\/person\/1ab8c5de743be7b019272124c19ad351"},"potentialAction":[{"@type":"SearchAction","target":{"@type":"EntryPoint","urlTemplate":"https:\/\/idnu.ch\/wordpress\/?s={search_term_string}"},"query-input":{"@type":"PropertyValueSpecification","valueRequired":true,"valueName":"search_term_string"}}],"inLanguage":"de"},{"@type":["Person","Organization"],"@id":"https:\/\/idnu.ch\/wordpress\/#\/schema\/person\/1ab8c5de743be7b019272124c19ad351","name":"Urs Kyburz","image":{"@type":"ImageObject","inLanguage":"de","@id":"https:\/\/i0.wp.com\/idnu.ch\/wordpress\/wp-content\/uploads\/2016\/02\/logo_150x165.gif?fit=3151%2C3456&ssl=1","url":"https:\/\/i0.wp.com\/idnu.ch\/wordpress\/wp-content\/uploads\/2016\/02\/logo_150x165.gif?fit=3151%2C3456&ssl=1","contentUrl":"https:\/\/i0.wp.com\/idnu.ch\/wordpress\/wp-content\/uploads\/2016\/02\/logo_150x165.gif?fit=3151%2C3456&ssl=1","width":3151,"height":3456,"caption":"Urs Kyburz"},"logo":{"@id":"https:\/\/i0.wp.com\/idnu.ch\/wordpress\/wp-content\/uploads\/2016\/02\/logo_150x165.gif?fit=3151%2C3456&ssl=1"}}]}},"jetpack_publicize_connections":[],"jetpack_sharing_enabled":true,"jetpack_shortlink":"https:\/\/wp.me\/p6MmGG-7Cf","jetpack-related-posts":[{"id":13280,"url":"https:\/\/idnu.ch\/wordpress\/was-machen-wenn-es-in-scuol-regnet\/","url_meta":{"origin":29279,"position":0},"title":"Was machen, wenn es in Scuol regnet?","author":"Urs Kyburz","date":"3. November 2019","format":false,"excerpt":"Was machen, wenn es in Scuol regnet? Mit dieser Frage m\u00f6chte man nat\u00fcrlich nicht konfrontiert werden, wenn man in den Ferien weilt, trotzdem kann sie relevant werden. Wir brauchten auch einige Ideen, da in unseren Ferien nicht immer eitel Sonnenschein herrschte. Regenwanderungen Als Outdoormenschen schreckt uns nat\u00fcrlich auch Regen nicht\u2026","rel":"","context":"In &quot;Graub\u00fcnden&quot;","block_context":{"text":"Graub\u00fcnden","link":"https:\/\/idnu.ch\/wordpress\/category\/kanton\/graubuenden\/"},"img":{"alt_text":"","src":"https:\/\/i0.wp.com\/idnu.ch\/wordpress\/wp-content\/uploads\/2019\/11\/scuol-20191009-673.jpg?fit=1200%2C800&ssl=1&resize=350%2C200","width":350,"height":200,"srcset":"https:\/\/i0.wp.com\/idnu.ch\/wordpress\/wp-content\/uploads\/2019\/11\/scuol-20191009-673.jpg?fit=1200%2C800&ssl=1&resize=350%2C200 1x, https:\/\/i0.wp.com\/idnu.ch\/wordpress\/wp-content\/uploads\/2019\/11\/scuol-20191009-673.jpg?fit=1200%2C800&ssl=1&resize=525%2C300 1.5x, https:\/\/i0.wp.com\/idnu.ch\/wordpress\/wp-content\/uploads\/2019\/11\/scuol-20191009-673.jpg?fit=1200%2C800&ssl=1&resize=700%2C400 2x, https:\/\/i0.wp.com\/idnu.ch\/wordpress\/wp-content\/uploads\/2019\/11\/scuol-20191009-673.jpg?fit=1200%2C800&ssl=1&resize=1050%2C600 3x"},"classes":[]},{"id":967,"url":"https:\/\/idnu.ch\/wordpress\/ein-spaziergang-am-caumasee-nach-dem-regen\/","url_meta":{"origin":29279,"position":1},"title":"Ein Spaziergang am Caumasee nach dem Regen","author":"Urs Kyburz","date":"19. Oktober 2015","format":"gallery","excerpt":"Der Caumasee ist nicht weit entfernt von Flims-Waldhaus. Vom Parkplatz her (wir sind nat\u00fcrlich zu Fuss dorthin) sind es etwa 20 Minuten. Mit einer lustigen Kabinenstandseilbahn kann man zum See hinunter fahren. Nachdem der Regen aufgeh\u00f6rt hatte, machten wir uns auf zum Caumasee, nicht ohne noch Geocaches zu suchen unterwegs.\u2026","rel":"","context":"In &quot;Graub\u00fcnden&quot;","block_context":{"text":"Graub\u00fcnden","link":"https:\/\/idnu.ch\/wordpress\/category\/tourismusregionen\/graubuenden-tourismusregionen\/"},"img":{"alt_text":"Der Caumasee","src":"https:\/\/i0.wp.com\/idnu.ch\/wordpress\/wp-content\/uploads\/2015\/10\/07_caumasee_0003.jpg?fit=1200%2C800&ssl=1&resize=350%2C200","width":350,"height":200,"srcset":"https:\/\/i0.wp.com\/idnu.ch\/wordpress\/wp-content\/uploads\/2015\/10\/07_caumasee_0003.jpg?fit=1200%2C800&ssl=1&resize=350%2C200 1x, https:\/\/i0.wp.com\/idnu.ch\/wordpress\/wp-content\/uploads\/2015\/10\/07_caumasee_0003.jpg?fit=1200%2C800&ssl=1&resize=525%2C300 1.5x, https:\/\/i0.wp.com\/idnu.ch\/wordpress\/wp-content\/uploads\/2015\/10\/07_caumasee_0003.jpg?fit=1200%2C800&ssl=1&resize=700%2C400 2x, https:\/\/i0.wp.com\/idnu.ch\/wordpress\/wp-content\/uploads\/2015\/10\/07_caumasee_0003.jpg?fit=1200%2C800&ssl=1&resize=1050%2C600 3x"},"classes":[]},{"id":190,"url":"https:\/\/idnu.ch\/wordpress\/auf-safari-im-val-trupchun\/","url_meta":{"origin":29279,"position":2},"title":"Auf Safari im Val Trupchun","author":"Urs Kyburz","date":"11. August 2013","format":false,"excerpt":"Das Val Trupchun ist ein Seitental s\u00fcdlich des Engadiner Haupttales, Ausgangspunkt ist S-chanf. Es ist Teil des Schweizer Nationalparkes und man hat dort fast eine Garantie, die bekannten Alpentiere zu beobachten. Grund genug, auf Safari im Val Trupchun zu gehen. Der Nationalpark wurde vom Schweizerischen Bund f\u00fcr Naturschutz, der heutigen\u2026","rel":"","context":"In &quot;Graub\u00fcnden&quot;","block_context":{"text":"Graub\u00fcnden","link":"https:\/\/idnu.ch\/wordpress\/category\/tourismusregionen\/graubuenden-tourismusregionen\/"},"img":{"alt_text":"Beobachten auf der Alp Trupchun","src":"https:\/\/i0.wp.com\/idnu.ch\/wordpress\/wp-content\/uploads\/2014\/07\/m%C3%BCnstertal_0149.jpg?fit=1024%2C683&ssl=1&resize=350%2C200","width":350,"height":200,"srcset":"https:\/\/i0.wp.com\/idnu.ch\/wordpress\/wp-content\/uploads\/2014\/07\/m%C3%BCnstertal_0149.jpg?fit=1024%2C683&ssl=1&resize=350%2C200 1x, https:\/\/i0.wp.com\/idnu.ch\/wordpress\/wp-content\/uploads\/2014\/07\/m%C3%BCnstertal_0149.jpg?fit=1024%2C683&ssl=1&resize=525%2C300 1.5x, https:\/\/i0.wp.com\/idnu.ch\/wordpress\/wp-content\/uploads\/2014\/07\/m%C3%BCnstertal_0149.jpg?fit=1024%2C683&ssl=1&resize=700%2C400 2x"},"classes":[]},{"id":228,"url":"https:\/\/idnu.ch\/wordpress\/was-machen-wenn-es-in-davos-regnet\/","url_meta":{"origin":29279,"position":3},"title":"Was machen, wenn es in Davos regnet?","author":"Urs Kyburz","date":"7. Oktober 2012","format":false,"excerpt":"Man f\u00e4hrt mit dem Zug nach Berg\u00fcn und besucht das Bahnmuseum Albula. Von Davos nach Filisur \u00fcberquert man den Wiesenviadukt, der h\u00f6chste der RhB-Strecke. Von Filisur nach Berg\u00fcn f\u00e4hrt man auf der ber\u00fchmten Albula-Strecke, die seit 2008 im Verzeichnis des UNESCO \u00a0Welterbes aufgef\u00fchrt ist. Man erf\u00e4hrt viel Interessantes \u00fcber die\u2026","rel":"","context":"In &quot;Graub\u00fcnden&quot;","block_context":{"text":"Graub\u00fcnden","link":"https:\/\/idnu.ch\/wordpress\/category\/kanton\/graubuenden\/"},"img":{"alt_text":"Albula Bahnmuseum","src":"https:\/\/i0.wp.com\/idnu.ch\/wordpress\/wp-content\/uploads\/2012\/10\/IMG_0390.jpg?fit=1200%2C800&ssl=1&resize=350%2C200","width":350,"height":200,"srcset":"https:\/\/i0.wp.com\/idnu.ch\/wordpress\/wp-content\/uploads\/2012\/10\/IMG_0390.jpg?fit=1200%2C800&ssl=1&resize=350%2C200 1x, https:\/\/i0.wp.com\/idnu.ch\/wordpress\/wp-content\/uploads\/2012\/10\/IMG_0390.jpg?fit=1200%2C800&ssl=1&resize=525%2C300 1.5x, https:\/\/i0.wp.com\/idnu.ch\/wordpress\/wp-content\/uploads\/2012\/10\/IMG_0390.jpg?fit=1200%2C800&ssl=1&resize=700%2C400 2x, https:\/\/i0.wp.com\/idnu.ch\/wordpress\/wp-content\/uploads\/2012\/10\/IMG_0390.jpg?fit=1200%2C800&ssl=1&resize=1050%2C600 3x"},"classes":[]},{"id":13083,"url":"https:\/\/idnu.ch\/wordpress\/quellenweg-in-scuol\/","url_meta":{"origin":29279,"position":4},"title":"Quellenweg in Scuol","author":"Urs Kyburz","date":"28. Oktober 2019","format":false,"excerpt":"Die Umgebung von Scuol ist bekannt f\u00fcr seine Mineralquellen. Selbst aus den \u00f6ffentlichen Dorfbrunnen sprudelt Mineralwasser, angereichert mit Kohlens\u00e4ure. Es gibt verschiedene Themenwege dazu, einen haben wir an einem nicht so sch\u00f6nen Tag gemacht, den Quellenweg in Scuol oder eben \"tras il god\". Am Morgen hat es noch geregnet, wir\u2026","rel":"","context":"In &quot;Graub\u00fcnden&quot;","block_context":{"text":"Graub\u00fcnden","link":"https:\/\/idnu.ch\/wordpress\/category\/kanton\/graubuenden\/"},"img":{"alt_text":"","src":"https:\/\/i0.wp.com\/idnu.ch\/wordpress\/wp-content\/uploads\/2019\/10\/scuol-20191005-468.jpg?fit=1200%2C800&ssl=1&resize=350%2C200","width":350,"height":200,"srcset":"https:\/\/i0.wp.com\/idnu.ch\/wordpress\/wp-content\/uploads\/2019\/10\/scuol-20191005-468.jpg?fit=1200%2C800&ssl=1&resize=350%2C200 1x, https:\/\/i0.wp.com\/idnu.ch\/wordpress\/wp-content\/uploads\/2019\/10\/scuol-20191005-468.jpg?fit=1200%2C800&ssl=1&resize=525%2C300 1.5x, https:\/\/i0.wp.com\/idnu.ch\/wordpress\/wp-content\/uploads\/2019\/10\/scuol-20191005-468.jpg?fit=1200%2C800&ssl=1&resize=700%2C400 2x, https:\/\/i0.wp.com\/idnu.ch\/wordpress\/wp-content\/uploads\/2019\/10\/scuol-20191005-468.jpg?fit=1200%2C800&ssl=1&resize=1050%2C600 3x"},"classes":[]},{"id":27063,"url":"https:\/\/idnu.ch\/wordpress\/immer-am-herumwuseln-der-sandregenpfeifer\/","url_meta":{"origin":29279,"position":5},"title":"Immer am Herumwuseln: Der Sandregenpfeifer","author":"Urs Kyburz","date":"22. Dezember 2024","format":false,"excerpt":"Immer am Herumwuseln: Der Sandregenpfeifer ist meist in kleinen Trupps unterwegs, immer auf der Suche nach Nahrung. Wir trafen sie \u00fcberall an, wo es Schlickfl\u00e4chen gab. Wiss.: Charadrius hiaticula Franz.: Grand Gravelot Eng.: Common Ringed Plover Der Sandregenpfeifer ist ein Brutvogel der britischen, niederl\u00e4ndischen und deutschen K\u00fcste, an den K\u00fcsten\u2026","rel":"","context":"In &quot;Frankreich&quot;","block_context":{"text":"Frankreich","link":"https:\/\/idnu.ch\/wordpress\/category\/laender\/frankreich\/"},"img":{"alt_text":"","src":"https:\/\/i0.wp.com\/idnu.ch\/wordpress\/wp-content\/uploads\/2024\/12\/camargue-20240927-103-Bearbeitet.jpg?fit=1200%2C800&ssl=1&resize=350%2C200","width":350,"height":200,"srcset":"https:\/\/i0.wp.com\/idnu.ch\/wordpress\/wp-content\/uploads\/2024\/12\/camargue-20240927-103-Bearbeitet.jpg?fit=1200%2C800&ssl=1&resize=350%2C200 1x, https:\/\/i0.wp.com\/idnu.ch\/wordpress\/wp-content\/uploads\/2024\/12\/camargue-20240927-103-Bearbeitet.jpg?fit=1200%2C800&ssl=1&resize=525%2C300 1.5x, https:\/\/i0.wp.com\/idnu.ch\/wordpress\/wp-content\/uploads\/2024\/12\/camargue-20240927-103-Bearbeitet.jpg?fit=1200%2C800&ssl=1&resize=700%2C400 2x, https:\/\/i0.wp.com\/idnu.ch\/wordpress\/wp-content\/uploads\/2024\/12\/camargue-20240927-103-Bearbeitet.jpg?fit=1200%2C800&ssl=1&resize=1050%2C600 3x"},"classes":[]}],"jetpack_likes_enabled":true,"jetpack_featured_media_url":"https:\/\/i0.wp.com\/idnu.ch\/wordpress\/wp-content\/uploads\/2026\/08\/arosa-20260715-4-002-titelbild.jpg?fit=1280%2C853&ssl=1","_links":{"self":[{"href":"https:\/\/idnu.ch\/wordpress\/wp-json\/wp\/v2\/posts\/29279","targetHints":{"allow":["GET"]}}],"collection":[{"href":"https:\/\/idnu.ch\/wordpress\/wp-json\/wp\/v2\/posts"}],"about":[{"href":"https:\/\/idnu.ch\/wordpress\/wp-json\/wp\/v2\/types\/post"}],"author":[{"embeddable":true,"href":"https:\/\/idnu.ch\/wordpress\/wp-json\/wp\/v2\/users\/2"}],"replies":[{"embeddable":true,"href":"https:\/\/idnu.ch\/wordpress\/wp-json\/wp\/v2\/comments?post=29279"}],"version-history":[{"count":8,"href":"https:\/\/idnu.ch\/wordpress\/wp-json\/wp\/v2\/posts\/29279\/revisions"}],"predecessor-version":[{"id":29316,"href":"https:\/\/idnu.ch\/wordpress\/wp-json\/wp\/v2\/posts\/29279\/revisions\/29316"}],"wp:featuredmedia":[{"embeddable":true,"href":"https:\/\/idnu.ch\/wordpress\/wp-json\/wp\/v2\/media\/29313"}],"wp:attachment":[{"href":"https:\/\/idnu.ch\/wordpress\/wp-json\/wp\/v2\/media?parent=29279"}],"wp:term":[{"taxonomy":"category","embeddable":true,"href":"https:\/\/idnu.ch\/wordpress\/wp-json\/wp\/v2\/categories?post=29279"},{"taxonomy":"post_tag","embeddable":true,"href":"https:\/\/idnu.ch\/wordpress\/wp-json\/wp\/v2\/tags?post=29279"}],"curies":[{"name":"wp","href":"https:\/\/api.w.org\/{rel}","templated":true}]}}