{"id":2991,"date":"2016-03-07T16:01:40","date_gmt":"2016-03-07T15:01:40","guid":{"rendered":"http:\/\/idnu.ch\/wordpress\/?p=2991"},"modified":"2022-01-27T10:18:01","modified_gmt":"2022-01-27T09:18:01","slug":"skitouren-im-aostatal","status":"publish","type":"post","link":"https:\/\/idnu.ch\/wordpress\/skitouren-im-aostatal\/","title":{"rendered":"Skitouren im Aostatal"},"content":{"rendered":"<p><strong>Wieder mal auf eine ganze Woche auf Skitouren gehen. Und ins Ausland. Na gut, ist gleich ennet der Grenze, aber was soll&#8217;s. Seit ich nicht mehr Milit\u00e4rdienst leiste, habe ich an keiner Tourenwoche mehr teilgenommen. Das habe ich mir wieder mal geg\u00f6nnt mit dem <a href=\"http:\/\/sac-homberg.ch\/\" target=\"_blank\" rel=\"noopener noreferrer\">SAC Homberg<\/a>. Eine Woche im Aostatal, drei Tage in Vetan auf der Sonnenseite hoch \u00fcber dem Aostatal, drei Tage im engen Valle di Cogne. Und was soll ich sagen? La vie est belle!<\/strong><\/p>\n<figure id=\"attachment_3038\" aria-describedby=\"caption-attachment-3038\" style=\"width: 1400px\" class=\"wp-caption aligncenter\"><a href=\"https:\/\/i0.wp.com\/idnu.ch\/wordpress\/wp-content\/uploads\/2016\/03\/aostatal_0148.jpg?ssl=1\" rel=\"attachment wp-att-3038\"><img data-recalc-dims=\"1\" loading=\"lazy\" decoding=\"async\" data-attachment-id=\"3038\" data-permalink=\"https:\/\/idnu.ch\/wordpress\/skitouren-im-aostatal\/aostatal_0148\/#main\" data-orig-file=\"https:\/\/i0.wp.com\/idnu.ch\/wordpress\/wp-content\/uploads\/2016\/03\/aostatal_0148.jpg?fit=1400%2C1050&amp;ssl=1\" data-orig-size=\"1400,1050\" data-comments-opened=\"1\" data-image-meta=\"{&quot;aperture&quot;:&quot;0&quot;,&quot;credit&quot;:&quot;&quot;,&quot;camera&quot;:&quot;&quot;,&quot;caption&quot;:&quot;&quot;,&quot;created_timestamp&quot;:&quot;0&quot;,&quot;copyright&quot;:&quot;&quot;,&quot;focal_length&quot;:&quot;0&quot;,&quot;iso&quot;:&quot;0&quot;,&quot;shutter_speed&quot;:&quot;0&quot;,&quot;title&quot;:&quot;&quot;,&quot;orientation&quot;:&quot;0&quot;}\" data-image-title=\"Das Aostatal\" data-image-description=\"\" data-image-caption=\"&lt;p&gt;Das Aostatal&lt;\/p&gt;\n\" data-large-file=\"https:\/\/i0.wp.com\/idnu.ch\/wordpress\/wp-content\/uploads\/2016\/03\/aostatal_0148.jpg?fit=750%2C563&amp;ssl=1\" class=\"size-full wp-image-3038\" src=\"https:\/\/i0.wp.com\/idnu.ch\/wordpress\/wp-content\/uploads\/2016\/03\/aostatal_0148.jpg?resize=750%2C563&#038;ssl=1\" alt=\"Das Aostatal\" width=\"750\" height=\"563\" srcset=\"https:\/\/i0.wp.com\/idnu.ch\/wordpress\/wp-content\/uploads\/2016\/03\/aostatal_0148.jpg?w=1400&amp;ssl=1 1400w, https:\/\/i0.wp.com\/idnu.ch\/wordpress\/wp-content\/uploads\/2016\/03\/aostatal_0148.jpg?resize=300%2C225&amp;ssl=1 300w, https:\/\/i0.wp.com\/idnu.ch\/wordpress\/wp-content\/uploads\/2016\/03\/aostatal_0148.jpg?resize=768%2C576&amp;ssl=1 768w, https:\/\/i0.wp.com\/idnu.ch\/wordpress\/wp-content\/uploads\/2016\/03\/aostatal_0148.jpg?resize=1024%2C768&amp;ssl=1 1024w, https:\/\/i0.wp.com\/idnu.ch\/wordpress\/wp-content\/uploads\/2016\/03\/aostatal_0148.jpg?resize=720%2C540&amp;ssl=1 720w, https:\/\/i0.wp.com\/idnu.ch\/wordpress\/wp-content\/uploads\/2016\/03\/aostatal_0148.jpg?resize=133%2C100&amp;ssl=1 133w\" sizes=\"auto, (max-width: 750px) 100vw, 750px\" \/><\/a><figcaption id=\"caption-attachment-3038\" class=\"wp-caption-text\">Das Aostatal<\/figcaption><\/figure>\n<p>In einem Kleinbus werden wir abgeholt und fahren zur Rastst\u00e4tte Grauholz bei Bern, wo der letzte Teilnehmer zusteigt. Dann geht die grosse R\u00e4tselei los. Wir wollen noch eine Tour machen unterwegs, aber wo? Die Lawinensituation ist nicht einfach, tags zuvor war sie noch auf gross in einigen Teilen der Alpen. Also muss es etwas kleineres sein und nicht so hoch gelegen. Das Fribourgerland ist sch\u00f6n eingeschneit und nicht besonders hoch, so dass wir diese Region genauer unter die Lupe nehmen.<\/p>\n<h1>Auf Skiern unterwegs<\/h1>\n<h2>La Vudalla, 1670 m<\/h2>\n<p>Von weitem sehen wir eine sch\u00f6ne Flanke, die uns ideal erscheint. Wir fahren in die N\u00e4he, stellen aber fest, dass zu wenig Schnee liegt. Also wieder zur\u00fcck und beraten. Noch einmal wird die Flanke inspiziert mit dem Feldstecher. Der Tourenleiter findet dann tats\u00e4chlich eine Variante, die machbar erscheint. Wir fahren wieder in die N\u00e4he und finden: OK, das sollte gehen. Also los, alles bereit machen und los. Allzu viel Schnee liegt aber auch hier nicht, aber es geht. Der Tourenleiter scheint in Zeitlupe zu gehen, w\u00e4hrend wir hinterherhecheln. So kommt es mir jedenfalls vor. Wir steigen hoch \u00fcber Weiden, aufpassen muss man auf den Stacheldraht, der da und dort noch liegt. Bald haben wir eine grossartige Aussicht auf das frisch verschneite Greyerzerland unter stahlblauem Himmel. Bei der ersten Rast f\u00e4llt mir auf, dass dieser Himmel inzwischen eher grau geworden ist. Der Mol\u00e9son vis-\u00e0-vis wird auch von Wolken eingeh\u00fcllt, es beginnt zu schneien. Wir gehen trotzdem weiter, wir treffen immer mehr Leute an. Scheinbar gibt es noch einen einfacheren Aufstieg. Der Gipfelhang ist sehr steil, wir reihen Spitzkehre an Spitzkehre. Damit h\u00e4tten wir das auch wieder ge\u00fcbt. Auf dem Gipfel haben wir kaum Aussicht, der Berg h\u00e4lt nicht, was er verspricht (ich nehme an, das &#8222;Vu&#8220; in Vudalla kommt von &#8222;Vue&#8220;, Aussicht). Das ist uns aber egal, wir freuen uns jetzt auf die Abfahrt durch den knietiefen Pulverschnee. Und los geht&#8217;s! Wie das stiebt! Der pure Wahnsinn! Ausser Atem bleiben wir stehen und schauen zur\u00fcck. War das grossartig! Auch die folgenden H\u00e4nge sind nicht schlecht, wir kommen schnell voran. Ab der H\u00e4lfte wird er allerdings decklig und schwer. Und jede Erhebung im Schnee k\u00f6nnte nicht nur ein Stein sein, sondern ist ein Stein, also besser umfahren. Zuunterst reicht es gerade noch, um die Strasse zu erreichen. Diejenigen, die neue Skis haben, tragen sie aber lieber.<br \/>\nNun haben wir aber Durst, wir suchen das mittelalterliche St\u00e4dtchen Gruy\u00e8res auf. Gar nicht einfach, selbst jetzt anfangs M\u00e4rz treten sich hier die Touristen auf den F\u00fcssen herum. Wie das wohl erst im Sommer ist? Zwei Restaurants sind voll, wir versuchen es nun in der H.R. Giger-Bar. Diese ist mit Figuren des ber\u00fchmten K\u00fcnstlers eingerichtet und verbreitet eine etwas gruselig-morbide Atmosph\u00e4re. Ist aber noch interessant. Das Panach\u00e9 schmeckt nach der Skitour so oder so. Und dann geht es weiter ins Aostatal, nach Vetan ins Hotel Notre Maison.<\/p>\n<div class=\"tiled-gallery type-rectangular tiled-gallery-unresized\" data-original-width=\"750\" data-carousel-extra='{&quot;blog_id&quot;:1,&quot;permalink&quot;:&quot;https:\\\/\\\/idnu.ch\\\/wordpress\\\/skitouren-im-aostatal\\\/&quot;,&quot;likes_blog_id&quot;:100184974}' itemscope itemtype=\"http:\/\/schema.org\/ImageGallery\" > <div class=\"gallery-row\" style=\"width: 750px; height: 376px;\" data-original-width=\"750\" data-original-height=\"376\" > <div class=\"gallery-group images-1\" style=\"width: 500px; height: 376px;\" data-original-width=\"500\" data-original-height=\"376\" > <div class=\"tiled-gallery-item tiled-gallery-item-large\" itemprop=\"associatedMedia\" itemscope itemtype=\"http:\/\/schema.org\/ImageObject\"> <a href=\"https:\/\/idnu.ch\/wordpress\/skitouren-im-aostatal\/aostatal_0002\/#main\" border=\"0\" itemprop=\"url\"> <meta itemprop=\"width\" content=\"496\"> <meta itemprop=\"height\" content=\"372\"> <img decoding=\"async\" class=\"\" data-attachment-id=\"3039\" data-orig-file=\"https:\/\/idnu.ch\/wordpress\/wp-content\/uploads\/2016\/03\/aostatal_0002.jpg\" data-orig-size=\"1400,1050\" data-comments-opened=\"1\" data-image-meta=\"{&quot;aperture&quot;:&quot;0&quot;,&quot;credit&quot;:&quot;&quot;,&quot;camera&quot;:&quot;&quot;,&quot;caption&quot;:&quot;&quot;,&quot;created_timestamp&quot;:&quot;0&quot;,&quot;copyright&quot;:&quot;&quot;,&quot;focal_length&quot;:&quot;0&quot;,&quot;iso&quot;:&quot;0&quot;,&quot;shutter_speed&quot;:&quot;0&quot;,&quot;title&quot;:&quot;&quot;,&quot;orientation&quot;:&quot;0&quot;}\" data-image-title=\"aostatal_0002\" data-image-description=\"\" data-medium-file=\"https:\/\/i0.wp.com\/idnu.ch\/wordpress\/wp-content\/uploads\/2016\/03\/aostatal_0002.jpg?fit=300%2C225&#038;ssl=1\" data-large-file=\"https:\/\/i0.wp.com\/idnu.ch\/wordpress\/wp-content\/uploads\/2016\/03\/aostatal_0002.jpg?fit=750%2C563&#038;ssl=1\" src=\"https:\/\/i0.wp.com\/idnu.ch\/wordpress\/wp-content\/uploads\/2016\/03\/aostatal_0002.jpg?w=496&#038;h=372&#038;ssl=1\" srcset=\"https:\/\/i0.wp.com\/idnu.ch\/wordpress\/wp-content\/uploads\/2016\/03\/aostatal_0002.jpg?w=1400&amp;ssl=1 1400w, https:\/\/i0.wp.com\/idnu.ch\/wordpress\/wp-content\/uploads\/2016\/03\/aostatal_0002.jpg?resize=300%2C225&amp;ssl=1 300w, https:\/\/i0.wp.com\/idnu.ch\/wordpress\/wp-content\/uploads\/2016\/03\/aostatal_0002.jpg?resize=768%2C576&amp;ssl=1 768w, https:\/\/i0.wp.com\/idnu.ch\/wordpress\/wp-content\/uploads\/2016\/03\/aostatal_0002.jpg?resize=1024%2C768&amp;ssl=1 1024w, https:\/\/i0.wp.com\/idnu.ch\/wordpress\/wp-content\/uploads\/2016\/03\/aostatal_0002.jpg?resize=720%2C540&amp;ssl=1 720w, https:\/\/i0.wp.com\/idnu.ch\/wordpress\/wp-content\/uploads\/2016\/03\/aostatal_0002.jpg?resize=133%2C100&amp;ssl=1 133w\" width=\"496\" height=\"372\" loading=\"lazy\" data-original-width=\"496\" data-original-height=\"372\" itemprop=\"http:\/\/schema.org\/image\" title=\"aostatal_0002\" alt=\"aostatal_0002\" style=\"width: 496px; height: 372px;\" \/> <\/a> <\/div> <\/div> <!-- close group --> <div class=\"gallery-group images-2\" style=\"width: 250px; height: 376px;\" data-original-width=\"250\" data-original-height=\"376\" > <div class=\"tiled-gallery-item tiled-gallery-item-small\" itemprop=\"associatedMedia\" itemscope itemtype=\"http:\/\/schema.org\/ImageObject\"> <a href=\"https:\/\/idnu.ch\/wordpress\/skitouren-im-aostatal\/aostatal_0004\/#main\" border=\"0\" itemprop=\"url\"> <meta itemprop=\"width\" content=\"246\"> <meta itemprop=\"height\" content=\"184\"> <img decoding=\"async\" class=\"\" data-attachment-id=\"3040\" data-orig-file=\"https:\/\/idnu.ch\/wordpress\/wp-content\/uploads\/2016\/03\/aostatal_0004.jpg\" data-orig-size=\"1400,1050\" data-comments-opened=\"1\" data-image-meta=\"{&quot;aperture&quot;:&quot;0&quot;,&quot;credit&quot;:&quot;&quot;,&quot;camera&quot;:&quot;&quot;,&quot;caption&quot;:&quot;&quot;,&quot;created_timestamp&quot;:&quot;0&quot;,&quot;copyright&quot;:&quot;&quot;,&quot;focal_length&quot;:&quot;0&quot;,&quot;iso&quot;:&quot;0&quot;,&quot;shutter_speed&quot;:&quot;0&quot;,&quot;title&quot;:&quot;&quot;,&quot;orientation&quot;:&quot;0&quot;}\" data-image-title=\"aostatal_0004\" data-image-description=\"\" data-medium-file=\"https:\/\/i0.wp.com\/idnu.ch\/wordpress\/wp-content\/uploads\/2016\/03\/aostatal_0004.jpg?fit=300%2C225&#038;ssl=1\" data-large-file=\"https:\/\/i0.wp.com\/idnu.ch\/wordpress\/wp-content\/uploads\/2016\/03\/aostatal_0004.jpg?fit=750%2C563&#038;ssl=1\" src=\"https:\/\/i0.wp.com\/idnu.ch\/wordpress\/wp-content\/uploads\/2016\/03\/aostatal_0004.jpg?w=246&#038;h=184&#038;ssl=1\" srcset=\"https:\/\/i0.wp.com\/idnu.ch\/wordpress\/wp-content\/uploads\/2016\/03\/aostatal_0004.jpg?w=1400&amp;ssl=1 1400w, https:\/\/i0.wp.com\/idnu.ch\/wordpress\/wp-content\/uploads\/2016\/03\/aostatal_0004.jpg?resize=300%2C225&amp;ssl=1 300w, https:\/\/i0.wp.com\/idnu.ch\/wordpress\/wp-content\/uploads\/2016\/03\/aostatal_0004.jpg?resize=768%2C576&amp;ssl=1 768w, https:\/\/i0.wp.com\/idnu.ch\/wordpress\/wp-content\/uploads\/2016\/03\/aostatal_0004.jpg?resize=1024%2C768&amp;ssl=1 1024w, https:\/\/i0.wp.com\/idnu.ch\/wordpress\/wp-content\/uploads\/2016\/03\/aostatal_0004.jpg?resize=720%2C540&amp;ssl=1 720w, https:\/\/i0.wp.com\/idnu.ch\/wordpress\/wp-content\/uploads\/2016\/03\/aostatal_0004.jpg?resize=133%2C100&amp;ssl=1 133w\" width=\"246\" height=\"184\" loading=\"lazy\" data-original-width=\"246\" data-original-height=\"184\" itemprop=\"http:\/\/schema.org\/image\" title=\"aostatal_0004\" alt=\"aostatal_0004\" style=\"width: 246px; height: 184px;\" \/> <\/a> <\/div> <div class=\"tiled-gallery-item tiled-gallery-item-small\" itemprop=\"associatedMedia\" itemscope itemtype=\"http:\/\/schema.org\/ImageObject\"> <a href=\"https:\/\/idnu.ch\/wordpress\/skitouren-im-aostatal\/aostatal_0005\/#main\" border=\"0\" itemprop=\"url\"> <meta itemprop=\"width\" content=\"246\"> <meta itemprop=\"height\" content=\"184\"> <img decoding=\"async\" class=\"\" data-attachment-id=\"3041\" data-orig-file=\"https:\/\/idnu.ch\/wordpress\/wp-content\/uploads\/2016\/03\/aostatal_0005.jpg\" data-orig-size=\"1400,1050\" data-comments-opened=\"1\" data-image-meta=\"{&quot;aperture&quot;:&quot;0&quot;,&quot;credit&quot;:&quot;&quot;,&quot;camera&quot;:&quot;&quot;,&quot;caption&quot;:&quot;&quot;,&quot;created_timestamp&quot;:&quot;0&quot;,&quot;copyright&quot;:&quot;&quot;,&quot;focal_length&quot;:&quot;0&quot;,&quot;iso&quot;:&quot;0&quot;,&quot;shutter_speed&quot;:&quot;0&quot;,&quot;title&quot;:&quot;&quot;,&quot;orientation&quot;:&quot;0&quot;}\" data-image-title=\"aostatal_0005\" data-image-description=\"\" data-medium-file=\"https:\/\/i0.wp.com\/idnu.ch\/wordpress\/wp-content\/uploads\/2016\/03\/aostatal_0005.jpg?fit=300%2C225&#038;ssl=1\" data-large-file=\"https:\/\/i0.wp.com\/idnu.ch\/wordpress\/wp-content\/uploads\/2016\/03\/aostatal_0005.jpg?fit=750%2C563&#038;ssl=1\" src=\"https:\/\/i0.wp.com\/idnu.ch\/wordpress\/wp-content\/uploads\/2016\/03\/aostatal_0005.jpg?w=246&#038;h=184&#038;ssl=1\" srcset=\"https:\/\/i0.wp.com\/idnu.ch\/wordpress\/wp-content\/uploads\/2016\/03\/aostatal_0005.jpg?w=1400&amp;ssl=1 1400w, https:\/\/i0.wp.com\/idnu.ch\/wordpress\/wp-content\/uploads\/2016\/03\/aostatal_0005.jpg?resize=300%2C225&amp;ssl=1 300w, https:\/\/i0.wp.com\/idnu.ch\/wordpress\/wp-content\/uploads\/2016\/03\/aostatal_0005.jpg?resize=768%2C576&amp;ssl=1 768w, https:\/\/i0.wp.com\/idnu.ch\/wordpress\/wp-content\/uploads\/2016\/03\/aostatal_0005.jpg?resize=1024%2C768&amp;ssl=1 1024w, https:\/\/i0.wp.com\/idnu.ch\/wordpress\/wp-content\/uploads\/2016\/03\/aostatal_0005.jpg?resize=720%2C540&amp;ssl=1 720w, https:\/\/i0.wp.com\/idnu.ch\/wordpress\/wp-content\/uploads\/2016\/03\/aostatal_0005.jpg?resize=133%2C100&amp;ssl=1 133w\" width=\"246\" height=\"184\" loading=\"lazy\" data-original-width=\"246\" data-original-height=\"184\" itemprop=\"http:\/\/schema.org\/image\" title=\"aostatal_0005\" alt=\"aostatal_0005\" style=\"width: 246px; height: 184px;\" \/> <\/a> <\/div> <\/div> <!-- close group --> <\/div> <!-- close row --> <div class=\"gallery-row\" style=\"width: 750px; height: 189px;\" data-original-width=\"750\" data-original-height=\"189\" > <div class=\"gallery-group images-1\" style=\"width: 250px; height: 189px;\" data-original-width=\"250\" data-original-height=\"189\" > <div class=\"tiled-gallery-item tiled-gallery-item-small\" itemprop=\"associatedMedia\" itemscope itemtype=\"http:\/\/schema.org\/ImageObject\"> <a href=\"https:\/\/idnu.ch\/wordpress\/skitouren-im-aostatal\/aostatal_0009\/#main\" border=\"0\" itemprop=\"url\"> <meta itemprop=\"width\" content=\"246\"> <meta itemprop=\"height\" content=\"185\"> <img decoding=\"async\" class=\"\" data-attachment-id=\"3042\" data-orig-file=\"https:\/\/idnu.ch\/wordpress\/wp-content\/uploads\/2016\/03\/aostatal_0009.jpg\" data-orig-size=\"1400,1050\" data-comments-opened=\"1\" data-image-meta=\"{&quot;aperture&quot;:&quot;0&quot;,&quot;credit&quot;:&quot;&quot;,&quot;camera&quot;:&quot;&quot;,&quot;caption&quot;:&quot;&quot;,&quot;created_timestamp&quot;:&quot;0&quot;,&quot;copyright&quot;:&quot;&quot;,&quot;focal_length&quot;:&quot;0&quot;,&quot;iso&quot;:&quot;0&quot;,&quot;shutter_speed&quot;:&quot;0&quot;,&quot;title&quot;:&quot;&quot;,&quot;orientation&quot;:&quot;0&quot;}\" data-image-title=\"aostatal_0009\" data-image-description=\"\" data-medium-file=\"https:\/\/i0.wp.com\/idnu.ch\/wordpress\/wp-content\/uploads\/2016\/03\/aostatal_0009.jpg?fit=300%2C225&#038;ssl=1\" data-large-file=\"https:\/\/i0.wp.com\/idnu.ch\/wordpress\/wp-content\/uploads\/2016\/03\/aostatal_0009.jpg?fit=750%2C563&#038;ssl=1\" src=\"https:\/\/i0.wp.com\/idnu.ch\/wordpress\/wp-content\/uploads\/2016\/03\/aostatal_0009.jpg?w=246&#038;h=185&#038;ssl=1\" srcset=\"https:\/\/i0.wp.com\/idnu.ch\/wordpress\/wp-content\/uploads\/2016\/03\/aostatal_0009.jpg?w=1400&amp;ssl=1 1400w, https:\/\/i0.wp.com\/idnu.ch\/wordpress\/wp-content\/uploads\/2016\/03\/aostatal_0009.jpg?resize=300%2C225&amp;ssl=1 300w, https:\/\/i0.wp.com\/idnu.ch\/wordpress\/wp-content\/uploads\/2016\/03\/aostatal_0009.jpg?resize=768%2C576&amp;ssl=1 768w, https:\/\/i0.wp.com\/idnu.ch\/wordpress\/wp-content\/uploads\/2016\/03\/aostatal_0009.jpg?resize=1024%2C768&amp;ssl=1 1024w, https:\/\/i0.wp.com\/idnu.ch\/wordpress\/wp-content\/uploads\/2016\/03\/aostatal_0009.jpg?resize=720%2C540&amp;ssl=1 720w, https:\/\/i0.wp.com\/idnu.ch\/wordpress\/wp-content\/uploads\/2016\/03\/aostatal_0009.jpg?resize=133%2C100&amp;ssl=1 133w\" width=\"246\" height=\"185\" loading=\"lazy\" data-original-width=\"246\" data-original-height=\"185\" itemprop=\"http:\/\/schema.org\/image\" title=\"aostatal_0009\" alt=\"aostatal_0009\" style=\"width: 246px; height: 185px;\" \/> <\/a> <\/div> <\/div> <!-- close group --> <div class=\"gallery-group images-1\" style=\"width: 250px; height: 189px;\" data-original-width=\"250\" data-original-height=\"189\" > <div class=\"tiled-gallery-item tiled-gallery-item-small\" itemprop=\"associatedMedia\" itemscope itemtype=\"http:\/\/schema.org\/ImageObject\"> <a href=\"https:\/\/idnu.ch\/wordpress\/skitouren-im-aostatal\/aostatal_0011\/#main\" border=\"0\" itemprop=\"url\"> <meta itemprop=\"width\" content=\"246\"> <meta itemprop=\"height\" content=\"185\"> <img decoding=\"async\" class=\"\" data-attachment-id=\"3043\" data-orig-file=\"https:\/\/idnu.ch\/wordpress\/wp-content\/uploads\/2016\/03\/aostatal_0011.jpg\" data-orig-size=\"1400,1050\" data-comments-opened=\"1\" data-image-meta=\"{&quot;aperture&quot;:&quot;0&quot;,&quot;credit&quot;:&quot;&quot;,&quot;camera&quot;:&quot;&quot;,&quot;caption&quot;:&quot;&quot;,&quot;created_timestamp&quot;:&quot;0&quot;,&quot;copyright&quot;:&quot;&quot;,&quot;focal_length&quot;:&quot;0&quot;,&quot;iso&quot;:&quot;0&quot;,&quot;shutter_speed&quot;:&quot;0&quot;,&quot;title&quot;:&quot;&quot;,&quot;orientation&quot;:&quot;0&quot;}\" data-image-title=\"aostatal_0011\" data-image-description=\"\" data-medium-file=\"https:\/\/i0.wp.com\/idnu.ch\/wordpress\/wp-content\/uploads\/2016\/03\/aostatal_0011.jpg?fit=300%2C225&#038;ssl=1\" data-large-file=\"https:\/\/i0.wp.com\/idnu.ch\/wordpress\/wp-content\/uploads\/2016\/03\/aostatal_0011.jpg?fit=750%2C563&#038;ssl=1\" src=\"https:\/\/i0.wp.com\/idnu.ch\/wordpress\/wp-content\/uploads\/2016\/03\/aostatal_0011.jpg?w=246&#038;h=185&#038;ssl=1\" srcset=\"https:\/\/i0.wp.com\/idnu.ch\/wordpress\/wp-content\/uploads\/2016\/03\/aostatal_0011.jpg?w=1400&amp;ssl=1 1400w, https:\/\/i0.wp.com\/idnu.ch\/wordpress\/wp-content\/uploads\/2016\/03\/aostatal_0011.jpg?resize=300%2C225&amp;ssl=1 300w, https:\/\/i0.wp.com\/idnu.ch\/wordpress\/wp-content\/uploads\/2016\/03\/aostatal_0011.jpg?resize=768%2C576&amp;ssl=1 768w, https:\/\/i0.wp.com\/idnu.ch\/wordpress\/wp-content\/uploads\/2016\/03\/aostatal_0011.jpg?resize=1024%2C768&amp;ssl=1 1024w, https:\/\/i0.wp.com\/idnu.ch\/wordpress\/wp-content\/uploads\/2016\/03\/aostatal_0011.jpg?resize=720%2C540&amp;ssl=1 720w, https:\/\/i0.wp.com\/idnu.ch\/wordpress\/wp-content\/uploads\/2016\/03\/aostatal_0011.jpg?resize=133%2C100&amp;ssl=1 133w\" width=\"246\" height=\"185\" loading=\"lazy\" data-original-width=\"246\" data-original-height=\"185\" itemprop=\"http:\/\/schema.org\/image\" title=\"aostatal_0011\" alt=\"aostatal_0011\" style=\"width: 246px; height: 185px;\" \/> <\/a> <\/div> <\/div> <!-- close group --> <div class=\"gallery-group images-1\" style=\"width: 250px; height: 189px;\" data-original-width=\"250\" data-original-height=\"189\" > <div class=\"tiled-gallery-item tiled-gallery-item-small\" itemprop=\"associatedMedia\" itemscope itemtype=\"http:\/\/schema.org\/ImageObject\"> <a href=\"https:\/\/idnu.ch\/wordpress\/skitouren-im-aostatal\/aostatal_0013\/#main\" border=\"0\" itemprop=\"url\"> <meta itemprop=\"width\" content=\"246\"> <meta itemprop=\"height\" content=\"185\"> <img decoding=\"async\" class=\"\" data-attachment-id=\"3044\" data-orig-file=\"https:\/\/idnu.ch\/wordpress\/wp-content\/uploads\/2016\/03\/aostatal_0013.jpg\" data-orig-size=\"1400,1050\" data-comments-opened=\"1\" data-image-meta=\"{&quot;aperture&quot;:&quot;0&quot;,&quot;credit&quot;:&quot;&quot;,&quot;camera&quot;:&quot;&quot;,&quot;caption&quot;:&quot;&quot;,&quot;created_timestamp&quot;:&quot;0&quot;,&quot;copyright&quot;:&quot;&quot;,&quot;focal_length&quot;:&quot;0&quot;,&quot;iso&quot;:&quot;0&quot;,&quot;shutter_speed&quot;:&quot;0&quot;,&quot;title&quot;:&quot;&quot;,&quot;orientation&quot;:&quot;0&quot;}\" data-image-title=\"aostatal_0013\" data-image-description=\"\" data-medium-file=\"https:\/\/i0.wp.com\/idnu.ch\/wordpress\/wp-content\/uploads\/2016\/03\/aostatal_0013.jpg?fit=300%2C225&#038;ssl=1\" data-large-file=\"https:\/\/i0.wp.com\/idnu.ch\/wordpress\/wp-content\/uploads\/2016\/03\/aostatal_0013.jpg?fit=750%2C563&#038;ssl=1\" src=\"https:\/\/i0.wp.com\/idnu.ch\/wordpress\/wp-content\/uploads\/2016\/03\/aostatal_0013.jpg?w=246&#038;h=185&#038;ssl=1\" srcset=\"https:\/\/i0.wp.com\/idnu.ch\/wordpress\/wp-content\/uploads\/2016\/03\/aostatal_0013.jpg?w=1400&amp;ssl=1 1400w, https:\/\/i0.wp.com\/idnu.ch\/wordpress\/wp-content\/uploads\/2016\/03\/aostatal_0013.jpg?resize=300%2C225&amp;ssl=1 300w, https:\/\/i0.wp.com\/idnu.ch\/wordpress\/wp-content\/uploads\/2016\/03\/aostatal_0013.jpg?resize=768%2C576&amp;ssl=1 768w, https:\/\/i0.wp.com\/idnu.ch\/wordpress\/wp-content\/uploads\/2016\/03\/aostatal_0013.jpg?resize=1024%2C768&amp;ssl=1 1024w, https:\/\/i0.wp.com\/idnu.ch\/wordpress\/wp-content\/uploads\/2016\/03\/aostatal_0013.jpg?resize=720%2C540&amp;ssl=1 720w, https:\/\/i0.wp.com\/idnu.ch\/wordpress\/wp-content\/uploads\/2016\/03\/aostatal_0013.jpg?resize=133%2C100&amp;ssl=1 133w\" width=\"246\" height=\"185\" loading=\"lazy\" data-original-width=\"246\" data-original-height=\"185\" itemprop=\"http:\/\/schema.org\/image\" title=\"aostatal_0013\" alt=\"aostatal_0013\" style=\"width: 246px; height: 185px;\" \/> <\/a> <\/div> <\/div> <!-- close group --> <\/div> <!-- close row --> <\/div>\n<p><iframe loading=\"lazy\" src=\"https:\/\/www.google.com\/maps\/d\/embed?mid=z0F1R6L5bjo4.k1wi8WAIS_FY\" width=\"640\" height=\"480\"><\/iframe><\/p>\n<h2>Pointe Leysser, 2735 m<\/h2>\n<p>&#8222;Starten wir um acht Uhr, OK?&#8220;, fragt der Tourenleiter. Es ist jetzt 20 vor, wir sitzen immer noch gem\u00fctlich beim Fr\u00fchst\u00fcck. Die Frage war rein rethorisch, denn es war ihm ernst. Er hatte Angst, dass es im Laufe des Tages warm und der Schnee faul w\u00fcrde. F\u00fcnf nach k\u00f6nnen wir starten, auch nicht schlecht. Es ist jetzt noch frostig kalt. Und im Tal unten bl\u00fchen die Kirschb\u00e4ume bereits. Irgendwie eigenartig, so vom Fr\u00fchling in den Winter zu kommen. Die Landschaft zeigt sich hier oben, auf 1800 Meter, noch tief verschneit. In Einerkolonne steigen wir hoch. Die Sonne strahlt vom Himmel, kalt ist es trotzdem immer noch. Rundum erheben sich m\u00e4chtige Berge, von denen ich keinen einzigen kenne. Irgendwo da hinten m\u00fcsste der Gran Paradiso sein, auf dem ich auch schon war. Wir steigen weiter hoch. Klack, klack, klack, das monotone Ger\u00e4usch der Tourenbindungen wirkt einschl\u00e4fernd. Jeder h\u00e4ngt seinen Gedanken nach. Dann und wann schert jemand aus, um ein Foto zu machen. Der Wind frischt auf, kalt bl\u00e4st er uns ins Gesicht. Wir machen nochmals Pause, bevor wir die letzten Meter zum Gipfel in Angriff nehmen. Dort erwartet uns eine grossartige Aussicht. Hunderte von Gipfeln erheben sich rundum, darunter der H\u00f6chste von allen: Der Mont Blanc.<br \/>\nNun kommt das Beste, die Abfahrt. Wir wollen aber nicht auf der Aufstiegsroute abfahren, sondern in einem anderen Tal. Der Tourenleiter inspiziert den Hang und sticht hinein. Den Schw\u00fcngen nach zu beurteilen muss der Schnee super sein. Die anderen fahren ebenfalls hinunter, jeder einzeln, so dass nur eine Person im Hang ist. Mir ist das trotzdem zu heikel, ich fahre noch etwas auf dem Grat abw\u00e4rts. Daf\u00fcr kann ich von hier die anderen fotografieren. Hang um Hang fahren wir abw\u00e4rts, der Schnee stiebt nur so. Bis wir zu einem sehr steilen Hang kommen. Hier muss ich auch durch. Da h\u00e4tte ich den oberen auch fahren k\u00f6nnen. Wir fahren diesen wieder einzeln. Dann bin ich an der Reihe, fahre auch Schwung um Schwung. Die Oberschenkel fangen an zu brennen, ich m\u00f6chte anhalten. Aber doch nicht mitten in diesem steilen Hang! Ich beisse mich weiter durch. Nein, das geht nicht, die Hosen m\u00fcssen bald Feuer fangen, so brennen meine Oberschenkel. Ich will anhalten. &#8222;Dorezieh! (Durchziehen)&#8220; Also weiter k\u00e4mpfen, bis ich bei den anderen ankomme. Merke: Biken reicht noch lange nicht als Training f\u00fcr das\u00a0Skifahren. Ich werde mir also etwas einfallen lassen m\u00fcssen. Mehr Skitouren k\u00f6nnte die L\u00f6sung sein.<br \/>\nWir fahren weiter ab, Hang um Hang, der Schnee ist nicht mehr so gut, aber immer noch akzeptabel. Aber einmal ist auch die l\u00e4ngste Abfahrt zu Ende. Um zum Hotel zu gelangen, m\u00fcssen wir nochmals die Felle aufziehen. Dort erwartet uns ein Panach\u00e9 (f\u00fcr Nicht-Schweizer: Radler). So muss das sein!<\/p>\n<div class=\"tiled-gallery type-rectangular tiled-gallery-unresized\" data-original-width=\"750\" data-carousel-extra='{&quot;blog_id&quot;:1,&quot;permalink&quot;:&quot;https:\\\/\\\/idnu.ch\\\/wordpress\\\/skitouren-im-aostatal\\\/&quot;,&quot;likes_blog_id&quot;:100184974}' itemscope itemtype=\"http:\/\/schema.org\/ImageGallery\" > <div class=\"gallery-row\" style=\"width: 750px; height: 376px;\" data-original-width=\"750\" data-original-height=\"376\" > <div class=\"gallery-group images-1\" style=\"width: 500px; height: 376px;\" data-original-width=\"500\" data-original-height=\"376\" > <div class=\"tiled-gallery-item tiled-gallery-item-large\" itemprop=\"associatedMedia\" itemscope itemtype=\"http:\/\/schema.org\/ImageObject\"> <a href=\"https:\/\/idnu.ch\/wordpress\/skitouren-im-aostatal\/aostatal_0018\/#main\" border=\"0\" itemprop=\"url\"> <meta itemprop=\"width\" content=\"496\"> <meta itemprop=\"height\" content=\"372\"> <img decoding=\"async\" class=\"\" data-attachment-id=\"3045\" data-orig-file=\"https:\/\/idnu.ch\/wordpress\/wp-content\/uploads\/2016\/03\/aostatal_0018.jpg\" data-orig-size=\"1400,1050\" data-comments-opened=\"1\" data-image-meta=\"{&quot;aperture&quot;:&quot;0&quot;,&quot;credit&quot;:&quot;&quot;,&quot;camera&quot;:&quot;&quot;,&quot;caption&quot;:&quot;&quot;,&quot;created_timestamp&quot;:&quot;0&quot;,&quot;copyright&quot;:&quot;&quot;,&quot;focal_length&quot;:&quot;0&quot;,&quot;iso&quot;:&quot;0&quot;,&quot;shutter_speed&quot;:&quot;0&quot;,&quot;title&quot;:&quot;&quot;,&quot;orientation&quot;:&quot;0&quot;}\" data-image-title=\"aostatal_0018\" data-image-description=\"\" data-medium-file=\"https:\/\/i0.wp.com\/idnu.ch\/wordpress\/wp-content\/uploads\/2016\/03\/aostatal_0018.jpg?fit=300%2C225&#038;ssl=1\" data-large-file=\"https:\/\/i0.wp.com\/idnu.ch\/wordpress\/wp-content\/uploads\/2016\/03\/aostatal_0018.jpg?fit=750%2C563&#038;ssl=1\" src=\"https:\/\/i0.wp.com\/idnu.ch\/wordpress\/wp-content\/uploads\/2016\/03\/aostatal_0018.jpg?w=496&#038;h=372&#038;ssl=1\" srcset=\"https:\/\/i0.wp.com\/idnu.ch\/wordpress\/wp-content\/uploads\/2016\/03\/aostatal_0018.jpg?w=1400&amp;ssl=1 1400w, https:\/\/i0.wp.com\/idnu.ch\/wordpress\/wp-content\/uploads\/2016\/03\/aostatal_0018.jpg?resize=300%2C225&amp;ssl=1 300w, https:\/\/i0.wp.com\/idnu.ch\/wordpress\/wp-content\/uploads\/2016\/03\/aostatal_0018.jpg?resize=768%2C576&amp;ssl=1 768w, https:\/\/i0.wp.com\/idnu.ch\/wordpress\/wp-content\/uploads\/2016\/03\/aostatal_0018.jpg?resize=1024%2C768&amp;ssl=1 1024w, https:\/\/i0.wp.com\/idnu.ch\/wordpress\/wp-content\/uploads\/2016\/03\/aostatal_0018.jpg?resize=720%2C540&amp;ssl=1 720w, https:\/\/i0.wp.com\/idnu.ch\/wordpress\/wp-content\/uploads\/2016\/03\/aostatal_0018.jpg?resize=133%2C100&amp;ssl=1 133w\" width=\"496\" height=\"372\" loading=\"lazy\" data-original-width=\"496\" data-original-height=\"372\" itemprop=\"http:\/\/schema.org\/image\" title=\"aostatal_0018\" alt=\"aostatal_0018\" style=\"width: 496px; height: 372px;\" \/> <\/a> <\/div> <\/div> <!-- close group --> <div class=\"gallery-group images-2\" style=\"width: 250px; height: 376px;\" data-original-width=\"250\" data-original-height=\"376\" > <div class=\"tiled-gallery-item tiled-gallery-item-small\" itemprop=\"associatedMedia\" itemscope itemtype=\"http:\/\/schema.org\/ImageObject\"> <a href=\"https:\/\/idnu.ch\/wordpress\/skitouren-im-aostatal\/aostatal_0020\/#main\" border=\"0\" itemprop=\"url\"> <meta itemprop=\"width\" content=\"246\"> <meta itemprop=\"height\" content=\"184\"> <img decoding=\"async\" class=\"\" data-attachment-id=\"3046\" data-orig-file=\"https:\/\/idnu.ch\/wordpress\/wp-content\/uploads\/2016\/03\/aostatal_0020.jpg\" data-orig-size=\"1400,1050\" data-comments-opened=\"1\" data-image-meta=\"{&quot;aperture&quot;:&quot;0&quot;,&quot;credit&quot;:&quot;&quot;,&quot;camera&quot;:&quot;&quot;,&quot;caption&quot;:&quot;&quot;,&quot;created_timestamp&quot;:&quot;0&quot;,&quot;copyright&quot;:&quot;&quot;,&quot;focal_length&quot;:&quot;0&quot;,&quot;iso&quot;:&quot;0&quot;,&quot;shutter_speed&quot;:&quot;0&quot;,&quot;title&quot;:&quot;&quot;,&quot;orientation&quot;:&quot;0&quot;}\" data-image-title=\"aostatal_0020\" data-image-description=\"\" data-medium-file=\"https:\/\/i0.wp.com\/idnu.ch\/wordpress\/wp-content\/uploads\/2016\/03\/aostatal_0020.jpg?fit=300%2C225&#038;ssl=1\" data-large-file=\"https:\/\/i0.wp.com\/idnu.ch\/wordpress\/wp-content\/uploads\/2016\/03\/aostatal_0020.jpg?fit=750%2C563&#038;ssl=1\" src=\"https:\/\/i0.wp.com\/idnu.ch\/wordpress\/wp-content\/uploads\/2016\/03\/aostatal_0020.jpg?w=246&#038;h=184&#038;ssl=1\" srcset=\"https:\/\/i0.wp.com\/idnu.ch\/wordpress\/wp-content\/uploads\/2016\/03\/aostatal_0020.jpg?w=1400&amp;ssl=1 1400w, https:\/\/i0.wp.com\/idnu.ch\/wordpress\/wp-content\/uploads\/2016\/03\/aostatal_0020.jpg?resize=300%2C225&amp;ssl=1 300w, https:\/\/i0.wp.com\/idnu.ch\/wordpress\/wp-content\/uploads\/2016\/03\/aostatal_0020.jpg?resize=768%2C576&amp;ssl=1 768w, https:\/\/i0.wp.com\/idnu.ch\/wordpress\/wp-content\/uploads\/2016\/03\/aostatal_0020.jpg?resize=1024%2C768&amp;ssl=1 1024w, https:\/\/i0.wp.com\/idnu.ch\/wordpress\/wp-content\/uploads\/2016\/03\/aostatal_0020.jpg?resize=720%2C540&amp;ssl=1 720w, https:\/\/i0.wp.com\/idnu.ch\/wordpress\/wp-content\/uploads\/2016\/03\/aostatal_0020.jpg?resize=133%2C100&amp;ssl=1 133w\" width=\"246\" height=\"184\" loading=\"lazy\" data-original-width=\"246\" data-original-height=\"184\" itemprop=\"http:\/\/schema.org\/image\" title=\"aostatal_0020\" alt=\"aostatal_0020\" style=\"width: 246px; height: 184px;\" \/> <\/a> <\/div> <div class=\"tiled-gallery-item tiled-gallery-item-small\" itemprop=\"associatedMedia\" itemscope itemtype=\"http:\/\/schema.org\/ImageObject\"> <a href=\"https:\/\/idnu.ch\/wordpress\/skitouren-im-aostatal\/aostatal_0022\/#main\" border=\"0\" itemprop=\"url\"> <meta itemprop=\"width\" content=\"246\"> <meta itemprop=\"height\" content=\"184\"> <img decoding=\"async\" class=\"\" data-attachment-id=\"3047\" data-orig-file=\"https:\/\/idnu.ch\/wordpress\/wp-content\/uploads\/2016\/03\/aostatal_0022.jpg\" data-orig-size=\"1400,1050\" data-comments-opened=\"1\" data-image-meta=\"{&quot;aperture&quot;:&quot;0&quot;,&quot;credit&quot;:&quot;&quot;,&quot;camera&quot;:&quot;&quot;,&quot;caption&quot;:&quot;&quot;,&quot;created_timestamp&quot;:&quot;0&quot;,&quot;copyright&quot;:&quot;&quot;,&quot;focal_length&quot;:&quot;0&quot;,&quot;iso&quot;:&quot;0&quot;,&quot;shutter_speed&quot;:&quot;0&quot;,&quot;title&quot;:&quot;&quot;,&quot;orientation&quot;:&quot;0&quot;}\" data-image-title=\"aostatal_0022\" data-image-description=\"\" data-medium-file=\"https:\/\/i0.wp.com\/idnu.ch\/wordpress\/wp-content\/uploads\/2016\/03\/aostatal_0022.jpg?fit=300%2C225&#038;ssl=1\" data-large-file=\"https:\/\/i0.wp.com\/idnu.ch\/wordpress\/wp-content\/uploads\/2016\/03\/aostatal_0022.jpg?fit=750%2C563&#038;ssl=1\" src=\"https:\/\/i0.wp.com\/idnu.ch\/wordpress\/wp-content\/uploads\/2016\/03\/aostatal_0022.jpg?w=246&#038;h=184&#038;ssl=1\" srcset=\"https:\/\/i0.wp.com\/idnu.ch\/wordpress\/wp-content\/uploads\/2016\/03\/aostatal_0022.jpg?w=1400&amp;ssl=1 1400w, https:\/\/i0.wp.com\/idnu.ch\/wordpress\/wp-content\/uploads\/2016\/03\/aostatal_0022.jpg?resize=300%2C225&amp;ssl=1 300w, https:\/\/i0.wp.com\/idnu.ch\/wordpress\/wp-content\/uploads\/2016\/03\/aostatal_0022.jpg?resize=768%2C576&amp;ssl=1 768w, https:\/\/i0.wp.com\/idnu.ch\/wordpress\/wp-content\/uploads\/2016\/03\/aostatal_0022.jpg?resize=1024%2C768&amp;ssl=1 1024w, https:\/\/i0.wp.com\/idnu.ch\/wordpress\/wp-content\/uploads\/2016\/03\/aostatal_0022.jpg?resize=720%2C540&amp;ssl=1 720w, https:\/\/i0.wp.com\/idnu.ch\/wordpress\/wp-content\/uploads\/2016\/03\/aostatal_0022.jpg?resize=133%2C100&amp;ssl=1 133w\" width=\"246\" height=\"184\" loading=\"lazy\" data-original-width=\"246\" data-original-height=\"184\" itemprop=\"http:\/\/schema.org\/image\" title=\"aostatal_0022\" alt=\"aostatal_0022\" style=\"width: 246px; height: 184px;\" \/> <\/a> <\/div> <\/div> <!-- close group --> <\/div> <!-- close row --> <div class=\"gallery-row\" style=\"width: 750px; height: 282px;\" data-original-width=\"750\" data-original-height=\"282\" > <div class=\"gallery-group images-1\" style=\"width: 375px; height: 282px;\" data-original-width=\"375\" data-original-height=\"282\" > <div class=\"tiled-gallery-item tiled-gallery-item-large\" itemprop=\"associatedMedia\" itemscope itemtype=\"http:\/\/schema.org\/ImageObject\"> <a href=\"https:\/\/idnu.ch\/wordpress\/skitouren-im-aostatal\/aostatal_0024\/#main\" border=\"0\" itemprop=\"url\"> <meta itemprop=\"width\" content=\"371\"> <meta itemprop=\"height\" content=\"278\"> <img decoding=\"async\" class=\"\" data-attachment-id=\"3048\" data-orig-file=\"https:\/\/idnu.ch\/wordpress\/wp-content\/uploads\/2016\/03\/aostatal_0024.jpg\" data-orig-size=\"1400,1050\" data-comments-opened=\"1\" data-image-meta=\"{&quot;aperture&quot;:&quot;0&quot;,&quot;credit&quot;:&quot;&quot;,&quot;camera&quot;:&quot;&quot;,&quot;caption&quot;:&quot;&quot;,&quot;created_timestamp&quot;:&quot;0&quot;,&quot;copyright&quot;:&quot;&quot;,&quot;focal_length&quot;:&quot;0&quot;,&quot;iso&quot;:&quot;0&quot;,&quot;shutter_speed&quot;:&quot;0&quot;,&quot;title&quot;:&quot;&quot;,&quot;orientation&quot;:&quot;0&quot;}\" data-image-title=\"aostatal_0024\" data-image-description=\"\" data-medium-file=\"https:\/\/i0.wp.com\/idnu.ch\/wordpress\/wp-content\/uploads\/2016\/03\/aostatal_0024.jpg?fit=300%2C225&#038;ssl=1\" data-large-file=\"https:\/\/i0.wp.com\/idnu.ch\/wordpress\/wp-content\/uploads\/2016\/03\/aostatal_0024.jpg?fit=750%2C563&#038;ssl=1\" src=\"https:\/\/i0.wp.com\/idnu.ch\/wordpress\/wp-content\/uploads\/2016\/03\/aostatal_0024.jpg?w=371&#038;h=278&#038;ssl=1\" srcset=\"https:\/\/i0.wp.com\/idnu.ch\/wordpress\/wp-content\/uploads\/2016\/03\/aostatal_0024.jpg?w=1400&amp;ssl=1 1400w, https:\/\/i0.wp.com\/idnu.ch\/wordpress\/wp-content\/uploads\/2016\/03\/aostatal_0024.jpg?resize=300%2C225&amp;ssl=1 300w, https:\/\/i0.wp.com\/idnu.ch\/wordpress\/wp-content\/uploads\/2016\/03\/aostatal_0024.jpg?resize=768%2C576&amp;ssl=1 768w, https:\/\/i0.wp.com\/idnu.ch\/wordpress\/wp-content\/uploads\/2016\/03\/aostatal_0024.jpg?resize=1024%2C768&amp;ssl=1 1024w, https:\/\/i0.wp.com\/idnu.ch\/wordpress\/wp-content\/uploads\/2016\/03\/aostatal_0024.jpg?resize=720%2C540&amp;ssl=1 720w, https:\/\/i0.wp.com\/idnu.ch\/wordpress\/wp-content\/uploads\/2016\/03\/aostatal_0024.jpg?resize=133%2C100&amp;ssl=1 133w\" width=\"371\" height=\"278\" loading=\"lazy\" data-original-width=\"371\" data-original-height=\"278\" itemprop=\"http:\/\/schema.org\/image\" title=\"aostatal_0024\" alt=\"aostatal_0024\" style=\"width: 371px; height: 278px;\" \/> <\/a> <\/div> <\/div> <!-- close group --> <div class=\"gallery-group images-1\" style=\"width: 375px; height: 282px;\" data-original-width=\"375\" data-original-height=\"282\" > <div class=\"tiled-gallery-item tiled-gallery-item-large\" itemprop=\"associatedMedia\" itemscope itemtype=\"http:\/\/schema.org\/ImageObject\"> <a href=\"https:\/\/idnu.ch\/wordpress\/skitouren-im-aostatal\/aostatal_0038\/#main\" border=\"0\" itemprop=\"url\"> <meta itemprop=\"width\" content=\"371\"> <meta itemprop=\"height\" content=\"278\"> <img decoding=\"async\" class=\"\" data-attachment-id=\"3049\" data-orig-file=\"https:\/\/idnu.ch\/wordpress\/wp-content\/uploads\/2016\/03\/aostatal_0038.jpg\" data-orig-size=\"1400,1050\" data-comments-opened=\"1\" data-image-meta=\"{&quot;aperture&quot;:&quot;0&quot;,&quot;credit&quot;:&quot;&quot;,&quot;camera&quot;:&quot;&quot;,&quot;caption&quot;:&quot;&quot;,&quot;created_timestamp&quot;:&quot;0&quot;,&quot;copyright&quot;:&quot;&quot;,&quot;focal_length&quot;:&quot;0&quot;,&quot;iso&quot;:&quot;0&quot;,&quot;shutter_speed&quot;:&quot;0&quot;,&quot;title&quot;:&quot;&quot;,&quot;orientation&quot;:&quot;0&quot;}\" data-image-title=\"aostatal_0038\" data-image-description=\"\" data-medium-file=\"https:\/\/i0.wp.com\/idnu.ch\/wordpress\/wp-content\/uploads\/2016\/03\/aostatal_0038.jpg?fit=300%2C225&#038;ssl=1\" data-large-file=\"https:\/\/i0.wp.com\/idnu.ch\/wordpress\/wp-content\/uploads\/2016\/03\/aostatal_0038.jpg?fit=750%2C563&#038;ssl=1\" src=\"https:\/\/i0.wp.com\/idnu.ch\/wordpress\/wp-content\/uploads\/2016\/03\/aostatal_0038.jpg?w=371&#038;h=278&#038;ssl=1\" srcset=\"https:\/\/i0.wp.com\/idnu.ch\/wordpress\/wp-content\/uploads\/2016\/03\/aostatal_0038.jpg?w=1400&amp;ssl=1 1400w, https:\/\/i0.wp.com\/idnu.ch\/wordpress\/wp-content\/uploads\/2016\/03\/aostatal_0038.jpg?resize=300%2C225&amp;ssl=1 300w, https:\/\/i0.wp.com\/idnu.ch\/wordpress\/wp-content\/uploads\/2016\/03\/aostatal_0038.jpg?resize=768%2C576&amp;ssl=1 768w, https:\/\/i0.wp.com\/idnu.ch\/wordpress\/wp-content\/uploads\/2016\/03\/aostatal_0038.jpg?resize=1024%2C768&amp;ssl=1 1024w, https:\/\/i0.wp.com\/idnu.ch\/wordpress\/wp-content\/uploads\/2016\/03\/aostatal_0038.jpg?resize=720%2C540&amp;ssl=1 720w, https:\/\/i0.wp.com\/idnu.ch\/wordpress\/wp-content\/uploads\/2016\/03\/aostatal_0038.jpg?resize=133%2C100&amp;ssl=1 133w\" width=\"371\" height=\"278\" loading=\"lazy\" data-original-width=\"371\" data-original-height=\"278\" itemprop=\"http:\/\/schema.org\/image\" title=\"aostatal_0038\" alt=\"aostatal_0038\" style=\"width: 371px; height: 278px;\" \/> <\/a> <\/div> <\/div> <!-- close group --> <\/div> <!-- close row --> <\/div>\n<p>Zwei Tage sp\u00e4ter steigen wir mangels valabler Alternativen erneut auf die Pointe Leysser, diesmal aber in umgekehrter Richtung. Wir steigen das Tal hoch, das wir vorher hinunter gefahren sind, und fahren dort ab, wo wir aufgestiegen sind. Erfreulicherweise ist es windstill, zumindest bis wir auf dem Gipfel sind. Dort windet es wieder, allerdings aus der entgegengesetzten Seite wie die Tage zuvor. Die Abfahrt ist dann, na ja, nicht mehr ganz so gut wie die Tage zuvor. Der Pulverschnee fliegt in Platten umher, aber es geht einigermassen zum Fahren. Unten treffen wir sogar Sulzschnee an, oder besser eine Vorstufe davon.<\/p>\n<div class=\"tiled-gallery type-rectangular tiled-gallery-unresized\" data-original-width=\"750\" data-carousel-extra='{&quot;blog_id&quot;:1,&quot;permalink&quot;:&quot;https:\\\/\\\/idnu.ch\\\/wordpress\\\/skitouren-im-aostatal\\\/&quot;,&quot;likes_blog_id&quot;:100184974}' itemscope itemtype=\"http:\/\/schema.org\/ImageGallery\" > <div class=\"gallery-row\" style=\"width: 750px; height: 376px;\" data-original-width=\"750\" data-original-height=\"376\" > <div class=\"gallery-group images-1\" style=\"width: 500px; height: 376px;\" data-original-width=\"500\" data-original-height=\"376\" > <div class=\"tiled-gallery-item tiled-gallery-item-large\" itemprop=\"associatedMedia\" itemscope itemtype=\"http:\/\/schema.org\/ImageObject\"> <a href=\"https:\/\/idnu.ch\/wordpress\/skitouren-im-aostatal\/aostatal_0080\/#main\" border=\"0\" itemprop=\"url\"> <meta itemprop=\"width\" content=\"496\"> <meta itemprop=\"height\" content=\"372\"> <img decoding=\"async\" class=\"\" data-attachment-id=\"3050\" data-orig-file=\"https:\/\/idnu.ch\/wordpress\/wp-content\/uploads\/2016\/03\/aostatal_0080.jpg\" data-orig-size=\"1400,1050\" data-comments-opened=\"1\" data-image-meta=\"{&quot;aperture&quot;:&quot;0&quot;,&quot;credit&quot;:&quot;&quot;,&quot;camera&quot;:&quot;&quot;,&quot;caption&quot;:&quot;&quot;,&quot;created_timestamp&quot;:&quot;0&quot;,&quot;copyright&quot;:&quot;&quot;,&quot;focal_length&quot;:&quot;0&quot;,&quot;iso&quot;:&quot;0&quot;,&quot;shutter_speed&quot;:&quot;0&quot;,&quot;title&quot;:&quot;&quot;,&quot;orientation&quot;:&quot;0&quot;}\" data-image-title=\"aostatal_0080\" data-image-description=\"\" data-medium-file=\"https:\/\/i0.wp.com\/idnu.ch\/wordpress\/wp-content\/uploads\/2016\/03\/aostatal_0080.jpg?fit=300%2C225&#038;ssl=1\" data-large-file=\"https:\/\/i0.wp.com\/idnu.ch\/wordpress\/wp-content\/uploads\/2016\/03\/aostatal_0080.jpg?fit=750%2C563&#038;ssl=1\" src=\"https:\/\/i0.wp.com\/idnu.ch\/wordpress\/wp-content\/uploads\/2016\/03\/aostatal_0080.jpg?w=496&#038;h=372&#038;ssl=1\" srcset=\"https:\/\/i0.wp.com\/idnu.ch\/wordpress\/wp-content\/uploads\/2016\/03\/aostatal_0080.jpg?w=1400&amp;ssl=1 1400w, https:\/\/i0.wp.com\/idnu.ch\/wordpress\/wp-content\/uploads\/2016\/03\/aostatal_0080.jpg?resize=300%2C225&amp;ssl=1 300w, https:\/\/i0.wp.com\/idnu.ch\/wordpress\/wp-content\/uploads\/2016\/03\/aostatal_0080.jpg?resize=768%2C576&amp;ssl=1 768w, https:\/\/i0.wp.com\/idnu.ch\/wordpress\/wp-content\/uploads\/2016\/03\/aostatal_0080.jpg?resize=1024%2C768&amp;ssl=1 1024w, https:\/\/i0.wp.com\/idnu.ch\/wordpress\/wp-content\/uploads\/2016\/03\/aostatal_0080.jpg?resize=720%2C540&amp;ssl=1 720w, https:\/\/i0.wp.com\/idnu.ch\/wordpress\/wp-content\/uploads\/2016\/03\/aostatal_0080.jpg?resize=133%2C100&amp;ssl=1 133w\" width=\"496\" height=\"372\" loading=\"lazy\" data-original-width=\"496\" data-original-height=\"372\" itemprop=\"http:\/\/schema.org\/image\" title=\"aostatal_0080\" alt=\"aostatal_0080\" style=\"width: 496px; height: 372px;\" \/> <\/a> <\/div> <\/div> <!-- close group --> <div class=\"gallery-group images-2\" style=\"width: 250px; height: 376px;\" data-original-width=\"250\" data-original-height=\"376\" > <div class=\"tiled-gallery-item tiled-gallery-item-small\" itemprop=\"associatedMedia\" itemscope itemtype=\"http:\/\/schema.org\/ImageObject\"> <a href=\"https:\/\/idnu.ch\/wordpress\/skitouren-im-aostatal\/aostatal_0084\/#main\" border=\"0\" itemprop=\"url\"> <meta itemprop=\"width\" content=\"246\"> <meta itemprop=\"height\" content=\"184\"> <img decoding=\"async\" class=\"\" data-attachment-id=\"3051\" data-orig-file=\"https:\/\/idnu.ch\/wordpress\/wp-content\/uploads\/2016\/03\/aostatal_0084.jpg\" data-orig-size=\"1400,1050\" data-comments-opened=\"1\" data-image-meta=\"{&quot;aperture&quot;:&quot;0&quot;,&quot;credit&quot;:&quot;&quot;,&quot;camera&quot;:&quot;&quot;,&quot;caption&quot;:&quot;&quot;,&quot;created_timestamp&quot;:&quot;0&quot;,&quot;copyright&quot;:&quot;&quot;,&quot;focal_length&quot;:&quot;0&quot;,&quot;iso&quot;:&quot;0&quot;,&quot;shutter_speed&quot;:&quot;0&quot;,&quot;title&quot;:&quot;&quot;,&quot;orientation&quot;:&quot;0&quot;}\" data-image-title=\"aostatal_0084\" data-image-description=\"\" data-medium-file=\"https:\/\/i0.wp.com\/idnu.ch\/wordpress\/wp-content\/uploads\/2016\/03\/aostatal_0084.jpg?fit=300%2C225&#038;ssl=1\" data-large-file=\"https:\/\/i0.wp.com\/idnu.ch\/wordpress\/wp-content\/uploads\/2016\/03\/aostatal_0084.jpg?fit=750%2C563&#038;ssl=1\" src=\"https:\/\/i0.wp.com\/idnu.ch\/wordpress\/wp-content\/uploads\/2016\/03\/aostatal_0084.jpg?w=246&#038;h=184&#038;ssl=1\" srcset=\"https:\/\/i0.wp.com\/idnu.ch\/wordpress\/wp-content\/uploads\/2016\/03\/aostatal_0084.jpg?w=1400&amp;ssl=1 1400w, https:\/\/i0.wp.com\/idnu.ch\/wordpress\/wp-content\/uploads\/2016\/03\/aostatal_0084.jpg?resize=300%2C225&amp;ssl=1 300w, https:\/\/i0.wp.com\/idnu.ch\/wordpress\/wp-content\/uploads\/2016\/03\/aostatal_0084.jpg?resize=768%2C576&amp;ssl=1 768w, https:\/\/i0.wp.com\/idnu.ch\/wordpress\/wp-content\/uploads\/2016\/03\/aostatal_0084.jpg?resize=1024%2C768&amp;ssl=1 1024w, https:\/\/i0.wp.com\/idnu.ch\/wordpress\/wp-content\/uploads\/2016\/03\/aostatal_0084.jpg?resize=720%2C540&amp;ssl=1 720w, https:\/\/i0.wp.com\/idnu.ch\/wordpress\/wp-content\/uploads\/2016\/03\/aostatal_0084.jpg?resize=133%2C100&amp;ssl=1 133w\" width=\"246\" height=\"184\" loading=\"lazy\" data-original-width=\"246\" data-original-height=\"184\" itemprop=\"http:\/\/schema.org\/image\" title=\"aostatal_0084\" alt=\"aostatal_0084\" style=\"width: 246px; height: 184px;\" \/> <\/a> <\/div> <div class=\"tiled-gallery-item tiled-gallery-item-small\" itemprop=\"associatedMedia\" itemscope itemtype=\"http:\/\/schema.org\/ImageObject\"> <a href=\"https:\/\/idnu.ch\/wordpress\/skitouren-im-aostatal\/aostatal_0088\/#main\" border=\"0\" itemprop=\"url\"> <meta itemprop=\"width\" content=\"246\"> <meta itemprop=\"height\" content=\"184\"> <img decoding=\"async\" class=\"\" data-attachment-id=\"3052\" data-orig-file=\"https:\/\/idnu.ch\/wordpress\/wp-content\/uploads\/2016\/03\/aostatal_0088.jpg\" data-orig-size=\"1400,1050\" data-comments-opened=\"1\" data-image-meta=\"{&quot;aperture&quot;:&quot;0&quot;,&quot;credit&quot;:&quot;&quot;,&quot;camera&quot;:&quot;&quot;,&quot;caption&quot;:&quot;&quot;,&quot;created_timestamp&quot;:&quot;0&quot;,&quot;copyright&quot;:&quot;&quot;,&quot;focal_length&quot;:&quot;0&quot;,&quot;iso&quot;:&quot;0&quot;,&quot;shutter_speed&quot;:&quot;0&quot;,&quot;title&quot;:&quot;&quot;,&quot;orientation&quot;:&quot;0&quot;}\" data-image-title=\"aostatal_0088\" data-image-description=\"\" data-medium-file=\"https:\/\/i0.wp.com\/idnu.ch\/wordpress\/wp-content\/uploads\/2016\/03\/aostatal_0088.jpg?fit=300%2C225&#038;ssl=1\" data-large-file=\"https:\/\/i0.wp.com\/idnu.ch\/wordpress\/wp-content\/uploads\/2016\/03\/aostatal_0088.jpg?fit=750%2C563&#038;ssl=1\" src=\"https:\/\/i0.wp.com\/idnu.ch\/wordpress\/wp-content\/uploads\/2016\/03\/aostatal_0088.jpg?w=246&#038;h=184&#038;ssl=1\" srcset=\"https:\/\/i0.wp.com\/idnu.ch\/wordpress\/wp-content\/uploads\/2016\/03\/aostatal_0088.jpg?w=1400&amp;ssl=1 1400w, https:\/\/i0.wp.com\/idnu.ch\/wordpress\/wp-content\/uploads\/2016\/03\/aostatal_0088.jpg?resize=300%2C225&amp;ssl=1 300w, https:\/\/i0.wp.com\/idnu.ch\/wordpress\/wp-content\/uploads\/2016\/03\/aostatal_0088.jpg?resize=768%2C576&amp;ssl=1 768w, https:\/\/i0.wp.com\/idnu.ch\/wordpress\/wp-content\/uploads\/2016\/03\/aostatal_0088.jpg?resize=1024%2C768&amp;ssl=1 1024w, https:\/\/i0.wp.com\/idnu.ch\/wordpress\/wp-content\/uploads\/2016\/03\/aostatal_0088.jpg?resize=720%2C540&amp;ssl=1 720w, https:\/\/i0.wp.com\/idnu.ch\/wordpress\/wp-content\/uploads\/2016\/03\/aostatal_0088.jpg?resize=133%2C100&amp;ssl=1 133w\" width=\"246\" height=\"184\" loading=\"lazy\" data-original-width=\"246\" data-original-height=\"184\" itemprop=\"http:\/\/schema.org\/image\" title=\"aostatal_0088\" alt=\"aostatal_0088\" style=\"width: 246px; height: 184px;\" \/> <\/a> <\/div> <\/div> <!-- close group --> <\/div> <!-- close row --> <div class=\"gallery-row\" style=\"width: 750px; height: 282px;\" data-original-width=\"750\" data-original-height=\"282\" > <div class=\"gallery-group images-1\" style=\"width: 375px; height: 282px;\" data-original-width=\"375\" data-original-height=\"282\" > <div class=\"tiled-gallery-item tiled-gallery-item-large\" itemprop=\"associatedMedia\" itemscope itemtype=\"http:\/\/schema.org\/ImageObject\"> <a href=\"https:\/\/idnu.ch\/wordpress\/skitouren-im-aostatal\/aostatal_0091\/#main\" border=\"0\" itemprop=\"url\"> <meta itemprop=\"width\" content=\"371\"> <meta itemprop=\"height\" content=\"278\"> <img decoding=\"async\" class=\"\" data-attachment-id=\"3053\" data-orig-file=\"https:\/\/idnu.ch\/wordpress\/wp-content\/uploads\/2016\/03\/aostatal_0091.jpg\" data-orig-size=\"1400,1050\" data-comments-opened=\"1\" data-image-meta=\"{&quot;aperture&quot;:&quot;0&quot;,&quot;credit&quot;:&quot;&quot;,&quot;camera&quot;:&quot;&quot;,&quot;caption&quot;:&quot;&quot;,&quot;created_timestamp&quot;:&quot;0&quot;,&quot;copyright&quot;:&quot;&quot;,&quot;focal_length&quot;:&quot;0&quot;,&quot;iso&quot;:&quot;0&quot;,&quot;shutter_speed&quot;:&quot;0&quot;,&quot;title&quot;:&quot;&quot;,&quot;orientation&quot;:&quot;0&quot;}\" data-image-title=\"aostatal_0091\" data-image-description=\"\" data-medium-file=\"https:\/\/i0.wp.com\/idnu.ch\/wordpress\/wp-content\/uploads\/2016\/03\/aostatal_0091.jpg?fit=300%2C225&#038;ssl=1\" data-large-file=\"https:\/\/i0.wp.com\/idnu.ch\/wordpress\/wp-content\/uploads\/2016\/03\/aostatal_0091.jpg?fit=750%2C563&#038;ssl=1\" src=\"https:\/\/i0.wp.com\/idnu.ch\/wordpress\/wp-content\/uploads\/2016\/03\/aostatal_0091.jpg?w=371&#038;h=278&#038;ssl=1\" srcset=\"https:\/\/i0.wp.com\/idnu.ch\/wordpress\/wp-content\/uploads\/2016\/03\/aostatal_0091.jpg?w=1400&amp;ssl=1 1400w, https:\/\/i0.wp.com\/idnu.ch\/wordpress\/wp-content\/uploads\/2016\/03\/aostatal_0091.jpg?resize=300%2C225&amp;ssl=1 300w, https:\/\/i0.wp.com\/idnu.ch\/wordpress\/wp-content\/uploads\/2016\/03\/aostatal_0091.jpg?resize=768%2C576&amp;ssl=1 768w, https:\/\/i0.wp.com\/idnu.ch\/wordpress\/wp-content\/uploads\/2016\/03\/aostatal_0091.jpg?resize=1024%2C768&amp;ssl=1 1024w, https:\/\/i0.wp.com\/idnu.ch\/wordpress\/wp-content\/uploads\/2016\/03\/aostatal_0091.jpg?resize=720%2C540&amp;ssl=1 720w, https:\/\/i0.wp.com\/idnu.ch\/wordpress\/wp-content\/uploads\/2016\/03\/aostatal_0091.jpg?resize=133%2C100&amp;ssl=1 133w\" width=\"371\" height=\"278\" loading=\"lazy\" data-original-width=\"371\" data-original-height=\"278\" itemprop=\"http:\/\/schema.org\/image\" title=\"aostatal_0091\" alt=\"aostatal_0091\" style=\"width: 371px; height: 278px;\" \/> <\/a> <\/div> <\/div> <!-- close group --> <div class=\"gallery-group images-1\" style=\"width: 375px; height: 282px;\" data-original-width=\"375\" data-original-height=\"282\" > <div class=\"tiled-gallery-item tiled-gallery-item-large\" itemprop=\"associatedMedia\" itemscope itemtype=\"http:\/\/schema.org\/ImageObject\"> <a href=\"https:\/\/idnu.ch\/wordpress\/skitouren-im-aostatal\/aostatal_0093\/#main\" border=\"0\" itemprop=\"url\"> <meta itemprop=\"width\" content=\"371\"> <meta itemprop=\"height\" content=\"278\"> <img decoding=\"async\" class=\"\" data-attachment-id=\"3054\" data-orig-file=\"https:\/\/idnu.ch\/wordpress\/wp-content\/uploads\/2016\/03\/aostatal_0093.jpg\" data-orig-size=\"1400,1050\" data-comments-opened=\"1\" data-image-meta=\"{&quot;aperture&quot;:&quot;0&quot;,&quot;credit&quot;:&quot;&quot;,&quot;camera&quot;:&quot;&quot;,&quot;caption&quot;:&quot;&quot;,&quot;created_timestamp&quot;:&quot;0&quot;,&quot;copyright&quot;:&quot;&quot;,&quot;focal_length&quot;:&quot;0&quot;,&quot;iso&quot;:&quot;0&quot;,&quot;shutter_speed&quot;:&quot;0&quot;,&quot;title&quot;:&quot;&quot;,&quot;orientation&quot;:&quot;0&quot;}\" data-image-title=\"aostatal_0093\" data-image-description=\"\" data-medium-file=\"https:\/\/i0.wp.com\/idnu.ch\/wordpress\/wp-content\/uploads\/2016\/03\/aostatal_0093.jpg?fit=300%2C225&#038;ssl=1\" data-large-file=\"https:\/\/i0.wp.com\/idnu.ch\/wordpress\/wp-content\/uploads\/2016\/03\/aostatal_0093.jpg?fit=750%2C563&#038;ssl=1\" src=\"https:\/\/i0.wp.com\/idnu.ch\/wordpress\/wp-content\/uploads\/2016\/03\/aostatal_0093.jpg?w=371&#038;h=278&#038;ssl=1\" srcset=\"https:\/\/i0.wp.com\/idnu.ch\/wordpress\/wp-content\/uploads\/2016\/03\/aostatal_0093.jpg?w=1400&amp;ssl=1 1400w, https:\/\/i0.wp.com\/idnu.ch\/wordpress\/wp-content\/uploads\/2016\/03\/aostatal_0093.jpg?resize=300%2C225&amp;ssl=1 300w, https:\/\/i0.wp.com\/idnu.ch\/wordpress\/wp-content\/uploads\/2016\/03\/aostatal_0093.jpg?resize=768%2C576&amp;ssl=1 768w, https:\/\/i0.wp.com\/idnu.ch\/wordpress\/wp-content\/uploads\/2016\/03\/aostatal_0093.jpg?resize=1024%2C768&amp;ssl=1 1024w, https:\/\/i0.wp.com\/idnu.ch\/wordpress\/wp-content\/uploads\/2016\/03\/aostatal_0093.jpg?resize=720%2C540&amp;ssl=1 720w, https:\/\/i0.wp.com\/idnu.ch\/wordpress\/wp-content\/uploads\/2016\/03\/aostatal_0093.jpg?resize=133%2C100&amp;ssl=1 133w\" width=\"371\" height=\"278\" loading=\"lazy\" data-original-width=\"371\" data-original-height=\"278\" itemprop=\"http:\/\/schema.org\/image\" title=\"aostatal_0093\" alt=\"aostatal_0093\" style=\"width: 371px; height: 278px;\" \/> <\/a> <\/div> <\/div> <!-- close group --> <\/div> <!-- close row --> <\/div>\n<h2>Pointe Fetita, 2623 m<\/h2>\n<p>Heute brauchen wir den Bus. Gef\u00fchlte 100 Kurven hinunter bis St. Nicolas, dann wieder die \u00e4hnliche Anzahl hoch nach Vens. Dann k\u00f6nnen wir endlich starten auf den Skis, hoch zum Col de Mont Joux. Von dort m\u00fcssen wir wieder abfahren zu einer Br\u00fccke, das heisst, die Felle abziehen. Und bei der Br\u00fccke wieder aufziehen. Dieses Spiel haben meine Aufstiegshilfen aber nicht gern, das eine will nicht mehr kleben. Zum Gl\u00fcck haben wir noch Reservefelle dabei. Und weiter geht&#8217;s. \u00dcber Alpen steigen wir hoch, vor einem Geb\u00e4ude rasten wir. Die Gegend ist grandios, wir sind ganz alleine unterwegs in dem Tal. Kurz nachdem wir wieder gestartet sind, ruft jemand: &#8222;Schaut, dort!&#8220; F\u00fcnf Birkh\u00e4hne fliegen vor uns vorbei! Was f\u00fcr ein Anblick! Und \u00fcber uns hinweg fliegt noch einer. Wir gewinnen stetig an H\u00f6he, unser Ziel liegt vor uns. Aber dort erwartet uns noch ein steiler Hang. Die Lawinengefahr ist immer noch auf Stufe 3. Ich bin wieder mal am Schluss, da ich immer wieder fotografiere. Es ist kalt, wieder bl\u00e4st ein bissiger Nordwind, der den Schnee \u00fcber die Flanken bl\u00e4st. Ich sehe, dass die anderen nun in Lawinenabst\u00e4nden hoch steigen. Mir ist nicht wohl, f\u00fchle mich matt. Mir ist ganz komisch. Was soll das? Ich w\u00fcrde am liebsten abliegen. Und dann diesen Hang hoch. Bei Gefahrenstufe 3. Ich fange an zu gr\u00fcbeln. Was, wenn sich nun ein Schneebrett l\u00f6st? Und die anderen mitreisst? Was muss ich eigentlich machen? In der Schweiz w\u00fcrde ich die Rega rufen, aber hier? Ach, weg mit den negativen Gedanken, so komme ich nicht vorw\u00e4rts! Weiter. Aber mir ist immer noch komisch, habe kaum Kraft. Sterben oder ohnm\u00e4chtig werden? Was soll der Bl\u00f6dsinn, weiter! Ich gehe weiter. Jeden Schritt muss ich mir erk\u00e4mpfen. \u00dcber mir sehe ich die anderen. Die beiden Vordersten k\u00e4mpfen auch, allerdings mit dem Ausstieg zum Gipfel. Scheint nicht ganz einfach zu sein. Ich k\u00e4mpfe weiter. Schritt f\u00fcr Schritt, Spitzkehre f\u00fcr Spitzkehre. Ich mache nie mehr Skitouren! Ha, das hast du auf einer ersten Skitouren auch gesagt, und nachher noch hunderte unternommen! Bin ich zu alt f\u00fcr Skitouren? So ein Quatsch, du bist der J\u00fcngste der Gruppe, reiss dich zusammen! Endlich komme ich als letzter oben an. Muss was essen, Schokolade einwerfen, war wohl ein Hungerast. Oder ist das dieser ber\u00fchmt-ber\u00fcchtigte dritte Tag in der H\u00f6he. Geht jedenfalls besser. Aber jetzt, wo bin ich eigentlich? Der Mont Blanc ist nun noch n\u00e4her als am Vortag, ein gewaltiges Massiv. Die Dent du G\u00e9ant daneben ist da gar nicht riesig. Weiter s\u00fcdlich sieht man den Gran Paradiso, so jedenfalls erz\u00e4hlen es uns die alten Hasen.<br \/>\nWir sind hoch gekommen, aber jetzt m\u00fcssen wir ja auch irgendwie wieder runter, diesen steilen Hang mit \u00fcber 30\u00b0 Neigung bei Gefahrenstufe 3. Unser Tourenleiter f\u00e4hrt voran, er ist sehr erfahren und weiss, was er macht. Ich vertraue ihm und fahre auch hinunter. H\u00e4lt! Zum Gl\u00fcck. Die n\u00e4chsten zwei H\u00e4nge befahren wir auch noch einzeln, danach k\u00f6nnen wir frei fahren. Ich f\u00fchle mich wieder besser. Und immer noch scheint die Sonne strahlend vom Himmel. Bald erreichen wir die Br\u00fccke, wo wir die Felle wieder aufziehen m\u00fcssen. Und ich erinnere mich an heute Morgen, wo wir ziemlich lange auf der Strasse abw\u00e4rts gefahren sind. Jetzt das alles wieder hoch! Nach gef\u00fchlten drei Stunden sind wir wieder im Pass (tats\u00e4chlich war es ungef\u00e4hr eine halbe Stunde). Von dort\u00a0her sind wir dann schnell wieder in Vens. Aber Achtung! Da lauern immer noch Gefahren. Ich habe sie mir im Aufstieg nicht gemerkt, in der Abfahrt wurden sie mir augenblicklich bewusst: Da waren mitten auf der Wiese Trockenmauern, ungef\u00e4hr einen Meter hoch. Ich bemerkte sie erst, als ich schon dar\u00fcber hinwegflog, also zu sp\u00e4t. Da ich im Begriff war, eine Kurve zu fahren, konnte ich mich nicht mehr retten und landete im Schnee. Na ja, nicht weiter schlimm, aufstehen und die letzten Meter noch fahren. Bei einem Panach\u00e9 im \u00d6rtchen lassen wir die Tour nochmals Revue passieren, bevor wir wieder die hunderte Kurven runter- und wieder hochfahren.<\/p>\n<div class=\"tiled-gallery type-rectangular tiled-gallery-unresized\" data-original-width=\"750\" data-carousel-extra='{&quot;blog_id&quot;:1,&quot;permalink&quot;:&quot;https:\\\/\\\/idnu.ch\\\/wordpress\\\/skitouren-im-aostatal\\\/&quot;,&quot;likes_blog_id&quot;:100184974}' itemscope itemtype=\"http:\/\/schema.org\/ImageGallery\" > <div class=\"gallery-row\" style=\"width: 750px; height: 376px;\" data-original-width=\"750\" data-original-height=\"376\" > <div class=\"gallery-group images-1\" style=\"width: 500px; height: 376px;\" data-original-width=\"500\" data-original-height=\"376\" > <div class=\"tiled-gallery-item tiled-gallery-item-large\" itemprop=\"associatedMedia\" itemscope itemtype=\"http:\/\/schema.org\/ImageObject\"> <a href=\"https:\/\/idnu.ch\/wordpress\/skitouren-im-aostatal\/aostatal_0051\/#main\" border=\"0\" itemprop=\"url\"> <meta itemprop=\"width\" content=\"496\"> <meta itemprop=\"height\" content=\"372\"> <img decoding=\"async\" class=\"\" data-attachment-id=\"3055\" data-orig-file=\"https:\/\/idnu.ch\/wordpress\/wp-content\/uploads\/2016\/03\/aostatal_0051.jpg\" data-orig-size=\"1400,1050\" data-comments-opened=\"1\" data-image-meta=\"{&quot;aperture&quot;:&quot;0&quot;,&quot;credit&quot;:&quot;&quot;,&quot;camera&quot;:&quot;&quot;,&quot;caption&quot;:&quot;&quot;,&quot;created_timestamp&quot;:&quot;0&quot;,&quot;copyright&quot;:&quot;&quot;,&quot;focal_length&quot;:&quot;0&quot;,&quot;iso&quot;:&quot;0&quot;,&quot;shutter_speed&quot;:&quot;0&quot;,&quot;title&quot;:&quot;&quot;,&quot;orientation&quot;:&quot;0&quot;}\" data-image-title=\"aostatal_0051\" data-image-description=\"\" data-medium-file=\"https:\/\/i0.wp.com\/idnu.ch\/wordpress\/wp-content\/uploads\/2016\/03\/aostatal_0051.jpg?fit=300%2C225&#038;ssl=1\" data-large-file=\"https:\/\/i0.wp.com\/idnu.ch\/wordpress\/wp-content\/uploads\/2016\/03\/aostatal_0051.jpg?fit=750%2C563&#038;ssl=1\" src=\"https:\/\/i0.wp.com\/idnu.ch\/wordpress\/wp-content\/uploads\/2016\/03\/aostatal_0051.jpg?w=496&#038;h=372&#038;ssl=1\" srcset=\"https:\/\/i0.wp.com\/idnu.ch\/wordpress\/wp-content\/uploads\/2016\/03\/aostatal_0051.jpg?w=1400&amp;ssl=1 1400w, https:\/\/i0.wp.com\/idnu.ch\/wordpress\/wp-content\/uploads\/2016\/03\/aostatal_0051.jpg?resize=300%2C225&amp;ssl=1 300w, https:\/\/i0.wp.com\/idnu.ch\/wordpress\/wp-content\/uploads\/2016\/03\/aostatal_0051.jpg?resize=768%2C576&amp;ssl=1 768w, https:\/\/i0.wp.com\/idnu.ch\/wordpress\/wp-content\/uploads\/2016\/03\/aostatal_0051.jpg?resize=1024%2C768&amp;ssl=1 1024w, https:\/\/i0.wp.com\/idnu.ch\/wordpress\/wp-content\/uploads\/2016\/03\/aostatal_0051.jpg?resize=720%2C540&amp;ssl=1 720w, https:\/\/i0.wp.com\/idnu.ch\/wordpress\/wp-content\/uploads\/2016\/03\/aostatal_0051.jpg?resize=133%2C100&amp;ssl=1 133w\" width=\"496\" height=\"372\" loading=\"lazy\" data-original-width=\"496\" data-original-height=\"372\" itemprop=\"http:\/\/schema.org\/image\" title=\"aostatal_0051\" alt=\"aostatal_0051\" style=\"width: 496px; height: 372px;\" \/> <\/a> <\/div> <\/div> <!-- close group --> <div class=\"gallery-group images-2\" style=\"width: 250px; height: 376px;\" data-original-width=\"250\" data-original-height=\"376\" > <div class=\"tiled-gallery-item tiled-gallery-item-small\" itemprop=\"associatedMedia\" itemscope itemtype=\"http:\/\/schema.org\/ImageObject\"> <a href=\"https:\/\/idnu.ch\/wordpress\/skitouren-im-aostatal\/aostatal_0054\/#main\" border=\"0\" itemprop=\"url\"> <meta itemprop=\"width\" content=\"246\"> <meta itemprop=\"height\" content=\"184\"> <img decoding=\"async\" class=\"\" data-attachment-id=\"3056\" data-orig-file=\"https:\/\/idnu.ch\/wordpress\/wp-content\/uploads\/2016\/03\/aostatal_0054.jpg\" data-orig-size=\"1400,1050\" data-comments-opened=\"1\" data-image-meta=\"{&quot;aperture&quot;:&quot;0&quot;,&quot;credit&quot;:&quot;&quot;,&quot;camera&quot;:&quot;&quot;,&quot;caption&quot;:&quot;&quot;,&quot;created_timestamp&quot;:&quot;0&quot;,&quot;copyright&quot;:&quot;&quot;,&quot;focal_length&quot;:&quot;0&quot;,&quot;iso&quot;:&quot;0&quot;,&quot;shutter_speed&quot;:&quot;0&quot;,&quot;title&quot;:&quot;&quot;,&quot;orientation&quot;:&quot;0&quot;}\" data-image-title=\"aostatal_0054\" data-image-description=\"\" data-medium-file=\"https:\/\/i0.wp.com\/idnu.ch\/wordpress\/wp-content\/uploads\/2016\/03\/aostatal_0054.jpg?fit=300%2C225&#038;ssl=1\" data-large-file=\"https:\/\/i0.wp.com\/idnu.ch\/wordpress\/wp-content\/uploads\/2016\/03\/aostatal_0054.jpg?fit=750%2C563&#038;ssl=1\" src=\"https:\/\/i0.wp.com\/idnu.ch\/wordpress\/wp-content\/uploads\/2016\/03\/aostatal_0054.jpg?w=246&#038;h=184&#038;ssl=1\" srcset=\"https:\/\/i0.wp.com\/idnu.ch\/wordpress\/wp-content\/uploads\/2016\/03\/aostatal_0054.jpg?w=1400&amp;ssl=1 1400w, https:\/\/i0.wp.com\/idnu.ch\/wordpress\/wp-content\/uploads\/2016\/03\/aostatal_0054.jpg?resize=300%2C225&amp;ssl=1 300w, https:\/\/i0.wp.com\/idnu.ch\/wordpress\/wp-content\/uploads\/2016\/03\/aostatal_0054.jpg?resize=768%2C576&amp;ssl=1 768w, https:\/\/i0.wp.com\/idnu.ch\/wordpress\/wp-content\/uploads\/2016\/03\/aostatal_0054.jpg?resize=1024%2C768&amp;ssl=1 1024w, https:\/\/i0.wp.com\/idnu.ch\/wordpress\/wp-content\/uploads\/2016\/03\/aostatal_0054.jpg?resize=720%2C540&amp;ssl=1 720w, https:\/\/i0.wp.com\/idnu.ch\/wordpress\/wp-content\/uploads\/2016\/03\/aostatal_0054.jpg?resize=133%2C100&amp;ssl=1 133w\" width=\"246\" height=\"184\" loading=\"lazy\" data-original-width=\"246\" data-original-height=\"184\" itemprop=\"http:\/\/schema.org\/image\" title=\"aostatal_0054\" alt=\"aostatal_0054\" style=\"width: 246px; height: 184px;\" \/> <\/a> <\/div> <div class=\"tiled-gallery-item tiled-gallery-item-small\" itemprop=\"associatedMedia\" itemscope itemtype=\"http:\/\/schema.org\/ImageObject\"> <a href=\"https:\/\/idnu.ch\/wordpress\/skitouren-im-aostatal\/aostatal_0059\/#main\" border=\"0\" itemprop=\"url\"> <meta itemprop=\"width\" content=\"246\"> <meta itemprop=\"height\" content=\"184\"> <img decoding=\"async\" class=\"\" data-attachment-id=\"3057\" data-orig-file=\"https:\/\/idnu.ch\/wordpress\/wp-content\/uploads\/2016\/03\/aostatal_0059.jpg\" data-orig-size=\"1400,1050\" data-comments-opened=\"1\" data-image-meta=\"{&quot;aperture&quot;:&quot;0&quot;,&quot;credit&quot;:&quot;&quot;,&quot;camera&quot;:&quot;&quot;,&quot;caption&quot;:&quot;&quot;,&quot;created_timestamp&quot;:&quot;0&quot;,&quot;copyright&quot;:&quot;&quot;,&quot;focal_length&quot;:&quot;0&quot;,&quot;iso&quot;:&quot;0&quot;,&quot;shutter_speed&quot;:&quot;0&quot;,&quot;title&quot;:&quot;&quot;,&quot;orientation&quot;:&quot;0&quot;}\" data-image-title=\"aostatal_0059\" data-image-description=\"\" data-medium-file=\"https:\/\/i0.wp.com\/idnu.ch\/wordpress\/wp-content\/uploads\/2016\/03\/aostatal_0059.jpg?fit=300%2C225&#038;ssl=1\" data-large-file=\"https:\/\/i0.wp.com\/idnu.ch\/wordpress\/wp-content\/uploads\/2016\/03\/aostatal_0059.jpg?fit=750%2C563&#038;ssl=1\" src=\"https:\/\/i0.wp.com\/idnu.ch\/wordpress\/wp-content\/uploads\/2016\/03\/aostatal_0059.jpg?w=246&#038;h=184&#038;ssl=1\" srcset=\"https:\/\/i0.wp.com\/idnu.ch\/wordpress\/wp-content\/uploads\/2016\/03\/aostatal_0059.jpg?w=1400&amp;ssl=1 1400w, https:\/\/i0.wp.com\/idnu.ch\/wordpress\/wp-content\/uploads\/2016\/03\/aostatal_0059.jpg?resize=300%2C225&amp;ssl=1 300w, https:\/\/i0.wp.com\/idnu.ch\/wordpress\/wp-content\/uploads\/2016\/03\/aostatal_0059.jpg?resize=768%2C576&amp;ssl=1 768w, https:\/\/i0.wp.com\/idnu.ch\/wordpress\/wp-content\/uploads\/2016\/03\/aostatal_0059.jpg?resize=1024%2C768&amp;ssl=1 1024w, https:\/\/i0.wp.com\/idnu.ch\/wordpress\/wp-content\/uploads\/2016\/03\/aostatal_0059.jpg?resize=720%2C540&amp;ssl=1 720w, https:\/\/i0.wp.com\/idnu.ch\/wordpress\/wp-content\/uploads\/2016\/03\/aostatal_0059.jpg?resize=133%2C100&amp;ssl=1 133w\" width=\"246\" height=\"184\" loading=\"lazy\" data-original-width=\"246\" data-original-height=\"184\" itemprop=\"http:\/\/schema.org\/image\" title=\"aostatal_0059\" alt=\"aostatal_0059\" style=\"width: 246px; height: 184px;\" \/> <\/a> <\/div> <\/div> <!-- close group --> <\/div> <!-- close row --> <div class=\"gallery-row\" style=\"width: 750px; height: 387px;\" data-original-width=\"750\" data-original-height=\"387\" > <div class=\"gallery-group images-2\" style=\"width: 252px; height: 387px;\" data-original-width=\"252\" data-original-height=\"387\" > <div class=\"tiled-gallery-item tiled-gallery-item-small\" itemprop=\"associatedMedia\" itemscope itemtype=\"http:\/\/schema.org\/ImageObject\"> <a href=\"https:\/\/idnu.ch\/wordpress\/skitouren-im-aostatal\/aostatal_0060\/#main\" border=\"0\" itemprop=\"url\"> <meta itemprop=\"width\" content=\"248\"> <meta itemprop=\"height\" content=\"186\"> <img decoding=\"async\" class=\"\" data-attachment-id=\"3058\" data-orig-file=\"https:\/\/idnu.ch\/wordpress\/wp-content\/uploads\/2016\/03\/aostatal_0060.jpg\" data-orig-size=\"1400,1050\" data-comments-opened=\"1\" data-image-meta=\"{&quot;aperture&quot;:&quot;0&quot;,&quot;credit&quot;:&quot;&quot;,&quot;camera&quot;:&quot;&quot;,&quot;caption&quot;:&quot;&quot;,&quot;created_timestamp&quot;:&quot;0&quot;,&quot;copyright&quot;:&quot;&quot;,&quot;focal_length&quot;:&quot;0&quot;,&quot;iso&quot;:&quot;0&quot;,&quot;shutter_speed&quot;:&quot;0&quot;,&quot;title&quot;:&quot;&quot;,&quot;orientation&quot;:&quot;0&quot;}\" data-image-title=\"aostatal_0060\" data-image-description=\"\" data-medium-file=\"https:\/\/i0.wp.com\/idnu.ch\/wordpress\/wp-content\/uploads\/2016\/03\/aostatal_0060.jpg?fit=300%2C225&#038;ssl=1\" data-large-file=\"https:\/\/i0.wp.com\/idnu.ch\/wordpress\/wp-content\/uploads\/2016\/03\/aostatal_0060.jpg?fit=750%2C563&#038;ssl=1\" src=\"https:\/\/i0.wp.com\/idnu.ch\/wordpress\/wp-content\/uploads\/2016\/03\/aostatal_0060.jpg?w=248&#038;h=186&#038;ssl=1\" srcset=\"https:\/\/i0.wp.com\/idnu.ch\/wordpress\/wp-content\/uploads\/2016\/03\/aostatal_0060.jpg?w=1400&amp;ssl=1 1400w, https:\/\/i0.wp.com\/idnu.ch\/wordpress\/wp-content\/uploads\/2016\/03\/aostatal_0060.jpg?resize=300%2C225&amp;ssl=1 300w, https:\/\/i0.wp.com\/idnu.ch\/wordpress\/wp-content\/uploads\/2016\/03\/aostatal_0060.jpg?resize=768%2C576&amp;ssl=1 768w, https:\/\/i0.wp.com\/idnu.ch\/wordpress\/wp-content\/uploads\/2016\/03\/aostatal_0060.jpg?resize=1024%2C768&amp;ssl=1 1024w, https:\/\/i0.wp.com\/idnu.ch\/wordpress\/wp-content\/uploads\/2016\/03\/aostatal_0060.jpg?resize=720%2C540&amp;ssl=1 720w, https:\/\/i0.wp.com\/idnu.ch\/wordpress\/wp-content\/uploads\/2016\/03\/aostatal_0060.jpg?resize=133%2C100&amp;ssl=1 133w\" width=\"248\" height=\"186\" loading=\"lazy\" data-original-width=\"248\" data-original-height=\"186\" itemprop=\"http:\/\/schema.org\/image\" title=\"aostatal_0060\" alt=\"aostatal_0060\" style=\"width: 248px; height: 186px;\" \/> <\/a> <\/div> <div class=\"tiled-gallery-item tiled-gallery-item-small\" itemprop=\"associatedMedia\" itemscope itemtype=\"http:\/\/schema.org\/ImageObject\"> <a href=\"https:\/\/idnu.ch\/wordpress\/skitouren-im-aostatal\/aostatal_0066\/#main\" border=\"0\" itemprop=\"url\"> <meta itemprop=\"width\" content=\"248\"> <meta itemprop=\"height\" content=\"193\"> <img decoding=\"async\" class=\"\" data-attachment-id=\"3059\" data-orig-file=\"https:\/\/idnu.ch\/wordpress\/wp-content\/uploads\/2016\/03\/aostatal_0066.jpg\" data-orig-size=\"1400,1085\" data-comments-opened=\"1\" data-image-meta=\"{&quot;aperture&quot;:&quot;0&quot;,&quot;credit&quot;:&quot;&quot;,&quot;camera&quot;:&quot;&quot;,&quot;caption&quot;:&quot;&quot;,&quot;created_timestamp&quot;:&quot;0&quot;,&quot;copyright&quot;:&quot;&quot;,&quot;focal_length&quot;:&quot;0&quot;,&quot;iso&quot;:&quot;0&quot;,&quot;shutter_speed&quot;:&quot;0&quot;,&quot;title&quot;:&quot;&quot;,&quot;orientation&quot;:&quot;0&quot;}\" data-image-title=\"aostatal_0066\" data-image-description=\"\" data-medium-file=\"https:\/\/i0.wp.com\/idnu.ch\/wordpress\/wp-content\/uploads\/2016\/03\/aostatal_0066.jpg?fit=300%2C233&#038;ssl=1\" data-large-file=\"https:\/\/i0.wp.com\/idnu.ch\/wordpress\/wp-content\/uploads\/2016\/03\/aostatal_0066.jpg?fit=750%2C582&#038;ssl=1\" src=\"https:\/\/i0.wp.com\/idnu.ch\/wordpress\/wp-content\/uploads\/2016\/03\/aostatal_0066.jpg?w=248&#038;h=193&#038;ssl=1\" srcset=\"https:\/\/i0.wp.com\/idnu.ch\/wordpress\/wp-content\/uploads\/2016\/03\/aostatal_0066.jpg?w=1400&amp;ssl=1 1400w, https:\/\/i0.wp.com\/idnu.ch\/wordpress\/wp-content\/uploads\/2016\/03\/aostatal_0066.jpg?resize=300%2C233&amp;ssl=1 300w, https:\/\/i0.wp.com\/idnu.ch\/wordpress\/wp-content\/uploads\/2016\/03\/aostatal_0066.jpg?resize=768%2C595&amp;ssl=1 768w, https:\/\/i0.wp.com\/idnu.ch\/wordpress\/wp-content\/uploads\/2016\/03\/aostatal_0066.jpg?resize=1024%2C794&amp;ssl=1 1024w, https:\/\/i0.wp.com\/idnu.ch\/wordpress\/wp-content\/uploads\/2016\/03\/aostatal_0066.jpg?resize=129%2C100&amp;ssl=1 129w\" width=\"248\" height=\"193\" loading=\"lazy\" data-original-width=\"248\" data-original-height=\"193\" itemprop=\"http:\/\/schema.org\/image\" title=\"aostatal_0066\" alt=\"aostatal_0066\" style=\"width: 248px; height: 193px;\" \/> <\/a> <\/div> <\/div> <!-- close group --> <div class=\"gallery-group images-1\" style=\"width: 498px; height: 387px;\" data-original-width=\"498\" data-original-height=\"387\" > <div class=\"tiled-gallery-item tiled-gallery-item-large\" itemprop=\"associatedMedia\" itemscope itemtype=\"http:\/\/schema.org\/ImageObject\"> <a href=\"https:\/\/idnu.ch\/wordpress\/skitouren-im-aostatal\/aostatal_0071\/#main\" border=\"0\" itemprop=\"url\"> <meta itemprop=\"width\" content=\"494\"> <meta itemprop=\"height\" content=\"383\"> <img decoding=\"async\" class=\"\" data-attachment-id=\"3060\" data-orig-file=\"https:\/\/idnu.ch\/wordpress\/wp-content\/uploads\/2016\/03\/aostatal_0071.jpg\" data-orig-size=\"1400,1085\" data-comments-opened=\"1\" data-image-meta=\"{&quot;aperture&quot;:&quot;0&quot;,&quot;credit&quot;:&quot;&quot;,&quot;camera&quot;:&quot;&quot;,&quot;caption&quot;:&quot;&quot;,&quot;created_timestamp&quot;:&quot;0&quot;,&quot;copyright&quot;:&quot;&quot;,&quot;focal_length&quot;:&quot;0&quot;,&quot;iso&quot;:&quot;0&quot;,&quot;shutter_speed&quot;:&quot;0&quot;,&quot;title&quot;:&quot;&quot;,&quot;orientation&quot;:&quot;0&quot;}\" data-image-title=\"aostatal_0071\" data-image-description=\"\" data-medium-file=\"https:\/\/i0.wp.com\/idnu.ch\/wordpress\/wp-content\/uploads\/2016\/03\/aostatal_0071.jpg?fit=300%2C233&#038;ssl=1\" data-large-file=\"https:\/\/i0.wp.com\/idnu.ch\/wordpress\/wp-content\/uploads\/2016\/03\/aostatal_0071.jpg?fit=750%2C582&#038;ssl=1\" src=\"https:\/\/i0.wp.com\/idnu.ch\/wordpress\/wp-content\/uploads\/2016\/03\/aostatal_0071.jpg?w=494&#038;h=383&#038;ssl=1\" srcset=\"https:\/\/i0.wp.com\/idnu.ch\/wordpress\/wp-content\/uploads\/2016\/03\/aostatal_0071.jpg?w=1400&amp;ssl=1 1400w, https:\/\/i0.wp.com\/idnu.ch\/wordpress\/wp-content\/uploads\/2016\/03\/aostatal_0071.jpg?resize=300%2C233&amp;ssl=1 300w, https:\/\/i0.wp.com\/idnu.ch\/wordpress\/wp-content\/uploads\/2016\/03\/aostatal_0071.jpg?resize=768%2C595&amp;ssl=1 768w, https:\/\/i0.wp.com\/idnu.ch\/wordpress\/wp-content\/uploads\/2016\/03\/aostatal_0071.jpg?resize=1024%2C794&amp;ssl=1 1024w, https:\/\/i0.wp.com\/idnu.ch\/wordpress\/wp-content\/uploads\/2016\/03\/aostatal_0071.jpg?resize=129%2C100&amp;ssl=1 129w\" width=\"494\" height=\"383\" loading=\"lazy\" data-original-width=\"494\" data-original-height=\"383\" itemprop=\"http:\/\/schema.org\/image\" title=\"aostatal_0071\" alt=\"aostatal_0071\" style=\"width: 494px; height: 383px;\" \/> <\/a> <\/div> <\/div> <!-- close group --> <\/div> <!-- close row --> <\/div>\n<p><iframe loading=\"lazy\" src=\"https:\/\/www.google.com\/maps\/d\/embed?mid=z0F1R6L5bjo4.kvEYsr5hfC54\" width=\"640\" height=\"480\"><\/iframe><\/p>\n<h2>Testa del Gavio, 3047 m<\/h2>\n<p>Nach dem Unterkunftswechsel ins Val di Cogne unternehmen wir heute die erste Tour hier. Das Ziel sollte ein Pass sein, aber wir landeten dank der Salamitaktik des Tourenleiters, die ich bald 25 Jahre kenne, ganz woanders. Aber der Reihe nach. Wir starten auf 1550 Meter bei Epinel. Wir betreten den Gran Paradiso Nationalpark und werden gleich mit dessen Wildheit bekannt gemacht. Es geht durch den Wald auf nicht klar definierten Wegen hoch, aber irgendwie geht es. Pl\u00f6tzlich ersp\u00e4hen wir eine G\u00e4mse. Nein, zwei, drei, acht total! Und sie sind nur ungef\u00e4hr 50 Meter entfernt, lassen sich \u00fcberhaupt nicht st\u00f6ren von uns. Wir steigen ein enges Tal hoch, Wald wechselt sich mit offenen Fl\u00e4chen ab. Bald schon entdecken wir wieder G\u00e4msen, die uns interessiert beobachten. Was wohl diese farbigen Zweibeiner da oben wollen, scheinen sie sich zu denken. \u00dcber der Waldgrenze machen wir eine erste Rast, leider ist es ausgerechnete hier nicht windstill, vorher war es ziemlich warm und ohne Wind. Auf der anderen Hangseite \u00e4sen G\u00e4msen, sie lassen sich von uns ebenfalls nicht st\u00f6ren. Dieses Seitental k\u00f6nnte gut &#8222;Vall\u00e9e des Chamois&#8220; heissen. Nach der Pause steigen wir weiter hoch zur n\u00e4chsten Hochebene, dann &#8222;schauen wir mal&#8220;. Dann sind wir dort und schauen mal. Der Tourenleiter schl\u00e4gt vor, statt zum urspr\u00fcnglichen Ziel mal da rechts hoch zu steigen. Also steigen wir mal da hoch. Kaum dort, kommt der n\u00e4chste Vorschlag: Da diese Flanke hoch, rechts an dem &#8222;Dent du G\u00e9ant&#8220; (so sieht er aus) vorbei. Trotz diskretem Widerstand einer Person gehen wir weiter. Nun stehen wir am Fuss der Testa del Gavio. Von hier geht es zu Fuss weiter. \u00dcber verschneite Felsen gelangen wir auf ein Plateau, das gleichzeitig der Gipfel ist. Bis zur Gipfelmarkierung sind es noch ungef\u00e4hr 100 Meter. Nur Fels und Schnee rundherum. Und trotzdem ziehen unter uns wieder G\u00e4msen vorbei. Unglaublich, wo diese Tiere \u00fcberleben k\u00f6nnen. Was f\u00fcr eine Aussicht von hier! Wir gratulieren einander, mir gratulieren sie nochmals zum Geburtstag. Der \u00c4lteste erz\u00e4hlt mir, dass er auch mal in einer Tourenwoche Geburtstag gefeiert h\u00e4tte und ihm die Kameraden auf dem Gipfel ein St\u00e4ndchen darbrachten. Er sei v\u00f6llig \u00fcberw\u00e4ltigt gewesen und h\u00e4tte fast geheult. Ich finde das sehr sch\u00f6n, kann mir das aber nicht so recht vorstellen, dass deswegen die Emotionen mit einem durchgehen. Dann z\u00fcckt der Tourenleiter seine Mundharmonika und beginnt zu spielen, w\u00e4hrend die anderen singen. Und rund um uns herum diese Berge. Auf einen Schlag verstehe ich den \u00c4ltesten! Mir kommt das Augenwasser, ich muss mich extrem beherrschen, das ich nicht schluchze vor Freude und Gl\u00fcck. Ich, der ich alles andere als bekannt f\u00fcr Gef\u00fchlsausbr\u00fcche bin! Ich schaue mich um, kann mich kaum sattsehen. Es wird aber Zeit f\u00fcr den Abstieg, unten wartet ja noch jemand. Nun folgt der rasante Teil der Tour, bis weit unten fahren wir im Pulverschnee. Das Tal wird immer enger und der Schnee schlechter, es ist nun nur noch ein sicheres Runterkommen. Das St\u00fcck durch den Wald ist wieder altbekanntes Terrain, wir m\u00fcssen einfach irgendwie um die B\u00e4ume herum fahren, im Stemmbogen, mit Ausfl\u00fcgen in die Botanik und so weiter k\u00e4mpfen wir uns da durch. Nachdem wir beim Bus angekommen sind, gehen wir zum letzten Teil der Tour \u00fcber: Durst l\u00f6schen auf einer Sonnenterrasse in Cogne. Womit ist wohl klar.<\/p>\n<div class=\"tiled-gallery type-rectangular tiled-gallery-unresized\" data-original-width=\"750\" data-carousel-extra='{&quot;blog_id&quot;:1,&quot;permalink&quot;:&quot;https:\\\/\\\/idnu.ch\\\/wordpress\\\/skitouren-im-aostatal\\\/&quot;,&quot;likes_blog_id&quot;:100184974}' itemscope itemtype=\"http:\/\/schema.org\/ImageGallery\" > <div class=\"gallery-row\" style=\"width: 750px; height: 372px;\" data-original-width=\"750\" data-original-height=\"372\" > <div class=\"gallery-group images-1\" style=\"width: 495px; height: 372px;\" data-original-width=\"495\" data-original-height=\"372\" > <div class=\"tiled-gallery-item tiled-gallery-item-large\" itemprop=\"associatedMedia\" itemscope itemtype=\"http:\/\/schema.org\/ImageObject\"> <a href=\"https:\/\/idnu.ch\/wordpress\/skitouren-im-aostatal\/aostatal_0098\/#main\" border=\"0\" itemprop=\"url\"> <meta itemprop=\"width\" content=\"491\"> <meta itemprop=\"height\" content=\"368\"> <img decoding=\"async\" class=\"\" data-attachment-id=\"3061\" data-orig-file=\"https:\/\/idnu.ch\/wordpress\/wp-content\/uploads\/2016\/03\/aostatal_0098.jpg\" data-orig-size=\"1400,1050\" data-comments-opened=\"1\" data-image-meta=\"{&quot;aperture&quot;:&quot;0&quot;,&quot;credit&quot;:&quot;&quot;,&quot;camera&quot;:&quot;&quot;,&quot;caption&quot;:&quot;&quot;,&quot;created_timestamp&quot;:&quot;0&quot;,&quot;copyright&quot;:&quot;&quot;,&quot;focal_length&quot;:&quot;0&quot;,&quot;iso&quot;:&quot;0&quot;,&quot;shutter_speed&quot;:&quot;0&quot;,&quot;title&quot;:&quot;&quot;,&quot;orientation&quot;:&quot;0&quot;}\" data-image-title=\"aostatal_0098\" data-image-description=\"\" data-medium-file=\"https:\/\/i0.wp.com\/idnu.ch\/wordpress\/wp-content\/uploads\/2016\/03\/aostatal_0098.jpg?fit=300%2C225&#038;ssl=1\" data-large-file=\"https:\/\/i0.wp.com\/idnu.ch\/wordpress\/wp-content\/uploads\/2016\/03\/aostatal_0098.jpg?fit=750%2C563&#038;ssl=1\" src=\"https:\/\/i0.wp.com\/idnu.ch\/wordpress\/wp-content\/uploads\/2016\/03\/aostatal_0098.jpg?w=491&#038;h=368&#038;ssl=1\" srcset=\"https:\/\/i0.wp.com\/idnu.ch\/wordpress\/wp-content\/uploads\/2016\/03\/aostatal_0098.jpg?w=1400&amp;ssl=1 1400w, https:\/\/i0.wp.com\/idnu.ch\/wordpress\/wp-content\/uploads\/2016\/03\/aostatal_0098.jpg?resize=300%2C225&amp;ssl=1 300w, https:\/\/i0.wp.com\/idnu.ch\/wordpress\/wp-content\/uploads\/2016\/03\/aostatal_0098.jpg?resize=768%2C576&amp;ssl=1 768w, https:\/\/i0.wp.com\/idnu.ch\/wordpress\/wp-content\/uploads\/2016\/03\/aostatal_0098.jpg?resize=1024%2C768&amp;ssl=1 1024w, https:\/\/i0.wp.com\/idnu.ch\/wordpress\/wp-content\/uploads\/2016\/03\/aostatal_0098.jpg?resize=720%2C540&amp;ssl=1 720w, https:\/\/i0.wp.com\/idnu.ch\/wordpress\/wp-content\/uploads\/2016\/03\/aostatal_0098.jpg?resize=133%2C100&amp;ssl=1 133w\" width=\"491\" height=\"368\" loading=\"lazy\" data-original-width=\"491\" data-original-height=\"368\" itemprop=\"http:\/\/schema.org\/image\" title=\"aostatal_0098\" alt=\"aostatal_0098\" style=\"width: 491px; height: 368px;\" \/> <\/a> <\/div> <\/div> <!-- close group --> <div class=\"gallery-group images-2\" style=\"width: 255px; height: 372px;\" data-original-width=\"255\" data-original-height=\"372\" > <div class=\"tiled-gallery-item tiled-gallery-item-large\" itemprop=\"associatedMedia\" itemscope itemtype=\"http:\/\/schema.org\/ImageObject\"> <a href=\"https:\/\/idnu.ch\/wordpress\/skitouren-im-aostatal\/aostatal_0099\/#main\" border=\"0\" itemprop=\"url\"> <meta itemprop=\"width\" content=\"251\"> <meta itemprop=\"height\" content=\"176\"> <img decoding=\"async\" class=\"\" data-attachment-id=\"3062\" data-orig-file=\"https:\/\/idnu.ch\/wordpress\/wp-content\/uploads\/2016\/03\/aostatal_0099.jpg\" data-orig-size=\"1400,978\" data-comments-opened=\"1\" data-image-meta=\"{&quot;aperture&quot;:&quot;0&quot;,&quot;credit&quot;:&quot;&quot;,&quot;camera&quot;:&quot;&quot;,&quot;caption&quot;:&quot;&quot;,&quot;created_timestamp&quot;:&quot;0&quot;,&quot;copyright&quot;:&quot;&quot;,&quot;focal_length&quot;:&quot;0&quot;,&quot;iso&quot;:&quot;0&quot;,&quot;shutter_speed&quot;:&quot;0&quot;,&quot;title&quot;:&quot;&quot;,&quot;orientation&quot;:&quot;0&quot;}\" data-image-title=\"aostatal_0099\" data-image-description=\"\" data-medium-file=\"https:\/\/i0.wp.com\/idnu.ch\/wordpress\/wp-content\/uploads\/2016\/03\/aostatal_0099.jpg?fit=300%2C210&#038;ssl=1\" data-large-file=\"https:\/\/i0.wp.com\/idnu.ch\/wordpress\/wp-content\/uploads\/2016\/03\/aostatal_0099.jpg?fit=750%2C524&#038;ssl=1\" src=\"https:\/\/i0.wp.com\/idnu.ch\/wordpress\/wp-content\/uploads\/2016\/03\/aostatal_0099.jpg?w=251&#038;h=176&#038;ssl=1\" srcset=\"https:\/\/i0.wp.com\/idnu.ch\/wordpress\/wp-content\/uploads\/2016\/03\/aostatal_0099.jpg?w=1400&amp;ssl=1 1400w, https:\/\/i0.wp.com\/idnu.ch\/wordpress\/wp-content\/uploads\/2016\/03\/aostatal_0099.jpg?resize=300%2C210&amp;ssl=1 300w, https:\/\/i0.wp.com\/idnu.ch\/wordpress\/wp-content\/uploads\/2016\/03\/aostatal_0099.jpg?resize=768%2C537&amp;ssl=1 768w, https:\/\/i0.wp.com\/idnu.ch\/wordpress\/wp-content\/uploads\/2016\/03\/aostatal_0099.jpg?resize=1024%2C715&amp;ssl=1 1024w, https:\/\/i0.wp.com\/idnu.ch\/wordpress\/wp-content\/uploads\/2016\/03\/aostatal_0099.jpg?resize=143%2C100&amp;ssl=1 143w\" width=\"251\" height=\"176\" loading=\"lazy\" data-original-width=\"251\" data-original-height=\"176\" itemprop=\"http:\/\/schema.org\/image\" title=\"aostatal_0099\" alt=\"aostatal_0099\" style=\"width: 251px; height: 176px;\" \/> <\/a> <\/div> <div class=\"tiled-gallery-item tiled-gallery-item-large\" itemprop=\"associatedMedia\" itemscope itemtype=\"http:\/\/schema.org\/ImageObject\"> <a href=\"https:\/\/idnu.ch\/wordpress\/skitouren-im-aostatal\/aostatal_0103\/#main\" border=\"0\" itemprop=\"url\"> <meta itemprop=\"width\" content=\"251\"> <meta itemprop=\"height\" content=\"188\"> <img decoding=\"async\" class=\"\" data-attachment-id=\"3063\" data-orig-file=\"https:\/\/idnu.ch\/wordpress\/wp-content\/uploads\/2016\/03\/aostatal_0103.jpg\" data-orig-size=\"1400,1050\" data-comments-opened=\"1\" data-image-meta=\"{&quot;aperture&quot;:&quot;0&quot;,&quot;credit&quot;:&quot;&quot;,&quot;camera&quot;:&quot;&quot;,&quot;caption&quot;:&quot;&quot;,&quot;created_timestamp&quot;:&quot;0&quot;,&quot;copyright&quot;:&quot;&quot;,&quot;focal_length&quot;:&quot;0&quot;,&quot;iso&quot;:&quot;0&quot;,&quot;shutter_speed&quot;:&quot;0&quot;,&quot;title&quot;:&quot;&quot;,&quot;orientation&quot;:&quot;0&quot;}\" data-image-title=\"aostatal_0103\" data-image-description=\"\" data-medium-file=\"https:\/\/i0.wp.com\/idnu.ch\/wordpress\/wp-content\/uploads\/2016\/03\/aostatal_0103.jpg?fit=300%2C225&#038;ssl=1\" data-large-file=\"https:\/\/i0.wp.com\/idnu.ch\/wordpress\/wp-content\/uploads\/2016\/03\/aostatal_0103.jpg?fit=750%2C563&#038;ssl=1\" src=\"https:\/\/i0.wp.com\/idnu.ch\/wordpress\/wp-content\/uploads\/2016\/03\/aostatal_0103.jpg?w=251&#038;h=188&#038;ssl=1\" srcset=\"https:\/\/i0.wp.com\/idnu.ch\/wordpress\/wp-content\/uploads\/2016\/03\/aostatal_0103.jpg?w=1400&amp;ssl=1 1400w, https:\/\/i0.wp.com\/idnu.ch\/wordpress\/wp-content\/uploads\/2016\/03\/aostatal_0103.jpg?resize=300%2C225&amp;ssl=1 300w, https:\/\/i0.wp.com\/idnu.ch\/wordpress\/wp-content\/uploads\/2016\/03\/aostatal_0103.jpg?resize=768%2C576&amp;ssl=1 768w, https:\/\/i0.wp.com\/idnu.ch\/wordpress\/wp-content\/uploads\/2016\/03\/aostatal_0103.jpg?resize=1024%2C768&amp;ssl=1 1024w, https:\/\/i0.wp.com\/idnu.ch\/wordpress\/wp-content\/uploads\/2016\/03\/aostatal_0103.jpg?resize=720%2C540&amp;ssl=1 720w, https:\/\/i0.wp.com\/idnu.ch\/wordpress\/wp-content\/uploads\/2016\/03\/aostatal_0103.jpg?resize=133%2C100&amp;ssl=1 133w\" width=\"251\" height=\"188\" loading=\"lazy\" data-original-width=\"251\" data-original-height=\"188\" itemprop=\"http:\/\/schema.org\/image\" title=\"aostatal_0103\" alt=\"aostatal_0103\" style=\"width: 251px; height: 188px;\" \/> <\/a> <\/div> <\/div> <!-- close group --> <\/div> <!-- close row --> <div class=\"gallery-row\" style=\"width: 750px; height: 189px;\" data-original-width=\"750\" data-original-height=\"189\" > <div class=\"gallery-group images-1\" style=\"width: 250px; height: 189px;\" data-original-width=\"250\" data-original-height=\"189\" > <div class=\"tiled-gallery-item tiled-gallery-item-small\" itemprop=\"associatedMedia\" itemscope itemtype=\"http:\/\/schema.org\/ImageObject\"> <a href=\"https:\/\/idnu.ch\/wordpress\/skitouren-im-aostatal\/aostatal_0111\/#main\" border=\"0\" itemprop=\"url\"> <meta itemprop=\"width\" content=\"246\"> <meta itemprop=\"height\" content=\"185\"> <img decoding=\"async\" class=\"\" data-attachment-id=\"3064\" data-orig-file=\"https:\/\/idnu.ch\/wordpress\/wp-content\/uploads\/2016\/03\/aostatal_0111.jpg\" data-orig-size=\"1400,1050\" data-comments-opened=\"1\" data-image-meta=\"{&quot;aperture&quot;:&quot;0&quot;,&quot;credit&quot;:&quot;&quot;,&quot;camera&quot;:&quot;&quot;,&quot;caption&quot;:&quot;&quot;,&quot;created_timestamp&quot;:&quot;0&quot;,&quot;copyright&quot;:&quot;&quot;,&quot;focal_length&quot;:&quot;0&quot;,&quot;iso&quot;:&quot;0&quot;,&quot;shutter_speed&quot;:&quot;0&quot;,&quot;title&quot;:&quot;&quot;,&quot;orientation&quot;:&quot;0&quot;}\" data-image-title=\"aostatal_0111\" data-image-description=\"\" data-medium-file=\"https:\/\/i0.wp.com\/idnu.ch\/wordpress\/wp-content\/uploads\/2016\/03\/aostatal_0111.jpg?fit=300%2C225&#038;ssl=1\" data-large-file=\"https:\/\/i0.wp.com\/idnu.ch\/wordpress\/wp-content\/uploads\/2016\/03\/aostatal_0111.jpg?fit=750%2C563&#038;ssl=1\" src=\"https:\/\/i0.wp.com\/idnu.ch\/wordpress\/wp-content\/uploads\/2016\/03\/aostatal_0111.jpg?w=246&#038;h=185&#038;ssl=1\" srcset=\"https:\/\/i0.wp.com\/idnu.ch\/wordpress\/wp-content\/uploads\/2016\/03\/aostatal_0111.jpg?w=1400&amp;ssl=1 1400w, https:\/\/i0.wp.com\/idnu.ch\/wordpress\/wp-content\/uploads\/2016\/03\/aostatal_0111.jpg?resize=300%2C225&amp;ssl=1 300w, https:\/\/i0.wp.com\/idnu.ch\/wordpress\/wp-content\/uploads\/2016\/03\/aostatal_0111.jpg?resize=768%2C576&amp;ssl=1 768w, https:\/\/i0.wp.com\/idnu.ch\/wordpress\/wp-content\/uploads\/2016\/03\/aostatal_0111.jpg?resize=1024%2C768&amp;ssl=1 1024w, https:\/\/i0.wp.com\/idnu.ch\/wordpress\/wp-content\/uploads\/2016\/03\/aostatal_0111.jpg?resize=720%2C540&amp;ssl=1 720w, https:\/\/i0.wp.com\/idnu.ch\/wordpress\/wp-content\/uploads\/2016\/03\/aostatal_0111.jpg?resize=133%2C100&amp;ssl=1 133w\" width=\"246\" height=\"185\" loading=\"lazy\" data-original-width=\"246\" data-original-height=\"185\" itemprop=\"http:\/\/schema.org\/image\" title=\"aostatal_0111\" alt=\"aostatal_0111\" style=\"width: 246px; height: 185px;\" \/> <\/a> <\/div> <\/div> <!-- close group --> <div class=\"gallery-group images-1\" style=\"width: 250px; height: 189px;\" data-original-width=\"250\" data-original-height=\"189\" > <div class=\"tiled-gallery-item tiled-gallery-item-small\" itemprop=\"associatedMedia\" itemscope itemtype=\"http:\/\/schema.org\/ImageObject\"> <a href=\"https:\/\/idnu.ch\/wordpress\/skitouren-im-aostatal\/aostatal_0115\/#main\" border=\"0\" itemprop=\"url\"> <meta itemprop=\"width\" content=\"246\"> <meta itemprop=\"height\" content=\"185\"> <img decoding=\"async\" class=\"\" data-attachment-id=\"3065\" data-orig-file=\"https:\/\/idnu.ch\/wordpress\/wp-content\/uploads\/2016\/03\/aostatal_0115.jpg\" data-orig-size=\"1400,1050\" data-comments-opened=\"1\" data-image-meta=\"{&quot;aperture&quot;:&quot;0&quot;,&quot;credit&quot;:&quot;&quot;,&quot;camera&quot;:&quot;&quot;,&quot;caption&quot;:&quot;&quot;,&quot;created_timestamp&quot;:&quot;0&quot;,&quot;copyright&quot;:&quot;&quot;,&quot;focal_length&quot;:&quot;0&quot;,&quot;iso&quot;:&quot;0&quot;,&quot;shutter_speed&quot;:&quot;0&quot;,&quot;title&quot;:&quot;&quot;,&quot;orientation&quot;:&quot;0&quot;}\" data-image-title=\"aostatal_0115\" data-image-description=\"\" data-medium-file=\"https:\/\/i0.wp.com\/idnu.ch\/wordpress\/wp-content\/uploads\/2016\/03\/aostatal_0115.jpg?fit=300%2C225&#038;ssl=1\" data-large-file=\"https:\/\/i0.wp.com\/idnu.ch\/wordpress\/wp-content\/uploads\/2016\/03\/aostatal_0115.jpg?fit=750%2C563&#038;ssl=1\" src=\"https:\/\/i0.wp.com\/idnu.ch\/wordpress\/wp-content\/uploads\/2016\/03\/aostatal_0115.jpg?w=246&#038;h=185&#038;ssl=1\" srcset=\"https:\/\/i0.wp.com\/idnu.ch\/wordpress\/wp-content\/uploads\/2016\/03\/aostatal_0115.jpg?w=1400&amp;ssl=1 1400w, https:\/\/i0.wp.com\/idnu.ch\/wordpress\/wp-content\/uploads\/2016\/03\/aostatal_0115.jpg?resize=300%2C225&amp;ssl=1 300w, https:\/\/i0.wp.com\/idnu.ch\/wordpress\/wp-content\/uploads\/2016\/03\/aostatal_0115.jpg?resize=768%2C576&amp;ssl=1 768w, https:\/\/i0.wp.com\/idnu.ch\/wordpress\/wp-content\/uploads\/2016\/03\/aostatal_0115.jpg?resize=1024%2C768&amp;ssl=1 1024w, https:\/\/i0.wp.com\/idnu.ch\/wordpress\/wp-content\/uploads\/2016\/03\/aostatal_0115.jpg?resize=720%2C540&amp;ssl=1 720w, https:\/\/i0.wp.com\/idnu.ch\/wordpress\/wp-content\/uploads\/2016\/03\/aostatal_0115.jpg?resize=133%2C100&amp;ssl=1 133w\" width=\"246\" height=\"185\" loading=\"lazy\" data-original-width=\"246\" data-original-height=\"185\" itemprop=\"http:\/\/schema.org\/image\" title=\"aostatal_0115\" alt=\"aostatal_0115\" style=\"width: 246px; height: 185px;\" \/> <\/a> <\/div> <\/div> <!-- close group --> <div class=\"gallery-group images-1\" style=\"width: 250px; height: 189px;\" data-original-width=\"250\" data-original-height=\"189\" > <div class=\"tiled-gallery-item tiled-gallery-item-small\" itemprop=\"associatedMedia\" itemscope itemtype=\"http:\/\/schema.org\/ImageObject\"> <a href=\"https:\/\/idnu.ch\/wordpress\/skitouren-im-aostatal\/aostatal_0121\/#main\" border=\"0\" itemprop=\"url\"> <meta itemprop=\"width\" content=\"246\"> <meta itemprop=\"height\" content=\"185\"> <img decoding=\"async\" class=\"\" data-attachment-id=\"3066\" data-orig-file=\"https:\/\/idnu.ch\/wordpress\/wp-content\/uploads\/2016\/03\/aostatal_0121.jpg\" data-orig-size=\"1400,1050\" data-comments-opened=\"1\" data-image-meta=\"{&quot;aperture&quot;:&quot;0&quot;,&quot;credit&quot;:&quot;&quot;,&quot;camera&quot;:&quot;&quot;,&quot;caption&quot;:&quot;&quot;,&quot;created_timestamp&quot;:&quot;0&quot;,&quot;copyright&quot;:&quot;&quot;,&quot;focal_length&quot;:&quot;0&quot;,&quot;iso&quot;:&quot;0&quot;,&quot;shutter_speed&quot;:&quot;0&quot;,&quot;title&quot;:&quot;&quot;,&quot;orientation&quot;:&quot;0&quot;}\" data-image-title=\"aostatal_0121\" data-image-description=\"\" data-medium-file=\"https:\/\/i0.wp.com\/idnu.ch\/wordpress\/wp-content\/uploads\/2016\/03\/aostatal_0121.jpg?fit=300%2C225&#038;ssl=1\" data-large-file=\"https:\/\/i0.wp.com\/idnu.ch\/wordpress\/wp-content\/uploads\/2016\/03\/aostatal_0121.jpg?fit=750%2C563&#038;ssl=1\" src=\"https:\/\/i0.wp.com\/idnu.ch\/wordpress\/wp-content\/uploads\/2016\/03\/aostatal_0121.jpg?w=246&#038;h=185&#038;ssl=1\" srcset=\"https:\/\/i0.wp.com\/idnu.ch\/wordpress\/wp-content\/uploads\/2016\/03\/aostatal_0121.jpg?w=1400&amp;ssl=1 1400w, https:\/\/i0.wp.com\/idnu.ch\/wordpress\/wp-content\/uploads\/2016\/03\/aostatal_0121.jpg?resize=300%2C225&amp;ssl=1 300w, https:\/\/i0.wp.com\/idnu.ch\/wordpress\/wp-content\/uploads\/2016\/03\/aostatal_0121.jpg?resize=768%2C576&amp;ssl=1 768w, https:\/\/i0.wp.com\/idnu.ch\/wordpress\/wp-content\/uploads\/2016\/03\/aostatal_0121.jpg?resize=1024%2C768&amp;ssl=1 1024w, https:\/\/i0.wp.com\/idnu.ch\/wordpress\/wp-content\/uploads\/2016\/03\/aostatal_0121.jpg?resize=720%2C540&amp;ssl=1 720w, https:\/\/i0.wp.com\/idnu.ch\/wordpress\/wp-content\/uploads\/2016\/03\/aostatal_0121.jpg?resize=133%2C100&amp;ssl=1 133w\" width=\"246\" height=\"185\" loading=\"lazy\" data-original-width=\"246\" data-original-height=\"185\" itemprop=\"http:\/\/schema.org\/image\" title=\"aostatal_0121\" alt=\"aostatal_0121\" style=\"width: 246px; height: 185px;\" \/> <\/a> <\/div> <\/div> <!-- close group --> <\/div> <!-- close row --> <\/div>\n<h2>Gran Serra, Wintergipfel (3498 m)<\/h2>\n<p>Unser \u00e4ltester Teilnehmer hat schon vorg\u00e4ngig von diesem Berg erz\u00e4hlt. Er war mit der SAC-Sektion Homberg bereits vor 35 Jahren mal dort oben, die Tour sei kein Problem. Was das Besondere an unserem Vorhaben ist, ist die Tatsache, dass wir von der Unterkunft aus starten wollen &#8211; und der Gipfel 2000 Meter weiter oben ist. Gibt also insgesamt eine eher etwas l\u00e4ngere Tour. Wir starten in der Morgend\u00e4mmerung, ein Weg f\u00fchrt durch den Wald hoch. F\u00fcr Abwechslung sorgen einmal mehr G\u00e4msen, die uns praktisch vom Wegrand aus zuschauen. Aus der Felswand, vor der wir durchqueren, schaut keck ein Steinbock herunter. Immer wieder entdecke ich G\u00e4msen, die anderen scheint das weniger zu interessieren. Nun ja, wenn ich wilde Tiere sehe, werde ich halt wieder zum Kind und freue mich wie ein solches. Mit dem Erreichen der Waldgrenze kommt auch die Sonne und w\u00e4rmt uns. Schweigend steigen wir hoch, vorbei an Alph\u00fctten. Es liegt ziemlich wenig Schnee f\u00fcr diese Jahreszeit, \u00fcberall gucken noch Steine hervor. Oder man sp\u00fcrt sie, wenn man dr\u00fcber geht. Die Orientierung ist schwierig in dem Gel\u00e4nde, der Tourenleiter muss \u00f6fters die Route \u00e4ndern. Vor einer Steilstufe machen wir nochmals Halt. Der Erfahrene meint, wir m\u00fcssten weiter links herum, sie h\u00e4tten seinerzeit keine solch steile Stufe drin gehabt. Der Tourenleiter ist sich aber sicher, dass die Route dort durchgeht, die Skitourenkarte zeigt es so an. Am Fusse des Couloirs binden wir die Skis auf den Rucksack und steigen hoch auf den Grat. Den Rest des Weges k\u00f6nnen wir wieder auf den Skis zur\u00fccklegen, allerdings ist die vorhandene Aufstiegsspur sehr steil angelegt und die Unterlage rutschig. Ich bin jedenfalls froh um die Harscheisen. Ein Kollege und ich entscheiden sich oben f\u00fcr den Wintergipfel, die anderen gehen nach rechts zum Fuss des Felsgrates. W\u00e4hrend wir warten, klettert ein Teil der anderen hoch, sie erreichen allerdings den Gipfel nicht, es w\u00e4re zu zeitaufw\u00e4ndig. Inzwischen ist die Sonne hinter Wolken verschwunden, zusammen mit dem Wind ist es jetzt unangenehm kalt. Als wir alle wieder zusammen sind, fahren wir durch guten Pulverschnee hinunter zum Einstieg des Couloirs. Nun geht die Diskussion los. Skis anbehalten oder aufbinden? Das Problem ist, dass es nicht ein sch\u00f6nes Schneecouloir ist, sondern mit Felsen durchsetzt ist, die ein kontrolliertes und elegantes Fahren unm\u00f6glich machen. Die einen rutschen runter, zu dritt beschliessen wir, die Skis aufzubinden. Der erste versucht es zu Fuss, die zweite auch. Ich bleibe als Letzter oben. Der Tourenleiter meint, es ginge besser mit den Skis, ich lasse mich \u00fcberzeugen und es geht tats\u00e4chlich recht problemlos. Zuletzt zieht auch noch der letzte die Skis an. Nun folgt wieder viel Pulverschnee, bald schon erreichen wir die ersten H\u00fctten. Nach einer letzten Pause fahren wir weiter durch den nunmehr nicht mehr so pulvrigen Schnee. Ab jetzt ist es nur noch ein sicheres Runterkommen. Bei der Waldgrenze, wo der Weg wieder beginnt, ziehen die meisten, darunter auch ich, die Skis wieder ab und tragen sie runter, denn an ein angenehmes Fahren durch den Wald ist nicht zu denken. Auch diese Tour endet standesgem\u00e4ss in einem Lokal bei der einen oder anderen Runde Panach\u00e9.<br \/>\nAm Abend schauen wir die Karte nochmals an. Darauf ist tats\u00e4chlich nirgends ein Couloir zu sehen, nur ein blauer Strich \u00fcber Gletscher. Sieht total einfach aus, aber wir wissen es jetzt besser. Ich schaue mir das Aktualisierungsdatum der Karte an: Jahr 1988! Der Verk\u00e4ufer lachte sich wohl ins F\u00e4ustchen, als er diese Antiquit\u00e4t verkaufte.<\/p>\n<div class=\"tiled-gallery type-rectangular tiled-gallery-unresized\" data-original-width=\"750\" data-carousel-extra='{&quot;blog_id&quot;:1,&quot;permalink&quot;:&quot;https:\\\/\\\/idnu.ch\\\/wordpress\\\/skitouren-im-aostatal\\\/&quot;,&quot;likes_blog_id&quot;:100184974}' itemscope itemtype=\"http:\/\/schema.org\/ImageGallery\" > <div class=\"gallery-row\" style=\"width: 750px; height: 628px;\" data-original-width=\"750\" data-original-height=\"628\" > <div class=\"gallery-group images-3\" style=\"width: 278px; height: 628px;\" data-original-width=\"278\" data-original-height=\"628\" > <div class=\"tiled-gallery-item tiled-gallery-item-large\" itemprop=\"associatedMedia\" itemscope itemtype=\"http:\/\/schema.org\/ImageObject\"> <a href=\"https:\/\/idnu.ch\/wordpress\/skitouren-im-aostatal\/aostatal_0128\/#main\" border=\"0\" itemprop=\"url\"> <meta itemprop=\"width\" content=\"274\"> <meta itemprop=\"height\" content=\"206\"> <img decoding=\"async\" class=\"\" data-attachment-id=\"3067\" data-orig-file=\"https:\/\/idnu.ch\/wordpress\/wp-content\/uploads\/2016\/03\/aostatal_0128.jpg\" data-orig-size=\"1400,1050\" data-comments-opened=\"1\" data-image-meta=\"{&quot;aperture&quot;:&quot;0&quot;,&quot;credit&quot;:&quot;&quot;,&quot;camera&quot;:&quot;&quot;,&quot;caption&quot;:&quot;&quot;,&quot;created_timestamp&quot;:&quot;0&quot;,&quot;copyright&quot;:&quot;&quot;,&quot;focal_length&quot;:&quot;0&quot;,&quot;iso&quot;:&quot;0&quot;,&quot;shutter_speed&quot;:&quot;0&quot;,&quot;title&quot;:&quot;&quot;,&quot;orientation&quot;:&quot;0&quot;}\" data-image-title=\"aostatal_0128\" data-image-description=\"\" data-medium-file=\"https:\/\/i0.wp.com\/idnu.ch\/wordpress\/wp-content\/uploads\/2016\/03\/aostatal_0128.jpg?fit=300%2C225&#038;ssl=1\" data-large-file=\"https:\/\/i0.wp.com\/idnu.ch\/wordpress\/wp-content\/uploads\/2016\/03\/aostatal_0128.jpg?fit=750%2C563&#038;ssl=1\" src=\"https:\/\/i0.wp.com\/idnu.ch\/wordpress\/wp-content\/uploads\/2016\/03\/aostatal_0128.jpg?w=274&#038;h=206&#038;ssl=1\" srcset=\"https:\/\/i0.wp.com\/idnu.ch\/wordpress\/wp-content\/uploads\/2016\/03\/aostatal_0128.jpg?w=1400&amp;ssl=1 1400w, https:\/\/i0.wp.com\/idnu.ch\/wordpress\/wp-content\/uploads\/2016\/03\/aostatal_0128.jpg?resize=300%2C225&amp;ssl=1 300w, https:\/\/i0.wp.com\/idnu.ch\/wordpress\/wp-content\/uploads\/2016\/03\/aostatal_0128.jpg?resize=768%2C576&amp;ssl=1 768w, https:\/\/i0.wp.com\/idnu.ch\/wordpress\/wp-content\/uploads\/2016\/03\/aostatal_0128.jpg?resize=1024%2C768&amp;ssl=1 1024w, https:\/\/i0.wp.com\/idnu.ch\/wordpress\/wp-content\/uploads\/2016\/03\/aostatal_0128.jpg?resize=720%2C540&amp;ssl=1 720w, https:\/\/i0.wp.com\/idnu.ch\/wordpress\/wp-content\/uploads\/2016\/03\/aostatal_0128.jpg?resize=133%2C100&amp;ssl=1 133w\" width=\"274\" height=\"206\" loading=\"lazy\" data-original-width=\"274\" data-original-height=\"206\" itemprop=\"http:\/\/schema.org\/image\" title=\"aostatal_0128\" alt=\"aostatal_0128\" style=\"width: 274px; height: 206px;\" \/> <\/a> <\/div> <div class=\"tiled-gallery-item tiled-gallery-item-large\" itemprop=\"associatedMedia\" itemscope itemtype=\"http:\/\/schema.org\/ImageObject\"> <a href=\"https:\/\/idnu.ch\/wordpress\/skitouren-im-aostatal\/aostatal_0131\/#main\" border=\"0\" itemprop=\"url\"> <meta itemprop=\"width\" content=\"274\"> <meta itemprop=\"height\" content=\"205\"> <img decoding=\"async\" class=\"\" data-attachment-id=\"3068\" data-orig-file=\"https:\/\/idnu.ch\/wordpress\/wp-content\/uploads\/2016\/03\/aostatal_0131.jpg\" data-orig-size=\"1400,1050\" data-comments-opened=\"1\" data-image-meta=\"{&quot;aperture&quot;:&quot;0&quot;,&quot;credit&quot;:&quot;&quot;,&quot;camera&quot;:&quot;&quot;,&quot;caption&quot;:&quot;&quot;,&quot;created_timestamp&quot;:&quot;0&quot;,&quot;copyright&quot;:&quot;&quot;,&quot;focal_length&quot;:&quot;0&quot;,&quot;iso&quot;:&quot;0&quot;,&quot;shutter_speed&quot;:&quot;0&quot;,&quot;title&quot;:&quot;&quot;,&quot;orientation&quot;:&quot;0&quot;}\" data-image-title=\"aostatal_0131\" data-image-description=\"\" data-medium-file=\"https:\/\/i0.wp.com\/idnu.ch\/wordpress\/wp-content\/uploads\/2016\/03\/aostatal_0131.jpg?fit=300%2C225&#038;ssl=1\" data-large-file=\"https:\/\/i0.wp.com\/idnu.ch\/wordpress\/wp-content\/uploads\/2016\/03\/aostatal_0131.jpg?fit=750%2C563&#038;ssl=1\" src=\"https:\/\/i0.wp.com\/idnu.ch\/wordpress\/wp-content\/uploads\/2016\/03\/aostatal_0131.jpg?w=274&#038;h=205&#038;ssl=1\" srcset=\"https:\/\/i0.wp.com\/idnu.ch\/wordpress\/wp-content\/uploads\/2016\/03\/aostatal_0131.jpg?w=1400&amp;ssl=1 1400w, https:\/\/i0.wp.com\/idnu.ch\/wordpress\/wp-content\/uploads\/2016\/03\/aostatal_0131.jpg?resize=300%2C225&amp;ssl=1 300w, https:\/\/i0.wp.com\/idnu.ch\/wordpress\/wp-content\/uploads\/2016\/03\/aostatal_0131.jpg?resize=768%2C576&amp;ssl=1 768w, https:\/\/i0.wp.com\/idnu.ch\/wordpress\/wp-content\/uploads\/2016\/03\/aostatal_0131.jpg?resize=1024%2C768&amp;ssl=1 1024w, https:\/\/i0.wp.com\/idnu.ch\/wordpress\/wp-content\/uploads\/2016\/03\/aostatal_0131.jpg?resize=720%2C540&amp;ssl=1 720w, https:\/\/i0.wp.com\/idnu.ch\/wordpress\/wp-content\/uploads\/2016\/03\/aostatal_0131.jpg?resize=133%2C100&amp;ssl=1 133w\" width=\"274\" height=\"205\" loading=\"lazy\" data-original-width=\"274\" data-original-height=\"205\" itemprop=\"http:\/\/schema.org\/image\" title=\"aostatal_0131\" alt=\"aostatal_0131\" style=\"width: 274px; height: 205px;\" \/> <\/a> <\/div> <div class=\"tiled-gallery-item tiled-gallery-item-large\" itemprop=\"associatedMedia\" itemscope itemtype=\"http:\/\/schema.org\/ImageObject\"> <a href=\"https:\/\/idnu.ch\/wordpress\/skitouren-im-aostatal\/aostatal_0132\/#main\" border=\"0\" itemprop=\"url\"> <meta itemprop=\"width\" content=\"274\"> <meta itemprop=\"height\" content=\"205\"> <img decoding=\"async\" class=\"\" data-attachment-id=\"3069\" data-orig-file=\"https:\/\/idnu.ch\/wordpress\/wp-content\/uploads\/2016\/03\/aostatal_0132.jpg\" data-orig-size=\"1400,1050\" data-comments-opened=\"1\" data-image-meta=\"{&quot;aperture&quot;:&quot;0&quot;,&quot;credit&quot;:&quot;&quot;,&quot;camera&quot;:&quot;&quot;,&quot;caption&quot;:&quot;&quot;,&quot;created_timestamp&quot;:&quot;0&quot;,&quot;copyright&quot;:&quot;&quot;,&quot;focal_length&quot;:&quot;0&quot;,&quot;iso&quot;:&quot;0&quot;,&quot;shutter_speed&quot;:&quot;0&quot;,&quot;title&quot;:&quot;&quot;,&quot;orientation&quot;:&quot;0&quot;}\" data-image-title=\"aostatal_0132\" data-image-description=\"\" data-medium-file=\"https:\/\/i0.wp.com\/idnu.ch\/wordpress\/wp-content\/uploads\/2016\/03\/aostatal_0132.jpg?fit=300%2C225&#038;ssl=1\" data-large-file=\"https:\/\/i0.wp.com\/idnu.ch\/wordpress\/wp-content\/uploads\/2016\/03\/aostatal_0132.jpg?fit=750%2C563&#038;ssl=1\" src=\"https:\/\/i0.wp.com\/idnu.ch\/wordpress\/wp-content\/uploads\/2016\/03\/aostatal_0132.jpg?w=274&#038;h=205&#038;ssl=1\" srcset=\"https:\/\/i0.wp.com\/idnu.ch\/wordpress\/wp-content\/uploads\/2016\/03\/aostatal_0132.jpg?w=1400&amp;ssl=1 1400w, https:\/\/i0.wp.com\/idnu.ch\/wordpress\/wp-content\/uploads\/2016\/03\/aostatal_0132.jpg?resize=300%2C225&amp;ssl=1 300w, https:\/\/i0.wp.com\/idnu.ch\/wordpress\/wp-content\/uploads\/2016\/03\/aostatal_0132.jpg?resize=768%2C576&amp;ssl=1 768w, https:\/\/i0.wp.com\/idnu.ch\/wordpress\/wp-content\/uploads\/2016\/03\/aostatal_0132.jpg?resize=1024%2C768&amp;ssl=1 1024w, https:\/\/i0.wp.com\/idnu.ch\/wordpress\/wp-content\/uploads\/2016\/03\/aostatal_0132.jpg?resize=720%2C540&amp;ssl=1 720w, https:\/\/i0.wp.com\/idnu.ch\/wordpress\/wp-content\/uploads\/2016\/03\/aostatal_0132.jpg?resize=133%2C100&amp;ssl=1 133w\" width=\"274\" height=\"205\" loading=\"lazy\" data-original-width=\"274\" data-original-height=\"205\" itemprop=\"http:\/\/schema.org\/image\" title=\"aostatal_0132\" alt=\"aostatal_0132\" style=\"width: 274px; height: 205px;\" \/> <\/a> <\/div> <\/div> <!-- close group --> <div class=\"gallery-group images-1\" style=\"width: 472px; height: 628px;\" data-original-width=\"472\" data-original-height=\"628\" > <div class=\"tiled-gallery-item tiled-gallery-item-large\" itemprop=\"associatedMedia\" itemscope itemtype=\"http:\/\/schema.org\/ImageObject\"> <a href=\"https:\/\/idnu.ch\/wordpress\/skitouren-im-aostatal\/aostatal_0134\/#main\" border=\"0\" itemprop=\"url\"> <meta itemprop=\"width\" content=\"468\"> <meta itemprop=\"height\" content=\"624\"> <img decoding=\"async\" class=\"\" data-attachment-id=\"3070\" data-orig-file=\"https:\/\/idnu.ch\/wordpress\/wp-content\/uploads\/2016\/03\/aostatal_0134.jpg\" data-orig-size=\"1050,1400\" data-comments-opened=\"1\" data-image-meta=\"{&quot;aperture&quot;:&quot;0&quot;,&quot;credit&quot;:&quot;&quot;,&quot;camera&quot;:&quot;&quot;,&quot;caption&quot;:&quot;&quot;,&quot;created_timestamp&quot;:&quot;0&quot;,&quot;copyright&quot;:&quot;&quot;,&quot;focal_length&quot;:&quot;0&quot;,&quot;iso&quot;:&quot;0&quot;,&quot;shutter_speed&quot;:&quot;0&quot;,&quot;title&quot;:&quot;&quot;,&quot;orientation&quot;:&quot;0&quot;}\" data-image-title=\"aostatal_0134\" data-image-description=\"\" data-medium-file=\"https:\/\/i0.wp.com\/idnu.ch\/wordpress\/wp-content\/uploads\/2016\/03\/aostatal_0134.jpg?fit=225%2C300&#038;ssl=1\" data-large-file=\"https:\/\/i0.wp.com\/idnu.ch\/wordpress\/wp-content\/uploads\/2016\/03\/aostatal_0134.jpg?fit=750%2C1000&#038;ssl=1\" src=\"https:\/\/i0.wp.com\/idnu.ch\/wordpress\/wp-content\/uploads\/2016\/03\/aostatal_0134.jpg?w=468&#038;h=624&#038;ssl=1\" srcset=\"https:\/\/i0.wp.com\/idnu.ch\/wordpress\/wp-content\/uploads\/2016\/03\/aostatal_0134.jpg?w=1050&amp;ssl=1 1050w, https:\/\/i0.wp.com\/idnu.ch\/wordpress\/wp-content\/uploads\/2016\/03\/aostatal_0134.jpg?resize=225%2C300&amp;ssl=1 225w, https:\/\/i0.wp.com\/idnu.ch\/wordpress\/wp-content\/uploads\/2016\/03\/aostatal_0134.jpg?resize=768%2C1024&amp;ssl=1 768w, https:\/\/i0.wp.com\/idnu.ch\/wordpress\/wp-content\/uploads\/2016\/03\/aostatal_0134.jpg?resize=75%2C100&amp;ssl=1 75w\" width=\"468\" height=\"624\" loading=\"lazy\" data-original-width=\"468\" data-original-height=\"624\" itemprop=\"http:\/\/schema.org\/image\" title=\"aostatal_0134\" alt=\"aostatal_0134\" style=\"width: 468px; height: 624px;\" \/> <\/a> <\/div> <\/div> <!-- close group --> <\/div> <!-- close row --> <div class=\"gallery-row\" style=\"width: 750px; height: 282px;\" data-original-width=\"750\" data-original-height=\"282\" > <div class=\"gallery-group images-1\" style=\"width: 375px; height: 282px;\" data-original-width=\"375\" data-original-height=\"282\" > <div class=\"tiled-gallery-item tiled-gallery-item-large\" itemprop=\"associatedMedia\" itemscope itemtype=\"http:\/\/schema.org\/ImageObject\"> <a href=\"https:\/\/idnu.ch\/wordpress\/skitouren-im-aostatal\/aostatal_0137\/#main\" border=\"0\" itemprop=\"url\"> <meta itemprop=\"width\" content=\"371\"> <meta itemprop=\"height\" content=\"278\"> <img decoding=\"async\" class=\"\" data-attachment-id=\"3071\" data-orig-file=\"https:\/\/idnu.ch\/wordpress\/wp-content\/uploads\/2016\/03\/aostatal_0137.jpg\" data-orig-size=\"1400,1050\" data-comments-opened=\"1\" data-image-meta=\"{&quot;aperture&quot;:&quot;0&quot;,&quot;credit&quot;:&quot;&quot;,&quot;camera&quot;:&quot;&quot;,&quot;caption&quot;:&quot;&quot;,&quot;created_timestamp&quot;:&quot;0&quot;,&quot;copyright&quot;:&quot;&quot;,&quot;focal_length&quot;:&quot;0&quot;,&quot;iso&quot;:&quot;0&quot;,&quot;shutter_speed&quot;:&quot;0&quot;,&quot;title&quot;:&quot;&quot;,&quot;orientation&quot;:&quot;0&quot;}\" data-image-title=\"aostatal_0137\" data-image-description=\"\" data-medium-file=\"https:\/\/i0.wp.com\/idnu.ch\/wordpress\/wp-content\/uploads\/2016\/03\/aostatal_0137.jpg?fit=300%2C225&#038;ssl=1\" data-large-file=\"https:\/\/i0.wp.com\/idnu.ch\/wordpress\/wp-content\/uploads\/2016\/03\/aostatal_0137.jpg?fit=750%2C563&#038;ssl=1\" src=\"https:\/\/i0.wp.com\/idnu.ch\/wordpress\/wp-content\/uploads\/2016\/03\/aostatal_0137.jpg?w=371&#038;h=278&#038;ssl=1\" srcset=\"https:\/\/i0.wp.com\/idnu.ch\/wordpress\/wp-content\/uploads\/2016\/03\/aostatal_0137.jpg?w=1400&amp;ssl=1 1400w, https:\/\/i0.wp.com\/idnu.ch\/wordpress\/wp-content\/uploads\/2016\/03\/aostatal_0137.jpg?resize=300%2C225&amp;ssl=1 300w, https:\/\/i0.wp.com\/idnu.ch\/wordpress\/wp-content\/uploads\/2016\/03\/aostatal_0137.jpg?resize=768%2C576&amp;ssl=1 768w, https:\/\/i0.wp.com\/idnu.ch\/wordpress\/wp-content\/uploads\/2016\/03\/aostatal_0137.jpg?resize=1024%2C768&amp;ssl=1 1024w, https:\/\/i0.wp.com\/idnu.ch\/wordpress\/wp-content\/uploads\/2016\/03\/aostatal_0137.jpg?resize=720%2C540&amp;ssl=1 720w, https:\/\/i0.wp.com\/idnu.ch\/wordpress\/wp-content\/uploads\/2016\/03\/aostatal_0137.jpg?resize=133%2C100&amp;ssl=1 133w\" width=\"371\" height=\"278\" loading=\"lazy\" data-original-width=\"371\" data-original-height=\"278\" itemprop=\"http:\/\/schema.org\/image\" title=\"aostatal_0137\" alt=\"aostatal_0137\" style=\"width: 371px; height: 278px;\" \/> <\/a> <\/div> <\/div> <!-- close group --> <div class=\"gallery-group images-1\" style=\"width: 375px; height: 282px;\" data-original-width=\"375\" data-original-height=\"282\" > <div class=\"tiled-gallery-item tiled-gallery-item-large\" itemprop=\"associatedMedia\" itemscope itemtype=\"http:\/\/schema.org\/ImageObject\"> <a href=\"https:\/\/idnu.ch\/wordpress\/skitouren-im-aostatal\/aostatal_0138\/#main\" border=\"0\" itemprop=\"url\"> <meta itemprop=\"width\" content=\"371\"> <meta itemprop=\"height\" content=\"278\"> <img decoding=\"async\" class=\"\" data-attachment-id=\"3072\" data-orig-file=\"https:\/\/idnu.ch\/wordpress\/wp-content\/uploads\/2016\/03\/aostatal_0138.jpg\" data-orig-size=\"1400,1050\" data-comments-opened=\"1\" data-image-meta=\"{&quot;aperture&quot;:&quot;0&quot;,&quot;credit&quot;:&quot;&quot;,&quot;camera&quot;:&quot;&quot;,&quot;caption&quot;:&quot;&quot;,&quot;created_timestamp&quot;:&quot;0&quot;,&quot;copyright&quot;:&quot;&quot;,&quot;focal_length&quot;:&quot;0&quot;,&quot;iso&quot;:&quot;0&quot;,&quot;shutter_speed&quot;:&quot;0&quot;,&quot;title&quot;:&quot;&quot;,&quot;orientation&quot;:&quot;0&quot;}\" data-image-title=\"aostatal_0138\" data-image-description=\"\" data-medium-file=\"https:\/\/i0.wp.com\/idnu.ch\/wordpress\/wp-content\/uploads\/2016\/03\/aostatal_0138.jpg?fit=300%2C225&#038;ssl=1\" data-large-file=\"https:\/\/i0.wp.com\/idnu.ch\/wordpress\/wp-content\/uploads\/2016\/03\/aostatal_0138.jpg?fit=750%2C563&#038;ssl=1\" src=\"https:\/\/i0.wp.com\/idnu.ch\/wordpress\/wp-content\/uploads\/2016\/03\/aostatal_0138.jpg?w=371&#038;h=278&#038;ssl=1\" srcset=\"https:\/\/i0.wp.com\/idnu.ch\/wordpress\/wp-content\/uploads\/2016\/03\/aostatal_0138.jpg?w=1400&amp;ssl=1 1400w, https:\/\/i0.wp.com\/idnu.ch\/wordpress\/wp-content\/uploads\/2016\/03\/aostatal_0138.jpg?resize=300%2C225&amp;ssl=1 300w, https:\/\/i0.wp.com\/idnu.ch\/wordpress\/wp-content\/uploads\/2016\/03\/aostatal_0138.jpg?resize=768%2C576&amp;ssl=1 768w, https:\/\/i0.wp.com\/idnu.ch\/wordpress\/wp-content\/uploads\/2016\/03\/aostatal_0138.jpg?resize=1024%2C768&amp;ssl=1 1024w, https:\/\/i0.wp.com\/idnu.ch\/wordpress\/wp-content\/uploads\/2016\/03\/aostatal_0138.jpg?resize=720%2C540&amp;ssl=1 720w, https:\/\/i0.wp.com\/idnu.ch\/wordpress\/wp-content\/uploads\/2016\/03\/aostatal_0138.jpg?resize=133%2C100&amp;ssl=1 133w\" width=\"371\" height=\"278\" loading=\"lazy\" data-original-width=\"371\" data-original-height=\"278\" itemprop=\"http:\/\/schema.org\/image\" title=\"aostatal_0138\" alt=\"aostatal_0138\" style=\"width: 371px; height: 278px;\" \/> <\/a> <\/div> <\/div> <!-- close group --> <\/div> <!-- close row --> <\/div>\n<p><iframe loading=\"lazy\" src=\"https:\/\/www.google.com\/maps\/d\/embed?mid=z0F1R6L5bjo4.kM_nS11-ZnKc\" width=\"640\" height=\"480\"><\/iframe><\/p>\n<h2>Eine standesgem\u00e4sse Heimreise<\/h2>\n<p>Auch alles Sch\u00f6ne hat ein Ende, so auch diese Tourenwoche. Wir fahren wieder nach Hause, aber nicht direkt. Einen ersten Halt legen wir im <a href=\"http:\/\/www.caveonzecommunes.it\/\" target=\"_blank\" rel=\"noopener noreferrer\">Cave des Onzes Communes<\/a> in Aymavilles ein, wo wir uns mit Wein eindecken.\u00a0N\u00e4chster Halt ist in Aosta. Wir bummeln durch die Altstadt, einige decken sich mit hiesigen Spezialit\u00e4ten ein. Auf der Piazza geniessen wir einen Kaffee an der Sonne. Markant sind die Reste der Wehrbefestigung, deren Ursprung\u00a0bis in die R\u00f6merzeit zur\u00fcckreicht.<\/p>\n<p>Bei strahlendem Sonnenschein \u00fcber- resp. durchqueren wir den Grossen St. Bernhard, im ersten Dorf auf Schweizer Boden, Bourg St. Pierre, legen wir einen weiteren Halt ein, um ein Lawinenbuffet mit unserem verbliebenen Lunch und den frisch erworbenen Leckereien zuzubereiten. Nach dieser St\u00e4rkung treten wir endg\u00fcltig die Heimreise an, unterbrochen von einem Kaffeehalt beim Teilnehmer, der als erster zu Hause ist.<\/p>\n<p>Eine grossartige Woche ist damit zu Ende, ich kenne wieder eine sch\u00f6ne Gegend mehr. Und Arbeit gibt es noch genug, so dass ich mir eine R\u00fcckkehr, auch mit der Familie, durchaus vorstellen kann. Herzlichen Dank an alle Teilnehmer und den Tourenleiter, es war toll mit euch! Vielleicht n\u00e4chstes Jahr im Weissbierland wieder. \ud83d\ude42<\/p>\n<div class=\"tiled-gallery type-rectangular tiled-gallery-unresized\" data-original-width=\"750\" data-carousel-extra='{&quot;blog_id&quot;:1,&quot;permalink&quot;:&quot;https:\\\/\\\/idnu.ch\\\/wordpress\\\/skitouren-im-aostatal\\\/&quot;,&quot;likes_blog_id&quot;:100184974}' itemscope itemtype=\"http:\/\/schema.org\/ImageGallery\" > <div class=\"gallery-row\" style=\"width: 750px; height: 376px;\" data-original-width=\"750\" data-original-height=\"376\" > <div class=\"gallery-group images-1\" style=\"width: 500px; height: 376px;\" data-original-width=\"500\" data-original-height=\"376\" > <div class=\"tiled-gallery-item tiled-gallery-item-large\" itemprop=\"associatedMedia\" itemscope itemtype=\"http:\/\/schema.org\/ImageObject\"> <a href=\"https:\/\/idnu.ch\/wordpress\/skitouren-im-aostatal\/aostatal_0145\/#main\" border=\"0\" itemprop=\"url\"> <meta itemprop=\"width\" content=\"496\"> <meta itemprop=\"height\" content=\"372\"> <img decoding=\"async\" class=\"\" data-attachment-id=\"3073\" data-orig-file=\"https:\/\/idnu.ch\/wordpress\/wp-content\/uploads\/2016\/03\/aostatal_0145.jpg\" data-orig-size=\"1400,1050\" data-comments-opened=\"1\" data-image-meta=\"{&quot;aperture&quot;:&quot;0&quot;,&quot;credit&quot;:&quot;&quot;,&quot;camera&quot;:&quot;&quot;,&quot;caption&quot;:&quot;&quot;,&quot;created_timestamp&quot;:&quot;0&quot;,&quot;copyright&quot;:&quot;&quot;,&quot;focal_length&quot;:&quot;0&quot;,&quot;iso&quot;:&quot;0&quot;,&quot;shutter_speed&quot;:&quot;0&quot;,&quot;title&quot;:&quot;&quot;,&quot;orientation&quot;:&quot;0&quot;}\" data-image-title=\"aostatal_0145\" data-image-description=\"\" data-medium-file=\"https:\/\/i0.wp.com\/idnu.ch\/wordpress\/wp-content\/uploads\/2016\/03\/aostatal_0145.jpg?fit=300%2C225&#038;ssl=1\" data-large-file=\"https:\/\/i0.wp.com\/idnu.ch\/wordpress\/wp-content\/uploads\/2016\/03\/aostatal_0145.jpg?fit=750%2C563&#038;ssl=1\" src=\"https:\/\/i0.wp.com\/idnu.ch\/wordpress\/wp-content\/uploads\/2016\/03\/aostatal_0145.jpg?w=496&#038;h=372&#038;ssl=1\" srcset=\"https:\/\/i0.wp.com\/idnu.ch\/wordpress\/wp-content\/uploads\/2016\/03\/aostatal_0145.jpg?w=1400&amp;ssl=1 1400w, https:\/\/i0.wp.com\/idnu.ch\/wordpress\/wp-content\/uploads\/2016\/03\/aostatal_0145.jpg?resize=300%2C225&amp;ssl=1 300w, https:\/\/i0.wp.com\/idnu.ch\/wordpress\/wp-content\/uploads\/2016\/03\/aostatal_0145.jpg?resize=768%2C576&amp;ssl=1 768w, https:\/\/i0.wp.com\/idnu.ch\/wordpress\/wp-content\/uploads\/2016\/03\/aostatal_0145.jpg?resize=1024%2C768&amp;ssl=1 1024w, https:\/\/i0.wp.com\/idnu.ch\/wordpress\/wp-content\/uploads\/2016\/03\/aostatal_0145.jpg?resize=720%2C540&amp;ssl=1 720w, https:\/\/i0.wp.com\/idnu.ch\/wordpress\/wp-content\/uploads\/2016\/03\/aostatal_0145.jpg?resize=133%2C100&amp;ssl=1 133w\" width=\"496\" height=\"372\" loading=\"lazy\" data-original-width=\"496\" data-original-height=\"372\" itemprop=\"http:\/\/schema.org\/image\" title=\"aostatal_0145\" alt=\"aostatal_0145\" style=\"width: 496px; height: 372px;\" \/> <\/a> <\/div> <\/div> <!-- close group --> <div class=\"gallery-group images-2\" style=\"width: 250px; height: 376px;\" data-original-width=\"250\" data-original-height=\"376\" > <div class=\"tiled-gallery-item tiled-gallery-item-small\" itemprop=\"associatedMedia\" itemscope itemtype=\"http:\/\/schema.org\/ImageObject\"> <a href=\"https:\/\/idnu.ch\/wordpress\/skitouren-im-aostatal\/aostatal_0146\/#main\" border=\"0\" itemprop=\"url\"> <meta itemprop=\"width\" content=\"246\"> <meta itemprop=\"height\" content=\"184\"> <img decoding=\"async\" class=\"\" data-attachment-id=\"3074\" data-orig-file=\"https:\/\/idnu.ch\/wordpress\/wp-content\/uploads\/2016\/03\/aostatal_0146.jpg\" data-orig-size=\"1400,1050\" data-comments-opened=\"1\" data-image-meta=\"{&quot;aperture&quot;:&quot;0&quot;,&quot;credit&quot;:&quot;&quot;,&quot;camera&quot;:&quot;&quot;,&quot;caption&quot;:&quot;&quot;,&quot;created_timestamp&quot;:&quot;0&quot;,&quot;copyright&quot;:&quot;&quot;,&quot;focal_length&quot;:&quot;0&quot;,&quot;iso&quot;:&quot;0&quot;,&quot;shutter_speed&quot;:&quot;0&quot;,&quot;title&quot;:&quot;&quot;,&quot;orientation&quot;:&quot;0&quot;}\" data-image-title=\"aostatal_0146\" data-image-description=\"\" data-medium-file=\"https:\/\/i0.wp.com\/idnu.ch\/wordpress\/wp-content\/uploads\/2016\/03\/aostatal_0146.jpg?fit=300%2C225&#038;ssl=1\" data-large-file=\"https:\/\/i0.wp.com\/idnu.ch\/wordpress\/wp-content\/uploads\/2016\/03\/aostatal_0146.jpg?fit=750%2C563&#038;ssl=1\" src=\"https:\/\/i0.wp.com\/idnu.ch\/wordpress\/wp-content\/uploads\/2016\/03\/aostatal_0146.jpg?w=246&#038;h=184&#038;ssl=1\" srcset=\"https:\/\/i0.wp.com\/idnu.ch\/wordpress\/wp-content\/uploads\/2016\/03\/aostatal_0146.jpg?w=1400&amp;ssl=1 1400w, https:\/\/i0.wp.com\/idnu.ch\/wordpress\/wp-content\/uploads\/2016\/03\/aostatal_0146.jpg?resize=300%2C225&amp;ssl=1 300w, https:\/\/i0.wp.com\/idnu.ch\/wordpress\/wp-content\/uploads\/2016\/03\/aostatal_0146.jpg?resize=768%2C576&amp;ssl=1 768w, https:\/\/i0.wp.com\/idnu.ch\/wordpress\/wp-content\/uploads\/2016\/03\/aostatal_0146.jpg?resize=1024%2C768&amp;ssl=1 1024w, https:\/\/i0.wp.com\/idnu.ch\/wordpress\/wp-content\/uploads\/2016\/03\/aostatal_0146.jpg?resize=720%2C540&amp;ssl=1 720w, https:\/\/i0.wp.com\/idnu.ch\/wordpress\/wp-content\/uploads\/2016\/03\/aostatal_0146.jpg?resize=133%2C100&amp;ssl=1 133w\" width=\"246\" height=\"184\" loading=\"lazy\" data-original-width=\"246\" data-original-height=\"184\" itemprop=\"http:\/\/schema.org\/image\" title=\"aostatal_0146\" alt=\"aostatal_0146\" style=\"width: 246px; height: 184px;\" \/> <\/a> <\/div> <div class=\"tiled-gallery-item tiled-gallery-item-small\" itemprop=\"associatedMedia\" itemscope itemtype=\"http:\/\/schema.org\/ImageObject\"> <a href=\"https:\/\/idnu.ch\/wordpress\/skitouren-im-aostatal\/aostatal_0152\/#main\" border=\"0\" itemprop=\"url\"> <meta itemprop=\"width\" content=\"246\"> <meta itemprop=\"height\" content=\"184\"> <img decoding=\"async\" class=\"\" data-attachment-id=\"3075\" data-orig-file=\"https:\/\/idnu.ch\/wordpress\/wp-content\/uploads\/2016\/03\/aostatal_0152.jpg\" data-orig-size=\"1400,1050\" data-comments-opened=\"1\" data-image-meta=\"{&quot;aperture&quot;:&quot;0&quot;,&quot;credit&quot;:&quot;&quot;,&quot;camera&quot;:&quot;&quot;,&quot;caption&quot;:&quot;&quot;,&quot;created_timestamp&quot;:&quot;0&quot;,&quot;copyright&quot;:&quot;&quot;,&quot;focal_length&quot;:&quot;0&quot;,&quot;iso&quot;:&quot;0&quot;,&quot;shutter_speed&quot;:&quot;0&quot;,&quot;title&quot;:&quot;&quot;,&quot;orientation&quot;:&quot;0&quot;}\" data-image-title=\"aostatal_0152\" data-image-description=\"\" data-medium-file=\"https:\/\/i0.wp.com\/idnu.ch\/wordpress\/wp-content\/uploads\/2016\/03\/aostatal_0152.jpg?fit=300%2C225&#038;ssl=1\" data-large-file=\"https:\/\/i0.wp.com\/idnu.ch\/wordpress\/wp-content\/uploads\/2016\/03\/aostatal_0152.jpg?fit=750%2C563&#038;ssl=1\" src=\"https:\/\/i0.wp.com\/idnu.ch\/wordpress\/wp-content\/uploads\/2016\/03\/aostatal_0152.jpg?w=246&#038;h=184&#038;ssl=1\" srcset=\"https:\/\/i0.wp.com\/idnu.ch\/wordpress\/wp-content\/uploads\/2016\/03\/aostatal_0152.jpg?w=1400&amp;ssl=1 1400w, https:\/\/i0.wp.com\/idnu.ch\/wordpress\/wp-content\/uploads\/2016\/03\/aostatal_0152.jpg?resize=300%2C225&amp;ssl=1 300w, https:\/\/i0.wp.com\/idnu.ch\/wordpress\/wp-content\/uploads\/2016\/03\/aostatal_0152.jpg?resize=768%2C576&amp;ssl=1 768w, https:\/\/i0.wp.com\/idnu.ch\/wordpress\/wp-content\/uploads\/2016\/03\/aostatal_0152.jpg?resize=1024%2C768&amp;ssl=1 1024w, https:\/\/i0.wp.com\/idnu.ch\/wordpress\/wp-content\/uploads\/2016\/03\/aostatal_0152.jpg?resize=720%2C540&amp;ssl=1 720w, https:\/\/i0.wp.com\/idnu.ch\/wordpress\/wp-content\/uploads\/2016\/03\/aostatal_0152.jpg?resize=133%2C100&amp;ssl=1 133w\" width=\"246\" height=\"184\" loading=\"lazy\" data-original-width=\"246\" data-original-height=\"184\" itemprop=\"http:\/\/schema.org\/image\" title=\"aostatal_0152\" alt=\"aostatal_0152\" style=\"width: 246px; height: 184px;\" \/> <\/a> <\/div> <\/div> <!-- close group --> <\/div> <!-- close row --> <div class=\"gallery-row\" style=\"width: 750px; height: 342px;\" data-original-width=\"750\" data-original-height=\"342\" > <div class=\"gallery-group images-2\" style=\"width: 226px; height: 342px;\" data-original-width=\"226\" data-original-height=\"342\" > <div class=\"tiled-gallery-item tiled-gallery-item-small\" itemprop=\"associatedMedia\" itemscope itemtype=\"http:\/\/schema.org\/ImageObject\"> <a href=\"https:\/\/idnu.ch\/wordpress\/skitouren-im-aostatal\/aostatal_0156\/#main\" border=\"0\" itemprop=\"url\"> <meta itemprop=\"width\" content=\"222\"> <meta itemprop=\"height\" content=\"167\"> <img decoding=\"async\" class=\"\" data-attachment-id=\"3076\" data-orig-file=\"https:\/\/idnu.ch\/wordpress\/wp-content\/uploads\/2016\/03\/aostatal_0156.jpg\" data-orig-size=\"1400,1050\" data-comments-opened=\"1\" data-image-meta=\"{&quot;aperture&quot;:&quot;0&quot;,&quot;credit&quot;:&quot;&quot;,&quot;camera&quot;:&quot;&quot;,&quot;caption&quot;:&quot;&quot;,&quot;created_timestamp&quot;:&quot;0&quot;,&quot;copyright&quot;:&quot;&quot;,&quot;focal_length&quot;:&quot;0&quot;,&quot;iso&quot;:&quot;0&quot;,&quot;shutter_speed&quot;:&quot;0&quot;,&quot;title&quot;:&quot;&quot;,&quot;orientation&quot;:&quot;0&quot;}\" data-image-title=\"aostatal_0156\" data-image-description=\"\" data-medium-file=\"https:\/\/i0.wp.com\/idnu.ch\/wordpress\/wp-content\/uploads\/2016\/03\/aostatal_0156.jpg?fit=300%2C225&#038;ssl=1\" data-large-file=\"https:\/\/i0.wp.com\/idnu.ch\/wordpress\/wp-content\/uploads\/2016\/03\/aostatal_0156.jpg?fit=750%2C563&#038;ssl=1\" src=\"https:\/\/i0.wp.com\/idnu.ch\/wordpress\/wp-content\/uploads\/2016\/03\/aostatal_0156.jpg?w=222&#038;h=167&#038;ssl=1\" srcset=\"https:\/\/i0.wp.com\/idnu.ch\/wordpress\/wp-content\/uploads\/2016\/03\/aostatal_0156.jpg?w=1400&amp;ssl=1 1400w, https:\/\/i0.wp.com\/idnu.ch\/wordpress\/wp-content\/uploads\/2016\/03\/aostatal_0156.jpg?resize=300%2C225&amp;ssl=1 300w, https:\/\/i0.wp.com\/idnu.ch\/wordpress\/wp-content\/uploads\/2016\/03\/aostatal_0156.jpg?resize=768%2C576&amp;ssl=1 768w, https:\/\/i0.wp.com\/idnu.ch\/wordpress\/wp-content\/uploads\/2016\/03\/aostatal_0156.jpg?resize=1024%2C768&amp;ssl=1 1024w, https:\/\/i0.wp.com\/idnu.ch\/wordpress\/wp-content\/uploads\/2016\/03\/aostatal_0156.jpg?resize=720%2C540&amp;ssl=1 720w, https:\/\/i0.wp.com\/idnu.ch\/wordpress\/wp-content\/uploads\/2016\/03\/aostatal_0156.jpg?resize=133%2C100&amp;ssl=1 133w\" width=\"222\" height=\"167\" loading=\"lazy\" data-original-width=\"222\" data-original-height=\"167\" itemprop=\"http:\/\/schema.org\/image\" title=\"aostatal_0156\" alt=\"aostatal_0156\" style=\"width: 222px; height: 167px;\" \/> <\/a> <\/div> <div class=\"tiled-gallery-item tiled-gallery-item-small\" itemprop=\"associatedMedia\" itemscope itemtype=\"http:\/\/schema.org\/ImageObject\"> <a href=\"https:\/\/idnu.ch\/wordpress\/skitouren-im-aostatal\/aostatal_0158\/#main\" border=\"0\" itemprop=\"url\"> <meta itemprop=\"width\" content=\"222\"> <meta itemprop=\"height\" content=\"167\"> <img decoding=\"async\" class=\"\" data-attachment-id=\"3077\" data-orig-file=\"https:\/\/idnu.ch\/wordpress\/wp-content\/uploads\/2016\/03\/aostatal_0158.jpg\" data-orig-size=\"1400,1050\" data-comments-opened=\"1\" data-image-meta=\"{&quot;aperture&quot;:&quot;0&quot;,&quot;credit&quot;:&quot;&quot;,&quot;camera&quot;:&quot;&quot;,&quot;caption&quot;:&quot;&quot;,&quot;created_timestamp&quot;:&quot;0&quot;,&quot;copyright&quot;:&quot;&quot;,&quot;focal_length&quot;:&quot;0&quot;,&quot;iso&quot;:&quot;0&quot;,&quot;shutter_speed&quot;:&quot;0&quot;,&quot;title&quot;:&quot;&quot;,&quot;orientation&quot;:&quot;0&quot;}\" data-image-title=\"aostatal_0158\" data-image-description=\"\" data-medium-file=\"https:\/\/i0.wp.com\/idnu.ch\/wordpress\/wp-content\/uploads\/2016\/03\/aostatal_0158.jpg?fit=300%2C225&#038;ssl=1\" data-large-file=\"https:\/\/i0.wp.com\/idnu.ch\/wordpress\/wp-content\/uploads\/2016\/03\/aostatal_0158.jpg?fit=750%2C563&#038;ssl=1\" src=\"https:\/\/i0.wp.com\/idnu.ch\/wordpress\/wp-content\/uploads\/2016\/03\/aostatal_0158.jpg?w=222&#038;h=167&#038;ssl=1\" srcset=\"https:\/\/i0.wp.com\/idnu.ch\/wordpress\/wp-content\/uploads\/2016\/03\/aostatal_0158.jpg?w=1400&amp;ssl=1 1400w, https:\/\/i0.wp.com\/idnu.ch\/wordpress\/wp-content\/uploads\/2016\/03\/aostatal_0158.jpg?resize=300%2C225&amp;ssl=1 300w, https:\/\/i0.wp.com\/idnu.ch\/wordpress\/wp-content\/uploads\/2016\/03\/aostatal_0158.jpg?resize=768%2C576&amp;ssl=1 768w, https:\/\/i0.wp.com\/idnu.ch\/wordpress\/wp-content\/uploads\/2016\/03\/aostatal_0158.jpg?resize=1024%2C768&amp;ssl=1 1024w, https:\/\/i0.wp.com\/idnu.ch\/wordpress\/wp-content\/uploads\/2016\/03\/aostatal_0158.jpg?resize=720%2C540&amp;ssl=1 720w, https:\/\/i0.wp.com\/idnu.ch\/wordpress\/wp-content\/uploads\/2016\/03\/aostatal_0158.jpg?resize=133%2C100&amp;ssl=1 133w\" width=\"222\" height=\"167\" loading=\"lazy\" data-original-width=\"222\" data-original-height=\"167\" itemprop=\"http:\/\/schema.org\/image\" title=\"aostatal_0158\" alt=\"aostatal_0158\" style=\"width: 222px; height: 167px;\" \/> <\/a> <\/div> <\/div> <!-- close group --> <div class=\"gallery-group images-1\" style=\"width: 524px; height: 342px;\" data-original-width=\"524\" data-original-height=\"342\" > <div class=\"tiled-gallery-item tiled-gallery-item-large\" itemprop=\"associatedMedia\" itemscope itemtype=\"http:\/\/schema.org\/ImageObject\"> <a href=\"https:\/\/idnu.ch\/wordpress\/skitouren-im-aostatal\/aostatal_0161\/#main\" border=\"0\" itemprop=\"url\"> <meta itemprop=\"width\" content=\"520\"> <meta itemprop=\"height\" content=\"338\"> <img decoding=\"async\" class=\"\" data-attachment-id=\"3078\" data-orig-file=\"https:\/\/idnu.ch\/wordpress\/wp-content\/uploads\/2016\/03\/aostatal_0161.jpg\" data-orig-size=\"1400,910\" data-comments-opened=\"1\" data-image-meta=\"{&quot;aperture&quot;:&quot;0&quot;,&quot;credit&quot;:&quot;&quot;,&quot;camera&quot;:&quot;&quot;,&quot;caption&quot;:&quot;&quot;,&quot;created_timestamp&quot;:&quot;0&quot;,&quot;copyright&quot;:&quot;&quot;,&quot;focal_length&quot;:&quot;0&quot;,&quot;iso&quot;:&quot;0&quot;,&quot;shutter_speed&quot;:&quot;0&quot;,&quot;title&quot;:&quot;&quot;,&quot;orientation&quot;:&quot;0&quot;}\" data-image-title=\"aostatal_0161\" data-image-description=\"\" data-medium-file=\"https:\/\/i0.wp.com\/idnu.ch\/wordpress\/wp-content\/uploads\/2016\/03\/aostatal_0161.jpg?fit=300%2C195&#038;ssl=1\" data-large-file=\"https:\/\/i0.wp.com\/idnu.ch\/wordpress\/wp-content\/uploads\/2016\/03\/aostatal_0161.jpg?fit=750%2C488&#038;ssl=1\" src=\"https:\/\/i0.wp.com\/idnu.ch\/wordpress\/wp-content\/uploads\/2016\/03\/aostatal_0161.jpg?w=520&#038;h=338&#038;ssl=1\" srcset=\"https:\/\/i0.wp.com\/idnu.ch\/wordpress\/wp-content\/uploads\/2016\/03\/aostatal_0161.jpg?w=1400&amp;ssl=1 1400w, https:\/\/i0.wp.com\/idnu.ch\/wordpress\/wp-content\/uploads\/2016\/03\/aostatal_0161.jpg?resize=300%2C195&amp;ssl=1 300w, https:\/\/i0.wp.com\/idnu.ch\/wordpress\/wp-content\/uploads\/2016\/03\/aostatal_0161.jpg?resize=768%2C499&amp;ssl=1 768w, https:\/\/i0.wp.com\/idnu.ch\/wordpress\/wp-content\/uploads\/2016\/03\/aostatal_0161.jpg?resize=1024%2C666&amp;ssl=1 1024w, https:\/\/i0.wp.com\/idnu.ch\/wordpress\/wp-content\/uploads\/2016\/03\/aostatal_0161.jpg?resize=154%2C100&amp;ssl=1 154w\" width=\"520\" height=\"338\" loading=\"lazy\" data-original-width=\"520\" data-original-height=\"338\" itemprop=\"http:\/\/schema.org\/image\" title=\"aostatal_0161\" alt=\"aostatal_0161\" style=\"width: 520px; height: 338px;\" \/> <\/a> <\/div> <\/div> <!-- close group --> <\/div> <!-- close row --> <\/div>\n<h1>Das Aostatal<\/h1>\n<p>Das Aostatal liegt in der nordwestlichen Ecke von Italien und ist eine autonome Region mit Sonderstatut. Amtssprachen sind italienisch und auch franz\u00f6sisch, was mir sehr entgegenkommt, da ich Italienisch nur sehr rudiment\u00e4r beherrsche (oder eben nicht beherrsche). Das Aostatal wurde zuerst von Kelten bewohnt, bevor es von den R\u00f6mern erobert wurde. Danach herrschten nacheinander die\u00a0Burgunder, die Ostgoten, die Langobarden und die Franken. Ab dem 11. Jahrhundert geh\u00f6rte die Gegend bis 1946 zum Hause Savoyen, wenn auch mit ein paar Unterbrechungen. 1861 wurde das Tal Teil des Italienischen K\u00f6nigsreiches. Unter Mussolini wurde die Gegend, wie das S\u00fcdtirol und Walsersiedlungen auch, italianisiert und die franz\u00f6sische Sprache verboten, trotzdem wird sie zum Gl\u00fcck immer noch verstanden und gesprochen. (Quelle:\u00a0<a href=\"https:\/\/de.wikipedia.org\/wiki\/Aostatal\" target=\"_blank\" rel=\"noopener noreferrer\">https:\/\/de.wikipedia.org\/wiki\/Aostatal<\/a>)<\/p>\n<p>Das Aostatal gleicht stark dem Wallis, es ist ebenfalls ein inneralpines Trockental mit trockenen\u00a0Sommern und kalten Wintern, was die Gegend um Cogne zu einem Mekka f\u00fcr Eiskletterer macht. Der Nationalpark Gran Paradiso, der zum einen Teil in der Region Aostatal liegt, zur anderen im Piemont und an den franz\u00f6sischen Vanoise Nationalpark grenzt. Der h\u00f6chste Punkt des Nationalparkes und der Region Aostatal ist namensgebende Gran Paradiso mit 4061 Metern. (Quelle:\u00a0<a href=\"https:\/\/de.wikipedia.org\/wiki\/Nationalpark_Gran_Paradiso\" target=\"_blank\" rel=\"noopener noreferrer\">https:\/\/de.wikipedia.org\/wiki\/Nationalpark_Gran_Paradiso<\/a>).<\/p>\n<p>In Cogne ist noch eine Bergbausiedlung sichtbar. Bis 1979 wurde hier noch Magnetit abgebaut. Das Erz wurde mit Gondeln ins Tal bef\u00f6rdert, dort mit einem Zug nach Acque Fredde gefahren und dann wieder mit einer Gondelbahn nach Aosta hinunter. Nach der Einstellung des Betriebes war geplant, die Bahn touristisch zu nutzen, die Strecke wurde tourismustauglich gemacht und w\u00e4re eigentlich bereit gewesen zur Er\u00f6ffnung &#8211; bis man diverse M\u00e4ngel feststellte. Das Projekt ist seither in der Schwebe (Quelle:\u00a0<a href=\"https:\/\/westalpen.wordpress.com\/2015\/04\/21\/ferrovia-del-drinc-val-di-cogne\" target=\"_blank\" rel=\"noopener noreferrer\">https:\/\/westalpen.wordpress.com\/2015\/04\/21\/ferrovia-del-drinc-val-di-cogne<\/a>).<\/p>\n<h1>Unterk\u00fcnfte<\/h1>\n<h2>Hotel Notre Maison, Vetan<\/h2>\n<p>Das <a href=\"http:\/\/www.hotelnotremaison.com\/\" target=\"_blank\" rel=\"noopener noreferrer\">Hotel<\/a> sieht sehr exklusiv aus von aussen, ist aber sehr rustikal und heimelig. Wir f\u00fchlten uns bestens aufgehoben. Vor dem Essen pflegten wir uns\u00a0jeweils an der Bar zu treffen, die eine grosse Auswahl an Getr\u00e4nken bietet. Das Essen war gut, f\u00fcr Skitourengeher knapp ausreichend. Die Zimmer sind einfach, gen\u00fcgten aber unseren Anspr\u00fcchen vollkommen. Die Umgebung ist sehr ruhig, mit einem Ratrac wird eine Rutschbahn f\u00fcr die Kinder pr\u00e4pariert. Eine Loipe zieht die Langl\u00e4ufer an, f\u00fcr Schneeschuhl\u00e4ufer ist die Gegend ein Paradies.<\/p>\n<div class=\"tiled-gallery type-rectangular tiled-gallery-unresized\" data-original-width=\"750\" data-carousel-extra='{&quot;blog_id&quot;:1,&quot;permalink&quot;:&quot;https:\\\/\\\/idnu.ch\\\/wordpress\\\/skitouren-im-aostatal\\\/&quot;,&quot;likes_blog_id&quot;:100184974}' itemscope itemtype=\"http:\/\/schema.org\/ImageGallery\" > <div class=\"gallery-row\" style=\"width: 750px; height: 376px;\" data-original-width=\"750\" data-original-height=\"376\" > <div class=\"gallery-group images-1\" style=\"width: 500px; height: 376px;\" data-original-width=\"500\" data-original-height=\"376\" > <div class=\"tiled-gallery-item tiled-gallery-item-large\" itemprop=\"associatedMedia\" itemscope itemtype=\"http:\/\/schema.org\/ImageObject\"> <a href=\"https:\/\/idnu.ch\/wordpress\/skitouren-im-aostatal\/aostatal_0048\/#main\" border=\"0\" itemprop=\"url\"> <meta itemprop=\"width\" content=\"496\"> <meta itemprop=\"height\" content=\"372\"> <img decoding=\"async\" class=\"\" data-attachment-id=\"3079\" data-orig-file=\"https:\/\/idnu.ch\/wordpress\/wp-content\/uploads\/2016\/03\/aostatal_0048.jpg\" data-orig-size=\"1400,1050\" data-comments-opened=\"1\" data-image-meta=\"{&quot;aperture&quot;:&quot;0&quot;,&quot;credit&quot;:&quot;&quot;,&quot;camera&quot;:&quot;&quot;,&quot;caption&quot;:&quot;&quot;,&quot;created_timestamp&quot;:&quot;0&quot;,&quot;copyright&quot;:&quot;&quot;,&quot;focal_length&quot;:&quot;0&quot;,&quot;iso&quot;:&quot;0&quot;,&quot;shutter_speed&quot;:&quot;0&quot;,&quot;title&quot;:&quot;&quot;,&quot;orientation&quot;:&quot;0&quot;}\" data-image-title=\"aostatal_0048\" data-image-description=\"\" data-medium-file=\"https:\/\/i0.wp.com\/idnu.ch\/wordpress\/wp-content\/uploads\/2016\/03\/aostatal_0048.jpg?fit=300%2C225&#038;ssl=1\" data-large-file=\"https:\/\/i0.wp.com\/idnu.ch\/wordpress\/wp-content\/uploads\/2016\/03\/aostatal_0048.jpg?fit=750%2C563&#038;ssl=1\" src=\"https:\/\/i0.wp.com\/idnu.ch\/wordpress\/wp-content\/uploads\/2016\/03\/aostatal_0048.jpg?w=496&#038;h=372&#038;ssl=1\" srcset=\"https:\/\/i0.wp.com\/idnu.ch\/wordpress\/wp-content\/uploads\/2016\/03\/aostatal_0048.jpg?w=1400&amp;ssl=1 1400w, https:\/\/i0.wp.com\/idnu.ch\/wordpress\/wp-content\/uploads\/2016\/03\/aostatal_0048.jpg?resize=300%2C225&amp;ssl=1 300w, https:\/\/i0.wp.com\/idnu.ch\/wordpress\/wp-content\/uploads\/2016\/03\/aostatal_0048.jpg?resize=768%2C576&amp;ssl=1 768w, https:\/\/i0.wp.com\/idnu.ch\/wordpress\/wp-content\/uploads\/2016\/03\/aostatal_0048.jpg?resize=1024%2C768&amp;ssl=1 1024w, https:\/\/i0.wp.com\/idnu.ch\/wordpress\/wp-content\/uploads\/2016\/03\/aostatal_0048.jpg?resize=720%2C540&amp;ssl=1 720w, https:\/\/i0.wp.com\/idnu.ch\/wordpress\/wp-content\/uploads\/2016\/03\/aostatal_0048.jpg?resize=133%2C100&amp;ssl=1 133w\" width=\"496\" height=\"372\" loading=\"lazy\" data-original-width=\"496\" data-original-height=\"372\" itemprop=\"http:\/\/schema.org\/image\" title=\"aostatal_0048\" alt=\"aostatal_0048\" style=\"width: 496px; height: 372px;\" \/> <\/a> <\/div> <\/div> <!-- close group --> <div class=\"gallery-group images-2\" style=\"width: 250px; height: 376px;\" data-original-width=\"250\" data-original-height=\"376\" > <div class=\"tiled-gallery-item tiled-gallery-item-small\" itemprop=\"associatedMedia\" itemscope itemtype=\"http:\/\/schema.org\/ImageObject\"> <a href=\"https:\/\/idnu.ch\/wordpress\/skitouren-im-aostatal\/aostatal_0049\/#main\" border=\"0\" itemprop=\"url\"> <meta itemprop=\"width\" content=\"246\"> <meta itemprop=\"height\" content=\"184\"> <img decoding=\"async\" class=\"\" data-attachment-id=\"3080\" data-orig-file=\"https:\/\/idnu.ch\/wordpress\/wp-content\/uploads\/2016\/03\/aostatal_0049.jpg\" data-orig-size=\"1400,1050\" data-comments-opened=\"1\" data-image-meta=\"{&quot;aperture&quot;:&quot;0&quot;,&quot;credit&quot;:&quot;&quot;,&quot;camera&quot;:&quot;&quot;,&quot;caption&quot;:&quot;&quot;,&quot;created_timestamp&quot;:&quot;0&quot;,&quot;copyright&quot;:&quot;&quot;,&quot;focal_length&quot;:&quot;0&quot;,&quot;iso&quot;:&quot;0&quot;,&quot;shutter_speed&quot;:&quot;0&quot;,&quot;title&quot;:&quot;&quot;,&quot;orientation&quot;:&quot;0&quot;}\" data-image-title=\"aostatal_0049\" data-image-description=\"\" data-medium-file=\"https:\/\/i0.wp.com\/idnu.ch\/wordpress\/wp-content\/uploads\/2016\/03\/aostatal_0049.jpg?fit=300%2C225&#038;ssl=1\" data-large-file=\"https:\/\/i0.wp.com\/idnu.ch\/wordpress\/wp-content\/uploads\/2016\/03\/aostatal_0049.jpg?fit=750%2C563&#038;ssl=1\" src=\"https:\/\/i0.wp.com\/idnu.ch\/wordpress\/wp-content\/uploads\/2016\/03\/aostatal_0049.jpg?w=246&#038;h=184&#038;ssl=1\" srcset=\"https:\/\/i0.wp.com\/idnu.ch\/wordpress\/wp-content\/uploads\/2016\/03\/aostatal_0049.jpg?w=1400&amp;ssl=1 1400w, https:\/\/i0.wp.com\/idnu.ch\/wordpress\/wp-content\/uploads\/2016\/03\/aostatal_0049.jpg?resize=300%2C225&amp;ssl=1 300w, https:\/\/i0.wp.com\/idnu.ch\/wordpress\/wp-content\/uploads\/2016\/03\/aostatal_0049.jpg?resize=768%2C576&amp;ssl=1 768w, https:\/\/i0.wp.com\/idnu.ch\/wordpress\/wp-content\/uploads\/2016\/03\/aostatal_0049.jpg?resize=1024%2C768&amp;ssl=1 1024w, https:\/\/i0.wp.com\/idnu.ch\/wordpress\/wp-content\/uploads\/2016\/03\/aostatal_0049.jpg?resize=720%2C540&amp;ssl=1 720w, https:\/\/i0.wp.com\/idnu.ch\/wordpress\/wp-content\/uploads\/2016\/03\/aostatal_0049.jpg?resize=133%2C100&amp;ssl=1 133w\" width=\"246\" height=\"184\" loading=\"lazy\" data-original-width=\"246\" data-original-height=\"184\" itemprop=\"http:\/\/schema.org\/image\" title=\"aostatal_0049\" alt=\"aostatal_0049\" style=\"width: 246px; height: 184px;\" \/> <\/a> <\/div> <div class=\"tiled-gallery-item tiled-gallery-item-small\" itemprop=\"associatedMedia\" itemscope itemtype=\"http:\/\/schema.org\/ImageObject\"> <a href=\"https:\/\/idnu.ch\/wordpress\/skitouren-im-aostatal\/aostatal_0094\/#main\" border=\"0\" itemprop=\"url\"> <meta itemprop=\"width\" content=\"246\"> <meta itemprop=\"height\" content=\"184\"> <img decoding=\"async\" class=\"\" data-attachment-id=\"3081\" data-orig-file=\"https:\/\/idnu.ch\/wordpress\/wp-content\/uploads\/2016\/03\/aostatal_0094.jpg\" data-orig-size=\"1400,1050\" data-comments-opened=\"1\" data-image-meta=\"{&quot;aperture&quot;:&quot;0&quot;,&quot;credit&quot;:&quot;&quot;,&quot;camera&quot;:&quot;&quot;,&quot;caption&quot;:&quot;&quot;,&quot;created_timestamp&quot;:&quot;0&quot;,&quot;copyright&quot;:&quot;&quot;,&quot;focal_length&quot;:&quot;0&quot;,&quot;iso&quot;:&quot;0&quot;,&quot;shutter_speed&quot;:&quot;0&quot;,&quot;title&quot;:&quot;&quot;,&quot;orientation&quot;:&quot;0&quot;}\" data-image-title=\"aostatal_0094\" data-image-description=\"\" data-medium-file=\"https:\/\/i0.wp.com\/idnu.ch\/wordpress\/wp-content\/uploads\/2016\/03\/aostatal_0094.jpg?fit=300%2C225&#038;ssl=1\" data-large-file=\"https:\/\/i0.wp.com\/idnu.ch\/wordpress\/wp-content\/uploads\/2016\/03\/aostatal_0094.jpg?fit=750%2C563&#038;ssl=1\" src=\"https:\/\/i0.wp.com\/idnu.ch\/wordpress\/wp-content\/uploads\/2016\/03\/aostatal_0094.jpg?w=246&#038;h=184&#038;ssl=1\" srcset=\"https:\/\/i0.wp.com\/idnu.ch\/wordpress\/wp-content\/uploads\/2016\/03\/aostatal_0094.jpg?w=1400&amp;ssl=1 1400w, https:\/\/i0.wp.com\/idnu.ch\/wordpress\/wp-content\/uploads\/2016\/03\/aostatal_0094.jpg?resize=300%2C225&amp;ssl=1 300w, https:\/\/i0.wp.com\/idnu.ch\/wordpress\/wp-content\/uploads\/2016\/03\/aostatal_0094.jpg?resize=768%2C576&amp;ssl=1 768w, https:\/\/i0.wp.com\/idnu.ch\/wordpress\/wp-content\/uploads\/2016\/03\/aostatal_0094.jpg?resize=1024%2C768&amp;ssl=1 1024w, https:\/\/i0.wp.com\/idnu.ch\/wordpress\/wp-content\/uploads\/2016\/03\/aostatal_0094.jpg?resize=720%2C540&amp;ssl=1 720w, https:\/\/i0.wp.com\/idnu.ch\/wordpress\/wp-content\/uploads\/2016\/03\/aostatal_0094.jpg?resize=133%2C100&amp;ssl=1 133w\" width=\"246\" height=\"184\" loading=\"lazy\" data-original-width=\"246\" data-original-height=\"184\" itemprop=\"http:\/\/schema.org\/image\" title=\"aostatal_0094\" alt=\"aostatal_0094\" style=\"width: 246px; height: 184px;\" \/> <\/a> <\/div> <\/div> <!-- close group --> <\/div> <!-- close row --> <\/div>\n<h2>Hotel Petit Dahu, Valnontey &#8211; Cogne<\/h2>\n<p>Vom Haupttal auf 600 Meter geht es hoch durch das enge Tal nach Cogne auf 1500 Meter. Links und rechts ragen die W\u00e4nde steil hoch, nur gerade um Cogne selber \u00f6ffnet sich das Tal etwas. Um zu unserer Unterkunft zu gelangen, m\u00fcssen wir nach Valnontey, einem Weiler in einem Seitental. Hier beginnt auch der Nationalpark &#8222;Gran Paradiso&#8220;. Und hier finden wir das <a href=\"http:\/\/www.hotelpetitdahu.com\/\" target=\"_blank\" rel=\"noopener noreferrer\">Hotel Petit Dahu<\/a>. Wenn ich richtig geh\u00f6rt und \u00fcbersetzt habe, ist &#8222;Dahu&#8220; eine G\u00e4mse mit zwei kurzen und zwei langen Beinen, um besser am Hang gehen zu k\u00f6nnen. Das Hotel ist sehr klein und hat nur wenige Zimmer, ist daf\u00fcr sehr famili\u00e4r. Das Paar f\u00fchrt das Hotel alleine. Die Zimmer sind sehr klein, aber zum Schlafen reicht es allemal. Der Aufenthaltsraum ist gleichzeitig der Speisesaal und l\u00e4dt tats\u00e4chlich zum Verweilen\u00a0ein. Sofa und Sessel stehen vor einem Chemin\u00e9e, sehr gem\u00fctlich. Auch wenn der Patron wohl f\u00fcr jedes Wort bezahlen muss, so wenig wie er redet, seine K\u00fcnste in der K\u00fcche sind ausgezeichnet. Wir haben jeden Abend hervorragend gegessen, der empfohlene Wein war jedes Mal ein Treffer.<\/p>\n<div class=\"tiled-gallery type-rectangular tiled-gallery-unresized\" data-original-width=\"750\" data-carousel-extra='{&quot;blog_id&quot;:1,&quot;permalink&quot;:&quot;https:\\\/\\\/idnu.ch\\\/wordpress\\\/skitouren-im-aostatal\\\/&quot;,&quot;likes_blog_id&quot;:100184974}' itemscope itemtype=\"http:\/\/schema.org\/ImageGallery\" > <div class=\"gallery-row\" style=\"width: 750px; height: 376px;\" data-original-width=\"750\" data-original-height=\"376\" > <div class=\"gallery-group images-1\" style=\"width: 500px; height: 376px;\" data-original-width=\"500\" data-original-height=\"376\" > <div class=\"tiled-gallery-item tiled-gallery-item-large\" itemprop=\"associatedMedia\" itemscope itemtype=\"http:\/\/schema.org\/ImageObject\"> <a href=\"https:\/\/idnu.ch\/wordpress\/skitouren-im-aostatal\/aostatal_0141\/#main\" border=\"0\" itemprop=\"url\"> <meta itemprop=\"width\" content=\"496\"> <meta itemprop=\"height\" content=\"372\"> <img decoding=\"async\" class=\"\" data-attachment-id=\"3082\" data-orig-file=\"https:\/\/idnu.ch\/wordpress\/wp-content\/uploads\/2016\/03\/aostatal_0141.jpg\" data-orig-size=\"1400,1050\" data-comments-opened=\"1\" data-image-meta=\"{&quot;aperture&quot;:&quot;0&quot;,&quot;credit&quot;:&quot;&quot;,&quot;camera&quot;:&quot;&quot;,&quot;caption&quot;:&quot;&quot;,&quot;created_timestamp&quot;:&quot;0&quot;,&quot;copyright&quot;:&quot;&quot;,&quot;focal_length&quot;:&quot;0&quot;,&quot;iso&quot;:&quot;0&quot;,&quot;shutter_speed&quot;:&quot;0&quot;,&quot;title&quot;:&quot;&quot;,&quot;orientation&quot;:&quot;0&quot;}\" data-image-title=\"aostatal_0141\" data-image-description=\"\" data-medium-file=\"https:\/\/i0.wp.com\/idnu.ch\/wordpress\/wp-content\/uploads\/2016\/03\/aostatal_0141.jpg?fit=300%2C225&#038;ssl=1\" data-large-file=\"https:\/\/i0.wp.com\/idnu.ch\/wordpress\/wp-content\/uploads\/2016\/03\/aostatal_0141.jpg?fit=750%2C563&#038;ssl=1\" src=\"https:\/\/i0.wp.com\/idnu.ch\/wordpress\/wp-content\/uploads\/2016\/03\/aostatal_0141.jpg?w=496&#038;h=372&#038;ssl=1\" srcset=\"https:\/\/i0.wp.com\/idnu.ch\/wordpress\/wp-content\/uploads\/2016\/03\/aostatal_0141.jpg?w=1400&amp;ssl=1 1400w, https:\/\/i0.wp.com\/idnu.ch\/wordpress\/wp-content\/uploads\/2016\/03\/aostatal_0141.jpg?resize=300%2C225&amp;ssl=1 300w, https:\/\/i0.wp.com\/idnu.ch\/wordpress\/wp-content\/uploads\/2016\/03\/aostatal_0141.jpg?resize=768%2C576&amp;ssl=1 768w, https:\/\/i0.wp.com\/idnu.ch\/wordpress\/wp-content\/uploads\/2016\/03\/aostatal_0141.jpg?resize=1024%2C768&amp;ssl=1 1024w, https:\/\/i0.wp.com\/idnu.ch\/wordpress\/wp-content\/uploads\/2016\/03\/aostatal_0141.jpg?resize=720%2C540&amp;ssl=1 720w, https:\/\/i0.wp.com\/idnu.ch\/wordpress\/wp-content\/uploads\/2016\/03\/aostatal_0141.jpg?resize=133%2C100&amp;ssl=1 133w\" width=\"496\" height=\"372\" loading=\"lazy\" data-original-width=\"496\" data-original-height=\"372\" itemprop=\"http:\/\/schema.org\/image\" title=\"aostatal_0141\" alt=\"aostatal_0141\" style=\"width: 496px; height: 372px;\" \/> <\/a> <\/div> <\/div> <!-- close group --> <div class=\"gallery-group images-2\" style=\"width: 250px; height: 376px;\" data-original-width=\"250\" data-original-height=\"376\" > <div class=\"tiled-gallery-item tiled-gallery-item-small\" itemprop=\"associatedMedia\" itemscope itemtype=\"http:\/\/schema.org\/ImageObject\"> <a href=\"https:\/\/idnu.ch\/wordpress\/skitouren-im-aostatal\/aostatal_0142\/#main\" border=\"0\" itemprop=\"url\"> <meta itemprop=\"width\" content=\"246\"> <meta itemprop=\"height\" content=\"184\"> <img decoding=\"async\" class=\"\" data-attachment-id=\"3083\" data-orig-file=\"https:\/\/idnu.ch\/wordpress\/wp-content\/uploads\/2016\/03\/aostatal_0142.jpg\" data-orig-size=\"1400,1050\" data-comments-opened=\"1\" data-image-meta=\"{&quot;aperture&quot;:&quot;0&quot;,&quot;credit&quot;:&quot;&quot;,&quot;camera&quot;:&quot;&quot;,&quot;caption&quot;:&quot;&quot;,&quot;created_timestamp&quot;:&quot;0&quot;,&quot;copyright&quot;:&quot;&quot;,&quot;focal_length&quot;:&quot;0&quot;,&quot;iso&quot;:&quot;0&quot;,&quot;shutter_speed&quot;:&quot;0&quot;,&quot;title&quot;:&quot;&quot;,&quot;orientation&quot;:&quot;0&quot;}\" data-image-title=\"aostatal_0142\" data-image-description=\"\" data-medium-file=\"https:\/\/i0.wp.com\/idnu.ch\/wordpress\/wp-content\/uploads\/2016\/03\/aostatal_0142.jpg?fit=300%2C225&#038;ssl=1\" data-large-file=\"https:\/\/i0.wp.com\/idnu.ch\/wordpress\/wp-content\/uploads\/2016\/03\/aostatal_0142.jpg?fit=750%2C563&#038;ssl=1\" src=\"https:\/\/i0.wp.com\/idnu.ch\/wordpress\/wp-content\/uploads\/2016\/03\/aostatal_0142.jpg?w=246&#038;h=184&#038;ssl=1\" srcset=\"https:\/\/i0.wp.com\/idnu.ch\/wordpress\/wp-content\/uploads\/2016\/03\/aostatal_0142.jpg?w=1400&amp;ssl=1 1400w, https:\/\/i0.wp.com\/idnu.ch\/wordpress\/wp-content\/uploads\/2016\/03\/aostatal_0142.jpg?resize=300%2C225&amp;ssl=1 300w, https:\/\/i0.wp.com\/idnu.ch\/wordpress\/wp-content\/uploads\/2016\/03\/aostatal_0142.jpg?resize=768%2C576&amp;ssl=1 768w, https:\/\/i0.wp.com\/idnu.ch\/wordpress\/wp-content\/uploads\/2016\/03\/aostatal_0142.jpg?resize=1024%2C768&amp;ssl=1 1024w, https:\/\/i0.wp.com\/idnu.ch\/wordpress\/wp-content\/uploads\/2016\/03\/aostatal_0142.jpg?resize=720%2C540&amp;ssl=1 720w, https:\/\/i0.wp.com\/idnu.ch\/wordpress\/wp-content\/uploads\/2016\/03\/aostatal_0142.jpg?resize=133%2C100&amp;ssl=1 133w\" width=\"246\" height=\"184\" loading=\"lazy\" data-original-width=\"246\" data-original-height=\"184\" itemprop=\"http:\/\/schema.org\/image\" title=\"aostatal_0142\" alt=\"aostatal_0142\" style=\"width: 246px; height: 184px;\" \/> <\/a> <\/div> <div class=\"tiled-gallery-item tiled-gallery-item-small\" itemprop=\"associatedMedia\" itemscope itemtype=\"http:\/\/schema.org\/ImageObject\"> <a href=\"https:\/\/idnu.ch\/wordpress\/skitouren-im-aostatal\/aostatal_0144\/#main\" border=\"0\" itemprop=\"url\"> <meta itemprop=\"width\" content=\"246\"> <meta itemprop=\"height\" content=\"184\"> <img decoding=\"async\" class=\"\" data-attachment-id=\"3084\" data-orig-file=\"https:\/\/idnu.ch\/wordpress\/wp-content\/uploads\/2016\/03\/aostatal_0144.jpg\" data-orig-size=\"1400,1050\" data-comments-opened=\"1\" data-image-meta=\"{&quot;aperture&quot;:&quot;0&quot;,&quot;credit&quot;:&quot;&quot;,&quot;camera&quot;:&quot;&quot;,&quot;caption&quot;:&quot;&quot;,&quot;created_timestamp&quot;:&quot;0&quot;,&quot;copyright&quot;:&quot;&quot;,&quot;focal_length&quot;:&quot;0&quot;,&quot;iso&quot;:&quot;0&quot;,&quot;shutter_speed&quot;:&quot;0&quot;,&quot;title&quot;:&quot;&quot;,&quot;orientation&quot;:&quot;0&quot;}\" data-image-title=\"aostatal_0144\" data-image-description=\"\" data-medium-file=\"https:\/\/i0.wp.com\/idnu.ch\/wordpress\/wp-content\/uploads\/2016\/03\/aostatal_0144.jpg?fit=300%2C225&#038;ssl=1\" data-large-file=\"https:\/\/i0.wp.com\/idnu.ch\/wordpress\/wp-content\/uploads\/2016\/03\/aostatal_0144.jpg?fit=750%2C563&#038;ssl=1\" src=\"https:\/\/i0.wp.com\/idnu.ch\/wordpress\/wp-content\/uploads\/2016\/03\/aostatal_0144.jpg?w=246&#038;h=184&#038;ssl=1\" srcset=\"https:\/\/i0.wp.com\/idnu.ch\/wordpress\/wp-content\/uploads\/2016\/03\/aostatal_0144.jpg?w=1400&amp;ssl=1 1400w, https:\/\/i0.wp.com\/idnu.ch\/wordpress\/wp-content\/uploads\/2016\/03\/aostatal_0144.jpg?resize=300%2C225&amp;ssl=1 300w, https:\/\/i0.wp.com\/idnu.ch\/wordpress\/wp-content\/uploads\/2016\/03\/aostatal_0144.jpg?resize=768%2C576&amp;ssl=1 768w, https:\/\/i0.wp.com\/idnu.ch\/wordpress\/wp-content\/uploads\/2016\/03\/aostatal_0144.jpg?resize=1024%2C768&amp;ssl=1 1024w, https:\/\/i0.wp.com\/idnu.ch\/wordpress\/wp-content\/uploads\/2016\/03\/aostatal_0144.jpg?resize=720%2C540&amp;ssl=1 720w, https:\/\/i0.wp.com\/idnu.ch\/wordpress\/wp-content\/uploads\/2016\/03\/aostatal_0144.jpg?resize=133%2C100&amp;ssl=1 133w\" width=\"246\" height=\"184\" loading=\"lazy\" data-original-width=\"246\" data-original-height=\"184\" itemprop=\"http:\/\/schema.org\/image\" title=\"aostatal_0144\" alt=\"aostatal_0144\" style=\"width: 246px; height: 184px;\" \/> <\/a> <\/div> <\/div> <!-- close group --> <\/div> <!-- close row --> <\/div>\n<p>Auf Flickr gibt es noch mehr Fotos:\u00a0<a href=\"https:\/\/flic.kr\/s\/aHskwcj7T3\" target=\"_blank\" rel=\"noopener noreferrer\">https:\/\/flic.kr\/s\/aHskwcj7T3<\/a><\/p>\n","protected":false},"excerpt":{"rendered":"<p>Wieder mal auf eine ganze Woche auf Skitouren gehen. Und ins Ausland. Na&#8230;<\/p>\n","protected":false},"author":2,"featured_media":3037,"comment_status":"open","ping_status":"open","sticky":false,"template":"","format":"standard","meta":{"_monsterinsights_skip_tracking":false,"_monsterinsights_sitenote_active":false,"_monsterinsights_sitenote_note":"","_monsterinsights_sitenote_category":0,"jetpack_post_was_ever_published":false,"_jetpack_newsletter_access":"","_jetpack_dont_email_post_to_subs":false,"_jetpack_newsletter_tier_id":0,"_jetpack_memberships_contains_paywalled_content":false,"_jetpack_memberships_contains_paid_content":false,"footnotes":"","jetpack_publicize_message":"","jetpack_publicize_feature_enabled":true,"jetpack_social_post_already_shared":true,"jetpack_social_options":{"image_generator_settings":{"template":"highway","default_image_id":0,"font":"","enabled":false},"version":2}},"categories":[780,8],"tags":[414,784,781,368,782,416,380,473,948,783],"class_list":["post-2991","post","type-post","status-publish","format-standard","has-post-thumbnail","hentry","category-italien","category-winter","tag-alpen","tag-aosta","tag-aostatal","tag-berge","tag-cogne","tag-gipfel","tag-sac-homberg","tag-skitouren","tag-skitourenwoche","tag-vetan"],"geo":{"latitude":45.7334823999999997568011167459189891815185546875,"longitude":7.20512149999999973459807733888737857341766357421875,"description":"Chesallet Sarre, Valle D'Aosta, 11010, IT"},"yoast_head":"<!-- This site is optimized with the Yoast SEO plugin v27.4 - https:\/\/yoast.com\/product\/yoast-seo-wordpress\/ -->\n<title>Skitouren im Aostatal - In der Natur unterwegs<\/title>\n<meta name=\"description\" content=\"Der SAC Homberg war auf Skitouren im Aostatal, welches unz\u00e4hlige M\u00f6glichkeiten bietet, von einfach bis schwer. Wir konzentrierten uns auf die eher einfachen.\" \/>\n<meta name=\"robots\" content=\"index, follow, max-snippet:-1, max-image-preview:large, max-video-preview:-1\" \/>\n<link rel=\"canonical\" href=\"https:\/\/idnu.ch\/wordpress\/skitouren-im-aostatal\/\" \/>\n<meta property=\"og:locale\" content=\"de_DE\" \/>\n<meta property=\"og:type\" content=\"article\" \/>\n<meta property=\"og:title\" content=\"Skitouren im Aostatal - In der Natur unterwegs\" \/>\n<meta property=\"og:description\" content=\"Der SAC Homberg war auf Skitouren im Aostatal, welches unz\u00e4hlige M\u00f6glichkeiten bietet, von einfach bis schwer. Wir konzentrierten uns auf die eher einfachen.\" \/>\n<meta property=\"og:url\" content=\"https:\/\/idnu.ch\/wordpress\/skitouren-im-aostatal\/\" \/>\n<meta property=\"og:site_name\" content=\"In der Natur unterwegs\" \/>\n<meta property=\"article:published_time\" content=\"2016-03-07T15:01:40+00:00\" \/>\n<meta property=\"article:modified_time\" content=\"2022-01-27T09:18:01+00:00\" \/>\n<meta property=\"og:image\" content=\"https:\/\/idnu.ch\/wordpress\/wp-content\/uploads\/2016\/03\/aostatal_0070.jpg\" \/>\n\t<meta property=\"og:image:width\" content=\"1400\" \/>\n\t<meta property=\"og:image:height\" content=\"1050\" \/>\n\t<meta property=\"og:image:type\" content=\"image\/jpeg\" \/>\n<meta name=\"author\" content=\"Urs Kyburz\" \/>\n<meta name=\"twitter:card\" content=\"summary_large_image\" \/>\n<meta name=\"twitter:creator\" content=\"@idnu_ch\" \/>\n<meta name=\"twitter:site\" content=\"@idnu_ch\" \/>\n<meta name=\"twitter:label1\" content=\"Verfasst von\" \/>\n\t<meta name=\"twitter:data1\" content=\"Urs Kyburz\" \/>\n\t<meta name=\"twitter:label2\" content=\"Gesch\u00e4tzte Lesezeit\" \/>\n\t<meta name=\"twitter:data2\" content=\"21\u00a0Minuten\" \/>\n<script type=\"application\/ld+json\" class=\"yoast-schema-graph\">{\"@context\":\"https:\\\/\\\/schema.org\",\"@graph\":[{\"@type\":\"Article\",\"@id\":\"https:\\\/\\\/idnu.ch\\\/wordpress\\\/skitouren-im-aostatal\\\/#article\",\"isPartOf\":{\"@id\":\"https:\\\/\\\/idnu.ch\\\/wordpress\\\/skitouren-im-aostatal\\\/\"},\"author\":{\"name\":\"Urs Kyburz\",\"@id\":\"https:\\\/\\\/idnu.ch\\\/wordpress\\\/#\\\/schema\\\/person\\\/1ab8c5de743be7b019272124c19ad351\"},\"headline\":\"Skitouren im Aostatal\",\"datePublished\":\"2016-03-07T15:01:40+00:00\",\"dateModified\":\"2022-01-27T09:18:01+00:00\",\"mainEntityOfPage\":{\"@id\":\"https:\\\/\\\/idnu.ch\\\/wordpress\\\/skitouren-im-aostatal\\\/\"},\"wordCount\":3948,\"commentCount\":1,\"publisher\":{\"@id\":\"https:\\\/\\\/idnu.ch\\\/wordpress\\\/#\\\/schema\\\/person\\\/1ab8c5de743be7b019272124c19ad351\"},\"image\":{\"@id\":\"https:\\\/\\\/idnu.ch\\\/wordpress\\\/skitouren-im-aostatal\\\/#primaryimage\"},\"thumbnailUrl\":\"https:\\\/\\\/i0.wp.com\\\/idnu.ch\\\/wordpress\\\/wp-content\\\/uploads\\\/2016\\\/03\\\/aostatal_0070.jpg?fit=1400%2C1050&ssl=1\",\"keywords\":[\"Alpen\",\"Aosta\",\"Aostatal\",\"Berge\",\"Cogne\",\"Gipfel\",\"SAC Homberg\",\"Skitouren\",\"Skitourenwoche\",\"Vetan\"],\"articleSection\":[\"Italien\",\"Winter\"],\"inLanguage\":\"de\",\"potentialAction\":[{\"@type\":\"CommentAction\",\"name\":\"Comment\",\"target\":[\"https:\\\/\\\/idnu.ch\\\/wordpress\\\/skitouren-im-aostatal\\\/#respond\"]}]},{\"@type\":\"WebPage\",\"@id\":\"https:\\\/\\\/idnu.ch\\\/wordpress\\\/skitouren-im-aostatal\\\/\",\"url\":\"https:\\\/\\\/idnu.ch\\\/wordpress\\\/skitouren-im-aostatal\\\/\",\"name\":\"Skitouren im Aostatal - In der Natur unterwegs\",\"isPartOf\":{\"@id\":\"https:\\\/\\\/idnu.ch\\\/wordpress\\\/#website\"},\"primaryImageOfPage\":{\"@id\":\"https:\\\/\\\/idnu.ch\\\/wordpress\\\/skitouren-im-aostatal\\\/#primaryimage\"},\"image\":{\"@id\":\"https:\\\/\\\/idnu.ch\\\/wordpress\\\/skitouren-im-aostatal\\\/#primaryimage\"},\"thumbnailUrl\":\"https:\\\/\\\/i0.wp.com\\\/idnu.ch\\\/wordpress\\\/wp-content\\\/uploads\\\/2016\\\/03\\\/aostatal_0070.jpg?fit=1400%2C1050&ssl=1\",\"datePublished\":\"2016-03-07T15:01:40+00:00\",\"dateModified\":\"2022-01-27T09:18:01+00:00\",\"description\":\"Der SAC Homberg war auf Skitouren im Aostatal, welches unz\u00e4hlige M\u00f6glichkeiten bietet, von einfach bis schwer. Wir konzentrierten uns auf die eher einfachen.\",\"breadcrumb\":{\"@id\":\"https:\\\/\\\/idnu.ch\\\/wordpress\\\/skitouren-im-aostatal\\\/#breadcrumb\"},\"inLanguage\":\"de\",\"potentialAction\":[{\"@type\":\"ReadAction\",\"target\":[\"https:\\\/\\\/idnu.ch\\\/wordpress\\\/skitouren-im-aostatal\\\/\"]}]},{\"@type\":\"ImageObject\",\"inLanguage\":\"de\",\"@id\":\"https:\\\/\\\/idnu.ch\\\/wordpress\\\/skitouren-im-aostatal\\\/#primaryimage\",\"url\":\"https:\\\/\\\/i0.wp.com\\\/idnu.ch\\\/wordpress\\\/wp-content\\\/uploads\\\/2016\\\/03\\\/aostatal_0070.jpg?fit=1400%2C1050&ssl=1\",\"contentUrl\":\"https:\\\/\\\/i0.wp.com\\\/idnu.ch\\\/wordpress\\\/wp-content\\\/uploads\\\/2016\\\/03\\\/aostatal_0070.jpg?fit=1400%2C1050&ssl=1\",\"width\":1400,\"height\":1050},{\"@type\":\"BreadcrumbList\",\"@id\":\"https:\\\/\\\/idnu.ch\\\/wordpress\\\/skitouren-im-aostatal\\\/#breadcrumb\",\"itemListElement\":[{\"@type\":\"ListItem\",\"position\":1,\"name\":\"Startseite\",\"item\":\"https:\\\/\\\/idnu.ch\\\/wordpress\\\/\"},{\"@type\":\"ListItem\",\"position\":2,\"name\":\"Skitouren im Aostatal\"}]},{\"@type\":\"WebSite\",\"@id\":\"https:\\\/\\\/idnu.ch\\\/wordpress\\\/#website\",\"url\":\"https:\\\/\\\/idnu.ch\\\/wordpress\\\/\",\"name\":\"In der Natur unterwegs\",\"description\":\"Dort, wo es am sch\u00f6nsten ist\",\"publisher\":{\"@id\":\"https:\\\/\\\/idnu.ch\\\/wordpress\\\/#\\\/schema\\\/person\\\/1ab8c5de743be7b019272124c19ad351\"},\"potentialAction\":[{\"@type\":\"SearchAction\",\"target\":{\"@type\":\"EntryPoint\",\"urlTemplate\":\"https:\\\/\\\/idnu.ch\\\/wordpress\\\/?s={search_term_string}\"},\"query-input\":{\"@type\":\"PropertyValueSpecification\",\"valueRequired\":true,\"valueName\":\"search_term_string\"}}],\"inLanguage\":\"de\"},{\"@type\":[\"Person\",\"Organization\"],\"@id\":\"https:\\\/\\\/idnu.ch\\\/wordpress\\\/#\\\/schema\\\/person\\\/1ab8c5de743be7b019272124c19ad351\",\"name\":\"Urs Kyburz\",\"image\":{\"@type\":\"ImageObject\",\"inLanguage\":\"de\",\"@id\":\"https:\\\/\\\/i0.wp.com\\\/idnu.ch\\\/wordpress\\\/wp-content\\\/uploads\\\/2016\\\/02\\\/logo_150x165.gif?fit=3151%2C3456&ssl=1\",\"url\":\"https:\\\/\\\/i0.wp.com\\\/idnu.ch\\\/wordpress\\\/wp-content\\\/uploads\\\/2016\\\/02\\\/logo_150x165.gif?fit=3151%2C3456&ssl=1\",\"contentUrl\":\"https:\\\/\\\/i0.wp.com\\\/idnu.ch\\\/wordpress\\\/wp-content\\\/uploads\\\/2016\\\/02\\\/logo_150x165.gif?fit=3151%2C3456&ssl=1\",\"width\":3151,\"height\":3456,\"caption\":\"Urs Kyburz\"},\"logo\":{\"@id\":\"https:\\\/\\\/i0.wp.com\\\/idnu.ch\\\/wordpress\\\/wp-content\\\/uploads\\\/2016\\\/02\\\/logo_150x165.gif?fit=3151%2C3456&ssl=1\"}}]}<\/script>\n<!-- \/ Yoast SEO plugin. -->","yoast_head_json":{"title":"Skitouren im Aostatal - In der Natur unterwegs","description":"Der SAC Homberg war auf Skitouren im Aostatal, welches unz\u00e4hlige M\u00f6glichkeiten bietet, von einfach bis schwer. Wir konzentrierten uns auf die eher einfachen.","robots":{"index":"index","follow":"follow","max-snippet":"max-snippet:-1","max-image-preview":"max-image-preview:large","max-video-preview":"max-video-preview:-1"},"canonical":"https:\/\/idnu.ch\/wordpress\/skitouren-im-aostatal\/","og_locale":"de_DE","og_type":"article","og_title":"Skitouren im Aostatal - In der Natur unterwegs","og_description":"Der SAC Homberg war auf Skitouren im Aostatal, welches unz\u00e4hlige M\u00f6glichkeiten bietet, von einfach bis schwer. Wir konzentrierten uns auf die eher einfachen.","og_url":"https:\/\/idnu.ch\/wordpress\/skitouren-im-aostatal\/","og_site_name":"In der Natur unterwegs","article_published_time":"2016-03-07T15:01:40+00:00","article_modified_time":"2022-01-27T09:18:01+00:00","og_image":[{"width":1400,"height":1050,"url":"https:\/\/idnu.ch\/wordpress\/wp-content\/uploads\/2016\/03\/aostatal_0070.jpg","type":"image\/jpeg"}],"author":"Urs Kyburz","twitter_card":"summary_large_image","twitter_creator":"@idnu_ch","twitter_site":"@idnu_ch","twitter_misc":{"Verfasst von":"Urs Kyburz","Gesch\u00e4tzte Lesezeit":"21\u00a0Minuten"},"schema":{"@context":"https:\/\/schema.org","@graph":[{"@type":"Article","@id":"https:\/\/idnu.ch\/wordpress\/skitouren-im-aostatal\/#article","isPartOf":{"@id":"https:\/\/idnu.ch\/wordpress\/skitouren-im-aostatal\/"},"author":{"name":"Urs Kyburz","@id":"https:\/\/idnu.ch\/wordpress\/#\/schema\/person\/1ab8c5de743be7b019272124c19ad351"},"headline":"Skitouren im Aostatal","datePublished":"2016-03-07T15:01:40+00:00","dateModified":"2022-01-27T09:18:01+00:00","mainEntityOfPage":{"@id":"https:\/\/idnu.ch\/wordpress\/skitouren-im-aostatal\/"},"wordCount":3948,"commentCount":1,"publisher":{"@id":"https:\/\/idnu.ch\/wordpress\/#\/schema\/person\/1ab8c5de743be7b019272124c19ad351"},"image":{"@id":"https:\/\/idnu.ch\/wordpress\/skitouren-im-aostatal\/#primaryimage"},"thumbnailUrl":"https:\/\/i0.wp.com\/idnu.ch\/wordpress\/wp-content\/uploads\/2016\/03\/aostatal_0070.jpg?fit=1400%2C1050&ssl=1","keywords":["Alpen","Aosta","Aostatal","Berge","Cogne","Gipfel","SAC Homberg","Skitouren","Skitourenwoche","Vetan"],"articleSection":["Italien","Winter"],"inLanguage":"de","potentialAction":[{"@type":"CommentAction","name":"Comment","target":["https:\/\/idnu.ch\/wordpress\/skitouren-im-aostatal\/#respond"]}]},{"@type":"WebPage","@id":"https:\/\/idnu.ch\/wordpress\/skitouren-im-aostatal\/","url":"https:\/\/idnu.ch\/wordpress\/skitouren-im-aostatal\/","name":"Skitouren im Aostatal - In der Natur unterwegs","isPartOf":{"@id":"https:\/\/idnu.ch\/wordpress\/#website"},"primaryImageOfPage":{"@id":"https:\/\/idnu.ch\/wordpress\/skitouren-im-aostatal\/#primaryimage"},"image":{"@id":"https:\/\/idnu.ch\/wordpress\/skitouren-im-aostatal\/#primaryimage"},"thumbnailUrl":"https:\/\/i0.wp.com\/idnu.ch\/wordpress\/wp-content\/uploads\/2016\/03\/aostatal_0070.jpg?fit=1400%2C1050&ssl=1","datePublished":"2016-03-07T15:01:40+00:00","dateModified":"2022-01-27T09:18:01+00:00","description":"Der SAC Homberg war auf Skitouren im Aostatal, welches unz\u00e4hlige M\u00f6glichkeiten bietet, von einfach bis schwer. Wir konzentrierten uns auf die eher einfachen.","breadcrumb":{"@id":"https:\/\/idnu.ch\/wordpress\/skitouren-im-aostatal\/#breadcrumb"},"inLanguage":"de","potentialAction":[{"@type":"ReadAction","target":["https:\/\/idnu.ch\/wordpress\/skitouren-im-aostatal\/"]}]},{"@type":"ImageObject","inLanguage":"de","@id":"https:\/\/idnu.ch\/wordpress\/skitouren-im-aostatal\/#primaryimage","url":"https:\/\/i0.wp.com\/idnu.ch\/wordpress\/wp-content\/uploads\/2016\/03\/aostatal_0070.jpg?fit=1400%2C1050&ssl=1","contentUrl":"https:\/\/i0.wp.com\/idnu.ch\/wordpress\/wp-content\/uploads\/2016\/03\/aostatal_0070.jpg?fit=1400%2C1050&ssl=1","width":1400,"height":1050},{"@type":"BreadcrumbList","@id":"https:\/\/idnu.ch\/wordpress\/skitouren-im-aostatal\/#breadcrumb","itemListElement":[{"@type":"ListItem","position":1,"name":"Startseite","item":"https:\/\/idnu.ch\/wordpress\/"},{"@type":"ListItem","position":2,"name":"Skitouren im Aostatal"}]},{"@type":"WebSite","@id":"https:\/\/idnu.ch\/wordpress\/#website","url":"https:\/\/idnu.ch\/wordpress\/","name":"In der Natur unterwegs","description":"Dort, wo es am sch\u00f6nsten ist","publisher":{"@id":"https:\/\/idnu.ch\/wordpress\/#\/schema\/person\/1ab8c5de743be7b019272124c19ad351"},"potentialAction":[{"@type":"SearchAction","target":{"@type":"EntryPoint","urlTemplate":"https:\/\/idnu.ch\/wordpress\/?s={search_term_string}"},"query-input":{"@type":"PropertyValueSpecification","valueRequired":true,"valueName":"search_term_string"}}],"inLanguage":"de"},{"@type":["Person","Organization"],"@id":"https:\/\/idnu.ch\/wordpress\/#\/schema\/person\/1ab8c5de743be7b019272124c19ad351","name":"Urs Kyburz","image":{"@type":"ImageObject","inLanguage":"de","@id":"https:\/\/i0.wp.com\/idnu.ch\/wordpress\/wp-content\/uploads\/2016\/02\/logo_150x165.gif?fit=3151%2C3456&ssl=1","url":"https:\/\/i0.wp.com\/idnu.ch\/wordpress\/wp-content\/uploads\/2016\/02\/logo_150x165.gif?fit=3151%2C3456&ssl=1","contentUrl":"https:\/\/i0.wp.com\/idnu.ch\/wordpress\/wp-content\/uploads\/2016\/02\/logo_150x165.gif?fit=3151%2C3456&ssl=1","width":3151,"height":3456,"caption":"Urs Kyburz"},"logo":{"@id":"https:\/\/i0.wp.com\/idnu.ch\/wordpress\/wp-content\/uploads\/2016\/02\/logo_150x165.gif?fit=3151%2C3456&ssl=1"}}]}},"jetpack_publicize_connections":[],"jetpack_featured_media_url":"https:\/\/i0.wp.com\/idnu.ch\/wordpress\/wp-content\/uploads\/2016\/03\/aostatal_0070.jpg?fit=1400%2C1050&ssl=1","jetpack_sharing_enabled":true,"jetpack_shortlink":"https:\/\/wp.me\/p6MmGG-Mf","jetpack-related-posts":[{"id":219,"url":"https:\/\/idnu.ch\/wordpress\/rueckblick-auf-das-tourenjahr-2012\/","url_meta":{"origin":2991,"position":0},"title":"R\u00fcckblick auf das Tourenjahr 2012","author":"Urs Kyburz","date":"31. Dezember 2012","format":"gallery","excerpt":"Es ja jetzt gerade Mode, R\u00fcckschau zu halten. Dem will ich mich nicht verschliessen und zeige ein paar Impressionen von unserem Tourenjahr. Die erste Skitour unserer Jungs anfangs Januar mit dem\u00a0SAC Homberg. Ende Januar\/anfangs Februar waren wir auf der Melchsee-Frutt in den Ferien. Das Wochenende nach den Ferien unternahmen wir\u2026","rel":"","context":"In &quot;Aargau&quot;","block_context":{"text":"Aargau","link":"https:\/\/idnu.ch\/wordpress\/category\/kanton\/aargau\/"},"img":{"alt_text":"","src":"https:\/\/i0.wp.com\/idnu.ch\/wordpress\/wp-content\/uploads\/2012\/12\/wallis-2.jpg?fit=1200%2C800&ssl=1&resize=350%2C200","width":350,"height":200,"srcset":"https:\/\/i0.wp.com\/idnu.ch\/wordpress\/wp-content\/uploads\/2012\/12\/wallis-2.jpg?fit=1200%2C800&ssl=1&resize=350%2C200 1x, https:\/\/i0.wp.com\/idnu.ch\/wordpress\/wp-content\/uploads\/2012\/12\/wallis-2.jpg?fit=1200%2C800&ssl=1&resize=525%2C300 1.5x, https:\/\/i0.wp.com\/idnu.ch\/wordpress\/wp-content\/uploads\/2012\/12\/wallis-2.jpg?fit=1200%2C800&ssl=1&resize=700%2C400 2x, https:\/\/i0.wp.com\/idnu.ch\/wordpress\/wp-content\/uploads\/2012\/12\/wallis-2.jpg?fit=1200%2C800&ssl=1&resize=1050%2C600 3x"},"classes":[]},{"id":113,"url":"https:\/\/idnu.ch\/wordpress\/familienskitour-in-soerenberg\/","url_meta":{"origin":2991,"position":1},"title":"Familienskitour in S\u00f6renberg","author":"Urs Kyburz","date":"24. Februar 2015","format":false,"excerpt":"Der SAC Homberg, genauer meine Frau, organisierte eine Skitour, speziell ausgerichtet auf Familien. Da boten sich die 600 H\u00f6henmeter von S\u00f6renberg auf die Heimegg an, einem Grat. Die untere H\u00e4lfte der Tour befand sich auf luzernischem Boden, die obere auf Obwaldner Gebiet. Schwierigkeiten bot die Tour keine, ausser dass es\u2026","rel":"","context":"In &quot;Luzern&quot;","block_context":{"text":"Luzern","link":"https:\/\/idnu.ch\/wordpress\/category\/kanton\/luzern\/"},"img":{"alt_text":"Skitoure S\u00f6renberg","src":"https:\/\/i0.wp.com\/idnu.ch\/wordpress\/wp-content\/uploads\/2015\/02\/s%C3%B6renberg_0029.jpg?fit=1024%2C683&ssl=1&resize=350%2C200","width":350,"height":200,"srcset":"https:\/\/i0.wp.com\/idnu.ch\/wordpress\/wp-content\/uploads\/2015\/02\/s%C3%B6renberg_0029.jpg?fit=1024%2C683&ssl=1&resize=350%2C200 1x, https:\/\/i0.wp.com\/idnu.ch\/wordpress\/wp-content\/uploads\/2015\/02\/s%C3%B6renberg_0029.jpg?fit=1024%2C683&ssl=1&resize=525%2C300 1.5x, https:\/\/i0.wp.com\/idnu.ch\/wordpress\/wp-content\/uploads\/2015\/02\/s%C3%B6renberg_0029.jpg?fit=1024%2C683&ssl=1&resize=700%2C400 2x"},"classes":[]},{"id":6819,"url":"https:\/\/idnu.ch\/wordpress\/auf-skitouren-mit-kindern-wie-es-weiter-geht\/","url_meta":{"origin":2991,"position":2},"title":"Auf Skitouren mit Kindern &#8211; wie es weiter geht","author":"Urs Kyburz","date":"10. Januar 2017","format":false,"excerpt":"Vor bald vier Jahren habe ich bereits einen Post \u00fcber das Skitourengehen mit Kindern verfasst (Skitouren mit Kindern). Inzwischen haben wir einiges an Erfahrung gesammelt, die Kinder sind solide Skitoureng\u00e4nger geworden und haben Freude daran. Kinder motivieren Wie immer bei anstrengenden T\u00e4tigkeiten ist das Motivieren das A und O, das\u2026","rel":"","context":"In &quot;Tipps &amp; Tricks&quot;","block_context":{"text":"Tipps &amp; Tricks","link":"https:\/\/idnu.ch\/wordpress\/category\/tipps_tricks\/"},"img":{"alt_text":"Mit der richtigen Ausr\u00fcstung haben Kinder auf Skitouren Spass","src":"https:\/\/i0.wp.com\/idnu.ch\/wordpress\/wp-content\/uploads\/2016\/04\/skitouren_0001.jpg?fit=1200%2C800&ssl=1&resize=350%2C200","width":350,"height":200,"srcset":"https:\/\/i0.wp.com\/idnu.ch\/wordpress\/wp-content\/uploads\/2016\/04\/skitouren_0001.jpg?fit=1200%2C800&ssl=1&resize=350%2C200 1x, https:\/\/i0.wp.com\/idnu.ch\/wordpress\/wp-content\/uploads\/2016\/04\/skitouren_0001.jpg?fit=1200%2C800&ssl=1&resize=525%2C300 1.5x, https:\/\/i0.wp.com\/idnu.ch\/wordpress\/wp-content\/uploads\/2016\/04\/skitouren_0001.jpg?fit=1200%2C800&ssl=1&resize=700%2C400 2x, https:\/\/i0.wp.com\/idnu.ch\/wordpress\/wp-content\/uploads\/2016\/04\/skitouren_0001.jpg?fit=1200%2C800&ssl=1&resize=1050%2C600 3x"},"classes":[]},{"id":27313,"url":"https:\/\/idnu.ch\/wordpress\/abwechslungsreicher-schnee-am-arnihaaggen\/","url_meta":{"origin":2991,"position":3},"title":"Abwechslungsreicher Schnee am Arnihaaggen","author":"Urs Kyburz","date":"8. M\u00e4rz 2025","format":false,"excerpt":"Sonne war angesagt an diesem ersten Sonntag im M\u00e4rz, Schnee war noch da. Ideal, um eine Skitour zu unternehmen mit dem SAC Homberg. So genossen wir abwechslungsreichen Schnee am Arnihaaggen bei S\u00f6renberg.\u00a0 Familiensache Neun Mitglieder des SAC Homberg treffen sich um halb acht zuhinterst in S\u00f6renberg. Dass f\u00fcnf davon miteinander\u2026","rel":"","context":"In &quot;Luzern&quot;","block_context":{"text":"Luzern","link":"https:\/\/idnu.ch\/wordpress\/category\/kanton\/luzern\/"},"img":{"alt_text":"","src":"https:\/\/i0.wp.com\/idnu.ch\/wordpress\/wp-content\/uploads\/2025\/03\/arnihaaggen-20250302-16-Bearbeitet.jpg?fit=1200%2C675&ssl=1&resize=350%2C200","width":350,"height":200,"srcset":"https:\/\/i0.wp.com\/idnu.ch\/wordpress\/wp-content\/uploads\/2025\/03\/arnihaaggen-20250302-16-Bearbeitet.jpg?fit=1200%2C675&ssl=1&resize=350%2C200 1x, https:\/\/i0.wp.com\/idnu.ch\/wordpress\/wp-content\/uploads\/2025\/03\/arnihaaggen-20250302-16-Bearbeitet.jpg?fit=1200%2C675&ssl=1&resize=525%2C300 1.5x, https:\/\/i0.wp.com\/idnu.ch\/wordpress\/wp-content\/uploads\/2025\/03\/arnihaaggen-20250302-16-Bearbeitet.jpg?fit=1200%2C675&ssl=1&resize=700%2C400 2x, https:\/\/i0.wp.com\/idnu.ch\/wordpress\/wp-content\/uploads\/2025\/03\/arnihaaggen-20250302-16-Bearbeitet.jpg?fit=1200%2C675&ssl=1&resize=1050%2C600 3x"},"classes":[]},{"id":25202,"url":"https:\/\/idnu.ch\/wordpress\/baerzliskitour-auf-den-rickhubel\/","url_meta":{"origin":2991,"position":4},"title":"B\u00e4rzeliskitour auf den Rickhubel","author":"Urs Kyburz","date":"2. Januar 2024","format":false,"excerpt":"Die B\u00e4rzeliskitour* auf den Rickhubel mit dem SAC Homberg fand en famille statt: Meine Familie und der Schwager als Tourenleiter. Vor elf Jahren unternahmen wir hier die erste richtige Skitour mit den Kindern. Was sich seither ge\u00e4ndert hat. Vor elf Jahren starteten wir mit einer anderen Familie bei sch\u00f6nem Wetter\u2026","rel":"","context":"In &quot;Luzern - Vierwaldst\u00e4ttersee&quot;","block_context":{"text":"Luzern - Vierwaldst\u00e4ttersee","link":"https:\/\/idnu.ch\/wordpress\/category\/tourismusregionen\/luzern-vierwaldstaettersee\/"},"img":{"alt_text":"person f\u00e4hrt ski","src":"https:\/\/i0.wp.com\/idnu.ch\/wordpress\/wp-content\/uploads\/2024\/01\/st_rickhubel-20240102-32-Bearbeitet.jpg?fit=1200%2C800&ssl=1&resize=350%2C200","width":350,"height":200,"srcset":"https:\/\/i0.wp.com\/idnu.ch\/wordpress\/wp-content\/uploads\/2024\/01\/st_rickhubel-20240102-32-Bearbeitet.jpg?fit=1200%2C800&ssl=1&resize=350%2C200 1x, https:\/\/i0.wp.com\/idnu.ch\/wordpress\/wp-content\/uploads\/2024\/01\/st_rickhubel-20240102-32-Bearbeitet.jpg?fit=1200%2C800&ssl=1&resize=525%2C300 1.5x, https:\/\/i0.wp.com\/idnu.ch\/wordpress\/wp-content\/uploads\/2024\/01\/st_rickhubel-20240102-32-Bearbeitet.jpg?fit=1200%2C800&ssl=1&resize=700%2C400 2x, https:\/\/i0.wp.com\/idnu.ch\/wordpress\/wp-content\/uploads\/2024\/01\/st_rickhubel-20240102-32-Bearbeitet.jpg?fit=1200%2C800&ssl=1&resize=1050%2C600 3x"},"classes":[]},{"id":7114,"url":"https:\/\/idnu.ch\/wordpress\/wenig-schnee-auf-dem-salistock\/","url_meta":{"origin":2991,"position":5},"title":"Wenig Schnee auf dem Salistock","author":"Urs Kyburz","date":"9. Januar 2017","format":false,"excerpt":"Der Salistock wird gewiss nie im gleichen Atemzug wie Eiger, Matterhorn und Mount Everst genannt. Nur ein kleiner, unbedeutender Berg, 1896 Meter hoch, dem Widderfeld Stock vorgelagert - dieser Name d\u00fcrfte auch eher ein Stirnrunzeln ausl\u00f6sen - und trotzdem lohnend als kleine Anf\u00e4ngerskitour - sofern es gen\u00fcgend Schnee hat. \"Buir\u00e4b\u00e4hnli\"\u2026","rel":"","context":"In &quot;Luzern - Vierwaldst\u00e4ttersee&quot;","block_context":{"text":"Luzern - Vierwaldst\u00e4ttersee","link":"https:\/\/idnu.ch\/wordpress\/category\/tourismusregionen\/luzern-vierwaldstaettersee\/"},"img":{"alt_text":"Der Sonne entgegen","src":"https:\/\/i0.wp.com\/idnu.ch\/wordpress\/wp-content\/uploads\/2017\/01\/salistock-23.jpg?fit=1200%2C800&ssl=1&resize=350%2C200","width":350,"height":200,"srcset":"https:\/\/i0.wp.com\/idnu.ch\/wordpress\/wp-content\/uploads\/2017\/01\/salistock-23.jpg?fit=1200%2C800&ssl=1&resize=350%2C200 1x, https:\/\/i0.wp.com\/idnu.ch\/wordpress\/wp-content\/uploads\/2017\/01\/salistock-23.jpg?fit=1200%2C800&ssl=1&resize=525%2C300 1.5x, https:\/\/i0.wp.com\/idnu.ch\/wordpress\/wp-content\/uploads\/2017\/01\/salistock-23.jpg?fit=1200%2C800&ssl=1&resize=700%2C400 2x, https:\/\/i0.wp.com\/idnu.ch\/wordpress\/wp-content\/uploads\/2017\/01\/salistock-23.jpg?fit=1200%2C800&ssl=1&resize=1050%2C600 3x"},"classes":[]}],"jetpack_likes_enabled":true,"_links":{"self":[{"href":"https:\/\/idnu.ch\/wordpress\/wp-json\/wp\/v2\/posts\/2991","targetHints":{"allow":["GET"]}}],"collection":[{"href":"https:\/\/idnu.ch\/wordpress\/wp-json\/wp\/v2\/posts"}],"about":[{"href":"https:\/\/idnu.ch\/wordpress\/wp-json\/wp\/v2\/types\/post"}],"author":[{"embeddable":true,"href":"https:\/\/idnu.ch\/wordpress\/wp-json\/wp\/v2\/users\/2"}],"replies":[{"embeddable":true,"href":"https:\/\/idnu.ch\/wordpress\/wp-json\/wp\/v2\/comments?post=2991"}],"version-history":[{"count":52,"href":"https:\/\/idnu.ch\/wordpress\/wp-json\/wp\/v2\/posts\/2991\/revisions"}],"predecessor-version":[{"id":19747,"href":"https:\/\/idnu.ch\/wordpress\/wp-json\/wp\/v2\/posts\/2991\/revisions\/19747"}],"wp:featuredmedia":[{"embeddable":true,"href":"https:\/\/idnu.ch\/wordpress\/wp-json\/wp\/v2\/media\/3037"}],"wp:attachment":[{"href":"https:\/\/idnu.ch\/wordpress\/wp-json\/wp\/v2\/media?parent=2991"}],"wp:term":[{"taxonomy":"category","embeddable":true,"href":"https:\/\/idnu.ch\/wordpress\/wp-json\/wp\/v2\/categories?post=2991"},{"taxonomy":"post_tag","embeddable":true,"href":"https:\/\/idnu.ch\/wordpress\/wp-json\/wp\/v2\/tags?post=2991"}],"curies":[{"name":"wp","href":"https:\/\/api.w.org\/{rel}","templated":true}]}}