{"id":4947,"date":"2016-07-20T19:43:05","date_gmt":"2016-07-20T17:43:05","guid":{"rendered":"http:\/\/idnu.ch\/wordpress\/?p=4947"},"modified":"2019-03-01T11:46:43","modified_gmt":"2019-03-01T10:46:43","slug":"eplorerkids-auf-instagram","status":"publish","type":"post","link":"https:\/\/idnu.ch\/wordpress\/eplorerkids-auf-instagram\/","title":{"rendered":"#EplorerKids auf Instagram"},"content":{"rendered":"<p>#EplorerKids auf Instagram, diesmal von unserem Besuch in der Val Trupchun. Die ganze Geschichte zu meinem Bild gibt es hier:\u00a0<a href=\"https:\/\/idnu.ch\/wordpress\/auf-safari-im-val-trupchun\/\">Auf Safari im Val Trupchun<\/a><\/p>\n<blockquote class=\"instagram-media\" style=\"background: #FFF; border: 0; border-radius: 3px; box-shadow: 0 0 1px 0 rgba(0,0,0,0.5),0 1px 10px 0 rgba(0,0,0,0.15); margin: 1px; max-width: 658px; padding: 0; width: calc(100% - 2px);\" data-instgrm-captioned=\"\" data-instgrm-version=\"7\">\n<div style=\"padding: 8px;\">\n<div style=\"background: #F8F8F8; line-height: 0; margin-top: 40px; padding: 50.0% 0; text-align: center; width: 100%;\"><\/div>\n<p style=\"margin: 8px 0 0 0; padding: 0 4px;\"><a style=\"color: #000; font-family: Arial,sans-serif; font-size: 14px; font-style: normal; font-weight: normal; line-height: 17px; text-decoration: none; word-wrap: break-word;\" href=\"https:\/\/www.instagram.com\/p\/BICIML7D7vH\/\" target=\"_blank\" rel=\"noopener noreferrer\">Here&#8217;s my #ExplorerKids Week 17!! Thank you so much everyone who have joined in. The gallery photos looks amazing! Congratulations everyone! http:\/\/goo.gl\/ymXyg0 @blueberriesandsunshine @urskyburz @outbackchildhood @karenelizabeth_photography . . Please keep tagging and also do check the above people and give them a follow too. Please do check out Sarah @kippersandcurtains my lovely co-host for her fours. Remember you don&#8217;t need to be a blogger to join in the fun! Plus we will give you a follow back too! \ud83d\ude42 x . #instacute #adventure #travel #insragramcommunity #Trips100 #totsphoto #play #fun #sand #beach #swim #kids #traveling #amazing #love #explore #kidsofinstagram #inspired #instapassport #passionpassport #beautifuldestinations #jetsetter #lovelife #traveltheworld #travel1k #mountains #wonderfulearth #discover #lifeoutdoor<\/a><\/p>\n<p style=\"color: #c9c8cd; font-family: Arial,sans-serif; font-size: 14px; line-height: 17px; margin-bottom: 0; margin-top: 8px; overflow: hidden; padding: 8px 0 7px; text-align: center; text-overflow: ellipsis; white-space: nowrap;\">Ein von Su @Ethan&amp;Evelyn (@ethannevelyn) gepostetes Foto am <time style=\"font-family: Arial,sans-serif; font-size: 14px; line-height: 17px;\" datetime=\"2016-07-19T06:37:27+00:00\">18. Jul 2016 um 23:37 Uhr<\/time><\/p>\n<\/div>\n<\/blockquote>\n<p><script src=\"\/\/platform.instagram.com\/en_US\/embeds.js\" async=\"\" defer=\"defer\"><\/script><\/p>\n","protected":false},"excerpt":{"rendered":"<p>#EplorerKids auf Instagram, diesmal von unserem Besuch in der Val Trupchun. Die ganze&#8230;<\/p>\n","protected":false},"author":2,"featured_media":4932,"comment_status":"open","ping_status":"open","sticky":false,"template":"","format":"image","meta":{"_monsterinsights_skip_tracking":false,"_monsterinsights_sitenote_active":false,"_monsterinsights_sitenote_note":"","_monsterinsights_sitenote_category":0,"jetpack_post_was_ever_published":false,"_jetpack_newsletter_access":"","_jetpack_dont_email_post_to_subs":true,"_jetpack_newsletter_tier_id":0,"_jetpack_memberships_contains_paywalled_content":false,"_jetpack_memberships_contains_paid_content":false,"footnotes":"","jetpack_publicize_message":"","jetpack_publicize_feature_enabled":true,"jetpack_social_post_already_shared":true,"jetpack_social_options":{"image_generator_settings":{"template":"highway","default_image_id":0,"font":"","enabled":false},"version":2}},"categories":[857,912],"tags":[858,795],"class_list":["post-4947","post","type-post","status-publish","format-image","has-post-thumbnail","hentry","category-features","category-graubuenden-tourismusregionen","tag-explorerkids","tag-instagram","post_format-post-format-image"],"geo":null,"yoast_head":"<!-- This site is optimized with the Yoast SEO plugin v27.4 - https:\/\/yoast.com\/product\/yoast-seo-wordpress\/ -->\n<title>#EplorerKids auf Instagram - In der Natur unterwegs<\/title>\n<meta name=\"description\" content=\"#EplorerKids auf Instagram\" \/>\n<meta name=\"robots\" content=\"index, follow, max-snippet:-1, max-image-preview:large, max-video-preview:-1\" \/>\n<link rel=\"canonical\" href=\"https:\/\/idnu.ch\/wordpress\/eplorerkids-auf-instagram\/\" \/>\n<meta property=\"og:locale\" content=\"de_DE\" \/>\n<meta property=\"og:type\" content=\"article\" \/>\n<meta property=\"og:title\" content=\"#EplorerKids auf Instagram - In der Natur unterwegs\" \/>\n<meta property=\"og:description\" content=\"#EplorerKids auf Instagram\" \/>\n<meta property=\"og:url\" content=\"https:\/\/idnu.ch\/wordpress\/eplorerkids-auf-instagram\/\" \/>\n<meta property=\"og:site_name\" content=\"In der Natur unterwegs\" \/>\n<meta property=\"article:published_time\" content=\"2016-07-20T17:43:05+00:00\" \/>\n<meta property=\"article:modified_time\" content=\"2019-03-01T10:46:43+00:00\" \/>\n<meta property=\"og:image\" content=\"https:\/\/i1.wp.com\/idnu.ch\/wordpress\/wp-content\/uploads\/2016\/07\/val_trupchun_0005.jpg?fit=1400%2C933&ssl=1\" \/>\n\t<meta property=\"og:image:width\" content=\"1400\" \/>\n\t<meta property=\"og:image:height\" content=\"933\" \/>\n\t<meta property=\"og:image:type\" content=\"image\/jpeg\" \/>\n<meta name=\"author\" content=\"Urs Kyburz\" \/>\n<meta name=\"twitter:card\" content=\"summary_large_image\" \/>\n<meta name=\"twitter:creator\" content=\"@idnu_ch\" \/>\n<meta name=\"twitter:site\" content=\"@idnu_ch\" \/>\n<meta name=\"twitter:label1\" content=\"Verfasst von\" \/>\n\t<meta name=\"twitter:data1\" content=\"Urs Kyburz\" \/>\n\t<meta name=\"twitter:label2\" content=\"Gesch\u00e4tzte Lesezeit\" \/>\n\t<meta name=\"twitter:data2\" content=\"1\u00a0Minute\" \/>\n<script type=\"application\/ld+json\" class=\"yoast-schema-graph\">{\"@context\":\"https:\\\/\\\/schema.org\",\"@graph\":[{\"@type\":\"Article\",\"@id\":\"https:\\\/\\\/idnu.ch\\\/wordpress\\\/eplorerkids-auf-instagram\\\/#article\",\"isPartOf\":{\"@id\":\"https:\\\/\\\/idnu.ch\\\/wordpress\\\/eplorerkids-auf-instagram\\\/\"},\"author\":{\"name\":\"Urs Kyburz\",\"@id\":\"https:\\\/\\\/idnu.ch\\\/wordpress\\\/#\\\/schema\\\/person\\\/1ab8c5de743be7b019272124c19ad351\"},\"headline\":\"#EplorerKids auf Instagram\",\"datePublished\":\"2016-07-20T17:43:05+00:00\",\"dateModified\":\"2019-03-01T10:46:43+00:00\",\"mainEntityOfPage\":{\"@id\":\"https:\\\/\\\/idnu.ch\\\/wordpress\\\/eplorerkids-auf-instagram\\\/\"},\"wordCount\":153,\"commentCount\":0,\"publisher\":{\"@id\":\"https:\\\/\\\/idnu.ch\\\/wordpress\\\/#\\\/schema\\\/person\\\/1ab8c5de743be7b019272124c19ad351\"},\"image\":{\"@id\":\"https:\\\/\\\/idnu.ch\\\/wordpress\\\/eplorerkids-auf-instagram\\\/#primaryimage\"},\"thumbnailUrl\":\"https:\\\/\\\/i0.wp.com\\\/idnu.ch\\\/wordpress\\\/wp-content\\\/uploads\\\/2016\\\/07\\\/val_trupchun_0005.jpg?fit=1400%2C933&ssl=1\",\"keywords\":[\"ExplorerKids\",\"Instagram\"],\"articleSection\":[\"Features\",\"Graub\u00fcnden\"],\"inLanguage\":\"de\",\"potentialAction\":[{\"@type\":\"CommentAction\",\"name\":\"Comment\",\"target\":[\"https:\\\/\\\/idnu.ch\\\/wordpress\\\/eplorerkids-auf-instagram\\\/#respond\"]}]},{\"@type\":\"WebPage\",\"@id\":\"https:\\\/\\\/idnu.ch\\\/wordpress\\\/eplorerkids-auf-instagram\\\/\",\"url\":\"https:\\\/\\\/idnu.ch\\\/wordpress\\\/eplorerkids-auf-instagram\\\/\",\"name\":\"#EplorerKids auf Instagram - In der Natur unterwegs\",\"isPartOf\":{\"@id\":\"https:\\\/\\\/idnu.ch\\\/wordpress\\\/#website\"},\"primaryImageOfPage\":{\"@id\":\"https:\\\/\\\/idnu.ch\\\/wordpress\\\/eplorerkids-auf-instagram\\\/#primaryimage\"},\"image\":{\"@id\":\"https:\\\/\\\/idnu.ch\\\/wordpress\\\/eplorerkids-auf-instagram\\\/#primaryimage\"},\"thumbnailUrl\":\"https:\\\/\\\/i0.wp.com\\\/idnu.ch\\\/wordpress\\\/wp-content\\\/uploads\\\/2016\\\/07\\\/val_trupchun_0005.jpg?fit=1400%2C933&ssl=1\",\"datePublished\":\"2016-07-20T17:43:05+00:00\",\"dateModified\":\"2019-03-01T10:46:43+00:00\",\"description\":\"#EplorerKids auf Instagram\",\"breadcrumb\":{\"@id\":\"https:\\\/\\\/idnu.ch\\\/wordpress\\\/eplorerkids-auf-instagram\\\/#breadcrumb\"},\"inLanguage\":\"de\",\"potentialAction\":[{\"@type\":\"ReadAction\",\"target\":[\"https:\\\/\\\/idnu.ch\\\/wordpress\\\/eplorerkids-auf-instagram\\\/\"]}]},{\"@type\":\"ImageObject\",\"inLanguage\":\"de\",\"@id\":\"https:\\\/\\\/idnu.ch\\\/wordpress\\\/eplorerkids-auf-instagram\\\/#primaryimage\",\"url\":\"https:\\\/\\\/i0.wp.com\\\/idnu.ch\\\/wordpress\\\/wp-content\\\/uploads\\\/2016\\\/07\\\/val_trupchun_0005.jpg?fit=1400%2C933&ssl=1\",\"contentUrl\":\"https:\\\/\\\/i0.wp.com\\\/idnu.ch\\\/wordpress\\\/wp-content\\\/uploads\\\/2016\\\/07\\\/val_trupchun_0005.jpg?fit=1400%2C933&ssl=1\",\"width\":1400,\"height\":933,\"caption\":\"Steinb\u00f6cke im Blickfeld\"},{\"@type\":\"BreadcrumbList\",\"@id\":\"https:\\\/\\\/idnu.ch\\\/wordpress\\\/eplorerkids-auf-instagram\\\/#breadcrumb\",\"itemListElement\":[{\"@type\":\"ListItem\",\"position\":1,\"name\":\"Startseite\",\"item\":\"https:\\\/\\\/idnu.ch\\\/wordpress\\\/\"},{\"@type\":\"ListItem\",\"position\":2,\"name\":\"#EplorerKids auf Instagram\"}]},{\"@type\":\"WebSite\",\"@id\":\"https:\\\/\\\/idnu.ch\\\/wordpress\\\/#website\",\"url\":\"https:\\\/\\\/idnu.ch\\\/wordpress\\\/\",\"name\":\"In der Natur unterwegs\",\"description\":\"Dort, wo es am sch\u00f6nsten ist\",\"publisher\":{\"@id\":\"https:\\\/\\\/idnu.ch\\\/wordpress\\\/#\\\/schema\\\/person\\\/1ab8c5de743be7b019272124c19ad351\"},\"potentialAction\":[{\"@type\":\"SearchAction\",\"target\":{\"@type\":\"EntryPoint\",\"urlTemplate\":\"https:\\\/\\\/idnu.ch\\\/wordpress\\\/?s={search_term_string}\"},\"query-input\":{\"@type\":\"PropertyValueSpecification\",\"valueRequired\":true,\"valueName\":\"search_term_string\"}}],\"inLanguage\":\"de\"},{\"@type\":[\"Person\",\"Organization\"],\"@id\":\"https:\\\/\\\/idnu.ch\\\/wordpress\\\/#\\\/schema\\\/person\\\/1ab8c5de743be7b019272124c19ad351\",\"name\":\"Urs Kyburz\",\"image\":{\"@type\":\"ImageObject\",\"inLanguage\":\"de\",\"@id\":\"https:\\\/\\\/i0.wp.com\\\/idnu.ch\\\/wordpress\\\/wp-content\\\/uploads\\\/2016\\\/02\\\/logo_150x165.gif?fit=3151%2C3456&ssl=1\",\"url\":\"https:\\\/\\\/i0.wp.com\\\/idnu.ch\\\/wordpress\\\/wp-content\\\/uploads\\\/2016\\\/02\\\/logo_150x165.gif?fit=3151%2C3456&ssl=1\",\"contentUrl\":\"https:\\\/\\\/i0.wp.com\\\/idnu.ch\\\/wordpress\\\/wp-content\\\/uploads\\\/2016\\\/02\\\/logo_150x165.gif?fit=3151%2C3456&ssl=1\",\"width\":3151,\"height\":3456,\"caption\":\"Urs Kyburz\"},\"logo\":{\"@id\":\"https:\\\/\\\/i0.wp.com\\\/idnu.ch\\\/wordpress\\\/wp-content\\\/uploads\\\/2016\\\/02\\\/logo_150x165.gif?fit=3151%2C3456&ssl=1\"}}]}<\/script>\n<!-- \/ Yoast SEO plugin. -->","yoast_head_json":{"title":"#EplorerKids auf Instagram - In der Natur unterwegs","description":"#EplorerKids auf Instagram","robots":{"index":"index","follow":"follow","max-snippet":"max-snippet:-1","max-image-preview":"max-image-preview:large","max-video-preview":"max-video-preview:-1"},"canonical":"https:\/\/idnu.ch\/wordpress\/eplorerkids-auf-instagram\/","og_locale":"de_DE","og_type":"article","og_title":"#EplorerKids auf Instagram - In der Natur unterwegs","og_description":"#EplorerKids auf Instagram","og_url":"https:\/\/idnu.ch\/wordpress\/eplorerkids-auf-instagram\/","og_site_name":"In der Natur unterwegs","article_published_time":"2016-07-20T17:43:05+00:00","article_modified_time":"2019-03-01T10:46:43+00:00","og_image":[{"width":1400,"height":933,"url":"https:\/\/i1.wp.com\/idnu.ch\/wordpress\/wp-content\/uploads\/2016\/07\/val_trupchun_0005.jpg?fit=1400%2C933&ssl=1","type":"image\/jpeg"}],"author":"Urs Kyburz","twitter_card":"summary_large_image","twitter_creator":"@idnu_ch","twitter_site":"@idnu_ch","twitter_misc":{"Verfasst von":"Urs Kyburz","Gesch\u00e4tzte Lesezeit":"1\u00a0Minute"},"schema":{"@context":"https:\/\/schema.org","@graph":[{"@type":"Article","@id":"https:\/\/idnu.ch\/wordpress\/eplorerkids-auf-instagram\/#article","isPartOf":{"@id":"https:\/\/idnu.ch\/wordpress\/eplorerkids-auf-instagram\/"},"author":{"name":"Urs Kyburz","@id":"https:\/\/idnu.ch\/wordpress\/#\/schema\/person\/1ab8c5de743be7b019272124c19ad351"},"headline":"#EplorerKids auf Instagram","datePublished":"2016-07-20T17:43:05+00:00","dateModified":"2019-03-01T10:46:43+00:00","mainEntityOfPage":{"@id":"https:\/\/idnu.ch\/wordpress\/eplorerkids-auf-instagram\/"},"wordCount":153,"commentCount":0,"publisher":{"@id":"https:\/\/idnu.ch\/wordpress\/#\/schema\/person\/1ab8c5de743be7b019272124c19ad351"},"image":{"@id":"https:\/\/idnu.ch\/wordpress\/eplorerkids-auf-instagram\/#primaryimage"},"thumbnailUrl":"https:\/\/i0.wp.com\/idnu.ch\/wordpress\/wp-content\/uploads\/2016\/07\/val_trupchun_0005.jpg?fit=1400%2C933&ssl=1","keywords":["ExplorerKids","Instagram"],"articleSection":["Features","Graub\u00fcnden"],"inLanguage":"de","potentialAction":[{"@type":"CommentAction","name":"Comment","target":["https:\/\/idnu.ch\/wordpress\/eplorerkids-auf-instagram\/#respond"]}]},{"@type":"WebPage","@id":"https:\/\/idnu.ch\/wordpress\/eplorerkids-auf-instagram\/","url":"https:\/\/idnu.ch\/wordpress\/eplorerkids-auf-instagram\/","name":"#EplorerKids auf Instagram - In der Natur unterwegs","isPartOf":{"@id":"https:\/\/idnu.ch\/wordpress\/#website"},"primaryImageOfPage":{"@id":"https:\/\/idnu.ch\/wordpress\/eplorerkids-auf-instagram\/#primaryimage"},"image":{"@id":"https:\/\/idnu.ch\/wordpress\/eplorerkids-auf-instagram\/#primaryimage"},"thumbnailUrl":"https:\/\/i0.wp.com\/idnu.ch\/wordpress\/wp-content\/uploads\/2016\/07\/val_trupchun_0005.jpg?fit=1400%2C933&ssl=1","datePublished":"2016-07-20T17:43:05+00:00","dateModified":"2019-03-01T10:46:43+00:00","description":"#EplorerKids auf Instagram","breadcrumb":{"@id":"https:\/\/idnu.ch\/wordpress\/eplorerkids-auf-instagram\/#breadcrumb"},"inLanguage":"de","potentialAction":[{"@type":"ReadAction","target":["https:\/\/idnu.ch\/wordpress\/eplorerkids-auf-instagram\/"]}]},{"@type":"ImageObject","inLanguage":"de","@id":"https:\/\/idnu.ch\/wordpress\/eplorerkids-auf-instagram\/#primaryimage","url":"https:\/\/i0.wp.com\/idnu.ch\/wordpress\/wp-content\/uploads\/2016\/07\/val_trupchun_0005.jpg?fit=1400%2C933&ssl=1","contentUrl":"https:\/\/i0.wp.com\/idnu.ch\/wordpress\/wp-content\/uploads\/2016\/07\/val_trupchun_0005.jpg?fit=1400%2C933&ssl=1","width":1400,"height":933,"caption":"Steinb\u00f6cke im Blickfeld"},{"@type":"BreadcrumbList","@id":"https:\/\/idnu.ch\/wordpress\/eplorerkids-auf-instagram\/#breadcrumb","itemListElement":[{"@type":"ListItem","position":1,"name":"Startseite","item":"https:\/\/idnu.ch\/wordpress\/"},{"@type":"ListItem","position":2,"name":"#EplorerKids auf Instagram"}]},{"@type":"WebSite","@id":"https:\/\/idnu.ch\/wordpress\/#website","url":"https:\/\/idnu.ch\/wordpress\/","name":"In der Natur unterwegs","description":"Dort, wo es am sch\u00f6nsten ist","publisher":{"@id":"https:\/\/idnu.ch\/wordpress\/#\/schema\/person\/1ab8c5de743be7b019272124c19ad351"},"potentialAction":[{"@type":"SearchAction","target":{"@type":"EntryPoint","urlTemplate":"https:\/\/idnu.ch\/wordpress\/?s={search_term_string}"},"query-input":{"@type":"PropertyValueSpecification","valueRequired":true,"valueName":"search_term_string"}}],"inLanguage":"de"},{"@type":["Person","Organization"],"@id":"https:\/\/idnu.ch\/wordpress\/#\/schema\/person\/1ab8c5de743be7b019272124c19ad351","name":"Urs Kyburz","image":{"@type":"ImageObject","inLanguage":"de","@id":"https:\/\/i0.wp.com\/idnu.ch\/wordpress\/wp-content\/uploads\/2016\/02\/logo_150x165.gif?fit=3151%2C3456&ssl=1","url":"https:\/\/i0.wp.com\/idnu.ch\/wordpress\/wp-content\/uploads\/2016\/02\/logo_150x165.gif?fit=3151%2C3456&ssl=1","contentUrl":"https:\/\/i0.wp.com\/idnu.ch\/wordpress\/wp-content\/uploads\/2016\/02\/logo_150x165.gif?fit=3151%2C3456&ssl=1","width":3151,"height":3456,"caption":"Urs Kyburz"},"logo":{"@id":"https:\/\/i0.wp.com\/idnu.ch\/wordpress\/wp-content\/uploads\/2016\/02\/logo_150x165.gif?fit=3151%2C3456&ssl=1"}}]}},"jetpack_publicize_connections":[],"jetpack_featured_media_url":"https:\/\/i0.wp.com\/idnu.ch\/wordpress\/wp-content\/uploads\/2016\/07\/val_trupchun_0005.jpg?fit=1400%2C933&ssl=1","jetpack_sharing_enabled":true,"jetpack_shortlink":"https:\/\/wp.me\/p6MmGG-1hN","jetpack-related-posts":[{"id":151,"url":"https:\/\/idnu.ch\/wordpress\/familientipp-auf-safari-in-der-val-trupchun\/","url_meta":{"origin":4947,"position":0},"title":"Familientipp: Auf Safari in der Val Trupchun","author":"Urs Kyburz","date":"5. Juli 2014","format":"aside","excerpt":"In der Ausgabe 7\/2014 des Wandermagazin SCHWEIZ findet ihr meinen neusten Beitrag: Tiere beobachten in der Val Trupchun im Schweizerischen Nationalpark, der dieses Jahr das 100-j\u00e4hrige Jubil\u00e4um feiert.","rel":"","context":"In &quot;Graub\u00fcnden&quot;","block_context":{"text":"Graub\u00fcnden","link":"https:\/\/idnu.ch\/wordpress\/category\/tourismusregionen\/graubuenden-tourismusregionen\/"},"img":{"alt_text":"Beobachten auf der Alp Trupchun","src":"https:\/\/i0.wp.com\/idnu.ch\/wordpress\/wp-content\/uploads\/2014\/07\/m%C3%BCnstertal_0149.jpg?fit=1024%2C683&ssl=1&resize=350%2C200","width":350,"height":200,"srcset":"https:\/\/i0.wp.com\/idnu.ch\/wordpress\/wp-content\/uploads\/2014\/07\/m%C3%BCnstertal_0149.jpg?fit=1024%2C683&ssl=1&resize=350%2C200 1x, https:\/\/i0.wp.com\/idnu.ch\/wordpress\/wp-content\/uploads\/2014\/07\/m%C3%BCnstertal_0149.jpg?fit=1024%2C683&ssl=1&resize=525%2C300 1.5x, https:\/\/i0.wp.com\/idnu.ch\/wordpress\/wp-content\/uploads\/2014\/07\/m%C3%BCnstertal_0149.jpg?fit=1024%2C683&ssl=1&resize=700%2C400 2x"},"classes":[]},{"id":4552,"url":"https:\/\/idnu.ch\/wordpress\/explorerkids-auf-instagram\/","url_meta":{"origin":4947,"position":1},"title":"#ExplorerKids auf Instagram","author":"Urs Kyburz","date":"18. Juni 2016","format":"image","excerpt":"Here is my #ExplorerKids \u2013 Round Up Week 12! http:\/\/goo.gl\/KZ5gMp Thank you so much everyone who have joined in. The gallery photos looks amazing! Congratulations everyone! . Top left -> right : @topknotanddaisies; @urskyburz Bottom left -> right : @squishedblueberries ; @kathayne . . Please keep tagging and also do\u2026","rel":"","context":"In &quot;Features&quot;","block_context":{"text":"Features","link":"https:\/\/idnu.ch\/wordpress\/category\/features\/"},"img":{"alt_text":"","src":"https:\/\/i0.wp.com\/idnu.ch\/wordpress\/wp-content\/uploads\/2015\/06\/fibbia_0015.jpg?fit=1024%2C683&ssl=1&resize=350%2C200","width":350,"height":200,"srcset":"https:\/\/i0.wp.com\/idnu.ch\/wordpress\/wp-content\/uploads\/2015\/06\/fibbia_0015.jpg?fit=1024%2C683&ssl=1&resize=350%2C200 1x, https:\/\/i0.wp.com\/idnu.ch\/wordpress\/wp-content\/uploads\/2015\/06\/fibbia_0015.jpg?fit=1024%2C683&ssl=1&resize=525%2C300 1.5x, https:\/\/i0.wp.com\/idnu.ch\/wordpress\/wp-content\/uploads\/2015\/06\/fibbia_0015.jpg?fit=1024%2C683&ssl=1&resize=700%2C400 2x"},"classes":[]},{"id":5019,"url":"https:\/\/idnu.ch\/wordpress\/explorerkids-auf-instagram-allalinhorn\/","url_meta":{"origin":4947,"position":2},"title":"#ExplorerKids auf Instagram: Allalinhorn","author":"Urs Kyburz","date":"5. August 2016","format":"image","excerpt":"#ExplorerKids auf Instagram: Allalinhorn Ich wurde wieder\u00a0von @ethannevelyn\u00a0gefeatured (oder wie immer man das nennen mag): Here are my this week #ExplorerKids choices. Congratulations everyone! You are also featured on my blog too: http:\/\/wp.me\/p6xjiJ-1V5 Thank you so much for joining us. . . @urskyburz @hotpinkwellingtons @fromlittleacorns_ @domesstique . . Please check\u2026","rel":"","context":"In &quot;Features&quot;","block_context":{"text":"Features","link":"https:\/\/idnu.ch\/wordpress\/category\/features\/"},"img":{"alt_text":"Auf dem Allalinhorn!","src":"https:\/\/i0.wp.com\/idnu.ch\/wordpress\/wp-content\/uploads\/2016\/08\/allalin_07.jpg?fit=1024%2C683&ssl=1&resize=350%2C200","width":350,"height":200,"srcset":"https:\/\/i0.wp.com\/idnu.ch\/wordpress\/wp-content\/uploads\/2016\/08\/allalin_07.jpg?fit=1024%2C683&ssl=1&resize=350%2C200 1x, https:\/\/i0.wp.com\/idnu.ch\/wordpress\/wp-content\/uploads\/2016\/08\/allalin_07.jpg?fit=1024%2C683&ssl=1&resize=525%2C300 1.5x, https:\/\/i0.wp.com\/idnu.ch\/wordpress\/wp-content\/uploads\/2016\/08\/allalin_07.jpg?fit=1024%2C683&ssl=1&resize=700%2C400 2x"},"classes":[]},{"id":190,"url":"https:\/\/idnu.ch\/wordpress\/auf-safari-im-val-trupchun\/","url_meta":{"origin":4947,"position":3},"title":"Auf Safari im Val Trupchun","author":"Urs Kyburz","date":"11. August 2013","format":false,"excerpt":"Das Val Trupchun ist ein Seitental s\u00fcdlich des Engadiner Haupttales, Ausgangspunkt ist S-chanf. Es ist Teil des Schweizer Nationalparkes und man hat dort fast eine Garantie, die bekannten Alpentiere zu beobachten. Grund genug, auf Safari im Val Trupchun zu gehen. Der Nationalpark wurde vom Schweizerischen Bund f\u00fcr Naturschutz, der heutigen\u2026","rel":"","context":"In &quot;Graub\u00fcnden&quot;","block_context":{"text":"Graub\u00fcnden","link":"https:\/\/idnu.ch\/wordpress\/category\/tourismusregionen\/graubuenden-tourismusregionen\/"},"img":{"alt_text":"Beobachten auf der Alp Trupchun","src":"https:\/\/i0.wp.com\/idnu.ch\/wordpress\/wp-content\/uploads\/2014\/07\/m%C3%BCnstertal_0149.jpg?fit=1024%2C683&ssl=1&resize=350%2C200","width":350,"height":200,"srcset":"https:\/\/i0.wp.com\/idnu.ch\/wordpress\/wp-content\/uploads\/2014\/07\/m%C3%BCnstertal_0149.jpg?fit=1024%2C683&ssl=1&resize=350%2C200 1x, https:\/\/i0.wp.com\/idnu.ch\/wordpress\/wp-content\/uploads\/2014\/07\/m%C3%BCnstertal_0149.jpg?fit=1024%2C683&ssl=1&resize=525%2C300 1.5x, https:\/\/i0.wp.com\/idnu.ch\/wordpress\/wp-content\/uploads\/2014\/07\/m%C3%BCnstertal_0149.jpg?fit=1024%2C683&ssl=1&resize=700%2C400 2x"},"classes":[]},{"id":6139,"url":"https:\/\/idnu.ch\/wordpress\/explorerkids-auf-dem-roemerkastell-irgenhausen\/","url_meta":{"origin":4947,"position":4},"title":"#ExplorerKids: Auf dem R\u00f6merkastell Irgenhausen","author":"Urs Kyburz","date":"29. November 2016","format":"image","excerpt":"Die Bloggerin und Instagramerin @ethannevelyn hat mich wieder mal verewigt: Good morning everyone! Here's my four favourite #ExplorerKids this week. Thank you everyone for your contributions again. . . Top left: @urskyburz Top right: @adventures.with.my.mini.me Bottom left: @thereallarashoe Bottom right: @wherethewildkidstravel You are also featured on my blog. See #linkinbio\u2026","rel":"","context":"In &quot;Features&quot;","block_context":{"text":"Features","link":"https:\/\/idnu.ch\/wordpress\/category\/features\/"},"img":{"alt_text":"","src":"https:\/\/i0.wp.com\/idnu.ch\/wordpress\/wp-content\/uploads\/2016\/11\/pf%C3%A4ffikersee-25.jpg?fit=1200%2C800&ssl=1&resize=350%2C200","width":350,"height":200,"srcset":"https:\/\/i0.wp.com\/idnu.ch\/wordpress\/wp-content\/uploads\/2016\/11\/pf%C3%A4ffikersee-25.jpg?fit=1200%2C800&ssl=1&resize=350%2C200 1x, https:\/\/i0.wp.com\/idnu.ch\/wordpress\/wp-content\/uploads\/2016\/11\/pf%C3%A4ffikersee-25.jpg?fit=1200%2C800&ssl=1&resize=525%2C300 1.5x, https:\/\/i0.wp.com\/idnu.ch\/wordpress\/wp-content\/uploads\/2016\/11\/pf%C3%A4ffikersee-25.jpg?fit=1200%2C800&ssl=1&resize=700%2C400 2x, https:\/\/i0.wp.com\/idnu.ch\/wordpress\/wp-content\/uploads\/2016\/11\/pf%C3%A4ffikersee-25.jpg?fit=1200%2C800&ssl=1&resize=1050%2C600 3x"},"classes":[]},{"id":83,"url":"https:\/\/idnu.ch\/wordpress\/wunderschoenes-val-muestair\/","url_meta":{"origin":4947,"position":5},"title":"Wundersch\u00f6nes Val M\u00fcstair","author":"Urs Kyburz","date":"16. August 2015","format":false,"excerpt":"Zwei Wochen Val M\u00fcstair. Was macht man da? Jede Menge! Diese wunderbare, einsame Region bietet f\u00fcr Naturfreunde enorm viel. Da gibt es Wanderungen auf verschiedene Gipfel und nat\u00fcrlich im Nationalpark, oder man kann biken. Das Val M\u00fcstair ist ein Naturpark und bis 2015 trug dieser noch das Label \"UNESCO Biosph\u00e4renreservat\",\u2026","rel":"","context":"In &quot;Destinationen&quot;","block_context":{"text":"Destinationen","link":"https:\/\/idnu.ch\/wordpress\/category\/destinationen\/"},"img":{"alt_text":"","src":"https:\/\/i0.wp.com\/idnu.ch\/wordpress\/wp-content\/uploads\/2015\/08\/IMG_4095.jpg?fit=1024%2C683&ssl=1&resize=350%2C200","width":350,"height":200,"srcset":"https:\/\/i0.wp.com\/idnu.ch\/wordpress\/wp-content\/uploads\/2015\/08\/IMG_4095.jpg?fit=1024%2C683&ssl=1&resize=350%2C200 1x, https:\/\/i0.wp.com\/idnu.ch\/wordpress\/wp-content\/uploads\/2015\/08\/IMG_4095.jpg?fit=1024%2C683&ssl=1&resize=525%2C300 1.5x, https:\/\/i0.wp.com\/idnu.ch\/wordpress\/wp-content\/uploads\/2015\/08\/IMG_4095.jpg?fit=1024%2C683&ssl=1&resize=700%2C400 2x"},"classes":[]}],"jetpack_likes_enabled":true,"_links":{"self":[{"href":"https:\/\/idnu.ch\/wordpress\/wp-json\/wp\/v2\/posts\/4947","targetHints":{"allow":["GET"]}}],"collection":[{"href":"https:\/\/idnu.ch\/wordpress\/wp-json\/wp\/v2\/posts"}],"about":[{"href":"https:\/\/idnu.ch\/wordpress\/wp-json\/wp\/v2\/types\/post"}],"author":[{"embeddable":true,"href":"https:\/\/idnu.ch\/wordpress\/wp-json\/wp\/v2\/users\/2"}],"replies":[{"embeddable":true,"href":"https:\/\/idnu.ch\/wordpress\/wp-json\/wp\/v2\/comments?post=4947"}],"version-history":[{"count":4,"href":"https:\/\/idnu.ch\/wordpress\/wp-json\/wp\/v2\/posts\/4947\/revisions"}],"predecessor-version":[{"id":11992,"href":"https:\/\/idnu.ch\/wordpress\/wp-json\/wp\/v2\/posts\/4947\/revisions\/11992"}],"wp:featuredmedia":[{"embeddable":true,"href":"https:\/\/idnu.ch\/wordpress\/wp-json\/wp\/v2\/media\/4932"}],"wp:attachment":[{"href":"https:\/\/idnu.ch\/wordpress\/wp-json\/wp\/v2\/media?parent=4947"}],"wp:term":[{"taxonomy":"category","embeddable":true,"href":"https:\/\/idnu.ch\/wordpress\/wp-json\/wp\/v2\/categories?post=4947"},{"taxonomy":"post_tag","embeddable":true,"href":"https:\/\/idnu.ch\/wordpress\/wp-json\/wp\/v2\/tags?post=4947"}],"curies":[{"name":"wp","href":"https:\/\/api.w.org\/{rel}","templated":true}]}}