{"id":5157,"date":"2016-08-22T10:43:09","date_gmt":"2016-08-22T08:43:09","guid":{"rendered":"http:\/\/idnu.ch\/wordpress\/?p=5157"},"modified":"2019-02-28T13:14:34","modified_gmt":"2019-02-28T12:14:34","slug":"kletterhalle-griffig-in-uster","status":"publish","type":"post","link":"https:\/\/idnu.ch\/wordpress\/kletterhalle-griffig-in-uster\/","title":{"rendered":"Kletterhalle &#8222;Griffig&#8220; in Uster"},"content":{"rendered":"<p>Kaum von den Ferien zur\u00fcck, hatten wir auch schon den n\u00e4chsten Termin: Klettern in der <a href=\"http:\/\/www.griffig.com\/\" target=\"_blank\" rel=\"noopener noreferrer\">Kletterhalle &#8222;Griffig&#8220;<\/a> in Uster, ein Geburtstagsgeschenk f\u00fcr Fabian von seinem Gotti (Patin, Patentante,&#8230;). Die Halle ist nagelneu und sehr einladend. Im Caf\u00e9 im ersten Stock kann man den Kletterern zuschauen und eben einen Kaffee trinken. Im Klettershop kann man sich mit der n\u00f6tigen Ausr\u00fcstung eindecken. Auf 3800 m\u00b2 k\u00f6nnen sich die Kletterer in 9 &#8211; 17 Meter hohen Routen und an Boulderbl\u00f6cken austoben. Damit Plastikalpinisten auch mal an die frische Luft kommen, gibt es an der Aussenseite des Geb\u00e4udes ebenfalls Kletterrouten und einen Boulderkubus.<\/p>\n<p>Alles in allem fand ich die Kletterhalle toll. Wenn also mal wieder schlechtes Wetter herrschen sollte, ist dies sicherlich eine gute Alternative.<\/p>\n<div data-carousel-extra='{&quot;blog_id&quot;:1,&quot;permalink&quot;:&quot;https:\/\/idnu.ch\/wordpress\/kletterhalle-griffig-in-uster\/&quot;}' id='gallery-1' class='gallery galleryid-5157 gallery-columns-3 gallery-size-anemone-postcarousel'><figure class='gallery-item'>\n\t\t\t<div class='gallery-icon portrait'>\n\t\t\t\t<a href='https:\/\/idnu.ch\/wordpress\/kletterhalle-griffig-in-uster\/griffig_0001\/#main'><img loading=\"lazy\" decoding=\"async\" width=\"750\" height=\"750\" src=\"https:\/\/i0.wp.com\/idnu.ch\/wordpress\/wp-content\/uploads\/2016\/08\/griffig_0001.jpg?resize=750%2C750&amp;ssl=1\" class=\"attachment-anemone-postcarousel size-anemone-postcarousel\" alt=\"\" srcset=\"https:\/\/i0.wp.com\/idnu.ch\/wordpress\/wp-content\/uploads\/2016\/08\/griffig_0001.jpg?resize=150%2C150&amp;ssl=1 150w, https:\/\/i0.wp.com\/idnu.ch\/wordpress\/wp-content\/uploads\/2016\/08\/griffig_0001.jpg?resize=750%2C750&amp;ssl=1 750w\" sizes=\"auto, (max-width: 750px) 100vw, 750px\" data-attachment-id=\"5159\" data-permalink=\"https:\/\/idnu.ch\/wordpress\/kletterhalle-griffig-in-uster\/griffig_0001\/#main\" data-orig-file=\"https:\/\/i0.wp.com\/idnu.ch\/wordpress\/wp-content\/uploads\/2016\/08\/griffig_0001.jpg?fit=788%2C1400&amp;ssl=1\" data-orig-size=\"788,1400\" data-comments-opened=\"1\" data-image-meta=\"{&quot;aperture&quot;:&quot;0&quot;,&quot;credit&quot;:&quot;&quot;,&quot;camera&quot;:&quot;&quot;,&quot;caption&quot;:&quot;&quot;,&quot;created_timestamp&quot;:&quot;0&quot;,&quot;copyright&quot;:&quot;&quot;,&quot;focal_length&quot;:&quot;0&quot;,&quot;iso&quot;:&quot;0&quot;,&quot;shutter_speed&quot;:&quot;0&quot;,&quot;title&quot;:&quot;&quot;,&quot;orientation&quot;:&quot;0&quot;}\" data-image-title=\"griffig_0001\" data-image-description=\"\" data-image-caption=\"\" data-large-file=\"https:\/\/i0.wp.com\/idnu.ch\/wordpress\/wp-content\/uploads\/2016\/08\/griffig_0001.jpg?fit=576%2C1024&amp;ssl=1\" \/><\/a>\n\t\t\t<\/div><\/figure><figure class='gallery-item'>\n\t\t\t<div class='gallery-icon landscape'>\n\t\t\t\t<a href='https:\/\/idnu.ch\/wordpress\/kletterhalle-griffig-in-uster\/griffig_0003\/#main'><img loading=\"lazy\" decoding=\"async\" width=\"750\" height=\"750\" src=\"https:\/\/i0.wp.com\/idnu.ch\/wordpress\/wp-content\/uploads\/2016\/08\/griffig_0003.jpg?resize=750%2C750&amp;ssl=1\" class=\"attachment-anemone-postcarousel size-anemone-postcarousel\" alt=\"\" srcset=\"https:\/\/i0.wp.com\/idnu.ch\/wordpress\/wp-content\/uploads\/2016\/08\/griffig_0003.jpg?resize=150%2C150&amp;ssl=1 150w, https:\/\/i0.wp.com\/idnu.ch\/wordpress\/wp-content\/uploads\/2016\/08\/griffig_0003.jpg?resize=750%2C750&amp;ssl=1 750w\" sizes=\"auto, (max-width: 750px) 100vw, 750px\" data-attachment-id=\"5161\" data-permalink=\"https:\/\/idnu.ch\/wordpress\/kletterhalle-griffig-in-uster\/griffig_0003\/#main\" data-orig-file=\"https:\/\/i0.wp.com\/idnu.ch\/wordpress\/wp-content\/uploads\/2016\/08\/griffig_0003.jpg?fit=1400%2C852&amp;ssl=1\" data-orig-size=\"1400,852\" data-comments-opened=\"1\" data-image-meta=\"{&quot;aperture&quot;:&quot;0&quot;,&quot;credit&quot;:&quot;&quot;,&quot;camera&quot;:&quot;&quot;,&quot;caption&quot;:&quot;&quot;,&quot;created_timestamp&quot;:&quot;0&quot;,&quot;copyright&quot;:&quot;&quot;,&quot;focal_length&quot;:&quot;0&quot;,&quot;iso&quot;:&quot;0&quot;,&quot;shutter_speed&quot;:&quot;0&quot;,&quot;title&quot;:&quot;&quot;,&quot;orientation&quot;:&quot;0&quot;}\" data-image-title=\"griffig_0003\" data-image-description=\"\" data-image-caption=\"\" data-large-file=\"https:\/\/i0.wp.com\/idnu.ch\/wordpress\/wp-content\/uploads\/2016\/08\/griffig_0003.jpg?fit=750%2C456&amp;ssl=1\" \/><\/a>\n\t\t\t<\/div><\/figure><figure class='gallery-item'>\n\t\t\t<div class='gallery-icon portrait'>\n\t\t\t\t<a href='https:\/\/idnu.ch\/wordpress\/kletterhalle-griffig-in-uster\/griffig_0004\/#main'><img loading=\"lazy\" decoding=\"async\" width=\"750\" height=\"750\" src=\"https:\/\/i0.wp.com\/idnu.ch\/wordpress\/wp-content\/uploads\/2016\/08\/griffig_0004.jpg?resize=750%2C750&amp;ssl=1\" class=\"attachment-anemone-postcarousel size-anemone-postcarousel\" alt=\"\" srcset=\"https:\/\/i0.wp.com\/idnu.ch\/wordpress\/wp-content\/uploads\/2016\/08\/griffig_0004.jpg?resize=150%2C150&amp;ssl=1 150w, https:\/\/i0.wp.com\/idnu.ch\/wordpress\/wp-content\/uploads\/2016\/08\/griffig_0004.jpg?resize=750%2C750&amp;ssl=1 750w\" sizes=\"auto, (max-width: 750px) 100vw, 750px\" data-attachment-id=\"5162\" data-permalink=\"https:\/\/idnu.ch\/wordpress\/kletterhalle-griffig-in-uster\/griffig_0004\/#main\" data-orig-file=\"https:\/\/i0.wp.com\/idnu.ch\/wordpress\/wp-content\/uploads\/2016\/08\/griffig_0004.jpg?fit=876%2C1400&amp;ssl=1\" data-orig-size=\"876,1400\" data-comments-opened=\"1\" data-image-meta=\"{&quot;aperture&quot;:&quot;0&quot;,&quot;credit&quot;:&quot;&quot;,&quot;camera&quot;:&quot;&quot;,&quot;caption&quot;:&quot;&quot;,&quot;created_timestamp&quot;:&quot;0&quot;,&quot;copyright&quot;:&quot;&quot;,&quot;focal_length&quot;:&quot;0&quot;,&quot;iso&quot;:&quot;0&quot;,&quot;shutter_speed&quot;:&quot;0&quot;,&quot;title&quot;:&quot;&quot;,&quot;orientation&quot;:&quot;0&quot;}\" data-image-title=\"griffig_0004\" data-image-description=\"\" data-image-caption=\"\" data-large-file=\"https:\/\/i0.wp.com\/idnu.ch\/wordpress\/wp-content\/uploads\/2016\/08\/griffig_0004.jpg?fit=641%2C1024&amp;ssl=1\" \/><\/a>\n\t\t\t<\/div><\/figure><figure class='gallery-item'>\n\t\t\t<div class='gallery-icon portrait'>\n\t\t\t\t<a href='https:\/\/idnu.ch\/wordpress\/kletterhalle-griffig-in-uster\/griffig_0005\/#main'><img loading=\"lazy\" decoding=\"async\" width=\"750\" height=\"750\" src=\"https:\/\/i0.wp.com\/idnu.ch\/wordpress\/wp-content\/uploads\/2016\/08\/griffig_0005.jpg?resize=750%2C750&amp;ssl=1\" class=\"attachment-anemone-postcarousel size-anemone-postcarousel\" alt=\"\" srcset=\"https:\/\/i0.wp.com\/idnu.ch\/wordpress\/wp-content\/uploads\/2016\/08\/griffig_0005.jpg?resize=150%2C150&amp;ssl=1 150w, https:\/\/i0.wp.com\/idnu.ch\/wordpress\/wp-content\/uploads\/2016\/08\/griffig_0005.jpg?resize=750%2C750&amp;ssl=1 750w\" sizes=\"auto, (max-width: 750px) 100vw, 750px\" data-attachment-id=\"5163\" data-permalink=\"https:\/\/idnu.ch\/wordpress\/kletterhalle-griffig-in-uster\/griffig_0005\/#main\" data-orig-file=\"https:\/\/i0.wp.com\/idnu.ch\/wordpress\/wp-content\/uploads\/2016\/08\/griffig_0005.jpg?fit=788%2C1400&amp;ssl=1\" data-orig-size=\"788,1400\" data-comments-opened=\"1\" data-image-meta=\"{&quot;aperture&quot;:&quot;0&quot;,&quot;credit&quot;:&quot;&quot;,&quot;camera&quot;:&quot;&quot;,&quot;caption&quot;:&quot;&quot;,&quot;created_timestamp&quot;:&quot;0&quot;,&quot;copyright&quot;:&quot;&quot;,&quot;focal_length&quot;:&quot;0&quot;,&quot;iso&quot;:&quot;0&quot;,&quot;shutter_speed&quot;:&quot;0&quot;,&quot;title&quot;:&quot;&quot;,&quot;orientation&quot;:&quot;0&quot;}\" data-image-title=\"griffig_0005\" data-image-description=\"\" data-image-caption=\"\" data-large-file=\"https:\/\/i0.wp.com\/idnu.ch\/wordpress\/wp-content\/uploads\/2016\/08\/griffig_0005.jpg?fit=576%2C1024&amp;ssl=1\" \/><\/a>\n\t\t\t<\/div><\/figure><figure class='gallery-item'>\n\t\t\t<div class='gallery-icon portrait'>\n\t\t\t\t<a href='https:\/\/idnu.ch\/wordpress\/kletterhalle-griffig-in-uster\/griffig_0006\/#main'><img loading=\"lazy\" decoding=\"async\" width=\"750\" height=\"750\" src=\"https:\/\/i0.wp.com\/idnu.ch\/wordpress\/wp-content\/uploads\/2016\/08\/griffig_0006.jpg?resize=750%2C750&amp;ssl=1\" class=\"attachment-anemone-postcarousel size-anemone-postcarousel\" alt=\"\" srcset=\"https:\/\/i0.wp.com\/idnu.ch\/wordpress\/wp-content\/uploads\/2016\/08\/griffig_0006.jpg?resize=150%2C150&amp;ssl=1 150w, https:\/\/i0.wp.com\/idnu.ch\/wordpress\/wp-content\/uploads\/2016\/08\/griffig_0006.jpg?resize=750%2C750&amp;ssl=1 750w\" sizes=\"auto, (max-width: 750px) 100vw, 750px\" data-attachment-id=\"5164\" data-permalink=\"https:\/\/idnu.ch\/wordpress\/kletterhalle-griffig-in-uster\/griffig_0006\/#main\" data-orig-file=\"https:\/\/i0.wp.com\/idnu.ch\/wordpress\/wp-content\/uploads\/2016\/08\/griffig_0006.jpg?fit=788%2C1400&amp;ssl=1\" data-orig-size=\"788,1400\" data-comments-opened=\"1\" data-image-meta=\"{&quot;aperture&quot;:&quot;0&quot;,&quot;credit&quot;:&quot;&quot;,&quot;camera&quot;:&quot;&quot;,&quot;caption&quot;:&quot;&quot;,&quot;created_timestamp&quot;:&quot;0&quot;,&quot;copyright&quot;:&quot;&quot;,&quot;focal_length&quot;:&quot;0&quot;,&quot;iso&quot;:&quot;0&quot;,&quot;shutter_speed&quot;:&quot;0&quot;,&quot;title&quot;:&quot;&quot;,&quot;orientation&quot;:&quot;0&quot;}\" data-image-title=\"griffig_0006\" data-image-description=\"\" data-image-caption=\"\" data-large-file=\"https:\/\/i0.wp.com\/idnu.ch\/wordpress\/wp-content\/uploads\/2016\/08\/griffig_0006.jpg?fit=576%2C1024&amp;ssl=1\" \/><\/a>\n\t\t\t<\/div><\/figure><figure class='gallery-item'>\n\t\t\t<div class='gallery-icon portrait'>\n\t\t\t\t<a href='https:\/\/idnu.ch\/wordpress\/kletterhalle-griffig-in-uster\/griffig_0007\/#main'><img loading=\"lazy\" decoding=\"async\" width=\"750\" height=\"750\" src=\"https:\/\/i0.wp.com\/idnu.ch\/wordpress\/wp-content\/uploads\/2016\/08\/griffig_0007.jpg?resize=750%2C750&amp;ssl=1\" class=\"attachment-anemone-postcarousel size-anemone-postcarousel\" alt=\"\" srcset=\"https:\/\/i0.wp.com\/idnu.ch\/wordpress\/wp-content\/uploads\/2016\/08\/griffig_0007.jpg?resize=150%2C150&amp;ssl=1 150w, https:\/\/i0.wp.com\/idnu.ch\/wordpress\/wp-content\/uploads\/2016\/08\/griffig_0007.jpg?resize=750%2C750&amp;ssl=1 750w\" sizes=\"auto, (max-width: 750px) 100vw, 750px\" data-attachment-id=\"5165\" data-permalink=\"https:\/\/idnu.ch\/wordpress\/kletterhalle-griffig-in-uster\/griffig_0007\/#main\" data-orig-file=\"https:\/\/i0.wp.com\/idnu.ch\/wordpress\/wp-content\/uploads\/2016\/08\/griffig_0007.jpg?fit=788%2C1400&amp;ssl=1\" data-orig-size=\"788,1400\" data-comments-opened=\"1\" data-image-meta=\"{&quot;aperture&quot;:&quot;0&quot;,&quot;credit&quot;:&quot;&quot;,&quot;camera&quot;:&quot;&quot;,&quot;caption&quot;:&quot;&quot;,&quot;created_timestamp&quot;:&quot;0&quot;,&quot;copyright&quot;:&quot;&quot;,&quot;focal_length&quot;:&quot;0&quot;,&quot;iso&quot;:&quot;0&quot;,&quot;shutter_speed&quot;:&quot;0&quot;,&quot;title&quot;:&quot;&quot;,&quot;orientation&quot;:&quot;0&quot;}\" data-image-title=\"griffig_0007\" data-image-description=\"\" data-image-caption=\"\" data-large-file=\"https:\/\/i0.wp.com\/idnu.ch\/wordpress\/wp-content\/uploads\/2016\/08\/griffig_0007.jpg?fit=576%2C1024&amp;ssl=1\" \/><\/a>\n\t\t\t<\/div><\/figure><figure class='gallery-item'>\n\t\t\t<div class='gallery-icon landscape'>\n\t\t\t\t<a href='https:\/\/idnu.ch\/wordpress\/kletterhalle-griffig-in-uster\/griffig_0008\/#main'><img loading=\"lazy\" decoding=\"async\" width=\"750\" height=\"750\" src=\"https:\/\/i0.wp.com\/idnu.ch\/wordpress\/wp-content\/uploads\/2016\/08\/griffig_0008.jpg?resize=750%2C750&amp;ssl=1\" class=\"attachment-anemone-postcarousel size-anemone-postcarousel\" alt=\"\" srcset=\"https:\/\/i0.wp.com\/idnu.ch\/wordpress\/wp-content\/uploads\/2016\/08\/griffig_0008.jpg?resize=150%2C150&amp;ssl=1 150w, https:\/\/i0.wp.com\/idnu.ch\/wordpress\/wp-content\/uploads\/2016\/08\/griffig_0008.jpg?resize=750%2C750&amp;ssl=1 750w\" sizes=\"auto, (max-width: 750px) 100vw, 750px\" data-attachment-id=\"5166\" data-permalink=\"https:\/\/idnu.ch\/wordpress\/kletterhalle-griffig-in-uster\/griffig_0008\/#main\" data-orig-file=\"https:\/\/i0.wp.com\/idnu.ch\/wordpress\/wp-content\/uploads\/2016\/08\/griffig_0008.jpg?fit=1400%2C788&amp;ssl=1\" data-orig-size=\"1400,788\" data-comments-opened=\"1\" data-image-meta=\"{&quot;aperture&quot;:&quot;0&quot;,&quot;credit&quot;:&quot;&quot;,&quot;camera&quot;:&quot;&quot;,&quot;caption&quot;:&quot;&quot;,&quot;created_timestamp&quot;:&quot;0&quot;,&quot;copyright&quot;:&quot;&quot;,&quot;focal_length&quot;:&quot;0&quot;,&quot;iso&quot;:&quot;0&quot;,&quot;shutter_speed&quot;:&quot;0&quot;,&quot;title&quot;:&quot;&quot;,&quot;orientation&quot;:&quot;0&quot;}\" data-image-title=\"griffig_0008\" data-image-description=\"\" data-image-caption=\"\" data-large-file=\"https:\/\/i0.wp.com\/idnu.ch\/wordpress\/wp-content\/uploads\/2016\/08\/griffig_0008.jpg?fit=750%2C422&amp;ssl=1\" \/><\/a>\n\t\t\t<\/div><\/figure><figure class='gallery-item'>\n\t\t\t<div class='gallery-icon landscape'>\n\t\t\t\t<a href='https:\/\/idnu.ch\/wordpress\/kletterhalle-griffig-in-uster\/griffig_0009\/#main'><img loading=\"lazy\" decoding=\"async\" width=\"750\" height=\"750\" src=\"https:\/\/i0.wp.com\/idnu.ch\/wordpress\/wp-content\/uploads\/2016\/08\/griffig_0009.jpg?resize=750%2C750&amp;ssl=1\" class=\"attachment-anemone-postcarousel size-anemone-postcarousel\" alt=\"\" srcset=\"https:\/\/i0.wp.com\/idnu.ch\/wordpress\/wp-content\/uploads\/2016\/08\/griffig_0009.jpg?resize=150%2C150&amp;ssl=1 150w, https:\/\/i0.wp.com\/idnu.ch\/wordpress\/wp-content\/uploads\/2016\/08\/griffig_0009.jpg?resize=750%2C750&amp;ssl=1 750w\" sizes=\"auto, (max-width: 750px) 100vw, 750px\" data-attachment-id=\"5167\" data-permalink=\"https:\/\/idnu.ch\/wordpress\/kletterhalle-griffig-in-uster\/griffig_0009\/#main\" data-orig-file=\"https:\/\/i0.wp.com\/idnu.ch\/wordpress\/wp-content\/uploads\/2016\/08\/griffig_0009.jpg?fit=1400%2C788&amp;ssl=1\" data-orig-size=\"1400,788\" data-comments-opened=\"1\" data-image-meta=\"{&quot;aperture&quot;:&quot;0&quot;,&quot;credit&quot;:&quot;&quot;,&quot;camera&quot;:&quot;&quot;,&quot;caption&quot;:&quot;&quot;,&quot;created_timestamp&quot;:&quot;0&quot;,&quot;copyright&quot;:&quot;&quot;,&quot;focal_length&quot;:&quot;0&quot;,&quot;iso&quot;:&quot;0&quot;,&quot;shutter_speed&quot;:&quot;0&quot;,&quot;title&quot;:&quot;&quot;,&quot;orientation&quot;:&quot;0&quot;}\" data-image-title=\"griffig_0009\" data-image-description=\"\" data-image-caption=\"\" data-large-file=\"https:\/\/i0.wp.com\/idnu.ch\/wordpress\/wp-content\/uploads\/2016\/08\/griffig_0009.jpg?fit=750%2C422&amp;ssl=1\" \/><\/a>\n\t\t\t<\/div><\/figure><figure class='gallery-item'>\n\t\t\t<div class='gallery-icon landscape'>\n\t\t\t\t<a href='https:\/\/idnu.ch\/wordpress\/kletterhalle-griffig-in-uster\/griffig_0010\/#main'><img loading=\"lazy\" decoding=\"async\" width=\"750\" height=\"750\" src=\"https:\/\/i0.wp.com\/idnu.ch\/wordpress\/wp-content\/uploads\/2016\/08\/griffig_0010.jpg?resize=750%2C750&amp;ssl=1\" class=\"attachment-anemone-postcarousel size-anemone-postcarousel\" alt=\"\" srcset=\"https:\/\/i0.wp.com\/idnu.ch\/wordpress\/wp-content\/uploads\/2016\/08\/griffig_0010.jpg?resize=150%2C150&amp;ssl=1 150w, https:\/\/i0.wp.com\/idnu.ch\/wordpress\/wp-content\/uploads\/2016\/08\/griffig_0010.jpg?resize=750%2C750&amp;ssl=1 750w\" sizes=\"auto, (max-width: 750px) 100vw, 750px\" data-attachment-id=\"5168\" data-permalink=\"https:\/\/idnu.ch\/wordpress\/kletterhalle-griffig-in-uster\/griffig_0010\/#main\" data-orig-file=\"https:\/\/i0.wp.com\/idnu.ch\/wordpress\/wp-content\/uploads\/2016\/08\/griffig_0010.jpg?fit=1400%2C788&amp;ssl=1\" data-orig-size=\"1400,788\" data-comments-opened=\"1\" data-image-meta=\"{&quot;aperture&quot;:&quot;0&quot;,&quot;credit&quot;:&quot;&quot;,&quot;camera&quot;:&quot;&quot;,&quot;caption&quot;:&quot;&quot;,&quot;created_timestamp&quot;:&quot;0&quot;,&quot;copyright&quot;:&quot;&quot;,&quot;focal_length&quot;:&quot;0&quot;,&quot;iso&quot;:&quot;0&quot;,&quot;shutter_speed&quot;:&quot;0&quot;,&quot;title&quot;:&quot;&quot;,&quot;orientation&quot;:&quot;0&quot;}\" data-image-title=\"griffig_0010\" data-image-description=\"\" data-image-caption=\"\" data-large-file=\"https:\/\/i0.wp.com\/idnu.ch\/wordpress\/wp-content\/uploads\/2016\/08\/griffig_0010.jpg?fit=750%2C422&amp;ssl=1\" \/><\/a>\n\t\t\t<\/div><\/figure>\n\t\t<\/div>\n\n","protected":false},"excerpt":{"rendered":"<p>Kaum von den Ferien zur\u00fcck, hatten wir auch schon den n\u00e4chsten Termin: Klettern&#8230;<\/p>\n","protected":false},"author":2,"featured_media":5171,"comment_status":"open","ping_status":"open","sticky":false,"template":"","format":"standard","meta":{"_monsterinsights_skip_tracking":false,"_monsterinsights_sitenote_active":false,"_monsterinsights_sitenote_note":"","_monsterinsights_sitenote_category":0,"jetpack_post_was_ever_published":false,"_jetpack_newsletter_access":"","_jetpack_dont_email_post_to_subs":true,"_jetpack_newsletter_tier_id":0,"_jetpack_memberships_contains_paywalled_content":false,"_jetpack_memberships_contains_paid_content":false,"footnotes":"","jetpack_publicize_message":"","jetpack_publicize_feature_enabled":true,"jetpack_social_post_already_shared":true,"jetpack_social_options":{"image_generator_settings":{"template":"highway","default_image_id":0,"font":"","enabled":false},"version":2}},"categories":[3,55,915],"tags":[568],"class_list":["post-5157","post","type-post","status-publish","format-standard","has-post-thumbnail","hentry","category-klettern","category-zuerich","category-zuerich-region","tag-kletterhalle"],"geo":{"latitude":47.361183199999999260398908518254756927490234375,"longitude":8.7255687999999995696498444885946810245513916015625,"description":null},"yoast_head":"<!-- This site is optimized with the Yoast SEO plugin v27.4 - https:\/\/yoast.com\/product\/yoast-seo-wordpress\/ -->\n<title>Kletterhalle &quot;Griffig&quot; in Uster - In der Natur unterwegs<\/title>\n<meta name=\"description\" content=\"Die Kletterhalle &quot;Griffig&quot; in Uster bietet auf 3800 m\u00b2 9 - 17 Meter hohe Routen, an Boulderbl\u00f6cken kann ebenfalls trainiert werden, drinnen wie draussen.\" \/>\n<meta name=\"robots\" content=\"index, follow, max-snippet:-1, max-image-preview:large, max-video-preview:-1\" \/>\n<link rel=\"canonical\" href=\"https:\/\/idnu.ch\/wordpress\/kletterhalle-griffig-in-uster\/\" \/>\n<meta property=\"og:locale\" content=\"de_DE\" \/>\n<meta property=\"og:type\" content=\"article\" \/>\n<meta property=\"og:title\" content=\"Kletterhalle &quot;Griffig&quot; in Uster - In der Natur unterwegs\" \/>\n<meta property=\"og:description\" content=\"Die Kletterhalle &quot;Griffig&quot; in Uster bietet auf 3800 m\u00b2 9 - 17 Meter hohe Routen, an Boulderbl\u00f6cken kann ebenfalls trainiert werden, drinnen wie draussen.\" \/>\n<meta property=\"og:url\" content=\"https:\/\/idnu.ch\/wordpress\/kletterhalle-griffig-in-uster\/\" \/>\n<meta property=\"og:site_name\" content=\"In der Natur unterwegs\" \/>\n<meta property=\"article:published_time\" content=\"2016-08-22T08:43:09+00:00\" \/>\n<meta property=\"article:modified_time\" content=\"2019-02-28T12:14:34+00:00\" \/>\n<meta property=\"og:image\" content=\"https:\/\/i0.wp.com\/idnu.ch\/wordpress\/wp-content\/uploads\/2016\/08\/griffig_0013.jpg?fit=1400%2C788&ssl=1\" \/>\n\t<meta property=\"og:image:width\" content=\"1400\" \/>\n\t<meta property=\"og:image:height\" content=\"788\" \/>\n\t<meta property=\"og:image:type\" content=\"image\/jpeg\" \/>\n<meta name=\"author\" content=\"Urs Kyburz\" \/>\n<meta name=\"twitter:card\" content=\"summary_large_image\" \/>\n<meta name=\"twitter:creator\" content=\"@idnu_ch\" \/>\n<meta name=\"twitter:site\" content=\"@idnu_ch\" \/>\n<meta name=\"twitter:label1\" content=\"Verfasst von\" \/>\n\t<meta name=\"twitter:data1\" content=\"Urs Kyburz\" \/>\n\t<meta name=\"twitter:label2\" content=\"Gesch\u00e4tzte Lesezeit\" \/>\n\t<meta name=\"twitter:data2\" content=\"1\u00a0Minute\" \/>\n<script type=\"application\/ld+json\" class=\"yoast-schema-graph\">{\"@context\":\"https:\\\/\\\/schema.org\",\"@graph\":[{\"@type\":\"Article\",\"@id\":\"https:\\\/\\\/idnu.ch\\\/wordpress\\\/kletterhalle-griffig-in-uster\\\/#article\",\"isPartOf\":{\"@id\":\"https:\\\/\\\/idnu.ch\\\/wordpress\\\/kletterhalle-griffig-in-uster\\\/\"},\"author\":{\"name\":\"Urs Kyburz\",\"@id\":\"https:\\\/\\\/idnu.ch\\\/wordpress\\\/#\\\/schema\\\/person\\\/1ab8c5de743be7b019272124c19ad351\"},\"headline\":\"Kletterhalle &#8222;Griffig&#8220; in Uster\",\"datePublished\":\"2016-08-22T08:43:09+00:00\",\"dateModified\":\"2019-02-28T12:14:34+00:00\",\"mainEntityOfPage\":{\"@id\":\"https:\\\/\\\/idnu.ch\\\/wordpress\\\/kletterhalle-griffig-in-uster\\\/\"},\"wordCount\":134,\"commentCount\":0,\"publisher\":{\"@id\":\"https:\\\/\\\/idnu.ch\\\/wordpress\\\/#\\\/schema\\\/person\\\/1ab8c5de743be7b019272124c19ad351\"},\"image\":{\"@id\":\"https:\\\/\\\/idnu.ch\\\/wordpress\\\/kletterhalle-griffig-in-uster\\\/#primaryimage\"},\"thumbnailUrl\":\"https:\\\/\\\/i0.wp.com\\\/idnu.ch\\\/wordpress\\\/wp-content\\\/uploads\\\/2016\\\/08\\\/griffig_0013.jpg?fit=1400%2C788&ssl=1\",\"keywords\":[\"Kletterhalle\"],\"articleSection\":[\"Klettern\",\"Z\u00fcrich\",\"Z\u00fcrich Region\"],\"inLanguage\":\"de\",\"potentialAction\":[{\"@type\":\"CommentAction\",\"name\":\"Comment\",\"target\":[\"https:\\\/\\\/idnu.ch\\\/wordpress\\\/kletterhalle-griffig-in-uster\\\/#respond\"]}]},{\"@type\":\"WebPage\",\"@id\":\"https:\\\/\\\/idnu.ch\\\/wordpress\\\/kletterhalle-griffig-in-uster\\\/\",\"url\":\"https:\\\/\\\/idnu.ch\\\/wordpress\\\/kletterhalle-griffig-in-uster\\\/\",\"name\":\"Kletterhalle \\\"Griffig\\\" in Uster - In der Natur unterwegs\",\"isPartOf\":{\"@id\":\"https:\\\/\\\/idnu.ch\\\/wordpress\\\/#website\"},\"primaryImageOfPage\":{\"@id\":\"https:\\\/\\\/idnu.ch\\\/wordpress\\\/kletterhalle-griffig-in-uster\\\/#primaryimage\"},\"image\":{\"@id\":\"https:\\\/\\\/idnu.ch\\\/wordpress\\\/kletterhalle-griffig-in-uster\\\/#primaryimage\"},\"thumbnailUrl\":\"https:\\\/\\\/i0.wp.com\\\/idnu.ch\\\/wordpress\\\/wp-content\\\/uploads\\\/2016\\\/08\\\/griffig_0013.jpg?fit=1400%2C788&ssl=1\",\"datePublished\":\"2016-08-22T08:43:09+00:00\",\"dateModified\":\"2019-02-28T12:14:34+00:00\",\"description\":\"Die Kletterhalle \\\"Griffig\\\" in Uster bietet auf 3800 m\u00b2 9 - 17 Meter hohe Routen, an Boulderbl\u00f6cken kann ebenfalls trainiert werden, drinnen wie draussen.\",\"breadcrumb\":{\"@id\":\"https:\\\/\\\/idnu.ch\\\/wordpress\\\/kletterhalle-griffig-in-uster\\\/#breadcrumb\"},\"inLanguage\":\"de\",\"potentialAction\":[{\"@type\":\"ReadAction\",\"target\":[\"https:\\\/\\\/idnu.ch\\\/wordpress\\\/kletterhalle-griffig-in-uster\\\/\"]}]},{\"@type\":\"ImageObject\",\"inLanguage\":\"de\",\"@id\":\"https:\\\/\\\/idnu.ch\\\/wordpress\\\/kletterhalle-griffig-in-uster\\\/#primaryimage\",\"url\":\"https:\\\/\\\/i0.wp.com\\\/idnu.ch\\\/wordpress\\\/wp-content\\\/uploads\\\/2016\\\/08\\\/griffig_0013.jpg?fit=1400%2C788&ssl=1\",\"contentUrl\":\"https:\\\/\\\/i0.wp.com\\\/idnu.ch\\\/wordpress\\\/wp-content\\\/uploads\\\/2016\\\/08\\\/griffig_0013.jpg?fit=1400%2C788&ssl=1\",\"width\":1400,\"height\":788,\"caption\":\"Kletterhalle Griffig\"},{\"@type\":\"BreadcrumbList\",\"@id\":\"https:\\\/\\\/idnu.ch\\\/wordpress\\\/kletterhalle-griffig-in-uster\\\/#breadcrumb\",\"itemListElement\":[{\"@type\":\"ListItem\",\"position\":1,\"name\":\"Startseite\",\"item\":\"https:\\\/\\\/idnu.ch\\\/wordpress\\\/\"},{\"@type\":\"ListItem\",\"position\":2,\"name\":\"Kletterhalle &#8222;Griffig&#8220; in Uster\"}]},{\"@type\":\"WebSite\",\"@id\":\"https:\\\/\\\/idnu.ch\\\/wordpress\\\/#website\",\"url\":\"https:\\\/\\\/idnu.ch\\\/wordpress\\\/\",\"name\":\"In der Natur unterwegs\",\"description\":\"Dort, wo es am sch\u00f6nsten ist\",\"publisher\":{\"@id\":\"https:\\\/\\\/idnu.ch\\\/wordpress\\\/#\\\/schema\\\/person\\\/1ab8c5de743be7b019272124c19ad351\"},\"potentialAction\":[{\"@type\":\"SearchAction\",\"target\":{\"@type\":\"EntryPoint\",\"urlTemplate\":\"https:\\\/\\\/idnu.ch\\\/wordpress\\\/?s={search_term_string}\"},\"query-input\":{\"@type\":\"PropertyValueSpecification\",\"valueRequired\":true,\"valueName\":\"search_term_string\"}}],\"inLanguage\":\"de\"},{\"@type\":[\"Person\",\"Organization\"],\"@id\":\"https:\\\/\\\/idnu.ch\\\/wordpress\\\/#\\\/schema\\\/person\\\/1ab8c5de743be7b019272124c19ad351\",\"name\":\"Urs Kyburz\",\"image\":{\"@type\":\"ImageObject\",\"inLanguage\":\"de\",\"@id\":\"https:\\\/\\\/i0.wp.com\\\/idnu.ch\\\/wordpress\\\/wp-content\\\/uploads\\\/2016\\\/02\\\/logo_150x165.gif?fit=3151%2C3456&ssl=1\",\"url\":\"https:\\\/\\\/i0.wp.com\\\/idnu.ch\\\/wordpress\\\/wp-content\\\/uploads\\\/2016\\\/02\\\/logo_150x165.gif?fit=3151%2C3456&ssl=1\",\"contentUrl\":\"https:\\\/\\\/i0.wp.com\\\/idnu.ch\\\/wordpress\\\/wp-content\\\/uploads\\\/2016\\\/02\\\/logo_150x165.gif?fit=3151%2C3456&ssl=1\",\"width\":3151,\"height\":3456,\"caption\":\"Urs Kyburz\"},\"logo\":{\"@id\":\"https:\\\/\\\/i0.wp.com\\\/idnu.ch\\\/wordpress\\\/wp-content\\\/uploads\\\/2016\\\/02\\\/logo_150x165.gif?fit=3151%2C3456&ssl=1\"}}]}<\/script>\n<!-- \/ Yoast SEO plugin. -->","yoast_head_json":{"title":"Kletterhalle \"Griffig\" in Uster - In der Natur unterwegs","description":"Die Kletterhalle \"Griffig\" in Uster bietet auf 3800 m\u00b2 9 - 17 Meter hohe Routen, an Boulderbl\u00f6cken kann ebenfalls trainiert werden, drinnen wie draussen.","robots":{"index":"index","follow":"follow","max-snippet":"max-snippet:-1","max-image-preview":"max-image-preview:large","max-video-preview":"max-video-preview:-1"},"canonical":"https:\/\/idnu.ch\/wordpress\/kletterhalle-griffig-in-uster\/","og_locale":"de_DE","og_type":"article","og_title":"Kletterhalle \"Griffig\" in Uster - In der Natur unterwegs","og_description":"Die Kletterhalle \"Griffig\" in Uster bietet auf 3800 m\u00b2 9 - 17 Meter hohe Routen, an Boulderbl\u00f6cken kann ebenfalls trainiert werden, drinnen wie draussen.","og_url":"https:\/\/idnu.ch\/wordpress\/kletterhalle-griffig-in-uster\/","og_site_name":"In der Natur unterwegs","article_published_time":"2016-08-22T08:43:09+00:00","article_modified_time":"2019-02-28T12:14:34+00:00","og_image":[{"width":1400,"height":788,"url":"https:\/\/i0.wp.com\/idnu.ch\/wordpress\/wp-content\/uploads\/2016\/08\/griffig_0013.jpg?fit=1400%2C788&ssl=1","type":"image\/jpeg"}],"author":"Urs Kyburz","twitter_card":"summary_large_image","twitter_creator":"@idnu_ch","twitter_site":"@idnu_ch","twitter_misc":{"Verfasst von":"Urs Kyburz","Gesch\u00e4tzte Lesezeit":"1\u00a0Minute"},"schema":{"@context":"https:\/\/schema.org","@graph":[{"@type":"Article","@id":"https:\/\/idnu.ch\/wordpress\/kletterhalle-griffig-in-uster\/#article","isPartOf":{"@id":"https:\/\/idnu.ch\/wordpress\/kletterhalle-griffig-in-uster\/"},"author":{"name":"Urs Kyburz","@id":"https:\/\/idnu.ch\/wordpress\/#\/schema\/person\/1ab8c5de743be7b019272124c19ad351"},"headline":"Kletterhalle &#8222;Griffig&#8220; in Uster","datePublished":"2016-08-22T08:43:09+00:00","dateModified":"2019-02-28T12:14:34+00:00","mainEntityOfPage":{"@id":"https:\/\/idnu.ch\/wordpress\/kletterhalle-griffig-in-uster\/"},"wordCount":134,"commentCount":0,"publisher":{"@id":"https:\/\/idnu.ch\/wordpress\/#\/schema\/person\/1ab8c5de743be7b019272124c19ad351"},"image":{"@id":"https:\/\/idnu.ch\/wordpress\/kletterhalle-griffig-in-uster\/#primaryimage"},"thumbnailUrl":"https:\/\/i0.wp.com\/idnu.ch\/wordpress\/wp-content\/uploads\/2016\/08\/griffig_0013.jpg?fit=1400%2C788&ssl=1","keywords":["Kletterhalle"],"articleSection":["Klettern","Z\u00fcrich","Z\u00fcrich Region"],"inLanguage":"de","potentialAction":[{"@type":"CommentAction","name":"Comment","target":["https:\/\/idnu.ch\/wordpress\/kletterhalle-griffig-in-uster\/#respond"]}]},{"@type":"WebPage","@id":"https:\/\/idnu.ch\/wordpress\/kletterhalle-griffig-in-uster\/","url":"https:\/\/idnu.ch\/wordpress\/kletterhalle-griffig-in-uster\/","name":"Kletterhalle \"Griffig\" in Uster - In der Natur unterwegs","isPartOf":{"@id":"https:\/\/idnu.ch\/wordpress\/#website"},"primaryImageOfPage":{"@id":"https:\/\/idnu.ch\/wordpress\/kletterhalle-griffig-in-uster\/#primaryimage"},"image":{"@id":"https:\/\/idnu.ch\/wordpress\/kletterhalle-griffig-in-uster\/#primaryimage"},"thumbnailUrl":"https:\/\/i0.wp.com\/idnu.ch\/wordpress\/wp-content\/uploads\/2016\/08\/griffig_0013.jpg?fit=1400%2C788&ssl=1","datePublished":"2016-08-22T08:43:09+00:00","dateModified":"2019-02-28T12:14:34+00:00","description":"Die Kletterhalle \"Griffig\" in Uster bietet auf 3800 m\u00b2 9 - 17 Meter hohe Routen, an Boulderbl\u00f6cken kann ebenfalls trainiert werden, drinnen wie draussen.","breadcrumb":{"@id":"https:\/\/idnu.ch\/wordpress\/kletterhalle-griffig-in-uster\/#breadcrumb"},"inLanguage":"de","potentialAction":[{"@type":"ReadAction","target":["https:\/\/idnu.ch\/wordpress\/kletterhalle-griffig-in-uster\/"]}]},{"@type":"ImageObject","inLanguage":"de","@id":"https:\/\/idnu.ch\/wordpress\/kletterhalle-griffig-in-uster\/#primaryimage","url":"https:\/\/i0.wp.com\/idnu.ch\/wordpress\/wp-content\/uploads\/2016\/08\/griffig_0013.jpg?fit=1400%2C788&ssl=1","contentUrl":"https:\/\/i0.wp.com\/idnu.ch\/wordpress\/wp-content\/uploads\/2016\/08\/griffig_0013.jpg?fit=1400%2C788&ssl=1","width":1400,"height":788,"caption":"Kletterhalle Griffig"},{"@type":"BreadcrumbList","@id":"https:\/\/idnu.ch\/wordpress\/kletterhalle-griffig-in-uster\/#breadcrumb","itemListElement":[{"@type":"ListItem","position":1,"name":"Startseite","item":"https:\/\/idnu.ch\/wordpress\/"},{"@type":"ListItem","position":2,"name":"Kletterhalle &#8222;Griffig&#8220; in Uster"}]},{"@type":"WebSite","@id":"https:\/\/idnu.ch\/wordpress\/#website","url":"https:\/\/idnu.ch\/wordpress\/","name":"In der Natur unterwegs","description":"Dort, wo es am sch\u00f6nsten ist","publisher":{"@id":"https:\/\/idnu.ch\/wordpress\/#\/schema\/person\/1ab8c5de743be7b019272124c19ad351"},"potentialAction":[{"@type":"SearchAction","target":{"@type":"EntryPoint","urlTemplate":"https:\/\/idnu.ch\/wordpress\/?s={search_term_string}"},"query-input":{"@type":"PropertyValueSpecification","valueRequired":true,"valueName":"search_term_string"}}],"inLanguage":"de"},{"@type":["Person","Organization"],"@id":"https:\/\/idnu.ch\/wordpress\/#\/schema\/person\/1ab8c5de743be7b019272124c19ad351","name":"Urs Kyburz","image":{"@type":"ImageObject","inLanguage":"de","@id":"https:\/\/i0.wp.com\/idnu.ch\/wordpress\/wp-content\/uploads\/2016\/02\/logo_150x165.gif?fit=3151%2C3456&ssl=1","url":"https:\/\/i0.wp.com\/idnu.ch\/wordpress\/wp-content\/uploads\/2016\/02\/logo_150x165.gif?fit=3151%2C3456&ssl=1","contentUrl":"https:\/\/i0.wp.com\/idnu.ch\/wordpress\/wp-content\/uploads\/2016\/02\/logo_150x165.gif?fit=3151%2C3456&ssl=1","width":3151,"height":3456,"caption":"Urs Kyburz"},"logo":{"@id":"https:\/\/i0.wp.com\/idnu.ch\/wordpress\/wp-content\/uploads\/2016\/02\/logo_150x165.gif?fit=3151%2C3456&ssl=1"}}]}},"jetpack_publicize_connections":[],"jetpack_featured_media_url":"https:\/\/i0.wp.com\/idnu.ch\/wordpress\/wp-content\/uploads\/2016\/08\/griffig_0013.jpg?fit=1400%2C788&ssl=1","jetpack_sharing_enabled":true,"jetpack_shortlink":"https:\/\/wp.me\/p6MmGG-1lb","jetpack-related-posts":[{"id":103,"url":"https:\/\/idnu.ch\/wordpress\/klettern-mit-kindern-um-meiringen\/","url_meta":{"origin":5157,"position":0},"title":"Klettern mit Kindern um Meiringen","author":"Urs Kyburz","date":"20. Mai 2015","format":false,"excerpt":"Meiringen ist so was wie die \"Hauptstadt der Kletterer\". Auf kleinstem Raum findet man alle m\u00f6glichen Spielarten und Schwierigkeiten der Kletterei, von Kletterg\u00e4rten f\u00fcr Anf\u00e4nger bis zu den extremen Mehrseill\u00e4ngenrouten an den Wendenst\u00f6cken. Zum Saisonanfang f\u00fchlen wir uns eher zu ersteren hingezogen. Klettereldorado Haslital Was es nicht alles zu klettern\u2026","rel":"","context":"In &quot;Bern&quot;","block_context":{"text":"Bern","link":"https:\/\/idnu.ch\/wordpress\/category\/kanton\/bern\/"},"img":{"alt_text":"Rotsteini","src":"https:\/\/i0.wp.com\/idnu.ch\/wordpress\/wp-content\/uploads\/2015\/05\/weidh15_0022.jpg?fit=1024%2C768&ssl=1&resize=350%2C200","width":350,"height":200,"srcset":"https:\/\/i0.wp.com\/idnu.ch\/wordpress\/wp-content\/uploads\/2015\/05\/weidh15_0022.jpg?fit=1024%2C768&ssl=1&resize=350%2C200 1x, https:\/\/i0.wp.com\/idnu.ch\/wordpress\/wp-content\/uploads\/2015\/05\/weidh15_0022.jpg?fit=1024%2C768&ssl=1&resize=525%2C300 1.5x, https:\/\/i0.wp.com\/idnu.ch\/wordpress\/wp-content\/uploads\/2015\/05\/weidh15_0022.jpg?fit=1024%2C768&ssl=1&resize=700%2C400 2x"},"classes":[]},{"id":3521,"url":"https:\/\/idnu.ch\/wordpress\/klettern-wenn-kinder-sichern\/","url_meta":{"origin":5157,"position":1},"title":"Klettern: Wenn Kinder sichern","author":"Urs Kyburz","date":"21. April 2016","format":false,"excerpt":"Du kennst das vielleicht: Du willst mit den Kindern in den Klettergarten gehen, hast aber keine erwachsene Person, die dich sichern kann. Aber halt, da sind ja eben die Kinder. Zu leicht? Geht trotzdem, wenn man ein paar Regeln befolgt. Zuerst vorneweg f\u00fcr Anf\u00e4nger und reine Hallenkletterer:\u00a0Wenn du bis jetzt\u2026","rel":"","context":"In &quot;Klettern&quot;","block_context":{"text":"Klettern","link":"https:\/\/idnu.ch\/wordpress\/category\/klettern\/"},"img":{"alt_text":"Seriensicherung durch Kinder","src":"https:\/\/i0.wp.com\/idnu.ch\/wordpress\/wp-content\/uploads\/2016\/04\/leysin_0401.jpg?fit=1200%2C800&ssl=1&resize=350%2C200","width":350,"height":200,"srcset":"https:\/\/i0.wp.com\/idnu.ch\/wordpress\/wp-content\/uploads\/2016\/04\/leysin_0401.jpg?fit=1200%2C800&ssl=1&resize=350%2C200 1x, https:\/\/i0.wp.com\/idnu.ch\/wordpress\/wp-content\/uploads\/2016\/04\/leysin_0401.jpg?fit=1200%2C800&ssl=1&resize=525%2C300 1.5x, https:\/\/i0.wp.com\/idnu.ch\/wordpress\/wp-content\/uploads\/2016\/04\/leysin_0401.jpg?fit=1200%2C800&ssl=1&resize=700%2C400 2x, https:\/\/i0.wp.com\/idnu.ch\/wordpress\/wp-content\/uploads\/2016\/04\/leysin_0401.jpg?fit=1200%2C800&ssl=1&resize=1050%2C600 3x"},"classes":[]},{"id":135,"url":"https:\/\/idnu.ch\/wordpress\/ein-fels-gewordener-traum\/","url_meta":{"origin":5157,"position":2},"title":"Ein Fels gewordener Traum","author":"Urs Kyburz","date":"20. Oktober 2014","format":false,"excerpt":"Die Tour d\u2019A\u00ef ist nicht nur ein Gipfelziel, sondern l\u00e4dt die ambitionierten Kletterer ein, sich in den senkrechten, grandiosen Felsen auszutoben. Leider liegen die Routen im Moment oberhalb meiner psychischen und technischen F\u00e4higkeiten, aber wir fanden trotzdem noch ein paar moderatere L\u00e4ngen zum Klettern. Von La Berneuse mussten wir zuerst\u2026","rel":"","context":"In &quot;Genferseegebiet (Waadt)&quot;","block_context":{"text":"Genferseegebiet (Waadt)","link":"https:\/\/idnu.ch\/wordpress\/category\/tourismusregionen\/genferseegebiet\/"},"img":{"alt_text":"Klettern an der Tour d'A\u00ef","src":"https:\/\/i0.wp.com\/idnu.ch\/wordpress\/wp-content\/uploads\/2014\/10\/IMG_1194.jpg?fit=1200%2C900&ssl=1&resize=350%2C200","width":350,"height":200,"srcset":"https:\/\/i0.wp.com\/idnu.ch\/wordpress\/wp-content\/uploads\/2014\/10\/IMG_1194.jpg?fit=1200%2C900&ssl=1&resize=350%2C200 1x, https:\/\/i0.wp.com\/idnu.ch\/wordpress\/wp-content\/uploads\/2014\/10\/IMG_1194.jpg?fit=1200%2C900&ssl=1&resize=525%2C300 1.5x, https:\/\/i0.wp.com\/idnu.ch\/wordpress\/wp-content\/uploads\/2014\/10\/IMG_1194.jpg?fit=1200%2C900&ssl=1&resize=700%2C400 2x, https:\/\/i0.wp.com\/idnu.ch\/wordpress\/wp-content\/uploads\/2014\/10\/IMG_1194.jpg?fit=1200%2C900&ssl=1&resize=1050%2C600 3x"},"classes":[]},{"id":138,"url":"https:\/\/idnu.ch\/wordpress\/klettern-im-steinbruch\/","url_meta":{"origin":5157,"position":3},"title":"Klettern im Steinbruch","author":"Urs Kyburz","date":"11. Oktober 2014","format":false,"excerpt":"Bei unserer Biketour am ersten Tag entdeckten wir einen Klettergarten kurz ausserhalb Leysin. Das w\u00e4re was f\u00fcr einen gem\u00fctlichen Tag, fanden wir damals. Heute war es also soweit, wir suchten diesen Klettergarten in einem ehemaligen Steinbruch auf. Da Leysin bekanntermassen alles andere als flach ist, entschieden wir uns, f\u00fcr einmal\u2026","rel":"","context":"In &quot;Genferseegebiet (Waadt)&quot;","block_context":{"text":"Genferseegebiet (Waadt)","link":"https:\/\/idnu.ch\/wordpress\/category\/tourismusregionen\/genferseegebiet\/"},"img":{"alt_text":"Klettern in Leysin","src":"https:\/\/i0.wp.com\/idnu.ch\/wordpress\/wp-content\/uploads\/2014\/10\/IMG_7399.jpg?fit=1200%2C800&ssl=1&resize=350%2C200","width":350,"height":200,"srcset":"https:\/\/i0.wp.com\/idnu.ch\/wordpress\/wp-content\/uploads\/2014\/10\/IMG_7399.jpg?fit=1200%2C800&ssl=1&resize=350%2C200 1x, https:\/\/i0.wp.com\/idnu.ch\/wordpress\/wp-content\/uploads\/2014\/10\/IMG_7399.jpg?fit=1200%2C800&ssl=1&resize=525%2C300 1.5x, https:\/\/i0.wp.com\/idnu.ch\/wordpress\/wp-content\/uploads\/2014\/10\/IMG_7399.jpg?fit=1200%2C800&ssl=1&resize=700%2C400 2x, https:\/\/i0.wp.com\/idnu.ch\/wordpress\/wp-content\/uploads\/2014\/10\/IMG_7399.jpg?fit=1200%2C800&ssl=1&resize=1050%2C600 3x"},"classes":[]},{"id":8196,"url":"https:\/\/idnu.ch\/wordpress\/griffiger-fels-auf-der-melchsee-frutt\/","url_meta":{"origin":5157,"position":4},"title":"Griffiger Fels auf der Melchsee-Frutt","author":"Urs Kyburz","date":"23. August 2017","format":false,"excerpt":"F\u00fcr das allj\u00e4hrliche Familienklettern mit dem SAC Homberg war ein ideales Klettergebiet gefragt: Routen f\u00fcr alle, ob f\u00fcr Anf\u00e4nger oder Cracks, leicht erreichbar, schwierig und einfach am gleichen Ort. Da fiel unsere Wahl (oder besser der Frau als Tourenleiterin) auf den Klettergarten Bonistock auf der Melchsee-Frutt. Kinderrouten versprechen Erfolgserlebnisse Von\u2026","rel":"","context":"In &quot;Klettern&quot;","block_context":{"text":"Klettern","link":"https:\/\/idnu.ch\/wordpress\/category\/klettern\/"},"img":{"alt_text":"Sch\u00f6ne Stimmung beim Melchsee","src":"https:\/\/i0.wp.com\/idnu.ch\/wordpress\/wp-content\/uploads\/2017\/08\/familienklettern-20170820-59.jpg?fit=1200%2C800&ssl=1&resize=350%2C200","width":350,"height":200,"srcset":"https:\/\/i0.wp.com\/idnu.ch\/wordpress\/wp-content\/uploads\/2017\/08\/familienklettern-20170820-59.jpg?fit=1200%2C800&ssl=1&resize=350%2C200 1x, https:\/\/i0.wp.com\/idnu.ch\/wordpress\/wp-content\/uploads\/2017\/08\/familienklettern-20170820-59.jpg?fit=1200%2C800&ssl=1&resize=525%2C300 1.5x, https:\/\/i0.wp.com\/idnu.ch\/wordpress\/wp-content\/uploads\/2017\/08\/familienklettern-20170820-59.jpg?fit=1200%2C800&ssl=1&resize=700%2C400 2x, https:\/\/i0.wp.com\/idnu.ch\/wordpress\/wp-content\/uploads\/2017\/08\/familienklettern-20170820-59.jpg?fit=1200%2C800&ssl=1&resize=1050%2C600 3x"},"classes":[]},{"id":7667,"url":"https:\/\/idnu.ch\/wordpress\/klettern-fuer-anfaenger-am-schmalstoeckli\/","url_meta":{"origin":5157,"position":5},"title":"Klettern f\u00fcr Anf\u00e4nger am Schmalst\u00f6ckli","author":"Urs Kyburz","date":"10. Juni 2017","format":false,"excerpt":"Zum Wandern und Skitouren machen waren wir mit den Kindern schon \u00f6fters im Lidernengebiet, aber noch nie zum Klettern. Der SAC Homberg f\u00fchrte \u00fcber Pfingsten ein Kletterwochenende in dieser Gegend durch. Aber nicht alle f\u00fchlten sich zum Klettern hingezogen. Eine luftige Bahnfahrt Wie immer fahren wir mit dem luftigen Seilb\u00e4hnli\u2026","rel":"","context":"In &quot;Klettern&quot;","block_context":{"text":"Klettern","link":"https:\/\/idnu.ch\/wordpress\/category\/klettern\/"},"img":{"alt_text":"Fantastische Aussicht vom Fusse des Schmalst\u00f6ckli","src":"https:\/\/i0.wp.com\/idnu.ch\/wordpress\/wp-content\/uploads\/2017\/06\/schmalstoeckli_170603_083.jpg?fit=1200%2C800&ssl=1&resize=350%2C200","width":350,"height":200,"srcset":"https:\/\/i0.wp.com\/idnu.ch\/wordpress\/wp-content\/uploads\/2017\/06\/schmalstoeckli_170603_083.jpg?fit=1200%2C800&ssl=1&resize=350%2C200 1x, https:\/\/i0.wp.com\/idnu.ch\/wordpress\/wp-content\/uploads\/2017\/06\/schmalstoeckli_170603_083.jpg?fit=1200%2C800&ssl=1&resize=525%2C300 1.5x, https:\/\/i0.wp.com\/idnu.ch\/wordpress\/wp-content\/uploads\/2017\/06\/schmalstoeckli_170603_083.jpg?fit=1200%2C800&ssl=1&resize=700%2C400 2x, https:\/\/i0.wp.com\/idnu.ch\/wordpress\/wp-content\/uploads\/2017\/06\/schmalstoeckli_170603_083.jpg?fit=1200%2C800&ssl=1&resize=1050%2C600 3x"},"classes":[]}],"jetpack_likes_enabled":true,"_links":{"self":[{"href":"https:\/\/idnu.ch\/wordpress\/wp-json\/wp\/v2\/posts\/5157","targetHints":{"allow":["GET"]}}],"collection":[{"href":"https:\/\/idnu.ch\/wordpress\/wp-json\/wp\/v2\/posts"}],"about":[{"href":"https:\/\/idnu.ch\/wordpress\/wp-json\/wp\/v2\/types\/post"}],"author":[{"embeddable":true,"href":"https:\/\/idnu.ch\/wordpress\/wp-json\/wp\/v2\/users\/2"}],"replies":[{"embeddable":true,"href":"https:\/\/idnu.ch\/wordpress\/wp-json\/wp\/v2\/comments?post=5157"}],"version-history":[{"count":6,"href":"https:\/\/idnu.ch\/wordpress\/wp-json\/wp\/v2\/posts\/5157\/revisions"}],"predecessor-version":[{"id":11982,"href":"https:\/\/idnu.ch\/wordpress\/wp-json\/wp\/v2\/posts\/5157\/revisions\/11982"}],"wp:featuredmedia":[{"embeddable":true,"href":"https:\/\/idnu.ch\/wordpress\/wp-json\/wp\/v2\/media\/5171"}],"wp:attachment":[{"href":"https:\/\/idnu.ch\/wordpress\/wp-json\/wp\/v2\/media?parent=5157"}],"wp:term":[{"taxonomy":"category","embeddable":true,"href":"https:\/\/idnu.ch\/wordpress\/wp-json\/wp\/v2\/categories?post=5157"},{"taxonomy":"post_tag","embeddable":true,"href":"https:\/\/idnu.ch\/wordpress\/wp-json\/wp\/v2\/tags?post=5157"}],"curies":[{"name":"wp","href":"https:\/\/api.w.org\/{rel}","templated":true}]}}