{"id":5174,"date":"2016-08-22T11:30:13","date_gmt":"2016-08-22T09:30:13","guid":{"rendered":"http:\/\/idnu.ch\/wordpress\/?p=5174"},"modified":"2023-12-12T15:58:54","modified_gmt":"2023-12-12T14:58:54","slug":"familientour-engstligenalp","status":"publish","type":"post","link":"https:\/\/idnu.ch\/wordpress\/familientour-engstligenalp\/","title":{"rendered":"Familientour Engstligenalp"},"content":{"rendered":"<p>Einmal im Jahr f\u00fchrt der <a href=\"http:\/\/www.sac-homberg.ch\" target=\"_blank\" rel=\"noopener noreferrer\">SAC Homberg<\/a> unter der Leitung meiner Frau und eines anderen Mitgliedes eine Familientour durch. Diese f\u00fchrte uns diesmal auf die Engstligenalp. Wir waren letztes Jahr schon dort zur Vorbereitung eines\u00a0Artikels, aber bei schlechtem Wetter. Wer Details zum Ort wissen m\u00f6chte, kann hier nachlesen:\u00a0<a href=\"https:\/\/idnu.ch\/wordpress\/familienparadies-engstligenalp\/\">Familienparadies Engstligenalp<\/a>. Das Programm war dieses Jahr das gleiche, weshalb ich hier nur Bilder zeige, diesmal bei sch\u00f6nem Wetter.<\/p>\n<h1>Klettersteig Ch\u00e4ligang<\/h1>\n<div data-carousel-extra='{&quot;blog_id&quot;:1,&quot;permalink&quot;:&quot;https:\/\/idnu.ch\/wordpress\/familientour-engstligenalp\/&quot;}' id='gallery-1' class='gallery galleryid-5174 gallery-columns-3 gallery-size-anemone-postcarousel'><figure class='gallery-item'>\n\t\t\t<div class='gallery-icon landscape'>\n\t\t\t\t<a href='https:\/\/idnu.ch\/wordpress\/familientour-engstligenalp\/engstligenalp_0001\/#main'><img loading=\"lazy\" decoding=\"async\" width=\"750\" height=\"750\" src=\"https:\/\/i0.wp.com\/idnu.ch\/wordpress\/wp-content\/uploads\/2016\/08\/engstligenalp_0001.jpg?resize=750%2C750&amp;ssl=1\" class=\"attachment-anemone-postcarousel size-anemone-postcarousel\" alt=\"Letzte Instruktionen vor dem Start\" aria-describedby=\"gallery-1-5175\" srcset=\"https:\/\/i0.wp.com\/idnu.ch\/wordpress\/wp-content\/uploads\/2016\/08\/engstligenalp_0001.jpg?resize=150%2C150&amp;ssl=1 150w, https:\/\/i0.wp.com\/idnu.ch\/wordpress\/wp-content\/uploads\/2016\/08\/engstligenalp_0001.jpg?resize=750%2C750&amp;ssl=1 750w\" sizes=\"auto, (max-width: 750px) 100vw, 750px\" data-attachment-id=\"5175\" data-permalink=\"https:\/\/idnu.ch\/wordpress\/familientour-engstligenalp\/engstligenalp_0001\/#main\" data-orig-file=\"https:\/\/i0.wp.com\/idnu.ch\/wordpress\/wp-content\/uploads\/2016\/08\/engstligenalp_0001.jpg?fit=1400%2C933&amp;ssl=1\" data-orig-size=\"1400,933\" data-comments-opened=\"1\" data-image-meta=\"{&quot;aperture&quot;:&quot;0&quot;,&quot;credit&quot;:&quot;&quot;,&quot;camera&quot;:&quot;&quot;,&quot;caption&quot;:&quot;&quot;,&quot;created_timestamp&quot;:&quot;0&quot;,&quot;copyright&quot;:&quot;&quot;,&quot;focal_length&quot;:&quot;0&quot;,&quot;iso&quot;:&quot;0&quot;,&quot;shutter_speed&quot;:&quot;0&quot;,&quot;title&quot;:&quot;&quot;,&quot;orientation&quot;:&quot;0&quot;}\" data-image-title=\"Letzte Instruktionen vor dem Start\" data-image-description=\"\" data-image-caption=\"&lt;p&gt;Letzte Instruktionen vor dem Start&lt;\/p&gt;\n\" data-large-file=\"https:\/\/i0.wp.com\/idnu.ch\/wordpress\/wp-content\/uploads\/2016\/08\/engstligenalp_0001.jpg?fit=750%2C500&amp;ssl=1\" \/><\/a>\n\t\t\t<\/div>\n\t\t\t\t<figcaption class='wp-caption-text gallery-caption' id='gallery-1-5175'>\n\t\t\t\tLetzte Instruktionen vor dem Start\n\t\t\t\t<\/figcaption><\/figure><figure class='gallery-item'>\n\t\t\t<div class='gallery-icon portrait'>\n\t\t\t\t<a href='https:\/\/idnu.ch\/wordpress\/familientour-engstligenalp\/engstligenalp_0002\/#main'><img loading=\"lazy\" decoding=\"async\" width=\"750\" height=\"750\" src=\"https:\/\/i0.wp.com\/idnu.ch\/wordpress\/wp-content\/uploads\/2016\/08\/engstligenalp_0002.jpg?resize=750%2C750&amp;ssl=1\" class=\"attachment-anemone-postcarousel size-anemone-postcarousel\" alt=\"\" srcset=\"https:\/\/i0.wp.com\/idnu.ch\/wordpress\/wp-content\/uploads\/2016\/08\/engstligenalp_0002.jpg?resize=150%2C150&amp;ssl=1 150w, https:\/\/i0.wp.com\/idnu.ch\/wordpress\/wp-content\/uploads\/2016\/08\/engstligenalp_0002.jpg?resize=750%2C750&amp;ssl=1 750w\" sizes=\"auto, (max-width: 750px) 100vw, 750px\" data-attachment-id=\"5176\" data-permalink=\"https:\/\/idnu.ch\/wordpress\/familientour-engstligenalp\/engstligenalp_0002\/#main\" data-orig-file=\"https:\/\/i0.wp.com\/idnu.ch\/wordpress\/wp-content\/uploads\/2016\/08\/engstligenalp_0002.jpg?fit=933%2C1400&amp;ssl=1\" data-orig-size=\"933,1400\" data-comments-opened=\"1\" data-image-meta=\"{&quot;aperture&quot;:&quot;0&quot;,&quot;credit&quot;:&quot;&quot;,&quot;camera&quot;:&quot;&quot;,&quot;caption&quot;:&quot;&quot;,&quot;created_timestamp&quot;:&quot;0&quot;,&quot;copyright&quot;:&quot;&quot;,&quot;focal_length&quot;:&quot;0&quot;,&quot;iso&quot;:&quot;0&quot;,&quot;shutter_speed&quot;:&quot;0&quot;,&quot;title&quot;:&quot;&quot;,&quot;orientation&quot;:&quot;0&quot;}\" data-image-title=\"engstligenalp_0002\" data-image-description=\"\" data-image-caption=\"\" data-large-file=\"https:\/\/i0.wp.com\/idnu.ch\/wordpress\/wp-content\/uploads\/2016\/08\/engstligenalp_0002.jpg?fit=682%2C1024&amp;ssl=1\" \/><\/a>\n\t\t\t<\/div><\/figure><figure class='gallery-item'>\n\t\t\t<div class='gallery-icon landscape'>\n\t\t\t\t<a href='https:\/\/idnu.ch\/wordpress\/familientour-engstligenalp\/engstligenalp_0003-2\/#main'><img loading=\"lazy\" decoding=\"async\" width=\"750\" height=\"750\" src=\"https:\/\/i0.wp.com\/idnu.ch\/wordpress\/wp-content\/uploads\/2016\/08\/engstligenalp_0003.jpg?resize=750%2C750&amp;ssl=1\" class=\"attachment-anemone-postcarousel size-anemone-postcarousel\" alt=\"Ein steiler Wanderweg\" aria-describedby=\"gallery-1-5177\" srcset=\"https:\/\/i0.wp.com\/idnu.ch\/wordpress\/wp-content\/uploads\/2016\/08\/engstligenalp_0003.jpg?resize=150%2C150&amp;ssl=1 150w, https:\/\/i0.wp.com\/idnu.ch\/wordpress\/wp-content\/uploads\/2016\/08\/engstligenalp_0003.jpg?resize=750%2C750&amp;ssl=1 750w\" sizes=\"auto, (max-width: 750px) 100vw, 750px\" data-attachment-id=\"5177\" data-permalink=\"https:\/\/idnu.ch\/wordpress\/familientour-engstligenalp\/engstligenalp_0003-2\/#main\" data-orig-file=\"https:\/\/i0.wp.com\/idnu.ch\/wordpress\/wp-content\/uploads\/2016\/08\/engstligenalp_0003.jpg?fit=1400%2C933&amp;ssl=1\" data-orig-size=\"1400,933\" data-comments-opened=\"1\" data-image-meta=\"{&quot;aperture&quot;:&quot;0&quot;,&quot;credit&quot;:&quot;&quot;,&quot;camera&quot;:&quot;&quot;,&quot;caption&quot;:&quot;&quot;,&quot;created_timestamp&quot;:&quot;0&quot;,&quot;copyright&quot;:&quot;&quot;,&quot;focal_length&quot;:&quot;0&quot;,&quot;iso&quot;:&quot;0&quot;,&quot;shutter_speed&quot;:&quot;0&quot;,&quot;title&quot;:&quot;&quot;,&quot;orientation&quot;:&quot;0&quot;}\" data-image-title=\"Ein steiler Wanderweg\" data-image-description=\"\" data-image-caption=\"&lt;p&gt;Ein steiler Wanderweg&lt;\/p&gt;\n\" data-large-file=\"https:\/\/i0.wp.com\/idnu.ch\/wordpress\/wp-content\/uploads\/2016\/08\/engstligenalp_0003.jpg?fit=750%2C500&amp;ssl=1\" \/><\/a>\n\t\t\t<\/div>\n\t\t\t\t<figcaption class='wp-caption-text gallery-caption' id='gallery-1-5177'>\n\t\t\t\tEin steiler Wanderweg\n\t\t\t\t<\/figcaption><\/figure><figure class='gallery-item'>\n\t\t\t<div class='gallery-icon portrait'>\n\t\t\t\t<a href='https:\/\/idnu.ch\/wordpress\/familientour-engstligenalp\/engstligenalp_0004\/#main'><img loading=\"lazy\" decoding=\"async\" width=\"750\" height=\"750\" src=\"https:\/\/i0.wp.com\/idnu.ch\/wordpress\/wp-content\/uploads\/2016\/08\/engstligenalp_0004.jpg?resize=750%2C750&amp;ssl=1\" class=\"attachment-anemone-postcarousel size-anemone-postcarousel\" alt=\"\" srcset=\"https:\/\/i0.wp.com\/idnu.ch\/wordpress\/wp-content\/uploads\/2016\/08\/engstligenalp_0004.jpg?resize=150%2C150&amp;ssl=1 150w, https:\/\/i0.wp.com\/idnu.ch\/wordpress\/wp-content\/uploads\/2016\/08\/engstligenalp_0004.jpg?resize=750%2C750&amp;ssl=1 750w\" sizes=\"auto, (max-width: 750px) 100vw, 750px\" data-attachment-id=\"5178\" data-permalink=\"https:\/\/idnu.ch\/wordpress\/familientour-engstligenalp\/engstligenalp_0004\/#main\" data-orig-file=\"https:\/\/i0.wp.com\/idnu.ch\/wordpress\/wp-content\/uploads\/2016\/08\/engstligenalp_0004.jpg?fit=933%2C1400&amp;ssl=1\" data-orig-size=\"933,1400\" data-comments-opened=\"1\" data-image-meta=\"{&quot;aperture&quot;:&quot;0&quot;,&quot;credit&quot;:&quot;&quot;,&quot;camera&quot;:&quot;&quot;,&quot;caption&quot;:&quot;&quot;,&quot;created_timestamp&quot;:&quot;0&quot;,&quot;copyright&quot;:&quot;&quot;,&quot;focal_length&quot;:&quot;0&quot;,&quot;iso&quot;:&quot;0&quot;,&quot;shutter_speed&quot;:&quot;0&quot;,&quot;title&quot;:&quot;&quot;,&quot;orientation&quot;:&quot;0&quot;}\" data-image-title=\"engstligenalp_0004\" data-image-description=\"\" data-image-caption=\"\" data-large-file=\"https:\/\/i0.wp.com\/idnu.ch\/wordpress\/wp-content\/uploads\/2016\/08\/engstligenalp_0004.jpg?fit=682%2C1024&amp;ssl=1\" \/><\/a>\n\t\t\t<\/div><\/figure><figure class='gallery-item'>\n\t\t\t<div class='gallery-icon landscape'>\n\t\t\t\t<a href='https:\/\/idnu.ch\/wordpress\/familientour-engstligenalp\/engstligenalp_0006\/#main'><img loading=\"lazy\" decoding=\"async\" width=\"750\" height=\"750\" src=\"https:\/\/i0.wp.com\/idnu.ch\/wordpress\/wp-content\/uploads\/2016\/08\/engstligenalp_0006.jpg?resize=750%2C750&amp;ssl=1\" class=\"attachment-anemone-postcarousel size-anemone-postcarousel\" alt=\"\" srcset=\"https:\/\/i0.wp.com\/idnu.ch\/wordpress\/wp-content\/uploads\/2016\/08\/engstligenalp_0006.jpg?resize=150%2C150&amp;ssl=1 150w, https:\/\/i0.wp.com\/idnu.ch\/wordpress\/wp-content\/uploads\/2016\/08\/engstligenalp_0006.jpg?resize=750%2C750&amp;ssl=1 750w\" sizes=\"auto, (max-width: 750px) 100vw, 750px\" data-attachment-id=\"5179\" data-permalink=\"https:\/\/idnu.ch\/wordpress\/familientour-engstligenalp\/engstligenalp_0006\/#main\" data-orig-file=\"https:\/\/i0.wp.com\/idnu.ch\/wordpress\/wp-content\/uploads\/2016\/08\/engstligenalp_0006.jpg?fit=1400%2C933&amp;ssl=1\" data-orig-size=\"1400,933\" data-comments-opened=\"1\" data-image-meta=\"{&quot;aperture&quot;:&quot;0&quot;,&quot;credit&quot;:&quot;&quot;,&quot;camera&quot;:&quot;&quot;,&quot;caption&quot;:&quot;&quot;,&quot;created_timestamp&quot;:&quot;0&quot;,&quot;copyright&quot;:&quot;&quot;,&quot;focal_length&quot;:&quot;0&quot;,&quot;iso&quot;:&quot;0&quot;,&quot;shutter_speed&quot;:&quot;0&quot;,&quot;title&quot;:&quot;&quot;,&quot;orientation&quot;:&quot;0&quot;}\" data-image-title=\"engstligenalp_0006\" data-image-description=\"\" data-image-caption=\"\" data-large-file=\"https:\/\/i0.wp.com\/idnu.ch\/wordpress\/wp-content\/uploads\/2016\/08\/engstligenalp_0006.jpg?fit=750%2C500&amp;ssl=1\" \/><\/a>\n\t\t\t<\/div><\/figure><figure class='gallery-item'>\n\t\t\t<div class='gallery-icon portrait'>\n\t\t\t\t<a href='https:\/\/idnu.ch\/wordpress\/familientour-engstligenalp\/engstligenalp_0009\/#main'><img loading=\"lazy\" decoding=\"async\" width=\"750\" height=\"750\" src=\"https:\/\/i0.wp.com\/idnu.ch\/wordpress\/wp-content\/uploads\/2016\/08\/engstligenalp_0009.jpg?resize=750%2C750&amp;ssl=1\" class=\"attachment-anemone-postcarousel size-anemone-postcarousel\" alt=\"Die Gischt erzeugt einen Regenbogen\" aria-describedby=\"gallery-1-5180\" srcset=\"https:\/\/i0.wp.com\/idnu.ch\/wordpress\/wp-content\/uploads\/2016\/08\/engstligenalp_0009.jpg?resize=150%2C150&amp;ssl=1 150w, https:\/\/i0.wp.com\/idnu.ch\/wordpress\/wp-content\/uploads\/2016\/08\/engstligenalp_0009.jpg?resize=750%2C750&amp;ssl=1 750w\" sizes=\"auto, (max-width: 750px) 100vw, 750px\" data-attachment-id=\"5180\" data-permalink=\"https:\/\/idnu.ch\/wordpress\/familientour-engstligenalp\/engstligenalp_0009\/#main\" data-orig-file=\"https:\/\/i0.wp.com\/idnu.ch\/wordpress\/wp-content\/uploads\/2016\/08\/engstligenalp_0009.jpg?fit=933%2C1400&amp;ssl=1\" data-orig-size=\"933,1400\" data-comments-opened=\"1\" data-image-meta=\"{&quot;aperture&quot;:&quot;0&quot;,&quot;credit&quot;:&quot;&quot;,&quot;camera&quot;:&quot;&quot;,&quot;caption&quot;:&quot;&quot;,&quot;created_timestamp&quot;:&quot;0&quot;,&quot;copyright&quot;:&quot;&quot;,&quot;focal_length&quot;:&quot;0&quot;,&quot;iso&quot;:&quot;0&quot;,&quot;shutter_speed&quot;:&quot;0&quot;,&quot;title&quot;:&quot;&quot;,&quot;orientation&quot;:&quot;0&quot;}\" data-image-title=\"Die Gischt erzeugt einen Regenbogen\" data-image-description=\"\" data-image-caption=\"&lt;p&gt;Die Gischt erzeugt einen Regenbogen&lt;\/p&gt;\n\" data-large-file=\"https:\/\/i0.wp.com\/idnu.ch\/wordpress\/wp-content\/uploads\/2016\/08\/engstligenalp_0009.jpg?fit=682%2C1024&amp;ssl=1\" \/><\/a>\n\t\t\t<\/div>\n\t\t\t\t<figcaption class='wp-caption-text gallery-caption' id='gallery-1-5180'>\n\t\t\t\tDie Gischt erzeugt einen Regenbogen\n\t\t\t\t<\/figcaption><\/figure><figure class='gallery-item'>\n\t\t\t<div class='gallery-icon landscape'>\n\t\t\t\t<a href='https:\/\/idnu.ch\/wordpress\/familientour-engstligenalp\/engstligenalp_0011-2\/#main'><img loading=\"lazy\" decoding=\"async\" width=\"750\" height=\"750\" src=\"https:\/\/i0.wp.com\/idnu.ch\/wordpress\/wp-content\/uploads\/2016\/08\/engstligenalp_0011.jpg?resize=750%2C750&amp;ssl=1\" class=\"attachment-anemone-postcarousel size-anemone-postcarousel\" alt=\"\" srcset=\"https:\/\/i0.wp.com\/idnu.ch\/wordpress\/wp-content\/uploads\/2016\/08\/engstligenalp_0011.jpg?resize=150%2C150&amp;ssl=1 150w, https:\/\/i0.wp.com\/idnu.ch\/wordpress\/wp-content\/uploads\/2016\/08\/engstligenalp_0011.jpg?resize=750%2C750&amp;ssl=1 750w\" sizes=\"auto, (max-width: 750px) 100vw, 750px\" data-attachment-id=\"5181\" data-permalink=\"https:\/\/idnu.ch\/wordpress\/familientour-engstligenalp\/engstligenalp_0011-2\/#main\" data-orig-file=\"https:\/\/i0.wp.com\/idnu.ch\/wordpress\/wp-content\/uploads\/2016\/08\/engstligenalp_0011.jpg?fit=1400%2C933&amp;ssl=1\" data-orig-size=\"1400,933\" data-comments-opened=\"1\" data-image-meta=\"{&quot;aperture&quot;:&quot;0&quot;,&quot;credit&quot;:&quot;&quot;,&quot;camera&quot;:&quot;&quot;,&quot;caption&quot;:&quot;&quot;,&quot;created_timestamp&quot;:&quot;0&quot;,&quot;copyright&quot;:&quot;&quot;,&quot;focal_length&quot;:&quot;0&quot;,&quot;iso&quot;:&quot;0&quot;,&quot;shutter_speed&quot;:&quot;0&quot;,&quot;title&quot;:&quot;&quot;,&quot;orientation&quot;:&quot;0&quot;}\" data-image-title=\"engstligenalp_0011\" data-image-description=\"\" data-image-caption=\"\" data-large-file=\"https:\/\/i0.wp.com\/idnu.ch\/wordpress\/wp-content\/uploads\/2016\/08\/engstligenalp_0011.jpg?fit=750%2C500&amp;ssl=1\" \/><\/a>\n\t\t\t<\/div><\/figure><figure class='gallery-item'>\n\t\t\t<div class='gallery-icon landscape'>\n\t\t\t\t<a href='https:\/\/idnu.ch\/wordpress\/familientour-engstligenalp\/engstligenalp_0012-3\/#main'><img loading=\"lazy\" decoding=\"async\" width=\"750\" height=\"750\" src=\"https:\/\/i0.wp.com\/idnu.ch\/wordpress\/wp-content\/uploads\/2016\/08\/engstligenalp_0012-1.jpg?resize=750%2C750&amp;ssl=1\" class=\"attachment-anemone-postcarousel size-anemone-postcarousel\" alt=\"\" srcset=\"https:\/\/i0.wp.com\/idnu.ch\/wordpress\/wp-content\/uploads\/2016\/08\/engstligenalp_0012-1.jpg?resize=150%2C150&amp;ssl=1 150w, https:\/\/i0.wp.com\/idnu.ch\/wordpress\/wp-content\/uploads\/2016\/08\/engstligenalp_0012-1.jpg?resize=750%2C750&amp;ssl=1 750w\" sizes=\"auto, (max-width: 750px) 100vw, 750px\" data-attachment-id=\"5183\" data-permalink=\"https:\/\/idnu.ch\/wordpress\/familientour-engstligenalp\/engstligenalp_0012-3\/#main\" data-orig-file=\"https:\/\/i0.wp.com\/idnu.ch\/wordpress\/wp-content\/uploads\/2016\/08\/engstligenalp_0012-1.jpg?fit=1400%2C933&amp;ssl=1\" data-orig-size=\"1400,933\" data-comments-opened=\"1\" data-image-meta=\"{&quot;aperture&quot;:&quot;0&quot;,&quot;credit&quot;:&quot;&quot;,&quot;camera&quot;:&quot;&quot;,&quot;caption&quot;:&quot;&quot;,&quot;created_timestamp&quot;:&quot;0&quot;,&quot;copyright&quot;:&quot;&quot;,&quot;focal_length&quot;:&quot;0&quot;,&quot;iso&quot;:&quot;0&quot;,&quot;shutter_speed&quot;:&quot;0&quot;,&quot;title&quot;:&quot;&quot;,&quot;orientation&quot;:&quot;0&quot;}\" data-image-title=\"engstligenalp_0012\" data-image-description=\"\" data-image-caption=\"\" data-large-file=\"https:\/\/i0.wp.com\/idnu.ch\/wordpress\/wp-content\/uploads\/2016\/08\/engstligenalp_0012-1.jpg?fit=750%2C500&amp;ssl=1\" \/><\/a>\n\t\t\t<\/div><\/figure><figure class='gallery-item'>\n\t\t\t<div class='gallery-icon landscape'>\n\t\t\t\t<a href='https:\/\/idnu.ch\/wordpress\/familientour-engstligenalp\/engstligenalp_0013\/#main'><img loading=\"lazy\" decoding=\"async\" width=\"750\" height=\"750\" src=\"https:\/\/i0.wp.com\/idnu.ch\/wordpress\/wp-content\/uploads\/2016\/08\/engstligenalp_0013.jpg?resize=750%2C750&amp;ssl=1\" class=\"attachment-anemone-postcarousel size-anemone-postcarousel\" alt=\"\" srcset=\"https:\/\/i0.wp.com\/idnu.ch\/wordpress\/wp-content\/uploads\/2016\/08\/engstligenalp_0013.jpg?resize=150%2C150&amp;ssl=1 150w, https:\/\/i0.wp.com\/idnu.ch\/wordpress\/wp-content\/uploads\/2016\/08\/engstligenalp_0013.jpg?resize=750%2C750&amp;ssl=1 750w\" sizes=\"auto, (max-width: 750px) 100vw, 750px\" data-attachment-id=\"5184\" data-permalink=\"https:\/\/idnu.ch\/wordpress\/familientour-engstligenalp\/engstligenalp_0013\/#main\" data-orig-file=\"https:\/\/i0.wp.com\/idnu.ch\/wordpress\/wp-content\/uploads\/2016\/08\/engstligenalp_0013.jpg?fit=1400%2C933&amp;ssl=1\" data-orig-size=\"1400,933\" data-comments-opened=\"1\" data-image-meta=\"{&quot;aperture&quot;:&quot;0&quot;,&quot;credit&quot;:&quot;&quot;,&quot;camera&quot;:&quot;&quot;,&quot;caption&quot;:&quot;&quot;,&quot;created_timestamp&quot;:&quot;0&quot;,&quot;copyright&quot;:&quot;&quot;,&quot;focal_length&quot;:&quot;0&quot;,&quot;iso&quot;:&quot;0&quot;,&quot;shutter_speed&quot;:&quot;0&quot;,&quot;title&quot;:&quot;&quot;,&quot;orientation&quot;:&quot;0&quot;}\" data-image-title=\"engstligenalp_0013\" data-image-description=\"\" data-image-caption=\"\" data-large-file=\"https:\/\/i0.wp.com\/idnu.ch\/wordpress\/wp-content\/uploads\/2016\/08\/engstligenalp_0013.jpg?fit=750%2C500&amp;ssl=1\" \/><\/a>\n\t\t\t<\/div><\/figure><figure class='gallery-item'>\n\t\t\t<div class='gallery-icon landscape'>\n\t\t\t\t<a href='https:\/\/idnu.ch\/wordpress\/familientour-engstligenalp\/engstligenalp_0014\/#main'><img loading=\"lazy\" decoding=\"async\" width=\"750\" height=\"750\" src=\"https:\/\/i0.wp.com\/idnu.ch\/wordpress\/wp-content\/uploads\/2016\/08\/engstligenalp_0014.jpg?resize=750%2C750&amp;ssl=1\" class=\"attachment-anemone-postcarousel size-anemone-postcarousel\" alt=\"Ausblick auf Adelboden\" aria-describedby=\"gallery-1-5185\" srcset=\"https:\/\/i0.wp.com\/idnu.ch\/wordpress\/wp-content\/uploads\/2016\/08\/engstligenalp_0014.jpg?resize=150%2C150&amp;ssl=1 150w, https:\/\/i0.wp.com\/idnu.ch\/wordpress\/wp-content\/uploads\/2016\/08\/engstligenalp_0014.jpg?resize=750%2C750&amp;ssl=1 750w\" sizes=\"auto, (max-width: 750px) 100vw, 750px\" data-attachment-id=\"5185\" data-permalink=\"https:\/\/idnu.ch\/wordpress\/familientour-engstligenalp\/engstligenalp_0014\/#main\" data-orig-file=\"https:\/\/i0.wp.com\/idnu.ch\/wordpress\/wp-content\/uploads\/2016\/08\/engstligenalp_0014.jpg?fit=1400%2C933&amp;ssl=1\" data-orig-size=\"1400,933\" data-comments-opened=\"1\" data-image-meta=\"{&quot;aperture&quot;:&quot;0&quot;,&quot;credit&quot;:&quot;&quot;,&quot;camera&quot;:&quot;&quot;,&quot;caption&quot;:&quot;&quot;,&quot;created_timestamp&quot;:&quot;0&quot;,&quot;copyright&quot;:&quot;&quot;,&quot;focal_length&quot;:&quot;0&quot;,&quot;iso&quot;:&quot;0&quot;,&quot;shutter_speed&quot;:&quot;0&quot;,&quot;title&quot;:&quot;&quot;,&quot;orientation&quot;:&quot;0&quot;}\" data-image-title=\"Ausblick auf Adelboden\" data-image-description=\"\" data-image-caption=\"&lt;p&gt;Ausblick auf Adelboden&lt;\/p&gt;\n\" data-large-file=\"https:\/\/i0.wp.com\/idnu.ch\/wordpress\/wp-content\/uploads\/2016\/08\/engstligenalp_0014.jpg?fit=750%2C500&amp;ssl=1\" \/><\/a>\n\t\t\t<\/div>\n\t\t\t\t<figcaption class='wp-caption-text gallery-caption' id='gallery-1-5185'>\n\t\t\t\tAusblick auf Adelboden\n\t\t\t\t<\/figcaption><\/figure><figure class='gallery-item'>\n\t\t\t<div class='gallery-icon landscape'>\n\t\t\t\t<a href='https:\/\/idnu.ch\/wordpress\/familientour-engstligenalp\/engstligenalp_0015\/#main'><img loading=\"lazy\" decoding=\"async\" width=\"750\" height=\"750\" src=\"https:\/\/i0.wp.com\/idnu.ch\/wordpress\/wp-content\/uploads\/2016\/08\/engstligenalp_0015.jpg?resize=750%2C750&amp;ssl=1\" class=\"attachment-anemone-postcarousel size-anemone-postcarousel\" alt=\"Ein Abstecher an den Wasserfall\" aria-describedby=\"gallery-1-5186\" srcset=\"https:\/\/i0.wp.com\/idnu.ch\/wordpress\/wp-content\/uploads\/2016\/08\/engstligenalp_0015.jpg?resize=150%2C150&amp;ssl=1 150w, https:\/\/i0.wp.com\/idnu.ch\/wordpress\/wp-content\/uploads\/2016\/08\/engstligenalp_0015.jpg?resize=750%2C750&amp;ssl=1 750w\" sizes=\"auto, (max-width: 750px) 100vw, 750px\" data-attachment-id=\"5186\" data-permalink=\"https:\/\/idnu.ch\/wordpress\/familientour-engstligenalp\/engstligenalp_0015\/#main\" data-orig-file=\"https:\/\/i0.wp.com\/idnu.ch\/wordpress\/wp-content\/uploads\/2016\/08\/engstligenalp_0015.jpg?fit=1400%2C933&amp;ssl=1\" data-orig-size=\"1400,933\" data-comments-opened=\"1\" data-image-meta=\"{&quot;aperture&quot;:&quot;0&quot;,&quot;credit&quot;:&quot;&quot;,&quot;camera&quot;:&quot;&quot;,&quot;caption&quot;:&quot;&quot;,&quot;created_timestamp&quot;:&quot;0&quot;,&quot;copyright&quot;:&quot;&quot;,&quot;focal_length&quot;:&quot;0&quot;,&quot;iso&quot;:&quot;0&quot;,&quot;shutter_speed&quot;:&quot;0&quot;,&quot;title&quot;:&quot;&quot;,&quot;orientation&quot;:&quot;0&quot;}\" data-image-title=\"Ein Abstecher an den Wasserfall\" data-image-description=\"\" data-image-caption=\"&lt;p&gt;Ein Abstecher an den Wasserfall&lt;\/p&gt;\n\" data-large-file=\"https:\/\/i0.wp.com\/idnu.ch\/wordpress\/wp-content\/uploads\/2016\/08\/engstligenalp_0015.jpg?fit=750%2C500&amp;ssl=1\" \/><\/a>\n\t\t\t<\/div>\n\t\t\t\t<figcaption class='wp-caption-text gallery-caption' id='gallery-1-5186'>\n\t\t\t\tEin Abstecher an den Wasserfall\n\t\t\t\t<\/figcaption><\/figure><figure class='gallery-item'>\n\t\t\t<div class='gallery-icon landscape'>\n\t\t\t\t<a href='https:\/\/idnu.ch\/wordpress\/familientour-engstligenalp\/engstligenalp_0016\/#main'><img loading=\"lazy\" decoding=\"async\" width=\"750\" height=\"750\" src=\"https:\/\/i0.wp.com\/idnu.ch\/wordpress\/wp-content\/uploads\/2016\/08\/engstligenalp_0016.jpg?resize=750%2C750&amp;ssl=1\" class=\"attachment-anemone-postcarousel size-anemone-postcarousel\" alt=\"Die j\u00fcngsten und der \u00e4lteste Teilnehmer\" aria-describedby=\"gallery-1-5187\" srcset=\"https:\/\/i0.wp.com\/idnu.ch\/wordpress\/wp-content\/uploads\/2016\/08\/engstligenalp_0016.jpg?resize=150%2C150&amp;ssl=1 150w, https:\/\/i0.wp.com\/idnu.ch\/wordpress\/wp-content\/uploads\/2016\/08\/engstligenalp_0016.jpg?resize=750%2C750&amp;ssl=1 750w\" sizes=\"auto, (max-width: 750px) 100vw, 750px\" data-attachment-id=\"5187\" data-permalink=\"https:\/\/idnu.ch\/wordpress\/familientour-engstligenalp\/engstligenalp_0016\/#main\" data-orig-file=\"https:\/\/i0.wp.com\/idnu.ch\/wordpress\/wp-content\/uploads\/2016\/08\/engstligenalp_0016.jpg?fit=1400%2C933&amp;ssl=1\" data-orig-size=\"1400,933\" data-comments-opened=\"1\" data-image-meta=\"{&quot;aperture&quot;:&quot;0&quot;,&quot;credit&quot;:&quot;&quot;,&quot;camera&quot;:&quot;&quot;,&quot;caption&quot;:&quot;&quot;,&quot;created_timestamp&quot;:&quot;0&quot;,&quot;copyright&quot;:&quot;&quot;,&quot;focal_length&quot;:&quot;0&quot;,&quot;iso&quot;:&quot;0&quot;,&quot;shutter_speed&quot;:&quot;0&quot;,&quot;title&quot;:&quot;&quot;,&quot;orientation&quot;:&quot;0&quot;}\" data-image-title=\"Die j\u00fcngsten und der \u00e4lteste Teilnehmer\" data-image-description=\"\" data-image-caption=\"&lt;p&gt;Die j\u00fcngsten und der \u00e4lteste Teilnehmer&lt;\/p&gt;\n\" data-large-file=\"https:\/\/i0.wp.com\/idnu.ch\/wordpress\/wp-content\/uploads\/2016\/08\/engstligenalp_0016.jpg?fit=750%2C500&amp;ssl=1\" \/><\/a>\n\t\t\t<\/div>\n\t\t\t\t<figcaption class='wp-caption-text gallery-caption' id='gallery-1-5187'>\n\t\t\t\tDie j\u00fcngsten und der \u00e4lteste Teilnehmer\n\t\t\t\t<\/figcaption><\/figure><figure class='gallery-item'>\n\t\t\t<div class='gallery-icon landscape'>\n\t\t\t\t<a href='https:\/\/idnu.ch\/wordpress\/familientour-engstligenalp\/engstligenalp_0017\/#main'><img loading=\"lazy\" decoding=\"async\" width=\"750\" height=\"750\" src=\"https:\/\/i0.wp.com\/idnu.ch\/wordpress\/wp-content\/uploads\/2016\/08\/engstligenalp_0017.jpg?resize=750%2C750&amp;ssl=1\" class=\"attachment-anemone-postcarousel size-anemone-postcarousel\" alt=\"\" srcset=\"https:\/\/i0.wp.com\/idnu.ch\/wordpress\/wp-content\/uploads\/2016\/08\/engstligenalp_0017.jpg?resize=150%2C150&amp;ssl=1 150w, https:\/\/i0.wp.com\/idnu.ch\/wordpress\/wp-content\/uploads\/2016\/08\/engstligenalp_0017.jpg?resize=750%2C750&amp;ssl=1 750w\" sizes=\"auto, (max-width: 750px) 100vw, 750px\" data-attachment-id=\"5188\" data-permalink=\"https:\/\/idnu.ch\/wordpress\/familientour-engstligenalp\/engstligenalp_0017\/#main\" data-orig-file=\"https:\/\/i0.wp.com\/idnu.ch\/wordpress\/wp-content\/uploads\/2016\/08\/engstligenalp_0017.jpg?fit=1400%2C933&amp;ssl=1\" data-orig-size=\"1400,933\" data-comments-opened=\"1\" data-image-meta=\"{&quot;aperture&quot;:&quot;0&quot;,&quot;credit&quot;:&quot;&quot;,&quot;camera&quot;:&quot;&quot;,&quot;caption&quot;:&quot;&quot;,&quot;created_timestamp&quot;:&quot;0&quot;,&quot;copyright&quot;:&quot;&quot;,&quot;focal_length&quot;:&quot;0&quot;,&quot;iso&quot;:&quot;0&quot;,&quot;shutter_speed&quot;:&quot;0&quot;,&quot;title&quot;:&quot;&quot;,&quot;orientation&quot;:&quot;0&quot;}\" data-image-title=\"engstligenalp_0017\" data-image-description=\"\" data-image-caption=\"\" data-large-file=\"https:\/\/i0.wp.com\/idnu.ch\/wordpress\/wp-content\/uploads\/2016\/08\/engstligenalp_0017.jpg?fit=750%2C500&amp;ssl=1\" \/><\/a>\n\t\t\t<\/div><\/figure><figure class='gallery-item'>\n\t\t\t<div class='gallery-icon landscape'>\n\t\t\t\t<a href='https:\/\/idnu.ch\/wordpress\/familientour-engstligenalp\/engstligenalp_0018\/#main'><img loading=\"lazy\" decoding=\"async\" width=\"750\" height=\"750\" src=\"https:\/\/i0.wp.com\/idnu.ch\/wordpress\/wp-content\/uploads\/2016\/08\/engstligenalp_0018.jpg?resize=750%2C750&amp;ssl=1\" class=\"attachment-anemone-postcarousel size-anemone-postcarousel\" alt=\"\" srcset=\"https:\/\/i0.wp.com\/idnu.ch\/wordpress\/wp-content\/uploads\/2016\/08\/engstligenalp_0018.jpg?resize=150%2C150&amp;ssl=1 150w, https:\/\/i0.wp.com\/idnu.ch\/wordpress\/wp-content\/uploads\/2016\/08\/engstligenalp_0018.jpg?resize=750%2C750&amp;ssl=1 750w\" sizes=\"auto, (max-width: 750px) 100vw, 750px\" data-attachment-id=\"5189\" data-permalink=\"https:\/\/idnu.ch\/wordpress\/familientour-engstligenalp\/engstligenalp_0018\/#main\" data-orig-file=\"https:\/\/i0.wp.com\/idnu.ch\/wordpress\/wp-content\/uploads\/2016\/08\/engstligenalp_0018.jpg?fit=1400%2C933&amp;ssl=1\" data-orig-size=\"1400,933\" data-comments-opened=\"1\" data-image-meta=\"{&quot;aperture&quot;:&quot;0&quot;,&quot;credit&quot;:&quot;&quot;,&quot;camera&quot;:&quot;&quot;,&quot;caption&quot;:&quot;&quot;,&quot;created_timestamp&quot;:&quot;0&quot;,&quot;copyright&quot;:&quot;&quot;,&quot;focal_length&quot;:&quot;0&quot;,&quot;iso&quot;:&quot;0&quot;,&quot;shutter_speed&quot;:&quot;0&quot;,&quot;title&quot;:&quot;&quot;,&quot;orientation&quot;:&quot;0&quot;}\" data-image-title=\"engstligenalp_0018\" data-image-description=\"\" data-image-caption=\"\" data-large-file=\"https:\/\/i0.wp.com\/idnu.ch\/wordpress\/wp-content\/uploads\/2016\/08\/engstligenalp_0018.jpg?fit=750%2C500&amp;ssl=1\" \/><\/a>\n\t\t\t<\/div><\/figure><figure class='gallery-item'>\n\t\t\t<div class='gallery-icon landscape'>\n\t\t\t\t<a href='https:\/\/idnu.ch\/wordpress\/familientour-engstligenalp\/engstligenalp_0019-2\/#main'><img loading=\"lazy\" decoding=\"async\" width=\"750\" height=\"750\" src=\"https:\/\/i0.wp.com\/idnu.ch\/wordpress\/wp-content\/uploads\/2016\/08\/engstligenalp_0019.jpg?resize=750%2C750&amp;ssl=1\" class=\"attachment-anemone-postcarousel size-anemone-postcarousel\" alt=\"\" srcset=\"https:\/\/i0.wp.com\/idnu.ch\/wordpress\/wp-content\/uploads\/2016\/08\/engstligenalp_0019.jpg?resize=150%2C150&amp;ssl=1 150w, https:\/\/i0.wp.com\/idnu.ch\/wordpress\/wp-content\/uploads\/2016\/08\/engstligenalp_0019.jpg?resize=750%2C750&amp;ssl=1 750w\" sizes=\"auto, (max-width: 750px) 100vw, 750px\" data-attachment-id=\"5190\" data-permalink=\"https:\/\/idnu.ch\/wordpress\/familientour-engstligenalp\/engstligenalp_0019-2\/#main\" data-orig-file=\"https:\/\/i0.wp.com\/idnu.ch\/wordpress\/wp-content\/uploads\/2016\/08\/engstligenalp_0019.jpg?fit=1400%2C933&amp;ssl=1\" data-orig-size=\"1400,933\" data-comments-opened=\"1\" data-image-meta=\"{&quot;aperture&quot;:&quot;0&quot;,&quot;credit&quot;:&quot;&quot;,&quot;camera&quot;:&quot;&quot;,&quot;caption&quot;:&quot;&quot;,&quot;created_timestamp&quot;:&quot;0&quot;,&quot;copyright&quot;:&quot;&quot;,&quot;focal_length&quot;:&quot;0&quot;,&quot;iso&quot;:&quot;0&quot;,&quot;shutter_speed&quot;:&quot;0&quot;,&quot;title&quot;:&quot;&quot;,&quot;orientation&quot;:&quot;0&quot;}\" data-image-title=\"engstligenalp_0019\" data-image-description=\"\" data-image-caption=\"\" data-large-file=\"https:\/\/i0.wp.com\/idnu.ch\/wordpress\/wp-content\/uploads\/2016\/08\/engstligenalp_0019.jpg?fit=750%2C500&amp;ssl=1\" \/><\/a>\n\t\t\t<\/div><\/figure><figure class='gallery-item'>\n\t\t\t<div class='gallery-icon portrait'>\n\t\t\t\t<a href='https:\/\/idnu.ch\/wordpress\/familientour-engstligenalp\/engstligenalp_0020\/#main'><img loading=\"lazy\" decoding=\"async\" width=\"750\" height=\"750\" src=\"https:\/\/i0.wp.com\/idnu.ch\/wordpress\/wp-content\/uploads\/2016\/08\/engstligenalp_0020.jpg?resize=750%2C750&amp;ssl=1\" class=\"attachment-anemone-postcarousel size-anemone-postcarousel\" alt=\"Sch\u00f6ner Tiefblick\" aria-describedby=\"gallery-1-5191\" srcset=\"https:\/\/i0.wp.com\/idnu.ch\/wordpress\/wp-content\/uploads\/2016\/08\/engstligenalp_0020.jpg?resize=150%2C150&amp;ssl=1 150w, https:\/\/i0.wp.com\/idnu.ch\/wordpress\/wp-content\/uploads\/2016\/08\/engstligenalp_0020.jpg?resize=750%2C750&amp;ssl=1 750w\" sizes=\"auto, (max-width: 750px) 100vw, 750px\" data-attachment-id=\"5191\" data-permalink=\"https:\/\/idnu.ch\/wordpress\/familientour-engstligenalp\/engstligenalp_0020\/#main\" data-orig-file=\"https:\/\/i0.wp.com\/idnu.ch\/wordpress\/wp-content\/uploads\/2016\/08\/engstligenalp_0020.jpg?fit=933%2C1400&amp;ssl=1\" data-orig-size=\"933,1400\" data-comments-opened=\"1\" data-image-meta=\"{&quot;aperture&quot;:&quot;0&quot;,&quot;credit&quot;:&quot;&quot;,&quot;camera&quot;:&quot;&quot;,&quot;caption&quot;:&quot;&quot;,&quot;created_timestamp&quot;:&quot;0&quot;,&quot;copyright&quot;:&quot;&quot;,&quot;focal_length&quot;:&quot;0&quot;,&quot;iso&quot;:&quot;0&quot;,&quot;shutter_speed&quot;:&quot;0&quot;,&quot;title&quot;:&quot;&quot;,&quot;orientation&quot;:&quot;0&quot;}\" data-image-title=\"Sch\u00f6ner Tiefblick\" data-image-description=\"\" data-image-caption=\"&lt;p&gt;Sch\u00f6ner Tiefblick&lt;\/p&gt;\n\" data-large-file=\"https:\/\/i0.wp.com\/idnu.ch\/wordpress\/wp-content\/uploads\/2016\/08\/engstligenalp_0020.jpg?fit=682%2C1024&amp;ssl=1\" \/><\/a>\n\t\t\t<\/div>\n\t\t\t\t<figcaption class='wp-caption-text gallery-caption' id='gallery-1-5191'>\n\t\t\t\tSch\u00f6ner Tiefblick\n\t\t\t\t<\/figcaption><\/figure><figure class='gallery-item'>\n\t\t\t<div class='gallery-icon landscape'>\n\t\t\t\t<a href='https:\/\/idnu.ch\/wordpress\/familientour-engstligenalp\/engstligenalp_0023\/#main'><img loading=\"lazy\" decoding=\"async\" width=\"750\" height=\"750\" src=\"https:\/\/i0.wp.com\/idnu.ch\/wordpress\/wp-content\/uploads\/2016\/08\/engstligenalp_0023.jpg?resize=750%2C750&amp;ssl=1\" class=\"attachment-anemone-postcarousel size-anemone-postcarousel\" alt=\"Sieht ausgesetzter aus als es ist\" aria-describedby=\"gallery-1-5192\" srcset=\"https:\/\/i0.wp.com\/idnu.ch\/wordpress\/wp-content\/uploads\/2016\/08\/engstligenalp_0023.jpg?resize=150%2C150&amp;ssl=1 150w, https:\/\/i0.wp.com\/idnu.ch\/wordpress\/wp-content\/uploads\/2016\/08\/engstligenalp_0023.jpg?resize=750%2C750&amp;ssl=1 750w\" sizes=\"auto, (max-width: 750px) 100vw, 750px\" data-attachment-id=\"5192\" data-permalink=\"https:\/\/idnu.ch\/wordpress\/familientour-engstligenalp\/engstligenalp_0023\/#main\" data-orig-file=\"https:\/\/i0.wp.com\/idnu.ch\/wordpress\/wp-content\/uploads\/2016\/08\/engstligenalp_0023.jpg?fit=1400%2C933&amp;ssl=1\" data-orig-size=\"1400,933\" data-comments-opened=\"1\" data-image-meta=\"{&quot;aperture&quot;:&quot;0&quot;,&quot;credit&quot;:&quot;&quot;,&quot;camera&quot;:&quot;&quot;,&quot;caption&quot;:&quot;&quot;,&quot;created_timestamp&quot;:&quot;0&quot;,&quot;copyright&quot;:&quot;&quot;,&quot;focal_length&quot;:&quot;0&quot;,&quot;iso&quot;:&quot;0&quot;,&quot;shutter_speed&quot;:&quot;0&quot;,&quot;title&quot;:&quot;&quot;,&quot;orientation&quot;:&quot;0&quot;}\" data-image-title=\"Sieht ausgesetzter aus als es ist\" data-image-description=\"\" data-image-caption=\"&lt;p&gt;Sieht ausgesetzter aus als es ist&lt;\/p&gt;\n\" data-large-file=\"https:\/\/i0.wp.com\/idnu.ch\/wordpress\/wp-content\/uploads\/2016\/08\/engstligenalp_0023.jpg?fit=750%2C500&amp;ssl=1\" \/><\/a>\n\t\t\t<\/div>\n\t\t\t\t<figcaption class='wp-caption-text gallery-caption' id='gallery-1-5192'>\n\t\t\t\tSieht ausgesetzter aus als es ist\n\t\t\t\t<\/figcaption><\/figure><figure class='gallery-item'>\n\t\t\t<div class='gallery-icon landscape'>\n\t\t\t\t<a href='https:\/\/idnu.ch\/wordpress\/familientour-engstligenalp\/engstligenalp_0026\/#main'><img loading=\"lazy\" decoding=\"async\" width=\"750\" height=\"750\" src=\"https:\/\/i0.wp.com\/idnu.ch\/wordpress\/wp-content\/uploads\/2016\/08\/engstligenalp_0026.jpg?resize=750%2C750&amp;ssl=1\" class=\"attachment-anemone-postcarousel size-anemone-postcarousel\" alt=\"Der Obere Engstligenfall\" aria-describedby=\"gallery-1-5193\" srcset=\"https:\/\/i0.wp.com\/idnu.ch\/wordpress\/wp-content\/uploads\/2016\/08\/engstligenalp_0026.jpg?resize=150%2C150&amp;ssl=1 150w, https:\/\/i0.wp.com\/idnu.ch\/wordpress\/wp-content\/uploads\/2016\/08\/engstligenalp_0026.jpg?resize=750%2C750&amp;ssl=1 750w\" sizes=\"auto, (max-width: 750px) 100vw, 750px\" data-attachment-id=\"5193\" data-permalink=\"https:\/\/idnu.ch\/wordpress\/familientour-engstligenalp\/engstligenalp_0026\/#main\" data-orig-file=\"https:\/\/i0.wp.com\/idnu.ch\/wordpress\/wp-content\/uploads\/2016\/08\/engstligenalp_0026.jpg?fit=1400%2C933&amp;ssl=1\" data-orig-size=\"1400,933\" data-comments-opened=\"1\" data-image-meta=\"{&quot;aperture&quot;:&quot;0&quot;,&quot;credit&quot;:&quot;&quot;,&quot;camera&quot;:&quot;&quot;,&quot;caption&quot;:&quot;&quot;,&quot;created_timestamp&quot;:&quot;0&quot;,&quot;copyright&quot;:&quot;&quot;,&quot;focal_length&quot;:&quot;0&quot;,&quot;iso&quot;:&quot;0&quot;,&quot;shutter_speed&quot;:&quot;0&quot;,&quot;title&quot;:&quot;&quot;,&quot;orientation&quot;:&quot;0&quot;}\" data-image-title=\"Der Obere Engstligenfall\" data-image-description=\"\" data-image-caption=\"&lt;p&gt;Der Obere Engstligenfall&lt;\/p&gt;\n\" data-large-file=\"https:\/\/i0.wp.com\/idnu.ch\/wordpress\/wp-content\/uploads\/2016\/08\/engstligenalp_0026.jpg?fit=750%2C500&amp;ssl=1\" \/><\/a>\n\t\t\t<\/div>\n\t\t\t\t<figcaption class='wp-caption-text gallery-caption' id='gallery-1-5193'>\n\t\t\t\tDer Obere Engstligenfall\n\t\t\t\t<\/figcaption><\/figure><figure class='gallery-item'>\n\t\t\t<div class='gallery-icon landscape'>\n\t\t\t\t<a href='https:\/\/idnu.ch\/wordpress\/familientour-engstligenalp\/engstligenalp_0029\/#main'><img loading=\"lazy\" decoding=\"async\" width=\"750\" height=\"750\" src=\"https:\/\/i0.wp.com\/idnu.ch\/wordpress\/wp-content\/uploads\/2016\/08\/engstligenalp_0029.jpg?resize=750%2C750&amp;ssl=1\" class=\"attachment-anemone-postcarousel size-anemone-postcarousel\" alt=\"\" srcset=\"https:\/\/i0.wp.com\/idnu.ch\/wordpress\/wp-content\/uploads\/2016\/08\/engstligenalp_0029.jpg?resize=150%2C150&amp;ssl=1 150w, https:\/\/i0.wp.com\/idnu.ch\/wordpress\/wp-content\/uploads\/2016\/08\/engstligenalp_0029.jpg?resize=750%2C750&amp;ssl=1 750w\" sizes=\"auto, (max-width: 750px) 100vw, 750px\" data-attachment-id=\"5194\" data-permalink=\"https:\/\/idnu.ch\/wordpress\/familientour-engstligenalp\/engstligenalp_0029\/#main\" data-orig-file=\"https:\/\/i0.wp.com\/idnu.ch\/wordpress\/wp-content\/uploads\/2016\/08\/engstligenalp_0029.jpg?fit=1400%2C933&amp;ssl=1\" data-orig-size=\"1400,933\" data-comments-opened=\"1\" data-image-meta=\"{&quot;aperture&quot;:&quot;0&quot;,&quot;credit&quot;:&quot;&quot;,&quot;camera&quot;:&quot;&quot;,&quot;caption&quot;:&quot;&quot;,&quot;created_timestamp&quot;:&quot;0&quot;,&quot;copyright&quot;:&quot;&quot;,&quot;focal_length&quot;:&quot;0&quot;,&quot;iso&quot;:&quot;0&quot;,&quot;shutter_speed&quot;:&quot;0&quot;,&quot;title&quot;:&quot;&quot;,&quot;orientation&quot;:&quot;0&quot;}\" data-image-title=\"engstligenalp_0029\" data-image-description=\"\" data-image-caption=\"\" data-large-file=\"https:\/\/i0.wp.com\/idnu.ch\/wordpress\/wp-content\/uploads\/2016\/08\/engstligenalp_0029.jpg?fit=750%2C500&amp;ssl=1\" \/><\/a>\n\t\t\t<\/div><\/figure><figure class='gallery-item'>\n\t\t\t<div class='gallery-icon landscape'>\n\t\t\t\t<a href='https:\/\/idnu.ch\/wordpress\/familientour-engstligenalp\/engstligenalp_0030\/#main'><img loading=\"lazy\" decoding=\"async\" width=\"750\" height=\"750\" src=\"https:\/\/i0.wp.com\/idnu.ch\/wordpress\/wp-content\/uploads\/2016\/08\/engstligenalp_0030.jpg?resize=750%2C750&amp;ssl=1\" class=\"attachment-anemone-postcarousel size-anemone-postcarousel\" alt=\"\" srcset=\"https:\/\/i0.wp.com\/idnu.ch\/wordpress\/wp-content\/uploads\/2016\/08\/engstligenalp_0030.jpg?resize=150%2C150&amp;ssl=1 150w, https:\/\/i0.wp.com\/idnu.ch\/wordpress\/wp-content\/uploads\/2016\/08\/engstligenalp_0030.jpg?resize=750%2C750&amp;ssl=1 750w\" sizes=\"auto, (max-width: 750px) 100vw, 750px\" data-attachment-id=\"5195\" data-permalink=\"https:\/\/idnu.ch\/wordpress\/familientour-engstligenalp\/engstligenalp_0030\/#main\" data-orig-file=\"https:\/\/i0.wp.com\/idnu.ch\/wordpress\/wp-content\/uploads\/2016\/08\/engstligenalp_0030.jpg?fit=1400%2C933&amp;ssl=1\" data-orig-size=\"1400,933\" data-comments-opened=\"1\" data-image-meta=\"{&quot;aperture&quot;:&quot;0&quot;,&quot;credit&quot;:&quot;&quot;,&quot;camera&quot;:&quot;&quot;,&quot;caption&quot;:&quot;&quot;,&quot;created_timestamp&quot;:&quot;0&quot;,&quot;copyright&quot;:&quot;&quot;,&quot;focal_length&quot;:&quot;0&quot;,&quot;iso&quot;:&quot;0&quot;,&quot;shutter_speed&quot;:&quot;0&quot;,&quot;title&quot;:&quot;&quot;,&quot;orientation&quot;:&quot;0&quot;}\" data-image-title=\"engstligenalp_0030\" data-image-description=\"\" data-image-caption=\"\" data-large-file=\"https:\/\/i0.wp.com\/idnu.ch\/wordpress\/wp-content\/uploads\/2016\/08\/engstligenalp_0030.jpg?fit=750%2C500&amp;ssl=1\" \/><\/a>\n\t\t\t<\/div><\/figure><figure class='gallery-item'>\n\t\t\t<div class='gallery-icon landscape'>\n\t\t\t\t<a href='https:\/\/idnu.ch\/wordpress\/familientour-engstligenalp\/engstligenalp_0031\/#main'><img loading=\"lazy\" decoding=\"async\" width=\"750\" height=\"750\" src=\"https:\/\/i0.wp.com\/idnu.ch\/wordpress\/wp-content\/uploads\/2016\/08\/engstligenalp_0031.jpg?resize=750%2C750&amp;ssl=1\" class=\"attachment-anemone-postcarousel size-anemone-postcarousel\" alt=\"\" srcset=\"https:\/\/i0.wp.com\/idnu.ch\/wordpress\/wp-content\/uploads\/2016\/08\/engstligenalp_0031.jpg?resize=150%2C150&amp;ssl=1 150w, https:\/\/i0.wp.com\/idnu.ch\/wordpress\/wp-content\/uploads\/2016\/08\/engstligenalp_0031.jpg?resize=750%2C750&amp;ssl=1 750w\" sizes=\"auto, (max-width: 750px) 100vw, 750px\" data-attachment-id=\"5196\" data-permalink=\"https:\/\/idnu.ch\/wordpress\/familientour-engstligenalp\/engstligenalp_0031\/#main\" data-orig-file=\"https:\/\/i0.wp.com\/idnu.ch\/wordpress\/wp-content\/uploads\/2016\/08\/engstligenalp_0031.jpg?fit=1400%2C933&amp;ssl=1\" data-orig-size=\"1400,933\" data-comments-opened=\"1\" data-image-meta=\"{&quot;aperture&quot;:&quot;0&quot;,&quot;credit&quot;:&quot;&quot;,&quot;camera&quot;:&quot;&quot;,&quot;caption&quot;:&quot;&quot;,&quot;created_timestamp&quot;:&quot;0&quot;,&quot;copyright&quot;:&quot;&quot;,&quot;focal_length&quot;:&quot;0&quot;,&quot;iso&quot;:&quot;0&quot;,&quot;shutter_speed&quot;:&quot;0&quot;,&quot;title&quot;:&quot;&quot;,&quot;orientation&quot;:&quot;0&quot;}\" data-image-title=\"engstligenalp_0031\" data-image-description=\"\" data-image-caption=\"\" data-large-file=\"https:\/\/i0.wp.com\/idnu.ch\/wordpress\/wp-content\/uploads\/2016\/08\/engstligenalp_0031.jpg?fit=750%2C500&amp;ssl=1\" \/><\/a>\n\t\t\t<\/div><\/figure>\n\t\t<\/div>\n\n<h1>Auf der Engstligenalp<\/h1>\n<div data-carousel-extra='{&quot;blog_id&quot;:1,&quot;permalink&quot;:&quot;https:\/\/idnu.ch\/wordpress\/familientour-engstligenalp\/&quot;}' id='gallery-2' class='gallery galleryid-5174 gallery-columns-3 gallery-size-anemone-postcarousel'><figure class='gallery-item'>\n\t\t\t<div class='gallery-icon landscape'>\n\t\t\t\t<a href='https:\/\/idnu.ch\/wordpress\/familientour-engstligenalp\/engstligenalp_0032\/#main'><img loading=\"lazy\" decoding=\"async\" width=\"750\" height=\"750\" src=\"https:\/\/i0.wp.com\/idnu.ch\/wordpress\/wp-content\/uploads\/2016\/08\/engstligenalp_0032.jpg?resize=750%2C750&amp;ssl=1\" class=\"attachment-anemone-postcarousel size-anemone-postcarousel\" alt=\"Globi auf der Engstligenalp\" aria-describedby=\"gallery-2-5197\" srcset=\"https:\/\/i0.wp.com\/idnu.ch\/wordpress\/wp-content\/uploads\/2016\/08\/engstligenalp_0032.jpg?resize=150%2C150&amp;ssl=1 150w, https:\/\/i0.wp.com\/idnu.ch\/wordpress\/wp-content\/uploads\/2016\/08\/engstligenalp_0032.jpg?resize=750%2C750&amp;ssl=1 750w\" sizes=\"auto, (max-width: 750px) 100vw, 750px\" data-attachment-id=\"5197\" data-permalink=\"https:\/\/idnu.ch\/wordpress\/familientour-engstligenalp\/engstligenalp_0032\/#main\" data-orig-file=\"https:\/\/i0.wp.com\/idnu.ch\/wordpress\/wp-content\/uploads\/2016\/08\/engstligenalp_0032.jpg?fit=1400%2C933&amp;ssl=1\" data-orig-size=\"1400,933\" data-comments-opened=\"1\" data-image-meta=\"{&quot;aperture&quot;:&quot;0&quot;,&quot;credit&quot;:&quot;&quot;,&quot;camera&quot;:&quot;&quot;,&quot;caption&quot;:&quot;&quot;,&quot;created_timestamp&quot;:&quot;0&quot;,&quot;copyright&quot;:&quot;&quot;,&quot;focal_length&quot;:&quot;0&quot;,&quot;iso&quot;:&quot;0&quot;,&quot;shutter_speed&quot;:&quot;0&quot;,&quot;title&quot;:&quot;&quot;,&quot;orientation&quot;:&quot;0&quot;}\" data-image-title=\"Globi auf der Engstligenalp\" data-image-description=\"\" data-image-caption=\"&lt;p&gt;Globi auf der Engstligenalp&lt;\/p&gt;\n\" data-large-file=\"https:\/\/i0.wp.com\/idnu.ch\/wordpress\/wp-content\/uploads\/2016\/08\/engstligenalp_0032.jpg?fit=750%2C500&amp;ssl=1\" \/><\/a>\n\t\t\t<\/div>\n\t\t\t\t<figcaption class='wp-caption-text gallery-caption' id='gallery-2-5197'>\n\t\t\t\tGlobi auf der Engstligenalp\n\t\t\t\t<\/figcaption><\/figure><figure class='gallery-item'>\n\t\t\t<div class='gallery-icon landscape'>\n\t\t\t\t<a href='https:\/\/idnu.ch\/wordpress\/familientour-engstligenalp\/engstligenalp_0034\/#main'><img loading=\"lazy\" decoding=\"async\" width=\"750\" height=\"750\" src=\"https:\/\/i0.wp.com\/idnu.ch\/wordpress\/wp-content\/uploads\/2016\/08\/engstligenalp_0034.jpg?resize=750%2C750&amp;ssl=1\" class=\"attachment-anemone-postcarousel size-anemone-postcarousel\" alt=\"Eine wasserreiche Landschaft\" aria-describedby=\"gallery-2-5198\" srcset=\"https:\/\/i0.wp.com\/idnu.ch\/wordpress\/wp-content\/uploads\/2016\/08\/engstligenalp_0034.jpg?resize=150%2C150&amp;ssl=1 150w, https:\/\/i0.wp.com\/idnu.ch\/wordpress\/wp-content\/uploads\/2016\/08\/engstligenalp_0034.jpg?resize=750%2C750&amp;ssl=1 750w\" sizes=\"auto, (max-width: 750px) 100vw, 750px\" data-attachment-id=\"5198\" data-permalink=\"https:\/\/idnu.ch\/wordpress\/familientour-engstligenalp\/engstligenalp_0034\/#main\" data-orig-file=\"https:\/\/i0.wp.com\/idnu.ch\/wordpress\/wp-content\/uploads\/2016\/08\/engstligenalp_0034.jpg?fit=1400%2C933&amp;ssl=1\" data-orig-size=\"1400,933\" data-comments-opened=\"1\" data-image-meta=\"{&quot;aperture&quot;:&quot;0&quot;,&quot;credit&quot;:&quot;&quot;,&quot;camera&quot;:&quot;&quot;,&quot;caption&quot;:&quot;&quot;,&quot;created_timestamp&quot;:&quot;0&quot;,&quot;copyright&quot;:&quot;&quot;,&quot;focal_length&quot;:&quot;0&quot;,&quot;iso&quot;:&quot;0&quot;,&quot;shutter_speed&quot;:&quot;0&quot;,&quot;title&quot;:&quot;&quot;,&quot;orientation&quot;:&quot;0&quot;}\" data-image-title=\"Eine wasserreiche Landschaft\" data-image-description=\"\" data-image-caption=\"&lt;p&gt;Eine wasserreiche Landschaft&lt;\/p&gt;\n\" data-large-file=\"https:\/\/i0.wp.com\/idnu.ch\/wordpress\/wp-content\/uploads\/2016\/08\/engstligenalp_0034.jpg?fit=750%2C500&amp;ssl=1\" \/><\/a>\n\t\t\t<\/div>\n\t\t\t\t<figcaption class='wp-caption-text gallery-caption' id='gallery-2-5198'>\n\t\t\t\tEine wasserreiche Landschaft\n\t\t\t\t<\/figcaption><\/figure><figure class='gallery-item'>\n\t\t\t<div class='gallery-icon landscape'>\n\t\t\t\t<a href='https:\/\/idnu.ch\/wordpress\/familientour-engstligenalp\/engstligenalp_0035-2\/#main'><img loading=\"lazy\" decoding=\"async\" width=\"750\" height=\"750\" src=\"https:\/\/i0.wp.com\/idnu.ch\/wordpress\/wp-content\/uploads\/2016\/08\/engstligenalp_0035.jpg?resize=750%2C750&amp;ssl=1\" class=\"attachment-anemone-postcarousel size-anemone-postcarousel\" alt=\"\" srcset=\"https:\/\/i0.wp.com\/idnu.ch\/wordpress\/wp-content\/uploads\/2016\/08\/engstligenalp_0035.jpg?resize=150%2C150&amp;ssl=1 150w, https:\/\/i0.wp.com\/idnu.ch\/wordpress\/wp-content\/uploads\/2016\/08\/engstligenalp_0035.jpg?resize=750%2C750&amp;ssl=1 750w\" sizes=\"auto, (max-width: 750px) 100vw, 750px\" data-attachment-id=\"5199\" data-permalink=\"https:\/\/idnu.ch\/wordpress\/familientour-engstligenalp\/engstligenalp_0035-2\/#main\" data-orig-file=\"https:\/\/i0.wp.com\/idnu.ch\/wordpress\/wp-content\/uploads\/2016\/08\/engstligenalp_0035.jpg?fit=1400%2C933&amp;ssl=1\" data-orig-size=\"1400,933\" data-comments-opened=\"1\" data-image-meta=\"{&quot;aperture&quot;:&quot;0&quot;,&quot;credit&quot;:&quot;&quot;,&quot;camera&quot;:&quot;&quot;,&quot;caption&quot;:&quot;&quot;,&quot;created_timestamp&quot;:&quot;0&quot;,&quot;copyright&quot;:&quot;&quot;,&quot;focal_length&quot;:&quot;0&quot;,&quot;iso&quot;:&quot;0&quot;,&quot;shutter_speed&quot;:&quot;0&quot;,&quot;title&quot;:&quot;&quot;,&quot;orientation&quot;:&quot;0&quot;}\" data-image-title=\"engstligenalp_0035\" data-image-description=\"\" data-image-caption=\"\" data-large-file=\"https:\/\/i0.wp.com\/idnu.ch\/wordpress\/wp-content\/uploads\/2016\/08\/engstligenalp_0035.jpg?fit=750%2C500&amp;ssl=1\" \/><\/a>\n\t\t\t<\/div><\/figure><figure class='gallery-item'>\n\t\t\t<div class='gallery-icon landscape'>\n\t\t\t\t<a href='https:\/\/idnu.ch\/wordpress\/familientour-engstligenalp\/engstligenalp_0036\/#main'><img loading=\"lazy\" decoding=\"async\" width=\"750\" height=\"750\" src=\"https:\/\/i0.wp.com\/idnu.ch\/wordpress\/wp-content\/uploads\/2016\/08\/engstligenalp_0036.jpg?resize=750%2C750&amp;ssl=1\" class=\"attachment-anemone-postcarousel size-anemone-postcarousel\" alt=\"\" srcset=\"https:\/\/i0.wp.com\/idnu.ch\/wordpress\/wp-content\/uploads\/2016\/08\/engstligenalp_0036.jpg?resize=150%2C150&amp;ssl=1 150w, https:\/\/i0.wp.com\/idnu.ch\/wordpress\/wp-content\/uploads\/2016\/08\/engstligenalp_0036.jpg?resize=750%2C750&amp;ssl=1 750w\" sizes=\"auto, (max-width: 750px) 100vw, 750px\" data-attachment-id=\"5200\" data-permalink=\"https:\/\/idnu.ch\/wordpress\/familientour-engstligenalp\/engstligenalp_0036\/#main\" data-orig-file=\"https:\/\/i0.wp.com\/idnu.ch\/wordpress\/wp-content\/uploads\/2016\/08\/engstligenalp_0036.jpg?fit=1400%2C933&amp;ssl=1\" data-orig-size=\"1400,933\" data-comments-opened=\"1\" data-image-meta=\"{&quot;aperture&quot;:&quot;0&quot;,&quot;credit&quot;:&quot;&quot;,&quot;camera&quot;:&quot;&quot;,&quot;caption&quot;:&quot;&quot;,&quot;created_timestamp&quot;:&quot;0&quot;,&quot;copyright&quot;:&quot;&quot;,&quot;focal_length&quot;:&quot;0&quot;,&quot;iso&quot;:&quot;0&quot;,&quot;shutter_speed&quot;:&quot;0&quot;,&quot;title&quot;:&quot;&quot;,&quot;orientation&quot;:&quot;0&quot;}\" data-image-title=\"engstligenalp_0036\" data-image-description=\"\" data-image-caption=\"\" data-large-file=\"https:\/\/i0.wp.com\/idnu.ch\/wordpress\/wp-content\/uploads\/2016\/08\/engstligenalp_0036.jpg?fit=750%2C500&amp;ssl=1\" \/><\/a>\n\t\t\t<\/div><\/figure><figure class='gallery-item'>\n\t\t\t<div class='gallery-icon landscape'>\n\t\t\t\t<a href='https:\/\/idnu.ch\/wordpress\/familientour-engstligenalp\/engstligenalp_0037\/#main'><img loading=\"lazy\" decoding=\"async\" width=\"750\" height=\"750\" src=\"https:\/\/i0.wp.com\/idnu.ch\/wordpress\/wp-content\/uploads\/2016\/08\/engstligenalp_0037.jpg?resize=750%2C750&amp;ssl=1\" class=\"attachment-anemone-postcarousel size-anemone-postcarousel\" alt=\"Lohner und Tschingellochtighorn\" aria-describedby=\"gallery-2-5201\" srcset=\"https:\/\/i0.wp.com\/idnu.ch\/wordpress\/wp-content\/uploads\/2016\/08\/engstligenalp_0037.jpg?resize=150%2C150&amp;ssl=1 150w, https:\/\/i0.wp.com\/idnu.ch\/wordpress\/wp-content\/uploads\/2016\/08\/engstligenalp_0037.jpg?resize=750%2C750&amp;ssl=1 750w\" sizes=\"auto, (max-width: 750px) 100vw, 750px\" data-attachment-id=\"5201\" data-permalink=\"https:\/\/idnu.ch\/wordpress\/familientour-engstligenalp\/engstligenalp_0037\/#main\" data-orig-file=\"https:\/\/i0.wp.com\/idnu.ch\/wordpress\/wp-content\/uploads\/2016\/08\/engstligenalp_0037.jpg?fit=1400%2C933&amp;ssl=1\" data-orig-size=\"1400,933\" data-comments-opened=\"1\" data-image-meta=\"{&quot;aperture&quot;:&quot;0&quot;,&quot;credit&quot;:&quot;&quot;,&quot;camera&quot;:&quot;&quot;,&quot;caption&quot;:&quot;&quot;,&quot;created_timestamp&quot;:&quot;0&quot;,&quot;copyright&quot;:&quot;&quot;,&quot;focal_length&quot;:&quot;0&quot;,&quot;iso&quot;:&quot;0&quot;,&quot;shutter_speed&quot;:&quot;0&quot;,&quot;title&quot;:&quot;&quot;,&quot;orientation&quot;:&quot;0&quot;}\" data-image-title=\"Lohner und Tschingellochtighorn\" data-image-description=\"\" data-image-caption=\"&lt;p&gt;Lohner und Tschingellochtighorn&lt;\/p&gt;\n\" data-large-file=\"https:\/\/i0.wp.com\/idnu.ch\/wordpress\/wp-content\/uploads\/2016\/08\/engstligenalp_0037.jpg?fit=750%2C500&amp;ssl=1\" \/><\/a>\n\t\t\t<\/div>\n\t\t\t\t<figcaption class='wp-caption-text gallery-caption' id='gallery-2-5201'>\n\t\t\t\tLohner und Tschingellochtighorn\n\t\t\t\t<\/figcaption><\/figure><figure class='gallery-item'>\n\t\t\t<div class='gallery-icon landscape'>\n\t\t\t\t<a href='https:\/\/idnu.ch\/wordpress\/familientour-engstligenalp\/engstligenalp_0038\/#main'><img loading=\"lazy\" decoding=\"async\" width=\"750\" height=\"750\" src=\"https:\/\/i0.wp.com\/idnu.ch\/wordpress\/wp-content\/uploads\/2016\/08\/engstligenalp_0038.jpg?resize=750%2C750&amp;ssl=1\" class=\"attachment-anemone-postcarousel size-anemone-postcarousel\" alt=\"Der Wildstrubel im Morgenlicht\" aria-describedby=\"gallery-2-5202\" srcset=\"https:\/\/i0.wp.com\/idnu.ch\/wordpress\/wp-content\/uploads\/2016\/08\/engstligenalp_0038.jpg?resize=150%2C150&amp;ssl=1 150w, https:\/\/i0.wp.com\/idnu.ch\/wordpress\/wp-content\/uploads\/2016\/08\/engstligenalp_0038.jpg?resize=750%2C750&amp;ssl=1 750w\" sizes=\"auto, (max-width: 750px) 100vw, 750px\" data-attachment-id=\"5202\" data-permalink=\"https:\/\/idnu.ch\/wordpress\/familientour-engstligenalp\/engstligenalp_0038\/#main\" data-orig-file=\"https:\/\/i0.wp.com\/idnu.ch\/wordpress\/wp-content\/uploads\/2016\/08\/engstligenalp_0038.jpg?fit=1400%2C933&amp;ssl=1\" data-orig-size=\"1400,933\" data-comments-opened=\"1\" data-image-meta=\"{&quot;aperture&quot;:&quot;0&quot;,&quot;credit&quot;:&quot;&quot;,&quot;camera&quot;:&quot;&quot;,&quot;caption&quot;:&quot;&quot;,&quot;created_timestamp&quot;:&quot;0&quot;,&quot;copyright&quot;:&quot;&quot;,&quot;focal_length&quot;:&quot;0&quot;,&quot;iso&quot;:&quot;0&quot;,&quot;shutter_speed&quot;:&quot;0&quot;,&quot;title&quot;:&quot;&quot;,&quot;orientation&quot;:&quot;0&quot;}\" data-image-title=\"Der Wildstrubel im Morgenlicht\" data-image-description=\"\" data-image-caption=\"&lt;p&gt;Der Wildstrubel im Morgenlicht&lt;\/p&gt;\n\" data-large-file=\"https:\/\/i0.wp.com\/idnu.ch\/wordpress\/wp-content\/uploads\/2016\/08\/engstligenalp_0038.jpg?fit=750%2C500&amp;ssl=1\" \/><\/a>\n\t\t\t<\/div>\n\t\t\t\t<figcaption class='wp-caption-text gallery-caption' id='gallery-2-5202'>\n\t\t\t\tDer Wildstrubel im Morgenlicht\n\t\t\t\t<\/figcaption><\/figure><figure class='gallery-item'>\n\t\t\t<div class='gallery-icon landscape'>\n\t\t\t\t<a href='https:\/\/idnu.ch\/wordpress\/familientour-engstligenalp\/engstligenalp_0039-2\/#main'><img loading=\"lazy\" decoding=\"async\" width=\"750\" height=\"750\" src=\"https:\/\/i0.wp.com\/idnu.ch\/wordpress\/wp-content\/uploads\/2016\/08\/engstligenalp_0039-1.jpg?resize=750%2C750&amp;ssl=1\" class=\"attachment-anemone-postcarousel size-anemone-postcarousel\" alt=\"Sonne und Schatten\" aria-describedby=\"gallery-2-5204\" srcset=\"https:\/\/i0.wp.com\/idnu.ch\/wordpress\/wp-content\/uploads\/2016\/08\/engstligenalp_0039-1.jpg?resize=150%2C150&amp;ssl=1 150w, https:\/\/i0.wp.com\/idnu.ch\/wordpress\/wp-content\/uploads\/2016\/08\/engstligenalp_0039-1.jpg?resize=750%2C750&amp;ssl=1 750w\" sizes=\"auto, (max-width: 750px) 100vw, 750px\" data-attachment-id=\"5204\" data-permalink=\"https:\/\/idnu.ch\/wordpress\/familientour-engstligenalp\/engstligenalp_0039-2\/#main\" data-orig-file=\"https:\/\/i0.wp.com\/idnu.ch\/wordpress\/wp-content\/uploads\/2016\/08\/engstligenalp_0039-1.jpg?fit=1400%2C933&amp;ssl=1\" data-orig-size=\"1400,933\" data-comments-opened=\"1\" data-image-meta=\"{&quot;aperture&quot;:&quot;0&quot;,&quot;credit&quot;:&quot;&quot;,&quot;camera&quot;:&quot;&quot;,&quot;caption&quot;:&quot;&quot;,&quot;created_timestamp&quot;:&quot;0&quot;,&quot;copyright&quot;:&quot;&quot;,&quot;focal_length&quot;:&quot;0&quot;,&quot;iso&quot;:&quot;0&quot;,&quot;shutter_speed&quot;:&quot;0&quot;,&quot;title&quot;:&quot;&quot;,&quot;orientation&quot;:&quot;0&quot;}\" data-image-title=\"Sonne und Schatten\" data-image-description=\"\" data-image-caption=\"&lt;p&gt;Sonne und Schatten&lt;\/p&gt;\n\" data-large-file=\"https:\/\/i0.wp.com\/idnu.ch\/wordpress\/wp-content\/uploads\/2016\/08\/engstligenalp_0039-1.jpg?fit=750%2C500&amp;ssl=1\" \/><\/a>\n\t\t\t<\/div>\n\t\t\t\t<figcaption class='wp-caption-text gallery-caption' id='gallery-2-5204'>\n\t\t\t\tSonne und Schatten\n\t\t\t\t<\/figcaption><\/figure><figure class='gallery-item'>\n\t\t\t<div class='gallery-icon landscape'>\n\t\t\t\t<a href='https:\/\/idnu.ch\/wordpress\/familientour-engstligenalp\/engstligenalp_0040\/#main'><img loading=\"lazy\" decoding=\"async\" width=\"750\" height=\"750\" src=\"https:\/\/i0.wp.com\/idnu.ch\/wordpress\/wp-content\/uploads\/2016\/08\/engstligenalp_0040.jpg?resize=750%2C750&amp;ssl=1\" class=\"attachment-anemone-postcarousel size-anemone-postcarousel\" alt=\"Das Tschingellochtighorn als Silhoutte\" aria-describedby=\"gallery-2-5205\" srcset=\"https:\/\/i0.wp.com\/idnu.ch\/wordpress\/wp-content\/uploads\/2016\/08\/engstligenalp_0040.jpg?resize=150%2C150&amp;ssl=1 150w, https:\/\/i0.wp.com\/idnu.ch\/wordpress\/wp-content\/uploads\/2016\/08\/engstligenalp_0040.jpg?resize=750%2C750&amp;ssl=1 750w\" sizes=\"auto, (max-width: 750px) 100vw, 750px\" data-attachment-id=\"5205\" data-permalink=\"https:\/\/idnu.ch\/wordpress\/familientour-engstligenalp\/engstligenalp_0040\/#main\" data-orig-file=\"https:\/\/i0.wp.com\/idnu.ch\/wordpress\/wp-content\/uploads\/2016\/08\/engstligenalp_0040.jpg?fit=1400%2C933&amp;ssl=1\" data-orig-size=\"1400,933\" data-comments-opened=\"1\" data-image-meta=\"{&quot;aperture&quot;:&quot;0&quot;,&quot;credit&quot;:&quot;&quot;,&quot;camera&quot;:&quot;&quot;,&quot;caption&quot;:&quot;&quot;,&quot;created_timestamp&quot;:&quot;0&quot;,&quot;copyright&quot;:&quot;&quot;,&quot;focal_length&quot;:&quot;0&quot;,&quot;iso&quot;:&quot;0&quot;,&quot;shutter_speed&quot;:&quot;0&quot;,&quot;title&quot;:&quot;&quot;,&quot;orientation&quot;:&quot;0&quot;}\" data-image-title=\"Das Tschingellochtighorn als Silhoutte\" data-image-description=\"\" data-image-caption=\"&lt;p&gt;Das Tschingellochtighorn als Silhoutte&lt;\/p&gt;\n\" data-large-file=\"https:\/\/i0.wp.com\/idnu.ch\/wordpress\/wp-content\/uploads\/2016\/08\/engstligenalp_0040.jpg?fit=750%2C500&amp;ssl=1\" \/><\/a>\n\t\t\t<\/div>\n\t\t\t\t<figcaption class='wp-caption-text gallery-caption' id='gallery-2-5205'>\n\t\t\t\tDas Tschingellochtighorn als Silhoutte\n\t\t\t\t<\/figcaption><\/figure><figure class='gallery-item'>\n\t\t\t<div class='gallery-icon portrait'>\n\t\t\t\t<a href='https:\/\/idnu.ch\/wordpress\/familientour-engstligenalp\/engstligenalp_0041\/#main'><img loading=\"lazy\" decoding=\"async\" width=\"750\" height=\"750\" src=\"https:\/\/i0.wp.com\/idnu.ch\/wordpress\/wp-content\/uploads\/2016\/08\/engstligenalp_0041.jpg?resize=750%2C750&amp;ssl=1\" class=\"attachment-anemone-postcarousel size-anemone-postcarousel\" alt=\"Glasklare Quelle\" aria-describedby=\"gallery-2-5206\" srcset=\"https:\/\/i0.wp.com\/idnu.ch\/wordpress\/wp-content\/uploads\/2016\/08\/engstligenalp_0041.jpg?resize=150%2C150&amp;ssl=1 150w, https:\/\/i0.wp.com\/idnu.ch\/wordpress\/wp-content\/uploads\/2016\/08\/engstligenalp_0041.jpg?resize=750%2C750&amp;ssl=1 750w\" sizes=\"auto, (max-width: 750px) 100vw, 750px\" data-attachment-id=\"5206\" data-permalink=\"https:\/\/idnu.ch\/wordpress\/familientour-engstligenalp\/engstligenalp_0041\/#main\" data-orig-file=\"https:\/\/i0.wp.com\/idnu.ch\/wordpress\/wp-content\/uploads\/2016\/08\/engstligenalp_0041.jpg?fit=933%2C1400&amp;ssl=1\" data-orig-size=\"933,1400\" data-comments-opened=\"1\" data-image-meta=\"{&quot;aperture&quot;:&quot;0&quot;,&quot;credit&quot;:&quot;&quot;,&quot;camera&quot;:&quot;&quot;,&quot;caption&quot;:&quot;&quot;,&quot;created_timestamp&quot;:&quot;0&quot;,&quot;copyright&quot;:&quot;&quot;,&quot;focal_length&quot;:&quot;0&quot;,&quot;iso&quot;:&quot;0&quot;,&quot;shutter_speed&quot;:&quot;0&quot;,&quot;title&quot;:&quot;&quot;,&quot;orientation&quot;:&quot;0&quot;}\" data-image-title=\"Glasklare Quelle\" data-image-description=\"\" data-image-caption=\"&lt;p&gt;Glasklare Quelle&lt;\/p&gt;\n\" data-large-file=\"https:\/\/i0.wp.com\/idnu.ch\/wordpress\/wp-content\/uploads\/2016\/08\/engstligenalp_0041.jpg?fit=682%2C1024&amp;ssl=1\" \/><\/a>\n\t\t\t<\/div>\n\t\t\t\t<figcaption class='wp-caption-text gallery-caption' id='gallery-2-5206'>\n\t\t\t\tGlasklare Quelle\n\t\t\t\t<\/figcaption><\/figure>\n\t\t<\/div>\n\n<h1>Bouldern auf der Engstligenalp<\/h1>\n<div data-carousel-extra='{&quot;blog_id&quot;:1,&quot;permalink&quot;:&quot;https:\/\/idnu.ch\/wordpress\/familientour-engstligenalp\/&quot;}' id='gallery-3' class='gallery galleryid-5174 gallery-columns-3 gallery-size-anemone-postcarousel'><figure class='gallery-item'>\n\t\t\t<div class='gallery-icon landscape'>\n\t\t\t\t<a href='https:\/\/idnu.ch\/wordpress\/familientour-engstligenalp\/engstligenalp_0042\/#main'><img loading=\"lazy\" decoding=\"async\" width=\"750\" height=\"750\" src=\"https:\/\/i0.wp.com\/idnu.ch\/wordpress\/wp-content\/uploads\/2016\/08\/engstligenalp_0042.jpg?resize=750%2C750&amp;ssl=1\" class=\"attachment-anemone-postcarousel size-anemone-postcarousel\" alt=\"Auf dem Weg zum Boulderparcours\" srcset=\"https:\/\/i0.wp.com\/idnu.ch\/wordpress\/wp-content\/uploads\/2016\/08\/engstligenalp_0042.jpg?resize=150%2C150&amp;ssl=1 150w, https:\/\/i0.wp.com\/idnu.ch\/wordpress\/wp-content\/uploads\/2016\/08\/engstligenalp_0042.jpg?resize=750%2C750&amp;ssl=1 750w\" sizes=\"auto, (max-width: 750px) 100vw, 750px\" data-attachment-id=\"5207\" data-permalink=\"https:\/\/idnu.ch\/wordpress\/familientour-engstligenalp\/engstligenalp_0042\/#main\" data-orig-file=\"https:\/\/i0.wp.com\/idnu.ch\/wordpress\/wp-content\/uploads\/2016\/08\/engstligenalp_0042.jpg?fit=1400%2C933&amp;ssl=1\" data-orig-size=\"1400,933\" data-comments-opened=\"1\" data-image-meta=\"{&quot;aperture&quot;:&quot;0&quot;,&quot;credit&quot;:&quot;&quot;,&quot;camera&quot;:&quot;&quot;,&quot;caption&quot;:&quot;&quot;,&quot;created_timestamp&quot;:&quot;0&quot;,&quot;copyright&quot;:&quot;&quot;,&quot;focal_length&quot;:&quot;0&quot;,&quot;iso&quot;:&quot;0&quot;,&quot;shutter_speed&quot;:&quot;0&quot;,&quot;title&quot;:&quot;&quot;,&quot;orientation&quot;:&quot;0&quot;}\" data-image-title=\"Auf dem Weg zum Boulderparcours\" data-image-description=\"\" data-image-caption=\"\" data-large-file=\"https:\/\/i0.wp.com\/idnu.ch\/wordpress\/wp-content\/uploads\/2016\/08\/engstligenalp_0042.jpg?fit=750%2C500&amp;ssl=1\" \/><\/a>\n\t\t\t<\/div><\/figure><figure class='gallery-item'>\n\t\t\t<div class='gallery-icon landscape'>\n\t\t\t\t<a href='https:\/\/idnu.ch\/wordpress\/familientour-engstligenalp\/engstligenalp_0043\/#main'><img loading=\"lazy\" decoding=\"async\" width=\"750\" height=\"750\" src=\"https:\/\/i0.wp.com\/idnu.ch\/wordpress\/wp-content\/uploads\/2016\/08\/engstligenalp_0043.jpg?resize=750%2C750&amp;ssl=1\" class=\"attachment-anemone-postcarousel size-anemone-postcarousel\" alt=\"Die einen Bouldern, die anderen ruhen\" srcset=\"https:\/\/i0.wp.com\/idnu.ch\/wordpress\/wp-content\/uploads\/2016\/08\/engstligenalp_0043.jpg?resize=150%2C150&amp;ssl=1 150w, https:\/\/i0.wp.com\/idnu.ch\/wordpress\/wp-content\/uploads\/2016\/08\/engstligenalp_0043.jpg?resize=750%2C750&amp;ssl=1 750w\" sizes=\"auto, (max-width: 750px) 100vw, 750px\" data-attachment-id=\"5208\" data-permalink=\"https:\/\/idnu.ch\/wordpress\/familientour-engstligenalp\/engstligenalp_0043\/#main\" data-orig-file=\"https:\/\/i0.wp.com\/idnu.ch\/wordpress\/wp-content\/uploads\/2016\/08\/engstligenalp_0043.jpg?fit=1400%2C933&amp;ssl=1\" data-orig-size=\"1400,933\" data-comments-opened=\"1\" data-image-meta=\"{&quot;aperture&quot;:&quot;0&quot;,&quot;credit&quot;:&quot;&quot;,&quot;camera&quot;:&quot;&quot;,&quot;caption&quot;:&quot;&quot;,&quot;created_timestamp&quot;:&quot;0&quot;,&quot;copyright&quot;:&quot;&quot;,&quot;focal_length&quot;:&quot;0&quot;,&quot;iso&quot;:&quot;0&quot;,&quot;shutter_speed&quot;:&quot;0&quot;,&quot;title&quot;:&quot;&quot;,&quot;orientation&quot;:&quot;0&quot;}\" data-image-title=\"Die einen Bouldern, die anderen ruhen\" data-image-description=\"\" data-image-caption=\"\" data-large-file=\"https:\/\/i0.wp.com\/idnu.ch\/wordpress\/wp-content\/uploads\/2016\/08\/engstligenalp_0043.jpg?fit=750%2C500&amp;ssl=1\" \/><\/a>\n\t\t\t<\/div><\/figure><figure class='gallery-item'>\n\t\t\t<div class='gallery-icon landscape'>\n\t\t\t\t<a href='https:\/\/idnu.ch\/wordpress\/familientour-engstligenalp\/engstligenalp_0044\/#main'><img loading=\"lazy\" decoding=\"async\" width=\"750\" height=\"750\" src=\"https:\/\/i0.wp.com\/idnu.ch\/wordpress\/wp-content\/uploads\/2016\/08\/engstligenalp_0044.jpg?resize=750%2C750&amp;ssl=1\" class=\"attachment-anemone-postcarousel size-anemone-postcarousel\" alt=\"\" srcset=\"https:\/\/i0.wp.com\/idnu.ch\/wordpress\/wp-content\/uploads\/2016\/08\/engstligenalp_0044.jpg?resize=150%2C150&amp;ssl=1 150w, https:\/\/i0.wp.com\/idnu.ch\/wordpress\/wp-content\/uploads\/2016\/08\/engstligenalp_0044.jpg?resize=750%2C750&amp;ssl=1 750w\" sizes=\"auto, (max-width: 750px) 100vw, 750px\" data-attachment-id=\"5209\" data-permalink=\"https:\/\/idnu.ch\/wordpress\/familientour-engstligenalp\/engstligenalp_0044\/#main\" data-orig-file=\"https:\/\/i0.wp.com\/idnu.ch\/wordpress\/wp-content\/uploads\/2016\/08\/engstligenalp_0044.jpg?fit=1400%2C933&amp;ssl=1\" data-orig-size=\"1400,933\" data-comments-opened=\"1\" data-image-meta=\"{&quot;aperture&quot;:&quot;0&quot;,&quot;credit&quot;:&quot;&quot;,&quot;camera&quot;:&quot;&quot;,&quot;caption&quot;:&quot;&quot;,&quot;created_timestamp&quot;:&quot;0&quot;,&quot;copyright&quot;:&quot;&quot;,&quot;focal_length&quot;:&quot;0&quot;,&quot;iso&quot;:&quot;0&quot;,&quot;shutter_speed&quot;:&quot;0&quot;,&quot;title&quot;:&quot;&quot;,&quot;orientation&quot;:&quot;0&quot;}\" data-image-title=\"engstligenalp_0044\" data-image-description=\"\" data-image-caption=\"\" data-large-file=\"https:\/\/i0.wp.com\/idnu.ch\/wordpress\/wp-content\/uploads\/2016\/08\/engstligenalp_0044.jpg?fit=750%2C500&amp;ssl=1\" \/><\/a>\n\t\t\t<\/div><\/figure><figure class='gallery-item'>\n\t\t\t<div class='gallery-icon landscape'>\n\t\t\t\t<a href='https:\/\/idnu.ch\/wordpress\/familientour-engstligenalp\/engstligenalp_0045\/#main'><img loading=\"lazy\" decoding=\"async\" width=\"750\" height=\"750\" src=\"https:\/\/i0.wp.com\/idnu.ch\/wordpress\/wp-content\/uploads\/2016\/08\/engstligenalp_0045.jpg?resize=750%2C750&amp;ssl=1\" class=\"attachment-anemone-postcarousel size-anemone-postcarousel\" alt=\"\" srcset=\"https:\/\/i0.wp.com\/idnu.ch\/wordpress\/wp-content\/uploads\/2016\/08\/engstligenalp_0045.jpg?resize=150%2C150&amp;ssl=1 150w, https:\/\/i0.wp.com\/idnu.ch\/wordpress\/wp-content\/uploads\/2016\/08\/engstligenalp_0045.jpg?resize=750%2C750&amp;ssl=1 750w\" sizes=\"auto, (max-width: 750px) 100vw, 750px\" data-attachment-id=\"5210\" data-permalink=\"https:\/\/idnu.ch\/wordpress\/familientour-engstligenalp\/engstligenalp_0045\/#main\" data-orig-file=\"https:\/\/i0.wp.com\/idnu.ch\/wordpress\/wp-content\/uploads\/2016\/08\/engstligenalp_0045.jpg?fit=1400%2C933&amp;ssl=1\" data-orig-size=\"1400,933\" data-comments-opened=\"1\" data-image-meta=\"{&quot;aperture&quot;:&quot;0&quot;,&quot;credit&quot;:&quot;&quot;,&quot;camera&quot;:&quot;&quot;,&quot;caption&quot;:&quot;&quot;,&quot;created_timestamp&quot;:&quot;0&quot;,&quot;copyright&quot;:&quot;&quot;,&quot;focal_length&quot;:&quot;0&quot;,&quot;iso&quot;:&quot;0&quot;,&quot;shutter_speed&quot;:&quot;0&quot;,&quot;title&quot;:&quot;&quot;,&quot;orientation&quot;:&quot;0&quot;}\" data-image-title=\"engstligenalp_0045\" data-image-description=\"\" data-image-caption=\"\" data-large-file=\"https:\/\/i0.wp.com\/idnu.ch\/wordpress\/wp-content\/uploads\/2016\/08\/engstligenalp_0045.jpg?fit=750%2C500&amp;ssl=1\" \/><\/a>\n\t\t\t<\/div><\/figure><figure class='gallery-item'>\n\t\t\t<div class='gallery-icon portrait'>\n\t\t\t\t<a href='https:\/\/idnu.ch\/wordpress\/familientour-engstligenalp\/engstligenalp_0046\/#main'><img loading=\"lazy\" decoding=\"async\" width=\"750\" height=\"750\" src=\"https:\/\/i0.wp.com\/idnu.ch\/wordpress\/wp-content\/uploads\/2016\/08\/engstligenalp_0046.jpg?resize=750%2C750&amp;ssl=1\" class=\"attachment-anemone-postcarousel size-anemone-postcarousel\" alt=\"\" srcset=\"https:\/\/i0.wp.com\/idnu.ch\/wordpress\/wp-content\/uploads\/2016\/08\/engstligenalp_0046.jpg?resize=150%2C150&amp;ssl=1 150w, https:\/\/i0.wp.com\/idnu.ch\/wordpress\/wp-content\/uploads\/2016\/08\/engstligenalp_0046.jpg?resize=750%2C750&amp;ssl=1 750w\" sizes=\"auto, (max-width: 750px) 100vw, 750px\" data-attachment-id=\"5211\" data-permalink=\"https:\/\/idnu.ch\/wordpress\/familientour-engstligenalp\/engstligenalp_0046\/#main\" data-orig-file=\"https:\/\/i0.wp.com\/idnu.ch\/wordpress\/wp-content\/uploads\/2016\/08\/engstligenalp_0046.jpg?fit=933%2C1400&amp;ssl=1\" data-orig-size=\"933,1400\" data-comments-opened=\"1\" data-image-meta=\"{&quot;aperture&quot;:&quot;0&quot;,&quot;credit&quot;:&quot;&quot;,&quot;camera&quot;:&quot;&quot;,&quot;caption&quot;:&quot;&quot;,&quot;created_timestamp&quot;:&quot;0&quot;,&quot;copyright&quot;:&quot;&quot;,&quot;focal_length&quot;:&quot;0&quot;,&quot;iso&quot;:&quot;0&quot;,&quot;shutter_speed&quot;:&quot;0&quot;,&quot;title&quot;:&quot;&quot;,&quot;orientation&quot;:&quot;0&quot;}\" data-image-title=\"engstligenalp_0046\" data-image-description=\"\" data-image-caption=\"\" data-large-file=\"https:\/\/i0.wp.com\/idnu.ch\/wordpress\/wp-content\/uploads\/2016\/08\/engstligenalp_0046.jpg?fit=682%2C1024&amp;ssl=1\" \/><\/a>\n\t\t\t<\/div><\/figure><figure class='gallery-item'>\n\t\t\t<div class='gallery-icon portrait'>\n\t\t\t\t<a href='https:\/\/idnu.ch\/wordpress\/familientour-engstligenalp\/engstligenalp_0047\/#main'><img loading=\"lazy\" decoding=\"async\" width=\"750\" height=\"750\" src=\"https:\/\/i0.wp.com\/idnu.ch\/wordpress\/wp-content\/uploads\/2016\/08\/engstligenalp_0047.jpg?resize=750%2C750&amp;ssl=1\" class=\"attachment-anemone-postcarousel size-anemone-postcarousel\" alt=\"\" srcset=\"https:\/\/i0.wp.com\/idnu.ch\/wordpress\/wp-content\/uploads\/2016\/08\/engstligenalp_0047.jpg?resize=150%2C150&amp;ssl=1 150w, https:\/\/i0.wp.com\/idnu.ch\/wordpress\/wp-content\/uploads\/2016\/08\/engstligenalp_0047.jpg?resize=750%2C750&amp;ssl=1 750w\" sizes=\"auto, (max-width: 750px) 100vw, 750px\" data-attachment-id=\"5212\" data-permalink=\"https:\/\/idnu.ch\/wordpress\/familientour-engstligenalp\/engstligenalp_0047\/#main\" data-orig-file=\"https:\/\/i0.wp.com\/idnu.ch\/wordpress\/wp-content\/uploads\/2016\/08\/engstligenalp_0047.jpg?fit=933%2C1400&amp;ssl=1\" data-orig-size=\"933,1400\" data-comments-opened=\"1\" data-image-meta=\"{&quot;aperture&quot;:&quot;0&quot;,&quot;credit&quot;:&quot;&quot;,&quot;camera&quot;:&quot;&quot;,&quot;caption&quot;:&quot;&quot;,&quot;created_timestamp&quot;:&quot;0&quot;,&quot;copyright&quot;:&quot;&quot;,&quot;focal_length&quot;:&quot;0&quot;,&quot;iso&quot;:&quot;0&quot;,&quot;shutter_speed&quot;:&quot;0&quot;,&quot;title&quot;:&quot;&quot;,&quot;orientation&quot;:&quot;0&quot;}\" data-image-title=\"engstligenalp_0047\" data-image-description=\"\" data-image-caption=\"\" data-large-file=\"https:\/\/i0.wp.com\/idnu.ch\/wordpress\/wp-content\/uploads\/2016\/08\/engstligenalp_0047.jpg?fit=682%2C1024&amp;ssl=1\" \/><\/a>\n\t\t\t<\/div><\/figure><figure class='gallery-item'>\n\t\t\t<div class='gallery-icon portrait'>\n\t\t\t\t<a href='https:\/\/idnu.ch\/wordpress\/familientour-engstligenalp\/engstligenalp_0048\/#main'><img loading=\"lazy\" decoding=\"async\" width=\"750\" height=\"750\" src=\"https:\/\/i0.wp.com\/idnu.ch\/wordpress\/wp-content\/uploads\/2016\/08\/engstligenalp_0048.jpg?resize=750%2C750&amp;ssl=1\" class=\"attachment-anemone-postcarousel size-anemone-postcarousel\" alt=\"\" srcset=\"https:\/\/i0.wp.com\/idnu.ch\/wordpress\/wp-content\/uploads\/2016\/08\/engstligenalp_0048.jpg?resize=150%2C150&amp;ssl=1 150w, https:\/\/i0.wp.com\/idnu.ch\/wordpress\/wp-content\/uploads\/2016\/08\/engstligenalp_0048.jpg?resize=750%2C750&amp;ssl=1 750w\" sizes=\"auto, (max-width: 750px) 100vw, 750px\" data-attachment-id=\"5213\" data-permalink=\"https:\/\/idnu.ch\/wordpress\/familientour-engstligenalp\/engstligenalp_0048\/#main\" data-orig-file=\"https:\/\/i0.wp.com\/idnu.ch\/wordpress\/wp-content\/uploads\/2016\/08\/engstligenalp_0048.jpg?fit=933%2C1400&amp;ssl=1\" data-orig-size=\"933,1400\" data-comments-opened=\"1\" data-image-meta=\"{&quot;aperture&quot;:&quot;0&quot;,&quot;credit&quot;:&quot;&quot;,&quot;camera&quot;:&quot;&quot;,&quot;caption&quot;:&quot;&quot;,&quot;created_timestamp&quot;:&quot;0&quot;,&quot;copyright&quot;:&quot;&quot;,&quot;focal_length&quot;:&quot;0&quot;,&quot;iso&quot;:&quot;0&quot;,&quot;shutter_speed&quot;:&quot;0&quot;,&quot;title&quot;:&quot;&quot;,&quot;orientation&quot;:&quot;0&quot;}\" data-image-title=\"engstligenalp_0048\" data-image-description=\"\" data-image-caption=\"\" data-large-file=\"https:\/\/i0.wp.com\/idnu.ch\/wordpress\/wp-content\/uploads\/2016\/08\/engstligenalp_0048.jpg?fit=682%2C1024&amp;ssl=1\" \/><\/a>\n\t\t\t<\/div><\/figure><figure class='gallery-item'>\n\t\t\t<div class='gallery-icon portrait'>\n\t\t\t\t<a href='https:\/\/idnu.ch\/wordpress\/familientour-engstligenalp\/engstligenalp_0049\/#main'><img loading=\"lazy\" decoding=\"async\" width=\"750\" height=\"750\" src=\"https:\/\/i0.wp.com\/idnu.ch\/wordpress\/wp-content\/uploads\/2016\/08\/engstligenalp_0049.jpg?resize=750%2C750&amp;ssl=1\" class=\"attachment-anemone-postcarousel size-anemone-postcarousel\" alt=\"\" srcset=\"https:\/\/i0.wp.com\/idnu.ch\/wordpress\/wp-content\/uploads\/2016\/08\/engstligenalp_0049.jpg?resize=150%2C150&amp;ssl=1 150w, https:\/\/i0.wp.com\/idnu.ch\/wordpress\/wp-content\/uploads\/2016\/08\/engstligenalp_0049.jpg?resize=750%2C750&amp;ssl=1 750w\" sizes=\"auto, (max-width: 750px) 100vw, 750px\" data-attachment-id=\"5214\" data-permalink=\"https:\/\/idnu.ch\/wordpress\/familientour-engstligenalp\/engstligenalp_0049\/#main\" data-orig-file=\"https:\/\/i0.wp.com\/idnu.ch\/wordpress\/wp-content\/uploads\/2016\/08\/engstligenalp_0049.jpg?fit=933%2C1400&amp;ssl=1\" data-orig-size=\"933,1400\" data-comments-opened=\"1\" data-image-meta=\"{&quot;aperture&quot;:&quot;0&quot;,&quot;credit&quot;:&quot;&quot;,&quot;camera&quot;:&quot;&quot;,&quot;caption&quot;:&quot;&quot;,&quot;created_timestamp&quot;:&quot;0&quot;,&quot;copyright&quot;:&quot;&quot;,&quot;focal_length&quot;:&quot;0&quot;,&quot;iso&quot;:&quot;0&quot;,&quot;shutter_speed&quot;:&quot;0&quot;,&quot;title&quot;:&quot;&quot;,&quot;orientation&quot;:&quot;0&quot;}\" data-image-title=\"engstligenalp_0049\" data-image-description=\"\" data-image-caption=\"\" data-large-file=\"https:\/\/i0.wp.com\/idnu.ch\/wordpress\/wp-content\/uploads\/2016\/08\/engstligenalp_0049.jpg?fit=682%2C1024&amp;ssl=1\" \/><\/a>\n\t\t\t<\/div><\/figure><figure class='gallery-item'>\n\t\t\t<div class='gallery-icon landscape'>\n\t\t\t\t<a href='https:\/\/idnu.ch\/wordpress\/familientour-engstligenalp\/engstligenalp_0050\/#main'><img loading=\"lazy\" decoding=\"async\" width=\"750\" height=\"750\" src=\"https:\/\/i0.wp.com\/idnu.ch\/wordpress\/wp-content\/uploads\/2016\/08\/engstligenalp_0050.jpg?resize=750%2C750&amp;ssl=1\" class=\"attachment-anemone-postcarousel size-anemone-postcarousel\" alt=\"\" srcset=\"https:\/\/i0.wp.com\/idnu.ch\/wordpress\/wp-content\/uploads\/2016\/08\/engstligenalp_0050.jpg?resize=150%2C150&amp;ssl=1 150w, https:\/\/i0.wp.com\/idnu.ch\/wordpress\/wp-content\/uploads\/2016\/08\/engstligenalp_0050.jpg?resize=750%2C750&amp;ssl=1 750w\" sizes=\"auto, (max-width: 750px) 100vw, 750px\" data-attachment-id=\"5215\" data-permalink=\"https:\/\/idnu.ch\/wordpress\/familientour-engstligenalp\/engstligenalp_0050\/#main\" data-orig-file=\"https:\/\/i0.wp.com\/idnu.ch\/wordpress\/wp-content\/uploads\/2016\/08\/engstligenalp_0050.jpg?fit=1400%2C933&amp;ssl=1\" data-orig-size=\"1400,933\" data-comments-opened=\"1\" data-image-meta=\"{&quot;aperture&quot;:&quot;0&quot;,&quot;credit&quot;:&quot;&quot;,&quot;camera&quot;:&quot;&quot;,&quot;caption&quot;:&quot;&quot;,&quot;created_timestamp&quot;:&quot;0&quot;,&quot;copyright&quot;:&quot;&quot;,&quot;focal_length&quot;:&quot;0&quot;,&quot;iso&quot;:&quot;0&quot;,&quot;shutter_speed&quot;:&quot;0&quot;,&quot;title&quot;:&quot;&quot;,&quot;orientation&quot;:&quot;0&quot;}\" data-image-title=\"engstligenalp_0050\" data-image-description=\"\" data-image-caption=\"\" data-large-file=\"https:\/\/i0.wp.com\/idnu.ch\/wordpress\/wp-content\/uploads\/2016\/08\/engstligenalp_0050.jpg?fit=750%2C500&amp;ssl=1\" \/><\/a>\n\t\t\t<\/div><\/figure><figure class='gallery-item'>\n\t\t\t<div class='gallery-icon portrait'>\n\t\t\t\t<a href='https:\/\/idnu.ch\/wordpress\/familientour-engstligenalp\/engstligenalp_0052\/#main'><img loading=\"lazy\" decoding=\"async\" width=\"750\" height=\"750\" src=\"https:\/\/i0.wp.com\/idnu.ch\/wordpress\/wp-content\/uploads\/2016\/08\/engstligenalp_0052.jpg?resize=750%2C750&amp;ssl=1\" class=\"attachment-anemone-postcarousel size-anemone-postcarousel\" alt=\"\" srcset=\"https:\/\/i0.wp.com\/idnu.ch\/wordpress\/wp-content\/uploads\/2016\/08\/engstligenalp_0052.jpg?resize=150%2C150&amp;ssl=1 150w, https:\/\/i0.wp.com\/idnu.ch\/wordpress\/wp-content\/uploads\/2016\/08\/engstligenalp_0052.jpg?resize=750%2C750&amp;ssl=1 750w\" sizes=\"auto, (max-width: 750px) 100vw, 750px\" data-attachment-id=\"5216\" data-permalink=\"https:\/\/idnu.ch\/wordpress\/familientour-engstligenalp\/engstligenalp_0052\/#main\" data-orig-file=\"https:\/\/i0.wp.com\/idnu.ch\/wordpress\/wp-content\/uploads\/2016\/08\/engstligenalp_0052.jpg?fit=933%2C1400&amp;ssl=1\" data-orig-size=\"933,1400\" data-comments-opened=\"1\" data-image-meta=\"{&quot;aperture&quot;:&quot;0&quot;,&quot;credit&quot;:&quot;&quot;,&quot;camera&quot;:&quot;&quot;,&quot;caption&quot;:&quot;&quot;,&quot;created_timestamp&quot;:&quot;0&quot;,&quot;copyright&quot;:&quot;&quot;,&quot;focal_length&quot;:&quot;0&quot;,&quot;iso&quot;:&quot;0&quot;,&quot;shutter_speed&quot;:&quot;0&quot;,&quot;title&quot;:&quot;&quot;,&quot;orientation&quot;:&quot;0&quot;}\" data-image-title=\"engstligenalp_0052\" data-image-description=\"\" data-image-caption=\"\" data-large-file=\"https:\/\/i0.wp.com\/idnu.ch\/wordpress\/wp-content\/uploads\/2016\/08\/engstligenalp_0052.jpg?fit=682%2C1024&amp;ssl=1\" \/><\/a>\n\t\t\t<\/div><\/figure><figure class='gallery-item'>\n\t\t\t<div class='gallery-icon landscape'>\n\t\t\t\t<a href='https:\/\/idnu.ch\/wordpress\/familientour-engstligenalp\/engstligenalp_0053\/#main'><img loading=\"lazy\" decoding=\"async\" width=\"750\" height=\"750\" src=\"https:\/\/i0.wp.com\/idnu.ch\/wordpress\/wp-content\/uploads\/2016\/08\/engstligenalp_0053.jpg?resize=750%2C750&amp;ssl=1\" class=\"attachment-anemone-postcarousel size-anemone-postcarousel\" alt=\"\" srcset=\"https:\/\/i0.wp.com\/idnu.ch\/wordpress\/wp-content\/uploads\/2016\/08\/engstligenalp_0053.jpg?resize=150%2C150&amp;ssl=1 150w, https:\/\/i0.wp.com\/idnu.ch\/wordpress\/wp-content\/uploads\/2016\/08\/engstligenalp_0053.jpg?resize=750%2C750&amp;ssl=1 750w\" sizes=\"auto, (max-width: 750px) 100vw, 750px\" data-attachment-id=\"5217\" data-permalink=\"https:\/\/idnu.ch\/wordpress\/familientour-engstligenalp\/engstligenalp_0053\/#main\" data-orig-file=\"https:\/\/i0.wp.com\/idnu.ch\/wordpress\/wp-content\/uploads\/2016\/08\/engstligenalp_0053.jpg?fit=1400%2C933&amp;ssl=1\" data-orig-size=\"1400,933\" data-comments-opened=\"1\" data-image-meta=\"{&quot;aperture&quot;:&quot;0&quot;,&quot;credit&quot;:&quot;&quot;,&quot;camera&quot;:&quot;&quot;,&quot;caption&quot;:&quot;&quot;,&quot;created_timestamp&quot;:&quot;0&quot;,&quot;copyright&quot;:&quot;&quot;,&quot;focal_length&quot;:&quot;0&quot;,&quot;iso&quot;:&quot;0&quot;,&quot;shutter_speed&quot;:&quot;0&quot;,&quot;title&quot;:&quot;&quot;,&quot;orientation&quot;:&quot;0&quot;}\" data-image-title=\"engstligenalp_0053\" data-image-description=\"\" data-image-caption=\"\" data-large-file=\"https:\/\/i0.wp.com\/idnu.ch\/wordpress\/wp-content\/uploads\/2016\/08\/engstligenalp_0053.jpg?fit=750%2C500&amp;ssl=1\" \/><\/a>\n\t\t\t<\/div><\/figure><figure class='gallery-item'>\n\t\t\t<div class='gallery-icon landscape'>\n\t\t\t\t<a href='https:\/\/idnu.ch\/wordpress\/familientour-engstligenalp\/engstligenalp_0056-2\/#main'><img loading=\"lazy\" decoding=\"async\" width=\"750\" height=\"750\" src=\"https:\/\/i0.wp.com\/idnu.ch\/wordpress\/wp-content\/uploads\/2016\/08\/engstligenalp_0056.jpg?resize=750%2C750&amp;ssl=1\" class=\"attachment-anemone-postcarousel size-anemone-postcarousel\" alt=\"Auf zum n\u00e4chsten Block\" srcset=\"https:\/\/i0.wp.com\/idnu.ch\/wordpress\/wp-content\/uploads\/2016\/08\/engstligenalp_0056.jpg?resize=150%2C150&amp;ssl=1 150w, https:\/\/i0.wp.com\/idnu.ch\/wordpress\/wp-content\/uploads\/2016\/08\/engstligenalp_0056.jpg?resize=750%2C750&amp;ssl=1 750w\" sizes=\"auto, (max-width: 750px) 100vw, 750px\" data-attachment-id=\"5218\" data-permalink=\"https:\/\/idnu.ch\/wordpress\/familientour-engstligenalp\/engstligenalp_0056-2\/#main\" data-orig-file=\"https:\/\/i0.wp.com\/idnu.ch\/wordpress\/wp-content\/uploads\/2016\/08\/engstligenalp_0056.jpg?fit=1400%2C933&amp;ssl=1\" data-orig-size=\"1400,933\" data-comments-opened=\"1\" data-image-meta=\"{&quot;aperture&quot;:&quot;0&quot;,&quot;credit&quot;:&quot;&quot;,&quot;camera&quot;:&quot;&quot;,&quot;caption&quot;:&quot;&quot;,&quot;created_timestamp&quot;:&quot;0&quot;,&quot;copyright&quot;:&quot;&quot;,&quot;focal_length&quot;:&quot;0&quot;,&quot;iso&quot;:&quot;0&quot;,&quot;shutter_speed&quot;:&quot;0&quot;,&quot;title&quot;:&quot;&quot;,&quot;orientation&quot;:&quot;0&quot;}\" data-image-title=\"Auf zum n\u00e4chsten Block\" data-image-description=\"\" data-image-caption=\"\" data-large-file=\"https:\/\/i0.wp.com\/idnu.ch\/wordpress\/wp-content\/uploads\/2016\/08\/engstligenalp_0056.jpg?fit=750%2C500&amp;ssl=1\" \/><\/a>\n\t\t\t<\/div><\/figure><figure class='gallery-item'>\n\t\t\t<div class='gallery-icon portrait'>\n\t\t\t\t<a href='https:\/\/idnu.ch\/wordpress\/familientour-engstligenalp\/engstligenalp_0057\/#main'><img loading=\"lazy\" decoding=\"async\" width=\"750\" height=\"750\" src=\"https:\/\/i0.wp.com\/idnu.ch\/wordpress\/wp-content\/uploads\/2016\/08\/engstligenalp_0057.jpg?resize=750%2C750&amp;ssl=1\" class=\"attachment-anemone-postcarousel size-anemone-postcarousel\" alt=\"\" srcset=\"https:\/\/i0.wp.com\/idnu.ch\/wordpress\/wp-content\/uploads\/2016\/08\/engstligenalp_0057.jpg?resize=150%2C150&amp;ssl=1 150w, https:\/\/i0.wp.com\/idnu.ch\/wordpress\/wp-content\/uploads\/2016\/08\/engstligenalp_0057.jpg?resize=750%2C750&amp;ssl=1 750w\" sizes=\"auto, (max-width: 750px) 100vw, 750px\" data-attachment-id=\"5219\" data-permalink=\"https:\/\/idnu.ch\/wordpress\/familientour-engstligenalp\/engstligenalp_0057\/#main\" data-orig-file=\"https:\/\/i0.wp.com\/idnu.ch\/wordpress\/wp-content\/uploads\/2016\/08\/engstligenalp_0057.jpg?fit=933%2C1400&amp;ssl=1\" data-orig-size=\"933,1400\" data-comments-opened=\"1\" data-image-meta=\"{&quot;aperture&quot;:&quot;0&quot;,&quot;credit&quot;:&quot;&quot;,&quot;camera&quot;:&quot;&quot;,&quot;caption&quot;:&quot;&quot;,&quot;created_timestamp&quot;:&quot;0&quot;,&quot;copyright&quot;:&quot;&quot;,&quot;focal_length&quot;:&quot;0&quot;,&quot;iso&quot;:&quot;0&quot;,&quot;shutter_speed&quot;:&quot;0&quot;,&quot;title&quot;:&quot;&quot;,&quot;orientation&quot;:&quot;0&quot;}\" data-image-title=\"engstligenalp_0057\" data-image-description=\"\" data-image-caption=\"\" data-large-file=\"https:\/\/i0.wp.com\/idnu.ch\/wordpress\/wp-content\/uploads\/2016\/08\/engstligenalp_0057.jpg?fit=682%2C1024&amp;ssl=1\" \/><\/a>\n\t\t\t<\/div><\/figure><figure class='gallery-item'>\n\t\t\t<div class='gallery-icon landscape'>\n\t\t\t\t<a href='https:\/\/idnu.ch\/wordpress\/familientour-engstligenalp\/engstligenalp_0058\/#main'><img loading=\"lazy\" decoding=\"async\" width=\"750\" height=\"750\" src=\"https:\/\/i0.wp.com\/idnu.ch\/wordpress\/wp-content\/uploads\/2016\/08\/engstligenalp_0058.jpg?resize=750%2C750&amp;ssl=1\" class=\"attachment-anemone-postcarousel size-anemone-postcarousel\" alt=\"\" srcset=\"https:\/\/i0.wp.com\/idnu.ch\/wordpress\/wp-content\/uploads\/2016\/08\/engstligenalp_0058.jpg?resize=150%2C150&amp;ssl=1 150w, https:\/\/i0.wp.com\/idnu.ch\/wordpress\/wp-content\/uploads\/2016\/08\/engstligenalp_0058.jpg?resize=750%2C750&amp;ssl=1 750w\" sizes=\"auto, (max-width: 750px) 100vw, 750px\" data-attachment-id=\"5220\" data-permalink=\"https:\/\/idnu.ch\/wordpress\/familientour-engstligenalp\/engstligenalp_0058\/#main\" data-orig-file=\"https:\/\/i0.wp.com\/idnu.ch\/wordpress\/wp-content\/uploads\/2016\/08\/engstligenalp_0058.jpg?fit=1400%2C933&amp;ssl=1\" data-orig-size=\"1400,933\" data-comments-opened=\"1\" data-image-meta=\"{&quot;aperture&quot;:&quot;0&quot;,&quot;credit&quot;:&quot;&quot;,&quot;camera&quot;:&quot;&quot;,&quot;caption&quot;:&quot;&quot;,&quot;created_timestamp&quot;:&quot;0&quot;,&quot;copyright&quot;:&quot;&quot;,&quot;focal_length&quot;:&quot;0&quot;,&quot;iso&quot;:&quot;0&quot;,&quot;shutter_speed&quot;:&quot;0&quot;,&quot;title&quot;:&quot;&quot;,&quot;orientation&quot;:&quot;0&quot;}\" data-image-title=\"engstligenalp_0058\" data-image-description=\"\" data-image-caption=\"\" data-large-file=\"https:\/\/i0.wp.com\/idnu.ch\/wordpress\/wp-content\/uploads\/2016\/08\/engstligenalp_0058.jpg?fit=750%2C500&amp;ssl=1\" \/><\/a>\n\t\t\t<\/div><\/figure><figure class='gallery-item'>\n\t\t\t<div class='gallery-icon landscape'>\n\t\t\t\t<a href='https:\/\/idnu.ch\/wordpress\/familientour-engstligenalp\/engstligenalp_0059\/#main'><img loading=\"lazy\" decoding=\"async\" width=\"750\" height=\"750\" src=\"https:\/\/i0.wp.com\/idnu.ch\/wordpress\/wp-content\/uploads\/2016\/08\/engstligenalp_0059.jpg?resize=750%2C750&amp;ssl=1\" class=\"attachment-anemone-postcarousel size-anemone-postcarousel\" alt=\"\" srcset=\"https:\/\/i0.wp.com\/idnu.ch\/wordpress\/wp-content\/uploads\/2016\/08\/engstligenalp_0059.jpg?resize=150%2C150&amp;ssl=1 150w, https:\/\/i0.wp.com\/idnu.ch\/wordpress\/wp-content\/uploads\/2016\/08\/engstligenalp_0059.jpg?resize=750%2C750&amp;ssl=1 750w\" sizes=\"auto, (max-width: 750px) 100vw, 750px\" data-attachment-id=\"5221\" data-permalink=\"https:\/\/idnu.ch\/wordpress\/familientour-engstligenalp\/engstligenalp_0059\/#main\" data-orig-file=\"https:\/\/i0.wp.com\/idnu.ch\/wordpress\/wp-content\/uploads\/2016\/08\/engstligenalp_0059.jpg?fit=1400%2C933&amp;ssl=1\" data-orig-size=\"1400,933\" data-comments-opened=\"1\" data-image-meta=\"{&quot;aperture&quot;:&quot;0&quot;,&quot;credit&quot;:&quot;&quot;,&quot;camera&quot;:&quot;&quot;,&quot;caption&quot;:&quot;&quot;,&quot;created_timestamp&quot;:&quot;0&quot;,&quot;copyright&quot;:&quot;&quot;,&quot;focal_length&quot;:&quot;0&quot;,&quot;iso&quot;:&quot;0&quot;,&quot;shutter_speed&quot;:&quot;0&quot;,&quot;title&quot;:&quot;&quot;,&quot;orientation&quot;:&quot;0&quot;}\" data-image-title=\"engstligenalp_0059\" data-image-description=\"\" data-image-caption=\"\" data-large-file=\"https:\/\/i0.wp.com\/idnu.ch\/wordpress\/wp-content\/uploads\/2016\/08\/engstligenalp_0059.jpg?fit=750%2C500&amp;ssl=1\" \/><\/a>\n\t\t\t<\/div><\/figure><figure class='gallery-item'>\n\t\t\t<div class='gallery-icon landscape'>\n\t\t\t\t<a href='https:\/\/idnu.ch\/wordpress\/familientour-engstligenalp\/engstligenalp_0060\/#main'><img loading=\"lazy\" decoding=\"async\" width=\"750\" height=\"750\" src=\"https:\/\/i0.wp.com\/idnu.ch\/wordpress\/wp-content\/uploads\/2016\/08\/engstligenalp_0060.jpg?resize=750%2C750&amp;ssl=1\" class=\"attachment-anemone-postcarousel size-anemone-postcarousel\" alt=\"\" srcset=\"https:\/\/i0.wp.com\/idnu.ch\/wordpress\/wp-content\/uploads\/2016\/08\/engstligenalp_0060.jpg?resize=150%2C150&amp;ssl=1 150w, https:\/\/i0.wp.com\/idnu.ch\/wordpress\/wp-content\/uploads\/2016\/08\/engstligenalp_0060.jpg?resize=750%2C750&amp;ssl=1 750w\" sizes=\"auto, (max-width: 750px) 100vw, 750px\" data-attachment-id=\"5222\" data-permalink=\"https:\/\/idnu.ch\/wordpress\/familientour-engstligenalp\/engstligenalp_0060\/#main\" data-orig-file=\"https:\/\/i0.wp.com\/idnu.ch\/wordpress\/wp-content\/uploads\/2016\/08\/engstligenalp_0060.jpg?fit=1400%2C933&amp;ssl=1\" data-orig-size=\"1400,933\" data-comments-opened=\"1\" data-image-meta=\"{&quot;aperture&quot;:&quot;0&quot;,&quot;credit&quot;:&quot;&quot;,&quot;camera&quot;:&quot;&quot;,&quot;caption&quot;:&quot;&quot;,&quot;created_timestamp&quot;:&quot;0&quot;,&quot;copyright&quot;:&quot;&quot;,&quot;focal_length&quot;:&quot;0&quot;,&quot;iso&quot;:&quot;0&quot;,&quot;shutter_speed&quot;:&quot;0&quot;,&quot;title&quot;:&quot;&quot;,&quot;orientation&quot;:&quot;0&quot;}\" data-image-title=\"engstligenalp_0060\" data-image-description=\"\" data-image-caption=\"\" data-large-file=\"https:\/\/i0.wp.com\/idnu.ch\/wordpress\/wp-content\/uploads\/2016\/08\/engstligenalp_0060.jpg?fit=750%2C500&amp;ssl=1\" \/><\/a>\n\t\t\t<\/div><\/figure><figure class='gallery-item'>\n\t\t\t<div class='gallery-icon landscape'>\n\t\t\t\t<a href='https:\/\/idnu.ch\/wordpress\/familientour-engstligenalp\/engstligenalp_0062-2\/#main'><img loading=\"lazy\" decoding=\"async\" width=\"750\" height=\"750\" src=\"https:\/\/i0.wp.com\/idnu.ch\/wordpress\/wp-content\/uploads\/2016\/08\/engstligenalp_0062.jpg?resize=750%2C750&amp;ssl=1\" class=\"attachment-anemone-postcarousel size-anemone-postcarousel\" alt=\"Abstieg durch Sprung in die Tiefe\" srcset=\"https:\/\/i0.wp.com\/idnu.ch\/wordpress\/wp-content\/uploads\/2016\/08\/engstligenalp_0062.jpg?resize=150%2C150&amp;ssl=1 150w, https:\/\/i0.wp.com\/idnu.ch\/wordpress\/wp-content\/uploads\/2016\/08\/engstligenalp_0062.jpg?resize=750%2C750&amp;ssl=1 750w\" sizes=\"auto, (max-width: 750px) 100vw, 750px\" data-attachment-id=\"5224\" data-permalink=\"https:\/\/idnu.ch\/wordpress\/familientour-engstligenalp\/engstligenalp_0062-2\/#main\" data-orig-file=\"https:\/\/i0.wp.com\/idnu.ch\/wordpress\/wp-content\/uploads\/2016\/08\/engstligenalp_0062.jpg?fit=1400%2C933&amp;ssl=1\" data-orig-size=\"1400,933\" data-comments-opened=\"1\" data-image-meta=\"{&quot;aperture&quot;:&quot;0&quot;,&quot;credit&quot;:&quot;&quot;,&quot;camera&quot;:&quot;&quot;,&quot;caption&quot;:&quot;&quot;,&quot;created_timestamp&quot;:&quot;0&quot;,&quot;copyright&quot;:&quot;&quot;,&quot;focal_length&quot;:&quot;0&quot;,&quot;iso&quot;:&quot;0&quot;,&quot;shutter_speed&quot;:&quot;0&quot;,&quot;title&quot;:&quot;&quot;,&quot;orientation&quot;:&quot;0&quot;}\" data-image-title=\"Abstieg durch Sprung in die Tiefe\" data-image-description=\"\" data-image-caption=\"\" data-large-file=\"https:\/\/i0.wp.com\/idnu.ch\/wordpress\/wp-content\/uploads\/2016\/08\/engstligenalp_0062.jpg?fit=750%2C500&amp;ssl=1\" \/><\/a>\n\t\t\t<\/div><\/figure><figure class='gallery-item'>\n\t\t\t<div class='gallery-icon portrait'>\n\t\t\t\t<a href='https:\/\/idnu.ch\/wordpress\/familientour-engstligenalp\/engstligenalp_0063\/#main'><img loading=\"lazy\" decoding=\"async\" width=\"750\" height=\"750\" src=\"https:\/\/i0.wp.com\/idnu.ch\/wordpress\/wp-content\/uploads\/2016\/08\/engstligenalp_0063.jpg?resize=750%2C750&amp;ssl=1\" class=\"attachment-anemone-postcarousel size-anemone-postcarousel\" alt=\"\" srcset=\"https:\/\/i0.wp.com\/idnu.ch\/wordpress\/wp-content\/uploads\/2016\/08\/engstligenalp_0063.jpg?resize=150%2C150&amp;ssl=1 150w, https:\/\/i0.wp.com\/idnu.ch\/wordpress\/wp-content\/uploads\/2016\/08\/engstligenalp_0063.jpg?resize=750%2C750&amp;ssl=1 750w\" sizes=\"auto, (max-width: 750px) 100vw, 750px\" data-attachment-id=\"5225\" data-permalink=\"https:\/\/idnu.ch\/wordpress\/familientour-engstligenalp\/engstligenalp_0063\/#main\" data-orig-file=\"https:\/\/i0.wp.com\/idnu.ch\/wordpress\/wp-content\/uploads\/2016\/08\/engstligenalp_0063.jpg?fit=933%2C1400&amp;ssl=1\" data-orig-size=\"933,1400\" data-comments-opened=\"1\" data-image-meta=\"{&quot;aperture&quot;:&quot;0&quot;,&quot;credit&quot;:&quot;&quot;,&quot;camera&quot;:&quot;&quot;,&quot;caption&quot;:&quot;&quot;,&quot;created_timestamp&quot;:&quot;0&quot;,&quot;copyright&quot;:&quot;&quot;,&quot;focal_length&quot;:&quot;0&quot;,&quot;iso&quot;:&quot;0&quot;,&quot;shutter_speed&quot;:&quot;0&quot;,&quot;title&quot;:&quot;&quot;,&quot;orientation&quot;:&quot;0&quot;}\" data-image-title=\"engstligenalp_0063\" data-image-description=\"\" data-image-caption=\"\" data-large-file=\"https:\/\/i0.wp.com\/idnu.ch\/wordpress\/wp-content\/uploads\/2016\/08\/engstligenalp_0063.jpg?fit=682%2C1024&amp;ssl=1\" \/><\/a>\n\t\t\t<\/div><\/figure><figure class='gallery-item'>\n\t\t\t<div class='gallery-icon portrait'>\n\t\t\t\t<a href='https:\/\/idnu.ch\/wordpress\/familientour-engstligenalp\/engstligenalp_0064\/#main'><img loading=\"lazy\" decoding=\"async\" width=\"750\" height=\"750\" src=\"https:\/\/i0.wp.com\/idnu.ch\/wordpress\/wp-content\/uploads\/2016\/08\/engstligenalp_0064.jpg?resize=750%2C750&amp;ssl=1\" class=\"attachment-anemone-postcarousel size-anemone-postcarousel\" alt=\"\" srcset=\"https:\/\/i0.wp.com\/idnu.ch\/wordpress\/wp-content\/uploads\/2016\/08\/engstligenalp_0064.jpg?resize=150%2C150&amp;ssl=1 150w, https:\/\/i0.wp.com\/idnu.ch\/wordpress\/wp-content\/uploads\/2016\/08\/engstligenalp_0064.jpg?resize=750%2C750&amp;ssl=1 750w\" sizes=\"auto, (max-width: 750px) 100vw, 750px\" data-attachment-id=\"5226\" data-permalink=\"https:\/\/idnu.ch\/wordpress\/familientour-engstligenalp\/engstligenalp_0064\/#main\" data-orig-file=\"https:\/\/i0.wp.com\/idnu.ch\/wordpress\/wp-content\/uploads\/2016\/08\/engstligenalp_0064.jpg?fit=933%2C1400&amp;ssl=1\" data-orig-size=\"933,1400\" data-comments-opened=\"1\" data-image-meta=\"{&quot;aperture&quot;:&quot;0&quot;,&quot;credit&quot;:&quot;&quot;,&quot;camera&quot;:&quot;&quot;,&quot;caption&quot;:&quot;&quot;,&quot;created_timestamp&quot;:&quot;0&quot;,&quot;copyright&quot;:&quot;&quot;,&quot;focal_length&quot;:&quot;0&quot;,&quot;iso&quot;:&quot;0&quot;,&quot;shutter_speed&quot;:&quot;0&quot;,&quot;title&quot;:&quot;&quot;,&quot;orientation&quot;:&quot;0&quot;}\" data-image-title=\"engstligenalp_0064\" data-image-description=\"\" data-image-caption=\"\" data-large-file=\"https:\/\/i0.wp.com\/idnu.ch\/wordpress\/wp-content\/uploads\/2016\/08\/engstligenalp_0064.jpg?fit=682%2C1024&amp;ssl=1\" \/><\/a>\n\t\t\t<\/div><\/figure><figure class='gallery-item'>\n\t\t\t<div class='gallery-icon portrait'>\n\t\t\t\t<a href='https:\/\/idnu.ch\/wordpress\/familientour-engstligenalp\/engstligenalp_0066\/#main'><img loading=\"lazy\" decoding=\"async\" width=\"750\" height=\"750\" src=\"https:\/\/i0.wp.com\/idnu.ch\/wordpress\/wp-content\/uploads\/2016\/08\/engstligenalp_0066.jpg?resize=750%2C750&amp;ssl=1\" class=\"attachment-anemone-postcarousel size-anemone-postcarousel\" alt=\"\" srcset=\"https:\/\/i0.wp.com\/idnu.ch\/wordpress\/wp-content\/uploads\/2016\/08\/engstligenalp_0066.jpg?resize=150%2C150&amp;ssl=1 150w, https:\/\/i0.wp.com\/idnu.ch\/wordpress\/wp-content\/uploads\/2016\/08\/engstligenalp_0066.jpg?resize=750%2C750&amp;ssl=1 750w\" sizes=\"auto, (max-width: 750px) 100vw, 750px\" data-attachment-id=\"5227\" data-permalink=\"https:\/\/idnu.ch\/wordpress\/familientour-engstligenalp\/engstligenalp_0066\/#main\" data-orig-file=\"https:\/\/i0.wp.com\/idnu.ch\/wordpress\/wp-content\/uploads\/2016\/08\/engstligenalp_0066.jpg?fit=933%2C1400&amp;ssl=1\" data-orig-size=\"933,1400\" data-comments-opened=\"1\" data-image-meta=\"{&quot;aperture&quot;:&quot;0&quot;,&quot;credit&quot;:&quot;&quot;,&quot;camera&quot;:&quot;&quot;,&quot;caption&quot;:&quot;&quot;,&quot;created_timestamp&quot;:&quot;0&quot;,&quot;copyright&quot;:&quot;&quot;,&quot;focal_length&quot;:&quot;0&quot;,&quot;iso&quot;:&quot;0&quot;,&quot;shutter_speed&quot;:&quot;0&quot;,&quot;title&quot;:&quot;&quot;,&quot;orientation&quot;:&quot;0&quot;}\" data-image-title=\"engstligenalp_0066\" data-image-description=\"\" data-image-caption=\"\" data-large-file=\"https:\/\/i0.wp.com\/idnu.ch\/wordpress\/wp-content\/uploads\/2016\/08\/engstligenalp_0066.jpg?fit=682%2C1024&amp;ssl=1\" \/><\/a>\n\t\t\t<\/div><\/figure><figure class='gallery-item'>\n\t\t\t<div class='gallery-icon landscape'>\n\t\t\t\t<a href='https:\/\/idnu.ch\/wordpress\/familientour-engstligenalp\/engstligenalp_0067\/#main'><img loading=\"lazy\" decoding=\"async\" width=\"750\" height=\"750\" src=\"https:\/\/i0.wp.com\/idnu.ch\/wordpress\/wp-content\/uploads\/2016\/08\/engstligenalp_0067.jpg?resize=750%2C750&amp;ssl=1\" class=\"attachment-anemone-postcarousel size-anemone-postcarousel\" alt=\"\" srcset=\"https:\/\/i0.wp.com\/idnu.ch\/wordpress\/wp-content\/uploads\/2016\/08\/engstligenalp_0067.jpg?resize=150%2C150&amp;ssl=1 150w, https:\/\/i0.wp.com\/idnu.ch\/wordpress\/wp-content\/uploads\/2016\/08\/engstligenalp_0067.jpg?resize=750%2C750&amp;ssl=1 750w\" sizes=\"auto, (max-width: 750px) 100vw, 750px\" data-attachment-id=\"5228\" data-permalink=\"https:\/\/idnu.ch\/wordpress\/familientour-engstligenalp\/engstligenalp_0067\/#main\" data-orig-file=\"https:\/\/i0.wp.com\/idnu.ch\/wordpress\/wp-content\/uploads\/2016\/08\/engstligenalp_0067.jpg?fit=1400%2C933&amp;ssl=1\" data-orig-size=\"1400,933\" data-comments-opened=\"1\" data-image-meta=\"{&quot;aperture&quot;:&quot;0&quot;,&quot;credit&quot;:&quot;&quot;,&quot;camera&quot;:&quot;&quot;,&quot;caption&quot;:&quot;&quot;,&quot;created_timestamp&quot;:&quot;0&quot;,&quot;copyright&quot;:&quot;&quot;,&quot;focal_length&quot;:&quot;0&quot;,&quot;iso&quot;:&quot;0&quot;,&quot;shutter_speed&quot;:&quot;0&quot;,&quot;title&quot;:&quot;&quot;,&quot;orientation&quot;:&quot;0&quot;}\" data-image-title=\"engstligenalp_0067\" data-image-description=\"\" data-image-caption=\"\" data-large-file=\"https:\/\/i0.wp.com\/idnu.ch\/wordpress\/wp-content\/uploads\/2016\/08\/engstligenalp_0067.jpg?fit=750%2C500&amp;ssl=1\" \/><\/a>\n\t\t\t<\/div><\/figure><figure class='gallery-item'>\n\t\t\t<div class='gallery-icon landscape'>\n\t\t\t\t<a href='https:\/\/idnu.ch\/wordpress\/familientour-engstligenalp\/engstligenalp_0068\/#main'><img loading=\"lazy\" decoding=\"async\" width=\"750\" height=\"750\" src=\"https:\/\/i0.wp.com\/idnu.ch\/wordpress\/wp-content\/uploads\/2016\/08\/engstligenalp_0068.jpg?resize=750%2C750&amp;ssl=1\" class=\"attachment-anemone-postcarousel size-anemone-postcarousel\" alt=\"\" srcset=\"https:\/\/i0.wp.com\/idnu.ch\/wordpress\/wp-content\/uploads\/2016\/08\/engstligenalp_0068.jpg?resize=150%2C150&amp;ssl=1 150w, https:\/\/i0.wp.com\/idnu.ch\/wordpress\/wp-content\/uploads\/2016\/08\/engstligenalp_0068.jpg?resize=750%2C750&amp;ssl=1 750w\" sizes=\"auto, (max-width: 750px) 100vw, 750px\" data-attachment-id=\"5229\" data-permalink=\"https:\/\/idnu.ch\/wordpress\/familientour-engstligenalp\/engstligenalp_0068\/#main\" data-orig-file=\"https:\/\/i0.wp.com\/idnu.ch\/wordpress\/wp-content\/uploads\/2016\/08\/engstligenalp_0068.jpg?fit=1400%2C933&amp;ssl=1\" data-orig-size=\"1400,933\" data-comments-opened=\"1\" data-image-meta=\"{&quot;aperture&quot;:&quot;0&quot;,&quot;credit&quot;:&quot;&quot;,&quot;camera&quot;:&quot;&quot;,&quot;caption&quot;:&quot;&quot;,&quot;created_timestamp&quot;:&quot;0&quot;,&quot;copyright&quot;:&quot;&quot;,&quot;focal_length&quot;:&quot;0&quot;,&quot;iso&quot;:&quot;0&quot;,&quot;shutter_speed&quot;:&quot;0&quot;,&quot;title&quot;:&quot;&quot;,&quot;orientation&quot;:&quot;0&quot;}\" data-image-title=\"engstligenalp_0068\" data-image-description=\"\" data-image-caption=\"\" data-large-file=\"https:\/\/i0.wp.com\/idnu.ch\/wordpress\/wp-content\/uploads\/2016\/08\/engstligenalp_0068.jpg?fit=750%2C500&amp;ssl=1\" \/><\/a>\n\t\t\t<\/div><\/figure><figure class='gallery-item'>\n\t\t\t<div class='gallery-icon landscape'>\n\t\t\t\t<a href='https:\/\/idnu.ch\/wordpress\/familientour-engstligenalp\/engstligenalp_0069\/#main'><img loading=\"lazy\" decoding=\"async\" width=\"750\" height=\"750\" src=\"https:\/\/i0.wp.com\/idnu.ch\/wordpress\/wp-content\/uploads\/2016\/08\/engstligenalp_0069.jpg?resize=750%2C750&amp;ssl=1\" class=\"attachment-anemone-postcarousel size-anemone-postcarousel\" alt=\"\" srcset=\"https:\/\/i0.wp.com\/idnu.ch\/wordpress\/wp-content\/uploads\/2016\/08\/engstligenalp_0069.jpg?resize=150%2C150&amp;ssl=1 150w, https:\/\/i0.wp.com\/idnu.ch\/wordpress\/wp-content\/uploads\/2016\/08\/engstligenalp_0069.jpg?resize=750%2C750&amp;ssl=1 750w\" sizes=\"auto, (max-width: 750px) 100vw, 750px\" data-attachment-id=\"5230\" data-permalink=\"https:\/\/idnu.ch\/wordpress\/familientour-engstligenalp\/engstligenalp_0069\/#main\" data-orig-file=\"https:\/\/i0.wp.com\/idnu.ch\/wordpress\/wp-content\/uploads\/2016\/08\/engstligenalp_0069.jpg?fit=1400%2C933&amp;ssl=1\" data-orig-size=\"1400,933\" data-comments-opened=\"1\" data-image-meta=\"{&quot;aperture&quot;:&quot;0&quot;,&quot;credit&quot;:&quot;&quot;,&quot;camera&quot;:&quot;&quot;,&quot;caption&quot;:&quot;&quot;,&quot;created_timestamp&quot;:&quot;0&quot;,&quot;copyright&quot;:&quot;&quot;,&quot;focal_length&quot;:&quot;0&quot;,&quot;iso&quot;:&quot;0&quot;,&quot;shutter_speed&quot;:&quot;0&quot;,&quot;title&quot;:&quot;&quot;,&quot;orientation&quot;:&quot;0&quot;}\" data-image-title=\"engstligenalp_0069\" data-image-description=\"\" data-image-caption=\"\" data-large-file=\"https:\/\/i0.wp.com\/idnu.ch\/wordpress\/wp-content\/uploads\/2016\/08\/engstligenalp_0069.jpg?fit=750%2C500&amp;ssl=1\" \/><\/a>\n\t\t\t<\/div><\/figure><figure class='gallery-item'>\n\t\t\t<div class='gallery-icon landscape'>\n\t\t\t\t<a href='https:\/\/idnu.ch\/wordpress\/familientour-engstligenalp\/engstligenalp_0071-2\/#main'><img loading=\"lazy\" decoding=\"async\" width=\"750\" height=\"750\" src=\"https:\/\/i0.wp.com\/idnu.ch\/wordpress\/wp-content\/uploads\/2016\/08\/engstligenalp_0071.jpg?resize=750%2C750&amp;ssl=1\" class=\"attachment-anemone-postcarousel size-anemone-postcarousel\" alt=\"\" srcset=\"https:\/\/i0.wp.com\/idnu.ch\/wordpress\/wp-content\/uploads\/2016\/08\/engstligenalp_0071.jpg?resize=150%2C150&amp;ssl=1 150w, https:\/\/i0.wp.com\/idnu.ch\/wordpress\/wp-content\/uploads\/2016\/08\/engstligenalp_0071.jpg?resize=750%2C750&amp;ssl=1 750w\" sizes=\"auto, (max-width: 750px) 100vw, 750px\" data-attachment-id=\"5231\" data-permalink=\"https:\/\/idnu.ch\/wordpress\/familientour-engstligenalp\/engstligenalp_0071-2\/#main\" data-orig-file=\"https:\/\/i0.wp.com\/idnu.ch\/wordpress\/wp-content\/uploads\/2016\/08\/engstligenalp_0071.jpg?fit=1400%2C933&amp;ssl=1\" data-orig-size=\"1400,933\" data-comments-opened=\"1\" data-image-meta=\"{&quot;aperture&quot;:&quot;0&quot;,&quot;credit&quot;:&quot;&quot;,&quot;camera&quot;:&quot;&quot;,&quot;caption&quot;:&quot;&quot;,&quot;created_timestamp&quot;:&quot;0&quot;,&quot;copyright&quot;:&quot;&quot;,&quot;focal_length&quot;:&quot;0&quot;,&quot;iso&quot;:&quot;0&quot;,&quot;shutter_speed&quot;:&quot;0&quot;,&quot;title&quot;:&quot;&quot;,&quot;orientation&quot;:&quot;0&quot;}\" data-image-title=\"engstligenalp_0071\" data-image-description=\"\" data-image-caption=\"\" data-large-file=\"https:\/\/i0.wp.com\/idnu.ch\/wordpress\/wp-content\/uploads\/2016\/08\/engstligenalp_0071.jpg?fit=750%2C500&amp;ssl=1\" \/><\/a>\n\t\t\t<\/div><\/figure><figure class='gallery-item'>\n\t\t\t<div class='gallery-icon landscape'>\n\t\t\t\t<a href='https:\/\/idnu.ch\/wordpress\/familientour-engstligenalp\/engstligenalp_0073\/#main'><img loading=\"lazy\" decoding=\"async\" width=\"750\" height=\"750\" src=\"https:\/\/i0.wp.com\/idnu.ch\/wordpress\/wp-content\/uploads\/2016\/08\/engstligenalp_0073.jpg?resize=750%2C750&amp;ssl=1\" class=\"attachment-anemone-postcarousel size-anemone-postcarousel\" alt=\"\" srcset=\"https:\/\/i0.wp.com\/idnu.ch\/wordpress\/wp-content\/uploads\/2016\/08\/engstligenalp_0073.jpg?resize=150%2C150&amp;ssl=1 150w, https:\/\/i0.wp.com\/idnu.ch\/wordpress\/wp-content\/uploads\/2016\/08\/engstligenalp_0073.jpg?resize=750%2C750&amp;ssl=1 750w\" sizes=\"auto, (max-width: 750px) 100vw, 750px\" data-attachment-id=\"5232\" data-permalink=\"https:\/\/idnu.ch\/wordpress\/familientour-engstligenalp\/engstligenalp_0073\/#main\" data-orig-file=\"https:\/\/i0.wp.com\/idnu.ch\/wordpress\/wp-content\/uploads\/2016\/08\/engstligenalp_0073.jpg?fit=1400%2C933&amp;ssl=1\" data-orig-size=\"1400,933\" data-comments-opened=\"1\" data-image-meta=\"{&quot;aperture&quot;:&quot;0&quot;,&quot;credit&quot;:&quot;&quot;,&quot;camera&quot;:&quot;&quot;,&quot;caption&quot;:&quot;&quot;,&quot;created_timestamp&quot;:&quot;0&quot;,&quot;copyright&quot;:&quot;&quot;,&quot;focal_length&quot;:&quot;0&quot;,&quot;iso&quot;:&quot;0&quot;,&quot;shutter_speed&quot;:&quot;0&quot;,&quot;title&quot;:&quot;&quot;,&quot;orientation&quot;:&quot;0&quot;}\" data-image-title=\"engstligenalp_0073\" data-image-description=\"\" data-image-caption=\"\" data-large-file=\"https:\/\/i0.wp.com\/idnu.ch\/wordpress\/wp-content\/uploads\/2016\/08\/engstligenalp_0073.jpg?fit=750%2C500&amp;ssl=1\" \/><\/a>\n\t\t\t<\/div><\/figure><figure class='gallery-item'>\n\t\t\t<div class='gallery-icon portrait'>\n\t\t\t\t<a href='https:\/\/idnu.ch\/wordpress\/familientour-engstligenalp\/engstligenalp_0075\/#main'><img loading=\"lazy\" decoding=\"async\" width=\"750\" height=\"750\" src=\"https:\/\/i0.wp.com\/idnu.ch\/wordpress\/wp-content\/uploads\/2016\/08\/engstligenalp_0075.jpg?resize=750%2C750&amp;ssl=1\" class=\"attachment-anemone-postcarousel size-anemone-postcarousel\" alt=\"\" srcset=\"https:\/\/i0.wp.com\/idnu.ch\/wordpress\/wp-content\/uploads\/2016\/08\/engstligenalp_0075.jpg?resize=150%2C150&amp;ssl=1 150w, https:\/\/i0.wp.com\/idnu.ch\/wordpress\/wp-content\/uploads\/2016\/08\/engstligenalp_0075.jpg?resize=750%2C750&amp;ssl=1 750w\" sizes=\"auto, (max-width: 750px) 100vw, 750px\" data-attachment-id=\"5233\" data-permalink=\"https:\/\/idnu.ch\/wordpress\/familientour-engstligenalp\/engstligenalp_0075\/#main\" data-orig-file=\"https:\/\/i0.wp.com\/idnu.ch\/wordpress\/wp-content\/uploads\/2016\/08\/engstligenalp_0075.jpg?fit=933%2C1400&amp;ssl=1\" data-orig-size=\"933,1400\" data-comments-opened=\"1\" data-image-meta=\"{&quot;aperture&quot;:&quot;0&quot;,&quot;credit&quot;:&quot;&quot;,&quot;camera&quot;:&quot;&quot;,&quot;caption&quot;:&quot;&quot;,&quot;created_timestamp&quot;:&quot;0&quot;,&quot;copyright&quot;:&quot;&quot;,&quot;focal_length&quot;:&quot;0&quot;,&quot;iso&quot;:&quot;0&quot;,&quot;shutter_speed&quot;:&quot;0&quot;,&quot;title&quot;:&quot;&quot;,&quot;orientation&quot;:&quot;0&quot;}\" data-image-title=\"engstligenalp_0075\" data-image-description=\"\" data-image-caption=\"\" data-large-file=\"https:\/\/i0.wp.com\/idnu.ch\/wordpress\/wp-content\/uploads\/2016\/08\/engstligenalp_0075.jpg?fit=682%2C1024&amp;ssl=1\" \/><\/a>\n\t\t\t<\/div><\/figure><figure class='gallery-item'>\n\t\t\t<div class='gallery-icon landscape'>\n\t\t\t\t<a href='https:\/\/idnu.ch\/wordpress\/familientour-engstligenalp\/engstligenalp_0076\/#main'><img loading=\"lazy\" decoding=\"async\" width=\"750\" height=\"750\" src=\"https:\/\/i0.wp.com\/idnu.ch\/wordpress\/wp-content\/uploads\/2016\/08\/engstligenalp_0076.jpg?resize=750%2C750&amp;ssl=1\" class=\"attachment-anemone-postcarousel size-anemone-postcarousel\" alt=\"Besuch beim Picknick: Ziegen\" srcset=\"https:\/\/i0.wp.com\/idnu.ch\/wordpress\/wp-content\/uploads\/2016\/08\/engstligenalp_0076.jpg?resize=150%2C150&amp;ssl=1 150w, https:\/\/i0.wp.com\/idnu.ch\/wordpress\/wp-content\/uploads\/2016\/08\/engstligenalp_0076.jpg?resize=750%2C750&amp;ssl=1 750w\" sizes=\"auto, (max-width: 750px) 100vw, 750px\" data-attachment-id=\"5234\" data-permalink=\"https:\/\/idnu.ch\/wordpress\/familientour-engstligenalp\/engstligenalp_0076\/#main\" data-orig-file=\"https:\/\/i0.wp.com\/idnu.ch\/wordpress\/wp-content\/uploads\/2016\/08\/engstligenalp_0076.jpg?fit=1400%2C933&amp;ssl=1\" data-orig-size=\"1400,933\" data-comments-opened=\"1\" data-image-meta=\"{&quot;aperture&quot;:&quot;0&quot;,&quot;credit&quot;:&quot;&quot;,&quot;camera&quot;:&quot;&quot;,&quot;caption&quot;:&quot;&quot;,&quot;created_timestamp&quot;:&quot;0&quot;,&quot;copyright&quot;:&quot;&quot;,&quot;focal_length&quot;:&quot;0&quot;,&quot;iso&quot;:&quot;0&quot;,&quot;shutter_speed&quot;:&quot;0&quot;,&quot;title&quot;:&quot;&quot;,&quot;orientation&quot;:&quot;0&quot;}\" data-image-title=\"Besuch beim Picknick: Ziegen\" data-image-description=\"\" data-image-caption=\"\" data-large-file=\"https:\/\/i0.wp.com\/idnu.ch\/wordpress\/wp-content\/uploads\/2016\/08\/engstligenalp_0076.jpg?fit=750%2C500&amp;ssl=1\" \/><\/a>\n\t\t\t<\/div><\/figure>\n\t\t<\/div>\n\n","protected":false},"excerpt":{"rendered":"<p>Einmal im Jahr f\u00fchrt der SAC Homberg unter der Leitung meiner Frau und&#8230;<\/p>\n","protected":false},"author":2,"featured_media":5228,"comment_status":"open","ping_status":"open","sticky":false,"template":"","format":"standard","meta":{"_monsterinsights_skip_tracking":false,"_monsterinsights_sitenote_active":false,"_monsterinsights_sitenote_note":"","_monsterinsights_sitenote_category":0,"jetpack_post_was_ever_published":false,"_jetpack_newsletter_access":"","_jetpack_dont_email_post_to_subs":true,"_jetpack_newsletter_tier_id":0,"_jetpack_memberships_contains_paywalled_content":false,"_jetpack_memberships_contains_paid_content":false,"footnotes":"","jetpack_publicize_message":"","jetpack_publicize_feature_enabled":true,"jetpack_social_post_already_shared":true,"jetpack_social_options":{"image_generator_settings":{"template":"highway","default_image_id":0,"font":"","enabled":false},"version":2}},"categories":[114,917,3],"tags":[480,440,436,1171,438,380],"class_list":["post-5174","post","type-post","status-publish","format-standard","has-post-thumbnail","hentry","category-bern","category-berner-oberland","category-klettern","tag-bilder","tag-bouldern","tag-engstligenalp","tag-kinderfreundlich","tag-klettersteig","tag-sac-homberg"],"geo":{"latitude":46.4475783999999976003891788423061370849609375,"longitude":7.55449389999999976197386786225251853466033935546875,"description":null},"yoast_head":"<!-- This site is optimized with the Yoast SEO plugin v27.4 - https:\/\/yoast.com\/product\/yoast-seo-wordpress\/ -->\n<title>Familientour Engstligenalp - In der Natur unterwegs<\/title>\n<meta name=\"description\" content=\"Die Familientour Engstligenalp fand bei sch\u00f6nem Wetter statt. Am ersten Tag erklommen wir den Klettersteig, am zweiten suchten wir den Boulderparcours auf.\" \/>\n<meta name=\"robots\" content=\"index, follow, max-snippet:-1, max-image-preview:large, max-video-preview:-1\" \/>\n<link rel=\"canonical\" href=\"https:\/\/idnu.ch\/wordpress\/familientour-engstligenalp\/\" \/>\n<meta property=\"og:locale\" content=\"de_DE\" \/>\n<meta property=\"og:type\" content=\"article\" \/>\n<meta property=\"og:title\" content=\"Familientour Engstligenalp - In der Natur unterwegs\" \/>\n<meta property=\"og:description\" content=\"Die Familientour Engstligenalp fand bei sch\u00f6nem Wetter statt. Am ersten Tag erklommen wir den Klettersteig, am zweiten suchten wir den Boulderparcours auf.\" \/>\n<meta property=\"og:url\" content=\"https:\/\/idnu.ch\/wordpress\/familientour-engstligenalp\/\" \/>\n<meta property=\"og:site_name\" content=\"In der Natur unterwegs\" \/>\n<meta property=\"article:published_time\" content=\"2016-08-22T09:30:13+00:00\" \/>\n<meta property=\"article:modified_time\" content=\"2023-12-12T14:58:54+00:00\" \/>\n<meta property=\"og:image\" content=\"https:\/\/idnu.ch\/wordpress\/wp-content\/uploads\/2016\/08\/engstligenalp_0067.jpg\" \/>\n\t<meta property=\"og:image:width\" content=\"1400\" \/>\n\t<meta property=\"og:image:height\" content=\"933\" \/>\n\t<meta property=\"og:image:type\" content=\"image\/jpeg\" \/>\n<meta name=\"author\" content=\"Urs Kyburz\" \/>\n<meta name=\"twitter:card\" content=\"summary_large_image\" \/>\n<meta name=\"twitter:creator\" content=\"@idnu_ch\" \/>\n<meta name=\"twitter:site\" content=\"@idnu_ch\" \/>\n<meta name=\"twitter:label1\" content=\"Verfasst von\" \/>\n\t<meta name=\"twitter:data1\" content=\"Urs Kyburz\" \/>\n\t<meta name=\"twitter:label2\" content=\"Gesch\u00e4tzte Lesezeit\" \/>\n\t<meta name=\"twitter:data2\" content=\"1\u00a0Minute\" \/>\n<script type=\"application\/ld+json\" class=\"yoast-schema-graph\">{\"@context\":\"https:\\\/\\\/schema.org\",\"@graph\":[{\"@type\":\"Article\",\"@id\":\"https:\\\/\\\/idnu.ch\\\/wordpress\\\/familientour-engstligenalp\\\/#article\",\"isPartOf\":{\"@id\":\"https:\\\/\\\/idnu.ch\\\/wordpress\\\/familientour-engstligenalp\\\/\"},\"author\":{\"name\":\"Urs Kyburz\",\"@id\":\"https:\\\/\\\/idnu.ch\\\/wordpress\\\/#\\\/schema\\\/person\\\/1ab8c5de743be7b019272124c19ad351\"},\"headline\":\"Familientour Engstligenalp\",\"datePublished\":\"2016-08-22T09:30:13+00:00\",\"dateModified\":\"2023-12-12T14:58:54+00:00\",\"mainEntityOfPage\":{\"@id\":\"https:\\\/\\\/idnu.ch\\\/wordpress\\\/familientour-engstligenalp\\\/\"},\"wordCount\":96,\"commentCount\":5,\"publisher\":{\"@id\":\"https:\\\/\\\/idnu.ch\\\/wordpress\\\/#\\\/schema\\\/person\\\/1ab8c5de743be7b019272124c19ad351\"},\"image\":{\"@id\":\"https:\\\/\\\/idnu.ch\\\/wordpress\\\/familientour-engstligenalp\\\/#primaryimage\"},\"thumbnailUrl\":\"https:\\\/\\\/i0.wp.com\\\/idnu.ch\\\/wordpress\\\/wp-content\\\/uploads\\\/2016\\\/08\\\/engstligenalp_0067.jpg?fit=1400%2C933&ssl=1\",\"keywords\":[\"Bilder\",\"Bouldern\",\"Engstligenalp\",\"kinderfreundlich\",\"Klettersteig\",\"SAC Homberg\"],\"articleSection\":[\"Bern\",\"Berner Oberland\",\"Klettern\"],\"inLanguage\":\"de\",\"potentialAction\":[{\"@type\":\"CommentAction\",\"name\":\"Comment\",\"target\":[\"https:\\\/\\\/idnu.ch\\\/wordpress\\\/familientour-engstligenalp\\\/#respond\"]}]},{\"@type\":\"WebPage\",\"@id\":\"https:\\\/\\\/idnu.ch\\\/wordpress\\\/familientour-engstligenalp\\\/\",\"url\":\"https:\\\/\\\/idnu.ch\\\/wordpress\\\/familientour-engstligenalp\\\/\",\"name\":\"Familientour Engstligenalp - In der Natur unterwegs\",\"isPartOf\":{\"@id\":\"https:\\\/\\\/idnu.ch\\\/wordpress\\\/#website\"},\"primaryImageOfPage\":{\"@id\":\"https:\\\/\\\/idnu.ch\\\/wordpress\\\/familientour-engstligenalp\\\/#primaryimage\"},\"image\":{\"@id\":\"https:\\\/\\\/idnu.ch\\\/wordpress\\\/familientour-engstligenalp\\\/#primaryimage\"},\"thumbnailUrl\":\"https:\\\/\\\/i0.wp.com\\\/idnu.ch\\\/wordpress\\\/wp-content\\\/uploads\\\/2016\\\/08\\\/engstligenalp_0067.jpg?fit=1400%2C933&ssl=1\",\"datePublished\":\"2016-08-22T09:30:13+00:00\",\"dateModified\":\"2023-12-12T14:58:54+00:00\",\"description\":\"Die Familientour Engstligenalp fand bei sch\u00f6nem Wetter statt. Am ersten Tag erklommen wir den Klettersteig, am zweiten suchten wir den Boulderparcours auf.\",\"breadcrumb\":{\"@id\":\"https:\\\/\\\/idnu.ch\\\/wordpress\\\/familientour-engstligenalp\\\/#breadcrumb\"},\"inLanguage\":\"de\",\"potentialAction\":[{\"@type\":\"ReadAction\",\"target\":[\"https:\\\/\\\/idnu.ch\\\/wordpress\\\/familientour-engstligenalp\\\/\"]}]},{\"@type\":\"ImageObject\",\"inLanguage\":\"de\",\"@id\":\"https:\\\/\\\/idnu.ch\\\/wordpress\\\/familientour-engstligenalp\\\/#primaryimage\",\"url\":\"https:\\\/\\\/i0.wp.com\\\/idnu.ch\\\/wordpress\\\/wp-content\\\/uploads\\\/2016\\\/08\\\/engstligenalp_0067.jpg?fit=1400%2C933&ssl=1\",\"contentUrl\":\"https:\\\/\\\/i0.wp.com\\\/idnu.ch\\\/wordpress\\\/wp-content\\\/uploads\\\/2016\\\/08\\\/engstligenalp_0067.jpg?fit=1400%2C933&ssl=1\",\"width\":1400,\"height\":933},{\"@type\":\"BreadcrumbList\",\"@id\":\"https:\\\/\\\/idnu.ch\\\/wordpress\\\/familientour-engstligenalp\\\/#breadcrumb\",\"itemListElement\":[{\"@type\":\"ListItem\",\"position\":1,\"name\":\"Startseite\",\"item\":\"https:\\\/\\\/idnu.ch\\\/wordpress\\\/\"},{\"@type\":\"ListItem\",\"position\":2,\"name\":\"Familientour Engstligenalp\"}]},{\"@type\":\"WebSite\",\"@id\":\"https:\\\/\\\/idnu.ch\\\/wordpress\\\/#website\",\"url\":\"https:\\\/\\\/idnu.ch\\\/wordpress\\\/\",\"name\":\"In der Natur unterwegs\",\"description\":\"Dort, wo es am sch\u00f6nsten ist\",\"publisher\":{\"@id\":\"https:\\\/\\\/idnu.ch\\\/wordpress\\\/#\\\/schema\\\/person\\\/1ab8c5de743be7b019272124c19ad351\"},\"potentialAction\":[{\"@type\":\"SearchAction\",\"target\":{\"@type\":\"EntryPoint\",\"urlTemplate\":\"https:\\\/\\\/idnu.ch\\\/wordpress\\\/?s={search_term_string}\"},\"query-input\":{\"@type\":\"PropertyValueSpecification\",\"valueRequired\":true,\"valueName\":\"search_term_string\"}}],\"inLanguage\":\"de\"},{\"@type\":[\"Person\",\"Organization\"],\"@id\":\"https:\\\/\\\/idnu.ch\\\/wordpress\\\/#\\\/schema\\\/person\\\/1ab8c5de743be7b019272124c19ad351\",\"name\":\"Urs Kyburz\",\"image\":{\"@type\":\"ImageObject\",\"inLanguage\":\"de\",\"@id\":\"https:\\\/\\\/i0.wp.com\\\/idnu.ch\\\/wordpress\\\/wp-content\\\/uploads\\\/2016\\\/02\\\/logo_150x165.gif?fit=3151%2C3456&ssl=1\",\"url\":\"https:\\\/\\\/i0.wp.com\\\/idnu.ch\\\/wordpress\\\/wp-content\\\/uploads\\\/2016\\\/02\\\/logo_150x165.gif?fit=3151%2C3456&ssl=1\",\"contentUrl\":\"https:\\\/\\\/i0.wp.com\\\/idnu.ch\\\/wordpress\\\/wp-content\\\/uploads\\\/2016\\\/02\\\/logo_150x165.gif?fit=3151%2C3456&ssl=1\",\"width\":3151,\"height\":3456,\"caption\":\"Urs Kyburz\"},\"logo\":{\"@id\":\"https:\\\/\\\/i0.wp.com\\\/idnu.ch\\\/wordpress\\\/wp-content\\\/uploads\\\/2016\\\/02\\\/logo_150x165.gif?fit=3151%2C3456&ssl=1\"}}]}<\/script>\n<!-- \/ Yoast SEO plugin. -->","yoast_head_json":{"title":"Familientour Engstligenalp - In der Natur unterwegs","description":"Die Familientour Engstligenalp fand bei sch\u00f6nem Wetter statt. Am ersten Tag erklommen wir den Klettersteig, am zweiten suchten wir den Boulderparcours auf.","robots":{"index":"index","follow":"follow","max-snippet":"max-snippet:-1","max-image-preview":"max-image-preview:large","max-video-preview":"max-video-preview:-1"},"canonical":"https:\/\/idnu.ch\/wordpress\/familientour-engstligenalp\/","og_locale":"de_DE","og_type":"article","og_title":"Familientour Engstligenalp - In der Natur unterwegs","og_description":"Die Familientour Engstligenalp fand bei sch\u00f6nem Wetter statt. Am ersten Tag erklommen wir den Klettersteig, am zweiten suchten wir den Boulderparcours auf.","og_url":"https:\/\/idnu.ch\/wordpress\/familientour-engstligenalp\/","og_site_name":"In der Natur unterwegs","article_published_time":"2016-08-22T09:30:13+00:00","article_modified_time":"2023-12-12T14:58:54+00:00","og_image":[{"width":1400,"height":933,"url":"https:\/\/idnu.ch\/wordpress\/wp-content\/uploads\/2016\/08\/engstligenalp_0067.jpg","type":"image\/jpeg"}],"author":"Urs Kyburz","twitter_card":"summary_large_image","twitter_creator":"@idnu_ch","twitter_site":"@idnu_ch","twitter_misc":{"Verfasst von":"Urs Kyburz","Gesch\u00e4tzte Lesezeit":"1\u00a0Minute"},"schema":{"@context":"https:\/\/schema.org","@graph":[{"@type":"Article","@id":"https:\/\/idnu.ch\/wordpress\/familientour-engstligenalp\/#article","isPartOf":{"@id":"https:\/\/idnu.ch\/wordpress\/familientour-engstligenalp\/"},"author":{"name":"Urs Kyburz","@id":"https:\/\/idnu.ch\/wordpress\/#\/schema\/person\/1ab8c5de743be7b019272124c19ad351"},"headline":"Familientour Engstligenalp","datePublished":"2016-08-22T09:30:13+00:00","dateModified":"2023-12-12T14:58:54+00:00","mainEntityOfPage":{"@id":"https:\/\/idnu.ch\/wordpress\/familientour-engstligenalp\/"},"wordCount":96,"commentCount":5,"publisher":{"@id":"https:\/\/idnu.ch\/wordpress\/#\/schema\/person\/1ab8c5de743be7b019272124c19ad351"},"image":{"@id":"https:\/\/idnu.ch\/wordpress\/familientour-engstligenalp\/#primaryimage"},"thumbnailUrl":"https:\/\/i0.wp.com\/idnu.ch\/wordpress\/wp-content\/uploads\/2016\/08\/engstligenalp_0067.jpg?fit=1400%2C933&ssl=1","keywords":["Bilder","Bouldern","Engstligenalp","kinderfreundlich","Klettersteig","SAC Homberg"],"articleSection":["Bern","Berner Oberland","Klettern"],"inLanguage":"de","potentialAction":[{"@type":"CommentAction","name":"Comment","target":["https:\/\/idnu.ch\/wordpress\/familientour-engstligenalp\/#respond"]}]},{"@type":"WebPage","@id":"https:\/\/idnu.ch\/wordpress\/familientour-engstligenalp\/","url":"https:\/\/idnu.ch\/wordpress\/familientour-engstligenalp\/","name":"Familientour Engstligenalp - In der Natur unterwegs","isPartOf":{"@id":"https:\/\/idnu.ch\/wordpress\/#website"},"primaryImageOfPage":{"@id":"https:\/\/idnu.ch\/wordpress\/familientour-engstligenalp\/#primaryimage"},"image":{"@id":"https:\/\/idnu.ch\/wordpress\/familientour-engstligenalp\/#primaryimage"},"thumbnailUrl":"https:\/\/i0.wp.com\/idnu.ch\/wordpress\/wp-content\/uploads\/2016\/08\/engstligenalp_0067.jpg?fit=1400%2C933&ssl=1","datePublished":"2016-08-22T09:30:13+00:00","dateModified":"2023-12-12T14:58:54+00:00","description":"Die Familientour Engstligenalp fand bei sch\u00f6nem Wetter statt. Am ersten Tag erklommen wir den Klettersteig, am zweiten suchten wir den Boulderparcours auf.","breadcrumb":{"@id":"https:\/\/idnu.ch\/wordpress\/familientour-engstligenalp\/#breadcrumb"},"inLanguage":"de","potentialAction":[{"@type":"ReadAction","target":["https:\/\/idnu.ch\/wordpress\/familientour-engstligenalp\/"]}]},{"@type":"ImageObject","inLanguage":"de","@id":"https:\/\/idnu.ch\/wordpress\/familientour-engstligenalp\/#primaryimage","url":"https:\/\/i0.wp.com\/idnu.ch\/wordpress\/wp-content\/uploads\/2016\/08\/engstligenalp_0067.jpg?fit=1400%2C933&ssl=1","contentUrl":"https:\/\/i0.wp.com\/idnu.ch\/wordpress\/wp-content\/uploads\/2016\/08\/engstligenalp_0067.jpg?fit=1400%2C933&ssl=1","width":1400,"height":933},{"@type":"BreadcrumbList","@id":"https:\/\/idnu.ch\/wordpress\/familientour-engstligenalp\/#breadcrumb","itemListElement":[{"@type":"ListItem","position":1,"name":"Startseite","item":"https:\/\/idnu.ch\/wordpress\/"},{"@type":"ListItem","position":2,"name":"Familientour Engstligenalp"}]},{"@type":"WebSite","@id":"https:\/\/idnu.ch\/wordpress\/#website","url":"https:\/\/idnu.ch\/wordpress\/","name":"In der Natur unterwegs","description":"Dort, wo es am sch\u00f6nsten ist","publisher":{"@id":"https:\/\/idnu.ch\/wordpress\/#\/schema\/person\/1ab8c5de743be7b019272124c19ad351"},"potentialAction":[{"@type":"SearchAction","target":{"@type":"EntryPoint","urlTemplate":"https:\/\/idnu.ch\/wordpress\/?s={search_term_string}"},"query-input":{"@type":"PropertyValueSpecification","valueRequired":true,"valueName":"search_term_string"}}],"inLanguage":"de"},{"@type":["Person","Organization"],"@id":"https:\/\/idnu.ch\/wordpress\/#\/schema\/person\/1ab8c5de743be7b019272124c19ad351","name":"Urs Kyburz","image":{"@type":"ImageObject","inLanguage":"de","@id":"https:\/\/i0.wp.com\/idnu.ch\/wordpress\/wp-content\/uploads\/2016\/02\/logo_150x165.gif?fit=3151%2C3456&ssl=1","url":"https:\/\/i0.wp.com\/idnu.ch\/wordpress\/wp-content\/uploads\/2016\/02\/logo_150x165.gif?fit=3151%2C3456&ssl=1","contentUrl":"https:\/\/i0.wp.com\/idnu.ch\/wordpress\/wp-content\/uploads\/2016\/02\/logo_150x165.gif?fit=3151%2C3456&ssl=1","width":3151,"height":3456,"caption":"Urs Kyburz"},"logo":{"@id":"https:\/\/i0.wp.com\/idnu.ch\/wordpress\/wp-content\/uploads\/2016\/02\/logo_150x165.gif?fit=3151%2C3456&ssl=1"}}]}},"jetpack_publicize_connections":[],"jetpack_featured_media_url":"https:\/\/i0.wp.com\/idnu.ch\/wordpress\/wp-content\/uploads\/2016\/08\/engstligenalp_0067.jpg?fit=1400%2C933&ssl=1","jetpack_sharing_enabled":true,"jetpack_shortlink":"https:\/\/wp.me\/p6MmGG-1ls","jetpack-related-posts":[{"id":5300,"url":"https:\/\/idnu.ch\/wordpress\/familientipp-spotten-und-bouldern\/","url_meta":{"origin":5174,"position":0},"title":"Familientipp: Spotten und Bouldern","author":"Urs Kyburz","date":"30. August 2016","format":"aside","excerpt":"Familientipp im Wandermagazin SCHWEIZ: Spotten und bouldern Die Engstligenalp ist ein Paradies f\u00fcr Familien mit Kindern jeden Alters: Wandern, Klettersteig, bouldern, spielen am Bach und vieles mehr gibt es dort zu tun f\u00fcr Jung und Alt. Das Heft 9\/2016 ist jetzt am Kiosk erh\u00e4ltlich oder direkt beim Rothus-Verlag: Ausgabe 9_2016\u2026","rel":"","context":"In &quot;Berner Oberland&quot;","block_context":{"text":"Berner Oberland","link":"https:\/\/idnu.ch\/wordpress\/category\/tourismusregionen\/berner-oberland\/"},"img":{"alt_text":"","src":"https:\/\/i0.wp.com\/idnu.ch\/wordpress\/wp-content\/uploads\/2016\/08\/artikel_engstligenalp.jpg?fit=853%2C1200&ssl=1&resize=350%2C200","width":350,"height":200,"srcset":"https:\/\/i0.wp.com\/idnu.ch\/wordpress\/wp-content\/uploads\/2016\/08\/artikel_engstligenalp.jpg?fit=853%2C1200&ssl=1&resize=350%2C200 1x, https:\/\/i0.wp.com\/idnu.ch\/wordpress\/wp-content\/uploads\/2016\/08\/artikel_engstligenalp.jpg?fit=853%2C1200&ssl=1&resize=525%2C300 1.5x, https:\/\/i0.wp.com\/idnu.ch\/wordpress\/wp-content\/uploads\/2016\/08\/artikel_engstligenalp.jpg?fit=853%2C1200&ssl=1&resize=700%2C400 2x"},"classes":[]},{"id":94,"url":"https:\/\/idnu.ch\/wordpress\/familienparadies-engstligenalp\/","url_meta":{"origin":5174,"position":1},"title":"Familienparadies Engstligenalp","author":"Urs Kyburz","date":"7. Juli 2015","format":false,"excerpt":"Die Engstligenalp bei Adelboden ist nur zu Fuss oder mit der Seilbahn erreichbar. Kommt man oben an, steht man auf einer Hochebene, umrahmt von Bergen. Perfekt, um mit Kindern mitten in den Bergen zu sein und doch auf sicherem Terrain. Wir haben gepr\u00fcft, was man so alles machen kann dort.\u2026","rel":"","context":"In &quot;Bern&quot;","block_context":{"text":"Bern","link":"https:\/\/idnu.ch\/wordpress\/category\/kanton\/bern\/"},"img":{"alt_text":"","src":"https:\/\/i0.wp.com\/idnu.ch\/wordpress\/wp-content\/uploads\/2015\/07\/engstligenalp_0267.jpg?fit=1024%2C683&ssl=1&resize=350%2C200","width":350,"height":200,"srcset":"https:\/\/i0.wp.com\/idnu.ch\/wordpress\/wp-content\/uploads\/2015\/07\/engstligenalp_0267.jpg?fit=1024%2C683&ssl=1&resize=350%2C200 1x, https:\/\/i0.wp.com\/idnu.ch\/wordpress\/wp-content\/uploads\/2015\/07\/engstligenalp_0267.jpg?fit=1024%2C683&ssl=1&resize=525%2C300 1.5x, https:\/\/i0.wp.com\/idnu.ch\/wordpress\/wp-content\/uploads\/2015\/07\/engstligenalp_0267.jpg?fit=1024%2C683&ssl=1&resize=700%2C400 2x"},"classes":[]},{"id":153,"url":"https:\/\/idnu.ch\/wordpress\/wenn-putzen-freude-macht\/","url_meta":{"origin":5174,"position":2},"title":"Wenn Putzen Freude macht","author":"Urs Kyburz","date":"18. Juni 2014","format":false,"excerpt":"Einmal mehr stand die Reinigung unseres Kleinodes im Hasliberg auf dem Programm. Dass man arbeiten muss, tut eigentlich gar nicht so weh. Die Aussicht, die Ambiance und die Ruhe entsch\u00e4digen f\u00fcr die Anstrengung. Und nach dem Putzen liegt auch mal ein Spaziergang drin in der n\u00e4heren Umgebung, am n\u00e4chsten Tag\u2026","rel":"","context":"In &quot;Bern&quot;","block_context":{"text":"Bern","link":"https:\/\/idnu.ch\/wordpress\/category\/kanton\/bern\/"},"img":{"alt_text":"Mittagspause","src":"https:\/\/i0.wp.com\/idnu.ch\/wordpress\/wp-content\/uploads\/2014\/06\/IMG_1149.jpg?fit=800%2C600&ssl=1&resize=350%2C200","width":350,"height":200,"srcset":"https:\/\/i0.wp.com\/idnu.ch\/wordpress\/wp-content\/uploads\/2014\/06\/IMG_1149.jpg?fit=800%2C600&ssl=1&resize=350%2C200 1x, https:\/\/i0.wp.com\/idnu.ch\/wordpress\/wp-content\/uploads\/2014\/06\/IMG_1149.jpg?fit=800%2C600&ssl=1&resize=525%2C300 1.5x, https:\/\/i0.wp.com\/idnu.ch\/wordpress\/wp-content\/uploads\/2014\/06\/IMG_1149.jpg?fit=800%2C600&ssl=1&resize=700%2C400 2x"},"classes":[]},{"id":78,"url":"https:\/\/idnu.ch\/wordpress\/in-egerkingen-gingen-wir-die-wand-hoch\/","url_meta":{"origin":5174,"position":3},"title":"In Egerkingen gingen wir die Wand hoch","author":"Urs Kyburz","date":"14. September 2015","format":false,"excerpt":"F\u00fcr Anf\u00e4nger geeignete Klettergebiete gibt es viele, aber bei idealen Mehrseill\u00e4ngenrouten ist die Auswahl schon sehr \u00fcbersichtlich. Etwas vom Besten ist dort, wo man es nicht unbedingt erwarten w\u00fcrde: In der N\u00e4he der Autobahnverzweigung H\u00e4rkingen, in Egerkingen im Kanton Solothurn. Der Wechsel vom Mittelland zum Jura ist abrupt: Gleich hinter\u2026","rel":"","context":"In &quot;Jura &amp; Drei-Seen-Land&quot;","block_context":{"text":"Jura &amp; Drei-Seen-Land","link":"https:\/\/idnu.ch\/wordpress\/category\/tourismusregionen\/jura-drei-seen-land\/"},"img":{"alt_text":"","src":"https:\/\/i0.wp.com\/idnu.ch\/wordpress\/wp-content\/uploads\/2015\/09\/egerkingen_0016.jpg?fit=1024%2C768&ssl=1&resize=350%2C200","width":350,"height":200,"srcset":"https:\/\/i0.wp.com\/idnu.ch\/wordpress\/wp-content\/uploads\/2015\/09\/egerkingen_0016.jpg?fit=1024%2C768&ssl=1&resize=350%2C200 1x, https:\/\/i0.wp.com\/idnu.ch\/wordpress\/wp-content\/uploads\/2015\/09\/egerkingen_0016.jpg?fit=1024%2C768&ssl=1&resize=525%2C300 1.5x, https:\/\/i0.wp.com\/idnu.ch\/wordpress\/wp-content\/uploads\/2015\/09\/egerkingen_0016.jpg?fit=1024%2C768&ssl=1&resize=700%2C400 2x"},"classes":[]},{"id":7670,"url":"https:\/\/idnu.ch\/wordpress\/familientipp-family-on-tour-in-saas-fee\/","url_meta":{"origin":5174,"position":4},"title":"Familientipp: Family on Tour in Saas-Fee","author":"Urs Kyburz","date":"5. Juni 2017","format":"aside","excerpt":"Wir verbrachten mit H\u00f6henfieber eine tolle Woche in Saas-Fee. Das Wandermagazin 06\/2017 ist jetzt am Kiosk erh\u00e4ltlich oder direkt beim Rothus-Verlag: Ausgabe 6_2017 Arosa \u2013 Lenzerheide als Printausgabe bestellen Ausgabe 6_2017 Arosa \u2013 Lenzerheide als digitale Ausgabe kaufen \u00a0 Den ausf\u00fchrlichen Bericht gibt es hier:\u00a0\"Family on Tour\" in Saas Fee","rel":"","context":"In &quot;Wandermagazin&quot;","block_context":{"text":"Wandermagazin","link":"https:\/\/idnu.ch\/wordpress\/category\/idnu-in-den-medien\/wandermagazin\/"},"img":{"alt_text":"Family on Tour Heft 07\/2017","src":"https:\/\/i0.wp.com\/idnu.ch\/wordpress\/wp-content\/uploads\/2017\/06\/2017_07_familyontour.jpg?fit=1200%2C900&ssl=1&resize=350%2C200","width":350,"height":200,"srcset":"https:\/\/i0.wp.com\/idnu.ch\/wordpress\/wp-content\/uploads\/2017\/06\/2017_07_familyontour.jpg?fit=1200%2C900&ssl=1&resize=350%2C200 1x, https:\/\/i0.wp.com\/idnu.ch\/wordpress\/wp-content\/uploads\/2017\/06\/2017_07_familyontour.jpg?fit=1200%2C900&ssl=1&resize=525%2C300 1.5x, https:\/\/i0.wp.com\/idnu.ch\/wordpress\/wp-content\/uploads\/2017\/06\/2017_07_familyontour.jpg?fit=1200%2C900&ssl=1&resize=700%2C400 2x, https:\/\/i0.wp.com\/idnu.ch\/wordpress\/wp-content\/uploads\/2017\/06\/2017_07_familyontour.jpg?fit=1200%2C900&ssl=1&resize=1050%2C600 3x"},"classes":[]},{"id":159,"url":"https:\/\/idnu.ch\/wordpress\/wieder-einmal-am-fels\/","url_meta":{"origin":5174,"position":5},"title":"Wieder einmal am Fels","author":"Urs Kyburz","date":"7. Mai 2014","format":false,"excerpt":"W\u00e4hrend ich fr\u00fcher fast jedes Wochenende irgend eine Wand hochkraxelte, zumindest w\u00e4hrend der Sommersaison, haben sich die T\u00e4tigkeiten inzwischen verlagert auf kindertauglichere Aktivit\u00e4ten. Aber allm\u00e4hlich sind unsere Kinder auch soweit, dass sie im Fels vorsteigen und Spass daran haben. So lag es nahe, dass wir am Kletterkurs unserer SAC-Sektion teilnahmen,\u2026","rel":"","context":"In &quot;Aargau&quot;","block_context":{"text":"Aargau","link":"https:\/\/idnu.ch\/wordpress\/category\/kanton\/aargau\/"},"img":{"alt_text":"Klettern Hombergfl\u00fceli","src":"https:\/\/i0.wp.com\/idnu.ch\/wordpress\/wp-content\/uploads\/2014\/05\/kletterkurs_009.jpg?fit=1024%2C683&ssl=1&resize=350%2C200","width":350,"height":200,"srcset":"https:\/\/i0.wp.com\/idnu.ch\/wordpress\/wp-content\/uploads\/2014\/05\/kletterkurs_009.jpg?fit=1024%2C683&ssl=1&resize=350%2C200 1x, https:\/\/i0.wp.com\/idnu.ch\/wordpress\/wp-content\/uploads\/2014\/05\/kletterkurs_009.jpg?fit=1024%2C683&ssl=1&resize=525%2C300 1.5x, https:\/\/i0.wp.com\/idnu.ch\/wordpress\/wp-content\/uploads\/2014\/05\/kletterkurs_009.jpg?fit=1024%2C683&ssl=1&resize=700%2C400 2x"},"classes":[]}],"jetpack_likes_enabled":true,"_links":{"self":[{"href":"https:\/\/idnu.ch\/wordpress\/wp-json\/wp\/v2\/posts\/5174","targetHints":{"allow":["GET"]}}],"collection":[{"href":"https:\/\/idnu.ch\/wordpress\/wp-json\/wp\/v2\/posts"}],"about":[{"href":"https:\/\/idnu.ch\/wordpress\/wp-json\/wp\/v2\/types\/post"}],"author":[{"embeddable":true,"href":"https:\/\/idnu.ch\/wordpress\/wp-json\/wp\/v2\/users\/2"}],"replies":[{"embeddable":true,"href":"https:\/\/idnu.ch\/wordpress\/wp-json\/wp\/v2\/comments?post=5174"}],"version-history":[{"count":4,"href":"https:\/\/idnu.ch\/wordpress\/wp-json\/wp\/v2\/posts\/5174\/revisions"}],"predecessor-version":[{"id":24938,"href":"https:\/\/idnu.ch\/wordpress\/wp-json\/wp\/v2\/posts\/5174\/revisions\/24938"}],"wp:featuredmedia":[{"embeddable":true,"href":"https:\/\/idnu.ch\/wordpress\/wp-json\/wp\/v2\/media\/5228"}],"wp:attachment":[{"href":"https:\/\/idnu.ch\/wordpress\/wp-json\/wp\/v2\/media?parent=5174"}],"wp:term":[{"taxonomy":"category","embeddable":true,"href":"https:\/\/idnu.ch\/wordpress\/wp-json\/wp\/v2\/categories?post=5174"},{"taxonomy":"post_tag","embeddable":true,"href":"https:\/\/idnu.ch\/wordpress\/wp-json\/wp\/v2\/tags?post=5174"}],"curies":[{"name":"wp","href":"https:\/\/api.w.org\/{rel}","templated":true}]}}