{"id":5238,"date":"2016-08-23T18:26:56","date_gmt":"2016-08-23T16:26:56","guid":{"rendered":"http:\/\/idnu.ch\/wordpress\/?p=5238"},"modified":"2019-06-20T14:24:49","modified_gmt":"2019-06-20T12:24:49","slug":"velotour-der-reuss-entlang","status":"publish","type":"post","link":"https:\/\/idnu.ch\/wordpress\/velotour-der-reuss-entlang\/","title":{"rendered":"Velotour der Reuss entlang"},"content":{"rendered":"<p><strong>Wir sind schon einigen Fl\u00fcssen entlang gefahren: Rhein, <a href=\"https:\/\/idnu.ch\/wordpress\/tourentipp-dr-schoene-grueene-aare-naa\/\">Aare<\/a>, <a href=\"https:\/\/idnu.ch\/wordpress\/veloreise-von-st-moritz-nach-innsbruck\/\">Inn<\/a>, immer in mehreren Etappen. Die Reuss ist daf\u00fcr zu kurz: Der Urner Reuss entlang, von Andermatt bis Fl\u00fcelen, ist nicht wirklich attraktiv in dem engen Tal, das bekanntlich vom Autoverkehr dominiert wird. Nachdem der Fluss bei Luzern wieder aus dem Vierwaldst\u00e4ttersee tritt, ist es nicht mehr soooo weit, bis er\u00a0in die Aare m\u00fcndet. Von uns aus also eine ideale Tagestour.<\/strong><\/p>\n<p>Fast h\u00e4tte die Tour abgeblasen werden m\u00fcssen, es bahnte sich eine Katastrophe an: Fabian findet den Kilometerz\u00e4hler nicht! Zum Gl\u00fcck taucht er in seinem neuen Bikerucksack in einem der vielen F\u00e4cher auf, so dass wir doch noch nach Beinwil am See fahren k\u00f6nnen. Dort nehmen wir den\u00a0Zug nach Emmenbr\u00fccke, einem Vorort von Luzern. Den Weg durch die Stadt ersparen wir uns also und fahren vom Bahnhof direkt an die Reuss, ohne eine Strasse zu queren. Nun wird man aber als Velofahrer in die zweite Reihe verbannt, der Weg direkt am Fluss geh\u00f6rt den Spazierg\u00e4ngern. Na gut, fahren wir halt zwischen Wald, Feld und Siedlung.<\/p>\n<h2>Velofahren in der zweiten Reihe<\/h2>\n<p>Unspektakul\u00e4r die Route, aber sch\u00f6n, um einfach vor sich hin zu vel\u00f6len, der Weg ist einfach flach, was in der Schweiz ja bekanntlich nicht so oft der Fall ist. Bei Gisikon \u00fcberqueren wir die Reuss und biegen gleich in einen Singletrail ein. Zu Hause die Karte gut zu studieren lohnt sich. Nun sind die Kinder nicht mehr zu halten, sie jagen\u00a0\u00fcber den schmalen Pfad, dass ich kaum mehr folgen kann. Sogar einen Northshore kann ich ihnen noch bieten. So geht das einige Kilometer.<\/p>\n<h2>Pause in der Besenbeiz<\/h2>\n<p>Bei einer Eisenbahnbr\u00fccke ist dann Schluss, weiter dem Fluss entlang ist ein Fahrverbot. Wir m\u00fcssen nun also der Herzroute folgen, die hier vorbei f\u00fchrt. Und unser Herz wird nun auch gleich m\u00e4chtig gefordert: Eine Rampe mit 20 % Steigung f\u00fchrt nach Meisterswil hoch. Das ist das eine, das andere ist der Einachser, der gleich vor uns hochf\u00e4hrt und grauenhaft stinkt. Oben ist aber alles vergessen, wartet doch eine Bauernschenke, eine sogenannte Besenbeiz, die jeweils offen hat, wenn der Besen draussen steht. Wir haben schon vorher von einem Kaffee getr\u00e4umt, wir lassen uns also die Gelegenheit nicht nehmen und\u00a0holen das Ertr\u00e4umte nach. Wir studieren die Karte und stellen fest, dass unsere Tour durch vier Kantone f\u00fchrt: Luzern, Zug, Z\u00fcrich und Aargau. Die Kinder nennen sie deshalb &#8222;Papas 4-Kant\u00f6nli-Velotour&#8220;.<\/p>\n<div class=\"tiled-gallery type-rectangular tiled-gallery-unresized\" data-original-width=\"750\" data-carousel-extra='{&quot;blog_id&quot;:1,&quot;permalink&quot;:&quot;https:\\\/\\\/idnu.ch\\\/wordpress\\\/velotour-der-reuss-entlang\\\/&quot;,&quot;likes_blog_id&quot;:100184974}' itemscope itemtype=\"http:\/\/schema.org\/ImageGallery\" > <div class=\"gallery-row\" style=\"width: 750px; height: 376px;\" data-original-width=\"750\" data-original-height=\"376\" > <div class=\"gallery-group images-1\" style=\"width: 500px; height: 376px;\" data-original-width=\"500\" data-original-height=\"376\" > <div class=\"tiled-gallery-item tiled-gallery-item-large\" itemprop=\"associatedMedia\" itemscope itemtype=\"http:\/\/schema.org\/ImageObject\"> <a href=\"https:\/\/idnu.ch\/wordpress\/reusstour_0001\/\" border=\"0\" itemprop=\"url\"> <meta itemprop=\"width\" content=\"496\"> <meta itemprop=\"height\" content=\"372\"> <img decoding=\"async\" class=\"\" data-attachment-id=\"5246\" data-orig-file=\"https:\/\/idnu.ch\/wordpress\/wp-content\/uploads\/2016\/08\/reusstour_0001.jpg\" data-orig-size=\"1400,1050\" data-comments-opened=\"1\" data-image-meta=\"{&quot;aperture&quot;:&quot;0&quot;,&quot;credit&quot;:&quot;&quot;,&quot;camera&quot;:&quot;&quot;,&quot;caption&quot;:&quot;&quot;,&quot;created_timestamp&quot;:&quot;0&quot;,&quot;copyright&quot;:&quot;&quot;,&quot;focal_length&quot;:&quot;0&quot;,&quot;iso&quot;:&quot;0&quot;,&quot;shutter_speed&quot;:&quot;0&quot;,&quot;title&quot;:&quot;&quot;,&quot;orientation&quot;:&quot;0&quot;}\" data-image-title=\"Start in Emmenbr\u00fccke\" data-image-description=\"\" data-medium-file=\"https:\/\/i0.wp.com\/idnu.ch\/wordpress\/wp-content\/uploads\/2016\/08\/reusstour_0001.jpg?fit=300%2C225&#038;ssl=1\" data-large-file=\"https:\/\/i0.wp.com\/idnu.ch\/wordpress\/wp-content\/uploads\/2016\/08\/reusstour_0001.jpg?fit=750%2C563&#038;ssl=1\" src=\"https:\/\/i0.wp.com\/idnu.ch\/wordpress\/wp-content\/uploads\/2016\/08\/reusstour_0001.jpg?w=496&#038;h=372&#038;ssl=1\" srcset=\"https:\/\/i0.wp.com\/idnu.ch\/wordpress\/wp-content\/uploads\/2016\/08\/reusstour_0001.jpg?w=1400&amp;ssl=1 1400w, https:\/\/i0.wp.com\/idnu.ch\/wordpress\/wp-content\/uploads\/2016\/08\/reusstour_0001.jpg?resize=300%2C225&amp;ssl=1 300w, https:\/\/i0.wp.com\/idnu.ch\/wordpress\/wp-content\/uploads\/2016\/08\/reusstour_0001.jpg?resize=768%2C576&amp;ssl=1 768w, https:\/\/i0.wp.com\/idnu.ch\/wordpress\/wp-content\/uploads\/2016\/08\/reusstour_0001.jpg?resize=1024%2C768&amp;ssl=1 1024w, https:\/\/i0.wp.com\/idnu.ch\/wordpress\/wp-content\/uploads\/2016\/08\/reusstour_0001.jpg?resize=720%2C540&amp;ssl=1 720w, https:\/\/i0.wp.com\/idnu.ch\/wordpress\/wp-content\/uploads\/2016\/08\/reusstour_0001.jpg?resize=133%2C100&amp;ssl=1 133w\" width=\"496\" height=\"372\" loading=\"lazy\" data-original-width=\"496\" data-original-height=\"372\" itemprop=\"http:\/\/schema.org\/image\" title=\"Start in Emmenbr\u00fccke\" alt=\"Start in Emmenbr\u00fccke\" style=\"width: 496px; height: 372px;\" \/> <\/a> <div class=\"tiled-gallery-caption\" itemprop=\"caption description\"> Start in Emmenbr\u00fccke: Nicht gerade idyllisch <\/div> <\/div> <\/div> <!-- close group --> <div class=\"gallery-group images-2\" style=\"width: 250px; height: 376px;\" data-original-width=\"250\" data-original-height=\"376\" > <div class=\"tiled-gallery-item tiled-gallery-item-small\" itemprop=\"associatedMedia\" itemscope itemtype=\"http:\/\/schema.org\/ImageObject\"> <a href=\"https:\/\/idnu.ch\/wordpress\/reusstour_0003\/\" border=\"0\" itemprop=\"url\"> <meta itemprop=\"width\" content=\"246\"> <meta itemprop=\"height\" content=\"184\"> <img decoding=\"async\" class=\"\" data-attachment-id=\"5247\" data-orig-file=\"https:\/\/idnu.ch\/wordpress\/wp-content\/uploads\/2016\/08\/reusstour_0003.jpg\" data-orig-size=\"1400,1050\" data-comments-opened=\"1\" data-image-meta=\"{&quot;aperture&quot;:&quot;0&quot;,&quot;credit&quot;:&quot;&quot;,&quot;camera&quot;:&quot;&quot;,&quot;caption&quot;:&quot;&quot;,&quot;created_timestamp&quot;:&quot;0&quot;,&quot;copyright&quot;:&quot;&quot;,&quot;focal_length&quot;:&quot;0&quot;,&quot;iso&quot;:&quot;0&quot;,&quot;shutter_speed&quot;:&quot;0&quot;,&quot;title&quot;:&quot;&quot;,&quot;orientation&quot;:&quot;0&quot;}\" data-image-title=\"Ein Wehr auf der Reuss\" data-image-description=\"\" data-medium-file=\"https:\/\/i0.wp.com\/idnu.ch\/wordpress\/wp-content\/uploads\/2016\/08\/reusstour_0003.jpg?fit=300%2C225&#038;ssl=1\" data-large-file=\"https:\/\/i0.wp.com\/idnu.ch\/wordpress\/wp-content\/uploads\/2016\/08\/reusstour_0003.jpg?fit=750%2C563&#038;ssl=1\" src=\"https:\/\/i0.wp.com\/idnu.ch\/wordpress\/wp-content\/uploads\/2016\/08\/reusstour_0003.jpg?w=246&#038;h=184&#038;ssl=1\" srcset=\"https:\/\/i0.wp.com\/idnu.ch\/wordpress\/wp-content\/uploads\/2016\/08\/reusstour_0003.jpg?w=1400&amp;ssl=1 1400w, https:\/\/i0.wp.com\/idnu.ch\/wordpress\/wp-content\/uploads\/2016\/08\/reusstour_0003.jpg?resize=300%2C225&amp;ssl=1 300w, https:\/\/i0.wp.com\/idnu.ch\/wordpress\/wp-content\/uploads\/2016\/08\/reusstour_0003.jpg?resize=768%2C576&amp;ssl=1 768w, https:\/\/i0.wp.com\/idnu.ch\/wordpress\/wp-content\/uploads\/2016\/08\/reusstour_0003.jpg?resize=1024%2C768&amp;ssl=1 1024w, https:\/\/i0.wp.com\/idnu.ch\/wordpress\/wp-content\/uploads\/2016\/08\/reusstour_0003.jpg?resize=720%2C540&amp;ssl=1 720w, https:\/\/i0.wp.com\/idnu.ch\/wordpress\/wp-content\/uploads\/2016\/08\/reusstour_0003.jpg?resize=133%2C100&amp;ssl=1 133w\" width=\"246\" height=\"184\" loading=\"lazy\" data-original-width=\"246\" data-original-height=\"184\" itemprop=\"http:\/\/schema.org\/image\" title=\"Ein Wehr auf der Reuss\" alt=\"Ein Wehr auf der Reuss\" style=\"width: 246px; height: 184px;\" \/> <\/a> <div class=\"tiled-gallery-caption\" itemprop=\"caption description\"> Ein Wehr auf der Reuss <\/div> <\/div> <div class=\"tiled-gallery-item tiled-gallery-item-small\" itemprop=\"associatedMedia\" itemscope itemtype=\"http:\/\/schema.org\/ImageObject\"> <a href=\"https:\/\/idnu.ch\/wordpress\/reusstour_0004\/\" border=\"0\" itemprop=\"url\"> <meta itemprop=\"width\" content=\"246\"> <meta itemprop=\"height\" content=\"184\"> <img decoding=\"async\" class=\"\" data-attachment-id=\"5248\" data-orig-file=\"https:\/\/idnu.ch\/wordpress\/wp-content\/uploads\/2016\/08\/reusstour_0004.jpg\" data-orig-size=\"1400,1050\" data-comments-opened=\"1\" data-image-meta=\"{&quot;aperture&quot;:&quot;0&quot;,&quot;credit&quot;:&quot;&quot;,&quot;camera&quot;:&quot;&quot;,&quot;caption&quot;:&quot;&quot;,&quot;created_timestamp&quot;:&quot;0&quot;,&quot;copyright&quot;:&quot;&quot;,&quot;focal_length&quot;:&quot;0&quot;,&quot;iso&quot;:&quot;0&quot;,&quot;shutter_speed&quot;:&quot;0&quot;,&quot;title&quot;:&quot;&quot;,&quot;orientation&quot;:&quot;0&quot;}\" data-image-title=\"Die Radwege sind wirklich flach\" data-image-description=\"\" data-medium-file=\"https:\/\/i0.wp.com\/idnu.ch\/wordpress\/wp-content\/uploads\/2016\/08\/reusstour_0004.jpg?fit=300%2C225&#038;ssl=1\" data-large-file=\"https:\/\/i0.wp.com\/idnu.ch\/wordpress\/wp-content\/uploads\/2016\/08\/reusstour_0004.jpg?fit=750%2C563&#038;ssl=1\" src=\"https:\/\/i0.wp.com\/idnu.ch\/wordpress\/wp-content\/uploads\/2016\/08\/reusstour_0004.jpg?w=246&#038;h=184&#038;ssl=1\" srcset=\"https:\/\/i0.wp.com\/idnu.ch\/wordpress\/wp-content\/uploads\/2016\/08\/reusstour_0004.jpg?w=1400&amp;ssl=1 1400w, https:\/\/i0.wp.com\/idnu.ch\/wordpress\/wp-content\/uploads\/2016\/08\/reusstour_0004.jpg?resize=300%2C225&amp;ssl=1 300w, https:\/\/i0.wp.com\/idnu.ch\/wordpress\/wp-content\/uploads\/2016\/08\/reusstour_0004.jpg?resize=768%2C576&amp;ssl=1 768w, https:\/\/i0.wp.com\/idnu.ch\/wordpress\/wp-content\/uploads\/2016\/08\/reusstour_0004.jpg?resize=1024%2C768&amp;ssl=1 1024w, https:\/\/i0.wp.com\/idnu.ch\/wordpress\/wp-content\/uploads\/2016\/08\/reusstour_0004.jpg?resize=720%2C540&amp;ssl=1 720w, https:\/\/i0.wp.com\/idnu.ch\/wordpress\/wp-content\/uploads\/2016\/08\/reusstour_0004.jpg?resize=133%2C100&amp;ssl=1 133w\" width=\"246\" height=\"184\" loading=\"lazy\" data-original-width=\"246\" data-original-height=\"184\" itemprop=\"http:\/\/schema.org\/image\" title=\"Die Radwege sind wirklich flach\" alt=\"Die Radwege sind wirklich flach\" style=\"width: 246px; height: 184px;\" \/> <\/a> <div class=\"tiled-gallery-caption\" itemprop=\"caption description\"> Die Radwege sind wirklich flach <\/div> <\/div> <\/div> <!-- close group --> <\/div> <!-- close row --> <div class=\"gallery-row\" style=\"width: 750px; height: 189px;\" data-original-width=\"750\" data-original-height=\"189\" > <div class=\"gallery-group images-1\" style=\"width: 250px; height: 189px;\" data-original-width=\"250\" data-original-height=\"189\" > <div class=\"tiled-gallery-item tiled-gallery-item-small\" itemprop=\"associatedMedia\" itemscope itemtype=\"http:\/\/schema.org\/ImageObject\"> <a href=\"https:\/\/idnu.ch\/wordpress\/reusstour_0005\/\" border=\"0\" itemprop=\"url\"> <meta itemprop=\"width\" content=\"246\"> <meta itemprop=\"height\" content=\"185\"> <img decoding=\"async\" class=\"\" data-attachment-id=\"5249\" data-orig-file=\"https:\/\/idnu.ch\/wordpress\/wp-content\/uploads\/2016\/08\/reusstour_0005.jpg\" data-orig-size=\"1400,1050\" data-comments-opened=\"1\" data-image-meta=\"{&quot;aperture&quot;:&quot;0&quot;,&quot;credit&quot;:&quot;&quot;,&quot;camera&quot;:&quot;&quot;,&quot;caption&quot;:&quot;&quot;,&quot;created_timestamp&quot;:&quot;0&quot;,&quot;copyright&quot;:&quot;&quot;,&quot;focal_length&quot;:&quot;0&quot;,&quot;iso&quot;:&quot;0&quot;,&quot;shutter_speed&quot;:&quot;0&quot;,&quot;title&quot;:&quot;&quot;,&quot;orientation&quot;:&quot;0&quot;}\" data-image-title=\"Flach&amp;#8230;\" data-image-description=\"\" data-medium-file=\"https:\/\/i0.wp.com\/idnu.ch\/wordpress\/wp-content\/uploads\/2016\/08\/reusstour_0005.jpg?fit=300%2C225&#038;ssl=1\" data-large-file=\"https:\/\/i0.wp.com\/idnu.ch\/wordpress\/wp-content\/uploads\/2016\/08\/reusstour_0005.jpg?fit=750%2C563&#038;ssl=1\" src=\"https:\/\/i0.wp.com\/idnu.ch\/wordpress\/wp-content\/uploads\/2016\/08\/reusstour_0005.jpg?w=246&#038;h=185&#038;ssl=1\" srcset=\"https:\/\/i0.wp.com\/idnu.ch\/wordpress\/wp-content\/uploads\/2016\/08\/reusstour_0005.jpg?w=1400&amp;ssl=1 1400w, https:\/\/i0.wp.com\/idnu.ch\/wordpress\/wp-content\/uploads\/2016\/08\/reusstour_0005.jpg?resize=300%2C225&amp;ssl=1 300w, https:\/\/i0.wp.com\/idnu.ch\/wordpress\/wp-content\/uploads\/2016\/08\/reusstour_0005.jpg?resize=768%2C576&amp;ssl=1 768w, https:\/\/i0.wp.com\/idnu.ch\/wordpress\/wp-content\/uploads\/2016\/08\/reusstour_0005.jpg?resize=1024%2C768&amp;ssl=1 1024w, https:\/\/i0.wp.com\/idnu.ch\/wordpress\/wp-content\/uploads\/2016\/08\/reusstour_0005.jpg?resize=720%2C540&amp;ssl=1 720w, https:\/\/i0.wp.com\/idnu.ch\/wordpress\/wp-content\/uploads\/2016\/08\/reusstour_0005.jpg?resize=133%2C100&amp;ssl=1 133w\" width=\"246\" height=\"185\" loading=\"lazy\" data-original-width=\"246\" data-original-height=\"185\" itemprop=\"http:\/\/schema.org\/image\" title=\"Flach...\" alt=\"Flach...\" style=\"width: 246px; height: 185px;\" \/> <\/a> <div class=\"tiled-gallery-caption\" itemprop=\"caption description\"> Flach&#8230; <\/div> <\/div> <\/div> <!-- close group --> <div class=\"gallery-group images-1\" style=\"width: 250px; height: 189px;\" data-original-width=\"250\" data-original-height=\"189\" > <div class=\"tiled-gallery-item tiled-gallery-item-small\" itemprop=\"associatedMedia\" itemscope itemtype=\"http:\/\/schema.org\/ImageObject\"> <a href=\"https:\/\/idnu.ch\/wordpress\/reusstour_0006\/\" border=\"0\" itemprop=\"url\"> <meta itemprop=\"width\" content=\"246\"> <meta itemprop=\"height\" content=\"185\"> <img decoding=\"async\" class=\"\" data-attachment-id=\"5250\" data-orig-file=\"https:\/\/idnu.ch\/wordpress\/wp-content\/uploads\/2016\/08\/reusstour_0006.jpg\" data-orig-size=\"1400,1050\" data-comments-opened=\"1\" data-image-meta=\"{&quot;aperture&quot;:&quot;0&quot;,&quot;credit&quot;:&quot;&quot;,&quot;camera&quot;:&quot;&quot;,&quot;caption&quot;:&quot;&quot;,&quot;created_timestamp&quot;:&quot;0&quot;,&quot;copyright&quot;:&quot;&quot;,&quot;focal_length&quot;:&quot;0&quot;,&quot;iso&quot;:&quot;0&quot;,&quot;shutter_speed&quot;:&quot;0&quot;,&quot;title&quot;:&quot;&quot;,&quot;orientation&quot;:&quot;0&quot;}\" data-image-title=\"Singletrail an der Reuss\" data-image-description=\"\" data-medium-file=\"https:\/\/i0.wp.com\/idnu.ch\/wordpress\/wp-content\/uploads\/2016\/08\/reusstour_0006.jpg?fit=300%2C225&#038;ssl=1\" data-large-file=\"https:\/\/i0.wp.com\/idnu.ch\/wordpress\/wp-content\/uploads\/2016\/08\/reusstour_0006.jpg?fit=750%2C563&#038;ssl=1\" src=\"https:\/\/i0.wp.com\/idnu.ch\/wordpress\/wp-content\/uploads\/2016\/08\/reusstour_0006.jpg?w=246&#038;h=185&#038;ssl=1\" srcset=\"https:\/\/i0.wp.com\/idnu.ch\/wordpress\/wp-content\/uploads\/2016\/08\/reusstour_0006.jpg?w=1400&amp;ssl=1 1400w, https:\/\/i0.wp.com\/idnu.ch\/wordpress\/wp-content\/uploads\/2016\/08\/reusstour_0006.jpg?resize=300%2C225&amp;ssl=1 300w, https:\/\/i0.wp.com\/idnu.ch\/wordpress\/wp-content\/uploads\/2016\/08\/reusstour_0006.jpg?resize=768%2C576&amp;ssl=1 768w, https:\/\/i0.wp.com\/idnu.ch\/wordpress\/wp-content\/uploads\/2016\/08\/reusstour_0006.jpg?resize=1024%2C768&amp;ssl=1 1024w, https:\/\/i0.wp.com\/idnu.ch\/wordpress\/wp-content\/uploads\/2016\/08\/reusstour_0006.jpg?resize=720%2C540&amp;ssl=1 720w, https:\/\/i0.wp.com\/idnu.ch\/wordpress\/wp-content\/uploads\/2016\/08\/reusstour_0006.jpg?resize=133%2C100&amp;ssl=1 133w\" width=\"246\" height=\"185\" loading=\"lazy\" data-original-width=\"246\" data-original-height=\"185\" itemprop=\"http:\/\/schema.org\/image\" title=\"Singletrail an der Reuss\" alt=\"Singletrail an der Reuss\" style=\"width: 246px; height: 185px;\" \/> <\/a> <div class=\"tiled-gallery-caption\" itemprop=\"caption description\"> Singletrail an der Reuss: Da schl\u00e4gt das Herz unserer Biker h\u00f6her <\/div> <\/div> <\/div> <!-- close group --> <div class=\"gallery-group images-1\" style=\"width: 250px; height: 189px;\" data-original-width=\"250\" data-original-height=\"189\" > <div class=\"tiled-gallery-item tiled-gallery-item-small\" itemprop=\"associatedMedia\" itemscope itemtype=\"http:\/\/schema.org\/ImageObject\"> <a href=\"https:\/\/idnu.ch\/wordpress\/reusstour_0008\/\" border=\"0\" itemprop=\"url\"> <meta itemprop=\"width\" content=\"246\"> <meta itemprop=\"height\" content=\"185\"> <img decoding=\"async\" class=\"\" data-attachment-id=\"5251\" data-orig-file=\"https:\/\/idnu.ch\/wordpress\/wp-content\/uploads\/2016\/08\/reusstour_0008.jpg\" data-orig-size=\"1400,1050\" data-comments-opened=\"1\" data-image-meta=\"{&quot;aperture&quot;:&quot;0&quot;,&quot;credit&quot;:&quot;&quot;,&quot;camera&quot;:&quot;&quot;,&quot;caption&quot;:&quot;&quot;,&quot;created_timestamp&quot;:&quot;0&quot;,&quot;copyright&quot;:&quot;&quot;,&quot;focal_length&quot;:&quot;0&quot;,&quot;iso&quot;:&quot;0&quot;,&quot;shutter_speed&quot;:&quot;0&quot;,&quot;title&quot;:&quot;&quot;,&quot;orientation&quot;:&quot;0&quot;}\" data-image-title=\"Noch ein Singletrail\" data-image-description=\"\" data-medium-file=\"https:\/\/i0.wp.com\/idnu.ch\/wordpress\/wp-content\/uploads\/2016\/08\/reusstour_0008.jpg?fit=300%2C225&#038;ssl=1\" data-large-file=\"https:\/\/i0.wp.com\/idnu.ch\/wordpress\/wp-content\/uploads\/2016\/08\/reusstour_0008.jpg?fit=750%2C563&#038;ssl=1\" src=\"https:\/\/i0.wp.com\/idnu.ch\/wordpress\/wp-content\/uploads\/2016\/08\/reusstour_0008.jpg?w=246&#038;h=185&#038;ssl=1\" srcset=\"https:\/\/i0.wp.com\/idnu.ch\/wordpress\/wp-content\/uploads\/2016\/08\/reusstour_0008.jpg?w=1400&amp;ssl=1 1400w, https:\/\/i0.wp.com\/idnu.ch\/wordpress\/wp-content\/uploads\/2016\/08\/reusstour_0008.jpg?resize=300%2C225&amp;ssl=1 300w, https:\/\/i0.wp.com\/idnu.ch\/wordpress\/wp-content\/uploads\/2016\/08\/reusstour_0008.jpg?resize=768%2C576&amp;ssl=1 768w, https:\/\/i0.wp.com\/idnu.ch\/wordpress\/wp-content\/uploads\/2016\/08\/reusstour_0008.jpg?resize=1024%2C768&amp;ssl=1 1024w, https:\/\/i0.wp.com\/idnu.ch\/wordpress\/wp-content\/uploads\/2016\/08\/reusstour_0008.jpg?resize=720%2C540&amp;ssl=1 720w, https:\/\/i0.wp.com\/idnu.ch\/wordpress\/wp-content\/uploads\/2016\/08\/reusstour_0008.jpg?resize=133%2C100&amp;ssl=1 133w\" width=\"246\" height=\"185\" loading=\"lazy\" data-original-width=\"246\" data-original-height=\"185\" itemprop=\"http:\/\/schema.org\/image\" title=\"Noch ein Singletrail\" alt=\"Noch ein Singletrail\" style=\"width: 246px; height: 185px;\" \/> <\/a> <div class=\"tiled-gallery-caption\" itemprop=\"caption description\"> Noch ein Singletrail <\/div> <\/div> <\/div> <!-- close group --> <\/div> <!-- close row --> <div class=\"gallery-row\" style=\"width: 750px; height: 376px;\" data-original-width=\"750\" data-original-height=\"376\" > <div class=\"gallery-group images-2\" style=\"width: 250px; height: 376px;\" data-original-width=\"250\" data-original-height=\"376\" > <div class=\"tiled-gallery-item tiled-gallery-item-small\" itemprop=\"associatedMedia\" itemscope itemtype=\"http:\/\/schema.org\/ImageObject\"> <a href=\"https:\/\/idnu.ch\/wordpress\/reusstour_0009\/\" border=\"0\" itemprop=\"url\"> <meta itemprop=\"width\" content=\"246\"> <meta itemprop=\"height\" content=\"184\"> <img decoding=\"async\" class=\"\" data-attachment-id=\"5252\" data-orig-file=\"https:\/\/idnu.ch\/wordpress\/wp-content\/uploads\/2016\/08\/reusstour_0009.jpg\" data-orig-size=\"1400,1050\" data-comments-opened=\"1\" data-image-meta=\"{&quot;aperture&quot;:&quot;0&quot;,&quot;credit&quot;:&quot;&quot;,&quot;camera&quot;:&quot;&quot;,&quot;caption&quot;:&quot;&quot;,&quot;created_timestamp&quot;:&quot;0&quot;,&quot;copyright&quot;:&quot;&quot;,&quot;focal_length&quot;:&quot;0&quot;,&quot;iso&quot;:&quot;0&quot;,&quot;shutter_speed&quot;:&quot;0&quot;,&quot;title&quot;:&quot;&quot;,&quot;orientation&quot;:&quot;0&quot;}\" data-image-title=\"Steg durch das Ried\" data-image-description=\"\" data-medium-file=\"https:\/\/i0.wp.com\/idnu.ch\/wordpress\/wp-content\/uploads\/2016\/08\/reusstour_0009.jpg?fit=300%2C225&#038;ssl=1\" data-large-file=\"https:\/\/i0.wp.com\/idnu.ch\/wordpress\/wp-content\/uploads\/2016\/08\/reusstour_0009.jpg?fit=750%2C563&#038;ssl=1\" src=\"https:\/\/i0.wp.com\/idnu.ch\/wordpress\/wp-content\/uploads\/2016\/08\/reusstour_0009.jpg?w=246&#038;h=184&#038;ssl=1\" srcset=\"https:\/\/i0.wp.com\/idnu.ch\/wordpress\/wp-content\/uploads\/2016\/08\/reusstour_0009.jpg?w=1400&amp;ssl=1 1400w, https:\/\/i0.wp.com\/idnu.ch\/wordpress\/wp-content\/uploads\/2016\/08\/reusstour_0009.jpg?resize=300%2C225&amp;ssl=1 300w, https:\/\/i0.wp.com\/idnu.ch\/wordpress\/wp-content\/uploads\/2016\/08\/reusstour_0009.jpg?resize=768%2C576&amp;ssl=1 768w, https:\/\/i0.wp.com\/idnu.ch\/wordpress\/wp-content\/uploads\/2016\/08\/reusstour_0009.jpg?resize=1024%2C768&amp;ssl=1 1024w, https:\/\/i0.wp.com\/idnu.ch\/wordpress\/wp-content\/uploads\/2016\/08\/reusstour_0009.jpg?resize=720%2C540&amp;ssl=1 720w, https:\/\/i0.wp.com\/idnu.ch\/wordpress\/wp-content\/uploads\/2016\/08\/reusstour_0009.jpg?resize=133%2C100&amp;ssl=1 133w\" width=\"246\" height=\"184\" loading=\"lazy\" data-original-width=\"246\" data-original-height=\"184\" itemprop=\"http:\/\/schema.org\/image\" title=\"Steg durch das Ried\" alt=\"Steg durch das Ried\" style=\"width: 246px; height: 184px;\" \/> <\/a> <div class=\"tiled-gallery-caption\" itemprop=\"caption description\"> F\u00fcr die einen ist es ein Steg, f\u00fcr die anderen ein Northshore <\/div> <\/div> <div class=\"tiled-gallery-item tiled-gallery-item-small\" itemprop=\"associatedMedia\" itemscope itemtype=\"http:\/\/schema.org\/ImageObject\"> <a href=\"https:\/\/idnu.ch\/wordpress\/reusstour_0011\/\" border=\"0\" itemprop=\"url\"> <meta itemprop=\"width\" content=\"246\"> <meta itemprop=\"height\" content=\"184\"> <img decoding=\"async\" class=\"\" data-attachment-id=\"5254\" data-orig-file=\"https:\/\/idnu.ch\/wordpress\/wp-content\/uploads\/2016\/08\/reusstour_0011.jpg\" data-orig-size=\"1400,1050\" data-comments-opened=\"1\" data-image-meta=\"{&quot;aperture&quot;:&quot;0&quot;,&quot;credit&quot;:&quot;&quot;,&quot;camera&quot;:&quot;&quot;,&quot;caption&quot;:&quot;&quot;,&quot;created_timestamp&quot;:&quot;0&quot;,&quot;copyright&quot;:&quot;&quot;,&quot;focal_length&quot;:&quot;0&quot;,&quot;iso&quot;:&quot;0&quot;,&quot;shutter_speed&quot;:&quot;0&quot;,&quot;title&quot;:&quot;&quot;,&quot;orientation&quot;:&quot;0&quot;}\" data-image-title=\"Jetzt geht es aber aufw\u00e4rts\" data-image-description=\"\" data-medium-file=\"https:\/\/i0.wp.com\/idnu.ch\/wordpress\/wp-content\/uploads\/2016\/08\/reusstour_0011.jpg?fit=300%2C225&#038;ssl=1\" data-large-file=\"https:\/\/i0.wp.com\/idnu.ch\/wordpress\/wp-content\/uploads\/2016\/08\/reusstour_0011.jpg?fit=750%2C563&#038;ssl=1\" src=\"https:\/\/i0.wp.com\/idnu.ch\/wordpress\/wp-content\/uploads\/2016\/08\/reusstour_0011.jpg?w=246&#038;h=184&#038;ssl=1\" srcset=\"https:\/\/i0.wp.com\/idnu.ch\/wordpress\/wp-content\/uploads\/2016\/08\/reusstour_0011.jpg?w=1400&amp;ssl=1 1400w, https:\/\/i0.wp.com\/idnu.ch\/wordpress\/wp-content\/uploads\/2016\/08\/reusstour_0011.jpg?resize=300%2C225&amp;ssl=1 300w, https:\/\/i0.wp.com\/idnu.ch\/wordpress\/wp-content\/uploads\/2016\/08\/reusstour_0011.jpg?resize=768%2C576&amp;ssl=1 768w, https:\/\/i0.wp.com\/idnu.ch\/wordpress\/wp-content\/uploads\/2016\/08\/reusstour_0011.jpg?resize=1024%2C768&amp;ssl=1 1024w, https:\/\/i0.wp.com\/idnu.ch\/wordpress\/wp-content\/uploads\/2016\/08\/reusstour_0011.jpg?resize=720%2C540&amp;ssl=1 720w, https:\/\/i0.wp.com\/idnu.ch\/wordpress\/wp-content\/uploads\/2016\/08\/reusstour_0011.jpg?resize=133%2C100&amp;ssl=1 133w\" width=\"246\" height=\"184\" loading=\"lazy\" data-original-width=\"246\" data-original-height=\"184\" itemprop=\"http:\/\/schema.org\/image\" title=\"Jetzt geht es aber aufw\u00e4rts\" alt=\"Jetzt geht es aber aufw\u00e4rts\" style=\"width: 246px; height: 184px;\" \/> <\/a> <div class=\"tiled-gallery-caption\" itemprop=\"caption description\"> Jetzt geht es aber aufw\u00e4rts <\/div> <\/div> <\/div> <!-- close group --> <div class=\"gallery-group images-1\" style=\"width: 500px; height: 376px;\" data-original-width=\"500\" data-original-height=\"376\" > <div class=\"tiled-gallery-item tiled-gallery-item-large\" itemprop=\"associatedMedia\" itemscope itemtype=\"http:\/\/schema.org\/ImageObject\"> <a href=\"https:\/\/idnu.ch\/wordpress\/reusstour_0012\/\" border=\"0\" itemprop=\"url\"> <meta itemprop=\"width\" content=\"496\"> <meta itemprop=\"height\" content=\"372\"> <img decoding=\"async\" class=\"\" data-attachment-id=\"5255\" data-orig-file=\"https:\/\/idnu.ch\/wordpress\/wp-content\/uploads\/2016\/08\/reusstour_0012.jpg\" data-orig-size=\"1400,1050\" data-comments-opened=\"1\" data-image-meta=\"{&quot;aperture&quot;:&quot;0&quot;,&quot;credit&quot;:&quot;&quot;,&quot;camera&quot;:&quot;&quot;,&quot;caption&quot;:&quot;&quot;,&quot;created_timestamp&quot;:&quot;0&quot;,&quot;copyright&quot;:&quot;&quot;,&quot;focal_length&quot;:&quot;0&quot;,&quot;iso&quot;:&quot;0&quot;,&quot;shutter_speed&quot;:&quot;0&quot;,&quot;title&quot;:&quot;&quot;,&quot;orientation&quot;:&quot;0&quot;}\" data-image-title=\"Verkehrsknotenpunkt Meisterswil\" data-image-description=\"\" data-medium-file=\"https:\/\/i0.wp.com\/idnu.ch\/wordpress\/wp-content\/uploads\/2016\/08\/reusstour_0012.jpg?fit=300%2C225&#038;ssl=1\" data-large-file=\"https:\/\/i0.wp.com\/idnu.ch\/wordpress\/wp-content\/uploads\/2016\/08\/reusstour_0012.jpg?fit=750%2C563&#038;ssl=1\" src=\"https:\/\/i0.wp.com\/idnu.ch\/wordpress\/wp-content\/uploads\/2016\/08\/reusstour_0012.jpg?w=496&#038;h=372&#038;ssl=1\" srcset=\"https:\/\/i0.wp.com\/idnu.ch\/wordpress\/wp-content\/uploads\/2016\/08\/reusstour_0012.jpg?w=1400&amp;ssl=1 1400w, https:\/\/i0.wp.com\/idnu.ch\/wordpress\/wp-content\/uploads\/2016\/08\/reusstour_0012.jpg?resize=300%2C225&amp;ssl=1 300w, https:\/\/i0.wp.com\/idnu.ch\/wordpress\/wp-content\/uploads\/2016\/08\/reusstour_0012.jpg?resize=768%2C576&amp;ssl=1 768w, https:\/\/i0.wp.com\/idnu.ch\/wordpress\/wp-content\/uploads\/2016\/08\/reusstour_0012.jpg?resize=1024%2C768&amp;ssl=1 1024w, https:\/\/i0.wp.com\/idnu.ch\/wordpress\/wp-content\/uploads\/2016\/08\/reusstour_0012.jpg?resize=720%2C540&amp;ssl=1 720w, https:\/\/i0.wp.com\/idnu.ch\/wordpress\/wp-content\/uploads\/2016\/08\/reusstour_0012.jpg?resize=133%2C100&amp;ssl=1 133w\" width=\"496\" height=\"372\" loading=\"lazy\" data-original-width=\"496\" data-original-height=\"372\" itemprop=\"http:\/\/schema.org\/image\" title=\"Verkehrsknotenpunkt Meisterswil\" alt=\"Verkehrsknotenpunkt Meisterswil\" style=\"width: 496px; height: 372px;\" \/> <\/a> <div class=\"tiled-gallery-caption\" itemprop=\"caption description\"> Verkehrsknotenpunkt Meisterswil <\/div> <\/div> <\/div> <!-- close group --> <\/div> <!-- close row --> <div class=\"gallery-row\" style=\"width: 750px; height: 282px;\" data-original-width=\"750\" data-original-height=\"282\" > <div class=\"gallery-group images-1\" style=\"width: 375px; height: 282px;\" data-original-width=\"375\" data-original-height=\"282\" > <div class=\"tiled-gallery-item tiled-gallery-item-large\" itemprop=\"associatedMedia\" itemscope itemtype=\"http:\/\/schema.org\/ImageObject\"> <a href=\"https:\/\/idnu.ch\/wordpress\/reusstour_0013\/\" border=\"0\" itemprop=\"url\"> <meta itemprop=\"width\" content=\"371\"> <meta itemprop=\"height\" content=\"278\"> <img decoding=\"async\" class=\"\" data-attachment-id=\"5256\" data-orig-file=\"https:\/\/idnu.ch\/wordpress\/wp-content\/uploads\/2016\/08\/reusstour_0013.jpg\" data-orig-size=\"1400,1050\" data-comments-opened=\"1\" data-image-meta=\"{&quot;aperture&quot;:&quot;0&quot;,&quot;credit&quot;:&quot;&quot;,&quot;camera&quot;:&quot;&quot;,&quot;caption&quot;:&quot;&quot;,&quot;created_timestamp&quot;:&quot;0&quot;,&quot;copyright&quot;:&quot;&quot;,&quot;focal_length&quot;:&quot;0&quot;,&quot;iso&quot;:&quot;0&quot;,&quot;shutter_speed&quot;:&quot;0&quot;,&quot;title&quot;:&quot;&quot;,&quot;orientation&quot;:&quot;0&quot;}\" data-image-title=\"In der Besenbeiz\" data-image-description=\"\" data-medium-file=\"https:\/\/i0.wp.com\/idnu.ch\/wordpress\/wp-content\/uploads\/2016\/08\/reusstour_0013.jpg?fit=300%2C225&#038;ssl=1\" data-large-file=\"https:\/\/i0.wp.com\/idnu.ch\/wordpress\/wp-content\/uploads\/2016\/08\/reusstour_0013.jpg?fit=750%2C563&#038;ssl=1\" src=\"https:\/\/i0.wp.com\/idnu.ch\/wordpress\/wp-content\/uploads\/2016\/08\/reusstour_0013.jpg?w=371&#038;h=278&#038;ssl=1\" srcset=\"https:\/\/i0.wp.com\/idnu.ch\/wordpress\/wp-content\/uploads\/2016\/08\/reusstour_0013.jpg?w=1400&amp;ssl=1 1400w, https:\/\/i0.wp.com\/idnu.ch\/wordpress\/wp-content\/uploads\/2016\/08\/reusstour_0013.jpg?resize=300%2C225&amp;ssl=1 300w, https:\/\/i0.wp.com\/idnu.ch\/wordpress\/wp-content\/uploads\/2016\/08\/reusstour_0013.jpg?resize=768%2C576&amp;ssl=1 768w, https:\/\/i0.wp.com\/idnu.ch\/wordpress\/wp-content\/uploads\/2016\/08\/reusstour_0013.jpg?resize=1024%2C768&amp;ssl=1 1024w, https:\/\/i0.wp.com\/idnu.ch\/wordpress\/wp-content\/uploads\/2016\/08\/reusstour_0013.jpg?resize=720%2C540&amp;ssl=1 720w, https:\/\/i0.wp.com\/idnu.ch\/wordpress\/wp-content\/uploads\/2016\/08\/reusstour_0013.jpg?resize=133%2C100&amp;ssl=1 133w\" width=\"371\" height=\"278\" loading=\"lazy\" data-original-width=\"371\" data-original-height=\"278\" itemprop=\"http:\/\/schema.org\/image\" title=\"In der Besenbeiz\" alt=\"In der Besenbeiz\" style=\"width: 371px; height: 278px;\" \/> <\/a> <div class=\"tiled-gallery-caption\" itemprop=\"caption description\"> In der Besenbeiz <\/div> <\/div> <\/div> <!-- close group --> <div class=\"gallery-group images-1\" style=\"width: 375px; height: 282px;\" data-original-width=\"375\" data-original-height=\"282\" > <div class=\"tiled-gallery-item tiled-gallery-item-large\" itemprop=\"associatedMedia\" itemscope itemtype=\"http:\/\/schema.org\/ImageObject\"> <a href=\"https:\/\/idnu.ch\/wordpress\/reusstour_0014\/\" border=\"0\" itemprop=\"url\"> <meta itemprop=\"width\" content=\"371\"> <meta itemprop=\"height\" content=\"278\"> <img decoding=\"async\" class=\"\" data-attachment-id=\"5257\" data-orig-file=\"https:\/\/idnu.ch\/wordpress\/wp-content\/uploads\/2016\/08\/reusstour_0014.jpg\" data-orig-size=\"1400,1050\" data-comments-opened=\"1\" data-image-meta=\"{&quot;aperture&quot;:&quot;0&quot;,&quot;credit&quot;:&quot;&quot;,&quot;camera&quot;:&quot;&quot;,&quot;caption&quot;:&quot;&quot;,&quot;created_timestamp&quot;:&quot;0&quot;,&quot;copyright&quot;:&quot;&quot;,&quot;focal_length&quot;:&quot;0&quot;,&quot;iso&quot;:&quot;0&quot;,&quot;shutter_speed&quot;:&quot;0&quot;,&quot;title&quot;:&quot;&quot;,&quot;orientation&quot;:&quot;0&quot;}\" data-image-title=\"Kapelle bei Meisterswil\" data-image-description=\"\" data-medium-file=\"https:\/\/i0.wp.com\/idnu.ch\/wordpress\/wp-content\/uploads\/2016\/08\/reusstour_0014.jpg?fit=300%2C225&#038;ssl=1\" data-large-file=\"https:\/\/i0.wp.com\/idnu.ch\/wordpress\/wp-content\/uploads\/2016\/08\/reusstour_0014.jpg?fit=750%2C563&#038;ssl=1\" src=\"https:\/\/i0.wp.com\/idnu.ch\/wordpress\/wp-content\/uploads\/2016\/08\/reusstour_0014.jpg?w=371&#038;h=278&#038;ssl=1\" srcset=\"https:\/\/i0.wp.com\/idnu.ch\/wordpress\/wp-content\/uploads\/2016\/08\/reusstour_0014.jpg?w=1400&amp;ssl=1 1400w, https:\/\/i0.wp.com\/idnu.ch\/wordpress\/wp-content\/uploads\/2016\/08\/reusstour_0014.jpg?resize=300%2C225&amp;ssl=1 300w, https:\/\/i0.wp.com\/idnu.ch\/wordpress\/wp-content\/uploads\/2016\/08\/reusstour_0014.jpg?resize=768%2C576&amp;ssl=1 768w, https:\/\/i0.wp.com\/idnu.ch\/wordpress\/wp-content\/uploads\/2016\/08\/reusstour_0014.jpg?resize=1024%2C768&amp;ssl=1 1024w, https:\/\/i0.wp.com\/idnu.ch\/wordpress\/wp-content\/uploads\/2016\/08\/reusstour_0014.jpg?resize=720%2C540&amp;ssl=1 720w, https:\/\/i0.wp.com\/idnu.ch\/wordpress\/wp-content\/uploads\/2016\/08\/reusstour_0014.jpg?resize=133%2C100&amp;ssl=1 133w\" width=\"371\" height=\"278\" loading=\"lazy\" data-original-width=\"371\" data-original-height=\"278\" itemprop=\"http:\/\/schema.org\/image\" title=\"Kapelle bei Meisterswil\" alt=\"Kapelle bei Meisterswil\" style=\"width: 371px; height: 278px;\" \/> <\/a> <div class=\"tiled-gallery-caption\" itemprop=\"caption description\"> Kapelle bei Meisterswil <\/div> <\/div> <\/div> <!-- close group --> <\/div> <!-- close row --> <\/div>\n<h2>St\u00f6rche am Wegesrand<\/h2>\n<p>Wir setzen unsere Fahrt fort, da fallen doch tats\u00e4chlich Tropfen vom Himmel! Das ist aber schnell vorbei, wir fahren hinunter in die Ebene unterhalb H\u00fcnenberg. Nun w\u00fcrde der Radweg der Hauptstrasse entlang f\u00fchren, was ich nicht so idyllisch finde. Ich habe deshalb einen anderen Weg eingeschlagen, wir fahren \u00fcber Felder und durch W\u00e4lder, abseits jeglichen Verkehrs. Erst bei Felderen treffen wir wieder auf den Weg der Route 77 &#8222;Rigi-Reuss-Klettgau&#8220;, die nun auch abseits des Verkehrs verl\u00e4uft. Auf einem Feld steht ein Trupp St\u00f6rche, die sich wohl bereit machen f\u00fcr den Zug in den S\u00fcden. Oder einfach nur gemeinsam Gefiederpflege betreiben.<\/p>\n<p>Weiter geht die Fahrt durch b\u00e4uerliche Landschaften, immer ebenaus. Erst bei B\u00fctzen treffen wir wieder auf eine Strasse, der wir nun bis Maschwanden folgen m\u00fcssen, wo uns ein leichter Schauer empf\u00e4ngt. Dort erwartet uns der zweite steile Aufstieg der Tour. Eigentlich will ich anschliessend hinunter fahren zum Lorzespitz, wo die Lorze in die Reuss m\u00fcndet. Aber der Weg dorthin ist mit einem &#8222;sch\u00f6nen&#8220;, grossen Fahrverbot belegt. Pfff, m\u00fcssen wir halt hoch zur Strasse.<\/p>\n<h2>Regen in der Innerschweiz<\/h2>\n<p>In der Ferne, in der Innerschweiz, regnet es sichtlich, bald darauf auch bei uns,\u00a0schon wieder. Daf\u00fcr dass die Regenwahrscheinlichkeit f\u00fcnf\u00a0Prozent betragen soll, regnet es also schon ziemlich h\u00e4ufig. In rasanter Fahrt erreichen wir Obfelden und \u00fcberqueren dort die Reuss und fahren weiter dem Fluss entlang, kommen an Neuland vorbei (das heisst so, hat nichts mit dem Internet zu tun) und legen nach Ottenbach mal eine Pause ein. Diese brechen wir unvermittelt ab, als es schon wieder zu regnen beginnt. Das sind also schon deutlich \u00fcber f\u00fcnf Prozent, liebes SRF Meteo!<\/p>\n<div class=\"tiled-gallery type-rectangular tiled-gallery-unresized\" data-original-width=\"750\" data-carousel-extra='{&quot;blog_id&quot;:1,&quot;permalink&quot;:&quot;https:\\\/\\\/idnu.ch\\\/wordpress\\\/velotour-der-reuss-entlang\\\/&quot;,&quot;likes_blog_id&quot;:100184974}' itemscope itemtype=\"http:\/\/schema.org\/ImageGallery\" > <div class=\"gallery-row\" style=\"width: 750px; height: 376px;\" data-original-width=\"750\" data-original-height=\"376\" > <div class=\"gallery-group images-1\" style=\"width: 500px; height: 376px;\" data-original-width=\"500\" data-original-height=\"376\" > <div class=\"tiled-gallery-item tiled-gallery-item-large\" itemprop=\"associatedMedia\" itemscope itemtype=\"http:\/\/schema.org\/ImageObject\"> <a href=\"https:\/\/idnu.ch\/wordpress\/reusstour_0015\/\" border=\"0\" itemprop=\"url\"> <meta itemprop=\"width\" content=\"496\"> <meta itemprop=\"height\" content=\"372\"> <img decoding=\"async\" class=\"\" data-attachment-id=\"5258\" data-orig-file=\"https:\/\/idnu.ch\/wordpress\/wp-content\/uploads\/2016\/08\/reusstour_0015.jpg\" data-orig-size=\"1400,1050\" data-comments-opened=\"1\" data-image-meta=\"{&quot;aperture&quot;:&quot;0&quot;,&quot;credit&quot;:&quot;&quot;,&quot;camera&quot;:&quot;&quot;,&quot;caption&quot;:&quot;&quot;,&quot;created_timestamp&quot;:&quot;0&quot;,&quot;copyright&quot;:&quot;&quot;,&quot;focal_length&quot;:&quot;0&quot;,&quot;iso&quot;:&quot;0&quot;,&quot;shutter_speed&quot;:&quot;0&quot;,&quot;title&quot;:&quot;&quot;,&quot;orientation&quot;:&quot;0&quot;}\" data-image-title=\"Flach geht es weiter\" data-image-description=\"\" data-medium-file=\"https:\/\/i0.wp.com\/idnu.ch\/wordpress\/wp-content\/uploads\/2016\/08\/reusstour_0015.jpg?fit=300%2C225&#038;ssl=1\" data-large-file=\"https:\/\/i0.wp.com\/idnu.ch\/wordpress\/wp-content\/uploads\/2016\/08\/reusstour_0015.jpg?fit=750%2C563&#038;ssl=1\" src=\"https:\/\/i0.wp.com\/idnu.ch\/wordpress\/wp-content\/uploads\/2016\/08\/reusstour_0015.jpg?w=496&#038;h=372&#038;ssl=1\" srcset=\"https:\/\/i0.wp.com\/idnu.ch\/wordpress\/wp-content\/uploads\/2016\/08\/reusstour_0015.jpg?w=1400&amp;ssl=1 1400w, https:\/\/i0.wp.com\/idnu.ch\/wordpress\/wp-content\/uploads\/2016\/08\/reusstour_0015.jpg?resize=300%2C225&amp;ssl=1 300w, https:\/\/i0.wp.com\/idnu.ch\/wordpress\/wp-content\/uploads\/2016\/08\/reusstour_0015.jpg?resize=768%2C576&amp;ssl=1 768w, https:\/\/i0.wp.com\/idnu.ch\/wordpress\/wp-content\/uploads\/2016\/08\/reusstour_0015.jpg?resize=1024%2C768&amp;ssl=1 1024w, https:\/\/i0.wp.com\/idnu.ch\/wordpress\/wp-content\/uploads\/2016\/08\/reusstour_0015.jpg?resize=720%2C540&amp;ssl=1 720w, https:\/\/i0.wp.com\/idnu.ch\/wordpress\/wp-content\/uploads\/2016\/08\/reusstour_0015.jpg?resize=133%2C100&amp;ssl=1 133w\" width=\"496\" height=\"372\" loading=\"lazy\" data-original-width=\"496\" data-original-height=\"372\" itemprop=\"http:\/\/schema.org\/image\" title=\"Flach geht es weiter\" alt=\"Flach geht es weiter\" style=\"width: 496px; height: 372px;\" \/> <\/a> <div class=\"tiled-gallery-caption\" itemprop=\"caption description\"> Flach geht es weiter <\/div> <\/div> <\/div> <!-- close group --> <div class=\"gallery-group images-2\" style=\"width: 250px; height: 376px;\" data-original-width=\"250\" data-original-height=\"376\" > <div class=\"tiled-gallery-item tiled-gallery-item-small\" itemprop=\"associatedMedia\" itemscope itemtype=\"http:\/\/schema.org\/ImageObject\"> <a href=\"https:\/\/idnu.ch\/wordpress\/reusstour_0016\/\" border=\"0\" itemprop=\"url\"> <meta itemprop=\"width\" content=\"246\"> <meta itemprop=\"height\" content=\"184\"> <img decoding=\"async\" class=\"\" data-attachment-id=\"5259\" data-orig-file=\"https:\/\/idnu.ch\/wordpress\/wp-content\/uploads\/2016\/08\/reusstour_0016.jpg\" data-orig-size=\"1400,1050\" data-comments-opened=\"1\" data-image-meta=\"{&quot;aperture&quot;:&quot;0&quot;,&quot;credit&quot;:&quot;&quot;,&quot;camera&quot;:&quot;&quot;,&quot;caption&quot;:&quot;&quot;,&quot;created_timestamp&quot;:&quot;0&quot;,&quot;copyright&quot;:&quot;&quot;,&quot;focal_length&quot;:&quot;0&quot;,&quot;iso&quot;:&quot;0&quot;,&quot;shutter_speed&quot;:&quot;0&quot;,&quot;title&quot;:&quot;&quot;,&quot;orientation&quot;:&quot;0&quot;}\" data-image-title=\"Dunkle Wolken h\u00e4ngen \u00fcber dem Reusstal\" data-image-description=\"\" data-medium-file=\"https:\/\/i0.wp.com\/idnu.ch\/wordpress\/wp-content\/uploads\/2016\/08\/reusstour_0016.jpg?fit=300%2C225&#038;ssl=1\" data-large-file=\"https:\/\/i0.wp.com\/idnu.ch\/wordpress\/wp-content\/uploads\/2016\/08\/reusstour_0016.jpg?fit=750%2C563&#038;ssl=1\" src=\"https:\/\/i0.wp.com\/idnu.ch\/wordpress\/wp-content\/uploads\/2016\/08\/reusstour_0016.jpg?w=246&#038;h=184&#038;ssl=1\" srcset=\"https:\/\/i0.wp.com\/idnu.ch\/wordpress\/wp-content\/uploads\/2016\/08\/reusstour_0016.jpg?w=1400&amp;ssl=1 1400w, https:\/\/i0.wp.com\/idnu.ch\/wordpress\/wp-content\/uploads\/2016\/08\/reusstour_0016.jpg?resize=300%2C225&amp;ssl=1 300w, https:\/\/i0.wp.com\/idnu.ch\/wordpress\/wp-content\/uploads\/2016\/08\/reusstour_0016.jpg?resize=768%2C576&amp;ssl=1 768w, https:\/\/i0.wp.com\/idnu.ch\/wordpress\/wp-content\/uploads\/2016\/08\/reusstour_0016.jpg?resize=1024%2C768&amp;ssl=1 1024w, https:\/\/i0.wp.com\/idnu.ch\/wordpress\/wp-content\/uploads\/2016\/08\/reusstour_0016.jpg?resize=720%2C540&amp;ssl=1 720w, https:\/\/i0.wp.com\/idnu.ch\/wordpress\/wp-content\/uploads\/2016\/08\/reusstour_0016.jpg?resize=133%2C100&amp;ssl=1 133w\" width=\"246\" height=\"184\" loading=\"lazy\" data-original-width=\"246\" data-original-height=\"184\" itemprop=\"http:\/\/schema.org\/image\" title=\"Dunkle Wolken h\u00e4ngen \u00fcber dem Reusstal\" alt=\"Dunkle Wolken h\u00e4ngen \u00fcber dem Reusstal\" style=\"width: 246px; height: 184px;\" \/> <\/a> <div class=\"tiled-gallery-caption\" itemprop=\"caption description\"> Dunkle Wolken h\u00e4ngen \u00fcber dem Reusstal <\/div> <\/div> <div class=\"tiled-gallery-item tiled-gallery-item-small\" itemprop=\"associatedMedia\" itemscope itemtype=\"http:\/\/schema.org\/ImageObject\"> <a href=\"https:\/\/idnu.ch\/wordpress\/ab-aufs-velo\/reusstour_0017\/#main\" border=\"0\" itemprop=\"url\"> <meta itemprop=\"width\" content=\"246\"> <meta itemprop=\"height\" content=\"184\"> <img decoding=\"async\" class=\"\" data-attachment-id=\"5260\" data-orig-file=\"https:\/\/idnu.ch\/wordpress\/wp-content\/uploads\/2016\/08\/reusstour_0017.jpg\" data-orig-size=\"1400,1050\" data-comments-opened=\"1\" data-image-meta=\"{&quot;aperture&quot;:&quot;0&quot;,&quot;credit&quot;:&quot;&quot;,&quot;camera&quot;:&quot;&quot;,&quot;caption&quot;:&quot;&quot;,&quot;created_timestamp&quot;:&quot;0&quot;,&quot;copyright&quot;:&quot;&quot;,&quot;focal_length&quot;:&quot;0&quot;,&quot;iso&quot;:&quot;0&quot;,&quot;shutter_speed&quot;:&quot;0&quot;,&quot;title&quot;:&quot;&quot;,&quot;orientation&quot;:&quot;0&quot;}\" data-image-title=\"Ebenaus durch Apfelplantagen\" data-image-description=\"\" data-medium-file=\"https:\/\/i0.wp.com\/idnu.ch\/wordpress\/wp-content\/uploads\/2016\/08\/reusstour_0017.jpg?fit=300%2C225&#038;ssl=1\" data-large-file=\"https:\/\/i0.wp.com\/idnu.ch\/wordpress\/wp-content\/uploads\/2016\/08\/reusstour_0017.jpg?fit=750%2C563&#038;ssl=1\" src=\"https:\/\/i0.wp.com\/idnu.ch\/wordpress\/wp-content\/uploads\/2016\/08\/reusstour_0017.jpg?w=246&#038;h=184&#038;ssl=1\" srcset=\"https:\/\/i0.wp.com\/idnu.ch\/wordpress\/wp-content\/uploads\/2016\/08\/reusstour_0017.jpg?w=1400&amp;ssl=1 1400w, https:\/\/i0.wp.com\/idnu.ch\/wordpress\/wp-content\/uploads\/2016\/08\/reusstour_0017.jpg?resize=300%2C225&amp;ssl=1 300w, https:\/\/i0.wp.com\/idnu.ch\/wordpress\/wp-content\/uploads\/2016\/08\/reusstour_0017.jpg?resize=768%2C576&amp;ssl=1 768w, https:\/\/i0.wp.com\/idnu.ch\/wordpress\/wp-content\/uploads\/2016\/08\/reusstour_0017.jpg?resize=1024%2C768&amp;ssl=1 1024w, https:\/\/i0.wp.com\/idnu.ch\/wordpress\/wp-content\/uploads\/2016\/08\/reusstour_0017.jpg?resize=720%2C540&amp;ssl=1 720w, https:\/\/i0.wp.com\/idnu.ch\/wordpress\/wp-content\/uploads\/2016\/08\/reusstour_0017.jpg?resize=133%2C100&amp;ssl=1 133w\" width=\"246\" height=\"184\" loading=\"lazy\" data-original-width=\"246\" data-original-height=\"184\" itemprop=\"http:\/\/schema.org\/image\" title=\"Ebenaus durch Apfelplantagen\" alt=\"Ebenaus durch Apfelplantagen\" style=\"width: 246px; height: 184px;\" \/> <\/a> <div class=\"tiled-gallery-caption\" itemprop=\"caption description\"> Ebenaus durch Apfelplantagen <\/div> <\/div> <\/div> <!-- close group --> <\/div> <!-- close row --> <div class=\"gallery-row\" style=\"width: 750px; height: 176px;\" data-original-width=\"750\" data-original-height=\"176\" > <div class=\"gallery-group images-1\" style=\"width: 517px; height: 176px;\" data-original-width=\"517\" data-original-height=\"176\" > <div class=\"tiled-gallery-item tiled-gallery-item-large\" itemprop=\"associatedMedia\" itemscope itemtype=\"http:\/\/schema.org\/ImageObject\"> <a href=\"https:\/\/idnu.ch\/wordpress\/reusstour_0019\/\" border=\"0\" itemprop=\"url\"> <meta itemprop=\"width\" content=\"513\"> <meta itemprop=\"height\" content=\"172\"> <img decoding=\"async\" class=\"\" data-attachment-id=\"5261\" data-orig-file=\"https:\/\/idnu.ch\/wordpress\/wp-content\/uploads\/2016\/08\/reusstour_0019.jpg\" data-orig-size=\"1400,468\" data-comments-opened=\"1\" data-image-meta=\"{&quot;aperture&quot;:&quot;0&quot;,&quot;credit&quot;:&quot;&quot;,&quot;camera&quot;:&quot;&quot;,&quot;caption&quot;:&quot;&quot;,&quot;created_timestamp&quot;:&quot;0&quot;,&quot;copyright&quot;:&quot;&quot;,&quot;focal_length&quot;:&quot;0&quot;,&quot;iso&quot;:&quot;0&quot;,&quot;shutter_speed&quot;:&quot;0&quot;,&quot;title&quot;:&quot;&quot;,&quot;orientation&quot;:&quot;0&quot;}\" data-image-title=\"St\u00f6rche\" data-image-description=\"\" data-medium-file=\"https:\/\/i0.wp.com\/idnu.ch\/wordpress\/wp-content\/uploads\/2016\/08\/reusstour_0019.jpg?fit=300%2C100&#038;ssl=1\" data-large-file=\"https:\/\/i0.wp.com\/idnu.ch\/wordpress\/wp-content\/uploads\/2016\/08\/reusstour_0019.jpg?fit=750%2C250&#038;ssl=1\" src=\"https:\/\/i0.wp.com\/idnu.ch\/wordpress\/wp-content\/uploads\/2016\/08\/reusstour_0019.jpg?w=513&#038;h=172&#038;ssl=1\" srcset=\"https:\/\/i0.wp.com\/idnu.ch\/wordpress\/wp-content\/uploads\/2016\/08\/reusstour_0019.jpg?w=1400&amp;ssl=1 1400w, https:\/\/i0.wp.com\/idnu.ch\/wordpress\/wp-content\/uploads\/2016\/08\/reusstour_0019.jpg?resize=300%2C100&amp;ssl=1 300w, https:\/\/i0.wp.com\/idnu.ch\/wordpress\/wp-content\/uploads\/2016\/08\/reusstour_0019.jpg?resize=768%2C257&amp;ssl=1 768w, https:\/\/i0.wp.com\/idnu.ch\/wordpress\/wp-content\/uploads\/2016\/08\/reusstour_0019.jpg?resize=1024%2C342&amp;ssl=1 1024w, https:\/\/i0.wp.com\/idnu.ch\/wordpress\/wp-content\/uploads\/2016\/08\/reusstour_0019.jpg?resize=299%2C100&amp;ssl=1 299w\" width=\"513\" height=\"172\" loading=\"lazy\" data-original-width=\"513\" data-original-height=\"172\" itemprop=\"http:\/\/schema.org\/image\" title=\"St\u00f6rche\" alt=\"St\u00f6rche\" style=\"width: 513px; height: 172px;\" \/> <\/a> <div class=\"tiled-gallery-caption\" itemprop=\"caption description\"> St\u00f6rche <\/div> <\/div> <\/div> <!-- close group --> <div class=\"gallery-group images-1\" style=\"width: 233px; height: 176px;\" data-original-width=\"233\" data-original-height=\"176\" > <div class=\"tiled-gallery-item tiled-gallery-item-small\" itemprop=\"associatedMedia\" itemscope itemtype=\"http:\/\/schema.org\/ImageObject\"> <a href=\"https:\/\/idnu.ch\/wordpress\/reusstour_0020\/\" border=\"0\" itemprop=\"url\"> <meta itemprop=\"width\" content=\"229\"> <meta itemprop=\"height\" content=\"172\"> <img decoding=\"async\" class=\"\" data-attachment-id=\"5262\" data-orig-file=\"https:\/\/idnu.ch\/wordpress\/wp-content\/uploads\/2016\/08\/reusstour_0020.jpg\" data-orig-size=\"1400,1050\" data-comments-opened=\"1\" data-image-meta=\"{&quot;aperture&quot;:&quot;0&quot;,&quot;credit&quot;:&quot;&quot;,&quot;camera&quot;:&quot;&quot;,&quot;caption&quot;:&quot;&quot;,&quot;created_timestamp&quot;:&quot;0&quot;,&quot;copyright&quot;:&quot;&quot;,&quot;focal_length&quot;:&quot;0&quot;,&quot;iso&quot;:&quot;0&quot;,&quot;shutter_speed&quot;:&quot;0&quot;,&quot;title&quot;:&quot;&quot;,&quot;orientation&quot;:&quot;0&quot;}\" data-image-title=\"Es ist immer noch flach\" data-image-description=\"\" data-medium-file=\"https:\/\/i0.wp.com\/idnu.ch\/wordpress\/wp-content\/uploads\/2016\/08\/reusstour_0020.jpg?fit=300%2C225&#038;ssl=1\" data-large-file=\"https:\/\/i0.wp.com\/idnu.ch\/wordpress\/wp-content\/uploads\/2016\/08\/reusstour_0020.jpg?fit=750%2C563&#038;ssl=1\" src=\"https:\/\/i0.wp.com\/idnu.ch\/wordpress\/wp-content\/uploads\/2016\/08\/reusstour_0020.jpg?w=229&#038;h=172&#038;ssl=1\" srcset=\"https:\/\/i0.wp.com\/idnu.ch\/wordpress\/wp-content\/uploads\/2016\/08\/reusstour_0020.jpg?w=1400&amp;ssl=1 1400w, https:\/\/i0.wp.com\/idnu.ch\/wordpress\/wp-content\/uploads\/2016\/08\/reusstour_0020.jpg?resize=300%2C225&amp;ssl=1 300w, https:\/\/i0.wp.com\/idnu.ch\/wordpress\/wp-content\/uploads\/2016\/08\/reusstour_0020.jpg?resize=768%2C576&amp;ssl=1 768w, https:\/\/i0.wp.com\/idnu.ch\/wordpress\/wp-content\/uploads\/2016\/08\/reusstour_0020.jpg?resize=1024%2C768&amp;ssl=1 1024w, https:\/\/i0.wp.com\/idnu.ch\/wordpress\/wp-content\/uploads\/2016\/08\/reusstour_0020.jpg?resize=720%2C540&amp;ssl=1 720w, https:\/\/i0.wp.com\/idnu.ch\/wordpress\/wp-content\/uploads\/2016\/08\/reusstour_0020.jpg?resize=133%2C100&amp;ssl=1 133w\" width=\"229\" height=\"172\" loading=\"lazy\" data-original-width=\"229\" data-original-height=\"172\" itemprop=\"http:\/\/schema.org\/image\" title=\"Es ist immer noch flach\" alt=\"Es ist immer noch flach\" style=\"width: 229px; height: 172px;\" \/> <\/a> <div class=\"tiled-gallery-caption\" itemprop=\"caption description\"> Es ist immer noch flach <\/div> <\/div> <\/div> <!-- close group --> <\/div> <!-- close row --> <\/div>\n<h2>Einer mehr<\/h2>\n<p>Unser n\u00e4chstes Ziel ist die Werdbr\u00fccke beim gleichnamigen Weiler. Dort haben wir abgemacht mit jemandem, den wir gar (noch) nicht kennen. <a href=\"https:\/\/twitter.com\/michaelriner\" target=\"_blank\" rel=\"noopener noreferrer\">Michael<\/a>, ein Twitterer, hat sich tags zuvor spontan gemeldet, ob er auch ein St\u00fcck mitfahren k\u00f6nne. Nat\u00fcrlich kann er! Man bekommt in den Sozialen Medien ein Gesp\u00fcr daf\u00fcr, wer ungef\u00e4hr die gleiche Wellenl\u00e4nge hat und wer nicht. Und bei Michael war ich mir sicher, das passt. Punkt eins sind wir an der Br\u00fccke, er wartet schon. Und mit ihm die Sonne, die uns fortan begleitet. Gemeinsam fahren wir weiter nach Rottenschwil und Hermetschwil und nach Bremgarten, dem sch\u00f6nen Mittelalterst\u00e4dtchen der Habsburger. Eine ideale Gelegenheit f\u00fcr eine Pause und um zu plaudern.<\/p>\n<div class=\"tiled-gallery type-rectangular tiled-gallery-unresized\" data-original-width=\"750\" data-carousel-extra='{&quot;blog_id&quot;:1,&quot;permalink&quot;:&quot;https:\\\/\\\/idnu.ch\\\/wordpress\\\/velotour-der-reuss-entlang\\\/&quot;,&quot;likes_blog_id&quot;:100184974}' itemscope itemtype=\"http:\/\/schema.org\/ImageGallery\" > <div class=\"gallery-row\" style=\"width: 750px; height: 376px;\" data-original-width=\"750\" data-original-height=\"376\" > <div class=\"gallery-group images-1\" style=\"width: 500px; height: 376px;\" data-original-width=\"500\" data-original-height=\"376\" > <div class=\"tiled-gallery-item tiled-gallery-item-large\" itemprop=\"associatedMedia\" itemscope itemtype=\"http:\/\/schema.org\/ImageObject\"> <a href=\"https:\/\/idnu.ch\/wordpress\/reusstour_0023\/\" border=\"0\" itemprop=\"url\"> <meta itemprop=\"width\" content=\"496\"> <meta itemprop=\"height\" content=\"372\"> <img decoding=\"async\" class=\"\" data-attachment-id=\"5263\" data-orig-file=\"https:\/\/idnu.ch\/wordpress\/wp-content\/uploads\/2016\/08\/reusstour_0023.jpg\" data-orig-size=\"1400,1050\" data-comments-opened=\"1\" data-image-meta=\"{&quot;aperture&quot;:&quot;0&quot;,&quot;credit&quot;:&quot;&quot;,&quot;camera&quot;:&quot;&quot;,&quot;caption&quot;:&quot;&quot;,&quot;created_timestamp&quot;:&quot;0&quot;,&quot;copyright&quot;:&quot;&quot;,&quot;focal_length&quot;:&quot;0&quot;,&quot;iso&quot;:&quot;0&quot;,&quot;shutter_speed&quot;:&quot;0&quot;,&quot;title&quot;:&quot;&quot;,&quot;orientation&quot;:&quot;0&quot;}\" data-image-title=\"In Bremgarten\" data-image-description=\"\" data-medium-file=\"https:\/\/i0.wp.com\/idnu.ch\/wordpress\/wp-content\/uploads\/2016\/08\/reusstour_0023.jpg?fit=300%2C225&#038;ssl=1\" data-large-file=\"https:\/\/i0.wp.com\/idnu.ch\/wordpress\/wp-content\/uploads\/2016\/08\/reusstour_0023.jpg?fit=750%2C563&#038;ssl=1\" src=\"https:\/\/i0.wp.com\/idnu.ch\/wordpress\/wp-content\/uploads\/2016\/08\/reusstour_0023.jpg?w=496&#038;h=372&#038;ssl=1\" srcset=\"https:\/\/i0.wp.com\/idnu.ch\/wordpress\/wp-content\/uploads\/2016\/08\/reusstour_0023.jpg?w=1400&amp;ssl=1 1400w, https:\/\/i0.wp.com\/idnu.ch\/wordpress\/wp-content\/uploads\/2016\/08\/reusstour_0023.jpg?resize=300%2C225&amp;ssl=1 300w, https:\/\/i0.wp.com\/idnu.ch\/wordpress\/wp-content\/uploads\/2016\/08\/reusstour_0023.jpg?resize=768%2C576&amp;ssl=1 768w, https:\/\/i0.wp.com\/idnu.ch\/wordpress\/wp-content\/uploads\/2016\/08\/reusstour_0023.jpg?resize=1024%2C768&amp;ssl=1 1024w, https:\/\/i0.wp.com\/idnu.ch\/wordpress\/wp-content\/uploads\/2016\/08\/reusstour_0023.jpg?resize=720%2C540&amp;ssl=1 720w, https:\/\/i0.wp.com\/idnu.ch\/wordpress\/wp-content\/uploads\/2016\/08\/reusstour_0023.jpg?resize=133%2C100&amp;ssl=1 133w\" width=\"496\" height=\"372\" loading=\"lazy\" data-original-width=\"496\" data-original-height=\"372\" itemprop=\"http:\/\/schema.org\/image\" title=\"In Bremgarten\" alt=\"In Bremgarten\" style=\"width: 496px; height: 372px;\" \/> <\/a> <div class=\"tiled-gallery-caption\" itemprop=\"caption description\"> In Bremgarten <\/div> <\/div> <\/div> <!-- close group --> <div class=\"gallery-group images-2\" style=\"width: 250px; height: 376px;\" data-original-width=\"250\" data-original-height=\"376\" > <div class=\"tiled-gallery-item tiled-gallery-item-small\" itemprop=\"associatedMedia\" itemscope itemtype=\"http:\/\/schema.org\/ImageObject\"> <a href=\"https:\/\/idnu.ch\/wordpress\/reusstour_0026\/\" border=\"0\" itemprop=\"url\"> <meta itemprop=\"width\" content=\"246\"> <meta itemprop=\"height\" content=\"184\"> <img decoding=\"async\" class=\"\" data-attachment-id=\"5264\" data-orig-file=\"https:\/\/idnu.ch\/wordpress\/wp-content\/uploads\/2016\/08\/reusstour_0026.jpg\" data-orig-size=\"1400,1050\" data-comments-opened=\"1\" data-image-meta=\"{&quot;aperture&quot;:&quot;0&quot;,&quot;credit&quot;:&quot;&quot;,&quot;camera&quot;:&quot;&quot;,&quot;caption&quot;:&quot;&quot;,&quot;created_timestamp&quot;:&quot;0&quot;,&quot;copyright&quot;:&quot;&quot;,&quot;focal_length&quot;:&quot;0&quot;,&quot;iso&quot;:&quot;0&quot;,&quot;shutter_speed&quot;:&quot;0&quot;,&quot;title&quot;:&quot;&quot;,&quot;orientation&quot;:&quot;0&quot;}\" data-image-title=\"Das untere Reusstal\" data-image-description=\"\" data-medium-file=\"https:\/\/i0.wp.com\/idnu.ch\/wordpress\/wp-content\/uploads\/2016\/08\/reusstour_0026.jpg?fit=300%2C225&#038;ssl=1\" data-large-file=\"https:\/\/i0.wp.com\/idnu.ch\/wordpress\/wp-content\/uploads\/2016\/08\/reusstour_0026.jpg?fit=750%2C563&#038;ssl=1\" src=\"https:\/\/i0.wp.com\/idnu.ch\/wordpress\/wp-content\/uploads\/2016\/08\/reusstour_0026.jpg?w=246&#038;h=184&#038;ssl=1\" srcset=\"https:\/\/i0.wp.com\/idnu.ch\/wordpress\/wp-content\/uploads\/2016\/08\/reusstour_0026.jpg?w=1400&amp;ssl=1 1400w, https:\/\/i0.wp.com\/idnu.ch\/wordpress\/wp-content\/uploads\/2016\/08\/reusstour_0026.jpg?resize=300%2C225&amp;ssl=1 300w, https:\/\/i0.wp.com\/idnu.ch\/wordpress\/wp-content\/uploads\/2016\/08\/reusstour_0026.jpg?resize=768%2C576&amp;ssl=1 768w, https:\/\/i0.wp.com\/idnu.ch\/wordpress\/wp-content\/uploads\/2016\/08\/reusstour_0026.jpg?resize=1024%2C768&amp;ssl=1 1024w, https:\/\/i0.wp.com\/idnu.ch\/wordpress\/wp-content\/uploads\/2016\/08\/reusstour_0026.jpg?resize=720%2C540&amp;ssl=1 720w, https:\/\/i0.wp.com\/idnu.ch\/wordpress\/wp-content\/uploads\/2016\/08\/reusstour_0026.jpg?resize=133%2C100&amp;ssl=1 133w\" width=\"246\" height=\"184\" loading=\"lazy\" data-original-width=\"246\" data-original-height=\"184\" itemprop=\"http:\/\/schema.org\/image\" title=\"Das untere Reusstal\" alt=\"Das untere Reusstal\" style=\"width: 246px; height: 184px;\" \/> <\/a> <div class=\"tiled-gallery-caption\" itemprop=\"caption description\"> Das untere Reusstal <\/div> <\/div> <div class=\"tiled-gallery-item tiled-gallery-item-small\" itemprop=\"associatedMedia\" itemscope itemtype=\"http:\/\/schema.org\/ImageObject\"> <a href=\"https:\/\/idnu.ch\/wordpress\/velotour-der-reuss-entlang\/reusstour_0027\/#main\" border=\"0\" itemprop=\"url\"> <meta itemprop=\"width\" content=\"246\"> <meta itemprop=\"height\" content=\"184\"> <img decoding=\"async\" class=\"\" data-attachment-id=\"5265\" data-orig-file=\"https:\/\/idnu.ch\/wordpress\/wp-content\/uploads\/2016\/08\/reusstour_0027.jpg\" data-orig-size=\"1400,1050\" data-comments-opened=\"1\" data-image-meta=\"{&quot;aperture&quot;:&quot;0&quot;,&quot;credit&quot;:&quot;&quot;,&quot;camera&quot;:&quot;&quot;,&quot;caption&quot;:&quot;&quot;,&quot;created_timestamp&quot;:&quot;0&quot;,&quot;copyright&quot;:&quot;&quot;,&quot;focal_length&quot;:&quot;0&quot;,&quot;iso&quot;:&quot;0&quot;,&quot;shutter_speed&quot;:&quot;0&quot;,&quot;title&quot;:&quot;&quot;,&quot;orientation&quot;:&quot;0&quot;}\" data-image-title=\"Da mag es jemand kitschig\" data-image-description=\"\" data-medium-file=\"https:\/\/i0.wp.com\/idnu.ch\/wordpress\/wp-content\/uploads\/2016\/08\/reusstour_0027.jpg?fit=300%2C225&#038;ssl=1\" data-large-file=\"https:\/\/i0.wp.com\/idnu.ch\/wordpress\/wp-content\/uploads\/2016\/08\/reusstour_0027.jpg?fit=750%2C563&#038;ssl=1\" src=\"https:\/\/i0.wp.com\/idnu.ch\/wordpress\/wp-content\/uploads\/2016\/08\/reusstour_0027.jpg?w=246&#038;h=184&#038;ssl=1\" srcset=\"https:\/\/i0.wp.com\/idnu.ch\/wordpress\/wp-content\/uploads\/2016\/08\/reusstour_0027.jpg?w=1400&amp;ssl=1 1400w, https:\/\/i0.wp.com\/idnu.ch\/wordpress\/wp-content\/uploads\/2016\/08\/reusstour_0027.jpg?resize=300%2C225&amp;ssl=1 300w, https:\/\/i0.wp.com\/idnu.ch\/wordpress\/wp-content\/uploads\/2016\/08\/reusstour_0027.jpg?resize=768%2C576&amp;ssl=1 768w, https:\/\/i0.wp.com\/idnu.ch\/wordpress\/wp-content\/uploads\/2016\/08\/reusstour_0027.jpg?resize=1024%2C768&amp;ssl=1 1024w, https:\/\/i0.wp.com\/idnu.ch\/wordpress\/wp-content\/uploads\/2016\/08\/reusstour_0027.jpg?resize=720%2C540&amp;ssl=1 720w, https:\/\/i0.wp.com\/idnu.ch\/wordpress\/wp-content\/uploads\/2016\/08\/reusstour_0027.jpg?resize=133%2C100&amp;ssl=1 133w\" width=\"246\" height=\"184\" loading=\"lazy\" data-original-width=\"246\" data-original-height=\"184\" itemprop=\"http:\/\/schema.org\/image\" title=\"Da mag es jemand kitschig\" alt=\"Da mag es jemand kitschig\" style=\"width: 246px; height: 184px;\" \/> <\/a> <div class=\"tiled-gallery-caption\" itemprop=\"caption description\"> Da mag es jemand kitschig <\/div> <\/div> <\/div> <!-- close group --> <\/div> <!-- close row --> <\/div>\n<h2>Von den Habsburgern zu den Lenzburgern<\/h2>\n<p>Weiter geht es auf dem Radweg durch die D\u00f6rfer des Reusstals. Bei Niederwil verl\u00e4sst uns Michael wieder. Danke f\u00fcr die Begleitung, war uns eine Freude! Nesselnbach und T\u00e4gerig heissen die n\u00e4chsten Orte. Wir wollen noch durch Mellingen, ebenfalls ein Habsburgerst\u00e4dtchen, das so klein ist, dass man angeblich, wenn man beim einen Stadttor stolpert, beim anderen mit der Nase aufschl\u00e4gt. So ist es auch schnell durchquert, wir wenden uns nun von der Reuss ab und Lenzburg zu.<\/p>\n<p>Wir durchqueren M\u00e4genwil und Othmarsingen, dann taucht das Schloss Lenzburg auf. Das Ziel ist somit nicht mehr weit. Die Radwege hier sind wirklich noch gut angelegt, man f\u00e4hrt weit weg vom Verkehr \u00fcber Land. Noch ein Blick ins Freiamt, unter dem Schloss durch und wir sind in der Altstadt, wo wir allerdings auch nicht verweilen, weiter zum Bahnhof, Billette l\u00f6sen, einsteigen &#8211; und der Zug f\u00e4hrt ab. Das war perfektes Timing und passte zur ganzen Tour. Entspannt, m\u00fcde und mit vielen neuen Eindr\u00fccken fahren wir nach Beinwil am See.<\/p>\n<div class=\"tiled-gallery type-rectangular tiled-gallery-unresized\" data-original-width=\"750\" data-carousel-extra='{&quot;blog_id&quot;:1,&quot;permalink&quot;:&quot;https:\\\/\\\/idnu.ch\\\/wordpress\\\/velotour-der-reuss-entlang\\\/&quot;,&quot;likes_blog_id&quot;:100184974}' itemscope itemtype=\"http:\/\/schema.org\/ImageGallery\" > <div class=\"gallery-row\" style=\"width: 750px; height: 376px;\" data-original-width=\"750\" data-original-height=\"376\" > <div class=\"gallery-group images-1\" style=\"width: 500px; height: 376px;\" data-original-width=\"500\" data-original-height=\"376\" > <div class=\"tiled-gallery-item tiled-gallery-item-large\" itemprop=\"associatedMedia\" itemscope itemtype=\"http:\/\/schema.org\/ImageObject\"> <a href=\"https:\/\/idnu.ch\/wordpress\/reusstour_0028\/\" border=\"0\" itemprop=\"url\"> <meta itemprop=\"width\" content=\"496\"> <meta itemprop=\"height\" content=\"372\"> <img decoding=\"async\" class=\"\" data-attachment-id=\"5266\" data-orig-file=\"https:\/\/idnu.ch\/wordpress\/wp-content\/uploads\/2016\/08\/reusstour_0028.jpg\" data-orig-size=\"1400,1050\" data-comments-opened=\"1\" data-image-meta=\"{&quot;aperture&quot;:&quot;0&quot;,&quot;credit&quot;:&quot;&quot;,&quot;camera&quot;:&quot;&quot;,&quot;caption&quot;:&quot;&quot;,&quot;created_timestamp&quot;:&quot;0&quot;,&quot;copyright&quot;:&quot;&quot;,&quot;focal_length&quot;:&quot;0&quot;,&quot;iso&quot;:&quot;0&quot;,&quot;shutter_speed&quot;:&quot;0&quot;,&quot;title&quot;:&quot;&quot;,&quot;orientation&quot;:&quot;0&quot;}\" data-image-title=\"In Mellingen\" data-image-description=\"\" data-medium-file=\"https:\/\/i0.wp.com\/idnu.ch\/wordpress\/wp-content\/uploads\/2016\/08\/reusstour_0028.jpg?fit=300%2C225&#038;ssl=1\" data-large-file=\"https:\/\/i0.wp.com\/idnu.ch\/wordpress\/wp-content\/uploads\/2016\/08\/reusstour_0028.jpg?fit=750%2C563&#038;ssl=1\" src=\"https:\/\/i0.wp.com\/idnu.ch\/wordpress\/wp-content\/uploads\/2016\/08\/reusstour_0028.jpg?w=496&#038;h=372&#038;ssl=1\" srcset=\"https:\/\/i0.wp.com\/idnu.ch\/wordpress\/wp-content\/uploads\/2016\/08\/reusstour_0028.jpg?w=1400&amp;ssl=1 1400w, https:\/\/i0.wp.com\/idnu.ch\/wordpress\/wp-content\/uploads\/2016\/08\/reusstour_0028.jpg?resize=300%2C225&amp;ssl=1 300w, https:\/\/i0.wp.com\/idnu.ch\/wordpress\/wp-content\/uploads\/2016\/08\/reusstour_0028.jpg?resize=768%2C576&amp;ssl=1 768w, https:\/\/i0.wp.com\/idnu.ch\/wordpress\/wp-content\/uploads\/2016\/08\/reusstour_0028.jpg?resize=1024%2C768&amp;ssl=1 1024w, https:\/\/i0.wp.com\/idnu.ch\/wordpress\/wp-content\/uploads\/2016\/08\/reusstour_0028.jpg?resize=720%2C540&amp;ssl=1 720w, https:\/\/i0.wp.com\/idnu.ch\/wordpress\/wp-content\/uploads\/2016\/08\/reusstour_0028.jpg?resize=133%2C100&amp;ssl=1 133w\" width=\"496\" height=\"372\" loading=\"lazy\" data-original-width=\"496\" data-original-height=\"372\" itemprop=\"http:\/\/schema.org\/image\" title=\"In Mellingen\" alt=\"In Mellingen\" style=\"width: 496px; height: 372px;\" \/> <\/a> <div class=\"tiled-gallery-caption\" itemprop=\"caption description\"> In Mellingen <\/div> <\/div> <\/div> <!-- close group --> <div class=\"gallery-group images-2\" style=\"width: 250px; height: 376px;\" data-original-width=\"250\" data-original-height=\"376\" > <div class=\"tiled-gallery-item tiled-gallery-item-small\" itemprop=\"associatedMedia\" itemscope itemtype=\"http:\/\/schema.org\/ImageObject\"> <a href=\"https:\/\/idnu.ch\/wordpress\/reusstour_0030\/\" border=\"0\" itemprop=\"url\"> <meta itemprop=\"width\" content=\"246\"> <meta itemprop=\"height\" content=\"184\"> <img decoding=\"async\" class=\"\" data-attachment-id=\"5267\" data-orig-file=\"https:\/\/idnu.ch\/wordpress\/wp-content\/uploads\/2016\/08\/reusstour_0030.jpg\" data-orig-size=\"1400,1050\" data-comments-opened=\"1\" data-image-meta=\"{&quot;aperture&quot;:&quot;0&quot;,&quot;credit&quot;:&quot;&quot;,&quot;camera&quot;:&quot;&quot;,&quot;caption&quot;:&quot;&quot;,&quot;created_timestamp&quot;:&quot;0&quot;,&quot;copyright&quot;:&quot;&quot;,&quot;focal_length&quot;:&quot;0&quot;,&quot;iso&quot;:&quot;0&quot;,&quot;shutter_speed&quot;:&quot;0&quot;,&quot;title&quot;:&quot;&quot;,&quot;orientation&quot;:&quot;0&quot;}\" data-image-title=\"Das eine Stadttor von Mellingen\" data-image-description=\"\" data-medium-file=\"https:\/\/i0.wp.com\/idnu.ch\/wordpress\/wp-content\/uploads\/2016\/08\/reusstour_0030.jpg?fit=300%2C225&#038;ssl=1\" data-large-file=\"https:\/\/i0.wp.com\/idnu.ch\/wordpress\/wp-content\/uploads\/2016\/08\/reusstour_0030.jpg?fit=750%2C563&#038;ssl=1\" src=\"https:\/\/i0.wp.com\/idnu.ch\/wordpress\/wp-content\/uploads\/2016\/08\/reusstour_0030.jpg?w=246&#038;h=184&#038;ssl=1\" srcset=\"https:\/\/i0.wp.com\/idnu.ch\/wordpress\/wp-content\/uploads\/2016\/08\/reusstour_0030.jpg?w=1400&amp;ssl=1 1400w, https:\/\/i0.wp.com\/idnu.ch\/wordpress\/wp-content\/uploads\/2016\/08\/reusstour_0030.jpg?resize=300%2C225&amp;ssl=1 300w, https:\/\/i0.wp.com\/idnu.ch\/wordpress\/wp-content\/uploads\/2016\/08\/reusstour_0030.jpg?resize=768%2C576&amp;ssl=1 768w, https:\/\/i0.wp.com\/idnu.ch\/wordpress\/wp-content\/uploads\/2016\/08\/reusstour_0030.jpg?resize=1024%2C768&amp;ssl=1 1024w, https:\/\/i0.wp.com\/idnu.ch\/wordpress\/wp-content\/uploads\/2016\/08\/reusstour_0030.jpg?resize=720%2C540&amp;ssl=1 720w, https:\/\/i0.wp.com\/idnu.ch\/wordpress\/wp-content\/uploads\/2016\/08\/reusstour_0030.jpg?resize=133%2C100&amp;ssl=1 133w\" width=\"246\" height=\"184\" loading=\"lazy\" data-original-width=\"246\" data-original-height=\"184\" itemprop=\"http:\/\/schema.org\/image\" title=\"Das eine Stadttor von Mellingen\" alt=\"Das eine Stadttor von Mellingen\" style=\"width: 246px; height: 184px;\" \/> <\/a> <div class=\"tiled-gallery-caption\" itemprop=\"caption description\"> Das eine Stadttor von Mellingen <\/div> <\/div> <div class=\"tiled-gallery-item tiled-gallery-item-small\" itemprop=\"associatedMedia\" itemscope itemtype=\"http:\/\/schema.org\/ImageObject\"> <a href=\"https:\/\/idnu.ch\/wordpress\/reusstour_0035\/\" border=\"0\" itemprop=\"url\"> <meta itemprop=\"width\" content=\"246\"> <meta itemprop=\"height\" content=\"184\"> <img decoding=\"async\" class=\"\" data-attachment-id=\"5268\" data-orig-file=\"https:\/\/idnu.ch\/wordpress\/wp-content\/uploads\/2016\/08\/reusstour_0035.jpg\" data-orig-size=\"1400,1050\" data-comments-opened=\"1\" data-image-meta=\"{&quot;aperture&quot;:&quot;0&quot;,&quot;credit&quot;:&quot;&quot;,&quot;camera&quot;:&quot;&quot;,&quot;caption&quot;:&quot;&quot;,&quot;created_timestamp&quot;:&quot;0&quot;,&quot;copyright&quot;:&quot;&quot;,&quot;focal_length&quot;:&quot;0&quot;,&quot;iso&quot;:&quot;0&quot;,&quot;shutter_speed&quot;:&quot;0&quot;,&quot;title&quot;:&quot;&quot;,&quot;orientation&quot;:&quot;0&quot;}\" data-image-title=\"Hier geht es ins Freiamt\" data-image-description=\"\" data-medium-file=\"https:\/\/i0.wp.com\/idnu.ch\/wordpress\/wp-content\/uploads\/2016\/08\/reusstour_0035.jpg?fit=300%2C225&#038;ssl=1\" data-large-file=\"https:\/\/i0.wp.com\/idnu.ch\/wordpress\/wp-content\/uploads\/2016\/08\/reusstour_0035.jpg?fit=750%2C563&#038;ssl=1\" src=\"https:\/\/i0.wp.com\/idnu.ch\/wordpress\/wp-content\/uploads\/2016\/08\/reusstour_0035.jpg?w=246&#038;h=184&#038;ssl=1\" srcset=\"https:\/\/i0.wp.com\/idnu.ch\/wordpress\/wp-content\/uploads\/2016\/08\/reusstour_0035.jpg?w=1400&amp;ssl=1 1400w, https:\/\/i0.wp.com\/idnu.ch\/wordpress\/wp-content\/uploads\/2016\/08\/reusstour_0035.jpg?resize=300%2C225&amp;ssl=1 300w, https:\/\/i0.wp.com\/idnu.ch\/wordpress\/wp-content\/uploads\/2016\/08\/reusstour_0035.jpg?resize=768%2C576&amp;ssl=1 768w, https:\/\/i0.wp.com\/idnu.ch\/wordpress\/wp-content\/uploads\/2016\/08\/reusstour_0035.jpg?resize=1024%2C768&amp;ssl=1 1024w, https:\/\/i0.wp.com\/idnu.ch\/wordpress\/wp-content\/uploads\/2016\/08\/reusstour_0035.jpg?resize=720%2C540&amp;ssl=1 720w, https:\/\/i0.wp.com\/idnu.ch\/wordpress\/wp-content\/uploads\/2016\/08\/reusstour_0035.jpg?resize=133%2C100&amp;ssl=1 133w\" width=\"246\" height=\"184\" loading=\"lazy\" data-original-width=\"246\" data-original-height=\"184\" itemprop=\"http:\/\/schema.org\/image\" title=\"Hier geht es ins Freiamt\" alt=\"Hier geht es ins Freiamt\" style=\"width: 246px; height: 184px;\" \/> <\/a> <div class=\"tiled-gallery-caption\" itemprop=\"caption description\"> Hier geht es ins Freiamt, da wollen wir aber nicht hin <\/div> <\/div> <\/div> <!-- close group --> <\/div> <!-- close row --> <div class=\"gallery-row\" style=\"width: 750px; height: 354px;\" data-original-width=\"750\" data-original-height=\"354\" > <div class=\"gallery-group images-1\" style=\"width: 750px; height: 354px;\" data-original-width=\"750\" data-original-height=\"354\" > <div class=\"tiled-gallery-item tiled-gallery-item-large\" itemprop=\"associatedMedia\" itemscope itemtype=\"http:\/\/schema.org\/ImageObject\"> <a href=\"https:\/\/idnu.ch\/wordpress\/reusstour_0037\/\" border=\"0\" itemprop=\"url\"> <meta itemprop=\"width\" content=\"746\"> <meta itemprop=\"height\" content=\"350\"> <img decoding=\"async\" class=\"\" data-attachment-id=\"5269\" data-orig-file=\"https:\/\/idnu.ch\/wordpress\/wp-content\/uploads\/2016\/08\/reusstour_0037.jpg\" data-orig-size=\"1400,657\" data-comments-opened=\"1\" data-image-meta=\"{&quot;aperture&quot;:&quot;0&quot;,&quot;credit&quot;:&quot;&quot;,&quot;camera&quot;:&quot;&quot;,&quot;caption&quot;:&quot;&quot;,&quot;created_timestamp&quot;:&quot;0&quot;,&quot;copyright&quot;:&quot;&quot;,&quot;focal_length&quot;:&quot;0&quot;,&quot;iso&quot;:&quot;0&quot;,&quot;shutter_speed&quot;:&quot;0&quot;,&quot;title&quot;:&quot;&quot;,&quot;orientation&quot;:&quot;0&quot;}\" data-image-title=\"Schloss Lenzburg, das Ziel naht\" data-image-description=\"\" data-medium-file=\"https:\/\/i0.wp.com\/idnu.ch\/wordpress\/wp-content\/uploads\/2016\/08\/reusstour_0037.jpg?fit=300%2C141&#038;ssl=1\" data-large-file=\"https:\/\/i0.wp.com\/idnu.ch\/wordpress\/wp-content\/uploads\/2016\/08\/reusstour_0037.jpg?fit=750%2C352&#038;ssl=1\" src=\"https:\/\/i0.wp.com\/idnu.ch\/wordpress\/wp-content\/uploads\/2016\/08\/reusstour_0037.jpg?w=746&#038;h=350&#038;ssl=1\" srcset=\"https:\/\/i0.wp.com\/idnu.ch\/wordpress\/wp-content\/uploads\/2016\/08\/reusstour_0037.jpg?w=1400&amp;ssl=1 1400w, https:\/\/i0.wp.com\/idnu.ch\/wordpress\/wp-content\/uploads\/2016\/08\/reusstour_0037.jpg?resize=300%2C141&amp;ssl=1 300w, https:\/\/i0.wp.com\/idnu.ch\/wordpress\/wp-content\/uploads\/2016\/08\/reusstour_0037.jpg?resize=768%2C360&amp;ssl=1 768w, https:\/\/i0.wp.com\/idnu.ch\/wordpress\/wp-content\/uploads\/2016\/08\/reusstour_0037.jpg?resize=1024%2C481&amp;ssl=1 1024w, https:\/\/i0.wp.com\/idnu.ch\/wordpress\/wp-content\/uploads\/2016\/08\/reusstour_0037.jpg?resize=213%2C100&amp;ssl=1 213w\" width=\"746\" height=\"350\" loading=\"lazy\" data-original-width=\"746\" data-original-height=\"350\" itemprop=\"http:\/\/schema.org\/image\" title=\"Schloss Lenzburg, das Ziel naht\" alt=\"Schloss Lenzburg, das Ziel naht\" style=\"width: 746px; height: 350px;\" \/> <\/a> <div class=\"tiled-gallery-caption\" itemprop=\"caption description\"> Schloss Lenzburg, das Ziel naht <\/div> <\/div> <\/div> <!-- close group --> <\/div> <!-- close row --> <div class=\"gallery-row\" style=\"width: 750px; height: 282px;\" data-original-width=\"750\" data-original-height=\"282\" > <div class=\"gallery-group images-1\" style=\"width: 375px; height: 282px;\" data-original-width=\"375\" data-original-height=\"282\" > <div class=\"tiled-gallery-item tiled-gallery-item-large\" itemprop=\"associatedMedia\" itemscope itemtype=\"http:\/\/schema.org\/ImageObject\"> <a href=\"https:\/\/idnu.ch\/wordpress\/reusstour_0038\/\" border=\"0\" itemprop=\"url\"> <meta itemprop=\"width\" content=\"371\"> <meta itemprop=\"height\" content=\"278\"> <img decoding=\"async\" class=\"\" data-attachment-id=\"5270\" data-orig-file=\"https:\/\/idnu.ch\/wordpress\/wp-content\/uploads\/2016\/08\/reusstour_0038.jpg\" data-orig-size=\"1400,1050\" data-comments-opened=\"1\" data-image-meta=\"{&quot;aperture&quot;:&quot;0&quot;,&quot;credit&quot;:&quot;&quot;,&quot;camera&quot;:&quot;&quot;,&quot;caption&quot;:&quot;&quot;,&quot;created_timestamp&quot;:&quot;0&quot;,&quot;copyright&quot;:&quot;&quot;,&quot;focal_length&quot;:&quot;0&quot;,&quot;iso&quot;:&quot;0&quot;,&quot;shutter_speed&quot;:&quot;0&quot;,&quot;title&quot;:&quot;&quot;,&quot;orientation&quot;:&quot;0&quot;}\" data-image-title=\"Altstadt von Lenzburg\" data-image-description=\"\" data-medium-file=\"https:\/\/i0.wp.com\/idnu.ch\/wordpress\/wp-content\/uploads\/2016\/08\/reusstour_0038.jpg?fit=300%2C225&#038;ssl=1\" data-large-file=\"https:\/\/i0.wp.com\/idnu.ch\/wordpress\/wp-content\/uploads\/2016\/08\/reusstour_0038.jpg?fit=750%2C563&#038;ssl=1\" src=\"https:\/\/i0.wp.com\/idnu.ch\/wordpress\/wp-content\/uploads\/2016\/08\/reusstour_0038.jpg?w=371&#038;h=278&#038;ssl=1\" srcset=\"https:\/\/i0.wp.com\/idnu.ch\/wordpress\/wp-content\/uploads\/2016\/08\/reusstour_0038.jpg?w=1400&amp;ssl=1 1400w, https:\/\/i0.wp.com\/idnu.ch\/wordpress\/wp-content\/uploads\/2016\/08\/reusstour_0038.jpg?resize=300%2C225&amp;ssl=1 300w, https:\/\/i0.wp.com\/idnu.ch\/wordpress\/wp-content\/uploads\/2016\/08\/reusstour_0038.jpg?resize=768%2C576&amp;ssl=1 768w, https:\/\/i0.wp.com\/idnu.ch\/wordpress\/wp-content\/uploads\/2016\/08\/reusstour_0038.jpg?resize=1024%2C768&amp;ssl=1 1024w, https:\/\/i0.wp.com\/idnu.ch\/wordpress\/wp-content\/uploads\/2016\/08\/reusstour_0038.jpg?resize=720%2C540&amp;ssl=1 720w, https:\/\/i0.wp.com\/idnu.ch\/wordpress\/wp-content\/uploads\/2016\/08\/reusstour_0038.jpg?resize=133%2C100&amp;ssl=1 133w\" width=\"371\" height=\"278\" loading=\"lazy\" data-original-width=\"371\" data-original-height=\"278\" itemprop=\"http:\/\/schema.org\/image\" title=\"Altstadt von Lenzburg\" alt=\"Altstadt von Lenzburg\" style=\"width: 371px; height: 278px;\" \/> <\/a> <div class=\"tiled-gallery-caption\" itemprop=\"caption description\"> Altstadt von Lenzburg <\/div> <\/div> <\/div> <!-- close group --> <div class=\"gallery-group images-1\" style=\"width: 375px; height: 282px;\" data-original-width=\"375\" data-original-height=\"282\" > <div class=\"tiled-gallery-item tiled-gallery-item-large\" itemprop=\"associatedMedia\" itemscope itemtype=\"http:\/\/schema.org\/ImageObject\"> <a href=\"https:\/\/idnu.ch\/wordpress\/reusstour_0040\/\" border=\"0\" itemprop=\"url\"> <meta itemprop=\"width\" content=\"371\"> <meta itemprop=\"height\" content=\"278\"> <img decoding=\"async\" class=\"\" data-attachment-id=\"5271\" data-orig-file=\"https:\/\/idnu.ch\/wordpress\/wp-content\/uploads\/2016\/08\/reusstour_0040.jpg\" data-orig-size=\"1400,1050\" data-comments-opened=\"1\" data-image-meta=\"{&quot;aperture&quot;:&quot;0&quot;,&quot;credit&quot;:&quot;&quot;,&quot;camera&quot;:&quot;&quot;,&quot;caption&quot;:&quot;&quot;,&quot;created_timestamp&quot;:&quot;0&quot;,&quot;copyright&quot;:&quot;&quot;,&quot;focal_length&quot;:&quot;0&quot;,&quot;iso&quot;:&quot;0&quot;,&quot;shutter_speed&quot;:&quot;0&quot;,&quot;title&quot;:&quot;&quot;,&quot;orientation&quot;:&quot;0&quot;}\" data-image-title=\"Altstadt von Lenzburg\" data-image-description=\"\" data-medium-file=\"https:\/\/i0.wp.com\/idnu.ch\/wordpress\/wp-content\/uploads\/2016\/08\/reusstour_0040.jpg?fit=300%2C225&#038;ssl=1\" data-large-file=\"https:\/\/i0.wp.com\/idnu.ch\/wordpress\/wp-content\/uploads\/2016\/08\/reusstour_0040.jpg?fit=750%2C563&#038;ssl=1\" src=\"https:\/\/i0.wp.com\/idnu.ch\/wordpress\/wp-content\/uploads\/2016\/08\/reusstour_0040.jpg?w=371&#038;h=278&#038;ssl=1\" srcset=\"https:\/\/i0.wp.com\/idnu.ch\/wordpress\/wp-content\/uploads\/2016\/08\/reusstour_0040.jpg?w=1400&amp;ssl=1 1400w, https:\/\/i0.wp.com\/idnu.ch\/wordpress\/wp-content\/uploads\/2016\/08\/reusstour_0040.jpg?resize=300%2C225&amp;ssl=1 300w, https:\/\/i0.wp.com\/idnu.ch\/wordpress\/wp-content\/uploads\/2016\/08\/reusstour_0040.jpg?resize=768%2C576&amp;ssl=1 768w, https:\/\/i0.wp.com\/idnu.ch\/wordpress\/wp-content\/uploads\/2016\/08\/reusstour_0040.jpg?resize=1024%2C768&amp;ssl=1 1024w, https:\/\/i0.wp.com\/idnu.ch\/wordpress\/wp-content\/uploads\/2016\/08\/reusstour_0040.jpg?resize=720%2C540&amp;ssl=1 720w, https:\/\/i0.wp.com\/idnu.ch\/wordpress\/wp-content\/uploads\/2016\/08\/reusstour_0040.jpg?resize=133%2C100&amp;ssl=1 133w\" width=\"371\" height=\"278\" loading=\"lazy\" data-original-width=\"371\" data-original-height=\"278\" itemprop=\"http:\/\/schema.org\/image\" title=\"Altstadt von Lenzburg\" alt=\"Altstadt von Lenzburg\" style=\"width: 371px; height: 278px;\" \/> <\/a> <div class=\"tiled-gallery-caption\" itemprop=\"caption description\"> Altstadt von Lenzburg <\/div> <\/div> <\/div> <!-- close group --> <\/div> <!-- close row --> <\/div>\n<h1>Infos<\/h1>\n<p>Die Tour ist meistens eben, die wenigen Steigungen lassen sich auch mit schieben bew\u00e4ltigen. Sie ist sehr gut geeignet f\u00fcr Kinder, allerdings sind die Abbruchpunkte zu beachten.<\/p>\n<table>\n<tbody>\n<tr>\n<td width=\"150\">Start:<\/td>\n<td>Bahnhof Emmenbr\u00fccke<\/td>\n<\/tr>\n<tr>\n<td>Ziel:<\/td>\n<td>Bahnhof Lenzburg<\/td>\n<\/tr>\n<tr>\n<td>Strecke:<\/td>\n<td>Emmenbr\u00fccke &#8211; Gisikon &#8211; H\u00fchnenberg &#8211; Maschwanden &#8211; Obfelden &#8211; Rottenschwil &#8211; Hermetschwil &#8211; Bremgarten &#8211; Niederwil AG &#8211; T\u00e4gerig &#8211; Mellingen &#8211; M\u00e4genwil &#8211; Othmarsingen &#8211; Lenzburg<\/td>\n<\/tr>\n<tr>\n<td>Distanz:<\/td>\n<td>69\u00a0Kilometer<\/td>\n<\/tr>\n<tr>\n<td>H\u00f6henmeter:<\/td>\n<td>600 Meter<\/td>\n<\/tr>\n<tr>\n<td>Dauer:<\/td>\n<td>5 Stunden<\/td>\n<\/tr>\n<tr>\n<td>Schwierigkeit:<\/td>\n<td>Leicht<\/td>\n<\/tr>\n<tr>\n<td>H\u00f6hepunkte:<\/td>\n<td>\n<ul>\n<li>Maschwander Ried<\/li>\n<li>Stille Reuss<\/li>\n<li>Bremgarten<\/li>\n<li>Mellingen<\/li>\n<li>Lenzburg<\/li>\n<\/ul>\n<\/td>\n<\/tr>\n<tr>\n<td>Alternative:<\/td>\n<td>Bis Rotkreuz kann man die Tour abbrechen und den Zug zur\u00fcck nehmen. Danach gibt es erst wieder in\u00a0Bremgarten einen Zug.<\/td>\n<\/tr>\n<\/tbody>\n<\/table>\n<p><iframe loading=\"lazy\" src=\"https:\/\/www.google.com\/maps\/d\/embed?mid=19Okt-tYwmwa029EcXw7w69m8j30\" width=\"640\" height=\"480\"><\/iframe><\/p>\n","protected":false},"excerpt":{"rendered":"<p>Wir sind schon einigen Fl\u00fcssen entlang gefahren: Rhein, Aare, Inn, immer in mehreren&#8230;<\/p>\n","protected":false},"author":2,"featured_media":5253,"comment_status":"open","ping_status":"open","sticky":false,"template":"","format":"standard","meta":{"_monsterinsights_skip_tracking":false,"_monsterinsights_sitenote_active":false,"_monsterinsights_sitenote_note":"","_monsterinsights_sitenote_category":0,"jetpack_post_was_ever_published":false,"_jetpack_newsletter_access":"","_jetpack_dont_email_post_to_subs":true,"_jetpack_newsletter_tier_id":0,"_jetpack_memberships_contains_paywalled_content":false,"_jetpack_memberships_contains_paid_content":false,"footnotes":"","jetpack_publicize_message":"","jetpack_publicize_feature_enabled":true,"jetpack_social_post_already_shared":true,"jetpack_social_options":{"image_generator_settings":{"template":"highway","default_image_id":0,"font":"","enabled":false},"version":2}},"categories":[133,914,30,920,4,345,55,915],"tags":[877,876,878,654,615],"class_list":["post-5238","post","type-post","status-publish","format-standard","has-post-thumbnail","hentry","category-aargau","category-aargau-region","category-luzern","category-luzern-vierwaldstaettersee","category-zweirad","category-zug","category-zuerich","category-zuerich-region","tag-bremgarten","tag-lenzburg","tag-radtour-mit-kindern","tag-reuss","tag-velotour"],"geo":{"latitude":47.14878079999999727078829891979694366455078125,"longitude":8.4150542999999995430471244617365300655364990234375,"description":"Rotkreuz, Kanton Zug, 6343, CH"},"yoast_head":"<!-- This site is optimized with the Yoast SEO plugin v27.4 - https:\/\/yoast.com\/product\/yoast-seo-wordpress\/ -->\n<title>Velotour der Reuss entlang - In der Natur unterwegs<\/title>\n<meta name=\"description\" content=\"Die Velotour der Reuss entlang von Emmenbr\u00fccke nach Lenzburg ist sehr abwechslungsreich, mit nicht allzu viel Steigungen und f\u00fchrt durch vier Kantone.\" \/>\n<meta name=\"robots\" content=\"index, follow, max-snippet:-1, max-image-preview:large, max-video-preview:-1\" \/>\n<link rel=\"canonical\" href=\"https:\/\/idnu.ch\/wordpress\/velotour-der-reuss-entlang\/\" \/>\n<meta property=\"og:locale\" content=\"de_DE\" \/>\n<meta property=\"og:type\" content=\"article\" \/>\n<meta property=\"og:title\" content=\"Velotour der Reuss entlang - In der Natur unterwegs\" \/>\n<meta property=\"og:description\" content=\"Die Velotour der Reuss entlang von Emmenbr\u00fccke nach Lenzburg ist sehr abwechslungsreich, mit nicht allzu viel Steigungen und f\u00fchrt durch vier Kantone.\" \/>\n<meta property=\"og:url\" content=\"https:\/\/idnu.ch\/wordpress\/velotour-der-reuss-entlang\/\" \/>\n<meta property=\"og:site_name\" content=\"In der Natur unterwegs\" \/>\n<meta property=\"article:published_time\" content=\"2016-08-23T16:26:56+00:00\" \/>\n<meta property=\"article:modified_time\" content=\"2019-06-20T12:24:49+00:00\" \/>\n<meta property=\"og:image\" content=\"https:\/\/i0.wp.com\/idnu.ch\/wordpress\/wp-content\/uploads\/2016\/08\/reusstour_0010.jpg?fit=1400%2C1050&ssl=1\" \/>\n\t<meta property=\"og:image:width\" content=\"1400\" \/>\n\t<meta property=\"og:image:height\" content=\"1050\" \/>\n\t<meta property=\"og:image:type\" content=\"image\/jpeg\" \/>\n<meta name=\"author\" content=\"Urs Kyburz\" \/>\n<meta name=\"twitter:card\" content=\"summary_large_image\" \/>\n<meta name=\"twitter:creator\" content=\"@idnu_ch\" \/>\n<meta name=\"twitter:site\" content=\"@idnu_ch\" \/>\n<meta name=\"twitter:label1\" content=\"Verfasst von\" \/>\n\t<meta name=\"twitter:data1\" content=\"Urs Kyburz\" \/>\n\t<meta name=\"twitter:label2\" content=\"Gesch\u00e4tzte Lesezeit\" \/>\n\t<meta name=\"twitter:data2\" content=\"6\u00a0Minuten\" \/>\n<script type=\"application\/ld+json\" class=\"yoast-schema-graph\">{\"@context\":\"https:\\\/\\\/schema.org\",\"@graph\":[{\"@type\":\"Article\",\"@id\":\"https:\\\/\\\/idnu.ch\\\/wordpress\\\/velotour-der-reuss-entlang\\\/#article\",\"isPartOf\":{\"@id\":\"https:\\\/\\\/idnu.ch\\\/wordpress\\\/velotour-der-reuss-entlang\\\/\"},\"author\":{\"name\":\"Urs Kyburz\",\"@id\":\"https:\\\/\\\/idnu.ch\\\/wordpress\\\/#\\\/schema\\\/person\\\/1ab8c5de743be7b019272124c19ad351\"},\"headline\":\"Velotour der Reuss entlang\",\"datePublished\":\"2016-08-23T16:26:56+00:00\",\"dateModified\":\"2019-06-20T12:24:49+00:00\",\"mainEntityOfPage\":{\"@id\":\"https:\\\/\\\/idnu.ch\\\/wordpress\\\/velotour-der-reuss-entlang\\\/\"},\"wordCount\":1165,\"commentCount\":2,\"publisher\":{\"@id\":\"https:\\\/\\\/idnu.ch\\\/wordpress\\\/#\\\/schema\\\/person\\\/1ab8c5de743be7b019272124c19ad351\"},\"image\":{\"@id\":\"https:\\\/\\\/idnu.ch\\\/wordpress\\\/velotour-der-reuss-entlang\\\/#primaryimage\"},\"thumbnailUrl\":\"https:\\\/\\\/i0.wp.com\\\/idnu.ch\\\/wordpress\\\/wp-content\\\/uploads\\\/2016\\\/08\\\/reusstour_0010.jpg?fit=1400%2C1050&ssl=1\",\"keywords\":[\"Bremgarten\",\"Lenzburg\",\"Radtour mit Kindern\",\"Reuss\",\"Velotour\"],\"articleSection\":[\"Aargau\",\"Aargau Region\",\"Luzern\",\"Luzern - Vierwaldst\u00e4ttersee\",\"Mountainbike &amp; Velo\",\"Zug\",\"Z\u00fcrich\",\"Z\u00fcrich Region\"],\"inLanguage\":\"de\",\"potentialAction\":[{\"@type\":\"CommentAction\",\"name\":\"Comment\",\"target\":[\"https:\\\/\\\/idnu.ch\\\/wordpress\\\/velotour-der-reuss-entlang\\\/#respond\"]}]},{\"@type\":\"WebPage\",\"@id\":\"https:\\\/\\\/idnu.ch\\\/wordpress\\\/velotour-der-reuss-entlang\\\/\",\"url\":\"https:\\\/\\\/idnu.ch\\\/wordpress\\\/velotour-der-reuss-entlang\\\/\",\"name\":\"Velotour der Reuss entlang - In der Natur unterwegs\",\"isPartOf\":{\"@id\":\"https:\\\/\\\/idnu.ch\\\/wordpress\\\/#website\"},\"primaryImageOfPage\":{\"@id\":\"https:\\\/\\\/idnu.ch\\\/wordpress\\\/velotour-der-reuss-entlang\\\/#primaryimage\"},\"image\":{\"@id\":\"https:\\\/\\\/idnu.ch\\\/wordpress\\\/velotour-der-reuss-entlang\\\/#primaryimage\"},\"thumbnailUrl\":\"https:\\\/\\\/i0.wp.com\\\/idnu.ch\\\/wordpress\\\/wp-content\\\/uploads\\\/2016\\\/08\\\/reusstour_0010.jpg?fit=1400%2C1050&ssl=1\",\"datePublished\":\"2016-08-23T16:26:56+00:00\",\"dateModified\":\"2019-06-20T12:24:49+00:00\",\"description\":\"Die Velotour der Reuss entlang von Emmenbr\u00fccke nach Lenzburg ist sehr abwechslungsreich, mit nicht allzu viel Steigungen und f\u00fchrt durch vier Kantone.\",\"breadcrumb\":{\"@id\":\"https:\\\/\\\/idnu.ch\\\/wordpress\\\/velotour-der-reuss-entlang\\\/#breadcrumb\"},\"inLanguage\":\"de\",\"potentialAction\":[{\"@type\":\"ReadAction\",\"target\":[\"https:\\\/\\\/idnu.ch\\\/wordpress\\\/velotour-der-reuss-entlang\\\/\"]}]},{\"@type\":\"ImageObject\",\"inLanguage\":\"de\",\"@id\":\"https:\\\/\\\/idnu.ch\\\/wordpress\\\/velotour-der-reuss-entlang\\\/#primaryimage\",\"url\":\"https:\\\/\\\/i0.wp.com\\\/idnu.ch\\\/wordpress\\\/wp-content\\\/uploads\\\/2016\\\/08\\\/reusstour_0010.jpg?fit=1400%2C1050&ssl=1\",\"contentUrl\":\"https:\\\/\\\/i0.wp.com\\\/idnu.ch\\\/wordpress\\\/wp-content\\\/uploads\\\/2016\\\/08\\\/reusstour_0010.jpg?fit=1400%2C1050&ssl=1\",\"width\":1400,\"height\":1050,\"caption\":\"An der Lorzem\u00fcndung\"},{\"@type\":\"BreadcrumbList\",\"@id\":\"https:\\\/\\\/idnu.ch\\\/wordpress\\\/velotour-der-reuss-entlang\\\/#breadcrumb\",\"itemListElement\":[{\"@type\":\"ListItem\",\"position\":1,\"name\":\"Startseite\",\"item\":\"https:\\\/\\\/idnu.ch\\\/wordpress\\\/\"},{\"@type\":\"ListItem\",\"position\":2,\"name\":\"Velotour der Reuss entlang\"}]},{\"@type\":\"WebSite\",\"@id\":\"https:\\\/\\\/idnu.ch\\\/wordpress\\\/#website\",\"url\":\"https:\\\/\\\/idnu.ch\\\/wordpress\\\/\",\"name\":\"In der Natur unterwegs\",\"description\":\"Dort, wo es am sch\u00f6nsten ist\",\"publisher\":{\"@id\":\"https:\\\/\\\/idnu.ch\\\/wordpress\\\/#\\\/schema\\\/person\\\/1ab8c5de743be7b019272124c19ad351\"},\"potentialAction\":[{\"@type\":\"SearchAction\",\"target\":{\"@type\":\"EntryPoint\",\"urlTemplate\":\"https:\\\/\\\/idnu.ch\\\/wordpress\\\/?s={search_term_string}\"},\"query-input\":{\"@type\":\"PropertyValueSpecification\",\"valueRequired\":true,\"valueName\":\"search_term_string\"}}],\"inLanguage\":\"de\"},{\"@type\":[\"Person\",\"Organization\"],\"@id\":\"https:\\\/\\\/idnu.ch\\\/wordpress\\\/#\\\/schema\\\/person\\\/1ab8c5de743be7b019272124c19ad351\",\"name\":\"Urs Kyburz\",\"image\":{\"@type\":\"ImageObject\",\"inLanguage\":\"de\",\"@id\":\"https:\\\/\\\/i0.wp.com\\\/idnu.ch\\\/wordpress\\\/wp-content\\\/uploads\\\/2016\\\/02\\\/logo_150x165.gif?fit=3151%2C3456&ssl=1\",\"url\":\"https:\\\/\\\/i0.wp.com\\\/idnu.ch\\\/wordpress\\\/wp-content\\\/uploads\\\/2016\\\/02\\\/logo_150x165.gif?fit=3151%2C3456&ssl=1\",\"contentUrl\":\"https:\\\/\\\/i0.wp.com\\\/idnu.ch\\\/wordpress\\\/wp-content\\\/uploads\\\/2016\\\/02\\\/logo_150x165.gif?fit=3151%2C3456&ssl=1\",\"width\":3151,\"height\":3456,\"caption\":\"Urs Kyburz\"},\"logo\":{\"@id\":\"https:\\\/\\\/i0.wp.com\\\/idnu.ch\\\/wordpress\\\/wp-content\\\/uploads\\\/2016\\\/02\\\/logo_150x165.gif?fit=3151%2C3456&ssl=1\"}}]}<\/script>\n<!-- \/ Yoast SEO plugin. -->","yoast_head_json":{"title":"Velotour der Reuss entlang - In der Natur unterwegs","description":"Die Velotour der Reuss entlang von Emmenbr\u00fccke nach Lenzburg ist sehr abwechslungsreich, mit nicht allzu viel Steigungen und f\u00fchrt durch vier Kantone.","robots":{"index":"index","follow":"follow","max-snippet":"max-snippet:-1","max-image-preview":"max-image-preview:large","max-video-preview":"max-video-preview:-1"},"canonical":"https:\/\/idnu.ch\/wordpress\/velotour-der-reuss-entlang\/","og_locale":"de_DE","og_type":"article","og_title":"Velotour der Reuss entlang - In der Natur unterwegs","og_description":"Die Velotour der Reuss entlang von Emmenbr\u00fccke nach Lenzburg ist sehr abwechslungsreich, mit nicht allzu viel Steigungen und f\u00fchrt durch vier Kantone.","og_url":"https:\/\/idnu.ch\/wordpress\/velotour-der-reuss-entlang\/","og_site_name":"In der Natur unterwegs","article_published_time":"2016-08-23T16:26:56+00:00","article_modified_time":"2019-06-20T12:24:49+00:00","og_image":[{"width":1400,"height":1050,"url":"https:\/\/i0.wp.com\/idnu.ch\/wordpress\/wp-content\/uploads\/2016\/08\/reusstour_0010.jpg?fit=1400%2C1050&ssl=1","type":"image\/jpeg"}],"author":"Urs Kyburz","twitter_card":"summary_large_image","twitter_creator":"@idnu_ch","twitter_site":"@idnu_ch","twitter_misc":{"Verfasst von":"Urs Kyburz","Gesch\u00e4tzte Lesezeit":"6\u00a0Minuten"},"schema":{"@context":"https:\/\/schema.org","@graph":[{"@type":"Article","@id":"https:\/\/idnu.ch\/wordpress\/velotour-der-reuss-entlang\/#article","isPartOf":{"@id":"https:\/\/idnu.ch\/wordpress\/velotour-der-reuss-entlang\/"},"author":{"name":"Urs Kyburz","@id":"https:\/\/idnu.ch\/wordpress\/#\/schema\/person\/1ab8c5de743be7b019272124c19ad351"},"headline":"Velotour der Reuss entlang","datePublished":"2016-08-23T16:26:56+00:00","dateModified":"2019-06-20T12:24:49+00:00","mainEntityOfPage":{"@id":"https:\/\/idnu.ch\/wordpress\/velotour-der-reuss-entlang\/"},"wordCount":1165,"commentCount":2,"publisher":{"@id":"https:\/\/idnu.ch\/wordpress\/#\/schema\/person\/1ab8c5de743be7b019272124c19ad351"},"image":{"@id":"https:\/\/idnu.ch\/wordpress\/velotour-der-reuss-entlang\/#primaryimage"},"thumbnailUrl":"https:\/\/i0.wp.com\/idnu.ch\/wordpress\/wp-content\/uploads\/2016\/08\/reusstour_0010.jpg?fit=1400%2C1050&ssl=1","keywords":["Bremgarten","Lenzburg","Radtour mit Kindern","Reuss","Velotour"],"articleSection":["Aargau","Aargau Region","Luzern","Luzern - Vierwaldst\u00e4ttersee","Mountainbike &amp; Velo","Zug","Z\u00fcrich","Z\u00fcrich Region"],"inLanguage":"de","potentialAction":[{"@type":"CommentAction","name":"Comment","target":["https:\/\/idnu.ch\/wordpress\/velotour-der-reuss-entlang\/#respond"]}]},{"@type":"WebPage","@id":"https:\/\/idnu.ch\/wordpress\/velotour-der-reuss-entlang\/","url":"https:\/\/idnu.ch\/wordpress\/velotour-der-reuss-entlang\/","name":"Velotour der Reuss entlang - In der Natur unterwegs","isPartOf":{"@id":"https:\/\/idnu.ch\/wordpress\/#website"},"primaryImageOfPage":{"@id":"https:\/\/idnu.ch\/wordpress\/velotour-der-reuss-entlang\/#primaryimage"},"image":{"@id":"https:\/\/idnu.ch\/wordpress\/velotour-der-reuss-entlang\/#primaryimage"},"thumbnailUrl":"https:\/\/i0.wp.com\/idnu.ch\/wordpress\/wp-content\/uploads\/2016\/08\/reusstour_0010.jpg?fit=1400%2C1050&ssl=1","datePublished":"2016-08-23T16:26:56+00:00","dateModified":"2019-06-20T12:24:49+00:00","description":"Die Velotour der Reuss entlang von Emmenbr\u00fccke nach Lenzburg ist sehr abwechslungsreich, mit nicht allzu viel Steigungen und f\u00fchrt durch vier Kantone.","breadcrumb":{"@id":"https:\/\/idnu.ch\/wordpress\/velotour-der-reuss-entlang\/#breadcrumb"},"inLanguage":"de","potentialAction":[{"@type":"ReadAction","target":["https:\/\/idnu.ch\/wordpress\/velotour-der-reuss-entlang\/"]}]},{"@type":"ImageObject","inLanguage":"de","@id":"https:\/\/idnu.ch\/wordpress\/velotour-der-reuss-entlang\/#primaryimage","url":"https:\/\/i0.wp.com\/idnu.ch\/wordpress\/wp-content\/uploads\/2016\/08\/reusstour_0010.jpg?fit=1400%2C1050&ssl=1","contentUrl":"https:\/\/i0.wp.com\/idnu.ch\/wordpress\/wp-content\/uploads\/2016\/08\/reusstour_0010.jpg?fit=1400%2C1050&ssl=1","width":1400,"height":1050,"caption":"An der Lorzem\u00fcndung"},{"@type":"BreadcrumbList","@id":"https:\/\/idnu.ch\/wordpress\/velotour-der-reuss-entlang\/#breadcrumb","itemListElement":[{"@type":"ListItem","position":1,"name":"Startseite","item":"https:\/\/idnu.ch\/wordpress\/"},{"@type":"ListItem","position":2,"name":"Velotour der Reuss entlang"}]},{"@type":"WebSite","@id":"https:\/\/idnu.ch\/wordpress\/#website","url":"https:\/\/idnu.ch\/wordpress\/","name":"In der Natur unterwegs","description":"Dort, wo es am sch\u00f6nsten ist","publisher":{"@id":"https:\/\/idnu.ch\/wordpress\/#\/schema\/person\/1ab8c5de743be7b019272124c19ad351"},"potentialAction":[{"@type":"SearchAction","target":{"@type":"EntryPoint","urlTemplate":"https:\/\/idnu.ch\/wordpress\/?s={search_term_string}"},"query-input":{"@type":"PropertyValueSpecification","valueRequired":true,"valueName":"search_term_string"}}],"inLanguage":"de"},{"@type":["Person","Organization"],"@id":"https:\/\/idnu.ch\/wordpress\/#\/schema\/person\/1ab8c5de743be7b019272124c19ad351","name":"Urs Kyburz","image":{"@type":"ImageObject","inLanguage":"de","@id":"https:\/\/i0.wp.com\/idnu.ch\/wordpress\/wp-content\/uploads\/2016\/02\/logo_150x165.gif?fit=3151%2C3456&ssl=1","url":"https:\/\/i0.wp.com\/idnu.ch\/wordpress\/wp-content\/uploads\/2016\/02\/logo_150x165.gif?fit=3151%2C3456&ssl=1","contentUrl":"https:\/\/i0.wp.com\/idnu.ch\/wordpress\/wp-content\/uploads\/2016\/02\/logo_150x165.gif?fit=3151%2C3456&ssl=1","width":3151,"height":3456,"caption":"Urs Kyburz"},"logo":{"@id":"https:\/\/i0.wp.com\/idnu.ch\/wordpress\/wp-content\/uploads\/2016\/02\/logo_150x165.gif?fit=3151%2C3456&ssl=1"}}]}},"jetpack_publicize_connections":[],"jetpack_featured_media_url":"https:\/\/i0.wp.com\/idnu.ch\/wordpress\/wp-content\/uploads\/2016\/08\/reusstour_0010.jpg?fit=1400%2C1050&ssl=1","jetpack_sharing_enabled":true,"jetpack_shortlink":"https:\/\/wp.me\/p6MmGG-1mu","jetpack-related-posts":[{"id":7375,"url":"https:\/\/idnu.ch\/wordpress\/ab-aufs-velo\/","url_meta":{"origin":5238,"position":0},"title":"Ab aufs Velo!","author":"Urs Kyburz","date":"3. April 2017","format":false,"excerpt":"Der Fr\u00fchling ist definitiv da! Nun haben auch Sch\u00f6nundwarmwetterradler keine Ausrede mehr. Spinnweben und Staub wegputzen, Kette \u00f6len, Reifen pumpen und los! Und da allern\u00e4chstens die Kirschb\u00e4ume bl\u00fchen, lohnt sich eine entspannte Velotour gerade noch einmal mehr. Und wo findet man solche Touren? Hier meine zehn Tipps. Rund um den\u2026","rel":"","context":"In &quot;Aargau&quot;","block_context":{"text":"Aargau","link":"https:\/\/idnu.ch\/wordpress\/category\/kanton\/aargau\/"},"img":{"alt_text":"","src":"https:\/\/i0.wp.com\/idnu.ch\/wordpress\/wp-content\/uploads\/2016\/06\/mtv15_0036.jpg?fit=1024%2C768&ssl=1&resize=350%2C200","width":350,"height":200,"srcset":"https:\/\/i0.wp.com\/idnu.ch\/wordpress\/wp-content\/uploads\/2016\/06\/mtv15_0036.jpg?fit=1024%2C768&ssl=1&resize=350%2C200 1x, https:\/\/i0.wp.com\/idnu.ch\/wordpress\/wp-content\/uploads\/2016\/06\/mtv15_0036.jpg?fit=1024%2C768&ssl=1&resize=525%2C300 1.5x, https:\/\/i0.wp.com\/idnu.ch\/wordpress\/wp-content\/uploads\/2016\/06\/mtv15_0036.jpg?fit=1024%2C768&ssl=1&resize=700%2C400 2x"},"classes":[]},{"id":7428,"url":"https:\/\/idnu.ch\/wordpress\/9-naturerlebnisse-fuer-den-fruehling\/","url_meta":{"origin":5238,"position":1},"title":"9 Naturerlebnisse f\u00fcr den Fr\u00fchling","author":"Urs Kyburz","date":"10. April 2017","format":false,"excerpt":"Es ist un\u00fcbersehbar, wir stehen mitten im Fr\u00fchling. Die Kirschb\u00e4ume bl\u00fchen, die Bienen summen und viele Sommerg\u00e4ste unter den V\u00f6geln sind wieder zur\u00fcck. Es ist also die beste Gelegenheit, der Natur beim Wachsen zuzuschauen. An diesen neun Orten kann man das besonders gut. Und das Gute f\u00fcr weniger Gel\u00e4ndeg\u00e4ngige: Fast\u2026","rel":"","context":"In &quot;Aargau&quot;","block_context":{"text":"Aargau","link":"https:\/\/idnu.ch\/wordpress\/category\/kanton\/aargau\/"},"img":{"alt_text":"","src":"https:\/\/i0.wp.com\/idnu.ch\/wordpress\/wp-content\/uploads\/2016\/05\/stille_reuss_0003.jpg?fit=1200%2C800&ssl=1&resize=350%2C200","width":350,"height":200,"srcset":"https:\/\/i0.wp.com\/idnu.ch\/wordpress\/wp-content\/uploads\/2016\/05\/stille_reuss_0003.jpg?fit=1200%2C800&ssl=1&resize=350%2C200 1x, https:\/\/i0.wp.com\/idnu.ch\/wordpress\/wp-content\/uploads\/2016\/05\/stille_reuss_0003.jpg?fit=1200%2C800&ssl=1&resize=525%2C300 1.5x, https:\/\/i0.wp.com\/idnu.ch\/wordpress\/wp-content\/uploads\/2016\/05\/stille_reuss_0003.jpg?fit=1200%2C800&ssl=1&resize=700%2C400 2x, https:\/\/i0.wp.com\/idnu.ch\/wordpress\/wp-content\/uploads\/2016\/05\/stille_reuss_0003.jpg?fit=1200%2C800&ssl=1&resize=1050%2C600 3x"},"classes":[]},{"id":108,"url":"https:\/\/idnu.ch\/wordpress\/biketour-hallwilersee-reloaded\/","url_meta":{"origin":5238,"position":2},"title":"Biketour Hallwilersee reloaded","author":"Urs Kyburz","date":"20. April 2015","format":"gallery","excerpt":"Schon mal haben wir diese Tour gemacht (Tourentipp: Velotour am Hallwilersee). Das ist jetzt schon vier Jahre her, die Kinder fahren beide selber, beide mit neuen (resp. anderen) Bikes. Der Gr\u00f6ssere hat nun eines mit 29\"-R\u00e4dern, gr\u00f6sser als unsere! Der Charakter ist aber immer noch gleich: Alleine unterwegs von Reinach\u2026","rel":"","context":"In &quot;Aargau&quot;","block_context":{"text":"Aargau","link":"https:\/\/idnu.ch\/wordpress\/category\/kanton\/aargau\/"},"img":{"alt_text":"","src":"https:\/\/i0.wp.com\/idnu.ch\/wordpress\/wp-content\/uploads\/2016\/04\/bths_0032.jpg?fit=1024%2C768&ssl=1&resize=350%2C200","width":350,"height":200,"srcset":"https:\/\/i0.wp.com\/idnu.ch\/wordpress\/wp-content\/uploads\/2016\/04\/bths_0032.jpg?fit=1024%2C768&ssl=1&resize=350%2C200 1x, https:\/\/i0.wp.com\/idnu.ch\/wordpress\/wp-content\/uploads\/2016\/04\/bths_0032.jpg?fit=1024%2C768&ssl=1&resize=525%2C300 1.5x, https:\/\/i0.wp.com\/idnu.ch\/wordpress\/wp-content\/uploads\/2016\/04\/bths_0032.jpg?fit=1024%2C768&ssl=1&resize=700%2C400 2x"},"classes":[]},{"id":9195,"url":"https:\/\/idnu.ch\/wordpress\/durchs-wasserschloss-nach-baden\/","url_meta":{"origin":5238,"position":3},"title":"Durchs Wasserschloss nach Baden","author":"Urs Kyburz","date":"15. Januar 2018","format":false,"excerpt":"Die Familie das ganze Wochenende im Schnee und an der Sonne, ich kann nicht mit. Was also tun? Vom Jura-H\u00f6henweg sind wir bereits die Strecke von Dielsdorf bis Oensingen gewandert, nur das St\u00fcck zwischen Brugg und Baden fehlt noch. Also? Start in Brugg Hochnebel ist angesagt f\u00fcr diesen Samstag, ich\u2026","rel":"","context":"In &quot;Aargau&quot;","block_context":{"text":"Aargau","link":"https:\/\/idnu.ch\/wordpress\/category\/kanton\/aargau\/"},"img":{"alt_text":"Bahnhof und L\u00e4gern von der Ruine aus","src":"https:\/\/i0.wp.com\/idnu.ch\/wordpress\/wp-content\/uploads\/2018\/01\/brugg_baden-47-20180113.jpg?fit=1200%2C800&ssl=1&resize=350%2C200","width":350,"height":200,"srcset":"https:\/\/i0.wp.com\/idnu.ch\/wordpress\/wp-content\/uploads\/2018\/01\/brugg_baden-47-20180113.jpg?fit=1200%2C800&ssl=1&resize=350%2C200 1x, https:\/\/i0.wp.com\/idnu.ch\/wordpress\/wp-content\/uploads\/2018\/01\/brugg_baden-47-20180113.jpg?fit=1200%2C800&ssl=1&resize=525%2C300 1.5x, https:\/\/i0.wp.com\/idnu.ch\/wordpress\/wp-content\/uploads\/2018\/01\/brugg_baden-47-20180113.jpg?fit=1200%2C800&ssl=1&resize=700%2C400 2x, https:\/\/i0.wp.com\/idnu.ch\/wordpress\/wp-content\/uploads\/2018\/01\/brugg_baden-47-20180113.jpg?fit=1200%2C800&ssl=1&resize=1050%2C600 3x"},"classes":[]},{"id":201,"url":"https:\/\/idnu.ch\/wordpress\/velotour-ein-puzzleteil-mehr-und-viel-gelernt-ueber-den-biber\/","url_meta":{"origin":5238,"position":4},"title":"Ein Puzzleteil mehr und viel gelernt \u00fcber den Biber","author":"Urs Kyburz","date":"1. Juli 2013","format":false,"excerpt":"Im Herbst '11 starteten wir in Meiringen, um der Aare (Route 8) entlang zu fahren. Wegen schlechtem und kaltem Wetter mussten wir in Selzach, kurz vor Solothurn, abbrechen. Am letzten Juni-Sonntag dieses Jahres konnten wir einen Teil nachholen. Wir fuhren von Olten nach Aarwangen. Dort trafen wir einen Experten f\u00fcr\u2026","rel":"","context":"In &quot;Aargau Region&quot;","block_context":{"text":"Aargau Region","link":"https:\/\/idnu.ch\/wordpress\/category\/tourismusregionen\/aargau-region\/"},"img":{"alt_text":"Im Biberrevier","src":"https:\/\/i0.wp.com\/idnu.ch\/wordpress\/wp-content\/uploads\/2013\/07\/IMG_2964.jpg?fit=1200%2C800&ssl=1&resize=350%2C200","width":350,"height":200,"srcset":"https:\/\/i0.wp.com\/idnu.ch\/wordpress\/wp-content\/uploads\/2013\/07\/IMG_2964.jpg?fit=1200%2C800&ssl=1&resize=350%2C200 1x, https:\/\/i0.wp.com\/idnu.ch\/wordpress\/wp-content\/uploads\/2013\/07\/IMG_2964.jpg?fit=1200%2C800&ssl=1&resize=525%2C300 1.5x, https:\/\/i0.wp.com\/idnu.ch\/wordpress\/wp-content\/uploads\/2013\/07\/IMG_2964.jpg?fit=1200%2C800&ssl=1&resize=700%2C400 2x, https:\/\/i0.wp.com\/idnu.ch\/wordpress\/wp-content\/uploads\/2013\/07\/IMG_2964.jpg?fit=1200%2C800&ssl=1&resize=1050%2C600 3x"},"classes":[]},{"id":2914,"url":"https:\/\/idnu.ch\/wordpress\/vater-sohn-biketour-an-den-hallwilersee\/","url_meta":{"origin":5238,"position":5},"title":"Vater-Sohn-Biketour an den Hallwilersee","author":"Urs Kyburz","date":"28. Februar 2016","format":"gallery","excerpt":"F\u00fcr die Saison-Er\u00f6ffnung suchten wir uns eine kurze Tour aus, die bereits mehrfach durchgef\u00fchrte Ermensee-Hallwilersee-Tour (hier\u00a0und\u00a0hier). Allerdings mussten wir, da die Schiffe noch nicht fahren, die Tour nach Beinwil machen. Wir starteten zu dritt, nach Schwarzenbach kehrte die Frau wieder um, weil sie noch nicht so fit war, so dass\u2026","rel":"","context":"In &quot;Aargau&quot;","block_context":{"text":"Aargau","link":"https:\/\/idnu.ch\/wordpress\/category\/kanton\/aargau\/"},"img":{"alt_text":"Aesch am anderen Ufer","src":"https:\/\/i0.wp.com\/idnu.ch\/wordpress\/wp-content\/uploads\/2016\/02\/ermensee_0016.jpg?fit=1200%2C900&ssl=1&resize=350%2C200","width":350,"height":200,"srcset":"https:\/\/i0.wp.com\/idnu.ch\/wordpress\/wp-content\/uploads\/2016\/02\/ermensee_0016.jpg?fit=1200%2C900&ssl=1&resize=350%2C200 1x, https:\/\/i0.wp.com\/idnu.ch\/wordpress\/wp-content\/uploads\/2016\/02\/ermensee_0016.jpg?fit=1200%2C900&ssl=1&resize=525%2C300 1.5x, https:\/\/i0.wp.com\/idnu.ch\/wordpress\/wp-content\/uploads\/2016\/02\/ermensee_0016.jpg?fit=1200%2C900&ssl=1&resize=700%2C400 2x, https:\/\/i0.wp.com\/idnu.ch\/wordpress\/wp-content\/uploads\/2016\/02\/ermensee_0016.jpg?fit=1200%2C900&ssl=1&resize=1050%2C600 3x"},"classes":[]}],"jetpack_likes_enabled":true,"_links":{"self":[{"href":"https:\/\/idnu.ch\/wordpress\/wp-json\/wp\/v2\/posts\/5238","targetHints":{"allow":["GET"]}}],"collection":[{"href":"https:\/\/idnu.ch\/wordpress\/wp-json\/wp\/v2\/posts"}],"about":[{"href":"https:\/\/idnu.ch\/wordpress\/wp-json\/wp\/v2\/types\/post"}],"author":[{"embeddable":true,"href":"https:\/\/idnu.ch\/wordpress\/wp-json\/wp\/v2\/users\/2"}],"replies":[{"embeddable":true,"href":"https:\/\/idnu.ch\/wordpress\/wp-json\/wp\/v2\/comments?post=5238"}],"version-history":[{"count":13,"href":"https:\/\/idnu.ch\/wordpress\/wp-json\/wp\/v2\/posts\/5238\/revisions"}],"predecessor-version":[{"id":11979,"href":"https:\/\/idnu.ch\/wordpress\/wp-json\/wp\/v2\/posts\/5238\/revisions\/11979"}],"wp:featuredmedia":[{"embeddable":true,"href":"https:\/\/idnu.ch\/wordpress\/wp-json\/wp\/v2\/media\/5253"}],"wp:attachment":[{"href":"https:\/\/idnu.ch\/wordpress\/wp-json\/wp\/v2\/media?parent=5238"}],"wp:term":[{"taxonomy":"category","embeddable":true,"href":"https:\/\/idnu.ch\/wordpress\/wp-json\/wp\/v2\/categories?post=5238"},{"taxonomy":"post_tag","embeddable":true,"href":"https:\/\/idnu.ch\/wordpress\/wp-json\/wp\/v2\/tags?post=5238"}],"curies":[{"name":"wp","href":"https:\/\/api.w.org\/{rel}","templated":true}]}}