{"id":7175,"date":"2017-02-05T21:51:42","date_gmt":"2017-02-05T20:51:42","guid":{"rendered":"http:\/\/idnu.ch\/wordpress\/?p=7175"},"modified":"2022-07-04T16:34:08","modified_gmt":"2022-07-04T14:34:08","slug":"wo-bleibt-der-schnee","status":"publish","type":"post","link":"https:\/\/idnu.ch\/wordpress\/wo-bleibt-der-schnee\/","title":{"rendered":"Wo bleibt der Schnee?"},"content":{"rendered":"<p>Das mit dem Schnee ist in diesem Winter so eine Sache. Fr\u00fch im November schneite es, dann wurde es wieder warm, bis anfangs Januar gab es kaum mehr Schnee. Dann kam er doch noch, man dachte, es werde nun besser. Im Januar war es zwar kalt bis sehr kalt, aber es gab halt keine weiteren Schneef\u00e4lle, so dass der Schnee hart wurde. Und dann kam auch noch der Regen bis weit hinauf. Kurz: Es ist ein Kreuz mit dem Schnee in diesem Winter. So wie letztes Jahr schon.<\/p>\n<figure id=\"attachment_7178\" aria-describedby=\"caption-attachment-7178\" style=\"width: 1400px\" class=\"wp-caption aligncenter\"><img data-recalc-dims=\"1\" loading=\"lazy\" decoding=\"async\" data-attachment-id=\"7178\" data-permalink=\"https:\/\/idnu.ch\/wordpress\/wo-bleibt-der-schnee\/soerenberg_skifahren-1\/#main\" data-orig-file=\"https:\/\/i0.wp.com\/idnu.ch\/wordpress\/wp-content\/uploads\/2017\/02\/soerenberg_skifahren-1.jpg?fit=1400%2C788&amp;ssl=1\" data-orig-size=\"1400,788\" data-comments-opened=\"1\" data-image-meta=\"{&quot;aperture&quot;:&quot;2&quot;,&quot;credit&quot;:&quot;Urs Kyburz&quot;,&quot;camera&quot;:&quot;D6503&quot;,&quot;caption&quot;:&quot;&quot;,&quot;created_timestamp&quot;:&quot;1486282848&quot;,&quot;copyright&quot;:&quot;\\u00a9 Urs Kyburz&quot;,&quot;focal_length&quot;:&quot;4.9&quot;,&quot;iso&quot;:&quot;50&quot;,&quot;shutter_speed&quot;:&quot;0.01&quot;,&quot;title&quot;:&quot;&quot;,&quot;orientation&quot;:&quot;0&quot;}\" data-image-title=\"Kein Schnee, keine Skitour\" data-image-description=\"\" data-image-caption=\"&lt;p&gt;Kein Schnee, keine Skitour&lt;\/p&gt;\n\" data-large-file=\"https:\/\/i0.wp.com\/idnu.ch\/wordpress\/wp-content\/uploads\/2017\/02\/soerenberg_skifahren-1.jpg?fit=750%2C422&amp;ssl=1\" class=\"size-full wp-image-7178\" src=\"https:\/\/i0.wp.com\/idnu.ch\/wordpress\/wp-content\/uploads\/2017\/02\/soerenberg_skifahren-1.jpg?resize=750%2C422&#038;ssl=1\" alt=\"Kein Schnee, keine Skitour\" width=\"750\" height=\"422\" srcset=\"https:\/\/i0.wp.com\/idnu.ch\/wordpress\/wp-content\/uploads\/2017\/02\/soerenberg_skifahren-1.jpg?w=1400&amp;ssl=1 1400w, https:\/\/i0.wp.com\/idnu.ch\/wordpress\/wp-content\/uploads\/2017\/02\/soerenberg_skifahren-1.jpg?resize=300%2C169&amp;ssl=1 300w, https:\/\/i0.wp.com\/idnu.ch\/wordpress\/wp-content\/uploads\/2017\/02\/soerenberg_skifahren-1.jpg?resize=768%2C432&amp;ssl=1 768w, https:\/\/i0.wp.com\/idnu.ch\/wordpress\/wp-content\/uploads\/2017\/02\/soerenberg_skifahren-1.jpg?resize=1024%2C576&amp;ssl=1 1024w, https:\/\/i0.wp.com\/idnu.ch\/wordpress\/wp-content\/uploads\/2017\/02\/soerenberg_skifahren-1.jpg?resize=178%2C100&amp;ssl=1 178w\" sizes=\"auto, (max-width: 750px) 100vw, 750px\" \/><figcaption id=\"caption-attachment-7178\" class=\"wp-caption-text\">Kein Schnee, keine Skitour<\/figcaption><\/figure>\n<p>Heute wollten wir auf eine Skitour bei S\u00f6renberg gehen, auf die Haglere. Wir wir dort ankamen, pr\u00e4sentierten sich uns die H\u00e4nge schlicht schneefrei, nur leicht angezuckert. Diese Tour konnten wir gleich vergessen. Auch andere Touren waren nicht m\u00f6glich, zu wenig Schnee. So fuhren wir halt am Morgen auf den Pisten von S\u00f6renberg. So richtig Spass machte es aber nicht auf den eisigen Pisten.<\/p>\n<div data-carousel-extra='{&quot;blog_id&quot;:1,&quot;permalink&quot;:&quot;https:\/\/idnu.ch\/wordpress\/wo-bleibt-der-schnee\/&quot;}' id='gallery-1' class='gallery galleryid-7175 gallery-columns-1 gallery-size-anemone-featured'><figure class='gallery-item'>\n\t\t\t<div class='gallery-icon landscape'>\n\t\t\t\t<a href='https:\/\/idnu.ch\/wordpress\/wo-bleibt-der-schnee\/soerenberg_skifahren-2\/#main'><img loading=\"lazy\" decoding=\"async\" width=\"720\" height=\"540\" src=\"https:\/\/i0.wp.com\/idnu.ch\/wordpress\/wp-content\/uploads\/2017\/02\/soerenberg_skifahren-2.jpg?resize=720%2C540&amp;ssl=1\" class=\"attachment-anemone-featured size-anemone-featured\" alt=\"Blick zum Hohgant\" aria-describedby=\"gallery-1-7179\" data-attachment-id=\"7179\" data-permalink=\"https:\/\/idnu.ch\/wordpress\/wo-bleibt-der-schnee\/soerenberg_skifahren-2\/#main\" data-orig-file=\"https:\/\/i0.wp.com\/idnu.ch\/wordpress\/wp-content\/uploads\/2017\/02\/soerenberg_skifahren-2.jpg?fit=1400%2C788&amp;ssl=1\" data-orig-size=\"1400,788\" data-comments-opened=\"1\" data-image-meta=\"{&quot;aperture&quot;:&quot;2&quot;,&quot;credit&quot;:&quot;Urs Kyburz&quot;,&quot;camera&quot;:&quot;D6503&quot;,&quot;caption&quot;:&quot;&quot;,&quot;created_timestamp&quot;:&quot;1486286343&quot;,&quot;copyright&quot;:&quot;\\u00a9 Urs Kyburz&quot;,&quot;focal_length&quot;:&quot;4.9&quot;,&quot;iso&quot;:&quot;50&quot;,&quot;shutter_speed&quot;:&quot;0.0025&quot;,&quot;title&quot;:&quot;&quot;,&quot;orientation&quot;:&quot;0&quot;}\" data-image-title=\"Blick zum Hohgant\" data-image-description=\"\" data-image-caption=\"&lt;p&gt;Blick zum Hohgant&lt;\/p&gt;\n\" data-large-file=\"https:\/\/i0.wp.com\/idnu.ch\/wordpress\/wp-content\/uploads\/2017\/02\/soerenberg_skifahren-2.jpg?fit=750%2C422&amp;ssl=1\" \/><\/a>\n\t\t\t<\/div>\n\t\t\t\t<figcaption class='wp-caption-text gallery-caption' id='gallery-1-7179'>\n\t\t\t\tBlick zum Hohgant\n\t\t\t\t<\/figcaption><\/figure><figure class='gallery-item'>\n\t\t\t<div class='gallery-icon landscape'>\n\t\t\t\t<a href='https:\/\/idnu.ch\/wordpress\/wo-bleibt-der-schnee\/soerenberg_skifahren-3\/#main'><img loading=\"lazy\" decoding=\"async\" width=\"720\" height=\"540\" src=\"https:\/\/i0.wp.com\/idnu.ch\/wordpress\/wp-content\/uploads\/2017\/02\/soerenberg_skifahren-3.jpg?resize=720%2C540&amp;ssl=1\" class=\"attachment-anemone-featured size-anemone-featured\" alt=\"Auf den vereisten Pisten\" aria-describedby=\"gallery-1-7180\" data-attachment-id=\"7180\" data-permalink=\"https:\/\/idnu.ch\/wordpress\/wo-bleibt-der-schnee\/soerenberg_skifahren-3\/#main\" data-orig-file=\"https:\/\/i0.wp.com\/idnu.ch\/wordpress\/wp-content\/uploads\/2017\/02\/soerenberg_skifahren-3.jpg?fit=1400%2C788&amp;ssl=1\" data-orig-size=\"1400,788\" data-comments-opened=\"1\" data-image-meta=\"{&quot;aperture&quot;:&quot;2&quot;,&quot;credit&quot;:&quot;Urs Kyburz&quot;,&quot;camera&quot;:&quot;D6503&quot;,&quot;caption&quot;:&quot;&quot;,&quot;created_timestamp&quot;:&quot;1486286350&quot;,&quot;copyright&quot;:&quot;\\u00a9 Urs Kyburz&quot;,&quot;focal_length&quot;:&quot;4.9&quot;,&quot;iso&quot;:&quot;50&quot;,&quot;shutter_speed&quot;:&quot;0.00125&quot;,&quot;title&quot;:&quot;&quot;,&quot;orientation&quot;:&quot;0&quot;}\" data-image-title=\"Auf den vereisten Pisten\" data-image-description=\"\" data-image-caption=\"&lt;p&gt;Auf den vereisten Pisten&lt;\/p&gt;\n\" data-large-file=\"https:\/\/i0.wp.com\/idnu.ch\/wordpress\/wp-content\/uploads\/2017\/02\/soerenberg_skifahren-3.jpg?fit=750%2C422&amp;ssl=1\" \/><\/a>\n\t\t\t<\/div>\n\t\t\t\t<figcaption class='wp-caption-text gallery-caption' id='gallery-1-7180'>\n\t\t\t\tAuf den vereisten Pisten\n\t\t\t\t<\/figcaption><\/figure><figure class='gallery-item'>\n\t\t\t<div class='gallery-icon landscape'>\n\t\t\t\t<a href='https:\/\/idnu.ch\/wordpress\/wo-bleibt-der-schnee\/soerenberg_skifahren-5\/#main'><img loading=\"lazy\" decoding=\"async\" width=\"720\" height=\"540\" src=\"https:\/\/i0.wp.com\/idnu.ch\/wordpress\/wp-content\/uploads\/2017\/02\/soerenberg_skifahren-5.jpg?resize=720%2C540&amp;ssl=1\" class=\"attachment-anemone-featured size-anemone-featured\" alt=\"Zuwenig Schnee\" aria-describedby=\"gallery-1-7181\" data-attachment-id=\"7181\" data-permalink=\"https:\/\/idnu.ch\/wordpress\/wo-bleibt-der-schnee\/soerenberg_skifahren-5\/#main\" data-orig-file=\"https:\/\/i0.wp.com\/idnu.ch\/wordpress\/wp-content\/uploads\/2017\/02\/soerenberg_skifahren-5.jpg?fit=1400%2C788&amp;ssl=1\" data-orig-size=\"1400,788\" data-comments-opened=\"1\" data-image-meta=\"{&quot;aperture&quot;:&quot;2&quot;,&quot;credit&quot;:&quot;Urs Kyburz&quot;,&quot;camera&quot;:&quot;D6503&quot;,&quot;caption&quot;:&quot;&quot;,&quot;created_timestamp&quot;:&quot;1486292478&quot;,&quot;copyright&quot;:&quot;\\u00a9 Urs Kyburz&quot;,&quot;focal_length&quot;:&quot;4.9&quot;,&quot;iso&quot;:&quot;50&quot;,&quot;shutter_speed&quot;:&quot;0.000625&quot;,&quot;title&quot;:&quot;&quot;,&quot;orientation&quot;:&quot;0&quot;}\" data-image-title=\"Zuwenig Schnee\" data-image-description=\"\" data-image-caption=\"&lt;p&gt;Zuwenig Schnee&lt;\/p&gt;\n\" data-large-file=\"https:\/\/i0.wp.com\/idnu.ch\/wordpress\/wp-content\/uploads\/2017\/02\/soerenberg_skifahren-5.jpg?fit=750%2C422&amp;ssl=1\" \/><\/a>\n\t\t\t<\/div>\n\t\t\t\t<figcaption class='wp-caption-text gallery-caption' id='gallery-1-7181'>\n\t\t\t\tZuwenig Schnee\n\t\t\t\t<\/figcaption><\/figure>\n\t\t<\/div>\n\n<div style=\"width: 750px;\" class=\"wp-video\"><video class=\"wp-video-shortcode\" id=\"video-7175-1\" width=\"750\" height=\"422\" preload=\"metadata\" controls=\"controls\"><source type=\"video\/mp4\" src=\"https:\/\/idnu.ch\/wordpress\/wp-content\/uploads\/2017\/02\/20170205_soerenberg.mp4?_=1\" \/><a href=\"https:\/\/idnu.ch\/wordpress\/wp-content\/uploads\/2017\/02\/20170205_soerenberg.mp4\">https:\/\/idnu.ch\/wordpress\/wp-content\/uploads\/2017\/02\/20170205_soerenberg.mp4<\/a><\/video><\/div>\n<p>Ist das nun dieser Klimawandel? Diesen Mangel nur diesem Ph\u00e4nomen zuzuschreiben, w\u00e4re falsch, solche schneearmen Winter gibt es immer wieder. Schaut man sich aber die Entwicklung an, so m\u00fcsste dem D\u00fcmmsten auffallen, dass die Klimaerw\u00e4rmung menschengemacht ist und bedrohliche Formen annimmt. Aber leider gibt es sogar Regierungen, die das nicht einsehen wollen aus reinem Profitdenken. Unsere Generation wird vielleicht noch mit einem blauen Auge davonkommen, k\u00fcnftige werden aber um die blosse Existenz k\u00e4mpfen. Und in der aktuellen Weltlage l\u00e4sst sich das Problem sowieso nicht angehen geschweige denn l\u00f6sen. Bei diesen Aussichten ist man schon versucht zu resignieren.<\/p>\n","protected":false},"excerpt":{"rendered":"<p>Das mit dem Schnee ist in diesem Winter so eine Sache. Fr\u00fch im&#8230;<\/p>\n","protected":false},"author":2,"featured_media":7178,"comment_status":"open","ping_status":"open","sticky":false,"template":"","format":"standard","meta":{"_monsterinsights_skip_tracking":false,"_monsterinsights_sitenote_active":false,"_monsterinsights_sitenote_note":"","_monsterinsights_sitenote_category":0,"jetpack_post_was_ever_published":false,"_jetpack_newsletter_access":"","_jetpack_dont_email_post_to_subs":false,"_jetpack_newsletter_tier_id":0,"_jetpack_memberships_contains_paywalled_content":false,"_jetpack_memberships_contains_paid_content":false,"footnotes":"","jetpack_publicize_message":"","jetpack_publicize_feature_enabled":true,"jetpack_social_post_already_shared":true,"jetpack_social_options":{"image_generator_settings":{"template":"highway","default_image_id":0,"font":"","enabled":false},"version":2}},"categories":[17],"tags":[1348,1494,938,939,606,659],"class_list":["post-7175","post","type-post","status-publish","format-standard","has-post-thumbnail","hentry","category-verschiedenes","tag-biosphaere-entlebuch","tag-entlebuch","tag-klimaerwaermung","tag-klimawandel","tag-schnee","tag-skifahren"],"geo":{"latitude":46.80771639999999678138919989578425884246826171875,"longitude":8.0371360999999996721498973784036934375762939453125,"description":null},"yoast_head":"<!-- This site is optimized with the Yoast SEO plugin v27.4 - https:\/\/yoast.com\/product\/yoast-seo-wordpress\/ -->\n<title>Wo bleibt der Schnee? - In der Natur unterwegs<\/title>\n<meta name=\"description\" content=\"Der Schnee kommt, der Schnee geht, der Schnee kommt. Es ist ein Kreuz damit in diesem Winter. Wo bleibt der Schnee, wenn man mal skifahren will?\" \/>\n<meta name=\"robots\" content=\"index, follow, max-snippet:-1, max-image-preview:large, max-video-preview:-1\" \/>\n<link rel=\"canonical\" href=\"https:\/\/idnu.ch\/wordpress\/wo-bleibt-der-schnee\/\" \/>\n<meta property=\"og:locale\" content=\"de_DE\" \/>\n<meta property=\"og:type\" content=\"article\" \/>\n<meta property=\"og:title\" content=\"Wo bleibt der Schnee? - In der Natur unterwegs\" \/>\n<meta property=\"og:description\" content=\"Der Schnee kommt, der Schnee geht, der Schnee kommt. Es ist ein Kreuz damit in diesem Winter. Wo bleibt der Schnee, wenn man mal skifahren will?\" \/>\n<meta property=\"og:url\" content=\"https:\/\/idnu.ch\/wordpress\/wo-bleibt-der-schnee\/\" \/>\n<meta property=\"og:site_name\" content=\"In der Natur unterwegs\" \/>\n<meta property=\"article:published_time\" content=\"2017-02-05T20:51:42+00:00\" \/>\n<meta property=\"article:modified_time\" content=\"2022-07-04T14:34:08+00:00\" \/>\n<meta property=\"og:image\" content=\"https:\/\/idnu.ch\/wordpress\/wp-content\/uploads\/2017\/02\/soerenberg_skifahren-1.jpg\" \/>\n\t<meta property=\"og:image:width\" content=\"1400\" \/>\n\t<meta property=\"og:image:height\" content=\"788\" \/>\n\t<meta property=\"og:image:type\" content=\"image\/jpeg\" \/>\n<meta name=\"author\" content=\"Urs Kyburz\" \/>\n<meta name=\"twitter:card\" content=\"summary_large_image\" \/>\n<meta name=\"twitter:creator\" content=\"@idnu_ch\" \/>\n<meta name=\"twitter:site\" content=\"@idnu_ch\" \/>\n<meta name=\"twitter:label1\" content=\"Verfasst von\" \/>\n\t<meta name=\"twitter:data1\" content=\"Urs Kyburz\" \/>\n\t<meta name=\"twitter:label2\" content=\"Gesch\u00e4tzte Lesezeit\" \/>\n\t<meta name=\"twitter:data2\" content=\"1\u00a0Minute\" \/>\n<script type=\"application\/ld+json\" class=\"yoast-schema-graph\">{\"@context\":\"https:\\\/\\\/schema.org\",\"@graph\":[{\"@type\":\"Article\",\"@id\":\"https:\\\/\\\/idnu.ch\\\/wordpress\\\/wo-bleibt-der-schnee\\\/#article\",\"isPartOf\":{\"@id\":\"https:\\\/\\\/idnu.ch\\\/wordpress\\\/wo-bleibt-der-schnee\\\/\"},\"author\":{\"name\":\"Urs Kyburz\",\"@id\":\"https:\\\/\\\/idnu.ch\\\/wordpress\\\/#\\\/schema\\\/person\\\/1ab8c5de743be7b019272124c19ad351\"},\"headline\":\"Wo bleibt der Schnee?\",\"datePublished\":\"2017-02-05T20:51:42+00:00\",\"dateModified\":\"2022-07-04T14:34:08+00:00\",\"mainEntityOfPage\":{\"@id\":\"https:\\\/\\\/idnu.ch\\\/wordpress\\\/wo-bleibt-der-schnee\\\/\"},\"wordCount\":297,\"commentCount\":0,\"publisher\":{\"@id\":\"https:\\\/\\\/idnu.ch\\\/wordpress\\\/#\\\/schema\\\/person\\\/1ab8c5de743be7b019272124c19ad351\"},\"image\":{\"@id\":\"https:\\\/\\\/idnu.ch\\\/wordpress\\\/wo-bleibt-der-schnee\\\/#primaryimage\"},\"thumbnailUrl\":\"https:\\\/\\\/i0.wp.com\\\/idnu.ch\\\/wordpress\\\/wp-content\\\/uploads\\\/2017\\\/02\\\/soerenberg_skifahren-1.jpg?fit=1400%2C788&ssl=1\",\"keywords\":[\"Biosph\u00e4re Entlebuch\",\"Entlebuch\",\"Klimaerw\u00e4rmung\",\"Klimawandel\",\"Schnee\",\"SKifahren\"],\"articleSection\":[\"Verschiedenes\"],\"inLanguage\":\"de\",\"potentialAction\":[{\"@type\":\"CommentAction\",\"name\":\"Comment\",\"target\":[\"https:\\\/\\\/idnu.ch\\\/wordpress\\\/wo-bleibt-der-schnee\\\/#respond\"]}]},{\"@type\":\"WebPage\",\"@id\":\"https:\\\/\\\/idnu.ch\\\/wordpress\\\/wo-bleibt-der-schnee\\\/\",\"url\":\"https:\\\/\\\/idnu.ch\\\/wordpress\\\/wo-bleibt-der-schnee\\\/\",\"name\":\"Wo bleibt der Schnee? - In der Natur unterwegs\",\"isPartOf\":{\"@id\":\"https:\\\/\\\/idnu.ch\\\/wordpress\\\/#website\"},\"primaryImageOfPage\":{\"@id\":\"https:\\\/\\\/idnu.ch\\\/wordpress\\\/wo-bleibt-der-schnee\\\/#primaryimage\"},\"image\":{\"@id\":\"https:\\\/\\\/idnu.ch\\\/wordpress\\\/wo-bleibt-der-schnee\\\/#primaryimage\"},\"thumbnailUrl\":\"https:\\\/\\\/i0.wp.com\\\/idnu.ch\\\/wordpress\\\/wp-content\\\/uploads\\\/2017\\\/02\\\/soerenberg_skifahren-1.jpg?fit=1400%2C788&ssl=1\",\"datePublished\":\"2017-02-05T20:51:42+00:00\",\"dateModified\":\"2022-07-04T14:34:08+00:00\",\"description\":\"Der Schnee kommt, der Schnee geht, der Schnee kommt. Es ist ein Kreuz damit in diesem Winter. Wo bleibt der Schnee, wenn man mal skifahren will?\",\"breadcrumb\":{\"@id\":\"https:\\\/\\\/idnu.ch\\\/wordpress\\\/wo-bleibt-der-schnee\\\/#breadcrumb\"},\"inLanguage\":\"de\",\"potentialAction\":[{\"@type\":\"ReadAction\",\"target\":[\"https:\\\/\\\/idnu.ch\\\/wordpress\\\/wo-bleibt-der-schnee\\\/\"]}]},{\"@type\":\"ImageObject\",\"inLanguage\":\"de\",\"@id\":\"https:\\\/\\\/idnu.ch\\\/wordpress\\\/wo-bleibt-der-schnee\\\/#primaryimage\",\"url\":\"https:\\\/\\\/i0.wp.com\\\/idnu.ch\\\/wordpress\\\/wp-content\\\/uploads\\\/2017\\\/02\\\/soerenberg_skifahren-1.jpg?fit=1400%2C788&ssl=1\",\"contentUrl\":\"https:\\\/\\\/i0.wp.com\\\/idnu.ch\\\/wordpress\\\/wp-content\\\/uploads\\\/2017\\\/02\\\/soerenberg_skifahren-1.jpg?fit=1400%2C788&ssl=1\",\"width\":1400,\"height\":788,\"caption\":\"Kein Schnee, keine Skitour\"},{\"@type\":\"BreadcrumbList\",\"@id\":\"https:\\\/\\\/idnu.ch\\\/wordpress\\\/wo-bleibt-der-schnee\\\/#breadcrumb\",\"itemListElement\":[{\"@type\":\"ListItem\",\"position\":1,\"name\":\"Startseite\",\"item\":\"https:\\\/\\\/idnu.ch\\\/wordpress\\\/\"},{\"@type\":\"ListItem\",\"position\":2,\"name\":\"Wo bleibt der Schnee?\"}]},{\"@type\":\"WebSite\",\"@id\":\"https:\\\/\\\/idnu.ch\\\/wordpress\\\/#website\",\"url\":\"https:\\\/\\\/idnu.ch\\\/wordpress\\\/\",\"name\":\"In der Natur unterwegs\",\"description\":\"Dort, wo es am sch\u00f6nsten ist\",\"publisher\":{\"@id\":\"https:\\\/\\\/idnu.ch\\\/wordpress\\\/#\\\/schema\\\/person\\\/1ab8c5de743be7b019272124c19ad351\"},\"potentialAction\":[{\"@type\":\"SearchAction\",\"target\":{\"@type\":\"EntryPoint\",\"urlTemplate\":\"https:\\\/\\\/idnu.ch\\\/wordpress\\\/?s={search_term_string}\"},\"query-input\":{\"@type\":\"PropertyValueSpecification\",\"valueRequired\":true,\"valueName\":\"search_term_string\"}}],\"inLanguage\":\"de\"},{\"@type\":[\"Person\",\"Organization\"],\"@id\":\"https:\\\/\\\/idnu.ch\\\/wordpress\\\/#\\\/schema\\\/person\\\/1ab8c5de743be7b019272124c19ad351\",\"name\":\"Urs Kyburz\",\"image\":{\"@type\":\"ImageObject\",\"inLanguage\":\"de\",\"@id\":\"https:\\\/\\\/i0.wp.com\\\/idnu.ch\\\/wordpress\\\/wp-content\\\/uploads\\\/2016\\\/02\\\/logo_150x165.gif?fit=3151%2C3456&ssl=1\",\"url\":\"https:\\\/\\\/i0.wp.com\\\/idnu.ch\\\/wordpress\\\/wp-content\\\/uploads\\\/2016\\\/02\\\/logo_150x165.gif?fit=3151%2C3456&ssl=1\",\"contentUrl\":\"https:\\\/\\\/i0.wp.com\\\/idnu.ch\\\/wordpress\\\/wp-content\\\/uploads\\\/2016\\\/02\\\/logo_150x165.gif?fit=3151%2C3456&ssl=1\",\"width\":3151,\"height\":3456,\"caption\":\"Urs Kyburz\"},\"logo\":{\"@id\":\"https:\\\/\\\/i0.wp.com\\\/idnu.ch\\\/wordpress\\\/wp-content\\\/uploads\\\/2016\\\/02\\\/logo_150x165.gif?fit=3151%2C3456&ssl=1\"}}]}<\/script>\n<!-- \/ Yoast SEO plugin. -->","yoast_head_json":{"title":"Wo bleibt der Schnee? - In der Natur unterwegs","description":"Der Schnee kommt, der Schnee geht, der Schnee kommt. Es ist ein Kreuz damit in diesem Winter. Wo bleibt der Schnee, wenn man mal skifahren will?","robots":{"index":"index","follow":"follow","max-snippet":"max-snippet:-1","max-image-preview":"max-image-preview:large","max-video-preview":"max-video-preview:-1"},"canonical":"https:\/\/idnu.ch\/wordpress\/wo-bleibt-der-schnee\/","og_locale":"de_DE","og_type":"article","og_title":"Wo bleibt der Schnee? - In der Natur unterwegs","og_description":"Der Schnee kommt, der Schnee geht, der Schnee kommt. Es ist ein Kreuz damit in diesem Winter. Wo bleibt der Schnee, wenn man mal skifahren will?","og_url":"https:\/\/idnu.ch\/wordpress\/wo-bleibt-der-schnee\/","og_site_name":"In der Natur unterwegs","article_published_time":"2017-02-05T20:51:42+00:00","article_modified_time":"2022-07-04T14:34:08+00:00","og_image":[{"width":1400,"height":788,"url":"https:\/\/idnu.ch\/wordpress\/wp-content\/uploads\/2017\/02\/soerenberg_skifahren-1.jpg","type":"image\/jpeg"}],"author":"Urs Kyburz","twitter_card":"summary_large_image","twitter_creator":"@idnu_ch","twitter_site":"@idnu_ch","twitter_misc":{"Verfasst von":"Urs Kyburz","Gesch\u00e4tzte Lesezeit":"1\u00a0Minute"},"schema":{"@context":"https:\/\/schema.org","@graph":[{"@type":"Article","@id":"https:\/\/idnu.ch\/wordpress\/wo-bleibt-der-schnee\/#article","isPartOf":{"@id":"https:\/\/idnu.ch\/wordpress\/wo-bleibt-der-schnee\/"},"author":{"name":"Urs Kyburz","@id":"https:\/\/idnu.ch\/wordpress\/#\/schema\/person\/1ab8c5de743be7b019272124c19ad351"},"headline":"Wo bleibt der Schnee?","datePublished":"2017-02-05T20:51:42+00:00","dateModified":"2022-07-04T14:34:08+00:00","mainEntityOfPage":{"@id":"https:\/\/idnu.ch\/wordpress\/wo-bleibt-der-schnee\/"},"wordCount":297,"commentCount":0,"publisher":{"@id":"https:\/\/idnu.ch\/wordpress\/#\/schema\/person\/1ab8c5de743be7b019272124c19ad351"},"image":{"@id":"https:\/\/idnu.ch\/wordpress\/wo-bleibt-der-schnee\/#primaryimage"},"thumbnailUrl":"https:\/\/i0.wp.com\/idnu.ch\/wordpress\/wp-content\/uploads\/2017\/02\/soerenberg_skifahren-1.jpg?fit=1400%2C788&ssl=1","keywords":["Biosph\u00e4re Entlebuch","Entlebuch","Klimaerw\u00e4rmung","Klimawandel","Schnee","SKifahren"],"articleSection":["Verschiedenes"],"inLanguage":"de","potentialAction":[{"@type":"CommentAction","name":"Comment","target":["https:\/\/idnu.ch\/wordpress\/wo-bleibt-der-schnee\/#respond"]}]},{"@type":"WebPage","@id":"https:\/\/idnu.ch\/wordpress\/wo-bleibt-der-schnee\/","url":"https:\/\/idnu.ch\/wordpress\/wo-bleibt-der-schnee\/","name":"Wo bleibt der Schnee? - In der Natur unterwegs","isPartOf":{"@id":"https:\/\/idnu.ch\/wordpress\/#website"},"primaryImageOfPage":{"@id":"https:\/\/idnu.ch\/wordpress\/wo-bleibt-der-schnee\/#primaryimage"},"image":{"@id":"https:\/\/idnu.ch\/wordpress\/wo-bleibt-der-schnee\/#primaryimage"},"thumbnailUrl":"https:\/\/i0.wp.com\/idnu.ch\/wordpress\/wp-content\/uploads\/2017\/02\/soerenberg_skifahren-1.jpg?fit=1400%2C788&ssl=1","datePublished":"2017-02-05T20:51:42+00:00","dateModified":"2022-07-04T14:34:08+00:00","description":"Der Schnee kommt, der Schnee geht, der Schnee kommt. Es ist ein Kreuz damit in diesem Winter. Wo bleibt der Schnee, wenn man mal skifahren will?","breadcrumb":{"@id":"https:\/\/idnu.ch\/wordpress\/wo-bleibt-der-schnee\/#breadcrumb"},"inLanguage":"de","potentialAction":[{"@type":"ReadAction","target":["https:\/\/idnu.ch\/wordpress\/wo-bleibt-der-schnee\/"]}]},{"@type":"ImageObject","inLanguage":"de","@id":"https:\/\/idnu.ch\/wordpress\/wo-bleibt-der-schnee\/#primaryimage","url":"https:\/\/i0.wp.com\/idnu.ch\/wordpress\/wp-content\/uploads\/2017\/02\/soerenberg_skifahren-1.jpg?fit=1400%2C788&ssl=1","contentUrl":"https:\/\/i0.wp.com\/idnu.ch\/wordpress\/wp-content\/uploads\/2017\/02\/soerenberg_skifahren-1.jpg?fit=1400%2C788&ssl=1","width":1400,"height":788,"caption":"Kein Schnee, keine Skitour"},{"@type":"BreadcrumbList","@id":"https:\/\/idnu.ch\/wordpress\/wo-bleibt-der-schnee\/#breadcrumb","itemListElement":[{"@type":"ListItem","position":1,"name":"Startseite","item":"https:\/\/idnu.ch\/wordpress\/"},{"@type":"ListItem","position":2,"name":"Wo bleibt der Schnee?"}]},{"@type":"WebSite","@id":"https:\/\/idnu.ch\/wordpress\/#website","url":"https:\/\/idnu.ch\/wordpress\/","name":"In der Natur unterwegs","description":"Dort, wo es am sch\u00f6nsten ist","publisher":{"@id":"https:\/\/idnu.ch\/wordpress\/#\/schema\/person\/1ab8c5de743be7b019272124c19ad351"},"potentialAction":[{"@type":"SearchAction","target":{"@type":"EntryPoint","urlTemplate":"https:\/\/idnu.ch\/wordpress\/?s={search_term_string}"},"query-input":{"@type":"PropertyValueSpecification","valueRequired":true,"valueName":"search_term_string"}}],"inLanguage":"de"},{"@type":["Person","Organization"],"@id":"https:\/\/idnu.ch\/wordpress\/#\/schema\/person\/1ab8c5de743be7b019272124c19ad351","name":"Urs Kyburz","image":{"@type":"ImageObject","inLanguage":"de","@id":"https:\/\/i0.wp.com\/idnu.ch\/wordpress\/wp-content\/uploads\/2016\/02\/logo_150x165.gif?fit=3151%2C3456&ssl=1","url":"https:\/\/i0.wp.com\/idnu.ch\/wordpress\/wp-content\/uploads\/2016\/02\/logo_150x165.gif?fit=3151%2C3456&ssl=1","contentUrl":"https:\/\/i0.wp.com\/idnu.ch\/wordpress\/wp-content\/uploads\/2016\/02\/logo_150x165.gif?fit=3151%2C3456&ssl=1","width":3151,"height":3456,"caption":"Urs Kyburz"},"logo":{"@id":"https:\/\/i0.wp.com\/idnu.ch\/wordpress\/wp-content\/uploads\/2016\/02\/logo_150x165.gif?fit=3151%2C3456&ssl=1"}}]}},"jetpack_publicize_connections":[],"jetpack_featured_media_url":"https:\/\/i0.wp.com\/idnu.ch\/wordpress\/wp-content\/uploads\/2017\/02\/soerenberg_skifahren-1.jpg?fit=1400%2C788&ssl=1","jetpack_sharing_enabled":true,"jetpack_shortlink":"https:\/\/wp.me\/p6MmGG-1RJ","jetpack-related-posts":[{"id":19700,"url":"https:\/\/idnu.ch\/wordpress\/skitourensaisoneroeffnung-auf-dem-schibeguetsch\/","url_meta":{"origin":7175,"position":0},"title":"Skitourensaisoner\u00f6ffnung auf dem Schibeg\u00fctsch","author":"Urs Kyburz","date":"29. Januar 2022","format":false,"excerpt":"Das gab es schon lange nicht mehr: Bereits im Dezember war f\u00fcr uns die Skitourensaisoner\u00f6ffnung auf dem Schibeg\u00fctsch. Dieser ist die s\u00fcdlichste Erhebung im Schrattenfluhmassiv im S\u00f6renberg und bietet einen unvergleichlichen Ausblick bis zum Jura. Auf bekannten Wegen Nach einem Missverst\u00e4ndnis starten wir Dreiviertel Stunden sp\u00e4ter zur Tour als geplant,\u2026","rel":"","context":"In &quot;Luzern&quot;","block_context":{"text":"Luzern","link":"https:\/\/idnu.ch\/wordpress\/category\/kanton\/luzern\/"},"img":{"alt_text":"Skitour wie sie muss","src":"https:\/\/i0.wp.com\/idnu.ch\/wordpress\/wp-content\/uploads\/2022\/01\/schibeguetsch-20211219-21.jpg?fit=1200%2C800&ssl=1&resize=350%2C200","width":350,"height":200,"srcset":"https:\/\/i0.wp.com\/idnu.ch\/wordpress\/wp-content\/uploads\/2022\/01\/schibeguetsch-20211219-21.jpg?fit=1200%2C800&ssl=1&resize=350%2C200 1x, https:\/\/i0.wp.com\/idnu.ch\/wordpress\/wp-content\/uploads\/2022\/01\/schibeguetsch-20211219-21.jpg?fit=1200%2C800&ssl=1&resize=525%2C300 1.5x, https:\/\/i0.wp.com\/idnu.ch\/wordpress\/wp-content\/uploads\/2022\/01\/schibeguetsch-20211219-21.jpg?fit=1200%2C800&ssl=1&resize=700%2C400 2x, https:\/\/i0.wp.com\/idnu.ch\/wordpress\/wp-content\/uploads\/2022\/01\/schibeguetsch-20211219-21.jpg?fit=1200%2C800&ssl=1&resize=1050%2C600 3x"},"classes":[]},{"id":9037,"url":"https:\/\/idnu.ch\/wordpress\/7-wintererlebnisse-mit-kindern\/","url_meta":{"origin":7175,"position":1},"title":"7 Wintererlebnisse mit Kindern","author":"Urs Kyburz","date":"8. Dezember 2017","format":false,"excerpt":"Jetzt, wo wir wieder mal einen Winteranfang haben, der diesen Namen auch verdient, k\u00f6nnen wir uns Gedanken machen, was wir nebst skifahren sonst noch in der weissen Pracht unternehmen k\u00f6nnen. Ich h\u00e4tte da ein paar Vorschl\u00e4ge. Schlitteln im Hochgebirge Schlittelpisten gibt es ja einige. Dort f\u00e4hrt man jeweils mit der\u2026","rel":"","context":"In &quot;Winter&quot;","block_context":{"text":"Winter","link":"https:\/\/idnu.ch\/wordpress\/category\/winter\/"},"img":{"alt_text":"","src":"https:\/\/i0.wp.com\/idnu.ch\/wordpress\/wp-content\/uploads\/2016\/02\/simmental_0052.jpg?fit=1200%2C900&ssl=1&resize=350%2C200","width":350,"height":200,"srcset":"https:\/\/i0.wp.com\/idnu.ch\/wordpress\/wp-content\/uploads\/2016\/02\/simmental_0052.jpg?fit=1200%2C900&ssl=1&resize=350%2C200 1x, https:\/\/i0.wp.com\/idnu.ch\/wordpress\/wp-content\/uploads\/2016\/02\/simmental_0052.jpg?fit=1200%2C900&ssl=1&resize=525%2C300 1.5x, https:\/\/i0.wp.com\/idnu.ch\/wordpress\/wp-content\/uploads\/2016\/02\/simmental_0052.jpg?fit=1200%2C900&ssl=1&resize=700%2C400 2x, https:\/\/i0.wp.com\/idnu.ch\/wordpress\/wp-content\/uploads\/2016\/02\/simmental_0052.jpg?fit=1200%2C900&ssl=1&resize=1050%2C600 3x"},"classes":[]},{"id":11707,"url":"https:\/\/idnu.ch\/wordpress\/mit-tourenanfaengern-in-soerenberg\/","url_meta":{"origin":7175,"position":2},"title":"Mit Tourenanf\u00e4ngern in S\u00f6renberg","author":"Urs Kyburz","date":"5. Februar 2019","format":false,"excerpt":"Allj\u00e4hrlich wird beim SAC Homberg die Anf\u00e4ngerskitour durchgef\u00fchrt, sie st\u00f6sst jedes Mal auf grossen Anklang. Diesmal waren wir wegen den Schneeverh\u00e4ltnissen im S\u00f6renberg unterwegs, Ziel war das N\u00fcnalphorn. Aufstieg im Sonnenschein Angesagt f\u00fcr diesen Tag war ein bedeckter Himmel, zum Teil mit Niederschl\u00e4gen. Empfangen werden die zw\u00f6lf Personen, jung und\u2026","rel":"","context":"In &quot;Luzern&quot;","block_context":{"text":"Luzern","link":"https:\/\/idnu.ch\/wordpress\/category\/kanton\/luzern\/"},"img":{"alt_text":"Die Hagleren w\u00e4re auch ein Ziel","src":"https:\/\/i0.wp.com\/idnu.ch\/wordpress\/wp-content\/uploads\/2019\/02\/anfaengerskitour_20190202_0032.jpg?fit=1200%2C800&ssl=1&resize=350%2C200","width":350,"height":200,"srcset":"https:\/\/i0.wp.com\/idnu.ch\/wordpress\/wp-content\/uploads\/2019\/02\/anfaengerskitour_20190202_0032.jpg?fit=1200%2C800&ssl=1&resize=350%2C200 1x, https:\/\/i0.wp.com\/idnu.ch\/wordpress\/wp-content\/uploads\/2019\/02\/anfaengerskitour_20190202_0032.jpg?fit=1200%2C800&ssl=1&resize=525%2C300 1.5x, https:\/\/i0.wp.com\/idnu.ch\/wordpress\/wp-content\/uploads\/2019\/02\/anfaengerskitour_20190202_0032.jpg?fit=1200%2C800&ssl=1&resize=700%2C400 2x, https:\/\/i0.wp.com\/idnu.ch\/wordpress\/wp-content\/uploads\/2019\/02\/anfaengerskitour_20190202_0032.jpg?fit=1200%2C800&ssl=1&resize=1050%2C600 3x"},"classes":[]},{"id":113,"url":"https:\/\/idnu.ch\/wordpress\/familienskitour-in-soerenberg\/","url_meta":{"origin":7175,"position":3},"title":"Familienskitour in S\u00f6renberg","author":"Urs Kyburz","date":"24. Februar 2015","format":false,"excerpt":"Der SAC Homberg, genauer meine Frau, organisierte eine Skitour, speziell ausgerichtet auf Familien. Da boten sich die 600 H\u00f6henmeter von S\u00f6renberg auf die Heimegg an, einem Grat. Die untere H\u00e4lfte der Tour befand sich auf luzernischem Boden, die obere auf Obwaldner Gebiet. Schwierigkeiten bot die Tour keine, ausser dass es\u2026","rel":"","context":"In &quot;Luzern&quot;","block_context":{"text":"Luzern","link":"https:\/\/idnu.ch\/wordpress\/category\/kanton\/luzern\/"},"img":{"alt_text":"Skitoure S\u00f6renberg","src":"https:\/\/i0.wp.com\/idnu.ch\/wordpress\/wp-content\/uploads\/2015\/02\/s%C3%B6renberg_0029.jpg?fit=1024%2C683&ssl=1&resize=350%2C200","width":350,"height":200,"srcset":"https:\/\/i0.wp.com\/idnu.ch\/wordpress\/wp-content\/uploads\/2015\/02\/s%C3%B6renberg_0029.jpg?fit=1024%2C683&ssl=1&resize=350%2C200 1x, https:\/\/i0.wp.com\/idnu.ch\/wordpress\/wp-content\/uploads\/2015\/02\/s%C3%B6renberg_0029.jpg?fit=1024%2C683&ssl=1&resize=525%2C300 1.5x, https:\/\/i0.wp.com\/idnu.ch\/wordpress\/wp-content\/uploads\/2015\/02\/s%C3%B6renberg_0029.jpg?fit=1024%2C683&ssl=1&resize=700%2C400 2x"},"classes":[]},{"id":17896,"url":"https:\/\/idnu.ch\/wordpress\/vor-der-schlechtwetterfront-aufs-winterhorn\/","url_meta":{"origin":7175,"position":4},"title":"Vor der Schlechtwetterfront aufs Winterhorn","author":"Urs Kyburz","date":"15. M\u00e4rz 2021","format":false,"excerpt":"Im M\u00e4rz wird es wieder deutlich w\u00e4rmer, der Schnee zieht sich in die H\u00f6he zur\u00fcck. Da sind entsprechende Touren gefragt. Schneesicher ist da das Urserental mit dem Winterhorn, das gut erreichbar und wieder eine sch\u00f6ne Skitour ist, seit der Liftbetrieb dort eingestellt wurde. Vor der Schlechtwetterfront g\u00f6nnten wir uns also\u2026","rel":"","context":"In &quot;Luzern - Vierwaldst\u00e4ttersee&quot;","block_context":{"text":"Luzern - Vierwaldst\u00e4ttersee","link":"https:\/\/idnu.ch\/wordpress\/category\/tourismusregionen\/luzern-vierwaldstaettersee\/"},"img":{"alt_text":"Andermatt Schlechtwetterfront Frau","src":"https:\/\/i0.wp.com\/idnu.ch\/wordpress\/wp-content\/uploads\/2021\/03\/skitour_winterhorn-20210309-10.jpg?fit=1200%2C800&ssl=1&resize=350%2C200","width":350,"height":200,"srcset":"https:\/\/i0.wp.com\/idnu.ch\/wordpress\/wp-content\/uploads\/2021\/03\/skitour_winterhorn-20210309-10.jpg?fit=1200%2C800&ssl=1&resize=350%2C200 1x, https:\/\/i0.wp.com\/idnu.ch\/wordpress\/wp-content\/uploads\/2021\/03\/skitour_winterhorn-20210309-10.jpg?fit=1200%2C800&ssl=1&resize=525%2C300 1.5x, https:\/\/i0.wp.com\/idnu.ch\/wordpress\/wp-content\/uploads\/2021\/03\/skitour_winterhorn-20210309-10.jpg?fit=1200%2C800&ssl=1&resize=700%2C400 2x, https:\/\/i0.wp.com\/idnu.ch\/wordpress\/wp-content\/uploads\/2021\/03\/skitour_winterhorn-20210309-10.jpg?fit=1200%2C800&ssl=1&resize=1050%2C600 3x"},"classes":[]},{"id":11900,"url":"https:\/\/idnu.ch\/wordpress\/umwerfende-aussicht-vom-hoech-gumme\/","url_meta":{"origin":7175,"position":5},"title":"Umwerfende Aussicht vom H\u00f6ch Gumme","author":"Urs Kyburz","date":"25. Februar 2019","format":false,"excerpt":"Der H\u00f6ch Gumme ist ein Gipfel westlich von Lungern. Fr\u00fcher endete kurz unterhalb des Gipfels der Skilift, heute ist er wieder reines Skitourengebiet und jenen vorbehalten, die etwas Anstrengung nicht scheuen. Und die lohnt sich, man geniesst eine umwerfende Aussicht von dort oben! Auf Pisten aufw\u00e4rts Unsere Skitour startet wie\u2026","rel":"","context":"In &quot;Luzern - Vierwaldst\u00e4ttersee&quot;","block_context":{"text":"Luzern - Vierwaldst\u00e4ttersee","link":"https:\/\/idnu.ch\/wordpress\/category\/tourismusregionen\/luzern-vierwaldstaettersee\/"},"img":{"alt_text":"Bequemes Gehen auf der Piste","src":"https:\/\/i0.wp.com\/idnu.ch\/wordpress\/wp-content\/uploads\/2019\/02\/hoech_gumme_20190223_0006.jpg?fit=1200%2C800&ssl=1&resize=350%2C200","width":350,"height":200,"srcset":"https:\/\/i0.wp.com\/idnu.ch\/wordpress\/wp-content\/uploads\/2019\/02\/hoech_gumme_20190223_0006.jpg?fit=1200%2C800&ssl=1&resize=350%2C200 1x, https:\/\/i0.wp.com\/idnu.ch\/wordpress\/wp-content\/uploads\/2019\/02\/hoech_gumme_20190223_0006.jpg?fit=1200%2C800&ssl=1&resize=525%2C300 1.5x, https:\/\/i0.wp.com\/idnu.ch\/wordpress\/wp-content\/uploads\/2019\/02\/hoech_gumme_20190223_0006.jpg?fit=1200%2C800&ssl=1&resize=700%2C400 2x, https:\/\/i0.wp.com\/idnu.ch\/wordpress\/wp-content\/uploads\/2019\/02\/hoech_gumme_20190223_0006.jpg?fit=1200%2C800&ssl=1&resize=1050%2C600 3x"},"classes":[]}],"jetpack_likes_enabled":true,"_links":{"self":[{"href":"https:\/\/idnu.ch\/wordpress\/wp-json\/wp\/v2\/posts\/7175","targetHints":{"allow":["GET"]}}],"collection":[{"href":"https:\/\/idnu.ch\/wordpress\/wp-json\/wp\/v2\/posts"}],"about":[{"href":"https:\/\/idnu.ch\/wordpress\/wp-json\/wp\/v2\/types\/post"}],"author":[{"embeddable":true,"href":"https:\/\/idnu.ch\/wordpress\/wp-json\/wp\/v2\/users\/2"}],"replies":[{"embeddable":true,"href":"https:\/\/idnu.ch\/wordpress\/wp-json\/wp\/v2\/comments?post=7175"}],"version-history":[{"count":4,"href":"https:\/\/idnu.ch\/wordpress\/wp-json\/wp\/v2\/posts\/7175\/revisions"}],"predecessor-version":[{"id":7184,"href":"https:\/\/idnu.ch\/wordpress\/wp-json\/wp\/v2\/posts\/7175\/revisions\/7184"}],"wp:featuredmedia":[{"embeddable":true,"href":"https:\/\/idnu.ch\/wordpress\/wp-json\/wp\/v2\/media\/7178"}],"wp:attachment":[{"href":"https:\/\/idnu.ch\/wordpress\/wp-json\/wp\/v2\/media?parent=7175"}],"wp:term":[{"taxonomy":"category","embeddable":true,"href":"https:\/\/idnu.ch\/wordpress\/wp-json\/wp\/v2\/categories?post=7175"},{"taxonomy":"post_tag","embeddable":true,"href":"https:\/\/idnu.ch\/wordpress\/wp-json\/wp\/v2\/tags?post=7175"}],"curies":[{"name":"wp","href":"https:\/\/api.w.org\/{rel}","templated":true}]}}