{"id":7613,"date":"2017-05-28T19:46:31","date_gmt":"2017-05-28T17:46:31","guid":{"rendered":"http:\/\/idnu.ch\/wordpress\/?p=7613"},"modified":"2023-12-27T13:55:38","modified_gmt":"2023-12-27T12:55:38","slug":"hikenbike-im-hochschwarzwald","status":"publish","type":"post","link":"https:\/\/idnu.ch\/wordpress\/hikenbike-im-hochschwarzwald\/","title":{"rendered":"Hike&#8217;n&#8217;Bike im Hochschwarzwald"},"content":{"rendered":"<p><strong>Warum in die Ferne schweifen, wenn das Gute liegt so nah? Ins Wallis br\u00e4uchten wir mindestens zweieinhalb Stunden, in den Schwarzwald eine Stunde weniger. So nutzten wir das lange Auffahrtswochenende zum Wandern und Biken in einer f\u00fcr uns bis dato wenig bekannten Region.<\/strong><\/p>\n<figure id=\"attachment_7620\" aria-describedby=\"caption-attachment-7620\" style=\"width: 1400px\" class=\"wp-caption aligncenter\"><img data-recalc-dims=\"1\" loading=\"lazy\" decoding=\"async\" data-attachment-id=\"7620\" data-permalink=\"https:\/\/idnu.ch\/wordpress\/hikenbike-im-hochschwarzwald\/schluchsee-104\/#main\" data-orig-file=\"https:\/\/i0.wp.com\/idnu.ch\/wordpress\/wp-content\/uploads\/2017\/05\/schluchsee-104.jpg?fit=1400%2C933&amp;ssl=1\" data-orig-size=\"1400,933\" data-comments-opened=\"1\" data-image-meta=\"{&quot;aperture&quot;:&quot;14&quot;,&quot;credit&quot;:&quot;Urs Kyburz&quot;,&quot;camera&quot;:&quot;Canon EOS 60D&quot;,&quot;caption&quot;:&quot;&quot;,&quot;created_timestamp&quot;:&quot;1495888220&quot;,&quot;copyright&quot;:&quot;\\u00a9 Urs Kyburz&quot;,&quot;focal_length&quot;:&quot;17&quot;,&quot;iso&quot;:&quot;100&quot;,&quot;shutter_speed&quot;:&quot;0.016666666666667&quot;,&quot;title&quot;:&quot;&quot;,&quot;orientation&quot;:&quot;0&quot;}\" data-image-title=\"Biken \u00fcber dem Schluchsee\" data-image-description=\"\" data-image-caption=\"&lt;p&gt;Biken \u00fcber dem Schluchsee&lt;\/p&gt;\n\" data-large-file=\"https:\/\/i0.wp.com\/idnu.ch\/wordpress\/wp-content\/uploads\/2017\/05\/schluchsee-104.jpg?fit=750%2C500&amp;ssl=1\" class=\"size-full wp-image-7620\" src=\"https:\/\/i0.wp.com\/idnu.ch\/wordpress\/wp-content\/uploads\/2017\/05\/schluchsee-104.jpg?resize=750%2C500&#038;ssl=1\" alt=\"Biken \u00fcber dem Schluchsee\" width=\"750\" height=\"500\" srcset=\"https:\/\/i0.wp.com\/idnu.ch\/wordpress\/wp-content\/uploads\/2017\/05\/schluchsee-104.jpg?w=1400&amp;ssl=1 1400w, https:\/\/i0.wp.com\/idnu.ch\/wordpress\/wp-content\/uploads\/2017\/05\/schluchsee-104.jpg?resize=300%2C200&amp;ssl=1 300w, https:\/\/i0.wp.com\/idnu.ch\/wordpress\/wp-content\/uploads\/2017\/05\/schluchsee-104.jpg?resize=768%2C512&amp;ssl=1 768w, https:\/\/i0.wp.com\/idnu.ch\/wordpress\/wp-content\/uploads\/2017\/05\/schluchsee-104.jpg?resize=1024%2C682&amp;ssl=1 1024w, https:\/\/i0.wp.com\/idnu.ch\/wordpress\/wp-content\/uploads\/2017\/05\/schluchsee-104.jpg?resize=150%2C100&amp;ssl=1 150w\" sizes=\"auto, (max-width: 750px) 100vw, 750px\" \/><figcaption id=\"caption-attachment-7620\" class=\"wp-caption-text\">Biken \u00fcber dem Schluchsee<\/figcaption><\/figure>\n<h2>Die kleine Erlebnistour bei H\u00e4usern<\/h2>\n<p>Die erste Tour starteten wir in Seebrugg bei der Jugendherberge am Schluchsee. Wir fuhren zur Staumauer und auf einem ruppigen Weg hinunter nach Eisenbrech, wo der Gegenanstieg bis zum Ahorntobel begann. Nach dieser Anstrengung h\u00e4tte uns nun eine Singletrailabfahrt entsch\u00e4digen sollen daf\u00fcr, wir brauchten jedoch mehrere Anl\u00e4ufe, bis wir den richtigen Weg fanden, trotz GPS. Als wir uns aber sicher waren, liessen wir es krachen bis zum n\u00e4chsten Weg. Auf einer Forststrasse fuhren wir bis fast nach St. Blasien hinunter, um dann in einem Gegenanstieg in die oberen Quartiere von H\u00e4usern zu gelangen.<\/p>\n<p>Wir passierten wundersch\u00f6ne Wiesen, die violette gesprenkelt waren von den Bl\u00fcten der Knabenkr\u00e4uter. In H\u00e4usern genehmigten wir uns eine Pause, bevor wir zum Schwarza Stausee hinunter fuhren. Von dort sollte der Weg eigentlich hoch an der Unter Schwarzhalden vorbei, jedoch machte uns ein Schild klar, dass hier Fahrzeuge jeglicher Art, auch Mountainbikes, nicht erw\u00fcnscht sind. Da sollte sich der Tourismusverband Schwarzwald mal Gedanken machen \u00fcber eine Anpassung. Wir folgten daher der Schwarza bis Lochm\u00fchle, wo wir die Strasse \u00fcberquerten. Wir gelangten abermals auf Abwegen, konnten jedoch wieder die Route erreichen. Vor der Staumauer des Schluchsees sollte ein Weg hoch zur Strasse abzweigen, diesen verpassten wir abermals. So k\u00e4mpften wir uns auf der anderen Seite hoch zur Staumauer, genehmigten uns daf\u00fcr in der Schenke dort etwas zu trinken.<\/p>\n<div class=\"tiled-gallery type-rectangular tiled-gallery-unresized\" data-original-width=\"750\" data-carousel-extra='{&quot;blog_id&quot;:1,&quot;permalink&quot;:&quot;https:\\\/\\\/idnu.ch\\\/wordpress\\\/hikenbike-im-hochschwarzwald\\\/&quot;,&quot;likes_blog_id&quot;:100184974}' itemscope itemtype=\"http:\/\/schema.org\/ImageGallery\" > <div class=\"gallery-row\" style=\"width: 750px; height: 335px;\" data-original-width=\"750\" data-original-height=\"335\" > <div class=\"gallery-group images-1\" style=\"width: 501px; height: 335px;\" data-original-width=\"501\" data-original-height=\"335\" > <div class=\"tiled-gallery-item tiled-gallery-item-large\" itemprop=\"associatedMedia\" itemscope itemtype=\"http:\/\/schema.org\/ImageObject\"> <a href=\"https:\/\/idnu.ch\/wordpress\/hikenbike-im-hochschwarzwald\/schluchsee-1\/#main\" border=\"0\" itemprop=\"url\"> <meta itemprop=\"width\" content=\"497\"> <meta itemprop=\"height\" content=\"331\"> <img decoding=\"async\" class=\"\" data-attachment-id=\"7621\" data-orig-file=\"https:\/\/idnu.ch\/wordpress\/wp-content\/uploads\/2017\/05\/schluchsee-1.jpg\" data-orig-size=\"1400,933\" data-comments-opened=\"1\" data-image-meta=\"{&quot;aperture&quot;:&quot;5&quot;,&quot;credit&quot;:&quot;Urs Kyburz&quot;,&quot;camera&quot;:&quot;Canon EOS 60D&quot;,&quot;caption&quot;:&quot;&quot;,&quot;created_timestamp&quot;:&quot;1495711229&quot;,&quot;copyright&quot;:&quot;\\u00a9 Urs Kyburz&quot;,&quot;focal_length&quot;:&quot;55&quot;,&quot;iso&quot;:&quot;100&quot;,&quot;shutter_speed&quot;:&quot;0.003125&quot;,&quot;title&quot;:&quot;&quot;,&quot;orientation&quot;:&quot;0&quot;}\" data-image-title=\"schluchsee-1\" data-image-description=\"\" data-medium-file=\"https:\/\/i0.wp.com\/idnu.ch\/wordpress\/wp-content\/uploads\/2017\/05\/schluchsee-1.jpg?fit=300%2C200&#038;ssl=1\" data-large-file=\"https:\/\/i0.wp.com\/idnu.ch\/wordpress\/wp-content\/uploads\/2017\/05\/schluchsee-1.jpg?fit=750%2C500&#038;ssl=1\" src=\"https:\/\/i0.wp.com\/idnu.ch\/wordpress\/wp-content\/uploads\/2017\/05\/schluchsee-1.jpg?w=497&#038;h=331&#038;ssl=1\" srcset=\"https:\/\/i0.wp.com\/idnu.ch\/wordpress\/wp-content\/uploads\/2017\/05\/schluchsee-1.jpg?w=1400&amp;ssl=1 1400w, https:\/\/i0.wp.com\/idnu.ch\/wordpress\/wp-content\/uploads\/2017\/05\/schluchsee-1.jpg?resize=300%2C200&amp;ssl=1 300w, https:\/\/i0.wp.com\/idnu.ch\/wordpress\/wp-content\/uploads\/2017\/05\/schluchsee-1.jpg?resize=768%2C512&amp;ssl=1 768w, https:\/\/i0.wp.com\/idnu.ch\/wordpress\/wp-content\/uploads\/2017\/05\/schluchsee-1.jpg?resize=1024%2C682&amp;ssl=1 1024w, https:\/\/i0.wp.com\/idnu.ch\/wordpress\/wp-content\/uploads\/2017\/05\/schluchsee-1.jpg?resize=150%2C100&amp;ssl=1 150w\" width=\"497\" height=\"331\" loading=\"lazy\" data-original-width=\"497\" data-original-height=\"331\" itemprop=\"http:\/\/schema.org\/image\" title=\"schluchsee-1\" alt=\"schluchsee-1\" style=\"width: 497px; height: 331px;\" \/> <\/a> <\/div> <\/div> <!-- close group --> <div class=\"gallery-group images-2\" style=\"width: 249px; height: 335px;\" data-original-width=\"249\" data-original-height=\"335\" > <div class=\"tiled-gallery-item tiled-gallery-item-small\" itemprop=\"associatedMedia\" itemscope itemtype=\"http:\/\/schema.org\/ImageObject\"> <a href=\"https:\/\/idnu.ch\/wordpress\/hikenbike-im-hochschwarzwald\/schluchsee-8\/#main\" border=\"0\" itemprop=\"url\"> <meta itemprop=\"width\" content=\"245\"> <meta itemprop=\"height\" content=\"164\"> <img decoding=\"async\" class=\"\" data-attachment-id=\"7622\" data-orig-file=\"https:\/\/idnu.ch\/wordpress\/wp-content\/uploads\/2017\/05\/schluchsee-8.jpg\" data-orig-size=\"1400,933\" data-comments-opened=\"1\" data-image-meta=\"{&quot;aperture&quot;:&quot;4&quot;,&quot;credit&quot;:&quot;Urs Kyburz&quot;,&quot;camera&quot;:&quot;Canon EOS 60D&quot;,&quot;caption&quot;:&quot;&quot;,&quot;created_timestamp&quot;:&quot;1495713170&quot;,&quot;copyright&quot;:&quot;\\u00a9 Urs Kyburz&quot;,&quot;focal_length&quot;:&quot;24&quot;,&quot;iso&quot;:&quot;500&quot;,&quot;shutter_speed&quot;:&quot;0.003125&quot;,&quot;title&quot;:&quot;&quot;,&quot;orientation&quot;:&quot;0&quot;}\" data-image-title=\"schluchsee-8\" data-image-description=\"\" data-medium-file=\"https:\/\/i0.wp.com\/idnu.ch\/wordpress\/wp-content\/uploads\/2017\/05\/schluchsee-8.jpg?fit=300%2C200&#038;ssl=1\" data-large-file=\"https:\/\/i0.wp.com\/idnu.ch\/wordpress\/wp-content\/uploads\/2017\/05\/schluchsee-8.jpg?fit=750%2C500&#038;ssl=1\" src=\"https:\/\/i0.wp.com\/idnu.ch\/wordpress\/wp-content\/uploads\/2017\/05\/schluchsee-8.jpg?w=245&#038;h=164&#038;ssl=1\" srcset=\"https:\/\/i0.wp.com\/idnu.ch\/wordpress\/wp-content\/uploads\/2017\/05\/schluchsee-8.jpg?w=1400&amp;ssl=1 1400w, https:\/\/i0.wp.com\/idnu.ch\/wordpress\/wp-content\/uploads\/2017\/05\/schluchsee-8.jpg?resize=300%2C200&amp;ssl=1 300w, https:\/\/i0.wp.com\/idnu.ch\/wordpress\/wp-content\/uploads\/2017\/05\/schluchsee-8.jpg?resize=768%2C512&amp;ssl=1 768w, https:\/\/i0.wp.com\/idnu.ch\/wordpress\/wp-content\/uploads\/2017\/05\/schluchsee-8.jpg?resize=1024%2C682&amp;ssl=1 1024w, https:\/\/i0.wp.com\/idnu.ch\/wordpress\/wp-content\/uploads\/2017\/05\/schluchsee-8.jpg?resize=150%2C100&amp;ssl=1 150w\" width=\"245\" height=\"164\" loading=\"lazy\" data-original-width=\"245\" data-original-height=\"164\" itemprop=\"http:\/\/schema.org\/image\" title=\"schluchsee-8\" alt=\"schluchsee-8\" style=\"width: 245px; height: 164px;\" \/> <\/a> <\/div> <div class=\"tiled-gallery-item tiled-gallery-item-small\" itemprop=\"associatedMedia\" itemscope itemtype=\"http:\/\/schema.org\/ImageObject\"> <a href=\"https:\/\/idnu.ch\/wordpress\/hikenbike-im-hochschwarzwald\/schluchsee-13\/#main\" border=\"0\" itemprop=\"url\"> <meta itemprop=\"width\" content=\"245\"> <meta itemprop=\"height\" content=\"163\"> <img decoding=\"async\" class=\"\" data-attachment-id=\"7623\" data-orig-file=\"https:\/\/idnu.ch\/wordpress\/wp-content\/uploads\/2017\/05\/schluchsee-13.jpg\" data-orig-size=\"1400,933\" data-comments-opened=\"1\" data-image-meta=\"{&quot;aperture&quot;:&quot;5.6&quot;,&quot;credit&quot;:&quot;Urs Kyburz&quot;,&quot;camera&quot;:&quot;Canon EOS 60D&quot;,&quot;caption&quot;:&quot;&quot;,&quot;created_timestamp&quot;:&quot;1495713661&quot;,&quot;copyright&quot;:&quot;\\u00a9 Urs Kyburz&quot;,&quot;focal_length&quot;:&quot;24&quot;,&quot;iso&quot;:&quot;100&quot;,&quot;shutter_speed&quot;:&quot;0.003125&quot;,&quot;title&quot;:&quot;&quot;,&quot;orientation&quot;:&quot;0&quot;}\" data-image-title=\"schluchsee-13\" data-image-description=\"\" data-medium-file=\"https:\/\/i0.wp.com\/idnu.ch\/wordpress\/wp-content\/uploads\/2017\/05\/schluchsee-13.jpg?fit=300%2C200&#038;ssl=1\" data-large-file=\"https:\/\/i0.wp.com\/idnu.ch\/wordpress\/wp-content\/uploads\/2017\/05\/schluchsee-13.jpg?fit=750%2C500&#038;ssl=1\" src=\"https:\/\/i0.wp.com\/idnu.ch\/wordpress\/wp-content\/uploads\/2017\/05\/schluchsee-13.jpg?w=245&#038;h=163&#038;ssl=1\" srcset=\"https:\/\/i0.wp.com\/idnu.ch\/wordpress\/wp-content\/uploads\/2017\/05\/schluchsee-13.jpg?w=1400&amp;ssl=1 1400w, https:\/\/i0.wp.com\/idnu.ch\/wordpress\/wp-content\/uploads\/2017\/05\/schluchsee-13.jpg?resize=300%2C200&amp;ssl=1 300w, https:\/\/i0.wp.com\/idnu.ch\/wordpress\/wp-content\/uploads\/2017\/05\/schluchsee-13.jpg?resize=768%2C512&amp;ssl=1 768w, https:\/\/i0.wp.com\/idnu.ch\/wordpress\/wp-content\/uploads\/2017\/05\/schluchsee-13.jpg?resize=1024%2C682&amp;ssl=1 1024w, https:\/\/i0.wp.com\/idnu.ch\/wordpress\/wp-content\/uploads\/2017\/05\/schluchsee-13.jpg?resize=150%2C100&amp;ssl=1 150w\" width=\"245\" height=\"163\" loading=\"lazy\" data-original-width=\"245\" data-original-height=\"163\" itemprop=\"http:\/\/schema.org\/image\" title=\"schluchsee-13\" alt=\"schluchsee-13\" style=\"width: 245px; height: 163px;\" \/> <\/a> <\/div> <\/div> <!-- close group --> <\/div> <!-- close row --> <div class=\"gallery-row\" style=\"width: 750px; height: 501px;\" data-original-width=\"750\" data-original-height=\"501\" > <div class=\"gallery-group images-1\" style=\"width: 750px; height: 501px;\" data-original-width=\"750\" data-original-height=\"501\" > <div class=\"tiled-gallery-item tiled-gallery-item-large\" itemprop=\"associatedMedia\" itemscope itemtype=\"http:\/\/schema.org\/ImageObject\"> <a href=\"https:\/\/idnu.ch\/wordpress\/hikenbike-im-hochschwarzwald\/schluchsee-16\/#main\" border=\"0\" itemprop=\"url\"> <meta itemprop=\"width\" content=\"746\"> <meta itemprop=\"height\" content=\"497\"> <img decoding=\"async\" class=\"\" data-attachment-id=\"7624\" data-orig-file=\"https:\/\/idnu.ch\/wordpress\/wp-content\/uploads\/2017\/05\/schluchsee-16.jpg\" data-orig-size=\"1400,933\" data-comments-opened=\"1\" data-image-meta=\"{&quot;aperture&quot;:&quot;8&quot;,&quot;credit&quot;:&quot;Urs Kyburz&quot;,&quot;camera&quot;:&quot;Canon EOS 60D&quot;,&quot;caption&quot;:&quot;&quot;,&quot;created_timestamp&quot;:&quot;1495713962&quot;,&quot;copyright&quot;:&quot;\\u00a9 Urs Kyburz&quot;,&quot;focal_length&quot;:&quot;32&quot;,&quot;iso&quot;:&quot;100&quot;,&quot;shutter_speed&quot;:&quot;0.01&quot;,&quot;title&quot;:&quot;&quot;,&quot;orientation&quot;:&quot;0&quot;}\" data-image-title=\"schluchsee-16\" data-image-description=\"\" data-medium-file=\"https:\/\/i0.wp.com\/idnu.ch\/wordpress\/wp-content\/uploads\/2017\/05\/schluchsee-16.jpg?fit=300%2C200&#038;ssl=1\" data-large-file=\"https:\/\/i0.wp.com\/idnu.ch\/wordpress\/wp-content\/uploads\/2017\/05\/schluchsee-16.jpg?fit=750%2C500&#038;ssl=1\" src=\"https:\/\/i0.wp.com\/idnu.ch\/wordpress\/wp-content\/uploads\/2017\/05\/schluchsee-16.jpg?w=746&#038;h=497&#038;ssl=1\" srcset=\"https:\/\/i0.wp.com\/idnu.ch\/wordpress\/wp-content\/uploads\/2017\/05\/schluchsee-16.jpg?w=1400&amp;ssl=1 1400w, https:\/\/i0.wp.com\/idnu.ch\/wordpress\/wp-content\/uploads\/2017\/05\/schluchsee-16.jpg?resize=300%2C200&amp;ssl=1 300w, https:\/\/i0.wp.com\/idnu.ch\/wordpress\/wp-content\/uploads\/2017\/05\/schluchsee-16.jpg?resize=768%2C512&amp;ssl=1 768w, https:\/\/i0.wp.com\/idnu.ch\/wordpress\/wp-content\/uploads\/2017\/05\/schluchsee-16.jpg?resize=1024%2C682&amp;ssl=1 1024w, https:\/\/i0.wp.com\/idnu.ch\/wordpress\/wp-content\/uploads\/2017\/05\/schluchsee-16.jpg?resize=150%2C100&amp;ssl=1 150w\" width=\"746\" height=\"497\" loading=\"lazy\" data-original-width=\"746\" data-original-height=\"497\" itemprop=\"http:\/\/schema.org\/image\" title=\"schluchsee-16\" alt=\"schluchsee-16\" style=\"width: 746px; height: 497px;\" \/> <\/a> <\/div> <\/div> <!-- close group --> <\/div> <!-- close row --> <\/div>\n<p>Technisch ist die Tour wenig anspruchsvoll, gibt aber einen Einblick in den Charakter des Schwarzwaldes. Aussicht gibt es wenig, da die Route vielfach im Wald verl\u00e4uft, was an heissen Tagen sicher nicht schlecht ist.<\/p>\n<h2>Auf dem Feldbergsteig<\/h2>\n<p>Die Werbung f\u00fcr den Feldbergsteig versprach jede Menge: Premium-Wanderweg, Technik schwer, ein &#8222;hochabenteuerliches Naturerlebnis&#8220;! Da wurde unser Gwunder nat\u00fcrlich geweckt, wir machten und auf den Weg zum Feldberg. Es g\u00e4be eine Gondelbahn, aber wir bevorzugten unsere daf\u00fcr geschaffenen Werkzeuge, die F\u00fcsse. Die Aussicht war immens, H\u00fcgel reihte sich an H\u00fcgel, in der Ferne leuchteten die Alpen schneeweiss. Wir durchquerten einen Niederwald aus Buchen, was ich in der Form noch nie gesehen hatte, war sehr interessant. Bald erreichten wir Seebuck, die Bergstation der Gondelbahn. Wie nicht anders zu erwarten, war hier Kreti und Pleti zugegen.<\/p>\n<p>Ignorierte man die Massen, war es wunderbar mit dieser gewaltigen Aussicht. Bei guter Fernsicht sieht man den ganzen Alpenbogen von der Zugspitze bis zum Mont Blanc. Gegen S\u00fcdwesten zeichnete sich der Jura ab, gegen Westen die Vogesen. Der Feldberg ist sicher einer jener H\u00fcgel, von wo man die beste Aussicht hat in Europa. Wir wanderten weiter auf den eigentlichen Feldberggipfel, der noch einige Meter h\u00f6her war. Eine wahre V\u00f6lkerwanderung war das. Es windete, wir verweilten nicht lange dort, sondern setzten unseren Weg fort auf dem Feldbergsteig. Wie erwartet waren wir pl\u00f6tzlich alleine, liessen all die B\u00e4hnlitouristen hinter uns.<\/p>\n<p>Wir wanderten \u00fcber Alpweiden und durch Bergw\u00e4lder, es war fast wie in den Voralpen. Dann und wann kreuzten wir andere Wanderer, aber die Massen hatten wir definitiv hinter uns gelassen. Nach der Baldenweger H\u00fctte, wo mal eine Pause f\u00e4llig war, begann nun dieser vielgelobte, abenteuerliche Weg. In der Tat war der Abschnitt sehr sch\u00f6n mit B\u00e4chlein und Br\u00fccken dar\u00fcber, sich windenden Weglein und den Sonnenstrahlen, die den Weg durch das dichte Astwerk suchten. Das war nun also ein Steig, in der Schweiz w\u00fcrden wir einen solchen einfach Bergweg nennen, der weiss-rot-weiss markiert ist. Wir wanderten weiter auf Forststrassen zum lieblichen Feldsee und dann in Serpentinen hoch zum Ausgangspunkt.<\/p>\n<div class=\"tiled-gallery type-rectangular tiled-gallery-unresized\" data-original-width=\"750\" data-carousel-extra='{&quot;blog_id&quot;:1,&quot;permalink&quot;:&quot;https:\\\/\\\/idnu.ch\\\/wordpress\\\/hikenbike-im-hochschwarzwald\\\/&quot;,&quot;likes_blog_id&quot;:100184974}' itemscope itemtype=\"http:\/\/schema.org\/ImageGallery\" > <div class=\"gallery-row\" style=\"width: 750px; height: 335px;\" data-original-width=\"750\" data-original-height=\"335\" > <div class=\"gallery-group images-1\" style=\"width: 501px; height: 335px;\" data-original-width=\"501\" data-original-height=\"335\" > <div class=\"tiled-gallery-item tiled-gallery-item-large\" itemprop=\"associatedMedia\" itemscope itemtype=\"http:\/\/schema.org\/ImageObject\"> <a href=\"https:\/\/idnu.ch\/wordpress\/hikenbike-im-hochschwarzwald\/schluchsee-37\/#main\" border=\"0\" itemprop=\"url\"> <meta itemprop=\"width\" content=\"497\"> <meta itemprop=\"height\" content=\"331\"> <img decoding=\"async\" class=\"\" data-attachment-id=\"7626\" data-orig-file=\"https:\/\/idnu.ch\/wordpress\/wp-content\/uploads\/2017\/05\/schluchsee-37.jpg\" data-orig-size=\"1400,933\" data-comments-opened=\"1\" data-image-meta=\"{&quot;aperture&quot;:&quot;7.1&quot;,&quot;credit&quot;:&quot;Urs Kyburz&quot;,&quot;camera&quot;:&quot;Canon EOS 60D&quot;,&quot;caption&quot;:&quot;&quot;,&quot;created_timestamp&quot;:&quot;1495790458&quot;,&quot;copyright&quot;:&quot;\\u00a9 Urs Kyburz&quot;,&quot;focal_length&quot;:&quot;25&quot;,&quot;iso&quot;:&quot;100&quot;,&quot;shutter_speed&quot;:&quot;0.00625&quot;,&quot;title&quot;:&quot;&quot;,&quot;orientation&quot;:&quot;0&quot;}\" data-image-title=\"Un\u00fcbersehbar: Der Start zum Feldbergsteig\" data-image-description=\"\" data-medium-file=\"https:\/\/i0.wp.com\/idnu.ch\/wordpress\/wp-content\/uploads\/2017\/05\/schluchsee-37.jpg?fit=300%2C200&#038;ssl=1\" data-large-file=\"https:\/\/i0.wp.com\/idnu.ch\/wordpress\/wp-content\/uploads\/2017\/05\/schluchsee-37.jpg?fit=750%2C500&#038;ssl=1\" src=\"https:\/\/i0.wp.com\/idnu.ch\/wordpress\/wp-content\/uploads\/2017\/05\/schluchsee-37.jpg?w=497&#038;h=331&#038;ssl=1\" srcset=\"https:\/\/i0.wp.com\/idnu.ch\/wordpress\/wp-content\/uploads\/2017\/05\/schluchsee-37.jpg?w=1400&amp;ssl=1 1400w, https:\/\/i0.wp.com\/idnu.ch\/wordpress\/wp-content\/uploads\/2017\/05\/schluchsee-37.jpg?resize=300%2C200&amp;ssl=1 300w, https:\/\/i0.wp.com\/idnu.ch\/wordpress\/wp-content\/uploads\/2017\/05\/schluchsee-37.jpg?resize=768%2C512&amp;ssl=1 768w, https:\/\/i0.wp.com\/idnu.ch\/wordpress\/wp-content\/uploads\/2017\/05\/schluchsee-37.jpg?resize=1024%2C682&amp;ssl=1 1024w, https:\/\/i0.wp.com\/idnu.ch\/wordpress\/wp-content\/uploads\/2017\/05\/schluchsee-37.jpg?resize=150%2C100&amp;ssl=1 150w\" width=\"497\" height=\"331\" loading=\"lazy\" data-original-width=\"497\" data-original-height=\"331\" itemprop=\"http:\/\/schema.org\/image\" title=\"Un\u00fcbersehbar: Der Start zum Feldbergsteig\" alt=\"Un\u00fcbersehbar: Der Start zum Feldbergsteig\" style=\"width: 497px; height: 331px;\" \/> <\/a> <\/div> <\/div> <!-- close group --> <div class=\"gallery-group images-2\" style=\"width: 249px; height: 335px;\" data-original-width=\"249\" data-original-height=\"335\" > <div class=\"tiled-gallery-item tiled-gallery-item-small\" itemprop=\"associatedMedia\" itemscope itemtype=\"http:\/\/schema.org\/ImageObject\"> <a href=\"https:\/\/idnu.ch\/wordpress\/hikenbike-im-hochschwarzwald\/schluchsee-41\/#main\" border=\"0\" itemprop=\"url\"> <meta itemprop=\"width\" content=\"245\"> <meta itemprop=\"height\" content=\"164\"> <img decoding=\"async\" class=\"\" data-attachment-id=\"7627\" data-orig-file=\"https:\/\/idnu.ch\/wordpress\/wp-content\/uploads\/2017\/05\/schluchsee-41.jpg\" data-orig-size=\"1400,933\" data-comments-opened=\"1\" data-image-meta=\"{&quot;aperture&quot;:&quot;6.3&quot;,&quot;credit&quot;:&quot;Urs Kyburz&quot;,&quot;camera&quot;:&quot;Canon EOS 60D&quot;,&quot;caption&quot;:&quot;&quot;,&quot;created_timestamp&quot;:&quot;1495791967&quot;,&quot;copyright&quot;:&quot;\\u00a9 Urs Kyburz&quot;,&quot;focal_length&quot;:&quot;24&quot;,&quot;iso&quot;:&quot;100&quot;,&quot;shutter_speed&quot;:&quot;0.00625&quot;,&quot;title&quot;:&quot;&quot;,&quot;orientation&quot;:&quot;0&quot;}\" data-image-title=\"Vorz\u00fcgliche Aussicht in die Alpen\" data-image-description=\"\" data-medium-file=\"https:\/\/i0.wp.com\/idnu.ch\/wordpress\/wp-content\/uploads\/2017\/05\/schluchsee-41.jpg?fit=300%2C200&#038;ssl=1\" data-large-file=\"https:\/\/i0.wp.com\/idnu.ch\/wordpress\/wp-content\/uploads\/2017\/05\/schluchsee-41.jpg?fit=750%2C500&#038;ssl=1\" src=\"https:\/\/i0.wp.com\/idnu.ch\/wordpress\/wp-content\/uploads\/2017\/05\/schluchsee-41.jpg?w=245&#038;h=164&#038;ssl=1\" srcset=\"https:\/\/i0.wp.com\/idnu.ch\/wordpress\/wp-content\/uploads\/2017\/05\/schluchsee-41.jpg?w=1400&amp;ssl=1 1400w, https:\/\/i0.wp.com\/idnu.ch\/wordpress\/wp-content\/uploads\/2017\/05\/schluchsee-41.jpg?resize=300%2C200&amp;ssl=1 300w, https:\/\/i0.wp.com\/idnu.ch\/wordpress\/wp-content\/uploads\/2017\/05\/schluchsee-41.jpg?resize=768%2C512&amp;ssl=1 768w, https:\/\/i0.wp.com\/idnu.ch\/wordpress\/wp-content\/uploads\/2017\/05\/schluchsee-41.jpg?resize=1024%2C682&amp;ssl=1 1024w, https:\/\/i0.wp.com\/idnu.ch\/wordpress\/wp-content\/uploads\/2017\/05\/schluchsee-41.jpg?resize=150%2C100&amp;ssl=1 150w\" width=\"245\" height=\"164\" loading=\"lazy\" data-original-width=\"245\" data-original-height=\"164\" itemprop=\"http:\/\/schema.org\/image\" title=\"Vorz\u00fcgliche Aussicht in die Alpen\" alt=\"Vorz\u00fcgliche Aussicht in die Alpen\" style=\"width: 245px; height: 164px;\" \/> <\/a> <\/div> <div class=\"tiled-gallery-item tiled-gallery-item-small\" itemprop=\"associatedMedia\" itemscope itemtype=\"http:\/\/schema.org\/ImageObject\"> <a href=\"https:\/\/idnu.ch\/wordpress\/hikenbike-im-hochschwarzwald\/schluchsee-43\/#main\" border=\"0\" itemprop=\"url\"> <meta itemprop=\"width\" content=\"245\"> <meta itemprop=\"height\" content=\"163\"> <img decoding=\"async\" class=\"\" data-attachment-id=\"7628\" data-orig-file=\"https:\/\/idnu.ch\/wordpress\/wp-content\/uploads\/2017\/05\/schluchsee-43.jpg\" data-orig-size=\"1400,933\" data-comments-opened=\"1\" data-image-meta=\"{&quot;aperture&quot;:&quot;6.3&quot;,&quot;credit&quot;:&quot;Urs Kyburz&quot;,&quot;camera&quot;:&quot;Canon EOS 60D&quot;,&quot;caption&quot;:&quot;&quot;,&quot;created_timestamp&quot;:&quot;1495792146&quot;,&quot;copyright&quot;:&quot;\\u00a9 Urs Kyburz&quot;,&quot;focal_length&quot;:&quot;40&quot;,&quot;iso&quot;:&quot;160&quot;,&quot;shutter_speed&quot;:&quot;0.0125&quot;,&quot;title&quot;:&quot;&quot;,&quot;orientation&quot;:&quot;0&quot;}\" data-image-title=\"Unser Nachwuchs-Biologe an der Arbeit\" data-image-description=\"\" data-medium-file=\"https:\/\/i0.wp.com\/idnu.ch\/wordpress\/wp-content\/uploads\/2017\/05\/schluchsee-43.jpg?fit=300%2C200&#038;ssl=1\" data-large-file=\"https:\/\/i0.wp.com\/idnu.ch\/wordpress\/wp-content\/uploads\/2017\/05\/schluchsee-43.jpg?fit=750%2C500&#038;ssl=1\" src=\"https:\/\/i0.wp.com\/idnu.ch\/wordpress\/wp-content\/uploads\/2017\/05\/schluchsee-43.jpg?w=245&#038;h=163&#038;ssl=1\" srcset=\"https:\/\/i0.wp.com\/idnu.ch\/wordpress\/wp-content\/uploads\/2017\/05\/schluchsee-43.jpg?w=1400&amp;ssl=1 1400w, https:\/\/i0.wp.com\/idnu.ch\/wordpress\/wp-content\/uploads\/2017\/05\/schluchsee-43.jpg?resize=300%2C200&amp;ssl=1 300w, https:\/\/i0.wp.com\/idnu.ch\/wordpress\/wp-content\/uploads\/2017\/05\/schluchsee-43.jpg?resize=768%2C512&amp;ssl=1 768w, https:\/\/i0.wp.com\/idnu.ch\/wordpress\/wp-content\/uploads\/2017\/05\/schluchsee-43.jpg?resize=1024%2C682&amp;ssl=1 1024w, https:\/\/i0.wp.com\/idnu.ch\/wordpress\/wp-content\/uploads\/2017\/05\/schluchsee-43.jpg?resize=150%2C100&amp;ssl=1 150w\" width=\"245\" height=\"163\" loading=\"lazy\" data-original-width=\"245\" data-original-height=\"163\" itemprop=\"http:\/\/schema.org\/image\" title=\"Unser Nachwuchs-Biologe an der Arbeit\" alt=\"Unser Nachwuchs-Biologe an der Arbeit\" style=\"width: 245px; height: 163px;\" \/> <\/a> <\/div> <\/div> <!-- close group --> <\/div> <!-- close row --> <div class=\"gallery-row\" style=\"width: 750px; height: 168px;\" data-original-width=\"750\" data-original-height=\"168\" > <div class=\"gallery-group images-1\" style=\"width: 250px; height: 168px;\" data-original-width=\"250\" data-original-height=\"168\" > <div class=\"tiled-gallery-item tiled-gallery-item-small\" itemprop=\"associatedMedia\" itemscope itemtype=\"http:\/\/schema.org\/ImageObject\"> <a href=\"https:\/\/idnu.ch\/wordpress\/hikenbike-im-hochschwarzwald\/schluchsee-45\/#main\" border=\"0\" itemprop=\"url\"> <meta itemprop=\"width\" content=\"246\"> <meta itemprop=\"height\" content=\"164\"> <img decoding=\"async\" class=\"\" data-attachment-id=\"7629\" data-orig-file=\"https:\/\/idnu.ch\/wordpress\/wp-content\/uploads\/2017\/05\/schluchsee-45.jpg\" data-orig-size=\"1400,933\" data-comments-opened=\"1\" data-image-meta=\"{&quot;aperture&quot;:&quot;11&quot;,&quot;credit&quot;:&quot;Urs Kyburz&quot;,&quot;camera&quot;:&quot;Canon EOS 60D&quot;,&quot;caption&quot;:&quot;&quot;,&quot;created_timestamp&quot;:&quot;1495792572&quot;,&quot;copyright&quot;:&quot;\\u00a9 Urs Kyburz&quot;,&quot;focal_length&quot;:&quot;17&quot;,&quot;iso&quot;:&quot;100&quot;,&quot;shutter_speed&quot;:&quot;0.016666666666667&quot;,&quot;title&quot;:&quot;&quot;,&quot;orientation&quot;:&quot;0&quot;}\" data-image-title=\"Die Mutter tut es ihm gleich auf dem Feldberg\" data-image-description=\"\" data-medium-file=\"https:\/\/i0.wp.com\/idnu.ch\/wordpress\/wp-content\/uploads\/2017\/05\/schluchsee-45.jpg?fit=300%2C200&#038;ssl=1\" data-large-file=\"https:\/\/i0.wp.com\/idnu.ch\/wordpress\/wp-content\/uploads\/2017\/05\/schluchsee-45.jpg?fit=750%2C500&#038;ssl=1\" src=\"https:\/\/i0.wp.com\/idnu.ch\/wordpress\/wp-content\/uploads\/2017\/05\/schluchsee-45.jpg?w=246&#038;h=164&#038;ssl=1\" srcset=\"https:\/\/i0.wp.com\/idnu.ch\/wordpress\/wp-content\/uploads\/2017\/05\/schluchsee-45.jpg?w=1400&amp;ssl=1 1400w, https:\/\/i0.wp.com\/idnu.ch\/wordpress\/wp-content\/uploads\/2017\/05\/schluchsee-45.jpg?resize=300%2C200&amp;ssl=1 300w, https:\/\/i0.wp.com\/idnu.ch\/wordpress\/wp-content\/uploads\/2017\/05\/schluchsee-45.jpg?resize=768%2C512&amp;ssl=1 768w, https:\/\/i0.wp.com\/idnu.ch\/wordpress\/wp-content\/uploads\/2017\/05\/schluchsee-45.jpg?resize=1024%2C682&amp;ssl=1 1024w, https:\/\/i0.wp.com\/idnu.ch\/wordpress\/wp-content\/uploads\/2017\/05\/schluchsee-45.jpg?resize=150%2C100&amp;ssl=1 150w\" width=\"246\" height=\"164\" loading=\"lazy\" data-original-width=\"246\" data-original-height=\"164\" itemprop=\"http:\/\/schema.org\/image\" title=\"Die Mutter tut es ihm gleich auf dem Feldberg\" alt=\"Die Mutter tut es ihm gleich auf dem Feldberg\" style=\"width: 246px; height: 164px;\" \/> <\/a> <\/div> <\/div> <!-- close group --> <div class=\"gallery-group images-1\" style=\"width: 250px; height: 168px;\" data-original-width=\"250\" data-original-height=\"168\" > <div class=\"tiled-gallery-item tiled-gallery-item-small\" itemprop=\"associatedMedia\" itemscope itemtype=\"http:\/\/schema.org\/ImageObject\"> <a href=\"https:\/\/idnu.ch\/wordpress\/hikenbike-im-hochschwarzwald\/schluchsee-47\/#main\" border=\"0\" itemprop=\"url\"> <meta itemprop=\"width\" content=\"246\"> <meta itemprop=\"height\" content=\"164\"> <img decoding=\"async\" class=\"\" data-attachment-id=\"7630\" data-orig-file=\"https:\/\/idnu.ch\/wordpress\/wp-content\/uploads\/2017\/05\/schluchsee-47.jpg\" data-orig-size=\"1400,933\" data-comments-opened=\"1\" data-image-meta=\"{&quot;aperture&quot;:&quot;11&quot;,&quot;credit&quot;:&quot;Urs Kyburz&quot;,&quot;camera&quot;:&quot;Canon EOS 60D&quot;,&quot;caption&quot;:&quot;&quot;,&quot;created_timestamp&quot;:&quot;1495792929&quot;,&quot;copyright&quot;:&quot;\\u00a9 Urs Kyburz&quot;,&quot;focal_length&quot;:&quot;17&quot;,&quot;iso&quot;:&quot;100&quot;,&quot;shutter_speed&quot;:&quot;0.025&quot;,&quot;title&quot;:&quot;&quot;,&quot;orientation&quot;:&quot;0&quot;}\" data-image-title=\"Der Feldsee und viel Deutschland\" data-image-description=\"\" data-medium-file=\"https:\/\/i0.wp.com\/idnu.ch\/wordpress\/wp-content\/uploads\/2017\/05\/schluchsee-47.jpg?fit=300%2C200&#038;ssl=1\" data-large-file=\"https:\/\/i0.wp.com\/idnu.ch\/wordpress\/wp-content\/uploads\/2017\/05\/schluchsee-47.jpg?fit=750%2C500&#038;ssl=1\" src=\"https:\/\/i0.wp.com\/idnu.ch\/wordpress\/wp-content\/uploads\/2017\/05\/schluchsee-47.jpg?w=246&#038;h=164&#038;ssl=1\" srcset=\"https:\/\/i0.wp.com\/idnu.ch\/wordpress\/wp-content\/uploads\/2017\/05\/schluchsee-47.jpg?w=1400&amp;ssl=1 1400w, https:\/\/i0.wp.com\/idnu.ch\/wordpress\/wp-content\/uploads\/2017\/05\/schluchsee-47.jpg?resize=300%2C200&amp;ssl=1 300w, https:\/\/i0.wp.com\/idnu.ch\/wordpress\/wp-content\/uploads\/2017\/05\/schluchsee-47.jpg?resize=768%2C512&amp;ssl=1 768w, https:\/\/i0.wp.com\/idnu.ch\/wordpress\/wp-content\/uploads\/2017\/05\/schluchsee-47.jpg?resize=1024%2C682&amp;ssl=1 1024w, https:\/\/i0.wp.com\/idnu.ch\/wordpress\/wp-content\/uploads\/2017\/05\/schluchsee-47.jpg?resize=150%2C100&amp;ssl=1 150w\" width=\"246\" height=\"164\" loading=\"lazy\" data-original-width=\"246\" data-original-height=\"164\" itemprop=\"http:\/\/schema.org\/image\" title=\"Der Feldsee und viel Deutschland\" alt=\"Der Feldsee und viel Deutschland\" style=\"width: 246px; height: 164px;\" \/> <\/a> <\/div> <\/div> <!-- close group --> <div class=\"gallery-group images-1\" style=\"width: 250px; height: 168px;\" data-original-width=\"250\" data-original-height=\"168\" > <div class=\"tiled-gallery-item tiled-gallery-item-small\" itemprop=\"associatedMedia\" itemscope itemtype=\"http:\/\/schema.org\/ImageObject\"> <a href=\"https:\/\/idnu.ch\/wordpress\/hikenbike-im-hochschwarzwald\/schluchsee-54\/#main\" border=\"0\" itemprop=\"url\"> <meta itemprop=\"width\" content=\"246\"> <meta itemprop=\"height\" content=\"164\"> <img decoding=\"async\" class=\"\" data-attachment-id=\"7631\" data-orig-file=\"https:\/\/idnu.ch\/wordpress\/wp-content\/uploads\/2017\/05\/schluchsee-54.jpg\" data-orig-size=\"1400,933\" data-comments-opened=\"1\" data-image-meta=\"{&quot;aperture&quot;:&quot;11&quot;,&quot;credit&quot;:&quot;Urs Kyburz&quot;,&quot;camera&quot;:&quot;Canon EOS 60D&quot;,&quot;caption&quot;:&quot;&quot;,&quot;created_timestamp&quot;:&quot;1495796169&quot;,&quot;copyright&quot;:&quot;\\u00a9 Urs Kyburz&quot;,&quot;focal_length&quot;:&quot;22&quot;,&quot;iso&quot;:&quot;100&quot;,&quot;shutter_speed&quot;:&quot;0.025&quot;,&quot;title&quot;:&quot;&quot;,&quot;orientation&quot;:&quot;0&quot;}\" data-image-title=\"Sofort Ruhe, wenn man den Gipfel verl\u00e4sst\" data-image-description=\"\" data-medium-file=\"https:\/\/i0.wp.com\/idnu.ch\/wordpress\/wp-content\/uploads\/2017\/05\/schluchsee-54.jpg?fit=300%2C200&#038;ssl=1\" data-large-file=\"https:\/\/i0.wp.com\/idnu.ch\/wordpress\/wp-content\/uploads\/2017\/05\/schluchsee-54.jpg?fit=750%2C500&#038;ssl=1\" src=\"https:\/\/i0.wp.com\/idnu.ch\/wordpress\/wp-content\/uploads\/2017\/05\/schluchsee-54.jpg?w=246&#038;h=164&#038;ssl=1\" srcset=\"https:\/\/i0.wp.com\/idnu.ch\/wordpress\/wp-content\/uploads\/2017\/05\/schluchsee-54.jpg?w=1400&amp;ssl=1 1400w, https:\/\/i0.wp.com\/idnu.ch\/wordpress\/wp-content\/uploads\/2017\/05\/schluchsee-54.jpg?resize=300%2C200&amp;ssl=1 300w, https:\/\/i0.wp.com\/idnu.ch\/wordpress\/wp-content\/uploads\/2017\/05\/schluchsee-54.jpg?resize=768%2C512&amp;ssl=1 768w, https:\/\/i0.wp.com\/idnu.ch\/wordpress\/wp-content\/uploads\/2017\/05\/schluchsee-54.jpg?resize=1024%2C682&amp;ssl=1 1024w, https:\/\/i0.wp.com\/idnu.ch\/wordpress\/wp-content\/uploads\/2017\/05\/schluchsee-54.jpg?resize=150%2C100&amp;ssl=1 150w\" width=\"246\" height=\"164\" loading=\"lazy\" data-original-width=\"246\" data-original-height=\"164\" itemprop=\"http:\/\/schema.org\/image\" title=\"Sofort Ruhe, wenn man den Gipfel verl\u00e4sst\" alt=\"Sofort Ruhe, wenn man den Gipfel verl\u00e4sst\" style=\"width: 246px; height: 164px;\" \/> <\/a> <\/div> <\/div> <!-- close group --> <\/div> <!-- close row --> <div class=\"gallery-row\" style=\"width: 750px; height: 126px;\" data-original-width=\"750\" data-original-height=\"126\" > <div class=\"gallery-group images-1\" style=\"width: 188px; height: 126px;\" data-original-width=\"188\" data-original-height=\"126\" > <div class=\"tiled-gallery-item tiled-gallery-item-small\" itemprop=\"associatedMedia\" itemscope itemtype=\"http:\/\/schema.org\/ImageObject\"> <a href=\"https:\/\/idnu.ch\/wordpress\/hikenbike-im-hochschwarzwald\/schluchsee-57\/#main\" border=\"0\" itemprop=\"url\"> <meta itemprop=\"width\" content=\"184\"> <meta itemprop=\"height\" content=\"122\"> <img decoding=\"async\" class=\"\" data-attachment-id=\"7632\" data-orig-file=\"https:\/\/idnu.ch\/wordpress\/wp-content\/uploads\/2017\/05\/schluchsee-57.jpg\" data-orig-size=\"1400,933\" data-comments-opened=\"1\" data-image-meta=\"{&quot;aperture&quot;:&quot;11&quot;,&quot;credit&quot;:&quot;Urs Kyburz&quot;,&quot;camera&quot;:&quot;Canon EOS 60D&quot;,&quot;caption&quot;:&quot;&quot;,&quot;created_timestamp&quot;:&quot;1495797135&quot;,&quot;copyright&quot;:&quot;\\u00a9 Urs Kyburz&quot;,&quot;focal_length&quot;:&quot;40&quot;,&quot;iso&quot;:&quot;100&quot;,&quot;shutter_speed&quot;:&quot;0.01&quot;,&quot;title&quot;:&quot;&quot;,&quot;orientation&quot;:&quot;0&quot;}\" data-image-title=\"Schwarzwaldidylle\" data-image-description=\"\" data-medium-file=\"https:\/\/i0.wp.com\/idnu.ch\/wordpress\/wp-content\/uploads\/2017\/05\/schluchsee-57.jpg?fit=300%2C200&#038;ssl=1\" data-large-file=\"https:\/\/i0.wp.com\/idnu.ch\/wordpress\/wp-content\/uploads\/2017\/05\/schluchsee-57.jpg?fit=750%2C500&#038;ssl=1\" src=\"https:\/\/i0.wp.com\/idnu.ch\/wordpress\/wp-content\/uploads\/2017\/05\/schluchsee-57.jpg?w=184&#038;h=122&#038;ssl=1\" srcset=\"https:\/\/i0.wp.com\/idnu.ch\/wordpress\/wp-content\/uploads\/2017\/05\/schluchsee-57.jpg?w=1400&amp;ssl=1 1400w, https:\/\/i0.wp.com\/idnu.ch\/wordpress\/wp-content\/uploads\/2017\/05\/schluchsee-57.jpg?resize=300%2C200&amp;ssl=1 300w, https:\/\/i0.wp.com\/idnu.ch\/wordpress\/wp-content\/uploads\/2017\/05\/schluchsee-57.jpg?resize=768%2C512&amp;ssl=1 768w, https:\/\/i0.wp.com\/idnu.ch\/wordpress\/wp-content\/uploads\/2017\/05\/schluchsee-57.jpg?resize=1024%2C682&amp;ssl=1 1024w, https:\/\/i0.wp.com\/idnu.ch\/wordpress\/wp-content\/uploads\/2017\/05\/schluchsee-57.jpg?resize=150%2C100&amp;ssl=1 150w\" width=\"184\" height=\"122\" loading=\"lazy\" data-original-width=\"184\" data-original-height=\"122\" itemprop=\"http:\/\/schema.org\/image\" title=\"Schwarzwaldidylle\" alt=\"Schwarzwaldidylle\" style=\"width: 184px; height: 122px;\" \/> <\/a> <\/div> <\/div> <!-- close group --> <div class=\"gallery-group images-1\" style=\"width: 188px; height: 126px;\" data-original-width=\"188\" data-original-height=\"126\" > <div class=\"tiled-gallery-item tiled-gallery-item-small\" itemprop=\"associatedMedia\" itemscope itemtype=\"http:\/\/schema.org\/ImageObject\"> <a href=\"https:\/\/idnu.ch\/wordpress\/hikenbike-im-hochschwarzwald\/schluchsee-59\/#main\" border=\"0\" itemprop=\"url\"> <meta itemprop=\"width\" content=\"184\"> <meta itemprop=\"height\" content=\"122\"> <img decoding=\"async\" class=\"\" data-attachment-id=\"7633\" data-orig-file=\"https:\/\/idnu.ch\/wordpress\/wp-content\/uploads\/2017\/05\/schluchsee-59.jpg\" data-orig-size=\"1400,933\" data-comments-opened=\"1\" data-image-meta=\"{&quot;aperture&quot;:&quot;5&quot;,&quot;credit&quot;:&quot;Urs Kyburz&quot;,&quot;camera&quot;:&quot;Canon EOS 60D&quot;,&quot;caption&quot;:&quot;&quot;,&quot;created_timestamp&quot;:&quot;1495798483&quot;,&quot;copyright&quot;:&quot;\\u00a9 Urs Kyburz&quot;,&quot;focal_length&quot;:&quot;17&quot;,&quot;iso&quot;:&quot;100&quot;,&quot;shutter_speed&quot;:&quot;0.00625&quot;,&quot;title&quot;:&quot;&quot;,&quot;orientation&quot;:&quot;0&quot;}\" data-image-title=\"Leider geschlossen an diesem Tag\" data-image-description=\"\" data-medium-file=\"https:\/\/i0.wp.com\/idnu.ch\/wordpress\/wp-content\/uploads\/2017\/05\/schluchsee-59.jpg?fit=300%2C200&#038;ssl=1\" data-large-file=\"https:\/\/i0.wp.com\/idnu.ch\/wordpress\/wp-content\/uploads\/2017\/05\/schluchsee-59.jpg?fit=750%2C500&#038;ssl=1\" src=\"https:\/\/i0.wp.com\/idnu.ch\/wordpress\/wp-content\/uploads\/2017\/05\/schluchsee-59.jpg?w=184&#038;h=122&#038;ssl=1\" srcset=\"https:\/\/i0.wp.com\/idnu.ch\/wordpress\/wp-content\/uploads\/2017\/05\/schluchsee-59.jpg?w=1400&amp;ssl=1 1400w, https:\/\/i0.wp.com\/idnu.ch\/wordpress\/wp-content\/uploads\/2017\/05\/schluchsee-59.jpg?resize=300%2C200&amp;ssl=1 300w, https:\/\/i0.wp.com\/idnu.ch\/wordpress\/wp-content\/uploads\/2017\/05\/schluchsee-59.jpg?resize=768%2C512&amp;ssl=1 768w, https:\/\/i0.wp.com\/idnu.ch\/wordpress\/wp-content\/uploads\/2017\/05\/schluchsee-59.jpg?resize=1024%2C682&amp;ssl=1 1024w, https:\/\/i0.wp.com\/idnu.ch\/wordpress\/wp-content\/uploads\/2017\/05\/schluchsee-59.jpg?resize=150%2C100&amp;ssl=1 150w\" width=\"184\" height=\"122\" loading=\"lazy\" data-original-width=\"184\" data-original-height=\"122\" itemprop=\"http:\/\/schema.org\/image\" title=\"Leider geschlossen an diesem Tag\" alt=\"Leider geschlossen an diesem Tag\" style=\"width: 184px; height: 122px;\" \/> <\/a> <\/div> <\/div> <!-- close group --> <div class=\"gallery-group images-1\" style=\"width: 187px; height: 126px;\" data-original-width=\"187\" data-original-height=\"126\" > <div class=\"tiled-gallery-item tiled-gallery-item-small\" itemprop=\"associatedMedia\" itemscope itemtype=\"http:\/\/schema.org\/ImageObject\"> <a href=\"https:\/\/idnu.ch\/wordpress\/hikenbike-im-hochschwarzwald\/schluchsee-61\/#main\" border=\"0\" itemprop=\"url\"> <meta itemprop=\"width\" content=\"183\"> <meta itemprop=\"height\" content=\"122\"> <img decoding=\"async\" class=\"\" data-attachment-id=\"7634\" data-orig-file=\"https:\/\/idnu.ch\/wordpress\/wp-content\/uploads\/2017\/05\/schluchsee-61.jpg\" data-orig-size=\"1400,933\" data-comments-opened=\"1\" data-image-meta=\"{&quot;aperture&quot;:&quot;4.5&quot;,&quot;credit&quot;:&quot;Urs Kyburz&quot;,&quot;camera&quot;:&quot;Canon EOS 60D&quot;,&quot;caption&quot;:&quot;&quot;,&quot;created_timestamp&quot;:&quot;1495804668&quot;,&quot;copyright&quot;:&quot;\\u00a9 Urs Kyburz&quot;,&quot;focal_length&quot;:&quot;17&quot;,&quot;iso&quot;:&quot;400&quot;,&quot;shutter_speed&quot;:&quot;0.025&quot;,&quot;title&quot;:&quot;&quot;,&quot;orientation&quot;:&quot;0&quot;}\" data-image-title=\"Auf dem eigentlichen Steig\" data-image-description=\"\" data-medium-file=\"https:\/\/i0.wp.com\/idnu.ch\/wordpress\/wp-content\/uploads\/2017\/05\/schluchsee-61.jpg?fit=300%2C200&#038;ssl=1\" data-large-file=\"https:\/\/i0.wp.com\/idnu.ch\/wordpress\/wp-content\/uploads\/2017\/05\/schluchsee-61.jpg?fit=750%2C500&#038;ssl=1\" src=\"https:\/\/i0.wp.com\/idnu.ch\/wordpress\/wp-content\/uploads\/2017\/05\/schluchsee-61.jpg?w=183&#038;h=122&#038;ssl=1\" srcset=\"https:\/\/i0.wp.com\/idnu.ch\/wordpress\/wp-content\/uploads\/2017\/05\/schluchsee-61.jpg?w=1400&amp;ssl=1 1400w, https:\/\/i0.wp.com\/idnu.ch\/wordpress\/wp-content\/uploads\/2017\/05\/schluchsee-61.jpg?resize=300%2C200&amp;ssl=1 300w, https:\/\/i0.wp.com\/idnu.ch\/wordpress\/wp-content\/uploads\/2017\/05\/schluchsee-61.jpg?resize=768%2C512&amp;ssl=1 768w, https:\/\/i0.wp.com\/idnu.ch\/wordpress\/wp-content\/uploads\/2017\/05\/schluchsee-61.jpg?resize=1024%2C682&amp;ssl=1 1024w, https:\/\/i0.wp.com\/idnu.ch\/wordpress\/wp-content\/uploads\/2017\/05\/schluchsee-61.jpg?resize=150%2C100&amp;ssl=1 150w\" width=\"183\" height=\"122\" loading=\"lazy\" data-original-width=\"183\" data-original-height=\"122\" itemprop=\"http:\/\/schema.org\/image\" title=\"Auf dem eigentlichen Steig\" alt=\"Auf dem eigentlichen Steig\" style=\"width: 183px; height: 122px;\" \/> <\/a> <\/div> <\/div> <!-- close group --> <div class=\"gallery-group images-1\" style=\"width: 187px; height: 126px;\" data-original-width=\"187\" data-original-height=\"126\" > <div class=\"tiled-gallery-item tiled-gallery-item-small\" itemprop=\"associatedMedia\" itemscope itemtype=\"http:\/\/schema.org\/ImageObject\"> <a href=\"https:\/\/idnu.ch\/wordpress\/hikenbike-im-hochschwarzwald\/schluchsee-71\/#main\" border=\"0\" itemprop=\"url\"> <meta itemprop=\"width\" content=\"183\"> <meta itemprop=\"height\" content=\"122\"> <img decoding=\"async\" class=\"\" data-attachment-id=\"7635\" data-orig-file=\"https:\/\/idnu.ch\/wordpress\/wp-content\/uploads\/2017\/05\/schluchsee-71.jpg\" data-orig-size=\"1400,933\" data-comments-opened=\"1\" data-image-meta=\"{&quot;aperture&quot;:&quot;8&quot;,&quot;credit&quot;:&quot;Urs Kyburz&quot;,&quot;camera&quot;:&quot;Canon EOS 60D&quot;,&quot;caption&quot;:&quot;&quot;,&quot;created_timestamp&quot;:&quot;1495807650&quot;,&quot;copyright&quot;:&quot;\\u00a9 Urs Kyburz&quot;,&quot;focal_length&quot;:&quot;17&quot;,&quot;iso&quot;:&quot;100&quot;,&quot;shutter_speed&quot;:&quot;0.033333333333333&quot;,&quot;title&quot;:&quot;&quot;,&quot;orientation&quot;:&quot;0&quot;}\" data-image-title=\"Kanada? Nein, Schwarzwald! Der Feldsee\" data-image-description=\"\" data-medium-file=\"https:\/\/i0.wp.com\/idnu.ch\/wordpress\/wp-content\/uploads\/2017\/05\/schluchsee-71.jpg?fit=300%2C200&#038;ssl=1\" data-large-file=\"https:\/\/i0.wp.com\/idnu.ch\/wordpress\/wp-content\/uploads\/2017\/05\/schluchsee-71.jpg?fit=750%2C500&#038;ssl=1\" src=\"https:\/\/i0.wp.com\/idnu.ch\/wordpress\/wp-content\/uploads\/2017\/05\/schluchsee-71.jpg?w=183&#038;h=122&#038;ssl=1\" srcset=\"https:\/\/i0.wp.com\/idnu.ch\/wordpress\/wp-content\/uploads\/2017\/05\/schluchsee-71.jpg?w=1400&amp;ssl=1 1400w, https:\/\/i0.wp.com\/idnu.ch\/wordpress\/wp-content\/uploads\/2017\/05\/schluchsee-71.jpg?resize=300%2C200&amp;ssl=1 300w, https:\/\/i0.wp.com\/idnu.ch\/wordpress\/wp-content\/uploads\/2017\/05\/schluchsee-71.jpg?resize=768%2C512&amp;ssl=1 768w, https:\/\/i0.wp.com\/idnu.ch\/wordpress\/wp-content\/uploads\/2017\/05\/schluchsee-71.jpg?resize=1024%2C682&amp;ssl=1 1024w, https:\/\/i0.wp.com\/idnu.ch\/wordpress\/wp-content\/uploads\/2017\/05\/schluchsee-71.jpg?resize=150%2C100&amp;ssl=1 150w\" width=\"183\" height=\"122\" loading=\"lazy\" data-original-width=\"183\" data-original-height=\"122\" itemprop=\"http:\/\/schema.org\/image\" title=\"Kanada? Nein, Schwarzwald! Der Feldsee\" alt=\"Kanada? Nein, Schwarzwald! Der Feldsee\" style=\"width: 183px; height: 122px;\" \/> <\/a> <\/div> <\/div> <!-- close group --> <\/div> <!-- close row --> <\/div>\n<p>Es war insgesamt eine sehr sch\u00f6ne Wanderung mit einer gewaltigen Aussicht und sicher empfehlenswert. Mit gr\u00f6sseren Kindern ist der Weg gut machbar. Am sch\u00f6nsten w\u00e4re es, bei Sonnenaufgang auf dem Gipfel zu stehen, das w\u00e4re ein Erlebnis!<\/p>\n<h2>&#8222;Faszination Schluchsee&#8220;<\/h2>\n<p>Leider starteten wir nur zu zweit zu dieser Tour, da der J\u00fcngere Kopfschmerzen, Schwindel und einen Bienenstich hatte. Der \u00c4ltere und ich machten uns also alleine auf den Weg, zuerst wundersch\u00f6n durch einen Wald nach Schluchsee. Wir kriegten von der viel befahrenen Strasse gar nichts mit. Von Schluchsee f\u00fchrte die Route in angenehmer Steigung hoch durch den Wald. Auch einen Singletrail konnten wir befahren, leider in die falsche Richtung, n\u00e4mlich aufw\u00e4rts. Bald durften wir es aber krachen lassen, wir fuhren abw\u00e4rts dem Waldrand entlang. Die Aussicht war herrlich, den See bekamen wir aber nicht zu Gesicht. Vorbei ging es nun an Hinterh\u00e4user und weiter durch den Wald am Windgf\u00e4llweiher vorbei.<\/p>\n<h3>In den Massen<\/h3>\n<p>Waren wir vorher praktisch alleine unterwegs, h\u00e4uften sich die Ausfl\u00fcgler nun ungemein, es musste also ein Parkplatz in der N\u00e4he sein. Bei Aha legten wir eine erste Pause ein am See, bevor wir den langen Anstieg bis Farnwitte in Angriff nahmen. Zwischendurch zeigte sich der Schluchsee durch eine L\u00fccke im Wald. Von Farnwitte genossen wir die rasante Abfahrt zum \u00c4ulemer Kreuz hinunter, \u00fcberquerten die Strasse und nahmen den n\u00e4chsten Anstieg in Angriff. Bei der Rossh\u00fctte war die Mittagspause f\u00e4llig, das gem\u00fctliche H\u00fcttlein lud geradezu ein. Nach dieser St\u00e4rkung st\u00fcrzten wir uns in die n\u00e4chste Abfahrt, vier Kilometer einfach hinunter. Hui, war das ein Spass! Nun folgt gem\u00e4ss GPS der n\u00e4chste Aufstieg.<\/p>\n<h3>Wieder zur\u00fcck<\/h3>\n<p>Bei einem Rastplatz, wo wir abermals eine tolle Aussicht auf den See genossen, sollte der Weg auf die untere Strasse f\u00fchren, wir fanden aber keinen solchen. Also fuhren wir wieder hinunter zur letzte Verzweigung und bretterten weiter zum See hinunter. Vermutlich wollten uns die Verfasser einfach an diesen sch\u00f6nen Aussichtspunkt f\u00fchren. Unten rollten wir gem\u00fctlich dem See entlang bis zum Restaurant bei der Staumauer, wo Junior und ich auf unsere gelungene Tour anstiessen. Der Weg zur\u00fcck zur Jugendherberge war nur noch Formsache, den kannten wir ja schon. Und just als wir zur\u00fcck waren, schob die Frau ihr Bike aus dem Keller und wollte sich auch gerade zu einer Tour aufmachen. Das passte ja prima.<\/p>\n<div class=\"tiled-gallery type-rectangular tiled-gallery-unresized\" data-original-width=\"750\" data-carousel-extra='{&quot;blog_id&quot;:1,&quot;permalink&quot;:&quot;https:\\\/\\\/idnu.ch\\\/wordpress\\\/hikenbike-im-hochschwarzwald\\\/&quot;,&quot;likes_blog_id&quot;:100184974}' itemscope itemtype=\"http:\/\/schema.org\/ImageGallery\" > <div class=\"gallery-row\" style=\"width: 750px; height: 335px;\" data-original-width=\"750\" data-original-height=\"335\" > <div class=\"gallery-group images-1\" style=\"width: 501px; height: 335px;\" data-original-width=\"501\" data-original-height=\"335\" > <div class=\"tiled-gallery-item tiled-gallery-item-large\" itemprop=\"associatedMedia\" itemscope itemtype=\"http:\/\/schema.org\/ImageObject\"> <a href=\"https:\/\/idnu.ch\/wordpress\/hikenbike-im-hochschwarzwald\/schluchsee-87\/#main\" border=\"0\" itemprop=\"url\"> <meta itemprop=\"width\" content=\"497\"> <meta itemprop=\"height\" content=\"331\"> <img decoding=\"async\" class=\"\" data-attachment-id=\"7636\" data-orig-file=\"https:\/\/idnu.ch\/wordpress\/wp-content\/uploads\/2017\/05\/schluchsee-87.jpg\" data-orig-size=\"1400,933\" data-comments-opened=\"1\" data-image-meta=\"{&quot;aperture&quot;:&quot;4&quot;,&quot;credit&quot;:&quot;Urs Kyburz&quot;,&quot;camera&quot;:&quot;Canon EOS 60D&quot;,&quot;caption&quot;:&quot;&quot;,&quot;created_timestamp&quot;:&quot;1495878299&quot;,&quot;copyright&quot;:&quot;\\u00a9 Urs Kyburz&quot;,&quot;focal_length&quot;:&quot;40&quot;,&quot;iso&quot;:&quot;250&quot;,&quot;shutter_speed&quot;:&quot;0.0015625&quot;,&quot;title&quot;:&quot;&quot;,&quot;orientation&quot;:&quot;0&quot;}\" data-image-title=\"Ein erster Singletrail\" data-image-description=\"\" data-medium-file=\"https:\/\/i0.wp.com\/idnu.ch\/wordpress\/wp-content\/uploads\/2017\/05\/schluchsee-87.jpg?fit=300%2C200&#038;ssl=1\" data-large-file=\"https:\/\/i0.wp.com\/idnu.ch\/wordpress\/wp-content\/uploads\/2017\/05\/schluchsee-87.jpg?fit=750%2C500&#038;ssl=1\" src=\"https:\/\/i0.wp.com\/idnu.ch\/wordpress\/wp-content\/uploads\/2017\/05\/schluchsee-87.jpg?w=497&#038;h=331&#038;ssl=1\" srcset=\"https:\/\/i0.wp.com\/idnu.ch\/wordpress\/wp-content\/uploads\/2017\/05\/schluchsee-87.jpg?w=1400&amp;ssl=1 1400w, https:\/\/i0.wp.com\/idnu.ch\/wordpress\/wp-content\/uploads\/2017\/05\/schluchsee-87.jpg?resize=300%2C200&amp;ssl=1 300w, https:\/\/i0.wp.com\/idnu.ch\/wordpress\/wp-content\/uploads\/2017\/05\/schluchsee-87.jpg?resize=768%2C512&amp;ssl=1 768w, https:\/\/i0.wp.com\/idnu.ch\/wordpress\/wp-content\/uploads\/2017\/05\/schluchsee-87.jpg?resize=1024%2C682&amp;ssl=1 1024w, https:\/\/i0.wp.com\/idnu.ch\/wordpress\/wp-content\/uploads\/2017\/05\/schluchsee-87.jpg?resize=150%2C100&amp;ssl=1 150w\" width=\"497\" height=\"331\" loading=\"lazy\" data-original-width=\"497\" data-original-height=\"331\" itemprop=\"http:\/\/schema.org\/image\" title=\"Ein erster Singletrail\" alt=\"Ein erster Singletrail\" style=\"width: 497px; height: 331px;\" \/> <\/a> <\/div> <\/div> <!-- close group --> <div class=\"gallery-group images-2\" style=\"width: 249px; height: 335px;\" data-original-width=\"249\" data-original-height=\"335\" > <div class=\"tiled-gallery-item tiled-gallery-item-small\" itemprop=\"associatedMedia\" itemscope itemtype=\"http:\/\/schema.org\/ImageObject\"> <a href=\"https:\/\/idnu.ch\/wordpress\/hikenbike-im-hochschwarzwald\/schluchsee-89\/#main\" border=\"0\" itemprop=\"url\"> <meta itemprop=\"width\" content=\"245\"> <meta itemprop=\"height\" content=\"164\"> <img decoding=\"async\" class=\"\" data-attachment-id=\"7637\" data-orig-file=\"https:\/\/idnu.ch\/wordpress\/wp-content\/uploads\/2017\/05\/schluchsee-89.jpg\" data-orig-size=\"1400,933\" data-comments-opened=\"1\" data-image-meta=\"{&quot;aperture&quot;:&quot;8&quot;,&quot;credit&quot;:&quot;Urs Kyburz&quot;,&quot;camera&quot;:&quot;Canon EOS 60D&quot;,&quot;caption&quot;:&quot;&quot;,&quot;created_timestamp&quot;:&quot;1495879063&quot;,&quot;copyright&quot;:&quot;\\u00a9 Urs Kyburz&quot;,&quot;focal_length&quot;:&quot;29&quot;,&quot;iso&quot;:&quot;100&quot;,&quot;shutter_speed&quot;:&quot;0.004&quot;,&quot;title&quot;:&quot;&quot;,&quot;orientation&quot;:&quot;0&quot;}\" data-image-title=\"Abseits der Massen\" data-image-description=\"\" data-medium-file=\"https:\/\/i0.wp.com\/idnu.ch\/wordpress\/wp-content\/uploads\/2017\/05\/schluchsee-89.jpg?fit=300%2C200&#038;ssl=1\" data-large-file=\"https:\/\/i0.wp.com\/idnu.ch\/wordpress\/wp-content\/uploads\/2017\/05\/schluchsee-89.jpg?fit=750%2C500&#038;ssl=1\" src=\"https:\/\/i0.wp.com\/idnu.ch\/wordpress\/wp-content\/uploads\/2017\/05\/schluchsee-89.jpg?w=245&#038;h=164&#038;ssl=1\" srcset=\"https:\/\/i0.wp.com\/idnu.ch\/wordpress\/wp-content\/uploads\/2017\/05\/schluchsee-89.jpg?w=1400&amp;ssl=1 1400w, https:\/\/i0.wp.com\/idnu.ch\/wordpress\/wp-content\/uploads\/2017\/05\/schluchsee-89.jpg?resize=300%2C200&amp;ssl=1 300w, https:\/\/i0.wp.com\/idnu.ch\/wordpress\/wp-content\/uploads\/2017\/05\/schluchsee-89.jpg?resize=768%2C512&amp;ssl=1 768w, https:\/\/i0.wp.com\/idnu.ch\/wordpress\/wp-content\/uploads\/2017\/05\/schluchsee-89.jpg?resize=1024%2C682&amp;ssl=1 1024w, https:\/\/i0.wp.com\/idnu.ch\/wordpress\/wp-content\/uploads\/2017\/05\/schluchsee-89.jpg?resize=150%2C100&amp;ssl=1 150w\" width=\"245\" height=\"164\" loading=\"lazy\" data-original-width=\"245\" data-original-height=\"164\" itemprop=\"http:\/\/schema.org\/image\" title=\"Abseits der Massen\" alt=\"Abseits der Massen\" style=\"width: 245px; height: 164px;\" \/> <\/a> <\/div> <div class=\"tiled-gallery-item tiled-gallery-item-small\" itemprop=\"associatedMedia\" itemscope itemtype=\"http:\/\/schema.org\/ImageObject\"> <a href=\"https:\/\/idnu.ch\/wordpress\/hikenbike-im-hochschwarzwald\/schluchsee-93\/#main\" border=\"0\" itemprop=\"url\"> <meta itemprop=\"width\" content=\"245\"> <meta itemprop=\"height\" content=\"163\"> <img decoding=\"async\" class=\"\" data-attachment-id=\"7638\" data-orig-file=\"https:\/\/idnu.ch\/wordpress\/wp-content\/uploads\/2017\/05\/schluchsee-93.jpg\" data-orig-size=\"1400,933\" data-comments-opened=\"1\" data-image-meta=\"{&quot;aperture&quot;:&quot;4&quot;,&quot;credit&quot;:&quot;Urs Kyburz&quot;,&quot;camera&quot;:&quot;Canon EOS 60D&quot;,&quot;caption&quot;:&quot;&quot;,&quot;created_timestamp&quot;:&quot;1495879877&quot;,&quot;copyright&quot;:&quot;\\u00a9 Urs Kyburz&quot;,&quot;focal_length&quot;:&quot;40&quot;,&quot;iso&quot;:&quot;200&quot;,&quot;shutter_speed&quot;:&quot;0.004&quot;,&quot;title&quot;:&quot;&quot;,&quot;orientation&quot;:&quot;0&quot;}\" data-image-title=\"Junior hat Spass\" data-image-description=\"\" data-medium-file=\"https:\/\/i0.wp.com\/idnu.ch\/wordpress\/wp-content\/uploads\/2017\/05\/schluchsee-93.jpg?fit=300%2C200&#038;ssl=1\" data-large-file=\"https:\/\/i0.wp.com\/idnu.ch\/wordpress\/wp-content\/uploads\/2017\/05\/schluchsee-93.jpg?fit=750%2C500&#038;ssl=1\" src=\"https:\/\/i0.wp.com\/idnu.ch\/wordpress\/wp-content\/uploads\/2017\/05\/schluchsee-93.jpg?w=245&#038;h=163&#038;ssl=1\" srcset=\"https:\/\/i0.wp.com\/idnu.ch\/wordpress\/wp-content\/uploads\/2017\/05\/schluchsee-93.jpg?w=1400&amp;ssl=1 1400w, https:\/\/i0.wp.com\/idnu.ch\/wordpress\/wp-content\/uploads\/2017\/05\/schluchsee-93.jpg?resize=300%2C200&amp;ssl=1 300w, https:\/\/i0.wp.com\/idnu.ch\/wordpress\/wp-content\/uploads\/2017\/05\/schluchsee-93.jpg?resize=768%2C512&amp;ssl=1 768w, https:\/\/i0.wp.com\/idnu.ch\/wordpress\/wp-content\/uploads\/2017\/05\/schluchsee-93.jpg?resize=1024%2C682&amp;ssl=1 1024w, https:\/\/i0.wp.com\/idnu.ch\/wordpress\/wp-content\/uploads\/2017\/05\/schluchsee-93.jpg?resize=150%2C100&amp;ssl=1 150w\" width=\"245\" height=\"163\" loading=\"lazy\" data-original-width=\"245\" data-original-height=\"163\" itemprop=\"http:\/\/schema.org\/image\" title=\"Junior hat Spass\" alt=\"Junior hat Spass\" style=\"width: 245px; height: 163px;\" \/> <\/a> <\/div> <\/div> <!-- close group --> <\/div> <!-- close row --> <div class=\"gallery-row\" style=\"width: 750px; height: 168px;\" data-original-width=\"750\" data-original-height=\"168\" > <div class=\"gallery-group images-1\" style=\"width: 250px; height: 168px;\" data-original-width=\"250\" data-original-height=\"168\" > <div class=\"tiled-gallery-item tiled-gallery-item-small\" itemprop=\"associatedMedia\" itemscope itemtype=\"http:\/\/schema.org\/ImageObject\"> <a href=\"https:\/\/idnu.ch\/wordpress\/hikenbike-im-hochschwarzwald\/schluchsee-94\/#main\" border=\"0\" itemprop=\"url\"> <meta itemprop=\"width\" content=\"246\"> <meta itemprop=\"height\" content=\"164\"> <img decoding=\"async\" class=\"\" data-attachment-id=\"7639\" data-orig-file=\"https:\/\/idnu.ch\/wordpress\/wp-content\/uploads\/2017\/05\/schluchsee-94.jpg\" data-orig-size=\"1400,933\" data-comments-opened=\"1\" data-image-meta=\"{&quot;aperture&quot;:&quot;9&quot;,&quot;credit&quot;:&quot;Urs Kyburz&quot;,&quot;camera&quot;:&quot;Canon EOS 60D&quot;,&quot;caption&quot;:&quot;&quot;,&quot;created_timestamp&quot;:&quot;1495880212&quot;,&quot;copyright&quot;:&quot;\\u00a9 Urs Kyburz&quot;,&quot;focal_length&quot;:&quot;33&quot;,&quot;iso&quot;:&quot;100&quot;,&quot;shutter_speed&quot;:&quot;0.004&quot;,&quot;title&quot;:&quot;&quot;,&quot;orientation&quot;:&quot;0&quot;}\" data-image-title=\"Leere Strassen: So muss das sein\" data-image-description=\"\" data-medium-file=\"https:\/\/i0.wp.com\/idnu.ch\/wordpress\/wp-content\/uploads\/2017\/05\/schluchsee-94.jpg?fit=300%2C200&#038;ssl=1\" data-large-file=\"https:\/\/i0.wp.com\/idnu.ch\/wordpress\/wp-content\/uploads\/2017\/05\/schluchsee-94.jpg?fit=750%2C500&#038;ssl=1\" src=\"https:\/\/i0.wp.com\/idnu.ch\/wordpress\/wp-content\/uploads\/2017\/05\/schluchsee-94.jpg?w=246&#038;h=164&#038;ssl=1\" srcset=\"https:\/\/i0.wp.com\/idnu.ch\/wordpress\/wp-content\/uploads\/2017\/05\/schluchsee-94.jpg?w=1400&amp;ssl=1 1400w, https:\/\/i0.wp.com\/idnu.ch\/wordpress\/wp-content\/uploads\/2017\/05\/schluchsee-94.jpg?resize=300%2C200&amp;ssl=1 300w, https:\/\/i0.wp.com\/idnu.ch\/wordpress\/wp-content\/uploads\/2017\/05\/schluchsee-94.jpg?resize=768%2C512&amp;ssl=1 768w, https:\/\/i0.wp.com\/idnu.ch\/wordpress\/wp-content\/uploads\/2017\/05\/schluchsee-94.jpg?resize=1024%2C682&amp;ssl=1 1024w, https:\/\/i0.wp.com\/idnu.ch\/wordpress\/wp-content\/uploads\/2017\/05\/schluchsee-94.jpg?resize=150%2C100&amp;ssl=1 150w\" width=\"246\" height=\"164\" loading=\"lazy\" data-original-width=\"246\" data-original-height=\"164\" itemprop=\"http:\/\/schema.org\/image\" title=\"Leere Strassen: So muss das sein\" alt=\"Leere Strassen: So muss das sein\" style=\"width: 246px; height: 164px;\" \/> <\/a> <\/div> <\/div> <!-- close group --> <div class=\"gallery-group images-1\" style=\"width: 250px; height: 168px;\" data-original-width=\"250\" data-original-height=\"168\" > <div class=\"tiled-gallery-item tiled-gallery-item-small\" itemprop=\"associatedMedia\" itemscope itemtype=\"http:\/\/schema.org\/ImageObject\"> <a href=\"https:\/\/idnu.ch\/wordpress\/hikenbike-im-hochschwarzwald\/schluchsee-97\/#main\" border=\"0\" itemprop=\"url\"> <meta itemprop=\"width\" content=\"246\"> <meta itemprop=\"height\" content=\"164\"> <img decoding=\"async\" class=\"\" data-attachment-id=\"7640\" data-orig-file=\"https:\/\/idnu.ch\/wordpress\/wp-content\/uploads\/2017\/05\/schluchsee-97.jpg\" data-orig-size=\"1400,933\" data-comments-opened=\"1\" data-image-meta=\"{&quot;aperture&quot;:&quot;11&quot;,&quot;credit&quot;:&quot;Urs Kyburz&quot;,&quot;camera&quot;:&quot;Canon EOS 60D&quot;,&quot;caption&quot;:&quot;&quot;,&quot;created_timestamp&quot;:&quot;1495883386&quot;,&quot;copyright&quot;:&quot;\\u00a9 Urs Kyburz&quot;,&quot;focal_length&quot;:&quot;26&quot;,&quot;iso&quot;:&quot;100&quot;,&quot;shutter_speed&quot;:&quot;0.008&quot;,&quot;title&quot;:&quot;&quot;,&quot;orientation&quot;:&quot;0&quot;}\" data-image-title=\"Der Schluchsee aus der Ferne\" data-image-description=\"\" data-medium-file=\"https:\/\/i0.wp.com\/idnu.ch\/wordpress\/wp-content\/uploads\/2017\/05\/schluchsee-97.jpg?fit=300%2C200&#038;ssl=1\" data-large-file=\"https:\/\/i0.wp.com\/idnu.ch\/wordpress\/wp-content\/uploads\/2017\/05\/schluchsee-97.jpg?fit=750%2C500&#038;ssl=1\" src=\"https:\/\/i0.wp.com\/idnu.ch\/wordpress\/wp-content\/uploads\/2017\/05\/schluchsee-97.jpg?w=246&#038;h=164&#038;ssl=1\" srcset=\"https:\/\/i0.wp.com\/idnu.ch\/wordpress\/wp-content\/uploads\/2017\/05\/schluchsee-97.jpg?w=1400&amp;ssl=1 1400w, https:\/\/i0.wp.com\/idnu.ch\/wordpress\/wp-content\/uploads\/2017\/05\/schluchsee-97.jpg?resize=300%2C200&amp;ssl=1 300w, https:\/\/i0.wp.com\/idnu.ch\/wordpress\/wp-content\/uploads\/2017\/05\/schluchsee-97.jpg?resize=768%2C512&amp;ssl=1 768w, https:\/\/i0.wp.com\/idnu.ch\/wordpress\/wp-content\/uploads\/2017\/05\/schluchsee-97.jpg?resize=1024%2C682&amp;ssl=1 1024w, https:\/\/i0.wp.com\/idnu.ch\/wordpress\/wp-content\/uploads\/2017\/05\/schluchsee-97.jpg?resize=150%2C100&amp;ssl=1 150w\" width=\"246\" height=\"164\" loading=\"lazy\" data-original-width=\"246\" data-original-height=\"164\" itemprop=\"http:\/\/schema.org\/image\" title=\"Der Schluchsee aus der Ferne\" alt=\"Der Schluchsee aus der Ferne\" style=\"width: 246px; height: 164px;\" \/> <\/a> <\/div> <\/div> <!-- close group --> <div class=\"gallery-group images-1\" style=\"width: 250px; height: 168px;\" data-original-width=\"250\" data-original-height=\"168\" > <div class=\"tiled-gallery-item tiled-gallery-item-small\" itemprop=\"associatedMedia\" itemscope itemtype=\"http:\/\/schema.org\/ImageObject\"> <a href=\"https:\/\/idnu.ch\/wordpress\/hikenbike-im-hochschwarzwald\/schluchsee-99\/#main\" border=\"0\" itemprop=\"url\"> <meta itemprop=\"width\" content=\"246\"> <meta itemprop=\"height\" content=\"164\"> <img decoding=\"async\" class=\"\" data-attachment-id=\"7641\" data-orig-file=\"https:\/\/idnu.ch\/wordpress\/wp-content\/uploads\/2017\/05\/schluchsee-99.jpg\" data-orig-size=\"1400,933\" data-comments-opened=\"1\" data-image-meta=\"{&quot;aperture&quot;:&quot;11&quot;,&quot;credit&quot;:&quot;Urs Kyburz&quot;,&quot;camera&quot;:&quot;Canon EOS 60D&quot;,&quot;caption&quot;:&quot;&quot;,&quot;created_timestamp&quot;:&quot;1495884384&quot;,&quot;copyright&quot;:&quot;\\u00a9 Urs Kyburz&quot;,&quot;focal_length&quot;:&quot;17&quot;,&quot;iso&quot;:&quot;100&quot;,&quot;shutter_speed&quot;:&quot;0.01&quot;,&quot;title&quot;:&quot;&quot;,&quot;orientation&quot;:&quot;0&quot;}\" data-image-title=\"Kurzer Halt f\u00fcr einen Blick auf den Schluchsee\" data-image-description=\"\" data-medium-file=\"https:\/\/i0.wp.com\/idnu.ch\/wordpress\/wp-content\/uploads\/2017\/05\/schluchsee-99.jpg?fit=300%2C200&#038;ssl=1\" data-large-file=\"https:\/\/i0.wp.com\/idnu.ch\/wordpress\/wp-content\/uploads\/2017\/05\/schluchsee-99.jpg?fit=750%2C500&#038;ssl=1\" src=\"https:\/\/i0.wp.com\/idnu.ch\/wordpress\/wp-content\/uploads\/2017\/05\/schluchsee-99.jpg?w=246&#038;h=164&#038;ssl=1\" srcset=\"https:\/\/i0.wp.com\/idnu.ch\/wordpress\/wp-content\/uploads\/2017\/05\/schluchsee-99.jpg?w=1400&amp;ssl=1 1400w, https:\/\/i0.wp.com\/idnu.ch\/wordpress\/wp-content\/uploads\/2017\/05\/schluchsee-99.jpg?resize=300%2C200&amp;ssl=1 300w, https:\/\/i0.wp.com\/idnu.ch\/wordpress\/wp-content\/uploads\/2017\/05\/schluchsee-99.jpg?resize=768%2C512&amp;ssl=1 768w, https:\/\/i0.wp.com\/idnu.ch\/wordpress\/wp-content\/uploads\/2017\/05\/schluchsee-99.jpg?resize=1024%2C682&amp;ssl=1 1024w, https:\/\/i0.wp.com\/idnu.ch\/wordpress\/wp-content\/uploads\/2017\/05\/schluchsee-99.jpg?resize=150%2C100&amp;ssl=1 150w\" width=\"246\" height=\"164\" loading=\"lazy\" data-original-width=\"246\" data-original-height=\"164\" itemprop=\"http:\/\/schema.org\/image\" title=\"Kurzer Halt f\u00fcr einen Blick auf den Schluchsee\" alt=\"Kurzer Halt f\u00fcr einen Blick auf den Schluchsee\" style=\"width: 246px; height: 164px;\" \/> <\/a> <\/div> <\/div> <!-- close group --> <\/div> <!-- close row --> <div class=\"gallery-row\" style=\"width: 750px; height: 251px;\" data-original-width=\"750\" data-original-height=\"251\" > <div class=\"gallery-group images-1\" style=\"width: 375px; height: 251px;\" data-original-width=\"375\" data-original-height=\"251\" > <div class=\"tiled-gallery-item tiled-gallery-item-large\" itemprop=\"associatedMedia\" itemscope itemtype=\"http:\/\/schema.org\/ImageObject\"> <a href=\"https:\/\/idnu.ch\/wordpress\/hikenbike-im-hochschwarzwald\/schluchsee-101\/#main\" border=\"0\" itemprop=\"url\"> <meta itemprop=\"width\" content=\"371\"> <meta itemprop=\"height\" content=\"247\"> <img decoding=\"async\" class=\"\" data-attachment-id=\"7642\" data-orig-file=\"https:\/\/idnu.ch\/wordpress\/wp-content\/uploads\/2017\/05\/schluchsee-101.jpg\" data-orig-size=\"1400,933\" data-comments-opened=\"1\" data-image-meta=\"{&quot;aperture&quot;:&quot;11&quot;,&quot;credit&quot;:&quot;Urs Kyburz&quot;,&quot;camera&quot;:&quot;Canon EOS 60D&quot;,&quot;caption&quot;:&quot;&quot;,&quot;created_timestamp&quot;:&quot;1495886387&quot;,&quot;copyright&quot;:&quot;\\u00a9 Urs Kyburz&quot;,&quot;focal_length&quot;:&quot;40&quot;,&quot;iso&quot;:&quot;250&quot;,&quot;shutter_speed&quot;:&quot;0.016666666666667&quot;,&quot;title&quot;:&quot;&quot;,&quot;orientation&quot;:&quot;0&quot;}\" data-image-title=\"Die Rossh\u00fctte, ideal f\u00fcr eine Pause\" data-image-description=\"\" data-medium-file=\"https:\/\/i0.wp.com\/idnu.ch\/wordpress\/wp-content\/uploads\/2017\/05\/schluchsee-101.jpg?fit=300%2C200&#038;ssl=1\" data-large-file=\"https:\/\/i0.wp.com\/idnu.ch\/wordpress\/wp-content\/uploads\/2017\/05\/schluchsee-101.jpg?fit=750%2C500&#038;ssl=1\" src=\"https:\/\/i0.wp.com\/idnu.ch\/wordpress\/wp-content\/uploads\/2017\/05\/schluchsee-101.jpg?w=371&#038;h=247&#038;ssl=1\" srcset=\"https:\/\/i0.wp.com\/idnu.ch\/wordpress\/wp-content\/uploads\/2017\/05\/schluchsee-101.jpg?w=1400&amp;ssl=1 1400w, https:\/\/i0.wp.com\/idnu.ch\/wordpress\/wp-content\/uploads\/2017\/05\/schluchsee-101.jpg?resize=300%2C200&amp;ssl=1 300w, https:\/\/i0.wp.com\/idnu.ch\/wordpress\/wp-content\/uploads\/2017\/05\/schluchsee-101.jpg?resize=768%2C512&amp;ssl=1 768w, https:\/\/i0.wp.com\/idnu.ch\/wordpress\/wp-content\/uploads\/2017\/05\/schluchsee-101.jpg?resize=1024%2C682&amp;ssl=1 1024w, https:\/\/i0.wp.com\/idnu.ch\/wordpress\/wp-content\/uploads\/2017\/05\/schluchsee-101.jpg?resize=150%2C100&amp;ssl=1 150w\" width=\"371\" height=\"247\" loading=\"lazy\" data-original-width=\"371\" data-original-height=\"247\" itemprop=\"http:\/\/schema.org\/image\" title=\"Die Rossh\u00fctte, ideal f\u00fcr eine Pause\" alt=\"Die Rossh\u00fctte, ideal f\u00fcr eine Pause\" style=\"width: 371px; height: 247px;\" \/> <\/a> <\/div> <\/div> <!-- close group --> <div class=\"gallery-group images-1\" style=\"width: 375px; height: 251px;\" data-original-width=\"375\" data-original-height=\"251\" > <div class=\"tiled-gallery-item tiled-gallery-item-large\" itemprop=\"associatedMedia\" itemscope itemtype=\"http:\/\/schema.org\/ImageObject\"> <a href=\"https:\/\/idnu.ch\/wordpress\/hikenbike-im-hochschwarzwald\/schluchsee-105\/#main\" border=\"0\" itemprop=\"url\"> <meta itemprop=\"width\" content=\"371\"> <meta itemprop=\"height\" content=\"247\"> <img decoding=\"async\" class=\"\" data-attachment-id=\"7643\" data-orig-file=\"https:\/\/idnu.ch\/wordpress\/wp-content\/uploads\/2017\/05\/schluchsee-105.jpg\" data-orig-size=\"1400,933\" data-comments-opened=\"1\" data-image-meta=\"{&quot;aperture&quot;:&quot;14&quot;,&quot;credit&quot;:&quot;Urs Kyburz&quot;,&quot;camera&quot;:&quot;Canon EOS 60D&quot;,&quot;caption&quot;:&quot;&quot;,&quot;created_timestamp&quot;:&quot;1495888227&quot;,&quot;copyright&quot;:&quot;\\u00a9 Urs Kyburz&quot;,&quot;focal_length&quot;:&quot;17&quot;,&quot;iso&quot;:&quot;100&quot;,&quot;shutter_speed&quot;:&quot;0.01&quot;,&quot;title&quot;:&quot;&quot;,&quot;orientation&quot;:&quot;0&quot;}\" data-image-title=\"Wunderbare Aussicht auf den Schluchsee\" data-image-description=\"\" data-medium-file=\"https:\/\/i0.wp.com\/idnu.ch\/wordpress\/wp-content\/uploads\/2017\/05\/schluchsee-105.jpg?fit=300%2C200&#038;ssl=1\" data-large-file=\"https:\/\/i0.wp.com\/idnu.ch\/wordpress\/wp-content\/uploads\/2017\/05\/schluchsee-105.jpg?fit=750%2C500&#038;ssl=1\" src=\"https:\/\/i0.wp.com\/idnu.ch\/wordpress\/wp-content\/uploads\/2017\/05\/schluchsee-105.jpg?w=371&#038;h=247&#038;ssl=1\" srcset=\"https:\/\/i0.wp.com\/idnu.ch\/wordpress\/wp-content\/uploads\/2017\/05\/schluchsee-105.jpg?w=1400&amp;ssl=1 1400w, https:\/\/i0.wp.com\/idnu.ch\/wordpress\/wp-content\/uploads\/2017\/05\/schluchsee-105.jpg?resize=300%2C200&amp;ssl=1 300w, https:\/\/i0.wp.com\/idnu.ch\/wordpress\/wp-content\/uploads\/2017\/05\/schluchsee-105.jpg?resize=768%2C512&amp;ssl=1 768w, https:\/\/i0.wp.com\/idnu.ch\/wordpress\/wp-content\/uploads\/2017\/05\/schluchsee-105.jpg?resize=1024%2C682&amp;ssl=1 1024w, https:\/\/i0.wp.com\/idnu.ch\/wordpress\/wp-content\/uploads\/2017\/05\/schluchsee-105.jpg?resize=150%2C100&amp;ssl=1 150w\" width=\"371\" height=\"247\" loading=\"lazy\" data-original-width=\"371\" data-original-height=\"247\" itemprop=\"http:\/\/schema.org\/image\" title=\"Wunderbare Aussicht auf den Schluchsee\" alt=\"Wunderbare Aussicht auf den Schluchsee\" style=\"width: 371px; height: 247px;\" \/> <\/a> <\/div> <\/div> <!-- close group --> <\/div> <!-- close row --> <\/div>\n<p>Der Name f\u00fcr die Tour, &#8222;Faszination Schluchsee&#8220;, musste wohl einem \u00fcberambitionierten Marketinggehirn entsprungen sein, denn vom See selber sah man selten etwas. Aber lohnenswert ist die Tour alleweil, technisch einfach, konditionell so mittel. Man kann die Tour fast jederzeit abk\u00fcrzen, was sie auch f\u00fcr Familien interessant macht.<\/p>\n<h2>&#8222;M\u00fchlentour im Rothauser Land&#8220;<\/h2>\n<p>Die Biketouren findet man eigentlich nur mit GPS zuverl\u00e4ssig. Was es bedeutet, ohne GPS und mit einer schlechten Karte die Route zu finden, merkten wir auf dieser Tour. Ich bereite Touren immer penibel vor, suche mir die Informationen zusammen. Gibt es keine Tracks, erstelle ich sie mir. Umso mehr \u00e4rgerte es mich, als ich den Track auf meinem Ger\u00e4t nicht fand. Ich hatte nur die App &#8222;Hochschwarzwald Touren&#8220; von Outdoor Active, die aber mehr schlecht als recht funktionierte. Die Karte wurde nicht angzeigt, nur der Track. Ich konnte also nur sehen, ob ich noch auf der Linie bin oder nicht, wo es durchgeht nicht.<\/p>\n<h3>Ohne GPS und Karte unterwegs<\/h3>\n<p>Wir starteten orientierungstechnisch halbblind in \u00dchlingen-Birkendorf, fuhren nach Riedern am Wald und weiter zum Weilerholz, wo wir dann prompt den richtigen Weg verloren. Nach Gef\u00fchl und mit den wenigen Informationen fuhren wir weiter, wir mussten auf das Mettmabecken treffen. Der Weg erwies sich als ausgesprochen abwechslungsreich, die Waldstrasse wurde bald zum Waldweg, dann zu einem steilen Singletrail, der abw\u00e4rts f\u00fchrte zum Stausee. Voil\u00e0, perfekt! Wir hatten zwar nun eine M\u00fchle verpasst, den Kindern hatte ich aber einige H\u00f6henmeter Aufstieg erspart und ihnen einen spannenden Weg geboten. Nun wurde es gem\u00fctlicher, sanft ansteigend fuhren wir der Mettma entlang bis zur Heidenm\u00fchle &#8211; oder was davon \u00fcbrig ist.<\/p>\n<p>&nbsp;<\/p>\n<figure id=\"attachment_7617\" aria-describedby=\"caption-attachment-7617\" style=\"width: 1400px\" class=\"wp-caption aligncenter\"><img data-recalc-dims=\"1\" loading=\"lazy\" decoding=\"async\" data-attachment-id=\"7617\" data-permalink=\"https:\/\/idnu.ch\/wordpress\/hikenbike-im-hochschwarzwald\/schluchsee-112\/#main\" data-orig-file=\"https:\/\/i0.wp.com\/idnu.ch\/wordpress\/wp-content\/uploads\/2017\/05\/schluchsee-112.jpg?fit=1400%2C933&amp;ssl=1\" data-orig-size=\"1400,933\" data-comments-opened=\"1\" data-image-meta=\"{&quot;aperture&quot;:&quot;9&quot;,&quot;credit&quot;:&quot;Urs Kyburz&quot;,&quot;camera&quot;:&quot;Canon EOS 60D&quot;,&quot;caption&quot;:&quot;&quot;,&quot;created_timestamp&quot;:&quot;1495967302&quot;,&quot;copyright&quot;:&quot;\\u00a9 Urs Kyburz&quot;,&quot;focal_length&quot;:&quot;17&quot;,&quot;iso&quot;:&quot;320&quot;,&quot;shutter_speed&quot;:&quot;0.025&quot;,&quot;title&quot;:&quot;&quot;,&quot;orientation&quot;:&quot;0&quot;}\" data-image-title=\"Die traurigen Reste der Heidenm\u00fchle\" data-image-description=\"\" data-image-caption=\"&lt;p&gt;Die traurigen Reste der Heidenm\u00fchle&lt;\/p&gt;\n\" data-large-file=\"https:\/\/i0.wp.com\/idnu.ch\/wordpress\/wp-content\/uploads\/2017\/05\/schluchsee-112.jpg?fit=750%2C500&amp;ssl=1\" class=\"size-full wp-image-7617\" src=\"https:\/\/i0.wp.com\/idnu.ch\/wordpress\/wp-content\/uploads\/2017\/05\/schluchsee-112.jpg?resize=750%2C500&#038;ssl=1\" alt=\"Die traurigen Reste der Heidenm\u00fchle\" width=\"750\" height=\"500\" srcset=\"https:\/\/i0.wp.com\/idnu.ch\/wordpress\/wp-content\/uploads\/2017\/05\/schluchsee-112.jpg?w=1400&amp;ssl=1 1400w, https:\/\/i0.wp.com\/idnu.ch\/wordpress\/wp-content\/uploads\/2017\/05\/schluchsee-112.jpg?resize=300%2C200&amp;ssl=1 300w, https:\/\/i0.wp.com\/idnu.ch\/wordpress\/wp-content\/uploads\/2017\/05\/schluchsee-112.jpg?resize=768%2C512&amp;ssl=1 768w, https:\/\/i0.wp.com\/idnu.ch\/wordpress\/wp-content\/uploads\/2017\/05\/schluchsee-112.jpg?resize=1024%2C682&amp;ssl=1 1024w, https:\/\/i0.wp.com\/idnu.ch\/wordpress\/wp-content\/uploads\/2017\/05\/schluchsee-112.jpg?resize=150%2C100&amp;ssl=1 150w\" sizes=\"auto, (max-width: 750px) 100vw, 750px\" \/><figcaption id=\"caption-attachment-7617\" class=\"wp-caption-text\">Die traurigen Reste der Heidenm\u00fchle<\/figcaption><\/figure>\n<h3>Verpasste Wege<\/h3>\n<p>Der folgende Weg nach Buggenried war so steil, dass wir schieben mussten, ich half dem J\u00fcngeren dabei, der sonst schon nicht hundertprozentig fit war. Zwischen Buggenried und Grafenhausen verpassten wir gleich zweimal den richtigen Weg, was allerdings nicht schlimm war. \u00dcber die sanfte H\u00fcgellandschaft fuhren wir in st\u00e4ndigem Auf und Ab nach Grafenhausen, wo wir mal eine ordentliche Pause einlegten. Ab hier f\u00fchrte der Weg fast nur noch abw\u00e4rts durch das romantische, wundersch\u00f6ne Schl\u00fcchttal, dessen Romantik j\u00e4h gebrochen wird durch die Tannenm\u00fchle mit Restaurant und Kleintiergehege. Wer es gerne touristisch mag, ist hier richtig, wir verliessen den Ort umgehend wieder, fuhren vorbei am sch\u00f6nen Naturena Badesee und erreichten kurz darauf wieder unseren Ausgangspunkt.<\/p>\n<div class=\"tiled-gallery type-rectangular tiled-gallery-unresized\" data-original-width=\"750\" data-carousel-extra='{&quot;blog_id&quot;:1,&quot;permalink&quot;:&quot;https:\\\/\\\/idnu.ch\\\/wordpress\\\/hikenbike-im-hochschwarzwald\\\/&quot;,&quot;likes_blog_id&quot;:100184974}' itemscope itemtype=\"http:\/\/schema.org\/ImageGallery\" > <div class=\"gallery-row\" style=\"width: 750px; height: 335px;\" data-original-width=\"750\" data-original-height=\"335\" > <div class=\"gallery-group images-1\" style=\"width: 501px; height: 335px;\" data-original-width=\"501\" data-original-height=\"335\" > <div class=\"tiled-gallery-item tiled-gallery-item-large\" itemprop=\"associatedMedia\" itemscope itemtype=\"http:\/\/schema.org\/ImageObject\"> <a href=\"https:\/\/idnu.ch\/wordpress\/hikenbike-im-hochschwarzwald\/schluchsee-107\/#main\" border=\"0\" itemprop=\"url\"> <meta itemprop=\"width\" content=\"497\"> <meta itemprop=\"height\" content=\"331\"> <img decoding=\"async\" class=\"\" data-attachment-id=\"7644\" data-orig-file=\"https:\/\/idnu.ch\/wordpress\/wp-content\/uploads\/2017\/05\/schluchsee-107.jpg\" data-orig-size=\"1400,933\" data-comments-opened=\"1\" data-image-meta=\"{&quot;aperture&quot;:&quot;9&quot;,&quot;credit&quot;:&quot;Urs Kyburz&quot;,&quot;camera&quot;:&quot;Canon EOS 60D&quot;,&quot;caption&quot;:&quot;&quot;,&quot;created_timestamp&quot;:&quot;1495963708&quot;,&quot;copyright&quot;:&quot;\\u00a9 Urs Kyburz&quot;,&quot;focal_length&quot;:&quot;17&quot;,&quot;iso&quot;:&quot;100&quot;,&quot;shutter_speed&quot;:&quot;0.005&quot;,&quot;title&quot;:&quot;&quot;,&quot;orientation&quot;:&quot;0&quot;}\" data-image-title=\"\u00dcberlandfahrt zwischen \u00dchlingen und Riedern am Wald\" data-image-description=\"\" data-medium-file=\"https:\/\/i0.wp.com\/idnu.ch\/wordpress\/wp-content\/uploads\/2017\/05\/schluchsee-107.jpg?fit=300%2C200&#038;ssl=1\" data-large-file=\"https:\/\/i0.wp.com\/idnu.ch\/wordpress\/wp-content\/uploads\/2017\/05\/schluchsee-107.jpg?fit=750%2C500&#038;ssl=1\" src=\"https:\/\/i0.wp.com\/idnu.ch\/wordpress\/wp-content\/uploads\/2017\/05\/schluchsee-107.jpg?w=497&#038;h=331&#038;ssl=1\" srcset=\"https:\/\/i0.wp.com\/idnu.ch\/wordpress\/wp-content\/uploads\/2017\/05\/schluchsee-107.jpg?w=1400&amp;ssl=1 1400w, https:\/\/i0.wp.com\/idnu.ch\/wordpress\/wp-content\/uploads\/2017\/05\/schluchsee-107.jpg?resize=300%2C200&amp;ssl=1 300w, https:\/\/i0.wp.com\/idnu.ch\/wordpress\/wp-content\/uploads\/2017\/05\/schluchsee-107.jpg?resize=768%2C512&amp;ssl=1 768w, https:\/\/i0.wp.com\/idnu.ch\/wordpress\/wp-content\/uploads\/2017\/05\/schluchsee-107.jpg?resize=1024%2C682&amp;ssl=1 1024w, https:\/\/i0.wp.com\/idnu.ch\/wordpress\/wp-content\/uploads\/2017\/05\/schluchsee-107.jpg?resize=150%2C100&amp;ssl=1 150w\" width=\"497\" height=\"331\" loading=\"lazy\" data-original-width=\"497\" data-original-height=\"331\" itemprop=\"http:\/\/schema.org\/image\" title=\"\u00dcberlandfahrt zwischen \u00dchlingen und Riedern am Wald\" alt=\"\u00dcberlandfahrt zwischen \u00dchlingen und Riedern am Wald\" style=\"width: 497px; height: 331px;\" \/> <\/a> <\/div> <\/div> <!-- close group --> <div class=\"gallery-group images-2\" style=\"width: 249px; height: 335px;\" data-original-width=\"249\" data-original-height=\"335\" > <div class=\"tiled-gallery-item tiled-gallery-item-small\" itemprop=\"associatedMedia\" itemscope itemtype=\"http:\/\/schema.org\/ImageObject\"> <a href=\"https:\/\/idnu.ch\/wordpress\/hikenbike-im-hochschwarzwald\/schluchsee-109\/#main\" border=\"0\" itemprop=\"url\"> <meta itemprop=\"width\" content=\"245\"> <meta itemprop=\"height\" content=\"164\"> <img decoding=\"async\" class=\"\" data-attachment-id=\"7645\" data-orig-file=\"https:\/\/idnu.ch\/wordpress\/wp-content\/uploads\/2017\/05\/schluchsee-109.jpg\" data-orig-size=\"1400,933\" data-comments-opened=\"1\" data-image-meta=\"{&quot;aperture&quot;:&quot;9&quot;,&quot;credit&quot;:&quot;Urs Kyburz&quot;,&quot;camera&quot;:&quot;Canon EOS 60D&quot;,&quot;caption&quot;:&quot;&quot;,&quot;created_timestamp&quot;:&quot;1495964414&quot;,&quot;copyright&quot;:&quot;\\u00a9 Urs Kyburz&quot;,&quot;focal_length&quot;:&quot;17&quot;,&quot;iso&quot;:&quot;100&quot;,&quot;shutter_speed&quot;:&quot;0.003125&quot;,&quot;title&quot;:&quot;&quot;,&quot;orientation&quot;:&quot;0&quot;}\" data-image-title=\"Verkehrsfreie Strassen sind ein Genuss\" data-image-description=\"\" data-medium-file=\"https:\/\/i0.wp.com\/idnu.ch\/wordpress\/wp-content\/uploads\/2017\/05\/schluchsee-109.jpg?fit=300%2C200&#038;ssl=1\" data-large-file=\"https:\/\/i0.wp.com\/idnu.ch\/wordpress\/wp-content\/uploads\/2017\/05\/schluchsee-109.jpg?fit=750%2C500&#038;ssl=1\" src=\"https:\/\/i0.wp.com\/idnu.ch\/wordpress\/wp-content\/uploads\/2017\/05\/schluchsee-109.jpg?w=245&#038;h=164&#038;ssl=1\" srcset=\"https:\/\/i0.wp.com\/idnu.ch\/wordpress\/wp-content\/uploads\/2017\/05\/schluchsee-109.jpg?w=1400&amp;ssl=1 1400w, https:\/\/i0.wp.com\/idnu.ch\/wordpress\/wp-content\/uploads\/2017\/05\/schluchsee-109.jpg?resize=300%2C200&amp;ssl=1 300w, https:\/\/i0.wp.com\/idnu.ch\/wordpress\/wp-content\/uploads\/2017\/05\/schluchsee-109.jpg?resize=768%2C512&amp;ssl=1 768w, https:\/\/i0.wp.com\/idnu.ch\/wordpress\/wp-content\/uploads\/2017\/05\/schluchsee-109.jpg?resize=1024%2C682&amp;ssl=1 1024w, https:\/\/i0.wp.com\/idnu.ch\/wordpress\/wp-content\/uploads\/2017\/05\/schluchsee-109.jpg?resize=150%2C100&amp;ssl=1 150w\" width=\"245\" height=\"164\" loading=\"lazy\" data-original-width=\"245\" data-original-height=\"164\" itemprop=\"http:\/\/schema.org\/image\" title=\"Verkehrsfreie Strassen sind ein Genuss\" alt=\"Verkehrsfreie Strassen sind ein Genuss\" style=\"width: 245px; height: 164px;\" \/> <\/a> <\/div> <div class=\"tiled-gallery-item tiled-gallery-item-small\" itemprop=\"associatedMedia\" itemscope itemtype=\"http:\/\/schema.org\/ImageObject\"> <a href=\"https:\/\/idnu.ch\/wordpress\/hikenbike-im-hochschwarzwald\/schluchsee-113\/#main\" border=\"0\" itemprop=\"url\"> <meta itemprop=\"width\" content=\"245\"> <meta itemprop=\"height\" content=\"163\"> <img decoding=\"async\" class=\"\" data-attachment-id=\"7646\" data-orig-file=\"https:\/\/idnu.ch\/wordpress\/wp-content\/uploads\/2017\/05\/schluchsee-113.jpg\" data-orig-size=\"1400,933\" data-comments-opened=\"1\" data-image-meta=\"{&quot;aperture&quot;:&quot;9&quot;,&quot;credit&quot;:&quot;Urs Kyburz&quot;,&quot;camera&quot;:&quot;Canon EOS 60D&quot;,&quot;caption&quot;:&quot;&quot;,&quot;created_timestamp&quot;:&quot;1495968810&quot;,&quot;copyright&quot;:&quot;\\u00a9 Urs Kyburz&quot;,&quot;focal_length&quot;:&quot;17&quot;,&quot;iso&quot;:&quot;100&quot;,&quot;shutter_speed&quot;:&quot;0.004&quot;,&quot;title&quot;:&quot;&quot;,&quot;orientation&quot;:&quot;0&quot;}\" data-image-title=\"Vor Buggenried nach dem steilen Aufstieg\" data-image-description=\"\" data-medium-file=\"https:\/\/i0.wp.com\/idnu.ch\/wordpress\/wp-content\/uploads\/2017\/05\/schluchsee-113.jpg?fit=300%2C200&#038;ssl=1\" data-large-file=\"https:\/\/i0.wp.com\/idnu.ch\/wordpress\/wp-content\/uploads\/2017\/05\/schluchsee-113.jpg?fit=750%2C500&#038;ssl=1\" src=\"https:\/\/i0.wp.com\/idnu.ch\/wordpress\/wp-content\/uploads\/2017\/05\/schluchsee-113.jpg?w=245&#038;h=163&#038;ssl=1\" srcset=\"https:\/\/i0.wp.com\/idnu.ch\/wordpress\/wp-content\/uploads\/2017\/05\/schluchsee-113.jpg?w=1400&amp;ssl=1 1400w, https:\/\/i0.wp.com\/idnu.ch\/wordpress\/wp-content\/uploads\/2017\/05\/schluchsee-113.jpg?resize=300%2C200&amp;ssl=1 300w, https:\/\/i0.wp.com\/idnu.ch\/wordpress\/wp-content\/uploads\/2017\/05\/schluchsee-113.jpg?resize=768%2C512&amp;ssl=1 768w, https:\/\/i0.wp.com\/idnu.ch\/wordpress\/wp-content\/uploads\/2017\/05\/schluchsee-113.jpg?resize=1024%2C682&amp;ssl=1 1024w, https:\/\/i0.wp.com\/idnu.ch\/wordpress\/wp-content\/uploads\/2017\/05\/schluchsee-113.jpg?resize=150%2C100&amp;ssl=1 150w\" width=\"245\" height=\"163\" loading=\"lazy\" data-original-width=\"245\" data-original-height=\"163\" itemprop=\"http:\/\/schema.org\/image\" title=\"Vor Buggenried nach dem steilen Aufstieg\" alt=\"Vor Buggenried nach dem steilen Aufstieg\" style=\"width: 245px; height: 163px;\" \/> <\/a> <\/div> <\/div> <!-- close group --> <\/div> <!-- close row --> <div class=\"gallery-row\" style=\"width: 750px; height: 126px;\" data-original-width=\"750\" data-original-height=\"126\" > <div class=\"gallery-group images-1\" style=\"width: 188px; height: 126px;\" data-original-width=\"188\" data-original-height=\"126\" > <div class=\"tiled-gallery-item tiled-gallery-item-small\" itemprop=\"associatedMedia\" itemscope itemtype=\"http:\/\/schema.org\/ImageObject\"> <a href=\"https:\/\/idnu.ch\/wordpress\/hikenbike-im-hochschwarzwald\/schluchsee-123\/#main\" border=\"0\" itemprop=\"url\"> <meta itemprop=\"width\" content=\"184\"> <meta itemprop=\"height\" content=\"122\"> <img decoding=\"async\" class=\"\" data-attachment-id=\"7647\" data-orig-file=\"https:\/\/idnu.ch\/wordpress\/wp-content\/uploads\/2017\/05\/schluchsee-123.jpg\" data-orig-size=\"1400,933\" data-comments-opened=\"1\" data-image-meta=\"{&quot;aperture&quot;:&quot;4.5&quot;,&quot;credit&quot;:&quot;Urs Kyburz&quot;,&quot;camera&quot;:&quot;Canon EOS 60D&quot;,&quot;caption&quot;:&quot;&quot;,&quot;created_timestamp&quot;:&quot;1495972961&quot;,&quot;copyright&quot;:&quot;\\u00a9 Urs Kyburz&quot;,&quot;focal_length&quot;:&quot;17&quot;,&quot;iso&quot;:&quot;100&quot;,&quot;shutter_speed&quot;:&quot;0.00125&quot;,&quot;title&quot;:&quot;&quot;,&quot;orientation&quot;:&quot;0&quot;}\" data-image-title=\"Nach Grafenhausen\" data-image-description=\"\" data-medium-file=\"https:\/\/i0.wp.com\/idnu.ch\/wordpress\/wp-content\/uploads\/2017\/05\/schluchsee-123.jpg?fit=300%2C200&#038;ssl=1\" data-large-file=\"https:\/\/i0.wp.com\/idnu.ch\/wordpress\/wp-content\/uploads\/2017\/05\/schluchsee-123.jpg?fit=750%2C500&#038;ssl=1\" src=\"https:\/\/i0.wp.com\/idnu.ch\/wordpress\/wp-content\/uploads\/2017\/05\/schluchsee-123.jpg?w=184&#038;h=122&#038;ssl=1\" srcset=\"https:\/\/i0.wp.com\/idnu.ch\/wordpress\/wp-content\/uploads\/2017\/05\/schluchsee-123.jpg?w=1400&amp;ssl=1 1400w, https:\/\/i0.wp.com\/idnu.ch\/wordpress\/wp-content\/uploads\/2017\/05\/schluchsee-123.jpg?resize=300%2C200&amp;ssl=1 300w, https:\/\/i0.wp.com\/idnu.ch\/wordpress\/wp-content\/uploads\/2017\/05\/schluchsee-123.jpg?resize=768%2C512&amp;ssl=1 768w, https:\/\/i0.wp.com\/idnu.ch\/wordpress\/wp-content\/uploads\/2017\/05\/schluchsee-123.jpg?resize=1024%2C682&amp;ssl=1 1024w, https:\/\/i0.wp.com\/idnu.ch\/wordpress\/wp-content\/uploads\/2017\/05\/schluchsee-123.jpg?resize=150%2C100&amp;ssl=1 150w\" width=\"184\" height=\"122\" loading=\"lazy\" data-original-width=\"184\" data-original-height=\"122\" itemprop=\"http:\/\/schema.org\/image\" title=\"Nach Grafenhausen\" alt=\"Nach Grafenhausen\" style=\"width: 184px; height: 122px;\" \/> <\/a> <\/div> <\/div> <!-- close group --> <div class=\"gallery-group images-1\" style=\"width: 188px; height: 126px;\" data-original-width=\"188\" data-original-height=\"126\" > <div class=\"tiled-gallery-item tiled-gallery-item-small\" itemprop=\"associatedMedia\" itemscope itemtype=\"http:\/\/schema.org\/ImageObject\"> <a href=\"https:\/\/idnu.ch\/wordpress\/hikenbike-im-hochschwarzwald\/schluchsee-125\/#main\" border=\"0\" itemprop=\"url\"> <meta itemprop=\"width\" content=\"184\"> <meta itemprop=\"height\" content=\"122\"> <img decoding=\"async\" class=\"\" data-attachment-id=\"7648\" data-orig-file=\"https:\/\/idnu.ch\/wordpress\/wp-content\/uploads\/2017\/05\/schluchsee-125.jpg\" data-orig-size=\"1400,933\" data-comments-opened=\"1\" data-image-meta=\"{&quot;aperture&quot;:&quot;9&quot;,&quot;credit&quot;:&quot;Urs Kyburz&quot;,&quot;camera&quot;:&quot;Canon EOS 60D&quot;,&quot;caption&quot;:&quot;&quot;,&quot;created_timestamp&quot;:&quot;1495973092&quot;,&quot;copyright&quot;:&quot;\\u00a9 Urs Kyburz&quot;,&quot;focal_length&quot;:&quot;36&quot;,&quot;iso&quot;:&quot;100&quot;,&quot;shutter_speed&quot;:&quot;0.01&quot;,&quot;title&quot;:&quot;&quot;,&quot;orientation&quot;:&quot;0&quot;}\" data-image-title=\"Abfahrt ins Schl\u00fcchttal\" data-image-description=\"\" data-medium-file=\"https:\/\/i0.wp.com\/idnu.ch\/wordpress\/wp-content\/uploads\/2017\/05\/schluchsee-125.jpg?fit=300%2C200&#038;ssl=1\" data-large-file=\"https:\/\/i0.wp.com\/idnu.ch\/wordpress\/wp-content\/uploads\/2017\/05\/schluchsee-125.jpg?fit=750%2C500&#038;ssl=1\" src=\"https:\/\/i0.wp.com\/idnu.ch\/wordpress\/wp-content\/uploads\/2017\/05\/schluchsee-125.jpg?w=184&#038;h=122&#038;ssl=1\" srcset=\"https:\/\/i0.wp.com\/idnu.ch\/wordpress\/wp-content\/uploads\/2017\/05\/schluchsee-125.jpg?w=1400&amp;ssl=1 1400w, https:\/\/i0.wp.com\/idnu.ch\/wordpress\/wp-content\/uploads\/2017\/05\/schluchsee-125.jpg?resize=300%2C200&amp;ssl=1 300w, https:\/\/i0.wp.com\/idnu.ch\/wordpress\/wp-content\/uploads\/2017\/05\/schluchsee-125.jpg?resize=768%2C512&amp;ssl=1 768w, https:\/\/i0.wp.com\/idnu.ch\/wordpress\/wp-content\/uploads\/2017\/05\/schluchsee-125.jpg?resize=1024%2C682&amp;ssl=1 1024w, https:\/\/i0.wp.com\/idnu.ch\/wordpress\/wp-content\/uploads\/2017\/05\/schluchsee-125.jpg?resize=150%2C100&amp;ssl=1 150w\" width=\"184\" height=\"122\" loading=\"lazy\" data-original-width=\"184\" data-original-height=\"122\" itemprop=\"http:\/\/schema.org\/image\" title=\"Abfahrt ins Schl\u00fcchttal\" alt=\"Abfahrt ins Schl\u00fcchttal\" style=\"width: 184px; height: 122px;\" \/> <\/a> <\/div> <\/div> <!-- close group --> <div class=\"gallery-group images-1\" style=\"width: 187px; height: 126px;\" data-original-width=\"187\" data-original-height=\"126\" > <div class=\"tiled-gallery-item tiled-gallery-item-small\" itemprop=\"associatedMedia\" itemscope itemtype=\"http:\/\/schema.org\/ImageObject\"> <a href=\"https:\/\/idnu.ch\/wordpress\/hikenbike-im-hochschwarzwald\/schluchsee-126\/#main\" border=\"0\" itemprop=\"url\"> <meta itemprop=\"width\" content=\"183\"> <meta itemprop=\"height\" content=\"122\"> <img decoding=\"async\" class=\"\" data-attachment-id=\"7649\" data-orig-file=\"https:\/\/idnu.ch\/wordpress\/wp-content\/uploads\/2017\/05\/schluchsee-126.jpg\" data-orig-size=\"1400,933\" data-comments-opened=\"1\" data-image-meta=\"{&quot;aperture&quot;:&quot;9&quot;,&quot;credit&quot;:&quot;Urs Kyburz&quot;,&quot;camera&quot;:&quot;Canon EOS 60D&quot;,&quot;caption&quot;:&quot;&quot;,&quot;created_timestamp&quot;:&quot;1495973311&quot;,&quot;copyright&quot;:&quot;\\u00a9 Urs Kyburz&quot;,&quot;focal_length&quot;:&quot;40&quot;,&quot;iso&quot;:&quot;100&quot;,&quot;shutter_speed&quot;:&quot;0.01&quot;,&quot;title&quot;:&quot;&quot;,&quot;orientation&quot;:&quot;0&quot;}\" data-image-title=\"Romantisch, dieses Schl\u00fcchttal\" data-image-description=\"\" data-medium-file=\"https:\/\/i0.wp.com\/idnu.ch\/wordpress\/wp-content\/uploads\/2017\/05\/schluchsee-126.jpg?fit=300%2C200&#038;ssl=1\" data-large-file=\"https:\/\/i0.wp.com\/idnu.ch\/wordpress\/wp-content\/uploads\/2017\/05\/schluchsee-126.jpg?fit=750%2C500&#038;ssl=1\" src=\"https:\/\/i0.wp.com\/idnu.ch\/wordpress\/wp-content\/uploads\/2017\/05\/schluchsee-126.jpg?w=183&#038;h=122&#038;ssl=1\" srcset=\"https:\/\/i0.wp.com\/idnu.ch\/wordpress\/wp-content\/uploads\/2017\/05\/schluchsee-126.jpg?w=1400&amp;ssl=1 1400w, https:\/\/i0.wp.com\/idnu.ch\/wordpress\/wp-content\/uploads\/2017\/05\/schluchsee-126.jpg?resize=300%2C200&amp;ssl=1 300w, https:\/\/i0.wp.com\/idnu.ch\/wordpress\/wp-content\/uploads\/2017\/05\/schluchsee-126.jpg?resize=768%2C512&amp;ssl=1 768w, https:\/\/i0.wp.com\/idnu.ch\/wordpress\/wp-content\/uploads\/2017\/05\/schluchsee-126.jpg?resize=1024%2C682&amp;ssl=1 1024w, https:\/\/i0.wp.com\/idnu.ch\/wordpress\/wp-content\/uploads\/2017\/05\/schluchsee-126.jpg?resize=150%2C100&amp;ssl=1 150w\" width=\"183\" height=\"122\" loading=\"lazy\" data-original-width=\"183\" data-original-height=\"122\" itemprop=\"http:\/\/schema.org\/image\" title=\"Romantisch, dieses Schl\u00fcchttal\" alt=\"Romantisch, dieses Schl\u00fcchttal\" style=\"width: 183px; height: 122px;\" \/> <\/a> <\/div> <\/div> <!-- close group --> <div class=\"gallery-group images-1\" style=\"width: 187px; height: 126px;\" data-original-width=\"187\" data-original-height=\"126\" > <div class=\"tiled-gallery-item tiled-gallery-item-small\" itemprop=\"associatedMedia\" itemscope itemtype=\"http:\/\/schema.org\/ImageObject\"> <a href=\"https:\/\/idnu.ch\/wordpress\/hikenbike-im-hochschwarzwald\/schluchsee-127\/#main\" border=\"0\" itemprop=\"url\"> <meta itemprop=\"width\" content=\"183\"> <meta itemprop=\"height\" content=\"122\"> <img decoding=\"async\" class=\"\" data-attachment-id=\"7650\" data-orig-file=\"https:\/\/idnu.ch\/wordpress\/wp-content\/uploads\/2017\/05\/schluchsee-127.jpg\" data-orig-size=\"1400,933\" data-comments-opened=\"1\" data-image-meta=\"{&quot;aperture&quot;:&quot;9&quot;,&quot;credit&quot;:&quot;Urs Kyburz&quot;,&quot;camera&quot;:&quot;Canon EOS 60D&quot;,&quot;caption&quot;:&quot;&quot;,&quot;created_timestamp&quot;:&quot;1495973548&quot;,&quot;copyright&quot;:&quot;\\u00a9 Urs Kyburz&quot;,&quot;focal_length&quot;:&quot;23&quot;,&quot;iso&quot;:&quot;100&quot;,&quot;shutter_speed&quot;:&quot;0.008&quot;,&quot;title&quot;:&quot;&quot;,&quot;orientation&quot;:&quot;0&quot;}\" data-image-title=\"Touristisch: Tannenm\u00fchle\" data-image-description=\"\" data-medium-file=\"https:\/\/i0.wp.com\/idnu.ch\/wordpress\/wp-content\/uploads\/2017\/05\/schluchsee-127.jpg?fit=300%2C200&#038;ssl=1\" data-large-file=\"https:\/\/i0.wp.com\/idnu.ch\/wordpress\/wp-content\/uploads\/2017\/05\/schluchsee-127.jpg?fit=750%2C500&#038;ssl=1\" src=\"https:\/\/i0.wp.com\/idnu.ch\/wordpress\/wp-content\/uploads\/2017\/05\/schluchsee-127.jpg?w=183&#038;h=122&#038;ssl=1\" srcset=\"https:\/\/i0.wp.com\/idnu.ch\/wordpress\/wp-content\/uploads\/2017\/05\/schluchsee-127.jpg?w=1400&amp;ssl=1 1400w, https:\/\/i0.wp.com\/idnu.ch\/wordpress\/wp-content\/uploads\/2017\/05\/schluchsee-127.jpg?resize=300%2C200&amp;ssl=1 300w, https:\/\/i0.wp.com\/idnu.ch\/wordpress\/wp-content\/uploads\/2017\/05\/schluchsee-127.jpg?resize=768%2C512&amp;ssl=1 768w, https:\/\/i0.wp.com\/idnu.ch\/wordpress\/wp-content\/uploads\/2017\/05\/schluchsee-127.jpg?resize=1024%2C682&amp;ssl=1 1024w, https:\/\/i0.wp.com\/idnu.ch\/wordpress\/wp-content\/uploads\/2017\/05\/schluchsee-127.jpg?resize=150%2C100&amp;ssl=1 150w\" width=\"183\" height=\"122\" loading=\"lazy\" data-original-width=\"183\" data-original-height=\"122\" itemprop=\"http:\/\/schema.org\/image\" title=\"Touristisch: Tannenm\u00fchle\" alt=\"Touristisch: Tannenm\u00fchle\" style=\"width: 183px; height: 122px;\" \/> <\/a> <\/div> <\/div> <!-- close group --> <\/div> <!-- close row --> <\/div>\n<p>Die Tour ist technisch einfach, konditionell aber eher anstrengend mit dem steilen Aufstieg von der Heidenm\u00fchle her. Auch von der Lochm\u00fchle her gibt es einen l\u00e4ngeren Anstieg, welchen wir jedoch unfreiwillig, aber elegant vermieden haben.<\/p>\n<h1>Infos<\/h1>\n<p>Die Informationen zu den Touren habe ich auf der Seite \u00a0<a href=\"https:\/\/www.hochschwarzwald.de\/\" target=\"_blank\" rel=\"noopener noreferrer\">www.hochschwarzwald.de<\/a>\u00a0 gefunden. Es empfiehlt sich, f\u00fcr die Biketouren ein GPS-Ger\u00e4t zur verwenden, das am Lenker montiert ist, so kommt man am fl\u00fcssigsten vorw\u00e4rts. Am besten l\u00e4dt man sich alle Tracks von der Seite aus der gew\u00fcnschten Gegen herunter. Aber trotz GPS sind Verhauer immer noch m\u00f6glich, und ob die ganze Routenf\u00fchrung von Hochschwarzwald Toursmus GmbH \u00fcberpr\u00fcft werden, wage ich zu bezweifeln, denn man f\u00e4hrt \u00f6fters an Fahrverbotsschildern vorbei oder Wege sind ganz gesperrt.<\/p>\n<p>\u00dcbernachtet hatten wir in der <a href=\"https:\/\/www.jugendherberge.de\/jugendherbergen\/schluchsee-seebrugg\/\" target=\"_blank\" rel=\"noopener noreferrer\">Jugendherberge Seebrugg<\/a> am Schluchsee. Der Eindruck war zwiesp\u00e4ltig. Sie ist sch\u00f6n gelegen in der N\u00e4he des Sees, liegt aber auch in der grossen Kurve um das Seeende, wo T\u00f6fffahrer, viele davon aus der Schweiz, glauben, die ganze Gegend mit ihrem Krach begl\u00fccken zu m\u00fcssen. Zum Gl\u00fcck verstummen diese am Abend. Das Nachtessen am ersten Abend war ungeniessbar, die Teigwaren kalt. Die n\u00e4chsten beiden Abende gab es aber nichts mehr auszusetzen, das Essen war gut. Den G\u00e4sten steht ein grosses Gel\u00e4nde zur Verf\u00fcgung f\u00fcr Fussball, Beachvolleyball und Tischtennis.<\/p>\n<p><img data-recalc-dims=\"1\" loading=\"lazy\" decoding=\"async\" data-attachment-id=\"7662\" data-permalink=\"https:\/\/idnu.ch\/wordpress\/hikenbike-im-hochschwarzwald\/schluchsee-77\/#main\" data-orig-file=\"https:\/\/i0.wp.com\/idnu.ch\/wordpress\/wp-content\/uploads\/2017\/05\/schluchsee-77.jpg?fit=1400%2C933&amp;ssl=1\" data-orig-size=\"1400,933\" data-comments-opened=\"1\" data-image-meta=\"{&quot;aperture&quot;:&quot;11&quot;,&quot;credit&quot;:&quot;Urs Kyburz&quot;,&quot;camera&quot;:&quot;Canon EOS 60D&quot;,&quot;caption&quot;:&quot;&quot;,&quot;created_timestamp&quot;:&quot;1495831424&quot;,&quot;copyright&quot;:&quot;\\u00a9 Urs Kyburz&quot;,&quot;focal_length&quot;:&quot;24&quot;,&quot;iso&quot;:&quot;100&quot;,&quot;shutter_speed&quot;:&quot;0.016666666666667&quot;,&quot;title&quot;:&quot;&quot;,&quot;orientation&quot;:&quot;0&quot;}\" data-image-title=\"schluchsee-77\" data-image-description=\"\" data-image-caption=\"\" data-large-file=\"https:\/\/i0.wp.com\/idnu.ch\/wordpress\/wp-content\/uploads\/2017\/05\/schluchsee-77.jpg?fit=750%2C500&amp;ssl=1\" class=\"aligncenter size-full wp-image-7662\" src=\"https:\/\/i0.wp.com\/idnu.ch\/wordpress\/wp-content\/uploads\/2017\/05\/schluchsee-77.jpg?resize=750%2C500&#038;ssl=1\" alt=\"\" width=\"750\" height=\"500\" srcset=\"https:\/\/i0.wp.com\/idnu.ch\/wordpress\/wp-content\/uploads\/2017\/05\/schluchsee-77.jpg?w=1400&amp;ssl=1 1400w, https:\/\/i0.wp.com\/idnu.ch\/wordpress\/wp-content\/uploads\/2017\/05\/schluchsee-77.jpg?resize=300%2C200&amp;ssl=1 300w, https:\/\/i0.wp.com\/idnu.ch\/wordpress\/wp-content\/uploads\/2017\/05\/schluchsee-77.jpg?resize=768%2C512&amp;ssl=1 768w, https:\/\/i0.wp.com\/idnu.ch\/wordpress\/wp-content\/uploads\/2017\/05\/schluchsee-77.jpg?resize=1024%2C682&amp;ssl=1 1024w, https:\/\/i0.wp.com\/idnu.ch\/wordpress\/wp-content\/uploads\/2017\/05\/schluchsee-77.jpg?resize=150%2C100&amp;ssl=1 150w\" sizes=\"auto, (max-width: 750px) 100vw, 750px\" \/><\/p>\n<p>&nbsp;<\/p>\n<p>Wir werden jedenfalls wieder mal zur\u00fcckkehren, haben wir doch erst einen kleinen Teil des Schwarzwaldes kennen gelernt.<br \/>\n<iframe loading=\"lazy\" src=\"https:\/\/www.google.com\/maps\/d\/embed?mid=1GYr2LBGj3LxJ6n7DISLMD96olCU\" width=\"640\" height=\"480\"><\/iframe><\/p>\n<h1>Mehr Schluchsee<\/h1>\n<p>Gleich am ersten Tag rauchte es bei unserer R\u00fcckkehr zur Jugendherberge beim Bahnhof: Ein Nostalgiezug mit einer Dampflokomotive wartete auf die Abfahrt. Magisch angezogen fuhren wir sofort hin und bestaunten diesen Botschafter aus vergangenen Zeiten. Die <a href=\"http:\/\/www.3seenbahn.de\/\" target=\"_blank\" rel=\"noopener noreferrer\">Drei-Seen-Bahn<\/a> verkehrt jeweils zwischen Seebrugg und Titisee.<\/p>\n<div class=\"tiled-gallery type-rectangular tiled-gallery-unresized\" data-original-width=\"750\" data-carousel-extra='{&quot;blog_id&quot;:1,&quot;permalink&quot;:&quot;https:\\\/\\\/idnu.ch\\\/wordpress\\\/hikenbike-im-hochschwarzwald\\\/&quot;,&quot;likes_blog_id&quot;:100184974}' itemscope itemtype=\"http:\/\/schema.org\/ImageGallery\" > <div class=\"gallery-row\" style=\"width: 750px; height: 335px;\" data-original-width=\"750\" data-original-height=\"335\" > <div class=\"gallery-group images-1\" style=\"width: 501px; height: 335px;\" data-original-width=\"501\" data-original-height=\"335\" > <div class=\"tiled-gallery-item tiled-gallery-item-large\" itemprop=\"associatedMedia\" itemscope itemtype=\"http:\/\/schema.org\/ImageObject\"> <a href=\"https:\/\/idnu.ch\/wordpress\/hikenbike-im-hochschwarzwald\/schluchsee-28\/#main\" border=\"0\" itemprop=\"url\"> <meta itemprop=\"width\" content=\"497\"> <meta itemprop=\"height\" content=\"331\"> <img decoding=\"async\" class=\"\" data-attachment-id=\"7651\" data-orig-file=\"https:\/\/idnu.ch\/wordpress\/wp-content\/uploads\/2017\/05\/schluchsee-28.jpg\" data-orig-size=\"1400,933\" data-comments-opened=\"1\" data-image-meta=\"{&quot;aperture&quot;:&quot;5.6&quot;,&quot;credit&quot;:&quot;Urs Kyburz&quot;,&quot;camera&quot;:&quot;Canon EOS 60D&quot;,&quot;caption&quot;:&quot;&quot;,&quot;created_timestamp&quot;:&quot;1495728067&quot;,&quot;copyright&quot;:&quot;\\u00a9 Urs Kyburz&quot;,&quot;focal_length&quot;:&quot;24&quot;,&quot;iso&quot;:&quot;100&quot;,&quot;shutter_speed&quot;:&quot;0.003125&quot;,&quot;title&quot;:&quot;&quot;,&quot;orientation&quot;:&quot;0&quot;}\" data-image-title=\"Die rauchende Dampflokomotive\" data-image-description=\"\" data-medium-file=\"https:\/\/i0.wp.com\/idnu.ch\/wordpress\/wp-content\/uploads\/2017\/05\/schluchsee-28.jpg?fit=300%2C200&#038;ssl=1\" data-large-file=\"https:\/\/i0.wp.com\/idnu.ch\/wordpress\/wp-content\/uploads\/2017\/05\/schluchsee-28.jpg?fit=750%2C500&#038;ssl=1\" src=\"https:\/\/i0.wp.com\/idnu.ch\/wordpress\/wp-content\/uploads\/2017\/05\/schluchsee-28.jpg?w=497&#038;h=331&#038;ssl=1\" srcset=\"https:\/\/i0.wp.com\/idnu.ch\/wordpress\/wp-content\/uploads\/2017\/05\/schluchsee-28.jpg?w=1400&amp;ssl=1 1400w, https:\/\/i0.wp.com\/idnu.ch\/wordpress\/wp-content\/uploads\/2017\/05\/schluchsee-28.jpg?resize=300%2C200&amp;ssl=1 300w, https:\/\/i0.wp.com\/idnu.ch\/wordpress\/wp-content\/uploads\/2017\/05\/schluchsee-28.jpg?resize=768%2C512&amp;ssl=1 768w, https:\/\/i0.wp.com\/idnu.ch\/wordpress\/wp-content\/uploads\/2017\/05\/schluchsee-28.jpg?resize=1024%2C682&amp;ssl=1 1024w, https:\/\/i0.wp.com\/idnu.ch\/wordpress\/wp-content\/uploads\/2017\/05\/schluchsee-28.jpg?resize=150%2C100&amp;ssl=1 150w\" width=\"497\" height=\"331\" loading=\"lazy\" data-original-width=\"497\" data-original-height=\"331\" itemprop=\"http:\/\/schema.org\/image\" title=\"Die rauchende Dampflokomotive\" alt=\"Die rauchende Dampflokomotive\" style=\"width: 497px; height: 331px;\" \/> <\/a> <\/div> <\/div> <!-- close group --> <div class=\"gallery-group images-2\" style=\"width: 249px; height: 335px;\" data-original-width=\"249\" data-original-height=\"335\" > <div class=\"tiled-gallery-item tiled-gallery-item-small\" itemprop=\"associatedMedia\" itemscope itemtype=\"http:\/\/schema.org\/ImageObject\"> <a href=\"https:\/\/idnu.ch\/wordpress\/hikenbike-im-hochschwarzwald\/schluchsee-29\/#main\" border=\"0\" itemprop=\"url\"> <meta itemprop=\"width\" content=\"245\"> <meta itemprop=\"height\" content=\"164\"> <img decoding=\"async\" class=\"\" data-attachment-id=\"7652\" data-orig-file=\"https:\/\/idnu.ch\/wordpress\/wp-content\/uploads\/2017\/05\/schluchsee-29.jpg\" data-orig-size=\"1400,933\" data-comments-opened=\"1\" data-image-meta=\"{&quot;aperture&quot;:&quot;5.6&quot;,&quot;credit&quot;:&quot;Urs Kyburz&quot;,&quot;camera&quot;:&quot;Canon EOS 60D&quot;,&quot;caption&quot;:&quot;&quot;,&quot;created_timestamp&quot;:&quot;1495728093&quot;,&quot;copyright&quot;:&quot;\\u00a9 Urs Kyburz&quot;,&quot;focal_length&quot;:&quot;24&quot;,&quot;iso&quot;:&quot;100&quot;,&quot;shutter_speed&quot;:&quot;0.003125&quot;,&quot;title&quot;:&quot;&quot;,&quot;orientation&quot;:&quot;0&quot;}\" data-image-title=\"Zur Abfahrt bereit\" data-image-description=\"\" data-medium-file=\"https:\/\/i0.wp.com\/idnu.ch\/wordpress\/wp-content\/uploads\/2017\/05\/schluchsee-29.jpg?fit=300%2C200&#038;ssl=1\" data-large-file=\"https:\/\/i0.wp.com\/idnu.ch\/wordpress\/wp-content\/uploads\/2017\/05\/schluchsee-29.jpg?fit=750%2C500&#038;ssl=1\" src=\"https:\/\/i0.wp.com\/idnu.ch\/wordpress\/wp-content\/uploads\/2017\/05\/schluchsee-29.jpg?w=245&#038;h=164&#038;ssl=1\" srcset=\"https:\/\/i0.wp.com\/idnu.ch\/wordpress\/wp-content\/uploads\/2017\/05\/schluchsee-29.jpg?w=1400&amp;ssl=1 1400w, https:\/\/i0.wp.com\/idnu.ch\/wordpress\/wp-content\/uploads\/2017\/05\/schluchsee-29.jpg?resize=300%2C200&amp;ssl=1 300w, https:\/\/i0.wp.com\/idnu.ch\/wordpress\/wp-content\/uploads\/2017\/05\/schluchsee-29.jpg?resize=768%2C512&amp;ssl=1 768w, https:\/\/i0.wp.com\/idnu.ch\/wordpress\/wp-content\/uploads\/2017\/05\/schluchsee-29.jpg?resize=1024%2C682&amp;ssl=1 1024w, https:\/\/i0.wp.com\/idnu.ch\/wordpress\/wp-content\/uploads\/2017\/05\/schluchsee-29.jpg?resize=150%2C100&amp;ssl=1 150w\" width=\"245\" height=\"164\" loading=\"lazy\" data-original-width=\"245\" data-original-height=\"164\" itemprop=\"http:\/\/schema.org\/image\" title=\"Zur Abfahrt bereit\" alt=\"Zur Abfahrt bereit\" style=\"width: 245px; height: 164px;\" \/> <\/a> <\/div> <div class=\"tiled-gallery-item tiled-gallery-item-small\" itemprop=\"associatedMedia\" itemscope itemtype=\"http:\/\/schema.org\/ImageObject\"> <a href=\"https:\/\/idnu.ch\/wordpress\/hikenbike-im-hochschwarzwald\/schluchsee-30\/#main\" border=\"0\" itemprop=\"url\"> <meta itemprop=\"width\" content=\"245\"> <meta itemprop=\"height\" content=\"163\"> <img decoding=\"async\" class=\"\" data-attachment-id=\"7653\" data-orig-file=\"https:\/\/idnu.ch\/wordpress\/wp-content\/uploads\/2017\/05\/schluchsee-30.jpg\" data-orig-size=\"1400,933\" data-comments-opened=\"1\" data-image-meta=\"{&quot;aperture&quot;:&quot;6.3&quot;,&quot;credit&quot;:&quot;Urs Kyburz&quot;,&quot;camera&quot;:&quot;Canon EOS 60D&quot;,&quot;caption&quot;:&quot;&quot;,&quot;created_timestamp&quot;:&quot;1495728122&quot;,&quot;copyright&quot;:&quot;\\u00a9 Urs Kyburz&quot;,&quot;focal_length&quot;:&quot;50&quot;,&quot;iso&quot;:&quot;100&quot;,&quot;shutter_speed&quot;:&quot;0.00625&quot;,&quot;title&quot;:&quot;&quot;,&quot;orientation&quot;:&quot;0&quot;}\" data-image-title=\"Detail\" data-image-description=\"\" data-medium-file=\"https:\/\/i0.wp.com\/idnu.ch\/wordpress\/wp-content\/uploads\/2017\/05\/schluchsee-30.jpg?fit=300%2C200&#038;ssl=1\" data-large-file=\"https:\/\/i0.wp.com\/idnu.ch\/wordpress\/wp-content\/uploads\/2017\/05\/schluchsee-30.jpg?fit=750%2C500&#038;ssl=1\" src=\"https:\/\/i0.wp.com\/idnu.ch\/wordpress\/wp-content\/uploads\/2017\/05\/schluchsee-30.jpg?w=245&#038;h=163&#038;ssl=1\" srcset=\"https:\/\/i0.wp.com\/idnu.ch\/wordpress\/wp-content\/uploads\/2017\/05\/schluchsee-30.jpg?w=1400&amp;ssl=1 1400w, https:\/\/i0.wp.com\/idnu.ch\/wordpress\/wp-content\/uploads\/2017\/05\/schluchsee-30.jpg?resize=300%2C200&amp;ssl=1 300w, https:\/\/i0.wp.com\/idnu.ch\/wordpress\/wp-content\/uploads\/2017\/05\/schluchsee-30.jpg?resize=768%2C512&amp;ssl=1 768w, https:\/\/i0.wp.com\/idnu.ch\/wordpress\/wp-content\/uploads\/2017\/05\/schluchsee-30.jpg?resize=1024%2C682&amp;ssl=1 1024w, https:\/\/i0.wp.com\/idnu.ch\/wordpress\/wp-content\/uploads\/2017\/05\/schluchsee-30.jpg?resize=150%2C100&amp;ssl=1 150w\" width=\"245\" height=\"163\" loading=\"lazy\" data-original-width=\"245\" data-original-height=\"163\" itemprop=\"http:\/\/schema.org\/image\" title=\"Detail\" alt=\"Detail\" style=\"width: 245px; height: 163px;\" \/> <\/a> <\/div> <\/div> <!-- close group --> <\/div> <!-- close row --> <div class=\"gallery-row\" style=\"width: 750px; height: 126px;\" data-original-width=\"750\" data-original-height=\"126\" > <div class=\"gallery-group images-1\" style=\"width: 188px; height: 126px;\" data-original-width=\"188\" data-original-height=\"126\" > <div class=\"tiled-gallery-item tiled-gallery-item-small\" itemprop=\"associatedMedia\" itemscope itemtype=\"http:\/\/schema.org\/ImageObject\"> <a href=\"https:\/\/idnu.ch\/wordpress\/hikenbike-im-hochschwarzwald\/schluchsee-31\/#main\" border=\"0\" itemprop=\"url\"> <meta itemprop=\"width\" content=\"184\"> <meta itemprop=\"height\" content=\"122\"> <img decoding=\"async\" class=\"\" data-attachment-id=\"7654\" data-orig-file=\"https:\/\/idnu.ch\/wordpress\/wp-content\/uploads\/2017\/05\/schluchsee-31.jpg\" data-orig-size=\"1400,933\" data-comments-opened=\"1\" data-image-meta=\"{&quot;aperture&quot;:&quot;6.3&quot;,&quot;credit&quot;:&quot;Urs Kyburz&quot;,&quot;camera&quot;:&quot;Canon EOS 60D&quot;,&quot;caption&quot;:&quot;&quot;,&quot;created_timestamp&quot;:&quot;1495728148&quot;,&quot;copyright&quot;:&quot;\\u00a9 Urs Kyburz&quot;,&quot;focal_length&quot;:&quot;24&quot;,&quot;iso&quot;:&quot;100&quot;,&quot;shutter_speed&quot;:&quot;0.008&quot;,&quot;title&quot;:&quot;&quot;,&quot;orientation&quot;:&quot;0&quot;}\" data-image-title=\"Faszinierendes R\u00e4derwerk\" data-image-description=\"\" data-medium-file=\"https:\/\/i0.wp.com\/idnu.ch\/wordpress\/wp-content\/uploads\/2017\/05\/schluchsee-31.jpg?fit=300%2C200&#038;ssl=1\" data-large-file=\"https:\/\/i0.wp.com\/idnu.ch\/wordpress\/wp-content\/uploads\/2017\/05\/schluchsee-31.jpg?fit=750%2C500&#038;ssl=1\" src=\"https:\/\/i0.wp.com\/idnu.ch\/wordpress\/wp-content\/uploads\/2017\/05\/schluchsee-31.jpg?w=184&#038;h=122&#038;ssl=1\" srcset=\"https:\/\/i0.wp.com\/idnu.ch\/wordpress\/wp-content\/uploads\/2017\/05\/schluchsee-31.jpg?w=1400&amp;ssl=1 1400w, https:\/\/i0.wp.com\/idnu.ch\/wordpress\/wp-content\/uploads\/2017\/05\/schluchsee-31.jpg?resize=300%2C200&amp;ssl=1 300w, https:\/\/i0.wp.com\/idnu.ch\/wordpress\/wp-content\/uploads\/2017\/05\/schluchsee-31.jpg?resize=768%2C512&amp;ssl=1 768w, https:\/\/i0.wp.com\/idnu.ch\/wordpress\/wp-content\/uploads\/2017\/05\/schluchsee-31.jpg?resize=1024%2C682&amp;ssl=1 1024w, https:\/\/i0.wp.com\/idnu.ch\/wordpress\/wp-content\/uploads\/2017\/05\/schluchsee-31.jpg?resize=150%2C100&amp;ssl=1 150w\" width=\"184\" height=\"122\" loading=\"lazy\" data-original-width=\"184\" data-original-height=\"122\" itemprop=\"http:\/\/schema.org\/image\" title=\"Faszinierendes R\u00e4derwerk\" alt=\"Faszinierendes R\u00e4derwerk\" style=\"width: 184px; height: 122px;\" \/> <\/a> <\/div> <\/div> <!-- close group --> <div class=\"gallery-group images-1\" style=\"width: 188px; height: 126px;\" data-original-width=\"188\" data-original-height=\"126\" > <div class=\"tiled-gallery-item tiled-gallery-item-small\" itemprop=\"associatedMedia\" itemscope itemtype=\"http:\/\/schema.org\/ImageObject\"> <a href=\"https:\/\/idnu.ch\/wordpress\/hikenbike-im-hochschwarzwald\/schluchsee-32\/#main\" border=\"0\" itemprop=\"url\"> <meta itemprop=\"width\" content=\"184\"> <meta itemprop=\"height\" content=\"122\"> <img decoding=\"async\" class=\"\" data-attachment-id=\"7655\" data-orig-file=\"https:\/\/idnu.ch\/wordpress\/wp-content\/uploads\/2017\/05\/schluchsee-32.jpg\" data-orig-size=\"1400,933\" data-comments-opened=\"1\" data-image-meta=\"{&quot;aperture&quot;:&quot;6.3&quot;,&quot;credit&quot;:&quot;Urs Kyburz&quot;,&quot;camera&quot;:&quot;Canon EOS 60D&quot;,&quot;caption&quot;:&quot;&quot;,&quot;created_timestamp&quot;:&quot;1495728210&quot;,&quot;copyright&quot;:&quot;\\u00a9 Urs Kyburz&quot;,&quot;focal_length&quot;:&quot;28&quot;,&quot;iso&quot;:&quot;2000&quot;,&quot;shutter_speed&quot;:&quot;0.02&quot;,&quot;title&quot;:&quot;&quot;,&quot;orientation&quot;:&quot;0&quot;}\" data-image-title=\"Die Feuerungsklappe\" data-image-description=\"\" data-medium-file=\"https:\/\/i0.wp.com\/idnu.ch\/wordpress\/wp-content\/uploads\/2017\/05\/schluchsee-32.jpg?fit=300%2C200&#038;ssl=1\" data-large-file=\"https:\/\/i0.wp.com\/idnu.ch\/wordpress\/wp-content\/uploads\/2017\/05\/schluchsee-32.jpg?fit=750%2C500&#038;ssl=1\" src=\"https:\/\/i0.wp.com\/idnu.ch\/wordpress\/wp-content\/uploads\/2017\/05\/schluchsee-32.jpg?w=184&#038;h=122&#038;ssl=1\" srcset=\"https:\/\/i0.wp.com\/idnu.ch\/wordpress\/wp-content\/uploads\/2017\/05\/schluchsee-32.jpg?w=1400&amp;ssl=1 1400w, https:\/\/i0.wp.com\/idnu.ch\/wordpress\/wp-content\/uploads\/2017\/05\/schluchsee-32.jpg?resize=300%2C200&amp;ssl=1 300w, https:\/\/i0.wp.com\/idnu.ch\/wordpress\/wp-content\/uploads\/2017\/05\/schluchsee-32.jpg?resize=768%2C512&amp;ssl=1 768w, https:\/\/i0.wp.com\/idnu.ch\/wordpress\/wp-content\/uploads\/2017\/05\/schluchsee-32.jpg?resize=1024%2C682&amp;ssl=1 1024w, https:\/\/i0.wp.com\/idnu.ch\/wordpress\/wp-content\/uploads\/2017\/05\/schluchsee-32.jpg?resize=150%2C100&amp;ssl=1 150w\" width=\"184\" height=\"122\" loading=\"lazy\" data-original-width=\"184\" data-original-height=\"122\" itemprop=\"http:\/\/schema.org\/image\" title=\"Die Feuerungsklappe\" alt=\"Die Feuerungsklappe\" style=\"width: 184px; height: 122px;\" \/> <\/a> <\/div> <\/div> <!-- close group --> <div class=\"gallery-group images-1\" style=\"width: 187px; height: 126px;\" data-original-width=\"187\" data-original-height=\"126\" > <div class=\"tiled-gallery-item tiled-gallery-item-small\" itemprop=\"associatedMedia\" itemscope itemtype=\"http:\/\/schema.org\/ImageObject\"> <a href=\"https:\/\/idnu.ch\/wordpress\/hikenbike-im-hochschwarzwald\/schluchsee-33\/#main\" border=\"0\" itemprop=\"url\"> <meta itemprop=\"width\" content=\"183\"> <meta itemprop=\"height\" content=\"122\"> <img decoding=\"async\" class=\"\" data-attachment-id=\"7656\" data-orig-file=\"https:\/\/idnu.ch\/wordpress\/wp-content\/uploads\/2017\/05\/schluchsee-33.jpg\" data-orig-size=\"1400,933\" data-comments-opened=\"1\" data-image-meta=\"{&quot;aperture&quot;:&quot;4.5&quot;,&quot;credit&quot;:&quot;Urs Kyburz&quot;,&quot;camera&quot;:&quot;Canon EOS 60D&quot;,&quot;caption&quot;:&quot;&quot;,&quot;created_timestamp&quot;:&quot;1495728272&quot;,&quot;copyright&quot;:&quot;\\u00a9 Urs Kyburz&quot;,&quot;focal_length&quot;:&quot;50&quot;,&quot;iso&quot;:&quot;1600&quot;,&quot;shutter_speed&quot;:&quot;0.0125&quot;,&quot;title&quot;:&quot;&quot;,&quot;orientation&quot;:&quot;0&quot;}\" data-image-title=\"Alles analog\" data-image-description=\"\" data-medium-file=\"https:\/\/i0.wp.com\/idnu.ch\/wordpress\/wp-content\/uploads\/2017\/05\/schluchsee-33.jpg?fit=300%2C200&#038;ssl=1\" data-large-file=\"https:\/\/i0.wp.com\/idnu.ch\/wordpress\/wp-content\/uploads\/2017\/05\/schluchsee-33.jpg?fit=750%2C500&#038;ssl=1\" src=\"https:\/\/i0.wp.com\/idnu.ch\/wordpress\/wp-content\/uploads\/2017\/05\/schluchsee-33.jpg?w=183&#038;h=122&#038;ssl=1\" srcset=\"https:\/\/i0.wp.com\/idnu.ch\/wordpress\/wp-content\/uploads\/2017\/05\/schluchsee-33.jpg?w=1400&amp;ssl=1 1400w, https:\/\/i0.wp.com\/idnu.ch\/wordpress\/wp-content\/uploads\/2017\/05\/schluchsee-33.jpg?resize=300%2C200&amp;ssl=1 300w, https:\/\/i0.wp.com\/idnu.ch\/wordpress\/wp-content\/uploads\/2017\/05\/schluchsee-33.jpg?resize=768%2C512&amp;ssl=1 768w, https:\/\/i0.wp.com\/idnu.ch\/wordpress\/wp-content\/uploads\/2017\/05\/schluchsee-33.jpg?resize=1024%2C682&amp;ssl=1 1024w, https:\/\/i0.wp.com\/idnu.ch\/wordpress\/wp-content\/uploads\/2017\/05\/schluchsee-33.jpg?resize=150%2C100&amp;ssl=1 150w\" width=\"183\" height=\"122\" loading=\"lazy\" data-original-width=\"183\" data-original-height=\"122\" itemprop=\"http:\/\/schema.org\/image\" title=\"Alles analog\" alt=\"Alles analog\" style=\"width: 183px; height: 122px;\" \/> <\/a> <\/div> <\/div> <!-- close group --> <div class=\"gallery-group images-1\" style=\"width: 187px; height: 126px;\" data-original-width=\"187\" data-original-height=\"126\" > <div class=\"tiled-gallery-item tiled-gallery-item-small\" itemprop=\"associatedMedia\" itemscope itemtype=\"http:\/\/schema.org\/ImageObject\"> <a href=\"https:\/\/idnu.ch\/wordpress\/hikenbike-im-hochschwarzwald\/schluchsee-34\/#main\" border=\"0\" itemprop=\"url\"> <meta itemprop=\"width\" content=\"183\"> <meta itemprop=\"height\" content=\"122\"> <img decoding=\"async\" class=\"\" data-attachment-id=\"7657\" data-orig-file=\"https:\/\/idnu.ch\/wordpress\/wp-content\/uploads\/2017\/05\/schluchsee-34.jpg\" data-orig-size=\"1400,933\" data-comments-opened=\"1\" data-image-meta=\"{&quot;aperture&quot;:&quot;4.5&quot;,&quot;credit&quot;:&quot;Urs Kyburz&quot;,&quot;camera&quot;:&quot;Canon EOS 60D&quot;,&quot;caption&quot;:&quot;&quot;,&quot;created_timestamp&quot;:&quot;1495728329&quot;,&quot;copyright&quot;:&quot;\\u00a9 Urs Kyburz&quot;,&quot;focal_length&quot;:&quot;32&quot;,&quot;iso&quot;:&quot;100&quot;,&quot;shutter_speed&quot;:&quot;0.004&quot;,&quot;title&quot;:&quot;&quot;,&quot;orientation&quot;:&quot;0&quot;}\" data-image-title=\"Auch f\u00fcr die Jungs spannend\" data-image-description=\"\" data-medium-file=\"https:\/\/i0.wp.com\/idnu.ch\/wordpress\/wp-content\/uploads\/2017\/05\/schluchsee-34.jpg?fit=300%2C200&#038;ssl=1\" data-large-file=\"https:\/\/i0.wp.com\/idnu.ch\/wordpress\/wp-content\/uploads\/2017\/05\/schluchsee-34.jpg?fit=750%2C500&#038;ssl=1\" src=\"https:\/\/i0.wp.com\/idnu.ch\/wordpress\/wp-content\/uploads\/2017\/05\/schluchsee-34.jpg?w=183&#038;h=122&#038;ssl=1\" srcset=\"https:\/\/i0.wp.com\/idnu.ch\/wordpress\/wp-content\/uploads\/2017\/05\/schluchsee-34.jpg?w=1400&amp;ssl=1 1400w, https:\/\/i0.wp.com\/idnu.ch\/wordpress\/wp-content\/uploads\/2017\/05\/schluchsee-34.jpg?resize=300%2C200&amp;ssl=1 300w, https:\/\/i0.wp.com\/idnu.ch\/wordpress\/wp-content\/uploads\/2017\/05\/schluchsee-34.jpg?resize=768%2C512&amp;ssl=1 768w, https:\/\/i0.wp.com\/idnu.ch\/wordpress\/wp-content\/uploads\/2017\/05\/schluchsee-34.jpg?resize=1024%2C682&amp;ssl=1 1024w, https:\/\/i0.wp.com\/idnu.ch\/wordpress\/wp-content\/uploads\/2017\/05\/schluchsee-34.jpg?resize=150%2C100&amp;ssl=1 150w\" width=\"183\" height=\"122\" loading=\"lazy\" data-original-width=\"183\" data-original-height=\"122\" itemprop=\"http:\/\/schema.org\/image\" title=\"Auch f\u00fcr die Jungs spannend\" alt=\"Auch f\u00fcr die Jungs spannend\" style=\"width: 183px; height: 122px;\" \/> <\/a> <\/div> <\/div> <!-- close group --> <\/div> <!-- close row --> <\/div>\n<p>F\u00fcr sch\u00f6ne Sonnenunterg\u00e4nge muss man in die Karibik? So&#8217;n Schmarrn! Schluchsee geht genauso gut. Oder beweisen diese Bilder etwas anderes?<\/p>\n<div class=\"tiled-gallery type-rectangular tiled-gallery-unresized\" data-original-width=\"750\" data-carousel-extra='{&quot;blog_id&quot;:1,&quot;permalink&quot;:&quot;https:\\\/\\\/idnu.ch\\\/wordpress\\\/hikenbike-im-hochschwarzwald\\\/&quot;,&quot;likes_blog_id&quot;:100184974}' itemscope itemtype=\"http:\/\/schema.org\/ImageGallery\" > <div class=\"gallery-row\" style=\"width: 750px; height: 335px;\" data-original-width=\"750\" data-original-height=\"335\" > <div class=\"gallery-group images-1\" style=\"width: 501px; height: 335px;\" data-original-width=\"501\" data-original-height=\"335\" > <div class=\"tiled-gallery-item tiled-gallery-item-large\" itemprop=\"associatedMedia\" itemscope itemtype=\"http:\/\/schema.org\/ImageObject\"> <a href=\"https:\/\/idnu.ch\/wordpress\/hikenbike-im-hochschwarzwald\/schluchsee-73\/#main\" border=\"0\" itemprop=\"url\"> <meta itemprop=\"width\" content=\"497\"> <meta itemprop=\"height\" content=\"331\"> <img decoding=\"async\" class=\"\" data-attachment-id=\"7658\" data-orig-file=\"https:\/\/idnu.ch\/wordpress\/wp-content\/uploads\/2017\/05\/schluchsee-73.jpg\" data-orig-size=\"1400,933\" data-comments-opened=\"1\" data-image-meta=\"{&quot;aperture&quot;:&quot;11&quot;,&quot;credit&quot;:&quot;Urs Kyburz&quot;,&quot;camera&quot;:&quot;Canon EOS 60D&quot;,&quot;caption&quot;:&quot;&quot;,&quot;created_timestamp&quot;:&quot;1495830140&quot;,&quot;copyright&quot;:&quot;\\u00a9 Urs Kyburz&quot;,&quot;focal_length&quot;:&quot;17&quot;,&quot;iso&quot;:&quot;100&quot;,&quot;shutter_speed&quot;:&quot;0.003125&quot;,&quot;title&quot;:&quot;&quot;,&quot;orientation&quot;:&quot;0&quot;}\" data-image-title=\"Abendsonne \u00fcber dem Schluchsee\" data-image-description=\"\" data-medium-file=\"https:\/\/i0.wp.com\/idnu.ch\/wordpress\/wp-content\/uploads\/2017\/05\/schluchsee-73.jpg?fit=300%2C200&#038;ssl=1\" data-large-file=\"https:\/\/i0.wp.com\/idnu.ch\/wordpress\/wp-content\/uploads\/2017\/05\/schluchsee-73.jpg?fit=750%2C500&#038;ssl=1\" src=\"https:\/\/i0.wp.com\/idnu.ch\/wordpress\/wp-content\/uploads\/2017\/05\/schluchsee-73.jpg?w=497&#038;h=331&#038;ssl=1\" srcset=\"https:\/\/i0.wp.com\/idnu.ch\/wordpress\/wp-content\/uploads\/2017\/05\/schluchsee-73.jpg?w=1400&amp;ssl=1 1400w, https:\/\/i0.wp.com\/idnu.ch\/wordpress\/wp-content\/uploads\/2017\/05\/schluchsee-73.jpg?resize=300%2C200&amp;ssl=1 300w, https:\/\/i0.wp.com\/idnu.ch\/wordpress\/wp-content\/uploads\/2017\/05\/schluchsee-73.jpg?resize=768%2C512&amp;ssl=1 768w, https:\/\/i0.wp.com\/idnu.ch\/wordpress\/wp-content\/uploads\/2017\/05\/schluchsee-73.jpg?resize=1024%2C682&amp;ssl=1 1024w, https:\/\/i0.wp.com\/idnu.ch\/wordpress\/wp-content\/uploads\/2017\/05\/schluchsee-73.jpg?resize=150%2C100&amp;ssl=1 150w\" width=\"497\" height=\"331\" loading=\"lazy\" data-original-width=\"497\" data-original-height=\"331\" itemprop=\"http:\/\/schema.org\/image\" title=\"Abendsonne \u00fcber dem Schluchsee\" alt=\"Abendsonne \u00fcber dem Schluchsee\" style=\"width: 497px; height: 331px;\" \/> <\/a> <\/div> <\/div> <!-- close group --> <div class=\"gallery-group images-2\" style=\"width: 249px; height: 335px;\" data-original-width=\"249\" data-original-height=\"335\" > <div class=\"tiled-gallery-item tiled-gallery-item-small\" itemprop=\"associatedMedia\" itemscope itemtype=\"http:\/\/schema.org\/ImageObject\"> <a href=\"https:\/\/idnu.ch\/wordpress\/hikenbike-im-hochschwarzwald\/schluchsee-74\/#main\" border=\"0\" itemprop=\"url\"> <meta itemprop=\"width\" content=\"245\"> <meta itemprop=\"height\" content=\"164\"> <img decoding=\"async\" class=\"\" data-attachment-id=\"7659\" data-orig-file=\"https:\/\/idnu.ch\/wordpress\/wp-content\/uploads\/2017\/05\/schluchsee-74.jpg\" data-orig-size=\"1400,933\" data-comments-opened=\"1\" data-image-meta=\"{&quot;aperture&quot;:&quot;11&quot;,&quot;credit&quot;:&quot;Urs Kyburz&quot;,&quot;camera&quot;:&quot;Canon EOS 60D&quot;,&quot;caption&quot;:&quot;&quot;,&quot;created_timestamp&quot;:&quot;1495830333&quot;,&quot;copyright&quot;:&quot;\\u00a9 Urs Kyburz&quot;,&quot;focal_length&quot;:&quot;19&quot;,&quot;iso&quot;:&quot;100&quot;,&quot;shutter_speed&quot;:&quot;0.0015625&quot;,&quot;title&quot;:&quot;&quot;,&quot;orientation&quot;:&quot;0&quot;}\" data-image-title=\"Abendstimmung\" data-image-description=\"\" data-medium-file=\"https:\/\/i0.wp.com\/idnu.ch\/wordpress\/wp-content\/uploads\/2017\/05\/schluchsee-74.jpg?fit=300%2C200&#038;ssl=1\" data-large-file=\"https:\/\/i0.wp.com\/idnu.ch\/wordpress\/wp-content\/uploads\/2017\/05\/schluchsee-74.jpg?fit=750%2C500&#038;ssl=1\" src=\"https:\/\/i0.wp.com\/idnu.ch\/wordpress\/wp-content\/uploads\/2017\/05\/schluchsee-74.jpg?w=245&#038;h=164&#038;ssl=1\" srcset=\"https:\/\/i0.wp.com\/idnu.ch\/wordpress\/wp-content\/uploads\/2017\/05\/schluchsee-74.jpg?w=1400&amp;ssl=1 1400w, https:\/\/i0.wp.com\/idnu.ch\/wordpress\/wp-content\/uploads\/2017\/05\/schluchsee-74.jpg?resize=300%2C200&amp;ssl=1 300w, https:\/\/i0.wp.com\/idnu.ch\/wordpress\/wp-content\/uploads\/2017\/05\/schluchsee-74.jpg?resize=768%2C512&amp;ssl=1 768w, https:\/\/i0.wp.com\/idnu.ch\/wordpress\/wp-content\/uploads\/2017\/05\/schluchsee-74.jpg?resize=1024%2C682&amp;ssl=1 1024w, https:\/\/i0.wp.com\/idnu.ch\/wordpress\/wp-content\/uploads\/2017\/05\/schluchsee-74.jpg?resize=150%2C100&amp;ssl=1 150w\" width=\"245\" height=\"164\" loading=\"lazy\" data-original-width=\"245\" data-original-height=\"164\" itemprop=\"http:\/\/schema.org\/image\" title=\"Abendstimmung\" alt=\"Abendstimmung\" style=\"width: 245px; height: 164px;\" \/> <\/a> <\/div> <div class=\"tiled-gallery-item tiled-gallery-item-small\" itemprop=\"associatedMedia\" itemscope itemtype=\"http:\/\/schema.org\/ImageObject\"> <a href=\"https:\/\/idnu.ch\/wordpress\/hikenbike-im-hochschwarzwald\/schluchsee-81\/#main\" border=\"0\" itemprop=\"url\"> <meta itemprop=\"width\" content=\"245\"> <meta itemprop=\"height\" content=\"163\"> <img decoding=\"async\" class=\"\" data-attachment-id=\"7660\" data-orig-file=\"https:\/\/idnu.ch\/wordpress\/wp-content\/uploads\/2017\/05\/schluchsee-81.jpg\" data-orig-size=\"1400,933\" data-comments-opened=\"1\" data-image-meta=\"{&quot;aperture&quot;:&quot;11&quot;,&quot;credit&quot;:&quot;Urs Kyburz&quot;,&quot;camera&quot;:&quot;Canon EOS 60D&quot;,&quot;caption&quot;:&quot;&quot;,&quot;created_timestamp&quot;:&quot;1495832732&quot;,&quot;copyright&quot;:&quot;\\u00a9 Urs Kyburz&quot;,&quot;focal_length&quot;:&quot;33&quot;,&quot;iso&quot;:&quot;100&quot;,&quot;shutter_speed&quot;:&quot;0.01&quot;,&quot;title&quot;:&quot;&quot;,&quot;orientation&quot;:&quot;0&quot;}\" data-image-title=\"Wie in den Ferien\" data-image-description=\"\" data-medium-file=\"https:\/\/i0.wp.com\/idnu.ch\/wordpress\/wp-content\/uploads\/2017\/05\/schluchsee-81.jpg?fit=300%2C200&#038;ssl=1\" data-large-file=\"https:\/\/i0.wp.com\/idnu.ch\/wordpress\/wp-content\/uploads\/2017\/05\/schluchsee-81.jpg?fit=750%2C500&#038;ssl=1\" src=\"https:\/\/i0.wp.com\/idnu.ch\/wordpress\/wp-content\/uploads\/2017\/05\/schluchsee-81.jpg?w=245&#038;h=163&#038;ssl=1\" srcset=\"https:\/\/i0.wp.com\/idnu.ch\/wordpress\/wp-content\/uploads\/2017\/05\/schluchsee-81.jpg?w=1400&amp;ssl=1 1400w, https:\/\/i0.wp.com\/idnu.ch\/wordpress\/wp-content\/uploads\/2017\/05\/schluchsee-81.jpg?resize=300%2C200&amp;ssl=1 300w, https:\/\/i0.wp.com\/idnu.ch\/wordpress\/wp-content\/uploads\/2017\/05\/schluchsee-81.jpg?resize=768%2C512&amp;ssl=1 768w, https:\/\/i0.wp.com\/idnu.ch\/wordpress\/wp-content\/uploads\/2017\/05\/schluchsee-81.jpg?resize=1024%2C682&amp;ssl=1 1024w, https:\/\/i0.wp.com\/idnu.ch\/wordpress\/wp-content\/uploads\/2017\/05\/schluchsee-81.jpg?resize=150%2C100&amp;ssl=1 150w\" width=\"245\" height=\"163\" loading=\"lazy\" data-original-width=\"245\" data-original-height=\"163\" itemprop=\"http:\/\/schema.org\/image\" title=\"Wie in den Ferien\" alt=\"Wie in den Ferien\" style=\"width: 245px; height: 163px;\" \/> <\/a> <\/div> <\/div> <!-- close group --> <\/div> <!-- close row --> <div class=\"gallery-row\" style=\"width: 750px; height: 501px;\" data-original-width=\"750\" data-original-height=\"501\" > <div class=\"gallery-group images-1\" style=\"width: 750px; height: 501px;\" data-original-width=\"750\" data-original-height=\"501\" > <div class=\"tiled-gallery-item tiled-gallery-item-large\" itemprop=\"associatedMedia\" itemscope itemtype=\"http:\/\/schema.org\/ImageObject\"> <a href=\"https:\/\/idnu.ch\/wordpress\/hikenbike-im-hochschwarzwald\/schluchsee-85\/#main\" border=\"0\" itemprop=\"url\"> <meta itemprop=\"width\" content=\"746\"> <meta itemprop=\"height\" content=\"497\"> <img decoding=\"async\" class=\"\" data-attachment-id=\"7661\" data-orig-file=\"https:\/\/idnu.ch\/wordpress\/wp-content\/uploads\/2017\/05\/schluchsee-85.jpg\" data-orig-size=\"1400,933\" data-comments-opened=\"1\" data-image-meta=\"{&quot;aperture&quot;:&quot;11&quot;,&quot;credit&quot;:&quot;Urs Kyburz&quot;,&quot;camera&quot;:&quot;Canon EOS 60D&quot;,&quot;caption&quot;:&quot;&quot;,&quot;created_timestamp&quot;:&quot;1495832848&quot;,&quot;copyright&quot;:&quot;\\u00a9 Urs Kyburz&quot;,&quot;focal_length&quot;:&quot;40&quot;,&quot;iso&quot;:&quot;160&quot;,&quot;shutter_speed&quot;:&quot;0.0125&quot;,&quot;title&quot;:&quot;&quot;,&quot;orientation&quot;:&quot;0&quot;}\" data-image-title=\"Hach!\" data-image-description=\"\" data-medium-file=\"https:\/\/i0.wp.com\/idnu.ch\/wordpress\/wp-content\/uploads\/2017\/05\/schluchsee-85.jpg?fit=300%2C200&#038;ssl=1\" data-large-file=\"https:\/\/i0.wp.com\/idnu.ch\/wordpress\/wp-content\/uploads\/2017\/05\/schluchsee-85.jpg?fit=750%2C500&#038;ssl=1\" src=\"https:\/\/i0.wp.com\/idnu.ch\/wordpress\/wp-content\/uploads\/2017\/05\/schluchsee-85.jpg?w=746&#038;h=497&#038;ssl=1\" srcset=\"https:\/\/i0.wp.com\/idnu.ch\/wordpress\/wp-content\/uploads\/2017\/05\/schluchsee-85.jpg?w=1400&amp;ssl=1 1400w, https:\/\/i0.wp.com\/idnu.ch\/wordpress\/wp-content\/uploads\/2017\/05\/schluchsee-85.jpg?resize=300%2C200&amp;ssl=1 300w, https:\/\/i0.wp.com\/idnu.ch\/wordpress\/wp-content\/uploads\/2017\/05\/schluchsee-85.jpg?resize=768%2C512&amp;ssl=1 768w, https:\/\/i0.wp.com\/idnu.ch\/wordpress\/wp-content\/uploads\/2017\/05\/schluchsee-85.jpg?resize=1024%2C682&amp;ssl=1 1024w, https:\/\/i0.wp.com\/idnu.ch\/wordpress\/wp-content\/uploads\/2017\/05\/schluchsee-85.jpg?resize=150%2C100&amp;ssl=1 150w\" width=\"746\" height=\"497\" loading=\"lazy\" data-original-width=\"746\" data-original-height=\"497\" itemprop=\"http:\/\/schema.org\/image\" title=\"Hach!\" alt=\"Mai: Sonnenuntergang am Schluchsee im Schwarzwald, DE\" style=\"width: 746px; height: 497px;\" \/> <\/a> <div class=\"tiled-gallery-caption\" itemprop=\"caption description\"> Mai: Sonnenuntergang am Schluchsee im Schwarzwald, DE <\/div> <\/div> <\/div> <!-- close group --> <\/div> <!-- close row --> <\/div>\n","protected":false},"excerpt":{"rendered":"<p>Warum in die Ferne schweifen, wenn das Gute liegt so nah? Ins Wallis&#8230;<\/p>\n","protected":false},"author":2,"featured_media":7620,"comment_status":"open","ping_status":"open","sticky":false,"template":"","format":"standard","meta":{"_monsterinsights_skip_tracking":false,"_monsterinsights_sitenote_active":false,"_monsterinsights_sitenote_note":"","_monsterinsights_sitenote_category":0,"jetpack_post_was_ever_published":false,"_jetpack_newsletter_access":"","_jetpack_dont_email_post_to_subs":false,"_jetpack_newsletter_tier_id":0,"_jetpack_memberships_contains_paywalled_content":false,"_jetpack_memberships_contains_paid_content":false,"footnotes":"","jetpack_publicize_message":"NEU auf dem Blog: Hike'n'Bike im Hochschwarzwald\r\n#schwarzwald #schluchsee","jetpack_publicize_feature_enabled":true,"jetpack_social_post_already_shared":true,"jetpack_social_options":{"image_generator_settings":{"template":"highway","default_image_id":0,"font":"","enabled":false},"version":2}},"categories":[741,4,5],"tags":[366,510,416,970,365],"class_list":["post-7613","post","type-post","status-publish","format-standard","has-post-thumbnail","hentry","category-deutschland","category-zweirad","category-wandern","tag-biken-mit-kindern","tag-fruehling","tag-gipfel","tag-schwarzwald","tag-wandern-mit-kindern"],"geo":{"latitude":47.81749339999999648398443241603672504425048828125,"longitude":8.1515120999999997053464539931155741214752197265625,"description":null},"yoast_head":"<!-- This site is optimized with the Yoast SEO plugin v27.4 - https:\/\/yoast.com\/product\/yoast-seo-wordpress\/ -->\n<title>Hike&#039;n&#039;Bike im Hochschwarzwald - In der Natur unterwegs<\/title>\n<meta name=\"description\" content=\"Wir nutzten das lange Auffahrtswochenende zum Wandern und Biken in einer f\u00fcr uns bis dato wenig bekannten Region, dem Schwarzwald gleich ennet der Grenze.\" \/>\n<meta name=\"robots\" content=\"index, follow, max-snippet:-1, max-image-preview:large, max-video-preview:-1\" \/>\n<link rel=\"canonical\" href=\"https:\/\/idnu.ch\/wordpress\/hikenbike-im-hochschwarzwald\/\" \/>\n<meta property=\"og:locale\" content=\"de_DE\" \/>\n<meta property=\"og:type\" content=\"article\" \/>\n<meta property=\"og:title\" content=\"Hike&#039;n&#039;Bike im Hochschwarzwald - In der Natur unterwegs\" \/>\n<meta property=\"og:description\" content=\"Wir nutzten das lange Auffahrtswochenende zum Wandern und Biken in einer f\u00fcr uns bis dato wenig bekannten Region, dem Schwarzwald gleich ennet der Grenze.\" \/>\n<meta property=\"og:url\" content=\"https:\/\/idnu.ch\/wordpress\/hikenbike-im-hochschwarzwald\/\" \/>\n<meta property=\"og:site_name\" content=\"In der Natur unterwegs\" \/>\n<meta property=\"article:published_time\" content=\"2017-05-28T17:46:31+00:00\" \/>\n<meta property=\"article:modified_time\" content=\"2023-12-27T12:55:38+00:00\" \/>\n<meta property=\"og:image\" content=\"https:\/\/idnu.ch\/wordpress\/wp-content\/uploads\/2017\/05\/schluchsee-104.jpg\" \/>\n\t<meta property=\"og:image:width\" content=\"1400\" \/>\n\t<meta property=\"og:image:height\" content=\"933\" \/>\n\t<meta property=\"og:image:type\" content=\"image\/jpeg\" \/>\n<meta name=\"author\" content=\"Urs Kyburz\" \/>\n<meta name=\"twitter:card\" content=\"summary_large_image\" \/>\n<meta name=\"twitter:creator\" content=\"@idnu_ch\" \/>\n<meta name=\"twitter:site\" content=\"@idnu_ch\" \/>\n<meta name=\"twitter:label1\" content=\"Verfasst von\" \/>\n\t<meta name=\"twitter:data1\" content=\"Urs Kyburz\" \/>\n\t<meta name=\"twitter:label2\" content=\"Gesch\u00e4tzte Lesezeit\" \/>\n\t<meta name=\"twitter:data2\" content=\"11\u00a0Minuten\" \/>\n<script type=\"application\/ld+json\" class=\"yoast-schema-graph\">{\"@context\":\"https:\\\/\\\/schema.org\",\"@graph\":[{\"@type\":\"Article\",\"@id\":\"https:\\\/\\\/idnu.ch\\\/wordpress\\\/hikenbike-im-hochschwarzwald\\\/#article\",\"isPartOf\":{\"@id\":\"https:\\\/\\\/idnu.ch\\\/wordpress\\\/hikenbike-im-hochschwarzwald\\\/\"},\"author\":{\"name\":\"Urs Kyburz\",\"@id\":\"https:\\\/\\\/idnu.ch\\\/wordpress\\\/#\\\/schema\\\/person\\\/1ab8c5de743be7b019272124c19ad351\"},\"headline\":\"Hike&#8217;n&#8217;Bike im Hochschwarzwald\",\"datePublished\":\"2017-05-28T17:46:31+00:00\",\"dateModified\":\"2023-12-27T12:55:38+00:00\",\"mainEntityOfPage\":{\"@id\":\"https:\\\/\\\/idnu.ch\\\/wordpress\\\/hikenbike-im-hochschwarzwald\\\/\"},\"wordCount\":1860,\"commentCount\":1,\"publisher\":{\"@id\":\"https:\\\/\\\/idnu.ch\\\/wordpress\\\/#\\\/schema\\\/person\\\/1ab8c5de743be7b019272124c19ad351\"},\"image\":{\"@id\":\"https:\\\/\\\/idnu.ch\\\/wordpress\\\/hikenbike-im-hochschwarzwald\\\/#primaryimage\"},\"thumbnailUrl\":\"https:\\\/\\\/i0.wp.com\\\/idnu.ch\\\/wordpress\\\/wp-content\\\/uploads\\\/2017\\\/05\\\/schluchsee-104.jpg?fit=1400%2C933&ssl=1\",\"keywords\":[\"biken mit kindern\",\"Fr\u00fchling\",\"Gipfel\",\"Schwarzwald\",\"wandern mit kindern\"],\"articleSection\":[\"Deutschland\",\"Mountainbike &amp; Velo\",\"Wandern\"],\"inLanguage\":\"de\",\"potentialAction\":[{\"@type\":\"CommentAction\",\"name\":\"Comment\",\"target\":[\"https:\\\/\\\/idnu.ch\\\/wordpress\\\/hikenbike-im-hochschwarzwald\\\/#respond\"]}]},{\"@type\":\"WebPage\",\"@id\":\"https:\\\/\\\/idnu.ch\\\/wordpress\\\/hikenbike-im-hochschwarzwald\\\/\",\"url\":\"https:\\\/\\\/idnu.ch\\\/wordpress\\\/hikenbike-im-hochschwarzwald\\\/\",\"name\":\"Hike'n'Bike im Hochschwarzwald - In der Natur unterwegs\",\"isPartOf\":{\"@id\":\"https:\\\/\\\/idnu.ch\\\/wordpress\\\/#website\"},\"primaryImageOfPage\":{\"@id\":\"https:\\\/\\\/idnu.ch\\\/wordpress\\\/hikenbike-im-hochschwarzwald\\\/#primaryimage\"},\"image\":{\"@id\":\"https:\\\/\\\/idnu.ch\\\/wordpress\\\/hikenbike-im-hochschwarzwald\\\/#primaryimage\"},\"thumbnailUrl\":\"https:\\\/\\\/i0.wp.com\\\/idnu.ch\\\/wordpress\\\/wp-content\\\/uploads\\\/2017\\\/05\\\/schluchsee-104.jpg?fit=1400%2C933&ssl=1\",\"datePublished\":\"2017-05-28T17:46:31+00:00\",\"dateModified\":\"2023-12-27T12:55:38+00:00\",\"description\":\"Wir nutzten das lange Auffahrtswochenende zum Wandern und Biken in einer f\u00fcr uns bis dato wenig bekannten Region, dem Schwarzwald gleich ennet der Grenze.\",\"breadcrumb\":{\"@id\":\"https:\\\/\\\/idnu.ch\\\/wordpress\\\/hikenbike-im-hochschwarzwald\\\/#breadcrumb\"},\"inLanguage\":\"de\",\"potentialAction\":[{\"@type\":\"ReadAction\",\"target\":[\"https:\\\/\\\/idnu.ch\\\/wordpress\\\/hikenbike-im-hochschwarzwald\\\/\"]}]},{\"@type\":\"ImageObject\",\"inLanguage\":\"de\",\"@id\":\"https:\\\/\\\/idnu.ch\\\/wordpress\\\/hikenbike-im-hochschwarzwald\\\/#primaryimage\",\"url\":\"https:\\\/\\\/i0.wp.com\\\/idnu.ch\\\/wordpress\\\/wp-content\\\/uploads\\\/2017\\\/05\\\/schluchsee-104.jpg?fit=1400%2C933&ssl=1\",\"contentUrl\":\"https:\\\/\\\/i0.wp.com\\\/idnu.ch\\\/wordpress\\\/wp-content\\\/uploads\\\/2017\\\/05\\\/schluchsee-104.jpg?fit=1400%2C933&ssl=1\",\"width\":1400,\"height\":933,\"caption\":\"Biken \u00fcber dem Schluchsee\"},{\"@type\":\"BreadcrumbList\",\"@id\":\"https:\\\/\\\/idnu.ch\\\/wordpress\\\/hikenbike-im-hochschwarzwald\\\/#breadcrumb\",\"itemListElement\":[{\"@type\":\"ListItem\",\"position\":1,\"name\":\"Startseite\",\"item\":\"https:\\\/\\\/idnu.ch\\\/wordpress\\\/\"},{\"@type\":\"ListItem\",\"position\":2,\"name\":\"Hike&#8217;n&#8217;Bike im Hochschwarzwald\"}]},{\"@type\":\"WebSite\",\"@id\":\"https:\\\/\\\/idnu.ch\\\/wordpress\\\/#website\",\"url\":\"https:\\\/\\\/idnu.ch\\\/wordpress\\\/\",\"name\":\"In der Natur unterwegs\",\"description\":\"Dort, wo es am sch\u00f6nsten ist\",\"publisher\":{\"@id\":\"https:\\\/\\\/idnu.ch\\\/wordpress\\\/#\\\/schema\\\/person\\\/1ab8c5de743be7b019272124c19ad351\"},\"potentialAction\":[{\"@type\":\"SearchAction\",\"target\":{\"@type\":\"EntryPoint\",\"urlTemplate\":\"https:\\\/\\\/idnu.ch\\\/wordpress\\\/?s={search_term_string}\"},\"query-input\":{\"@type\":\"PropertyValueSpecification\",\"valueRequired\":true,\"valueName\":\"search_term_string\"}}],\"inLanguage\":\"de\"},{\"@type\":[\"Person\",\"Organization\"],\"@id\":\"https:\\\/\\\/idnu.ch\\\/wordpress\\\/#\\\/schema\\\/person\\\/1ab8c5de743be7b019272124c19ad351\",\"name\":\"Urs Kyburz\",\"image\":{\"@type\":\"ImageObject\",\"inLanguage\":\"de\",\"@id\":\"https:\\\/\\\/i0.wp.com\\\/idnu.ch\\\/wordpress\\\/wp-content\\\/uploads\\\/2016\\\/02\\\/logo_150x165.gif?fit=3151%2C3456&ssl=1\",\"url\":\"https:\\\/\\\/i0.wp.com\\\/idnu.ch\\\/wordpress\\\/wp-content\\\/uploads\\\/2016\\\/02\\\/logo_150x165.gif?fit=3151%2C3456&ssl=1\",\"contentUrl\":\"https:\\\/\\\/i0.wp.com\\\/idnu.ch\\\/wordpress\\\/wp-content\\\/uploads\\\/2016\\\/02\\\/logo_150x165.gif?fit=3151%2C3456&ssl=1\",\"width\":3151,\"height\":3456,\"caption\":\"Urs Kyburz\"},\"logo\":{\"@id\":\"https:\\\/\\\/i0.wp.com\\\/idnu.ch\\\/wordpress\\\/wp-content\\\/uploads\\\/2016\\\/02\\\/logo_150x165.gif?fit=3151%2C3456&ssl=1\"}}]}<\/script>\n<!-- \/ Yoast SEO plugin. -->","yoast_head_json":{"title":"Hike'n'Bike im Hochschwarzwald - In der Natur unterwegs","description":"Wir nutzten das lange Auffahrtswochenende zum Wandern und Biken in einer f\u00fcr uns bis dato wenig bekannten Region, dem Schwarzwald gleich ennet der Grenze.","robots":{"index":"index","follow":"follow","max-snippet":"max-snippet:-1","max-image-preview":"max-image-preview:large","max-video-preview":"max-video-preview:-1"},"canonical":"https:\/\/idnu.ch\/wordpress\/hikenbike-im-hochschwarzwald\/","og_locale":"de_DE","og_type":"article","og_title":"Hike'n'Bike im Hochschwarzwald - In der Natur unterwegs","og_description":"Wir nutzten das lange Auffahrtswochenende zum Wandern und Biken in einer f\u00fcr uns bis dato wenig bekannten Region, dem Schwarzwald gleich ennet der Grenze.","og_url":"https:\/\/idnu.ch\/wordpress\/hikenbike-im-hochschwarzwald\/","og_site_name":"In der Natur unterwegs","article_published_time":"2017-05-28T17:46:31+00:00","article_modified_time":"2023-12-27T12:55:38+00:00","og_image":[{"width":1400,"height":933,"url":"https:\/\/idnu.ch\/wordpress\/wp-content\/uploads\/2017\/05\/schluchsee-104.jpg","type":"image\/jpeg"}],"author":"Urs Kyburz","twitter_card":"summary_large_image","twitter_creator":"@idnu_ch","twitter_site":"@idnu_ch","twitter_misc":{"Verfasst von":"Urs Kyburz","Gesch\u00e4tzte Lesezeit":"11\u00a0Minuten"},"schema":{"@context":"https:\/\/schema.org","@graph":[{"@type":"Article","@id":"https:\/\/idnu.ch\/wordpress\/hikenbike-im-hochschwarzwald\/#article","isPartOf":{"@id":"https:\/\/idnu.ch\/wordpress\/hikenbike-im-hochschwarzwald\/"},"author":{"name":"Urs Kyburz","@id":"https:\/\/idnu.ch\/wordpress\/#\/schema\/person\/1ab8c5de743be7b019272124c19ad351"},"headline":"Hike&#8217;n&#8217;Bike im Hochschwarzwald","datePublished":"2017-05-28T17:46:31+00:00","dateModified":"2023-12-27T12:55:38+00:00","mainEntityOfPage":{"@id":"https:\/\/idnu.ch\/wordpress\/hikenbike-im-hochschwarzwald\/"},"wordCount":1860,"commentCount":1,"publisher":{"@id":"https:\/\/idnu.ch\/wordpress\/#\/schema\/person\/1ab8c5de743be7b019272124c19ad351"},"image":{"@id":"https:\/\/idnu.ch\/wordpress\/hikenbike-im-hochschwarzwald\/#primaryimage"},"thumbnailUrl":"https:\/\/i0.wp.com\/idnu.ch\/wordpress\/wp-content\/uploads\/2017\/05\/schluchsee-104.jpg?fit=1400%2C933&ssl=1","keywords":["biken mit kindern","Fr\u00fchling","Gipfel","Schwarzwald","wandern mit kindern"],"articleSection":["Deutschland","Mountainbike &amp; Velo","Wandern"],"inLanguage":"de","potentialAction":[{"@type":"CommentAction","name":"Comment","target":["https:\/\/idnu.ch\/wordpress\/hikenbike-im-hochschwarzwald\/#respond"]}]},{"@type":"WebPage","@id":"https:\/\/idnu.ch\/wordpress\/hikenbike-im-hochschwarzwald\/","url":"https:\/\/idnu.ch\/wordpress\/hikenbike-im-hochschwarzwald\/","name":"Hike'n'Bike im Hochschwarzwald - In der Natur unterwegs","isPartOf":{"@id":"https:\/\/idnu.ch\/wordpress\/#website"},"primaryImageOfPage":{"@id":"https:\/\/idnu.ch\/wordpress\/hikenbike-im-hochschwarzwald\/#primaryimage"},"image":{"@id":"https:\/\/idnu.ch\/wordpress\/hikenbike-im-hochschwarzwald\/#primaryimage"},"thumbnailUrl":"https:\/\/i0.wp.com\/idnu.ch\/wordpress\/wp-content\/uploads\/2017\/05\/schluchsee-104.jpg?fit=1400%2C933&ssl=1","datePublished":"2017-05-28T17:46:31+00:00","dateModified":"2023-12-27T12:55:38+00:00","description":"Wir nutzten das lange Auffahrtswochenende zum Wandern und Biken in einer f\u00fcr uns bis dato wenig bekannten Region, dem Schwarzwald gleich ennet der Grenze.","breadcrumb":{"@id":"https:\/\/idnu.ch\/wordpress\/hikenbike-im-hochschwarzwald\/#breadcrumb"},"inLanguage":"de","potentialAction":[{"@type":"ReadAction","target":["https:\/\/idnu.ch\/wordpress\/hikenbike-im-hochschwarzwald\/"]}]},{"@type":"ImageObject","inLanguage":"de","@id":"https:\/\/idnu.ch\/wordpress\/hikenbike-im-hochschwarzwald\/#primaryimage","url":"https:\/\/i0.wp.com\/idnu.ch\/wordpress\/wp-content\/uploads\/2017\/05\/schluchsee-104.jpg?fit=1400%2C933&ssl=1","contentUrl":"https:\/\/i0.wp.com\/idnu.ch\/wordpress\/wp-content\/uploads\/2017\/05\/schluchsee-104.jpg?fit=1400%2C933&ssl=1","width":1400,"height":933,"caption":"Biken \u00fcber dem Schluchsee"},{"@type":"BreadcrumbList","@id":"https:\/\/idnu.ch\/wordpress\/hikenbike-im-hochschwarzwald\/#breadcrumb","itemListElement":[{"@type":"ListItem","position":1,"name":"Startseite","item":"https:\/\/idnu.ch\/wordpress\/"},{"@type":"ListItem","position":2,"name":"Hike&#8217;n&#8217;Bike im Hochschwarzwald"}]},{"@type":"WebSite","@id":"https:\/\/idnu.ch\/wordpress\/#website","url":"https:\/\/idnu.ch\/wordpress\/","name":"In der Natur unterwegs","description":"Dort, wo es am sch\u00f6nsten ist","publisher":{"@id":"https:\/\/idnu.ch\/wordpress\/#\/schema\/person\/1ab8c5de743be7b019272124c19ad351"},"potentialAction":[{"@type":"SearchAction","target":{"@type":"EntryPoint","urlTemplate":"https:\/\/idnu.ch\/wordpress\/?s={search_term_string}"},"query-input":{"@type":"PropertyValueSpecification","valueRequired":true,"valueName":"search_term_string"}}],"inLanguage":"de"},{"@type":["Person","Organization"],"@id":"https:\/\/idnu.ch\/wordpress\/#\/schema\/person\/1ab8c5de743be7b019272124c19ad351","name":"Urs Kyburz","image":{"@type":"ImageObject","inLanguage":"de","@id":"https:\/\/i0.wp.com\/idnu.ch\/wordpress\/wp-content\/uploads\/2016\/02\/logo_150x165.gif?fit=3151%2C3456&ssl=1","url":"https:\/\/i0.wp.com\/idnu.ch\/wordpress\/wp-content\/uploads\/2016\/02\/logo_150x165.gif?fit=3151%2C3456&ssl=1","contentUrl":"https:\/\/i0.wp.com\/idnu.ch\/wordpress\/wp-content\/uploads\/2016\/02\/logo_150x165.gif?fit=3151%2C3456&ssl=1","width":3151,"height":3456,"caption":"Urs Kyburz"},"logo":{"@id":"https:\/\/i0.wp.com\/idnu.ch\/wordpress\/wp-content\/uploads\/2016\/02\/logo_150x165.gif?fit=3151%2C3456&ssl=1"}}]}},"jetpack_publicize_connections":[],"jetpack_featured_media_url":"https:\/\/i0.wp.com\/idnu.ch\/wordpress\/wp-content\/uploads\/2017\/05\/schluchsee-104.jpg?fit=1400%2C933&ssl=1","jetpack_sharing_enabled":true,"jetpack_shortlink":"https:\/\/wp.me\/p6MmGG-1YN","jetpack-related-posts":[{"id":84,"url":"https:\/\/idnu.ch\/wordpress\/rund-um-davos\/","url_meta":{"origin":7613,"position":0},"title":"Rund um Davos","author":"Urs Kyburz","date":"16. August 2015","format":false,"excerpt":"Davos bietet eine Menge f\u00fcr Outdoor-Familien, wandern und biken stehen da im Vordergrund. Und wer nicht so wasserscheu ist wie unsere Familie, kann sich auch auf\u00a0dem\u00a0oder im Davosersee vergn\u00fcgen. Biken mit Kindern: Im Bikepark F\u00e4rich Auf einem echten Dreitausender: Wandern auf das Fl\u00fcela Schwarzhorn Paradies f\u00fcr Stollenritter: Biken im Dischmatal\u2026","rel":"","context":"In &quot;Destinationen&quot;","block_context":{"text":"Destinationen","link":"https:\/\/idnu.ch\/wordpress\/category\/destinationen\/"},"img":{"alt_text":"Gem\u00fctlich nach \u00c4bir\u00fcgg","src":"https:\/\/i0.wp.com\/idnu.ch\/wordpress\/wp-content\/uploads\/2016\/07\/rinerhorn_0001.jpg?fit=1200%2C800&ssl=1&resize=350%2C200","width":350,"height":200,"srcset":"https:\/\/i0.wp.com\/idnu.ch\/wordpress\/wp-content\/uploads\/2016\/07\/rinerhorn_0001.jpg?fit=1200%2C800&ssl=1&resize=350%2C200 1x, https:\/\/i0.wp.com\/idnu.ch\/wordpress\/wp-content\/uploads\/2016\/07\/rinerhorn_0001.jpg?fit=1200%2C800&ssl=1&resize=525%2C300 1.5x, https:\/\/i0.wp.com\/idnu.ch\/wordpress\/wp-content\/uploads\/2016\/07\/rinerhorn_0001.jpg?fit=1200%2C800&ssl=1&resize=700%2C400 2x, https:\/\/i0.wp.com\/idnu.ch\/wordpress\/wp-content\/uploads\/2016\/07\/rinerhorn_0001.jpg?fit=1200%2C800&ssl=1&resize=1050%2C600 3x"},"classes":[]},{"id":7714,"url":"https:\/\/idnu.ch\/wordpress\/das-buochserhorn-und-seine-beruehmten-nachbarn\/","url_meta":{"origin":7613,"position":1},"title":"Das Buochserhorn und seine ber\u00fchmten Nachbarn","author":"Urs Kyburz","date":"13. Juni 2017","format":false,"excerpt":"Das Buochserhorn und seine ber\u00fchmten Nachbarn: Titlis, Stanserhorn, Pilatus, Rigi, Mythen, die ganze Parade. Trotzdem ist der Berg selber unbekannt. Weshalb? Es f\u00fchrt keine Bahn da hoch. Und das ist gut so, so geh\u00f6rt der Berg den richtigen Wanderern. OK, Kritiker m\u00f6gen einwerfen, dass auf den Mythen auch keine Bahn\u2026","rel":"","context":"In &quot;Luzern - Vierwaldst\u00e4ttersee&quot;","block_context":{"text":"Luzern - Vierwaldst\u00e4ttersee","link":"https:\/\/idnu.ch\/wordpress\/category\/tourismusregionen\/luzern-vierwaldstaettersee\/"},"img":{"alt_text":"Ein erster Blick auf die andere Seite","src":"https:\/\/i0.wp.com\/idnu.ch\/wordpress\/wp-content\/uploads\/2017\/06\/buochserhorn_170611_027.jpg?fit=1200%2C800&ssl=1&resize=350%2C200","width":350,"height":200,"srcset":"https:\/\/i0.wp.com\/idnu.ch\/wordpress\/wp-content\/uploads\/2017\/06\/buochserhorn_170611_027.jpg?fit=1200%2C800&ssl=1&resize=350%2C200 1x, https:\/\/i0.wp.com\/idnu.ch\/wordpress\/wp-content\/uploads\/2017\/06\/buochserhorn_170611_027.jpg?fit=1200%2C800&ssl=1&resize=525%2C300 1.5x, https:\/\/i0.wp.com\/idnu.ch\/wordpress\/wp-content\/uploads\/2017\/06\/buochserhorn_170611_027.jpg?fit=1200%2C800&ssl=1&resize=700%2C400 2x, https:\/\/i0.wp.com\/idnu.ch\/wordpress\/wp-content\/uploads\/2017\/06\/buochserhorn_170611_027.jpg?fit=1200%2C800&ssl=1&resize=1050%2C600 3x"},"classes":[]},{"id":4037,"url":"https:\/\/idnu.ch\/wordpress\/fruehling-zuhause\/","url_meta":{"origin":7613,"position":2},"title":"Den Fr\u00fchling zuhause geniessen","author":"Urs Kyburz","date":"5. Mai 2016","format":"gallery","excerpt":"Auffahrt. Vier Tage frei. Eigentlich sollten wir jetzt am Schluchsee im Schwarzwald sein und dort biken. Eigentlich. Gekommen ist es anders, wegen mir, wegen einem bl\u00f6den Zwischenfall (man kann es auch Unfall nennen). Jedenfalls l\u00e4sst mich der Arzt im Moment wegen einem gebrochenen Schl\u00fcsselbein nicht aufs Bike steigen. Na gut,\u2026","rel":"","context":"In &quot;Aargau&quot;","block_context":{"text":"Aargau","link":"https:\/\/idnu.ch\/wordpress\/category\/kanton\/aargau\/"},"img":{"alt_text":"Apfelbl\u00fcte","src":"https:\/\/i0.wp.com\/idnu.ch\/wordpress\/wp-content\/uploads\/2016\/05\/auffahrt_0008.jpg?fit=1200%2C800&ssl=1&resize=350%2C200","width":350,"height":200,"srcset":"https:\/\/i0.wp.com\/idnu.ch\/wordpress\/wp-content\/uploads\/2016\/05\/auffahrt_0008.jpg?fit=1200%2C800&ssl=1&resize=350%2C200 1x, https:\/\/i0.wp.com\/idnu.ch\/wordpress\/wp-content\/uploads\/2016\/05\/auffahrt_0008.jpg?fit=1200%2C800&ssl=1&resize=525%2C300 1.5x, https:\/\/i0.wp.com\/idnu.ch\/wordpress\/wp-content\/uploads\/2016\/05\/auffahrt_0008.jpg?fit=1200%2C800&ssl=1&resize=700%2C400 2x, https:\/\/i0.wp.com\/idnu.ch\/wordpress\/wp-content\/uploads\/2016\/05\/auffahrt_0008.jpg?fit=1200%2C800&ssl=1&resize=1050%2C600 3x"},"classes":[]},{"id":8391,"url":"https:\/\/idnu.ch\/wordpress\/alpleben-erwandern\/","url_meta":{"origin":7613,"position":3},"title":"Alpleben erwandern","author":"Urs Kyburz","date":"16. Oktober 2017","format":false,"excerpt":"Und biken. Unsere Kinder werden gr\u00f6sser, die Interessen kristallisieren sich klarer heraus. Und bei Fabian geh\u00f6rt wandern nicht dazu. Was machen, wenn man einen interessanten Themenweg abwandern will und er keinen Bock hat? Man l\u00e4sst ihn auf dem Mountainbike mitkommen. Das ist erst recht spannend auf dem Alpleben-Themenweg in Savognin.\u2026","rel":"","context":"In &quot;Graub\u00fcnden&quot;","block_context":{"text":"Graub\u00fcnden","link":"https:\/\/idnu.ch\/wordpress\/category\/kanton\/graubuenden\/"},"img":{"alt_text":"Interessante Informationen am Wegrand","src":"https:\/\/i0.wp.com\/idnu.ch\/wordpress\/wp-content\/uploads\/2017\/10\/04_alpleben-11.jpg?fit=1200%2C800&ssl=1&resize=350%2C200","width":350,"height":200,"srcset":"https:\/\/i0.wp.com\/idnu.ch\/wordpress\/wp-content\/uploads\/2017\/10\/04_alpleben-11.jpg?fit=1200%2C800&ssl=1&resize=350%2C200 1x, https:\/\/i0.wp.com\/idnu.ch\/wordpress\/wp-content\/uploads\/2017\/10\/04_alpleben-11.jpg?fit=1200%2C800&ssl=1&resize=525%2C300 1.5x, https:\/\/i0.wp.com\/idnu.ch\/wordpress\/wp-content\/uploads\/2017\/10\/04_alpleben-11.jpg?fit=1200%2C800&ssl=1&resize=700%2C400 2x, https:\/\/i0.wp.com\/idnu.ch\/wordpress\/wp-content\/uploads\/2017\/10\/04_alpleben-11.jpg?fit=1200%2C800&ssl=1&resize=1050%2C600 3x"},"classes":[]},{"id":1328,"url":"https:\/\/idnu.ch\/wordpress\/einmal-durch-den-uaul-grond\/","url_meta":{"origin":7613,"position":4},"title":"Einmal durch den Uaul Grond","author":"Urs Kyburz","date":"15. Oktober 2015","format":false,"excerpt":"Uaul heisst zu deutsch \"Wald\". Und es war denn auch haupts\u00e4chlich eine waldige Biketour mit etwas Aussicht auf die Rheinschlucht. Eine nette Bikerunde ohne Rummel, so einmal durch den Uaul Grond. Zu fr\u00fch f\u00fcrs Restaurant Wir wollten den Singletrail, den wir von unserem Laaxer Ausflug her kannten, nun in die\u2026","rel":"","context":"In &quot;Graub\u00fcnden&quot;","block_context":{"text":"Graub\u00fcnden","link":"https:\/\/idnu.ch\/wordpress\/category\/kanton\/graubuenden\/"},"img":{"alt_text":"Verschnaufen nach dem Singletrail","src":"https:\/\/i0.wp.com\/idnu.ch\/wordpress\/wp-content\/uploads\/2015\/10\/05_uaul_grond_0001.jpg?fit=1200%2C900&ssl=1&resize=350%2C200","width":350,"height":200,"srcset":"https:\/\/i0.wp.com\/idnu.ch\/wordpress\/wp-content\/uploads\/2015\/10\/05_uaul_grond_0001.jpg?fit=1200%2C900&ssl=1&resize=350%2C200 1x, https:\/\/i0.wp.com\/idnu.ch\/wordpress\/wp-content\/uploads\/2015\/10\/05_uaul_grond_0001.jpg?fit=1200%2C900&ssl=1&resize=525%2C300 1.5x, https:\/\/i0.wp.com\/idnu.ch\/wordpress\/wp-content\/uploads\/2015\/10\/05_uaul_grond_0001.jpg?fit=1200%2C900&ssl=1&resize=700%2C400 2x, https:\/\/i0.wp.com\/idnu.ch\/wordpress\/wp-content\/uploads\/2015\/10\/05_uaul_grond_0001.jpg?fit=1200%2C900&ssl=1&resize=1050%2C600 3x"},"classes":[]},{"id":93,"url":"https:\/\/idnu.ch\/wordpress\/biken-am-vierwaldstaettersee\/","url_meta":{"origin":7613,"position":5},"title":"Biken am Vierwaldst\u00e4ttersee","author":"Urs Kyburz","date":"12. Juli 2015","format":false,"excerpt":"Emmetten stand schon l\u00e4nger auf meinem Bike-Radar, versprach der Ort am Vierwaldst\u00e4ttersee doch alles, was man sich w\u00fcnscht: Einen Bikepark zum \u00dcben, familientaugliche Bikestrecken und eine \u00fcberw\u00e4ltigende Szenerie mit den ber\u00fchmten Innerschweizern Pilatus, Rigi und Mythen. Bei bloss 50 Minuten Anfahrt h\u00e4tten wir eigentlich schon viel fr\u00fcher dort hin sollen.\u2026","rel":"","context":"In &quot;Luzern - Vierwaldst\u00e4ttersee&quot;","block_context":{"text":"Luzern - Vierwaldst\u00e4ttersee","link":"https:\/\/idnu.ch\/wordpress\/category\/tourismusregionen\/luzern-vierwaldstaettersee\/"},"img":{"alt_text":"Hoch \u00fcber dem Vierwaldst\u00e4ttersee","src":"https:\/\/i0.wp.com\/idnu.ch\/wordpress\/wp-content\/uploads\/2015\/07\/emmetten_0023.jpg?fit=1024%2C683&ssl=1&resize=350%2C200","width":350,"height":200,"srcset":"https:\/\/i0.wp.com\/idnu.ch\/wordpress\/wp-content\/uploads\/2015\/07\/emmetten_0023.jpg?fit=1024%2C683&ssl=1&resize=350%2C200 1x, https:\/\/i0.wp.com\/idnu.ch\/wordpress\/wp-content\/uploads\/2015\/07\/emmetten_0023.jpg?fit=1024%2C683&ssl=1&resize=525%2C300 1.5x, https:\/\/i0.wp.com\/idnu.ch\/wordpress\/wp-content\/uploads\/2015\/07\/emmetten_0023.jpg?fit=1024%2C683&ssl=1&resize=700%2C400 2x"},"classes":[]}],"jetpack_likes_enabled":true,"_links":{"self":[{"href":"https:\/\/idnu.ch\/wordpress\/wp-json\/wp\/v2\/posts\/7613","targetHints":{"allow":["GET"]}}],"collection":[{"href":"https:\/\/idnu.ch\/wordpress\/wp-json\/wp\/v2\/posts"}],"about":[{"href":"https:\/\/idnu.ch\/wordpress\/wp-json\/wp\/v2\/types\/post"}],"author":[{"embeddable":true,"href":"https:\/\/idnu.ch\/wordpress\/wp-json\/wp\/v2\/users\/2"}],"replies":[{"embeddable":true,"href":"https:\/\/idnu.ch\/wordpress\/wp-json\/wp\/v2\/comments?post=7613"}],"version-history":[{"count":13,"href":"https:\/\/idnu.ch\/wordpress\/wp-json\/wp\/v2\/posts\/7613\/revisions"}],"predecessor-version":[{"id":25115,"href":"https:\/\/idnu.ch\/wordpress\/wp-json\/wp\/v2\/posts\/7613\/revisions\/25115"}],"wp:featuredmedia":[{"embeddable":true,"href":"https:\/\/idnu.ch\/wordpress\/wp-json\/wp\/v2\/media\/7620"}],"wp:attachment":[{"href":"https:\/\/idnu.ch\/wordpress\/wp-json\/wp\/v2\/media?parent=7613"}],"wp:term":[{"taxonomy":"category","embeddable":true,"href":"https:\/\/idnu.ch\/wordpress\/wp-json\/wp\/v2\/categories?post=7613"},{"taxonomy":"post_tag","embeddable":true,"href":"https:\/\/idnu.ch\/wordpress\/wp-json\/wp\/v2\/tags?post=7613"}],"curies":[{"name":"wp","href":"https:\/\/api.w.org\/{rel}","templated":true}]}}