{"id":79,"date":"2015-09-13T11:10:00","date_gmt":"2015-09-13T09:10:00","guid":{"rendered":""},"modified":"2023-11-21T10:50:38","modified_gmt":"2023-11-21T09:50:38","slug":"moorlandschaft-fuer-kinder-und-erwachsene","status":"publish","type":"post","link":"https:\/\/idnu.ch\/wordpress\/moorlandschaft-fuer-kinder-und-erwachsene\/","title":{"rendered":"Moorlandschaft f\u00fcr Kinder und Erwachsene"},"content":{"rendered":"<p><b>Moore. Mein aktuelles Thema. Deshalb haben wir uns f\u00fcr eine Exkursion der Biosph\u00e4re Entlebuch angemeldet, um mehr \u00fcber diesen spannenden Lebensraum zu erfahren. Gekommen ist es dann leider ganz anders, interessant war es trotzdem in der Moorlandschaft f\u00fcr Kinder und Erwachsene.<\/b><\/p>\n<figure id=\"attachment_264\" aria-describedby=\"caption-attachment-264\" style=\"width: 1024px\" class=\"wp-caption aligncenter\"><a href=\"https:\/\/i0.wp.com\/idnu.ch\/wordpress\/wp-content\/uploads\/2015\/09\/rossweid_0014.jpg?ssl=1\"><img data-recalc-dims=\"1\" loading=\"lazy\" decoding=\"async\" data-attachment-id=\"264\" data-permalink=\"https:\/\/idnu.ch\/wordpress\/moorlandschaft-fuer-kinder-und-erwachsene\/rossweid_0014\/#main\" data-orig-file=\"https:\/\/i0.wp.com\/idnu.ch\/wordpress\/wp-content\/uploads\/2015\/09\/rossweid_0014.jpg?fit=1024%2C683&amp;ssl=1\" data-orig-size=\"1024,683\" data-comments-opened=\"1\" data-image-meta=\"{&quot;aperture&quot;:&quot;0&quot;,&quot;credit&quot;:&quot;&quot;,&quot;camera&quot;:&quot;&quot;,&quot;caption&quot;:&quot;&quot;,&quot;created_timestamp&quot;:&quot;0&quot;,&quot;copyright&quot;:&quot;&quot;,&quot;focal_length&quot;:&quot;0&quot;,&quot;iso&quot;:&quot;0&quot;,&quot;shutter_speed&quot;:&quot;0&quot;,&quot;title&quot;:&quot;&quot;,&quot;orientation&quot;:&quot;0&quot;}\" data-image-title=\"Moorlandschaft im S\u00f6renberg\" data-image-description=\"\" data-image-caption=\"&lt;p&gt;Moorlandschaft im S\u00f6renberg&lt;\/p&gt;\n\" data-large-file=\"https:\/\/i0.wp.com\/idnu.ch\/wordpress\/wp-content\/uploads\/2015\/09\/rossweid_0014.jpg?fit=750%2C500&amp;ssl=1\" class=\"size-full wp-image-264\" src=\"https:\/\/i0.wp.com\/idnu.ch\/wordpress\/wp-content\/uploads\/2015\/09\/rossweid_0014.jpg?resize=750%2C500&#038;ssl=1\" alt=\"Moorlandschaft im S\u00f6renberg\" width=\"750\" height=\"500\" srcset=\"https:\/\/i0.wp.com\/idnu.ch\/wordpress\/wp-content\/uploads\/2015\/09\/rossweid_0014.jpg?w=1024&amp;ssl=1 1024w, https:\/\/i0.wp.com\/idnu.ch\/wordpress\/wp-content\/uploads\/2015\/09\/rossweid_0014.jpg?resize=300%2C200&amp;ssl=1 300w, https:\/\/i0.wp.com\/idnu.ch\/wordpress\/wp-content\/uploads\/2015\/09\/rossweid_0014.jpg?resize=150%2C100&amp;ssl=1 150w\" sizes=\"auto, (max-width: 750px) 100vw, 750px\" \/><\/a><figcaption id=\"caption-attachment-264\" class=\"wp-caption-text\">Moorlandschaft im S\u00f6renberg<\/figcaption><\/figure>\n<h2>Versetzt<\/h2>\n<p>Es war der letzte heisse Sonntag in diesem Jahr. Der Start der Exkursion war relativ sp\u00e4t, erst um Viertel nach zehn. Aber am Besammlungsort in S\u00f6renberg war niemand, ausser einer anderen Frau, die sich ebenfalls angemeldet hatte. Ich fragte am Schalter bei der Bergbahn nach, ob sie was w\u00fcssten. Die Frau dort unternahm wirklich alles m\u00f6gliche, um etwas in Erfahrung zu bringen, vergeblich (an dieser Stelle nochmals ein herzliches Dankesch\u00f6n f\u00fcr den Einsatz). Nach einer halben Stunde fanden wir uns damit ab: Die Exkursion findet wohl nicht statt.<\/p>\n<h2>Wir fahren ins Mooraculum<\/h2>\n<p>Was machen? Ich las etwas von einem &#8222;<a href=\"https:\/\/www.soerenberg.ch\/de\/sommer\/entdecken-erleben\/erlebnispark-mooraculum\/\" target=\"_blank\" rel=\"noopener\">Mooraculum<\/a>&#8222;. Das w\u00fcrde doch zum Thema passen. Wir l\u00f6sten also die Billette und fuhren in der Gondelbahn zur Rossweid hoch. Dies scheint kein Geheimtipp zu sein, unz\u00e4hlige Familien bev\u00f6lkerten die Umgebung der Bergstation. Geradeaus erblickten wir das Tor zum Mooraculum.<\/p>\n<p><a href=\"https:\/\/i0.wp.com\/idnu.ch\/wordpress\/wp-content\/uploads\/2015\/09\/rossweid_0001.jpg?ssl=1\"><img data-recalc-dims=\"1\" loading=\"lazy\" decoding=\"async\" data-attachment-id=\"265\" data-permalink=\"https:\/\/idnu.ch\/wordpress\/moorlandschaft-fuer-kinder-und-erwachsene\/rossweid_0001\/#main\" data-orig-file=\"https:\/\/i0.wp.com\/idnu.ch\/wordpress\/wp-content\/uploads\/2015\/09\/rossweid_0001.jpg?fit=1024%2C683&amp;ssl=1\" data-orig-size=\"1024,683\" data-comments-opened=\"1\" data-image-meta=\"{&quot;aperture&quot;:&quot;0&quot;,&quot;credit&quot;:&quot;&quot;,&quot;camera&quot;:&quot;&quot;,&quot;caption&quot;:&quot;&quot;,&quot;created_timestamp&quot;:&quot;0&quot;,&quot;copyright&quot;:&quot;&quot;,&quot;focal_length&quot;:&quot;0&quot;,&quot;iso&quot;:&quot;0&quot;,&quot;shutter_speed&quot;:&quot;0&quot;,&quot;title&quot;:&quot;&quot;,&quot;orientation&quot;:&quot;0&quot;}\" data-image-title=\"rossweid_0001\" data-image-description=\"\" data-image-caption=\"\" data-large-file=\"https:\/\/i0.wp.com\/idnu.ch\/wordpress\/wp-content\/uploads\/2015\/09\/rossweid_0001.jpg?fit=750%2C500&amp;ssl=1\" class=\"aligncenter size-full wp-image-265\" src=\"https:\/\/i0.wp.com\/idnu.ch\/wordpress\/wp-content\/uploads\/2015\/09\/rossweid_0001.jpg?resize=750%2C500&#038;ssl=1\" alt=\"rossweid_0001\" width=\"750\" height=\"500\" srcset=\"https:\/\/i0.wp.com\/idnu.ch\/wordpress\/wp-content\/uploads\/2015\/09\/rossweid_0001.jpg?w=1024&amp;ssl=1 1024w, https:\/\/i0.wp.com\/idnu.ch\/wordpress\/wp-content\/uploads\/2015\/09\/rossweid_0001.jpg?resize=300%2C200&amp;ssl=1 300w, https:\/\/i0.wp.com\/idnu.ch\/wordpress\/wp-content\/uploads\/2015\/09\/rossweid_0001.jpg?resize=150%2C100&amp;ssl=1 150w\" sizes=\"auto, (max-width: 750px) 100vw, 750px\" \/><\/a><\/p>\n<p>Bei diesem Mooraculum handelt es sich um einen Lern- und Spielpfad f\u00fcr Kinder. An verschiedenen Stationen erfahren sie etwas \u00fcber das Moor und dessen Bewohner. Ein kleiner Wettbewerb steigert noch die Attraktivit\u00e4t. Es gilt, ein R\u00e4tsel zu l\u00f6sen. Aber nicht nur der Kopf wird gefordert, sondern auch die motorischen F\u00e4higkeiten. Verschiedene Spielger\u00e4te laden die Kinder zum Schaukeln, Balancieren, Klettern und Springen ein. Der Moorwasserpark, wo die Kinder planschen und spritzen k\u00f6nnen, sorgt bei so heissen Temperaturen f\u00fcr Abk\u00fchlung.<\/p>\n<div class=\"tiled-gallery type-rectangular tiled-gallery-unresized\" data-original-width=\"750\" data-carousel-extra='{&quot;blog_id&quot;:1,&quot;permalink&quot;:&quot;https:\\\/\\\/idnu.ch\\\/wordpress\\\/moorlandschaft-fuer-kinder-und-erwachsene\\\/&quot;,&quot;likes_blog_id&quot;:100184974}' itemscope itemtype=\"http:\/\/schema.org\/ImageGallery\" > <div class=\"gallery-row\" style=\"width: 750px; height: 335px;\" data-original-width=\"750\" data-original-height=\"335\" > <div class=\"gallery-group images-1\" style=\"width: 501px; height: 335px;\" data-original-width=\"501\" data-original-height=\"335\" > <div class=\"tiled-gallery-item tiled-gallery-item-large\" itemprop=\"associatedMedia\" itemscope itemtype=\"http:\/\/schema.org\/ImageObject\"> <a href=\"https:\/\/idnu.ch\/wordpress\/moorlandschaft-fuer-kinder-und-erwachsene\/rossweid_0002\/#main\" border=\"0\" itemprop=\"url\"> <meta itemprop=\"width\" content=\"497\"> <meta itemprop=\"height\" content=\"331\"> <img decoding=\"async\" class=\"\" data-attachment-id=\"266\" data-orig-file=\"https:\/\/idnu.ch\/wordpress\/wp-content\/uploads\/2015\/09\/rossweid_0002.jpg\" data-orig-size=\"1024,683\" data-comments-opened=\"1\" data-image-meta=\"{&quot;aperture&quot;:&quot;0&quot;,&quot;credit&quot;:&quot;&quot;,&quot;camera&quot;:&quot;&quot;,&quot;caption&quot;:&quot;&quot;,&quot;created_timestamp&quot;:&quot;0&quot;,&quot;copyright&quot;:&quot;&quot;,&quot;focal_length&quot;:&quot;0&quot;,&quot;iso&quot;:&quot;0&quot;,&quot;shutter_speed&quot;:&quot;0&quot;,&quot;title&quot;:&quot;&quot;,&quot;orientation&quot;:&quot;0&quot;}\" data-image-title=\"rossweid_0002\" data-image-description=\"\" data-medium-file=\"https:\/\/i0.wp.com\/idnu.ch\/wordpress\/wp-content\/uploads\/2015\/09\/rossweid_0002.jpg?fit=300%2C200&#038;ssl=1\" data-large-file=\"https:\/\/i0.wp.com\/idnu.ch\/wordpress\/wp-content\/uploads\/2015\/09\/rossweid_0002.jpg?fit=750%2C500&#038;ssl=1\" src=\"https:\/\/i0.wp.com\/idnu.ch\/wordpress\/wp-content\/uploads\/2015\/09\/rossweid_0002.jpg?w=497&#038;h=331&#038;ssl=1\" srcset=\"https:\/\/i0.wp.com\/idnu.ch\/wordpress\/wp-content\/uploads\/2015\/09\/rossweid_0002.jpg?w=1024&amp;ssl=1 1024w, https:\/\/i0.wp.com\/idnu.ch\/wordpress\/wp-content\/uploads\/2015\/09\/rossweid_0002.jpg?resize=300%2C200&amp;ssl=1 300w, https:\/\/i0.wp.com\/idnu.ch\/wordpress\/wp-content\/uploads\/2015\/09\/rossweid_0002.jpg?resize=150%2C100&amp;ssl=1 150w\" width=\"497\" height=\"331\" loading=\"lazy\" data-original-width=\"497\" data-original-height=\"331\" itemprop=\"http:\/\/schema.org\/image\" title=\"rossweid_0002\" alt=\"rossweid_0002\" style=\"width: 497px; height: 331px;\" \/> <\/a> <\/div> <\/div> <!-- close group --> <div class=\"gallery-group images-2\" style=\"width: 249px; height: 335px;\" data-original-width=\"249\" data-original-height=\"335\" > <div class=\"tiled-gallery-item tiled-gallery-item-small\" itemprop=\"associatedMedia\" itemscope itemtype=\"http:\/\/schema.org\/ImageObject\"> <a href=\"https:\/\/idnu.ch\/wordpress\/moorlandschaft-fuer-kinder-und-erwachsene\/rossweid_0003\/#main\" border=\"0\" itemprop=\"url\"> <meta itemprop=\"width\" content=\"245\"> <meta itemprop=\"height\" content=\"164\"> <img decoding=\"async\" class=\"\" data-attachment-id=\"267\" data-orig-file=\"https:\/\/idnu.ch\/wordpress\/wp-content\/uploads\/2015\/09\/rossweid_0003.jpg\" data-orig-size=\"1024,683\" data-comments-opened=\"1\" data-image-meta=\"{&quot;aperture&quot;:&quot;0&quot;,&quot;credit&quot;:&quot;&quot;,&quot;camera&quot;:&quot;&quot;,&quot;caption&quot;:&quot;&quot;,&quot;created_timestamp&quot;:&quot;0&quot;,&quot;copyright&quot;:&quot;&quot;,&quot;focal_length&quot;:&quot;0&quot;,&quot;iso&quot;:&quot;0&quot;,&quot;shutter_speed&quot;:&quot;0&quot;,&quot;title&quot;:&quot;&quot;,&quot;orientation&quot;:&quot;0&quot;}\" data-image-title=\"rossweid_0003\" data-image-description=\"\" data-medium-file=\"https:\/\/i0.wp.com\/idnu.ch\/wordpress\/wp-content\/uploads\/2015\/09\/rossweid_0003.jpg?fit=300%2C200&#038;ssl=1\" data-large-file=\"https:\/\/i0.wp.com\/idnu.ch\/wordpress\/wp-content\/uploads\/2015\/09\/rossweid_0003.jpg?fit=750%2C500&#038;ssl=1\" src=\"https:\/\/i0.wp.com\/idnu.ch\/wordpress\/wp-content\/uploads\/2015\/09\/rossweid_0003.jpg?w=245&#038;h=164&#038;ssl=1\" srcset=\"https:\/\/i0.wp.com\/idnu.ch\/wordpress\/wp-content\/uploads\/2015\/09\/rossweid_0003.jpg?w=1024&amp;ssl=1 1024w, https:\/\/i0.wp.com\/idnu.ch\/wordpress\/wp-content\/uploads\/2015\/09\/rossweid_0003.jpg?resize=300%2C200&amp;ssl=1 300w, https:\/\/i0.wp.com\/idnu.ch\/wordpress\/wp-content\/uploads\/2015\/09\/rossweid_0003.jpg?resize=150%2C100&amp;ssl=1 150w\" width=\"245\" height=\"164\" loading=\"lazy\" data-original-width=\"245\" data-original-height=\"164\" itemprop=\"http:\/\/schema.org\/image\" title=\"rossweid_0003\" alt=\"rossweid_0003\" style=\"width: 245px; height: 164px;\" \/> <\/a> <\/div> <div class=\"tiled-gallery-item tiled-gallery-item-small\" itemprop=\"associatedMedia\" itemscope itemtype=\"http:\/\/schema.org\/ImageObject\"> <a href=\"https:\/\/idnu.ch\/wordpress\/moorlandschaft-fuer-kinder-und-erwachsene\/rossweid_0005\/#main\" border=\"0\" itemprop=\"url\"> <meta itemprop=\"width\" content=\"245\"> <meta itemprop=\"height\" content=\"163\"> <img decoding=\"async\" class=\"\" data-attachment-id=\"268\" data-orig-file=\"https:\/\/idnu.ch\/wordpress\/wp-content\/uploads\/2015\/09\/rossweid_0005.jpg\" data-orig-size=\"1024,683\" data-comments-opened=\"1\" data-image-meta=\"{&quot;aperture&quot;:&quot;0&quot;,&quot;credit&quot;:&quot;&quot;,&quot;camera&quot;:&quot;&quot;,&quot;caption&quot;:&quot;&quot;,&quot;created_timestamp&quot;:&quot;0&quot;,&quot;copyright&quot;:&quot;&quot;,&quot;focal_length&quot;:&quot;0&quot;,&quot;iso&quot;:&quot;0&quot;,&quot;shutter_speed&quot;:&quot;0&quot;,&quot;title&quot;:&quot;&quot;,&quot;orientation&quot;:&quot;0&quot;}\" data-image-title=\"rossweid_0005\" data-image-description=\"\" data-medium-file=\"https:\/\/i0.wp.com\/idnu.ch\/wordpress\/wp-content\/uploads\/2015\/09\/rossweid_0005.jpg?fit=300%2C200&#038;ssl=1\" data-large-file=\"https:\/\/i0.wp.com\/idnu.ch\/wordpress\/wp-content\/uploads\/2015\/09\/rossweid_0005.jpg?fit=750%2C500&#038;ssl=1\" src=\"https:\/\/i0.wp.com\/idnu.ch\/wordpress\/wp-content\/uploads\/2015\/09\/rossweid_0005.jpg?w=245&#038;h=163&#038;ssl=1\" srcset=\"https:\/\/i0.wp.com\/idnu.ch\/wordpress\/wp-content\/uploads\/2015\/09\/rossweid_0005.jpg?w=1024&amp;ssl=1 1024w, https:\/\/i0.wp.com\/idnu.ch\/wordpress\/wp-content\/uploads\/2015\/09\/rossweid_0005.jpg?resize=300%2C200&amp;ssl=1 300w, https:\/\/i0.wp.com\/idnu.ch\/wordpress\/wp-content\/uploads\/2015\/09\/rossweid_0005.jpg?resize=150%2C100&amp;ssl=1 150w\" width=\"245\" height=\"163\" loading=\"lazy\" data-original-width=\"245\" data-original-height=\"163\" itemprop=\"http:\/\/schema.org\/image\" title=\"rossweid_0005\" alt=\"rossweid_0005\" style=\"width: 245px; height: 163px;\" \/> <\/a> <\/div> <\/div> <!-- close group --> <\/div> <!-- close row --> <div class=\"gallery-row\" style=\"width: 750px; height: 502px;\" data-original-width=\"750\" data-original-height=\"502\" > <div class=\"gallery-group images-1\" style=\"width: 750px; height: 502px;\" data-original-width=\"750\" data-original-height=\"502\" > <div class=\"tiled-gallery-item tiled-gallery-item-large\" itemprop=\"associatedMedia\" itemscope itemtype=\"http:\/\/schema.org\/ImageObject\"> <a href=\"https:\/\/idnu.ch\/wordpress\/moorlandschaft-fuer-kinder-und-erwachsene\/rossweid_0009\/#main\" border=\"0\" itemprop=\"url\"> <meta itemprop=\"width\" content=\"746\"> <meta itemprop=\"height\" content=\"498\"> <img decoding=\"async\" class=\"\" data-attachment-id=\"269\" data-orig-file=\"https:\/\/idnu.ch\/wordpress\/wp-content\/uploads\/2015\/09\/rossweid_0009.jpg\" data-orig-size=\"1024,683\" data-comments-opened=\"1\" data-image-meta=\"{&quot;aperture&quot;:&quot;0&quot;,&quot;credit&quot;:&quot;&quot;,&quot;camera&quot;:&quot;&quot;,&quot;caption&quot;:&quot;&quot;,&quot;created_timestamp&quot;:&quot;0&quot;,&quot;copyright&quot;:&quot;&quot;,&quot;focal_length&quot;:&quot;0&quot;,&quot;iso&quot;:&quot;0&quot;,&quot;shutter_speed&quot;:&quot;0&quot;,&quot;title&quot;:&quot;&quot;,&quot;orientation&quot;:&quot;0&quot;}\" data-image-title=\"rossweid_0009\" data-image-description=\"\" data-medium-file=\"https:\/\/i0.wp.com\/idnu.ch\/wordpress\/wp-content\/uploads\/2015\/09\/rossweid_0009.jpg?fit=300%2C200&#038;ssl=1\" data-large-file=\"https:\/\/i0.wp.com\/idnu.ch\/wordpress\/wp-content\/uploads\/2015\/09\/rossweid_0009.jpg?fit=750%2C500&#038;ssl=1\" src=\"https:\/\/i0.wp.com\/idnu.ch\/wordpress\/wp-content\/uploads\/2015\/09\/rossweid_0009.jpg?w=746&#038;h=498&#038;ssl=1\" srcset=\"https:\/\/i0.wp.com\/idnu.ch\/wordpress\/wp-content\/uploads\/2015\/09\/rossweid_0009.jpg?w=1024&amp;ssl=1 1024w, https:\/\/i0.wp.com\/idnu.ch\/wordpress\/wp-content\/uploads\/2015\/09\/rossweid_0009.jpg?resize=300%2C200&amp;ssl=1 300w, https:\/\/i0.wp.com\/idnu.ch\/wordpress\/wp-content\/uploads\/2015\/09\/rossweid_0009.jpg?resize=150%2C100&amp;ssl=1 150w\" width=\"746\" height=\"498\" loading=\"lazy\" data-original-width=\"746\" data-original-height=\"498\" itemprop=\"http:\/\/schema.org\/image\" title=\"rossweid_0009\" alt=\"rossweid_0009\" style=\"width: 746px; height: 498px;\" \/> <\/a> <\/div> <\/div> <!-- close group --> <\/div> <!-- close row --> <\/div>\n<h2>Der Sonnentauweg f\u00fcr Wissbegierige<\/h2>\n<p>F\u00fcr die \u00e4lteren Kinder und die Erwachsenen folgt die Fortsetzung auf dem <a href=\"https:\/\/www.soerenberg.ch\/de\/sommer\/sport\/wandern\/sonnentauweg\/\" target=\"_blank\" rel=\"noopener\">Sonnentauweg<\/a>, der kinderwagentauglich ist. 17 Erlebnisstationen vermitteln auf interessante Art und Weise Wissenswertes \u00fcber die Moore. Es werden haupts\u00e4chlich zwei Typen unterschieden: Die Flach- und die Hochmoore. W\u00e4hrend Flachmoore laufend von Hang-, Grund- oder Quellwasser gespiesen werden, kriegen die Hochmoore ihre Feuchtigkeit nur durch n\u00e4hrstoffarmes Regenwasser. Entsprechend spezialisiert ist die Artengemeinschaft. Und woher kommt nun der Name des Weges? Der Sonnentau ist eine jener spezialisierten Pflanzen. Er holt sich zus\u00e4tzliche N\u00e4hrstoffe, indem er Insekten mittels Tropfen anlockt, die wie Tau aussehen, aber klebrig sind. Die Insekten bleiben daran haften und werden langsam verdaut.<\/p>\n<div class=\"tiled-gallery type-rectangular tiled-gallery-unresized\" data-original-width=\"750\" data-carousel-extra='{&quot;blog_id&quot;:1,&quot;permalink&quot;:&quot;https:\\\/\\\/idnu.ch\\\/wordpress\\\/moorlandschaft-fuer-kinder-und-erwachsene\\\/&quot;,&quot;likes_blog_id&quot;:100184974}' itemscope itemtype=\"http:\/\/schema.org\/ImageGallery\" > <div class=\"gallery-row\" style=\"width: 750px; height: 335px;\" data-original-width=\"750\" data-original-height=\"335\" > <div class=\"gallery-group images-1\" style=\"width: 501px; height: 335px;\" data-original-width=\"501\" data-original-height=\"335\" > <div class=\"tiled-gallery-item tiled-gallery-item-large\" itemprop=\"associatedMedia\" itemscope itemtype=\"http:\/\/schema.org\/ImageObject\"> <a href=\"https:\/\/idnu.ch\/wordpress\/moorlandschaft-fuer-kinder-und-erwachsene\/rossweid_0010\/#main\" border=\"0\" itemprop=\"url\"> <meta itemprop=\"width\" content=\"497\"> <meta itemprop=\"height\" content=\"331\"> <img decoding=\"async\" class=\"\" data-attachment-id=\"270\" data-orig-file=\"https:\/\/idnu.ch\/wordpress\/wp-content\/uploads\/2015\/09\/rossweid_0010.jpg\" data-orig-size=\"1024,683\" data-comments-opened=\"1\" data-image-meta=\"{&quot;aperture&quot;:&quot;0&quot;,&quot;credit&quot;:&quot;&quot;,&quot;camera&quot;:&quot;&quot;,&quot;caption&quot;:&quot;&quot;,&quot;created_timestamp&quot;:&quot;0&quot;,&quot;copyright&quot;:&quot;&quot;,&quot;focal_length&quot;:&quot;0&quot;,&quot;iso&quot;:&quot;0&quot;,&quot;shutter_speed&quot;:&quot;0&quot;,&quot;title&quot;:&quot;&quot;,&quot;orientation&quot;:&quot;0&quot;}\" data-image-title=\"Start zum Sonnentauweg\" data-image-description=\"\" data-medium-file=\"https:\/\/i0.wp.com\/idnu.ch\/wordpress\/wp-content\/uploads\/2015\/09\/rossweid_0010.jpg?fit=300%2C200&#038;ssl=1\" data-large-file=\"https:\/\/i0.wp.com\/idnu.ch\/wordpress\/wp-content\/uploads\/2015\/09\/rossweid_0010.jpg?fit=750%2C500&#038;ssl=1\" src=\"https:\/\/i0.wp.com\/idnu.ch\/wordpress\/wp-content\/uploads\/2015\/09\/rossweid_0010.jpg?w=497&#038;h=331&#038;ssl=1\" srcset=\"https:\/\/i0.wp.com\/idnu.ch\/wordpress\/wp-content\/uploads\/2015\/09\/rossweid_0010.jpg?w=1024&amp;ssl=1 1024w, https:\/\/i0.wp.com\/idnu.ch\/wordpress\/wp-content\/uploads\/2015\/09\/rossweid_0010.jpg?resize=300%2C200&amp;ssl=1 300w, https:\/\/i0.wp.com\/idnu.ch\/wordpress\/wp-content\/uploads\/2015\/09\/rossweid_0010.jpg?resize=150%2C100&amp;ssl=1 150w\" width=\"497\" height=\"331\" loading=\"lazy\" data-original-width=\"497\" data-original-height=\"331\" itemprop=\"http:\/\/schema.org\/image\" title=\"Start zum Sonnentauweg\" alt=\"Start zum Sonnentauweg\" style=\"width: 497px; height: 331px;\" \/> <\/a> <div class=\"tiled-gallery-caption\" itemprop=\"caption description\"> Start zum Sonnentauweg <\/div> <\/div> <\/div> <!-- close group --> <div class=\"gallery-group images-2\" style=\"width: 249px; height: 335px;\" data-original-width=\"249\" data-original-height=\"335\" > <div class=\"tiled-gallery-item tiled-gallery-item-small\" itemprop=\"associatedMedia\" itemscope itemtype=\"http:\/\/schema.org\/ImageObject\"> <a href=\"https:\/\/idnu.ch\/wordpress\/moorlandschaft-fuer-kinder-und-erwachsene\/rossweid_0013\/#main\" border=\"0\" itemprop=\"url\"> <meta itemprop=\"width\" content=\"245\"> <meta itemprop=\"height\" content=\"164\"> <img decoding=\"async\" class=\"\" data-attachment-id=\"271\" data-orig-file=\"https:\/\/idnu.ch\/wordpress\/wp-content\/uploads\/2015\/09\/rossweid_0013.jpg\" data-orig-size=\"1024,683\" data-comments-opened=\"1\" data-image-meta=\"{&quot;aperture&quot;:&quot;0&quot;,&quot;credit&quot;:&quot;&quot;,&quot;camera&quot;:&quot;&quot;,&quot;caption&quot;:&quot;&quot;,&quot;created_timestamp&quot;:&quot;0&quot;,&quot;copyright&quot;:&quot;&quot;,&quot;focal_length&quot;:&quot;0&quot;,&quot;iso&quot;:&quot;0&quot;,&quot;shutter_speed&quot;:&quot;0&quot;,&quot;title&quot;:&quot;&quot;,&quot;orientation&quot;:&quot;0&quot;}\" data-image-title=\"Informationstafel\" data-image-description=\"\" data-medium-file=\"https:\/\/i0.wp.com\/idnu.ch\/wordpress\/wp-content\/uploads\/2015\/09\/rossweid_0013.jpg?fit=300%2C200&#038;ssl=1\" data-large-file=\"https:\/\/i0.wp.com\/idnu.ch\/wordpress\/wp-content\/uploads\/2015\/09\/rossweid_0013.jpg?fit=750%2C500&#038;ssl=1\" src=\"https:\/\/i0.wp.com\/idnu.ch\/wordpress\/wp-content\/uploads\/2015\/09\/rossweid_0013.jpg?w=245&#038;h=164&#038;ssl=1\" srcset=\"https:\/\/i0.wp.com\/idnu.ch\/wordpress\/wp-content\/uploads\/2015\/09\/rossweid_0013.jpg?w=1024&amp;ssl=1 1024w, https:\/\/i0.wp.com\/idnu.ch\/wordpress\/wp-content\/uploads\/2015\/09\/rossweid_0013.jpg?resize=300%2C200&amp;ssl=1 300w, https:\/\/i0.wp.com\/idnu.ch\/wordpress\/wp-content\/uploads\/2015\/09\/rossweid_0013.jpg?resize=150%2C100&amp;ssl=1 150w\" width=\"245\" height=\"164\" loading=\"lazy\" data-original-width=\"245\" data-original-height=\"164\" itemprop=\"http:\/\/schema.org\/image\" title=\"Informationstafel\" alt=\"Informationstafel\" style=\"width: 245px; height: 164px;\" \/> <\/a> <div class=\"tiled-gallery-caption\" itemprop=\"caption description\"> Informationstafel <\/div> <\/div> <div class=\"tiled-gallery-item tiled-gallery-item-small\" itemprop=\"associatedMedia\" itemscope itemtype=\"http:\/\/schema.org\/ImageObject\"> <a href=\"https:\/\/idnu.ch\/wordpress\/moorlandschaft-fuer-kinder-und-erwachsene\/rossweid_0015\/#main\" border=\"0\" itemprop=\"url\"> <meta itemprop=\"width\" content=\"245\"> <meta itemprop=\"height\" content=\"163\"> <img decoding=\"async\" class=\"\" data-attachment-id=\"272\" data-orig-file=\"https:\/\/idnu.ch\/wordpress\/wp-content\/uploads\/2015\/09\/rossweid_0015.jpg\" data-orig-size=\"1024,683\" data-comments-opened=\"1\" data-image-meta=\"{&quot;aperture&quot;:&quot;0&quot;,&quot;credit&quot;:&quot;&quot;,&quot;camera&quot;:&quot;&quot;,&quot;caption&quot;:&quot;&quot;,&quot;created_timestamp&quot;:&quot;0&quot;,&quot;copyright&quot;:&quot;&quot;,&quot;focal_length&quot;:&quot;0&quot;,&quot;iso&quot;:&quot;0&quot;,&quot;shutter_speed&quot;:&quot;0&quot;,&quot;title&quot;:&quot;&quot;,&quot;orientation&quot;:&quot;0&quot;}\" data-image-title=\"Was f\u00fchlst du? Augen schliessen und raten\" data-image-description=\"\" data-medium-file=\"https:\/\/i0.wp.com\/idnu.ch\/wordpress\/wp-content\/uploads\/2015\/09\/rossweid_0015.jpg?fit=300%2C200&#038;ssl=1\" data-large-file=\"https:\/\/i0.wp.com\/idnu.ch\/wordpress\/wp-content\/uploads\/2015\/09\/rossweid_0015.jpg?fit=750%2C500&#038;ssl=1\" src=\"https:\/\/i0.wp.com\/idnu.ch\/wordpress\/wp-content\/uploads\/2015\/09\/rossweid_0015.jpg?w=245&#038;h=163&#038;ssl=1\" srcset=\"https:\/\/i0.wp.com\/idnu.ch\/wordpress\/wp-content\/uploads\/2015\/09\/rossweid_0015.jpg?w=1024&amp;ssl=1 1024w, https:\/\/i0.wp.com\/idnu.ch\/wordpress\/wp-content\/uploads\/2015\/09\/rossweid_0015.jpg?resize=300%2C200&amp;ssl=1 300w, https:\/\/i0.wp.com\/idnu.ch\/wordpress\/wp-content\/uploads\/2015\/09\/rossweid_0015.jpg?resize=150%2C100&amp;ssl=1 150w\" width=\"245\" height=\"163\" loading=\"lazy\" data-original-width=\"245\" data-original-height=\"163\" itemprop=\"http:\/\/schema.org\/image\" title=\"Was f\u00fchlst du? Augen schliessen und raten\" alt=\"Was f\u00fchlst du? Augen schliessen und raten\" style=\"width: 245px; height: 163px;\" \/> <\/a> <div class=\"tiled-gallery-caption\" itemprop=\"caption description\"> Was f\u00fchlst du? Augen schliessen und raten <\/div> <\/div> <\/div> <!-- close group --> <\/div> <!-- close row --> <div class=\"gallery-row\" style=\"width: 750px; height: 644px;\" data-original-width=\"750\" data-original-height=\"644\" > <div class=\"gallery-group images-3\" style=\"width: 320px; height: 644px;\" data-original-width=\"320\" data-original-height=\"644\" > <div class=\"tiled-gallery-item tiled-gallery-item-large\" itemprop=\"associatedMedia\" itemscope itemtype=\"http:\/\/schema.org\/ImageObject\"> <a href=\"https:\/\/idnu.ch\/wordpress\/moorlandschaft-fuer-kinder-und-erwachsene\/rossweid_0022\/#main\" border=\"0\" itemprop=\"url\"> <meta itemprop=\"width\" content=\"316\"> <meta itemprop=\"height\" content=\"211\"> <img decoding=\"async\" class=\"\" data-attachment-id=\"273\" data-orig-file=\"https:\/\/idnu.ch\/wordpress\/wp-content\/uploads\/2015\/09\/rossweid_0022.jpg\" data-orig-size=\"1024,683\" data-comments-opened=\"1\" data-image-meta=\"{&quot;aperture&quot;:&quot;0&quot;,&quot;credit&quot;:&quot;&quot;,&quot;camera&quot;:&quot;&quot;,&quot;caption&quot;:&quot;&quot;,&quot;created_timestamp&quot;:&quot;0&quot;,&quot;copyright&quot;:&quot;&quot;,&quot;focal_length&quot;:&quot;0&quot;,&quot;iso&quot;:&quot;0&quot;,&quot;shutter_speed&quot;:&quot;0&quot;,&quot;title&quot;:&quot;&quot;,&quot;orientation&quot;:&quot;0&quot;}\" data-image-title=\"Die Landschaft als Kaleidoskop\" data-image-description=\"\" data-medium-file=\"https:\/\/i0.wp.com\/idnu.ch\/wordpress\/wp-content\/uploads\/2015\/09\/rossweid_0022.jpg?fit=300%2C200&#038;ssl=1\" data-large-file=\"https:\/\/i0.wp.com\/idnu.ch\/wordpress\/wp-content\/uploads\/2015\/09\/rossweid_0022.jpg?fit=750%2C500&#038;ssl=1\" src=\"https:\/\/i0.wp.com\/idnu.ch\/wordpress\/wp-content\/uploads\/2015\/09\/rossweid_0022.jpg?w=316&#038;h=211&#038;ssl=1\" srcset=\"https:\/\/i0.wp.com\/idnu.ch\/wordpress\/wp-content\/uploads\/2015\/09\/rossweid_0022.jpg?w=1024&amp;ssl=1 1024w, https:\/\/i0.wp.com\/idnu.ch\/wordpress\/wp-content\/uploads\/2015\/09\/rossweid_0022.jpg?resize=300%2C200&amp;ssl=1 300w, https:\/\/i0.wp.com\/idnu.ch\/wordpress\/wp-content\/uploads\/2015\/09\/rossweid_0022.jpg?resize=150%2C100&amp;ssl=1 150w\" width=\"316\" height=\"211\" loading=\"lazy\" data-original-width=\"316\" data-original-height=\"211\" itemprop=\"http:\/\/schema.org\/image\" title=\"Die Landschaft als Kaleidoskop\" alt=\"Die Landschaft als Kaleidoskop\" style=\"width: 316px; height: 211px;\" \/> <\/a> <div class=\"tiled-gallery-caption\" itemprop=\"caption description\"> Die Landschaft als Kaleidoskop <\/div> <\/div> <div class=\"tiled-gallery-item tiled-gallery-item-large\" itemprop=\"associatedMedia\" itemscope itemtype=\"http:\/\/schema.org\/ImageObject\"> <a href=\"https:\/\/idnu.ch\/wordpress\/moorlandschaft-fuer-kinder-und-erwachsene\/rossweid_0023\/#main\" border=\"0\" itemprop=\"url\"> <meta itemprop=\"width\" content=\"316\"> <meta itemprop=\"height\" content=\"211\"> <img decoding=\"async\" class=\"\" data-attachment-id=\"274\" data-orig-file=\"https:\/\/idnu.ch\/wordpress\/wp-content\/uploads\/2015\/09\/rossweid_0023.jpg\" data-orig-size=\"1024,683\" data-comments-opened=\"1\" data-image-meta=\"{&quot;aperture&quot;:&quot;0&quot;,&quot;credit&quot;:&quot;&quot;,&quot;camera&quot;:&quot;&quot;,&quot;caption&quot;:&quot;&quot;,&quot;created_timestamp&quot;:&quot;0&quot;,&quot;copyright&quot;:&quot;&quot;,&quot;focal_length&quot;:&quot;0&quot;,&quot;iso&quot;:&quot;0&quot;,&quot;shutter_speed&quot;:&quot;0&quot;,&quot;title&quot;:&quot;&quot;,&quot;orientation&quot;:&quot;0&quot;}\" data-image-title=\"Der Moorwald, gesehen durch ein Prisma\" data-image-description=\"\" data-medium-file=\"https:\/\/i0.wp.com\/idnu.ch\/wordpress\/wp-content\/uploads\/2015\/09\/rossweid_0023.jpg?fit=300%2C200&#038;ssl=1\" data-large-file=\"https:\/\/i0.wp.com\/idnu.ch\/wordpress\/wp-content\/uploads\/2015\/09\/rossweid_0023.jpg?fit=750%2C500&#038;ssl=1\" src=\"https:\/\/i0.wp.com\/idnu.ch\/wordpress\/wp-content\/uploads\/2015\/09\/rossweid_0023.jpg?w=316&#038;h=211&#038;ssl=1\" srcset=\"https:\/\/i0.wp.com\/idnu.ch\/wordpress\/wp-content\/uploads\/2015\/09\/rossweid_0023.jpg?w=1024&amp;ssl=1 1024w, https:\/\/i0.wp.com\/idnu.ch\/wordpress\/wp-content\/uploads\/2015\/09\/rossweid_0023.jpg?resize=300%2C200&amp;ssl=1 300w, https:\/\/i0.wp.com\/idnu.ch\/wordpress\/wp-content\/uploads\/2015\/09\/rossweid_0023.jpg?resize=150%2C100&amp;ssl=1 150w\" width=\"316\" height=\"211\" loading=\"lazy\" data-original-width=\"316\" data-original-height=\"211\" itemprop=\"http:\/\/schema.org\/image\" title=\"Der Moorwald, gesehen durch ein Prisma\" alt=\"Der Moorwald, gesehen durch ein Prisma\" style=\"width: 316px; height: 211px;\" \/> <\/a> <div class=\"tiled-gallery-caption\" itemprop=\"caption description\"> Der Moorwald, gesehen durch ein Prisma <\/div> <\/div> <div class=\"tiled-gallery-item tiled-gallery-item-large\" itemprop=\"associatedMedia\" itemscope itemtype=\"http:\/\/schema.org\/ImageObject\"> <a href=\"https:\/\/idnu.ch\/wordpress\/moorlandschaft-fuer-kinder-und-erwachsene\/rossweid_0024\/#main\" border=\"0\" itemprop=\"url\"> <meta itemprop=\"width\" content=\"316\"> <meta itemprop=\"height\" content=\"210\"> <img decoding=\"async\" class=\"\" data-attachment-id=\"275\" data-orig-file=\"https:\/\/idnu.ch\/wordpress\/wp-content\/uploads\/2015\/09\/rossweid_0024.jpg\" data-orig-size=\"1024,683\" data-comments-opened=\"1\" data-image-meta=\"{&quot;aperture&quot;:&quot;0&quot;,&quot;credit&quot;:&quot;&quot;,&quot;camera&quot;:&quot;&quot;,&quot;caption&quot;:&quot;&quot;,&quot;created_timestamp&quot;:&quot;0&quot;,&quot;copyright&quot;:&quot;&quot;,&quot;focal_length&quot;:&quot;0&quot;,&quot;iso&quot;:&quot;0&quot;,&quot;shutter_speed&quot;:&quot;0&quot;,&quot;title&quot;:&quot;&quot;,&quot;orientation&quot;:&quot;0&quot;}\" data-image-title=\"Konzentration aufs Wesentliche\" data-image-description=\"\" data-medium-file=\"https:\/\/i0.wp.com\/idnu.ch\/wordpress\/wp-content\/uploads\/2015\/09\/rossweid_0024.jpg?fit=300%2C200&#038;ssl=1\" data-large-file=\"https:\/\/i0.wp.com\/idnu.ch\/wordpress\/wp-content\/uploads\/2015\/09\/rossweid_0024.jpg?fit=750%2C500&#038;ssl=1\" src=\"https:\/\/i0.wp.com\/idnu.ch\/wordpress\/wp-content\/uploads\/2015\/09\/rossweid_0024.jpg?w=316&#038;h=210&#038;ssl=1\" srcset=\"https:\/\/i0.wp.com\/idnu.ch\/wordpress\/wp-content\/uploads\/2015\/09\/rossweid_0024.jpg?w=1024&amp;ssl=1 1024w, https:\/\/i0.wp.com\/idnu.ch\/wordpress\/wp-content\/uploads\/2015\/09\/rossweid_0024.jpg?resize=300%2C200&amp;ssl=1 300w, https:\/\/i0.wp.com\/idnu.ch\/wordpress\/wp-content\/uploads\/2015\/09\/rossweid_0024.jpg?resize=150%2C100&amp;ssl=1 150w\" width=\"316\" height=\"210\" loading=\"lazy\" data-original-width=\"316\" data-original-height=\"210\" itemprop=\"http:\/\/schema.org\/image\" title=\"Konzentration aufs Wesentliche\" alt=\"Konzentration aufs Wesentliche\" style=\"width: 316px; height: 210px;\" \/> <\/a> <div class=\"tiled-gallery-caption\" itemprop=\"caption description\"> Konzentration aufs Wesentliche <\/div> <\/div> <\/div> <!-- close group --> <div class=\"gallery-group images-1\" style=\"width: 430px; height: 644px;\" data-original-width=\"430\" data-original-height=\"644\" > <div class=\"tiled-gallery-item tiled-gallery-item-large\" itemprop=\"associatedMedia\" itemscope itemtype=\"http:\/\/schema.org\/ImageObject\"> <a href=\"https:\/\/idnu.ch\/wordpress\/moorlandschaft-fuer-kinder-und-erwachsene\/rossweid_0028\/#main\" border=\"0\" itemprop=\"url\"> <meta itemprop=\"width\" content=\"426\"> <meta itemprop=\"height\" content=\"640\"> <img decoding=\"async\" class=\"\" data-attachment-id=\"276\" data-orig-file=\"https:\/\/idnu.ch\/wordpress\/wp-content\/uploads\/2015\/09\/rossweid_0028.jpg\" data-orig-size=\"512,768\" data-comments-opened=\"1\" data-image-meta=\"{&quot;aperture&quot;:&quot;0&quot;,&quot;credit&quot;:&quot;&quot;,&quot;camera&quot;:&quot;&quot;,&quot;caption&quot;:&quot;&quot;,&quot;created_timestamp&quot;:&quot;0&quot;,&quot;copyright&quot;:&quot;&quot;,&quot;focal_length&quot;:&quot;0&quot;,&quot;iso&quot;:&quot;0&quot;,&quot;shutter_speed&quot;:&quot;0&quot;,&quot;title&quot;:&quot;&quot;,&quot;orientation&quot;:&quot;0&quot;}\" data-image-title=\"Ein Such- und Lernpfad f\u00fcr die Kinder\" data-image-description=\"\" data-medium-file=\"https:\/\/i0.wp.com\/idnu.ch\/wordpress\/wp-content\/uploads\/2015\/09\/rossweid_0028.jpg?fit=200%2C300&#038;ssl=1\" data-large-file=\"https:\/\/i0.wp.com\/idnu.ch\/wordpress\/wp-content\/uploads\/2015\/09\/rossweid_0028.jpg?fit=512%2C768&#038;ssl=1\" src=\"https:\/\/i0.wp.com\/idnu.ch\/wordpress\/wp-content\/uploads\/2015\/09\/rossweid_0028.jpg?w=426&#038;h=640&#038;ssl=1\" srcset=\"https:\/\/i0.wp.com\/idnu.ch\/wordpress\/wp-content\/uploads\/2015\/09\/rossweid_0028.jpg?w=512&amp;ssl=1 512w, https:\/\/i0.wp.com\/idnu.ch\/wordpress\/wp-content\/uploads\/2015\/09\/rossweid_0028.jpg?resize=200%2C300&amp;ssl=1 200w, https:\/\/i0.wp.com\/idnu.ch\/wordpress\/wp-content\/uploads\/2015\/09\/rossweid_0028.jpg?resize=67%2C100&amp;ssl=1 67w\" width=\"426\" height=\"640\" loading=\"lazy\" data-original-width=\"426\" data-original-height=\"640\" itemprop=\"http:\/\/schema.org\/image\" title=\"Ein Such- und Lernpfad f\u00fcr die Kinder\" alt=\"Ein Such- und Lernpfad f\u00fcr die Kinder\" style=\"width: 426px; height: 640px;\" \/> <\/a> <div class=\"tiled-gallery-caption\" itemprop=\"caption description\"> Ein Such- und Lernpfad f\u00fcr die Kinder <\/div> <\/div> <\/div> <!-- close group --> <\/div> <!-- close row --> <\/div>\n<h2>Einkehren im Salwideli<\/h2>\n<p>Mit vielen neuen Erkenntnissen trafen wir beim Mooraculum wieder auf den Rest der Familie, die uns gerade entgegen kommen wollte. Eine Wanderung wollte ich eigentlich schon noch machen. Wir konnten die Jungs \u00fcberzeugen mit dem Ziel Restaurant Salwideli. So wanderten wir zuerst durch den Wald, der Weg war mit Holzschnitzel gedeckt, so dass wir federnden Schrittes flott vorankamen. F\u00fcr den Schatten waren wir dankbar, denn es war wirklich heiss. Doch er w\u00e4hrte nicht ewig, so dass wir bald der Sonne ausgesetzt waren. Daf\u00fcr bekamen wir jetzt ein grossartiges Panorama zu sehen mit der m\u00e4chtigen Schrattenfluh voraus. Nach der Alp Salwide reihte sich noch der Hohgant und der Schibeng\u00fctsch ein. Nach ungef\u00e4hrt einer Stunde erreichten wir das Restaurant, wo wir unseren Durst l\u00f6schen konnten. Einen \u00f6ffentlichen Bus gibt es dorthin nicht, man kann also die Tour nicht hier beenden. Wir machten uns bald wieder auf den R\u00fcckweg und konnten nun die Aussicht Richtung Glaubenb\u00fcelenpass geniessen. Damit war der Tag doch noch gerettet.<\/p>\n<div class=\"tiled-gallery type-rectangular tiled-gallery-unresized\" data-original-width=\"750\" data-carousel-extra='{&quot;blog_id&quot;:1,&quot;permalink&quot;:&quot;https:\\\/\\\/idnu.ch\\\/wordpress\\\/moorlandschaft-fuer-kinder-und-erwachsene\\\/&quot;,&quot;likes_blog_id&quot;:100184974}' itemscope itemtype=\"http:\/\/schema.org\/ImageGallery\" > <div class=\"gallery-row\" style=\"width: 750px; height: 335px;\" data-original-width=\"750\" data-original-height=\"335\" > <div class=\"gallery-group images-1\" style=\"width: 501px; height: 335px;\" data-original-width=\"501\" data-original-height=\"335\" > <div class=\"tiled-gallery-item tiled-gallery-item-large\" itemprop=\"associatedMedia\" itemscope itemtype=\"http:\/\/schema.org\/ImageObject\"> <a href=\"https:\/\/idnu.ch\/wordpress\/moorlandschaft-fuer-kinder-und-erwachsene\/rossweid_0035\/#main\" border=\"0\" itemprop=\"url\"> <meta itemprop=\"width\" content=\"497\"> <meta itemprop=\"height\" content=\"331\"> <img decoding=\"async\" class=\"\" data-attachment-id=\"277\" data-orig-file=\"https:\/\/idnu.ch\/wordpress\/wp-content\/uploads\/2015\/09\/rossweid_0035.jpg\" data-orig-size=\"1024,683\" data-comments-opened=\"1\" data-image-meta=\"{&quot;aperture&quot;:&quot;0&quot;,&quot;credit&quot;:&quot;&quot;,&quot;camera&quot;:&quot;&quot;,&quot;caption&quot;:&quot;&quot;,&quot;created_timestamp&quot;:&quot;0&quot;,&quot;copyright&quot;:&quot;&quot;,&quot;focal_length&quot;:&quot;0&quot;,&quot;iso&quot;:&quot;0&quot;,&quot;shutter_speed&quot;:&quot;0&quot;,&quot;title&quot;:&quot;&quot;,&quot;orientation&quot;:&quot;0&quot;}\" data-image-title=\"Auf dem weichen Waldpfad\" data-image-description=\"\" data-medium-file=\"https:\/\/i0.wp.com\/idnu.ch\/wordpress\/wp-content\/uploads\/2015\/09\/rossweid_0035.jpg?fit=300%2C200&#038;ssl=1\" data-large-file=\"https:\/\/i0.wp.com\/idnu.ch\/wordpress\/wp-content\/uploads\/2015\/09\/rossweid_0035.jpg?fit=750%2C500&#038;ssl=1\" src=\"https:\/\/i0.wp.com\/idnu.ch\/wordpress\/wp-content\/uploads\/2015\/09\/rossweid_0035.jpg?w=497&#038;h=331&#038;ssl=1\" srcset=\"https:\/\/i0.wp.com\/idnu.ch\/wordpress\/wp-content\/uploads\/2015\/09\/rossweid_0035.jpg?w=1024&amp;ssl=1 1024w, https:\/\/i0.wp.com\/idnu.ch\/wordpress\/wp-content\/uploads\/2015\/09\/rossweid_0035.jpg?resize=300%2C200&amp;ssl=1 300w, https:\/\/i0.wp.com\/idnu.ch\/wordpress\/wp-content\/uploads\/2015\/09\/rossweid_0035.jpg?resize=150%2C100&amp;ssl=1 150w\" width=\"497\" height=\"331\" loading=\"lazy\" data-original-width=\"497\" data-original-height=\"331\" itemprop=\"http:\/\/schema.org\/image\" title=\"Auf dem weichen Waldpfad\" alt=\"Auf dem weichen Waldpfad\" style=\"width: 497px; height: 331px;\" \/> <\/a> <div class=\"tiled-gallery-caption\" itemprop=\"caption description\"> Auf dem weichen Waldpfad <\/div> <\/div> <\/div> <!-- close group --> <div class=\"gallery-group images-2\" style=\"width: 249px; height: 335px;\" data-original-width=\"249\" data-original-height=\"335\" > <div class=\"tiled-gallery-item tiled-gallery-item-small\" itemprop=\"associatedMedia\" itemscope itemtype=\"http:\/\/schema.org\/ImageObject\"> <a href=\"https:\/\/idnu.ch\/wordpress\/moorlandschaft-fuer-kinder-und-erwachsene\/rossweid_0039\/#main\" border=\"0\" itemprop=\"url\"> <meta itemprop=\"width\" content=\"245\"> <meta itemprop=\"height\" content=\"164\"> <img decoding=\"async\" class=\"\" data-attachment-id=\"278\" data-orig-file=\"https:\/\/idnu.ch\/wordpress\/wp-content\/uploads\/2015\/09\/rossweid_0039.jpg\" data-orig-size=\"1024,683\" data-comments-opened=\"1\" data-image-meta=\"{&quot;aperture&quot;:&quot;0&quot;,&quot;credit&quot;:&quot;&quot;,&quot;camera&quot;:&quot;&quot;,&quot;caption&quot;:&quot;&quot;,&quot;created_timestamp&quot;:&quot;0&quot;,&quot;copyright&quot;:&quot;&quot;,&quot;focal_length&quot;:&quot;0&quot;,&quot;iso&quot;:&quot;0&quot;,&quot;shutter_speed&quot;:&quot;0&quot;,&quot;title&quot;:&quot;&quot;,&quot;orientation&quot;:&quot;0&quot;}\" data-image-title=\"Alp Salwide\" data-image-description=\"\" data-medium-file=\"https:\/\/i0.wp.com\/idnu.ch\/wordpress\/wp-content\/uploads\/2015\/09\/rossweid_0039.jpg?fit=300%2C200&#038;ssl=1\" data-large-file=\"https:\/\/i0.wp.com\/idnu.ch\/wordpress\/wp-content\/uploads\/2015\/09\/rossweid_0039.jpg?fit=750%2C500&#038;ssl=1\" src=\"https:\/\/i0.wp.com\/idnu.ch\/wordpress\/wp-content\/uploads\/2015\/09\/rossweid_0039.jpg?w=245&#038;h=164&#038;ssl=1\" srcset=\"https:\/\/i0.wp.com\/idnu.ch\/wordpress\/wp-content\/uploads\/2015\/09\/rossweid_0039.jpg?w=1024&amp;ssl=1 1024w, https:\/\/i0.wp.com\/idnu.ch\/wordpress\/wp-content\/uploads\/2015\/09\/rossweid_0039.jpg?resize=300%2C200&amp;ssl=1 300w, https:\/\/i0.wp.com\/idnu.ch\/wordpress\/wp-content\/uploads\/2015\/09\/rossweid_0039.jpg?resize=150%2C100&amp;ssl=1 150w\" width=\"245\" height=\"164\" loading=\"lazy\" data-original-width=\"245\" data-original-height=\"164\" itemprop=\"http:\/\/schema.org\/image\" title=\"Alp Salwide\" alt=\"Alp Salwide\" style=\"width: 245px; height: 164px;\" \/> <\/a> <div class=\"tiled-gallery-caption\" itemprop=\"caption description\"> Alp Salwide <\/div> <\/div> <div class=\"tiled-gallery-item tiled-gallery-item-small\" itemprop=\"associatedMedia\" itemscope itemtype=\"http:\/\/schema.org\/ImageObject\"> <a href=\"https:\/\/idnu.ch\/wordpress\/moorlandschaft-fuer-kinder-und-erwachsene\/rossweid_0041\/#main\" border=\"0\" itemprop=\"url\"> <meta itemprop=\"width\" content=\"245\"> <meta itemprop=\"height\" content=\"163\"> <img decoding=\"async\" class=\"\" data-attachment-id=\"279\" data-orig-file=\"https:\/\/idnu.ch\/wordpress\/wp-content\/uploads\/2015\/09\/rossweid_0041.jpg\" data-orig-size=\"1024,683\" data-comments-opened=\"1\" data-image-meta=\"{&quot;aperture&quot;:&quot;0&quot;,&quot;credit&quot;:&quot;&quot;,&quot;camera&quot;:&quot;&quot;,&quot;caption&quot;:&quot;&quot;,&quot;created_timestamp&quot;:&quot;0&quot;,&quot;copyright&quot;:&quot;&quot;,&quot;focal_length&quot;:&quot;0&quot;,&quot;iso&quot;:&quot;0&quot;,&quot;shutter_speed&quot;:&quot;0&quot;,&quot;title&quot;:&quot;&quot;,&quot;orientation&quot;:&quot;0&quot;}\" data-image-title=\"Schrattenflue voraus\" data-image-description=\"\" data-medium-file=\"https:\/\/i0.wp.com\/idnu.ch\/wordpress\/wp-content\/uploads\/2015\/09\/rossweid_0041.jpg?fit=300%2C200&#038;ssl=1\" data-large-file=\"https:\/\/i0.wp.com\/idnu.ch\/wordpress\/wp-content\/uploads\/2015\/09\/rossweid_0041.jpg?fit=750%2C500&#038;ssl=1\" src=\"https:\/\/i0.wp.com\/idnu.ch\/wordpress\/wp-content\/uploads\/2015\/09\/rossweid_0041.jpg?w=245&#038;h=163&#038;ssl=1\" srcset=\"https:\/\/i0.wp.com\/idnu.ch\/wordpress\/wp-content\/uploads\/2015\/09\/rossweid_0041.jpg?w=1024&amp;ssl=1 1024w, https:\/\/i0.wp.com\/idnu.ch\/wordpress\/wp-content\/uploads\/2015\/09\/rossweid_0041.jpg?resize=300%2C200&amp;ssl=1 300w, https:\/\/i0.wp.com\/idnu.ch\/wordpress\/wp-content\/uploads\/2015\/09\/rossweid_0041.jpg?resize=150%2C100&amp;ssl=1 150w\" width=\"245\" height=\"163\" loading=\"lazy\" data-original-width=\"245\" data-original-height=\"163\" itemprop=\"http:\/\/schema.org\/image\" title=\"Schrattenflue voraus\" alt=\"Schrattenflue voraus\" style=\"width: 245px; height: 163px;\" \/> <\/a> <div class=\"tiled-gallery-caption\" itemprop=\"caption description\"> Schrattenflue voraus <\/div> <\/div> <\/div> <!-- close group --> <\/div> <!-- close row --> <div class=\"gallery-row\" style=\"width: 750px; height: 168px;\" data-original-width=\"750\" data-original-height=\"168\" > <div class=\"gallery-group images-1\" style=\"width: 250px; height: 168px;\" data-original-width=\"250\" data-original-height=\"168\" > <div class=\"tiled-gallery-item tiled-gallery-item-small\" itemprop=\"associatedMedia\" itemscope itemtype=\"http:\/\/schema.org\/ImageObject\"> <a href=\"https:\/\/idnu.ch\/wordpress\/moorlandschaft-fuer-kinder-und-erwachsene\/rossweid_0045\/#main\" border=\"0\" itemprop=\"url\"> <meta itemprop=\"width\" content=\"246\"> <meta itemprop=\"height\" content=\"164\"> <img decoding=\"async\" class=\"\" data-attachment-id=\"280\" data-orig-file=\"https:\/\/idnu.ch\/wordpress\/wp-content\/uploads\/2015\/09\/rossweid_0045.jpg\" data-orig-size=\"1024,683\" data-comments-opened=\"1\" data-image-meta=\"{&quot;aperture&quot;:&quot;0&quot;,&quot;credit&quot;:&quot;&quot;,&quot;camera&quot;:&quot;&quot;,&quot;caption&quot;:&quot;&quot;,&quot;created_timestamp&quot;:&quot;0&quot;,&quot;copyright&quot;:&quot;&quot;,&quot;focal_length&quot;:&quot;0&quot;,&quot;iso&quot;:&quot;0&quot;,&quot;shutter_speed&quot;:&quot;0&quot;,&quot;title&quot;:&quot;&quot;,&quot;orientation&quot;:&quot;0&quot;}\" data-image-title=\"Hohgant und Schibeng\u00fctsch\" data-image-description=\"\" data-medium-file=\"https:\/\/i0.wp.com\/idnu.ch\/wordpress\/wp-content\/uploads\/2015\/09\/rossweid_0045.jpg?fit=300%2C200&#038;ssl=1\" data-large-file=\"https:\/\/i0.wp.com\/idnu.ch\/wordpress\/wp-content\/uploads\/2015\/09\/rossweid_0045.jpg?fit=750%2C500&#038;ssl=1\" src=\"https:\/\/i0.wp.com\/idnu.ch\/wordpress\/wp-content\/uploads\/2015\/09\/rossweid_0045.jpg?w=246&#038;h=164&#038;ssl=1\" srcset=\"https:\/\/i0.wp.com\/idnu.ch\/wordpress\/wp-content\/uploads\/2015\/09\/rossweid_0045.jpg?w=1024&amp;ssl=1 1024w, https:\/\/i0.wp.com\/idnu.ch\/wordpress\/wp-content\/uploads\/2015\/09\/rossweid_0045.jpg?resize=300%2C200&amp;ssl=1 300w, https:\/\/i0.wp.com\/idnu.ch\/wordpress\/wp-content\/uploads\/2015\/09\/rossweid_0045.jpg?resize=150%2C100&amp;ssl=1 150w\" width=\"246\" height=\"164\" loading=\"lazy\" data-original-width=\"246\" data-original-height=\"164\" itemprop=\"http:\/\/schema.org\/image\" title=\"Hohgant und Schibeng\u00fctsch\" alt=\"Hohgant und Schibeng\u00fctsch\" style=\"width: 246px; height: 164px;\" \/> <\/a> <div class=\"tiled-gallery-caption\" itemprop=\"caption description\"> Hohgant und Schibeng\u00fctsch <\/div> <\/div> <\/div> <!-- close group --> <div class=\"gallery-group images-1\" style=\"width: 250px; height: 168px;\" data-original-width=\"250\" data-original-height=\"168\" > <div class=\"tiled-gallery-item tiled-gallery-item-small\" itemprop=\"associatedMedia\" itemscope itemtype=\"http:\/\/schema.org\/ImageObject\"> <a href=\"https:\/\/idnu.ch\/wordpress\/moorlandschaft-fuer-kinder-und-erwachsene\/rossweid_0051\/#main\" border=\"0\" itemprop=\"url\"> <meta itemprop=\"width\" content=\"246\"> <meta itemprop=\"height\" content=\"164\"> <img decoding=\"async\" class=\"\" data-attachment-id=\"281\" data-orig-file=\"https:\/\/idnu.ch\/wordpress\/wp-content\/uploads\/2015\/09\/rossweid_0051.jpg\" data-orig-size=\"1024,683\" data-comments-opened=\"1\" data-image-meta=\"{&quot;aperture&quot;:&quot;0&quot;,&quot;credit&quot;:&quot;&quot;,&quot;camera&quot;:&quot;&quot;,&quot;caption&quot;:&quot;&quot;,&quot;created_timestamp&quot;:&quot;0&quot;,&quot;copyright&quot;:&quot;&quot;,&quot;focal_length&quot;:&quot;0&quot;,&quot;iso&quot;:&quot;0&quot;,&quot;shutter_speed&quot;:&quot;0&quot;,&quot;title&quot;:&quot;&quot;,&quot;orientation&quot;:&quot;0&quot;}\" data-image-title=\"Alp Salwide, Blick Richtung Glaubenb\u00fcelenpass\" data-image-description=\"\" data-medium-file=\"https:\/\/i0.wp.com\/idnu.ch\/wordpress\/wp-content\/uploads\/2015\/09\/rossweid_0051.jpg?fit=300%2C200&#038;ssl=1\" data-large-file=\"https:\/\/i0.wp.com\/idnu.ch\/wordpress\/wp-content\/uploads\/2015\/09\/rossweid_0051.jpg?fit=750%2C500&#038;ssl=1\" src=\"https:\/\/i0.wp.com\/idnu.ch\/wordpress\/wp-content\/uploads\/2015\/09\/rossweid_0051.jpg?w=246&#038;h=164&#038;ssl=1\" srcset=\"https:\/\/i0.wp.com\/idnu.ch\/wordpress\/wp-content\/uploads\/2015\/09\/rossweid_0051.jpg?w=1024&amp;ssl=1 1024w, https:\/\/i0.wp.com\/idnu.ch\/wordpress\/wp-content\/uploads\/2015\/09\/rossweid_0051.jpg?resize=300%2C200&amp;ssl=1 300w, https:\/\/i0.wp.com\/idnu.ch\/wordpress\/wp-content\/uploads\/2015\/09\/rossweid_0051.jpg?resize=150%2C100&amp;ssl=1 150w\" width=\"246\" height=\"164\" loading=\"lazy\" data-original-width=\"246\" data-original-height=\"164\" itemprop=\"http:\/\/schema.org\/image\" title=\"Alp Salwide, Blick Richtung Glaubenb\u00fcelenpass\" alt=\"Alp Salwide, Blick Richtung Glaubenb\u00fcelenpass\" style=\"width: 246px; height: 164px;\" \/> <\/a> <div class=\"tiled-gallery-caption\" itemprop=\"caption description\"> Alp Salwide, Blick Richtung Glaubenb\u00fcelenpass <\/div> <\/div> <\/div> <!-- close group --> <div class=\"gallery-group images-1\" style=\"width: 250px; height: 168px;\" data-original-width=\"250\" data-original-height=\"168\" > <div class=\"tiled-gallery-item tiled-gallery-item-small\" itemprop=\"associatedMedia\" itemscope itemtype=\"http:\/\/schema.org\/ImageObject\"> <a href=\"https:\/\/idnu.ch\/wordpress\/moorlandschaft-fuer-kinder-und-erwachsene\/rossweid_0054\/#main\" border=\"0\" itemprop=\"url\"> <meta itemprop=\"width\" content=\"246\"> <meta itemprop=\"height\" content=\"164\"> <img decoding=\"async\" class=\"\" data-attachment-id=\"282\" data-orig-file=\"https:\/\/idnu.ch\/wordpress\/wp-content\/uploads\/2015\/09\/rossweid_0054.jpg\" data-orig-size=\"1024,683\" data-comments-opened=\"1\" data-image-meta=\"{&quot;aperture&quot;:&quot;0&quot;,&quot;credit&quot;:&quot;&quot;,&quot;camera&quot;:&quot;&quot;,&quot;caption&quot;:&quot;&quot;,&quot;created_timestamp&quot;:&quot;0&quot;,&quot;copyright&quot;:&quot;&quot;,&quot;focal_length&quot;:&quot;0&quot;,&quot;iso&quot;:&quot;0&quot;,&quot;shutter_speed&quot;:&quot;0&quot;,&quot;title&quot;:&quot;&quot;,&quot;orientation&quot;:&quot;0&quot;}\" data-image-title=\"Auch fleischfressend: Das Gemeine Fettkraut Pinguicula vulgaris).\" data-image-description=\"&lt;p&gt;Man beachte die Insekten, die auf den Bl\u00e4ttern kleben&lt;\/p&gt; \" data-medium-file=\"https:\/\/i0.wp.com\/idnu.ch\/wordpress\/wp-content\/uploads\/2015\/09\/rossweid_0054.jpg?fit=300%2C200&#038;ssl=1\" data-large-file=\"https:\/\/i0.wp.com\/idnu.ch\/wordpress\/wp-content\/uploads\/2015\/09\/rossweid_0054.jpg?fit=750%2C500&#038;ssl=1\" src=\"https:\/\/i0.wp.com\/idnu.ch\/wordpress\/wp-content\/uploads\/2015\/09\/rossweid_0054.jpg?w=246&#038;h=164&#038;ssl=1\" srcset=\"https:\/\/i0.wp.com\/idnu.ch\/wordpress\/wp-content\/uploads\/2015\/09\/rossweid_0054.jpg?w=1024&amp;ssl=1 1024w, https:\/\/i0.wp.com\/idnu.ch\/wordpress\/wp-content\/uploads\/2015\/09\/rossweid_0054.jpg?resize=300%2C200&amp;ssl=1 300w, https:\/\/i0.wp.com\/idnu.ch\/wordpress\/wp-content\/uploads\/2015\/09\/rossweid_0054.jpg?resize=150%2C100&amp;ssl=1 150w\" width=\"246\" height=\"164\" loading=\"lazy\" data-original-width=\"246\" data-original-height=\"164\" itemprop=\"http:\/\/schema.org\/image\" title=\"Auch fleischfressend: Das Gemeine Fettkraut Pinguicula vulgaris).\" alt=\"Auch fleischfressend: Das Gemeine Fettkraut Pinguicula vulgaris).\" style=\"width: 246px; height: 164px;\" \/> <\/a> <div class=\"tiled-gallery-caption\" itemprop=\"caption description\"> Auch fleischfressend: Das Gemeine Fettkraut Pinguicula vulgaris). <\/div> <\/div> <\/div> <!-- close group --> <\/div> <!-- close row --> <\/div>\n<p>Nachtrag: Es stellte sich heraus, dass die Exkursion abgesagt wurde, wir aber nicht informiert wurden.<\/p>\n<p>Infos zum Mooraculum:\u00a0<a href=\"https:\/\/www.soerenberg.ch\/de\/sommer\/entdecken-erleben\/erlebnispark-mooraculum\/\" target=\"_blank\" rel=\"noopener\">Mooraculum S\u00f6renberg<\/a><br \/>\nMehr Bilder:\u00a0<a href=\"https:\/\/flic.kr\/s\/aHskfXcXUP\" target=\"_blank\" rel=\"noopener\">https:\/\/flic.kr\/s\/aHskfXcXUP<\/a><\/p>\n<p><iframe loading=\"lazy\" src=\"https:\/\/www.google.com\/maps\/d\/embed?mid=z0F1R6L5bjo4.k78uk9sIZeA0\" width=\"640\" height=\"480\"><\/iframe><\/p>\n","protected":false},"excerpt":{"rendered":"<p>Moore. Mein aktuelles Thema. Deshalb haben wir uns f\u00fcr eine Exkursion der Biosph\u00e4re&#8230;<\/p>\n","protected":false},"author":2,"featured_media":271,"comment_status":"open","ping_status":"open","sticky":false,"template":"","format":"standard","meta":{"_monsterinsights_skip_tracking":false,"_monsterinsights_sitenote_active":false,"_monsterinsights_sitenote_note":"","_monsterinsights_sitenote_category":0,"jetpack_post_was_ever_published":false,"_jetpack_newsletter_access":"","_jetpack_dont_email_post_to_subs":true,"_jetpack_newsletter_tier_id":0,"_jetpack_memberships_contains_paywalled_content":false,"_jetpack_memberships_contains_paid_content":false,"footnotes":"","jetpack_publicize_message":"","jetpack_publicize_feature_enabled":true,"jetpack_social_post_already_shared":false,"jetpack_social_options":{"image_generator_settings":{"template":"highway","default_image_id":0,"font":"","enabled":false},"version":2}},"categories":[30,920,6,5],"tags":[1348,1494,1171,384,365],"class_list":["post-79","post","type-post","status-publish","format-standard","has-post-thumbnail","hentry","category-luzern","category-luzern-vierwaldstaettersee","category-naturerlebnis","category-wandern","tag-biosphaere-entlebuch","tag-entlebuch","tag-kinderfreundlich","tag-soerenberg","tag-wandern-mit-kindern"],"geo":{"latitude":46.80873489999999748079062555916607379913330078125,"longitude":8.026397700000000412501321989111602306365966796875,"description":"S\u00f6renberg, Kanton Luzern, 6174, CH"},"yoast_head":"<!-- This site is optimized with the Yoast SEO plugin v27.4 - https:\/\/yoast.com\/product\/yoast-seo-wordpress\/ -->\n<title>Moorlandschaft f\u00fcr Kinder und Erwachsene - In der Natur unterwegs<\/title>\n<meta name=\"description\" content=\"Die Moorlandschaft f\u00fcr Kinder und Erwachsene, das Mooraculum in S\u00f6renberg, ist ein wunderbares und lehrreiches Naturerlebnis.\" \/>\n<meta name=\"robots\" content=\"index, follow, max-snippet:-1, max-image-preview:large, max-video-preview:-1\" \/>\n<link rel=\"canonical\" href=\"https:\/\/idnu.ch\/wordpress\/moorlandschaft-fuer-kinder-und-erwachsene\/\" \/>\n<meta property=\"og:locale\" content=\"de_DE\" \/>\n<meta property=\"og:type\" content=\"article\" \/>\n<meta property=\"og:title\" content=\"Moorlandschaft f\u00fcr Kinder und Erwachsene - In der Natur unterwegs\" \/>\n<meta property=\"og:description\" content=\"Die Moorlandschaft f\u00fcr Kinder und Erwachsene, das Mooraculum in S\u00f6renberg, ist ein wunderbares und lehrreiches Naturerlebnis.\" \/>\n<meta property=\"og:url\" content=\"https:\/\/idnu.ch\/wordpress\/moorlandschaft-fuer-kinder-und-erwachsene\/\" \/>\n<meta property=\"og:site_name\" content=\"In der Natur unterwegs\" \/>\n<meta property=\"article:published_time\" content=\"2015-09-13T09:10:00+00:00\" \/>\n<meta property=\"article:modified_time\" content=\"2023-11-21T09:50:38+00:00\" \/>\n<meta property=\"og:image\" content=\"https:\/\/idnu.ch\/wordpress\/wp-content\/uploads\/2015\/09\/rossweid_0013.jpg\" \/>\n\t<meta property=\"og:image:width\" content=\"1024\" \/>\n\t<meta property=\"og:image:height\" content=\"683\" \/>\n\t<meta property=\"og:image:type\" content=\"image\/jpeg\" \/>\n<meta name=\"author\" content=\"Urs Kyburz\" \/>\n<meta name=\"twitter:card\" content=\"summary_large_image\" \/>\n<meta name=\"twitter:creator\" content=\"@idnu_ch\" \/>\n<meta name=\"twitter:site\" content=\"@idnu_ch\" \/>\n<meta name=\"twitter:label1\" content=\"Verfasst von\" \/>\n\t<meta name=\"twitter:data1\" content=\"Urs Kyburz\" \/>\n\t<meta name=\"twitter:label2\" content=\"Gesch\u00e4tzte Lesezeit\" \/>\n\t<meta name=\"twitter:data2\" content=\"4\u00a0Minuten\" \/>\n<script type=\"application\/ld+json\" class=\"yoast-schema-graph\">{\"@context\":\"https:\\\/\\\/schema.org\",\"@graph\":[{\"@type\":\"Article\",\"@id\":\"https:\\\/\\\/idnu.ch\\\/wordpress\\\/moorlandschaft-fuer-kinder-und-erwachsene\\\/#article\",\"isPartOf\":{\"@id\":\"https:\\\/\\\/idnu.ch\\\/wordpress\\\/moorlandschaft-fuer-kinder-und-erwachsene\\\/\"},\"author\":{\"name\":\"Urs Kyburz\",\"@id\":\"https:\\\/\\\/idnu.ch\\\/wordpress\\\/#\\\/schema\\\/person\\\/1ab8c5de743be7b019272124c19ad351\"},\"headline\":\"Moorlandschaft f\u00fcr Kinder und Erwachsene\",\"datePublished\":\"2015-09-13T09:10:00+00:00\",\"dateModified\":\"2023-11-21T09:50:38+00:00\",\"mainEntityOfPage\":{\"@id\":\"https:\\\/\\\/idnu.ch\\\/wordpress\\\/moorlandschaft-fuer-kinder-und-erwachsene\\\/\"},\"wordCount\":635,\"commentCount\":1,\"publisher\":{\"@id\":\"https:\\\/\\\/idnu.ch\\\/wordpress\\\/#\\\/schema\\\/person\\\/1ab8c5de743be7b019272124c19ad351\"},\"image\":{\"@id\":\"https:\\\/\\\/idnu.ch\\\/wordpress\\\/moorlandschaft-fuer-kinder-und-erwachsene\\\/#primaryimage\"},\"thumbnailUrl\":\"https:\\\/\\\/i0.wp.com\\\/idnu.ch\\\/wordpress\\\/wp-content\\\/uploads\\\/2015\\\/09\\\/rossweid_0013.jpg?fit=1024%2C683&ssl=1\",\"keywords\":[\"Biosph\u00e4re Entlebuch\",\"Entlebuch\",\"kinderfreundlich\",\"S\u00f6renberg\",\"wandern mit kindern\"],\"articleSection\":[\"Luzern\",\"Luzern - Vierwaldst\u00e4ttersee\",\"Naturerlebnis\",\"Wandern\"],\"inLanguage\":\"de\",\"potentialAction\":[{\"@type\":\"CommentAction\",\"name\":\"Comment\",\"target\":[\"https:\\\/\\\/idnu.ch\\\/wordpress\\\/moorlandschaft-fuer-kinder-und-erwachsene\\\/#respond\"]}]},{\"@type\":\"WebPage\",\"@id\":\"https:\\\/\\\/idnu.ch\\\/wordpress\\\/moorlandschaft-fuer-kinder-und-erwachsene\\\/\",\"url\":\"https:\\\/\\\/idnu.ch\\\/wordpress\\\/moorlandschaft-fuer-kinder-und-erwachsene\\\/\",\"name\":\"Moorlandschaft f\u00fcr Kinder und Erwachsene - In der Natur unterwegs\",\"isPartOf\":{\"@id\":\"https:\\\/\\\/idnu.ch\\\/wordpress\\\/#website\"},\"primaryImageOfPage\":{\"@id\":\"https:\\\/\\\/idnu.ch\\\/wordpress\\\/moorlandschaft-fuer-kinder-und-erwachsene\\\/#primaryimage\"},\"image\":{\"@id\":\"https:\\\/\\\/idnu.ch\\\/wordpress\\\/moorlandschaft-fuer-kinder-und-erwachsene\\\/#primaryimage\"},\"thumbnailUrl\":\"https:\\\/\\\/i0.wp.com\\\/idnu.ch\\\/wordpress\\\/wp-content\\\/uploads\\\/2015\\\/09\\\/rossweid_0013.jpg?fit=1024%2C683&ssl=1\",\"datePublished\":\"2015-09-13T09:10:00+00:00\",\"dateModified\":\"2023-11-21T09:50:38+00:00\",\"description\":\"Die Moorlandschaft f\u00fcr Kinder und Erwachsene, das Mooraculum in S\u00f6renberg, ist ein wunderbares und lehrreiches Naturerlebnis.\",\"breadcrumb\":{\"@id\":\"https:\\\/\\\/idnu.ch\\\/wordpress\\\/moorlandschaft-fuer-kinder-und-erwachsene\\\/#breadcrumb\"},\"inLanguage\":\"de\",\"potentialAction\":[{\"@type\":\"ReadAction\",\"target\":[\"https:\\\/\\\/idnu.ch\\\/wordpress\\\/moorlandschaft-fuer-kinder-und-erwachsene\\\/\"]}]},{\"@type\":\"ImageObject\",\"inLanguage\":\"de\",\"@id\":\"https:\\\/\\\/idnu.ch\\\/wordpress\\\/moorlandschaft-fuer-kinder-und-erwachsene\\\/#primaryimage\",\"url\":\"https:\\\/\\\/i0.wp.com\\\/idnu.ch\\\/wordpress\\\/wp-content\\\/uploads\\\/2015\\\/09\\\/rossweid_0013.jpg?fit=1024%2C683&ssl=1\",\"contentUrl\":\"https:\\\/\\\/i0.wp.com\\\/idnu.ch\\\/wordpress\\\/wp-content\\\/uploads\\\/2015\\\/09\\\/rossweid_0013.jpg?fit=1024%2C683&ssl=1\",\"width\":1024,\"height\":683,\"caption\":\"Informationstafel\"},{\"@type\":\"BreadcrumbList\",\"@id\":\"https:\\\/\\\/idnu.ch\\\/wordpress\\\/moorlandschaft-fuer-kinder-und-erwachsene\\\/#breadcrumb\",\"itemListElement\":[{\"@type\":\"ListItem\",\"position\":1,\"name\":\"Startseite\",\"item\":\"https:\\\/\\\/idnu.ch\\\/wordpress\\\/\"},{\"@type\":\"ListItem\",\"position\":2,\"name\":\"Moorlandschaft f\u00fcr Kinder und Erwachsene\"}]},{\"@type\":\"WebSite\",\"@id\":\"https:\\\/\\\/idnu.ch\\\/wordpress\\\/#website\",\"url\":\"https:\\\/\\\/idnu.ch\\\/wordpress\\\/\",\"name\":\"In der Natur unterwegs\",\"description\":\"Dort, wo es am sch\u00f6nsten ist\",\"publisher\":{\"@id\":\"https:\\\/\\\/idnu.ch\\\/wordpress\\\/#\\\/schema\\\/person\\\/1ab8c5de743be7b019272124c19ad351\"},\"potentialAction\":[{\"@type\":\"SearchAction\",\"target\":{\"@type\":\"EntryPoint\",\"urlTemplate\":\"https:\\\/\\\/idnu.ch\\\/wordpress\\\/?s={search_term_string}\"},\"query-input\":{\"@type\":\"PropertyValueSpecification\",\"valueRequired\":true,\"valueName\":\"search_term_string\"}}],\"inLanguage\":\"de\"},{\"@type\":[\"Person\",\"Organization\"],\"@id\":\"https:\\\/\\\/idnu.ch\\\/wordpress\\\/#\\\/schema\\\/person\\\/1ab8c5de743be7b019272124c19ad351\",\"name\":\"Urs Kyburz\",\"image\":{\"@type\":\"ImageObject\",\"inLanguage\":\"de\",\"@id\":\"https:\\\/\\\/i0.wp.com\\\/idnu.ch\\\/wordpress\\\/wp-content\\\/uploads\\\/2016\\\/02\\\/logo_150x165.gif?fit=3151%2C3456&ssl=1\",\"url\":\"https:\\\/\\\/i0.wp.com\\\/idnu.ch\\\/wordpress\\\/wp-content\\\/uploads\\\/2016\\\/02\\\/logo_150x165.gif?fit=3151%2C3456&ssl=1\",\"contentUrl\":\"https:\\\/\\\/i0.wp.com\\\/idnu.ch\\\/wordpress\\\/wp-content\\\/uploads\\\/2016\\\/02\\\/logo_150x165.gif?fit=3151%2C3456&ssl=1\",\"width\":3151,\"height\":3456,\"caption\":\"Urs Kyburz\"},\"logo\":{\"@id\":\"https:\\\/\\\/i0.wp.com\\\/idnu.ch\\\/wordpress\\\/wp-content\\\/uploads\\\/2016\\\/02\\\/logo_150x165.gif?fit=3151%2C3456&ssl=1\"}}]}<\/script>\n<!-- \/ Yoast SEO plugin. -->","yoast_head_json":{"title":"Moorlandschaft f\u00fcr Kinder und Erwachsene - In der Natur unterwegs","description":"Die Moorlandschaft f\u00fcr Kinder und Erwachsene, das Mooraculum in S\u00f6renberg, ist ein wunderbares und lehrreiches Naturerlebnis.","robots":{"index":"index","follow":"follow","max-snippet":"max-snippet:-1","max-image-preview":"max-image-preview:large","max-video-preview":"max-video-preview:-1"},"canonical":"https:\/\/idnu.ch\/wordpress\/moorlandschaft-fuer-kinder-und-erwachsene\/","og_locale":"de_DE","og_type":"article","og_title":"Moorlandschaft f\u00fcr Kinder und Erwachsene - In der Natur unterwegs","og_description":"Die Moorlandschaft f\u00fcr Kinder und Erwachsene, das Mooraculum in S\u00f6renberg, ist ein wunderbares und lehrreiches Naturerlebnis.","og_url":"https:\/\/idnu.ch\/wordpress\/moorlandschaft-fuer-kinder-und-erwachsene\/","og_site_name":"In der Natur unterwegs","article_published_time":"2015-09-13T09:10:00+00:00","article_modified_time":"2023-11-21T09:50:38+00:00","og_image":[{"width":1024,"height":683,"url":"https:\/\/idnu.ch\/wordpress\/wp-content\/uploads\/2015\/09\/rossweid_0013.jpg","type":"image\/jpeg"}],"author":"Urs Kyburz","twitter_card":"summary_large_image","twitter_creator":"@idnu_ch","twitter_site":"@idnu_ch","twitter_misc":{"Verfasst von":"Urs Kyburz","Gesch\u00e4tzte Lesezeit":"4\u00a0Minuten"},"schema":{"@context":"https:\/\/schema.org","@graph":[{"@type":"Article","@id":"https:\/\/idnu.ch\/wordpress\/moorlandschaft-fuer-kinder-und-erwachsene\/#article","isPartOf":{"@id":"https:\/\/idnu.ch\/wordpress\/moorlandschaft-fuer-kinder-und-erwachsene\/"},"author":{"name":"Urs Kyburz","@id":"https:\/\/idnu.ch\/wordpress\/#\/schema\/person\/1ab8c5de743be7b019272124c19ad351"},"headline":"Moorlandschaft f\u00fcr Kinder und Erwachsene","datePublished":"2015-09-13T09:10:00+00:00","dateModified":"2023-11-21T09:50:38+00:00","mainEntityOfPage":{"@id":"https:\/\/idnu.ch\/wordpress\/moorlandschaft-fuer-kinder-und-erwachsene\/"},"wordCount":635,"commentCount":1,"publisher":{"@id":"https:\/\/idnu.ch\/wordpress\/#\/schema\/person\/1ab8c5de743be7b019272124c19ad351"},"image":{"@id":"https:\/\/idnu.ch\/wordpress\/moorlandschaft-fuer-kinder-und-erwachsene\/#primaryimage"},"thumbnailUrl":"https:\/\/i0.wp.com\/idnu.ch\/wordpress\/wp-content\/uploads\/2015\/09\/rossweid_0013.jpg?fit=1024%2C683&ssl=1","keywords":["Biosph\u00e4re Entlebuch","Entlebuch","kinderfreundlich","S\u00f6renberg","wandern mit kindern"],"articleSection":["Luzern","Luzern - Vierwaldst\u00e4ttersee","Naturerlebnis","Wandern"],"inLanguage":"de","potentialAction":[{"@type":"CommentAction","name":"Comment","target":["https:\/\/idnu.ch\/wordpress\/moorlandschaft-fuer-kinder-und-erwachsene\/#respond"]}]},{"@type":"WebPage","@id":"https:\/\/idnu.ch\/wordpress\/moorlandschaft-fuer-kinder-und-erwachsene\/","url":"https:\/\/idnu.ch\/wordpress\/moorlandschaft-fuer-kinder-und-erwachsene\/","name":"Moorlandschaft f\u00fcr Kinder und Erwachsene - In der Natur unterwegs","isPartOf":{"@id":"https:\/\/idnu.ch\/wordpress\/#website"},"primaryImageOfPage":{"@id":"https:\/\/idnu.ch\/wordpress\/moorlandschaft-fuer-kinder-und-erwachsene\/#primaryimage"},"image":{"@id":"https:\/\/idnu.ch\/wordpress\/moorlandschaft-fuer-kinder-und-erwachsene\/#primaryimage"},"thumbnailUrl":"https:\/\/i0.wp.com\/idnu.ch\/wordpress\/wp-content\/uploads\/2015\/09\/rossweid_0013.jpg?fit=1024%2C683&ssl=1","datePublished":"2015-09-13T09:10:00+00:00","dateModified":"2023-11-21T09:50:38+00:00","description":"Die Moorlandschaft f\u00fcr Kinder und Erwachsene, das Mooraculum in S\u00f6renberg, ist ein wunderbares und lehrreiches Naturerlebnis.","breadcrumb":{"@id":"https:\/\/idnu.ch\/wordpress\/moorlandschaft-fuer-kinder-und-erwachsene\/#breadcrumb"},"inLanguage":"de","potentialAction":[{"@type":"ReadAction","target":["https:\/\/idnu.ch\/wordpress\/moorlandschaft-fuer-kinder-und-erwachsene\/"]}]},{"@type":"ImageObject","inLanguage":"de","@id":"https:\/\/idnu.ch\/wordpress\/moorlandschaft-fuer-kinder-und-erwachsene\/#primaryimage","url":"https:\/\/i0.wp.com\/idnu.ch\/wordpress\/wp-content\/uploads\/2015\/09\/rossweid_0013.jpg?fit=1024%2C683&ssl=1","contentUrl":"https:\/\/i0.wp.com\/idnu.ch\/wordpress\/wp-content\/uploads\/2015\/09\/rossweid_0013.jpg?fit=1024%2C683&ssl=1","width":1024,"height":683,"caption":"Informationstafel"},{"@type":"BreadcrumbList","@id":"https:\/\/idnu.ch\/wordpress\/moorlandschaft-fuer-kinder-und-erwachsene\/#breadcrumb","itemListElement":[{"@type":"ListItem","position":1,"name":"Startseite","item":"https:\/\/idnu.ch\/wordpress\/"},{"@type":"ListItem","position":2,"name":"Moorlandschaft f\u00fcr Kinder und Erwachsene"}]},{"@type":"WebSite","@id":"https:\/\/idnu.ch\/wordpress\/#website","url":"https:\/\/idnu.ch\/wordpress\/","name":"In der Natur unterwegs","description":"Dort, wo es am sch\u00f6nsten ist","publisher":{"@id":"https:\/\/idnu.ch\/wordpress\/#\/schema\/person\/1ab8c5de743be7b019272124c19ad351"},"potentialAction":[{"@type":"SearchAction","target":{"@type":"EntryPoint","urlTemplate":"https:\/\/idnu.ch\/wordpress\/?s={search_term_string}"},"query-input":{"@type":"PropertyValueSpecification","valueRequired":true,"valueName":"search_term_string"}}],"inLanguage":"de"},{"@type":["Person","Organization"],"@id":"https:\/\/idnu.ch\/wordpress\/#\/schema\/person\/1ab8c5de743be7b019272124c19ad351","name":"Urs Kyburz","image":{"@type":"ImageObject","inLanguage":"de","@id":"https:\/\/i0.wp.com\/idnu.ch\/wordpress\/wp-content\/uploads\/2016\/02\/logo_150x165.gif?fit=3151%2C3456&ssl=1","url":"https:\/\/i0.wp.com\/idnu.ch\/wordpress\/wp-content\/uploads\/2016\/02\/logo_150x165.gif?fit=3151%2C3456&ssl=1","contentUrl":"https:\/\/i0.wp.com\/idnu.ch\/wordpress\/wp-content\/uploads\/2016\/02\/logo_150x165.gif?fit=3151%2C3456&ssl=1","width":3151,"height":3456,"caption":"Urs Kyburz"},"logo":{"@id":"https:\/\/i0.wp.com\/idnu.ch\/wordpress\/wp-content\/uploads\/2016\/02\/logo_150x165.gif?fit=3151%2C3456&ssl=1"}}]}},"jetpack_publicize_connections":[],"jetpack_featured_media_url":"https:\/\/i0.wp.com\/idnu.ch\/wordpress\/wp-content\/uploads\/2015\/09\/rossweid_0013.jpg?fit=1024%2C683&ssl=1","jetpack_sharing_enabled":true,"jetpack_shortlink":"https:\/\/wp.me\/p6MmGG-1h","jetpack-related-posts":[{"id":12928,"url":"https:\/\/idnu.ch\/wordpress\/die-panoramabike-ueber-die-voralpen-vom-bodensee-zum-genfersee\/","url_meta":{"origin":79,"position":0},"title":"Die Panoramabike &#8211; \u00fcber die Voralpen vom Bodensee zum Genfersee","author":"Urs Kyburz","date":"4. August 2019","format":false,"excerpt":"Die Panoramabike ist eine ausgeschilderte Route von SchweizMobil, startet in Rorschach am Bodensee, f\u00fchrt \u00fcber die Voralpen und endet in Montreux am Genfersee. Sie legt den Schwerpunkt eindeutig auf den ersten Wortteil, f\u00fcr das Biken muss man \u00fcberwiegend selber besorgt sein, die Trails sind sehr d\u00fcnn ges\u00e4t. Nichtsdestotrotz lohnt sich\u2026","rel":"","context":"In &quot;Mountainbike &amp; Velo&quot;","block_context":{"text":"Mountainbike &amp; Velo","link":"https:\/\/idnu.ch\/wordpress\/category\/zweirad\/"},"img":{"alt_text":"Panoramabike","src":"https:\/\/i0.wp.com\/idnu.ch\/wordpress\/wp-content\/uploads\/2019\/08\/panoramabike-20180730-79.jpg?fit=1200%2C800&ssl=1&resize=350%2C200","width":350,"height":200,"srcset":"https:\/\/i0.wp.com\/idnu.ch\/wordpress\/wp-content\/uploads\/2019\/08\/panoramabike-20180730-79.jpg?fit=1200%2C800&ssl=1&resize=350%2C200 1x, https:\/\/i0.wp.com\/idnu.ch\/wordpress\/wp-content\/uploads\/2019\/08\/panoramabike-20180730-79.jpg?fit=1200%2C800&ssl=1&resize=525%2C300 1.5x, https:\/\/i0.wp.com\/idnu.ch\/wordpress\/wp-content\/uploads\/2019\/08\/panoramabike-20180730-79.jpg?fit=1200%2C800&ssl=1&resize=700%2C400 2x, https:\/\/i0.wp.com\/idnu.ch\/wordpress\/wp-content\/uploads\/2019\/08\/panoramabike-20180730-79.jpg?fit=1200%2C800&ssl=1&resize=1050%2C600 3x"},"classes":[]},{"id":113,"url":"https:\/\/idnu.ch\/wordpress\/familienskitour-in-soerenberg\/","url_meta":{"origin":79,"position":1},"title":"Familienskitour in S\u00f6renberg","author":"Urs Kyburz","date":"24. Februar 2015","format":false,"excerpt":"Der SAC Homberg, genauer meine Frau, organisierte eine Skitour, speziell ausgerichtet auf Familien. Da boten sich die 600 H\u00f6henmeter von S\u00f6renberg auf die Heimegg an, einem Grat. Die untere H\u00e4lfte der Tour befand sich auf luzernischem Boden, die obere auf Obwaldner Gebiet. Schwierigkeiten bot die Tour keine, ausser dass es\u2026","rel":"","context":"In &quot;Luzern&quot;","block_context":{"text":"Luzern","link":"https:\/\/idnu.ch\/wordpress\/category\/kanton\/luzern\/"},"img":{"alt_text":"Skitoure S\u00f6renberg","src":"https:\/\/i0.wp.com\/idnu.ch\/wordpress\/wp-content\/uploads\/2015\/02\/s%C3%B6renberg_0029.jpg?fit=1024%2C683&ssl=1&resize=350%2C200","width":350,"height":200,"srcset":"https:\/\/i0.wp.com\/idnu.ch\/wordpress\/wp-content\/uploads\/2015\/02\/s%C3%B6renberg_0029.jpg?fit=1024%2C683&ssl=1&resize=350%2C200 1x, https:\/\/i0.wp.com\/idnu.ch\/wordpress\/wp-content\/uploads\/2015\/02\/s%C3%B6renberg_0029.jpg?fit=1024%2C683&ssl=1&resize=525%2C300 1.5x, https:\/\/i0.wp.com\/idnu.ch\/wordpress\/wp-content\/uploads\/2015\/02\/s%C3%B6renberg_0029.jpg?fit=1024%2C683&ssl=1&resize=700%2C400 2x"},"classes":[]},{"id":11707,"url":"https:\/\/idnu.ch\/wordpress\/mit-tourenanfaengern-in-soerenberg\/","url_meta":{"origin":79,"position":2},"title":"Mit Tourenanf\u00e4ngern in S\u00f6renberg","author":"Urs Kyburz","date":"5. Februar 2019","format":false,"excerpt":"Allj\u00e4hrlich wird beim SAC Homberg die Anf\u00e4ngerskitour durchgef\u00fchrt, sie st\u00f6sst jedes Mal auf grossen Anklang. Diesmal waren wir wegen den Schneeverh\u00e4ltnissen im S\u00f6renberg unterwegs, Ziel war das N\u00fcnalphorn. Aufstieg im Sonnenschein Angesagt f\u00fcr diesen Tag war ein bedeckter Himmel, zum Teil mit Niederschl\u00e4gen. Empfangen werden die zw\u00f6lf Personen, jung und\u2026","rel":"","context":"In &quot;Luzern&quot;","block_context":{"text":"Luzern","link":"https:\/\/idnu.ch\/wordpress\/category\/kanton\/luzern\/"},"img":{"alt_text":"Die Hagleren w\u00e4re auch ein Ziel","src":"https:\/\/i0.wp.com\/idnu.ch\/wordpress\/wp-content\/uploads\/2019\/02\/anfaengerskitour_20190202_0032.jpg?fit=1200%2C800&ssl=1&resize=350%2C200","width":350,"height":200,"srcset":"https:\/\/i0.wp.com\/idnu.ch\/wordpress\/wp-content\/uploads\/2019\/02\/anfaengerskitour_20190202_0032.jpg?fit=1200%2C800&ssl=1&resize=350%2C200 1x, https:\/\/i0.wp.com\/idnu.ch\/wordpress\/wp-content\/uploads\/2019\/02\/anfaengerskitour_20190202_0032.jpg?fit=1200%2C800&ssl=1&resize=525%2C300 1.5x, https:\/\/i0.wp.com\/idnu.ch\/wordpress\/wp-content\/uploads\/2019\/02\/anfaengerskitour_20190202_0032.jpg?fit=1200%2C800&ssl=1&resize=700%2C400 2x, https:\/\/i0.wp.com\/idnu.ch\/wordpress\/wp-content\/uploads\/2019\/02\/anfaengerskitour_20190202_0032.jpg?fit=1200%2C800&ssl=1&resize=1050%2C600 3x"},"classes":[]},{"id":18734,"url":"https:\/\/idnu.ch\/wordpress\/panoramabike-durch-die-orchideen\/","url_meta":{"origin":79,"position":3},"title":"Panoramabike durch die Orchideen","author":"Urs Kyburz","date":"21. August 2021","format":false,"excerpt":"Seit vier Jahren sind wir an der Panoramabike dran, die vom Bodensee zum Genfersee f\u00fchrt. Uns fehlt noch das St\u00fcck zwischen Vierwaldst\u00e4ttersee und Thunersee. Dieser letzte Teil der Panoramabike f\u00fchrte uns durch die Moorlandschaften der Biosph\u00e4re Entlebuch mit einem wahren Bl\u00fctenteppich aus Orchideen. Wundersch\u00f6n! Start mit Hindernissen Die Tage zuvor\u2026","rel":"","context":"In &quot;Bern&quot;","block_context":{"text":"Bern","link":"https:\/\/idnu.ch\/wordpress\/category\/kanton\/bern\/"},"img":{"alt_text":"Wir bewundern die Aussicht auf Eiger, M\u00f6nch und Jungfrau","src":"https:\/\/i0.wp.com\/idnu.ch\/wordpress\/wp-content\/uploads\/2021\/08\/panoramabike_mitte-20210721-172.jpg?fit=1200%2C900&ssl=1&resize=350%2C200","width":350,"height":200,"srcset":"https:\/\/i0.wp.com\/idnu.ch\/wordpress\/wp-content\/uploads\/2021\/08\/panoramabike_mitte-20210721-172.jpg?fit=1200%2C900&ssl=1&resize=350%2C200 1x, https:\/\/i0.wp.com\/idnu.ch\/wordpress\/wp-content\/uploads\/2021\/08\/panoramabike_mitte-20210721-172.jpg?fit=1200%2C900&ssl=1&resize=525%2C300 1.5x, https:\/\/i0.wp.com\/idnu.ch\/wordpress\/wp-content\/uploads\/2021\/08\/panoramabike_mitte-20210721-172.jpg?fit=1200%2C900&ssl=1&resize=700%2C400 2x, https:\/\/i0.wp.com\/idnu.ch\/wordpress\/wp-content\/uploads\/2021\/08\/panoramabike_mitte-20210721-172.jpg?fit=1200%2C900&ssl=1&resize=1050%2C600 3x"},"classes":[]},{"id":1411,"url":"https:\/\/idnu.ch\/wordpress\/exkursion-in-die-groesste-moorlandschaft-der-schweiz\/","url_meta":{"origin":79,"position":4},"title":"Exkursion in eine der gr\u00f6ssten Moorlandschaften der Schweiz","author":"Urs Kyburz","date":"24. Oktober 2015","format":false,"excerpt":"Wieder war ich auf Recherche. Wir meldeten uns f\u00fcr eine Exkursion durch die\u00a0Rothenthurmer Moorlandschaft an. Der Titel war verheissungsvoll: \"Sonnen-aufgang \u00fcber der Moorlandschaft\". Nach diesem tollen Sommer war aber an-scheinend nicht mehr gen\u00fcgend Sonne \u00fcbrig. Start der Exkursion ist um 6 Uhr am Sonntagmorgen. Wir m\u00fcssten also um ungef\u00e4hr vier\u2026","rel":"","context":"In &quot;Luzern - Vierwaldst\u00e4ttersee&quot;","block_context":{"text":"Luzern - Vierwaldst\u00e4ttersee","link":"https:\/\/idnu.ch\/wordpress\/category\/tourismusregionen\/luzern-vierwaldstaettersee\/"},"img":{"alt_text":"Ein Blick ins Moor durch das Teleobjektiv","src":"https:\/\/i0.wp.com\/idnu.ch\/wordpress\/wp-content\/uploads\/2015\/10\/rothenthurm_0013.jpg?fit=1200%2C800&ssl=1&resize=350%2C200","width":350,"height":200,"srcset":"https:\/\/i0.wp.com\/idnu.ch\/wordpress\/wp-content\/uploads\/2015\/10\/rothenthurm_0013.jpg?fit=1200%2C800&ssl=1&resize=350%2C200 1x, https:\/\/i0.wp.com\/idnu.ch\/wordpress\/wp-content\/uploads\/2015\/10\/rothenthurm_0013.jpg?fit=1200%2C800&ssl=1&resize=525%2C300 1.5x, https:\/\/i0.wp.com\/idnu.ch\/wordpress\/wp-content\/uploads\/2015\/10\/rothenthurm_0013.jpg?fit=1200%2C800&ssl=1&resize=700%2C400 2x, https:\/\/i0.wp.com\/idnu.ch\/wordpress\/wp-content\/uploads\/2015\/10\/rothenthurm_0013.jpg?fit=1200%2C800&ssl=1&resize=1050%2C600 3x"},"classes":[]},{"id":7175,"url":"https:\/\/idnu.ch\/wordpress\/wo-bleibt-der-schnee\/","url_meta":{"origin":79,"position":5},"title":"Wo bleibt der Schnee?","author":"Urs Kyburz","date":"5. Februar 2017","format":false,"excerpt":"Das mit dem Schnee ist in diesem Winter so eine Sache. Fr\u00fch im November schneite es, dann wurde es wieder warm, bis anfangs Januar gab es kaum mehr Schnee. Dann kam er doch noch, man dachte, es werde nun besser. Im Januar war es zwar kalt bis sehr kalt, aber\u2026","rel":"","context":"In &quot;Verschiedenes&quot;","block_context":{"text":"Verschiedenes","link":"https:\/\/idnu.ch\/wordpress\/category\/verschiedenes\/"},"img":{"alt_text":"Kein Schnee, keine Skitour","src":"https:\/\/i0.wp.com\/idnu.ch\/wordpress\/wp-content\/uploads\/2017\/02\/soerenberg_skifahren-1.jpg?fit=1200%2C675&ssl=1&resize=350%2C200","width":350,"height":200,"srcset":"https:\/\/i0.wp.com\/idnu.ch\/wordpress\/wp-content\/uploads\/2017\/02\/soerenberg_skifahren-1.jpg?fit=1200%2C675&ssl=1&resize=350%2C200 1x, https:\/\/i0.wp.com\/idnu.ch\/wordpress\/wp-content\/uploads\/2017\/02\/soerenberg_skifahren-1.jpg?fit=1200%2C675&ssl=1&resize=525%2C300 1.5x, https:\/\/i0.wp.com\/idnu.ch\/wordpress\/wp-content\/uploads\/2017\/02\/soerenberg_skifahren-1.jpg?fit=1200%2C675&ssl=1&resize=700%2C400 2x, https:\/\/i0.wp.com\/idnu.ch\/wordpress\/wp-content\/uploads\/2017\/02\/soerenberg_skifahren-1.jpg?fit=1200%2C675&ssl=1&resize=1050%2C600 3x"},"classes":[]}],"jetpack_likes_enabled":true,"_links":{"self":[{"href":"https:\/\/idnu.ch\/wordpress\/wp-json\/wp\/v2\/posts\/79","targetHints":{"allow":["GET"]}}],"collection":[{"href":"https:\/\/idnu.ch\/wordpress\/wp-json\/wp\/v2\/posts"}],"about":[{"href":"https:\/\/idnu.ch\/wordpress\/wp-json\/wp\/v2\/types\/post"}],"author":[{"embeddable":true,"href":"https:\/\/idnu.ch\/wordpress\/wp-json\/wp\/v2\/users\/2"}],"replies":[{"embeddable":true,"href":"https:\/\/idnu.ch\/wordpress\/wp-json\/wp\/v2\/comments?post=79"}],"version-history":[{"count":7,"href":"https:\/\/idnu.ch\/wordpress\/wp-json\/wp\/v2\/posts\/79\/revisions"}],"predecessor-version":[{"id":24745,"href":"https:\/\/idnu.ch\/wordpress\/wp-json\/wp\/v2\/posts\/79\/revisions\/24745"}],"wp:featuredmedia":[{"embeddable":true,"href":"https:\/\/idnu.ch\/wordpress\/wp-json\/wp\/v2\/media\/271"}],"wp:attachment":[{"href":"https:\/\/idnu.ch\/wordpress\/wp-json\/wp\/v2\/media?parent=79"}],"wp:term":[{"taxonomy":"category","embeddable":true,"href":"https:\/\/idnu.ch\/wordpress\/wp-json\/wp\/v2\/categories?post=79"},{"taxonomy":"post_tag","embeddable":true,"href":"https:\/\/idnu.ch\/wordpress\/wp-json\/wp\/v2\/tags?post=79"}],"curies":[{"name":"wp","href":"https:\/\/api.w.org\/{rel}","templated":true}]}}