{"id":8196,"date":"2017-08-23T19:40:03","date_gmt":"2017-08-23T17:40:03","guid":{"rendered":"http:\/\/idnu.ch\/wordpress\/?p=8196"},"modified":"2025-05-08T14:36:35","modified_gmt":"2025-05-08T12:36:35","slug":"griffiger-fels-auf-der-melchsee-frutt","status":"publish","type":"post","link":"https:\/\/idnu.ch\/wordpress\/griffiger-fels-auf-der-melchsee-frutt\/","title":{"rendered":"Griffiger Fels auf der Melchsee-Frutt"},"content":{"rendered":"<p><strong>F\u00fcr das allj\u00e4hrliche Familienklettern mit dem SAC Homberg war ein ideales Klettergebiet gefragt: Routen f\u00fcr alle, ob f\u00fcr Anf\u00e4nger oder Cracks, leicht erreichbar, schwierig und einfach am gleichen Ort. Da fiel unsere Wahl (oder besser der Frau als Tourenleiterin) auf den Klettergarten Bonistock auf der Melchsee-Frutt.<\/strong><\/p>\n<figure id=\"attachment_8202\" aria-describedby=\"caption-attachment-8202\" style=\"width: 1400px\" class=\"wp-caption aligncenter\"><img data-recalc-dims=\"1\" loading=\"lazy\" decoding=\"async\" data-attachment-id=\"8202\" data-permalink=\"https:\/\/idnu.ch\/wordpress\/griffiger-fels-auf-der-melchsee-frutt\/familienklettern-20170820-60\/#main\" data-orig-file=\"https:\/\/i0.wp.com\/idnu.ch\/wordpress\/wp-content\/uploads\/2017\/08\/familienklettern-20170820-60.jpg?fit=1400%2C933&amp;ssl=1\" data-orig-size=\"1400,933\" data-comments-opened=\"1\" data-image-meta=\"{&quot;aperture&quot;:&quot;8&quot;,&quot;credit&quot;:&quot;Urs Kyburz&quot;,&quot;camera&quot;:&quot;Canon EOS 60D&quot;,&quot;caption&quot;:&quot;&quot;,&quot;created_timestamp&quot;:&quot;1503242902&quot;,&quot;copyright&quot;:&quot;\\u00a9 Urs Kyburz&quot;,&quot;focal_length&quot;:&quot;40&quot;,&quot;iso&quot;:&quot;100&quot;,&quot;shutter_speed&quot;:&quot;0.005&quot;,&quot;title&quot;:&quot;&quot;,&quot;orientation&quot;:&quot;0&quot;}\" data-image-title=\"Melchsee-Frutt mit der bekannten Kapelle\" data-image-description=\"\" data-image-caption=\"&lt;p&gt;Melchsee-Frutt mit der bekannten Kapelle&lt;\/p&gt;\n\" data-large-file=\"https:\/\/i0.wp.com\/idnu.ch\/wordpress\/wp-content\/uploads\/2017\/08\/familienklettern-20170820-60.jpg?fit=750%2C500&amp;ssl=1\" class=\"size-full wp-image-8202\" src=\"https:\/\/i0.wp.com\/idnu.ch\/wordpress\/wp-content\/uploads\/2017\/08\/familienklettern-20170820-60.jpg?resize=750%2C500&#038;ssl=1\" alt=\"Melchsee-Frutt mit der bekannten Kapelle\" width=\"750\" height=\"500\" srcset=\"https:\/\/i0.wp.com\/idnu.ch\/wordpress\/wp-content\/uploads\/2017\/08\/familienklettern-20170820-60.jpg?w=1400&amp;ssl=1 1400w, https:\/\/i0.wp.com\/idnu.ch\/wordpress\/wp-content\/uploads\/2017\/08\/familienklettern-20170820-60.jpg?resize=300%2C200&amp;ssl=1 300w, https:\/\/i0.wp.com\/idnu.ch\/wordpress\/wp-content\/uploads\/2017\/08\/familienklettern-20170820-60.jpg?resize=768%2C512&amp;ssl=1 768w, https:\/\/i0.wp.com\/idnu.ch\/wordpress\/wp-content\/uploads\/2017\/08\/familienklettern-20170820-60.jpg?resize=1024%2C682&amp;ssl=1 1024w, https:\/\/i0.wp.com\/idnu.ch\/wordpress\/wp-content\/uploads\/2017\/08\/familienklettern-20170820-60.jpg?resize=150%2C100&amp;ssl=1 150w\" sizes=\"auto, (max-width: 750px) 100vw, 750px\" \/><figcaption id=\"caption-attachment-8202\" class=\"wp-caption-text\">Melchsee-Frutt mit der bekannten Kapelle<\/figcaption><\/figure>\n<h3>Kinderrouten versprechen Erfolgserlebnisse<\/h3>\n<p>Von der St\u00f6ckalp her fahren wir mit der Gondel hoch auf die Melchsee-Frutt. Und gerade \u00fcber uns sehen wir den blauen Himmel, w\u00e4hrend rund um uns herum die Berge in Wolken geh\u00fcllt sind. Der Weg zu den Felsen ist nicht weit, nach einer Viertelstunde Zustieg erreichen wir bereits den ersten Sektor. Die Routennamen hier versprechen das, was sie sind: Kinderrouten. Sie heissen &#8222;Donald Duck&#8220;, &#8222;Pingu&#8220;, &#8222;Micky Maus&#8220; oder &#8222;Obelix&#8220;. Kurze, 10 bis 20 Meter lange Routen, die bestens ausger\u00fcstet sind, erm\u00f6glichen auch Kindern schnell erste Erfolge im Vorstieg.<\/p>\n<figure id=\"attachment_8198\" aria-describedby=\"caption-attachment-8198\" style=\"width: 1400px\" class=\"wp-caption aligncenter\"><img data-recalc-dims=\"1\" loading=\"lazy\" decoding=\"async\" data-attachment-id=\"8198\" data-permalink=\"https:\/\/idnu.ch\/wordpress\/griffiger-fels-auf-der-melchsee-frutt\/familienklettern-20170820-50\/#main\" data-orig-file=\"https:\/\/i0.wp.com\/idnu.ch\/wordpress\/wp-content\/uploads\/2017\/08\/familienklettern-20170820-50.jpg?fit=1400%2C933&amp;ssl=1\" data-orig-size=\"1400,933\" data-comments-opened=\"1\" data-image-meta=\"{&quot;aperture&quot;:&quot;7.1&quot;,&quot;credit&quot;:&quot;Urs Kyburz&quot;,&quot;camera&quot;:&quot;Canon EOS 60D&quot;,&quot;caption&quot;:&quot;&quot;,&quot;created_timestamp&quot;:&quot;1503238706&quot;,&quot;copyright&quot;:&quot;\\u00a9 Urs Kyburz&quot;,&quot;focal_length&quot;:&quot;35&quot;,&quot;iso&quot;:&quot;100&quot;,&quot;shutter_speed&quot;:&quot;0.00625&quot;,&quot;title&quot;:&quot;&quot;,&quot;orientation&quot;:&quot;0&quot;}\" data-image-title=\"Dutzende von Routen in allen Schwierigkeitsgraden durchziehen die Wand\" data-image-description=\"\" data-image-caption=\"&lt;p&gt;Dutzende von Routen in allen Schwierigkeitsgraden durchziehen die Wand&lt;\/p&gt;\n\" data-large-file=\"https:\/\/i0.wp.com\/idnu.ch\/wordpress\/wp-content\/uploads\/2017\/08\/familienklettern-20170820-50.jpg?fit=750%2C500&amp;ssl=1\" class=\"size-full wp-image-8198\" src=\"https:\/\/i0.wp.com\/idnu.ch\/wordpress\/wp-content\/uploads\/2017\/08\/familienklettern-20170820-50.jpg?resize=750%2C500&#038;ssl=1\" alt=\"Dutzende von Routen in allen Schwierigkeitsgraden durchziehen die Wand\" width=\"750\" height=\"500\" srcset=\"https:\/\/i0.wp.com\/idnu.ch\/wordpress\/wp-content\/uploads\/2017\/08\/familienklettern-20170820-50.jpg?w=1400&amp;ssl=1 1400w, https:\/\/i0.wp.com\/idnu.ch\/wordpress\/wp-content\/uploads\/2017\/08\/familienklettern-20170820-50.jpg?resize=300%2C200&amp;ssl=1 300w, https:\/\/i0.wp.com\/idnu.ch\/wordpress\/wp-content\/uploads\/2017\/08\/familienklettern-20170820-50.jpg?resize=768%2C512&amp;ssl=1 768w, https:\/\/i0.wp.com\/idnu.ch\/wordpress\/wp-content\/uploads\/2017\/08\/familienklettern-20170820-50.jpg?resize=1024%2C682&amp;ssl=1 1024w, https:\/\/i0.wp.com\/idnu.ch\/wordpress\/wp-content\/uploads\/2017\/08\/familienklettern-20170820-50.jpg?resize=150%2C100&amp;ssl=1 150w\" sizes=\"auto, (max-width: 750px) 100vw, 750px\" \/><figcaption id=\"caption-attachment-8198\" class=\"wp-caption-text\">Dutzende von Routen in allen Schwierigkeitsgraden durchziehen die Wand<\/figcaption><\/figure>\n<p>Die Kinder packt sofort das Kletterfieber, obwohl der Fels noch nass ist vom Regen in der Nacht zuvor. Route um Route wird geklettert, die Tourenleiterin gibt Tipps, wie man besser klettert und vor allem wie man sicher klettert.<\/p>\n<div class=\"tiled-gallery type-rectangular tiled-gallery-unresized\" data-original-width=\"750\" data-carousel-extra='{&quot;blog_id&quot;:1,&quot;permalink&quot;:&quot;https:\\\/\\\/idnu.ch\\\/wordpress\\\/griffiger-fels-auf-der-melchsee-frutt\\\/&quot;,&quot;likes_blog_id&quot;:100184974}' itemscope itemtype=\"http:\/\/schema.org\/ImageGallery\" > <div class=\"gallery-row\" style=\"width: 750px; height: 205px;\" data-original-width=\"750\" data-original-height=\"205\" > <div class=\"gallery-group images-1\" style=\"width: 306px; height: 205px;\" data-original-width=\"306\" data-original-height=\"205\" > <div class=\"tiled-gallery-item tiled-gallery-item-large\" itemprop=\"associatedMedia\" itemscope itemtype=\"http:\/\/schema.org\/ImageObject\"> <a href=\"https:\/\/idnu.ch\/wordpress\/griffiger-fels-auf-der-melchsee-frutt\/familienklettern-20170820-22\/#main\" border=\"0\" itemprop=\"url\"> <meta itemprop=\"width\" content=\"302\"> <meta itemprop=\"height\" content=\"201\"> <img decoding=\"async\" class=\"\" data-attachment-id=\"8203\" data-orig-file=\"https:\/\/idnu.ch\/wordpress\/wp-content\/uploads\/2017\/08\/familienklettern-20170820-22.jpg\" data-orig-size=\"1400,933\" data-comments-opened=\"1\" data-image-meta=\"{&quot;aperture&quot;:&quot;5.6&quot;,&quot;credit&quot;:&quot;Urs Kyburz&quot;,&quot;camera&quot;:&quot;Canon EOS 60D&quot;,&quot;caption&quot;:&quot;&quot;,&quot;created_timestamp&quot;:&quot;1503231173&quot;,&quot;copyright&quot;:&quot;\\u00a9 Urs Kyburz&quot;,&quot;focal_length&quot;:&quot;21&quot;,&quot;iso&quot;:&quot;100&quot;,&quot;shutter_speed&quot;:&quot;0.0015625&quot;,&quot;title&quot;:&quot;&quot;,&quot;orientation&quot;:&quot;0&quot;}\" data-image-title=\"Klettern im Sektor 1\" data-image-description=\"\" data-medium-file=\"https:\/\/i0.wp.com\/idnu.ch\/wordpress\/wp-content\/uploads\/2017\/08\/familienklettern-20170820-22.jpg?fit=300%2C200&#038;ssl=1\" data-large-file=\"https:\/\/i0.wp.com\/idnu.ch\/wordpress\/wp-content\/uploads\/2017\/08\/familienklettern-20170820-22.jpg?fit=750%2C500&#038;ssl=1\" src=\"https:\/\/i0.wp.com\/idnu.ch\/wordpress\/wp-content\/uploads\/2017\/08\/familienklettern-20170820-22.jpg?w=302&#038;h=201&#038;ssl=1\" srcset=\"https:\/\/i0.wp.com\/idnu.ch\/wordpress\/wp-content\/uploads\/2017\/08\/familienklettern-20170820-22.jpg?w=1400&amp;ssl=1 1400w, https:\/\/i0.wp.com\/idnu.ch\/wordpress\/wp-content\/uploads\/2017\/08\/familienklettern-20170820-22.jpg?resize=300%2C200&amp;ssl=1 300w, https:\/\/i0.wp.com\/idnu.ch\/wordpress\/wp-content\/uploads\/2017\/08\/familienklettern-20170820-22.jpg?resize=768%2C512&amp;ssl=1 768w, https:\/\/i0.wp.com\/idnu.ch\/wordpress\/wp-content\/uploads\/2017\/08\/familienklettern-20170820-22.jpg?resize=1024%2C682&amp;ssl=1 1024w, https:\/\/i0.wp.com\/idnu.ch\/wordpress\/wp-content\/uploads\/2017\/08\/familienklettern-20170820-22.jpg?resize=150%2C100&amp;ssl=1 150w\" width=\"302\" height=\"201\" loading=\"lazy\" data-original-width=\"302\" data-original-height=\"201\" itemprop=\"http:\/\/schema.org\/image\" title=\"Klettern im Sektor 1\" alt=\"Klettern im Sektor 1\" style=\"width: 302px; height: 201px;\" \/> <\/a> <\/div> <\/div> <!-- close group --> <div class=\"gallery-group images-1\" style=\"width: 138px; height: 205px;\" data-original-width=\"138\" data-original-height=\"205\" > <div class=\"tiled-gallery-item tiled-gallery-item-small\" itemprop=\"associatedMedia\" itemscope itemtype=\"http:\/\/schema.org\/ImageObject\"> <a href=\"https:\/\/idnu.ch\/wordpress\/griffiger-fels-auf-der-melchsee-frutt\/familienklettern-20170820-23\/#main\" border=\"0\" itemprop=\"url\"> <meta itemprop=\"width\" content=\"134\"> <meta itemprop=\"height\" content=\"201\"> <img decoding=\"async\" class=\"\" data-attachment-id=\"8204\" data-orig-file=\"https:\/\/idnu.ch\/wordpress\/wp-content\/uploads\/2017\/08\/familienklettern-20170820-23.jpg\" data-orig-size=\"933,1400\" data-comments-opened=\"1\" data-image-meta=\"{&quot;aperture&quot;:&quot;5.6&quot;,&quot;credit&quot;:&quot;Urs Kyburz&quot;,&quot;camera&quot;:&quot;Canon EOS 60D&quot;,&quot;caption&quot;:&quot;&quot;,&quot;created_timestamp&quot;:&quot;1503231180&quot;,&quot;copyright&quot;:&quot;\\u00a9 Urs Kyburz&quot;,&quot;focal_length&quot;:&quot;17&quot;,&quot;iso&quot;:&quot;100&quot;,&quot;shutter_speed&quot;:&quot;0.0008&quot;,&quot;title&quot;:&quot;&quot;,&quot;orientation&quot;:&quot;0&quot;}\" data-image-title=\"Klettern im Sektor 1\" data-image-description=\"\" data-medium-file=\"https:\/\/i0.wp.com\/idnu.ch\/wordpress\/wp-content\/uploads\/2017\/08\/familienklettern-20170820-23.jpg?fit=200%2C300&#038;ssl=1\" data-large-file=\"https:\/\/i0.wp.com\/idnu.ch\/wordpress\/wp-content\/uploads\/2017\/08\/familienklettern-20170820-23.jpg?fit=682%2C1024&#038;ssl=1\" src=\"https:\/\/i0.wp.com\/idnu.ch\/wordpress\/wp-content\/uploads\/2017\/08\/familienklettern-20170820-23.jpg?w=134&#038;h=201&#038;ssl=1\" srcset=\"https:\/\/i0.wp.com\/idnu.ch\/wordpress\/wp-content\/uploads\/2017\/08\/familienklettern-20170820-23.jpg?w=933&amp;ssl=1 933w, https:\/\/i0.wp.com\/idnu.ch\/wordpress\/wp-content\/uploads\/2017\/08\/familienklettern-20170820-23.jpg?resize=200%2C300&amp;ssl=1 200w, https:\/\/i0.wp.com\/idnu.ch\/wordpress\/wp-content\/uploads\/2017\/08\/familienklettern-20170820-23.jpg?resize=768%2C1152&amp;ssl=1 768w, https:\/\/i0.wp.com\/idnu.ch\/wordpress\/wp-content\/uploads\/2017\/08\/familienklettern-20170820-23.jpg?resize=682%2C1024&amp;ssl=1 682w, https:\/\/i0.wp.com\/idnu.ch\/wordpress\/wp-content\/uploads\/2017\/08\/familienklettern-20170820-23.jpg?resize=67%2C100&amp;ssl=1 67w\" width=\"134\" height=\"201\" loading=\"lazy\" data-original-width=\"134\" data-original-height=\"201\" itemprop=\"http:\/\/schema.org\/image\" title=\"Klettern im Sektor 1\" alt=\"Klettern im Sektor 1\" style=\"width: 134px; height: 201px;\" \/> <\/a> <\/div> <\/div> <!-- close group --> <div class=\"gallery-group images-1\" style=\"width: 306px; height: 205px;\" data-original-width=\"306\" data-original-height=\"205\" > <div class=\"tiled-gallery-item tiled-gallery-item-large\" itemprop=\"associatedMedia\" itemscope itemtype=\"http:\/\/schema.org\/ImageObject\"> <a href=\"https:\/\/idnu.ch\/wordpress\/griffiger-fels-auf-der-melchsee-frutt\/familienklettern-20170820-28\/#main\" border=\"0\" itemprop=\"url\"> <meta itemprop=\"width\" content=\"302\"> <meta itemprop=\"height\" content=\"201\"> <img decoding=\"async\" class=\"\" data-attachment-id=\"8205\" data-orig-file=\"https:\/\/idnu.ch\/wordpress\/wp-content\/uploads\/2017\/08\/familienklettern-20170820-28.jpg\" data-orig-size=\"1400,933\" data-comments-opened=\"1\" data-image-meta=\"{&quot;aperture&quot;:&quot;8&quot;,&quot;credit&quot;:&quot;Urs Kyburz&quot;,&quot;camera&quot;:&quot;Canon EOS 60D&quot;,&quot;caption&quot;:&quot;&quot;,&quot;created_timestamp&quot;:&quot;1503231869&quot;,&quot;copyright&quot;:&quot;\\u00a9 Urs Kyburz&quot;,&quot;focal_length&quot;:&quot;20&quot;,&quot;iso&quot;:&quot;100&quot;,&quot;shutter_speed&quot;:&quot;0.01&quot;,&quot;title&quot;:&quot;&quot;,&quot;orientation&quot;:&quot;0&quot;}\" data-image-title=\"Klettern im Sektor 1\" data-image-description=\"\" data-medium-file=\"https:\/\/i0.wp.com\/idnu.ch\/wordpress\/wp-content\/uploads\/2017\/08\/familienklettern-20170820-28.jpg?fit=300%2C200&#038;ssl=1\" data-large-file=\"https:\/\/i0.wp.com\/idnu.ch\/wordpress\/wp-content\/uploads\/2017\/08\/familienklettern-20170820-28.jpg?fit=750%2C500&#038;ssl=1\" src=\"https:\/\/i0.wp.com\/idnu.ch\/wordpress\/wp-content\/uploads\/2017\/08\/familienklettern-20170820-28.jpg?w=302&#038;h=201&#038;ssl=1\" srcset=\"https:\/\/i0.wp.com\/idnu.ch\/wordpress\/wp-content\/uploads\/2017\/08\/familienklettern-20170820-28.jpg?w=1400&amp;ssl=1 1400w, https:\/\/i0.wp.com\/idnu.ch\/wordpress\/wp-content\/uploads\/2017\/08\/familienklettern-20170820-28.jpg?resize=300%2C200&amp;ssl=1 300w, https:\/\/i0.wp.com\/idnu.ch\/wordpress\/wp-content\/uploads\/2017\/08\/familienklettern-20170820-28.jpg?resize=768%2C512&amp;ssl=1 768w, https:\/\/i0.wp.com\/idnu.ch\/wordpress\/wp-content\/uploads\/2017\/08\/familienklettern-20170820-28.jpg?resize=1024%2C682&amp;ssl=1 1024w, https:\/\/i0.wp.com\/idnu.ch\/wordpress\/wp-content\/uploads\/2017\/08\/familienklettern-20170820-28.jpg?resize=150%2C100&amp;ssl=1 150w\" width=\"302\" height=\"201\" loading=\"lazy\" data-original-width=\"302\" data-original-height=\"201\" itemprop=\"http:\/\/schema.org\/image\" title=\"Klettern im Sektor 1\" alt=\"Klettern im Sektor 1\" style=\"width: 302px; height: 201px;\" \/> <\/a> <\/div> <\/div> <!-- close group --> <\/div> <!-- close row --> <div class=\"gallery-row\" style=\"width: 750px; height: 346px;\" data-original-width=\"750\" data-original-height=\"346\" > <div class=\"gallery-group images-1\" style=\"width: 518px; height: 346px;\" data-original-width=\"518\" data-original-height=\"346\" > <div class=\"tiled-gallery-item tiled-gallery-item-large\" itemprop=\"associatedMedia\" itemscope itemtype=\"http:\/\/schema.org\/ImageObject\"> <a href=\"https:\/\/idnu.ch\/wordpress\/griffiger-fels-auf-der-melchsee-frutt\/familienklettern-20170820-29\/#main\" border=\"0\" itemprop=\"url\"> <meta itemprop=\"width\" content=\"514\"> <meta itemprop=\"height\" content=\"342\"> <img decoding=\"async\" class=\"\" data-attachment-id=\"8206\" data-orig-file=\"https:\/\/idnu.ch\/wordpress\/wp-content\/uploads\/2017\/08\/familienklettern-20170820-29.jpg\" data-orig-size=\"1400,933\" data-comments-opened=\"1\" data-image-meta=\"{&quot;aperture&quot;:&quot;8&quot;,&quot;credit&quot;:&quot;Urs Kyburz&quot;,&quot;camera&quot;:&quot;Canon EOS 60D&quot;,&quot;caption&quot;:&quot;&quot;,&quot;created_timestamp&quot;:&quot;1503231911&quot;,&quot;copyright&quot;:&quot;\\u00a9 Urs Kyburz&quot;,&quot;focal_length&quot;:&quot;19&quot;,&quot;iso&quot;:&quot;100&quot;,&quot;shutter_speed&quot;:&quot;0.01&quot;,&quot;title&quot;:&quot;&quot;,&quot;orientation&quot;:&quot;0&quot;}\" data-image-title=\"Klettern im Sektor 1\" data-image-description=\"\" data-medium-file=\"https:\/\/i0.wp.com\/idnu.ch\/wordpress\/wp-content\/uploads\/2017\/08\/familienklettern-20170820-29.jpg?fit=300%2C200&#038;ssl=1\" data-large-file=\"https:\/\/i0.wp.com\/idnu.ch\/wordpress\/wp-content\/uploads\/2017\/08\/familienklettern-20170820-29.jpg?fit=750%2C500&#038;ssl=1\" src=\"https:\/\/i0.wp.com\/idnu.ch\/wordpress\/wp-content\/uploads\/2017\/08\/familienklettern-20170820-29.jpg?w=514&#038;h=342&#038;ssl=1\" srcset=\"https:\/\/i0.wp.com\/idnu.ch\/wordpress\/wp-content\/uploads\/2017\/08\/familienklettern-20170820-29.jpg?w=1400&amp;ssl=1 1400w, https:\/\/i0.wp.com\/idnu.ch\/wordpress\/wp-content\/uploads\/2017\/08\/familienklettern-20170820-29.jpg?resize=300%2C200&amp;ssl=1 300w, https:\/\/i0.wp.com\/idnu.ch\/wordpress\/wp-content\/uploads\/2017\/08\/familienklettern-20170820-29.jpg?resize=768%2C512&amp;ssl=1 768w, https:\/\/i0.wp.com\/idnu.ch\/wordpress\/wp-content\/uploads\/2017\/08\/familienklettern-20170820-29.jpg?resize=1024%2C682&amp;ssl=1 1024w, https:\/\/i0.wp.com\/idnu.ch\/wordpress\/wp-content\/uploads\/2017\/08\/familienklettern-20170820-29.jpg?resize=150%2C100&amp;ssl=1 150w\" width=\"514\" height=\"342\" loading=\"lazy\" data-original-width=\"514\" data-original-height=\"342\" itemprop=\"http:\/\/schema.org\/image\" title=\"Klettern im Sektor 1\" alt=\"Klettern im Sektor 1\" style=\"width: 514px; height: 342px;\" \/> <\/a> <\/div> <\/div> <!-- close group --> <div class=\"gallery-group images-1\" style=\"width: 232px; height: 346px;\" data-original-width=\"232\" data-original-height=\"346\" > <div class=\"tiled-gallery-item tiled-gallery-item-small\" itemprop=\"associatedMedia\" itemscope itemtype=\"http:\/\/schema.org\/ImageObject\"> <a href=\"https:\/\/idnu.ch\/wordpress\/griffiger-fels-auf-der-melchsee-frutt\/familienklettern-20170820-39\/#main\" border=\"0\" itemprop=\"url\"> <meta itemprop=\"width\" content=\"228\"> <meta itemprop=\"height\" content=\"342\"> <img decoding=\"async\" class=\"\" data-attachment-id=\"8207\" data-orig-file=\"https:\/\/idnu.ch\/wordpress\/wp-content\/uploads\/2017\/08\/familienklettern-20170820-39.jpg\" data-orig-size=\"933,1400\" data-comments-opened=\"1\" data-image-meta=\"{&quot;aperture&quot;:&quot;4&quot;,&quot;credit&quot;:&quot;Urs Kyburz&quot;,&quot;camera&quot;:&quot;Canon EOS 60D&quot;,&quot;caption&quot;:&quot;&quot;,&quot;created_timestamp&quot;:&quot;1503238153&quot;,&quot;copyright&quot;:&quot;\\u00a9 Urs Kyburz&quot;,&quot;focal_length&quot;:&quot;40&quot;,&quot;iso&quot;:&quot;100&quot;,&quot;shutter_speed&quot;:&quot;0.005&quot;,&quot;title&quot;:&quot;&quot;,&quot;orientation&quot;:&quot;0&quot;}\" data-image-title=\"Klettern im Sektor 1\" data-image-description=\"\" data-medium-file=\"https:\/\/i0.wp.com\/idnu.ch\/wordpress\/wp-content\/uploads\/2017\/08\/familienklettern-20170820-39.jpg?fit=200%2C300&#038;ssl=1\" data-large-file=\"https:\/\/i0.wp.com\/idnu.ch\/wordpress\/wp-content\/uploads\/2017\/08\/familienklettern-20170820-39.jpg?fit=682%2C1024&#038;ssl=1\" src=\"https:\/\/i0.wp.com\/idnu.ch\/wordpress\/wp-content\/uploads\/2017\/08\/familienklettern-20170820-39.jpg?w=228&#038;h=342&#038;ssl=1\" srcset=\"https:\/\/i0.wp.com\/idnu.ch\/wordpress\/wp-content\/uploads\/2017\/08\/familienklettern-20170820-39.jpg?w=933&amp;ssl=1 933w, https:\/\/i0.wp.com\/idnu.ch\/wordpress\/wp-content\/uploads\/2017\/08\/familienklettern-20170820-39.jpg?resize=200%2C300&amp;ssl=1 200w, https:\/\/i0.wp.com\/idnu.ch\/wordpress\/wp-content\/uploads\/2017\/08\/familienklettern-20170820-39.jpg?resize=768%2C1152&amp;ssl=1 768w, https:\/\/i0.wp.com\/idnu.ch\/wordpress\/wp-content\/uploads\/2017\/08\/familienklettern-20170820-39.jpg?resize=682%2C1024&amp;ssl=1 682w, https:\/\/i0.wp.com\/idnu.ch\/wordpress\/wp-content\/uploads\/2017\/08\/familienklettern-20170820-39.jpg?resize=67%2C100&amp;ssl=1 67w\" width=\"228\" height=\"342\" loading=\"lazy\" data-original-width=\"228\" data-original-height=\"342\" itemprop=\"http:\/\/schema.org\/image\" title=\"Klettern im Sektor 1\" alt=\"Klettern im Sektor 1\" style=\"width: 228px; height: 342px;\" \/> <\/a> <\/div> <\/div> <!-- close group --> <\/div> <!-- close row --> <div class=\"gallery-row\" style=\"width: 750px; height: 153px;\" data-original-width=\"750\" data-original-height=\"153\" > <div class=\"gallery-group images-1\" style=\"width: 228px; height: 153px;\" data-original-width=\"228\" data-original-height=\"153\" > <div class=\"tiled-gallery-item tiled-gallery-item-small\" itemprop=\"associatedMedia\" itemscope itemtype=\"http:\/\/schema.org\/ImageObject\"> <a href=\"https:\/\/idnu.ch\/wordpress\/griffiger-fels-auf-der-melchsee-frutt\/familienklettern-20170820-42\/#main\" border=\"0\" itemprop=\"url\"> <meta itemprop=\"width\" content=\"224\"> <meta itemprop=\"height\" content=\"149\"> <img decoding=\"async\" class=\"\" data-attachment-id=\"8208\" data-orig-file=\"https:\/\/idnu.ch\/wordpress\/wp-content\/uploads\/2017\/08\/familienklettern-20170820-42.jpg\" data-orig-size=\"1400,933\" data-comments-opened=\"1\" data-image-meta=\"{&quot;aperture&quot;:&quot;4&quot;,&quot;credit&quot;:&quot;Urs Kyburz&quot;,&quot;camera&quot;:&quot;Canon EOS 60D&quot;,&quot;caption&quot;:&quot;&quot;,&quot;created_timestamp&quot;:&quot;1503238178&quot;,&quot;copyright&quot;:&quot;\\u00a9 Urs Kyburz&quot;,&quot;focal_length&quot;:&quot;17&quot;,&quot;iso&quot;:&quot;100&quot;,&quot;shutter_speed&quot;:&quot;0.002&quot;,&quot;title&quot;:&quot;&quot;,&quot;orientation&quot;:&quot;0&quot;}\" data-image-title=\"Klettern im Sektor 1\" data-image-description=\"\" data-medium-file=\"https:\/\/i0.wp.com\/idnu.ch\/wordpress\/wp-content\/uploads\/2017\/08\/familienklettern-20170820-42.jpg?fit=300%2C200&#038;ssl=1\" data-large-file=\"https:\/\/i0.wp.com\/idnu.ch\/wordpress\/wp-content\/uploads\/2017\/08\/familienklettern-20170820-42.jpg?fit=750%2C500&#038;ssl=1\" src=\"https:\/\/i0.wp.com\/idnu.ch\/wordpress\/wp-content\/uploads\/2017\/08\/familienklettern-20170820-42.jpg?w=224&#038;h=149&#038;ssl=1\" srcset=\"https:\/\/i0.wp.com\/idnu.ch\/wordpress\/wp-content\/uploads\/2017\/08\/familienklettern-20170820-42.jpg?w=1400&amp;ssl=1 1400w, https:\/\/i0.wp.com\/idnu.ch\/wordpress\/wp-content\/uploads\/2017\/08\/familienklettern-20170820-42.jpg?resize=300%2C200&amp;ssl=1 300w, https:\/\/i0.wp.com\/idnu.ch\/wordpress\/wp-content\/uploads\/2017\/08\/familienklettern-20170820-42.jpg?resize=768%2C512&amp;ssl=1 768w, https:\/\/i0.wp.com\/idnu.ch\/wordpress\/wp-content\/uploads\/2017\/08\/familienklettern-20170820-42.jpg?resize=1024%2C682&amp;ssl=1 1024w, https:\/\/i0.wp.com\/idnu.ch\/wordpress\/wp-content\/uploads\/2017\/08\/familienklettern-20170820-42.jpg?resize=150%2C100&amp;ssl=1 150w\" width=\"224\" height=\"149\" loading=\"lazy\" data-original-width=\"224\" data-original-height=\"149\" itemprop=\"http:\/\/schema.org\/image\" title=\"Klettern im Sektor 1\" alt=\"Klettern im Sektor 1\" style=\"width: 224px; height: 149px;\" \/> <\/a> <\/div> <\/div> <!-- close group --> <div class=\"gallery-group images-1\" style=\"width: 103px; height: 153px;\" data-original-width=\"103\" data-original-height=\"153\" > <div class=\"tiled-gallery-item tiled-gallery-item-small\" itemprop=\"associatedMedia\" itemscope itemtype=\"http:\/\/schema.org\/ImageObject\"> <a href=\"https:\/\/idnu.ch\/wordpress\/griffiger-fels-auf-der-melchsee-frutt\/familienklettern-20170820-46\/#main\" border=\"0\" itemprop=\"url\"> <meta itemprop=\"width\" content=\"99\"> <meta itemprop=\"height\" content=\"149\"> <img decoding=\"async\" class=\"\" data-attachment-id=\"8209\" data-orig-file=\"https:\/\/idnu.ch\/wordpress\/wp-content\/uploads\/2017\/08\/familienklettern-20170820-46.jpg\" data-orig-size=\"933,1400\" data-comments-opened=\"1\" data-image-meta=\"{&quot;aperture&quot;:&quot;4.5&quot;,&quot;credit&quot;:&quot;Urs Kyburz&quot;,&quot;camera&quot;:&quot;Canon EOS 60D&quot;,&quot;caption&quot;:&quot;&quot;,&quot;created_timestamp&quot;:&quot;1503238526&quot;,&quot;copyright&quot;:&quot;\\u00a9 Urs Kyburz&quot;,&quot;focal_length&quot;:&quot;25&quot;,&quot;iso&quot;:&quot;100&quot;,&quot;shutter_speed&quot;:&quot;0.0015625&quot;,&quot;title&quot;:&quot;&quot;,&quot;orientation&quot;:&quot;0&quot;}\" data-image-title=\"Klettern im Sektor 1\" data-image-description=\"\" data-medium-file=\"https:\/\/i0.wp.com\/idnu.ch\/wordpress\/wp-content\/uploads\/2017\/08\/familienklettern-20170820-46.jpg?fit=200%2C300&#038;ssl=1\" data-large-file=\"https:\/\/i0.wp.com\/idnu.ch\/wordpress\/wp-content\/uploads\/2017\/08\/familienklettern-20170820-46.jpg?fit=682%2C1024&#038;ssl=1\" src=\"https:\/\/i0.wp.com\/idnu.ch\/wordpress\/wp-content\/uploads\/2017\/08\/familienklettern-20170820-46.jpg?w=99&#038;h=149&#038;ssl=1\" srcset=\"https:\/\/i0.wp.com\/idnu.ch\/wordpress\/wp-content\/uploads\/2017\/08\/familienklettern-20170820-46.jpg?w=933&amp;ssl=1 933w, https:\/\/i0.wp.com\/idnu.ch\/wordpress\/wp-content\/uploads\/2017\/08\/familienklettern-20170820-46.jpg?resize=200%2C300&amp;ssl=1 200w, https:\/\/i0.wp.com\/idnu.ch\/wordpress\/wp-content\/uploads\/2017\/08\/familienklettern-20170820-46.jpg?resize=768%2C1152&amp;ssl=1 768w, https:\/\/i0.wp.com\/idnu.ch\/wordpress\/wp-content\/uploads\/2017\/08\/familienklettern-20170820-46.jpg?resize=682%2C1024&amp;ssl=1 682w, https:\/\/i0.wp.com\/idnu.ch\/wordpress\/wp-content\/uploads\/2017\/08\/familienklettern-20170820-46.jpg?resize=67%2C100&amp;ssl=1 67w\" width=\"99\" height=\"149\" loading=\"lazy\" data-original-width=\"99\" data-original-height=\"149\" itemprop=\"http:\/\/schema.org\/image\" title=\"Klettern im Sektor 1\" alt=\"Klettern im Sektor 1\" style=\"width: 99px; height: 149px;\" \/> <\/a> <\/div> <\/div> <!-- close group --> <div class=\"gallery-group images-1\" style=\"width: 228px; height: 153px;\" data-original-width=\"228\" data-original-height=\"153\" > <div class=\"tiled-gallery-item tiled-gallery-item-small\" itemprop=\"associatedMedia\" itemscope itemtype=\"http:\/\/schema.org\/ImageObject\"> <a href=\"https:\/\/idnu.ch\/wordpress\/griffiger-fels-auf-der-melchsee-frutt\/familienklettern-20170820-54\/#main\" border=\"0\" itemprop=\"url\"> <meta itemprop=\"width\" content=\"224\"> <meta itemprop=\"height\" content=\"149\"> <img decoding=\"async\" class=\"\" data-attachment-id=\"8210\" data-orig-file=\"https:\/\/idnu.ch\/wordpress\/wp-content\/uploads\/2017\/08\/familienklettern-20170820-54.jpg\" data-orig-size=\"1400,933\" data-comments-opened=\"1\" data-image-meta=\"{&quot;aperture&quot;:&quot;8&quot;,&quot;credit&quot;:&quot;Urs Kyburz&quot;,&quot;camera&quot;:&quot;Canon EOS 60D&quot;,&quot;caption&quot;:&quot;&quot;,&quot;created_timestamp&quot;:&quot;1503240949&quot;,&quot;copyright&quot;:&quot;\\u00a9 Urs Kyburz&quot;,&quot;focal_length&quot;:&quot;22&quot;,&quot;iso&quot;:&quot;100&quot;,&quot;shutter_speed&quot;:&quot;0.003125&quot;,&quot;title&quot;:&quot;&quot;,&quot;orientation&quot;:&quot;0&quot;}\" data-image-title=\"Klettern im Sektor 1\" data-image-description=\"\" data-medium-file=\"https:\/\/i0.wp.com\/idnu.ch\/wordpress\/wp-content\/uploads\/2017\/08\/familienklettern-20170820-54.jpg?fit=300%2C200&#038;ssl=1\" data-large-file=\"https:\/\/i0.wp.com\/idnu.ch\/wordpress\/wp-content\/uploads\/2017\/08\/familienklettern-20170820-54.jpg?fit=750%2C500&#038;ssl=1\" src=\"https:\/\/i0.wp.com\/idnu.ch\/wordpress\/wp-content\/uploads\/2017\/08\/familienklettern-20170820-54.jpg?w=224&#038;h=149&#038;ssl=1\" srcset=\"https:\/\/i0.wp.com\/idnu.ch\/wordpress\/wp-content\/uploads\/2017\/08\/familienklettern-20170820-54.jpg?w=1400&amp;ssl=1 1400w, https:\/\/i0.wp.com\/idnu.ch\/wordpress\/wp-content\/uploads\/2017\/08\/familienklettern-20170820-54.jpg?resize=300%2C200&amp;ssl=1 300w, https:\/\/i0.wp.com\/idnu.ch\/wordpress\/wp-content\/uploads\/2017\/08\/familienklettern-20170820-54.jpg?resize=768%2C512&amp;ssl=1 768w, https:\/\/i0.wp.com\/idnu.ch\/wordpress\/wp-content\/uploads\/2017\/08\/familienklettern-20170820-54.jpg?resize=1024%2C682&amp;ssl=1 1024w, https:\/\/i0.wp.com\/idnu.ch\/wordpress\/wp-content\/uploads\/2017\/08\/familienklettern-20170820-54.jpg?resize=150%2C100&amp;ssl=1 150w\" width=\"224\" height=\"149\" loading=\"lazy\" data-original-width=\"224\" data-original-height=\"149\" itemprop=\"http:\/\/schema.org\/image\" title=\"Klettern im Sektor 1\" alt=\"Klettern im Sektor 1\" style=\"width: 224px; height: 149px;\" \/> <\/a> <\/div> <\/div> <!-- close group --> <div class=\"gallery-group images-1\" style=\"width: 191px; height: 153px;\" data-original-width=\"191\" data-original-height=\"153\" > <div class=\"tiled-gallery-item tiled-gallery-item-small\" itemprop=\"associatedMedia\" itemscope itemtype=\"http:\/\/schema.org\/ImageObject\"> <a href=\"https:\/\/idnu.ch\/wordpress\/griffiger-fels-auf-der-melchsee-frutt\/familienklettern-20170820-57\/#main\" border=\"0\" itemprop=\"url\"> <meta itemprop=\"width\" content=\"187\"> <meta itemprop=\"height\" content=\"149\"> <img decoding=\"async\" class=\"\" data-attachment-id=\"8211\" data-orig-file=\"https:\/\/idnu.ch\/wordpress\/wp-content\/uploads\/2017\/08\/familienklettern-20170820-57.jpg\" data-orig-size=\"1400,1120\" data-comments-opened=\"1\" data-image-meta=\"{&quot;aperture&quot;:&quot;8&quot;,&quot;credit&quot;:&quot;Urs Kyburz&quot;,&quot;camera&quot;:&quot;Canon EOS 60D&quot;,&quot;caption&quot;:&quot;&quot;,&quot;created_timestamp&quot;:&quot;1503241407&quot;,&quot;copyright&quot;:&quot;\\u00a9 Urs Kyburz&quot;,&quot;focal_length&quot;:&quot;17&quot;,&quot;iso&quot;:&quot;100&quot;,&quot;shutter_speed&quot;:&quot;0.0015625&quot;,&quot;title&quot;:&quot;&quot;,&quot;orientation&quot;:&quot;0&quot;}\" data-image-title=\"Klettern im Sektor 1\" data-image-description=\"\" data-medium-file=\"https:\/\/i0.wp.com\/idnu.ch\/wordpress\/wp-content\/uploads\/2017\/08\/familienklettern-20170820-57.jpg?fit=300%2C240&#038;ssl=1\" data-large-file=\"https:\/\/i0.wp.com\/idnu.ch\/wordpress\/wp-content\/uploads\/2017\/08\/familienklettern-20170820-57.jpg?fit=750%2C600&#038;ssl=1\" src=\"https:\/\/i0.wp.com\/idnu.ch\/wordpress\/wp-content\/uploads\/2017\/08\/familienklettern-20170820-57.jpg?w=187&#038;h=149&#038;ssl=1\" srcset=\"https:\/\/i0.wp.com\/idnu.ch\/wordpress\/wp-content\/uploads\/2017\/08\/familienklettern-20170820-57.jpg?w=1400&amp;ssl=1 1400w, https:\/\/i0.wp.com\/idnu.ch\/wordpress\/wp-content\/uploads\/2017\/08\/familienklettern-20170820-57.jpg?resize=300%2C240&amp;ssl=1 300w, https:\/\/i0.wp.com\/idnu.ch\/wordpress\/wp-content\/uploads\/2017\/08\/familienklettern-20170820-57.jpg?resize=768%2C614&amp;ssl=1 768w, https:\/\/i0.wp.com\/idnu.ch\/wordpress\/wp-content\/uploads\/2017\/08\/familienklettern-20170820-57.jpg?resize=1024%2C819&amp;ssl=1 1024w, https:\/\/i0.wp.com\/idnu.ch\/wordpress\/wp-content\/uploads\/2017\/08\/familienklettern-20170820-57.jpg?resize=125%2C100&amp;ssl=1 125w\" width=\"187\" height=\"149\" loading=\"lazy\" data-original-width=\"187\" data-original-height=\"149\" itemprop=\"http:\/\/schema.org\/image\" title=\"Klettern im Sektor 1\" alt=\"Klettern im Sektor 1\" style=\"width: 187px; height: 149px;\" \/> <\/a> <\/div> <\/div> <!-- close group --> <\/div> <!-- close row --> <\/div>\n<h3>Fabian will es wissen<\/h3>\n<p>Fabian hat eine 5a geklettert und ist nun auf der Suche nach etwas mehr. Wir steigen den Weg dem Fels entlang hoch, bis er eine passende Route sieht.<\/p>\n<blockquote><p>Oh, die sieht sch\u00f6n aus, die versuche ich.<\/p><\/blockquote>\n<p>Okay, es ist eine 6a, ziemlich \u00fcberh\u00e4ngend. Der junge Herr will es wissen. Schon der Einstieg in die Route hat es in sich, startet gleich \u00fcberh\u00e4ngend, aber mit guten Griffen &#8211; wenn man sie erreichen kann. Er muss sich schon abm\u00fchen, erreicht aber die erste Zwischensicherung. Er klettert von Haken zu Haken, steigt hoch, wieder zur\u00fcck. Dazwischen ist eine sehr nasse Stelle, er muss einen Umweg suchen. Bald erreicht er die Umlenkung. Super! Ich lasse ihn hinunter, er landet etwa drei Meter von der Wand entfernt.<br \/>\n<a href=\"https:\/\/i0.wp.com\/idnu.ch\/wordpress\/wp-content\/uploads\/2017\/08\/twitter_tweet.jpg?ssl=1\"><img data-recalc-dims=\"1\" loading=\"lazy\" decoding=\"async\" data-attachment-id=\"27491\" data-permalink=\"https:\/\/idnu.ch\/wordpress\/griffiger-fels-auf-der-melchsee-frutt\/twitter_tweet\/#main\" data-orig-file=\"https:\/\/i0.wp.com\/idnu.ch\/wordpress\/wp-content\/uploads\/2017\/08\/twitter_tweet.jpg?fit=408%2C826&amp;ssl=1\" data-orig-size=\"408,826\" data-comments-opened=\"1\" data-image-meta=\"{&quot;aperture&quot;:&quot;0&quot;,&quot;credit&quot;:&quot;&quot;,&quot;camera&quot;:&quot;&quot;,&quot;caption&quot;:&quot;&quot;,&quot;created_timestamp&quot;:&quot;0&quot;,&quot;copyright&quot;:&quot;&quot;,&quot;focal_length&quot;:&quot;0&quot;,&quot;iso&quot;:&quot;0&quot;,&quot;shutter_speed&quot;:&quot;0&quot;,&quot;title&quot;:&quot;&quot;,&quot;orientation&quot;:&quot;0&quot;}\" data-image-title=\"\" data-image-description=\"\" data-image-caption=\"\" data-large-file=\"https:\/\/i0.wp.com\/idnu.ch\/wordpress\/wp-content\/uploads\/2017\/08\/twitter_tweet.jpg?fit=408%2C826&amp;ssl=1\" class=\"wp-image-27491 size-medium aligncenter\" src=\"https:\/\/i0.wp.com\/idnu.ch\/wordpress\/wp-content\/uploads\/2017\/08\/twitter_tweet.jpg?resize=148%2C300&#038;ssl=1\" alt=\"\" width=\"148\" height=\"300\" srcset=\"https:\/\/i0.wp.com\/idnu.ch\/wordpress\/wp-content\/uploads\/2017\/08\/twitter_tweet.jpg?resize=148%2C300&amp;ssl=1 148w, https:\/\/i0.wp.com\/idnu.ch\/wordpress\/wp-content\/uploads\/2017\/08\/twitter_tweet.jpg?resize=49%2C100&amp;ssl=1 49w, https:\/\/i0.wp.com\/idnu.ch\/wordpress\/wp-content\/uploads\/2017\/08\/twitter_tweet.jpg?w=408&amp;ssl=1 408w\" sizes=\"auto, (max-width: 148px) 100vw, 148px\" \/><\/a><br \/>\nTja, nun sind wir an der Reihe. Ich versuche es zuerst, dann meine Frau. Wir schaffen es beide, aber die Route ist beileibe kein Spaziergang, ich muss auch einmal ruhen.<\/p>\n<div class=\"tiled-gallery type-rectangular tiled-gallery-unresized\" data-original-width=\"750\" data-carousel-extra='{&quot;blog_id&quot;:1,&quot;permalink&quot;:&quot;https:\\\/\\\/idnu.ch\\\/wordpress\\\/griffiger-fels-auf-der-melchsee-frutt\\\/&quot;,&quot;likes_blog_id&quot;:100184974}' itemscope itemtype=\"http:\/\/schema.org\/ImageGallery\" > <div class=\"gallery-row\" style=\"width: 750px; height: 335px;\" data-original-width=\"750\" data-original-height=\"335\" > <div class=\"gallery-group images-1\" style=\"width: 501px; height: 335px;\" data-original-width=\"501\" data-original-height=\"335\" > <div class=\"tiled-gallery-item tiled-gallery-item-large\" itemprop=\"associatedMedia\" itemscope itemtype=\"http:\/\/schema.org\/ImageObject\"> <a href=\"https:\/\/idnu.ch\/wordpress\/griffiger-fels-auf-der-melchsee-frutt\/familienklettern-20170820-51\/#main\" border=\"0\" itemprop=\"url\"> <meta itemprop=\"width\" content=\"497\"> <meta itemprop=\"height\" content=\"331\"> <img decoding=\"async\" class=\"\" data-attachment-id=\"8212\" data-orig-file=\"https:\/\/idnu.ch\/wordpress\/wp-content\/uploads\/2017\/08\/familienklettern-20170820-51.jpg\" data-orig-size=\"1400,933\" data-comments-opened=\"1\" data-image-meta=\"{&quot;aperture&quot;:&quot;8&quot;,&quot;credit&quot;:&quot;Urs Kyburz&quot;,&quot;camera&quot;:&quot;Canon EOS 60D&quot;,&quot;caption&quot;:&quot;&quot;,&quot;created_timestamp&quot;:&quot;1503240136&quot;,&quot;copyright&quot;:&quot;\\u00a9 Urs Kyburz&quot;,&quot;focal_length&quot;:&quot;27&quot;,&quot;iso&quot;:&quot;100&quot;,&quot;shutter_speed&quot;:&quot;0.008&quot;,&quot;title&quot;:&quot;&quot;,&quot;orientation&quot;:&quot;0&quot;}\" data-image-title=\"Die beiden Wanderer sind auch angekommen\" data-image-description=\"\" data-medium-file=\"https:\/\/i0.wp.com\/idnu.ch\/wordpress\/wp-content\/uploads\/2017\/08\/familienklettern-20170820-51.jpg?fit=300%2C200&#038;ssl=1\" data-large-file=\"https:\/\/i0.wp.com\/idnu.ch\/wordpress\/wp-content\/uploads\/2017\/08\/familienklettern-20170820-51.jpg?fit=750%2C500&#038;ssl=1\" src=\"https:\/\/i0.wp.com\/idnu.ch\/wordpress\/wp-content\/uploads\/2017\/08\/familienklettern-20170820-51.jpg?w=497&#038;h=331&#038;ssl=1\" srcset=\"https:\/\/i0.wp.com\/idnu.ch\/wordpress\/wp-content\/uploads\/2017\/08\/familienklettern-20170820-51.jpg?w=1400&amp;ssl=1 1400w, https:\/\/i0.wp.com\/idnu.ch\/wordpress\/wp-content\/uploads\/2017\/08\/familienklettern-20170820-51.jpg?resize=300%2C200&amp;ssl=1 300w, https:\/\/i0.wp.com\/idnu.ch\/wordpress\/wp-content\/uploads\/2017\/08\/familienklettern-20170820-51.jpg?resize=768%2C512&amp;ssl=1 768w, https:\/\/i0.wp.com\/idnu.ch\/wordpress\/wp-content\/uploads\/2017\/08\/familienklettern-20170820-51.jpg?resize=1024%2C682&amp;ssl=1 1024w, https:\/\/i0.wp.com\/idnu.ch\/wordpress\/wp-content\/uploads\/2017\/08\/familienklettern-20170820-51.jpg?resize=150%2C100&amp;ssl=1 150w\" width=\"497\" height=\"331\" loading=\"lazy\" data-original-width=\"497\" data-original-height=\"331\" itemprop=\"http:\/\/schema.org\/image\" title=\"Die beiden Wanderer sind auch angekommen\" alt=\"Die beiden Wanderer sind auch angekommen\" style=\"width: 497px; height: 331px;\" \/> <\/a> <div class=\"tiled-gallery-caption\" itemprop=\"caption description\"> Die beiden Wanderer sind auch angekommen <\/div> <\/div> <\/div> <!-- close group --> <div class=\"gallery-group images-2\" style=\"width: 249px; height: 335px;\" data-original-width=\"249\" data-original-height=\"335\" > <div class=\"tiled-gallery-item tiled-gallery-item-small\" itemprop=\"associatedMedia\" itemscope itemtype=\"http:\/\/schema.org\/ImageObject\"> <a href=\"https:\/\/idnu.ch\/wordpress\/griffiger-fels-auf-der-melchsee-frutt\/familienklettern-20170820-58\/#main\" border=\"0\" itemprop=\"url\"> <meta itemprop=\"width\" content=\"245\"> <meta itemprop=\"height\" content=\"164\"> <img decoding=\"async\" class=\"\" data-attachment-id=\"8213\" data-orig-file=\"https:\/\/idnu.ch\/wordpress\/wp-content\/uploads\/2017\/08\/familienklettern-20170820-58.jpg\" data-orig-size=\"1400,933\" data-comments-opened=\"1\" data-image-meta=\"{&quot;aperture&quot;:&quot;8&quot;,&quot;credit&quot;:&quot;Urs Kyburz&quot;,&quot;camera&quot;:&quot;Canon EOS 60D&quot;,&quot;caption&quot;:&quot;&quot;,&quot;created_timestamp&quot;:&quot;1503242416&quot;,&quot;copyright&quot;:&quot;\\u00a9 Urs Kyburz&quot;,&quot;focal_length&quot;:&quot;17&quot;,&quot;iso&quot;:&quot;100&quot;,&quot;shutter_speed&quot;:&quot;0.003125&quot;,&quot;title&quot;:&quot;&quot;,&quot;orientation&quot;:&quot;0&quot;}\" data-image-title=\"Sch\u00f6ne Klettereien, einfach erreichbar\" data-image-description=\"\" data-medium-file=\"https:\/\/i0.wp.com\/idnu.ch\/wordpress\/wp-content\/uploads\/2017\/08\/familienklettern-20170820-58.jpg?fit=300%2C200&#038;ssl=1\" data-large-file=\"https:\/\/i0.wp.com\/idnu.ch\/wordpress\/wp-content\/uploads\/2017\/08\/familienklettern-20170820-58.jpg?fit=750%2C500&#038;ssl=1\" src=\"https:\/\/i0.wp.com\/idnu.ch\/wordpress\/wp-content\/uploads\/2017\/08\/familienklettern-20170820-58.jpg?w=245&#038;h=164&#038;ssl=1\" srcset=\"https:\/\/i0.wp.com\/idnu.ch\/wordpress\/wp-content\/uploads\/2017\/08\/familienklettern-20170820-58.jpg?w=1400&amp;ssl=1 1400w, https:\/\/i0.wp.com\/idnu.ch\/wordpress\/wp-content\/uploads\/2017\/08\/familienklettern-20170820-58.jpg?resize=300%2C200&amp;ssl=1 300w, https:\/\/i0.wp.com\/idnu.ch\/wordpress\/wp-content\/uploads\/2017\/08\/familienklettern-20170820-58.jpg?resize=768%2C512&amp;ssl=1 768w, https:\/\/i0.wp.com\/idnu.ch\/wordpress\/wp-content\/uploads\/2017\/08\/familienklettern-20170820-58.jpg?resize=1024%2C682&amp;ssl=1 1024w, https:\/\/i0.wp.com\/idnu.ch\/wordpress\/wp-content\/uploads\/2017\/08\/familienklettern-20170820-58.jpg?resize=150%2C100&amp;ssl=1 150w\" width=\"245\" height=\"164\" loading=\"lazy\" data-original-width=\"245\" data-original-height=\"164\" itemprop=\"http:\/\/schema.org\/image\" title=\"Sch\u00f6ne Klettereien, einfach erreichbar\" alt=\"Sch\u00f6ne Klettereien, einfach erreichbar\" style=\"width: 245px; height: 164px;\" \/> <\/a> <div class=\"tiled-gallery-caption\" itemprop=\"caption description\"> Sch\u00f6ne Klettereien, einfach erreichbar <\/div> <\/div> <div class=\"tiled-gallery-item tiled-gallery-item-small\" itemprop=\"associatedMedia\" itemscope itemtype=\"http:\/\/schema.org\/ImageObject\"> <a href=\"https:\/\/idnu.ch\/wordpress\/griffiger-fels-auf-der-melchsee-frutt\/familienklettern-20170820-59\/#main\" border=\"0\" itemprop=\"url\"> <meta itemprop=\"width\" content=\"245\"> <meta itemprop=\"height\" content=\"163\"> <img decoding=\"async\" class=\"\" data-attachment-id=\"8214\" data-orig-file=\"https:\/\/idnu.ch\/wordpress\/wp-content\/uploads\/2017\/08\/familienklettern-20170820-59.jpg\" data-orig-size=\"1400,933\" data-comments-opened=\"1\" data-image-meta=\"{&quot;aperture&quot;:&quot;8&quot;,&quot;credit&quot;:&quot;Urs Kyburz&quot;,&quot;camera&quot;:&quot;Canon EOS 60D&quot;,&quot;caption&quot;:&quot;&quot;,&quot;created_timestamp&quot;:&quot;1503242896&quot;,&quot;copyright&quot;:&quot;\\u00a9 Urs Kyburz&quot;,&quot;focal_length&quot;:&quot;17&quot;,&quot;iso&quot;:&quot;100&quot;,&quot;shutter_speed&quot;:&quot;0.004&quot;,&quot;title&quot;:&quot;&quot;,&quot;orientation&quot;:&quot;0&quot;}\" data-image-title=\"Sch\u00f6ne Stimmung beim Melchsee\" data-image-description=\"\" data-medium-file=\"https:\/\/i0.wp.com\/idnu.ch\/wordpress\/wp-content\/uploads\/2017\/08\/familienklettern-20170820-59.jpg?fit=300%2C200&#038;ssl=1\" data-large-file=\"https:\/\/i0.wp.com\/idnu.ch\/wordpress\/wp-content\/uploads\/2017\/08\/familienklettern-20170820-59.jpg?fit=750%2C500&#038;ssl=1\" src=\"https:\/\/i0.wp.com\/idnu.ch\/wordpress\/wp-content\/uploads\/2017\/08\/familienklettern-20170820-59.jpg?w=245&#038;h=163&#038;ssl=1\" srcset=\"https:\/\/i0.wp.com\/idnu.ch\/wordpress\/wp-content\/uploads\/2017\/08\/familienklettern-20170820-59.jpg?w=1400&amp;ssl=1 1400w, https:\/\/i0.wp.com\/idnu.ch\/wordpress\/wp-content\/uploads\/2017\/08\/familienklettern-20170820-59.jpg?resize=300%2C200&amp;ssl=1 300w, https:\/\/i0.wp.com\/idnu.ch\/wordpress\/wp-content\/uploads\/2017\/08\/familienklettern-20170820-59.jpg?resize=768%2C512&amp;ssl=1 768w, https:\/\/i0.wp.com\/idnu.ch\/wordpress\/wp-content\/uploads\/2017\/08\/familienklettern-20170820-59.jpg?resize=1024%2C682&amp;ssl=1 1024w, https:\/\/i0.wp.com\/idnu.ch\/wordpress\/wp-content\/uploads\/2017\/08\/familienklettern-20170820-59.jpg?resize=150%2C100&amp;ssl=1 150w\" width=\"245\" height=\"163\" loading=\"lazy\" data-original-width=\"245\" data-original-height=\"163\" itemprop=\"http:\/\/schema.org\/image\" title=\"Sch\u00f6ne Stimmung beim Melchsee\" alt=\"Sch\u00f6ne Stimmung beim Melchsee\" style=\"width: 245px; height: 163px;\" \/> <\/a> <div class=\"tiled-gallery-caption\" itemprop=\"caption description\"> Sch\u00f6ne Stimmung beim Melchsee <\/div> <\/div> <\/div> <!-- close group --> <\/div> <!-- close row --> <div class=\"gallery-row\" style=\"width: 750px; height: 501px;\" data-original-width=\"750\" data-original-height=\"501\" > <div class=\"gallery-group images-1\" style=\"width: 750px; height: 501px;\" data-original-width=\"750\" data-original-height=\"501\" > <div class=\"tiled-gallery-item tiled-gallery-item-large\" itemprop=\"associatedMedia\" itemscope itemtype=\"http:\/\/schema.org\/ImageObject\"> <a href=\"https:\/\/idnu.ch\/wordpress\/griffiger-fels-auf-der-melchsee-frutt\/familienklettern-20170820-61\/#main\" border=\"0\" itemprop=\"url\"> <meta itemprop=\"width\" content=\"746\"> <meta itemprop=\"height\" content=\"497\"> <img decoding=\"async\" class=\"\" data-attachment-id=\"8216\" data-orig-file=\"https:\/\/idnu.ch\/wordpress\/wp-content\/uploads\/2017\/08\/familienklettern-20170820-61.jpg\" data-orig-size=\"1400,933\" data-comments-opened=\"1\" data-image-meta=\"{&quot;aperture&quot;:&quot;8&quot;,&quot;credit&quot;:&quot;Urs Kyburz&quot;,&quot;camera&quot;:&quot;Canon EOS 60D&quot;,&quot;caption&quot;:&quot;&quot;,&quot;created_timestamp&quot;:&quot;1503242943&quot;,&quot;copyright&quot;:&quot;\\u00a9 Urs Kyburz&quot;,&quot;focal_length&quot;:&quot;17&quot;,&quot;iso&quot;:&quot;100&quot;,&quot;shutter_speed&quot;:&quot;0.00625&quot;,&quot;title&quot;:&quot;&quot;,&quot;orientation&quot;:&quot;0&quot;}\" data-image-title=\"Blick hinunter vom Panoramalift\" data-image-description=\"\" data-medium-file=\"https:\/\/i0.wp.com\/idnu.ch\/wordpress\/wp-content\/uploads\/2017\/08\/familienklettern-20170820-61.jpg?fit=300%2C200&#038;ssl=1\" data-large-file=\"https:\/\/i0.wp.com\/idnu.ch\/wordpress\/wp-content\/uploads\/2017\/08\/familienklettern-20170820-61.jpg?fit=750%2C500&#038;ssl=1\" src=\"https:\/\/i0.wp.com\/idnu.ch\/wordpress\/wp-content\/uploads\/2017\/08\/familienklettern-20170820-61.jpg?w=746&#038;h=497&#038;ssl=1\" srcset=\"https:\/\/i0.wp.com\/idnu.ch\/wordpress\/wp-content\/uploads\/2017\/08\/familienklettern-20170820-61.jpg?w=1400&amp;ssl=1 1400w, https:\/\/i0.wp.com\/idnu.ch\/wordpress\/wp-content\/uploads\/2017\/08\/familienklettern-20170820-61.jpg?resize=300%2C200&amp;ssl=1 300w, https:\/\/i0.wp.com\/idnu.ch\/wordpress\/wp-content\/uploads\/2017\/08\/familienklettern-20170820-61.jpg?resize=768%2C512&amp;ssl=1 768w, https:\/\/i0.wp.com\/idnu.ch\/wordpress\/wp-content\/uploads\/2017\/08\/familienklettern-20170820-61.jpg?resize=1024%2C682&amp;ssl=1 1024w, https:\/\/i0.wp.com\/idnu.ch\/wordpress\/wp-content\/uploads\/2017\/08\/familienklettern-20170820-61.jpg?resize=150%2C100&amp;ssl=1 150w\" width=\"746\" height=\"497\" loading=\"lazy\" data-original-width=\"746\" data-original-height=\"497\" itemprop=\"http:\/\/schema.org\/image\" title=\"Blick hinunter vom Panoramalift\" alt=\"Blick hinunter vom Panoramalift\" style=\"width: 746px; height: 497px;\" \/> <\/a> <div class=\"tiled-gallery-caption\" itemprop=\"caption description\"> Blick hinunter vom Panoramalift <\/div> <\/div> <\/div> <!-- close group --> <\/div> <!-- close row --> <\/div>\n<h3>Es g\u00e4be noch viel zu tun<\/h3>\n<p>Wir haben nur einen kleinen Bruchteil aller Routen gesehen, \u00fcber 160 Routen durchziehen das Felsband, von der Anf\u00e4ngerroute bis zur 7b. Es wird einem garantiert nicht langweilig, wenn man nicht zu den absoluten Spitzenkletterern geh\u00f6rt. F\u00fcr Klettersteiggeher wurde der Klettersteig &#8222;Fruttli&#8220; eingerichtet. Mit 60 Meter H\u00f6he ist er allerdings bei weitem nicht tagesf\u00fcllend. Daf\u00fcr gibt es noch gen\u00fcgend Wanderm\u00f6glichkeiten, wie wir an diesem Tag festgestellt haben. \u00dcberall tummeln sich Leute auf den Wanderwegen, Jung und Alt ist unterwegs. Auch Angler finden hier sch\u00f6ne M\u00f6glichkeiten, den Menuplan f\u00fcr das Nachtessen mitzugestalten.<\/p>\n<div class=\"tiled-gallery type-rectangular tiled-gallery-unresized\" data-original-width=\"750\" data-carousel-extra='{&quot;blog_id&quot;:1,&quot;permalink&quot;:&quot;https:\\\/\\\/idnu.ch\\\/wordpress\\\/griffiger-fels-auf-der-melchsee-frutt\\\/&quot;,&quot;likes_blog_id&quot;:100184974}' itemscope itemtype=\"http:\/\/schema.org\/ImageGallery\" > <div class=\"gallery-row\" style=\"width: 750px; height: 335px;\" data-original-width=\"750\" data-original-height=\"335\" > <div class=\"gallery-group images-1\" style=\"width: 501px; height: 335px;\" data-original-width=\"501\" data-original-height=\"335\" > <div class=\"tiled-gallery-item tiled-gallery-item-large\" itemprop=\"associatedMedia\" itemscope itemtype=\"http:\/\/schema.org\/ImageObject\"> <a href=\"https:\/\/idnu.ch\/wordpress\/griffiger-fels-auf-der-melchsee-frutt\/familienklettern-20170820-16\/#main\" border=\"0\" itemprop=\"url\"> <meta itemprop=\"width\" content=\"497\"> <meta itemprop=\"height\" content=\"331\"> <img decoding=\"async\" class=\"\" data-attachment-id=\"8217\" data-orig-file=\"https:\/\/idnu.ch\/wordpress\/wp-content\/uploads\/2017\/08\/familienklettern-20170820-16.jpg\" data-orig-size=\"1400,933\" data-comments-opened=\"1\" data-image-meta=\"{&quot;aperture&quot;:&quot;6.3&quot;,&quot;credit&quot;:&quot;Urs Kyburz&quot;,&quot;camera&quot;:&quot;Canon EOS 60D&quot;,&quot;caption&quot;:&quot;&quot;,&quot;created_timestamp&quot;:&quot;1503227784&quot;,&quot;copyright&quot;:&quot;\\u00a9 Urs Kyburz&quot;,&quot;focal_length&quot;:&quot;21&quot;,&quot;iso&quot;:&quot;100&quot;,&quot;shutter_speed&quot;:&quot;0.0015625&quot;,&quot;title&quot;:&quot;&quot;,&quot;orientation&quot;:&quot;0&quot;}\" data-image-title=\"Am Melchsee\" data-image-description=\"\" data-medium-file=\"https:\/\/i0.wp.com\/idnu.ch\/wordpress\/wp-content\/uploads\/2017\/08\/familienklettern-20170820-16.jpg?fit=300%2C200&#038;ssl=1\" data-large-file=\"https:\/\/i0.wp.com\/idnu.ch\/wordpress\/wp-content\/uploads\/2017\/08\/familienklettern-20170820-16.jpg?fit=750%2C500&#038;ssl=1\" src=\"https:\/\/i0.wp.com\/idnu.ch\/wordpress\/wp-content\/uploads\/2017\/08\/familienklettern-20170820-16.jpg?w=497&#038;h=331&#038;ssl=1\" srcset=\"https:\/\/i0.wp.com\/idnu.ch\/wordpress\/wp-content\/uploads\/2017\/08\/familienklettern-20170820-16.jpg?w=1400&amp;ssl=1 1400w, https:\/\/i0.wp.com\/idnu.ch\/wordpress\/wp-content\/uploads\/2017\/08\/familienklettern-20170820-16.jpg?resize=300%2C200&amp;ssl=1 300w, https:\/\/i0.wp.com\/idnu.ch\/wordpress\/wp-content\/uploads\/2017\/08\/familienklettern-20170820-16.jpg?resize=768%2C512&amp;ssl=1 768w, https:\/\/i0.wp.com\/idnu.ch\/wordpress\/wp-content\/uploads\/2017\/08\/familienklettern-20170820-16.jpg?resize=1024%2C682&amp;ssl=1 1024w, https:\/\/i0.wp.com\/idnu.ch\/wordpress\/wp-content\/uploads\/2017\/08\/familienklettern-20170820-16.jpg?resize=150%2C100&amp;ssl=1 150w\" width=\"497\" height=\"331\" loading=\"lazy\" data-original-width=\"497\" data-original-height=\"331\" itemprop=\"http:\/\/schema.org\/image\" title=\"Am Melchsee\" alt=\"Am Melchsee\" style=\"width: 497px; height: 331px;\" \/> <\/a> <\/div> <\/div> <!-- close group --> <div class=\"gallery-group images-2\" style=\"width: 249px; height: 335px;\" data-original-width=\"249\" data-original-height=\"335\" > <div class=\"tiled-gallery-item tiled-gallery-item-small\" itemprop=\"associatedMedia\" itemscope itemtype=\"http:\/\/schema.org\/ImageObject\"> <a href=\"https:\/\/idnu.ch\/wordpress\/griffiger-fels-auf-der-melchsee-frutt\/familienklettern-20170820-19\/#main\" border=\"0\" itemprop=\"url\"> <meta itemprop=\"width\" content=\"245\"> <meta itemprop=\"height\" content=\"164\"> <img decoding=\"async\" class=\"\" data-attachment-id=\"8218\" data-orig-file=\"https:\/\/idnu.ch\/wordpress\/wp-content\/uploads\/2017\/08\/familienklettern-20170820-19.jpg\" data-orig-size=\"1400,933\" data-comments-opened=\"1\" data-image-meta=\"{&quot;aperture&quot;:&quot;8&quot;,&quot;credit&quot;:&quot;Urs Kyburz&quot;,&quot;camera&quot;:&quot;Canon EOS 60D&quot;,&quot;caption&quot;:&quot;&quot;,&quot;created_timestamp&quot;:&quot;1503228030&quot;,&quot;copyright&quot;:&quot;\\u00a9 Urs Kyburz&quot;,&quot;focal_length&quot;:&quot;17&quot;,&quot;iso&quot;:&quot;100&quot;,&quot;shutter_speed&quot;:&quot;0.002&quot;,&quot;title&quot;:&quot;&quot;,&quot;orientation&quot;:&quot;0&quot;}\" data-image-title=\"Am Melchsee\" data-image-description=\"\" data-medium-file=\"https:\/\/i0.wp.com\/idnu.ch\/wordpress\/wp-content\/uploads\/2017\/08\/familienklettern-20170820-19.jpg?fit=300%2C200&#038;ssl=1\" data-large-file=\"https:\/\/i0.wp.com\/idnu.ch\/wordpress\/wp-content\/uploads\/2017\/08\/familienklettern-20170820-19.jpg?fit=750%2C500&#038;ssl=1\" src=\"https:\/\/i0.wp.com\/idnu.ch\/wordpress\/wp-content\/uploads\/2017\/08\/familienklettern-20170820-19.jpg?w=245&#038;h=164&#038;ssl=1\" srcset=\"https:\/\/i0.wp.com\/idnu.ch\/wordpress\/wp-content\/uploads\/2017\/08\/familienklettern-20170820-19.jpg?w=1400&amp;ssl=1 1400w, https:\/\/i0.wp.com\/idnu.ch\/wordpress\/wp-content\/uploads\/2017\/08\/familienklettern-20170820-19.jpg?resize=300%2C200&amp;ssl=1 300w, https:\/\/i0.wp.com\/idnu.ch\/wordpress\/wp-content\/uploads\/2017\/08\/familienklettern-20170820-19.jpg?resize=768%2C512&amp;ssl=1 768w, https:\/\/i0.wp.com\/idnu.ch\/wordpress\/wp-content\/uploads\/2017\/08\/familienklettern-20170820-19.jpg?resize=1024%2C682&amp;ssl=1 1024w, https:\/\/i0.wp.com\/idnu.ch\/wordpress\/wp-content\/uploads\/2017\/08\/familienklettern-20170820-19.jpg?resize=150%2C100&amp;ssl=1 150w\" width=\"245\" height=\"164\" loading=\"lazy\" data-original-width=\"245\" data-original-height=\"164\" itemprop=\"http:\/\/schema.org\/image\" title=\"Am Melchsee\" alt=\"Am Melchsee\" style=\"width: 245px; height: 164px;\" \/> <\/a> <\/div> <div class=\"tiled-gallery-item tiled-gallery-item-small\" itemprop=\"associatedMedia\" itemscope itemtype=\"http:\/\/schema.org\/ImageObject\"> <a href=\"https:\/\/idnu.ch\/wordpress\/griffiger-fels-auf-der-melchsee-frutt\/familienklettern-20170820-21\/#main\" border=\"0\" itemprop=\"url\"> <meta itemprop=\"width\" content=\"245\"> <meta itemprop=\"height\" content=\"163\"> <img decoding=\"async\" class=\"\" data-attachment-id=\"8219\" data-orig-file=\"https:\/\/idnu.ch\/wordpress\/wp-content\/uploads\/2017\/08\/familienklettern-20170820-21.jpg\" data-orig-size=\"1400,933\" data-comments-opened=\"1\" data-image-meta=\"{&quot;aperture&quot;:&quot;5.6&quot;,&quot;credit&quot;:&quot;Urs Kyburz&quot;,&quot;camera&quot;:&quot;Canon EOS 60D&quot;,&quot;caption&quot;:&quot;&quot;,&quot;created_timestamp&quot;:&quot;1503228423&quot;,&quot;copyright&quot;:&quot;\\u00a9 Urs Kyburz&quot;,&quot;focal_length&quot;:&quot;25&quot;,&quot;iso&quot;:&quot;100&quot;,&quot;shutter_speed&quot;:&quot;0.002&quot;,&quot;title&quot;:&quot;&quot;,&quot;orientation&quot;:&quot;0&quot;}\" data-image-title=\"Blick hinunter vom Klettergebiet\" data-image-description=\"\" data-medium-file=\"https:\/\/i0.wp.com\/idnu.ch\/wordpress\/wp-content\/uploads\/2017\/08\/familienklettern-20170820-21.jpg?fit=300%2C200&#038;ssl=1\" data-large-file=\"https:\/\/i0.wp.com\/idnu.ch\/wordpress\/wp-content\/uploads\/2017\/08\/familienklettern-20170820-21.jpg?fit=750%2C500&#038;ssl=1\" src=\"https:\/\/i0.wp.com\/idnu.ch\/wordpress\/wp-content\/uploads\/2017\/08\/familienklettern-20170820-21.jpg?w=245&#038;h=163&#038;ssl=1\" srcset=\"https:\/\/i0.wp.com\/idnu.ch\/wordpress\/wp-content\/uploads\/2017\/08\/familienklettern-20170820-21.jpg?w=1400&amp;ssl=1 1400w, https:\/\/i0.wp.com\/idnu.ch\/wordpress\/wp-content\/uploads\/2017\/08\/familienklettern-20170820-21.jpg?resize=300%2C200&amp;ssl=1 300w, https:\/\/i0.wp.com\/idnu.ch\/wordpress\/wp-content\/uploads\/2017\/08\/familienklettern-20170820-21.jpg?resize=768%2C512&amp;ssl=1 768w, https:\/\/i0.wp.com\/idnu.ch\/wordpress\/wp-content\/uploads\/2017\/08\/familienklettern-20170820-21.jpg?resize=1024%2C682&amp;ssl=1 1024w, https:\/\/i0.wp.com\/idnu.ch\/wordpress\/wp-content\/uploads\/2017\/08\/familienklettern-20170820-21.jpg?resize=150%2C100&amp;ssl=1 150w\" width=\"245\" height=\"163\" loading=\"lazy\" data-original-width=\"245\" data-original-height=\"163\" itemprop=\"http:\/\/schema.org\/image\" title=\"Blick hinunter vom Klettergebiet\" alt=\"Blick hinunter vom Klettergebiet\" style=\"width: 245px; height: 163px;\" \/> <\/a> <\/div> <\/div> <!-- close group --> <\/div> <!-- close row --> <div class=\"gallery-row\" style=\"width: 750px; height: 126px;\" data-original-width=\"750\" data-original-height=\"126\" > <div class=\"gallery-group images-1\" style=\"width: 188px; height: 126px;\" data-original-width=\"188\" data-original-height=\"126\" > <div class=\"tiled-gallery-item tiled-gallery-item-small\" itemprop=\"associatedMedia\" itemscope itemtype=\"http:\/\/schema.org\/ImageObject\"> <a href=\"https:\/\/idnu.ch\/wordpress\/griffiger-fels-auf-der-melchsee-frutt\/familienklettern-20170820-32\/#main\" border=\"0\" itemprop=\"url\"> <meta itemprop=\"width\" content=\"184\"> <meta itemprop=\"height\" content=\"122\"> <img decoding=\"async\" class=\"\" data-attachment-id=\"8220\" data-orig-file=\"https:\/\/idnu.ch\/wordpress\/wp-content\/uploads\/2017\/08\/familienklettern-20170820-32.jpg\" data-orig-size=\"1400,933\" data-comments-opened=\"1\" data-image-meta=\"{&quot;aperture&quot;:&quot;4.5&quot;,&quot;credit&quot;:&quot;Urs Kyburz&quot;,&quot;camera&quot;:&quot;Canon EOS 60D&quot;,&quot;caption&quot;:&quot;&quot;,&quot;created_timestamp&quot;:&quot;1503232670&quot;,&quot;copyright&quot;:&quot;\\u00a9 Urs Kyburz&quot;,&quot;focal_length&quot;:&quot;40&quot;,&quot;iso&quot;:&quot;100&quot;,&quot;shutter_speed&quot;:&quot;0.000625&quot;,&quot;title&quot;:&quot;&quot;,&quot;orientation&quot;:&quot;0&quot;}\" data-image-title=\"In der Wetterk\u00fcche brodelt es\" data-image-description=\"\" data-medium-file=\"https:\/\/i0.wp.com\/idnu.ch\/wordpress\/wp-content\/uploads\/2017\/08\/familienklettern-20170820-32.jpg?fit=300%2C200&#038;ssl=1\" data-large-file=\"https:\/\/i0.wp.com\/idnu.ch\/wordpress\/wp-content\/uploads\/2017\/08\/familienklettern-20170820-32.jpg?fit=750%2C500&#038;ssl=1\" src=\"https:\/\/i0.wp.com\/idnu.ch\/wordpress\/wp-content\/uploads\/2017\/08\/familienklettern-20170820-32.jpg?w=184&#038;h=122&#038;ssl=1\" srcset=\"https:\/\/i0.wp.com\/idnu.ch\/wordpress\/wp-content\/uploads\/2017\/08\/familienklettern-20170820-32.jpg?w=1400&amp;ssl=1 1400w, https:\/\/i0.wp.com\/idnu.ch\/wordpress\/wp-content\/uploads\/2017\/08\/familienklettern-20170820-32.jpg?resize=300%2C200&amp;ssl=1 300w, https:\/\/i0.wp.com\/idnu.ch\/wordpress\/wp-content\/uploads\/2017\/08\/familienklettern-20170820-32.jpg?resize=768%2C512&amp;ssl=1 768w, https:\/\/i0.wp.com\/idnu.ch\/wordpress\/wp-content\/uploads\/2017\/08\/familienklettern-20170820-32.jpg?resize=1024%2C682&amp;ssl=1 1024w, https:\/\/i0.wp.com\/idnu.ch\/wordpress\/wp-content\/uploads\/2017\/08\/familienklettern-20170820-32.jpg?resize=150%2C100&amp;ssl=1 150w\" width=\"184\" height=\"122\" loading=\"lazy\" data-original-width=\"184\" data-original-height=\"122\" itemprop=\"http:\/\/schema.org\/image\" title=\"In der Wetterk\u00fcche brodelt es\" alt=\"In der Wetterk\u00fcche brodelt es\" style=\"width: 184px; height: 122px;\" \/> <\/a> <\/div> <\/div> <!-- close group --> <div class=\"gallery-group images-1\" style=\"width: 188px; height: 126px;\" data-original-width=\"188\" data-original-height=\"126\" > <div class=\"tiled-gallery-item tiled-gallery-item-small\" itemprop=\"associatedMedia\" itemscope itemtype=\"http:\/\/schema.org\/ImageObject\"> <a href=\"https:\/\/idnu.ch\/wordpress\/griffiger-fels-auf-der-melchsee-frutt\/familienklettern-20170820-34\/#main\" border=\"0\" itemprop=\"url\"> <meta itemprop=\"width\" content=\"184\"> <meta itemprop=\"height\" content=\"122\"> <img decoding=\"async\" class=\"\" data-attachment-id=\"8221\" data-orig-file=\"https:\/\/idnu.ch\/wordpress\/wp-content\/uploads\/2017\/08\/familienklettern-20170820-34.jpg\" data-orig-size=\"1400,933\" data-comments-opened=\"1\" data-image-meta=\"{&quot;aperture&quot;:&quot;7.1&quot;,&quot;credit&quot;:&quot;Urs Kyburz&quot;,&quot;camera&quot;:&quot;Canon EOS 60D&quot;,&quot;caption&quot;:&quot;&quot;,&quot;created_timestamp&quot;:&quot;1503232963&quot;,&quot;copyright&quot;:&quot;\\u00a9 Urs Kyburz&quot;,&quot;focal_length&quot;:&quot;40&quot;,&quot;iso&quot;:&quot;100&quot;,&quot;shutter_speed&quot;:&quot;0.00625&quot;,&quot;title&quot;:&quot;&quot;,&quot;orientation&quot;:&quot;0&quot;}\" data-image-title=\"Der Panoramalift\" data-image-description=\"\" data-medium-file=\"https:\/\/i0.wp.com\/idnu.ch\/wordpress\/wp-content\/uploads\/2017\/08\/familienklettern-20170820-34.jpg?fit=300%2C200&#038;ssl=1\" data-large-file=\"https:\/\/i0.wp.com\/idnu.ch\/wordpress\/wp-content\/uploads\/2017\/08\/familienklettern-20170820-34.jpg?fit=750%2C500&#038;ssl=1\" src=\"https:\/\/i0.wp.com\/idnu.ch\/wordpress\/wp-content\/uploads\/2017\/08\/familienklettern-20170820-34.jpg?w=184&#038;h=122&#038;ssl=1\" srcset=\"https:\/\/i0.wp.com\/idnu.ch\/wordpress\/wp-content\/uploads\/2017\/08\/familienklettern-20170820-34.jpg?w=1400&amp;ssl=1 1400w, https:\/\/i0.wp.com\/idnu.ch\/wordpress\/wp-content\/uploads\/2017\/08\/familienklettern-20170820-34.jpg?resize=300%2C200&amp;ssl=1 300w, https:\/\/i0.wp.com\/idnu.ch\/wordpress\/wp-content\/uploads\/2017\/08\/familienklettern-20170820-34.jpg?resize=768%2C512&amp;ssl=1 768w, https:\/\/i0.wp.com\/idnu.ch\/wordpress\/wp-content\/uploads\/2017\/08\/familienklettern-20170820-34.jpg?resize=1024%2C682&amp;ssl=1 1024w, https:\/\/i0.wp.com\/idnu.ch\/wordpress\/wp-content\/uploads\/2017\/08\/familienklettern-20170820-34.jpg?resize=150%2C100&amp;ssl=1 150w\" width=\"184\" height=\"122\" loading=\"lazy\" data-original-width=\"184\" data-original-height=\"122\" itemprop=\"http:\/\/schema.org\/image\" title=\"Der Panoramalift\" alt=\"Der Panoramalift\" style=\"width: 184px; height: 122px;\" \/> <\/a> <\/div> <\/div> <!-- close group --> <div class=\"gallery-group images-1\" style=\"width: 187px; height: 126px;\" data-original-width=\"187\" data-original-height=\"126\" > <div class=\"tiled-gallery-item tiled-gallery-item-small\" itemprop=\"associatedMedia\" itemscope itemtype=\"http:\/\/schema.org\/ImageObject\"> <a href=\"https:\/\/idnu.ch\/wordpress\/griffiger-fels-auf-der-melchsee-frutt\/familienklettern-20170820-35\/#main\" border=\"0\" itemprop=\"url\"> <meta itemprop=\"width\" content=\"183\"> <meta itemprop=\"height\" content=\"122\"> <img decoding=\"async\" class=\"\" data-attachment-id=\"8222\" data-orig-file=\"https:\/\/idnu.ch\/wordpress\/wp-content\/uploads\/2017\/08\/familienklettern-20170820-35.jpg\" data-orig-size=\"1400,933\" data-comments-opened=\"1\" data-image-meta=\"{&quot;aperture&quot;:&quot;7.1&quot;,&quot;credit&quot;:&quot;Urs Kyburz&quot;,&quot;camera&quot;:&quot;Canon EOS 60D&quot;,&quot;caption&quot;:&quot;&quot;,&quot;created_timestamp&quot;:&quot;1503238071&quot;,&quot;copyright&quot;:&quot;\\u00a9 Urs Kyburz&quot;,&quot;focal_length&quot;:&quot;17&quot;,&quot;iso&quot;:&quot;100&quot;,&quot;shutter_speed&quot;:&quot;0.0025&quot;,&quot;title&quot;:&quot;&quot;,&quot;orientation&quot;:&quot;0&quot;}\" data-image-title=\"Blick zum Titlis und den Wendenh\u00f6rnern\" data-image-description=\"\" data-medium-file=\"https:\/\/i0.wp.com\/idnu.ch\/wordpress\/wp-content\/uploads\/2017\/08\/familienklettern-20170820-35.jpg?fit=300%2C200&#038;ssl=1\" data-large-file=\"https:\/\/i0.wp.com\/idnu.ch\/wordpress\/wp-content\/uploads\/2017\/08\/familienklettern-20170820-35.jpg?fit=750%2C500&#038;ssl=1\" src=\"https:\/\/i0.wp.com\/idnu.ch\/wordpress\/wp-content\/uploads\/2017\/08\/familienklettern-20170820-35.jpg?w=183&#038;h=122&#038;ssl=1\" srcset=\"https:\/\/i0.wp.com\/idnu.ch\/wordpress\/wp-content\/uploads\/2017\/08\/familienklettern-20170820-35.jpg?w=1400&amp;ssl=1 1400w, https:\/\/i0.wp.com\/idnu.ch\/wordpress\/wp-content\/uploads\/2017\/08\/familienklettern-20170820-35.jpg?resize=300%2C200&amp;ssl=1 300w, https:\/\/i0.wp.com\/idnu.ch\/wordpress\/wp-content\/uploads\/2017\/08\/familienklettern-20170820-35.jpg?resize=768%2C512&amp;ssl=1 768w, https:\/\/i0.wp.com\/idnu.ch\/wordpress\/wp-content\/uploads\/2017\/08\/familienklettern-20170820-35.jpg?resize=1024%2C682&amp;ssl=1 1024w, https:\/\/i0.wp.com\/idnu.ch\/wordpress\/wp-content\/uploads\/2017\/08\/familienklettern-20170820-35.jpg?resize=150%2C100&amp;ssl=1 150w\" width=\"183\" height=\"122\" loading=\"lazy\" data-original-width=\"183\" data-original-height=\"122\" itemprop=\"http:\/\/schema.org\/image\" title=\"Blick zum Titlis und den Wendenh\u00f6rnern\" alt=\"Blick zum Titlis und den Wendenh\u00f6rnern\" style=\"width: 183px; height: 122px;\" \/> <\/a> <\/div> <\/div> <!-- close group --> <div class=\"gallery-group images-1\" style=\"width: 187px; height: 126px;\" data-original-width=\"187\" data-original-height=\"126\" > <div class=\"tiled-gallery-item tiled-gallery-item-small\" itemprop=\"associatedMedia\" itemscope itemtype=\"http:\/\/schema.org\/ImageObject\"> <a href=\"https:\/\/idnu.ch\/wordpress\/griffiger-fels-auf-der-melchsee-frutt\/familienklettern-20170820-36\/#main\" border=\"0\" itemprop=\"url\"> <meta itemprop=\"width\" content=\"183\"> <meta itemprop=\"height\" content=\"122\"> <img decoding=\"async\" class=\"\" data-attachment-id=\"8223\" data-orig-file=\"https:\/\/idnu.ch\/wordpress\/wp-content\/uploads\/2017\/08\/familienklettern-20170820-36.jpg\" data-orig-size=\"1400,933\" data-comments-opened=\"1\" data-image-meta=\"{&quot;aperture&quot;:&quot;7.1&quot;,&quot;credit&quot;:&quot;Urs Kyburz&quot;,&quot;camera&quot;:&quot;Canon EOS 60D&quot;,&quot;caption&quot;:&quot;&quot;,&quot;created_timestamp&quot;:&quot;1503238079&quot;,&quot;copyright&quot;:&quot;\\u00a9 Urs Kyburz&quot;,&quot;focal_length&quot;:&quot;40&quot;,&quot;iso&quot;:&quot;100&quot;,&quot;shutter_speed&quot;:&quot;0.003125&quot;,&quot;title&quot;:&quot;&quot;,&quot;orientation&quot;:&quot;0&quot;}\" data-image-title=\"Fast wie in Schottland\" data-image-description=\"\" data-medium-file=\"https:\/\/i0.wp.com\/idnu.ch\/wordpress\/wp-content\/uploads\/2017\/08\/familienklettern-20170820-36.jpg?fit=300%2C200&#038;ssl=1\" data-large-file=\"https:\/\/i0.wp.com\/idnu.ch\/wordpress\/wp-content\/uploads\/2017\/08\/familienklettern-20170820-36.jpg?fit=750%2C500&#038;ssl=1\" src=\"https:\/\/i0.wp.com\/idnu.ch\/wordpress\/wp-content\/uploads\/2017\/08\/familienklettern-20170820-36.jpg?w=183&#038;h=122&#038;ssl=1\" srcset=\"https:\/\/i0.wp.com\/idnu.ch\/wordpress\/wp-content\/uploads\/2017\/08\/familienklettern-20170820-36.jpg?w=1400&amp;ssl=1 1400w, https:\/\/i0.wp.com\/idnu.ch\/wordpress\/wp-content\/uploads\/2017\/08\/familienklettern-20170820-36.jpg?resize=300%2C200&amp;ssl=1 300w, https:\/\/i0.wp.com\/idnu.ch\/wordpress\/wp-content\/uploads\/2017\/08\/familienklettern-20170820-36.jpg?resize=768%2C512&amp;ssl=1 768w, https:\/\/i0.wp.com\/idnu.ch\/wordpress\/wp-content\/uploads\/2017\/08\/familienklettern-20170820-36.jpg?resize=1024%2C682&amp;ssl=1 1024w, https:\/\/i0.wp.com\/idnu.ch\/wordpress\/wp-content\/uploads\/2017\/08\/familienklettern-20170820-36.jpg?resize=150%2C100&amp;ssl=1 150w\" width=\"183\" height=\"122\" loading=\"lazy\" data-original-width=\"183\" data-original-height=\"122\" itemprop=\"http:\/\/schema.org\/image\" title=\"Fast wie in Schottland\" alt=\"Fast wie in Schottland\" style=\"width: 183px; height: 122px;\" \/> <\/a> <\/div> <\/div> <!-- close group --> <\/div> <!-- close row --> <\/div>\n<p>Zwar kann mit dem Auto hochfahren, aber nur zu bestimmten Zeiten. Sinnvoller ist es, auf der St\u00f6ckalp zu parkieren und die Gondelbahn ins Gebiet zu nehmen. Weitere Infos, auch zum <a href=\"http:\/\/www.melchsee-frutt.ch\/sommer\/klettern-klettersteig\/\" target=\"_blank\" rel=\"noopener\">Klettern<\/a>, findet man auf der Seite der <a href=\"http:\/\/www.melchsee-frutt.ch\" target=\"_blank\" rel=\"noopener\">Melchsee-Frutt<\/a>.<\/p>\n<h2>Unsere \u00dcbernachtung<\/h2>\n<p>\u00dcbernachtet hatten wir auf der anderen Seite der Bergkette, auf dem Hasliberg in unserem Clubheim. Dies nutzten zwei unserer Freunde, um von der Planplatten auf die Melchsee-Frutt zu wandern. Nachfolgend ein paar Impressionen vom Abend.<\/p>\n<div class=\"tiled-gallery type-rectangular tiled-gallery-unresized\" data-original-width=\"750\" data-carousel-extra='{&quot;blog_id&quot;:1,&quot;permalink&quot;:&quot;https:\\\/\\\/idnu.ch\\\/wordpress\\\/griffiger-fels-auf-der-melchsee-frutt\\\/&quot;,&quot;likes_blog_id&quot;:100184974}' itemscope itemtype=\"http:\/\/schema.org\/ImageGallery\" > <div class=\"gallery-row\" style=\"width: 750px; height: 643px;\" data-original-width=\"750\" data-original-height=\"643\" > <div class=\"gallery-group images-3\" style=\"width: 320px; height: 643px;\" data-original-width=\"320\" data-original-height=\"643\" > <div class=\"tiled-gallery-item tiled-gallery-item-large\" itemprop=\"associatedMedia\" itemscope itemtype=\"http:\/\/schema.org\/ImageObject\"> <a href=\"https:\/\/idnu.ch\/wordpress\/griffiger-fels-auf-der-melchsee-frutt\/weidhuesli-2\/#main\" border=\"0\" itemprop=\"url\"> <meta itemprop=\"width\" content=\"316\"> <meta itemprop=\"height\" content=\"211\"> <img decoding=\"async\" class=\"\" data-attachment-id=\"8224\" data-orig-file=\"https:\/\/idnu.ch\/wordpress\/wp-content\/uploads\/2017\/08\/weidhuesli-2.jpg\" data-orig-size=\"1400,933\" data-comments-opened=\"1\" data-image-meta=\"{&quot;aperture&quot;:&quot;10&quot;,&quot;credit&quot;:&quot;Urs Kyburz&quot;,&quot;camera&quot;:&quot;Canon EOS 60D&quot;,&quot;caption&quot;:&quot;&quot;,&quot;created_timestamp&quot;:&quot;1503166327&quot;,&quot;copyright&quot;:&quot;\\u00a9 Urs Kyburz&quot;,&quot;focal_length&quot;:&quot;300&quot;,&quot;iso&quot;:&quot;800&quot;,&quot;shutter_speed&quot;:&quot;0.002&quot;,&quot;title&quot;:&quot;&quot;,&quot;orientation&quot;:&quot;0&quot;}\" data-image-title=\"Blick Richtung Grosse Scheidegg\" data-image-description=\"\" data-medium-file=\"https:\/\/i0.wp.com\/idnu.ch\/wordpress\/wp-content\/uploads\/2017\/08\/weidhuesli-2.jpg?fit=300%2C200&#038;ssl=1\" data-large-file=\"https:\/\/i0.wp.com\/idnu.ch\/wordpress\/wp-content\/uploads\/2017\/08\/weidhuesli-2.jpg?fit=750%2C500&#038;ssl=1\" src=\"https:\/\/i0.wp.com\/idnu.ch\/wordpress\/wp-content\/uploads\/2017\/08\/weidhuesli-2.jpg?w=316&#038;h=211&#038;ssl=1\" srcset=\"https:\/\/i0.wp.com\/idnu.ch\/wordpress\/wp-content\/uploads\/2017\/08\/weidhuesli-2.jpg?w=1400&amp;ssl=1 1400w, https:\/\/i0.wp.com\/idnu.ch\/wordpress\/wp-content\/uploads\/2017\/08\/weidhuesli-2.jpg?resize=300%2C200&amp;ssl=1 300w, https:\/\/i0.wp.com\/idnu.ch\/wordpress\/wp-content\/uploads\/2017\/08\/weidhuesli-2.jpg?resize=768%2C512&amp;ssl=1 768w, https:\/\/i0.wp.com\/idnu.ch\/wordpress\/wp-content\/uploads\/2017\/08\/weidhuesli-2.jpg?resize=1024%2C682&amp;ssl=1 1024w, https:\/\/i0.wp.com\/idnu.ch\/wordpress\/wp-content\/uploads\/2017\/08\/weidhuesli-2.jpg?resize=150%2C100&amp;ssl=1 150w\" width=\"316\" height=\"211\" loading=\"lazy\" data-original-width=\"316\" data-original-height=\"211\" itemprop=\"http:\/\/schema.org\/image\" title=\"Blick Richtung Grosse Scheidegg\" alt=\"Blick Richtung Grosse Scheidegg\" style=\"width: 316px; height: 211px;\" \/> <\/a> <div class=\"tiled-gallery-caption\" itemprop=\"caption description\"> Blick Richtung Grosse Scheidegg <\/div> <\/div> <div class=\"tiled-gallery-item tiled-gallery-item-large\" itemprop=\"associatedMedia\" itemscope itemtype=\"http:\/\/schema.org\/ImageObject\"> <a href=\"https:\/\/idnu.ch\/wordpress\/griffiger-fels-auf-der-melchsee-frutt\/weidhuesli-4\/#main\" border=\"0\" itemprop=\"url\"> <meta itemprop=\"width\" content=\"316\"> <meta itemprop=\"height\" content=\"210\"> <img decoding=\"async\" class=\"\" data-attachment-id=\"8225\" data-orig-file=\"https:\/\/idnu.ch\/wordpress\/wp-content\/uploads\/2017\/08\/weidhuesli-4.jpg\" data-orig-size=\"1400,933\" data-comments-opened=\"1\" data-image-meta=\"{&quot;aperture&quot;:&quot;10&quot;,&quot;credit&quot;:&quot;Urs Kyburz&quot;,&quot;camera&quot;:&quot;Canon EOS 60D&quot;,&quot;caption&quot;:&quot;&quot;,&quot;created_timestamp&quot;:&quot;1503166888&quot;,&quot;copyright&quot;:&quot;\\u00a9 Urs Kyburz&quot;,&quot;focal_length&quot;:&quot;70&quot;,&quot;iso&quot;:&quot;125&quot;,&quot;shutter_speed&quot;:&quot;0.008&quot;,&quot;title&quot;:&quot;&quot;,&quot;orientation&quot;:&quot;0&quot;}\" data-image-title=\"Regen und Sonne wechseln sich ab\" data-image-description=\"\" data-medium-file=\"https:\/\/i0.wp.com\/idnu.ch\/wordpress\/wp-content\/uploads\/2017\/08\/weidhuesli-4.jpg?fit=300%2C200&#038;ssl=1\" data-large-file=\"https:\/\/i0.wp.com\/idnu.ch\/wordpress\/wp-content\/uploads\/2017\/08\/weidhuesli-4.jpg?fit=750%2C500&#038;ssl=1\" src=\"https:\/\/i0.wp.com\/idnu.ch\/wordpress\/wp-content\/uploads\/2017\/08\/weidhuesli-4.jpg?w=316&#038;h=210&#038;ssl=1\" srcset=\"https:\/\/i0.wp.com\/idnu.ch\/wordpress\/wp-content\/uploads\/2017\/08\/weidhuesli-4.jpg?w=1400&amp;ssl=1 1400w, https:\/\/i0.wp.com\/idnu.ch\/wordpress\/wp-content\/uploads\/2017\/08\/weidhuesli-4.jpg?resize=300%2C200&amp;ssl=1 300w, https:\/\/i0.wp.com\/idnu.ch\/wordpress\/wp-content\/uploads\/2017\/08\/weidhuesli-4.jpg?resize=768%2C512&amp;ssl=1 768w, https:\/\/i0.wp.com\/idnu.ch\/wordpress\/wp-content\/uploads\/2017\/08\/weidhuesli-4.jpg?resize=1024%2C682&amp;ssl=1 1024w, https:\/\/i0.wp.com\/idnu.ch\/wordpress\/wp-content\/uploads\/2017\/08\/weidhuesli-4.jpg?resize=150%2C100&amp;ssl=1 150w\" width=\"316\" height=\"210\" loading=\"lazy\" data-original-width=\"316\" data-original-height=\"210\" itemprop=\"http:\/\/schema.org\/image\" title=\"Regen und Sonne wechseln sich ab\" alt=\"Regen und Sonne wechseln sich ab\" style=\"width: 316px; height: 210px;\" \/> <\/a> <div class=\"tiled-gallery-caption\" itemprop=\"caption description\"> Regen und Sonne wechseln sich ab <\/div> <\/div> <div class=\"tiled-gallery-item tiled-gallery-item-large\" itemprop=\"associatedMedia\" itemscope itemtype=\"http:\/\/schema.org\/ImageObject\"> <a href=\"https:\/\/idnu.ch\/wordpress\/griffiger-fels-auf-der-melchsee-frutt\/weidhuesli-6\/#main\" border=\"0\" itemprop=\"url\"> <meta itemprop=\"width\" content=\"316\"> <meta itemprop=\"height\" content=\"210\"> <img decoding=\"async\" class=\"\" data-attachment-id=\"8226\" data-orig-file=\"https:\/\/idnu.ch\/wordpress\/wp-content\/uploads\/2017\/08\/weidhuesli-6.jpg\" data-orig-size=\"1400,933\" data-comments-opened=\"1\" data-image-meta=\"{&quot;aperture&quot;:&quot;5&quot;,&quot;credit&quot;:&quot;Urs Kyburz&quot;,&quot;camera&quot;:&quot;Canon EOS 60D&quot;,&quot;caption&quot;:&quot;&quot;,&quot;created_timestamp&quot;:&quot;1503167311&quot;,&quot;copyright&quot;:&quot;\\u00a9 Urs Kyburz&quot;,&quot;focal_length&quot;:&quot;135&quot;,&quot;iso&quot;:&quot;100&quot;,&quot;shutter_speed&quot;:&quot;0.004&quot;,&quot;title&quot;:&quot;&quot;,&quot;orientation&quot;:&quot;0&quot;}\" data-image-title=\"Axalp\" data-image-description=\"\" data-medium-file=\"https:\/\/i0.wp.com\/idnu.ch\/wordpress\/wp-content\/uploads\/2017\/08\/weidhuesli-6.jpg?fit=300%2C200&#038;ssl=1\" data-large-file=\"https:\/\/i0.wp.com\/idnu.ch\/wordpress\/wp-content\/uploads\/2017\/08\/weidhuesli-6.jpg?fit=750%2C500&#038;ssl=1\" src=\"https:\/\/i0.wp.com\/idnu.ch\/wordpress\/wp-content\/uploads\/2017\/08\/weidhuesli-6.jpg?w=316&#038;h=210&#038;ssl=1\" srcset=\"https:\/\/i0.wp.com\/idnu.ch\/wordpress\/wp-content\/uploads\/2017\/08\/weidhuesli-6.jpg?w=1400&amp;ssl=1 1400w, https:\/\/i0.wp.com\/idnu.ch\/wordpress\/wp-content\/uploads\/2017\/08\/weidhuesli-6.jpg?resize=300%2C200&amp;ssl=1 300w, https:\/\/i0.wp.com\/idnu.ch\/wordpress\/wp-content\/uploads\/2017\/08\/weidhuesli-6.jpg?resize=768%2C512&amp;ssl=1 768w, https:\/\/i0.wp.com\/idnu.ch\/wordpress\/wp-content\/uploads\/2017\/08\/weidhuesli-6.jpg?resize=1024%2C682&amp;ssl=1 1024w, https:\/\/i0.wp.com\/idnu.ch\/wordpress\/wp-content\/uploads\/2017\/08\/weidhuesli-6.jpg?resize=150%2C100&amp;ssl=1 150w\" width=\"316\" height=\"210\" loading=\"lazy\" data-original-width=\"316\" data-original-height=\"210\" itemprop=\"http:\/\/schema.org\/image\" title=\"Axalp\" alt=\"Axalp\" style=\"width: 316px; height: 210px;\" \/> <\/a> <div class=\"tiled-gallery-caption\" itemprop=\"caption description\"> Axalp <\/div> <\/div> <\/div> <!-- close group --> <div class=\"gallery-group images-1\" style=\"width: 430px; height: 643px;\" data-original-width=\"430\" data-original-height=\"643\" > <div class=\"tiled-gallery-item tiled-gallery-item-large\" itemprop=\"associatedMedia\" itemscope itemtype=\"http:\/\/schema.org\/ImageObject\"> <a href=\"https:\/\/idnu.ch\/wordpress\/griffiger-fels-auf-der-melchsee-frutt\/weidhuesli-7\/#main\" border=\"0\" itemprop=\"url\"> <meta itemprop=\"width\" content=\"426\"> <meta itemprop=\"height\" content=\"639\"> <img decoding=\"async\" class=\"\" data-attachment-id=\"8227\" data-orig-file=\"https:\/\/idnu.ch\/wordpress\/wp-content\/uploads\/2017\/08\/weidhuesli-7.jpg\" data-orig-size=\"933,1400\" data-comments-opened=\"1\" data-image-meta=\"{&quot;aperture&quot;:&quot;5&quot;,&quot;credit&quot;:&quot;Urs Kyburz&quot;,&quot;camera&quot;:&quot;Canon EOS 60D&quot;,&quot;caption&quot;:&quot;&quot;,&quot;created_timestamp&quot;:&quot;1503174322&quot;,&quot;copyright&quot;:&quot;\\u00a9 Urs Kyburz&quot;,&quot;focal_length&quot;:&quot;29&quot;,&quot;iso&quot;:&quot;100&quot;,&quot;shutter_speed&quot;:&quot;0.01&quot;,&quot;title&quot;:&quot;&quot;,&quot;orientation&quot;:&quot;0&quot;}\" data-image-title=\"Wetterbrodeln \u00fcber dem Haslital\" data-image-description=\"\" data-medium-file=\"https:\/\/i0.wp.com\/idnu.ch\/wordpress\/wp-content\/uploads\/2017\/08\/weidhuesli-7.jpg?fit=200%2C300&#038;ssl=1\" data-large-file=\"https:\/\/i0.wp.com\/idnu.ch\/wordpress\/wp-content\/uploads\/2017\/08\/weidhuesli-7.jpg?fit=682%2C1024&#038;ssl=1\" src=\"https:\/\/i0.wp.com\/idnu.ch\/wordpress\/wp-content\/uploads\/2017\/08\/weidhuesli-7.jpg?w=426&#038;h=639&#038;ssl=1\" srcset=\"https:\/\/i0.wp.com\/idnu.ch\/wordpress\/wp-content\/uploads\/2017\/08\/weidhuesli-7.jpg?w=933&amp;ssl=1 933w, https:\/\/i0.wp.com\/idnu.ch\/wordpress\/wp-content\/uploads\/2017\/08\/weidhuesli-7.jpg?resize=200%2C300&amp;ssl=1 200w, https:\/\/i0.wp.com\/idnu.ch\/wordpress\/wp-content\/uploads\/2017\/08\/weidhuesli-7.jpg?resize=768%2C1152&amp;ssl=1 768w, https:\/\/i0.wp.com\/idnu.ch\/wordpress\/wp-content\/uploads\/2017\/08\/weidhuesli-7.jpg?resize=682%2C1024&amp;ssl=1 682w, https:\/\/i0.wp.com\/idnu.ch\/wordpress\/wp-content\/uploads\/2017\/08\/weidhuesli-7.jpg?resize=67%2C100&amp;ssl=1 67w\" width=\"426\" height=\"639\" loading=\"lazy\" data-original-width=\"426\" data-original-height=\"639\" itemprop=\"http:\/\/schema.org\/image\" title=\"Wetterbrodeln \u00fcber dem Haslital\" alt=\"Wetterbrodeln \u00fcber dem Haslital\" style=\"width: 426px; height: 639px;\" \/> <\/a> <div class=\"tiled-gallery-caption\" itemprop=\"caption description\"> Wetterbrodeln \u00fcber dem Haslital <\/div> <\/div> <\/div> <!-- close group --> <\/div> <!-- close row --> <div class=\"gallery-row\" style=\"width: 750px; height: 335px;\" data-original-width=\"750\" data-original-height=\"335\" > <div class=\"gallery-group images-1\" style=\"width: 501px; height: 335px;\" data-original-width=\"501\" data-original-height=\"335\" > <div class=\"tiled-gallery-item tiled-gallery-item-large\" itemprop=\"associatedMedia\" itemscope itemtype=\"http:\/\/schema.org\/ImageObject\"> <a href=\"https:\/\/idnu.ch\/wordpress\/griffiger-fels-auf-der-melchsee-frutt\/weidhuesli-8\/#main\" border=\"0\" itemprop=\"url\"> <meta itemprop=\"width\" content=\"497\"> <meta itemprop=\"height\" content=\"331\"> <img decoding=\"async\" class=\"\" data-attachment-id=\"8228\" data-orig-file=\"https:\/\/idnu.ch\/wordpress\/wp-content\/uploads\/2017\/08\/weidhuesli-8.jpg\" data-orig-size=\"1400,933\" data-comments-opened=\"1\" data-image-meta=\"{&quot;aperture&quot;:&quot;5&quot;,&quot;credit&quot;:&quot;Urs Kyburz&quot;,&quot;camera&quot;:&quot;Canon EOS 60D&quot;,&quot;caption&quot;:&quot;&quot;,&quot;created_timestamp&quot;:&quot;1503176964&quot;,&quot;copyright&quot;:&quot;\\u00a9 Urs Kyburz&quot;,&quot;focal_length&quot;:&quot;25&quot;,&quot;iso&quot;:&quot;100&quot;,&quot;shutter_speed&quot;:&quot;4&quot;,&quot;title&quot;:&quot;&quot;,&quot;orientation&quot;:&quot;0&quot;}\" data-image-title=\"Nacht\" data-image-description=\"\" data-medium-file=\"https:\/\/i0.wp.com\/idnu.ch\/wordpress\/wp-content\/uploads\/2017\/08\/weidhuesli-8.jpg?fit=300%2C200&#038;ssl=1\" data-large-file=\"https:\/\/i0.wp.com\/idnu.ch\/wordpress\/wp-content\/uploads\/2017\/08\/weidhuesli-8.jpg?fit=750%2C500&#038;ssl=1\" src=\"https:\/\/i0.wp.com\/idnu.ch\/wordpress\/wp-content\/uploads\/2017\/08\/weidhuesli-8.jpg?w=497&#038;h=331&#038;ssl=1\" srcset=\"https:\/\/i0.wp.com\/idnu.ch\/wordpress\/wp-content\/uploads\/2017\/08\/weidhuesli-8.jpg?w=1400&amp;ssl=1 1400w, https:\/\/i0.wp.com\/idnu.ch\/wordpress\/wp-content\/uploads\/2017\/08\/weidhuesli-8.jpg?resize=300%2C200&amp;ssl=1 300w, https:\/\/i0.wp.com\/idnu.ch\/wordpress\/wp-content\/uploads\/2017\/08\/weidhuesli-8.jpg?resize=768%2C512&amp;ssl=1 768w, https:\/\/i0.wp.com\/idnu.ch\/wordpress\/wp-content\/uploads\/2017\/08\/weidhuesli-8.jpg?resize=1024%2C682&amp;ssl=1 1024w, https:\/\/i0.wp.com\/idnu.ch\/wordpress\/wp-content\/uploads\/2017\/08\/weidhuesli-8.jpg?resize=150%2C100&amp;ssl=1 150w\" width=\"497\" height=\"331\" loading=\"lazy\" data-original-width=\"497\" data-original-height=\"331\" itemprop=\"http:\/\/schema.org\/image\" title=\"Nacht\" alt=\"Nacht\" style=\"width: 497px; height: 331px;\" \/> <\/a> <div class=\"tiled-gallery-caption\" itemprop=\"caption description\"> Nacht <\/div> <\/div> <\/div> <!-- close group --> <div class=\"gallery-group images-2\" style=\"width: 249px; height: 335px;\" data-original-width=\"249\" data-original-height=\"335\" > <div class=\"tiled-gallery-item tiled-gallery-item-small\" itemprop=\"associatedMedia\" itemscope itemtype=\"http:\/\/schema.org\/ImageObject\"> <a href=\"https:\/\/idnu.ch\/wordpress\/griffiger-fels-auf-der-melchsee-frutt\/weidhuesli-13\/#main\" border=\"0\" itemprop=\"url\"> <meta itemprop=\"width\" content=\"245\"> <meta itemprop=\"height\" content=\"164\"> <img decoding=\"async\" class=\"\" data-attachment-id=\"8229\" data-orig-file=\"https:\/\/idnu.ch\/wordpress\/wp-content\/uploads\/2017\/08\/weidhuesli-13.jpg\" data-orig-size=\"1400,933\" data-comments-opened=\"1\" data-image-meta=\"{&quot;aperture&quot;:&quot;5.6&quot;,&quot;credit&quot;:&quot;Urs Kyburz&quot;,&quot;camera&quot;:&quot;Canon EOS 60D&quot;,&quot;caption&quot;:&quot;&quot;,&quot;created_timestamp&quot;:&quot;1503178999&quot;,&quot;copyright&quot;:&quot;\\u00a9 Urs Kyburz&quot;,&quot;focal_length&quot;:&quot;300&quot;,&quot;iso&quot;:&quot;100&quot;,&quot;shutter_speed&quot;:&quot;38&quot;,&quot;title&quot;:&quot;&quot;,&quot;orientation&quot;:&quot;0&quot;}\" data-image-title=\"Der Reichenbachfall vom Hasliberg aus gesehen\" data-image-description=\"\" data-medium-file=\"https:\/\/i0.wp.com\/idnu.ch\/wordpress\/wp-content\/uploads\/2017\/08\/weidhuesli-13.jpg?fit=300%2C200&#038;ssl=1\" data-large-file=\"https:\/\/i0.wp.com\/idnu.ch\/wordpress\/wp-content\/uploads\/2017\/08\/weidhuesli-13.jpg?fit=750%2C500&#038;ssl=1\" src=\"https:\/\/i0.wp.com\/idnu.ch\/wordpress\/wp-content\/uploads\/2017\/08\/weidhuesli-13.jpg?w=245&#038;h=164&#038;ssl=1\" srcset=\"https:\/\/i0.wp.com\/idnu.ch\/wordpress\/wp-content\/uploads\/2017\/08\/weidhuesli-13.jpg?w=1400&amp;ssl=1 1400w, https:\/\/i0.wp.com\/idnu.ch\/wordpress\/wp-content\/uploads\/2017\/08\/weidhuesli-13.jpg?resize=300%2C200&amp;ssl=1 300w, https:\/\/i0.wp.com\/idnu.ch\/wordpress\/wp-content\/uploads\/2017\/08\/weidhuesli-13.jpg?resize=768%2C512&amp;ssl=1 768w, https:\/\/i0.wp.com\/idnu.ch\/wordpress\/wp-content\/uploads\/2017\/08\/weidhuesli-13.jpg?resize=1024%2C682&amp;ssl=1 1024w, https:\/\/i0.wp.com\/idnu.ch\/wordpress\/wp-content\/uploads\/2017\/08\/weidhuesli-13.jpg?resize=150%2C100&amp;ssl=1 150w\" width=\"245\" height=\"164\" loading=\"lazy\" data-original-width=\"245\" data-original-height=\"164\" itemprop=\"http:\/\/schema.org\/image\" title=\"Der Reichenbachfall vom Hasliberg aus gesehen\" alt=\"Der Reichenbachfall vom Hasliberg aus gesehen\" style=\"width: 245px; height: 164px;\" \/> <\/a> <div class=\"tiled-gallery-caption\" itemprop=\"caption description\"> Der Reichenbachfall vom Hasliberg aus gesehen <\/div> <\/div> <div class=\"tiled-gallery-item tiled-gallery-item-small\" itemprop=\"associatedMedia\" itemscope itemtype=\"http:\/\/schema.org\/ImageObject\"> <a href=\"https:\/\/idnu.ch\/wordpress\/griffiger-fels-auf-der-melchsee-frutt\/weidhuesli-14\/#main\" border=\"0\" itemprop=\"url\"> <meta itemprop=\"width\" content=\"245\"> <meta itemprop=\"height\" content=\"163\"> <img decoding=\"async\" class=\"\" data-attachment-id=\"8230\" data-orig-file=\"https:\/\/idnu.ch\/wordpress\/wp-content\/uploads\/2017\/08\/weidhuesli-14.jpg\" data-orig-size=\"1400,933\" data-comments-opened=\"1\" data-image-meta=\"{&quot;aperture&quot;:&quot;5&quot;,&quot;credit&quot;:&quot;Urs Kyburz&quot;,&quot;camera&quot;:&quot;Canon EOS 60D&quot;,&quot;caption&quot;:&quot;&quot;,&quot;created_timestamp&quot;:&quot;1503216187&quot;,&quot;copyright&quot;:&quot;\\u00a9 Urs Kyburz&quot;,&quot;focal_length&quot;:&quot;100&quot;,&quot;iso&quot;:&quot;100&quot;,&quot;shutter_speed&quot;:&quot;0.002&quot;,&quot;title&quot;:&quot;&quot;,&quot;orientation&quot;:&quot;0&quot;}\" data-image-title=\"Die Engelh\u00f6rner sind von Wolken umh\u00fcllt\" data-image-description=\"\" data-medium-file=\"https:\/\/i0.wp.com\/idnu.ch\/wordpress\/wp-content\/uploads\/2017\/08\/weidhuesli-14.jpg?fit=300%2C200&#038;ssl=1\" data-large-file=\"https:\/\/i0.wp.com\/idnu.ch\/wordpress\/wp-content\/uploads\/2017\/08\/weidhuesli-14.jpg?fit=750%2C500&#038;ssl=1\" src=\"https:\/\/i0.wp.com\/idnu.ch\/wordpress\/wp-content\/uploads\/2017\/08\/weidhuesli-14.jpg?w=245&#038;h=163&#038;ssl=1\" srcset=\"https:\/\/i0.wp.com\/idnu.ch\/wordpress\/wp-content\/uploads\/2017\/08\/weidhuesli-14.jpg?w=1400&amp;ssl=1 1400w, https:\/\/i0.wp.com\/idnu.ch\/wordpress\/wp-content\/uploads\/2017\/08\/weidhuesli-14.jpg?resize=300%2C200&amp;ssl=1 300w, https:\/\/i0.wp.com\/idnu.ch\/wordpress\/wp-content\/uploads\/2017\/08\/weidhuesli-14.jpg?resize=768%2C512&amp;ssl=1 768w, https:\/\/i0.wp.com\/idnu.ch\/wordpress\/wp-content\/uploads\/2017\/08\/weidhuesli-14.jpg?resize=1024%2C682&amp;ssl=1 1024w, https:\/\/i0.wp.com\/idnu.ch\/wordpress\/wp-content\/uploads\/2017\/08\/weidhuesli-14.jpg?resize=150%2C100&amp;ssl=1 150w\" width=\"245\" height=\"163\" loading=\"lazy\" data-original-width=\"245\" data-original-height=\"163\" itemprop=\"http:\/\/schema.org\/image\" title=\"Die Engelh\u00f6rner sind von Wolken umh\u00fcllt\" alt=\"Die Engelh\u00f6rner sind von Wolken umh\u00fcllt\" style=\"width: 245px; height: 163px;\" \/> <\/a> <div class=\"tiled-gallery-caption\" itemprop=\"caption description\"> Die Engelh\u00f6rner sind von Wolken umh\u00fcllt <\/div> <\/div> <\/div> <!-- close group --> <\/div> <!-- close row --> <\/div>\n","protected":false},"excerpt":{"rendered":"<p>F\u00fcr das allj\u00e4hrliche Familienklettern mit dem SAC Homberg war ein ideales Klettergebiet gefragt:&#8230;<\/p>\n","protected":false},"author":2,"featured_media":8214,"comment_status":"open","ping_status":"open","sticky":false,"template":"","format":"standard","meta":{"_monsterinsights_skip_tracking":false,"_monsterinsights_sitenote_active":false,"_monsterinsights_sitenote_note":"","_monsterinsights_sitenote_category":0,"jetpack_post_was_ever_published":false,"_jetpack_newsletter_access":"","_jetpack_dont_email_post_to_subs":false,"_jetpack_newsletter_tier_id":0,"_jetpack_memberships_contains_paywalled_content":false,"_jetpack_memberships_contains_paid_content":false,"footnotes":"","jetpack_publicize_message":"","jetpack_publicize_feature_enabled":true,"jetpack_social_post_already_shared":true,"jetpack_social_options":{"image_generator_settings":{"template":"highway","default_image_id":0,"font":"","enabled":false},"version":2}},"categories":[3,920,176],"tags":[999,998,484,528,1171,385,1000,487],"class_list":["post-8196","post","type-post","status-publish","format-standard","has-post-thumbnail","hentry","category-klettern","category-luzern-vierwaldstaettersee","category-obwalden","tag-bonistock","tag-familienklettern","tag-hasliberg","tag-haslital","tag-kinderfreundlich","tag-klettern-mit-kindern","tag-melchsee","tag-melchsee-frutt"],"geo":{"latitude":46.77574160000000347281456924974918365478515625,"longitude":8.2821245000000001112994141294620931148529052734375,"description":"Melchsee-Frutt, Kanton Obwalden, 6068, CH"},"yoast_head":"<!-- This site is optimized with the Yoast SEO plugin v27.4 - https:\/\/yoast.com\/product\/yoast-seo-wordpress\/ -->\n<title>Griffiger Fels auf der Melchsee-Frutt - In der Natur unterwegs<\/title>\n<meta name=\"description\" content=\"Routen f\u00fcr Anf\u00e4nger und Cracks, schwer und einfach am gleichen Ort. Die Wahl fiel auf den Bonistock auf der Melchsee-Frutt.\" \/>\n<meta name=\"robots\" content=\"index, follow, max-snippet:-1, max-image-preview:large, max-video-preview:-1\" \/>\n<link rel=\"canonical\" href=\"https:\/\/idnu.ch\/wordpress\/griffiger-fels-auf-der-melchsee-frutt\/\" \/>\n<meta property=\"og:locale\" content=\"de_DE\" \/>\n<meta property=\"og:type\" content=\"article\" \/>\n<meta property=\"og:title\" content=\"Griffiger Fels auf der Melchsee-Frutt - In der Natur unterwegs\" \/>\n<meta property=\"og:description\" content=\"Routen f\u00fcr Anf\u00e4nger und Cracks, schwer und einfach am gleichen Ort. Die Wahl fiel auf den Bonistock auf der Melchsee-Frutt.\" \/>\n<meta property=\"og:url\" content=\"https:\/\/idnu.ch\/wordpress\/griffiger-fels-auf-der-melchsee-frutt\/\" \/>\n<meta property=\"og:site_name\" content=\"In der Natur unterwegs\" \/>\n<meta property=\"article:published_time\" content=\"2017-08-23T17:40:03+00:00\" \/>\n<meta property=\"article:modified_time\" content=\"2025-05-08T12:36:35+00:00\" \/>\n<meta property=\"og:image\" content=\"https:\/\/idnu.ch\/wordpress\/wp-content\/uploads\/2017\/08\/familienklettern-20170820-59.jpg\" \/>\n\t<meta property=\"og:image:width\" content=\"1400\" \/>\n\t<meta property=\"og:image:height\" content=\"933\" \/>\n\t<meta property=\"og:image:type\" content=\"image\/jpeg\" \/>\n<meta name=\"author\" content=\"Urs Kyburz\" \/>\n<meta name=\"twitter:card\" content=\"summary_large_image\" \/>\n<meta name=\"twitter:creator\" content=\"@idnu_ch\" \/>\n<meta name=\"twitter:site\" content=\"@idnu_ch\" \/>\n<meta name=\"twitter:label1\" content=\"Verfasst von\" \/>\n\t<meta name=\"twitter:data1\" content=\"Urs Kyburz\" \/>\n\t<meta name=\"twitter:label2\" content=\"Gesch\u00e4tzte Lesezeit\" \/>\n\t<meta name=\"twitter:data2\" content=\"4\u00a0Minuten\" \/>\n<script type=\"application\/ld+json\" class=\"yoast-schema-graph\">{\"@context\":\"https:\\\/\\\/schema.org\",\"@graph\":[{\"@type\":\"Article\",\"@id\":\"https:\\\/\\\/idnu.ch\\\/wordpress\\\/griffiger-fels-auf-der-melchsee-frutt\\\/#article\",\"isPartOf\":{\"@id\":\"https:\\\/\\\/idnu.ch\\\/wordpress\\\/griffiger-fels-auf-der-melchsee-frutt\\\/\"},\"author\":{\"name\":\"Urs Kyburz\",\"@id\":\"https:\\\/\\\/idnu.ch\\\/wordpress\\\/#\\\/schema\\\/person\\\/1ab8c5de743be7b019272124c19ad351\"},\"headline\":\"Griffiger Fels auf der Melchsee-Frutt\",\"datePublished\":\"2017-08-23T17:40:03+00:00\",\"dateModified\":\"2025-05-08T12:36:35+00:00\",\"mainEntityOfPage\":{\"@id\":\"https:\\\/\\\/idnu.ch\\\/wordpress\\\/griffiger-fels-auf-der-melchsee-frutt\\\/\"},\"wordCount\":583,\"commentCount\":2,\"publisher\":{\"@id\":\"https:\\\/\\\/idnu.ch\\\/wordpress\\\/#\\\/schema\\\/person\\\/1ab8c5de743be7b019272124c19ad351\"},\"image\":{\"@id\":\"https:\\\/\\\/idnu.ch\\\/wordpress\\\/griffiger-fels-auf-der-melchsee-frutt\\\/#primaryimage\"},\"thumbnailUrl\":\"https:\\\/\\\/i0.wp.com\\\/idnu.ch\\\/wordpress\\\/wp-content\\\/uploads\\\/2017\\\/08\\\/familienklettern-20170820-59.jpg?fit=1400%2C933&ssl=1\",\"keywords\":[\"Bonistock\",\"Familienklettern\",\"Hasliberg\",\"Haslital\",\"kinderfreundlich\",\"Klettern mit Kindern\",\"Melchsee\",\"Melchsee-Frutt\"],\"articleSection\":[\"Klettern\",\"Luzern - Vierwaldst\u00e4ttersee\",\"Obwalden\"],\"inLanguage\":\"de\",\"potentialAction\":[{\"@type\":\"CommentAction\",\"name\":\"Comment\",\"target\":[\"https:\\\/\\\/idnu.ch\\\/wordpress\\\/griffiger-fels-auf-der-melchsee-frutt\\\/#respond\"]}]},{\"@type\":\"WebPage\",\"@id\":\"https:\\\/\\\/idnu.ch\\\/wordpress\\\/griffiger-fels-auf-der-melchsee-frutt\\\/\",\"url\":\"https:\\\/\\\/idnu.ch\\\/wordpress\\\/griffiger-fels-auf-der-melchsee-frutt\\\/\",\"name\":\"Griffiger Fels auf der Melchsee-Frutt - In der Natur unterwegs\",\"isPartOf\":{\"@id\":\"https:\\\/\\\/idnu.ch\\\/wordpress\\\/#website\"},\"primaryImageOfPage\":{\"@id\":\"https:\\\/\\\/idnu.ch\\\/wordpress\\\/griffiger-fels-auf-der-melchsee-frutt\\\/#primaryimage\"},\"image\":{\"@id\":\"https:\\\/\\\/idnu.ch\\\/wordpress\\\/griffiger-fels-auf-der-melchsee-frutt\\\/#primaryimage\"},\"thumbnailUrl\":\"https:\\\/\\\/i0.wp.com\\\/idnu.ch\\\/wordpress\\\/wp-content\\\/uploads\\\/2017\\\/08\\\/familienklettern-20170820-59.jpg?fit=1400%2C933&ssl=1\",\"datePublished\":\"2017-08-23T17:40:03+00:00\",\"dateModified\":\"2025-05-08T12:36:35+00:00\",\"description\":\"Routen f\u00fcr Anf\u00e4nger und Cracks, schwer und einfach am gleichen Ort. Die Wahl fiel auf den Bonistock auf der Melchsee-Frutt.\",\"breadcrumb\":{\"@id\":\"https:\\\/\\\/idnu.ch\\\/wordpress\\\/griffiger-fels-auf-der-melchsee-frutt\\\/#breadcrumb\"},\"inLanguage\":\"de\",\"potentialAction\":[{\"@type\":\"ReadAction\",\"target\":[\"https:\\\/\\\/idnu.ch\\\/wordpress\\\/griffiger-fels-auf-der-melchsee-frutt\\\/\"]}]},{\"@type\":\"ImageObject\",\"inLanguage\":\"de\",\"@id\":\"https:\\\/\\\/idnu.ch\\\/wordpress\\\/griffiger-fels-auf-der-melchsee-frutt\\\/#primaryimage\",\"url\":\"https:\\\/\\\/i0.wp.com\\\/idnu.ch\\\/wordpress\\\/wp-content\\\/uploads\\\/2017\\\/08\\\/familienklettern-20170820-59.jpg?fit=1400%2C933&ssl=1\",\"contentUrl\":\"https:\\\/\\\/i0.wp.com\\\/idnu.ch\\\/wordpress\\\/wp-content\\\/uploads\\\/2017\\\/08\\\/familienklettern-20170820-59.jpg?fit=1400%2C933&ssl=1\",\"width\":1400,\"height\":933,\"caption\":\"Sch\u00f6ne Stimmung beim Melchsee\"},{\"@type\":\"BreadcrumbList\",\"@id\":\"https:\\\/\\\/idnu.ch\\\/wordpress\\\/griffiger-fels-auf-der-melchsee-frutt\\\/#breadcrumb\",\"itemListElement\":[{\"@type\":\"ListItem\",\"position\":1,\"name\":\"Startseite\",\"item\":\"https:\\\/\\\/idnu.ch\\\/wordpress\\\/\"},{\"@type\":\"ListItem\",\"position\":2,\"name\":\"Griffiger Fels auf der Melchsee-Frutt\"}]},{\"@type\":\"WebSite\",\"@id\":\"https:\\\/\\\/idnu.ch\\\/wordpress\\\/#website\",\"url\":\"https:\\\/\\\/idnu.ch\\\/wordpress\\\/\",\"name\":\"In der Natur unterwegs\",\"description\":\"Dort, wo es am sch\u00f6nsten ist\",\"publisher\":{\"@id\":\"https:\\\/\\\/idnu.ch\\\/wordpress\\\/#\\\/schema\\\/person\\\/1ab8c5de743be7b019272124c19ad351\"},\"potentialAction\":[{\"@type\":\"SearchAction\",\"target\":{\"@type\":\"EntryPoint\",\"urlTemplate\":\"https:\\\/\\\/idnu.ch\\\/wordpress\\\/?s={search_term_string}\"},\"query-input\":{\"@type\":\"PropertyValueSpecification\",\"valueRequired\":true,\"valueName\":\"search_term_string\"}}],\"inLanguage\":\"de\"},{\"@type\":[\"Person\",\"Organization\"],\"@id\":\"https:\\\/\\\/idnu.ch\\\/wordpress\\\/#\\\/schema\\\/person\\\/1ab8c5de743be7b019272124c19ad351\",\"name\":\"Urs Kyburz\",\"image\":{\"@type\":\"ImageObject\",\"inLanguage\":\"de\",\"@id\":\"https:\\\/\\\/i0.wp.com\\\/idnu.ch\\\/wordpress\\\/wp-content\\\/uploads\\\/2016\\\/02\\\/logo_150x165.gif?fit=3151%2C3456&ssl=1\",\"url\":\"https:\\\/\\\/i0.wp.com\\\/idnu.ch\\\/wordpress\\\/wp-content\\\/uploads\\\/2016\\\/02\\\/logo_150x165.gif?fit=3151%2C3456&ssl=1\",\"contentUrl\":\"https:\\\/\\\/i0.wp.com\\\/idnu.ch\\\/wordpress\\\/wp-content\\\/uploads\\\/2016\\\/02\\\/logo_150x165.gif?fit=3151%2C3456&ssl=1\",\"width\":3151,\"height\":3456,\"caption\":\"Urs Kyburz\"},\"logo\":{\"@id\":\"https:\\\/\\\/i0.wp.com\\\/idnu.ch\\\/wordpress\\\/wp-content\\\/uploads\\\/2016\\\/02\\\/logo_150x165.gif?fit=3151%2C3456&ssl=1\"}}]}<\/script>\n<!-- \/ Yoast SEO plugin. -->","yoast_head_json":{"title":"Griffiger Fels auf der Melchsee-Frutt - In der Natur unterwegs","description":"Routen f\u00fcr Anf\u00e4nger und Cracks, schwer und einfach am gleichen Ort. Die Wahl fiel auf den Bonistock auf der Melchsee-Frutt.","robots":{"index":"index","follow":"follow","max-snippet":"max-snippet:-1","max-image-preview":"max-image-preview:large","max-video-preview":"max-video-preview:-1"},"canonical":"https:\/\/idnu.ch\/wordpress\/griffiger-fels-auf-der-melchsee-frutt\/","og_locale":"de_DE","og_type":"article","og_title":"Griffiger Fels auf der Melchsee-Frutt - In der Natur unterwegs","og_description":"Routen f\u00fcr Anf\u00e4nger und Cracks, schwer und einfach am gleichen Ort. Die Wahl fiel auf den Bonistock auf der Melchsee-Frutt.","og_url":"https:\/\/idnu.ch\/wordpress\/griffiger-fels-auf-der-melchsee-frutt\/","og_site_name":"In der Natur unterwegs","article_published_time":"2017-08-23T17:40:03+00:00","article_modified_time":"2025-05-08T12:36:35+00:00","og_image":[{"width":1400,"height":933,"url":"https:\/\/idnu.ch\/wordpress\/wp-content\/uploads\/2017\/08\/familienklettern-20170820-59.jpg","type":"image\/jpeg"}],"author":"Urs Kyburz","twitter_card":"summary_large_image","twitter_creator":"@idnu_ch","twitter_site":"@idnu_ch","twitter_misc":{"Verfasst von":"Urs Kyburz","Gesch\u00e4tzte Lesezeit":"4\u00a0Minuten"},"schema":{"@context":"https:\/\/schema.org","@graph":[{"@type":"Article","@id":"https:\/\/idnu.ch\/wordpress\/griffiger-fels-auf-der-melchsee-frutt\/#article","isPartOf":{"@id":"https:\/\/idnu.ch\/wordpress\/griffiger-fels-auf-der-melchsee-frutt\/"},"author":{"name":"Urs Kyburz","@id":"https:\/\/idnu.ch\/wordpress\/#\/schema\/person\/1ab8c5de743be7b019272124c19ad351"},"headline":"Griffiger Fels auf der Melchsee-Frutt","datePublished":"2017-08-23T17:40:03+00:00","dateModified":"2025-05-08T12:36:35+00:00","mainEntityOfPage":{"@id":"https:\/\/idnu.ch\/wordpress\/griffiger-fels-auf-der-melchsee-frutt\/"},"wordCount":583,"commentCount":2,"publisher":{"@id":"https:\/\/idnu.ch\/wordpress\/#\/schema\/person\/1ab8c5de743be7b019272124c19ad351"},"image":{"@id":"https:\/\/idnu.ch\/wordpress\/griffiger-fels-auf-der-melchsee-frutt\/#primaryimage"},"thumbnailUrl":"https:\/\/i0.wp.com\/idnu.ch\/wordpress\/wp-content\/uploads\/2017\/08\/familienklettern-20170820-59.jpg?fit=1400%2C933&ssl=1","keywords":["Bonistock","Familienklettern","Hasliberg","Haslital","kinderfreundlich","Klettern mit Kindern","Melchsee","Melchsee-Frutt"],"articleSection":["Klettern","Luzern - Vierwaldst\u00e4ttersee","Obwalden"],"inLanguage":"de","potentialAction":[{"@type":"CommentAction","name":"Comment","target":["https:\/\/idnu.ch\/wordpress\/griffiger-fels-auf-der-melchsee-frutt\/#respond"]}]},{"@type":"WebPage","@id":"https:\/\/idnu.ch\/wordpress\/griffiger-fels-auf-der-melchsee-frutt\/","url":"https:\/\/idnu.ch\/wordpress\/griffiger-fels-auf-der-melchsee-frutt\/","name":"Griffiger Fels auf der Melchsee-Frutt - In der Natur unterwegs","isPartOf":{"@id":"https:\/\/idnu.ch\/wordpress\/#website"},"primaryImageOfPage":{"@id":"https:\/\/idnu.ch\/wordpress\/griffiger-fels-auf-der-melchsee-frutt\/#primaryimage"},"image":{"@id":"https:\/\/idnu.ch\/wordpress\/griffiger-fels-auf-der-melchsee-frutt\/#primaryimage"},"thumbnailUrl":"https:\/\/i0.wp.com\/idnu.ch\/wordpress\/wp-content\/uploads\/2017\/08\/familienklettern-20170820-59.jpg?fit=1400%2C933&ssl=1","datePublished":"2017-08-23T17:40:03+00:00","dateModified":"2025-05-08T12:36:35+00:00","description":"Routen f\u00fcr Anf\u00e4nger und Cracks, schwer und einfach am gleichen Ort. Die Wahl fiel auf den Bonistock auf der Melchsee-Frutt.","breadcrumb":{"@id":"https:\/\/idnu.ch\/wordpress\/griffiger-fels-auf-der-melchsee-frutt\/#breadcrumb"},"inLanguage":"de","potentialAction":[{"@type":"ReadAction","target":["https:\/\/idnu.ch\/wordpress\/griffiger-fels-auf-der-melchsee-frutt\/"]}]},{"@type":"ImageObject","inLanguage":"de","@id":"https:\/\/idnu.ch\/wordpress\/griffiger-fels-auf-der-melchsee-frutt\/#primaryimage","url":"https:\/\/i0.wp.com\/idnu.ch\/wordpress\/wp-content\/uploads\/2017\/08\/familienklettern-20170820-59.jpg?fit=1400%2C933&ssl=1","contentUrl":"https:\/\/i0.wp.com\/idnu.ch\/wordpress\/wp-content\/uploads\/2017\/08\/familienklettern-20170820-59.jpg?fit=1400%2C933&ssl=1","width":1400,"height":933,"caption":"Sch\u00f6ne Stimmung beim Melchsee"},{"@type":"BreadcrumbList","@id":"https:\/\/idnu.ch\/wordpress\/griffiger-fels-auf-der-melchsee-frutt\/#breadcrumb","itemListElement":[{"@type":"ListItem","position":1,"name":"Startseite","item":"https:\/\/idnu.ch\/wordpress\/"},{"@type":"ListItem","position":2,"name":"Griffiger Fels auf der Melchsee-Frutt"}]},{"@type":"WebSite","@id":"https:\/\/idnu.ch\/wordpress\/#website","url":"https:\/\/idnu.ch\/wordpress\/","name":"In der Natur unterwegs","description":"Dort, wo es am sch\u00f6nsten ist","publisher":{"@id":"https:\/\/idnu.ch\/wordpress\/#\/schema\/person\/1ab8c5de743be7b019272124c19ad351"},"potentialAction":[{"@type":"SearchAction","target":{"@type":"EntryPoint","urlTemplate":"https:\/\/idnu.ch\/wordpress\/?s={search_term_string}"},"query-input":{"@type":"PropertyValueSpecification","valueRequired":true,"valueName":"search_term_string"}}],"inLanguage":"de"},{"@type":["Person","Organization"],"@id":"https:\/\/idnu.ch\/wordpress\/#\/schema\/person\/1ab8c5de743be7b019272124c19ad351","name":"Urs Kyburz","image":{"@type":"ImageObject","inLanguage":"de","@id":"https:\/\/i0.wp.com\/idnu.ch\/wordpress\/wp-content\/uploads\/2016\/02\/logo_150x165.gif?fit=3151%2C3456&ssl=1","url":"https:\/\/i0.wp.com\/idnu.ch\/wordpress\/wp-content\/uploads\/2016\/02\/logo_150x165.gif?fit=3151%2C3456&ssl=1","contentUrl":"https:\/\/i0.wp.com\/idnu.ch\/wordpress\/wp-content\/uploads\/2016\/02\/logo_150x165.gif?fit=3151%2C3456&ssl=1","width":3151,"height":3456,"caption":"Urs Kyburz"},"logo":{"@id":"https:\/\/i0.wp.com\/idnu.ch\/wordpress\/wp-content\/uploads\/2016\/02\/logo_150x165.gif?fit=3151%2C3456&ssl=1"}}]}},"jetpack_publicize_connections":[],"jetpack_featured_media_url":"https:\/\/i0.wp.com\/idnu.ch\/wordpress\/wp-content\/uploads\/2017\/08\/familienklettern-20170820-59.jpg?fit=1400%2C933&ssl=1","jetpack_sharing_enabled":true,"jetpack_shortlink":"https:\/\/wp.me\/p6MmGG-28c","jetpack-related-posts":[{"id":16474,"url":"https:\/\/idnu.ch\/wordpress\/von-der-innerschweiz-ins-berner-oberland\/","url_meta":{"origin":8196,"position":0},"title":"Von der Innerschweiz ins Berner Oberland","author":"Urs Kyburz","date":"29. August 2020","format":false,"excerpt":"Es war eine alte Idee von mir: Von der Innerschweiz ins Berner Oberland zu wandern, genauer von der Melchsee-Frutt auf den Hasliberg. M\u00f6glich gemacht wurde das durch den SAC Homberg, der anl\u00e4sslich des 100-Jahr-Jubil\u00e4ums einen Sternmarsch zur Planplatten organisierte. Ich war der Leiter der Gruppe Frutt. Bei der Planung stellte\u2026","rel":"","context":"In &quot;Bern&quot;","block_context":{"text":"Bern","link":"https:\/\/idnu.ch\/wordpress\/category\/kanton\/bern\/"},"img":{"alt_text":"","src":"https:\/\/i0.wp.com\/idnu.ch\/wordpress\/wp-content\/uploads\/2020\/08\/jubilaeumstour-20200815-34.jpg?fit=1200%2C800&ssl=1&resize=350%2C200","width":350,"height":200,"srcset":"https:\/\/i0.wp.com\/idnu.ch\/wordpress\/wp-content\/uploads\/2020\/08\/jubilaeumstour-20200815-34.jpg?fit=1200%2C800&ssl=1&resize=350%2C200 1x, https:\/\/i0.wp.com\/idnu.ch\/wordpress\/wp-content\/uploads\/2020\/08\/jubilaeumstour-20200815-34.jpg?fit=1200%2C800&ssl=1&resize=525%2C300 1.5x, https:\/\/i0.wp.com\/idnu.ch\/wordpress\/wp-content\/uploads\/2020\/08\/jubilaeumstour-20200815-34.jpg?fit=1200%2C800&ssl=1&resize=700%2C400 2x, https:\/\/i0.wp.com\/idnu.ch\/wordpress\/wp-content\/uploads\/2020\/08\/jubilaeumstour-20200815-34.jpg?fit=1200%2C800&ssl=1&resize=1050%2C600 3x"},"classes":[]},{"id":14003,"url":"https:\/\/idnu.ch\/wordpress\/in-den-schnee-im-alten-jahr\/","url_meta":{"origin":8196,"position":1},"title":"In den Schnee im alten Jahr","author":"Urs Kyburz","date":"5. Januar 2020","format":false,"excerpt":"Die Altjahreswoche verspricht stabiles Wetter, aber bei uns im Flachland hat es keinen Schnee. Deshalb wollen wir in die H\u00f6he, um die Skisaison seit langem wieder einmal im Dezember zu starten und im alten Jahr noch in den Schnee zu gehen. Aber wo? Der Entscheid f\u00e4llt auf die Melchsee-Frutt: Mit\u2026","rel":"","context":"In &quot;Luzern - Vierwaldst\u00e4ttersee&quot;","block_context":{"text":"Luzern - Vierwaldst\u00e4ttersee","link":"https:\/\/idnu.ch\/wordpress\/category\/tourismusregionen\/luzern-vierwaldstaettersee\/"},"img":{"alt_text":"","src":"https:\/\/i0.wp.com\/idnu.ch\/wordpress\/wp-content\/uploads\/2020\/01\/melchsee-frutt-20191229-96.jpg?fit=1200%2C800&ssl=1&resize=350%2C200","width":350,"height":200,"srcset":"https:\/\/i0.wp.com\/idnu.ch\/wordpress\/wp-content\/uploads\/2020\/01\/melchsee-frutt-20191229-96.jpg?fit=1200%2C800&ssl=1&resize=350%2C200 1x, https:\/\/i0.wp.com\/idnu.ch\/wordpress\/wp-content\/uploads\/2020\/01\/melchsee-frutt-20191229-96.jpg?fit=1200%2C800&ssl=1&resize=525%2C300 1.5x, https:\/\/i0.wp.com\/idnu.ch\/wordpress\/wp-content\/uploads\/2020\/01\/melchsee-frutt-20191229-96.jpg?fit=1200%2C800&ssl=1&resize=700%2C400 2x, https:\/\/i0.wp.com\/idnu.ch\/wordpress\/wp-content\/uploads\/2020\/01\/melchsee-frutt-20191229-96.jpg?fit=1200%2C800&ssl=1&resize=1050%2C600 3x"},"classes":[]},{"id":119,"url":"https:\/\/idnu.ch\/wordpress\/familientipp-iglu-bauen-mit-der-familie\/","url_meta":{"origin":8196,"position":2},"title":"Familientipp: Iglu bauen mit der Familie","author":"Urs Kyburz","date":"8. Januar 2015","format":"image","excerpt":"Im Januar-Heft 2015 des Wandermagazin SCHWEIZ ist die Reportage \u00fcber den Transa-Igluevent erschienen: Ich bin \u00fcbrigens auch mal auf einem Bild drauf, meine Frau hat sich als Fotografin bet\u00e4tigt :-) Zum Schluss noch meine pers\u00f6nlichen Eindr\u00fccke:\u00a0Touristischer Zweitwohnungsbau ganz legal","rel":"","context":"In &quot;Luzern - Vierwaldst\u00e4ttersee&quot;","block_context":{"text":"Luzern - Vierwaldst\u00e4ttersee","link":"https:\/\/idnu.ch\/wordpress\/category\/tourismusregionen\/luzern-vierwaldstaettersee\/"},"img":{"alt_text":"Iglufestival","src":"https:\/\/i0.wp.com\/idnu.ch\/wordpress\/wp-content\/uploads\/2014\/03\/IMG_7307.jpg?fit=900%2C600&ssl=1&resize=350%2C200","width":350,"height":200,"srcset":"https:\/\/i0.wp.com\/idnu.ch\/wordpress\/wp-content\/uploads\/2014\/03\/IMG_7307.jpg?fit=900%2C600&ssl=1&resize=350%2C200 1x, https:\/\/i0.wp.com\/idnu.ch\/wordpress\/wp-content\/uploads\/2014\/03\/IMG_7307.jpg?fit=900%2C600&ssl=1&resize=525%2C300 1.5x, https:\/\/i0.wp.com\/idnu.ch\/wordpress\/wp-content\/uploads\/2014\/03\/IMG_7307.jpg?fit=900%2C600&ssl=1&resize=700%2C400 2x"},"classes":[]},{"id":219,"url":"https:\/\/idnu.ch\/wordpress\/rueckblick-auf-das-tourenjahr-2012\/","url_meta":{"origin":8196,"position":3},"title":"R\u00fcckblick auf das Tourenjahr 2012","author":"Urs Kyburz","date":"31. Dezember 2012","format":"gallery","excerpt":"Es ja jetzt gerade Mode, R\u00fcckschau zu halten. Dem will ich mich nicht verschliessen und zeige ein paar Impressionen von unserem Tourenjahr. Die erste Skitour unserer Jungs anfangs Januar mit dem\u00a0SAC Homberg. Ende Januar\/anfangs Februar waren wir auf der Melchsee-Frutt in den Ferien. Das Wochenende nach den Ferien unternahmen wir\u2026","rel":"","context":"In &quot;Aargau&quot;","block_context":{"text":"Aargau","link":"https:\/\/idnu.ch\/wordpress\/category\/kanton\/aargau\/"},"img":{"alt_text":"","src":"https:\/\/i0.wp.com\/idnu.ch\/wordpress\/wp-content\/uploads\/2012\/12\/wallis-2.jpg?fit=1200%2C800&ssl=1&resize=350%2C200","width":350,"height":200,"srcset":"https:\/\/i0.wp.com\/idnu.ch\/wordpress\/wp-content\/uploads\/2012\/12\/wallis-2.jpg?fit=1200%2C800&ssl=1&resize=350%2C200 1x, https:\/\/i0.wp.com\/idnu.ch\/wordpress\/wp-content\/uploads\/2012\/12\/wallis-2.jpg?fit=1200%2C800&ssl=1&resize=525%2C300 1.5x, https:\/\/i0.wp.com\/idnu.ch\/wordpress\/wp-content\/uploads\/2012\/12\/wallis-2.jpg?fit=1200%2C800&ssl=1&resize=700%2C400 2x, https:\/\/i0.wp.com\/idnu.ch\/wordpress\/wp-content\/uploads\/2012\/12\/wallis-2.jpg?fit=1200%2C800&ssl=1&resize=1050%2C600 3x"},"classes":[]},{"id":168,"url":"https:\/\/idnu.ch\/wordpress\/touristischer-zweitwohnungsbau-ganz-legal\/","url_meta":{"origin":8196,"position":4},"title":"Touristischer Zweitwohnungsbau ganz legal","author":"Urs Kyburz","date":"4. M\u00e4rz 2014","format":false,"excerpt":"Am ersten M\u00e4rz-Wochenende wollten wir es wissen: Wie baut man ein Iglu richtig? Die M\u00f6glichkeit zum ebendies lernen bot uns Transa auf der Melchsee-Frutt. Das Wetter war soso-lala, das Licht war besch..., wie ihr an den Fotos erkennen k\u00f6nnt. ABER: Es machte m\u00e4chtig viel Spass. Touristischer Zweitwohnungsbau ganz legal. Begonnen\u2026","rel":"","context":"In &quot;Luzern - Vierwaldst\u00e4ttersee&quot;","block_context":{"text":"Luzern - Vierwaldst\u00e4ttersee","link":"https:\/\/idnu.ch\/wordpress\/category\/tourismusregionen\/luzern-vierwaldstaettersee\/"},"img":{"alt_text":"Iglufestival","src":"https:\/\/i0.wp.com\/idnu.ch\/wordpress\/wp-content\/uploads\/2014\/03\/IMG_7307.jpg?fit=900%2C600&ssl=1&resize=350%2C200","width":350,"height":200,"srcset":"https:\/\/i0.wp.com\/idnu.ch\/wordpress\/wp-content\/uploads\/2014\/03\/IMG_7307.jpg?fit=900%2C600&ssl=1&resize=350%2C200 1x, https:\/\/i0.wp.com\/idnu.ch\/wordpress\/wp-content\/uploads\/2014\/03\/IMG_7307.jpg?fit=900%2C600&ssl=1&resize=525%2C300 1.5x, https:\/\/i0.wp.com\/idnu.ch\/wordpress\/wp-content\/uploads\/2014\/03\/IMG_7307.jpg?fit=900%2C600&ssl=1&resize=700%2C400 2x"},"classes":[]},{"id":13481,"url":"https:\/\/idnu.ch\/wordpress\/blick-zurueck-ofen-im-melchtal\/","url_meta":{"origin":8196,"position":5},"title":"Blick zur\u00fcck: Ofen im Melchtal","author":"Urs Kyburz","date":"18. November 2019","format":false,"excerpt":"Blick zur\u00fcck: Der Ofen im Melchtal, Kanton Obwalden, wo wir 1997 die Route \"Wolfsfeder\" kletterten. Ich habe sie noch als sehr steil in Erinnerung und die Tour weist eine der sch\u00f6nsten Seill\u00e4ngen auf, die ich je geklettert bin. 27. Juli 1997: [...] Wir fahren ins Melchtal, wo wir im Auto\u2026","rel":"","context":"In &quot;Blick zur\u00fcck - 1997+&quot;","block_context":{"text":"Blick zur\u00fcck - 1997+","link":"https:\/\/idnu.ch\/wordpress\/category\/lookback\/"},"img":{"alt_text":"","src":"https:\/\/i0.wp.com\/idnu.ch\/wordpress\/wp-content\/uploads\/2019\/11\/header.jpg?fit=768%2C564&ssl=1&resize=350%2C200","width":350,"height":200,"srcset":"https:\/\/i0.wp.com\/idnu.ch\/wordpress\/wp-content\/uploads\/2019\/11\/header.jpg?fit=768%2C564&ssl=1&resize=350%2C200 1x, https:\/\/i0.wp.com\/idnu.ch\/wordpress\/wp-content\/uploads\/2019\/11\/header.jpg?fit=768%2C564&ssl=1&resize=525%2C300 1.5x, https:\/\/i0.wp.com\/idnu.ch\/wordpress\/wp-content\/uploads\/2019\/11\/header.jpg?fit=768%2C564&ssl=1&resize=700%2C400 2x"},"classes":[]}],"jetpack_likes_enabled":true,"_links":{"self":[{"href":"https:\/\/idnu.ch\/wordpress\/wp-json\/wp\/v2\/posts\/8196","targetHints":{"allow":["GET"]}}],"collection":[{"href":"https:\/\/idnu.ch\/wordpress\/wp-json\/wp\/v2\/posts"}],"about":[{"href":"https:\/\/idnu.ch\/wordpress\/wp-json\/wp\/v2\/types\/post"}],"author":[{"embeddable":true,"href":"https:\/\/idnu.ch\/wordpress\/wp-json\/wp\/v2\/users\/2"}],"replies":[{"embeddable":true,"href":"https:\/\/idnu.ch\/wordpress\/wp-json\/wp\/v2\/comments?post=8196"}],"version-history":[{"count":10,"href":"https:\/\/idnu.ch\/wordpress\/wp-json\/wp\/v2\/posts\/8196\/revisions"}],"predecessor-version":[{"id":27493,"href":"https:\/\/idnu.ch\/wordpress\/wp-json\/wp\/v2\/posts\/8196\/revisions\/27493"}],"wp:featuredmedia":[{"embeddable":true,"href":"https:\/\/idnu.ch\/wordpress\/wp-json\/wp\/v2\/media\/8214"}],"wp:attachment":[{"href":"https:\/\/idnu.ch\/wordpress\/wp-json\/wp\/v2\/media?parent=8196"}],"wp:term":[{"taxonomy":"category","embeddable":true,"href":"https:\/\/idnu.ch\/wordpress\/wp-json\/wp\/v2\/categories?post=8196"},{"taxonomy":"post_tag","embeddable":true,"href":"https:\/\/idnu.ch\/wordpress\/wp-json\/wp\/v2\/tags?post=8196"}],"curies":[{"name":"wp","href":"https:\/\/api.w.org\/{rel}","templated":true}]}}