{"id":8268,"date":"2017-09-04T15:46:27","date_gmt":"2017-09-04T13:46:27","guid":{"rendered":"http:\/\/idnu.ch\/wordpress\/?p=8268"},"modified":"2026-01-23T14:32:32","modified_gmt":"2026-01-23T13:32:32","slug":"der-traum-vom-familiengerechten-radweg-um-den-hallwilersee","status":"publish","type":"post","link":"https:\/\/idnu.ch\/wordpress\/der-traum-vom-familiengerechten-radweg-um-den-hallwilersee\/","title":{"rendered":"Der Traum vom familiengerechten Radweg um den Hallwilersee"},"content":{"rendered":"<p><strong>Der mit Abstand meistgelesene Artikel auf dieser Seite ist dieser:\u00a0<a href=\"https:\/\/idnu.ch\/wordpress\/tourentipp-rund-um-den-hallwilersee-per-velo\/\">Tourentipp: Rund um den Hallwilersee per Velo.<\/a> Ich vermute mal, dass viele Familien gem\u00fctlich um den See radeln m\u00f6chten. Sie werden entt\u00e4uscht sein und der Traum vom familiengerechten Radweg um den Hallwilersee ein Traum bleiben.<\/strong><\/p>\n<figure id=\"attachment_7576\" aria-describedby=\"caption-attachment-7576\" style=\"width: 1400px\" class=\"wp-caption aligncenter\"><img data-recalc-dims=\"1\" loading=\"lazy\" decoding=\"async\" data-attachment-id=\"7576\" data-permalink=\"https:\/\/idnu.ch\/wordpress\/nur-nicht-die-laune-verderben-lassen\/mvt_hallwilersee-42\/#main\" data-orig-file=\"https:\/\/i0.wp.com\/idnu.ch\/wordpress\/wp-content\/uploads\/2017\/05\/mvt_hallwilersee-42.jpg?fit=1400%2C1050&amp;ssl=1\" data-orig-size=\"1400,1050\" data-comments-opened=\"1\" data-image-meta=\"{&quot;aperture&quot;:&quot;4&quot;,&quot;credit&quot;:&quot;Urs Kyburz&quot;,&quot;camera&quot;:&quot;Canon PowerShot G16&quot;,&quot;caption&quot;:&quot;&quot;,&quot;created_timestamp&quot;:&quot;1494770534&quot;,&quot;copyright&quot;:&quot;\\u00a9 Urs Kyburz&quot;,&quot;focal_length&quot;:&quot;22.429&quot;,&quot;iso&quot;:&quot;80&quot;,&quot;shutter_speed&quot;:&quot;0.0025&quot;,&quot;title&quot;:&quot;&quot;,&quot;orientation&quot;:&quot;0&quot;}\" data-image-title=\"Der Hallwilersee leuchtet ausnahmsweise t\u00fcrkisfarben\" data-image-description=\"\" data-image-caption=\"&lt;p&gt;Der Hallwilersee leuchtet ausnahmsweise t\u00fcrkisfarben&lt;\/p&gt;\n\" data-large-file=\"https:\/\/i0.wp.com\/idnu.ch\/wordpress\/wp-content\/uploads\/2017\/05\/mvt_hallwilersee-42.jpg?fit=750%2C563&amp;ssl=1\" class=\"size-full wp-image-7576\" src=\"https:\/\/i0.wp.com\/idnu.ch\/wordpress\/wp-content\/uploads\/2017\/05\/mvt_hallwilersee-42.jpg?resize=750%2C563&#038;ssl=1\" alt=\"Der Hallwilersee leuchtet ausnahmsweise t\u00fcrkisfarben\" width=\"750\" height=\"563\" srcset=\"https:\/\/i0.wp.com\/idnu.ch\/wordpress\/wp-content\/uploads\/2017\/05\/mvt_hallwilersee-42.jpg?w=1400&amp;ssl=1 1400w, https:\/\/i0.wp.com\/idnu.ch\/wordpress\/wp-content\/uploads\/2017\/05\/mvt_hallwilersee-42.jpg?resize=300%2C225&amp;ssl=1 300w, https:\/\/i0.wp.com\/idnu.ch\/wordpress\/wp-content\/uploads\/2017\/05\/mvt_hallwilersee-42.jpg?resize=768%2C576&amp;ssl=1 768w, https:\/\/i0.wp.com\/idnu.ch\/wordpress\/wp-content\/uploads\/2017\/05\/mvt_hallwilersee-42.jpg?resize=1024%2C768&amp;ssl=1 1024w, https:\/\/i0.wp.com\/idnu.ch\/wordpress\/wp-content\/uploads\/2017\/05\/mvt_hallwilersee-42.jpg?resize=720%2C540&amp;ssl=1 720w, https:\/\/i0.wp.com\/idnu.ch\/wordpress\/wp-content\/uploads\/2017\/05\/mvt_hallwilersee-42.jpg?resize=133%2C100&amp;ssl=1 133w\" sizes=\"auto, (max-width: 750px) 100vw, 750px\" \/><figcaption id=\"caption-attachment-7576\" class=\"wp-caption-text\">Eine Velotour rund um den Hallwilersee erfordert stramme Waden.<\/figcaption><\/figure>\n<p>Eigentlich w\u00e4re der See im lieblichen H\u00fcgelland zwischen Lenzburg und Luzern pr\u00e4destiniert f\u00fcr eine Umrundung mit der Familie: Viele Badem\u00f6glichkeiten, Restaurants am See. Aber eben, nicht \u00fcberall verl\u00e4uft der Radweg abseits der Strasse. Es gibt drei neuralgische Punkte, die eine entspannte Tour verhinden.<\/p>\n<h2>Mosen<\/h2>\n<p><del>Zwischen Beinwil am See und dem Moser Wald verl\u00e4uft die Radweg auf einer verkehrsfreien Strasse. Das ist sch\u00f6n und gut. Aber vor Mosen biegt der Radweg in die viel befahrene Kantonsstrasse ein. Ein Unding.<\/del><\/p>\n<figure id=\"attachment_8270\" aria-describedby=\"caption-attachment-8270\" style=\"width: 1065px\" class=\"wp-caption aligncenter\"><img data-recalc-dims=\"1\" loading=\"lazy\" decoding=\"async\" data-attachment-id=\"8270\" data-permalink=\"https:\/\/idnu.ch\/wordpress\/der-traum-vom-familiengerechten-radweg-um-den-hallwilersee\/mosen\/#main\" data-orig-file=\"https:\/\/i0.wp.com\/idnu.ch\/wordpress\/wp-content\/uploads\/2017\/09\/mosen.jpg?fit=1065%2C626&amp;ssl=1\" data-orig-size=\"1065,626\" data-comments-opened=\"1\" data-image-meta=\"{&quot;aperture&quot;:&quot;0&quot;,&quot;credit&quot;:&quot;&quot;,&quot;camera&quot;:&quot;&quot;,&quot;caption&quot;:&quot;&quot;,&quot;created_timestamp&quot;:&quot;0&quot;,&quot;copyright&quot;:&quot;&quot;,&quot;focal_length&quot;:&quot;0&quot;,&quot;iso&quot;:&quot;0&quot;,&quot;shutter_speed&quot;:&quot;0&quot;,&quot;title&quot;:&quot;&quot;,&quot;orientation&quot;:&quot;0&quot;}\" data-image-title=\"Radweg bei Mosen auf der Kantonsstrasse\" data-image-description=\"\" data-image-caption=\"&lt;p&gt;Radweg bei Mosen auf der Kantonsstrasse&lt;\/p&gt;\n\" data-large-file=\"https:\/\/i0.wp.com\/idnu.ch\/wordpress\/wp-content\/uploads\/2017\/09\/mosen.jpg?fit=750%2C441&amp;ssl=1\" class=\"wp-image-8270 size-full\" src=\"https:\/\/i0.wp.com\/idnu.ch\/wordpress\/wp-content\/uploads\/2017\/09\/mosen.jpg?resize=750%2C441&#038;ssl=1\" alt=\"Radweg bei Mosen auf der Kantonsstrasse (Quelle: Geoportal Kanton Aargau)\" width=\"750\" height=\"441\" srcset=\"https:\/\/i0.wp.com\/idnu.ch\/wordpress\/wp-content\/uploads\/2017\/09\/mosen.jpg?w=1065&amp;ssl=1 1065w, https:\/\/i0.wp.com\/idnu.ch\/wordpress\/wp-content\/uploads\/2017\/09\/mosen.jpg?resize=300%2C176&amp;ssl=1 300w, https:\/\/i0.wp.com\/idnu.ch\/wordpress\/wp-content\/uploads\/2017\/09\/mosen.jpg?resize=768%2C451&amp;ssl=1 768w, https:\/\/i0.wp.com\/idnu.ch\/wordpress\/wp-content\/uploads\/2017\/09\/mosen.jpg?resize=1024%2C602&amp;ssl=1 1024w, https:\/\/i0.wp.com\/idnu.ch\/wordpress\/wp-content\/uploads\/2017\/09\/mosen.jpg?resize=170%2C100&amp;ssl=1 170w\" sizes=\"auto, (max-width: 750px) 100vw, 750px\" \/><figcaption id=\"caption-attachment-8270\" class=\"wp-caption-text\">Radweg bei Mosen auf der Kantonsstrasse (Quelle: Geoportal Kanton Aargau)<\/figcaption><\/figure>\n<blockquote><p>Update!<\/p><\/blockquote>\n<p>Erfreulicherweise wurde diese L\u00fccke geschlossen, vom Wald her f\u00fchrt nun ein breiter Radweg bis zur Kreuzung in Mosen. Wenn man von Beinwil her kommt, muss man aber aufpassen, beim Tannh\u00f6lzli (siehe Karte) gibt es zwei Radwegweiser. Unbedingt dem links abw\u00e4rts folgen, sonst landet man auf der Kantonsstrecke, wo Tempo 80 herrscht!<\/p>\n<h2>Tennwil &#8211; Seengen<\/h2>\n<p>Von Meisterschwanden her wird der Radweg auf der Hauptstrasse gef\u00fchrt. Sehr idyllisch, wenn die Fahrzeuge mit 50 &#8211; 80 km\/h an einem vorbeirasen.<\/p>\n<figure id=\"attachment_8272\" aria-describedby=\"caption-attachment-8272\" style=\"width: 728px\" class=\"wp-caption aligncenter\"><img data-recalc-dims=\"1\" loading=\"lazy\" decoding=\"async\" data-attachment-id=\"8272\" data-permalink=\"https:\/\/idnu.ch\/wordpress\/der-traum-vom-familiengerechten-radweg-um-den-hallwilersee\/karte_seengen\/#main\" data-orig-file=\"https:\/\/i0.wp.com\/idnu.ch\/wordpress\/wp-content\/uploads\/2017\/09\/karte_seengen.jpg?fit=728%2C809&amp;ssl=1\" data-orig-size=\"728,809\" data-comments-opened=\"1\" data-image-meta=\"{&quot;aperture&quot;:&quot;0&quot;,&quot;credit&quot;:&quot;&quot;,&quot;camera&quot;:&quot;&quot;,&quot;caption&quot;:&quot;&quot;,&quot;created_timestamp&quot;:&quot;0&quot;,&quot;copyright&quot;:&quot;&quot;,&quot;focal_length&quot;:&quot;0&quot;,&quot;iso&quot;:&quot;0&quot;,&quot;shutter_speed&quot;:&quot;0&quot;,&quot;title&quot;:&quot;&quot;,&quot;orientation&quot;:&quot;0&quot;}\" data-image-title=\"Abschnitt Tennwil &amp;#8211; Seengen\" data-image-description=\"\" data-image-caption=\"&lt;p&gt;Abschnitt Tennwil &amp;#8211; Seengen&lt;\/p&gt;\n\" data-large-file=\"https:\/\/i0.wp.com\/idnu.ch\/wordpress\/wp-content\/uploads\/2017\/09\/karte_seengen.jpg?fit=728%2C809&amp;ssl=1\" class=\"wp-image-8272 size-full\" src=\"https:\/\/i0.wp.com\/idnu.ch\/wordpress\/wp-content\/uploads\/2017\/09\/karte_seengen.jpg?resize=728%2C809&#038;ssl=1\" alt=\"Abschnitt Tennwil - Seengen (Quelle: Geoportal Kanton Aargau)\" width=\"728\" height=\"809\" srcset=\"https:\/\/i0.wp.com\/idnu.ch\/wordpress\/wp-content\/uploads\/2017\/09\/karte_seengen.jpg?w=728&amp;ssl=1 728w, https:\/\/i0.wp.com\/idnu.ch\/wordpress\/wp-content\/uploads\/2017\/09\/karte_seengen.jpg?resize=270%2C300&amp;ssl=1 270w, https:\/\/i0.wp.com\/idnu.ch\/wordpress\/wp-content\/uploads\/2017\/09\/karte_seengen.jpg?resize=90%2C100&amp;ssl=1 90w\" sizes=\"auto, (max-width: 728px) 100vw, 728px\" \/><figcaption id=\"caption-attachment-8272\" class=\"wp-caption-text\">Abschnitt Tennwil &#8211; Seengen (Quelle: Geoportal Kanton Aargau)<\/figcaption><\/figure>\n<p>Jedenfalls ist dieser Abschnitt nicht familientauglich. Da bliebe das Ausweichen auf den Uferweg, wo die R\u00e4der wieder geschoben werden m\u00fcssen, das ist also auch keine L\u00f6sung.<\/p>\n<h2>Boniswil &#8211; Birrwil<\/h2>\n<p>Dieser Abschnitt ist der gef\u00e4hrlichste. Zuerst einmal ist der Weg (Stand Oktober 2016) nicht ausgeschildert. Erst beim (unbewachten) Bahn\u00fcbergang nach Birrwil hoch sind wieder Wegweiser angebracht. Und damit sind wir auch schon beim Kernproblem: Hier muss man im 80er-Bereich den Bahn\u00fcbergang queren, der erst noch nach einer leichten Rechtskurve liegt. Kommt nun also ein Zug, muss man zwischen den Autos und dem Zug warten, was \u00e4usserst gef\u00e4hrlich ist. Mit einer Familie ist das unzumutbar.<\/p>\n<div data-carousel-extra='{&quot;blog_id&quot;:1,&quot;permalink&quot;:&quot;https:\/\/idnu.ch\/wordpress\/der-traum-vom-familiengerechten-radweg-um-den-hallwilersee\/&quot;}' id='gallery-1' class='gallery galleryid-8268 gallery-columns-1 gallery-size-anemone-featured'><figure class='gallery-item'>\n\t\t\t<div class='gallery-icon landscape'>\n\t\t\t\t<a href='https:\/\/idnu.ch\/wordpress\/der-traum-vom-familiengerechten-radweg-um-den-hallwilersee\/karte_boniswil\/#main'><img loading=\"lazy\" decoding=\"async\" width=\"720\" height=\"540\" src=\"https:\/\/i0.wp.com\/idnu.ch\/wordpress\/wp-content\/uploads\/2017\/09\/karte_boniswil.jpg?resize=720%2C540&amp;ssl=1\" class=\"attachment-anemone-featured size-anemone-featured\" alt=\"Abschnitt Boniswil - Birrwil (Quelle: Geoportal Kanton Aargau)\" aria-describedby=\"gallery-1-8273\" data-attachment-id=\"8273\" data-permalink=\"https:\/\/idnu.ch\/wordpress\/der-traum-vom-familiengerechten-radweg-um-den-hallwilersee\/karte_boniswil\/#main\" data-orig-file=\"https:\/\/i0.wp.com\/idnu.ch\/wordpress\/wp-content\/uploads\/2017\/09\/karte_boniswil.jpg?fit=896%2C843&amp;ssl=1\" data-orig-size=\"896,843\" data-comments-opened=\"1\" data-image-meta=\"{&quot;aperture&quot;:&quot;0&quot;,&quot;credit&quot;:&quot;&quot;,&quot;camera&quot;:&quot;&quot;,&quot;caption&quot;:&quot;&quot;,&quot;created_timestamp&quot;:&quot;0&quot;,&quot;copyright&quot;:&quot;&quot;,&quot;focal_length&quot;:&quot;0&quot;,&quot;iso&quot;:&quot;0&quot;,&quot;shutter_speed&quot;:&quot;0&quot;,&quot;title&quot;:&quot;&quot;,&quot;orientation&quot;:&quot;0&quot;}\" data-image-title=\"Abschnitt Boniswil &amp;#8211; Birrwil (Quelle: Geoportal Kanton Aargau)\" data-image-description=\"\" data-image-caption=\"&lt;p&gt;Abschnitt Boniswil &amp;#8211; Birrwil (Quelle: Geoportal Kanton Aargau)&lt;\/p&gt;\n\" data-large-file=\"https:\/\/i0.wp.com\/idnu.ch\/wordpress\/wp-content\/uploads\/2017\/09\/karte_boniswil.jpg?fit=750%2C706&amp;ssl=1\" \/><\/a>\n\t\t\t<\/div>\n\t\t\t\t<figcaption class='wp-caption-text gallery-caption' id='gallery-1-8273'>\n\t\t\t\tAbschnitt Boniswil &#8211; Birrwil (Quelle: Geoportal Kanton Aargau)\n\t\t\t\t<\/figcaption><\/figure><figure class='gallery-item'>\n\t\t\t<div class='gallery-icon landscape'>\n\t\t\t\t<a href='https:\/\/idnu.ch\/wordpress\/der-traum-vom-familiengerechten-radweg-um-den-hallwilersee\/dsc_2630\/#main'><img loading=\"lazy\" decoding=\"async\" width=\"720\" height=\"540\" src=\"https:\/\/i0.wp.com\/idnu.ch\/wordpress\/wp-content\/uploads\/2017\/09\/DSC_2630.jpg?resize=720%2C540&amp;ssl=1\" class=\"attachment-anemone-featured size-anemone-featured\" alt=\"Bahn\u00fcbergang, ab hier gibt es wieder Radwegmarkierungen\" aria-describedby=\"gallery-1-8274\" srcset=\"https:\/\/i0.wp.com\/idnu.ch\/wordpress\/wp-content\/uploads\/2017\/09\/DSC_2630.jpg?resize=720%2C540&amp;ssl=1 720w, https:\/\/i0.wp.com\/idnu.ch\/wordpress\/wp-content\/uploads\/2017\/09\/DSC_2630.jpg?zoom=2&amp;resize=720%2C540&amp;ssl=1 1440w, https:\/\/i0.wp.com\/idnu.ch\/wordpress\/wp-content\/uploads\/2017\/09\/DSC_2630.jpg?zoom=3&amp;resize=720%2C540&amp;ssl=1 2160w\" sizes=\"auto, (max-width: 720px) 100vw, 720px\" data-attachment-id=\"8274\" data-permalink=\"https:\/\/idnu.ch\/wordpress\/der-traum-vom-familiengerechten-radweg-um-den-hallwilersee\/dsc_2630\/#main\" data-orig-file=\"https:\/\/i0.wp.com\/idnu.ch\/wordpress\/wp-content\/uploads\/2017\/09\/DSC_2630.jpg?fit=3840%2C2160&amp;ssl=1\" data-orig-size=\"3840,2160\" data-comments-opened=\"1\" data-image-meta=\"{&quot;aperture&quot;:&quot;2&quot;,&quot;credit&quot;:&quot;&quot;,&quot;camera&quot;:&quot;D6503&quot;,&quot;caption&quot;:&quot;&quot;,&quot;created_timestamp&quot;:&quot;1476285775&quot;,&quot;copyright&quot;:&quot;&quot;,&quot;focal_length&quot;:&quot;4.9&quot;,&quot;iso&quot;:&quot;50&quot;,&quot;shutter_speed&quot;:&quot;0.0008&quot;,&quot;title&quot;:&quot;&quot;,&quot;orientation&quot;:&quot;1&quot;}\" data-image-title=\"Bahn\u00fcbergang, ab hier gibt es wieder Radwegmarkierungen\" data-image-description=\"\" data-image-caption=\"&lt;p&gt;Bahn\u00fcbergang, ab hier gibt es wieder Radwegmarkierungen&lt;\/p&gt;\n\" data-large-file=\"https:\/\/i0.wp.com\/idnu.ch\/wordpress\/wp-content\/uploads\/2017\/09\/DSC_2630.jpg?fit=750%2C422&amp;ssl=1\" \/><\/a>\n\t\t\t<\/div>\n\t\t\t\t<figcaption class='wp-caption-text gallery-caption' id='gallery-1-8274'>\n\t\t\t\tBahn\u00fcbergang, ab hier gibt es wieder Radwegmarkierungen\n\t\t\t\t<\/figcaption><\/figure><figure class='gallery-item'>\n\t\t\t<div class='gallery-icon landscape'>\n\t\t\t\t<a href='https:\/\/idnu.ch\/wordpress\/der-traum-vom-familiengerechten-radweg-um-den-hallwilersee\/dsc_2631\/#main'><img loading=\"lazy\" decoding=\"async\" width=\"720\" height=\"540\" src=\"https:\/\/i0.wp.com\/idnu.ch\/wordpress\/wp-content\/uploads\/2017\/09\/DSC_2631.jpg?resize=720%2C540&amp;ssl=1\" class=\"attachment-anemone-featured size-anemone-featured\" alt=\"Blickrichtung Boniswil\" aria-describedby=\"gallery-1-8275\" srcset=\"https:\/\/i0.wp.com\/idnu.ch\/wordpress\/wp-content\/uploads\/2017\/09\/DSC_2631.jpg?resize=720%2C540&amp;ssl=1 720w, https:\/\/i0.wp.com\/idnu.ch\/wordpress\/wp-content\/uploads\/2017\/09\/DSC_2631.jpg?zoom=2&amp;resize=720%2C540&amp;ssl=1 1440w, https:\/\/i0.wp.com\/idnu.ch\/wordpress\/wp-content\/uploads\/2017\/09\/DSC_2631.jpg?zoom=3&amp;resize=720%2C540&amp;ssl=1 2160w\" sizes=\"auto, (max-width: 720px) 100vw, 720px\" data-attachment-id=\"8275\" data-permalink=\"https:\/\/idnu.ch\/wordpress\/der-traum-vom-familiengerechten-radweg-um-den-hallwilersee\/dsc_2631\/#main\" data-orig-file=\"https:\/\/i0.wp.com\/idnu.ch\/wordpress\/wp-content\/uploads\/2017\/09\/DSC_2631.jpg?fit=3840%2C2160&amp;ssl=1\" data-orig-size=\"3840,2160\" data-comments-opened=\"1\" data-image-meta=\"{&quot;aperture&quot;:&quot;2&quot;,&quot;credit&quot;:&quot;&quot;,&quot;camera&quot;:&quot;D6503&quot;,&quot;caption&quot;:&quot;&quot;,&quot;created_timestamp&quot;:&quot;1476285789&quot;,&quot;copyright&quot;:&quot;&quot;,&quot;focal_length&quot;:&quot;4.9&quot;,&quot;iso&quot;:&quot;50&quot;,&quot;shutter_speed&quot;:&quot;0.001&quot;,&quot;title&quot;:&quot;&quot;,&quot;orientation&quot;:&quot;1&quot;}\" data-image-title=\"Blickrichtung Boniswil\" data-image-description=\"\" data-image-caption=\"&lt;p&gt;Blickrichtung Boniswil&lt;\/p&gt;\n\" data-large-file=\"https:\/\/i0.wp.com\/idnu.ch\/wordpress\/wp-content\/uploads\/2017\/09\/DSC_2631.jpg?fit=750%2C422&amp;ssl=1\" \/><\/a>\n\t\t\t<\/div>\n\t\t\t\t<figcaption class='wp-caption-text gallery-caption' id='gallery-1-8275'>\n\t\t\t\tBlickrichtung Boniswil\n\t\t\t\t<\/figcaption><\/figure><figure class='gallery-item'>\n\t\t\t<div class='gallery-icon landscape'>\n\t\t\t\t<a href='https:\/\/idnu.ch\/wordpress\/der-traum-vom-familiengerechten-radweg-um-den-hallwilersee\/dsc_2632\/#main'><img loading=\"lazy\" decoding=\"async\" width=\"720\" height=\"540\" src=\"https:\/\/i0.wp.com\/idnu.ch\/wordpress\/wp-content\/uploads\/2017\/09\/DSC_2632.jpg?resize=720%2C540&amp;ssl=1\" class=\"attachment-anemone-featured size-anemone-featured\" alt=\"Steil geht es nach Birrwil hoch - kinderunfreundlich\" aria-describedby=\"gallery-1-8276\" srcset=\"https:\/\/i0.wp.com\/idnu.ch\/wordpress\/wp-content\/uploads\/2017\/09\/DSC_2632.jpg?resize=720%2C540&amp;ssl=1 720w, https:\/\/i0.wp.com\/idnu.ch\/wordpress\/wp-content\/uploads\/2017\/09\/DSC_2632.jpg?zoom=2&amp;resize=720%2C540&amp;ssl=1 1440w, https:\/\/i0.wp.com\/idnu.ch\/wordpress\/wp-content\/uploads\/2017\/09\/DSC_2632.jpg?zoom=3&amp;resize=720%2C540&amp;ssl=1 2160w\" sizes=\"auto, (max-width: 720px) 100vw, 720px\" data-attachment-id=\"8276\" data-permalink=\"https:\/\/idnu.ch\/wordpress\/der-traum-vom-familiengerechten-radweg-um-den-hallwilersee\/dsc_2632\/#main\" data-orig-file=\"https:\/\/i0.wp.com\/idnu.ch\/wordpress\/wp-content\/uploads\/2017\/09\/DSC_2632.jpg?fit=3840%2C2160&amp;ssl=1\" data-orig-size=\"3840,2160\" data-comments-opened=\"1\" data-image-meta=\"{&quot;aperture&quot;:&quot;2&quot;,&quot;credit&quot;:&quot;&quot;,&quot;camera&quot;:&quot;D6503&quot;,&quot;caption&quot;:&quot;&quot;,&quot;created_timestamp&quot;:&quot;1476285815&quot;,&quot;copyright&quot;:&quot;&quot;,&quot;focal_length&quot;:&quot;4.9&quot;,&quot;iso&quot;:&quot;50&quot;,&quot;shutter_speed&quot;:&quot;0.00125&quot;,&quot;title&quot;:&quot;&quot;,&quot;orientation&quot;:&quot;1&quot;}\" data-image-title=\"Steil geht es nach Birrwil hoch &amp;#8211; kinderunfreundlich\" data-image-description=\"\" data-image-caption=\"&lt;p&gt;Steil geht es nach Birrwil hoch &amp;#8211; kinderunfreundlich&lt;\/p&gt;\n\" data-large-file=\"https:\/\/i0.wp.com\/idnu.ch\/wordpress\/wp-content\/uploads\/2017\/09\/DSC_2632.jpg?fit=750%2C422&amp;ssl=1\" \/><\/a>\n\t\t\t<\/div>\n\t\t\t\t<figcaption class='wp-caption-text gallery-caption' id='gallery-1-8276'>\n\t\t\t\tSteil geht es nach Birrwil hoch &#8211; kinderunfreundlich\n\t\t\t\t<\/figcaption><\/figure>\n\t\t<\/div>\n\n<h2>Die Akteure<\/h2>\n<p>Ich fragte im Fr\u00fchling 2016 bei den beiden Tourismusorganisationen <strong><a href=\"http:\/\/www.seetaltourismus.ch\" target=\"_blank\" rel=\"noopener\">Seetal Tourismus<\/a><\/strong> und <strong><a href=\"http:\/\/www.aargautourismus.ch\/\" target=\"_blank\" rel=\"noopener\">Aargau Tourismus<\/a><\/strong> nach. Die Antwort von Seetal Tourismus liess schon erahnen, dass es sich hier um ein Problem handelt, das nicht so schnell eine L\u00f6sung erf\u00e4hrt. Zu viele Partikularinteressen verhindern eine gute L\u00f6sung. Der <strong>Kanton Aargau<\/strong> h\u00e4lt in seinem <a href=\"https:\/\/www.ag.ch\/de\/verwaltung\/bvu\/raumentwicklung\/grundlagen-kantonalplanung\/richtplan\/richtplan-gesamtkarte\" target=\"_blank\" rel=\"noopener\">Richtplan<\/a> fest, dass es f\u00fcr ein attraktives Angebot f\u00fcr den Langsamverkehr zusammenh\u00e4ngende Routen braucht. Die Verantwortliche f\u00fcr den Langsamverkehr im Verkehrsdepartement, Frau Suter, legte dar, dass die Situation alles andere als einfach ist. Sie k\u00e4mpft gegen Windm\u00fchlen und ich konnte aus ihren Ausf\u00fchrungen heraush\u00f6ren, dass das wohl nicht wird mit dem Familienradweg rund um den Hallwilersee. Gewisse Betroffene wehren sich vehement gegen einen durchgehenden Veloweg. Frau Suter empfiehlt mir deshalb, die beiden Touren zu promoten: Die <strong><a href=\"https:\/\/idnu.ch\/wordpress\/tourentipp-velotour-am-hallwilersee\/\">Halbumrundung<\/a><\/strong> und die <a href=\"https:\/\/idnu.ch\/wordpress\/tourentipp-rund-um-den-hallwilersee-per-velo\/\"><strong>grosse H\u00fcgelrunde<\/strong><\/a>. Weiter gibt es seit Mai 2016 auch die <strong><a href=\"https:\/\/idnu.ch\/wordpress\/einmal-die-nummer-599-bitte\/\">Herzschlaufe Seetal<\/a><\/strong>, die vor allem f\u00fcr E-Bikes konzipiert ist.<\/p>\n<p>Ginge es um eine Strasse f\u00fcr Autos, w\u00fcrde kurzer Prozess gemacht. Da es hier aber um Velos geht, nimmt der Kanton die Sache halt nicht so wichtig (was aber nicht an Frau Suter liegt). Dabei w\u00e4re eine sichere Veloverbindung zwischen Tennwil und Seengen sowie Boniswil und Birrwil auch f\u00fcr den Alltagsradverkehr von Nutzen.<\/p>\n<p>Hier kann man sich \u00fcbrigens \u00fcber das aktuelle und geplante Radwegnetz des Kantons Aargau informieren:\u00a0<a href=\"https:\/\/www.ag.ch\/geoportal\/apps\/onlinekarten\/?welcome=&amp;basemap=base_landeskarten_sw::topicmaps.geo.ag.ch,1,true&amp;center=2657177.18,1240198.65&amp;z=9&amp;layers=avk_veloaktuell::topicmaps.geo.ag.ch;1;true\" target=\"_blank\" rel=\"noopener\">Velonetz Kanton Aargau<\/a><\/p>\n<h2>Fazit<\/h2>\n<p>Wir werden uns wohl damit abfinden m\u00fcssen, dass es bis auf weiteres keinen durchgehenden Radweg um den Hallwilersee geben wird. Bleiben noch die erw\u00e4hnten Radrouten, die aber nicht komplett ausgeschildert sind. Aber ich kann euch versichern: Wer stramme Waden hat, der wird viel Freude haben an den Touren.<\/p>\n<p>Und bitte: Wenn ihr von weiter her anreist, <strong>nehmt den Zug<\/strong>! Beinwil am See und Mosen sind bequem von Lenzburg oder Luzern aus mit dem Zug erreichbar. Bei sch\u00f6nem Wetter sind die Parkpl\u00e4tze rund um den See hoffnungslos \u00fcberf\u00fcllt. Die besten Jahreszeiten sind sowieso Fr\u00fchling und Herbst, dann zieht es nicht mehr\u00a0so viele Leute an den See.<\/p>\n","protected":false},"excerpt":{"rendered":"<p>Der mit Abstand meistgelesene Artikel auf dieser Seite ist dieser:\u00a0Tourentipp: Rund um den&#8230;<\/p>\n","protected":false},"author":2,"featured_media":8274,"comment_status":"open","ping_status":"open","sticky":false,"template":"","format":"standard","meta":{"_monsterinsights_skip_tracking":false,"_monsterinsights_sitenote_active":false,"_monsterinsights_sitenote_note":"","_monsterinsights_sitenote_category":0,"jetpack_post_was_ever_published":false,"_jetpack_newsletter_access":"","_jetpack_dont_email_post_to_subs":false,"_jetpack_newsletter_tier_id":0,"_jetpack_memberships_contains_paywalled_content":false,"_jetpack_memberships_contains_paid_content":false,"footnotes":"","jetpack_publicize_message":"Der Traum vom familiengerechten Radweg um den #Hallwilersee - ein Dauerthema: Die Fakten.","jetpack_publicize_feature_enabled":true,"jetpack_social_post_already_shared":true,"jetpack_social_options":{"image_generator_settings":{"template":"highway","default_image_id":0,"font":"","enabled":false},"version":2}},"categories":[133,914,757,30,920,4],"tags":[372,602,1006,1004,1003,615,1005],"class_list":["post-8268","post","type-post","status-publish","format-standard","has-post-thumbnail","hentry","category-aargau","category-aargau-region","category-aargau-sued","category-luzern","category-luzern-vierwaldstaettersee","category-zweirad","tag-familie","tag-hallwilersee","tag-politik","tag-radweg","tag-radweg-um-den-hallwilersee","tag-velotour","tag-veloweg"],"geo":{"latitude":47.30143360000000285481291939504444599151611328125,"longitude":8.1972971000000001140506356023252010345458984375,"description":"Birrwil, Kanton Aargau, 5708, CH"},"yoast_head":"<!-- This site is optimized with the Yoast SEO plugin v27.4 - https:\/\/yoast.com\/product\/yoast-seo-wordpress\/ -->\n<title>Der Traum vom familiengerechten Radweg um den Hallwilersee - In der Natur unterwegs<\/title>\n<meta name=\"description\" content=\"Der Traum vom familiengerechten Radweg um den Hallwilersee: Leider f\u00fchrt kein durchgehender Radweg um den See ohne sein Leben zu gef\u00e4hrden.\" \/>\n<meta name=\"robots\" content=\"index, follow, max-snippet:-1, max-image-preview:large, max-video-preview:-1\" \/>\n<link rel=\"canonical\" href=\"https:\/\/idnu.ch\/wordpress\/der-traum-vom-familiengerechten-radweg-um-den-hallwilersee\/\" \/>\n<meta property=\"og:locale\" content=\"de_DE\" \/>\n<meta property=\"og:type\" content=\"article\" \/>\n<meta property=\"og:title\" content=\"Der Traum vom familiengerechten Radweg um den Hallwilersee - In der Natur unterwegs\" \/>\n<meta property=\"og:description\" content=\"Der Traum vom familiengerechten Radweg um den Hallwilersee: Leider f\u00fchrt kein durchgehender Radweg um den See ohne sein Leben zu gef\u00e4hrden.\" \/>\n<meta property=\"og:url\" content=\"https:\/\/idnu.ch\/wordpress\/der-traum-vom-familiengerechten-radweg-um-den-hallwilersee\/\" \/>\n<meta property=\"og:site_name\" content=\"In der Natur unterwegs\" \/>\n<meta property=\"article:published_time\" content=\"2017-09-04T13:46:27+00:00\" \/>\n<meta property=\"article:modified_time\" content=\"2026-01-23T13:32:32+00:00\" \/>\n<meta property=\"og:image\" content=\"https:\/\/idnu.ch\/wordpress\/wp-content\/uploads\/2017\/09\/DSC_2630-1024x576.jpg\" \/>\n\t<meta property=\"og:image:width\" content=\"1024\" \/>\n\t<meta property=\"og:image:height\" content=\"576\" \/>\n\t<meta property=\"og:image:type\" content=\"image\/jpeg\" \/>\n<meta name=\"author\" content=\"Urs Kyburz\" \/>\n<meta name=\"twitter:card\" content=\"summary_large_image\" \/>\n<meta name=\"twitter:creator\" content=\"@idnu_ch\" \/>\n<meta name=\"twitter:site\" content=\"@idnu_ch\" \/>\n<meta name=\"twitter:label1\" content=\"Verfasst von\" \/>\n\t<meta name=\"twitter:data1\" content=\"Urs Kyburz\" \/>\n\t<meta name=\"twitter:label2\" content=\"Gesch\u00e4tzte Lesezeit\" \/>\n\t<meta name=\"twitter:data2\" content=\"5\u00a0Minuten\" \/>\n<script type=\"application\/ld+json\" class=\"yoast-schema-graph\">{\"@context\":\"https:\\\/\\\/schema.org\",\"@graph\":[{\"@type\":\"Article\",\"@id\":\"https:\\\/\\\/idnu.ch\\\/wordpress\\\/der-traum-vom-familiengerechten-radweg-um-den-hallwilersee\\\/#article\",\"isPartOf\":{\"@id\":\"https:\\\/\\\/idnu.ch\\\/wordpress\\\/der-traum-vom-familiengerechten-radweg-um-den-hallwilersee\\\/\"},\"author\":{\"name\":\"Urs Kyburz\",\"@id\":\"https:\\\/\\\/idnu.ch\\\/wordpress\\\/#\\\/schema\\\/person\\\/1ab8c5de743be7b019272124c19ad351\"},\"headline\":\"Der Traum vom familiengerechten Radweg um den Hallwilersee\",\"datePublished\":\"2017-09-04T13:46:27+00:00\",\"dateModified\":\"2026-01-23T13:32:32+00:00\",\"mainEntityOfPage\":{\"@id\":\"https:\\\/\\\/idnu.ch\\\/wordpress\\\/der-traum-vom-familiengerechten-radweg-um-den-hallwilersee\\\/\"},\"wordCount\":737,\"commentCount\":5,\"publisher\":{\"@id\":\"https:\\\/\\\/idnu.ch\\\/wordpress\\\/#\\\/schema\\\/person\\\/1ab8c5de743be7b019272124c19ad351\"},\"image\":{\"@id\":\"https:\\\/\\\/idnu.ch\\\/wordpress\\\/der-traum-vom-familiengerechten-radweg-um-den-hallwilersee\\\/#primaryimage\"},\"thumbnailUrl\":\"https:\\\/\\\/i0.wp.com\\\/idnu.ch\\\/wordpress\\\/wp-content\\\/uploads\\\/2017\\\/09\\\/DSC_2630.jpg?fit=3840%2C2160&ssl=1\",\"keywords\":[\"Familie\",\"Hallwilersee\",\"Politik\",\"Radweg\",\"Radweg um den Hallwilersee\",\"Velotour\",\"Veloweg\"],\"articleSection\":[\"Aargau\",\"Aargau Region\",\"Aargau S\u00fcd\",\"Luzern\",\"Luzern - Vierwaldst\u00e4ttersee\",\"Mountainbike &amp; Velo\"],\"inLanguage\":\"de\",\"potentialAction\":[{\"@type\":\"CommentAction\",\"name\":\"Comment\",\"target\":[\"https:\\\/\\\/idnu.ch\\\/wordpress\\\/der-traum-vom-familiengerechten-radweg-um-den-hallwilersee\\\/#respond\"]}]},{\"@type\":\"WebPage\",\"@id\":\"https:\\\/\\\/idnu.ch\\\/wordpress\\\/der-traum-vom-familiengerechten-radweg-um-den-hallwilersee\\\/\",\"url\":\"https:\\\/\\\/idnu.ch\\\/wordpress\\\/der-traum-vom-familiengerechten-radweg-um-den-hallwilersee\\\/\",\"name\":\"Der Traum vom familiengerechten Radweg um den Hallwilersee - In der Natur unterwegs\",\"isPartOf\":{\"@id\":\"https:\\\/\\\/idnu.ch\\\/wordpress\\\/#website\"},\"primaryImageOfPage\":{\"@id\":\"https:\\\/\\\/idnu.ch\\\/wordpress\\\/der-traum-vom-familiengerechten-radweg-um-den-hallwilersee\\\/#primaryimage\"},\"image\":{\"@id\":\"https:\\\/\\\/idnu.ch\\\/wordpress\\\/der-traum-vom-familiengerechten-radweg-um-den-hallwilersee\\\/#primaryimage\"},\"thumbnailUrl\":\"https:\\\/\\\/i0.wp.com\\\/idnu.ch\\\/wordpress\\\/wp-content\\\/uploads\\\/2017\\\/09\\\/DSC_2630.jpg?fit=3840%2C2160&ssl=1\",\"datePublished\":\"2017-09-04T13:46:27+00:00\",\"dateModified\":\"2026-01-23T13:32:32+00:00\",\"description\":\"Der Traum vom familiengerechten Radweg um den Hallwilersee: Leider f\u00fchrt kein durchgehender Radweg um den See ohne sein Leben zu gef\u00e4hrden.\",\"breadcrumb\":{\"@id\":\"https:\\\/\\\/idnu.ch\\\/wordpress\\\/der-traum-vom-familiengerechten-radweg-um-den-hallwilersee\\\/#breadcrumb\"},\"inLanguage\":\"de\",\"potentialAction\":[{\"@type\":\"ReadAction\",\"target\":[\"https:\\\/\\\/idnu.ch\\\/wordpress\\\/der-traum-vom-familiengerechten-radweg-um-den-hallwilersee\\\/\"]}]},{\"@type\":\"ImageObject\",\"inLanguage\":\"de\",\"@id\":\"https:\\\/\\\/idnu.ch\\\/wordpress\\\/der-traum-vom-familiengerechten-radweg-um-den-hallwilersee\\\/#primaryimage\",\"url\":\"https:\\\/\\\/i0.wp.com\\\/idnu.ch\\\/wordpress\\\/wp-content\\\/uploads\\\/2017\\\/09\\\/DSC_2630.jpg?fit=3840%2C2160&ssl=1\",\"contentUrl\":\"https:\\\/\\\/i0.wp.com\\\/idnu.ch\\\/wordpress\\\/wp-content\\\/uploads\\\/2017\\\/09\\\/DSC_2630.jpg?fit=3840%2C2160&ssl=1\",\"width\":3840,\"height\":2160,\"caption\":\"Bahn\u00fcbergang, ab hier gibt es wieder Radwegmarkierungen\"},{\"@type\":\"BreadcrumbList\",\"@id\":\"https:\\\/\\\/idnu.ch\\\/wordpress\\\/der-traum-vom-familiengerechten-radweg-um-den-hallwilersee\\\/#breadcrumb\",\"itemListElement\":[{\"@type\":\"ListItem\",\"position\":1,\"name\":\"Startseite\",\"item\":\"https:\\\/\\\/idnu.ch\\\/wordpress\\\/\"},{\"@type\":\"ListItem\",\"position\":2,\"name\":\"Der Traum vom familiengerechten Radweg um den Hallwilersee\"}]},{\"@type\":\"WebSite\",\"@id\":\"https:\\\/\\\/idnu.ch\\\/wordpress\\\/#website\",\"url\":\"https:\\\/\\\/idnu.ch\\\/wordpress\\\/\",\"name\":\"In der Natur unterwegs\",\"description\":\"Dort, wo es am sch\u00f6nsten ist\",\"publisher\":{\"@id\":\"https:\\\/\\\/idnu.ch\\\/wordpress\\\/#\\\/schema\\\/person\\\/1ab8c5de743be7b019272124c19ad351\"},\"potentialAction\":[{\"@type\":\"SearchAction\",\"target\":{\"@type\":\"EntryPoint\",\"urlTemplate\":\"https:\\\/\\\/idnu.ch\\\/wordpress\\\/?s={search_term_string}\"},\"query-input\":{\"@type\":\"PropertyValueSpecification\",\"valueRequired\":true,\"valueName\":\"search_term_string\"}}],\"inLanguage\":\"de\"},{\"@type\":[\"Person\",\"Organization\"],\"@id\":\"https:\\\/\\\/idnu.ch\\\/wordpress\\\/#\\\/schema\\\/person\\\/1ab8c5de743be7b019272124c19ad351\",\"name\":\"Urs Kyburz\",\"image\":{\"@type\":\"ImageObject\",\"inLanguage\":\"de\",\"@id\":\"https:\\\/\\\/i0.wp.com\\\/idnu.ch\\\/wordpress\\\/wp-content\\\/uploads\\\/2016\\\/02\\\/logo_150x165.gif?fit=3151%2C3456&ssl=1\",\"url\":\"https:\\\/\\\/i0.wp.com\\\/idnu.ch\\\/wordpress\\\/wp-content\\\/uploads\\\/2016\\\/02\\\/logo_150x165.gif?fit=3151%2C3456&ssl=1\",\"contentUrl\":\"https:\\\/\\\/i0.wp.com\\\/idnu.ch\\\/wordpress\\\/wp-content\\\/uploads\\\/2016\\\/02\\\/logo_150x165.gif?fit=3151%2C3456&ssl=1\",\"width\":3151,\"height\":3456,\"caption\":\"Urs Kyburz\"},\"logo\":{\"@id\":\"https:\\\/\\\/i0.wp.com\\\/idnu.ch\\\/wordpress\\\/wp-content\\\/uploads\\\/2016\\\/02\\\/logo_150x165.gif?fit=3151%2C3456&ssl=1\"}}]}<\/script>\n<!-- \/ Yoast SEO plugin. -->","yoast_head_json":{"title":"Der Traum vom familiengerechten Radweg um den Hallwilersee - In der Natur unterwegs","description":"Der Traum vom familiengerechten Radweg um den Hallwilersee: Leider f\u00fchrt kein durchgehender Radweg um den See ohne sein Leben zu gef\u00e4hrden.","robots":{"index":"index","follow":"follow","max-snippet":"max-snippet:-1","max-image-preview":"max-image-preview:large","max-video-preview":"max-video-preview:-1"},"canonical":"https:\/\/idnu.ch\/wordpress\/der-traum-vom-familiengerechten-radweg-um-den-hallwilersee\/","og_locale":"de_DE","og_type":"article","og_title":"Der Traum vom familiengerechten Radweg um den Hallwilersee - In der Natur unterwegs","og_description":"Der Traum vom familiengerechten Radweg um den Hallwilersee: Leider f\u00fchrt kein durchgehender Radweg um den See ohne sein Leben zu gef\u00e4hrden.","og_url":"https:\/\/idnu.ch\/wordpress\/der-traum-vom-familiengerechten-radweg-um-den-hallwilersee\/","og_site_name":"In der Natur unterwegs","article_published_time":"2017-09-04T13:46:27+00:00","article_modified_time":"2026-01-23T13:32:32+00:00","og_image":[{"width":1024,"height":576,"url":"https:\/\/idnu.ch\/wordpress\/wp-content\/uploads\/2017\/09\/DSC_2630-1024x576.jpg","type":"image\/jpeg"}],"author":"Urs Kyburz","twitter_card":"summary_large_image","twitter_creator":"@idnu_ch","twitter_site":"@idnu_ch","twitter_misc":{"Verfasst von":"Urs Kyburz","Gesch\u00e4tzte Lesezeit":"5\u00a0Minuten"},"schema":{"@context":"https:\/\/schema.org","@graph":[{"@type":"Article","@id":"https:\/\/idnu.ch\/wordpress\/der-traum-vom-familiengerechten-radweg-um-den-hallwilersee\/#article","isPartOf":{"@id":"https:\/\/idnu.ch\/wordpress\/der-traum-vom-familiengerechten-radweg-um-den-hallwilersee\/"},"author":{"name":"Urs Kyburz","@id":"https:\/\/idnu.ch\/wordpress\/#\/schema\/person\/1ab8c5de743be7b019272124c19ad351"},"headline":"Der Traum vom familiengerechten Radweg um den Hallwilersee","datePublished":"2017-09-04T13:46:27+00:00","dateModified":"2026-01-23T13:32:32+00:00","mainEntityOfPage":{"@id":"https:\/\/idnu.ch\/wordpress\/der-traum-vom-familiengerechten-radweg-um-den-hallwilersee\/"},"wordCount":737,"commentCount":5,"publisher":{"@id":"https:\/\/idnu.ch\/wordpress\/#\/schema\/person\/1ab8c5de743be7b019272124c19ad351"},"image":{"@id":"https:\/\/idnu.ch\/wordpress\/der-traum-vom-familiengerechten-radweg-um-den-hallwilersee\/#primaryimage"},"thumbnailUrl":"https:\/\/i0.wp.com\/idnu.ch\/wordpress\/wp-content\/uploads\/2017\/09\/DSC_2630.jpg?fit=3840%2C2160&ssl=1","keywords":["Familie","Hallwilersee","Politik","Radweg","Radweg um den Hallwilersee","Velotour","Veloweg"],"articleSection":["Aargau","Aargau Region","Aargau S\u00fcd","Luzern","Luzern - Vierwaldst\u00e4ttersee","Mountainbike &amp; Velo"],"inLanguage":"de","potentialAction":[{"@type":"CommentAction","name":"Comment","target":["https:\/\/idnu.ch\/wordpress\/der-traum-vom-familiengerechten-radweg-um-den-hallwilersee\/#respond"]}]},{"@type":"WebPage","@id":"https:\/\/idnu.ch\/wordpress\/der-traum-vom-familiengerechten-radweg-um-den-hallwilersee\/","url":"https:\/\/idnu.ch\/wordpress\/der-traum-vom-familiengerechten-radweg-um-den-hallwilersee\/","name":"Der Traum vom familiengerechten Radweg um den Hallwilersee - In der Natur unterwegs","isPartOf":{"@id":"https:\/\/idnu.ch\/wordpress\/#website"},"primaryImageOfPage":{"@id":"https:\/\/idnu.ch\/wordpress\/der-traum-vom-familiengerechten-radweg-um-den-hallwilersee\/#primaryimage"},"image":{"@id":"https:\/\/idnu.ch\/wordpress\/der-traum-vom-familiengerechten-radweg-um-den-hallwilersee\/#primaryimage"},"thumbnailUrl":"https:\/\/i0.wp.com\/idnu.ch\/wordpress\/wp-content\/uploads\/2017\/09\/DSC_2630.jpg?fit=3840%2C2160&ssl=1","datePublished":"2017-09-04T13:46:27+00:00","dateModified":"2026-01-23T13:32:32+00:00","description":"Der Traum vom familiengerechten Radweg um den Hallwilersee: Leider f\u00fchrt kein durchgehender Radweg um den See ohne sein Leben zu gef\u00e4hrden.","breadcrumb":{"@id":"https:\/\/idnu.ch\/wordpress\/der-traum-vom-familiengerechten-radweg-um-den-hallwilersee\/#breadcrumb"},"inLanguage":"de","potentialAction":[{"@type":"ReadAction","target":["https:\/\/idnu.ch\/wordpress\/der-traum-vom-familiengerechten-radweg-um-den-hallwilersee\/"]}]},{"@type":"ImageObject","inLanguage":"de","@id":"https:\/\/idnu.ch\/wordpress\/der-traum-vom-familiengerechten-radweg-um-den-hallwilersee\/#primaryimage","url":"https:\/\/i0.wp.com\/idnu.ch\/wordpress\/wp-content\/uploads\/2017\/09\/DSC_2630.jpg?fit=3840%2C2160&ssl=1","contentUrl":"https:\/\/i0.wp.com\/idnu.ch\/wordpress\/wp-content\/uploads\/2017\/09\/DSC_2630.jpg?fit=3840%2C2160&ssl=1","width":3840,"height":2160,"caption":"Bahn\u00fcbergang, ab hier gibt es wieder Radwegmarkierungen"},{"@type":"BreadcrumbList","@id":"https:\/\/idnu.ch\/wordpress\/der-traum-vom-familiengerechten-radweg-um-den-hallwilersee\/#breadcrumb","itemListElement":[{"@type":"ListItem","position":1,"name":"Startseite","item":"https:\/\/idnu.ch\/wordpress\/"},{"@type":"ListItem","position":2,"name":"Der Traum vom familiengerechten Radweg um den Hallwilersee"}]},{"@type":"WebSite","@id":"https:\/\/idnu.ch\/wordpress\/#website","url":"https:\/\/idnu.ch\/wordpress\/","name":"In der Natur unterwegs","description":"Dort, wo es am sch\u00f6nsten ist","publisher":{"@id":"https:\/\/idnu.ch\/wordpress\/#\/schema\/person\/1ab8c5de743be7b019272124c19ad351"},"potentialAction":[{"@type":"SearchAction","target":{"@type":"EntryPoint","urlTemplate":"https:\/\/idnu.ch\/wordpress\/?s={search_term_string}"},"query-input":{"@type":"PropertyValueSpecification","valueRequired":true,"valueName":"search_term_string"}}],"inLanguage":"de"},{"@type":["Person","Organization"],"@id":"https:\/\/idnu.ch\/wordpress\/#\/schema\/person\/1ab8c5de743be7b019272124c19ad351","name":"Urs Kyburz","image":{"@type":"ImageObject","inLanguage":"de","@id":"https:\/\/i0.wp.com\/idnu.ch\/wordpress\/wp-content\/uploads\/2016\/02\/logo_150x165.gif?fit=3151%2C3456&ssl=1","url":"https:\/\/i0.wp.com\/idnu.ch\/wordpress\/wp-content\/uploads\/2016\/02\/logo_150x165.gif?fit=3151%2C3456&ssl=1","contentUrl":"https:\/\/i0.wp.com\/idnu.ch\/wordpress\/wp-content\/uploads\/2016\/02\/logo_150x165.gif?fit=3151%2C3456&ssl=1","width":3151,"height":3456,"caption":"Urs Kyburz"},"logo":{"@id":"https:\/\/i0.wp.com\/idnu.ch\/wordpress\/wp-content\/uploads\/2016\/02\/logo_150x165.gif?fit=3151%2C3456&ssl=1"}}]}},"jetpack_publicize_connections":[],"jetpack_featured_media_url":"https:\/\/i0.wp.com\/idnu.ch\/wordpress\/wp-content\/uploads\/2017\/09\/DSC_2630.jpg?fit=3840%2C2160&ssl=1","jetpack_sharing_enabled":true,"jetpack_shortlink":"https:\/\/wp.me\/p6MmGG-29m","jetpack-related-posts":[{"id":108,"url":"https:\/\/idnu.ch\/wordpress\/biketour-hallwilersee-reloaded\/","url_meta":{"origin":8268,"position":0},"title":"Biketour Hallwilersee reloaded","author":"Urs Kyburz","date":"20. April 2015","format":"gallery","excerpt":"Schon mal haben wir diese Tour gemacht (Tourentipp: Velotour am Hallwilersee). Das ist jetzt schon vier Jahre her, die Kinder fahren beide selber, beide mit neuen (resp. anderen) Bikes. Der Gr\u00f6ssere hat nun eines mit 29\"-R\u00e4dern, gr\u00f6sser als unsere! Der Charakter ist aber immer noch gleich: Alleine unterwegs von Reinach\u2026","rel":"","context":"In &quot;Aargau&quot;","block_context":{"text":"Aargau","link":"https:\/\/idnu.ch\/wordpress\/category\/kanton\/aargau\/"},"img":{"alt_text":"","src":"https:\/\/i0.wp.com\/idnu.ch\/wordpress\/wp-content\/uploads\/2016\/04\/bths_0032.jpg?fit=1024%2C768&ssl=1&resize=350%2C200","width":350,"height":200,"srcset":"https:\/\/i0.wp.com\/idnu.ch\/wordpress\/wp-content\/uploads\/2016\/04\/bths_0032.jpg?fit=1024%2C768&ssl=1&resize=350%2C200 1x, https:\/\/i0.wp.com\/idnu.ch\/wordpress\/wp-content\/uploads\/2016\/04\/bths_0032.jpg?fit=1024%2C768&ssl=1&resize=525%2C300 1.5x, https:\/\/i0.wp.com\/idnu.ch\/wordpress\/wp-content\/uploads\/2016\/04\/bths_0032.jpg?fit=1024%2C768&ssl=1&resize=700%2C400 2x"},"classes":[]},{"id":156,"url":"https:\/\/idnu.ch\/wordpress\/tourentipp-rund-um-den-hallwilersee-per-velo\/","url_meta":{"origin":8268,"position":1},"title":"Rund um den Hallwilersee per Velo","author":"Urs Kyburz","date":"29. Mai 2014","format":false,"excerpt":"Ein Tour rund um den Hallwilersee ist ausgeschildert. Aber was f\u00fcr eine: Zwischen Beinwil am See und Mosen, Meisterschwanden und Seengen sowie zwischen Boniswil und Birrwil muss mindestens teilweise auf der Hauptstrasse gefahren werden. Ausserorts. Ich frage mich immer wieder, wer auf die Idee kommt, solch beknackte Velorouten zu planen.\u2026","rel":"","context":"In &quot;Aargau&quot;","block_context":{"text":"Aargau","link":"https:\/\/idnu.ch\/wordpress\/category\/kanton\/aargau\/"},"img":{"alt_text":"Oberhalb des Hotel Seerose in Meisterschwanden","src":"https:\/\/i0.wp.com\/idnu.ch\/wordpress\/wp-content\/uploads\/2015\/12\/hallwilersee_0016.jpg?fit=1024%2C683&ssl=1&resize=350%2C200","width":350,"height":200,"srcset":"https:\/\/i0.wp.com\/idnu.ch\/wordpress\/wp-content\/uploads\/2015\/12\/hallwilersee_0016.jpg?fit=1024%2C683&ssl=1&resize=350%2C200 1x, https:\/\/i0.wp.com\/idnu.ch\/wordpress\/wp-content\/uploads\/2015\/12\/hallwilersee_0016.jpg?fit=1024%2C683&ssl=1&resize=525%2C300 1.5x, https:\/\/i0.wp.com\/idnu.ch\/wordpress\/wp-content\/uploads\/2015\/12\/hallwilersee_0016.jpg?fit=1024%2C683&ssl=1&resize=700%2C400 2x"},"classes":[]},{"id":7375,"url":"https:\/\/idnu.ch\/wordpress\/ab-aufs-velo\/","url_meta":{"origin":8268,"position":2},"title":"Ab aufs Velo!","author":"Urs Kyburz","date":"3. April 2017","format":false,"excerpt":"Der Fr\u00fchling ist definitiv da! Nun haben auch Sch\u00f6nundwarmwetterradler keine Ausrede mehr. Spinnweben und Staub wegputzen, Kette \u00f6len, Reifen pumpen und los! Und da allern\u00e4chstens die Kirschb\u00e4ume bl\u00fchen, lohnt sich eine entspannte Velotour gerade noch einmal mehr. Und wo findet man solche Touren? Hier meine zehn Tipps. Rund um den\u2026","rel":"","context":"In &quot;Aargau&quot;","block_context":{"text":"Aargau","link":"https:\/\/idnu.ch\/wordpress\/category\/kanton\/aargau\/"},"img":{"alt_text":"","src":"https:\/\/i0.wp.com\/idnu.ch\/wordpress\/wp-content\/uploads\/2016\/06\/mtv15_0036.jpg?fit=1024%2C768&ssl=1&resize=350%2C200","width":350,"height":200,"srcset":"https:\/\/i0.wp.com\/idnu.ch\/wordpress\/wp-content\/uploads\/2016\/06\/mtv15_0036.jpg?fit=1024%2C768&ssl=1&resize=350%2C200 1x, https:\/\/i0.wp.com\/idnu.ch\/wordpress\/wp-content\/uploads\/2016\/06\/mtv15_0036.jpg?fit=1024%2C768&ssl=1&resize=525%2C300 1.5x, https:\/\/i0.wp.com\/idnu.ch\/wordpress\/wp-content\/uploads\/2016\/06\/mtv15_0036.jpg?fit=1024%2C768&ssl=1&resize=700%2C400 2x"},"classes":[]},{"id":212,"url":"https:\/\/idnu.ch\/wordpress\/tourentipp-velotour-am-hallwilersee\/","url_meta":{"origin":8268,"position":3},"title":"Tourentipp: Velotour am Hallwilersee","author":"Urs Kyburz","date":"25. M\u00e4rz 2013","format":false,"excerpt":"Es l\u00e4chelt der See, er ladet zum Bade. Wenn wir aber zur sch\u00f6nsten Jahreszeit diese Tour unternehmen wollen, n\u00e4mlich dann, wenn im Fr\u00fchling die Kirschb\u00e4ume und Rapsfelder bl\u00fchen, k\u00f6nnte er allerdings noch etwas k\u00fchl sein. Daf\u00fcr kommen wir ins Schwitzen, wenn wir zuerst den H\u00fcgelzug zwischen dem Wynen- und Seetal\u2026","rel":"","context":"In &quot;Aargau&quot;","block_context":{"text":"Aargau","link":"https:\/\/idnu.ch\/wordpress\/category\/kanton\/aargau\/"},"img":{"alt_text":"Oberhalb Ermensee","src":"https:\/\/i0.wp.com\/idnu.ch\/wordpress\/wp-content\/uploads\/2013\/03\/IMG_7051_1.jpg?fit=800%2C600&ssl=1&resize=350%2C200","width":350,"height":200,"srcset":"https:\/\/i0.wp.com\/idnu.ch\/wordpress\/wp-content\/uploads\/2013\/03\/IMG_7051_1.jpg?fit=800%2C600&ssl=1&resize=350%2C200 1x, https:\/\/i0.wp.com\/idnu.ch\/wordpress\/wp-content\/uploads\/2013\/03\/IMG_7051_1.jpg?fit=800%2C600&ssl=1&resize=525%2C300 1.5x, https:\/\/i0.wp.com\/idnu.ch\/wordpress\/wp-content\/uploads\/2013\/03\/IMG_7051_1.jpg?fit=800%2C600&ssl=1&resize=700%2C400 2x"},"classes":[]},{"id":9450,"url":"https:\/\/idnu.ch\/wordpress\/schifffahren-auf-dem-hallwilersee\/","url_meta":{"origin":8268,"position":4},"title":"Schifffahren auf dem Hallwilersee","author":"Urs Kyburz","date":"15. M\u00e4rz 2018","format":false,"excerpt":"Bis jetzt hatte ich immer nur von Wanderungen und Biketouren rund um den Hallwilersee geschrieben und die Schifffahrt nur nebenbei erw\u00e4hnt. Zeit, das zu \u00e4ndern, denn es gibt kein gem\u00fctlicheres Mittel, wieder zum Ausgangspunkt einer Tour zur\u00fcckzukehren im Seetal. Die Schifffahrtsgesellschaft Hallwilersee (SGH) bietet mit ihren f\u00fcnf Schiffen Rundtouren auf\u2026","rel":"","context":"In &quot;Aargau&quot;","block_context":{"text":"Aargau","link":"https:\/\/idnu.ch\/wordpress\/category\/kanton\/aargau\/"},"img":{"alt_text":"","src":"https:\/\/i0.wp.com\/idnu.ch\/wordpress\/wp-content\/uploads\/2018\/03\/hallwilerseefahrt-20180311-50.jpg?fit=1200%2C675&ssl=1&resize=350%2C200","width":350,"height":200,"srcset":"https:\/\/i0.wp.com\/idnu.ch\/wordpress\/wp-content\/uploads\/2018\/03\/hallwilerseefahrt-20180311-50.jpg?fit=1200%2C675&ssl=1&resize=350%2C200 1x, https:\/\/i0.wp.com\/idnu.ch\/wordpress\/wp-content\/uploads\/2018\/03\/hallwilerseefahrt-20180311-50.jpg?fit=1200%2C675&ssl=1&resize=525%2C300 1.5x, https:\/\/i0.wp.com\/idnu.ch\/wordpress\/wp-content\/uploads\/2018\/03\/hallwilerseefahrt-20180311-50.jpg?fit=1200%2C675&ssl=1&resize=700%2C400 2x, https:\/\/i0.wp.com\/idnu.ch\/wordpress\/wp-content\/uploads\/2018\/03\/hallwilerseefahrt-20180311-50.jpg?fit=1200%2C675&ssl=1&resize=1050%2C600 3x"},"classes":[]},{"id":7553,"url":"https:\/\/idnu.ch\/wordpress\/nur-nicht-die-laune-verderben-lassen\/","url_meta":{"origin":8268,"position":5},"title":"Nur nicht die Laune verderben lassen!","author":"Urs Kyburz","date":"15. Mai 2017","format":false,"excerpt":"Die traditionelle Muttertagsvelotour des SAC Homberg stand wieder an, sie soll uns rund um den Hallwilersee f\u00fchren. Nebst meiner Familie waren nur noch zwei andere dabei. Pech f\u00fcr alle anderen, die eine tolle Tour verpasst haben. Die Laune liessen wir uns jedenfalls weder vom Wetter noch von der geringen Teilnehmerzahl\u2026","rel":"","context":"In &quot;Aargau&quot;","block_context":{"text":"Aargau","link":"https:\/\/idnu.ch\/wordpress\/category\/kanton\/aargau\/"},"img":{"alt_text":"Am Hallwilersee","src":"https:\/\/i0.wp.com\/idnu.ch\/wordpress\/wp-content\/uploads\/2017\/05\/mvt_hallwilersee-12.jpg?fit=1200%2C900&ssl=1&resize=350%2C200","width":350,"height":200,"srcset":"https:\/\/i0.wp.com\/idnu.ch\/wordpress\/wp-content\/uploads\/2017\/05\/mvt_hallwilersee-12.jpg?fit=1200%2C900&ssl=1&resize=350%2C200 1x, https:\/\/i0.wp.com\/idnu.ch\/wordpress\/wp-content\/uploads\/2017\/05\/mvt_hallwilersee-12.jpg?fit=1200%2C900&ssl=1&resize=525%2C300 1.5x, https:\/\/i0.wp.com\/idnu.ch\/wordpress\/wp-content\/uploads\/2017\/05\/mvt_hallwilersee-12.jpg?fit=1200%2C900&ssl=1&resize=700%2C400 2x, https:\/\/i0.wp.com\/idnu.ch\/wordpress\/wp-content\/uploads\/2017\/05\/mvt_hallwilersee-12.jpg?fit=1200%2C900&ssl=1&resize=1050%2C600 3x"},"classes":[]}],"jetpack_likes_enabled":true,"_links":{"self":[{"href":"https:\/\/idnu.ch\/wordpress\/wp-json\/wp\/v2\/posts\/8268","targetHints":{"allow":["GET"]}}],"collection":[{"href":"https:\/\/idnu.ch\/wordpress\/wp-json\/wp\/v2\/posts"}],"about":[{"href":"https:\/\/idnu.ch\/wordpress\/wp-json\/wp\/v2\/types\/post"}],"author":[{"embeddable":true,"href":"https:\/\/idnu.ch\/wordpress\/wp-json\/wp\/v2\/users\/2"}],"replies":[{"embeddable":true,"href":"https:\/\/idnu.ch\/wordpress\/wp-json\/wp\/v2\/comments?post=8268"}],"version-history":[{"count":10,"href":"https:\/\/idnu.ch\/wordpress\/wp-json\/wp\/v2\/posts\/8268\/revisions"}],"predecessor-version":[{"id":28596,"href":"https:\/\/idnu.ch\/wordpress\/wp-json\/wp\/v2\/posts\/8268\/revisions\/28596"}],"wp:featuredmedia":[{"embeddable":true,"href":"https:\/\/idnu.ch\/wordpress\/wp-json\/wp\/v2\/media\/8274"}],"wp:attachment":[{"href":"https:\/\/idnu.ch\/wordpress\/wp-json\/wp\/v2\/media?parent=8268"}],"wp:term":[{"taxonomy":"category","embeddable":true,"href":"https:\/\/idnu.ch\/wordpress\/wp-json\/wp\/v2\/categories?post=8268"},{"taxonomy":"post_tag","embeddable":true,"href":"https:\/\/idnu.ch\/wordpress\/wp-json\/wp\/v2\/tags?post=8268"}],"curies":[{"name":"wp","href":"https:\/\/api.w.org\/{rel}","templated":true}]}}