{"id":8754,"date":"2017-11-06T20:15:38","date_gmt":"2017-11-06T19:15:38","guid":{"rendered":"http:\/\/idnu.ch\/wordpress\/?p=8754"},"modified":"2019-01-22T12:10:28","modified_gmt":"2019-01-22T11:10:28","slug":"auf-dem-jura-hoehenweg","status":"publish","type":"post","link":"https:\/\/idnu.ch\/wordpress\/auf-dem-jura-hoehenweg\/","title":{"rendered":"Auf dem Jura-H\u00f6henweg"},"content":{"rendered":"<p>Der <strong><a href=\"http:\/\/www.schweizmobil.ch\/de\/wanderland\/route-05.html\" target=\"_blank\" rel=\"noopener\">Jura-H\u00f6henweg<\/a> <\/strong>ist eine nationale Wanderroute und f\u00fchrt von <strong>Dielsdorf<\/strong> bis nach <strong>Nyon<\/strong> an den <strong>Genfersee<\/strong> (waren wir da nicht schon mal?) \u00fcber den kleinen Bruder der Alpen, den Jura. Weniger wild, weniger hoch, aber nicht weniger sch\u00f6n wandern wir \u00fcber bewaldete und kahle H\u00fcgelz\u00fcge, \u00fcber Weiden und durch D\u00f6rfer. Wir durchqueren zwei Sprachregionen und viele kulturelle Regionen. Die Route ist wie gewohnt gut ausgeschildert, man folge einfach den Wegweisern mit der Nummer 5.<\/p>\n<h2>Von Z\u00fcrich an den Genfersee<\/h2>\n<p>Die IDNUs sind schon einige Etappen gewandert, immer als Tagestour von zu Hause aus. Dies wird sich bald mal \u00e4ndern, dann reicht ein Tag mit An- und R\u00fcckreise nicht mehr. Die Wanderungen sind sehr gut mit dem \u00d6V erreichbar. Der H\u00f6henweg ist zu jeder Jahreszeit \u00a0ein Erlebnis, im Winter muss man nat\u00fcrlich den Schnee ber\u00fccksichtigen, dann sind eventuell Schneeschuhe hilfreich. Wir sind die Etappen vor allem im Sp\u00e4therbst gewandert, wenn in den Bergen bereits Schnee liegt und im Mittelland die Nebeldecke aufs Gem\u00fct dr\u00fcckt. Dank dem laublosen Wald ist zu dieser Jahreszeit auch die Aussicht besser.<\/p>\n<p>Unsere bisherigen Erlebnisse:<br \/>\n<iframe loading=\"lazy\" src=\"https:\/\/www.google.com\/maps\/d\/embed?mid=1tQu5GBt2lEsz9F1Bjx1I8H3UEKA\" width=\"640\" height=\"480\"><\/iframe><\/p>\n<figure id=\"attachment_1725\" aria-describedby=\"caption-attachment-1725\" style=\"width: 1400px\" class=\"wp-caption aligncenter\"><a href=\"https:\/\/idnu.ch\/wordpress\/eine-gratwanderung-im-mittelland\/\"><img data-recalc-dims=\"1\" loading=\"lazy\" decoding=\"async\" data-attachment-id=\"1725\" data-permalink=\"https:\/\/idnu.ch\/wordpress\/auf-dem-jura-hoehenweg\/laegern_0051\/#main\" data-orig-file=\"https:\/\/i0.wp.com\/idnu.ch\/wordpress\/wp-content\/uploads\/2015\/11\/laegern_0051.jpg?fit=1400%2C933&amp;ssl=1\" data-orig-size=\"1400,933\" data-comments-opened=\"1\" data-image-meta=\"{&quot;aperture&quot;:&quot;0&quot;,&quot;credit&quot;:&quot;&quot;,&quot;camera&quot;:&quot;&quot;,&quot;caption&quot;:&quot;&quot;,&quot;created_timestamp&quot;:&quot;0&quot;,&quot;copyright&quot;:&quot;&quot;,&quot;focal_length&quot;:&quot;0&quot;,&quot;iso&quot;:&quot;0&quot;,&quot;shutter_speed&quot;:&quot;0&quot;,&quot;title&quot;:&quot;&quot;,&quot;orientation&quot;:&quot;0&quot;}\" data-image-title=\"Dieser Weg macht Freude\" data-image-description=\"\" data-image-caption=\"&lt;p&gt;Dieser Weg macht Freude&lt;\/p&gt;\n\" data-large-file=\"https:\/\/i0.wp.com\/idnu.ch\/wordpress\/wp-content\/uploads\/2015\/11\/laegern_0051.jpg?fit=750%2C500&amp;ssl=1\" class=\"size-full wp-image-1725\" src=\"https:\/\/i0.wp.com\/idnu.ch\/wordpress\/wp-content\/uploads\/2015\/11\/laegern_0051.jpg?resize=750%2C500&#038;ssl=1\" alt=\"Dieser Weg macht Freude\" width=\"750\" height=\"500\" srcset=\"https:\/\/i0.wp.com\/idnu.ch\/wordpress\/wp-content\/uploads\/2015\/11\/laegern_0051.jpg?w=1400&amp;ssl=1 1400w, https:\/\/i0.wp.com\/idnu.ch\/wordpress\/wp-content\/uploads\/2015\/11\/laegern_0051.jpg?resize=300%2C200&amp;ssl=1 300w, https:\/\/i0.wp.com\/idnu.ch\/wordpress\/wp-content\/uploads\/2015\/11\/laegern_0051.jpg?resize=1024%2C682&amp;ssl=1 1024w, https:\/\/i0.wp.com\/idnu.ch\/wordpress\/wp-content\/uploads\/2015\/11\/laegern_0051.jpg?resize=150%2C100&amp;ssl=1 150w\" sizes=\"auto, (max-width: 750px) 100vw, 750px\" \/><\/a><figcaption id=\"caption-attachment-1725\" class=\"wp-caption-text\">\u00dcber die L\u00e4gern von Baden nach Dielsdorf<\/figcaption><\/figure>\n<figure id=\"attachment_9201\" aria-describedby=\"caption-attachment-9201\" style=\"width: 1280px\" class=\"wp-caption aligncenter\"><a href=\"https:\/\/idnu.ch\/wordpress\/durchs-wasserschloss-nach-baden\/\"><img data-recalc-dims=\"1\" loading=\"lazy\" decoding=\"async\" data-attachment-id=\"9201\" data-permalink=\"https:\/\/idnu.ch\/wordpress\/durchs-wasserschloss-nach-baden\/brugg_baden-29-20180113\/#main\" data-orig-file=\"https:\/\/i0.wp.com\/idnu.ch\/wordpress\/wp-content\/uploads\/2018\/01\/brugg_baden-29-20180113.jpg?fit=1280%2C853&amp;ssl=1\" data-orig-size=\"1280,853\" data-comments-opened=\"1\" data-image-meta=\"{&quot;aperture&quot;:&quot;6.3&quot;,&quot;credit&quot;:&quot;Urs Kyburz&quot;,&quot;camera&quot;:&quot;Canon EOS 5D Mark IV&quot;,&quot;caption&quot;:&quot;&quot;,&quot;created_timestamp&quot;:&quot;1515845712&quot;,&quot;copyright&quot;:&quot;\\u00a9 Urs Kyburz&quot;,&quot;focal_length&quot;:&quot;40&quot;,&quot;iso&quot;:&quot;125&quot;,&quot;shutter_speed&quot;:&quot;0.005&quot;,&quot;title&quot;:&quot;&quot;,&quot;orientation&quot;:&quot;0&quot;}\" data-image-title=\"Das Wasserschloss vom Gebenstorfer Horn aus\" data-image-description=\"\" data-image-caption=\"&lt;p&gt;Das Wasserschloss vom Gebenstorfer Horn aus&lt;\/p&gt;\n\" data-large-file=\"https:\/\/i0.wp.com\/idnu.ch\/wordpress\/wp-content\/uploads\/2018\/01\/brugg_baden-29-20180113.jpg?fit=750%2C500&amp;ssl=1\" class=\"size-full wp-image-9201\" src=\"https:\/\/i0.wp.com\/idnu.ch\/wordpress\/wp-content\/uploads\/2018\/01\/brugg_baden-29-20180113.jpg?resize=750%2C500&#038;ssl=1\" alt=\"Das Wasserschloss vom Gebenstorfer Horn aus\" width=\"750\" height=\"500\" srcset=\"https:\/\/i0.wp.com\/idnu.ch\/wordpress\/wp-content\/uploads\/2018\/01\/brugg_baden-29-20180113.jpg?w=1280&amp;ssl=1 1280w, https:\/\/i0.wp.com\/idnu.ch\/wordpress\/wp-content\/uploads\/2018\/01\/brugg_baden-29-20180113.jpg?resize=300%2C200&amp;ssl=1 300w, https:\/\/i0.wp.com\/idnu.ch\/wordpress\/wp-content\/uploads\/2018\/01\/brugg_baden-29-20180113.jpg?resize=768%2C512&amp;ssl=1 768w, https:\/\/i0.wp.com\/idnu.ch\/wordpress\/wp-content\/uploads\/2018\/01\/brugg_baden-29-20180113.jpg?resize=1024%2C682&amp;ssl=1 1024w, https:\/\/i0.wp.com\/idnu.ch\/wordpress\/wp-content\/uploads\/2018\/01\/brugg_baden-29-20180113.jpg?resize=150%2C100&amp;ssl=1 150w\" sizes=\"auto, (max-width: 750px) 100vw, 750px\" \/><\/a><figcaption id=\"caption-attachment-9201\" class=\"wp-caption-text\">Von Brugg durch das Wasserschloss nach Baden<\/figcaption><\/figure>\n<figure id=\"attachment_6066\" aria-describedby=\"caption-attachment-6066\" style=\"width: 900px\" class=\"wp-caption aligncenter\"><a href=\"https:\/\/idnu.ch\/wordpress\/fruehlingswanderung-kurz-vor-weihnachten\/\"><img data-recalc-dims=\"1\" loading=\"lazy\" decoding=\"async\" data-attachment-id=\"6066\" data-permalink=\"https:\/\/idnu.ch\/wordpress\/fruehlingswanderung-kurz-vor-weihnachten\/img_6170\/#main\" data-orig-file=\"https:\/\/i0.wp.com\/idnu.ch\/wordpress\/wp-content\/uploads\/2013\/12\/IMG_6170.jpg?fit=900%2C600&amp;ssl=1\" data-orig-size=\"900,600\" data-comments-opened=\"1\" data-image-meta=\"{&quot;aperture&quot;:&quot;14&quot;,&quot;credit&quot;:&quot;Urs Kyburz&quot;,&quot;camera&quot;:&quot;Canon EOS 60D&quot;,&quot;caption&quot;:&quot;&quot;,&quot;created_timestamp&quot;:&quot;1387798385&quot;,&quot;copyright&quot;:&quot;&quot;,&quot;focal_length&quot;:&quot;26&quot;,&quot;iso&quot;:&quot;100&quot;,&quot;shutter_speed&quot;:&quot;0.02&quot;,&quot;title&quot;:&quot;&quot;,&quot;orientation&quot;:&quot;1&quot;}\" data-image-title=\"Rast bei der Linde\" data-image-description=\"\" data-image-caption=\"&lt;p&gt;Rast bei der Linde&lt;\/p&gt;\n\" data-large-file=\"https:\/\/i0.wp.com\/idnu.ch\/wordpress\/wp-content\/uploads\/2013\/12\/IMG_6170.jpg?fit=750%2C500&amp;ssl=1\" class=\"size-full wp-image-6066\" src=\"https:\/\/i0.wp.com\/idnu.ch\/wordpress\/wp-content\/uploads\/2013\/12\/IMG_6170.jpg?resize=750%2C500&#038;ssl=1\" alt=\"Rast bei der Linde\" width=\"750\" height=\"500\" srcset=\"https:\/\/i0.wp.com\/idnu.ch\/wordpress\/wp-content\/uploads\/2013\/12\/IMG_6170.jpg?w=900&amp;ssl=1 900w, https:\/\/i0.wp.com\/idnu.ch\/wordpress\/wp-content\/uploads\/2013\/12\/IMG_6170.jpg?resize=300%2C200&amp;ssl=1 300w, https:\/\/i0.wp.com\/idnu.ch\/wordpress\/wp-content\/uploads\/2013\/12\/IMG_6170.jpg?resize=768%2C512&amp;ssl=1 768w, https:\/\/i0.wp.com\/idnu.ch\/wordpress\/wp-content\/uploads\/2013\/12\/IMG_6170.jpg?resize=150%2C100&amp;ssl=1 150w\" sizes=\"auto, (max-width: 750px) 100vw, 750px\" \/><\/a><figcaption id=\"caption-attachment-6066\" class=\"wp-caption-text\">Von der Staffelegg nach Brugg<\/figcaption><\/figure>\n<figure id=\"attachment_3967\" aria-describedby=\"caption-attachment-3967\" style=\"width: 900px\" class=\"wp-caption aligncenter\"><a href=\"https:\/\/idnu.ch\/wordpress\/von-pass-zu-pass-ueber-die-wasserflue-im-aargauer-jura\/\"><img data-recalc-dims=\"1\" loading=\"lazy\" decoding=\"async\" data-attachment-id=\"3967\" data-permalink=\"https:\/\/idnu.ch\/wordpress\/auf-dem-jura-hoehenweg\/05_paradis\/#main\" data-orig-file=\"https:\/\/i0.wp.com\/idnu.ch\/wordpress\/wp-content\/uploads\/2016\/04\/05_paradis.jpg?fit=900%2C600&amp;ssl=1\" data-orig-size=\"900,600\" data-comments-opened=\"1\" data-image-meta=\"{&quot;aperture&quot;:&quot;16&quot;,&quot;credit&quot;:&quot;Urs Kyburz&quot;,&quot;camera&quot;:&quot;Canon EOS 60D&quot;,&quot;caption&quot;:&quot;&quot;,&quot;created_timestamp&quot;:&quot;1333704728&quot;,&quot;copyright&quot;:&quot;&quot;,&quot;focal_length&quot;:&quot;30&quot;,&quot;iso&quot;:&quot;100&quot;,&quot;shutter_speed&quot;:&quot;0.01&quot;,&quot;title&quot;:&quot;&quot;,&quot;orientation&quot;:&quot;1&quot;}\" data-image-title=\"05_paradis\" data-image-description=\"\" data-image-caption=\"\" data-large-file=\"https:\/\/i0.wp.com\/idnu.ch\/wordpress\/wp-content\/uploads\/2016\/04\/05_paradis.jpg?fit=750%2C500&amp;ssl=1\" class=\"wp-image-3967 size-full\" src=\"https:\/\/i0.wp.com\/idnu.ch\/wordpress\/wp-content\/uploads\/2016\/04\/05_paradis.jpg?resize=750%2C500&#038;ssl=1\" alt=\"\" width=\"750\" height=\"500\" srcset=\"https:\/\/i0.wp.com\/idnu.ch\/wordpress\/wp-content\/uploads\/2016\/04\/05_paradis.jpg?w=900&amp;ssl=1 900w, https:\/\/i0.wp.com\/idnu.ch\/wordpress\/wp-content\/uploads\/2016\/04\/05_paradis.jpg?resize=300%2C200&amp;ssl=1 300w, https:\/\/i0.wp.com\/idnu.ch\/wordpress\/wp-content\/uploads\/2016\/04\/05_paradis.jpg?resize=768%2C512&amp;ssl=1 768w, https:\/\/i0.wp.com\/idnu.ch\/wordpress\/wp-content\/uploads\/2016\/04\/05_paradis.jpg?resize=150%2C100&amp;ssl=1 150w\" sizes=\"auto, (max-width: 750px) 100vw, 750px\" \/><\/a><figcaption id=\"caption-attachment-3967\" class=\"wp-caption-text\">Von der Staffelegg \u00fcber die Wasserflue zur Salh\u00f6he<\/figcaption><\/figure>\n<figure id=\"attachment_2972\" aria-describedby=\"caption-attachment-2972\" style=\"width: 1400px\" class=\"wp-caption aligncenter\"><a href=\"https:\/\/idnu.ch\/wordpress\/herbstwandern-ueber-dem-nebel\/\"><img data-recalc-dims=\"1\" loading=\"lazy\" decoding=\"async\" data-attachment-id=\"2972\" data-permalink=\"https:\/\/idnu.ch\/wordpress\/herbstwandern-ueber-dem-nebel\/geissflue_0014-2\/#main\" data-orig-file=\"https:\/\/i0.wp.com\/idnu.ch\/wordpress\/wp-content\/uploads\/2016\/03\/geissflue_0014.jpg?fit=1400%2C933&amp;ssl=1\" data-orig-size=\"1400,933\" data-comments-opened=\"1\" data-image-meta=\"{&quot;aperture&quot;:&quot;0&quot;,&quot;credit&quot;:&quot;&quot;,&quot;camera&quot;:&quot;&quot;,&quot;caption&quot;:&quot;&quot;,&quot;created_timestamp&quot;:&quot;0&quot;,&quot;copyright&quot;:&quot;&quot;,&quot;focal_length&quot;:&quot;0&quot;,&quot;iso&quot;:&quot;0&quot;,&quot;shutter_speed&quot;:&quot;0&quot;,&quot;title&quot;:&quot;&quot;,&quot;orientation&quot;:&quot;0&quot;}\" data-image-title=\"geissflue_0014\" data-image-description=\"\" data-image-caption=\"\" data-large-file=\"https:\/\/i0.wp.com\/idnu.ch\/wordpress\/wp-content\/uploads\/2016\/03\/geissflue_0014.jpg?fit=750%2C500&amp;ssl=1\" class=\"wp-image-2972 size-full\" src=\"https:\/\/i0.wp.com\/idnu.ch\/wordpress\/wp-content\/uploads\/2016\/03\/geissflue_0014.jpg?resize=750%2C500&#038;ssl=1\" alt=\"\" width=\"750\" height=\"500\" srcset=\"https:\/\/i0.wp.com\/idnu.ch\/wordpress\/wp-content\/uploads\/2016\/03\/geissflue_0014.jpg?w=1400&amp;ssl=1 1400w, https:\/\/i0.wp.com\/idnu.ch\/wordpress\/wp-content\/uploads\/2016\/03\/geissflue_0014.jpg?resize=300%2C200&amp;ssl=1 300w, https:\/\/i0.wp.com\/idnu.ch\/wordpress\/wp-content\/uploads\/2016\/03\/geissflue_0014.jpg?resize=768%2C512&amp;ssl=1 768w, https:\/\/i0.wp.com\/idnu.ch\/wordpress\/wp-content\/uploads\/2016\/03\/geissflue_0014.jpg?resize=1024%2C682&amp;ssl=1 1024w, https:\/\/i0.wp.com\/idnu.ch\/wordpress\/wp-content\/uploads\/2016\/03\/geissflue_0014.jpg?resize=150%2C100&amp;ssl=1 150w\" sizes=\"auto, (max-width: 750px) 100vw, 750px\" \/><\/a><figcaption id=\"caption-attachment-2972\" class=\"wp-caption-text\">Von der Salh\u00f6he \u00fcber die Geissflue zum Hauenstein<\/figcaption><\/figure>\n<figure id=\"attachment_2638\" aria-describedby=\"caption-attachment-2638\" style=\"width: 1024px\" class=\"wp-caption aligncenter\"><a href=\"https:\/\/idnu.ch\/wordpress\/geissflue-mit-variante\/\"><img data-recalc-dims=\"1\" loading=\"lazy\" decoding=\"async\" data-attachment-id=\"2638\" data-permalink=\"https:\/\/idnu.ch\/wordpress\/auf-dem-jura-hoehenweg\/geissflue_0026\/#main\" data-orig-file=\"https:\/\/i0.wp.com\/idnu.ch\/wordpress\/wp-content\/uploads\/2016\/01\/geissflue_0026.jpg?fit=1024%2C768&amp;ssl=1\" data-orig-size=\"1024,768\" data-comments-opened=\"1\" data-image-meta=\"{&quot;aperture&quot;:&quot;0&quot;,&quot;credit&quot;:&quot;&quot;,&quot;camera&quot;:&quot;&quot;,&quot;caption&quot;:&quot;&quot;,&quot;created_timestamp&quot;:&quot;0&quot;,&quot;copyright&quot;:&quot;&quot;,&quot;focal_length&quot;:&quot;0&quot;,&quot;iso&quot;:&quot;0&quot;,&quot;shutter_speed&quot;:&quot;0&quot;,&quot;title&quot;:&quot;&quot;,&quot;orientation&quot;:&quot;0&quot;}\" data-image-title=\"\" data-image-description=\"\" data-image-caption=\"\" data-large-file=\"https:\/\/i0.wp.com\/idnu.ch\/wordpress\/wp-content\/uploads\/2016\/01\/geissflue_0026.jpg?fit=750%2C563&amp;ssl=1\" class=\"wp-image-2638 size-full\" src=\"https:\/\/i0.wp.com\/idnu.ch\/wordpress\/wp-content\/uploads\/2016\/01\/geissflue_0026.jpg?resize=750%2C563&#038;ssl=1\" alt=\"\" width=\"750\" height=\"563\" srcset=\"https:\/\/i0.wp.com\/idnu.ch\/wordpress\/wp-content\/uploads\/2016\/01\/geissflue_0026.jpg?w=1024&amp;ssl=1 1024w, https:\/\/i0.wp.com\/idnu.ch\/wordpress\/wp-content\/uploads\/2016\/01\/geissflue_0026.jpg?resize=300%2C225&amp;ssl=1 300w, https:\/\/i0.wp.com\/idnu.ch\/wordpress\/wp-content\/uploads\/2016\/01\/geissflue_0026.jpg?resize=768%2C576&amp;ssl=1 768w, https:\/\/i0.wp.com\/idnu.ch\/wordpress\/wp-content\/uploads\/2016\/01\/geissflue_0026.jpg?resize=720%2C540&amp;ssl=1 720w, https:\/\/i0.wp.com\/idnu.ch\/wordpress\/wp-content\/uploads\/2016\/01\/geissflue_0026.jpg?resize=133%2C100&amp;ssl=1 133w\" sizes=\"auto, (max-width: 750px) 100vw, 750px\" \/><\/a><figcaption id=\"caption-attachment-2638\" class=\"wp-caption-text\">Variante von der Salh\u00f6he \u00fcber die Geisslfue nach Olten<\/figcaption><\/figure>\n<figure id=\"attachment_2531\" aria-describedby=\"caption-attachment-2531\" style=\"width: 1024px\" class=\"wp-caption aligncenter\"><a href=\"https:\/\/idnu.ch\/wordpress\/auf-historischen-pfaden-zur-belchenflue\/\"><img data-recalc-dims=\"1\" loading=\"lazy\" decoding=\"async\" data-attachment-id=\"2531\" data-permalink=\"https:\/\/idnu.ch\/wordpress\/auf-dem-jura-hoehenweg\/belchenflue_0015\/#main\" data-orig-file=\"https:\/\/i0.wp.com\/idnu.ch\/wordpress\/wp-content\/uploads\/2016\/01\/belchenflue_0015.jpg?fit=1024%2C683&amp;ssl=1\" data-orig-size=\"1024,683\" data-comments-opened=\"1\" data-image-meta=\"{&quot;aperture&quot;:&quot;0&quot;,&quot;credit&quot;:&quot;&quot;,&quot;camera&quot;:&quot;&quot;,&quot;caption&quot;:&quot;&quot;,&quot;created_timestamp&quot;:&quot;0&quot;,&quot;copyright&quot;:&quot;&quot;,&quot;focal_length&quot;:&quot;0&quot;,&quot;iso&quot;:&quot;0&quot;,&quot;shutter_speed&quot;:&quot;0&quot;,&quot;title&quot;:&quot;&quot;,&quot;orientation&quot;:&quot;0&quot;}\" data-image-title=\"\" data-image-description=\"\" data-image-caption=\"\" data-large-file=\"https:\/\/i0.wp.com\/idnu.ch\/wordpress\/wp-content\/uploads\/2016\/01\/belchenflue_0015.jpg?fit=750%2C500&amp;ssl=1\" class=\"wp-image-2531 size-full\" src=\"https:\/\/i0.wp.com\/idnu.ch\/wordpress\/wp-content\/uploads\/2016\/01\/belchenflue_0015.jpg?resize=750%2C500&#038;ssl=1\" alt=\"\" width=\"750\" height=\"500\" srcset=\"https:\/\/i0.wp.com\/idnu.ch\/wordpress\/wp-content\/uploads\/2016\/01\/belchenflue_0015.jpg?w=1024&amp;ssl=1 1024w, https:\/\/i0.wp.com\/idnu.ch\/wordpress\/wp-content\/uploads\/2016\/01\/belchenflue_0015.jpg?resize=300%2C200&amp;ssl=1 300w, https:\/\/i0.wp.com\/idnu.ch\/wordpress\/wp-content\/uploads\/2016\/01\/belchenflue_0015.jpg?resize=768%2C512&amp;ssl=1 768w, https:\/\/i0.wp.com\/idnu.ch\/wordpress\/wp-content\/uploads\/2016\/01\/belchenflue_0015.jpg?resize=150%2C100&amp;ssl=1 150w\" sizes=\"auto, (max-width: 750px) 100vw, 750px\" \/><\/a><figcaption id=\"caption-attachment-2531\" class=\"wp-caption-text\">Vom Hauenstein \u00fcber die Belchenflue nach H\u00e4gendorf<\/figcaption><\/figure>\n<figure id=\"attachment_5656\" aria-describedby=\"caption-attachment-5656\" style=\"width: 1400px\" class=\"wp-caption aligncenter\"><a href=\"https:\/\/idnu.ch\/wordpress\/dem-nebel-entflohen-auf-dem-jura-hoehenweg\/\"><img data-recalc-dims=\"1\" loading=\"lazy\" decoding=\"async\" data-attachment-id=\"5656\" data-permalink=\"https:\/\/idnu.ch\/wordpress\/dem-nebel-entflohen-auf-dem-jura-hoehenweg\/roggen-45\/#main\" data-orig-file=\"https:\/\/i0.wp.com\/idnu.ch\/wordpress\/wp-content\/uploads\/2016\/10\/roggen-45.jpg?fit=1400%2C933&amp;ssl=1\" data-orig-size=\"1400,933\" data-comments-opened=\"1\" data-image-meta=\"{&quot;aperture&quot;:&quot;11&quot;,&quot;credit&quot;:&quot;Urs Kyburz&quot;,&quot;camera&quot;:&quot;Canon EOS 60D&quot;,&quot;caption&quot;:&quot;&quot;,&quot;created_timestamp&quot;:&quot;1476614129&quot;,&quot;copyright&quot;:&quot;&quot;,&quot;focal_length&quot;:&quot;45&quot;,&quot;iso&quot;:&quot;125&quot;,&quot;shutter_speed&quot;:&quot;0.016666666666667&quot;,&quot;title&quot;:&quot;&quot;,&quot;orientation&quot;:&quot;0&quot;}\" data-image-title=\"Das Thal liegt ebenfalls noch unter dem Nebel\" data-image-description=\"\" data-image-caption=\"\" data-large-file=\"https:\/\/i0.wp.com\/idnu.ch\/wordpress\/wp-content\/uploads\/2016\/10\/roggen-45.jpg?fit=750%2C500&amp;ssl=1\" class=\"wp-image-5656 size-full\" src=\"https:\/\/i0.wp.com\/idnu.ch\/wordpress\/wp-content\/uploads\/2016\/10\/roggen-45.jpg?resize=750%2C500&#038;ssl=1\" alt=\"\" width=\"750\" height=\"500\" srcset=\"https:\/\/i0.wp.com\/idnu.ch\/wordpress\/wp-content\/uploads\/2016\/10\/roggen-45.jpg?w=1400&amp;ssl=1 1400w, https:\/\/i0.wp.com\/idnu.ch\/wordpress\/wp-content\/uploads\/2016\/10\/roggen-45.jpg?resize=300%2C200&amp;ssl=1 300w, https:\/\/i0.wp.com\/idnu.ch\/wordpress\/wp-content\/uploads\/2016\/10\/roggen-45.jpg?resize=768%2C512&amp;ssl=1 768w, https:\/\/i0.wp.com\/idnu.ch\/wordpress\/wp-content\/uploads\/2016\/10\/roggen-45.jpg?resize=1024%2C682&amp;ssl=1 1024w, https:\/\/i0.wp.com\/idnu.ch\/wordpress\/wp-content\/uploads\/2016\/10\/roggen-45.jpg?resize=150%2C100&amp;ssl=1 150w\" sizes=\"auto, (max-width: 750px) 100vw, 750px\" \/><\/a><figcaption id=\"caption-attachment-5656\" class=\"wp-caption-text\">Von H\u00e4gendorf durch T\u00fc\u00fcfelsschlucht auf den Roggen und abw\u00e4rts nach Oensingen<\/figcaption><\/figure>\n<figure id=\"attachment_9902\" aria-describedby=\"caption-attachment-9902\" style=\"width: 1280px\" class=\"wp-caption aligncenter\"><a href=\"https:\/\/idnu.ch\/wordpress\/hoch-ueber-dem-vallee-de-joux\/\"><img data-recalc-dims=\"1\" loading=\"lazy\" decoding=\"async\" data-attachment-id=\"9902\" data-permalink=\"https:\/\/idnu.ch\/wordpress\/hoch-ueber-dem-vallee-de-joux\/valleedejoux-20180511-103\/#main\" data-orig-file=\"https:\/\/i0.wp.com\/idnu.ch\/wordpress\/wp-content\/uploads\/2018\/05\/valleedejoux-20180511-103.jpg?fit=1280%2C853&amp;ssl=1\" data-orig-size=\"1280,853\" data-comments-opened=\"1\" data-image-meta=\"{&quot;aperture&quot;:&quot;10&quot;,&quot;credit&quot;:&quot;Urs Kyburz&quot;,&quot;camera&quot;:&quot;Canon EOS 5D Mark IV&quot;,&quot;caption&quot;:&quot;&quot;,&quot;created_timestamp&quot;:&quot;1526038022&quot;,&quot;copyright&quot;:&quot;\\u00a9 Urs Kyburz&quot;,&quot;focal_length&quot;:&quot;24&quot;,&quot;iso&quot;:&quot;100&quot;,&quot;shutter_speed&quot;:&quot;0.025&quot;,&quot;title&quot;:&quot;&quot;,&quot;orientation&quot;:&quot;0&quot;}\" data-image-title=\"Die beiden Seen Lac de Joux und Lac Brenet\" data-image-description=\"\" data-image-caption=\"&lt;p&gt;Die beiden Seen Lac de Joux und Lac Brenet&lt;\/p&gt;\n\" data-large-file=\"https:\/\/i0.wp.com\/idnu.ch\/wordpress\/wp-content\/uploads\/2018\/05\/valleedejoux-20180511-103.jpg?fit=750%2C500&amp;ssl=1\" class=\"size-full wp-image-9902\" src=\"https:\/\/i0.wp.com\/idnu.ch\/wordpress\/wp-content\/uploads\/2018\/05\/valleedejoux-20180511-103.jpg?resize=750%2C500&#038;ssl=1\" alt=\"Die beiden Seen Lac de Joux und Lac Brenet\" width=\"750\" height=\"500\" srcset=\"https:\/\/i0.wp.com\/idnu.ch\/wordpress\/wp-content\/uploads\/2018\/05\/valleedejoux-20180511-103.jpg?w=1280&amp;ssl=1 1280w, https:\/\/i0.wp.com\/idnu.ch\/wordpress\/wp-content\/uploads\/2018\/05\/valleedejoux-20180511-103.jpg?resize=300%2C200&amp;ssl=1 300w, https:\/\/i0.wp.com\/idnu.ch\/wordpress\/wp-content\/uploads\/2018\/05\/valleedejoux-20180511-103.jpg?resize=768%2C512&amp;ssl=1 768w, https:\/\/i0.wp.com\/idnu.ch\/wordpress\/wp-content\/uploads\/2018\/05\/valleedejoux-20180511-103.jpg?resize=1024%2C682&amp;ssl=1 1024w, https:\/\/i0.wp.com\/idnu.ch\/wordpress\/wp-content\/uploads\/2018\/05\/valleedejoux-20180511-103.jpg?resize=150%2C100&amp;ssl=1 150w\" sizes=\"auto, (max-width: 750px) 100vw, 750px\" \/><\/a><figcaption id=\"caption-attachment-9902\" class=\"wp-caption-text\">Die beiden Seen Lac de Joux und Lac Brenet<\/figcaption><\/figure>\n","protected":false},"excerpt":{"rendered":"<p>Der Jura-H\u00f6henweg ist eine nationale Wanderroute und f\u00fchrt von Dielsdorf bis nach Nyon&#8230;<\/p>\n","protected":false},"author":2,"featured_media":5657,"comment_status":"open","ping_status":"open","sticky":false,"template":"","format":"standard","meta":{"_monsterinsights_skip_tracking":false,"_monsterinsights_sitenote_active":false,"_monsterinsights_sitenote_note":"","_monsterinsights_sitenote_category":0,"jetpack_post_was_ever_published":false,"_jetpack_newsletter_access":"","_jetpack_dont_email_post_to_subs":false,"_jetpack_newsletter_tier_id":0,"_jetpack_memberships_contains_paywalled_content":false,"_jetpack_memberships_contains_paid_content":false,"footnotes":"","jetpack_publicize_message":"Gerade im Herbst empfiehlt sich der Jura-H\u00f6henweg. Unsere bisherigen Etappen in Wort und Bild.","jetpack_publicize_feature_enabled":true,"jetpack_social_post_already_shared":true,"jetpack_social_options":{"image_generator_settings":{"template":"highway","default_image_id":0,"font":"","enabled":false},"version":2}},"categories":[133,914,922,910,26,230,5],"tags":[1037,1150,449,897,1036,512],"class_list":["post-8754","post","type-post","status-publish","format-standard","has-post-thumbnail","hentry","category-aargau","category-aargau-region","category-genferseegebiet","category-jura-drei-seen-land","category-solothurn","category-waadtland","category-wandern","tag-herbstwandern","tag-herbstwanderung","tag-jura","tag-jura-hoehenweg","tag-jurapark","tag-kettenjura"],"geo":{"latitude":47.376216900000002851811586879193782806396484375,"longitude":7.888285599999999675446815672330558300018310546875,"description":"Trimbach, Kanton Solothurn, 4632, CH"},"yoast_head":"<!-- This site is optimized with the Yoast SEO plugin v27.4 - https:\/\/yoast.com\/product\/yoast-seo-wordpress\/ -->\n<title>Auf dem Jura-H\u00f6henweg - In der Natur unterwegs<\/title>\n<meta name=\"robots\" content=\"index, follow, max-snippet:-1, max-image-preview:large, max-video-preview:-1\" \/>\n<link rel=\"canonical\" href=\"https:\/\/idnu.ch\/wordpress\/auf-dem-jura-hoehenweg\/\" \/>\n<meta property=\"og:locale\" content=\"de_DE\" \/>\n<meta property=\"og:type\" content=\"article\" \/>\n<meta property=\"og:title\" content=\"Auf dem Jura-H\u00f6henweg - In der Natur unterwegs\" \/>\n<meta property=\"og:description\" content=\"Der Jura-H\u00f6henweg ist eine nationale Wanderroute und f\u00fchrt von Dielsdorf bis nach Nyon...\" \/>\n<meta property=\"og:url\" content=\"https:\/\/idnu.ch\/wordpress\/auf-dem-jura-hoehenweg\/\" \/>\n<meta property=\"og:site_name\" content=\"In der Natur unterwegs\" \/>\n<meta property=\"article:published_time\" content=\"2017-11-06T19:15:38+00:00\" \/>\n<meta property=\"article:modified_time\" content=\"2019-01-22T11:10:28+00:00\" \/>\n<meta property=\"og:image\" content=\"https:\/\/i0.wp.com\/idnu.ch\/wordpress\/wp-content\/uploads\/2016\/10\/roggen-48.jpg?fit=1400%2C933&ssl=1\" \/>\n\t<meta property=\"og:image:width\" content=\"1400\" \/>\n\t<meta property=\"og:image:height\" content=\"933\" \/>\n\t<meta property=\"og:image:type\" content=\"image\/jpeg\" \/>\n<meta name=\"author\" content=\"Urs Kyburz\" \/>\n<meta name=\"twitter:card\" content=\"summary_large_image\" \/>\n<meta name=\"twitter:creator\" content=\"@idnu_ch\" \/>\n<meta name=\"twitter:site\" content=\"@idnu_ch\" \/>\n<meta name=\"twitter:label1\" content=\"Verfasst von\" \/>\n\t<meta name=\"twitter:data1\" content=\"Urs Kyburz\" \/>\n\t<meta name=\"twitter:label2\" content=\"Gesch\u00e4tzte Lesezeit\" \/>\n\t<meta name=\"twitter:data2\" content=\"2\u00a0Minuten\" \/>\n<script type=\"application\/ld+json\" class=\"yoast-schema-graph\">{\"@context\":\"https:\\\/\\\/schema.org\",\"@graph\":[{\"@type\":\"Article\",\"@id\":\"https:\\\/\\\/idnu.ch\\\/wordpress\\\/auf-dem-jura-hoehenweg\\\/#article\",\"isPartOf\":{\"@id\":\"https:\\\/\\\/idnu.ch\\\/wordpress\\\/auf-dem-jura-hoehenweg\\\/\"},\"author\":{\"name\":\"Urs Kyburz\",\"@id\":\"https:\\\/\\\/idnu.ch\\\/wordpress\\\/#\\\/schema\\\/person\\\/1ab8c5de743be7b019272124c19ad351\"},\"headline\":\"Auf dem Jura-H\u00f6henweg\",\"datePublished\":\"2017-11-06T19:15:38+00:00\",\"dateModified\":\"2019-01-22T11:10:28+00:00\",\"mainEntityOfPage\":{\"@id\":\"https:\\\/\\\/idnu.ch\\\/wordpress\\\/auf-dem-jura-hoehenweg\\\/\"},\"wordCount\":337,\"commentCount\":2,\"publisher\":{\"@id\":\"https:\\\/\\\/idnu.ch\\\/wordpress\\\/#\\\/schema\\\/person\\\/1ab8c5de743be7b019272124c19ad351\"},\"image\":{\"@id\":\"https:\\\/\\\/idnu.ch\\\/wordpress\\\/auf-dem-jura-hoehenweg\\\/#primaryimage\"},\"thumbnailUrl\":\"https:\\\/\\\/i0.wp.com\\\/idnu.ch\\\/wordpress\\\/wp-content\\\/uploads\\\/2016\\\/10\\\/roggen-48.jpg?fit=1400%2C933&ssl=1\",\"keywords\":[\"Herbstwandern\",\"Herbstwanderung\",\"Jura\",\"Jura-H\u00f6henweg\",\"Jurapark\",\"Kettenjura\"],\"articleSection\":[\"Aargau\",\"Aargau Region\",\"Genferseegebiet (Waadt)\",\"Jura &amp; Drei-Seen-Land\",\"Solothurn\",\"Waadtland\",\"Wandern\"],\"inLanguage\":\"de\",\"potentialAction\":[{\"@type\":\"CommentAction\",\"name\":\"Comment\",\"target\":[\"https:\\\/\\\/idnu.ch\\\/wordpress\\\/auf-dem-jura-hoehenweg\\\/#respond\"]}]},{\"@type\":\"WebPage\",\"@id\":\"https:\\\/\\\/idnu.ch\\\/wordpress\\\/auf-dem-jura-hoehenweg\\\/\",\"url\":\"https:\\\/\\\/idnu.ch\\\/wordpress\\\/auf-dem-jura-hoehenweg\\\/\",\"name\":\"Auf dem Jura-H\u00f6henweg - In der Natur unterwegs\",\"isPartOf\":{\"@id\":\"https:\\\/\\\/idnu.ch\\\/wordpress\\\/#website\"},\"primaryImageOfPage\":{\"@id\":\"https:\\\/\\\/idnu.ch\\\/wordpress\\\/auf-dem-jura-hoehenweg\\\/#primaryimage\"},\"image\":{\"@id\":\"https:\\\/\\\/idnu.ch\\\/wordpress\\\/auf-dem-jura-hoehenweg\\\/#primaryimage\"},\"thumbnailUrl\":\"https:\\\/\\\/i0.wp.com\\\/idnu.ch\\\/wordpress\\\/wp-content\\\/uploads\\\/2016\\\/10\\\/roggen-48.jpg?fit=1400%2C933&ssl=1\",\"datePublished\":\"2017-11-06T19:15:38+00:00\",\"dateModified\":\"2019-01-22T11:10:28+00:00\",\"breadcrumb\":{\"@id\":\"https:\\\/\\\/idnu.ch\\\/wordpress\\\/auf-dem-jura-hoehenweg\\\/#breadcrumb\"},\"inLanguage\":\"de\",\"potentialAction\":[{\"@type\":\"ReadAction\",\"target\":[\"https:\\\/\\\/idnu.ch\\\/wordpress\\\/auf-dem-jura-hoehenweg\\\/\"]}]},{\"@type\":\"ImageObject\",\"inLanguage\":\"de\",\"@id\":\"https:\\\/\\\/idnu.ch\\\/wordpress\\\/auf-dem-jura-hoehenweg\\\/#primaryimage\",\"url\":\"https:\\\/\\\/i0.wp.com\\\/idnu.ch\\\/wordpress\\\/wp-content\\\/uploads\\\/2016\\\/10\\\/roggen-48.jpg?fit=1400%2C933&ssl=1\",\"contentUrl\":\"https:\\\/\\\/i0.wp.com\\\/idnu.ch\\\/wordpress\\\/wp-content\\\/uploads\\\/2016\\\/10\\\/roggen-48.jpg?fit=1400%2C933&ssl=1\",\"width\":1400,\"height\":933},{\"@type\":\"BreadcrumbList\",\"@id\":\"https:\\\/\\\/idnu.ch\\\/wordpress\\\/auf-dem-jura-hoehenweg\\\/#breadcrumb\",\"itemListElement\":[{\"@type\":\"ListItem\",\"position\":1,\"name\":\"Startseite\",\"item\":\"https:\\\/\\\/idnu.ch\\\/wordpress\\\/\"},{\"@type\":\"ListItem\",\"position\":2,\"name\":\"Auf dem Jura-H\u00f6henweg\"}]},{\"@type\":\"WebSite\",\"@id\":\"https:\\\/\\\/idnu.ch\\\/wordpress\\\/#website\",\"url\":\"https:\\\/\\\/idnu.ch\\\/wordpress\\\/\",\"name\":\"In der Natur unterwegs\",\"description\":\"Dort, wo es am sch\u00f6nsten ist\",\"publisher\":{\"@id\":\"https:\\\/\\\/idnu.ch\\\/wordpress\\\/#\\\/schema\\\/person\\\/1ab8c5de743be7b019272124c19ad351\"},\"potentialAction\":[{\"@type\":\"SearchAction\",\"target\":{\"@type\":\"EntryPoint\",\"urlTemplate\":\"https:\\\/\\\/idnu.ch\\\/wordpress\\\/?s={search_term_string}\"},\"query-input\":{\"@type\":\"PropertyValueSpecification\",\"valueRequired\":true,\"valueName\":\"search_term_string\"}}],\"inLanguage\":\"de\"},{\"@type\":[\"Person\",\"Organization\"],\"@id\":\"https:\\\/\\\/idnu.ch\\\/wordpress\\\/#\\\/schema\\\/person\\\/1ab8c5de743be7b019272124c19ad351\",\"name\":\"Urs Kyburz\",\"image\":{\"@type\":\"ImageObject\",\"inLanguage\":\"de\",\"@id\":\"https:\\\/\\\/i0.wp.com\\\/idnu.ch\\\/wordpress\\\/wp-content\\\/uploads\\\/2016\\\/02\\\/logo_150x165.gif?fit=3151%2C3456&ssl=1\",\"url\":\"https:\\\/\\\/i0.wp.com\\\/idnu.ch\\\/wordpress\\\/wp-content\\\/uploads\\\/2016\\\/02\\\/logo_150x165.gif?fit=3151%2C3456&ssl=1\",\"contentUrl\":\"https:\\\/\\\/i0.wp.com\\\/idnu.ch\\\/wordpress\\\/wp-content\\\/uploads\\\/2016\\\/02\\\/logo_150x165.gif?fit=3151%2C3456&ssl=1\",\"width\":3151,\"height\":3456,\"caption\":\"Urs Kyburz\"},\"logo\":{\"@id\":\"https:\\\/\\\/i0.wp.com\\\/idnu.ch\\\/wordpress\\\/wp-content\\\/uploads\\\/2016\\\/02\\\/logo_150x165.gif?fit=3151%2C3456&ssl=1\"}}]}<\/script>\n<!-- \/ Yoast SEO plugin. -->","yoast_head_json":{"title":"Auf dem Jura-H\u00f6henweg - In der Natur unterwegs","robots":{"index":"index","follow":"follow","max-snippet":"max-snippet:-1","max-image-preview":"max-image-preview:large","max-video-preview":"max-video-preview:-1"},"canonical":"https:\/\/idnu.ch\/wordpress\/auf-dem-jura-hoehenweg\/","og_locale":"de_DE","og_type":"article","og_title":"Auf dem Jura-H\u00f6henweg - In der Natur unterwegs","og_description":"Der Jura-H\u00f6henweg ist eine nationale Wanderroute und f\u00fchrt von Dielsdorf bis nach Nyon...","og_url":"https:\/\/idnu.ch\/wordpress\/auf-dem-jura-hoehenweg\/","og_site_name":"In der Natur unterwegs","article_published_time":"2017-11-06T19:15:38+00:00","article_modified_time":"2019-01-22T11:10:28+00:00","og_image":[{"width":1400,"height":933,"url":"https:\/\/i0.wp.com\/idnu.ch\/wordpress\/wp-content\/uploads\/2016\/10\/roggen-48.jpg?fit=1400%2C933&ssl=1","type":"image\/jpeg"}],"author":"Urs Kyburz","twitter_card":"summary_large_image","twitter_creator":"@idnu_ch","twitter_site":"@idnu_ch","twitter_misc":{"Verfasst von":"Urs Kyburz","Gesch\u00e4tzte Lesezeit":"2\u00a0Minuten"},"schema":{"@context":"https:\/\/schema.org","@graph":[{"@type":"Article","@id":"https:\/\/idnu.ch\/wordpress\/auf-dem-jura-hoehenweg\/#article","isPartOf":{"@id":"https:\/\/idnu.ch\/wordpress\/auf-dem-jura-hoehenweg\/"},"author":{"name":"Urs Kyburz","@id":"https:\/\/idnu.ch\/wordpress\/#\/schema\/person\/1ab8c5de743be7b019272124c19ad351"},"headline":"Auf dem Jura-H\u00f6henweg","datePublished":"2017-11-06T19:15:38+00:00","dateModified":"2019-01-22T11:10:28+00:00","mainEntityOfPage":{"@id":"https:\/\/idnu.ch\/wordpress\/auf-dem-jura-hoehenweg\/"},"wordCount":337,"commentCount":2,"publisher":{"@id":"https:\/\/idnu.ch\/wordpress\/#\/schema\/person\/1ab8c5de743be7b019272124c19ad351"},"image":{"@id":"https:\/\/idnu.ch\/wordpress\/auf-dem-jura-hoehenweg\/#primaryimage"},"thumbnailUrl":"https:\/\/i0.wp.com\/idnu.ch\/wordpress\/wp-content\/uploads\/2016\/10\/roggen-48.jpg?fit=1400%2C933&ssl=1","keywords":["Herbstwandern","Herbstwanderung","Jura","Jura-H\u00f6henweg","Jurapark","Kettenjura"],"articleSection":["Aargau","Aargau Region","Genferseegebiet (Waadt)","Jura &amp; Drei-Seen-Land","Solothurn","Waadtland","Wandern"],"inLanguage":"de","potentialAction":[{"@type":"CommentAction","name":"Comment","target":["https:\/\/idnu.ch\/wordpress\/auf-dem-jura-hoehenweg\/#respond"]}]},{"@type":"WebPage","@id":"https:\/\/idnu.ch\/wordpress\/auf-dem-jura-hoehenweg\/","url":"https:\/\/idnu.ch\/wordpress\/auf-dem-jura-hoehenweg\/","name":"Auf dem Jura-H\u00f6henweg - In der Natur unterwegs","isPartOf":{"@id":"https:\/\/idnu.ch\/wordpress\/#website"},"primaryImageOfPage":{"@id":"https:\/\/idnu.ch\/wordpress\/auf-dem-jura-hoehenweg\/#primaryimage"},"image":{"@id":"https:\/\/idnu.ch\/wordpress\/auf-dem-jura-hoehenweg\/#primaryimage"},"thumbnailUrl":"https:\/\/i0.wp.com\/idnu.ch\/wordpress\/wp-content\/uploads\/2016\/10\/roggen-48.jpg?fit=1400%2C933&ssl=1","datePublished":"2017-11-06T19:15:38+00:00","dateModified":"2019-01-22T11:10:28+00:00","breadcrumb":{"@id":"https:\/\/idnu.ch\/wordpress\/auf-dem-jura-hoehenweg\/#breadcrumb"},"inLanguage":"de","potentialAction":[{"@type":"ReadAction","target":["https:\/\/idnu.ch\/wordpress\/auf-dem-jura-hoehenweg\/"]}]},{"@type":"ImageObject","inLanguage":"de","@id":"https:\/\/idnu.ch\/wordpress\/auf-dem-jura-hoehenweg\/#primaryimage","url":"https:\/\/i0.wp.com\/idnu.ch\/wordpress\/wp-content\/uploads\/2016\/10\/roggen-48.jpg?fit=1400%2C933&ssl=1","contentUrl":"https:\/\/i0.wp.com\/idnu.ch\/wordpress\/wp-content\/uploads\/2016\/10\/roggen-48.jpg?fit=1400%2C933&ssl=1","width":1400,"height":933},{"@type":"BreadcrumbList","@id":"https:\/\/idnu.ch\/wordpress\/auf-dem-jura-hoehenweg\/#breadcrumb","itemListElement":[{"@type":"ListItem","position":1,"name":"Startseite","item":"https:\/\/idnu.ch\/wordpress\/"},{"@type":"ListItem","position":2,"name":"Auf dem Jura-H\u00f6henweg"}]},{"@type":"WebSite","@id":"https:\/\/idnu.ch\/wordpress\/#website","url":"https:\/\/idnu.ch\/wordpress\/","name":"In der Natur unterwegs","description":"Dort, wo es am sch\u00f6nsten ist","publisher":{"@id":"https:\/\/idnu.ch\/wordpress\/#\/schema\/person\/1ab8c5de743be7b019272124c19ad351"},"potentialAction":[{"@type":"SearchAction","target":{"@type":"EntryPoint","urlTemplate":"https:\/\/idnu.ch\/wordpress\/?s={search_term_string}"},"query-input":{"@type":"PropertyValueSpecification","valueRequired":true,"valueName":"search_term_string"}}],"inLanguage":"de"},{"@type":["Person","Organization"],"@id":"https:\/\/idnu.ch\/wordpress\/#\/schema\/person\/1ab8c5de743be7b019272124c19ad351","name":"Urs Kyburz","image":{"@type":"ImageObject","inLanguage":"de","@id":"https:\/\/i0.wp.com\/idnu.ch\/wordpress\/wp-content\/uploads\/2016\/02\/logo_150x165.gif?fit=3151%2C3456&ssl=1","url":"https:\/\/i0.wp.com\/idnu.ch\/wordpress\/wp-content\/uploads\/2016\/02\/logo_150x165.gif?fit=3151%2C3456&ssl=1","contentUrl":"https:\/\/i0.wp.com\/idnu.ch\/wordpress\/wp-content\/uploads\/2016\/02\/logo_150x165.gif?fit=3151%2C3456&ssl=1","width":3151,"height":3456,"caption":"Urs Kyburz"},"logo":{"@id":"https:\/\/i0.wp.com\/idnu.ch\/wordpress\/wp-content\/uploads\/2016\/02\/logo_150x165.gif?fit=3151%2C3456&ssl=1"}}]}},"jetpack_publicize_connections":[],"jetpack_featured_media_url":"https:\/\/i0.wp.com\/idnu.ch\/wordpress\/wp-content\/uploads\/2016\/10\/roggen-48.jpg?fit=1400%2C933&ssl=1","jetpack_sharing_enabled":true,"jetpack_shortlink":"https:\/\/wp.me\/p6MmGG-2hc","jetpack-related-posts":[{"id":5506,"url":"https:\/\/idnu.ch\/wordpress\/transjurane-ii-8-tage-in-8-bildern\/","url_meta":{"origin":8754,"position":0},"title":"Transjurane II &#8211; 8 Tage in 8 Bildern","author":"Urs Kyburz","date":"10. Oktober 2016","format":"gallery","excerpt":"Acht Tage waren wir unterwegs vom Mont Soleil nach Nyon an den Genfersee. F\u00fcr jeden Tag gibt es dazu ein Bild.","rel":"","context":"In &quot;Genferseegebiet (Waadt)&quot;","block_context":{"text":"Genferseegebiet (Waadt)","link":"https:\/\/idnu.ch\/wordpress\/category\/tourismusregionen\/genferseegebiet\/"},"img":{"alt_text":"","src":"https:\/\/i0.wp.com\/idnu.ch\/wordpress\/wp-content\/uploads\/2016\/10\/transjurane2-107.jpg?fit=1200%2C800&ssl=1&resize=350%2C200","width":350,"height":200,"srcset":"https:\/\/i0.wp.com\/idnu.ch\/wordpress\/wp-content\/uploads\/2016\/10\/transjurane2-107.jpg?fit=1200%2C800&ssl=1&resize=350%2C200 1x, https:\/\/i0.wp.com\/idnu.ch\/wordpress\/wp-content\/uploads\/2016\/10\/transjurane2-107.jpg?fit=1200%2C800&ssl=1&resize=525%2C300 1.5x, https:\/\/i0.wp.com\/idnu.ch\/wordpress\/wp-content\/uploads\/2016\/10\/transjurane2-107.jpg?fit=1200%2C800&ssl=1&resize=700%2C400 2x, https:\/\/i0.wp.com\/idnu.ch\/wordpress\/wp-content\/uploads\/2016\/10\/transjurane2-107.jpg?fit=1200%2C800&ssl=1&resize=1050%2C600 3x"},"classes":[]},{"id":128,"url":"https:\/\/idnu.ch\/wordpress\/herbstwandern-ueber-dem-nebel\/","url_meta":{"origin":8754,"position":1},"title":"Herbstwandern \u00fcber dem Nebel","author":"Urs Kyburz","date":"8. November 2014","format":false,"excerpt":"Ein prachtvolles Wochenende war angek\u00fcndigt, wir mussten raus. Ich hatte eine weitere Etappe des Jura-H\u00f6henweges im Sinn: Von der Salh\u00f6he oberhalb Aarau \u00fcber die Geissflue nach Hauenstein, eine Wanderung \u00fcber die erste Jurakette. Dies ist die dritte Etappe nach Staffelegg - Wasserflue - Salh\u00f6he und Staffelegg - Linner Linde -\u2026","rel":"","context":"In &quot;Aargau&quot;","block_context":{"text":"Aargau","link":"https:\/\/idnu.ch\/wordpress\/category\/kanton\/aargau\/"},"img":{"alt_text":"Wandern im Herbst","src":"https:\/\/i0.wp.com\/idnu.ch\/wordpress\/wp-content\/uploads\/2014\/11\/geissflue_0018.jpg?fit=1024%2C683&ssl=1&resize=350%2C200","width":350,"height":200,"srcset":"https:\/\/i0.wp.com\/idnu.ch\/wordpress\/wp-content\/uploads\/2014\/11\/geissflue_0018.jpg?fit=1024%2C683&ssl=1&resize=350%2C200 1x, https:\/\/i0.wp.com\/idnu.ch\/wordpress\/wp-content\/uploads\/2014\/11\/geissflue_0018.jpg?fit=1024%2C683&ssl=1&resize=525%2C300 1.5x, https:\/\/i0.wp.com\/idnu.ch\/wordpress\/wp-content\/uploads\/2014\/11\/geissflue_0018.jpg?fit=1024%2C683&ssl=1&resize=700%2C400 2x"},"classes":[]},{"id":7542,"url":"https:\/\/idnu.ch\/wordpress\/transjurane-einmal-durch-den-wilden-westen-der-schweiz\/","url_meta":{"origin":8754,"position":2},"title":"Transjurane &#8211; einmal durch den wilden Westen der Schweiz","author":"Urs Kyburz","date":"6. Mai 2017","format":false,"excerpt":"Es m\u00fcssen nicht immer die Alpen sein. Der Jura, der kleine Bruder der Alpen, ist ein ideales Einstiegsgebiet f\u00fcr das Radfahren im Gebirge. Von Basel bis an den Genfersee reicht der Gebirgszug im wilden Westen der Schweiz, eine vielf\u00e4ltige und abwechslungsreiche Landschaft, wo wir nicht weniger als drei Naturp\u00e4rke durchqueren.\u2026","rel":"","context":"In &quot;Basel&quot;","block_context":{"text":"Basel","link":"https:\/\/idnu.ch\/wordpress\/category\/kanton\/basel\/"},"img":{"alt_text":"","src":"https:\/\/i0.wp.com\/idnu.ch\/wordpress\/wp-content\/uploads\/2016\/05\/transjurane_0208.jpg?fit=1024%2C683&ssl=1&resize=350%2C200","width":350,"height":200,"srcset":"https:\/\/i0.wp.com\/idnu.ch\/wordpress\/wp-content\/uploads\/2016\/05\/transjurane_0208.jpg?fit=1024%2C683&ssl=1&resize=350%2C200 1x, https:\/\/i0.wp.com\/idnu.ch\/wordpress\/wp-content\/uploads\/2016\/05\/transjurane_0208.jpg?fit=1024%2C683&ssl=1&resize=525%2C300 1.5x, https:\/\/i0.wp.com\/idnu.ch\/wordpress\/wp-content\/uploads\/2016\/05\/transjurane_0208.jpg?fit=1024%2C683&ssl=1&resize=700%2C400 2x"},"classes":[]},{"id":180,"url":"https:\/\/idnu.ch\/wordpress\/fruehlingswanderung-kurz-vor-weihnachten\/","url_meta":{"origin":8754,"position":3},"title":"Fr\u00fchlingswanderung kurz vor Weihnachten","author":"Urs Kyburz","date":"23. Dezember 2013","format":false,"excerpt":"Eigentlich wollten wir eine Winterwanderung machen. Aber auch nur, weil es zu wenig Schnee hat. Und dann waren wir im Fr\u00fchling unterwegs! Wenn das so weiter geht, spriessen schon bald die Krokusse. Ach ja, wir wanderten von der Staffelegg nach Brugg quer durch den Jurapark. Jedenfalls beinahe. Unsere Wanderung startete\u2026","rel":"","context":"In &quot;Aargau&quot;","block_context":{"text":"Aargau","link":"https:\/\/idnu.ch\/wordpress\/category\/kanton\/aargau\/"},"img":{"alt_text":"Aussicht aufs Aaretal","src":"https:\/\/i0.wp.com\/idnu.ch\/wordpress\/wp-content\/uploads\/2013\/12\/IMG_6156.jpg?fit=900%2C600&ssl=1&resize=350%2C200","width":350,"height":200,"srcset":"https:\/\/i0.wp.com\/idnu.ch\/wordpress\/wp-content\/uploads\/2013\/12\/IMG_6156.jpg?fit=900%2C600&ssl=1&resize=350%2C200 1x, https:\/\/i0.wp.com\/idnu.ch\/wordpress\/wp-content\/uploads\/2013\/12\/IMG_6156.jpg?fit=900%2C600&ssl=1&resize=525%2C300 1.5x, https:\/\/i0.wp.com\/idnu.ch\/wordpress\/wp-content\/uploads\/2013\/12\/IMG_6156.jpg?fit=900%2C600&ssl=1&resize=700%2C400 2x"},"classes":[]},{"id":9195,"url":"https:\/\/idnu.ch\/wordpress\/durchs-wasserschloss-nach-baden\/","url_meta":{"origin":8754,"position":4},"title":"Durchs Wasserschloss nach Baden","author":"Urs Kyburz","date":"15. Januar 2018","format":false,"excerpt":"Die Familie das ganze Wochenende im Schnee und an der Sonne, ich kann nicht mit. Was also tun? Vom Jura-H\u00f6henweg sind wir bereits die Strecke von Dielsdorf bis Oensingen gewandert, nur das St\u00fcck zwischen Brugg und Baden fehlt noch. Also? Start in Brugg Hochnebel ist angesagt f\u00fcr diesen Samstag, ich\u2026","rel":"","context":"In &quot;Aargau&quot;","block_context":{"text":"Aargau","link":"https:\/\/idnu.ch\/wordpress\/category\/kanton\/aargau\/"},"img":{"alt_text":"Bahnhof und L\u00e4gern von der Ruine aus","src":"https:\/\/i0.wp.com\/idnu.ch\/wordpress\/wp-content\/uploads\/2018\/01\/brugg_baden-47-20180113.jpg?fit=1200%2C800&ssl=1&resize=350%2C200","width":350,"height":200,"srcset":"https:\/\/i0.wp.com\/idnu.ch\/wordpress\/wp-content\/uploads\/2018\/01\/brugg_baden-47-20180113.jpg?fit=1200%2C800&ssl=1&resize=350%2C200 1x, https:\/\/i0.wp.com\/idnu.ch\/wordpress\/wp-content\/uploads\/2018\/01\/brugg_baden-47-20180113.jpg?fit=1200%2C800&ssl=1&resize=525%2C300 1.5x, https:\/\/i0.wp.com\/idnu.ch\/wordpress\/wp-content\/uploads\/2018\/01\/brugg_baden-47-20180113.jpg?fit=1200%2C800&ssl=1&resize=700%2C400 2x, https:\/\/i0.wp.com\/idnu.ch\/wordpress\/wp-content\/uploads\/2018\/01\/brugg_baden-47-20180113.jpg?fit=1200%2C800&ssl=1&resize=1050%2C600 3x"},"classes":[]},{"id":5638,"url":"https:\/\/idnu.ch\/wordpress\/dem-nebel-entflohen-auf-dem-jura-hoehenweg\/","url_meta":{"origin":8754,"position":5},"title":"Dem Nebel entflohen auf dem Jura-H\u00f6henweg","author":"Urs Kyburz","date":"18. Oktober 2016","format":false,"excerpt":"Von Dielsdorf bis H\u00e4gendorf haben wir schon (fast) die ganze Jurakette abgewandert. Nun folgt ein weiteres Puzzleteil: Von H\u00e4gendorf \u00fcber den Roggen nach Oensingen. Die Motivation war umso gr\u00f6sser, als bei uns dichter Nebel herrschte und in der H\u00f6he Sonne zu erwarten war. Eine erfreuliche Begegnung im Wald Wie erwartet\u2026","rel":"","context":"In &quot;Jura &amp; Drei-Seen-Land&quot;","block_context":{"text":"Jura &amp; Drei-Seen-Land","link":"https:\/\/idnu.ch\/wordpress\/category\/tourismusregionen\/jura-drei-seen-land\/"},"img":{"alt_text":"","src":"https:\/\/i0.wp.com\/idnu.ch\/wordpress\/wp-content\/uploads\/2016\/10\/roggen-80.jpg?fit=1200%2C800&ssl=1&resize=350%2C200","width":350,"height":200,"srcset":"https:\/\/i0.wp.com\/idnu.ch\/wordpress\/wp-content\/uploads\/2016\/10\/roggen-80.jpg?fit=1200%2C800&ssl=1&resize=350%2C200 1x, https:\/\/i0.wp.com\/idnu.ch\/wordpress\/wp-content\/uploads\/2016\/10\/roggen-80.jpg?fit=1200%2C800&ssl=1&resize=525%2C300 1.5x, https:\/\/i0.wp.com\/idnu.ch\/wordpress\/wp-content\/uploads\/2016\/10\/roggen-80.jpg?fit=1200%2C800&ssl=1&resize=700%2C400 2x, https:\/\/i0.wp.com\/idnu.ch\/wordpress\/wp-content\/uploads\/2016\/10\/roggen-80.jpg?fit=1200%2C800&ssl=1&resize=1050%2C600 3x"},"classes":[]}],"jetpack_likes_enabled":true,"_links":{"self":[{"href":"https:\/\/idnu.ch\/wordpress\/wp-json\/wp\/v2\/posts\/8754","targetHints":{"allow":["GET"]}}],"collection":[{"href":"https:\/\/idnu.ch\/wordpress\/wp-json\/wp\/v2\/posts"}],"about":[{"href":"https:\/\/idnu.ch\/wordpress\/wp-json\/wp\/v2\/types\/post"}],"author":[{"embeddable":true,"href":"https:\/\/idnu.ch\/wordpress\/wp-json\/wp\/v2\/users\/2"}],"replies":[{"embeddable":true,"href":"https:\/\/idnu.ch\/wordpress\/wp-json\/wp\/v2\/comments?post=8754"}],"version-history":[{"count":8,"href":"https:\/\/idnu.ch\/wordpress\/wp-json\/wp\/v2\/posts\/8754\/revisions"}],"predecessor-version":[{"id":11609,"href":"https:\/\/idnu.ch\/wordpress\/wp-json\/wp\/v2\/posts\/8754\/revisions\/11609"}],"wp:featuredmedia":[{"embeddable":true,"href":"https:\/\/idnu.ch\/wordpress\/wp-json\/wp\/v2\/media\/5657"}],"wp:attachment":[{"href":"https:\/\/idnu.ch\/wordpress\/wp-json\/wp\/v2\/media?parent=8754"}],"wp:term":[{"taxonomy":"category","embeddable":true,"href":"https:\/\/idnu.ch\/wordpress\/wp-json\/wp\/v2\/categories?post=8754"},{"taxonomy":"post_tag","embeddable":true,"href":"https:\/\/idnu.ch\/wordpress\/wp-json\/wp\/v2\/tags?post=8754"}],"curies":[{"name":"wp","href":"https:\/\/api.w.org\/{rel}","templated":true}]}}