{"id":9243,"date":"2018-01-19T17:30:04","date_gmt":"2018-01-19T16:30:04","guid":{"rendered":"http:\/\/idnu.ch\/wordpress\/?p=9243"},"modified":"2024-01-03T16:36:09","modified_gmt":"2024-01-03T15:36:09","slug":"aeusserst-praktisch-die-rega-app","status":"publish","type":"post","link":"https:\/\/idnu.ch\/wordpress\/aeusserst-praktisch-die-rega-app\/","title":{"rendered":"\u00c4usserst praktisch: Die REGA-App"},"content":{"rendered":"<p><strong>Heutzutage ist ja kaum mehr jemand ohne Smartphone unterwegs. Millionen von Apps stehen zur Verf\u00fcgung, darunter auch viele f\u00fcr Outdoorbegeisterte wie uns. Eine darf dabei nicht fehlen: Die REGA-App.<\/strong><\/p>\n<figure id=\"attachment_9244\" aria-describedby=\"caption-attachment-9244\" style=\"width: 640px\" class=\"wp-caption aligncenter\"><img data-recalc-dims=\"1\" loading=\"lazy\" decoding=\"async\" data-attachment-id=\"9244\" data-permalink=\"https:\/\/idnu.ch\/wordpress\/aeusserst-praktisch-die-rega-app\/img_0075\/#main\" data-orig-file=\"https:\/\/i0.wp.com\/idnu.ch\/wordpress\/wp-content\/uploads\/2018\/01\/IMG_0075.jpg?fit=640%2C480&amp;ssl=1\" data-orig-size=\"640,480\" data-comments-opened=\"1\" data-image-meta=\"{&quot;aperture&quot;:&quot;1.8&quot;,&quot;credit&quot;:&quot;&quot;,&quot;camera&quot;:&quot;iPhone 7 Plus&quot;,&quot;caption&quot;:&quot;&quot;,&quot;created_timestamp&quot;:&quot;1515940175&quot;,&quot;copyright&quot;:&quot;&quot;,&quot;focal_length&quot;:&quot;3.99&quot;,&quot;iso&quot;:&quot;20&quot;,&quot;shutter_speed&quot;:&quot;0.00023998080153588&quot;,&quot;title&quot;:&quot;&quot;,&quot;orientation&quot;:&quot;1&quot;}\" data-image-title=\"REGA-Helikopter im Einsatz (Bild: Peter Weber)\" data-image-description=\"\" data-image-caption=\"&lt;p&gt;REGA-Helikopter im Einsatz (Bild: Peter Weber)&lt;\/p&gt;\n\" data-large-file=\"https:\/\/i0.wp.com\/idnu.ch\/wordpress\/wp-content\/uploads\/2018\/01\/IMG_0075.jpg?fit=640%2C480&amp;ssl=1\" class=\"wp-image-9244 size-full\" src=\"https:\/\/i0.wp.com\/idnu.ch\/wordpress\/wp-content\/uploads\/2018\/01\/IMG_0075.jpg?resize=640%2C480&#038;ssl=1\" alt=\"REGA-Helikopter im Einsatz\" width=\"640\" height=\"480\" srcset=\"https:\/\/i0.wp.com\/idnu.ch\/wordpress\/wp-content\/uploads\/2018\/01\/IMG_0075.jpg?w=640&amp;ssl=1 640w, https:\/\/i0.wp.com\/idnu.ch\/wordpress\/wp-content\/uploads\/2018\/01\/IMG_0075.jpg?resize=300%2C225&amp;ssl=1 300w, https:\/\/i0.wp.com\/idnu.ch\/wordpress\/wp-content\/uploads\/2018\/01\/IMG_0075.jpg?resize=133%2C100&amp;ssl=1 133w\" sizes=\"auto, (max-width: 640px) 100vw, 640px\" \/><figcaption id=\"caption-attachment-9244\" class=\"wp-caption-text\">REGA-Helikopter im Einsatz<\/figcaption><\/figure>\n<h1>Die Institution<\/h1>\n<p>Die Geschichte der Luftrettung und damit der <strong><a href=\"http:\/\/www.rega.ch\" target=\"_blank\" rel=\"noopener\">REGA<\/a><\/strong>, der Schweizerischen Rettungsflugwacht, begann 1946 mit dem Absturz der <a href=\"https:\/\/de.wikipedia.org\/wiki\/Flugzeugabsturz_auf_dem_Gauligletscher\" target=\"_blank\" rel=\"noopener\">Dakota auf dem Gauligletscher<\/a>. Mit einem Fieseler Storch wurde die Besatzung und die Passagiere gerettet. Die eigentliche Gr\u00fcndung fand 1952 statt. Zuerst wurden Flugzeuge und Fallschirmspringer zur Rettung eingesetzt, erst sp\u00e4ter l\u00f6sten Helikopter die Flugzeuge ab. Heute gibt es 14 Rega Helikopterbasen und eine Partnerbasis in Genf. Die Rega ist eine der angesehensten Institutionen in der Schweiz.<\/p>\n<h1>Die App<\/h1>\n<p>Am letzten Sonntag traf ein, was man sich nie w\u00fcnscht: Ein Bergunfall w\u00e4hrend des Lawinenkurses mit dem SAC Homberg. Unser J\u00fcngere st\u00fcrzte bei der Abfahrt ungl\u00fccklich und brach sich das Bein. Dies war nun die Stunde der Rega-App.<\/p>\n<figure id=\"attachment_9247\" aria-describedby=\"caption-attachment-9247\" style=\"width: 169px\" class=\"wp-caption aligncenter\"><a href=\"https:\/\/i0.wp.com\/idnu.ch\/wordpress\/wp-content\/uploads\/2018\/01\/Screenshot_20180117-182230.png?ssl=1\"><img data-recalc-dims=\"1\" loading=\"lazy\" decoding=\"async\" data-attachment-id=\"9247\" data-permalink=\"https:\/\/idnu.ch\/wordpress\/aeusserst-praktisch-die-rega-app\/screenshot_20180117-182230\/#main\" data-orig-file=\"https:\/\/i0.wp.com\/idnu.ch\/wordpress\/wp-content\/uploads\/2018\/01\/Screenshot_20180117-182230.png?fit=1080%2C1920&amp;ssl=1\" data-orig-size=\"1080,1920\" data-comments-opened=\"1\" data-image-meta=\"{&quot;aperture&quot;:&quot;0&quot;,&quot;credit&quot;:&quot;&quot;,&quot;camera&quot;:&quot;&quot;,&quot;caption&quot;:&quot;&quot;,&quot;created_timestamp&quot;:&quot;0&quot;,&quot;copyright&quot;:&quot;&quot;,&quot;focal_length&quot;:&quot;0&quot;,&quot;iso&quot;:&quot;0&quot;,&quot;shutter_speed&quot;:&quot;0&quot;,&quot;title&quot;:&quot;&quot;,&quot;orientation&quot;:&quot;0&quot;}\" data-image-title=\"Screenshot_20180117-182230\" data-image-description=\"\" data-image-caption=\"\" data-large-file=\"https:\/\/i0.wp.com\/idnu.ch\/wordpress\/wp-content\/uploads\/2018\/01\/Screenshot_20180117-182230.png?fit=576%2C1024&amp;ssl=1\" class=\"wp-image-9247 size-medium\" src=\"https:\/\/i0.wp.com\/idnu.ch\/wordpress\/wp-content\/uploads\/2018\/01\/Screenshot_20180117-182230.png?resize=169%2C300&#038;ssl=1\" alt=\"\" width=\"169\" height=\"300\" srcset=\"https:\/\/i0.wp.com\/idnu.ch\/wordpress\/wp-content\/uploads\/2018\/01\/Screenshot_20180117-182230.png?resize=169%2C300&amp;ssl=1 169w, https:\/\/i0.wp.com\/idnu.ch\/wordpress\/wp-content\/uploads\/2018\/01\/Screenshot_20180117-182230.png?resize=768%2C1365&amp;ssl=1 768w, https:\/\/i0.wp.com\/idnu.ch\/wordpress\/wp-content\/uploads\/2018\/01\/Screenshot_20180117-182230.png?resize=576%2C1024&amp;ssl=1 576w, https:\/\/i0.wp.com\/idnu.ch\/wordpress\/wp-content\/uploads\/2018\/01\/Screenshot_20180117-182230.png?resize=56%2C100&amp;ssl=1 56w, https:\/\/i0.wp.com\/idnu.ch\/wordpress\/wp-content\/uploads\/2018\/01\/Screenshot_20180117-182230.png?w=1080&amp;ssl=1 1080w\" sizes=\"auto, (max-width: 169px) 100vw, 169px\" \/><\/a><figcaption id=\"caption-attachment-9247\" class=\"wp-caption-text\">Homescreen der App<\/figcaption><\/figure>\n<h4>Alarm<\/h4>\n<p>Die App ist sehr einfach zu bedienen: Einfach den Schieber nach rechts wischen (Unterscheidung Schweiz &#8211; Ausland). Man wird dann mit der Rega-Zentrale verbunden. Der Standort wird automatisch \u00fcbermittelt, so dass das m\u00fchsame Koordinatenheraussuchen entf\u00e4llt, was unter Stress fehleranf\u00e4llig ist. Dazu muss aber nat\u00fcrlich die GPS-Funktion eingeschaltet sein. Eine kurze Kontrolle auf der Karte schadet aber nicht.<\/p>\n<figure id=\"attachment_9248\" aria-describedby=\"caption-attachment-9248\" style=\"width: 480px\" class=\"wp-caption aligncenter\"><a href=\"https:\/\/i0.wp.com\/idnu.ch\/wordpress\/wp-content\/uploads\/2018\/01\/IMG_0073.jpg?ssl=1\"><img data-recalc-dims=\"1\" loading=\"lazy\" decoding=\"async\" data-attachment-id=\"9248\" data-permalink=\"https:\/\/idnu.ch\/wordpress\/aeusserst-praktisch-die-rega-app\/img_0073\/#main\" data-orig-file=\"https:\/\/i0.wp.com\/idnu.ch\/wordpress\/wp-content\/uploads\/2018\/01\/IMG_0073-e1516288435780.jpg?fit=480%2C640&amp;ssl=1\" data-orig-size=\"480,640\" data-comments-opened=\"1\" data-image-meta=\"{&quot;aperture&quot;:&quot;1.8&quot;,&quot;credit&quot;:&quot;&quot;,&quot;camera&quot;:&quot;iPhone 7 Plus&quot;,&quot;caption&quot;:&quot;&quot;,&quot;created_timestamp&quot;:&quot;1515940111&quot;,&quot;copyright&quot;:&quot;&quot;,&quot;focal_length&quot;:&quot;3.99&quot;,&quot;iso&quot;:&quot;20&quot;,&quot;shutter_speed&quot;:&quot;0.00028200789622109&quot;,&quot;title&quot;:&quot;&quot;,&quot;orientation&quot;:&quot;6&quot;}\" data-image-title=\"IMG_0073\" data-image-description=\"\" data-image-caption=\"\" data-large-file=\"https:\/\/i0.wp.com\/idnu.ch\/wordpress\/wp-content\/uploads\/2018\/01\/IMG_0073-e1516288435780.jpg?fit=480%2C640&amp;ssl=1\" class=\"wp-image-9248 size-full\" src=\"https:\/\/i0.wp.com\/idnu.ch\/wordpress\/wp-content\/uploads\/2018\/01\/IMG_0073-e1516288435780.jpg?resize=480%2C640&#038;ssl=1\" alt=\"Der Helikopter wirbelt viel Schnee auf\" width=\"480\" height=\"640\" srcset=\"https:\/\/i0.wp.com\/idnu.ch\/wordpress\/wp-content\/uploads\/2018\/01\/IMG_0073-e1516288435780.jpg?w=480&amp;ssl=1 480w, https:\/\/i0.wp.com\/idnu.ch\/wordpress\/wp-content\/uploads\/2018\/01\/IMG_0073-e1516288435780.jpg?resize=225%2C300&amp;ssl=1 225w, https:\/\/i0.wp.com\/idnu.ch\/wordpress\/wp-content\/uploads\/2018\/01\/IMG_0073-e1516288435780.jpg?resize=75%2C100&amp;ssl=1 75w\" sizes=\"auto, (max-width: 480px) 100vw, 480px\" \/><\/a><figcaption id=\"caption-attachment-9248\" class=\"wp-caption-text\">Der Helikopter wirbelt viel Schnee auf<\/figcaption><\/figure>\n<h4>Ortung<\/h4>\n<p>Hier wird dem Benutzer der Standort auf einer Karte angezeigt, die Koordinaten erscheinen unten. Das Koordinatensystem kann gewechselt werden, standardm\u00e4ssig ist Swissgrid (1903) eingestellt.<\/p>\n<figure id=\"attachment_9249\" aria-describedby=\"caption-attachment-9249\" style=\"width: 480px\" class=\"wp-caption aligncenter\"><a href=\"https:\/\/i0.wp.com\/idnu.ch\/wordpress\/wp-content\/uploads\/2018\/01\/IMG_0078-e1516288703349.jpg?ssl=1\"><img data-recalc-dims=\"1\" loading=\"lazy\" decoding=\"async\" data-attachment-id=\"9249\" data-permalink=\"https:\/\/idnu.ch\/wordpress\/aeusserst-praktisch-die-rega-app\/img_0078\/#main\" data-orig-file=\"https:\/\/i0.wp.com\/idnu.ch\/wordpress\/wp-content\/uploads\/2018\/01\/IMG_0078-e1516288703349.jpg?fit=480%2C640&amp;ssl=1\" data-orig-size=\"480,640\" data-comments-opened=\"1\" data-image-meta=\"{&quot;aperture&quot;:&quot;1.8&quot;,&quot;credit&quot;:&quot;&quot;,&quot;camera&quot;:&quot;iPhone 7 Plus&quot;,&quot;caption&quot;:&quot;&quot;,&quot;created_timestamp&quot;:&quot;1515940666&quot;,&quot;copyright&quot;:&quot;&quot;,&quot;focal_length&quot;:&quot;3.99&quot;,&quot;iso&quot;:&quot;20&quot;,&quot;shutter_speed&quot;:&quot;0.00039698292973402&quot;,&quot;title&quot;:&quot;&quot;,&quot;orientation&quot;:&quot;6&quot;}\" data-image-title=\"Bereit f\u00fcr den Abflug\" data-image-description=\"\" data-image-caption=\"&lt;p&gt;Bereit f\u00fcr den Abflug&lt;\/p&gt;\n\" data-large-file=\"https:\/\/i0.wp.com\/idnu.ch\/wordpress\/wp-content\/uploads\/2018\/01\/IMG_0078-e1516288703349.jpg?fit=480%2C640&amp;ssl=1\" class=\"wp-image-9249 size-full\" src=\"https:\/\/i0.wp.com\/idnu.ch\/wordpress\/wp-content\/uploads\/2018\/01\/IMG_0078-e1516288703349.jpg?resize=480%2C640&#038;ssl=1\" alt=\"Bereit f\u00fcr den Abflug\" width=\"480\" height=\"640\" srcset=\"https:\/\/i0.wp.com\/idnu.ch\/wordpress\/wp-content\/uploads\/2018\/01\/IMG_0078-e1516288703349.jpg?w=480&amp;ssl=1 480w, https:\/\/i0.wp.com\/idnu.ch\/wordpress\/wp-content\/uploads\/2018\/01\/IMG_0078-e1516288703349.jpg?resize=225%2C300&amp;ssl=1 225w, https:\/\/i0.wp.com\/idnu.ch\/wordpress\/wp-content\/uploads\/2018\/01\/IMG_0078-e1516288703349.jpg?resize=75%2C100&amp;ssl=1 75w\" sizes=\"auto, (max-width: 480px) 100vw, 480px\" \/><\/a><figcaption id=\"caption-attachment-9249\" class=\"wp-caption-text\">Bereit f\u00fcr den Abflug<\/figcaption><\/figure>\n<h4>Infos<\/h4>\n<p>Hier finden wir viele Checklisten und Verhaltensregeln. Es lohnt sich, diese mal in aller Ruhe durchzulesen. Im Ernstfall erleichtern sie die richtige Rettung.<\/p>\n<figure id=\"attachment_9250\" aria-describedby=\"caption-attachment-9250\" style=\"width: 480px\" class=\"wp-caption aligncenter\"><a href=\"https:\/\/i0.wp.com\/idnu.ch\/wordpress\/wp-content\/uploads\/2018\/01\/IMG_0076.jpg?ssl=1\"><img data-recalc-dims=\"1\" loading=\"lazy\" decoding=\"async\" data-attachment-id=\"9250\" data-permalink=\"https:\/\/idnu.ch\/wordpress\/aeusserst-praktisch-die-rega-app\/img_0076\/#main\" data-orig-file=\"https:\/\/i0.wp.com\/idnu.ch\/wordpress\/wp-content\/uploads\/2018\/01\/IMG_0076-e1516288945488.jpg?fit=480%2C640&amp;ssl=1\" data-orig-size=\"480,640\" data-comments-opened=\"1\" data-image-meta=\"{&quot;aperture&quot;:&quot;1.8&quot;,&quot;credit&quot;:&quot;&quot;,&quot;camera&quot;:&quot;iPhone 7 Plus&quot;,&quot;caption&quot;:&quot;&quot;,&quot;created_timestamp&quot;:&quot;1515940261&quot;,&quot;copyright&quot;:&quot;&quot;,&quot;focal_length&quot;:&quot;3.99&quot;,&quot;iso&quot;:&quot;20&quot;,&quot;shutter_speed&quot;:&quot;0.00059488399762046&quot;,&quot;title&quot;:&quot;&quot;,&quot;orientation&quot;:&quot;6&quot;}\" data-image-title=\"Gut umsorgt von Fachleuten\" data-image-description=\"\" data-image-caption=\"&lt;p&gt;Gut umsorgt von Fachleuten&lt;\/p&gt;\n\" data-large-file=\"https:\/\/i0.wp.com\/idnu.ch\/wordpress\/wp-content\/uploads\/2018\/01\/IMG_0076-e1516288945488.jpg?fit=480%2C640&amp;ssl=1\" class=\"wp-image-9250 size-full\" src=\"https:\/\/i0.wp.com\/idnu.ch\/wordpress\/wp-content\/uploads\/2018\/01\/IMG_0076-e1516288945488.jpg?resize=480%2C640&#038;ssl=1\" alt=\"Gut umsorgt von Fachleuten\" width=\"480\" height=\"640\" srcset=\"https:\/\/i0.wp.com\/idnu.ch\/wordpress\/wp-content\/uploads\/2018\/01\/IMG_0076-e1516288945488.jpg?w=480&amp;ssl=1 480w, https:\/\/i0.wp.com\/idnu.ch\/wordpress\/wp-content\/uploads\/2018\/01\/IMG_0076-e1516288945488.jpg?resize=225%2C300&amp;ssl=1 225w, https:\/\/i0.wp.com\/idnu.ch\/wordpress\/wp-content\/uploads\/2018\/01\/IMG_0076-e1516288945488.jpg?resize=75%2C100&amp;ssl=1 75w\" sizes=\"auto, (max-width: 480px) 100vw, 480px\" \/><\/a><figcaption id=\"caption-attachment-9250\" class=\"wp-caption-text\">Gut umsorgt von Fachleuten<\/figcaption><\/figure>\n<h4>G\u00f6nner<\/h4>\n<p>Nat\u00fcrlich arbeitet auch die Rega nicht gratis. Sie ist deshalb auf G\u00f6nner angewiesen. Als verantwortungsbewusster Alpinist ist es eigentlich Pflicht, G\u00f6nner zu sein.<\/p>\n<h4>Profil<\/h4>\n<p>Hier gibt man seine pers\u00f6nlichen Daten ein.<\/p>\n<h4>Download<\/h4>\n<p>Die App kann unter diesem Link gratis heruntergeladen werden:\u00a0<a href=\"https:\/\/www.rega.ch\/im-einsatz\/so-helfen-wir-ihnen#rega-app\" target=\"_blank\" rel=\"noopener\">Die REGA-App<\/a><\/p>\n<p>Und wie ging es weiter? Der Junge flog mit seiner Mutter \u00fcber ein grandioses Nebelmeer.\u00a0 Innert k\u00fcrzester Zeit landeten sie auf dem Kantonsspital Luzern. Er wurde bestens betreut und konnte mit der Mutter noch am gleichen Abend mit eingegipstem Bein wieder nach Hause. An dieser Stelle ein herzliches Dankesch\u00f6n an die Regacrew und das Notfallteam. Wir haben wieder einmal erfahren, was f\u00fcr ein ausgezeichnetes Gesundheits- und Rettungswesen wir hier in der Schweiz haben.<\/p>\n<p>Und wichtig: Die Telefonnummer <strong>1414<\/strong>\u00a0f\u00fcr den Regaalarm gilt nat\u00fcrlich nach wie vor!<\/p>\n<h1>Andere L\u00e4nder<\/h1>\n<p>Eine kurze Recherche hat ergeben, dass es nur noch f\u00fcr <strong>Tirol<\/strong> eine \u00e4hnliche App gibt. Sie kann unter diesen Links heruntergeladen werden:<br \/>\n<a href=\"https:\/\/www.tirol.gv.at\/sport\/richtlinien-und-initiativen\/notfall-tirol-app\/\" target=\"_blank\" rel=\"noopener\">&#8222;Notfall Tirol&#8220; App<\/a><\/p>\n<p>(Alle Bilder: Peter Weber)<\/p>\n","protected":false},"excerpt":{"rendered":"<p>Heutzutage ist ja kaum mehr jemand ohne Smartphone unterwegs. Millionen von Apps stehen&#8230;<\/p>\n","protected":false},"author":2,"featured_media":9244,"comment_status":"open","ping_status":"open","sticky":false,"template":"","format":"standard","meta":{"_monsterinsights_skip_tracking":false,"_monsterinsights_sitenote_active":false,"_monsterinsights_sitenote_note":"","_monsterinsights_sitenote_category":0,"jetpack_post_was_ever_published":false,"_jetpack_newsletter_access":"","_jetpack_dont_email_post_to_subs":false,"_jetpack_newsletter_tier_id":0,"_jetpack_memberships_contains_paywalled_content":false,"_jetpack_memberships_contains_paid_content":false,"footnotes":"","jetpack_publicize_message":"\u00c4usserst praktisch und sollte auf jedem Smartphone sein: Die REGA-App","jetpack_publicize_feature_enabled":true,"jetpack_social_post_already_shared":true,"jetpack_social_options":{"image_generator_settings":{"template":"highway","default_image_id":0,"font":"","enabled":false},"version":2}},"categories":[1059],"tags":[1062,1061,584,585,1042,1063,1060,658],"class_list":["post-9243","post","type-post","status-publish","format-standard","has-post-thumbnail","hentry","category-outdoor-apps","tag-app","tag-bergrettung","tag-lawine","tag-lawinenkurs","tag-lawinenverschuettetensuchgeraet","tag-outdoorapp","tag-rega","tag-rettung"],"geo":null,"yoast_head":"<!-- This site is optimized with the Yoast SEO plugin v27.4 - https:\/\/yoast.com\/product\/yoast-seo-wordpress\/ -->\n<title>\u00c4usserst praktisch: Die REGA-App - In der Natur unterwegs<\/title>\n<meta name=\"description\" content=\"Heutzutage ist ja kaum mehr jemand ohne Smartphone unterwegs. Millionen von Apps stehen zur Verf\u00fcgung. Eine darf dabei nicht fehlen: Die REGA-App.\" \/>\n<meta name=\"robots\" content=\"index, follow, max-snippet:-1, max-image-preview:large, max-video-preview:-1\" \/>\n<link rel=\"canonical\" href=\"https:\/\/idnu.ch\/wordpress\/aeusserst-praktisch-die-rega-app\/\" \/>\n<meta property=\"og:locale\" content=\"de_DE\" \/>\n<meta property=\"og:type\" content=\"article\" \/>\n<meta property=\"og:title\" content=\"\u00c4usserst praktisch: Die REGA-App - In der Natur unterwegs\" \/>\n<meta property=\"og:description\" content=\"Heutzutage ist ja kaum mehr jemand ohne Smartphone unterwegs. Millionen von Apps stehen zur Verf\u00fcgung. Eine darf dabei nicht fehlen: Die REGA-App.\" \/>\n<meta property=\"og:url\" content=\"https:\/\/idnu.ch\/wordpress\/aeusserst-praktisch-die-rega-app\/\" \/>\n<meta property=\"og:site_name\" content=\"In der Natur unterwegs\" \/>\n<meta property=\"article:published_time\" content=\"2018-01-19T16:30:04+00:00\" \/>\n<meta property=\"article:modified_time\" content=\"2024-01-03T15:36:09+00:00\" \/>\n<meta property=\"og:image\" content=\"https:\/\/idnu.ch\/wordpress\/wp-content\/uploads\/2018\/01\/IMG_0075.jpg\" \/>\n\t<meta property=\"og:image:width\" content=\"640\" \/>\n\t<meta property=\"og:image:height\" content=\"480\" \/>\n\t<meta property=\"og:image:type\" content=\"image\/jpeg\" \/>\n<meta name=\"author\" content=\"Urs Kyburz\" \/>\n<meta name=\"twitter:card\" content=\"summary_large_image\" \/>\n<meta name=\"twitter:creator\" content=\"@idnu_ch\" \/>\n<meta name=\"twitter:site\" content=\"@idnu_ch\" \/>\n<meta name=\"twitter:label1\" content=\"Verfasst von\" \/>\n\t<meta name=\"twitter:data1\" content=\"Urs Kyburz\" \/>\n\t<meta name=\"twitter:label2\" content=\"Gesch\u00e4tzte Lesezeit\" \/>\n\t<meta name=\"twitter:data2\" content=\"4\u00a0Minuten\" \/>\n<script type=\"application\/ld+json\" class=\"yoast-schema-graph\">{\"@context\":\"https:\\\/\\\/schema.org\",\"@graph\":[{\"@type\":\"Article\",\"@id\":\"https:\\\/\\\/idnu.ch\\\/wordpress\\\/aeusserst-praktisch-die-rega-app\\\/#article\",\"isPartOf\":{\"@id\":\"https:\\\/\\\/idnu.ch\\\/wordpress\\\/aeusserst-praktisch-die-rega-app\\\/\"},\"author\":{\"name\":\"Urs Kyburz\",\"@id\":\"https:\\\/\\\/idnu.ch\\\/wordpress\\\/#\\\/schema\\\/person\\\/1ab8c5de743be7b019272124c19ad351\"},\"headline\":\"\u00c4usserst praktisch: Die REGA-App\",\"datePublished\":\"2018-01-19T16:30:04+00:00\",\"dateModified\":\"2024-01-03T15:36:09+00:00\",\"mainEntityOfPage\":{\"@id\":\"https:\\\/\\\/idnu.ch\\\/wordpress\\\/aeusserst-praktisch-die-rega-app\\\/\"},\"wordCount\":495,\"commentCount\":1,\"publisher\":{\"@id\":\"https:\\\/\\\/idnu.ch\\\/wordpress\\\/#\\\/schema\\\/person\\\/1ab8c5de743be7b019272124c19ad351\"},\"image\":{\"@id\":\"https:\\\/\\\/idnu.ch\\\/wordpress\\\/aeusserst-praktisch-die-rega-app\\\/#primaryimage\"},\"thumbnailUrl\":\"https:\\\/\\\/i0.wp.com\\\/idnu.ch\\\/wordpress\\\/wp-content\\\/uploads\\\/2018\\\/01\\\/IMG_0075.jpg?fit=640%2C480&ssl=1\",\"keywords\":[\"app\",\"Bergrettung\",\"Lawine\",\"Lawinenkurs\",\"Lawinenversch\u00fcttetensuchger\u00e4t\",\"outdoorapp\",\"Rega\",\"Rettung\"],\"articleSection\":[\"Outdoor-Apps\"],\"inLanguage\":\"de\",\"potentialAction\":[{\"@type\":\"CommentAction\",\"name\":\"Comment\",\"target\":[\"https:\\\/\\\/idnu.ch\\\/wordpress\\\/aeusserst-praktisch-die-rega-app\\\/#respond\"]}]},{\"@type\":\"WebPage\",\"@id\":\"https:\\\/\\\/idnu.ch\\\/wordpress\\\/aeusserst-praktisch-die-rega-app\\\/\",\"url\":\"https:\\\/\\\/idnu.ch\\\/wordpress\\\/aeusserst-praktisch-die-rega-app\\\/\",\"name\":\"\u00c4usserst praktisch: Die REGA-App - In der Natur unterwegs\",\"isPartOf\":{\"@id\":\"https:\\\/\\\/idnu.ch\\\/wordpress\\\/#website\"},\"primaryImageOfPage\":{\"@id\":\"https:\\\/\\\/idnu.ch\\\/wordpress\\\/aeusserst-praktisch-die-rega-app\\\/#primaryimage\"},\"image\":{\"@id\":\"https:\\\/\\\/idnu.ch\\\/wordpress\\\/aeusserst-praktisch-die-rega-app\\\/#primaryimage\"},\"thumbnailUrl\":\"https:\\\/\\\/i0.wp.com\\\/idnu.ch\\\/wordpress\\\/wp-content\\\/uploads\\\/2018\\\/01\\\/IMG_0075.jpg?fit=640%2C480&ssl=1\",\"datePublished\":\"2018-01-19T16:30:04+00:00\",\"dateModified\":\"2024-01-03T15:36:09+00:00\",\"description\":\"Heutzutage ist ja kaum mehr jemand ohne Smartphone unterwegs. Millionen von Apps stehen zur Verf\u00fcgung. Eine darf dabei nicht fehlen: Die REGA-App.\",\"breadcrumb\":{\"@id\":\"https:\\\/\\\/idnu.ch\\\/wordpress\\\/aeusserst-praktisch-die-rega-app\\\/#breadcrumb\"},\"inLanguage\":\"de\",\"potentialAction\":[{\"@type\":\"ReadAction\",\"target\":[\"https:\\\/\\\/idnu.ch\\\/wordpress\\\/aeusserst-praktisch-die-rega-app\\\/\"]}]},{\"@type\":\"ImageObject\",\"inLanguage\":\"de\",\"@id\":\"https:\\\/\\\/idnu.ch\\\/wordpress\\\/aeusserst-praktisch-die-rega-app\\\/#primaryimage\",\"url\":\"https:\\\/\\\/i0.wp.com\\\/idnu.ch\\\/wordpress\\\/wp-content\\\/uploads\\\/2018\\\/01\\\/IMG_0075.jpg?fit=640%2C480&ssl=1\",\"contentUrl\":\"https:\\\/\\\/i0.wp.com\\\/idnu.ch\\\/wordpress\\\/wp-content\\\/uploads\\\/2018\\\/01\\\/IMG_0075.jpg?fit=640%2C480&ssl=1\",\"width\":640,\"height\":480,\"caption\":\"REGA-Helikopter im Einsatz (Bild: Peter Weber)\"},{\"@type\":\"BreadcrumbList\",\"@id\":\"https:\\\/\\\/idnu.ch\\\/wordpress\\\/aeusserst-praktisch-die-rega-app\\\/#breadcrumb\",\"itemListElement\":[{\"@type\":\"ListItem\",\"position\":1,\"name\":\"Startseite\",\"item\":\"https:\\\/\\\/idnu.ch\\\/wordpress\\\/\"},{\"@type\":\"ListItem\",\"position\":2,\"name\":\"\u00c4usserst praktisch: Die REGA-App\"}]},{\"@type\":\"WebSite\",\"@id\":\"https:\\\/\\\/idnu.ch\\\/wordpress\\\/#website\",\"url\":\"https:\\\/\\\/idnu.ch\\\/wordpress\\\/\",\"name\":\"In der Natur unterwegs\",\"description\":\"Dort, wo es am sch\u00f6nsten ist\",\"publisher\":{\"@id\":\"https:\\\/\\\/idnu.ch\\\/wordpress\\\/#\\\/schema\\\/person\\\/1ab8c5de743be7b019272124c19ad351\"},\"potentialAction\":[{\"@type\":\"SearchAction\",\"target\":{\"@type\":\"EntryPoint\",\"urlTemplate\":\"https:\\\/\\\/idnu.ch\\\/wordpress\\\/?s={search_term_string}\"},\"query-input\":{\"@type\":\"PropertyValueSpecification\",\"valueRequired\":true,\"valueName\":\"search_term_string\"}}],\"inLanguage\":\"de\"},{\"@type\":[\"Person\",\"Organization\"],\"@id\":\"https:\\\/\\\/idnu.ch\\\/wordpress\\\/#\\\/schema\\\/person\\\/1ab8c5de743be7b019272124c19ad351\",\"name\":\"Urs Kyburz\",\"image\":{\"@type\":\"ImageObject\",\"inLanguage\":\"de\",\"@id\":\"https:\\\/\\\/i0.wp.com\\\/idnu.ch\\\/wordpress\\\/wp-content\\\/uploads\\\/2016\\\/02\\\/logo_150x165.gif?fit=3151%2C3456&ssl=1\",\"url\":\"https:\\\/\\\/i0.wp.com\\\/idnu.ch\\\/wordpress\\\/wp-content\\\/uploads\\\/2016\\\/02\\\/logo_150x165.gif?fit=3151%2C3456&ssl=1\",\"contentUrl\":\"https:\\\/\\\/i0.wp.com\\\/idnu.ch\\\/wordpress\\\/wp-content\\\/uploads\\\/2016\\\/02\\\/logo_150x165.gif?fit=3151%2C3456&ssl=1\",\"width\":3151,\"height\":3456,\"caption\":\"Urs Kyburz\"},\"logo\":{\"@id\":\"https:\\\/\\\/i0.wp.com\\\/idnu.ch\\\/wordpress\\\/wp-content\\\/uploads\\\/2016\\\/02\\\/logo_150x165.gif?fit=3151%2C3456&ssl=1\"}}]}<\/script>\n<!-- \/ Yoast SEO plugin. -->","yoast_head_json":{"title":"\u00c4usserst praktisch: Die REGA-App - In der Natur unterwegs","description":"Heutzutage ist ja kaum mehr jemand ohne Smartphone unterwegs. Millionen von Apps stehen zur Verf\u00fcgung. Eine darf dabei nicht fehlen: Die REGA-App.","robots":{"index":"index","follow":"follow","max-snippet":"max-snippet:-1","max-image-preview":"max-image-preview:large","max-video-preview":"max-video-preview:-1"},"canonical":"https:\/\/idnu.ch\/wordpress\/aeusserst-praktisch-die-rega-app\/","og_locale":"de_DE","og_type":"article","og_title":"\u00c4usserst praktisch: Die REGA-App - In der Natur unterwegs","og_description":"Heutzutage ist ja kaum mehr jemand ohne Smartphone unterwegs. Millionen von Apps stehen zur Verf\u00fcgung. Eine darf dabei nicht fehlen: Die REGA-App.","og_url":"https:\/\/idnu.ch\/wordpress\/aeusserst-praktisch-die-rega-app\/","og_site_name":"In der Natur unterwegs","article_published_time":"2018-01-19T16:30:04+00:00","article_modified_time":"2024-01-03T15:36:09+00:00","og_image":[{"width":640,"height":480,"url":"https:\/\/idnu.ch\/wordpress\/wp-content\/uploads\/2018\/01\/IMG_0075.jpg","type":"image\/jpeg"}],"author":"Urs Kyburz","twitter_card":"summary_large_image","twitter_creator":"@idnu_ch","twitter_site":"@idnu_ch","twitter_misc":{"Verfasst von":"Urs Kyburz","Gesch\u00e4tzte Lesezeit":"4\u00a0Minuten"},"schema":{"@context":"https:\/\/schema.org","@graph":[{"@type":"Article","@id":"https:\/\/idnu.ch\/wordpress\/aeusserst-praktisch-die-rega-app\/#article","isPartOf":{"@id":"https:\/\/idnu.ch\/wordpress\/aeusserst-praktisch-die-rega-app\/"},"author":{"name":"Urs Kyburz","@id":"https:\/\/idnu.ch\/wordpress\/#\/schema\/person\/1ab8c5de743be7b019272124c19ad351"},"headline":"\u00c4usserst praktisch: Die REGA-App","datePublished":"2018-01-19T16:30:04+00:00","dateModified":"2024-01-03T15:36:09+00:00","mainEntityOfPage":{"@id":"https:\/\/idnu.ch\/wordpress\/aeusserst-praktisch-die-rega-app\/"},"wordCount":495,"commentCount":1,"publisher":{"@id":"https:\/\/idnu.ch\/wordpress\/#\/schema\/person\/1ab8c5de743be7b019272124c19ad351"},"image":{"@id":"https:\/\/idnu.ch\/wordpress\/aeusserst-praktisch-die-rega-app\/#primaryimage"},"thumbnailUrl":"https:\/\/i0.wp.com\/idnu.ch\/wordpress\/wp-content\/uploads\/2018\/01\/IMG_0075.jpg?fit=640%2C480&ssl=1","keywords":["app","Bergrettung","Lawine","Lawinenkurs","Lawinenversch\u00fcttetensuchger\u00e4t","outdoorapp","Rega","Rettung"],"articleSection":["Outdoor-Apps"],"inLanguage":"de","potentialAction":[{"@type":"CommentAction","name":"Comment","target":["https:\/\/idnu.ch\/wordpress\/aeusserst-praktisch-die-rega-app\/#respond"]}]},{"@type":"WebPage","@id":"https:\/\/idnu.ch\/wordpress\/aeusserst-praktisch-die-rega-app\/","url":"https:\/\/idnu.ch\/wordpress\/aeusserst-praktisch-die-rega-app\/","name":"\u00c4usserst praktisch: Die REGA-App - In der Natur unterwegs","isPartOf":{"@id":"https:\/\/idnu.ch\/wordpress\/#website"},"primaryImageOfPage":{"@id":"https:\/\/idnu.ch\/wordpress\/aeusserst-praktisch-die-rega-app\/#primaryimage"},"image":{"@id":"https:\/\/idnu.ch\/wordpress\/aeusserst-praktisch-die-rega-app\/#primaryimage"},"thumbnailUrl":"https:\/\/i0.wp.com\/idnu.ch\/wordpress\/wp-content\/uploads\/2018\/01\/IMG_0075.jpg?fit=640%2C480&ssl=1","datePublished":"2018-01-19T16:30:04+00:00","dateModified":"2024-01-03T15:36:09+00:00","description":"Heutzutage ist ja kaum mehr jemand ohne Smartphone unterwegs. Millionen von Apps stehen zur Verf\u00fcgung. Eine darf dabei nicht fehlen: Die REGA-App.","breadcrumb":{"@id":"https:\/\/idnu.ch\/wordpress\/aeusserst-praktisch-die-rega-app\/#breadcrumb"},"inLanguage":"de","potentialAction":[{"@type":"ReadAction","target":["https:\/\/idnu.ch\/wordpress\/aeusserst-praktisch-die-rega-app\/"]}]},{"@type":"ImageObject","inLanguage":"de","@id":"https:\/\/idnu.ch\/wordpress\/aeusserst-praktisch-die-rega-app\/#primaryimage","url":"https:\/\/i0.wp.com\/idnu.ch\/wordpress\/wp-content\/uploads\/2018\/01\/IMG_0075.jpg?fit=640%2C480&ssl=1","contentUrl":"https:\/\/i0.wp.com\/idnu.ch\/wordpress\/wp-content\/uploads\/2018\/01\/IMG_0075.jpg?fit=640%2C480&ssl=1","width":640,"height":480,"caption":"REGA-Helikopter im Einsatz (Bild: Peter Weber)"},{"@type":"BreadcrumbList","@id":"https:\/\/idnu.ch\/wordpress\/aeusserst-praktisch-die-rega-app\/#breadcrumb","itemListElement":[{"@type":"ListItem","position":1,"name":"Startseite","item":"https:\/\/idnu.ch\/wordpress\/"},{"@type":"ListItem","position":2,"name":"\u00c4usserst praktisch: Die REGA-App"}]},{"@type":"WebSite","@id":"https:\/\/idnu.ch\/wordpress\/#website","url":"https:\/\/idnu.ch\/wordpress\/","name":"In der Natur unterwegs","description":"Dort, wo es am sch\u00f6nsten ist","publisher":{"@id":"https:\/\/idnu.ch\/wordpress\/#\/schema\/person\/1ab8c5de743be7b019272124c19ad351"},"potentialAction":[{"@type":"SearchAction","target":{"@type":"EntryPoint","urlTemplate":"https:\/\/idnu.ch\/wordpress\/?s={search_term_string}"},"query-input":{"@type":"PropertyValueSpecification","valueRequired":true,"valueName":"search_term_string"}}],"inLanguage":"de"},{"@type":["Person","Organization"],"@id":"https:\/\/idnu.ch\/wordpress\/#\/schema\/person\/1ab8c5de743be7b019272124c19ad351","name":"Urs Kyburz","image":{"@type":"ImageObject","inLanguage":"de","@id":"https:\/\/i0.wp.com\/idnu.ch\/wordpress\/wp-content\/uploads\/2016\/02\/logo_150x165.gif?fit=3151%2C3456&ssl=1","url":"https:\/\/i0.wp.com\/idnu.ch\/wordpress\/wp-content\/uploads\/2016\/02\/logo_150x165.gif?fit=3151%2C3456&ssl=1","contentUrl":"https:\/\/i0.wp.com\/idnu.ch\/wordpress\/wp-content\/uploads\/2016\/02\/logo_150x165.gif?fit=3151%2C3456&ssl=1","width":3151,"height":3456,"caption":"Urs Kyburz"},"logo":{"@id":"https:\/\/i0.wp.com\/idnu.ch\/wordpress\/wp-content\/uploads\/2016\/02\/logo_150x165.gif?fit=3151%2C3456&ssl=1"}}]}},"jetpack_publicize_connections":[],"jetpack_featured_media_url":"https:\/\/i0.wp.com\/idnu.ch\/wordpress\/wp-content\/uploads\/2018\/01\/IMG_0075.jpg?fit=640%2C480&ssl=1","jetpack_sharing_enabled":true,"jetpack_shortlink":"https:\/\/wp.me\/p6MmGG-2p5","jetpack-related-posts":[{"id":11814,"url":"https:\/\/idnu.ch\/wordpress\/white-risk-die-aktuelle-lawinensituation-ueberall-dabei\/","url_meta":{"origin":9243,"position":0},"title":"White Risk &#8211; die aktuelle Lawinensituation \u00fcberall dabei","author":"Urs Kyburz","date":"21. Februar 2019","format":false,"excerpt":"F\u00fcr Skitoureng\u00e4nger ist diese App unabdingbar. Mit White Risk kann die aktuelle Lawinensituation \u00fcberall in der Schweiz abgerufen werden, jedenfalls, wenn man Netzverbindung hat. Aber sie bietet noch weitaus mehr, in der Abo-Version kann man auch Touren planen. Aber eins nach dem anderen. \u00dcbersicht Lawinensituation Wie auf der Website kriegt\u2026","rel":"","context":"In &quot;Outdoor-Apps&quot;","block_context":{"text":"Outdoor-Apps","link":"https:\/\/idnu.ch\/wordpress\/category\/tipps_tricks\/outdoor-apps\/"},"img":{"alt_text":"","src":"https:\/\/i0.wp.com\/idnu.ch\/wordpress\/wp-content\/uploads\/2019\/02\/feature_image.jpg?fit=576%2C433&ssl=1&resize=350%2C200","width":350,"height":200,"srcset":"https:\/\/i0.wp.com\/idnu.ch\/wordpress\/wp-content\/uploads\/2019\/02\/feature_image.jpg?fit=576%2C433&ssl=1&resize=350%2C200 1x, https:\/\/i0.wp.com\/idnu.ch\/wordpress\/wp-content\/uploads\/2019\/02\/feature_image.jpg?fit=576%2C433&ssl=1&resize=525%2C300 1.5x"},"classes":[]},{"id":2564,"url":"https:\/\/idnu.ch\/wordpress\/stuermisches-wochenende-am-oberalppass\/","url_meta":{"origin":9243,"position":1},"title":"St\u00fcrmisches Wochenende am Oberalppass","author":"Urs Kyburz","date":"20. Januar 2016","format":false,"excerpt":"Skifahren neben der Piste wird immer attraktiver. Der SAC Homberg war schon immer dort unterwegs auf Skitouren. Um Ungl\u00fccke zu verhindern, findet allj\u00e4hrlich der Lawinenkurs statt, so auch in diesem Jahr. Die Wetteraussichten waren nicht rosig, Schneefall, Sturm und kalte Temperaturen waren angesagt. Also ideal, f\u00fcr einen Kurs. Es wurde\u2026","rel":"","context":"In &quot;Graub\u00fcnden&quot;","block_context":{"text":"Graub\u00fcnden","link":"https:\/\/idnu.ch\/wordpress\/category\/kanton\/graubuenden\/"},"img":{"alt_text":"Ein bunte Schar wartet auf die Weiterfahrt","src":"https:\/\/i0.wp.com\/idnu.ch\/wordpress\/wp-content\/uploads\/2016\/01\/maighels_0005.jpg?fit=1200%2C900&ssl=1&resize=350%2C200","width":350,"height":200,"srcset":"https:\/\/i0.wp.com\/idnu.ch\/wordpress\/wp-content\/uploads\/2016\/01\/maighels_0005.jpg?fit=1200%2C900&ssl=1&resize=350%2C200 1x, https:\/\/i0.wp.com\/idnu.ch\/wordpress\/wp-content\/uploads\/2016\/01\/maighels_0005.jpg?fit=1200%2C900&ssl=1&resize=525%2C300 1.5x, https:\/\/i0.wp.com\/idnu.ch\/wordpress\/wp-content\/uploads\/2016\/01\/maighels_0005.jpg?fit=1200%2C900&ssl=1&resize=700%2C400 2x, https:\/\/i0.wp.com\/idnu.ch\/wordpress\/wp-content\/uploads\/2016\/01\/maighels_0005.jpg?fit=1200%2C900&ssl=1&resize=1050%2C600 3x"},"classes":[]},{"id":9259,"url":"https:\/\/idnu.ch\/wordpress\/ein-seltenes-ereignis\/","url_meta":{"origin":9243,"position":2},"title":"Ein seltenes Ereignis","author":"Urs Kyburz","date":"21. Januar 2018","format":"image","excerpt":"Sieht man auch nur selten: Sehr grosse Lawinengefahr Stufe 5. Hoffen wir, dass niemand zu Schaden kommt. Informiert euch gut auf der Seite des SLF (www.slf.ch).","rel":"","context":"In &quot;Winter&quot;","block_context":{"text":"Winter","link":"https:\/\/idnu.ch\/wordpress\/category\/winter\/"},"img":{"alt_text":"Lawinenbulleting 21.01.2018","src":"https:\/\/i0.wp.com\/idnu.ch\/wordpress\/wp-content\/uploads\/2018\/01\/lawinenbulletin_2018-01-21_17h13_18.png?fit=1015%2C820&ssl=1&resize=350%2C200","width":350,"height":200,"srcset":"https:\/\/i0.wp.com\/idnu.ch\/wordpress\/wp-content\/uploads\/2018\/01\/lawinenbulletin_2018-01-21_17h13_18.png?fit=1015%2C820&ssl=1&resize=350%2C200 1x, https:\/\/i0.wp.com\/idnu.ch\/wordpress\/wp-content\/uploads\/2018\/01\/lawinenbulletin_2018-01-21_17h13_18.png?fit=1015%2C820&ssl=1&resize=525%2C300 1.5x, https:\/\/i0.wp.com\/idnu.ch\/wordpress\/wp-content\/uploads\/2018\/01\/lawinenbulletin_2018-01-21_17h13_18.png?fit=1015%2C820&ssl=1&resize=700%2C400 2x"},"classes":[]},{"id":215,"url":"https:\/\/idnu.ch\/wordpress\/iphone-und-lvs-keine-freunde\/","url_meta":{"origin":9243,"position":3},"title":"iPhone und LVS: Keine Freunde","author":"Urs Kyburz","date":"15. Februar 2013","format":false,"excerpt":"Vor kurzem erreichte mich folgendes Mail von einem Kollegen: \"...Kurz unterhalb des Gipfels sehe ich eine Einfahrtsspur und ein relativgrosser Kegel einer frischen Schneebrettlawine.Da f\u00fcr uns nicht klar war, obdie Ausfahrtsspuren von diesem Fahrer stammten, hab ich mal den Lawinenkegelim Aufstieg abgesucht.Ger\u00e4t Mammut Element:(Kegel ca 50m breit und 200mlang)Pl\u00f6tzlich nach\u2026","rel":"","context":"In &quot;Tipps &amp; Tricks&quot;","block_context":{"text":"Tipps &amp; Tricks","link":"https:\/\/idnu.ch\/wordpress\/category\/tipps_tricks\/"},"img":{"alt_text":"","src":"https:\/\/i0.wp.com\/idnu.ch\/wordpress\/wp-content\/uploads\/2018\/01\/lvs_smartphone_180101_004.jpg?fit=1200%2C799&ssl=1&resize=350%2C200","width":350,"height":200,"srcset":"https:\/\/i0.wp.com\/idnu.ch\/wordpress\/wp-content\/uploads\/2018\/01\/lvs_smartphone_180101_004.jpg?fit=1200%2C799&ssl=1&resize=350%2C200 1x, https:\/\/i0.wp.com\/idnu.ch\/wordpress\/wp-content\/uploads\/2018\/01\/lvs_smartphone_180101_004.jpg?fit=1200%2C799&ssl=1&resize=525%2C300 1.5x, https:\/\/i0.wp.com\/idnu.ch\/wordpress\/wp-content\/uploads\/2018\/01\/lvs_smartphone_180101_004.jpg?fit=1200%2C799&ssl=1&resize=700%2C400 2x, https:\/\/i0.wp.com\/idnu.ch\/wordpress\/wp-content\/uploads\/2018\/01\/lvs_smartphone_180101_004.jpg?fit=1200%2C799&ssl=1&resize=1050%2C600 3x"},"classes":[]},{"id":118,"url":"https:\/\/idnu.ch\/wordpress\/familienbande-am-lawinenkurs\/","url_meta":{"origin":9243,"position":4},"title":"Familienbande am Lawinenkurs","author":"Urs Kyburz","date":"13. Januar 2015","format":false,"excerpt":"Der allj\u00e4hrliche Lawinenkurs des SAC Homberg fand \u00fcber das zweite Januarwochenende statt. Der Plan war, in den\u00a0Flumserbergen\u00a0auf den Maschgenkamm zu fahren per Bahn, dann Abfahrt und Wiederaufstieg in die\u00a0Spitzmeilenh\u00fctte, am zweiten Tag eine kleine Anwendungstour. Gekommen ist es dann anders. Wir besammelten uns bei der Talstation der Maschgenkammbahn. Leider prangte\u2026","rel":"","context":"In &quot;Ostschweiz\/Liechtenstein&quot;","block_context":{"text":"Ostschweiz\/Liechtenstein","link":"https:\/\/idnu.ch\/wordpress\/category\/tourismusregionen\/ostschweiz-liechtenstein\/"},"img":{"alt_text":"","src":"https:\/\/i0.wp.com\/idnu.ch\/wordpress\/wp-content\/uploads\/2015\/01\/lwk_spitzmeilen_0027.jpg?fit=1024%2C768&ssl=1&resize=350%2C200","width":350,"height":200,"srcset":"https:\/\/i0.wp.com\/idnu.ch\/wordpress\/wp-content\/uploads\/2015\/01\/lwk_spitzmeilen_0027.jpg?fit=1024%2C768&ssl=1&resize=350%2C200 1x, https:\/\/i0.wp.com\/idnu.ch\/wordpress\/wp-content\/uploads\/2015\/01\/lwk_spitzmeilen_0027.jpg?fit=1024%2C768&ssl=1&resize=525%2C300 1.5x, https:\/\/i0.wp.com\/idnu.ch\/wordpress\/wp-content\/uploads\/2015\/01\/lwk_spitzmeilen_0027.jpg?fit=1024%2C768&ssl=1&resize=700%2C400 2x"},"classes":[]},{"id":9105,"url":"https:\/\/idnu.ch\/wordpress\/smartphone-vs-lvs\/","url_meta":{"origin":9243,"position":5},"title":"Smartphone vs. LVS","author":"Urs Kyburz","date":"1. Januar 2018","format":false,"excerpt":"Inzwischen sollte unter Skitourengehern ja bekannt sein, dass sich LVS und Smartphone nicht so gut vertragen. Empfohlen wird ein Mindestabstand von 1 Meter zwischen den beiden Ger\u00e4ten. Wie sich das auswirken kann, stellten k\u00fcrzlich meine Frau und ich fest. Ich sass am Tisch, das Handy neben mir, sie vis-\u00e0-vis und\u2026","rel":"","context":"In &quot;Tipps &amp; Tricks&quot;","block_context":{"text":"Tipps &amp; Tricks","link":"https:\/\/idnu.ch\/wordpress\/category\/tipps_tricks\/"},"img":{"alt_text":"","src":"https:\/\/i0.wp.com\/idnu.ch\/wordpress\/wp-content\/uploads\/2018\/01\/lvs_smartphone_180101_004.jpg?fit=1200%2C799&ssl=1&resize=350%2C200","width":350,"height":200,"srcset":"https:\/\/i0.wp.com\/idnu.ch\/wordpress\/wp-content\/uploads\/2018\/01\/lvs_smartphone_180101_004.jpg?fit=1200%2C799&ssl=1&resize=350%2C200 1x, https:\/\/i0.wp.com\/idnu.ch\/wordpress\/wp-content\/uploads\/2018\/01\/lvs_smartphone_180101_004.jpg?fit=1200%2C799&ssl=1&resize=525%2C300 1.5x, https:\/\/i0.wp.com\/idnu.ch\/wordpress\/wp-content\/uploads\/2018\/01\/lvs_smartphone_180101_004.jpg?fit=1200%2C799&ssl=1&resize=700%2C400 2x, https:\/\/i0.wp.com\/idnu.ch\/wordpress\/wp-content\/uploads\/2018\/01\/lvs_smartphone_180101_004.jpg?fit=1200%2C799&ssl=1&resize=1050%2C600 3x"},"classes":[]}],"jetpack_likes_enabled":true,"_links":{"self":[{"href":"https:\/\/idnu.ch\/wordpress\/wp-json\/wp\/v2\/posts\/9243","targetHints":{"allow":["GET"]}}],"collection":[{"href":"https:\/\/idnu.ch\/wordpress\/wp-json\/wp\/v2\/posts"}],"about":[{"href":"https:\/\/idnu.ch\/wordpress\/wp-json\/wp\/v2\/types\/post"}],"author":[{"embeddable":true,"href":"https:\/\/idnu.ch\/wordpress\/wp-json\/wp\/v2\/users\/2"}],"replies":[{"embeddable":true,"href":"https:\/\/idnu.ch\/wordpress\/wp-json\/wp\/v2\/comments?post=9243"}],"version-history":[{"count":11,"href":"https:\/\/idnu.ch\/wordpress\/wp-json\/wp\/v2\/posts\/9243\/revisions"}],"predecessor-version":[{"id":25236,"href":"https:\/\/idnu.ch\/wordpress\/wp-json\/wp\/v2\/posts\/9243\/revisions\/25236"}],"wp:featuredmedia":[{"embeddable":true,"href":"https:\/\/idnu.ch\/wordpress\/wp-json\/wp\/v2\/media\/9244"}],"wp:attachment":[{"href":"https:\/\/idnu.ch\/wordpress\/wp-json\/wp\/v2\/media?parent=9243"}],"wp:term":[{"taxonomy":"category","embeddable":true,"href":"https:\/\/idnu.ch\/wordpress\/wp-json\/wp\/v2\/categories?post=9243"},{"taxonomy":"post_tag","embeddable":true,"href":"https:\/\/idnu.ch\/wordpress\/wp-json\/wp\/v2\/tags?post=9243"}],"curies":[{"name":"wp","href":"https:\/\/api.w.org\/{rel}","templated":true}]}}