{"id":99,"date":"2015-06-01T12:32:00","date_gmt":"2015-06-01T10:32:00","guid":{"rendered":"http:\/\/idnu.ch\/wordpress\/wandern-mit-den-habsburgern\/"},"modified":"2023-11-09T15:34:14","modified_gmt":"2023-11-09T14:34:14","slug":"wandern-mit-den-habsburgern","status":"publish","type":"post","link":"https:\/\/idnu.ch\/wordpress\/wandern-mit-den-habsburgern\/","title":{"rendered":"Wandern mit den Habsburgern"},"content":{"rendered":"<p><b>Am 31. Mai war die Er\u00f6ffnung des Habsburgerweges. Dieser neue Wanderweg f\u00fchrt \u00fcber mehrere Etappen zu den Wirkungsst\u00e4tten der einst m\u00e4chtigsten Dynastie der Welt. F\u00fcr einmal schlossen wir uns also anderen Wanderern an und machten uns auf die Spurensuche von Wildegg nach Habsburg.<\/b><\/p>\n<figure id=\"attachment_4023\" aria-describedby=\"caption-attachment-4023\" style=\"width: 1024px\" class=\"wp-caption aligncenter\"><img data-recalc-dims=\"1\" loading=\"lazy\" decoding=\"async\" data-attachment-id=\"4023\" data-permalink=\"https:\/\/idnu.ch\/wordpress\/wandern-mit-den-habsburgern\/habsburgerweg_0031\/#main\" data-orig-file=\"https:\/\/i0.wp.com\/idnu.ch\/wordpress\/wp-content\/uploads\/2016\/04\/habsburgerweg_0031.jpg?fit=1024%2C683&amp;ssl=1\" data-orig-size=\"1024,683\" data-comments-opened=\"1\" data-image-meta=\"{&quot;aperture&quot;:&quot;0&quot;,&quot;credit&quot;:&quot;&quot;,&quot;camera&quot;:&quot;&quot;,&quot;caption&quot;:&quot;&quot;,&quot;created_timestamp&quot;:&quot;0&quot;,&quot;copyright&quot;:&quot;&quot;,&quot;focal_length&quot;:&quot;0&quot;,&quot;iso&quot;:&quot;0&quot;,&quot;shutter_speed&quot;:&quot;0&quot;,&quot;title&quot;:&quot;&quot;,&quot;orientation&quot;:&quot;0&quot;}\" data-image-title=\"Die Habsburg, Stammschloss des m\u00e4chtigen Adelsgeschlechts\" data-image-description=\"\" data-image-caption=\"&lt;p&gt;Die Habsburg, Stammschloss des m\u00e4chtigen Adelsgeschlechts&lt;\/p&gt;\n\" data-large-file=\"https:\/\/i0.wp.com\/idnu.ch\/wordpress\/wp-content\/uploads\/2016\/04\/habsburgerweg_0031.jpg?fit=750%2C500&amp;ssl=1\" class=\"size-full wp-image-4023\" src=\"https:\/\/i0.wp.com\/idnu.ch\/wordpress\/wp-content\/uploads\/2016\/04\/habsburgerweg_0031.jpg?resize=750%2C500&#038;ssl=1\" alt=\"Die Habsburg, Stammschloss des m\u00e4chtigen Adelsgeschlechts\" width=\"750\" height=\"500\" srcset=\"https:\/\/i0.wp.com\/idnu.ch\/wordpress\/wp-content\/uploads\/2016\/04\/habsburgerweg_0031.jpg?w=1024&amp;ssl=1 1024w, https:\/\/i0.wp.com\/idnu.ch\/wordpress\/wp-content\/uploads\/2016\/04\/habsburgerweg_0031.jpg?resize=300%2C200&amp;ssl=1 300w, https:\/\/i0.wp.com\/idnu.ch\/wordpress\/wp-content\/uploads\/2016\/04\/habsburgerweg_0031.jpg?resize=768%2C512&amp;ssl=1 768w, https:\/\/i0.wp.com\/idnu.ch\/wordpress\/wp-content\/uploads\/2016\/04\/habsburgerweg_0031.jpg?resize=150%2C100&amp;ssl=1 150w\" sizes=\"auto, (max-width: 750px) 100vw, 750px\" \/><figcaption id=\"caption-attachment-4023\" class=\"wp-caption-text\">Die Habsburg, Stammschloss des m\u00e4chtigen Adelsgeschlechts<\/figcaption><\/figure>\n<p>Anlass f\u00fcr den neuen Weg war das 600-Jahr-Jubil\u00e4um der Eroberung des Aargaus durch die Eidgenossen, die die L\u00e4ndereien den Habsburgern entrissen. Und f\u00fcr einmal wollten wir auch an einem Grosanlass dabei sein. So fuhren wir mit dem Zug nach Wildegg. Schon beim Aussteigen fiel die Menschenmenge auf. Oha, das k\u00f6nnten noch viele Leute werden. <img data-recalc-dims=\"1\" loading=\"lazy\" decoding=\"async\" data-attachment-id=\"4012\" data-permalink=\"https:\/\/idnu.ch\/wordpress\/wandern-mit-den-habsburgern\/habsburgerweg_0001\/#main\" data-orig-file=\"https:\/\/i0.wp.com\/idnu.ch\/wordpress\/wp-content\/uploads\/2016\/04\/habsburgerweg_0001.jpg?fit=1024%2C683&amp;ssl=1\" data-orig-size=\"1024,683\" data-comments-opened=\"1\" data-image-meta=\"{&quot;aperture&quot;:&quot;0&quot;,&quot;credit&quot;:&quot;&quot;,&quot;camera&quot;:&quot;&quot;,&quot;caption&quot;:&quot;&quot;,&quot;created_timestamp&quot;:&quot;0&quot;,&quot;copyright&quot;:&quot;&quot;,&quot;focal_length&quot;:&quot;0&quot;,&quot;iso&quot;:&quot;0&quot;,&quot;shutter_speed&quot;:&quot;0&quot;,&quot;title&quot;:&quot;&quot;,&quot;orientation&quot;:&quot;0&quot;}\" data-image-title=\"habsburgerweg_0001\" data-image-description=\"\" data-image-caption=\"\" data-large-file=\"https:\/\/i0.wp.com\/idnu.ch\/wordpress\/wp-content\/uploads\/2016\/04\/habsburgerweg_0001.jpg?fit=750%2C500&amp;ssl=1\" class=\"alignleft wp-image-4012 size-medium\" src=\"https:\/\/i0.wp.com\/idnu.ch\/wordpress\/wp-content\/uploads\/2016\/04\/habsburgerweg_0001.jpg?resize=300%2C200&#038;ssl=1\" alt=\"habsburgerweg_0001\" width=\"300\" height=\"200\" srcset=\"https:\/\/i0.wp.com\/idnu.ch\/wordpress\/wp-content\/uploads\/2016\/04\/habsburgerweg_0001.jpg?resize=300%2C200&amp;ssl=1 300w, https:\/\/i0.wp.com\/idnu.ch\/wordpress\/wp-content\/uploads\/2016\/04\/habsburgerweg_0001.jpg?resize=768%2C512&amp;ssl=1 768w, https:\/\/i0.wp.com\/idnu.ch\/wordpress\/wp-content\/uploads\/2016\/04\/habsburgerweg_0001.jpg?w=1024&amp;ssl=1 1024w, https:\/\/i0.wp.com\/idnu.ch\/wordpress\/wp-content\/uploads\/2016\/04\/habsburgerweg_0001.jpg?resize=150%2C100&amp;ssl=1 150w\" sizes=\"auto, (max-width: 300px) 100vw, 300px\" \/>Es stellte sich heraus, dass auch Aargau Tourismus, der Organisator des Anlasses, \u00fcberrascht war von der Resonanz. Wir waren fr\u00fch genug dran, so konnte ich mir ein Bild machen der Mitwanderer (wir meiden ja ansonsten solche Massenveranstaltungen). Es war spannend zu sehen, wie die Leute ausger\u00fcstet waren. Da gab es solche mit vorbildlicher \u00a0Wanderausr\u00fcstung, mit Wanderschuhen und Rucksack mit der Trinksame (so musste ich vermuten), da gab es solche, die scheinbar soeben aus dem B\u00fcro gekommen waren und im Nadlestreifenhemd und Bundfaltenhosen, aber immerhin Turnschuhen, auf die Wanderung kommen wollten. Deren Frauen trugen dann standesgem\u00e4ss statt eines banalen Rucksackes lieber umst\u00e4ndlich eine Bulgari-Tasche oder so was. Wiederum andere machten allgemein den Eindruck, dass sie sich generell nicht weiter als einige hundert Meter zu Fuss bewegen. Am besten ausger\u00fcstet schienen mir die Familien, sie unternahmen wohl \u00f6fters Wanderungen mit ihren Kindern &#8211; genau die Zielgruppe f\u00fcr mein <a href=\"https:\/\/idnu.ch\/wordpress\/21-x-die-berge-geniessen-21-bergtouren-fuer-familien\/\" target=\"_blank\" rel=\"noopener\">Bergtourenbuch<\/a>. Begleitet wurden wir von Frau Gessler und Herrn Th\u00fcring von Hallwyl aus der damaligen Zeit.<\/p>\n<p><img data-recalc-dims=\"1\" loading=\"lazy\" decoding=\"async\" data-attachment-id=\"4015\" data-permalink=\"https:\/\/idnu.ch\/wordpress\/wandern-mit-den-habsburgern\/habsburgerweg_0009\/#main\" data-orig-file=\"https:\/\/i0.wp.com\/idnu.ch\/wordpress\/wp-content\/uploads\/2016\/04\/habsburgerweg_0009.jpg?fit=1024%2C683&amp;ssl=1\" data-orig-size=\"1024,683\" data-comments-opened=\"1\" data-image-meta=\"{&quot;aperture&quot;:&quot;0&quot;,&quot;credit&quot;:&quot;&quot;,&quot;camera&quot;:&quot;&quot;,&quot;caption&quot;:&quot;&quot;,&quot;created_timestamp&quot;:&quot;0&quot;,&quot;copyright&quot;:&quot;&quot;,&quot;focal_length&quot;:&quot;0&quot;,&quot;iso&quot;:&quot;0&quot;,&quot;shutter_speed&quot;:&quot;0&quot;,&quot;title&quot;:&quot;&quot;,&quot;orientation&quot;:&quot;0&quot;}\" data-image-title=\"habsburgerweg_0009\" data-image-description=\"\" data-image-caption=\"\" data-large-file=\"https:\/\/i0.wp.com\/idnu.ch\/wordpress\/wp-content\/uploads\/2016\/04\/habsburgerweg_0009.jpg?fit=750%2C500&amp;ssl=1\" class=\"aligncenter size-full wp-image-4015\" src=\"https:\/\/i0.wp.com\/idnu.ch\/wordpress\/wp-content\/uploads\/2016\/04\/habsburgerweg_0009.jpg?resize=750%2C500&#038;ssl=1\" alt=\"habsburgerweg_0009\" width=\"750\" height=\"500\" srcset=\"https:\/\/i0.wp.com\/idnu.ch\/wordpress\/wp-content\/uploads\/2016\/04\/habsburgerweg_0009.jpg?w=1024&amp;ssl=1 1024w, https:\/\/i0.wp.com\/idnu.ch\/wordpress\/wp-content\/uploads\/2016\/04\/habsburgerweg_0009.jpg?resize=300%2C200&amp;ssl=1 300w, https:\/\/i0.wp.com\/idnu.ch\/wordpress\/wp-content\/uploads\/2016\/04\/habsburgerweg_0009.jpg?resize=768%2C512&amp;ssl=1 768w, https:\/\/i0.wp.com\/idnu.ch\/wordpress\/wp-content\/uploads\/2016\/04\/habsburgerweg_0009.jpg?resize=150%2C100&amp;ssl=1 150w\" sizes=\"auto, (max-width: 750px) 100vw, 750px\" \/><\/p>\n<p>Nach einigen Informationen zum Ablauf setzte sich der Tatzelwurm in Bewegung. Erstes Ziel der gesch\u00e4tzten 200 Wanderer war das <a href=\"https:\/\/www.ag.ch\/de\/bks\/kultur\/museen_schloesser\/schloss_wildegg\/schlossgeschichte_2\/familien_baugeschichte.jsp\" target=\"_blank\" rel=\"noopener\">Schloss Wildegg<\/a>. Dieses wurde auf Veranlassung der Habsburger als Burg erbaut, ging dann bei der Eroberung des Aargaus an die Berner Familie Effinger \u00fcber, die es \u00fcber die Jahrhunderte zu einem Barock-Schloss ausbaute. Wir wurden nun in zwei Gruppen aufgeteilt, in eine &#8222;schnelle&#8220; und in eine &#8222;gem\u00fctlich&#8220;. Da sich die meisten als &#8222;schnell&#8220; betrachteten, schlossen wir uns der anderen Gruppe an. So hatten wir mehr Zeit zum Beobachten und Fotografieren. Eine Voliere erregte unsere Aufmerksamkeit. Darin tummelten sich Waldrappe, Bienenfresser, S\u00e4belschn\u00e4bler und Bartmeisen. Das war sehr interessant, aber wir w\u00fcrden diese V\u00f6gel viel lieber in der Natur beobachten. Das Schloss ist auch ber\u00fchmt wegen seiner G\u00e4rten. F\u00fcr einen tieferen Einblick m\u00fcssen wir aber ein andermal vorbei.<\/p>\n<div class=\"tiled-gallery type-rectangular tiled-gallery-unresized\" data-original-width=\"750\" data-carousel-extra='{&quot;blog_id&quot;:1,&quot;permalink&quot;:&quot;https:\\\/\\\/idnu.ch\\\/wordpress\\\/wandern-mit-den-habsburgern\\\/&quot;,&quot;likes_blog_id&quot;:100184974}' itemscope itemtype=\"http:\/\/schema.org\/ImageGallery\" > <div class=\"gallery-row\" style=\"width: 750px; height: 146px;\" data-original-width=\"750\" data-original-height=\"146\" > <div class=\"gallery-group images-1\" style=\"width: 217px; height: 146px;\" data-original-width=\"217\" data-original-height=\"146\" > <div class=\"tiled-gallery-item tiled-gallery-item-small\" itemprop=\"associatedMedia\" itemscope itemtype=\"http:\/\/schema.org\/ImageObject\"> <a href=\"https:\/\/idnu.ch\/wordpress\/habsburgerweg_0003\/\" border=\"0\" itemprop=\"url\"> <meta itemprop=\"width\" content=\"213\"> <meta itemprop=\"height\" content=\"142\"> <img decoding=\"async\" class=\"\" data-attachment-id=\"4013\" data-orig-file=\"https:\/\/idnu.ch\/wordpress\/wp-content\/uploads\/2016\/04\/habsburgerweg_0003.jpg\" data-orig-size=\"1024,683\" data-comments-opened=\"1\" data-image-meta=\"{&quot;aperture&quot;:&quot;0&quot;,&quot;credit&quot;:&quot;&quot;,&quot;camera&quot;:&quot;&quot;,&quot;caption&quot;:&quot;&quot;,&quot;created_timestamp&quot;:&quot;0&quot;,&quot;copyright&quot;:&quot;&quot;,&quot;focal_length&quot;:&quot;0&quot;,&quot;iso&quot;:&quot;0&quot;,&quot;shutter_speed&quot;:&quot;0&quot;,&quot;title&quot;:&quot;&quot;,&quot;orientation&quot;:&quot;0&quot;}\" data-image-title=\"habsburgerweg_0003\" data-image-description=\"\" data-medium-file=\"https:\/\/i0.wp.com\/idnu.ch\/wordpress\/wp-content\/uploads\/2016\/04\/habsburgerweg_0003.jpg?fit=300%2C200&#038;ssl=1\" data-large-file=\"https:\/\/i0.wp.com\/idnu.ch\/wordpress\/wp-content\/uploads\/2016\/04\/habsburgerweg_0003.jpg?fit=750%2C500&#038;ssl=1\" src=\"https:\/\/i0.wp.com\/idnu.ch\/wordpress\/wp-content\/uploads\/2016\/04\/habsburgerweg_0003.jpg?w=213&#038;h=142&#038;ssl=1\" srcset=\"https:\/\/i0.wp.com\/idnu.ch\/wordpress\/wp-content\/uploads\/2016\/04\/habsburgerweg_0003.jpg?w=1024&amp;ssl=1 1024w, https:\/\/i0.wp.com\/idnu.ch\/wordpress\/wp-content\/uploads\/2016\/04\/habsburgerweg_0003.jpg?resize=300%2C200&amp;ssl=1 300w, https:\/\/i0.wp.com\/idnu.ch\/wordpress\/wp-content\/uploads\/2016\/04\/habsburgerweg_0003.jpg?resize=768%2C512&amp;ssl=1 768w, https:\/\/i0.wp.com\/idnu.ch\/wordpress\/wp-content\/uploads\/2016\/04\/habsburgerweg_0003.jpg?resize=150%2C100&amp;ssl=1 150w\" width=\"213\" height=\"142\" loading=\"lazy\" data-original-width=\"213\" data-original-height=\"142\" itemprop=\"http:\/\/schema.org\/image\" title=\"habsburgerweg_0003\" alt=\"habsburgerweg_0003\" style=\"width: 213px; height: 142px;\" \/> <\/a> <\/div> <\/div> <!-- close group --> <div class=\"gallery-group images-1\" style=\"width: 99px; height: 146px;\" data-original-width=\"99\" data-original-height=\"146\" > <div class=\"tiled-gallery-item tiled-gallery-item-small\" itemprop=\"associatedMedia\" itemscope itemtype=\"http:\/\/schema.org\/ImageObject\"> <a href=\"https:\/\/idnu.ch\/wordpress\/habsburgerweg_0005\/\" border=\"0\" itemprop=\"url\"> <meta itemprop=\"width\" content=\"95\"> <meta itemprop=\"height\" content=\"142\"> <img decoding=\"async\" class=\"\" data-attachment-id=\"4014\" data-orig-file=\"https:\/\/idnu.ch\/wordpress\/wp-content\/uploads\/2016\/04\/habsburgerweg_0005.jpg\" data-orig-size=\"512,768\" data-comments-opened=\"1\" data-image-meta=\"{&quot;aperture&quot;:&quot;0&quot;,&quot;credit&quot;:&quot;&quot;,&quot;camera&quot;:&quot;&quot;,&quot;caption&quot;:&quot;&quot;,&quot;created_timestamp&quot;:&quot;0&quot;,&quot;copyright&quot;:&quot;&quot;,&quot;focal_length&quot;:&quot;0&quot;,&quot;iso&quot;:&quot;0&quot;,&quot;shutter_speed&quot;:&quot;0&quot;,&quot;title&quot;:&quot;&quot;,&quot;orientation&quot;:&quot;0&quot;}\" data-image-title=\"habsburgerweg_0005\" data-image-description=\"\" data-medium-file=\"https:\/\/i0.wp.com\/idnu.ch\/wordpress\/wp-content\/uploads\/2016\/04\/habsburgerweg_0005.jpg?fit=200%2C300&#038;ssl=1\" data-large-file=\"https:\/\/i0.wp.com\/idnu.ch\/wordpress\/wp-content\/uploads\/2016\/04\/habsburgerweg_0005.jpg?fit=512%2C768&#038;ssl=1\" src=\"https:\/\/i0.wp.com\/idnu.ch\/wordpress\/wp-content\/uploads\/2016\/04\/habsburgerweg_0005.jpg?w=95&#038;h=142&#038;ssl=1\" srcset=\"https:\/\/i0.wp.com\/idnu.ch\/wordpress\/wp-content\/uploads\/2016\/04\/habsburgerweg_0005.jpg?w=512&amp;ssl=1 512w, https:\/\/i0.wp.com\/idnu.ch\/wordpress\/wp-content\/uploads\/2016\/04\/habsburgerweg_0005.jpg?resize=200%2C300&amp;ssl=1 200w, https:\/\/i0.wp.com\/idnu.ch\/wordpress\/wp-content\/uploads\/2016\/04\/habsburgerweg_0005.jpg?resize=67%2C100&amp;ssl=1 67w\" width=\"95\" height=\"142\" loading=\"lazy\" data-original-width=\"95\" data-original-height=\"142\" itemprop=\"http:\/\/schema.org\/image\" title=\"habsburgerweg_0005\" alt=\"habsburgerweg_0005\" style=\"width: 95px; height: 142px;\" \/> <\/a> <\/div> <\/div> <!-- close group --> <div class=\"gallery-group images-1\" style=\"width: 217px; height: 146px;\" data-original-width=\"217\" data-original-height=\"146\" > <div class=\"tiled-gallery-item tiled-gallery-item-small\" itemprop=\"associatedMedia\" itemscope itemtype=\"http:\/\/schema.org\/ImageObject\"> <a href=\"https:\/\/idnu.ch\/wordpress\/habsburgerweg_0011\/\" border=\"0\" itemprop=\"url\"> <meta itemprop=\"width\" content=\"213\"> <meta itemprop=\"height\" content=\"142\"> <img decoding=\"async\" class=\"\" data-attachment-id=\"4016\" data-orig-file=\"https:\/\/idnu.ch\/wordpress\/wp-content\/uploads\/2016\/04\/habsburgerweg_0011.jpg\" data-orig-size=\"1024,683\" data-comments-opened=\"1\" data-image-meta=\"{&quot;aperture&quot;:&quot;0&quot;,&quot;credit&quot;:&quot;&quot;,&quot;camera&quot;:&quot;&quot;,&quot;caption&quot;:&quot;&quot;,&quot;created_timestamp&quot;:&quot;0&quot;,&quot;copyright&quot;:&quot;&quot;,&quot;focal_length&quot;:&quot;0&quot;,&quot;iso&quot;:&quot;0&quot;,&quot;shutter_speed&quot;:&quot;0&quot;,&quot;title&quot;:&quot;&quot;,&quot;orientation&quot;:&quot;0&quot;}\" data-image-title=\"habsburgerweg_0011\" data-image-description=\"\" data-medium-file=\"https:\/\/i0.wp.com\/idnu.ch\/wordpress\/wp-content\/uploads\/2016\/04\/habsburgerweg_0011.jpg?fit=300%2C200&#038;ssl=1\" data-large-file=\"https:\/\/i0.wp.com\/idnu.ch\/wordpress\/wp-content\/uploads\/2016\/04\/habsburgerweg_0011.jpg?fit=750%2C500&#038;ssl=1\" src=\"https:\/\/i0.wp.com\/idnu.ch\/wordpress\/wp-content\/uploads\/2016\/04\/habsburgerweg_0011.jpg?w=213&#038;h=142&#038;ssl=1\" srcset=\"https:\/\/i0.wp.com\/idnu.ch\/wordpress\/wp-content\/uploads\/2016\/04\/habsburgerweg_0011.jpg?w=1024&amp;ssl=1 1024w, https:\/\/i0.wp.com\/idnu.ch\/wordpress\/wp-content\/uploads\/2016\/04\/habsburgerweg_0011.jpg?resize=300%2C200&amp;ssl=1 300w, https:\/\/i0.wp.com\/idnu.ch\/wordpress\/wp-content\/uploads\/2016\/04\/habsburgerweg_0011.jpg?resize=768%2C512&amp;ssl=1 768w, https:\/\/i0.wp.com\/idnu.ch\/wordpress\/wp-content\/uploads\/2016\/04\/habsburgerweg_0011.jpg?resize=150%2C100&amp;ssl=1 150w\" width=\"213\" height=\"142\" loading=\"lazy\" data-original-width=\"213\" data-original-height=\"142\" itemprop=\"http:\/\/schema.org\/image\" title=\"habsburgerweg_0011\" alt=\"habsburgerweg_0011\" style=\"width: 213px; height: 142px;\" \/> <\/a> <\/div> <\/div> <!-- close group --> <div class=\"gallery-group images-1\" style=\"width: 217px; height: 146px;\" data-original-width=\"217\" data-original-height=\"146\" > <div class=\"tiled-gallery-item tiled-gallery-item-small\" itemprop=\"associatedMedia\" itemscope itemtype=\"http:\/\/schema.org\/ImageObject\"> <a href=\"https:\/\/idnu.ch\/wordpress\/habsburgerweg_0018\/\" border=\"0\" itemprop=\"url\"> <meta itemprop=\"width\" content=\"213\"> <meta itemprop=\"height\" content=\"142\"> <img decoding=\"async\" class=\"\" data-attachment-id=\"4017\" data-orig-file=\"https:\/\/idnu.ch\/wordpress\/wp-content\/uploads\/2016\/04\/habsburgerweg_0018.jpg\" data-orig-size=\"1024,683\" data-comments-opened=\"1\" data-image-meta=\"{&quot;aperture&quot;:&quot;0&quot;,&quot;credit&quot;:&quot;&quot;,&quot;camera&quot;:&quot;&quot;,&quot;caption&quot;:&quot;&quot;,&quot;created_timestamp&quot;:&quot;0&quot;,&quot;copyright&quot;:&quot;&quot;,&quot;focal_length&quot;:&quot;0&quot;,&quot;iso&quot;:&quot;0&quot;,&quot;shutter_speed&quot;:&quot;0&quot;,&quot;title&quot;:&quot;&quot;,&quot;orientation&quot;:&quot;0&quot;}\" data-image-title=\"habsburgerweg_0018\" data-image-description=\"\" data-medium-file=\"https:\/\/i0.wp.com\/idnu.ch\/wordpress\/wp-content\/uploads\/2016\/04\/habsburgerweg_0018.jpg?fit=300%2C200&#038;ssl=1\" data-large-file=\"https:\/\/i0.wp.com\/idnu.ch\/wordpress\/wp-content\/uploads\/2016\/04\/habsburgerweg_0018.jpg?fit=750%2C500&#038;ssl=1\" src=\"https:\/\/i0.wp.com\/idnu.ch\/wordpress\/wp-content\/uploads\/2016\/04\/habsburgerweg_0018.jpg?w=213&#038;h=142&#038;ssl=1\" srcset=\"https:\/\/i0.wp.com\/idnu.ch\/wordpress\/wp-content\/uploads\/2016\/04\/habsburgerweg_0018.jpg?w=1024&amp;ssl=1 1024w, https:\/\/i0.wp.com\/idnu.ch\/wordpress\/wp-content\/uploads\/2016\/04\/habsburgerweg_0018.jpg?resize=300%2C200&amp;ssl=1 300w, https:\/\/i0.wp.com\/idnu.ch\/wordpress\/wp-content\/uploads\/2016\/04\/habsburgerweg_0018.jpg?resize=768%2C512&amp;ssl=1 768w, https:\/\/i0.wp.com\/idnu.ch\/wordpress\/wp-content\/uploads\/2016\/04\/habsburgerweg_0018.jpg?resize=150%2C100&amp;ssl=1 150w\" width=\"213\" height=\"142\" loading=\"lazy\" data-original-width=\"213\" data-original-height=\"142\" itemprop=\"http:\/\/schema.org\/image\" title=\"habsburgerweg_0018\" alt=\"habsburgerweg_0018\" style=\"width: 213px; height: 142px;\" \/> <\/a> <\/div> <\/div> <!-- close group --> <\/div> <!-- close row --> <\/div>\n<div style=\"clear: both; text-align: center;\"><\/div>\n<p>Wir wanderten weiter mit &#8222;Frau Gessler&#8220;, die wohl arg schwitzte in ihrem wallenden Gewand. Auf schmalem Pfad flanierten wir durch den gr\u00fcnen Wald, entdeckten sch\u00f6ne Blumen, deren Namen wir nicht alle bestimmen konnten. Wir kamen an Bikern vorbei, die sich den Singletrail wohl anders vorgestellt hatten. Na ja, danach hatten sie ja freie Fahrt.<\/p>\n<p><img data-recalc-dims=\"1\" loading=\"lazy\" decoding=\"async\" data-attachment-id=\"4018\" data-permalink=\"https:\/\/idnu.ch\/wordpress\/wandern-mit-den-habsburgern\/habsburgerweg_0022\/#main\" data-orig-file=\"https:\/\/i0.wp.com\/idnu.ch\/wordpress\/wp-content\/uploads\/2016\/04\/habsburgerweg_0022.jpg?fit=512%2C768&amp;ssl=1\" data-orig-size=\"512,768\" data-comments-opened=\"1\" data-image-meta=\"{&quot;aperture&quot;:&quot;0&quot;,&quot;credit&quot;:&quot;&quot;,&quot;camera&quot;:&quot;&quot;,&quot;caption&quot;:&quot;&quot;,&quot;created_timestamp&quot;:&quot;0&quot;,&quot;copyright&quot;:&quot;&quot;,&quot;focal_length&quot;:&quot;0&quot;,&quot;iso&quot;:&quot;0&quot;,&quot;shutter_speed&quot;:&quot;0&quot;,&quot;title&quot;:&quot;&quot;,&quot;orientation&quot;:&quot;0&quot;}\" data-image-title=\"habsburgerweg_0022\" data-image-description=\"\" data-image-caption=\"\" data-large-file=\"https:\/\/i0.wp.com\/idnu.ch\/wordpress\/wp-content\/uploads\/2016\/04\/habsburgerweg_0022.jpg?fit=512%2C768&amp;ssl=1\" class=\"aligncenter size-full wp-image-4018\" src=\"https:\/\/i0.wp.com\/idnu.ch\/wordpress\/wp-content\/uploads\/2016\/04\/habsburgerweg_0022.jpg?resize=512%2C768&#038;ssl=1\" alt=\"habsburgerweg_0022\" width=\"512\" height=\"768\" srcset=\"https:\/\/i0.wp.com\/idnu.ch\/wordpress\/wp-content\/uploads\/2016\/04\/habsburgerweg_0022.jpg?w=512&amp;ssl=1 512w, https:\/\/i0.wp.com\/idnu.ch\/wordpress\/wp-content\/uploads\/2016\/04\/habsburgerweg_0022.jpg?resize=200%2C300&amp;ssl=1 200w, https:\/\/i0.wp.com\/idnu.ch\/wordpress\/wp-content\/uploads\/2016\/04\/habsburgerweg_0022.jpg?resize=67%2C100&amp;ssl=1 67w\" sizes=\"auto, (max-width: 512px) 100vw, 512px\" \/><\/p>\n<div style=\"clear: both; text-align: center;\"><\/div>\n<p>Wir kamen flott voran, bei &#8222;Ob Chalch&#8220; legten wir eine kurze Pause ein. Bis jetzt sahen wir noch keine Tafel zum Habsburgerweg. Hatten wir die \u00fcbersehen? Auf den Wegweisern stand auch nichts. Wir fragten eine Wanderleiterin. Man m\u00fcsse einfach der Route 42 &#8222;Aargauer Weg&#8220; folgen. Aha, muss man wissen. Zu lesen war es jedenfalls nirgends. Weiter geht&#8217;s, auf und ab. Zwischendurch erhaschen wir durch den Wald einen Blick auf die Aare und das Schenkenberger Tal, das auch zum Habsburger Einfluss geh\u00f6rte. Dann, nach dem grossen Steinbruch &#8222;Chalch&#8220; (den man allerdings von oben nicht sieht), traten wir erstmals wieder aus dem Wald und ersp\u00e4hten zum ersten Mal das Schloss Habsburg. Und kurz darauf entdeckten wir an einem Wegweiser auch die erste Tafel zum Habsburgerweg. J\u00f6\u00f6\u00f6.<\/p>\n<div class=\"tiled-gallery type-rectangular tiled-gallery-unresized\" data-original-width=\"750\" data-carousel-extra='{&quot;blog_id&quot;:1,&quot;permalink&quot;:&quot;https:\\\/\\\/idnu.ch\\\/wordpress\\\/wandern-mit-den-habsburgern\\\/&quot;,&quot;likes_blog_id&quot;:100184974}' itemscope itemtype=\"http:\/\/schema.org\/ImageGallery\" > <div class=\"gallery-row\" style=\"width: 750px; height: 335px;\" data-original-width=\"750\" data-original-height=\"335\" > <div class=\"gallery-group images-1\" style=\"width: 501px; height: 335px;\" data-original-width=\"501\" data-original-height=\"335\" > <div class=\"tiled-gallery-item tiled-gallery-item-large\" itemprop=\"associatedMedia\" itemscope itemtype=\"http:\/\/schema.org\/ImageObject\"> <a href=\"https:\/\/idnu.ch\/wordpress\/habsburgerweg_0023\/\" border=\"0\" itemprop=\"url\"> <meta itemprop=\"width\" content=\"497\"> <meta itemprop=\"height\" content=\"331\"> <img decoding=\"async\" class=\"\" data-attachment-id=\"4019\" data-orig-file=\"https:\/\/idnu.ch\/wordpress\/wp-content\/uploads\/2016\/04\/habsburgerweg_0023.jpg\" data-orig-size=\"1024,683\" data-comments-opened=\"1\" data-image-meta=\"{&quot;aperture&quot;:&quot;0&quot;,&quot;credit&quot;:&quot;&quot;,&quot;camera&quot;:&quot;&quot;,&quot;caption&quot;:&quot;&quot;,&quot;created_timestamp&quot;:&quot;0&quot;,&quot;copyright&quot;:&quot;&quot;,&quot;focal_length&quot;:&quot;0&quot;,&quot;iso&quot;:&quot;0&quot;,&quot;shutter_speed&quot;:&quot;0&quot;,&quot;title&quot;:&quot;&quot;,&quot;orientation&quot;:&quot;0&quot;}\" data-image-title=\"habsburgerweg_0023\" data-image-description=\"\" data-medium-file=\"https:\/\/i0.wp.com\/idnu.ch\/wordpress\/wp-content\/uploads\/2016\/04\/habsburgerweg_0023.jpg?fit=300%2C200&#038;ssl=1\" data-large-file=\"https:\/\/i0.wp.com\/idnu.ch\/wordpress\/wp-content\/uploads\/2016\/04\/habsburgerweg_0023.jpg?fit=750%2C500&#038;ssl=1\" src=\"https:\/\/i0.wp.com\/idnu.ch\/wordpress\/wp-content\/uploads\/2016\/04\/habsburgerweg_0023.jpg?w=497&#038;h=331&#038;ssl=1\" srcset=\"https:\/\/i0.wp.com\/idnu.ch\/wordpress\/wp-content\/uploads\/2016\/04\/habsburgerweg_0023.jpg?w=1024&amp;ssl=1 1024w, https:\/\/i0.wp.com\/idnu.ch\/wordpress\/wp-content\/uploads\/2016\/04\/habsburgerweg_0023.jpg?resize=300%2C200&amp;ssl=1 300w, https:\/\/i0.wp.com\/idnu.ch\/wordpress\/wp-content\/uploads\/2016\/04\/habsburgerweg_0023.jpg?resize=768%2C512&amp;ssl=1 768w, https:\/\/i0.wp.com\/idnu.ch\/wordpress\/wp-content\/uploads\/2016\/04\/habsburgerweg_0023.jpg?resize=150%2C100&amp;ssl=1 150w\" width=\"497\" height=\"331\" loading=\"lazy\" data-original-width=\"497\" data-original-height=\"331\" itemprop=\"http:\/\/schema.org\/image\" title=\"habsburgerweg_0023\" alt=\"habsburgerweg_0023\" style=\"width: 497px; height: 331px;\" \/> <\/a> <\/div> <\/div> <!-- close group --> <div class=\"gallery-group images-2\" style=\"width: 249px; height: 335px;\" data-original-width=\"249\" data-original-height=\"335\" > <div class=\"tiled-gallery-item tiled-gallery-item-small\" itemprop=\"associatedMedia\" itemscope itemtype=\"http:\/\/schema.org\/ImageObject\"> <a href=\"https:\/\/idnu.ch\/wordpress\/habsburgerweg_0024\/\" border=\"0\" itemprop=\"url\"> <meta itemprop=\"width\" content=\"245\"> <meta itemprop=\"height\" content=\"164\"> <img decoding=\"async\" class=\"\" data-attachment-id=\"4020\" data-orig-file=\"https:\/\/idnu.ch\/wordpress\/wp-content\/uploads\/2016\/04\/habsburgerweg_0024.jpg\" data-orig-size=\"1024,683\" data-comments-opened=\"1\" data-image-meta=\"{&quot;aperture&quot;:&quot;0&quot;,&quot;credit&quot;:&quot;&quot;,&quot;camera&quot;:&quot;&quot;,&quot;caption&quot;:&quot;&quot;,&quot;created_timestamp&quot;:&quot;0&quot;,&quot;copyright&quot;:&quot;&quot;,&quot;focal_length&quot;:&quot;0&quot;,&quot;iso&quot;:&quot;0&quot;,&quot;shutter_speed&quot;:&quot;0&quot;,&quot;title&quot;:&quot;&quot;,&quot;orientation&quot;:&quot;0&quot;}\" data-image-title=\"habsburgerweg_0024\" data-image-description=\"\" data-medium-file=\"https:\/\/i0.wp.com\/idnu.ch\/wordpress\/wp-content\/uploads\/2016\/04\/habsburgerweg_0024.jpg?fit=300%2C200&#038;ssl=1\" data-large-file=\"https:\/\/i0.wp.com\/idnu.ch\/wordpress\/wp-content\/uploads\/2016\/04\/habsburgerweg_0024.jpg?fit=750%2C500&#038;ssl=1\" src=\"https:\/\/i0.wp.com\/idnu.ch\/wordpress\/wp-content\/uploads\/2016\/04\/habsburgerweg_0024.jpg?w=245&#038;h=164&#038;ssl=1\" srcset=\"https:\/\/i0.wp.com\/idnu.ch\/wordpress\/wp-content\/uploads\/2016\/04\/habsburgerweg_0024.jpg?w=1024&amp;ssl=1 1024w, https:\/\/i0.wp.com\/idnu.ch\/wordpress\/wp-content\/uploads\/2016\/04\/habsburgerweg_0024.jpg?resize=300%2C200&amp;ssl=1 300w, https:\/\/i0.wp.com\/idnu.ch\/wordpress\/wp-content\/uploads\/2016\/04\/habsburgerweg_0024.jpg?resize=768%2C512&amp;ssl=1 768w, https:\/\/i0.wp.com\/idnu.ch\/wordpress\/wp-content\/uploads\/2016\/04\/habsburgerweg_0024.jpg?resize=150%2C100&amp;ssl=1 150w\" width=\"245\" height=\"164\" loading=\"lazy\" data-original-width=\"245\" data-original-height=\"164\" itemprop=\"http:\/\/schema.org\/image\" title=\"habsburgerweg_0024\" alt=\"habsburgerweg_0024\" style=\"width: 245px; height: 164px;\" \/> <\/a> <\/div> <div class=\"tiled-gallery-item tiled-gallery-item-small\" itemprop=\"associatedMedia\" itemscope itemtype=\"http:\/\/schema.org\/ImageObject\"> <a href=\"https:\/\/idnu.ch\/wordpress\/habsburgerweg_0026\/\" border=\"0\" itemprop=\"url\"> <meta itemprop=\"width\" content=\"245\"> <meta itemprop=\"height\" content=\"163\"> <img decoding=\"async\" class=\"\" data-attachment-id=\"4021\" data-orig-file=\"https:\/\/idnu.ch\/wordpress\/wp-content\/uploads\/2016\/04\/habsburgerweg_0026.jpg\" data-orig-size=\"1024,683\" data-comments-opened=\"1\" data-image-meta=\"{&quot;aperture&quot;:&quot;0&quot;,&quot;credit&quot;:&quot;&quot;,&quot;camera&quot;:&quot;&quot;,&quot;caption&quot;:&quot;&quot;,&quot;created_timestamp&quot;:&quot;0&quot;,&quot;copyright&quot;:&quot;&quot;,&quot;focal_length&quot;:&quot;0&quot;,&quot;iso&quot;:&quot;0&quot;,&quot;shutter_speed&quot;:&quot;0&quot;,&quot;title&quot;:&quot;&quot;,&quot;orientation&quot;:&quot;0&quot;}\" data-image-title=\"habsburgerweg_0026\" data-image-description=\"\" data-medium-file=\"https:\/\/i0.wp.com\/idnu.ch\/wordpress\/wp-content\/uploads\/2016\/04\/habsburgerweg_0026.jpg?fit=300%2C200&#038;ssl=1\" data-large-file=\"https:\/\/i0.wp.com\/idnu.ch\/wordpress\/wp-content\/uploads\/2016\/04\/habsburgerweg_0026.jpg?fit=750%2C500&#038;ssl=1\" src=\"https:\/\/i0.wp.com\/idnu.ch\/wordpress\/wp-content\/uploads\/2016\/04\/habsburgerweg_0026.jpg?w=245&#038;h=163&#038;ssl=1\" srcset=\"https:\/\/i0.wp.com\/idnu.ch\/wordpress\/wp-content\/uploads\/2016\/04\/habsburgerweg_0026.jpg?w=1024&amp;ssl=1 1024w, https:\/\/i0.wp.com\/idnu.ch\/wordpress\/wp-content\/uploads\/2016\/04\/habsburgerweg_0026.jpg?resize=300%2C200&amp;ssl=1 300w, https:\/\/i0.wp.com\/idnu.ch\/wordpress\/wp-content\/uploads\/2016\/04\/habsburgerweg_0026.jpg?resize=768%2C512&amp;ssl=1 768w, https:\/\/i0.wp.com\/idnu.ch\/wordpress\/wp-content\/uploads\/2016\/04\/habsburgerweg_0026.jpg?resize=150%2C100&amp;ssl=1 150w\" width=\"245\" height=\"163\" loading=\"lazy\" data-original-width=\"245\" data-original-height=\"163\" itemprop=\"http:\/\/schema.org\/image\" title=\"habsburgerweg_0026\" alt=\"habsburgerweg_0026\" style=\"width: 245px; height: 163px;\" \/> <\/a> <\/div> <\/div> <!-- close group --> <\/div> <!-- close row --> <\/div>\n<div style=\"clear: both; text-align: center;\"><\/div>\n<p>Wir spazierten weiter nach Schinznach Bad, der Weg war abwechslungsreich, unsere Kinder bereits wieder im Bike-Modus. &#8222;Hier w\u00fcrde ich da durch fahren, da gibt es einen Jump, und hier w\u00e4re es cool, so durchzufahren.&#8220; So ging das weiter, bis wir wieder auf einer breiteren Strasse waren. Von Schinznach her mussten wir den finalen Anstieg bew\u00e4ltigen, bevor wir das Schloss wieder in Blickweite hatten. Am Waldrand erz\u00e4hlte uns &#8222;Frau Gessler&#8220;, wie die Habsburger \u00fcberhaupt hier hin kamen: Im 10. Jahrhundert ging hier Radbot vom Elsass auf die Jagd mit einem Habicht. Dieser verschwand dann allerdings, und das ganze Gefolge suchte ihn. Sie fanden ihn an der Stelle, wo heute das Schloss steht. Denn Radbot entschloss sich, an dieser Stelle das Schloss zu bauen, weil sie eine grossartige Aussicht \u00fcber das ganze Gebiet bot.<\/p>\n<p>Noch ungef\u00e4hr ein Kilometer, dann hatten wir das Schloss erreicht. Man hatte von dort wirklich eine grossartige Aussicht auf alle Seiten. Im Schlosshof war ziemlich etwas los, alle Tische waren besetzt. Wir besichtigten das Schloss und assen danach unseren Lunch, bevor wir zur Busstation abstiegen. Uns hatte es einfach zu viele Leute. Wir werden das Schloss sicher mal an einem ruhigeren Wochenende besuchen.<\/p>\n<div class=\"tiled-gallery type-rectangular tiled-gallery-unresized\" data-original-width=\"750\" data-carousel-extra='{&quot;blog_id&quot;:1,&quot;permalink&quot;:&quot;https:\\\/\\\/idnu.ch\\\/wordpress\\\/wandern-mit-den-habsburgern\\\/&quot;,&quot;likes_blog_id&quot;:100184974}' itemscope itemtype=\"http:\/\/schema.org\/ImageGallery\" > <div class=\"gallery-row\" style=\"width: 750px; height: 335px;\" data-original-width=\"750\" data-original-height=\"335\" > <div class=\"gallery-group images-1\" style=\"width: 501px; height: 335px;\" data-original-width=\"501\" data-original-height=\"335\" > <div class=\"tiled-gallery-item tiled-gallery-item-large\" itemprop=\"associatedMedia\" itemscope itemtype=\"http:\/\/schema.org\/ImageObject\"> <a href=\"https:\/\/idnu.ch\/wordpress\/habsburgerweg_0030-2\/\" border=\"0\" itemprop=\"url\"> <meta itemprop=\"width\" content=\"497\"> <meta itemprop=\"height\" content=\"331\"> <img decoding=\"async\" class=\"\" data-attachment-id=\"4022\" data-orig-file=\"https:\/\/idnu.ch\/wordpress\/wp-content\/uploads\/2016\/04\/habsburgerweg_0030.jpg\" data-orig-size=\"1024,683\" data-comments-opened=\"1\" data-image-meta=\"{&quot;aperture&quot;:&quot;0&quot;,&quot;credit&quot;:&quot;&quot;,&quot;camera&quot;:&quot;&quot;,&quot;caption&quot;:&quot;&quot;,&quot;created_timestamp&quot;:&quot;0&quot;,&quot;copyright&quot;:&quot;&quot;,&quot;focal_length&quot;:&quot;0&quot;,&quot;iso&quot;:&quot;0&quot;,&quot;shutter_speed&quot;:&quot;0&quot;,&quot;title&quot;:&quot;&quot;,&quot;orientation&quot;:&quot;0&quot;}\" data-image-title=\"habsburgerweg_0030\" data-image-description=\"\" data-medium-file=\"https:\/\/i0.wp.com\/idnu.ch\/wordpress\/wp-content\/uploads\/2016\/04\/habsburgerweg_0030.jpg?fit=300%2C200&#038;ssl=1\" data-large-file=\"https:\/\/i0.wp.com\/idnu.ch\/wordpress\/wp-content\/uploads\/2016\/04\/habsburgerweg_0030.jpg?fit=750%2C500&#038;ssl=1\" src=\"https:\/\/i0.wp.com\/idnu.ch\/wordpress\/wp-content\/uploads\/2016\/04\/habsburgerweg_0030.jpg?w=497&#038;h=331&#038;ssl=1\" srcset=\"https:\/\/i0.wp.com\/idnu.ch\/wordpress\/wp-content\/uploads\/2016\/04\/habsburgerweg_0030.jpg?w=1024&amp;ssl=1 1024w, https:\/\/i0.wp.com\/idnu.ch\/wordpress\/wp-content\/uploads\/2016\/04\/habsburgerweg_0030.jpg?resize=300%2C200&amp;ssl=1 300w, https:\/\/i0.wp.com\/idnu.ch\/wordpress\/wp-content\/uploads\/2016\/04\/habsburgerweg_0030.jpg?resize=768%2C512&amp;ssl=1 768w, https:\/\/i0.wp.com\/idnu.ch\/wordpress\/wp-content\/uploads\/2016\/04\/habsburgerweg_0030.jpg?resize=150%2C100&amp;ssl=1 150w\" width=\"497\" height=\"331\" loading=\"lazy\" data-original-width=\"497\" data-original-height=\"331\" itemprop=\"http:\/\/schema.org\/image\" title=\"habsburgerweg_0030\" alt=\"habsburgerweg_0030\" style=\"width: 497px; height: 331px;\" \/> <\/a> <\/div> <\/div> <!-- close group --> <div class=\"gallery-group images-2\" style=\"width: 249px; height: 335px;\" data-original-width=\"249\" data-original-height=\"335\" > <div class=\"tiled-gallery-item tiled-gallery-item-small\" itemprop=\"associatedMedia\" itemscope itemtype=\"http:\/\/schema.org\/ImageObject\"> <a href=\"https:\/\/idnu.ch\/wordpress\/habsburgerweg_0032\/\" border=\"0\" itemprop=\"url\"> <meta itemprop=\"width\" content=\"245\"> <meta itemprop=\"height\" content=\"164\"> <img decoding=\"async\" class=\"\" data-attachment-id=\"4024\" data-orig-file=\"https:\/\/idnu.ch\/wordpress\/wp-content\/uploads\/2016\/04\/habsburgerweg_0032.jpg\" data-orig-size=\"1024,683\" data-comments-opened=\"1\" data-image-meta=\"{&quot;aperture&quot;:&quot;0&quot;,&quot;credit&quot;:&quot;&quot;,&quot;camera&quot;:&quot;&quot;,&quot;caption&quot;:&quot;&quot;,&quot;created_timestamp&quot;:&quot;0&quot;,&quot;copyright&quot;:&quot;&quot;,&quot;focal_length&quot;:&quot;0&quot;,&quot;iso&quot;:&quot;0&quot;,&quot;shutter_speed&quot;:&quot;0&quot;,&quot;title&quot;:&quot;&quot;,&quot;orientation&quot;:&quot;0&quot;}\" data-image-title=\"habsburgerweg_0032\" data-image-description=\"\" data-medium-file=\"https:\/\/i0.wp.com\/idnu.ch\/wordpress\/wp-content\/uploads\/2016\/04\/habsburgerweg_0032.jpg?fit=300%2C200&#038;ssl=1\" data-large-file=\"https:\/\/i0.wp.com\/idnu.ch\/wordpress\/wp-content\/uploads\/2016\/04\/habsburgerweg_0032.jpg?fit=750%2C500&#038;ssl=1\" src=\"https:\/\/i0.wp.com\/idnu.ch\/wordpress\/wp-content\/uploads\/2016\/04\/habsburgerweg_0032.jpg?w=245&#038;h=164&#038;ssl=1\" srcset=\"https:\/\/i0.wp.com\/idnu.ch\/wordpress\/wp-content\/uploads\/2016\/04\/habsburgerweg_0032.jpg?w=1024&amp;ssl=1 1024w, https:\/\/i0.wp.com\/idnu.ch\/wordpress\/wp-content\/uploads\/2016\/04\/habsburgerweg_0032.jpg?resize=300%2C200&amp;ssl=1 300w, https:\/\/i0.wp.com\/idnu.ch\/wordpress\/wp-content\/uploads\/2016\/04\/habsburgerweg_0032.jpg?resize=768%2C512&amp;ssl=1 768w, https:\/\/i0.wp.com\/idnu.ch\/wordpress\/wp-content\/uploads\/2016\/04\/habsburgerweg_0032.jpg?resize=150%2C100&amp;ssl=1 150w\" width=\"245\" height=\"164\" loading=\"lazy\" data-original-width=\"245\" data-original-height=\"164\" itemprop=\"http:\/\/schema.org\/image\" title=\"habsburgerweg_0032\" alt=\"habsburgerweg_0032\" style=\"width: 245px; height: 164px;\" \/> <\/a> <\/div> <div class=\"tiled-gallery-item tiled-gallery-item-small\" itemprop=\"associatedMedia\" itemscope itemtype=\"http:\/\/schema.org\/ImageObject\"> <a href=\"https:\/\/idnu.ch\/wordpress\/habsburgerweg_0035\/\" border=\"0\" itemprop=\"url\"> <meta itemprop=\"width\" content=\"245\"> <meta itemprop=\"height\" content=\"163\"> <img decoding=\"async\" class=\"\" data-attachment-id=\"4025\" data-orig-file=\"https:\/\/idnu.ch\/wordpress\/wp-content\/uploads\/2016\/04\/habsburgerweg_0035.jpg\" data-orig-size=\"1024,683\" data-comments-opened=\"1\" data-image-meta=\"{&quot;aperture&quot;:&quot;0&quot;,&quot;credit&quot;:&quot;&quot;,&quot;camera&quot;:&quot;&quot;,&quot;caption&quot;:&quot;&quot;,&quot;created_timestamp&quot;:&quot;0&quot;,&quot;copyright&quot;:&quot;&quot;,&quot;focal_length&quot;:&quot;0&quot;,&quot;iso&quot;:&quot;0&quot;,&quot;shutter_speed&quot;:&quot;0&quot;,&quot;title&quot;:&quot;&quot;,&quot;orientation&quot;:&quot;0&quot;}\" data-image-title=\"habsburgerweg_0035\" data-image-description=\"\" data-medium-file=\"https:\/\/i0.wp.com\/idnu.ch\/wordpress\/wp-content\/uploads\/2016\/04\/habsburgerweg_0035.jpg?fit=300%2C200&#038;ssl=1\" data-large-file=\"https:\/\/i0.wp.com\/idnu.ch\/wordpress\/wp-content\/uploads\/2016\/04\/habsburgerweg_0035.jpg?fit=750%2C500&#038;ssl=1\" src=\"https:\/\/i0.wp.com\/idnu.ch\/wordpress\/wp-content\/uploads\/2016\/04\/habsburgerweg_0035.jpg?w=245&#038;h=163&#038;ssl=1\" srcset=\"https:\/\/i0.wp.com\/idnu.ch\/wordpress\/wp-content\/uploads\/2016\/04\/habsburgerweg_0035.jpg?w=1024&amp;ssl=1 1024w, https:\/\/i0.wp.com\/idnu.ch\/wordpress\/wp-content\/uploads\/2016\/04\/habsburgerweg_0035.jpg?resize=300%2C200&amp;ssl=1 300w, https:\/\/i0.wp.com\/idnu.ch\/wordpress\/wp-content\/uploads\/2016\/04\/habsburgerweg_0035.jpg?resize=768%2C512&amp;ssl=1 768w, https:\/\/i0.wp.com\/idnu.ch\/wordpress\/wp-content\/uploads\/2016\/04\/habsburgerweg_0035.jpg?resize=150%2C100&amp;ssl=1 150w\" width=\"245\" height=\"163\" loading=\"lazy\" data-original-width=\"245\" data-original-height=\"163\" itemprop=\"http:\/\/schema.org\/image\" title=\"habsburgerweg_0035\" alt=\"habsburgerweg_0035\" style=\"width: 245px; height: 163px;\" \/> <\/a> <\/div> <\/div> <!-- close group --> <\/div> <!-- close row --> <div class=\"gallery-row\" style=\"width: 750px; height: 530px;\" data-original-width=\"750\" data-original-height=\"530\" > <div class=\"gallery-group images-2\" style=\"width: 395px; height: 530px;\" data-original-width=\"395\" data-original-height=\"530\" > <div class=\"tiled-gallery-item tiled-gallery-item-large\" itemprop=\"associatedMedia\" itemscope itemtype=\"http:\/\/schema.org\/ImageObject\"> <a href=\"https:\/\/idnu.ch\/wordpress\/habsburgerweg_0036\/\" border=\"0\" itemprop=\"url\"> <meta itemprop=\"width\" content=\"391\"> <meta itemprop=\"height\" content=\"261\"> <img decoding=\"async\" class=\"\" data-attachment-id=\"4026\" data-orig-file=\"https:\/\/idnu.ch\/wordpress\/wp-content\/uploads\/2016\/04\/habsburgerweg_0036.jpg\" data-orig-size=\"1024,683\" data-comments-opened=\"1\" data-image-meta=\"{&quot;aperture&quot;:&quot;0&quot;,&quot;credit&quot;:&quot;&quot;,&quot;camera&quot;:&quot;&quot;,&quot;caption&quot;:&quot;&quot;,&quot;created_timestamp&quot;:&quot;0&quot;,&quot;copyright&quot;:&quot;&quot;,&quot;focal_length&quot;:&quot;0&quot;,&quot;iso&quot;:&quot;0&quot;,&quot;shutter_speed&quot;:&quot;0&quot;,&quot;title&quot;:&quot;&quot;,&quot;orientation&quot;:&quot;0&quot;}\" data-image-title=\"habsburgerweg_0036\" data-image-description=\"\" data-medium-file=\"https:\/\/i0.wp.com\/idnu.ch\/wordpress\/wp-content\/uploads\/2016\/04\/habsburgerweg_0036.jpg?fit=300%2C200&#038;ssl=1\" data-large-file=\"https:\/\/i0.wp.com\/idnu.ch\/wordpress\/wp-content\/uploads\/2016\/04\/habsburgerweg_0036.jpg?fit=750%2C500&#038;ssl=1\" src=\"https:\/\/i0.wp.com\/idnu.ch\/wordpress\/wp-content\/uploads\/2016\/04\/habsburgerweg_0036.jpg?w=391&#038;h=261&#038;ssl=1\" srcset=\"https:\/\/i0.wp.com\/idnu.ch\/wordpress\/wp-content\/uploads\/2016\/04\/habsburgerweg_0036.jpg?w=1024&amp;ssl=1 1024w, https:\/\/i0.wp.com\/idnu.ch\/wordpress\/wp-content\/uploads\/2016\/04\/habsburgerweg_0036.jpg?resize=300%2C200&amp;ssl=1 300w, https:\/\/i0.wp.com\/idnu.ch\/wordpress\/wp-content\/uploads\/2016\/04\/habsburgerweg_0036.jpg?resize=768%2C512&amp;ssl=1 768w, https:\/\/i0.wp.com\/idnu.ch\/wordpress\/wp-content\/uploads\/2016\/04\/habsburgerweg_0036.jpg?resize=150%2C100&amp;ssl=1 150w\" width=\"391\" height=\"261\" loading=\"lazy\" data-original-width=\"391\" data-original-height=\"261\" itemprop=\"http:\/\/schema.org\/image\" title=\"habsburgerweg_0036\" alt=\"habsburgerweg_0036\" style=\"width: 391px; height: 261px;\" \/> <\/a> <\/div> <div class=\"tiled-gallery-item tiled-gallery-item-large\" itemprop=\"associatedMedia\" itemscope itemtype=\"http:\/\/schema.org\/ImageObject\"> <a href=\"https:\/\/idnu.ch\/wordpress\/habsburgerweg_0037\/\" border=\"0\" itemprop=\"url\"> <meta itemprop=\"width\" content=\"391\"> <meta itemprop=\"height\" content=\"261\"> <img decoding=\"async\" class=\"\" data-attachment-id=\"4027\" data-orig-file=\"https:\/\/idnu.ch\/wordpress\/wp-content\/uploads\/2016\/04\/habsburgerweg_0037.jpg\" data-orig-size=\"1024,683\" data-comments-opened=\"1\" data-image-meta=\"{&quot;aperture&quot;:&quot;0&quot;,&quot;credit&quot;:&quot;&quot;,&quot;camera&quot;:&quot;&quot;,&quot;caption&quot;:&quot;&quot;,&quot;created_timestamp&quot;:&quot;0&quot;,&quot;copyright&quot;:&quot;&quot;,&quot;focal_length&quot;:&quot;0&quot;,&quot;iso&quot;:&quot;0&quot;,&quot;shutter_speed&quot;:&quot;0&quot;,&quot;title&quot;:&quot;&quot;,&quot;orientation&quot;:&quot;0&quot;}\" data-image-title=\"habsburgerweg_0037\" data-image-description=\"\" data-medium-file=\"https:\/\/i0.wp.com\/idnu.ch\/wordpress\/wp-content\/uploads\/2016\/04\/habsburgerweg_0037.jpg?fit=300%2C200&#038;ssl=1\" data-large-file=\"https:\/\/i0.wp.com\/idnu.ch\/wordpress\/wp-content\/uploads\/2016\/04\/habsburgerweg_0037.jpg?fit=750%2C500&#038;ssl=1\" src=\"https:\/\/i0.wp.com\/idnu.ch\/wordpress\/wp-content\/uploads\/2016\/04\/habsburgerweg_0037.jpg?w=391&#038;h=261&#038;ssl=1\" srcset=\"https:\/\/i0.wp.com\/idnu.ch\/wordpress\/wp-content\/uploads\/2016\/04\/habsburgerweg_0037.jpg?w=1024&amp;ssl=1 1024w, https:\/\/i0.wp.com\/idnu.ch\/wordpress\/wp-content\/uploads\/2016\/04\/habsburgerweg_0037.jpg?resize=300%2C200&amp;ssl=1 300w, https:\/\/i0.wp.com\/idnu.ch\/wordpress\/wp-content\/uploads\/2016\/04\/habsburgerweg_0037.jpg?resize=768%2C512&amp;ssl=1 768w, https:\/\/i0.wp.com\/idnu.ch\/wordpress\/wp-content\/uploads\/2016\/04\/habsburgerweg_0037.jpg?resize=150%2C100&amp;ssl=1 150w\" width=\"391\" height=\"261\" loading=\"lazy\" data-original-width=\"391\" data-original-height=\"261\" itemprop=\"http:\/\/schema.org\/image\" title=\"habsburgerweg_0037\" alt=\"habsburgerweg_0037\" style=\"width: 391px; height: 261px;\" \/> <\/a> <\/div> <\/div> <!-- close group --> <div class=\"gallery-group images-1\" style=\"width: 355px; height: 530px;\" data-original-width=\"355\" data-original-height=\"530\" > <div class=\"tiled-gallery-item tiled-gallery-item-large\" itemprop=\"associatedMedia\" itemscope itemtype=\"http:\/\/schema.org\/ImageObject\"> <a href=\"https:\/\/idnu.ch\/wordpress\/habsburgerweg_0039\/\" border=\"0\" itemprop=\"url\"> <meta itemprop=\"width\" content=\"351\"> <meta itemprop=\"height\" content=\"526\"> <img decoding=\"async\" class=\"\" data-attachment-id=\"4028\" data-orig-file=\"https:\/\/idnu.ch\/wordpress\/wp-content\/uploads\/2016\/04\/habsburgerweg_0039.jpg\" data-orig-size=\"512,768\" data-comments-opened=\"1\" data-image-meta=\"{&quot;aperture&quot;:&quot;0&quot;,&quot;credit&quot;:&quot;&quot;,&quot;camera&quot;:&quot;&quot;,&quot;caption&quot;:&quot;&quot;,&quot;created_timestamp&quot;:&quot;0&quot;,&quot;copyright&quot;:&quot;&quot;,&quot;focal_length&quot;:&quot;0&quot;,&quot;iso&quot;:&quot;0&quot;,&quot;shutter_speed&quot;:&quot;0&quot;,&quot;title&quot;:&quot;&quot;,&quot;orientation&quot;:&quot;0&quot;}\" data-image-title=\"habsburgerweg_0039\" data-image-description=\"\" data-medium-file=\"https:\/\/i0.wp.com\/idnu.ch\/wordpress\/wp-content\/uploads\/2016\/04\/habsburgerweg_0039.jpg?fit=200%2C300&#038;ssl=1\" data-large-file=\"https:\/\/i0.wp.com\/idnu.ch\/wordpress\/wp-content\/uploads\/2016\/04\/habsburgerweg_0039.jpg?fit=512%2C768&#038;ssl=1\" src=\"https:\/\/i0.wp.com\/idnu.ch\/wordpress\/wp-content\/uploads\/2016\/04\/habsburgerweg_0039.jpg?w=351&#038;h=526&#038;ssl=1\" srcset=\"https:\/\/i0.wp.com\/idnu.ch\/wordpress\/wp-content\/uploads\/2016\/04\/habsburgerweg_0039.jpg?w=512&amp;ssl=1 512w, https:\/\/i0.wp.com\/idnu.ch\/wordpress\/wp-content\/uploads\/2016\/04\/habsburgerweg_0039.jpg?resize=200%2C300&amp;ssl=1 200w, https:\/\/i0.wp.com\/idnu.ch\/wordpress\/wp-content\/uploads\/2016\/04\/habsburgerweg_0039.jpg?resize=67%2C100&amp;ssl=1 67w\" width=\"351\" height=\"526\" loading=\"lazy\" data-original-width=\"351\" data-original-height=\"526\" itemprop=\"http:\/\/schema.org\/image\" title=\"habsburgerweg_0039\" alt=\"habsburgerweg_0039\" style=\"width: 351px; height: 526px;\" \/> <\/a> <\/div> <\/div> <!-- close group --> <\/div> <!-- close row --> <div class=\"gallery-row\" style=\"width: 750px; height: 126px;\" data-original-width=\"750\" data-original-height=\"126\" > <div class=\"gallery-group images-1\" style=\"width: 188px; height: 126px;\" data-original-width=\"188\" data-original-height=\"126\" > <div class=\"tiled-gallery-item tiled-gallery-item-small\" itemprop=\"associatedMedia\" itemscope itemtype=\"http:\/\/schema.org\/ImageObject\"> <a href=\"https:\/\/idnu.ch\/wordpress\/habsburgerweg_0041\/\" border=\"0\" itemprop=\"url\"> <meta itemprop=\"width\" content=\"184\"> <meta itemprop=\"height\" content=\"122\"> <img decoding=\"async\" class=\"\" data-attachment-id=\"4029\" data-orig-file=\"https:\/\/idnu.ch\/wordpress\/wp-content\/uploads\/2016\/04\/habsburgerweg_0041.jpg\" data-orig-size=\"1024,683\" data-comments-opened=\"1\" data-image-meta=\"{&quot;aperture&quot;:&quot;0&quot;,&quot;credit&quot;:&quot;&quot;,&quot;camera&quot;:&quot;&quot;,&quot;caption&quot;:&quot;&quot;,&quot;created_timestamp&quot;:&quot;0&quot;,&quot;copyright&quot;:&quot;&quot;,&quot;focal_length&quot;:&quot;0&quot;,&quot;iso&quot;:&quot;0&quot;,&quot;shutter_speed&quot;:&quot;0&quot;,&quot;title&quot;:&quot;&quot;,&quot;orientation&quot;:&quot;0&quot;}\" data-image-title=\"habsburgerweg_0041\" data-image-description=\"\" data-medium-file=\"https:\/\/i0.wp.com\/idnu.ch\/wordpress\/wp-content\/uploads\/2016\/04\/habsburgerweg_0041.jpg?fit=300%2C200&#038;ssl=1\" data-large-file=\"https:\/\/i0.wp.com\/idnu.ch\/wordpress\/wp-content\/uploads\/2016\/04\/habsburgerweg_0041.jpg?fit=750%2C500&#038;ssl=1\" src=\"https:\/\/i0.wp.com\/idnu.ch\/wordpress\/wp-content\/uploads\/2016\/04\/habsburgerweg_0041.jpg?w=184&#038;h=122&#038;ssl=1\" srcset=\"https:\/\/i0.wp.com\/idnu.ch\/wordpress\/wp-content\/uploads\/2016\/04\/habsburgerweg_0041.jpg?w=1024&amp;ssl=1 1024w, https:\/\/i0.wp.com\/idnu.ch\/wordpress\/wp-content\/uploads\/2016\/04\/habsburgerweg_0041.jpg?resize=300%2C200&amp;ssl=1 300w, https:\/\/i0.wp.com\/idnu.ch\/wordpress\/wp-content\/uploads\/2016\/04\/habsburgerweg_0041.jpg?resize=768%2C512&amp;ssl=1 768w, https:\/\/i0.wp.com\/idnu.ch\/wordpress\/wp-content\/uploads\/2016\/04\/habsburgerweg_0041.jpg?resize=150%2C100&amp;ssl=1 150w\" width=\"184\" height=\"122\" loading=\"lazy\" data-original-width=\"184\" data-original-height=\"122\" itemprop=\"http:\/\/schema.org\/image\" title=\"habsburgerweg_0041\" alt=\"habsburgerweg_0041\" style=\"width: 184px; height: 122px;\" \/> <\/a> <\/div> <\/div> <!-- close group --> <div class=\"gallery-group images-1\" style=\"width: 188px; height: 126px;\" data-original-width=\"188\" data-original-height=\"126\" > <div class=\"tiled-gallery-item tiled-gallery-item-small\" itemprop=\"associatedMedia\" itemscope itemtype=\"http:\/\/schema.org\/ImageObject\"> <a href=\"https:\/\/idnu.ch\/wordpress\/habsburgerweg_0042\/\" border=\"0\" itemprop=\"url\"> <meta itemprop=\"width\" content=\"184\"> <meta itemprop=\"height\" content=\"122\"> <img decoding=\"async\" class=\"\" data-attachment-id=\"4030\" data-orig-file=\"https:\/\/idnu.ch\/wordpress\/wp-content\/uploads\/2016\/04\/habsburgerweg_0042.jpg\" data-orig-size=\"1024,683\" data-comments-opened=\"1\" data-image-meta=\"{&quot;aperture&quot;:&quot;0&quot;,&quot;credit&quot;:&quot;&quot;,&quot;camera&quot;:&quot;&quot;,&quot;caption&quot;:&quot;&quot;,&quot;created_timestamp&quot;:&quot;0&quot;,&quot;copyright&quot;:&quot;&quot;,&quot;focal_length&quot;:&quot;0&quot;,&quot;iso&quot;:&quot;0&quot;,&quot;shutter_speed&quot;:&quot;0&quot;,&quot;title&quot;:&quot;&quot;,&quot;orientation&quot;:&quot;0&quot;}\" data-image-title=\"habsburgerweg_0042\" data-image-description=\"\" data-medium-file=\"https:\/\/i0.wp.com\/idnu.ch\/wordpress\/wp-content\/uploads\/2016\/04\/habsburgerweg_0042.jpg?fit=300%2C200&#038;ssl=1\" data-large-file=\"https:\/\/i0.wp.com\/idnu.ch\/wordpress\/wp-content\/uploads\/2016\/04\/habsburgerweg_0042.jpg?fit=750%2C500&#038;ssl=1\" src=\"https:\/\/i0.wp.com\/idnu.ch\/wordpress\/wp-content\/uploads\/2016\/04\/habsburgerweg_0042.jpg?w=184&#038;h=122&#038;ssl=1\" srcset=\"https:\/\/i0.wp.com\/idnu.ch\/wordpress\/wp-content\/uploads\/2016\/04\/habsburgerweg_0042.jpg?w=1024&amp;ssl=1 1024w, https:\/\/i0.wp.com\/idnu.ch\/wordpress\/wp-content\/uploads\/2016\/04\/habsburgerweg_0042.jpg?resize=300%2C200&amp;ssl=1 300w, https:\/\/i0.wp.com\/idnu.ch\/wordpress\/wp-content\/uploads\/2016\/04\/habsburgerweg_0042.jpg?resize=768%2C512&amp;ssl=1 768w, https:\/\/i0.wp.com\/idnu.ch\/wordpress\/wp-content\/uploads\/2016\/04\/habsburgerweg_0042.jpg?resize=150%2C100&amp;ssl=1 150w\" width=\"184\" height=\"122\" loading=\"lazy\" data-original-width=\"184\" data-original-height=\"122\" itemprop=\"http:\/\/schema.org\/image\" title=\"habsburgerweg_0042\" alt=\"habsburgerweg_0042\" style=\"width: 184px; height: 122px;\" \/> <\/a> <\/div> <\/div> <!-- close group --> <div class=\"gallery-group images-1\" style=\"width: 187px; height: 126px;\" data-original-width=\"187\" data-original-height=\"126\" > <div class=\"tiled-gallery-item tiled-gallery-item-small\" itemprop=\"associatedMedia\" itemscope itemtype=\"http:\/\/schema.org\/ImageObject\"> <a href=\"https:\/\/idnu.ch\/wordpress\/habsburgerweg_0044\/\" border=\"0\" itemprop=\"url\"> <meta itemprop=\"width\" content=\"183\"> <meta itemprop=\"height\" content=\"122\"> <img decoding=\"async\" class=\"\" data-attachment-id=\"4031\" data-orig-file=\"https:\/\/idnu.ch\/wordpress\/wp-content\/uploads\/2016\/04\/habsburgerweg_0044.jpg\" data-orig-size=\"1024,683\" data-comments-opened=\"1\" data-image-meta=\"{&quot;aperture&quot;:&quot;0&quot;,&quot;credit&quot;:&quot;&quot;,&quot;camera&quot;:&quot;&quot;,&quot;caption&quot;:&quot;&quot;,&quot;created_timestamp&quot;:&quot;0&quot;,&quot;copyright&quot;:&quot;&quot;,&quot;focal_length&quot;:&quot;0&quot;,&quot;iso&quot;:&quot;0&quot;,&quot;shutter_speed&quot;:&quot;0&quot;,&quot;title&quot;:&quot;&quot;,&quot;orientation&quot;:&quot;0&quot;}\" data-image-title=\"habsburgerweg_0044\" data-image-description=\"\" data-medium-file=\"https:\/\/i0.wp.com\/idnu.ch\/wordpress\/wp-content\/uploads\/2016\/04\/habsburgerweg_0044.jpg?fit=300%2C200&#038;ssl=1\" data-large-file=\"https:\/\/i0.wp.com\/idnu.ch\/wordpress\/wp-content\/uploads\/2016\/04\/habsburgerweg_0044.jpg?fit=750%2C500&#038;ssl=1\" src=\"https:\/\/i0.wp.com\/idnu.ch\/wordpress\/wp-content\/uploads\/2016\/04\/habsburgerweg_0044.jpg?w=183&#038;h=122&#038;ssl=1\" srcset=\"https:\/\/i0.wp.com\/idnu.ch\/wordpress\/wp-content\/uploads\/2016\/04\/habsburgerweg_0044.jpg?w=1024&amp;ssl=1 1024w, https:\/\/i0.wp.com\/idnu.ch\/wordpress\/wp-content\/uploads\/2016\/04\/habsburgerweg_0044.jpg?resize=300%2C200&amp;ssl=1 300w, https:\/\/i0.wp.com\/idnu.ch\/wordpress\/wp-content\/uploads\/2016\/04\/habsburgerweg_0044.jpg?resize=768%2C512&amp;ssl=1 768w, https:\/\/i0.wp.com\/idnu.ch\/wordpress\/wp-content\/uploads\/2016\/04\/habsburgerweg_0044.jpg?resize=150%2C100&amp;ssl=1 150w\" width=\"183\" height=\"122\" loading=\"lazy\" data-original-width=\"183\" data-original-height=\"122\" itemprop=\"http:\/\/schema.org\/image\" title=\"habsburgerweg_0044\" alt=\"habsburgerweg_0044\" style=\"width: 183px; height: 122px;\" \/> <\/a> <\/div> <\/div> <!-- close group --> <div class=\"gallery-group images-1\" style=\"width: 187px; height: 126px;\" data-original-width=\"187\" data-original-height=\"126\" > <div class=\"tiled-gallery-item tiled-gallery-item-small\" itemprop=\"associatedMedia\" itemscope itemtype=\"http:\/\/schema.org\/ImageObject\"> <a href=\"https:\/\/idnu.ch\/wordpress\/habsburgerweg_0046\/\" border=\"0\" itemprop=\"url\"> <meta itemprop=\"width\" content=\"183\"> <meta itemprop=\"height\" content=\"122\"> <img decoding=\"async\" class=\"\" data-attachment-id=\"4032\" data-orig-file=\"https:\/\/idnu.ch\/wordpress\/wp-content\/uploads\/2016\/04\/habsburgerweg_0046.jpg\" data-orig-size=\"1024,683\" data-comments-opened=\"1\" data-image-meta=\"{&quot;aperture&quot;:&quot;0&quot;,&quot;credit&quot;:&quot;&quot;,&quot;camera&quot;:&quot;&quot;,&quot;caption&quot;:&quot;&quot;,&quot;created_timestamp&quot;:&quot;0&quot;,&quot;copyright&quot;:&quot;&quot;,&quot;focal_length&quot;:&quot;0&quot;,&quot;iso&quot;:&quot;0&quot;,&quot;shutter_speed&quot;:&quot;0&quot;,&quot;title&quot;:&quot;&quot;,&quot;orientation&quot;:&quot;0&quot;}\" data-image-title=\"habsburgerweg_0046\" data-image-description=\"\" data-medium-file=\"https:\/\/i0.wp.com\/idnu.ch\/wordpress\/wp-content\/uploads\/2016\/04\/habsburgerweg_0046.jpg?fit=300%2C200&#038;ssl=1\" data-large-file=\"https:\/\/i0.wp.com\/idnu.ch\/wordpress\/wp-content\/uploads\/2016\/04\/habsburgerweg_0046.jpg?fit=750%2C500&#038;ssl=1\" src=\"https:\/\/i0.wp.com\/idnu.ch\/wordpress\/wp-content\/uploads\/2016\/04\/habsburgerweg_0046.jpg?w=183&#038;h=122&#038;ssl=1\" srcset=\"https:\/\/i0.wp.com\/idnu.ch\/wordpress\/wp-content\/uploads\/2016\/04\/habsburgerweg_0046.jpg?w=1024&amp;ssl=1 1024w, https:\/\/i0.wp.com\/idnu.ch\/wordpress\/wp-content\/uploads\/2016\/04\/habsburgerweg_0046.jpg?resize=300%2C200&amp;ssl=1 300w, https:\/\/i0.wp.com\/idnu.ch\/wordpress\/wp-content\/uploads\/2016\/04\/habsburgerweg_0046.jpg?resize=768%2C512&amp;ssl=1 768w, https:\/\/i0.wp.com\/idnu.ch\/wordpress\/wp-content\/uploads\/2016\/04\/habsburgerweg_0046.jpg?resize=150%2C100&amp;ssl=1 150w\" width=\"183\" height=\"122\" loading=\"lazy\" data-original-width=\"183\" data-original-height=\"122\" itemprop=\"http:\/\/schema.org\/image\" title=\"habsburgerweg_0046\" alt=\"habsburgerweg_0046\" style=\"width: 183px; height: 122px;\" \/> <\/a> <\/div> <\/div> <!-- close group --> <\/div> <!-- close row --> <\/div>\n<div style=\"clear: both; text-align: center;\"><\/div>\n<p>Das gleichnamige D\u00f6rfchen Habsburg ist wohl sehr beschaulich, wenn nicht gerade so eine Grossveranstaltung stattfindet. Der Bus nach Brugg war gerammelt voll, man trat sich auf den F\u00fcssen herum. Hier h\u00e4tte man besser einen Gelenkbus eingesetzt angesichts der Massen. Im Bahnhof Brugg platzten wir zuf\u00e4llig in die Er\u00f6ffnung von SBB Historic. Scheinbar war heute Tag der Er\u00f6ffnungen.<\/p>\n<div class=\"tiled-gallery type-rectangular tiled-gallery-unresized\" data-original-width=\"750\" data-carousel-extra='{&quot;blog_id&quot;:1,&quot;permalink&quot;:&quot;https:\\\/\\\/idnu.ch\\\/wordpress\\\/wandern-mit-den-habsburgern\\\/&quot;,&quot;likes_blog_id&quot;:100184974}' itemscope itemtype=\"http:\/\/schema.org\/ImageGallery\" > <div class=\"gallery-row\" style=\"width: 750px; height: 251px;\" data-original-width=\"750\" data-original-height=\"251\" > <div class=\"gallery-group images-1\" style=\"width: 375px; height: 251px;\" data-original-width=\"375\" data-original-height=\"251\" > <div class=\"tiled-gallery-item tiled-gallery-item-large\" itemprop=\"associatedMedia\" itemscope itemtype=\"http:\/\/schema.org\/ImageObject\"> <a href=\"https:\/\/idnu.ch\/wordpress\/habsburgerweg_0053\/\" border=\"0\" itemprop=\"url\"> <meta itemprop=\"width\" content=\"371\"> <meta itemprop=\"height\" content=\"247\"> <img decoding=\"async\" class=\"\" data-attachment-id=\"4033\" data-orig-file=\"https:\/\/idnu.ch\/wordpress\/wp-content\/uploads\/2016\/04\/habsburgerweg_0053.jpg\" data-orig-size=\"1024,683\" data-comments-opened=\"1\" data-image-meta=\"{&quot;aperture&quot;:&quot;0&quot;,&quot;credit&quot;:&quot;&quot;,&quot;camera&quot;:&quot;&quot;,&quot;caption&quot;:&quot;&quot;,&quot;created_timestamp&quot;:&quot;0&quot;,&quot;copyright&quot;:&quot;&quot;,&quot;focal_length&quot;:&quot;0&quot;,&quot;iso&quot;:&quot;0&quot;,&quot;shutter_speed&quot;:&quot;0&quot;,&quot;title&quot;:&quot;&quot;,&quot;orientation&quot;:&quot;0&quot;}\" data-image-title=\"habsburgerweg_0053\" data-image-description=\"\" data-medium-file=\"https:\/\/i0.wp.com\/idnu.ch\/wordpress\/wp-content\/uploads\/2016\/04\/habsburgerweg_0053.jpg?fit=300%2C200&#038;ssl=1\" data-large-file=\"https:\/\/i0.wp.com\/idnu.ch\/wordpress\/wp-content\/uploads\/2016\/04\/habsburgerweg_0053.jpg?fit=750%2C500&#038;ssl=1\" src=\"https:\/\/i0.wp.com\/idnu.ch\/wordpress\/wp-content\/uploads\/2016\/04\/habsburgerweg_0053.jpg?w=371&#038;h=247&#038;ssl=1\" srcset=\"https:\/\/i0.wp.com\/idnu.ch\/wordpress\/wp-content\/uploads\/2016\/04\/habsburgerweg_0053.jpg?w=1024&amp;ssl=1 1024w, https:\/\/i0.wp.com\/idnu.ch\/wordpress\/wp-content\/uploads\/2016\/04\/habsburgerweg_0053.jpg?resize=300%2C200&amp;ssl=1 300w, https:\/\/i0.wp.com\/idnu.ch\/wordpress\/wp-content\/uploads\/2016\/04\/habsburgerweg_0053.jpg?resize=768%2C512&amp;ssl=1 768w, https:\/\/i0.wp.com\/idnu.ch\/wordpress\/wp-content\/uploads\/2016\/04\/habsburgerweg_0053.jpg?resize=150%2C100&amp;ssl=1 150w\" width=\"371\" height=\"247\" loading=\"lazy\" data-original-width=\"371\" data-original-height=\"247\" itemprop=\"http:\/\/schema.org\/image\" title=\"habsburgerweg_0053\" alt=\"habsburgerweg_0053\" style=\"width: 371px; height: 247px;\" \/> <\/a> <\/div> <\/div> <!-- close group --> <div class=\"gallery-group images-1\" style=\"width: 375px; height: 251px;\" data-original-width=\"375\" data-original-height=\"251\" > <div class=\"tiled-gallery-item tiled-gallery-item-large\" itemprop=\"associatedMedia\" itemscope itemtype=\"http:\/\/schema.org\/ImageObject\"> <a href=\"https:\/\/idnu.ch\/wordpress\/habsburgerweg_0057\/\" border=\"0\" itemprop=\"url\"> <meta itemprop=\"width\" content=\"371\"> <meta itemprop=\"height\" content=\"247\"> <img decoding=\"async\" class=\"\" data-attachment-id=\"4034\" data-orig-file=\"https:\/\/idnu.ch\/wordpress\/wp-content\/uploads\/2016\/04\/habsburgerweg_0057.jpg\" data-orig-size=\"1024,683\" data-comments-opened=\"1\" data-image-meta=\"{&quot;aperture&quot;:&quot;0&quot;,&quot;credit&quot;:&quot;&quot;,&quot;camera&quot;:&quot;&quot;,&quot;caption&quot;:&quot;&quot;,&quot;created_timestamp&quot;:&quot;0&quot;,&quot;copyright&quot;:&quot;&quot;,&quot;focal_length&quot;:&quot;0&quot;,&quot;iso&quot;:&quot;0&quot;,&quot;shutter_speed&quot;:&quot;0&quot;,&quot;title&quot;:&quot;&quot;,&quot;orientation&quot;:&quot;0&quot;}\" data-image-title=\"habsburgerweg_0057\" data-image-description=\"\" data-medium-file=\"https:\/\/i0.wp.com\/idnu.ch\/wordpress\/wp-content\/uploads\/2016\/04\/habsburgerweg_0057.jpg?fit=300%2C200&#038;ssl=1\" data-large-file=\"https:\/\/i0.wp.com\/idnu.ch\/wordpress\/wp-content\/uploads\/2016\/04\/habsburgerweg_0057.jpg?fit=750%2C500&#038;ssl=1\" src=\"https:\/\/i0.wp.com\/idnu.ch\/wordpress\/wp-content\/uploads\/2016\/04\/habsburgerweg_0057.jpg?w=371&#038;h=247&#038;ssl=1\" srcset=\"https:\/\/i0.wp.com\/idnu.ch\/wordpress\/wp-content\/uploads\/2016\/04\/habsburgerweg_0057.jpg?w=1024&amp;ssl=1 1024w, https:\/\/i0.wp.com\/idnu.ch\/wordpress\/wp-content\/uploads\/2016\/04\/habsburgerweg_0057.jpg?resize=300%2C200&amp;ssl=1 300w, https:\/\/i0.wp.com\/idnu.ch\/wordpress\/wp-content\/uploads\/2016\/04\/habsburgerweg_0057.jpg?resize=768%2C512&amp;ssl=1 768w, https:\/\/i0.wp.com\/idnu.ch\/wordpress\/wp-content\/uploads\/2016\/04\/habsburgerweg_0057.jpg?resize=150%2C100&amp;ssl=1 150w\" width=\"371\" height=\"247\" loading=\"lazy\" data-original-width=\"371\" data-original-height=\"247\" itemprop=\"http:\/\/schema.org\/image\" title=\"habsburgerweg_0057\" alt=\"habsburgerweg_0057\" style=\"width: 371px; height: 247px;\" \/> <\/a> <\/div> <\/div> <!-- close group --> <\/div> <!-- close row --> <\/div>\n<div style=\"clear: both; text-align: center;\"><\/div>\n<p>Mehr Bilder auf <a href=\"https:\/\/flic.kr\/s\/aHskcnrQcS\" target=\"_blank\" rel=\"noopener\">Flickr<\/a>.<\/p>\n<h3>Fazit<\/h3>\n<div>Ich gehe mal davon aus, dass der ganze Habsburgerweg noch im Aufbau ist. Zwei winzig kleine Tafeln machen noch keinen Themenweg aus, da ist noch zu wenig Fleisch am Knochen. Die Wanderung selbst ist sch\u00f6n und auch an warmen Tagen empfehlenswert, da sie mehrheitlich im Wald verl\u00e4uft. F\u00fcr Kinder sind wohl die beiden Schl\u00f6sser das Highlight, dazwischen m\u00fcssen sie sich ihre Sensationen selber suchen. Was ja auch gut ist.<\/div>\n","protected":false},"excerpt":{"rendered":"<p>Am 31. Mai war die Er\u00f6ffnung des Habsburgerweges. Dieser neue Wanderweg f\u00fchrt \u00fcber&#8230;<\/p>\n","protected":false},"author":2,"featured_media":702,"comment_status":"open","ping_status":"open","sticky":false,"template":"","format":"standard","meta":{"_monsterinsights_skip_tracking":false,"_monsterinsights_sitenote_active":false,"_monsterinsights_sitenote_note":"","_monsterinsights_sitenote_category":0,"jetpack_post_was_ever_published":false,"_jetpack_newsletter_access":"","_jetpack_dont_email_post_to_subs":true,"_jetpack_newsletter_tier_id":0,"_jetpack_memberships_contains_paywalled_content":false,"_jetpack_memberships_contains_paid_content":false,"footnotes":"","jetpack_publicize_message":"","jetpack_publicize_feature_enabled":true,"jetpack_social_post_already_shared":false,"jetpack_social_options":{"image_generator_settings":{"template":"highway","default_image_id":0,"font":"","enabled":false},"version":2}},"categories":[133,914,5],"tags":[372,456,457,373,458,365,418],"class_list":["post-99","post","type-post","status-publish","format-standard","has-post-thumbnail","hentry","category-aargau","category-aargau-region","category-wandern","tag-familie","tag-geschichte","tag-habsburger","tag-kinder","tag-schloss","tag-wandern-mit-kindern","tag-wanderung"],"geo":{"latitude":47.42076870000000354821168002672493457794189453125,"longitude":8.170309100000000768204699852503836154937744140625,"description":"Wildegg, Kanton Aargau, 5103, CH"},"yoast_head":"<!-- This site is optimized with the Yoast SEO plugin v27.4 - https:\/\/yoast.com\/product\/yoast-seo-wordpress\/ -->\n<title>Wandern mit den Habsburgern - In der Natur unterwegs<\/title>\n<meta name=\"robots\" content=\"index, follow, max-snippet:-1, max-image-preview:large, max-video-preview:-1\" \/>\n<link rel=\"canonical\" href=\"https:\/\/idnu.ch\/wordpress\/wandern-mit-den-habsburgern\/\" \/>\n<meta property=\"og:locale\" content=\"de_DE\" \/>\n<meta property=\"og:type\" content=\"article\" \/>\n<meta property=\"og:title\" content=\"Wandern mit den Habsburgern - In der Natur unterwegs\" \/>\n<meta property=\"og:description\" content=\"Am 31. Mai war die Er\u00f6ffnung des Habsburgerweges. Dieser neue Wanderweg f\u00fchrt \u00fcber...\" \/>\n<meta property=\"og:url\" content=\"https:\/\/idnu.ch\/wordpress\/wandern-mit-den-habsburgern\/\" \/>\n<meta property=\"og:site_name\" content=\"In der Natur unterwegs\" \/>\n<meta property=\"article:published_time\" content=\"2015-06-01T10:32:00+00:00\" \/>\n<meta property=\"article:modified_time\" content=\"2023-11-09T14:34:14+00:00\" \/>\n<meta property=\"og:image\" content=\"https:\/\/idnu.ch\/wordpress\/wp-content\/uploads\/2015\/06\/habsburgerweg_0030.jpg\" \/>\n\t<meta property=\"og:image:width\" content=\"1024\" \/>\n\t<meta property=\"og:image:height\" content=\"683\" \/>\n\t<meta property=\"og:image:type\" content=\"image\/jpeg\" \/>\n<meta name=\"author\" content=\"Urs Kyburz\" \/>\n<meta name=\"twitter:card\" content=\"summary_large_image\" \/>\n<meta name=\"twitter:creator\" content=\"@idnu_ch\" \/>\n<meta name=\"twitter:site\" content=\"@idnu_ch\" \/>\n<meta name=\"twitter:label1\" content=\"Verfasst von\" \/>\n\t<meta name=\"twitter:data1\" content=\"Urs Kyburz\" \/>\n\t<meta name=\"twitter:label2\" content=\"Gesch\u00e4tzte Lesezeit\" \/>\n\t<meta name=\"twitter:data2\" content=\"6\u00a0Minuten\" \/>\n<script type=\"application\/ld+json\" class=\"yoast-schema-graph\">{\"@context\":\"https:\\\/\\\/schema.org\",\"@graph\":[{\"@type\":\"Article\",\"@id\":\"https:\\\/\\\/idnu.ch\\\/wordpress\\\/wandern-mit-den-habsburgern\\\/#article\",\"isPartOf\":{\"@id\":\"https:\\\/\\\/idnu.ch\\\/wordpress\\\/wandern-mit-den-habsburgern\\\/\"},\"author\":{\"name\":\"Urs Kyburz\",\"@id\":\"https:\\\/\\\/idnu.ch\\\/wordpress\\\/#\\\/schema\\\/person\\\/1ab8c5de743be7b019272124c19ad351\"},\"headline\":\"Wandern mit den Habsburgern\",\"datePublished\":\"2015-06-01T10:32:00+00:00\",\"dateModified\":\"2023-11-09T14:34:14+00:00\",\"mainEntityOfPage\":{\"@id\":\"https:\\\/\\\/idnu.ch\\\/wordpress\\\/wandern-mit-den-habsburgern\\\/\"},\"wordCount\":991,\"commentCount\":3,\"publisher\":{\"@id\":\"https:\\\/\\\/idnu.ch\\\/wordpress\\\/#\\\/schema\\\/person\\\/1ab8c5de743be7b019272124c19ad351\"},\"image\":{\"@id\":\"https:\\\/\\\/idnu.ch\\\/wordpress\\\/wandern-mit-den-habsburgern\\\/#primaryimage\"},\"thumbnailUrl\":\"https:\\\/\\\/i0.wp.com\\\/idnu.ch\\\/wordpress\\\/wp-content\\\/uploads\\\/2015\\\/06\\\/habsburgerweg_0030.jpg?fit=1024%2C683&ssl=1\",\"keywords\":[\"Familie\",\"Geschichte\",\"Habsburger\",\"Kinder\",\"Schloss\",\"wandern mit kindern\",\"Wanderung\"],\"articleSection\":[\"Aargau\",\"Aargau Region\",\"Wandern\"],\"inLanguage\":\"de\",\"potentialAction\":[{\"@type\":\"CommentAction\",\"name\":\"Comment\",\"target\":[\"https:\\\/\\\/idnu.ch\\\/wordpress\\\/wandern-mit-den-habsburgern\\\/#respond\"]}]},{\"@type\":\"WebPage\",\"@id\":\"https:\\\/\\\/idnu.ch\\\/wordpress\\\/wandern-mit-den-habsburgern\\\/\",\"url\":\"https:\\\/\\\/idnu.ch\\\/wordpress\\\/wandern-mit-den-habsburgern\\\/\",\"name\":\"Wandern mit den Habsburgern - In der Natur unterwegs\",\"isPartOf\":{\"@id\":\"https:\\\/\\\/idnu.ch\\\/wordpress\\\/#website\"},\"primaryImageOfPage\":{\"@id\":\"https:\\\/\\\/idnu.ch\\\/wordpress\\\/wandern-mit-den-habsburgern\\\/#primaryimage\"},\"image\":{\"@id\":\"https:\\\/\\\/idnu.ch\\\/wordpress\\\/wandern-mit-den-habsburgern\\\/#primaryimage\"},\"thumbnailUrl\":\"https:\\\/\\\/i0.wp.com\\\/idnu.ch\\\/wordpress\\\/wp-content\\\/uploads\\\/2015\\\/06\\\/habsburgerweg_0030.jpg?fit=1024%2C683&ssl=1\",\"datePublished\":\"2015-06-01T10:32:00+00:00\",\"dateModified\":\"2023-11-09T14:34:14+00:00\",\"breadcrumb\":{\"@id\":\"https:\\\/\\\/idnu.ch\\\/wordpress\\\/wandern-mit-den-habsburgern\\\/#breadcrumb\"},\"inLanguage\":\"de\",\"potentialAction\":[{\"@type\":\"ReadAction\",\"target\":[\"https:\\\/\\\/idnu.ch\\\/wordpress\\\/wandern-mit-den-habsburgern\\\/\"]}]},{\"@type\":\"ImageObject\",\"inLanguage\":\"de\",\"@id\":\"https:\\\/\\\/idnu.ch\\\/wordpress\\\/wandern-mit-den-habsburgern\\\/#primaryimage\",\"url\":\"https:\\\/\\\/i0.wp.com\\\/idnu.ch\\\/wordpress\\\/wp-content\\\/uploads\\\/2015\\\/06\\\/habsburgerweg_0030.jpg?fit=1024%2C683&ssl=1\",\"contentUrl\":\"https:\\\/\\\/i0.wp.com\\\/idnu.ch\\\/wordpress\\\/wp-content\\\/uploads\\\/2015\\\/06\\\/habsburgerweg_0030.jpg?fit=1024%2C683&ssl=1\",\"width\":1024,\"height\":683,\"caption\":\"Auf dem Weg zum Schloss Habsburg\"},{\"@type\":\"BreadcrumbList\",\"@id\":\"https:\\\/\\\/idnu.ch\\\/wordpress\\\/wandern-mit-den-habsburgern\\\/#breadcrumb\",\"itemListElement\":[{\"@type\":\"ListItem\",\"position\":1,\"name\":\"Startseite\",\"item\":\"https:\\\/\\\/idnu.ch\\\/wordpress\\\/\"},{\"@type\":\"ListItem\",\"position\":2,\"name\":\"Wandern mit den Habsburgern\"}]},{\"@type\":\"WebSite\",\"@id\":\"https:\\\/\\\/idnu.ch\\\/wordpress\\\/#website\",\"url\":\"https:\\\/\\\/idnu.ch\\\/wordpress\\\/\",\"name\":\"In der Natur unterwegs\",\"description\":\"Dort, wo es am sch\u00f6nsten ist\",\"publisher\":{\"@id\":\"https:\\\/\\\/idnu.ch\\\/wordpress\\\/#\\\/schema\\\/person\\\/1ab8c5de743be7b019272124c19ad351\"},\"potentialAction\":[{\"@type\":\"SearchAction\",\"target\":{\"@type\":\"EntryPoint\",\"urlTemplate\":\"https:\\\/\\\/idnu.ch\\\/wordpress\\\/?s={search_term_string}\"},\"query-input\":{\"@type\":\"PropertyValueSpecification\",\"valueRequired\":true,\"valueName\":\"search_term_string\"}}],\"inLanguage\":\"de\"},{\"@type\":[\"Person\",\"Organization\"],\"@id\":\"https:\\\/\\\/idnu.ch\\\/wordpress\\\/#\\\/schema\\\/person\\\/1ab8c5de743be7b019272124c19ad351\",\"name\":\"Urs Kyburz\",\"image\":{\"@type\":\"ImageObject\",\"inLanguage\":\"de\",\"@id\":\"https:\\\/\\\/i0.wp.com\\\/idnu.ch\\\/wordpress\\\/wp-content\\\/uploads\\\/2016\\\/02\\\/logo_150x165.gif?fit=3151%2C3456&ssl=1\",\"url\":\"https:\\\/\\\/i0.wp.com\\\/idnu.ch\\\/wordpress\\\/wp-content\\\/uploads\\\/2016\\\/02\\\/logo_150x165.gif?fit=3151%2C3456&ssl=1\",\"contentUrl\":\"https:\\\/\\\/i0.wp.com\\\/idnu.ch\\\/wordpress\\\/wp-content\\\/uploads\\\/2016\\\/02\\\/logo_150x165.gif?fit=3151%2C3456&ssl=1\",\"width\":3151,\"height\":3456,\"caption\":\"Urs Kyburz\"},\"logo\":{\"@id\":\"https:\\\/\\\/i0.wp.com\\\/idnu.ch\\\/wordpress\\\/wp-content\\\/uploads\\\/2016\\\/02\\\/logo_150x165.gif?fit=3151%2C3456&ssl=1\"}}]}<\/script>\n<!-- \/ Yoast SEO plugin. -->","yoast_head_json":{"title":"Wandern mit den Habsburgern - In der Natur unterwegs","robots":{"index":"index","follow":"follow","max-snippet":"max-snippet:-1","max-image-preview":"max-image-preview:large","max-video-preview":"max-video-preview:-1"},"canonical":"https:\/\/idnu.ch\/wordpress\/wandern-mit-den-habsburgern\/","og_locale":"de_DE","og_type":"article","og_title":"Wandern mit den Habsburgern - In der Natur unterwegs","og_description":"Am 31. Mai war die Er\u00f6ffnung des Habsburgerweges. Dieser neue Wanderweg f\u00fchrt \u00fcber...","og_url":"https:\/\/idnu.ch\/wordpress\/wandern-mit-den-habsburgern\/","og_site_name":"In der Natur unterwegs","article_published_time":"2015-06-01T10:32:00+00:00","article_modified_time":"2023-11-09T14:34:14+00:00","og_image":[{"width":1024,"height":683,"url":"https:\/\/idnu.ch\/wordpress\/wp-content\/uploads\/2015\/06\/habsburgerweg_0030.jpg","type":"image\/jpeg"}],"author":"Urs Kyburz","twitter_card":"summary_large_image","twitter_creator":"@idnu_ch","twitter_site":"@idnu_ch","twitter_misc":{"Verfasst von":"Urs Kyburz","Gesch\u00e4tzte Lesezeit":"6\u00a0Minuten"},"schema":{"@context":"https:\/\/schema.org","@graph":[{"@type":"Article","@id":"https:\/\/idnu.ch\/wordpress\/wandern-mit-den-habsburgern\/#article","isPartOf":{"@id":"https:\/\/idnu.ch\/wordpress\/wandern-mit-den-habsburgern\/"},"author":{"name":"Urs Kyburz","@id":"https:\/\/idnu.ch\/wordpress\/#\/schema\/person\/1ab8c5de743be7b019272124c19ad351"},"headline":"Wandern mit den Habsburgern","datePublished":"2015-06-01T10:32:00+00:00","dateModified":"2023-11-09T14:34:14+00:00","mainEntityOfPage":{"@id":"https:\/\/idnu.ch\/wordpress\/wandern-mit-den-habsburgern\/"},"wordCount":991,"commentCount":3,"publisher":{"@id":"https:\/\/idnu.ch\/wordpress\/#\/schema\/person\/1ab8c5de743be7b019272124c19ad351"},"image":{"@id":"https:\/\/idnu.ch\/wordpress\/wandern-mit-den-habsburgern\/#primaryimage"},"thumbnailUrl":"https:\/\/i0.wp.com\/idnu.ch\/wordpress\/wp-content\/uploads\/2015\/06\/habsburgerweg_0030.jpg?fit=1024%2C683&ssl=1","keywords":["Familie","Geschichte","Habsburger","Kinder","Schloss","wandern mit kindern","Wanderung"],"articleSection":["Aargau","Aargau Region","Wandern"],"inLanguage":"de","potentialAction":[{"@type":"CommentAction","name":"Comment","target":["https:\/\/idnu.ch\/wordpress\/wandern-mit-den-habsburgern\/#respond"]}]},{"@type":"WebPage","@id":"https:\/\/idnu.ch\/wordpress\/wandern-mit-den-habsburgern\/","url":"https:\/\/idnu.ch\/wordpress\/wandern-mit-den-habsburgern\/","name":"Wandern mit den Habsburgern - In der Natur unterwegs","isPartOf":{"@id":"https:\/\/idnu.ch\/wordpress\/#website"},"primaryImageOfPage":{"@id":"https:\/\/idnu.ch\/wordpress\/wandern-mit-den-habsburgern\/#primaryimage"},"image":{"@id":"https:\/\/idnu.ch\/wordpress\/wandern-mit-den-habsburgern\/#primaryimage"},"thumbnailUrl":"https:\/\/i0.wp.com\/idnu.ch\/wordpress\/wp-content\/uploads\/2015\/06\/habsburgerweg_0030.jpg?fit=1024%2C683&ssl=1","datePublished":"2015-06-01T10:32:00+00:00","dateModified":"2023-11-09T14:34:14+00:00","breadcrumb":{"@id":"https:\/\/idnu.ch\/wordpress\/wandern-mit-den-habsburgern\/#breadcrumb"},"inLanguage":"de","potentialAction":[{"@type":"ReadAction","target":["https:\/\/idnu.ch\/wordpress\/wandern-mit-den-habsburgern\/"]}]},{"@type":"ImageObject","inLanguage":"de","@id":"https:\/\/idnu.ch\/wordpress\/wandern-mit-den-habsburgern\/#primaryimage","url":"https:\/\/i0.wp.com\/idnu.ch\/wordpress\/wp-content\/uploads\/2015\/06\/habsburgerweg_0030.jpg?fit=1024%2C683&ssl=1","contentUrl":"https:\/\/i0.wp.com\/idnu.ch\/wordpress\/wp-content\/uploads\/2015\/06\/habsburgerweg_0030.jpg?fit=1024%2C683&ssl=1","width":1024,"height":683,"caption":"Auf dem Weg zum Schloss Habsburg"},{"@type":"BreadcrumbList","@id":"https:\/\/idnu.ch\/wordpress\/wandern-mit-den-habsburgern\/#breadcrumb","itemListElement":[{"@type":"ListItem","position":1,"name":"Startseite","item":"https:\/\/idnu.ch\/wordpress\/"},{"@type":"ListItem","position":2,"name":"Wandern mit den Habsburgern"}]},{"@type":"WebSite","@id":"https:\/\/idnu.ch\/wordpress\/#website","url":"https:\/\/idnu.ch\/wordpress\/","name":"In der Natur unterwegs","description":"Dort, wo es am sch\u00f6nsten ist","publisher":{"@id":"https:\/\/idnu.ch\/wordpress\/#\/schema\/person\/1ab8c5de743be7b019272124c19ad351"},"potentialAction":[{"@type":"SearchAction","target":{"@type":"EntryPoint","urlTemplate":"https:\/\/idnu.ch\/wordpress\/?s={search_term_string}"},"query-input":{"@type":"PropertyValueSpecification","valueRequired":true,"valueName":"search_term_string"}}],"inLanguage":"de"},{"@type":["Person","Organization"],"@id":"https:\/\/idnu.ch\/wordpress\/#\/schema\/person\/1ab8c5de743be7b019272124c19ad351","name":"Urs Kyburz","image":{"@type":"ImageObject","inLanguage":"de","@id":"https:\/\/i0.wp.com\/idnu.ch\/wordpress\/wp-content\/uploads\/2016\/02\/logo_150x165.gif?fit=3151%2C3456&ssl=1","url":"https:\/\/i0.wp.com\/idnu.ch\/wordpress\/wp-content\/uploads\/2016\/02\/logo_150x165.gif?fit=3151%2C3456&ssl=1","contentUrl":"https:\/\/i0.wp.com\/idnu.ch\/wordpress\/wp-content\/uploads\/2016\/02\/logo_150x165.gif?fit=3151%2C3456&ssl=1","width":3151,"height":3456,"caption":"Urs Kyburz"},"logo":{"@id":"https:\/\/i0.wp.com\/idnu.ch\/wordpress\/wp-content\/uploads\/2016\/02\/logo_150x165.gif?fit=3151%2C3456&ssl=1"}}]}},"jetpack_publicize_connections":[],"jetpack_featured_media_url":"https:\/\/i0.wp.com\/idnu.ch\/wordpress\/wp-content\/uploads\/2015\/06\/habsburgerweg_0030.jpg?fit=1024%2C683&ssl=1","jetpack_sharing_enabled":true,"jetpack_shortlink":"https:\/\/wp.me\/p6MmGG-1B","jetpack-related-posts":[{"id":7486,"url":"https:\/\/idnu.ch\/wordpress\/die-aargauer-schloessertour\/","url_meta":{"origin":99,"position":0},"title":"Die Aargauer Schl\u00f6sserwanderung","author":"Urs Kyburz","date":"24. April 2017","format":false,"excerpt":"Die schon fast traditionelle Fr\u00fchlingswanderung des SAC Homberg fand im Aaretal auf dem Habsburgerweg statt. Die Wanderung zeigte uns auf, wie viele Schl\u00f6sser es im Aargau gibt. Der Weg ist ein Teil des Aargauer Weges, dessen erste Etappe ich nur eine Woche vorher gewandert bin. Vom Schloss Wildegg \u00fcber den\u2026","rel":"","context":"In &quot;Aargau&quot;","block_context":{"text":"Aargau","link":"https:\/\/idnu.ch\/wordpress\/category\/kanton\/aargau\/"},"img":{"alt_text":"Entspannt wandern auf dem Habsburgerweg","src":"https:\/\/i0.wp.com\/idnu.ch\/wordpress\/wp-content\/uploads\/2017\/04\/habsburgerweg-22.jpg?fit=1200%2C800&ssl=1&resize=350%2C200","width":350,"height":200,"srcset":"https:\/\/i0.wp.com\/idnu.ch\/wordpress\/wp-content\/uploads\/2017\/04\/habsburgerweg-22.jpg?fit=1200%2C800&ssl=1&resize=350%2C200 1x, https:\/\/i0.wp.com\/idnu.ch\/wordpress\/wp-content\/uploads\/2017\/04\/habsburgerweg-22.jpg?fit=1200%2C800&ssl=1&resize=525%2C300 1.5x, https:\/\/i0.wp.com\/idnu.ch\/wordpress\/wp-content\/uploads\/2017\/04\/habsburgerweg-22.jpg?fit=1200%2C800&ssl=1&resize=700%2C400 2x, https:\/\/i0.wp.com\/idnu.ch\/wordpress\/wp-content\/uploads\/2017\/04\/habsburgerweg-22.jpg?fit=1200%2C800&ssl=1&resize=1050%2C600 3x"},"classes":[]},{"id":17824,"url":"https:\/\/idnu.ch\/wordpress\/die-aargauer-schloessertour-2\/","url_meta":{"origin":99,"position":1},"title":"Die Aargauer Schl\u00f6ssertour","author":"Urs Kyburz","date":"13. M\u00e4rz 2021","format":false,"excerpt":"B\u00f6se Zungen behaupten, im Aargau gebe es nur Autobahnen und AKWs. Selbstverst\u00e4ndlich ist das eine glatte L\u00fcge, es gibt auch viele Schl\u00f6sser. Neun davon versuchte ich auf der Aargauer Schl\u00f6ssertour abzufahren. Das Sch\u00f6ne an dieser Tour: Ich kann vor der Haust\u00fcre starten. Das heisst aber auch, zuerst mal \u00fcber den\u2026","rel":"","context":"In &quot;Aargau&quot;","block_context":{"text":"Aargau","link":"https:\/\/idnu.ch\/wordpress\/category\/kanton\/aargau\/"},"img":{"alt_text":"Schloss Hallwyl","src":"https:\/\/i0.wp.com\/idnu.ch\/wordpress\/wp-content\/uploads\/2021\/03\/aargauer_schloessertour-20210308-41.jpg?fit=1200%2C800&ssl=1&resize=350%2C200","width":350,"height":200,"srcset":"https:\/\/i0.wp.com\/idnu.ch\/wordpress\/wp-content\/uploads\/2021\/03\/aargauer_schloessertour-20210308-41.jpg?fit=1200%2C800&ssl=1&resize=350%2C200 1x, https:\/\/i0.wp.com\/idnu.ch\/wordpress\/wp-content\/uploads\/2021\/03\/aargauer_schloessertour-20210308-41.jpg?fit=1200%2C800&ssl=1&resize=525%2C300 1.5x, https:\/\/i0.wp.com\/idnu.ch\/wordpress\/wp-content\/uploads\/2021\/03\/aargauer_schloessertour-20210308-41.jpg?fit=1200%2C800&ssl=1&resize=700%2C400 2x, https:\/\/i0.wp.com\/idnu.ch\/wordpress\/wp-content\/uploads\/2021\/03\/aargauer_schloessertour-20210308-41.jpg?fit=1200%2C800&ssl=1&resize=1050%2C600 3x"},"classes":[]},{"id":180,"url":"https:\/\/idnu.ch\/wordpress\/fruehlingswanderung-kurz-vor-weihnachten\/","url_meta":{"origin":99,"position":2},"title":"Fr\u00fchlingswanderung kurz vor Weihnachten","author":"Urs Kyburz","date":"23. Dezember 2013","format":false,"excerpt":"Eigentlich wollten wir eine Winterwanderung machen. Aber auch nur, weil es zu wenig Schnee hat. Und dann waren wir im Fr\u00fchling unterwegs! Wenn das so weiter geht, spriessen schon bald die Krokusse. Ach ja, wir wanderten von der Staffelegg nach Brugg quer durch den Jurapark. Jedenfalls beinahe. Unsere Wanderung startete\u2026","rel":"","context":"In &quot;Aargau&quot;","block_context":{"text":"Aargau","link":"https:\/\/idnu.ch\/wordpress\/category\/kanton\/aargau\/"},"img":{"alt_text":"Aussicht aufs Aaretal","src":"https:\/\/i0.wp.com\/idnu.ch\/wordpress\/wp-content\/uploads\/2013\/12\/IMG_6156.jpg?fit=900%2C600&ssl=1&resize=350%2C200","width":350,"height":200,"srcset":"https:\/\/i0.wp.com\/idnu.ch\/wordpress\/wp-content\/uploads\/2013\/12\/IMG_6156.jpg?fit=900%2C600&ssl=1&resize=350%2C200 1x, https:\/\/i0.wp.com\/idnu.ch\/wordpress\/wp-content\/uploads\/2013\/12\/IMG_6156.jpg?fit=900%2C600&ssl=1&resize=525%2C300 1.5x, https:\/\/i0.wp.com\/idnu.ch\/wordpress\/wp-content\/uploads\/2013\/12\/IMG_6156.jpg?fit=900%2C600&ssl=1&resize=700%2C400 2x"},"classes":[]},{"id":12056,"url":"https:\/\/idnu.ch\/wordpress\/13-fruehlingswanderungen-im-mittelland-und-jura\/","url_meta":{"origin":99,"position":3},"title":"13 Fr\u00fchlingswanderungen im Mittelland und Jura","author":"Urs Kyburz","date":"9. M\u00e4rz 2019","format":false,"excerpt":"Fr\u00fchling, da zieht es die meisten wieder nach draussen. Erleben, wie die Natur erwacht. Da juckt es einen in den Beinen und m\u00f6chte eine Wanderung unternehmen. In der H\u00f6he liegt aber immer noch Schnee. Wo also wandern? Ich habe f\u00fcr euch 13 Wanderungen herausgesucht, die jetzt schon machbar sind im\u2026","rel":"","context":"In &quot;Wandern&quot;","block_context":{"text":"Wandern","link":"https:\/\/idnu.ch\/wordpress\/category\/wandern\/"},"img":{"alt_text":"Bei Erlenbach","src":"https:\/\/i0.wp.com\/idnu.ch\/wordpress\/wp-content\/uploads\/2018\/04\/drumlin_sac-20180429-129.jpg?fit=1200%2C800&ssl=1&resize=350%2C200","width":350,"height":200,"srcset":"https:\/\/i0.wp.com\/idnu.ch\/wordpress\/wp-content\/uploads\/2018\/04\/drumlin_sac-20180429-129.jpg?fit=1200%2C800&ssl=1&resize=350%2C200 1x, https:\/\/i0.wp.com\/idnu.ch\/wordpress\/wp-content\/uploads\/2018\/04\/drumlin_sac-20180429-129.jpg?fit=1200%2C800&ssl=1&resize=525%2C300 1.5x, https:\/\/i0.wp.com\/idnu.ch\/wordpress\/wp-content\/uploads\/2018\/04\/drumlin_sac-20180429-129.jpg?fit=1200%2C800&ssl=1&resize=700%2C400 2x, https:\/\/i0.wp.com\/idnu.ch\/wordpress\/wp-content\/uploads\/2018\/04\/drumlin_sac-20180429-129.jpg?fit=1200%2C800&ssl=1&resize=1050%2C600 3x"},"classes":[]},{"id":15963,"url":"https:\/\/idnu.ch\/wordpress\/bikerunde-im-aargauer-jurapark\/","url_meta":{"origin":99,"position":4},"title":"Bikerunde im Aargauer Jurapark","author":"Urs Kyburz","date":"29. Juni 2020","format":false,"excerpt":"Abwechslungsreich war sie gewiss, die Biketour des SAC Homberg, sowohl von der Landschaft her wie vom Wetter. Die Bikerunde im Aargauer Jurapark zeigte uns einmal mehr die Vielseitigkeit dieses untersch\u00e4tzten Kantons. Ich hatte von einem Kollegen die Tourenleitung \u00fcbernommen f\u00fcr eine Biketour im Schwarzwald, da er sie nicht durchf\u00fchren konnte.\u2026","rel":"","context":"In &quot;Aargau&quot;","block_context":{"text":"Aargau","link":"https:\/\/idnu.ch\/wordpress\/category\/kanton\/aargau\/"},"img":{"alt_text":"","src":"https:\/\/i0.wp.com\/idnu.ch\/wordpress\/wp-content\/uploads\/2020\/06\/biketour_jurapark-20200627-12.jpg?fit=1200%2C800&ssl=1&resize=350%2C200","width":350,"height":200,"srcset":"https:\/\/i0.wp.com\/idnu.ch\/wordpress\/wp-content\/uploads\/2020\/06\/biketour_jurapark-20200627-12.jpg?fit=1200%2C800&ssl=1&resize=350%2C200 1x, https:\/\/i0.wp.com\/idnu.ch\/wordpress\/wp-content\/uploads\/2020\/06\/biketour_jurapark-20200627-12.jpg?fit=1200%2C800&ssl=1&resize=525%2C300 1.5x, https:\/\/i0.wp.com\/idnu.ch\/wordpress\/wp-content\/uploads\/2020\/06\/biketour_jurapark-20200627-12.jpg?fit=1200%2C800&ssl=1&resize=700%2C400 2x, https:\/\/i0.wp.com\/idnu.ch\/wordpress\/wp-content\/uploads\/2020\/06\/biketour_jurapark-20200627-12.jpg?fit=1200%2C800&ssl=1&resize=1050%2C600 3x"},"classes":[]},{"id":28556,"url":"https:\/\/idnu.ch\/wordpress\/baerzeliwanderung-statt-skitour\/","url_meta":{"origin":99,"position":5},"title":"B\u00e4rzeliwanderung statt -skitour","author":"Urs Kyburz","date":"4. Januar 2026","format":false,"excerpt":"Eigentlich w\u00e4re ja wie jedes Jahr die B\u00e4rzeliskitour angesagt beim SAC Homberg, aber die Schneelage war so lamentabel, dass sich der Tourenleiter f\u00fcr eine Wanderung auf dem Albis entschied. Die meisten der Interessierten verzichteten dann (verst\u00e4ndlicherweise) darauf, ein kleines Gr\u00fcppchen, tout en famille, machte sich dennoch auf nach Hausen am\u2026","rel":"","context":"In &quot;Wandern&quot;","block_context":{"text":"Wandern","link":"https:\/\/idnu.ch\/wordpress\/category\/wandern\/"},"img":{"alt_text":"","src":"https:\/\/i0.wp.com\/idnu.ch\/wordpress\/wp-content\/uploads\/2026\/01\/albiswanderung-20260102-16.jpg?fit=1200%2C800&ssl=1&resize=350%2C200","width":350,"height":200,"srcset":"https:\/\/i0.wp.com\/idnu.ch\/wordpress\/wp-content\/uploads\/2026\/01\/albiswanderung-20260102-16.jpg?fit=1200%2C800&ssl=1&resize=350%2C200 1x, https:\/\/i0.wp.com\/idnu.ch\/wordpress\/wp-content\/uploads\/2026\/01\/albiswanderung-20260102-16.jpg?fit=1200%2C800&ssl=1&resize=525%2C300 1.5x, https:\/\/i0.wp.com\/idnu.ch\/wordpress\/wp-content\/uploads\/2026\/01\/albiswanderung-20260102-16.jpg?fit=1200%2C800&ssl=1&resize=700%2C400 2x, https:\/\/i0.wp.com\/idnu.ch\/wordpress\/wp-content\/uploads\/2026\/01\/albiswanderung-20260102-16.jpg?fit=1200%2C800&ssl=1&resize=1050%2C600 3x"},"classes":[]}],"jetpack_likes_enabled":true,"_links":{"self":[{"href":"https:\/\/idnu.ch\/wordpress\/wp-json\/wp\/v2\/posts\/99","targetHints":{"allow":["GET"]}}],"collection":[{"href":"https:\/\/idnu.ch\/wordpress\/wp-json\/wp\/v2\/posts"}],"about":[{"href":"https:\/\/idnu.ch\/wordpress\/wp-json\/wp\/v2\/types\/post"}],"author":[{"embeddable":true,"href":"https:\/\/idnu.ch\/wordpress\/wp-json\/wp\/v2\/users\/2"}],"replies":[{"embeddable":true,"href":"https:\/\/idnu.ch\/wordpress\/wp-json\/wp\/v2\/comments?post=99"}],"version-history":[{"count":6,"href":"https:\/\/idnu.ch\/wordpress\/wp-json\/wp\/v2\/posts\/99\/revisions"}],"predecessor-version":[{"id":24544,"href":"https:\/\/idnu.ch\/wordpress\/wp-json\/wp\/v2\/posts\/99\/revisions\/24544"}],"wp:featuredmedia":[{"embeddable":true,"href":"https:\/\/idnu.ch\/wordpress\/wp-json\/wp\/v2\/media\/702"}],"wp:attachment":[{"href":"https:\/\/idnu.ch\/wordpress\/wp-json\/wp\/v2\/media?parent=99"}],"wp:term":[{"taxonomy":"category","embeddable":true,"href":"https:\/\/idnu.ch\/wordpress\/wp-json\/wp\/v2\/categories?post=99"},{"taxonomy":"post_tag","embeddable":true,"href":"https:\/\/idnu.ch\/wordpress\/wp-json\/wp\/v2\/tags?post=99"}],"curies":[{"name":"wp","href":"https:\/\/api.w.org\/{rel}","templated":true}]}}